{"id":35887,"date":"2019-02-14T16:02:14","date_gmt":"2019-02-14T19:02:14","guid":{"rendered":"http:\/\/www.arquimaster.com.ar\/web\/?p=35887"},"modified":"2020-06-05T19:33:09","modified_gmt":"2020-06-05T22:33:09","slug":"departamento-vertice-arco-arquitectura-contemporanea","status":"publish","type":"post","link":"https:\/\/www.arquimaster.com.ar\/web\/departamento-vertice-arco-arquitectura-contemporanea\/","title":{"rendered":"Departamento V\u00e9rtice \/ ARCO Arquitectura Contempor\u00e1nea"},"content":{"rendered":"<div style=\"margin-top: 0px; margin-bottom: 0px;\" class=\"sharethis-inline-share-buttons\" ><\/div><div class=\"b812932af2e751442846f039925109de\" data-index=\"1\" style=\"float: none; margin:25px 0 25px 0; text-align:center;\">\n<script async src=\"https:\/\/pagead2.googlesyndication.com\/pagead\/js\/adsbygoogle.js\"><\/script>\r\n<!-- Arquimaster (superior) -->\r\n<ins class=\"adsbygoogle\"\r\n     style=\"display:block\"\r\n     data-ad-client=\"ca-pub-6351072698456832\"\r\n     data-ad-slot=\"6455489680\"\r\n     data-ad-format=\"auto\"\r\n     data-full-width-responsive=\"true\"><\/ins>\r\n<script>\r\n     (adsbygoogle = window.adsbygoogle || []).push({});\r\n<\/script>\n<\/div>\n<p><strong>Departamento V\u00e9rtice<\/strong> (Lomas Country Club, Huixquilucan, Estado de M\u00e9xico) por <strong>ARCO Arquitectura Contempor\u00e1nea<\/strong>. Para este proyecto el equipo de ARCO Arquitectura Contempor\u00e1nea se enfoc\u00f3 en dise\u00f1ar el ambiente ideal para que una persona que utiliza silla de ruedas se sienta en casa y disfrute por completo todo el espacio. Las reglas b\u00e1sicas del dise\u00f1o universal dieron respuesta a todas las necesidades dando como resultado un hogar que incluye a todos sus habitantes.<\/p>\n<p>Todos los espacios son amplios para que cualquier desplazamiento sea muy c\u00f3modo. Las puertas son amplias y se evit\u00f3 el uso de escalones en todos los cuartos. Se puso mucha atenci\u00f3n a la iluminaci\u00f3n en varios niveles y que el dise\u00f1o del mobiliario incluyera todo lo necesario para resolver con una imagen arm\u00f3nica y muy agradable.<\/p>\n<div id='gallery-1' class='gallery galleryid-35887 gallery-columns-3 gallery-size-thumbnail'><figure class='gallery-item'>\n\t\t\t<div class='gallery-icon landscape'>\n\t\t\t\t<a href='https:\/\/www.arquimaster.com.ar\/web\/wp-content\/uploads\/2019\/02\/departamento_vertice1.jpg' title=\"Departamento V\u00e9rtice \/ ARCO Arquitectura Contempor\u00e1nea (\u00a9 Jaime Navarro)\" data-rl_title=\"Departamento V\u00e9rtice \/ ARCO Arquitectura Contempor\u00e1nea (\u00a9 Jaime Navarro)\" class=\"rl-gallery-link\" data-rl_caption=\"Departamento V\u00e9rtice \/ ARCO Arquitectura Contempor\u00e1nea (\u00a9 Jaime Navarro)\" data-rel=\"lightbox-gallery-1\"><img loading=\"lazy\" decoding=\"async\" width=\"150\" height=\"150\" src=\"https:\/\/www.arquimaster.com.ar\/web\/wp-content\/uploads\/2019\/02\/departamento_vertice1-150x150.jpg\" class=\"attachment-thumbnail size-thumbnail\" alt=\"\" aria-describedby=\"gallery-1-35889\" srcset=\"https:\/\/www.arquimaster.com.ar\/web\/wp-content\/uploads\/2019\/02\/departamento_vertice1-150x150.jpg 150w, https:\/\/www.arquimaster.com.ar\/web\/wp-content\/uploads\/2019\/02\/departamento_vertice1-50x50.jpg 50w, https:\/\/www.arquimaster.com.ar\/web\/wp-content\/uploads\/2019\/02\/departamento_vertice1-125x125.jpg 125w\" sizes=\"auto, (max-width: 150px) 100vw, 150px\" \/><\/a>\n\t\t\t<\/div>\n\t\t\t\t<figcaption class='wp-caption-text gallery-caption' id='gallery-1-35889'>\n\t\t\t\tDepartamento V\u00e9rtice \/ ARCO Arquitectura Contempor\u00e1nea (\u00a9 Jaime Navarro)\n\t\t\t\t<\/figcaption><\/figure><figure class='gallery-item'>\n\t\t\t<div class='gallery-icon landscape'>\n\t\t\t\t<a href='https:\/\/www.arquimaster.com.ar\/web\/wp-content\/uploads\/2019\/02\/departamento_vertice2.jpg' title=\"Departamento V\u00e9rtice \/ ARCO Arquitectura Contempor\u00e1nea (\u00a9 Jaime Navarro)\" data-rl_title=\"Departamento V\u00e9rtice \/ ARCO Arquitectura Contempor\u00e1nea (\u00a9 Jaime Navarro)\" class=\"rl-gallery-link\" data-rl_caption=\"Departamento V\u00e9rtice \/ ARCO Arquitectura Contempor\u00e1nea (\u00a9 Jaime Navarro)\" data-rel=\"lightbox-gallery-1\"><img loading=\"lazy\" decoding=\"async\" width=\"150\" height=\"150\" src=\"https:\/\/www.arquimaster.com.ar\/web\/wp-content\/uploads\/2019\/02\/departamento_vertice2-150x150.jpg\" class=\"attachment-thumbnail size-thumbnail\" alt=\"\" aria-describedby=\"gallery-1-35890\" srcset=\"https:\/\/www.arquimaster.com.ar\/web\/wp-content\/uploads\/2019\/02\/departamento_vertice2-150x150.jpg 150w, https:\/\/www.arquimaster.com.ar\/web\/wp-content\/uploads\/2019\/02\/departamento_vertice2-50x50.jpg 50w, https:\/\/www.arquimaster.com.ar\/web\/wp-content\/uploads\/2019\/02\/departamento_vertice2-125x125.jpg 125w\" sizes=\"auto, (max-width: 150px) 100vw, 150px\" \/><\/a>\n\t\t\t<\/div>\n\t\t\t\t<figcaption class='wp-caption-text gallery-caption' id='gallery-1-35890'>\n\t\t\t\tDepartamento V\u00e9rtice \/ ARCO Arquitectura Contempor\u00e1nea (\u00a9 Jaime Navarro)\n\t\t\t\t<\/figcaption><\/figure><figure class='gallery-item'>\n\t\t\t<div class='gallery-icon landscape'>\n\t\t\t\t<a href='https:\/\/www.arquimaster.com.ar\/web\/wp-content\/uploads\/2019\/02\/departamento_vertice3.jpg' title=\"Departamento V\u00e9rtice \/ ARCO Arquitectura Contempor\u00e1nea (\u00a9 Jaime Navarro)\" data-rl_title=\"Departamento V\u00e9rtice \/ ARCO Arquitectura Contempor\u00e1nea (\u00a9 Jaime Navarro)\" class=\"rl-gallery-link\" data-rl_caption=\"Departamento V\u00e9rtice \/ ARCO Arquitectura Contempor\u00e1nea (\u00a9 Jaime Navarro)\" data-rel=\"lightbox-gallery-1\"><img loading=\"lazy\" decoding=\"async\" width=\"150\" height=\"150\" src=\"https:\/\/www.arquimaster.com.ar\/web\/wp-content\/uploads\/2019\/02\/departamento_vertice3-150x150.jpg\" class=\"attachment-thumbnail size-thumbnail\" alt=\"\" aria-describedby=\"gallery-1-35891\" srcset=\"https:\/\/www.arquimaster.com.ar\/web\/wp-content\/uploads\/2019\/02\/departamento_vertice3-150x150.jpg 150w, https:\/\/www.arquimaster.com.ar\/web\/wp-content\/uploads\/2019\/02\/departamento_vertice3-50x50.jpg 50w, https:\/\/www.arquimaster.com.ar\/web\/wp-content\/uploads\/2019\/02\/departamento_vertice3-125x125.jpg 125w\" sizes=\"auto, (max-width: 150px) 100vw, 150px\" \/><\/a>\n\t\t\t<\/div>\n\t\t\t\t<figcaption class='wp-caption-text gallery-caption' id='gallery-1-35891'>\n\t\t\t\tDepartamento V\u00e9rtice \/ ARCO Arquitectura Contempor\u00e1nea (\u00a9 Jaime Navarro)\n\t\t\t\t<\/figcaption><\/figure><figure class='gallery-item'>\n\t\t\t<div class='gallery-icon landscape'>\n\t\t\t\t<a href='https:\/\/www.arquimaster.com.ar\/web\/wp-content\/uploads\/2019\/02\/departamento_vertice4.jpg' title=\"Departamento V\u00e9rtice \/ ARCO Arquitectura Contempor\u00e1nea (\u00a9 Jaime Navarro)\" data-rl_title=\"Departamento V\u00e9rtice \/ ARCO Arquitectura Contempor\u00e1nea (\u00a9 Jaime Navarro)\" class=\"rl-gallery-link\" data-rl_caption=\"Departamento V\u00e9rtice \/ ARCO Arquitectura Contempor\u00e1nea (\u00a9 Jaime Navarro)\" data-rel=\"lightbox-gallery-1\"><img loading=\"lazy\" decoding=\"async\" width=\"150\" height=\"150\" src=\"https:\/\/www.arquimaster.com.ar\/web\/wp-content\/uploads\/2019\/02\/departamento_vertice4-150x150.jpg\" class=\"attachment-thumbnail size-thumbnail\" alt=\"\" aria-describedby=\"gallery-1-35892\" srcset=\"https:\/\/www.arquimaster.com.ar\/web\/wp-content\/uploads\/2019\/02\/departamento_vertice4-150x150.jpg 150w, https:\/\/www.arquimaster.com.ar\/web\/wp-content\/uploads\/2019\/02\/departamento_vertice4-50x50.jpg 50w, https:\/\/www.arquimaster.com.ar\/web\/wp-content\/uploads\/2019\/02\/departamento_vertice4-125x125.jpg 125w\" sizes=\"auto, (max-width: 150px) 100vw, 150px\" \/><\/a>\n\t\t\t<\/div>\n\t\t\t\t<figcaption class='wp-caption-text gallery-caption' id='gallery-1-35892'>\n\t\t\t\tDepartamento V\u00e9rtice \/ ARCO Arquitectura Contempor\u00e1nea (\u00a9 Jaime Navarro)\n\t\t\t\t<\/figcaption><\/figure><figure class='gallery-item'>\n\t\t\t<div class='gallery-icon landscape'>\n\t\t\t\t<a href='https:\/\/www.arquimaster.com.ar\/web\/wp-content\/uploads\/2019\/02\/departamento_vertice5.jpg' title=\"Departamento V\u00e9rtice \/ ARCO Arquitectura Contempor\u00e1nea (\u00a9 Jaime Navarro)\" data-rl_title=\"Departamento V\u00e9rtice \/ ARCO Arquitectura Contempor\u00e1nea (\u00a9 Jaime Navarro)\" class=\"rl-gallery-link\" data-rl_caption=\"Departamento V\u00e9rtice \/ ARCO Arquitectura Contempor\u00e1nea (\u00a9 Jaime Navarro)\" data-rel=\"lightbox-gallery-1\"><img loading=\"lazy\" decoding=\"async\" width=\"150\" height=\"150\" src=\"https:\/\/www.arquimaster.com.ar\/web\/wp-content\/uploads\/2019\/02\/departamento_vertice5-150x150.jpg\" class=\"attachment-thumbnail size-thumbnail\" alt=\"\" aria-describedby=\"gallery-1-35893\" srcset=\"https:\/\/www.arquimaster.com.ar\/web\/wp-content\/uploads\/2019\/02\/departamento_vertice5-150x150.jpg 150w, https:\/\/www.arquimaster.com.ar\/web\/wp-content\/uploads\/2019\/02\/departamento_vertice5-50x50.jpg 50w, https:\/\/www.arquimaster.com.ar\/web\/wp-content\/uploads\/2019\/02\/departamento_vertice5-125x125.jpg 125w\" sizes=\"auto, (max-width: 150px) 100vw, 150px\" \/><\/a>\n\t\t\t<\/div>\n\t\t\t\t<figcaption class='wp-caption-text gallery-caption' id='gallery-1-35893'>\n\t\t\t\tDepartamento V\u00e9rtice \/ ARCO Arquitectura Contempor\u00e1nea (\u00a9 Jaime Navarro)\n\t\t\t\t<\/figcaption><\/figure><figure class='gallery-item'>\n\t\t\t<div class='gallery-icon landscape'>\n\t\t\t\t<a href='https:\/\/www.arquimaster.com.ar\/web\/wp-content\/uploads\/2019\/02\/departamento_vertice6.jpg' title=\"Departamento V\u00e9rtice \/ ARCO Arquitectura Contempor\u00e1nea (\u00a9 Jaime Navarro)\" data-rl_title=\"Departamento V\u00e9rtice \/ ARCO Arquitectura Contempor\u00e1nea (\u00a9 Jaime Navarro)\" class=\"rl-gallery-link\" data-rl_caption=\"Departamento V\u00e9rtice \/ ARCO Arquitectura Contempor\u00e1nea (\u00a9 Jaime Navarro)\" data-rel=\"lightbox-gallery-1\"><img loading=\"lazy\" decoding=\"async\" width=\"150\" height=\"150\" src=\"https:\/\/www.arquimaster.com.ar\/web\/wp-content\/uploads\/2019\/02\/departamento_vertice6-150x150.jpg\" class=\"attachment-thumbnail size-thumbnail\" alt=\"\" aria-describedby=\"gallery-1-35894\" srcset=\"https:\/\/www.arquimaster.com.ar\/web\/wp-content\/uploads\/2019\/02\/departamento_vertice6-150x150.jpg 150w, https:\/\/www.arquimaster.com.ar\/web\/wp-content\/uploads\/2019\/02\/departamento_vertice6-50x50.jpg 50w, https:\/\/www.arquimaster.com.ar\/web\/wp-content\/uploads\/2019\/02\/departamento_vertice6-125x125.jpg 125w\" sizes=\"auto, (max-width: 150px) 100vw, 150px\" \/><\/a>\n\t\t\t<\/div>\n\t\t\t\t<figcaption class='wp-caption-text gallery-caption' id='gallery-1-35894'>\n\t\t\t\tDepartamento V\u00e9rtice \/ ARCO Arquitectura Contempor\u00e1nea (\u00a9 Jaime Navarro)\n\t\t\t\t<\/figcaption><\/figure><figure class='gallery-item'>\n\t\t\t<div class='gallery-icon portrait'>\n\t\t\t\t<a href='https:\/\/www.arquimaster.com.ar\/web\/wp-content\/uploads\/2019\/02\/departamento_vertice7.jpg' title=\"Departamento V\u00e9rtice \/ ARCO Arquitectura Contempor\u00e1nea (\u00a9 Jaime Navarro)\" data-rl_title=\"Departamento V\u00e9rtice \/ ARCO Arquitectura Contempor\u00e1nea (\u00a9 Jaime Navarro)\" class=\"rl-gallery-link\" data-rl_caption=\"Departamento V\u00e9rtice \/ ARCO Arquitectura Contempor\u00e1nea (\u00a9 Jaime Navarro)\" data-rel=\"lightbox-gallery-1\"><img loading=\"lazy\" decoding=\"async\" width=\"150\" height=\"150\" src=\"https:\/\/www.arquimaster.com.ar\/web\/wp-content\/uploads\/2019\/02\/departamento_vertice7-150x150.jpg\" class=\"attachment-thumbnail size-thumbnail\" alt=\"\" aria-describedby=\"gallery-1-35895\" srcset=\"https:\/\/www.arquimaster.com.ar\/web\/wp-content\/uploads\/2019\/02\/departamento_vertice7-150x150.jpg 150w, https:\/\/www.arquimaster.com.ar\/web\/wp-content\/uploads\/2019\/02\/departamento_vertice7-50x50.jpg 50w, https:\/\/www.arquimaster.com.ar\/web\/wp-content\/uploads\/2019\/02\/departamento_vertice7-125x125.jpg 125w\" sizes=\"auto, (max-width: 150px) 100vw, 150px\" \/><\/a>\n\t\t\t<\/div>\n\t\t\t\t<figcaption class='wp-caption-text gallery-caption' id='gallery-1-35895'>\n\t\t\t\tDepartamento V\u00e9rtice \/ ARCO Arquitectura Contempor\u00e1nea (\u00a9 Jaime Navarro)\n\t\t\t\t<\/figcaption><\/figure><figure class='gallery-item'>\n\t\t\t<div class='gallery-icon landscape'>\n\t\t\t\t<a href='https:\/\/www.arquimaster.com.ar\/web\/wp-content\/uploads\/2019\/02\/departamento_vertice8.jpg' title=\"Departamento V\u00e9rtice \/ ARCO Arquitectura Contempor\u00e1nea (\u00a9 Jaime Navarro)\" data-rl_title=\"Departamento V\u00e9rtice \/ ARCO Arquitectura Contempor\u00e1nea (\u00a9 Jaime Navarro)\" class=\"rl-gallery-link\" data-rl_caption=\"Departamento V\u00e9rtice \/ ARCO Arquitectura Contempor\u00e1nea (\u00a9 Jaime Navarro)\" data-rel=\"lightbox-gallery-1\"><img loading=\"lazy\" decoding=\"async\" width=\"150\" height=\"150\" src=\"https:\/\/www.arquimaster.com.ar\/web\/wp-content\/uploads\/2019\/02\/departamento_vertice8-150x150.jpg\" class=\"attachment-thumbnail size-thumbnail\" alt=\"\" aria-describedby=\"gallery-1-35896\" srcset=\"https:\/\/www.arquimaster.com.ar\/web\/wp-content\/uploads\/2019\/02\/departamento_vertice8-150x150.jpg 150w, https:\/\/www.arquimaster.com.ar\/web\/wp-content\/uploads\/2019\/02\/departamento_vertice8-50x50.jpg 50w, https:\/\/www.arquimaster.com.ar\/web\/wp-content\/uploads\/2019\/02\/departamento_vertice8-125x125.jpg 125w\" sizes=\"auto, (max-width: 150px) 100vw, 150px\" \/><\/a>\n\t\t\t<\/div>\n\t\t\t\t<figcaption class='wp-caption-text gallery-caption' id='gallery-1-35896'>\n\t\t\t\tDepartamento V\u00e9rtice \/ ARCO Arquitectura Contempor\u00e1nea (\u00a9 Jaime Navarro)\n\t\t\t\t<\/figcaption><\/figure><figure class='gallery-item'>\n\t\t\t<div class='gallery-icon landscape'>\n\t\t\t\t<a href='https:\/\/www.arquimaster.com.ar\/web\/wp-content\/uploads\/2019\/02\/departamento_vertice9.jpg' title=\"Departamento V\u00e9rtice \/ ARCO Arquitectura Contempor\u00e1nea (\u00a9 Jaime Navarro)\" data-rl_title=\"Departamento V\u00e9rtice \/ ARCO Arquitectura Contempor\u00e1nea (\u00a9 Jaime Navarro)\" class=\"rl-gallery-link\" data-rl_caption=\"Departamento V\u00e9rtice \/ ARCO Arquitectura Contempor\u00e1nea (\u00a9 Jaime Navarro)\" data-rel=\"lightbox-gallery-1\"><img loading=\"lazy\" decoding=\"async\" width=\"150\" height=\"150\" src=\"https:\/\/www.arquimaster.com.ar\/web\/wp-content\/uploads\/2019\/02\/departamento_vertice9-150x150.jpg\" class=\"attachment-thumbnail size-thumbnail\" alt=\"\" aria-describedby=\"gallery-1-35897\" srcset=\"https:\/\/www.arquimaster.com.ar\/web\/wp-content\/uploads\/2019\/02\/departamento_vertice9-150x150.jpg 150w, https:\/\/www.arquimaster.com.ar\/web\/wp-content\/uploads\/2019\/02\/departamento_vertice9-50x50.jpg 50w, https:\/\/www.arquimaster.com.ar\/web\/wp-content\/uploads\/2019\/02\/departamento_vertice9-125x125.jpg 125w\" sizes=\"auto, (max-width: 150px) 100vw, 150px\" \/><\/a>\n\t\t\t<\/div>\n\t\t\t\t<figcaption class='wp-caption-text gallery-caption' id='gallery-1-35897'>\n\t\t\t\tDepartamento V\u00e9rtice \/ ARCO Arquitectura Contempor\u00e1nea (\u00a9 Jaime Navarro)\n\t\t\t\t<\/figcaption><\/figure><figure class='gallery-item'>\n\t\t\t<div class='gallery-icon landscape'>\n\t\t\t\t<a href='https:\/\/www.arquimaster.com.ar\/web\/wp-content\/uploads\/2019\/02\/departamento_vertice10.jpg' title=\"Departamento V\u00e9rtice \/ ARCO Arquitectura Contempor\u00e1nea (\u00a9 Jaime Navarro)\" data-rl_title=\"Departamento V\u00e9rtice \/ ARCO Arquitectura Contempor\u00e1nea (\u00a9 Jaime Navarro)\" class=\"rl-gallery-link\" data-rl_caption=\"Departamento V\u00e9rtice \/ ARCO Arquitectura Contempor\u00e1nea (\u00a9 Jaime Navarro)\" data-rel=\"lightbox-gallery-1\"><img loading=\"lazy\" decoding=\"async\" width=\"150\" height=\"150\" src=\"https:\/\/www.arquimaster.com.ar\/web\/wp-content\/uploads\/2019\/02\/departamento_vertice10-150x150.jpg\" class=\"attachment-thumbnail size-thumbnail\" alt=\"\" aria-describedby=\"gallery-1-35898\" srcset=\"https:\/\/www.arquimaster.com.ar\/web\/wp-content\/uploads\/2019\/02\/departamento_vertice10-150x150.jpg 150w, https:\/\/www.arquimaster.com.ar\/web\/wp-content\/uploads\/2019\/02\/departamento_vertice10-50x50.jpg 50w, https:\/\/www.arquimaster.com.ar\/web\/wp-content\/uploads\/2019\/02\/departamento_vertice10-125x125.jpg 125w\" sizes=\"auto, (max-width: 150px) 100vw, 150px\" \/><\/a>\n\t\t\t<\/div>\n\t\t\t\t<figcaption class='wp-caption-text gallery-caption' id='gallery-1-35898'>\n\t\t\t\tDepartamento V\u00e9rtice \/ ARCO Arquitectura Contempor\u00e1nea (\u00a9 Jaime Navarro)\n\t\t\t\t<\/figcaption><\/figure><figure class='gallery-item'>\n\t\t\t<div class='gallery-icon landscape'>\n\t\t\t\t<a href='https:\/\/www.arquimaster.com.ar\/web\/wp-content\/uploads\/2019\/02\/departamento_vertice11.jpg' title=\"Departamento V\u00e9rtice \/ ARCO Arquitectura Contempor\u00e1nea (\u00a9 Jaime Navarro)\" data-rl_title=\"Departamento V\u00e9rtice \/ ARCO Arquitectura Contempor\u00e1nea (\u00a9 Jaime Navarro)\" class=\"rl-gallery-link\" data-rl_caption=\"Departamento V\u00e9rtice \/ ARCO Arquitectura Contempor\u00e1nea (\u00a9 Jaime Navarro)\" data-rel=\"lightbox-gallery-1\"><img loading=\"lazy\" decoding=\"async\" width=\"150\" height=\"150\" src=\"https:\/\/www.arquimaster.com.ar\/web\/wp-content\/uploads\/2019\/02\/departamento_vertice11-150x150.jpg\" class=\"attachment-thumbnail size-thumbnail\" alt=\"\" aria-describedby=\"gallery-1-35899\" srcset=\"https:\/\/www.arquimaster.com.ar\/web\/wp-content\/uploads\/2019\/02\/departamento_vertice11-150x150.jpg 150w, https:\/\/www.arquimaster.com.ar\/web\/wp-content\/uploads\/2019\/02\/departamento_vertice11-50x50.jpg 50w, https:\/\/www.arquimaster.com.ar\/web\/wp-content\/uploads\/2019\/02\/departamento_vertice11-125x125.jpg 125w\" sizes=\"auto, (max-width: 150px) 100vw, 150px\" \/><\/a>\n\t\t\t<\/div>\n\t\t\t\t<figcaption class='wp-caption-text gallery-caption' id='gallery-1-35899'>\n\t\t\t\tDepartamento V\u00e9rtice \/ ARCO Arquitectura Contempor\u00e1nea (\u00a9 Jaime Navarro)\n\t\t\t\t<\/figcaption><\/figure><figure class='gallery-item'>\n\t\t\t<div class='gallery-icon portrait'>\n\t\t\t\t<a href='https:\/\/www.arquimaster.com.ar\/web\/wp-content\/uploads\/2019\/02\/departamento_vertice12.jpg' title=\"Departamento V\u00e9rtice \/ ARCO Arquitectura Contempor\u00e1nea (\u00a9 Jaime Navarro)\" data-rl_title=\"Departamento V\u00e9rtice \/ ARCO Arquitectura Contempor\u00e1nea (\u00a9 Jaime Navarro)\" class=\"rl-gallery-link\" data-rl_caption=\"Departamento V\u00e9rtice \/ ARCO Arquitectura Contempor\u00e1nea (\u00a9 Jaime Navarro)\" data-rel=\"lightbox-gallery-1\"><img loading=\"lazy\" decoding=\"async\" width=\"150\" height=\"150\" src=\"https:\/\/www.arquimaster.com.ar\/web\/wp-content\/uploads\/2019\/02\/departamento_vertice12-150x150.jpg\" class=\"attachment-thumbnail size-thumbnail\" alt=\"\" aria-describedby=\"gallery-1-35900\" srcset=\"https:\/\/www.arquimaster.com.ar\/web\/wp-content\/uploads\/2019\/02\/departamento_vertice12-150x150.jpg 150w, https:\/\/www.arquimaster.com.ar\/web\/wp-content\/uploads\/2019\/02\/departamento_vertice12-50x50.jpg 50w, https:\/\/www.arquimaster.com.ar\/web\/wp-content\/uploads\/2019\/02\/departamento_vertice12-125x125.jpg 125w\" sizes=\"auto, (max-width: 150px) 100vw, 150px\" \/><\/a>\n\t\t\t<\/div>\n\t\t\t\t<figcaption class='wp-caption-text gallery-caption' id='gallery-1-35900'>\n\t\t\t\tDepartamento V\u00e9rtice \/ ARCO Arquitectura Contempor\u00e1nea (\u00a9 Jaime Navarro)\n\t\t\t\t<\/figcaption><\/figure><figure class='gallery-item'>\n\t\t\t<div class='gallery-icon landscape'>\n\t\t\t\t<a href='https:\/\/www.arquimaster.com.ar\/web\/wp-content\/uploads\/2019\/02\/departamento_vertice13.jpg' title=\"Departamento V\u00e9rtice \/ ARCO Arquitectura Contempor\u00e1nea (\u00a9 Jaime Navarro)\" data-rl_title=\"Departamento V\u00e9rtice \/ ARCO Arquitectura Contempor\u00e1nea (\u00a9 Jaime Navarro)\" class=\"rl-gallery-link\" data-rl_caption=\"Departamento V\u00e9rtice \/ ARCO Arquitectura Contempor\u00e1nea (\u00a9 Jaime Navarro)\" data-rel=\"lightbox-gallery-1\"><img loading=\"lazy\" decoding=\"async\" width=\"150\" height=\"150\" src=\"https:\/\/www.arquimaster.com.ar\/web\/wp-content\/uploads\/2019\/02\/departamento_vertice13-150x150.jpg\" class=\"attachment-thumbnail size-thumbnail\" alt=\"\" aria-describedby=\"gallery-1-35901\" srcset=\"https:\/\/www.arquimaster.com.ar\/web\/wp-content\/uploads\/2019\/02\/departamento_vertice13-150x150.jpg 150w, https:\/\/www.arquimaster.com.ar\/web\/wp-content\/uploads\/2019\/02\/departamento_vertice13-50x50.jpg 50w, https:\/\/www.arquimaster.com.ar\/web\/wp-content\/uploads\/2019\/02\/departamento_vertice13-125x125.jpg 125w\" sizes=\"auto, (max-width: 150px) 100vw, 150px\" \/><\/a>\n\t\t\t<\/div>\n\t\t\t\t<figcaption class='wp-caption-text gallery-caption' id='gallery-1-35901'>\n\t\t\t\tDepartamento V\u00e9rtice \/ ARCO Arquitectura Contempor\u00e1nea (\u00a9 Jaime Navarro)\n\t\t\t\t<\/figcaption><\/figure><figure class='gallery-item'>\n\t\t\t<div class='gallery-icon landscape'>\n\t\t\t\t<a href='https:\/\/www.arquimaster.com.ar\/web\/wp-content\/uploads\/2019\/02\/departamento_vertice14.jpg' title=\"Departamento V\u00e9rtice \/ ARCO Arquitectura Contempor\u00e1nea (\u00a9 Jaime Navarro)\" data-rl_title=\"Departamento V\u00e9rtice \/ ARCO Arquitectura Contempor\u00e1nea (\u00a9 Jaime Navarro)\" class=\"rl-gallery-link\" data-rl_caption=\"Departamento V\u00e9rtice \/ ARCO Arquitectura Contempor\u00e1nea (\u00a9 Jaime Navarro)\" data-rel=\"lightbox-gallery-1\"><img loading=\"lazy\" decoding=\"async\" width=\"150\" height=\"150\" src=\"https:\/\/www.arquimaster.com.ar\/web\/wp-content\/uploads\/2019\/02\/departamento_vertice14-150x150.jpg\" class=\"attachment-thumbnail size-thumbnail\" alt=\"\" aria-describedby=\"gallery-1-35902\" srcset=\"https:\/\/www.arquimaster.com.ar\/web\/wp-content\/uploads\/2019\/02\/departamento_vertice14-150x150.jpg 150w, https:\/\/www.arquimaster.com.ar\/web\/wp-content\/uploads\/2019\/02\/departamento_vertice14-50x50.jpg 50w, https:\/\/www.arquimaster.com.ar\/web\/wp-content\/uploads\/2019\/02\/departamento_vertice14-125x125.jpg 125w\" sizes=\"auto, (max-width: 150px) 100vw, 150px\" \/><\/a>\n\t\t\t<\/div>\n\t\t\t\t<figcaption class='wp-caption-text gallery-caption' id='gallery-1-35902'>\n\t\t\t\tDepartamento V\u00e9rtice \/ ARCO Arquitectura Contempor\u00e1nea (\u00a9 Jaime Navarro)\n\t\t\t\t<\/figcaption><\/figure><figure class='gallery-item'>\n\t\t\t<div class='gallery-icon portrait'>\n\t\t\t\t<a href='https:\/\/www.arquimaster.com.ar\/web\/wp-content\/uploads\/2019\/02\/departamento_vertice15.jpg' title=\"Departamento V\u00e9rtice \/ ARCO Arquitectura Contempor\u00e1nea (\u00a9 Jaime Navarro)\" data-rl_title=\"Departamento V\u00e9rtice \/ ARCO Arquitectura Contempor\u00e1nea (\u00a9 Jaime Navarro)\" class=\"rl-gallery-link\" data-rl_caption=\"Departamento V\u00e9rtice \/ ARCO Arquitectura Contempor\u00e1nea (\u00a9 Jaime Navarro)\" data-rel=\"lightbox-gallery-1\"><img loading=\"lazy\" decoding=\"async\" width=\"150\" height=\"150\" src=\"https:\/\/www.arquimaster.com.ar\/web\/wp-content\/uploads\/2019\/02\/departamento_vertice15-150x150.jpg\" class=\"attachment-thumbnail size-thumbnail\" alt=\"\" aria-describedby=\"gallery-1-35903\" srcset=\"https:\/\/www.arquimaster.com.ar\/web\/wp-content\/uploads\/2019\/02\/departamento_vertice15-150x150.jpg 150w, https:\/\/www.arquimaster.com.ar\/web\/wp-content\/uploads\/2019\/02\/departamento_vertice15-50x50.jpg 50w, https:\/\/www.arquimaster.com.ar\/web\/wp-content\/uploads\/2019\/02\/departamento_vertice15-125x125.jpg 125w\" sizes=\"auto, (max-width: 150px) 100vw, 150px\" \/><\/a>\n\t\t\t<\/div>\n\t\t\t\t<figcaption class='wp-caption-text gallery-caption' id='gallery-1-35903'>\n\t\t\t\tDepartamento V\u00e9rtice \/ ARCO Arquitectura Contempor\u00e1nea (\u00a9 Jaime Navarro)\n\t\t\t\t<\/figcaption><\/figure><figure class='gallery-item'>\n\t\t\t<div class='gallery-icon landscape'>\n\t\t\t\t<a href='https:\/\/www.arquimaster.com.ar\/web\/wp-content\/uploads\/2019\/02\/departamento_vertice16.jpg' title=\"Departamento V\u00e9rtice \/ ARCO Arquitectura Contempor\u00e1nea (\u00a9 Jaime Navarro)\" data-rl_title=\"Departamento V\u00e9rtice \/ ARCO Arquitectura Contempor\u00e1nea (\u00a9 Jaime Navarro)\" class=\"rl-gallery-link\" data-rl_caption=\"Departamento V\u00e9rtice \/ ARCO Arquitectura Contempor\u00e1nea (\u00a9 Jaime Navarro)\" data-rel=\"lightbox-gallery-1\"><img loading=\"lazy\" decoding=\"async\" width=\"150\" height=\"150\" src=\"https:\/\/www.arquimaster.com.ar\/web\/wp-content\/uploads\/2019\/02\/departamento_vertice16-150x150.jpg\" class=\"attachment-thumbnail size-thumbnail\" alt=\"\" aria-describedby=\"gallery-1-35904\" srcset=\"https:\/\/www.arquimaster.com.ar\/web\/wp-content\/uploads\/2019\/02\/departamento_vertice16-150x150.jpg 150w, https:\/\/www.arquimaster.com.ar\/web\/wp-content\/uploads\/2019\/02\/departamento_vertice16-50x50.jpg 50w, https:\/\/www.arquimaster.com.ar\/web\/wp-content\/uploads\/2019\/02\/departamento_vertice16-125x125.jpg 125w\" sizes=\"auto, (max-width: 150px) 100vw, 150px\" \/><\/a>\n\t\t\t<\/div>\n\t\t\t\t<figcaption class='wp-caption-text gallery-caption' id='gallery-1-35904'>\n\t\t\t\tDepartamento V\u00e9rtice \/ ARCO Arquitectura Contempor\u00e1nea (\u00a9 Jaime Navarro)\n\t\t\t\t<\/figcaption><\/figure><figure class='gallery-item'>\n\t\t\t<div class='gallery-icon landscape'>\n\t\t\t\t<a href='https:\/\/www.arquimaster.com.ar\/web\/wp-content\/uploads\/2019\/02\/departamento_vertice17.jpg' title=\"Departamento V\u00e9rtice \/ ARCO Arquitectura Contempor\u00e1nea (\u00a9 Jaime Navarro)\" data-rl_title=\"Departamento V\u00e9rtice \/ ARCO Arquitectura Contempor\u00e1nea (\u00a9 Jaime Navarro)\" class=\"rl-gallery-link\" data-rl_caption=\"Departamento V\u00e9rtice \/ ARCO Arquitectura Contempor\u00e1nea (\u00a9 Jaime Navarro)\" data-rel=\"lightbox-gallery-1\"><img loading=\"lazy\" decoding=\"async\" width=\"150\" height=\"150\" src=\"https:\/\/www.arquimaster.com.ar\/web\/wp-content\/uploads\/2019\/02\/departamento_vertice17-150x150.jpg\" class=\"attachment-thumbnail size-thumbnail\" alt=\"\" aria-describedby=\"gallery-1-35905\" srcset=\"https:\/\/www.arquimaster.com.ar\/web\/wp-content\/uploads\/2019\/02\/departamento_vertice17-150x150.jpg 150w, https:\/\/www.arquimaster.com.ar\/web\/wp-content\/uploads\/2019\/02\/departamento_vertice17-50x50.jpg 50w, https:\/\/www.arquimaster.com.ar\/web\/wp-content\/uploads\/2019\/02\/departamento_vertice17-125x125.jpg 125w\" sizes=\"auto, (max-width: 150px) 100vw, 150px\" \/><\/a>\n\t\t\t<\/div>\n\t\t\t\t<figcaption class='wp-caption-text gallery-caption' id='gallery-1-35905'>\n\t\t\t\tDepartamento V\u00e9rtice \/ ARCO Arquitectura Contempor\u00e1nea (\u00a9 Jaime Navarro)\n\t\t\t\t<\/figcaption><\/figure><figure class='gallery-item'>\n\t\t\t<div class='gallery-icon landscape'>\n\t\t\t\t<a href='https:\/\/www.arquimaster.com.ar\/web\/wp-content\/uploads\/2019\/02\/departamento_vertice18.jpg' title=\"Departamento V\u00e9rtice \/ ARCO Arquitectura Contempor\u00e1nea (\u00a9 Jaime Navarro)\" data-rl_title=\"Departamento V\u00e9rtice \/ ARCO Arquitectura Contempor\u00e1nea (\u00a9 Jaime Navarro)\" class=\"rl-gallery-link\" data-rl_caption=\"Departamento V\u00e9rtice \/ ARCO Arquitectura Contempor\u00e1nea (\u00a9 Jaime Navarro)\" data-rel=\"lightbox-gallery-1\"><img loading=\"lazy\" decoding=\"async\" width=\"150\" height=\"150\" src=\"https:\/\/www.arquimaster.com.ar\/web\/wp-content\/uploads\/2019\/02\/departamento_vertice18-150x150.jpg\" class=\"attachment-thumbnail size-thumbnail\" alt=\"\" aria-describedby=\"gallery-1-35906\" srcset=\"https:\/\/www.arquimaster.com.ar\/web\/wp-content\/uploads\/2019\/02\/departamento_vertice18-150x150.jpg 150w, https:\/\/www.arquimaster.com.ar\/web\/wp-content\/uploads\/2019\/02\/departamento_vertice18-50x50.jpg 50w, https:\/\/www.arquimaster.com.ar\/web\/wp-content\/uploads\/2019\/02\/departamento_vertice18-125x125.jpg 125w\" sizes=\"auto, (max-width: 150px) 100vw, 150px\" \/><\/a>\n\t\t\t<\/div>\n\t\t\t\t<figcaption class='wp-caption-text gallery-caption' id='gallery-1-35906'>\n\t\t\t\tDepartamento V\u00e9rtice \/ ARCO Arquitectura Contempor\u00e1nea (\u00a9 Jaime Navarro)\n\t\t\t\t<\/figcaption><\/figure><figure class='gallery-item'>\n\t\t\t<div class='gallery-icon portrait'>\n\t\t\t\t<a href='https:\/\/www.arquimaster.com.ar\/web\/wp-content\/uploads\/2019\/02\/departamento_vertice19.jpg' title=\"Departamento V\u00e9rtice \/ ARCO Arquitectura Contempor\u00e1nea (\u00a9 Jaime Navarro)\" data-rl_title=\"Departamento V\u00e9rtice \/ ARCO Arquitectura Contempor\u00e1nea (\u00a9 Jaime Navarro)\" class=\"rl-gallery-link\" data-rl_caption=\"Departamento V\u00e9rtice \/ ARCO Arquitectura Contempor\u00e1nea (\u00a9 Jaime Navarro)\" data-rel=\"lightbox-gallery-1\"><img loading=\"lazy\" decoding=\"async\" width=\"150\" height=\"150\" src=\"https:\/\/www.arquimaster.com.ar\/web\/wp-content\/uploads\/2019\/02\/departamento_vertice19-150x150.jpg\" class=\"attachment-thumbnail size-thumbnail\" alt=\"\" aria-describedby=\"gallery-1-35907\" srcset=\"https:\/\/www.arquimaster.com.ar\/web\/wp-content\/uploads\/2019\/02\/departamento_vertice19-150x150.jpg 150w, https:\/\/www.arquimaster.com.ar\/web\/wp-content\/uploads\/2019\/02\/departamento_vertice19-50x50.jpg 50w, https:\/\/www.arquimaster.com.ar\/web\/wp-content\/uploads\/2019\/02\/departamento_vertice19-125x125.jpg 125w\" sizes=\"auto, (max-width: 150px) 100vw, 150px\" \/><\/a>\n\t\t\t<\/div>\n\t\t\t\t<figcaption class='wp-caption-text gallery-caption' id='gallery-1-35907'>\n\t\t\t\tDepartamento V\u00e9rtice \/ ARCO Arquitectura Contempor\u00e1nea (\u00a9 Jaime Navarro)\n\t\t\t\t<\/figcaption><\/figure><figure class='gallery-item'>\n\t\t\t<div class='gallery-icon landscape'>\n\t\t\t\t<a href='https:\/\/www.arquimaster.com.ar\/web\/wp-content\/uploads\/2019\/02\/departamento_vertice20.jpg' title=\"Departamento V\u00e9rtice \/ ARCO Arquitectura Contempor\u00e1nea (planta)\" data-rl_title=\"Departamento V\u00e9rtice \/ ARCO Arquitectura Contempor\u00e1nea (planta)\" class=\"rl-gallery-link\" data-rl_caption=\"Departamento V\u00e9rtice \/ ARCO Arquitectura Contempor\u00e1nea (planta)\" data-rel=\"lightbox-gallery-1\"><img loading=\"lazy\" decoding=\"async\" width=\"150\" height=\"150\" src=\"https:\/\/www.arquimaster.com.ar\/web\/wp-content\/uploads\/2019\/02\/departamento_vertice20-150x150.jpg\" class=\"attachment-thumbnail size-thumbnail\" alt=\"\" aria-describedby=\"gallery-1-35908\" srcset=\"https:\/\/www.arquimaster.com.ar\/web\/wp-content\/uploads\/2019\/02\/departamento_vertice20-150x150.jpg 150w, https:\/\/www.arquimaster.com.ar\/web\/wp-content\/uploads\/2019\/02\/departamento_vertice20-50x50.jpg 50w, https:\/\/www.arquimaster.com.ar\/web\/wp-content\/uploads\/2019\/02\/departamento_vertice20-125x125.jpg 125w\" sizes=\"auto, (max-width: 150px) 100vw, 150px\" \/><\/a>\n\t\t\t<\/div>\n\t\t\t\t<figcaption class='wp-caption-text gallery-caption' id='gallery-1-35908'>\n\t\t\t\tDepartamento V\u00e9rtice \/ ARCO Arquitectura Contempor\u00e1nea (planta)\n\t\t\t\t<\/figcaption><\/figure><figure class='gallery-item'>\n\t\t\t<div class='gallery-icon landscape'>\n\t\t\t\t<a href='https:\/\/www.arquimaster.com.ar\/web\/wp-content\/uploads\/2019\/02\/departamento_vertice21.jpg' title=\"Departamento V\u00e9rtice \/ ARCO Arquitectura Contempor\u00e1nea (corte)\" data-rl_title=\"Departamento V\u00e9rtice \/ ARCO Arquitectura Contempor\u00e1nea (corte)\" class=\"rl-gallery-link\" data-rl_caption=\"Departamento V\u00e9rtice \/ ARCO Arquitectura Contempor\u00e1nea (corte)\" data-rel=\"lightbox-gallery-1\"><img loading=\"lazy\" decoding=\"async\" width=\"150\" height=\"150\" src=\"https:\/\/www.arquimaster.com.ar\/web\/wp-content\/uploads\/2019\/02\/departamento_vertice21-150x150.jpg\" class=\"attachment-thumbnail size-thumbnail\" alt=\"\" aria-describedby=\"gallery-1-35909\" srcset=\"https:\/\/www.arquimaster.com.ar\/web\/wp-content\/uploads\/2019\/02\/departamento_vertice21-150x150.jpg 150w, https:\/\/www.arquimaster.com.ar\/web\/wp-content\/uploads\/2019\/02\/departamento_vertice21-50x50.jpg 50w, https:\/\/www.arquimaster.com.ar\/web\/wp-content\/uploads\/2019\/02\/departamento_vertice21-125x125.jpg 125w\" sizes=\"auto, (max-width: 150px) 100vw, 150px\" \/><\/a>\n\t\t\t<\/div>\n\t\t\t\t<figcaption class='wp-caption-text gallery-caption' id='gallery-1-35909'>\n\t\t\t\tDepartamento V\u00e9rtice \/ ARCO Arquitectura Contempor\u00e1nea (corte)\n\t\t\t\t<\/figcaption><\/figure><figure class='gallery-item'>\n\t\t\t<div class='gallery-icon landscape'>\n\t\t\t\t<a href='https:\/\/www.arquimaster.com.ar\/web\/wp-content\/uploads\/2019\/02\/departamento_vertice22.jpg' title=\"Departamento V\u00e9rtice \/ ARCO Arquitectura Contempor\u00e1nea (corte)\" data-rl_title=\"Departamento V\u00e9rtice \/ ARCO Arquitectura Contempor\u00e1nea (corte)\" class=\"rl-gallery-link\" data-rl_caption=\"Departamento V\u00e9rtice \/ ARCO Arquitectura Contempor\u00e1nea (corte)\" data-rel=\"lightbox-gallery-1\"><img loading=\"lazy\" decoding=\"async\" width=\"150\" height=\"150\" src=\"https:\/\/www.arquimaster.com.ar\/web\/wp-content\/uploads\/2019\/02\/departamento_vertice22-150x150.jpg\" class=\"attachment-thumbnail size-thumbnail\" alt=\"\" aria-describedby=\"gallery-1-35910\" srcset=\"https:\/\/www.arquimaster.com.ar\/web\/wp-content\/uploads\/2019\/02\/departamento_vertice22-150x150.jpg 150w, https:\/\/www.arquimaster.com.ar\/web\/wp-content\/uploads\/2019\/02\/departamento_vertice22-50x50.jpg 50w, https:\/\/www.arquimaster.com.ar\/web\/wp-content\/uploads\/2019\/02\/departamento_vertice22-125x125.jpg 125w\" sizes=\"auto, (max-width: 150px) 100vw, 150px\" \/><\/a>\n\t\t\t<\/div>\n\t\t\t\t<figcaption class='wp-caption-text gallery-caption' id='gallery-1-35910'>\n\t\t\t\tDepartamento V\u00e9rtice \/ ARCO Arquitectura Contempor\u00e1nea (corte)\n\t\t\t\t<\/figcaption><\/figure>\n\t\t<\/div>\n\n<p>Un elemento central que se aprecia desde todas las \u00e1reas comunes del departamento es una celos\u00eda que da un remate visual muy importante. Esta celos\u00eda sirve para dividir los espacios y delimitar las \u00e1reas, su dise\u00f1o se compone de acero en color negro con elementos de cristal templado que tienen una pel\u00edcula color bronce la cual, adem\u00e1s de dar un brillante acento de color, le agrega mayor privacidad al estudio.<\/p>\n<p>El equipo de ARCO Arquitectura Contempor\u00e1nea integr\u00f3 un espacio funcional con un ambiente arm\u00f3nico y moderno que da soluci\u00f3n personalizada a todas las necesidades de esta familia.<\/p>\n<p><strong>Ficha t\u00e9cnica<\/strong><br \/>\nNombre: Departamento V\u00e9rtice<br \/>\nUbicaci\u00f3n: Lomas Country Club, Huixquilucan, Estado de M\u00e9xico<br \/>\nDise\u00f1o del proyecto: ARCO Arquitectura Contempor\u00e1nea<br \/>\nArq. Bernardo Lew, Arq. Jos\u00e9 Lew, Arq. Jos\u00e9 Memun<br \/>\nSuperficie: 335 m2<br \/>\nA\u00f1o: 2018<br \/>\nFotograf\u00eda: Jaime Navarro<\/p>\n<p><strong>Contacto<\/strong><br \/>\n<a href=\"http:\/\/www.ar-co.com.mx\" target=\"_blank\" rel=\"noopener noreferrer\">http:\/\/www.ar-co.com.mx<\/a><\/p>\n<p>Facebook: \/ARCOarquitecturacontemporanea<br \/>\nTwitter: @arcomexico<\/p>\n<p>&nbsp;<\/p>\n<p><em><strong>English version<\/strong><\/em><\/p>\n<p><em>A home that includes all its inhabitants is the project that ARCO Arquitectura Contemporanea&#8217;s team did for this project. The basic rules of universal design answered all the needs for a person that uses a wheel chair creating the ideal ambiance where everyone can fully enjoy the whole space.<\/em><\/p>\n<p><em>To make sure all the movement inside the apartment is simple all the areas are wide. The doors are large and no steps were used in any room. Special attention was paid to the lighting design in different levels and also with the furniture design making sure it included all the necessary to solve with a harmonious and pleasant image.<\/em><\/p>\n<p><em>The materials used were marble, granite, limestone, different types of wood and engineering floorboards -for floors, walls, and plafonds- to attain a warm atmosphere in the residence. The selected color palette is range of warm grays complemented with the rest of the textures. Most of the furniture was designed by the architects specifically for each space and some of the pieces were purchased and carefully selected.<\/em><\/p>\n<p><em>A central element that can be seen from all the common areas of this apartment is a lattice that gives a very important visual impact. This lattice divides the spaces and delimits the areas and its design is formed by black steel and tempered glass elements with a bronze colored film, which besides giving a brilliant color accent, adds more privacy to the studio.<\/em><\/p>\n<p><em>ARCO Arquitectura Contemporanea&#8217;s team integrated a functional space with a harmonious and modern environment that provides a personalized solution to all the needs of this family.<\/em><\/p>\n\n<div style=\"font-size: 0px; height: 0px; line-height: 0px; margin: 0; padding: 0; clear: both;\"><\/div><div style=\"margin-top: 0px; margin-bottom: 0px;\" class=\"sharethis-inline-share-buttons\" ><\/div>","protected":false},"excerpt":{"rendered":"<p>Pautas de dise\u00f1o universal dan como resultado un hogar que incluye a todos sus habitantes&#8230;<\/p>\n","protected":false},"author":1,"featured_media":35888,"comment_status":"closed","ping_status":"closed","sticky":false,"template":"","format":"standard","meta":{"_uag_custom_page_level_css":"","footnotes":""},"categories":[79,1],"tags":[248,1515,249,3622,2796,1514,5148],"class_list":["post-35887","post","type-post","status-publish","format-standard","has-post-thumbnail","hentry","category-departamentos","category-proyecto","tag-arco-arquitectura-contemporanea","tag-bernardo-lew-kirsch","tag-departamento","tag-estado-de-mexico","tag-huixquilucan","tag-jose-lew-kirsch","tag-jose-memun","generate-columns","tablet-grid-50","mobile-grid-100","grid-parent","grid-50"],"yoast_head":"<!-- This site is optimized with the Yoast SEO plugin v27.3 - https:\/\/yoast.com\/product\/yoast-seo-wordpress\/ -->\n<title>Departamento V\u00e9rtice \/ ARCO Arquitectura Contempor\u00e1nea - Arquimaster<\/title>\n<meta name=\"description\" content=\"Pautas de dise\u00f1o universal dan como resultado un hogar que incluye a todos sus habitantes.\" \/>\n<meta name=\"robots\" content=\"index, follow, max-snippet:-1, max-image-preview:large, max-video-preview:-1\" \/>\n<link rel=\"canonical\" href=\"https:\/\/www.arquimaster.com.ar\/web\/departamento-vertice-arco-arquitectura-contemporanea\/\" \/>\n<meta property=\"og:locale\" content=\"es_ES\" \/>\n<meta property=\"og:type\" content=\"article\" \/>\n<meta property=\"og:title\" content=\"Departamento V\u00e9rtice \/ ARCO Arquitectura Contempor\u00e1nea\" \/>\n<meta property=\"og:description\" content=\"Pautas de dise\u00f1o universal dan como resultado un hogar que incluye a todos sus habitantes.\" \/>\n<meta property=\"og:url\" content=\"https:\/\/www.arquimaster.com.ar\/web\/departamento-vertice-arco-arquitectura-contemporanea\/\" \/>\n<meta property=\"og:site_name\" content=\"Arquimaster\" \/>\n<meta property=\"article:publisher\" content=\"http:\/\/www.facebook.com\/ARQUIMASTER.com.ar\" \/>\n<meta property=\"article:published_time\" content=\"2019-02-14T19:02:14+00:00\" \/>\n<meta property=\"article:modified_time\" content=\"2020-06-05T22:33:09+00:00\" \/>\n<meta property=\"og:image\" content=\"https:\/\/www.arquimaster.com.ar\/web\/wp-content\/uploads\/2019\/02\/departamento_vertice_slide-wpp1591396288260.jpg\" \/>\n\t<meta property=\"og:image:width\" content=\"698\" \/>\n\t<meta property=\"og:image:height\" content=\"364\" \/>\n\t<meta property=\"og:image:type\" content=\"image\/jpeg\" \/>\n<meta name=\"author\" content=\"Arquimaster\" \/>\n<meta name=\"twitter:card\" content=\"summary_large_image\" \/>\n<meta name=\"twitter:title\" content=\"Departamento V\u00e9rtice \/ ARCO Arquitectura Contempor\u00e1nea\" \/>\n<meta name=\"twitter:description\" content=\"Pautas de dise\u00f1o universal dan como resultado un hogar que incluye a todos sus habitantes.\" \/>\n<meta name=\"twitter:image\" content=\"https:\/\/www.arquimaster.com.ar\/web\/wp-content\/uploads\/2019\/02\/departamento_vertice_slide-wpp1591396288260.jpg\" \/>\n<meta name=\"twitter:creator\" content=\"@arquimaster\" \/>\n<meta name=\"twitter:site\" content=\"@arquimaster\" \/>\n<meta name=\"twitter:label1\" content=\"Escrito por\" \/>\n\t<meta name=\"twitter:data1\" content=\"Arquimaster\" \/>\n\t<meta name=\"twitter:label2\" content=\"Tiempo de lectura\" \/>\n\t<meta name=\"twitter:data2\" content=\"3 minutos\" \/>\n<script type=\"application\/ld+json\" class=\"yoast-schema-graph\">{\"@context\":\"https:\\\/\\\/schema.org\",\"@graph\":[{\"@type\":\"Article\",\"@id\":\"https:\\\/\\\/www.arquimaster.com.ar\\\/web\\\/departamento-vertice-arco-arquitectura-contemporanea\\\/#article\",\"isPartOf\":{\"@id\":\"https:\\\/\\\/www.arquimaster.com.ar\\\/web\\\/departamento-vertice-arco-arquitectura-contemporanea\\\/\"},\"author\":{\"name\":\"Arquimaster\",\"@id\":\"https:\\\/\\\/www.arquimaster.com.ar\\\/web\\\/#\\\/schema\\\/person\\\/359e9f7c00193fcde068e0dd2ceb0028\"},\"headline\":\"Departamento V\u00e9rtice \\\/ ARCO Arquitectura Contempor\u00e1nea\",\"datePublished\":\"2019-02-14T19:02:14+00:00\",\"dateModified\":\"2020-06-05T22:33:09+00:00\",\"mainEntityOfPage\":{\"@id\":\"https:\\\/\\\/www.arquimaster.com.ar\\\/web\\\/departamento-vertice-arco-arquitectura-contemporanea\\\/\"},\"wordCount\":578,\"publisher\":{\"@id\":\"https:\\\/\\\/www.arquimaster.com.ar\\\/web\\\/#organization\"},\"image\":{\"@id\":\"https:\\\/\\\/www.arquimaster.com.ar\\\/web\\\/departamento-vertice-arco-arquitectura-contemporanea\\\/#primaryimage\"},\"thumbnailUrl\":\"https:\\\/\\\/www.arquimaster.com.ar\\\/web\\\/wp-content\\\/uploads\\\/2019\\\/02\\\/departamento_vertice_slide-wpp1591396288260.jpg\",\"keywords\":[\"ARCO Arquitectura Contempor\u00e1nea\",\"Bernardo Lew Kirsch\",\"departamento\",\"Estado de Mexico\",\"Huixquilucan\",\"Jos\u00e9 Lew Kirsch\",\"Jos\u00e9 Memun\"],\"articleSection\":[\"Departamentos y Lofts\",\"Proyecto\"],\"inLanguage\":\"es\"},{\"@type\":\"WebPage\",\"@id\":\"https:\\\/\\\/www.arquimaster.com.ar\\\/web\\\/departamento-vertice-arco-arquitectura-contemporanea\\\/\",\"url\":\"https:\\\/\\\/www.arquimaster.com.ar\\\/web\\\/departamento-vertice-arco-arquitectura-contemporanea\\\/\",\"name\":\"Departamento V\u00e9rtice \\\/ ARCO Arquitectura Contempor\u00e1nea - Arquimaster\",\"isPartOf\":{\"@id\":\"https:\\\/\\\/www.arquimaster.com.ar\\\/web\\\/#website\"},\"primaryImageOfPage\":{\"@id\":\"https:\\\/\\\/www.arquimaster.com.ar\\\/web\\\/departamento-vertice-arco-arquitectura-contemporanea\\\/#primaryimage\"},\"image\":{\"@id\":\"https:\\\/\\\/www.arquimaster.com.ar\\\/web\\\/departamento-vertice-arco-arquitectura-contemporanea\\\/#primaryimage\"},\"thumbnailUrl\":\"https:\\\/\\\/www.arquimaster.com.ar\\\/web\\\/wp-content\\\/uploads\\\/2019\\\/02\\\/departamento_vertice_slide-wpp1591396288260.jpg\",\"datePublished\":\"2019-02-14T19:02:14+00:00\",\"dateModified\":\"2020-06-05T22:33:09+00:00\",\"description\":\"Pautas de dise\u00f1o universal dan como resultado un hogar que incluye a todos sus habitantes.\",\"breadcrumb\":{\"@id\":\"https:\\\/\\\/www.arquimaster.com.ar\\\/web\\\/departamento-vertice-arco-arquitectura-contemporanea\\\/#breadcrumb\"},\"inLanguage\":\"es\",\"potentialAction\":[{\"@type\":\"ReadAction\",\"target\":[\"https:\\\/\\\/www.arquimaster.com.ar\\\/web\\\/departamento-vertice-arco-arquitectura-contemporanea\\\/\"]}]},{\"@type\":\"ImageObject\",\"inLanguage\":\"es\",\"@id\":\"https:\\\/\\\/www.arquimaster.com.ar\\\/web\\\/departamento-vertice-arco-arquitectura-contemporanea\\\/#primaryimage\",\"url\":\"https:\\\/\\\/www.arquimaster.com.ar\\\/web\\\/wp-content\\\/uploads\\\/2019\\\/02\\\/departamento_vertice_slide-wpp1591396288260.jpg\",\"contentUrl\":\"https:\\\/\\\/www.arquimaster.com.ar\\\/web\\\/wp-content\\\/uploads\\\/2019\\\/02\\\/departamento_vertice_slide-wpp1591396288260.jpg\",\"width\":698,\"height\":364},{\"@type\":\"BreadcrumbList\",\"@id\":\"https:\\\/\\\/www.arquimaster.com.ar\\\/web\\\/departamento-vertice-arco-arquitectura-contemporanea\\\/#breadcrumb\",\"itemListElement\":[{\"@type\":\"ListItem\",\"position\":1,\"name\":\"Portada\",\"item\":\"https:\\\/\\\/www.arquimaster.com.ar\\\/web\\\/\"},{\"@type\":\"ListItem\",\"position\":2,\"name\":\"Departamento V\u00e9rtice \\\/ ARCO Arquitectura Contempor\u00e1nea\"}]},{\"@type\":\"WebSite\",\"@id\":\"https:\\\/\\\/www.arquimaster.com.ar\\\/web\\\/#website\",\"url\":\"https:\\\/\\\/www.arquimaster.com.ar\\\/web\\\/\",\"name\":\"Arquimaster\",\"description\":\"Web de arquitectura, dise\u00f1o y construccion\",\"publisher\":{\"@id\":\"https:\\\/\\\/www.arquimaster.com.ar\\\/web\\\/#organization\"},\"potentialAction\":[{\"@type\":\"SearchAction\",\"target\":{\"@type\":\"EntryPoint\",\"urlTemplate\":\"https:\\\/\\\/www.arquimaster.com.ar\\\/web\\\/?s={search_term_string}\"},\"query-input\":{\"@type\":\"PropertyValueSpecification\",\"valueRequired\":true,\"valueName\":\"search_term_string\"}}],\"inLanguage\":\"es\"},{\"@type\":\"Organization\",\"@id\":\"https:\\\/\\\/www.arquimaster.com.ar\\\/web\\\/#organization\",\"name\":\"Arquimaster\",\"url\":\"https:\\\/\\\/www.arquimaster.com.ar\\\/web\\\/\",\"logo\":{\"@type\":\"ImageObject\",\"inLanguage\":\"es\",\"@id\":\"https:\\\/\\\/www.arquimaster.com.ar\\\/web\\\/#\\\/schema\\\/logo\\\/image\\\/\",\"url\":\"https:\\\/\\\/www.arquimaster.com.ar\\\/web\\\/wp-content\\\/uploads\\\/2022\\\/06\\\/arquimaster.png\",\"contentUrl\":\"https:\\\/\\\/www.arquimaster.com.ar\\\/web\\\/wp-content\\\/uploads\\\/2022\\\/06\\\/arquimaster.png\",\"width\":594,\"height\":78,\"caption\":\"Arquimaster\"},\"image\":{\"@id\":\"https:\\\/\\\/www.arquimaster.com.ar\\\/web\\\/#\\\/schema\\\/logo\\\/image\\\/\"},\"sameAs\":[\"http:\\\/\\\/www.facebook.com\\\/ARQUIMASTER.com.ar\",\"https:\\\/\\\/x.com\\\/arquimaster\",\"https:\\\/\\\/www.instagram.com\\\/arquimasterblog\\\/\",\"https:\\\/\\\/www.linkedin.com\\\/company\\\/arquimaster\",\"https:\\\/\\\/www.pinterest.com\\\/arquimaster\",\"https:\\\/\\\/t.me\\\/arquimaster\"]},{\"@type\":\"Person\",\"@id\":\"https:\\\/\\\/www.arquimaster.com.ar\\\/web\\\/#\\\/schema\\\/person\\\/359e9f7c00193fcde068e0dd2ceb0028\",\"name\":\"Arquimaster\"}]}<\/script>\n<!-- \/ Yoast SEO plugin. -->","yoast_head_json":{"title":"Departamento V\u00e9rtice \/ ARCO Arquitectura Contempor\u00e1nea - Arquimaster","description":"Pautas de dise\u00f1o universal dan como resultado un hogar que incluye a todos sus habitantes.","robots":{"index":"index","follow":"follow","max-snippet":"max-snippet:-1","max-image-preview":"max-image-preview:large","max-video-preview":"max-video-preview:-1"},"canonical":"https:\/\/www.arquimaster.com.ar\/web\/departamento-vertice-arco-arquitectura-contemporanea\/","og_locale":"es_ES","og_type":"article","og_title":"Departamento V\u00e9rtice \/ ARCO Arquitectura Contempor\u00e1nea","og_description":"Pautas de dise\u00f1o universal dan como resultado un hogar que incluye a todos sus habitantes.","og_url":"https:\/\/www.arquimaster.com.ar\/web\/departamento-vertice-arco-arquitectura-contemporanea\/","og_site_name":"Arquimaster","article_publisher":"http:\/\/www.facebook.com\/ARQUIMASTER.com.ar","article_published_time":"2019-02-14T19:02:14+00:00","article_modified_time":"2020-06-05T22:33:09+00:00","og_image":[{"width":698,"height":364,"url":"https:\/\/www.arquimaster.com.ar\/web\/wp-content\/uploads\/2019\/02\/departamento_vertice_slide-wpp1591396288260.jpg","type":"image\/jpeg"}],"author":"Arquimaster","twitter_card":"summary_large_image","twitter_title":"Departamento V\u00e9rtice \/ ARCO Arquitectura Contempor\u00e1nea","twitter_description":"Pautas de dise\u00f1o universal dan como resultado un hogar que incluye a todos sus habitantes.","twitter_image":"https:\/\/www.arquimaster.com.ar\/web\/wp-content\/uploads\/2019\/02\/departamento_vertice_slide-wpp1591396288260.jpg","twitter_creator":"@arquimaster","twitter_site":"@arquimaster","twitter_misc":{"Escrito por":"Arquimaster","Tiempo de lectura":"3 minutos"},"schema":{"@context":"https:\/\/schema.org","@graph":[{"@type":"Article","@id":"https:\/\/www.arquimaster.com.ar\/web\/departamento-vertice-arco-arquitectura-contemporanea\/#article","isPartOf":{"@id":"https:\/\/www.arquimaster.com.ar\/web\/departamento-vertice-arco-arquitectura-contemporanea\/"},"author":{"name":"Arquimaster","@id":"https:\/\/www.arquimaster.com.ar\/web\/#\/schema\/person\/359e9f7c00193fcde068e0dd2ceb0028"},"headline":"Departamento V\u00e9rtice \/ ARCO Arquitectura Contempor\u00e1nea","datePublished":"2019-02-14T19:02:14+00:00","dateModified":"2020-06-05T22:33:09+00:00","mainEntityOfPage":{"@id":"https:\/\/www.arquimaster.com.ar\/web\/departamento-vertice-arco-arquitectura-contemporanea\/"},"wordCount":578,"publisher":{"@id":"https:\/\/www.arquimaster.com.ar\/web\/#organization"},"image":{"@id":"https:\/\/www.arquimaster.com.ar\/web\/departamento-vertice-arco-arquitectura-contemporanea\/#primaryimage"},"thumbnailUrl":"https:\/\/www.arquimaster.com.ar\/web\/wp-content\/uploads\/2019\/02\/departamento_vertice_slide-wpp1591396288260.jpg","keywords":["ARCO Arquitectura Contempor\u00e1nea","Bernardo Lew Kirsch","departamento","Estado de Mexico","Huixquilucan","Jos\u00e9 Lew Kirsch","Jos\u00e9 Memun"],"articleSection":["Departamentos y Lofts","Proyecto"],"inLanguage":"es"},{"@type":"WebPage","@id":"https:\/\/www.arquimaster.com.ar\/web\/departamento-vertice-arco-arquitectura-contemporanea\/","url":"https:\/\/www.arquimaster.com.ar\/web\/departamento-vertice-arco-arquitectura-contemporanea\/","name":"Departamento V\u00e9rtice \/ ARCO Arquitectura Contempor\u00e1nea - Arquimaster","isPartOf":{"@id":"https:\/\/www.arquimaster.com.ar\/web\/#website"},"primaryImageOfPage":{"@id":"https:\/\/www.arquimaster.com.ar\/web\/departamento-vertice-arco-arquitectura-contemporanea\/#primaryimage"},"image":{"@id":"https:\/\/www.arquimaster.com.ar\/web\/departamento-vertice-arco-arquitectura-contemporanea\/#primaryimage"},"thumbnailUrl":"https:\/\/www.arquimaster.com.ar\/web\/wp-content\/uploads\/2019\/02\/departamento_vertice_slide-wpp1591396288260.jpg","datePublished":"2019-02-14T19:02:14+00:00","dateModified":"2020-06-05T22:33:09+00:00","description":"Pautas de dise\u00f1o universal dan como resultado un hogar que incluye a todos sus habitantes.","breadcrumb":{"@id":"https:\/\/www.arquimaster.com.ar\/web\/departamento-vertice-arco-arquitectura-contemporanea\/#breadcrumb"},"inLanguage":"es","potentialAction":[{"@type":"ReadAction","target":["https:\/\/www.arquimaster.com.ar\/web\/departamento-vertice-arco-arquitectura-contemporanea\/"]}]},{"@type":"ImageObject","inLanguage":"es","@id":"https:\/\/www.arquimaster.com.ar\/web\/departamento-vertice-arco-arquitectura-contemporanea\/#primaryimage","url":"https:\/\/www.arquimaster.com.ar\/web\/wp-content\/uploads\/2019\/02\/departamento_vertice_slide-wpp1591396288260.jpg","contentUrl":"https:\/\/www.arquimaster.com.ar\/web\/wp-content\/uploads\/2019\/02\/departamento_vertice_slide-wpp1591396288260.jpg","width":698,"height":364},{"@type":"BreadcrumbList","@id":"https:\/\/www.arquimaster.com.ar\/web\/departamento-vertice-arco-arquitectura-contemporanea\/#breadcrumb","itemListElement":[{"@type":"ListItem","position":1,"name":"Portada","item":"https:\/\/www.arquimaster.com.ar\/web\/"},{"@type":"ListItem","position":2,"name":"Departamento V\u00e9rtice \/ ARCO Arquitectura Contempor\u00e1nea"}]},{"@type":"WebSite","@id":"https:\/\/www.arquimaster.com.ar\/web\/#website","url":"https:\/\/www.arquimaster.com.ar\/web\/","name":"Arquimaster","description":"Web de arquitectura, dise\u00f1o y construccion","publisher":{"@id":"https:\/\/www.arquimaster.com.ar\/web\/#organization"},"potentialAction":[{"@type":"SearchAction","target":{"@type":"EntryPoint","urlTemplate":"https:\/\/www.arquimaster.com.ar\/web\/?s={search_term_string}"},"query-input":{"@type":"PropertyValueSpecification","valueRequired":true,"valueName":"search_term_string"}}],"inLanguage":"es"},{"@type":"Organization","@id":"https:\/\/www.arquimaster.com.ar\/web\/#organization","name":"Arquimaster","url":"https:\/\/www.arquimaster.com.ar\/web\/","logo":{"@type":"ImageObject","inLanguage":"es","@id":"https:\/\/www.arquimaster.com.ar\/web\/#\/schema\/logo\/image\/","url":"https:\/\/www.arquimaster.com.ar\/web\/wp-content\/uploads\/2022\/06\/arquimaster.png","contentUrl":"https:\/\/www.arquimaster.com.ar\/web\/wp-content\/uploads\/2022\/06\/arquimaster.png","width":594,"height":78,"caption":"Arquimaster"},"image":{"@id":"https:\/\/www.arquimaster.com.ar\/web\/#\/schema\/logo\/image\/"},"sameAs":["http:\/\/www.facebook.com\/ARQUIMASTER.com.ar","https:\/\/x.com\/arquimaster","https:\/\/www.instagram.com\/arquimasterblog\/","https:\/\/www.linkedin.com\/company\/arquimaster","https:\/\/www.pinterest.com\/arquimaster","https:\/\/t.me\/arquimaster"]},{"@type":"Person","@id":"https:\/\/www.arquimaster.com.ar\/web\/#\/schema\/person\/359e9f7c00193fcde068e0dd2ceb0028","name":"Arquimaster"}]}},"uagb_featured_image_src":{"full":["https:\/\/www.arquimaster.com.ar\/web\/wp-content\/uploads\/2019\/02\/departamento_vertice_slide-wpp1591396288260.jpg",698,364,false],"thumbnail":["https:\/\/www.arquimaster.com.ar\/web\/wp-content\/uploads\/2019\/02\/departamento_vertice_slide-wpp1591396288260-150x150.jpg",150,150,true],"medium":["https:\/\/www.arquimaster.com.ar\/web\/wp-content\/uploads\/2019\/02\/departamento_vertice_slide-wpp1591396288260.jpg",698,364,false],"medium_large":["https:\/\/www.arquimaster.com.ar\/web\/wp-content\/uploads\/2019\/02\/departamento_vertice_slide-wpp1591396288260.jpg",698,364,false],"large":["https:\/\/www.arquimaster.com.ar\/web\/wp-content\/uploads\/2019\/02\/departamento_vertice_slide-wpp1591396288260.jpg",698,364,false],"1536x1536":["https:\/\/www.arquimaster.com.ar\/web\/wp-content\/uploads\/2019\/02\/departamento_vertice_slide-wpp1591396288260.jpg",698,364,false],"2048x2048":["https:\/\/www.arquimaster.com.ar\/web\/wp-content\/uploads\/2019\/02\/departamento_vertice_slide-wpp1591396288260.jpg",698,364,false]},"uagb_author_info":{"display_name":"Arquimaster","author_link":"https:\/\/www.arquimaster.com.ar\/web\/author\/arquimaster\/"},"uagb_comment_info":0,"uagb_excerpt":"Pautas de dise\u00f1o universal dan como resultado un hogar que incluye a todos sus habitantes...","_links":{"self":[{"href":"https:\/\/www.arquimaster.com.ar\/web\/wp-json\/wp\/v2\/posts\/35887","targetHints":{"allow":["GET"]}}],"collection":[{"href":"https:\/\/www.arquimaster.com.ar\/web\/wp-json\/wp\/v2\/posts"}],"about":[{"href":"https:\/\/www.arquimaster.com.ar\/web\/wp-json\/wp\/v2\/types\/post"}],"author":[{"embeddable":true,"href":"https:\/\/www.arquimaster.com.ar\/web\/wp-json\/wp\/v2\/users\/1"}],"replies":[{"embeddable":true,"href":"https:\/\/www.arquimaster.com.ar\/web\/wp-json\/wp\/v2\/comments?post=35887"}],"version-history":[{"count":1,"href":"https:\/\/www.arquimaster.com.ar\/web\/wp-json\/wp\/v2\/posts\/35887\/revisions"}],"predecessor-version":[{"id":56324,"href":"https:\/\/www.arquimaster.com.ar\/web\/wp-json\/wp\/v2\/posts\/35887\/revisions\/56324"}],"wp:featuredmedia":[{"embeddable":true,"href":"https:\/\/www.arquimaster.com.ar\/web\/wp-json\/wp\/v2\/media\/35888"}],"wp:attachment":[{"href":"https:\/\/www.arquimaster.com.ar\/web\/wp-json\/wp\/v2\/media?parent=35887"}],"wp:term":[{"taxonomy":"category","embeddable":true,"href":"https:\/\/www.arquimaster.com.ar\/web\/wp-json\/wp\/v2\/categories?post=35887"},{"taxonomy":"post_tag","embeddable":true,"href":"https:\/\/www.arquimaster.com.ar\/web\/wp-json\/wp\/v2\/tags?post=35887"}],"curies":[{"name":"wp","href":"https:\/\/api.w.org\/{rel}","templated":true}]}}