{"id":36383,"date":"2019-03-14T19:19:33","date_gmt":"2019-03-14T22:19:33","guid":{"rendered":"https:\/\/www.arquimaster.com.ar\/web\/?p=36383"},"modified":"2020-03-15T16:44:50","modified_gmt":"2020-03-15T19:44:50","slug":"casa-de-la-huella-nbbo-arquitectos","status":"publish","type":"post","link":"https:\/\/www.arquimaster.com.ar\/web\/casa-de-la-huella-nbbo-arquitectos\/","title":{"rendered":"Casa De La Huella \/ NBBO Arquitectos"},"content":{"rendered":"<div style=\"margin-top: 0px; margin-bottom: 0px;\" class=\"sharethis-inline-share-buttons\" ><\/div><div class=\"b812932af2e751442846f039925109de\" data-index=\"1\" style=\"float: none; margin:25px 0 25px 0; text-align:center;\">\n<script async src=\"https:\/\/pagead2.googlesyndication.com\/pagead\/js\/adsbygoogle.js\"><\/script>\r\n<!-- Arquimaster (superior) -->\r\n<ins class=\"adsbygoogle\"\r\n     style=\"display:block\"\r\n     data-ad-client=\"ca-pub-6351072698456832\"\r\n     data-ad-slot=\"6455489680\"\r\n     data-ad-format=\"auto\"\r\n     data-full-width-responsive=\"true\"><\/ins>\r\n<script>\r\n     (adsbygoogle = window.adsbygoogle || []).push({});\r\n<\/script>\n<\/div>\n<p><strong>Casa De La Huella<\/strong> (Parque Leloir, Pcia. de Buenos Aires, Argentina) por <strong>NBBO Arquitectos<\/strong>. El proyecto consiste en reciclar y ampliar una casa de estilo colonial en el barrio de Parque Leloir, Partido de Ituzaingo en la Provincia de Buenos Aires. Un terreno de grandes dimensiones (25&#215;55 metros), emplazado en una zona declarada ecol\u00f3gicamente protegida, presenta una vegetaci\u00f3n muy particular digna de ser un punto a considerar al momento de proyectar.<\/p>\n<p>El programa para la Planta baja consiste en un estar-comedor-cocina, una amplia sala de juegos independiente, un dormitorio de hu\u00e9spedes, un lavadero, una gran galer\u00eda y 2 ba\u00f1os. Para la nueva planta alta, un dormitorio principal (ba\u00f1o en suite, vestidor y expansi\u00f3n), 3 dormitorios para los ni\u00f1os con ba\u00f1o completo y un estudio de trabajo.<\/p>\n<div id='gallery-1' class='gallery galleryid-36383 gallery-columns-3 gallery-size-thumbnail'><figure class='gallery-item'>\n\t\t\t<div class='gallery-icon portrait'>\n\t\t\t\t<a href='https:\/\/www.arquimaster.com.ar\/web\/wp-content\/uploads\/2019\/03\/casa_de_la_huella1.jpg' title=\"Casa De La Huella \/ NBBO Arquitectos (\u00a9 Javier Agustin Rojas)\" data-rl_title=\"Casa De La Huella \/ NBBO Arquitectos (\u00a9 Javier Agustin Rojas)\" class=\"rl-gallery-link\" data-rl_caption=\"Casa De La Huella \/ NBBO Arquitectos (\u00a9 Javier Agustin Rojas)\" data-rel=\"lightbox-gallery-1\"><img loading=\"lazy\" decoding=\"async\" width=\"150\" height=\"150\" src=\"https:\/\/www.arquimaster.com.ar\/web\/wp-content\/uploads\/2019\/03\/casa_de_la_huella1-150x150.jpg\" class=\"attachment-thumbnail size-thumbnail\" alt=\"\" aria-describedby=\"gallery-1-36385\" srcset=\"https:\/\/www.arquimaster.com.ar\/web\/wp-content\/uploads\/2019\/03\/casa_de_la_huella1-150x150.jpg 150w, https:\/\/www.arquimaster.com.ar\/web\/wp-content\/uploads\/2019\/03\/casa_de_la_huella1-50x50.jpg 50w, https:\/\/www.arquimaster.com.ar\/web\/wp-content\/uploads\/2019\/03\/casa_de_la_huella1-125x125.jpg 125w\" sizes=\"auto, (max-width: 150px) 100vw, 150px\" \/><\/a>\n\t\t\t<\/div>\n\t\t\t\t<figcaption class='wp-caption-text gallery-caption' id='gallery-1-36385'>\n\t\t\t\tCasa De La Huella \/ NBBO Arquitectos (\u00a9 Javier Agustin Rojas)\n\t\t\t\t<\/figcaption><\/figure><figure class='gallery-item'>\n\t\t\t<div class='gallery-icon portrait'>\n\t\t\t\t<a href='https:\/\/www.arquimaster.com.ar\/web\/wp-content\/uploads\/2019\/03\/casa_de_la_huella2.jpg' title=\"Casa De La Huella \/ NBBO Arquitectos (\u00a9 Javier Agustin Rojas)\" data-rl_title=\"Casa De La Huella \/ NBBO Arquitectos (\u00a9 Javier Agustin Rojas)\" class=\"rl-gallery-link\" data-rl_caption=\"Casa De La Huella \/ NBBO Arquitectos (\u00a9 Javier Agustin Rojas)\" data-rel=\"lightbox-gallery-1\"><img loading=\"lazy\" decoding=\"async\" width=\"150\" height=\"150\" src=\"https:\/\/www.arquimaster.com.ar\/web\/wp-content\/uploads\/2019\/03\/casa_de_la_huella2-150x150.jpg\" class=\"attachment-thumbnail size-thumbnail\" alt=\"\" aria-describedby=\"gallery-1-36386\" srcset=\"https:\/\/www.arquimaster.com.ar\/web\/wp-content\/uploads\/2019\/03\/casa_de_la_huella2-150x150.jpg 150w, https:\/\/www.arquimaster.com.ar\/web\/wp-content\/uploads\/2019\/03\/casa_de_la_huella2-50x50.jpg 50w, https:\/\/www.arquimaster.com.ar\/web\/wp-content\/uploads\/2019\/03\/casa_de_la_huella2-125x125.jpg 125w\" sizes=\"auto, (max-width: 150px) 100vw, 150px\" \/><\/a>\n\t\t\t<\/div>\n\t\t\t\t<figcaption class='wp-caption-text gallery-caption' id='gallery-1-36386'>\n\t\t\t\tCasa De La Huella \/ NBBO Arquitectos (\u00a9 Javier Agustin Rojas)\n\t\t\t\t<\/figcaption><\/figure><figure class='gallery-item'>\n\t\t\t<div class='gallery-icon portrait'>\n\t\t\t\t<a href='https:\/\/www.arquimaster.com.ar\/web\/wp-content\/uploads\/2019\/03\/casa_de_la_huella3.jpg' title=\"Casa De La Huella \/ NBBO Arquitectos (\u00a9 Javier Agustin Rojas)\" data-rl_title=\"Casa De La Huella \/ NBBO Arquitectos (\u00a9 Javier Agustin Rojas)\" class=\"rl-gallery-link\" data-rl_caption=\"Casa De La Huella \/ NBBO Arquitectos (\u00a9 Javier Agustin Rojas)\" data-rel=\"lightbox-gallery-1\"><img loading=\"lazy\" decoding=\"async\" width=\"150\" height=\"150\" src=\"https:\/\/www.arquimaster.com.ar\/web\/wp-content\/uploads\/2019\/03\/casa_de_la_huella3-150x150.jpg\" class=\"attachment-thumbnail size-thumbnail\" alt=\"\" aria-describedby=\"gallery-1-36387\" srcset=\"https:\/\/www.arquimaster.com.ar\/web\/wp-content\/uploads\/2019\/03\/casa_de_la_huella3-150x150.jpg 150w, https:\/\/www.arquimaster.com.ar\/web\/wp-content\/uploads\/2019\/03\/casa_de_la_huella3-50x50.jpg 50w, https:\/\/www.arquimaster.com.ar\/web\/wp-content\/uploads\/2019\/03\/casa_de_la_huella3-125x125.jpg 125w\" sizes=\"auto, (max-width: 150px) 100vw, 150px\" \/><\/a>\n\t\t\t<\/div>\n\t\t\t\t<figcaption class='wp-caption-text gallery-caption' id='gallery-1-36387'>\n\t\t\t\tCasa De La Huella \/ NBBO Arquitectos (\u00a9 Javier Agustin Rojas)\n\t\t\t\t<\/figcaption><\/figure><figure class='gallery-item'>\n\t\t\t<div class='gallery-icon portrait'>\n\t\t\t\t<a href='https:\/\/www.arquimaster.com.ar\/web\/wp-content\/uploads\/2019\/03\/casa_de_la_huella4.jpg' title=\"Casa De La Huella \/ NBBO Arquitectos (\u00a9 Javier Agustin Rojas)\" data-rl_title=\"Casa De La Huella \/ NBBO Arquitectos (\u00a9 Javier Agustin Rojas)\" class=\"rl-gallery-link\" data-rl_caption=\"Casa De La Huella \/ NBBO Arquitectos (\u00a9 Javier Agustin Rojas)\" data-rel=\"lightbox-gallery-1\"><img loading=\"lazy\" decoding=\"async\" width=\"150\" height=\"150\" src=\"https:\/\/www.arquimaster.com.ar\/web\/wp-content\/uploads\/2019\/03\/casa_de_la_huella4-150x150.jpg\" class=\"attachment-thumbnail size-thumbnail\" alt=\"\" aria-describedby=\"gallery-1-36388\" srcset=\"https:\/\/www.arquimaster.com.ar\/web\/wp-content\/uploads\/2019\/03\/casa_de_la_huella4-150x150.jpg 150w, https:\/\/www.arquimaster.com.ar\/web\/wp-content\/uploads\/2019\/03\/casa_de_la_huella4-50x50.jpg 50w, https:\/\/www.arquimaster.com.ar\/web\/wp-content\/uploads\/2019\/03\/casa_de_la_huella4-125x125.jpg 125w\" sizes=\"auto, (max-width: 150px) 100vw, 150px\" \/><\/a>\n\t\t\t<\/div>\n\t\t\t\t<figcaption class='wp-caption-text gallery-caption' id='gallery-1-36388'>\n\t\t\t\tCasa De La Huella \/ NBBO Arquitectos (\u00a9 Javier Agustin Rojas)\n\t\t\t\t<\/figcaption><\/figure><figure class='gallery-item'>\n\t\t\t<div class='gallery-icon landscape'>\n\t\t\t\t<a href='https:\/\/www.arquimaster.com.ar\/web\/wp-content\/uploads\/2019\/03\/casa_de_la_huella5.jpg' title=\"Casa De La Huella \/ NBBO Arquitectos (\u00a9 Javier Agustin Rojas)\" data-rl_title=\"Casa De La Huella \/ NBBO Arquitectos (\u00a9 Javier Agustin Rojas)\" class=\"rl-gallery-link\" data-rl_caption=\"Casa De La Huella \/ NBBO Arquitectos (\u00a9 Javier Agustin Rojas)\" data-rel=\"lightbox-gallery-1\"><img loading=\"lazy\" decoding=\"async\" width=\"150\" height=\"150\" src=\"https:\/\/www.arquimaster.com.ar\/web\/wp-content\/uploads\/2019\/03\/casa_de_la_huella5-150x150.jpg\" class=\"attachment-thumbnail size-thumbnail\" alt=\"\" aria-describedby=\"gallery-1-36389\" srcset=\"https:\/\/www.arquimaster.com.ar\/web\/wp-content\/uploads\/2019\/03\/casa_de_la_huella5-150x150.jpg 150w, https:\/\/www.arquimaster.com.ar\/web\/wp-content\/uploads\/2019\/03\/casa_de_la_huella5-50x50.jpg 50w, https:\/\/www.arquimaster.com.ar\/web\/wp-content\/uploads\/2019\/03\/casa_de_la_huella5-125x125.jpg 125w\" sizes=\"auto, (max-width: 150px) 100vw, 150px\" \/><\/a>\n\t\t\t<\/div>\n\t\t\t\t<figcaption class='wp-caption-text gallery-caption' id='gallery-1-36389'>\n\t\t\t\tCasa De La Huella \/ NBBO Arquitectos (\u00a9 Javier Agustin Rojas)\n\t\t\t\t<\/figcaption><\/figure><figure class='gallery-item'>\n\t\t\t<div class='gallery-icon portrait'>\n\t\t\t\t<a href='https:\/\/www.arquimaster.com.ar\/web\/wp-content\/uploads\/2019\/03\/casa_de_la_huella6.jpg' title=\"Casa De La Huella \/ NBBO Arquitectos (\u00a9 Javier Agustin Rojas)\" data-rl_title=\"Casa De La Huella \/ NBBO Arquitectos (\u00a9 Javier Agustin Rojas)\" class=\"rl-gallery-link\" data-rl_caption=\"Casa De La Huella \/ NBBO Arquitectos (\u00a9 Javier Agustin Rojas)\" data-rel=\"lightbox-gallery-1\"><img loading=\"lazy\" decoding=\"async\" width=\"150\" height=\"150\" src=\"https:\/\/www.arquimaster.com.ar\/web\/wp-content\/uploads\/2019\/03\/casa_de_la_huella6-150x150.jpg\" class=\"attachment-thumbnail size-thumbnail\" alt=\"\" aria-describedby=\"gallery-1-36390\" srcset=\"https:\/\/www.arquimaster.com.ar\/web\/wp-content\/uploads\/2019\/03\/casa_de_la_huella6-150x150.jpg 150w, https:\/\/www.arquimaster.com.ar\/web\/wp-content\/uploads\/2019\/03\/casa_de_la_huella6-50x50.jpg 50w, https:\/\/www.arquimaster.com.ar\/web\/wp-content\/uploads\/2019\/03\/casa_de_la_huella6-125x125.jpg 125w\" sizes=\"auto, (max-width: 150px) 100vw, 150px\" \/><\/a>\n\t\t\t<\/div>\n\t\t\t\t<figcaption class='wp-caption-text gallery-caption' id='gallery-1-36390'>\n\t\t\t\tCasa De La Huella \/ NBBO Arquitectos (\u00a9 Javier Agustin Rojas)\n\t\t\t\t<\/figcaption><\/figure><figure class='gallery-item'>\n\t\t\t<div class='gallery-icon portrait'>\n\t\t\t\t<a href='https:\/\/www.arquimaster.com.ar\/web\/wp-content\/uploads\/2019\/03\/casa_de_la_huella7.jpg' title=\"Casa De La Huella \/ NBBO Arquitectos (\u00a9 Javier Agustin Rojas)\" data-rl_title=\"Casa De La Huella \/ NBBO Arquitectos (\u00a9 Javier Agustin Rojas)\" class=\"rl-gallery-link\" data-rl_caption=\"Casa De La Huella \/ NBBO Arquitectos (\u00a9 Javier Agustin Rojas)\" data-rel=\"lightbox-gallery-1\"><img loading=\"lazy\" decoding=\"async\" width=\"150\" height=\"150\" src=\"https:\/\/www.arquimaster.com.ar\/web\/wp-content\/uploads\/2019\/03\/casa_de_la_huella7-150x150.jpg\" class=\"attachment-thumbnail size-thumbnail\" alt=\"\" aria-describedby=\"gallery-1-36391\" srcset=\"https:\/\/www.arquimaster.com.ar\/web\/wp-content\/uploads\/2019\/03\/casa_de_la_huella7-150x150.jpg 150w, https:\/\/www.arquimaster.com.ar\/web\/wp-content\/uploads\/2019\/03\/casa_de_la_huella7-50x50.jpg 50w, https:\/\/www.arquimaster.com.ar\/web\/wp-content\/uploads\/2019\/03\/casa_de_la_huella7-125x125.jpg 125w\" sizes=\"auto, (max-width: 150px) 100vw, 150px\" \/><\/a>\n\t\t\t<\/div>\n\t\t\t\t<figcaption class='wp-caption-text gallery-caption' id='gallery-1-36391'>\n\t\t\t\tCasa De La Huella \/ NBBO Arquitectos (\u00a9 Javier Agustin Rojas)\n\t\t\t\t<\/figcaption><\/figure><figure class='gallery-item'>\n\t\t\t<div class='gallery-icon portrait'>\n\t\t\t\t<a href='https:\/\/www.arquimaster.com.ar\/web\/wp-content\/uploads\/2019\/03\/casa_de_la_huella8.jpg' title=\"Casa De La Huella \/ NBBO Arquitectos (\u00a9 Javier Agustin Rojas)\" data-rl_title=\"Casa De La Huella \/ NBBO Arquitectos (\u00a9 Javier Agustin Rojas)\" class=\"rl-gallery-link\" data-rl_caption=\"Casa De La Huella \/ NBBO Arquitectos (\u00a9 Javier Agustin Rojas)\" data-rel=\"lightbox-gallery-1\"><img loading=\"lazy\" decoding=\"async\" width=\"150\" height=\"150\" src=\"https:\/\/www.arquimaster.com.ar\/web\/wp-content\/uploads\/2019\/03\/casa_de_la_huella8-150x150.jpg\" class=\"attachment-thumbnail size-thumbnail\" alt=\"\" aria-describedby=\"gallery-1-36392\" srcset=\"https:\/\/www.arquimaster.com.ar\/web\/wp-content\/uploads\/2019\/03\/casa_de_la_huella8-150x150.jpg 150w, https:\/\/www.arquimaster.com.ar\/web\/wp-content\/uploads\/2019\/03\/casa_de_la_huella8-50x50.jpg 50w, https:\/\/www.arquimaster.com.ar\/web\/wp-content\/uploads\/2019\/03\/casa_de_la_huella8-125x125.jpg 125w\" sizes=\"auto, (max-width: 150px) 100vw, 150px\" \/><\/a>\n\t\t\t<\/div>\n\t\t\t\t<figcaption class='wp-caption-text gallery-caption' id='gallery-1-36392'>\n\t\t\t\tCasa De La Huella \/ NBBO Arquitectos (\u00a9 Javier Agustin Rojas)\n\t\t\t\t<\/figcaption><\/figure><figure class='gallery-item'>\n\t\t\t<div class='gallery-icon portrait'>\n\t\t\t\t<a href='https:\/\/www.arquimaster.com.ar\/web\/wp-content\/uploads\/2019\/03\/casa_de_la_huella9.jpg' title=\"Casa De La Huella \/ NBBO Arquitectos (\u00a9 Javier Agustin Rojas)\" data-rl_title=\"Casa De La Huella \/ NBBO Arquitectos (\u00a9 Javier Agustin Rojas)\" class=\"rl-gallery-link\" data-rl_caption=\"Casa De La Huella \/ NBBO Arquitectos (\u00a9 Javier Agustin Rojas)\" data-rel=\"lightbox-gallery-1\"><img loading=\"lazy\" decoding=\"async\" width=\"150\" height=\"150\" src=\"https:\/\/www.arquimaster.com.ar\/web\/wp-content\/uploads\/2019\/03\/casa_de_la_huella9-150x150.jpg\" class=\"attachment-thumbnail size-thumbnail\" alt=\"\" aria-describedby=\"gallery-1-36393\" srcset=\"https:\/\/www.arquimaster.com.ar\/web\/wp-content\/uploads\/2019\/03\/casa_de_la_huella9-150x150.jpg 150w, https:\/\/www.arquimaster.com.ar\/web\/wp-content\/uploads\/2019\/03\/casa_de_la_huella9-50x50.jpg 50w, https:\/\/www.arquimaster.com.ar\/web\/wp-content\/uploads\/2019\/03\/casa_de_la_huella9-125x125.jpg 125w\" sizes=\"auto, (max-width: 150px) 100vw, 150px\" \/><\/a>\n\t\t\t<\/div>\n\t\t\t\t<figcaption class='wp-caption-text gallery-caption' id='gallery-1-36393'>\n\t\t\t\tCasa De La Huella \/ NBBO Arquitectos (\u00a9 Javier Agustin Rojas)\n\t\t\t\t<\/figcaption><\/figure><figure class='gallery-item'>\n\t\t\t<div class='gallery-icon portrait'>\n\t\t\t\t<a href='https:\/\/www.arquimaster.com.ar\/web\/wp-content\/uploads\/2019\/03\/casa_de_la_huella10.jpg' title=\"Casa De La Huella \/ NBBO Arquitectos (\u00a9 Javier Agustin Rojas)\" data-rl_title=\"Casa De La Huella \/ NBBO Arquitectos (\u00a9 Javier Agustin Rojas)\" class=\"rl-gallery-link\" data-rl_caption=\"Casa De La Huella \/ NBBO Arquitectos (\u00a9 Javier Agustin Rojas)\" data-rel=\"lightbox-gallery-1\"><img loading=\"lazy\" decoding=\"async\" width=\"150\" height=\"150\" src=\"https:\/\/www.arquimaster.com.ar\/web\/wp-content\/uploads\/2019\/03\/casa_de_la_huella10-150x150.jpg\" class=\"attachment-thumbnail size-thumbnail\" alt=\"\" aria-describedby=\"gallery-1-36394\" srcset=\"https:\/\/www.arquimaster.com.ar\/web\/wp-content\/uploads\/2019\/03\/casa_de_la_huella10-150x150.jpg 150w, https:\/\/www.arquimaster.com.ar\/web\/wp-content\/uploads\/2019\/03\/casa_de_la_huella10-50x50.jpg 50w, https:\/\/www.arquimaster.com.ar\/web\/wp-content\/uploads\/2019\/03\/casa_de_la_huella10-125x125.jpg 125w\" sizes=\"auto, (max-width: 150px) 100vw, 150px\" \/><\/a>\n\t\t\t<\/div>\n\t\t\t\t<figcaption class='wp-caption-text gallery-caption' id='gallery-1-36394'>\n\t\t\t\tCasa De La Huella \/ NBBO Arquitectos (\u00a9 Javier Agustin Rojas)\n\t\t\t\t<\/figcaption><\/figure><figure class='gallery-item'>\n\t\t\t<div class='gallery-icon portrait'>\n\t\t\t\t<a href='https:\/\/www.arquimaster.com.ar\/web\/wp-content\/uploads\/2019\/03\/casa_de_la_huella11.jpg' title=\"Casa De La Huella \/ NBBO Arquitectos (\u00a9 Javier Agustin Rojas)\" data-rl_title=\"Casa De La Huella \/ NBBO Arquitectos (\u00a9 Javier Agustin Rojas)\" class=\"rl-gallery-link\" data-rl_caption=\"Casa De La Huella \/ NBBO Arquitectos (\u00a9 Javier Agustin Rojas)\" data-rel=\"lightbox-gallery-1\"><img loading=\"lazy\" decoding=\"async\" width=\"150\" height=\"150\" src=\"https:\/\/www.arquimaster.com.ar\/web\/wp-content\/uploads\/2019\/03\/casa_de_la_huella11-150x150.jpg\" class=\"attachment-thumbnail size-thumbnail\" alt=\"\" aria-describedby=\"gallery-1-36395\" srcset=\"https:\/\/www.arquimaster.com.ar\/web\/wp-content\/uploads\/2019\/03\/casa_de_la_huella11-150x150.jpg 150w, https:\/\/www.arquimaster.com.ar\/web\/wp-content\/uploads\/2019\/03\/casa_de_la_huella11-50x50.jpg 50w, https:\/\/www.arquimaster.com.ar\/web\/wp-content\/uploads\/2019\/03\/casa_de_la_huella11-125x125.jpg 125w\" sizes=\"auto, (max-width: 150px) 100vw, 150px\" \/><\/a>\n\t\t\t<\/div>\n\t\t\t\t<figcaption class='wp-caption-text gallery-caption' id='gallery-1-36395'>\n\t\t\t\tCasa De La Huella \/ NBBO Arquitectos (\u00a9 Javier Agustin Rojas)\n\t\t\t\t<\/figcaption><\/figure><figure class='gallery-item'>\n\t\t\t<div class='gallery-icon portrait'>\n\t\t\t\t<a href='https:\/\/www.arquimaster.com.ar\/web\/wp-content\/uploads\/2019\/03\/casa_de_la_huella12.jpg' title=\"Casa De La Huella \/ NBBO Arquitectos (\u00a9 Javier Agustin Rojas)\" data-rl_title=\"Casa De La Huella \/ NBBO Arquitectos (\u00a9 Javier Agustin Rojas)\" class=\"rl-gallery-link\" data-rl_caption=\"Casa De La Huella \/ NBBO Arquitectos (\u00a9 Javier Agustin Rojas)\" data-rel=\"lightbox-gallery-1\"><img loading=\"lazy\" decoding=\"async\" width=\"150\" height=\"150\" src=\"https:\/\/www.arquimaster.com.ar\/web\/wp-content\/uploads\/2019\/03\/casa_de_la_huella12-150x150.jpg\" class=\"attachment-thumbnail size-thumbnail\" alt=\"\" aria-describedby=\"gallery-1-36396\" srcset=\"https:\/\/www.arquimaster.com.ar\/web\/wp-content\/uploads\/2019\/03\/casa_de_la_huella12-150x150.jpg 150w, https:\/\/www.arquimaster.com.ar\/web\/wp-content\/uploads\/2019\/03\/casa_de_la_huella12-50x50.jpg 50w, https:\/\/www.arquimaster.com.ar\/web\/wp-content\/uploads\/2019\/03\/casa_de_la_huella12-125x125.jpg 125w\" sizes=\"auto, (max-width: 150px) 100vw, 150px\" \/><\/a>\n\t\t\t<\/div>\n\t\t\t\t<figcaption class='wp-caption-text gallery-caption' id='gallery-1-36396'>\n\t\t\t\tCasa De La Huella \/ NBBO Arquitectos (\u00a9 Javier Agustin Rojas)\n\t\t\t\t<\/figcaption><\/figure><figure class='gallery-item'>\n\t\t\t<div class='gallery-icon portrait'>\n\t\t\t\t<a href='https:\/\/www.arquimaster.com.ar\/web\/wp-content\/uploads\/2019\/03\/casa_de_la_huella13.jpg' title=\"Casa De La Huella \/ NBBO Arquitectos (\u00a9 Javier Agustin Rojas)\" data-rl_title=\"Casa De La Huella \/ NBBO Arquitectos (\u00a9 Javier Agustin Rojas)\" class=\"rl-gallery-link\" data-rl_caption=\"Casa De La Huella \/ NBBO Arquitectos (\u00a9 Javier Agustin Rojas)\" data-rel=\"lightbox-gallery-1\"><img loading=\"lazy\" decoding=\"async\" width=\"150\" height=\"150\" src=\"https:\/\/www.arquimaster.com.ar\/web\/wp-content\/uploads\/2019\/03\/casa_de_la_huella13-150x150.jpg\" class=\"attachment-thumbnail size-thumbnail\" alt=\"\" aria-describedby=\"gallery-1-36397\" srcset=\"https:\/\/www.arquimaster.com.ar\/web\/wp-content\/uploads\/2019\/03\/casa_de_la_huella13-150x150.jpg 150w, https:\/\/www.arquimaster.com.ar\/web\/wp-content\/uploads\/2019\/03\/casa_de_la_huella13-50x50.jpg 50w, https:\/\/www.arquimaster.com.ar\/web\/wp-content\/uploads\/2019\/03\/casa_de_la_huella13-125x125.jpg 125w\" sizes=\"auto, (max-width: 150px) 100vw, 150px\" \/><\/a>\n\t\t\t<\/div>\n\t\t\t\t<figcaption class='wp-caption-text gallery-caption' id='gallery-1-36397'>\n\t\t\t\tCasa De La Huella \/ NBBO Arquitectos (\u00a9 Javier Agustin Rojas)\n\t\t\t\t<\/figcaption><\/figure><figure class='gallery-item'>\n\t\t\t<div class='gallery-icon landscape'>\n\t\t\t\t<a href='https:\/\/www.arquimaster.com.ar\/web\/wp-content\/uploads\/2019\/03\/casa_de_la_huella14.jpg' title=\"Casa De La Huella \/ NBBO Arquitectos (\u00a9 Javier Agustin Rojas)\" data-rl_title=\"Casa De La Huella \/ NBBO Arquitectos (\u00a9 Javier Agustin Rojas)\" class=\"rl-gallery-link\" data-rl_caption=\"Casa De La Huella \/ NBBO Arquitectos (\u00a9 Javier Agustin Rojas)\" data-rel=\"lightbox-gallery-1\"><img loading=\"lazy\" decoding=\"async\" width=\"150\" height=\"150\" src=\"https:\/\/www.arquimaster.com.ar\/web\/wp-content\/uploads\/2019\/03\/casa_de_la_huella14-150x150.jpg\" class=\"attachment-thumbnail size-thumbnail\" alt=\"\" aria-describedby=\"gallery-1-36398\" srcset=\"https:\/\/www.arquimaster.com.ar\/web\/wp-content\/uploads\/2019\/03\/casa_de_la_huella14-150x150.jpg 150w, https:\/\/www.arquimaster.com.ar\/web\/wp-content\/uploads\/2019\/03\/casa_de_la_huella14-50x50.jpg 50w, https:\/\/www.arquimaster.com.ar\/web\/wp-content\/uploads\/2019\/03\/casa_de_la_huella14-125x125.jpg 125w\" sizes=\"auto, (max-width: 150px) 100vw, 150px\" \/><\/a>\n\t\t\t<\/div>\n\t\t\t\t<figcaption class='wp-caption-text gallery-caption' id='gallery-1-36398'>\n\t\t\t\tCasa De La Huella \/ NBBO Arquitectos (\u00a9 Javier Agustin Rojas)\n\t\t\t\t<\/figcaption><\/figure><figure class='gallery-item'>\n\t\t\t<div class='gallery-icon landscape'>\n\t\t\t\t<a href='https:\/\/www.arquimaster.com.ar\/web\/wp-content\/uploads\/2019\/03\/casa_de_la_huella15.jpg' title=\"Casa De La Huella \/ NBBO Arquitectos (\u00a9 Javier Agustin Rojas)\" data-rl_title=\"Casa De La Huella \/ NBBO Arquitectos (\u00a9 Javier Agustin Rojas)\" class=\"rl-gallery-link\" data-rl_caption=\"Casa De La Huella \/ NBBO Arquitectos (\u00a9 Javier Agustin Rojas)\" data-rel=\"lightbox-gallery-1\"><img loading=\"lazy\" decoding=\"async\" width=\"150\" height=\"150\" src=\"https:\/\/www.arquimaster.com.ar\/web\/wp-content\/uploads\/2019\/03\/casa_de_la_huella15-150x150.jpg\" class=\"attachment-thumbnail size-thumbnail\" alt=\"\" aria-describedby=\"gallery-1-36399\" srcset=\"https:\/\/www.arquimaster.com.ar\/web\/wp-content\/uploads\/2019\/03\/casa_de_la_huella15-150x150.jpg 150w, https:\/\/www.arquimaster.com.ar\/web\/wp-content\/uploads\/2019\/03\/casa_de_la_huella15-50x50.jpg 50w, https:\/\/www.arquimaster.com.ar\/web\/wp-content\/uploads\/2019\/03\/casa_de_la_huella15-125x125.jpg 125w\" sizes=\"auto, (max-width: 150px) 100vw, 150px\" \/><\/a>\n\t\t\t<\/div>\n\t\t\t\t<figcaption class='wp-caption-text gallery-caption' id='gallery-1-36399'>\n\t\t\t\tCasa De La Huella \/ NBBO Arquitectos (\u00a9 Javier Agustin Rojas)\n\t\t\t\t<\/figcaption><\/figure><figure class='gallery-item'>\n\t\t\t<div class='gallery-icon landscape'>\n\t\t\t\t<a href='https:\/\/www.arquimaster.com.ar\/web\/wp-content\/uploads\/2019\/03\/casa_de_la_huella16.jpg' title=\"Casa De La Huella \/ NBBO Arquitectos (\u00a9 Javier Agustin Rojas)\" data-rl_title=\"Casa De La Huella \/ NBBO Arquitectos (\u00a9 Javier Agustin Rojas)\" class=\"rl-gallery-link\" data-rl_caption=\"Casa De La Huella \/ NBBO Arquitectos (\u00a9 Javier Agustin Rojas)\" data-rel=\"lightbox-gallery-1\"><img loading=\"lazy\" decoding=\"async\" width=\"150\" height=\"150\" src=\"https:\/\/www.arquimaster.com.ar\/web\/wp-content\/uploads\/2019\/03\/casa_de_la_huella16-150x150.jpg\" class=\"attachment-thumbnail size-thumbnail\" alt=\"\" aria-describedby=\"gallery-1-36400\" srcset=\"https:\/\/www.arquimaster.com.ar\/web\/wp-content\/uploads\/2019\/03\/casa_de_la_huella16-150x150.jpg 150w, https:\/\/www.arquimaster.com.ar\/web\/wp-content\/uploads\/2019\/03\/casa_de_la_huella16-50x50.jpg 50w, https:\/\/www.arquimaster.com.ar\/web\/wp-content\/uploads\/2019\/03\/casa_de_la_huella16-125x125.jpg 125w\" sizes=\"auto, (max-width: 150px) 100vw, 150px\" \/><\/a>\n\t\t\t<\/div>\n\t\t\t\t<figcaption class='wp-caption-text gallery-caption' id='gallery-1-36400'>\n\t\t\t\tCasa De La Huella \/ NBBO Arquitectos (\u00a9 Javier Agustin Rojas)\n\t\t\t\t<\/figcaption><\/figure><figure class='gallery-item'>\n\t\t\t<div class='gallery-icon landscape'>\n\t\t\t\t<a href='https:\/\/www.arquimaster.com.ar\/web\/wp-content\/uploads\/2019\/03\/casa_de_la_huella17.jpg' title=\"Casa De La Huella \/ NBBO Arquitectos (\u00a9 Javier Agustin Rojas)\" data-rl_title=\"Casa De La Huella \/ NBBO Arquitectos (\u00a9 Javier Agustin Rojas)\" class=\"rl-gallery-link\" data-rl_caption=\"Casa De La Huella \/ NBBO Arquitectos (\u00a9 Javier Agustin Rojas)\" data-rel=\"lightbox-gallery-1\"><img loading=\"lazy\" decoding=\"async\" width=\"150\" height=\"150\" src=\"https:\/\/www.arquimaster.com.ar\/web\/wp-content\/uploads\/2019\/03\/casa_de_la_huella17-150x150.jpg\" class=\"attachment-thumbnail size-thumbnail\" alt=\"\" aria-describedby=\"gallery-1-36401\" srcset=\"https:\/\/www.arquimaster.com.ar\/web\/wp-content\/uploads\/2019\/03\/casa_de_la_huella17-150x150.jpg 150w, https:\/\/www.arquimaster.com.ar\/web\/wp-content\/uploads\/2019\/03\/casa_de_la_huella17-50x50.jpg 50w, https:\/\/www.arquimaster.com.ar\/web\/wp-content\/uploads\/2019\/03\/casa_de_la_huella17-125x125.jpg 125w\" sizes=\"auto, (max-width: 150px) 100vw, 150px\" \/><\/a>\n\t\t\t<\/div>\n\t\t\t\t<figcaption class='wp-caption-text gallery-caption' id='gallery-1-36401'>\n\t\t\t\tCasa De La Huella \/ NBBO Arquitectos (\u00a9 Javier Agustin Rojas)\n\t\t\t\t<\/figcaption><\/figure><figure class='gallery-item'>\n\t\t\t<div class='gallery-icon landscape'>\n\t\t\t\t<a href='https:\/\/www.arquimaster.com.ar\/web\/wp-content\/uploads\/2019\/03\/casa_de_la_huella18.jpg' title=\"Casa De La Huella \/ NBBO Arquitectos (\u00a9 Javier Agustin Rojas)\" data-rl_title=\"Casa De La Huella \/ NBBO Arquitectos (\u00a9 Javier Agustin Rojas)\" class=\"rl-gallery-link\" data-rl_caption=\"Casa De La Huella \/ NBBO Arquitectos (\u00a9 Javier Agustin Rojas)\" data-rel=\"lightbox-gallery-1\"><img loading=\"lazy\" decoding=\"async\" width=\"150\" height=\"150\" src=\"https:\/\/www.arquimaster.com.ar\/web\/wp-content\/uploads\/2019\/03\/casa_de_la_huella18-150x150.jpg\" class=\"attachment-thumbnail size-thumbnail\" alt=\"\" aria-describedby=\"gallery-1-36402\" srcset=\"https:\/\/www.arquimaster.com.ar\/web\/wp-content\/uploads\/2019\/03\/casa_de_la_huella18-150x150.jpg 150w, https:\/\/www.arquimaster.com.ar\/web\/wp-content\/uploads\/2019\/03\/casa_de_la_huella18-50x50.jpg 50w, https:\/\/www.arquimaster.com.ar\/web\/wp-content\/uploads\/2019\/03\/casa_de_la_huella18-125x125.jpg 125w\" sizes=\"auto, (max-width: 150px) 100vw, 150px\" \/><\/a>\n\t\t\t<\/div>\n\t\t\t\t<figcaption class='wp-caption-text gallery-caption' id='gallery-1-36402'>\n\t\t\t\tCasa De La Huella \/ NBBO Arquitectos (\u00a9 Javier Agustin Rojas)\n\t\t\t\t<\/figcaption><\/figure><figure class='gallery-item'>\n\t\t\t<div class='gallery-icon landscape'>\n\t\t\t\t<a href='https:\/\/www.arquimaster.com.ar\/web\/wp-content\/uploads\/2019\/03\/casa_de_la_huella19.jpg' title=\"Casa De La Huella \/ NBBO Arquitectos (\u00a9 Javier Agustin Rojas)\" data-rl_title=\"Casa De La Huella \/ NBBO Arquitectos (\u00a9 Javier Agustin Rojas)\" class=\"rl-gallery-link\" data-rl_caption=\"Casa De La Huella \/ NBBO Arquitectos (\u00a9 Javier Agustin Rojas)\" data-rel=\"lightbox-gallery-1\"><img loading=\"lazy\" decoding=\"async\" width=\"150\" height=\"150\" src=\"https:\/\/www.arquimaster.com.ar\/web\/wp-content\/uploads\/2019\/03\/casa_de_la_huella19-150x150.jpg\" class=\"attachment-thumbnail size-thumbnail\" alt=\"\" aria-describedby=\"gallery-1-36403\" srcset=\"https:\/\/www.arquimaster.com.ar\/web\/wp-content\/uploads\/2019\/03\/casa_de_la_huella19-150x150.jpg 150w, https:\/\/www.arquimaster.com.ar\/web\/wp-content\/uploads\/2019\/03\/casa_de_la_huella19-50x50.jpg 50w, https:\/\/www.arquimaster.com.ar\/web\/wp-content\/uploads\/2019\/03\/casa_de_la_huella19-125x125.jpg 125w\" sizes=\"auto, (max-width: 150px) 100vw, 150px\" \/><\/a>\n\t\t\t<\/div>\n\t\t\t\t<figcaption class='wp-caption-text gallery-caption' id='gallery-1-36403'>\n\t\t\t\tCasa De La Huella \/ NBBO Arquitectos (\u00a9 Javier Agustin Rojas)\n\t\t\t\t<\/figcaption><\/figure><figure class='gallery-item'>\n\t\t\t<div class='gallery-icon portrait'>\n\t\t\t\t<a href='https:\/\/www.arquimaster.com.ar\/web\/wp-content\/uploads\/2019\/03\/casa_de_la_huella20.jpg' title=\"Casa De La Huella \/ NBBO Arquitectos (\u00a9 Javier Agustin Rojas)\" data-rl_title=\"Casa De La Huella \/ NBBO Arquitectos (\u00a9 Javier Agustin Rojas)\" class=\"rl-gallery-link\" data-rl_caption=\"Casa De La Huella \/ NBBO Arquitectos (\u00a9 Javier Agustin Rojas)\" data-rel=\"lightbox-gallery-1\"><img loading=\"lazy\" decoding=\"async\" width=\"150\" height=\"150\" src=\"https:\/\/www.arquimaster.com.ar\/web\/wp-content\/uploads\/2019\/03\/casa_de_la_huella20-150x150.jpg\" class=\"attachment-thumbnail size-thumbnail\" alt=\"\" aria-describedby=\"gallery-1-36404\" srcset=\"https:\/\/www.arquimaster.com.ar\/web\/wp-content\/uploads\/2019\/03\/casa_de_la_huella20-150x150.jpg 150w, https:\/\/www.arquimaster.com.ar\/web\/wp-content\/uploads\/2019\/03\/casa_de_la_huella20-50x50.jpg 50w, https:\/\/www.arquimaster.com.ar\/web\/wp-content\/uploads\/2019\/03\/casa_de_la_huella20-125x125.jpg 125w\" sizes=\"auto, (max-width: 150px) 100vw, 150px\" \/><\/a>\n\t\t\t<\/div>\n\t\t\t\t<figcaption class='wp-caption-text gallery-caption' id='gallery-1-36404'>\n\t\t\t\tCasa De La Huella \/ NBBO Arquitectos (\u00a9 Javier Agustin Rojas)\n\t\t\t\t<\/figcaption><\/figure><figure class='gallery-item'>\n\t\t\t<div class='gallery-icon portrait'>\n\t\t\t\t<a href='https:\/\/www.arquimaster.com.ar\/web\/wp-content\/uploads\/2019\/03\/casa_de_la_huella21.jpg' title=\"Casa De La Huella \/ NBBO Arquitectos (\u00a9 Javier Agustin Rojas)\" data-rl_title=\"Casa De La Huella \/ NBBO Arquitectos (\u00a9 Javier Agustin Rojas)\" class=\"rl-gallery-link\" data-rl_caption=\"Casa De La Huella \/ NBBO Arquitectos (\u00a9 Javier Agustin Rojas)\" data-rel=\"lightbox-gallery-1\"><img loading=\"lazy\" decoding=\"async\" width=\"150\" height=\"150\" src=\"https:\/\/www.arquimaster.com.ar\/web\/wp-content\/uploads\/2019\/03\/casa_de_la_huella21-150x150.jpg\" class=\"attachment-thumbnail size-thumbnail\" alt=\"\" aria-describedby=\"gallery-1-36405\" srcset=\"https:\/\/www.arquimaster.com.ar\/web\/wp-content\/uploads\/2019\/03\/casa_de_la_huella21-150x150.jpg 150w, https:\/\/www.arquimaster.com.ar\/web\/wp-content\/uploads\/2019\/03\/casa_de_la_huella21-50x50.jpg 50w, https:\/\/www.arquimaster.com.ar\/web\/wp-content\/uploads\/2019\/03\/casa_de_la_huella21-125x125.jpg 125w\" sizes=\"auto, (max-width: 150px) 100vw, 150px\" \/><\/a>\n\t\t\t<\/div>\n\t\t\t\t<figcaption class='wp-caption-text gallery-caption' id='gallery-1-36405'>\n\t\t\t\tCasa De La Huella \/ NBBO Arquitectos (\u00a9 Javier Agustin Rojas)\n\t\t\t\t<\/figcaption><\/figure><figure class='gallery-item'>\n\t\t\t<div class='gallery-icon portrait'>\n\t\t\t\t<a href='https:\/\/www.arquimaster.com.ar\/web\/wp-content\/uploads\/2019\/03\/casa_de_la_huella22.jpg' title=\"Casa De La Huella \/ NBBO Arquitectos (\u00a9 Javier Agustin Rojas)\" data-rl_title=\"Casa De La Huella \/ NBBO Arquitectos (\u00a9 Javier Agustin Rojas)\" class=\"rl-gallery-link\" data-rl_caption=\"Casa De La Huella \/ NBBO Arquitectos (\u00a9 Javier Agustin Rojas)\" data-rel=\"lightbox-gallery-1\"><img loading=\"lazy\" decoding=\"async\" width=\"150\" height=\"150\" src=\"https:\/\/www.arquimaster.com.ar\/web\/wp-content\/uploads\/2019\/03\/casa_de_la_huella22-150x150.jpg\" class=\"attachment-thumbnail size-thumbnail\" alt=\"\" aria-describedby=\"gallery-1-36406\" srcset=\"https:\/\/www.arquimaster.com.ar\/web\/wp-content\/uploads\/2019\/03\/casa_de_la_huella22-150x150.jpg 150w, https:\/\/www.arquimaster.com.ar\/web\/wp-content\/uploads\/2019\/03\/casa_de_la_huella22-50x50.jpg 50w, https:\/\/www.arquimaster.com.ar\/web\/wp-content\/uploads\/2019\/03\/casa_de_la_huella22-125x125.jpg 125w\" sizes=\"auto, (max-width: 150px) 100vw, 150px\" \/><\/a>\n\t\t\t<\/div>\n\t\t\t\t<figcaption class='wp-caption-text gallery-caption' id='gallery-1-36406'>\n\t\t\t\tCasa De La Huella \/ NBBO Arquitectos (\u00a9 Javier Agustin Rojas)\n\t\t\t\t<\/figcaption><\/figure><figure class='gallery-item'>\n\t\t\t<div class='gallery-icon portrait'>\n\t\t\t\t<a href='https:\/\/www.arquimaster.com.ar\/web\/wp-content\/uploads\/2019\/03\/casa_de_la_huella23.jpg' title=\"Casa De La Huella \/ NBBO Arquitectos (\u00a9 Javier Agustin Rojas)\" data-rl_title=\"Casa De La Huella \/ NBBO Arquitectos (\u00a9 Javier Agustin Rojas)\" class=\"rl-gallery-link\" data-rl_caption=\"Casa De La Huella \/ NBBO Arquitectos (\u00a9 Javier Agustin Rojas)\" data-rel=\"lightbox-gallery-1\"><img loading=\"lazy\" decoding=\"async\" width=\"150\" height=\"150\" src=\"https:\/\/www.arquimaster.com.ar\/web\/wp-content\/uploads\/2019\/03\/casa_de_la_huella23-150x150.jpg\" class=\"attachment-thumbnail size-thumbnail\" alt=\"\" aria-describedby=\"gallery-1-36407\" srcset=\"https:\/\/www.arquimaster.com.ar\/web\/wp-content\/uploads\/2019\/03\/casa_de_la_huella23-150x150.jpg 150w, https:\/\/www.arquimaster.com.ar\/web\/wp-content\/uploads\/2019\/03\/casa_de_la_huella23-50x50.jpg 50w, https:\/\/www.arquimaster.com.ar\/web\/wp-content\/uploads\/2019\/03\/casa_de_la_huella23-125x125.jpg 125w\" sizes=\"auto, (max-width: 150px) 100vw, 150px\" \/><\/a>\n\t\t\t<\/div>\n\t\t\t\t<figcaption class='wp-caption-text gallery-caption' id='gallery-1-36407'>\n\t\t\t\tCasa De La Huella \/ NBBO Arquitectos (\u00a9 Javier Agustin Rojas)\n\t\t\t\t<\/figcaption><\/figure><figure class='gallery-item'>\n\t\t\t<div class='gallery-icon portrait'>\n\t\t\t\t<a href='https:\/\/www.arquimaster.com.ar\/web\/wp-content\/uploads\/2019\/03\/casa_de_la_huella24.jpg' title=\"Casa De La Huella \/ NBBO Arquitectos (\u00a9 Javier Agustin Rojas)\" data-rl_title=\"Casa De La Huella \/ NBBO Arquitectos (\u00a9 Javier Agustin Rojas)\" class=\"rl-gallery-link\" data-rl_caption=\"Casa De La Huella \/ NBBO Arquitectos (\u00a9 Javier Agustin Rojas)\" data-rel=\"lightbox-gallery-1\"><img loading=\"lazy\" decoding=\"async\" width=\"150\" height=\"150\" src=\"https:\/\/www.arquimaster.com.ar\/web\/wp-content\/uploads\/2019\/03\/casa_de_la_huella24-150x150.jpg\" class=\"attachment-thumbnail size-thumbnail\" alt=\"\" aria-describedby=\"gallery-1-36408\" srcset=\"https:\/\/www.arquimaster.com.ar\/web\/wp-content\/uploads\/2019\/03\/casa_de_la_huella24-150x150.jpg 150w, https:\/\/www.arquimaster.com.ar\/web\/wp-content\/uploads\/2019\/03\/casa_de_la_huella24-50x50.jpg 50w, https:\/\/www.arquimaster.com.ar\/web\/wp-content\/uploads\/2019\/03\/casa_de_la_huella24-125x125.jpg 125w\" sizes=\"auto, (max-width: 150px) 100vw, 150px\" \/><\/a>\n\t\t\t<\/div>\n\t\t\t\t<figcaption class='wp-caption-text gallery-caption' id='gallery-1-36408'>\n\t\t\t\tCasa De La Huella \/ NBBO Arquitectos (\u00a9 Javier Agustin Rojas)\n\t\t\t\t<\/figcaption><\/figure><figure class='gallery-item'>\n\t\t\t<div class='gallery-icon portrait'>\n\t\t\t\t<a href='https:\/\/www.arquimaster.com.ar\/web\/wp-content\/uploads\/2019\/03\/casa_de_la_huella25.jpg' title=\"Casa De La Huella \/ NBBO Arquitectos (\u00a9 Javier Agustin Rojas)\" data-rl_title=\"Casa De La Huella \/ NBBO Arquitectos (\u00a9 Javier Agustin Rojas)\" class=\"rl-gallery-link\" data-rl_caption=\"Casa De La Huella \/ NBBO Arquitectos (\u00a9 Javier Agustin Rojas)\" data-rel=\"lightbox-gallery-1\"><img loading=\"lazy\" decoding=\"async\" width=\"150\" height=\"150\" src=\"https:\/\/www.arquimaster.com.ar\/web\/wp-content\/uploads\/2019\/03\/casa_de_la_huella25-150x150.jpg\" class=\"attachment-thumbnail size-thumbnail\" alt=\"\" aria-describedby=\"gallery-1-36409\" srcset=\"https:\/\/www.arquimaster.com.ar\/web\/wp-content\/uploads\/2019\/03\/casa_de_la_huella25-150x150.jpg 150w, https:\/\/www.arquimaster.com.ar\/web\/wp-content\/uploads\/2019\/03\/casa_de_la_huella25-50x50.jpg 50w, https:\/\/www.arquimaster.com.ar\/web\/wp-content\/uploads\/2019\/03\/casa_de_la_huella25-125x125.jpg 125w\" sizes=\"auto, (max-width: 150px) 100vw, 150px\" \/><\/a>\n\t\t\t<\/div>\n\t\t\t\t<figcaption class='wp-caption-text gallery-caption' id='gallery-1-36409'>\n\t\t\t\tCasa De La Huella \/ NBBO Arquitectos (\u00a9 Javier Agustin Rojas)\n\t\t\t\t<\/figcaption><\/figure><figure class='gallery-item'>\n\t\t\t<div class='gallery-icon portrait'>\n\t\t\t\t<a href='https:\/\/www.arquimaster.com.ar\/web\/wp-content\/uploads\/2019\/03\/casa_de_la_huella26.jpg' title=\"Casa De La Huella \/ NBBO Arquitectos (\u00a9 Javier Agustin Rojas)\" data-rl_title=\"Casa De La Huella \/ NBBO Arquitectos (\u00a9 Javier Agustin Rojas)\" class=\"rl-gallery-link\" data-rl_caption=\"Casa De La Huella \/ NBBO Arquitectos (\u00a9 Javier Agustin Rojas)\" data-rel=\"lightbox-gallery-1\"><img loading=\"lazy\" decoding=\"async\" width=\"150\" height=\"150\" src=\"https:\/\/www.arquimaster.com.ar\/web\/wp-content\/uploads\/2019\/03\/casa_de_la_huella26-150x150.jpg\" class=\"attachment-thumbnail size-thumbnail\" alt=\"\" aria-describedby=\"gallery-1-36410\" srcset=\"https:\/\/www.arquimaster.com.ar\/web\/wp-content\/uploads\/2019\/03\/casa_de_la_huella26-150x150.jpg 150w, https:\/\/www.arquimaster.com.ar\/web\/wp-content\/uploads\/2019\/03\/casa_de_la_huella26-50x50.jpg 50w, https:\/\/www.arquimaster.com.ar\/web\/wp-content\/uploads\/2019\/03\/casa_de_la_huella26-125x125.jpg 125w\" sizes=\"auto, (max-width: 150px) 100vw, 150px\" \/><\/a>\n\t\t\t<\/div>\n\t\t\t\t<figcaption class='wp-caption-text gallery-caption' id='gallery-1-36410'>\n\t\t\t\tCasa De La Huella \/ NBBO Arquitectos (\u00a9 Javier Agustin Rojas)\n\t\t\t\t<\/figcaption><\/figure><figure class='gallery-item'>\n\t\t\t<div class='gallery-icon portrait'>\n\t\t\t\t<a href='https:\/\/www.arquimaster.com.ar\/web\/wp-content\/uploads\/2019\/03\/casa_de_la_huella27.jpg' title=\"Casa De La Huella \/ NBBO Arquitectos (\u00a9 Javier Agustin Rojas)\" data-rl_title=\"Casa De La Huella \/ NBBO Arquitectos (\u00a9 Javier Agustin Rojas)\" class=\"rl-gallery-link\" data-rl_caption=\"Casa De La Huella \/ NBBO Arquitectos (\u00a9 Javier Agustin Rojas)\" data-rel=\"lightbox-gallery-1\"><img loading=\"lazy\" decoding=\"async\" width=\"150\" height=\"150\" src=\"https:\/\/www.arquimaster.com.ar\/web\/wp-content\/uploads\/2019\/03\/casa_de_la_huella27-150x150.jpg\" class=\"attachment-thumbnail size-thumbnail\" alt=\"\" aria-describedby=\"gallery-1-36411\" srcset=\"https:\/\/www.arquimaster.com.ar\/web\/wp-content\/uploads\/2019\/03\/casa_de_la_huella27-150x150.jpg 150w, https:\/\/www.arquimaster.com.ar\/web\/wp-content\/uploads\/2019\/03\/casa_de_la_huella27-50x50.jpg 50w, https:\/\/www.arquimaster.com.ar\/web\/wp-content\/uploads\/2019\/03\/casa_de_la_huella27-125x125.jpg 125w\" sizes=\"auto, (max-width: 150px) 100vw, 150px\" \/><\/a>\n\t\t\t<\/div>\n\t\t\t\t<figcaption class='wp-caption-text gallery-caption' id='gallery-1-36411'>\n\t\t\t\tCasa De La Huella \/ NBBO Arquitectos (\u00a9 Javier Agustin Rojas)\n\t\t\t\t<\/figcaption><\/figure><figure class='gallery-item'>\n\t\t\t<div class='gallery-icon portrait'>\n\t\t\t\t<a href='https:\/\/www.arquimaster.com.ar\/web\/wp-content\/uploads\/2019\/03\/casa_de_la_huella28.jpg' title=\"Casa De La Huella \/ NBBO Arquitectos (\u00a9 Javier Agustin Rojas)\" data-rl_title=\"Casa De La Huella \/ NBBO Arquitectos (\u00a9 Javier Agustin Rojas)\" class=\"rl-gallery-link\" data-rl_caption=\"Casa De La Huella \/ NBBO Arquitectos (\u00a9 Javier Agustin Rojas)\" data-rel=\"lightbox-gallery-1\"><img loading=\"lazy\" decoding=\"async\" width=\"150\" height=\"150\" src=\"https:\/\/www.arquimaster.com.ar\/web\/wp-content\/uploads\/2019\/03\/casa_de_la_huella28-150x150.jpg\" class=\"attachment-thumbnail size-thumbnail\" alt=\"\" aria-describedby=\"gallery-1-36412\" srcset=\"https:\/\/www.arquimaster.com.ar\/web\/wp-content\/uploads\/2019\/03\/casa_de_la_huella28-150x150.jpg 150w, https:\/\/www.arquimaster.com.ar\/web\/wp-content\/uploads\/2019\/03\/casa_de_la_huella28-50x50.jpg 50w, https:\/\/www.arquimaster.com.ar\/web\/wp-content\/uploads\/2019\/03\/casa_de_la_huella28-125x125.jpg 125w\" sizes=\"auto, (max-width: 150px) 100vw, 150px\" \/><\/a>\n\t\t\t<\/div>\n\t\t\t\t<figcaption class='wp-caption-text gallery-caption' id='gallery-1-36412'>\n\t\t\t\tCasa De La Huella \/ NBBO Arquitectos (\u00a9 Javier Agustin Rojas)\n\t\t\t\t<\/figcaption><\/figure><figure class='gallery-item'>\n\t\t\t<div class='gallery-icon portrait'>\n\t\t\t\t<a href='https:\/\/www.arquimaster.com.ar\/web\/wp-content\/uploads\/2019\/03\/casa_de_la_huella29.jpg' title=\"Casa De La Huella \/ NBBO Arquitectos (\u00a9 Javier Agustin Rojas)\" data-rl_title=\"Casa De La Huella \/ NBBO Arquitectos (\u00a9 Javier Agustin Rojas)\" class=\"rl-gallery-link\" data-rl_caption=\"Casa De La Huella \/ NBBO Arquitectos (\u00a9 Javier Agustin Rojas)\" data-rel=\"lightbox-gallery-1\"><img loading=\"lazy\" decoding=\"async\" width=\"150\" height=\"150\" src=\"https:\/\/www.arquimaster.com.ar\/web\/wp-content\/uploads\/2019\/03\/casa_de_la_huella29-150x150.jpg\" class=\"attachment-thumbnail size-thumbnail\" alt=\"\" aria-describedby=\"gallery-1-36413\" srcset=\"https:\/\/www.arquimaster.com.ar\/web\/wp-content\/uploads\/2019\/03\/casa_de_la_huella29-150x150.jpg 150w, https:\/\/www.arquimaster.com.ar\/web\/wp-content\/uploads\/2019\/03\/casa_de_la_huella29-50x50.jpg 50w, https:\/\/www.arquimaster.com.ar\/web\/wp-content\/uploads\/2019\/03\/casa_de_la_huella29-125x125.jpg 125w\" sizes=\"auto, (max-width: 150px) 100vw, 150px\" \/><\/a>\n\t\t\t<\/div>\n\t\t\t\t<figcaption class='wp-caption-text gallery-caption' id='gallery-1-36413'>\n\t\t\t\tCasa De La Huella \/ NBBO Arquitectos (\u00a9 Javier Agustin Rojas)\n\t\t\t\t<\/figcaption><\/figure><figure class='gallery-item'>\n\t\t\t<div class='gallery-icon portrait'>\n\t\t\t\t<a href='https:\/\/www.arquimaster.com.ar\/web\/wp-content\/uploads\/2019\/03\/casa_de_la_huella30.jpg' title=\"Casa De La Huella \/ NBBO Arquitectos (\u00a9 Javier Agustin Rojas)\" data-rl_title=\"Casa De La Huella \/ NBBO Arquitectos (\u00a9 Javier Agustin Rojas)\" class=\"rl-gallery-link\" data-rl_caption=\"Casa De La Huella \/ NBBO Arquitectos (\u00a9 Javier Agustin Rojas)\" data-rel=\"lightbox-gallery-1\"><img loading=\"lazy\" decoding=\"async\" width=\"150\" height=\"150\" src=\"https:\/\/www.arquimaster.com.ar\/web\/wp-content\/uploads\/2019\/03\/casa_de_la_huella30-150x150.jpg\" class=\"attachment-thumbnail size-thumbnail\" alt=\"\" aria-describedby=\"gallery-1-36414\" srcset=\"https:\/\/www.arquimaster.com.ar\/web\/wp-content\/uploads\/2019\/03\/casa_de_la_huella30-150x150.jpg 150w, https:\/\/www.arquimaster.com.ar\/web\/wp-content\/uploads\/2019\/03\/casa_de_la_huella30-50x50.jpg 50w, https:\/\/www.arquimaster.com.ar\/web\/wp-content\/uploads\/2019\/03\/casa_de_la_huella30-125x125.jpg 125w\" sizes=\"auto, (max-width: 150px) 100vw, 150px\" \/><\/a>\n\t\t\t<\/div>\n\t\t\t\t<figcaption class='wp-caption-text gallery-caption' id='gallery-1-36414'>\n\t\t\t\tCasa De La Huella \/ NBBO Arquitectos (\u00a9 Javier Agustin Rojas)\n\t\t\t\t<\/figcaption><\/figure><figure class='gallery-item'>\n\t\t\t<div class='gallery-icon portrait'>\n\t\t\t\t<a href='https:\/\/www.arquimaster.com.ar\/web\/wp-content\/uploads\/2019\/03\/casa_de_la_huella31.jpg' title=\"Casa De La Huella \/ NBBO Arquitectos (\u00a9 Javier Agustin Rojas)\" data-rl_title=\"Casa De La Huella \/ NBBO Arquitectos (\u00a9 Javier Agustin Rojas)\" class=\"rl-gallery-link\" data-rl_caption=\"Casa De La Huella \/ NBBO Arquitectos (\u00a9 Javier Agustin Rojas)\" data-rel=\"lightbox-gallery-1\"><img loading=\"lazy\" decoding=\"async\" width=\"150\" height=\"150\" src=\"https:\/\/www.arquimaster.com.ar\/web\/wp-content\/uploads\/2019\/03\/casa_de_la_huella31-150x150.jpg\" class=\"attachment-thumbnail size-thumbnail\" alt=\"\" aria-describedby=\"gallery-1-36415\" srcset=\"https:\/\/www.arquimaster.com.ar\/web\/wp-content\/uploads\/2019\/03\/casa_de_la_huella31-150x150.jpg 150w, https:\/\/www.arquimaster.com.ar\/web\/wp-content\/uploads\/2019\/03\/casa_de_la_huella31-1024x1028.jpg 1024w, https:\/\/www.arquimaster.com.ar\/web\/wp-content\/uploads\/2019\/03\/casa_de_la_huella31-768x771.jpg 768w, https:\/\/www.arquimaster.com.ar\/web\/wp-content\/uploads\/2019\/03\/casa_de_la_huella31-50x50.jpg 50w, https:\/\/www.arquimaster.com.ar\/web\/wp-content\/uploads\/2019\/03\/casa_de_la_huella31-125x125.jpg 125w, https:\/\/www.arquimaster.com.ar\/web\/wp-content\/uploads\/2019\/03\/casa_de_la_huella31.jpg 1494w\" sizes=\"auto, (max-width: 150px) 100vw, 150px\" \/><\/a>\n\t\t\t<\/div>\n\t\t\t\t<figcaption class='wp-caption-text gallery-caption' id='gallery-1-36415'>\n\t\t\t\tCasa De La Huella \/ NBBO Arquitectos (\u00a9 Javier Agustin Rojas)\n\t\t\t\t<\/figcaption><\/figure><figure class='gallery-item'>\n\t\t\t<div class='gallery-icon portrait'>\n\t\t\t\t<a href='https:\/\/www.arquimaster.com.ar\/web\/wp-content\/uploads\/2019\/03\/casa_de_la_huella32.jpg' title=\"Casa De La Huella \/ NBBO Arquitectos (\u00a9 Javier Agustin Rojas)\" data-rl_title=\"Casa De La Huella \/ NBBO Arquitectos (\u00a9 Javier Agustin Rojas)\" class=\"rl-gallery-link\" data-rl_caption=\"Casa De La Huella \/ NBBO Arquitectos (\u00a9 Javier Agustin Rojas)\" data-rel=\"lightbox-gallery-1\"><img loading=\"lazy\" decoding=\"async\" width=\"150\" height=\"150\" src=\"https:\/\/www.arquimaster.com.ar\/web\/wp-content\/uploads\/2019\/03\/casa_de_la_huella32-150x150.jpg\" class=\"attachment-thumbnail size-thumbnail\" alt=\"\" aria-describedby=\"gallery-1-36416\" srcset=\"https:\/\/www.arquimaster.com.ar\/web\/wp-content\/uploads\/2019\/03\/casa_de_la_huella32-150x150.jpg 150w, https:\/\/www.arquimaster.com.ar\/web\/wp-content\/uploads\/2019\/03\/casa_de_la_huella32-50x50.jpg 50w, https:\/\/www.arquimaster.com.ar\/web\/wp-content\/uploads\/2019\/03\/casa_de_la_huella32-125x125.jpg 125w\" sizes=\"auto, (max-width: 150px) 100vw, 150px\" \/><\/a>\n\t\t\t<\/div>\n\t\t\t\t<figcaption class='wp-caption-text gallery-caption' id='gallery-1-36416'>\n\t\t\t\tCasa De La Huella \/ NBBO Arquitectos (\u00a9 Javier Agustin Rojas)\n\t\t\t\t<\/figcaption><\/figure><figure class='gallery-item'>\n\t\t\t<div class='gallery-icon landscape'>\n\t\t\t\t<a href='https:\/\/www.arquimaster.com.ar\/web\/wp-content\/uploads\/2019\/03\/casa_de_la_huella33.jpg' title=\"Casa De La Huella \/ NBBO Arquitectos (\u00a9 Javier Agustin Rojas)\" data-rl_title=\"Casa De La Huella \/ NBBO Arquitectos (\u00a9 Javier Agustin Rojas)\" class=\"rl-gallery-link\" data-rl_caption=\"Casa De La Huella \/ NBBO Arquitectos (\u00a9 Javier Agustin Rojas)\" data-rel=\"lightbox-gallery-1\"><img loading=\"lazy\" decoding=\"async\" width=\"150\" height=\"150\" src=\"https:\/\/www.arquimaster.com.ar\/web\/wp-content\/uploads\/2019\/03\/casa_de_la_huella33-150x150.jpg\" class=\"attachment-thumbnail size-thumbnail\" alt=\"\" aria-describedby=\"gallery-1-36417\" srcset=\"https:\/\/www.arquimaster.com.ar\/web\/wp-content\/uploads\/2019\/03\/casa_de_la_huella33-150x150.jpg 150w, https:\/\/www.arquimaster.com.ar\/web\/wp-content\/uploads\/2019\/03\/casa_de_la_huella33-50x50.jpg 50w, https:\/\/www.arquimaster.com.ar\/web\/wp-content\/uploads\/2019\/03\/casa_de_la_huella33-125x125.jpg 125w\" sizes=\"auto, (max-width: 150px) 100vw, 150px\" \/><\/a>\n\t\t\t<\/div>\n\t\t\t\t<figcaption class='wp-caption-text gallery-caption' id='gallery-1-36417'>\n\t\t\t\tCasa De La Huella \/ NBBO Arquitectos (\u00a9 Javier Agustin Rojas)\n\t\t\t\t<\/figcaption><\/figure><figure class='gallery-item'>\n\t\t\t<div class='gallery-icon landscape'>\n\t\t\t\t<a href='https:\/\/www.arquimaster.com.ar\/web\/wp-content\/uploads\/2019\/03\/casa_de_la_huella34.jpg' title=\"Casa De La Huella \/ NBBO Arquitectos (\u00a9 Javier Agustin Rojas)\" data-rl_title=\"Casa De La Huella \/ NBBO Arquitectos (\u00a9 Javier Agustin Rojas)\" class=\"rl-gallery-link\" data-rl_caption=\"Casa De La Huella \/ NBBO Arquitectos (\u00a9 Javier Agustin Rojas)\" data-rel=\"lightbox-gallery-1\"><img loading=\"lazy\" decoding=\"async\" width=\"150\" height=\"150\" src=\"https:\/\/www.arquimaster.com.ar\/web\/wp-content\/uploads\/2019\/03\/casa_de_la_huella34-150x150.jpg\" class=\"attachment-thumbnail size-thumbnail\" alt=\"\" aria-describedby=\"gallery-1-36418\" srcset=\"https:\/\/www.arquimaster.com.ar\/web\/wp-content\/uploads\/2019\/03\/casa_de_la_huella34-150x150.jpg 150w, https:\/\/www.arquimaster.com.ar\/web\/wp-content\/uploads\/2019\/03\/casa_de_la_huella34-50x50.jpg 50w, https:\/\/www.arquimaster.com.ar\/web\/wp-content\/uploads\/2019\/03\/casa_de_la_huella34-125x125.jpg 125w\" sizes=\"auto, (max-width: 150px) 100vw, 150px\" \/><\/a>\n\t\t\t<\/div>\n\t\t\t\t<figcaption class='wp-caption-text gallery-caption' id='gallery-1-36418'>\n\t\t\t\tCasa De La Huella \/ NBBO Arquitectos (\u00a9 Javier Agustin Rojas)\n\t\t\t\t<\/figcaption><\/figure><figure class='gallery-item'>\n\t\t\t<div class='gallery-icon landscape'>\n\t\t\t\t<a href='https:\/\/www.arquimaster.com.ar\/web\/wp-content\/uploads\/2019\/03\/casa_de_la_huella35.jpg' title=\"Casa De La Huella \/ NBBO Arquitectos (\u00a9 Javier Agustin Rojas)\" data-rl_title=\"Casa De La Huella \/ NBBO Arquitectos (\u00a9 Javier Agustin Rojas)\" class=\"rl-gallery-link\" data-rl_caption=\"Casa De La Huella \/ NBBO Arquitectos (\u00a9 Javier Agustin Rojas)\" data-rel=\"lightbox-gallery-1\"><img loading=\"lazy\" decoding=\"async\" width=\"150\" height=\"150\" src=\"https:\/\/www.arquimaster.com.ar\/web\/wp-content\/uploads\/2019\/03\/casa_de_la_huella35-150x150.jpg\" class=\"attachment-thumbnail size-thumbnail\" alt=\"\" aria-describedby=\"gallery-1-36419\" srcset=\"https:\/\/www.arquimaster.com.ar\/web\/wp-content\/uploads\/2019\/03\/casa_de_la_huella35-150x150.jpg 150w, https:\/\/www.arquimaster.com.ar\/web\/wp-content\/uploads\/2019\/03\/casa_de_la_huella35-50x50.jpg 50w, https:\/\/www.arquimaster.com.ar\/web\/wp-content\/uploads\/2019\/03\/casa_de_la_huella35-125x125.jpg 125w\" sizes=\"auto, (max-width: 150px) 100vw, 150px\" \/><\/a>\n\t\t\t<\/div>\n\t\t\t\t<figcaption class='wp-caption-text gallery-caption' id='gallery-1-36419'>\n\t\t\t\tCasa De La Huella \/ NBBO Arquitectos (\u00a9 Javier Agustin Rojas)\n\t\t\t\t<\/figcaption><\/figure><figure class='gallery-item'>\n\t\t\t<div class='gallery-icon portrait'>\n\t\t\t\t<a href='https:\/\/www.arquimaster.com.ar\/web\/wp-content\/uploads\/2019\/03\/casa_de_la_huella36.jpg' title=\"Casa De La Huella \/ NBBO Arquitectos (\u00a9 Javier Agustin Rojas)\" data-rl_title=\"Casa De La Huella \/ NBBO Arquitectos (\u00a9 Javier Agustin Rojas)\" class=\"rl-gallery-link\" data-rl_caption=\"Casa De La Huella \/ NBBO Arquitectos (\u00a9 Javier Agustin Rojas)\" data-rel=\"lightbox-gallery-1\"><img loading=\"lazy\" decoding=\"async\" width=\"150\" height=\"150\" src=\"https:\/\/www.arquimaster.com.ar\/web\/wp-content\/uploads\/2019\/03\/casa_de_la_huella36-150x150.jpg\" class=\"attachment-thumbnail size-thumbnail\" alt=\"\" aria-describedby=\"gallery-1-36420\" srcset=\"https:\/\/www.arquimaster.com.ar\/web\/wp-content\/uploads\/2019\/03\/casa_de_la_huella36-150x150.jpg 150w, https:\/\/www.arquimaster.com.ar\/web\/wp-content\/uploads\/2019\/03\/casa_de_la_huella36-50x50.jpg 50w, https:\/\/www.arquimaster.com.ar\/web\/wp-content\/uploads\/2019\/03\/casa_de_la_huella36-125x125.jpg 125w\" sizes=\"auto, (max-width: 150px) 100vw, 150px\" \/><\/a>\n\t\t\t<\/div>\n\t\t\t\t<figcaption class='wp-caption-text gallery-caption' id='gallery-1-36420'>\n\t\t\t\tCasa De La Huella \/ NBBO Arquitectos (\u00a9 Javier Agustin Rojas)\n\t\t\t\t<\/figcaption><\/figure><figure class='gallery-item'>\n\t\t\t<div class='gallery-icon portrait'>\n\t\t\t\t<a href='https:\/\/www.arquimaster.com.ar\/web\/wp-content\/uploads\/2019\/03\/casa_de_la_huella37.jpg' title=\"Casa De La Huella \/ NBBO Arquitectos (\u00a9 Javier Agustin Rojas)\" data-rl_title=\"Casa De La Huella \/ NBBO Arquitectos (\u00a9 Javier Agustin Rojas)\" class=\"rl-gallery-link\" data-rl_caption=\"Casa De La Huella \/ NBBO Arquitectos (\u00a9 Javier Agustin Rojas)\" data-rel=\"lightbox-gallery-1\"><img loading=\"lazy\" decoding=\"async\" width=\"150\" height=\"150\" src=\"https:\/\/www.arquimaster.com.ar\/web\/wp-content\/uploads\/2019\/03\/casa_de_la_huella37-150x150.jpg\" class=\"attachment-thumbnail size-thumbnail\" alt=\"\" aria-describedby=\"gallery-1-36421\" srcset=\"https:\/\/www.arquimaster.com.ar\/web\/wp-content\/uploads\/2019\/03\/casa_de_la_huella37-150x150.jpg 150w, https:\/\/www.arquimaster.com.ar\/web\/wp-content\/uploads\/2019\/03\/casa_de_la_huella37-50x50.jpg 50w, https:\/\/www.arquimaster.com.ar\/web\/wp-content\/uploads\/2019\/03\/casa_de_la_huella37-125x125.jpg 125w\" sizes=\"auto, (max-width: 150px) 100vw, 150px\" \/><\/a>\n\t\t\t<\/div>\n\t\t\t\t<figcaption class='wp-caption-text gallery-caption' id='gallery-1-36421'>\n\t\t\t\tCasa De La Huella \/ NBBO Arquitectos (\u00a9 Javier Agustin Rojas)\n\t\t\t\t<\/figcaption><\/figure><figure class='gallery-item'>\n\t\t\t<div class='gallery-icon portrait'>\n\t\t\t\t<a href='https:\/\/www.arquimaster.com.ar\/web\/wp-content\/uploads\/2019\/03\/casa_de_la_huella38.jpg' title=\"Casa De La Huella \/ NBBO Arquitectos (\u00a9 Javier Agustin Rojas)\" data-rl_title=\"Casa De La Huella \/ NBBO Arquitectos (\u00a9 Javier Agustin Rojas)\" class=\"rl-gallery-link\" data-rl_caption=\"Casa De La Huella \/ NBBO Arquitectos (\u00a9 Javier Agustin Rojas)\" data-rel=\"lightbox-gallery-1\"><img loading=\"lazy\" decoding=\"async\" width=\"150\" height=\"150\" src=\"https:\/\/www.arquimaster.com.ar\/web\/wp-content\/uploads\/2019\/03\/casa_de_la_huella38-150x150.jpg\" class=\"attachment-thumbnail size-thumbnail\" alt=\"\" aria-describedby=\"gallery-1-36422\" srcset=\"https:\/\/www.arquimaster.com.ar\/web\/wp-content\/uploads\/2019\/03\/casa_de_la_huella38-150x150.jpg 150w, https:\/\/www.arquimaster.com.ar\/web\/wp-content\/uploads\/2019\/03\/casa_de_la_huella38-50x50.jpg 50w, https:\/\/www.arquimaster.com.ar\/web\/wp-content\/uploads\/2019\/03\/casa_de_la_huella38-125x125.jpg 125w\" sizes=\"auto, (max-width: 150px) 100vw, 150px\" \/><\/a>\n\t\t\t<\/div>\n\t\t\t\t<figcaption class='wp-caption-text gallery-caption' id='gallery-1-36422'>\n\t\t\t\tCasa De La Huella \/ NBBO Arquitectos (\u00a9 Javier Agustin Rojas)\n\t\t\t\t<\/figcaption><\/figure><figure class='gallery-item'>\n\t\t\t<div class='gallery-icon portrait'>\n\t\t\t\t<a href='https:\/\/www.arquimaster.com.ar\/web\/wp-content\/uploads\/2019\/03\/casa_de_la_huella39.jpg' title=\"Casa De La Huella \/ NBBO Arquitectos (\u00a9 Javier Agustin Rojas)\" data-rl_title=\"Casa De La Huella \/ NBBO Arquitectos (\u00a9 Javier Agustin Rojas)\" class=\"rl-gallery-link\" data-rl_caption=\"Casa De La Huella \/ NBBO Arquitectos (\u00a9 Javier Agustin Rojas)\" data-rel=\"lightbox-gallery-1\"><img loading=\"lazy\" decoding=\"async\" width=\"150\" height=\"150\" src=\"https:\/\/www.arquimaster.com.ar\/web\/wp-content\/uploads\/2019\/03\/casa_de_la_huella39-150x150.jpg\" class=\"attachment-thumbnail size-thumbnail\" alt=\"\" aria-describedby=\"gallery-1-36423\" srcset=\"https:\/\/www.arquimaster.com.ar\/web\/wp-content\/uploads\/2019\/03\/casa_de_la_huella39-150x150.jpg 150w, https:\/\/www.arquimaster.com.ar\/web\/wp-content\/uploads\/2019\/03\/casa_de_la_huella39-50x50.jpg 50w, https:\/\/www.arquimaster.com.ar\/web\/wp-content\/uploads\/2019\/03\/casa_de_la_huella39-125x125.jpg 125w\" sizes=\"auto, (max-width: 150px) 100vw, 150px\" \/><\/a>\n\t\t\t<\/div>\n\t\t\t\t<figcaption class='wp-caption-text gallery-caption' id='gallery-1-36423'>\n\t\t\t\tCasa De La Huella \/ NBBO Arquitectos (\u00a9 Javier Agustin Rojas)\n\t\t\t\t<\/figcaption><\/figure><figure class='gallery-item'>\n\t\t\t<div class='gallery-icon landscape'>\n\t\t\t\t<a href='https:\/\/www.arquimaster.com.ar\/web\/wp-content\/uploads\/2019\/03\/casa_de_la_huella40.jpg' title=\"Casa De La Huella \/ NBBO Arquitectos (\u00a9 Javier Agustin Rojas)\" data-rl_title=\"Casa De La Huella \/ NBBO Arquitectos (\u00a9 Javier Agustin Rojas)\" class=\"rl-gallery-link\" data-rl_caption=\"Casa De La Huella \/ NBBO Arquitectos (\u00a9 Javier Agustin Rojas)\" data-rel=\"lightbox-gallery-1\"><img loading=\"lazy\" decoding=\"async\" width=\"150\" height=\"150\" src=\"https:\/\/www.arquimaster.com.ar\/web\/wp-content\/uploads\/2019\/03\/casa_de_la_huella40-150x150.jpg\" class=\"attachment-thumbnail size-thumbnail\" alt=\"\" aria-describedby=\"gallery-1-36424\" srcset=\"https:\/\/www.arquimaster.com.ar\/web\/wp-content\/uploads\/2019\/03\/casa_de_la_huella40-150x150.jpg 150w, https:\/\/www.arquimaster.com.ar\/web\/wp-content\/uploads\/2019\/03\/casa_de_la_huella40-50x50.jpg 50w, https:\/\/www.arquimaster.com.ar\/web\/wp-content\/uploads\/2019\/03\/casa_de_la_huella40-125x125.jpg 125w\" sizes=\"auto, (max-width: 150px) 100vw, 150px\" \/><\/a>\n\t\t\t<\/div>\n\t\t\t\t<figcaption class='wp-caption-text gallery-caption' id='gallery-1-36424'>\n\t\t\t\tCasa De La Huella \/ NBBO Arquitectos (\u00a9 Javier Agustin Rojas)\n\t\t\t\t<\/figcaption><\/figure><figure class='gallery-item'>\n\t\t\t<div class='gallery-icon landscape'>\n\t\t\t\t<a href='https:\/\/www.arquimaster.com.ar\/web\/wp-content\/uploads\/2019\/03\/casa_de_la_huella41.jpg' title=\"Casa De La Huella \/ NBBO Arquitectos (\u00a9 Javier Agustin Rojas)\" data-rl_title=\"Casa De La Huella \/ NBBO Arquitectos (\u00a9 Javier Agustin Rojas)\" class=\"rl-gallery-link\" data-rl_caption=\"Casa De La Huella \/ NBBO Arquitectos (\u00a9 Javier Agustin Rojas)\" data-rel=\"lightbox-gallery-1\"><img loading=\"lazy\" decoding=\"async\" width=\"150\" height=\"150\" src=\"https:\/\/www.arquimaster.com.ar\/web\/wp-content\/uploads\/2019\/03\/casa_de_la_huella41-150x150.jpg\" class=\"attachment-thumbnail size-thumbnail\" alt=\"\" aria-describedby=\"gallery-1-36425\" srcset=\"https:\/\/www.arquimaster.com.ar\/web\/wp-content\/uploads\/2019\/03\/casa_de_la_huella41-150x150.jpg 150w, https:\/\/www.arquimaster.com.ar\/web\/wp-content\/uploads\/2019\/03\/casa_de_la_huella41-50x50.jpg 50w, https:\/\/www.arquimaster.com.ar\/web\/wp-content\/uploads\/2019\/03\/casa_de_la_huella41-125x125.jpg 125w\" sizes=\"auto, (max-width: 150px) 100vw, 150px\" \/><\/a>\n\t\t\t<\/div>\n\t\t\t\t<figcaption class='wp-caption-text gallery-caption' id='gallery-1-36425'>\n\t\t\t\tCasa De La Huella \/ NBBO Arquitectos (\u00a9 Javier Agustin Rojas)\n\t\t\t\t<\/figcaption><\/figure><figure class='gallery-item'>\n\t\t\t<div class='gallery-icon portrait'>\n\t\t\t\t<a href='https:\/\/www.arquimaster.com.ar\/web\/wp-content\/uploads\/2019\/03\/casa_de_la_huella42.jpg' title=\"Casa De La Huella \/ NBBO Arquitectos (\u00a9 Javier Agustin Rojas)\" data-rl_title=\"Casa De La Huella \/ NBBO Arquitectos (\u00a9 Javier Agustin Rojas)\" class=\"rl-gallery-link\" data-rl_caption=\"Casa De La Huella \/ NBBO Arquitectos (\u00a9 Javier Agustin Rojas)\" data-rel=\"lightbox-gallery-1\"><img loading=\"lazy\" decoding=\"async\" width=\"150\" height=\"150\" src=\"https:\/\/www.arquimaster.com.ar\/web\/wp-content\/uploads\/2019\/03\/casa_de_la_huella42-150x150.jpg\" class=\"attachment-thumbnail size-thumbnail\" alt=\"\" aria-describedby=\"gallery-1-36426\" srcset=\"https:\/\/www.arquimaster.com.ar\/web\/wp-content\/uploads\/2019\/03\/casa_de_la_huella42-150x150.jpg 150w, https:\/\/www.arquimaster.com.ar\/web\/wp-content\/uploads\/2019\/03\/casa_de_la_huella42-50x50.jpg 50w, https:\/\/www.arquimaster.com.ar\/web\/wp-content\/uploads\/2019\/03\/casa_de_la_huella42-125x125.jpg 125w\" sizes=\"auto, (max-width: 150px) 100vw, 150px\" \/><\/a>\n\t\t\t<\/div>\n\t\t\t\t<figcaption class='wp-caption-text gallery-caption' id='gallery-1-36426'>\n\t\t\t\tCasa De La Huella \/ NBBO Arquitectos (\u00a9 Javier Agustin Rojas)\n\t\t\t\t<\/figcaption><\/figure><figure class='gallery-item'>\n\t\t\t<div class='gallery-icon portrait'>\n\t\t\t\t<a href='https:\/\/www.arquimaster.com.ar\/web\/wp-content\/uploads\/2019\/03\/casa_de_la_huella43.jpg' title=\"Casa De La Huella \/ NBBO Arquitectos (\u00a9 Javier Agustin Rojas)\" data-rl_title=\"Casa De La Huella \/ NBBO Arquitectos (\u00a9 Javier Agustin Rojas)\" class=\"rl-gallery-link\" data-rl_caption=\"Casa De La Huella \/ NBBO Arquitectos (\u00a9 Javier Agustin Rojas)\" data-rel=\"lightbox-gallery-1\"><img loading=\"lazy\" decoding=\"async\" width=\"150\" height=\"150\" src=\"https:\/\/www.arquimaster.com.ar\/web\/wp-content\/uploads\/2019\/03\/casa_de_la_huella43-150x150.jpg\" class=\"attachment-thumbnail size-thumbnail\" alt=\"\" aria-describedby=\"gallery-1-36427\" srcset=\"https:\/\/www.arquimaster.com.ar\/web\/wp-content\/uploads\/2019\/03\/casa_de_la_huella43-150x150.jpg 150w, https:\/\/www.arquimaster.com.ar\/web\/wp-content\/uploads\/2019\/03\/casa_de_la_huella43-50x50.jpg 50w, https:\/\/www.arquimaster.com.ar\/web\/wp-content\/uploads\/2019\/03\/casa_de_la_huella43-125x125.jpg 125w\" sizes=\"auto, (max-width: 150px) 100vw, 150px\" \/><\/a>\n\t\t\t<\/div>\n\t\t\t\t<figcaption class='wp-caption-text gallery-caption' id='gallery-1-36427'>\n\t\t\t\tCasa De La Huella \/ NBBO Arquitectos (\u00a9 Javier Agustin Rojas)\n\t\t\t\t<\/figcaption><\/figure><figure class='gallery-item'>\n\t\t\t<div class='gallery-icon landscape'>\n\t\t\t\t<a href='https:\/\/www.arquimaster.com.ar\/web\/wp-content\/uploads\/2019\/03\/casa_de_la_huella44.jpg' title=\"Casa De La Huella \/ NBBO Arquitectos (\u00a9 Javier Agustin Rojas)\" data-rl_title=\"Casa De La Huella \/ NBBO Arquitectos (\u00a9 Javier Agustin Rojas)\" class=\"rl-gallery-link\" data-rl_caption=\"Casa De La Huella \/ NBBO Arquitectos (\u00a9 Javier Agustin Rojas)\" data-rel=\"lightbox-gallery-1\"><img loading=\"lazy\" decoding=\"async\" width=\"150\" height=\"150\" src=\"https:\/\/www.arquimaster.com.ar\/web\/wp-content\/uploads\/2019\/03\/casa_de_la_huella44-150x150.jpg\" class=\"attachment-thumbnail size-thumbnail\" alt=\"\" aria-describedby=\"gallery-1-36428\" srcset=\"https:\/\/www.arquimaster.com.ar\/web\/wp-content\/uploads\/2019\/03\/casa_de_la_huella44-150x150.jpg 150w, https:\/\/www.arquimaster.com.ar\/web\/wp-content\/uploads\/2019\/03\/casa_de_la_huella44-50x50.jpg 50w, https:\/\/www.arquimaster.com.ar\/web\/wp-content\/uploads\/2019\/03\/casa_de_la_huella44-125x125.jpg 125w\" sizes=\"auto, (max-width: 150px) 100vw, 150px\" \/><\/a>\n\t\t\t<\/div>\n\t\t\t\t<figcaption class='wp-caption-text gallery-caption' id='gallery-1-36428'>\n\t\t\t\tCasa De La Huella \/ NBBO Arquitectos (\u00a9 Javier Agustin Rojas)\n\t\t\t\t<\/figcaption><\/figure><figure class='gallery-item'>\n\t\t\t<div class='gallery-icon landscape'>\n\t\t\t\t<a href='https:\/\/www.arquimaster.com.ar\/web\/wp-content\/uploads\/2019\/03\/casa_de_la_huella45.jpg' title=\"Casa De La Huella \/ NBBO Arquitectos (\u00a9 Javier Agustin Rojas)\" data-rl_title=\"Casa De La Huella \/ NBBO Arquitectos (\u00a9 Javier Agustin Rojas)\" class=\"rl-gallery-link\" data-rl_caption=\"Casa De La Huella \/ NBBO Arquitectos (\u00a9 Javier Agustin Rojas)\" data-rel=\"lightbox-gallery-1\"><img loading=\"lazy\" decoding=\"async\" width=\"150\" height=\"150\" src=\"https:\/\/www.arquimaster.com.ar\/web\/wp-content\/uploads\/2019\/03\/casa_de_la_huella45-150x150.jpg\" class=\"attachment-thumbnail size-thumbnail\" alt=\"\" aria-describedby=\"gallery-1-36429\" srcset=\"https:\/\/www.arquimaster.com.ar\/web\/wp-content\/uploads\/2019\/03\/casa_de_la_huella45-150x150.jpg 150w, https:\/\/www.arquimaster.com.ar\/web\/wp-content\/uploads\/2019\/03\/casa_de_la_huella45-1024x1024.jpg 1024w, https:\/\/www.arquimaster.com.ar\/web\/wp-content\/uploads\/2019\/03\/casa_de_la_huella45-768x768.jpg 768w, https:\/\/www.arquimaster.com.ar\/web\/wp-content\/uploads\/2019\/03\/casa_de_la_huella45-50x50.jpg 50w, https:\/\/www.arquimaster.com.ar\/web\/wp-content\/uploads\/2019\/03\/casa_de_la_huella45-125x125.jpg 125w, https:\/\/www.arquimaster.com.ar\/web\/wp-content\/uploads\/2019\/03\/casa_de_la_huella45.jpg 1500w\" sizes=\"auto, (max-width: 150px) 100vw, 150px\" \/><\/a>\n\t\t\t<\/div>\n\t\t\t\t<figcaption class='wp-caption-text gallery-caption' id='gallery-1-36429'>\n\t\t\t\tCasa De La Huella \/ NBBO Arquitectos (\u00a9 Javier Agustin Rojas)\n\t\t\t\t<\/figcaption><\/figure><figure class='gallery-item'>\n\t\t\t<div class='gallery-icon landscape'>\n\t\t\t\t<a href='https:\/\/www.arquimaster.com.ar\/web\/wp-content\/uploads\/2019\/03\/casa_de_la_huella46.jpg' title=\"Casa De La Huella \/ NBBO Arquitectos (\u00a9 Javier Agustin Rojas)\" data-rl_title=\"Casa De La Huella \/ NBBO Arquitectos (\u00a9 Javier Agustin Rojas)\" class=\"rl-gallery-link\" data-rl_caption=\"Casa De La Huella \/ NBBO Arquitectos (\u00a9 Javier Agustin Rojas)\" data-rel=\"lightbox-gallery-1\"><img loading=\"lazy\" decoding=\"async\" width=\"150\" height=\"150\" src=\"https:\/\/www.arquimaster.com.ar\/web\/wp-content\/uploads\/2019\/03\/casa_de_la_huella46-150x150.jpg\" class=\"attachment-thumbnail size-thumbnail\" alt=\"\" aria-describedby=\"gallery-1-36430\" srcset=\"https:\/\/www.arquimaster.com.ar\/web\/wp-content\/uploads\/2019\/03\/casa_de_la_huella46-150x150.jpg 150w, https:\/\/www.arquimaster.com.ar\/web\/wp-content\/uploads\/2019\/03\/casa_de_la_huella46-1024x1024.jpg 1024w, https:\/\/www.arquimaster.com.ar\/web\/wp-content\/uploads\/2019\/03\/casa_de_la_huella46-768x768.jpg 768w, https:\/\/www.arquimaster.com.ar\/web\/wp-content\/uploads\/2019\/03\/casa_de_la_huella46-50x50.jpg 50w, https:\/\/www.arquimaster.com.ar\/web\/wp-content\/uploads\/2019\/03\/casa_de_la_huella46-125x125.jpg 125w, https:\/\/www.arquimaster.com.ar\/web\/wp-content\/uploads\/2019\/03\/casa_de_la_huella46.jpg 1500w\" sizes=\"auto, (max-width: 150px) 100vw, 150px\" \/><\/a>\n\t\t\t<\/div>\n\t\t\t\t<figcaption class='wp-caption-text gallery-caption' id='gallery-1-36430'>\n\t\t\t\tCasa De La Huella \/ NBBO Arquitectos (\u00a9 Javier Agustin Rojas)\n\t\t\t\t<\/figcaption><\/figure><figure class='gallery-item'>\n\t\t\t<div class='gallery-icon portrait'>\n\t\t\t\t<a href='https:\/\/www.arquimaster.com.ar\/web\/wp-content\/uploads\/2019\/03\/casa_de_la_huella47.jpg' title=\"Casa De La Huella \/ NBBO Arquitectos (\u00a9 Javier Agustin Rojas)\" data-rl_title=\"Casa De La Huella \/ NBBO Arquitectos (\u00a9 Javier Agustin Rojas)\" class=\"rl-gallery-link\" data-rl_caption=\"Casa De La Huella \/ NBBO Arquitectos (\u00a9 Javier Agustin Rojas)\" data-rel=\"lightbox-gallery-1\"><img loading=\"lazy\" decoding=\"async\" width=\"150\" height=\"150\" src=\"https:\/\/www.arquimaster.com.ar\/web\/wp-content\/uploads\/2019\/03\/casa_de_la_huella47-150x150.jpg\" class=\"attachment-thumbnail size-thumbnail\" alt=\"\" aria-describedby=\"gallery-1-36431\" srcset=\"https:\/\/www.arquimaster.com.ar\/web\/wp-content\/uploads\/2019\/03\/casa_de_la_huella47-150x150.jpg 150w, https:\/\/www.arquimaster.com.ar\/web\/wp-content\/uploads\/2019\/03\/casa_de_la_huella47-50x50.jpg 50w, https:\/\/www.arquimaster.com.ar\/web\/wp-content\/uploads\/2019\/03\/casa_de_la_huella47-125x125.jpg 125w\" sizes=\"auto, (max-width: 150px) 100vw, 150px\" \/><\/a>\n\t\t\t<\/div>\n\t\t\t\t<figcaption class='wp-caption-text gallery-caption' id='gallery-1-36431'>\n\t\t\t\tCasa De La Huella \/ NBBO Arquitectos (\u00a9 Javier Agustin Rojas)\n\t\t\t\t<\/figcaption><\/figure><figure class='gallery-item'>\n\t\t\t<div class='gallery-icon landscape'>\n\t\t\t\t<a href='https:\/\/www.arquimaster.com.ar\/web\/wp-content\/uploads\/2019\/03\/casa_de_la_huella48.jpg' title=\"Casa De La Huella \/ NBBO Arquitectos (\u00a9 Javier Agustin Rojas)\" data-rl_title=\"Casa De La Huella \/ NBBO Arquitectos (\u00a9 Javier Agustin Rojas)\" class=\"rl-gallery-link\" data-rl_caption=\"Casa De La Huella \/ NBBO Arquitectos (\u00a9 Javier Agustin Rojas)\" data-rel=\"lightbox-gallery-1\"><img loading=\"lazy\" decoding=\"async\" width=\"150\" height=\"150\" src=\"https:\/\/www.arquimaster.com.ar\/web\/wp-content\/uploads\/2019\/03\/casa_de_la_huella48-150x150.jpg\" class=\"attachment-thumbnail size-thumbnail\" alt=\"\" aria-describedby=\"gallery-1-36432\" srcset=\"https:\/\/www.arquimaster.com.ar\/web\/wp-content\/uploads\/2019\/03\/casa_de_la_huella48-150x150.jpg 150w, https:\/\/www.arquimaster.com.ar\/web\/wp-content\/uploads\/2019\/03\/casa_de_la_huella48-1024x1024.jpg 1024w, https:\/\/www.arquimaster.com.ar\/web\/wp-content\/uploads\/2019\/03\/casa_de_la_huella48-768x768.jpg 768w, https:\/\/www.arquimaster.com.ar\/web\/wp-content\/uploads\/2019\/03\/casa_de_la_huella48-50x50.jpg 50w, https:\/\/www.arquimaster.com.ar\/web\/wp-content\/uploads\/2019\/03\/casa_de_la_huella48-125x125.jpg 125w, https:\/\/www.arquimaster.com.ar\/web\/wp-content\/uploads\/2019\/03\/casa_de_la_huella48.jpg 1500w\" sizes=\"auto, (max-width: 150px) 100vw, 150px\" \/><\/a>\n\t\t\t<\/div>\n\t\t\t\t<figcaption class='wp-caption-text gallery-caption' id='gallery-1-36432'>\n\t\t\t\tCasa De La Huella \/ NBBO Arquitectos (\u00a9 Javier Agustin Rojas)\n\t\t\t\t<\/figcaption><\/figure><figure class='gallery-item'>\n\t\t\t<div class='gallery-icon portrait'>\n\t\t\t\t<a href='https:\/\/www.arquimaster.com.ar\/web\/wp-content\/uploads\/2019\/03\/casa_de_la_huella49.jpg' title=\"Casa De La Huella \/ NBBO Arquitectos (planta baja)\" data-rl_title=\"Casa De La Huella \/ NBBO Arquitectos (planta baja)\" class=\"rl-gallery-link\" data-rl_caption=\"Casa De La Huella \/ NBBO Arquitectos (planta baja)\" data-rel=\"lightbox-gallery-1\"><img loading=\"lazy\" decoding=\"async\" width=\"150\" height=\"150\" src=\"https:\/\/www.arquimaster.com.ar\/web\/wp-content\/uploads\/2019\/03\/casa_de_la_huella49-150x150.jpg\" class=\"attachment-thumbnail size-thumbnail\" alt=\"\" aria-describedby=\"gallery-1-36433\" srcset=\"https:\/\/www.arquimaster.com.ar\/web\/wp-content\/uploads\/2019\/03\/casa_de_la_huella49-150x150.jpg 150w, https:\/\/www.arquimaster.com.ar\/web\/wp-content\/uploads\/2019\/03\/casa_de_la_huella49-50x50.jpg 50w, https:\/\/www.arquimaster.com.ar\/web\/wp-content\/uploads\/2019\/03\/casa_de_la_huella49-125x125.jpg 125w\" sizes=\"auto, (max-width: 150px) 100vw, 150px\" \/><\/a>\n\t\t\t<\/div>\n\t\t\t\t<figcaption class='wp-caption-text gallery-caption' id='gallery-1-36433'>\n\t\t\t\tCasa De La Huella \/ NBBO Arquitectos (planta baja)\n\t\t\t\t<\/figcaption><\/figure><figure class='gallery-item'>\n\t\t\t<div class='gallery-icon portrait'>\n\t\t\t\t<a href='https:\/\/www.arquimaster.com.ar\/web\/wp-content\/uploads\/2019\/03\/casa_de_la_huella50.jpg' title=\"Casa De La Huella \/ NBBO Arquitectos (planta alta)\" data-rl_title=\"Casa De La Huella \/ NBBO Arquitectos (planta alta)\" class=\"rl-gallery-link\" data-rl_caption=\"Casa De La Huella \/ NBBO Arquitectos (planta alta)\" data-rel=\"lightbox-gallery-1\"><img loading=\"lazy\" decoding=\"async\" width=\"150\" height=\"150\" src=\"https:\/\/www.arquimaster.com.ar\/web\/wp-content\/uploads\/2019\/03\/casa_de_la_huella50-150x150.jpg\" class=\"attachment-thumbnail size-thumbnail\" alt=\"\" aria-describedby=\"gallery-1-36434\" srcset=\"https:\/\/www.arquimaster.com.ar\/web\/wp-content\/uploads\/2019\/03\/casa_de_la_huella50-150x150.jpg 150w, https:\/\/www.arquimaster.com.ar\/web\/wp-content\/uploads\/2019\/03\/casa_de_la_huella50-50x50.jpg 50w, https:\/\/www.arquimaster.com.ar\/web\/wp-content\/uploads\/2019\/03\/casa_de_la_huella50-125x125.jpg 125w\" sizes=\"auto, (max-width: 150px) 100vw, 150px\" \/><\/a>\n\t\t\t<\/div>\n\t\t\t\t<figcaption class='wp-caption-text gallery-caption' id='gallery-1-36434'>\n\t\t\t\tCasa De La Huella \/ NBBO Arquitectos (planta alta)\n\t\t\t\t<\/figcaption><\/figure><figure class='gallery-item'>\n\t\t\t<div class='gallery-icon landscape'>\n\t\t\t\t<a href='https:\/\/www.arquimaster.com.ar\/web\/wp-content\/uploads\/2019\/03\/casa_de_la_huella51.jpg' title=\"Casa De La Huella \/ NBBO Arquitectos (corte)\" data-rl_title=\"Casa De La Huella \/ NBBO Arquitectos (corte)\" class=\"rl-gallery-link\" data-rl_caption=\"Casa De La Huella \/ NBBO Arquitectos (corte)\" data-rel=\"lightbox-gallery-1\"><img loading=\"lazy\" decoding=\"async\" width=\"150\" height=\"150\" src=\"https:\/\/www.arquimaster.com.ar\/web\/wp-content\/uploads\/2019\/03\/casa_de_la_huella51-150x150.jpg\" class=\"attachment-thumbnail size-thumbnail\" alt=\"\" aria-describedby=\"gallery-1-36435\" srcset=\"https:\/\/www.arquimaster.com.ar\/web\/wp-content\/uploads\/2019\/03\/casa_de_la_huella51-150x150.jpg 150w, https:\/\/www.arquimaster.com.ar\/web\/wp-content\/uploads\/2019\/03\/casa_de_la_huella51-50x50.jpg 50w, https:\/\/www.arquimaster.com.ar\/web\/wp-content\/uploads\/2019\/03\/casa_de_la_huella51-125x125.jpg 125w\" sizes=\"auto, (max-width: 150px) 100vw, 150px\" \/><\/a>\n\t\t\t<\/div>\n\t\t\t\t<figcaption class='wp-caption-text gallery-caption' id='gallery-1-36435'>\n\t\t\t\tCasa De La Huella \/ NBBO Arquitectos (corte)\n\t\t\t\t<\/figcaption><\/figure><figure class='gallery-item'>\n\t\t\t<div class='gallery-icon landscape'>\n\t\t\t\t<a href='https:\/\/www.arquimaster.com.ar\/web\/wp-content\/uploads\/2019\/03\/casa_de_la_huella52.jpg' title=\"Casa De La Huella \/ NBBO Arquitectos (corte)\" data-rl_title=\"Casa De La Huella \/ NBBO Arquitectos (corte)\" class=\"rl-gallery-link\" data-rl_caption=\"Casa De La Huella \/ NBBO Arquitectos (corte)\" data-rel=\"lightbox-gallery-1\"><img loading=\"lazy\" decoding=\"async\" width=\"150\" height=\"150\" src=\"https:\/\/www.arquimaster.com.ar\/web\/wp-content\/uploads\/2019\/03\/casa_de_la_huella52-150x150.jpg\" class=\"attachment-thumbnail size-thumbnail\" alt=\"\" aria-describedby=\"gallery-1-36436\" srcset=\"https:\/\/www.arquimaster.com.ar\/web\/wp-content\/uploads\/2019\/03\/casa_de_la_huella52-150x150.jpg 150w, https:\/\/www.arquimaster.com.ar\/web\/wp-content\/uploads\/2019\/03\/casa_de_la_huella52-50x50.jpg 50w, https:\/\/www.arquimaster.com.ar\/web\/wp-content\/uploads\/2019\/03\/casa_de_la_huella52-125x125.jpg 125w\" sizes=\"auto, (max-width: 150px) 100vw, 150px\" \/><\/a>\n\t\t\t<\/div>\n\t\t\t\t<figcaption class='wp-caption-text gallery-caption' id='gallery-1-36436'>\n\t\t\t\tCasa De La Huella \/ NBBO Arquitectos (corte)\n\t\t\t\t<\/figcaption><\/figure><figure class='gallery-item'>\n\t\t\t<div class='gallery-icon landscape'>\n\t\t\t\t<a href='https:\/\/www.arquimaster.com.ar\/web\/wp-content\/uploads\/2019\/03\/casa_de_la_huella53.jpg' title=\"Casa De La Huella \/ NBBO Arquitectos (corte)\" data-rl_title=\"Casa De La Huella \/ NBBO Arquitectos (corte)\" class=\"rl-gallery-link\" data-rl_caption=\"Casa De La Huella \/ NBBO Arquitectos (corte)\" data-rel=\"lightbox-gallery-1\"><img loading=\"lazy\" decoding=\"async\" width=\"150\" height=\"150\" src=\"https:\/\/www.arquimaster.com.ar\/web\/wp-content\/uploads\/2019\/03\/casa_de_la_huella53-150x150.jpg\" class=\"attachment-thumbnail size-thumbnail\" alt=\"\" aria-describedby=\"gallery-1-36437\" srcset=\"https:\/\/www.arquimaster.com.ar\/web\/wp-content\/uploads\/2019\/03\/casa_de_la_huella53-150x150.jpg 150w, https:\/\/www.arquimaster.com.ar\/web\/wp-content\/uploads\/2019\/03\/casa_de_la_huella53-50x50.jpg 50w, https:\/\/www.arquimaster.com.ar\/web\/wp-content\/uploads\/2019\/03\/casa_de_la_huella53-125x125.jpg 125w\" sizes=\"auto, (max-width: 150px) 100vw, 150px\" \/><\/a>\n\t\t\t<\/div>\n\t\t\t\t<figcaption class='wp-caption-text gallery-caption' id='gallery-1-36437'>\n\t\t\t\tCasa De La Huella \/ NBBO Arquitectos (corte)\n\t\t\t\t<\/figcaption><\/figure><figure class='gallery-item'>\n\t\t\t<div class='gallery-icon landscape'>\n\t\t\t\t<a href='https:\/\/www.arquimaster.com.ar\/web\/wp-content\/uploads\/2019\/03\/casa_de_la_huella54.jpg' title=\"Casa De La Huella \/ NBBO Arquitectos (corte)\" data-rl_title=\"Casa De La Huella \/ NBBO Arquitectos (corte)\" class=\"rl-gallery-link\" data-rl_caption=\"Casa De La Huella \/ NBBO Arquitectos (corte)\" data-rel=\"lightbox-gallery-1\"><img loading=\"lazy\" decoding=\"async\" width=\"150\" height=\"150\" src=\"https:\/\/www.arquimaster.com.ar\/web\/wp-content\/uploads\/2019\/03\/casa_de_la_huella54-150x150.jpg\" class=\"attachment-thumbnail size-thumbnail\" alt=\"\" aria-describedby=\"gallery-1-36438\" srcset=\"https:\/\/www.arquimaster.com.ar\/web\/wp-content\/uploads\/2019\/03\/casa_de_la_huella54-150x150.jpg 150w, https:\/\/www.arquimaster.com.ar\/web\/wp-content\/uploads\/2019\/03\/casa_de_la_huella54-50x50.jpg 50w, https:\/\/www.arquimaster.com.ar\/web\/wp-content\/uploads\/2019\/03\/casa_de_la_huella54-125x125.jpg 125w\" sizes=\"auto, (max-width: 150px) 100vw, 150px\" \/><\/a>\n\t\t\t<\/div>\n\t\t\t\t<figcaption class='wp-caption-text gallery-caption' id='gallery-1-36438'>\n\t\t\t\tCasa De La Huella \/ NBBO Arquitectos (corte)\n\t\t\t\t<\/figcaption><\/figure><figure class='gallery-item'>\n\t\t\t<div class='gallery-icon landscape'>\n\t\t\t\t<a href='https:\/\/www.arquimaster.com.ar\/web\/wp-content\/uploads\/2019\/03\/casa_de_la_huella55.jpg' title=\"Casa De La Huella \/ NBBO Arquitectos (vista frente)\" data-rl_title=\"Casa De La Huella \/ NBBO Arquitectos (vista frente)\" class=\"rl-gallery-link\" data-rl_caption=\"Casa De La Huella \/ NBBO Arquitectos (vista frente)\" data-rel=\"lightbox-gallery-1\"><img loading=\"lazy\" decoding=\"async\" width=\"150\" height=\"150\" src=\"https:\/\/www.arquimaster.com.ar\/web\/wp-content\/uploads\/2019\/03\/casa_de_la_huella55-150x150.jpg\" class=\"attachment-thumbnail size-thumbnail\" alt=\"\" aria-describedby=\"gallery-1-36439\" srcset=\"https:\/\/www.arquimaster.com.ar\/web\/wp-content\/uploads\/2019\/03\/casa_de_la_huella55-150x150.jpg 150w, https:\/\/www.arquimaster.com.ar\/web\/wp-content\/uploads\/2019\/03\/casa_de_la_huella55-50x50.jpg 50w, https:\/\/www.arquimaster.com.ar\/web\/wp-content\/uploads\/2019\/03\/casa_de_la_huella55-125x125.jpg 125w\" sizes=\"auto, (max-width: 150px) 100vw, 150px\" \/><\/a>\n\t\t\t<\/div>\n\t\t\t\t<figcaption class='wp-caption-text gallery-caption' id='gallery-1-36439'>\n\t\t\t\tCasa De La Huella \/ NBBO Arquitectos (vista frente)\n\t\t\t\t<\/figcaption><\/figure><figure class='gallery-item'>\n\t\t\t<div class='gallery-icon landscape'>\n\t\t\t\t<a href='https:\/\/www.arquimaster.com.ar\/web\/wp-content\/uploads\/2019\/03\/casa_de_la_huella56.jpg' title=\"Casa De La Huella \/ NBBO Arquitectos (vista contrafrente)\" data-rl_title=\"Casa De La Huella \/ NBBO Arquitectos (vista contrafrente)\" class=\"rl-gallery-link\" data-rl_caption=\"Casa De La Huella \/ NBBO Arquitectos (vista contrafrente)\" data-rel=\"lightbox-gallery-1\"><img loading=\"lazy\" decoding=\"async\" width=\"150\" height=\"150\" src=\"https:\/\/www.arquimaster.com.ar\/web\/wp-content\/uploads\/2019\/03\/casa_de_la_huella56-150x150.jpg\" class=\"attachment-thumbnail size-thumbnail\" alt=\"\" aria-describedby=\"gallery-1-36440\" srcset=\"https:\/\/www.arquimaster.com.ar\/web\/wp-content\/uploads\/2019\/03\/casa_de_la_huella56-150x150.jpg 150w, https:\/\/www.arquimaster.com.ar\/web\/wp-content\/uploads\/2019\/03\/casa_de_la_huella56-50x50.jpg 50w, https:\/\/www.arquimaster.com.ar\/web\/wp-content\/uploads\/2019\/03\/casa_de_la_huella56-125x125.jpg 125w\" sizes=\"auto, (max-width: 150px) 100vw, 150px\" \/><\/a>\n\t\t\t<\/div>\n\t\t\t\t<figcaption class='wp-caption-text gallery-caption' id='gallery-1-36440'>\n\t\t\t\tCasa De La Huella \/ NBBO Arquitectos (vista contrafrente)\n\t\t\t\t<\/figcaption><\/figure><figure class='gallery-item'>\n\t\t\t<div class='gallery-icon portrait'>\n\t\t\t\t<a href='https:\/\/www.arquimaster.com.ar\/web\/wp-content\/uploads\/2019\/03\/casa_de_la_huella57.jpg' title=\"Casa De La Huella \/ NBBO Arquitectos (axonometria planta baja)\" data-rl_title=\"Casa De La Huella \/ NBBO Arquitectos (axonometria planta baja)\" class=\"rl-gallery-link\" data-rl_caption=\"Casa De La Huella \/ NBBO Arquitectos (axonometria planta baja)\" data-rel=\"lightbox-gallery-1\"><img loading=\"lazy\" decoding=\"async\" width=\"150\" height=\"150\" src=\"https:\/\/www.arquimaster.com.ar\/web\/wp-content\/uploads\/2019\/03\/casa_de_la_huella57-150x150.jpg\" class=\"attachment-thumbnail size-thumbnail\" alt=\"\" aria-describedby=\"gallery-1-36441\" srcset=\"https:\/\/www.arquimaster.com.ar\/web\/wp-content\/uploads\/2019\/03\/casa_de_la_huella57-150x150.jpg 150w, https:\/\/www.arquimaster.com.ar\/web\/wp-content\/uploads\/2019\/03\/casa_de_la_huella57-50x50.jpg 50w, https:\/\/www.arquimaster.com.ar\/web\/wp-content\/uploads\/2019\/03\/casa_de_la_huella57-125x125.jpg 125w\" sizes=\"auto, (max-width: 150px) 100vw, 150px\" \/><\/a>\n\t\t\t<\/div>\n\t\t\t\t<figcaption class='wp-caption-text gallery-caption' id='gallery-1-36441'>\n\t\t\t\tCasa De La Huella \/ NBBO Arquitectos (axonometria planta baja)\n\t\t\t\t<\/figcaption><\/figure><figure class='gallery-item'>\n\t\t\t<div class='gallery-icon portrait'>\n\t\t\t\t<a href='https:\/\/www.arquimaster.com.ar\/web\/wp-content\/uploads\/2019\/03\/casa_de_la_huella58.jpg' title=\"Casa De La Huella \/ NBBO Arquitectos (axonometria planta alta)\" data-rl_title=\"Casa De La Huella \/ NBBO Arquitectos (axonometria planta alta)\" class=\"rl-gallery-link\" data-rl_caption=\"Casa De La Huella \/ NBBO Arquitectos (axonometria planta alta)\" data-rel=\"lightbox-gallery-1\"><img loading=\"lazy\" decoding=\"async\" width=\"150\" height=\"150\" src=\"https:\/\/www.arquimaster.com.ar\/web\/wp-content\/uploads\/2019\/03\/casa_de_la_huella58-150x150.jpg\" class=\"attachment-thumbnail size-thumbnail\" alt=\"\" aria-describedby=\"gallery-1-36442\" srcset=\"https:\/\/www.arquimaster.com.ar\/web\/wp-content\/uploads\/2019\/03\/casa_de_la_huella58-150x150.jpg 150w, https:\/\/www.arquimaster.com.ar\/web\/wp-content\/uploads\/2019\/03\/casa_de_la_huella58-50x50.jpg 50w, https:\/\/www.arquimaster.com.ar\/web\/wp-content\/uploads\/2019\/03\/casa_de_la_huella58-125x125.jpg 125w\" sizes=\"auto, (max-width: 150px) 100vw, 150px\" \/><\/a>\n\t\t\t<\/div>\n\t\t\t\t<figcaption class='wp-caption-text gallery-caption' id='gallery-1-36442'>\n\t\t\t\tCasa De La Huella \/ NBBO Arquitectos (axonometria planta alta)\n\t\t\t\t<\/figcaption><\/figure><figure class='gallery-item'>\n\t\t\t<div class='gallery-icon landscape'>\n\t\t\t\t<a href='https:\/\/www.arquimaster.com.ar\/web\/wp-content\/uploads\/2019\/03\/casa_de_la_huella59.jpg' title=\"Casa De La Huella \/ NBBO Arquitectos (vivienda existente)\" data-rl_title=\"Casa De La Huella \/ NBBO Arquitectos (vivienda existente)\" class=\"rl-gallery-link\" data-rl_caption=\"Casa De La Huella \/ NBBO Arquitectos (vivienda existente)\" data-rel=\"lightbox-gallery-1\"><img loading=\"lazy\" decoding=\"async\" width=\"150\" height=\"150\" src=\"https:\/\/www.arquimaster.com.ar\/web\/wp-content\/uploads\/2019\/03\/casa_de_la_huella59-150x150.jpg\" class=\"attachment-thumbnail size-thumbnail\" alt=\"\" aria-describedby=\"gallery-1-36443\" srcset=\"https:\/\/www.arquimaster.com.ar\/web\/wp-content\/uploads\/2019\/03\/casa_de_la_huella59-150x150.jpg 150w, https:\/\/www.arquimaster.com.ar\/web\/wp-content\/uploads\/2019\/03\/casa_de_la_huella59-50x50.jpg 50w, https:\/\/www.arquimaster.com.ar\/web\/wp-content\/uploads\/2019\/03\/casa_de_la_huella59-125x125.jpg 125w\" sizes=\"auto, (max-width: 150px) 100vw, 150px\" \/><\/a>\n\t\t\t<\/div>\n\t\t\t\t<figcaption class='wp-caption-text gallery-caption' id='gallery-1-36443'>\n\t\t\t\tCasa De La Huella \/ NBBO Arquitectos (vivienda existente)\n\t\t\t\t<\/figcaption><\/figure><figure class='gallery-item'>\n\t\t\t<div class='gallery-icon landscape'>\n\t\t\t\t<a href='https:\/\/www.arquimaster.com.ar\/web\/wp-content\/uploads\/2019\/03\/casa_de_la_huella60.jpg' title=\"Casa De La Huella \/ NBBO Arquitectos (vivienda existente)\" data-rl_title=\"Casa De La Huella \/ NBBO Arquitectos (vivienda existente)\" class=\"rl-gallery-link\" data-rl_caption=\"Casa De La Huella \/ NBBO Arquitectos (vivienda existente)\" data-rel=\"lightbox-gallery-1\"><img loading=\"lazy\" decoding=\"async\" width=\"150\" height=\"150\" src=\"https:\/\/www.arquimaster.com.ar\/web\/wp-content\/uploads\/2019\/03\/casa_de_la_huella60-150x150.jpg\" class=\"attachment-thumbnail size-thumbnail\" alt=\"\" aria-describedby=\"gallery-1-36444\" srcset=\"https:\/\/www.arquimaster.com.ar\/web\/wp-content\/uploads\/2019\/03\/casa_de_la_huella60-150x150.jpg 150w, https:\/\/www.arquimaster.com.ar\/web\/wp-content\/uploads\/2019\/03\/casa_de_la_huella60-50x50.jpg 50w, https:\/\/www.arquimaster.com.ar\/web\/wp-content\/uploads\/2019\/03\/casa_de_la_huella60-125x125.jpg 125w\" sizes=\"auto, (max-width: 150px) 100vw, 150px\" \/><\/a>\n\t\t\t<\/div>\n\t\t\t\t<figcaption class='wp-caption-text gallery-caption' id='gallery-1-36444'>\n\t\t\t\tCasa De La Huella \/ NBBO Arquitectos (vivienda existente)\n\t\t\t\t<\/figcaption><\/figure><figure class='gallery-item'>\n\t\t\t<div class='gallery-icon landscape'>\n\t\t\t\t<a href='https:\/\/www.arquimaster.com.ar\/web\/wp-content\/uploads\/2019\/03\/casa_de_la_huella61.jpg' title=\"Casa De La Huella \/ NBBO Arquitectos (vivienda existente)\" data-rl_title=\"Casa De La Huella \/ NBBO Arquitectos (vivienda existente)\" class=\"rl-gallery-link\" data-rl_caption=\"Casa De La Huella \/ NBBO Arquitectos (vivienda existente)\" data-rel=\"lightbox-gallery-1\"><img loading=\"lazy\" decoding=\"async\" width=\"150\" height=\"150\" src=\"https:\/\/www.arquimaster.com.ar\/web\/wp-content\/uploads\/2019\/03\/casa_de_la_huella61-150x150.jpg\" class=\"attachment-thumbnail size-thumbnail\" alt=\"\" aria-describedby=\"gallery-1-36445\" srcset=\"https:\/\/www.arquimaster.com.ar\/web\/wp-content\/uploads\/2019\/03\/casa_de_la_huella61-150x150.jpg 150w, https:\/\/www.arquimaster.com.ar\/web\/wp-content\/uploads\/2019\/03\/casa_de_la_huella61-50x50.jpg 50w, https:\/\/www.arquimaster.com.ar\/web\/wp-content\/uploads\/2019\/03\/casa_de_la_huella61-125x125.jpg 125w\" sizes=\"auto, (max-width: 150px) 100vw, 150px\" \/><\/a>\n\t\t\t<\/div>\n\t\t\t\t<figcaption class='wp-caption-text gallery-caption' id='gallery-1-36445'>\n\t\t\t\tCasa De La Huella \/ NBBO Arquitectos (vivienda existente)\n\t\t\t\t<\/figcaption><\/figure><figure class='gallery-item'>\n\t\t\t<div class='gallery-icon portrait'>\n\t\t\t\t<a href='https:\/\/www.arquimaster.com.ar\/web\/wp-content\/uploads\/2019\/03\/casa_de_la_huella63.jpg' title=\"Casa De La Huella \/ NBBO Arquitectos (vivienda existente)\" data-rl_title=\"Casa De La Huella \/ NBBO Arquitectos (vivienda existente)\" class=\"rl-gallery-link\" data-rl_caption=\"Casa De La Huella \/ NBBO Arquitectos (vivienda existente)\" data-rel=\"lightbox-gallery-1\"><img loading=\"lazy\" decoding=\"async\" width=\"150\" height=\"150\" src=\"https:\/\/www.arquimaster.com.ar\/web\/wp-content\/uploads\/2019\/03\/casa_de_la_huella63-150x150.jpg\" class=\"attachment-thumbnail size-thumbnail\" alt=\"\" aria-describedby=\"gallery-1-36447\" srcset=\"https:\/\/www.arquimaster.com.ar\/web\/wp-content\/uploads\/2019\/03\/casa_de_la_huella63-150x150.jpg 150w, https:\/\/www.arquimaster.com.ar\/web\/wp-content\/uploads\/2019\/03\/casa_de_la_huella63-50x50.jpg 50w, https:\/\/www.arquimaster.com.ar\/web\/wp-content\/uploads\/2019\/03\/casa_de_la_huella63-125x125.jpg 125w\" sizes=\"auto, (max-width: 150px) 100vw, 150px\" \/><\/a>\n\t\t\t<\/div>\n\t\t\t\t<figcaption class='wp-caption-text gallery-caption' id='gallery-1-36447'>\n\t\t\t\tCasa De La Huella \/ NBBO Arquitectos (vivienda existente)\n\t\t\t\t<\/figcaption><\/figure><figure class='gallery-item'>\n\t\t\t<div class='gallery-icon portrait'>\n\t\t\t\t<a href='https:\/\/www.arquimaster.com.ar\/web\/wp-content\/uploads\/2019\/03\/casa_de_la_huella64.jpg' title=\"Casa De La Huella \/ NBBO Arquitectos (vivienda existente)\" data-rl_title=\"Casa De La Huella \/ NBBO Arquitectos (vivienda existente)\" class=\"rl-gallery-link\" data-rl_caption=\"Casa De La Huella \/ NBBO Arquitectos (vivienda existente)\" data-rel=\"lightbox-gallery-1\"><img loading=\"lazy\" decoding=\"async\" width=\"150\" height=\"150\" src=\"https:\/\/www.arquimaster.com.ar\/web\/wp-content\/uploads\/2019\/03\/casa_de_la_huella64-150x150.jpg\" class=\"attachment-thumbnail size-thumbnail\" alt=\"\" aria-describedby=\"gallery-1-36448\" srcset=\"https:\/\/www.arquimaster.com.ar\/web\/wp-content\/uploads\/2019\/03\/casa_de_la_huella64-150x150.jpg 150w, https:\/\/www.arquimaster.com.ar\/web\/wp-content\/uploads\/2019\/03\/casa_de_la_huella64-50x50.jpg 50w, https:\/\/www.arquimaster.com.ar\/web\/wp-content\/uploads\/2019\/03\/casa_de_la_huella64-125x125.jpg 125w\" sizes=\"auto, (max-width: 150px) 100vw, 150px\" \/><\/a>\n\t\t\t<\/div>\n\t\t\t\t<figcaption class='wp-caption-text gallery-caption' id='gallery-1-36448'>\n\t\t\t\tCasa De La Huella \/ NBBO Arquitectos (vivienda existente)\n\t\t\t\t<\/figcaption><\/figure>\n\t\t<\/div>\n\n<p><strong>La Casa<\/strong><br \/>\nLa ampliaci\u00f3n parte en conservar al m\u00e1ximo posible la vivienda original realiz\u00e1ndole operaciones que nos permitan abrirnos al parque para exacerbar las visuales. La demolici\u00f3n de la losa central genera una doble altura que nos servir\u00e1 para coser el volumen original con una nueva planta alta.<\/p>\n<p>Este espacio vital de la vivienda por medio de pa\u00f1os vidriados nos brinda una iluminaci\u00f3n buscada y una doble ventilaci\u00f3n cruzada que nos ayudar\u00e1 a reducir los sofocantes calores en verano.<\/p>\n<p>Una gama de colores claros reflejan la iluminaci\u00f3n natural dando como resultado una claridad espacial, la cual es complementada por la calidez de la madera en el acceso y caja de escalera.<\/p>\n<p>El nuevo volumen de la planta alta es una caja de materiales livianos y de r\u00e1pida ejecuci\u00f3n, capaz de ser soportada por la estructura existente y acortando los plazos de obra. La totalidad del nuevo volumen est\u00e1 revestido en chapa, dando una sensaci\u00f3n de liviandad.<\/p>\n<p>El sistema constructivo elegido posee materiales con una gran aislaci\u00f3n t\u00e9rmica que contribuyen a una arquitectura sustentable, reduciendo el consumo energ\u00e9tico para calefaccionar y refrigerar la vivienda.<\/p>\n<p>Una amplia galer\u00eda, nexo entre la vivienda y el parque, genera una continuidad espacial que potencia el contacto con la naturaleza y complementa el programa planteado.<\/p>\n<p><strong>Ficha t\u00e9cnica<\/strong><br \/>\nNombre: Casa De La Huella<br \/>\nUbicaci\u00f3n: Parque Leloir, Partido de Ituzaing\u00f3, Pcia. de Buenos Aires, Argentina<br \/>\nEstudio arquitectura: NBBO Arquitectos<br \/>\nArquitectos: Arq. Nicolas S. Brandariz, Arq. Brian Oliver<br \/>\nSistema constructivo: Sipanel<br \/>\nSuperficie: 305 m2<br \/>\nA\u00f1o proyecto: 2017<br \/>\nA\u00f1o obra: 2018<br \/>\nFotografia: <a href=\"http:\/\/www.javieragustinrojas.com\" target=\"_blank\" rel=\"noopener noreferrer\">Javier Agustin Rojas<\/a><\/p>\n<p><strong>Contacto<\/strong><br \/>\n<a href=\"http:\/\/www.nbbo.com.ar\" target=\"_blank\" rel=\"noopener noreferrer\">http:\/\/www.nbbo.com.ar<\/a><br \/>\nInstagram: @nbbo.arquitectos<\/p>\n\n<div style=\"font-size: 0px; height: 0px; line-height: 0px; margin: 0; padding: 0; clear: both;\"><\/div><div style=\"margin-top: 0px; margin-bottom: 0px;\" class=\"sharethis-inline-share-buttons\" ><\/div>","protected":false},"excerpt":{"rendered":"<p>Reciclado y ampliaci\u00f3n de una casa estilo colonial potenciando el contacto con la naturaleza&#8230;<\/p>\n","protected":false},"author":1,"featured_media":36384,"comment_status":"closed","ping_status":"closed","sticky":false,"template":"","format":"standard","meta":{"_uag_custom_page_level_css":"","footnotes":""},"categories":[1,82,83],"tags":[681,5159,1674,5157,5158,1673,1043,254],"class_list":["post-36383","post","type-post","status-publish","format-standard","has-post-thumbnail","hentry","category-proyecto","category-rehabilitaciones","category-vivienda-unifamiliar","tag-ampliacion","tag-brian-oliver","tag-ituzaingo","tag-nbbo-arquitectos","tag-nicolas-s-brandariz","tag-parque-leloir","tag-reforma-de-vivienda","tag-vivienda-unifamiliar-2","generate-columns","tablet-grid-50","mobile-grid-100","grid-parent","grid-50"],"yoast_head":"<!-- This site is optimized with the Yoast SEO plugin v27.3 - https:\/\/yoast.com\/product\/yoast-seo-wordpress\/ -->\n<title>Casa De La Huella \/ NBBO Arquitectos - Arquimaster<\/title>\n<meta name=\"description\" content=\"Reciclado y ampliaci\u00f3n de una casa de estilo colonial, ubicada en una zona ecologicamente protegida de Parque Leloir, potenciando el contacto con la naturaleza y utilizando un sistema constructivo liviano, energ\u00e9ticamente eficiente y sustentable.\" \/>\n<meta name=\"robots\" content=\"index, follow, max-snippet:-1, max-image-preview:large, max-video-preview:-1\" \/>\n<link rel=\"canonical\" href=\"https:\/\/www.arquimaster.com.ar\/web\/casa-de-la-huella-nbbo-arquitectos\/\" \/>\n<meta property=\"og:locale\" content=\"es_ES\" \/>\n<meta property=\"og:type\" content=\"article\" \/>\n<meta property=\"og:title\" content=\"Casa De La Huella (Parque Leloir, Pcia. de Buenos Aires, Argentina) por NBBO Arquitectos\" \/>\n<meta property=\"og:description\" content=\"Reciclado y ampliaci\u00f3n de una casa de estilo colonial, ubicada en una zona ecologicamente protegida de Parque Leloir, potenciando el contacto con la naturaleza y utilizando un sistema constructivo liviano, energ\u00e9ticamente eficiente y sustentable.\" \/>\n<meta property=\"og:url\" content=\"https:\/\/www.arquimaster.com.ar\/web\/casa-de-la-huella-nbbo-arquitectos\/\" \/>\n<meta property=\"og:site_name\" content=\"Arquimaster\" \/>\n<meta property=\"article:publisher\" content=\"http:\/\/www.facebook.com\/ARQUIMASTER.com.ar\" \/>\n<meta property=\"article:published_time\" content=\"2019-03-14T22:19:33+00:00\" \/>\n<meta property=\"article:modified_time\" content=\"2020-03-15T19:44:50+00:00\" \/>\n<meta property=\"og:image\" content=\"https:\/\/www.arquimaster.com.ar\/web\/wp-content\/uploads\/2019\/03\/casa_de_la_huella_slide-wpp1584301383516.jpg\" \/>\n\t<meta property=\"og:image:width\" content=\"698\" \/>\n\t<meta property=\"og:image:height\" content=\"364\" \/>\n\t<meta property=\"og:image:type\" content=\"image\/jpeg\" \/>\n<meta name=\"author\" content=\"Arquimaster\" \/>\n<meta name=\"twitter:card\" content=\"summary_large_image\" \/>\n<meta name=\"twitter:title\" content=\"Casa De La Huella (Parque Leloir, Pcia. de Buenos Aires, Argentina) por NBBO Arquitectos\" \/>\n<meta name=\"twitter:description\" content=\"Reciclado y ampliaci\u00f3n de una casa de estilo colonial, ubicada en una zona ecologicamente protegida de Parque Leloir, potenciando el contacto con la naturaleza y utilizando un sistema constructivo liviano, energ\u00e9ticamente eficiente y sustentable.\" \/>\n<meta name=\"twitter:image\" content=\"https:\/\/www.arquimaster.com.ar\/web\/wp-content\/uploads\/2019\/03\/casa_de_la_huella_slide-wpp1584301383516.jpg\" \/>\n<meta name=\"twitter:creator\" content=\"@arquimaster\" \/>\n<meta name=\"twitter:site\" content=\"@arquimaster\" \/>\n<meta name=\"twitter:label1\" content=\"Escrito por\" \/>\n\t<meta name=\"twitter:data1\" content=\"Arquimaster\" \/>\n\t<meta name=\"twitter:label2\" content=\"Tiempo de lectura\" \/>\n\t<meta name=\"twitter:data2\" content=\"2 minutos\" \/>\n<script type=\"application\/ld+json\" class=\"yoast-schema-graph\">{\"@context\":\"https:\\\/\\\/schema.org\",\"@graph\":[{\"@type\":\"Article\",\"@id\":\"https:\\\/\\\/www.arquimaster.com.ar\\\/web\\\/casa-de-la-huella-nbbo-arquitectos\\\/#article\",\"isPartOf\":{\"@id\":\"https:\\\/\\\/www.arquimaster.com.ar\\\/web\\\/casa-de-la-huella-nbbo-arquitectos\\\/\"},\"author\":{\"name\":\"Arquimaster\",\"@id\":\"https:\\\/\\\/www.arquimaster.com.ar\\\/web\\\/#\\\/schema\\\/person\\\/359e9f7c00193fcde068e0dd2ceb0028\"},\"headline\":\"Casa De La Huella \\\/ NBBO Arquitectos\",\"datePublished\":\"2019-03-14T22:19:33+00:00\",\"dateModified\":\"2020-03-15T19:44:50+00:00\",\"mainEntityOfPage\":{\"@id\":\"https:\\\/\\\/www.arquimaster.com.ar\\\/web\\\/casa-de-la-huella-nbbo-arquitectos\\\/\"},\"wordCount\":423,\"publisher\":{\"@id\":\"https:\\\/\\\/www.arquimaster.com.ar\\\/web\\\/#organization\"},\"image\":{\"@id\":\"https:\\\/\\\/www.arquimaster.com.ar\\\/web\\\/casa-de-la-huella-nbbo-arquitectos\\\/#primaryimage\"},\"thumbnailUrl\":\"https:\\\/\\\/www.arquimaster.com.ar\\\/web\\\/wp-content\\\/uploads\\\/2019\\\/03\\\/casa_de_la_huella_slide-wpp1584301383516.jpg\",\"keywords\":[\"ampliaci\u00f3n\",\"Brian Oliver\",\"Ituzaingo\",\"NBBO Arquitectos\",\"Nicolas S. Brandariz\",\"Parque Leloir\",\"reforma de vivienda\",\"vivienda unifamiliar\"],\"articleSection\":[\"Proyecto\",\"Rehabilitaciones y ampliaciones\",\"Vivienda unifamiliar y PH\"],\"inLanguage\":\"es\"},{\"@type\":\"WebPage\",\"@id\":\"https:\\\/\\\/www.arquimaster.com.ar\\\/web\\\/casa-de-la-huella-nbbo-arquitectos\\\/\",\"url\":\"https:\\\/\\\/www.arquimaster.com.ar\\\/web\\\/casa-de-la-huella-nbbo-arquitectos\\\/\",\"name\":\"Casa De La Huella \\\/ NBBO Arquitectos - Arquimaster\",\"isPartOf\":{\"@id\":\"https:\\\/\\\/www.arquimaster.com.ar\\\/web\\\/#website\"},\"primaryImageOfPage\":{\"@id\":\"https:\\\/\\\/www.arquimaster.com.ar\\\/web\\\/casa-de-la-huella-nbbo-arquitectos\\\/#primaryimage\"},\"image\":{\"@id\":\"https:\\\/\\\/www.arquimaster.com.ar\\\/web\\\/casa-de-la-huella-nbbo-arquitectos\\\/#primaryimage\"},\"thumbnailUrl\":\"https:\\\/\\\/www.arquimaster.com.ar\\\/web\\\/wp-content\\\/uploads\\\/2019\\\/03\\\/casa_de_la_huella_slide-wpp1584301383516.jpg\",\"datePublished\":\"2019-03-14T22:19:33+00:00\",\"dateModified\":\"2020-03-15T19:44:50+00:00\",\"description\":\"Reciclado y ampliaci\u00f3n de una casa de estilo colonial, ubicada en una zona ecologicamente protegida de Parque Leloir, potenciando el contacto con la naturaleza y utilizando un sistema constructivo liviano, energ\u00e9ticamente eficiente y sustentable.\",\"breadcrumb\":{\"@id\":\"https:\\\/\\\/www.arquimaster.com.ar\\\/web\\\/casa-de-la-huella-nbbo-arquitectos\\\/#breadcrumb\"},\"inLanguage\":\"es\",\"potentialAction\":[{\"@type\":\"ReadAction\",\"target\":[\"https:\\\/\\\/www.arquimaster.com.ar\\\/web\\\/casa-de-la-huella-nbbo-arquitectos\\\/\"]}]},{\"@type\":\"ImageObject\",\"inLanguage\":\"es\",\"@id\":\"https:\\\/\\\/www.arquimaster.com.ar\\\/web\\\/casa-de-la-huella-nbbo-arquitectos\\\/#primaryimage\",\"url\":\"https:\\\/\\\/www.arquimaster.com.ar\\\/web\\\/wp-content\\\/uploads\\\/2019\\\/03\\\/casa_de_la_huella_slide-wpp1584301383516.jpg\",\"contentUrl\":\"https:\\\/\\\/www.arquimaster.com.ar\\\/web\\\/wp-content\\\/uploads\\\/2019\\\/03\\\/casa_de_la_huella_slide-wpp1584301383516.jpg\",\"width\":698,\"height\":364},{\"@type\":\"BreadcrumbList\",\"@id\":\"https:\\\/\\\/www.arquimaster.com.ar\\\/web\\\/casa-de-la-huella-nbbo-arquitectos\\\/#breadcrumb\",\"itemListElement\":[{\"@type\":\"ListItem\",\"position\":1,\"name\":\"Portada\",\"item\":\"https:\\\/\\\/www.arquimaster.com.ar\\\/web\\\/\"},{\"@type\":\"ListItem\",\"position\":2,\"name\":\"Casa De La Huella \\\/ NBBO Arquitectos\"}]},{\"@type\":\"WebSite\",\"@id\":\"https:\\\/\\\/www.arquimaster.com.ar\\\/web\\\/#website\",\"url\":\"https:\\\/\\\/www.arquimaster.com.ar\\\/web\\\/\",\"name\":\"Arquimaster\",\"description\":\"Web de arquitectura, dise\u00f1o y construccion\",\"publisher\":{\"@id\":\"https:\\\/\\\/www.arquimaster.com.ar\\\/web\\\/#organization\"},\"potentialAction\":[{\"@type\":\"SearchAction\",\"target\":{\"@type\":\"EntryPoint\",\"urlTemplate\":\"https:\\\/\\\/www.arquimaster.com.ar\\\/web\\\/?s={search_term_string}\"},\"query-input\":{\"@type\":\"PropertyValueSpecification\",\"valueRequired\":true,\"valueName\":\"search_term_string\"}}],\"inLanguage\":\"es\"},{\"@type\":\"Organization\",\"@id\":\"https:\\\/\\\/www.arquimaster.com.ar\\\/web\\\/#organization\",\"name\":\"Arquimaster\",\"url\":\"https:\\\/\\\/www.arquimaster.com.ar\\\/web\\\/\",\"logo\":{\"@type\":\"ImageObject\",\"inLanguage\":\"es\",\"@id\":\"https:\\\/\\\/www.arquimaster.com.ar\\\/web\\\/#\\\/schema\\\/logo\\\/image\\\/\",\"url\":\"https:\\\/\\\/www.arquimaster.com.ar\\\/web\\\/wp-content\\\/uploads\\\/2022\\\/06\\\/arquimaster.png\",\"contentUrl\":\"https:\\\/\\\/www.arquimaster.com.ar\\\/web\\\/wp-content\\\/uploads\\\/2022\\\/06\\\/arquimaster.png\",\"width\":594,\"height\":78,\"caption\":\"Arquimaster\"},\"image\":{\"@id\":\"https:\\\/\\\/www.arquimaster.com.ar\\\/web\\\/#\\\/schema\\\/logo\\\/image\\\/\"},\"sameAs\":[\"http:\\\/\\\/www.facebook.com\\\/ARQUIMASTER.com.ar\",\"https:\\\/\\\/x.com\\\/arquimaster\",\"https:\\\/\\\/www.instagram.com\\\/arquimasterblog\\\/\",\"https:\\\/\\\/www.linkedin.com\\\/company\\\/arquimaster\",\"https:\\\/\\\/www.pinterest.com\\\/arquimaster\",\"https:\\\/\\\/t.me\\\/arquimaster\"]},{\"@type\":\"Person\",\"@id\":\"https:\\\/\\\/www.arquimaster.com.ar\\\/web\\\/#\\\/schema\\\/person\\\/359e9f7c00193fcde068e0dd2ceb0028\",\"name\":\"Arquimaster\"}]}<\/script>\n<!-- \/ Yoast SEO plugin. -->","yoast_head_json":{"title":"Casa De La Huella \/ NBBO Arquitectos - Arquimaster","description":"Reciclado y ampliaci\u00f3n de una casa de estilo colonial, ubicada en una zona ecologicamente protegida de Parque Leloir, potenciando el contacto con la naturaleza y utilizando un sistema constructivo liviano, energ\u00e9ticamente eficiente y sustentable.","robots":{"index":"index","follow":"follow","max-snippet":"max-snippet:-1","max-image-preview":"max-image-preview:large","max-video-preview":"max-video-preview:-1"},"canonical":"https:\/\/www.arquimaster.com.ar\/web\/casa-de-la-huella-nbbo-arquitectos\/","og_locale":"es_ES","og_type":"article","og_title":"Casa De La Huella (Parque Leloir, Pcia. de Buenos Aires, Argentina) por NBBO Arquitectos","og_description":"Reciclado y ampliaci\u00f3n de una casa de estilo colonial, ubicada en una zona ecologicamente protegida de Parque Leloir, potenciando el contacto con la naturaleza y utilizando un sistema constructivo liviano, energ\u00e9ticamente eficiente y sustentable.","og_url":"https:\/\/www.arquimaster.com.ar\/web\/casa-de-la-huella-nbbo-arquitectos\/","og_site_name":"Arquimaster","article_publisher":"http:\/\/www.facebook.com\/ARQUIMASTER.com.ar","article_published_time":"2019-03-14T22:19:33+00:00","article_modified_time":"2020-03-15T19:44:50+00:00","og_image":[{"width":698,"height":364,"url":"https:\/\/www.arquimaster.com.ar\/web\/wp-content\/uploads\/2019\/03\/casa_de_la_huella_slide-wpp1584301383516.jpg","type":"image\/jpeg"}],"author":"Arquimaster","twitter_card":"summary_large_image","twitter_title":"Casa De La Huella (Parque Leloir, Pcia. de Buenos Aires, Argentina) por NBBO Arquitectos","twitter_description":"Reciclado y ampliaci\u00f3n de una casa de estilo colonial, ubicada en una zona ecologicamente protegida de Parque Leloir, potenciando el contacto con la naturaleza y utilizando un sistema constructivo liviano, energ\u00e9ticamente eficiente y sustentable.","twitter_image":"https:\/\/www.arquimaster.com.ar\/web\/wp-content\/uploads\/2019\/03\/casa_de_la_huella_slide-wpp1584301383516.jpg","twitter_creator":"@arquimaster","twitter_site":"@arquimaster","twitter_misc":{"Escrito por":"Arquimaster","Tiempo de lectura":"2 minutos"},"schema":{"@context":"https:\/\/schema.org","@graph":[{"@type":"Article","@id":"https:\/\/www.arquimaster.com.ar\/web\/casa-de-la-huella-nbbo-arquitectos\/#article","isPartOf":{"@id":"https:\/\/www.arquimaster.com.ar\/web\/casa-de-la-huella-nbbo-arquitectos\/"},"author":{"name":"Arquimaster","@id":"https:\/\/www.arquimaster.com.ar\/web\/#\/schema\/person\/359e9f7c00193fcde068e0dd2ceb0028"},"headline":"Casa De La Huella \/ NBBO Arquitectos","datePublished":"2019-03-14T22:19:33+00:00","dateModified":"2020-03-15T19:44:50+00:00","mainEntityOfPage":{"@id":"https:\/\/www.arquimaster.com.ar\/web\/casa-de-la-huella-nbbo-arquitectos\/"},"wordCount":423,"publisher":{"@id":"https:\/\/www.arquimaster.com.ar\/web\/#organization"},"image":{"@id":"https:\/\/www.arquimaster.com.ar\/web\/casa-de-la-huella-nbbo-arquitectos\/#primaryimage"},"thumbnailUrl":"https:\/\/www.arquimaster.com.ar\/web\/wp-content\/uploads\/2019\/03\/casa_de_la_huella_slide-wpp1584301383516.jpg","keywords":["ampliaci\u00f3n","Brian Oliver","Ituzaingo","NBBO Arquitectos","Nicolas S. Brandariz","Parque Leloir","reforma de vivienda","vivienda unifamiliar"],"articleSection":["Proyecto","Rehabilitaciones y ampliaciones","Vivienda unifamiliar y PH"],"inLanguage":"es"},{"@type":"WebPage","@id":"https:\/\/www.arquimaster.com.ar\/web\/casa-de-la-huella-nbbo-arquitectos\/","url":"https:\/\/www.arquimaster.com.ar\/web\/casa-de-la-huella-nbbo-arquitectos\/","name":"Casa De La Huella \/ NBBO Arquitectos - Arquimaster","isPartOf":{"@id":"https:\/\/www.arquimaster.com.ar\/web\/#website"},"primaryImageOfPage":{"@id":"https:\/\/www.arquimaster.com.ar\/web\/casa-de-la-huella-nbbo-arquitectos\/#primaryimage"},"image":{"@id":"https:\/\/www.arquimaster.com.ar\/web\/casa-de-la-huella-nbbo-arquitectos\/#primaryimage"},"thumbnailUrl":"https:\/\/www.arquimaster.com.ar\/web\/wp-content\/uploads\/2019\/03\/casa_de_la_huella_slide-wpp1584301383516.jpg","datePublished":"2019-03-14T22:19:33+00:00","dateModified":"2020-03-15T19:44:50+00:00","description":"Reciclado y ampliaci\u00f3n de una casa de estilo colonial, ubicada en una zona ecologicamente protegida de Parque Leloir, potenciando el contacto con la naturaleza y utilizando un sistema constructivo liviano, energ\u00e9ticamente eficiente y sustentable.","breadcrumb":{"@id":"https:\/\/www.arquimaster.com.ar\/web\/casa-de-la-huella-nbbo-arquitectos\/#breadcrumb"},"inLanguage":"es","potentialAction":[{"@type":"ReadAction","target":["https:\/\/www.arquimaster.com.ar\/web\/casa-de-la-huella-nbbo-arquitectos\/"]}]},{"@type":"ImageObject","inLanguage":"es","@id":"https:\/\/www.arquimaster.com.ar\/web\/casa-de-la-huella-nbbo-arquitectos\/#primaryimage","url":"https:\/\/www.arquimaster.com.ar\/web\/wp-content\/uploads\/2019\/03\/casa_de_la_huella_slide-wpp1584301383516.jpg","contentUrl":"https:\/\/www.arquimaster.com.ar\/web\/wp-content\/uploads\/2019\/03\/casa_de_la_huella_slide-wpp1584301383516.jpg","width":698,"height":364},{"@type":"BreadcrumbList","@id":"https:\/\/www.arquimaster.com.ar\/web\/casa-de-la-huella-nbbo-arquitectos\/#breadcrumb","itemListElement":[{"@type":"ListItem","position":1,"name":"Portada","item":"https:\/\/www.arquimaster.com.ar\/web\/"},{"@type":"ListItem","position":2,"name":"Casa De La Huella \/ NBBO Arquitectos"}]},{"@type":"WebSite","@id":"https:\/\/www.arquimaster.com.ar\/web\/#website","url":"https:\/\/www.arquimaster.com.ar\/web\/","name":"Arquimaster","description":"Web de arquitectura, dise\u00f1o y construccion","publisher":{"@id":"https:\/\/www.arquimaster.com.ar\/web\/#organization"},"potentialAction":[{"@type":"SearchAction","target":{"@type":"EntryPoint","urlTemplate":"https:\/\/www.arquimaster.com.ar\/web\/?s={search_term_string}"},"query-input":{"@type":"PropertyValueSpecification","valueRequired":true,"valueName":"search_term_string"}}],"inLanguage":"es"},{"@type":"Organization","@id":"https:\/\/www.arquimaster.com.ar\/web\/#organization","name":"Arquimaster","url":"https:\/\/www.arquimaster.com.ar\/web\/","logo":{"@type":"ImageObject","inLanguage":"es","@id":"https:\/\/www.arquimaster.com.ar\/web\/#\/schema\/logo\/image\/","url":"https:\/\/www.arquimaster.com.ar\/web\/wp-content\/uploads\/2022\/06\/arquimaster.png","contentUrl":"https:\/\/www.arquimaster.com.ar\/web\/wp-content\/uploads\/2022\/06\/arquimaster.png","width":594,"height":78,"caption":"Arquimaster"},"image":{"@id":"https:\/\/www.arquimaster.com.ar\/web\/#\/schema\/logo\/image\/"},"sameAs":["http:\/\/www.facebook.com\/ARQUIMASTER.com.ar","https:\/\/x.com\/arquimaster","https:\/\/www.instagram.com\/arquimasterblog\/","https:\/\/www.linkedin.com\/company\/arquimaster","https:\/\/www.pinterest.com\/arquimaster","https:\/\/t.me\/arquimaster"]},{"@type":"Person","@id":"https:\/\/www.arquimaster.com.ar\/web\/#\/schema\/person\/359e9f7c00193fcde068e0dd2ceb0028","name":"Arquimaster"}]}},"uagb_featured_image_src":{"full":["https:\/\/www.arquimaster.com.ar\/web\/wp-content\/uploads\/2019\/03\/casa_de_la_huella_slide-wpp1584301383516.jpg",698,364,false],"thumbnail":["https:\/\/www.arquimaster.com.ar\/web\/wp-content\/uploads\/2019\/03\/casa_de_la_huella_slide-wpp1584301383516-150x150.jpg",150,150,true],"medium":["https:\/\/www.arquimaster.com.ar\/web\/wp-content\/uploads\/2019\/03\/casa_de_la_huella_slide-wpp1584301383516.jpg",698,364,false],"medium_large":["https:\/\/www.arquimaster.com.ar\/web\/wp-content\/uploads\/2019\/03\/casa_de_la_huella_slide-wpp1584301383516.jpg",698,364,false],"large":["https:\/\/www.arquimaster.com.ar\/web\/wp-content\/uploads\/2019\/03\/casa_de_la_huella_slide-wpp1584301383516.jpg",698,364,false],"1536x1536":["https:\/\/www.arquimaster.com.ar\/web\/wp-content\/uploads\/2019\/03\/casa_de_la_huella_slide-wpp1584301383516.jpg",698,364,false],"2048x2048":["https:\/\/www.arquimaster.com.ar\/web\/wp-content\/uploads\/2019\/03\/casa_de_la_huella_slide-wpp1584301383516.jpg",698,364,false]},"uagb_author_info":{"display_name":"Arquimaster","author_link":"https:\/\/www.arquimaster.com.ar\/web\/author\/arquimaster\/"},"uagb_comment_info":0,"uagb_excerpt":"Reciclado y ampliaci\u00f3n de una casa estilo colonial potenciando el contacto con la naturaleza...","_links":{"self":[{"href":"https:\/\/www.arquimaster.com.ar\/web\/wp-json\/wp\/v2\/posts\/36383","targetHints":{"allow":["GET"]}}],"collection":[{"href":"https:\/\/www.arquimaster.com.ar\/web\/wp-json\/wp\/v2\/posts"}],"about":[{"href":"https:\/\/www.arquimaster.com.ar\/web\/wp-json\/wp\/v2\/types\/post"}],"author":[{"embeddable":true,"href":"https:\/\/www.arquimaster.com.ar\/web\/wp-json\/wp\/v2\/users\/1"}],"replies":[{"embeddable":true,"href":"https:\/\/www.arquimaster.com.ar\/web\/wp-json\/wp\/v2\/comments?post=36383"}],"version-history":[{"count":1,"href":"https:\/\/www.arquimaster.com.ar\/web\/wp-json\/wp\/v2\/posts\/36383\/revisions"}],"predecessor-version":[{"id":53465,"href":"https:\/\/www.arquimaster.com.ar\/web\/wp-json\/wp\/v2\/posts\/36383\/revisions\/53465"}],"wp:featuredmedia":[{"embeddable":true,"href":"https:\/\/www.arquimaster.com.ar\/web\/wp-json\/wp\/v2\/media\/36384"}],"wp:attachment":[{"href":"https:\/\/www.arquimaster.com.ar\/web\/wp-json\/wp\/v2\/media?parent=36383"}],"wp:term":[{"taxonomy":"category","embeddable":true,"href":"https:\/\/www.arquimaster.com.ar\/web\/wp-json\/wp\/v2\/categories?post=36383"},{"taxonomy":"post_tag","embeddable":true,"href":"https:\/\/www.arquimaster.com.ar\/web\/wp-json\/wp\/v2\/tags?post=36383"}],"curies":[{"name":"wp","href":"https:\/\/api.w.org\/{rel}","templated":true}]}}