{"id":36743,"date":"2019-03-28T17:16:04","date_gmt":"2019-03-28T20:16:04","guid":{"rendered":"https:\/\/www.arquimaster.com.ar\/web\/?p=36743"},"modified":"2020-04-21T16:58:36","modified_gmt":"2020-04-21T19:58:36","slug":"oficinas-bb-business-bureau-estudio-cebra","status":"publish","type":"post","link":"https:\/\/www.arquimaster.com.ar\/web\/oficinas-bb-business-bureau-estudio-cebra\/","title":{"rendered":"Oficinas BB-Business Bureau \/ Estudio Cebra"},"content":{"rendered":"<div style=\"margin-top: 0px; margin-bottom: 0px;\" class=\"sharethis-inline-share-buttons\" ><\/div><div class=\"b812932af2e751442846f039925109de\" data-index=\"1\" style=\"float: none; margin:25px 0 25px 0; text-align:center;\">\n<script async src=\"https:\/\/pagead2.googlesyndication.com\/pagead\/js\/adsbygoogle.js\"><\/script>\r\n<!-- Arquimaster (superior) -->\r\n<ins class=\"adsbygoogle\"\r\n     style=\"display:block\"\r\n     data-ad-client=\"ca-pub-6351072698456832\"\r\n     data-ad-slot=\"6455489680\"\r\n     data-ad-format=\"auto\"\r\n     data-full-width-responsive=\"true\"><\/ins>\r\n<script>\r\n     (adsbygoogle = window.adsbygoogle || []).push({});\r\n<\/script>\n<\/div>\n<p><strong>Oficinas BB-Business Bureau<\/strong> (Ciudad de Buenos Aires, Argentina) por<strong> Estudio Cebra<\/strong>. El edificio donde se ubican las oficinas de BB-Business Bureau fue construido entre 1906 y 1908 para instalar talleres de confecci\u00f3n e hilander\u00edas de lana y algod\u00f3n. En 1989 fue reformado y subdividido en 67 lofts para Casa FOA (espacio de dise\u00f1o que recauda fondos para la Fundaci\u00f3n Oftalmol\u00f3gica Argentina).<\/p>\n<p>Dos de estos lofts, ubicados en el primer piso y vinculados entre s\u00ed, alojan las oficinas principales de una empresa especializada en marketing y tecnolog\u00eda, cuyo rebranding en 2017 fue el impulso necesario para la modernizaci\u00f3n de las oficinas, \u00edntegramente transformadas en espacios m\u00e1s abiertos, transparentes y luminosos.<\/p>\n<div id='gallery-1' class='gallery galleryid-36743 gallery-columns-3 gallery-size-thumbnail'><figure class='gallery-item'>\n\t\t\t<div class='gallery-icon landscape'>\n\t\t\t\t<a href='https:\/\/www.arquimaster.com.ar\/web\/wp-content\/uploads\/2019\/03\/bb_business_bureau1.jpg' title=\"Oficinas BB-Business Bureau \/ Estudio Cebra (\u00a9 Javier Agust\u00edn Rojas)\" data-rl_title=\"Oficinas BB-Business Bureau \/ Estudio Cebra (\u00a9 Javier Agust\u00edn Rojas)\" class=\"rl-gallery-link\" data-rl_caption=\"Oficinas BB-Business Bureau \/ Estudio Cebra (\u00a9 Javier Agust\u00edn Rojas)\" data-rel=\"lightbox-gallery-1\"><img loading=\"lazy\" decoding=\"async\" width=\"150\" height=\"150\" src=\"https:\/\/www.arquimaster.com.ar\/web\/wp-content\/uploads\/2019\/03\/bb_business_bureau1-150x150.jpg\" class=\"attachment-thumbnail size-thumbnail\" alt=\"\" aria-describedby=\"gallery-1-36745\" srcset=\"https:\/\/www.arquimaster.com.ar\/web\/wp-content\/uploads\/2019\/03\/bb_business_bureau1-150x150.jpg 150w, https:\/\/www.arquimaster.com.ar\/web\/wp-content\/uploads\/2019\/03\/bb_business_bureau1-50x50.jpg 50w, https:\/\/www.arquimaster.com.ar\/web\/wp-content\/uploads\/2019\/03\/bb_business_bureau1-125x125.jpg 125w\" sizes=\"auto, (max-width: 150px) 100vw, 150px\" \/><\/a>\n\t\t\t<\/div>\n\t\t\t\t<figcaption class='wp-caption-text gallery-caption' id='gallery-1-36745'>\n\t\t\t\tOficinas BB-Business Bureau \/ Estudio Cebra (\u00a9 Javier Agust\u00edn Rojas)\n\t\t\t\t<\/figcaption><\/figure><figure class='gallery-item'>\n\t\t\t<div class='gallery-icon landscape'>\n\t\t\t\t<a href='https:\/\/www.arquimaster.com.ar\/web\/wp-content\/uploads\/2019\/03\/bb_business_bureau2.jpg' title=\"Oficinas BB-Business Bureau \/ Estudio Cebra (\u00a9 Javier Agust\u00edn Rojas)\" data-rl_title=\"Oficinas BB-Business Bureau \/ Estudio Cebra (\u00a9 Javier Agust\u00edn Rojas)\" class=\"rl-gallery-link\" data-rl_caption=\"Oficinas BB-Business Bureau \/ Estudio Cebra (\u00a9 Javier Agust\u00edn Rojas)\" data-rel=\"lightbox-gallery-1\"><img loading=\"lazy\" decoding=\"async\" width=\"150\" height=\"150\" src=\"https:\/\/www.arquimaster.com.ar\/web\/wp-content\/uploads\/2019\/03\/bb_business_bureau2-150x150.jpg\" class=\"attachment-thumbnail size-thumbnail\" alt=\"\" aria-describedby=\"gallery-1-36746\" srcset=\"https:\/\/www.arquimaster.com.ar\/web\/wp-content\/uploads\/2019\/03\/bb_business_bureau2-150x150.jpg 150w, https:\/\/www.arquimaster.com.ar\/web\/wp-content\/uploads\/2019\/03\/bb_business_bureau2-50x50.jpg 50w, https:\/\/www.arquimaster.com.ar\/web\/wp-content\/uploads\/2019\/03\/bb_business_bureau2-125x125.jpg 125w\" sizes=\"auto, (max-width: 150px) 100vw, 150px\" \/><\/a>\n\t\t\t<\/div>\n\t\t\t\t<figcaption class='wp-caption-text gallery-caption' id='gallery-1-36746'>\n\t\t\t\tOficinas BB-Business Bureau \/ Estudio Cebra (\u00a9 Javier Agust\u00edn Rojas)\n\t\t\t\t<\/figcaption><\/figure><figure class='gallery-item'>\n\t\t\t<div class='gallery-icon landscape'>\n\t\t\t\t<a href='https:\/\/www.arquimaster.com.ar\/web\/wp-content\/uploads\/2019\/03\/bb_business_bureau3.jpg' title=\"Oficinas BB-Business Bureau \/ Estudio Cebra (\u00a9 Javier Agust\u00edn Rojas)\" data-rl_title=\"Oficinas BB-Business Bureau \/ Estudio Cebra (\u00a9 Javier Agust\u00edn Rojas)\" class=\"rl-gallery-link\" data-rl_caption=\"Oficinas BB-Business Bureau \/ Estudio Cebra (\u00a9 Javier Agust\u00edn Rojas)\" data-rel=\"lightbox-gallery-1\"><img loading=\"lazy\" decoding=\"async\" width=\"150\" height=\"150\" src=\"https:\/\/www.arquimaster.com.ar\/web\/wp-content\/uploads\/2019\/03\/bb_business_bureau3-150x150.jpg\" class=\"attachment-thumbnail size-thumbnail\" alt=\"\" aria-describedby=\"gallery-1-36747\" srcset=\"https:\/\/www.arquimaster.com.ar\/web\/wp-content\/uploads\/2019\/03\/bb_business_bureau3-150x150.jpg 150w, https:\/\/www.arquimaster.com.ar\/web\/wp-content\/uploads\/2019\/03\/bb_business_bureau3-50x50.jpg 50w, https:\/\/www.arquimaster.com.ar\/web\/wp-content\/uploads\/2019\/03\/bb_business_bureau3-125x125.jpg 125w\" sizes=\"auto, (max-width: 150px) 100vw, 150px\" \/><\/a>\n\t\t\t<\/div>\n\t\t\t\t<figcaption class='wp-caption-text gallery-caption' id='gallery-1-36747'>\n\t\t\t\tOficinas BB-Business Bureau \/ Estudio Cebra (\u00a9 Javier Agust\u00edn Rojas)\n\t\t\t\t<\/figcaption><\/figure><figure class='gallery-item'>\n\t\t\t<div class='gallery-icon landscape'>\n\t\t\t\t<a href='https:\/\/www.arquimaster.com.ar\/web\/wp-content\/uploads\/2019\/03\/bb_business_bureau4.jpg' title=\"Oficinas BB-Business Bureau \/ Estudio Cebra (\u00a9 Javier Agust\u00edn Rojas)\" data-rl_title=\"Oficinas BB-Business Bureau \/ Estudio Cebra (\u00a9 Javier Agust\u00edn Rojas)\" class=\"rl-gallery-link\" data-rl_caption=\"Oficinas BB-Business Bureau \/ Estudio Cebra (\u00a9 Javier Agust\u00edn Rojas)\" data-rel=\"lightbox-gallery-1\"><img loading=\"lazy\" decoding=\"async\" width=\"150\" height=\"150\" src=\"https:\/\/www.arquimaster.com.ar\/web\/wp-content\/uploads\/2019\/03\/bb_business_bureau4-150x150.jpg\" class=\"attachment-thumbnail size-thumbnail\" alt=\"\" aria-describedby=\"gallery-1-36748\" srcset=\"https:\/\/www.arquimaster.com.ar\/web\/wp-content\/uploads\/2019\/03\/bb_business_bureau4-150x150.jpg 150w, https:\/\/www.arquimaster.com.ar\/web\/wp-content\/uploads\/2019\/03\/bb_business_bureau4-50x50.jpg 50w, https:\/\/www.arquimaster.com.ar\/web\/wp-content\/uploads\/2019\/03\/bb_business_bureau4-125x125.jpg 125w\" sizes=\"auto, (max-width: 150px) 100vw, 150px\" \/><\/a>\n\t\t\t<\/div>\n\t\t\t\t<figcaption class='wp-caption-text gallery-caption' id='gallery-1-36748'>\n\t\t\t\tOficinas BB-Business Bureau \/ Estudio Cebra (\u00a9 Javier Agust\u00edn Rojas)\n\t\t\t\t<\/figcaption><\/figure><figure class='gallery-item'>\n\t\t\t<div class='gallery-icon landscape'>\n\t\t\t\t<a href='https:\/\/www.arquimaster.com.ar\/web\/wp-content\/uploads\/2019\/03\/bb_business_bureau5.jpg' title=\"Oficinas BB-Business Bureau \/ Estudio Cebra (\u00a9 Javier Agust\u00edn Rojas)\" data-rl_title=\"Oficinas BB-Business Bureau \/ Estudio Cebra (\u00a9 Javier Agust\u00edn Rojas)\" class=\"rl-gallery-link\" data-rl_caption=\"Oficinas BB-Business Bureau \/ Estudio Cebra (\u00a9 Javier Agust\u00edn Rojas)\" data-rel=\"lightbox-gallery-1\"><img loading=\"lazy\" decoding=\"async\" width=\"150\" height=\"150\" src=\"https:\/\/www.arquimaster.com.ar\/web\/wp-content\/uploads\/2019\/03\/bb_business_bureau5-150x150.jpg\" class=\"attachment-thumbnail size-thumbnail\" alt=\"\" aria-describedby=\"gallery-1-36749\" srcset=\"https:\/\/www.arquimaster.com.ar\/web\/wp-content\/uploads\/2019\/03\/bb_business_bureau5-150x150.jpg 150w, https:\/\/www.arquimaster.com.ar\/web\/wp-content\/uploads\/2019\/03\/bb_business_bureau5-50x50.jpg 50w, https:\/\/www.arquimaster.com.ar\/web\/wp-content\/uploads\/2019\/03\/bb_business_bureau5-125x125.jpg 125w\" sizes=\"auto, (max-width: 150px) 100vw, 150px\" \/><\/a>\n\t\t\t<\/div>\n\t\t\t\t<figcaption class='wp-caption-text gallery-caption' id='gallery-1-36749'>\n\t\t\t\tOficinas BB-Business Bureau \/ Estudio Cebra (\u00a9 Javier Agust\u00edn Rojas)\n\t\t\t\t<\/figcaption><\/figure><figure class='gallery-item'>\n\t\t\t<div class='gallery-icon landscape'>\n\t\t\t\t<a href='https:\/\/www.arquimaster.com.ar\/web\/wp-content\/uploads\/2019\/03\/bb_business_bureau6.jpg' title=\"Oficinas BB-Business Bureau \/ Estudio Cebra (\u00a9 Javier Agust\u00edn Rojas)\" data-rl_title=\"Oficinas BB-Business Bureau \/ Estudio Cebra (\u00a9 Javier Agust\u00edn Rojas)\" class=\"rl-gallery-link\" data-rl_caption=\"Oficinas BB-Business Bureau \/ Estudio Cebra (\u00a9 Javier Agust\u00edn Rojas)\" data-rel=\"lightbox-gallery-1\"><img loading=\"lazy\" decoding=\"async\" width=\"150\" height=\"150\" src=\"https:\/\/www.arquimaster.com.ar\/web\/wp-content\/uploads\/2019\/03\/bb_business_bureau6-150x150.jpg\" class=\"attachment-thumbnail size-thumbnail\" alt=\"\" aria-describedby=\"gallery-1-36750\" srcset=\"https:\/\/www.arquimaster.com.ar\/web\/wp-content\/uploads\/2019\/03\/bb_business_bureau6-150x150.jpg 150w, https:\/\/www.arquimaster.com.ar\/web\/wp-content\/uploads\/2019\/03\/bb_business_bureau6-50x50.jpg 50w, https:\/\/www.arquimaster.com.ar\/web\/wp-content\/uploads\/2019\/03\/bb_business_bureau6-125x125.jpg 125w\" sizes=\"auto, (max-width: 150px) 100vw, 150px\" \/><\/a>\n\t\t\t<\/div>\n\t\t\t\t<figcaption class='wp-caption-text gallery-caption' id='gallery-1-36750'>\n\t\t\t\tOficinas BB-Business Bureau \/ Estudio Cebra (\u00a9 Javier Agust\u00edn Rojas)\n\t\t\t\t<\/figcaption><\/figure><figure class='gallery-item'>\n\t\t\t<div class='gallery-icon portrait'>\n\t\t\t\t<a href='https:\/\/www.arquimaster.com.ar\/web\/wp-content\/uploads\/2019\/03\/bb_business_bureau7.jpg' title=\"Oficinas BB-Business Bureau \/ Estudio Cebra (\u00a9 Javier Agust\u00edn Rojas)\" data-rl_title=\"Oficinas BB-Business Bureau \/ Estudio Cebra (\u00a9 Javier Agust\u00edn Rojas)\" class=\"rl-gallery-link\" data-rl_caption=\"Oficinas BB-Business Bureau \/ Estudio Cebra (\u00a9 Javier Agust\u00edn Rojas)\" data-rel=\"lightbox-gallery-1\"><img loading=\"lazy\" decoding=\"async\" width=\"150\" height=\"150\" src=\"https:\/\/www.arquimaster.com.ar\/web\/wp-content\/uploads\/2019\/03\/bb_business_bureau7-150x150.jpg\" class=\"attachment-thumbnail size-thumbnail\" alt=\"\" aria-describedby=\"gallery-1-36751\" srcset=\"https:\/\/www.arquimaster.com.ar\/web\/wp-content\/uploads\/2019\/03\/bb_business_bureau7-150x150.jpg 150w, https:\/\/www.arquimaster.com.ar\/web\/wp-content\/uploads\/2019\/03\/bb_business_bureau7-50x50.jpg 50w, https:\/\/www.arquimaster.com.ar\/web\/wp-content\/uploads\/2019\/03\/bb_business_bureau7-125x125.jpg 125w\" sizes=\"auto, (max-width: 150px) 100vw, 150px\" \/><\/a>\n\t\t\t<\/div>\n\t\t\t\t<figcaption class='wp-caption-text gallery-caption' id='gallery-1-36751'>\n\t\t\t\tOficinas BB-Business Bureau \/ Estudio Cebra (\u00a9 Javier Agust\u00edn Rojas)\n\t\t\t\t<\/figcaption><\/figure><figure class='gallery-item'>\n\t\t\t<div class='gallery-icon portrait'>\n\t\t\t\t<a href='https:\/\/www.arquimaster.com.ar\/web\/wp-content\/uploads\/2019\/03\/bb_business_bureau8.jpg' title=\"Oficinas BB-Business Bureau \/ Estudio Cebra (\u00a9 Javier Agust\u00edn Rojas)\" data-rl_title=\"Oficinas BB-Business Bureau \/ Estudio Cebra (\u00a9 Javier Agust\u00edn Rojas)\" class=\"rl-gallery-link\" data-rl_caption=\"Oficinas BB-Business Bureau \/ Estudio Cebra (\u00a9 Javier Agust\u00edn Rojas)\" data-rel=\"lightbox-gallery-1\"><img loading=\"lazy\" decoding=\"async\" width=\"150\" height=\"150\" src=\"https:\/\/www.arquimaster.com.ar\/web\/wp-content\/uploads\/2019\/03\/bb_business_bureau8-150x150.jpg\" class=\"attachment-thumbnail size-thumbnail\" alt=\"\" aria-describedby=\"gallery-1-36752\" srcset=\"https:\/\/www.arquimaster.com.ar\/web\/wp-content\/uploads\/2019\/03\/bb_business_bureau8-150x150.jpg 150w, https:\/\/www.arquimaster.com.ar\/web\/wp-content\/uploads\/2019\/03\/bb_business_bureau8-50x50.jpg 50w, https:\/\/www.arquimaster.com.ar\/web\/wp-content\/uploads\/2019\/03\/bb_business_bureau8-125x125.jpg 125w\" sizes=\"auto, (max-width: 150px) 100vw, 150px\" \/><\/a>\n\t\t\t<\/div>\n\t\t\t\t<figcaption class='wp-caption-text gallery-caption' id='gallery-1-36752'>\n\t\t\t\tOficinas BB-Business Bureau \/ Estudio Cebra (\u00a9 Javier Agust\u00edn Rojas)\n\t\t\t\t<\/figcaption><\/figure><figure class='gallery-item'>\n\t\t\t<div class='gallery-icon portrait'>\n\t\t\t\t<a href='https:\/\/www.arquimaster.com.ar\/web\/wp-content\/uploads\/2019\/03\/bb_business_bureau9.jpg' title=\"Oficinas BB-Business Bureau \/ Estudio Cebra (\u00a9 Javier Agust\u00edn Rojas)\" data-rl_title=\"Oficinas BB-Business Bureau \/ Estudio Cebra (\u00a9 Javier Agust\u00edn Rojas)\" class=\"rl-gallery-link\" data-rl_caption=\"Oficinas BB-Business Bureau \/ Estudio Cebra (\u00a9 Javier Agust\u00edn Rojas)\" data-rel=\"lightbox-gallery-1\"><img loading=\"lazy\" decoding=\"async\" width=\"150\" height=\"150\" src=\"https:\/\/www.arquimaster.com.ar\/web\/wp-content\/uploads\/2019\/03\/bb_business_bureau9-150x150.jpg\" class=\"attachment-thumbnail size-thumbnail\" alt=\"\" aria-describedby=\"gallery-1-36753\" srcset=\"https:\/\/www.arquimaster.com.ar\/web\/wp-content\/uploads\/2019\/03\/bb_business_bureau9-150x150.jpg 150w, https:\/\/www.arquimaster.com.ar\/web\/wp-content\/uploads\/2019\/03\/bb_business_bureau9-50x50.jpg 50w, https:\/\/www.arquimaster.com.ar\/web\/wp-content\/uploads\/2019\/03\/bb_business_bureau9-125x125.jpg 125w\" sizes=\"auto, (max-width: 150px) 100vw, 150px\" \/><\/a>\n\t\t\t<\/div>\n\t\t\t\t<figcaption class='wp-caption-text gallery-caption' id='gallery-1-36753'>\n\t\t\t\tOficinas BB-Business Bureau \/ Estudio Cebra (\u00a9 Javier Agust\u00edn Rojas)\n\t\t\t\t<\/figcaption><\/figure>\n\t\t<\/div>\n\n<p>Se crearon diversos espacios de colaboraci\u00f3n para reuniones formales e informales, en grupos reducidos o grandes; tambi\u00e9n espacios aptos para la concentraci\u00f3n y privacidad.<\/p>\n<p>La nueva imagen de marca est\u00e1 presente en toda la oficina, con piezas gr\u00e1ficas murales, mensajes en paredes, acentos de pintura de colores respetando la paleta corporativa.<\/p>\n<p>El desaf\u00edo consisti\u00f3 en mejorar la calidad de los espacios de trabajo. Los nuevos equipos de climatizaci\u00f3n permiten la regulaci\u00f3n individual de la temperatura de cada sector. Las carpinter\u00edas de hierro y cristal de vidrio templado cuentan con una l\u00e1mina multicapa para una correcta aislaci\u00f3n ac\u00fastica. Fue necesaria la modernizaci\u00f3n del equipamiento de l\u00ednea y fabricaci\u00f3n de mobiliario a medida de madera enchapada en sectores comunes para ofrecer calidez al entorno.<\/p>\n<div id='gallery-2' class='gallery galleryid-36743 gallery-columns-3 gallery-size-thumbnail'><figure class='gallery-item'>\n\t\t\t<div class='gallery-icon landscape'>\n\t\t\t\t<a href='https:\/\/www.arquimaster.com.ar\/web\/wp-content\/uploads\/2019\/03\/bb_business_bureau10.jpg' title=\"Oficinas BB-Business Bureau \/ Estudio Cebra (\u00a9 Javier Agust\u00edn Rojas)\" data-rl_title=\"Oficinas BB-Business Bureau \/ Estudio Cebra (\u00a9 Javier Agust\u00edn Rojas)\" class=\"rl-gallery-link\" data-rl_caption=\"Oficinas BB-Business Bureau \/ Estudio Cebra (\u00a9 Javier Agust\u00edn Rojas)\" data-rel=\"lightbox-gallery-2\"><img loading=\"lazy\" decoding=\"async\" width=\"150\" height=\"150\" src=\"https:\/\/www.arquimaster.com.ar\/web\/wp-content\/uploads\/2019\/03\/bb_business_bureau10-150x150.jpg\" class=\"attachment-thumbnail size-thumbnail\" alt=\"\" aria-describedby=\"gallery-2-36754\" srcset=\"https:\/\/www.arquimaster.com.ar\/web\/wp-content\/uploads\/2019\/03\/bb_business_bureau10-150x150.jpg 150w, https:\/\/www.arquimaster.com.ar\/web\/wp-content\/uploads\/2019\/03\/bb_business_bureau10-50x50.jpg 50w, https:\/\/www.arquimaster.com.ar\/web\/wp-content\/uploads\/2019\/03\/bb_business_bureau10-125x125.jpg 125w\" sizes=\"auto, (max-width: 150px) 100vw, 150px\" \/><\/a>\n\t\t\t<\/div>\n\t\t\t\t<figcaption class='wp-caption-text gallery-caption' id='gallery-2-36754'>\n\t\t\t\tOficinas BB-Business Bureau \/ Estudio Cebra (\u00a9 Javier Agust\u00edn Rojas)\n\t\t\t\t<\/figcaption><\/figure><figure class='gallery-item'>\n\t\t\t<div class='gallery-icon landscape'>\n\t\t\t\t<a href='https:\/\/www.arquimaster.com.ar\/web\/wp-content\/uploads\/2019\/03\/bb_business_bureau11.jpg' title=\"Oficinas BB-Business Bureau \/ Estudio Cebra (\u00a9 Javier Agust\u00edn Rojas)\" data-rl_title=\"Oficinas BB-Business Bureau \/ Estudio Cebra (\u00a9 Javier Agust\u00edn Rojas)\" class=\"rl-gallery-link\" data-rl_caption=\"Oficinas BB-Business Bureau \/ Estudio Cebra (\u00a9 Javier Agust\u00edn Rojas)\" data-rel=\"lightbox-gallery-2\"><img loading=\"lazy\" decoding=\"async\" width=\"150\" height=\"150\" src=\"https:\/\/www.arquimaster.com.ar\/web\/wp-content\/uploads\/2019\/03\/bb_business_bureau11-150x150.jpg\" class=\"attachment-thumbnail size-thumbnail\" alt=\"\" aria-describedby=\"gallery-2-36755\" srcset=\"https:\/\/www.arquimaster.com.ar\/web\/wp-content\/uploads\/2019\/03\/bb_business_bureau11-150x150.jpg 150w, https:\/\/www.arquimaster.com.ar\/web\/wp-content\/uploads\/2019\/03\/bb_business_bureau11-50x50.jpg 50w, https:\/\/www.arquimaster.com.ar\/web\/wp-content\/uploads\/2019\/03\/bb_business_bureau11-125x125.jpg 125w\" sizes=\"auto, (max-width: 150px) 100vw, 150px\" \/><\/a>\n\t\t\t<\/div>\n\t\t\t\t<figcaption class='wp-caption-text gallery-caption' id='gallery-2-36755'>\n\t\t\t\tOficinas BB-Business Bureau \/ Estudio Cebra (\u00a9 Javier Agust\u00edn Rojas)\n\t\t\t\t<\/figcaption><\/figure><figure class='gallery-item'>\n\t\t\t<div class='gallery-icon landscape'>\n\t\t\t\t<a href='https:\/\/www.arquimaster.com.ar\/web\/wp-content\/uploads\/2019\/03\/bb_business_bureau12.jpg' title=\"Oficinas BB-Business Bureau \/ Estudio Cebra (\u00a9 Javier Agust\u00edn Rojas)\" data-rl_title=\"Oficinas BB-Business Bureau \/ Estudio Cebra (\u00a9 Javier Agust\u00edn Rojas)\" class=\"rl-gallery-link\" data-rl_caption=\"Oficinas BB-Business Bureau \/ Estudio Cebra (\u00a9 Javier Agust\u00edn Rojas)\" data-rel=\"lightbox-gallery-2\"><img loading=\"lazy\" decoding=\"async\" width=\"150\" height=\"150\" src=\"https:\/\/www.arquimaster.com.ar\/web\/wp-content\/uploads\/2019\/03\/bb_business_bureau12-150x150.jpg\" class=\"attachment-thumbnail size-thumbnail\" alt=\"\" aria-describedby=\"gallery-2-36756\" srcset=\"https:\/\/www.arquimaster.com.ar\/web\/wp-content\/uploads\/2019\/03\/bb_business_bureau12-150x150.jpg 150w, https:\/\/www.arquimaster.com.ar\/web\/wp-content\/uploads\/2019\/03\/bb_business_bureau12-50x50.jpg 50w, https:\/\/www.arquimaster.com.ar\/web\/wp-content\/uploads\/2019\/03\/bb_business_bureau12-125x125.jpg 125w\" sizes=\"auto, (max-width: 150px) 100vw, 150px\" \/><\/a>\n\t\t\t<\/div>\n\t\t\t\t<figcaption class='wp-caption-text gallery-caption' id='gallery-2-36756'>\n\t\t\t\tOficinas BB-Business Bureau \/ Estudio Cebra (\u00a9 Javier Agust\u00edn Rojas)\n\t\t\t\t<\/figcaption><\/figure><figure class='gallery-item'>\n\t\t\t<div class='gallery-icon landscape'>\n\t\t\t\t<a href='https:\/\/www.arquimaster.com.ar\/web\/wp-content\/uploads\/2019\/03\/bb_business_bureau13.jpg' title=\"Oficinas BB-Business Bureau \/ Estudio Cebra (\u00a9 Javier Agust\u00edn Rojas)\" data-rl_title=\"Oficinas BB-Business Bureau \/ Estudio Cebra (\u00a9 Javier Agust\u00edn Rojas)\" class=\"rl-gallery-link\" data-rl_caption=\"Oficinas BB-Business Bureau \/ Estudio Cebra (\u00a9 Javier Agust\u00edn Rojas)\" data-rel=\"lightbox-gallery-2\"><img loading=\"lazy\" decoding=\"async\" width=\"150\" height=\"150\" src=\"https:\/\/www.arquimaster.com.ar\/web\/wp-content\/uploads\/2019\/03\/bb_business_bureau13-150x150.jpg\" class=\"attachment-thumbnail size-thumbnail\" alt=\"\" aria-describedby=\"gallery-2-36757\" srcset=\"https:\/\/www.arquimaster.com.ar\/web\/wp-content\/uploads\/2019\/03\/bb_business_bureau13-150x150.jpg 150w, https:\/\/www.arquimaster.com.ar\/web\/wp-content\/uploads\/2019\/03\/bb_business_bureau13-50x50.jpg 50w, https:\/\/www.arquimaster.com.ar\/web\/wp-content\/uploads\/2019\/03\/bb_business_bureau13-125x125.jpg 125w\" sizes=\"auto, (max-width: 150px) 100vw, 150px\" \/><\/a>\n\t\t\t<\/div>\n\t\t\t\t<figcaption class='wp-caption-text gallery-caption' id='gallery-2-36757'>\n\t\t\t\tOficinas BB-Business Bureau \/ Estudio Cebra (\u00a9 Javier Agust\u00edn Rojas)\n\t\t\t\t<\/figcaption><\/figure><figure class='gallery-item'>\n\t\t\t<div class='gallery-icon landscape'>\n\t\t\t\t<a href='https:\/\/www.arquimaster.com.ar\/web\/wp-content\/uploads\/2019\/03\/bb_business_bureau14.jpg' title=\"Oficinas BB-Business Bureau \/ Estudio Cebra (\u00a9 Javier Agust\u00edn Rojas)\" data-rl_title=\"Oficinas BB-Business Bureau \/ Estudio Cebra (\u00a9 Javier Agust\u00edn Rojas)\" class=\"rl-gallery-link\" data-rl_caption=\"Oficinas BB-Business Bureau \/ Estudio Cebra (\u00a9 Javier Agust\u00edn Rojas)\" data-rel=\"lightbox-gallery-2\"><img loading=\"lazy\" decoding=\"async\" width=\"150\" height=\"150\" src=\"https:\/\/www.arquimaster.com.ar\/web\/wp-content\/uploads\/2019\/03\/bb_business_bureau14-150x150.jpg\" class=\"attachment-thumbnail size-thumbnail\" alt=\"\" aria-describedby=\"gallery-2-36758\" srcset=\"https:\/\/www.arquimaster.com.ar\/web\/wp-content\/uploads\/2019\/03\/bb_business_bureau14-150x150.jpg 150w, https:\/\/www.arquimaster.com.ar\/web\/wp-content\/uploads\/2019\/03\/bb_business_bureau14-50x50.jpg 50w, https:\/\/www.arquimaster.com.ar\/web\/wp-content\/uploads\/2019\/03\/bb_business_bureau14-125x125.jpg 125w\" sizes=\"auto, (max-width: 150px) 100vw, 150px\" \/><\/a>\n\t\t\t<\/div>\n\t\t\t\t<figcaption class='wp-caption-text gallery-caption' id='gallery-2-36758'>\n\t\t\t\tOficinas BB-Business Bureau \/ Estudio Cebra (\u00a9 Javier Agust\u00edn Rojas)\n\t\t\t\t<\/figcaption><\/figure><figure class='gallery-item'>\n\t\t\t<div class='gallery-icon landscape'>\n\t\t\t\t<a href='https:\/\/www.arquimaster.com.ar\/web\/wp-content\/uploads\/2019\/03\/bb_business_bureau15.jpg' title=\"Oficinas BB-Business Bureau \/ Estudio Cebra (planta baja)\" data-rl_title=\"Oficinas BB-Business Bureau \/ Estudio Cebra (planta baja)\" class=\"rl-gallery-link\" data-rl_caption=\"Oficinas BB-Business Bureau \/ Estudio Cebra (planta baja)\" data-rel=\"lightbox-gallery-2\"><img loading=\"lazy\" decoding=\"async\" width=\"150\" height=\"150\" src=\"https:\/\/www.arquimaster.com.ar\/web\/wp-content\/uploads\/2019\/03\/bb_business_bureau15-150x150.jpg\" class=\"attachment-thumbnail size-thumbnail\" alt=\"\" aria-describedby=\"gallery-2-36759\" srcset=\"https:\/\/www.arquimaster.com.ar\/web\/wp-content\/uploads\/2019\/03\/bb_business_bureau15-150x150.jpg 150w, https:\/\/www.arquimaster.com.ar\/web\/wp-content\/uploads\/2019\/03\/bb_business_bureau15-50x50.jpg 50w, https:\/\/www.arquimaster.com.ar\/web\/wp-content\/uploads\/2019\/03\/bb_business_bureau15-125x125.jpg 125w\" sizes=\"auto, (max-width: 150px) 100vw, 150px\" \/><\/a>\n\t\t\t<\/div>\n\t\t\t\t<figcaption class='wp-caption-text gallery-caption' id='gallery-2-36759'>\n\t\t\t\tOficinas BB-Business Bureau \/ Estudio Cebra (planta baja)\n\t\t\t\t<\/figcaption><\/figure><figure class='gallery-item'>\n\t\t\t<div class='gallery-icon landscape'>\n\t\t\t\t<a href='https:\/\/www.arquimaster.com.ar\/web\/wp-content\/uploads\/2019\/03\/bb_business_bureau16.jpg' title=\"Oficinas BB-Business Bureau \/ Estudio Cebra (planta alta)\" data-rl_title=\"Oficinas BB-Business Bureau \/ Estudio Cebra (planta alta)\" class=\"rl-gallery-link\" data-rl_caption=\"Oficinas BB-Business Bureau \/ Estudio Cebra (planta alta)\" data-rel=\"lightbox-gallery-2\"><img loading=\"lazy\" decoding=\"async\" width=\"150\" height=\"150\" src=\"https:\/\/www.arquimaster.com.ar\/web\/wp-content\/uploads\/2019\/03\/bb_business_bureau16-150x150.jpg\" class=\"attachment-thumbnail size-thumbnail\" alt=\"\" aria-describedby=\"gallery-2-36760\" srcset=\"https:\/\/www.arquimaster.com.ar\/web\/wp-content\/uploads\/2019\/03\/bb_business_bureau16-150x150.jpg 150w, https:\/\/www.arquimaster.com.ar\/web\/wp-content\/uploads\/2019\/03\/bb_business_bureau16-50x50.jpg 50w, https:\/\/www.arquimaster.com.ar\/web\/wp-content\/uploads\/2019\/03\/bb_business_bureau16-125x125.jpg 125w\" sizes=\"auto, (max-width: 150px) 100vw, 150px\" \/><\/a>\n\t\t\t<\/div>\n\t\t\t\t<figcaption class='wp-caption-text gallery-caption' id='gallery-2-36760'>\n\t\t\t\tOficinas BB-Business Bureau \/ Estudio Cebra (planta alta)\n\t\t\t\t<\/figcaption><\/figure><figure class='gallery-item'>\n\t\t\t<div class='gallery-icon landscape'>\n\t\t\t\t<a href='https:\/\/www.arquimaster.com.ar\/web\/wp-content\/uploads\/2019\/03\/bb_business_bureau17.jpg' title=\"Oficinas BB-Business Bureau \/ Estudio Cebra (corte)\" data-rl_title=\"Oficinas BB-Business Bureau \/ Estudio Cebra (corte)\" class=\"rl-gallery-link\" data-rl_caption=\"Oficinas BB-Business Bureau \/ Estudio Cebra (corte)\" data-rel=\"lightbox-gallery-2\"><img loading=\"lazy\" decoding=\"async\" width=\"150\" height=\"150\" src=\"https:\/\/www.arquimaster.com.ar\/web\/wp-content\/uploads\/2019\/03\/bb_business_bureau17-150x150.jpg\" class=\"attachment-thumbnail size-thumbnail\" alt=\"\" aria-describedby=\"gallery-2-36761\" srcset=\"https:\/\/www.arquimaster.com.ar\/web\/wp-content\/uploads\/2019\/03\/bb_business_bureau17-150x150.jpg 150w, https:\/\/www.arquimaster.com.ar\/web\/wp-content\/uploads\/2019\/03\/bb_business_bureau17-50x50.jpg 50w, https:\/\/www.arquimaster.com.ar\/web\/wp-content\/uploads\/2019\/03\/bb_business_bureau17-125x125.jpg 125w\" sizes=\"auto, (max-width: 150px) 100vw, 150px\" \/><\/a>\n\t\t\t<\/div>\n\t\t\t\t<figcaption class='wp-caption-text gallery-caption' id='gallery-2-36761'>\n\t\t\t\tOficinas BB-Business Bureau \/ Estudio Cebra (corte)\n\t\t\t\t<\/figcaption><\/figure><figure class='gallery-item'>\n\t\t\t<div class='gallery-icon landscape'>\n\t\t\t\t<a href='https:\/\/www.arquimaster.com.ar\/web\/wp-content\/uploads\/2019\/03\/bb_business_bureau18.jpg' title=\"Oficinas BB-Business Bureau \/ Estudio Cebra (corte)\" data-rl_title=\"Oficinas BB-Business Bureau \/ Estudio Cebra (corte)\" class=\"rl-gallery-link\" data-rl_caption=\"Oficinas BB-Business Bureau \/ Estudio Cebra (corte)\" data-rel=\"lightbox-gallery-2\"><img loading=\"lazy\" decoding=\"async\" width=\"150\" height=\"150\" src=\"https:\/\/www.arquimaster.com.ar\/web\/wp-content\/uploads\/2019\/03\/bb_business_bureau18-150x150.jpg\" class=\"attachment-thumbnail size-thumbnail\" alt=\"\" aria-describedby=\"gallery-2-36762\" srcset=\"https:\/\/www.arquimaster.com.ar\/web\/wp-content\/uploads\/2019\/03\/bb_business_bureau18-150x150.jpg 150w, https:\/\/www.arquimaster.com.ar\/web\/wp-content\/uploads\/2019\/03\/bb_business_bureau18-50x50.jpg 50w, https:\/\/www.arquimaster.com.ar\/web\/wp-content\/uploads\/2019\/03\/bb_business_bureau18-125x125.jpg 125w\" sizes=\"auto, (max-width: 150px) 100vw, 150px\" \/><\/a>\n\t\t\t<\/div>\n\t\t\t\t<figcaption class='wp-caption-text gallery-caption' id='gallery-2-36762'>\n\t\t\t\tOficinas BB-Business Bureau \/ Estudio Cebra (corte)\n\t\t\t\t<\/figcaption><\/figure>\n\t\t<\/div>\n\n<p>La reforma integral procura mantener a su vez, las virtudes espaciales del edificio: la iluminaci\u00f3n natural con ventanales de vidrio repartido, los espacios en doble altura, enormes muros de mamposter\u00eda, la estructura met\u00e1lica fabril y bovedillas de ladrillo originales.<\/p>\n<p>Lo importante de la renovaci\u00f3n, adem\u00e1s de la sustituci\u00f3n completa de las instalaciones (el\u00e9ctricas, sanitarias, climatizaci\u00f3n), fue el aumento de puestos de trabajo mediante la construcci\u00f3n de entrepisos met\u00e1licos, entendiendo a la obra como una inversi\u00f3n redituable.<\/p>\n<p>Mejorar la calidad del espacio y ofrecer los beneficios de una oficina planificada, permite aumentar la productividad y demuestra el poder de la transformaci\u00f3n desde un ambiente inspirador.<\/p>\n<p><iframe loading=\"lazy\" style=\"border: 0;\" src=\"https:\/\/www.google.com\/maps\/embed?pb=!4v1553799670468!6m8!1m7!1sCAoSLEFGMVFpcE9nZDVTNGFEQTVhN0dnZUNqdmxMT1VwY2lTVG5BeWdRNTJtWllI!2m2!1d-34.589857722533!2d-58.44007256121733!3f184.92!4f-2.4599999999999937!5f0.7820865974627469\" width=\"642\" height=\"450\" frameborder=\"0\" allowfullscreen=\"allowfullscreen\"><\/iframe><\/p>\n<p><strong>Ficha t\u00e9cnica<\/strong><br \/>Nombre: Oficinas BB-Business Bureau<br \/>Ubicaci\u00f3n: Darwin 1154, Ciudad de Buenos Aires, Argentina<br \/>Oficina de Arquitectura: Estudio Cebra<br \/>Arquitecto a cargo: Arqs. Bel\u00e9n Marreins, Lucila Matteo, Cecilia Cambeses<br \/>C\u00e1lculo Estructural: Blon ingenier\u00eda<br \/>Instalaci\u00f3n El\u00e9ctrica: CPI &amp; T<br \/>Climatizaci\u00f3n: Tecnaran<br \/>Equipamiento: Graciela Juarez<br \/>A\u00f1o t\u00e9rmino construcci\u00f3n: 2017<br \/>Superficie construida: 510 m2<br \/>Fot\u00f3grafo: <a href=\"http:\/\/www.javieragustinrojas.com\" target=\"_blank\" rel=\"noopener noreferrer\">Javier Agust\u00edn Rojas<\/a><\/p>\n<p><strong>Contacto<\/strong><br \/><a href=\"http:\/\/www.estudiocebra.com\" target=\"_blank\" rel=\"noopener noreferrer\">http:\/\/www.estudiocebra.com<\/a><\/p>\n\n\n<div style=\"height:20px\" aria-hidden=\"true\" class=\"wp-block-spacer\"><\/div>\n\n\n<p><em><strong>English version<\/strong><\/em><\/p>\n<p><em>The building where BB-Business Bureau&#8217;s office is located was built between 1906 and 1908, house to a wool and cotton factory. In 1989, it was renovated and subdivided into 67 lofts for the FOA house (a design space that raises funds for the \u00abFundacio\u0301n Oftalmolo\u0301gica Argentina\u00bb).<\/em><\/p>\n<p><em>Two of these lofts located on the first floor are linked together, hosting the main offices of a company specialized in marketing and technology. The rebranding in 2017 lead to the complete renovation of the offices, transforming them into more open, transparent and bright spaces.<\/em><\/p>\n<p><em>Collaboration rooms were created for formal and informal meetings, in small or large groups; and spaces suitable for concentration and privacy.<\/em><\/p>\n<p><em>A new brand image is present throughout the office, with environmental graphics, murals, and colored accents respecting the company&#8217;s color palette.<\/em><\/p>\n<p><em>Our challenge was to improve workspace quality. The new AC equipment allows an individual regulation of the temperature of each area. Space divisions made of tempered glass have a multilayer sheet to obtain a correct acoustic insulation. The entire office furniture was replaced by modern equipment.<\/em><\/p>\n<p><em>The remake maintains the spatial virtues of the building: the natural illumination allowed by industrial glass windows, the double height spaces, brick walls and the original metallic structure.<\/em><\/p>\n<p><em>The importance of the renovation, in addition to the complete replacement of the facilities (electrical, sanitary, air conditioning), was the increase of workspaces through the construction of metal mezzanines. Improving the quality of this company&#8217;s headquarters and offering the benefits of a correct layout, increases productivity and demonstrates the power of transformation from an inspiring environment.<\/em><\/p>\n<div style=\"font-size: 0px; height: 0px; line-height: 0px; margin: 0; padding: 0; clear: both;\"><\/div><div style=\"margin-top: 0px; margin-bottom: 0px;\" class=\"sharethis-inline-share-buttons\" ><\/div>","protected":false},"excerpt":{"rendered":"<p>Modernizaci\u00f3n de oficinas, transformadas en espacios m\u00e1s abiertos, transparentes y luminosos&#8230;<\/p>\n","protected":false},"author":1,"featured_media":36744,"comment_status":"closed","ping_status":"closed","sticky":false,"template":"","format":"standard","meta":{"_uag_custom_page_level_css":"","footnotes":""},"categories":[76,1],"tags":[1362,5198,16,5200,5197,5199,255],"class_list":["post-36743","post","type-post","status-publish","format-standard","has-post-thumbnail","hentry","category-arquitectura-corporativa","category-proyecto","tag-arquitectura-corporativa-2","tag-belen-marreins","tag-buenos-aires","tag-cecilia-cambeses","tag-estudio-cebra","tag-lucila-matteo","tag-oficinas","generate-columns","tablet-grid-50","mobile-grid-100","grid-parent","grid-50"],"yoast_head":"<!-- This site is optimized with the Yoast SEO plugin v27.3 - https:\/\/yoast.com\/product\/yoast-seo-wordpress\/ -->\n<title>Oficinas BB-Business Bureau \/ Estudio Cebra - Arquimaster<\/title>\n<meta name=\"description\" content=\"Modernizaci\u00f3n de las oficinas de la empresa, \u00edntegramente transformadas en espacios m\u00e1s abiertos, transparentes y luminosos.\" \/>\n<meta name=\"robots\" content=\"index, follow, max-snippet:-1, max-image-preview:large, max-video-preview:-1\" \/>\n<link rel=\"canonical\" href=\"https:\/\/www.arquimaster.com.ar\/web\/oficinas-bb-business-bureau-estudio-cebra\/\" \/>\n<meta property=\"og:locale\" content=\"es_ES\" \/>\n<meta property=\"og:type\" content=\"article\" \/>\n<meta property=\"og:title\" content=\"Oficinas BB-Business Bureau \/ Estudio Cebra\" \/>\n<meta property=\"og:description\" content=\"Modernizaci\u00f3n de las oficinas de la empresa, \u00edntegramente transformadas en espacios m\u00e1s abiertos, transparentes y luminosos.\" \/>\n<meta property=\"og:url\" content=\"https:\/\/www.arquimaster.com.ar\/web\/oficinas-bb-business-bureau-estudio-cebra\/\" \/>\n<meta property=\"og:site_name\" content=\"Arquimaster\" \/>\n<meta property=\"article:publisher\" content=\"http:\/\/www.facebook.com\/ARQUIMASTER.com.ar\" \/>\n<meta property=\"article:published_time\" content=\"2019-03-28T20:16:04+00:00\" \/>\n<meta property=\"article:modified_time\" content=\"2020-04-21T19:58:36+00:00\" \/>\n<meta property=\"og:image\" content=\"https:\/\/www.arquimaster.com.ar\/web\/wp-content\/uploads\/2019\/03\/bb_business_bureau_slide-wpp1587498962453.jpg\" \/>\n\t<meta property=\"og:image:width\" content=\"698\" \/>\n\t<meta property=\"og:image:height\" content=\"364\" \/>\n\t<meta property=\"og:image:type\" content=\"image\/jpeg\" \/>\n<meta name=\"author\" content=\"Arquimaster\" \/>\n<meta name=\"twitter:card\" content=\"summary_large_image\" \/>\n<meta name=\"twitter:title\" content=\"Oficinas BB-Business Bureau \/ Estudio Cebra\" \/>\n<meta name=\"twitter:description\" content=\"Modernizaci\u00f3n de las oficinas de la empresa, \u00edntegramente transformadas en espacios m\u00e1s abiertos, transparentes y luminosos.\" \/>\n<meta name=\"twitter:image\" content=\"https:\/\/www.arquimaster.com.ar\/web\/wp-content\/uploads\/2019\/03\/bb_business_bureau_slide-wpp1587498962453.jpg\" \/>\n<meta name=\"twitter:creator\" content=\"@arquimaster\" \/>\n<meta name=\"twitter:site\" content=\"@arquimaster\" \/>\n<meta name=\"twitter:label1\" content=\"Escrito por\" \/>\n\t<meta name=\"twitter:data1\" content=\"Arquimaster\" \/>\n\t<meta name=\"twitter:label2\" content=\"Tiempo de lectura\" \/>\n\t<meta name=\"twitter:data2\" content=\"3 minutos\" \/>\n<script type=\"application\/ld+json\" class=\"yoast-schema-graph\">{\"@context\":\"https:\\\/\\\/schema.org\",\"@graph\":[{\"@type\":\"Article\",\"@id\":\"https:\\\/\\\/www.arquimaster.com.ar\\\/web\\\/oficinas-bb-business-bureau-estudio-cebra\\\/#article\",\"isPartOf\":{\"@id\":\"https:\\\/\\\/www.arquimaster.com.ar\\\/web\\\/oficinas-bb-business-bureau-estudio-cebra\\\/\"},\"author\":{\"name\":\"Arquimaster\",\"@id\":\"https:\\\/\\\/www.arquimaster.com.ar\\\/web\\\/#\\\/schema\\\/person\\\/359e9f7c00193fcde068e0dd2ceb0028\"},\"headline\":\"Oficinas BB-Business Bureau \\\/ Estudio Cebra\",\"datePublished\":\"2019-03-28T20:16:04+00:00\",\"dateModified\":\"2020-04-21T19:58:36+00:00\",\"mainEntityOfPage\":{\"@id\":\"https:\\\/\\\/www.arquimaster.com.ar\\\/web\\\/oficinas-bb-business-bureau-estudio-cebra\\\/\"},\"wordCount\":705,\"publisher\":{\"@id\":\"https:\\\/\\\/www.arquimaster.com.ar\\\/web\\\/#organization\"},\"image\":{\"@id\":\"https:\\\/\\\/www.arquimaster.com.ar\\\/web\\\/oficinas-bb-business-bureau-estudio-cebra\\\/#primaryimage\"},\"thumbnailUrl\":\"https:\\\/\\\/www.arquimaster.com.ar\\\/web\\\/wp-content\\\/uploads\\\/2019\\\/03\\\/bb_business_bureau_slide-wpp1587498962453.jpg\",\"keywords\":[\"arquitectura corporativa\",\"Bel\u00e9n Marreins\",\"Buenos Aires\",\"Cecilia Cambeses\",\"Estudio Cebra\",\"Lucila Matteo\",\"oficinas\"],\"articleSection\":[\"Arquitectura corporativa\",\"Proyecto\"],\"inLanguage\":\"es\"},{\"@type\":\"WebPage\",\"@id\":\"https:\\\/\\\/www.arquimaster.com.ar\\\/web\\\/oficinas-bb-business-bureau-estudio-cebra\\\/\",\"url\":\"https:\\\/\\\/www.arquimaster.com.ar\\\/web\\\/oficinas-bb-business-bureau-estudio-cebra\\\/\",\"name\":\"Oficinas BB-Business Bureau \\\/ Estudio Cebra - Arquimaster\",\"isPartOf\":{\"@id\":\"https:\\\/\\\/www.arquimaster.com.ar\\\/web\\\/#website\"},\"primaryImageOfPage\":{\"@id\":\"https:\\\/\\\/www.arquimaster.com.ar\\\/web\\\/oficinas-bb-business-bureau-estudio-cebra\\\/#primaryimage\"},\"image\":{\"@id\":\"https:\\\/\\\/www.arquimaster.com.ar\\\/web\\\/oficinas-bb-business-bureau-estudio-cebra\\\/#primaryimage\"},\"thumbnailUrl\":\"https:\\\/\\\/www.arquimaster.com.ar\\\/web\\\/wp-content\\\/uploads\\\/2019\\\/03\\\/bb_business_bureau_slide-wpp1587498962453.jpg\",\"datePublished\":\"2019-03-28T20:16:04+00:00\",\"dateModified\":\"2020-04-21T19:58:36+00:00\",\"description\":\"Modernizaci\u00f3n de las oficinas de la empresa, \u00edntegramente transformadas en espacios m\u00e1s abiertos, transparentes y luminosos.\",\"breadcrumb\":{\"@id\":\"https:\\\/\\\/www.arquimaster.com.ar\\\/web\\\/oficinas-bb-business-bureau-estudio-cebra\\\/#breadcrumb\"},\"inLanguage\":\"es\",\"potentialAction\":[{\"@type\":\"ReadAction\",\"target\":[\"https:\\\/\\\/www.arquimaster.com.ar\\\/web\\\/oficinas-bb-business-bureau-estudio-cebra\\\/\"]}]},{\"@type\":\"ImageObject\",\"inLanguage\":\"es\",\"@id\":\"https:\\\/\\\/www.arquimaster.com.ar\\\/web\\\/oficinas-bb-business-bureau-estudio-cebra\\\/#primaryimage\",\"url\":\"https:\\\/\\\/www.arquimaster.com.ar\\\/web\\\/wp-content\\\/uploads\\\/2019\\\/03\\\/bb_business_bureau_slide-wpp1587498962453.jpg\",\"contentUrl\":\"https:\\\/\\\/www.arquimaster.com.ar\\\/web\\\/wp-content\\\/uploads\\\/2019\\\/03\\\/bb_business_bureau_slide-wpp1587498962453.jpg\",\"width\":698,\"height\":364},{\"@type\":\"BreadcrumbList\",\"@id\":\"https:\\\/\\\/www.arquimaster.com.ar\\\/web\\\/oficinas-bb-business-bureau-estudio-cebra\\\/#breadcrumb\",\"itemListElement\":[{\"@type\":\"ListItem\",\"position\":1,\"name\":\"Portada\",\"item\":\"https:\\\/\\\/www.arquimaster.com.ar\\\/web\\\/\"},{\"@type\":\"ListItem\",\"position\":2,\"name\":\"Oficinas BB-Business Bureau \\\/ Estudio Cebra\"}]},{\"@type\":\"WebSite\",\"@id\":\"https:\\\/\\\/www.arquimaster.com.ar\\\/web\\\/#website\",\"url\":\"https:\\\/\\\/www.arquimaster.com.ar\\\/web\\\/\",\"name\":\"Arquimaster\",\"description\":\"Web de arquitectura, dise\u00f1o y construccion\",\"publisher\":{\"@id\":\"https:\\\/\\\/www.arquimaster.com.ar\\\/web\\\/#organization\"},\"potentialAction\":[{\"@type\":\"SearchAction\",\"target\":{\"@type\":\"EntryPoint\",\"urlTemplate\":\"https:\\\/\\\/www.arquimaster.com.ar\\\/web\\\/?s={search_term_string}\"},\"query-input\":{\"@type\":\"PropertyValueSpecification\",\"valueRequired\":true,\"valueName\":\"search_term_string\"}}],\"inLanguage\":\"es\"},{\"@type\":\"Organization\",\"@id\":\"https:\\\/\\\/www.arquimaster.com.ar\\\/web\\\/#organization\",\"name\":\"Arquimaster\",\"url\":\"https:\\\/\\\/www.arquimaster.com.ar\\\/web\\\/\",\"logo\":{\"@type\":\"ImageObject\",\"inLanguage\":\"es\",\"@id\":\"https:\\\/\\\/www.arquimaster.com.ar\\\/web\\\/#\\\/schema\\\/logo\\\/image\\\/\",\"url\":\"https:\\\/\\\/www.arquimaster.com.ar\\\/web\\\/wp-content\\\/uploads\\\/2022\\\/06\\\/arquimaster.png\",\"contentUrl\":\"https:\\\/\\\/www.arquimaster.com.ar\\\/web\\\/wp-content\\\/uploads\\\/2022\\\/06\\\/arquimaster.png\",\"width\":594,\"height\":78,\"caption\":\"Arquimaster\"},\"image\":{\"@id\":\"https:\\\/\\\/www.arquimaster.com.ar\\\/web\\\/#\\\/schema\\\/logo\\\/image\\\/\"},\"sameAs\":[\"http:\\\/\\\/www.facebook.com\\\/ARQUIMASTER.com.ar\",\"https:\\\/\\\/x.com\\\/arquimaster\",\"https:\\\/\\\/www.instagram.com\\\/arquimasterblog\\\/\",\"https:\\\/\\\/www.linkedin.com\\\/company\\\/arquimaster\",\"https:\\\/\\\/www.pinterest.com\\\/arquimaster\",\"https:\\\/\\\/t.me\\\/arquimaster\"]},{\"@type\":\"Person\",\"@id\":\"https:\\\/\\\/www.arquimaster.com.ar\\\/web\\\/#\\\/schema\\\/person\\\/359e9f7c00193fcde068e0dd2ceb0028\",\"name\":\"Arquimaster\"}]}<\/script>\n<!-- \/ Yoast SEO plugin. -->","yoast_head_json":{"title":"Oficinas BB-Business Bureau \/ Estudio Cebra - Arquimaster","description":"Modernizaci\u00f3n de las oficinas de la empresa, \u00edntegramente transformadas en espacios m\u00e1s abiertos, transparentes y luminosos.","robots":{"index":"index","follow":"follow","max-snippet":"max-snippet:-1","max-image-preview":"max-image-preview:large","max-video-preview":"max-video-preview:-1"},"canonical":"https:\/\/www.arquimaster.com.ar\/web\/oficinas-bb-business-bureau-estudio-cebra\/","og_locale":"es_ES","og_type":"article","og_title":"Oficinas BB-Business Bureau \/ Estudio Cebra","og_description":"Modernizaci\u00f3n de las oficinas de la empresa, \u00edntegramente transformadas en espacios m\u00e1s abiertos, transparentes y luminosos.","og_url":"https:\/\/www.arquimaster.com.ar\/web\/oficinas-bb-business-bureau-estudio-cebra\/","og_site_name":"Arquimaster","article_publisher":"http:\/\/www.facebook.com\/ARQUIMASTER.com.ar","article_published_time":"2019-03-28T20:16:04+00:00","article_modified_time":"2020-04-21T19:58:36+00:00","og_image":[{"width":698,"height":364,"url":"https:\/\/www.arquimaster.com.ar\/web\/wp-content\/uploads\/2019\/03\/bb_business_bureau_slide-wpp1587498962453.jpg","type":"image\/jpeg"}],"author":"Arquimaster","twitter_card":"summary_large_image","twitter_title":"Oficinas BB-Business Bureau \/ Estudio Cebra","twitter_description":"Modernizaci\u00f3n de las oficinas de la empresa, \u00edntegramente transformadas en espacios m\u00e1s abiertos, transparentes y luminosos.","twitter_image":"https:\/\/www.arquimaster.com.ar\/web\/wp-content\/uploads\/2019\/03\/bb_business_bureau_slide-wpp1587498962453.jpg","twitter_creator":"@arquimaster","twitter_site":"@arquimaster","twitter_misc":{"Escrito por":"Arquimaster","Tiempo de lectura":"3 minutos"},"schema":{"@context":"https:\/\/schema.org","@graph":[{"@type":"Article","@id":"https:\/\/www.arquimaster.com.ar\/web\/oficinas-bb-business-bureau-estudio-cebra\/#article","isPartOf":{"@id":"https:\/\/www.arquimaster.com.ar\/web\/oficinas-bb-business-bureau-estudio-cebra\/"},"author":{"name":"Arquimaster","@id":"https:\/\/www.arquimaster.com.ar\/web\/#\/schema\/person\/359e9f7c00193fcde068e0dd2ceb0028"},"headline":"Oficinas BB-Business Bureau \/ Estudio Cebra","datePublished":"2019-03-28T20:16:04+00:00","dateModified":"2020-04-21T19:58:36+00:00","mainEntityOfPage":{"@id":"https:\/\/www.arquimaster.com.ar\/web\/oficinas-bb-business-bureau-estudio-cebra\/"},"wordCount":705,"publisher":{"@id":"https:\/\/www.arquimaster.com.ar\/web\/#organization"},"image":{"@id":"https:\/\/www.arquimaster.com.ar\/web\/oficinas-bb-business-bureau-estudio-cebra\/#primaryimage"},"thumbnailUrl":"https:\/\/www.arquimaster.com.ar\/web\/wp-content\/uploads\/2019\/03\/bb_business_bureau_slide-wpp1587498962453.jpg","keywords":["arquitectura corporativa","Bel\u00e9n Marreins","Buenos Aires","Cecilia Cambeses","Estudio Cebra","Lucila Matteo","oficinas"],"articleSection":["Arquitectura corporativa","Proyecto"],"inLanguage":"es"},{"@type":"WebPage","@id":"https:\/\/www.arquimaster.com.ar\/web\/oficinas-bb-business-bureau-estudio-cebra\/","url":"https:\/\/www.arquimaster.com.ar\/web\/oficinas-bb-business-bureau-estudio-cebra\/","name":"Oficinas BB-Business Bureau \/ Estudio Cebra - Arquimaster","isPartOf":{"@id":"https:\/\/www.arquimaster.com.ar\/web\/#website"},"primaryImageOfPage":{"@id":"https:\/\/www.arquimaster.com.ar\/web\/oficinas-bb-business-bureau-estudio-cebra\/#primaryimage"},"image":{"@id":"https:\/\/www.arquimaster.com.ar\/web\/oficinas-bb-business-bureau-estudio-cebra\/#primaryimage"},"thumbnailUrl":"https:\/\/www.arquimaster.com.ar\/web\/wp-content\/uploads\/2019\/03\/bb_business_bureau_slide-wpp1587498962453.jpg","datePublished":"2019-03-28T20:16:04+00:00","dateModified":"2020-04-21T19:58:36+00:00","description":"Modernizaci\u00f3n de las oficinas de la empresa, \u00edntegramente transformadas en espacios m\u00e1s abiertos, transparentes y luminosos.","breadcrumb":{"@id":"https:\/\/www.arquimaster.com.ar\/web\/oficinas-bb-business-bureau-estudio-cebra\/#breadcrumb"},"inLanguage":"es","potentialAction":[{"@type":"ReadAction","target":["https:\/\/www.arquimaster.com.ar\/web\/oficinas-bb-business-bureau-estudio-cebra\/"]}]},{"@type":"ImageObject","inLanguage":"es","@id":"https:\/\/www.arquimaster.com.ar\/web\/oficinas-bb-business-bureau-estudio-cebra\/#primaryimage","url":"https:\/\/www.arquimaster.com.ar\/web\/wp-content\/uploads\/2019\/03\/bb_business_bureau_slide-wpp1587498962453.jpg","contentUrl":"https:\/\/www.arquimaster.com.ar\/web\/wp-content\/uploads\/2019\/03\/bb_business_bureau_slide-wpp1587498962453.jpg","width":698,"height":364},{"@type":"BreadcrumbList","@id":"https:\/\/www.arquimaster.com.ar\/web\/oficinas-bb-business-bureau-estudio-cebra\/#breadcrumb","itemListElement":[{"@type":"ListItem","position":1,"name":"Portada","item":"https:\/\/www.arquimaster.com.ar\/web\/"},{"@type":"ListItem","position":2,"name":"Oficinas BB-Business Bureau \/ Estudio Cebra"}]},{"@type":"WebSite","@id":"https:\/\/www.arquimaster.com.ar\/web\/#website","url":"https:\/\/www.arquimaster.com.ar\/web\/","name":"Arquimaster","description":"Web de arquitectura, dise\u00f1o y construccion","publisher":{"@id":"https:\/\/www.arquimaster.com.ar\/web\/#organization"},"potentialAction":[{"@type":"SearchAction","target":{"@type":"EntryPoint","urlTemplate":"https:\/\/www.arquimaster.com.ar\/web\/?s={search_term_string}"},"query-input":{"@type":"PropertyValueSpecification","valueRequired":true,"valueName":"search_term_string"}}],"inLanguage":"es"},{"@type":"Organization","@id":"https:\/\/www.arquimaster.com.ar\/web\/#organization","name":"Arquimaster","url":"https:\/\/www.arquimaster.com.ar\/web\/","logo":{"@type":"ImageObject","inLanguage":"es","@id":"https:\/\/www.arquimaster.com.ar\/web\/#\/schema\/logo\/image\/","url":"https:\/\/www.arquimaster.com.ar\/web\/wp-content\/uploads\/2022\/06\/arquimaster.png","contentUrl":"https:\/\/www.arquimaster.com.ar\/web\/wp-content\/uploads\/2022\/06\/arquimaster.png","width":594,"height":78,"caption":"Arquimaster"},"image":{"@id":"https:\/\/www.arquimaster.com.ar\/web\/#\/schema\/logo\/image\/"},"sameAs":["http:\/\/www.facebook.com\/ARQUIMASTER.com.ar","https:\/\/x.com\/arquimaster","https:\/\/www.instagram.com\/arquimasterblog\/","https:\/\/www.linkedin.com\/company\/arquimaster","https:\/\/www.pinterest.com\/arquimaster","https:\/\/t.me\/arquimaster"]},{"@type":"Person","@id":"https:\/\/www.arquimaster.com.ar\/web\/#\/schema\/person\/359e9f7c00193fcde068e0dd2ceb0028","name":"Arquimaster"}]}},"uagb_featured_image_src":{"full":["https:\/\/www.arquimaster.com.ar\/web\/wp-content\/uploads\/2019\/03\/bb_business_bureau_slide-wpp1587498962453.jpg",698,364,false],"thumbnail":["https:\/\/www.arquimaster.com.ar\/web\/wp-content\/uploads\/2019\/03\/bb_business_bureau_slide-wpp1587498962453-150x150.jpg",150,150,true],"medium":["https:\/\/www.arquimaster.com.ar\/web\/wp-content\/uploads\/2019\/03\/bb_business_bureau_slide-wpp1587498962453.jpg",698,364,false],"medium_large":["https:\/\/www.arquimaster.com.ar\/web\/wp-content\/uploads\/2019\/03\/bb_business_bureau_slide-wpp1587498962453.jpg",698,364,false],"large":["https:\/\/www.arquimaster.com.ar\/web\/wp-content\/uploads\/2019\/03\/bb_business_bureau_slide-wpp1587498962453.jpg",698,364,false],"1536x1536":["https:\/\/www.arquimaster.com.ar\/web\/wp-content\/uploads\/2019\/03\/bb_business_bureau_slide-wpp1587498962453.jpg",698,364,false],"2048x2048":["https:\/\/www.arquimaster.com.ar\/web\/wp-content\/uploads\/2019\/03\/bb_business_bureau_slide-wpp1587498962453.jpg",698,364,false]},"uagb_author_info":{"display_name":"Arquimaster","author_link":"https:\/\/www.arquimaster.com.ar\/web\/author\/arquimaster\/"},"uagb_comment_info":0,"uagb_excerpt":"Modernizaci\u00f3n de oficinas, transformadas en espacios m\u00e1s abiertos, transparentes y luminosos...","_links":{"self":[{"href":"https:\/\/www.arquimaster.com.ar\/web\/wp-json\/wp\/v2\/posts\/36743","targetHints":{"allow":["GET"]}}],"collection":[{"href":"https:\/\/www.arquimaster.com.ar\/web\/wp-json\/wp\/v2\/posts"}],"about":[{"href":"https:\/\/www.arquimaster.com.ar\/web\/wp-json\/wp\/v2\/types\/post"}],"author":[{"embeddable":true,"href":"https:\/\/www.arquimaster.com.ar\/web\/wp-json\/wp\/v2\/users\/1"}],"replies":[{"embeddable":true,"href":"https:\/\/www.arquimaster.com.ar\/web\/wp-json\/wp\/v2\/comments?post=36743"}],"version-history":[{"count":1,"href":"https:\/\/www.arquimaster.com.ar\/web\/wp-json\/wp\/v2\/posts\/36743\/revisions"}],"predecessor-version":[{"id":54852,"href":"https:\/\/www.arquimaster.com.ar\/web\/wp-json\/wp\/v2\/posts\/36743\/revisions\/54852"}],"wp:featuredmedia":[{"embeddable":true,"href":"https:\/\/www.arquimaster.com.ar\/web\/wp-json\/wp\/v2\/media\/36744"}],"wp:attachment":[{"href":"https:\/\/www.arquimaster.com.ar\/web\/wp-json\/wp\/v2\/media?parent=36743"}],"wp:term":[{"taxonomy":"category","embeddable":true,"href":"https:\/\/www.arquimaster.com.ar\/web\/wp-json\/wp\/v2\/categories?post=36743"},{"taxonomy":"post_tag","embeddable":true,"href":"https:\/\/www.arquimaster.com.ar\/web\/wp-json\/wp\/v2\/tags?post=36743"}],"curies":[{"name":"wp","href":"https:\/\/api.w.org\/{rel}","templated":true}]}}