{"id":36861,"date":"2019-04-04T17:19:08","date_gmt":"2019-04-04T20:19:08","guid":{"rendered":"https:\/\/www.arquimaster.com.ar\/web\/?p=36861"},"modified":"2020-05-24T19:00:10","modified_gmt":"2020-05-24T22:00:10","slug":"vivienda-gvfc-balzar-arquitectos","status":"publish","type":"post","link":"https:\/\/www.arquimaster.com.ar\/web\/vivienda-gvfc-balzar-arquitectos\/","title":{"rendered":"Vivienda GVFC \/ Balzar Arquitectos"},"content":{"rendered":"<div style=\"margin-top: 0px; margin-bottom: 0px;\" class=\"sharethis-inline-share-buttons\" ><\/div><div class=\"b812932af2e751442846f039925109de\" data-index=\"1\" style=\"float: none; margin:25px 0 25px 0; text-align:center;\">\n<script async src=\"https:\/\/pagead2.googlesyndication.com\/pagead\/js\/adsbygoogle.js\"><\/script>\r\n<!-- Arquimaster (superior) -->\r\n<ins class=\"adsbygoogle\"\r\n     style=\"display:block\"\r\n     data-ad-client=\"ca-pub-6351072698456832\"\r\n     data-ad-slot=\"6455489680\"\r\n     data-ad-format=\"auto\"\r\n     data-full-width-responsive=\"true\"><\/ins>\r\n<script>\r\n     (adsbygoogle = window.adsbygoogle || []).push({});\r\n<\/script>\n<\/div>\n<p><strong>Vivienda GVFC<\/strong> (Valencia, Espa\u00f1a) por <strong>Balzar Arquitectos<\/strong>. El proyecto de reforma realizado por Balzar Arquitectos contempla la renovaci\u00f3n completa de una vivienda situada en un edificio dise\u00f1ado por el arquitecto Antonio Escario, ubicado en una de las principales avenidas de la ciudad de Valencia. La vivienda ocupa una posici\u00f3n en esquina, caracterizada por disponer de un amplio chafl\u00e1n, siguiendo la configuraci\u00f3n de las manzanas del entorno. La organizaci\u00f3n interior ha supuesto un desaf\u00edo para los arquitectos, ya que la geometr\u00eda de la planta presentaba distintos paramentos que no eran ortogonales entre s\u00ed.<\/p>\n<div id='gallery-1' class='gallery galleryid-36861 gallery-columns-3 gallery-size-thumbnail'><figure class='gallery-item'>\n\t\t\t<div class='gallery-icon portrait'>\n\t\t\t\t<a href='https:\/\/www.arquimaster.com.ar\/web\/wp-content\/uploads\/2019\/04\/vivienda_gvfc1.jpg' title=\"Vivienda GVFC \/ Balzar Arquitectos (\u00a9 David Zarzoso)\" data-rl_title=\"Vivienda GVFC \/ Balzar Arquitectos (\u00a9 David Zarzoso)\" class=\"rl-gallery-link\" data-rl_caption=\"Vivienda GVFC \/ Balzar Arquitectos (\u00a9 David Zarzoso)\" data-rel=\"lightbox-gallery-1\"><img loading=\"lazy\" decoding=\"async\" width=\"150\" height=\"150\" src=\"https:\/\/www.arquimaster.com.ar\/web\/wp-content\/uploads\/2019\/04\/vivienda_gvfc1-150x150.jpg\" class=\"attachment-thumbnail size-thumbnail\" alt=\"\" aria-describedby=\"gallery-1-36863\" srcset=\"https:\/\/www.arquimaster.com.ar\/web\/wp-content\/uploads\/2019\/04\/vivienda_gvfc1-150x150.jpg 150w, https:\/\/www.arquimaster.com.ar\/web\/wp-content\/uploads\/2019\/04\/vivienda_gvfc1-50x50.jpg 50w, https:\/\/www.arquimaster.com.ar\/web\/wp-content\/uploads\/2019\/04\/vivienda_gvfc1-125x125.jpg 125w\" sizes=\"auto, (max-width: 150px) 100vw, 150px\" \/><\/a>\n\t\t\t<\/div>\n\t\t\t\t<figcaption class='wp-caption-text gallery-caption' id='gallery-1-36863'>\n\t\t\t\tVivienda GVFC \/ Balzar Arquitectos (\u00a9 David Zarzoso)\n\t\t\t\t<\/figcaption><\/figure><figure class='gallery-item'>\n\t\t\t<div class='gallery-icon portrait'>\n\t\t\t\t<a href='https:\/\/www.arquimaster.com.ar\/web\/wp-content\/uploads\/2019\/04\/vivienda_gvfc2.jpg' title=\"Vivienda GVFC \/ Balzar Arquitectos (\u00a9 David Zarzoso)\" data-rl_title=\"Vivienda GVFC \/ Balzar Arquitectos (\u00a9 David Zarzoso)\" class=\"rl-gallery-link\" data-rl_caption=\"Vivienda GVFC \/ Balzar Arquitectos (\u00a9 David Zarzoso)\" data-rel=\"lightbox-gallery-1\"><img loading=\"lazy\" decoding=\"async\" width=\"150\" height=\"150\" src=\"https:\/\/www.arquimaster.com.ar\/web\/wp-content\/uploads\/2019\/04\/vivienda_gvfc2-150x150.jpg\" class=\"attachment-thumbnail size-thumbnail\" alt=\"\" aria-describedby=\"gallery-1-36864\" srcset=\"https:\/\/www.arquimaster.com.ar\/web\/wp-content\/uploads\/2019\/04\/vivienda_gvfc2-150x150.jpg 150w, https:\/\/www.arquimaster.com.ar\/web\/wp-content\/uploads\/2019\/04\/vivienda_gvfc2-50x50.jpg 50w, https:\/\/www.arquimaster.com.ar\/web\/wp-content\/uploads\/2019\/04\/vivienda_gvfc2-125x125.jpg 125w\" sizes=\"auto, (max-width: 150px) 100vw, 150px\" \/><\/a>\n\t\t\t<\/div>\n\t\t\t\t<figcaption class='wp-caption-text gallery-caption' id='gallery-1-36864'>\n\t\t\t\tVivienda GVFC \/ Balzar Arquitectos (\u00a9 David Zarzoso)\n\t\t\t\t<\/figcaption><\/figure><figure class='gallery-item'>\n\t\t\t<div class='gallery-icon landscape'>\n\t\t\t\t<a href='https:\/\/www.arquimaster.com.ar\/web\/wp-content\/uploads\/2019\/04\/vivienda_gvfc3.jpg' title=\"Vivienda GVFC \/ Balzar Arquitectos (\u00a9 David Zarzoso)\" data-rl_title=\"Vivienda GVFC \/ Balzar Arquitectos (\u00a9 David Zarzoso)\" class=\"rl-gallery-link\" data-rl_caption=\"Vivienda GVFC \/ Balzar Arquitectos (\u00a9 David Zarzoso)\" data-rel=\"lightbox-gallery-1\"><img loading=\"lazy\" decoding=\"async\" width=\"150\" height=\"150\" src=\"https:\/\/www.arquimaster.com.ar\/web\/wp-content\/uploads\/2019\/04\/vivienda_gvfc3-150x150.jpg\" class=\"attachment-thumbnail size-thumbnail\" alt=\"\" aria-describedby=\"gallery-1-36865\" srcset=\"https:\/\/www.arquimaster.com.ar\/web\/wp-content\/uploads\/2019\/04\/vivienda_gvfc3-150x150.jpg 150w, https:\/\/www.arquimaster.com.ar\/web\/wp-content\/uploads\/2019\/04\/vivienda_gvfc3-50x50.jpg 50w, https:\/\/www.arquimaster.com.ar\/web\/wp-content\/uploads\/2019\/04\/vivienda_gvfc3-125x125.jpg 125w\" sizes=\"auto, (max-width: 150px) 100vw, 150px\" \/><\/a>\n\t\t\t<\/div>\n\t\t\t\t<figcaption class='wp-caption-text gallery-caption' id='gallery-1-36865'>\n\t\t\t\tVivienda GVFC \/ Balzar Arquitectos (\u00a9 David Zarzoso)\n\t\t\t\t<\/figcaption><\/figure><figure class='gallery-item'>\n\t\t\t<div class='gallery-icon landscape'>\n\t\t\t\t<a href='https:\/\/www.arquimaster.com.ar\/web\/wp-content\/uploads\/2019\/04\/vivienda_gvfc4.jpg' title=\"Vivienda GVFC \/ Balzar Arquitectos (\u00a9 David Zarzoso)\" data-rl_title=\"Vivienda GVFC \/ Balzar Arquitectos (\u00a9 David Zarzoso)\" class=\"rl-gallery-link\" data-rl_caption=\"Vivienda GVFC \/ Balzar Arquitectos (\u00a9 David Zarzoso)\" data-rel=\"lightbox-gallery-1\"><img loading=\"lazy\" decoding=\"async\" width=\"150\" height=\"150\" src=\"https:\/\/www.arquimaster.com.ar\/web\/wp-content\/uploads\/2019\/04\/vivienda_gvfc4-150x150.jpg\" class=\"attachment-thumbnail size-thumbnail\" alt=\"\" aria-describedby=\"gallery-1-36866\" srcset=\"https:\/\/www.arquimaster.com.ar\/web\/wp-content\/uploads\/2019\/04\/vivienda_gvfc4-150x150.jpg 150w, https:\/\/www.arquimaster.com.ar\/web\/wp-content\/uploads\/2019\/04\/vivienda_gvfc4-50x50.jpg 50w, https:\/\/www.arquimaster.com.ar\/web\/wp-content\/uploads\/2019\/04\/vivienda_gvfc4-125x125.jpg 125w\" sizes=\"auto, (max-width: 150px) 100vw, 150px\" \/><\/a>\n\t\t\t<\/div>\n\t\t\t\t<figcaption class='wp-caption-text gallery-caption' id='gallery-1-36866'>\n\t\t\t\tVivienda GVFC \/ Balzar Arquitectos (\u00a9 David Zarzoso)\n\t\t\t\t<\/figcaption><\/figure><figure class='gallery-item'>\n\t\t\t<div class='gallery-icon landscape'>\n\t\t\t\t<a href='https:\/\/www.arquimaster.com.ar\/web\/wp-content\/uploads\/2019\/04\/vivienda_gvfc5.jpg' title=\"Vivienda GVFC \/ Balzar Arquitectos (\u00a9 David Zarzoso)\" data-rl_title=\"Vivienda GVFC \/ Balzar Arquitectos (\u00a9 David Zarzoso)\" class=\"rl-gallery-link\" data-rl_caption=\"Vivienda GVFC \/ Balzar Arquitectos (\u00a9 David Zarzoso)\" data-rel=\"lightbox-gallery-1\"><img loading=\"lazy\" decoding=\"async\" width=\"150\" height=\"150\" src=\"https:\/\/www.arquimaster.com.ar\/web\/wp-content\/uploads\/2019\/04\/vivienda_gvfc5-150x150.jpg\" class=\"attachment-thumbnail size-thumbnail\" alt=\"\" aria-describedby=\"gallery-1-36867\" srcset=\"https:\/\/www.arquimaster.com.ar\/web\/wp-content\/uploads\/2019\/04\/vivienda_gvfc5-150x150.jpg 150w, https:\/\/www.arquimaster.com.ar\/web\/wp-content\/uploads\/2019\/04\/vivienda_gvfc5-50x50.jpg 50w, https:\/\/www.arquimaster.com.ar\/web\/wp-content\/uploads\/2019\/04\/vivienda_gvfc5-125x125.jpg 125w\" sizes=\"auto, (max-width: 150px) 100vw, 150px\" \/><\/a>\n\t\t\t<\/div>\n\t\t\t\t<figcaption class='wp-caption-text gallery-caption' id='gallery-1-36867'>\n\t\t\t\tVivienda GVFC \/ Balzar Arquitectos (\u00a9 David Zarzoso)\n\t\t\t\t<\/figcaption><\/figure><figure class='gallery-item'>\n\t\t\t<div class='gallery-icon landscape'>\n\t\t\t\t<a href='https:\/\/www.arquimaster.com.ar\/web\/wp-content\/uploads\/2019\/04\/vivienda_gvfc6.jpg' title=\"Vivienda GVFC \/ Balzar Arquitectos (\u00a9 David Zarzoso)\" data-rl_title=\"Vivienda GVFC \/ Balzar Arquitectos (\u00a9 David Zarzoso)\" class=\"rl-gallery-link\" data-rl_caption=\"Vivienda GVFC \/ Balzar Arquitectos (\u00a9 David Zarzoso)\" data-rel=\"lightbox-gallery-1\"><img loading=\"lazy\" decoding=\"async\" width=\"150\" height=\"150\" src=\"https:\/\/www.arquimaster.com.ar\/web\/wp-content\/uploads\/2019\/04\/vivienda_gvfc6-150x150.jpg\" class=\"attachment-thumbnail size-thumbnail\" alt=\"\" aria-describedby=\"gallery-1-36868\" srcset=\"https:\/\/www.arquimaster.com.ar\/web\/wp-content\/uploads\/2019\/04\/vivienda_gvfc6-150x150.jpg 150w, https:\/\/www.arquimaster.com.ar\/web\/wp-content\/uploads\/2019\/04\/vivienda_gvfc6-50x50.jpg 50w, https:\/\/www.arquimaster.com.ar\/web\/wp-content\/uploads\/2019\/04\/vivienda_gvfc6-125x125.jpg 125w\" sizes=\"auto, (max-width: 150px) 100vw, 150px\" \/><\/a>\n\t\t\t<\/div>\n\t\t\t\t<figcaption class='wp-caption-text gallery-caption' id='gallery-1-36868'>\n\t\t\t\tVivienda GVFC \/ Balzar Arquitectos (\u00a9 David Zarzoso)\n\t\t\t\t<\/figcaption><\/figure><figure class='gallery-item'>\n\t\t\t<div class='gallery-icon landscape'>\n\t\t\t\t<a href='https:\/\/www.arquimaster.com.ar\/web\/wp-content\/uploads\/2019\/04\/vivienda_gvfc7.jpg' title=\"Vivienda GVFC \/ Balzar Arquitectos (\u00a9 David Zarzoso)\" data-rl_title=\"Vivienda GVFC \/ Balzar Arquitectos (\u00a9 David Zarzoso)\" class=\"rl-gallery-link\" data-rl_caption=\"Vivienda GVFC \/ Balzar Arquitectos (\u00a9 David Zarzoso)\" data-rel=\"lightbox-gallery-1\"><img loading=\"lazy\" decoding=\"async\" width=\"150\" height=\"150\" src=\"https:\/\/www.arquimaster.com.ar\/web\/wp-content\/uploads\/2019\/04\/vivienda_gvfc7-150x150.jpg\" class=\"attachment-thumbnail size-thumbnail\" alt=\"\" aria-describedby=\"gallery-1-36869\" srcset=\"https:\/\/www.arquimaster.com.ar\/web\/wp-content\/uploads\/2019\/04\/vivienda_gvfc7-150x150.jpg 150w, https:\/\/www.arquimaster.com.ar\/web\/wp-content\/uploads\/2019\/04\/vivienda_gvfc7-50x50.jpg 50w, https:\/\/www.arquimaster.com.ar\/web\/wp-content\/uploads\/2019\/04\/vivienda_gvfc7-125x125.jpg 125w\" sizes=\"auto, (max-width: 150px) 100vw, 150px\" \/><\/a>\n\t\t\t<\/div>\n\t\t\t\t<figcaption class='wp-caption-text gallery-caption' id='gallery-1-36869'>\n\t\t\t\tVivienda GVFC \/ Balzar Arquitectos (\u00a9 David Zarzoso)\n\t\t\t\t<\/figcaption><\/figure><figure class='gallery-item'>\n\t\t\t<div class='gallery-icon landscape'>\n\t\t\t\t<a href='https:\/\/www.arquimaster.com.ar\/web\/wp-content\/uploads\/2019\/04\/vivienda_gvfc8.jpg' title=\"Vivienda GVFC \/ Balzar Arquitectos (\u00a9 David Zarzoso)\" data-rl_title=\"Vivienda GVFC \/ Balzar Arquitectos (\u00a9 David Zarzoso)\" class=\"rl-gallery-link\" data-rl_caption=\"Vivienda GVFC \/ Balzar Arquitectos (\u00a9 David Zarzoso)\" data-rel=\"lightbox-gallery-1\"><img loading=\"lazy\" decoding=\"async\" width=\"150\" height=\"150\" src=\"https:\/\/www.arquimaster.com.ar\/web\/wp-content\/uploads\/2019\/04\/vivienda_gvfc8-150x150.jpg\" class=\"attachment-thumbnail size-thumbnail\" alt=\"\" aria-describedby=\"gallery-1-36870\" srcset=\"https:\/\/www.arquimaster.com.ar\/web\/wp-content\/uploads\/2019\/04\/vivienda_gvfc8-150x150.jpg 150w, https:\/\/www.arquimaster.com.ar\/web\/wp-content\/uploads\/2019\/04\/vivienda_gvfc8-50x50.jpg 50w, https:\/\/www.arquimaster.com.ar\/web\/wp-content\/uploads\/2019\/04\/vivienda_gvfc8-125x125.jpg 125w\" sizes=\"auto, (max-width: 150px) 100vw, 150px\" \/><\/a>\n\t\t\t<\/div>\n\t\t\t\t<figcaption class='wp-caption-text gallery-caption' id='gallery-1-36870'>\n\t\t\t\tVivienda GVFC \/ Balzar Arquitectos (\u00a9 David Zarzoso)\n\t\t\t\t<\/figcaption><\/figure><figure class='gallery-item'>\n\t\t\t<div class='gallery-icon landscape'>\n\t\t\t\t<a href='https:\/\/www.arquimaster.com.ar\/web\/wp-content\/uploads\/2019\/04\/vivienda_gvfc9.jpg' title=\"Vivienda GVFC \/ Balzar Arquitectos (\u00a9 David Zarzoso)\" data-rl_title=\"Vivienda GVFC \/ Balzar Arquitectos (\u00a9 David Zarzoso)\" class=\"rl-gallery-link\" data-rl_caption=\"Vivienda GVFC \/ Balzar Arquitectos (\u00a9 David Zarzoso)\" data-rel=\"lightbox-gallery-1\"><img loading=\"lazy\" decoding=\"async\" width=\"150\" height=\"150\" src=\"https:\/\/www.arquimaster.com.ar\/web\/wp-content\/uploads\/2019\/04\/vivienda_gvfc9-150x150.jpg\" class=\"attachment-thumbnail size-thumbnail\" alt=\"\" aria-describedby=\"gallery-1-36871\" srcset=\"https:\/\/www.arquimaster.com.ar\/web\/wp-content\/uploads\/2019\/04\/vivienda_gvfc9-150x150.jpg 150w, https:\/\/www.arquimaster.com.ar\/web\/wp-content\/uploads\/2019\/04\/vivienda_gvfc9-50x50.jpg 50w, https:\/\/www.arquimaster.com.ar\/web\/wp-content\/uploads\/2019\/04\/vivienda_gvfc9-125x125.jpg 125w\" sizes=\"auto, (max-width: 150px) 100vw, 150px\" \/><\/a>\n\t\t\t<\/div>\n\t\t\t\t<figcaption class='wp-caption-text gallery-caption' id='gallery-1-36871'>\n\t\t\t\tVivienda GVFC \/ Balzar Arquitectos (\u00a9 David Zarzoso)\n\t\t\t\t<\/figcaption><\/figure><figure class='gallery-item'>\n\t\t\t<div class='gallery-icon landscape'>\n\t\t\t\t<a href='https:\/\/www.arquimaster.com.ar\/web\/wp-content\/uploads\/2019\/04\/vivienda_gvfc10.jpg' title=\"Vivienda GVFC \/ Balzar Arquitectos (\u00a9 David Zarzoso)\" data-rl_title=\"Vivienda GVFC \/ Balzar Arquitectos (\u00a9 David Zarzoso)\" class=\"rl-gallery-link\" data-rl_caption=\"Vivienda GVFC \/ Balzar Arquitectos (\u00a9 David Zarzoso)\" data-rel=\"lightbox-gallery-1\"><img loading=\"lazy\" decoding=\"async\" width=\"150\" height=\"150\" src=\"https:\/\/www.arquimaster.com.ar\/web\/wp-content\/uploads\/2019\/04\/vivienda_gvfc10-150x150.jpg\" class=\"attachment-thumbnail size-thumbnail\" alt=\"\" aria-describedby=\"gallery-1-36872\" srcset=\"https:\/\/www.arquimaster.com.ar\/web\/wp-content\/uploads\/2019\/04\/vivienda_gvfc10-150x150.jpg 150w, https:\/\/www.arquimaster.com.ar\/web\/wp-content\/uploads\/2019\/04\/vivienda_gvfc10-50x50.jpg 50w, https:\/\/www.arquimaster.com.ar\/web\/wp-content\/uploads\/2019\/04\/vivienda_gvfc10-125x125.jpg 125w\" sizes=\"auto, (max-width: 150px) 100vw, 150px\" \/><\/a>\n\t\t\t<\/div>\n\t\t\t\t<figcaption class='wp-caption-text gallery-caption' id='gallery-1-36872'>\n\t\t\t\tVivienda GVFC \/ Balzar Arquitectos (\u00a9 David Zarzoso)\n\t\t\t\t<\/figcaption><\/figure><figure class='gallery-item'>\n\t\t\t<div class='gallery-icon landscape'>\n\t\t\t\t<a href='https:\/\/www.arquimaster.com.ar\/web\/wp-content\/uploads\/2019\/04\/vivienda_gvfc11.jpg' title=\"Vivienda GVFC \/ Balzar Arquitectos (\u00a9 David Zarzoso)\" data-rl_title=\"Vivienda GVFC \/ Balzar Arquitectos (\u00a9 David Zarzoso)\" class=\"rl-gallery-link\" data-rl_caption=\"Vivienda GVFC \/ Balzar Arquitectos (\u00a9 David Zarzoso)\" data-rel=\"lightbox-gallery-1\"><img loading=\"lazy\" decoding=\"async\" width=\"150\" height=\"150\" src=\"https:\/\/www.arquimaster.com.ar\/web\/wp-content\/uploads\/2019\/04\/vivienda_gvfc11-150x150.jpg\" class=\"attachment-thumbnail size-thumbnail\" alt=\"\" aria-describedby=\"gallery-1-36874\" srcset=\"https:\/\/www.arquimaster.com.ar\/web\/wp-content\/uploads\/2019\/04\/vivienda_gvfc11-150x150.jpg 150w, https:\/\/www.arquimaster.com.ar\/web\/wp-content\/uploads\/2019\/04\/vivienda_gvfc11-50x50.jpg 50w, https:\/\/www.arquimaster.com.ar\/web\/wp-content\/uploads\/2019\/04\/vivienda_gvfc11-125x125.jpg 125w\" sizes=\"auto, (max-width: 150px) 100vw, 150px\" \/><\/a>\n\t\t\t<\/div>\n\t\t\t\t<figcaption class='wp-caption-text gallery-caption' id='gallery-1-36874'>\n\t\t\t\tVivienda GVFC \/ Balzar Arquitectos (\u00a9 David Zarzoso)\n\t\t\t\t<\/figcaption><\/figure><figure class='gallery-item'>\n\t\t\t<div class='gallery-icon landscape'>\n\t\t\t\t<a href='https:\/\/www.arquimaster.com.ar\/web\/wp-content\/uploads\/2019\/04\/vivienda_gvfc17.jpg' title=\"Vivienda GVFC \/ Balzar Arquitectos (\u00a9 David Zarzoso)\" data-rl_title=\"Vivienda GVFC \/ Balzar Arquitectos (\u00a9 David Zarzoso)\" class=\"rl-gallery-link\" data-rl_caption=\"Vivienda GVFC \/ Balzar Arquitectos (\u00a9 David Zarzoso)\" data-rel=\"lightbox-gallery-1\"><img loading=\"lazy\" decoding=\"async\" width=\"150\" height=\"150\" src=\"https:\/\/www.arquimaster.com.ar\/web\/wp-content\/uploads\/2019\/04\/vivienda_gvfc17-150x150.jpg\" class=\"attachment-thumbnail size-thumbnail\" alt=\"\" aria-describedby=\"gallery-1-36880\" srcset=\"https:\/\/www.arquimaster.com.ar\/web\/wp-content\/uploads\/2019\/04\/vivienda_gvfc17-150x150.jpg 150w, https:\/\/www.arquimaster.com.ar\/web\/wp-content\/uploads\/2019\/04\/vivienda_gvfc17-50x50.jpg 50w, https:\/\/www.arquimaster.com.ar\/web\/wp-content\/uploads\/2019\/04\/vivienda_gvfc17-125x125.jpg 125w\" sizes=\"auto, (max-width: 150px) 100vw, 150px\" \/><\/a>\n\t\t\t<\/div>\n\t\t\t\t<figcaption class='wp-caption-text gallery-caption' id='gallery-1-36880'>\n\t\t\t\tVivienda GVFC \/ Balzar Arquitectos (\u00a9 David Zarzoso)\n\t\t\t\t<\/figcaption><\/figure>\n\t\t<\/div>\n\n<p>La distribuci\u00f3n dibuja un espacio continuo en el acceso, con la cocina abierta al comedor y al sal\u00f3n. A trav\u00e9s del pasillo se accede a los dormitorios y a los ba\u00f1os.<\/p>\n<p>El mobiliario fijo se emplea para satisfacer distintas necesidades de los propietarios, a la vez que integra los elementos estructurales y de instalaciones. La percepci\u00f3n volum\u00e9trica del mismo se puede entender como una geometr\u00eda continua, abstracta en su forma, buscando ser una escultura.<\/p>\n<div id='gallery-2' class='gallery galleryid-36861 gallery-columns-3 gallery-size-thumbnail'><figure class='gallery-item'>\n\t\t\t<div class='gallery-icon portrait'>\n\t\t\t\t<a href='https:\/\/www.arquimaster.com.ar\/web\/wp-content\/uploads\/2019\/04\/vivienda_gvfc12.jpg' title=\"Vivienda GVFC \/ Balzar Arquitectos (\u00a9 David Zarzoso)\" data-rl_title=\"Vivienda GVFC \/ Balzar Arquitectos (\u00a9 David Zarzoso)\" class=\"rl-gallery-link\" data-rl_caption=\"Vivienda GVFC \/ Balzar Arquitectos (\u00a9 David Zarzoso)\" data-rel=\"lightbox-gallery-2\"><img loading=\"lazy\" decoding=\"async\" width=\"150\" height=\"150\" src=\"https:\/\/www.arquimaster.com.ar\/web\/wp-content\/uploads\/2019\/04\/vivienda_gvfc12-150x150.jpg\" class=\"attachment-thumbnail size-thumbnail\" alt=\"\" aria-describedby=\"gallery-2-36875\" srcset=\"https:\/\/www.arquimaster.com.ar\/web\/wp-content\/uploads\/2019\/04\/vivienda_gvfc12-150x150.jpg 150w, https:\/\/www.arquimaster.com.ar\/web\/wp-content\/uploads\/2019\/04\/vivienda_gvfc12-50x50.jpg 50w, https:\/\/www.arquimaster.com.ar\/web\/wp-content\/uploads\/2019\/04\/vivienda_gvfc12-125x125.jpg 125w\" sizes=\"auto, (max-width: 150px) 100vw, 150px\" \/><\/a>\n\t\t\t<\/div>\n\t\t\t\t<figcaption class='wp-caption-text gallery-caption' id='gallery-2-36875'>\n\t\t\t\tVivienda GVFC \/ Balzar Arquitectos (\u00a9 David Zarzoso)\n\t\t\t\t<\/figcaption><\/figure><figure class='gallery-item'>\n\t\t\t<div class='gallery-icon portrait'>\n\t\t\t\t<a href='https:\/\/www.arquimaster.com.ar\/web\/wp-content\/uploads\/2019\/04\/vivienda_gvfc13.jpg' title=\"Vivienda GVFC \/ Balzar Arquitectos (\u00a9 David Zarzoso)\" data-rl_title=\"Vivienda GVFC \/ Balzar Arquitectos (\u00a9 David Zarzoso)\" class=\"rl-gallery-link\" data-rl_caption=\"Vivienda GVFC \/ Balzar Arquitectos (\u00a9 David Zarzoso)\" data-rel=\"lightbox-gallery-2\"><img loading=\"lazy\" decoding=\"async\" width=\"150\" height=\"150\" src=\"https:\/\/www.arquimaster.com.ar\/web\/wp-content\/uploads\/2019\/04\/vivienda_gvfc13-150x150.jpg\" class=\"attachment-thumbnail size-thumbnail\" alt=\"\" aria-describedby=\"gallery-2-36876\" srcset=\"https:\/\/www.arquimaster.com.ar\/web\/wp-content\/uploads\/2019\/04\/vivienda_gvfc13-150x150.jpg 150w, https:\/\/www.arquimaster.com.ar\/web\/wp-content\/uploads\/2019\/04\/vivienda_gvfc13-50x50.jpg 50w, https:\/\/www.arquimaster.com.ar\/web\/wp-content\/uploads\/2019\/04\/vivienda_gvfc13-125x125.jpg 125w\" sizes=\"auto, (max-width: 150px) 100vw, 150px\" \/><\/a>\n\t\t\t<\/div>\n\t\t\t\t<figcaption class='wp-caption-text gallery-caption' id='gallery-2-36876'>\n\t\t\t\tVivienda GVFC \/ Balzar Arquitectos (\u00a9 David Zarzoso)\n\t\t\t\t<\/figcaption><\/figure><figure class='gallery-item'>\n\t\t\t<div class='gallery-icon portrait'>\n\t\t\t\t<a href='https:\/\/www.arquimaster.com.ar\/web\/wp-content\/uploads\/2019\/04\/vivienda_gvfc14.jpg' title=\"Vivienda GVFC \/ Balzar Arquitectos (\u00a9 David Zarzoso)\" data-rl_title=\"Vivienda GVFC \/ Balzar Arquitectos (\u00a9 David Zarzoso)\" class=\"rl-gallery-link\" data-rl_caption=\"Vivienda GVFC \/ Balzar Arquitectos (\u00a9 David Zarzoso)\" data-rel=\"lightbox-gallery-2\"><img loading=\"lazy\" decoding=\"async\" width=\"150\" height=\"150\" src=\"https:\/\/www.arquimaster.com.ar\/web\/wp-content\/uploads\/2019\/04\/vivienda_gvfc14-150x150.jpg\" class=\"attachment-thumbnail size-thumbnail\" alt=\"\" aria-describedby=\"gallery-2-36877\" srcset=\"https:\/\/www.arquimaster.com.ar\/web\/wp-content\/uploads\/2019\/04\/vivienda_gvfc14-150x150.jpg 150w, https:\/\/www.arquimaster.com.ar\/web\/wp-content\/uploads\/2019\/04\/vivienda_gvfc14-50x50.jpg 50w, https:\/\/www.arquimaster.com.ar\/web\/wp-content\/uploads\/2019\/04\/vivienda_gvfc14-125x125.jpg 125w\" sizes=\"auto, (max-width: 150px) 100vw, 150px\" \/><\/a>\n\t\t\t<\/div>\n\t\t\t\t<figcaption class='wp-caption-text gallery-caption' id='gallery-2-36877'>\n\t\t\t\tVivienda GVFC \/ Balzar Arquitectos (\u00a9 David Zarzoso)\n\t\t\t\t<\/figcaption><\/figure><figure class='gallery-item'>\n\t\t\t<div class='gallery-icon landscape'>\n\t\t\t\t<a href='https:\/\/www.arquimaster.com.ar\/web\/wp-content\/uploads\/2019\/04\/vivienda_gvfc15.jpg' title=\"Vivienda GVFC \/ Balzar Arquitectos (\u00a9 David Zarzoso)\" data-rl_title=\"Vivienda GVFC \/ Balzar Arquitectos (\u00a9 David Zarzoso)\" class=\"rl-gallery-link\" data-rl_caption=\"Vivienda GVFC \/ Balzar Arquitectos (\u00a9 David Zarzoso)\" data-rel=\"lightbox-gallery-2\"><img loading=\"lazy\" decoding=\"async\" width=\"150\" height=\"150\" src=\"https:\/\/www.arquimaster.com.ar\/web\/wp-content\/uploads\/2019\/04\/vivienda_gvfc15-150x150.jpg\" class=\"attachment-thumbnail size-thumbnail\" alt=\"\" aria-describedby=\"gallery-2-36878\" srcset=\"https:\/\/www.arquimaster.com.ar\/web\/wp-content\/uploads\/2019\/04\/vivienda_gvfc15-150x150.jpg 150w, https:\/\/www.arquimaster.com.ar\/web\/wp-content\/uploads\/2019\/04\/vivienda_gvfc15-50x50.jpg 50w, https:\/\/www.arquimaster.com.ar\/web\/wp-content\/uploads\/2019\/04\/vivienda_gvfc15-125x125.jpg 125w\" sizes=\"auto, (max-width: 150px) 100vw, 150px\" \/><\/a>\n\t\t\t<\/div>\n\t\t\t\t<figcaption class='wp-caption-text gallery-caption' id='gallery-2-36878'>\n\t\t\t\tVivienda GVFC \/ Balzar Arquitectos (\u00a9 David Zarzoso)\n\t\t\t\t<\/figcaption><\/figure><figure class='gallery-item'>\n\t\t\t<div class='gallery-icon portrait'>\n\t\t\t\t<a href='https:\/\/www.arquimaster.com.ar\/web\/wp-content\/uploads\/2019\/04\/vivienda_gvfc16.jpg' title=\"Vivienda GVFC \/ Balzar Arquitectos (\u00a9 David Zarzoso)\" data-rl_title=\"Vivienda GVFC \/ Balzar Arquitectos (\u00a9 David Zarzoso)\" class=\"rl-gallery-link\" data-rl_caption=\"Vivienda GVFC \/ Balzar Arquitectos (\u00a9 David Zarzoso)\" data-rel=\"lightbox-gallery-2\"><img loading=\"lazy\" decoding=\"async\" width=\"150\" height=\"150\" src=\"https:\/\/www.arquimaster.com.ar\/web\/wp-content\/uploads\/2019\/04\/vivienda_gvfc16-150x150.jpg\" class=\"attachment-thumbnail size-thumbnail\" alt=\"\" aria-describedby=\"gallery-2-36879\" srcset=\"https:\/\/www.arquimaster.com.ar\/web\/wp-content\/uploads\/2019\/04\/vivienda_gvfc16-150x150.jpg 150w, https:\/\/www.arquimaster.com.ar\/web\/wp-content\/uploads\/2019\/04\/vivienda_gvfc16-50x50.jpg 50w, https:\/\/www.arquimaster.com.ar\/web\/wp-content\/uploads\/2019\/04\/vivienda_gvfc16-125x125.jpg 125w\" sizes=\"auto, (max-width: 150px) 100vw, 150px\" \/><\/a>\n\t\t\t<\/div>\n\t\t\t\t<figcaption class='wp-caption-text gallery-caption' id='gallery-2-36879'>\n\t\t\t\tVivienda GVFC \/ Balzar Arquitectos (\u00a9 David Zarzoso)\n\t\t\t\t<\/figcaption><\/figure><figure class='gallery-item'>\n\t\t\t<div class='gallery-icon landscape'>\n\t\t\t\t<a href='https:\/\/www.arquimaster.com.ar\/web\/wp-content\/uploads\/2019\/04\/vivienda_gvfc18.jpg' title=\"Vivienda GVFC \/ Balzar Arquitectos (\u00a9 David Zarzoso)\" data-rl_title=\"Vivienda GVFC \/ Balzar Arquitectos (\u00a9 David Zarzoso)\" class=\"rl-gallery-link\" data-rl_caption=\"Vivienda GVFC \/ Balzar Arquitectos (\u00a9 David Zarzoso)\" data-rel=\"lightbox-gallery-2\"><img loading=\"lazy\" decoding=\"async\" width=\"150\" height=\"150\" src=\"https:\/\/www.arquimaster.com.ar\/web\/wp-content\/uploads\/2019\/04\/vivienda_gvfc18-150x150.jpg\" class=\"attachment-thumbnail size-thumbnail\" alt=\"\" aria-describedby=\"gallery-2-36881\" srcset=\"https:\/\/www.arquimaster.com.ar\/web\/wp-content\/uploads\/2019\/04\/vivienda_gvfc18-150x150.jpg 150w, https:\/\/www.arquimaster.com.ar\/web\/wp-content\/uploads\/2019\/04\/vivienda_gvfc18-50x50.jpg 50w, https:\/\/www.arquimaster.com.ar\/web\/wp-content\/uploads\/2019\/04\/vivienda_gvfc18-125x125.jpg 125w\" sizes=\"auto, (max-width: 150px) 100vw, 150px\" \/><\/a>\n\t\t\t<\/div>\n\t\t\t\t<figcaption class='wp-caption-text gallery-caption' id='gallery-2-36881'>\n\t\t\t\tVivienda GVFC \/ Balzar Arquitectos (\u00a9 David Zarzoso)\n\t\t\t\t<\/figcaption><\/figure><figure class='gallery-item'>\n\t\t\t<div class='gallery-icon portrait'>\n\t\t\t\t<a href='https:\/\/www.arquimaster.com.ar\/web\/wp-content\/uploads\/2019\/04\/vivienda_gvfc19.jpg' title=\"Vivienda GVFC \/ Balzar Arquitectos (\u00a9 David Zarzoso)\" data-rl_title=\"Vivienda GVFC \/ Balzar Arquitectos (\u00a9 David Zarzoso)\" class=\"rl-gallery-link\" data-rl_caption=\"Vivienda GVFC \/ Balzar Arquitectos (\u00a9 David Zarzoso)\" data-rel=\"lightbox-gallery-2\"><img loading=\"lazy\" decoding=\"async\" width=\"150\" height=\"150\" src=\"https:\/\/www.arquimaster.com.ar\/web\/wp-content\/uploads\/2019\/04\/vivienda_gvfc19-150x150.jpg\" class=\"attachment-thumbnail size-thumbnail\" alt=\"\" aria-describedby=\"gallery-2-36882\" srcset=\"https:\/\/www.arquimaster.com.ar\/web\/wp-content\/uploads\/2019\/04\/vivienda_gvfc19-150x150.jpg 150w, https:\/\/www.arquimaster.com.ar\/web\/wp-content\/uploads\/2019\/04\/vivienda_gvfc19-50x50.jpg 50w, https:\/\/www.arquimaster.com.ar\/web\/wp-content\/uploads\/2019\/04\/vivienda_gvfc19-125x125.jpg 125w\" sizes=\"auto, (max-width: 150px) 100vw, 150px\" \/><\/a>\n\t\t\t<\/div>\n\t\t\t\t<figcaption class='wp-caption-text gallery-caption' id='gallery-2-36882'>\n\t\t\t\tVivienda GVFC \/ Balzar Arquitectos (\u00a9 David Zarzoso)\n\t\t\t\t<\/figcaption><\/figure><figure class='gallery-item'>\n\t\t\t<div class='gallery-icon landscape'>\n\t\t\t\t<a href='https:\/\/www.arquimaster.com.ar\/web\/wp-content\/uploads\/2019\/04\/vivienda_gvfc20.jpg' title=\"Vivienda GVFC \/ Balzar Arquitectos (planta)\" data-rl_title=\"Vivienda GVFC \/ Balzar Arquitectos (planta)\" class=\"rl-gallery-link\" data-rl_caption=\"Vivienda GVFC \/ Balzar Arquitectos (planta)\" data-rel=\"lightbox-gallery-2\"><img loading=\"lazy\" decoding=\"async\" width=\"150\" height=\"150\" src=\"https:\/\/www.arquimaster.com.ar\/web\/wp-content\/uploads\/2019\/04\/vivienda_gvfc20-150x150.jpg\" class=\"attachment-thumbnail size-thumbnail\" alt=\"\" aria-describedby=\"gallery-2-36883\" srcset=\"https:\/\/www.arquimaster.com.ar\/web\/wp-content\/uploads\/2019\/04\/vivienda_gvfc20-150x150.jpg 150w, https:\/\/www.arquimaster.com.ar\/web\/wp-content\/uploads\/2019\/04\/vivienda_gvfc20-50x50.jpg 50w, https:\/\/www.arquimaster.com.ar\/web\/wp-content\/uploads\/2019\/04\/vivienda_gvfc20-125x125.jpg 125w\" sizes=\"auto, (max-width: 150px) 100vw, 150px\" \/><\/a>\n\t\t\t<\/div>\n\t\t\t\t<figcaption class='wp-caption-text gallery-caption' id='gallery-2-36883'>\n\t\t\t\tVivienda GVFC \/ Balzar Arquitectos (planta)\n\t\t\t\t<\/figcaption><\/figure>\n\t\t<\/div>\n\n<p>La curva del techo del sal\u00f3n se crea para dar respuesta a distintos condicionantes. Por un lado, separa funcionalmente la zona de comer y la zona de sof\u00e1s. Por otro lado, refuerza la idea de dise\u00f1o integrado, relacionando distintos elementos de mobiliario desde la cocina hasta la mesa de estudio ubicada en el antiguo balc\u00f3n. Por \u00faltimo, integra en el dise\u00f1o una viga descolgada que atraviesa el sal\u00f3n, buscando crear una composici\u00f3n global unificada.<\/p>\n<p><strong>Ficha t\u00e9cnica<\/strong><br \/>\nNombre: Vivienda GVFC<br \/>\nUbicaci\u00f3n: Valencia, Espa\u00f1a<br \/>\nProyectistas: Balzar Arquitectos<br \/>\nProject Manager: Israel P\u00e9rez<br \/>\nCarpinter\u00eda: Miguel Garrido<br \/>\nIluminaci\u00f3n: Viabizzuno<br \/>\nMobiliario: Andreu World &amp; Agrippa<br \/>\nSuperficie construida: 130 m2<br \/>\nA\u00f1o de proyecto: 2018<br \/>\nA\u00f1o de construcci\u00f3n: 2018<br \/>\nFotograf\u00eda: David Zarzoso<\/p>\n<p><strong>Contacto<\/strong><br \/>\n<a href=\"http:\/\/www.balzararquitectos.com\" target=\"_blank\" rel=\"noopener noreferrer\">http:\/\/www.balzararquitectos.com<\/a><\/p>\n<p>&nbsp;<\/p>\n<p><em><strong>English version<\/strong><\/em><\/p>\n<p><em><strong>GVFC Apartment<\/strong><\/em><\/p>\n<p><em>The refurbishment project carried out by Balzar Arquitectos contemplates the complete renovation of the apartment located in a building designed by the architect Antonio Escario, situated in one of the main avenues of the city of Valencia. The apartment occupies a corner position, characteristic for its chamfer that follows the configuration of the surrounding blocks. The organization of the interior has been a challenge for the architects as the geometry of the floor consists of different walls that are not perpendicular to each other.<\/em><\/p>\n<p><em>The layout starts with open space in the access, with the kitchen open to the dining room and living room. The bedrooms and bathrooms are reached through the corridor.<\/em><\/p>\n<p><em>The fixed furniture is introduced to satisfy the different needs of the owners while integrating different structural and installation elements. Its perception of the volumetry can be understood as a continuous geometry, abstract in its form, seeking to be a sculpture.<\/em><\/p>\n<p><em>The curve of the ceiling in the living room is created to respond to different conditions. On one hand, it functionally separates the dining area and the resting area. On the other hand, it reinforces the idea of an integrated design, relating different elements of the furniture from kitchen units to the desk located in the former balcony. Finally, it introduces into the design a suspended beam that crosses the living room, seeking to create a unified global composition.<\/em><\/p>\n\n<div style=\"font-size: 0px; height: 0px; line-height: 0px; margin: 0; padding: 0; clear: both;\"><\/div><div style=\"margin-top: 0px; margin-bottom: 0px;\" class=\"sharethis-inline-share-buttons\" ><\/div>","protected":false},"excerpt":{"rendered":"<p>La percepci\u00f3n volum\u00e9trica del mobiliario se puede entender como una geometr\u00eda continua&#8230;<\/p>\n","protected":false},"author":1,"featured_media":36862,"comment_status":"closed","ping_status":"closed","sticky":false,"template":"","format":"standard","meta":{"_uag_custom_page_level_css":"","footnotes":""},"categories":[79,1],"tags":[5209,249,1043,260],"class_list":["post-36861","post","type-post","status-publish","format-standard","has-post-thumbnail","hentry","category-departamentos","category-proyecto","tag-balzar-arquitectos","tag-departamento","tag-reforma-de-vivienda","tag-valencia","generate-columns","tablet-grid-50","mobile-grid-100","grid-parent","grid-50"],"yoast_head":"<!-- This site is optimized with the Yoast SEO plugin v27.3 - https:\/\/yoast.com\/product\/yoast-seo-wordpress\/ -->\n<title>Vivienda GVFC \/ Balzar Arquitectos - Arquimaster<\/title>\n<meta name=\"description\" content=\"La percepci\u00f3n volum\u00e9trica del mobiliario se puede entender como una geometr\u00eda continua, abstracta en su forma, buscando ser una escultura.\" \/>\n<meta name=\"robots\" content=\"index, follow, max-snippet:-1, max-image-preview:large, max-video-preview:-1\" \/>\n<link rel=\"canonical\" href=\"https:\/\/www.arquimaster.com.ar\/web\/vivienda-gvfc-balzar-arquitectos\/\" \/>\n<meta property=\"og:locale\" content=\"es_ES\" \/>\n<meta property=\"og:type\" content=\"article\" \/>\n<meta property=\"og:title\" content=\"Vivienda GVFC \/ Balzar Arquitectos\" \/>\n<meta property=\"og:description\" content=\"La percepci\u00f3n volum\u00e9trica del mobiliario se puede entender como una geometr\u00eda continua, abstracta en su forma, buscando ser una escultura.\" \/>\n<meta property=\"og:url\" content=\"https:\/\/www.arquimaster.com.ar\/web\/vivienda-gvfc-balzar-arquitectos\/\" \/>\n<meta property=\"og:site_name\" content=\"Arquimaster\" \/>\n<meta property=\"article:publisher\" content=\"http:\/\/www.facebook.com\/ARQUIMASTER.com.ar\" \/>\n<meta property=\"article:published_time\" content=\"2019-04-04T20:19:08+00:00\" \/>\n<meta property=\"article:modified_time\" content=\"2020-05-24T22:00:10+00:00\" \/>\n<meta property=\"og:image\" content=\"https:\/\/www.arquimaster.com.ar\/web\/wp-content\/uploads\/2019\/04\/vivienda_gvfc_slide-wpp1590357553531.jpg\" \/>\n\t<meta property=\"og:image:width\" content=\"698\" \/>\n\t<meta property=\"og:image:height\" content=\"364\" \/>\n\t<meta property=\"og:image:type\" content=\"image\/jpeg\" \/>\n<meta name=\"author\" content=\"Arquimaster\" \/>\n<meta name=\"twitter:card\" content=\"summary_large_image\" \/>\n<meta name=\"twitter:title\" content=\"Vivienda GVFC \/ Balzar Arquitectos\" \/>\n<meta name=\"twitter:description\" content=\"La percepci\u00f3n volum\u00e9trica del mobiliario se puede entender como una geometr\u00eda continua, abstracta en su forma, buscando ser una escultura.\" \/>\n<meta name=\"twitter:image\" content=\"https:\/\/www.arquimaster.com.ar\/web\/wp-content\/uploads\/2019\/04\/vivienda_gvfc_slide-wpp1590357553531.jpg\" \/>\n<meta name=\"twitter:creator\" content=\"@arquimaster\" \/>\n<meta name=\"twitter:site\" content=\"@arquimaster\" \/>\n<meta name=\"twitter:label1\" content=\"Escrito por\" \/>\n\t<meta name=\"twitter:data1\" content=\"Arquimaster\" \/>\n\t<meta name=\"twitter:label2\" content=\"Tiempo de lectura\" \/>\n\t<meta name=\"twitter:data2\" content=\"3 minutos\" \/>\n<script type=\"application\/ld+json\" class=\"yoast-schema-graph\">{\"@context\":\"https:\\\/\\\/schema.org\",\"@graph\":[{\"@type\":\"Article\",\"@id\":\"https:\\\/\\\/www.arquimaster.com.ar\\\/web\\\/vivienda-gvfc-balzar-arquitectos\\\/#article\",\"isPartOf\":{\"@id\":\"https:\\\/\\\/www.arquimaster.com.ar\\\/web\\\/vivienda-gvfc-balzar-arquitectos\\\/\"},\"author\":{\"name\":\"Arquimaster\",\"@id\":\"https:\\\/\\\/www.arquimaster.com.ar\\\/web\\\/#\\\/schema\\\/person\\\/359e9f7c00193fcde068e0dd2ceb0028\"},\"headline\":\"Vivienda GVFC \\\/ Balzar Arquitectos\",\"datePublished\":\"2019-04-04T20:19:08+00:00\",\"dateModified\":\"2020-05-24T22:00:10+00:00\",\"mainEntityOfPage\":{\"@id\":\"https:\\\/\\\/www.arquimaster.com.ar\\\/web\\\/vivienda-gvfc-balzar-arquitectos\\\/\"},\"wordCount\":565,\"publisher\":{\"@id\":\"https:\\\/\\\/www.arquimaster.com.ar\\\/web\\\/#organization\"},\"image\":{\"@id\":\"https:\\\/\\\/www.arquimaster.com.ar\\\/web\\\/vivienda-gvfc-balzar-arquitectos\\\/#primaryimage\"},\"thumbnailUrl\":\"https:\\\/\\\/www.arquimaster.com.ar\\\/web\\\/wp-content\\\/uploads\\\/2019\\\/04\\\/vivienda_gvfc_slide-wpp1590357553531.jpg\",\"keywords\":[\"Balzar Arquitectos\",\"departamento\",\"reforma de vivienda\",\"Valencia\"],\"articleSection\":[\"Departamentos y Lofts\",\"Proyecto\"],\"inLanguage\":\"es\"},{\"@type\":\"WebPage\",\"@id\":\"https:\\\/\\\/www.arquimaster.com.ar\\\/web\\\/vivienda-gvfc-balzar-arquitectos\\\/\",\"url\":\"https:\\\/\\\/www.arquimaster.com.ar\\\/web\\\/vivienda-gvfc-balzar-arquitectos\\\/\",\"name\":\"Vivienda GVFC \\\/ Balzar Arquitectos - Arquimaster\",\"isPartOf\":{\"@id\":\"https:\\\/\\\/www.arquimaster.com.ar\\\/web\\\/#website\"},\"primaryImageOfPage\":{\"@id\":\"https:\\\/\\\/www.arquimaster.com.ar\\\/web\\\/vivienda-gvfc-balzar-arquitectos\\\/#primaryimage\"},\"image\":{\"@id\":\"https:\\\/\\\/www.arquimaster.com.ar\\\/web\\\/vivienda-gvfc-balzar-arquitectos\\\/#primaryimage\"},\"thumbnailUrl\":\"https:\\\/\\\/www.arquimaster.com.ar\\\/web\\\/wp-content\\\/uploads\\\/2019\\\/04\\\/vivienda_gvfc_slide-wpp1590357553531.jpg\",\"datePublished\":\"2019-04-04T20:19:08+00:00\",\"dateModified\":\"2020-05-24T22:00:10+00:00\",\"description\":\"La percepci\u00f3n volum\u00e9trica del mobiliario se puede entender como una geometr\u00eda continua, abstracta en su forma, buscando ser una escultura.\",\"breadcrumb\":{\"@id\":\"https:\\\/\\\/www.arquimaster.com.ar\\\/web\\\/vivienda-gvfc-balzar-arquitectos\\\/#breadcrumb\"},\"inLanguage\":\"es\",\"potentialAction\":[{\"@type\":\"ReadAction\",\"target\":[\"https:\\\/\\\/www.arquimaster.com.ar\\\/web\\\/vivienda-gvfc-balzar-arquitectos\\\/\"]}]},{\"@type\":\"ImageObject\",\"inLanguage\":\"es\",\"@id\":\"https:\\\/\\\/www.arquimaster.com.ar\\\/web\\\/vivienda-gvfc-balzar-arquitectos\\\/#primaryimage\",\"url\":\"https:\\\/\\\/www.arquimaster.com.ar\\\/web\\\/wp-content\\\/uploads\\\/2019\\\/04\\\/vivienda_gvfc_slide-wpp1590357553531.jpg\",\"contentUrl\":\"https:\\\/\\\/www.arquimaster.com.ar\\\/web\\\/wp-content\\\/uploads\\\/2019\\\/04\\\/vivienda_gvfc_slide-wpp1590357553531.jpg\",\"width\":698,\"height\":364},{\"@type\":\"BreadcrumbList\",\"@id\":\"https:\\\/\\\/www.arquimaster.com.ar\\\/web\\\/vivienda-gvfc-balzar-arquitectos\\\/#breadcrumb\",\"itemListElement\":[{\"@type\":\"ListItem\",\"position\":1,\"name\":\"Portada\",\"item\":\"https:\\\/\\\/www.arquimaster.com.ar\\\/web\\\/\"},{\"@type\":\"ListItem\",\"position\":2,\"name\":\"Vivienda GVFC \\\/ Balzar Arquitectos\"}]},{\"@type\":\"WebSite\",\"@id\":\"https:\\\/\\\/www.arquimaster.com.ar\\\/web\\\/#website\",\"url\":\"https:\\\/\\\/www.arquimaster.com.ar\\\/web\\\/\",\"name\":\"Arquimaster\",\"description\":\"Web de arquitectura, dise\u00f1o y construccion\",\"publisher\":{\"@id\":\"https:\\\/\\\/www.arquimaster.com.ar\\\/web\\\/#organization\"},\"potentialAction\":[{\"@type\":\"SearchAction\",\"target\":{\"@type\":\"EntryPoint\",\"urlTemplate\":\"https:\\\/\\\/www.arquimaster.com.ar\\\/web\\\/?s={search_term_string}\"},\"query-input\":{\"@type\":\"PropertyValueSpecification\",\"valueRequired\":true,\"valueName\":\"search_term_string\"}}],\"inLanguage\":\"es\"},{\"@type\":\"Organization\",\"@id\":\"https:\\\/\\\/www.arquimaster.com.ar\\\/web\\\/#organization\",\"name\":\"Arquimaster\",\"url\":\"https:\\\/\\\/www.arquimaster.com.ar\\\/web\\\/\",\"logo\":{\"@type\":\"ImageObject\",\"inLanguage\":\"es\",\"@id\":\"https:\\\/\\\/www.arquimaster.com.ar\\\/web\\\/#\\\/schema\\\/logo\\\/image\\\/\",\"url\":\"https:\\\/\\\/www.arquimaster.com.ar\\\/web\\\/wp-content\\\/uploads\\\/2022\\\/06\\\/arquimaster.png\",\"contentUrl\":\"https:\\\/\\\/www.arquimaster.com.ar\\\/web\\\/wp-content\\\/uploads\\\/2022\\\/06\\\/arquimaster.png\",\"width\":594,\"height\":78,\"caption\":\"Arquimaster\"},\"image\":{\"@id\":\"https:\\\/\\\/www.arquimaster.com.ar\\\/web\\\/#\\\/schema\\\/logo\\\/image\\\/\"},\"sameAs\":[\"http:\\\/\\\/www.facebook.com\\\/ARQUIMASTER.com.ar\",\"https:\\\/\\\/x.com\\\/arquimaster\",\"https:\\\/\\\/www.instagram.com\\\/arquimasterblog\\\/\",\"https:\\\/\\\/www.linkedin.com\\\/company\\\/arquimaster\",\"https:\\\/\\\/www.pinterest.com\\\/arquimaster\",\"https:\\\/\\\/t.me\\\/arquimaster\"]},{\"@type\":\"Person\",\"@id\":\"https:\\\/\\\/www.arquimaster.com.ar\\\/web\\\/#\\\/schema\\\/person\\\/359e9f7c00193fcde068e0dd2ceb0028\",\"name\":\"Arquimaster\"}]}<\/script>\n<!-- \/ Yoast SEO plugin. -->","yoast_head_json":{"title":"Vivienda GVFC \/ Balzar Arquitectos - Arquimaster","description":"La percepci\u00f3n volum\u00e9trica del mobiliario se puede entender como una geometr\u00eda continua, abstracta en su forma, buscando ser una escultura.","robots":{"index":"index","follow":"follow","max-snippet":"max-snippet:-1","max-image-preview":"max-image-preview:large","max-video-preview":"max-video-preview:-1"},"canonical":"https:\/\/www.arquimaster.com.ar\/web\/vivienda-gvfc-balzar-arquitectos\/","og_locale":"es_ES","og_type":"article","og_title":"Vivienda GVFC \/ Balzar Arquitectos","og_description":"La percepci\u00f3n volum\u00e9trica del mobiliario se puede entender como una geometr\u00eda continua, abstracta en su forma, buscando ser una escultura.","og_url":"https:\/\/www.arquimaster.com.ar\/web\/vivienda-gvfc-balzar-arquitectos\/","og_site_name":"Arquimaster","article_publisher":"http:\/\/www.facebook.com\/ARQUIMASTER.com.ar","article_published_time":"2019-04-04T20:19:08+00:00","article_modified_time":"2020-05-24T22:00:10+00:00","og_image":[{"width":698,"height":364,"url":"https:\/\/www.arquimaster.com.ar\/web\/wp-content\/uploads\/2019\/04\/vivienda_gvfc_slide-wpp1590357553531.jpg","type":"image\/jpeg"}],"author":"Arquimaster","twitter_card":"summary_large_image","twitter_title":"Vivienda GVFC \/ Balzar Arquitectos","twitter_description":"La percepci\u00f3n volum\u00e9trica del mobiliario se puede entender como una geometr\u00eda continua, abstracta en su forma, buscando ser una escultura.","twitter_image":"https:\/\/www.arquimaster.com.ar\/web\/wp-content\/uploads\/2019\/04\/vivienda_gvfc_slide-wpp1590357553531.jpg","twitter_creator":"@arquimaster","twitter_site":"@arquimaster","twitter_misc":{"Escrito por":"Arquimaster","Tiempo de lectura":"3 minutos"},"schema":{"@context":"https:\/\/schema.org","@graph":[{"@type":"Article","@id":"https:\/\/www.arquimaster.com.ar\/web\/vivienda-gvfc-balzar-arquitectos\/#article","isPartOf":{"@id":"https:\/\/www.arquimaster.com.ar\/web\/vivienda-gvfc-balzar-arquitectos\/"},"author":{"name":"Arquimaster","@id":"https:\/\/www.arquimaster.com.ar\/web\/#\/schema\/person\/359e9f7c00193fcde068e0dd2ceb0028"},"headline":"Vivienda GVFC \/ Balzar Arquitectos","datePublished":"2019-04-04T20:19:08+00:00","dateModified":"2020-05-24T22:00:10+00:00","mainEntityOfPage":{"@id":"https:\/\/www.arquimaster.com.ar\/web\/vivienda-gvfc-balzar-arquitectos\/"},"wordCount":565,"publisher":{"@id":"https:\/\/www.arquimaster.com.ar\/web\/#organization"},"image":{"@id":"https:\/\/www.arquimaster.com.ar\/web\/vivienda-gvfc-balzar-arquitectos\/#primaryimage"},"thumbnailUrl":"https:\/\/www.arquimaster.com.ar\/web\/wp-content\/uploads\/2019\/04\/vivienda_gvfc_slide-wpp1590357553531.jpg","keywords":["Balzar Arquitectos","departamento","reforma de vivienda","Valencia"],"articleSection":["Departamentos y Lofts","Proyecto"],"inLanguage":"es"},{"@type":"WebPage","@id":"https:\/\/www.arquimaster.com.ar\/web\/vivienda-gvfc-balzar-arquitectos\/","url":"https:\/\/www.arquimaster.com.ar\/web\/vivienda-gvfc-balzar-arquitectos\/","name":"Vivienda GVFC \/ Balzar Arquitectos - Arquimaster","isPartOf":{"@id":"https:\/\/www.arquimaster.com.ar\/web\/#website"},"primaryImageOfPage":{"@id":"https:\/\/www.arquimaster.com.ar\/web\/vivienda-gvfc-balzar-arquitectos\/#primaryimage"},"image":{"@id":"https:\/\/www.arquimaster.com.ar\/web\/vivienda-gvfc-balzar-arquitectos\/#primaryimage"},"thumbnailUrl":"https:\/\/www.arquimaster.com.ar\/web\/wp-content\/uploads\/2019\/04\/vivienda_gvfc_slide-wpp1590357553531.jpg","datePublished":"2019-04-04T20:19:08+00:00","dateModified":"2020-05-24T22:00:10+00:00","description":"La percepci\u00f3n volum\u00e9trica del mobiliario se puede entender como una geometr\u00eda continua, abstracta en su forma, buscando ser una escultura.","breadcrumb":{"@id":"https:\/\/www.arquimaster.com.ar\/web\/vivienda-gvfc-balzar-arquitectos\/#breadcrumb"},"inLanguage":"es","potentialAction":[{"@type":"ReadAction","target":["https:\/\/www.arquimaster.com.ar\/web\/vivienda-gvfc-balzar-arquitectos\/"]}]},{"@type":"ImageObject","inLanguage":"es","@id":"https:\/\/www.arquimaster.com.ar\/web\/vivienda-gvfc-balzar-arquitectos\/#primaryimage","url":"https:\/\/www.arquimaster.com.ar\/web\/wp-content\/uploads\/2019\/04\/vivienda_gvfc_slide-wpp1590357553531.jpg","contentUrl":"https:\/\/www.arquimaster.com.ar\/web\/wp-content\/uploads\/2019\/04\/vivienda_gvfc_slide-wpp1590357553531.jpg","width":698,"height":364},{"@type":"BreadcrumbList","@id":"https:\/\/www.arquimaster.com.ar\/web\/vivienda-gvfc-balzar-arquitectos\/#breadcrumb","itemListElement":[{"@type":"ListItem","position":1,"name":"Portada","item":"https:\/\/www.arquimaster.com.ar\/web\/"},{"@type":"ListItem","position":2,"name":"Vivienda GVFC \/ Balzar Arquitectos"}]},{"@type":"WebSite","@id":"https:\/\/www.arquimaster.com.ar\/web\/#website","url":"https:\/\/www.arquimaster.com.ar\/web\/","name":"Arquimaster","description":"Web de arquitectura, dise\u00f1o y construccion","publisher":{"@id":"https:\/\/www.arquimaster.com.ar\/web\/#organization"},"potentialAction":[{"@type":"SearchAction","target":{"@type":"EntryPoint","urlTemplate":"https:\/\/www.arquimaster.com.ar\/web\/?s={search_term_string}"},"query-input":{"@type":"PropertyValueSpecification","valueRequired":true,"valueName":"search_term_string"}}],"inLanguage":"es"},{"@type":"Organization","@id":"https:\/\/www.arquimaster.com.ar\/web\/#organization","name":"Arquimaster","url":"https:\/\/www.arquimaster.com.ar\/web\/","logo":{"@type":"ImageObject","inLanguage":"es","@id":"https:\/\/www.arquimaster.com.ar\/web\/#\/schema\/logo\/image\/","url":"https:\/\/www.arquimaster.com.ar\/web\/wp-content\/uploads\/2022\/06\/arquimaster.png","contentUrl":"https:\/\/www.arquimaster.com.ar\/web\/wp-content\/uploads\/2022\/06\/arquimaster.png","width":594,"height":78,"caption":"Arquimaster"},"image":{"@id":"https:\/\/www.arquimaster.com.ar\/web\/#\/schema\/logo\/image\/"},"sameAs":["http:\/\/www.facebook.com\/ARQUIMASTER.com.ar","https:\/\/x.com\/arquimaster","https:\/\/www.instagram.com\/arquimasterblog\/","https:\/\/www.linkedin.com\/company\/arquimaster","https:\/\/www.pinterest.com\/arquimaster","https:\/\/t.me\/arquimaster"]},{"@type":"Person","@id":"https:\/\/www.arquimaster.com.ar\/web\/#\/schema\/person\/359e9f7c00193fcde068e0dd2ceb0028","name":"Arquimaster"}]}},"uagb_featured_image_src":{"full":["https:\/\/www.arquimaster.com.ar\/web\/wp-content\/uploads\/2019\/04\/vivienda_gvfc_slide-wpp1590357553531.jpg",698,364,false],"thumbnail":["https:\/\/www.arquimaster.com.ar\/web\/wp-content\/uploads\/2019\/04\/vivienda_gvfc_slide-wpp1590357553531-150x150.jpg",150,150,true],"medium":["https:\/\/www.arquimaster.com.ar\/web\/wp-content\/uploads\/2019\/04\/vivienda_gvfc_slide-wpp1590357553531.jpg",698,364,false],"medium_large":["https:\/\/www.arquimaster.com.ar\/web\/wp-content\/uploads\/2019\/04\/vivienda_gvfc_slide-wpp1590357553531.jpg",698,364,false],"large":["https:\/\/www.arquimaster.com.ar\/web\/wp-content\/uploads\/2019\/04\/vivienda_gvfc_slide-wpp1590357553531.jpg",698,364,false],"1536x1536":["https:\/\/www.arquimaster.com.ar\/web\/wp-content\/uploads\/2019\/04\/vivienda_gvfc_slide-wpp1590357553531.jpg",698,364,false],"2048x2048":["https:\/\/www.arquimaster.com.ar\/web\/wp-content\/uploads\/2019\/04\/vivienda_gvfc_slide-wpp1590357553531.jpg",698,364,false]},"uagb_author_info":{"display_name":"Arquimaster","author_link":"https:\/\/www.arquimaster.com.ar\/web\/author\/arquimaster\/"},"uagb_comment_info":0,"uagb_excerpt":"La percepci\u00f3n volum\u00e9trica del mobiliario se puede entender como una geometr\u00eda continua...","_links":{"self":[{"href":"https:\/\/www.arquimaster.com.ar\/web\/wp-json\/wp\/v2\/posts\/36861","targetHints":{"allow":["GET"]}}],"collection":[{"href":"https:\/\/www.arquimaster.com.ar\/web\/wp-json\/wp\/v2\/posts"}],"about":[{"href":"https:\/\/www.arquimaster.com.ar\/web\/wp-json\/wp\/v2\/types\/post"}],"author":[{"embeddable":true,"href":"https:\/\/www.arquimaster.com.ar\/web\/wp-json\/wp\/v2\/users\/1"}],"replies":[{"embeddable":true,"href":"https:\/\/www.arquimaster.com.ar\/web\/wp-json\/wp\/v2\/comments?post=36861"}],"version-history":[{"count":1,"href":"https:\/\/www.arquimaster.com.ar\/web\/wp-json\/wp\/v2\/posts\/36861\/revisions"}],"predecessor-version":[{"id":56008,"href":"https:\/\/www.arquimaster.com.ar\/web\/wp-json\/wp\/v2\/posts\/36861\/revisions\/56008"}],"wp:featuredmedia":[{"embeddable":true,"href":"https:\/\/www.arquimaster.com.ar\/web\/wp-json\/wp\/v2\/media\/36862"}],"wp:attachment":[{"href":"https:\/\/www.arquimaster.com.ar\/web\/wp-json\/wp\/v2\/media?parent=36861"}],"wp:term":[{"taxonomy":"category","embeddable":true,"href":"https:\/\/www.arquimaster.com.ar\/web\/wp-json\/wp\/v2\/categories?post=36861"},{"taxonomy":"post_tag","embeddable":true,"href":"https:\/\/www.arquimaster.com.ar\/web\/wp-json\/wp\/v2\/tags?post=36861"}],"curies":[{"name":"wp","href":"https:\/\/api.w.org\/{rel}","templated":true}]}}