{"id":36984,"date":"2019-03-31T20:05:03","date_gmt":"2019-03-31T23:05:03","guid":{"rendered":"https:\/\/www.arquimaster.com.ar\/web\/?p=36984"},"modified":"2025-08-08T18:42:32","modified_gmt":"2025-08-08T21:42:32","slug":"hello-wood-2019-en-numeros","status":"publish","type":"post","link":"https:\/\/www.arquimaster.com.ar\/web\/hello-wood-2019-en-numeros\/","title":{"rendered":"Hello Wood 2019 en n\u00fameros"},"content":{"rendered":"<div style=\"margin-top: 0px; margin-bottom: 0px;\" class=\"sharethis-inline-share-buttons\" ><\/div><div class=\"b812932af2e751442846f039925109de\" data-index=\"1\" style=\"float: none; margin:25px 0 25px 0; text-align:center;\">\n<script async src=\"https:\/\/pagead2.googlesyndication.com\/pagead\/js\/adsbygoogle.js\"><\/script>\r\n<!-- Arquimaster (superior) -->\r\n<ins class=\"adsbygoogle\"\r\n     style=\"display:block\"\r\n     data-ad-client=\"ca-pub-6351072698456832\"\r\n     data-ad-slot=\"6455489680\"\r\n     data-ad-format=\"auto\"\r\n     data-full-width-responsive=\"true\"><\/ins>\r\n<script>\r\n     (adsbygoogle = window.adsbygoogle || []).push({});\r\n<\/script>\n<\/div>\n<p><em><strong>10 estructuras, 10 kil\u00f3metros de madera, m\u00e1s de 150 estudiantes y profesionales de la arquitectura y dise\u00f1o.<\/strong><\/em><\/p>\n<p>Hello Wood tuvo su tercera edici\u00f3n en Entre R\u00edos y dej\u00f3 mucho m\u00e1s que una edici\u00f3n atr\u00e1s. El Festival de experimentaci\u00f3n en madera, en el que el lema es dise\u00f1ar, construir y pensar con las manos, reuni\u00f3 a cientos de personas apasionadas por la arquitectura en Ceibas para trabajar en equipo en el desarrollo de 10 estructuras que se comunican entre s\u00ed creando un di\u00e1logo compuesto \u00edntegramente por el noble material.<\/p>\n<p>En esta ocasi\u00f3n la consigna fue <strong>CON-TENSI\u00d3N<\/strong>, haciendo una analog\u00eda con la contenci\u00f3n de aquellos elementos necesarios que buscan arquitectos o dise\u00f1adores. Se puso a la vista la diversidad de pensamientos y se llevaron las maquetas a escala real.<\/p>\n<div id='gallery-1' class='gallery galleryid-36984 gallery-columns-3 gallery-size-thumbnail'><figure class='gallery-item'>\n\t\t\t<div class='gallery-icon portrait'>\n\t\t\t\t<a href='https:\/\/www.arquimaster.com.ar\/web\/wp-content\/uploads\/2019\/03\/hello_wood_2019_1.jpg' title=\"Hello Wood 2019 en n\u00fameros\" data-rl_title=\"Hello Wood 2019 en n\u00fameros\" class=\"rl-gallery-link\" data-rl_caption=\"Hello Wood 2019 en n\u00fameros\" data-rel=\"lightbox-gallery-1\"><img loading=\"lazy\" decoding=\"async\" width=\"150\" height=\"150\" src=\"https:\/\/www.arquimaster.com.ar\/web\/wp-content\/uploads\/2019\/03\/hello_wood_2019_1-150x150.jpg\" class=\"attachment-thumbnail size-thumbnail\" alt=\"\" aria-describedby=\"gallery-1-36987\" srcset=\"https:\/\/www.arquimaster.com.ar\/web\/wp-content\/uploads\/2019\/03\/hello_wood_2019_1-150x150.jpg 150w, https:\/\/www.arquimaster.com.ar\/web\/wp-content\/uploads\/2019\/03\/hello_wood_2019_1-50x50.jpg 50w, https:\/\/www.arquimaster.com.ar\/web\/wp-content\/uploads\/2019\/03\/hello_wood_2019_1-125x125.jpg 125w\" sizes=\"auto, (max-width: 150px) 100vw, 150px\" \/><\/a>\n\t\t\t<\/div>\n\t\t\t\t<figcaption class='wp-caption-text gallery-caption' id='gallery-1-36987'>\n\t\t\t\tHello Wood 2019 en n\u00fameros\n\t\t\t\t<\/figcaption><\/figure><figure class='gallery-item'>\n\t\t\t<div class='gallery-icon portrait'>\n\t\t\t\t<a href='https:\/\/www.arquimaster.com.ar\/web\/wp-content\/uploads\/2019\/03\/hello_wood_2019_2.jpg' title=\"Hello Wood 2019 en n\u00fameros\" data-rl_title=\"Hello Wood 2019 en n\u00fameros\" class=\"rl-gallery-link\" data-rl_caption=\"Hello Wood 2019 en n\u00fameros\" data-rel=\"lightbox-gallery-1\"><img loading=\"lazy\" decoding=\"async\" width=\"150\" height=\"150\" src=\"https:\/\/www.arquimaster.com.ar\/web\/wp-content\/uploads\/2019\/03\/hello_wood_2019_2-150x150.jpg\" class=\"attachment-thumbnail size-thumbnail\" alt=\"\" aria-describedby=\"gallery-1-36988\" srcset=\"https:\/\/www.arquimaster.com.ar\/web\/wp-content\/uploads\/2019\/03\/hello_wood_2019_2-150x150.jpg 150w, https:\/\/www.arquimaster.com.ar\/web\/wp-content\/uploads\/2019\/03\/hello_wood_2019_2-50x50.jpg 50w, https:\/\/www.arquimaster.com.ar\/web\/wp-content\/uploads\/2019\/03\/hello_wood_2019_2-125x125.jpg 125w\" sizes=\"auto, (max-width: 150px) 100vw, 150px\" \/><\/a>\n\t\t\t<\/div>\n\t\t\t\t<figcaption class='wp-caption-text gallery-caption' id='gallery-1-36988'>\n\t\t\t\tHello Wood 2019 en n\u00fameros\n\t\t\t\t<\/figcaption><\/figure><figure class='gallery-item'>\n\t\t\t<div class='gallery-icon portrait'>\n\t\t\t\t<a href='https:\/\/www.arquimaster.com.ar\/web\/wp-content\/uploads\/2019\/03\/hello_wood_2019_3.jpg' title=\"Hello Wood 2019 en n\u00fameros (Adentro-Afuera)\" data-rl_title=\"Hello Wood 2019 en n\u00fameros (Adentro-Afuera)\" class=\"rl-gallery-link\" data-rl_caption=\"Hello Wood 2019 en n\u00fameros (Adentro-Afuera)\" data-rel=\"lightbox-gallery-1\"><img loading=\"lazy\" decoding=\"async\" width=\"150\" height=\"150\" src=\"https:\/\/www.arquimaster.com.ar\/web\/wp-content\/uploads\/2019\/03\/hello_wood_2019_3-150x150.jpg\" class=\"attachment-thumbnail size-thumbnail\" alt=\"\" aria-describedby=\"gallery-1-36989\" srcset=\"https:\/\/www.arquimaster.com.ar\/web\/wp-content\/uploads\/2019\/03\/hello_wood_2019_3-150x150.jpg 150w, https:\/\/www.arquimaster.com.ar\/web\/wp-content\/uploads\/2019\/03\/hello_wood_2019_3-50x50.jpg 50w, https:\/\/www.arquimaster.com.ar\/web\/wp-content\/uploads\/2019\/03\/hello_wood_2019_3-125x125.jpg 125w\" sizes=\"auto, (max-width: 150px) 100vw, 150px\" \/><\/a>\n\t\t\t<\/div>\n\t\t\t\t<figcaption class='wp-caption-text gallery-caption' id='gallery-1-36989'>\n\t\t\t\tHello Wood 2019 en n\u00fameros (Adentro-Afuera)\n\t\t\t\t<\/figcaption><\/figure><figure class='gallery-item'>\n\t\t\t<div class='gallery-icon portrait'>\n\t\t\t\t<a href='https:\/\/www.arquimaster.com.ar\/web\/wp-content\/uploads\/2019\/03\/hello_wood_2019_4.jpg' title=\"Hello Wood 2019 en n\u00fameros (Contensor)\" data-rl_title=\"Hello Wood 2019 en n\u00fameros (Contensor)\" class=\"rl-gallery-link\" data-rl_caption=\"Hello Wood 2019 en n\u00fameros (Contensor)\" data-rel=\"lightbox-gallery-1\"><img loading=\"lazy\" decoding=\"async\" width=\"150\" height=\"150\" src=\"https:\/\/www.arquimaster.com.ar\/web\/wp-content\/uploads\/2019\/03\/hello_wood_2019_4-150x150.jpg\" class=\"attachment-thumbnail size-thumbnail\" alt=\"\" aria-describedby=\"gallery-1-36990\" srcset=\"https:\/\/www.arquimaster.com.ar\/web\/wp-content\/uploads\/2019\/03\/hello_wood_2019_4-150x150.jpg 150w, https:\/\/www.arquimaster.com.ar\/web\/wp-content\/uploads\/2019\/03\/hello_wood_2019_4-50x50.jpg 50w, https:\/\/www.arquimaster.com.ar\/web\/wp-content\/uploads\/2019\/03\/hello_wood_2019_4-125x125.jpg 125w\" sizes=\"auto, (max-width: 150px) 100vw, 150px\" \/><\/a>\n\t\t\t<\/div>\n\t\t\t\t<figcaption class='wp-caption-text gallery-caption' id='gallery-1-36990'>\n\t\t\t\tHello Wood 2019 en n\u00fameros (Contensor)\n\t\t\t\t<\/figcaption><\/figure><figure class='gallery-item'>\n\t\t\t<div class='gallery-icon landscape'>\n\t\t\t\t<a href='https:\/\/www.arquimaster.com.ar\/web\/wp-content\/uploads\/2019\/03\/hello_wood_2019_5.jpg' title=\"Hello Wood 2019 en n\u00fameros (Dis-Positivo)\" data-rl_title=\"Hello Wood 2019 en n\u00fameros (Dis-Positivo)\" class=\"rl-gallery-link\" data-rl_caption=\"Hello Wood 2019 en n\u00fameros (Dis-Positivo)\" data-rel=\"lightbox-gallery-1\"><img loading=\"lazy\" decoding=\"async\" width=\"150\" height=\"150\" src=\"https:\/\/www.arquimaster.com.ar\/web\/wp-content\/uploads\/2019\/03\/hello_wood_2019_5-150x150.jpg\" class=\"attachment-thumbnail size-thumbnail\" alt=\"\" aria-describedby=\"gallery-1-36991\" srcset=\"https:\/\/www.arquimaster.com.ar\/web\/wp-content\/uploads\/2019\/03\/hello_wood_2019_5-150x150.jpg 150w, https:\/\/www.arquimaster.com.ar\/web\/wp-content\/uploads\/2019\/03\/hello_wood_2019_5-50x50.jpg 50w, https:\/\/www.arquimaster.com.ar\/web\/wp-content\/uploads\/2019\/03\/hello_wood_2019_5-125x125.jpg 125w\" sizes=\"auto, (max-width: 150px) 100vw, 150px\" \/><\/a>\n\t\t\t<\/div>\n\t\t\t\t<figcaption class='wp-caption-text gallery-caption' id='gallery-1-36991'>\n\t\t\t\tHello Wood 2019 en n\u00fameros (Dis-Positivo)\n\t\t\t\t<\/figcaption><\/figure><figure class='gallery-item'>\n\t\t\t<div class='gallery-icon portrait'>\n\t\t\t\t<a href='https:\/\/www.arquimaster.com.ar\/web\/wp-content\/uploads\/2019\/03\/hello_wood_2019_6.jpg' title=\"Hello Wood 2019 en n\u00fameros (Egg-O)\" data-rl_title=\"Hello Wood 2019 en n\u00fameros (Egg-O)\" class=\"rl-gallery-link\" data-rl_caption=\"Hello Wood 2019 en n\u00fameros (Egg-O)\" data-rel=\"lightbox-gallery-1\"><img loading=\"lazy\" decoding=\"async\" width=\"150\" height=\"150\" src=\"https:\/\/www.arquimaster.com.ar\/web\/wp-content\/uploads\/2019\/03\/hello_wood_2019_6-150x150.jpg\" class=\"attachment-thumbnail size-thumbnail\" alt=\"\" aria-describedby=\"gallery-1-36992\" srcset=\"https:\/\/www.arquimaster.com.ar\/web\/wp-content\/uploads\/2019\/03\/hello_wood_2019_6-150x150.jpg 150w, https:\/\/www.arquimaster.com.ar\/web\/wp-content\/uploads\/2019\/03\/hello_wood_2019_6-50x50.jpg 50w, https:\/\/www.arquimaster.com.ar\/web\/wp-content\/uploads\/2019\/03\/hello_wood_2019_6-125x125.jpg 125w\" sizes=\"auto, (max-width: 150px) 100vw, 150px\" \/><\/a>\n\t\t\t<\/div>\n\t\t\t\t<figcaption class='wp-caption-text gallery-caption' id='gallery-1-36992'>\n\t\t\t\tHello Wood 2019 en n\u00fameros (Egg-O)\n\t\t\t\t<\/figcaption><\/figure><figure class='gallery-item'>\n\t\t\t<div class='gallery-icon landscape'>\n\t\t\t\t<a href='https:\/\/www.arquimaster.com.ar\/web\/wp-content\/uploads\/2019\/03\/hello_wood_2019_7.jpg' title=\"Hello Wood 2019 en n\u00fameros (Habitar el Manifiesto)\" data-rl_title=\"Hello Wood 2019 en n\u00fameros (Habitar el Manifiesto)\" class=\"rl-gallery-link\" data-rl_caption=\"Hello Wood 2019 en n\u00fameros (Habitar el Manifiesto)\" data-rel=\"lightbox-gallery-1\"><img loading=\"lazy\" decoding=\"async\" width=\"150\" height=\"150\" src=\"https:\/\/www.arquimaster.com.ar\/web\/wp-content\/uploads\/2019\/03\/hello_wood_2019_7-150x150.jpg\" class=\"attachment-thumbnail size-thumbnail\" alt=\"\" aria-describedby=\"gallery-1-36993\" srcset=\"https:\/\/www.arquimaster.com.ar\/web\/wp-content\/uploads\/2019\/03\/hello_wood_2019_7-150x150.jpg 150w, https:\/\/www.arquimaster.com.ar\/web\/wp-content\/uploads\/2019\/03\/hello_wood_2019_7-50x50.jpg 50w, https:\/\/www.arquimaster.com.ar\/web\/wp-content\/uploads\/2019\/03\/hello_wood_2019_7-125x125.jpg 125w\" sizes=\"auto, (max-width: 150px) 100vw, 150px\" \/><\/a>\n\t\t\t<\/div>\n\t\t\t\t<figcaption class='wp-caption-text gallery-caption' id='gallery-1-36993'>\n\t\t\t\tHello Wood 2019 en n\u00fameros (Habitar el Manifiesto)\n\t\t\t\t<\/figcaption><\/figure><figure class='gallery-item'>\n\t\t\t<div class='gallery-icon landscape'>\n\t\t\t\t<a href='https:\/\/www.arquimaster.com.ar\/web\/wp-content\/uploads\/2019\/03\/hello_wood_2019_8.jpg' title=\"Hello Wood 2019 en n\u00fameros (Hojarasca)\" data-rl_title=\"Hello Wood 2019 en n\u00fameros (Hojarasca)\" class=\"rl-gallery-link\" data-rl_caption=\"Hello Wood 2019 en n\u00fameros (Hojarasca)\" data-rel=\"lightbox-gallery-1\"><img loading=\"lazy\" decoding=\"async\" width=\"150\" height=\"150\" src=\"https:\/\/www.arquimaster.com.ar\/web\/wp-content\/uploads\/2019\/03\/hello_wood_2019_8-150x150.jpg\" class=\"attachment-thumbnail size-thumbnail\" alt=\"\" aria-describedby=\"gallery-1-36994\" srcset=\"https:\/\/www.arquimaster.com.ar\/web\/wp-content\/uploads\/2019\/03\/hello_wood_2019_8-150x150.jpg 150w, https:\/\/www.arquimaster.com.ar\/web\/wp-content\/uploads\/2019\/03\/hello_wood_2019_8-50x50.jpg 50w, https:\/\/www.arquimaster.com.ar\/web\/wp-content\/uploads\/2019\/03\/hello_wood_2019_8-125x125.jpg 125w\" sizes=\"auto, (max-width: 150px) 100vw, 150px\" \/><\/a>\n\t\t\t<\/div>\n\t\t\t\t<figcaption class='wp-caption-text gallery-caption' id='gallery-1-36994'>\n\t\t\t\tHello Wood 2019 en n\u00fameros (Hojarasca)\n\t\t\t\t<\/figcaption><\/figure><figure class='gallery-item'>\n\t\t\t<div class='gallery-icon portrait'>\n\t\t\t\t<a href='https:\/\/www.arquimaster.com.ar\/web\/wp-content\/uploads\/2019\/03\/hello_wood_2019_9.jpg' title=\"Hello Wood 2019 en n\u00fameros (Hojarasca)\" data-rl_title=\"Hello Wood 2019 en n\u00fameros (Hojarasca)\" class=\"rl-gallery-link\" data-rl_caption=\"Hello Wood 2019 en n\u00fameros (Hojarasca)\" data-rel=\"lightbox-gallery-1\"><img loading=\"lazy\" decoding=\"async\" width=\"150\" height=\"150\" src=\"https:\/\/www.arquimaster.com.ar\/web\/wp-content\/uploads\/2019\/03\/hello_wood_2019_9-150x150.jpg\" class=\"attachment-thumbnail size-thumbnail\" alt=\"\" aria-describedby=\"gallery-1-36995\" srcset=\"https:\/\/www.arquimaster.com.ar\/web\/wp-content\/uploads\/2019\/03\/hello_wood_2019_9-150x150.jpg 150w, https:\/\/www.arquimaster.com.ar\/web\/wp-content\/uploads\/2019\/03\/hello_wood_2019_9-50x50.jpg 50w, https:\/\/www.arquimaster.com.ar\/web\/wp-content\/uploads\/2019\/03\/hello_wood_2019_9-125x125.jpg 125w\" sizes=\"auto, (max-width: 150px) 100vw, 150px\" \/><\/a>\n\t\t\t<\/div>\n\t\t\t\t<figcaption class='wp-caption-text gallery-caption' id='gallery-1-36995'>\n\t\t\t\tHello Wood 2019 en n\u00fameros (Hojarasca)\n\t\t\t\t<\/figcaption><\/figure><figure class='gallery-item'>\n\t\t\t<div class='gallery-icon landscape'>\n\t\t\t\t<a href='https:\/\/www.arquimaster.com.ar\/web\/wp-content\/uploads\/2019\/03\/hello_wood_2019_10.jpg' title=\"Hello Wood 2019 en n\u00fameros (Linea de Ocio)\" data-rl_title=\"Hello Wood 2019 en n\u00fameros (Linea de Ocio)\" class=\"rl-gallery-link\" data-rl_caption=\"Hello Wood 2019 en n\u00fameros (Linea de Ocio)\" data-rel=\"lightbox-gallery-1\"><img loading=\"lazy\" decoding=\"async\" width=\"150\" height=\"150\" src=\"https:\/\/www.arquimaster.com.ar\/web\/wp-content\/uploads\/2019\/03\/hello_wood_2019_10-150x150.jpg\" class=\"attachment-thumbnail size-thumbnail\" alt=\"\" aria-describedby=\"gallery-1-36996\" srcset=\"https:\/\/www.arquimaster.com.ar\/web\/wp-content\/uploads\/2019\/03\/hello_wood_2019_10-150x150.jpg 150w, https:\/\/www.arquimaster.com.ar\/web\/wp-content\/uploads\/2019\/03\/hello_wood_2019_10-50x50.jpg 50w, https:\/\/www.arquimaster.com.ar\/web\/wp-content\/uploads\/2019\/03\/hello_wood_2019_10-125x125.jpg 125w\" sizes=\"auto, (max-width: 150px) 100vw, 150px\" \/><\/a>\n\t\t\t<\/div>\n\t\t\t\t<figcaption class='wp-caption-text gallery-caption' id='gallery-1-36996'>\n\t\t\t\tHello Wood 2019 en n\u00fameros (Linea de Ocio)\n\t\t\t\t<\/figcaption><\/figure><figure class='gallery-item'>\n\t\t\t<div class='gallery-icon landscape'>\n\t\t\t\t<a href='https:\/\/www.arquimaster.com.ar\/web\/wp-content\/uploads\/2019\/03\/hello_wood_2019_11.jpg' title=\"Hello Wood 2019 en n\u00fameros (Linea de Ocio)\" data-rl_title=\"Hello Wood 2019 en n\u00fameros (Linea de Ocio)\" class=\"rl-gallery-link\" data-rl_caption=\"Hello Wood 2019 en n\u00fameros (Linea de Ocio)\" data-rel=\"lightbox-gallery-1\"><img loading=\"lazy\" decoding=\"async\" width=\"150\" height=\"150\" src=\"https:\/\/www.arquimaster.com.ar\/web\/wp-content\/uploads\/2019\/03\/hello_wood_2019_11-150x150.jpg\" class=\"attachment-thumbnail size-thumbnail\" alt=\"\" aria-describedby=\"gallery-1-36997\" srcset=\"https:\/\/www.arquimaster.com.ar\/web\/wp-content\/uploads\/2019\/03\/hello_wood_2019_11-150x150.jpg 150w, https:\/\/www.arquimaster.com.ar\/web\/wp-content\/uploads\/2019\/03\/hello_wood_2019_11-50x50.jpg 50w, https:\/\/www.arquimaster.com.ar\/web\/wp-content\/uploads\/2019\/03\/hello_wood_2019_11-125x125.jpg 125w\" sizes=\"auto, (max-width: 150px) 100vw, 150px\" \/><\/a>\n\t\t\t<\/div>\n\t\t\t\t<figcaption class='wp-caption-text gallery-caption' id='gallery-1-36997'>\n\t\t\t\tHello Wood 2019 en n\u00fameros (Linea de Ocio)\n\t\t\t\t<\/figcaption><\/figure><figure class='gallery-item'>\n\t\t\t<div class='gallery-icon landscape'>\n\t\t\t\t<a href='https:\/\/www.arquimaster.com.ar\/web\/wp-content\/uploads\/2019\/03\/hello_wood_2019_12.jpg' title=\"Hello Wood 2019 en n\u00fameros (Puente)\" data-rl_title=\"Hello Wood 2019 en n\u00fameros (Puente)\" class=\"rl-gallery-link\" data-rl_caption=\"Hello Wood 2019 en n\u00fameros (Puente)\" data-rel=\"lightbox-gallery-1\"><img loading=\"lazy\" decoding=\"async\" width=\"150\" height=\"150\" src=\"https:\/\/www.arquimaster.com.ar\/web\/wp-content\/uploads\/2019\/03\/hello_wood_2019_12-150x150.jpg\" class=\"attachment-thumbnail size-thumbnail\" alt=\"\" aria-describedby=\"gallery-1-36998\" srcset=\"https:\/\/www.arquimaster.com.ar\/web\/wp-content\/uploads\/2019\/03\/hello_wood_2019_12-150x150.jpg 150w, https:\/\/www.arquimaster.com.ar\/web\/wp-content\/uploads\/2019\/03\/hello_wood_2019_12-50x50.jpg 50w, https:\/\/www.arquimaster.com.ar\/web\/wp-content\/uploads\/2019\/03\/hello_wood_2019_12-125x125.jpg 125w\" sizes=\"auto, (max-width: 150px) 100vw, 150px\" \/><\/a>\n\t\t\t<\/div>\n\t\t\t\t<figcaption class='wp-caption-text gallery-caption' id='gallery-1-36998'>\n\t\t\t\tHello Wood 2019 en n\u00fameros (Puente)\n\t\t\t\t<\/figcaption><\/figure><figure class='gallery-item'>\n\t\t\t<div class='gallery-icon portrait'>\n\t\t\t\t<a href='https:\/\/www.arquimaster.com.ar\/web\/wp-content\/uploads\/2019\/03\/hello_wood_2019_13.jpg' title=\"Hello Wood 2019 en n\u00fameros (Rancho Zen)\" data-rl_title=\"Hello Wood 2019 en n\u00fameros (Rancho Zen)\" class=\"rl-gallery-link\" data-rl_caption=\"Hello Wood 2019 en n\u00fameros (Rancho Zen)\" data-rel=\"lightbox-gallery-1\"><img loading=\"lazy\" decoding=\"async\" width=\"150\" height=\"150\" src=\"https:\/\/www.arquimaster.com.ar\/web\/wp-content\/uploads\/2019\/03\/hello_wood_2019_13-150x150.jpg\" class=\"attachment-thumbnail size-thumbnail\" alt=\"\" aria-describedby=\"gallery-1-36999\" srcset=\"https:\/\/www.arquimaster.com.ar\/web\/wp-content\/uploads\/2019\/03\/hello_wood_2019_13-150x150.jpg 150w, https:\/\/www.arquimaster.com.ar\/web\/wp-content\/uploads\/2019\/03\/hello_wood_2019_13-50x50.jpg 50w, https:\/\/www.arquimaster.com.ar\/web\/wp-content\/uploads\/2019\/03\/hello_wood_2019_13-125x125.jpg 125w\" sizes=\"auto, (max-width: 150px) 100vw, 150px\" \/><\/a>\n\t\t\t<\/div>\n\t\t\t\t<figcaption class='wp-caption-text gallery-caption' id='gallery-1-36999'>\n\t\t\t\tHello Wood 2019 en n\u00fameros (Rancho Zen)\n\t\t\t\t<\/figcaption><\/figure><figure class='gallery-item'>\n\t\t\t<div class='gallery-icon landscape'>\n\t\t\t\t<a href='https:\/\/www.arquimaster.com.ar\/web\/wp-content\/uploads\/2019\/03\/hello_wood_2019_14.jpg' title=\"Hello Wood 2019 en n\u00fameros (Rancho Zen)\" data-rl_title=\"Hello Wood 2019 en n\u00fameros (Rancho Zen)\" class=\"rl-gallery-link\" data-rl_caption=\"Hello Wood 2019 en n\u00fameros (Rancho Zen)\" data-rel=\"lightbox-gallery-1\"><img loading=\"lazy\" decoding=\"async\" width=\"150\" height=\"150\" src=\"https:\/\/www.arquimaster.com.ar\/web\/wp-content\/uploads\/2019\/03\/hello_wood_2019_14-150x150.jpg\" class=\"attachment-thumbnail size-thumbnail\" alt=\"\" aria-describedby=\"gallery-1-37000\" srcset=\"https:\/\/www.arquimaster.com.ar\/web\/wp-content\/uploads\/2019\/03\/hello_wood_2019_14-150x150.jpg 150w, https:\/\/www.arquimaster.com.ar\/web\/wp-content\/uploads\/2019\/03\/hello_wood_2019_14-50x50.jpg 50w, https:\/\/www.arquimaster.com.ar\/web\/wp-content\/uploads\/2019\/03\/hello_wood_2019_14-125x125.jpg 125w\" sizes=\"auto, (max-width: 150px) 100vw, 150px\" \/><\/a>\n\t\t\t<\/div>\n\t\t\t\t<figcaption class='wp-caption-text gallery-caption' id='gallery-1-37000'>\n\t\t\t\tHello Wood 2019 en n\u00fameros (Rancho Zen)\n\t\t\t\t<\/figcaption><\/figure><figure class='gallery-item'>\n\t\t\t<div class='gallery-icon portrait'>\n\t\t\t\t<a href='https:\/\/www.arquimaster.com.ar\/web\/wp-content\/uploads\/2019\/03\/hello_wood_2019_15.jpg' title=\"Hello Wood 2019 en n\u00fameros (Tolva)\" data-rl_title=\"Hello Wood 2019 en n\u00fameros (Tolva)\" class=\"rl-gallery-link\" data-rl_caption=\"Hello Wood 2019 en n\u00fameros (Tolva)\" data-rel=\"lightbox-gallery-1\"><img loading=\"lazy\" decoding=\"async\" width=\"150\" height=\"150\" src=\"https:\/\/www.arquimaster.com.ar\/web\/wp-content\/uploads\/2019\/03\/hello_wood_2019_15-150x150.jpg\" class=\"attachment-thumbnail size-thumbnail\" alt=\"\" aria-describedby=\"gallery-1-37001\" srcset=\"https:\/\/www.arquimaster.com.ar\/web\/wp-content\/uploads\/2019\/03\/hello_wood_2019_15-150x150.jpg 150w, https:\/\/www.arquimaster.com.ar\/web\/wp-content\/uploads\/2019\/03\/hello_wood_2019_15-50x50.jpg 50w, https:\/\/www.arquimaster.com.ar\/web\/wp-content\/uploads\/2019\/03\/hello_wood_2019_15-125x125.jpg 125w\" sizes=\"auto, (max-width: 150px) 100vw, 150px\" \/><\/a>\n\t\t\t<\/div>\n\t\t\t\t<figcaption class='wp-caption-text gallery-caption' id='gallery-1-37001'>\n\t\t\t\tHello Wood 2019 en n\u00fameros (Tolva)\n\t\t\t\t<\/figcaption><\/figure>\n\t\t<\/div>\n\n<p><strong>Hello Wood en n\u00fameros<\/strong><br \/>\n103 estudiantes trabajando juntos en un mismo espacio<br \/>\n50 profesionales: 30\u00a0+ voluntarios y organizadores 20, colaborando activamente<br \/>\n12 marcas mostrando sus innovaciones<br \/>\n13 ediciones: 3 en Argentina, 10 en Budapest<br \/>\n10 estructuras de madera<br \/>\n36 m3 de madera<br \/>\n275 placas de OSB<br \/>\n+de 100 herramientas utilizadas<br \/>\n200 litros de Cetol Duraci\u00f3n Extrema utilizados para garantizar su durabilidad<\/p>\n<p><em>\u00abPara Cetol garantizar la protecci\u00f3n de las estructuras creadas por estudiantes y profesionales y dejar una huella en los nuevos talentos es un orgullo enorme. Adem\u00e1s, este a\u00f1o y en exclusiva para HW, presentamos nuestra \u00faltima innovaci\u00f3n en protecci\u00f3n para la madera: Cetol Duraci\u00f3n Extrema, nuestra mejor versi\u00f3n, porque\u00a0 es un producto que nos supera a nosotros mismos, as\u00ed como los estudiantes se desaf\u00edan d\u00eda a d\u00eda para superarse a ellos mismos\u00bb<\/em>, coment\u00f3 Cecilia Ferrario, Gerente Regional de Am\u00e9rica del Sur para Woodcare, Akzonobel.<\/p>\n<p>C\u00f3rdoba, Tucum\u00e1n, Chaco, Entre R\u00edos, Salta, Corrientes, Neuqu\u00e9n, Buenos Aires, dijeron presentes en Hello Wood 2019 y la experiencia se convirti\u00f3 en la demostraci\u00f3n del talento federal. Un verdadero desaf\u00edo de trabajo de 10 equipos que lograron construir 10 estructuras en tan s\u00f3lo una semana.<\/p>\n<p>Hello Wood abandona Entre R\u00edos para viajar pr\u00f3ximamente al LollaPalloza y de all\u00ed a la Usina del Arte, con la certeza de que el noble material que materializ\u00f3 estas obras de arte, permanecer\u00e1 intacto, cuidado por la \u00fanica soluci\u00f3n que supera lo alcanzado hasta ahora por Cetol en su historia.<\/p>\n<p><strong>Acerca de Cetol<\/strong><br \/>\nCetol es la marca l\u00edder en el cuidado y protecci\u00f3n de la madera del grupo AkzoNobel. Desde hace m\u00e1s de 30 a\u00f1os provee soluciones a consumidores ubicados en todo el pa\u00eds. Con un amplio portfolio de productos, es la \u00fanica marca que cuenta con una l\u00ednea amigable con el medio ambiente, una tecnolog\u00eda revolucionaria que combina los beneficios de los productos solventes con la practicidad de los productos al agua: Cetol Balance. espacioCetol, ubicado en el barrio de Belgrano, es un punto de encuentro de arte y tendencia, el escenario en donde la marca vive. All\u00ed se ofrecen cursos, talleres, exposiciones y conferencias para el p\u00fablico interesado en temas vinculados con la arquitectura, el dise\u00f1o y la decoraci\u00f3n. Tambi\u00e9n se trata de un \u00e1mbito creado para que el p\u00fablico pueda elegir e informarse sobre productos para proteger y decorar las maderas de sus casas.<\/p>\n<p><strong>Acerca de AkzoNobel<\/strong><br \/>\nAkzoNobel tiene una pasi\u00f3n por la pintura. Somos expertos y nos enorgullece el oficio de hacer pinturas y recubrimientos estableciendo el est\u00e1ndar en color y protecci\u00f3n desde 1792. Nuestro portfolio de marcas de clase mundial -incluyendo Dulux,International, Sikkens, Interpon y Cetol, Brikol y Alba en Argentina- cuenta con la confianza de clientes de todo el mundo. Con sede en Holanda, operamos en m\u00e1s de 150 pa\u00edses y empleamos a unas 35.000 personas talentosas y apasionadas por entregar productos de alto rendimiento y servicios de acuerdo a lo esperado por nuestros clientes.<\/p>\n\n<div style=\"font-size: 0px; height: 0px; line-height: 0px; margin: 0; padding: 0; clear: both;\"><\/div><div style=\"margin-top: 0px; margin-bottom: 0px;\" class=\"sharethis-inline-share-buttons\" ><\/div>","protected":false},"excerpt":{"rendered":"<p>Festival de experimentaci\u00f3n en madera, bajo el lema dise\u00f1ar, construir y pensar con las manos&#8230;<\/p>\n","protected":false},"author":1,"featured_media":36986,"comment_status":"closed","ping_status":"closed","sticky":false,"template":"","format":"standard","meta":{"_uag_custom_page_level_css":"","footnotes":""},"categories":[70,68],"tags":[1107,4096,701],"class_list":["post-36984","post","type-post","status-publish","format-standard","has-post-thumbnail","hentry","category-noticias-arquitectura","category-novedades","tag-cetol","tag-hello-wood","tag-madera","generate-columns","tablet-grid-50","mobile-grid-100","grid-parent","grid-50"],"yoast_head":"<!-- This site is optimized with the Yoast SEO plugin v27.3 - https:\/\/yoast.com\/product\/yoast-seo-wordpress\/ -->\n<title>Hello Wood 2019 en n\u00fameros - Arquimaster<\/title>\n<meta name=\"description\" content=\"10 estructuras, 10 kil\u00f3metros de madera, m\u00e1s de 150 estudiantes y profesionales de la arquitectura y dise\u00f1o en el Festival de experimentaci\u00f3n en madera.\" \/>\n<meta name=\"robots\" content=\"index, follow, max-snippet:-1, max-image-preview:large, max-video-preview:-1\" \/>\n<link rel=\"canonical\" href=\"https:\/\/www.arquimaster.com.ar\/web\/hello-wood-2019-en-numeros\/\" \/>\n<meta property=\"og:locale\" content=\"es_ES\" \/>\n<meta property=\"og:type\" content=\"article\" \/>\n<meta property=\"og:title\" content=\"Hello Wood 2019 en n\u00fameros\" \/>\n<meta property=\"og:description\" content=\"10 estructuras, 10 kil\u00f3metros de madera, m\u00e1s de 150 estudiantes y profesionales de la arquitectura y dise\u00f1o en el Festival de experimentaci\u00f3n en madera.\" \/>\n<meta property=\"og:url\" content=\"https:\/\/www.arquimaster.com.ar\/web\/hello-wood-2019-en-numeros\/\" \/>\n<meta property=\"og:site_name\" content=\"Arquimaster\" \/>\n<meta property=\"article:publisher\" content=\"http:\/\/www.facebook.com\/ARQUIMASTER.com.ar\" \/>\n<meta property=\"article:published_time\" content=\"2019-03-31T23:05:03+00:00\" \/>\n<meta property=\"article:modified_time\" content=\"2025-08-08T21:42:32+00:00\" \/>\n<meta property=\"og:image\" content=\"https:\/\/www.arquimaster.com.ar\/web\/wp-content\/uploads\/2019\/03\/hello_wood_2019_slide.jpg\" \/>\n\t<meta property=\"og:image:width\" content=\"641\" \/>\n\t<meta property=\"og:image:height\" content=\"336\" \/>\n\t<meta property=\"og:image:type\" content=\"image\/jpeg\" \/>\n<meta name=\"author\" content=\"Arquimaster\" \/>\n<meta name=\"twitter:card\" content=\"summary_large_image\" \/>\n<meta name=\"twitter:title\" content=\"Hello Wood 2019 en n\u00fameros\" \/>\n<meta name=\"twitter:description\" content=\"10 estructuras, 10 kil\u00f3metros de madera, m\u00e1s de 150 estudiantes y profesionales de la arquitectura y dise\u00f1o en el Festival de experimentaci\u00f3n en madera.\" \/>\n<meta name=\"twitter:image\" content=\"https:\/\/www.arquimaster.com.ar\/web\/wp-content\/uploads\/2019\/03\/hello_wood_2019_slide.jpg\" \/>\n<meta name=\"twitter:creator\" content=\"@arquimaster\" \/>\n<meta name=\"twitter:site\" content=\"@arquimaster\" \/>\n<meta name=\"twitter:label1\" content=\"Escrito por\" \/>\n\t<meta name=\"twitter:data1\" content=\"Arquimaster\" \/>\n\t<meta name=\"twitter:label2\" content=\"Tiempo de lectura\" \/>\n\t<meta name=\"twitter:data2\" content=\"4 minutos\" \/>\n<script type=\"application\/ld+json\" class=\"yoast-schema-graph\">{\"@context\":\"https:\\\/\\\/schema.org\",\"@graph\":[{\"@type\":\"Article\",\"@id\":\"https:\\\/\\\/www.arquimaster.com.ar\\\/web\\\/hello-wood-2019-en-numeros\\\/#article\",\"isPartOf\":{\"@id\":\"https:\\\/\\\/www.arquimaster.com.ar\\\/web\\\/hello-wood-2019-en-numeros\\\/\"},\"author\":{\"name\":\"Arquimaster\",\"@id\":\"https:\\\/\\\/www.arquimaster.com.ar\\\/web\\\/#\\\/schema\\\/person\\\/359e9f7c00193fcde068e0dd2ceb0028\"},\"headline\":\"Hello Wood 2019 en n\u00fameros\",\"datePublished\":\"2019-03-31T23:05:03+00:00\",\"dateModified\":\"2025-08-08T21:42:32+00:00\",\"mainEntityOfPage\":{\"@id\":\"https:\\\/\\\/www.arquimaster.com.ar\\\/web\\\/hello-wood-2019-en-numeros\\\/\"},\"wordCount\":650,\"publisher\":{\"@id\":\"https:\\\/\\\/www.arquimaster.com.ar\\\/web\\\/#organization\"},\"image\":{\"@id\":\"https:\\\/\\\/www.arquimaster.com.ar\\\/web\\\/hello-wood-2019-en-numeros\\\/#primaryimage\"},\"thumbnailUrl\":\"https:\\\/\\\/www.arquimaster.com.ar\\\/web\\\/wp-content\\\/uploads\\\/2019\\\/03\\\/hello_wood_2019_slide.jpg\",\"keywords\":[\"Cetol\",\"Hello Wood\",\"madera\"],\"articleSection\":[\"Noticias de arquitectura y dise\u00f1o\",\"Novedades\"],\"inLanguage\":\"es\"},{\"@type\":\"WebPage\",\"@id\":\"https:\\\/\\\/www.arquimaster.com.ar\\\/web\\\/hello-wood-2019-en-numeros\\\/\",\"url\":\"https:\\\/\\\/www.arquimaster.com.ar\\\/web\\\/hello-wood-2019-en-numeros\\\/\",\"name\":\"Hello Wood 2019 en n\u00fameros - Arquimaster\",\"isPartOf\":{\"@id\":\"https:\\\/\\\/www.arquimaster.com.ar\\\/web\\\/#website\"},\"primaryImageOfPage\":{\"@id\":\"https:\\\/\\\/www.arquimaster.com.ar\\\/web\\\/hello-wood-2019-en-numeros\\\/#primaryimage\"},\"image\":{\"@id\":\"https:\\\/\\\/www.arquimaster.com.ar\\\/web\\\/hello-wood-2019-en-numeros\\\/#primaryimage\"},\"thumbnailUrl\":\"https:\\\/\\\/www.arquimaster.com.ar\\\/web\\\/wp-content\\\/uploads\\\/2019\\\/03\\\/hello_wood_2019_slide.jpg\",\"datePublished\":\"2019-03-31T23:05:03+00:00\",\"dateModified\":\"2025-08-08T21:42:32+00:00\",\"description\":\"10 estructuras, 10 kil\u00f3metros de madera, m\u00e1s de 150 estudiantes y profesionales de la arquitectura y dise\u00f1o en el Festival de experimentaci\u00f3n en madera.\",\"breadcrumb\":{\"@id\":\"https:\\\/\\\/www.arquimaster.com.ar\\\/web\\\/hello-wood-2019-en-numeros\\\/#breadcrumb\"},\"inLanguage\":\"es\",\"potentialAction\":[{\"@type\":\"ReadAction\",\"target\":[\"https:\\\/\\\/www.arquimaster.com.ar\\\/web\\\/hello-wood-2019-en-numeros\\\/\"]}]},{\"@type\":\"ImageObject\",\"inLanguage\":\"es\",\"@id\":\"https:\\\/\\\/www.arquimaster.com.ar\\\/web\\\/hello-wood-2019-en-numeros\\\/#primaryimage\",\"url\":\"https:\\\/\\\/www.arquimaster.com.ar\\\/web\\\/wp-content\\\/uploads\\\/2019\\\/03\\\/hello_wood_2019_slide.jpg\",\"contentUrl\":\"https:\\\/\\\/www.arquimaster.com.ar\\\/web\\\/wp-content\\\/uploads\\\/2019\\\/03\\\/hello_wood_2019_slide.jpg\",\"width\":641,\"height\":336},{\"@type\":\"BreadcrumbList\",\"@id\":\"https:\\\/\\\/www.arquimaster.com.ar\\\/web\\\/hello-wood-2019-en-numeros\\\/#breadcrumb\",\"itemListElement\":[{\"@type\":\"ListItem\",\"position\":1,\"name\":\"Portada\",\"item\":\"https:\\\/\\\/www.arquimaster.com.ar\\\/web\\\/\"},{\"@type\":\"ListItem\",\"position\":2,\"name\":\"Hello Wood 2019 en n\u00fameros\"}]},{\"@type\":\"WebSite\",\"@id\":\"https:\\\/\\\/www.arquimaster.com.ar\\\/web\\\/#website\",\"url\":\"https:\\\/\\\/www.arquimaster.com.ar\\\/web\\\/\",\"name\":\"Arquimaster\",\"description\":\"Web de arquitectura, dise\u00f1o y construccion\",\"publisher\":{\"@id\":\"https:\\\/\\\/www.arquimaster.com.ar\\\/web\\\/#organization\"},\"potentialAction\":[{\"@type\":\"SearchAction\",\"target\":{\"@type\":\"EntryPoint\",\"urlTemplate\":\"https:\\\/\\\/www.arquimaster.com.ar\\\/web\\\/?s={search_term_string}\"},\"query-input\":{\"@type\":\"PropertyValueSpecification\",\"valueRequired\":true,\"valueName\":\"search_term_string\"}}],\"inLanguage\":\"es\"},{\"@type\":\"Organization\",\"@id\":\"https:\\\/\\\/www.arquimaster.com.ar\\\/web\\\/#organization\",\"name\":\"Arquimaster\",\"url\":\"https:\\\/\\\/www.arquimaster.com.ar\\\/web\\\/\",\"logo\":{\"@type\":\"ImageObject\",\"inLanguage\":\"es\",\"@id\":\"https:\\\/\\\/www.arquimaster.com.ar\\\/web\\\/#\\\/schema\\\/logo\\\/image\\\/\",\"url\":\"https:\\\/\\\/www.arquimaster.com.ar\\\/web\\\/wp-content\\\/uploads\\\/2022\\\/06\\\/arquimaster.png\",\"contentUrl\":\"https:\\\/\\\/www.arquimaster.com.ar\\\/web\\\/wp-content\\\/uploads\\\/2022\\\/06\\\/arquimaster.png\",\"width\":594,\"height\":78,\"caption\":\"Arquimaster\"},\"image\":{\"@id\":\"https:\\\/\\\/www.arquimaster.com.ar\\\/web\\\/#\\\/schema\\\/logo\\\/image\\\/\"},\"sameAs\":[\"http:\\\/\\\/www.facebook.com\\\/ARQUIMASTER.com.ar\",\"https:\\\/\\\/x.com\\\/arquimaster\",\"https:\\\/\\\/www.instagram.com\\\/arquimasterblog\\\/\",\"https:\\\/\\\/www.linkedin.com\\\/company\\\/arquimaster\",\"https:\\\/\\\/www.pinterest.com\\\/arquimaster\",\"https:\\\/\\\/t.me\\\/arquimaster\"]},{\"@type\":\"Person\",\"@id\":\"https:\\\/\\\/www.arquimaster.com.ar\\\/web\\\/#\\\/schema\\\/person\\\/359e9f7c00193fcde068e0dd2ceb0028\",\"name\":\"Arquimaster\"}]}<\/script>\n<!-- \/ Yoast SEO plugin. -->","yoast_head_json":{"title":"Hello Wood 2019 en n\u00fameros - Arquimaster","description":"10 estructuras, 10 kil\u00f3metros de madera, m\u00e1s de 150 estudiantes y profesionales de la arquitectura y dise\u00f1o en el Festival de experimentaci\u00f3n en madera.","robots":{"index":"index","follow":"follow","max-snippet":"max-snippet:-1","max-image-preview":"max-image-preview:large","max-video-preview":"max-video-preview:-1"},"canonical":"https:\/\/www.arquimaster.com.ar\/web\/hello-wood-2019-en-numeros\/","og_locale":"es_ES","og_type":"article","og_title":"Hello Wood 2019 en n\u00fameros","og_description":"10 estructuras, 10 kil\u00f3metros de madera, m\u00e1s de 150 estudiantes y profesionales de la arquitectura y dise\u00f1o en el Festival de experimentaci\u00f3n en madera.","og_url":"https:\/\/www.arquimaster.com.ar\/web\/hello-wood-2019-en-numeros\/","og_site_name":"Arquimaster","article_publisher":"http:\/\/www.facebook.com\/ARQUIMASTER.com.ar","article_published_time":"2019-03-31T23:05:03+00:00","article_modified_time":"2025-08-08T21:42:32+00:00","og_image":[{"width":641,"height":336,"url":"https:\/\/www.arquimaster.com.ar\/web\/wp-content\/uploads\/2019\/03\/hello_wood_2019_slide.jpg","type":"image\/jpeg"}],"author":"Arquimaster","twitter_card":"summary_large_image","twitter_title":"Hello Wood 2019 en n\u00fameros","twitter_description":"10 estructuras, 10 kil\u00f3metros de madera, m\u00e1s de 150 estudiantes y profesionales de la arquitectura y dise\u00f1o en el Festival de experimentaci\u00f3n en madera.","twitter_image":"https:\/\/www.arquimaster.com.ar\/web\/wp-content\/uploads\/2019\/03\/hello_wood_2019_slide.jpg","twitter_creator":"@arquimaster","twitter_site":"@arquimaster","twitter_misc":{"Escrito por":"Arquimaster","Tiempo de lectura":"4 minutos"},"schema":{"@context":"https:\/\/schema.org","@graph":[{"@type":"Article","@id":"https:\/\/www.arquimaster.com.ar\/web\/hello-wood-2019-en-numeros\/#article","isPartOf":{"@id":"https:\/\/www.arquimaster.com.ar\/web\/hello-wood-2019-en-numeros\/"},"author":{"name":"Arquimaster","@id":"https:\/\/www.arquimaster.com.ar\/web\/#\/schema\/person\/359e9f7c00193fcde068e0dd2ceb0028"},"headline":"Hello Wood 2019 en n\u00fameros","datePublished":"2019-03-31T23:05:03+00:00","dateModified":"2025-08-08T21:42:32+00:00","mainEntityOfPage":{"@id":"https:\/\/www.arquimaster.com.ar\/web\/hello-wood-2019-en-numeros\/"},"wordCount":650,"publisher":{"@id":"https:\/\/www.arquimaster.com.ar\/web\/#organization"},"image":{"@id":"https:\/\/www.arquimaster.com.ar\/web\/hello-wood-2019-en-numeros\/#primaryimage"},"thumbnailUrl":"https:\/\/www.arquimaster.com.ar\/web\/wp-content\/uploads\/2019\/03\/hello_wood_2019_slide.jpg","keywords":["Cetol","Hello Wood","madera"],"articleSection":["Noticias de arquitectura y dise\u00f1o","Novedades"],"inLanguage":"es"},{"@type":"WebPage","@id":"https:\/\/www.arquimaster.com.ar\/web\/hello-wood-2019-en-numeros\/","url":"https:\/\/www.arquimaster.com.ar\/web\/hello-wood-2019-en-numeros\/","name":"Hello Wood 2019 en n\u00fameros - Arquimaster","isPartOf":{"@id":"https:\/\/www.arquimaster.com.ar\/web\/#website"},"primaryImageOfPage":{"@id":"https:\/\/www.arquimaster.com.ar\/web\/hello-wood-2019-en-numeros\/#primaryimage"},"image":{"@id":"https:\/\/www.arquimaster.com.ar\/web\/hello-wood-2019-en-numeros\/#primaryimage"},"thumbnailUrl":"https:\/\/www.arquimaster.com.ar\/web\/wp-content\/uploads\/2019\/03\/hello_wood_2019_slide.jpg","datePublished":"2019-03-31T23:05:03+00:00","dateModified":"2025-08-08T21:42:32+00:00","description":"10 estructuras, 10 kil\u00f3metros de madera, m\u00e1s de 150 estudiantes y profesionales de la arquitectura y dise\u00f1o en el Festival de experimentaci\u00f3n en madera.","breadcrumb":{"@id":"https:\/\/www.arquimaster.com.ar\/web\/hello-wood-2019-en-numeros\/#breadcrumb"},"inLanguage":"es","potentialAction":[{"@type":"ReadAction","target":["https:\/\/www.arquimaster.com.ar\/web\/hello-wood-2019-en-numeros\/"]}]},{"@type":"ImageObject","inLanguage":"es","@id":"https:\/\/www.arquimaster.com.ar\/web\/hello-wood-2019-en-numeros\/#primaryimage","url":"https:\/\/www.arquimaster.com.ar\/web\/wp-content\/uploads\/2019\/03\/hello_wood_2019_slide.jpg","contentUrl":"https:\/\/www.arquimaster.com.ar\/web\/wp-content\/uploads\/2019\/03\/hello_wood_2019_slide.jpg","width":641,"height":336},{"@type":"BreadcrumbList","@id":"https:\/\/www.arquimaster.com.ar\/web\/hello-wood-2019-en-numeros\/#breadcrumb","itemListElement":[{"@type":"ListItem","position":1,"name":"Portada","item":"https:\/\/www.arquimaster.com.ar\/web\/"},{"@type":"ListItem","position":2,"name":"Hello Wood 2019 en n\u00fameros"}]},{"@type":"WebSite","@id":"https:\/\/www.arquimaster.com.ar\/web\/#website","url":"https:\/\/www.arquimaster.com.ar\/web\/","name":"Arquimaster","description":"Web de arquitectura, dise\u00f1o y construccion","publisher":{"@id":"https:\/\/www.arquimaster.com.ar\/web\/#organization"},"potentialAction":[{"@type":"SearchAction","target":{"@type":"EntryPoint","urlTemplate":"https:\/\/www.arquimaster.com.ar\/web\/?s={search_term_string}"},"query-input":{"@type":"PropertyValueSpecification","valueRequired":true,"valueName":"search_term_string"}}],"inLanguage":"es"},{"@type":"Organization","@id":"https:\/\/www.arquimaster.com.ar\/web\/#organization","name":"Arquimaster","url":"https:\/\/www.arquimaster.com.ar\/web\/","logo":{"@type":"ImageObject","inLanguage":"es","@id":"https:\/\/www.arquimaster.com.ar\/web\/#\/schema\/logo\/image\/","url":"https:\/\/www.arquimaster.com.ar\/web\/wp-content\/uploads\/2022\/06\/arquimaster.png","contentUrl":"https:\/\/www.arquimaster.com.ar\/web\/wp-content\/uploads\/2022\/06\/arquimaster.png","width":594,"height":78,"caption":"Arquimaster"},"image":{"@id":"https:\/\/www.arquimaster.com.ar\/web\/#\/schema\/logo\/image\/"},"sameAs":["http:\/\/www.facebook.com\/ARQUIMASTER.com.ar","https:\/\/x.com\/arquimaster","https:\/\/www.instagram.com\/arquimasterblog\/","https:\/\/www.linkedin.com\/company\/arquimaster","https:\/\/www.pinterest.com\/arquimaster","https:\/\/t.me\/arquimaster"]},{"@type":"Person","@id":"https:\/\/www.arquimaster.com.ar\/web\/#\/schema\/person\/359e9f7c00193fcde068e0dd2ceb0028","name":"Arquimaster"}]}},"uagb_featured_image_src":{"full":["https:\/\/www.arquimaster.com.ar\/web\/wp-content\/uploads\/2019\/03\/hello_wood_2019_slide.jpg",641,336,false],"thumbnail":["https:\/\/www.arquimaster.com.ar\/web\/wp-content\/uploads\/2019\/03\/hello_wood_2019_slide-150x150.jpg",150,150,true],"medium":["https:\/\/www.arquimaster.com.ar\/web\/wp-content\/uploads\/2019\/03\/hello_wood_2019_slide.jpg",641,336,false],"medium_large":["https:\/\/www.arquimaster.com.ar\/web\/wp-content\/uploads\/2019\/03\/hello_wood_2019_slide.jpg",641,336,false],"large":["https:\/\/www.arquimaster.com.ar\/web\/wp-content\/uploads\/2019\/03\/hello_wood_2019_slide.jpg",641,336,false],"1536x1536":["https:\/\/www.arquimaster.com.ar\/web\/wp-content\/uploads\/2019\/03\/hello_wood_2019_slide.jpg",641,336,false],"2048x2048":["https:\/\/www.arquimaster.com.ar\/web\/wp-content\/uploads\/2019\/03\/hello_wood_2019_slide.jpg",641,336,false]},"uagb_author_info":{"display_name":"Arquimaster","author_link":"https:\/\/www.arquimaster.com.ar\/web\/author\/arquimaster\/"},"uagb_comment_info":0,"uagb_excerpt":"Festival de experimentaci\u00f3n en madera, bajo el lema dise\u00f1ar, construir y pensar con las manos...","_links":{"self":[{"href":"https:\/\/www.arquimaster.com.ar\/web\/wp-json\/wp\/v2\/posts\/36984","targetHints":{"allow":["GET"]}}],"collection":[{"href":"https:\/\/www.arquimaster.com.ar\/web\/wp-json\/wp\/v2\/posts"}],"about":[{"href":"https:\/\/www.arquimaster.com.ar\/web\/wp-json\/wp\/v2\/types\/post"}],"author":[{"embeddable":true,"href":"https:\/\/www.arquimaster.com.ar\/web\/wp-json\/wp\/v2\/users\/1"}],"replies":[{"embeddable":true,"href":"https:\/\/www.arquimaster.com.ar\/web\/wp-json\/wp\/v2\/comments?post=36984"}],"version-history":[{"count":1,"href":"https:\/\/www.arquimaster.com.ar\/web\/wp-json\/wp\/v2\/posts\/36984\/revisions"}],"predecessor-version":[{"id":85654,"href":"https:\/\/www.arquimaster.com.ar\/web\/wp-json\/wp\/v2\/posts\/36984\/revisions\/85654"}],"wp:featuredmedia":[{"embeddable":true,"href":"https:\/\/www.arquimaster.com.ar\/web\/wp-json\/wp\/v2\/media\/36986"}],"wp:attachment":[{"href":"https:\/\/www.arquimaster.com.ar\/web\/wp-json\/wp\/v2\/media?parent=36984"}],"wp:term":[{"taxonomy":"category","embeddable":true,"href":"https:\/\/www.arquimaster.com.ar\/web\/wp-json\/wp\/v2\/categories?post=36984"},{"taxonomy":"post_tag","embeddable":true,"href":"https:\/\/www.arquimaster.com.ar\/web\/wp-json\/wp\/v2\/tags?post=36984"}],"curies":[{"name":"wp","href":"https:\/\/api.w.org\/{rel}","templated":true}]}}