{"id":3785,"date":"2014-02-27T22:27:26","date_gmt":"2014-02-27T22:27:26","guid":{"rendered":"http:\/\/www.arquimaster.com.ar\/web\/?p=3785"},"modified":"2014-02-27T22:41:09","modified_gmt":"2014-02-27T22:41:09","slug":"oficinas-y-casa-de-campo-fesa-campo-sayula-ggh-arquitectos","status":"publish","type":"post","link":"https:\/\/www.arquimaster.com.ar\/web\/oficinas-y-casa-de-campo-fesa-campo-sayula-ggh-arquitectos\/","title":{"rendered":"Oficinas y casa de campo Fesa Campo Sayula \/ GGH Arquitectos"},"content":{"rendered":"<div style=\"margin-top: 0px; margin-bottom: 0px;\" class=\"sharethis-inline-share-buttons\" ><\/div><div class=\"b812932af2e751442846f039925109de\" data-index=\"1\" style=\"float: none; margin:25px 0 25px 0; text-align:center;\">\n<script async src=\"https:\/\/pagead2.googlesyndication.com\/pagead\/js\/adsbygoogle.js\"><\/script>\r\n<!-- Arquimaster (superior) -->\r\n<ins class=\"adsbygoogle\"\r\n     style=\"display:block\"\r\n     data-ad-client=\"ca-pub-6351072698456832\"\r\n     data-ad-slot=\"6455489680\"\r\n     data-ad-format=\"auto\"\r\n     data-full-width-responsive=\"true\"><\/ins>\r\n<script>\r\n     (adsbygoogle = window.adsbygoogle || []).push({});\r\n<\/script>\n<\/div>\n<p><strong>Oficinas y casa de campo Fesa Campo Sayula<\/strong> (Sayula, Jalisco, M\u00e9xico) por <strong>GGH Arquitectos<\/strong>. El proyecto se compone de dos edificios de un nivel desplantados en una plataforma que se levanta sobre el nivel de terreno natural.<\/p>\n<div id='gallery-1' class='gallery galleryid-3785 gallery-columns-3 gallery-size-thumbnail'><figure class='gallery-item'>\n\t\t\t<div class='gallery-icon landscape'>\n\t\t\t\t<a href='https:\/\/www.arquimaster.com.ar\/web\/wp-content\/uploads\/2014\/02\/oficinas_fesa_campo1.jpg' title=\"Oficinas y casa de campo Fesa Campo Sayula \/ GGH Arquitectos\" data-rl_title=\"Oficinas y casa de campo Fesa Campo Sayula \/ GGH Arquitectos\" class=\"rl-gallery-link\" data-rl_caption=\"Oficinas y casa de campo Fesa Campo Sayula \/ GGH Arquitectos\" data-rel=\"lightbox-gallery-1\"><img loading=\"lazy\" decoding=\"async\" width=\"150\" height=\"150\" src=\"https:\/\/www.arquimaster.com.ar\/web\/wp-content\/uploads\/2014\/02\/oficinas_fesa_campo1-150x150.jpg\" class=\"attachment-thumbnail size-thumbnail\" alt=\"\" aria-describedby=\"gallery-1-3788\" srcset=\"https:\/\/www.arquimaster.com.ar\/web\/wp-content\/uploads\/2014\/02\/oficinas_fesa_campo1-150x150.jpg 150w, https:\/\/www.arquimaster.com.ar\/web\/wp-content\/uploads\/2014\/02\/oficinas_fesa_campo1-50x50.jpg 50w, https:\/\/www.arquimaster.com.ar\/web\/wp-content\/uploads\/2014\/02\/oficinas_fesa_campo1-125x125.jpg 125w\" sizes=\"auto, (max-width: 150px) 100vw, 150px\" \/><\/a>\n\t\t\t<\/div>\n\t\t\t\t<figcaption class='wp-caption-text gallery-caption' id='gallery-1-3788'>\n\t\t\t\tOficinas y casa de campo Fesa Campo Sayula \/ GGH Arquitectos\n\t\t\t\t<\/figcaption><\/figure><figure class='gallery-item'>\n\t\t\t<div class='gallery-icon landscape'>\n\t\t\t\t<a href='https:\/\/www.arquimaster.com.ar\/web\/wp-content\/uploads\/2014\/02\/oficinas_fesa_campo2.jpg' title=\"Oficinas y casa de campo Fesa Campo Sayula \/ GGH Arquitectos\" data-rl_title=\"Oficinas y casa de campo Fesa Campo Sayula \/ GGH Arquitectos\" class=\"rl-gallery-link\" data-rl_caption=\"Oficinas y casa de campo Fesa Campo Sayula \/ GGH Arquitectos\" data-rel=\"lightbox-gallery-1\"><img loading=\"lazy\" decoding=\"async\" width=\"150\" height=\"150\" src=\"https:\/\/www.arquimaster.com.ar\/web\/wp-content\/uploads\/2014\/02\/oficinas_fesa_campo2-150x150.jpg\" class=\"attachment-thumbnail size-thumbnail\" alt=\"\" aria-describedby=\"gallery-1-3789\" srcset=\"https:\/\/www.arquimaster.com.ar\/web\/wp-content\/uploads\/2014\/02\/oficinas_fesa_campo2-150x150.jpg 150w, https:\/\/www.arquimaster.com.ar\/web\/wp-content\/uploads\/2014\/02\/oficinas_fesa_campo2-50x50.jpg 50w, https:\/\/www.arquimaster.com.ar\/web\/wp-content\/uploads\/2014\/02\/oficinas_fesa_campo2-125x125.jpg 125w\" sizes=\"auto, (max-width: 150px) 100vw, 150px\" \/><\/a>\n\t\t\t<\/div>\n\t\t\t\t<figcaption class='wp-caption-text gallery-caption' id='gallery-1-3789'>\n\t\t\t\tOficinas y casa de campo Fesa Campo Sayula \/ GGH Arquitectos\n\t\t\t\t<\/figcaption><\/figure><figure class='gallery-item'>\n\t\t\t<div class='gallery-icon landscape'>\n\t\t\t\t<a href='https:\/\/www.arquimaster.com.ar\/web\/wp-content\/uploads\/2014\/02\/oficinas_fesa_campo3.jpg' title=\"Oficinas y casa de campo Fesa Campo Sayula \/ GGH Arquitectos\" data-rl_title=\"Oficinas y casa de campo Fesa Campo Sayula \/ GGH Arquitectos\" class=\"rl-gallery-link\" data-rl_caption=\"Oficinas y casa de campo Fesa Campo Sayula \/ GGH Arquitectos\" data-rel=\"lightbox-gallery-1\"><img loading=\"lazy\" decoding=\"async\" width=\"150\" height=\"150\" src=\"https:\/\/www.arquimaster.com.ar\/web\/wp-content\/uploads\/2014\/02\/oficinas_fesa_campo3-150x150.jpg\" class=\"attachment-thumbnail size-thumbnail\" alt=\"\" aria-describedby=\"gallery-1-3790\" srcset=\"https:\/\/www.arquimaster.com.ar\/web\/wp-content\/uploads\/2014\/02\/oficinas_fesa_campo3-150x150.jpg 150w, https:\/\/www.arquimaster.com.ar\/web\/wp-content\/uploads\/2014\/02\/oficinas_fesa_campo3-50x50.jpg 50w, https:\/\/www.arquimaster.com.ar\/web\/wp-content\/uploads\/2014\/02\/oficinas_fesa_campo3-125x125.jpg 125w\" sizes=\"auto, (max-width: 150px) 100vw, 150px\" \/><\/a>\n\t\t\t<\/div>\n\t\t\t\t<figcaption class='wp-caption-text gallery-caption' id='gallery-1-3790'>\n\t\t\t\tOficinas y casa de campo Fesa Campo Sayula \/ GGH Arquitectos\n\t\t\t\t<\/figcaption><\/figure><figure class='gallery-item'>\n\t\t\t<div class='gallery-icon landscape'>\n\t\t\t\t<a href='https:\/\/www.arquimaster.com.ar\/web\/wp-content\/uploads\/2014\/02\/oficinas_fesa_campo4.jpg' title=\"Oficinas y casa de campo Fesa Campo Sayula \/ GGH Arquitectos\" data-rl_title=\"Oficinas y casa de campo Fesa Campo Sayula \/ GGH Arquitectos\" class=\"rl-gallery-link\" data-rl_caption=\"Oficinas y casa de campo Fesa Campo Sayula \/ GGH Arquitectos\" data-rel=\"lightbox-gallery-1\"><img loading=\"lazy\" decoding=\"async\" width=\"150\" height=\"150\" src=\"https:\/\/www.arquimaster.com.ar\/web\/wp-content\/uploads\/2014\/02\/oficinas_fesa_campo4-150x150.jpg\" class=\"attachment-thumbnail size-thumbnail\" alt=\"\" aria-describedby=\"gallery-1-3791\" srcset=\"https:\/\/www.arquimaster.com.ar\/web\/wp-content\/uploads\/2014\/02\/oficinas_fesa_campo4-150x150.jpg 150w, https:\/\/www.arquimaster.com.ar\/web\/wp-content\/uploads\/2014\/02\/oficinas_fesa_campo4-50x50.jpg 50w, https:\/\/www.arquimaster.com.ar\/web\/wp-content\/uploads\/2014\/02\/oficinas_fesa_campo4-125x125.jpg 125w\" sizes=\"auto, (max-width: 150px) 100vw, 150px\" \/><\/a>\n\t\t\t<\/div>\n\t\t\t\t<figcaption class='wp-caption-text gallery-caption' id='gallery-1-3791'>\n\t\t\t\tOficinas y casa de campo Fesa Campo Sayula \/ GGH Arquitectos\n\t\t\t\t<\/figcaption><\/figure><figure class='gallery-item'>\n\t\t\t<div class='gallery-icon landscape'>\n\t\t\t\t<a href='https:\/\/www.arquimaster.com.ar\/web\/wp-content\/uploads\/2014\/02\/oficinas_fesa_campo5.jpg' title=\"Oficinas y casa de campo Fesa Campo Sayula \/ GGH Arquitectos\" data-rl_title=\"Oficinas y casa de campo Fesa Campo Sayula \/ GGH Arquitectos\" class=\"rl-gallery-link\" data-rl_caption=\"Oficinas y casa de campo Fesa Campo Sayula \/ GGH Arquitectos\" data-rel=\"lightbox-gallery-1\"><img loading=\"lazy\" decoding=\"async\" width=\"150\" height=\"150\" src=\"https:\/\/www.arquimaster.com.ar\/web\/wp-content\/uploads\/2014\/02\/oficinas_fesa_campo5-150x150.jpg\" class=\"attachment-thumbnail size-thumbnail\" alt=\"\" aria-describedby=\"gallery-1-3792\" srcset=\"https:\/\/www.arquimaster.com.ar\/web\/wp-content\/uploads\/2014\/02\/oficinas_fesa_campo5-150x150.jpg 150w, https:\/\/www.arquimaster.com.ar\/web\/wp-content\/uploads\/2014\/02\/oficinas_fesa_campo5-50x50.jpg 50w, https:\/\/www.arquimaster.com.ar\/web\/wp-content\/uploads\/2014\/02\/oficinas_fesa_campo5-125x125.jpg 125w\" sizes=\"auto, (max-width: 150px) 100vw, 150px\" \/><\/a>\n\t\t\t<\/div>\n\t\t\t\t<figcaption class='wp-caption-text gallery-caption' id='gallery-1-3792'>\n\t\t\t\tOficinas y casa de campo Fesa Campo Sayula \/ GGH Arquitectos\n\t\t\t\t<\/figcaption><\/figure><figure class='gallery-item'>\n\t\t\t<div class='gallery-icon landscape'>\n\t\t\t\t<a href='https:\/\/www.arquimaster.com.ar\/web\/wp-content\/uploads\/2014\/02\/oficinas_fesa_campo6.jpg' title=\"Oficinas y casa de campo Fesa Campo Sayula \/ GGH Arquitectos\" data-rl_title=\"Oficinas y casa de campo Fesa Campo Sayula \/ GGH Arquitectos\" class=\"rl-gallery-link\" data-rl_caption=\"Oficinas y casa de campo Fesa Campo Sayula \/ GGH Arquitectos\" data-rel=\"lightbox-gallery-1\"><img loading=\"lazy\" decoding=\"async\" width=\"150\" height=\"150\" src=\"https:\/\/www.arquimaster.com.ar\/web\/wp-content\/uploads\/2014\/02\/oficinas_fesa_campo6-150x150.jpg\" class=\"attachment-thumbnail size-thumbnail\" alt=\"\" aria-describedby=\"gallery-1-3793\" srcset=\"https:\/\/www.arquimaster.com.ar\/web\/wp-content\/uploads\/2014\/02\/oficinas_fesa_campo6-150x150.jpg 150w, https:\/\/www.arquimaster.com.ar\/web\/wp-content\/uploads\/2014\/02\/oficinas_fesa_campo6-50x50.jpg 50w, https:\/\/www.arquimaster.com.ar\/web\/wp-content\/uploads\/2014\/02\/oficinas_fesa_campo6-125x125.jpg 125w\" sizes=\"auto, (max-width: 150px) 100vw, 150px\" \/><\/a>\n\t\t\t<\/div>\n\t\t\t\t<figcaption class='wp-caption-text gallery-caption' id='gallery-1-3793'>\n\t\t\t\tOficinas y casa de campo Fesa Campo Sayula \/ GGH Arquitectos\n\t\t\t\t<\/figcaption><\/figure><figure class='gallery-item'>\n\t\t\t<div class='gallery-icon landscape'>\n\t\t\t\t<a href='https:\/\/www.arquimaster.com.ar\/web\/wp-content\/uploads\/2014\/02\/oficinas_fesa_campo7.jpg' title=\"Oficinas y casa de campo Fesa Campo Sayula \/ GGH Arquitectos (implantacion)\" data-rl_title=\"Oficinas y casa de campo Fesa Campo Sayula \/ GGH Arquitectos (implantacion)\" class=\"rl-gallery-link\" data-rl_caption=\"Oficinas y casa de campo Fesa Campo Sayula \/ GGH Arquitectos (implantacion)\" data-rel=\"lightbox-gallery-1\"><img loading=\"lazy\" decoding=\"async\" width=\"150\" height=\"150\" src=\"https:\/\/www.arquimaster.com.ar\/web\/wp-content\/uploads\/2014\/02\/oficinas_fesa_campo7-150x150.jpg\" class=\"attachment-thumbnail size-thumbnail\" alt=\"\" aria-describedby=\"gallery-1-3794\" srcset=\"https:\/\/www.arquimaster.com.ar\/web\/wp-content\/uploads\/2014\/02\/oficinas_fesa_campo7-150x150.jpg 150w, https:\/\/www.arquimaster.com.ar\/web\/wp-content\/uploads\/2014\/02\/oficinas_fesa_campo7-50x50.jpg 50w, https:\/\/www.arquimaster.com.ar\/web\/wp-content\/uploads\/2014\/02\/oficinas_fesa_campo7-125x125.jpg 125w\" sizes=\"auto, (max-width: 150px) 100vw, 150px\" \/><\/a>\n\t\t\t<\/div>\n\t\t\t\t<figcaption class='wp-caption-text gallery-caption' id='gallery-1-3794'>\n\t\t\t\tOficinas y casa de campo Fesa Campo Sayula \/ GGH Arquitectos (implantacion)\n\t\t\t\t<\/figcaption><\/figure><figure class='gallery-item'>\n\t\t\t<div class='gallery-icon landscape'>\n\t\t\t\t<a href='https:\/\/www.arquimaster.com.ar\/web\/wp-content\/uploads\/2014\/02\/oficinas_fesa_campo8.jpg' title=\"Oficinas y casa de campo Fesa Campo Sayula \/ GGH Arquitectos (plantas)\" data-rl_title=\"Oficinas y casa de campo Fesa Campo Sayula \/ GGH Arquitectos (plantas)\" class=\"rl-gallery-link\" data-rl_caption=\"Oficinas y casa de campo Fesa Campo Sayula \/ GGH Arquitectos (plantas)\" data-rel=\"lightbox-gallery-1\"><img loading=\"lazy\" decoding=\"async\" width=\"150\" height=\"150\" src=\"https:\/\/www.arquimaster.com.ar\/web\/wp-content\/uploads\/2014\/02\/oficinas_fesa_campo8-150x150.jpg\" class=\"attachment-thumbnail size-thumbnail\" alt=\"\" aria-describedby=\"gallery-1-3795\" srcset=\"https:\/\/www.arquimaster.com.ar\/web\/wp-content\/uploads\/2014\/02\/oficinas_fesa_campo8-150x150.jpg 150w, https:\/\/www.arquimaster.com.ar\/web\/wp-content\/uploads\/2014\/02\/oficinas_fesa_campo8-50x50.jpg 50w, https:\/\/www.arquimaster.com.ar\/web\/wp-content\/uploads\/2014\/02\/oficinas_fesa_campo8-125x125.jpg 125w\" sizes=\"auto, (max-width: 150px) 100vw, 150px\" \/><\/a>\n\t\t\t<\/div>\n\t\t\t\t<figcaption class='wp-caption-text gallery-caption' id='gallery-1-3795'>\n\t\t\t\tOficinas y casa de campo Fesa Campo Sayula \/ GGH Arquitectos (plantas)\n\t\t\t\t<\/figcaption><\/figure><figure class='gallery-item'>\n\t\t\t<div class='gallery-icon landscape'>\n\t\t\t\t<a href='https:\/\/www.arquimaster.com.ar\/web\/wp-content\/uploads\/2014\/02\/oficinas_fesa_campo9.jpg' title=\"Oficinas y casa de campo Fesa Campo Sayula \/ GGH Arquitectos (vista oficinas)\" data-rl_title=\"Oficinas y casa de campo Fesa Campo Sayula \/ GGH Arquitectos (vista oficinas)\" class=\"rl-gallery-link\" data-rl_caption=\"Oficinas y casa de campo Fesa Campo Sayula \/ GGH Arquitectos (vista oficinas)\" data-rel=\"lightbox-gallery-1\"><img loading=\"lazy\" decoding=\"async\" width=\"150\" height=\"150\" src=\"https:\/\/www.arquimaster.com.ar\/web\/wp-content\/uploads\/2014\/02\/oficinas_fesa_campo9-150x150.jpg\" class=\"attachment-thumbnail size-thumbnail\" alt=\"\" aria-describedby=\"gallery-1-3796\" srcset=\"https:\/\/www.arquimaster.com.ar\/web\/wp-content\/uploads\/2014\/02\/oficinas_fesa_campo9-150x150.jpg 150w, https:\/\/www.arquimaster.com.ar\/web\/wp-content\/uploads\/2014\/02\/oficinas_fesa_campo9-50x50.jpg 50w, https:\/\/www.arquimaster.com.ar\/web\/wp-content\/uploads\/2014\/02\/oficinas_fesa_campo9-125x125.jpg 125w\" sizes=\"auto, (max-width: 150px) 100vw, 150px\" \/><\/a>\n\t\t\t<\/div>\n\t\t\t\t<figcaption class='wp-caption-text gallery-caption' id='gallery-1-3796'>\n\t\t\t\tOficinas y casa de campo Fesa Campo Sayula \/ GGH Arquitectos (vista oficinas)\n\t\t\t\t<\/figcaption><\/figure><figure class='gallery-item'>\n\t\t\t<div class='gallery-icon landscape'>\n\t\t\t\t<a href='https:\/\/www.arquimaster.com.ar\/web\/wp-content\/uploads\/2014\/02\/oficinas_fesa_campo10.jpg' title=\"Oficinas y casa de campo Fesa Campo Sayula \/ GGH Arquitectos (vista casa)\" data-rl_title=\"Oficinas y casa de campo Fesa Campo Sayula \/ GGH Arquitectos (vista casa)\" class=\"rl-gallery-link\" data-rl_caption=\"Oficinas y casa de campo Fesa Campo Sayula \/ GGH Arquitectos (vista casa)\" data-rel=\"lightbox-gallery-1\"><img loading=\"lazy\" decoding=\"async\" width=\"150\" height=\"150\" src=\"https:\/\/www.arquimaster.com.ar\/web\/wp-content\/uploads\/2014\/02\/oficinas_fesa_campo10-150x150.jpg\" class=\"attachment-thumbnail size-thumbnail\" alt=\"\" aria-describedby=\"gallery-1-3797\" srcset=\"https:\/\/www.arquimaster.com.ar\/web\/wp-content\/uploads\/2014\/02\/oficinas_fesa_campo10-150x150.jpg 150w, https:\/\/www.arquimaster.com.ar\/web\/wp-content\/uploads\/2014\/02\/oficinas_fesa_campo10-50x50.jpg 50w, https:\/\/www.arquimaster.com.ar\/web\/wp-content\/uploads\/2014\/02\/oficinas_fesa_campo10-125x125.jpg 125w\" sizes=\"auto, (max-width: 150px) 100vw, 150px\" \/><\/a>\n\t\t\t<\/div>\n\t\t\t\t<figcaption class='wp-caption-text gallery-caption' id='gallery-1-3797'>\n\t\t\t\tOficinas y casa de campo Fesa Campo Sayula \/ GGH Arquitectos (vista casa)\n\t\t\t\t<\/figcaption><\/figure><figure class='gallery-item'>\n\t\t\t<div class='gallery-icon landscape'>\n\t\t\t\t<a href='https:\/\/www.arquimaster.com.ar\/web\/wp-content\/uploads\/2014\/02\/oficinas_fesa_campo11.jpg' title=\"Oficinas y casa de campo Fesa Campo Sayula \/ GGH Arquitectos (corte)\" data-rl_title=\"Oficinas y casa de campo Fesa Campo Sayula \/ GGH Arquitectos (corte)\" class=\"rl-gallery-link\" data-rl_caption=\"Oficinas y casa de campo Fesa Campo Sayula \/ GGH Arquitectos (corte)\" data-rel=\"lightbox-gallery-1\"><img loading=\"lazy\" decoding=\"async\" width=\"150\" height=\"150\" src=\"https:\/\/www.arquimaster.com.ar\/web\/wp-content\/uploads\/2014\/02\/oficinas_fesa_campo11-150x150.jpg\" class=\"attachment-thumbnail size-thumbnail\" alt=\"\" aria-describedby=\"gallery-1-3798\" srcset=\"https:\/\/www.arquimaster.com.ar\/web\/wp-content\/uploads\/2014\/02\/oficinas_fesa_campo11-150x150.jpg 150w, https:\/\/www.arquimaster.com.ar\/web\/wp-content\/uploads\/2014\/02\/oficinas_fesa_campo11-50x50.jpg 50w, https:\/\/www.arquimaster.com.ar\/web\/wp-content\/uploads\/2014\/02\/oficinas_fesa_campo11-125x125.jpg 125w\" sizes=\"auto, (max-width: 150px) 100vw, 150px\" \/><\/a>\n\t\t\t<\/div>\n\t\t\t\t<figcaption class='wp-caption-text gallery-caption' id='gallery-1-3798'>\n\t\t\t\tOficinas y casa de campo Fesa Campo Sayula \/ GGH Arquitectos (corte)\n\t\t\t\t<\/figcaption><\/figure><figure class='gallery-item'>\n\t\t\t<div class='gallery-icon landscape'>\n\t\t\t\t<a href='https:\/\/www.arquimaster.com.ar\/web\/wp-content\/uploads\/2014\/02\/oficinas_fesa_campo12.jpg' title=\"Oficinas y casa de campo Fesa Campo Sayula \/ GGH Arquitectos (corte)\" data-rl_title=\"Oficinas y casa de campo Fesa Campo Sayula \/ GGH Arquitectos (corte)\" class=\"rl-gallery-link\" data-rl_caption=\"Oficinas y casa de campo Fesa Campo Sayula \/ GGH Arquitectos (corte)\" data-rel=\"lightbox-gallery-1\"><img loading=\"lazy\" decoding=\"async\" width=\"150\" height=\"150\" src=\"https:\/\/www.arquimaster.com.ar\/web\/wp-content\/uploads\/2014\/02\/oficinas_fesa_campo12-150x150.jpg\" class=\"attachment-thumbnail size-thumbnail\" alt=\"\" aria-describedby=\"gallery-1-3799\" srcset=\"https:\/\/www.arquimaster.com.ar\/web\/wp-content\/uploads\/2014\/02\/oficinas_fesa_campo12-150x150.jpg 150w, https:\/\/www.arquimaster.com.ar\/web\/wp-content\/uploads\/2014\/02\/oficinas_fesa_campo12-50x50.jpg 50w, https:\/\/www.arquimaster.com.ar\/web\/wp-content\/uploads\/2014\/02\/oficinas_fesa_campo12-125x125.jpg 125w\" sizes=\"auto, (max-width: 150px) 100vw, 150px\" \/><\/a>\n\t\t\t<\/div>\n\t\t\t\t<figcaption class='wp-caption-text gallery-caption' id='gallery-1-3799'>\n\t\t\t\tOficinas y casa de campo Fesa Campo Sayula \/ GGH Arquitectos (corte)\n\t\t\t\t<\/figcaption><\/figure><figure class='gallery-item'>\n\t\t\t<div class='gallery-icon landscape'>\n\t\t\t\t<a href='https:\/\/www.arquimaster.com.ar\/web\/wp-content\/uploads\/2014\/02\/oficinas_fesa_campo13.jpg' title=\"Oficinas y casa de campo Fesa Campo Sayula \/ GGH Arquitectos (corte)\" data-rl_title=\"Oficinas y casa de campo Fesa Campo Sayula \/ GGH Arquitectos (corte)\" class=\"rl-gallery-link\" data-rl_caption=\"Oficinas y casa de campo Fesa Campo Sayula \/ GGH Arquitectos (corte)\" data-rel=\"lightbox-gallery-1\"><img loading=\"lazy\" decoding=\"async\" width=\"150\" height=\"150\" src=\"https:\/\/www.arquimaster.com.ar\/web\/wp-content\/uploads\/2014\/02\/oficinas_fesa_campo13-150x150.jpg\" class=\"attachment-thumbnail size-thumbnail\" alt=\"\" aria-describedby=\"gallery-1-3800\" srcset=\"https:\/\/www.arquimaster.com.ar\/web\/wp-content\/uploads\/2014\/02\/oficinas_fesa_campo13-150x150.jpg 150w, https:\/\/www.arquimaster.com.ar\/web\/wp-content\/uploads\/2014\/02\/oficinas_fesa_campo13-50x50.jpg 50w, https:\/\/www.arquimaster.com.ar\/web\/wp-content\/uploads\/2014\/02\/oficinas_fesa_campo13-125x125.jpg 125w\" sizes=\"auto, (max-width: 150px) 100vw, 150px\" \/><\/a>\n\t\t\t<\/div>\n\t\t\t\t<figcaption class='wp-caption-text gallery-caption' id='gallery-1-3800'>\n\t\t\t\tOficinas y casa de campo Fesa Campo Sayula \/ GGH Arquitectos (corte)\n\t\t\t\t<\/figcaption><\/figure><figure class='gallery-item'>\n\t\t\t<div class='gallery-icon landscape'>\n\t\t\t\t<a href='https:\/\/www.arquimaster.com.ar\/web\/wp-content\/uploads\/2014\/02\/oficinas_fesa_campo14.jpg' title=\"Oficinas y casa de campo Fesa Campo Sayula \/ GGH Arquitectos (corte)\" data-rl_title=\"Oficinas y casa de campo Fesa Campo Sayula \/ GGH Arquitectos (corte)\" class=\"rl-gallery-link\" data-rl_caption=\"Oficinas y casa de campo Fesa Campo Sayula \/ GGH Arquitectos (corte)\" data-rel=\"lightbox-gallery-1\"><img loading=\"lazy\" decoding=\"async\" width=\"150\" height=\"150\" src=\"https:\/\/www.arquimaster.com.ar\/web\/wp-content\/uploads\/2014\/02\/oficinas_fesa_campo14-150x150.jpg\" class=\"attachment-thumbnail size-thumbnail\" alt=\"\" aria-describedby=\"gallery-1-3801\" srcset=\"https:\/\/www.arquimaster.com.ar\/web\/wp-content\/uploads\/2014\/02\/oficinas_fesa_campo14-150x150.jpg 150w, https:\/\/www.arquimaster.com.ar\/web\/wp-content\/uploads\/2014\/02\/oficinas_fesa_campo14-50x50.jpg 50w, https:\/\/www.arquimaster.com.ar\/web\/wp-content\/uploads\/2014\/02\/oficinas_fesa_campo14-125x125.jpg 125w\" sizes=\"auto, (max-width: 150px) 100vw, 150px\" \/><\/a>\n\t\t\t<\/div>\n\t\t\t\t<figcaption class='wp-caption-text gallery-caption' id='gallery-1-3801'>\n\t\t\t\tOficinas y casa de campo Fesa Campo Sayula \/ GGH Arquitectos (corte)\n\t\t\t\t<\/figcaption><\/figure><figure class='gallery-item'>\n\t\t\t<div class='gallery-icon portrait'>\n\t\t\t\t<a href='https:\/\/www.arquimaster.com.ar\/web\/wp-content\/uploads\/2014\/02\/oficinas_fesa_campo15.jpg' title=\"Oficinas y casa de campo Fesa Campo Sayula \/ GGH Arquitectos (detalle)\" data-rl_title=\"Oficinas y casa de campo Fesa Campo Sayula \/ GGH Arquitectos (detalle)\" class=\"rl-gallery-link\" data-rl_caption=\"Oficinas y casa de campo Fesa Campo Sayula \/ GGH Arquitectos (detalle)\" data-rel=\"lightbox-gallery-1\"><img loading=\"lazy\" decoding=\"async\" width=\"150\" height=\"150\" src=\"https:\/\/www.arquimaster.com.ar\/web\/wp-content\/uploads\/2014\/02\/oficinas_fesa_campo15-150x150.jpg\" class=\"attachment-thumbnail size-thumbnail\" alt=\"\" aria-describedby=\"gallery-1-3802\" srcset=\"https:\/\/www.arquimaster.com.ar\/web\/wp-content\/uploads\/2014\/02\/oficinas_fesa_campo15-150x150.jpg 150w, https:\/\/www.arquimaster.com.ar\/web\/wp-content\/uploads\/2014\/02\/oficinas_fesa_campo15-50x50.jpg 50w, https:\/\/www.arquimaster.com.ar\/web\/wp-content\/uploads\/2014\/02\/oficinas_fesa_campo15-125x125.jpg 125w\" sizes=\"auto, (max-width: 150px) 100vw, 150px\" \/><\/a>\n\t\t\t<\/div>\n\t\t\t\t<figcaption class='wp-caption-text gallery-caption' id='gallery-1-3802'>\n\t\t\t\tOficinas y casa de campo Fesa Campo Sayula \/ GGH Arquitectos (detalle)\n\t\t\t\t<\/figcaption><\/figure><figure class='gallery-item'>\n\t\t\t<div class='gallery-icon portrait'>\n\t\t\t\t<a href='https:\/\/www.arquimaster.com.ar\/web\/wp-content\/uploads\/2014\/02\/oficinas_fesa_campo16.jpg' title=\"Oficinas y casa de campo Fesa Campo Sayula \/ GGH Arquitectos (detalle)\" data-rl_title=\"Oficinas y casa de campo Fesa Campo Sayula \/ GGH Arquitectos (detalle)\" class=\"rl-gallery-link\" data-rl_caption=\"Oficinas y casa de campo Fesa Campo Sayula \/ GGH Arquitectos (detalle)\" data-rel=\"lightbox-gallery-1\"><img loading=\"lazy\" decoding=\"async\" width=\"150\" height=\"150\" src=\"https:\/\/www.arquimaster.com.ar\/web\/wp-content\/uploads\/2014\/02\/oficinas_fesa_campo16-150x150.jpg\" class=\"attachment-thumbnail size-thumbnail\" alt=\"\" aria-describedby=\"gallery-1-3803\" srcset=\"https:\/\/www.arquimaster.com.ar\/web\/wp-content\/uploads\/2014\/02\/oficinas_fesa_campo16-150x150.jpg 150w, https:\/\/www.arquimaster.com.ar\/web\/wp-content\/uploads\/2014\/02\/oficinas_fesa_campo16-50x50.jpg 50w, https:\/\/www.arquimaster.com.ar\/web\/wp-content\/uploads\/2014\/02\/oficinas_fesa_campo16-125x125.jpg 125w\" sizes=\"auto, (max-width: 150px) 100vw, 150px\" \/><\/a>\n\t\t\t<\/div>\n\t\t\t\t<figcaption class='wp-caption-text gallery-caption' id='gallery-1-3803'>\n\t\t\t\tOficinas y casa de campo Fesa Campo Sayula \/ GGH Arquitectos (detalle)\n\t\t\t\t<\/figcaption><\/figure><figure class='gallery-item'>\n\t\t\t<div class='gallery-icon portrait'>\n\t\t\t\t<a href='https:\/\/www.arquimaster.com.ar\/web\/wp-content\/uploads\/2014\/02\/oficinas_fesa_campo17.jpg' title=\"Oficinas y casa de campo Fesa Campo Sayula \/ GGH Arquitectos (detalle)\" data-rl_title=\"Oficinas y casa de campo Fesa Campo Sayula \/ GGH Arquitectos (detalle)\" class=\"rl-gallery-link\" data-rl_caption=\"Oficinas y casa de campo Fesa Campo Sayula \/ GGH Arquitectos (detalle)\" data-rel=\"lightbox-gallery-1\"><img loading=\"lazy\" decoding=\"async\" width=\"150\" height=\"150\" src=\"https:\/\/www.arquimaster.com.ar\/web\/wp-content\/uploads\/2014\/02\/oficinas_fesa_campo17-150x150.jpg\" class=\"attachment-thumbnail size-thumbnail\" alt=\"\" aria-describedby=\"gallery-1-3804\" srcset=\"https:\/\/www.arquimaster.com.ar\/web\/wp-content\/uploads\/2014\/02\/oficinas_fesa_campo17-150x150.jpg 150w, https:\/\/www.arquimaster.com.ar\/web\/wp-content\/uploads\/2014\/02\/oficinas_fesa_campo17-50x50.jpg 50w, https:\/\/www.arquimaster.com.ar\/web\/wp-content\/uploads\/2014\/02\/oficinas_fesa_campo17-125x125.jpg 125w\" sizes=\"auto, (max-width: 150px) 100vw, 150px\" \/><\/a>\n\t\t\t<\/div>\n\t\t\t\t<figcaption class='wp-caption-text gallery-caption' id='gallery-1-3804'>\n\t\t\t\tOficinas y casa de campo Fesa Campo Sayula \/ GGH Arquitectos (detalle)\n\t\t\t\t<\/figcaption><\/figure><figure class='gallery-item'>\n\t\t\t<div class='gallery-icon landscape'>\n\t\t\t\t<a href='https:\/\/www.arquimaster.com.ar\/web\/wp-content\/uploads\/2014\/02\/oficinas_fesa_campo18.jpg' title=\"Oficinas y casa de campo Fesa Campo Sayula \/ GGH Arquitectos (detalle)\" data-rl_title=\"Oficinas y casa de campo Fesa Campo Sayula \/ GGH Arquitectos (detalle)\" class=\"rl-gallery-link\" data-rl_caption=\"Oficinas y casa de campo Fesa Campo Sayula \/ GGH Arquitectos (detalle)\" data-rel=\"lightbox-gallery-1\"><img loading=\"lazy\" decoding=\"async\" width=\"150\" height=\"150\" src=\"https:\/\/www.arquimaster.com.ar\/web\/wp-content\/uploads\/2014\/02\/oficinas_fesa_campo18-150x150.jpg\" class=\"attachment-thumbnail size-thumbnail\" alt=\"\" aria-describedby=\"gallery-1-3805\" srcset=\"https:\/\/www.arquimaster.com.ar\/web\/wp-content\/uploads\/2014\/02\/oficinas_fesa_campo18-150x150.jpg 150w, https:\/\/www.arquimaster.com.ar\/web\/wp-content\/uploads\/2014\/02\/oficinas_fesa_campo18-50x50.jpg 50w, https:\/\/www.arquimaster.com.ar\/web\/wp-content\/uploads\/2014\/02\/oficinas_fesa_campo18-125x125.jpg 125w\" sizes=\"auto, (max-width: 150px) 100vw, 150px\" \/><\/a>\n\t\t\t<\/div>\n\t\t\t\t<figcaption class='wp-caption-text gallery-caption' id='gallery-1-3805'>\n\t\t\t\tOficinas y casa de campo Fesa Campo Sayula \/ GGH Arquitectos (detalle)\n\t\t\t\t<\/figcaption><\/figure>\n\t\t<\/div>\n\n<p><strong>El predio<\/strong><br \/>\nEn el predio con el n\u00famero 649 del camino viejo a Usmajac el cual cuenta con una superficie de 10,033.72 m2, se proyectan las instalaciones de Fesa Campo S.A. de C.V., las cuales constan de oficinas con una superficie aproximada de 210 m2 y una casa de campo para el personal con una superficie aproximada de 140 m2 y caseta de acceso.<\/p>\n<p>El predio se subdividi\u00f3 a petici\u00f3n de Fesa campo en cuatro fracciones, el proyecto se desplanta solo en la cuarta parte del mismo, dando a lugar a reservas para futuro crecimiento a posibles concesiones de empresas relacionadas con el ramo. Al ser actualmente una zona netamente de uso agr\u00edcola carece de servicios b\u00e1sicos y de vialidades, por lo que se ha propuesto una vialidad por donaci\u00f3n de los propietarios involucrados con un ancho total de 10 ml.<\/p>\n<p><strong>Proyecto arquitect\u00f3nico<\/strong><br \/>\nSe compone de dos edificios de un nivel desplantados en una plataforma que se levanta sobre el nivel de terreno natural 70 cm. Con el \u00fanico objetivo de ayudar al menor impacto ambiental del suelo f\u00e9rtil, de prevenir saturaciones de agua pluvial al terreno por tener una topograf\u00eda pr\u00e1cticamente plana y de permear al manto fre\u00e1tico toda el agua pluvial mediante un sistema de pozos de absorci\u00f3n.<\/p>\n<p>Un volumen de losas planas a diferentes alturas definen la zona de oficinas, con una envolvente simple de marcos modulados y tratados seg\u00fan el \u00e1rea que definan como solidos o transparencias, el uso de cortasoles y paneles met\u00e1licos nos dan el car\u00e1cter de nave industrial adaptada al uso interno de oficinas, mientras que a la casa se busc\u00f3 darle un car\u00e1cter m\u00e1s residencial sin dejar de lado el lenguaje campirano de una casa de campo mediante una gran losa inclinada.<\/p>\n<p><strong>Sistema constructivo<\/strong><br \/>\nPor las condiciones del lugar y la falta de infraestructura en los servicios b\u00e1sicos fue determinante optar por sistemas constructivos prefabricados y de f\u00e1cil transportaci\u00f3n, almacenaje y colocaci\u00f3n, el uso de estos sistemas nos permitir\u00e1n un avance en obra m\u00e1s din\u00e1mico aprovechando al 100% los tiempos de fabricaci\u00f3n y maquila en taller para transportar al sitio y hacer una colocaci\u00f3n precisa de los elementos y evitar as\u00ed los tiempos muertos por condiciones clim\u00e1ticas o por log\u00edstica preoperativa. Materiales como acero, madera laminada, concretos celulares curados en autoclave para muros, losas y bardas, se proponen para su implementaci\u00f3n en el proyecto.<\/p>\n<p><strong>Sustentabilidad<\/strong><br \/>\nSin pretender llegar a ser un proyecto LEED planteamos implementar una serie de medidas que coadyuven al funcionamiento amigable de los edificios con su entorno esto con el uso de productos y materiales certificados, de bajo impacto contaminante en su producci\u00f3n y control de calidad,\u00a0 l\u00e1mparas led con celdas solares en los exteriores, l\u00e1mparas led en los interiores, sanitarios ecol\u00f3gicos y mingitorios secos, plantas de tratamiento de aguas residuales, negras y grises, adem\u00e1s de plantas purificadoras de agua y calentadores solares.<\/p>\n<p><strong>La oficina<\/strong><br \/>\nCompuesta en su totalidad por una planta libre y techos a diferentes alturas sobre una plataforma de concreto flotada, as\u00ed se define a grandes rasgos la composici\u00f3n del n\u00facleo de oficinas Fesa Campo Sayula. El uso e implementaci\u00f3n de materiales prefabricados son la premisa del proceso de construcci\u00f3n para abatir sobre todo tiempos de ejecuci\u00f3n.<\/p>\n<p>Estructura: Losa de concreto armado despegada del nivel de suelo 70 cm. Columnas principales a base de perfil hss de 8&#8243;. Columnas secundarias a base de madera laminada en pares de 10&#215;24 cm. Apoyos perimetrales madera laminada 10&#215;20.<\/p>\n<p>Cubierta opcion1: Losacero. Cubierta opci\u00f3n 2: Econotecho de 1 \u00bd\u00bb.<\/p>\n<p>Pisos y muros: Muros divisorios interiores a base de panel OSB a dos caras. Muros con cara al exterior a base de multypanel. Pisos de cemento pulido.<\/p>\n<p>Acabados en ba\u00f1os: Pisos y lambrines de porcelanato bco. 50&#215;50.<\/p>\n<p>Canceler\u00edas: Ventanear\u00eda perimetral a base de louver met\u00e1lico en la parte superior. Ventanear\u00eda perimetral a base de marcos de ptr de 1 \u00bd\u00bb x 1 \u00bd\u00bb y ptr intermedios, embibelada.<\/p>\n<p>Carpinter\u00edas: Puertas de intercomunicaci\u00f3n a base de panel OSB en tambor y bastidor de pino.<\/p>\n<p><strong>La casa de campo<\/strong><br \/>\nEstructura: Losa de concreto armado despegada del nivel de suelo 70 cm. Columnas principales a base de perfil hss de 8&#8243;. Columnas secundarias a base de madera laminada en pares de 10&#215;24 cm. Apoyos perimetrales madera laminada 10&#215;20.<\/p>\n<p>Cubierta: Losacero.<\/p>\n<p>Pisos y muros: Muros divisorios interiores a base de tablaroca a dos caras. Muros con cara al exterior a base de multypanel. Pisos de cemento pulido.<\/p>\n<p>Acabados en ba\u00f1os: Pisos y lambrines de porcelanato bco. 50&#215;50.<\/p>\n<p>Canceler\u00edas: Ventanear\u00eda perimetral a base de louver met\u00e1lico en la parte superior. Ventanear\u00eda perimetral a base de marcos de ptr de 1 \u00bd\u00bb x 1 \u00bd\u00bb y ptr intermedios, embibelada.<\/p>\n<p>Carpinter\u00edas: Puertas de intercomunicaci\u00f3n a base de panel OSB en tambor y bastidor de pino.<\/p>\n<p><strong>Ficha tecnica<\/strong><br \/>\nNombre: Oficinas y casa de campo Fesa Campo Sayula<br \/>\nUbicaci\u00f3n: Sayula, Jalisco, M\u00e9xico<br \/>\nArquitectura: GGH Arquitectos (Arq. Rodolfo Guti\u00e9rrez R., Arq. J. Enrique Garc\u00eda D., Arq. Karina Hern\u00e1ndez)<br \/>\nRenders: Arq. Elesban Anad\u00f3n<br \/>\nConstructora: GGH Constructora<br \/>\nMateriales: concreto aparente, acero, aluminio, madera estufada y cristal<br \/>\nIluminacion: LOZ architectural lighting design<br \/>\nIngenieiria hidrosanitaria, gas y pluvial: Hidro PCI<br \/>\nIngenieria electrica y especiales: Ing. Gerardo Mu\u00f1oz<br \/>\nDise\u00f1o estructural: Arq. Ana Lilia Velez L.<br \/>\nSuperficie del terreno: 5016.86 m2<br \/>\nSuperficie construida: 360 m2<br \/>\nA\u00f1o: 2012<\/p>\n<p><strong>Contacto:<\/strong> <a title=\"GGH Arquitectos\" href=\"http:\/\/www.ggharquitectos.com\" target=\"_blank\">http:\/\/www.ggharquitectos.com<\/a><\/p>\n<p><strong>Facebook:<\/strong> <a title=\"GGH Arquitectos\" href=\"http:\/\/www.facebook.com\/arquitectos.ggh\" target=\"_blank\">http:\/\/www.facebook.com\/arquitectos.ggh<\/a><\/p>\n\n<div style=\"font-size: 0px; height: 0px; line-height: 0px; margin: 0; padding: 0; clear: both;\"><\/div><div style=\"margin-top: 0px; margin-bottom: 0px;\" class=\"sharethis-inline-share-buttons\" ><\/div>","protected":false},"excerpt":{"rendered":"<p>El proyecto se compone de dos edificios de un nivel desplantados en una plataforma&#8230;<\/p>\n","protected":false},"author":1,"featured_media":3787,"comment_status":"closed","ping_status":"closed","sticky":false,"template":"","format":"standard","meta":{"_uag_custom_page_level_css":"","footnotes":""},"categories":[76,1],"tags":[1048,1049,1051,1052,24,255,1047,1050,317],"class_list":["post-3785","post","type-post","status-publish","format-standard","has-post-thumbnail","hentry","category-arquitectura-corporativa","category-proyecto","tag-casa-de-campo","tag-fesa-campo","tag-ggh-arquitectos","tag-jalisco","tag-mexico","tag-oficinas","tag-prefabricacion","tag-sayula","tag-sustentable","generate-columns","tablet-grid-50","mobile-grid-100","grid-parent","grid-50"],"yoast_head":"<!-- This site is optimized with the Yoast SEO plugin v27.3 - https:\/\/yoast.com\/product\/yoast-seo-wordpress\/ -->\n<title>Oficinas y casa de campo Fesa Campo Sayula \/ GGH Arquitectos - Arquimaster<\/title>\n<meta name=\"robots\" content=\"index, follow, max-snippet:-1, max-image-preview:large, max-video-preview:-1\" \/>\n<link rel=\"canonical\" href=\"https:\/\/www.arquimaster.com.ar\/web\/oficinas-y-casa-de-campo-fesa-campo-sayula-ggh-arquitectos\/\" \/>\n<meta property=\"og:locale\" content=\"es_ES\" \/>\n<meta property=\"og:type\" content=\"article\" \/>\n<meta property=\"og:title\" content=\"Oficinas y casa de campo Fesa Campo Sayula \/ GGH Arquitectos - Arquimaster\" \/>\n<meta property=\"og:description\" content=\"El proyecto se compone de dos edificios de un nivel desplantados en una plataforma...\" \/>\n<meta property=\"og:url\" content=\"https:\/\/www.arquimaster.com.ar\/web\/oficinas-y-casa-de-campo-fesa-campo-sayula-ggh-arquitectos\/\" \/>\n<meta property=\"og:site_name\" content=\"Arquimaster\" \/>\n<meta property=\"article:publisher\" content=\"http:\/\/www.facebook.com\/ARQUIMASTER.com.ar\" \/>\n<meta property=\"article:published_time\" content=\"2014-02-27T22:27:26+00:00\" \/>\n<meta property=\"article:modified_time\" content=\"2014-02-27T22:41:09+00:00\" \/>\n<meta property=\"og:image\" content=\"https:\/\/www.arquimaster.com.ar\/web\/wp-content\/uploads\/2014\/02\/oficinas_fesa_campo_slide.jpg\" \/>\n\t<meta property=\"og:image:width\" content=\"642\" \/>\n\t<meta property=\"og:image:height\" content=\"336\" \/>\n\t<meta property=\"og:image:type\" content=\"image\/jpeg\" \/>\n<meta name=\"author\" content=\"Arquimaster\" \/>\n<meta name=\"twitter:card\" content=\"summary_large_image\" \/>\n<meta name=\"twitter:creator\" content=\"@arquimaster\" \/>\n<meta name=\"twitter:site\" content=\"@arquimaster\" \/>\n<meta name=\"twitter:label1\" content=\"Escrito por\" \/>\n\t<meta name=\"twitter:data1\" content=\"Arquimaster\" \/>\n\t<meta name=\"twitter:label2\" content=\"Tiempo de lectura\" \/>\n\t<meta name=\"twitter:data2\" content=\"5 minutos\" \/>\n<script type=\"application\/ld+json\" class=\"yoast-schema-graph\">{\"@context\":\"https:\\\/\\\/schema.org\",\"@graph\":[{\"@type\":\"Article\",\"@id\":\"https:\\\/\\\/www.arquimaster.com.ar\\\/web\\\/oficinas-y-casa-de-campo-fesa-campo-sayula-ggh-arquitectos\\\/#article\",\"isPartOf\":{\"@id\":\"https:\\\/\\\/www.arquimaster.com.ar\\\/web\\\/oficinas-y-casa-de-campo-fesa-campo-sayula-ggh-arquitectos\\\/\"},\"author\":{\"name\":\"Arquimaster\",\"@id\":\"https:\\\/\\\/www.arquimaster.com.ar\\\/web\\\/#\\\/schema\\\/person\\\/359e9f7c00193fcde068e0dd2ceb0028\"},\"headline\":\"Oficinas y casa de campo Fesa Campo Sayula \\\/ GGH Arquitectos\",\"datePublished\":\"2014-02-27T22:27:26+00:00\",\"dateModified\":\"2014-02-27T22:41:09+00:00\",\"mainEntityOfPage\":{\"@id\":\"https:\\\/\\\/www.arquimaster.com.ar\\\/web\\\/oficinas-y-casa-de-campo-fesa-campo-sayula-ggh-arquitectos\\\/\"},\"wordCount\":972,\"publisher\":{\"@id\":\"https:\\\/\\\/www.arquimaster.com.ar\\\/web\\\/#organization\"},\"image\":{\"@id\":\"https:\\\/\\\/www.arquimaster.com.ar\\\/web\\\/oficinas-y-casa-de-campo-fesa-campo-sayula-ggh-arquitectos\\\/#primaryimage\"},\"thumbnailUrl\":\"https:\\\/\\\/www.arquimaster.com.ar\\\/web\\\/wp-content\\\/uploads\\\/2014\\\/02\\\/oficinas_fesa_campo_slide.jpg\",\"keywords\":[\"casa de campo\",\"Fesa Campo\",\"GGH Arquitectos\",\"Jalisco\",\"Mexico\",\"oficinas\",\"prefabricacion\",\"Sayula\",\"sustentable\"],\"articleSection\":[\"Arquitectura corporativa\",\"Proyecto\"],\"inLanguage\":\"es\"},{\"@type\":\"WebPage\",\"@id\":\"https:\\\/\\\/www.arquimaster.com.ar\\\/web\\\/oficinas-y-casa-de-campo-fesa-campo-sayula-ggh-arquitectos\\\/\",\"url\":\"https:\\\/\\\/www.arquimaster.com.ar\\\/web\\\/oficinas-y-casa-de-campo-fesa-campo-sayula-ggh-arquitectos\\\/\",\"name\":\"Oficinas y casa de campo Fesa Campo Sayula \\\/ GGH Arquitectos - Arquimaster\",\"isPartOf\":{\"@id\":\"https:\\\/\\\/www.arquimaster.com.ar\\\/web\\\/#website\"},\"primaryImageOfPage\":{\"@id\":\"https:\\\/\\\/www.arquimaster.com.ar\\\/web\\\/oficinas-y-casa-de-campo-fesa-campo-sayula-ggh-arquitectos\\\/#primaryimage\"},\"image\":{\"@id\":\"https:\\\/\\\/www.arquimaster.com.ar\\\/web\\\/oficinas-y-casa-de-campo-fesa-campo-sayula-ggh-arquitectos\\\/#primaryimage\"},\"thumbnailUrl\":\"https:\\\/\\\/www.arquimaster.com.ar\\\/web\\\/wp-content\\\/uploads\\\/2014\\\/02\\\/oficinas_fesa_campo_slide.jpg\",\"datePublished\":\"2014-02-27T22:27:26+00:00\",\"dateModified\":\"2014-02-27T22:41:09+00:00\",\"breadcrumb\":{\"@id\":\"https:\\\/\\\/www.arquimaster.com.ar\\\/web\\\/oficinas-y-casa-de-campo-fesa-campo-sayula-ggh-arquitectos\\\/#breadcrumb\"},\"inLanguage\":\"es\",\"potentialAction\":[{\"@type\":\"ReadAction\",\"target\":[\"https:\\\/\\\/www.arquimaster.com.ar\\\/web\\\/oficinas-y-casa-de-campo-fesa-campo-sayula-ggh-arquitectos\\\/\"]}]},{\"@type\":\"ImageObject\",\"inLanguage\":\"es\",\"@id\":\"https:\\\/\\\/www.arquimaster.com.ar\\\/web\\\/oficinas-y-casa-de-campo-fesa-campo-sayula-ggh-arquitectos\\\/#primaryimage\",\"url\":\"https:\\\/\\\/www.arquimaster.com.ar\\\/web\\\/wp-content\\\/uploads\\\/2014\\\/02\\\/oficinas_fesa_campo_slide.jpg\",\"contentUrl\":\"https:\\\/\\\/www.arquimaster.com.ar\\\/web\\\/wp-content\\\/uploads\\\/2014\\\/02\\\/oficinas_fesa_campo_slide.jpg\",\"width\":642,\"height\":336},{\"@type\":\"BreadcrumbList\",\"@id\":\"https:\\\/\\\/www.arquimaster.com.ar\\\/web\\\/oficinas-y-casa-de-campo-fesa-campo-sayula-ggh-arquitectos\\\/#breadcrumb\",\"itemListElement\":[{\"@type\":\"ListItem\",\"position\":1,\"name\":\"Portada\",\"item\":\"https:\\\/\\\/www.arquimaster.com.ar\\\/web\\\/\"},{\"@type\":\"ListItem\",\"position\":2,\"name\":\"Oficinas y casa de campo Fesa Campo Sayula \\\/ GGH Arquitectos\"}]},{\"@type\":\"WebSite\",\"@id\":\"https:\\\/\\\/www.arquimaster.com.ar\\\/web\\\/#website\",\"url\":\"https:\\\/\\\/www.arquimaster.com.ar\\\/web\\\/\",\"name\":\"Arquimaster\",\"description\":\"Web de arquitectura, dise\u00f1o y construccion\",\"publisher\":{\"@id\":\"https:\\\/\\\/www.arquimaster.com.ar\\\/web\\\/#organization\"},\"potentialAction\":[{\"@type\":\"SearchAction\",\"target\":{\"@type\":\"EntryPoint\",\"urlTemplate\":\"https:\\\/\\\/www.arquimaster.com.ar\\\/web\\\/?s={search_term_string}\"},\"query-input\":{\"@type\":\"PropertyValueSpecification\",\"valueRequired\":true,\"valueName\":\"search_term_string\"}}],\"inLanguage\":\"es\"},{\"@type\":\"Organization\",\"@id\":\"https:\\\/\\\/www.arquimaster.com.ar\\\/web\\\/#organization\",\"name\":\"Arquimaster\",\"url\":\"https:\\\/\\\/www.arquimaster.com.ar\\\/web\\\/\",\"logo\":{\"@type\":\"ImageObject\",\"inLanguage\":\"es\",\"@id\":\"https:\\\/\\\/www.arquimaster.com.ar\\\/web\\\/#\\\/schema\\\/logo\\\/image\\\/\",\"url\":\"https:\\\/\\\/www.arquimaster.com.ar\\\/web\\\/wp-content\\\/uploads\\\/2022\\\/06\\\/arquimaster.png\",\"contentUrl\":\"https:\\\/\\\/www.arquimaster.com.ar\\\/web\\\/wp-content\\\/uploads\\\/2022\\\/06\\\/arquimaster.png\",\"width\":594,\"height\":78,\"caption\":\"Arquimaster\"},\"image\":{\"@id\":\"https:\\\/\\\/www.arquimaster.com.ar\\\/web\\\/#\\\/schema\\\/logo\\\/image\\\/\"},\"sameAs\":[\"http:\\\/\\\/www.facebook.com\\\/ARQUIMASTER.com.ar\",\"https:\\\/\\\/x.com\\\/arquimaster\",\"https:\\\/\\\/www.instagram.com\\\/arquimasterblog\\\/\",\"https:\\\/\\\/www.linkedin.com\\\/company\\\/arquimaster\",\"https:\\\/\\\/www.pinterest.com\\\/arquimaster\",\"https:\\\/\\\/t.me\\\/arquimaster\"]},{\"@type\":\"Person\",\"@id\":\"https:\\\/\\\/www.arquimaster.com.ar\\\/web\\\/#\\\/schema\\\/person\\\/359e9f7c00193fcde068e0dd2ceb0028\",\"name\":\"Arquimaster\"}]}<\/script>\n<!-- \/ Yoast SEO plugin. -->","yoast_head_json":{"title":"Oficinas y casa de campo Fesa Campo Sayula \/ GGH Arquitectos - Arquimaster","robots":{"index":"index","follow":"follow","max-snippet":"max-snippet:-1","max-image-preview":"max-image-preview:large","max-video-preview":"max-video-preview:-1"},"canonical":"https:\/\/www.arquimaster.com.ar\/web\/oficinas-y-casa-de-campo-fesa-campo-sayula-ggh-arquitectos\/","og_locale":"es_ES","og_type":"article","og_title":"Oficinas y casa de campo Fesa Campo Sayula \/ GGH Arquitectos - Arquimaster","og_description":"El proyecto se compone de dos edificios de un nivel desplantados en una plataforma...","og_url":"https:\/\/www.arquimaster.com.ar\/web\/oficinas-y-casa-de-campo-fesa-campo-sayula-ggh-arquitectos\/","og_site_name":"Arquimaster","article_publisher":"http:\/\/www.facebook.com\/ARQUIMASTER.com.ar","article_published_time":"2014-02-27T22:27:26+00:00","article_modified_time":"2014-02-27T22:41:09+00:00","og_image":[{"width":642,"height":336,"url":"https:\/\/www.arquimaster.com.ar\/web\/wp-content\/uploads\/2014\/02\/oficinas_fesa_campo_slide.jpg","type":"image\/jpeg"}],"author":"Arquimaster","twitter_card":"summary_large_image","twitter_creator":"@arquimaster","twitter_site":"@arquimaster","twitter_misc":{"Escrito por":"Arquimaster","Tiempo de lectura":"5 minutos"},"schema":{"@context":"https:\/\/schema.org","@graph":[{"@type":"Article","@id":"https:\/\/www.arquimaster.com.ar\/web\/oficinas-y-casa-de-campo-fesa-campo-sayula-ggh-arquitectos\/#article","isPartOf":{"@id":"https:\/\/www.arquimaster.com.ar\/web\/oficinas-y-casa-de-campo-fesa-campo-sayula-ggh-arquitectos\/"},"author":{"name":"Arquimaster","@id":"https:\/\/www.arquimaster.com.ar\/web\/#\/schema\/person\/359e9f7c00193fcde068e0dd2ceb0028"},"headline":"Oficinas y casa de campo Fesa Campo Sayula \/ GGH Arquitectos","datePublished":"2014-02-27T22:27:26+00:00","dateModified":"2014-02-27T22:41:09+00:00","mainEntityOfPage":{"@id":"https:\/\/www.arquimaster.com.ar\/web\/oficinas-y-casa-de-campo-fesa-campo-sayula-ggh-arquitectos\/"},"wordCount":972,"publisher":{"@id":"https:\/\/www.arquimaster.com.ar\/web\/#organization"},"image":{"@id":"https:\/\/www.arquimaster.com.ar\/web\/oficinas-y-casa-de-campo-fesa-campo-sayula-ggh-arquitectos\/#primaryimage"},"thumbnailUrl":"https:\/\/www.arquimaster.com.ar\/web\/wp-content\/uploads\/2014\/02\/oficinas_fesa_campo_slide.jpg","keywords":["casa de campo","Fesa Campo","GGH Arquitectos","Jalisco","Mexico","oficinas","prefabricacion","Sayula","sustentable"],"articleSection":["Arquitectura corporativa","Proyecto"],"inLanguage":"es"},{"@type":"WebPage","@id":"https:\/\/www.arquimaster.com.ar\/web\/oficinas-y-casa-de-campo-fesa-campo-sayula-ggh-arquitectos\/","url":"https:\/\/www.arquimaster.com.ar\/web\/oficinas-y-casa-de-campo-fesa-campo-sayula-ggh-arquitectos\/","name":"Oficinas y casa de campo Fesa Campo Sayula \/ GGH Arquitectos - Arquimaster","isPartOf":{"@id":"https:\/\/www.arquimaster.com.ar\/web\/#website"},"primaryImageOfPage":{"@id":"https:\/\/www.arquimaster.com.ar\/web\/oficinas-y-casa-de-campo-fesa-campo-sayula-ggh-arquitectos\/#primaryimage"},"image":{"@id":"https:\/\/www.arquimaster.com.ar\/web\/oficinas-y-casa-de-campo-fesa-campo-sayula-ggh-arquitectos\/#primaryimage"},"thumbnailUrl":"https:\/\/www.arquimaster.com.ar\/web\/wp-content\/uploads\/2014\/02\/oficinas_fesa_campo_slide.jpg","datePublished":"2014-02-27T22:27:26+00:00","dateModified":"2014-02-27T22:41:09+00:00","breadcrumb":{"@id":"https:\/\/www.arquimaster.com.ar\/web\/oficinas-y-casa-de-campo-fesa-campo-sayula-ggh-arquitectos\/#breadcrumb"},"inLanguage":"es","potentialAction":[{"@type":"ReadAction","target":["https:\/\/www.arquimaster.com.ar\/web\/oficinas-y-casa-de-campo-fesa-campo-sayula-ggh-arquitectos\/"]}]},{"@type":"ImageObject","inLanguage":"es","@id":"https:\/\/www.arquimaster.com.ar\/web\/oficinas-y-casa-de-campo-fesa-campo-sayula-ggh-arquitectos\/#primaryimage","url":"https:\/\/www.arquimaster.com.ar\/web\/wp-content\/uploads\/2014\/02\/oficinas_fesa_campo_slide.jpg","contentUrl":"https:\/\/www.arquimaster.com.ar\/web\/wp-content\/uploads\/2014\/02\/oficinas_fesa_campo_slide.jpg","width":642,"height":336},{"@type":"BreadcrumbList","@id":"https:\/\/www.arquimaster.com.ar\/web\/oficinas-y-casa-de-campo-fesa-campo-sayula-ggh-arquitectos\/#breadcrumb","itemListElement":[{"@type":"ListItem","position":1,"name":"Portada","item":"https:\/\/www.arquimaster.com.ar\/web\/"},{"@type":"ListItem","position":2,"name":"Oficinas y casa de campo Fesa Campo Sayula \/ GGH Arquitectos"}]},{"@type":"WebSite","@id":"https:\/\/www.arquimaster.com.ar\/web\/#website","url":"https:\/\/www.arquimaster.com.ar\/web\/","name":"Arquimaster","description":"Web de arquitectura, dise\u00f1o y construccion","publisher":{"@id":"https:\/\/www.arquimaster.com.ar\/web\/#organization"},"potentialAction":[{"@type":"SearchAction","target":{"@type":"EntryPoint","urlTemplate":"https:\/\/www.arquimaster.com.ar\/web\/?s={search_term_string}"},"query-input":{"@type":"PropertyValueSpecification","valueRequired":true,"valueName":"search_term_string"}}],"inLanguage":"es"},{"@type":"Organization","@id":"https:\/\/www.arquimaster.com.ar\/web\/#organization","name":"Arquimaster","url":"https:\/\/www.arquimaster.com.ar\/web\/","logo":{"@type":"ImageObject","inLanguage":"es","@id":"https:\/\/www.arquimaster.com.ar\/web\/#\/schema\/logo\/image\/","url":"https:\/\/www.arquimaster.com.ar\/web\/wp-content\/uploads\/2022\/06\/arquimaster.png","contentUrl":"https:\/\/www.arquimaster.com.ar\/web\/wp-content\/uploads\/2022\/06\/arquimaster.png","width":594,"height":78,"caption":"Arquimaster"},"image":{"@id":"https:\/\/www.arquimaster.com.ar\/web\/#\/schema\/logo\/image\/"},"sameAs":["http:\/\/www.facebook.com\/ARQUIMASTER.com.ar","https:\/\/x.com\/arquimaster","https:\/\/www.instagram.com\/arquimasterblog\/","https:\/\/www.linkedin.com\/company\/arquimaster","https:\/\/www.pinterest.com\/arquimaster","https:\/\/t.me\/arquimaster"]},{"@type":"Person","@id":"https:\/\/www.arquimaster.com.ar\/web\/#\/schema\/person\/359e9f7c00193fcde068e0dd2ceb0028","name":"Arquimaster"}]}},"uagb_featured_image_src":{"full":["https:\/\/www.arquimaster.com.ar\/web\/wp-content\/uploads\/2014\/02\/oficinas_fesa_campo_slide.jpg",642,336,false],"thumbnail":["https:\/\/www.arquimaster.com.ar\/web\/wp-content\/uploads\/2014\/02\/oficinas_fesa_campo_slide-150x150.jpg",150,150,true],"medium":["https:\/\/www.arquimaster.com.ar\/web\/wp-content\/uploads\/2014\/02\/oficinas_fesa_campo_slide-300x157.jpg",300,157,true],"medium_large":["https:\/\/www.arquimaster.com.ar\/web\/wp-content\/uploads\/2014\/02\/oficinas_fesa_campo_slide.jpg",642,336,false],"large":["https:\/\/www.arquimaster.com.ar\/web\/wp-content\/uploads\/2014\/02\/oficinas_fesa_campo_slide.jpg",642,336,false],"1536x1536":["https:\/\/www.arquimaster.com.ar\/web\/wp-content\/uploads\/2014\/02\/oficinas_fesa_campo_slide.jpg",642,336,false],"2048x2048":["https:\/\/www.arquimaster.com.ar\/web\/wp-content\/uploads\/2014\/02\/oficinas_fesa_campo_slide.jpg",642,336,false]},"uagb_author_info":{"display_name":"Arquimaster","author_link":"https:\/\/www.arquimaster.com.ar\/web\/author\/arquimaster\/"},"uagb_comment_info":0,"uagb_excerpt":"El proyecto se compone de dos edificios de un nivel desplantados en una plataforma...","_links":{"self":[{"href":"https:\/\/www.arquimaster.com.ar\/web\/wp-json\/wp\/v2\/posts\/3785","targetHints":{"allow":["GET"]}}],"collection":[{"href":"https:\/\/www.arquimaster.com.ar\/web\/wp-json\/wp\/v2\/posts"}],"about":[{"href":"https:\/\/www.arquimaster.com.ar\/web\/wp-json\/wp\/v2\/types\/post"}],"author":[{"embeddable":true,"href":"https:\/\/www.arquimaster.com.ar\/web\/wp-json\/wp\/v2\/users\/1"}],"replies":[{"embeddable":true,"href":"https:\/\/www.arquimaster.com.ar\/web\/wp-json\/wp\/v2\/comments?post=3785"}],"version-history":[{"count":0,"href":"https:\/\/www.arquimaster.com.ar\/web\/wp-json\/wp\/v2\/posts\/3785\/revisions"}],"wp:featuredmedia":[{"embeddable":true,"href":"https:\/\/www.arquimaster.com.ar\/web\/wp-json\/wp\/v2\/media\/3787"}],"wp:attachment":[{"href":"https:\/\/www.arquimaster.com.ar\/web\/wp-json\/wp\/v2\/media?parent=3785"}],"wp:term":[{"taxonomy":"category","embeddable":true,"href":"https:\/\/www.arquimaster.com.ar\/web\/wp-json\/wp\/v2\/categories?post=3785"},{"taxonomy":"post_tag","embeddable":true,"href":"https:\/\/www.arquimaster.com.ar\/web\/wp-json\/wp\/v2\/tags?post=3785"}],"curies":[{"name":"wp","href":"https:\/\/api.w.org\/{rel}","templated":true}]}}