{"id":396,"date":"2013-12-06T23:14:04","date_gmt":"2013-12-06T23:14:04","guid":{"rendered":"http:\/\/www.arquimaster.com.ar\/web\/?p=396"},"modified":"2026-03-29T18:12:25","modified_gmt":"2026-03-29T21:12:25","slug":"sapa-y-el-diseno-industrial-2013","status":"publish","type":"post","link":"https:\/\/www.arquimaster.com.ar\/web\/sapa-y-el-diseno-industrial-2013\/","title":{"rendered":"Sapa y el dise\u00f1o industrial"},"content":{"rendered":"<div style=\"margin-top: 0px; margin-bottom: 0px;\" class=\"sharethis-inline-share-buttons\" ><\/div><div class=\"b812932af2e751442846f039925109de\" data-index=\"1\" style=\"float: none; margin:25px 0 25px 0; text-align:center;\">\n<script async src=\"https:\/\/pagead2.googlesyndication.com\/pagead\/js\/adsbygoogle.js\"><\/script>\r\n<!-- Arquimaster (superior) -->\r\n<ins class=\"adsbygoogle\"\r\n     style=\"display:block\"\r\n     data-ad-client=\"ca-pub-6351072698456832\"\r\n     data-ad-slot=\"6455489680\"\r\n     data-ad-format=\"auto\"\r\n     data-full-width-responsive=\"true\"><\/ins>\r\n<script>\r\n     (adsbygoogle = window.adsbygoogle || []).push({});\r\n<\/script>\n<\/div>\n<p><em><strong>Sapa desarrolla un programa entre empresas y universidades, dentro del cual se realiz\u00f3 por quinto a\u00f1o consecutivo una experiencia con alumnos de la C\u00e1tedra Blanco de Dise\u00f1o Industrial de la FADU -Facultad de Arquitectura, Dise\u00f1o y Urbanismo de la UBA-. En el ejercicio 2013, Sapa convoc\u00f3 a la empresa Tecnolog\u00eda Hospitalaria -TH SRL- quienes presentaron un desaf\u00edo real, que consisti\u00f3 en el dise\u00f1o de un panel de cabecera, un brazo articulado de quir\u00f3fano y un sistema de tabiques t\u00e9cnicos.<\/strong><\/em><\/p>\n<div id='gallery-1' class='gallery galleryid-396 gallery-columns-3 gallery-size-thumbnail'><figure class='gallery-item'>\n\t\t\t<div class='gallery-icon landscape'>\n\t\t\t\t<a href='https:\/\/www.arquimaster.com.ar\/web\/wp-content\/uploads\/2013\/12\/sapa_di1.jpg' title=\"Sapa y el dise\u00f1o industrial (1\u00ba Premio)\" data-rl_title=\"Sapa y el dise\u00f1o industrial (1\u00ba Premio)\" class=\"rl-gallery-link\" data-rl_caption=\"Sapa y el dise\u00f1o industrial (1\u00ba Premio)\" data-rel=\"lightbox-gallery-1\"><img loading=\"lazy\" decoding=\"async\" width=\"150\" height=\"150\" src=\"https:\/\/www.arquimaster.com.ar\/web\/wp-content\/uploads\/2013\/12\/sapa_di1-150x150.jpg\" class=\"attachment-thumbnail size-thumbnail\" alt=\"\" aria-describedby=\"gallery-1-398\" srcset=\"https:\/\/www.arquimaster.com.ar\/web\/wp-content\/uploads\/2013\/12\/sapa_di1-150x150.jpg 150w, https:\/\/www.arquimaster.com.ar\/web\/wp-content\/uploads\/2013\/12\/sapa_di1-50x50.jpg 50w, https:\/\/www.arquimaster.com.ar\/web\/wp-content\/uploads\/2013\/12\/sapa_di1-125x125.jpg 125w\" sizes=\"auto, (max-width: 150px) 100vw, 150px\" \/><\/a>\n\t\t\t<\/div>\n\t\t\t\t<figcaption class='wp-caption-text gallery-caption' id='gallery-1-398'>\n\t\t\t\tSapa y el dise\u00f1o industrial (1\u00ba Premio)\n\t\t\t\t<\/figcaption><\/figure><figure class='gallery-item'>\n\t\t\t<div class='gallery-icon landscape'>\n\t\t\t\t<a href='https:\/\/www.arquimaster.com.ar\/web\/wp-content\/uploads\/2013\/12\/sapa_di2.jpg' title=\"Sapa y el dise\u00f1o industrial (1\u00ba Premio)\" data-rl_title=\"Sapa y el dise\u00f1o industrial (1\u00ba Premio)\" class=\"rl-gallery-link\" data-rl_caption=\"Sapa y el dise\u00f1o industrial (1\u00ba Premio)\" data-rel=\"lightbox-gallery-1\"><img loading=\"lazy\" decoding=\"async\" width=\"150\" height=\"150\" src=\"https:\/\/www.arquimaster.com.ar\/web\/wp-content\/uploads\/2013\/12\/sapa_di2-150x150.jpg\" class=\"attachment-thumbnail size-thumbnail\" alt=\"\" aria-describedby=\"gallery-1-399\" srcset=\"https:\/\/www.arquimaster.com.ar\/web\/wp-content\/uploads\/2013\/12\/sapa_di2-150x150.jpg 150w, https:\/\/www.arquimaster.com.ar\/web\/wp-content\/uploads\/2013\/12\/sapa_di2-50x50.jpg 50w, https:\/\/www.arquimaster.com.ar\/web\/wp-content\/uploads\/2013\/12\/sapa_di2-125x125.jpg 125w\" sizes=\"auto, (max-width: 150px) 100vw, 150px\" \/><\/a>\n\t\t\t<\/div>\n\t\t\t\t<figcaption class='wp-caption-text gallery-caption' id='gallery-1-399'>\n\t\t\t\tSapa y el dise\u00f1o industrial (1\u00ba Premio)\n\t\t\t\t<\/figcaption><\/figure><figure class='gallery-item'>\n\t\t\t<div class='gallery-icon landscape'>\n\t\t\t\t<a href='https:\/\/www.arquimaster.com.ar\/web\/wp-content\/uploads\/2013\/12\/sapa_di3.jpg' title=\"Sapa y el dise\u00f1o industrial (2\u00ba Premio)\" data-rl_title=\"Sapa y el dise\u00f1o industrial (2\u00ba Premio)\" class=\"rl-gallery-link\" data-rl_caption=\"Sapa y el dise\u00f1o industrial (2\u00ba Premio)\" data-rel=\"lightbox-gallery-1\"><img loading=\"lazy\" decoding=\"async\" width=\"150\" height=\"150\" src=\"https:\/\/www.arquimaster.com.ar\/web\/wp-content\/uploads\/2013\/12\/sapa_di3-150x150.jpg\" class=\"attachment-thumbnail size-thumbnail\" alt=\"\" aria-describedby=\"gallery-1-400\" srcset=\"https:\/\/www.arquimaster.com.ar\/web\/wp-content\/uploads\/2013\/12\/sapa_di3-150x150.jpg 150w, https:\/\/www.arquimaster.com.ar\/web\/wp-content\/uploads\/2013\/12\/sapa_di3-50x50.jpg 50w, https:\/\/www.arquimaster.com.ar\/web\/wp-content\/uploads\/2013\/12\/sapa_di3-125x125.jpg 125w\" sizes=\"auto, (max-width: 150px) 100vw, 150px\" \/><\/a>\n\t\t\t<\/div>\n\t\t\t\t<figcaption class='wp-caption-text gallery-caption' id='gallery-1-400'>\n\t\t\t\tSapa y el dise\u00f1o industrial (2\u00ba Premio)\n\t\t\t\t<\/figcaption><\/figure><figure class='gallery-item'>\n\t\t\t<div class='gallery-icon landscape'>\n\t\t\t\t<a href='https:\/\/www.arquimaster.com.ar\/web\/wp-content\/uploads\/2013\/12\/sapa_di4.jpg' title=\"Sapa y el dise\u00f1o industrial (2\u00ba Premio)\" data-rl_title=\"Sapa y el dise\u00f1o industrial (2\u00ba Premio)\" class=\"rl-gallery-link\" data-rl_caption=\"Sapa y el dise\u00f1o industrial (2\u00ba Premio)\" data-rel=\"lightbox-gallery-1\"><img loading=\"lazy\" decoding=\"async\" width=\"150\" height=\"150\" src=\"https:\/\/www.arquimaster.com.ar\/web\/wp-content\/uploads\/2013\/12\/sapa_di4-150x150.jpg\" class=\"attachment-thumbnail size-thumbnail\" alt=\"\" aria-describedby=\"gallery-1-401\" srcset=\"https:\/\/www.arquimaster.com.ar\/web\/wp-content\/uploads\/2013\/12\/sapa_di4-150x150.jpg 150w, https:\/\/www.arquimaster.com.ar\/web\/wp-content\/uploads\/2013\/12\/sapa_di4-50x50.jpg 50w, https:\/\/www.arquimaster.com.ar\/web\/wp-content\/uploads\/2013\/12\/sapa_di4-125x125.jpg 125w\" sizes=\"auto, (max-width: 150px) 100vw, 150px\" \/><\/a>\n\t\t\t<\/div>\n\t\t\t\t<figcaption class='wp-caption-text gallery-caption' id='gallery-1-401'>\n\t\t\t\tSapa y el dise\u00f1o industrial (2\u00ba Premio)\n\t\t\t\t<\/figcaption><\/figure><figure class='gallery-item'>\n\t\t\t<div class='gallery-icon landscape'>\n\t\t\t\t<a href='https:\/\/www.arquimaster.com.ar\/web\/wp-content\/uploads\/2013\/12\/sapa_di5.jpg' title=\"Sapa y el dise\u00f1o industrial (3\u00ba Premio)\" data-rl_title=\"Sapa y el dise\u00f1o industrial (3\u00ba Premio)\" class=\"rl-gallery-link\" data-rl_caption=\"Sapa y el dise\u00f1o industrial (3\u00ba Premio)\" data-rel=\"lightbox-gallery-1\"><img loading=\"lazy\" decoding=\"async\" width=\"150\" height=\"150\" src=\"https:\/\/www.arquimaster.com.ar\/web\/wp-content\/uploads\/2013\/12\/sapa_di5-150x150.jpg\" class=\"attachment-thumbnail size-thumbnail\" alt=\"\" aria-describedby=\"gallery-1-402\" srcset=\"https:\/\/www.arquimaster.com.ar\/web\/wp-content\/uploads\/2013\/12\/sapa_di5-150x150.jpg 150w, https:\/\/www.arquimaster.com.ar\/web\/wp-content\/uploads\/2013\/12\/sapa_di5-50x50.jpg 50w, https:\/\/www.arquimaster.com.ar\/web\/wp-content\/uploads\/2013\/12\/sapa_di5-125x125.jpg 125w\" sizes=\"auto, (max-width: 150px) 100vw, 150px\" \/><\/a>\n\t\t\t<\/div>\n\t\t\t\t<figcaption class='wp-caption-text gallery-caption' id='gallery-1-402'>\n\t\t\t\tSapa y el dise\u00f1o industrial (3\u00ba Premio)\n\t\t\t\t<\/figcaption><\/figure><figure class='gallery-item'>\n\t\t\t<div class='gallery-icon landscape'>\n\t\t\t\t<a href='https:\/\/www.arquimaster.com.ar\/web\/wp-content\/uploads\/2013\/12\/sapa_di6.jpg' title=\"Sapa y el dise\u00f1o industrial (3\u00ba Premio)\" data-rl_title=\"Sapa y el dise\u00f1o industrial (3\u00ba Premio)\" class=\"rl-gallery-link\" data-rl_caption=\"Sapa y el dise\u00f1o industrial (3\u00ba Premio)\" data-rel=\"lightbox-gallery-1\"><img loading=\"lazy\" decoding=\"async\" width=\"150\" height=\"150\" src=\"https:\/\/www.arquimaster.com.ar\/web\/wp-content\/uploads\/2013\/12\/sapa_di6-150x150.jpg\" class=\"attachment-thumbnail size-thumbnail\" alt=\"\" aria-describedby=\"gallery-1-403\" srcset=\"https:\/\/www.arquimaster.com.ar\/web\/wp-content\/uploads\/2013\/12\/sapa_di6-150x150.jpg 150w, https:\/\/www.arquimaster.com.ar\/web\/wp-content\/uploads\/2013\/12\/sapa_di6-50x50.jpg 50w, https:\/\/www.arquimaster.com.ar\/web\/wp-content\/uploads\/2013\/12\/sapa_di6-125x125.jpg 125w\" sizes=\"auto, (max-width: 150px) 100vw, 150px\" \/><\/a>\n\t\t\t<\/div>\n\t\t\t\t<figcaption class='wp-caption-text gallery-caption' id='gallery-1-403'>\n\t\t\t\tSapa y el dise\u00f1o industrial (3\u00ba Premio)\n\t\t\t\t<\/figcaption><\/figure>\n\t\t<\/div>\n\n<p>Desde el a\u00f1o 2009, <strong>Sapa<\/strong> participa junto con la<strong> C\u00e1tedra Blanco de Dise\u00f1o Industrial de la FADU<\/strong> de variadas experiencias para lograr que alumnos de los \u00faltimos cursos de la carrera tomen contacto con necesidades concretas de la industria.<\/p>\n<p>A\u00f1os anteriores se han desarrollado con gran \u00e9xito regalos empresariales, sistemas de se\u00f1al\u00e9tica, luminarias LED y percheros. En 2013, Sapa convoc\u00f3 a la empresa TH quienes presentaron un nuevo desaf\u00edo. El requerimiento de la firma era <strong>desarrollar tres productos hospitalarios<\/strong>: un panel de cabecera, un brazo articulado de quir\u00f3fano y un sistema de tabiques t\u00e9cnicos que deb\u00edan ser resueltos con perfiles extru\u00eddos de aluminio.<\/p>\n<p>El Centro Metropolitano de Dise\u00f1o -CMD- fue la sede de la entrega de premios a los trabajos m\u00e1s destacados entre once equipos de estudiantes.<\/p>\n<p>El <strong>primer premio<\/strong> fue otorgado a <strong>Delfina Gorelik<\/strong>, <strong>Fiorella Di Fabio<\/strong> y <strong>Martina De Tr\u00e1paga<\/strong> por el desarrollo un <strong>brazo de quir\u00f3fano<\/strong>.<\/p>\n<p>El <strong>segundo premio<\/strong> se entreg\u00f3 a <strong>Diego Beltrami<\/strong> y <strong>Aldana Horodiuk<\/strong> por un <strong>z\u00f3calo hospitalario<\/strong>.<\/p>\n<p>El <strong>tercero<\/strong> a<strong> Sof\u00e1 Btesh<\/strong>,<strong> Maria Somerville<\/strong> y<strong> Luc\u00eda Peluffo Iriarte<\/strong> por un <strong>brazo articulado de techo<\/strong>.<\/p>\n<p><strong>Gonzalo Farias<\/strong>, Gerente de Desarrollo de Negocios de Sapa, dio la bienvenida a todos los invitados al CMD y destac\u00f3 que este programa genera un resultado exitoso para todas las partes involucradas. La empresa TH ve resuelta sus necesidades, encontrando respuestas en los proyectos que abren las puertas a una nueva visi\u00f3n del negocio. Los alumnos pueden involucrarse en desaf\u00edos reales y nuestra empresa presentar al aluminio como el material por excelencia para desarrollos industriales.<\/p>\n<p><strong>Eduardo Juli\u00e1<\/strong>, Gerente Comercial de Sapa, agrega: <em>\u00abLa relaci\u00f3n entre universidades y empresas es muy compleja y rica, por lo que nos enorgullece estar concretando el quinto proyecto. Agradecemos a Ricardo Blanco, a la firma TH, a todos los alumnos por haber participado y al CMD por ser la instituci\u00f3n convocante y el \u00e1mbito m\u00e1s propicio de estas experiencias. Esperamos que todos puedan trabajar con el aluminio como material\u00bb<\/em>.<\/p>\n<p><strong>Ricardo Blanco<\/strong>, responsable de la C\u00e1tedra sostuvo: <em>\u00abAgradecemos a Sapa y a Anibal de TH por esta experiencia sumamente positiva, que comenz\u00f3 hace ya cinco a\u00f1os con un simple regalo empresarial, y hoy logramos productos de gran complejidad, de calidad tecnol\u00f3gica y visual\u00bb<\/em>.<\/p>\n<p>El <strong>Ing. Anibal Mart\u00ednez<\/strong>, Gerente de Ingenier\u00eda de la firma TH concluy\u00f3: <em>\u00abEstamos muy agradecidos con esta experiencia porque nos permite descubrir una nueva visi\u00f3n de nuestro trabajo. A pesar de la existencia de gran cantidad de normativas, estos proyectos apuntan a mejorar la vida de las personas y brindan valor agregado en el dise\u00f1o\u00bb<\/em>.<\/p>\n<p>Adem\u00e1s, actualmente Sapa est\u00e1 trabajando junto con estudiantes de la FADU, UBA, pertenecientes a la<strong> C\u00e1tedra Rondina<\/strong> en un proyecto de <strong>Iluminaci\u00f3n<\/strong>, para el cual visitaron la f\u00e1brica recientemente para interiorizarse sobre el proceso de extrusi\u00f3n de aluminio. Por \u00faltimo, acompa\u00f1a a los alumnos de <strong>Dise\u00f1o de la UADE<\/strong> en un trabajo de sistema de dise\u00f1o<strong> frente placard<\/strong>.<\/p>\n\n<div style=\"font-size: 0px; height: 0px; line-height: 0px; margin: 0; padding: 0; clear: both;\"><\/div><div style=\"margin-top: 0px; margin-bottom: 0px;\" class=\"sharethis-inline-share-buttons\" ><\/div>","protected":false},"excerpt":{"rendered":"<p>Sapa desarrolla un programa entre empresas y universidades&#8230;<\/p>\n","protected":false},"author":1,"featured_media":397,"comment_status":"closed","ping_status":"closed","sticky":false,"template":"","format":"standard","meta":{"_uag_custom_page_level_css":"","footnotes":""},"categories":[55,67],"tags":[169,166,171,165,172,168,164,170,167,173],"class_list":["post-396","post","type-post","status-publish","format-standard","has-post-thumbnail","hentry","category-diseno","category-diseno-industrial","tag-brazo-articulado-de-quirofano","tag-catedra-blanco","tag-catedra-rondina","tag-diseno-industrial-2","tag-fadu-uba","tag-panel-de-cabecera","tag-sapa","tag-sistema-de-tabiques-tecnicos","tag-tecnologia-hospitalaria","tag-uade","generate-columns","tablet-grid-50","mobile-grid-100","grid-parent","grid-50"],"yoast_head":"<!-- This site is optimized with the Yoast SEO plugin v27.3 - https:\/\/yoast.com\/product\/yoast-seo-wordpress\/ -->\n<title>Sapa y el dise\u00f1o industrial - Arquimaster<\/title>\n<meta name=\"robots\" content=\"index, follow, max-snippet:-1, max-image-preview:large, max-video-preview:-1\" \/>\n<link rel=\"canonical\" href=\"https:\/\/www.arquimaster.com.ar\/web\/sapa-y-el-diseno-industrial-2013\/\" \/>\n<meta property=\"og:locale\" content=\"es_ES\" \/>\n<meta property=\"og:type\" content=\"article\" \/>\n<meta property=\"og:title\" content=\"Sapa y el dise\u00f1o industrial - Arquimaster\" \/>\n<meta property=\"og:description\" content=\"Sapa desarrolla un programa entre empresas y universidades...\" \/>\n<meta property=\"og:url\" content=\"https:\/\/www.arquimaster.com.ar\/web\/sapa-y-el-diseno-industrial-2013\/\" \/>\n<meta property=\"og:site_name\" content=\"Arquimaster\" \/>\n<meta property=\"article:publisher\" content=\"http:\/\/www.facebook.com\/ARQUIMASTER.com.ar\" \/>\n<meta property=\"article:published_time\" content=\"2013-12-06T23:14:04+00:00\" \/>\n<meta property=\"article:modified_time\" content=\"2026-03-29T21:12:25+00:00\" \/>\n<meta property=\"og:image\" content=\"https:\/\/www.arquimaster.com.ar\/web\/wp-content\/uploads\/2013\/12\/sapa_di_slide.jpg\" \/>\n\t<meta property=\"og:image:width\" content=\"642\" \/>\n\t<meta property=\"og:image:height\" content=\"336\" \/>\n\t<meta property=\"og:image:type\" content=\"image\/jpeg\" \/>\n<meta name=\"author\" content=\"Arquimaster\" \/>\n<meta name=\"twitter:card\" content=\"summary_large_image\" \/>\n<meta name=\"twitter:creator\" content=\"@arquimaster\" \/>\n<meta name=\"twitter:site\" content=\"@arquimaster\" \/>\n<meta name=\"twitter:label1\" content=\"Escrito por\" \/>\n\t<meta name=\"twitter:data1\" content=\"Arquimaster\" \/>\n\t<meta name=\"twitter:label2\" content=\"Tiempo de lectura\" \/>\n\t<meta name=\"twitter:data2\" content=\"3 minutos\" \/>\n<script type=\"application\/ld+json\" class=\"yoast-schema-graph\">{\"@context\":\"https:\\\/\\\/schema.org\",\"@graph\":[{\"@type\":\"Article\",\"@id\":\"https:\\\/\\\/www.arquimaster.com.ar\\\/web\\\/sapa-y-el-diseno-industrial-2013\\\/#article\",\"isPartOf\":{\"@id\":\"https:\\\/\\\/www.arquimaster.com.ar\\\/web\\\/sapa-y-el-diseno-industrial-2013\\\/\"},\"author\":{\"name\":\"Arquimaster\",\"@id\":\"https:\\\/\\\/www.arquimaster.com.ar\\\/web\\\/#\\\/schema\\\/person\\\/359e9f7c00193fcde068e0dd2ceb0028\"},\"headline\":\"Sapa y el dise\u00f1o industrial\",\"datePublished\":\"2013-12-06T23:14:04+00:00\",\"dateModified\":\"2026-03-29T21:12:25+00:00\",\"mainEntityOfPage\":{\"@id\":\"https:\\\/\\\/www.arquimaster.com.ar\\\/web\\\/sapa-y-el-diseno-industrial-2013\\\/\"},\"wordCount\":613,\"publisher\":{\"@id\":\"https:\\\/\\\/www.arquimaster.com.ar\\\/web\\\/#organization\"},\"image\":{\"@id\":\"https:\\\/\\\/www.arquimaster.com.ar\\\/web\\\/sapa-y-el-diseno-industrial-2013\\\/#primaryimage\"},\"thumbnailUrl\":\"https:\\\/\\\/www.arquimaster.com.ar\\\/web\\\/wp-content\\\/uploads\\\/2013\\\/12\\\/sapa_di_slide.jpg\",\"keywords\":[\"brazo articulado de quir\u00f3fano\",\"C\u00e1tedra Blanco\",\"C\u00e1tedra Rondina\",\"dise\u00f1o industrial\",\"FADU-UBA\",\"panel de cabecera\",\"Sapa\",\"sistema de tabiques t\u00e9cnicos\",\"Tecnolog\u00eda Hospitalaria\",\"UADE\"],\"articleSection\":[\"Dise\u00f1o\",\"Dise\u00f1o industrial y mobiliario\"],\"inLanguage\":\"es\"},{\"@type\":\"WebPage\",\"@id\":\"https:\\\/\\\/www.arquimaster.com.ar\\\/web\\\/sapa-y-el-diseno-industrial-2013\\\/\",\"url\":\"https:\\\/\\\/www.arquimaster.com.ar\\\/web\\\/sapa-y-el-diseno-industrial-2013\\\/\",\"name\":\"Sapa y el dise\u00f1o industrial - Arquimaster\",\"isPartOf\":{\"@id\":\"https:\\\/\\\/www.arquimaster.com.ar\\\/web\\\/#website\"},\"primaryImageOfPage\":{\"@id\":\"https:\\\/\\\/www.arquimaster.com.ar\\\/web\\\/sapa-y-el-diseno-industrial-2013\\\/#primaryimage\"},\"image\":{\"@id\":\"https:\\\/\\\/www.arquimaster.com.ar\\\/web\\\/sapa-y-el-diseno-industrial-2013\\\/#primaryimage\"},\"thumbnailUrl\":\"https:\\\/\\\/www.arquimaster.com.ar\\\/web\\\/wp-content\\\/uploads\\\/2013\\\/12\\\/sapa_di_slide.jpg\",\"datePublished\":\"2013-12-06T23:14:04+00:00\",\"dateModified\":\"2026-03-29T21:12:25+00:00\",\"breadcrumb\":{\"@id\":\"https:\\\/\\\/www.arquimaster.com.ar\\\/web\\\/sapa-y-el-diseno-industrial-2013\\\/#breadcrumb\"},\"inLanguage\":\"es\",\"potentialAction\":[{\"@type\":\"ReadAction\",\"target\":[\"https:\\\/\\\/www.arquimaster.com.ar\\\/web\\\/sapa-y-el-diseno-industrial-2013\\\/\"]}]},{\"@type\":\"ImageObject\",\"inLanguage\":\"es\",\"@id\":\"https:\\\/\\\/www.arquimaster.com.ar\\\/web\\\/sapa-y-el-diseno-industrial-2013\\\/#primaryimage\",\"url\":\"https:\\\/\\\/www.arquimaster.com.ar\\\/web\\\/wp-content\\\/uploads\\\/2013\\\/12\\\/sapa_di_slide.jpg\",\"contentUrl\":\"https:\\\/\\\/www.arquimaster.com.ar\\\/web\\\/wp-content\\\/uploads\\\/2013\\\/12\\\/sapa_di_slide.jpg\",\"width\":642,\"height\":336},{\"@type\":\"BreadcrumbList\",\"@id\":\"https:\\\/\\\/www.arquimaster.com.ar\\\/web\\\/sapa-y-el-diseno-industrial-2013\\\/#breadcrumb\",\"itemListElement\":[{\"@type\":\"ListItem\",\"position\":1,\"name\":\"Portada\",\"item\":\"https:\\\/\\\/www.arquimaster.com.ar\\\/web\\\/\"},{\"@type\":\"ListItem\",\"position\":2,\"name\":\"Sapa y el dise\u00f1o industrial\"}]},{\"@type\":\"WebSite\",\"@id\":\"https:\\\/\\\/www.arquimaster.com.ar\\\/web\\\/#website\",\"url\":\"https:\\\/\\\/www.arquimaster.com.ar\\\/web\\\/\",\"name\":\"Arquimaster\",\"description\":\"Web de arquitectura, dise\u00f1o y construccion\",\"publisher\":{\"@id\":\"https:\\\/\\\/www.arquimaster.com.ar\\\/web\\\/#organization\"},\"potentialAction\":[{\"@type\":\"SearchAction\",\"target\":{\"@type\":\"EntryPoint\",\"urlTemplate\":\"https:\\\/\\\/www.arquimaster.com.ar\\\/web\\\/?s={search_term_string}\"},\"query-input\":{\"@type\":\"PropertyValueSpecification\",\"valueRequired\":true,\"valueName\":\"search_term_string\"}}],\"inLanguage\":\"es\"},{\"@type\":\"Organization\",\"@id\":\"https:\\\/\\\/www.arquimaster.com.ar\\\/web\\\/#organization\",\"name\":\"Arquimaster\",\"url\":\"https:\\\/\\\/www.arquimaster.com.ar\\\/web\\\/\",\"logo\":{\"@type\":\"ImageObject\",\"inLanguage\":\"es\",\"@id\":\"https:\\\/\\\/www.arquimaster.com.ar\\\/web\\\/#\\\/schema\\\/logo\\\/image\\\/\",\"url\":\"https:\\\/\\\/www.arquimaster.com.ar\\\/web\\\/wp-content\\\/uploads\\\/2022\\\/06\\\/arquimaster.png\",\"contentUrl\":\"https:\\\/\\\/www.arquimaster.com.ar\\\/web\\\/wp-content\\\/uploads\\\/2022\\\/06\\\/arquimaster.png\",\"width\":594,\"height\":78,\"caption\":\"Arquimaster\"},\"image\":{\"@id\":\"https:\\\/\\\/www.arquimaster.com.ar\\\/web\\\/#\\\/schema\\\/logo\\\/image\\\/\"},\"sameAs\":[\"http:\\\/\\\/www.facebook.com\\\/ARQUIMASTER.com.ar\",\"https:\\\/\\\/x.com\\\/arquimaster\",\"https:\\\/\\\/www.instagram.com\\\/arquimasterblog\\\/\",\"https:\\\/\\\/www.linkedin.com\\\/company\\\/arquimaster\",\"https:\\\/\\\/www.pinterest.com\\\/arquimaster\",\"https:\\\/\\\/t.me\\\/arquimaster\"]},{\"@type\":\"Person\",\"@id\":\"https:\\\/\\\/www.arquimaster.com.ar\\\/web\\\/#\\\/schema\\\/person\\\/359e9f7c00193fcde068e0dd2ceb0028\",\"name\":\"Arquimaster\"}]}<\/script>\n<!-- \/ Yoast SEO plugin. -->","yoast_head_json":{"title":"Sapa y el dise\u00f1o industrial - Arquimaster","robots":{"index":"index","follow":"follow","max-snippet":"max-snippet:-1","max-image-preview":"max-image-preview:large","max-video-preview":"max-video-preview:-1"},"canonical":"https:\/\/www.arquimaster.com.ar\/web\/sapa-y-el-diseno-industrial-2013\/","og_locale":"es_ES","og_type":"article","og_title":"Sapa y el dise\u00f1o industrial - Arquimaster","og_description":"Sapa desarrolla un programa entre empresas y universidades...","og_url":"https:\/\/www.arquimaster.com.ar\/web\/sapa-y-el-diseno-industrial-2013\/","og_site_name":"Arquimaster","article_publisher":"http:\/\/www.facebook.com\/ARQUIMASTER.com.ar","article_published_time":"2013-12-06T23:14:04+00:00","article_modified_time":"2026-03-29T21:12:25+00:00","og_image":[{"width":642,"height":336,"url":"https:\/\/www.arquimaster.com.ar\/web\/wp-content\/uploads\/2013\/12\/sapa_di_slide.jpg","type":"image\/jpeg"}],"author":"Arquimaster","twitter_card":"summary_large_image","twitter_creator":"@arquimaster","twitter_site":"@arquimaster","twitter_misc":{"Escrito por":"Arquimaster","Tiempo de lectura":"3 minutos"},"schema":{"@context":"https:\/\/schema.org","@graph":[{"@type":"Article","@id":"https:\/\/www.arquimaster.com.ar\/web\/sapa-y-el-diseno-industrial-2013\/#article","isPartOf":{"@id":"https:\/\/www.arquimaster.com.ar\/web\/sapa-y-el-diseno-industrial-2013\/"},"author":{"name":"Arquimaster","@id":"https:\/\/www.arquimaster.com.ar\/web\/#\/schema\/person\/359e9f7c00193fcde068e0dd2ceb0028"},"headline":"Sapa y el dise\u00f1o industrial","datePublished":"2013-12-06T23:14:04+00:00","dateModified":"2026-03-29T21:12:25+00:00","mainEntityOfPage":{"@id":"https:\/\/www.arquimaster.com.ar\/web\/sapa-y-el-diseno-industrial-2013\/"},"wordCount":613,"publisher":{"@id":"https:\/\/www.arquimaster.com.ar\/web\/#organization"},"image":{"@id":"https:\/\/www.arquimaster.com.ar\/web\/sapa-y-el-diseno-industrial-2013\/#primaryimage"},"thumbnailUrl":"https:\/\/www.arquimaster.com.ar\/web\/wp-content\/uploads\/2013\/12\/sapa_di_slide.jpg","keywords":["brazo articulado de quir\u00f3fano","C\u00e1tedra Blanco","C\u00e1tedra Rondina","dise\u00f1o industrial","FADU-UBA","panel de cabecera","Sapa","sistema de tabiques t\u00e9cnicos","Tecnolog\u00eda Hospitalaria","UADE"],"articleSection":["Dise\u00f1o","Dise\u00f1o industrial y mobiliario"],"inLanguage":"es"},{"@type":"WebPage","@id":"https:\/\/www.arquimaster.com.ar\/web\/sapa-y-el-diseno-industrial-2013\/","url":"https:\/\/www.arquimaster.com.ar\/web\/sapa-y-el-diseno-industrial-2013\/","name":"Sapa y el dise\u00f1o industrial - Arquimaster","isPartOf":{"@id":"https:\/\/www.arquimaster.com.ar\/web\/#website"},"primaryImageOfPage":{"@id":"https:\/\/www.arquimaster.com.ar\/web\/sapa-y-el-diseno-industrial-2013\/#primaryimage"},"image":{"@id":"https:\/\/www.arquimaster.com.ar\/web\/sapa-y-el-diseno-industrial-2013\/#primaryimage"},"thumbnailUrl":"https:\/\/www.arquimaster.com.ar\/web\/wp-content\/uploads\/2013\/12\/sapa_di_slide.jpg","datePublished":"2013-12-06T23:14:04+00:00","dateModified":"2026-03-29T21:12:25+00:00","breadcrumb":{"@id":"https:\/\/www.arquimaster.com.ar\/web\/sapa-y-el-diseno-industrial-2013\/#breadcrumb"},"inLanguage":"es","potentialAction":[{"@type":"ReadAction","target":["https:\/\/www.arquimaster.com.ar\/web\/sapa-y-el-diseno-industrial-2013\/"]}]},{"@type":"ImageObject","inLanguage":"es","@id":"https:\/\/www.arquimaster.com.ar\/web\/sapa-y-el-diseno-industrial-2013\/#primaryimage","url":"https:\/\/www.arquimaster.com.ar\/web\/wp-content\/uploads\/2013\/12\/sapa_di_slide.jpg","contentUrl":"https:\/\/www.arquimaster.com.ar\/web\/wp-content\/uploads\/2013\/12\/sapa_di_slide.jpg","width":642,"height":336},{"@type":"BreadcrumbList","@id":"https:\/\/www.arquimaster.com.ar\/web\/sapa-y-el-diseno-industrial-2013\/#breadcrumb","itemListElement":[{"@type":"ListItem","position":1,"name":"Portada","item":"https:\/\/www.arquimaster.com.ar\/web\/"},{"@type":"ListItem","position":2,"name":"Sapa y el dise\u00f1o industrial"}]},{"@type":"WebSite","@id":"https:\/\/www.arquimaster.com.ar\/web\/#website","url":"https:\/\/www.arquimaster.com.ar\/web\/","name":"Arquimaster","description":"Web de arquitectura, dise\u00f1o y construccion","publisher":{"@id":"https:\/\/www.arquimaster.com.ar\/web\/#organization"},"potentialAction":[{"@type":"SearchAction","target":{"@type":"EntryPoint","urlTemplate":"https:\/\/www.arquimaster.com.ar\/web\/?s={search_term_string}"},"query-input":{"@type":"PropertyValueSpecification","valueRequired":true,"valueName":"search_term_string"}}],"inLanguage":"es"},{"@type":"Organization","@id":"https:\/\/www.arquimaster.com.ar\/web\/#organization","name":"Arquimaster","url":"https:\/\/www.arquimaster.com.ar\/web\/","logo":{"@type":"ImageObject","inLanguage":"es","@id":"https:\/\/www.arquimaster.com.ar\/web\/#\/schema\/logo\/image\/","url":"https:\/\/www.arquimaster.com.ar\/web\/wp-content\/uploads\/2022\/06\/arquimaster.png","contentUrl":"https:\/\/www.arquimaster.com.ar\/web\/wp-content\/uploads\/2022\/06\/arquimaster.png","width":594,"height":78,"caption":"Arquimaster"},"image":{"@id":"https:\/\/www.arquimaster.com.ar\/web\/#\/schema\/logo\/image\/"},"sameAs":["http:\/\/www.facebook.com\/ARQUIMASTER.com.ar","https:\/\/x.com\/arquimaster","https:\/\/www.instagram.com\/arquimasterblog\/","https:\/\/www.linkedin.com\/company\/arquimaster","https:\/\/www.pinterest.com\/arquimaster","https:\/\/t.me\/arquimaster"]},{"@type":"Person","@id":"https:\/\/www.arquimaster.com.ar\/web\/#\/schema\/person\/359e9f7c00193fcde068e0dd2ceb0028","name":"Arquimaster"}]}},"uagb_featured_image_src":{"full":["https:\/\/www.arquimaster.com.ar\/web\/wp-content\/uploads\/2013\/12\/sapa_di_slide.jpg",642,336,false],"thumbnail":["https:\/\/www.arquimaster.com.ar\/web\/wp-content\/uploads\/2013\/12\/sapa_di_slide-150x150.jpg",150,150,true],"medium":["https:\/\/www.arquimaster.com.ar\/web\/wp-content\/uploads\/2013\/12\/sapa_di_slide-300x157.jpg",300,157,true],"medium_large":["https:\/\/www.arquimaster.com.ar\/web\/wp-content\/uploads\/2013\/12\/sapa_di_slide.jpg",642,336,false],"large":["https:\/\/www.arquimaster.com.ar\/web\/wp-content\/uploads\/2013\/12\/sapa_di_slide.jpg",642,336,false],"1536x1536":["https:\/\/www.arquimaster.com.ar\/web\/wp-content\/uploads\/2013\/12\/sapa_di_slide.jpg",642,336,false],"2048x2048":["https:\/\/www.arquimaster.com.ar\/web\/wp-content\/uploads\/2013\/12\/sapa_di_slide.jpg",642,336,false]},"uagb_author_info":{"display_name":"Arquimaster","author_link":"https:\/\/www.arquimaster.com.ar\/web\/author\/arquimaster\/"},"uagb_comment_info":0,"uagb_excerpt":"Sapa desarrolla un programa entre empresas y universidades...","_links":{"self":[{"href":"https:\/\/www.arquimaster.com.ar\/web\/wp-json\/wp\/v2\/posts\/396","targetHints":{"allow":["GET"]}}],"collection":[{"href":"https:\/\/www.arquimaster.com.ar\/web\/wp-json\/wp\/v2\/posts"}],"about":[{"href":"https:\/\/www.arquimaster.com.ar\/web\/wp-json\/wp\/v2\/types\/post"}],"author":[{"embeddable":true,"href":"https:\/\/www.arquimaster.com.ar\/web\/wp-json\/wp\/v2\/users\/1"}],"replies":[{"embeddable":true,"href":"https:\/\/www.arquimaster.com.ar\/web\/wp-json\/wp\/v2\/comments?post=396"}],"version-history":[{"count":1,"href":"https:\/\/www.arquimaster.com.ar\/web\/wp-json\/wp\/v2\/posts\/396\/revisions"}],"predecessor-version":[{"id":88158,"href":"https:\/\/www.arquimaster.com.ar\/web\/wp-json\/wp\/v2\/posts\/396\/revisions\/88158"}],"wp:featuredmedia":[{"embeddable":true,"href":"https:\/\/www.arquimaster.com.ar\/web\/wp-json\/wp\/v2\/media\/397"}],"wp:attachment":[{"href":"https:\/\/www.arquimaster.com.ar\/web\/wp-json\/wp\/v2\/media?parent=396"}],"wp:term":[{"taxonomy":"category","embeddable":true,"href":"https:\/\/www.arquimaster.com.ar\/web\/wp-json\/wp\/v2\/categories?post=396"},{"taxonomy":"post_tag","embeddable":true,"href":"https:\/\/www.arquimaster.com.ar\/web\/wp-json\/wp\/v2\/tags?post=396"}],"curies":[{"name":"wp","href":"https:\/\/api.w.org\/{rel}","templated":true}]}}