{"id":4047,"date":"2014-03-18T22:24:28","date_gmt":"2014-03-18T22:24:28","guid":{"rendered":"http:\/\/www.arquimaster.com.ar\/web\/?p=4047"},"modified":"2014-03-30T16:48:24","modified_gmt":"2014-03-30T16:48:24","slug":"proyectos-camino-historia-monumento-reconquista-adriana-piastrellini-y-equipo","status":"publish","type":"post","link":"https:\/\/www.arquimaster.com.ar\/web\/proyectos-camino-historia-monumento-reconquista-adriana-piastrellini-y-equipo\/","title":{"rendered":"Proyectos Camino de la historia y Monumento de entrada a la ciudad de Reconquista \/ Adriana Piastrellini y equipo"},"content":{"rendered":"<div style=\"margin-top: 0px; margin-bottom: 0px;\" class=\"sharethis-inline-share-buttons\" ><\/div><div class=\"b812932af2e751442846f039925109de\" data-index=\"1\" style=\"float: none; margin:25px 0 25px 0; text-align:center;\">\n<script async src=\"https:\/\/pagead2.googlesyndication.com\/pagead\/js\/adsbygoogle.js\"><\/script>\r\n<!-- Arquimaster (superior) -->\r\n<ins class=\"adsbygoogle\"\r\n     style=\"display:block\"\r\n     data-ad-client=\"ca-pub-6351072698456832\"\r\n     data-ad-slot=\"6455489680\"\r\n     data-ad-format=\"auto\"\r\n     data-full-width-responsive=\"true\"><\/ins>\r\n<script>\r\n     (adsbygoogle = window.adsbygoogle || []).push({});\r\n<\/script>\n<\/div>\n<p>El Proyecto <strong>Esculturas de viento\/Guardianes del parque<\/strong> (Reconquista, Pcia. de Santa Fe, Argentina) por los arquitectos <strong>Adriana Piastrellini, Josefina Marconi<\/strong> y equipo <em>(ver ficha tecnica)<\/em> obtuvo el <strong>1\u00ba Premio<\/strong> en el <strong>Concurso Camino de la Historia <\/strong>en el marco de los Proyectos Culturales 2013 convocados por la Municipalidad de Reconquista. El mismo propone enmarcar los accesos a la ciudad dentro de un Parque Urbano Sustentable. A su vez, el proyecto <strong>R, Portales Reconquista<\/strong> obtuvo el <strong>2\u00ba Premio<\/strong> en el<strong> Concurso Monumento de entrada a la ciudad de Reconquista<\/strong>.<\/p>\n<div id='gallery-1' class='gallery galleryid-4047 gallery-columns-3 gallery-size-thumbnail'><figure class='gallery-item'>\n\t\t\t<div class='gallery-icon landscape'>\n\t\t\t\t<a href='https:\/\/www.arquimaster.com.ar\/web\/wp-content\/uploads\/2014\/03\/proyecto_reconquista1.jpg' title=\"Proyectos Camino de la historia y Monumento de entrada a la ciudad de Reconquista (vista pergolas)\" data-rl_title=\"Proyectos Camino de la historia y Monumento de entrada a la ciudad de Reconquista (vista pergolas)\" class=\"rl-gallery-link\" data-rl_caption=\"Proyectos Camino de la historia y Monumento de entrada a la ciudad de Reconquista (vista pergolas)\" data-rel=\"lightbox-gallery-1\"><img loading=\"lazy\" decoding=\"async\" width=\"150\" height=\"150\" src=\"https:\/\/www.arquimaster.com.ar\/web\/wp-content\/uploads\/2014\/03\/proyecto_reconquista1-150x150.jpg\" class=\"attachment-thumbnail size-thumbnail\" alt=\"\" aria-describedby=\"gallery-1-4049\" srcset=\"https:\/\/www.arquimaster.com.ar\/web\/wp-content\/uploads\/2014\/03\/proyecto_reconquista1-150x150.jpg 150w, https:\/\/www.arquimaster.com.ar\/web\/wp-content\/uploads\/2014\/03\/proyecto_reconquista1-50x50.jpg 50w, https:\/\/www.arquimaster.com.ar\/web\/wp-content\/uploads\/2014\/03\/proyecto_reconquista1-125x125.jpg 125w\" sizes=\"auto, (max-width: 150px) 100vw, 150px\" \/><\/a>\n\t\t\t<\/div>\n\t\t\t\t<figcaption class='wp-caption-text gallery-caption' id='gallery-1-4049'>\n\t\t\t\tProyectos Camino de la historia y Monumento de entrada a la ciudad de Reconquista (vista pergolas)\n\t\t\t\t<\/figcaption><\/figure><figure class='gallery-item'>\n\t\t\t<div class='gallery-icon landscape'>\n\t\t\t\t<a href='https:\/\/www.arquimaster.com.ar\/web\/wp-content\/uploads\/2014\/03\/proyecto_reconquista2.jpg' title=\"Proyectos Camino de la historia y Monumento de entrada a la ciudad de Reconquista (vista torretas)\" data-rl_title=\"Proyectos Camino de la historia y Monumento de entrada a la ciudad de Reconquista (vista torretas)\" class=\"rl-gallery-link\" data-rl_caption=\"Proyectos Camino de la historia y Monumento de entrada a la ciudad de Reconquista (vista torretas)\" data-rel=\"lightbox-gallery-1\"><img loading=\"lazy\" decoding=\"async\" width=\"150\" height=\"150\" src=\"https:\/\/www.arquimaster.com.ar\/web\/wp-content\/uploads\/2014\/03\/proyecto_reconquista2-150x150.jpg\" class=\"attachment-thumbnail size-thumbnail\" alt=\"\" aria-describedby=\"gallery-1-4050\" srcset=\"https:\/\/www.arquimaster.com.ar\/web\/wp-content\/uploads\/2014\/03\/proyecto_reconquista2-150x150.jpg 150w, https:\/\/www.arquimaster.com.ar\/web\/wp-content\/uploads\/2014\/03\/proyecto_reconquista2-50x50.jpg 50w, https:\/\/www.arquimaster.com.ar\/web\/wp-content\/uploads\/2014\/03\/proyecto_reconquista2-125x125.jpg 125w\" sizes=\"auto, (max-width: 150px) 100vw, 150px\" \/><\/a>\n\t\t\t<\/div>\n\t\t\t\t<figcaption class='wp-caption-text gallery-caption' id='gallery-1-4050'>\n\t\t\t\tProyectos Camino de la historia y Monumento de entrada a la ciudad de Reconquista (vista torretas)\n\t\t\t\t<\/figcaption><\/figure><figure class='gallery-item'>\n\t\t\t<div class='gallery-icon landscape'>\n\t\t\t\t<a href='https:\/\/www.arquimaster.com.ar\/web\/wp-content\/uploads\/2014\/03\/proyecto_reconquista3.jpg' title=\"Proyectos Camino de la historia y Monumento de entrada a la ciudad de Reconquista (vista pergolas)\" data-rl_title=\"Proyectos Camino de la historia y Monumento de entrada a la ciudad de Reconquista (vista pergolas)\" class=\"rl-gallery-link\" data-rl_caption=\"Proyectos Camino de la historia y Monumento de entrada a la ciudad de Reconquista (vista pergolas)\" data-rel=\"lightbox-gallery-1\"><img loading=\"lazy\" decoding=\"async\" width=\"150\" height=\"150\" src=\"https:\/\/www.arquimaster.com.ar\/web\/wp-content\/uploads\/2014\/03\/proyecto_reconquista3-150x150.jpg\" class=\"attachment-thumbnail size-thumbnail\" alt=\"\" aria-describedby=\"gallery-1-4051\" srcset=\"https:\/\/www.arquimaster.com.ar\/web\/wp-content\/uploads\/2014\/03\/proyecto_reconquista3-150x150.jpg 150w, https:\/\/www.arquimaster.com.ar\/web\/wp-content\/uploads\/2014\/03\/proyecto_reconquista3-50x50.jpg 50w, https:\/\/www.arquimaster.com.ar\/web\/wp-content\/uploads\/2014\/03\/proyecto_reconquista3-125x125.jpg 125w\" sizes=\"auto, (max-width: 150px) 100vw, 150px\" \/><\/a>\n\t\t\t<\/div>\n\t\t\t\t<figcaption class='wp-caption-text gallery-caption' id='gallery-1-4051'>\n\t\t\t\tProyectos Camino de la historia y Monumento de entrada a la ciudad de Reconquista (vista pergolas)\n\t\t\t\t<\/figcaption><\/figure><figure class='gallery-item'>\n\t\t\t<div class='gallery-icon landscape'>\n\t\t\t\t<a href='https:\/\/www.arquimaster.com.ar\/web\/wp-content\/uploads\/2014\/03\/proyecto_reconquista4.jpg' title=\"Proyectos Camino de la historia y Monumento de entrada a la ciudad de Reconquista (vista pergolas)\" data-rl_title=\"Proyectos Camino de la historia y Monumento de entrada a la ciudad de Reconquista (vista pergolas)\" class=\"rl-gallery-link\" data-rl_caption=\"Proyectos Camino de la historia y Monumento de entrada a la ciudad de Reconquista (vista pergolas)\" data-rel=\"lightbox-gallery-1\"><img loading=\"lazy\" decoding=\"async\" width=\"150\" height=\"150\" src=\"https:\/\/www.arquimaster.com.ar\/web\/wp-content\/uploads\/2014\/03\/proyecto_reconquista4-150x150.jpg\" class=\"attachment-thumbnail size-thumbnail\" alt=\"\" aria-describedby=\"gallery-1-4052\" srcset=\"https:\/\/www.arquimaster.com.ar\/web\/wp-content\/uploads\/2014\/03\/proyecto_reconquista4-150x150.jpg 150w, https:\/\/www.arquimaster.com.ar\/web\/wp-content\/uploads\/2014\/03\/proyecto_reconquista4-50x50.jpg 50w, https:\/\/www.arquimaster.com.ar\/web\/wp-content\/uploads\/2014\/03\/proyecto_reconquista4-125x125.jpg 125w\" sizes=\"auto, (max-width: 150px) 100vw, 150px\" \/><\/a>\n\t\t\t<\/div>\n\t\t\t\t<figcaption class='wp-caption-text gallery-caption' id='gallery-1-4052'>\n\t\t\t\tProyectos Camino de la historia y Monumento de entrada a la ciudad de Reconquista (vista pergolas)\n\t\t\t\t<\/figcaption><\/figure><figure class='gallery-item'>\n\t\t\t<div class='gallery-icon landscape'>\n\t\t\t\t<a href='https:\/\/www.arquimaster.com.ar\/web\/wp-content\/uploads\/2014\/03\/proyecto_reconquista5.jpg' title=\"Proyectos Camino de la historia y Monumento de entrada a la ciudad de Reconquista (acceso auditorio)\" data-rl_title=\"Proyectos Camino de la historia y Monumento de entrada a la ciudad de Reconquista (acceso auditorio)\" class=\"rl-gallery-link\" data-rl_caption=\"Proyectos Camino de la historia y Monumento de entrada a la ciudad de Reconquista (acceso auditorio)\" data-rel=\"lightbox-gallery-1\"><img loading=\"lazy\" decoding=\"async\" width=\"150\" height=\"150\" src=\"https:\/\/www.arquimaster.com.ar\/web\/wp-content\/uploads\/2014\/03\/proyecto_reconquista5-150x150.jpg\" class=\"attachment-thumbnail size-thumbnail\" alt=\"\" aria-describedby=\"gallery-1-4053\" srcset=\"https:\/\/www.arquimaster.com.ar\/web\/wp-content\/uploads\/2014\/03\/proyecto_reconquista5-150x150.jpg 150w, https:\/\/www.arquimaster.com.ar\/web\/wp-content\/uploads\/2014\/03\/proyecto_reconquista5-50x50.jpg 50w, https:\/\/www.arquimaster.com.ar\/web\/wp-content\/uploads\/2014\/03\/proyecto_reconquista5-125x125.jpg 125w\" sizes=\"auto, (max-width: 150px) 100vw, 150px\" \/><\/a>\n\t\t\t<\/div>\n\t\t\t\t<figcaption class='wp-caption-text gallery-caption' id='gallery-1-4053'>\n\t\t\t\tProyectos Camino de la historia y Monumento de entrada a la ciudad de Reconquista (acceso auditorio)\n\t\t\t\t<\/figcaption><\/figure><figure class='gallery-item'>\n\t\t\t<div class='gallery-icon landscape'>\n\t\t\t\t<a href='https:\/\/www.arquimaster.com.ar\/web\/wp-content\/uploads\/2014\/03\/proyecto_reconquista6.jpg' title=\"Proyectos Camino de la historia y Monumento de entrada a la ciudad de Reconquista (acceso plaza)\" data-rl_title=\"Proyectos Camino de la historia y Monumento de entrada a la ciudad de Reconquista (acceso plaza)\" class=\"rl-gallery-link\" data-rl_caption=\"Proyectos Camino de la historia y Monumento de entrada a la ciudad de Reconquista (acceso plaza)\" data-rel=\"lightbox-gallery-1\"><img loading=\"lazy\" decoding=\"async\" width=\"150\" height=\"150\" src=\"https:\/\/www.arquimaster.com.ar\/web\/wp-content\/uploads\/2014\/03\/proyecto_reconquista6-150x150.jpg\" class=\"attachment-thumbnail size-thumbnail\" alt=\"\" aria-describedby=\"gallery-1-4054\" srcset=\"https:\/\/www.arquimaster.com.ar\/web\/wp-content\/uploads\/2014\/03\/proyecto_reconquista6-150x150.jpg 150w, https:\/\/www.arquimaster.com.ar\/web\/wp-content\/uploads\/2014\/03\/proyecto_reconquista6-50x50.jpg 50w, https:\/\/www.arquimaster.com.ar\/web\/wp-content\/uploads\/2014\/03\/proyecto_reconquista6-125x125.jpg 125w\" sizes=\"auto, (max-width: 150px) 100vw, 150px\" \/><\/a>\n\t\t\t<\/div>\n\t\t\t\t<figcaption class='wp-caption-text gallery-caption' id='gallery-1-4054'>\n\t\t\t\tProyectos Camino de la historia y Monumento de entrada a la ciudad de Reconquista (acceso plaza)\n\t\t\t\t<\/figcaption><\/figure><figure class='gallery-item'>\n\t\t\t<div class='gallery-icon landscape'>\n\t\t\t\t<a href='https:\/\/www.arquimaster.com.ar\/web\/wp-content\/uploads\/2014\/03\/proyecto_reconquista21.jpg' title=\"Proyectos Camino de la historia y Monumento de entrada a la ciudad de Reconquista (vista pergolas)\" data-rl_title=\"Proyectos Camino de la historia y Monumento de entrada a la ciudad de Reconquista (vista pergolas)\" class=\"rl-gallery-link\" data-rl_caption=\"Proyectos Camino de la historia y Monumento de entrada a la ciudad de Reconquista (vista pergolas)\" data-rel=\"lightbox-gallery-1\"><img loading=\"lazy\" decoding=\"async\" width=\"150\" height=\"150\" src=\"https:\/\/www.arquimaster.com.ar\/web\/wp-content\/uploads\/2014\/03\/proyecto_reconquista21-150x150.jpg\" class=\"attachment-thumbnail size-thumbnail\" alt=\"\" aria-describedby=\"gallery-1-4069\" srcset=\"https:\/\/www.arquimaster.com.ar\/web\/wp-content\/uploads\/2014\/03\/proyecto_reconquista21-150x150.jpg 150w, https:\/\/www.arquimaster.com.ar\/web\/wp-content\/uploads\/2014\/03\/proyecto_reconquista21-50x50.jpg 50w, https:\/\/www.arquimaster.com.ar\/web\/wp-content\/uploads\/2014\/03\/proyecto_reconquista21-125x125.jpg 125w\" sizes=\"auto, (max-width: 150px) 100vw, 150px\" \/><\/a>\n\t\t\t<\/div>\n\t\t\t\t<figcaption class='wp-caption-text gallery-caption' id='gallery-1-4069'>\n\t\t\t\tProyectos Camino de la historia y Monumento de entrada a la ciudad de Reconquista (vista pergolas)\n\t\t\t\t<\/figcaption><\/figure><figure class='gallery-item'>\n\t\t\t<div class='gallery-icon landscape'>\n\t\t\t\t<a href='https:\/\/www.arquimaster.com.ar\/web\/wp-content\/uploads\/2014\/03\/proyecto_reconquista7.jpg' title=\"Proyectos Camino de la historia y Monumento de entrada a la ciudad de Reconquista (planta de conjunto)\" data-rl_title=\"Proyectos Camino de la historia y Monumento de entrada a la ciudad de Reconquista (planta de conjunto)\" class=\"rl-gallery-link\" data-rl_caption=\"Proyectos Camino de la historia y Monumento de entrada a la ciudad de Reconquista (planta de conjunto)\" data-rel=\"lightbox-gallery-1\"><img loading=\"lazy\" decoding=\"async\" width=\"150\" height=\"150\" src=\"https:\/\/www.arquimaster.com.ar\/web\/wp-content\/uploads\/2014\/03\/proyecto_reconquista7-150x150.jpg\" class=\"attachment-thumbnail size-thumbnail\" alt=\"\" aria-describedby=\"gallery-1-4055\" srcset=\"https:\/\/www.arquimaster.com.ar\/web\/wp-content\/uploads\/2014\/03\/proyecto_reconquista7-150x150.jpg 150w, https:\/\/www.arquimaster.com.ar\/web\/wp-content\/uploads\/2014\/03\/proyecto_reconquista7-50x50.jpg 50w, https:\/\/www.arquimaster.com.ar\/web\/wp-content\/uploads\/2014\/03\/proyecto_reconquista7-125x125.jpg 125w\" sizes=\"auto, (max-width: 150px) 100vw, 150px\" \/><\/a>\n\t\t\t<\/div>\n\t\t\t\t<figcaption class='wp-caption-text gallery-caption' id='gallery-1-4055'>\n\t\t\t\tProyectos Camino de la historia y Monumento de entrada a la ciudad de Reconquista (planta de conjunto)\n\t\t\t\t<\/figcaption><\/figure><figure class='gallery-item'>\n\t\t\t<div class='gallery-icon landscape'>\n\t\t\t\t<a href='https:\/\/www.arquimaster.com.ar\/web\/wp-content\/uploads\/2014\/03\/proyecto_reconquista8.jpg' title=\"Proyectos Camino de la historia y Monumento de entrada a la ciudad de Reconquista (planta de conjunto)\" data-rl_title=\"Proyectos Camino de la historia y Monumento de entrada a la ciudad de Reconquista (planta de conjunto)\" class=\"rl-gallery-link\" data-rl_caption=\"Proyectos Camino de la historia y Monumento de entrada a la ciudad de Reconquista (planta de conjunto)\" data-rel=\"lightbox-gallery-1\"><img loading=\"lazy\" decoding=\"async\" width=\"150\" height=\"150\" src=\"https:\/\/www.arquimaster.com.ar\/web\/wp-content\/uploads\/2014\/03\/proyecto_reconquista8-150x150.jpg\" class=\"attachment-thumbnail size-thumbnail\" alt=\"\" aria-describedby=\"gallery-1-4056\" srcset=\"https:\/\/www.arquimaster.com.ar\/web\/wp-content\/uploads\/2014\/03\/proyecto_reconquista8-150x150.jpg 150w, https:\/\/www.arquimaster.com.ar\/web\/wp-content\/uploads\/2014\/03\/proyecto_reconquista8-50x50.jpg 50w, https:\/\/www.arquimaster.com.ar\/web\/wp-content\/uploads\/2014\/03\/proyecto_reconquista8-125x125.jpg 125w\" sizes=\"auto, (max-width: 150px) 100vw, 150px\" \/><\/a>\n\t\t\t<\/div>\n\t\t\t\t<figcaption class='wp-caption-text gallery-caption' id='gallery-1-4056'>\n\t\t\t\tProyectos Camino de la historia y Monumento de entrada a la ciudad de Reconquista (planta de conjunto)\n\t\t\t\t<\/figcaption><\/figure><figure class='gallery-item'>\n\t\t\t<div class='gallery-icon landscape'>\n\t\t\t\t<a href='https:\/\/www.arquimaster.com.ar\/web\/wp-content\/uploads\/2014\/03\/proyecto_reconquista9.jpg' title=\"Proyectos Camino de la historia y Monumento de entrada a la ciudad de Reconquista (planta propuesta arboles)\" data-rl_title=\"Proyectos Camino de la historia y Monumento de entrada a la ciudad de Reconquista (planta propuesta arboles)\" class=\"rl-gallery-link\" data-rl_caption=\"Proyectos Camino de la historia y Monumento de entrada a la ciudad de Reconquista (planta propuesta arboles)\" data-rel=\"lightbox-gallery-1\"><img loading=\"lazy\" decoding=\"async\" width=\"150\" height=\"150\" src=\"https:\/\/www.arquimaster.com.ar\/web\/wp-content\/uploads\/2014\/03\/proyecto_reconquista9-150x150.jpg\" class=\"attachment-thumbnail size-thumbnail\" alt=\"\" aria-describedby=\"gallery-1-4057\" srcset=\"https:\/\/www.arquimaster.com.ar\/web\/wp-content\/uploads\/2014\/03\/proyecto_reconquista9-150x150.jpg 150w, https:\/\/www.arquimaster.com.ar\/web\/wp-content\/uploads\/2014\/03\/proyecto_reconquista9-50x50.jpg 50w, https:\/\/www.arquimaster.com.ar\/web\/wp-content\/uploads\/2014\/03\/proyecto_reconquista9-125x125.jpg 125w\" sizes=\"auto, (max-width: 150px) 100vw, 150px\" \/><\/a>\n\t\t\t<\/div>\n\t\t\t\t<figcaption class='wp-caption-text gallery-caption' id='gallery-1-4057'>\n\t\t\t\tProyectos Camino de la historia y Monumento de entrada a la ciudad de Reconquista (planta propuesta arboles)\n\t\t\t\t<\/figcaption><\/figure><figure class='gallery-item'>\n\t\t\t<div class='gallery-icon landscape'>\n\t\t\t\t<a href='https:\/\/www.arquimaster.com.ar\/web\/wp-content\/uploads\/2014\/03\/proyecto_reconquista10.jpg' title=\"Proyectos Camino de la historia y Monumento de entrada a la ciudad de Reconquista (arbolado)\" data-rl_title=\"Proyectos Camino de la historia y Monumento de entrada a la ciudad de Reconquista (arbolado)\" class=\"rl-gallery-link\" data-rl_caption=\"Proyectos Camino de la historia y Monumento de entrada a la ciudad de Reconquista (arbolado)\" data-rel=\"lightbox-gallery-1\"><img loading=\"lazy\" decoding=\"async\" width=\"150\" height=\"150\" src=\"https:\/\/www.arquimaster.com.ar\/web\/wp-content\/uploads\/2014\/03\/proyecto_reconquista10-150x150.jpg\" class=\"attachment-thumbnail size-thumbnail\" alt=\"\" aria-describedby=\"gallery-1-4058\" srcset=\"https:\/\/www.arquimaster.com.ar\/web\/wp-content\/uploads\/2014\/03\/proyecto_reconquista10-150x150.jpg 150w, https:\/\/www.arquimaster.com.ar\/web\/wp-content\/uploads\/2014\/03\/proyecto_reconquista10-50x50.jpg 50w, https:\/\/www.arquimaster.com.ar\/web\/wp-content\/uploads\/2014\/03\/proyecto_reconquista10-125x125.jpg 125w\" sizes=\"auto, (max-width: 150px) 100vw, 150px\" \/><\/a>\n\t\t\t<\/div>\n\t\t\t\t<figcaption class='wp-caption-text gallery-caption' id='gallery-1-4058'>\n\t\t\t\tProyectos Camino de la historia y Monumento de entrada a la ciudad de Reconquista (arbolado)\n\t\t\t\t<\/figcaption><\/figure><figure class='gallery-item'>\n\t\t\t<div class='gallery-icon landscape'>\n\t\t\t\t<a href='https:\/\/www.arquimaster.com.ar\/web\/wp-content\/uploads\/2014\/03\/proyecto_reconquista11.jpg' title=\"Proyectos Camino de la historia y Monumento de entrada a la ciudad de Reconquista (croquis de concepto)\" data-rl_title=\"Proyectos Camino de la historia y Monumento de entrada a la ciudad de Reconquista (croquis de concepto)\" class=\"rl-gallery-link\" data-rl_caption=\"Proyectos Camino de la historia y Monumento de entrada a la ciudad de Reconquista (croquis de concepto)\" data-rel=\"lightbox-gallery-1\"><img loading=\"lazy\" decoding=\"async\" width=\"150\" height=\"150\" src=\"https:\/\/www.arquimaster.com.ar\/web\/wp-content\/uploads\/2014\/03\/proyecto_reconquista11-150x150.jpg\" class=\"attachment-thumbnail size-thumbnail\" alt=\"\" aria-describedby=\"gallery-1-4059\" srcset=\"https:\/\/www.arquimaster.com.ar\/web\/wp-content\/uploads\/2014\/03\/proyecto_reconquista11-150x150.jpg 150w, https:\/\/www.arquimaster.com.ar\/web\/wp-content\/uploads\/2014\/03\/proyecto_reconquista11-50x50.jpg 50w, https:\/\/www.arquimaster.com.ar\/web\/wp-content\/uploads\/2014\/03\/proyecto_reconquista11-125x125.jpg 125w\" sizes=\"auto, (max-width: 150px) 100vw, 150px\" \/><\/a>\n\t\t\t<\/div>\n\t\t\t\t<figcaption class='wp-caption-text gallery-caption' id='gallery-1-4059'>\n\t\t\t\tProyectos Camino de la historia y Monumento de entrada a la ciudad de Reconquista (croquis de concepto)\n\t\t\t\t<\/figcaption><\/figure><figure class='gallery-item'>\n\t\t\t<div class='gallery-icon landscape'>\n\t\t\t\t<a href='https:\/\/www.arquimaster.com.ar\/web\/wp-content\/uploads\/2014\/03\/proyecto_reconquista12.jpg' title=\"Proyectos Camino de la historia y Monumento de entrada a la ciudad de Reconquista (croquis de concepto)\" data-rl_title=\"Proyectos Camino de la historia y Monumento de entrada a la ciudad de Reconquista (croquis de concepto)\" class=\"rl-gallery-link\" data-rl_caption=\"Proyectos Camino de la historia y Monumento de entrada a la ciudad de Reconquista (croquis de concepto)\" data-rel=\"lightbox-gallery-1\"><img loading=\"lazy\" decoding=\"async\" width=\"150\" height=\"150\" src=\"https:\/\/www.arquimaster.com.ar\/web\/wp-content\/uploads\/2014\/03\/proyecto_reconquista12-150x150.jpg\" class=\"attachment-thumbnail size-thumbnail\" alt=\"\" aria-describedby=\"gallery-1-4060\" srcset=\"https:\/\/www.arquimaster.com.ar\/web\/wp-content\/uploads\/2014\/03\/proyecto_reconquista12-150x150.jpg 150w, https:\/\/www.arquimaster.com.ar\/web\/wp-content\/uploads\/2014\/03\/proyecto_reconquista12-50x50.jpg 50w, https:\/\/www.arquimaster.com.ar\/web\/wp-content\/uploads\/2014\/03\/proyecto_reconquista12-125x125.jpg 125w\" sizes=\"auto, (max-width: 150px) 100vw, 150px\" \/><\/a>\n\t\t\t<\/div>\n\t\t\t\t<figcaption class='wp-caption-text gallery-caption' id='gallery-1-4060'>\n\t\t\t\tProyectos Camino de la historia y Monumento de entrada a la ciudad de Reconquista (croquis de concepto)\n\t\t\t\t<\/figcaption><\/figure><figure class='gallery-item'>\n\t\t\t<div class='gallery-icon landscape'>\n\t\t\t\t<a href='https:\/\/www.arquimaster.com.ar\/web\/wp-content\/uploads\/2014\/03\/proyecto_reconquista13.jpg' title=\"Proyecto Camino de la historia: Esculturas de viento\/Guardianes del parque\" data-rl_title=\"Proyecto Camino de la historia: Esculturas de viento\/Guardianes del parque\" class=\"rl-gallery-link\" data-rl_caption=\"Proyecto Camino de la historia: Esculturas de viento\/Guardianes del parque\" data-rel=\"lightbox-gallery-1\"><img loading=\"lazy\" decoding=\"async\" width=\"150\" height=\"150\" src=\"https:\/\/www.arquimaster.com.ar\/web\/wp-content\/uploads\/2014\/03\/proyecto_reconquista13-150x150.jpg\" class=\"attachment-thumbnail size-thumbnail\" alt=\"\" aria-describedby=\"gallery-1-4061\" srcset=\"https:\/\/www.arquimaster.com.ar\/web\/wp-content\/uploads\/2014\/03\/proyecto_reconquista13-150x150.jpg 150w, https:\/\/www.arquimaster.com.ar\/web\/wp-content\/uploads\/2014\/03\/proyecto_reconquista13-50x50.jpg 50w, https:\/\/www.arquimaster.com.ar\/web\/wp-content\/uploads\/2014\/03\/proyecto_reconquista13-125x125.jpg 125w\" sizes=\"auto, (max-width: 150px) 100vw, 150px\" \/><\/a>\n\t\t\t<\/div>\n\t\t\t\t<figcaption class='wp-caption-text gallery-caption' id='gallery-1-4061'>\n\t\t\t\tProyecto Camino de la historia: Esculturas de viento\/Guardianes del parque\n\t\t\t\t<\/figcaption><\/figure><figure class='gallery-item'>\n\t\t\t<div class='gallery-icon landscape'>\n\t\t\t\t<a href='https:\/\/www.arquimaster.com.ar\/web\/wp-content\/uploads\/2014\/03\/proyecto_reconquista14.jpg' title=\"Proyecto Camino de la historia: Esculturas de viento\/Guardianes del parque\" data-rl_title=\"Proyecto Camino de la historia: Esculturas de viento\/Guardianes del parque\" class=\"rl-gallery-link\" data-rl_caption=\"Proyecto Camino de la historia: Esculturas de viento\/Guardianes del parque\" data-rel=\"lightbox-gallery-1\"><img loading=\"lazy\" decoding=\"async\" width=\"150\" height=\"150\" src=\"https:\/\/www.arquimaster.com.ar\/web\/wp-content\/uploads\/2014\/03\/proyecto_reconquista14-150x150.jpg\" class=\"attachment-thumbnail size-thumbnail\" alt=\"\" aria-describedby=\"gallery-1-4062\" srcset=\"https:\/\/www.arquimaster.com.ar\/web\/wp-content\/uploads\/2014\/03\/proyecto_reconquista14-150x150.jpg 150w, https:\/\/www.arquimaster.com.ar\/web\/wp-content\/uploads\/2014\/03\/proyecto_reconquista14-50x50.jpg 50w, https:\/\/www.arquimaster.com.ar\/web\/wp-content\/uploads\/2014\/03\/proyecto_reconquista14-125x125.jpg 125w\" sizes=\"auto, (max-width: 150px) 100vw, 150px\" \/><\/a>\n\t\t\t<\/div>\n\t\t\t\t<figcaption class='wp-caption-text gallery-caption' id='gallery-1-4062'>\n\t\t\t\tProyecto Camino de la historia: Esculturas de viento\/Guardianes del parque\n\t\t\t\t<\/figcaption><\/figure><figure class='gallery-item'>\n\t\t\t<div class='gallery-icon landscape'>\n\t\t\t\t<a href='https:\/\/www.arquimaster.com.ar\/web\/wp-content\/uploads\/2014\/03\/proyecto_reconquista15.jpg' title=\"Proyecto Camino de la historia: Esculturas de viento\/Guardianes del parque\" data-rl_title=\"Proyecto Camino de la historia: Esculturas de viento\/Guardianes del parque\" class=\"rl-gallery-link\" data-rl_caption=\"Proyecto Camino de la historia: Esculturas de viento\/Guardianes del parque\" data-rel=\"lightbox-gallery-1\"><img loading=\"lazy\" decoding=\"async\" width=\"150\" height=\"150\" src=\"https:\/\/www.arquimaster.com.ar\/web\/wp-content\/uploads\/2014\/03\/proyecto_reconquista15-150x150.jpg\" class=\"attachment-thumbnail size-thumbnail\" alt=\"\" aria-describedby=\"gallery-1-4063\" srcset=\"https:\/\/www.arquimaster.com.ar\/web\/wp-content\/uploads\/2014\/03\/proyecto_reconquista15-150x150.jpg 150w, https:\/\/www.arquimaster.com.ar\/web\/wp-content\/uploads\/2014\/03\/proyecto_reconquista15-50x50.jpg 50w, https:\/\/www.arquimaster.com.ar\/web\/wp-content\/uploads\/2014\/03\/proyecto_reconquista15-125x125.jpg 125w\" sizes=\"auto, (max-width: 150px) 100vw, 150px\" \/><\/a>\n\t\t\t<\/div>\n\t\t\t\t<figcaption class='wp-caption-text gallery-caption' id='gallery-1-4063'>\n\t\t\t\tProyecto Camino de la historia: Esculturas de viento\/Guardianes del parque\n\t\t\t\t<\/figcaption><\/figure><figure class='gallery-item'>\n\t\t\t<div class='gallery-icon landscape'>\n\t\t\t\t<a href='https:\/\/www.arquimaster.com.ar\/web\/wp-content\/uploads\/2014\/03\/proyecto_reconquista16.jpg' title=\"Proyecto Camino de la historia: Esculturas de viento\/Guardianes del parque\" data-rl_title=\"Proyecto Camino de la historia: Esculturas de viento\/Guardianes del parque\" class=\"rl-gallery-link\" data-rl_caption=\"Proyecto Camino de la historia: Esculturas de viento\/Guardianes del parque\" data-rel=\"lightbox-gallery-1\"><img loading=\"lazy\" decoding=\"async\" width=\"150\" height=\"150\" src=\"https:\/\/www.arquimaster.com.ar\/web\/wp-content\/uploads\/2014\/03\/proyecto_reconquista16-150x150.jpg\" class=\"attachment-thumbnail size-thumbnail\" alt=\"\" aria-describedby=\"gallery-1-4064\" srcset=\"https:\/\/www.arquimaster.com.ar\/web\/wp-content\/uploads\/2014\/03\/proyecto_reconquista16-150x150.jpg 150w, https:\/\/www.arquimaster.com.ar\/web\/wp-content\/uploads\/2014\/03\/proyecto_reconquista16-50x50.jpg 50w, https:\/\/www.arquimaster.com.ar\/web\/wp-content\/uploads\/2014\/03\/proyecto_reconquista16-125x125.jpg 125w\" sizes=\"auto, (max-width: 150px) 100vw, 150px\" \/><\/a>\n\t\t\t<\/div>\n\t\t\t\t<figcaption class='wp-caption-text gallery-caption' id='gallery-1-4064'>\n\t\t\t\tProyecto Camino de la historia: Esculturas de viento\/Guardianes del parque\n\t\t\t\t<\/figcaption><\/figure><figure class='gallery-item'>\n\t\t\t<div class='gallery-icon landscape'>\n\t\t\t\t<a href='https:\/\/www.arquimaster.com.ar\/web\/wp-content\/uploads\/2014\/03\/proyecto_reconquista17.jpg' title=\"Proyectos Monumento de entrada a la ciudad de Reconquista: R, Portales Reconquista\" data-rl_title=\"Proyectos Monumento de entrada a la ciudad de Reconquista: R, Portales Reconquista\" class=\"rl-gallery-link\" data-rl_caption=\"Proyectos Monumento de entrada a la ciudad de Reconquista: R, Portales Reconquista\" data-rel=\"lightbox-gallery-1\"><img loading=\"lazy\" decoding=\"async\" width=\"150\" height=\"150\" src=\"https:\/\/www.arquimaster.com.ar\/web\/wp-content\/uploads\/2014\/03\/proyecto_reconquista17-150x150.jpg\" class=\"attachment-thumbnail size-thumbnail\" alt=\"\" aria-describedby=\"gallery-1-4065\" srcset=\"https:\/\/www.arquimaster.com.ar\/web\/wp-content\/uploads\/2014\/03\/proyecto_reconquista17-150x150.jpg 150w, https:\/\/www.arquimaster.com.ar\/web\/wp-content\/uploads\/2014\/03\/proyecto_reconquista17-50x50.jpg 50w, https:\/\/www.arquimaster.com.ar\/web\/wp-content\/uploads\/2014\/03\/proyecto_reconquista17-125x125.jpg 125w\" sizes=\"auto, (max-width: 150px) 100vw, 150px\" \/><\/a>\n\t\t\t<\/div>\n\t\t\t\t<figcaption class='wp-caption-text gallery-caption' id='gallery-1-4065'>\n\t\t\t\tProyectos Monumento de entrada a la ciudad de Reconquista: R, Portales Reconquista\n\t\t\t\t<\/figcaption><\/figure><figure class='gallery-item'>\n\t\t\t<div class='gallery-icon landscape'>\n\t\t\t\t<a href='https:\/\/www.arquimaster.com.ar\/web\/wp-content\/uploads\/2014\/03\/proyecto_reconquista18.jpg' title=\"Proyectos Monumento de entrada a la ciudad de Reconquista: R, Portales Reconquista\" data-rl_title=\"Proyectos Monumento de entrada a la ciudad de Reconquista: R, Portales Reconquista\" class=\"rl-gallery-link\" data-rl_caption=\"Proyectos Monumento de entrada a la ciudad de Reconquista: R, Portales Reconquista\" data-rel=\"lightbox-gallery-1\"><img loading=\"lazy\" decoding=\"async\" width=\"150\" height=\"150\" src=\"https:\/\/www.arquimaster.com.ar\/web\/wp-content\/uploads\/2014\/03\/proyecto_reconquista18-150x150.jpg\" class=\"attachment-thumbnail size-thumbnail\" alt=\"\" aria-describedby=\"gallery-1-4066\" srcset=\"https:\/\/www.arquimaster.com.ar\/web\/wp-content\/uploads\/2014\/03\/proyecto_reconquista18-150x150.jpg 150w, https:\/\/www.arquimaster.com.ar\/web\/wp-content\/uploads\/2014\/03\/proyecto_reconquista18-50x50.jpg 50w, https:\/\/www.arquimaster.com.ar\/web\/wp-content\/uploads\/2014\/03\/proyecto_reconquista18-125x125.jpg 125w\" sizes=\"auto, (max-width: 150px) 100vw, 150px\" \/><\/a>\n\t\t\t<\/div>\n\t\t\t\t<figcaption class='wp-caption-text gallery-caption' id='gallery-1-4066'>\n\t\t\t\tProyectos Monumento de entrada a la ciudad de Reconquista: R, Portales Reconquista\n\t\t\t\t<\/figcaption><\/figure><figure class='gallery-item'>\n\t\t\t<div class='gallery-icon landscape'>\n\t\t\t\t<a href='https:\/\/www.arquimaster.com.ar\/web\/wp-content\/uploads\/2014\/03\/proyecto_reconquista19.jpg' title=\"Proyectos Monumento de entrada a la ciudad de Reconquista: R, Portales Reconquista\" data-rl_title=\"Proyectos Monumento de entrada a la ciudad de Reconquista: R, Portales Reconquista\" class=\"rl-gallery-link\" data-rl_caption=\"Proyectos Monumento de entrada a la ciudad de Reconquista: R, Portales Reconquista\" data-rel=\"lightbox-gallery-1\"><img loading=\"lazy\" decoding=\"async\" width=\"150\" height=\"150\" src=\"https:\/\/www.arquimaster.com.ar\/web\/wp-content\/uploads\/2014\/03\/proyecto_reconquista19-150x150.jpg\" class=\"attachment-thumbnail size-thumbnail\" alt=\"\" aria-describedby=\"gallery-1-4067\" srcset=\"https:\/\/www.arquimaster.com.ar\/web\/wp-content\/uploads\/2014\/03\/proyecto_reconquista19-150x150.jpg 150w, https:\/\/www.arquimaster.com.ar\/web\/wp-content\/uploads\/2014\/03\/proyecto_reconquista19-50x50.jpg 50w, https:\/\/www.arquimaster.com.ar\/web\/wp-content\/uploads\/2014\/03\/proyecto_reconquista19-125x125.jpg 125w\" sizes=\"auto, (max-width: 150px) 100vw, 150px\" \/><\/a>\n\t\t\t<\/div>\n\t\t\t\t<figcaption class='wp-caption-text gallery-caption' id='gallery-1-4067'>\n\t\t\t\tProyectos Monumento de entrada a la ciudad de Reconquista: R, Portales Reconquista\n\t\t\t\t<\/figcaption><\/figure><figure class='gallery-item'>\n\t\t\t<div class='gallery-icon landscape'>\n\t\t\t\t<a href='https:\/\/www.arquimaster.com.ar\/web\/wp-content\/uploads\/2014\/03\/proyecto_reconquista20.jpg' title=\"Proyectos Monumento de entrada a la ciudad de Reconquista: R, Portales Reconquista\" data-rl_title=\"Proyectos Monumento de entrada a la ciudad de Reconquista: R, Portales Reconquista\" class=\"rl-gallery-link\" data-rl_caption=\"Proyectos Monumento de entrada a la ciudad de Reconquista: R, Portales Reconquista\" data-rel=\"lightbox-gallery-1\"><img loading=\"lazy\" decoding=\"async\" width=\"150\" height=\"150\" src=\"https:\/\/www.arquimaster.com.ar\/web\/wp-content\/uploads\/2014\/03\/proyecto_reconquista20-150x150.jpg\" class=\"attachment-thumbnail size-thumbnail\" alt=\"\" aria-describedby=\"gallery-1-4068\" srcset=\"https:\/\/www.arquimaster.com.ar\/web\/wp-content\/uploads\/2014\/03\/proyecto_reconquista20-150x150.jpg 150w, https:\/\/www.arquimaster.com.ar\/web\/wp-content\/uploads\/2014\/03\/proyecto_reconquista20-50x50.jpg 50w, https:\/\/www.arquimaster.com.ar\/web\/wp-content\/uploads\/2014\/03\/proyecto_reconquista20-125x125.jpg 125w\" sizes=\"auto, (max-width: 150px) 100vw, 150px\" \/><\/a>\n\t\t\t<\/div>\n\t\t\t\t<figcaption class='wp-caption-text gallery-caption' id='gallery-1-4068'>\n\t\t\t\tProyectos Monumento de entrada a la ciudad de Reconquista: R, Portales Reconquista\n\t\t\t\t<\/figcaption><\/figure>\n\t\t<\/div>\n\n<p><strong>Proyecto Camino de la Historia<\/strong><br \/>\n<strong>Esculturas de viento\/Guardianes del parque<\/strong><br \/>\n<strong>Parque Urbano Sustentable \u00abLa Estaci\u00f3n\u00bb<\/strong><\/p>\n<p>Para abordar el concurso de referencia ubicado en las manzanas que conforman los predios del Complejo Cultural La Estaci\u00f3n hemos tomado conocimiento del Plan Estrat\u00e9gico de Reconquista donde se define muy bien la voluntad de ejercitar la anticipaci\u00f3n como herramienta de formulaci\u00f3n, implementaci\u00f3n y acci\u00f3n de caminos que pretenden dise\u00f1ar el modelo de sociedad que queremos.<\/p>\n<p>Este Plan Estrat\u00e9gico nos inspir\u00f3 y nos condujo a dar respuesta a las solicitaciones del concurso a trav\u00e9s de una propuesta respetuosa de la historia y que pudi\u00e9ramos expresarla en una versi\u00f3n din\u00e1mica, ofreciendo un dise\u00f1o que contemple el pasado, los nuevos sistemas de comunicaci\u00f3n y la proyecci\u00f3n del futuro sustentable de la ciudad. Fue como surgi\u00f3 la idea de transformar dichos predios en un <strong>Parque Urbano<\/strong>.<\/p>\n<p>Un Parque como <strong>Escultura Sustentable<\/strong> poniendo en valor las especies aut\u00f3ctonas del lugar y su ecosistema. Un parque que constituya una reserva natural para las generaciones presentes y futuras de Reconquista.<\/p>\n<p>All\u00ed se recorta un <strong>Camino<\/strong> definido entre los ejes de las v\u00edas del antiguo ferrocarril que cose los edificaciones patrimoniales existentes y los edificios culturales, como la Casa del Bicentenario, Complejo Cultural la Estaci\u00f3n, Observatorio, Torre de agua, Galpones del Ferrocarril, etc., cuya primera etapa de proyecto se extiende desde El galp\u00f3n de La estaci\u00f3n (prolongaci\u00f3n calle Roca) al este hasta la calle 9 de Julio al oeste, y desde el Boulevard Espa\u00f1a hasta la calle Lovato.<\/p>\n<p>Laberintos y jardines naturales recortan con figuras circulares y ovoides la gran masa arb\u00f3rea conformada por \u00e1rboles de gran porte y frondosas copas: lapachos rosas, amarillos, blancos, ceibos, cuya altura m\u00e1xima se desarrolla entre 20 y 30 metros. Las formas adoptadas responden a s\u00edmbolos significativos en la cultura de ind\u00edgenas calchaqu\u00edes y abipones, para ellos significaban fecundidad y representaban la madre tierra.<\/p>\n<p>Una gran p\u00e9rgola se convierte en elemento escult\u00f3rico protagonista, y en la intersecci\u00f3n con la calle sobre el eje de las v\u00edas su estructura conmemora hitos hist\u00f3ricos relevantes de la historia de Reconquista a modo de l\u00ednea del tiempo, permite al usuario que la recorre situarse referencialmente en la historia y en el lugar.<\/p>\n<p>No se puede pensar en una obra sin un contexto que la contenga, en este caso es el <strong>Parque Natural<\/strong> y esta gran escultura actuara como soporte de obras pict\u00f3ricas donde se podr\u00e1n realizar exposiciones al aire libre, siendo posible la incorporaci\u00f3n de pantallas y de muros dispuestos libremente para aumentara las superficies de intervenci\u00f3n pict\u00f3rica sobre un extenso play\u00f3n con suelos blandos, en partes permeables y en parte r\u00edgido, brindando a los artistas pl\u00e1sticos y grafiteros la posibilidad de intervenirlos con sus obras.<\/p>\n<p>El programa cultural del parque se completa con la incorporaci\u00f3n de un Auditorio con capacidad para trescientas personas, con salas auxiliares de m\u00fasica y salas de usos m\u00faltiples, que se ubicaran enterradas para evitar que sus construcciones compitan con los edificios existentes.<\/p>\n<p>Por medio de una amplia rampa circular se desciende al patio de acceso y a las diferentes salas que comunican en el subsuelo el edificio de la Estaci\u00f3n con el Edificio del ferrocarril, cuya iluminaci\u00f3n natural esta prevista por medio de huecos con forma de figuras geom\u00e9tricas que a su vez sirven de iluminaci\u00f3n del camino en horarios nocturnos.<\/p>\n<p>El parque como reserva natural sustentable de la ciudad es un gran oasis e incorpora \u00e1reas de descanso, \u00e1reas para tomar sol, \u00e1reas de senderos pedestres destinados al encuentro de los ciudadanos en el espacio p\u00fablico, el monumento de la Memoria, anfiteatro, \u00e1reas de ni\u00f1os con juegos infantiles, de deportes y de manifestaciones, sendas para bicicletas, sectores de agua donde el usuario pueda jugar y refrescarse; \u00e1reas de servicios: ba\u00f1os p\u00fablicos guarder\u00eda, bebederos, con techos verdes; \u00e1reas gastron\u00f3micas y confiter\u00eda proponiendo la re funcionalizaci\u00f3n de en los antiguos galpones.<\/p>\n<p>Otro elemento incorporado son las esculturas de viento, evocando el lenguaje de los antiguos pobladores cuya comunicaci\u00f3n la realizaban por medio de s\u00edmbolos o sonidos. Estas esculturas de hierro oxidado patinado, las hemos ubicado en los extremos del parque como los custodios del lugar. Se propone la plantaci\u00f3n de m\u00e1s de 250 \u00e1rboles del vivero municipal con la colaboraci\u00f3n de los propios vecinos.<\/p>\n<p>El equipamiento del parque puede realizarse con el apoyo de la comunidad a manera de los parques de Londres, por ejemplo, donde los asientos de madera son donados por las familias y llevan su nombre ocupando un lugar para la eternidad. Tambi\u00e9n pueden ser piezas escult\u00f3ricas y realizarse a trav\u00e9s de concursos.<\/p>\n<p>Completando el recorrido se ubicaron unas torretas de madera de 12 metros de altura a las cuales el visitante puede acceder mediante rampas y pasarelas que permiten un recorrido a la altura media de la copa de los arboles brindando en las \u00e9pocas de floraci\u00f3n un incomparable espect\u00e1culo natural para deleite de los sentidos, pudiendo adem\u00e1s llegar al ultimo nivel para descansar, tener una visi\u00f3n panor\u00e1mica del conjunto, realizar safaris fotogr\u00e1fico y descifrar el tiempo.<\/p>\n<p>Segun el Jurado: <em>\u00abSe rescata la claridad de la presentaci\u00f3n y el car\u00e1cter innovador de la propuesta que responde a lo pedido en la Convocatoria. Es necesario aclarar que esta obra fue enmarcada en un macro proyecto que las contiene y ayuda a fortalecer su sentido, un plan superador de la convocatoria, por lo que el Jurado considera que de acuerdo a las condiciones operativas y presupuestarias del municipio se podr\u00eda comenzar con la construcci\u00f3n de la Esculturas de viento, quedando para m\u00e1s adelante la posibilidad de ir concretando otras ideas del proyecto presentado, en un todo de acuerdo con las autoras\u00bb<\/em>.<\/p>\n<p><strong>Proyecto Monumento de entrada a la ciudad de Reconquista<\/strong><br \/>\n<strong>R, Portales Reconquista<\/strong><\/p>\n<p>La letra R significa fortaleza, evoluci\u00f3n, dinamismo y eso es lo que representa para nosotros Reconquista. Una ciudad con la sabidur\u00eda para respetar su pasado y fortalezas naturales para proyectar su futuro.<\/p>\n<p>El tema del concurso y el potencial del sitio donde seria implantado fue el disparador. Pretendemos que el proyecto permita unificar sus diferentes cinco acceso y sea sin\u00f3nimo de sus fortalezas.<\/p>\n<p>Segun el Jurado: <em>\u00abEs una obra contundente, moderna, novedosa, un monumento urbano simple de gran porte, que, sugerimos, podr\u00eda ser ubicado en el Parque Sur de la ciudad\u00bb<\/em>.<\/p>\n<p><strong>Ficha tecnica<\/strong><br \/>\nNombre: Proyecto Camino de la historia y Monumentos de entrada a la ciudad de Reconquista<br \/>\nUbicaci\u00f3n: Ciudad de Reconquista, Pcia. de Santa Fe, Argentina<br \/>\nTitular de proyecto: Arq. Adriana Piastrellini<br \/>\nEquipo de trabajo: Arq. Josefina Marconi<br \/>\nColaborador: Arq. Pablo Vapore<br \/>\nIm\u00e1genes: Arq. Pablo Lionti, Sabrina Tamashiro<br \/>\nAsesoramiento: Arq. Oscar Padrevecchi, Ing. Sol Capria<br \/>\nConvocatoria: Proyectos Culturales 2013<br \/>\nPremios: 1\u00ba Premio Concurso Camino de la Historia (Esculturas de viento\/Guardianes del parque) y 2\u00ba Premio Concurso Monumento de entrada a la ciudad de Reconquista (R, Portales Reconquista)<\/p>\n<p><strong>Contacto<\/strong>: apctrabajo(arroba)yahoo.com.ar<\/p>\n\n<div style=\"font-size: 0px; height: 0px; line-height: 0px; margin: 0; padding: 0; clear: both;\"><\/div><div style=\"margin-top: 0px; margin-bottom: 0px;\" class=\"sharethis-inline-share-buttons\" ><\/div>","protected":false},"excerpt":{"rendered":"<p>Proyecto Esculturas de viento\/Guardianes del parque (1\u00ba Premio) y R, Portales Reconquista&#8230;<\/p>\n","protected":false},"author":1,"featured_media":4048,"comment_status":"closed","ping_status":"closed","sticky":false,"template":"","format":"standard","meta":{"_uag_custom_page_level_css":"","footnotes":""},"categories":[1,81,713],"tags":[1116,1117,709,1115,29,317,471],"class_list":["post-4047","post","type-post","status-publish","format-standard","has-post-thumbnail","hentry","category-proyecto","category-proyectos-concursos","category-proyectos-urbanos","tag-adriana-piastrellini","tag-josefina-marconi","tag-paisajismo","tag-reconquista","tag-santa-fe","tag-sustentable","tag-urbanismo","generate-columns","tablet-grid-50","mobile-grid-100","grid-parent","grid-50"],"yoast_head":"<!-- This site is optimized with the Yoast SEO plugin v27.3 - https:\/\/yoast.com\/product\/yoast-seo-wordpress\/ -->\n<title>Proyectos Camino de la historia y Monumento de entrada a la ciudad de Reconquista \/ Adriana Piastrellini y equipo - Arquimaster<\/title>\n<meta name=\"robots\" content=\"index, follow, max-snippet:-1, max-image-preview:large, max-video-preview:-1\" \/>\n<link rel=\"canonical\" href=\"https:\/\/www.arquimaster.com.ar\/web\/proyectos-camino-historia-monumento-reconquista-adriana-piastrellini-y-equipo\/\" \/>\n<meta property=\"og:locale\" content=\"es_ES\" \/>\n<meta property=\"og:type\" content=\"article\" \/>\n<meta property=\"og:title\" content=\"Proyectos Camino de la historia y Monumento de entrada a la ciudad de Reconquista \/ Adriana Piastrellini y equipo - Arquimaster\" \/>\n<meta property=\"og:description\" content=\"Proyecto Esculturas de viento\/Guardianes del parque (1\u00ba Premio) y R, Portales Reconquista...\" \/>\n<meta property=\"og:url\" content=\"https:\/\/www.arquimaster.com.ar\/web\/proyectos-camino-historia-monumento-reconquista-adriana-piastrellini-y-equipo\/\" \/>\n<meta property=\"og:site_name\" content=\"Arquimaster\" \/>\n<meta property=\"article:publisher\" content=\"http:\/\/www.facebook.com\/ARQUIMASTER.com.ar\" \/>\n<meta property=\"article:published_time\" content=\"2014-03-18T22:24:28+00:00\" \/>\n<meta property=\"article:modified_time\" content=\"2014-03-30T16:48:24+00:00\" \/>\n<meta property=\"og:image\" content=\"https:\/\/www.arquimaster.com.ar\/web\/wp-content\/uploads\/2014\/03\/proyecto_reconquista_slide.jpg\" \/>\n\t<meta property=\"og:image:width\" content=\"642\" \/>\n\t<meta property=\"og:image:height\" content=\"336\" \/>\n\t<meta property=\"og:image:type\" content=\"image\/jpeg\" \/>\n<meta name=\"author\" content=\"Arquimaster\" \/>\n<meta name=\"twitter:card\" content=\"summary_large_image\" \/>\n<meta name=\"twitter:creator\" content=\"@arquimaster\" \/>\n<meta name=\"twitter:site\" content=\"@arquimaster\" \/>\n<meta name=\"twitter:label1\" content=\"Escrito por\" \/>\n\t<meta name=\"twitter:data1\" content=\"Arquimaster\" \/>\n\t<meta name=\"twitter:label2\" content=\"Tiempo de lectura\" \/>\n\t<meta name=\"twitter:data2\" content=\"6 minutos\" \/>\n<script type=\"application\/ld+json\" class=\"yoast-schema-graph\">{\"@context\":\"https:\\\/\\\/schema.org\",\"@graph\":[{\"@type\":\"Article\",\"@id\":\"https:\\\/\\\/www.arquimaster.com.ar\\\/web\\\/proyectos-camino-historia-monumento-reconquista-adriana-piastrellini-y-equipo\\\/#article\",\"isPartOf\":{\"@id\":\"https:\\\/\\\/www.arquimaster.com.ar\\\/web\\\/proyectos-camino-historia-monumento-reconquista-adriana-piastrellini-y-equipo\\\/\"},\"author\":{\"name\":\"Arquimaster\",\"@id\":\"https:\\\/\\\/www.arquimaster.com.ar\\\/web\\\/#\\\/schema\\\/person\\\/359e9f7c00193fcde068e0dd2ceb0028\"},\"headline\":\"Proyectos Camino de la historia y Monumento de entrada a la ciudad de Reconquista \\\/ Adriana Piastrellini y equipo\",\"datePublished\":\"2014-03-18T22:24:28+00:00\",\"dateModified\":\"2014-03-30T16:48:24+00:00\",\"mainEntityOfPage\":{\"@id\":\"https:\\\/\\\/www.arquimaster.com.ar\\\/web\\\/proyectos-camino-historia-monumento-reconquista-adriana-piastrellini-y-equipo\\\/\"},\"wordCount\":1308,\"publisher\":{\"@id\":\"https:\\\/\\\/www.arquimaster.com.ar\\\/web\\\/#organization\"},\"image\":{\"@id\":\"https:\\\/\\\/www.arquimaster.com.ar\\\/web\\\/proyectos-camino-historia-monumento-reconquista-adriana-piastrellini-y-equipo\\\/#primaryimage\"},\"thumbnailUrl\":\"https:\\\/\\\/www.arquimaster.com.ar\\\/web\\\/wp-content\\\/uploads\\\/2014\\\/03\\\/proyecto_reconquista_slide.jpg\",\"keywords\":[\"Adriana Piastrellini\",\"Josefina Marconi\",\"paisajismo\",\"Reconquista\",\"Santa Fe\",\"sustentable\",\"urbanismo\"],\"articleSection\":[\"Proyecto\",\"Proyectos para Concursos\",\"Proyectos urbanos\"],\"inLanguage\":\"es\"},{\"@type\":\"WebPage\",\"@id\":\"https:\\\/\\\/www.arquimaster.com.ar\\\/web\\\/proyectos-camino-historia-monumento-reconquista-adriana-piastrellini-y-equipo\\\/\",\"url\":\"https:\\\/\\\/www.arquimaster.com.ar\\\/web\\\/proyectos-camino-historia-monumento-reconquista-adriana-piastrellini-y-equipo\\\/\",\"name\":\"Proyectos Camino de la historia y Monumento de entrada a la ciudad de Reconquista \\\/ Adriana Piastrellini y equipo - Arquimaster\",\"isPartOf\":{\"@id\":\"https:\\\/\\\/www.arquimaster.com.ar\\\/web\\\/#website\"},\"primaryImageOfPage\":{\"@id\":\"https:\\\/\\\/www.arquimaster.com.ar\\\/web\\\/proyectos-camino-historia-monumento-reconquista-adriana-piastrellini-y-equipo\\\/#primaryimage\"},\"image\":{\"@id\":\"https:\\\/\\\/www.arquimaster.com.ar\\\/web\\\/proyectos-camino-historia-monumento-reconquista-adriana-piastrellini-y-equipo\\\/#primaryimage\"},\"thumbnailUrl\":\"https:\\\/\\\/www.arquimaster.com.ar\\\/web\\\/wp-content\\\/uploads\\\/2014\\\/03\\\/proyecto_reconquista_slide.jpg\",\"datePublished\":\"2014-03-18T22:24:28+00:00\",\"dateModified\":\"2014-03-30T16:48:24+00:00\",\"breadcrumb\":{\"@id\":\"https:\\\/\\\/www.arquimaster.com.ar\\\/web\\\/proyectos-camino-historia-monumento-reconquista-adriana-piastrellini-y-equipo\\\/#breadcrumb\"},\"inLanguage\":\"es\",\"potentialAction\":[{\"@type\":\"ReadAction\",\"target\":[\"https:\\\/\\\/www.arquimaster.com.ar\\\/web\\\/proyectos-camino-historia-monumento-reconquista-adriana-piastrellini-y-equipo\\\/\"]}]},{\"@type\":\"ImageObject\",\"inLanguage\":\"es\",\"@id\":\"https:\\\/\\\/www.arquimaster.com.ar\\\/web\\\/proyectos-camino-historia-monumento-reconquista-adriana-piastrellini-y-equipo\\\/#primaryimage\",\"url\":\"https:\\\/\\\/www.arquimaster.com.ar\\\/web\\\/wp-content\\\/uploads\\\/2014\\\/03\\\/proyecto_reconquista_slide.jpg\",\"contentUrl\":\"https:\\\/\\\/www.arquimaster.com.ar\\\/web\\\/wp-content\\\/uploads\\\/2014\\\/03\\\/proyecto_reconquista_slide.jpg\",\"width\":642,\"height\":336},{\"@type\":\"BreadcrumbList\",\"@id\":\"https:\\\/\\\/www.arquimaster.com.ar\\\/web\\\/proyectos-camino-historia-monumento-reconquista-adriana-piastrellini-y-equipo\\\/#breadcrumb\",\"itemListElement\":[{\"@type\":\"ListItem\",\"position\":1,\"name\":\"Portada\",\"item\":\"https:\\\/\\\/www.arquimaster.com.ar\\\/web\\\/\"},{\"@type\":\"ListItem\",\"position\":2,\"name\":\"Proyectos Camino de la historia y Monumento de entrada a la ciudad de Reconquista \\\/ Adriana Piastrellini y equipo\"}]},{\"@type\":\"WebSite\",\"@id\":\"https:\\\/\\\/www.arquimaster.com.ar\\\/web\\\/#website\",\"url\":\"https:\\\/\\\/www.arquimaster.com.ar\\\/web\\\/\",\"name\":\"Arquimaster\",\"description\":\"Web de arquitectura, dise\u00f1o y construccion\",\"publisher\":{\"@id\":\"https:\\\/\\\/www.arquimaster.com.ar\\\/web\\\/#organization\"},\"potentialAction\":[{\"@type\":\"SearchAction\",\"target\":{\"@type\":\"EntryPoint\",\"urlTemplate\":\"https:\\\/\\\/www.arquimaster.com.ar\\\/web\\\/?s={search_term_string}\"},\"query-input\":{\"@type\":\"PropertyValueSpecification\",\"valueRequired\":true,\"valueName\":\"search_term_string\"}}],\"inLanguage\":\"es\"},{\"@type\":\"Organization\",\"@id\":\"https:\\\/\\\/www.arquimaster.com.ar\\\/web\\\/#organization\",\"name\":\"Arquimaster\",\"url\":\"https:\\\/\\\/www.arquimaster.com.ar\\\/web\\\/\",\"logo\":{\"@type\":\"ImageObject\",\"inLanguage\":\"es\",\"@id\":\"https:\\\/\\\/www.arquimaster.com.ar\\\/web\\\/#\\\/schema\\\/logo\\\/image\\\/\",\"url\":\"https:\\\/\\\/www.arquimaster.com.ar\\\/web\\\/wp-content\\\/uploads\\\/2022\\\/06\\\/arquimaster.png\",\"contentUrl\":\"https:\\\/\\\/www.arquimaster.com.ar\\\/web\\\/wp-content\\\/uploads\\\/2022\\\/06\\\/arquimaster.png\",\"width\":594,\"height\":78,\"caption\":\"Arquimaster\"},\"image\":{\"@id\":\"https:\\\/\\\/www.arquimaster.com.ar\\\/web\\\/#\\\/schema\\\/logo\\\/image\\\/\"},\"sameAs\":[\"http:\\\/\\\/www.facebook.com\\\/ARQUIMASTER.com.ar\",\"https:\\\/\\\/x.com\\\/arquimaster\",\"https:\\\/\\\/www.instagram.com\\\/arquimasterblog\\\/\",\"https:\\\/\\\/www.linkedin.com\\\/company\\\/arquimaster\",\"https:\\\/\\\/www.pinterest.com\\\/arquimaster\",\"https:\\\/\\\/t.me\\\/arquimaster\"]},{\"@type\":\"Person\",\"@id\":\"https:\\\/\\\/www.arquimaster.com.ar\\\/web\\\/#\\\/schema\\\/person\\\/359e9f7c00193fcde068e0dd2ceb0028\",\"name\":\"Arquimaster\"}]}<\/script>\n<!-- \/ Yoast SEO plugin. -->","yoast_head_json":{"title":"Proyectos Camino de la historia y Monumento de entrada a la ciudad de Reconquista \/ Adriana Piastrellini y equipo - Arquimaster","robots":{"index":"index","follow":"follow","max-snippet":"max-snippet:-1","max-image-preview":"max-image-preview:large","max-video-preview":"max-video-preview:-1"},"canonical":"https:\/\/www.arquimaster.com.ar\/web\/proyectos-camino-historia-monumento-reconquista-adriana-piastrellini-y-equipo\/","og_locale":"es_ES","og_type":"article","og_title":"Proyectos Camino de la historia y Monumento de entrada a la ciudad de Reconquista \/ Adriana Piastrellini y equipo - Arquimaster","og_description":"Proyecto Esculturas de viento\/Guardianes del parque (1\u00ba Premio) y R, Portales Reconquista...","og_url":"https:\/\/www.arquimaster.com.ar\/web\/proyectos-camino-historia-monumento-reconquista-adriana-piastrellini-y-equipo\/","og_site_name":"Arquimaster","article_publisher":"http:\/\/www.facebook.com\/ARQUIMASTER.com.ar","article_published_time":"2014-03-18T22:24:28+00:00","article_modified_time":"2014-03-30T16:48:24+00:00","og_image":[{"width":642,"height":336,"url":"https:\/\/www.arquimaster.com.ar\/web\/wp-content\/uploads\/2014\/03\/proyecto_reconquista_slide.jpg","type":"image\/jpeg"}],"author":"Arquimaster","twitter_card":"summary_large_image","twitter_creator":"@arquimaster","twitter_site":"@arquimaster","twitter_misc":{"Escrito por":"Arquimaster","Tiempo de lectura":"6 minutos"},"schema":{"@context":"https:\/\/schema.org","@graph":[{"@type":"Article","@id":"https:\/\/www.arquimaster.com.ar\/web\/proyectos-camino-historia-monumento-reconquista-adriana-piastrellini-y-equipo\/#article","isPartOf":{"@id":"https:\/\/www.arquimaster.com.ar\/web\/proyectos-camino-historia-monumento-reconquista-adriana-piastrellini-y-equipo\/"},"author":{"name":"Arquimaster","@id":"https:\/\/www.arquimaster.com.ar\/web\/#\/schema\/person\/359e9f7c00193fcde068e0dd2ceb0028"},"headline":"Proyectos Camino de la historia y Monumento de entrada a la ciudad de Reconquista \/ Adriana Piastrellini y equipo","datePublished":"2014-03-18T22:24:28+00:00","dateModified":"2014-03-30T16:48:24+00:00","mainEntityOfPage":{"@id":"https:\/\/www.arquimaster.com.ar\/web\/proyectos-camino-historia-monumento-reconquista-adriana-piastrellini-y-equipo\/"},"wordCount":1308,"publisher":{"@id":"https:\/\/www.arquimaster.com.ar\/web\/#organization"},"image":{"@id":"https:\/\/www.arquimaster.com.ar\/web\/proyectos-camino-historia-monumento-reconquista-adriana-piastrellini-y-equipo\/#primaryimage"},"thumbnailUrl":"https:\/\/www.arquimaster.com.ar\/web\/wp-content\/uploads\/2014\/03\/proyecto_reconquista_slide.jpg","keywords":["Adriana Piastrellini","Josefina Marconi","paisajismo","Reconquista","Santa Fe","sustentable","urbanismo"],"articleSection":["Proyecto","Proyectos para Concursos","Proyectos urbanos"],"inLanguage":"es"},{"@type":"WebPage","@id":"https:\/\/www.arquimaster.com.ar\/web\/proyectos-camino-historia-monumento-reconquista-adriana-piastrellini-y-equipo\/","url":"https:\/\/www.arquimaster.com.ar\/web\/proyectos-camino-historia-monumento-reconquista-adriana-piastrellini-y-equipo\/","name":"Proyectos Camino de la historia y Monumento de entrada a la ciudad de Reconquista \/ Adriana Piastrellini y equipo - Arquimaster","isPartOf":{"@id":"https:\/\/www.arquimaster.com.ar\/web\/#website"},"primaryImageOfPage":{"@id":"https:\/\/www.arquimaster.com.ar\/web\/proyectos-camino-historia-monumento-reconquista-adriana-piastrellini-y-equipo\/#primaryimage"},"image":{"@id":"https:\/\/www.arquimaster.com.ar\/web\/proyectos-camino-historia-monumento-reconquista-adriana-piastrellini-y-equipo\/#primaryimage"},"thumbnailUrl":"https:\/\/www.arquimaster.com.ar\/web\/wp-content\/uploads\/2014\/03\/proyecto_reconquista_slide.jpg","datePublished":"2014-03-18T22:24:28+00:00","dateModified":"2014-03-30T16:48:24+00:00","breadcrumb":{"@id":"https:\/\/www.arquimaster.com.ar\/web\/proyectos-camino-historia-monumento-reconquista-adriana-piastrellini-y-equipo\/#breadcrumb"},"inLanguage":"es","potentialAction":[{"@type":"ReadAction","target":["https:\/\/www.arquimaster.com.ar\/web\/proyectos-camino-historia-monumento-reconquista-adriana-piastrellini-y-equipo\/"]}]},{"@type":"ImageObject","inLanguage":"es","@id":"https:\/\/www.arquimaster.com.ar\/web\/proyectos-camino-historia-monumento-reconquista-adriana-piastrellini-y-equipo\/#primaryimage","url":"https:\/\/www.arquimaster.com.ar\/web\/wp-content\/uploads\/2014\/03\/proyecto_reconquista_slide.jpg","contentUrl":"https:\/\/www.arquimaster.com.ar\/web\/wp-content\/uploads\/2014\/03\/proyecto_reconquista_slide.jpg","width":642,"height":336},{"@type":"BreadcrumbList","@id":"https:\/\/www.arquimaster.com.ar\/web\/proyectos-camino-historia-monumento-reconquista-adriana-piastrellini-y-equipo\/#breadcrumb","itemListElement":[{"@type":"ListItem","position":1,"name":"Portada","item":"https:\/\/www.arquimaster.com.ar\/web\/"},{"@type":"ListItem","position":2,"name":"Proyectos Camino de la historia y Monumento de entrada a la ciudad de Reconquista \/ Adriana Piastrellini y equipo"}]},{"@type":"WebSite","@id":"https:\/\/www.arquimaster.com.ar\/web\/#website","url":"https:\/\/www.arquimaster.com.ar\/web\/","name":"Arquimaster","description":"Web de arquitectura, dise\u00f1o y construccion","publisher":{"@id":"https:\/\/www.arquimaster.com.ar\/web\/#organization"},"potentialAction":[{"@type":"SearchAction","target":{"@type":"EntryPoint","urlTemplate":"https:\/\/www.arquimaster.com.ar\/web\/?s={search_term_string}"},"query-input":{"@type":"PropertyValueSpecification","valueRequired":true,"valueName":"search_term_string"}}],"inLanguage":"es"},{"@type":"Organization","@id":"https:\/\/www.arquimaster.com.ar\/web\/#organization","name":"Arquimaster","url":"https:\/\/www.arquimaster.com.ar\/web\/","logo":{"@type":"ImageObject","inLanguage":"es","@id":"https:\/\/www.arquimaster.com.ar\/web\/#\/schema\/logo\/image\/","url":"https:\/\/www.arquimaster.com.ar\/web\/wp-content\/uploads\/2022\/06\/arquimaster.png","contentUrl":"https:\/\/www.arquimaster.com.ar\/web\/wp-content\/uploads\/2022\/06\/arquimaster.png","width":594,"height":78,"caption":"Arquimaster"},"image":{"@id":"https:\/\/www.arquimaster.com.ar\/web\/#\/schema\/logo\/image\/"},"sameAs":["http:\/\/www.facebook.com\/ARQUIMASTER.com.ar","https:\/\/x.com\/arquimaster","https:\/\/www.instagram.com\/arquimasterblog\/","https:\/\/www.linkedin.com\/company\/arquimaster","https:\/\/www.pinterest.com\/arquimaster","https:\/\/t.me\/arquimaster"]},{"@type":"Person","@id":"https:\/\/www.arquimaster.com.ar\/web\/#\/schema\/person\/359e9f7c00193fcde068e0dd2ceb0028","name":"Arquimaster"}]}},"uagb_featured_image_src":{"full":["https:\/\/www.arquimaster.com.ar\/web\/wp-content\/uploads\/2014\/03\/proyecto_reconquista_slide.jpg",642,336,false],"thumbnail":["https:\/\/www.arquimaster.com.ar\/web\/wp-content\/uploads\/2014\/03\/proyecto_reconquista_slide-150x150.jpg",150,150,true],"medium":["https:\/\/www.arquimaster.com.ar\/web\/wp-content\/uploads\/2014\/03\/proyecto_reconquista_slide-300x157.jpg",300,157,true],"medium_large":["https:\/\/www.arquimaster.com.ar\/web\/wp-content\/uploads\/2014\/03\/proyecto_reconquista_slide.jpg",642,336,false],"large":["https:\/\/www.arquimaster.com.ar\/web\/wp-content\/uploads\/2014\/03\/proyecto_reconquista_slide.jpg",642,336,false],"1536x1536":["https:\/\/www.arquimaster.com.ar\/web\/wp-content\/uploads\/2014\/03\/proyecto_reconquista_slide.jpg",642,336,false],"2048x2048":["https:\/\/www.arquimaster.com.ar\/web\/wp-content\/uploads\/2014\/03\/proyecto_reconquista_slide.jpg",642,336,false]},"uagb_author_info":{"display_name":"Arquimaster","author_link":"https:\/\/www.arquimaster.com.ar\/web\/author\/arquimaster\/"},"uagb_comment_info":0,"uagb_excerpt":"Proyecto Esculturas de viento\/Guardianes del parque (1\u00ba Premio) y R, Portales Reconquista...","_links":{"self":[{"href":"https:\/\/www.arquimaster.com.ar\/web\/wp-json\/wp\/v2\/posts\/4047","targetHints":{"allow":["GET"]}}],"collection":[{"href":"https:\/\/www.arquimaster.com.ar\/web\/wp-json\/wp\/v2\/posts"}],"about":[{"href":"https:\/\/www.arquimaster.com.ar\/web\/wp-json\/wp\/v2\/types\/post"}],"author":[{"embeddable":true,"href":"https:\/\/www.arquimaster.com.ar\/web\/wp-json\/wp\/v2\/users\/1"}],"replies":[{"embeddable":true,"href":"https:\/\/www.arquimaster.com.ar\/web\/wp-json\/wp\/v2\/comments?post=4047"}],"version-history":[{"count":0,"href":"https:\/\/www.arquimaster.com.ar\/web\/wp-json\/wp\/v2\/posts\/4047\/revisions"}],"wp:featuredmedia":[{"embeddable":true,"href":"https:\/\/www.arquimaster.com.ar\/web\/wp-json\/wp\/v2\/media\/4048"}],"wp:attachment":[{"href":"https:\/\/www.arquimaster.com.ar\/web\/wp-json\/wp\/v2\/media?parent=4047"}],"wp:term":[{"taxonomy":"category","embeddable":true,"href":"https:\/\/www.arquimaster.com.ar\/web\/wp-json\/wp\/v2\/categories?post=4047"},{"taxonomy":"post_tag","embeddable":true,"href":"https:\/\/www.arquimaster.com.ar\/web\/wp-json\/wp\/v2\/tags?post=4047"}],"curies":[{"name":"wp","href":"https:\/\/api.w.org\/{rel}","templated":true}]}}