{"id":4163,"date":"2014-03-19T20:18:22","date_gmt":"2014-03-19T20:18:22","guid":{"rendered":"http:\/\/www.arquimaster.com.ar\/web\/?p=4163"},"modified":"2026-03-28T21:48:55","modified_gmt":"2026-03-29T00:48:55","slug":"mundial-de-futbol-modo-casa-inspira-vivirlo-de-una-manera-exclusiva","status":"publish","type":"post","link":"https:\/\/www.arquimaster.com.ar\/web\/mundial-de-futbol-modo-casa-inspira-vivirlo-de-una-manera-exclusiva\/","title":{"rendered":"Mundial de f\u00fatbol: Modo Casa inspira a vivirlo de una manera exclusiva"},"content":{"rendered":"<div style=\"margin-top: 0px; margin-bottom: 0px;\" class=\"sharethis-inline-share-buttons\" ><\/div><div class=\"b812932af2e751442846f039925109de\" data-index=\"1\" style=\"float: none; margin:25px 0 25px 0; text-align:center;\">\n<script async src=\"https:\/\/pagead2.googlesyndication.com\/pagead\/js\/adsbygoogle.js\"><\/script>\r\n<!-- Arquimaster (superior) -->\r\n<ins class=\"adsbygoogle\"\r\n     style=\"display:block\"\r\n     data-ad-client=\"ca-pub-6351072698456832\"\r\n     data-ad-slot=\"6455489680\"\r\n     data-ad-format=\"auto\"\r\n     data-full-width-responsive=\"true\"><\/ins>\r\n<script>\r\n     (adsbygoogle = window.adsbygoogle || []).push({});\r\n<\/script>\n<\/div>\n<p><em><strong>Se multiplican los motivos para reunirse y los espacios de la casa cobran nuevo protagonismo.<\/strong><\/em><\/p>\n<div id='gallery-1' class='gallery galleryid-4163 gallery-columns-3 gallery-size-thumbnail'><figure class='gallery-item'>\n\t\t\t<div class='gallery-icon landscape'>\n\t\t\t\t<a href='https:\/\/www.arquimaster.com.ar\/web\/wp-content\/uploads\/2014\/03\/modocasa_mundial1.jpg' title=\"Mundial de f\u00fatbol: Modo Casa inspira a vivirlo de una manera exclusiva\" data-rl_title=\"Mundial de f\u00fatbol: Modo Casa inspira a vivirlo de una manera exclusiva\" class=\"rl-gallery-link\" data-rl_caption=\"Mundial de f\u00fatbol: Modo Casa inspira a vivirlo de una manera exclusiva\" data-rel=\"lightbox-gallery-1\"><img loading=\"lazy\" decoding=\"async\" width=\"150\" height=\"150\" src=\"https:\/\/www.arquimaster.com.ar\/web\/wp-content\/uploads\/2014\/03\/modocasa_mundial1-150x150.jpg\" class=\"attachment-thumbnail size-thumbnail\" alt=\"\" aria-describedby=\"gallery-1-4165\" srcset=\"https:\/\/www.arquimaster.com.ar\/web\/wp-content\/uploads\/2014\/03\/modocasa_mundial1-150x150.jpg 150w, https:\/\/www.arquimaster.com.ar\/web\/wp-content\/uploads\/2014\/03\/modocasa_mundial1-50x50.jpg 50w, https:\/\/www.arquimaster.com.ar\/web\/wp-content\/uploads\/2014\/03\/modocasa_mundial1-125x125.jpg 125w\" sizes=\"auto, (max-width: 150px) 100vw, 150px\" \/><\/a>\n\t\t\t<\/div>\n\t\t\t\t<figcaption class='wp-caption-text gallery-caption' id='gallery-1-4165'>\n\t\t\t\tMundial de f\u00fatbol: Modo Casa inspira a vivirlo de una manera exclusiva\n\t\t\t\t<\/figcaption><\/figure><figure class='gallery-item'>\n\t\t\t<div class='gallery-icon landscape'>\n\t\t\t\t<a href='https:\/\/www.arquimaster.com.ar\/web\/wp-content\/uploads\/2014\/03\/modocasa_mundial2.jpg' title=\"Mundial de f\u00fatbol: Modo Casa inspira a vivirlo de una manera exclusiva\" data-rl_title=\"Mundial de f\u00fatbol: Modo Casa inspira a vivirlo de una manera exclusiva\" class=\"rl-gallery-link\" data-rl_caption=\"Mundial de f\u00fatbol: Modo Casa inspira a vivirlo de una manera exclusiva\" data-rel=\"lightbox-gallery-1\"><img loading=\"lazy\" decoding=\"async\" width=\"150\" height=\"150\" src=\"https:\/\/www.arquimaster.com.ar\/web\/wp-content\/uploads\/2014\/03\/modocasa_mundial2-150x150.jpg\" class=\"attachment-thumbnail size-thumbnail\" alt=\"\" aria-describedby=\"gallery-1-4166\" srcset=\"https:\/\/www.arquimaster.com.ar\/web\/wp-content\/uploads\/2014\/03\/modocasa_mundial2-150x150.jpg 150w, https:\/\/www.arquimaster.com.ar\/web\/wp-content\/uploads\/2014\/03\/modocasa_mundial2-50x50.jpg 50w, https:\/\/www.arquimaster.com.ar\/web\/wp-content\/uploads\/2014\/03\/modocasa_mundial2-125x125.jpg 125w\" sizes=\"auto, (max-width: 150px) 100vw, 150px\" \/><\/a>\n\t\t\t<\/div>\n\t\t\t\t<figcaption class='wp-caption-text gallery-caption' id='gallery-1-4166'>\n\t\t\t\tMundial de f\u00fatbol: Modo Casa inspira a vivirlo de una manera exclusiva\n\t\t\t\t<\/figcaption><\/figure>\n\t\t<\/div>\n\n<p><strong>Modo Casa<\/strong>, empresa familiar dedicada al dise\u00f1o y comercializaci\u00f3n de mobiliario, presenta las <strong>nuevas tendencias en decoraci\u00f3n<\/strong> que se manifiestan a trav\u00e9s del comportamiento de los amantes del hogar con la llegada del mundial.<\/p>\n<p>En junio comienza el World Cup 2014 y con el mismo, aumentan las excusas de reuni\u00f3n con familia y amigos. Los ambientes del hogar toman un especial protagonismo. En este sentido, se ven incrementados los pedidos de asesoramiento para acondicionar y re decorar los espacios destinados al encuentro.<\/p>\n<p>Las principales inquitudes responden a los dise\u00f1os especiales de <strong>sillones<\/strong>, a los <strong>muebles componibles<\/strong> que incorporan la pantalla como elemento decorativo y<strong> m\u00f3dulos funcionales<\/strong> que organizan el guardado de aparatos perif\u00e9ricos (DVD, Home, Juego, Deco, etc.). Tambi\u00e9n aumenta la demanda de <strong>mesas de centro<\/strong>, <strong>arrime<\/strong> y <strong>costado<\/strong> para incrementar las superficies de apoyo a la hora de juntarse con amigos a tomar algo. Los <strong>puff<\/strong>, <strong>banquetas<\/strong> y <strong>butacas<\/strong> que sirven como complemento al sill\u00f3n principal, para reunir m\u00e1s gente, y puff, otomanas y apoya pies, que inviten al relax y garanticen el confort de los hinchas.<\/p>\n<p>El denominador com\u00fan se ancla en lograr un espacio en el que todo est\u00e9 resuelto. Se busca que\u00a0 cada uno de los que se re\u00fanen para vivir el espect\u00e1culo deportivo, puedan disfrutar del mismo a partir de elementos claves que hacen del lugar un escenario ideal.<\/p>\n<p>De esta manera, aumenta el sentimiento de \u00abhost\u00bb (anfitri\u00f3n), donde se busca acoger a los invitados a trav\u00e9s de la calidez, calidad y confort. La b\u00fasqueda permanente de los que disfrutan recibiendo en su casa, se mezcla con un sentimiento cada vez m\u00e1s exigente que permita compartir su buen vivir.<\/p>\n<p><strong>Ariel Yankelevich<\/strong>, Director de Modo Casa, sugiere<em> \u00abla combinaci\u00f3n de texturas, maderas, piedras y otros materiales no s\u00f3lo hacen a la vanguardia, sino tambi\u00e9n a la intimidad del hogar. Estamos trabajando fuertemente para acompa\u00f1ar a los anfitriones en este proceso de reacondicionar los espacios comunes del hogar\u00bb<\/em>.<\/p>\n<p><strong>Acerca de Modo Casa<\/strong><br \/>\nModo Casa es una empresa familiar argentina con veinte a\u00f1os en el mercado nacional. Actualmente es liderada por una joven generaci\u00f3n experimentada. Ubicada en el barrio de Palermo, ciudad de Buenos, est\u00e1 conformada por dos unidades de negocio distinguidas por ofrecer servicios complementarios: Comercializaci\u00f3n de mobiliario de dise\u00f1os exclusivos y Estudio Modo Casa, asesoramiento integral en dise\u00f1o de ambientes y mobiliario.<\/p>\n\n<div style=\"font-size: 0px; height: 0px; line-height: 0px; margin: 0; padding: 0; clear: both;\"><\/div><div style=\"margin-top: 0px; margin-bottom: 0px;\" class=\"sharethis-inline-share-buttons\" ><\/div>","protected":false},"excerpt":{"rendered":"<p>Se multiplican los motivos para reunirse y los espacios de la casa cobran nuevo protagonismo&#8230;<\/p>\n","protected":false},"author":1,"featured_media":4164,"comment_status":"closed","ping_status":"closed","sticky":false,"template":"","format":"standard","meta":{"_uag_custom_page_level_css":"","footnotes":""},"categories":[55,56],"tags":[1171,37,38,1169,1168,1170,388],"class_list":["post-4163","post","type-post","status-publish","format-standard","has-post-thumbnail","hentry","category-diseno","category-diseno-interior-decoracion","tag-ariel-yankelevich","tag-decoracion","tag-diseno-interior","tag-futbol","tag-modo-casa","tag-mundial","tag-tendencias","generate-columns","tablet-grid-50","mobile-grid-100","grid-parent","grid-50"],"yoast_head":"<!-- This site is optimized with the Yoast SEO plugin v27.3 - https:\/\/yoast.com\/product\/yoast-seo-wordpress\/ -->\n<title>Mundial de f\u00fatbol: Modo Casa inspira a vivirlo de una manera exclusiva - Arquimaster<\/title>\n<meta name=\"robots\" content=\"index, follow, max-snippet:-1, max-image-preview:large, max-video-preview:-1\" \/>\n<link rel=\"canonical\" href=\"https:\/\/www.arquimaster.com.ar\/web\/mundial-de-futbol-modo-casa-inspira-vivirlo-de-una-manera-exclusiva\/\" \/>\n<meta property=\"og:locale\" content=\"es_ES\" \/>\n<meta property=\"og:type\" content=\"article\" \/>\n<meta property=\"og:title\" content=\"Mundial de f\u00fatbol: Modo Casa inspira a vivirlo de una manera exclusiva - Arquimaster\" \/>\n<meta property=\"og:description\" content=\"Se multiplican los motivos para reunirse y los espacios de la casa cobran nuevo protagonismo...\" \/>\n<meta property=\"og:url\" content=\"https:\/\/www.arquimaster.com.ar\/web\/mundial-de-futbol-modo-casa-inspira-vivirlo-de-una-manera-exclusiva\/\" \/>\n<meta property=\"og:site_name\" content=\"Arquimaster\" \/>\n<meta property=\"article:publisher\" content=\"http:\/\/www.facebook.com\/ARQUIMASTER.com.ar\" \/>\n<meta property=\"article:published_time\" content=\"2014-03-19T20:18:22+00:00\" \/>\n<meta property=\"article:modified_time\" content=\"2026-03-29T00:48:55+00:00\" \/>\n<meta property=\"og:image\" content=\"https:\/\/www.arquimaster.com.ar\/web\/wp-content\/uploads\/2014\/03\/modocasa_mundial_slide.jpg\" \/>\n\t<meta property=\"og:image:width\" content=\"642\" \/>\n\t<meta property=\"og:image:height\" content=\"336\" \/>\n\t<meta property=\"og:image:type\" content=\"image\/jpeg\" \/>\n<meta name=\"author\" content=\"Arquimaster\" \/>\n<meta name=\"twitter:card\" content=\"summary_large_image\" \/>\n<meta name=\"twitter:creator\" content=\"@arquimaster\" \/>\n<meta name=\"twitter:site\" content=\"@arquimaster\" \/>\n<meta name=\"twitter:label1\" content=\"Escrito por\" \/>\n\t<meta name=\"twitter:data1\" content=\"Arquimaster\" \/>\n\t<meta name=\"twitter:label2\" content=\"Tiempo de lectura\" \/>\n\t<meta name=\"twitter:data2\" content=\"3 minutos\" \/>\n<script type=\"application\/ld+json\" class=\"yoast-schema-graph\">{\"@context\":\"https:\\\/\\\/schema.org\",\"@graph\":[{\"@type\":\"Article\",\"@id\":\"https:\\\/\\\/www.arquimaster.com.ar\\\/web\\\/mundial-de-futbol-modo-casa-inspira-vivirlo-de-una-manera-exclusiva\\\/#article\",\"isPartOf\":{\"@id\":\"https:\\\/\\\/www.arquimaster.com.ar\\\/web\\\/mundial-de-futbol-modo-casa-inspira-vivirlo-de-una-manera-exclusiva\\\/\"},\"author\":{\"name\":\"Arquimaster\",\"@id\":\"https:\\\/\\\/www.arquimaster.com.ar\\\/web\\\/#\\\/schema\\\/person\\\/359e9f7c00193fcde068e0dd2ceb0028\"},\"headline\":\"Mundial de f\u00fatbol: Modo Casa inspira a vivirlo de una manera exclusiva\",\"datePublished\":\"2014-03-19T20:18:22+00:00\",\"dateModified\":\"2026-03-29T00:48:55+00:00\",\"mainEntityOfPage\":{\"@id\":\"https:\\\/\\\/www.arquimaster.com.ar\\\/web\\\/mundial-de-futbol-modo-casa-inspira-vivirlo-de-una-manera-exclusiva\\\/\"},\"wordCount\":444,\"publisher\":{\"@id\":\"https:\\\/\\\/www.arquimaster.com.ar\\\/web\\\/#organization\"},\"image\":{\"@id\":\"https:\\\/\\\/www.arquimaster.com.ar\\\/web\\\/mundial-de-futbol-modo-casa-inspira-vivirlo-de-una-manera-exclusiva\\\/#primaryimage\"},\"thumbnailUrl\":\"https:\\\/\\\/www.arquimaster.com.ar\\\/web\\\/wp-content\\\/uploads\\\/2014\\\/03\\\/modocasa_mundial_slide.jpg\",\"keywords\":[\"Ariel Yankelevich\",\"decoracion\",\"dise\u00f1o interior\",\"futbol\",\"Modo Casa\",\"mundial\",\"tendencias\"],\"articleSection\":[\"Dise\u00f1o\",\"Dise\u00f1o interior y decoracion\"],\"inLanguage\":\"es\"},{\"@type\":\"WebPage\",\"@id\":\"https:\\\/\\\/www.arquimaster.com.ar\\\/web\\\/mundial-de-futbol-modo-casa-inspira-vivirlo-de-una-manera-exclusiva\\\/\",\"url\":\"https:\\\/\\\/www.arquimaster.com.ar\\\/web\\\/mundial-de-futbol-modo-casa-inspira-vivirlo-de-una-manera-exclusiva\\\/\",\"name\":\"Mundial de f\u00fatbol: Modo Casa inspira a vivirlo de una manera exclusiva - Arquimaster\",\"isPartOf\":{\"@id\":\"https:\\\/\\\/www.arquimaster.com.ar\\\/web\\\/#website\"},\"primaryImageOfPage\":{\"@id\":\"https:\\\/\\\/www.arquimaster.com.ar\\\/web\\\/mundial-de-futbol-modo-casa-inspira-vivirlo-de-una-manera-exclusiva\\\/#primaryimage\"},\"image\":{\"@id\":\"https:\\\/\\\/www.arquimaster.com.ar\\\/web\\\/mundial-de-futbol-modo-casa-inspira-vivirlo-de-una-manera-exclusiva\\\/#primaryimage\"},\"thumbnailUrl\":\"https:\\\/\\\/www.arquimaster.com.ar\\\/web\\\/wp-content\\\/uploads\\\/2014\\\/03\\\/modocasa_mundial_slide.jpg\",\"datePublished\":\"2014-03-19T20:18:22+00:00\",\"dateModified\":\"2026-03-29T00:48:55+00:00\",\"breadcrumb\":{\"@id\":\"https:\\\/\\\/www.arquimaster.com.ar\\\/web\\\/mundial-de-futbol-modo-casa-inspira-vivirlo-de-una-manera-exclusiva\\\/#breadcrumb\"},\"inLanguage\":\"es\",\"potentialAction\":[{\"@type\":\"ReadAction\",\"target\":[\"https:\\\/\\\/www.arquimaster.com.ar\\\/web\\\/mundial-de-futbol-modo-casa-inspira-vivirlo-de-una-manera-exclusiva\\\/\"]}]},{\"@type\":\"ImageObject\",\"inLanguage\":\"es\",\"@id\":\"https:\\\/\\\/www.arquimaster.com.ar\\\/web\\\/mundial-de-futbol-modo-casa-inspira-vivirlo-de-una-manera-exclusiva\\\/#primaryimage\",\"url\":\"https:\\\/\\\/www.arquimaster.com.ar\\\/web\\\/wp-content\\\/uploads\\\/2014\\\/03\\\/modocasa_mundial_slide.jpg\",\"contentUrl\":\"https:\\\/\\\/www.arquimaster.com.ar\\\/web\\\/wp-content\\\/uploads\\\/2014\\\/03\\\/modocasa_mundial_slide.jpg\",\"width\":642,\"height\":336},{\"@type\":\"BreadcrumbList\",\"@id\":\"https:\\\/\\\/www.arquimaster.com.ar\\\/web\\\/mundial-de-futbol-modo-casa-inspira-vivirlo-de-una-manera-exclusiva\\\/#breadcrumb\",\"itemListElement\":[{\"@type\":\"ListItem\",\"position\":1,\"name\":\"Portada\",\"item\":\"https:\\\/\\\/www.arquimaster.com.ar\\\/web\\\/\"},{\"@type\":\"ListItem\",\"position\":2,\"name\":\"Mundial de f\u00fatbol: Modo Casa inspira a vivirlo de una manera exclusiva\"}]},{\"@type\":\"WebSite\",\"@id\":\"https:\\\/\\\/www.arquimaster.com.ar\\\/web\\\/#website\",\"url\":\"https:\\\/\\\/www.arquimaster.com.ar\\\/web\\\/\",\"name\":\"Arquimaster\",\"description\":\"Web de arquitectura, dise\u00f1o y construccion\",\"publisher\":{\"@id\":\"https:\\\/\\\/www.arquimaster.com.ar\\\/web\\\/#organization\"},\"potentialAction\":[{\"@type\":\"SearchAction\",\"target\":{\"@type\":\"EntryPoint\",\"urlTemplate\":\"https:\\\/\\\/www.arquimaster.com.ar\\\/web\\\/?s={search_term_string}\"},\"query-input\":{\"@type\":\"PropertyValueSpecification\",\"valueRequired\":true,\"valueName\":\"search_term_string\"}}],\"inLanguage\":\"es\"},{\"@type\":\"Organization\",\"@id\":\"https:\\\/\\\/www.arquimaster.com.ar\\\/web\\\/#organization\",\"name\":\"Arquimaster\",\"url\":\"https:\\\/\\\/www.arquimaster.com.ar\\\/web\\\/\",\"logo\":{\"@type\":\"ImageObject\",\"inLanguage\":\"es\",\"@id\":\"https:\\\/\\\/www.arquimaster.com.ar\\\/web\\\/#\\\/schema\\\/logo\\\/image\\\/\",\"url\":\"https:\\\/\\\/www.arquimaster.com.ar\\\/web\\\/wp-content\\\/uploads\\\/2022\\\/06\\\/arquimaster.png\",\"contentUrl\":\"https:\\\/\\\/www.arquimaster.com.ar\\\/web\\\/wp-content\\\/uploads\\\/2022\\\/06\\\/arquimaster.png\",\"width\":594,\"height\":78,\"caption\":\"Arquimaster\"},\"image\":{\"@id\":\"https:\\\/\\\/www.arquimaster.com.ar\\\/web\\\/#\\\/schema\\\/logo\\\/image\\\/\"},\"sameAs\":[\"http:\\\/\\\/www.facebook.com\\\/ARQUIMASTER.com.ar\",\"https:\\\/\\\/x.com\\\/arquimaster\",\"https:\\\/\\\/www.instagram.com\\\/arquimasterblog\\\/\",\"https:\\\/\\\/www.linkedin.com\\\/company\\\/arquimaster\",\"https:\\\/\\\/www.pinterest.com\\\/arquimaster\",\"https:\\\/\\\/t.me\\\/arquimaster\"]},{\"@type\":\"Person\",\"@id\":\"https:\\\/\\\/www.arquimaster.com.ar\\\/web\\\/#\\\/schema\\\/person\\\/359e9f7c00193fcde068e0dd2ceb0028\",\"name\":\"Arquimaster\"}]}<\/script>\n<!-- \/ Yoast SEO plugin. -->","yoast_head_json":{"title":"Mundial de f\u00fatbol: Modo Casa inspira a vivirlo de una manera exclusiva - Arquimaster","robots":{"index":"index","follow":"follow","max-snippet":"max-snippet:-1","max-image-preview":"max-image-preview:large","max-video-preview":"max-video-preview:-1"},"canonical":"https:\/\/www.arquimaster.com.ar\/web\/mundial-de-futbol-modo-casa-inspira-vivirlo-de-una-manera-exclusiva\/","og_locale":"es_ES","og_type":"article","og_title":"Mundial de f\u00fatbol: Modo Casa inspira a vivirlo de una manera exclusiva - Arquimaster","og_description":"Se multiplican los motivos para reunirse y los espacios de la casa cobran nuevo protagonismo...","og_url":"https:\/\/www.arquimaster.com.ar\/web\/mundial-de-futbol-modo-casa-inspira-vivirlo-de-una-manera-exclusiva\/","og_site_name":"Arquimaster","article_publisher":"http:\/\/www.facebook.com\/ARQUIMASTER.com.ar","article_published_time":"2014-03-19T20:18:22+00:00","article_modified_time":"2026-03-29T00:48:55+00:00","og_image":[{"width":642,"height":336,"url":"https:\/\/www.arquimaster.com.ar\/web\/wp-content\/uploads\/2014\/03\/modocasa_mundial_slide.jpg","type":"image\/jpeg"}],"author":"Arquimaster","twitter_card":"summary_large_image","twitter_creator":"@arquimaster","twitter_site":"@arquimaster","twitter_misc":{"Escrito por":"Arquimaster","Tiempo de lectura":"3 minutos"},"schema":{"@context":"https:\/\/schema.org","@graph":[{"@type":"Article","@id":"https:\/\/www.arquimaster.com.ar\/web\/mundial-de-futbol-modo-casa-inspira-vivirlo-de-una-manera-exclusiva\/#article","isPartOf":{"@id":"https:\/\/www.arquimaster.com.ar\/web\/mundial-de-futbol-modo-casa-inspira-vivirlo-de-una-manera-exclusiva\/"},"author":{"name":"Arquimaster","@id":"https:\/\/www.arquimaster.com.ar\/web\/#\/schema\/person\/359e9f7c00193fcde068e0dd2ceb0028"},"headline":"Mundial de f\u00fatbol: Modo Casa inspira a vivirlo de una manera exclusiva","datePublished":"2014-03-19T20:18:22+00:00","dateModified":"2026-03-29T00:48:55+00:00","mainEntityOfPage":{"@id":"https:\/\/www.arquimaster.com.ar\/web\/mundial-de-futbol-modo-casa-inspira-vivirlo-de-una-manera-exclusiva\/"},"wordCount":444,"publisher":{"@id":"https:\/\/www.arquimaster.com.ar\/web\/#organization"},"image":{"@id":"https:\/\/www.arquimaster.com.ar\/web\/mundial-de-futbol-modo-casa-inspira-vivirlo-de-una-manera-exclusiva\/#primaryimage"},"thumbnailUrl":"https:\/\/www.arquimaster.com.ar\/web\/wp-content\/uploads\/2014\/03\/modocasa_mundial_slide.jpg","keywords":["Ariel Yankelevich","decoracion","dise\u00f1o interior","futbol","Modo Casa","mundial","tendencias"],"articleSection":["Dise\u00f1o","Dise\u00f1o interior y decoracion"],"inLanguage":"es"},{"@type":"WebPage","@id":"https:\/\/www.arquimaster.com.ar\/web\/mundial-de-futbol-modo-casa-inspira-vivirlo-de-una-manera-exclusiva\/","url":"https:\/\/www.arquimaster.com.ar\/web\/mundial-de-futbol-modo-casa-inspira-vivirlo-de-una-manera-exclusiva\/","name":"Mundial de f\u00fatbol: Modo Casa inspira a vivirlo de una manera exclusiva - Arquimaster","isPartOf":{"@id":"https:\/\/www.arquimaster.com.ar\/web\/#website"},"primaryImageOfPage":{"@id":"https:\/\/www.arquimaster.com.ar\/web\/mundial-de-futbol-modo-casa-inspira-vivirlo-de-una-manera-exclusiva\/#primaryimage"},"image":{"@id":"https:\/\/www.arquimaster.com.ar\/web\/mundial-de-futbol-modo-casa-inspira-vivirlo-de-una-manera-exclusiva\/#primaryimage"},"thumbnailUrl":"https:\/\/www.arquimaster.com.ar\/web\/wp-content\/uploads\/2014\/03\/modocasa_mundial_slide.jpg","datePublished":"2014-03-19T20:18:22+00:00","dateModified":"2026-03-29T00:48:55+00:00","breadcrumb":{"@id":"https:\/\/www.arquimaster.com.ar\/web\/mundial-de-futbol-modo-casa-inspira-vivirlo-de-una-manera-exclusiva\/#breadcrumb"},"inLanguage":"es","potentialAction":[{"@type":"ReadAction","target":["https:\/\/www.arquimaster.com.ar\/web\/mundial-de-futbol-modo-casa-inspira-vivirlo-de-una-manera-exclusiva\/"]}]},{"@type":"ImageObject","inLanguage":"es","@id":"https:\/\/www.arquimaster.com.ar\/web\/mundial-de-futbol-modo-casa-inspira-vivirlo-de-una-manera-exclusiva\/#primaryimage","url":"https:\/\/www.arquimaster.com.ar\/web\/wp-content\/uploads\/2014\/03\/modocasa_mundial_slide.jpg","contentUrl":"https:\/\/www.arquimaster.com.ar\/web\/wp-content\/uploads\/2014\/03\/modocasa_mundial_slide.jpg","width":642,"height":336},{"@type":"BreadcrumbList","@id":"https:\/\/www.arquimaster.com.ar\/web\/mundial-de-futbol-modo-casa-inspira-vivirlo-de-una-manera-exclusiva\/#breadcrumb","itemListElement":[{"@type":"ListItem","position":1,"name":"Portada","item":"https:\/\/www.arquimaster.com.ar\/web\/"},{"@type":"ListItem","position":2,"name":"Mundial de f\u00fatbol: Modo Casa inspira a vivirlo de una manera exclusiva"}]},{"@type":"WebSite","@id":"https:\/\/www.arquimaster.com.ar\/web\/#website","url":"https:\/\/www.arquimaster.com.ar\/web\/","name":"Arquimaster","description":"Web de arquitectura, dise\u00f1o y construccion","publisher":{"@id":"https:\/\/www.arquimaster.com.ar\/web\/#organization"},"potentialAction":[{"@type":"SearchAction","target":{"@type":"EntryPoint","urlTemplate":"https:\/\/www.arquimaster.com.ar\/web\/?s={search_term_string}"},"query-input":{"@type":"PropertyValueSpecification","valueRequired":true,"valueName":"search_term_string"}}],"inLanguage":"es"},{"@type":"Organization","@id":"https:\/\/www.arquimaster.com.ar\/web\/#organization","name":"Arquimaster","url":"https:\/\/www.arquimaster.com.ar\/web\/","logo":{"@type":"ImageObject","inLanguage":"es","@id":"https:\/\/www.arquimaster.com.ar\/web\/#\/schema\/logo\/image\/","url":"https:\/\/www.arquimaster.com.ar\/web\/wp-content\/uploads\/2022\/06\/arquimaster.png","contentUrl":"https:\/\/www.arquimaster.com.ar\/web\/wp-content\/uploads\/2022\/06\/arquimaster.png","width":594,"height":78,"caption":"Arquimaster"},"image":{"@id":"https:\/\/www.arquimaster.com.ar\/web\/#\/schema\/logo\/image\/"},"sameAs":["http:\/\/www.facebook.com\/ARQUIMASTER.com.ar","https:\/\/x.com\/arquimaster","https:\/\/www.instagram.com\/arquimasterblog\/","https:\/\/www.linkedin.com\/company\/arquimaster","https:\/\/www.pinterest.com\/arquimaster","https:\/\/t.me\/arquimaster"]},{"@type":"Person","@id":"https:\/\/www.arquimaster.com.ar\/web\/#\/schema\/person\/359e9f7c00193fcde068e0dd2ceb0028","name":"Arquimaster"}]}},"uagb_featured_image_src":{"full":["https:\/\/www.arquimaster.com.ar\/web\/wp-content\/uploads\/2014\/03\/modocasa_mundial_slide.jpg",642,336,false],"thumbnail":["https:\/\/www.arquimaster.com.ar\/web\/wp-content\/uploads\/2014\/03\/modocasa_mundial_slide-150x150.jpg",150,150,true],"medium":["https:\/\/www.arquimaster.com.ar\/web\/wp-content\/uploads\/2014\/03\/modocasa_mundial_slide-300x157.jpg",300,157,true],"medium_large":["https:\/\/www.arquimaster.com.ar\/web\/wp-content\/uploads\/2014\/03\/modocasa_mundial_slide.jpg",642,336,false],"large":["https:\/\/www.arquimaster.com.ar\/web\/wp-content\/uploads\/2014\/03\/modocasa_mundial_slide.jpg",642,336,false],"1536x1536":["https:\/\/www.arquimaster.com.ar\/web\/wp-content\/uploads\/2014\/03\/modocasa_mundial_slide.jpg",642,336,false],"2048x2048":["https:\/\/www.arquimaster.com.ar\/web\/wp-content\/uploads\/2014\/03\/modocasa_mundial_slide.jpg",642,336,false]},"uagb_author_info":{"display_name":"Arquimaster","author_link":"https:\/\/www.arquimaster.com.ar\/web\/author\/arquimaster\/"},"uagb_comment_info":0,"uagb_excerpt":"Se multiplican los motivos para reunirse y los espacios de la casa cobran nuevo protagonismo...","_links":{"self":[{"href":"https:\/\/www.arquimaster.com.ar\/web\/wp-json\/wp\/v2\/posts\/4163","targetHints":{"allow":["GET"]}}],"collection":[{"href":"https:\/\/www.arquimaster.com.ar\/web\/wp-json\/wp\/v2\/posts"}],"about":[{"href":"https:\/\/www.arquimaster.com.ar\/web\/wp-json\/wp\/v2\/types\/post"}],"author":[{"embeddable":true,"href":"https:\/\/www.arquimaster.com.ar\/web\/wp-json\/wp\/v2\/users\/1"}],"replies":[{"embeddable":true,"href":"https:\/\/www.arquimaster.com.ar\/web\/wp-json\/wp\/v2\/comments?post=4163"}],"version-history":[{"count":1,"href":"https:\/\/www.arquimaster.com.ar\/web\/wp-json\/wp\/v2\/posts\/4163\/revisions"}],"predecessor-version":[{"id":88063,"href":"https:\/\/www.arquimaster.com.ar\/web\/wp-json\/wp\/v2\/posts\/4163\/revisions\/88063"}],"wp:featuredmedia":[{"embeddable":true,"href":"https:\/\/www.arquimaster.com.ar\/web\/wp-json\/wp\/v2\/media\/4164"}],"wp:attachment":[{"href":"https:\/\/www.arquimaster.com.ar\/web\/wp-json\/wp\/v2\/media?parent=4163"}],"wp:term":[{"taxonomy":"category","embeddable":true,"href":"https:\/\/www.arquimaster.com.ar\/web\/wp-json\/wp\/v2\/categories?post=4163"},{"taxonomy":"post_tag","embeddable":true,"href":"https:\/\/www.arquimaster.com.ar\/web\/wp-json\/wp\/v2\/tags?post=4163"}],"curies":[{"name":"wp","href":"https:\/\/api.w.org\/{rel}","templated":true}]}}