{"id":4170,"date":"2014-03-19T23:45:07","date_gmt":"2014-03-19T23:45:07","guid":{"rendered":"http:\/\/www.arquimaster.com.ar\/web\/?p=4170"},"modified":"2014-03-20T00:20:13","modified_gmt":"2014-03-20T00:20:13","slug":"casa-carassale-bak-arquitectos","status":"publish","type":"post","link":"https:\/\/www.arquimaster.com.ar\/web\/casa-carassale-bak-arquitectos\/","title":{"rendered":"Casa Carassale \/ BAK Arquitectos"},"content":{"rendered":"<div style=\"margin-top: 0px; margin-bottom: 0px;\" class=\"sharethis-inline-share-buttons\" ><\/div><div class=\"b812932af2e751442846f039925109de\" data-index=\"1\" style=\"float: none; margin:25px 0 25px 0; text-align:center;\">\n<script async src=\"https:\/\/pagead2.googlesyndication.com\/pagead\/js\/adsbygoogle.js\"><\/script>\r\n<!-- Arquimaster (superior) -->\r\n<ins class=\"adsbygoogle\"\r\n     style=\"display:block\"\r\n     data-ad-client=\"ca-pub-6351072698456832\"\r\n     data-ad-slot=\"6455489680\"\r\n     data-ad-format=\"auto\"\r\n     data-full-width-responsive=\"true\"><\/ins>\r\n<script>\r\n     (adsbygoogle = window.adsbygoogle || []).push({});\r\n<\/script>\n<\/div>\n<p><strong>Casa Carassale<\/strong> (vivienda de veraneo en Costa Esmeralda, Pcia. de Buenos Aires, Argentina) por <strong>BAK Arquitectos<\/strong>. Todos los ambientes cuentan con una relaci\u00f3n muy fluida con el exterior y la formalizaci\u00f3n de la vivienda es austera y de muy bajo impacto en un entorno agreste.<\/p>\n<div id='gallery-1' class='gallery galleryid-4170 gallery-columns-3 gallery-size-thumbnail'><figure class='gallery-item'>\n\t\t\t<div class='gallery-icon landscape'>\n\t\t\t\t<a href='https:\/\/www.arquimaster.com.ar\/web\/wp-content\/uploads\/2014\/03\/casa_carassale1.jpg' title=\"Casa Carassale \/ BAK Arquitectos (\u00a9 Gustavo Sosa Pinilla)\" data-rl_title=\"Casa Carassale \/ BAK Arquitectos (\u00a9 Gustavo Sosa Pinilla)\" class=\"rl-gallery-link\" data-rl_caption=\"Casa Carassale \/ BAK Arquitectos (\u00a9 Gustavo Sosa Pinilla)\" data-rel=\"lightbox-gallery-1\"><img loading=\"lazy\" decoding=\"async\" width=\"150\" height=\"150\" src=\"https:\/\/www.arquimaster.com.ar\/web\/wp-content\/uploads\/2014\/03\/casa_carassale1-150x150.jpg\" class=\"attachment-thumbnail size-thumbnail\" alt=\"\" aria-describedby=\"gallery-1-4173\" srcset=\"https:\/\/www.arquimaster.com.ar\/web\/wp-content\/uploads\/2014\/03\/casa_carassale1-150x150.jpg 150w, https:\/\/www.arquimaster.com.ar\/web\/wp-content\/uploads\/2014\/03\/casa_carassale1-50x50.jpg 50w, https:\/\/www.arquimaster.com.ar\/web\/wp-content\/uploads\/2014\/03\/casa_carassale1-125x125.jpg 125w\" sizes=\"auto, (max-width: 150px) 100vw, 150px\" \/><\/a>\n\t\t\t<\/div>\n\t\t\t\t<figcaption class='wp-caption-text gallery-caption' id='gallery-1-4173'>\n\t\t\t\tCasa Carassale \/ BAK Arquitectos (\u00a9 Gustavo Sosa Pinilla)\n\t\t\t\t<\/figcaption><\/figure><figure class='gallery-item'>\n\t\t\t<div class='gallery-icon landscape'>\n\t\t\t\t<a href='https:\/\/www.arquimaster.com.ar\/web\/wp-content\/uploads\/2014\/03\/casa_carassale2.jpg' title=\"Casa Carassale \/ BAK Arquitectos (\u00a9 Gustavo Sosa Pinilla)\" data-rl_title=\"Casa Carassale \/ BAK Arquitectos (\u00a9 Gustavo Sosa Pinilla)\" class=\"rl-gallery-link\" data-rl_caption=\"Casa Carassale \/ BAK Arquitectos (\u00a9 Gustavo Sosa Pinilla)\" data-rel=\"lightbox-gallery-1\"><img loading=\"lazy\" decoding=\"async\" width=\"150\" height=\"150\" src=\"https:\/\/www.arquimaster.com.ar\/web\/wp-content\/uploads\/2014\/03\/casa_carassale2-150x150.jpg\" class=\"attachment-thumbnail size-thumbnail\" alt=\"\" aria-describedby=\"gallery-1-4174\" srcset=\"https:\/\/www.arquimaster.com.ar\/web\/wp-content\/uploads\/2014\/03\/casa_carassale2-150x150.jpg 150w, https:\/\/www.arquimaster.com.ar\/web\/wp-content\/uploads\/2014\/03\/casa_carassale2-50x50.jpg 50w, https:\/\/www.arquimaster.com.ar\/web\/wp-content\/uploads\/2014\/03\/casa_carassale2-125x125.jpg 125w\" sizes=\"auto, (max-width: 150px) 100vw, 150px\" \/><\/a>\n\t\t\t<\/div>\n\t\t\t\t<figcaption class='wp-caption-text gallery-caption' id='gallery-1-4174'>\n\t\t\t\tCasa Carassale \/ BAK Arquitectos (\u00a9 Gustavo Sosa Pinilla)\n\t\t\t\t<\/figcaption><\/figure><figure class='gallery-item'>\n\t\t\t<div class='gallery-icon landscape'>\n\t\t\t\t<a href='https:\/\/www.arquimaster.com.ar\/web\/wp-content\/uploads\/2014\/03\/casa_carassale3.jpg' title=\"Casa Carassale \/ BAK Arquitectos (\u00a9 Gustavo Sosa Pinilla)\" data-rl_title=\"Casa Carassale \/ BAK Arquitectos (\u00a9 Gustavo Sosa Pinilla)\" class=\"rl-gallery-link\" data-rl_caption=\"Casa Carassale \/ BAK Arquitectos (\u00a9 Gustavo Sosa Pinilla)\" data-rel=\"lightbox-gallery-1\"><img loading=\"lazy\" decoding=\"async\" width=\"150\" height=\"150\" src=\"https:\/\/www.arquimaster.com.ar\/web\/wp-content\/uploads\/2014\/03\/casa_carassale3-150x150.jpg\" class=\"attachment-thumbnail size-thumbnail\" alt=\"\" aria-describedby=\"gallery-1-4175\" srcset=\"https:\/\/www.arquimaster.com.ar\/web\/wp-content\/uploads\/2014\/03\/casa_carassale3-150x150.jpg 150w, https:\/\/www.arquimaster.com.ar\/web\/wp-content\/uploads\/2014\/03\/casa_carassale3-50x50.jpg 50w, https:\/\/www.arquimaster.com.ar\/web\/wp-content\/uploads\/2014\/03\/casa_carassale3-125x125.jpg 125w\" sizes=\"auto, (max-width: 150px) 100vw, 150px\" \/><\/a>\n\t\t\t<\/div>\n\t\t\t\t<figcaption class='wp-caption-text gallery-caption' id='gallery-1-4175'>\n\t\t\t\tCasa Carassale \/ BAK Arquitectos (\u00a9 Gustavo Sosa Pinilla)\n\t\t\t\t<\/figcaption><\/figure><figure class='gallery-item'>\n\t\t\t<div class='gallery-icon landscape'>\n\t\t\t\t<a href='https:\/\/www.arquimaster.com.ar\/web\/wp-content\/uploads\/2014\/03\/casa_carassale4.jpg' title=\"Casa Carassale \/ BAK Arquitectos (\u00a9 Gustavo Sosa Pinilla)\" data-rl_title=\"Casa Carassale \/ BAK Arquitectos (\u00a9 Gustavo Sosa Pinilla)\" class=\"rl-gallery-link\" data-rl_caption=\"Casa Carassale \/ BAK Arquitectos (\u00a9 Gustavo Sosa Pinilla)\" data-rel=\"lightbox-gallery-1\"><img loading=\"lazy\" decoding=\"async\" width=\"150\" height=\"150\" src=\"https:\/\/www.arquimaster.com.ar\/web\/wp-content\/uploads\/2014\/03\/casa_carassale4-150x150.jpg\" class=\"attachment-thumbnail size-thumbnail\" alt=\"\" aria-describedby=\"gallery-1-4176\" srcset=\"https:\/\/www.arquimaster.com.ar\/web\/wp-content\/uploads\/2014\/03\/casa_carassale4-150x150.jpg 150w, https:\/\/www.arquimaster.com.ar\/web\/wp-content\/uploads\/2014\/03\/casa_carassale4-50x50.jpg 50w, https:\/\/www.arquimaster.com.ar\/web\/wp-content\/uploads\/2014\/03\/casa_carassale4-125x125.jpg 125w\" sizes=\"auto, (max-width: 150px) 100vw, 150px\" \/><\/a>\n\t\t\t<\/div>\n\t\t\t\t<figcaption class='wp-caption-text gallery-caption' id='gallery-1-4176'>\n\t\t\t\tCasa Carassale \/ BAK Arquitectos (\u00a9 Gustavo Sosa Pinilla)\n\t\t\t\t<\/figcaption><\/figure><figure class='gallery-item'>\n\t\t\t<div class='gallery-icon landscape'>\n\t\t\t\t<a href='https:\/\/www.arquimaster.com.ar\/web\/wp-content\/uploads\/2014\/03\/casa_carassale5.jpg' title=\"Casa Carassale \/ BAK Arquitectos (\u00a9 Gustavo Sosa Pinilla)\" data-rl_title=\"Casa Carassale \/ BAK Arquitectos (\u00a9 Gustavo Sosa Pinilla)\" class=\"rl-gallery-link\" data-rl_caption=\"Casa Carassale \/ BAK Arquitectos (\u00a9 Gustavo Sosa Pinilla)\" data-rel=\"lightbox-gallery-1\"><img loading=\"lazy\" decoding=\"async\" width=\"150\" height=\"150\" src=\"https:\/\/www.arquimaster.com.ar\/web\/wp-content\/uploads\/2014\/03\/casa_carassale5-150x150.jpg\" class=\"attachment-thumbnail size-thumbnail\" alt=\"\" aria-describedby=\"gallery-1-4177\" srcset=\"https:\/\/www.arquimaster.com.ar\/web\/wp-content\/uploads\/2014\/03\/casa_carassale5-150x150.jpg 150w, https:\/\/www.arquimaster.com.ar\/web\/wp-content\/uploads\/2014\/03\/casa_carassale5-50x50.jpg 50w, https:\/\/www.arquimaster.com.ar\/web\/wp-content\/uploads\/2014\/03\/casa_carassale5-125x125.jpg 125w\" sizes=\"auto, (max-width: 150px) 100vw, 150px\" \/><\/a>\n\t\t\t<\/div>\n\t\t\t\t<figcaption class='wp-caption-text gallery-caption' id='gallery-1-4177'>\n\t\t\t\tCasa Carassale \/ BAK Arquitectos (\u00a9 Gustavo Sosa Pinilla)\n\t\t\t\t<\/figcaption><\/figure><figure class='gallery-item'>\n\t\t\t<div class='gallery-icon landscape'>\n\t\t\t\t<a href='https:\/\/www.arquimaster.com.ar\/web\/wp-content\/uploads\/2014\/03\/casa_carassale6.jpg' title=\"Casa Carassale \/ BAK Arquitectos (\u00a9 Gustavo Sosa Pinilla)\" data-rl_title=\"Casa Carassale \/ BAK Arquitectos (\u00a9 Gustavo Sosa Pinilla)\" class=\"rl-gallery-link\" data-rl_caption=\"Casa Carassale \/ BAK Arquitectos (\u00a9 Gustavo Sosa Pinilla)\" data-rel=\"lightbox-gallery-1\"><img loading=\"lazy\" decoding=\"async\" width=\"150\" height=\"150\" src=\"https:\/\/www.arquimaster.com.ar\/web\/wp-content\/uploads\/2014\/03\/casa_carassale6-150x150.jpg\" class=\"attachment-thumbnail size-thumbnail\" alt=\"\" aria-describedby=\"gallery-1-4178\" srcset=\"https:\/\/www.arquimaster.com.ar\/web\/wp-content\/uploads\/2014\/03\/casa_carassale6-150x150.jpg 150w, https:\/\/www.arquimaster.com.ar\/web\/wp-content\/uploads\/2014\/03\/casa_carassale6-50x50.jpg 50w, https:\/\/www.arquimaster.com.ar\/web\/wp-content\/uploads\/2014\/03\/casa_carassale6-125x125.jpg 125w\" sizes=\"auto, (max-width: 150px) 100vw, 150px\" \/><\/a>\n\t\t\t<\/div>\n\t\t\t\t<figcaption class='wp-caption-text gallery-caption' id='gallery-1-4178'>\n\t\t\t\tCasa Carassale \/ BAK Arquitectos (\u00a9 Gustavo Sosa Pinilla)\n\t\t\t\t<\/figcaption><\/figure><figure class='gallery-item'>\n\t\t\t<div class='gallery-icon landscape'>\n\t\t\t\t<a href='https:\/\/www.arquimaster.com.ar\/web\/wp-content\/uploads\/2014\/03\/casa_carassale7.jpg' title=\"Casa Carassale \/ BAK Arquitectos (\u00a9 Gustavo Sosa Pinilla)\" data-rl_title=\"Casa Carassale \/ BAK Arquitectos (\u00a9 Gustavo Sosa Pinilla)\" class=\"rl-gallery-link\" data-rl_caption=\"Casa Carassale \/ BAK Arquitectos (\u00a9 Gustavo Sosa Pinilla)\" data-rel=\"lightbox-gallery-1\"><img loading=\"lazy\" decoding=\"async\" width=\"150\" height=\"150\" src=\"https:\/\/www.arquimaster.com.ar\/web\/wp-content\/uploads\/2014\/03\/casa_carassale7-150x150.jpg\" class=\"attachment-thumbnail size-thumbnail\" alt=\"\" aria-describedby=\"gallery-1-4179\" srcset=\"https:\/\/www.arquimaster.com.ar\/web\/wp-content\/uploads\/2014\/03\/casa_carassale7-150x150.jpg 150w, https:\/\/www.arquimaster.com.ar\/web\/wp-content\/uploads\/2014\/03\/casa_carassale7-50x50.jpg 50w, https:\/\/www.arquimaster.com.ar\/web\/wp-content\/uploads\/2014\/03\/casa_carassale7-125x125.jpg 125w\" sizes=\"auto, (max-width: 150px) 100vw, 150px\" \/><\/a>\n\t\t\t<\/div>\n\t\t\t\t<figcaption class='wp-caption-text gallery-caption' id='gallery-1-4179'>\n\t\t\t\tCasa Carassale \/ BAK Arquitectos (\u00a9 Gustavo Sosa Pinilla)\n\t\t\t\t<\/figcaption><\/figure><figure class='gallery-item'>\n\t\t\t<div class='gallery-icon landscape'>\n\t\t\t\t<a href='https:\/\/www.arquimaster.com.ar\/web\/wp-content\/uploads\/2014\/03\/casa_carassale8.jpg' title=\"Casa Carassale \/ BAK Arquitectos (\u00a9 Gustavo Sosa Pinilla)\" data-rl_title=\"Casa Carassale \/ BAK Arquitectos (\u00a9 Gustavo Sosa Pinilla)\" class=\"rl-gallery-link\" data-rl_caption=\"Casa Carassale \/ BAK Arquitectos (\u00a9 Gustavo Sosa Pinilla)\" data-rel=\"lightbox-gallery-1\"><img loading=\"lazy\" decoding=\"async\" width=\"150\" height=\"150\" src=\"https:\/\/www.arquimaster.com.ar\/web\/wp-content\/uploads\/2014\/03\/casa_carassale8-150x150.jpg\" class=\"attachment-thumbnail size-thumbnail\" alt=\"\" aria-describedby=\"gallery-1-4180\" srcset=\"https:\/\/www.arquimaster.com.ar\/web\/wp-content\/uploads\/2014\/03\/casa_carassale8-150x150.jpg 150w, https:\/\/www.arquimaster.com.ar\/web\/wp-content\/uploads\/2014\/03\/casa_carassale8-50x50.jpg 50w, https:\/\/www.arquimaster.com.ar\/web\/wp-content\/uploads\/2014\/03\/casa_carassale8-125x125.jpg 125w\" sizes=\"auto, (max-width: 150px) 100vw, 150px\" \/><\/a>\n\t\t\t<\/div>\n\t\t\t\t<figcaption class='wp-caption-text gallery-caption' id='gallery-1-4180'>\n\t\t\t\tCasa Carassale \/ BAK Arquitectos (\u00a9 Gustavo Sosa Pinilla)\n\t\t\t\t<\/figcaption><\/figure><figure class='gallery-item'>\n\t\t\t<div class='gallery-icon landscape'>\n\t\t\t\t<a href='https:\/\/www.arquimaster.com.ar\/web\/wp-content\/uploads\/2014\/03\/casa_carassale9.jpg' title=\"Casa Carassale \/ BAK Arquitectos (\u00a9 Gustavo Sosa Pinilla)\" data-rl_title=\"Casa Carassale \/ BAK Arquitectos (\u00a9 Gustavo Sosa Pinilla)\" class=\"rl-gallery-link\" data-rl_caption=\"Casa Carassale \/ BAK Arquitectos (\u00a9 Gustavo Sosa Pinilla)\" data-rel=\"lightbox-gallery-1\"><img loading=\"lazy\" decoding=\"async\" width=\"150\" height=\"150\" src=\"https:\/\/www.arquimaster.com.ar\/web\/wp-content\/uploads\/2014\/03\/casa_carassale9-150x150.jpg\" class=\"attachment-thumbnail size-thumbnail\" alt=\"\" aria-describedby=\"gallery-1-4181\" srcset=\"https:\/\/www.arquimaster.com.ar\/web\/wp-content\/uploads\/2014\/03\/casa_carassale9-150x150.jpg 150w, https:\/\/www.arquimaster.com.ar\/web\/wp-content\/uploads\/2014\/03\/casa_carassale9-50x50.jpg 50w, https:\/\/www.arquimaster.com.ar\/web\/wp-content\/uploads\/2014\/03\/casa_carassale9-125x125.jpg 125w\" sizes=\"auto, (max-width: 150px) 100vw, 150px\" \/><\/a>\n\t\t\t<\/div>\n\t\t\t\t<figcaption class='wp-caption-text gallery-caption' id='gallery-1-4181'>\n\t\t\t\tCasa Carassale \/ BAK Arquitectos (\u00a9 Gustavo Sosa Pinilla)\n\t\t\t\t<\/figcaption><\/figure><figure class='gallery-item'>\n\t\t\t<div class='gallery-icon landscape'>\n\t\t\t\t<a href='https:\/\/www.arquimaster.com.ar\/web\/wp-content\/uploads\/2014\/03\/casa_carassale10.jpg' title=\"Casa Carassale \/ BAK Arquitectos (\u00a9 Gustavo Sosa Pinilla)\" data-rl_title=\"Casa Carassale \/ BAK Arquitectos (\u00a9 Gustavo Sosa Pinilla)\" class=\"rl-gallery-link\" data-rl_caption=\"Casa Carassale \/ BAK Arquitectos (\u00a9 Gustavo Sosa Pinilla)\" data-rel=\"lightbox-gallery-1\"><img loading=\"lazy\" decoding=\"async\" width=\"150\" height=\"150\" src=\"https:\/\/www.arquimaster.com.ar\/web\/wp-content\/uploads\/2014\/03\/casa_carassale10-150x150.jpg\" class=\"attachment-thumbnail size-thumbnail\" alt=\"\" aria-describedby=\"gallery-1-4183\" srcset=\"https:\/\/www.arquimaster.com.ar\/web\/wp-content\/uploads\/2014\/03\/casa_carassale10-150x150.jpg 150w, https:\/\/www.arquimaster.com.ar\/web\/wp-content\/uploads\/2014\/03\/casa_carassale10-50x50.jpg 50w, https:\/\/www.arquimaster.com.ar\/web\/wp-content\/uploads\/2014\/03\/casa_carassale10-125x125.jpg 125w\" sizes=\"auto, (max-width: 150px) 100vw, 150px\" \/><\/a>\n\t\t\t<\/div>\n\t\t\t\t<figcaption class='wp-caption-text gallery-caption' id='gallery-1-4183'>\n\t\t\t\tCasa Carassale \/ BAK Arquitectos (\u00a9 Gustavo Sosa Pinilla)\n\t\t\t\t<\/figcaption><\/figure><figure class='gallery-item'>\n\t\t\t<div class='gallery-icon landscape'>\n\t\t\t\t<a href='https:\/\/www.arquimaster.com.ar\/web\/wp-content\/uploads\/2014\/03\/casa_carassale11.jpg' title=\"Casa Carassale \/ BAK Arquitectos (\u00a9 Gustavo Sosa Pinilla)\" data-rl_title=\"Casa Carassale \/ BAK Arquitectos (\u00a9 Gustavo Sosa Pinilla)\" class=\"rl-gallery-link\" data-rl_caption=\"Casa Carassale \/ BAK Arquitectos (\u00a9 Gustavo Sosa Pinilla)\" data-rel=\"lightbox-gallery-1\"><img loading=\"lazy\" decoding=\"async\" width=\"150\" height=\"150\" src=\"https:\/\/www.arquimaster.com.ar\/web\/wp-content\/uploads\/2014\/03\/casa_carassale11-150x150.jpg\" class=\"attachment-thumbnail size-thumbnail\" alt=\"\" aria-describedby=\"gallery-1-4184\" srcset=\"https:\/\/www.arquimaster.com.ar\/web\/wp-content\/uploads\/2014\/03\/casa_carassale11-150x150.jpg 150w, https:\/\/www.arquimaster.com.ar\/web\/wp-content\/uploads\/2014\/03\/casa_carassale11-50x50.jpg 50w, https:\/\/www.arquimaster.com.ar\/web\/wp-content\/uploads\/2014\/03\/casa_carassale11-125x125.jpg 125w\" sizes=\"auto, (max-width: 150px) 100vw, 150px\" \/><\/a>\n\t\t\t<\/div>\n\t\t\t\t<figcaption class='wp-caption-text gallery-caption' id='gallery-1-4184'>\n\t\t\t\tCasa Carassale \/ BAK Arquitectos (\u00a9 Gustavo Sosa Pinilla)\n\t\t\t\t<\/figcaption><\/figure><figure class='gallery-item'>\n\t\t\t<div class='gallery-icon landscape'>\n\t\t\t\t<a href='https:\/\/www.arquimaster.com.ar\/web\/wp-content\/uploads\/2014\/03\/casa_carassale12.jpg' title=\"Casa Carassale \/ BAK Arquitectos (\u00a9 Gustavo Sosa Pinilla)\" data-rl_title=\"Casa Carassale \/ BAK Arquitectos (\u00a9 Gustavo Sosa Pinilla)\" class=\"rl-gallery-link\" data-rl_caption=\"Casa Carassale \/ BAK Arquitectos (\u00a9 Gustavo Sosa Pinilla)\" data-rel=\"lightbox-gallery-1\"><img loading=\"lazy\" decoding=\"async\" width=\"150\" height=\"150\" src=\"https:\/\/www.arquimaster.com.ar\/web\/wp-content\/uploads\/2014\/03\/casa_carassale12-150x150.jpg\" class=\"attachment-thumbnail size-thumbnail\" alt=\"\" aria-describedby=\"gallery-1-4185\" srcset=\"https:\/\/www.arquimaster.com.ar\/web\/wp-content\/uploads\/2014\/03\/casa_carassale12-150x150.jpg 150w, https:\/\/www.arquimaster.com.ar\/web\/wp-content\/uploads\/2014\/03\/casa_carassale12-50x50.jpg 50w, https:\/\/www.arquimaster.com.ar\/web\/wp-content\/uploads\/2014\/03\/casa_carassale12-125x125.jpg 125w\" sizes=\"auto, (max-width: 150px) 100vw, 150px\" \/><\/a>\n\t\t\t<\/div>\n\t\t\t\t<figcaption class='wp-caption-text gallery-caption' id='gallery-1-4185'>\n\t\t\t\tCasa Carassale \/ BAK Arquitectos (\u00a9 Gustavo Sosa Pinilla)\n\t\t\t\t<\/figcaption><\/figure><figure class='gallery-item'>\n\t\t\t<div class='gallery-icon portrait'>\n\t\t\t\t<a href='https:\/\/www.arquimaster.com.ar\/web\/wp-content\/uploads\/2014\/03\/casa_carassale13.jpg' title=\"Casa Carassale \/ BAK Arquitectos (\u00a9 Gustavo Sosa Pinilla)\" data-rl_title=\"Casa Carassale \/ BAK Arquitectos (\u00a9 Gustavo Sosa Pinilla)\" class=\"rl-gallery-link\" data-rl_caption=\"Casa Carassale \/ BAK Arquitectos (\u00a9 Gustavo Sosa Pinilla)\" data-rel=\"lightbox-gallery-1\"><img loading=\"lazy\" decoding=\"async\" width=\"150\" height=\"150\" src=\"https:\/\/www.arquimaster.com.ar\/web\/wp-content\/uploads\/2014\/03\/casa_carassale13-150x150.jpg\" class=\"attachment-thumbnail size-thumbnail\" alt=\"\" aria-describedby=\"gallery-1-4186\" srcset=\"https:\/\/www.arquimaster.com.ar\/web\/wp-content\/uploads\/2014\/03\/casa_carassale13-150x150.jpg 150w, https:\/\/www.arquimaster.com.ar\/web\/wp-content\/uploads\/2014\/03\/casa_carassale13-50x50.jpg 50w, https:\/\/www.arquimaster.com.ar\/web\/wp-content\/uploads\/2014\/03\/casa_carassale13-125x125.jpg 125w\" sizes=\"auto, (max-width: 150px) 100vw, 150px\" \/><\/a>\n\t\t\t<\/div>\n\t\t\t\t<figcaption class='wp-caption-text gallery-caption' id='gallery-1-4186'>\n\t\t\t\tCasa Carassale \/ BAK Arquitectos (\u00a9 Gustavo Sosa Pinilla)\n\t\t\t\t<\/figcaption><\/figure><figure class='gallery-item'>\n\t\t\t<div class='gallery-icon portrait'>\n\t\t\t\t<a href='https:\/\/www.arquimaster.com.ar\/web\/wp-content\/uploads\/2014\/03\/casa_carassale14.jpg' title=\"Casa Carassale \/ BAK Arquitectos (\u00a9 Gustavo Sosa Pinilla)\" data-rl_title=\"Casa Carassale \/ BAK Arquitectos (\u00a9 Gustavo Sosa Pinilla)\" class=\"rl-gallery-link\" data-rl_caption=\"Casa Carassale \/ BAK Arquitectos (\u00a9 Gustavo Sosa Pinilla)\" data-rel=\"lightbox-gallery-1\"><img loading=\"lazy\" decoding=\"async\" width=\"150\" height=\"150\" src=\"https:\/\/www.arquimaster.com.ar\/web\/wp-content\/uploads\/2014\/03\/casa_carassale14-150x150.jpg\" class=\"attachment-thumbnail size-thumbnail\" alt=\"\" aria-describedby=\"gallery-1-4187\" srcset=\"https:\/\/www.arquimaster.com.ar\/web\/wp-content\/uploads\/2014\/03\/casa_carassale14-150x150.jpg 150w, https:\/\/www.arquimaster.com.ar\/web\/wp-content\/uploads\/2014\/03\/casa_carassale14-50x50.jpg 50w, https:\/\/www.arquimaster.com.ar\/web\/wp-content\/uploads\/2014\/03\/casa_carassale14-125x125.jpg 125w\" sizes=\"auto, (max-width: 150px) 100vw, 150px\" \/><\/a>\n\t\t\t<\/div>\n\t\t\t\t<figcaption class='wp-caption-text gallery-caption' id='gallery-1-4187'>\n\t\t\t\tCasa Carassale \/ BAK Arquitectos (\u00a9 Gustavo Sosa Pinilla)\n\t\t\t\t<\/figcaption><\/figure><figure class='gallery-item'>\n\t\t\t<div class='gallery-icon landscape'>\n\t\t\t\t<a href='https:\/\/www.arquimaster.com.ar\/web\/wp-content\/uploads\/2014\/03\/casa_carassale15.jpg' title=\"Casa Carassale \/ BAK Arquitectos (\u00a9 Gustavo Sosa Pinilla)\" data-rl_title=\"Casa Carassale \/ BAK Arquitectos (\u00a9 Gustavo Sosa Pinilla)\" class=\"rl-gallery-link\" data-rl_caption=\"Casa Carassale \/ BAK Arquitectos (\u00a9 Gustavo Sosa Pinilla)\" data-rel=\"lightbox-gallery-1\"><img loading=\"lazy\" decoding=\"async\" width=\"150\" height=\"150\" src=\"https:\/\/www.arquimaster.com.ar\/web\/wp-content\/uploads\/2014\/03\/casa_carassale15-150x150.jpg\" class=\"attachment-thumbnail size-thumbnail\" alt=\"\" aria-describedby=\"gallery-1-4188\" srcset=\"https:\/\/www.arquimaster.com.ar\/web\/wp-content\/uploads\/2014\/03\/casa_carassale15-150x150.jpg 150w, https:\/\/www.arquimaster.com.ar\/web\/wp-content\/uploads\/2014\/03\/casa_carassale15-50x50.jpg 50w, https:\/\/www.arquimaster.com.ar\/web\/wp-content\/uploads\/2014\/03\/casa_carassale15-125x125.jpg 125w\" sizes=\"auto, (max-width: 150px) 100vw, 150px\" \/><\/a>\n\t\t\t<\/div>\n\t\t\t\t<figcaption class='wp-caption-text gallery-caption' id='gallery-1-4188'>\n\t\t\t\tCasa Carassale \/ BAK Arquitectos (\u00a9 Gustavo Sosa Pinilla)\n\t\t\t\t<\/figcaption><\/figure><figure class='gallery-item'>\n\t\t\t<div class='gallery-icon landscape'>\n\t\t\t\t<a href='https:\/\/www.arquimaster.com.ar\/web\/wp-content\/uploads\/2014\/03\/casa_carassale16.jpg' title=\"Casa Carassale \/ BAK Arquitectos (\u00a9 Gustavo Sosa Pinilla)\" data-rl_title=\"Casa Carassale \/ BAK Arquitectos (\u00a9 Gustavo Sosa Pinilla)\" class=\"rl-gallery-link\" data-rl_caption=\"Casa Carassale \/ BAK Arquitectos (\u00a9 Gustavo Sosa Pinilla)\" data-rel=\"lightbox-gallery-1\"><img loading=\"lazy\" decoding=\"async\" width=\"150\" height=\"150\" src=\"https:\/\/www.arquimaster.com.ar\/web\/wp-content\/uploads\/2014\/03\/casa_carassale16-150x150.jpg\" class=\"attachment-thumbnail size-thumbnail\" alt=\"\" aria-describedby=\"gallery-1-4189\" srcset=\"https:\/\/www.arquimaster.com.ar\/web\/wp-content\/uploads\/2014\/03\/casa_carassale16-150x150.jpg 150w, https:\/\/www.arquimaster.com.ar\/web\/wp-content\/uploads\/2014\/03\/casa_carassale16-50x50.jpg 50w, https:\/\/www.arquimaster.com.ar\/web\/wp-content\/uploads\/2014\/03\/casa_carassale16-125x125.jpg 125w\" sizes=\"auto, (max-width: 150px) 100vw, 150px\" \/><\/a>\n\t\t\t<\/div>\n\t\t\t\t<figcaption class='wp-caption-text gallery-caption' id='gallery-1-4189'>\n\t\t\t\tCasa Carassale \/ BAK Arquitectos (\u00a9 Gustavo Sosa Pinilla)\n\t\t\t\t<\/figcaption><\/figure><figure class='gallery-item'>\n\t\t\t<div class='gallery-icon landscape'>\n\t\t\t\t<a href='https:\/\/www.arquimaster.com.ar\/web\/wp-content\/uploads\/2014\/03\/casa_carassale17.jpg' title=\"Casa Carassale \/ BAK Arquitectos (\u00a9 Gustavo Sosa Pinilla)\" data-rl_title=\"Casa Carassale \/ BAK Arquitectos (\u00a9 Gustavo Sosa Pinilla)\" class=\"rl-gallery-link\" data-rl_caption=\"Casa Carassale \/ BAK Arquitectos (\u00a9 Gustavo Sosa Pinilla)\" data-rel=\"lightbox-gallery-1\"><img loading=\"lazy\" decoding=\"async\" width=\"150\" height=\"150\" src=\"https:\/\/www.arquimaster.com.ar\/web\/wp-content\/uploads\/2014\/03\/casa_carassale17-150x150.jpg\" class=\"attachment-thumbnail size-thumbnail\" alt=\"\" aria-describedby=\"gallery-1-4190\" srcset=\"https:\/\/www.arquimaster.com.ar\/web\/wp-content\/uploads\/2014\/03\/casa_carassale17-150x150.jpg 150w, https:\/\/www.arquimaster.com.ar\/web\/wp-content\/uploads\/2014\/03\/casa_carassale17-50x50.jpg 50w, https:\/\/www.arquimaster.com.ar\/web\/wp-content\/uploads\/2014\/03\/casa_carassale17-125x125.jpg 125w\" sizes=\"auto, (max-width: 150px) 100vw, 150px\" \/><\/a>\n\t\t\t<\/div>\n\t\t\t\t<figcaption class='wp-caption-text gallery-caption' id='gallery-1-4190'>\n\t\t\t\tCasa Carassale \/ BAK Arquitectos (\u00a9 Gustavo Sosa Pinilla)\n\t\t\t\t<\/figcaption><\/figure><figure class='gallery-item'>\n\t\t\t<div class='gallery-icon landscape'>\n\t\t\t\t<a href='https:\/\/www.arquimaster.com.ar\/web\/wp-content\/uploads\/2014\/03\/casa_carassale19.jpg' title=\"Casa Carassale \/ BAK Arquitectos (\u00a9 Gustavo Sosa Pinilla)\" data-rl_title=\"Casa Carassale \/ BAK Arquitectos (\u00a9 Gustavo Sosa Pinilla)\" class=\"rl-gallery-link\" data-rl_caption=\"Casa Carassale \/ BAK Arquitectos (\u00a9 Gustavo Sosa Pinilla)\" data-rel=\"lightbox-gallery-1\"><img loading=\"lazy\" decoding=\"async\" width=\"150\" height=\"150\" src=\"https:\/\/www.arquimaster.com.ar\/web\/wp-content\/uploads\/2014\/03\/casa_carassale19-150x150.jpg\" class=\"attachment-thumbnail size-thumbnail\" alt=\"\" aria-describedby=\"gallery-1-4191\" srcset=\"https:\/\/www.arquimaster.com.ar\/web\/wp-content\/uploads\/2014\/03\/casa_carassale19-150x150.jpg 150w, https:\/\/www.arquimaster.com.ar\/web\/wp-content\/uploads\/2014\/03\/casa_carassale19-50x50.jpg 50w, https:\/\/www.arquimaster.com.ar\/web\/wp-content\/uploads\/2014\/03\/casa_carassale19-125x125.jpg 125w\" sizes=\"auto, (max-width: 150px) 100vw, 150px\" \/><\/a>\n\t\t\t<\/div>\n\t\t\t\t<figcaption class='wp-caption-text gallery-caption' id='gallery-1-4191'>\n\t\t\t\tCasa Carassale \/ BAK Arquitectos (\u00a9 Gustavo Sosa Pinilla)\n\t\t\t\t<\/figcaption><\/figure><figure class='gallery-item'>\n\t\t\t<div class='gallery-icon landscape'>\n\t\t\t\t<a href='https:\/\/www.arquimaster.com.ar\/web\/wp-content\/uploads\/2014\/03\/casa_carassale20.jpg' title=\"Casa Carassale \/ BAK Arquitectos (\u00a9 Gustavo Sosa Pinilla)\" data-rl_title=\"Casa Carassale \/ BAK Arquitectos (\u00a9 Gustavo Sosa Pinilla)\" class=\"rl-gallery-link\" data-rl_caption=\"Casa Carassale \/ BAK Arquitectos (\u00a9 Gustavo Sosa Pinilla)\" data-rel=\"lightbox-gallery-1\"><img loading=\"lazy\" decoding=\"async\" width=\"150\" height=\"150\" src=\"https:\/\/www.arquimaster.com.ar\/web\/wp-content\/uploads\/2014\/03\/casa_carassale20-150x150.jpg\" class=\"attachment-thumbnail size-thumbnail\" alt=\"\" aria-describedby=\"gallery-1-4192\" srcset=\"https:\/\/www.arquimaster.com.ar\/web\/wp-content\/uploads\/2014\/03\/casa_carassale20-150x150.jpg 150w, https:\/\/www.arquimaster.com.ar\/web\/wp-content\/uploads\/2014\/03\/casa_carassale20-50x50.jpg 50w, https:\/\/www.arquimaster.com.ar\/web\/wp-content\/uploads\/2014\/03\/casa_carassale20-125x125.jpg 125w\" sizes=\"auto, (max-width: 150px) 100vw, 150px\" \/><\/a>\n\t\t\t<\/div>\n\t\t\t\t<figcaption class='wp-caption-text gallery-caption' id='gallery-1-4192'>\n\t\t\t\tCasa Carassale \/ BAK Arquitectos (\u00a9 Gustavo Sosa Pinilla)\n\t\t\t\t<\/figcaption><\/figure><figure class='gallery-item'>\n\t\t\t<div class='gallery-icon landscape'>\n\t\t\t\t<a href='https:\/\/www.arquimaster.com.ar\/web\/wp-content\/uploads\/2014\/03\/casa_carassale21.jpg' title=\"Casa Carassale \/ BAK Arquitectos (\u00a9 Gustavo Sosa Pinilla)\" data-rl_title=\"Casa Carassale \/ BAK Arquitectos (\u00a9 Gustavo Sosa Pinilla)\" class=\"rl-gallery-link\" data-rl_caption=\"Casa Carassale \/ BAK Arquitectos (\u00a9 Gustavo Sosa Pinilla)\" data-rel=\"lightbox-gallery-1\"><img loading=\"lazy\" decoding=\"async\" width=\"150\" height=\"150\" src=\"https:\/\/www.arquimaster.com.ar\/web\/wp-content\/uploads\/2014\/03\/casa_carassale21-150x150.jpg\" class=\"attachment-thumbnail size-thumbnail\" alt=\"\" aria-describedby=\"gallery-1-4182\" srcset=\"https:\/\/www.arquimaster.com.ar\/web\/wp-content\/uploads\/2014\/03\/casa_carassale21-150x150.jpg 150w, https:\/\/www.arquimaster.com.ar\/web\/wp-content\/uploads\/2014\/03\/casa_carassale21-50x50.jpg 50w, https:\/\/www.arquimaster.com.ar\/web\/wp-content\/uploads\/2014\/03\/casa_carassale21-125x125.jpg 125w\" sizes=\"auto, (max-width: 150px) 100vw, 150px\" \/><\/a>\n\t\t\t<\/div>\n\t\t\t\t<figcaption class='wp-caption-text gallery-caption' id='gallery-1-4182'>\n\t\t\t\tCasa Carassale \/ BAK Arquitectos (\u00a9 Gustavo Sosa Pinilla)\n\t\t\t\t<\/figcaption><\/figure><figure class='gallery-item'>\n\t\t\t<div class='gallery-icon landscape'>\n\t\t\t\t<a href='https:\/\/www.arquimaster.com.ar\/web\/wp-content\/uploads\/2014\/03\/casa_carassale22.jpg' title=\"Casa Carassale \/ BAK Arquitectos (\u00a9 Gustavo Sosa Pinilla)\" data-rl_title=\"Casa Carassale \/ BAK Arquitectos (\u00a9 Gustavo Sosa Pinilla)\" class=\"rl-gallery-link\" data-rl_caption=\"Casa Carassale \/ BAK Arquitectos (\u00a9 Gustavo Sosa Pinilla)\" data-rel=\"lightbox-gallery-1\"><img loading=\"lazy\" decoding=\"async\" width=\"150\" height=\"150\" src=\"https:\/\/www.arquimaster.com.ar\/web\/wp-content\/uploads\/2014\/03\/casa_carassale22-150x150.jpg\" class=\"attachment-thumbnail size-thumbnail\" alt=\"\" aria-describedby=\"gallery-1-4193\" srcset=\"https:\/\/www.arquimaster.com.ar\/web\/wp-content\/uploads\/2014\/03\/casa_carassale22-150x150.jpg 150w, https:\/\/www.arquimaster.com.ar\/web\/wp-content\/uploads\/2014\/03\/casa_carassale22-50x50.jpg 50w, https:\/\/www.arquimaster.com.ar\/web\/wp-content\/uploads\/2014\/03\/casa_carassale22-125x125.jpg 125w\" sizes=\"auto, (max-width: 150px) 100vw, 150px\" \/><\/a>\n\t\t\t<\/div>\n\t\t\t\t<figcaption class='wp-caption-text gallery-caption' id='gallery-1-4193'>\n\t\t\t\tCasa Carassale \/ BAK Arquitectos (\u00a9 Gustavo Sosa Pinilla)\n\t\t\t\t<\/figcaption><\/figure>\n\t\t<\/div>\n\n<p><strong>El lugar<\/strong><br \/>\nCosta Esmeralda es un emprendimiento privado sobre los m\u00e9danos de la costa bonaerense, a 390 Km de la ciudad de Buenos Aires. Se trata de una urbanizaci\u00f3n reciente con una forestaci\u00f3n joven de acacias y pinos mar\u00edtimos con algunos sectores de bosque consolidado.<\/p>\n<p>El lote a intervenir est\u00e1 en el borde de una zona de vegetaci\u00f3n joven. Se encuentra ubicado entre un predio m\u00e1s alto y con una tupida plantaci\u00f3n, a la izquierda, y otro bajo, sin vegetaci\u00f3n plantada y con abundantes pastizales de la zona, a la derecha.<\/p>\n<p>Espec\u00edficamente, el terreno cuenta con algunas acacias y s\u00f3lo nueve pinos mar\u00edtimos j\u00f3venes- la mayor\u00eda agrupados cerca de la l\u00ednea de frente, uno en el centro y otro en el fondo- de manera que el proyecto se inicia con la premisa de preservar la totalidad de los \u00e1rboles existentes.<\/p>\n<div id='gallery-2' class='gallery galleryid-4170 gallery-columns-3 gallery-size-thumbnail'><figure class='gallery-item'>\n\t\t\t<div class='gallery-icon landscape'>\n\t\t\t\t<a href='https:\/\/www.arquimaster.com.ar\/web\/wp-content\/uploads\/2014\/03\/casa_carassale23.jpg' title=\"Casa Carassale \/ BAK Arquitectos (\u00a9 Gustavo Sosa Pinilla)\" data-rl_title=\"Casa Carassale \/ BAK Arquitectos (\u00a9 Gustavo Sosa Pinilla)\" class=\"rl-gallery-link\" data-rl_caption=\"Casa Carassale \/ BAK Arquitectos (\u00a9 Gustavo Sosa Pinilla)\" data-rel=\"lightbox-gallery-2\"><img loading=\"lazy\" decoding=\"async\" width=\"150\" height=\"150\" src=\"https:\/\/www.arquimaster.com.ar\/web\/wp-content\/uploads\/2014\/03\/casa_carassale23-150x150.jpg\" class=\"attachment-thumbnail size-thumbnail\" alt=\"\" aria-describedby=\"gallery-2-4194\" srcset=\"https:\/\/www.arquimaster.com.ar\/web\/wp-content\/uploads\/2014\/03\/casa_carassale23-150x150.jpg 150w, https:\/\/www.arquimaster.com.ar\/web\/wp-content\/uploads\/2014\/03\/casa_carassale23-50x50.jpg 50w, https:\/\/www.arquimaster.com.ar\/web\/wp-content\/uploads\/2014\/03\/casa_carassale23-125x125.jpg 125w\" sizes=\"auto, (max-width: 150px) 100vw, 150px\" \/><\/a>\n\t\t\t<\/div>\n\t\t\t\t<figcaption class='wp-caption-text gallery-caption' id='gallery-2-4194'>\n\t\t\t\tCasa Carassale \/ BAK Arquitectos (\u00a9 Gustavo Sosa Pinilla)\n\t\t\t\t<\/figcaption><\/figure><figure class='gallery-item'>\n\t\t\t<div class='gallery-icon landscape'>\n\t\t\t\t<a href='https:\/\/www.arquimaster.com.ar\/web\/wp-content\/uploads\/2014\/03\/casa_carassale24.jpg' title=\"Casa Carassale \/ BAK Arquitectos (\u00a9 Gustavo Sosa Pinilla)\" data-rl_title=\"Casa Carassale \/ BAK Arquitectos (\u00a9 Gustavo Sosa Pinilla)\" class=\"rl-gallery-link\" data-rl_caption=\"Casa Carassale \/ BAK Arquitectos (\u00a9 Gustavo Sosa Pinilla)\" data-rel=\"lightbox-gallery-2\"><img loading=\"lazy\" decoding=\"async\" width=\"150\" height=\"150\" src=\"https:\/\/www.arquimaster.com.ar\/web\/wp-content\/uploads\/2014\/03\/casa_carassale24-150x150.jpg\" class=\"attachment-thumbnail size-thumbnail\" alt=\"\" aria-describedby=\"gallery-2-4195\" srcset=\"https:\/\/www.arquimaster.com.ar\/web\/wp-content\/uploads\/2014\/03\/casa_carassale24-150x150.jpg 150w, https:\/\/www.arquimaster.com.ar\/web\/wp-content\/uploads\/2014\/03\/casa_carassale24-50x50.jpg 50w, https:\/\/www.arquimaster.com.ar\/web\/wp-content\/uploads\/2014\/03\/casa_carassale24-125x125.jpg 125w\" sizes=\"auto, (max-width: 150px) 100vw, 150px\" \/><\/a>\n\t\t\t<\/div>\n\t\t\t\t<figcaption class='wp-caption-text gallery-caption' id='gallery-2-4195'>\n\t\t\t\tCasa Carassale \/ BAK Arquitectos (\u00a9 Gustavo Sosa Pinilla)\n\t\t\t\t<\/figcaption><\/figure><figure class='gallery-item'>\n\t\t\t<div class='gallery-icon landscape'>\n\t\t\t\t<a href='https:\/\/www.arquimaster.com.ar\/web\/wp-content\/uploads\/2014\/03\/casa_carassale25.jpg' title=\"Casa Carassale \/ BAK Arquitectos (\u00a9 Gustavo Sosa Pinilla)\" data-rl_title=\"Casa Carassale \/ BAK Arquitectos (\u00a9 Gustavo Sosa Pinilla)\" class=\"rl-gallery-link\" data-rl_caption=\"Casa Carassale \/ BAK Arquitectos (\u00a9 Gustavo Sosa Pinilla)\" data-rel=\"lightbox-gallery-2\"><img loading=\"lazy\" decoding=\"async\" width=\"150\" height=\"150\" src=\"https:\/\/www.arquimaster.com.ar\/web\/wp-content\/uploads\/2014\/03\/casa_carassale25-150x150.jpg\" class=\"attachment-thumbnail size-thumbnail\" alt=\"\" aria-describedby=\"gallery-2-4196\" srcset=\"https:\/\/www.arquimaster.com.ar\/web\/wp-content\/uploads\/2014\/03\/casa_carassale25-150x150.jpg 150w, https:\/\/www.arquimaster.com.ar\/web\/wp-content\/uploads\/2014\/03\/casa_carassale25-50x50.jpg 50w, https:\/\/www.arquimaster.com.ar\/web\/wp-content\/uploads\/2014\/03\/casa_carassale25-125x125.jpg 125w\" sizes=\"auto, (max-width: 150px) 100vw, 150px\" \/><\/a>\n\t\t\t<\/div>\n\t\t\t\t<figcaption class='wp-caption-text gallery-caption' id='gallery-2-4196'>\n\t\t\t\tCasa Carassale \/ BAK Arquitectos (\u00a9 Gustavo Sosa Pinilla)\n\t\t\t\t<\/figcaption><\/figure><figure class='gallery-item'>\n\t\t\t<div class='gallery-icon landscape'>\n\t\t\t\t<a href='https:\/\/www.arquimaster.com.ar\/web\/wp-content\/uploads\/2014\/03\/casa_carassale26.jpg' title=\"Casa Carassale \/ BAK Arquitectos (\u00a9 Gustavo Sosa Pinilla)\" data-rl_title=\"Casa Carassale \/ BAK Arquitectos (\u00a9 Gustavo Sosa Pinilla)\" class=\"rl-gallery-link\" data-rl_caption=\"Casa Carassale \/ BAK Arquitectos (\u00a9 Gustavo Sosa Pinilla)\" data-rel=\"lightbox-gallery-2\"><img loading=\"lazy\" decoding=\"async\" width=\"150\" height=\"150\" src=\"https:\/\/www.arquimaster.com.ar\/web\/wp-content\/uploads\/2014\/03\/casa_carassale26-150x150.jpg\" class=\"attachment-thumbnail size-thumbnail\" alt=\"\" aria-describedby=\"gallery-2-4197\" srcset=\"https:\/\/www.arquimaster.com.ar\/web\/wp-content\/uploads\/2014\/03\/casa_carassale26-150x150.jpg 150w, https:\/\/www.arquimaster.com.ar\/web\/wp-content\/uploads\/2014\/03\/casa_carassale26-50x50.jpg 50w, https:\/\/www.arquimaster.com.ar\/web\/wp-content\/uploads\/2014\/03\/casa_carassale26-125x125.jpg 125w\" sizes=\"auto, (max-width: 150px) 100vw, 150px\" \/><\/a>\n\t\t\t<\/div>\n\t\t\t\t<figcaption class='wp-caption-text gallery-caption' id='gallery-2-4197'>\n\t\t\t\tCasa Carassale \/ BAK Arquitectos (\u00a9 Gustavo Sosa Pinilla)\n\t\t\t\t<\/figcaption><\/figure><figure class='gallery-item'>\n\t\t\t<div class='gallery-icon landscape'>\n\t\t\t\t<a href='https:\/\/www.arquimaster.com.ar\/web\/wp-content\/uploads\/2014\/03\/casa_carassale27.jpg' title=\"Casa Carassale \/ BAK Arquitectos (\u00a9 Gustavo Sosa Pinilla)\" data-rl_title=\"Casa Carassale \/ BAK Arquitectos (\u00a9 Gustavo Sosa Pinilla)\" class=\"rl-gallery-link\" data-rl_caption=\"Casa Carassale \/ BAK Arquitectos (\u00a9 Gustavo Sosa Pinilla)\" data-rel=\"lightbox-gallery-2\"><img loading=\"lazy\" decoding=\"async\" width=\"150\" height=\"150\" src=\"https:\/\/www.arquimaster.com.ar\/web\/wp-content\/uploads\/2014\/03\/casa_carassale27-150x150.jpg\" class=\"attachment-thumbnail size-thumbnail\" alt=\"\" aria-describedby=\"gallery-2-4198\" srcset=\"https:\/\/www.arquimaster.com.ar\/web\/wp-content\/uploads\/2014\/03\/casa_carassale27-150x150.jpg 150w, https:\/\/www.arquimaster.com.ar\/web\/wp-content\/uploads\/2014\/03\/casa_carassale27-50x50.jpg 50w, https:\/\/www.arquimaster.com.ar\/web\/wp-content\/uploads\/2014\/03\/casa_carassale27-125x125.jpg 125w\" sizes=\"auto, (max-width: 150px) 100vw, 150px\" \/><\/a>\n\t\t\t<\/div>\n\t\t\t\t<figcaption class='wp-caption-text gallery-caption' id='gallery-2-4198'>\n\t\t\t\tCasa Carassale \/ BAK Arquitectos (\u00a9 Gustavo Sosa Pinilla)\n\t\t\t\t<\/figcaption><\/figure><figure class='gallery-item'>\n\t\t\t<div class='gallery-icon landscape'>\n\t\t\t\t<a href='https:\/\/www.arquimaster.com.ar\/web\/wp-content\/uploads\/2014\/03\/casa_carassale28.jpg' title=\"Casa Carassale \/ BAK Arquitectos (\u00a9 Gustavo Sosa Pinilla)\" data-rl_title=\"Casa Carassale \/ BAK Arquitectos (\u00a9 Gustavo Sosa Pinilla)\" class=\"rl-gallery-link\" data-rl_caption=\"Casa Carassale \/ BAK Arquitectos (\u00a9 Gustavo Sosa Pinilla)\" data-rel=\"lightbox-gallery-2\"><img loading=\"lazy\" decoding=\"async\" width=\"150\" height=\"150\" src=\"https:\/\/www.arquimaster.com.ar\/web\/wp-content\/uploads\/2014\/03\/casa_carassale28-150x150.jpg\" class=\"attachment-thumbnail size-thumbnail\" alt=\"\" aria-describedby=\"gallery-2-4199\" srcset=\"https:\/\/www.arquimaster.com.ar\/web\/wp-content\/uploads\/2014\/03\/casa_carassale28-150x150.jpg 150w, https:\/\/www.arquimaster.com.ar\/web\/wp-content\/uploads\/2014\/03\/casa_carassale28-50x50.jpg 50w, https:\/\/www.arquimaster.com.ar\/web\/wp-content\/uploads\/2014\/03\/casa_carassale28-125x125.jpg 125w\" sizes=\"auto, (max-width: 150px) 100vw, 150px\" \/><\/a>\n\t\t\t<\/div>\n\t\t\t\t<figcaption class='wp-caption-text gallery-caption' id='gallery-2-4199'>\n\t\t\t\tCasa Carassale \/ BAK Arquitectos (\u00a9 Gustavo Sosa Pinilla)\n\t\t\t\t<\/figcaption><\/figure><figure class='gallery-item'>\n\t\t\t<div class='gallery-icon landscape'>\n\t\t\t\t<a href='https:\/\/www.arquimaster.com.ar\/web\/wp-content\/uploads\/2014\/03\/casa_carassale29.jpg' title=\"Casa Carassale \/ BAK Arquitectos (\u00a9 Gustavo Sosa Pinilla)\" data-rl_title=\"Casa Carassale \/ BAK Arquitectos (\u00a9 Gustavo Sosa Pinilla)\" class=\"rl-gallery-link\" data-rl_caption=\"Casa Carassale \/ BAK Arquitectos (\u00a9 Gustavo Sosa Pinilla)\" data-rel=\"lightbox-gallery-2\"><img loading=\"lazy\" decoding=\"async\" width=\"150\" height=\"150\" src=\"https:\/\/www.arquimaster.com.ar\/web\/wp-content\/uploads\/2014\/03\/casa_carassale29-150x150.jpg\" class=\"attachment-thumbnail size-thumbnail\" alt=\"\" aria-describedby=\"gallery-2-4200\" srcset=\"https:\/\/www.arquimaster.com.ar\/web\/wp-content\/uploads\/2014\/03\/casa_carassale29-150x150.jpg 150w, https:\/\/www.arquimaster.com.ar\/web\/wp-content\/uploads\/2014\/03\/casa_carassale29-50x50.jpg 50w, https:\/\/www.arquimaster.com.ar\/web\/wp-content\/uploads\/2014\/03\/casa_carassale29-125x125.jpg 125w\" sizes=\"auto, (max-width: 150px) 100vw, 150px\" \/><\/a>\n\t\t\t<\/div>\n\t\t\t\t<figcaption class='wp-caption-text gallery-caption' id='gallery-2-4200'>\n\t\t\t\tCasa Carassale \/ BAK Arquitectos (\u00a9 Gustavo Sosa Pinilla)\n\t\t\t\t<\/figcaption><\/figure><figure class='gallery-item'>\n\t\t\t<div class='gallery-icon landscape'>\n\t\t\t\t<a href='https:\/\/www.arquimaster.com.ar\/web\/wp-content\/uploads\/2014\/03\/casa_carassale30.jpg' title=\"Casa Carassale \/ BAK Arquitectos (\u00a9 Gustavo Sosa Pinilla)\" data-rl_title=\"Casa Carassale \/ BAK Arquitectos (\u00a9 Gustavo Sosa Pinilla)\" class=\"rl-gallery-link\" data-rl_caption=\"Casa Carassale \/ BAK Arquitectos (\u00a9 Gustavo Sosa Pinilla)\" data-rel=\"lightbox-gallery-2\"><img loading=\"lazy\" decoding=\"async\" width=\"150\" height=\"150\" src=\"https:\/\/www.arquimaster.com.ar\/web\/wp-content\/uploads\/2014\/03\/casa_carassale30-150x150.jpg\" class=\"attachment-thumbnail size-thumbnail\" alt=\"\" aria-describedby=\"gallery-2-4201\" srcset=\"https:\/\/www.arquimaster.com.ar\/web\/wp-content\/uploads\/2014\/03\/casa_carassale30-150x150.jpg 150w, https:\/\/www.arquimaster.com.ar\/web\/wp-content\/uploads\/2014\/03\/casa_carassale30-50x50.jpg 50w, https:\/\/www.arquimaster.com.ar\/web\/wp-content\/uploads\/2014\/03\/casa_carassale30-125x125.jpg 125w\" sizes=\"auto, (max-width: 150px) 100vw, 150px\" \/><\/a>\n\t\t\t<\/div>\n\t\t\t\t<figcaption class='wp-caption-text gallery-caption' id='gallery-2-4201'>\n\t\t\t\tCasa Carassale \/ BAK Arquitectos (\u00a9 Gustavo Sosa Pinilla)\n\t\t\t\t<\/figcaption><\/figure><figure class='gallery-item'>\n\t\t\t<div class='gallery-icon landscape'>\n\t\t\t\t<a href='https:\/\/www.arquimaster.com.ar\/web\/wp-content\/uploads\/2014\/03\/casa_carassale31.jpg' title=\"Casa Carassale \/ BAK Arquitectos (\u00a9 Gustavo Sosa Pinilla)\" data-rl_title=\"Casa Carassale \/ BAK Arquitectos (\u00a9 Gustavo Sosa Pinilla)\" class=\"rl-gallery-link\" data-rl_caption=\"Casa Carassale \/ BAK Arquitectos (\u00a9 Gustavo Sosa Pinilla)\" data-rel=\"lightbox-gallery-2\"><img loading=\"lazy\" decoding=\"async\" width=\"150\" height=\"150\" src=\"https:\/\/www.arquimaster.com.ar\/web\/wp-content\/uploads\/2014\/03\/casa_carassale31-150x150.jpg\" class=\"attachment-thumbnail size-thumbnail\" alt=\"\" aria-describedby=\"gallery-2-4202\" srcset=\"https:\/\/www.arquimaster.com.ar\/web\/wp-content\/uploads\/2014\/03\/casa_carassale31-150x150.jpg 150w, https:\/\/www.arquimaster.com.ar\/web\/wp-content\/uploads\/2014\/03\/casa_carassale31-50x50.jpg 50w, https:\/\/www.arquimaster.com.ar\/web\/wp-content\/uploads\/2014\/03\/casa_carassale31-125x125.jpg 125w\" sizes=\"auto, (max-width: 150px) 100vw, 150px\" \/><\/a>\n\t\t\t<\/div>\n\t\t\t\t<figcaption class='wp-caption-text gallery-caption' id='gallery-2-4202'>\n\t\t\t\tCasa Carassale \/ BAK Arquitectos (\u00a9 Gustavo Sosa Pinilla)\n\t\t\t\t<\/figcaption><\/figure><figure class='gallery-item'>\n\t\t\t<div class='gallery-icon landscape'>\n\t\t\t\t<a href='https:\/\/www.arquimaster.com.ar\/web\/wp-content\/uploads\/2014\/03\/casa_carassale32.jpg' title=\"Casa Carassale \/ BAK Arquitectos (\u00a9 Gustavo Sosa Pinilla)\" data-rl_title=\"Casa Carassale \/ BAK Arquitectos (\u00a9 Gustavo Sosa Pinilla)\" class=\"rl-gallery-link\" data-rl_caption=\"Casa Carassale \/ BAK Arquitectos (\u00a9 Gustavo Sosa Pinilla)\" data-rel=\"lightbox-gallery-2\"><img loading=\"lazy\" decoding=\"async\" width=\"150\" height=\"150\" src=\"https:\/\/www.arquimaster.com.ar\/web\/wp-content\/uploads\/2014\/03\/casa_carassale32-150x150.jpg\" class=\"attachment-thumbnail size-thumbnail\" alt=\"\" aria-describedby=\"gallery-2-4203\" srcset=\"https:\/\/www.arquimaster.com.ar\/web\/wp-content\/uploads\/2014\/03\/casa_carassale32-150x150.jpg 150w, https:\/\/www.arquimaster.com.ar\/web\/wp-content\/uploads\/2014\/03\/casa_carassale32-50x50.jpg 50w, https:\/\/www.arquimaster.com.ar\/web\/wp-content\/uploads\/2014\/03\/casa_carassale32-125x125.jpg 125w\" sizes=\"auto, (max-width: 150px) 100vw, 150px\" \/><\/a>\n\t\t\t<\/div>\n\t\t\t\t<figcaption class='wp-caption-text gallery-caption' id='gallery-2-4203'>\n\t\t\t\tCasa Carassale \/ BAK Arquitectos (\u00a9 Gustavo Sosa Pinilla)\n\t\t\t\t<\/figcaption><\/figure><figure class='gallery-item'>\n\t\t\t<div class='gallery-icon landscape'>\n\t\t\t\t<a href='https:\/\/www.arquimaster.com.ar\/web\/wp-content\/uploads\/2014\/03\/casa_carassale33.jpg' title=\"Casa Carassale \/ BAK Arquitectos (\u00a9 Gustavo Sosa Pinilla)\" data-rl_title=\"Casa Carassale \/ BAK Arquitectos (\u00a9 Gustavo Sosa Pinilla)\" class=\"rl-gallery-link\" data-rl_caption=\"Casa Carassale \/ BAK Arquitectos (\u00a9 Gustavo Sosa Pinilla)\" data-rel=\"lightbox-gallery-2\"><img loading=\"lazy\" decoding=\"async\" width=\"150\" height=\"150\" src=\"https:\/\/www.arquimaster.com.ar\/web\/wp-content\/uploads\/2014\/03\/casa_carassale33-150x150.jpg\" class=\"attachment-thumbnail size-thumbnail\" alt=\"\" aria-describedby=\"gallery-2-4204\" srcset=\"https:\/\/www.arquimaster.com.ar\/web\/wp-content\/uploads\/2014\/03\/casa_carassale33-150x150.jpg 150w, https:\/\/www.arquimaster.com.ar\/web\/wp-content\/uploads\/2014\/03\/casa_carassale33-50x50.jpg 50w, https:\/\/www.arquimaster.com.ar\/web\/wp-content\/uploads\/2014\/03\/casa_carassale33-125x125.jpg 125w\" sizes=\"auto, (max-width: 150px) 100vw, 150px\" \/><\/a>\n\t\t\t<\/div>\n\t\t\t\t<figcaption class='wp-caption-text gallery-caption' id='gallery-2-4204'>\n\t\t\t\tCasa Carassale \/ BAK Arquitectos (\u00a9 Gustavo Sosa Pinilla)\n\t\t\t\t<\/figcaption><\/figure><figure class='gallery-item'>\n\t\t\t<div class='gallery-icon landscape'>\n\t\t\t\t<a href='https:\/\/www.arquimaster.com.ar\/web\/wp-content\/uploads\/2014\/03\/casa_carassale34.jpg' title=\"Casa Carassale \/ BAK Arquitectos (\u00a9 Gustavo Sosa Pinilla)\" data-rl_title=\"Casa Carassale \/ BAK Arquitectos (\u00a9 Gustavo Sosa Pinilla)\" class=\"rl-gallery-link\" data-rl_caption=\"Casa Carassale \/ BAK Arquitectos (\u00a9 Gustavo Sosa Pinilla)\" data-rel=\"lightbox-gallery-2\"><img loading=\"lazy\" decoding=\"async\" width=\"150\" height=\"150\" src=\"https:\/\/www.arquimaster.com.ar\/web\/wp-content\/uploads\/2014\/03\/casa_carassale34-150x150.jpg\" class=\"attachment-thumbnail size-thumbnail\" alt=\"\" aria-describedby=\"gallery-2-4205\" srcset=\"https:\/\/www.arquimaster.com.ar\/web\/wp-content\/uploads\/2014\/03\/casa_carassale34-150x150.jpg 150w, https:\/\/www.arquimaster.com.ar\/web\/wp-content\/uploads\/2014\/03\/casa_carassale34-50x50.jpg 50w, https:\/\/www.arquimaster.com.ar\/web\/wp-content\/uploads\/2014\/03\/casa_carassale34-125x125.jpg 125w\" sizes=\"auto, (max-width: 150px) 100vw, 150px\" \/><\/a>\n\t\t\t<\/div>\n\t\t\t\t<figcaption class='wp-caption-text gallery-caption' id='gallery-2-4205'>\n\t\t\t\tCasa Carassale \/ BAK Arquitectos (\u00a9 Gustavo Sosa Pinilla)\n\t\t\t\t<\/figcaption><\/figure><figure class='gallery-item'>\n\t\t\t<div class='gallery-icon landscape'>\n\t\t\t\t<a href='https:\/\/www.arquimaster.com.ar\/web\/wp-content\/uploads\/2014\/03\/casa_carassale35.jpg' title=\"Casa Carassale \/ BAK Arquitectos (\u00a9 Gustavo Sosa Pinilla)\" data-rl_title=\"Casa Carassale \/ BAK Arquitectos (\u00a9 Gustavo Sosa Pinilla)\" class=\"rl-gallery-link\" data-rl_caption=\"Casa Carassale \/ BAK Arquitectos (\u00a9 Gustavo Sosa Pinilla)\" data-rel=\"lightbox-gallery-2\"><img loading=\"lazy\" decoding=\"async\" width=\"150\" height=\"150\" src=\"https:\/\/www.arquimaster.com.ar\/web\/wp-content\/uploads\/2014\/03\/casa_carassale35-150x150.jpg\" class=\"attachment-thumbnail size-thumbnail\" alt=\"\" aria-describedby=\"gallery-2-4206\" srcset=\"https:\/\/www.arquimaster.com.ar\/web\/wp-content\/uploads\/2014\/03\/casa_carassale35-150x150.jpg 150w, https:\/\/www.arquimaster.com.ar\/web\/wp-content\/uploads\/2014\/03\/casa_carassale35-50x50.jpg 50w, https:\/\/www.arquimaster.com.ar\/web\/wp-content\/uploads\/2014\/03\/casa_carassale35-125x125.jpg 125w\" sizes=\"auto, (max-width: 150px) 100vw, 150px\" \/><\/a>\n\t\t\t<\/div>\n\t\t\t\t<figcaption class='wp-caption-text gallery-caption' id='gallery-2-4206'>\n\t\t\t\tCasa Carassale \/ BAK Arquitectos (\u00a9 Gustavo Sosa Pinilla)\n\t\t\t\t<\/figcaption><\/figure><figure class='gallery-item'>\n\t\t\t<div class='gallery-icon landscape'>\n\t\t\t\t<a href='https:\/\/www.arquimaster.com.ar\/web\/wp-content\/uploads\/2014\/03\/casa_carassale36.jpg' title=\"Casa Carassale \/ BAK Arquitectos (\u00a9 Gustavo Sosa Pinilla)\" data-rl_title=\"Casa Carassale \/ BAK Arquitectos (\u00a9 Gustavo Sosa Pinilla)\" class=\"rl-gallery-link\" data-rl_caption=\"Casa Carassale \/ BAK Arquitectos (\u00a9 Gustavo Sosa Pinilla)\" data-rel=\"lightbox-gallery-2\"><img loading=\"lazy\" decoding=\"async\" width=\"150\" height=\"150\" src=\"https:\/\/www.arquimaster.com.ar\/web\/wp-content\/uploads\/2014\/03\/casa_carassale36-150x150.jpg\" class=\"attachment-thumbnail size-thumbnail\" alt=\"\" aria-describedby=\"gallery-2-4207\" srcset=\"https:\/\/www.arquimaster.com.ar\/web\/wp-content\/uploads\/2014\/03\/casa_carassale36-150x150.jpg 150w, https:\/\/www.arquimaster.com.ar\/web\/wp-content\/uploads\/2014\/03\/casa_carassale36-50x50.jpg 50w, https:\/\/www.arquimaster.com.ar\/web\/wp-content\/uploads\/2014\/03\/casa_carassale36-125x125.jpg 125w\" sizes=\"auto, (max-width: 150px) 100vw, 150px\" \/><\/a>\n\t\t\t<\/div>\n\t\t\t\t<figcaption class='wp-caption-text gallery-caption' id='gallery-2-4207'>\n\t\t\t\tCasa Carassale \/ BAK Arquitectos (\u00a9 Gustavo Sosa Pinilla)\n\t\t\t\t<\/figcaption><\/figure><figure class='gallery-item'>\n\t\t\t<div class='gallery-icon landscape'>\n\t\t\t\t<a href='https:\/\/www.arquimaster.com.ar\/web\/wp-content\/uploads\/2014\/03\/casa_carassale37.jpg' title=\"Casa Carassale \/ BAK Arquitectos (\u00a9 Gustavo Sosa Pinilla)\" data-rl_title=\"Casa Carassale \/ BAK Arquitectos (\u00a9 Gustavo Sosa Pinilla)\" class=\"rl-gallery-link\" data-rl_caption=\"Casa Carassale \/ BAK Arquitectos (\u00a9 Gustavo Sosa Pinilla)\" data-rel=\"lightbox-gallery-2\"><img loading=\"lazy\" decoding=\"async\" width=\"150\" height=\"150\" src=\"https:\/\/www.arquimaster.com.ar\/web\/wp-content\/uploads\/2014\/03\/casa_carassale37-150x150.jpg\" class=\"attachment-thumbnail size-thumbnail\" alt=\"\" aria-describedby=\"gallery-2-4208\" srcset=\"https:\/\/www.arquimaster.com.ar\/web\/wp-content\/uploads\/2014\/03\/casa_carassale37-150x150.jpg 150w, https:\/\/www.arquimaster.com.ar\/web\/wp-content\/uploads\/2014\/03\/casa_carassale37-50x50.jpg 50w, https:\/\/www.arquimaster.com.ar\/web\/wp-content\/uploads\/2014\/03\/casa_carassale37-125x125.jpg 125w\" sizes=\"auto, (max-width: 150px) 100vw, 150px\" \/><\/a>\n\t\t\t<\/div>\n\t\t\t\t<figcaption class='wp-caption-text gallery-caption' id='gallery-2-4208'>\n\t\t\t\tCasa Carassale \/ BAK Arquitectos (\u00a9 Gustavo Sosa Pinilla)\n\t\t\t\t<\/figcaption><\/figure><figure class='gallery-item'>\n\t\t\t<div class='gallery-icon landscape'>\n\t\t\t\t<a href='https:\/\/www.arquimaster.com.ar\/web\/wp-content\/uploads\/2014\/03\/casa_carassale38.jpg' title=\"Casa Carassale \/ BAK Arquitectos (\u00a9 Gustavo Sosa Pinilla)\" data-rl_title=\"Casa Carassale \/ BAK Arquitectos (\u00a9 Gustavo Sosa Pinilla)\" class=\"rl-gallery-link\" data-rl_caption=\"Casa Carassale \/ BAK Arquitectos (\u00a9 Gustavo Sosa Pinilla)\" data-rel=\"lightbox-gallery-2\"><img loading=\"lazy\" decoding=\"async\" width=\"150\" height=\"150\" src=\"https:\/\/www.arquimaster.com.ar\/web\/wp-content\/uploads\/2014\/03\/casa_carassale38-150x150.jpg\" class=\"attachment-thumbnail size-thumbnail\" alt=\"\" aria-describedby=\"gallery-2-4209\" srcset=\"https:\/\/www.arquimaster.com.ar\/web\/wp-content\/uploads\/2014\/03\/casa_carassale38-150x150.jpg 150w, https:\/\/www.arquimaster.com.ar\/web\/wp-content\/uploads\/2014\/03\/casa_carassale38-50x50.jpg 50w, https:\/\/www.arquimaster.com.ar\/web\/wp-content\/uploads\/2014\/03\/casa_carassale38-125x125.jpg 125w\" sizes=\"auto, (max-width: 150px) 100vw, 150px\" \/><\/a>\n\t\t\t<\/div>\n\t\t\t\t<figcaption class='wp-caption-text gallery-caption' id='gallery-2-4209'>\n\t\t\t\tCasa Carassale \/ BAK Arquitectos (\u00a9 Gustavo Sosa Pinilla)\n\t\t\t\t<\/figcaption><\/figure><figure class='gallery-item'>\n\t\t\t<div class='gallery-icon landscape'>\n\t\t\t\t<a href='https:\/\/www.arquimaster.com.ar\/web\/wp-content\/uploads\/2014\/03\/casa_carassale39.jpg' title=\"Casa Carassale \/ BAK Arquitectos (\u00a9 Gustavo Sosa Pinilla)\" data-rl_title=\"Casa Carassale \/ BAK Arquitectos (\u00a9 Gustavo Sosa Pinilla)\" class=\"rl-gallery-link\" data-rl_caption=\"Casa Carassale \/ BAK Arquitectos (\u00a9 Gustavo Sosa Pinilla)\" data-rel=\"lightbox-gallery-2\"><img loading=\"lazy\" decoding=\"async\" width=\"150\" height=\"150\" src=\"https:\/\/www.arquimaster.com.ar\/web\/wp-content\/uploads\/2014\/03\/casa_carassale39-150x150.jpg\" class=\"attachment-thumbnail size-thumbnail\" alt=\"\" aria-describedby=\"gallery-2-4210\" srcset=\"https:\/\/www.arquimaster.com.ar\/web\/wp-content\/uploads\/2014\/03\/casa_carassale39-150x150.jpg 150w, https:\/\/www.arquimaster.com.ar\/web\/wp-content\/uploads\/2014\/03\/casa_carassale39-50x50.jpg 50w, https:\/\/www.arquimaster.com.ar\/web\/wp-content\/uploads\/2014\/03\/casa_carassale39-125x125.jpg 125w\" sizes=\"auto, (max-width: 150px) 100vw, 150px\" \/><\/a>\n\t\t\t<\/div>\n\t\t\t\t<figcaption class='wp-caption-text gallery-caption' id='gallery-2-4210'>\n\t\t\t\tCasa Carassale \/ BAK Arquitectos (\u00a9 Gustavo Sosa Pinilla)\n\t\t\t\t<\/figcaption><\/figure><figure class='gallery-item'>\n\t\t\t<div class='gallery-icon landscape'>\n\t\t\t\t<a href='https:\/\/www.arquimaster.com.ar\/web\/wp-content\/uploads\/2014\/03\/casa_carassale40.jpg' title=\"Casa Carassale \/ BAK Arquitectos (\u00a9 Gustavo Sosa Pinilla)\" data-rl_title=\"Casa Carassale \/ BAK Arquitectos (\u00a9 Gustavo Sosa Pinilla)\" class=\"rl-gallery-link\" data-rl_caption=\"Casa Carassale \/ BAK Arquitectos (\u00a9 Gustavo Sosa Pinilla)\" data-rel=\"lightbox-gallery-2\"><img loading=\"lazy\" decoding=\"async\" width=\"150\" height=\"150\" src=\"https:\/\/www.arquimaster.com.ar\/web\/wp-content\/uploads\/2014\/03\/casa_carassale40-150x150.jpg\" class=\"attachment-thumbnail size-thumbnail\" alt=\"\" aria-describedby=\"gallery-2-4211\" srcset=\"https:\/\/www.arquimaster.com.ar\/web\/wp-content\/uploads\/2014\/03\/casa_carassale40-150x150.jpg 150w, https:\/\/www.arquimaster.com.ar\/web\/wp-content\/uploads\/2014\/03\/casa_carassale40-50x50.jpg 50w, https:\/\/www.arquimaster.com.ar\/web\/wp-content\/uploads\/2014\/03\/casa_carassale40-125x125.jpg 125w\" sizes=\"auto, (max-width: 150px) 100vw, 150px\" \/><\/a>\n\t\t\t<\/div>\n\t\t\t\t<figcaption class='wp-caption-text gallery-caption' id='gallery-2-4211'>\n\t\t\t\tCasa Carassale \/ BAK Arquitectos (\u00a9 Gustavo Sosa Pinilla)\n\t\t\t\t<\/figcaption><\/figure><figure class='gallery-item'>\n\t\t\t<div class='gallery-icon landscape'>\n\t\t\t\t<a href='https:\/\/www.arquimaster.com.ar\/web\/wp-content\/uploads\/2014\/03\/casa_carassale41.jpg' title=\"Casa Carassale \/ BAK Arquitectos (\u00a9 Gustavo Sosa Pinilla)\" data-rl_title=\"Casa Carassale \/ BAK Arquitectos (\u00a9 Gustavo Sosa Pinilla)\" class=\"rl-gallery-link\" data-rl_caption=\"Casa Carassale \/ BAK Arquitectos (\u00a9 Gustavo Sosa Pinilla)\" data-rel=\"lightbox-gallery-2\"><img loading=\"lazy\" decoding=\"async\" width=\"150\" height=\"150\" src=\"https:\/\/www.arquimaster.com.ar\/web\/wp-content\/uploads\/2014\/03\/casa_carassale41-150x150.jpg\" class=\"attachment-thumbnail size-thumbnail\" alt=\"\" aria-describedby=\"gallery-2-4212\" srcset=\"https:\/\/www.arquimaster.com.ar\/web\/wp-content\/uploads\/2014\/03\/casa_carassale41-150x150.jpg 150w, https:\/\/www.arquimaster.com.ar\/web\/wp-content\/uploads\/2014\/03\/casa_carassale41-50x50.jpg 50w, https:\/\/www.arquimaster.com.ar\/web\/wp-content\/uploads\/2014\/03\/casa_carassale41-125x125.jpg 125w\" sizes=\"auto, (max-width: 150px) 100vw, 150px\" \/><\/a>\n\t\t\t<\/div>\n\t\t\t\t<figcaption class='wp-caption-text gallery-caption' id='gallery-2-4212'>\n\t\t\t\tCasa Carassale \/ BAK Arquitectos (\u00a9 Gustavo Sosa Pinilla)\n\t\t\t\t<\/figcaption><\/figure><figure class='gallery-item'>\n\t\t\t<div class='gallery-icon landscape'>\n\t\t\t\t<a href='https:\/\/www.arquimaster.com.ar\/web\/wp-content\/uploads\/2014\/03\/casa_carassale42.jpg' title=\"Casa Carassale \/ BAK Arquitectos (\u00a9 Gustavo Sosa Pinilla)\" data-rl_title=\"Casa Carassale \/ BAK Arquitectos (\u00a9 Gustavo Sosa Pinilla)\" class=\"rl-gallery-link\" data-rl_caption=\"Casa Carassale \/ BAK Arquitectos (\u00a9 Gustavo Sosa Pinilla)\" data-rel=\"lightbox-gallery-2\"><img loading=\"lazy\" decoding=\"async\" width=\"150\" height=\"150\" src=\"https:\/\/www.arquimaster.com.ar\/web\/wp-content\/uploads\/2014\/03\/casa_carassale42-150x150.jpg\" class=\"attachment-thumbnail size-thumbnail\" alt=\"\" aria-describedby=\"gallery-2-4213\" srcset=\"https:\/\/www.arquimaster.com.ar\/web\/wp-content\/uploads\/2014\/03\/casa_carassale42-150x150.jpg 150w, https:\/\/www.arquimaster.com.ar\/web\/wp-content\/uploads\/2014\/03\/casa_carassale42-50x50.jpg 50w, https:\/\/www.arquimaster.com.ar\/web\/wp-content\/uploads\/2014\/03\/casa_carassale42-125x125.jpg 125w\" sizes=\"auto, (max-width: 150px) 100vw, 150px\" \/><\/a>\n\t\t\t<\/div>\n\t\t\t\t<figcaption class='wp-caption-text gallery-caption' id='gallery-2-4213'>\n\t\t\t\tCasa Carassale \/ BAK Arquitectos (\u00a9 Gustavo Sosa Pinilla)\n\t\t\t\t<\/figcaption><\/figure><figure class='gallery-item'>\n\t\t\t<div class='gallery-icon landscape'>\n\t\t\t\t<a href='https:\/\/www.arquimaster.com.ar\/web\/wp-content\/uploads\/2014\/03\/casa_carassale43.jpg' title=\"Casa Carassale \/ BAK Arquitectos (\u00a9 Gustavo Sosa Pinilla)\" data-rl_title=\"Casa Carassale \/ BAK Arquitectos (\u00a9 Gustavo Sosa Pinilla)\" class=\"rl-gallery-link\" data-rl_caption=\"Casa Carassale \/ BAK Arquitectos (\u00a9 Gustavo Sosa Pinilla)\" data-rel=\"lightbox-gallery-2\"><img loading=\"lazy\" decoding=\"async\" width=\"150\" height=\"150\" src=\"https:\/\/www.arquimaster.com.ar\/web\/wp-content\/uploads\/2014\/03\/casa_carassale43-150x150.jpg\" class=\"attachment-thumbnail size-thumbnail\" alt=\"\" aria-describedby=\"gallery-2-4214\" srcset=\"https:\/\/www.arquimaster.com.ar\/web\/wp-content\/uploads\/2014\/03\/casa_carassale43-150x150.jpg 150w, https:\/\/www.arquimaster.com.ar\/web\/wp-content\/uploads\/2014\/03\/casa_carassale43-50x50.jpg 50w, https:\/\/www.arquimaster.com.ar\/web\/wp-content\/uploads\/2014\/03\/casa_carassale43-125x125.jpg 125w\" sizes=\"auto, (max-width: 150px) 100vw, 150px\" \/><\/a>\n\t\t\t<\/div>\n\t\t\t\t<figcaption class='wp-caption-text gallery-caption' id='gallery-2-4214'>\n\t\t\t\tCasa Carassale \/ BAK Arquitectos (\u00a9 Gustavo Sosa Pinilla)\n\t\t\t\t<\/figcaption><\/figure>\n\t\t<\/div>\n\n<p><strong>El encargo<\/strong><br \/>\nEste fue un pedido muy particular ya que uno de los miembros de la pareja que contrata al estudio es una arquitecta que, al no poderse ocupar de la ejecuci\u00f3n del proyecto por razones de tiempo y distancia, recurre a colegas con quienes comparte criterios arquitect\u00f3nicos.<\/p>\n<p>Cuentan en la primera entrevista que si bien la familia est\u00e1 integrada por la pareja m\u00e1s tres ni\u00f1os peque\u00f1os, la idea es contar con muchos lugares para dormir ya que piensan compartir la casa con amigos durante largas estad\u00edas. Por esa misma raz\u00f3n, la zona social ten\u00eda que ser tambi\u00e9n de dimensiones generosas. Por lo tanto se sugiri\u00f3 resolver algunos dormitorios como camarotes, ya que la casa no pod\u00eda superar los 150 o 160 m2.<\/p>\n<p>El lugar de reuni\u00f3n deb\u00eda integrar la cocina y tener un hogar que permitiese hacer asados, cuando no fuera posible hacerlos a la intemperie. Ten\u00eda contar tambi\u00e9n con parrilla al aire libre, lugares de expansi\u00f3n y un lugar para ser usado como lavadero y dep\u00f3sito para elementos de playa.<\/p>\n<p>Se resalt\u00f3 tambi\u00e9n la necesidad de contar en todos los ambientes con una relaci\u00f3n muy fluida con el exterior. La formalizaci\u00f3n de la vivienda tendr\u00eda que ser austera y de muy bajo impacto en un entorno agreste muy valorado por los comitentes.<\/p>\n<div id='gallery-3' class='gallery galleryid-4170 gallery-columns-3 gallery-size-thumbnail'><figure class='gallery-item'>\n\t\t\t<div class='gallery-icon landscape'>\n\t\t\t\t<a href='https:\/\/www.arquimaster.com.ar\/web\/wp-content\/uploads\/2014\/03\/casa_carassale44.jpg' title=\"Casa Carassale \/ BAK Arquitectos (\u00a9 Gustavo Sosa Pinilla)\" data-rl_title=\"Casa Carassale \/ BAK Arquitectos (\u00a9 Gustavo Sosa Pinilla)\" class=\"rl-gallery-link\" data-rl_caption=\"Casa Carassale \/ BAK Arquitectos (\u00a9 Gustavo Sosa Pinilla)\" data-rel=\"lightbox-gallery-3\"><img loading=\"lazy\" decoding=\"async\" width=\"150\" height=\"150\" src=\"https:\/\/www.arquimaster.com.ar\/web\/wp-content\/uploads\/2014\/03\/casa_carassale44-150x150.jpg\" class=\"attachment-thumbnail size-thumbnail\" alt=\"\" aria-describedby=\"gallery-3-4215\" srcset=\"https:\/\/www.arquimaster.com.ar\/web\/wp-content\/uploads\/2014\/03\/casa_carassale44-150x150.jpg 150w, https:\/\/www.arquimaster.com.ar\/web\/wp-content\/uploads\/2014\/03\/casa_carassale44-50x50.jpg 50w, https:\/\/www.arquimaster.com.ar\/web\/wp-content\/uploads\/2014\/03\/casa_carassale44-125x125.jpg 125w\" sizes=\"auto, (max-width: 150px) 100vw, 150px\" \/><\/a>\n\t\t\t<\/div>\n\t\t\t\t<figcaption class='wp-caption-text gallery-caption' id='gallery-3-4215'>\n\t\t\t\tCasa Carassale \/ BAK Arquitectos (\u00a9 Gustavo Sosa Pinilla)\n\t\t\t\t<\/figcaption><\/figure><figure class='gallery-item'>\n\t\t\t<div class='gallery-icon landscape'>\n\t\t\t\t<a href='https:\/\/www.arquimaster.com.ar\/web\/wp-content\/uploads\/2014\/03\/casa_carassale45.jpg' title=\"Casa Carassale \/ BAK Arquitectos (planta)\" data-rl_title=\"Casa Carassale \/ BAK Arquitectos (planta)\" class=\"rl-gallery-link\" data-rl_caption=\"Casa Carassale \/ BAK Arquitectos (planta)\" data-rel=\"lightbox-gallery-3\"><img loading=\"lazy\" decoding=\"async\" width=\"150\" height=\"150\" src=\"https:\/\/www.arquimaster.com.ar\/web\/wp-content\/uploads\/2014\/03\/casa_carassale45-150x150.jpg\" class=\"attachment-thumbnail size-thumbnail\" alt=\"\" aria-describedby=\"gallery-3-4216\" srcset=\"https:\/\/www.arquimaster.com.ar\/web\/wp-content\/uploads\/2014\/03\/casa_carassale45-150x150.jpg 150w, https:\/\/www.arquimaster.com.ar\/web\/wp-content\/uploads\/2014\/03\/casa_carassale45-50x50.jpg 50w, https:\/\/www.arquimaster.com.ar\/web\/wp-content\/uploads\/2014\/03\/casa_carassale45-125x125.jpg 125w\" sizes=\"auto, (max-width: 150px) 100vw, 150px\" \/><\/a>\n\t\t\t<\/div>\n\t\t\t\t<figcaption class='wp-caption-text gallery-caption' id='gallery-3-4216'>\n\t\t\t\tCasa Carassale \/ BAK Arquitectos (planta)\n\t\t\t\t<\/figcaption><\/figure><figure class='gallery-item'>\n\t\t\t<div class='gallery-icon landscape'>\n\t\t\t\t<a href='https:\/\/www.arquimaster.com.ar\/web\/wp-content\/uploads\/2014\/03\/casa_carassale46.jpg' title=\"Casa Carassale \/ BAK Arquitectos (corte)\" data-rl_title=\"Casa Carassale \/ BAK Arquitectos (corte)\" class=\"rl-gallery-link\" data-rl_caption=\"Casa Carassale \/ BAK Arquitectos (corte)\" data-rel=\"lightbox-gallery-3\"><img loading=\"lazy\" decoding=\"async\" width=\"150\" height=\"131\" src=\"https:\/\/www.arquimaster.com.ar\/web\/wp-content\/uploads\/2014\/03\/casa_carassale46-150x131.jpg\" class=\"attachment-thumbnail size-thumbnail\" alt=\"\" aria-describedby=\"gallery-3-4217\" \/><\/a>\n\t\t\t<\/div>\n\t\t\t\t<figcaption class='wp-caption-text gallery-caption' id='gallery-3-4217'>\n\t\t\t\tCasa Carassale \/ BAK Arquitectos (corte)\n\t\t\t\t<\/figcaption><\/figure><figure class='gallery-item'>\n\t\t\t<div class='gallery-icon landscape'>\n\t\t\t\t<a href='https:\/\/www.arquimaster.com.ar\/web\/wp-content\/uploads\/2014\/03\/casa_carassale47.jpg' title=\"Casa Carassale \/ BAK Arquitectos (corte)\" data-rl_title=\"Casa Carassale \/ BAK Arquitectos (corte)\" class=\"rl-gallery-link\" data-rl_caption=\"Casa Carassale \/ BAK Arquitectos (corte)\" data-rel=\"lightbox-gallery-3\"><img loading=\"lazy\" decoding=\"async\" width=\"150\" height=\"150\" src=\"https:\/\/www.arquimaster.com.ar\/web\/wp-content\/uploads\/2014\/03\/casa_carassale47-150x150.jpg\" class=\"attachment-thumbnail size-thumbnail\" alt=\"\" aria-describedby=\"gallery-3-4218\" srcset=\"https:\/\/www.arquimaster.com.ar\/web\/wp-content\/uploads\/2014\/03\/casa_carassale47-150x150.jpg 150w, https:\/\/www.arquimaster.com.ar\/web\/wp-content\/uploads\/2014\/03\/casa_carassale47-50x50.jpg 50w, https:\/\/www.arquimaster.com.ar\/web\/wp-content\/uploads\/2014\/03\/casa_carassale47-125x125.jpg 125w\" sizes=\"auto, (max-width: 150px) 100vw, 150px\" \/><\/a>\n\t\t\t<\/div>\n\t\t\t\t<figcaption class='wp-caption-text gallery-caption' id='gallery-3-4218'>\n\t\t\t\tCasa Carassale \/ BAK Arquitectos (corte)\n\t\t\t\t<\/figcaption><\/figure><figure class='gallery-item'>\n\t\t\t<div class='gallery-icon landscape'>\n\t\t\t\t<a href='https:\/\/www.arquimaster.com.ar\/web\/wp-content\/uploads\/2014\/03\/casa_carassale48.jpg' title=\"Casa Carassale \/ BAK Arquitectos (corte)\" data-rl_title=\"Casa Carassale \/ BAK Arquitectos (corte)\" class=\"rl-gallery-link\" data-rl_caption=\"Casa Carassale \/ BAK Arquitectos (corte)\" data-rel=\"lightbox-gallery-3\"><img loading=\"lazy\" decoding=\"async\" width=\"150\" height=\"143\" src=\"https:\/\/www.arquimaster.com.ar\/web\/wp-content\/uploads\/2014\/03\/casa_carassale48-150x143.jpg\" class=\"attachment-thumbnail size-thumbnail\" alt=\"\" aria-describedby=\"gallery-3-4219\" \/><\/a>\n\t\t\t<\/div>\n\t\t\t\t<figcaption class='wp-caption-text gallery-caption' id='gallery-3-4219'>\n\t\t\t\tCasa Carassale \/ BAK Arquitectos (corte)\n\t\t\t\t<\/figcaption><\/figure><figure class='gallery-item'>\n\t\t\t<div class='gallery-icon landscape'>\n\t\t\t\t<a href='https:\/\/www.arquimaster.com.ar\/web\/wp-content\/uploads\/2014\/03\/casa_carassale49.jpg' title=\"Casa Carassale \/ BAK Arquitectos (vista boulevard)\" data-rl_title=\"Casa Carassale \/ BAK Arquitectos (vista boulevard)\" class=\"rl-gallery-link\" data-rl_caption=\"Casa Carassale \/ BAK Arquitectos (vista boulevard)\" data-rel=\"lightbox-gallery-3\"><img loading=\"lazy\" decoding=\"async\" width=\"150\" height=\"150\" src=\"https:\/\/www.arquimaster.com.ar\/web\/wp-content\/uploads\/2014\/03\/casa_carassale49-150x150.jpg\" class=\"attachment-thumbnail size-thumbnail\" alt=\"\" aria-describedby=\"gallery-3-4220\" srcset=\"https:\/\/www.arquimaster.com.ar\/web\/wp-content\/uploads\/2014\/03\/casa_carassale49-150x150.jpg 150w, https:\/\/www.arquimaster.com.ar\/web\/wp-content\/uploads\/2014\/03\/casa_carassale49-50x50.jpg 50w, https:\/\/www.arquimaster.com.ar\/web\/wp-content\/uploads\/2014\/03\/casa_carassale49-125x125.jpg 125w\" sizes=\"auto, (max-width: 150px) 100vw, 150px\" \/><\/a>\n\t\t\t<\/div>\n\t\t\t\t<figcaption class='wp-caption-text gallery-caption' id='gallery-3-4220'>\n\t\t\t\tCasa Carassale \/ BAK Arquitectos (vista boulevard)\n\t\t\t\t<\/figcaption><\/figure><figure class='gallery-item'>\n\t\t\t<div class='gallery-icon landscape'>\n\t\t\t\t<a href='https:\/\/www.arquimaster.com.ar\/web\/wp-content\/uploads\/2014\/03\/casa_carassale50.jpg' title=\"Casa Carassale \/ BAK Arquitectos (vista calle)\" data-rl_title=\"Casa Carassale \/ BAK Arquitectos (vista calle)\" class=\"rl-gallery-link\" data-rl_caption=\"Casa Carassale \/ BAK Arquitectos (vista calle)\" data-rel=\"lightbox-gallery-3\"><img loading=\"lazy\" decoding=\"async\" width=\"150\" height=\"150\" src=\"https:\/\/www.arquimaster.com.ar\/web\/wp-content\/uploads\/2014\/03\/casa_carassale50-150x150.jpg\" class=\"attachment-thumbnail size-thumbnail\" alt=\"\" aria-describedby=\"gallery-3-4221\" srcset=\"https:\/\/www.arquimaster.com.ar\/web\/wp-content\/uploads\/2014\/03\/casa_carassale50-150x150.jpg 150w, https:\/\/www.arquimaster.com.ar\/web\/wp-content\/uploads\/2014\/03\/casa_carassale50-50x50.jpg 50w, https:\/\/www.arquimaster.com.ar\/web\/wp-content\/uploads\/2014\/03\/casa_carassale50-125x125.jpg 125w\" sizes=\"auto, (max-width: 150px) 100vw, 150px\" \/><\/a>\n\t\t\t<\/div>\n\t\t\t\t<figcaption class='wp-caption-text gallery-caption' id='gallery-3-4221'>\n\t\t\t\tCasa Carassale \/ BAK Arquitectos (vista calle)\n\t\t\t\t<\/figcaption><\/figure><figure class='gallery-item'>\n\t\t\t<div class='gallery-icon landscape'>\n\t\t\t\t<a href='https:\/\/www.arquimaster.com.ar\/web\/wp-content\/uploads\/2014\/03\/casa_carassale51.jpg' title=\"Casa Carassale \/ BAK Arquitectos (vista lote adyacente)\" data-rl_title=\"Casa Carassale \/ BAK Arquitectos (vista lote adyacente)\" class=\"rl-gallery-link\" data-rl_caption=\"Casa Carassale \/ BAK Arquitectos (vista lote adyacente)\" data-rel=\"lightbox-gallery-3\"><img loading=\"lazy\" decoding=\"async\" width=\"150\" height=\"137\" src=\"https:\/\/www.arquimaster.com.ar\/web\/wp-content\/uploads\/2014\/03\/casa_carassale51-150x137.jpg\" class=\"attachment-thumbnail size-thumbnail\" alt=\"\" aria-describedby=\"gallery-3-4222\" \/><\/a>\n\t\t\t<\/div>\n\t\t\t\t<figcaption class='wp-caption-text gallery-caption' id='gallery-3-4222'>\n\t\t\t\tCasa Carassale \/ BAK Arquitectos (vista lote adyacente)\n\t\t\t\t<\/figcaption><\/figure><figure class='gallery-item'>\n\t\t\t<div class='gallery-icon landscape'>\n\t\t\t\t<a href='https:\/\/www.arquimaster.com.ar\/web\/wp-content\/uploads\/2014\/03\/casa_carassale52.jpg' title=\"Casa Carassale \/ BAK Arquitectos (vista lote adyacente)\" data-rl_title=\"Casa Carassale \/ BAK Arquitectos (vista lote adyacente)\" class=\"rl-gallery-link\" data-rl_caption=\"Casa Carassale \/ BAK Arquitectos (vista lote adyacente)\" data-rel=\"lightbox-gallery-3\"><img loading=\"lazy\" decoding=\"async\" width=\"150\" height=\"107\" src=\"https:\/\/www.arquimaster.com.ar\/web\/wp-content\/uploads\/2014\/03\/casa_carassale52-150x107.jpg\" class=\"attachment-thumbnail size-thumbnail\" alt=\"\" aria-describedby=\"gallery-3-4223\" \/><\/a>\n\t\t\t<\/div>\n\t\t\t\t<figcaption class='wp-caption-text gallery-caption' id='gallery-3-4223'>\n\t\t\t\tCasa Carassale \/ BAK Arquitectos (vista lote adyacente)\n\t\t\t\t<\/figcaption><\/figure>\n\t\t<\/div>\n\n<p><strong>La propuesta<\/strong><br \/>\nSe decidi\u00f3 ubicar la vivienda en la zona central del predio -la m\u00e1s alta y con un \u00fanico \u00e1rbol para integrar- resolvi\u00e9ndola en dos vol\u00famenes perpendiculares entre s\u00ed que se cruzan a diferentes alturas, siguiendo el relieve del lote, separ\u00e1ndose en la uni\u00f3n para dejar pasar un pino mar\u00edtimo de pocos a\u00f1os pero que con el tiempo se transformar\u00e1 en protagonista.<\/p>\n<p>El primer volumen es un prisma alargado, paralelo a la calle, abierto en sus dos caras principales resulta un semicubierto que integra la arboleda que se encuentra en el frente con el resto del lote. El segundo, otro prisma alargado ubicado tres escalones m\u00e1s abajo para acomodarse al relieve del lote, aloja los cuatro dormitorios y se resuelve con dos fachadas bien diferenciadas: la oeste cerrada es la que se corresponde con la circulaci\u00f3n y el ba\u00f1o general, y la este abierta con grandes ventanales que permiten la integraci\u00f3n de tres de los dormitorios con el exterior. El \u00faltimo dormitorio, y el principal, se abre hacia el fondo con un importante semicubierto y una terraza privada al resguardo de las vistas del resto de la vivienda y con vistas a un paisaje agreste que no va a variar en el tiempo, ya que no hay vecinos lindantes con el fondo del predio.<\/p>\n<p><em>(Memoria por Mar\u00eda Victoria Beson\u00edas)<\/em><\/p>\n<p><strong>Ficha tecnica<\/strong><br \/>\nNombre: Casa Carassale (vivienda de veraneo)<br \/>\nUbicaci\u00f3n:\u00a0Costa Esmeralda, Pcia. de Buenos Aires, Argentina<br \/>\nProyecto y Direcci\u00f3n: Mar\u00eda Victoria Besonias, Luciano Kruk<br \/>\nColaboradores: Ekaterina Allaria Kunzel, Juan Mart\u00edn Antonutti, Federico Eichenberg<br \/>\nSuperficie del terreno: 1024 m2<br \/>\nSuperficie construida:\u00a0163 m2<br \/>\nA\u00f1o de construcci\u00f3n:\u00a02012<br \/>\nFotos: Gustavo Sosa Pinilla<\/p>\n<p><strong>Contacto:<\/strong> <a title=\"BAK Arquitectos\" href=\"http:\/\/www.besoniasalmeida.com\" target=\"_blank\">http:\/\/www.besoniasalmeida.com<\/a><\/p>\n<p>&nbsp;<\/p>\n<p><em><strong>English version<\/strong><\/em><br \/>\n<em><strong>Carassale House<\/strong> (summer house)<\/em><\/p>\n<p><em><strong>The place<\/strong><\/em><br \/>\n<em>Costa Esmeralda is a private venture on the dunes of the coast of Buenos Aires, 390 km from the city of Buenos Aires. This is a recent development with a young acacia and pine trees afforestation with a few consolidated forest sectors.<\/em><\/p>\n<p><em>The batch to intervene is at the edge of a zone of young vegetation. It is located between a higher area with a dense plantation to the left, and a low area to the right, with no vegetation sown and abundant pastures of the region.<\/em><\/p>\n<p><em>Specifically, the land has some acacias and only nine young maritime pines-mostly clustered near the front line, one in the center and one in the background, so the project begins with the premise of preserving all existing trees.<\/em><\/p>\n<p><em><strong>The commission<\/strong><\/em><br \/>\n<em>This was a very particular request, as one member of the couple who contacts the studio is an architect that, being unable to take care of the project due to time and distance, turns to colleagues with whom she shares architectural criteria.<\/em><\/p>\n<p><em>In the first interview they say that, although the family is composed of the couple plus three small children, the idea is to have many places to sleep since they plan to share the house with friends over long stays. For the same reason, the social area also had to be generously sized. Therefore it is suggested to solve some bedrooms as cabins, as the house could not exceed 150 or 160 m2. The gathering place will integrate the kitchen and have a fireplace which should enable barbecuing, when is not possible to do it outside. It should also have an outdoor grill, expansion places and a place to be used as a laundry room and warehousing for beach items.<\/em><\/p>\n<p><em>Was also highlighted the need to have a very fluid relationship with the outside in all rooms. The formalization of the house would have to be austere and of very low impact in this rough environment, highly appreciated by the clients.<\/em><\/p>\n<p><em><strong>The proposal<\/strong><\/em><br \/>\n<em>It was decided to locate the house in the central area of the property -the highest and with just one tree to integrate-resolving it into two mutually perpendicular volumes intersect at different heights, following the contours of the lot, separating at the junction to let in a young maritime pine that over time will become the main character.<\/em><\/p>\n<p><em>The first volume is an elongated prism, parallel to the street and open at both main sides producing a semi covered which integrates the grove of trees located in the front with the rest of the batch. The second, another elongated prism located three steps below to fit the contour of the lot, houses four bedroom and resolves two clearly differentiated facades: the western, closed, corresponds to the circulation and shared bathroom, and the eastern, open, with large windows allowing the integration of the three bedrooms with the outside. The last bedroom, the main, opens to the backyard with an important semi covered space and a private terrace protected from the view of the rest of the house and overlooking a rugged landscape that will not vary over time because there are no neighbors adjoining the back of the property.<\/em><\/p>\n<p><em>(Memory by Mar\u00eda Victoria Beson\u00edas)<\/em><\/p>\n<p><em><strong>Data sheet<\/strong><\/em><br \/>\n<em>Name of project: Carassale House (summer house)<\/em><br \/>\n<em>Location: Costa Esmeralda, Pcia. Buenos Aires, Argentina<\/em><br \/>\n<em>Design and Project Management:\u00a0 Mar\u00eda Victoria Beson\u00edas, Luciano Kruk<\/em><br \/>\n<em>Collaborators:\u00a0 Ekaterina Allaria\u00a0Kunzel, Juan Mart\u00edn Antonutti, Federico Eichenberg<\/em><br \/>\n<em>Land area:\u00a01024 m2<\/em><br \/>\n<em>Built area: 163 m2<\/em><br \/>\n<em>Construction year: 2012<\/em><br \/>\n<em>Photos: Gustavo Sosa Pinilla<\/em><\/p>\n\n<div style=\"font-size: 0px; height: 0px; line-height: 0px; margin: 0; padding: 0; clear: both;\"><\/div><div style=\"margin-top: 0px; margin-bottom: 0px;\" class=\"sharethis-inline-share-buttons\" ><\/div>","protected":false},"excerpt":{"rendered":"<p>La formalizaci\u00f3n de la vivienda es austera y de muy bajo impacto en un entorno agreste&#8230;<\/p>\n","protected":false},"author":1,"featured_media":4172,"comment_status":"closed","ping_status":"closed","sticky":false,"template":"","format":"standard","meta":{"_uag_custom_page_level_css":"","footnotes":""},"categories":[1,251,83],"tags":[1173,16,252,1026,1023,725,1176,1174,1175,1172],"class_list":["post-4170","post","type-post","status-publish","format-standard","has-post-thumbnail","hentry","category-proyecto","category-casas-de-playa","category-vivienda-unifamiliar","tag-bak-arquitectos","tag-buenos-aires","tag-casa-de-playa","tag-casa-de-veraneo","tag-costa-esmeralda","tag-hormigon","tag-hormigon-a-la-vista","tag-hormigon-armado","tag-hormigon-visto","tag-vivienda-de-veraneo","generate-columns","tablet-grid-50","mobile-grid-100","grid-parent","grid-50"],"yoast_head":"<!-- This site is optimized with the Yoast SEO plugin v27.3 - https:\/\/yoast.com\/product\/yoast-seo-wordpress\/ -->\n<title>Casa Carassale \/ BAK Arquitectos - Arquimaster<\/title>\n<meta name=\"robots\" content=\"index, follow, max-snippet:-1, max-image-preview:large, max-video-preview:-1\" \/>\n<link rel=\"canonical\" href=\"https:\/\/www.arquimaster.com.ar\/web\/casa-carassale-bak-arquitectos\/\" \/>\n<meta property=\"og:locale\" content=\"es_ES\" \/>\n<meta property=\"og:type\" content=\"article\" \/>\n<meta property=\"og:title\" content=\"Casa Carassale \/ BAK Arquitectos - Arquimaster\" \/>\n<meta property=\"og:description\" content=\"La formalizaci\u00f3n de la vivienda es austera y de muy bajo impacto en un entorno agreste...\" \/>\n<meta property=\"og:url\" content=\"https:\/\/www.arquimaster.com.ar\/web\/casa-carassale-bak-arquitectos\/\" \/>\n<meta property=\"og:site_name\" content=\"Arquimaster\" \/>\n<meta property=\"article:publisher\" content=\"http:\/\/www.facebook.com\/ARQUIMASTER.com.ar\" \/>\n<meta property=\"article:published_time\" content=\"2014-03-19T23:45:07+00:00\" \/>\n<meta property=\"article:modified_time\" content=\"2014-03-20T00:20:13+00:00\" \/>\n<meta property=\"og:image\" content=\"https:\/\/www.arquimaster.com.ar\/web\/wp-content\/uploads\/2014\/03\/casa_carassale_slide.jpg\" \/>\n\t<meta property=\"og:image:width\" content=\"642\" \/>\n\t<meta property=\"og:image:height\" content=\"336\" \/>\n\t<meta property=\"og:image:type\" content=\"image\/jpeg\" \/>\n<meta name=\"author\" content=\"Arquimaster\" \/>\n<meta name=\"twitter:card\" content=\"summary_large_image\" \/>\n<meta name=\"twitter:creator\" content=\"@arquimaster\" \/>\n<meta name=\"twitter:site\" content=\"@arquimaster\" \/>\n<meta name=\"twitter:label1\" content=\"Escrito por\" \/>\n\t<meta name=\"twitter:data1\" content=\"Arquimaster\" \/>\n\t<meta name=\"twitter:label2\" content=\"Tiempo de lectura\" \/>\n\t<meta name=\"twitter:data2\" content=\"7 minutos\" \/>\n<script type=\"application\/ld+json\" class=\"yoast-schema-graph\">{\"@context\":\"https:\\\/\\\/schema.org\",\"@graph\":[{\"@type\":\"Article\",\"@id\":\"https:\\\/\\\/www.arquimaster.com.ar\\\/web\\\/casa-carassale-bak-arquitectos\\\/#article\",\"isPartOf\":{\"@id\":\"https:\\\/\\\/www.arquimaster.com.ar\\\/web\\\/casa-carassale-bak-arquitectos\\\/\"},\"author\":{\"name\":\"Arquimaster\",\"@id\":\"https:\\\/\\\/www.arquimaster.com.ar\\\/web\\\/#\\\/schema\\\/person\\\/359e9f7c00193fcde068e0dd2ceb0028\"},\"headline\":\"Casa Carassale \\\/ BAK Arquitectos\",\"datePublished\":\"2014-03-19T23:45:07+00:00\",\"dateModified\":\"2014-03-20T00:20:13+00:00\",\"mainEntityOfPage\":{\"@id\":\"https:\\\/\\\/www.arquimaster.com.ar\\\/web\\\/casa-carassale-bak-arquitectos\\\/\"},\"wordCount\":1331,\"publisher\":{\"@id\":\"https:\\\/\\\/www.arquimaster.com.ar\\\/web\\\/#organization\"},\"image\":{\"@id\":\"https:\\\/\\\/www.arquimaster.com.ar\\\/web\\\/casa-carassale-bak-arquitectos\\\/#primaryimage\"},\"thumbnailUrl\":\"https:\\\/\\\/www.arquimaster.com.ar\\\/web\\\/wp-content\\\/uploads\\\/2014\\\/03\\\/casa_carassale_slide.jpg\",\"keywords\":[\"BAK Arquitectos\",\"Buenos Aires\",\"casa de playa\",\"casa de veraneo\",\"Costa Esmeralda\",\"hormig\u00f3n\",\"hormig\u00f3n a la vista\",\"hormig\u00f3n armado\",\"hormig\u00f3n visto\",\"vivienda de veraneo\"],\"articleSection\":[\"Proyecto\",\"Vivienda no permanente\",\"Vivienda unifamiliar y PH\"],\"inLanguage\":\"es\"},{\"@type\":\"WebPage\",\"@id\":\"https:\\\/\\\/www.arquimaster.com.ar\\\/web\\\/casa-carassale-bak-arquitectos\\\/\",\"url\":\"https:\\\/\\\/www.arquimaster.com.ar\\\/web\\\/casa-carassale-bak-arquitectos\\\/\",\"name\":\"Casa Carassale \\\/ BAK Arquitectos - Arquimaster\",\"isPartOf\":{\"@id\":\"https:\\\/\\\/www.arquimaster.com.ar\\\/web\\\/#website\"},\"primaryImageOfPage\":{\"@id\":\"https:\\\/\\\/www.arquimaster.com.ar\\\/web\\\/casa-carassale-bak-arquitectos\\\/#primaryimage\"},\"image\":{\"@id\":\"https:\\\/\\\/www.arquimaster.com.ar\\\/web\\\/casa-carassale-bak-arquitectos\\\/#primaryimage\"},\"thumbnailUrl\":\"https:\\\/\\\/www.arquimaster.com.ar\\\/web\\\/wp-content\\\/uploads\\\/2014\\\/03\\\/casa_carassale_slide.jpg\",\"datePublished\":\"2014-03-19T23:45:07+00:00\",\"dateModified\":\"2014-03-20T00:20:13+00:00\",\"breadcrumb\":{\"@id\":\"https:\\\/\\\/www.arquimaster.com.ar\\\/web\\\/casa-carassale-bak-arquitectos\\\/#breadcrumb\"},\"inLanguage\":\"es\",\"potentialAction\":[{\"@type\":\"ReadAction\",\"target\":[\"https:\\\/\\\/www.arquimaster.com.ar\\\/web\\\/casa-carassale-bak-arquitectos\\\/\"]}]},{\"@type\":\"ImageObject\",\"inLanguage\":\"es\",\"@id\":\"https:\\\/\\\/www.arquimaster.com.ar\\\/web\\\/casa-carassale-bak-arquitectos\\\/#primaryimage\",\"url\":\"https:\\\/\\\/www.arquimaster.com.ar\\\/web\\\/wp-content\\\/uploads\\\/2014\\\/03\\\/casa_carassale_slide.jpg\",\"contentUrl\":\"https:\\\/\\\/www.arquimaster.com.ar\\\/web\\\/wp-content\\\/uploads\\\/2014\\\/03\\\/casa_carassale_slide.jpg\",\"width\":642,\"height\":336},{\"@type\":\"BreadcrumbList\",\"@id\":\"https:\\\/\\\/www.arquimaster.com.ar\\\/web\\\/casa-carassale-bak-arquitectos\\\/#breadcrumb\",\"itemListElement\":[{\"@type\":\"ListItem\",\"position\":1,\"name\":\"Portada\",\"item\":\"https:\\\/\\\/www.arquimaster.com.ar\\\/web\\\/\"},{\"@type\":\"ListItem\",\"position\":2,\"name\":\"Casa Carassale \\\/ BAK Arquitectos\"}]},{\"@type\":\"WebSite\",\"@id\":\"https:\\\/\\\/www.arquimaster.com.ar\\\/web\\\/#website\",\"url\":\"https:\\\/\\\/www.arquimaster.com.ar\\\/web\\\/\",\"name\":\"Arquimaster\",\"description\":\"Web de arquitectura, dise\u00f1o y construccion\",\"publisher\":{\"@id\":\"https:\\\/\\\/www.arquimaster.com.ar\\\/web\\\/#organization\"},\"potentialAction\":[{\"@type\":\"SearchAction\",\"target\":{\"@type\":\"EntryPoint\",\"urlTemplate\":\"https:\\\/\\\/www.arquimaster.com.ar\\\/web\\\/?s={search_term_string}\"},\"query-input\":{\"@type\":\"PropertyValueSpecification\",\"valueRequired\":true,\"valueName\":\"search_term_string\"}}],\"inLanguage\":\"es\"},{\"@type\":\"Organization\",\"@id\":\"https:\\\/\\\/www.arquimaster.com.ar\\\/web\\\/#organization\",\"name\":\"Arquimaster\",\"url\":\"https:\\\/\\\/www.arquimaster.com.ar\\\/web\\\/\",\"logo\":{\"@type\":\"ImageObject\",\"inLanguage\":\"es\",\"@id\":\"https:\\\/\\\/www.arquimaster.com.ar\\\/web\\\/#\\\/schema\\\/logo\\\/image\\\/\",\"url\":\"https:\\\/\\\/www.arquimaster.com.ar\\\/web\\\/wp-content\\\/uploads\\\/2022\\\/06\\\/arquimaster.png\",\"contentUrl\":\"https:\\\/\\\/www.arquimaster.com.ar\\\/web\\\/wp-content\\\/uploads\\\/2022\\\/06\\\/arquimaster.png\",\"width\":594,\"height\":78,\"caption\":\"Arquimaster\"},\"image\":{\"@id\":\"https:\\\/\\\/www.arquimaster.com.ar\\\/web\\\/#\\\/schema\\\/logo\\\/image\\\/\"},\"sameAs\":[\"http:\\\/\\\/www.facebook.com\\\/ARQUIMASTER.com.ar\",\"https:\\\/\\\/x.com\\\/arquimaster\",\"https:\\\/\\\/www.instagram.com\\\/arquimasterblog\\\/\",\"https:\\\/\\\/www.linkedin.com\\\/company\\\/arquimaster\",\"https:\\\/\\\/www.pinterest.com\\\/arquimaster\",\"https:\\\/\\\/t.me\\\/arquimaster\"]},{\"@type\":\"Person\",\"@id\":\"https:\\\/\\\/www.arquimaster.com.ar\\\/web\\\/#\\\/schema\\\/person\\\/359e9f7c00193fcde068e0dd2ceb0028\",\"name\":\"Arquimaster\"}]}<\/script>\n<!-- \/ Yoast SEO plugin. -->","yoast_head_json":{"title":"Casa Carassale \/ BAK Arquitectos - Arquimaster","robots":{"index":"index","follow":"follow","max-snippet":"max-snippet:-1","max-image-preview":"max-image-preview:large","max-video-preview":"max-video-preview:-1"},"canonical":"https:\/\/www.arquimaster.com.ar\/web\/casa-carassale-bak-arquitectos\/","og_locale":"es_ES","og_type":"article","og_title":"Casa Carassale \/ BAK Arquitectos - Arquimaster","og_description":"La formalizaci\u00f3n de la vivienda es austera y de muy bajo impacto en un entorno agreste...","og_url":"https:\/\/www.arquimaster.com.ar\/web\/casa-carassale-bak-arquitectos\/","og_site_name":"Arquimaster","article_publisher":"http:\/\/www.facebook.com\/ARQUIMASTER.com.ar","article_published_time":"2014-03-19T23:45:07+00:00","article_modified_time":"2014-03-20T00:20:13+00:00","og_image":[{"width":642,"height":336,"url":"https:\/\/www.arquimaster.com.ar\/web\/wp-content\/uploads\/2014\/03\/casa_carassale_slide.jpg","type":"image\/jpeg"}],"author":"Arquimaster","twitter_card":"summary_large_image","twitter_creator":"@arquimaster","twitter_site":"@arquimaster","twitter_misc":{"Escrito por":"Arquimaster","Tiempo de lectura":"7 minutos"},"schema":{"@context":"https:\/\/schema.org","@graph":[{"@type":"Article","@id":"https:\/\/www.arquimaster.com.ar\/web\/casa-carassale-bak-arquitectos\/#article","isPartOf":{"@id":"https:\/\/www.arquimaster.com.ar\/web\/casa-carassale-bak-arquitectos\/"},"author":{"name":"Arquimaster","@id":"https:\/\/www.arquimaster.com.ar\/web\/#\/schema\/person\/359e9f7c00193fcde068e0dd2ceb0028"},"headline":"Casa Carassale \/ BAK Arquitectos","datePublished":"2014-03-19T23:45:07+00:00","dateModified":"2014-03-20T00:20:13+00:00","mainEntityOfPage":{"@id":"https:\/\/www.arquimaster.com.ar\/web\/casa-carassale-bak-arquitectos\/"},"wordCount":1331,"publisher":{"@id":"https:\/\/www.arquimaster.com.ar\/web\/#organization"},"image":{"@id":"https:\/\/www.arquimaster.com.ar\/web\/casa-carassale-bak-arquitectos\/#primaryimage"},"thumbnailUrl":"https:\/\/www.arquimaster.com.ar\/web\/wp-content\/uploads\/2014\/03\/casa_carassale_slide.jpg","keywords":["BAK Arquitectos","Buenos Aires","casa de playa","casa de veraneo","Costa Esmeralda","hormig\u00f3n","hormig\u00f3n a la vista","hormig\u00f3n armado","hormig\u00f3n visto","vivienda de veraneo"],"articleSection":["Proyecto","Vivienda no permanente","Vivienda unifamiliar y PH"],"inLanguage":"es"},{"@type":"WebPage","@id":"https:\/\/www.arquimaster.com.ar\/web\/casa-carassale-bak-arquitectos\/","url":"https:\/\/www.arquimaster.com.ar\/web\/casa-carassale-bak-arquitectos\/","name":"Casa Carassale \/ BAK Arquitectos - Arquimaster","isPartOf":{"@id":"https:\/\/www.arquimaster.com.ar\/web\/#website"},"primaryImageOfPage":{"@id":"https:\/\/www.arquimaster.com.ar\/web\/casa-carassale-bak-arquitectos\/#primaryimage"},"image":{"@id":"https:\/\/www.arquimaster.com.ar\/web\/casa-carassale-bak-arquitectos\/#primaryimage"},"thumbnailUrl":"https:\/\/www.arquimaster.com.ar\/web\/wp-content\/uploads\/2014\/03\/casa_carassale_slide.jpg","datePublished":"2014-03-19T23:45:07+00:00","dateModified":"2014-03-20T00:20:13+00:00","breadcrumb":{"@id":"https:\/\/www.arquimaster.com.ar\/web\/casa-carassale-bak-arquitectos\/#breadcrumb"},"inLanguage":"es","potentialAction":[{"@type":"ReadAction","target":["https:\/\/www.arquimaster.com.ar\/web\/casa-carassale-bak-arquitectos\/"]}]},{"@type":"ImageObject","inLanguage":"es","@id":"https:\/\/www.arquimaster.com.ar\/web\/casa-carassale-bak-arquitectos\/#primaryimage","url":"https:\/\/www.arquimaster.com.ar\/web\/wp-content\/uploads\/2014\/03\/casa_carassale_slide.jpg","contentUrl":"https:\/\/www.arquimaster.com.ar\/web\/wp-content\/uploads\/2014\/03\/casa_carassale_slide.jpg","width":642,"height":336},{"@type":"BreadcrumbList","@id":"https:\/\/www.arquimaster.com.ar\/web\/casa-carassale-bak-arquitectos\/#breadcrumb","itemListElement":[{"@type":"ListItem","position":1,"name":"Portada","item":"https:\/\/www.arquimaster.com.ar\/web\/"},{"@type":"ListItem","position":2,"name":"Casa Carassale \/ BAK Arquitectos"}]},{"@type":"WebSite","@id":"https:\/\/www.arquimaster.com.ar\/web\/#website","url":"https:\/\/www.arquimaster.com.ar\/web\/","name":"Arquimaster","description":"Web de arquitectura, dise\u00f1o y construccion","publisher":{"@id":"https:\/\/www.arquimaster.com.ar\/web\/#organization"},"potentialAction":[{"@type":"SearchAction","target":{"@type":"EntryPoint","urlTemplate":"https:\/\/www.arquimaster.com.ar\/web\/?s={search_term_string}"},"query-input":{"@type":"PropertyValueSpecification","valueRequired":true,"valueName":"search_term_string"}}],"inLanguage":"es"},{"@type":"Organization","@id":"https:\/\/www.arquimaster.com.ar\/web\/#organization","name":"Arquimaster","url":"https:\/\/www.arquimaster.com.ar\/web\/","logo":{"@type":"ImageObject","inLanguage":"es","@id":"https:\/\/www.arquimaster.com.ar\/web\/#\/schema\/logo\/image\/","url":"https:\/\/www.arquimaster.com.ar\/web\/wp-content\/uploads\/2022\/06\/arquimaster.png","contentUrl":"https:\/\/www.arquimaster.com.ar\/web\/wp-content\/uploads\/2022\/06\/arquimaster.png","width":594,"height":78,"caption":"Arquimaster"},"image":{"@id":"https:\/\/www.arquimaster.com.ar\/web\/#\/schema\/logo\/image\/"},"sameAs":["http:\/\/www.facebook.com\/ARQUIMASTER.com.ar","https:\/\/x.com\/arquimaster","https:\/\/www.instagram.com\/arquimasterblog\/","https:\/\/www.linkedin.com\/company\/arquimaster","https:\/\/www.pinterest.com\/arquimaster","https:\/\/t.me\/arquimaster"]},{"@type":"Person","@id":"https:\/\/www.arquimaster.com.ar\/web\/#\/schema\/person\/359e9f7c00193fcde068e0dd2ceb0028","name":"Arquimaster"}]}},"uagb_featured_image_src":{"full":["https:\/\/www.arquimaster.com.ar\/web\/wp-content\/uploads\/2014\/03\/casa_carassale_slide.jpg",642,336,false],"thumbnail":["https:\/\/www.arquimaster.com.ar\/web\/wp-content\/uploads\/2014\/03\/casa_carassale_slide-150x150.jpg",150,150,true],"medium":["https:\/\/www.arquimaster.com.ar\/web\/wp-content\/uploads\/2014\/03\/casa_carassale_slide-300x157.jpg",300,157,true],"medium_large":["https:\/\/www.arquimaster.com.ar\/web\/wp-content\/uploads\/2014\/03\/casa_carassale_slide.jpg",642,336,false],"large":["https:\/\/www.arquimaster.com.ar\/web\/wp-content\/uploads\/2014\/03\/casa_carassale_slide.jpg",642,336,false],"1536x1536":["https:\/\/www.arquimaster.com.ar\/web\/wp-content\/uploads\/2014\/03\/casa_carassale_slide.jpg",642,336,false],"2048x2048":["https:\/\/www.arquimaster.com.ar\/web\/wp-content\/uploads\/2014\/03\/casa_carassale_slide.jpg",642,336,false]},"uagb_author_info":{"display_name":"Arquimaster","author_link":"https:\/\/www.arquimaster.com.ar\/web\/author\/arquimaster\/"},"uagb_comment_info":0,"uagb_excerpt":"La formalizaci\u00f3n de la vivienda es austera y de muy bajo impacto en un entorno agreste...","_links":{"self":[{"href":"https:\/\/www.arquimaster.com.ar\/web\/wp-json\/wp\/v2\/posts\/4170","targetHints":{"allow":["GET"]}}],"collection":[{"href":"https:\/\/www.arquimaster.com.ar\/web\/wp-json\/wp\/v2\/posts"}],"about":[{"href":"https:\/\/www.arquimaster.com.ar\/web\/wp-json\/wp\/v2\/types\/post"}],"author":[{"embeddable":true,"href":"https:\/\/www.arquimaster.com.ar\/web\/wp-json\/wp\/v2\/users\/1"}],"replies":[{"embeddable":true,"href":"https:\/\/www.arquimaster.com.ar\/web\/wp-json\/wp\/v2\/comments?post=4170"}],"version-history":[{"count":0,"href":"https:\/\/www.arquimaster.com.ar\/web\/wp-json\/wp\/v2\/posts\/4170\/revisions"}],"wp:featuredmedia":[{"embeddable":true,"href":"https:\/\/www.arquimaster.com.ar\/web\/wp-json\/wp\/v2\/media\/4172"}],"wp:attachment":[{"href":"https:\/\/www.arquimaster.com.ar\/web\/wp-json\/wp\/v2\/media?parent=4170"}],"wp:term":[{"taxonomy":"category","embeddable":true,"href":"https:\/\/www.arquimaster.com.ar\/web\/wp-json\/wp\/v2\/categories?post=4170"},{"taxonomy":"post_tag","embeddable":true,"href":"https:\/\/www.arquimaster.com.ar\/web\/wp-json\/wp\/v2\/tags?post=4170"}],"curies":[{"name":"wp","href":"https:\/\/api.w.org\/{rel}","templated":true}]}}