{"id":47656,"date":"2019-06-26T23:05:14","date_gmt":"2019-06-27T02:05:14","guid":{"rendered":"https:\/\/www.arquimaster.com.ar\/web\/?p=47656"},"modified":"2022-02-23T14:58:42","modified_gmt":"2022-02-23T17:58:42","slug":"hospital-cuf-descobertas-idom","status":"publish","type":"post","link":"https:\/\/www.arquimaster.com.ar\/web\/hospital-cuf-descobertas-idom\/","title":{"rendered":"Hospital CUF Descobertas \/ IDOM"},"content":{"rendered":"<div style=\"margin-top: 0px; margin-bottom: 0px;\" class=\"sharethis-inline-share-buttons\" ><\/div><div class=\"b812932af2e751442846f039925109de\" data-index=\"1\" style=\"float: none; margin:25px 0 25px 0; text-align:center;\">\n<script async src=\"https:\/\/pagead2.googlesyndication.com\/pagead\/js\/adsbygoogle.js\"><\/script>\r\n<!-- Arquimaster (superior) -->\r\n<ins class=\"adsbygoogle\"\r\n     style=\"display:block\"\r\n     data-ad-client=\"ca-pub-6351072698456832\"\r\n     data-ad-slot=\"6455489680\"\r\n     data-ad-format=\"auto\"\r\n     data-full-width-responsive=\"true\"><\/ins>\r\n<script>\r\n     (adsbygoogle = window.adsbygoogle || []).push({});\r\n<\/script>\n<\/div>\n<p><strong>Hospital CUF Descobertas<\/strong> (Lisboa, Portugal) por <strong>IDOM<\/strong>. El Hospital CUF Descobertas, propiedad del principal grupo privado de salud de Portugal, Jos\u00e9 de Mello Sa\u00fade, decide ampliar sus instalaciones con un nuevo edificio de uso exclusivamente ambulatorio.<\/p>\n<p>Ubicado en el Parque de las Naciones en Lisboa, el edificio original, dise\u00f1ado a finales de los a\u00f1os 90, hab\u00eda marcado en aquel entonces el inicio de una nueva era en el dise\u00f1o hospitalario del pa\u00eds, introduciendo criterios muy innovadores tanto en la organizaci\u00f3n funcional, como, y sobre todo, en la promoci\u00f3n de una nueva imagen de confort y de humanizaci\u00f3n de los espacios hospitalarios para pacientes y personal.<\/p>\n<div id='gallery-1' class='gallery galleryid-47656 gallery-columns-3 gallery-size-thumbnail'><figure class='gallery-item'>\n\t\t\t<div class='gallery-icon portrait'>\n\t\t\t\t<a href='https:\/\/www.arquimaster.com.ar\/web\/wp-content\/uploads\/2019\/06\/hospital_cuf_descobertas1.jpg' title=\"Hospital CUF Descobertas \/ Idom (\u00a9 FG+SG)\" data-rl_title=\"Hospital CUF Descobertas \/ Idom (\u00a9 FG+SG)\" class=\"rl-gallery-link\" data-rl_caption=\"Hospital CUF Descobertas \/ Idom (\u00a9 FG+SG)\" data-rel=\"lightbox-gallery-1\"><img loading=\"lazy\" decoding=\"async\" width=\"150\" height=\"150\" src=\"https:\/\/www.arquimaster.com.ar\/web\/wp-content\/uploads\/2019\/06\/hospital_cuf_descobertas1-150x150.jpg\" class=\"attachment-thumbnail size-thumbnail\" alt=\"\" aria-describedby=\"gallery-1-47658\" \/><\/a>\n\t\t\t<\/div>\n\t\t\t\t<figcaption class='wp-caption-text gallery-caption' id='gallery-1-47658'>\n\t\t\t\tHospital CUF Descobertas \/ Idom (\u00a9 FG+SG)\n\t\t\t\t<\/figcaption><\/figure><figure class='gallery-item'>\n\t\t\t<div class='gallery-icon landscape'>\n\t\t\t\t<a href='https:\/\/www.arquimaster.com.ar\/web\/wp-content\/uploads\/2019\/06\/hospital_cuf_descobertas2.jpg' title=\"Hospital CUF Descobertas \/ Idom (\u00a9 FG+SG)\" data-rl_title=\"Hospital CUF Descobertas \/ Idom (\u00a9 FG+SG)\" class=\"rl-gallery-link\" data-rl_caption=\"Hospital CUF Descobertas \/ Idom (\u00a9 FG+SG)\" data-rel=\"lightbox-gallery-1\"><img loading=\"lazy\" decoding=\"async\" width=\"150\" height=\"150\" src=\"https:\/\/www.arquimaster.com.ar\/web\/wp-content\/uploads\/2019\/06\/hospital_cuf_descobertas2-150x150.jpg\" class=\"attachment-thumbnail size-thumbnail\" alt=\"\" aria-describedby=\"gallery-1-47659\" srcset=\"https:\/\/www.arquimaster.com.ar\/web\/wp-content\/uploads\/2019\/06\/hospital_cuf_descobertas2-150x150.jpg 150w, https:\/\/www.arquimaster.com.ar\/web\/wp-content\/uploads\/2019\/06\/hospital_cuf_descobertas2-1024x1024.jpg 1024w, https:\/\/www.arquimaster.com.ar\/web\/wp-content\/uploads\/2019\/06\/hospital_cuf_descobertas2-768x768.jpg 768w, https:\/\/www.arquimaster.com.ar\/web\/wp-content\/uploads\/2019\/06\/hospital_cuf_descobertas2.jpg 1500w\" sizes=\"auto, (max-width: 150px) 100vw, 150px\" \/><\/a>\n\t\t\t<\/div>\n\t\t\t\t<figcaption class='wp-caption-text gallery-caption' id='gallery-1-47659'>\n\t\t\t\tHospital CUF Descobertas \/ Idom (\u00a9 FG+SG)\n\t\t\t\t<\/figcaption><\/figure><figure class='gallery-item'>\n\t\t\t<div class='gallery-icon landscape'>\n\t\t\t\t<a href='https:\/\/www.arquimaster.com.ar\/web\/wp-content\/uploads\/2019\/06\/hospital_cuf_descobertas3.jpg' title=\"Hospital CUF Descobertas \/ Idom (\u00a9 FG+SG)\" data-rl_title=\"Hospital CUF Descobertas \/ Idom (\u00a9 FG+SG)\" class=\"rl-gallery-link\" data-rl_caption=\"Hospital CUF Descobertas \/ Idom (\u00a9 FG+SG)\" data-rel=\"lightbox-gallery-1\"><img loading=\"lazy\" decoding=\"async\" width=\"150\" height=\"150\" src=\"https:\/\/www.arquimaster.com.ar\/web\/wp-content\/uploads\/2019\/06\/hospital_cuf_descobertas3-150x150.jpg\" class=\"attachment-thumbnail size-thumbnail\" alt=\"\" aria-describedby=\"gallery-1-47660\" \/><\/a>\n\t\t\t<\/div>\n\t\t\t\t<figcaption class='wp-caption-text gallery-caption' id='gallery-1-47660'>\n\t\t\t\tHospital CUF Descobertas \/ Idom (\u00a9 FG+SG)\n\t\t\t\t<\/figcaption><\/figure><figure class='gallery-item'>\n\t\t\t<div class='gallery-icon portrait'>\n\t\t\t\t<a href='https:\/\/www.arquimaster.com.ar\/web\/wp-content\/uploads\/2019\/06\/hospital_cuf_descobertas4.jpg' title=\"Hospital CUF Descobertas \/ Idom (\u00a9 FG+SG)\" data-rl_title=\"Hospital CUF Descobertas \/ Idom (\u00a9 FG+SG)\" class=\"rl-gallery-link\" data-rl_caption=\"Hospital CUF Descobertas \/ Idom (\u00a9 FG+SG)\" data-rel=\"lightbox-gallery-1\"><img loading=\"lazy\" decoding=\"async\" width=\"150\" height=\"150\" src=\"https:\/\/www.arquimaster.com.ar\/web\/wp-content\/uploads\/2019\/06\/hospital_cuf_descobertas4-150x150.jpg\" class=\"attachment-thumbnail size-thumbnail\" alt=\"\" aria-describedby=\"gallery-1-47661\" \/><\/a>\n\t\t\t<\/div>\n\t\t\t\t<figcaption class='wp-caption-text gallery-caption' id='gallery-1-47661'>\n\t\t\t\tHospital CUF Descobertas \/ Idom (\u00a9 FG+SG)\n\t\t\t\t<\/figcaption><\/figure><figure class='gallery-item'>\n\t\t\t<div class='gallery-icon portrait'>\n\t\t\t\t<a href='https:\/\/www.arquimaster.com.ar\/web\/wp-content\/uploads\/2019\/06\/hospital_cuf_descobertas5.jpg' title=\"Hospital CUF Descobertas \/ Idom (\u00a9 FG+SG)\" data-rl_title=\"Hospital CUF Descobertas \/ Idom (\u00a9 FG+SG)\" class=\"rl-gallery-link\" data-rl_caption=\"Hospital CUF Descobertas \/ Idom (\u00a9 FG+SG)\" data-rel=\"lightbox-gallery-1\"><img loading=\"lazy\" decoding=\"async\" width=\"150\" height=\"150\" src=\"https:\/\/www.arquimaster.com.ar\/web\/wp-content\/uploads\/2019\/06\/hospital_cuf_descobertas5-150x150.jpg\" class=\"attachment-thumbnail size-thumbnail\" alt=\"\" aria-describedby=\"gallery-1-47662\" \/><\/a>\n\t\t\t<\/div>\n\t\t\t\t<figcaption class='wp-caption-text gallery-caption' id='gallery-1-47662'>\n\t\t\t\tHospital CUF Descobertas \/ Idom (\u00a9 FG+SG)\n\t\t\t\t<\/figcaption><\/figure><figure class='gallery-item'>\n\t\t\t<div class='gallery-icon landscape'>\n\t\t\t\t<a href='https:\/\/www.arquimaster.com.ar\/web\/wp-content\/uploads\/2019\/06\/hospital_cuf_descobertas6.jpg' title=\"Hospital CUF Descobertas \/ Idom (\u00a9 FG+SG)\" data-rl_title=\"Hospital CUF Descobertas \/ Idom (\u00a9 FG+SG)\" class=\"rl-gallery-link\" data-rl_caption=\"Hospital CUF Descobertas \/ Idom (\u00a9 FG+SG)\" data-rel=\"lightbox-gallery-1\"><img loading=\"lazy\" decoding=\"async\" width=\"150\" height=\"150\" src=\"https:\/\/www.arquimaster.com.ar\/web\/wp-content\/uploads\/2019\/06\/hospital_cuf_descobertas6-150x150.jpg\" class=\"attachment-thumbnail size-thumbnail\" alt=\"\" aria-describedby=\"gallery-1-47663\" \/><\/a>\n\t\t\t<\/div>\n\t\t\t\t<figcaption class='wp-caption-text gallery-caption' id='gallery-1-47663'>\n\t\t\t\tHospital CUF Descobertas \/ Idom (\u00a9 FG+SG)\n\t\t\t\t<\/figcaption><\/figure><figure class='gallery-item'>\n\t\t\t<div class='gallery-icon landscape'>\n\t\t\t\t<a href='https:\/\/www.arquimaster.com.ar\/web\/wp-content\/uploads\/2019\/06\/hospital_cuf_descobertas7.jpg' title=\"Hospital CUF Descobertas \/ Idom (\u00a9 FG+SG)\" data-rl_title=\"Hospital CUF Descobertas \/ Idom (\u00a9 FG+SG)\" class=\"rl-gallery-link\" data-rl_caption=\"Hospital CUF Descobertas \/ Idom (\u00a9 FG+SG)\" data-rel=\"lightbox-gallery-1\"><img loading=\"lazy\" decoding=\"async\" width=\"150\" height=\"150\" src=\"https:\/\/www.arquimaster.com.ar\/web\/wp-content\/uploads\/2019\/06\/hospital_cuf_descobertas7-150x150.jpg\" class=\"attachment-thumbnail size-thumbnail\" alt=\"\" aria-describedby=\"gallery-1-47664\" srcset=\"https:\/\/www.arquimaster.com.ar\/web\/wp-content\/uploads\/2019\/06\/hospital_cuf_descobertas7-150x150.jpg 150w, https:\/\/www.arquimaster.com.ar\/web\/wp-content\/uploads\/2019\/06\/hospital_cuf_descobertas7-1024x1024.jpg 1024w, https:\/\/www.arquimaster.com.ar\/web\/wp-content\/uploads\/2019\/06\/hospital_cuf_descobertas7-768x768.jpg 768w, https:\/\/www.arquimaster.com.ar\/web\/wp-content\/uploads\/2019\/06\/hospital_cuf_descobertas7.jpg 1500w\" sizes=\"auto, (max-width: 150px) 100vw, 150px\" \/><\/a>\n\t\t\t<\/div>\n\t\t\t\t<figcaption class='wp-caption-text gallery-caption' id='gallery-1-47664'>\n\t\t\t\tHospital CUF Descobertas \/ Idom (\u00a9 FG+SG)\n\t\t\t\t<\/figcaption><\/figure><figure class='gallery-item'>\n\t\t\t<div class='gallery-icon landscape'>\n\t\t\t\t<a href='https:\/\/www.arquimaster.com.ar\/web\/wp-content\/uploads\/2019\/06\/hospital_cuf_descobertas8.jpg' title=\"Hospital CUF Descobertas \/ Idom (\u00a9 FG+SG)\" data-rl_title=\"Hospital CUF Descobertas \/ Idom (\u00a9 FG+SG)\" class=\"rl-gallery-link\" data-rl_caption=\"Hospital CUF Descobertas \/ Idom (\u00a9 FG+SG)\" data-rel=\"lightbox-gallery-1\"><img loading=\"lazy\" decoding=\"async\" width=\"150\" height=\"150\" src=\"https:\/\/www.arquimaster.com.ar\/web\/wp-content\/uploads\/2019\/06\/hospital_cuf_descobertas8-150x150.jpg\" class=\"attachment-thumbnail size-thumbnail\" alt=\"\" aria-describedby=\"gallery-1-47665\" \/><\/a>\n\t\t\t<\/div>\n\t\t\t\t<figcaption class='wp-caption-text gallery-caption' id='gallery-1-47665'>\n\t\t\t\tHospital CUF Descobertas \/ Idom (\u00a9 FG+SG)\n\t\t\t\t<\/figcaption><\/figure><figure class='gallery-item'>\n\t\t\t<div class='gallery-icon landscape'>\n\t\t\t\t<a href='https:\/\/www.arquimaster.com.ar\/web\/wp-content\/uploads\/2019\/06\/hospital_cuf_descobertas9.jpg' title=\"Hospital CUF Descobertas \/ Idom (\u00a9 FG+SG)\" data-rl_title=\"Hospital CUF Descobertas \/ Idom (\u00a9 FG+SG)\" class=\"rl-gallery-link\" data-rl_caption=\"Hospital CUF Descobertas \/ Idom (\u00a9 FG+SG)\" data-rel=\"lightbox-gallery-1\"><img loading=\"lazy\" decoding=\"async\" width=\"150\" height=\"150\" src=\"https:\/\/www.arquimaster.com.ar\/web\/wp-content\/uploads\/2019\/06\/hospital_cuf_descobertas9-150x150.jpg\" class=\"attachment-thumbnail size-thumbnail\" alt=\"\" aria-describedby=\"gallery-1-47666\" \/><\/a>\n\t\t\t<\/div>\n\t\t\t\t<figcaption class='wp-caption-text gallery-caption' id='gallery-1-47666'>\n\t\t\t\tHospital CUF Descobertas \/ Idom (\u00a9 FG+SG)\n\t\t\t\t<\/figcaption><\/figure><figure class='gallery-item'>\n\t\t\t<div class='gallery-icon landscape'>\n\t\t\t\t<a href='https:\/\/www.arquimaster.com.ar\/web\/wp-content\/uploads\/2019\/06\/hospital_cuf_descobertas10.jpg' title=\"Hospital CUF Descobertas \/ Idom (\u00a9 FG+SG)\" data-rl_title=\"Hospital CUF Descobertas \/ Idom (\u00a9 FG+SG)\" class=\"rl-gallery-link\" data-rl_caption=\"Hospital CUF Descobertas \/ Idom (\u00a9 FG+SG)\" data-rel=\"lightbox-gallery-1\"><img loading=\"lazy\" decoding=\"async\" width=\"150\" height=\"150\" src=\"https:\/\/www.arquimaster.com.ar\/web\/wp-content\/uploads\/2019\/06\/hospital_cuf_descobertas10-150x150.jpg\" class=\"attachment-thumbnail size-thumbnail\" alt=\"\" aria-describedby=\"gallery-1-47667\" srcset=\"https:\/\/www.arquimaster.com.ar\/web\/wp-content\/uploads\/2019\/06\/hospital_cuf_descobertas10-150x150.jpg 150w, https:\/\/www.arquimaster.com.ar\/web\/wp-content\/uploads\/2019\/06\/hospital_cuf_descobertas10-1024x1015.jpg 1024w, https:\/\/www.arquimaster.com.ar\/web\/wp-content\/uploads\/2019\/06\/hospital_cuf_descobertas10-768x761.jpg 768w, https:\/\/www.arquimaster.com.ar\/web\/wp-content\/uploads\/2019\/06\/hospital_cuf_descobertas10.jpg 1513w\" sizes=\"auto, (max-width: 150px) 100vw, 150px\" \/><\/a>\n\t\t\t<\/div>\n\t\t\t\t<figcaption class='wp-caption-text gallery-caption' id='gallery-1-47667'>\n\t\t\t\tHospital CUF Descobertas \/ Idom (\u00a9 FG+SG)\n\t\t\t\t<\/figcaption><\/figure><figure class='gallery-item'>\n\t\t\t<div class='gallery-icon landscape'>\n\t\t\t\t<a href='https:\/\/www.arquimaster.com.ar\/web\/wp-content\/uploads\/2019\/06\/hospital_cuf_descobertas11.jpg' title=\"Hospital CUF Descobertas \/ Idom (\u00a9 FG+SG)\" data-rl_title=\"Hospital CUF Descobertas \/ Idom (\u00a9 FG+SG)\" class=\"rl-gallery-link\" data-rl_caption=\"Hospital CUF Descobertas \/ Idom (\u00a9 FG+SG)\" data-rel=\"lightbox-gallery-1\"><img loading=\"lazy\" decoding=\"async\" width=\"150\" height=\"150\" src=\"https:\/\/www.arquimaster.com.ar\/web\/wp-content\/uploads\/2019\/06\/hospital_cuf_descobertas11-150x150.jpg\" class=\"attachment-thumbnail size-thumbnail\" alt=\"\" aria-describedby=\"gallery-1-47668\" \/><\/a>\n\t\t\t<\/div>\n\t\t\t\t<figcaption class='wp-caption-text gallery-caption' id='gallery-1-47668'>\n\t\t\t\tHospital CUF Descobertas \/ Idom (\u00a9 FG+SG)\n\t\t\t\t<\/figcaption><\/figure><figure class='gallery-item'>\n\t\t\t<div class='gallery-icon landscape'>\n\t\t\t\t<a href='https:\/\/www.arquimaster.com.ar\/web\/wp-content\/uploads\/2019\/06\/hospital_cuf_descobertas12.jpg' title=\"Hospital CUF Descobertas \/ Idom (\u00a9 FG+SG)\" data-rl_title=\"Hospital CUF Descobertas \/ Idom (\u00a9 FG+SG)\" class=\"rl-gallery-link\" data-rl_caption=\"Hospital CUF Descobertas \/ Idom (\u00a9 FG+SG)\" data-rel=\"lightbox-gallery-1\"><img loading=\"lazy\" decoding=\"async\" width=\"150\" height=\"150\" src=\"https:\/\/www.arquimaster.com.ar\/web\/wp-content\/uploads\/2019\/06\/hospital_cuf_descobertas12-150x150.jpg\" class=\"attachment-thumbnail size-thumbnail\" alt=\"\" aria-describedby=\"gallery-1-47669\" \/><\/a>\n\t\t\t<\/div>\n\t\t\t\t<figcaption class='wp-caption-text gallery-caption' id='gallery-1-47669'>\n\t\t\t\tHospital CUF Descobertas \/ Idom (\u00a9 FG+SG)\n\t\t\t\t<\/figcaption><\/figure>\n\t\t<\/div>\n\n<p>El edificio de ampliaci\u00f3n, inaugurado a finales del 2018, ten\u00eda que dar respuesta a una compleja trama de compromisos urban\u00edsticos y program\u00e1ticos pero, sobre todo, se pretend\u00eda que se convirtiera en un potente \u00abdispositivo externo\u00bb, naciendo de la construcci\u00f3n original como una c\u00e9lula que se duplica, no para reproducirse, sino para autocompletarse. De este modo se pretende generar un \u00abcampus hospitalario\u00bb.<\/p>\n<p>El car\u00e1cter formal del nuevo Edificio 2 del Hospital CUF Descobertas deb\u00eda garantizar, por un lado, que se identificara el edificio principal como un centro tecnol\u00f3gico y asistencial de referencia del pa\u00eds y, por otro, su reconocimiento como nueva apuesta arquitect\u00f3nica contempor\u00e1nea, mostrando de alg\u00fan modo la singularidad de su uso exclusivamente ambulatorio.<\/p>\n<p>El nuevo proyecto surge como un ala que se articula y extiende desde el hospital preexistente, para acoger y abrazar la actividad ambulatoria, abriendo a la ciudad una de las principales puertas de entrada del conjunto hospitalario. Con una volumetr\u00eda simple y regular, impuesta por los requerimientos urban\u00edsticos de la parcela, el nuevo edificio pretende expresar su identidad propia, compacta y sobria, mediante la generaci\u00f3n de una relaci\u00f3n directa entre el edificio y su finalidad y por un uso racional de los materiales, mientras busca un equilibrio formal entre pasado y presente. Al igual que el proyecto del edificio principal en su \u00e9poca, el dise\u00f1o de este nuevo bloque presenta aspectos verdaderamente revolucionarios, marcando un cambio radical en el concepto de confort hospitalario, de sostenibilidad y de eficiencia energ\u00e9tica en esta tipolog\u00eda de edificios.<\/p>\n<div id='gallery-2' class='gallery galleryid-47656 gallery-columns-3 gallery-size-thumbnail'><figure class='gallery-item'>\n\t\t\t<div class='gallery-icon portrait'>\n\t\t\t\t<a href='https:\/\/www.arquimaster.com.ar\/web\/wp-content\/uploads\/2019\/06\/hospital_cuf_descobertas13.jpg' title=\"Hospital CUF Descobertas \/ Idom (\u00a9 FG+SG)\" data-rl_title=\"Hospital CUF Descobertas \/ Idom (\u00a9 FG+SG)\" class=\"rl-gallery-link\" data-rl_caption=\"Hospital CUF Descobertas \/ Idom (\u00a9 FG+SG)\" data-rel=\"lightbox-gallery-2\"><img loading=\"lazy\" decoding=\"async\" width=\"150\" height=\"150\" src=\"https:\/\/www.arquimaster.com.ar\/web\/wp-content\/uploads\/2019\/06\/hospital_cuf_descobertas13-150x150.jpg\" class=\"attachment-thumbnail size-thumbnail\" alt=\"\" aria-describedby=\"gallery-2-47670\" \/><\/a>\n\t\t\t<\/div>\n\t\t\t\t<figcaption class='wp-caption-text gallery-caption' id='gallery-2-47670'>\n\t\t\t\tHospital CUF Descobertas \/ Idom (\u00a9 FG+SG)\n\t\t\t\t<\/figcaption><\/figure><figure class='gallery-item'>\n\t\t\t<div class='gallery-icon landscape'>\n\t\t\t\t<a href='https:\/\/www.arquimaster.com.ar\/web\/wp-content\/uploads\/2019\/06\/hospital_cuf_descobertas14.jpg' title=\"Hospital CUF Descobertas \/ Idom (\u00a9 FG+SG)\" data-rl_title=\"Hospital CUF Descobertas \/ Idom (\u00a9 FG+SG)\" class=\"rl-gallery-link\" data-rl_caption=\"Hospital CUF Descobertas \/ Idom (\u00a9 FG+SG)\" data-rel=\"lightbox-gallery-2\"><img loading=\"lazy\" decoding=\"async\" width=\"150\" height=\"150\" src=\"https:\/\/www.arquimaster.com.ar\/web\/wp-content\/uploads\/2019\/06\/hospital_cuf_descobertas14-150x150.jpg\" class=\"attachment-thumbnail size-thumbnail\" alt=\"\" aria-describedby=\"gallery-2-47671\" \/><\/a>\n\t\t\t<\/div>\n\t\t\t\t<figcaption class='wp-caption-text gallery-caption' id='gallery-2-47671'>\n\t\t\t\tHospital CUF Descobertas \/ Idom (\u00a9 FG+SG)\n\t\t\t\t<\/figcaption><\/figure><figure class='gallery-item'>\n\t\t\t<div class='gallery-icon landscape'>\n\t\t\t\t<a href='https:\/\/www.arquimaster.com.ar\/web\/wp-content\/uploads\/2019\/06\/hospital_cuf_descobertas15.jpg' title=\"Hospital CUF Descobertas \/ Idom (\u00a9 FG+SG)\" data-rl_title=\"Hospital CUF Descobertas \/ Idom (\u00a9 FG+SG)\" class=\"rl-gallery-link\" data-rl_caption=\"Hospital CUF Descobertas \/ Idom (\u00a9 FG+SG)\" data-rel=\"lightbox-gallery-2\"><img loading=\"lazy\" decoding=\"async\" width=\"150\" height=\"150\" src=\"https:\/\/www.arquimaster.com.ar\/web\/wp-content\/uploads\/2019\/06\/hospital_cuf_descobertas15-150x150.jpg\" class=\"attachment-thumbnail size-thumbnail\" alt=\"\" aria-describedby=\"gallery-2-47672\" srcset=\"https:\/\/www.arquimaster.com.ar\/web\/wp-content\/uploads\/2019\/06\/hospital_cuf_descobertas15-150x150.jpg 150w, https:\/\/www.arquimaster.com.ar\/web\/wp-content\/uploads\/2019\/06\/hospital_cuf_descobertas15-1024x1024.jpg 1024w, https:\/\/www.arquimaster.com.ar\/web\/wp-content\/uploads\/2019\/06\/hospital_cuf_descobertas15-768x768.jpg 768w, https:\/\/www.arquimaster.com.ar\/web\/wp-content\/uploads\/2019\/06\/hospital_cuf_descobertas15.jpg 1500w\" sizes=\"auto, (max-width: 150px) 100vw, 150px\" \/><\/a>\n\t\t\t<\/div>\n\t\t\t\t<figcaption class='wp-caption-text gallery-caption' id='gallery-2-47672'>\n\t\t\t\tHospital CUF Descobertas \/ Idom (\u00a9 FG+SG)\n\t\t\t\t<\/figcaption><\/figure><figure class='gallery-item'>\n\t\t\t<div class='gallery-icon landscape'>\n\t\t\t\t<a href='https:\/\/www.arquimaster.com.ar\/web\/wp-content\/uploads\/2019\/06\/hospital_cuf_descobertas16.jpg' title=\"Hospital CUF Descobertas \/ Idom (\u00a9 FG+SG)\" data-rl_title=\"Hospital CUF Descobertas \/ Idom (\u00a9 FG+SG)\" class=\"rl-gallery-link\" data-rl_caption=\"Hospital CUF Descobertas \/ Idom (\u00a9 FG+SG)\" data-rel=\"lightbox-gallery-2\"><img loading=\"lazy\" decoding=\"async\" width=\"150\" height=\"150\" src=\"https:\/\/www.arquimaster.com.ar\/web\/wp-content\/uploads\/2019\/06\/hospital_cuf_descobertas16-150x150.jpg\" class=\"attachment-thumbnail size-thumbnail\" alt=\"\" aria-describedby=\"gallery-2-47673\" \/><\/a>\n\t\t\t<\/div>\n\t\t\t\t<figcaption class='wp-caption-text gallery-caption' id='gallery-2-47673'>\n\t\t\t\tHospital CUF Descobertas \/ Idom (\u00a9 FG+SG)\n\t\t\t\t<\/figcaption><\/figure><figure class='gallery-item'>\n\t\t\t<div class='gallery-icon landscape'>\n\t\t\t\t<a href='https:\/\/www.arquimaster.com.ar\/web\/wp-content\/uploads\/2019\/06\/hospital_cuf_descobertas17.jpg' title=\"Hospital CUF Descobertas \/ Idom (\u00a9 FG+SG)\" data-rl_title=\"Hospital CUF Descobertas \/ Idom (\u00a9 FG+SG)\" class=\"rl-gallery-link\" data-rl_caption=\"Hospital CUF Descobertas \/ Idom (\u00a9 FG+SG)\" data-rel=\"lightbox-gallery-2\"><img loading=\"lazy\" decoding=\"async\" width=\"150\" height=\"150\" src=\"https:\/\/www.arquimaster.com.ar\/web\/wp-content\/uploads\/2019\/06\/hospital_cuf_descobertas17-150x150.jpg\" class=\"attachment-thumbnail size-thumbnail\" alt=\"\" aria-describedby=\"gallery-2-47674\" \/><\/a>\n\t\t\t<\/div>\n\t\t\t\t<figcaption class='wp-caption-text gallery-caption' id='gallery-2-47674'>\n\t\t\t\tHospital CUF Descobertas \/ Idom (\u00a9 FG+SG)\n\t\t\t\t<\/figcaption><\/figure><figure class='gallery-item'>\n\t\t\t<div class='gallery-icon portrait'>\n\t\t\t\t<a href='https:\/\/www.arquimaster.com.ar\/web\/wp-content\/uploads\/2019\/06\/hospital_cuf_descobertas18.jpg' title=\"Hospital CUF Descobertas \/ Idom (\u00a9 FG+SG)\" data-rl_title=\"Hospital CUF Descobertas \/ Idom (\u00a9 FG+SG)\" class=\"rl-gallery-link\" data-rl_caption=\"Hospital CUF Descobertas \/ Idom (\u00a9 FG+SG)\" data-rel=\"lightbox-gallery-2\"><img loading=\"lazy\" decoding=\"async\" width=\"150\" height=\"150\" src=\"https:\/\/www.arquimaster.com.ar\/web\/wp-content\/uploads\/2019\/06\/hospital_cuf_descobertas18-150x150.jpg\" class=\"attachment-thumbnail size-thumbnail\" alt=\"\" aria-describedby=\"gallery-2-47675\" srcset=\"https:\/\/www.arquimaster.com.ar\/web\/wp-content\/uploads\/2019\/06\/hospital_cuf_descobertas18-150x150.jpg 150w, https:\/\/www.arquimaster.com.ar\/web\/wp-content\/uploads\/2019\/06\/hospital_cuf_descobertas18-1024x1031.jpg 1024w, https:\/\/www.arquimaster.com.ar\/web\/wp-content\/uploads\/2019\/06\/hospital_cuf_descobertas18-768x773.jpg 768w, https:\/\/www.arquimaster.com.ar\/web\/wp-content\/uploads\/2019\/06\/hospital_cuf_descobertas18.jpg 1490w\" sizes=\"auto, (max-width: 150px) 100vw, 150px\" \/><\/a>\n\t\t\t<\/div>\n\t\t\t\t<figcaption class='wp-caption-text gallery-caption' id='gallery-2-47675'>\n\t\t\t\tHospital CUF Descobertas \/ Idom (\u00a9 FG+SG)\n\t\t\t\t<\/figcaption><\/figure><figure class='gallery-item'>\n\t\t\t<div class='gallery-icon landscape'>\n\t\t\t\t<a href='https:\/\/www.arquimaster.com.ar\/web\/wp-content\/uploads\/2019\/06\/hospital_cuf_descobertas19.jpg' title=\"Hospital CUF Descobertas \/ Idom (\u00a9 FG+SG)\" data-rl_title=\"Hospital CUF Descobertas \/ Idom (\u00a9 FG+SG)\" class=\"rl-gallery-link\" data-rl_caption=\"Hospital CUF Descobertas \/ Idom (\u00a9 FG+SG)\" data-rel=\"lightbox-gallery-2\"><img loading=\"lazy\" decoding=\"async\" width=\"150\" height=\"150\" src=\"https:\/\/www.arquimaster.com.ar\/web\/wp-content\/uploads\/2019\/06\/hospital_cuf_descobertas19-150x150.jpg\" class=\"attachment-thumbnail size-thumbnail\" alt=\"\" aria-describedby=\"gallery-2-47676\" \/><\/a>\n\t\t\t<\/div>\n\t\t\t\t<figcaption class='wp-caption-text gallery-caption' id='gallery-2-47676'>\n\t\t\t\tHospital CUF Descobertas \/ Idom (\u00a9 FG+SG)\n\t\t\t\t<\/figcaption><\/figure><figure class='gallery-item'>\n\t\t\t<div class='gallery-icon portrait'>\n\t\t\t\t<a href='https:\/\/www.arquimaster.com.ar\/web\/wp-content\/uploads\/2019\/06\/hospital_cuf_descobertas20.jpg' title=\"Hospital CUF Descobertas \/ Idom (\u00a9 FG+SG)\" data-rl_title=\"Hospital CUF Descobertas \/ Idom (\u00a9 FG+SG)\" class=\"rl-gallery-link\" data-rl_caption=\"Hospital CUF Descobertas \/ Idom (\u00a9 FG+SG)\" data-rel=\"lightbox-gallery-2\"><img loading=\"lazy\" decoding=\"async\" width=\"150\" height=\"150\" src=\"https:\/\/www.arquimaster.com.ar\/web\/wp-content\/uploads\/2019\/06\/hospital_cuf_descobertas20-150x150.jpg\" class=\"attachment-thumbnail size-thumbnail\" alt=\"\" aria-describedby=\"gallery-2-47677\" \/><\/a>\n\t\t\t<\/div>\n\t\t\t\t<figcaption class='wp-caption-text gallery-caption' id='gallery-2-47677'>\n\t\t\t\tHospital CUF Descobertas \/ Idom (\u00a9 FG+SG)\n\t\t\t\t<\/figcaption><\/figure><figure class='gallery-item'>\n\t\t\t<div class='gallery-icon landscape'>\n\t\t\t\t<a href='https:\/\/www.arquimaster.com.ar\/web\/wp-content\/uploads\/2019\/06\/hospital_cuf_descobertas21.jpg' title=\"Hospital CUF Descobertas \/ Idom (\u00a9 FG+SG)\" data-rl_title=\"Hospital CUF Descobertas \/ Idom (\u00a9 FG+SG)\" class=\"rl-gallery-link\" data-rl_caption=\"Hospital CUF Descobertas \/ Idom (\u00a9 FG+SG)\" data-rel=\"lightbox-gallery-2\"><img loading=\"lazy\" decoding=\"async\" width=\"150\" height=\"150\" src=\"https:\/\/www.arquimaster.com.ar\/web\/wp-content\/uploads\/2019\/06\/hospital_cuf_descobertas21-150x150.jpg\" class=\"attachment-thumbnail size-thumbnail\" alt=\"\" aria-describedby=\"gallery-2-47678\" srcset=\"https:\/\/www.arquimaster.com.ar\/web\/wp-content\/uploads\/2019\/06\/hospital_cuf_descobertas21-150x150.jpg 150w, https:\/\/www.arquimaster.com.ar\/web\/wp-content\/uploads\/2019\/06\/hospital_cuf_descobertas21-1024x1024.jpg 1024w, https:\/\/www.arquimaster.com.ar\/web\/wp-content\/uploads\/2019\/06\/hospital_cuf_descobertas21-768x768.jpg 768w, https:\/\/www.arquimaster.com.ar\/web\/wp-content\/uploads\/2019\/06\/hospital_cuf_descobertas21.jpg 1500w\" sizes=\"auto, (max-width: 150px) 100vw, 150px\" \/><\/a>\n\t\t\t<\/div>\n\t\t\t\t<figcaption class='wp-caption-text gallery-caption' id='gallery-2-47678'>\n\t\t\t\tHospital CUF Descobertas \/ Idom (\u00a9 FG+SG)\n\t\t\t\t<\/figcaption><\/figure><figure class='gallery-item'>\n\t\t\t<div class='gallery-icon landscape'>\n\t\t\t\t<a href='https:\/\/www.arquimaster.com.ar\/web\/wp-content\/uploads\/2019\/06\/hospital_cuf_descobertas22.jpg' title=\"Hospital CUF Descobertas \/ Idom (\u00a9 FG+SG)\" data-rl_title=\"Hospital CUF Descobertas \/ Idom (\u00a9 FG+SG)\" class=\"rl-gallery-link\" data-rl_caption=\"Hospital CUF Descobertas \/ Idom (\u00a9 FG+SG)\" data-rel=\"lightbox-gallery-2\"><img loading=\"lazy\" decoding=\"async\" width=\"150\" height=\"150\" src=\"https:\/\/www.arquimaster.com.ar\/web\/wp-content\/uploads\/2019\/06\/hospital_cuf_descobertas22-150x150.jpg\" class=\"attachment-thumbnail size-thumbnail\" alt=\"\" aria-describedby=\"gallery-2-47679\" \/><\/a>\n\t\t\t<\/div>\n\t\t\t\t<figcaption class='wp-caption-text gallery-caption' id='gallery-2-47679'>\n\t\t\t\tHospital CUF Descobertas \/ Idom (\u00a9 FG+SG)\n\t\t\t\t<\/figcaption><\/figure><figure class='gallery-item'>\n\t\t\t<div class='gallery-icon landscape'>\n\t\t\t\t<a href='https:\/\/www.arquimaster.com.ar\/web\/wp-content\/uploads\/2019\/06\/hospital_cuf_descobertas23.jpg' title=\"Hospital CUF Descobertas \/ Idom (\u00a9 FG+SG)\" data-rl_title=\"Hospital CUF Descobertas \/ Idom (\u00a9 FG+SG)\" class=\"rl-gallery-link\" data-rl_caption=\"Hospital CUF Descobertas \/ Idom (\u00a9 FG+SG)\" data-rel=\"lightbox-gallery-2\"><img loading=\"lazy\" decoding=\"async\" width=\"150\" height=\"150\" src=\"https:\/\/www.arquimaster.com.ar\/web\/wp-content\/uploads\/2019\/06\/hospital_cuf_descobertas23-150x150.jpg\" class=\"attachment-thumbnail size-thumbnail\" alt=\"\" aria-describedby=\"gallery-2-47680\" \/><\/a>\n\t\t\t<\/div>\n\t\t\t\t<figcaption class='wp-caption-text gallery-caption' id='gallery-2-47680'>\n\t\t\t\tHospital CUF Descobertas \/ Idom (\u00a9 FG+SG)\n\t\t\t\t<\/figcaption><\/figure><figure class='gallery-item'>\n\t\t\t<div class='gallery-icon landscape'>\n\t\t\t\t<a href='https:\/\/www.arquimaster.com.ar\/web\/wp-content\/uploads\/2019\/06\/hospital_cuf_descobertas24.jpg' title=\"Hospital CUF Descobertas \/ Idom (\u00a9 FG+SG)\" data-rl_title=\"Hospital CUF Descobertas \/ Idom (\u00a9 FG+SG)\" class=\"rl-gallery-link\" data-rl_caption=\"Hospital CUF Descobertas \/ Idom (\u00a9 FG+SG)\" data-rel=\"lightbox-gallery-2\"><img loading=\"lazy\" decoding=\"async\" width=\"150\" height=\"150\" src=\"https:\/\/www.arquimaster.com.ar\/web\/wp-content\/uploads\/2019\/06\/hospital_cuf_descobertas24-150x150.jpg\" class=\"attachment-thumbnail size-thumbnail\" alt=\"\" aria-describedby=\"gallery-2-47681\" srcset=\"https:\/\/www.arquimaster.com.ar\/web\/wp-content\/uploads\/2019\/06\/hospital_cuf_descobertas24-150x150.jpg 150w, https:\/\/www.arquimaster.com.ar\/web\/wp-content\/uploads\/2019\/06\/hospital_cuf_descobertas24-1024x1024.jpg 1024w, https:\/\/www.arquimaster.com.ar\/web\/wp-content\/uploads\/2019\/06\/hospital_cuf_descobertas24-768x768.jpg 768w, https:\/\/www.arquimaster.com.ar\/web\/wp-content\/uploads\/2019\/06\/hospital_cuf_descobertas24.jpg 1500w\" sizes=\"auto, (max-width: 150px) 100vw, 150px\" \/><\/a>\n\t\t\t<\/div>\n\t\t\t\t<figcaption class='wp-caption-text gallery-caption' id='gallery-2-47681'>\n\t\t\t\tHospital CUF Descobertas \/ Idom (\u00a9 FG+SG)\n\t\t\t\t<\/figcaption><\/figure>\n\t\t<\/div>\n\n<p>Se trata de un edificio pensado multidisciplinarmente por arquitectos e ingenieros de IDOM para lograr la m\u00e1xima calidad funcional, altos padrones de confort ambiental y, a su vez, un consumo propio de un nZEB (nearly Zero Energy Building), es decir, que supere por muy poco la energ\u00eda que genera mediante energ\u00edas renovables.<\/p>\n<p>Frente a un reto tan complejo, y sabi\u00e9ndose de antemano que un hospital es un importante consumidor de energ\u00eda, hab\u00eda que ir m\u00e1s all\u00e1 de las soluciones ya conocidas y testadas, implementando estrategias y soluciones nunca antes experimentadas en el dise\u00f1o hospitalario.<\/p>\n<p>Se ha dise\u00f1ado una doble piel en la fachada compuesta por elementos met\u00e1licos triangulares cuyos \u00e1ngulos corrigen la mala orientaci\u00f3n solar de la parcela. Estos elementos verticales son microperforados seg\u00fan porcentajes variables de perforaci\u00f3n, en funci\u00f3n de la radiaci\u00f3n solar y de la cantidad de luz natural necesaria para cada espacio.<\/p>\n<p>La cantidad y distribuci\u00f3n de estas piezas, as\u00ed como el porcentaje de perforaci\u00f3n de cada una, han sido determinados y calculados para cada punto espec\u00edfico de las diferentes fachadas, a partir de la utilizaci\u00f3n de avanzados modelos de simulaci\u00f3n energ\u00e9tica y luminot\u00e9cnica.<\/p>\n<div id='gallery-3' class='gallery galleryid-47656 gallery-columns-3 gallery-size-thumbnail'><figure class='gallery-item'>\n\t\t\t<div class='gallery-icon portrait'>\n\t\t\t\t<a href='https:\/\/www.arquimaster.com.ar\/web\/wp-content\/uploads\/2019\/06\/hospital_cuf_descobertas25.jpg' title=\"Hospital CUF Descobertas \/ Idom (\u00a9 FG+SG)\" data-rl_title=\"Hospital CUF Descobertas \/ Idom (\u00a9 FG+SG)\" class=\"rl-gallery-link\" data-rl_caption=\"Hospital CUF Descobertas \/ Idom (\u00a9 FG+SG)\" data-rel=\"lightbox-gallery-3\"><img loading=\"lazy\" decoding=\"async\" width=\"150\" height=\"150\" src=\"https:\/\/www.arquimaster.com.ar\/web\/wp-content\/uploads\/2019\/06\/hospital_cuf_descobertas25-150x150.jpg\" class=\"attachment-thumbnail size-thumbnail\" alt=\"\" aria-describedby=\"gallery-3-47682\" \/><\/a>\n\t\t\t<\/div>\n\t\t\t\t<figcaption class='wp-caption-text gallery-caption' id='gallery-3-47682'>\n\t\t\t\tHospital CUF Descobertas \/ Idom (\u00a9 FG+SG)\n\t\t\t\t<\/figcaption><\/figure><figure class='gallery-item'>\n\t\t\t<div class='gallery-icon portrait'>\n\t\t\t\t<a href='https:\/\/www.arquimaster.com.ar\/web\/wp-content\/uploads\/2019\/06\/hospital_cuf_descobertas26.jpg' title=\"Hospital CUF Descobertas \/ Idom (\u00a9 FG+SG)\" data-rl_title=\"Hospital CUF Descobertas \/ Idom (\u00a9 FG+SG)\" class=\"rl-gallery-link\" data-rl_caption=\"Hospital CUF Descobertas \/ Idom (\u00a9 FG+SG)\" data-rel=\"lightbox-gallery-3\"><img loading=\"lazy\" decoding=\"async\" width=\"150\" height=\"150\" src=\"https:\/\/www.arquimaster.com.ar\/web\/wp-content\/uploads\/2019\/06\/hospital_cuf_descobertas26-150x150.jpg\" class=\"attachment-thumbnail size-thumbnail\" alt=\"\" aria-describedby=\"gallery-3-47683\" \/><\/a>\n\t\t\t<\/div>\n\t\t\t\t<figcaption class='wp-caption-text gallery-caption' id='gallery-3-47683'>\n\t\t\t\tHospital CUF Descobertas \/ Idom (\u00a9 FG+SG)\n\t\t\t\t<\/figcaption><\/figure><figure class='gallery-item'>\n\t\t\t<div class='gallery-icon portrait'>\n\t\t\t\t<a href='https:\/\/www.arquimaster.com.ar\/web\/wp-content\/uploads\/2019\/06\/hospital_cuf_descobertas27.jpg' title=\"Hospital CUF Descobertas \/ Idom (\u00a9 FG+SG)\" data-rl_title=\"Hospital CUF Descobertas \/ Idom (\u00a9 FG+SG)\" class=\"rl-gallery-link\" data-rl_caption=\"Hospital CUF Descobertas \/ Idom (\u00a9 FG+SG)\" data-rel=\"lightbox-gallery-3\"><img loading=\"lazy\" decoding=\"async\" width=\"150\" height=\"150\" src=\"https:\/\/www.arquimaster.com.ar\/web\/wp-content\/uploads\/2019\/06\/hospital_cuf_descobertas27-150x150.jpg\" class=\"attachment-thumbnail size-thumbnail\" alt=\"\" aria-describedby=\"gallery-3-47684\" \/><\/a>\n\t\t\t<\/div>\n\t\t\t\t<figcaption class='wp-caption-text gallery-caption' id='gallery-3-47684'>\n\t\t\t\tHospital CUF Descobertas \/ Idom (\u00a9 FG+SG)\n\t\t\t\t<\/figcaption><\/figure><figure class='gallery-item'>\n\t\t\t<div class='gallery-icon portrait'>\n\t\t\t\t<a href='https:\/\/www.arquimaster.com.ar\/web\/wp-content\/uploads\/2019\/06\/hospital_cuf_descobertas28.jpg' title=\"Hospital CUF Descobertas \/ Idom (\u00a9 FG+SG)\" data-rl_title=\"Hospital CUF Descobertas \/ Idom (\u00a9 FG+SG)\" class=\"rl-gallery-link\" data-rl_caption=\"Hospital CUF Descobertas \/ Idom (\u00a9 FG+SG)\" data-rel=\"lightbox-gallery-3\"><img loading=\"lazy\" decoding=\"async\" width=\"150\" height=\"150\" src=\"https:\/\/www.arquimaster.com.ar\/web\/wp-content\/uploads\/2019\/06\/hospital_cuf_descobertas28-150x150.jpg\" class=\"attachment-thumbnail size-thumbnail\" alt=\"\" aria-describedby=\"gallery-3-47685\" \/><\/a>\n\t\t\t<\/div>\n\t\t\t\t<figcaption class='wp-caption-text gallery-caption' id='gallery-3-47685'>\n\t\t\t\tHospital CUF Descobertas \/ Idom (\u00a9 FG+SG)\n\t\t\t\t<\/figcaption><\/figure><figure class='gallery-item'>\n\t\t\t<div class='gallery-icon portrait'>\n\t\t\t\t<a href='https:\/\/www.arquimaster.com.ar\/web\/wp-content\/uploads\/2019\/06\/hospital_cuf_descobertas29.jpg' title=\"Hospital CUF Descobertas \/ Idom (\u00a9 FG+SG)\" data-rl_title=\"Hospital CUF Descobertas \/ Idom (\u00a9 FG+SG)\" class=\"rl-gallery-link\" data-rl_caption=\"Hospital CUF Descobertas \/ Idom (\u00a9 FG+SG)\" data-rel=\"lightbox-gallery-3\"><img loading=\"lazy\" decoding=\"async\" width=\"150\" height=\"150\" src=\"https:\/\/www.arquimaster.com.ar\/web\/wp-content\/uploads\/2019\/06\/hospital_cuf_descobertas29-150x150.jpg\" class=\"attachment-thumbnail size-thumbnail\" alt=\"\" aria-describedby=\"gallery-3-47686\" \/><\/a>\n\t\t\t<\/div>\n\t\t\t\t<figcaption class='wp-caption-text gallery-caption' id='gallery-3-47686'>\n\t\t\t\tHospital CUF Descobertas \/ Idom (\u00a9 FG+SG)\n\t\t\t\t<\/figcaption><\/figure><figure class='gallery-item'>\n\t\t\t<div class='gallery-icon landscape'>\n\t\t\t\t<a href='https:\/\/www.arquimaster.com.ar\/web\/wp-content\/uploads\/2019\/06\/hospital_cuf_descobertas30.jpg' title=\"Hospital CUF Descobertas \/ Idom (\u00a9 FG+SG)\" data-rl_title=\"Hospital CUF Descobertas \/ Idom (\u00a9 FG+SG)\" class=\"rl-gallery-link\" data-rl_caption=\"Hospital CUF Descobertas \/ Idom (\u00a9 FG+SG)\" data-rel=\"lightbox-gallery-3\"><img loading=\"lazy\" decoding=\"async\" width=\"150\" height=\"150\" src=\"https:\/\/www.arquimaster.com.ar\/web\/wp-content\/uploads\/2019\/06\/hospital_cuf_descobertas30-150x150.jpg\" class=\"attachment-thumbnail size-thumbnail\" alt=\"\" aria-describedby=\"gallery-3-47687\" \/><\/a>\n\t\t\t<\/div>\n\t\t\t\t<figcaption class='wp-caption-text gallery-caption' id='gallery-3-47687'>\n\t\t\t\tHospital CUF Descobertas \/ Idom (\u00a9 FG+SG)\n\t\t\t\t<\/figcaption><\/figure><figure class='gallery-item'>\n\t\t\t<div class='gallery-icon portrait'>\n\t\t\t\t<a href='https:\/\/www.arquimaster.com.ar\/web\/wp-content\/uploads\/2019\/06\/hospital_cuf_descobertas31.jpg' title=\"Hospital CUF Descobertas \/ Idom (\u00a9 FG+SG)\" data-rl_title=\"Hospital CUF Descobertas \/ Idom (\u00a9 FG+SG)\" class=\"rl-gallery-link\" data-rl_caption=\"Hospital CUF Descobertas \/ Idom (\u00a9 FG+SG)\" data-rel=\"lightbox-gallery-3\"><img loading=\"lazy\" decoding=\"async\" width=\"150\" height=\"150\" src=\"https:\/\/www.arquimaster.com.ar\/web\/wp-content\/uploads\/2019\/06\/hospital_cuf_descobertas31-150x150.jpg\" class=\"attachment-thumbnail size-thumbnail\" alt=\"\" aria-describedby=\"gallery-3-47688\" \/><\/a>\n\t\t\t<\/div>\n\t\t\t\t<figcaption class='wp-caption-text gallery-caption' id='gallery-3-47688'>\n\t\t\t\tHospital CUF Descobertas \/ Idom (\u00a9 FG+SG)\n\t\t\t\t<\/figcaption><\/figure><figure class='gallery-item'>\n\t\t\t<div class='gallery-icon portrait'>\n\t\t\t\t<a href='https:\/\/www.arquimaster.com.ar\/web\/wp-content\/uploads\/2019\/06\/hospital_cuf_descobertas32.jpg' title=\"Hospital CUF Descobertas \/ Idom (\u00a9 FG+SG)\" data-rl_title=\"Hospital CUF Descobertas \/ Idom (\u00a9 FG+SG)\" class=\"rl-gallery-link\" data-rl_caption=\"Hospital CUF Descobertas \/ Idom (\u00a9 FG+SG)\" data-rel=\"lightbox-gallery-3\"><img loading=\"lazy\" decoding=\"async\" width=\"150\" height=\"150\" src=\"https:\/\/www.arquimaster.com.ar\/web\/wp-content\/uploads\/2019\/06\/hospital_cuf_descobertas32-150x150.jpg\" class=\"attachment-thumbnail size-thumbnail\" alt=\"\" aria-describedby=\"gallery-3-47689\" \/><\/a>\n\t\t\t<\/div>\n\t\t\t\t<figcaption class='wp-caption-text gallery-caption' id='gallery-3-47689'>\n\t\t\t\tHospital CUF Descobertas \/ Idom (\u00a9 FG+SG)\n\t\t\t\t<\/figcaption><\/figure><figure class='gallery-item'>\n\t\t\t<div class='gallery-icon portrait'>\n\t\t\t\t<a href='https:\/\/www.arquimaster.com.ar\/web\/wp-content\/uploads\/2019\/06\/hospital_cuf_descobertas33.jpg' title=\"Hospital CUF Descobertas \/ Idom (\u00a9 FG+SG)\" data-rl_title=\"Hospital CUF Descobertas \/ Idom (\u00a9 FG+SG)\" class=\"rl-gallery-link\" data-rl_caption=\"Hospital CUF Descobertas \/ Idom (\u00a9 FG+SG)\" data-rel=\"lightbox-gallery-3\"><img loading=\"lazy\" decoding=\"async\" width=\"150\" height=\"150\" src=\"https:\/\/www.arquimaster.com.ar\/web\/wp-content\/uploads\/2019\/06\/hospital_cuf_descobertas33-150x150.jpg\" class=\"attachment-thumbnail size-thumbnail\" alt=\"\" aria-describedby=\"gallery-3-47690\" \/><\/a>\n\t\t\t<\/div>\n\t\t\t\t<figcaption class='wp-caption-text gallery-caption' id='gallery-3-47690'>\n\t\t\t\tHospital CUF Descobertas \/ Idom (\u00a9 FG+SG)\n\t\t\t\t<\/figcaption><\/figure><figure class='gallery-item'>\n\t\t\t<div class='gallery-icon landscape'>\n\t\t\t\t<a href='https:\/\/www.arquimaster.com.ar\/web\/wp-content\/uploads\/2019\/06\/hospital_cuf_descobertas34.jpg' title=\"Hospital CUF Descobertas \/ Idom (planta subsuelo)\" data-rl_title=\"Hospital CUF Descobertas \/ Idom (planta subsuelo)\" class=\"rl-gallery-link\" data-rl_caption=\"Hospital CUF Descobertas \/ Idom (planta subsuelo)\" data-rel=\"lightbox-gallery-3\"><img loading=\"lazy\" decoding=\"async\" width=\"150\" height=\"150\" src=\"https:\/\/www.arquimaster.com.ar\/web\/wp-content\/uploads\/2019\/06\/hospital_cuf_descobertas34-150x150.jpg\" class=\"attachment-thumbnail size-thumbnail\" alt=\"\" aria-describedby=\"gallery-3-47691\" \/><\/a>\n\t\t\t<\/div>\n\t\t\t\t<figcaption class='wp-caption-text gallery-caption' id='gallery-3-47691'>\n\t\t\t\tHospital CUF Descobertas \/ Idom (planta subsuelo)\n\t\t\t\t<\/figcaption><\/figure><figure class='gallery-item'>\n\t\t\t<div class='gallery-icon landscape'>\n\t\t\t\t<a href='https:\/\/www.arquimaster.com.ar\/web\/wp-content\/uploads\/2019\/06\/hospital_cuf_descobertas35.jpg' title=\"Hospital CUF Descobertas \/ Idom (planta baja)\" data-rl_title=\"Hospital CUF Descobertas \/ Idom (planta baja)\" class=\"rl-gallery-link\" data-rl_caption=\"Hospital CUF Descobertas \/ Idom (planta baja)\" data-rel=\"lightbox-gallery-3\"><img loading=\"lazy\" decoding=\"async\" width=\"150\" height=\"150\" src=\"https:\/\/www.arquimaster.com.ar\/web\/wp-content\/uploads\/2019\/06\/hospital_cuf_descobertas35-150x150.jpg\" class=\"attachment-thumbnail size-thumbnail\" alt=\"\" aria-describedby=\"gallery-3-47692\" \/><\/a>\n\t\t\t<\/div>\n\t\t\t\t<figcaption class='wp-caption-text gallery-caption' id='gallery-3-47692'>\n\t\t\t\tHospital CUF Descobertas \/ Idom (planta baja)\n\t\t\t\t<\/figcaption><\/figure><figure class='gallery-item'>\n\t\t\t<div class='gallery-icon landscape'>\n\t\t\t\t<a href='https:\/\/www.arquimaster.com.ar\/web\/wp-content\/uploads\/2019\/06\/hospital_cuf_descobertas36.jpg' title=\"Hospital CUF Descobertas \/ Idom (planta primera)\" data-rl_title=\"Hospital CUF Descobertas \/ Idom (planta primera)\" class=\"rl-gallery-link\" data-rl_caption=\"Hospital CUF Descobertas \/ Idom (planta primera)\" data-rel=\"lightbox-gallery-3\"><img loading=\"lazy\" decoding=\"async\" width=\"150\" height=\"150\" src=\"https:\/\/www.arquimaster.com.ar\/web\/wp-content\/uploads\/2019\/06\/hospital_cuf_descobertas36-150x150.jpg\" class=\"attachment-thumbnail size-thumbnail\" alt=\"\" aria-describedby=\"gallery-3-47693\" \/><\/a>\n\t\t\t<\/div>\n\t\t\t\t<figcaption class='wp-caption-text gallery-caption' id='gallery-3-47693'>\n\t\t\t\tHospital CUF Descobertas \/ Idom (planta primera)\n\t\t\t\t<\/figcaption><\/figure><figure class='gallery-item'>\n\t\t\t<div class='gallery-icon landscape'>\n\t\t\t\t<a href='https:\/\/www.arquimaster.com.ar\/web\/wp-content\/uploads\/2019\/06\/hospital_cuf_descobertas37.jpg' title=\"Hospital CUF Descobertas \/ Idom (corte)\" data-rl_title=\"Hospital CUF Descobertas \/ Idom (corte)\" class=\"rl-gallery-link\" data-rl_caption=\"Hospital CUF Descobertas \/ Idom (corte)\" data-rel=\"lightbox-gallery-3\"><img loading=\"lazy\" decoding=\"async\" width=\"150\" height=\"150\" src=\"https:\/\/www.arquimaster.com.ar\/web\/wp-content\/uploads\/2019\/06\/hospital_cuf_descobertas37-150x150.jpg\" class=\"attachment-thumbnail size-thumbnail\" alt=\"\" aria-describedby=\"gallery-3-47694\" \/><\/a>\n\t\t\t<\/div>\n\t\t\t\t<figcaption class='wp-caption-text gallery-caption' id='gallery-3-47694'>\n\t\t\t\tHospital CUF Descobertas \/ Idom (corte)\n\t\t\t\t<\/figcaption><\/figure><figure class='gallery-item'>\n\t\t\t<div class='gallery-icon landscape'>\n\t\t\t\t<a href='https:\/\/www.arquimaster.com.ar\/web\/wp-content\/uploads\/2019\/06\/hospital_cuf_descobertas38.jpg' title=\"Hospital CUF Descobertas \/ Idom (corte)\" data-rl_title=\"Hospital CUF Descobertas \/ Idom (corte)\" class=\"rl-gallery-link\" data-rl_caption=\"Hospital CUF Descobertas \/ Idom (corte)\" data-rel=\"lightbox-gallery-3\"><img loading=\"lazy\" decoding=\"async\" width=\"150\" height=\"150\" src=\"https:\/\/www.arquimaster.com.ar\/web\/wp-content\/uploads\/2019\/06\/hospital_cuf_descobertas38-150x150.jpg\" class=\"attachment-thumbnail size-thumbnail\" alt=\"\" aria-describedby=\"gallery-3-47695\" \/><\/a>\n\t\t\t<\/div>\n\t\t\t\t<figcaption class='wp-caption-text gallery-caption' id='gallery-3-47695'>\n\t\t\t\tHospital CUF Descobertas \/ Idom (corte)\n\t\t\t\t<\/figcaption><\/figure><figure class='gallery-item'>\n\t\t\t<div class='gallery-icon landscape'>\n\t\t\t\t<a href='https:\/\/www.arquimaster.com.ar\/web\/wp-content\/uploads\/2019\/06\/hospital_cuf_descobertas39.jpg' title=\"Hospital CUF Descobertas \/ Idom (fachada)\" data-rl_title=\"Hospital CUF Descobertas \/ Idom (fachada)\" class=\"rl-gallery-link\" data-rl_caption=\"Hospital CUF Descobertas \/ Idom (fachada)\" data-rel=\"lightbox-gallery-3\"><img loading=\"lazy\" decoding=\"async\" width=\"150\" height=\"150\" src=\"https:\/\/www.arquimaster.com.ar\/web\/wp-content\/uploads\/2019\/06\/hospital_cuf_descobertas39-150x150.jpg\" class=\"attachment-thumbnail size-thumbnail\" alt=\"\" aria-describedby=\"gallery-3-47696\" \/><\/a>\n\t\t\t<\/div>\n\t\t\t\t<figcaption class='wp-caption-text gallery-caption' id='gallery-3-47696'>\n\t\t\t\tHospital CUF Descobertas \/ Idom (fachada)\n\t\t\t\t<\/figcaption><\/figure>\n\t\t<\/div>\n\n<p>Esta fachada, junto con la adopci\u00f3n de sistemas pasivos y semi pasivos de climatizaci\u00f3n aplicados por primera vez en hospitales en la Pen\u00ednsula Ib\u00e9rica, ha contribuido definitivamente a la obtenci\u00f3n de resultados muy positivos a nivel de confort y de eficiencia energ\u00e9tica, sin descuidar la imagen arquitect\u00f3nica que se pretend\u00eda atractiva y de referencia para el entorno edificado de la zona m\u00e1s moderna de la ciudad de Lisboa.<\/p>\n<p>Adem\u00e1s, se ha trabajado con la inercia t\u00e9rmica del edificio como parte integrante y fundamental del sistema de climatizaci\u00f3n. Para ello se ha potenciado y controlado la inercia t\u00e9rmica de la construcci\u00f3n, mediante la termo activaci\u00f3n de las losas estructurales de hormig\u00f3n (TABS), sistema que ha permitido la disminuci\u00f3n radical de la importancia del aire acondicionado en el hospital, limitando pr\u00e1cticamente su papel a la necesaria renovaci\u00f3n del aire.<\/p>\n<p>Program\u00e1ticamente el edificio cuenta con 150 despachos de consulta y 30 salas de explotaci\u00f3n, 2 quir\u00f3fanos para cirug\u00eda de ambulatorio y un \u00e1rea dedicada a la formaci\u00f3n m\u00e9dica donde se incluye un auditorio para 150 personas.<\/p>\n<p>Ocupando un total de 11.200 m2 construidos para el programa m\u00e9dico y 11.810 m2 para estacionamiento en s\u00f3tano, el hospital se organiza por cl\u00fasteres de especializaci\u00f3n seg\u00fan un esquema de total flexibilidad funcional y constructiva, separ\u00e1ndose los principales flujos hospitalarios.<\/p>\n<p>Las superficies de las diversas especialidades se cuantifican de la siguiente forma: Cardiolog\u00eda: 408 m2, Ortopedia: 982 m2, Radiolog\u00eda: 332 m2, Cl\u00ednica de la Mujer: 1.052 m2, Especialidades varias: 453 m2, Pediatr\u00eda: 735 m2, Especialidades Quir\u00fargicas: 453 m2, Estomatolog\u00eda: 385 m2, Inmunolog\u00eda: 495, Otorrinolaringolog\u00eda: 424 m2, Neumolog\u00eda: 44 m2, Cirug\u00eda de Ambulatorio (quir\u00f3fanos): 357 m2, Oftalmolog\u00eda: 667 m2, Dermatolog\u00eda: 438 m2, Pl\u00e1stica reconstructiva: 34 m2, Formaci\u00f3n: 1.089 m2, Cafeter\u00eda: 226 m2.<\/p>\n<p><strong>Ficha t\u00e9cnica<\/strong><br \/>Nombre: Hospital CUF Descobertas<br \/>Ubicaci\u00f3n: R. M\u00e1rio Botas 1998-018, Lisboa, Portugal<br \/>Estudio: IDOM<br \/>Arquitecto responsable: Rui Maia<br \/>Arquitectos: Rui Maia, Jorge Matias, Jo\u00e3o Santos, Javier D\u00edaz, Laura Valcarcel, Magdalena Ostornol, Mar\u00eda del Pino, Pablo Vi\u00f1a<br \/>Costes: Carmen Camarno<br \/>Estructuras: Carlos Casta\u00f1on, Pedro Viegas, David Garc\u00eda, Romina Gonz\u00e1lez<br \/>Instalaciones hidr\u00e1ulicas: Ant\u00f3nio Cardoso Gaspar, Susana Maduro<br \/>Seguridad contra incendios: Bel\u00e9n Herrero<br \/>Climatizaci\u00f3n: Ram\u00f3n Gutierrez, Jos\u00e9 Sereno, Isaac Lorenzo, Javier S\u00e1nchez, Antonio Mendoza <br \/>Eficiencia energ\u00e9tica y sostenibilidad: Ram\u00f3n Gutierrez, Javier Mart\u00edn<br \/>Certificaci\u00f3n energ\u00e9tica: Ana Rita Henriques\u00a0 <br \/>Instalaciomes el\u00e9ctricas: Lu\u00eds Barra, Joao Parreira<br \/>Gesti\u00f3n t\u00e9cnica: Lu\u00eds Barra<br \/>Voz y datos, telecomunicaciones: As\u00eds Hernando, In\u00e9s Horta<br \/>Instalaciones especiales (gases medicinales, correo pneum\u00e1tico): Julio C\u00e9sar Garc\u00eda, Carm\u00e9n Vieira<br \/>Ac\u00fastica: Mario Torices, Odete Domingues <br \/>Administrativos: Vanesa Marrero Castro, Isabel Cantero Murillo<br \/>Asistencia t\u00e9cnica a la obra: Ant\u00f3nio Cardoso Gaspar, Carm\u00e9n Vieira, Ant\u00f3nio Jorge Matias, Bel\u00e9n Herrero, Pedro Viegas, Lu\u00eds Barra, In\u00eas Cardoso, Jos\u00e9 Sereno<br \/>Interiorismo: P-06 ATELIER<br \/>Infograf\u00edas: Manuel Leira Carmena<br \/>Cliente: IMO HEALTH &#8211; Investimentos Imobili\u00e1rios, Unipessoal Lda. <br \/>Superficie: 23.010 m2<br \/>A\u00f1o final del proyecto: 2016<br \/>A\u00f1o final de la obra: 2018<br \/>Fotograf\u00eda: FG+SG<\/p>\n<p><strong>Contacto<\/strong><br \/><a href=\"http:\/\/www.idom.com\" target=\"_blank\" rel=\"noopener noreferrer\">http:\/\/www.idom.com<\/a><\/p>\n\n\n<div style=\"height:20px\" aria-hidden=\"true\" class=\"wp-block-spacer\"><\/div>\n\n\n<p><em><strong>English version<\/strong><\/em><br><em><strong>CUF Descobertas Hospital<\/strong><\/em><\/p>\n<p><em>The construction of this new building was the consequence of the need to extend the CUF Descobertas Hospital, property of the Jose de Mello Saude group. It works exclusively as an out-patient&#8217;s clinic, covering the majority of specialities of modern medicine.<\/em><\/p>\n<p><em>Located in the Parque Das Nacoes in Lisbon, the original building, designed at the end of the 90s, marked the beginning of a new era in Portugal&#8217;s hospital design, introducing innovative criteria both in its functional distribution and, particularly, the promotion of a new hospital image in which healthcare premises would be made more comfortable and humane to patients and personnel.<\/em><\/p>\n<p><em>The extension building had to respond to a complex set of programmatic and urbanistic requirements. More important however was the fact that it was being introduced in its essence, as a powerful \u00abexternal device\u00bb, full of functional availability, stemming from its base like a cell that duplicates, not for reproduction, but rather to become whole, generating the idea of a \u00abhospital campus\u00bb.<\/em><\/p>\n<p><em>The design of the new extension building reflects that tension, resulting from the combined analysis of both buildings, from the architectural protagonism that they should each take on, from their specific functional interrelations and genetics, but at the same time looking for a base design that would appease the time difference that separates both construction times.<\/em><\/p>\n<p><em>The formal character of the new Building 2 of the CUF Descobertas Hospital would have to be in line with this complex and sensitive balance. It had to guarantee, on the one hand, that the main building would be identified as a national referential social security and technological centre whilst at the same time, stating the new building&#8217;s architectural contemporaneity and the uniqueness of its exclusive out-patient usage, developing as a new wing organised and extended from the pre-existing hospital to shelter and embrace the out-patient&#8217;s clinic activity, opening up to the city one of the main access doors of the hospital complex.<\/em><\/p>\n<p><em>With simple and regular shapes, determined by the planning conditions of the plot, the new building intends to express its own identity, sober and compact, based on the direct link between the building and its purpose and the rational use of materials.<\/em><\/p>\n<p><em>Just like the main building&#8217;s project back in its day, the design of this new block meant to be used exclusively by out-patients, includes revolutionary aspects that represent radical changes in the concepts of hospital comfort, sustainability and energy efficiency in this type of building.<\/em><\/p>\n<p><em>The building was conceived in a multidisciplinary fashion by IDOM architects and engineers in order to achieve the highest possible functional efficiency and high environmental comfort standards while at the same time ensuring it could behave, during its exploitation, as a nZEB: nearly Zero Energy Building: which is to say, that it would consume little more energy than what it could generate through renewable energy sources, considered over a whole year period.<\/em><\/p>\n<p><em>Meeting these goals and knowing beforehand that hospitals, due to their functional essence, are big energy consumers, called for the implementation of solutions never before considered in hospital designing, making the most of the firm&#8217;s multidisciplinary nature and getting all the project specialists involved from the early stages of design, defining a set of design strategies, classified according to their importance which in turn were linked to their impact on the end result.<\/em><\/p>\n<p><em>A double skin fa\u00e7ade was designed. It was made up of triangular metal elements, their angles compensating the bad orientation of the plot. These vertical elements have micro-perforations in varying perforation concentrations according to the solar radiation and the amount of sunlight required in the working areas.<\/em><\/p>\n<p><em>The amount and distribution of these pieces as well as the perforation percentage of each one was calculated and determined for each individual point of the different elevations, using advanced energy and lighting simulation models.<\/em><\/p>\n<p><em>This fa\u00e7ade, along with the use of passive and semi-passive HVAC systems never before used in hospitals in the Iberian peninsula, have definitively contributed to the very positive results in terms of comfort and energy efficiency, without disregarding the architectural image which was to be attractive and referential within the built-up surroundings of the most modern area in the city of Lisbon.<\/em><\/p>\n<p><em>To complement the design strategies agreed by architects and engineers at Idom, for the construction of a nearly Zero Energy Building, it was necessary to go beyond conventional, already-tested solutions. We worked with the building&#8217;s thermal inertia as a basic part of the HVAC system.<\/em><\/p>\n<p><em>For this purpose, the building&#8217;s thermal inertia was magnified and controlled through the thermal activation of the concrete structural slabs (TABS), a system that, along with all the other design strategies, allowed for the significant reduction in importance of the hospital&#8217;s air conditioning, limiting its role almost exclusively to the necessary air renewal.<\/em><\/p>\n<p><em>Programme wise, the building has 150 surgeries and 30 examination rooms, 2 same-day surgery operating theatres and a medical training area that includes an auditorium with a capacity for 150 people.<\/em><\/p>\n<p><em>The medical programme occupies 11,200 built-up square metres and the underground car park 11,810 m2. The hospital is organised into speciality clusters following a scheme that offers great construction and functional flexibility, keeping the hospital&#8217;s people flow well defined.<\/em><\/p>\n<p><em>The areas taken up by the different specialities are the following:<\/em><br><em>Cardiology: 408 m2, orthopaedics: 982 m2, radiology: 332 m2, Women&#8217;s clinic: 1,052 m2, various specialities: 453 m2, Paediatrics: 735 m2, surgical specialities: 453 m2, stomatology: 385 m2, immunology: 495 m2, otorhinolaryngology: 424 m2, respiratory department: 44 m2, same-day surgery (operating theatres): 357 m2, ophthalmology: 667 m2, dermatology: 438 m2, reconstructive plastic surgery: 34 m2, training: 1,089 m2, caf\u00e9: 226 m2.<\/em><\/p>\n<div style=\"font-size: 0px; height: 0px; line-height: 0px; margin: 0; padding: 0; clear: both;\"><\/div><div style=\"margin-top: 0px; margin-bottom: 0px;\" class=\"sharethis-inline-share-buttons\" ><\/div>","protected":false},"excerpt":{"rendered":"<p>Con una volumetr\u00eda simple y regular, el nuevo edificio pretende expresar su identidad&#8230;<\/p>\n","protected":false},"author":1,"featured_media":47657,"comment_status":"closed","ping_status":"closed","sticky":false,"template":"","format":"standard","meta":{"_uag_custom_page_level_css":"","footnotes":""},"categories":[905,1],"tags":[1157,4189,939,1467,670,671,1742],"class_list":["post-47656","post","type-post","status-publish","format-standard","has-post-thumbnail","hentry","category-edificios-para-la-salud","category-proyecto","tag-arquitectura-hospitalaria","tag-edificios-para-la-salud","tag-hospital","tag-idom","tag-lisboa","tag-portugal","tag-recursos-fisicos-en-salud","generate-columns","tablet-grid-50","mobile-grid-100","grid-parent","grid-50"],"yoast_head":"<!-- This site is optimized with the Yoast SEO plugin v27.3 - https:\/\/yoast.com\/product\/yoast-seo-wordpress\/ -->\n<title>Hospital CUF Descobertas \/ IDOM - Arquimaster<\/title>\n<meta name=\"description\" content=\"Con una volumetr\u00eda simple y regular, el nuevo edificio pretende expresar su identidad propia, compacta y sobria, mediante un uso racional de los materiales.\" \/>\n<meta name=\"robots\" content=\"index, follow, max-snippet:-1, max-image-preview:large, max-video-preview:-1\" \/>\n<link rel=\"canonical\" href=\"https:\/\/www.arquimaster.com.ar\/web\/hospital-cuf-descobertas-idom\/\" \/>\n<meta property=\"og:locale\" content=\"es_ES\" \/>\n<meta property=\"og:type\" content=\"article\" \/>\n<meta property=\"og:title\" content=\"Hospital CUF Descobertas \/ Idom\" \/>\n<meta property=\"og:description\" content=\"Con una volumetr\u00eda simple y regular, el nuevo edificio pretende expresar su identidad propia, compacta y sobria, mediante un uso racional de los materiales.\" \/>\n<meta property=\"og:url\" content=\"https:\/\/www.arquimaster.com.ar\/web\/hospital-cuf-descobertas-idom\/\" \/>\n<meta property=\"og:site_name\" content=\"Arquimaster\" \/>\n<meta property=\"article:publisher\" content=\"http:\/\/www.facebook.com\/ARQUIMASTER.com.ar\" \/>\n<meta property=\"article:published_time\" content=\"2019-06-27T02:05:14+00:00\" \/>\n<meta property=\"article:modified_time\" content=\"2022-02-23T17:58:42+00:00\" \/>\n<meta property=\"og:image\" content=\"https:\/\/www.arquimaster.com.ar\/web\/wp-content\/uploads\/2019\/06\/hospital_cuf_descobertas_slide.jpg\" \/>\n\t<meta property=\"og:image:width\" content=\"698\" \/>\n\t<meta property=\"og:image:height\" content=\"364\" \/>\n\t<meta property=\"og:image:type\" content=\"image\/jpeg\" \/>\n<meta name=\"author\" content=\"Arquimaster\" \/>\n<meta name=\"twitter:card\" content=\"summary_large_image\" \/>\n<meta name=\"twitter:title\" content=\"Hospital CUF Descobertas \/ Idom\" \/>\n<meta name=\"twitter:description\" content=\"Con una volumetr\u00eda simple y regular, el nuevo edificio pretende expresar su identidad propia, compacta y sobria, mediante un uso racional de los materiales.\" \/>\n<meta name=\"twitter:image\" content=\"https:\/\/www.arquimaster.com.ar\/web\/wp-content\/uploads\/2019\/06\/hospital_cuf_descobertas_slide.jpg\" \/>\n<meta name=\"twitter:creator\" content=\"@arquimaster\" \/>\n<meta name=\"twitter:site\" content=\"@arquimaster\" \/>\n<meta name=\"twitter:label1\" content=\"Escrito por\" \/>\n\t<meta name=\"twitter:data1\" content=\"Arquimaster\" \/>\n\t<meta name=\"twitter:label2\" content=\"Tiempo de lectura\" \/>\n\t<meta name=\"twitter:data2\" content=\"9 minutos\" \/>\n<script type=\"application\/ld+json\" class=\"yoast-schema-graph\">{\"@context\":\"https:\\\/\\\/schema.org\",\"@graph\":[{\"@type\":\"Article\",\"@id\":\"https:\\\/\\\/www.arquimaster.com.ar\\\/web\\\/hospital-cuf-descobertas-idom\\\/#article\",\"isPartOf\":{\"@id\":\"https:\\\/\\\/www.arquimaster.com.ar\\\/web\\\/hospital-cuf-descobertas-idom\\\/\"},\"author\":{\"name\":\"Arquimaster\",\"@id\":\"https:\\\/\\\/www.arquimaster.com.ar\\\/web\\\/#\\\/schema\\\/person\\\/359e9f7c00193fcde068e0dd2ceb0028\"},\"headline\":\"Hospital CUF Descobertas \\\/ IDOM\",\"datePublished\":\"2019-06-27T02:05:14+00:00\",\"dateModified\":\"2022-02-23T17:58:42+00:00\",\"mainEntityOfPage\":{\"@id\":\"https:\\\/\\\/www.arquimaster.com.ar\\\/web\\\/hospital-cuf-descobertas-idom\\\/\"},\"wordCount\":2055,\"publisher\":{\"@id\":\"https:\\\/\\\/www.arquimaster.com.ar\\\/web\\\/#organization\"},\"image\":{\"@id\":\"https:\\\/\\\/www.arquimaster.com.ar\\\/web\\\/hospital-cuf-descobertas-idom\\\/#primaryimage\"},\"thumbnailUrl\":\"https:\\\/\\\/www.arquimaster.com.ar\\\/web\\\/wp-content\\\/uploads\\\/2019\\\/06\\\/hospital_cuf_descobertas_slide.jpg\",\"keywords\":[\"arquitectura hospitalaria\",\"edificios para la salud\",\"hospital\",\"IDOM\",\"Lisboa\",\"Portugal\",\"recursos f\u00edsicos en salud\"],\"articleSection\":[\"Edificios para la salud\",\"Proyecto\"],\"inLanguage\":\"es\"},{\"@type\":\"WebPage\",\"@id\":\"https:\\\/\\\/www.arquimaster.com.ar\\\/web\\\/hospital-cuf-descobertas-idom\\\/\",\"url\":\"https:\\\/\\\/www.arquimaster.com.ar\\\/web\\\/hospital-cuf-descobertas-idom\\\/\",\"name\":\"Hospital CUF Descobertas \\\/ IDOM - Arquimaster\",\"isPartOf\":{\"@id\":\"https:\\\/\\\/www.arquimaster.com.ar\\\/web\\\/#website\"},\"primaryImageOfPage\":{\"@id\":\"https:\\\/\\\/www.arquimaster.com.ar\\\/web\\\/hospital-cuf-descobertas-idom\\\/#primaryimage\"},\"image\":{\"@id\":\"https:\\\/\\\/www.arquimaster.com.ar\\\/web\\\/hospital-cuf-descobertas-idom\\\/#primaryimage\"},\"thumbnailUrl\":\"https:\\\/\\\/www.arquimaster.com.ar\\\/web\\\/wp-content\\\/uploads\\\/2019\\\/06\\\/hospital_cuf_descobertas_slide.jpg\",\"datePublished\":\"2019-06-27T02:05:14+00:00\",\"dateModified\":\"2022-02-23T17:58:42+00:00\",\"description\":\"Con una volumetr\u00eda simple y regular, el nuevo edificio pretende expresar su identidad propia, compacta y sobria, mediante un uso racional de los materiales.\",\"breadcrumb\":{\"@id\":\"https:\\\/\\\/www.arquimaster.com.ar\\\/web\\\/hospital-cuf-descobertas-idom\\\/#breadcrumb\"},\"inLanguage\":\"es\",\"potentialAction\":[{\"@type\":\"ReadAction\",\"target\":[\"https:\\\/\\\/www.arquimaster.com.ar\\\/web\\\/hospital-cuf-descobertas-idom\\\/\"]}]},{\"@type\":\"ImageObject\",\"inLanguage\":\"es\",\"@id\":\"https:\\\/\\\/www.arquimaster.com.ar\\\/web\\\/hospital-cuf-descobertas-idom\\\/#primaryimage\",\"url\":\"https:\\\/\\\/www.arquimaster.com.ar\\\/web\\\/wp-content\\\/uploads\\\/2019\\\/06\\\/hospital_cuf_descobertas_slide.jpg\",\"contentUrl\":\"https:\\\/\\\/www.arquimaster.com.ar\\\/web\\\/wp-content\\\/uploads\\\/2019\\\/06\\\/hospital_cuf_descobertas_slide.jpg\",\"width\":698,\"height\":364},{\"@type\":\"BreadcrumbList\",\"@id\":\"https:\\\/\\\/www.arquimaster.com.ar\\\/web\\\/hospital-cuf-descobertas-idom\\\/#breadcrumb\",\"itemListElement\":[{\"@type\":\"ListItem\",\"position\":1,\"name\":\"Portada\",\"item\":\"https:\\\/\\\/www.arquimaster.com.ar\\\/web\\\/\"},{\"@type\":\"ListItem\",\"position\":2,\"name\":\"Hospital CUF Descobertas \\\/ IDOM\"}]},{\"@type\":\"WebSite\",\"@id\":\"https:\\\/\\\/www.arquimaster.com.ar\\\/web\\\/#website\",\"url\":\"https:\\\/\\\/www.arquimaster.com.ar\\\/web\\\/\",\"name\":\"Arquimaster\",\"description\":\"Web de arquitectura, dise\u00f1o y construccion\",\"publisher\":{\"@id\":\"https:\\\/\\\/www.arquimaster.com.ar\\\/web\\\/#organization\"},\"potentialAction\":[{\"@type\":\"SearchAction\",\"target\":{\"@type\":\"EntryPoint\",\"urlTemplate\":\"https:\\\/\\\/www.arquimaster.com.ar\\\/web\\\/?s={search_term_string}\"},\"query-input\":{\"@type\":\"PropertyValueSpecification\",\"valueRequired\":true,\"valueName\":\"search_term_string\"}}],\"inLanguage\":\"es\"},{\"@type\":\"Organization\",\"@id\":\"https:\\\/\\\/www.arquimaster.com.ar\\\/web\\\/#organization\",\"name\":\"Arquimaster\",\"url\":\"https:\\\/\\\/www.arquimaster.com.ar\\\/web\\\/\",\"logo\":{\"@type\":\"ImageObject\",\"inLanguage\":\"es\",\"@id\":\"https:\\\/\\\/www.arquimaster.com.ar\\\/web\\\/#\\\/schema\\\/logo\\\/image\\\/\",\"url\":\"https:\\\/\\\/www.arquimaster.com.ar\\\/web\\\/wp-content\\\/uploads\\\/2022\\\/06\\\/arquimaster.png\",\"contentUrl\":\"https:\\\/\\\/www.arquimaster.com.ar\\\/web\\\/wp-content\\\/uploads\\\/2022\\\/06\\\/arquimaster.png\",\"width\":594,\"height\":78,\"caption\":\"Arquimaster\"},\"image\":{\"@id\":\"https:\\\/\\\/www.arquimaster.com.ar\\\/web\\\/#\\\/schema\\\/logo\\\/image\\\/\"},\"sameAs\":[\"http:\\\/\\\/www.facebook.com\\\/ARQUIMASTER.com.ar\",\"https:\\\/\\\/x.com\\\/arquimaster\",\"https:\\\/\\\/www.instagram.com\\\/arquimasterblog\\\/\",\"https:\\\/\\\/www.linkedin.com\\\/company\\\/arquimaster\",\"https:\\\/\\\/www.pinterest.com\\\/arquimaster\",\"https:\\\/\\\/t.me\\\/arquimaster\"]},{\"@type\":\"Person\",\"@id\":\"https:\\\/\\\/www.arquimaster.com.ar\\\/web\\\/#\\\/schema\\\/person\\\/359e9f7c00193fcde068e0dd2ceb0028\",\"name\":\"Arquimaster\"}]}<\/script>\n<!-- \/ Yoast SEO plugin. -->","yoast_head_json":{"title":"Hospital CUF Descobertas \/ IDOM - Arquimaster","description":"Con una volumetr\u00eda simple y regular, el nuevo edificio pretende expresar su identidad propia, compacta y sobria, mediante un uso racional de los materiales.","robots":{"index":"index","follow":"follow","max-snippet":"max-snippet:-1","max-image-preview":"max-image-preview:large","max-video-preview":"max-video-preview:-1"},"canonical":"https:\/\/www.arquimaster.com.ar\/web\/hospital-cuf-descobertas-idom\/","og_locale":"es_ES","og_type":"article","og_title":"Hospital CUF Descobertas \/ Idom","og_description":"Con una volumetr\u00eda simple y regular, el nuevo edificio pretende expresar su identidad propia, compacta y sobria, mediante un uso racional de los materiales.","og_url":"https:\/\/www.arquimaster.com.ar\/web\/hospital-cuf-descobertas-idom\/","og_site_name":"Arquimaster","article_publisher":"http:\/\/www.facebook.com\/ARQUIMASTER.com.ar","article_published_time":"2019-06-27T02:05:14+00:00","article_modified_time":"2022-02-23T17:58:42+00:00","og_image":[{"width":698,"height":364,"url":"https:\/\/www.arquimaster.com.ar\/web\/wp-content\/uploads\/2019\/06\/hospital_cuf_descobertas_slide.jpg","type":"image\/jpeg"}],"author":"Arquimaster","twitter_card":"summary_large_image","twitter_title":"Hospital CUF Descobertas \/ Idom","twitter_description":"Con una volumetr\u00eda simple y regular, el nuevo edificio pretende expresar su identidad propia, compacta y sobria, mediante un uso racional de los materiales.","twitter_image":"https:\/\/www.arquimaster.com.ar\/web\/wp-content\/uploads\/2019\/06\/hospital_cuf_descobertas_slide.jpg","twitter_creator":"@arquimaster","twitter_site":"@arquimaster","twitter_misc":{"Escrito por":"Arquimaster","Tiempo de lectura":"9 minutos"},"schema":{"@context":"https:\/\/schema.org","@graph":[{"@type":"Article","@id":"https:\/\/www.arquimaster.com.ar\/web\/hospital-cuf-descobertas-idom\/#article","isPartOf":{"@id":"https:\/\/www.arquimaster.com.ar\/web\/hospital-cuf-descobertas-idom\/"},"author":{"name":"Arquimaster","@id":"https:\/\/www.arquimaster.com.ar\/web\/#\/schema\/person\/359e9f7c00193fcde068e0dd2ceb0028"},"headline":"Hospital CUF Descobertas \/ IDOM","datePublished":"2019-06-27T02:05:14+00:00","dateModified":"2022-02-23T17:58:42+00:00","mainEntityOfPage":{"@id":"https:\/\/www.arquimaster.com.ar\/web\/hospital-cuf-descobertas-idom\/"},"wordCount":2055,"publisher":{"@id":"https:\/\/www.arquimaster.com.ar\/web\/#organization"},"image":{"@id":"https:\/\/www.arquimaster.com.ar\/web\/hospital-cuf-descobertas-idom\/#primaryimage"},"thumbnailUrl":"https:\/\/www.arquimaster.com.ar\/web\/wp-content\/uploads\/2019\/06\/hospital_cuf_descobertas_slide.jpg","keywords":["arquitectura hospitalaria","edificios para la salud","hospital","IDOM","Lisboa","Portugal","recursos f\u00edsicos en salud"],"articleSection":["Edificios para la salud","Proyecto"],"inLanguage":"es"},{"@type":"WebPage","@id":"https:\/\/www.arquimaster.com.ar\/web\/hospital-cuf-descobertas-idom\/","url":"https:\/\/www.arquimaster.com.ar\/web\/hospital-cuf-descobertas-idom\/","name":"Hospital CUF Descobertas \/ IDOM - Arquimaster","isPartOf":{"@id":"https:\/\/www.arquimaster.com.ar\/web\/#website"},"primaryImageOfPage":{"@id":"https:\/\/www.arquimaster.com.ar\/web\/hospital-cuf-descobertas-idom\/#primaryimage"},"image":{"@id":"https:\/\/www.arquimaster.com.ar\/web\/hospital-cuf-descobertas-idom\/#primaryimage"},"thumbnailUrl":"https:\/\/www.arquimaster.com.ar\/web\/wp-content\/uploads\/2019\/06\/hospital_cuf_descobertas_slide.jpg","datePublished":"2019-06-27T02:05:14+00:00","dateModified":"2022-02-23T17:58:42+00:00","description":"Con una volumetr\u00eda simple y regular, el nuevo edificio pretende expresar su identidad propia, compacta y sobria, mediante un uso racional de los materiales.","breadcrumb":{"@id":"https:\/\/www.arquimaster.com.ar\/web\/hospital-cuf-descobertas-idom\/#breadcrumb"},"inLanguage":"es","potentialAction":[{"@type":"ReadAction","target":["https:\/\/www.arquimaster.com.ar\/web\/hospital-cuf-descobertas-idom\/"]}]},{"@type":"ImageObject","inLanguage":"es","@id":"https:\/\/www.arquimaster.com.ar\/web\/hospital-cuf-descobertas-idom\/#primaryimage","url":"https:\/\/www.arquimaster.com.ar\/web\/wp-content\/uploads\/2019\/06\/hospital_cuf_descobertas_slide.jpg","contentUrl":"https:\/\/www.arquimaster.com.ar\/web\/wp-content\/uploads\/2019\/06\/hospital_cuf_descobertas_slide.jpg","width":698,"height":364},{"@type":"BreadcrumbList","@id":"https:\/\/www.arquimaster.com.ar\/web\/hospital-cuf-descobertas-idom\/#breadcrumb","itemListElement":[{"@type":"ListItem","position":1,"name":"Portada","item":"https:\/\/www.arquimaster.com.ar\/web\/"},{"@type":"ListItem","position":2,"name":"Hospital CUF Descobertas \/ IDOM"}]},{"@type":"WebSite","@id":"https:\/\/www.arquimaster.com.ar\/web\/#website","url":"https:\/\/www.arquimaster.com.ar\/web\/","name":"Arquimaster","description":"Web de arquitectura, dise\u00f1o y construccion","publisher":{"@id":"https:\/\/www.arquimaster.com.ar\/web\/#organization"},"potentialAction":[{"@type":"SearchAction","target":{"@type":"EntryPoint","urlTemplate":"https:\/\/www.arquimaster.com.ar\/web\/?s={search_term_string}"},"query-input":{"@type":"PropertyValueSpecification","valueRequired":true,"valueName":"search_term_string"}}],"inLanguage":"es"},{"@type":"Organization","@id":"https:\/\/www.arquimaster.com.ar\/web\/#organization","name":"Arquimaster","url":"https:\/\/www.arquimaster.com.ar\/web\/","logo":{"@type":"ImageObject","inLanguage":"es","@id":"https:\/\/www.arquimaster.com.ar\/web\/#\/schema\/logo\/image\/","url":"https:\/\/www.arquimaster.com.ar\/web\/wp-content\/uploads\/2022\/06\/arquimaster.png","contentUrl":"https:\/\/www.arquimaster.com.ar\/web\/wp-content\/uploads\/2022\/06\/arquimaster.png","width":594,"height":78,"caption":"Arquimaster"},"image":{"@id":"https:\/\/www.arquimaster.com.ar\/web\/#\/schema\/logo\/image\/"},"sameAs":["http:\/\/www.facebook.com\/ARQUIMASTER.com.ar","https:\/\/x.com\/arquimaster","https:\/\/www.instagram.com\/arquimasterblog\/","https:\/\/www.linkedin.com\/company\/arquimaster","https:\/\/www.pinterest.com\/arquimaster","https:\/\/t.me\/arquimaster"]},{"@type":"Person","@id":"https:\/\/www.arquimaster.com.ar\/web\/#\/schema\/person\/359e9f7c00193fcde068e0dd2ceb0028","name":"Arquimaster"}]}},"uagb_featured_image_src":{"full":["https:\/\/www.arquimaster.com.ar\/web\/wp-content\/uploads\/2019\/06\/hospital_cuf_descobertas_slide.jpg",698,364,false],"thumbnail":["https:\/\/www.arquimaster.com.ar\/web\/wp-content\/uploads\/2019\/06\/hospital_cuf_descobertas_slide-150x150.jpg",150,150,true],"medium":["https:\/\/www.arquimaster.com.ar\/web\/wp-content\/uploads\/2019\/06\/hospital_cuf_descobertas_slide.jpg",698,364,false],"medium_large":["https:\/\/www.arquimaster.com.ar\/web\/wp-content\/uploads\/2019\/06\/hospital_cuf_descobertas_slide.jpg",698,364,false],"large":["https:\/\/www.arquimaster.com.ar\/web\/wp-content\/uploads\/2019\/06\/hospital_cuf_descobertas_slide.jpg",698,364,false],"1536x1536":["https:\/\/www.arquimaster.com.ar\/web\/wp-content\/uploads\/2019\/06\/hospital_cuf_descobertas_slide.jpg",698,364,false],"2048x2048":["https:\/\/www.arquimaster.com.ar\/web\/wp-content\/uploads\/2019\/06\/hospital_cuf_descobertas_slide.jpg",698,364,false]},"uagb_author_info":{"display_name":"Arquimaster","author_link":"https:\/\/www.arquimaster.com.ar\/web\/author\/arquimaster\/"},"uagb_comment_info":0,"uagb_excerpt":"Con una volumetr\u00eda simple y regular, el nuevo edificio pretende expresar su identidad...","_links":{"self":[{"href":"https:\/\/www.arquimaster.com.ar\/web\/wp-json\/wp\/v2\/posts\/47656","targetHints":{"allow":["GET"]}}],"collection":[{"href":"https:\/\/www.arquimaster.com.ar\/web\/wp-json\/wp\/v2\/posts"}],"about":[{"href":"https:\/\/www.arquimaster.com.ar\/web\/wp-json\/wp\/v2\/types\/post"}],"author":[{"embeddable":true,"href":"https:\/\/www.arquimaster.com.ar\/web\/wp-json\/wp\/v2\/users\/1"}],"replies":[{"embeddable":true,"href":"https:\/\/www.arquimaster.com.ar\/web\/wp-json\/wp\/v2\/comments?post=47656"}],"version-history":[{"count":3,"href":"https:\/\/www.arquimaster.com.ar\/web\/wp-json\/wp\/v2\/posts\/47656\/revisions"}],"predecessor-version":[{"id":68945,"href":"https:\/\/www.arquimaster.com.ar\/web\/wp-json\/wp\/v2\/posts\/47656\/revisions\/68945"}],"wp:featuredmedia":[{"embeddable":true,"href":"https:\/\/www.arquimaster.com.ar\/web\/wp-json\/wp\/v2\/media\/47657"}],"wp:attachment":[{"href":"https:\/\/www.arquimaster.com.ar\/web\/wp-json\/wp\/v2\/media?parent=47656"}],"wp:term":[{"taxonomy":"category","embeddable":true,"href":"https:\/\/www.arquimaster.com.ar\/web\/wp-json\/wp\/v2\/categories?post=47656"},{"taxonomy":"post_tag","embeddable":true,"href":"https:\/\/www.arquimaster.com.ar\/web\/wp-json\/wp\/v2\/tags?post=47656"}],"curies":[{"name":"wp","href":"https:\/\/api.w.org\/{rel}","templated":true}]}}