{"id":47869,"date":"2019-06-29T17:49:08","date_gmt":"2019-06-29T20:49:08","guid":{"rendered":"https:\/\/www.arquimaster.com.ar\/web\/?p=47869"},"modified":"2019-07-01T17:55:20","modified_gmt":"2019-07-01T20:55:20","slug":"kalpakian-casa-un-espacio-para-promover-el-diseno-interior-profesional","status":"publish","type":"post","link":"https:\/\/www.arquimaster.com.ar\/web\/kalpakian-casa-un-espacio-para-promover-el-diseno-interior-profesional\/","title":{"rendered":"Kalpakian Casa, un espacio para promover el dise\u00f1o interior profesional"},"content":{"rendered":"<div style=\"margin-top: 0px; margin-bottom: 0px;\" class=\"sharethis-inline-share-buttons\" ><\/div><div class=\"b812932af2e751442846f039925109de\" data-index=\"1\" style=\"float: none; margin:25px 0 25px 0; text-align:center;\">\n<script async src=\"https:\/\/pagead2.googlesyndication.com\/pagead\/js\/adsbygoogle.js\"><\/script>\r\n<!-- Arquimaster (superior) -->\r\n<ins class=\"adsbygoogle\"\r\n     style=\"display:block\"\r\n     data-ad-client=\"ca-pub-6351072698456832\"\r\n     data-ad-slot=\"6455489680\"\r\n     data-ad-format=\"auto\"\r\n     data-full-width-responsive=\"true\"><\/ins>\r\n<script>\r\n     (adsbygoogle = window.adsbygoogle || []).push({});\r\n<\/script>\n<\/div>\n<p><strong>Kalpakian<\/strong> presenta su nuevo proyecto<strong> Kalpakian Casa<\/strong>, un proyecto pensado para promover el dise\u00f1o interior profesional en la Argentina. En el local, ubicado en Arenales 1444, se pueden encontrar 7 espacios intervenidos por prestigiosos estudios de interiorismo del pa\u00eds que ir\u00e1n cambiando y renov\u00e1ndose a lo largo del a\u00f1o. El proyecto y la direcci\u00f3n de la reforma del local fue dirigido por la Arquitecta Gabriela Faena.<\/p>\n<p><em>\u00abEstamos felices con este nuevo emprendimiento y de poder estar cada d\u00eda m\u00e1s cerca del dise\u00f1o argentino\u00bb<\/em>, asegur\u00f3 Eduardo Kalpakian. <em>\u00abContamos con grandes profesionales del dise\u00f1o interior y nos pareci\u00f3 importante poder unir fuerzas con ellos, mostrar lo mejor de la industria y promover el dise\u00f1o interior e industrial apoyando y promoviendo la producci\u00f3n argentina de calidad, en un gran local\u00bb<\/em> , finaliz\u00f3.<\/p>\n<div id='gallery-1' class='gallery galleryid-47869 gallery-columns-3 gallery-size-thumbnail'><figure class='gallery-item'>\n\t\t\t<div class='gallery-icon landscape'>\n\t\t\t\t<a href='https:\/\/www.arquimaster.com.ar\/web\/wp-content\/uploads\/2019\/06\/kalpakian_casa1.jpg' title=\"Kalpakian Casa, un espacio para promover el dise\u00f1o interior profesional\" data-rl_title=\"Kalpakian Casa, un espacio para promover el dise\u00f1o interior profesional\" class=\"rl-gallery-link\" data-rl_caption=\"Kalpakian Casa, un espacio para promover el dise\u00f1o interior profesional\" data-rel=\"lightbox-gallery-1\"><img loading=\"lazy\" decoding=\"async\" width=\"150\" height=\"150\" src=\"https:\/\/www.arquimaster.com.ar\/web\/wp-content\/uploads\/2019\/06\/kalpakian_casa1-150x150.jpg\" class=\"attachment-thumbnail size-thumbnail\" alt=\"\" aria-describedby=\"gallery-1-47872\" \/><\/a>\n\t\t\t<\/div>\n\t\t\t\t<figcaption class='wp-caption-text gallery-caption' id='gallery-1-47872'>\n\t\t\t\tKalpakian Casa, un espacio para promover el dise\u00f1o interior profesional\n\t\t\t\t<\/figcaption><\/figure><figure class='gallery-item'>\n\t\t\t<div class='gallery-icon landscape'>\n\t\t\t\t<a href='https:\/\/www.arquimaster.com.ar\/web\/wp-content\/uploads\/2019\/06\/kalpakian_casa2.jpg' title=\"Kalpakian Casa, un espacio para promover el dise\u00f1o interior profesional\" data-rl_title=\"Kalpakian Casa, un espacio para promover el dise\u00f1o interior profesional\" class=\"rl-gallery-link\" data-rl_caption=\"Kalpakian Casa, un espacio para promover el dise\u00f1o interior profesional\" data-rel=\"lightbox-gallery-1\"><img loading=\"lazy\" decoding=\"async\" width=\"150\" height=\"150\" src=\"https:\/\/www.arquimaster.com.ar\/web\/wp-content\/uploads\/2019\/06\/kalpakian_casa2-150x150.jpg\" class=\"attachment-thumbnail size-thumbnail\" alt=\"\" aria-describedby=\"gallery-1-47873\" \/><\/a>\n\t\t\t<\/div>\n\t\t\t\t<figcaption class='wp-caption-text gallery-caption' id='gallery-1-47873'>\n\t\t\t\tKalpakian Casa, un espacio para promover el dise\u00f1o interior profesional\n\t\t\t\t<\/figcaption><\/figure><figure class='gallery-item'>\n\t\t\t<div class='gallery-icon landscape'>\n\t\t\t\t<a href='https:\/\/www.arquimaster.com.ar\/web\/wp-content\/uploads\/2019\/06\/kalpakian_casa3.jpg' title=\"Kalpakian Casa, un espacio para promover el dise\u00f1o interior profesional\" data-rl_title=\"Kalpakian Casa, un espacio para promover el dise\u00f1o interior profesional\" class=\"rl-gallery-link\" data-rl_caption=\"Kalpakian Casa, un espacio para promover el dise\u00f1o interior profesional\" data-rel=\"lightbox-gallery-1\"><img loading=\"lazy\" decoding=\"async\" width=\"150\" height=\"150\" src=\"https:\/\/www.arquimaster.com.ar\/web\/wp-content\/uploads\/2019\/06\/kalpakian_casa3-150x150.jpg\" class=\"attachment-thumbnail size-thumbnail\" alt=\"\" aria-describedby=\"gallery-1-47874\" \/><\/a>\n\t\t\t<\/div>\n\t\t\t\t<figcaption class='wp-caption-text gallery-caption' id='gallery-1-47874'>\n\t\t\t\tKalpakian Casa, un espacio para promover el dise\u00f1o interior profesional\n\t\t\t\t<\/figcaption><\/figure><figure class='gallery-item'>\n\t\t\t<div class='gallery-icon landscape'>\n\t\t\t\t<a href='https:\/\/www.arquimaster.com.ar\/web\/wp-content\/uploads\/2019\/06\/kalpakian_casa4.jpg' title=\"Kalpakian Casa, un espacio para promover el dise\u00f1o interior profesional\" data-rl_title=\"Kalpakian Casa, un espacio para promover el dise\u00f1o interior profesional\" class=\"rl-gallery-link\" data-rl_caption=\"Kalpakian Casa, un espacio para promover el dise\u00f1o interior profesional\" data-rel=\"lightbox-gallery-1\"><img loading=\"lazy\" decoding=\"async\" width=\"150\" height=\"150\" src=\"https:\/\/www.arquimaster.com.ar\/web\/wp-content\/uploads\/2019\/06\/kalpakian_casa4-150x150.jpg\" class=\"attachment-thumbnail size-thumbnail\" alt=\"\" aria-describedby=\"gallery-1-47875\" \/><\/a>\n\t\t\t<\/div>\n\t\t\t\t<figcaption class='wp-caption-text gallery-caption' id='gallery-1-47875'>\n\t\t\t\tKalpakian Casa, un espacio para promover el dise\u00f1o interior profesional\n\t\t\t\t<\/figcaption><\/figure><figure class='gallery-item'>\n\t\t\t<div class='gallery-icon portrait'>\n\t\t\t\t<a href='https:\/\/www.arquimaster.com.ar\/web\/wp-content\/uploads\/2019\/06\/kalpakian_casa5.jpg' title=\"Kalpakian Casa, un espacio para promover el dise\u00f1o interior profesional\" data-rl_title=\"Kalpakian Casa, un espacio para promover el dise\u00f1o interior profesional\" class=\"rl-gallery-link\" data-rl_caption=\"Kalpakian Casa, un espacio para promover el dise\u00f1o interior profesional\" data-rel=\"lightbox-gallery-1\"><img loading=\"lazy\" decoding=\"async\" width=\"150\" height=\"150\" src=\"https:\/\/www.arquimaster.com.ar\/web\/wp-content\/uploads\/2019\/06\/kalpakian_casa5-150x150.jpg\" class=\"attachment-thumbnail size-thumbnail\" alt=\"\" aria-describedby=\"gallery-1-47876\" \/><\/a>\n\t\t\t<\/div>\n\t\t\t\t<figcaption class='wp-caption-text gallery-caption' id='gallery-1-47876'>\n\t\t\t\tKalpakian Casa, un espacio para promover el dise\u00f1o interior profesional\n\t\t\t\t<\/figcaption><\/figure>\n\t\t<\/div>\n\n<p>Los dise\u00f1adores y arquitectos convocados en esta primera etapa son Laura Ocampo y Fabi\u00e1n Tanferna; Cynthia De Winne; Julio Oropel y Jos\u00e9 Luis Zacarias Oti\u00f1ano; Zelmira Frers y Taller Kiri; Mar\u00eda Beatriz Gonz\u00e1lez Zuelgaray; Facundo Am\u00e1ndola; y Pia Fradusco. Cada ambiente fue creado y pensado por los profesionales argentinos utilizando componentes de Kalpakian -alfombras de pura lana, alfombras modulares, pisos de madera, pisos vin\u00edlicos, revestimientos de paredes, entre otros- y tambi\u00e9n objetos y muebles de otros creadores nacionales para aportar valor a cada propuesta.<\/p>\n<p>Comenzando por la recepci\u00f3n que est\u00e1 ambientada para vivir el interiorismo en profundidad:<\/p>\n<p>En el primer espacio, creado por el <strong>Estudio Ocampo-Tanferna<\/strong>, se encuentra un ambiente cl\u00e1sico y a su vez contempor\u00e1neo. La propuesta es un living o espacio de relajaci\u00f3n que cuenta con una mezcla de colores que permiten disfrutar de un lugar que seg\u00fan sus creadores \u00abtransmite alegr\u00eda\u00bb.<\/p>\n<p>El segundo espacio, dise\u00f1ado por el <strong>Estudio CDW<\/strong>, fue pensado para un cliente que disfruta del arte: un lugar de relax, lectura y apreciaci\u00f3n de obras con grandes dise\u00f1os, sin abarrotar el espacio.<\/p>\n<p>El tercer espacio -BLACK- creado por <strong>Estudio Oropel<\/strong>, es una propuesta envolvente, muy escenogr\u00e1fica, con revestimiento de pared en negro y cobre. La s\u00edntesis y austeridad de los recursos prim\u00f3 en el dise\u00f1o, que privilegia la calidad de los materiales y la simplicidad de la l\u00edneas y recursos.<\/p>\n<p>En el cuarto espacio nos encontramos con un comedor en clave contempor\u00e1nea y veraniega, con reminiscencias de un caf\u00e9 vien\u00e9s dise\u00f1ado por <strong>Zelmira Frers<\/strong> y <strong>Taller Kiri<\/strong>. Las posibilidades expresivas de las varillas de madera, utilizadas tanto como superficie o como volumen, se conjugan con el esp\u00edritu l\u00fadico y fresco del verde pistacho, a la vez que las sillas Thonet le dan un marco hist\u00f3rico y contrastante al espacio que conserva su calidez gracias al piso de madera.<\/p>\n<p>En el quinto espacio, creado por la <strong>Arquitecta Mar\u00eda Beatriz Gonz\u00e1lez Zuelgaray<\/strong>, se puede apreciar una propuesta para los amantes del arte, con una impactante combinaci\u00f3n del blanco y negro con sutiles toques de rojos, azules y verdes en cuadros y asientos.<\/p>\n<p>Sexto espacio: la colecci\u00f3n VULCANI creada por <strong>Ascolta Design<\/strong> est\u00e1 inspirada en los volcanes italianos y el acercamiento entre el dise\u00f1o y la magia de la naturaleza. Su est\u00e9tica est\u00e1 marcada por formas puras, detalles sutiles y superficies que imitan los rasgos de aquellos paisajes: el color de la lava, los bosques carbonizados por las erupciones, el cielo entre celeste y gris debido a las fumarolas, arribando al color beige de las viviendas circundantes.<\/p>\n<p>Por \u00faltimo, en el \u00faltimo y s\u00e9ptimo espacio, creado por <strong>Pia Fradusco<\/strong>, el dormitorio GREVE presenta un dise\u00f1o integral con colores blancos, grises, beiges y marrones. Un ambiente c\u00e1lido, inspirado en la relajaci\u00f3n y el descanso.<\/p>\n\n<div style=\"font-size: 0px; height: 0px; line-height: 0px; margin: 0; padding: 0; clear: both;\"><\/div><div style=\"margin-top: 0px; margin-bottom: 0px;\" class=\"sharethis-inline-share-buttons\" ><\/div>","protected":false},"excerpt":{"rendered":"<p>Espacios intervenidos por prestigiosos estudios de interiorismo&#8230;<\/p>\n","protected":false},"author":1,"featured_media":47871,"comment_status":"closed","ping_status":"closed","sticky":false,"template":"","format":"standard","meta":{"_uag_custom_page_level_css":"","footnotes":""},"categories":[55,56],"tags":[38,5292,5293],"class_list":["post-47869","post","type-post","status-publish","format-standard","has-post-thumbnail","hentry","category-diseno","category-diseno-interior-decoracion","tag-diseno-interior","tag-kalpakian","tag-kalpakian-casa","generate-columns","tablet-grid-50","mobile-grid-100","grid-parent","grid-50"],"yoast_head":"<!-- This site is optimized with the Yoast SEO plugin v27.3 - https:\/\/yoast.com\/product\/yoast-seo-wordpress\/ -->\n<title>Kalpakian Casa, un espacio para promover el dise\u00f1o interior profesional - Arquimaster<\/title>\n<meta name=\"description\" content=\"Espacios intervenidos por prestigiosos estudios de interiorismo del pa\u00eds que ir\u00e1n cambiando y renov\u00e1ndose a lo largo del a\u00f1o.\" \/>\n<meta name=\"robots\" content=\"index, follow, max-snippet:-1, max-image-preview:large, max-video-preview:-1\" \/>\n<link rel=\"canonical\" href=\"https:\/\/www.arquimaster.com.ar\/web\/kalpakian-casa-un-espacio-para-promover-el-diseno-interior-profesional\/\" \/>\n<meta property=\"og:locale\" content=\"es_ES\" \/>\n<meta property=\"og:type\" content=\"article\" \/>\n<meta property=\"og:title\" content=\"Kalpakian Casa, un espacio para promover el dise\u00f1o interior profesional\" \/>\n<meta property=\"og:description\" content=\"Espacios intervenidos por prestigiosos estudios de interiorismo del pa\u00eds que ir\u00e1n cambiando y renov\u00e1ndose a lo largo del a\u00f1o.\" \/>\n<meta property=\"og:url\" content=\"https:\/\/www.arquimaster.com.ar\/web\/kalpakian-casa-un-espacio-para-promover-el-diseno-interior-profesional\/\" \/>\n<meta property=\"og:site_name\" content=\"Arquimaster\" \/>\n<meta property=\"article:publisher\" content=\"http:\/\/www.facebook.com\/ARQUIMASTER.com.ar\" \/>\n<meta property=\"article:published_time\" content=\"2019-06-29T20:49:08+00:00\" \/>\n<meta property=\"article:modified_time\" content=\"2019-07-01T20:55:20+00:00\" \/>\n<meta property=\"og:image\" content=\"https:\/\/www.arquimaster.com.ar\/web\/wp-content\/uploads\/2019\/06\/kalpakian_casa_slide.jpg\" \/>\n\t<meta property=\"og:image:width\" content=\"698\" \/>\n\t<meta property=\"og:image:height\" content=\"364\" \/>\n\t<meta property=\"og:image:type\" content=\"image\/jpeg\" \/>\n<meta name=\"author\" content=\"Arquimaster\" \/>\n<meta name=\"twitter:card\" content=\"summary_large_image\" \/>\n<meta name=\"twitter:title\" content=\"Kalpakian Casa, un espacio para promover el dise\u00f1o interior profesional\" \/>\n<meta name=\"twitter:description\" content=\"Espacios intervenidos por prestigiosos estudios de interiorismo del pa\u00eds que ir\u00e1n cambiando y renov\u00e1ndose a lo largo del a\u00f1o.\" \/>\n<meta name=\"twitter:image\" content=\"https:\/\/www.arquimaster.com.ar\/web\/wp-content\/uploads\/2019\/06\/kalpakian_casa_slide.jpg\" \/>\n<meta name=\"twitter:creator\" content=\"@arquimaster\" \/>\n<meta name=\"twitter:site\" content=\"@arquimaster\" \/>\n<meta name=\"twitter:label1\" content=\"Escrito por\" \/>\n\t<meta name=\"twitter:data1\" content=\"Arquimaster\" \/>\n\t<meta name=\"twitter:label2\" content=\"Tiempo de lectura\" \/>\n\t<meta name=\"twitter:data2\" content=\"3 minutos\" \/>\n<script type=\"application\/ld+json\" class=\"yoast-schema-graph\">{\"@context\":\"https:\\\/\\\/schema.org\",\"@graph\":[{\"@type\":\"Article\",\"@id\":\"https:\\\/\\\/www.arquimaster.com.ar\\\/web\\\/kalpakian-casa-un-espacio-para-promover-el-diseno-interior-profesional\\\/#article\",\"isPartOf\":{\"@id\":\"https:\\\/\\\/www.arquimaster.com.ar\\\/web\\\/kalpakian-casa-un-espacio-para-promover-el-diseno-interior-profesional\\\/\"},\"author\":{\"name\":\"Arquimaster\",\"@id\":\"https:\\\/\\\/www.arquimaster.com.ar\\\/web\\\/#\\\/schema\\\/person\\\/359e9f7c00193fcde068e0dd2ceb0028\"},\"headline\":\"Kalpakian Casa, un espacio para promover el dise\u00f1o interior profesional\",\"datePublished\":\"2019-06-29T20:49:08+00:00\",\"dateModified\":\"2019-07-01T20:55:20+00:00\",\"mainEntityOfPage\":{\"@id\":\"https:\\\/\\\/www.arquimaster.com.ar\\\/web\\\/kalpakian-casa-un-espacio-para-promover-el-diseno-interior-profesional\\\/\"},\"wordCount\":645,\"publisher\":{\"@id\":\"https:\\\/\\\/www.arquimaster.com.ar\\\/web\\\/#organization\"},\"image\":{\"@id\":\"https:\\\/\\\/www.arquimaster.com.ar\\\/web\\\/kalpakian-casa-un-espacio-para-promover-el-diseno-interior-profesional\\\/#primaryimage\"},\"thumbnailUrl\":\"https:\\\/\\\/www.arquimaster.com.ar\\\/web\\\/wp-content\\\/uploads\\\/2019\\\/06\\\/kalpakian_casa_slide.jpg\",\"keywords\":[\"dise\u00f1o interior\",\"Kalpakian\",\"Kalpakian Casa\"],\"articleSection\":[\"Dise\u00f1o\",\"Dise\u00f1o interior y decoracion\"],\"inLanguage\":\"es\"},{\"@type\":\"WebPage\",\"@id\":\"https:\\\/\\\/www.arquimaster.com.ar\\\/web\\\/kalpakian-casa-un-espacio-para-promover-el-diseno-interior-profesional\\\/\",\"url\":\"https:\\\/\\\/www.arquimaster.com.ar\\\/web\\\/kalpakian-casa-un-espacio-para-promover-el-diseno-interior-profesional\\\/\",\"name\":\"Kalpakian Casa, un espacio para promover el dise\u00f1o interior profesional - Arquimaster\",\"isPartOf\":{\"@id\":\"https:\\\/\\\/www.arquimaster.com.ar\\\/web\\\/#website\"},\"primaryImageOfPage\":{\"@id\":\"https:\\\/\\\/www.arquimaster.com.ar\\\/web\\\/kalpakian-casa-un-espacio-para-promover-el-diseno-interior-profesional\\\/#primaryimage\"},\"image\":{\"@id\":\"https:\\\/\\\/www.arquimaster.com.ar\\\/web\\\/kalpakian-casa-un-espacio-para-promover-el-diseno-interior-profesional\\\/#primaryimage\"},\"thumbnailUrl\":\"https:\\\/\\\/www.arquimaster.com.ar\\\/web\\\/wp-content\\\/uploads\\\/2019\\\/06\\\/kalpakian_casa_slide.jpg\",\"datePublished\":\"2019-06-29T20:49:08+00:00\",\"dateModified\":\"2019-07-01T20:55:20+00:00\",\"description\":\"Espacios intervenidos por prestigiosos estudios de interiorismo del pa\u00eds que ir\u00e1n cambiando y renov\u00e1ndose a lo largo del a\u00f1o.\",\"breadcrumb\":{\"@id\":\"https:\\\/\\\/www.arquimaster.com.ar\\\/web\\\/kalpakian-casa-un-espacio-para-promover-el-diseno-interior-profesional\\\/#breadcrumb\"},\"inLanguage\":\"es\",\"potentialAction\":[{\"@type\":\"ReadAction\",\"target\":[\"https:\\\/\\\/www.arquimaster.com.ar\\\/web\\\/kalpakian-casa-un-espacio-para-promover-el-diseno-interior-profesional\\\/\"]}]},{\"@type\":\"ImageObject\",\"inLanguage\":\"es\",\"@id\":\"https:\\\/\\\/www.arquimaster.com.ar\\\/web\\\/kalpakian-casa-un-espacio-para-promover-el-diseno-interior-profesional\\\/#primaryimage\",\"url\":\"https:\\\/\\\/www.arquimaster.com.ar\\\/web\\\/wp-content\\\/uploads\\\/2019\\\/06\\\/kalpakian_casa_slide.jpg\",\"contentUrl\":\"https:\\\/\\\/www.arquimaster.com.ar\\\/web\\\/wp-content\\\/uploads\\\/2019\\\/06\\\/kalpakian_casa_slide.jpg\",\"width\":698,\"height\":364},{\"@type\":\"BreadcrumbList\",\"@id\":\"https:\\\/\\\/www.arquimaster.com.ar\\\/web\\\/kalpakian-casa-un-espacio-para-promover-el-diseno-interior-profesional\\\/#breadcrumb\",\"itemListElement\":[{\"@type\":\"ListItem\",\"position\":1,\"name\":\"Portada\",\"item\":\"https:\\\/\\\/www.arquimaster.com.ar\\\/web\\\/\"},{\"@type\":\"ListItem\",\"position\":2,\"name\":\"Kalpakian Casa, un espacio para promover el dise\u00f1o interior profesional\"}]},{\"@type\":\"WebSite\",\"@id\":\"https:\\\/\\\/www.arquimaster.com.ar\\\/web\\\/#website\",\"url\":\"https:\\\/\\\/www.arquimaster.com.ar\\\/web\\\/\",\"name\":\"Arquimaster\",\"description\":\"Web de arquitectura, dise\u00f1o y construccion\",\"publisher\":{\"@id\":\"https:\\\/\\\/www.arquimaster.com.ar\\\/web\\\/#organization\"},\"potentialAction\":[{\"@type\":\"SearchAction\",\"target\":{\"@type\":\"EntryPoint\",\"urlTemplate\":\"https:\\\/\\\/www.arquimaster.com.ar\\\/web\\\/?s={search_term_string}\"},\"query-input\":{\"@type\":\"PropertyValueSpecification\",\"valueRequired\":true,\"valueName\":\"search_term_string\"}}],\"inLanguage\":\"es\"},{\"@type\":\"Organization\",\"@id\":\"https:\\\/\\\/www.arquimaster.com.ar\\\/web\\\/#organization\",\"name\":\"Arquimaster\",\"url\":\"https:\\\/\\\/www.arquimaster.com.ar\\\/web\\\/\",\"logo\":{\"@type\":\"ImageObject\",\"inLanguage\":\"es\",\"@id\":\"https:\\\/\\\/www.arquimaster.com.ar\\\/web\\\/#\\\/schema\\\/logo\\\/image\\\/\",\"url\":\"https:\\\/\\\/www.arquimaster.com.ar\\\/web\\\/wp-content\\\/uploads\\\/2022\\\/06\\\/arquimaster.png\",\"contentUrl\":\"https:\\\/\\\/www.arquimaster.com.ar\\\/web\\\/wp-content\\\/uploads\\\/2022\\\/06\\\/arquimaster.png\",\"width\":594,\"height\":78,\"caption\":\"Arquimaster\"},\"image\":{\"@id\":\"https:\\\/\\\/www.arquimaster.com.ar\\\/web\\\/#\\\/schema\\\/logo\\\/image\\\/\"},\"sameAs\":[\"http:\\\/\\\/www.facebook.com\\\/ARQUIMASTER.com.ar\",\"https:\\\/\\\/x.com\\\/arquimaster\",\"https:\\\/\\\/www.instagram.com\\\/arquimasterblog\\\/\",\"https:\\\/\\\/www.linkedin.com\\\/company\\\/arquimaster\",\"https:\\\/\\\/www.pinterest.com\\\/arquimaster\",\"https:\\\/\\\/t.me\\\/arquimaster\"]},{\"@type\":\"Person\",\"@id\":\"https:\\\/\\\/www.arquimaster.com.ar\\\/web\\\/#\\\/schema\\\/person\\\/359e9f7c00193fcde068e0dd2ceb0028\",\"name\":\"Arquimaster\"}]}<\/script>\n<!-- \/ Yoast SEO plugin. -->","yoast_head_json":{"title":"Kalpakian Casa, un espacio para promover el dise\u00f1o interior profesional - Arquimaster","description":"Espacios intervenidos por prestigiosos estudios de interiorismo del pa\u00eds que ir\u00e1n cambiando y renov\u00e1ndose a lo largo del a\u00f1o.","robots":{"index":"index","follow":"follow","max-snippet":"max-snippet:-1","max-image-preview":"max-image-preview:large","max-video-preview":"max-video-preview:-1"},"canonical":"https:\/\/www.arquimaster.com.ar\/web\/kalpakian-casa-un-espacio-para-promover-el-diseno-interior-profesional\/","og_locale":"es_ES","og_type":"article","og_title":"Kalpakian Casa, un espacio para promover el dise\u00f1o interior profesional","og_description":"Espacios intervenidos por prestigiosos estudios de interiorismo del pa\u00eds que ir\u00e1n cambiando y renov\u00e1ndose a lo largo del a\u00f1o.","og_url":"https:\/\/www.arquimaster.com.ar\/web\/kalpakian-casa-un-espacio-para-promover-el-diseno-interior-profesional\/","og_site_name":"Arquimaster","article_publisher":"http:\/\/www.facebook.com\/ARQUIMASTER.com.ar","article_published_time":"2019-06-29T20:49:08+00:00","article_modified_time":"2019-07-01T20:55:20+00:00","og_image":[{"width":698,"height":364,"url":"https:\/\/www.arquimaster.com.ar\/web\/wp-content\/uploads\/2019\/06\/kalpakian_casa_slide.jpg","type":"image\/jpeg"}],"author":"Arquimaster","twitter_card":"summary_large_image","twitter_title":"Kalpakian Casa, un espacio para promover el dise\u00f1o interior profesional","twitter_description":"Espacios intervenidos por prestigiosos estudios de interiorismo del pa\u00eds que ir\u00e1n cambiando y renov\u00e1ndose a lo largo del a\u00f1o.","twitter_image":"https:\/\/www.arquimaster.com.ar\/web\/wp-content\/uploads\/2019\/06\/kalpakian_casa_slide.jpg","twitter_creator":"@arquimaster","twitter_site":"@arquimaster","twitter_misc":{"Escrito por":"Arquimaster","Tiempo de lectura":"3 minutos"},"schema":{"@context":"https:\/\/schema.org","@graph":[{"@type":"Article","@id":"https:\/\/www.arquimaster.com.ar\/web\/kalpakian-casa-un-espacio-para-promover-el-diseno-interior-profesional\/#article","isPartOf":{"@id":"https:\/\/www.arquimaster.com.ar\/web\/kalpakian-casa-un-espacio-para-promover-el-diseno-interior-profesional\/"},"author":{"name":"Arquimaster","@id":"https:\/\/www.arquimaster.com.ar\/web\/#\/schema\/person\/359e9f7c00193fcde068e0dd2ceb0028"},"headline":"Kalpakian Casa, un espacio para promover el dise\u00f1o interior profesional","datePublished":"2019-06-29T20:49:08+00:00","dateModified":"2019-07-01T20:55:20+00:00","mainEntityOfPage":{"@id":"https:\/\/www.arquimaster.com.ar\/web\/kalpakian-casa-un-espacio-para-promover-el-diseno-interior-profesional\/"},"wordCount":645,"publisher":{"@id":"https:\/\/www.arquimaster.com.ar\/web\/#organization"},"image":{"@id":"https:\/\/www.arquimaster.com.ar\/web\/kalpakian-casa-un-espacio-para-promover-el-diseno-interior-profesional\/#primaryimage"},"thumbnailUrl":"https:\/\/www.arquimaster.com.ar\/web\/wp-content\/uploads\/2019\/06\/kalpakian_casa_slide.jpg","keywords":["dise\u00f1o interior","Kalpakian","Kalpakian Casa"],"articleSection":["Dise\u00f1o","Dise\u00f1o interior y decoracion"],"inLanguage":"es"},{"@type":"WebPage","@id":"https:\/\/www.arquimaster.com.ar\/web\/kalpakian-casa-un-espacio-para-promover-el-diseno-interior-profesional\/","url":"https:\/\/www.arquimaster.com.ar\/web\/kalpakian-casa-un-espacio-para-promover-el-diseno-interior-profesional\/","name":"Kalpakian Casa, un espacio para promover el dise\u00f1o interior profesional - Arquimaster","isPartOf":{"@id":"https:\/\/www.arquimaster.com.ar\/web\/#website"},"primaryImageOfPage":{"@id":"https:\/\/www.arquimaster.com.ar\/web\/kalpakian-casa-un-espacio-para-promover-el-diseno-interior-profesional\/#primaryimage"},"image":{"@id":"https:\/\/www.arquimaster.com.ar\/web\/kalpakian-casa-un-espacio-para-promover-el-diseno-interior-profesional\/#primaryimage"},"thumbnailUrl":"https:\/\/www.arquimaster.com.ar\/web\/wp-content\/uploads\/2019\/06\/kalpakian_casa_slide.jpg","datePublished":"2019-06-29T20:49:08+00:00","dateModified":"2019-07-01T20:55:20+00:00","description":"Espacios intervenidos por prestigiosos estudios de interiorismo del pa\u00eds que ir\u00e1n cambiando y renov\u00e1ndose a lo largo del a\u00f1o.","breadcrumb":{"@id":"https:\/\/www.arquimaster.com.ar\/web\/kalpakian-casa-un-espacio-para-promover-el-diseno-interior-profesional\/#breadcrumb"},"inLanguage":"es","potentialAction":[{"@type":"ReadAction","target":["https:\/\/www.arquimaster.com.ar\/web\/kalpakian-casa-un-espacio-para-promover-el-diseno-interior-profesional\/"]}]},{"@type":"ImageObject","inLanguage":"es","@id":"https:\/\/www.arquimaster.com.ar\/web\/kalpakian-casa-un-espacio-para-promover-el-diseno-interior-profesional\/#primaryimage","url":"https:\/\/www.arquimaster.com.ar\/web\/wp-content\/uploads\/2019\/06\/kalpakian_casa_slide.jpg","contentUrl":"https:\/\/www.arquimaster.com.ar\/web\/wp-content\/uploads\/2019\/06\/kalpakian_casa_slide.jpg","width":698,"height":364},{"@type":"BreadcrumbList","@id":"https:\/\/www.arquimaster.com.ar\/web\/kalpakian-casa-un-espacio-para-promover-el-diseno-interior-profesional\/#breadcrumb","itemListElement":[{"@type":"ListItem","position":1,"name":"Portada","item":"https:\/\/www.arquimaster.com.ar\/web\/"},{"@type":"ListItem","position":2,"name":"Kalpakian Casa, un espacio para promover el dise\u00f1o interior profesional"}]},{"@type":"WebSite","@id":"https:\/\/www.arquimaster.com.ar\/web\/#website","url":"https:\/\/www.arquimaster.com.ar\/web\/","name":"Arquimaster","description":"Web de arquitectura, dise\u00f1o y construccion","publisher":{"@id":"https:\/\/www.arquimaster.com.ar\/web\/#organization"},"potentialAction":[{"@type":"SearchAction","target":{"@type":"EntryPoint","urlTemplate":"https:\/\/www.arquimaster.com.ar\/web\/?s={search_term_string}"},"query-input":{"@type":"PropertyValueSpecification","valueRequired":true,"valueName":"search_term_string"}}],"inLanguage":"es"},{"@type":"Organization","@id":"https:\/\/www.arquimaster.com.ar\/web\/#organization","name":"Arquimaster","url":"https:\/\/www.arquimaster.com.ar\/web\/","logo":{"@type":"ImageObject","inLanguage":"es","@id":"https:\/\/www.arquimaster.com.ar\/web\/#\/schema\/logo\/image\/","url":"https:\/\/www.arquimaster.com.ar\/web\/wp-content\/uploads\/2022\/06\/arquimaster.png","contentUrl":"https:\/\/www.arquimaster.com.ar\/web\/wp-content\/uploads\/2022\/06\/arquimaster.png","width":594,"height":78,"caption":"Arquimaster"},"image":{"@id":"https:\/\/www.arquimaster.com.ar\/web\/#\/schema\/logo\/image\/"},"sameAs":["http:\/\/www.facebook.com\/ARQUIMASTER.com.ar","https:\/\/x.com\/arquimaster","https:\/\/www.instagram.com\/arquimasterblog\/","https:\/\/www.linkedin.com\/company\/arquimaster","https:\/\/www.pinterest.com\/arquimaster","https:\/\/t.me\/arquimaster"]},{"@type":"Person","@id":"https:\/\/www.arquimaster.com.ar\/web\/#\/schema\/person\/359e9f7c00193fcde068e0dd2ceb0028","name":"Arquimaster"}]}},"uagb_featured_image_src":{"full":["https:\/\/www.arquimaster.com.ar\/web\/wp-content\/uploads\/2019\/06\/kalpakian_casa_slide.jpg",698,364,false],"thumbnail":["https:\/\/www.arquimaster.com.ar\/web\/wp-content\/uploads\/2019\/06\/kalpakian_casa_slide-150x150.jpg",150,150,true],"medium":["https:\/\/www.arquimaster.com.ar\/web\/wp-content\/uploads\/2019\/06\/kalpakian_casa_slide.jpg",698,364,false],"medium_large":["https:\/\/www.arquimaster.com.ar\/web\/wp-content\/uploads\/2019\/06\/kalpakian_casa_slide.jpg",698,364,false],"large":["https:\/\/www.arquimaster.com.ar\/web\/wp-content\/uploads\/2019\/06\/kalpakian_casa_slide.jpg",698,364,false],"1536x1536":["https:\/\/www.arquimaster.com.ar\/web\/wp-content\/uploads\/2019\/06\/kalpakian_casa_slide.jpg",698,364,false],"2048x2048":["https:\/\/www.arquimaster.com.ar\/web\/wp-content\/uploads\/2019\/06\/kalpakian_casa_slide.jpg",698,364,false]},"uagb_author_info":{"display_name":"Arquimaster","author_link":"https:\/\/www.arquimaster.com.ar\/web\/author\/arquimaster\/"},"uagb_comment_info":0,"uagb_excerpt":"Espacios intervenidos por prestigiosos estudios de interiorismo...","_links":{"self":[{"href":"https:\/\/www.arquimaster.com.ar\/web\/wp-json\/wp\/v2\/posts\/47869","targetHints":{"allow":["GET"]}}],"collection":[{"href":"https:\/\/www.arquimaster.com.ar\/web\/wp-json\/wp\/v2\/posts"}],"about":[{"href":"https:\/\/www.arquimaster.com.ar\/web\/wp-json\/wp\/v2\/types\/post"}],"author":[{"embeddable":true,"href":"https:\/\/www.arquimaster.com.ar\/web\/wp-json\/wp\/v2\/users\/1"}],"replies":[{"embeddable":true,"href":"https:\/\/www.arquimaster.com.ar\/web\/wp-json\/wp\/v2\/comments?post=47869"}],"version-history":[{"count":2,"href":"https:\/\/www.arquimaster.com.ar\/web\/wp-json\/wp\/v2\/posts\/47869\/revisions"}],"predecessor-version":[{"id":47877,"href":"https:\/\/www.arquimaster.com.ar\/web\/wp-json\/wp\/v2\/posts\/47869\/revisions\/47877"}],"wp:featuredmedia":[{"embeddable":true,"href":"https:\/\/www.arquimaster.com.ar\/web\/wp-json\/wp\/v2\/media\/47871"}],"wp:attachment":[{"href":"https:\/\/www.arquimaster.com.ar\/web\/wp-json\/wp\/v2\/media?parent=47869"}],"wp:term":[{"taxonomy":"category","embeddable":true,"href":"https:\/\/www.arquimaster.com.ar\/web\/wp-json\/wp\/v2\/categories?post=47869"},{"taxonomy":"post_tag","embeddable":true,"href":"https:\/\/www.arquimaster.com.ar\/web\/wp-json\/wp\/v2\/tags?post=47869"}],"curies":[{"name":"wp","href":"https:\/\/api.w.org\/{rel}","templated":true}]}}