{"id":48135,"date":"2019-03-26T13:39:02","date_gmt":"2019-03-26T16:39:02","guid":{"rendered":"https:\/\/www.arquimaster.com.ar\/web\/?p=48135"},"modified":"2019-07-06T13:44:51","modified_gmt":"2019-07-06T16:44:51","slug":"luccianos-inaugura-su-nuevo-local-en-nordelta-con-aires-de-nueva-york","status":"publish","type":"post","link":"https:\/\/www.arquimaster.com.ar\/web\/luccianos-inaugura-su-nuevo-local-en-nordelta-con-aires-de-nueva-york\/","title":{"rendered":"Lucciano&#8217;s inaugura su nuevo local en Nordelta, con aires de Nueva York"},"content":{"rendered":"<div style=\"margin-top: 0px; margin-bottom: 0px;\" class=\"sharethis-inline-share-buttons\" ><\/div><div class=\"b812932af2e751442846f039925109de\" data-index=\"1\" style=\"float: none; margin:25px 0 25px 0; text-align:center;\">\n<script async src=\"https:\/\/pagead2.googlesyndication.com\/pagead\/js\/adsbygoogle.js\"><\/script>\r\n<!-- Arquimaster (superior) -->\r\n<ins class=\"adsbygoogle\"\r\n     style=\"display:block\"\r\n     data-ad-client=\"ca-pub-6351072698456832\"\r\n     data-ad-slot=\"6455489680\"\r\n     data-ad-format=\"auto\"\r\n     data-full-width-responsive=\"true\"><\/ins>\r\n<script>\r\n     (adsbygoogle = window.adsbygoogle || []).push({});\r\n<\/script>\n<\/div>\n<p><em><strong>La reconocida marca de helado premium, que ya cuenta con 33 locales en la Provincia de Buenos Aires, Santa Fe y Chaco, abri\u00f3 una nueva tienda en el barrio de Nordelta que transportar\u00e1 a los amantes del helado directamente a la cl\u00e1sica ciudad norteamericana.<\/strong><\/em><\/p>\n<p>Desde el desembarco en la ciudad de Buenos Aires en 2015, <strong>Lucciano&#8217;s<\/strong> no ha parado de expandirse. Con el objetivo de abrir 12 sucursales por a\u00f1o, en esta oportunidad, la tradicional <strong>helader\u00eda artesanal<\/strong> comienza el 2019 con la inauguraci\u00f3n de su nueva tienda en <strong>Nordelta<\/strong>, cuyos detalles se inspiran en el ambiente caracter\u00edstico de Nueva York.<\/p>\n<div id='gallery-1' class='gallery galleryid-48135 gallery-columns-3 gallery-size-thumbnail'><figure class='gallery-item'>\n\t\t\t<div class='gallery-icon landscape'>\n\t\t\t\t<a href='https:\/\/www.arquimaster.com.ar\/web\/wp-content\/uploads\/2019\/03\/luccianos_nordelta1.jpg' title=\"Lucciano&#039;s inaugura su nuevo local en Nordelta, con aires de Nueva York\" data-rl_title=\"Lucciano&#039;s inaugura su nuevo local en Nordelta, con aires de Nueva York\" class=\"rl-gallery-link\" data-rl_caption=\"Lucciano&#039;s inaugura su nuevo local en Nordelta, con aires de Nueva York\" data-rel=\"lightbox-gallery-1\"><img loading=\"lazy\" decoding=\"async\" width=\"150\" height=\"150\" src=\"https:\/\/www.arquimaster.com.ar\/web\/wp-content\/uploads\/2019\/03\/luccianos_nordelta1-150x150.jpg\" class=\"attachment-thumbnail size-thumbnail\" alt=\"\" aria-describedby=\"gallery-1-48139\" \/><\/a>\n\t\t\t<\/div>\n\t\t\t\t<figcaption class='wp-caption-text gallery-caption' id='gallery-1-48139'>\n\t\t\t\tLucciano&#8217;s inaugura su nuevo local en Nordelta, con aires de Nueva York\n\t\t\t\t<\/figcaption><\/figure><figure class='gallery-item'>\n\t\t\t<div class='gallery-icon landscape'>\n\t\t\t\t<a href='https:\/\/www.arquimaster.com.ar\/web\/wp-content\/uploads\/2019\/03\/luccianos_nordelta2.jpg' title=\"Lucciano&#039;s inaugura su nuevo local en Nordelta, con aires de Nueva York\" data-rl_title=\"Lucciano&#039;s inaugura su nuevo local en Nordelta, con aires de Nueva York\" class=\"rl-gallery-link\" data-rl_caption=\"Lucciano&#039;s inaugura su nuevo local en Nordelta, con aires de Nueva York\" data-rel=\"lightbox-gallery-1\"><img loading=\"lazy\" decoding=\"async\" width=\"150\" height=\"150\" src=\"https:\/\/www.arquimaster.com.ar\/web\/wp-content\/uploads\/2019\/03\/luccianos_nordelta2-150x150.jpg\" class=\"attachment-thumbnail size-thumbnail\" alt=\"\" aria-describedby=\"gallery-1-48140\" \/><\/a>\n\t\t\t<\/div>\n\t\t\t\t<figcaption class='wp-caption-text gallery-caption' id='gallery-1-48140'>\n\t\t\t\tLucciano&#8217;s inaugura su nuevo local en Nordelta, con aires de Nueva York\n\t\t\t\t<\/figcaption><\/figure><figure class='gallery-item'>\n\t\t\t<div class='gallery-icon landscape'>\n\t\t\t\t<a href='https:\/\/www.arquimaster.com.ar\/web\/wp-content\/uploads\/2019\/03\/luccianos_nordelta3.jpg' title=\"Lucciano&#039;s inaugura su nuevo local en Nordelta, con aires de Nueva York\" data-rl_title=\"Lucciano&#039;s inaugura su nuevo local en Nordelta, con aires de Nueva York\" class=\"rl-gallery-link\" data-rl_caption=\"Lucciano&#039;s inaugura su nuevo local en Nordelta, con aires de Nueva York\" data-rel=\"lightbox-gallery-1\"><img loading=\"lazy\" decoding=\"async\" width=\"150\" height=\"150\" src=\"https:\/\/www.arquimaster.com.ar\/web\/wp-content\/uploads\/2019\/03\/luccianos_nordelta3-150x150.jpg\" class=\"attachment-thumbnail size-thumbnail\" alt=\"\" aria-describedby=\"gallery-1-48137\" \/><\/a>\n\t\t\t<\/div>\n\t\t\t\t<figcaption class='wp-caption-text gallery-caption' id='gallery-1-48137'>\n\t\t\t\tLucciano&#8217;s inaugura su nuevo local en Nordelta, con aires de Nueva York\n\t\t\t\t<\/figcaption><\/figure>\n\t\t<\/div>\n\n<p>El local N\u00ba 33 de la cadena es producto de un proyecto de seis meses y de una inversi\u00f3n de 15 millones de pesos. Su imagen est\u00e1 a cargo de la arquitecta <strong>Gretel Ferro<\/strong> y del <strong>equipo de dise\u00f1o in-house<\/strong> que lleva un largo camino recorrido junto a la marca.<\/p>\n<p>Sin prescindir del sello est\u00e9tico propio de todos sus locales, el nuevo espacio de Lucciano&#8217;s cuenta con un estilo ecl\u00e9ctico, que fusiona aspectos modernos con gui\u00f1os de distintas d\u00e9cadas convirti\u00e9ndolo en una pieza \u00fanica y original.<\/p>\n<p><em>\u00abNos divertimos proyectando y dise\u00f1ando cada local. Cada uno tiene que brindarle una experiencia diferente de consumo a nuestros seguidores. En este caso recreamos un Motel de Nueva York brindando una experiencia interactiva \u00fanica. Es una puesta en escena in\u00e9dita para un local comercial donde han trabajado m\u00e1s de 20 actores\u00bb<\/em>, se\u00f1al\u00f3 Christian Otero, Director de la marca.<\/p>\n<p>Calidad e innovaci\u00f3n son los dos pilares sobre los que Lucciano&#8217;s contin\u00faa afianzando su crecimiento en la Argentina, ofreciendo productos elaborados por los mejores maestros heladeros con la \u00faltima tecnolog\u00eda.<\/p>\n\n<div style=\"font-size: 0px; height: 0px; line-height: 0px; margin: 0; padding: 0; clear: both;\"><\/div><div style=\"margin-top: 0px; margin-bottom: 0px;\" class=\"sharethis-inline-share-buttons\" ><\/div>","protected":false},"excerpt":{"rendered":"<p>El nuevo espacio cuenta con un estilo ecl\u00e9ctico, que fusiona aspectos modernos&#8230;<\/p>\n","protected":false},"author":1,"featured_media":48138,"comment_status":"closed","ping_status":"closed","sticky":false,"template":"","format":"standard","meta":{"_uag_custom_page_level_css":"","footnotes":""},"categories":[40,65],"tags":[1233,5341,5153,1513,5339,984],"class_list":["post-48135","post","type-post","status-publish","format-standard","has-post-thumbnail","hentry","category-construccion","category-sector-inmobiliario","tag-arquitectura-comercial-2","tag-gretel-ferro","tag-heladeria","tag-local-comercial","tag-luccianos","tag-nordelta","generate-columns","tablet-grid-50","mobile-grid-100","grid-parent","grid-50"],"yoast_head":"<!-- This site is optimized with the Yoast SEO plugin v27.3 - https:\/\/yoast.com\/product\/yoast-seo-wordpress\/ -->\n<title>Lucciano&#039;s inaugura su nuevo local en Nordelta, con aires de Nueva York - Arquimaster<\/title>\n<meta name=\"description\" content=\"El nuevo espacio de Lucciano&#039;s cuenta con un estilo ecl\u00e9ctico, que fusiona aspectos modernos con gui\u00f1os de distintas d\u00e9cadas convirti\u00e9ndolo en una pieza \u00fanica y original.\" \/>\n<meta name=\"robots\" content=\"index, follow, max-snippet:-1, max-image-preview:large, max-video-preview:-1\" \/>\n<link rel=\"canonical\" href=\"https:\/\/www.arquimaster.com.ar\/web\/luccianos-inaugura-su-nuevo-local-en-nordelta-con-aires-de-nueva-york\/\" \/>\n<meta property=\"og:locale\" content=\"es_ES\" \/>\n<meta property=\"og:type\" content=\"article\" \/>\n<meta property=\"og:title\" content=\"Lucciano&#039;s inaugura su nuevo local en Nordelta, con aires de Nueva York\" \/>\n<meta property=\"og:description\" content=\"El nuevo espacio de Lucciano&#039;s cuenta con un estilo ecl\u00e9ctico, que fusiona aspectos modernos con gui\u00f1os de distintas d\u00e9cadas convirti\u00e9ndolo en una pieza \u00fanica y original.\" \/>\n<meta property=\"og:url\" content=\"https:\/\/www.arquimaster.com.ar\/web\/luccianos-inaugura-su-nuevo-local-en-nordelta-con-aires-de-nueva-york\/\" \/>\n<meta property=\"og:site_name\" content=\"Arquimaster\" \/>\n<meta property=\"article:publisher\" content=\"http:\/\/www.facebook.com\/ARQUIMASTER.com.ar\" \/>\n<meta property=\"article:published_time\" content=\"2019-03-26T16:39:02+00:00\" \/>\n<meta property=\"article:modified_time\" content=\"2019-07-06T16:44:51+00:00\" \/>\n<meta property=\"og:image\" content=\"https:\/\/www.arquimaster.com.ar\/web\/wp-content\/uploads\/2019\/03\/luccianos_nordelta_slide.jpg\" \/>\n\t<meta property=\"og:image:width\" content=\"698\" \/>\n\t<meta property=\"og:image:height\" content=\"364\" \/>\n\t<meta property=\"og:image:type\" content=\"image\/jpeg\" \/>\n<meta name=\"author\" content=\"Arquimaster\" \/>\n<meta name=\"twitter:card\" content=\"summary_large_image\" \/>\n<meta name=\"twitter:title\" content=\"Lucciano&#039;s inaugura su nuevo local en Nordelta, con aires de Nueva York\" \/>\n<meta name=\"twitter:description\" content=\"El nuevo espacio de Lucciano&#039;s cuenta con un estilo ecl\u00e9ctico, que fusiona aspectos modernos con gui\u00f1os de distintas d\u00e9cadas convirti\u00e9ndolo en una pieza \u00fanica y original.\" \/>\n<meta name=\"twitter:image\" content=\"https:\/\/www.arquimaster.com.ar\/web\/wp-content\/uploads\/2019\/03\/luccianos_nordelta_slide.jpg\" \/>\n<meta name=\"twitter:creator\" content=\"@arquimaster\" \/>\n<meta name=\"twitter:site\" content=\"@arquimaster\" \/>\n<meta name=\"twitter:label1\" content=\"Escrito por\" \/>\n\t<meta name=\"twitter:data1\" content=\"Arquimaster\" \/>\n\t<meta name=\"twitter:label2\" content=\"Tiempo de lectura\" \/>\n\t<meta name=\"twitter:data2\" content=\"1 minuto\" \/>\n<script type=\"application\/ld+json\" class=\"yoast-schema-graph\">{\"@context\":\"https:\\\/\\\/schema.org\",\"@graph\":[{\"@type\":\"Article\",\"@id\":\"https:\\\/\\\/www.arquimaster.com.ar\\\/web\\\/luccianos-inaugura-su-nuevo-local-en-nordelta-con-aires-de-nueva-york\\\/#article\",\"isPartOf\":{\"@id\":\"https:\\\/\\\/www.arquimaster.com.ar\\\/web\\\/luccianos-inaugura-su-nuevo-local-en-nordelta-con-aires-de-nueva-york\\\/\"},\"author\":{\"name\":\"Arquimaster\",\"@id\":\"https:\\\/\\\/www.arquimaster.com.ar\\\/web\\\/#\\\/schema\\\/person\\\/359e9f7c00193fcde068e0dd2ceb0028\"},\"headline\":\"Lucciano&#8217;s inaugura su nuevo local en Nordelta, con aires de Nueva York\",\"datePublished\":\"2019-03-26T16:39:02+00:00\",\"dateModified\":\"2019-07-06T16:44:51+00:00\",\"mainEntityOfPage\":{\"@id\":\"https:\\\/\\\/www.arquimaster.com.ar\\\/web\\\/luccianos-inaugura-su-nuevo-local-en-nordelta-con-aires-de-nueva-york\\\/\"},\"wordCount\":306,\"publisher\":{\"@id\":\"https:\\\/\\\/www.arquimaster.com.ar\\\/web\\\/#organization\"},\"image\":{\"@id\":\"https:\\\/\\\/www.arquimaster.com.ar\\\/web\\\/luccianos-inaugura-su-nuevo-local-en-nordelta-con-aires-de-nueva-york\\\/#primaryimage\"},\"thumbnailUrl\":\"https:\\\/\\\/www.arquimaster.com.ar\\\/web\\\/wp-content\\\/uploads\\\/2019\\\/03\\\/luccianos_nordelta_slide.jpg\",\"keywords\":[\"arquitectura comercial\",\"Gretel Ferro\",\"helader\u00eda\",\"locales comerciales\",\"Lucciano&#039;s\",\"Nordelta\"],\"articleSection\":[\"Construccion\",\"Sector inmobiliario y constructoras\"],\"inLanguage\":\"es\"},{\"@type\":\"WebPage\",\"@id\":\"https:\\\/\\\/www.arquimaster.com.ar\\\/web\\\/luccianos-inaugura-su-nuevo-local-en-nordelta-con-aires-de-nueva-york\\\/\",\"url\":\"https:\\\/\\\/www.arquimaster.com.ar\\\/web\\\/luccianos-inaugura-su-nuevo-local-en-nordelta-con-aires-de-nueva-york\\\/\",\"name\":\"Lucciano's inaugura su nuevo local en Nordelta, con aires de Nueva York - Arquimaster\",\"isPartOf\":{\"@id\":\"https:\\\/\\\/www.arquimaster.com.ar\\\/web\\\/#website\"},\"primaryImageOfPage\":{\"@id\":\"https:\\\/\\\/www.arquimaster.com.ar\\\/web\\\/luccianos-inaugura-su-nuevo-local-en-nordelta-con-aires-de-nueva-york\\\/#primaryimage\"},\"image\":{\"@id\":\"https:\\\/\\\/www.arquimaster.com.ar\\\/web\\\/luccianos-inaugura-su-nuevo-local-en-nordelta-con-aires-de-nueva-york\\\/#primaryimage\"},\"thumbnailUrl\":\"https:\\\/\\\/www.arquimaster.com.ar\\\/web\\\/wp-content\\\/uploads\\\/2019\\\/03\\\/luccianos_nordelta_slide.jpg\",\"datePublished\":\"2019-03-26T16:39:02+00:00\",\"dateModified\":\"2019-07-06T16:44:51+00:00\",\"description\":\"El nuevo espacio de Lucciano's cuenta con un estilo ecl\u00e9ctico, que fusiona aspectos modernos con gui\u00f1os de distintas d\u00e9cadas convirti\u00e9ndolo en una pieza \u00fanica y original.\",\"breadcrumb\":{\"@id\":\"https:\\\/\\\/www.arquimaster.com.ar\\\/web\\\/luccianos-inaugura-su-nuevo-local-en-nordelta-con-aires-de-nueva-york\\\/#breadcrumb\"},\"inLanguage\":\"es\",\"potentialAction\":[{\"@type\":\"ReadAction\",\"target\":[\"https:\\\/\\\/www.arquimaster.com.ar\\\/web\\\/luccianos-inaugura-su-nuevo-local-en-nordelta-con-aires-de-nueva-york\\\/\"]}]},{\"@type\":\"ImageObject\",\"inLanguage\":\"es\",\"@id\":\"https:\\\/\\\/www.arquimaster.com.ar\\\/web\\\/luccianos-inaugura-su-nuevo-local-en-nordelta-con-aires-de-nueva-york\\\/#primaryimage\",\"url\":\"https:\\\/\\\/www.arquimaster.com.ar\\\/web\\\/wp-content\\\/uploads\\\/2019\\\/03\\\/luccianos_nordelta_slide.jpg\",\"contentUrl\":\"https:\\\/\\\/www.arquimaster.com.ar\\\/web\\\/wp-content\\\/uploads\\\/2019\\\/03\\\/luccianos_nordelta_slide.jpg\",\"width\":698,\"height\":364},{\"@type\":\"BreadcrumbList\",\"@id\":\"https:\\\/\\\/www.arquimaster.com.ar\\\/web\\\/luccianos-inaugura-su-nuevo-local-en-nordelta-con-aires-de-nueva-york\\\/#breadcrumb\",\"itemListElement\":[{\"@type\":\"ListItem\",\"position\":1,\"name\":\"Portada\",\"item\":\"https:\\\/\\\/www.arquimaster.com.ar\\\/web\\\/\"},{\"@type\":\"ListItem\",\"position\":2,\"name\":\"Lucciano&#8217;s inaugura su nuevo local en Nordelta, con aires de Nueva York\"}]},{\"@type\":\"WebSite\",\"@id\":\"https:\\\/\\\/www.arquimaster.com.ar\\\/web\\\/#website\",\"url\":\"https:\\\/\\\/www.arquimaster.com.ar\\\/web\\\/\",\"name\":\"Arquimaster\",\"description\":\"Web de arquitectura, dise\u00f1o y construccion\",\"publisher\":{\"@id\":\"https:\\\/\\\/www.arquimaster.com.ar\\\/web\\\/#organization\"},\"potentialAction\":[{\"@type\":\"SearchAction\",\"target\":{\"@type\":\"EntryPoint\",\"urlTemplate\":\"https:\\\/\\\/www.arquimaster.com.ar\\\/web\\\/?s={search_term_string}\"},\"query-input\":{\"@type\":\"PropertyValueSpecification\",\"valueRequired\":true,\"valueName\":\"search_term_string\"}}],\"inLanguage\":\"es\"},{\"@type\":\"Organization\",\"@id\":\"https:\\\/\\\/www.arquimaster.com.ar\\\/web\\\/#organization\",\"name\":\"Arquimaster\",\"url\":\"https:\\\/\\\/www.arquimaster.com.ar\\\/web\\\/\",\"logo\":{\"@type\":\"ImageObject\",\"inLanguage\":\"es\",\"@id\":\"https:\\\/\\\/www.arquimaster.com.ar\\\/web\\\/#\\\/schema\\\/logo\\\/image\\\/\",\"url\":\"https:\\\/\\\/www.arquimaster.com.ar\\\/web\\\/wp-content\\\/uploads\\\/2022\\\/06\\\/arquimaster.png\",\"contentUrl\":\"https:\\\/\\\/www.arquimaster.com.ar\\\/web\\\/wp-content\\\/uploads\\\/2022\\\/06\\\/arquimaster.png\",\"width\":594,\"height\":78,\"caption\":\"Arquimaster\"},\"image\":{\"@id\":\"https:\\\/\\\/www.arquimaster.com.ar\\\/web\\\/#\\\/schema\\\/logo\\\/image\\\/\"},\"sameAs\":[\"http:\\\/\\\/www.facebook.com\\\/ARQUIMASTER.com.ar\",\"https:\\\/\\\/x.com\\\/arquimaster\",\"https:\\\/\\\/www.instagram.com\\\/arquimasterblog\\\/\",\"https:\\\/\\\/www.linkedin.com\\\/company\\\/arquimaster\",\"https:\\\/\\\/www.pinterest.com\\\/arquimaster\",\"https:\\\/\\\/t.me\\\/arquimaster\"]},{\"@type\":\"Person\",\"@id\":\"https:\\\/\\\/www.arquimaster.com.ar\\\/web\\\/#\\\/schema\\\/person\\\/359e9f7c00193fcde068e0dd2ceb0028\",\"name\":\"Arquimaster\"}]}<\/script>\n<!-- \/ Yoast SEO plugin. -->","yoast_head_json":{"title":"Lucciano's inaugura su nuevo local en Nordelta, con aires de Nueva York - Arquimaster","description":"El nuevo espacio de Lucciano's cuenta con un estilo ecl\u00e9ctico, que fusiona aspectos modernos con gui\u00f1os de distintas d\u00e9cadas convirti\u00e9ndolo en una pieza \u00fanica y original.","robots":{"index":"index","follow":"follow","max-snippet":"max-snippet:-1","max-image-preview":"max-image-preview:large","max-video-preview":"max-video-preview:-1"},"canonical":"https:\/\/www.arquimaster.com.ar\/web\/luccianos-inaugura-su-nuevo-local-en-nordelta-con-aires-de-nueva-york\/","og_locale":"es_ES","og_type":"article","og_title":"Lucciano's inaugura su nuevo local en Nordelta, con aires de Nueva York","og_description":"El nuevo espacio de Lucciano's cuenta con un estilo ecl\u00e9ctico, que fusiona aspectos modernos con gui\u00f1os de distintas d\u00e9cadas convirti\u00e9ndolo en una pieza \u00fanica y original.","og_url":"https:\/\/www.arquimaster.com.ar\/web\/luccianos-inaugura-su-nuevo-local-en-nordelta-con-aires-de-nueva-york\/","og_site_name":"Arquimaster","article_publisher":"http:\/\/www.facebook.com\/ARQUIMASTER.com.ar","article_published_time":"2019-03-26T16:39:02+00:00","article_modified_time":"2019-07-06T16:44:51+00:00","og_image":[{"width":698,"height":364,"url":"https:\/\/www.arquimaster.com.ar\/web\/wp-content\/uploads\/2019\/03\/luccianos_nordelta_slide.jpg","type":"image\/jpeg"}],"author":"Arquimaster","twitter_card":"summary_large_image","twitter_title":"Lucciano's inaugura su nuevo local en Nordelta, con aires de Nueva York","twitter_description":"El nuevo espacio de Lucciano's cuenta con un estilo ecl\u00e9ctico, que fusiona aspectos modernos con gui\u00f1os de distintas d\u00e9cadas convirti\u00e9ndolo en una pieza \u00fanica y original.","twitter_image":"https:\/\/www.arquimaster.com.ar\/web\/wp-content\/uploads\/2019\/03\/luccianos_nordelta_slide.jpg","twitter_creator":"@arquimaster","twitter_site":"@arquimaster","twitter_misc":{"Escrito por":"Arquimaster","Tiempo de lectura":"1 minuto"},"schema":{"@context":"https:\/\/schema.org","@graph":[{"@type":"Article","@id":"https:\/\/www.arquimaster.com.ar\/web\/luccianos-inaugura-su-nuevo-local-en-nordelta-con-aires-de-nueva-york\/#article","isPartOf":{"@id":"https:\/\/www.arquimaster.com.ar\/web\/luccianos-inaugura-su-nuevo-local-en-nordelta-con-aires-de-nueva-york\/"},"author":{"name":"Arquimaster","@id":"https:\/\/www.arquimaster.com.ar\/web\/#\/schema\/person\/359e9f7c00193fcde068e0dd2ceb0028"},"headline":"Lucciano&#8217;s inaugura su nuevo local en Nordelta, con aires de Nueva York","datePublished":"2019-03-26T16:39:02+00:00","dateModified":"2019-07-06T16:44:51+00:00","mainEntityOfPage":{"@id":"https:\/\/www.arquimaster.com.ar\/web\/luccianos-inaugura-su-nuevo-local-en-nordelta-con-aires-de-nueva-york\/"},"wordCount":306,"publisher":{"@id":"https:\/\/www.arquimaster.com.ar\/web\/#organization"},"image":{"@id":"https:\/\/www.arquimaster.com.ar\/web\/luccianos-inaugura-su-nuevo-local-en-nordelta-con-aires-de-nueva-york\/#primaryimage"},"thumbnailUrl":"https:\/\/www.arquimaster.com.ar\/web\/wp-content\/uploads\/2019\/03\/luccianos_nordelta_slide.jpg","keywords":["arquitectura comercial","Gretel Ferro","helader\u00eda","locales comerciales","Lucciano&#039;s","Nordelta"],"articleSection":["Construccion","Sector inmobiliario y constructoras"],"inLanguage":"es"},{"@type":"WebPage","@id":"https:\/\/www.arquimaster.com.ar\/web\/luccianos-inaugura-su-nuevo-local-en-nordelta-con-aires-de-nueva-york\/","url":"https:\/\/www.arquimaster.com.ar\/web\/luccianos-inaugura-su-nuevo-local-en-nordelta-con-aires-de-nueva-york\/","name":"Lucciano's inaugura su nuevo local en Nordelta, con aires de Nueva York - Arquimaster","isPartOf":{"@id":"https:\/\/www.arquimaster.com.ar\/web\/#website"},"primaryImageOfPage":{"@id":"https:\/\/www.arquimaster.com.ar\/web\/luccianos-inaugura-su-nuevo-local-en-nordelta-con-aires-de-nueva-york\/#primaryimage"},"image":{"@id":"https:\/\/www.arquimaster.com.ar\/web\/luccianos-inaugura-su-nuevo-local-en-nordelta-con-aires-de-nueva-york\/#primaryimage"},"thumbnailUrl":"https:\/\/www.arquimaster.com.ar\/web\/wp-content\/uploads\/2019\/03\/luccianos_nordelta_slide.jpg","datePublished":"2019-03-26T16:39:02+00:00","dateModified":"2019-07-06T16:44:51+00:00","description":"El nuevo espacio de Lucciano's cuenta con un estilo ecl\u00e9ctico, que fusiona aspectos modernos con gui\u00f1os de distintas d\u00e9cadas convirti\u00e9ndolo en una pieza \u00fanica y original.","breadcrumb":{"@id":"https:\/\/www.arquimaster.com.ar\/web\/luccianos-inaugura-su-nuevo-local-en-nordelta-con-aires-de-nueva-york\/#breadcrumb"},"inLanguage":"es","potentialAction":[{"@type":"ReadAction","target":["https:\/\/www.arquimaster.com.ar\/web\/luccianos-inaugura-su-nuevo-local-en-nordelta-con-aires-de-nueva-york\/"]}]},{"@type":"ImageObject","inLanguage":"es","@id":"https:\/\/www.arquimaster.com.ar\/web\/luccianos-inaugura-su-nuevo-local-en-nordelta-con-aires-de-nueva-york\/#primaryimage","url":"https:\/\/www.arquimaster.com.ar\/web\/wp-content\/uploads\/2019\/03\/luccianos_nordelta_slide.jpg","contentUrl":"https:\/\/www.arquimaster.com.ar\/web\/wp-content\/uploads\/2019\/03\/luccianos_nordelta_slide.jpg","width":698,"height":364},{"@type":"BreadcrumbList","@id":"https:\/\/www.arquimaster.com.ar\/web\/luccianos-inaugura-su-nuevo-local-en-nordelta-con-aires-de-nueva-york\/#breadcrumb","itemListElement":[{"@type":"ListItem","position":1,"name":"Portada","item":"https:\/\/www.arquimaster.com.ar\/web\/"},{"@type":"ListItem","position":2,"name":"Lucciano&#8217;s inaugura su nuevo local en Nordelta, con aires de Nueva York"}]},{"@type":"WebSite","@id":"https:\/\/www.arquimaster.com.ar\/web\/#website","url":"https:\/\/www.arquimaster.com.ar\/web\/","name":"Arquimaster","description":"Web de arquitectura, dise\u00f1o y construccion","publisher":{"@id":"https:\/\/www.arquimaster.com.ar\/web\/#organization"},"potentialAction":[{"@type":"SearchAction","target":{"@type":"EntryPoint","urlTemplate":"https:\/\/www.arquimaster.com.ar\/web\/?s={search_term_string}"},"query-input":{"@type":"PropertyValueSpecification","valueRequired":true,"valueName":"search_term_string"}}],"inLanguage":"es"},{"@type":"Organization","@id":"https:\/\/www.arquimaster.com.ar\/web\/#organization","name":"Arquimaster","url":"https:\/\/www.arquimaster.com.ar\/web\/","logo":{"@type":"ImageObject","inLanguage":"es","@id":"https:\/\/www.arquimaster.com.ar\/web\/#\/schema\/logo\/image\/","url":"https:\/\/www.arquimaster.com.ar\/web\/wp-content\/uploads\/2022\/06\/arquimaster.png","contentUrl":"https:\/\/www.arquimaster.com.ar\/web\/wp-content\/uploads\/2022\/06\/arquimaster.png","width":594,"height":78,"caption":"Arquimaster"},"image":{"@id":"https:\/\/www.arquimaster.com.ar\/web\/#\/schema\/logo\/image\/"},"sameAs":["http:\/\/www.facebook.com\/ARQUIMASTER.com.ar","https:\/\/x.com\/arquimaster","https:\/\/www.instagram.com\/arquimasterblog\/","https:\/\/www.linkedin.com\/company\/arquimaster","https:\/\/www.pinterest.com\/arquimaster","https:\/\/t.me\/arquimaster"]},{"@type":"Person","@id":"https:\/\/www.arquimaster.com.ar\/web\/#\/schema\/person\/359e9f7c00193fcde068e0dd2ceb0028","name":"Arquimaster"}]}},"uagb_featured_image_src":{"full":["https:\/\/www.arquimaster.com.ar\/web\/wp-content\/uploads\/2019\/03\/luccianos_nordelta_slide.jpg",698,364,false],"thumbnail":["https:\/\/www.arquimaster.com.ar\/web\/wp-content\/uploads\/2019\/03\/luccianos_nordelta_slide-150x150.jpg",150,150,true],"medium":["https:\/\/www.arquimaster.com.ar\/web\/wp-content\/uploads\/2019\/03\/luccianos_nordelta_slide.jpg",698,364,false],"medium_large":["https:\/\/www.arquimaster.com.ar\/web\/wp-content\/uploads\/2019\/03\/luccianos_nordelta_slide.jpg",698,364,false],"large":["https:\/\/www.arquimaster.com.ar\/web\/wp-content\/uploads\/2019\/03\/luccianos_nordelta_slide.jpg",698,364,false],"1536x1536":["https:\/\/www.arquimaster.com.ar\/web\/wp-content\/uploads\/2019\/03\/luccianos_nordelta_slide.jpg",698,364,false],"2048x2048":["https:\/\/www.arquimaster.com.ar\/web\/wp-content\/uploads\/2019\/03\/luccianos_nordelta_slide.jpg",698,364,false]},"uagb_author_info":{"display_name":"Arquimaster","author_link":"https:\/\/www.arquimaster.com.ar\/web\/author\/arquimaster\/"},"uagb_comment_info":0,"uagb_excerpt":"El nuevo espacio cuenta con un estilo ecl\u00e9ctico, que fusiona aspectos modernos...","_links":{"self":[{"href":"https:\/\/www.arquimaster.com.ar\/web\/wp-json\/wp\/v2\/posts\/48135","targetHints":{"allow":["GET"]}}],"collection":[{"href":"https:\/\/www.arquimaster.com.ar\/web\/wp-json\/wp\/v2\/posts"}],"about":[{"href":"https:\/\/www.arquimaster.com.ar\/web\/wp-json\/wp\/v2\/types\/post"}],"author":[{"embeddable":true,"href":"https:\/\/www.arquimaster.com.ar\/web\/wp-json\/wp\/v2\/users\/1"}],"replies":[{"embeddable":true,"href":"https:\/\/www.arquimaster.com.ar\/web\/wp-json\/wp\/v2\/comments?post=48135"}],"version-history":[{"count":2,"href":"https:\/\/www.arquimaster.com.ar\/web\/wp-json\/wp\/v2\/posts\/48135\/revisions"}],"predecessor-version":[{"id":48141,"href":"https:\/\/www.arquimaster.com.ar\/web\/wp-json\/wp\/v2\/posts\/48135\/revisions\/48141"}],"wp:featuredmedia":[{"embeddable":true,"href":"https:\/\/www.arquimaster.com.ar\/web\/wp-json\/wp\/v2\/media\/48138"}],"wp:attachment":[{"href":"https:\/\/www.arquimaster.com.ar\/web\/wp-json\/wp\/v2\/media?parent=48135"}],"wp:term":[{"taxonomy":"category","embeddable":true,"href":"https:\/\/www.arquimaster.com.ar\/web\/wp-json\/wp\/v2\/categories?post=48135"},{"taxonomy":"post_tag","embeddable":true,"href":"https:\/\/www.arquimaster.com.ar\/web\/wp-json\/wp\/v2\/tags?post=48135"}],"curies":[{"name":"wp","href":"https:\/\/api.w.org\/{rel}","templated":true}]}}