{"id":48232,"date":"2019-07-11T20:36:16","date_gmt":"2019-07-11T23:36:16","guid":{"rendered":"https:\/\/www.arquimaster.com.ar\/web\/?p=48232"},"modified":"2019-07-11T20:41:09","modified_gmt":"2019-07-11T23:41:09","slug":"edificio-de-laboratorios-de-la-camara-arbitral-de-cereales-dua-arquitectos","status":"publish","type":"post","link":"https:\/\/www.arquimaster.com.ar\/web\/edificio-de-laboratorios-de-la-camara-arbitral-de-cereales-dua-arquitectos\/","title":{"rendered":"Edificio de Laboratorios de la C\u00e1mara Arbitral de Cereales \/ DUA Arquitectos"},"content":{"rendered":"<div style=\"margin-top: 0px; margin-bottom: 0px;\" class=\"sharethis-inline-share-buttons\" ><\/div><div class=\"b812932af2e751442846f039925109de\" data-index=\"1\" style=\"float: none; margin:25px 0 25px 0; text-align:center;\">\n<script async src=\"https:\/\/pagead2.googlesyndication.com\/pagead\/js\/adsbygoogle.js\"><\/script>\r\n<!-- Arquimaster (superior) -->\r\n<ins class=\"adsbygoogle\"\r\n     style=\"display:block\"\r\n     data-ad-client=\"ca-pub-6351072698456832\"\r\n     data-ad-slot=\"6455489680\"\r\n     data-ad-format=\"auto\"\r\n     data-full-width-responsive=\"true\"><\/ins>\r\n<script>\r\n     (adsbygoogle = window.adsbygoogle || []).push({});\r\n<\/script>\n<\/div>\n<p><strong>Edificio de Laboratorios de la C\u00e1mara Arbitral de Cereales<\/strong> (Bolsa de Comercio de Santa Fe) (Santa Fe, Argentina) por <strong>DUA Arquitectos<\/strong>. Es un edificio cuyo programa est\u00e1 compuesto b\u00e1sicamente por 3 laboratorios para la realizaci\u00f3n de diversos an\u00e1lisis de cereales y semillas, vinculados a un sector de oficinas administrativo y gerencial. El mismo se resolvi\u00f3 en forma longitudinal con 2 niveles dispuestos a lo largo del terreno.<\/p>\n<div id='gallery-1' class='gallery galleryid-48232 gallery-columns-3 gallery-size-thumbnail'><figure class='gallery-item'>\n\t\t\t<div class='gallery-icon landscape'>\n\t\t\t\t<a href='https:\/\/www.arquimaster.com.ar\/web\/wp-content\/uploads\/2019\/07\/laboratorios_cacsf1.jpg' title=\"Edificio de Laboratorios de la C\u00e1mara Arbitral de Cereales \/ DUA Arquitectos (\u00a9 Ramiro Sosa)\" data-rl_title=\"Edificio de Laboratorios de la C\u00e1mara Arbitral de Cereales \/ DUA Arquitectos (\u00a9 Ramiro Sosa)\" class=\"rl-gallery-link\" data-rl_caption=\"Edificio de Laboratorios de la C\u00e1mara Arbitral de Cereales \/ DUA Arquitectos (\u00a9 Ramiro Sosa)\" data-rel=\"lightbox-gallery-1\"><img loading=\"lazy\" decoding=\"async\" width=\"150\" height=\"150\" src=\"https:\/\/www.arquimaster.com.ar\/web\/wp-content\/uploads\/2019\/07\/laboratorios_cacsf1-150x150.jpg\" class=\"attachment-thumbnail size-thumbnail\" alt=\"\" aria-describedby=\"gallery-1-48234\" \/><\/a>\n\t\t\t<\/div>\n\t\t\t\t<figcaption class='wp-caption-text gallery-caption' id='gallery-1-48234'>\n\t\t\t\tEdificio de Laboratorios de la C\u00e1mara Arbitral de Cereales \/ DUA Arquitectos (\u00a9 Ramiro Sosa)\n\t\t\t\t<\/figcaption><\/figure><figure class='gallery-item'>\n\t\t\t<div class='gallery-icon landscape'>\n\t\t\t\t<a href='https:\/\/www.arquimaster.com.ar\/web\/wp-content\/uploads\/2019\/07\/laboratorios_cacsf2.jpg' title=\"Edificio de Laboratorios de la C\u00e1mara Arbitral de Cereales \/ DUA Arquitectos (\u00a9 Ramiro Sosa)\" data-rl_title=\"Edificio de Laboratorios de la C\u00e1mara Arbitral de Cereales \/ DUA Arquitectos (\u00a9 Ramiro Sosa)\" class=\"rl-gallery-link\" data-rl_caption=\"Edificio de Laboratorios de la C\u00e1mara Arbitral de Cereales \/ DUA Arquitectos (\u00a9 Ramiro Sosa)\" data-rel=\"lightbox-gallery-1\"><img loading=\"lazy\" decoding=\"async\" width=\"150\" height=\"150\" src=\"https:\/\/www.arquimaster.com.ar\/web\/wp-content\/uploads\/2019\/07\/laboratorios_cacsf2-150x150.jpg\" class=\"attachment-thumbnail size-thumbnail\" alt=\"\" aria-describedby=\"gallery-1-48235\" \/><\/a>\n\t\t\t<\/div>\n\t\t\t\t<figcaption class='wp-caption-text gallery-caption' id='gallery-1-48235'>\n\t\t\t\tEdificio de Laboratorios de la C\u00e1mara Arbitral de Cereales \/ DUA Arquitectos (\u00a9 Ramiro Sosa)\n\t\t\t\t<\/figcaption><\/figure><figure class='gallery-item'>\n\t\t\t<div class='gallery-icon portrait'>\n\t\t\t\t<a href='https:\/\/www.arquimaster.com.ar\/web\/wp-content\/uploads\/2019\/07\/laboratorios_cacsf3.jpg' title=\"Edificio de Laboratorios de la C\u00e1mara Arbitral de Cereales \/ DUA Arquitectos (\u00a9 Ramiro Sosa)\" data-rl_title=\"Edificio de Laboratorios de la C\u00e1mara Arbitral de Cereales \/ DUA Arquitectos (\u00a9 Ramiro Sosa)\" class=\"rl-gallery-link\" data-rl_caption=\"Edificio de Laboratorios de la C\u00e1mara Arbitral de Cereales \/ DUA Arquitectos (\u00a9 Ramiro Sosa)\" data-rel=\"lightbox-gallery-1\"><img loading=\"lazy\" decoding=\"async\" width=\"150\" height=\"150\" src=\"https:\/\/www.arquimaster.com.ar\/web\/wp-content\/uploads\/2019\/07\/laboratorios_cacsf3-150x150.jpg\" class=\"attachment-thumbnail size-thumbnail\" alt=\"\" aria-describedby=\"gallery-1-48236\" \/><\/a>\n\t\t\t<\/div>\n\t\t\t\t<figcaption class='wp-caption-text gallery-caption' id='gallery-1-48236'>\n\t\t\t\tEdificio de Laboratorios de la C\u00e1mara Arbitral de Cereales \/ DUA Arquitectos (\u00a9 Ramiro Sosa)\n\t\t\t\t<\/figcaption><\/figure><figure class='gallery-item'>\n\t\t\t<div class='gallery-icon portrait'>\n\t\t\t\t<a href='https:\/\/www.arquimaster.com.ar\/web\/wp-content\/uploads\/2019\/07\/laboratorios_cacsf4.jpg' title=\"Edificio de Laboratorios de la C\u00e1mara Arbitral de Cereales \/ DUA Arquitectos (\u00a9 Ramiro Sosa)\" data-rl_title=\"Edificio de Laboratorios de la C\u00e1mara Arbitral de Cereales \/ DUA Arquitectos (\u00a9 Ramiro Sosa)\" class=\"rl-gallery-link\" data-rl_caption=\"Edificio de Laboratorios de la C\u00e1mara Arbitral de Cereales \/ DUA Arquitectos (\u00a9 Ramiro Sosa)\" data-rel=\"lightbox-gallery-1\"><img loading=\"lazy\" decoding=\"async\" width=\"150\" height=\"150\" src=\"https:\/\/www.arquimaster.com.ar\/web\/wp-content\/uploads\/2019\/07\/laboratorios_cacsf4-150x150.jpg\" class=\"attachment-thumbnail size-thumbnail\" alt=\"\" aria-describedby=\"gallery-1-48237\" \/><\/a>\n\t\t\t<\/div>\n\t\t\t\t<figcaption class='wp-caption-text gallery-caption' id='gallery-1-48237'>\n\t\t\t\tEdificio de Laboratorios de la C\u00e1mara Arbitral de Cereales \/ DUA Arquitectos (\u00a9 Ramiro Sosa)\n\t\t\t\t<\/figcaption><\/figure><figure class='gallery-item'>\n\t\t\t<div class='gallery-icon landscape'>\n\t\t\t\t<a href='https:\/\/www.arquimaster.com.ar\/web\/wp-content\/uploads\/2019\/07\/laboratorios_cacsf5.jpg' title=\"Edificio de Laboratorios de la C\u00e1mara Arbitral de Cereales \/ DUA Arquitectos (\u00a9 Ramiro Sosa)\" data-rl_title=\"Edificio de Laboratorios de la C\u00e1mara Arbitral de Cereales \/ DUA Arquitectos (\u00a9 Ramiro Sosa)\" class=\"rl-gallery-link\" data-rl_caption=\"Edificio de Laboratorios de la C\u00e1mara Arbitral de Cereales \/ DUA Arquitectos (\u00a9 Ramiro Sosa)\" data-rel=\"lightbox-gallery-1\"><img loading=\"lazy\" decoding=\"async\" width=\"150\" height=\"150\" src=\"https:\/\/www.arquimaster.com.ar\/web\/wp-content\/uploads\/2019\/07\/laboratorios_cacsf5-150x150.jpg\" class=\"attachment-thumbnail size-thumbnail\" alt=\"\" aria-describedby=\"gallery-1-48238\" \/><\/a>\n\t\t\t<\/div>\n\t\t\t\t<figcaption class='wp-caption-text gallery-caption' id='gallery-1-48238'>\n\t\t\t\tEdificio de Laboratorios de la C\u00e1mara Arbitral de Cereales \/ DUA Arquitectos (\u00a9 Ramiro Sosa)\n\t\t\t\t<\/figcaption><\/figure><figure class='gallery-item'>\n\t\t\t<div class='gallery-icon landscape'>\n\t\t\t\t<a href='https:\/\/www.arquimaster.com.ar\/web\/wp-content\/uploads\/2019\/07\/laboratorios_cacsf6.jpg' title=\"Edificio de Laboratorios de la C\u00e1mara Arbitral de Cereales \/ DUA Arquitectos (\u00a9 Ramiro Sosa)\" data-rl_title=\"Edificio de Laboratorios de la C\u00e1mara Arbitral de Cereales \/ DUA Arquitectos (\u00a9 Ramiro Sosa)\" class=\"rl-gallery-link\" data-rl_caption=\"Edificio de Laboratorios de la C\u00e1mara Arbitral de Cereales \/ DUA Arquitectos (\u00a9 Ramiro Sosa)\" data-rel=\"lightbox-gallery-1\"><img loading=\"lazy\" decoding=\"async\" width=\"150\" height=\"150\" src=\"https:\/\/www.arquimaster.com.ar\/web\/wp-content\/uploads\/2019\/07\/laboratorios_cacsf6-150x150.jpg\" class=\"attachment-thumbnail size-thumbnail\" alt=\"\" aria-describedby=\"gallery-1-48239\" \/><\/a>\n\t\t\t<\/div>\n\t\t\t\t<figcaption class='wp-caption-text gallery-caption' id='gallery-1-48239'>\n\t\t\t\tEdificio de Laboratorios de la C\u00e1mara Arbitral de Cereales \/ DUA Arquitectos (\u00a9 Ramiro Sosa)\n\t\t\t\t<\/figcaption><\/figure><figure class='gallery-item'>\n\t\t\t<div class='gallery-icon portrait'>\n\t\t\t\t<a href='https:\/\/www.arquimaster.com.ar\/web\/wp-content\/uploads\/2019\/07\/laboratorios_cacsf7.jpg' title=\"Edificio de Laboratorios de la C\u00e1mara Arbitral de Cereales \/ DUA Arquitectos (\u00a9 Ramiro Sosa)\" data-rl_title=\"Edificio de Laboratorios de la C\u00e1mara Arbitral de Cereales \/ DUA Arquitectos (\u00a9 Ramiro Sosa)\" class=\"rl-gallery-link\" data-rl_caption=\"Edificio de Laboratorios de la C\u00e1mara Arbitral de Cereales \/ DUA Arquitectos (\u00a9 Ramiro Sosa)\" data-rel=\"lightbox-gallery-1\"><img loading=\"lazy\" decoding=\"async\" width=\"150\" height=\"150\" src=\"https:\/\/www.arquimaster.com.ar\/web\/wp-content\/uploads\/2019\/07\/laboratorios_cacsf7-150x150.jpg\" class=\"attachment-thumbnail size-thumbnail\" alt=\"\" aria-describedby=\"gallery-1-48240\" \/><\/a>\n\t\t\t<\/div>\n\t\t\t\t<figcaption class='wp-caption-text gallery-caption' id='gallery-1-48240'>\n\t\t\t\tEdificio de Laboratorios de la C\u00e1mara Arbitral de Cereales \/ DUA Arquitectos (\u00a9 Ramiro Sosa)\n\t\t\t\t<\/figcaption><\/figure><figure class='gallery-item'>\n\t\t\t<div class='gallery-icon landscape'>\n\t\t\t\t<a href='https:\/\/www.arquimaster.com.ar\/web\/wp-content\/uploads\/2019\/07\/laboratorios_cacsf8.jpg' title=\"Edificio de Laboratorios de la C\u00e1mara Arbitral de Cereales \/ DUA Arquitectos (\u00a9 Ramiro Sosa)\" data-rl_title=\"Edificio de Laboratorios de la C\u00e1mara Arbitral de Cereales \/ DUA Arquitectos (\u00a9 Ramiro Sosa)\" class=\"rl-gallery-link\" data-rl_caption=\"Edificio de Laboratorios de la C\u00e1mara Arbitral de Cereales \/ DUA Arquitectos (\u00a9 Ramiro Sosa)\" data-rel=\"lightbox-gallery-1\"><img loading=\"lazy\" decoding=\"async\" width=\"150\" height=\"150\" src=\"https:\/\/www.arquimaster.com.ar\/web\/wp-content\/uploads\/2019\/07\/laboratorios_cacsf8-150x150.jpg\" class=\"attachment-thumbnail size-thumbnail\" alt=\"\" aria-describedby=\"gallery-1-48241\" \/><\/a>\n\t\t\t<\/div>\n\t\t\t\t<figcaption class='wp-caption-text gallery-caption' id='gallery-1-48241'>\n\t\t\t\tEdificio de Laboratorios de la C\u00e1mara Arbitral de Cereales \/ DUA Arquitectos (\u00a9 Ramiro Sosa)\n\t\t\t\t<\/figcaption><\/figure><figure class='gallery-item'>\n\t\t\t<div class='gallery-icon landscape'>\n\t\t\t\t<a href='https:\/\/www.arquimaster.com.ar\/web\/wp-content\/uploads\/2019\/07\/laboratorios_cacsf9.jpg' title=\"Edificio de Laboratorios de la C\u00e1mara Arbitral de Cereales \/ DUA Arquitectos (\u00a9 Ramiro Sosa)\" data-rl_title=\"Edificio de Laboratorios de la C\u00e1mara Arbitral de Cereales \/ DUA Arquitectos (\u00a9 Ramiro Sosa)\" class=\"rl-gallery-link\" data-rl_caption=\"Edificio de Laboratorios de la C\u00e1mara Arbitral de Cereales \/ DUA Arquitectos (\u00a9 Ramiro Sosa)\" data-rel=\"lightbox-gallery-1\"><img loading=\"lazy\" decoding=\"async\" width=\"150\" height=\"150\" src=\"https:\/\/www.arquimaster.com.ar\/web\/wp-content\/uploads\/2019\/07\/laboratorios_cacsf9-150x150.jpg\" class=\"attachment-thumbnail size-thumbnail\" alt=\"\" aria-describedby=\"gallery-1-48242\" \/><\/a>\n\t\t\t<\/div>\n\t\t\t\t<figcaption class='wp-caption-text gallery-caption' id='gallery-1-48242'>\n\t\t\t\tEdificio de Laboratorios de la C\u00e1mara Arbitral de Cereales \/ DUA Arquitectos (\u00a9 Ramiro Sosa)\n\t\t\t\t<\/figcaption><\/figure><figure class='gallery-item'>\n\t\t\t<div class='gallery-icon portrait'>\n\t\t\t\t<a href='https:\/\/www.arquimaster.com.ar\/web\/wp-content\/uploads\/2019\/07\/laboratorios_cacsf10.jpg' title=\"Edificio de Laboratorios de la C\u00e1mara Arbitral de Cereales \/ DUA Arquitectos (\u00a9 Ramiro Sosa)\" data-rl_title=\"Edificio de Laboratorios de la C\u00e1mara Arbitral de Cereales \/ DUA Arquitectos (\u00a9 Ramiro Sosa)\" class=\"rl-gallery-link\" data-rl_caption=\"Edificio de Laboratorios de la C\u00e1mara Arbitral de Cereales \/ DUA Arquitectos (\u00a9 Ramiro Sosa)\" data-rel=\"lightbox-gallery-1\"><img loading=\"lazy\" decoding=\"async\" width=\"150\" height=\"150\" src=\"https:\/\/www.arquimaster.com.ar\/web\/wp-content\/uploads\/2019\/07\/laboratorios_cacsf10-150x150.jpg\" class=\"attachment-thumbnail size-thumbnail\" alt=\"\" aria-describedby=\"gallery-1-48243\" \/><\/a>\n\t\t\t<\/div>\n\t\t\t\t<figcaption class='wp-caption-text gallery-caption' id='gallery-1-48243'>\n\t\t\t\tEdificio de Laboratorios de la C\u00e1mara Arbitral de Cereales \/ DUA Arquitectos (\u00a9 Ramiro Sosa)\n\t\t\t\t<\/figcaption><\/figure><figure class='gallery-item'>\n\t\t\t<div class='gallery-icon portrait'>\n\t\t\t\t<a href='https:\/\/www.arquimaster.com.ar\/web\/wp-content\/uploads\/2019\/07\/laboratorios_cacsf11.jpg' title=\"Edificio de Laboratorios de la C\u00e1mara Arbitral de Cereales \/ DUA Arquitectos (\u00a9 Ramiro Sosa)\" data-rl_title=\"Edificio de Laboratorios de la C\u00e1mara Arbitral de Cereales \/ DUA Arquitectos (\u00a9 Ramiro Sosa)\" class=\"rl-gallery-link\" data-rl_caption=\"Edificio de Laboratorios de la C\u00e1mara Arbitral de Cereales \/ DUA Arquitectos (\u00a9 Ramiro Sosa)\" data-rel=\"lightbox-gallery-1\"><img loading=\"lazy\" decoding=\"async\" width=\"150\" height=\"150\" src=\"https:\/\/www.arquimaster.com.ar\/web\/wp-content\/uploads\/2019\/07\/laboratorios_cacsf11-150x150.jpg\" class=\"attachment-thumbnail size-thumbnail\" alt=\"\" aria-describedby=\"gallery-1-48244\" \/><\/a>\n\t\t\t<\/div>\n\t\t\t\t<figcaption class='wp-caption-text gallery-caption' id='gallery-1-48244'>\n\t\t\t\tEdificio de Laboratorios de la C\u00e1mara Arbitral de Cereales \/ DUA Arquitectos (\u00a9 Ramiro Sosa)\n\t\t\t\t<\/figcaption><\/figure><figure class='gallery-item'>\n\t\t\t<div class='gallery-icon portrait'>\n\t\t\t\t<a href='https:\/\/www.arquimaster.com.ar\/web\/wp-content\/uploads\/2019\/07\/laboratorios_cacsf12.jpg' title=\"Edificio de Laboratorios de la C\u00e1mara Arbitral de Cereales \/ DUA Arquitectos (\u00a9 Ramiro Sosa)\" data-rl_title=\"Edificio de Laboratorios de la C\u00e1mara Arbitral de Cereales \/ DUA Arquitectos (\u00a9 Ramiro Sosa)\" class=\"rl-gallery-link\" data-rl_caption=\"Edificio de Laboratorios de la C\u00e1mara Arbitral de Cereales \/ DUA Arquitectos (\u00a9 Ramiro Sosa)\" data-rel=\"lightbox-gallery-1\"><img loading=\"lazy\" decoding=\"async\" width=\"150\" height=\"150\" src=\"https:\/\/www.arquimaster.com.ar\/web\/wp-content\/uploads\/2019\/07\/laboratorios_cacsf12-150x150.jpg\" class=\"attachment-thumbnail size-thumbnail\" alt=\"\" aria-describedby=\"gallery-1-48245\" \/><\/a>\n\t\t\t<\/div>\n\t\t\t\t<figcaption class='wp-caption-text gallery-caption' id='gallery-1-48245'>\n\t\t\t\tEdificio de Laboratorios de la C\u00e1mara Arbitral de Cereales \/ DUA Arquitectos (\u00a9 Ramiro Sosa)\n\t\t\t\t<\/figcaption><\/figure><figure class='gallery-item'>\n\t\t\t<div class='gallery-icon portrait'>\n\t\t\t\t<a href='https:\/\/www.arquimaster.com.ar\/web\/wp-content\/uploads\/2019\/07\/laboratorios_cacsf13.jpg' title=\"Edificio de Laboratorios de la C\u00e1mara Arbitral de Cereales \/ DUA Arquitectos (\u00a9 Ramiro Sosa)\" data-rl_title=\"Edificio de Laboratorios de la C\u00e1mara Arbitral de Cereales \/ DUA Arquitectos (\u00a9 Ramiro Sosa)\" class=\"rl-gallery-link\" data-rl_caption=\"Edificio de Laboratorios de la C\u00e1mara Arbitral de Cereales \/ DUA Arquitectos (\u00a9 Ramiro Sosa)\" data-rel=\"lightbox-gallery-1\"><img loading=\"lazy\" decoding=\"async\" width=\"150\" height=\"150\" src=\"https:\/\/www.arquimaster.com.ar\/web\/wp-content\/uploads\/2019\/07\/laboratorios_cacsf13-150x150.jpg\" class=\"attachment-thumbnail size-thumbnail\" alt=\"\" aria-describedby=\"gallery-1-48246\" \/><\/a>\n\t\t\t<\/div>\n\t\t\t\t<figcaption class='wp-caption-text gallery-caption' id='gallery-1-48246'>\n\t\t\t\tEdificio de Laboratorios de la C\u00e1mara Arbitral de Cereales \/ DUA Arquitectos (\u00a9 Ramiro Sosa)\n\t\t\t\t<\/figcaption><\/figure><figure class='gallery-item'>\n\t\t\t<div class='gallery-icon landscape'>\n\t\t\t\t<a href='https:\/\/www.arquimaster.com.ar\/web\/wp-content\/uploads\/2019\/07\/laboratorios_cacsf14.jpg' title=\"Edificio de Laboratorios de la C\u00e1mara Arbitral de Cereales \/ DUA Arquitectos (\u00a9 Ramiro Sosa)\" data-rl_title=\"Edificio de Laboratorios de la C\u00e1mara Arbitral de Cereales \/ DUA Arquitectos (\u00a9 Ramiro Sosa)\" class=\"rl-gallery-link\" data-rl_caption=\"Edificio de Laboratorios de la C\u00e1mara Arbitral de Cereales \/ DUA Arquitectos (\u00a9 Ramiro Sosa)\" data-rel=\"lightbox-gallery-1\"><img loading=\"lazy\" decoding=\"async\" width=\"150\" height=\"150\" src=\"https:\/\/www.arquimaster.com.ar\/web\/wp-content\/uploads\/2019\/07\/laboratorios_cacsf14-150x150.jpg\" class=\"attachment-thumbnail size-thumbnail\" alt=\"\" aria-describedby=\"gallery-1-48247\" \/><\/a>\n\t\t\t<\/div>\n\t\t\t\t<figcaption class='wp-caption-text gallery-caption' id='gallery-1-48247'>\n\t\t\t\tEdificio de Laboratorios de la C\u00e1mara Arbitral de Cereales \/ DUA Arquitectos (\u00a9 Ramiro Sosa)\n\t\t\t\t<\/figcaption><\/figure><figure class='gallery-item'>\n\t\t\t<div class='gallery-icon portrait'>\n\t\t\t\t<a href='https:\/\/www.arquimaster.com.ar\/web\/wp-content\/uploads\/2019\/07\/laboratorios_cacsf15.jpg' title=\"Edificio de Laboratorios de la C\u00e1mara Arbitral de Cereales \/ DUA Arquitectos (\u00a9 Ramiro Sosa)\" data-rl_title=\"Edificio de Laboratorios de la C\u00e1mara Arbitral de Cereales \/ DUA Arquitectos (\u00a9 Ramiro Sosa)\" class=\"rl-gallery-link\" data-rl_caption=\"Edificio de Laboratorios de la C\u00e1mara Arbitral de Cereales \/ DUA Arquitectos (\u00a9 Ramiro Sosa)\" data-rel=\"lightbox-gallery-1\"><img loading=\"lazy\" decoding=\"async\" width=\"150\" height=\"150\" src=\"https:\/\/www.arquimaster.com.ar\/web\/wp-content\/uploads\/2019\/07\/laboratorios_cacsf15-150x150.jpg\" class=\"attachment-thumbnail size-thumbnail\" alt=\"\" aria-describedby=\"gallery-1-48248\" \/><\/a>\n\t\t\t<\/div>\n\t\t\t\t<figcaption class='wp-caption-text gallery-caption' id='gallery-1-48248'>\n\t\t\t\tEdificio de Laboratorios de la C\u00e1mara Arbitral de Cereales \/ DUA Arquitectos (\u00a9 Ramiro Sosa)\n\t\t\t\t<\/figcaption><\/figure>\n\t\t<\/div>\n\n<p>En planta baja al frente, se ubican las oficinas administrativas, de recepci\u00f3n y algunos servicios; a continuaci\u00f3n (vinculados por una espina de circulaci\u00f3n) 3 laboratorios de an\u00e1lisis. En planta alta, y a lo largo de todo el edificio, se ubic\u00f3 un volumen contenedor que resuelve las oficinas propias de cada sector, gerenciales al frente y el segundo nivel de laboratorios.<\/p>\n<p>Los estacionamientos propios del edificio se ubican en el fondo del terreno, como asimismo se prev\u00e9 al frente un espacio de estacionamiento para realizar la carga y descarga de muestras con las que se trabaja en los laboratorios.<\/p>\n<p>El acceso a las cocheras se resuelve a trav\u00e9s de una calle lateral paralela al edificio contra la medianera oeste. Hacia el este el edificio se separa tambi\u00e9n de la medianera para configurar un espacio patio ajardinado que act\u00faa como pulm\u00f3n y resuelve las visuales y ventilaciones de los espacios principales de trabajo.<\/p>\n<div id='gallery-2' class='gallery galleryid-48232 gallery-columns-3 gallery-size-thumbnail'><figure class='gallery-item'>\n\t\t\t<div class='gallery-icon portrait'>\n\t\t\t\t<a href='https:\/\/www.arquimaster.com.ar\/web\/wp-content\/uploads\/2019\/07\/laboratorios_cacsf16.jpg' title=\"Edificio de Laboratorios de la C\u00e1mara Arbitral de Cereales \/ DUA Arquitectos (\u00a9 Ramiro Sosa)\" data-rl_title=\"Edificio de Laboratorios de la C\u00e1mara Arbitral de Cereales \/ DUA Arquitectos (\u00a9 Ramiro Sosa)\" class=\"rl-gallery-link\" data-rl_caption=\"Edificio de Laboratorios de la C\u00e1mara Arbitral de Cereales \/ DUA Arquitectos (\u00a9 Ramiro Sosa)\" data-rel=\"lightbox-gallery-2\"><img loading=\"lazy\" decoding=\"async\" width=\"150\" height=\"150\" src=\"https:\/\/www.arquimaster.com.ar\/web\/wp-content\/uploads\/2019\/07\/laboratorios_cacsf16-150x150.jpg\" class=\"attachment-thumbnail size-thumbnail\" alt=\"\" aria-describedby=\"gallery-2-48249\" \/><\/a>\n\t\t\t<\/div>\n\t\t\t\t<figcaption class='wp-caption-text gallery-caption' id='gallery-2-48249'>\n\t\t\t\tEdificio de Laboratorios de la C\u00e1mara Arbitral de Cereales \/ DUA Arquitectos (\u00a9 Ramiro Sosa)\n\t\t\t\t<\/figcaption><\/figure><figure class='gallery-item'>\n\t\t\t<div class='gallery-icon portrait'>\n\t\t\t\t<a href='https:\/\/www.arquimaster.com.ar\/web\/wp-content\/uploads\/2019\/07\/laboratorios_cacsf17.jpg' title=\"Edificio de Laboratorios de la C\u00e1mara Arbitral de Cereales \/ DUA Arquitectos (\u00a9 Ramiro Sosa)\" data-rl_title=\"Edificio de Laboratorios de la C\u00e1mara Arbitral de Cereales \/ DUA Arquitectos (\u00a9 Ramiro Sosa)\" class=\"rl-gallery-link\" data-rl_caption=\"Edificio de Laboratorios de la C\u00e1mara Arbitral de Cereales \/ DUA Arquitectos (\u00a9 Ramiro Sosa)\" data-rel=\"lightbox-gallery-2\"><img loading=\"lazy\" decoding=\"async\" width=\"150\" height=\"150\" src=\"https:\/\/www.arquimaster.com.ar\/web\/wp-content\/uploads\/2019\/07\/laboratorios_cacsf17-150x150.jpg\" class=\"attachment-thumbnail size-thumbnail\" alt=\"\" aria-describedby=\"gallery-2-48250\" \/><\/a>\n\t\t\t<\/div>\n\t\t\t\t<figcaption class='wp-caption-text gallery-caption' id='gallery-2-48250'>\n\t\t\t\tEdificio de Laboratorios de la C\u00e1mara Arbitral de Cereales \/ DUA Arquitectos (\u00a9 Ramiro Sosa)\n\t\t\t\t<\/figcaption><\/figure><figure class='gallery-item'>\n\t\t\t<div class='gallery-icon landscape'>\n\t\t\t\t<a href='https:\/\/www.arquimaster.com.ar\/web\/wp-content\/uploads\/2019\/07\/laboratorios_cacsf18.jpg' title=\"Edificio de Laboratorios de la C\u00e1mara Arbitral de Cereales \/ DUA Arquitectos (\u00a9 Ramiro Sosa)\" data-rl_title=\"Edificio de Laboratorios de la C\u00e1mara Arbitral de Cereales \/ DUA Arquitectos (\u00a9 Ramiro Sosa)\" class=\"rl-gallery-link\" data-rl_caption=\"Edificio de Laboratorios de la C\u00e1mara Arbitral de Cereales \/ DUA Arquitectos (\u00a9 Ramiro Sosa)\" data-rel=\"lightbox-gallery-2\"><img loading=\"lazy\" decoding=\"async\" width=\"150\" height=\"150\" src=\"https:\/\/www.arquimaster.com.ar\/web\/wp-content\/uploads\/2019\/07\/laboratorios_cacsf18-150x150.jpg\" class=\"attachment-thumbnail size-thumbnail\" alt=\"\" aria-describedby=\"gallery-2-48251\" \/><\/a>\n\t\t\t<\/div>\n\t\t\t\t<figcaption class='wp-caption-text gallery-caption' id='gallery-2-48251'>\n\t\t\t\tEdificio de Laboratorios de la C\u00e1mara Arbitral de Cereales \/ DUA Arquitectos (\u00a9 Ramiro Sosa)\n\t\t\t\t<\/figcaption><\/figure><figure class='gallery-item'>\n\t\t\t<div class='gallery-icon landscape'>\n\t\t\t\t<a href='https:\/\/www.arquimaster.com.ar\/web\/wp-content\/uploads\/2019\/07\/laboratorios_cacsf19.jpg' title=\"Edificio de Laboratorios de la C\u00e1mara Arbitral de Cereales \/ DUA Arquitectos (\u00a9 Ramiro Sosa)\" data-rl_title=\"Edificio de Laboratorios de la C\u00e1mara Arbitral de Cereales \/ DUA Arquitectos (\u00a9 Ramiro Sosa)\" class=\"rl-gallery-link\" data-rl_caption=\"Edificio de Laboratorios de la C\u00e1mara Arbitral de Cereales \/ DUA Arquitectos (\u00a9 Ramiro Sosa)\" data-rel=\"lightbox-gallery-2\"><img loading=\"lazy\" decoding=\"async\" width=\"150\" height=\"150\" src=\"https:\/\/www.arquimaster.com.ar\/web\/wp-content\/uploads\/2019\/07\/laboratorios_cacsf19-150x150.jpg\" class=\"attachment-thumbnail size-thumbnail\" alt=\"\" aria-describedby=\"gallery-2-48252\" \/><\/a>\n\t\t\t<\/div>\n\t\t\t\t<figcaption class='wp-caption-text gallery-caption' id='gallery-2-48252'>\n\t\t\t\tEdificio de Laboratorios de la C\u00e1mara Arbitral de Cereales \/ DUA Arquitectos (\u00a9 Ramiro Sosa)\n\t\t\t\t<\/figcaption><\/figure><figure class='gallery-item'>\n\t\t\t<div class='gallery-icon landscape'>\n\t\t\t\t<a href='https:\/\/www.arquimaster.com.ar\/web\/wp-content\/uploads\/2019\/07\/laboratorios_cacsf20.jpg' title=\"Edificio de Laboratorios de la C\u00e1mara Arbitral de Cereales \/ DUA Arquitectos (\u00a9 Ramiro Sosa)\" data-rl_title=\"Edificio de Laboratorios de la C\u00e1mara Arbitral de Cereales \/ DUA Arquitectos (\u00a9 Ramiro Sosa)\" class=\"rl-gallery-link\" data-rl_caption=\"Edificio de Laboratorios de la C\u00e1mara Arbitral de Cereales \/ DUA Arquitectos (\u00a9 Ramiro Sosa)\" data-rel=\"lightbox-gallery-2\"><img loading=\"lazy\" decoding=\"async\" width=\"150\" height=\"150\" src=\"https:\/\/www.arquimaster.com.ar\/web\/wp-content\/uploads\/2019\/07\/laboratorios_cacsf20-150x150.jpg\" class=\"attachment-thumbnail size-thumbnail\" alt=\"\" aria-describedby=\"gallery-2-48253\" \/><\/a>\n\t\t\t<\/div>\n\t\t\t\t<figcaption class='wp-caption-text gallery-caption' id='gallery-2-48253'>\n\t\t\t\tEdificio de Laboratorios de la C\u00e1mara Arbitral de Cereales \/ DUA Arquitectos (\u00a9 Ramiro Sosa)\n\t\t\t\t<\/figcaption><\/figure><figure class='gallery-item'>\n\t\t\t<div class='gallery-icon landscape'>\n\t\t\t\t<a href='https:\/\/www.arquimaster.com.ar\/web\/wp-content\/uploads\/2019\/07\/laboratorios_cacsf21.jpg' title=\"Edificio de Laboratorios de la C\u00e1mara Arbitral de Cereales \/ DUA Arquitectos (\u00a9 Ramiro Sosa)\" data-rl_title=\"Edificio de Laboratorios de la C\u00e1mara Arbitral de Cereales \/ DUA Arquitectos (\u00a9 Ramiro Sosa)\" class=\"rl-gallery-link\" data-rl_caption=\"Edificio de Laboratorios de la C\u00e1mara Arbitral de Cereales \/ DUA Arquitectos (\u00a9 Ramiro Sosa)\" data-rel=\"lightbox-gallery-2\"><img loading=\"lazy\" decoding=\"async\" width=\"150\" height=\"150\" src=\"https:\/\/www.arquimaster.com.ar\/web\/wp-content\/uploads\/2019\/07\/laboratorios_cacsf21-150x150.jpg\" class=\"attachment-thumbnail size-thumbnail\" alt=\"\" aria-describedby=\"gallery-2-48254\" \/><\/a>\n\t\t\t<\/div>\n\t\t\t\t<figcaption class='wp-caption-text gallery-caption' id='gallery-2-48254'>\n\t\t\t\tEdificio de Laboratorios de la C\u00e1mara Arbitral de Cereales \/ DUA Arquitectos (\u00a9 Ramiro Sosa)\n\t\t\t\t<\/figcaption><\/figure><figure class='gallery-item'>\n\t\t\t<div class='gallery-icon landscape'>\n\t\t\t\t<a href='https:\/\/www.arquimaster.com.ar\/web\/wp-content\/uploads\/2019\/07\/laboratorios_cacsf22.jpg' title=\"Edificio de Laboratorios de la C\u00e1mara Arbitral de Cereales \/ DUA Arquitectos (\u00a9 Ramiro Sosa)\" data-rl_title=\"Edificio de Laboratorios de la C\u00e1mara Arbitral de Cereales \/ DUA Arquitectos (\u00a9 Ramiro Sosa)\" class=\"rl-gallery-link\" data-rl_caption=\"Edificio de Laboratorios de la C\u00e1mara Arbitral de Cereales \/ DUA Arquitectos (\u00a9 Ramiro Sosa)\" data-rel=\"lightbox-gallery-2\"><img loading=\"lazy\" decoding=\"async\" width=\"150\" height=\"150\" src=\"https:\/\/www.arquimaster.com.ar\/web\/wp-content\/uploads\/2019\/07\/laboratorios_cacsf22-150x150.jpg\" class=\"attachment-thumbnail size-thumbnail\" alt=\"\" aria-describedby=\"gallery-2-48255\" \/><\/a>\n\t\t\t<\/div>\n\t\t\t\t<figcaption class='wp-caption-text gallery-caption' id='gallery-2-48255'>\n\t\t\t\tEdificio de Laboratorios de la C\u00e1mara Arbitral de Cereales \/ DUA Arquitectos (\u00a9 Ramiro Sosa)\n\t\t\t\t<\/figcaption><\/figure><figure class='gallery-item'>\n\t\t\t<div class='gallery-icon landscape'>\n\t\t\t\t<a href='https:\/\/www.arquimaster.com.ar\/web\/wp-content\/uploads\/2019\/07\/laboratorios_cacsf23.jpg' title=\"Edificio de Laboratorios de la C\u00e1mara Arbitral de Cereales \/ DUA Arquitectos (\u00a9 Ramiro Sosa)\" data-rl_title=\"Edificio de Laboratorios de la C\u00e1mara Arbitral de Cereales \/ DUA Arquitectos (\u00a9 Ramiro Sosa)\" class=\"rl-gallery-link\" data-rl_caption=\"Edificio de Laboratorios de la C\u00e1mara Arbitral de Cereales \/ DUA Arquitectos (\u00a9 Ramiro Sosa)\" data-rel=\"lightbox-gallery-2\"><img loading=\"lazy\" decoding=\"async\" width=\"150\" height=\"150\" src=\"https:\/\/www.arquimaster.com.ar\/web\/wp-content\/uploads\/2019\/07\/laboratorios_cacsf23-150x150.jpg\" class=\"attachment-thumbnail size-thumbnail\" alt=\"\" aria-describedby=\"gallery-2-48256\" \/><\/a>\n\t\t\t<\/div>\n\t\t\t\t<figcaption class='wp-caption-text gallery-caption' id='gallery-2-48256'>\n\t\t\t\tEdificio de Laboratorios de la C\u00e1mara Arbitral de Cereales \/ DUA Arquitectos (\u00a9 Ramiro Sosa)\n\t\t\t\t<\/figcaption><\/figure><figure class='gallery-item'>\n\t\t\t<div class='gallery-icon portrait'>\n\t\t\t\t<a href='https:\/\/www.arquimaster.com.ar\/web\/wp-content\/uploads\/2019\/07\/laboratorios_cacsf24.jpg' title=\"Edificio de Laboratorios de la C\u00e1mara Arbitral de Cereales \/ DUA Arquitectos (\u00a9 Ramiro Sosa)\" data-rl_title=\"Edificio de Laboratorios de la C\u00e1mara Arbitral de Cereales \/ DUA Arquitectos (\u00a9 Ramiro Sosa)\" class=\"rl-gallery-link\" data-rl_caption=\"Edificio de Laboratorios de la C\u00e1mara Arbitral de Cereales \/ DUA Arquitectos (\u00a9 Ramiro Sosa)\" data-rel=\"lightbox-gallery-2\"><img loading=\"lazy\" decoding=\"async\" width=\"150\" height=\"150\" src=\"https:\/\/www.arquimaster.com.ar\/web\/wp-content\/uploads\/2019\/07\/laboratorios_cacsf24-150x150.jpg\" class=\"attachment-thumbnail size-thumbnail\" alt=\"\" aria-describedby=\"gallery-2-48257\" \/><\/a>\n\t\t\t<\/div>\n\t\t\t\t<figcaption class='wp-caption-text gallery-caption' id='gallery-2-48257'>\n\t\t\t\tEdificio de Laboratorios de la C\u00e1mara Arbitral de Cereales \/ DUA Arquitectos (\u00a9 Ramiro Sosa)\n\t\t\t\t<\/figcaption><\/figure><figure class='gallery-item'>\n\t\t\t<div class='gallery-icon portrait'>\n\t\t\t\t<a href='https:\/\/www.arquimaster.com.ar\/web\/wp-content\/uploads\/2019\/07\/laboratorios_cacsf25.jpg' title=\"Edificio de Laboratorios de la C\u00e1mara Arbitral de Cereales \/ DUA Arquitectos (\u00a9 Ramiro Sosa)\" data-rl_title=\"Edificio de Laboratorios de la C\u00e1mara Arbitral de Cereales \/ DUA Arquitectos (\u00a9 Ramiro Sosa)\" class=\"rl-gallery-link\" data-rl_caption=\"Edificio de Laboratorios de la C\u00e1mara Arbitral de Cereales \/ DUA Arquitectos (\u00a9 Ramiro Sosa)\" data-rel=\"lightbox-gallery-2\"><img loading=\"lazy\" decoding=\"async\" width=\"150\" height=\"150\" src=\"https:\/\/www.arquimaster.com.ar\/web\/wp-content\/uploads\/2019\/07\/laboratorios_cacsf25-150x150.jpg\" class=\"attachment-thumbnail size-thumbnail\" alt=\"\" aria-describedby=\"gallery-2-48258\" \/><\/a>\n\t\t\t<\/div>\n\t\t\t\t<figcaption class='wp-caption-text gallery-caption' id='gallery-2-48258'>\n\t\t\t\tEdificio de Laboratorios de la C\u00e1mara Arbitral de Cereales \/ DUA Arquitectos (\u00a9 Ramiro Sosa)\n\t\t\t\t<\/figcaption><\/figure><figure class='gallery-item'>\n\t\t\t<div class='gallery-icon portrait'>\n\t\t\t\t<a href='https:\/\/www.arquimaster.com.ar\/web\/wp-content\/uploads\/2019\/07\/laboratorios_cacsf26.jpg' title=\"Edificio de Laboratorios de la C\u00e1mara Arbitral de Cereales \/ DUA Arquitectos (\u00a9 Ramiro Sosa)\" data-rl_title=\"Edificio de Laboratorios de la C\u00e1mara Arbitral de Cereales \/ DUA Arquitectos (\u00a9 Ramiro Sosa)\" class=\"rl-gallery-link\" data-rl_caption=\"Edificio de Laboratorios de la C\u00e1mara Arbitral de Cereales \/ DUA Arquitectos (\u00a9 Ramiro Sosa)\" data-rel=\"lightbox-gallery-2\"><img loading=\"lazy\" decoding=\"async\" width=\"150\" height=\"150\" src=\"https:\/\/www.arquimaster.com.ar\/web\/wp-content\/uploads\/2019\/07\/laboratorios_cacsf26-150x150.jpg\" class=\"attachment-thumbnail size-thumbnail\" alt=\"\" aria-describedby=\"gallery-2-48259\" \/><\/a>\n\t\t\t<\/div>\n\t\t\t\t<figcaption class='wp-caption-text gallery-caption' id='gallery-2-48259'>\n\t\t\t\tEdificio de Laboratorios de la C\u00e1mara Arbitral de Cereales \/ DUA Arquitectos (\u00a9 Ramiro Sosa)\n\t\t\t\t<\/figcaption><\/figure><figure class='gallery-item'>\n\t\t\t<div class='gallery-icon portrait'>\n\t\t\t\t<a href='https:\/\/www.arquimaster.com.ar\/web\/wp-content\/uploads\/2019\/07\/laboratorios_cacsf27.jpg' title=\"Edificio de Laboratorios de la C\u00e1mara Arbitral de Cereales \/ DUA Arquitectos (\u00a9 Ramiro Sosa)\" data-rl_title=\"Edificio de Laboratorios de la C\u00e1mara Arbitral de Cereales \/ DUA Arquitectos (\u00a9 Ramiro Sosa)\" class=\"rl-gallery-link\" data-rl_caption=\"Edificio de Laboratorios de la C\u00e1mara Arbitral de Cereales \/ DUA Arquitectos (\u00a9 Ramiro Sosa)\" data-rel=\"lightbox-gallery-2\"><img loading=\"lazy\" decoding=\"async\" width=\"150\" height=\"150\" src=\"https:\/\/www.arquimaster.com.ar\/web\/wp-content\/uploads\/2019\/07\/laboratorios_cacsf27-150x150.jpg\" class=\"attachment-thumbnail size-thumbnail\" alt=\"\" aria-describedby=\"gallery-2-48260\" \/><\/a>\n\t\t\t<\/div>\n\t\t\t\t<figcaption class='wp-caption-text gallery-caption' id='gallery-2-48260'>\n\t\t\t\tEdificio de Laboratorios de la C\u00e1mara Arbitral de Cereales \/ DUA Arquitectos (\u00a9 Ramiro Sosa)\n\t\t\t\t<\/figcaption><\/figure><figure class='gallery-item'>\n\t\t\t<div class='gallery-icon landscape'>\n\t\t\t\t<a href='https:\/\/www.arquimaster.com.ar\/web\/wp-content\/uploads\/2019\/07\/laboratorios_cacsf28.jpg' title=\"Edificio de Laboratorios de la C\u00e1mara Arbitral de Cereales \/ DUA Arquitectos (\u00a9 Ramiro Sosa)\" data-rl_title=\"Edificio de Laboratorios de la C\u00e1mara Arbitral de Cereales \/ DUA Arquitectos (\u00a9 Ramiro Sosa)\" class=\"rl-gallery-link\" data-rl_caption=\"Edificio de Laboratorios de la C\u00e1mara Arbitral de Cereales \/ DUA Arquitectos (\u00a9 Ramiro Sosa)\" data-rel=\"lightbox-gallery-2\"><img loading=\"lazy\" decoding=\"async\" width=\"150\" height=\"150\" src=\"https:\/\/www.arquimaster.com.ar\/web\/wp-content\/uploads\/2019\/07\/laboratorios_cacsf28-150x150.jpg\" class=\"attachment-thumbnail size-thumbnail\" alt=\"\" aria-describedby=\"gallery-2-48261\" \/><\/a>\n\t\t\t<\/div>\n\t\t\t\t<figcaption class='wp-caption-text gallery-caption' id='gallery-2-48261'>\n\t\t\t\tEdificio de Laboratorios de la C\u00e1mara Arbitral de Cereales \/ DUA Arquitectos (\u00a9 Ramiro Sosa)\n\t\t\t\t<\/figcaption><\/figure><figure class='gallery-item'>\n\t\t\t<div class='gallery-icon landscape'>\n\t\t\t\t<a href='https:\/\/www.arquimaster.com.ar\/web\/wp-content\/uploads\/2019\/07\/laboratorios_cacsf29.jpg' title=\"Edificio de Laboratorios de la C\u00e1mara Arbitral de Cereales \/ DUA Arquitectos (\u00a9 Ramiro Sosa)\" data-rl_title=\"Edificio de Laboratorios de la C\u00e1mara Arbitral de Cereales \/ DUA Arquitectos (\u00a9 Ramiro Sosa)\" class=\"rl-gallery-link\" data-rl_caption=\"Edificio de Laboratorios de la C\u00e1mara Arbitral de Cereales \/ DUA Arquitectos (\u00a9 Ramiro Sosa)\" data-rel=\"lightbox-gallery-2\"><img loading=\"lazy\" decoding=\"async\" width=\"150\" height=\"150\" src=\"https:\/\/www.arquimaster.com.ar\/web\/wp-content\/uploads\/2019\/07\/laboratorios_cacsf29-150x150.jpg\" class=\"attachment-thumbnail size-thumbnail\" alt=\"\" aria-describedby=\"gallery-2-48262\" \/><\/a>\n\t\t\t<\/div>\n\t\t\t\t<figcaption class='wp-caption-text gallery-caption' id='gallery-2-48262'>\n\t\t\t\tEdificio de Laboratorios de la C\u00e1mara Arbitral de Cereales \/ DUA Arquitectos (\u00a9 Ramiro Sosa)\n\t\t\t\t<\/figcaption><\/figure><figure class='gallery-item'>\n\t\t\t<div class='gallery-icon landscape'>\n\t\t\t\t<a href='https:\/\/www.arquimaster.com.ar\/web\/wp-content\/uploads\/2019\/07\/laboratorios_cacsf30.jpg' title=\"Edificio de Laboratorios de la C\u00e1mara Arbitral de Cereales \/ DUA Arquitectos (\u00a9 Ramiro Sosa)\" data-rl_title=\"Edificio de Laboratorios de la C\u00e1mara Arbitral de Cereales \/ DUA Arquitectos (\u00a9 Ramiro Sosa)\" class=\"rl-gallery-link\" data-rl_caption=\"Edificio de Laboratorios de la C\u00e1mara Arbitral de Cereales \/ DUA Arquitectos (\u00a9 Ramiro Sosa)\" data-rel=\"lightbox-gallery-2\"><img loading=\"lazy\" decoding=\"async\" width=\"150\" height=\"150\" src=\"https:\/\/www.arquimaster.com.ar\/web\/wp-content\/uploads\/2019\/07\/laboratorios_cacsf30-150x150.jpg\" class=\"attachment-thumbnail size-thumbnail\" alt=\"\" aria-describedby=\"gallery-2-48263\" \/><\/a>\n\t\t\t<\/div>\n\t\t\t\t<figcaption class='wp-caption-text gallery-caption' id='gallery-2-48263'>\n\t\t\t\tEdificio de Laboratorios de la C\u00e1mara Arbitral de Cereales \/ DUA Arquitectos (\u00a9 Ramiro Sosa)\n\t\t\t\t<\/figcaption><\/figure>\n\t\t<\/div>\n\n<p>En cuanto a los aspectos constructivos el edificio esta construido con una estructura independiente que combina elementos met\u00e1licos y de hormig\u00f3n armado y los cerramientos y tabiquer\u00edas interiores se realizaron en materiales de construcci\u00f3n en seco (sistema Steel framing y tabiquer\u00eda de placas de cart\u00f3n yeso). Se utilizaron carpinter\u00edas de aluminio y vidrio de alta prestaci\u00f3n. Los pisos interiores son de confecci\u00f3n tipo piso industrial y en algunos sectores de porcelanato en grandes piezas.<\/p>\n<p>El volumen del segundo nivel est\u00e1 revestido en el exterior con chapas met\u00e1licas miniwave con pa\u00f1os de la misma chapa micro perforada en los sectores donde se encuentran las aberturas.<\/p>\n<p>Se previeron adem\u00e1s sistemas de conducci\u00f3n de ca\u00f1er\u00edas e instalaciones especiales.<\/p>\n<div id='gallery-3' class='gallery galleryid-48232 gallery-columns-3 gallery-size-thumbnail'><figure class='gallery-item'>\n\t\t\t<div class='gallery-icon landscape'>\n\t\t\t\t<a href='https:\/\/www.arquimaster.com.ar\/web\/wp-content\/uploads\/2019\/07\/laboratorios_cacsf31.jpg' title=\"Edificio de Laboratorios de la C\u00e1mara Arbitral de Cereales \/ DUA Arquitectos (\u00a9 Ramiro Sosa)\" data-rl_title=\"Edificio de Laboratorios de la C\u00e1mara Arbitral de Cereales \/ DUA Arquitectos (\u00a9 Ramiro Sosa)\" class=\"rl-gallery-link\" data-rl_caption=\"Edificio de Laboratorios de la C\u00e1mara Arbitral de Cereales \/ DUA Arquitectos (\u00a9 Ramiro Sosa)\" data-rel=\"lightbox-gallery-3\"><img loading=\"lazy\" decoding=\"async\" width=\"150\" height=\"150\" src=\"https:\/\/www.arquimaster.com.ar\/web\/wp-content\/uploads\/2019\/07\/laboratorios_cacsf31-150x150.jpg\" class=\"attachment-thumbnail size-thumbnail\" alt=\"\" aria-describedby=\"gallery-3-48264\" \/><\/a>\n\t\t\t<\/div>\n\t\t\t\t<figcaption class='wp-caption-text gallery-caption' id='gallery-3-48264'>\n\t\t\t\tEdificio de Laboratorios de la C\u00e1mara Arbitral de Cereales \/ DUA Arquitectos (\u00a9 Ramiro Sosa)\n\t\t\t\t<\/figcaption><\/figure><figure class='gallery-item'>\n\t\t\t<div class='gallery-icon landscape'>\n\t\t\t\t<a href='https:\/\/www.arquimaster.com.ar\/web\/wp-content\/uploads\/2019\/07\/laboratorios_cacsf32.jpg' title=\"Edificio de Laboratorios de la C\u00e1mara Arbitral de Cereales \/ DUA Arquitectos (\u00a9 Ramiro Sosa)\" data-rl_title=\"Edificio de Laboratorios de la C\u00e1mara Arbitral de Cereales \/ DUA Arquitectos (\u00a9 Ramiro Sosa)\" class=\"rl-gallery-link\" data-rl_caption=\"Edificio de Laboratorios de la C\u00e1mara Arbitral de Cereales \/ DUA Arquitectos (\u00a9 Ramiro Sosa)\" data-rel=\"lightbox-gallery-3\"><img loading=\"lazy\" decoding=\"async\" width=\"150\" height=\"150\" src=\"https:\/\/www.arquimaster.com.ar\/web\/wp-content\/uploads\/2019\/07\/laboratorios_cacsf32-150x150.jpg\" class=\"attachment-thumbnail size-thumbnail\" alt=\"\" aria-describedby=\"gallery-3-48265\" \/><\/a>\n\t\t\t<\/div>\n\t\t\t\t<figcaption class='wp-caption-text gallery-caption' id='gallery-3-48265'>\n\t\t\t\tEdificio de Laboratorios de la C\u00e1mara Arbitral de Cereales \/ DUA Arquitectos (\u00a9 Ramiro Sosa)\n\t\t\t\t<\/figcaption><\/figure><figure class='gallery-item'>\n\t\t\t<div class='gallery-icon landscape'>\n\t\t\t\t<a href='https:\/\/www.arquimaster.com.ar\/web\/wp-content\/uploads\/2019\/07\/laboratorios_cacsf33.jpg' title=\"Edificio de Laboratorios de la C\u00e1mara Arbitral de Cereales \/ DUA Arquitectos (\u00a9 Ramiro Sosa)\" data-rl_title=\"Edificio de Laboratorios de la C\u00e1mara Arbitral de Cereales \/ DUA Arquitectos (\u00a9 Ramiro Sosa)\" class=\"rl-gallery-link\" data-rl_caption=\"Edificio de Laboratorios de la C\u00e1mara Arbitral de Cereales \/ DUA Arquitectos (\u00a9 Ramiro Sosa)\" data-rel=\"lightbox-gallery-3\"><img loading=\"lazy\" decoding=\"async\" width=\"150\" height=\"150\" src=\"https:\/\/www.arquimaster.com.ar\/web\/wp-content\/uploads\/2019\/07\/laboratorios_cacsf33-150x150.jpg\" class=\"attachment-thumbnail size-thumbnail\" alt=\"\" aria-describedby=\"gallery-3-48266\" \/><\/a>\n\t\t\t<\/div>\n\t\t\t\t<figcaption class='wp-caption-text gallery-caption' id='gallery-3-48266'>\n\t\t\t\tEdificio de Laboratorios de la C\u00e1mara Arbitral de Cereales \/ DUA Arquitectos (\u00a9 Ramiro Sosa)\n\t\t\t\t<\/figcaption><\/figure><figure class='gallery-item'>\n\t\t\t<div class='gallery-icon landscape'>\n\t\t\t\t<a href='https:\/\/www.arquimaster.com.ar\/web\/wp-content\/uploads\/2019\/07\/laboratorios_cacsf34.jpg' title=\"Edificio de Laboratorios de la C\u00e1mara Arbitral de Cereales \/ DUA Arquitectos (\u00a9 Ramiro Sosa)\" data-rl_title=\"Edificio de Laboratorios de la C\u00e1mara Arbitral de Cereales \/ DUA Arquitectos (\u00a9 Ramiro Sosa)\" class=\"rl-gallery-link\" data-rl_caption=\"Edificio de Laboratorios de la C\u00e1mara Arbitral de Cereales \/ DUA Arquitectos (\u00a9 Ramiro Sosa)\" data-rel=\"lightbox-gallery-3\"><img loading=\"lazy\" decoding=\"async\" width=\"150\" height=\"150\" src=\"https:\/\/www.arquimaster.com.ar\/web\/wp-content\/uploads\/2019\/07\/laboratorios_cacsf34-150x150.jpg\" class=\"attachment-thumbnail size-thumbnail\" alt=\"\" aria-describedby=\"gallery-3-48267\" \/><\/a>\n\t\t\t<\/div>\n\t\t\t\t<figcaption class='wp-caption-text gallery-caption' id='gallery-3-48267'>\n\t\t\t\tEdificio de Laboratorios de la C\u00e1mara Arbitral de Cereales \/ DUA Arquitectos (\u00a9 Ramiro Sosa)\n\t\t\t\t<\/figcaption><\/figure><figure class='gallery-item'>\n\t\t\t<div class='gallery-icon landscape'>\n\t\t\t\t<a href='https:\/\/www.arquimaster.com.ar\/web\/wp-content\/uploads\/2019\/07\/laboratorios_cacsf35.jpg' title=\"Edificio de Laboratorios de la C\u00e1mara Arbitral de Cereales \/ DUA Arquitectos (\u00a9 Ramiro Sosa)\" data-rl_title=\"Edificio de Laboratorios de la C\u00e1mara Arbitral de Cereales \/ DUA Arquitectos (\u00a9 Ramiro Sosa)\" class=\"rl-gallery-link\" data-rl_caption=\"Edificio de Laboratorios de la C\u00e1mara Arbitral de Cereales \/ DUA Arquitectos (\u00a9 Ramiro Sosa)\" data-rel=\"lightbox-gallery-3\"><img loading=\"lazy\" decoding=\"async\" width=\"150\" height=\"150\" src=\"https:\/\/www.arquimaster.com.ar\/web\/wp-content\/uploads\/2019\/07\/laboratorios_cacsf35-150x150.jpg\" class=\"attachment-thumbnail size-thumbnail\" alt=\"\" aria-describedby=\"gallery-3-48268\" \/><\/a>\n\t\t\t<\/div>\n\t\t\t\t<figcaption class='wp-caption-text gallery-caption' id='gallery-3-48268'>\n\t\t\t\tEdificio de Laboratorios de la C\u00e1mara Arbitral de Cereales \/ DUA Arquitectos (\u00a9 Ramiro Sosa)\n\t\t\t\t<\/figcaption><\/figure><figure class='gallery-item'>\n\t\t\t<div class='gallery-icon landscape'>\n\t\t\t\t<a href='https:\/\/www.arquimaster.com.ar\/web\/wp-content\/uploads\/2019\/07\/laboratorios_cacsf36.jpg' title=\"Edificio de Laboratorios de la C\u00e1mara Arbitral de Cereales \/ DUA Arquitectos (\u00a9 Ramiro Sosa)\" data-rl_title=\"Edificio de Laboratorios de la C\u00e1mara Arbitral de Cereales \/ DUA Arquitectos (\u00a9 Ramiro Sosa)\" class=\"rl-gallery-link\" data-rl_caption=\"Edificio de Laboratorios de la C\u00e1mara Arbitral de Cereales \/ DUA Arquitectos (\u00a9 Ramiro Sosa)\" data-rel=\"lightbox-gallery-3\"><img loading=\"lazy\" decoding=\"async\" width=\"150\" height=\"150\" src=\"https:\/\/www.arquimaster.com.ar\/web\/wp-content\/uploads\/2019\/07\/laboratorios_cacsf36-150x150.jpg\" class=\"attachment-thumbnail size-thumbnail\" alt=\"\" aria-describedby=\"gallery-3-48269\" \/><\/a>\n\t\t\t<\/div>\n\t\t\t\t<figcaption class='wp-caption-text gallery-caption' id='gallery-3-48269'>\n\t\t\t\tEdificio de Laboratorios de la C\u00e1mara Arbitral de Cereales \/ DUA Arquitectos (\u00a9 Ramiro Sosa)\n\t\t\t\t<\/figcaption><\/figure><figure class='gallery-item'>\n\t\t\t<div class='gallery-icon landscape'>\n\t\t\t\t<a href='https:\/\/www.arquimaster.com.ar\/web\/wp-content\/uploads\/2019\/07\/laboratorios_cacsf37.jpg' title=\"Edificio de Laboratorios de la C\u00e1mara Arbitral de Cereales \/ DUA Arquitectos (\u00a9 Ramiro Sosa)\" data-rl_title=\"Edificio de Laboratorios de la C\u00e1mara Arbitral de Cereales \/ DUA Arquitectos (\u00a9 Ramiro Sosa)\" class=\"rl-gallery-link\" data-rl_caption=\"Edificio de Laboratorios de la C\u00e1mara Arbitral de Cereales \/ DUA Arquitectos (\u00a9 Ramiro Sosa)\" data-rel=\"lightbox-gallery-3\"><img loading=\"lazy\" decoding=\"async\" width=\"150\" height=\"150\" src=\"https:\/\/www.arquimaster.com.ar\/web\/wp-content\/uploads\/2019\/07\/laboratorios_cacsf37-150x150.jpg\" class=\"attachment-thumbnail size-thumbnail\" alt=\"\" aria-describedby=\"gallery-3-48270\" \/><\/a>\n\t\t\t<\/div>\n\t\t\t\t<figcaption class='wp-caption-text gallery-caption' id='gallery-3-48270'>\n\t\t\t\tEdificio de Laboratorios de la C\u00e1mara Arbitral de Cereales \/ DUA Arquitectos (\u00a9 Ramiro Sosa)\n\t\t\t\t<\/figcaption><\/figure><figure class='gallery-item'>\n\t\t\t<div class='gallery-icon landscape'>\n\t\t\t\t<a href='https:\/\/www.arquimaster.com.ar\/web\/wp-content\/uploads\/2019\/07\/laboratorios_cacsf38.jpg' title=\"Edificio de Laboratorios de la C\u00e1mara Arbitral de Cereales \/ DUA Arquitectos (\u00a9 Ramiro Sosa)\" data-rl_title=\"Edificio de Laboratorios de la C\u00e1mara Arbitral de Cereales \/ DUA Arquitectos (\u00a9 Ramiro Sosa)\" class=\"rl-gallery-link\" data-rl_caption=\"Edificio de Laboratorios de la C\u00e1mara Arbitral de Cereales \/ DUA Arquitectos (\u00a9 Ramiro Sosa)\" data-rel=\"lightbox-gallery-3\"><img loading=\"lazy\" decoding=\"async\" width=\"150\" height=\"150\" src=\"https:\/\/www.arquimaster.com.ar\/web\/wp-content\/uploads\/2019\/07\/laboratorios_cacsf38-150x150.jpg\" class=\"attachment-thumbnail size-thumbnail\" alt=\"\" aria-describedby=\"gallery-3-48271\" \/><\/a>\n\t\t\t<\/div>\n\t\t\t\t<figcaption class='wp-caption-text gallery-caption' id='gallery-3-48271'>\n\t\t\t\tEdificio de Laboratorios de la C\u00e1mara Arbitral de Cereales \/ DUA Arquitectos (\u00a9 Ramiro Sosa)\n\t\t\t\t<\/figcaption><\/figure><figure class='gallery-item'>\n\t\t\t<div class='gallery-icon portrait'>\n\t\t\t\t<a href='https:\/\/www.arquimaster.com.ar\/web\/wp-content\/uploads\/2019\/07\/laboratorios_cacsf39.jpg' title=\"Edificio de Laboratorios de la C\u00e1mara Arbitral de Cereales \/ DUA Arquitectos (\u00a9 Ramiro Sosa)\" data-rl_title=\"Edificio de Laboratorios de la C\u00e1mara Arbitral de Cereales \/ DUA Arquitectos (\u00a9 Ramiro Sosa)\" class=\"rl-gallery-link\" data-rl_caption=\"Edificio de Laboratorios de la C\u00e1mara Arbitral de Cereales \/ DUA Arquitectos (\u00a9 Ramiro Sosa)\" data-rel=\"lightbox-gallery-3\"><img loading=\"lazy\" decoding=\"async\" width=\"150\" height=\"150\" src=\"https:\/\/www.arquimaster.com.ar\/web\/wp-content\/uploads\/2019\/07\/laboratorios_cacsf39-150x150.jpg\" class=\"attachment-thumbnail size-thumbnail\" alt=\"\" aria-describedby=\"gallery-3-48272\" \/><\/a>\n\t\t\t<\/div>\n\t\t\t\t<figcaption class='wp-caption-text gallery-caption' id='gallery-3-48272'>\n\t\t\t\tEdificio de Laboratorios de la C\u00e1mara Arbitral de Cereales \/ DUA Arquitectos (\u00a9 Ramiro Sosa)\n\t\t\t\t<\/figcaption><\/figure><figure class='gallery-item'>\n\t\t\t<div class='gallery-icon portrait'>\n\t\t\t\t<a href='https:\/\/www.arquimaster.com.ar\/web\/wp-content\/uploads\/2019\/07\/laboratorios_cacsf40.jpg' title=\"Edificio de Laboratorios de la C\u00e1mara Arbitral de Cereales \/ DUA Arquitectos (\u00a9 Ramiro Sosa)\" data-rl_title=\"Edificio de Laboratorios de la C\u00e1mara Arbitral de Cereales \/ DUA Arquitectos (\u00a9 Ramiro Sosa)\" class=\"rl-gallery-link\" data-rl_caption=\"Edificio de Laboratorios de la C\u00e1mara Arbitral de Cereales \/ DUA Arquitectos (\u00a9 Ramiro Sosa)\" data-rel=\"lightbox-gallery-3\"><img loading=\"lazy\" decoding=\"async\" width=\"150\" height=\"150\" src=\"https:\/\/www.arquimaster.com.ar\/web\/wp-content\/uploads\/2019\/07\/laboratorios_cacsf40-150x150.jpg\" class=\"attachment-thumbnail size-thumbnail\" alt=\"\" aria-describedby=\"gallery-3-48273\" \/><\/a>\n\t\t\t<\/div>\n\t\t\t\t<figcaption class='wp-caption-text gallery-caption' id='gallery-3-48273'>\n\t\t\t\tEdificio de Laboratorios de la C\u00e1mara Arbitral de Cereales \/ DUA Arquitectos (\u00a9 Ramiro Sosa)\n\t\t\t\t<\/figcaption><\/figure><figure class='gallery-item'>\n\t\t\t<div class='gallery-icon portrait'>\n\t\t\t\t<a href='https:\/\/www.arquimaster.com.ar\/web\/wp-content\/uploads\/2019\/07\/laboratorios_cacsf41.jpg' title=\"Edificio de Laboratorios de la C\u00e1mara Arbitral de Cereales \/ DUA Arquitectos (\u00a9 Ramiro Sosa)\" data-rl_title=\"Edificio de Laboratorios de la C\u00e1mara Arbitral de Cereales \/ DUA Arquitectos (\u00a9 Ramiro Sosa)\" class=\"rl-gallery-link\" data-rl_caption=\"Edificio de Laboratorios de la C\u00e1mara Arbitral de Cereales \/ DUA Arquitectos (\u00a9 Ramiro Sosa)\" data-rel=\"lightbox-gallery-3\"><img loading=\"lazy\" decoding=\"async\" width=\"150\" height=\"150\" src=\"https:\/\/www.arquimaster.com.ar\/web\/wp-content\/uploads\/2019\/07\/laboratorios_cacsf41-150x150.jpg\" class=\"attachment-thumbnail size-thumbnail\" alt=\"\" aria-describedby=\"gallery-3-48274\" \/><\/a>\n\t\t\t<\/div>\n\t\t\t\t<figcaption class='wp-caption-text gallery-caption' id='gallery-3-48274'>\n\t\t\t\tEdificio de Laboratorios de la C\u00e1mara Arbitral de Cereales \/ DUA Arquitectos (\u00a9 Ramiro Sosa)\n\t\t\t\t<\/figcaption><\/figure><figure class='gallery-item'>\n\t\t\t<div class='gallery-icon portrait'>\n\t\t\t\t<a href='https:\/\/www.arquimaster.com.ar\/web\/wp-content\/uploads\/2019\/07\/laboratorios_cacsf42.jpg' title=\"Edificio de Laboratorios de la C\u00e1mara Arbitral de Cereales \/ DUA Arquitectos (\u00a9 Ramiro Sosa)\" data-rl_title=\"Edificio de Laboratorios de la C\u00e1mara Arbitral de Cereales \/ DUA Arquitectos (\u00a9 Ramiro Sosa)\" class=\"rl-gallery-link\" data-rl_caption=\"Edificio de Laboratorios de la C\u00e1mara Arbitral de Cereales \/ DUA Arquitectos (\u00a9 Ramiro Sosa)\" data-rel=\"lightbox-gallery-3\"><img loading=\"lazy\" decoding=\"async\" width=\"150\" height=\"150\" src=\"https:\/\/www.arquimaster.com.ar\/web\/wp-content\/uploads\/2019\/07\/laboratorios_cacsf42-150x150.jpg\" class=\"attachment-thumbnail size-thumbnail\" alt=\"\" aria-describedby=\"gallery-3-48275\" \/><\/a>\n\t\t\t<\/div>\n\t\t\t\t<figcaption class='wp-caption-text gallery-caption' id='gallery-3-48275'>\n\t\t\t\tEdificio de Laboratorios de la C\u00e1mara Arbitral de Cereales \/ DUA Arquitectos (\u00a9 Ramiro Sosa)\n\t\t\t\t<\/figcaption><\/figure><figure class='gallery-item'>\n\t\t\t<div class='gallery-icon landscape'>\n\t\t\t\t<a href='https:\/\/www.arquimaster.com.ar\/web\/wp-content\/uploads\/2019\/07\/laboratorios_cacsf43.jpg' title=\"Edificio de Laboratorios de la C\u00e1mara Arbitral de Cereales \/ DUA Arquitectos (\u00a9 Ramiro Sosa)\" data-rl_title=\"Edificio de Laboratorios de la C\u00e1mara Arbitral de Cereales \/ DUA Arquitectos (\u00a9 Ramiro Sosa)\" class=\"rl-gallery-link\" data-rl_caption=\"Edificio de Laboratorios de la C\u00e1mara Arbitral de Cereales \/ DUA Arquitectos (\u00a9 Ramiro Sosa)\" data-rel=\"lightbox-gallery-3\"><img loading=\"lazy\" decoding=\"async\" width=\"150\" height=\"150\" src=\"https:\/\/www.arquimaster.com.ar\/web\/wp-content\/uploads\/2019\/07\/laboratorios_cacsf43-150x150.jpg\" class=\"attachment-thumbnail size-thumbnail\" alt=\"\" aria-describedby=\"gallery-3-48276\" \/><\/a>\n\t\t\t<\/div>\n\t\t\t\t<figcaption class='wp-caption-text gallery-caption' id='gallery-3-48276'>\n\t\t\t\tEdificio de Laboratorios de la C\u00e1mara Arbitral de Cereales \/ DUA Arquitectos (\u00a9 Ramiro Sosa)\n\t\t\t\t<\/figcaption><\/figure><figure class='gallery-item'>\n\t\t\t<div class='gallery-icon landscape'>\n\t\t\t\t<a href='https:\/\/www.arquimaster.com.ar\/web\/wp-content\/uploads\/2019\/07\/laboratorios_cacsf44.jpg' title=\"Edificio de Laboratorios de la C\u00e1mara Arbitral de Cereales \/ DUA Arquitectos (\u00a9 Ramiro Sosa)\" data-rl_title=\"Edificio de Laboratorios de la C\u00e1mara Arbitral de Cereales \/ DUA Arquitectos (\u00a9 Ramiro Sosa)\" class=\"rl-gallery-link\" data-rl_caption=\"Edificio de Laboratorios de la C\u00e1mara Arbitral de Cereales \/ DUA Arquitectos (\u00a9 Ramiro Sosa)\" data-rel=\"lightbox-gallery-3\"><img loading=\"lazy\" decoding=\"async\" width=\"150\" height=\"150\" src=\"https:\/\/www.arquimaster.com.ar\/web\/wp-content\/uploads\/2019\/07\/laboratorios_cacsf44-150x150.jpg\" class=\"attachment-thumbnail size-thumbnail\" alt=\"\" aria-describedby=\"gallery-3-48277\" \/><\/a>\n\t\t\t<\/div>\n\t\t\t\t<figcaption class='wp-caption-text gallery-caption' id='gallery-3-48277'>\n\t\t\t\tEdificio de Laboratorios de la C\u00e1mara Arbitral de Cereales \/ DUA Arquitectos (\u00a9 Ramiro Sosa)\n\t\t\t\t<\/figcaption><\/figure><figure class='gallery-item'>\n\t\t\t<div class='gallery-icon landscape'>\n\t\t\t\t<a href='https:\/\/www.arquimaster.com.ar\/web\/wp-content\/uploads\/2019\/07\/laboratorios_cacsf45.jpg' title=\"Edificio de Laboratorios de la C\u00e1mara Arbitral de Cereales \/ DUA Arquitectos (\u00a9 Ramiro Sosa)\" data-rl_title=\"Edificio de Laboratorios de la C\u00e1mara Arbitral de Cereales \/ DUA Arquitectos (\u00a9 Ramiro Sosa)\" class=\"rl-gallery-link\" data-rl_caption=\"Edificio de Laboratorios de la C\u00e1mara Arbitral de Cereales \/ DUA Arquitectos (\u00a9 Ramiro Sosa)\" data-rel=\"lightbox-gallery-3\"><img loading=\"lazy\" decoding=\"async\" width=\"150\" height=\"150\" src=\"https:\/\/www.arquimaster.com.ar\/web\/wp-content\/uploads\/2019\/07\/laboratorios_cacsf45-150x150.jpg\" class=\"attachment-thumbnail size-thumbnail\" alt=\"\" aria-describedby=\"gallery-3-48278\" \/><\/a>\n\t\t\t<\/div>\n\t\t\t\t<figcaption class='wp-caption-text gallery-caption' id='gallery-3-48278'>\n\t\t\t\tEdificio de Laboratorios de la C\u00e1mara Arbitral de Cereales \/ DUA Arquitectos (\u00a9 Ramiro Sosa)\n\t\t\t\t<\/figcaption><\/figure>\n\t\t<\/div>\n\n<p><strong>Consideraciones generales sobre aspectos ambientales<\/strong><br \/>Fueron tenidos en cuenta en el proyecto par\u00e1metros generales tendientes a lograr la eficiencia energ\u00e9tica del edificio, el uso de energ\u00edas renovables, el consumo racional del agua, la calidad y bajo impacto ambiental, de acuerdo a los puntos planteados por el EAPSF (Ente Administrador Puerto de Santa Fe), a saber:<\/p>\n<p>Se utilizaron aislaciones de muros y techos tendientes a mejorar la eficiencia t\u00e9rmica del edificio. A prop\u00f3sito de esto se ha colocado la circulaci\u00f3n principal del edificio del lado oeste de modo tal de minimizar la incidencia solar sobre los espacios de trabajo ubicados al este. En los sectores donde no existe tal circulaci\u00f3n se ha trabajado con vol\u00famenes cerrados y con aberturas peque\u00f1as y se ha pensado en la colocaci\u00f3n de elementos de protecci\u00f3n solar al oeste para disminuir la incidencia solar sobre los vidrios.<\/p>\n<div id='gallery-4' class='gallery galleryid-48232 gallery-columns-3 gallery-size-thumbnail'><figure class='gallery-item'>\n\t\t\t<div class='gallery-icon landscape'>\n\t\t\t\t<a href='https:\/\/www.arquimaster.com.ar\/web\/wp-content\/uploads\/2019\/07\/laboratorios_cacsf46.jpg' title=\"Edificio de Laboratorios de la C\u00e1mara Arbitral de Cereales \/ DUA Arquitectos (\u00a9 Ramiro Sosa)\" data-rl_title=\"Edificio de Laboratorios de la C\u00e1mara Arbitral de Cereales \/ DUA Arquitectos (\u00a9 Ramiro Sosa)\" class=\"rl-gallery-link\" data-rl_caption=\"Edificio de Laboratorios de la C\u00e1mara Arbitral de Cereales \/ DUA Arquitectos (\u00a9 Ramiro Sosa)\" data-rel=\"lightbox-gallery-4\"><img loading=\"lazy\" decoding=\"async\" width=\"150\" height=\"150\" src=\"https:\/\/www.arquimaster.com.ar\/web\/wp-content\/uploads\/2019\/07\/laboratorios_cacsf46-150x150.jpg\" class=\"attachment-thumbnail size-thumbnail\" alt=\"\" aria-describedby=\"gallery-4-48279\" \/><\/a>\n\t\t\t<\/div>\n\t\t\t\t<figcaption class='wp-caption-text gallery-caption' id='gallery-4-48279'>\n\t\t\t\tEdificio de Laboratorios de la C\u00e1mara Arbitral de Cereales \/ DUA Arquitectos (\u00a9 Ramiro Sosa)\n\t\t\t\t<\/figcaption><\/figure><figure class='gallery-item'>\n\t\t\t<div class='gallery-icon portrait'>\n\t\t\t\t<a href='https:\/\/www.arquimaster.com.ar\/web\/wp-content\/uploads\/2019\/07\/laboratorios_cacsf47.jpg' title=\"Edificio de Laboratorios de la C\u00e1mara Arbitral de Cereales \/ DUA Arquitectos (\u00a9 Ramiro Sosa)\" data-rl_title=\"Edificio de Laboratorios de la C\u00e1mara Arbitral de Cereales \/ DUA Arquitectos (\u00a9 Ramiro Sosa)\" class=\"rl-gallery-link\" data-rl_caption=\"Edificio de Laboratorios de la C\u00e1mara Arbitral de Cereales \/ DUA Arquitectos (\u00a9 Ramiro Sosa)\" data-rel=\"lightbox-gallery-4\"><img loading=\"lazy\" decoding=\"async\" width=\"150\" height=\"150\" src=\"https:\/\/www.arquimaster.com.ar\/web\/wp-content\/uploads\/2019\/07\/laboratorios_cacsf47-150x150.jpg\" class=\"attachment-thumbnail size-thumbnail\" alt=\"\" aria-describedby=\"gallery-4-48280\" \/><\/a>\n\t\t\t<\/div>\n\t\t\t\t<figcaption class='wp-caption-text gallery-caption' id='gallery-4-48280'>\n\t\t\t\tEdificio de Laboratorios de la C\u00e1mara Arbitral de Cereales \/ DUA Arquitectos (\u00a9 Ramiro Sosa)\n\t\t\t\t<\/figcaption><\/figure><figure class='gallery-item'>\n\t\t\t<div class='gallery-icon portrait'>\n\t\t\t\t<a href='https:\/\/www.arquimaster.com.ar\/web\/wp-content\/uploads\/2019\/07\/laboratorios_cacsf48.jpg' title=\"Edificio de Laboratorios de la C\u00e1mara Arbitral de Cereales \/ DUA Arquitectos (\u00a9 Ramiro Sosa)\" data-rl_title=\"Edificio de Laboratorios de la C\u00e1mara Arbitral de Cereales \/ DUA Arquitectos (\u00a9 Ramiro Sosa)\" class=\"rl-gallery-link\" data-rl_caption=\"Edificio de Laboratorios de la C\u00e1mara Arbitral de Cereales \/ DUA Arquitectos (\u00a9 Ramiro Sosa)\" data-rel=\"lightbox-gallery-4\"><img loading=\"lazy\" decoding=\"async\" width=\"150\" height=\"150\" src=\"https:\/\/www.arquimaster.com.ar\/web\/wp-content\/uploads\/2019\/07\/laboratorios_cacsf48-150x150.jpg\" class=\"attachment-thumbnail size-thumbnail\" alt=\"\" aria-describedby=\"gallery-4-48281\" \/><\/a>\n\t\t\t<\/div>\n\t\t\t\t<figcaption class='wp-caption-text gallery-caption' id='gallery-4-48281'>\n\t\t\t\tEdificio de Laboratorios de la C\u00e1mara Arbitral de Cereales \/ DUA Arquitectos (\u00a9 Ramiro Sosa)\n\t\t\t\t<\/figcaption><\/figure><figure class='gallery-item'>\n\t\t\t<div class='gallery-icon landscape'>\n\t\t\t\t<a href='https:\/\/www.arquimaster.com.ar\/web\/wp-content\/uploads\/2019\/07\/laboratorios_cacsf49.jpg' title=\"Edificio de Laboratorios de la C\u00e1mara Arbitral de Cereales \/ DUA Arquitectos (\u00a9 Ramiro Sosa)\" data-rl_title=\"Edificio de Laboratorios de la C\u00e1mara Arbitral de Cereales \/ DUA Arquitectos (\u00a9 Ramiro Sosa)\" class=\"rl-gallery-link\" data-rl_caption=\"Edificio de Laboratorios de la C\u00e1mara Arbitral de Cereales \/ DUA Arquitectos (\u00a9 Ramiro Sosa)\" data-rel=\"lightbox-gallery-4\"><img loading=\"lazy\" decoding=\"async\" width=\"150\" height=\"150\" src=\"https:\/\/www.arquimaster.com.ar\/web\/wp-content\/uploads\/2019\/07\/laboratorios_cacsf49-150x150.jpg\" class=\"attachment-thumbnail size-thumbnail\" alt=\"\" aria-describedby=\"gallery-4-48282\" \/><\/a>\n\t\t\t<\/div>\n\t\t\t\t<figcaption class='wp-caption-text gallery-caption' id='gallery-4-48282'>\n\t\t\t\tEdificio de Laboratorios de la C\u00e1mara Arbitral de Cereales \/ DUA Arquitectos (\u00a9 Ramiro Sosa)\n\t\t\t\t<\/figcaption><\/figure><figure class='gallery-item'>\n\t\t\t<div class='gallery-icon landscape'>\n\t\t\t\t<a href='https:\/\/www.arquimaster.com.ar\/web\/wp-content\/uploads\/2019\/07\/laboratorios_cacsf50.jpg' title=\"Edificio de Laboratorios de la C\u00e1mara Arbitral de Cereales \/ DUA Arquitectos (\u00a9 Ramiro Sosa)\" data-rl_title=\"Edificio de Laboratorios de la C\u00e1mara Arbitral de Cereales \/ DUA Arquitectos (\u00a9 Ramiro Sosa)\" class=\"rl-gallery-link\" data-rl_caption=\"Edificio de Laboratorios de la C\u00e1mara Arbitral de Cereales \/ DUA Arquitectos (\u00a9 Ramiro Sosa)\" data-rel=\"lightbox-gallery-4\"><img loading=\"lazy\" decoding=\"async\" width=\"150\" height=\"150\" src=\"https:\/\/www.arquimaster.com.ar\/web\/wp-content\/uploads\/2019\/07\/laboratorios_cacsf50-150x150.jpg\" class=\"attachment-thumbnail size-thumbnail\" alt=\"\" aria-describedby=\"gallery-4-48283\" \/><\/a>\n\t\t\t<\/div>\n\t\t\t\t<figcaption class='wp-caption-text gallery-caption' id='gallery-4-48283'>\n\t\t\t\tEdificio de Laboratorios de la C\u00e1mara Arbitral de Cereales \/ DUA Arquitectos (\u00a9 Ramiro Sosa)\n\t\t\t\t<\/figcaption><\/figure><figure class='gallery-item'>\n\t\t\t<div class='gallery-icon portrait'>\n\t\t\t\t<a href='https:\/\/www.arquimaster.com.ar\/web\/wp-content\/uploads\/2019\/07\/laboratorios_cacsf51.jpg' title=\"Edificio de Laboratorios de la C\u00e1mara Arbitral de Cereales \/ DUA Arquitectos (\u00a9 Ramiro Sosa)\" data-rl_title=\"Edificio de Laboratorios de la C\u00e1mara Arbitral de Cereales \/ DUA Arquitectos (\u00a9 Ramiro Sosa)\" class=\"rl-gallery-link\" data-rl_caption=\"Edificio de Laboratorios de la C\u00e1mara Arbitral de Cereales \/ DUA Arquitectos (\u00a9 Ramiro Sosa)\" data-rel=\"lightbox-gallery-4\"><img loading=\"lazy\" decoding=\"async\" width=\"150\" height=\"150\" src=\"https:\/\/www.arquimaster.com.ar\/web\/wp-content\/uploads\/2019\/07\/laboratorios_cacsf51-150x150.jpg\" class=\"attachment-thumbnail size-thumbnail\" alt=\"\" aria-describedby=\"gallery-4-48284\" \/><\/a>\n\t\t\t<\/div>\n\t\t\t\t<figcaption class='wp-caption-text gallery-caption' id='gallery-4-48284'>\n\t\t\t\tEdificio de Laboratorios de la C\u00e1mara Arbitral de Cereales \/ DUA Arquitectos (\u00a9 Ramiro Sosa)\n\t\t\t\t<\/figcaption><\/figure><figure class='gallery-item'>\n\t\t\t<div class='gallery-icon portrait'>\n\t\t\t\t<a href='https:\/\/www.arquimaster.com.ar\/web\/wp-content\/uploads\/2019\/07\/laboratorios_cacsf52.jpg' title=\"Edificio de Laboratorios de la C\u00e1mara Arbitral de Cereales \/ DUA Arquitectos (\u00a9 Ramiro Sosa)\" data-rl_title=\"Edificio de Laboratorios de la C\u00e1mara Arbitral de Cereales \/ DUA Arquitectos (\u00a9 Ramiro Sosa)\" class=\"rl-gallery-link\" data-rl_caption=\"Edificio de Laboratorios de la C\u00e1mara Arbitral de Cereales \/ DUA Arquitectos (\u00a9 Ramiro Sosa)\" data-rel=\"lightbox-gallery-4\"><img loading=\"lazy\" decoding=\"async\" width=\"150\" height=\"150\" src=\"https:\/\/www.arquimaster.com.ar\/web\/wp-content\/uploads\/2019\/07\/laboratorios_cacsf52-150x150.jpg\" class=\"attachment-thumbnail size-thumbnail\" alt=\"\" aria-describedby=\"gallery-4-48285\" \/><\/a>\n\t\t\t<\/div>\n\t\t\t\t<figcaption class='wp-caption-text gallery-caption' id='gallery-4-48285'>\n\t\t\t\tEdificio de Laboratorios de la C\u00e1mara Arbitral de Cereales \/ DUA Arquitectos (\u00a9 Ramiro Sosa)\n\t\t\t\t<\/figcaption><\/figure><figure class='gallery-item'>\n\t\t\t<div class='gallery-icon portrait'>\n\t\t\t\t<a href='https:\/\/www.arquimaster.com.ar\/web\/wp-content\/uploads\/2019\/07\/laboratorios_cacsf53.jpg' title=\"Edificio de Laboratorios de la C\u00e1mara Arbitral de Cereales \/ DUA Arquitectos (\u00a9 Ramiro Sosa)\" data-rl_title=\"Edificio de Laboratorios de la C\u00e1mara Arbitral de Cereales \/ DUA Arquitectos (\u00a9 Ramiro Sosa)\" class=\"rl-gallery-link\" data-rl_caption=\"Edificio de Laboratorios de la C\u00e1mara Arbitral de Cereales \/ DUA Arquitectos (\u00a9 Ramiro Sosa)\" data-rel=\"lightbox-gallery-4\"><img loading=\"lazy\" decoding=\"async\" width=\"150\" height=\"150\" src=\"https:\/\/www.arquimaster.com.ar\/web\/wp-content\/uploads\/2019\/07\/laboratorios_cacsf53-150x150.jpg\" class=\"attachment-thumbnail size-thumbnail\" alt=\"\" aria-describedby=\"gallery-4-48286\" \/><\/a>\n\t\t\t<\/div>\n\t\t\t\t<figcaption class='wp-caption-text gallery-caption' id='gallery-4-48286'>\n\t\t\t\tEdificio de Laboratorios de la C\u00e1mara Arbitral de Cereales \/ DUA Arquitectos (\u00a9 Ramiro Sosa)\n\t\t\t\t<\/figcaption><\/figure><figure class='gallery-item'>\n\t\t\t<div class='gallery-icon landscape'>\n\t\t\t\t<a href='https:\/\/www.arquimaster.com.ar\/web\/wp-content\/uploads\/2019\/07\/laboratorios_cacsf54.jpg' title=\"Edificio de Laboratorios de la C\u00e1mara Arbitral de Cereales \/ DUA Arquitectos (\u00a9 Ramiro Sosa)\" data-rl_title=\"Edificio de Laboratorios de la C\u00e1mara Arbitral de Cereales \/ DUA Arquitectos (\u00a9 Ramiro Sosa)\" class=\"rl-gallery-link\" data-rl_caption=\"Edificio de Laboratorios de la C\u00e1mara Arbitral de Cereales \/ DUA Arquitectos (\u00a9 Ramiro Sosa)\" data-rel=\"lightbox-gallery-4\"><img loading=\"lazy\" decoding=\"async\" width=\"150\" height=\"150\" src=\"https:\/\/www.arquimaster.com.ar\/web\/wp-content\/uploads\/2019\/07\/laboratorios_cacsf54-150x150.jpg\" class=\"attachment-thumbnail size-thumbnail\" alt=\"\" aria-describedby=\"gallery-4-48287\" \/><\/a>\n\t\t\t<\/div>\n\t\t\t\t<figcaption class='wp-caption-text gallery-caption' id='gallery-4-48287'>\n\t\t\t\tEdificio de Laboratorios de la C\u00e1mara Arbitral de Cereales \/ DUA Arquitectos (\u00a9 Ramiro Sosa)\n\t\t\t\t<\/figcaption><\/figure><figure class='gallery-item'>\n\t\t\t<div class='gallery-icon portrait'>\n\t\t\t\t<a href='https:\/\/www.arquimaster.com.ar\/web\/wp-content\/uploads\/2019\/07\/laboratorios_cacsf55.jpg' title=\"Edificio de Laboratorios de la C\u00e1mara Arbitral de Cereales \/ DUA Arquitectos (\u00a9 Ramiro Sosa)\" data-rl_title=\"Edificio de Laboratorios de la C\u00e1mara Arbitral de Cereales \/ DUA Arquitectos (\u00a9 Ramiro Sosa)\" class=\"rl-gallery-link\" data-rl_caption=\"Edificio de Laboratorios de la C\u00e1mara Arbitral de Cereales \/ DUA Arquitectos (\u00a9 Ramiro Sosa)\" data-rel=\"lightbox-gallery-4\"><img loading=\"lazy\" decoding=\"async\" width=\"150\" height=\"150\" src=\"https:\/\/www.arquimaster.com.ar\/web\/wp-content\/uploads\/2019\/07\/laboratorios_cacsf55-150x150.jpg\" class=\"attachment-thumbnail size-thumbnail\" alt=\"\" aria-describedby=\"gallery-4-48288\" \/><\/a>\n\t\t\t<\/div>\n\t\t\t\t<figcaption class='wp-caption-text gallery-caption' id='gallery-4-48288'>\n\t\t\t\tEdificio de Laboratorios de la C\u00e1mara Arbitral de Cereales \/ DUA Arquitectos (\u00a9 Ramiro Sosa)\n\t\t\t\t<\/figcaption><\/figure><figure class='gallery-item'>\n\t\t\t<div class='gallery-icon portrait'>\n\t\t\t\t<a href='https:\/\/www.arquimaster.com.ar\/web\/wp-content\/uploads\/2019\/07\/laboratorios_cacsf56.jpg' title=\"Edificio de Laboratorios de la C\u00e1mara Arbitral de Cereales \/ DUA Arquitectos (\u00a9 Ramiro Sosa)\" data-rl_title=\"Edificio de Laboratorios de la C\u00e1mara Arbitral de Cereales \/ DUA Arquitectos (\u00a9 Ramiro Sosa)\" class=\"rl-gallery-link\" data-rl_caption=\"Edificio de Laboratorios de la C\u00e1mara Arbitral de Cereales \/ DUA Arquitectos (\u00a9 Ramiro Sosa)\" data-rel=\"lightbox-gallery-4\"><img loading=\"lazy\" decoding=\"async\" width=\"150\" height=\"150\" src=\"https:\/\/www.arquimaster.com.ar\/web\/wp-content\/uploads\/2019\/07\/laboratorios_cacsf56-150x150.jpg\" class=\"attachment-thumbnail size-thumbnail\" alt=\"\" aria-describedby=\"gallery-4-48289\" \/><\/a>\n\t\t\t<\/div>\n\t\t\t\t<figcaption class='wp-caption-text gallery-caption' id='gallery-4-48289'>\n\t\t\t\tEdificio de Laboratorios de la C\u00e1mara Arbitral de Cereales \/ DUA Arquitectos (\u00a9 Ramiro Sosa)\n\t\t\t\t<\/figcaption><\/figure><figure class='gallery-item'>\n\t\t\t<div class='gallery-icon landscape'>\n\t\t\t\t<a href='https:\/\/www.arquimaster.com.ar\/web\/wp-content\/uploads\/2019\/07\/laboratorios_cacsf57.jpg' title=\"Edificio de Laboratorios de la C\u00e1mara Arbitral de Cereales \/ DUA Arquitectos (planta baja)\" data-rl_title=\"Edificio de Laboratorios de la C\u00e1mara Arbitral de Cereales \/ DUA Arquitectos (planta baja)\" class=\"rl-gallery-link\" data-rl_caption=\"Edificio de Laboratorios de la C\u00e1mara Arbitral de Cereales \/ DUA Arquitectos (planta baja)\" data-rel=\"lightbox-gallery-4\"><img loading=\"lazy\" decoding=\"async\" width=\"150\" height=\"150\" src=\"https:\/\/www.arquimaster.com.ar\/web\/wp-content\/uploads\/2019\/07\/laboratorios_cacsf57-150x150.jpg\" class=\"attachment-thumbnail size-thumbnail\" alt=\"\" aria-describedby=\"gallery-4-48290\" \/><\/a>\n\t\t\t<\/div>\n\t\t\t\t<figcaption class='wp-caption-text gallery-caption' id='gallery-4-48290'>\n\t\t\t\tEdificio de Laboratorios de la C\u00e1mara Arbitral de Cereales \/ DUA Arquitectos (planta baja)\n\t\t\t\t<\/figcaption><\/figure><figure class='gallery-item'>\n\t\t\t<div class='gallery-icon landscape'>\n\t\t\t\t<a href='https:\/\/www.arquimaster.com.ar\/web\/wp-content\/uploads\/2019\/07\/laboratorios_cacsf58.jpg' title=\"Edificio de Laboratorios de la C\u00e1mara Arbitral de Cereales \/ DUA Arquitectos (planta alta)\" data-rl_title=\"Edificio de Laboratorios de la C\u00e1mara Arbitral de Cereales \/ DUA Arquitectos (planta alta)\" class=\"rl-gallery-link\" data-rl_caption=\"Edificio de Laboratorios de la C\u00e1mara Arbitral de Cereales \/ DUA Arquitectos (planta alta)\" data-rel=\"lightbox-gallery-4\"><img loading=\"lazy\" decoding=\"async\" width=\"150\" height=\"150\" src=\"https:\/\/www.arquimaster.com.ar\/web\/wp-content\/uploads\/2019\/07\/laboratorios_cacsf58-150x150.jpg\" class=\"attachment-thumbnail size-thumbnail\" alt=\"\" aria-describedby=\"gallery-4-48291\" \/><\/a>\n\t\t\t<\/div>\n\t\t\t\t<figcaption class='wp-caption-text gallery-caption' id='gallery-4-48291'>\n\t\t\t\tEdificio de Laboratorios de la C\u00e1mara Arbitral de Cereales \/ DUA Arquitectos (planta alta)\n\t\t\t\t<\/figcaption><\/figure><figure class='gallery-item'>\n\t\t\t<div class='gallery-icon landscape'>\n\t\t\t\t<a href='https:\/\/www.arquimaster.com.ar\/web\/wp-content\/uploads\/2019\/07\/laboratorios_cacsf59.jpg' title=\"Edificio de Laboratorios de la C\u00e1mara Arbitral de Cereales \/ DUA Arquitectos (planta de techos)\" data-rl_title=\"Edificio de Laboratorios de la C\u00e1mara Arbitral de Cereales \/ DUA Arquitectos (planta de techos)\" class=\"rl-gallery-link\" data-rl_caption=\"Edificio de Laboratorios de la C\u00e1mara Arbitral de Cereales \/ DUA Arquitectos (planta de techos)\" data-rel=\"lightbox-gallery-4\"><img loading=\"lazy\" decoding=\"async\" width=\"150\" height=\"150\" src=\"https:\/\/www.arquimaster.com.ar\/web\/wp-content\/uploads\/2019\/07\/laboratorios_cacsf59-150x150.jpg\" class=\"attachment-thumbnail size-thumbnail\" alt=\"\" aria-describedby=\"gallery-4-48292\" \/><\/a>\n\t\t\t<\/div>\n\t\t\t\t<figcaption class='wp-caption-text gallery-caption' id='gallery-4-48292'>\n\t\t\t\tEdificio de Laboratorios de la C\u00e1mara Arbitral de Cereales \/ DUA Arquitectos (planta de techos)\n\t\t\t\t<\/figcaption><\/figure><figure class='gallery-item'>\n\t\t\t<div class='gallery-icon landscape'>\n\t\t\t\t<a href='https:\/\/www.arquimaster.com.ar\/web\/wp-content\/uploads\/2019\/07\/laboratorios_cacsf60.jpg' title=\"Edificio de Laboratorios de la C\u00e1mara Arbitral de Cereales \/ DUA Arquitectos (corte longitudinal)\" data-rl_title=\"Edificio de Laboratorios de la C\u00e1mara Arbitral de Cereales \/ DUA Arquitectos (corte longitudinal)\" class=\"rl-gallery-link\" data-rl_caption=\"Edificio de Laboratorios de la C\u00e1mara Arbitral de Cereales \/ DUA Arquitectos (corte longitudinal)\" data-rel=\"lightbox-gallery-4\"><img loading=\"lazy\" decoding=\"async\" width=\"150\" height=\"150\" src=\"https:\/\/www.arquimaster.com.ar\/web\/wp-content\/uploads\/2019\/07\/laboratorios_cacsf60-150x150.jpg\" class=\"attachment-thumbnail size-thumbnail\" alt=\"\" aria-describedby=\"gallery-4-48293\" \/><\/a>\n\t\t\t<\/div>\n\t\t\t\t<figcaption class='wp-caption-text gallery-caption' id='gallery-4-48293'>\n\t\t\t\tEdificio de Laboratorios de la C\u00e1mara Arbitral de Cereales \/ DUA Arquitectos (corte longitudinal)\n\t\t\t\t<\/figcaption><\/figure><figure class='gallery-item'>\n\t\t\t<div class='gallery-icon landscape'>\n\t\t\t\t<a href='https:\/\/www.arquimaster.com.ar\/web\/wp-content\/uploads\/2019\/07\/laboratorios_cacsf61.jpg' title=\"Edificio de Laboratorios de la C\u00e1mara Arbitral de Cereales \/ DUA Arquitectos (corte transversal)\" data-rl_title=\"Edificio de Laboratorios de la C\u00e1mara Arbitral de Cereales \/ DUA Arquitectos (corte transversal)\" class=\"rl-gallery-link\" data-rl_caption=\"Edificio de Laboratorios de la C\u00e1mara Arbitral de Cereales \/ DUA Arquitectos (corte transversal)\" data-rel=\"lightbox-gallery-4\"><img loading=\"lazy\" decoding=\"async\" width=\"150\" height=\"150\" src=\"https:\/\/www.arquimaster.com.ar\/web\/wp-content\/uploads\/2019\/07\/laboratorios_cacsf61-150x150.jpg\" class=\"attachment-thumbnail size-thumbnail\" alt=\"\" aria-describedby=\"gallery-4-48294\" \/><\/a>\n\t\t\t<\/div>\n\t\t\t\t<figcaption class='wp-caption-text gallery-caption' id='gallery-4-48294'>\n\t\t\t\tEdificio de Laboratorios de la C\u00e1mara Arbitral de Cereales \/ DUA Arquitectos (corte transversal)\n\t\t\t\t<\/figcaption><\/figure><figure class='gallery-item'>\n\t\t\t<div class='gallery-icon landscape'>\n\t\t\t\t<a href='https:\/\/www.arquimaster.com.ar\/web\/wp-content\/uploads\/2019\/07\/laboratorios_cacsf62.jpg' title=\"Edificio de Laboratorios de la C\u00e1mara Arbitral de Cereales \/ DUA Arquitectos (vista frente)\" data-rl_title=\"Edificio de Laboratorios de la C\u00e1mara Arbitral de Cereales \/ DUA Arquitectos (vista frente)\" class=\"rl-gallery-link\" data-rl_caption=\"Edificio de Laboratorios de la C\u00e1mara Arbitral de Cereales \/ DUA Arquitectos (vista frente)\" data-rel=\"lightbox-gallery-4\"><img loading=\"lazy\" decoding=\"async\" width=\"150\" height=\"150\" src=\"https:\/\/www.arquimaster.com.ar\/web\/wp-content\/uploads\/2019\/07\/laboratorios_cacsf62-150x150.jpg\" class=\"attachment-thumbnail size-thumbnail\" alt=\"\" aria-describedby=\"gallery-4-48295\" \/><\/a>\n\t\t\t<\/div>\n\t\t\t\t<figcaption class='wp-caption-text gallery-caption' id='gallery-4-48295'>\n\t\t\t\tEdificio de Laboratorios de la C\u00e1mara Arbitral de Cereales \/ DUA Arquitectos (vista frente)\n\t\t\t\t<\/figcaption><\/figure><figure class='gallery-item'>\n\t\t\t<div class='gallery-icon landscape'>\n\t\t\t\t<a href='https:\/\/www.arquimaster.com.ar\/web\/wp-content\/uploads\/2019\/07\/laboratorios_cacsf63.jpg' title=\"Edificio de Laboratorios de la C\u00e1mara Arbitral de Cereales \/ DUA Arquitectos (vista lateral)\" data-rl_title=\"Edificio de Laboratorios de la C\u00e1mara Arbitral de Cereales \/ DUA Arquitectos (vista lateral)\" class=\"rl-gallery-link\" data-rl_caption=\"Edificio de Laboratorios de la C\u00e1mara Arbitral de Cereales \/ DUA Arquitectos (vista lateral)\" data-rel=\"lightbox-gallery-4\"><img loading=\"lazy\" decoding=\"async\" width=\"150\" height=\"150\" src=\"https:\/\/www.arquimaster.com.ar\/web\/wp-content\/uploads\/2019\/07\/laboratorios_cacsf63-150x150.jpg\" class=\"attachment-thumbnail size-thumbnail\" alt=\"\" aria-describedby=\"gallery-4-48296\" \/><\/a>\n\t\t\t<\/div>\n\t\t\t\t<figcaption class='wp-caption-text gallery-caption' id='gallery-4-48296'>\n\t\t\t\tEdificio de Laboratorios de la C\u00e1mara Arbitral de Cereales \/ DUA Arquitectos (vista lateral)\n\t\t\t\t<\/figcaption><\/figure><figure class='gallery-item'>\n\t\t\t<div class='gallery-icon portrait'>\n\t\t\t\t<a href='https:\/\/www.arquimaster.com.ar\/web\/wp-content\/uploads\/2019\/07\/laboratorios_cacsf64.jpg' title=\"Edificio de Laboratorios de la C\u00e1mara Arbitral de Cereales \/ DUA Arquitectos (detalle constructivo)\" data-rl_title=\"Edificio de Laboratorios de la C\u00e1mara Arbitral de Cereales \/ DUA Arquitectos (detalle constructivo)\" class=\"rl-gallery-link\" data-rl_caption=\"Edificio de Laboratorios de la C\u00e1mara Arbitral de Cereales \/ DUA Arquitectos (detalle constructivo)\" data-rel=\"lightbox-gallery-4\"><img loading=\"lazy\" decoding=\"async\" width=\"150\" height=\"150\" src=\"https:\/\/www.arquimaster.com.ar\/web\/wp-content\/uploads\/2019\/07\/laboratorios_cacsf64-150x150.jpg\" class=\"attachment-thumbnail size-thumbnail\" alt=\"\" aria-describedby=\"gallery-4-48297\" \/><\/a>\n\t\t\t<\/div>\n\t\t\t\t<figcaption class='wp-caption-text gallery-caption' id='gallery-4-48297'>\n\t\t\t\tEdificio de Laboratorios de la C\u00e1mara Arbitral de Cereales \/ DUA Arquitectos (detalle constructivo)\n\t\t\t\t<\/figcaption><\/figure><figure class='gallery-item'>\n\t\t\t<div class='gallery-icon portrait'>\n\t\t\t\t<a href='https:\/\/www.arquimaster.com.ar\/web\/wp-content\/uploads\/2019\/07\/laboratorios_cacsf65.jpg' title=\"Edificio de Laboratorios de la C\u00e1mara Arbitral de Cereales \/ DUA Arquitectos (detalle constructivo)\" data-rl_title=\"Edificio de Laboratorios de la C\u00e1mara Arbitral de Cereales \/ DUA Arquitectos (detalle constructivo)\" class=\"rl-gallery-link\" data-rl_caption=\"Edificio de Laboratorios de la C\u00e1mara Arbitral de Cereales \/ DUA Arquitectos (detalle constructivo)\" data-rel=\"lightbox-gallery-4\"><img loading=\"lazy\" decoding=\"async\" width=\"150\" height=\"150\" src=\"https:\/\/www.arquimaster.com.ar\/web\/wp-content\/uploads\/2019\/07\/laboratorios_cacsf65-150x150.jpg\" class=\"attachment-thumbnail size-thumbnail\" alt=\"\" aria-describedby=\"gallery-4-48298\" \/><\/a>\n\t\t\t<\/div>\n\t\t\t\t<figcaption class='wp-caption-text gallery-caption' id='gallery-4-48298'>\n\t\t\t\tEdificio de Laboratorios de la C\u00e1mara Arbitral de Cereales \/ DUA Arquitectos (detalle constructivo)\n\t\t\t\t<\/figcaption><\/figure><figure class='gallery-item'>\n\t\t\t<div class='gallery-icon portrait'>\n\t\t\t\t<a href='https:\/\/www.arquimaster.com.ar\/web\/wp-content\/uploads\/2019\/07\/laboratorios_cacsf66.jpg' title=\"Edificio de Laboratorios de la C\u00e1mara Arbitral de Cereales \/ DUA Arquitectos (detalle constructivo)\" data-rl_title=\"Edificio de Laboratorios de la C\u00e1mara Arbitral de Cereales \/ DUA Arquitectos (detalle constructivo)\" class=\"rl-gallery-link\" data-rl_caption=\"Edificio de Laboratorios de la C\u00e1mara Arbitral de Cereales \/ DUA Arquitectos (detalle constructivo)\" data-rel=\"lightbox-gallery-4\"><img loading=\"lazy\" decoding=\"async\" width=\"150\" height=\"150\" src=\"https:\/\/www.arquimaster.com.ar\/web\/wp-content\/uploads\/2019\/07\/laboratorios_cacsf66-150x150.jpg\" class=\"attachment-thumbnail size-thumbnail\" alt=\"\" aria-describedby=\"gallery-4-48299\" \/><\/a>\n\t\t\t<\/div>\n\t\t\t\t<figcaption class='wp-caption-text gallery-caption' id='gallery-4-48299'>\n\t\t\t\tEdificio de Laboratorios de la C\u00e1mara Arbitral de Cereales \/ DUA Arquitectos (detalle constructivo)\n\t\t\t\t<\/figcaption><\/figure><figure class='gallery-item'>\n\t\t\t<div class='gallery-icon portrait'>\n\t\t\t\t<a href='https:\/\/www.arquimaster.com.ar\/web\/wp-content\/uploads\/2019\/07\/laboratorios_cacsf67.jpg' title=\"Edificio de Laboratorios de la C\u00e1mara Arbitral de Cereales \/ DUA Arquitectos (axonometrica)\" data-rl_title=\"Edificio de Laboratorios de la C\u00e1mara Arbitral de Cereales \/ DUA Arquitectos (axonometrica)\" class=\"rl-gallery-link\" data-rl_caption=\"Edificio de Laboratorios de la C\u00e1mara Arbitral de Cereales \/ DUA Arquitectos (axonometrica)\" data-rel=\"lightbox-gallery-4\"><img loading=\"lazy\" decoding=\"async\" width=\"150\" height=\"150\" src=\"https:\/\/www.arquimaster.com.ar\/web\/wp-content\/uploads\/2019\/07\/laboratorios_cacsf67-150x150.jpg\" class=\"attachment-thumbnail size-thumbnail\" alt=\"\" aria-describedby=\"gallery-4-48300\" \/><\/a>\n\t\t\t<\/div>\n\t\t\t\t<figcaption class='wp-caption-text gallery-caption' id='gallery-4-48300'>\n\t\t\t\tEdificio de Laboratorios de la C\u00e1mara Arbitral de Cereales \/ DUA Arquitectos (axonometrica)\n\t\t\t\t<\/figcaption><\/figure>\n\t\t<\/div>\n\n<p>Todos los ambientes que lo permiten cuentan con sistemas de ventilaci\u00f3n e iluminaci\u00f3n natural adecuados a los efectos.<\/p>\n<p>Se utilizaron mayormente en los espacios de trabajo sistemas de iluminaci\u00f3n de bajo consumo energ\u00e9tico. <br \/>Para los sistemas de calentamiento de agua se utilizaron termotanques a energ\u00eda solar con sus correspondientes colectores colocados en la cubierta.<\/p>\n<p>En las instalaciones sanitarias se tomaron medidas tendientes a controlar las descargas a cloacas o pozos absorbentes, a trav\u00e9s de la utilizaci\u00f3n de Biodigestores y\/o lechos absorbentes.<\/p>\n<p><strong>Ficha t\u00e9cnica<\/strong><br \/>Nombre: Edificio de Laboratorios de la C\u00e1mara Arbitral de Cereales<br \/>Ubicaci\u00f3n: Calle Rosa Carmen All, Puerto de la Ciudad de Santa Fe, Pcia. de Santa Fe, Argentina<br \/>Autor: DUA Arquitectos<br \/>Gustavo Barrirero, Leandro Copello, Davina Bonino Arquitectos Asociados<br \/>Calculo estructura: Ing. Gustavo Perini<br \/>Superficie lote: 1137,2 m2<br \/>Superficie cubierta: 837,29 m2<br \/>Superficie semicubierta: 17 m2<br \/>Fecha inicio de obra: septiembre 2016<br \/>Fecha finalizaci\u00f3n de obra: marzo 2019<br \/>Fot\u00f3grafo: Ramiro Sosa<\/p>\n\n\n<div style=\"height:20px\" aria-hidden=\"true\" class=\"wp-block-spacer\"><\/div>\n\n\n<p><em><strong>English version<\/strong><\/em><\/p>\n<p><em>It is a building whose program is basically composed of 3 laboratories for the realization of various analyzes of cereals and seeds, linked to a sector of administrative and managment offices. It was solved in a longitudinal way with 2 levels arranged along the ground.<\/em><\/p>\n<p><em>On the ground floor to the front, administrative offices, reception and some services are located; below (linked by a circulation spine) are 3 analysis laboratories . On the upper floor, and throughout the entire building, a container volume was located that solves the offices of each sector, manager office at the front and the second level of laboratories.<\/em><\/p>\n<p><em>The parking spaces of the building are located at the bottom of the land, as well as a parking space for the loading and unloading of samples with which the laboratories work.<\/em><\/p>\n<p><em>The access to the garages is resolved through a side parallel street to the building against the west party wall. To the east, the building is also separated from the dividing wall to form a landscaped courtyard space that acts as a lung and resolves visuals and ventilations of the main work spaces.<\/em><\/p>\n<p><em>Regarding the construction aspects, the building is built with an independent structure that combines metal and reinforced concrete elements and the internal walls and partitions were made in dry construction materials (Steel framing system and plasterboard partition walls). Aluminum frames and high performance glass were used. The interior floors are made of industrial floor type and in some sectors of porcelain in large pieces. The volume of the second level is coated on the outside with miniwave metal sheets with cloths of the same micro perforated sheet in the sectors where the openings are. Piping systems and special installations were also envisaged.<\/em><\/p>\n<p><strong><em>General considerations on environmental aspects<br \/><\/em><\/strong><em>They were taken into account in the project general parameters tending to achieve the energy efficiency of the building, the use of renewable energy, the rational consumption of water, quality and low environmental impact, according to the points raised by the EAPSF (Administrator of Puerto of Santa Fe), namely:<\/em><\/p>\n<p><em>&#8211; Walls and ceilings were used to improve the thermal efficiency of the building. In this regard, the main circulation of the building on the west side has been placed in such a way as to minimize the solar incidence on the work spaces located to the east. In the sectors where there is no such circulation, we have worked with closed volumes and small openings, and we have thought about the placement of solar protection elements to the west to reduce the solar incidence on the glass.<\/em><\/p>\n<p><em>&#8211; All environments that allow it have ventilation systems and natural lighting suitable for the purposes.<\/em><\/p>\n<p><em>&#8211; Lighting systems with low energy consumption were used mostly in work spaces.<\/em><\/p>\n<p><em>&#8211; For water heating systems solar water heaters were used with their corresponding collectors placed on the roof.<\/em><\/p>\n<p><em>&#8211; In sanitary installations, measures were taken to control discharges into sewers or absorbent wells, through the use of biodigesters and \/ or absorbent beds.<\/em><\/p>\n<div style=\"font-size: 0px; height: 0px; line-height: 0px; margin: 0; padding: 0; clear: both;\"><\/div><div style=\"margin-top: 0px; margin-bottom: 0px;\" class=\"sharethis-inline-share-buttons\" ><\/div>","protected":false},"excerpt":{"rendered":"<p>El proyecto tiende a lograr la eficiencia energ\u00e9tica del edificio, el uso de energ\u00edas renovables&#8230;<\/p>\n","protected":false},"author":1,"featured_media":48233,"comment_status":"closed","ping_status":"closed","sticky":false,"template":"","format":"standard","meta":{"_uag_custom_page_level_css":"","footnotes":""},"categories":[3767,1],"tags":[5366,5363,5364,3724,5365,255,29],"class_list":["post-48232","post","type-post","status-publish","format-standard","has-post-thumbnail","hentry","category-arquitectura-institucional","category-proyecto","tag-davina-bonino","tag-dua-arquitectos","tag-gustavo-barrirero","tag-laboratorio","tag-leandro-copello","tag-oficinas","tag-santa-fe","generate-columns","tablet-grid-50","mobile-grid-100","grid-parent","grid-50"],"yoast_head":"<!-- This site is optimized with the Yoast SEO plugin v27.3 - https:\/\/yoast.com\/product\/yoast-seo-wordpress\/ -->\n<title>Edificio de Laboratorios de la C\u00e1mara Arbitral de Cereales \/ DUA Arquitectos - Arquimaster<\/title>\n<meta name=\"description\" content=\"El proyecto tiende a lograr la eficiencia energ\u00e9tica del edificio, el uso de energ\u00edas renovables, el consumo racional del agua, la calidad y bajo impacto ambiental.\" \/>\n<meta name=\"robots\" content=\"index, follow, max-snippet:-1, max-image-preview:large, max-video-preview:-1\" \/>\n<link rel=\"canonical\" href=\"https:\/\/www.arquimaster.com.ar\/web\/edificio-de-laboratorios-de-la-camara-arbitral-de-cereales-dua-arquitectos\/\" \/>\n<meta property=\"og:locale\" content=\"es_ES\" \/>\n<meta property=\"og:type\" content=\"article\" \/>\n<meta property=\"og:title\" content=\"Edificio de Laboratorios de la C\u00e1mara Arbitral de Cereales \/ DUA Arquitectos\" \/>\n<meta property=\"og:description\" content=\"El proyecto tiende a lograr la eficiencia energ\u00e9tica del edificio, el uso de energ\u00edas renovables, el consumo racional del agua, la calidad y bajo impacto ambiental.\" \/>\n<meta property=\"og:url\" content=\"https:\/\/www.arquimaster.com.ar\/web\/edificio-de-laboratorios-de-la-camara-arbitral-de-cereales-dua-arquitectos\/\" \/>\n<meta property=\"og:site_name\" content=\"Arquimaster\" \/>\n<meta property=\"article:publisher\" content=\"http:\/\/www.facebook.com\/ARQUIMASTER.com.ar\" \/>\n<meta property=\"article:published_time\" content=\"2019-07-11T23:36:16+00:00\" \/>\n<meta property=\"article:modified_time\" content=\"2019-07-11T23:41:09+00:00\" \/>\n<meta property=\"og:image\" content=\"https:\/\/www.arquimaster.com.ar\/web\/wp-content\/uploads\/2019\/07\/laboratorios_cacsf_slide.jpg\" \/>\n\t<meta property=\"og:image:width\" content=\"698\" \/>\n\t<meta property=\"og:image:height\" content=\"364\" \/>\n\t<meta property=\"og:image:type\" content=\"image\/jpeg\" \/>\n<meta name=\"author\" content=\"Arquimaster\" \/>\n<meta name=\"twitter:card\" content=\"summary_large_image\" \/>\n<meta name=\"twitter:title\" content=\"Edificio de Laboratorios de la C\u00e1mara Arbitral de Cereales \/ DUA Arquitectos\" \/>\n<meta name=\"twitter:description\" content=\"El proyecto tiende a lograr la eficiencia energ\u00e9tica del edificio, el uso de energ\u00edas renovables, el consumo racional del agua, la calidad y bajo impacto ambiental.\" \/>\n<meta name=\"twitter:image\" content=\"https:\/\/www.arquimaster.com.ar\/web\/wp-content\/uploads\/2019\/07\/laboratorios_cacsf_slide.jpg\" \/>\n<meta name=\"twitter:creator\" content=\"@arquimaster\" \/>\n<meta name=\"twitter:site\" content=\"@arquimaster\" \/>\n<meta name=\"twitter:label1\" content=\"Escrito por\" \/>\n\t<meta name=\"twitter:data1\" content=\"Arquimaster\" \/>\n\t<meta name=\"twitter:label2\" content=\"Tiempo de lectura\" \/>\n\t<meta name=\"twitter:data2\" content=\"6 minutos\" \/>\n<script type=\"application\/ld+json\" class=\"yoast-schema-graph\">{\"@context\":\"https:\\\/\\\/schema.org\",\"@graph\":[{\"@type\":\"Article\",\"@id\":\"https:\\\/\\\/www.arquimaster.com.ar\\\/web\\\/edificio-de-laboratorios-de-la-camara-arbitral-de-cereales-dua-arquitectos\\\/#article\",\"isPartOf\":{\"@id\":\"https:\\\/\\\/www.arquimaster.com.ar\\\/web\\\/edificio-de-laboratorios-de-la-camara-arbitral-de-cereales-dua-arquitectos\\\/\"},\"author\":{\"name\":\"Arquimaster\",\"@id\":\"https:\\\/\\\/www.arquimaster.com.ar\\\/web\\\/#\\\/schema\\\/person\\\/359e9f7c00193fcde068e0dd2ceb0028\"},\"headline\":\"Edificio de Laboratorios de la C\u00e1mara Arbitral de Cereales \\\/ DUA Arquitectos\",\"datePublished\":\"2019-07-11T23:36:16+00:00\",\"dateModified\":\"2019-07-11T23:41:09+00:00\",\"mainEntityOfPage\":{\"@id\":\"https:\\\/\\\/www.arquimaster.com.ar\\\/web\\\/edificio-de-laboratorios-de-la-camara-arbitral-de-cereales-dua-arquitectos\\\/\"},\"wordCount\":1194,\"publisher\":{\"@id\":\"https:\\\/\\\/www.arquimaster.com.ar\\\/web\\\/#organization\"},\"image\":{\"@id\":\"https:\\\/\\\/www.arquimaster.com.ar\\\/web\\\/edificio-de-laboratorios-de-la-camara-arbitral-de-cereales-dua-arquitectos\\\/#primaryimage\"},\"thumbnailUrl\":\"https:\\\/\\\/www.arquimaster.com.ar\\\/web\\\/wp-content\\\/uploads\\\/2019\\\/07\\\/laboratorios_cacsf_slide.jpg\",\"keywords\":[\"Davina Bonino\",\"DUA Arquitectos\",\"Gustavo Barrirero\",\"laboratorio\",\"Leandro Copello\",\"oficinas\",\"Santa Fe\"],\"articleSection\":[\"Arquitectura institucional\",\"Proyecto\"],\"inLanguage\":\"es\"},{\"@type\":\"WebPage\",\"@id\":\"https:\\\/\\\/www.arquimaster.com.ar\\\/web\\\/edificio-de-laboratorios-de-la-camara-arbitral-de-cereales-dua-arquitectos\\\/\",\"url\":\"https:\\\/\\\/www.arquimaster.com.ar\\\/web\\\/edificio-de-laboratorios-de-la-camara-arbitral-de-cereales-dua-arquitectos\\\/\",\"name\":\"Edificio de Laboratorios de la C\u00e1mara Arbitral de Cereales \\\/ DUA Arquitectos - Arquimaster\",\"isPartOf\":{\"@id\":\"https:\\\/\\\/www.arquimaster.com.ar\\\/web\\\/#website\"},\"primaryImageOfPage\":{\"@id\":\"https:\\\/\\\/www.arquimaster.com.ar\\\/web\\\/edificio-de-laboratorios-de-la-camara-arbitral-de-cereales-dua-arquitectos\\\/#primaryimage\"},\"image\":{\"@id\":\"https:\\\/\\\/www.arquimaster.com.ar\\\/web\\\/edificio-de-laboratorios-de-la-camara-arbitral-de-cereales-dua-arquitectos\\\/#primaryimage\"},\"thumbnailUrl\":\"https:\\\/\\\/www.arquimaster.com.ar\\\/web\\\/wp-content\\\/uploads\\\/2019\\\/07\\\/laboratorios_cacsf_slide.jpg\",\"datePublished\":\"2019-07-11T23:36:16+00:00\",\"dateModified\":\"2019-07-11T23:41:09+00:00\",\"description\":\"El proyecto tiende a lograr la eficiencia energ\u00e9tica del edificio, el uso de energ\u00edas renovables, el consumo racional del agua, la calidad y bajo impacto ambiental.\",\"breadcrumb\":{\"@id\":\"https:\\\/\\\/www.arquimaster.com.ar\\\/web\\\/edificio-de-laboratorios-de-la-camara-arbitral-de-cereales-dua-arquitectos\\\/#breadcrumb\"},\"inLanguage\":\"es\",\"potentialAction\":[{\"@type\":\"ReadAction\",\"target\":[\"https:\\\/\\\/www.arquimaster.com.ar\\\/web\\\/edificio-de-laboratorios-de-la-camara-arbitral-de-cereales-dua-arquitectos\\\/\"]}]},{\"@type\":\"ImageObject\",\"inLanguage\":\"es\",\"@id\":\"https:\\\/\\\/www.arquimaster.com.ar\\\/web\\\/edificio-de-laboratorios-de-la-camara-arbitral-de-cereales-dua-arquitectos\\\/#primaryimage\",\"url\":\"https:\\\/\\\/www.arquimaster.com.ar\\\/web\\\/wp-content\\\/uploads\\\/2019\\\/07\\\/laboratorios_cacsf_slide.jpg\",\"contentUrl\":\"https:\\\/\\\/www.arquimaster.com.ar\\\/web\\\/wp-content\\\/uploads\\\/2019\\\/07\\\/laboratorios_cacsf_slide.jpg\",\"width\":698,\"height\":364},{\"@type\":\"BreadcrumbList\",\"@id\":\"https:\\\/\\\/www.arquimaster.com.ar\\\/web\\\/edificio-de-laboratorios-de-la-camara-arbitral-de-cereales-dua-arquitectos\\\/#breadcrumb\",\"itemListElement\":[{\"@type\":\"ListItem\",\"position\":1,\"name\":\"Portada\",\"item\":\"https:\\\/\\\/www.arquimaster.com.ar\\\/web\\\/\"},{\"@type\":\"ListItem\",\"position\":2,\"name\":\"Edificio de Laboratorios de la C\u00e1mara Arbitral de Cereales \\\/ DUA Arquitectos\"}]},{\"@type\":\"WebSite\",\"@id\":\"https:\\\/\\\/www.arquimaster.com.ar\\\/web\\\/#website\",\"url\":\"https:\\\/\\\/www.arquimaster.com.ar\\\/web\\\/\",\"name\":\"Arquimaster\",\"description\":\"Web de arquitectura, dise\u00f1o y construccion\",\"publisher\":{\"@id\":\"https:\\\/\\\/www.arquimaster.com.ar\\\/web\\\/#organization\"},\"potentialAction\":[{\"@type\":\"SearchAction\",\"target\":{\"@type\":\"EntryPoint\",\"urlTemplate\":\"https:\\\/\\\/www.arquimaster.com.ar\\\/web\\\/?s={search_term_string}\"},\"query-input\":{\"@type\":\"PropertyValueSpecification\",\"valueRequired\":true,\"valueName\":\"search_term_string\"}}],\"inLanguage\":\"es\"},{\"@type\":\"Organization\",\"@id\":\"https:\\\/\\\/www.arquimaster.com.ar\\\/web\\\/#organization\",\"name\":\"Arquimaster\",\"url\":\"https:\\\/\\\/www.arquimaster.com.ar\\\/web\\\/\",\"logo\":{\"@type\":\"ImageObject\",\"inLanguage\":\"es\",\"@id\":\"https:\\\/\\\/www.arquimaster.com.ar\\\/web\\\/#\\\/schema\\\/logo\\\/image\\\/\",\"url\":\"https:\\\/\\\/www.arquimaster.com.ar\\\/web\\\/wp-content\\\/uploads\\\/2022\\\/06\\\/arquimaster.png\",\"contentUrl\":\"https:\\\/\\\/www.arquimaster.com.ar\\\/web\\\/wp-content\\\/uploads\\\/2022\\\/06\\\/arquimaster.png\",\"width\":594,\"height\":78,\"caption\":\"Arquimaster\"},\"image\":{\"@id\":\"https:\\\/\\\/www.arquimaster.com.ar\\\/web\\\/#\\\/schema\\\/logo\\\/image\\\/\"},\"sameAs\":[\"http:\\\/\\\/www.facebook.com\\\/ARQUIMASTER.com.ar\",\"https:\\\/\\\/x.com\\\/arquimaster\",\"https:\\\/\\\/www.instagram.com\\\/arquimasterblog\\\/\",\"https:\\\/\\\/www.linkedin.com\\\/company\\\/arquimaster\",\"https:\\\/\\\/www.pinterest.com\\\/arquimaster\",\"https:\\\/\\\/t.me\\\/arquimaster\"]},{\"@type\":\"Person\",\"@id\":\"https:\\\/\\\/www.arquimaster.com.ar\\\/web\\\/#\\\/schema\\\/person\\\/359e9f7c00193fcde068e0dd2ceb0028\",\"name\":\"Arquimaster\"}]}<\/script>\n<!-- \/ Yoast SEO plugin. -->","yoast_head_json":{"title":"Edificio de Laboratorios de la C\u00e1mara Arbitral de Cereales \/ DUA Arquitectos - Arquimaster","description":"El proyecto tiende a lograr la eficiencia energ\u00e9tica del edificio, el uso de energ\u00edas renovables, el consumo racional del agua, la calidad y bajo impacto ambiental.","robots":{"index":"index","follow":"follow","max-snippet":"max-snippet:-1","max-image-preview":"max-image-preview:large","max-video-preview":"max-video-preview:-1"},"canonical":"https:\/\/www.arquimaster.com.ar\/web\/edificio-de-laboratorios-de-la-camara-arbitral-de-cereales-dua-arquitectos\/","og_locale":"es_ES","og_type":"article","og_title":"Edificio de Laboratorios de la C\u00e1mara Arbitral de Cereales \/ DUA Arquitectos","og_description":"El proyecto tiende a lograr la eficiencia energ\u00e9tica del edificio, el uso de energ\u00edas renovables, el consumo racional del agua, la calidad y bajo impacto ambiental.","og_url":"https:\/\/www.arquimaster.com.ar\/web\/edificio-de-laboratorios-de-la-camara-arbitral-de-cereales-dua-arquitectos\/","og_site_name":"Arquimaster","article_publisher":"http:\/\/www.facebook.com\/ARQUIMASTER.com.ar","article_published_time":"2019-07-11T23:36:16+00:00","article_modified_time":"2019-07-11T23:41:09+00:00","og_image":[{"width":698,"height":364,"url":"https:\/\/www.arquimaster.com.ar\/web\/wp-content\/uploads\/2019\/07\/laboratorios_cacsf_slide.jpg","type":"image\/jpeg"}],"author":"Arquimaster","twitter_card":"summary_large_image","twitter_title":"Edificio de Laboratorios de la C\u00e1mara Arbitral de Cereales \/ DUA Arquitectos","twitter_description":"El proyecto tiende a lograr la eficiencia energ\u00e9tica del edificio, el uso de energ\u00edas renovables, el consumo racional del agua, la calidad y bajo impacto ambiental.","twitter_image":"https:\/\/www.arquimaster.com.ar\/web\/wp-content\/uploads\/2019\/07\/laboratorios_cacsf_slide.jpg","twitter_creator":"@arquimaster","twitter_site":"@arquimaster","twitter_misc":{"Escrito por":"Arquimaster","Tiempo de lectura":"6 minutos"},"schema":{"@context":"https:\/\/schema.org","@graph":[{"@type":"Article","@id":"https:\/\/www.arquimaster.com.ar\/web\/edificio-de-laboratorios-de-la-camara-arbitral-de-cereales-dua-arquitectos\/#article","isPartOf":{"@id":"https:\/\/www.arquimaster.com.ar\/web\/edificio-de-laboratorios-de-la-camara-arbitral-de-cereales-dua-arquitectos\/"},"author":{"name":"Arquimaster","@id":"https:\/\/www.arquimaster.com.ar\/web\/#\/schema\/person\/359e9f7c00193fcde068e0dd2ceb0028"},"headline":"Edificio de Laboratorios de la C\u00e1mara Arbitral de Cereales \/ DUA Arquitectos","datePublished":"2019-07-11T23:36:16+00:00","dateModified":"2019-07-11T23:41:09+00:00","mainEntityOfPage":{"@id":"https:\/\/www.arquimaster.com.ar\/web\/edificio-de-laboratorios-de-la-camara-arbitral-de-cereales-dua-arquitectos\/"},"wordCount":1194,"publisher":{"@id":"https:\/\/www.arquimaster.com.ar\/web\/#organization"},"image":{"@id":"https:\/\/www.arquimaster.com.ar\/web\/edificio-de-laboratorios-de-la-camara-arbitral-de-cereales-dua-arquitectos\/#primaryimage"},"thumbnailUrl":"https:\/\/www.arquimaster.com.ar\/web\/wp-content\/uploads\/2019\/07\/laboratorios_cacsf_slide.jpg","keywords":["Davina Bonino","DUA Arquitectos","Gustavo Barrirero","laboratorio","Leandro Copello","oficinas","Santa Fe"],"articleSection":["Arquitectura institucional","Proyecto"],"inLanguage":"es"},{"@type":"WebPage","@id":"https:\/\/www.arquimaster.com.ar\/web\/edificio-de-laboratorios-de-la-camara-arbitral-de-cereales-dua-arquitectos\/","url":"https:\/\/www.arquimaster.com.ar\/web\/edificio-de-laboratorios-de-la-camara-arbitral-de-cereales-dua-arquitectos\/","name":"Edificio de Laboratorios de la C\u00e1mara Arbitral de Cereales \/ DUA Arquitectos - Arquimaster","isPartOf":{"@id":"https:\/\/www.arquimaster.com.ar\/web\/#website"},"primaryImageOfPage":{"@id":"https:\/\/www.arquimaster.com.ar\/web\/edificio-de-laboratorios-de-la-camara-arbitral-de-cereales-dua-arquitectos\/#primaryimage"},"image":{"@id":"https:\/\/www.arquimaster.com.ar\/web\/edificio-de-laboratorios-de-la-camara-arbitral-de-cereales-dua-arquitectos\/#primaryimage"},"thumbnailUrl":"https:\/\/www.arquimaster.com.ar\/web\/wp-content\/uploads\/2019\/07\/laboratorios_cacsf_slide.jpg","datePublished":"2019-07-11T23:36:16+00:00","dateModified":"2019-07-11T23:41:09+00:00","description":"El proyecto tiende a lograr la eficiencia energ\u00e9tica del edificio, el uso de energ\u00edas renovables, el consumo racional del agua, la calidad y bajo impacto ambiental.","breadcrumb":{"@id":"https:\/\/www.arquimaster.com.ar\/web\/edificio-de-laboratorios-de-la-camara-arbitral-de-cereales-dua-arquitectos\/#breadcrumb"},"inLanguage":"es","potentialAction":[{"@type":"ReadAction","target":["https:\/\/www.arquimaster.com.ar\/web\/edificio-de-laboratorios-de-la-camara-arbitral-de-cereales-dua-arquitectos\/"]}]},{"@type":"ImageObject","inLanguage":"es","@id":"https:\/\/www.arquimaster.com.ar\/web\/edificio-de-laboratorios-de-la-camara-arbitral-de-cereales-dua-arquitectos\/#primaryimage","url":"https:\/\/www.arquimaster.com.ar\/web\/wp-content\/uploads\/2019\/07\/laboratorios_cacsf_slide.jpg","contentUrl":"https:\/\/www.arquimaster.com.ar\/web\/wp-content\/uploads\/2019\/07\/laboratorios_cacsf_slide.jpg","width":698,"height":364},{"@type":"BreadcrumbList","@id":"https:\/\/www.arquimaster.com.ar\/web\/edificio-de-laboratorios-de-la-camara-arbitral-de-cereales-dua-arquitectos\/#breadcrumb","itemListElement":[{"@type":"ListItem","position":1,"name":"Portada","item":"https:\/\/www.arquimaster.com.ar\/web\/"},{"@type":"ListItem","position":2,"name":"Edificio de Laboratorios de la C\u00e1mara Arbitral de Cereales \/ DUA Arquitectos"}]},{"@type":"WebSite","@id":"https:\/\/www.arquimaster.com.ar\/web\/#website","url":"https:\/\/www.arquimaster.com.ar\/web\/","name":"Arquimaster","description":"Web de arquitectura, dise\u00f1o y construccion","publisher":{"@id":"https:\/\/www.arquimaster.com.ar\/web\/#organization"},"potentialAction":[{"@type":"SearchAction","target":{"@type":"EntryPoint","urlTemplate":"https:\/\/www.arquimaster.com.ar\/web\/?s={search_term_string}"},"query-input":{"@type":"PropertyValueSpecification","valueRequired":true,"valueName":"search_term_string"}}],"inLanguage":"es"},{"@type":"Organization","@id":"https:\/\/www.arquimaster.com.ar\/web\/#organization","name":"Arquimaster","url":"https:\/\/www.arquimaster.com.ar\/web\/","logo":{"@type":"ImageObject","inLanguage":"es","@id":"https:\/\/www.arquimaster.com.ar\/web\/#\/schema\/logo\/image\/","url":"https:\/\/www.arquimaster.com.ar\/web\/wp-content\/uploads\/2022\/06\/arquimaster.png","contentUrl":"https:\/\/www.arquimaster.com.ar\/web\/wp-content\/uploads\/2022\/06\/arquimaster.png","width":594,"height":78,"caption":"Arquimaster"},"image":{"@id":"https:\/\/www.arquimaster.com.ar\/web\/#\/schema\/logo\/image\/"},"sameAs":["http:\/\/www.facebook.com\/ARQUIMASTER.com.ar","https:\/\/x.com\/arquimaster","https:\/\/www.instagram.com\/arquimasterblog\/","https:\/\/www.linkedin.com\/company\/arquimaster","https:\/\/www.pinterest.com\/arquimaster","https:\/\/t.me\/arquimaster"]},{"@type":"Person","@id":"https:\/\/www.arquimaster.com.ar\/web\/#\/schema\/person\/359e9f7c00193fcde068e0dd2ceb0028","name":"Arquimaster"}]}},"uagb_featured_image_src":{"full":["https:\/\/www.arquimaster.com.ar\/web\/wp-content\/uploads\/2019\/07\/laboratorios_cacsf_slide.jpg",698,364,false],"thumbnail":["https:\/\/www.arquimaster.com.ar\/web\/wp-content\/uploads\/2019\/07\/laboratorios_cacsf_slide-150x150.jpg",150,150,true],"medium":["https:\/\/www.arquimaster.com.ar\/web\/wp-content\/uploads\/2019\/07\/laboratorios_cacsf_slide.jpg",698,364,false],"medium_large":["https:\/\/www.arquimaster.com.ar\/web\/wp-content\/uploads\/2019\/07\/laboratorios_cacsf_slide.jpg",698,364,false],"large":["https:\/\/www.arquimaster.com.ar\/web\/wp-content\/uploads\/2019\/07\/laboratorios_cacsf_slide.jpg",698,364,false],"1536x1536":["https:\/\/www.arquimaster.com.ar\/web\/wp-content\/uploads\/2019\/07\/laboratorios_cacsf_slide.jpg",698,364,false],"2048x2048":["https:\/\/www.arquimaster.com.ar\/web\/wp-content\/uploads\/2019\/07\/laboratorios_cacsf_slide.jpg",698,364,false]},"uagb_author_info":{"display_name":"Arquimaster","author_link":"https:\/\/www.arquimaster.com.ar\/web\/author\/arquimaster\/"},"uagb_comment_info":0,"uagb_excerpt":"El proyecto tiende a lograr la eficiencia energ\u00e9tica del edificio, el uso de energ\u00edas renovables...","_links":{"self":[{"href":"https:\/\/www.arquimaster.com.ar\/web\/wp-json\/wp\/v2\/posts\/48232","targetHints":{"allow":["GET"]}}],"collection":[{"href":"https:\/\/www.arquimaster.com.ar\/web\/wp-json\/wp\/v2\/posts"}],"about":[{"href":"https:\/\/www.arquimaster.com.ar\/web\/wp-json\/wp\/v2\/types\/post"}],"author":[{"embeddable":true,"href":"https:\/\/www.arquimaster.com.ar\/web\/wp-json\/wp\/v2\/users\/1"}],"replies":[{"embeddable":true,"href":"https:\/\/www.arquimaster.com.ar\/web\/wp-json\/wp\/v2\/comments?post=48232"}],"version-history":[{"count":2,"href":"https:\/\/www.arquimaster.com.ar\/web\/wp-json\/wp\/v2\/posts\/48232\/revisions"}],"predecessor-version":[{"id":48302,"href":"https:\/\/www.arquimaster.com.ar\/web\/wp-json\/wp\/v2\/posts\/48232\/revisions\/48302"}],"wp:featuredmedia":[{"embeddable":true,"href":"https:\/\/www.arquimaster.com.ar\/web\/wp-json\/wp\/v2\/media\/48233"}],"wp:attachment":[{"href":"https:\/\/www.arquimaster.com.ar\/web\/wp-json\/wp\/v2\/media?parent=48232"}],"wp:term":[{"taxonomy":"category","embeddable":true,"href":"https:\/\/www.arquimaster.com.ar\/web\/wp-json\/wp\/v2\/categories?post=48232"},{"taxonomy":"post_tag","embeddable":true,"href":"https:\/\/www.arquimaster.com.ar\/web\/wp-json\/wp\/v2\/tags?post=48232"}],"curies":[{"name":"wp","href":"https:\/\/api.w.org\/{rel}","templated":true}]}}