{"id":48557,"date":"2019-08-06T12:54:33","date_gmt":"2019-08-06T15:54:33","guid":{"rendered":"https:\/\/www.arquimaster.com.ar\/web\/?p=48557"},"modified":"2019-08-09T13:01:54","modified_gmt":"2019-08-09T16:01:54","slug":"ocultarte-vivienda-de-30-m2-para-un-artista-millenial","status":"publish","type":"post","link":"https:\/\/www.arquimaster.com.ar\/web\/ocultarte-vivienda-de-30-m2-para-un-artista-millenial\/","title":{"rendered":"OcultARTE, vivienda de 30 m2 para un artista millenial"},"content":{"rendered":"<div style=\"margin-top: 0px; margin-bottom: 0px;\" class=\"sharethis-inline-share-buttons\" ><\/div><div class=\"b812932af2e751442846f039925109de\" data-index=\"1\" style=\"float: none; margin:25px 0 25px 0; text-align:center;\">\n<script async src=\"https:\/\/pagead2.googlesyndication.com\/pagead\/js\/adsbygoogle.js\"><\/script>\r\n<!-- Arquimaster (superior) -->\r\n<ins class=\"adsbygoogle\"\r\n     style=\"display:block\"\r\n     data-ad-client=\"ca-pub-6351072698456832\"\r\n     data-ad-slot=\"6455489680\"\r\n     data-ad-format=\"auto\"\r\n     data-full-width-responsive=\"true\"><\/ins>\r\n<script>\r\n     (adsbygoogle = window.adsbygoogle || []).push({});\r\n<\/script>\n<\/div>\n<p><em><strong>H\u00e4fele acompa\u00f1a a MATFER en Casa DIR, la muestra de Salta.<\/strong><\/em><\/p>\n<p>\u00abOcultARTE\u00bb es la propuesta de MATFER en la segunda edici\u00f3n de Casa DIR. Se trata de un monoambiente de 30 m2 para un artista millenial con muebles vers\u00e1tiles y m\u00f3viles, que permiten transformar el lugar en un espacio neutro donde el artista puede recibir clientes, e incluso utilizarlo como una \u00abgaleria personal\u00bb de arte.<\/p>\n<p><em>\u00abLa innovaci\u00f3n y la comodidad aparecen como factores primordiales en nuestra vida, por eso es fundamental la optimizaci\u00f3n del espacio, los recursos y el tiempo\u00bb<\/em>, comentaron sus creadores, el estudio Cubic Arquitectos y MATFER.<\/p>\n<p>La construcci\u00f3n estuvo a cargo de COMPOSSE Amoblamientos, empresa dedicada a la fabricaci\u00f3n de muebles, y las placas, los herrajes y los sistemas inteligentes de dise\u00f1o provistos por MATFER en colaboraci\u00f3n con H\u00e4fele Argentina.<\/p>\n<div id='gallery-1' class='gallery galleryid-48557 gallery-columns-3 gallery-size-thumbnail'><figure class='gallery-item'>\n\t\t\t<div class='gallery-icon landscape'>\n\t\t\t\t<a href='https:\/\/www.arquimaster.com.ar\/web\/wp-content\/uploads\/2019\/08\/ocultarte1.jpg' title=\"OcultARTE, vivienda de 30 m2 para un artista millenial\" data-rl_title=\"OcultARTE, vivienda de 30 m2 para un artista millenial\" class=\"rl-gallery-link\" data-rl_caption=\"OcultARTE, vivienda de 30 m2 para un artista millenial\" data-rel=\"lightbox-gallery-1\"><img loading=\"lazy\" decoding=\"async\" width=\"150\" height=\"150\" src=\"https:\/\/www.arquimaster.com.ar\/web\/wp-content\/uploads\/2019\/08\/ocultarte1-150x150.jpg\" class=\"attachment-thumbnail size-thumbnail\" alt=\"\" aria-describedby=\"gallery-1-48559\" \/><\/a>\n\t\t\t<\/div>\n\t\t\t\t<figcaption class='wp-caption-text gallery-caption' id='gallery-1-48559'>\n\t\t\t\tOcultARTE, vivienda de 30 m2 para un artista millenial\n\t\t\t\t<\/figcaption><\/figure><figure class='gallery-item'>\n\t\t\t<div class='gallery-icon landscape'>\n\t\t\t\t<a href='https:\/\/www.arquimaster.com.ar\/web\/wp-content\/uploads\/2019\/08\/ocultarte2.jpg' title=\"OcultARTE, vivienda de 30 m2 para un artista millenial\" data-rl_title=\"OcultARTE, vivienda de 30 m2 para un artista millenial\" class=\"rl-gallery-link\" data-rl_caption=\"OcultARTE, vivienda de 30 m2 para un artista millenial\" data-rel=\"lightbox-gallery-1\"><img loading=\"lazy\" decoding=\"async\" width=\"150\" height=\"150\" src=\"https:\/\/www.arquimaster.com.ar\/web\/wp-content\/uploads\/2019\/08\/ocultarte2-150x150.jpg\" class=\"attachment-thumbnail size-thumbnail\" alt=\"\" aria-describedby=\"gallery-1-48560\" \/><\/a>\n\t\t\t<\/div>\n\t\t\t\t<figcaption class='wp-caption-text gallery-caption' id='gallery-1-48560'>\n\t\t\t\tOcultARTE, vivienda de 30 m2 para un artista millenial\n\t\t\t\t<\/figcaption><\/figure><figure class='gallery-item'>\n\t\t\t<div class='gallery-icon landscape'>\n\t\t\t\t<a href='https:\/\/www.arquimaster.com.ar\/web\/wp-content\/uploads\/2019\/08\/ocultarte3.jpg' title=\"OcultARTE, vivienda de 30 m2 para un artista millenial\" data-rl_title=\"OcultARTE, vivienda de 30 m2 para un artista millenial\" class=\"rl-gallery-link\" data-rl_caption=\"OcultARTE, vivienda de 30 m2 para un artista millenial\" data-rel=\"lightbox-gallery-1\"><img loading=\"lazy\" decoding=\"async\" width=\"150\" height=\"150\" src=\"https:\/\/www.arquimaster.com.ar\/web\/wp-content\/uploads\/2019\/08\/ocultarte3-150x150.jpg\" class=\"attachment-thumbnail size-thumbnail\" alt=\"\" aria-describedby=\"gallery-1-48561\" \/><\/a>\n\t\t\t<\/div>\n\t\t\t\t<figcaption class='wp-caption-text gallery-caption' id='gallery-1-48561'>\n\t\t\t\tOcultARTE, vivienda de 30 m2 para un artista millenial\n\t\t\t\t<\/figcaption><\/figure><figure class='gallery-item'>\n\t\t\t<div class='gallery-icon landscape'>\n\t\t\t\t<a href='https:\/\/www.arquimaster.com.ar\/web\/wp-content\/uploads\/2019\/08\/ocultarte4.jpg' title=\"OcultARTE, vivienda de 30 m2 para un artista millenial\" data-rl_title=\"OcultARTE, vivienda de 30 m2 para un artista millenial\" class=\"rl-gallery-link\" data-rl_caption=\"OcultARTE, vivienda de 30 m2 para un artista millenial\" data-rel=\"lightbox-gallery-1\"><img loading=\"lazy\" decoding=\"async\" width=\"150\" height=\"150\" src=\"https:\/\/www.arquimaster.com.ar\/web\/wp-content\/uploads\/2019\/08\/ocultarte4-150x150.jpg\" class=\"attachment-thumbnail size-thumbnail\" alt=\"\" aria-describedby=\"gallery-1-48562\" \/><\/a>\n\t\t\t<\/div>\n\t\t\t\t<figcaption class='wp-caption-text gallery-caption' id='gallery-1-48562'>\n\t\t\t\tOcultARTE, vivienda de 30 m2 para un artista millenial\n\t\t\t\t<\/figcaption><\/figure><figure class='gallery-item'>\n\t\t\t<div class='gallery-icon landscape'>\n\t\t\t\t<a href='https:\/\/www.arquimaster.com.ar\/web\/wp-content\/uploads\/2019\/08\/ocultarte5.jpg' title=\"OcultARTE, vivienda de 30 m2 para un artista millenial\" data-rl_title=\"OcultARTE, vivienda de 30 m2 para un artista millenial\" class=\"rl-gallery-link\" data-rl_caption=\"OcultARTE, vivienda de 30 m2 para un artista millenial\" data-rel=\"lightbox-gallery-1\"><img loading=\"lazy\" decoding=\"async\" width=\"150\" height=\"150\" src=\"https:\/\/www.arquimaster.com.ar\/web\/wp-content\/uploads\/2019\/08\/ocultarte5-150x150.jpg\" class=\"attachment-thumbnail size-thumbnail\" alt=\"\" aria-describedby=\"gallery-1-48563\" \/><\/a>\n\t\t\t<\/div>\n\t\t\t\t<figcaption class='wp-caption-text gallery-caption' id='gallery-1-48563'>\n\t\t\t\tOcultARTE, vivienda de 30 m2 para un artista millenial\n\t\t\t\t<\/figcaption><\/figure><figure class='gallery-item'>\n\t\t\t<div class='gallery-icon landscape'>\n\t\t\t\t<a href='https:\/\/www.arquimaster.com.ar\/web\/wp-content\/uploads\/2019\/08\/ocultarte6.jpg' title=\"OcultARTE, vivienda de 30 m2 para un artista millenial\" data-rl_title=\"OcultARTE, vivienda de 30 m2 para un artista millenial\" class=\"rl-gallery-link\" data-rl_caption=\"OcultARTE, vivienda de 30 m2 para un artista millenial\" data-rel=\"lightbox-gallery-1\"><img loading=\"lazy\" decoding=\"async\" width=\"150\" height=\"150\" src=\"https:\/\/www.arquimaster.com.ar\/web\/wp-content\/uploads\/2019\/08\/ocultarte6-150x150.jpg\" class=\"attachment-thumbnail size-thumbnail\" alt=\"\" aria-describedby=\"gallery-1-48564\" \/><\/a>\n\t\t\t<\/div>\n\t\t\t\t<figcaption class='wp-caption-text gallery-caption' id='gallery-1-48564'>\n\t\t\t\tOcultARTE, vivienda de 30 m2 para un artista millenial\n\t\t\t\t<\/figcaption><\/figure>\n\t\t<\/div>\n\n<p><strong>Memoria t\u00e9cnica<\/strong><br \/>\nEl espacio cuenta con una cocina completa oculta por puertas Finetta de H\u00e4fele, ba\u00f1o completo con ducha y el novedoso inodoro \u00abinteligente\u00bb iBath, dormitorio con cama abatible, un comedor con mesa extensible, y tambi\u00e9n con amplias \u00e1reas de guardado, con un placard completo, y un escritorio de trabajo.<\/p>\n<p>Adem\u00e1s, est\u00e1 completamente iluminado con art\u00edculos de H\u00e4fele Iluminaci\u00f3n, que incluyen el espejo multifunci\u00f3n, el sistema de sonido, cargadores de USB, l\u00e1mparas de lectura con diferentes sensores seg\u00fan la ubicaci\u00f3n y uso de las luces. Tiene tambi\u00e9n un efecto ambiental con tiras RGB dimerizables y manejadas desde el celular o una Tablet.<\/p>\n<div id='gallery-2' class='gallery galleryid-48557 gallery-columns-3 gallery-size-thumbnail'><figure class='gallery-item'>\n\t\t\t<div class='gallery-icon landscape'>\n\t\t\t\t<a href='https:\/\/www.arquimaster.com.ar\/web\/wp-content\/uploads\/2019\/08\/ocultarte7.jpg' title=\"OcultARTE, vivienda de 30 m2 para un artista millenial\" data-rl_title=\"OcultARTE, vivienda de 30 m2 para un artista millenial\" class=\"rl-gallery-link\" data-rl_caption=\"OcultARTE, vivienda de 30 m2 para un artista millenial\" data-rel=\"lightbox-gallery-2\"><img loading=\"lazy\" decoding=\"async\" width=\"150\" height=\"150\" src=\"https:\/\/www.arquimaster.com.ar\/web\/wp-content\/uploads\/2019\/08\/ocultarte7-150x150.jpg\" class=\"attachment-thumbnail size-thumbnail\" alt=\"\" aria-describedby=\"gallery-2-48565\" \/><\/a>\n\t\t\t<\/div>\n\t\t\t\t<figcaption class='wp-caption-text gallery-caption' id='gallery-2-48565'>\n\t\t\t\tOcultARTE, vivienda de 30 m2 para un artista millenial\n\t\t\t\t<\/figcaption><\/figure><figure class='gallery-item'>\n\t\t\t<div class='gallery-icon landscape'>\n\t\t\t\t<a href='https:\/\/www.arquimaster.com.ar\/web\/wp-content\/uploads\/2019\/08\/ocultarte8.jpg' title=\"OcultARTE, vivienda de 30 m2 para un artista millenial\" data-rl_title=\"OcultARTE, vivienda de 30 m2 para un artista millenial\" class=\"rl-gallery-link\" data-rl_caption=\"OcultARTE, vivienda de 30 m2 para un artista millenial\" data-rel=\"lightbox-gallery-2\"><img loading=\"lazy\" decoding=\"async\" width=\"150\" height=\"150\" src=\"https:\/\/www.arquimaster.com.ar\/web\/wp-content\/uploads\/2019\/08\/ocultarte8-150x150.jpg\" class=\"attachment-thumbnail size-thumbnail\" alt=\"\" aria-describedby=\"gallery-2-48566\" \/><\/a>\n\t\t\t<\/div>\n\t\t\t\t<figcaption class='wp-caption-text gallery-caption' id='gallery-2-48566'>\n\t\t\t\tOcultARTE, vivienda de 30 m2 para un artista millenial\n\t\t\t\t<\/figcaption><\/figure><figure class='gallery-item'>\n\t\t\t<div class='gallery-icon landscape'>\n\t\t\t\t<a href='https:\/\/www.arquimaster.com.ar\/web\/wp-content\/uploads\/2019\/08\/ocultarte9.jpg' title=\"OcultARTE, vivienda de 30 m2 para un artista millenial\" data-rl_title=\"OcultARTE, vivienda de 30 m2 para un artista millenial\" class=\"rl-gallery-link\" data-rl_caption=\"OcultARTE, vivienda de 30 m2 para un artista millenial\" data-rel=\"lightbox-gallery-2\"><img loading=\"lazy\" decoding=\"async\" width=\"150\" height=\"150\" src=\"https:\/\/www.arquimaster.com.ar\/web\/wp-content\/uploads\/2019\/08\/ocultarte9-150x150.jpg\" class=\"attachment-thumbnail size-thumbnail\" alt=\"\" aria-describedby=\"gallery-2-48567\" \/><\/a>\n\t\t\t<\/div>\n\t\t\t\t<figcaption class='wp-caption-text gallery-caption' id='gallery-2-48567'>\n\t\t\t\tOcultARTE, vivienda de 30 m2 para un artista millenial\n\t\t\t\t<\/figcaption><\/figure><figure class='gallery-item'>\n\t\t\t<div class='gallery-icon landscape'>\n\t\t\t\t<a href='https:\/\/www.arquimaster.com.ar\/web\/wp-content\/uploads\/2019\/08\/ocultarte10.jpg' title=\"OcultARTE, vivienda de 30 m2 para un artista millenial\" data-rl_title=\"OcultARTE, vivienda de 30 m2 para un artista millenial\" class=\"rl-gallery-link\" data-rl_caption=\"OcultARTE, vivienda de 30 m2 para un artista millenial\" data-rel=\"lightbox-gallery-2\"><img loading=\"lazy\" decoding=\"async\" width=\"150\" height=\"150\" src=\"https:\/\/www.arquimaster.com.ar\/web\/wp-content\/uploads\/2019\/08\/ocultarte10-150x150.jpg\" class=\"attachment-thumbnail size-thumbnail\" alt=\"\" aria-describedby=\"gallery-2-48568\" \/><\/a>\n\t\t\t<\/div>\n\t\t\t\t<figcaption class='wp-caption-text gallery-caption' id='gallery-2-48568'>\n\t\t\t\tOcultARTE, vivienda de 30 m2 para un artista millenial\n\t\t\t\t<\/figcaption><\/figure><figure class='gallery-item'>\n\t\t\t<div class='gallery-icon portrait'>\n\t\t\t\t<a href='https:\/\/www.arquimaster.com.ar\/web\/wp-content\/uploads\/2019\/08\/ocultarte11.jpg' title=\"OcultARTE, vivienda de 30 m2 para un artista millenial\" data-rl_title=\"OcultARTE, vivienda de 30 m2 para un artista millenial\" class=\"rl-gallery-link\" data-rl_caption=\"OcultARTE, vivienda de 30 m2 para un artista millenial\" data-rel=\"lightbox-gallery-2\"><img loading=\"lazy\" decoding=\"async\" width=\"150\" height=\"150\" src=\"https:\/\/www.arquimaster.com.ar\/web\/wp-content\/uploads\/2019\/08\/ocultarte11-150x150.jpg\" class=\"attachment-thumbnail size-thumbnail\" alt=\"\" aria-describedby=\"gallery-2-48569\" \/><\/a>\n\t\t\t<\/div>\n\t\t\t\t<figcaption class='wp-caption-text gallery-caption' id='gallery-2-48569'>\n\t\t\t\tOcultARTE, vivienda de 30 m2 para un artista millenial\n\t\t\t\t<\/figcaption><\/figure><figure class='gallery-item'>\n\t\t\t<div class='gallery-icon portrait'>\n\t\t\t\t<a href='https:\/\/www.arquimaster.com.ar\/web\/wp-content\/uploads\/2019\/08\/ocultarte12.jpg' title=\"OcultARTE, vivienda de 30 m2 para un artista millenial\" data-rl_title=\"OcultARTE, vivienda de 30 m2 para un artista millenial\" class=\"rl-gallery-link\" data-rl_caption=\"OcultARTE, vivienda de 30 m2 para un artista millenial\" data-rel=\"lightbox-gallery-2\"><img loading=\"lazy\" decoding=\"async\" width=\"150\" height=\"150\" src=\"https:\/\/www.arquimaster.com.ar\/web\/wp-content\/uploads\/2019\/08\/ocultarte12-150x150.jpg\" class=\"attachment-thumbnail size-thumbnail\" alt=\"\" aria-describedby=\"gallery-2-48570\" \/><\/a>\n\t\t\t<\/div>\n\t\t\t\t<figcaption class='wp-caption-text gallery-caption' id='gallery-2-48570'>\n\t\t\t\tOcultARTE, vivienda de 30 m2 para un artista millenial\n\t\t\t\t<\/figcaption><\/figure><figure class='gallery-item'>\n\t\t\t<div class='gallery-icon landscape'>\n\t\t\t\t<a href='https:\/\/www.arquimaster.com.ar\/web\/wp-content\/uploads\/2019\/08\/ocultarte13.jpg' title=\"OcultARTE, vivienda de 30 m2 para un artista millenial (render)\" data-rl_title=\"OcultARTE, vivienda de 30 m2 para un artista millenial (render)\" class=\"rl-gallery-link\" data-rl_caption=\"OcultARTE, vivienda de 30 m2 para un artista millenial (render)\" data-rel=\"lightbox-gallery-2\"><img loading=\"lazy\" decoding=\"async\" width=\"150\" height=\"150\" src=\"https:\/\/www.arquimaster.com.ar\/web\/wp-content\/uploads\/2019\/08\/ocultarte13-150x150.jpg\" class=\"attachment-thumbnail size-thumbnail\" alt=\"\" aria-describedby=\"gallery-2-48571\" \/><\/a>\n\t\t\t<\/div>\n\t\t\t\t<figcaption class='wp-caption-text gallery-caption' id='gallery-2-48571'>\n\t\t\t\tOcultARTE, vivienda de 30 m2 para un artista millenial (render)\n\t\t\t\t<\/figcaption><\/figure>\n\t\t<\/div>\n\n<p>Casa DIR puede visitarse de lunes a domingos de 12 a 21 horas y viernes y s\u00e1bados hasta las 22. La exposici\u00f3n permanecer\u00e1 hasta el 20 de julio y tendr\u00e1 lugar en el Museo de Arte Contempor\u00e1neo de Salta.<\/p>\n<p>Dentro del marco de Responsabilidad Social Empresarial de Casa DIR, en cada edici\u00f3n se toma como beneficiario a alguna Asociaci\u00f3n u ONG para destinar el 50% de lo recaudado en entradas, este a\u00f1o ser\u00e1 para la Fundaci\u00f3n Casa Fraterna.<\/p>\n<p><strong>Acerca de H\u00e4fele<\/strong><br \/>\nEs una firma internacional, de origen alem\u00e1n, que mantiene su car\u00e1cter de empresa familiar. Con casi 100 a\u00f1os en el mundo, 42 filiales propias, y presencia en 152 pa\u00edses transita exitosamente la tercera generaci\u00f3n. Este a\u00f1o celebra 20 desde su desembarco en Argentina. Sus cat\u00e1logos con miles de art\u00edculos se adaptan a cada mercado. Sus productos de la m\u00e1s alta calidad y un servicio de log\u00edstica de excelencia de la mano de su s\u00f3lida red de distribuidores y canales comerciales, potencian el desarrollo del sector. La innovaci\u00f3n y la tecnolog\u00eda que ofrecen soluciones dan respuesta a las nuevas tendencias de manejo del espacio interior y a las nuevas formas de habitar.<\/p>\n<p><strong>M\u00e1s informaci\u00f3n<\/strong><br \/>\n<a href=\"http:\/\/www.hafele.com.ar\" target=\"_blank\" rel=\"noopener noreferrer\">http:\/\/www.hafele.com.ar<\/a><br \/>\n<a href=\"http:\/\/www.mundohafele.com.ar\" target=\"_blank\" rel=\"noopener noreferrer\">http:\/\/www.mundohafele.com.ar<\/a><br \/>\n@mundohafele<\/p>\n\n<div style=\"font-size: 0px; height: 0px; line-height: 0px; margin: 0; padding: 0; clear: both;\"><\/div><div style=\"margin-top: 0px; margin-bottom: 0px;\" class=\"sharethis-inline-share-buttons\" ><\/div>","protected":false},"excerpt":{"rendered":"<p>Monoambiente de 30 m2 para un artista millenial con muebles vers\u00e1tiles y m\u00f3viles&#8230;<\/p>\n","protected":false},"author":1,"featured_media":48558,"comment_status":"closed","ping_status":"closed","sticky":false,"template":"","format":"standard","meta":{"_uag_custom_page_level_css":"","footnotes":""},"categories":[55,56],"tags":[5377,5379,5378,38,4007,5376,1511],"class_list":["post-48557","post","type-post","status-publish","format-standard","has-post-thumbnail","hentry","category-diseno","category-diseno-interior-decoracion","tag-casa-dir","tag-composse-amoblamientos","tag-cubic-arquitectos","tag-diseno-interior","tag-hafele","tag-matfer","tag-monoambiente","generate-columns","tablet-grid-50","mobile-grid-100","grid-parent","grid-50"],"yoast_head":"<!-- This site is optimized with the Yoast SEO plugin v27.3 - https:\/\/yoast.com\/product\/yoast-seo-wordpress\/ -->\n<title>OcultARTE, vivienda de 30 m2 para un artista millenial - Arquimaster<\/title>\n<meta name=\"description\" content=\"Monoambiente de 30 m2 para un artista millenial con muebles vers\u00e1tiles y m\u00f3viles, que permiten transformar el lugar en un espacio neutro.\" \/>\n<meta name=\"robots\" content=\"index, follow, max-snippet:-1, max-image-preview:large, max-video-preview:-1\" \/>\n<link rel=\"canonical\" href=\"https:\/\/www.arquimaster.com.ar\/web\/ocultarte-vivienda-de-30-m2-para-un-artista-millenial\/\" \/>\n<meta property=\"og:locale\" content=\"es_ES\" \/>\n<meta property=\"og:type\" content=\"article\" \/>\n<meta property=\"og:title\" content=\"OcultARTE, vivienda de 30 m2 para un artista millenial\" \/>\n<meta property=\"og:description\" content=\"Monoambiente de 30 m2 para un artista millenial con muebles vers\u00e1tiles y m\u00f3viles, que permiten transformar el lugar en un espacio neutro.\" \/>\n<meta property=\"og:url\" content=\"https:\/\/www.arquimaster.com.ar\/web\/ocultarte-vivienda-de-30-m2-para-un-artista-millenial\/\" \/>\n<meta property=\"og:site_name\" content=\"Arquimaster\" \/>\n<meta property=\"article:publisher\" content=\"http:\/\/www.facebook.com\/ARQUIMASTER.com.ar\" \/>\n<meta property=\"article:published_time\" content=\"2019-08-06T15:54:33+00:00\" \/>\n<meta property=\"article:modified_time\" content=\"2019-08-09T16:01:54+00:00\" \/>\n<meta property=\"og:image\" content=\"https:\/\/www.arquimaster.com.ar\/web\/wp-content\/uploads\/2019\/08\/ocultarte_slide.jpg\" \/>\n\t<meta property=\"og:image:width\" content=\"698\" \/>\n\t<meta property=\"og:image:height\" content=\"364\" \/>\n\t<meta property=\"og:image:type\" content=\"image\/jpeg\" \/>\n<meta name=\"author\" content=\"Arquimaster\" \/>\n<meta name=\"twitter:card\" content=\"summary_large_image\" \/>\n<meta name=\"twitter:title\" content=\"OcultARTE, vivienda de 30 m2 para un artista millenial\" \/>\n<meta name=\"twitter:description\" content=\"Monoambiente de 30 m2 para un artista millenial con muebles vers\u00e1tiles y m\u00f3viles, que permiten transformar el lugar en un espacio neutro.\" \/>\n<meta name=\"twitter:image\" content=\"https:\/\/www.arquimaster.com.ar\/web\/wp-content\/uploads\/2019\/08\/ocultarte_slide.jpg\" \/>\n<meta name=\"twitter:creator\" content=\"@arquimaster\" \/>\n<meta name=\"twitter:site\" content=\"@arquimaster\" \/>\n<meta name=\"twitter:label1\" content=\"Escrito por\" \/>\n\t<meta name=\"twitter:data1\" content=\"Arquimaster\" \/>\n\t<meta name=\"twitter:label2\" content=\"Tiempo de lectura\" \/>\n\t<meta name=\"twitter:data2\" content=\"2 minutos\" \/>\n<script type=\"application\/ld+json\" class=\"yoast-schema-graph\">{\"@context\":\"https:\\\/\\\/schema.org\",\"@graph\":[{\"@type\":\"Article\",\"@id\":\"https:\\\/\\\/www.arquimaster.com.ar\\\/web\\\/ocultarte-vivienda-de-30-m2-para-un-artista-millenial\\\/#article\",\"isPartOf\":{\"@id\":\"https:\\\/\\\/www.arquimaster.com.ar\\\/web\\\/ocultarte-vivienda-de-30-m2-para-un-artista-millenial\\\/\"},\"author\":{\"name\":\"Arquimaster\",\"@id\":\"https:\\\/\\\/www.arquimaster.com.ar\\\/web\\\/#\\\/schema\\\/person\\\/359e9f7c00193fcde068e0dd2ceb0028\"},\"headline\":\"OcultARTE, vivienda de 30 m2 para un artista millenial\",\"datePublished\":\"2019-08-06T15:54:33+00:00\",\"dateModified\":\"2019-08-09T16:01:54+00:00\",\"mainEntityOfPage\":{\"@id\":\"https:\\\/\\\/www.arquimaster.com.ar\\\/web\\\/ocultarte-vivienda-de-30-m2-para-un-artista-millenial\\\/\"},\"wordCount\":494,\"publisher\":{\"@id\":\"https:\\\/\\\/www.arquimaster.com.ar\\\/web\\\/#organization\"},\"image\":{\"@id\":\"https:\\\/\\\/www.arquimaster.com.ar\\\/web\\\/ocultarte-vivienda-de-30-m2-para-un-artista-millenial\\\/#primaryimage\"},\"thumbnailUrl\":\"https:\\\/\\\/www.arquimaster.com.ar\\\/web\\\/wp-content\\\/uploads\\\/2019\\\/08\\\/ocultarte_slide.jpg\",\"keywords\":[\"Casa DIR\",\"COMPOSSE Amoblamientos\",\"Cubic Arquitectos\",\"dise\u00f1o interior\",\"H\u00e4fele\",\"MATFER\",\"monoambiente\"],\"articleSection\":[\"Dise\u00f1o\",\"Dise\u00f1o interior y decoracion\"],\"inLanguage\":\"es\"},{\"@type\":\"WebPage\",\"@id\":\"https:\\\/\\\/www.arquimaster.com.ar\\\/web\\\/ocultarte-vivienda-de-30-m2-para-un-artista-millenial\\\/\",\"url\":\"https:\\\/\\\/www.arquimaster.com.ar\\\/web\\\/ocultarte-vivienda-de-30-m2-para-un-artista-millenial\\\/\",\"name\":\"OcultARTE, vivienda de 30 m2 para un artista millenial - Arquimaster\",\"isPartOf\":{\"@id\":\"https:\\\/\\\/www.arquimaster.com.ar\\\/web\\\/#website\"},\"primaryImageOfPage\":{\"@id\":\"https:\\\/\\\/www.arquimaster.com.ar\\\/web\\\/ocultarte-vivienda-de-30-m2-para-un-artista-millenial\\\/#primaryimage\"},\"image\":{\"@id\":\"https:\\\/\\\/www.arquimaster.com.ar\\\/web\\\/ocultarte-vivienda-de-30-m2-para-un-artista-millenial\\\/#primaryimage\"},\"thumbnailUrl\":\"https:\\\/\\\/www.arquimaster.com.ar\\\/web\\\/wp-content\\\/uploads\\\/2019\\\/08\\\/ocultarte_slide.jpg\",\"datePublished\":\"2019-08-06T15:54:33+00:00\",\"dateModified\":\"2019-08-09T16:01:54+00:00\",\"description\":\"Monoambiente de 30 m2 para un artista millenial con muebles vers\u00e1tiles y m\u00f3viles, que permiten transformar el lugar en un espacio neutro.\",\"breadcrumb\":{\"@id\":\"https:\\\/\\\/www.arquimaster.com.ar\\\/web\\\/ocultarte-vivienda-de-30-m2-para-un-artista-millenial\\\/#breadcrumb\"},\"inLanguage\":\"es\",\"potentialAction\":[{\"@type\":\"ReadAction\",\"target\":[\"https:\\\/\\\/www.arquimaster.com.ar\\\/web\\\/ocultarte-vivienda-de-30-m2-para-un-artista-millenial\\\/\"]}]},{\"@type\":\"ImageObject\",\"inLanguage\":\"es\",\"@id\":\"https:\\\/\\\/www.arquimaster.com.ar\\\/web\\\/ocultarte-vivienda-de-30-m2-para-un-artista-millenial\\\/#primaryimage\",\"url\":\"https:\\\/\\\/www.arquimaster.com.ar\\\/web\\\/wp-content\\\/uploads\\\/2019\\\/08\\\/ocultarte_slide.jpg\",\"contentUrl\":\"https:\\\/\\\/www.arquimaster.com.ar\\\/web\\\/wp-content\\\/uploads\\\/2019\\\/08\\\/ocultarte_slide.jpg\",\"width\":698,\"height\":364},{\"@type\":\"BreadcrumbList\",\"@id\":\"https:\\\/\\\/www.arquimaster.com.ar\\\/web\\\/ocultarte-vivienda-de-30-m2-para-un-artista-millenial\\\/#breadcrumb\",\"itemListElement\":[{\"@type\":\"ListItem\",\"position\":1,\"name\":\"Portada\",\"item\":\"https:\\\/\\\/www.arquimaster.com.ar\\\/web\\\/\"},{\"@type\":\"ListItem\",\"position\":2,\"name\":\"OcultARTE, vivienda de 30 m2 para un artista millenial\"}]},{\"@type\":\"WebSite\",\"@id\":\"https:\\\/\\\/www.arquimaster.com.ar\\\/web\\\/#website\",\"url\":\"https:\\\/\\\/www.arquimaster.com.ar\\\/web\\\/\",\"name\":\"Arquimaster\",\"description\":\"Web de arquitectura, dise\u00f1o y construccion\",\"publisher\":{\"@id\":\"https:\\\/\\\/www.arquimaster.com.ar\\\/web\\\/#organization\"},\"potentialAction\":[{\"@type\":\"SearchAction\",\"target\":{\"@type\":\"EntryPoint\",\"urlTemplate\":\"https:\\\/\\\/www.arquimaster.com.ar\\\/web\\\/?s={search_term_string}\"},\"query-input\":{\"@type\":\"PropertyValueSpecification\",\"valueRequired\":true,\"valueName\":\"search_term_string\"}}],\"inLanguage\":\"es\"},{\"@type\":\"Organization\",\"@id\":\"https:\\\/\\\/www.arquimaster.com.ar\\\/web\\\/#organization\",\"name\":\"Arquimaster\",\"url\":\"https:\\\/\\\/www.arquimaster.com.ar\\\/web\\\/\",\"logo\":{\"@type\":\"ImageObject\",\"inLanguage\":\"es\",\"@id\":\"https:\\\/\\\/www.arquimaster.com.ar\\\/web\\\/#\\\/schema\\\/logo\\\/image\\\/\",\"url\":\"https:\\\/\\\/www.arquimaster.com.ar\\\/web\\\/wp-content\\\/uploads\\\/2022\\\/06\\\/arquimaster.png\",\"contentUrl\":\"https:\\\/\\\/www.arquimaster.com.ar\\\/web\\\/wp-content\\\/uploads\\\/2022\\\/06\\\/arquimaster.png\",\"width\":594,\"height\":78,\"caption\":\"Arquimaster\"},\"image\":{\"@id\":\"https:\\\/\\\/www.arquimaster.com.ar\\\/web\\\/#\\\/schema\\\/logo\\\/image\\\/\"},\"sameAs\":[\"http:\\\/\\\/www.facebook.com\\\/ARQUIMASTER.com.ar\",\"https:\\\/\\\/x.com\\\/arquimaster\",\"https:\\\/\\\/www.instagram.com\\\/arquimasterblog\\\/\",\"https:\\\/\\\/www.linkedin.com\\\/company\\\/arquimaster\",\"https:\\\/\\\/www.pinterest.com\\\/arquimaster\",\"https:\\\/\\\/t.me\\\/arquimaster\"]},{\"@type\":\"Person\",\"@id\":\"https:\\\/\\\/www.arquimaster.com.ar\\\/web\\\/#\\\/schema\\\/person\\\/359e9f7c00193fcde068e0dd2ceb0028\",\"name\":\"Arquimaster\"}]}<\/script>\n<!-- \/ Yoast SEO plugin. -->","yoast_head_json":{"title":"OcultARTE, vivienda de 30 m2 para un artista millenial - Arquimaster","description":"Monoambiente de 30 m2 para un artista millenial con muebles vers\u00e1tiles y m\u00f3viles, que permiten transformar el lugar en un espacio neutro.","robots":{"index":"index","follow":"follow","max-snippet":"max-snippet:-1","max-image-preview":"max-image-preview:large","max-video-preview":"max-video-preview:-1"},"canonical":"https:\/\/www.arquimaster.com.ar\/web\/ocultarte-vivienda-de-30-m2-para-un-artista-millenial\/","og_locale":"es_ES","og_type":"article","og_title":"OcultARTE, vivienda de 30 m2 para un artista millenial","og_description":"Monoambiente de 30 m2 para un artista millenial con muebles vers\u00e1tiles y m\u00f3viles, que permiten transformar el lugar en un espacio neutro.","og_url":"https:\/\/www.arquimaster.com.ar\/web\/ocultarte-vivienda-de-30-m2-para-un-artista-millenial\/","og_site_name":"Arquimaster","article_publisher":"http:\/\/www.facebook.com\/ARQUIMASTER.com.ar","article_published_time":"2019-08-06T15:54:33+00:00","article_modified_time":"2019-08-09T16:01:54+00:00","og_image":[{"width":698,"height":364,"url":"https:\/\/www.arquimaster.com.ar\/web\/wp-content\/uploads\/2019\/08\/ocultarte_slide.jpg","type":"image\/jpeg"}],"author":"Arquimaster","twitter_card":"summary_large_image","twitter_title":"OcultARTE, vivienda de 30 m2 para un artista millenial","twitter_description":"Monoambiente de 30 m2 para un artista millenial con muebles vers\u00e1tiles y m\u00f3viles, que permiten transformar el lugar en un espacio neutro.","twitter_image":"https:\/\/www.arquimaster.com.ar\/web\/wp-content\/uploads\/2019\/08\/ocultarte_slide.jpg","twitter_creator":"@arquimaster","twitter_site":"@arquimaster","twitter_misc":{"Escrito por":"Arquimaster","Tiempo de lectura":"2 minutos"},"schema":{"@context":"https:\/\/schema.org","@graph":[{"@type":"Article","@id":"https:\/\/www.arquimaster.com.ar\/web\/ocultarte-vivienda-de-30-m2-para-un-artista-millenial\/#article","isPartOf":{"@id":"https:\/\/www.arquimaster.com.ar\/web\/ocultarte-vivienda-de-30-m2-para-un-artista-millenial\/"},"author":{"name":"Arquimaster","@id":"https:\/\/www.arquimaster.com.ar\/web\/#\/schema\/person\/359e9f7c00193fcde068e0dd2ceb0028"},"headline":"OcultARTE, vivienda de 30 m2 para un artista millenial","datePublished":"2019-08-06T15:54:33+00:00","dateModified":"2019-08-09T16:01:54+00:00","mainEntityOfPage":{"@id":"https:\/\/www.arquimaster.com.ar\/web\/ocultarte-vivienda-de-30-m2-para-un-artista-millenial\/"},"wordCount":494,"publisher":{"@id":"https:\/\/www.arquimaster.com.ar\/web\/#organization"},"image":{"@id":"https:\/\/www.arquimaster.com.ar\/web\/ocultarte-vivienda-de-30-m2-para-un-artista-millenial\/#primaryimage"},"thumbnailUrl":"https:\/\/www.arquimaster.com.ar\/web\/wp-content\/uploads\/2019\/08\/ocultarte_slide.jpg","keywords":["Casa DIR","COMPOSSE Amoblamientos","Cubic Arquitectos","dise\u00f1o interior","H\u00e4fele","MATFER","monoambiente"],"articleSection":["Dise\u00f1o","Dise\u00f1o interior y decoracion"],"inLanguage":"es"},{"@type":"WebPage","@id":"https:\/\/www.arquimaster.com.ar\/web\/ocultarte-vivienda-de-30-m2-para-un-artista-millenial\/","url":"https:\/\/www.arquimaster.com.ar\/web\/ocultarte-vivienda-de-30-m2-para-un-artista-millenial\/","name":"OcultARTE, vivienda de 30 m2 para un artista millenial - Arquimaster","isPartOf":{"@id":"https:\/\/www.arquimaster.com.ar\/web\/#website"},"primaryImageOfPage":{"@id":"https:\/\/www.arquimaster.com.ar\/web\/ocultarte-vivienda-de-30-m2-para-un-artista-millenial\/#primaryimage"},"image":{"@id":"https:\/\/www.arquimaster.com.ar\/web\/ocultarte-vivienda-de-30-m2-para-un-artista-millenial\/#primaryimage"},"thumbnailUrl":"https:\/\/www.arquimaster.com.ar\/web\/wp-content\/uploads\/2019\/08\/ocultarte_slide.jpg","datePublished":"2019-08-06T15:54:33+00:00","dateModified":"2019-08-09T16:01:54+00:00","description":"Monoambiente de 30 m2 para un artista millenial con muebles vers\u00e1tiles y m\u00f3viles, que permiten transformar el lugar en un espacio neutro.","breadcrumb":{"@id":"https:\/\/www.arquimaster.com.ar\/web\/ocultarte-vivienda-de-30-m2-para-un-artista-millenial\/#breadcrumb"},"inLanguage":"es","potentialAction":[{"@type":"ReadAction","target":["https:\/\/www.arquimaster.com.ar\/web\/ocultarte-vivienda-de-30-m2-para-un-artista-millenial\/"]}]},{"@type":"ImageObject","inLanguage":"es","@id":"https:\/\/www.arquimaster.com.ar\/web\/ocultarte-vivienda-de-30-m2-para-un-artista-millenial\/#primaryimage","url":"https:\/\/www.arquimaster.com.ar\/web\/wp-content\/uploads\/2019\/08\/ocultarte_slide.jpg","contentUrl":"https:\/\/www.arquimaster.com.ar\/web\/wp-content\/uploads\/2019\/08\/ocultarte_slide.jpg","width":698,"height":364},{"@type":"BreadcrumbList","@id":"https:\/\/www.arquimaster.com.ar\/web\/ocultarte-vivienda-de-30-m2-para-un-artista-millenial\/#breadcrumb","itemListElement":[{"@type":"ListItem","position":1,"name":"Portada","item":"https:\/\/www.arquimaster.com.ar\/web\/"},{"@type":"ListItem","position":2,"name":"OcultARTE, vivienda de 30 m2 para un artista millenial"}]},{"@type":"WebSite","@id":"https:\/\/www.arquimaster.com.ar\/web\/#website","url":"https:\/\/www.arquimaster.com.ar\/web\/","name":"Arquimaster","description":"Web de arquitectura, dise\u00f1o y construccion","publisher":{"@id":"https:\/\/www.arquimaster.com.ar\/web\/#organization"},"potentialAction":[{"@type":"SearchAction","target":{"@type":"EntryPoint","urlTemplate":"https:\/\/www.arquimaster.com.ar\/web\/?s={search_term_string}"},"query-input":{"@type":"PropertyValueSpecification","valueRequired":true,"valueName":"search_term_string"}}],"inLanguage":"es"},{"@type":"Organization","@id":"https:\/\/www.arquimaster.com.ar\/web\/#organization","name":"Arquimaster","url":"https:\/\/www.arquimaster.com.ar\/web\/","logo":{"@type":"ImageObject","inLanguage":"es","@id":"https:\/\/www.arquimaster.com.ar\/web\/#\/schema\/logo\/image\/","url":"https:\/\/www.arquimaster.com.ar\/web\/wp-content\/uploads\/2022\/06\/arquimaster.png","contentUrl":"https:\/\/www.arquimaster.com.ar\/web\/wp-content\/uploads\/2022\/06\/arquimaster.png","width":594,"height":78,"caption":"Arquimaster"},"image":{"@id":"https:\/\/www.arquimaster.com.ar\/web\/#\/schema\/logo\/image\/"},"sameAs":["http:\/\/www.facebook.com\/ARQUIMASTER.com.ar","https:\/\/x.com\/arquimaster","https:\/\/www.instagram.com\/arquimasterblog\/","https:\/\/www.linkedin.com\/company\/arquimaster","https:\/\/www.pinterest.com\/arquimaster","https:\/\/t.me\/arquimaster"]},{"@type":"Person","@id":"https:\/\/www.arquimaster.com.ar\/web\/#\/schema\/person\/359e9f7c00193fcde068e0dd2ceb0028","name":"Arquimaster"}]}},"uagb_featured_image_src":{"full":["https:\/\/www.arquimaster.com.ar\/web\/wp-content\/uploads\/2019\/08\/ocultarte_slide.jpg",698,364,false],"thumbnail":["https:\/\/www.arquimaster.com.ar\/web\/wp-content\/uploads\/2019\/08\/ocultarte_slide-150x150.jpg",150,150,true],"medium":["https:\/\/www.arquimaster.com.ar\/web\/wp-content\/uploads\/2019\/08\/ocultarte_slide.jpg",698,364,false],"medium_large":["https:\/\/www.arquimaster.com.ar\/web\/wp-content\/uploads\/2019\/08\/ocultarte_slide.jpg",698,364,false],"large":["https:\/\/www.arquimaster.com.ar\/web\/wp-content\/uploads\/2019\/08\/ocultarte_slide.jpg",698,364,false],"1536x1536":["https:\/\/www.arquimaster.com.ar\/web\/wp-content\/uploads\/2019\/08\/ocultarte_slide.jpg",698,364,false],"2048x2048":["https:\/\/www.arquimaster.com.ar\/web\/wp-content\/uploads\/2019\/08\/ocultarte_slide.jpg",698,364,false]},"uagb_author_info":{"display_name":"Arquimaster","author_link":"https:\/\/www.arquimaster.com.ar\/web\/author\/arquimaster\/"},"uagb_comment_info":0,"uagb_excerpt":"Monoambiente de 30 m2 para un artista millenial con muebles vers\u00e1tiles y m\u00f3viles...","_links":{"self":[{"href":"https:\/\/www.arquimaster.com.ar\/web\/wp-json\/wp\/v2\/posts\/48557","targetHints":{"allow":["GET"]}}],"collection":[{"href":"https:\/\/www.arquimaster.com.ar\/web\/wp-json\/wp\/v2\/posts"}],"about":[{"href":"https:\/\/www.arquimaster.com.ar\/web\/wp-json\/wp\/v2\/types\/post"}],"author":[{"embeddable":true,"href":"https:\/\/www.arquimaster.com.ar\/web\/wp-json\/wp\/v2\/users\/1"}],"replies":[{"embeddable":true,"href":"https:\/\/www.arquimaster.com.ar\/web\/wp-json\/wp\/v2\/comments?post=48557"}],"version-history":[{"count":1,"href":"https:\/\/www.arquimaster.com.ar\/web\/wp-json\/wp\/v2\/posts\/48557\/revisions"}],"predecessor-version":[{"id":48572,"href":"https:\/\/www.arquimaster.com.ar\/web\/wp-json\/wp\/v2\/posts\/48557\/revisions\/48572"}],"wp:featuredmedia":[{"embeddable":true,"href":"https:\/\/www.arquimaster.com.ar\/web\/wp-json\/wp\/v2\/media\/48558"}],"wp:attachment":[{"href":"https:\/\/www.arquimaster.com.ar\/web\/wp-json\/wp\/v2\/media?parent=48557"}],"wp:term":[{"taxonomy":"category","embeddable":true,"href":"https:\/\/www.arquimaster.com.ar\/web\/wp-json\/wp\/v2\/categories?post=48557"},{"taxonomy":"post_tag","embeddable":true,"href":"https:\/\/www.arquimaster.com.ar\/web\/wp-json\/wp\/v2\/tags?post=48557"}],"curies":[{"name":"wp","href":"https:\/\/api.w.org\/{rel}","templated":true}]}}