{"id":48677,"date":"2019-08-29T17:29:52","date_gmt":"2019-08-29T20:29:52","guid":{"rendered":"https:\/\/www.arquimaster.com.ar\/web\/?p=48677"},"modified":"2019-08-30T20:29:41","modified_gmt":"2019-08-30T23:29:41","slug":"casa-dab-bam-arquitectura","status":"publish","type":"post","link":"https:\/\/www.arquimaster.com.ar\/web\/casa-dab-bam-arquitectura\/","title":{"rendered":"Casa DaB \/ BAM! arquitectura"},"content":{"rendered":"<div style=\"margin-top: 0px; margin-bottom: 0px;\" class=\"sharethis-inline-share-buttons\" ><\/div><div class=\"b812932af2e751442846f039925109de\" data-index=\"1\" style=\"float: none; margin:25px 0 25px 0; text-align:center;\">\n<script async src=\"https:\/\/pagead2.googlesyndication.com\/pagead\/js\/adsbygoogle.js\"><\/script>\r\n<!-- Arquimaster (superior) -->\r\n<ins class=\"adsbygoogle\"\r\n     style=\"display:block\"\r\n     data-ad-client=\"ca-pub-6351072698456832\"\r\n     data-ad-slot=\"6455489680\"\r\n     data-ad-format=\"auto\"\r\n     data-full-width-responsive=\"true\"><\/ins>\r\n<script>\r\n     (adsbygoogle = window.adsbygoogle || []).push({});\r\n<\/script>\n<\/div>\n<p><strong>Casa DaB<\/strong> (Escobar, Provincia de Buenos Aires, Argentina) por <strong>BAM! arquitectura<\/strong>. La casa DaB se implanta en un lote de dimensiones acotadas en las afueras de la ciudad de Buenos Aires, en un entorno abierto y verde. El desaf\u00edo principal del proyecto fue generar un recorrido arquitect\u00f3nico que dialogue con los materiales y la luz en contraposici\u00f3n a la b\u00fasqueda formal de una disposici\u00f3n muy compacta para optimizar los metros cuadrados.<\/p>\n<div id='gallery-1' class='gallery galleryid-48677 gallery-columns-3 gallery-size-thumbnail'><figure class='gallery-item'>\n\t\t\t<div class='gallery-icon portrait'>\n\t\t\t\t<a href='https:\/\/www.arquimaster.com.ar\/web\/wp-content\/uploads\/2019\/08\/dab_house1.jpg' title=\"Casa DaB \/ BAM! arquitectura (\u00a9 Federico Cairoli)\" data-rl_title=\"Casa DaB \/ BAM! arquitectura (\u00a9 Federico Cairoli)\" class=\"rl-gallery-link\" data-rl_caption=\"Casa DaB \/ BAM! arquitectura (\u00a9 Federico Cairoli)\" data-rel=\"lightbox-gallery-1\"><img loading=\"lazy\" decoding=\"async\" width=\"150\" height=\"150\" src=\"https:\/\/www.arquimaster.com.ar\/web\/wp-content\/uploads\/2019\/08\/dab_house1-150x150.jpg\" class=\"attachment-thumbnail size-thumbnail\" alt=\"\" aria-describedby=\"gallery-1-48679\" \/><\/a>\n\t\t\t<\/div>\n\t\t\t\t<figcaption class='wp-caption-text gallery-caption' id='gallery-1-48679'>\n\t\t\t\tCasa DaB \/ BAM! arquitectura (\u00a9 Federico Cairoli)\n\t\t\t\t<\/figcaption><\/figure><figure class='gallery-item'>\n\t\t\t<div class='gallery-icon portrait'>\n\t\t\t\t<a href='https:\/\/www.arquimaster.com.ar\/web\/wp-content\/uploads\/2019\/08\/dab_house2.jpg' title=\"Casa DaB \/ BAM! arquitectura (\u00a9 Federico Cairoli)\" data-rl_title=\"Casa DaB \/ BAM! arquitectura (\u00a9 Federico Cairoli)\" class=\"rl-gallery-link\" data-rl_caption=\"Casa DaB \/ BAM! arquitectura (\u00a9 Federico Cairoli)\" data-rel=\"lightbox-gallery-1\"><img loading=\"lazy\" decoding=\"async\" width=\"150\" height=\"150\" src=\"https:\/\/www.arquimaster.com.ar\/web\/wp-content\/uploads\/2019\/08\/dab_house2-150x150.jpg\" class=\"attachment-thumbnail size-thumbnail\" alt=\"\" aria-describedby=\"gallery-1-48680\" \/><\/a>\n\t\t\t<\/div>\n\t\t\t\t<figcaption class='wp-caption-text gallery-caption' id='gallery-1-48680'>\n\t\t\t\tCasa DaB \/ BAM! arquitectura (\u00a9 Federico Cairoli)\n\t\t\t\t<\/figcaption><\/figure><figure class='gallery-item'>\n\t\t\t<div class='gallery-icon portrait'>\n\t\t\t\t<a href='https:\/\/www.arquimaster.com.ar\/web\/wp-content\/uploads\/2019\/08\/dab_house3.jpg' title=\"Casa DaB \/ BAM! arquitectura (\u00a9 Federico Cairoli)\" data-rl_title=\"Casa DaB \/ BAM! arquitectura (\u00a9 Federico Cairoli)\" class=\"rl-gallery-link\" data-rl_caption=\"Casa DaB \/ BAM! arquitectura (\u00a9 Federico Cairoli)\" data-rel=\"lightbox-gallery-1\"><img loading=\"lazy\" decoding=\"async\" width=\"150\" height=\"150\" src=\"https:\/\/www.arquimaster.com.ar\/web\/wp-content\/uploads\/2019\/08\/dab_house3-150x150.jpg\" class=\"attachment-thumbnail size-thumbnail\" alt=\"\" aria-describedby=\"gallery-1-48681\" \/><\/a>\n\t\t\t<\/div>\n\t\t\t\t<figcaption class='wp-caption-text gallery-caption' id='gallery-1-48681'>\n\t\t\t\tCasa DaB \/ BAM! arquitectura (\u00a9 Federico Cairoli)\n\t\t\t\t<\/figcaption><\/figure><figure class='gallery-item'>\n\t\t\t<div class='gallery-icon portrait'>\n\t\t\t\t<a href='https:\/\/www.arquimaster.com.ar\/web\/wp-content\/uploads\/2019\/08\/dab_house4.jpg' title=\"Casa DaB \/ BAM! arquitectura (\u00a9 Federico Cairoli)\" data-rl_title=\"Casa DaB \/ BAM! arquitectura (\u00a9 Federico Cairoli)\" class=\"rl-gallery-link\" data-rl_caption=\"Casa DaB \/ BAM! arquitectura (\u00a9 Federico Cairoli)\" data-rel=\"lightbox-gallery-1\"><img loading=\"lazy\" decoding=\"async\" width=\"150\" height=\"150\" src=\"https:\/\/www.arquimaster.com.ar\/web\/wp-content\/uploads\/2019\/08\/dab_house4-150x150.jpg\" class=\"attachment-thumbnail size-thumbnail\" alt=\"\" aria-describedby=\"gallery-1-48682\" \/><\/a>\n\t\t\t<\/div>\n\t\t\t\t<figcaption class='wp-caption-text gallery-caption' id='gallery-1-48682'>\n\t\t\t\tCasa DaB \/ BAM! arquitectura (\u00a9 Federico Cairoli)\n\t\t\t\t<\/figcaption><\/figure><figure class='gallery-item'>\n\t\t\t<div class='gallery-icon portrait'>\n\t\t\t\t<a href='https:\/\/www.arquimaster.com.ar\/web\/wp-content\/uploads\/2019\/08\/dab_house5.jpg' title=\"Casa DaB \/ BAM! arquitectura (\u00a9 Federico Cairoli)\" data-rl_title=\"Casa DaB \/ BAM! arquitectura (\u00a9 Federico Cairoli)\" class=\"rl-gallery-link\" data-rl_caption=\"Casa DaB \/ BAM! arquitectura (\u00a9 Federico Cairoli)\" data-rel=\"lightbox-gallery-1\"><img loading=\"lazy\" decoding=\"async\" width=\"150\" height=\"150\" src=\"https:\/\/www.arquimaster.com.ar\/web\/wp-content\/uploads\/2019\/08\/dab_house5-150x150.jpg\" class=\"attachment-thumbnail size-thumbnail\" alt=\"\" aria-describedby=\"gallery-1-48683\" \/><\/a>\n\t\t\t<\/div>\n\t\t\t\t<figcaption class='wp-caption-text gallery-caption' id='gallery-1-48683'>\n\t\t\t\tCasa DaB \/ BAM! arquitectura (\u00a9 Federico Cairoli)\n\t\t\t\t<\/figcaption><\/figure><figure class='gallery-item'>\n\t\t\t<div class='gallery-icon portrait'>\n\t\t\t\t<a href='https:\/\/www.arquimaster.com.ar\/web\/wp-content\/uploads\/2019\/08\/dab_house6.jpg' title=\"Casa DaB \/ BAM! arquitectura (\u00a9 Federico Cairoli)\" data-rl_title=\"Casa DaB \/ BAM! arquitectura (\u00a9 Federico Cairoli)\" class=\"rl-gallery-link\" data-rl_caption=\"Casa DaB \/ BAM! arquitectura (\u00a9 Federico Cairoli)\" data-rel=\"lightbox-gallery-1\"><img loading=\"lazy\" decoding=\"async\" width=\"150\" height=\"150\" src=\"https:\/\/www.arquimaster.com.ar\/web\/wp-content\/uploads\/2019\/08\/dab_house6-150x150.jpg\" class=\"attachment-thumbnail size-thumbnail\" alt=\"\" aria-describedby=\"gallery-1-48684\" \/><\/a>\n\t\t\t<\/div>\n\t\t\t\t<figcaption class='wp-caption-text gallery-caption' id='gallery-1-48684'>\n\t\t\t\tCasa DaB \/ BAM! arquitectura (\u00a9 Federico Cairoli)\n\t\t\t\t<\/figcaption><\/figure><figure class='gallery-item'>\n\t\t\t<div class='gallery-icon landscape'>\n\t\t\t\t<a href='https:\/\/www.arquimaster.com.ar\/web\/wp-content\/uploads\/2019\/08\/dab_house7.jpg' title=\"Casa DaB \/ BAM! arquitectura (\u00a9 Federico Cairoli)\" data-rl_title=\"Casa DaB \/ BAM! arquitectura (\u00a9 Federico Cairoli)\" class=\"rl-gallery-link\" data-rl_caption=\"Casa DaB \/ BAM! arquitectura (\u00a9 Federico Cairoli)\" data-rel=\"lightbox-gallery-1\"><img loading=\"lazy\" decoding=\"async\" width=\"150\" height=\"150\" src=\"https:\/\/www.arquimaster.com.ar\/web\/wp-content\/uploads\/2019\/08\/dab_house7-150x150.jpg\" class=\"attachment-thumbnail size-thumbnail\" alt=\"\" aria-describedby=\"gallery-1-48685\" \/><\/a>\n\t\t\t<\/div>\n\t\t\t\t<figcaption class='wp-caption-text gallery-caption' id='gallery-1-48685'>\n\t\t\t\tCasa DaB \/ BAM! arquitectura (\u00a9 Federico Cairoli)\n\t\t\t\t<\/figcaption><\/figure><figure class='gallery-item'>\n\t\t\t<div class='gallery-icon landscape'>\n\t\t\t\t<a href='https:\/\/www.arquimaster.com.ar\/web\/wp-content\/uploads\/2019\/08\/dab_house8.jpg' title=\"Casa DaB \/ BAM! arquitectura (\u00a9 Federico Cairoli)\" data-rl_title=\"Casa DaB \/ BAM! arquitectura (\u00a9 Federico Cairoli)\" class=\"rl-gallery-link\" data-rl_caption=\"Casa DaB \/ BAM! arquitectura (\u00a9 Federico Cairoli)\" data-rel=\"lightbox-gallery-1\"><img loading=\"lazy\" decoding=\"async\" width=\"150\" height=\"150\" src=\"https:\/\/www.arquimaster.com.ar\/web\/wp-content\/uploads\/2019\/08\/dab_house8-150x150.jpg\" class=\"attachment-thumbnail size-thumbnail\" alt=\"\" aria-describedby=\"gallery-1-48686\" \/><\/a>\n\t\t\t<\/div>\n\t\t\t\t<figcaption class='wp-caption-text gallery-caption' id='gallery-1-48686'>\n\t\t\t\tCasa DaB \/ BAM! arquitectura (\u00a9 Federico Cairoli)\n\t\t\t\t<\/figcaption><\/figure><figure class='gallery-item'>\n\t\t\t<div class='gallery-icon portrait'>\n\t\t\t\t<a href='https:\/\/www.arquimaster.com.ar\/web\/wp-content\/uploads\/2019\/08\/dab_house9.jpg' title=\"Casa DaB \/ BAM! arquitectura (\u00a9 Federico Cairoli)\" data-rl_title=\"Casa DaB \/ BAM! arquitectura (\u00a9 Federico Cairoli)\" class=\"rl-gallery-link\" data-rl_caption=\"Casa DaB \/ BAM! arquitectura (\u00a9 Federico Cairoli)\" data-rel=\"lightbox-gallery-1\"><img loading=\"lazy\" decoding=\"async\" width=\"150\" height=\"150\" src=\"https:\/\/www.arquimaster.com.ar\/web\/wp-content\/uploads\/2019\/08\/dab_house9-150x150.jpg\" class=\"attachment-thumbnail size-thumbnail\" alt=\"\" aria-describedby=\"gallery-1-48687\" \/><\/a>\n\t\t\t<\/div>\n\t\t\t\t<figcaption class='wp-caption-text gallery-caption' id='gallery-1-48687'>\n\t\t\t\tCasa DaB \/ BAM! arquitectura (\u00a9 Federico Cairoli)\n\t\t\t\t<\/figcaption><\/figure><figure class='gallery-item'>\n\t\t\t<div class='gallery-icon landscape'>\n\t\t\t\t<a href='https:\/\/www.arquimaster.com.ar\/web\/wp-content\/uploads\/2019\/08\/dab_house10.jpg' title=\"Casa DaB \/ BAM! arquitectura (\u00a9 Federico Cairoli)\" data-rl_title=\"Casa DaB \/ BAM! arquitectura (\u00a9 Federico Cairoli)\" class=\"rl-gallery-link\" data-rl_caption=\"Casa DaB \/ BAM! arquitectura (\u00a9 Federico Cairoli)\" data-rel=\"lightbox-gallery-1\"><img loading=\"lazy\" decoding=\"async\" width=\"150\" height=\"150\" src=\"https:\/\/www.arquimaster.com.ar\/web\/wp-content\/uploads\/2019\/08\/dab_house10-150x150.jpg\" class=\"attachment-thumbnail size-thumbnail\" alt=\"\" aria-describedby=\"gallery-1-48688\" \/><\/a>\n\t\t\t<\/div>\n\t\t\t\t<figcaption class='wp-caption-text gallery-caption' id='gallery-1-48688'>\n\t\t\t\tCasa DaB \/ BAM! arquitectura (\u00a9 Federico Cairoli)\n\t\t\t\t<\/figcaption><\/figure><figure class='gallery-item'>\n\t\t\t<div class='gallery-icon portrait'>\n\t\t\t\t<a href='https:\/\/www.arquimaster.com.ar\/web\/wp-content\/uploads\/2019\/08\/dab_house11.jpg' title=\"Casa DaB \/ BAM! arquitectura (\u00a9 Federico Cairoli)\" data-rl_title=\"Casa DaB \/ BAM! arquitectura (\u00a9 Federico Cairoli)\" class=\"rl-gallery-link\" data-rl_caption=\"Casa DaB \/ BAM! arquitectura (\u00a9 Federico Cairoli)\" data-rel=\"lightbox-gallery-1\"><img loading=\"lazy\" decoding=\"async\" width=\"150\" height=\"150\" src=\"https:\/\/www.arquimaster.com.ar\/web\/wp-content\/uploads\/2019\/08\/dab_house11-150x150.jpg\" class=\"attachment-thumbnail size-thumbnail\" alt=\"\" aria-describedby=\"gallery-1-48689\" \/><\/a>\n\t\t\t<\/div>\n\t\t\t\t<figcaption class='wp-caption-text gallery-caption' id='gallery-1-48689'>\n\t\t\t\tCasa DaB \/ BAM! arquitectura (\u00a9 Federico Cairoli)\n\t\t\t\t<\/figcaption><\/figure><figure class='gallery-item'>\n\t\t\t<div class='gallery-icon portrait'>\n\t\t\t\t<a href='https:\/\/www.arquimaster.com.ar\/web\/wp-content\/uploads\/2019\/08\/dab_house12.jpg' title=\"Casa DaB \/ BAM! arquitectura (\u00a9 Federico Cairoli)\" data-rl_title=\"Casa DaB \/ BAM! arquitectura (\u00a9 Federico Cairoli)\" class=\"rl-gallery-link\" data-rl_caption=\"Casa DaB \/ BAM! arquitectura (\u00a9 Federico Cairoli)\" data-rel=\"lightbox-gallery-1\"><img loading=\"lazy\" decoding=\"async\" width=\"150\" height=\"150\" src=\"https:\/\/www.arquimaster.com.ar\/web\/wp-content\/uploads\/2019\/08\/dab_house12-150x150.jpg\" class=\"attachment-thumbnail size-thumbnail\" alt=\"\" aria-describedby=\"gallery-1-48690\" \/><\/a>\n\t\t\t<\/div>\n\t\t\t\t<figcaption class='wp-caption-text gallery-caption' id='gallery-1-48690'>\n\t\t\t\tCasa DaB \/ BAM! arquitectura (\u00a9 Federico Cairoli)\n\t\t\t\t<\/figcaption><\/figure>\n\t\t<\/div>\n\n<p>El programa se organiza en dos plantas. En planta baja se ubican los espacios de car\u00e1cter p\u00fablico en relaci\u00f3n directa con el jard\u00edn vincul\u00e1ndose as\u00ed de manera integral y din\u00e1mica, con una r\u00f3tula de madera que funciona como n\u00facleo articulando el espacio entre ambos niveles. En planta alta se ubican los espacios de car\u00e1cter privado en relaci\u00f3n con la terraza jard\u00edn, que act\u00faa como mirador y espacio de contemplaci\u00f3n de la naturaleza.<\/p>\n<p>La s\u00edntesis de los materiales fue muy importante a la hora de abordar el proyecto con el fin de generar un recorrido sensorial, que se brinda a trav\u00e9s de los materiales electos. Un basamento de hormig\u00f3n permite que un volumen puro de ladrillos se pose sobre el mismo. El v\u00ednculo entre ambos niveles es por medio de un vac\u00edo acompa\u00f1ado por un n\u00facleo de madera. El \u00faltimo elemento es el hierro que act\u00faa como tamiz para regular el ingreso de luz en sus espacios.<\/p>\n<p>La utilizaci\u00f3n de los materiales nobles con sus l\u00edneas puras y simples, permiten que la luz y la naturaleza act\u00faen como protagonistas y nos brindan un proyecto atemporal.<\/p>\n<div id='gallery-2' class='gallery galleryid-48677 gallery-columns-3 gallery-size-thumbnail'><figure class='gallery-item'>\n\t\t\t<div class='gallery-icon portrait'>\n\t\t\t\t<a href='https:\/\/www.arquimaster.com.ar\/web\/wp-content\/uploads\/2019\/08\/dab_house13.jpg' title=\"Casa DaB \/ BAM! arquitectura (\u00a9 Federico Cairoli)\" data-rl_title=\"Casa DaB \/ BAM! arquitectura (\u00a9 Federico Cairoli)\" class=\"rl-gallery-link\" data-rl_caption=\"Casa DaB \/ BAM! arquitectura (\u00a9 Federico Cairoli)\" data-rel=\"lightbox-gallery-2\"><img loading=\"lazy\" decoding=\"async\" width=\"150\" height=\"150\" src=\"https:\/\/www.arquimaster.com.ar\/web\/wp-content\/uploads\/2019\/08\/dab_house13-150x150.jpg\" class=\"attachment-thumbnail size-thumbnail\" alt=\"\" aria-describedby=\"gallery-2-48691\" \/><\/a>\n\t\t\t<\/div>\n\t\t\t\t<figcaption class='wp-caption-text gallery-caption' id='gallery-2-48691'>\n\t\t\t\tCasa DaB \/ BAM! arquitectura (\u00a9 Federico Cairoli)\n\t\t\t\t<\/figcaption><\/figure><figure class='gallery-item'>\n\t\t\t<div class='gallery-icon portrait'>\n\t\t\t\t<a href='https:\/\/www.arquimaster.com.ar\/web\/wp-content\/uploads\/2019\/08\/dab_house14.jpg' title=\"Casa DaB \/ BAM! arquitectura (\u00a9 Federico Cairoli)\" data-rl_title=\"Casa DaB \/ BAM! arquitectura (\u00a9 Federico Cairoli)\" class=\"rl-gallery-link\" data-rl_caption=\"Casa DaB \/ BAM! arquitectura (\u00a9 Federico Cairoli)\" data-rel=\"lightbox-gallery-2\"><img loading=\"lazy\" decoding=\"async\" width=\"150\" height=\"150\" src=\"https:\/\/www.arquimaster.com.ar\/web\/wp-content\/uploads\/2019\/08\/dab_house14-150x150.jpg\" class=\"attachment-thumbnail size-thumbnail\" alt=\"\" aria-describedby=\"gallery-2-48692\" \/><\/a>\n\t\t\t<\/div>\n\t\t\t\t<figcaption class='wp-caption-text gallery-caption' id='gallery-2-48692'>\n\t\t\t\tCasa DaB \/ BAM! arquitectura (\u00a9 Federico Cairoli)\n\t\t\t\t<\/figcaption><\/figure><figure class='gallery-item'>\n\t\t\t<div class='gallery-icon landscape'>\n\t\t\t\t<a href='https:\/\/www.arquimaster.com.ar\/web\/wp-content\/uploads\/2019\/08\/dab_house15.jpg' title=\"Casa DaB \/ BAM! arquitectura (\u00a9 Federico Cairoli)\" data-rl_title=\"Casa DaB \/ BAM! arquitectura (\u00a9 Federico Cairoli)\" class=\"rl-gallery-link\" data-rl_caption=\"Casa DaB \/ BAM! arquitectura (\u00a9 Federico Cairoli)\" data-rel=\"lightbox-gallery-2\"><img loading=\"lazy\" decoding=\"async\" width=\"150\" height=\"150\" src=\"https:\/\/www.arquimaster.com.ar\/web\/wp-content\/uploads\/2019\/08\/dab_house15-150x150.jpg\" class=\"attachment-thumbnail size-thumbnail\" alt=\"\" aria-describedby=\"gallery-2-48693\" \/><\/a>\n\t\t\t<\/div>\n\t\t\t\t<figcaption class='wp-caption-text gallery-caption' id='gallery-2-48693'>\n\t\t\t\tCasa DaB \/ BAM! arquitectura (\u00a9 Federico Cairoli)\n\t\t\t\t<\/figcaption><\/figure><figure class='gallery-item'>\n\t\t\t<div class='gallery-icon portrait'>\n\t\t\t\t<a href='https:\/\/www.arquimaster.com.ar\/web\/wp-content\/uploads\/2019\/08\/dab_house16.jpg' title=\"Casa DaB \/ BAM! arquitectura (\u00a9 Federico Cairoli)\" data-rl_title=\"Casa DaB \/ BAM! arquitectura (\u00a9 Federico Cairoli)\" class=\"rl-gallery-link\" data-rl_caption=\"Casa DaB \/ BAM! arquitectura (\u00a9 Federico Cairoli)\" data-rel=\"lightbox-gallery-2\"><img loading=\"lazy\" decoding=\"async\" width=\"150\" height=\"150\" src=\"https:\/\/www.arquimaster.com.ar\/web\/wp-content\/uploads\/2019\/08\/dab_house16-150x150.jpg\" class=\"attachment-thumbnail size-thumbnail\" alt=\"\" aria-describedby=\"gallery-2-48694\" \/><\/a>\n\t\t\t<\/div>\n\t\t\t\t<figcaption class='wp-caption-text gallery-caption' id='gallery-2-48694'>\n\t\t\t\tCasa DaB \/ BAM! arquitectura (\u00a9 Federico Cairoli)\n\t\t\t\t<\/figcaption><\/figure><figure class='gallery-item'>\n\t\t\t<div class='gallery-icon portrait'>\n\t\t\t\t<a href='https:\/\/www.arquimaster.com.ar\/web\/wp-content\/uploads\/2019\/08\/dab_house17.jpg' title=\"Casa DaB \/ BAM! arquitectura (\u00a9 Federico Cairoli)\" data-rl_title=\"Casa DaB \/ BAM! arquitectura (\u00a9 Federico Cairoli)\" class=\"rl-gallery-link\" data-rl_caption=\"Casa DaB \/ BAM! arquitectura (\u00a9 Federico Cairoli)\" data-rel=\"lightbox-gallery-2\"><img loading=\"lazy\" decoding=\"async\" width=\"150\" height=\"150\" src=\"https:\/\/www.arquimaster.com.ar\/web\/wp-content\/uploads\/2019\/08\/dab_house17-150x150.jpg\" class=\"attachment-thumbnail size-thumbnail\" alt=\"\" aria-describedby=\"gallery-2-48695\" \/><\/a>\n\t\t\t<\/div>\n\t\t\t\t<figcaption class='wp-caption-text gallery-caption' id='gallery-2-48695'>\n\t\t\t\tCasa DaB \/ BAM! arquitectura (\u00a9 Federico Cairoli)\n\t\t\t\t<\/figcaption><\/figure><figure class='gallery-item'>\n\t\t\t<div class='gallery-icon portrait'>\n\t\t\t\t<a href='https:\/\/www.arquimaster.com.ar\/web\/wp-content\/uploads\/2019\/08\/dab_house18.jpg' title=\"Casa DaB \/ BAM! arquitectura (\u00a9 Federico Cairoli)\" data-rl_title=\"Casa DaB \/ BAM! arquitectura (\u00a9 Federico Cairoli)\" class=\"rl-gallery-link\" data-rl_caption=\"Casa DaB \/ BAM! arquitectura (\u00a9 Federico Cairoli)\" data-rel=\"lightbox-gallery-2\"><img loading=\"lazy\" decoding=\"async\" width=\"150\" height=\"150\" src=\"https:\/\/www.arquimaster.com.ar\/web\/wp-content\/uploads\/2019\/08\/dab_house18-150x150.jpg\" class=\"attachment-thumbnail size-thumbnail\" alt=\"\" aria-describedby=\"gallery-2-48696\" \/><\/a>\n\t\t\t<\/div>\n\t\t\t\t<figcaption class='wp-caption-text gallery-caption' id='gallery-2-48696'>\n\t\t\t\tCasa DaB \/ BAM! arquitectura (\u00a9 Federico Cairoli)\n\t\t\t\t<\/figcaption><\/figure><figure class='gallery-item'>\n\t\t\t<div class='gallery-icon landscape'>\n\t\t\t\t<a href='https:\/\/www.arquimaster.com.ar\/web\/wp-content\/uploads\/2019\/08\/dab_house19.jpg' title=\"Casa DaB \/ BAM! arquitectura (\u00a9 Federico Cairoli)\" data-rl_title=\"Casa DaB \/ BAM! arquitectura (\u00a9 Federico Cairoli)\" class=\"rl-gallery-link\" data-rl_caption=\"Casa DaB \/ BAM! arquitectura (\u00a9 Federico Cairoli)\" data-rel=\"lightbox-gallery-2\"><img loading=\"lazy\" decoding=\"async\" width=\"150\" height=\"150\" src=\"https:\/\/www.arquimaster.com.ar\/web\/wp-content\/uploads\/2019\/08\/dab_house19-150x150.jpg\" class=\"attachment-thumbnail size-thumbnail\" alt=\"\" aria-describedby=\"gallery-2-48697\" \/><\/a>\n\t\t\t<\/div>\n\t\t\t\t<figcaption class='wp-caption-text gallery-caption' id='gallery-2-48697'>\n\t\t\t\tCasa DaB \/ BAM! arquitectura (\u00a9 Federico Cairoli)\n\t\t\t\t<\/figcaption><\/figure><figure class='gallery-item'>\n\t\t\t<div class='gallery-icon landscape'>\n\t\t\t\t<a href='https:\/\/www.arquimaster.com.ar\/web\/wp-content\/uploads\/2019\/08\/dab_house20.jpg' title=\"Casa DaB \/ BAM! arquitectura (planta baja)\" data-rl_title=\"Casa DaB \/ BAM! arquitectura (planta baja)\" class=\"rl-gallery-link\" data-rl_caption=\"Casa DaB \/ BAM! arquitectura (planta baja)\" data-rel=\"lightbox-gallery-2\"><img loading=\"lazy\" decoding=\"async\" width=\"150\" height=\"150\" src=\"https:\/\/www.arquimaster.com.ar\/web\/wp-content\/uploads\/2019\/08\/dab_house20-150x150.jpg\" class=\"attachment-thumbnail size-thumbnail\" alt=\"\" aria-describedby=\"gallery-2-48698\" \/><\/a>\n\t\t\t<\/div>\n\t\t\t\t<figcaption class='wp-caption-text gallery-caption' id='gallery-2-48698'>\n\t\t\t\tCasa DaB \/ BAM! arquitectura (planta baja)\n\t\t\t\t<\/figcaption><\/figure><figure class='gallery-item'>\n\t\t\t<div class='gallery-icon landscape'>\n\t\t\t\t<a href='https:\/\/www.arquimaster.com.ar\/web\/wp-content\/uploads\/2019\/08\/dab_house21.jpg' title=\"Casa DaB \/ BAM! arquitectura (planta alta)\" data-rl_title=\"Casa DaB \/ BAM! arquitectura (planta alta)\" class=\"rl-gallery-link\" data-rl_caption=\"Casa DaB \/ BAM! arquitectura (planta alta)\" data-rel=\"lightbox-gallery-2\"><img loading=\"lazy\" decoding=\"async\" width=\"150\" height=\"150\" src=\"https:\/\/www.arquimaster.com.ar\/web\/wp-content\/uploads\/2019\/08\/dab_house21-150x150.jpg\" class=\"attachment-thumbnail size-thumbnail\" alt=\"\" aria-describedby=\"gallery-2-48699\" \/><\/a>\n\t\t\t<\/div>\n\t\t\t\t<figcaption class='wp-caption-text gallery-caption' id='gallery-2-48699'>\n\t\t\t\tCasa DaB \/ BAM! arquitectura (planta alta)\n\t\t\t\t<\/figcaption><\/figure><figure class='gallery-item'>\n\t\t\t<div class='gallery-icon landscape'>\n\t\t\t\t<a href='https:\/\/www.arquimaster.com.ar\/web\/wp-content\/uploads\/2019\/08\/dab_house22.jpg' title=\"Casa DaB \/ BAM! arquitectura (planta de techos)\" data-rl_title=\"Casa DaB \/ BAM! arquitectura (planta de techos)\" class=\"rl-gallery-link\" data-rl_caption=\"Casa DaB \/ BAM! arquitectura (planta de techos)\" data-rel=\"lightbox-gallery-2\"><img loading=\"lazy\" decoding=\"async\" width=\"150\" height=\"150\" src=\"https:\/\/www.arquimaster.com.ar\/web\/wp-content\/uploads\/2019\/08\/dab_house22-150x150.jpg\" class=\"attachment-thumbnail size-thumbnail\" alt=\"\" aria-describedby=\"gallery-2-48700\" \/><\/a>\n\t\t\t<\/div>\n\t\t\t\t<figcaption class='wp-caption-text gallery-caption' id='gallery-2-48700'>\n\t\t\t\tCasa DaB \/ BAM! arquitectura (planta de techos)\n\t\t\t\t<\/figcaption><\/figure><figure class='gallery-item'>\n\t\t\t<div class='gallery-icon landscape'>\n\t\t\t\t<a href='https:\/\/www.arquimaster.com.ar\/web\/wp-content\/uploads\/2019\/08\/dab_house23.jpg' title=\"Casa DaB \/ BAM! arquitectura (corte A)\" data-rl_title=\"Casa DaB \/ BAM! arquitectura (corte A)\" class=\"rl-gallery-link\" data-rl_caption=\"Casa DaB \/ BAM! arquitectura (corte A)\" data-rel=\"lightbox-gallery-2\"><img loading=\"lazy\" decoding=\"async\" width=\"150\" height=\"150\" src=\"https:\/\/www.arquimaster.com.ar\/web\/wp-content\/uploads\/2019\/08\/dab_house23-150x150.jpg\" class=\"attachment-thumbnail size-thumbnail\" alt=\"\" aria-describedby=\"gallery-2-48701\" \/><\/a>\n\t\t\t<\/div>\n\t\t\t\t<figcaption class='wp-caption-text gallery-caption' id='gallery-2-48701'>\n\t\t\t\tCasa DaB \/ BAM! arquitectura (corte A)\n\t\t\t\t<\/figcaption><\/figure><figure class='gallery-item'>\n\t\t\t<div class='gallery-icon landscape'>\n\t\t\t\t<a href='https:\/\/www.arquimaster.com.ar\/web\/wp-content\/uploads\/2019\/08\/dab_house24.jpg' title=\"Casa DaB \/ BAM! arquitectura (corte B)\" data-rl_title=\"Casa DaB \/ BAM! arquitectura (corte B)\" class=\"rl-gallery-link\" data-rl_caption=\"Casa DaB \/ BAM! arquitectura (corte B)\" data-rel=\"lightbox-gallery-2\"><img loading=\"lazy\" decoding=\"async\" width=\"150\" height=\"150\" src=\"https:\/\/www.arquimaster.com.ar\/web\/wp-content\/uploads\/2019\/08\/dab_house24-150x150.jpg\" class=\"attachment-thumbnail size-thumbnail\" alt=\"\" aria-describedby=\"gallery-2-48702\" \/><\/a>\n\t\t\t<\/div>\n\t\t\t\t<figcaption class='wp-caption-text gallery-caption' id='gallery-2-48702'>\n\t\t\t\tCasa DaB \/ BAM! arquitectura (corte B)\n\t\t\t\t<\/figcaption><\/figure>\n\t\t<\/div>\n\n<p>La luz, como uno de los principales elementos de la arquitectura fue utilizada en este proyecto de una manera directa e indirecta. Cada espacio fue pensado teniendo en cuenta su iluminaci\u00f3n natural y como a trav\u00e9s de ella y de sus tamices, se pueden generar distintas atmosferas con diferentes matices.<\/p>\n<p>En el acceso la luz se encuentra tamizada por filtros de acero, donde las sombras que producen van cambiando a lo largo del d\u00eda. En el living-comedor, se generaron grandes aventanamientos que se abren hacia el jard\u00edn permitiendo que ingrese la luz y conectarse de una manera directa con la naturaleza. En planta alta se generaron una serie de parasoles de hierro, para poder bloquear el sol m\u00e1s fuerte del norte y del oeste.<\/p>\n<p>La dualidad de arquitectura-paisaje, es un concepto que tuvimos en cuenta a la hora de generar vol\u00famenes que permitieran integrarse con el lugar por medio de los llenos y vac\u00edos. Otra decisi\u00f3n que nos brinda esa cercan\u00eda con la naturaleza es la utilizaci\u00f3n de las terrazas jard\u00edn y la incorporaci\u00f3n de patios y claraboyas en la planta alta, en donde cada espacio cuenta con una conexi\u00f3n con la misma.<\/p>\n<div id='gallery-3' class='gallery galleryid-48677 gallery-columns-3 gallery-size-thumbnail'><figure class='gallery-item'>\n\t\t\t<div class='gallery-icon landscape'>\n\t\t\t\t<a href='https:\/\/www.arquimaster.com.ar\/web\/wp-content\/uploads\/2019\/08\/dab_house25.jpg' title=\"Casa DaB \/ BAM! arquitectura (corte sustentabilidad)\" data-rl_title=\"Casa DaB \/ BAM! arquitectura (corte sustentabilidad)\" class=\"rl-gallery-link\" data-rl_caption=\"Casa DaB \/ BAM! arquitectura (corte sustentabilidad)\" data-rel=\"lightbox-gallery-3\"><img loading=\"lazy\" decoding=\"async\" width=\"150\" height=\"150\" src=\"https:\/\/www.arquimaster.com.ar\/web\/wp-content\/uploads\/2019\/08\/dab_house25-150x150.jpg\" class=\"attachment-thumbnail size-thumbnail\" alt=\"\" aria-describedby=\"gallery-3-48703\" \/><\/a>\n\t\t\t<\/div>\n\t\t\t\t<figcaption class='wp-caption-text gallery-caption' id='gallery-3-48703'>\n\t\t\t\tCasa DaB \/ BAM! arquitectura (corte sustentabilidad)\n\t\t\t\t<\/figcaption><\/figure><figure class='gallery-item'>\n\t\t\t<div class='gallery-icon landscape'>\n\t\t\t\t<a href='https:\/\/www.arquimaster.com.ar\/web\/wp-content\/uploads\/2019\/08\/dab_house26.jpg' title=\"Casa DaB \/ BAM! arquitectura (vista frente)\" data-rl_title=\"Casa DaB \/ BAM! arquitectura (vista frente)\" class=\"rl-gallery-link\" data-rl_caption=\"Casa DaB \/ BAM! arquitectura (vista frente)\" data-rel=\"lightbox-gallery-3\"><img loading=\"lazy\" decoding=\"async\" width=\"150\" height=\"150\" src=\"https:\/\/www.arquimaster.com.ar\/web\/wp-content\/uploads\/2019\/08\/dab_house26-150x150.jpg\" class=\"attachment-thumbnail size-thumbnail\" alt=\"\" aria-describedby=\"gallery-3-48704\" \/><\/a>\n\t\t\t<\/div>\n\t\t\t\t<figcaption class='wp-caption-text gallery-caption' id='gallery-3-48704'>\n\t\t\t\tCasa DaB \/ BAM! arquitectura (vista frente)\n\t\t\t\t<\/figcaption><\/figure><figure class='gallery-item'>\n\t\t\t<div class='gallery-icon landscape'>\n\t\t\t\t<a href='https:\/\/www.arquimaster.com.ar\/web\/wp-content\/uploads\/2019\/08\/dab_house27.jpg' title=\"Casa DaB \/ BAM! arquitectura (vista contrafrente)\" data-rl_title=\"Casa DaB \/ BAM! arquitectura (vista contrafrente)\" class=\"rl-gallery-link\" data-rl_caption=\"Casa DaB \/ BAM! arquitectura (vista contrafrente)\" data-rel=\"lightbox-gallery-3\"><img loading=\"lazy\" decoding=\"async\" width=\"150\" height=\"150\" src=\"https:\/\/www.arquimaster.com.ar\/web\/wp-content\/uploads\/2019\/08\/dab_house27-150x150.jpg\" class=\"attachment-thumbnail size-thumbnail\" alt=\"\" aria-describedby=\"gallery-3-48705\" \/><\/a>\n\t\t\t<\/div>\n\t\t\t\t<figcaption class='wp-caption-text gallery-caption' id='gallery-3-48705'>\n\t\t\t\tCasa DaB \/ BAM! arquitectura (vista contrafrente)\n\t\t\t\t<\/figcaption><\/figure><figure class='gallery-item'>\n\t\t\t<div class='gallery-icon landscape'>\n\t\t\t\t<a href='https:\/\/www.arquimaster.com.ar\/web\/wp-content\/uploads\/2019\/08\/dab_house28.jpg' title=\"Casa DaB \/ BAM! arquitectura (vista lateral izquierdo)\" data-rl_title=\"Casa DaB \/ BAM! arquitectura (vista lateral izquierdo)\" class=\"rl-gallery-link\" data-rl_caption=\"Casa DaB \/ BAM! arquitectura (vista lateral izquierdo)\" data-rel=\"lightbox-gallery-3\"><img loading=\"lazy\" decoding=\"async\" width=\"150\" height=\"150\" src=\"https:\/\/www.arquimaster.com.ar\/web\/wp-content\/uploads\/2019\/08\/dab_house28-150x150.jpg\" class=\"attachment-thumbnail size-thumbnail\" alt=\"\" aria-describedby=\"gallery-3-48706\" \/><\/a>\n\t\t\t<\/div>\n\t\t\t\t<figcaption class='wp-caption-text gallery-caption' id='gallery-3-48706'>\n\t\t\t\tCasa DaB \/ BAM! arquitectura (vista lateral izquierdo)\n\t\t\t\t<\/figcaption><\/figure><figure class='gallery-item'>\n\t\t\t<div class='gallery-icon landscape'>\n\t\t\t\t<a href='https:\/\/www.arquimaster.com.ar\/web\/wp-content\/uploads\/2019\/08\/dab_house29.jpg' title=\"Casa DaB \/ BAM! arquitectura (vista lateral derecho)\" data-rl_title=\"Casa DaB \/ BAM! arquitectura (vista lateral derecho)\" class=\"rl-gallery-link\" data-rl_caption=\"Casa DaB \/ BAM! arquitectura (vista lateral derecho)\" data-rel=\"lightbox-gallery-3\"><img loading=\"lazy\" decoding=\"async\" width=\"150\" height=\"150\" src=\"https:\/\/www.arquimaster.com.ar\/web\/wp-content\/uploads\/2019\/08\/dab_house29-150x150.jpg\" class=\"attachment-thumbnail size-thumbnail\" alt=\"\" aria-describedby=\"gallery-3-48707\" \/><\/a>\n\t\t\t<\/div>\n\t\t\t\t<figcaption class='wp-caption-text gallery-caption' id='gallery-3-48707'>\n\t\t\t\tCasa DaB \/ BAM! arquitectura (vista lateral derecho)\n\t\t\t\t<\/figcaption><\/figure><figure class='gallery-item'>\n\t\t\t<div class='gallery-icon landscape'>\n\t\t\t\t<a href='https:\/\/www.arquimaster.com.ar\/web\/wp-content\/uploads\/2019\/08\/dab_house30.jpg' title=\"Casa DaB \/ BAM! arquitectura (esquema)\" data-rl_title=\"Casa DaB \/ BAM! arquitectura (esquema)\" class=\"rl-gallery-link\" data-rl_caption=\"Casa DaB \/ BAM! arquitectura (esquema)\" data-rel=\"lightbox-gallery-3\"><img loading=\"lazy\" decoding=\"async\" width=\"150\" height=\"150\" src=\"https:\/\/www.arquimaster.com.ar\/web\/wp-content\/uploads\/2019\/08\/dab_house30-150x150.jpg\" class=\"attachment-thumbnail size-thumbnail\" alt=\"\" aria-describedby=\"gallery-3-48708\" \/><\/a>\n\t\t\t<\/div>\n\t\t\t\t<figcaption class='wp-caption-text gallery-caption' id='gallery-3-48708'>\n\t\t\t\tCasa DaB \/ BAM! arquitectura (esquema)\n\t\t\t\t<\/figcaption><\/figure><figure class='gallery-item'>\n\t\t\t<div class='gallery-icon landscape'>\n\t\t\t\t<a href='https:\/\/www.arquimaster.com.ar\/web\/wp-content\/uploads\/2019\/08\/dab_house31.jpg' title=\"Casa DaB \/ BAM! arquitectura (esquema)\" data-rl_title=\"Casa DaB \/ BAM! arquitectura (esquema)\" class=\"rl-gallery-link\" data-rl_caption=\"Casa DaB \/ BAM! arquitectura (esquema)\" data-rel=\"lightbox-gallery-3\"><img loading=\"lazy\" decoding=\"async\" width=\"150\" height=\"150\" src=\"https:\/\/www.arquimaster.com.ar\/web\/wp-content\/uploads\/2019\/08\/dab_house31-150x150.jpg\" class=\"attachment-thumbnail size-thumbnail\" alt=\"\" aria-describedby=\"gallery-3-48709\" \/><\/a>\n\t\t\t<\/div>\n\t\t\t\t<figcaption class='wp-caption-text gallery-caption' id='gallery-3-48709'>\n\t\t\t\tCasa DaB \/ BAM! arquitectura (esquema)\n\t\t\t\t<\/figcaption><\/figure><figure class='gallery-item'>\n\t\t\t<div class='gallery-icon landscape'>\n\t\t\t\t<a href='https:\/\/www.arquimaster.com.ar\/web\/wp-content\/uploads\/2019\/08\/dab_house32.jpg' title=\"Casa DaB \/ BAM! arquitectura (esquema)\" data-rl_title=\"Casa DaB \/ BAM! arquitectura (esquema)\" class=\"rl-gallery-link\" data-rl_caption=\"Casa DaB \/ BAM! arquitectura (esquema)\" data-rel=\"lightbox-gallery-3\"><img loading=\"lazy\" decoding=\"async\" width=\"150\" height=\"150\" src=\"https:\/\/www.arquimaster.com.ar\/web\/wp-content\/uploads\/2019\/08\/dab_house32-150x150.jpg\" class=\"attachment-thumbnail size-thumbnail\" alt=\"\" aria-describedby=\"gallery-3-48710\" \/><\/a>\n\t\t\t<\/div>\n\t\t\t\t<figcaption class='wp-caption-text gallery-caption' id='gallery-3-48710'>\n\t\t\t\tCasa DaB \/ BAM! arquitectura (esquema)\n\t\t\t\t<\/figcaption><\/figure><figure class='gallery-item'>\n\t\t\t<div class='gallery-icon landscape'>\n\t\t\t\t<a href='https:\/\/www.arquimaster.com.ar\/web\/wp-content\/uploads\/2019\/08\/dab_house33.jpg' title=\"Casa DaB \/ BAM! arquitectura (esquema)\" data-rl_title=\"Casa DaB \/ BAM! arquitectura (esquema)\" class=\"rl-gallery-link\" data-rl_caption=\"Casa DaB \/ BAM! arquitectura (esquema)\" data-rel=\"lightbox-gallery-3\"><img loading=\"lazy\" decoding=\"async\" width=\"150\" height=\"150\" src=\"https:\/\/www.arquimaster.com.ar\/web\/wp-content\/uploads\/2019\/08\/dab_house33-150x150.jpg\" class=\"attachment-thumbnail size-thumbnail\" alt=\"\" aria-describedby=\"gallery-3-48711\" \/><\/a>\n\t\t\t<\/div>\n\t\t\t\t<figcaption class='wp-caption-text gallery-caption' id='gallery-3-48711'>\n\t\t\t\tCasa DaB \/ BAM! arquitectura (esquema)\n\t\t\t\t<\/figcaption><\/figure><figure class='gallery-item'>\n\t\t\t<div class='gallery-icon landscape'>\n\t\t\t\t<a href='https:\/\/www.arquimaster.com.ar\/web\/wp-content\/uploads\/2019\/08\/dab_house34.jpg' title=\"Casa DaB \/ BAM! arquitectura (esquema)\" data-rl_title=\"Casa DaB \/ BAM! arquitectura (esquema)\" class=\"rl-gallery-link\" data-rl_caption=\"Casa DaB \/ BAM! arquitectura (esquema)\" data-rel=\"lightbox-gallery-3\"><img loading=\"lazy\" decoding=\"async\" width=\"150\" height=\"150\" src=\"https:\/\/www.arquimaster.com.ar\/web\/wp-content\/uploads\/2019\/08\/dab_house34-150x150.jpg\" class=\"attachment-thumbnail size-thumbnail\" alt=\"\" aria-describedby=\"gallery-3-48712\" \/><\/a>\n\t\t\t<\/div>\n\t\t\t\t<figcaption class='wp-caption-text gallery-caption' id='gallery-3-48712'>\n\t\t\t\tCasa DaB \/ BAM! arquitectura (esquema)\n\t\t\t\t<\/figcaption><\/figure><figure class='gallery-item'>\n\t\t\t<div class='gallery-icon landscape'>\n\t\t\t\t<a href='https:\/\/www.arquimaster.com.ar\/web\/wp-content\/uploads\/2019\/08\/dab_house35.jpg' title=\"Casa DaB \/ BAM! arquitectura (esquema)\" data-rl_title=\"Casa DaB \/ BAM! arquitectura (esquema)\" class=\"rl-gallery-link\" data-rl_caption=\"Casa DaB \/ BAM! arquitectura (esquema)\" data-rel=\"lightbox-gallery-3\"><img loading=\"lazy\" decoding=\"async\" width=\"150\" height=\"150\" src=\"https:\/\/www.arquimaster.com.ar\/web\/wp-content\/uploads\/2019\/08\/dab_house35-150x150.jpg\" class=\"attachment-thumbnail size-thumbnail\" alt=\"\" aria-describedby=\"gallery-3-48713\" \/><\/a>\n\t\t\t<\/div>\n\t\t\t\t<figcaption class='wp-caption-text gallery-caption' id='gallery-3-48713'>\n\t\t\t\tCasa DaB \/ BAM! arquitectura (esquema)\n\t\t\t\t<\/figcaption><\/figure>\n\t\t<\/div>\n\n<p>La sustentabilidad, es abordada desde todos los planos, partiendo en la elecci\u00f3n del terreno y la implantaci\u00f3n en el mismo teniendo en cuenta sus orientaciones y vientos predominantes, siguiendo con la utilizaci\u00f3n de una cubierta verde con todos los beneficios que conlleva. Otros de los puntos que se tuvieron en cuenta fue la reducci\u00f3n del consumo del agua, utilizando el agua de lluvia para el posterior riego y la utilizaci\u00f3n de artefactos de bajo consumo. La calefacci\u00f3n y refrigeraci\u00f3n fue realizada mediante geotermia.<\/p>\n<p>Todos los espacios fueron pensados para que sean iluminados con luz natural, vistas al exterior, y ventilaci\u00f3n cruzada generando de esta forma un beneficio no solo energ\u00e9tico sino de mayor confort para su h\u00e1bitat.<\/p>\n<p>El paisaje fue dise\u00f1ado a partir de premisas sustentables las cuales brindan un gran aporte a la ecolog\u00eda urbana a partir del uso de especies nativas, construyendo as\u00ed un micro parche urbano constituido por comunidades vegetales originarias.<\/p>\n<p><strong>Ficha t\u00e9cnica<\/strong><br \/>\nNombre: Casa DaB<br \/>\nUbicaci\u00f3n: Escobar, Provincia de Buenos Aires, Argentina<br \/>\nEstudio arquitectura: BAM! arquitectura<br \/>\nArquitectos: Gonzalo Bardach, Mat\u00edas Mosquera<br \/>\nArquitectos a cargo: Gonzalo Bardach, Mat\u00edas Mosquera<br \/>\nEquipo de dise\u00f1o: Gonzalo Bardach, Mat\u00edas Mosquera, Clara Sakmann, Felicitas Van Thienen<br \/>\nDise\u00f1o de Paisaje: Bulla<br \/>\nDise\u00f1o estructural: Pedro Gea<br \/>\nSuperficies: 220 m2 cubiertos, 40 m2 semicubiertos<br \/>\nSuperficies cubiertas verdes: 50 m2<br \/>\nA\u00f1o: 2016<br \/>\nFotograf\u00eda: Federico Cairoli<\/p>\n<p><strong>Contacto<\/strong><br \/>\n<a href=\"http:\/\/www.bamarquitectura.com\" target=\"_blank\" rel=\"noopener noreferrer\">http:\/\/www.bamarquitectura.com<\/a><\/p>\n<p><strong>Acerca de BAM! Arquitectura<\/strong><br \/>\nCreamos dise\u00f1os sustentables para quienes se animan a vivir mejor. Somos un estudio multifac\u00e9tico de arquitectura, dise\u00f1o y urbanismo, formado por j\u00f3venes emprendedores, conscientes del entorno social y ambiental, con una mirada integradora, cuestionadora y creativa. Creemos que los edificios, como las personas, son algo m\u00e1s que la suma de sus partes. Creemos que es posible lograr una s\u00edntesis de dise\u00f1o, la funci\u00f3n y el contexto.<\/p>\n\n<div style=\"font-size: 0px; height: 0px; line-height: 0px; margin: 0; padding: 0; clear: both;\"><\/div><div style=\"margin-top: 0px; margin-bottom: 0px;\" class=\"sharethis-inline-share-buttons\" ><\/div>","protected":false},"excerpt":{"rendered":"<p>Simpleza y materialidad en armon\u00eda con el paisaje, dise\u00f1ado a partir de premisas sustentables&#8230;<\/p>\n","protected":false},"author":1,"featured_media":48678,"comment_status":"closed","ping_status":"closed","sticky":false,"template":"","format":"standard","meta":{"_uag_custom_page_level_css":"","footnotes":""},"categories":[1,83],"tags":[44,4266,843,4245,4267,4268,317,254],"class_list":["post-48677","post","type-post","status-publish","format-standard","has-post-thumbnail","hentry","category-proyecto","category-vivienda-unifamiliar","tag-arquitectura-sustentable","tag-bam-arquitectura","tag-casa-sustentable","tag-escobar","tag-gonzalo-bardach","tag-matias-mosquera","tag-sustentable","tag-vivienda-unifamiliar-2","generate-columns","tablet-grid-50","mobile-grid-100","grid-parent","grid-50"],"yoast_head":"<!-- This site is optimized with the Yoast SEO plugin v27.3 - https:\/\/yoast.com\/product\/yoast-seo-wordpress\/ -->\n<title>Casa DaB \/ BAM! arquitectura - Arquimaster<\/title>\n<meta name=\"description\" content=\"Simpleza y materialidad en armon\u00eda con el paisaje, dise\u00f1ado a partir de premisas sustentables.\" \/>\n<meta name=\"robots\" content=\"index, follow, max-snippet:-1, max-image-preview:large, max-video-preview:-1\" \/>\n<link rel=\"canonical\" href=\"https:\/\/www.arquimaster.com.ar\/web\/casa-dab-bam-arquitectura\/\" \/>\n<meta property=\"og:locale\" content=\"es_ES\" \/>\n<meta property=\"og:type\" content=\"article\" \/>\n<meta property=\"og:title\" content=\"Casa DaB \/ BAM! arquitectura\" \/>\n<meta property=\"og:description\" content=\"Simpleza y materialidad en armon\u00eda con el paisaje, dise\u00f1ado a partir de premisas sustentables.\" \/>\n<meta property=\"og:url\" content=\"https:\/\/www.arquimaster.com.ar\/web\/casa-dab-bam-arquitectura\/\" \/>\n<meta property=\"og:site_name\" content=\"Arquimaster\" \/>\n<meta property=\"article:publisher\" content=\"http:\/\/www.facebook.com\/ARQUIMASTER.com.ar\" \/>\n<meta property=\"article:published_time\" content=\"2019-08-29T20:29:52+00:00\" \/>\n<meta property=\"article:modified_time\" content=\"2019-08-30T23:29:41+00:00\" \/>\n<meta property=\"og:image\" content=\"https:\/\/www.arquimaster.com.ar\/web\/wp-content\/uploads\/2019\/08\/dab_house_slide.jpg\" \/>\n\t<meta property=\"og:image:width\" content=\"698\" \/>\n\t<meta property=\"og:image:height\" content=\"364\" \/>\n\t<meta property=\"og:image:type\" content=\"image\/jpeg\" \/>\n<meta name=\"author\" content=\"Arquimaster\" \/>\n<meta name=\"twitter:card\" content=\"summary_large_image\" \/>\n<meta name=\"twitter:title\" content=\"Casa DaB \/ BAM! arquitectura\" \/>\n<meta name=\"twitter:description\" content=\"Simpleza y materialidad en armon\u00eda con el paisaje, dise\u00f1ado a partir de premisas sustentables.\" \/>\n<meta name=\"twitter:image\" content=\"https:\/\/www.arquimaster.com.ar\/web\/wp-content\/uploads\/2019\/08\/dab_house_slide.jpg\" \/>\n<meta name=\"twitter:creator\" content=\"@arquimaster\" \/>\n<meta name=\"twitter:site\" content=\"@arquimaster\" \/>\n<meta name=\"twitter:label1\" content=\"Escrito por\" \/>\n\t<meta name=\"twitter:data1\" content=\"Arquimaster\" \/>\n\t<meta name=\"twitter:label2\" content=\"Tiempo de lectura\" \/>\n\t<meta name=\"twitter:data2\" content=\"4 minutos\" \/>\n<script type=\"application\/ld+json\" class=\"yoast-schema-graph\">{\"@context\":\"https:\\\/\\\/schema.org\",\"@graph\":[{\"@type\":\"Article\",\"@id\":\"https:\\\/\\\/www.arquimaster.com.ar\\\/web\\\/casa-dab-bam-arquitectura\\\/#article\",\"isPartOf\":{\"@id\":\"https:\\\/\\\/www.arquimaster.com.ar\\\/web\\\/casa-dab-bam-arquitectura\\\/\"},\"author\":{\"name\":\"Arquimaster\",\"@id\":\"https:\\\/\\\/www.arquimaster.com.ar\\\/web\\\/#\\\/schema\\\/person\\\/359e9f7c00193fcde068e0dd2ceb0028\"},\"headline\":\"Casa DaB \\\/ BAM! arquitectura\",\"datePublished\":\"2019-08-29T20:29:52+00:00\",\"dateModified\":\"2019-08-30T23:29:41+00:00\",\"mainEntityOfPage\":{\"@id\":\"https:\\\/\\\/www.arquimaster.com.ar\\\/web\\\/casa-dab-bam-arquitectura\\\/\"},\"wordCount\":826,\"publisher\":{\"@id\":\"https:\\\/\\\/www.arquimaster.com.ar\\\/web\\\/#organization\"},\"image\":{\"@id\":\"https:\\\/\\\/www.arquimaster.com.ar\\\/web\\\/casa-dab-bam-arquitectura\\\/#primaryimage\"},\"thumbnailUrl\":\"https:\\\/\\\/www.arquimaster.com.ar\\\/web\\\/wp-content\\\/uploads\\\/2019\\\/08\\\/dab_house_slide.jpg\",\"keywords\":[\"arquitectura sustentable\",\"BAM! arquitectura\",\"casa sustentable\",\"Escobar\",\"Gonzalo Bardach\",\"Mat\u00edas Mosquera\",\"sustentable\",\"vivienda unifamiliar\"],\"articleSection\":[\"Proyecto\",\"Vivienda unifamiliar y PH\"],\"inLanguage\":\"es\"},{\"@type\":\"WebPage\",\"@id\":\"https:\\\/\\\/www.arquimaster.com.ar\\\/web\\\/casa-dab-bam-arquitectura\\\/\",\"url\":\"https:\\\/\\\/www.arquimaster.com.ar\\\/web\\\/casa-dab-bam-arquitectura\\\/\",\"name\":\"Casa DaB \\\/ BAM! arquitectura - Arquimaster\",\"isPartOf\":{\"@id\":\"https:\\\/\\\/www.arquimaster.com.ar\\\/web\\\/#website\"},\"primaryImageOfPage\":{\"@id\":\"https:\\\/\\\/www.arquimaster.com.ar\\\/web\\\/casa-dab-bam-arquitectura\\\/#primaryimage\"},\"image\":{\"@id\":\"https:\\\/\\\/www.arquimaster.com.ar\\\/web\\\/casa-dab-bam-arquitectura\\\/#primaryimage\"},\"thumbnailUrl\":\"https:\\\/\\\/www.arquimaster.com.ar\\\/web\\\/wp-content\\\/uploads\\\/2019\\\/08\\\/dab_house_slide.jpg\",\"datePublished\":\"2019-08-29T20:29:52+00:00\",\"dateModified\":\"2019-08-30T23:29:41+00:00\",\"description\":\"Simpleza y materialidad en armon\u00eda con el paisaje, dise\u00f1ado a partir de premisas sustentables.\",\"breadcrumb\":{\"@id\":\"https:\\\/\\\/www.arquimaster.com.ar\\\/web\\\/casa-dab-bam-arquitectura\\\/#breadcrumb\"},\"inLanguage\":\"es\",\"potentialAction\":[{\"@type\":\"ReadAction\",\"target\":[\"https:\\\/\\\/www.arquimaster.com.ar\\\/web\\\/casa-dab-bam-arquitectura\\\/\"]}]},{\"@type\":\"ImageObject\",\"inLanguage\":\"es\",\"@id\":\"https:\\\/\\\/www.arquimaster.com.ar\\\/web\\\/casa-dab-bam-arquitectura\\\/#primaryimage\",\"url\":\"https:\\\/\\\/www.arquimaster.com.ar\\\/web\\\/wp-content\\\/uploads\\\/2019\\\/08\\\/dab_house_slide.jpg\",\"contentUrl\":\"https:\\\/\\\/www.arquimaster.com.ar\\\/web\\\/wp-content\\\/uploads\\\/2019\\\/08\\\/dab_house_slide.jpg\",\"width\":698,\"height\":364},{\"@type\":\"BreadcrumbList\",\"@id\":\"https:\\\/\\\/www.arquimaster.com.ar\\\/web\\\/casa-dab-bam-arquitectura\\\/#breadcrumb\",\"itemListElement\":[{\"@type\":\"ListItem\",\"position\":1,\"name\":\"Portada\",\"item\":\"https:\\\/\\\/www.arquimaster.com.ar\\\/web\\\/\"},{\"@type\":\"ListItem\",\"position\":2,\"name\":\"Casa DaB \\\/ BAM! arquitectura\"}]},{\"@type\":\"WebSite\",\"@id\":\"https:\\\/\\\/www.arquimaster.com.ar\\\/web\\\/#website\",\"url\":\"https:\\\/\\\/www.arquimaster.com.ar\\\/web\\\/\",\"name\":\"Arquimaster\",\"description\":\"Web de arquitectura, dise\u00f1o y construccion\",\"publisher\":{\"@id\":\"https:\\\/\\\/www.arquimaster.com.ar\\\/web\\\/#organization\"},\"potentialAction\":[{\"@type\":\"SearchAction\",\"target\":{\"@type\":\"EntryPoint\",\"urlTemplate\":\"https:\\\/\\\/www.arquimaster.com.ar\\\/web\\\/?s={search_term_string}\"},\"query-input\":{\"@type\":\"PropertyValueSpecification\",\"valueRequired\":true,\"valueName\":\"search_term_string\"}}],\"inLanguage\":\"es\"},{\"@type\":\"Organization\",\"@id\":\"https:\\\/\\\/www.arquimaster.com.ar\\\/web\\\/#organization\",\"name\":\"Arquimaster\",\"url\":\"https:\\\/\\\/www.arquimaster.com.ar\\\/web\\\/\",\"logo\":{\"@type\":\"ImageObject\",\"inLanguage\":\"es\",\"@id\":\"https:\\\/\\\/www.arquimaster.com.ar\\\/web\\\/#\\\/schema\\\/logo\\\/image\\\/\",\"url\":\"https:\\\/\\\/www.arquimaster.com.ar\\\/web\\\/wp-content\\\/uploads\\\/2022\\\/06\\\/arquimaster.png\",\"contentUrl\":\"https:\\\/\\\/www.arquimaster.com.ar\\\/web\\\/wp-content\\\/uploads\\\/2022\\\/06\\\/arquimaster.png\",\"width\":594,\"height\":78,\"caption\":\"Arquimaster\"},\"image\":{\"@id\":\"https:\\\/\\\/www.arquimaster.com.ar\\\/web\\\/#\\\/schema\\\/logo\\\/image\\\/\"},\"sameAs\":[\"http:\\\/\\\/www.facebook.com\\\/ARQUIMASTER.com.ar\",\"https:\\\/\\\/x.com\\\/arquimaster\",\"https:\\\/\\\/www.instagram.com\\\/arquimasterblog\\\/\",\"https:\\\/\\\/www.linkedin.com\\\/company\\\/arquimaster\",\"https:\\\/\\\/www.pinterest.com\\\/arquimaster\",\"https:\\\/\\\/t.me\\\/arquimaster\"]},{\"@type\":\"Person\",\"@id\":\"https:\\\/\\\/www.arquimaster.com.ar\\\/web\\\/#\\\/schema\\\/person\\\/359e9f7c00193fcde068e0dd2ceb0028\",\"name\":\"Arquimaster\"}]}<\/script>\n<!-- \/ Yoast SEO plugin. -->","yoast_head_json":{"title":"Casa DaB \/ BAM! arquitectura - Arquimaster","description":"Simpleza y materialidad en armon\u00eda con el paisaje, dise\u00f1ado a partir de premisas sustentables.","robots":{"index":"index","follow":"follow","max-snippet":"max-snippet:-1","max-image-preview":"max-image-preview:large","max-video-preview":"max-video-preview:-1"},"canonical":"https:\/\/www.arquimaster.com.ar\/web\/casa-dab-bam-arquitectura\/","og_locale":"es_ES","og_type":"article","og_title":"Casa DaB \/ BAM! arquitectura","og_description":"Simpleza y materialidad en armon\u00eda con el paisaje, dise\u00f1ado a partir de premisas sustentables.","og_url":"https:\/\/www.arquimaster.com.ar\/web\/casa-dab-bam-arquitectura\/","og_site_name":"Arquimaster","article_publisher":"http:\/\/www.facebook.com\/ARQUIMASTER.com.ar","article_published_time":"2019-08-29T20:29:52+00:00","article_modified_time":"2019-08-30T23:29:41+00:00","og_image":[{"width":698,"height":364,"url":"https:\/\/www.arquimaster.com.ar\/web\/wp-content\/uploads\/2019\/08\/dab_house_slide.jpg","type":"image\/jpeg"}],"author":"Arquimaster","twitter_card":"summary_large_image","twitter_title":"Casa DaB \/ BAM! arquitectura","twitter_description":"Simpleza y materialidad en armon\u00eda con el paisaje, dise\u00f1ado a partir de premisas sustentables.","twitter_image":"https:\/\/www.arquimaster.com.ar\/web\/wp-content\/uploads\/2019\/08\/dab_house_slide.jpg","twitter_creator":"@arquimaster","twitter_site":"@arquimaster","twitter_misc":{"Escrito por":"Arquimaster","Tiempo de lectura":"4 minutos"},"schema":{"@context":"https:\/\/schema.org","@graph":[{"@type":"Article","@id":"https:\/\/www.arquimaster.com.ar\/web\/casa-dab-bam-arquitectura\/#article","isPartOf":{"@id":"https:\/\/www.arquimaster.com.ar\/web\/casa-dab-bam-arquitectura\/"},"author":{"name":"Arquimaster","@id":"https:\/\/www.arquimaster.com.ar\/web\/#\/schema\/person\/359e9f7c00193fcde068e0dd2ceb0028"},"headline":"Casa DaB \/ BAM! arquitectura","datePublished":"2019-08-29T20:29:52+00:00","dateModified":"2019-08-30T23:29:41+00:00","mainEntityOfPage":{"@id":"https:\/\/www.arquimaster.com.ar\/web\/casa-dab-bam-arquitectura\/"},"wordCount":826,"publisher":{"@id":"https:\/\/www.arquimaster.com.ar\/web\/#organization"},"image":{"@id":"https:\/\/www.arquimaster.com.ar\/web\/casa-dab-bam-arquitectura\/#primaryimage"},"thumbnailUrl":"https:\/\/www.arquimaster.com.ar\/web\/wp-content\/uploads\/2019\/08\/dab_house_slide.jpg","keywords":["arquitectura sustentable","BAM! arquitectura","casa sustentable","Escobar","Gonzalo Bardach","Mat\u00edas Mosquera","sustentable","vivienda unifamiliar"],"articleSection":["Proyecto","Vivienda unifamiliar y PH"],"inLanguage":"es"},{"@type":"WebPage","@id":"https:\/\/www.arquimaster.com.ar\/web\/casa-dab-bam-arquitectura\/","url":"https:\/\/www.arquimaster.com.ar\/web\/casa-dab-bam-arquitectura\/","name":"Casa DaB \/ BAM! arquitectura - Arquimaster","isPartOf":{"@id":"https:\/\/www.arquimaster.com.ar\/web\/#website"},"primaryImageOfPage":{"@id":"https:\/\/www.arquimaster.com.ar\/web\/casa-dab-bam-arquitectura\/#primaryimage"},"image":{"@id":"https:\/\/www.arquimaster.com.ar\/web\/casa-dab-bam-arquitectura\/#primaryimage"},"thumbnailUrl":"https:\/\/www.arquimaster.com.ar\/web\/wp-content\/uploads\/2019\/08\/dab_house_slide.jpg","datePublished":"2019-08-29T20:29:52+00:00","dateModified":"2019-08-30T23:29:41+00:00","description":"Simpleza y materialidad en armon\u00eda con el paisaje, dise\u00f1ado a partir de premisas sustentables.","breadcrumb":{"@id":"https:\/\/www.arquimaster.com.ar\/web\/casa-dab-bam-arquitectura\/#breadcrumb"},"inLanguage":"es","potentialAction":[{"@type":"ReadAction","target":["https:\/\/www.arquimaster.com.ar\/web\/casa-dab-bam-arquitectura\/"]}]},{"@type":"ImageObject","inLanguage":"es","@id":"https:\/\/www.arquimaster.com.ar\/web\/casa-dab-bam-arquitectura\/#primaryimage","url":"https:\/\/www.arquimaster.com.ar\/web\/wp-content\/uploads\/2019\/08\/dab_house_slide.jpg","contentUrl":"https:\/\/www.arquimaster.com.ar\/web\/wp-content\/uploads\/2019\/08\/dab_house_slide.jpg","width":698,"height":364},{"@type":"BreadcrumbList","@id":"https:\/\/www.arquimaster.com.ar\/web\/casa-dab-bam-arquitectura\/#breadcrumb","itemListElement":[{"@type":"ListItem","position":1,"name":"Portada","item":"https:\/\/www.arquimaster.com.ar\/web\/"},{"@type":"ListItem","position":2,"name":"Casa DaB \/ BAM! arquitectura"}]},{"@type":"WebSite","@id":"https:\/\/www.arquimaster.com.ar\/web\/#website","url":"https:\/\/www.arquimaster.com.ar\/web\/","name":"Arquimaster","description":"Web de arquitectura, dise\u00f1o y construccion","publisher":{"@id":"https:\/\/www.arquimaster.com.ar\/web\/#organization"},"potentialAction":[{"@type":"SearchAction","target":{"@type":"EntryPoint","urlTemplate":"https:\/\/www.arquimaster.com.ar\/web\/?s={search_term_string}"},"query-input":{"@type":"PropertyValueSpecification","valueRequired":true,"valueName":"search_term_string"}}],"inLanguage":"es"},{"@type":"Organization","@id":"https:\/\/www.arquimaster.com.ar\/web\/#organization","name":"Arquimaster","url":"https:\/\/www.arquimaster.com.ar\/web\/","logo":{"@type":"ImageObject","inLanguage":"es","@id":"https:\/\/www.arquimaster.com.ar\/web\/#\/schema\/logo\/image\/","url":"https:\/\/www.arquimaster.com.ar\/web\/wp-content\/uploads\/2022\/06\/arquimaster.png","contentUrl":"https:\/\/www.arquimaster.com.ar\/web\/wp-content\/uploads\/2022\/06\/arquimaster.png","width":594,"height":78,"caption":"Arquimaster"},"image":{"@id":"https:\/\/www.arquimaster.com.ar\/web\/#\/schema\/logo\/image\/"},"sameAs":["http:\/\/www.facebook.com\/ARQUIMASTER.com.ar","https:\/\/x.com\/arquimaster","https:\/\/www.instagram.com\/arquimasterblog\/","https:\/\/www.linkedin.com\/company\/arquimaster","https:\/\/www.pinterest.com\/arquimaster","https:\/\/t.me\/arquimaster"]},{"@type":"Person","@id":"https:\/\/www.arquimaster.com.ar\/web\/#\/schema\/person\/359e9f7c00193fcde068e0dd2ceb0028","name":"Arquimaster"}]}},"uagb_featured_image_src":{"full":["https:\/\/www.arquimaster.com.ar\/web\/wp-content\/uploads\/2019\/08\/dab_house_slide.jpg",698,364,false],"thumbnail":["https:\/\/www.arquimaster.com.ar\/web\/wp-content\/uploads\/2019\/08\/dab_house_slide-150x150.jpg",150,150,true],"medium":["https:\/\/www.arquimaster.com.ar\/web\/wp-content\/uploads\/2019\/08\/dab_house_slide.jpg",698,364,false],"medium_large":["https:\/\/www.arquimaster.com.ar\/web\/wp-content\/uploads\/2019\/08\/dab_house_slide.jpg",698,364,false],"large":["https:\/\/www.arquimaster.com.ar\/web\/wp-content\/uploads\/2019\/08\/dab_house_slide.jpg",698,364,false],"1536x1536":["https:\/\/www.arquimaster.com.ar\/web\/wp-content\/uploads\/2019\/08\/dab_house_slide.jpg",698,364,false],"2048x2048":["https:\/\/www.arquimaster.com.ar\/web\/wp-content\/uploads\/2019\/08\/dab_house_slide.jpg",698,364,false]},"uagb_author_info":{"display_name":"Arquimaster","author_link":"https:\/\/www.arquimaster.com.ar\/web\/author\/arquimaster\/"},"uagb_comment_info":0,"uagb_excerpt":"Simpleza y materialidad en armon\u00eda con el paisaje, dise\u00f1ado a partir de premisas sustentables...","_links":{"self":[{"href":"https:\/\/www.arquimaster.com.ar\/web\/wp-json\/wp\/v2\/posts\/48677","targetHints":{"allow":["GET"]}}],"collection":[{"href":"https:\/\/www.arquimaster.com.ar\/web\/wp-json\/wp\/v2\/posts"}],"about":[{"href":"https:\/\/www.arquimaster.com.ar\/web\/wp-json\/wp\/v2\/types\/post"}],"author":[{"embeddable":true,"href":"https:\/\/www.arquimaster.com.ar\/web\/wp-json\/wp\/v2\/users\/1"}],"replies":[{"embeddable":true,"href":"https:\/\/www.arquimaster.com.ar\/web\/wp-json\/wp\/v2\/comments?post=48677"}],"version-history":[{"count":2,"href":"https:\/\/www.arquimaster.com.ar\/web\/wp-json\/wp\/v2\/posts\/48677\/revisions"}],"predecessor-version":[{"id":48715,"href":"https:\/\/www.arquimaster.com.ar\/web\/wp-json\/wp\/v2\/posts\/48677\/revisions\/48715"}],"wp:featuredmedia":[{"embeddable":true,"href":"https:\/\/www.arquimaster.com.ar\/web\/wp-json\/wp\/v2\/media\/48678"}],"wp:attachment":[{"href":"https:\/\/www.arquimaster.com.ar\/web\/wp-json\/wp\/v2\/media?parent=48677"}],"wp:term":[{"taxonomy":"category","embeddable":true,"href":"https:\/\/www.arquimaster.com.ar\/web\/wp-json\/wp\/v2\/categories?post=48677"},{"taxonomy":"post_tag","embeddable":true,"href":"https:\/\/www.arquimaster.com.ar\/web\/wp-json\/wp\/v2\/tags?post=48677"}],"curies":[{"name":"wp","href":"https:\/\/api.w.org\/{rel}","templated":true}]}}