{"id":49197,"date":"2019-09-26T17:03:54","date_gmt":"2019-09-26T20:03:54","guid":{"rendered":"https:\/\/www.arquimaster.com.ar\/web\/?p=49197"},"modified":"2019-09-26T17:26:16","modified_gmt":"2019-09-26T20:26:16","slug":"casa-mp-coutino-ponce-arquitectos","status":"publish","type":"post","link":"https:\/\/www.arquimaster.com.ar\/web\/casa-mp-coutino-ponce-arquitectos\/","title":{"rendered":"Casa MP \/ Couti\u00f1o &#038; Ponce Arquitectos"},"content":{"rendered":"<div style=\"margin-top: 0px; margin-bottom: 0px;\" class=\"sharethis-inline-share-buttons\" ><\/div><div class=\"b812932af2e751442846f039925109de\" data-index=\"1\" style=\"float: none; margin:25px 0 25px 0; text-align:center;\">\n<script async src=\"https:\/\/pagead2.googlesyndication.com\/pagead\/js\/adsbygoogle.js\"><\/script>\r\n<!-- Arquimaster (superior) -->\r\n<ins class=\"adsbygoogle\"\r\n     style=\"display:block\"\r\n     data-ad-client=\"ca-pub-6351072698456832\"\r\n     data-ad-slot=\"6455489680\"\r\n     data-ad-format=\"auto\"\r\n     data-full-width-responsive=\"true\"><\/ins>\r\n<script>\r\n     (adsbygoogle = window.adsbygoogle || []).push({});\r\n<\/script>\n<\/div>\n<p><strong>Casa MP<\/strong> (Villahermosa, Tabasco, M\u00e9xico) por <strong>Couti\u00f1o &amp; Ponce Arquitectos<\/strong>. La Casa MP es una vivienda unifamiliar emplazada en una zona residencial de la ciudad de Villahermosa en el estado de Tabasco en el sureste mexicano. La propuesta se desarrolla en un lote regular con colindancias en sus extremos, dejando solo un frente para fachada.<\/p>\n<div id='gallery-1' class='gallery galleryid-49197 gallery-columns-3 gallery-size-thumbnail'><figure class='gallery-item'>\n\t\t\t<div class='gallery-icon landscape'>\n\t\t\t\t<a href='https:\/\/www.arquimaster.com.ar\/web\/wp-content\/uploads\/2019\/09\/casa_mp1.jpg' title=\"Casa MP \/ Couti\u00f1o &amp; Ponce Arquitectos\" data-rl_title=\"Casa MP \/ Couti\u00f1o &amp; Ponce Arquitectos\" class=\"rl-gallery-link\" data-rl_caption=\"Casa MP \/ Couti\u00f1o &amp; Ponce Arquitectos\" data-rel=\"lightbox-gallery-1\"><img loading=\"lazy\" decoding=\"async\" width=\"150\" height=\"150\" src=\"https:\/\/www.arquimaster.com.ar\/web\/wp-content\/uploads\/2019\/09\/casa_mp1-150x150.jpg\" class=\"attachment-thumbnail size-thumbnail\" alt=\"\" aria-describedby=\"gallery-1-49199\" \/><\/a>\n\t\t\t<\/div>\n\t\t\t\t<figcaption class='wp-caption-text gallery-caption' id='gallery-1-49199'>\n\t\t\t\tCasa MP \/ Couti\u00f1o &#038; Ponce Arquitectos\n\t\t\t\t<\/figcaption><\/figure><figure class='gallery-item'>\n\t\t\t<div class='gallery-icon landscape'>\n\t\t\t\t<a href='https:\/\/www.arquimaster.com.ar\/web\/wp-content\/uploads\/2019\/09\/casa_mp2.jpg' title=\"Casa MP \/ Couti\u00f1o &amp; Ponce Arquitectos\" data-rl_title=\"Casa MP \/ Couti\u00f1o &amp; Ponce Arquitectos\" class=\"rl-gallery-link\" data-rl_caption=\"Casa MP \/ Couti\u00f1o &amp; Ponce Arquitectos\" data-rel=\"lightbox-gallery-1\"><img loading=\"lazy\" decoding=\"async\" width=\"150\" height=\"150\" src=\"https:\/\/www.arquimaster.com.ar\/web\/wp-content\/uploads\/2019\/09\/casa_mp2-150x150.jpg\" class=\"attachment-thumbnail size-thumbnail\" alt=\"\" aria-describedby=\"gallery-1-49200\" \/><\/a>\n\t\t\t<\/div>\n\t\t\t\t<figcaption class='wp-caption-text gallery-caption' id='gallery-1-49200'>\n\t\t\t\tCasa MP \/ Couti\u00f1o &#038; Ponce Arquitectos\n\t\t\t\t<\/figcaption><\/figure><figure class='gallery-item'>\n\t\t\t<div class='gallery-icon portrait'>\n\t\t\t\t<a href='https:\/\/www.arquimaster.com.ar\/web\/wp-content\/uploads\/2019\/09\/casa_mp3.jpg' title=\"Casa MP \/ Couti\u00f1o &amp; Ponce Arquitectos\" data-rl_title=\"Casa MP \/ Couti\u00f1o &amp; Ponce Arquitectos\" class=\"rl-gallery-link\" data-rl_caption=\"Casa MP \/ Couti\u00f1o &amp; Ponce Arquitectos\" data-rel=\"lightbox-gallery-1\"><img loading=\"lazy\" decoding=\"async\" width=\"150\" height=\"150\" src=\"https:\/\/www.arquimaster.com.ar\/web\/wp-content\/uploads\/2019\/09\/casa_mp3-150x150.jpg\" class=\"attachment-thumbnail size-thumbnail\" alt=\"\" aria-describedby=\"gallery-1-49201\" \/><\/a>\n\t\t\t<\/div>\n\t\t\t\t<figcaption class='wp-caption-text gallery-caption' id='gallery-1-49201'>\n\t\t\t\tCasa MP \/ Couti\u00f1o &#038; Ponce Arquitectos\n\t\t\t\t<\/figcaption><\/figure><figure class='gallery-item'>\n\t\t\t<div class='gallery-icon landscape'>\n\t\t\t\t<a href='https:\/\/www.arquimaster.com.ar\/web\/wp-content\/uploads\/2019\/09\/casa_mp4.jpg' title=\"Casa MP \/ Couti\u00f1o &amp; Ponce Arquitectos\" data-rl_title=\"Casa MP \/ Couti\u00f1o &amp; Ponce Arquitectos\" class=\"rl-gallery-link\" data-rl_caption=\"Casa MP \/ Couti\u00f1o &amp; Ponce Arquitectos\" data-rel=\"lightbox-gallery-1\"><img loading=\"lazy\" decoding=\"async\" width=\"150\" height=\"150\" src=\"https:\/\/www.arquimaster.com.ar\/web\/wp-content\/uploads\/2019\/09\/casa_mp4-150x150.jpg\" class=\"attachment-thumbnail size-thumbnail\" alt=\"\" aria-describedby=\"gallery-1-49202\" \/><\/a>\n\t\t\t<\/div>\n\t\t\t\t<figcaption class='wp-caption-text gallery-caption' id='gallery-1-49202'>\n\t\t\t\tCasa MP \/ Couti\u00f1o &#038; Ponce Arquitectos\n\t\t\t\t<\/figcaption><\/figure><figure class='gallery-item'>\n\t\t\t<div class='gallery-icon landscape'>\n\t\t\t\t<a href='https:\/\/www.arquimaster.com.ar\/web\/wp-content\/uploads\/2019\/09\/casa_mp5.jpg' title=\"Casa MP \/ Couti\u00f1o &amp; Ponce Arquitectos\" data-rl_title=\"Casa MP \/ Couti\u00f1o &amp; Ponce Arquitectos\" class=\"rl-gallery-link\" data-rl_caption=\"Casa MP \/ Couti\u00f1o &amp; Ponce Arquitectos\" data-rel=\"lightbox-gallery-1\"><img loading=\"lazy\" decoding=\"async\" width=\"150\" height=\"150\" src=\"https:\/\/www.arquimaster.com.ar\/web\/wp-content\/uploads\/2019\/09\/casa_mp5-150x150.jpg\" class=\"attachment-thumbnail size-thumbnail\" alt=\"\" aria-describedby=\"gallery-1-49203\" \/><\/a>\n\t\t\t<\/div>\n\t\t\t\t<figcaption class='wp-caption-text gallery-caption' id='gallery-1-49203'>\n\t\t\t\tCasa MP \/ Couti\u00f1o &#038; Ponce Arquitectos\n\t\t\t\t<\/figcaption><\/figure><figure class='gallery-item'>\n\t\t\t<div class='gallery-icon landscape'>\n\t\t\t\t<a href='https:\/\/www.arquimaster.com.ar\/web\/wp-content\/uploads\/2019\/09\/casa_mp6.jpg' title=\"Casa MP \/ Couti\u00f1o &amp; Ponce Arquitectos\" data-rl_title=\"Casa MP \/ Couti\u00f1o &amp; Ponce Arquitectos\" class=\"rl-gallery-link\" data-rl_caption=\"Casa MP \/ Couti\u00f1o &amp; Ponce Arquitectos\" data-rel=\"lightbox-gallery-1\"><img loading=\"lazy\" decoding=\"async\" width=\"150\" height=\"150\" src=\"https:\/\/www.arquimaster.com.ar\/web\/wp-content\/uploads\/2019\/09\/casa_mp6-150x150.jpg\" class=\"attachment-thumbnail size-thumbnail\" alt=\"\" aria-describedby=\"gallery-1-49204\" \/><\/a>\n\t\t\t<\/div>\n\t\t\t\t<figcaption class='wp-caption-text gallery-caption' id='gallery-1-49204'>\n\t\t\t\tCasa MP \/ Couti\u00f1o &#038; Ponce Arquitectos\n\t\t\t\t<\/figcaption><\/figure><figure class='gallery-item'>\n\t\t\t<div class='gallery-icon landscape'>\n\t\t\t\t<a href='https:\/\/www.arquimaster.com.ar\/web\/wp-content\/uploads\/2019\/09\/casa_mp7.jpg' title=\"Casa MP \/ Couti\u00f1o &amp; Ponce Arquitectos\" data-rl_title=\"Casa MP \/ Couti\u00f1o &amp; Ponce Arquitectos\" class=\"rl-gallery-link\" data-rl_caption=\"Casa MP \/ Couti\u00f1o &amp; Ponce Arquitectos\" data-rel=\"lightbox-gallery-1\"><img loading=\"lazy\" decoding=\"async\" width=\"150\" height=\"150\" src=\"https:\/\/www.arquimaster.com.ar\/web\/wp-content\/uploads\/2019\/09\/casa_mp7-150x150.jpg\" class=\"attachment-thumbnail size-thumbnail\" alt=\"\" aria-describedby=\"gallery-1-49205\" \/><\/a>\n\t\t\t<\/div>\n\t\t\t\t<figcaption class='wp-caption-text gallery-caption' id='gallery-1-49205'>\n\t\t\t\tCasa MP \/ Couti\u00f1o &#038; Ponce Arquitectos\n\t\t\t\t<\/figcaption><\/figure><figure class='gallery-item'>\n\t\t\t<div class='gallery-icon portrait'>\n\t\t\t\t<a href='https:\/\/www.arquimaster.com.ar\/web\/wp-content\/uploads\/2019\/09\/casa_mp8.jpg' title=\"Casa MP \/ Couti\u00f1o &amp; Ponce Arquitectos\" data-rl_title=\"Casa MP \/ Couti\u00f1o &amp; Ponce Arquitectos\" class=\"rl-gallery-link\" data-rl_caption=\"Casa MP \/ Couti\u00f1o &amp; Ponce Arquitectos\" data-rel=\"lightbox-gallery-1\"><img loading=\"lazy\" decoding=\"async\" width=\"150\" height=\"150\" src=\"https:\/\/www.arquimaster.com.ar\/web\/wp-content\/uploads\/2019\/09\/casa_mp8-150x150.jpg\" class=\"attachment-thumbnail size-thumbnail\" alt=\"\" aria-describedby=\"gallery-1-49206\" \/><\/a>\n\t\t\t<\/div>\n\t\t\t\t<figcaption class='wp-caption-text gallery-caption' id='gallery-1-49206'>\n\t\t\t\tCasa MP \/ Couti\u00f1o &#038; Ponce Arquitectos\n\t\t\t\t<\/figcaption><\/figure><figure class='gallery-item'>\n\t\t\t<div class='gallery-icon landscape'>\n\t\t\t\t<a href='https:\/\/www.arquimaster.com.ar\/web\/wp-content\/uploads\/2019\/09\/casa_mp9.jpg' title=\"Casa MP \/ Couti\u00f1o &amp; Ponce Arquitectos\" data-rl_title=\"Casa MP \/ Couti\u00f1o &amp; Ponce Arquitectos\" class=\"rl-gallery-link\" data-rl_caption=\"Casa MP \/ Couti\u00f1o &amp; Ponce Arquitectos\" data-rel=\"lightbox-gallery-1\"><img loading=\"lazy\" decoding=\"async\" width=\"150\" height=\"150\" src=\"https:\/\/www.arquimaster.com.ar\/web\/wp-content\/uploads\/2019\/09\/casa_mp9-150x150.jpg\" class=\"attachment-thumbnail size-thumbnail\" alt=\"\" aria-describedby=\"gallery-1-49207\" \/><\/a>\n\t\t\t<\/div>\n\t\t\t\t<figcaption class='wp-caption-text gallery-caption' id='gallery-1-49207'>\n\t\t\t\tCasa MP \/ Couti\u00f1o &#038; Ponce Arquitectos\n\t\t\t\t<\/figcaption><\/figure>\n\t\t<\/div>\n\n<p>El proyecto se desarrolla en tres niveles y la volumetr\u00eda es regida por un gran prisma que alberga las distintas actividades del programa.<\/p>\n<p>En la planta baja se desarrolla un \u00e1rea social que cuenta con un peque\u00f1o sal\u00f3n con \u00e1rea de bar, \u00e1rea de terraza y alberca, un jard\u00edn que es el pulm\u00f3n de la casa, hacia \u00e9ste se genera la vista principal de la propuesta.<\/p>\n<p>En el nivel principal se encuentran la sala, comedor, cocina y un estudio y en el segundo nivel se localiza la zona privada que est\u00e1 conformada por una habitaci\u00f3n principal y dos habitaciones secundarias.<\/p>\n<div id='gallery-2' class='gallery galleryid-49197 gallery-columns-3 gallery-size-thumbnail'><figure class='gallery-item'>\n\t\t\t<div class='gallery-icon landscape'>\n\t\t\t\t<a href='https:\/\/www.arquimaster.com.ar\/web\/wp-content\/uploads\/2019\/09\/casa_mp10.jpg' title=\"Casa MP \/ Couti\u00f1o &amp; Ponce Arquitectos\" data-rl_title=\"Casa MP \/ Couti\u00f1o &amp; Ponce Arquitectos\" class=\"rl-gallery-link\" data-rl_caption=\"Casa MP \/ Couti\u00f1o &amp; Ponce Arquitectos\" data-rel=\"lightbox-gallery-2\"><img loading=\"lazy\" decoding=\"async\" width=\"150\" height=\"150\" src=\"https:\/\/www.arquimaster.com.ar\/web\/wp-content\/uploads\/2019\/09\/casa_mp10-150x150.jpg\" class=\"attachment-thumbnail size-thumbnail\" alt=\"\" aria-describedby=\"gallery-2-49208\" \/><\/a>\n\t\t\t<\/div>\n\t\t\t\t<figcaption class='wp-caption-text gallery-caption' id='gallery-2-49208'>\n\t\t\t\tCasa MP \/ Couti\u00f1o &#038; Ponce Arquitectos\n\t\t\t\t<\/figcaption><\/figure><figure class='gallery-item'>\n\t\t\t<div class='gallery-icon portrait'>\n\t\t\t\t<a href='https:\/\/www.arquimaster.com.ar\/web\/wp-content\/uploads\/2019\/09\/casa_mp11.jpg' title=\"Casa MP \/ Couti\u00f1o &amp; Ponce Arquitectos\" data-rl_title=\"Casa MP \/ Couti\u00f1o &amp; Ponce Arquitectos\" class=\"rl-gallery-link\" data-rl_caption=\"Casa MP \/ Couti\u00f1o &amp; Ponce Arquitectos\" data-rel=\"lightbox-gallery-2\"><img loading=\"lazy\" decoding=\"async\" width=\"150\" height=\"150\" src=\"https:\/\/www.arquimaster.com.ar\/web\/wp-content\/uploads\/2019\/09\/casa_mp11-150x150.jpg\" class=\"attachment-thumbnail size-thumbnail\" alt=\"\" aria-describedby=\"gallery-2-49209\" \/><\/a>\n\t\t\t<\/div>\n\t\t\t\t<figcaption class='wp-caption-text gallery-caption' id='gallery-2-49209'>\n\t\t\t\tCasa MP \/ Couti\u00f1o &#038; Ponce Arquitectos\n\t\t\t\t<\/figcaption><\/figure><figure class='gallery-item'>\n\t\t\t<div class='gallery-icon portrait'>\n\t\t\t\t<a href='https:\/\/www.arquimaster.com.ar\/web\/wp-content\/uploads\/2019\/09\/casa_mp12.jpg' title=\"Casa MP \/ Couti\u00f1o &amp; Ponce Arquitectos\" data-rl_title=\"Casa MP \/ Couti\u00f1o &amp; Ponce Arquitectos\" class=\"rl-gallery-link\" data-rl_caption=\"Casa MP \/ Couti\u00f1o &amp; Ponce Arquitectos\" data-rel=\"lightbox-gallery-2\"><img loading=\"lazy\" decoding=\"async\" width=\"150\" height=\"150\" src=\"https:\/\/www.arquimaster.com.ar\/web\/wp-content\/uploads\/2019\/09\/casa_mp12-150x150.jpg\" class=\"attachment-thumbnail size-thumbnail\" alt=\"\" aria-describedby=\"gallery-2-49210\" \/><\/a>\n\t\t\t<\/div>\n\t\t\t\t<figcaption class='wp-caption-text gallery-caption' id='gallery-2-49210'>\n\t\t\t\tCasa MP \/ Couti\u00f1o &#038; Ponce Arquitectos\n\t\t\t\t<\/figcaption><\/figure><figure class='gallery-item'>\n\t\t\t<div class='gallery-icon landscape'>\n\t\t\t\t<a href='https:\/\/www.arquimaster.com.ar\/web\/wp-content\/uploads\/2019\/09\/casa_mp13.jpg' title=\"Casa MP \/ Couti\u00f1o &amp; Ponce Arquitectos\" data-rl_title=\"Casa MP \/ Couti\u00f1o &amp; Ponce Arquitectos\" class=\"rl-gallery-link\" data-rl_caption=\"Casa MP \/ Couti\u00f1o &amp; Ponce Arquitectos\" data-rel=\"lightbox-gallery-2\"><img loading=\"lazy\" decoding=\"async\" width=\"150\" height=\"150\" src=\"https:\/\/www.arquimaster.com.ar\/web\/wp-content\/uploads\/2019\/09\/casa_mp13-150x150.jpg\" class=\"attachment-thumbnail size-thumbnail\" alt=\"\" aria-describedby=\"gallery-2-49211\" \/><\/a>\n\t\t\t<\/div>\n\t\t\t\t<figcaption class='wp-caption-text gallery-caption' id='gallery-2-49211'>\n\t\t\t\tCasa MP \/ Couti\u00f1o &#038; Ponce Arquitectos\n\t\t\t\t<\/figcaption><\/figure><figure class='gallery-item'>\n\t\t\t<div class='gallery-icon portrait'>\n\t\t\t\t<a href='https:\/\/www.arquimaster.com.ar\/web\/wp-content\/uploads\/2019\/09\/casa_mp14.jpg' title=\"Casa MP \/ Couti\u00f1o &amp; Ponce Arquitectos (planta baja)\" data-rl_title=\"Casa MP \/ Couti\u00f1o &amp; Ponce Arquitectos (planta baja)\" class=\"rl-gallery-link\" data-rl_caption=\"Casa MP \/ Couti\u00f1o &amp; Ponce Arquitectos (planta baja)\" data-rel=\"lightbox-gallery-2\"><img loading=\"lazy\" decoding=\"async\" width=\"150\" height=\"150\" src=\"https:\/\/www.arquimaster.com.ar\/web\/wp-content\/uploads\/2019\/09\/casa_mp14-150x150.jpg\" class=\"attachment-thumbnail size-thumbnail\" alt=\"\" aria-describedby=\"gallery-2-49212\" \/><\/a>\n\t\t\t<\/div>\n\t\t\t\t<figcaption class='wp-caption-text gallery-caption' id='gallery-2-49212'>\n\t\t\t\tCasa MP \/ Couti\u00f1o &#038; Ponce Arquitectos (planta baja)\n\t\t\t\t<\/figcaption><\/figure><figure class='gallery-item'>\n\t\t\t<div class='gallery-icon portrait'>\n\t\t\t\t<a href='https:\/\/www.arquimaster.com.ar\/web\/wp-content\/uploads\/2019\/09\/casa_mp15.jpg' title=\"Casa MP \/ Couti\u00f1o &amp; Ponce Arquitectos (planta 1\u00ba nivel)\" data-rl_title=\"Casa MP \/ Couti\u00f1o &amp; Ponce Arquitectos (planta 1\u00ba nivel)\" class=\"rl-gallery-link\" data-rl_caption=\"Casa MP \/ Couti\u00f1o &amp; Ponce Arquitectos (planta 1\u00ba nivel)\" data-rel=\"lightbox-gallery-2\"><img loading=\"lazy\" decoding=\"async\" width=\"150\" height=\"150\" src=\"https:\/\/www.arquimaster.com.ar\/web\/wp-content\/uploads\/2019\/09\/casa_mp15-150x150.jpg\" class=\"attachment-thumbnail size-thumbnail\" alt=\"\" aria-describedby=\"gallery-2-49213\" \/><\/a>\n\t\t\t<\/div>\n\t\t\t\t<figcaption class='wp-caption-text gallery-caption' id='gallery-2-49213'>\n\t\t\t\tCasa MP \/ Couti\u00f1o &#038; Ponce Arquitectos (planta 1\u00ba nivel)\n\t\t\t\t<\/figcaption><\/figure><figure class='gallery-item'>\n\t\t\t<div class='gallery-icon landscape'>\n\t\t\t\t<a href='https:\/\/www.arquimaster.com.ar\/web\/wp-content\/uploads\/2019\/09\/casa_mp17.jpg' title=\"Casa MP \/ Couti\u00f1o &amp; Ponce Arquitectos (corte)\" data-rl_title=\"Casa MP \/ Couti\u00f1o &amp; Ponce Arquitectos (corte)\" class=\"rl-gallery-link\" data-rl_caption=\"Casa MP \/ Couti\u00f1o &amp; Ponce Arquitectos (corte)\" data-rel=\"lightbox-gallery-2\"><img loading=\"lazy\" decoding=\"async\" width=\"150\" height=\"150\" src=\"https:\/\/www.arquimaster.com.ar\/web\/wp-content\/uploads\/2019\/09\/casa_mp17-150x150.jpg\" class=\"attachment-thumbnail size-thumbnail\" alt=\"\" aria-describedby=\"gallery-2-49215\" \/><\/a>\n\t\t\t<\/div>\n\t\t\t\t<figcaption class='wp-caption-text gallery-caption' id='gallery-2-49215'>\n\t\t\t\tCasa MP \/ Couti\u00f1o &#038; Ponce Arquitectos (corte)\n\t\t\t\t<\/figcaption><\/figure><figure class='gallery-item'>\n\t\t\t<div class='gallery-icon landscape'>\n\t\t\t\t<a href='https:\/\/www.arquimaster.com.ar\/web\/wp-content\/uploads\/2019\/09\/casa_mp16.jpg' title=\"Casa MP \/ Couti\u00f1o &amp; Ponce Arquitectos (corte)\" data-rl_title=\"Casa MP \/ Couti\u00f1o &amp; Ponce Arquitectos (corte)\" class=\"rl-gallery-link\" data-rl_caption=\"Casa MP \/ Couti\u00f1o &amp; Ponce Arquitectos (corte)\" data-rel=\"lightbox-gallery-2\"><img loading=\"lazy\" decoding=\"async\" width=\"150\" height=\"150\" src=\"https:\/\/www.arquimaster.com.ar\/web\/wp-content\/uploads\/2019\/09\/casa_mp16-150x150.jpg\" class=\"attachment-thumbnail size-thumbnail\" alt=\"\" aria-describedby=\"gallery-2-49214\" \/><\/a>\n\t\t\t<\/div>\n\t\t\t\t<figcaption class='wp-caption-text gallery-caption' id='gallery-2-49214'>\n\t\t\t\tCasa MP \/ Couti\u00f1o &#038; Ponce Arquitectos (corte)\n\t\t\t\t<\/figcaption><\/figure><figure class='gallery-item'>\n\t\t\t<div class='gallery-icon landscape'>\n\t\t\t\t<a href='https:\/\/www.arquimaster.com.ar\/web\/wp-content\/uploads\/2019\/09\/casa_mp18.jpg' title=\"Casa MP \/ Couti\u00f1o &amp; Ponce Arquitectos (vista frente)\" data-rl_title=\"Casa MP \/ Couti\u00f1o &amp; Ponce Arquitectos (vista frente)\" class=\"rl-gallery-link\" data-rl_caption=\"Casa MP \/ Couti\u00f1o &amp; Ponce Arquitectos (vista frente)\" data-rel=\"lightbox-gallery-2\"><img loading=\"lazy\" decoding=\"async\" width=\"150\" height=\"150\" src=\"https:\/\/www.arquimaster.com.ar\/web\/wp-content\/uploads\/2019\/09\/casa_mp18-150x150.jpg\" class=\"attachment-thumbnail size-thumbnail\" alt=\"\" aria-describedby=\"gallery-2-49216\" \/><\/a>\n\t\t\t<\/div>\n\t\t\t\t<figcaption class='wp-caption-text gallery-caption' id='gallery-2-49216'>\n\t\t\t\tCasa MP \/ Couti\u00f1o &#038; Ponce Arquitectos (vista frente)\n\t\t\t\t<\/figcaption><\/figure><figure class='gallery-item'>\n\t\t\t<div class='gallery-icon landscape'>\n\t\t\t\t<a href='https:\/\/www.arquimaster.com.ar\/web\/wp-content\/uploads\/2019\/09\/casa_mp19.jpg' title=\"Casa MP \/ Couti\u00f1o &amp; Ponce Arquitectos (vista contrafrente)\" data-rl_title=\"Casa MP \/ Couti\u00f1o &amp; Ponce Arquitectos (vista contrafrente)\" class=\"rl-gallery-link\" data-rl_caption=\"Casa MP \/ Couti\u00f1o &amp; Ponce Arquitectos (vista contrafrente)\" data-rel=\"lightbox-gallery-2\"><img loading=\"lazy\" decoding=\"async\" width=\"150\" height=\"150\" src=\"https:\/\/www.arquimaster.com.ar\/web\/wp-content\/uploads\/2019\/09\/casa_mp19-150x150.jpg\" class=\"attachment-thumbnail size-thumbnail\" alt=\"\" aria-describedby=\"gallery-2-49217\" \/><\/a>\n\t\t\t<\/div>\n\t\t\t\t<figcaption class='wp-caption-text gallery-caption' id='gallery-2-49217'>\n\t\t\t\tCasa MP \/ Couti\u00f1o &#038; Ponce Arquitectos (vista contrafrente)\n\t\t\t\t<\/figcaption><\/figure><figure class='gallery-item'>\n\t\t\t<div class='gallery-icon landscape'>\n\t\t\t\t<a href='https:\/\/www.arquimaster.com.ar\/web\/wp-content\/uploads\/2019\/09\/casa_mp20.jpg' title=\"Casa MP \/ Couti\u00f1o &amp; Ponce Arquitectos (vista lateral)\" data-rl_title=\"Casa MP \/ Couti\u00f1o &amp; Ponce Arquitectos (vista lateral)\" class=\"rl-gallery-link\" data-rl_caption=\"Casa MP \/ Couti\u00f1o &amp; Ponce Arquitectos (vista lateral)\" data-rel=\"lightbox-gallery-2\"><img loading=\"lazy\" decoding=\"async\" width=\"150\" height=\"150\" src=\"https:\/\/www.arquimaster.com.ar\/web\/wp-content\/uploads\/2019\/09\/casa_mp20-150x150.jpg\" class=\"attachment-thumbnail size-thumbnail\" alt=\"\" aria-describedby=\"gallery-2-49218\" \/><\/a>\n\t\t\t<\/div>\n\t\t\t\t<figcaption class='wp-caption-text gallery-caption' id='gallery-2-49218'>\n\t\t\t\tCasa MP \/ Couti\u00f1o &#038; Ponce Arquitectos (vista lateral)\n\t\t\t\t<\/figcaption><\/figure><figure class='gallery-item'>\n\t\t\t<div class='gallery-icon landscape'>\n\t\t\t\t<a href='https:\/\/www.arquimaster.com.ar\/web\/wp-content\/uploads\/2019\/09\/casa_mp21.jpg' title=\"Casa MP \/ Couti\u00f1o &amp; Ponce Arquitectos (vista lateral)\" data-rl_title=\"Casa MP \/ Couti\u00f1o &amp; Ponce Arquitectos (vista lateral)\" class=\"rl-gallery-link\" data-rl_caption=\"Casa MP \/ Couti\u00f1o &amp; Ponce Arquitectos (vista lateral)\" data-rel=\"lightbox-gallery-2\"><img loading=\"lazy\" decoding=\"async\" width=\"150\" height=\"150\" src=\"https:\/\/www.arquimaster.com.ar\/web\/wp-content\/uploads\/2019\/09\/casa_mp21-150x150.jpg\" class=\"attachment-thumbnail size-thumbnail\" alt=\"\" aria-describedby=\"gallery-2-49219\" \/><\/a>\n\t\t\t<\/div>\n\t\t\t\t<figcaption class='wp-caption-text gallery-caption' id='gallery-2-49219'>\n\t\t\t\tCasa MP \/ Couti\u00f1o &#038; Ponce Arquitectos (vista lateral)\n\t\t\t\t<\/figcaption><\/figure>\n\t\t<\/div>\n\n<p>La propuesta es sencilla, al no contar con elementos o entorno natural a destacar, se trataba de generar en este gran prisma las perforaciones tanto horizontales como verticales que permitieran la iluminaci\u00f3n y ventilaci\u00f3n de cada uno de los espacios, jugando con distintas materialidades para resaltar los planos en fachada y obtener una envoltura m\u00e1s armoniosa.<\/p>\n<p>En el interior se plantea una escalera a doble altura con iluminaci\u00f3n cenital que hace de columna vertebral en circulaci\u00f3n vertical y que genera un espacio con luz cambiante seg\u00fan la hora del d\u00eda.<\/p>\n<p><strong>Ficha tecnica<\/strong><br \/>\nNombre: Casa MP<br \/>\nUbicaci\u00f3n: Villahermosa, Tabasco, M\u00e9xico<br \/>\nArquitectos: Couti\u00f1o &amp; Ponce Arquitectos<br \/>\nArquitectos a cargo: Arq. Fabi\u00e1n Couti\u00f1o, Arq. Alicia Ponce<br \/>\nColaboradores: Arq. Elmer Flores V\u00e1zquez, Arq. Leobardo P\u00e9rez Sarao, Arq. Isabel Contreras Ru\u00edz, Arq. Karen A. Abreu Gonz\u00e1lez, Ing. Hiram Jes\u00fas de la Cruz<br \/>\nSuperficie construida: 575 m2<br \/>\nA\u00f1o: 2018-2019<br \/>\nFot\u00f3grafo: Fabi\u00e1n Couti\u00f1o<\/p>\n<p><strong>Contacto<\/strong><br \/>\n<a href=\"http:\/\/www.coutinoponce.com\" target=\"_blank\" rel=\"noopener noreferrer\">http:\/\/www.coutinoponce.com<\/a><br \/>\nInstagram: @coutinoponce<\/p>\n\n<div style=\"font-size: 0px; height: 0px; line-height: 0px; margin: 0; padding: 0; clear: both;\"><\/div><div style=\"margin-top: 0px; margin-bottom: 0px;\" class=\"sharethis-inline-share-buttons\" ><\/div>","protected":false},"excerpt":{"rendered":"<p>Distintas materialidades resaltan los planos en fachada para obtener una envoltura&#8230;<\/p>\n","protected":false},"author":1,"featured_media":49198,"comment_status":"closed","ping_status":"closed","sticky":false,"template":"","format":"standard","meta":{"_uag_custom_page_level_css":"","footnotes":""},"categories":[1,83],"tags":[3112,3110,3111,24,3113,4316,254],"class_list":["post-49197","post","type-post","status-publish","format-standard","has-post-thumbnail","hentry","category-proyecto","category-vivienda-unifamiliar","tag-alicia-ponce","tag-coutino-ponce-arquitectos","tag-fabian-coutino","tag-mexico","tag-tabasco","tag-villahermosa","tag-vivienda-unifamiliar-2","generate-columns","tablet-grid-50","mobile-grid-100","grid-parent","grid-50"],"yoast_head":"<!-- This site is optimized with the Yoast SEO plugin v27.3 - https:\/\/yoast.com\/product\/yoast-seo-wordpress\/ -->\n<title>Casa MP \/ Couti\u00f1o &amp; Ponce Arquitectos - Arquimaster<\/title>\n<meta name=\"description\" content=\"Distintas materialidades resaltan los planos en fachada para obtener una envoltura m\u00e1s armoniosa.\" \/>\n<meta name=\"robots\" content=\"index, follow, max-snippet:-1, max-image-preview:large, max-video-preview:-1\" \/>\n<link rel=\"canonical\" href=\"https:\/\/www.arquimaster.com.ar\/web\/casa-mp-coutino-ponce-arquitectos\/\" \/>\n<meta property=\"og:locale\" content=\"es_ES\" \/>\n<meta property=\"og:type\" content=\"article\" \/>\n<meta property=\"og:title\" content=\"Casa MP \/ Couti\u00f1o &amp; Ponce Arquitectos\" \/>\n<meta property=\"og:description\" content=\"Distintas materialidades resaltan los planos en fachada para obtener una envoltura m\u00e1s armoniosa.\" \/>\n<meta property=\"og:url\" content=\"https:\/\/www.arquimaster.com.ar\/web\/casa-mp-coutino-ponce-arquitectos\/\" \/>\n<meta property=\"og:site_name\" content=\"Arquimaster\" \/>\n<meta property=\"article:publisher\" content=\"http:\/\/www.facebook.com\/ARQUIMASTER.com.ar\" \/>\n<meta property=\"article:published_time\" content=\"2019-09-26T20:03:54+00:00\" \/>\n<meta property=\"article:modified_time\" content=\"2019-09-26T20:26:16+00:00\" \/>\n<meta property=\"og:image\" content=\"https:\/\/www.arquimaster.com.ar\/web\/wp-content\/uploads\/2019\/09\/casa_mp_slide.jpg\" \/>\n\t<meta property=\"og:image:width\" content=\"698\" \/>\n\t<meta property=\"og:image:height\" content=\"364\" \/>\n\t<meta property=\"og:image:type\" content=\"image\/jpeg\" \/>\n<meta name=\"author\" content=\"Arquimaster\" \/>\n<meta name=\"twitter:card\" content=\"summary_large_image\" \/>\n<meta name=\"twitter:title\" content=\"Casa MP \/ Couti\u00f1o &amp; Ponce Arquitectos\" \/>\n<meta name=\"twitter:description\" content=\"Distintas materialidades resaltan los planos en fachada para obtener una envoltura m\u00e1s armoniosa.\" \/>\n<meta name=\"twitter:image\" content=\"https:\/\/www.arquimaster.com.ar\/web\/wp-content\/uploads\/2019\/09\/casa_mp_slide.jpg\" \/>\n<meta name=\"twitter:creator\" content=\"@arquimaster\" \/>\n<meta name=\"twitter:site\" content=\"@arquimaster\" \/>\n<meta name=\"twitter:label1\" content=\"Escrito por\" \/>\n\t<meta name=\"twitter:data1\" content=\"Arquimaster\" \/>\n\t<meta name=\"twitter:label2\" content=\"Tiempo de lectura\" \/>\n\t<meta name=\"twitter:data2\" content=\"2 minutos\" \/>\n<script type=\"application\/ld+json\" class=\"yoast-schema-graph\">{\"@context\":\"https:\\\/\\\/schema.org\",\"@graph\":[{\"@type\":\"Article\",\"@id\":\"https:\\\/\\\/www.arquimaster.com.ar\\\/web\\\/casa-mp-coutino-ponce-arquitectos\\\/#article\",\"isPartOf\":{\"@id\":\"https:\\\/\\\/www.arquimaster.com.ar\\\/web\\\/casa-mp-coutino-ponce-arquitectos\\\/\"},\"author\":{\"name\":\"Arquimaster\",\"@id\":\"https:\\\/\\\/www.arquimaster.com.ar\\\/web\\\/#\\\/schema\\\/person\\\/359e9f7c00193fcde068e0dd2ceb0028\"},\"headline\":\"Casa MP \\\/ Couti\u00f1o &#038; Ponce Arquitectos\",\"datePublished\":\"2019-09-26T20:03:54+00:00\",\"dateModified\":\"2019-09-26T20:26:16+00:00\",\"mainEntityOfPage\":{\"@id\":\"https:\\\/\\\/www.arquimaster.com.ar\\\/web\\\/casa-mp-coutino-ponce-arquitectos\\\/\"},\"wordCount\":350,\"publisher\":{\"@id\":\"https:\\\/\\\/www.arquimaster.com.ar\\\/web\\\/#organization\"},\"image\":{\"@id\":\"https:\\\/\\\/www.arquimaster.com.ar\\\/web\\\/casa-mp-coutino-ponce-arquitectos\\\/#primaryimage\"},\"thumbnailUrl\":\"https:\\\/\\\/www.arquimaster.com.ar\\\/web\\\/wp-content\\\/uploads\\\/2019\\\/09\\\/casa_mp_slide.jpg\",\"keywords\":[\"Alicia Ponce\",\"Couti\u00f1o &amp; Ponce Arquitectos\",\"Fabi\u00e1n Couti\u00f1o\",\"Mexico\",\"Tabasco\",\"Villahermosa\",\"vivienda unifamiliar\"],\"articleSection\":[\"Proyecto\",\"Vivienda unifamiliar y PH\"],\"inLanguage\":\"es\"},{\"@type\":\"WebPage\",\"@id\":\"https:\\\/\\\/www.arquimaster.com.ar\\\/web\\\/casa-mp-coutino-ponce-arquitectos\\\/\",\"url\":\"https:\\\/\\\/www.arquimaster.com.ar\\\/web\\\/casa-mp-coutino-ponce-arquitectos\\\/\",\"name\":\"Casa MP \\\/ Couti\u00f1o & Ponce Arquitectos - Arquimaster\",\"isPartOf\":{\"@id\":\"https:\\\/\\\/www.arquimaster.com.ar\\\/web\\\/#website\"},\"primaryImageOfPage\":{\"@id\":\"https:\\\/\\\/www.arquimaster.com.ar\\\/web\\\/casa-mp-coutino-ponce-arquitectos\\\/#primaryimage\"},\"image\":{\"@id\":\"https:\\\/\\\/www.arquimaster.com.ar\\\/web\\\/casa-mp-coutino-ponce-arquitectos\\\/#primaryimage\"},\"thumbnailUrl\":\"https:\\\/\\\/www.arquimaster.com.ar\\\/web\\\/wp-content\\\/uploads\\\/2019\\\/09\\\/casa_mp_slide.jpg\",\"datePublished\":\"2019-09-26T20:03:54+00:00\",\"dateModified\":\"2019-09-26T20:26:16+00:00\",\"description\":\"Distintas materialidades resaltan los planos en fachada para obtener una envoltura m\u00e1s armoniosa.\",\"breadcrumb\":{\"@id\":\"https:\\\/\\\/www.arquimaster.com.ar\\\/web\\\/casa-mp-coutino-ponce-arquitectos\\\/#breadcrumb\"},\"inLanguage\":\"es\",\"potentialAction\":[{\"@type\":\"ReadAction\",\"target\":[\"https:\\\/\\\/www.arquimaster.com.ar\\\/web\\\/casa-mp-coutino-ponce-arquitectos\\\/\"]}]},{\"@type\":\"ImageObject\",\"inLanguage\":\"es\",\"@id\":\"https:\\\/\\\/www.arquimaster.com.ar\\\/web\\\/casa-mp-coutino-ponce-arquitectos\\\/#primaryimage\",\"url\":\"https:\\\/\\\/www.arquimaster.com.ar\\\/web\\\/wp-content\\\/uploads\\\/2019\\\/09\\\/casa_mp_slide.jpg\",\"contentUrl\":\"https:\\\/\\\/www.arquimaster.com.ar\\\/web\\\/wp-content\\\/uploads\\\/2019\\\/09\\\/casa_mp_slide.jpg\",\"width\":698,\"height\":364},{\"@type\":\"BreadcrumbList\",\"@id\":\"https:\\\/\\\/www.arquimaster.com.ar\\\/web\\\/casa-mp-coutino-ponce-arquitectos\\\/#breadcrumb\",\"itemListElement\":[{\"@type\":\"ListItem\",\"position\":1,\"name\":\"Portada\",\"item\":\"https:\\\/\\\/www.arquimaster.com.ar\\\/web\\\/\"},{\"@type\":\"ListItem\",\"position\":2,\"name\":\"Casa MP \\\/ Couti\u00f1o &#038; Ponce Arquitectos\"}]},{\"@type\":\"WebSite\",\"@id\":\"https:\\\/\\\/www.arquimaster.com.ar\\\/web\\\/#website\",\"url\":\"https:\\\/\\\/www.arquimaster.com.ar\\\/web\\\/\",\"name\":\"Arquimaster\",\"description\":\"Web de arquitectura, dise\u00f1o y construccion\",\"publisher\":{\"@id\":\"https:\\\/\\\/www.arquimaster.com.ar\\\/web\\\/#organization\"},\"potentialAction\":[{\"@type\":\"SearchAction\",\"target\":{\"@type\":\"EntryPoint\",\"urlTemplate\":\"https:\\\/\\\/www.arquimaster.com.ar\\\/web\\\/?s={search_term_string}\"},\"query-input\":{\"@type\":\"PropertyValueSpecification\",\"valueRequired\":true,\"valueName\":\"search_term_string\"}}],\"inLanguage\":\"es\"},{\"@type\":\"Organization\",\"@id\":\"https:\\\/\\\/www.arquimaster.com.ar\\\/web\\\/#organization\",\"name\":\"Arquimaster\",\"url\":\"https:\\\/\\\/www.arquimaster.com.ar\\\/web\\\/\",\"logo\":{\"@type\":\"ImageObject\",\"inLanguage\":\"es\",\"@id\":\"https:\\\/\\\/www.arquimaster.com.ar\\\/web\\\/#\\\/schema\\\/logo\\\/image\\\/\",\"url\":\"https:\\\/\\\/www.arquimaster.com.ar\\\/web\\\/wp-content\\\/uploads\\\/2022\\\/06\\\/arquimaster.png\",\"contentUrl\":\"https:\\\/\\\/www.arquimaster.com.ar\\\/web\\\/wp-content\\\/uploads\\\/2022\\\/06\\\/arquimaster.png\",\"width\":594,\"height\":78,\"caption\":\"Arquimaster\"},\"image\":{\"@id\":\"https:\\\/\\\/www.arquimaster.com.ar\\\/web\\\/#\\\/schema\\\/logo\\\/image\\\/\"},\"sameAs\":[\"http:\\\/\\\/www.facebook.com\\\/ARQUIMASTER.com.ar\",\"https:\\\/\\\/x.com\\\/arquimaster\",\"https:\\\/\\\/www.instagram.com\\\/arquimasterblog\\\/\",\"https:\\\/\\\/www.linkedin.com\\\/company\\\/arquimaster\",\"https:\\\/\\\/www.pinterest.com\\\/arquimaster\",\"https:\\\/\\\/t.me\\\/arquimaster\"]},{\"@type\":\"Person\",\"@id\":\"https:\\\/\\\/www.arquimaster.com.ar\\\/web\\\/#\\\/schema\\\/person\\\/359e9f7c00193fcde068e0dd2ceb0028\",\"name\":\"Arquimaster\"}]}<\/script>\n<!-- \/ Yoast SEO plugin. -->","yoast_head_json":{"title":"Casa MP \/ Couti\u00f1o & Ponce Arquitectos - Arquimaster","description":"Distintas materialidades resaltan los planos en fachada para obtener una envoltura m\u00e1s armoniosa.","robots":{"index":"index","follow":"follow","max-snippet":"max-snippet:-1","max-image-preview":"max-image-preview:large","max-video-preview":"max-video-preview:-1"},"canonical":"https:\/\/www.arquimaster.com.ar\/web\/casa-mp-coutino-ponce-arquitectos\/","og_locale":"es_ES","og_type":"article","og_title":"Casa MP \/ Couti\u00f1o & Ponce Arquitectos","og_description":"Distintas materialidades resaltan los planos en fachada para obtener una envoltura m\u00e1s armoniosa.","og_url":"https:\/\/www.arquimaster.com.ar\/web\/casa-mp-coutino-ponce-arquitectos\/","og_site_name":"Arquimaster","article_publisher":"http:\/\/www.facebook.com\/ARQUIMASTER.com.ar","article_published_time":"2019-09-26T20:03:54+00:00","article_modified_time":"2019-09-26T20:26:16+00:00","og_image":[{"width":698,"height":364,"url":"https:\/\/www.arquimaster.com.ar\/web\/wp-content\/uploads\/2019\/09\/casa_mp_slide.jpg","type":"image\/jpeg"}],"author":"Arquimaster","twitter_card":"summary_large_image","twitter_title":"Casa MP \/ Couti\u00f1o & Ponce Arquitectos","twitter_description":"Distintas materialidades resaltan los planos en fachada para obtener una envoltura m\u00e1s armoniosa.","twitter_image":"https:\/\/www.arquimaster.com.ar\/web\/wp-content\/uploads\/2019\/09\/casa_mp_slide.jpg","twitter_creator":"@arquimaster","twitter_site":"@arquimaster","twitter_misc":{"Escrito por":"Arquimaster","Tiempo de lectura":"2 minutos"},"schema":{"@context":"https:\/\/schema.org","@graph":[{"@type":"Article","@id":"https:\/\/www.arquimaster.com.ar\/web\/casa-mp-coutino-ponce-arquitectos\/#article","isPartOf":{"@id":"https:\/\/www.arquimaster.com.ar\/web\/casa-mp-coutino-ponce-arquitectos\/"},"author":{"name":"Arquimaster","@id":"https:\/\/www.arquimaster.com.ar\/web\/#\/schema\/person\/359e9f7c00193fcde068e0dd2ceb0028"},"headline":"Casa MP \/ Couti\u00f1o &#038; Ponce Arquitectos","datePublished":"2019-09-26T20:03:54+00:00","dateModified":"2019-09-26T20:26:16+00:00","mainEntityOfPage":{"@id":"https:\/\/www.arquimaster.com.ar\/web\/casa-mp-coutino-ponce-arquitectos\/"},"wordCount":350,"publisher":{"@id":"https:\/\/www.arquimaster.com.ar\/web\/#organization"},"image":{"@id":"https:\/\/www.arquimaster.com.ar\/web\/casa-mp-coutino-ponce-arquitectos\/#primaryimage"},"thumbnailUrl":"https:\/\/www.arquimaster.com.ar\/web\/wp-content\/uploads\/2019\/09\/casa_mp_slide.jpg","keywords":["Alicia Ponce","Couti\u00f1o &amp; Ponce Arquitectos","Fabi\u00e1n Couti\u00f1o","Mexico","Tabasco","Villahermosa","vivienda unifamiliar"],"articleSection":["Proyecto","Vivienda unifamiliar y PH"],"inLanguage":"es"},{"@type":"WebPage","@id":"https:\/\/www.arquimaster.com.ar\/web\/casa-mp-coutino-ponce-arquitectos\/","url":"https:\/\/www.arquimaster.com.ar\/web\/casa-mp-coutino-ponce-arquitectos\/","name":"Casa MP \/ Couti\u00f1o & Ponce Arquitectos - Arquimaster","isPartOf":{"@id":"https:\/\/www.arquimaster.com.ar\/web\/#website"},"primaryImageOfPage":{"@id":"https:\/\/www.arquimaster.com.ar\/web\/casa-mp-coutino-ponce-arquitectos\/#primaryimage"},"image":{"@id":"https:\/\/www.arquimaster.com.ar\/web\/casa-mp-coutino-ponce-arquitectos\/#primaryimage"},"thumbnailUrl":"https:\/\/www.arquimaster.com.ar\/web\/wp-content\/uploads\/2019\/09\/casa_mp_slide.jpg","datePublished":"2019-09-26T20:03:54+00:00","dateModified":"2019-09-26T20:26:16+00:00","description":"Distintas materialidades resaltan los planos en fachada para obtener una envoltura m\u00e1s armoniosa.","breadcrumb":{"@id":"https:\/\/www.arquimaster.com.ar\/web\/casa-mp-coutino-ponce-arquitectos\/#breadcrumb"},"inLanguage":"es","potentialAction":[{"@type":"ReadAction","target":["https:\/\/www.arquimaster.com.ar\/web\/casa-mp-coutino-ponce-arquitectos\/"]}]},{"@type":"ImageObject","inLanguage":"es","@id":"https:\/\/www.arquimaster.com.ar\/web\/casa-mp-coutino-ponce-arquitectos\/#primaryimage","url":"https:\/\/www.arquimaster.com.ar\/web\/wp-content\/uploads\/2019\/09\/casa_mp_slide.jpg","contentUrl":"https:\/\/www.arquimaster.com.ar\/web\/wp-content\/uploads\/2019\/09\/casa_mp_slide.jpg","width":698,"height":364},{"@type":"BreadcrumbList","@id":"https:\/\/www.arquimaster.com.ar\/web\/casa-mp-coutino-ponce-arquitectos\/#breadcrumb","itemListElement":[{"@type":"ListItem","position":1,"name":"Portada","item":"https:\/\/www.arquimaster.com.ar\/web\/"},{"@type":"ListItem","position":2,"name":"Casa MP \/ Couti\u00f1o &#038; Ponce Arquitectos"}]},{"@type":"WebSite","@id":"https:\/\/www.arquimaster.com.ar\/web\/#website","url":"https:\/\/www.arquimaster.com.ar\/web\/","name":"Arquimaster","description":"Web de arquitectura, dise\u00f1o y construccion","publisher":{"@id":"https:\/\/www.arquimaster.com.ar\/web\/#organization"},"potentialAction":[{"@type":"SearchAction","target":{"@type":"EntryPoint","urlTemplate":"https:\/\/www.arquimaster.com.ar\/web\/?s={search_term_string}"},"query-input":{"@type":"PropertyValueSpecification","valueRequired":true,"valueName":"search_term_string"}}],"inLanguage":"es"},{"@type":"Organization","@id":"https:\/\/www.arquimaster.com.ar\/web\/#organization","name":"Arquimaster","url":"https:\/\/www.arquimaster.com.ar\/web\/","logo":{"@type":"ImageObject","inLanguage":"es","@id":"https:\/\/www.arquimaster.com.ar\/web\/#\/schema\/logo\/image\/","url":"https:\/\/www.arquimaster.com.ar\/web\/wp-content\/uploads\/2022\/06\/arquimaster.png","contentUrl":"https:\/\/www.arquimaster.com.ar\/web\/wp-content\/uploads\/2022\/06\/arquimaster.png","width":594,"height":78,"caption":"Arquimaster"},"image":{"@id":"https:\/\/www.arquimaster.com.ar\/web\/#\/schema\/logo\/image\/"},"sameAs":["http:\/\/www.facebook.com\/ARQUIMASTER.com.ar","https:\/\/x.com\/arquimaster","https:\/\/www.instagram.com\/arquimasterblog\/","https:\/\/www.linkedin.com\/company\/arquimaster","https:\/\/www.pinterest.com\/arquimaster","https:\/\/t.me\/arquimaster"]},{"@type":"Person","@id":"https:\/\/www.arquimaster.com.ar\/web\/#\/schema\/person\/359e9f7c00193fcde068e0dd2ceb0028","name":"Arquimaster"}]}},"uagb_featured_image_src":{"full":["https:\/\/www.arquimaster.com.ar\/web\/wp-content\/uploads\/2019\/09\/casa_mp_slide.jpg",698,364,false],"thumbnail":["https:\/\/www.arquimaster.com.ar\/web\/wp-content\/uploads\/2019\/09\/casa_mp_slide-150x150.jpg",150,150,true],"medium":["https:\/\/www.arquimaster.com.ar\/web\/wp-content\/uploads\/2019\/09\/casa_mp_slide.jpg",698,364,false],"medium_large":["https:\/\/www.arquimaster.com.ar\/web\/wp-content\/uploads\/2019\/09\/casa_mp_slide.jpg",698,364,false],"large":["https:\/\/www.arquimaster.com.ar\/web\/wp-content\/uploads\/2019\/09\/casa_mp_slide.jpg",698,364,false],"1536x1536":["https:\/\/www.arquimaster.com.ar\/web\/wp-content\/uploads\/2019\/09\/casa_mp_slide.jpg",698,364,false],"2048x2048":["https:\/\/www.arquimaster.com.ar\/web\/wp-content\/uploads\/2019\/09\/casa_mp_slide.jpg",698,364,false]},"uagb_author_info":{"display_name":"Arquimaster","author_link":"https:\/\/www.arquimaster.com.ar\/web\/author\/arquimaster\/"},"uagb_comment_info":0,"uagb_excerpt":"Distintas materialidades resaltan los planos en fachada para obtener una envoltura...","_links":{"self":[{"href":"https:\/\/www.arquimaster.com.ar\/web\/wp-json\/wp\/v2\/posts\/49197","targetHints":{"allow":["GET"]}}],"collection":[{"href":"https:\/\/www.arquimaster.com.ar\/web\/wp-json\/wp\/v2\/posts"}],"about":[{"href":"https:\/\/www.arquimaster.com.ar\/web\/wp-json\/wp\/v2\/types\/post"}],"author":[{"embeddable":true,"href":"https:\/\/www.arquimaster.com.ar\/web\/wp-json\/wp\/v2\/users\/1"}],"replies":[{"embeddable":true,"href":"https:\/\/www.arquimaster.com.ar\/web\/wp-json\/wp\/v2\/comments?post=49197"}],"version-history":[{"count":3,"href":"https:\/\/www.arquimaster.com.ar\/web\/wp-json\/wp\/v2\/posts\/49197\/revisions"}],"predecessor-version":[{"id":49222,"href":"https:\/\/www.arquimaster.com.ar\/web\/wp-json\/wp\/v2\/posts\/49197\/revisions\/49222"}],"wp:featuredmedia":[{"embeddable":true,"href":"https:\/\/www.arquimaster.com.ar\/web\/wp-json\/wp\/v2\/media\/49198"}],"wp:attachment":[{"href":"https:\/\/www.arquimaster.com.ar\/web\/wp-json\/wp\/v2\/media?parent=49197"}],"wp:term":[{"taxonomy":"category","embeddable":true,"href":"https:\/\/www.arquimaster.com.ar\/web\/wp-json\/wp\/v2\/categories?post=49197"},{"taxonomy":"post_tag","embeddable":true,"href":"https:\/\/www.arquimaster.com.ar\/web\/wp-json\/wp\/v2\/tags?post=49197"}],"curies":[{"name":"wp","href":"https:\/\/api.w.org\/{rel}","templated":true}]}}