{"id":49474,"date":"2019-11-05T20:36:12","date_gmt":"2019-11-05T23:36:12","guid":{"rendered":"https:\/\/www.arquimaster.com.ar\/web\/?p=49474"},"modified":"2021-01-29T17:16:34","modified_gmt":"2021-01-29T20:16:34","slug":"casa-campo-lago-echauri-morales-arquitectos","status":"publish","type":"post","link":"https:\/\/www.arquimaster.com.ar\/web\/casa-campo-lago-echauri-morales-arquitectos\/","title":{"rendered":"Casa Campo Lago \/ Echauri Morales Arquitectos"},"content":{"rendered":"<div style=\"margin-top: 0px; margin-bottom: 0px;\" class=\"sharethis-inline-share-buttons\" ><\/div><div class=\"b812932af2e751442846f039925109de\" data-index=\"1\" style=\"float: none; margin:25px 0 25px 0; text-align:center;\">\n<script async src=\"https:\/\/pagead2.googlesyndication.com\/pagead\/js\/adsbygoogle.js\"><\/script>\r\n<!-- Arquimaster (superior) -->\r\n<ins class=\"adsbygoogle\"\r\n     style=\"display:block\"\r\n     data-ad-client=\"ca-pub-6351072698456832\"\r\n     data-ad-slot=\"6455489680\"\r\n     data-ad-format=\"auto\"\r\n     data-full-width-responsive=\"true\"><\/ins>\r\n<script>\r\n     (adsbygoogle = window.adsbygoogle || []).push({});\r\n<\/script>\n<\/div>\n<p><strong>Casa Campo Lago<\/strong> (Zapopan, Jalisco, M\u00e9xico) por <strong>Echauri Morales Arquitectos<\/strong>. Dos vol\u00famenes dislocados y separados por una franja de luz que aloja un patio y el ingreso recibidor dan lugar a esta residencia unifamiliar de dos niveles con tres recamaras, sala, cocina, comedor y programas complementarios, que logran incorporar al paisaje circundante por medio de la transparencia y los vac\u00edos.<\/p>\n<p>La idea principal de esta casa surge por la dislocaci\u00f3n de dos vol\u00famenes antag\u00f3nicos, el primero representa la materia: cerrado de concreto dispuesto de forma horizontal flanquea la calle y resguarda el resto de la vivienda, al interior de este cuerpo se albergan las recamaras secundarias en planta alta y los programas p\u00fablicos en planta baja.<\/p>\n<div id='gallery-1' class='gallery galleryid-49474 gallery-columns-3 gallery-size-thumbnail'><figure class='gallery-item'>\n\t\t\t<div class='gallery-icon landscape'>\n\t\t\t\t<a href='https:\/\/www.arquimaster.com.ar\/web\/wp-content\/uploads\/2019\/11\/casa_campo_lago1.jpg' title=\"Casa Campo Lago \/ Echauri Morales Arquitectos (\u00a9 Carlos D\u00edaz Corona)\" data-rl_title=\"Casa Campo Lago \/ Echauri Morales Arquitectos (\u00a9 Carlos D\u00edaz Corona)\" class=\"rl-gallery-link\" data-rl_caption=\"Casa Campo Lago \/ Echauri Morales Arquitectos (\u00a9 Carlos D\u00edaz Corona)\" data-rel=\"lightbox-gallery-1\"><img loading=\"lazy\" decoding=\"async\" width=\"150\" height=\"150\" src=\"https:\/\/www.arquimaster.com.ar\/web\/wp-content\/uploads\/2019\/11\/casa_campo_lago1-150x150.jpg\" class=\"attachment-thumbnail size-thumbnail\" alt=\"\" aria-describedby=\"gallery-1-49476\" \/><\/a>\n\t\t\t<\/div>\n\t\t\t\t<figcaption class='wp-caption-text gallery-caption' id='gallery-1-49476'>\n\t\t\t\tCasa Campo Lago \/ Echauri Morales Arquitectos (\u00a9 Carlos D\u00edaz Corona)\n\t\t\t\t<\/figcaption><\/figure><figure class='gallery-item'>\n\t\t\t<div class='gallery-icon landscape'>\n\t\t\t\t<a href='https:\/\/www.arquimaster.com.ar\/web\/wp-content\/uploads\/2019\/11\/casa_campo_lago2.jpg' title=\"Casa Campo Lago \/ Echauri Morales Arquitectos (\u00a9 Carlos D\u00edaz Corona)\" data-rl_title=\"Casa Campo Lago \/ Echauri Morales Arquitectos (\u00a9 Carlos D\u00edaz Corona)\" class=\"rl-gallery-link\" data-rl_caption=\"Casa Campo Lago \/ Echauri Morales Arquitectos (\u00a9 Carlos D\u00edaz Corona)\" data-rel=\"lightbox-gallery-1\"><img loading=\"lazy\" decoding=\"async\" width=\"150\" height=\"150\" src=\"https:\/\/www.arquimaster.com.ar\/web\/wp-content\/uploads\/2019\/11\/casa_campo_lago2-150x150.jpg\" class=\"attachment-thumbnail size-thumbnail\" alt=\"\" aria-describedby=\"gallery-1-49477\" \/><\/a>\n\t\t\t<\/div>\n\t\t\t\t<figcaption class='wp-caption-text gallery-caption' id='gallery-1-49477'>\n\t\t\t\tCasa Campo Lago \/ Echauri Morales Arquitectos (\u00a9 Carlos D\u00edaz Corona)\n\t\t\t\t<\/figcaption><\/figure><figure class='gallery-item'>\n\t\t\t<div class='gallery-icon landscape'>\n\t\t\t\t<a href='https:\/\/www.arquimaster.com.ar\/web\/wp-content\/uploads\/2019\/11\/casa_campo_lago3.jpg' title=\"Casa Campo Lago \/ Echauri Morales Arquitectos (\u00a9 Carlos D\u00edaz Corona)\" data-rl_title=\"Casa Campo Lago \/ Echauri Morales Arquitectos (\u00a9 Carlos D\u00edaz Corona)\" class=\"rl-gallery-link\" data-rl_caption=\"Casa Campo Lago \/ Echauri Morales Arquitectos (\u00a9 Carlos D\u00edaz Corona)\" data-rel=\"lightbox-gallery-1\"><img loading=\"lazy\" decoding=\"async\" width=\"150\" height=\"150\" src=\"https:\/\/www.arquimaster.com.ar\/web\/wp-content\/uploads\/2019\/11\/casa_campo_lago3-150x150.jpg\" class=\"attachment-thumbnail size-thumbnail\" alt=\"\" aria-describedby=\"gallery-1-49478\" \/><\/a>\n\t\t\t<\/div>\n\t\t\t\t<figcaption class='wp-caption-text gallery-caption' id='gallery-1-49478'>\n\t\t\t\tCasa Campo Lago \/ Echauri Morales Arquitectos (\u00a9 Carlos D\u00edaz Corona)\n\t\t\t\t<\/figcaption><\/figure><figure class='gallery-item'>\n\t\t\t<div class='gallery-icon landscape'>\n\t\t\t\t<a href='https:\/\/www.arquimaster.com.ar\/web\/wp-content\/uploads\/2019\/11\/casa_campo_lago4.jpg' title=\"Casa Campo Lago \/ Echauri Morales Arquitectos (\u00a9 Carlos D\u00edaz Corona)\" data-rl_title=\"Casa Campo Lago \/ Echauri Morales Arquitectos (\u00a9 Carlos D\u00edaz Corona)\" class=\"rl-gallery-link\" data-rl_caption=\"Casa Campo Lago \/ Echauri Morales Arquitectos (\u00a9 Carlos D\u00edaz Corona)\" data-rel=\"lightbox-gallery-1\"><img loading=\"lazy\" decoding=\"async\" width=\"150\" height=\"150\" src=\"https:\/\/www.arquimaster.com.ar\/web\/wp-content\/uploads\/2019\/11\/casa_campo_lago4-150x150.jpg\" class=\"attachment-thumbnail size-thumbnail\" alt=\"\" aria-describedby=\"gallery-1-49479\" \/><\/a>\n\t\t\t<\/div>\n\t\t\t\t<figcaption class='wp-caption-text gallery-caption' id='gallery-1-49479'>\n\t\t\t\tCasa Campo Lago \/ Echauri Morales Arquitectos (\u00a9 Carlos D\u00edaz Corona)\n\t\t\t\t<\/figcaption><\/figure><figure class='gallery-item'>\n\t\t\t<div class='gallery-icon landscape'>\n\t\t\t\t<a href='https:\/\/www.arquimaster.com.ar\/web\/wp-content\/uploads\/2019\/11\/casa_campo_lago5.jpg' title=\"Casa Campo Lago \/ Echauri Morales Arquitectos (\u00a9 Carlos D\u00edaz Corona)\" data-rl_title=\"Casa Campo Lago \/ Echauri Morales Arquitectos (\u00a9 Carlos D\u00edaz Corona)\" class=\"rl-gallery-link\" data-rl_caption=\"Casa Campo Lago \/ Echauri Morales Arquitectos (\u00a9 Carlos D\u00edaz Corona)\" data-rel=\"lightbox-gallery-1\"><img loading=\"lazy\" decoding=\"async\" width=\"150\" height=\"150\" src=\"https:\/\/www.arquimaster.com.ar\/web\/wp-content\/uploads\/2019\/11\/casa_campo_lago5-150x150.jpg\" class=\"attachment-thumbnail size-thumbnail\" alt=\"\" aria-describedby=\"gallery-1-49480\" \/><\/a>\n\t\t\t<\/div>\n\t\t\t\t<figcaption class='wp-caption-text gallery-caption' id='gallery-1-49480'>\n\t\t\t\tCasa Campo Lago \/ Echauri Morales Arquitectos (\u00a9 Carlos D\u00edaz Corona)\n\t\t\t\t<\/figcaption><\/figure><figure class='gallery-item'>\n\t\t\t<div class='gallery-icon landscape'>\n\t\t\t\t<a href='https:\/\/www.arquimaster.com.ar\/web\/wp-content\/uploads\/2019\/11\/casa_campo_lago6.jpg' title=\"Casa Campo Lago \/ Echauri Morales Arquitectos (\u00a9 Carlos D\u00edaz Corona)\" data-rl_title=\"Casa Campo Lago \/ Echauri Morales Arquitectos (\u00a9 Carlos D\u00edaz Corona)\" class=\"rl-gallery-link\" data-rl_caption=\"Casa Campo Lago \/ Echauri Morales Arquitectos (\u00a9 Carlos D\u00edaz Corona)\" data-rel=\"lightbox-gallery-1\"><img loading=\"lazy\" decoding=\"async\" width=\"150\" height=\"150\" src=\"https:\/\/www.arquimaster.com.ar\/web\/wp-content\/uploads\/2019\/11\/casa_campo_lago6-150x150.jpg\" class=\"attachment-thumbnail size-thumbnail\" alt=\"\" aria-describedby=\"gallery-1-49481\" \/><\/a>\n\t\t\t<\/div>\n\t\t\t\t<figcaption class='wp-caption-text gallery-caption' id='gallery-1-49481'>\n\t\t\t\tCasa Campo Lago \/ Echauri Morales Arquitectos (\u00a9 Carlos D\u00edaz Corona)\n\t\t\t\t<\/figcaption><\/figure><figure class='gallery-item'>\n\t\t\t<div class='gallery-icon portrait'>\n\t\t\t\t<a href='https:\/\/www.arquimaster.com.ar\/web\/wp-content\/uploads\/2019\/11\/casa_campo_lago7.jpg' title=\"Casa Campo Lago \/ Echauri Morales Arquitectos (\u00a9 Carlos D\u00edaz Corona)\" data-rl_title=\"Casa Campo Lago \/ Echauri Morales Arquitectos (\u00a9 Carlos D\u00edaz Corona)\" class=\"rl-gallery-link\" data-rl_caption=\"Casa Campo Lago \/ Echauri Morales Arquitectos (\u00a9 Carlos D\u00edaz Corona)\" data-rel=\"lightbox-gallery-1\"><img loading=\"lazy\" decoding=\"async\" width=\"150\" height=\"150\" src=\"https:\/\/www.arquimaster.com.ar\/web\/wp-content\/uploads\/2019\/11\/casa_campo_lago7-150x150.jpg\" class=\"attachment-thumbnail size-thumbnail\" alt=\"\" aria-describedby=\"gallery-1-49482\" \/><\/a>\n\t\t\t<\/div>\n\t\t\t\t<figcaption class='wp-caption-text gallery-caption' id='gallery-1-49482'>\n\t\t\t\tCasa Campo Lago \/ Echauri Morales Arquitectos (\u00a9 Carlos D\u00edaz Corona)\n\t\t\t\t<\/figcaption><\/figure><figure class='gallery-item'>\n\t\t\t<div class='gallery-icon landscape'>\n\t\t\t\t<a href='https:\/\/www.arquimaster.com.ar\/web\/wp-content\/uploads\/2019\/11\/casa_campo_lago8.jpg' title=\"Casa Campo Lago \/ Echauri Morales Arquitectos (\u00a9 Carlos D\u00edaz Corona)\" data-rl_title=\"Casa Campo Lago \/ Echauri Morales Arquitectos (\u00a9 Carlos D\u00edaz Corona)\" class=\"rl-gallery-link\" data-rl_caption=\"Casa Campo Lago \/ Echauri Morales Arquitectos (\u00a9 Carlos D\u00edaz Corona)\" data-rel=\"lightbox-gallery-1\"><img loading=\"lazy\" decoding=\"async\" width=\"150\" height=\"150\" src=\"https:\/\/www.arquimaster.com.ar\/web\/wp-content\/uploads\/2019\/11\/casa_campo_lago8-150x150.jpg\" class=\"attachment-thumbnail size-thumbnail\" alt=\"\" aria-describedby=\"gallery-1-49483\" \/><\/a>\n\t\t\t<\/div>\n\t\t\t\t<figcaption class='wp-caption-text gallery-caption' id='gallery-1-49483'>\n\t\t\t\tCasa Campo Lago \/ Echauri Morales Arquitectos (\u00a9 Carlos D\u00edaz Corona)\n\t\t\t\t<\/figcaption><\/figure><figure class='gallery-item'>\n\t\t\t<div class='gallery-icon portrait'>\n\t\t\t\t<a href='https:\/\/www.arquimaster.com.ar\/web\/wp-content\/uploads\/2019\/11\/casa_campo_lago9.jpg' title=\"Casa Campo Lago \/ Echauri Morales Arquitectos (\u00a9 Carlos D\u00edaz Corona)\" data-rl_title=\"Casa Campo Lago \/ Echauri Morales Arquitectos (\u00a9 Carlos D\u00edaz Corona)\" class=\"rl-gallery-link\" data-rl_caption=\"Casa Campo Lago \/ Echauri Morales Arquitectos (\u00a9 Carlos D\u00edaz Corona)\" data-rel=\"lightbox-gallery-1\"><img loading=\"lazy\" decoding=\"async\" width=\"150\" height=\"150\" src=\"https:\/\/www.arquimaster.com.ar\/web\/wp-content\/uploads\/2019\/11\/casa_campo_lago9-150x150.jpg\" class=\"attachment-thumbnail size-thumbnail\" alt=\"\" aria-describedby=\"gallery-1-49484\" \/><\/a>\n\t\t\t<\/div>\n\t\t\t\t<figcaption class='wp-caption-text gallery-caption' id='gallery-1-49484'>\n\t\t\t\tCasa Campo Lago \/ Echauri Morales Arquitectos (\u00a9 Carlos D\u00edaz Corona)\n\t\t\t\t<\/figcaption><\/figure><figure class='gallery-item'>\n\t\t\t<div class='gallery-icon landscape'>\n\t\t\t\t<a href='https:\/\/www.arquimaster.com.ar\/web\/wp-content\/uploads\/2019\/11\/casa_campo_lago10.jpg' title=\"Casa Campo Lago \/ Echauri Morales Arquitectos (\u00a9 Carlos D\u00edaz Corona)\" data-rl_title=\"Casa Campo Lago \/ Echauri Morales Arquitectos (\u00a9 Carlos D\u00edaz Corona)\" class=\"rl-gallery-link\" data-rl_caption=\"Casa Campo Lago \/ Echauri Morales Arquitectos (\u00a9 Carlos D\u00edaz Corona)\" data-rel=\"lightbox-gallery-1\"><img loading=\"lazy\" decoding=\"async\" width=\"150\" height=\"150\" src=\"https:\/\/www.arquimaster.com.ar\/web\/wp-content\/uploads\/2019\/11\/casa_campo_lago10-150x150.jpg\" class=\"attachment-thumbnail size-thumbnail\" alt=\"\" aria-describedby=\"gallery-1-49485\" \/><\/a>\n\t\t\t<\/div>\n\t\t\t\t<figcaption class='wp-caption-text gallery-caption' id='gallery-1-49485'>\n\t\t\t\tCasa Campo Lago \/ Echauri Morales Arquitectos (\u00a9 Carlos D\u00edaz Corona)\n\t\t\t\t<\/figcaption><\/figure><figure class='gallery-item'>\n\t\t\t<div class='gallery-icon landscape'>\n\t\t\t\t<a href='https:\/\/www.arquimaster.com.ar\/web\/wp-content\/uploads\/2019\/11\/casa_campo_lago11.jpg' title=\"Casa Campo Lago \/ Echauri Morales Arquitectos (\u00a9 Carlos D\u00edaz Corona)\" data-rl_title=\"Casa Campo Lago \/ Echauri Morales Arquitectos (\u00a9 Carlos D\u00edaz Corona)\" class=\"rl-gallery-link\" data-rl_caption=\"Casa Campo Lago \/ Echauri Morales Arquitectos (\u00a9 Carlos D\u00edaz Corona)\" data-rel=\"lightbox-gallery-1\"><img loading=\"lazy\" decoding=\"async\" width=\"150\" height=\"150\" src=\"https:\/\/www.arquimaster.com.ar\/web\/wp-content\/uploads\/2019\/11\/casa_campo_lago11-150x150.jpg\" class=\"attachment-thumbnail size-thumbnail\" alt=\"\" aria-describedby=\"gallery-1-49486\" \/><\/a>\n\t\t\t<\/div>\n\t\t\t\t<figcaption class='wp-caption-text gallery-caption' id='gallery-1-49486'>\n\t\t\t\tCasa Campo Lago \/ Echauri Morales Arquitectos (\u00a9 Carlos D\u00edaz Corona)\n\t\t\t\t<\/figcaption><\/figure><figure class='gallery-item'>\n\t\t\t<div class='gallery-icon landscape'>\n\t\t\t\t<a href='https:\/\/www.arquimaster.com.ar\/web\/wp-content\/uploads\/2019\/11\/casa_campo_lago12.jpg' title=\"Casa Campo Lago \/ Echauri Morales Arquitectos (\u00a9 Carlos D\u00edaz Corona)\" data-rl_title=\"Casa Campo Lago \/ Echauri Morales Arquitectos (\u00a9 Carlos D\u00edaz Corona)\" class=\"rl-gallery-link\" data-rl_caption=\"Casa Campo Lago \/ Echauri Morales Arquitectos (\u00a9 Carlos D\u00edaz Corona)\" data-rel=\"lightbox-gallery-1\"><img loading=\"lazy\" decoding=\"async\" width=\"150\" height=\"150\" src=\"https:\/\/www.arquimaster.com.ar\/web\/wp-content\/uploads\/2019\/11\/casa_campo_lago12-150x150.jpg\" class=\"attachment-thumbnail size-thumbnail\" alt=\"\" aria-describedby=\"gallery-1-49487\" \/><\/a>\n\t\t\t<\/div>\n\t\t\t\t<figcaption class='wp-caption-text gallery-caption' id='gallery-1-49487'>\n\t\t\t\tCasa Campo Lago \/ Echauri Morales Arquitectos (\u00a9 Carlos D\u00edaz Corona)\n\t\t\t\t<\/figcaption><\/figure><figure class='gallery-item'>\n\t\t\t<div class='gallery-icon portrait'>\n\t\t\t\t<a href='https:\/\/www.arquimaster.com.ar\/web\/wp-content\/uploads\/2019\/11\/casa_campo_lago13.jpg' title=\"Casa Campo Lago \/ Echauri Morales Arquitectos (\u00a9 Carlos D\u00edaz Corona)\" data-rl_title=\"Casa Campo Lago \/ Echauri Morales Arquitectos (\u00a9 Carlos D\u00edaz Corona)\" class=\"rl-gallery-link\" data-rl_caption=\"Casa Campo Lago \/ Echauri Morales Arquitectos (\u00a9 Carlos D\u00edaz Corona)\" data-rel=\"lightbox-gallery-1\"><img loading=\"lazy\" decoding=\"async\" width=\"150\" height=\"150\" src=\"https:\/\/www.arquimaster.com.ar\/web\/wp-content\/uploads\/2019\/11\/casa_campo_lago13-150x150.jpg\" class=\"attachment-thumbnail size-thumbnail\" alt=\"\" aria-describedby=\"gallery-1-49488\" \/><\/a>\n\t\t\t<\/div>\n\t\t\t\t<figcaption class='wp-caption-text gallery-caption' id='gallery-1-49488'>\n\t\t\t\tCasa Campo Lago \/ Echauri Morales Arquitectos (\u00a9 Carlos D\u00edaz Corona)\n\t\t\t\t<\/figcaption><\/figure><figure class='gallery-item'>\n\t\t\t<div class='gallery-icon landscape'>\n\t\t\t\t<a href='https:\/\/www.arquimaster.com.ar\/web\/wp-content\/uploads\/2019\/11\/casa_campo_lago14.jpg' title=\"Casa Campo Lago \/ Echauri Morales Arquitectos (\u00a9 Carlos D\u00edaz Corona)\" data-rl_title=\"Casa Campo Lago \/ Echauri Morales Arquitectos (\u00a9 Carlos D\u00edaz Corona)\" class=\"rl-gallery-link\" data-rl_caption=\"Casa Campo Lago \/ Echauri Morales Arquitectos (\u00a9 Carlos D\u00edaz Corona)\" data-rel=\"lightbox-gallery-1\"><img loading=\"lazy\" decoding=\"async\" width=\"150\" height=\"150\" src=\"https:\/\/www.arquimaster.com.ar\/web\/wp-content\/uploads\/2019\/11\/casa_campo_lago14-150x150.jpg\" class=\"attachment-thumbnail size-thumbnail\" alt=\"\" aria-describedby=\"gallery-1-49489\" \/><\/a>\n\t\t\t<\/div>\n\t\t\t\t<figcaption class='wp-caption-text gallery-caption' id='gallery-1-49489'>\n\t\t\t\tCasa Campo Lago \/ Echauri Morales Arquitectos (\u00a9 Carlos D\u00edaz Corona)\n\t\t\t\t<\/figcaption><\/figure><figure class='gallery-item'>\n\t\t\t<div class='gallery-icon landscape'>\n\t\t\t\t<a href='https:\/\/www.arquimaster.com.ar\/web\/wp-content\/uploads\/2019\/11\/casa_campo_lago15.jpg' title=\"Casa Campo Lago \/ Echauri Morales Arquitectos (\u00a9 Carlos D\u00edaz Corona)\" data-rl_title=\"Casa Campo Lago \/ Echauri Morales Arquitectos (\u00a9 Carlos D\u00edaz Corona)\" class=\"rl-gallery-link\" data-rl_caption=\"Casa Campo Lago \/ Echauri Morales Arquitectos (\u00a9 Carlos D\u00edaz Corona)\" data-rel=\"lightbox-gallery-1\"><img loading=\"lazy\" decoding=\"async\" width=\"150\" height=\"150\" src=\"https:\/\/www.arquimaster.com.ar\/web\/wp-content\/uploads\/2019\/11\/casa_campo_lago15-150x150.jpg\" class=\"attachment-thumbnail size-thumbnail\" alt=\"\" aria-describedby=\"gallery-1-49490\" \/><\/a>\n\t\t\t<\/div>\n\t\t\t\t<figcaption class='wp-caption-text gallery-caption' id='gallery-1-49490'>\n\t\t\t\tCasa Campo Lago \/ Echauri Morales Arquitectos (\u00a9 Carlos D\u00edaz Corona)\n\t\t\t\t<\/figcaption><\/figure><figure class='gallery-item'>\n\t\t\t<div class='gallery-icon portrait'>\n\t\t\t\t<a href='https:\/\/www.arquimaster.com.ar\/web\/wp-content\/uploads\/2019\/11\/casa_campo_lago16.jpg' title=\"Casa Campo Lago \/ Echauri Morales Arquitectos (\u00a9 Carlos D\u00edaz Corona)\" data-rl_title=\"Casa Campo Lago \/ Echauri Morales Arquitectos (\u00a9 Carlos D\u00edaz Corona)\" class=\"rl-gallery-link\" data-rl_caption=\"Casa Campo Lago \/ Echauri Morales Arquitectos (\u00a9 Carlos D\u00edaz Corona)\" data-rel=\"lightbox-gallery-1\"><img loading=\"lazy\" decoding=\"async\" width=\"150\" height=\"150\" src=\"https:\/\/www.arquimaster.com.ar\/web\/wp-content\/uploads\/2019\/11\/casa_campo_lago16-150x150.jpg\" class=\"attachment-thumbnail size-thumbnail\" alt=\"\" aria-describedby=\"gallery-1-49491\" \/><\/a>\n\t\t\t<\/div>\n\t\t\t\t<figcaption class='wp-caption-text gallery-caption' id='gallery-1-49491'>\n\t\t\t\tCasa Campo Lago \/ Echauri Morales Arquitectos (\u00a9 Carlos D\u00edaz Corona)\n\t\t\t\t<\/figcaption><\/figure><figure class='gallery-item'>\n\t\t\t<div class='gallery-icon landscape'>\n\t\t\t\t<a href='https:\/\/www.arquimaster.com.ar\/web\/wp-content\/uploads\/2019\/11\/casa_campo_lago17.jpg' title=\"Casa Campo Lago \/ Echauri Morales Arquitectos (\u00a9 Carlos D\u00edaz Corona)\" data-rl_title=\"Casa Campo Lago \/ Echauri Morales Arquitectos (\u00a9 Carlos D\u00edaz Corona)\" class=\"rl-gallery-link\" data-rl_caption=\"Casa Campo Lago \/ Echauri Morales Arquitectos (\u00a9 Carlos D\u00edaz Corona)\" data-rel=\"lightbox-gallery-1\"><img loading=\"lazy\" decoding=\"async\" width=\"150\" height=\"150\" src=\"https:\/\/www.arquimaster.com.ar\/web\/wp-content\/uploads\/2019\/11\/casa_campo_lago17-150x150.jpg\" class=\"attachment-thumbnail size-thumbnail\" alt=\"\" aria-describedby=\"gallery-1-49492\" \/><\/a>\n\t\t\t<\/div>\n\t\t\t\t<figcaption class='wp-caption-text gallery-caption' id='gallery-1-49492'>\n\t\t\t\tCasa Campo Lago \/ Echauri Morales Arquitectos (\u00a9 Carlos D\u00edaz Corona)\n\t\t\t\t<\/figcaption><\/figure><figure class='gallery-item'>\n\t\t\t<div class='gallery-icon portrait'>\n\t\t\t\t<a href='https:\/\/www.arquimaster.com.ar\/web\/wp-content\/uploads\/2019\/11\/casa_campo_lago18.jpg' title=\"Casa Campo Lago \/ Echauri Morales Arquitectos (\u00a9 Carlos D\u00edaz Corona)\" data-rl_title=\"Casa Campo Lago \/ Echauri Morales Arquitectos (\u00a9 Carlos D\u00edaz Corona)\" class=\"rl-gallery-link\" data-rl_caption=\"Casa Campo Lago \/ Echauri Morales Arquitectos (\u00a9 Carlos D\u00edaz Corona)\" data-rel=\"lightbox-gallery-1\"><img loading=\"lazy\" decoding=\"async\" width=\"150\" height=\"150\" src=\"https:\/\/www.arquimaster.com.ar\/web\/wp-content\/uploads\/2019\/11\/casa_campo_lago18-150x150.jpg\" class=\"attachment-thumbnail size-thumbnail\" alt=\"\" aria-describedby=\"gallery-1-49493\" \/><\/a>\n\t\t\t<\/div>\n\t\t\t\t<figcaption class='wp-caption-text gallery-caption' id='gallery-1-49493'>\n\t\t\t\tCasa Campo Lago \/ Echauri Morales Arquitectos (\u00a9 Carlos D\u00edaz Corona)\n\t\t\t\t<\/figcaption><\/figure><figure class='gallery-item'>\n\t\t\t<div class='gallery-icon landscape'>\n\t\t\t\t<a href='https:\/\/www.arquimaster.com.ar\/web\/wp-content\/uploads\/2019\/11\/casa_campo_lago19.jpg' title=\"Casa Campo Lago \/ Echauri Morales Arquitectos (\u00a9 Carlos D\u00edaz Corona)\" data-rl_title=\"Casa Campo Lago \/ Echauri Morales Arquitectos (\u00a9 Carlos D\u00edaz Corona)\" class=\"rl-gallery-link\" data-rl_caption=\"Casa Campo Lago \/ Echauri Morales Arquitectos (\u00a9 Carlos D\u00edaz Corona)\" data-rel=\"lightbox-gallery-1\"><img loading=\"lazy\" decoding=\"async\" width=\"150\" height=\"150\" src=\"https:\/\/www.arquimaster.com.ar\/web\/wp-content\/uploads\/2019\/11\/casa_campo_lago19-150x150.jpg\" class=\"attachment-thumbnail size-thumbnail\" alt=\"\" aria-describedby=\"gallery-1-49494\" \/><\/a>\n\t\t\t<\/div>\n\t\t\t\t<figcaption class='wp-caption-text gallery-caption' id='gallery-1-49494'>\n\t\t\t\tCasa Campo Lago \/ Echauri Morales Arquitectos (\u00a9 Carlos D\u00edaz Corona)\n\t\t\t\t<\/figcaption><\/figure><figure class='gallery-item'>\n\t\t\t<div class='gallery-icon portrait'>\n\t\t\t\t<a href='https:\/\/www.arquimaster.com.ar\/web\/wp-content\/uploads\/2019\/11\/casa_campo_lago20.jpg' title=\"Casa Campo Lago \/ Echauri Morales Arquitectos (\u00a9 Carlos D\u00edaz Corona)\" data-rl_title=\"Casa Campo Lago \/ Echauri Morales Arquitectos (\u00a9 Carlos D\u00edaz Corona)\" class=\"rl-gallery-link\" data-rl_caption=\"Casa Campo Lago \/ Echauri Morales Arquitectos (\u00a9 Carlos D\u00edaz Corona)\" data-rel=\"lightbox-gallery-1\"><img loading=\"lazy\" decoding=\"async\" width=\"150\" height=\"150\" src=\"https:\/\/www.arquimaster.com.ar\/web\/wp-content\/uploads\/2019\/11\/casa_campo_lago20-150x150.jpg\" class=\"attachment-thumbnail size-thumbnail\" alt=\"\" aria-describedby=\"gallery-1-49495\" \/><\/a>\n\t\t\t<\/div>\n\t\t\t\t<figcaption class='wp-caption-text gallery-caption' id='gallery-1-49495'>\n\t\t\t\tCasa Campo Lago \/ Echauri Morales Arquitectos (\u00a9 Carlos D\u00edaz Corona)\n\t\t\t\t<\/figcaption><\/figure><figure class='gallery-item'>\n\t\t\t<div class='gallery-icon landscape'>\n\t\t\t\t<a href='https:\/\/www.arquimaster.com.ar\/web\/wp-content\/uploads\/2019\/11\/casa_campo_lago21.jpg' title=\"Casa Campo Lago \/ Echauri Morales Arquitectos (\u00a9 Carlos D\u00edaz Corona)\" data-rl_title=\"Casa Campo Lago \/ Echauri Morales Arquitectos (\u00a9 Carlos D\u00edaz Corona)\" class=\"rl-gallery-link\" data-rl_caption=\"Casa Campo Lago \/ Echauri Morales Arquitectos (\u00a9 Carlos D\u00edaz Corona)\" data-rel=\"lightbox-gallery-1\"><img loading=\"lazy\" decoding=\"async\" width=\"150\" height=\"150\" src=\"https:\/\/www.arquimaster.com.ar\/web\/wp-content\/uploads\/2019\/11\/casa_campo_lago21-150x150.jpg\" class=\"attachment-thumbnail size-thumbnail\" alt=\"\" aria-describedby=\"gallery-1-49496\" \/><\/a>\n\t\t\t<\/div>\n\t\t\t\t<figcaption class='wp-caption-text gallery-caption' id='gallery-1-49496'>\n\t\t\t\tCasa Campo Lago \/ Echauri Morales Arquitectos (\u00a9 Carlos D\u00edaz Corona)\n\t\t\t\t<\/figcaption><\/figure><figure class='gallery-item'>\n\t\t\t<div class='gallery-icon landscape'>\n\t\t\t\t<a href='https:\/\/www.arquimaster.com.ar\/web\/wp-content\/uploads\/2019\/11\/casa_campo_lago22.jpg' title=\"Casa Campo Lago \/ Echauri Morales Arquitectos (\u00a9 Carlos D\u00edaz Corona)\" data-rl_title=\"Casa Campo Lago \/ Echauri Morales Arquitectos (\u00a9 Carlos D\u00edaz Corona)\" class=\"rl-gallery-link\" data-rl_caption=\"Casa Campo Lago \/ Echauri Morales Arquitectos (\u00a9 Carlos D\u00edaz Corona)\" data-rel=\"lightbox-gallery-1\"><img loading=\"lazy\" decoding=\"async\" width=\"150\" height=\"150\" src=\"https:\/\/www.arquimaster.com.ar\/web\/wp-content\/uploads\/2019\/11\/casa_campo_lago22-150x150.jpg\" class=\"attachment-thumbnail size-thumbnail\" alt=\"\" aria-describedby=\"gallery-1-49497\" \/><\/a>\n\t\t\t<\/div>\n\t\t\t\t<figcaption class='wp-caption-text gallery-caption' id='gallery-1-49497'>\n\t\t\t\tCasa Campo Lago \/ Echauri Morales Arquitectos (\u00a9 Carlos D\u00edaz Corona)\n\t\t\t\t<\/figcaption><\/figure><figure class='gallery-item'>\n\t\t\t<div class='gallery-icon landscape'>\n\t\t\t\t<a href='https:\/\/www.arquimaster.com.ar\/web\/wp-content\/uploads\/2019\/11\/casa_campo_lago23.jpg' title=\"Casa Campo Lago \/ Echauri Morales Arquitectos (\u00a9 Carlos D\u00edaz Corona)\" data-rl_title=\"Casa Campo Lago \/ Echauri Morales Arquitectos (\u00a9 Carlos D\u00edaz Corona)\" class=\"rl-gallery-link\" data-rl_caption=\"Casa Campo Lago \/ Echauri Morales Arquitectos (\u00a9 Carlos D\u00edaz Corona)\" data-rel=\"lightbox-gallery-1\"><img loading=\"lazy\" decoding=\"async\" width=\"150\" height=\"150\" src=\"https:\/\/www.arquimaster.com.ar\/web\/wp-content\/uploads\/2019\/11\/casa_campo_lago23-150x150.jpg\" class=\"attachment-thumbnail size-thumbnail\" alt=\"\" aria-describedby=\"gallery-1-49498\" \/><\/a>\n\t\t\t<\/div>\n\t\t\t\t<figcaption class='wp-caption-text gallery-caption' id='gallery-1-49498'>\n\t\t\t\tCasa Campo Lago \/ Echauri Morales Arquitectos (\u00a9 Carlos D\u00edaz Corona)\n\t\t\t\t<\/figcaption><\/figure><figure class='gallery-item'>\n\t\t\t<div class='gallery-icon landscape'>\n\t\t\t\t<a href='https:\/\/www.arquimaster.com.ar\/web\/wp-content\/uploads\/2019\/11\/casa_campo_lago24.jpg' title=\"Casa Campo Lago \/ Echauri Morales Arquitectos (\u00a9 Carlos D\u00edaz Corona)\" data-rl_title=\"Casa Campo Lago \/ Echauri Morales Arquitectos (\u00a9 Carlos D\u00edaz Corona)\" class=\"rl-gallery-link\" data-rl_caption=\"Casa Campo Lago \/ Echauri Morales Arquitectos (\u00a9 Carlos D\u00edaz Corona)\" data-rel=\"lightbox-gallery-1\"><img loading=\"lazy\" decoding=\"async\" width=\"150\" height=\"150\" src=\"https:\/\/www.arquimaster.com.ar\/web\/wp-content\/uploads\/2019\/11\/casa_campo_lago24-150x150.jpg\" class=\"attachment-thumbnail size-thumbnail\" alt=\"\" aria-describedby=\"gallery-1-49499\" \/><\/a>\n\t\t\t<\/div>\n\t\t\t\t<figcaption class='wp-caption-text gallery-caption' id='gallery-1-49499'>\n\t\t\t\tCasa Campo Lago \/ Echauri Morales Arquitectos (\u00a9 Carlos D\u00edaz Corona)\n\t\t\t\t<\/figcaption><\/figure>\n\t\t<\/div>\n\n<p>El segundo volumen se contrapone al cerrado por su transparencia: representa la luz, la penetraci\u00f3n del exterior y el vac\u00edo. Dispuesto de forma vertical se abre hacia las \u00e1reas p\u00fablicas albergando la recamara principal en planta alta, y la cocina, el comedor y el estar en planta baja creando una conexi\u00f3n con el paisaje y las terrazas exteriores.<\/p>\n<p>La casa se desarroll\u00f3 bajo dos vol\u00famenes puros y sencillos, desde la calle te enfrentas a la casa por medio de una camino lateral que te lleva al ingreso rodeando un cuerpo cerrado de concreto. Al abrir la puerta te recibe una doble altura rematando al frente con un jard\u00edn, creando una sensaci\u00f3n de interior-exterior.<\/p>\n<div id='gallery-2' class='gallery galleryid-49474 gallery-columns-3 gallery-size-thumbnail'><figure class='gallery-item'>\n\t\t\t<div class='gallery-icon landscape'>\n\t\t\t\t<a href='https:\/\/www.arquimaster.com.ar\/web\/wp-content\/uploads\/2019\/11\/casa_campo_lago25.jpg' title=\"Casa Campo Lago \/ Echauri Morales Arquitectos (\u00a9 Carlos D\u00edaz Corona)\" data-rl_title=\"Casa Campo Lago \/ Echauri Morales Arquitectos (\u00a9 Carlos D\u00edaz Corona)\" class=\"rl-gallery-link\" data-rl_caption=\"Casa Campo Lago \/ Echauri Morales Arquitectos (\u00a9 Carlos D\u00edaz Corona)\" data-rel=\"lightbox-gallery-2\"><img loading=\"lazy\" decoding=\"async\" width=\"150\" height=\"150\" src=\"https:\/\/www.arquimaster.com.ar\/web\/wp-content\/uploads\/2019\/11\/casa_campo_lago25-150x150.jpg\" class=\"attachment-thumbnail size-thumbnail\" alt=\"\" aria-describedby=\"gallery-2-49500\" \/><\/a>\n\t\t\t<\/div>\n\t\t\t\t<figcaption class='wp-caption-text gallery-caption' id='gallery-2-49500'>\n\t\t\t\tCasa Campo Lago \/ Echauri Morales Arquitectos (\u00a9 Carlos D\u00edaz Corona)\n\t\t\t\t<\/figcaption><\/figure><figure class='gallery-item'>\n\t\t\t<div class='gallery-icon landscape'>\n\t\t\t\t<a href='https:\/\/www.arquimaster.com.ar\/web\/wp-content\/uploads\/2019\/11\/casa_campo_lago26.jpg' title=\"Casa Campo Lago \/ Echauri Morales Arquitectos (\u00a9 Carlos D\u00edaz Corona)\" data-rl_title=\"Casa Campo Lago \/ Echauri Morales Arquitectos (\u00a9 Carlos D\u00edaz Corona)\" class=\"rl-gallery-link\" data-rl_caption=\"Casa Campo Lago \/ Echauri Morales Arquitectos (\u00a9 Carlos D\u00edaz Corona)\" data-rel=\"lightbox-gallery-2\"><img loading=\"lazy\" decoding=\"async\" width=\"150\" height=\"150\" src=\"https:\/\/www.arquimaster.com.ar\/web\/wp-content\/uploads\/2019\/11\/casa_campo_lago26-150x150.jpg\" class=\"attachment-thumbnail size-thumbnail\" alt=\"\" aria-describedby=\"gallery-2-49501\" \/><\/a>\n\t\t\t<\/div>\n\t\t\t\t<figcaption class='wp-caption-text gallery-caption' id='gallery-2-49501'>\n\t\t\t\tCasa Campo Lago \/ Echauri Morales Arquitectos (\u00a9 Carlos D\u00edaz Corona)\n\t\t\t\t<\/figcaption><\/figure><figure class='gallery-item'>\n\t\t\t<div class='gallery-icon landscape'>\n\t\t\t\t<a href='https:\/\/www.arquimaster.com.ar\/web\/wp-content\/uploads\/2019\/11\/casa_campo_lago27.jpg' title=\"Casa Campo Lago \/ Echauri Morales Arquitectos (\u00a9 Carlos D\u00edaz Corona)\" data-rl_title=\"Casa Campo Lago \/ Echauri Morales Arquitectos (\u00a9 Carlos D\u00edaz Corona)\" class=\"rl-gallery-link\" data-rl_caption=\"Casa Campo Lago \/ Echauri Morales Arquitectos (\u00a9 Carlos D\u00edaz Corona)\" data-rel=\"lightbox-gallery-2\"><img loading=\"lazy\" decoding=\"async\" width=\"150\" height=\"150\" src=\"https:\/\/www.arquimaster.com.ar\/web\/wp-content\/uploads\/2019\/11\/casa_campo_lago27-150x150.jpg\" class=\"attachment-thumbnail size-thumbnail\" alt=\"\" aria-describedby=\"gallery-2-49502\" \/><\/a>\n\t\t\t<\/div>\n\t\t\t\t<figcaption class='wp-caption-text gallery-caption' id='gallery-2-49502'>\n\t\t\t\tCasa Campo Lago \/ Echauri Morales Arquitectos (\u00a9 Carlos D\u00edaz Corona)\n\t\t\t\t<\/figcaption><\/figure><figure class='gallery-item'>\n\t\t\t<div class='gallery-icon landscape'>\n\t\t\t\t<a href='https:\/\/www.arquimaster.com.ar\/web\/wp-content\/uploads\/2019\/11\/casa_campo_lago28.jpg' title=\"Casa Campo Lago \/ Echauri Morales Arquitectos (\u00a9 Carlos D\u00edaz Corona)\" data-rl_title=\"Casa Campo Lago \/ Echauri Morales Arquitectos (\u00a9 Carlos D\u00edaz Corona)\" class=\"rl-gallery-link\" data-rl_caption=\"Casa Campo Lago \/ Echauri Morales Arquitectos (\u00a9 Carlos D\u00edaz Corona)\" data-rel=\"lightbox-gallery-2\"><img loading=\"lazy\" decoding=\"async\" width=\"150\" height=\"150\" src=\"https:\/\/www.arquimaster.com.ar\/web\/wp-content\/uploads\/2019\/11\/casa_campo_lago28-150x150.jpg\" class=\"attachment-thumbnail size-thumbnail\" alt=\"\" aria-describedby=\"gallery-2-49503\" \/><\/a>\n\t\t\t<\/div>\n\t\t\t\t<figcaption class='wp-caption-text gallery-caption' id='gallery-2-49503'>\n\t\t\t\tCasa Campo Lago \/ Echauri Morales Arquitectos (\u00a9 Carlos D\u00edaz Corona)\n\t\t\t\t<\/figcaption><\/figure><figure class='gallery-item'>\n\t\t\t<div class='gallery-icon landscape'>\n\t\t\t\t<a href='https:\/\/www.arquimaster.com.ar\/web\/wp-content\/uploads\/2019\/11\/casa_campo_lago29.jpg' title=\"Casa Campo Lago \/ Echauri Morales Arquitectos (\u00a9 Carlos D\u00edaz Corona)\" data-rl_title=\"Casa Campo Lago \/ Echauri Morales Arquitectos (\u00a9 Carlos D\u00edaz Corona)\" class=\"rl-gallery-link\" data-rl_caption=\"Casa Campo Lago \/ Echauri Morales Arquitectos (\u00a9 Carlos D\u00edaz Corona)\" data-rel=\"lightbox-gallery-2\"><img loading=\"lazy\" decoding=\"async\" width=\"150\" height=\"150\" src=\"https:\/\/www.arquimaster.com.ar\/web\/wp-content\/uploads\/2019\/11\/casa_campo_lago29-150x150.jpg\" class=\"attachment-thumbnail size-thumbnail\" alt=\"\" aria-describedby=\"gallery-2-49504\" \/><\/a>\n\t\t\t<\/div>\n\t\t\t\t<figcaption class='wp-caption-text gallery-caption' id='gallery-2-49504'>\n\t\t\t\tCasa Campo Lago \/ Echauri Morales Arquitectos (\u00a9 Carlos D\u00edaz Corona)\n\t\t\t\t<\/figcaption><\/figure><figure class='gallery-item'>\n\t\t\t<div class='gallery-icon landscape'>\n\t\t\t\t<a href='https:\/\/www.arquimaster.com.ar\/web\/wp-content\/uploads\/2019\/11\/casa_campo_lago30.jpg' title=\"Casa Campo Lago \/ Echauri Morales Arquitectos (\u00a9 Carlos D\u00edaz Corona)\" data-rl_title=\"Casa Campo Lago \/ Echauri Morales Arquitectos (\u00a9 Carlos D\u00edaz Corona)\" class=\"rl-gallery-link\" data-rl_caption=\"Casa Campo Lago \/ Echauri Morales Arquitectos (\u00a9 Carlos D\u00edaz Corona)\" data-rel=\"lightbox-gallery-2\"><img loading=\"lazy\" decoding=\"async\" width=\"150\" height=\"150\" src=\"https:\/\/www.arquimaster.com.ar\/web\/wp-content\/uploads\/2019\/11\/casa_campo_lago30-150x150.jpg\" class=\"attachment-thumbnail size-thumbnail\" alt=\"\" aria-describedby=\"gallery-2-49505\" \/><\/a>\n\t\t\t<\/div>\n\t\t\t\t<figcaption class='wp-caption-text gallery-caption' id='gallery-2-49505'>\n\t\t\t\tCasa Campo Lago \/ Echauri Morales Arquitectos (\u00a9 Carlos D\u00edaz Corona)\n\t\t\t\t<\/figcaption><\/figure><figure class='gallery-item'>\n\t\t\t<div class='gallery-icon landscape'>\n\t\t\t\t<a href='https:\/\/www.arquimaster.com.ar\/web\/wp-content\/uploads\/2019\/11\/casa_campo_lago31.jpg' title=\"Casa Campo Lago \/ Echauri Morales Arquitectos (\u00a9 Carlos D\u00edaz Corona)\" data-rl_title=\"Casa Campo Lago \/ Echauri Morales Arquitectos (\u00a9 Carlos D\u00edaz Corona)\" class=\"rl-gallery-link\" data-rl_caption=\"Casa Campo Lago \/ Echauri Morales Arquitectos (\u00a9 Carlos D\u00edaz Corona)\" data-rel=\"lightbox-gallery-2\"><img loading=\"lazy\" decoding=\"async\" width=\"150\" height=\"150\" src=\"https:\/\/www.arquimaster.com.ar\/web\/wp-content\/uploads\/2019\/11\/casa_campo_lago31-150x150.jpg\" class=\"attachment-thumbnail size-thumbnail\" alt=\"\" aria-describedby=\"gallery-2-49506\" \/><\/a>\n\t\t\t<\/div>\n\t\t\t\t<figcaption class='wp-caption-text gallery-caption' id='gallery-2-49506'>\n\t\t\t\tCasa Campo Lago \/ Echauri Morales Arquitectos (\u00a9 Carlos D\u00edaz Corona)\n\t\t\t\t<\/figcaption><\/figure><figure class='gallery-item'>\n\t\t\t<div class='gallery-icon landscape'>\n\t\t\t\t<a href='https:\/\/www.arquimaster.com.ar\/web\/wp-content\/uploads\/2019\/11\/casa_campo_lago32.jpg' title=\"Casa Campo Lago \/ Echauri Morales Arquitectos (\u00a9 Carlos D\u00edaz Corona)\" data-rl_title=\"Casa Campo Lago \/ Echauri Morales Arquitectos (\u00a9 Carlos D\u00edaz Corona)\" class=\"rl-gallery-link\" data-rl_caption=\"Casa Campo Lago \/ Echauri Morales Arquitectos (\u00a9 Carlos D\u00edaz Corona)\" data-rel=\"lightbox-gallery-2\"><img loading=\"lazy\" decoding=\"async\" width=\"150\" height=\"150\" src=\"https:\/\/www.arquimaster.com.ar\/web\/wp-content\/uploads\/2019\/11\/casa_campo_lago32-150x150.jpg\" class=\"attachment-thumbnail size-thumbnail\" alt=\"\" aria-describedby=\"gallery-2-49507\" \/><\/a>\n\t\t\t<\/div>\n\t\t\t\t<figcaption class='wp-caption-text gallery-caption' id='gallery-2-49507'>\n\t\t\t\tCasa Campo Lago \/ Echauri Morales Arquitectos (\u00a9 Carlos D\u00edaz Corona)\n\t\t\t\t<\/figcaption><\/figure><figure class='gallery-item'>\n\t\t\t<div class='gallery-icon portrait'>\n\t\t\t\t<a href='https:\/\/www.arquimaster.com.ar\/web\/wp-content\/uploads\/2019\/11\/casa_campo_lago33.jpg' title=\"Casa Campo Lago \/ Echauri Morales Arquitectos (\u00a9 Carlos D\u00edaz Corona)\" data-rl_title=\"Casa Campo Lago \/ Echauri Morales Arquitectos (\u00a9 Carlos D\u00edaz Corona)\" class=\"rl-gallery-link\" data-rl_caption=\"Casa Campo Lago \/ Echauri Morales Arquitectos (\u00a9 Carlos D\u00edaz Corona)\" data-rel=\"lightbox-gallery-2\"><img loading=\"lazy\" decoding=\"async\" width=\"150\" height=\"150\" src=\"https:\/\/www.arquimaster.com.ar\/web\/wp-content\/uploads\/2019\/11\/casa_campo_lago33-150x150.jpg\" class=\"attachment-thumbnail size-thumbnail\" alt=\"\" aria-describedby=\"gallery-2-49508\" \/><\/a>\n\t\t\t<\/div>\n\t\t\t\t<figcaption class='wp-caption-text gallery-caption' id='gallery-2-49508'>\n\t\t\t\tCasa Campo Lago \/ Echauri Morales Arquitectos (\u00a9 Carlos D\u00edaz Corona)\n\t\t\t\t<\/figcaption><\/figure><figure class='gallery-item'>\n\t\t\t<div class='gallery-icon landscape'>\n\t\t\t\t<a href='https:\/\/www.arquimaster.com.ar\/web\/wp-content\/uploads\/2019\/11\/casa_campo_lago34.jpg' title=\"Casa Campo Lago \/ Echauri Morales Arquitectos (render)\" data-rl_title=\"Casa Campo Lago \/ Echauri Morales Arquitectos (render)\" class=\"rl-gallery-link\" data-rl_caption=\"Casa Campo Lago \/ Echauri Morales Arquitectos (render)\" data-rel=\"lightbox-gallery-2\"><img loading=\"lazy\" decoding=\"async\" width=\"150\" height=\"150\" src=\"https:\/\/www.arquimaster.com.ar\/web\/wp-content\/uploads\/2019\/11\/casa_campo_lago34-150x150.jpg\" class=\"attachment-thumbnail size-thumbnail\" alt=\"\" aria-describedby=\"gallery-2-49509\" \/><\/a>\n\t\t\t<\/div>\n\t\t\t\t<figcaption class='wp-caption-text gallery-caption' id='gallery-2-49509'>\n\t\t\t\tCasa Campo Lago \/ Echauri Morales Arquitectos (render)\n\t\t\t\t<\/figcaption><\/figure><figure class='gallery-item'>\n\t\t\t<div class='gallery-icon landscape'>\n\t\t\t\t<a href='https:\/\/www.arquimaster.com.ar\/web\/wp-content\/uploads\/2019\/11\/casa_campo_lago35.jpg' title=\"Casa Campo Lago \/ Echauri Morales Arquitectos (render)\" data-rl_title=\"Casa Campo Lago \/ Echauri Morales Arquitectos (render)\" class=\"rl-gallery-link\" data-rl_caption=\"Casa Campo Lago \/ Echauri Morales Arquitectos (render)\" data-rel=\"lightbox-gallery-2\"><img loading=\"lazy\" decoding=\"async\" width=\"150\" height=\"150\" src=\"https:\/\/www.arquimaster.com.ar\/web\/wp-content\/uploads\/2019\/11\/casa_campo_lago35-150x150.jpg\" class=\"attachment-thumbnail size-thumbnail\" alt=\"\" aria-describedby=\"gallery-2-49510\" \/><\/a>\n\t\t\t<\/div>\n\t\t\t\t<figcaption class='wp-caption-text gallery-caption' id='gallery-2-49510'>\n\t\t\t\tCasa Campo Lago \/ Echauri Morales Arquitectos (render)\n\t\t\t\t<\/figcaption><\/figure><figure class='gallery-item'>\n\t\t\t<div class='gallery-icon landscape'>\n\t\t\t\t<a href='https:\/\/www.arquimaster.com.ar\/web\/wp-content\/uploads\/2019\/11\/casa_campo_lago36.jpg' title=\"Casa Campo Lago \/ Echauri Morales Arquitectos (render)\" data-rl_title=\"Casa Campo Lago \/ Echauri Morales Arquitectos (render)\" class=\"rl-gallery-link\" data-rl_caption=\"Casa Campo Lago \/ Echauri Morales Arquitectos (render)\" data-rel=\"lightbox-gallery-2\"><img loading=\"lazy\" decoding=\"async\" width=\"150\" height=\"150\" src=\"https:\/\/www.arquimaster.com.ar\/web\/wp-content\/uploads\/2019\/11\/casa_campo_lago36-150x150.jpg\" class=\"attachment-thumbnail size-thumbnail\" alt=\"\" aria-describedby=\"gallery-2-49511\" \/><\/a>\n\t\t\t<\/div>\n\t\t\t\t<figcaption class='wp-caption-text gallery-caption' id='gallery-2-49511'>\n\t\t\t\tCasa Campo Lago \/ Echauri Morales Arquitectos (render)\n\t\t\t\t<\/figcaption><\/figure><figure class='gallery-item'>\n\t\t\t<div class='gallery-icon landscape'>\n\t\t\t\t<a href='https:\/\/www.arquimaster.com.ar\/web\/wp-content\/uploads\/2019\/11\/casa_campo_lago37.jpg' title=\"Casa Campo Lago \/ Echauri Morales Arquitectos (render)\" data-rl_title=\"Casa Campo Lago \/ Echauri Morales Arquitectos (render)\" class=\"rl-gallery-link\" data-rl_caption=\"Casa Campo Lago \/ Echauri Morales Arquitectos (render)\" data-rel=\"lightbox-gallery-2\"><img loading=\"lazy\" decoding=\"async\" width=\"150\" height=\"150\" src=\"https:\/\/www.arquimaster.com.ar\/web\/wp-content\/uploads\/2019\/11\/casa_campo_lago37-150x150.jpg\" class=\"attachment-thumbnail size-thumbnail\" alt=\"\" aria-describedby=\"gallery-2-49512\" \/><\/a>\n\t\t\t<\/div>\n\t\t\t\t<figcaption class='wp-caption-text gallery-caption' id='gallery-2-49512'>\n\t\t\t\tCasa Campo Lago \/ Echauri Morales Arquitectos (render)\n\t\t\t\t<\/figcaption><\/figure><figure class='gallery-item'>\n\t\t\t<div class='gallery-icon portrait'>\n\t\t\t\t<a href='https:\/\/www.arquimaster.com.ar\/web\/wp-content\/uploads\/2019\/11\/casa_campo_lago38.jpg' title=\"Casa Campo Lago \/ Echauri Morales Arquitectos (planta baja)\" data-rl_title=\"Casa Campo Lago \/ Echauri Morales Arquitectos (planta baja)\" class=\"rl-gallery-link\" data-rl_caption=\"Casa Campo Lago \/ Echauri Morales Arquitectos (planta baja)\" data-rel=\"lightbox-gallery-2\"><img loading=\"lazy\" decoding=\"async\" width=\"150\" height=\"150\" src=\"https:\/\/www.arquimaster.com.ar\/web\/wp-content\/uploads\/2019\/11\/casa_campo_lago38-150x150.jpg\" class=\"attachment-thumbnail size-thumbnail\" alt=\"\" aria-describedby=\"gallery-2-49513\" \/><\/a>\n\t\t\t<\/div>\n\t\t\t\t<figcaption class='wp-caption-text gallery-caption' id='gallery-2-49513'>\n\t\t\t\tCasa Campo Lago \/ Echauri Morales Arquitectos (planta baja)\n\t\t\t\t<\/figcaption><\/figure><figure class='gallery-item'>\n\t\t\t<div class='gallery-icon portrait'>\n\t\t\t\t<a href='https:\/\/www.arquimaster.com.ar\/web\/wp-content\/uploads\/2019\/11\/casa_campo_lago39.jpg' title=\"Casa Campo Lago \/ Echauri Morales Arquitectos (planta alta)\" data-rl_title=\"Casa Campo Lago \/ Echauri Morales Arquitectos (planta alta)\" class=\"rl-gallery-link\" data-rl_caption=\"Casa Campo Lago \/ Echauri Morales Arquitectos (planta alta)\" data-rel=\"lightbox-gallery-2\"><img loading=\"lazy\" decoding=\"async\" width=\"150\" height=\"150\" src=\"https:\/\/www.arquimaster.com.ar\/web\/wp-content\/uploads\/2019\/11\/casa_campo_lago39-150x150.jpg\" class=\"attachment-thumbnail size-thumbnail\" alt=\"\" aria-describedby=\"gallery-2-49514\" \/><\/a>\n\t\t\t<\/div>\n\t\t\t\t<figcaption class='wp-caption-text gallery-caption' id='gallery-2-49514'>\n\t\t\t\tCasa Campo Lago \/ Echauri Morales Arquitectos (planta alta)\n\t\t\t\t<\/figcaption><\/figure><figure class='gallery-item'>\n\t\t\t<div class='gallery-icon landscape'>\n\t\t\t\t<a href='https:\/\/www.arquimaster.com.ar\/web\/wp-content\/uploads\/2019\/11\/casa_campo_lago40.jpg' title=\"Casa Campo Lago \/ Echauri Morales Arquitectos (corte longitudinal)\" data-rl_title=\"Casa Campo Lago \/ Echauri Morales Arquitectos (corte longitudinal)\" class=\"rl-gallery-link\" data-rl_caption=\"Casa Campo Lago \/ Echauri Morales Arquitectos (corte longitudinal)\" data-rel=\"lightbox-gallery-2\"><img loading=\"lazy\" decoding=\"async\" width=\"150\" height=\"150\" src=\"https:\/\/www.arquimaster.com.ar\/web\/wp-content\/uploads\/2019\/11\/casa_campo_lago40-150x150.jpg\" class=\"attachment-thumbnail size-thumbnail\" alt=\"\" aria-describedby=\"gallery-2-49515\" \/><\/a>\n\t\t\t<\/div>\n\t\t\t\t<figcaption class='wp-caption-text gallery-caption' id='gallery-2-49515'>\n\t\t\t\tCasa Campo Lago \/ Echauri Morales Arquitectos (corte longitudinal)\n\t\t\t\t<\/figcaption><\/figure><figure class='gallery-item'>\n\t\t\t<div class='gallery-icon landscape'>\n\t\t\t\t<a href='https:\/\/www.arquimaster.com.ar\/web\/wp-content\/uploads\/2019\/11\/casa_campo_lago41.jpg' title=\"Casa Campo Lago \/ Echauri Morales Arquitectos (corte transversal)\" data-rl_title=\"Casa Campo Lago \/ Echauri Morales Arquitectos (corte transversal)\" class=\"rl-gallery-link\" data-rl_caption=\"Casa Campo Lago \/ Echauri Morales Arquitectos (corte transversal)\" data-rel=\"lightbox-gallery-2\"><img loading=\"lazy\" decoding=\"async\" width=\"150\" height=\"150\" src=\"https:\/\/www.arquimaster.com.ar\/web\/wp-content\/uploads\/2019\/11\/casa_campo_lago41-150x150.jpg\" class=\"attachment-thumbnail size-thumbnail\" alt=\"\" aria-describedby=\"gallery-2-49516\" \/><\/a>\n\t\t\t<\/div>\n\t\t\t\t<figcaption class='wp-caption-text gallery-caption' id='gallery-2-49516'>\n\t\t\t\tCasa Campo Lago \/ Echauri Morales Arquitectos (corte transversal)\n\t\t\t\t<\/figcaption><\/figure><figure class='gallery-item'>\n\t\t\t<div class='gallery-icon landscape'>\n\t\t\t\t<a href='https:\/\/www.arquimaster.com.ar\/web\/wp-content\/uploads\/2019\/11\/casa_campo_lago42.jpg' title=\"Casa Campo Lago \/ Echauri Morales Arquitectos (vista frente)\" data-rl_title=\"Casa Campo Lago \/ Echauri Morales Arquitectos (vista frente)\" class=\"rl-gallery-link\" data-rl_caption=\"Casa Campo Lago \/ Echauri Morales Arquitectos (vista frente)\" data-rel=\"lightbox-gallery-2\"><img loading=\"lazy\" decoding=\"async\" width=\"150\" height=\"150\" src=\"https:\/\/www.arquimaster.com.ar\/web\/wp-content\/uploads\/2019\/11\/casa_campo_lago42-150x150.jpg\" class=\"attachment-thumbnail size-thumbnail\" alt=\"\" aria-describedby=\"gallery-2-49517\" \/><\/a>\n\t\t\t<\/div>\n\t\t\t\t<figcaption class='wp-caption-text gallery-caption' id='gallery-2-49517'>\n\t\t\t\tCasa Campo Lago \/ Echauri Morales Arquitectos (vista frente)\n\t\t\t\t<\/figcaption><\/figure><figure class='gallery-item'>\n\t\t\t<div class='gallery-icon landscape'>\n\t\t\t\t<a href='https:\/\/www.arquimaster.com.ar\/web\/wp-content\/uploads\/2019\/11\/casa_campo_lago43.jpg' title=\"Casa Campo Lago \/ Echauri Morales Arquitectos (vista contrafrente)\" data-rl_title=\"Casa Campo Lago \/ Echauri Morales Arquitectos (vista contrafrente)\" class=\"rl-gallery-link\" data-rl_caption=\"Casa Campo Lago \/ Echauri Morales Arquitectos (vista contrafrente)\" data-rel=\"lightbox-gallery-2\"><img loading=\"lazy\" decoding=\"async\" width=\"150\" height=\"150\" src=\"https:\/\/www.arquimaster.com.ar\/web\/wp-content\/uploads\/2019\/11\/casa_campo_lago43-150x150.jpg\" class=\"attachment-thumbnail size-thumbnail\" alt=\"\" aria-describedby=\"gallery-2-49518\" \/><\/a>\n\t\t\t<\/div>\n\t\t\t\t<figcaption class='wp-caption-text gallery-caption' id='gallery-2-49518'>\n\t\t\t\tCasa Campo Lago \/ Echauri Morales Arquitectos (vista contrafrente)\n\t\t\t\t<\/figcaption><\/figure><figure class='gallery-item'>\n\t\t\t<div class='gallery-icon landscape'>\n\t\t\t\t<a href='https:\/\/www.arquimaster.com.ar\/web\/wp-content\/uploads\/2019\/11\/casa_campo_lago44.jpg' title=\"Casa Campo Lago \/ Echauri Morales Arquitectos (vista lateral este)\" data-rl_title=\"Casa Campo Lago \/ Echauri Morales Arquitectos (vista lateral este)\" class=\"rl-gallery-link\" data-rl_caption=\"Casa Campo Lago \/ Echauri Morales Arquitectos (vista lateral este)\" data-rel=\"lightbox-gallery-2\"><img loading=\"lazy\" decoding=\"async\" width=\"150\" height=\"150\" src=\"https:\/\/www.arquimaster.com.ar\/web\/wp-content\/uploads\/2019\/11\/casa_campo_lago44-150x150.jpg\" class=\"attachment-thumbnail size-thumbnail\" alt=\"\" aria-describedby=\"gallery-2-49519\" \/><\/a>\n\t\t\t<\/div>\n\t\t\t\t<figcaption class='wp-caption-text gallery-caption' id='gallery-2-49519'>\n\t\t\t\tCasa Campo Lago \/ Echauri Morales Arquitectos (vista lateral este)\n\t\t\t\t<\/figcaption><\/figure><figure class='gallery-item'>\n\t\t\t<div class='gallery-icon landscape'>\n\t\t\t\t<a href='https:\/\/www.arquimaster.com.ar\/web\/wp-content\/uploads\/2019\/11\/casa_campo_lago45.jpg' title=\"Casa Campo Lago \/ Echauri Morales Arquitectos (vista lateral oeste)\" data-rl_title=\"Casa Campo Lago \/ Echauri Morales Arquitectos (vista lateral oeste)\" class=\"rl-gallery-link\" data-rl_caption=\"Casa Campo Lago \/ Echauri Morales Arquitectos (vista lateral oeste)\" data-rel=\"lightbox-gallery-2\"><img loading=\"lazy\" decoding=\"async\" width=\"150\" height=\"150\" src=\"https:\/\/www.arquimaster.com.ar\/web\/wp-content\/uploads\/2019\/11\/casa_campo_lago45-150x150.jpg\" class=\"attachment-thumbnail size-thumbnail\" alt=\"\" aria-describedby=\"gallery-2-49520\" \/><\/a>\n\t\t\t<\/div>\n\t\t\t\t<figcaption class='wp-caption-text gallery-caption' id='gallery-2-49520'>\n\t\t\t\tCasa Campo Lago \/ Echauri Morales Arquitectos (vista lateral oeste)\n\t\t\t\t<\/figcaption><\/figure>\n\t\t<\/div>\n\n<p>Hacia el lado derecho se encuentra un recibidor y las \u00e1reas de servicio, de lado derecho las circulaciones verticales y despu\u00e9s de estas, atravesando un pasillo, se encuentra un volumen transparente, el espacio se abre hacia las \u00e1reas p\u00fablicas, cocina y comedor te reciben para despu\u00e9s pasar al \u00e1rea de estar que se conectar a las terrazas y el jard\u00edn.<\/p>\n<p>En planta alta accediendo por la circulaci\u00f3n vertical encuentra de lado izquierdo las recamaras secundarias resguardadas en un volumen confinada, opuesto a esto se encuentra a la recamara principal que se accede por medio de un pasillo que por un lado se encuentra con la doble altura del ingreso, y por el otro, se abre al jard\u00edn de la planta baja, el final del pasillo desemboca en la recamara principal que desde su terraza se puede ver la ciudad.<\/p>\n<p><strong>Ficha tecnica<\/strong><br \/>\nNombre: Casa Campo Lago<br \/>\nUbicaci\u00f3n: Zapopan, Jalisco, M\u00e9xico<br \/>\nOficina de Arquitectura: Echauri Morales Arquitectos<br \/>\nArquitectos autores de la obra: Arq. \u00c1lvaro Morales Hern\u00e1ndez y Arq. Miguel Echauri Corona<br \/>\nEquipo de Dise\u00f1o: Arq. Douglas Rodr\u00edguez Perea, Arq. Mar\u00eda Jos\u00e9 Garc\u00eda Morales<br \/>\nConstrucci\u00f3n: Arq Omar G\u00f3mez Negrete<br \/>\nC\u00e1lculo Estructural: Vicalc Ingenier\u00eda<br \/>\nSuperficie construida: 461 m2<br \/>\nA\u00f1o t\u00e9rmino construcci\u00f3n: 2017<br \/>\nFot\u00f3grafo: Carlos D\u00edaz Corona<\/p>\n<p><strong>Contacto<\/strong><br \/>\n<a href=\"http:\/\/www.echaurimorales.com\" target=\"_blank\" rel=\"noopener noreferrer\">http:\/\/www.echaurimorales.com<\/a><\/p>\n\n<div style=\"font-size: 0px; height: 0px; line-height: 0px; margin: 0; padding: 0; clear: both;\"><\/div><div style=\"margin-top: 0px; margin-bottom: 0px;\" class=\"sharethis-inline-share-buttons\" ><\/div>","protected":false},"excerpt":{"rendered":"<p>Dos vol\u00famenes dislocados y separados por una franja de luz, logran incorporar al paisaje&#8230;<\/p>\n","protected":false},"author":1,"featured_media":49475,"comment_status":"closed","ping_status":"closed","sticky":false,"template":"","format":"standard","meta":{"_uag_custom_page_level_css":"","footnotes":""},"categories":[1,83],"tags":[5435,5434,1052,24,5436,254,2612],"class_list":["post-49474","post","type-post","status-publish","format-standard","has-post-thumbnail","hentry","category-proyecto","category-vivienda-unifamiliar","tag-alvaro-morales-hernandez","tag-echauri-morales-arquitectos","tag-jalisco","tag-mexico","tag-miguel-echauri-corona","tag-vivienda-unifamiliar-2","tag-zapopan","generate-columns","tablet-grid-50","mobile-grid-100","grid-parent","grid-50"],"yoast_head":"<!-- This site is optimized with the Yoast SEO plugin v27.3 - https:\/\/yoast.com\/product\/yoast-seo-wordpress\/ -->\n<title>Casa Campo Lago \/ Echauri Morales Arquitectos - Arquimaster<\/title>\n<meta name=\"description\" content=\"Dos vol\u00famenes dislocados y separados por una franja de luz, logran incorporar al paisaje circundante por medio de la transparencia y los vac\u00edos.\" \/>\n<meta name=\"robots\" content=\"index, follow, max-snippet:-1, max-image-preview:large, max-video-preview:-1\" \/>\n<link rel=\"canonical\" href=\"https:\/\/www.arquimaster.com.ar\/web\/casa-campo-lago-echauri-morales-arquitectos\/\" \/>\n<meta property=\"og:locale\" content=\"es_ES\" \/>\n<meta property=\"og:type\" content=\"article\" \/>\n<meta property=\"og:title\" content=\"Casa Campo Lago \/ Echauri Morales Arquitectos\" \/>\n<meta property=\"og:description\" content=\"Dos vol\u00famenes dislocados y separados por una franja de luz, logran incorporar al paisaje circundante por medio de la transparencia y los vac\u00edos.\" \/>\n<meta property=\"og:url\" content=\"https:\/\/www.arquimaster.com.ar\/web\/casa-campo-lago-echauri-morales-arquitectos\/\" \/>\n<meta property=\"og:site_name\" content=\"Arquimaster\" \/>\n<meta property=\"article:publisher\" content=\"http:\/\/www.facebook.com\/ARQUIMASTER.com.ar\" \/>\n<meta property=\"article:published_time\" content=\"2019-11-05T23:36:12+00:00\" \/>\n<meta property=\"article:modified_time\" content=\"2021-01-29T20:16:34+00:00\" \/>\n<meta property=\"og:image\" content=\"https:\/\/www.arquimaster.com.ar\/web\/wp-content\/uploads\/2019\/11\/casa_campo_lago_slide.jpg\" \/>\n\t<meta property=\"og:image:width\" content=\"698\" \/>\n\t<meta property=\"og:image:height\" content=\"364\" \/>\n\t<meta property=\"og:image:type\" content=\"image\/jpeg\" \/>\n<meta name=\"author\" content=\"Arquimaster\" \/>\n<meta name=\"twitter:card\" content=\"summary_large_image\" \/>\n<meta name=\"twitter:title\" content=\"Casa Campo Lago \/ Echauri Morales Arquitectos\" \/>\n<meta name=\"twitter:description\" content=\"Dos vol\u00famenes dislocados y separados por una franja de luz, logran incorporar al paisaje circundante por medio de la transparencia y los vac\u00edos.\" \/>\n<meta name=\"twitter:image\" content=\"https:\/\/www.arquimaster.com.ar\/web\/wp-content\/uploads\/2019\/11\/casa_campo_lago_slide.jpg\" \/>\n<meta name=\"twitter:creator\" content=\"@arquimaster\" \/>\n<meta name=\"twitter:site\" content=\"@arquimaster\" \/>\n<meta name=\"twitter:label1\" content=\"Escrito por\" \/>\n\t<meta name=\"twitter:data1\" content=\"Arquimaster\" \/>\n\t<meta name=\"twitter:label2\" content=\"Tiempo de lectura\" \/>\n\t<meta name=\"twitter:data2\" content=\"2 minutos\" \/>\n<script type=\"application\/ld+json\" class=\"yoast-schema-graph\">{\"@context\":\"https:\\\/\\\/schema.org\",\"@graph\":[{\"@type\":\"Article\",\"@id\":\"https:\\\/\\\/www.arquimaster.com.ar\\\/web\\\/casa-campo-lago-echauri-morales-arquitectos\\\/#article\",\"isPartOf\":{\"@id\":\"https:\\\/\\\/www.arquimaster.com.ar\\\/web\\\/casa-campo-lago-echauri-morales-arquitectos\\\/\"},\"author\":{\"name\":\"Arquimaster\",\"@id\":\"https:\\\/\\\/www.arquimaster.com.ar\\\/web\\\/#\\\/schema\\\/person\\\/359e9f7c00193fcde068e0dd2ceb0028\"},\"headline\":\"Casa Campo Lago \\\/ Echauri Morales Arquitectos\",\"datePublished\":\"2019-11-05T23:36:12+00:00\",\"dateModified\":\"2021-01-29T20:16:34+00:00\",\"mainEntityOfPage\":{\"@id\":\"https:\\\/\\\/www.arquimaster.com.ar\\\/web\\\/casa-campo-lago-echauri-morales-arquitectos\\\/\"},\"wordCount\":484,\"publisher\":{\"@id\":\"https:\\\/\\\/www.arquimaster.com.ar\\\/web\\\/#organization\"},\"image\":{\"@id\":\"https:\\\/\\\/www.arquimaster.com.ar\\\/web\\\/casa-campo-lago-echauri-morales-arquitectos\\\/#primaryimage\"},\"thumbnailUrl\":\"https:\\\/\\\/www.arquimaster.com.ar\\\/web\\\/wp-content\\\/uploads\\\/2019\\\/11\\\/casa_campo_lago_slide.jpg\",\"keywords\":[\"\u00c1lvaro Morales Hern\u00e1ndez\",\"Echauri Morales Arquitectos\",\"Jalisco\",\"Mexico\",\"Miguel Echauri Corona\",\"vivienda unifamiliar\",\"Zapopan\"],\"articleSection\":[\"Proyecto\",\"Vivienda unifamiliar y PH\"],\"inLanguage\":\"es\"},{\"@type\":\"WebPage\",\"@id\":\"https:\\\/\\\/www.arquimaster.com.ar\\\/web\\\/casa-campo-lago-echauri-morales-arquitectos\\\/\",\"url\":\"https:\\\/\\\/www.arquimaster.com.ar\\\/web\\\/casa-campo-lago-echauri-morales-arquitectos\\\/\",\"name\":\"Casa Campo Lago \\\/ Echauri Morales Arquitectos - Arquimaster\",\"isPartOf\":{\"@id\":\"https:\\\/\\\/www.arquimaster.com.ar\\\/web\\\/#website\"},\"primaryImageOfPage\":{\"@id\":\"https:\\\/\\\/www.arquimaster.com.ar\\\/web\\\/casa-campo-lago-echauri-morales-arquitectos\\\/#primaryimage\"},\"image\":{\"@id\":\"https:\\\/\\\/www.arquimaster.com.ar\\\/web\\\/casa-campo-lago-echauri-morales-arquitectos\\\/#primaryimage\"},\"thumbnailUrl\":\"https:\\\/\\\/www.arquimaster.com.ar\\\/web\\\/wp-content\\\/uploads\\\/2019\\\/11\\\/casa_campo_lago_slide.jpg\",\"datePublished\":\"2019-11-05T23:36:12+00:00\",\"dateModified\":\"2021-01-29T20:16:34+00:00\",\"description\":\"Dos vol\u00famenes dislocados y separados por una franja de luz, logran incorporar al paisaje circundante por medio de la transparencia y los vac\u00edos.\",\"breadcrumb\":{\"@id\":\"https:\\\/\\\/www.arquimaster.com.ar\\\/web\\\/casa-campo-lago-echauri-morales-arquitectos\\\/#breadcrumb\"},\"inLanguage\":\"es\",\"potentialAction\":[{\"@type\":\"ReadAction\",\"target\":[\"https:\\\/\\\/www.arquimaster.com.ar\\\/web\\\/casa-campo-lago-echauri-morales-arquitectos\\\/\"]}]},{\"@type\":\"ImageObject\",\"inLanguage\":\"es\",\"@id\":\"https:\\\/\\\/www.arquimaster.com.ar\\\/web\\\/casa-campo-lago-echauri-morales-arquitectos\\\/#primaryimage\",\"url\":\"https:\\\/\\\/www.arquimaster.com.ar\\\/web\\\/wp-content\\\/uploads\\\/2019\\\/11\\\/casa_campo_lago_slide.jpg\",\"contentUrl\":\"https:\\\/\\\/www.arquimaster.com.ar\\\/web\\\/wp-content\\\/uploads\\\/2019\\\/11\\\/casa_campo_lago_slide.jpg\",\"width\":698,\"height\":364},{\"@type\":\"BreadcrumbList\",\"@id\":\"https:\\\/\\\/www.arquimaster.com.ar\\\/web\\\/casa-campo-lago-echauri-morales-arquitectos\\\/#breadcrumb\",\"itemListElement\":[{\"@type\":\"ListItem\",\"position\":1,\"name\":\"Portada\",\"item\":\"https:\\\/\\\/www.arquimaster.com.ar\\\/web\\\/\"},{\"@type\":\"ListItem\",\"position\":2,\"name\":\"Casa Campo Lago \\\/ Echauri Morales Arquitectos\"}]},{\"@type\":\"WebSite\",\"@id\":\"https:\\\/\\\/www.arquimaster.com.ar\\\/web\\\/#website\",\"url\":\"https:\\\/\\\/www.arquimaster.com.ar\\\/web\\\/\",\"name\":\"Arquimaster\",\"description\":\"Web de arquitectura, dise\u00f1o y construccion\",\"publisher\":{\"@id\":\"https:\\\/\\\/www.arquimaster.com.ar\\\/web\\\/#organization\"},\"potentialAction\":[{\"@type\":\"SearchAction\",\"target\":{\"@type\":\"EntryPoint\",\"urlTemplate\":\"https:\\\/\\\/www.arquimaster.com.ar\\\/web\\\/?s={search_term_string}\"},\"query-input\":{\"@type\":\"PropertyValueSpecification\",\"valueRequired\":true,\"valueName\":\"search_term_string\"}}],\"inLanguage\":\"es\"},{\"@type\":\"Organization\",\"@id\":\"https:\\\/\\\/www.arquimaster.com.ar\\\/web\\\/#organization\",\"name\":\"Arquimaster\",\"url\":\"https:\\\/\\\/www.arquimaster.com.ar\\\/web\\\/\",\"logo\":{\"@type\":\"ImageObject\",\"inLanguage\":\"es\",\"@id\":\"https:\\\/\\\/www.arquimaster.com.ar\\\/web\\\/#\\\/schema\\\/logo\\\/image\\\/\",\"url\":\"https:\\\/\\\/www.arquimaster.com.ar\\\/web\\\/wp-content\\\/uploads\\\/2022\\\/06\\\/arquimaster.png\",\"contentUrl\":\"https:\\\/\\\/www.arquimaster.com.ar\\\/web\\\/wp-content\\\/uploads\\\/2022\\\/06\\\/arquimaster.png\",\"width\":594,\"height\":78,\"caption\":\"Arquimaster\"},\"image\":{\"@id\":\"https:\\\/\\\/www.arquimaster.com.ar\\\/web\\\/#\\\/schema\\\/logo\\\/image\\\/\"},\"sameAs\":[\"http:\\\/\\\/www.facebook.com\\\/ARQUIMASTER.com.ar\",\"https:\\\/\\\/x.com\\\/arquimaster\",\"https:\\\/\\\/www.instagram.com\\\/arquimasterblog\\\/\",\"https:\\\/\\\/www.linkedin.com\\\/company\\\/arquimaster\",\"https:\\\/\\\/www.pinterest.com\\\/arquimaster\",\"https:\\\/\\\/t.me\\\/arquimaster\"]},{\"@type\":\"Person\",\"@id\":\"https:\\\/\\\/www.arquimaster.com.ar\\\/web\\\/#\\\/schema\\\/person\\\/359e9f7c00193fcde068e0dd2ceb0028\",\"name\":\"Arquimaster\"}]}<\/script>\n<!-- \/ Yoast SEO plugin. -->","yoast_head_json":{"title":"Casa Campo Lago \/ Echauri Morales Arquitectos - Arquimaster","description":"Dos vol\u00famenes dislocados y separados por una franja de luz, logran incorporar al paisaje circundante por medio de la transparencia y los vac\u00edos.","robots":{"index":"index","follow":"follow","max-snippet":"max-snippet:-1","max-image-preview":"max-image-preview:large","max-video-preview":"max-video-preview:-1"},"canonical":"https:\/\/www.arquimaster.com.ar\/web\/casa-campo-lago-echauri-morales-arquitectos\/","og_locale":"es_ES","og_type":"article","og_title":"Casa Campo Lago \/ Echauri Morales Arquitectos","og_description":"Dos vol\u00famenes dislocados y separados por una franja de luz, logran incorporar al paisaje circundante por medio de la transparencia y los vac\u00edos.","og_url":"https:\/\/www.arquimaster.com.ar\/web\/casa-campo-lago-echauri-morales-arquitectos\/","og_site_name":"Arquimaster","article_publisher":"http:\/\/www.facebook.com\/ARQUIMASTER.com.ar","article_published_time":"2019-11-05T23:36:12+00:00","article_modified_time":"2021-01-29T20:16:34+00:00","og_image":[{"width":698,"height":364,"url":"https:\/\/www.arquimaster.com.ar\/web\/wp-content\/uploads\/2019\/11\/casa_campo_lago_slide.jpg","type":"image\/jpeg"}],"author":"Arquimaster","twitter_card":"summary_large_image","twitter_title":"Casa Campo Lago \/ Echauri Morales Arquitectos","twitter_description":"Dos vol\u00famenes dislocados y separados por una franja de luz, logran incorporar al paisaje circundante por medio de la transparencia y los vac\u00edos.","twitter_image":"https:\/\/www.arquimaster.com.ar\/web\/wp-content\/uploads\/2019\/11\/casa_campo_lago_slide.jpg","twitter_creator":"@arquimaster","twitter_site":"@arquimaster","twitter_misc":{"Escrito por":"Arquimaster","Tiempo de lectura":"2 minutos"},"schema":{"@context":"https:\/\/schema.org","@graph":[{"@type":"Article","@id":"https:\/\/www.arquimaster.com.ar\/web\/casa-campo-lago-echauri-morales-arquitectos\/#article","isPartOf":{"@id":"https:\/\/www.arquimaster.com.ar\/web\/casa-campo-lago-echauri-morales-arquitectos\/"},"author":{"name":"Arquimaster","@id":"https:\/\/www.arquimaster.com.ar\/web\/#\/schema\/person\/359e9f7c00193fcde068e0dd2ceb0028"},"headline":"Casa Campo Lago \/ Echauri Morales Arquitectos","datePublished":"2019-11-05T23:36:12+00:00","dateModified":"2021-01-29T20:16:34+00:00","mainEntityOfPage":{"@id":"https:\/\/www.arquimaster.com.ar\/web\/casa-campo-lago-echauri-morales-arquitectos\/"},"wordCount":484,"publisher":{"@id":"https:\/\/www.arquimaster.com.ar\/web\/#organization"},"image":{"@id":"https:\/\/www.arquimaster.com.ar\/web\/casa-campo-lago-echauri-morales-arquitectos\/#primaryimage"},"thumbnailUrl":"https:\/\/www.arquimaster.com.ar\/web\/wp-content\/uploads\/2019\/11\/casa_campo_lago_slide.jpg","keywords":["\u00c1lvaro Morales Hern\u00e1ndez","Echauri Morales Arquitectos","Jalisco","Mexico","Miguel Echauri Corona","vivienda unifamiliar","Zapopan"],"articleSection":["Proyecto","Vivienda unifamiliar y PH"],"inLanguage":"es"},{"@type":"WebPage","@id":"https:\/\/www.arquimaster.com.ar\/web\/casa-campo-lago-echauri-morales-arquitectos\/","url":"https:\/\/www.arquimaster.com.ar\/web\/casa-campo-lago-echauri-morales-arquitectos\/","name":"Casa Campo Lago \/ Echauri Morales Arquitectos - Arquimaster","isPartOf":{"@id":"https:\/\/www.arquimaster.com.ar\/web\/#website"},"primaryImageOfPage":{"@id":"https:\/\/www.arquimaster.com.ar\/web\/casa-campo-lago-echauri-morales-arquitectos\/#primaryimage"},"image":{"@id":"https:\/\/www.arquimaster.com.ar\/web\/casa-campo-lago-echauri-morales-arquitectos\/#primaryimage"},"thumbnailUrl":"https:\/\/www.arquimaster.com.ar\/web\/wp-content\/uploads\/2019\/11\/casa_campo_lago_slide.jpg","datePublished":"2019-11-05T23:36:12+00:00","dateModified":"2021-01-29T20:16:34+00:00","description":"Dos vol\u00famenes dislocados y separados por una franja de luz, logran incorporar al paisaje circundante por medio de la transparencia y los vac\u00edos.","breadcrumb":{"@id":"https:\/\/www.arquimaster.com.ar\/web\/casa-campo-lago-echauri-morales-arquitectos\/#breadcrumb"},"inLanguage":"es","potentialAction":[{"@type":"ReadAction","target":["https:\/\/www.arquimaster.com.ar\/web\/casa-campo-lago-echauri-morales-arquitectos\/"]}]},{"@type":"ImageObject","inLanguage":"es","@id":"https:\/\/www.arquimaster.com.ar\/web\/casa-campo-lago-echauri-morales-arquitectos\/#primaryimage","url":"https:\/\/www.arquimaster.com.ar\/web\/wp-content\/uploads\/2019\/11\/casa_campo_lago_slide.jpg","contentUrl":"https:\/\/www.arquimaster.com.ar\/web\/wp-content\/uploads\/2019\/11\/casa_campo_lago_slide.jpg","width":698,"height":364},{"@type":"BreadcrumbList","@id":"https:\/\/www.arquimaster.com.ar\/web\/casa-campo-lago-echauri-morales-arquitectos\/#breadcrumb","itemListElement":[{"@type":"ListItem","position":1,"name":"Portada","item":"https:\/\/www.arquimaster.com.ar\/web\/"},{"@type":"ListItem","position":2,"name":"Casa Campo Lago \/ Echauri Morales Arquitectos"}]},{"@type":"WebSite","@id":"https:\/\/www.arquimaster.com.ar\/web\/#website","url":"https:\/\/www.arquimaster.com.ar\/web\/","name":"Arquimaster","description":"Web de arquitectura, dise\u00f1o y construccion","publisher":{"@id":"https:\/\/www.arquimaster.com.ar\/web\/#organization"},"potentialAction":[{"@type":"SearchAction","target":{"@type":"EntryPoint","urlTemplate":"https:\/\/www.arquimaster.com.ar\/web\/?s={search_term_string}"},"query-input":{"@type":"PropertyValueSpecification","valueRequired":true,"valueName":"search_term_string"}}],"inLanguage":"es"},{"@type":"Organization","@id":"https:\/\/www.arquimaster.com.ar\/web\/#organization","name":"Arquimaster","url":"https:\/\/www.arquimaster.com.ar\/web\/","logo":{"@type":"ImageObject","inLanguage":"es","@id":"https:\/\/www.arquimaster.com.ar\/web\/#\/schema\/logo\/image\/","url":"https:\/\/www.arquimaster.com.ar\/web\/wp-content\/uploads\/2022\/06\/arquimaster.png","contentUrl":"https:\/\/www.arquimaster.com.ar\/web\/wp-content\/uploads\/2022\/06\/arquimaster.png","width":594,"height":78,"caption":"Arquimaster"},"image":{"@id":"https:\/\/www.arquimaster.com.ar\/web\/#\/schema\/logo\/image\/"},"sameAs":["http:\/\/www.facebook.com\/ARQUIMASTER.com.ar","https:\/\/x.com\/arquimaster","https:\/\/www.instagram.com\/arquimasterblog\/","https:\/\/www.linkedin.com\/company\/arquimaster","https:\/\/www.pinterest.com\/arquimaster","https:\/\/t.me\/arquimaster"]},{"@type":"Person","@id":"https:\/\/www.arquimaster.com.ar\/web\/#\/schema\/person\/359e9f7c00193fcde068e0dd2ceb0028","name":"Arquimaster"}]}},"uagb_featured_image_src":{"full":["https:\/\/www.arquimaster.com.ar\/web\/wp-content\/uploads\/2019\/11\/casa_campo_lago_slide.jpg",698,364,false],"thumbnail":["https:\/\/www.arquimaster.com.ar\/web\/wp-content\/uploads\/2019\/11\/casa_campo_lago_slide-150x150.jpg",150,150,true],"medium":["https:\/\/www.arquimaster.com.ar\/web\/wp-content\/uploads\/2019\/11\/casa_campo_lago_slide.jpg",698,364,false],"medium_large":["https:\/\/www.arquimaster.com.ar\/web\/wp-content\/uploads\/2019\/11\/casa_campo_lago_slide.jpg",698,364,false],"large":["https:\/\/www.arquimaster.com.ar\/web\/wp-content\/uploads\/2019\/11\/casa_campo_lago_slide.jpg",698,364,false],"1536x1536":["https:\/\/www.arquimaster.com.ar\/web\/wp-content\/uploads\/2019\/11\/casa_campo_lago_slide.jpg",698,364,false],"2048x2048":["https:\/\/www.arquimaster.com.ar\/web\/wp-content\/uploads\/2019\/11\/casa_campo_lago_slide.jpg",698,364,false]},"uagb_author_info":{"display_name":"Arquimaster","author_link":"https:\/\/www.arquimaster.com.ar\/web\/author\/arquimaster\/"},"uagb_comment_info":0,"uagb_excerpt":"Dos vol\u00famenes dislocados y separados por una franja de luz, logran incorporar al paisaje...","_links":{"self":[{"href":"https:\/\/www.arquimaster.com.ar\/web\/wp-json\/wp\/v2\/posts\/49474","targetHints":{"allow":["GET"]}}],"collection":[{"href":"https:\/\/www.arquimaster.com.ar\/web\/wp-json\/wp\/v2\/posts"}],"about":[{"href":"https:\/\/www.arquimaster.com.ar\/web\/wp-json\/wp\/v2\/types\/post"}],"author":[{"embeddable":true,"href":"https:\/\/www.arquimaster.com.ar\/web\/wp-json\/wp\/v2\/users\/1"}],"replies":[{"embeddable":true,"href":"https:\/\/www.arquimaster.com.ar\/web\/wp-json\/wp\/v2\/comments?post=49474"}],"version-history":[{"count":2,"href":"https:\/\/www.arquimaster.com.ar\/web\/wp-json\/wp\/v2\/posts\/49474\/revisions"}],"predecessor-version":[{"id":62576,"href":"https:\/\/www.arquimaster.com.ar\/web\/wp-json\/wp\/v2\/posts\/49474\/revisions\/62576"}],"wp:featuredmedia":[{"embeddable":true,"href":"https:\/\/www.arquimaster.com.ar\/web\/wp-json\/wp\/v2\/media\/49475"}],"wp:attachment":[{"href":"https:\/\/www.arquimaster.com.ar\/web\/wp-json\/wp\/v2\/media?parent=49474"}],"wp:term":[{"taxonomy":"category","embeddable":true,"href":"https:\/\/www.arquimaster.com.ar\/web\/wp-json\/wp\/v2\/categories?post=49474"},{"taxonomy":"post_tag","embeddable":true,"href":"https:\/\/www.arquimaster.com.ar\/web\/wp-json\/wp\/v2\/tags?post=49474"}],"curies":[{"name":"wp","href":"https:\/\/api.w.org\/{rel}","templated":true}]}}