{"id":49584,"date":"2019-11-12T18:08:48","date_gmt":"2019-11-12T21:08:48","guid":{"rendered":"https:\/\/www.arquimaster.com.ar\/web\/?p=49584"},"modified":"2025-08-04T14:57:06","modified_gmt":"2025-08-04T17:57:06","slug":"una-disenadora-argentina-fue-elegida-para-participar-en-el-festival-de-la-luz-de-berlin","status":"publish","type":"post","link":"https:\/\/www.arquimaster.com.ar\/web\/una-disenadora-argentina-fue-elegida-para-participar-en-el-festival-de-la-luz-de-berlin\/","title":{"rendered":"Una dise\u00f1adora argentina fue elegida para participar en el Festival de la Luz de Berlin"},"content":{"rendered":"<div style=\"margin-top: 0px; margin-bottom: 0px;\" class=\"sharethis-inline-share-buttons\" ><\/div><div class=\"b812932af2e751442846f039925109de\" data-index=\"1\" style=\"float: none; margin:25px 0 25px 0; text-align:center;\">\n<script async src=\"https:\/\/pagead2.googlesyndication.com\/pagead\/js\/adsbygoogle.js\"><\/script>\r\n<!-- Arquimaster (superior) -->\r\n<ins class=\"adsbygoogle\"\r\n     style=\"display:block\"\r\n     data-ad-client=\"ca-pub-6351072698456832\"\r\n     data-ad-slot=\"6455489680\"\r\n     data-ad-format=\"auto\"\r\n     data-full-width-responsive=\"true\"><\/ins>\r\n<script>\r\n     (adsbygoogle = window.adsbygoogle || []).push({});\r\n<\/script>\n<\/div>\n<p><em><strong>Del 22 al 30 de noviembre, Carolina Levy presentar\u00e1 su instalaci\u00f3n \u00abNocturno\u00bb, en el Club YAAM de esa ciudad alemana.<\/strong><\/em><\/p>\n<p>La dise\u00f1adora argentina <strong>Carolina Levy<\/strong> fue seleccionada por el grupo \u00abGather Around Light\u00bb para realizar una instalaci\u00f3n lum\u00ednica en el Festival f\u00fcr Urbane Lichtkultur (Festival por la luz de la Cultura Urbana) , que se realizar\u00e1 del 22 al 30 de noviembre en el Club YAAM, Berl\u00edn, Alemania.<\/p>\n<p>El Festival f\u00fcr Urbane Lichtkultur se centrar\u00e1 en el tema \u00abLuz desde diferentes \u00e1ngulos de la cultura nocturna\u00bb. All\u00ed, no s\u00f3lo se crear\u00e1n experimentos espaciales alrededor de la conferencia \u00abCity After Eight\u00bb en el club berlin\u00e9s YAAM, sino tambi\u00e9n que se analizar\u00e1 c\u00f3mo se trabaja la luz en la sociedad urbana durante la noche. La iniciativa \u00abGather Around Light\u00bb sigue este contexto y participa como socio en el \u00abFestival por la luz de la Cultura Urbana\u00bb.<\/p>\n<p>Carolina es Dise\u00f1adora Especializada en Iluminaci\u00f3n, formada como investigadora en el Laboratorio de Investigaci\u00f3n Cient\u00edfica de Holograf\u00eda de la UBA (Universidad de Buenos Aires). <em>\u00abEn cada proyecto siempre estoy buscando satisfacer las funciones requeridas, cuidando la est\u00e9tica y el confort visual\u00bb<\/em>.<\/p>\n<p>La instalaci\u00f3n que presentar\u00e1 en el Festival se llama \u00abNocturno\u00bb para mostrar que en el centro de la ciudad hay un lugar donde se puede caminar con la compa\u00f1\u00eda de una bella y peque\u00f1a flora luminiscente.<\/p>\n<p>Se trata de una escena en un medioambiente oscuro y on\u00edrico donde se destacan \u00abcolores luz\u00bb sobre la vegetaci\u00f3n y algunos organismos vivos luminiscentes, algunos de ellos caracter\u00edsticos de mares o cuevas. Estos organismos le ense\u00f1an al participante de la experiencia el camino que debe atravesar en esta atm\u00f3sfera.<\/p>\n<p><em>\u00abLa idea es traer un poco de poes\u00eda a la ciudad. Mostrar que la seguridad te acompa\u00f1a y, de esta manera, hablar de entornos y ciudades m\u00e1s seguras\u00bb<\/em>, explica Levy sobre la instalaci\u00f3n. \u00ab<em>Amo crear espacios, climas, en cada ambiente o lugar\u00bb<\/em>.<\/p>\n<p><strong>Sobre Carolina Levy<\/strong><br \/>\nCarolina Levy es Dise\u00f1adora Especializada en Iluminaci\u00f3n, Consultora en Ahorro Energ\u00e9tico y Nuevas Tecnolog\u00edas, formada como investigadora en el Laboratorio de Investigaci\u00f3n Cient\u00edfica de Holograf\u00eda de la UBA (Universidad de Buenos Aires). Recibi\u00f3 el Primer Premio en BIEL 2013 Light + Building Certificate ELI (Efficient lighting Initiative) por el dise\u00f1o de iluminaci\u00f3n en el Castillo Pl\u00e1cido Mar\u00edn de la Universidad de San Isidro. Y BIEL 2011 Light + Building Certificate ELI por el dise\u00f1o de iluminaci\u00f3n en Showroom Altea. Dise\u00f1\u00f3, produjo, expuso y comercializ\u00f3 luminarias con Holograf\u00eda en diferentes concursos y convocatorias. Realiz\u00f3 ambientaciones especiales, trabaj\u00f3 en empresas de iluminaci\u00f3n y fue consultora de iluminaci\u00f3n en estudios de iluminaci\u00f3n durante los \u00faltimos 17 a\u00f1os. Adem\u00e1s, es docente en diferentes Universidades. Coordin\u00f3 GrupoFARO, donde organizaban pr\u00e1cticas y experiencias lum\u00ednicas, en edificios emblem\u00e1ticos y monumentos hist\u00f3ricos. Dirigi\u00f3 Tours Nocturnos con la Sociedad Central de Arquitectos y Casco Hist\u00f3rico de Buenos Aires. Actualmente est\u00e1 investigando el alumbrado p\u00fablico en diferentes ciudades.<\/p>\n\n<div style=\"font-size: 0px; height: 0px; line-height: 0px; margin: 0; padding: 0; clear: both;\"><\/div><div style=\"margin-top: 0px; margin-bottom: 0px;\" class=\"sharethis-inline-share-buttons\" ><\/div>","protected":false},"excerpt":{"rendered":"<p>El Festival se centrar\u00e1 en el tema \u00abLuz desde diferentes \u00e1ngulos de la cultura nocturna\u00bb&#8230;<\/p>\n","protected":false},"author":1,"featured_media":49585,"comment_status":"closed","ping_status":"closed","sticky":false,"template":"","format":"standard","meta":{"_uag_custom_page_level_css":"","footnotes":""},"categories":[70,68],"tags":[3092,1066,790,932],"class_list":["post-49584","post","type-post","status-publish","format-standard","has-post-thumbnail","hentry","category-noticias-arquitectura","category-novedades","tag-berlin","tag-carolina-levy","tag-diseno-de-iluminacion-2","tag-festival","generate-columns","tablet-grid-50","mobile-grid-100","grid-parent","grid-50"],"yoast_head":"<!-- This site is optimized with the Yoast SEO plugin v27.3 - https:\/\/yoast.com\/product\/yoast-seo-wordpress\/ -->\n<title>Una dise\u00f1adora argentina fue elegida para participar en el Festival de la Luz de Berlin - Arquimaster<\/title>\n<meta name=\"description\" content=\"El Festival se centrar\u00e1 en el tema &quot;Luz desde diferentes \u00e1ngulos de la cultura nocturna&quot;.\" \/>\n<meta name=\"robots\" content=\"index, follow, max-snippet:-1, max-image-preview:large, max-video-preview:-1\" \/>\n<link rel=\"canonical\" href=\"https:\/\/www.arquimaster.com.ar\/web\/una-disenadora-argentina-fue-elegida-para-participar-en-el-festival-de-la-luz-de-berlin\/\" \/>\n<meta property=\"og:locale\" content=\"es_ES\" \/>\n<meta property=\"og:type\" content=\"article\" \/>\n<meta property=\"og:title\" content=\"Una dise\u00f1adora argentina fue elegida para participar en el Festival de la Luz de Berlin\" \/>\n<meta property=\"og:description\" content=\"El Festival se centrar\u00e1 en el tema &quot;Luz desde diferentes \u00e1ngulos de la cultura nocturna&quot;.\" \/>\n<meta property=\"og:url\" content=\"https:\/\/www.arquimaster.com.ar\/web\/una-disenadora-argentina-fue-elegida-para-participar-en-el-festival-de-la-luz-de-berlin\/\" \/>\n<meta property=\"og:site_name\" content=\"Arquimaster\" \/>\n<meta property=\"article:publisher\" content=\"http:\/\/www.facebook.com\/ARQUIMASTER.com.ar\" \/>\n<meta property=\"article:published_time\" content=\"2019-11-12T21:08:48+00:00\" \/>\n<meta property=\"article:modified_time\" content=\"2025-08-04T17:57:06+00:00\" \/>\n<meta property=\"og:image\" content=\"https:\/\/www.arquimaster.com.ar\/web\/wp-content\/uploads\/2019\/11\/carolina_levy_festival_luz_berlin_slide.jpg\" \/>\n\t<meta property=\"og:image:width\" content=\"698\" \/>\n\t<meta property=\"og:image:height\" content=\"364\" \/>\n\t<meta property=\"og:image:type\" content=\"image\/jpeg\" \/>\n<meta name=\"author\" content=\"Arquimaster\" \/>\n<meta name=\"twitter:card\" content=\"summary_large_image\" \/>\n<meta name=\"twitter:title\" content=\"Una dise\u00f1adora argentina fue elegida para participar en el Festival de la Luz de Berlin\" \/>\n<meta name=\"twitter:description\" content=\"El Festival se centrar\u00e1 en el tema &quot;Luz desde diferentes \u00e1ngulos de la cultura nocturna&quot;.\" \/>\n<meta name=\"twitter:image\" content=\"https:\/\/www.arquimaster.com.ar\/web\/wp-content\/uploads\/2019\/11\/carolina_levy_festival_luz_berlin_slide.jpg\" \/>\n<meta name=\"twitter:creator\" content=\"@arquimaster\" \/>\n<meta name=\"twitter:site\" content=\"@arquimaster\" \/>\n<meta name=\"twitter:label1\" content=\"Escrito por\" \/>\n\t<meta name=\"twitter:data1\" content=\"Arquimaster\" \/>\n\t<meta name=\"twitter:label2\" content=\"Tiempo de lectura\" \/>\n\t<meta name=\"twitter:data2\" content=\"3 minutos\" \/>\n<script type=\"application\/ld+json\" class=\"yoast-schema-graph\">{\"@context\":\"https:\\\/\\\/schema.org\",\"@graph\":[{\"@type\":\"Article\",\"@id\":\"https:\\\/\\\/www.arquimaster.com.ar\\\/web\\\/una-disenadora-argentina-fue-elegida-para-participar-en-el-festival-de-la-luz-de-berlin\\\/#article\",\"isPartOf\":{\"@id\":\"https:\\\/\\\/www.arquimaster.com.ar\\\/web\\\/una-disenadora-argentina-fue-elegida-para-participar-en-el-festival-de-la-luz-de-berlin\\\/\"},\"author\":{\"name\":\"Arquimaster\",\"@id\":\"https:\\\/\\\/www.arquimaster.com.ar\\\/web\\\/#\\\/schema\\\/person\\\/359e9f7c00193fcde068e0dd2ceb0028\"},\"headline\":\"Una dise\u00f1adora argentina fue elegida para participar en el Festival de la Luz de Berlin\",\"datePublished\":\"2019-11-12T21:08:48+00:00\",\"dateModified\":\"2025-08-04T17:57:06+00:00\",\"mainEntityOfPage\":{\"@id\":\"https:\\\/\\\/www.arquimaster.com.ar\\\/web\\\/una-disenadora-argentina-fue-elegida-para-participar-en-el-festival-de-la-luz-de-berlin\\\/\"},\"wordCount\":534,\"publisher\":{\"@id\":\"https:\\\/\\\/www.arquimaster.com.ar\\\/web\\\/#organization\"},\"image\":{\"@id\":\"https:\\\/\\\/www.arquimaster.com.ar\\\/web\\\/una-disenadora-argentina-fue-elegida-para-participar-en-el-festival-de-la-luz-de-berlin\\\/#primaryimage\"},\"thumbnailUrl\":\"https:\\\/\\\/www.arquimaster.com.ar\\\/web\\\/wp-content\\\/uploads\\\/2019\\\/11\\\/carolina_levy_festival_luz_berlin_slide.jpg\",\"keywords\":[\"Berlin\",\"Carolina Levy\",\"dise\u00f1o de iluminacion\",\"festival\"],\"articleSection\":[\"Noticias de arquitectura y dise\u00f1o\",\"Novedades\"],\"inLanguage\":\"es\"},{\"@type\":\"WebPage\",\"@id\":\"https:\\\/\\\/www.arquimaster.com.ar\\\/web\\\/una-disenadora-argentina-fue-elegida-para-participar-en-el-festival-de-la-luz-de-berlin\\\/\",\"url\":\"https:\\\/\\\/www.arquimaster.com.ar\\\/web\\\/una-disenadora-argentina-fue-elegida-para-participar-en-el-festival-de-la-luz-de-berlin\\\/\",\"name\":\"Una dise\u00f1adora argentina fue elegida para participar en el Festival de la Luz de Berlin - Arquimaster\",\"isPartOf\":{\"@id\":\"https:\\\/\\\/www.arquimaster.com.ar\\\/web\\\/#website\"},\"primaryImageOfPage\":{\"@id\":\"https:\\\/\\\/www.arquimaster.com.ar\\\/web\\\/una-disenadora-argentina-fue-elegida-para-participar-en-el-festival-de-la-luz-de-berlin\\\/#primaryimage\"},\"image\":{\"@id\":\"https:\\\/\\\/www.arquimaster.com.ar\\\/web\\\/una-disenadora-argentina-fue-elegida-para-participar-en-el-festival-de-la-luz-de-berlin\\\/#primaryimage\"},\"thumbnailUrl\":\"https:\\\/\\\/www.arquimaster.com.ar\\\/web\\\/wp-content\\\/uploads\\\/2019\\\/11\\\/carolina_levy_festival_luz_berlin_slide.jpg\",\"datePublished\":\"2019-11-12T21:08:48+00:00\",\"dateModified\":\"2025-08-04T17:57:06+00:00\",\"description\":\"El Festival se centrar\u00e1 en el tema \\\"Luz desde diferentes \u00e1ngulos de la cultura nocturna\\\".\",\"breadcrumb\":{\"@id\":\"https:\\\/\\\/www.arquimaster.com.ar\\\/web\\\/una-disenadora-argentina-fue-elegida-para-participar-en-el-festival-de-la-luz-de-berlin\\\/#breadcrumb\"},\"inLanguage\":\"es\",\"potentialAction\":[{\"@type\":\"ReadAction\",\"target\":[\"https:\\\/\\\/www.arquimaster.com.ar\\\/web\\\/una-disenadora-argentina-fue-elegida-para-participar-en-el-festival-de-la-luz-de-berlin\\\/\"]}]},{\"@type\":\"ImageObject\",\"inLanguage\":\"es\",\"@id\":\"https:\\\/\\\/www.arquimaster.com.ar\\\/web\\\/una-disenadora-argentina-fue-elegida-para-participar-en-el-festival-de-la-luz-de-berlin\\\/#primaryimage\",\"url\":\"https:\\\/\\\/www.arquimaster.com.ar\\\/web\\\/wp-content\\\/uploads\\\/2019\\\/11\\\/carolina_levy_festival_luz_berlin_slide.jpg\",\"contentUrl\":\"https:\\\/\\\/www.arquimaster.com.ar\\\/web\\\/wp-content\\\/uploads\\\/2019\\\/11\\\/carolina_levy_festival_luz_berlin_slide.jpg\",\"width\":698,\"height\":364},{\"@type\":\"BreadcrumbList\",\"@id\":\"https:\\\/\\\/www.arquimaster.com.ar\\\/web\\\/una-disenadora-argentina-fue-elegida-para-participar-en-el-festival-de-la-luz-de-berlin\\\/#breadcrumb\",\"itemListElement\":[{\"@type\":\"ListItem\",\"position\":1,\"name\":\"Portada\",\"item\":\"https:\\\/\\\/www.arquimaster.com.ar\\\/web\\\/\"},{\"@type\":\"ListItem\",\"position\":2,\"name\":\"Una dise\u00f1adora argentina fue elegida para participar en el Festival de la Luz de Berlin\"}]},{\"@type\":\"WebSite\",\"@id\":\"https:\\\/\\\/www.arquimaster.com.ar\\\/web\\\/#website\",\"url\":\"https:\\\/\\\/www.arquimaster.com.ar\\\/web\\\/\",\"name\":\"Arquimaster\",\"description\":\"Web de arquitectura, dise\u00f1o y construccion\",\"publisher\":{\"@id\":\"https:\\\/\\\/www.arquimaster.com.ar\\\/web\\\/#organization\"},\"potentialAction\":[{\"@type\":\"SearchAction\",\"target\":{\"@type\":\"EntryPoint\",\"urlTemplate\":\"https:\\\/\\\/www.arquimaster.com.ar\\\/web\\\/?s={search_term_string}\"},\"query-input\":{\"@type\":\"PropertyValueSpecification\",\"valueRequired\":true,\"valueName\":\"search_term_string\"}}],\"inLanguage\":\"es\"},{\"@type\":\"Organization\",\"@id\":\"https:\\\/\\\/www.arquimaster.com.ar\\\/web\\\/#organization\",\"name\":\"Arquimaster\",\"url\":\"https:\\\/\\\/www.arquimaster.com.ar\\\/web\\\/\",\"logo\":{\"@type\":\"ImageObject\",\"inLanguage\":\"es\",\"@id\":\"https:\\\/\\\/www.arquimaster.com.ar\\\/web\\\/#\\\/schema\\\/logo\\\/image\\\/\",\"url\":\"https:\\\/\\\/www.arquimaster.com.ar\\\/web\\\/wp-content\\\/uploads\\\/2022\\\/06\\\/arquimaster.png\",\"contentUrl\":\"https:\\\/\\\/www.arquimaster.com.ar\\\/web\\\/wp-content\\\/uploads\\\/2022\\\/06\\\/arquimaster.png\",\"width\":594,\"height\":78,\"caption\":\"Arquimaster\"},\"image\":{\"@id\":\"https:\\\/\\\/www.arquimaster.com.ar\\\/web\\\/#\\\/schema\\\/logo\\\/image\\\/\"},\"sameAs\":[\"http:\\\/\\\/www.facebook.com\\\/ARQUIMASTER.com.ar\",\"https:\\\/\\\/x.com\\\/arquimaster\",\"https:\\\/\\\/www.instagram.com\\\/arquimasterblog\\\/\",\"https:\\\/\\\/www.linkedin.com\\\/company\\\/arquimaster\",\"https:\\\/\\\/www.pinterest.com\\\/arquimaster\",\"https:\\\/\\\/t.me\\\/arquimaster\"]},{\"@type\":\"Person\",\"@id\":\"https:\\\/\\\/www.arquimaster.com.ar\\\/web\\\/#\\\/schema\\\/person\\\/359e9f7c00193fcde068e0dd2ceb0028\",\"name\":\"Arquimaster\"}]}<\/script>\n<!-- \/ Yoast SEO plugin. -->","yoast_head_json":{"title":"Una dise\u00f1adora argentina fue elegida para participar en el Festival de la Luz de Berlin - Arquimaster","description":"El Festival se centrar\u00e1 en el tema \"Luz desde diferentes \u00e1ngulos de la cultura nocturna\".","robots":{"index":"index","follow":"follow","max-snippet":"max-snippet:-1","max-image-preview":"max-image-preview:large","max-video-preview":"max-video-preview:-1"},"canonical":"https:\/\/www.arquimaster.com.ar\/web\/una-disenadora-argentina-fue-elegida-para-participar-en-el-festival-de-la-luz-de-berlin\/","og_locale":"es_ES","og_type":"article","og_title":"Una dise\u00f1adora argentina fue elegida para participar en el Festival de la Luz de Berlin","og_description":"El Festival se centrar\u00e1 en el tema \"Luz desde diferentes \u00e1ngulos de la cultura nocturna\".","og_url":"https:\/\/www.arquimaster.com.ar\/web\/una-disenadora-argentina-fue-elegida-para-participar-en-el-festival-de-la-luz-de-berlin\/","og_site_name":"Arquimaster","article_publisher":"http:\/\/www.facebook.com\/ARQUIMASTER.com.ar","article_published_time":"2019-11-12T21:08:48+00:00","article_modified_time":"2025-08-04T17:57:06+00:00","og_image":[{"width":698,"height":364,"url":"https:\/\/www.arquimaster.com.ar\/web\/wp-content\/uploads\/2019\/11\/carolina_levy_festival_luz_berlin_slide.jpg","type":"image\/jpeg"}],"author":"Arquimaster","twitter_card":"summary_large_image","twitter_title":"Una dise\u00f1adora argentina fue elegida para participar en el Festival de la Luz de Berlin","twitter_description":"El Festival se centrar\u00e1 en el tema \"Luz desde diferentes \u00e1ngulos de la cultura nocturna\".","twitter_image":"https:\/\/www.arquimaster.com.ar\/web\/wp-content\/uploads\/2019\/11\/carolina_levy_festival_luz_berlin_slide.jpg","twitter_creator":"@arquimaster","twitter_site":"@arquimaster","twitter_misc":{"Escrito por":"Arquimaster","Tiempo de lectura":"3 minutos"},"schema":{"@context":"https:\/\/schema.org","@graph":[{"@type":"Article","@id":"https:\/\/www.arquimaster.com.ar\/web\/una-disenadora-argentina-fue-elegida-para-participar-en-el-festival-de-la-luz-de-berlin\/#article","isPartOf":{"@id":"https:\/\/www.arquimaster.com.ar\/web\/una-disenadora-argentina-fue-elegida-para-participar-en-el-festival-de-la-luz-de-berlin\/"},"author":{"name":"Arquimaster","@id":"https:\/\/www.arquimaster.com.ar\/web\/#\/schema\/person\/359e9f7c00193fcde068e0dd2ceb0028"},"headline":"Una dise\u00f1adora argentina fue elegida para participar en el Festival de la Luz de Berlin","datePublished":"2019-11-12T21:08:48+00:00","dateModified":"2025-08-04T17:57:06+00:00","mainEntityOfPage":{"@id":"https:\/\/www.arquimaster.com.ar\/web\/una-disenadora-argentina-fue-elegida-para-participar-en-el-festival-de-la-luz-de-berlin\/"},"wordCount":534,"publisher":{"@id":"https:\/\/www.arquimaster.com.ar\/web\/#organization"},"image":{"@id":"https:\/\/www.arquimaster.com.ar\/web\/una-disenadora-argentina-fue-elegida-para-participar-en-el-festival-de-la-luz-de-berlin\/#primaryimage"},"thumbnailUrl":"https:\/\/www.arquimaster.com.ar\/web\/wp-content\/uploads\/2019\/11\/carolina_levy_festival_luz_berlin_slide.jpg","keywords":["Berlin","Carolina Levy","dise\u00f1o de iluminacion","festival"],"articleSection":["Noticias de arquitectura y dise\u00f1o","Novedades"],"inLanguage":"es"},{"@type":"WebPage","@id":"https:\/\/www.arquimaster.com.ar\/web\/una-disenadora-argentina-fue-elegida-para-participar-en-el-festival-de-la-luz-de-berlin\/","url":"https:\/\/www.arquimaster.com.ar\/web\/una-disenadora-argentina-fue-elegida-para-participar-en-el-festival-de-la-luz-de-berlin\/","name":"Una dise\u00f1adora argentina fue elegida para participar en el Festival de la Luz de Berlin - Arquimaster","isPartOf":{"@id":"https:\/\/www.arquimaster.com.ar\/web\/#website"},"primaryImageOfPage":{"@id":"https:\/\/www.arquimaster.com.ar\/web\/una-disenadora-argentina-fue-elegida-para-participar-en-el-festival-de-la-luz-de-berlin\/#primaryimage"},"image":{"@id":"https:\/\/www.arquimaster.com.ar\/web\/una-disenadora-argentina-fue-elegida-para-participar-en-el-festival-de-la-luz-de-berlin\/#primaryimage"},"thumbnailUrl":"https:\/\/www.arquimaster.com.ar\/web\/wp-content\/uploads\/2019\/11\/carolina_levy_festival_luz_berlin_slide.jpg","datePublished":"2019-11-12T21:08:48+00:00","dateModified":"2025-08-04T17:57:06+00:00","description":"El Festival se centrar\u00e1 en el tema \"Luz desde diferentes \u00e1ngulos de la cultura nocturna\".","breadcrumb":{"@id":"https:\/\/www.arquimaster.com.ar\/web\/una-disenadora-argentina-fue-elegida-para-participar-en-el-festival-de-la-luz-de-berlin\/#breadcrumb"},"inLanguage":"es","potentialAction":[{"@type":"ReadAction","target":["https:\/\/www.arquimaster.com.ar\/web\/una-disenadora-argentina-fue-elegida-para-participar-en-el-festival-de-la-luz-de-berlin\/"]}]},{"@type":"ImageObject","inLanguage":"es","@id":"https:\/\/www.arquimaster.com.ar\/web\/una-disenadora-argentina-fue-elegida-para-participar-en-el-festival-de-la-luz-de-berlin\/#primaryimage","url":"https:\/\/www.arquimaster.com.ar\/web\/wp-content\/uploads\/2019\/11\/carolina_levy_festival_luz_berlin_slide.jpg","contentUrl":"https:\/\/www.arquimaster.com.ar\/web\/wp-content\/uploads\/2019\/11\/carolina_levy_festival_luz_berlin_slide.jpg","width":698,"height":364},{"@type":"BreadcrumbList","@id":"https:\/\/www.arquimaster.com.ar\/web\/una-disenadora-argentina-fue-elegida-para-participar-en-el-festival-de-la-luz-de-berlin\/#breadcrumb","itemListElement":[{"@type":"ListItem","position":1,"name":"Portada","item":"https:\/\/www.arquimaster.com.ar\/web\/"},{"@type":"ListItem","position":2,"name":"Una dise\u00f1adora argentina fue elegida para participar en el Festival de la Luz de Berlin"}]},{"@type":"WebSite","@id":"https:\/\/www.arquimaster.com.ar\/web\/#website","url":"https:\/\/www.arquimaster.com.ar\/web\/","name":"Arquimaster","description":"Web de arquitectura, dise\u00f1o y construccion","publisher":{"@id":"https:\/\/www.arquimaster.com.ar\/web\/#organization"},"potentialAction":[{"@type":"SearchAction","target":{"@type":"EntryPoint","urlTemplate":"https:\/\/www.arquimaster.com.ar\/web\/?s={search_term_string}"},"query-input":{"@type":"PropertyValueSpecification","valueRequired":true,"valueName":"search_term_string"}}],"inLanguage":"es"},{"@type":"Organization","@id":"https:\/\/www.arquimaster.com.ar\/web\/#organization","name":"Arquimaster","url":"https:\/\/www.arquimaster.com.ar\/web\/","logo":{"@type":"ImageObject","inLanguage":"es","@id":"https:\/\/www.arquimaster.com.ar\/web\/#\/schema\/logo\/image\/","url":"https:\/\/www.arquimaster.com.ar\/web\/wp-content\/uploads\/2022\/06\/arquimaster.png","contentUrl":"https:\/\/www.arquimaster.com.ar\/web\/wp-content\/uploads\/2022\/06\/arquimaster.png","width":594,"height":78,"caption":"Arquimaster"},"image":{"@id":"https:\/\/www.arquimaster.com.ar\/web\/#\/schema\/logo\/image\/"},"sameAs":["http:\/\/www.facebook.com\/ARQUIMASTER.com.ar","https:\/\/x.com\/arquimaster","https:\/\/www.instagram.com\/arquimasterblog\/","https:\/\/www.linkedin.com\/company\/arquimaster","https:\/\/www.pinterest.com\/arquimaster","https:\/\/t.me\/arquimaster"]},{"@type":"Person","@id":"https:\/\/www.arquimaster.com.ar\/web\/#\/schema\/person\/359e9f7c00193fcde068e0dd2ceb0028","name":"Arquimaster"}]}},"uagb_featured_image_src":{"full":["https:\/\/www.arquimaster.com.ar\/web\/wp-content\/uploads\/2019\/11\/carolina_levy_festival_luz_berlin_slide.jpg",698,364,false],"thumbnail":["https:\/\/www.arquimaster.com.ar\/web\/wp-content\/uploads\/2019\/11\/carolina_levy_festival_luz_berlin_slide-150x150.jpg",150,150,true],"medium":["https:\/\/www.arquimaster.com.ar\/web\/wp-content\/uploads\/2019\/11\/carolina_levy_festival_luz_berlin_slide.jpg",698,364,false],"medium_large":["https:\/\/www.arquimaster.com.ar\/web\/wp-content\/uploads\/2019\/11\/carolina_levy_festival_luz_berlin_slide.jpg",698,364,false],"large":["https:\/\/www.arquimaster.com.ar\/web\/wp-content\/uploads\/2019\/11\/carolina_levy_festival_luz_berlin_slide.jpg",698,364,false],"1536x1536":["https:\/\/www.arquimaster.com.ar\/web\/wp-content\/uploads\/2019\/11\/carolina_levy_festival_luz_berlin_slide.jpg",698,364,false],"2048x2048":["https:\/\/www.arquimaster.com.ar\/web\/wp-content\/uploads\/2019\/11\/carolina_levy_festival_luz_berlin_slide.jpg",698,364,false]},"uagb_author_info":{"display_name":"Arquimaster","author_link":"https:\/\/www.arquimaster.com.ar\/web\/author\/arquimaster\/"},"uagb_comment_info":0,"uagb_excerpt":"El Festival se centrar\u00e1 en el tema \"Luz desde diferentes \u00e1ngulos de la cultura nocturna\"...","_links":{"self":[{"href":"https:\/\/www.arquimaster.com.ar\/web\/wp-json\/wp\/v2\/posts\/49584","targetHints":{"allow":["GET"]}}],"collection":[{"href":"https:\/\/www.arquimaster.com.ar\/web\/wp-json\/wp\/v2\/posts"}],"about":[{"href":"https:\/\/www.arquimaster.com.ar\/web\/wp-json\/wp\/v2\/types\/post"}],"author":[{"embeddable":true,"href":"https:\/\/www.arquimaster.com.ar\/web\/wp-json\/wp\/v2\/users\/1"}],"replies":[{"embeddable":true,"href":"https:\/\/www.arquimaster.com.ar\/web\/wp-json\/wp\/v2\/comments?post=49584"}],"version-history":[{"count":2,"href":"https:\/\/www.arquimaster.com.ar\/web\/wp-json\/wp\/v2\/posts\/49584\/revisions"}],"predecessor-version":[{"id":85579,"href":"https:\/\/www.arquimaster.com.ar\/web\/wp-json\/wp\/v2\/posts\/49584\/revisions\/85579"}],"wp:featuredmedia":[{"embeddable":true,"href":"https:\/\/www.arquimaster.com.ar\/web\/wp-json\/wp\/v2\/media\/49585"}],"wp:attachment":[{"href":"https:\/\/www.arquimaster.com.ar\/web\/wp-json\/wp\/v2\/media?parent=49584"}],"wp:term":[{"taxonomy":"category","embeddable":true,"href":"https:\/\/www.arquimaster.com.ar\/web\/wp-json\/wp\/v2\/categories?post=49584"},{"taxonomy":"post_tag","embeddable":true,"href":"https:\/\/www.arquimaster.com.ar\/web\/wp-json\/wp\/v2\/tags?post=49584"}],"curies":[{"name":"wp","href":"https:\/\/api.w.org\/{rel}","templated":true}]}}