{"id":49800,"date":"2019-11-20T21:04:00","date_gmt":"2019-11-21T00:04:00","guid":{"rendered":"https:\/\/www.arquimaster.com.ar\/web\/?p=49800"},"modified":"2019-11-21T12:55:52","modified_gmt":"2019-11-21T15:55:52","slug":"reforma-de-vivienda-para-cristina-y-juan-carlos-pablo-munoz-paya-arquitectos","status":"publish","type":"post","link":"https:\/\/www.arquimaster.com.ar\/web\/reforma-de-vivienda-para-cristina-y-juan-carlos-pablo-munoz-paya-arquitectos\/","title":{"rendered":"Reforma de vivienda para Cristina y Juan Carlos \/ Pablo Mu\u00f1oz Pay\u00e1 Arquitectos"},"content":{"rendered":"<div style=\"margin-top: 0px; margin-bottom: 0px;\" class=\"sharethis-inline-share-buttons\" ><\/div><div class=\"b812932af2e751442846f039925109de\" data-index=\"1\" style=\"float: none; margin:25px 0 25px 0; text-align:center;\">\n<script async src=\"https:\/\/pagead2.googlesyndication.com\/pagead\/js\/adsbygoogle.js\"><\/script>\r\n<!-- Arquimaster (superior) -->\r\n<ins class=\"adsbygoogle\"\r\n     style=\"display:block\"\r\n     data-ad-client=\"ca-pub-6351072698456832\"\r\n     data-ad-slot=\"6455489680\"\r\n     data-ad-format=\"auto\"\r\n     data-full-width-responsive=\"true\"><\/ins>\r\n<script>\r\n     (adsbygoogle = window.adsbygoogle || []).push({});\r\n<\/script>\n<\/div>\n<p><strong>Reforma de vivienda para Cristina y Juan Carlos<\/strong> (Petrer, Alicante, Espa\u00f1a) por<strong> Pablo Mu\u00f1oz Pay\u00e1 Arquitectos<\/strong>. El proyecto se basa en una reforma de una vivienda entre medianeras existente en Petrer de 104 m2 construidos, repartidos en dos plantas en la que no se hab\u00eda intervenido desde su construcci\u00f3n, en los a\u00f1os 50. El objetivo principal del proyecto fue realizar un dise\u00f1o integral buscando el m\u00e1ximo aprovechamiento de la superficie, la pureza de l\u00edneas y la precisi\u00f3n en la ejecuci\u00f3n.<\/p>\n<div id='gallery-1' class='gallery galleryid-49800 gallery-columns-3 gallery-size-thumbnail'><figure class='gallery-item'>\n\t\t\t<div class='gallery-icon landscape'>\n\t\t\t\t<a href='https:\/\/www.arquimaster.com.ar\/web\/wp-content\/uploads\/2019\/11\/reforma_cristina_juan_carlos1.jpg' title=\"Reforma de vivienda para Cristina y Juan Carlos \/ Pablo Mu\u00f1oz Pay\u00e1 Arquitectos\" data-rl_title=\"Reforma de vivienda para Cristina y Juan Carlos \/ Pablo Mu\u00f1oz Pay\u00e1 Arquitectos\" class=\"rl-gallery-link\" data-rl_caption=\"Reforma de vivienda para Cristina y Juan Carlos \/ Pablo Mu\u00f1oz Pay\u00e1 Arquitectos\" data-rel=\"lightbox-gallery-1\"><img loading=\"lazy\" decoding=\"async\" width=\"150\" height=\"150\" src=\"https:\/\/www.arquimaster.com.ar\/web\/wp-content\/uploads\/2019\/11\/reforma_cristina_juan_carlos1-150x150.jpg\" class=\"attachment-thumbnail size-thumbnail\" alt=\"\" aria-describedby=\"gallery-1-49802\" \/><\/a>\n\t\t\t<\/div>\n\t\t\t\t<figcaption class='wp-caption-text gallery-caption' id='gallery-1-49802'>\n\t\t\t\tReforma de vivienda para Cristina y Juan Carlos \/ Pablo Mu\u00f1oz Pay\u00e1 Arquitectos\n\t\t\t\t<\/figcaption><\/figure><figure class='gallery-item'>\n\t\t\t<div class='gallery-icon landscape'>\n\t\t\t\t<a href='https:\/\/www.arquimaster.com.ar\/web\/wp-content\/uploads\/2019\/11\/reforma_cristina_juan_carlos2.jpg' title=\"Reforma de vivienda para Cristina y Juan Carlos \/ Pablo Mu\u00f1oz Pay\u00e1 Arquitectos\" data-rl_title=\"Reforma de vivienda para Cristina y Juan Carlos \/ Pablo Mu\u00f1oz Pay\u00e1 Arquitectos\" class=\"rl-gallery-link\" data-rl_caption=\"Reforma de vivienda para Cristina y Juan Carlos \/ Pablo Mu\u00f1oz Pay\u00e1 Arquitectos\" data-rel=\"lightbox-gallery-1\"><img loading=\"lazy\" decoding=\"async\" width=\"150\" height=\"150\" src=\"https:\/\/www.arquimaster.com.ar\/web\/wp-content\/uploads\/2019\/11\/reforma_cristina_juan_carlos2-150x150.jpg\" class=\"attachment-thumbnail size-thumbnail\" alt=\"\" aria-describedby=\"gallery-1-49803\" \/><\/a>\n\t\t\t<\/div>\n\t\t\t\t<figcaption class='wp-caption-text gallery-caption' id='gallery-1-49803'>\n\t\t\t\tReforma de vivienda para Cristina y Juan Carlos \/ Pablo Mu\u00f1oz Pay\u00e1 Arquitectos\n\t\t\t\t<\/figcaption><\/figure><figure class='gallery-item'>\n\t\t\t<div class='gallery-icon landscape'>\n\t\t\t\t<a href='https:\/\/www.arquimaster.com.ar\/web\/wp-content\/uploads\/2019\/11\/reforma_cristina_juan_carlos3.jpg' title=\"Reforma de vivienda para Cristina y Juan Carlos \/ Pablo Mu\u00f1oz Pay\u00e1 Arquitectos\" data-rl_title=\"Reforma de vivienda para Cristina y Juan Carlos \/ Pablo Mu\u00f1oz Pay\u00e1 Arquitectos\" class=\"rl-gallery-link\" data-rl_caption=\"Reforma de vivienda para Cristina y Juan Carlos \/ Pablo Mu\u00f1oz Pay\u00e1 Arquitectos\" data-rel=\"lightbox-gallery-1\"><img loading=\"lazy\" decoding=\"async\" width=\"150\" height=\"150\" src=\"https:\/\/www.arquimaster.com.ar\/web\/wp-content\/uploads\/2019\/11\/reforma_cristina_juan_carlos3-150x150.jpg\" class=\"attachment-thumbnail size-thumbnail\" alt=\"\" aria-describedby=\"gallery-1-49804\" \/><\/a>\n\t\t\t<\/div>\n\t\t\t\t<figcaption class='wp-caption-text gallery-caption' id='gallery-1-49804'>\n\t\t\t\tReforma de vivienda para Cristina y Juan Carlos \/ Pablo Mu\u00f1oz Pay\u00e1 Arquitectos\n\t\t\t\t<\/figcaption><\/figure><figure class='gallery-item'>\n\t\t\t<div class='gallery-icon landscape'>\n\t\t\t\t<a href='https:\/\/www.arquimaster.com.ar\/web\/wp-content\/uploads\/2019\/11\/reforma_cristina_juan_carlos4.jpg' title=\"Reforma de vivienda para Cristina y Juan Carlos \/ Pablo Mu\u00f1oz Pay\u00e1 Arquitectos\" data-rl_title=\"Reforma de vivienda para Cristina y Juan Carlos \/ Pablo Mu\u00f1oz Pay\u00e1 Arquitectos\" class=\"rl-gallery-link\" data-rl_caption=\"Reforma de vivienda para Cristina y Juan Carlos \/ Pablo Mu\u00f1oz Pay\u00e1 Arquitectos\" data-rel=\"lightbox-gallery-1\"><img loading=\"lazy\" decoding=\"async\" width=\"150\" height=\"150\" src=\"https:\/\/www.arquimaster.com.ar\/web\/wp-content\/uploads\/2019\/11\/reforma_cristina_juan_carlos4-150x150.jpg\" class=\"attachment-thumbnail size-thumbnail\" alt=\"\" aria-describedby=\"gallery-1-49805\" \/><\/a>\n\t\t\t<\/div>\n\t\t\t\t<figcaption class='wp-caption-text gallery-caption' id='gallery-1-49805'>\n\t\t\t\tReforma de vivienda para Cristina y Juan Carlos \/ Pablo Mu\u00f1oz Pay\u00e1 Arquitectos\n\t\t\t\t<\/figcaption><\/figure><figure class='gallery-item'>\n\t\t\t<div class='gallery-icon landscape'>\n\t\t\t\t<a href='https:\/\/www.arquimaster.com.ar\/web\/wp-content\/uploads\/2019\/11\/reforma_cristina_juan_carlos5.jpg' title=\"Reforma de vivienda para Cristina y Juan Carlos \/ Pablo Mu\u00f1oz Pay\u00e1 Arquitectos\" data-rl_title=\"Reforma de vivienda para Cristina y Juan Carlos \/ Pablo Mu\u00f1oz Pay\u00e1 Arquitectos\" class=\"rl-gallery-link\" data-rl_caption=\"Reforma de vivienda para Cristina y Juan Carlos \/ Pablo Mu\u00f1oz Pay\u00e1 Arquitectos\" data-rel=\"lightbox-gallery-1\"><img loading=\"lazy\" decoding=\"async\" width=\"150\" height=\"150\" src=\"https:\/\/www.arquimaster.com.ar\/web\/wp-content\/uploads\/2019\/11\/reforma_cristina_juan_carlos5-150x150.jpg\" class=\"attachment-thumbnail size-thumbnail\" alt=\"\" aria-describedby=\"gallery-1-49806\" \/><\/a>\n\t\t\t<\/div>\n\t\t\t\t<figcaption class='wp-caption-text gallery-caption' id='gallery-1-49806'>\n\t\t\t\tReforma de vivienda para Cristina y Juan Carlos \/ Pablo Mu\u00f1oz Pay\u00e1 Arquitectos\n\t\t\t\t<\/figcaption><\/figure><figure class='gallery-item'>\n\t\t\t<div class='gallery-icon landscape'>\n\t\t\t\t<a href='https:\/\/www.arquimaster.com.ar\/web\/wp-content\/uploads\/2019\/11\/reforma_cristina_juan_carlos6.jpg' title=\"Reforma de vivienda para Cristina y Juan Carlos \/ Pablo Mu\u00f1oz Pay\u00e1 Arquitectos\" data-rl_title=\"Reforma de vivienda para Cristina y Juan Carlos \/ Pablo Mu\u00f1oz Pay\u00e1 Arquitectos\" class=\"rl-gallery-link\" data-rl_caption=\"Reforma de vivienda para Cristina y Juan Carlos \/ Pablo Mu\u00f1oz Pay\u00e1 Arquitectos\" data-rel=\"lightbox-gallery-1\"><img loading=\"lazy\" decoding=\"async\" width=\"150\" height=\"150\" src=\"https:\/\/www.arquimaster.com.ar\/web\/wp-content\/uploads\/2019\/11\/reforma_cristina_juan_carlos6-150x150.jpg\" class=\"attachment-thumbnail size-thumbnail\" alt=\"\" aria-describedby=\"gallery-1-49807\" \/><\/a>\n\t\t\t<\/div>\n\t\t\t\t<figcaption class='wp-caption-text gallery-caption' id='gallery-1-49807'>\n\t\t\t\tReforma de vivienda para Cristina y Juan Carlos \/ Pablo Mu\u00f1oz Pay\u00e1 Arquitectos\n\t\t\t\t<\/figcaption><\/figure><figure class='gallery-item'>\n\t\t\t<div class='gallery-icon landscape'>\n\t\t\t\t<a href='https:\/\/www.arquimaster.com.ar\/web\/wp-content\/uploads\/2019\/11\/reforma_cristina_juan_carlos7.jpg' title=\"Reforma de vivienda para Cristina y Juan Carlos \/ Pablo Mu\u00f1oz Pay\u00e1 Arquitectos\" data-rl_title=\"Reforma de vivienda para Cristina y Juan Carlos \/ Pablo Mu\u00f1oz Pay\u00e1 Arquitectos\" class=\"rl-gallery-link\" data-rl_caption=\"Reforma de vivienda para Cristina y Juan Carlos \/ Pablo Mu\u00f1oz Pay\u00e1 Arquitectos\" data-rel=\"lightbox-gallery-1\"><img loading=\"lazy\" decoding=\"async\" width=\"150\" height=\"150\" src=\"https:\/\/www.arquimaster.com.ar\/web\/wp-content\/uploads\/2019\/11\/reforma_cristina_juan_carlos7-150x150.jpg\" class=\"attachment-thumbnail size-thumbnail\" alt=\"\" aria-describedby=\"gallery-1-49808\" \/><\/a>\n\t\t\t<\/div>\n\t\t\t\t<figcaption class='wp-caption-text gallery-caption' id='gallery-1-49808'>\n\t\t\t\tReforma de vivienda para Cristina y Juan Carlos \/ Pablo Mu\u00f1oz Pay\u00e1 Arquitectos\n\t\t\t\t<\/figcaption><\/figure><figure class='gallery-item'>\n\t\t\t<div class='gallery-icon landscape'>\n\t\t\t\t<a href='https:\/\/www.arquimaster.com.ar\/web\/wp-content\/uploads\/2019\/11\/reforma_cristina_juan_carlos8.jpg' title=\"Reforma de vivienda para Cristina y Juan Carlos \/ Pablo Mu\u00f1oz Pay\u00e1 Arquitectos\" data-rl_title=\"Reforma de vivienda para Cristina y Juan Carlos \/ Pablo Mu\u00f1oz Pay\u00e1 Arquitectos\" class=\"rl-gallery-link\" data-rl_caption=\"Reforma de vivienda para Cristina y Juan Carlos \/ Pablo Mu\u00f1oz Pay\u00e1 Arquitectos\" data-rel=\"lightbox-gallery-1\"><img loading=\"lazy\" decoding=\"async\" width=\"150\" height=\"150\" src=\"https:\/\/www.arquimaster.com.ar\/web\/wp-content\/uploads\/2019\/11\/reforma_cristina_juan_carlos8-150x150.jpg\" class=\"attachment-thumbnail size-thumbnail\" alt=\"\" aria-describedby=\"gallery-1-49809\" \/><\/a>\n\t\t\t<\/div>\n\t\t\t\t<figcaption class='wp-caption-text gallery-caption' id='gallery-1-49809'>\n\t\t\t\tReforma de vivienda para Cristina y Juan Carlos \/ Pablo Mu\u00f1oz Pay\u00e1 Arquitectos\n\t\t\t\t<\/figcaption><\/figure><figure class='gallery-item'>\n\t\t\t<div class='gallery-icon landscape'>\n\t\t\t\t<a href='https:\/\/www.arquimaster.com.ar\/web\/wp-content\/uploads\/2019\/11\/reforma_cristina_juan_carlos9.jpg' title=\"Reforma de vivienda para Cristina y Juan Carlos \/ Pablo Mu\u00f1oz Pay\u00e1 Arquitectos\" data-rl_title=\"Reforma de vivienda para Cristina y Juan Carlos \/ Pablo Mu\u00f1oz Pay\u00e1 Arquitectos\" class=\"rl-gallery-link\" data-rl_caption=\"Reforma de vivienda para Cristina y Juan Carlos \/ Pablo Mu\u00f1oz Pay\u00e1 Arquitectos\" data-rel=\"lightbox-gallery-1\"><img loading=\"lazy\" decoding=\"async\" width=\"150\" height=\"150\" src=\"https:\/\/www.arquimaster.com.ar\/web\/wp-content\/uploads\/2019\/11\/reforma_cristina_juan_carlos9-150x150.jpg\" class=\"attachment-thumbnail size-thumbnail\" alt=\"\" aria-describedby=\"gallery-1-49810\" \/><\/a>\n\t\t\t<\/div>\n\t\t\t\t<figcaption class='wp-caption-text gallery-caption' id='gallery-1-49810'>\n\t\t\t\tReforma de vivienda para Cristina y Juan Carlos \/ Pablo Mu\u00f1oz Pay\u00e1 Arquitectos\n\t\t\t\t<\/figcaption><\/figure><figure class='gallery-item'>\n\t\t\t<div class='gallery-icon landscape'>\n\t\t\t\t<a href='https:\/\/www.arquimaster.com.ar\/web\/wp-content\/uploads\/2019\/11\/reforma_cristina_juan_carlos10.jpg' title=\"Reforma de vivienda para Cristina y Juan Carlos \/ Pablo Mu\u00f1oz Pay\u00e1 Arquitectos\" data-rl_title=\"Reforma de vivienda para Cristina y Juan Carlos \/ Pablo Mu\u00f1oz Pay\u00e1 Arquitectos\" class=\"rl-gallery-link\" data-rl_caption=\"Reforma de vivienda para Cristina y Juan Carlos \/ Pablo Mu\u00f1oz Pay\u00e1 Arquitectos\" data-rel=\"lightbox-gallery-1\"><img loading=\"lazy\" decoding=\"async\" width=\"150\" height=\"150\" src=\"https:\/\/www.arquimaster.com.ar\/web\/wp-content\/uploads\/2019\/11\/reforma_cristina_juan_carlos10-150x150.jpg\" class=\"attachment-thumbnail size-thumbnail\" alt=\"\" aria-describedby=\"gallery-1-49811\" \/><\/a>\n\t\t\t<\/div>\n\t\t\t\t<figcaption class='wp-caption-text gallery-caption' id='gallery-1-49811'>\n\t\t\t\tReforma de vivienda para Cristina y Juan Carlos \/ Pablo Mu\u00f1oz Pay\u00e1 Arquitectos\n\t\t\t\t<\/figcaption><\/figure><figure class='gallery-item'>\n\t\t\t<div class='gallery-icon landscape'>\n\t\t\t\t<a href='https:\/\/www.arquimaster.com.ar\/web\/wp-content\/uploads\/2019\/11\/reforma_cristina_juan_carlos11.jpg' title=\"Reforma de vivienda para Cristina y Juan Carlos \/ Pablo Mu\u00f1oz Pay\u00e1 Arquitectos\" data-rl_title=\"Reforma de vivienda para Cristina y Juan Carlos \/ Pablo Mu\u00f1oz Pay\u00e1 Arquitectos\" class=\"rl-gallery-link\" data-rl_caption=\"Reforma de vivienda para Cristina y Juan Carlos \/ Pablo Mu\u00f1oz Pay\u00e1 Arquitectos\" data-rel=\"lightbox-gallery-1\"><img loading=\"lazy\" decoding=\"async\" width=\"150\" height=\"150\" src=\"https:\/\/www.arquimaster.com.ar\/web\/wp-content\/uploads\/2019\/11\/reforma_cristina_juan_carlos11-150x150.jpg\" class=\"attachment-thumbnail size-thumbnail\" alt=\"\" aria-describedby=\"gallery-1-49812\" \/><\/a>\n\t\t\t<\/div>\n\t\t\t\t<figcaption class='wp-caption-text gallery-caption' id='gallery-1-49812'>\n\t\t\t\tReforma de vivienda para Cristina y Juan Carlos \/ Pablo Mu\u00f1oz Pay\u00e1 Arquitectos\n\t\t\t\t<\/figcaption><\/figure><figure class='gallery-item'>\n\t\t\t<div class='gallery-icon landscape'>\n\t\t\t\t<a href='https:\/\/www.arquimaster.com.ar\/web\/wp-content\/uploads\/2019\/11\/reforma_cristina_juan_carlos12.jpg' title=\"Reforma de vivienda para Cristina y Juan Carlos \/ Pablo Mu\u00f1oz Pay\u00e1 Arquitectos\" data-rl_title=\"Reforma de vivienda para Cristina y Juan Carlos \/ Pablo Mu\u00f1oz Pay\u00e1 Arquitectos\" class=\"rl-gallery-link\" data-rl_caption=\"Reforma de vivienda para Cristina y Juan Carlos \/ Pablo Mu\u00f1oz Pay\u00e1 Arquitectos\" data-rel=\"lightbox-gallery-1\"><img loading=\"lazy\" decoding=\"async\" width=\"150\" height=\"150\" src=\"https:\/\/www.arquimaster.com.ar\/web\/wp-content\/uploads\/2019\/11\/reforma_cristina_juan_carlos12-150x150.jpg\" class=\"attachment-thumbnail size-thumbnail\" alt=\"\" aria-describedby=\"gallery-1-49813\" \/><\/a>\n\t\t\t<\/div>\n\t\t\t\t<figcaption class='wp-caption-text gallery-caption' id='gallery-1-49813'>\n\t\t\t\tReforma de vivienda para Cristina y Juan Carlos \/ Pablo Mu\u00f1oz Pay\u00e1 Arquitectos\n\t\t\t\t<\/figcaption><\/figure><figure class='gallery-item'>\n\t\t\t<div class='gallery-icon landscape'>\n\t\t\t\t<a href='https:\/\/www.arquimaster.com.ar\/web\/wp-content\/uploads\/2019\/11\/reforma_cristina_juan_carlos13.jpg' title=\"Reforma de vivienda para Cristina y Juan Carlos \/ Pablo Mu\u00f1oz Pay\u00e1 Arquitectos\" data-rl_title=\"Reforma de vivienda para Cristina y Juan Carlos \/ Pablo Mu\u00f1oz Pay\u00e1 Arquitectos\" class=\"rl-gallery-link\" data-rl_caption=\"Reforma de vivienda para Cristina y Juan Carlos \/ Pablo Mu\u00f1oz Pay\u00e1 Arquitectos\" data-rel=\"lightbox-gallery-1\"><img loading=\"lazy\" decoding=\"async\" width=\"150\" height=\"150\" src=\"https:\/\/www.arquimaster.com.ar\/web\/wp-content\/uploads\/2019\/11\/reforma_cristina_juan_carlos13-150x150.jpg\" class=\"attachment-thumbnail size-thumbnail\" alt=\"\" aria-describedby=\"gallery-1-49814\" \/><\/a>\n\t\t\t<\/div>\n\t\t\t\t<figcaption class='wp-caption-text gallery-caption' id='gallery-1-49814'>\n\t\t\t\tReforma de vivienda para Cristina y Juan Carlos \/ Pablo Mu\u00f1oz Pay\u00e1 Arquitectos\n\t\t\t\t<\/figcaption><\/figure><figure class='gallery-item'>\n\t\t\t<div class='gallery-icon landscape'>\n\t\t\t\t<a href='https:\/\/www.arquimaster.com.ar\/web\/wp-content\/uploads\/2019\/11\/reforma_cristina_juan_carlos14.jpg' title=\"Reforma de vivienda para Cristina y Juan Carlos \/ Pablo Mu\u00f1oz Pay\u00e1 Arquitectos\" data-rl_title=\"Reforma de vivienda para Cristina y Juan Carlos \/ Pablo Mu\u00f1oz Pay\u00e1 Arquitectos\" class=\"rl-gallery-link\" data-rl_caption=\"Reforma de vivienda para Cristina y Juan Carlos \/ Pablo Mu\u00f1oz Pay\u00e1 Arquitectos\" data-rel=\"lightbox-gallery-1\"><img loading=\"lazy\" decoding=\"async\" width=\"150\" height=\"150\" src=\"https:\/\/www.arquimaster.com.ar\/web\/wp-content\/uploads\/2019\/11\/reforma_cristina_juan_carlos14-150x150.jpg\" class=\"attachment-thumbnail size-thumbnail\" alt=\"\" aria-describedby=\"gallery-1-49815\" \/><\/a>\n\t\t\t<\/div>\n\t\t\t\t<figcaption class='wp-caption-text gallery-caption' id='gallery-1-49815'>\n\t\t\t\tReforma de vivienda para Cristina y Juan Carlos \/ Pablo Mu\u00f1oz Pay\u00e1 Arquitectos\n\t\t\t\t<\/figcaption><\/figure><figure class='gallery-item'>\n\t\t\t<div class='gallery-icon landscape'>\n\t\t\t\t<a href='https:\/\/www.arquimaster.com.ar\/web\/wp-content\/uploads\/2019\/11\/reforma_cristina_juan_carlos22.jpg' title=\"Reforma de vivienda para Cristina y Juan Carlos \/ Pablo Mu\u00f1oz Pay\u00e1 Arquitectos\" data-rl_title=\"Reforma de vivienda para Cristina y Juan Carlos \/ Pablo Mu\u00f1oz Pay\u00e1 Arquitectos\" class=\"rl-gallery-link\" data-rl_caption=\"Reforma de vivienda para Cristina y Juan Carlos \/ Pablo Mu\u00f1oz Pay\u00e1 Arquitectos\" data-rel=\"lightbox-gallery-1\"><img loading=\"lazy\" decoding=\"async\" width=\"150\" height=\"150\" src=\"https:\/\/www.arquimaster.com.ar\/web\/wp-content\/uploads\/2019\/11\/reforma_cristina_juan_carlos22-150x150.jpg\" class=\"attachment-thumbnail size-thumbnail\" alt=\"\" aria-describedby=\"gallery-1-49823\" \/><\/a>\n\t\t\t<\/div>\n\t\t\t\t<figcaption class='wp-caption-text gallery-caption' id='gallery-1-49823'>\n\t\t\t\tReforma de vivienda para Cristina y Juan Carlos \/ Pablo Mu\u00f1oz Pay\u00e1 Arquitectos\n\t\t\t\t<\/figcaption><\/figure><figure class='gallery-item'>\n\t\t\t<div class='gallery-icon landscape'>\n\t\t\t\t<a href='https:\/\/www.arquimaster.com.ar\/web\/wp-content\/uploads\/2019\/11\/reforma_cristina_juan_carlos15.jpg' title=\"Reforma de vivienda para Cristina y Juan Carlos \/ Pablo Mu\u00f1oz Pay\u00e1 Arquitectos\" data-rl_title=\"Reforma de vivienda para Cristina y Juan Carlos \/ Pablo Mu\u00f1oz Pay\u00e1 Arquitectos\" class=\"rl-gallery-link\" data-rl_caption=\"Reforma de vivienda para Cristina y Juan Carlos \/ Pablo Mu\u00f1oz Pay\u00e1 Arquitectos\" data-rel=\"lightbox-gallery-1\"><img loading=\"lazy\" decoding=\"async\" width=\"150\" height=\"150\" src=\"https:\/\/www.arquimaster.com.ar\/web\/wp-content\/uploads\/2019\/11\/reforma_cristina_juan_carlos15-150x150.jpg\" class=\"attachment-thumbnail size-thumbnail\" alt=\"\" aria-describedby=\"gallery-1-49816\" \/><\/a>\n\t\t\t<\/div>\n\t\t\t\t<figcaption class='wp-caption-text gallery-caption' id='gallery-1-49816'>\n\t\t\t\tReforma de vivienda para Cristina y Juan Carlos \/ Pablo Mu\u00f1oz Pay\u00e1 Arquitectos\n\t\t\t\t<\/figcaption><\/figure><figure class='gallery-item'>\n\t\t\t<div class='gallery-icon landscape'>\n\t\t\t\t<a href='https:\/\/www.arquimaster.com.ar\/web\/wp-content\/uploads\/2019\/11\/reforma_cristina_juan_carlos16.jpg' title=\"Reforma de vivienda para Cristina y Juan Carlos \/ Pablo Mu\u00f1oz Pay\u00e1 Arquitectos\" data-rl_title=\"Reforma de vivienda para Cristina y Juan Carlos \/ Pablo Mu\u00f1oz Pay\u00e1 Arquitectos\" class=\"rl-gallery-link\" data-rl_caption=\"Reforma de vivienda para Cristina y Juan Carlos \/ Pablo Mu\u00f1oz Pay\u00e1 Arquitectos\" data-rel=\"lightbox-gallery-1\"><img loading=\"lazy\" decoding=\"async\" width=\"150\" height=\"150\" src=\"https:\/\/www.arquimaster.com.ar\/web\/wp-content\/uploads\/2019\/11\/reforma_cristina_juan_carlos16-150x150.jpg\" class=\"attachment-thumbnail size-thumbnail\" alt=\"\" aria-describedby=\"gallery-1-49817\" \/><\/a>\n\t\t\t<\/div>\n\t\t\t\t<figcaption class='wp-caption-text gallery-caption' id='gallery-1-49817'>\n\t\t\t\tReforma de vivienda para Cristina y Juan Carlos \/ Pablo Mu\u00f1oz Pay\u00e1 Arquitectos\n\t\t\t\t<\/figcaption><\/figure><figure class='gallery-item'>\n\t\t\t<div class='gallery-icon landscape'>\n\t\t\t\t<a href='https:\/\/www.arquimaster.com.ar\/web\/wp-content\/uploads\/2019\/11\/reforma_cristina_juan_carlos17.jpg' title=\"Reforma de vivienda para Cristina y Juan Carlos \/ Pablo Mu\u00f1oz Pay\u00e1 Arquitectos\" data-rl_title=\"Reforma de vivienda para Cristina y Juan Carlos \/ Pablo Mu\u00f1oz Pay\u00e1 Arquitectos\" class=\"rl-gallery-link\" data-rl_caption=\"Reforma de vivienda para Cristina y Juan Carlos \/ Pablo Mu\u00f1oz Pay\u00e1 Arquitectos\" data-rel=\"lightbox-gallery-1\"><img loading=\"lazy\" decoding=\"async\" width=\"150\" height=\"150\" src=\"https:\/\/www.arquimaster.com.ar\/web\/wp-content\/uploads\/2019\/11\/reforma_cristina_juan_carlos17-150x150.jpg\" class=\"attachment-thumbnail size-thumbnail\" alt=\"\" aria-describedby=\"gallery-1-49818\" \/><\/a>\n\t\t\t<\/div>\n\t\t\t\t<figcaption class='wp-caption-text gallery-caption' id='gallery-1-49818'>\n\t\t\t\tReforma de vivienda para Cristina y Juan Carlos \/ Pablo Mu\u00f1oz Pay\u00e1 Arquitectos\n\t\t\t\t<\/figcaption><\/figure><figure class='gallery-item'>\n\t\t\t<div class='gallery-icon landscape'>\n\t\t\t\t<a href='https:\/\/www.arquimaster.com.ar\/web\/wp-content\/uploads\/2019\/11\/reforma_cristina_juan_carlos18.jpg' title=\"Reforma de vivienda para Cristina y Juan Carlos \/ Pablo Mu\u00f1oz Pay\u00e1 Arquitectos\" data-rl_title=\"Reforma de vivienda para Cristina y Juan Carlos \/ Pablo Mu\u00f1oz Pay\u00e1 Arquitectos\" class=\"rl-gallery-link\" data-rl_caption=\"Reforma de vivienda para Cristina y Juan Carlos \/ Pablo Mu\u00f1oz Pay\u00e1 Arquitectos\" data-rel=\"lightbox-gallery-1\"><img loading=\"lazy\" decoding=\"async\" width=\"150\" height=\"150\" src=\"https:\/\/www.arquimaster.com.ar\/web\/wp-content\/uploads\/2019\/11\/reforma_cristina_juan_carlos18-150x150.jpg\" class=\"attachment-thumbnail size-thumbnail\" alt=\"\" aria-describedby=\"gallery-1-49819\" \/><\/a>\n\t\t\t<\/div>\n\t\t\t\t<figcaption class='wp-caption-text gallery-caption' id='gallery-1-49819'>\n\t\t\t\tReforma de vivienda para Cristina y Juan Carlos \/ Pablo Mu\u00f1oz Pay\u00e1 Arquitectos\n\t\t\t\t<\/figcaption><\/figure><figure class='gallery-item'>\n\t\t\t<div class='gallery-icon landscape'>\n\t\t\t\t<a href='https:\/\/www.arquimaster.com.ar\/web\/wp-content\/uploads\/2019\/11\/reforma_cristina_juan_carlos19.jpg' title=\"Reforma de vivienda para Cristina y Juan Carlos \/ Pablo Mu\u00f1oz Pay\u00e1 Arquitectos\" data-rl_title=\"Reforma de vivienda para Cristina y Juan Carlos \/ Pablo Mu\u00f1oz Pay\u00e1 Arquitectos\" class=\"rl-gallery-link\" data-rl_caption=\"Reforma de vivienda para Cristina y Juan Carlos \/ Pablo Mu\u00f1oz Pay\u00e1 Arquitectos\" data-rel=\"lightbox-gallery-1\"><img loading=\"lazy\" decoding=\"async\" width=\"150\" height=\"150\" src=\"https:\/\/www.arquimaster.com.ar\/web\/wp-content\/uploads\/2019\/11\/reforma_cristina_juan_carlos19-150x150.jpg\" class=\"attachment-thumbnail size-thumbnail\" alt=\"\" aria-describedby=\"gallery-1-49820\" \/><\/a>\n\t\t\t<\/div>\n\t\t\t\t<figcaption class='wp-caption-text gallery-caption' id='gallery-1-49820'>\n\t\t\t\tReforma de vivienda para Cristina y Juan Carlos \/ Pablo Mu\u00f1oz Pay\u00e1 Arquitectos\n\t\t\t\t<\/figcaption><\/figure><figure class='gallery-item'>\n\t\t\t<div class='gallery-icon landscape'>\n\t\t\t\t<a href='https:\/\/www.arquimaster.com.ar\/web\/wp-content\/uploads\/2019\/11\/reforma_cristina_juan_carlos20.jpg' title=\"Reforma de vivienda para Cristina y Juan Carlos \/ Pablo Mu\u00f1oz Pay\u00e1 Arquitectos\" data-rl_title=\"Reforma de vivienda para Cristina y Juan Carlos \/ Pablo Mu\u00f1oz Pay\u00e1 Arquitectos\" class=\"rl-gallery-link\" data-rl_caption=\"Reforma de vivienda para Cristina y Juan Carlos \/ Pablo Mu\u00f1oz Pay\u00e1 Arquitectos\" data-rel=\"lightbox-gallery-1\"><img loading=\"lazy\" decoding=\"async\" width=\"150\" height=\"150\" src=\"https:\/\/www.arquimaster.com.ar\/web\/wp-content\/uploads\/2019\/11\/reforma_cristina_juan_carlos20-150x150.jpg\" class=\"attachment-thumbnail size-thumbnail\" alt=\"\" aria-describedby=\"gallery-1-49821\" \/><\/a>\n\t\t\t<\/div>\n\t\t\t\t<figcaption class='wp-caption-text gallery-caption' id='gallery-1-49821'>\n\t\t\t\tReforma de vivienda para Cristina y Juan Carlos \/ Pablo Mu\u00f1oz Pay\u00e1 Arquitectos\n\t\t\t\t<\/figcaption><\/figure><figure class='gallery-item'>\n\t\t\t<div class='gallery-icon landscape'>\n\t\t\t\t<a href='https:\/\/www.arquimaster.com.ar\/web\/wp-content\/uploads\/2019\/11\/reforma_cristina_juan_carlos21.jpg' title=\"Reforma de vivienda para Cristina y Juan Carlos \/ Pablo Mu\u00f1oz Pay\u00e1 Arquitectos\" data-rl_title=\"Reforma de vivienda para Cristina y Juan Carlos \/ Pablo Mu\u00f1oz Pay\u00e1 Arquitectos\" class=\"rl-gallery-link\" data-rl_caption=\"Reforma de vivienda para Cristina y Juan Carlos \/ Pablo Mu\u00f1oz Pay\u00e1 Arquitectos\" data-rel=\"lightbox-gallery-1\"><img loading=\"lazy\" decoding=\"async\" width=\"150\" height=\"150\" src=\"https:\/\/www.arquimaster.com.ar\/web\/wp-content\/uploads\/2019\/11\/reforma_cristina_juan_carlos21-150x150.jpg\" class=\"attachment-thumbnail size-thumbnail\" alt=\"\" aria-describedby=\"gallery-1-49822\" \/><\/a>\n\t\t\t<\/div>\n\t\t\t\t<figcaption class='wp-caption-text gallery-caption' id='gallery-1-49822'>\n\t\t\t\tReforma de vivienda para Cristina y Juan Carlos \/ Pablo Mu\u00f1oz Pay\u00e1 Arquitectos\n\t\t\t\t<\/figcaption><\/figure><figure class='gallery-item'>\n\t\t\t<div class='gallery-icon landscape'>\n\t\t\t\t<a href='https:\/\/www.arquimaster.com.ar\/web\/wp-content\/uploads\/2019\/11\/reforma_cristina_juan_carlos23.jpg' title=\"Reforma de vivienda para Cristina y Juan Carlos \/ Pablo Mu\u00f1oz Pay\u00e1 Arquitectos\" data-rl_title=\"Reforma de vivienda para Cristina y Juan Carlos \/ Pablo Mu\u00f1oz Pay\u00e1 Arquitectos\" class=\"rl-gallery-link\" data-rl_caption=\"Reforma de vivienda para Cristina y Juan Carlos \/ Pablo Mu\u00f1oz Pay\u00e1 Arquitectos\" data-rel=\"lightbox-gallery-1\"><img loading=\"lazy\" decoding=\"async\" width=\"150\" height=\"150\" src=\"https:\/\/www.arquimaster.com.ar\/web\/wp-content\/uploads\/2019\/11\/reforma_cristina_juan_carlos23-150x150.jpg\" class=\"attachment-thumbnail size-thumbnail\" alt=\"\" aria-describedby=\"gallery-1-49824\" \/><\/a>\n\t\t\t<\/div>\n\t\t\t\t<figcaption class='wp-caption-text gallery-caption' id='gallery-1-49824'>\n\t\t\t\tReforma de vivienda para Cristina y Juan Carlos \/ Pablo Mu\u00f1oz Pay\u00e1 Arquitectos\n\t\t\t\t<\/figcaption><\/figure><figure class='gallery-item'>\n\t\t\t<div class='gallery-icon portrait'>\n\t\t\t\t<a href='https:\/\/www.arquimaster.com.ar\/web\/wp-content\/uploads\/2019\/11\/reforma_cristina_juan_carlos24.jpg' title=\"Reforma de vivienda para Cristina y Juan Carlos \/ Pablo Mu\u00f1oz Pay\u00e1 Arquitectos\" data-rl_title=\"Reforma de vivienda para Cristina y Juan Carlos \/ Pablo Mu\u00f1oz Pay\u00e1 Arquitectos\" class=\"rl-gallery-link\" data-rl_caption=\"Reforma de vivienda para Cristina y Juan Carlos \/ Pablo Mu\u00f1oz Pay\u00e1 Arquitectos\" data-rel=\"lightbox-gallery-1\"><img loading=\"lazy\" decoding=\"async\" width=\"150\" height=\"150\" src=\"https:\/\/www.arquimaster.com.ar\/web\/wp-content\/uploads\/2019\/11\/reforma_cristina_juan_carlos24-150x150.jpg\" class=\"attachment-thumbnail size-thumbnail\" alt=\"\" aria-describedby=\"gallery-1-49825\" \/><\/a>\n\t\t\t<\/div>\n\t\t\t\t<figcaption class='wp-caption-text gallery-caption' id='gallery-1-49825'>\n\t\t\t\tReforma de vivienda para Cristina y Juan Carlos \/ Pablo Mu\u00f1oz Pay\u00e1 Arquitectos\n\t\t\t\t<\/figcaption><\/figure><figure class='gallery-item'>\n\t\t\t<div class='gallery-icon portrait'>\n\t\t\t\t<a href='https:\/\/www.arquimaster.com.ar\/web\/wp-content\/uploads\/2019\/11\/reforma_cristina_juan_carlos25.jpg' title=\"Reforma de vivienda para Cristina y Juan Carlos \/ Pablo Mu\u00f1oz Pay\u00e1 Arquitectos\" data-rl_title=\"Reforma de vivienda para Cristina y Juan Carlos \/ Pablo Mu\u00f1oz Pay\u00e1 Arquitectos\" class=\"rl-gallery-link\" data-rl_caption=\"Reforma de vivienda para Cristina y Juan Carlos \/ Pablo Mu\u00f1oz Pay\u00e1 Arquitectos\" data-rel=\"lightbox-gallery-1\"><img loading=\"lazy\" decoding=\"async\" width=\"150\" height=\"150\" src=\"https:\/\/www.arquimaster.com.ar\/web\/wp-content\/uploads\/2019\/11\/reforma_cristina_juan_carlos25-150x150.jpg\" class=\"attachment-thumbnail size-thumbnail\" alt=\"\" aria-describedby=\"gallery-1-49826\" \/><\/a>\n\t\t\t<\/div>\n\t\t\t\t<figcaption class='wp-caption-text gallery-caption' id='gallery-1-49826'>\n\t\t\t\tReforma de vivienda para Cristina y Juan Carlos \/ Pablo Mu\u00f1oz Pay\u00e1 Arquitectos\n\t\t\t\t<\/figcaption><\/figure><figure class='gallery-item'>\n\t\t\t<div class='gallery-icon portrait'>\n\t\t\t\t<a href='https:\/\/www.arquimaster.com.ar\/web\/wp-content\/uploads\/2019\/11\/reforma_cristina_juan_carlos26.jpg' title=\"Reforma de vivienda para Cristina y Juan Carlos \/ Pablo Mu\u00f1oz Pay\u00e1 Arquitectos\" data-rl_title=\"Reforma de vivienda para Cristina y Juan Carlos \/ Pablo Mu\u00f1oz Pay\u00e1 Arquitectos\" class=\"rl-gallery-link\" data-rl_caption=\"Reforma de vivienda para Cristina y Juan Carlos \/ Pablo Mu\u00f1oz Pay\u00e1 Arquitectos\" data-rel=\"lightbox-gallery-1\"><img loading=\"lazy\" decoding=\"async\" width=\"150\" height=\"150\" src=\"https:\/\/www.arquimaster.com.ar\/web\/wp-content\/uploads\/2019\/11\/reforma_cristina_juan_carlos26-150x150.jpg\" class=\"attachment-thumbnail size-thumbnail\" alt=\"\" aria-describedby=\"gallery-1-49827\" \/><\/a>\n\t\t\t<\/div>\n\t\t\t\t<figcaption class='wp-caption-text gallery-caption' id='gallery-1-49827'>\n\t\t\t\tReforma de vivienda para Cristina y Juan Carlos \/ Pablo Mu\u00f1oz Pay\u00e1 Arquitectos\n\t\t\t\t<\/figcaption><\/figure><figure class='gallery-item'>\n\t\t\t<div class='gallery-icon landscape'>\n\t\t\t\t<a href='https:\/\/www.arquimaster.com.ar\/web\/wp-content\/uploads\/2019\/11\/reforma_cristina_juan_carlos27.jpg' title=\"Reforma de vivienda para Cristina y Juan Carlos \/ Pablo Mu\u00f1oz Pay\u00e1 Arquitectos\" data-rl_title=\"Reforma de vivienda para Cristina y Juan Carlos \/ Pablo Mu\u00f1oz Pay\u00e1 Arquitectos\" class=\"rl-gallery-link\" data-rl_caption=\"Reforma de vivienda para Cristina y Juan Carlos \/ Pablo Mu\u00f1oz Pay\u00e1 Arquitectos\" data-rel=\"lightbox-gallery-1\"><img loading=\"lazy\" decoding=\"async\" width=\"150\" height=\"150\" src=\"https:\/\/www.arquimaster.com.ar\/web\/wp-content\/uploads\/2019\/11\/reforma_cristina_juan_carlos27-150x150.jpg\" class=\"attachment-thumbnail size-thumbnail\" alt=\"\" aria-describedby=\"gallery-1-49828\" \/><\/a>\n\t\t\t<\/div>\n\t\t\t\t<figcaption class='wp-caption-text gallery-caption' id='gallery-1-49828'>\n\t\t\t\tReforma de vivienda para Cristina y Juan Carlos \/ Pablo Mu\u00f1oz Pay\u00e1 Arquitectos\n\t\t\t\t<\/figcaption><\/figure><figure class='gallery-item'>\n\t\t\t<div class='gallery-icon portrait'>\n\t\t\t\t<a href='https:\/\/www.arquimaster.com.ar\/web\/wp-content\/uploads\/2019\/11\/reforma_cristina_juan_carlos28.jpg' title=\"Reforma de vivienda para Cristina y Juan Carlos \/ Pablo Mu\u00f1oz Pay\u00e1 Arquitectos\" data-rl_title=\"Reforma de vivienda para Cristina y Juan Carlos \/ Pablo Mu\u00f1oz Pay\u00e1 Arquitectos\" class=\"rl-gallery-link\" data-rl_caption=\"Reforma de vivienda para Cristina y Juan Carlos \/ Pablo Mu\u00f1oz Pay\u00e1 Arquitectos\" data-rel=\"lightbox-gallery-1\"><img loading=\"lazy\" decoding=\"async\" width=\"150\" height=\"150\" src=\"https:\/\/www.arquimaster.com.ar\/web\/wp-content\/uploads\/2019\/11\/reforma_cristina_juan_carlos28-150x150.jpg\" class=\"attachment-thumbnail size-thumbnail\" alt=\"\" aria-describedby=\"gallery-1-49829\" \/><\/a>\n\t\t\t<\/div>\n\t\t\t\t<figcaption class='wp-caption-text gallery-caption' id='gallery-1-49829'>\n\t\t\t\tReforma de vivienda para Cristina y Juan Carlos \/ Pablo Mu\u00f1oz Pay\u00e1 Arquitectos\n\t\t\t\t<\/figcaption><\/figure><figure class='gallery-item'>\n\t\t\t<div class='gallery-icon portrait'>\n\t\t\t\t<a href='https:\/\/www.arquimaster.com.ar\/web\/wp-content\/uploads\/2019\/11\/reforma_cristina_juan_carlos29.jpg' title=\"Reforma de vivienda para Cristina y Juan Carlos \/ Pablo Mu\u00f1oz Pay\u00e1 Arquitectos\" data-rl_title=\"Reforma de vivienda para Cristina y Juan Carlos \/ Pablo Mu\u00f1oz Pay\u00e1 Arquitectos\" class=\"rl-gallery-link\" data-rl_caption=\"Reforma de vivienda para Cristina y Juan Carlos \/ Pablo Mu\u00f1oz Pay\u00e1 Arquitectos\" data-rel=\"lightbox-gallery-1\"><img loading=\"lazy\" decoding=\"async\" width=\"150\" height=\"150\" src=\"https:\/\/www.arquimaster.com.ar\/web\/wp-content\/uploads\/2019\/11\/reforma_cristina_juan_carlos29-150x150.jpg\" class=\"attachment-thumbnail size-thumbnail\" alt=\"\" aria-describedby=\"gallery-1-49830\" \/><\/a>\n\t\t\t<\/div>\n\t\t\t\t<figcaption class='wp-caption-text gallery-caption' id='gallery-1-49830'>\n\t\t\t\tReforma de vivienda para Cristina y Juan Carlos \/ Pablo Mu\u00f1oz Pay\u00e1 Arquitectos\n\t\t\t\t<\/figcaption><\/figure><figure class='gallery-item'>\n\t\t\t<div class='gallery-icon portrait'>\n\t\t\t\t<a href='https:\/\/www.arquimaster.com.ar\/web\/wp-content\/uploads\/2019\/11\/reforma_cristina_juan_carlos30.jpg' title=\"Reforma de vivienda para Cristina y Juan Carlos \/ Pablo Mu\u00f1oz Pay\u00e1 Arquitectos (plantas)\" data-rl_title=\"Reforma de vivienda para Cristina y Juan Carlos \/ Pablo Mu\u00f1oz Pay\u00e1 Arquitectos (plantas)\" class=\"rl-gallery-link\" data-rl_caption=\"Reforma de vivienda para Cristina y Juan Carlos \/ Pablo Mu\u00f1oz Pay\u00e1 Arquitectos (plantas)\" data-rel=\"lightbox-gallery-1\"><img loading=\"lazy\" decoding=\"async\" width=\"150\" height=\"150\" src=\"https:\/\/www.arquimaster.com.ar\/web\/wp-content\/uploads\/2019\/11\/reforma_cristina_juan_carlos30-150x150.jpg\" class=\"attachment-thumbnail size-thumbnail\" alt=\"\" aria-describedby=\"gallery-1-49831\" \/><\/a>\n\t\t\t<\/div>\n\t\t\t\t<figcaption class='wp-caption-text gallery-caption' id='gallery-1-49831'>\n\t\t\t\tReforma de vivienda para Cristina y Juan Carlos \/ Pablo Mu\u00f1oz Pay\u00e1 Arquitectos (plantas)\n\t\t\t\t<\/figcaption><\/figure><figure class='gallery-item'>\n\t\t\t<div class='gallery-icon landscape'>\n\t\t\t\t<a href='https:\/\/www.arquimaster.com.ar\/web\/wp-content\/uploads\/2019\/11\/reforma_cristina_juan_carlos31.jpg' title=\"Reforma de vivienda para Cristina y Juan Carlos \/ Pablo Mu\u00f1oz Pay\u00e1 Arquitectos (axonometria)\" data-rl_title=\"Reforma de vivienda para Cristina y Juan Carlos \/ Pablo Mu\u00f1oz Pay\u00e1 Arquitectos (axonometria)\" class=\"rl-gallery-link\" data-rl_caption=\"Reforma de vivienda para Cristina y Juan Carlos \/ Pablo Mu\u00f1oz Pay\u00e1 Arquitectos (axonometria)\" data-rel=\"lightbox-gallery-1\"><img loading=\"lazy\" decoding=\"async\" width=\"150\" height=\"150\" src=\"https:\/\/www.arquimaster.com.ar\/web\/wp-content\/uploads\/2019\/11\/reforma_cristina_juan_carlos31-150x150.jpg\" class=\"attachment-thumbnail size-thumbnail\" alt=\"\" aria-describedby=\"gallery-1-49832\" \/><\/a>\n\t\t\t<\/div>\n\t\t\t\t<figcaption class='wp-caption-text gallery-caption' id='gallery-1-49832'>\n\t\t\t\tReforma de vivienda para Cristina y Juan Carlos \/ Pablo Mu\u00f1oz Pay\u00e1 Arquitectos (axonometria)\n\t\t\t\t<\/figcaption><\/figure><figure class='gallery-item'>\n\t\t\t<div class='gallery-icon landscape'>\n\t\t\t\t<a href='https:\/\/www.arquimaster.com.ar\/web\/wp-content\/uploads\/2019\/11\/reforma_cristina_juan_carlos32.jpg' title=\"Reforma de vivienda para Cristina y Juan Carlos \/ Pablo Mu\u00f1oz Pay\u00e1 Arquitectos (corte)\" data-rl_title=\"Reforma de vivienda para Cristina y Juan Carlos \/ Pablo Mu\u00f1oz Pay\u00e1 Arquitectos (corte)\" class=\"rl-gallery-link\" data-rl_caption=\"Reforma de vivienda para Cristina y Juan Carlos \/ Pablo Mu\u00f1oz Pay\u00e1 Arquitectos (corte)\" data-rel=\"lightbox-gallery-1\"><img loading=\"lazy\" decoding=\"async\" width=\"150\" height=\"150\" src=\"https:\/\/www.arquimaster.com.ar\/web\/wp-content\/uploads\/2019\/11\/reforma_cristina_juan_carlos32-150x150.jpg\" class=\"attachment-thumbnail size-thumbnail\" alt=\"\" aria-describedby=\"gallery-1-49833\" \/><\/a>\n\t\t\t<\/div>\n\t\t\t\t<figcaption class='wp-caption-text gallery-caption' id='gallery-1-49833'>\n\t\t\t\tReforma de vivienda para Cristina y Juan Carlos \/ Pablo Mu\u00f1oz Pay\u00e1 Arquitectos (corte)\n\t\t\t\t<\/figcaption><\/figure><figure class='gallery-item'>\n\t\t\t<div class='gallery-icon landscape'>\n\t\t\t\t<a href='https:\/\/www.arquimaster.com.ar\/web\/wp-content\/uploads\/2019\/11\/reforma_cristina_juan_carlos33.jpg' title=\"Reforma de vivienda para Cristina y Juan Carlos \/ Pablo Mu\u00f1oz Pay\u00e1 Arquitectos (corte)\" data-rl_title=\"Reforma de vivienda para Cristina y Juan Carlos \/ Pablo Mu\u00f1oz Pay\u00e1 Arquitectos (corte)\" class=\"rl-gallery-link\" data-rl_caption=\"Reforma de vivienda para Cristina y Juan Carlos \/ Pablo Mu\u00f1oz Pay\u00e1 Arquitectos (corte)\" data-rel=\"lightbox-gallery-1\"><img loading=\"lazy\" decoding=\"async\" width=\"150\" height=\"150\" src=\"https:\/\/www.arquimaster.com.ar\/web\/wp-content\/uploads\/2019\/11\/reforma_cristina_juan_carlos33-150x150.jpg\" class=\"attachment-thumbnail size-thumbnail\" alt=\"\" aria-describedby=\"gallery-1-49834\" \/><\/a>\n\t\t\t<\/div>\n\t\t\t\t<figcaption class='wp-caption-text gallery-caption' id='gallery-1-49834'>\n\t\t\t\tReforma de vivienda para Cristina y Juan Carlos \/ Pablo Mu\u00f1oz Pay\u00e1 Arquitectos (corte)\n\t\t\t\t<\/figcaption><\/figure>\n\t\t<\/div>\n\n<p>El deteriorado estado de la vivienda, con una distribuci\u00f3n muy compartimentada y poca entrada de luz natural, adem\u00e1s de la existencia de muros de carga transversales a la vivienda, obligaron a una reforma integral y a reforzar la estructura de manera precisa para conseguir la conexi\u00f3n espacial que diera respuesta a las necesidades de los nuevos propietarios.<\/p>\n<p>Se buscaba una nueva distribuci\u00f3n que hiciera las estancias m\u00e1s espaciosas, con un dise\u00f1o global coherente en toda la casa y consiguiendo al mismo tiempo un alto nivel de confort mediante mejoras ac\u00fasticas, energ\u00e9ticas y de instalaciones.<\/p>\n<p>La continuidad espacial deseada se reafirma con la utilizaci\u00f3n del mismo falso techo en toda la vivienda, un revestimiento de madera de roble, y con la instalaci\u00f3n del mismo pavimento, una pieza porcel\u00e1nica de aspecto cementoso, consiguiendo una atm\u00f3sfera c\u00e1lida, elegante y serena. Domina en el ambiente un contraste armonioso entre las superficies neutras de pavimento y paredes, y las superficies c\u00e1lidas de los techos de madera.<\/p>\n<p>Una preocupaci\u00f3n del cliente era poder disponer de un gran espacio de almacenamiento dentro de la superficie reducida con la que se contaba. En el proyecto se ha tratado de aprovechar todo el espacio posible para este fin, consiguiendo que se respire orden, equilibrio y serenidad.<\/p>\n<p>As\u00ed, por ejemplo, la escalera que comunica las dos plantas es en s\u00ed mismo un espacio de almacenamiento y de servicio al sal\u00f3n que, adem\u00e1s, permite acceder a la planta superior, donde una escalera escamoteable oculta en el falso techo permite acceder a otro gran armario integrado bajo cubierta.<\/p>\n<p>La planta superior incluye ahora 3 dormitorios y 2 ba\u00f1os. Dado que este programa obliga a una mayor divisi\u00f3n del espacio, se aporta ventilaci\u00f3n e iluminaci\u00f3n natural mediante el patio preexistente. De este modo, este peque\u00f1o patio consigue iluminar el dormitorio principal y su ba\u00f1o, uno de los dormitorios secundarios y, mediante la claraboya, la zona de cocina\/comedor en la planta inferior.<\/p>\n<p>Se incluye en el dise\u00f1o de la planta superior elementos como armarios, mesitas y cabeceros de camas, fundiendo todos estos elementos con la est\u00e9tica general. Cada metro de la casa est\u00e1 pensado para que sea funcional, buscando el orden creamos un aprovechamiento espacial basado en la sencillez.<\/p>\n<p><strong>Ficha t\u00e9cnica<\/strong><br \/>\nNombre: Reforma para Cristina y Juan Carlos<br \/>\nUbicaci\u00f3n: Petrer, Alicante, Espa\u00f1a<br \/>\nArquitectura y gesti\u00f3n de obra: Pablo Mu\u00f1oz Pay\u00e1 Arquitectos<br \/>\nDise\u00f1o interior: Pablo Mu\u00f1oz Pay\u00e1 Arquitectos<br \/>\nSuperficie construida: Vivienda: 104 m2<br \/>\nA\u00f1o de finalizaci\u00f3n: 2015<br \/>\nFotograf\u00eda: Pablo Mu\u00f1oz Pay\u00e1 Arquitectos<\/p>\n<p><strong>Contacto<\/strong><br \/>\n<a href=\"http:\/\/www.munozpaya.com\" target=\"_blank\" rel=\"noopener noreferrer\">http:\/\/www.munozpaya.com<\/a><\/p>\n\n<div style=\"font-size: 0px; height: 0px; line-height: 0px; margin: 0; padding: 0; clear: both;\"><\/div><div style=\"margin-top: 0px; margin-bottom: 0px;\" class=\"sharethis-inline-share-buttons\" ><\/div>","protected":false},"excerpt":{"rendered":"<p>M\u00e1ximo aprovechamiento de la superficie, pureza de l\u00edneas y precisi\u00f3n en la ejecuci\u00f3n&#8230;<\/p>\n","protected":false},"author":1,"featured_media":49801,"comment_status":"closed","ping_status":"closed","sticky":false,"template":"","format":"standard","meta":{"_uag_custom_page_level_css":"","footnotes":""},"categories":[1,82,83],"tags":[3356,104,5374,5373,5488,1043,254],"class_list":["post-49800","post","type-post","status-publish","format-standard","has-post-thumbnail","hentry","category-proyecto","category-rehabilitaciones","category-vivienda-unifamiliar","tag-alicante","tag-espana","tag-pablo-munoz-paya","tag-pablo-munoz-paya-arquitectos","tag-petrer","tag-reforma-de-vivienda","tag-vivienda-unifamiliar-2","generate-columns","tablet-grid-50","mobile-grid-100","grid-parent","grid-50"],"yoast_head":"<!-- This site is optimized with the Yoast SEO plugin v27.3 - https:\/\/yoast.com\/product\/yoast-seo-wordpress\/ -->\n<title>Reforma de vivienda para Cristina y Juan Carlos \/ Pablo Mu\u00f1oz Pay\u00e1 Arquitectos - Arquimaster<\/title>\n<meta name=\"description\" content=\"Dise\u00f1o integral buscando el m\u00e1ximo aprovechamiento de la superficie, la pureza de l\u00edneas y la precisi\u00f3n en la ejecuci\u00f3n.\" \/>\n<meta name=\"robots\" content=\"index, follow, max-snippet:-1, max-image-preview:large, max-video-preview:-1\" \/>\n<link rel=\"canonical\" href=\"https:\/\/www.arquimaster.com.ar\/web\/reforma-de-vivienda-para-cristina-y-juan-carlos-pablo-munoz-paya-arquitectos\/\" \/>\n<meta property=\"og:locale\" content=\"es_ES\" \/>\n<meta property=\"og:type\" content=\"article\" \/>\n<meta property=\"og:title\" content=\"Reforma de vivienda para Cristina y Juan Carlos \/ Pablo Mu\u00f1oz Pay\u00e1 Arquitectos\" \/>\n<meta property=\"og:description\" content=\"Dise\u00f1o integral buscando el m\u00e1ximo aprovechamiento de la superficie, la pureza de l\u00edneas y la precisi\u00f3n en la ejecuci\u00f3n.\" \/>\n<meta property=\"og:url\" content=\"https:\/\/www.arquimaster.com.ar\/web\/reforma-de-vivienda-para-cristina-y-juan-carlos-pablo-munoz-paya-arquitectos\/\" \/>\n<meta property=\"og:site_name\" content=\"Arquimaster\" \/>\n<meta property=\"article:publisher\" content=\"http:\/\/www.facebook.com\/ARQUIMASTER.com.ar\" \/>\n<meta property=\"article:published_time\" content=\"2019-11-21T00:04:00+00:00\" \/>\n<meta property=\"article:modified_time\" content=\"2019-11-21T15:55:52+00:00\" \/>\n<meta property=\"og:image\" content=\"https:\/\/www.arquimaster.com.ar\/web\/wp-content\/uploads\/2019\/11\/reforma_cristina_juan_carlos_slide.jpg\" \/>\n\t<meta property=\"og:image:width\" content=\"698\" \/>\n\t<meta property=\"og:image:height\" content=\"364\" \/>\n\t<meta property=\"og:image:type\" content=\"image\/jpeg\" \/>\n<meta name=\"author\" content=\"Arquimaster\" \/>\n<meta name=\"twitter:card\" content=\"summary_large_image\" \/>\n<meta name=\"twitter:title\" content=\"Reforma de vivienda para Cristina y Juan Carlos \/ Pablo Mu\u00f1oz Pay\u00e1 Arquitectos\" \/>\n<meta name=\"twitter:description\" content=\"Dise\u00f1o integral buscando el m\u00e1ximo aprovechamiento de la superficie, la pureza de l\u00edneas y la precisi\u00f3n en la ejecuci\u00f3n.\" \/>\n<meta name=\"twitter:image\" content=\"https:\/\/www.arquimaster.com.ar\/web\/wp-content\/uploads\/2019\/11\/reforma_cristina_juan_carlos_slide.jpg\" \/>\n<meta name=\"twitter:creator\" content=\"@arquimaster\" \/>\n<meta name=\"twitter:site\" content=\"@arquimaster\" \/>\n<meta name=\"twitter:label1\" content=\"Escrito por\" \/>\n\t<meta name=\"twitter:data1\" content=\"Arquimaster\" \/>\n\t<meta name=\"twitter:label2\" content=\"Tiempo de lectura\" \/>\n\t<meta name=\"twitter:data2\" content=\"3 minutos\" \/>\n<script type=\"application\/ld+json\" class=\"yoast-schema-graph\">{\"@context\":\"https:\\\/\\\/schema.org\",\"@graph\":[{\"@type\":\"Article\",\"@id\":\"https:\\\/\\\/www.arquimaster.com.ar\\\/web\\\/reforma-de-vivienda-para-cristina-y-juan-carlos-pablo-munoz-paya-arquitectos\\\/#article\",\"isPartOf\":{\"@id\":\"https:\\\/\\\/www.arquimaster.com.ar\\\/web\\\/reforma-de-vivienda-para-cristina-y-juan-carlos-pablo-munoz-paya-arquitectos\\\/\"},\"author\":{\"name\":\"Arquimaster\",\"@id\":\"https:\\\/\\\/www.arquimaster.com.ar\\\/web\\\/#\\\/schema\\\/person\\\/359e9f7c00193fcde068e0dd2ceb0028\"},\"headline\":\"Reforma de vivienda para Cristina y Juan Carlos \\\/ Pablo Mu\u00f1oz Pay\u00e1 Arquitectos\",\"datePublished\":\"2019-11-21T00:04:00+00:00\",\"dateModified\":\"2019-11-21T15:55:52+00:00\",\"mainEntityOfPage\":{\"@id\":\"https:\\\/\\\/www.arquimaster.com.ar\\\/web\\\/reforma-de-vivienda-para-cristina-y-juan-carlos-pablo-munoz-paya-arquitectos\\\/\"},\"wordCount\":550,\"publisher\":{\"@id\":\"https:\\\/\\\/www.arquimaster.com.ar\\\/web\\\/#organization\"},\"image\":{\"@id\":\"https:\\\/\\\/www.arquimaster.com.ar\\\/web\\\/reforma-de-vivienda-para-cristina-y-juan-carlos-pablo-munoz-paya-arquitectos\\\/#primaryimage\"},\"thumbnailUrl\":\"https:\\\/\\\/www.arquimaster.com.ar\\\/web\\\/wp-content\\\/uploads\\\/2019\\\/11\\\/reforma_cristina_juan_carlos_slide.jpg\",\"keywords\":[\"Alicante\",\"Espa\u00f1a\",\"Pablo Mu\u00f1oz Pay\u00e1\",\"Pablo Mu\u00f1oz Pay\u00e1 Arquitectos\",\"Petrer\",\"reforma de vivienda\",\"vivienda unifamiliar\"],\"articleSection\":[\"Proyecto\",\"Rehabilitaciones y ampliaciones\",\"Vivienda unifamiliar y PH\"],\"inLanguage\":\"es\"},{\"@type\":\"WebPage\",\"@id\":\"https:\\\/\\\/www.arquimaster.com.ar\\\/web\\\/reforma-de-vivienda-para-cristina-y-juan-carlos-pablo-munoz-paya-arquitectos\\\/\",\"url\":\"https:\\\/\\\/www.arquimaster.com.ar\\\/web\\\/reforma-de-vivienda-para-cristina-y-juan-carlos-pablo-munoz-paya-arquitectos\\\/\",\"name\":\"Reforma de vivienda para Cristina y Juan Carlos \\\/ Pablo Mu\u00f1oz Pay\u00e1 Arquitectos - Arquimaster\",\"isPartOf\":{\"@id\":\"https:\\\/\\\/www.arquimaster.com.ar\\\/web\\\/#website\"},\"primaryImageOfPage\":{\"@id\":\"https:\\\/\\\/www.arquimaster.com.ar\\\/web\\\/reforma-de-vivienda-para-cristina-y-juan-carlos-pablo-munoz-paya-arquitectos\\\/#primaryimage\"},\"image\":{\"@id\":\"https:\\\/\\\/www.arquimaster.com.ar\\\/web\\\/reforma-de-vivienda-para-cristina-y-juan-carlos-pablo-munoz-paya-arquitectos\\\/#primaryimage\"},\"thumbnailUrl\":\"https:\\\/\\\/www.arquimaster.com.ar\\\/web\\\/wp-content\\\/uploads\\\/2019\\\/11\\\/reforma_cristina_juan_carlos_slide.jpg\",\"datePublished\":\"2019-11-21T00:04:00+00:00\",\"dateModified\":\"2019-11-21T15:55:52+00:00\",\"description\":\"Dise\u00f1o integral buscando el m\u00e1ximo aprovechamiento de la superficie, la pureza de l\u00edneas y la precisi\u00f3n en la ejecuci\u00f3n.\",\"breadcrumb\":{\"@id\":\"https:\\\/\\\/www.arquimaster.com.ar\\\/web\\\/reforma-de-vivienda-para-cristina-y-juan-carlos-pablo-munoz-paya-arquitectos\\\/#breadcrumb\"},\"inLanguage\":\"es\",\"potentialAction\":[{\"@type\":\"ReadAction\",\"target\":[\"https:\\\/\\\/www.arquimaster.com.ar\\\/web\\\/reforma-de-vivienda-para-cristina-y-juan-carlos-pablo-munoz-paya-arquitectos\\\/\"]}]},{\"@type\":\"ImageObject\",\"inLanguage\":\"es\",\"@id\":\"https:\\\/\\\/www.arquimaster.com.ar\\\/web\\\/reforma-de-vivienda-para-cristina-y-juan-carlos-pablo-munoz-paya-arquitectos\\\/#primaryimage\",\"url\":\"https:\\\/\\\/www.arquimaster.com.ar\\\/web\\\/wp-content\\\/uploads\\\/2019\\\/11\\\/reforma_cristina_juan_carlos_slide.jpg\",\"contentUrl\":\"https:\\\/\\\/www.arquimaster.com.ar\\\/web\\\/wp-content\\\/uploads\\\/2019\\\/11\\\/reforma_cristina_juan_carlos_slide.jpg\",\"width\":698,\"height\":364},{\"@type\":\"BreadcrumbList\",\"@id\":\"https:\\\/\\\/www.arquimaster.com.ar\\\/web\\\/reforma-de-vivienda-para-cristina-y-juan-carlos-pablo-munoz-paya-arquitectos\\\/#breadcrumb\",\"itemListElement\":[{\"@type\":\"ListItem\",\"position\":1,\"name\":\"Portada\",\"item\":\"https:\\\/\\\/www.arquimaster.com.ar\\\/web\\\/\"},{\"@type\":\"ListItem\",\"position\":2,\"name\":\"Reforma de vivienda para Cristina y Juan Carlos \\\/ Pablo Mu\u00f1oz Pay\u00e1 Arquitectos\"}]},{\"@type\":\"WebSite\",\"@id\":\"https:\\\/\\\/www.arquimaster.com.ar\\\/web\\\/#website\",\"url\":\"https:\\\/\\\/www.arquimaster.com.ar\\\/web\\\/\",\"name\":\"Arquimaster\",\"description\":\"Web de arquitectura, dise\u00f1o y construccion\",\"publisher\":{\"@id\":\"https:\\\/\\\/www.arquimaster.com.ar\\\/web\\\/#organization\"},\"potentialAction\":[{\"@type\":\"SearchAction\",\"target\":{\"@type\":\"EntryPoint\",\"urlTemplate\":\"https:\\\/\\\/www.arquimaster.com.ar\\\/web\\\/?s={search_term_string}\"},\"query-input\":{\"@type\":\"PropertyValueSpecification\",\"valueRequired\":true,\"valueName\":\"search_term_string\"}}],\"inLanguage\":\"es\"},{\"@type\":\"Organization\",\"@id\":\"https:\\\/\\\/www.arquimaster.com.ar\\\/web\\\/#organization\",\"name\":\"Arquimaster\",\"url\":\"https:\\\/\\\/www.arquimaster.com.ar\\\/web\\\/\",\"logo\":{\"@type\":\"ImageObject\",\"inLanguage\":\"es\",\"@id\":\"https:\\\/\\\/www.arquimaster.com.ar\\\/web\\\/#\\\/schema\\\/logo\\\/image\\\/\",\"url\":\"https:\\\/\\\/www.arquimaster.com.ar\\\/web\\\/wp-content\\\/uploads\\\/2022\\\/06\\\/arquimaster.png\",\"contentUrl\":\"https:\\\/\\\/www.arquimaster.com.ar\\\/web\\\/wp-content\\\/uploads\\\/2022\\\/06\\\/arquimaster.png\",\"width\":594,\"height\":78,\"caption\":\"Arquimaster\"},\"image\":{\"@id\":\"https:\\\/\\\/www.arquimaster.com.ar\\\/web\\\/#\\\/schema\\\/logo\\\/image\\\/\"},\"sameAs\":[\"http:\\\/\\\/www.facebook.com\\\/ARQUIMASTER.com.ar\",\"https:\\\/\\\/x.com\\\/arquimaster\",\"https:\\\/\\\/www.instagram.com\\\/arquimasterblog\\\/\",\"https:\\\/\\\/www.linkedin.com\\\/company\\\/arquimaster\",\"https:\\\/\\\/www.pinterest.com\\\/arquimaster\",\"https:\\\/\\\/t.me\\\/arquimaster\"]},{\"@type\":\"Person\",\"@id\":\"https:\\\/\\\/www.arquimaster.com.ar\\\/web\\\/#\\\/schema\\\/person\\\/359e9f7c00193fcde068e0dd2ceb0028\",\"name\":\"Arquimaster\"}]}<\/script>\n<!-- \/ Yoast SEO plugin. -->","yoast_head_json":{"title":"Reforma de vivienda para Cristina y Juan Carlos \/ Pablo Mu\u00f1oz Pay\u00e1 Arquitectos - Arquimaster","description":"Dise\u00f1o integral buscando el m\u00e1ximo aprovechamiento de la superficie, la pureza de l\u00edneas y la precisi\u00f3n en la ejecuci\u00f3n.","robots":{"index":"index","follow":"follow","max-snippet":"max-snippet:-1","max-image-preview":"max-image-preview:large","max-video-preview":"max-video-preview:-1"},"canonical":"https:\/\/www.arquimaster.com.ar\/web\/reforma-de-vivienda-para-cristina-y-juan-carlos-pablo-munoz-paya-arquitectos\/","og_locale":"es_ES","og_type":"article","og_title":"Reforma de vivienda para Cristina y Juan Carlos \/ Pablo Mu\u00f1oz Pay\u00e1 Arquitectos","og_description":"Dise\u00f1o integral buscando el m\u00e1ximo aprovechamiento de la superficie, la pureza de l\u00edneas y la precisi\u00f3n en la ejecuci\u00f3n.","og_url":"https:\/\/www.arquimaster.com.ar\/web\/reforma-de-vivienda-para-cristina-y-juan-carlos-pablo-munoz-paya-arquitectos\/","og_site_name":"Arquimaster","article_publisher":"http:\/\/www.facebook.com\/ARQUIMASTER.com.ar","article_published_time":"2019-11-21T00:04:00+00:00","article_modified_time":"2019-11-21T15:55:52+00:00","og_image":[{"width":698,"height":364,"url":"https:\/\/www.arquimaster.com.ar\/web\/wp-content\/uploads\/2019\/11\/reforma_cristina_juan_carlos_slide.jpg","type":"image\/jpeg"}],"author":"Arquimaster","twitter_card":"summary_large_image","twitter_title":"Reforma de vivienda para Cristina y Juan Carlos \/ Pablo Mu\u00f1oz Pay\u00e1 Arquitectos","twitter_description":"Dise\u00f1o integral buscando el m\u00e1ximo aprovechamiento de la superficie, la pureza de l\u00edneas y la precisi\u00f3n en la ejecuci\u00f3n.","twitter_image":"https:\/\/www.arquimaster.com.ar\/web\/wp-content\/uploads\/2019\/11\/reforma_cristina_juan_carlos_slide.jpg","twitter_creator":"@arquimaster","twitter_site":"@arquimaster","twitter_misc":{"Escrito por":"Arquimaster","Tiempo de lectura":"3 minutos"},"schema":{"@context":"https:\/\/schema.org","@graph":[{"@type":"Article","@id":"https:\/\/www.arquimaster.com.ar\/web\/reforma-de-vivienda-para-cristina-y-juan-carlos-pablo-munoz-paya-arquitectos\/#article","isPartOf":{"@id":"https:\/\/www.arquimaster.com.ar\/web\/reforma-de-vivienda-para-cristina-y-juan-carlos-pablo-munoz-paya-arquitectos\/"},"author":{"name":"Arquimaster","@id":"https:\/\/www.arquimaster.com.ar\/web\/#\/schema\/person\/359e9f7c00193fcde068e0dd2ceb0028"},"headline":"Reforma de vivienda para Cristina y Juan Carlos \/ Pablo Mu\u00f1oz Pay\u00e1 Arquitectos","datePublished":"2019-11-21T00:04:00+00:00","dateModified":"2019-11-21T15:55:52+00:00","mainEntityOfPage":{"@id":"https:\/\/www.arquimaster.com.ar\/web\/reforma-de-vivienda-para-cristina-y-juan-carlos-pablo-munoz-paya-arquitectos\/"},"wordCount":550,"publisher":{"@id":"https:\/\/www.arquimaster.com.ar\/web\/#organization"},"image":{"@id":"https:\/\/www.arquimaster.com.ar\/web\/reforma-de-vivienda-para-cristina-y-juan-carlos-pablo-munoz-paya-arquitectos\/#primaryimage"},"thumbnailUrl":"https:\/\/www.arquimaster.com.ar\/web\/wp-content\/uploads\/2019\/11\/reforma_cristina_juan_carlos_slide.jpg","keywords":["Alicante","Espa\u00f1a","Pablo Mu\u00f1oz Pay\u00e1","Pablo Mu\u00f1oz Pay\u00e1 Arquitectos","Petrer","reforma de vivienda","vivienda unifamiliar"],"articleSection":["Proyecto","Rehabilitaciones y ampliaciones","Vivienda unifamiliar y PH"],"inLanguage":"es"},{"@type":"WebPage","@id":"https:\/\/www.arquimaster.com.ar\/web\/reforma-de-vivienda-para-cristina-y-juan-carlos-pablo-munoz-paya-arquitectos\/","url":"https:\/\/www.arquimaster.com.ar\/web\/reforma-de-vivienda-para-cristina-y-juan-carlos-pablo-munoz-paya-arquitectos\/","name":"Reforma de vivienda para Cristina y Juan Carlos \/ Pablo Mu\u00f1oz Pay\u00e1 Arquitectos - Arquimaster","isPartOf":{"@id":"https:\/\/www.arquimaster.com.ar\/web\/#website"},"primaryImageOfPage":{"@id":"https:\/\/www.arquimaster.com.ar\/web\/reforma-de-vivienda-para-cristina-y-juan-carlos-pablo-munoz-paya-arquitectos\/#primaryimage"},"image":{"@id":"https:\/\/www.arquimaster.com.ar\/web\/reforma-de-vivienda-para-cristina-y-juan-carlos-pablo-munoz-paya-arquitectos\/#primaryimage"},"thumbnailUrl":"https:\/\/www.arquimaster.com.ar\/web\/wp-content\/uploads\/2019\/11\/reforma_cristina_juan_carlos_slide.jpg","datePublished":"2019-11-21T00:04:00+00:00","dateModified":"2019-11-21T15:55:52+00:00","description":"Dise\u00f1o integral buscando el m\u00e1ximo aprovechamiento de la superficie, la pureza de l\u00edneas y la precisi\u00f3n en la ejecuci\u00f3n.","breadcrumb":{"@id":"https:\/\/www.arquimaster.com.ar\/web\/reforma-de-vivienda-para-cristina-y-juan-carlos-pablo-munoz-paya-arquitectos\/#breadcrumb"},"inLanguage":"es","potentialAction":[{"@type":"ReadAction","target":["https:\/\/www.arquimaster.com.ar\/web\/reforma-de-vivienda-para-cristina-y-juan-carlos-pablo-munoz-paya-arquitectos\/"]}]},{"@type":"ImageObject","inLanguage":"es","@id":"https:\/\/www.arquimaster.com.ar\/web\/reforma-de-vivienda-para-cristina-y-juan-carlos-pablo-munoz-paya-arquitectos\/#primaryimage","url":"https:\/\/www.arquimaster.com.ar\/web\/wp-content\/uploads\/2019\/11\/reforma_cristina_juan_carlos_slide.jpg","contentUrl":"https:\/\/www.arquimaster.com.ar\/web\/wp-content\/uploads\/2019\/11\/reforma_cristina_juan_carlos_slide.jpg","width":698,"height":364},{"@type":"BreadcrumbList","@id":"https:\/\/www.arquimaster.com.ar\/web\/reforma-de-vivienda-para-cristina-y-juan-carlos-pablo-munoz-paya-arquitectos\/#breadcrumb","itemListElement":[{"@type":"ListItem","position":1,"name":"Portada","item":"https:\/\/www.arquimaster.com.ar\/web\/"},{"@type":"ListItem","position":2,"name":"Reforma de vivienda para Cristina y Juan Carlos \/ Pablo Mu\u00f1oz Pay\u00e1 Arquitectos"}]},{"@type":"WebSite","@id":"https:\/\/www.arquimaster.com.ar\/web\/#website","url":"https:\/\/www.arquimaster.com.ar\/web\/","name":"Arquimaster","description":"Web de arquitectura, dise\u00f1o y construccion","publisher":{"@id":"https:\/\/www.arquimaster.com.ar\/web\/#organization"},"potentialAction":[{"@type":"SearchAction","target":{"@type":"EntryPoint","urlTemplate":"https:\/\/www.arquimaster.com.ar\/web\/?s={search_term_string}"},"query-input":{"@type":"PropertyValueSpecification","valueRequired":true,"valueName":"search_term_string"}}],"inLanguage":"es"},{"@type":"Organization","@id":"https:\/\/www.arquimaster.com.ar\/web\/#organization","name":"Arquimaster","url":"https:\/\/www.arquimaster.com.ar\/web\/","logo":{"@type":"ImageObject","inLanguage":"es","@id":"https:\/\/www.arquimaster.com.ar\/web\/#\/schema\/logo\/image\/","url":"https:\/\/www.arquimaster.com.ar\/web\/wp-content\/uploads\/2022\/06\/arquimaster.png","contentUrl":"https:\/\/www.arquimaster.com.ar\/web\/wp-content\/uploads\/2022\/06\/arquimaster.png","width":594,"height":78,"caption":"Arquimaster"},"image":{"@id":"https:\/\/www.arquimaster.com.ar\/web\/#\/schema\/logo\/image\/"},"sameAs":["http:\/\/www.facebook.com\/ARQUIMASTER.com.ar","https:\/\/x.com\/arquimaster","https:\/\/www.instagram.com\/arquimasterblog\/","https:\/\/www.linkedin.com\/company\/arquimaster","https:\/\/www.pinterest.com\/arquimaster","https:\/\/t.me\/arquimaster"]},{"@type":"Person","@id":"https:\/\/www.arquimaster.com.ar\/web\/#\/schema\/person\/359e9f7c00193fcde068e0dd2ceb0028","name":"Arquimaster"}]}},"uagb_featured_image_src":{"full":["https:\/\/www.arquimaster.com.ar\/web\/wp-content\/uploads\/2019\/11\/reforma_cristina_juan_carlos_slide.jpg",698,364,false],"thumbnail":["https:\/\/www.arquimaster.com.ar\/web\/wp-content\/uploads\/2019\/11\/reforma_cristina_juan_carlos_slide-150x150.jpg",150,150,true],"medium":["https:\/\/www.arquimaster.com.ar\/web\/wp-content\/uploads\/2019\/11\/reforma_cristina_juan_carlos_slide.jpg",698,364,false],"medium_large":["https:\/\/www.arquimaster.com.ar\/web\/wp-content\/uploads\/2019\/11\/reforma_cristina_juan_carlos_slide.jpg",698,364,false],"large":["https:\/\/www.arquimaster.com.ar\/web\/wp-content\/uploads\/2019\/11\/reforma_cristina_juan_carlos_slide.jpg",698,364,false],"1536x1536":["https:\/\/www.arquimaster.com.ar\/web\/wp-content\/uploads\/2019\/11\/reforma_cristina_juan_carlos_slide.jpg",698,364,false],"2048x2048":["https:\/\/www.arquimaster.com.ar\/web\/wp-content\/uploads\/2019\/11\/reforma_cristina_juan_carlos_slide.jpg",698,364,false]},"uagb_author_info":{"display_name":"Arquimaster","author_link":"https:\/\/www.arquimaster.com.ar\/web\/author\/arquimaster\/"},"uagb_comment_info":0,"uagb_excerpt":"M\u00e1ximo aprovechamiento de la superficie, pureza de l\u00edneas y precisi\u00f3n en la ejecuci\u00f3n...","_links":{"self":[{"href":"https:\/\/www.arquimaster.com.ar\/web\/wp-json\/wp\/v2\/posts\/49800","targetHints":{"allow":["GET"]}}],"collection":[{"href":"https:\/\/www.arquimaster.com.ar\/web\/wp-json\/wp\/v2\/posts"}],"about":[{"href":"https:\/\/www.arquimaster.com.ar\/web\/wp-json\/wp\/v2\/types\/post"}],"author":[{"embeddable":true,"href":"https:\/\/www.arquimaster.com.ar\/web\/wp-json\/wp\/v2\/users\/1"}],"replies":[{"embeddable":true,"href":"https:\/\/www.arquimaster.com.ar\/web\/wp-json\/wp\/v2\/comments?post=49800"}],"version-history":[{"count":3,"href":"https:\/\/www.arquimaster.com.ar\/web\/wp-json\/wp\/v2\/posts\/49800\/revisions"}],"predecessor-version":[{"id":49863,"href":"https:\/\/www.arquimaster.com.ar\/web\/wp-json\/wp\/v2\/posts\/49800\/revisions\/49863"}],"wp:featuredmedia":[{"embeddable":true,"href":"https:\/\/www.arquimaster.com.ar\/web\/wp-json\/wp\/v2\/media\/49801"}],"wp:attachment":[{"href":"https:\/\/www.arquimaster.com.ar\/web\/wp-json\/wp\/v2\/media?parent=49800"}],"wp:term":[{"taxonomy":"category","embeddable":true,"href":"https:\/\/www.arquimaster.com.ar\/web\/wp-json\/wp\/v2\/categories?post=49800"},{"taxonomy":"post_tag","embeddable":true,"href":"https:\/\/www.arquimaster.com.ar\/web\/wp-json\/wp\/v2\/tags?post=49800"}],"curies":[{"name":"wp","href":"https:\/\/api.w.org\/{rel}","templated":true}]}}