{"id":49893,"date":"2019-11-27T13:19:30","date_gmt":"2019-11-27T16:19:30","guid":{"rendered":"https:\/\/www.arquimaster.com.ar\/web\/?p=49893"},"modified":"2021-01-14T19:56:02","modified_gmt":"2021-01-14T22:56:02","slug":"complejo-industrial-minasur-bearq","status":"publish","type":"post","link":"https:\/\/www.arquimaster.com.ar\/web\/complejo-industrial-minasur-bearq\/","title":{"rendered":"Complejo industrial Minasur \/ BEarq"},"content":{"rendered":"<div style=\"margin-top: 0px; margin-bottom: 0px;\" class=\"sharethis-inline-share-buttons\" ><\/div><div class=\"b812932af2e751442846f039925109de\" data-index=\"1\" style=\"float: none; margin:25px 0 25px 0; text-align:center;\">\n<script async src=\"https:\/\/pagead2.googlesyndication.com\/pagead\/js\/adsbygoogle.js\"><\/script>\r\n<!-- Arquimaster (superior) -->\r\n<ins class=\"adsbygoogle\"\r\n     style=\"display:block\"\r\n     data-ad-client=\"ca-pub-6351072698456832\"\r\n     data-ad-slot=\"6455489680\"\r\n     data-ad-format=\"auto\"\r\n     data-full-width-responsive=\"true\"><\/ins>\r\n<script>\r\n     (adsbygoogle = window.adsbygoogle || []).push({});\r\n<\/script>\n<\/div>\n<p><strong>Complejo industrial Minasur<\/strong> (Motupe, Loja, Ecuador) por<strong> BEarq<\/strong>. El edificio principal se emplaza en la parte superior del terreno, adosado al bosque de eucaliptos, donde la topograf\u00eda resulta m\u00e1s favorable y los vientos son manifiestos, adem\u00e1s de obligar un aislamiento a la ciudad dispersa donde se ubica, utilizando al vac\u00edo como recurso. El volumen propuesto responde entonces a las pre-existencias naturales y sociales, promoviendo el acopio de vientos y circulaci\u00f3n de aire cruzada y generando barreras arquitect\u00f3nicas con la vecindad.<\/p>\n<div id='gallery-1' class='gallery galleryid-49893 gallery-columns-3 gallery-size-thumbnail'><figure class='gallery-item'>\n\t\t\t<div class='gallery-icon landscape'>\n\t\t\t\t<a href='https:\/\/www.arquimaster.com.ar\/web\/wp-content\/uploads\/2019\/11\/complejo_industrial_minasur1.jpg' title=\"Complejo industrial Minasur \/ BEarq\" data-rl_title=\"Complejo industrial Minasur \/ BEarq\" class=\"rl-gallery-link\" data-rl_caption=\"Complejo industrial Minasur \/ BEarq\" data-rel=\"lightbox-gallery-1\"><img loading=\"lazy\" decoding=\"async\" width=\"150\" height=\"150\" src=\"https:\/\/www.arquimaster.com.ar\/web\/wp-content\/uploads\/2019\/11\/complejo_industrial_minasur1-150x150.jpg\" class=\"attachment-thumbnail size-thumbnail\" alt=\"\" aria-describedby=\"gallery-1-49895\" \/><\/a>\n\t\t\t<\/div>\n\t\t\t\t<figcaption class='wp-caption-text gallery-caption' id='gallery-1-49895'>\n\t\t\t\tComplejo industrial Minasur \/ BEarq\n\t\t\t\t<\/figcaption><\/figure><figure class='gallery-item'>\n\t\t\t<div class='gallery-icon landscape'>\n\t\t\t\t<a href='https:\/\/www.arquimaster.com.ar\/web\/wp-content\/uploads\/2019\/11\/complejo_industrial_minasur2.jpg' title=\"Complejo industrial Minasur \/ BEarq\" data-rl_title=\"Complejo industrial Minasur \/ BEarq\" class=\"rl-gallery-link\" data-rl_caption=\"Complejo industrial Minasur \/ BEarq\" data-rel=\"lightbox-gallery-1\"><img loading=\"lazy\" decoding=\"async\" width=\"150\" height=\"150\" src=\"https:\/\/www.arquimaster.com.ar\/web\/wp-content\/uploads\/2019\/11\/complejo_industrial_minasur2-150x150.jpg\" class=\"attachment-thumbnail size-thumbnail\" alt=\"\" aria-describedby=\"gallery-1-49896\" \/><\/a>\n\t\t\t<\/div>\n\t\t\t\t<figcaption class='wp-caption-text gallery-caption' id='gallery-1-49896'>\n\t\t\t\tComplejo industrial Minasur \/ BEarq\n\t\t\t\t<\/figcaption><\/figure><figure class='gallery-item'>\n\t\t\t<div class='gallery-icon landscape'>\n\t\t\t\t<a href='https:\/\/www.arquimaster.com.ar\/web\/wp-content\/uploads\/2019\/11\/complejo_industrial_minasur3.jpg' title=\"Complejo industrial Minasur \/ BEarq\" data-rl_title=\"Complejo industrial Minasur \/ BEarq\" class=\"rl-gallery-link\" data-rl_caption=\"Complejo industrial Minasur \/ BEarq\" data-rel=\"lightbox-gallery-1\"><img loading=\"lazy\" decoding=\"async\" width=\"150\" height=\"150\" src=\"https:\/\/www.arquimaster.com.ar\/web\/wp-content\/uploads\/2019\/11\/complejo_industrial_minasur3-150x150.jpg\" class=\"attachment-thumbnail size-thumbnail\" alt=\"\" aria-describedby=\"gallery-1-49897\" \/><\/a>\n\t\t\t<\/div>\n\t\t\t\t<figcaption class='wp-caption-text gallery-caption' id='gallery-1-49897'>\n\t\t\t\tComplejo industrial Minasur \/ BEarq\n\t\t\t\t<\/figcaption><\/figure><figure class='gallery-item'>\n\t\t\t<div class='gallery-icon landscape'>\n\t\t\t\t<a href='https:\/\/www.arquimaster.com.ar\/web\/wp-content\/uploads\/2019\/11\/complejo_industrial_minasur4.jpg' title=\"Complejo industrial Minasur \/ BEarq\" data-rl_title=\"Complejo industrial Minasur \/ BEarq\" class=\"rl-gallery-link\" data-rl_caption=\"Complejo industrial Minasur \/ BEarq\" data-rel=\"lightbox-gallery-1\"><img loading=\"lazy\" decoding=\"async\" width=\"150\" height=\"150\" src=\"https:\/\/www.arquimaster.com.ar\/web\/wp-content\/uploads\/2019\/11\/complejo_industrial_minasur4-150x150.jpg\" class=\"attachment-thumbnail size-thumbnail\" alt=\"\" aria-describedby=\"gallery-1-49898\" \/><\/a>\n\t\t\t<\/div>\n\t\t\t\t<figcaption class='wp-caption-text gallery-caption' id='gallery-1-49898'>\n\t\t\t\tComplejo industrial Minasur \/ BEarq\n\t\t\t\t<\/figcaption><\/figure><figure class='gallery-item'>\n\t\t\t<div class='gallery-icon landscape'>\n\t\t\t\t<a href='https:\/\/www.arquimaster.com.ar\/web\/wp-content\/uploads\/2019\/11\/complejo_industrial_minasur5.jpg' title=\"Complejo industrial Minasur \/ BEarq\" data-rl_title=\"Complejo industrial Minasur \/ BEarq\" class=\"rl-gallery-link\" data-rl_caption=\"Complejo industrial Minasur \/ BEarq\" data-rel=\"lightbox-gallery-1\"><img loading=\"lazy\" decoding=\"async\" width=\"150\" height=\"150\" src=\"https:\/\/www.arquimaster.com.ar\/web\/wp-content\/uploads\/2019\/11\/complejo_industrial_minasur5-150x150.jpg\" class=\"attachment-thumbnail size-thumbnail\" alt=\"\" aria-describedby=\"gallery-1-49899\" \/><\/a>\n\t\t\t<\/div>\n\t\t\t\t<figcaption class='wp-caption-text gallery-caption' id='gallery-1-49899'>\n\t\t\t\tComplejo industrial Minasur \/ BEarq\n\t\t\t\t<\/figcaption><\/figure><figure class='gallery-item'>\n\t\t\t<div class='gallery-icon landscape'>\n\t\t\t\t<a href='https:\/\/www.arquimaster.com.ar\/web\/wp-content\/uploads\/2019\/11\/complejo_industrial_minasur6.jpg' title=\"Complejo industrial Minasur \/ BEarq\" data-rl_title=\"Complejo industrial Minasur \/ BEarq\" class=\"rl-gallery-link\" data-rl_caption=\"Complejo industrial Minasur \/ BEarq\" data-rel=\"lightbox-gallery-1\"><img loading=\"lazy\" decoding=\"async\" width=\"150\" height=\"150\" src=\"https:\/\/www.arquimaster.com.ar\/web\/wp-content\/uploads\/2019\/11\/complejo_industrial_minasur6-150x150.jpg\" class=\"attachment-thumbnail size-thumbnail\" alt=\"\" aria-describedby=\"gallery-1-49900\" \/><\/a>\n\t\t\t<\/div>\n\t\t\t\t<figcaption class='wp-caption-text gallery-caption' id='gallery-1-49900'>\n\t\t\t\tComplejo industrial Minasur \/ BEarq\n\t\t\t\t<\/figcaption><\/figure><figure class='gallery-item'>\n\t\t\t<div class='gallery-icon portrait'>\n\t\t\t\t<a href='https:\/\/www.arquimaster.com.ar\/web\/wp-content\/uploads\/2019\/11\/complejo_industrial_minasur7.jpg' title=\"Complejo industrial Minasur \/ BEarq\" data-rl_title=\"Complejo industrial Minasur \/ BEarq\" class=\"rl-gallery-link\" data-rl_caption=\"Complejo industrial Minasur \/ BEarq\" data-rel=\"lightbox-gallery-1\"><img loading=\"lazy\" decoding=\"async\" width=\"150\" height=\"150\" src=\"https:\/\/www.arquimaster.com.ar\/web\/wp-content\/uploads\/2019\/11\/complejo_industrial_minasur7-150x150.jpg\" class=\"attachment-thumbnail size-thumbnail\" alt=\"\" aria-describedby=\"gallery-1-49901\" \/><\/a>\n\t\t\t<\/div>\n\t\t\t\t<figcaption class='wp-caption-text gallery-caption' id='gallery-1-49901'>\n\t\t\t\tComplejo industrial Minasur \/ BEarq\n\t\t\t\t<\/figcaption><\/figure><figure class='gallery-item'>\n\t\t\t<div class='gallery-icon portrait'>\n\t\t\t\t<a href='https:\/\/www.arquimaster.com.ar\/web\/wp-content\/uploads\/2019\/11\/complejo_industrial_minasur8.jpg' title=\"Complejo industrial Minasur \/ BEarq\" data-rl_title=\"Complejo industrial Minasur \/ BEarq\" class=\"rl-gallery-link\" data-rl_caption=\"Complejo industrial Minasur \/ BEarq\" data-rel=\"lightbox-gallery-1\"><img loading=\"lazy\" decoding=\"async\" width=\"150\" height=\"150\" src=\"https:\/\/www.arquimaster.com.ar\/web\/wp-content\/uploads\/2019\/11\/complejo_industrial_minasur8-150x150.jpg\" class=\"attachment-thumbnail size-thumbnail\" alt=\"\" aria-describedby=\"gallery-1-49902\" \/><\/a>\n\t\t\t<\/div>\n\t\t\t\t<figcaption class='wp-caption-text gallery-caption' id='gallery-1-49902'>\n\t\t\t\tComplejo industrial Minasur \/ BEarq\n\t\t\t\t<\/figcaption><\/figure><figure class='gallery-item'>\n\t\t\t<div class='gallery-icon portrait'>\n\t\t\t\t<a href='https:\/\/www.arquimaster.com.ar\/web\/wp-content\/uploads\/2019\/11\/complejo_industrial_minasur9.jpg' title=\"Complejo industrial Minasur \/ BEarq\" data-rl_title=\"Complejo industrial Minasur \/ BEarq\" class=\"rl-gallery-link\" data-rl_caption=\"Complejo industrial Minasur \/ BEarq\" data-rel=\"lightbox-gallery-1\"><img loading=\"lazy\" decoding=\"async\" width=\"150\" height=\"150\" src=\"https:\/\/www.arquimaster.com.ar\/web\/wp-content\/uploads\/2019\/11\/complejo_industrial_minasur9-150x150.jpg\" class=\"attachment-thumbnail size-thumbnail\" alt=\"\" aria-describedby=\"gallery-1-49903\" \/><\/a>\n\t\t\t<\/div>\n\t\t\t\t<figcaption class='wp-caption-text gallery-caption' id='gallery-1-49903'>\n\t\t\t\tComplejo industrial Minasur \/ BEarq\n\t\t\t\t<\/figcaption><\/figure><figure class='gallery-item'>\n\t\t\t<div class='gallery-icon portrait'>\n\t\t\t\t<a href='https:\/\/www.arquimaster.com.ar\/web\/wp-content\/uploads\/2019\/11\/complejo_industrial_minasur10.jpg' title=\"Complejo industrial Minasur \/ BEarq\" data-rl_title=\"Complejo industrial Minasur \/ BEarq\" class=\"rl-gallery-link\" data-rl_caption=\"Complejo industrial Minasur \/ BEarq\" data-rel=\"lightbox-gallery-1\"><img loading=\"lazy\" decoding=\"async\" width=\"150\" height=\"150\" src=\"https:\/\/www.arquimaster.com.ar\/web\/wp-content\/uploads\/2019\/11\/complejo_industrial_minasur10-150x150.jpg\" class=\"attachment-thumbnail size-thumbnail\" alt=\"\" aria-describedby=\"gallery-1-49904\" \/><\/a>\n\t\t\t<\/div>\n\t\t\t\t<figcaption class='wp-caption-text gallery-caption' id='gallery-1-49904'>\n\t\t\t\tComplejo industrial Minasur \/ BEarq\n\t\t\t\t<\/figcaption><\/figure><figure class='gallery-item'>\n\t\t\t<div class='gallery-icon portrait'>\n\t\t\t\t<a href='https:\/\/www.arquimaster.com.ar\/web\/wp-content\/uploads\/2019\/11\/complejo_industrial_minasur11.jpg' title=\"Complejo industrial Minasur \/ BEarq\" data-rl_title=\"Complejo industrial Minasur \/ BEarq\" class=\"rl-gallery-link\" data-rl_caption=\"Complejo industrial Minasur \/ BEarq\" data-rel=\"lightbox-gallery-1\"><img loading=\"lazy\" decoding=\"async\" width=\"150\" height=\"150\" src=\"https:\/\/www.arquimaster.com.ar\/web\/wp-content\/uploads\/2019\/11\/complejo_industrial_minasur11-150x150.jpg\" class=\"attachment-thumbnail size-thumbnail\" alt=\"\" aria-describedby=\"gallery-1-49905\" \/><\/a>\n\t\t\t<\/div>\n\t\t\t\t<figcaption class='wp-caption-text gallery-caption' id='gallery-1-49905'>\n\t\t\t\tComplejo industrial Minasur \/ BEarq\n\t\t\t\t<\/figcaption><\/figure><figure class='gallery-item'>\n\t\t\t<div class='gallery-icon portrait'>\n\t\t\t\t<a href='https:\/\/www.arquimaster.com.ar\/web\/wp-content\/uploads\/2019\/11\/complejo_industrial_minasur12.jpg' title=\"Complejo industrial Minasur \/ BEarq\" data-rl_title=\"Complejo industrial Minasur \/ BEarq\" class=\"rl-gallery-link\" data-rl_caption=\"Complejo industrial Minasur \/ BEarq\" data-rel=\"lightbox-gallery-1\"><img loading=\"lazy\" decoding=\"async\" width=\"150\" height=\"150\" src=\"https:\/\/www.arquimaster.com.ar\/web\/wp-content\/uploads\/2019\/11\/complejo_industrial_minasur12-150x150.jpg\" class=\"attachment-thumbnail size-thumbnail\" alt=\"\" aria-describedby=\"gallery-1-49906\" \/><\/a>\n\t\t\t<\/div>\n\t\t\t\t<figcaption class='wp-caption-text gallery-caption' id='gallery-1-49906'>\n\t\t\t\tComplejo industrial Minasur \/ BEarq\n\t\t\t\t<\/figcaption><\/figure><figure class='gallery-item'>\n\t\t\t<div class='gallery-icon portrait'>\n\t\t\t\t<a href='https:\/\/www.arquimaster.com.ar\/web\/wp-content\/uploads\/2019\/11\/complejo_industrial_minasur13.jpg' title=\"Complejo industrial Minasur \/ BEarq\" data-rl_title=\"Complejo industrial Minasur \/ BEarq\" class=\"rl-gallery-link\" data-rl_caption=\"Complejo industrial Minasur \/ BEarq\" data-rel=\"lightbox-gallery-1\"><img loading=\"lazy\" decoding=\"async\" width=\"150\" height=\"150\" src=\"https:\/\/www.arquimaster.com.ar\/web\/wp-content\/uploads\/2019\/11\/complejo_industrial_minasur13-150x150.jpg\" class=\"attachment-thumbnail size-thumbnail\" alt=\"\" aria-describedby=\"gallery-1-49907\" \/><\/a>\n\t\t\t<\/div>\n\t\t\t\t<figcaption class='wp-caption-text gallery-caption' id='gallery-1-49907'>\n\t\t\t\tComplejo industrial Minasur \/ BEarq\n\t\t\t\t<\/figcaption><\/figure><figure class='gallery-item'>\n\t\t\t<div class='gallery-icon portrait'>\n\t\t\t\t<a href='https:\/\/www.arquimaster.com.ar\/web\/wp-content\/uploads\/2019\/11\/complejo_industrial_minasur14.jpg' title=\"Complejo industrial Minasur \/ BEarq\" data-rl_title=\"Complejo industrial Minasur \/ BEarq\" class=\"rl-gallery-link\" data-rl_caption=\"Complejo industrial Minasur \/ BEarq\" data-rel=\"lightbox-gallery-1\"><img loading=\"lazy\" decoding=\"async\" width=\"150\" height=\"150\" src=\"https:\/\/www.arquimaster.com.ar\/web\/wp-content\/uploads\/2019\/11\/complejo_industrial_minasur14-150x150.jpg\" class=\"attachment-thumbnail size-thumbnail\" alt=\"\" aria-describedby=\"gallery-1-49908\" \/><\/a>\n\t\t\t<\/div>\n\t\t\t\t<figcaption class='wp-caption-text gallery-caption' id='gallery-1-49908'>\n\t\t\t\tComplejo industrial Minasur \/ BEarq\n\t\t\t\t<\/figcaption><\/figure><figure class='gallery-item'>\n\t\t\t<div class='gallery-icon portrait'>\n\t\t\t\t<a href='https:\/\/www.arquimaster.com.ar\/web\/wp-content\/uploads\/2019\/11\/complejo_industrial_minasur15.jpg' title=\"Complejo industrial Minasur \/ BEarq\" data-rl_title=\"Complejo industrial Minasur \/ BEarq\" class=\"rl-gallery-link\" data-rl_caption=\"Complejo industrial Minasur \/ BEarq\" data-rel=\"lightbox-gallery-1\"><img loading=\"lazy\" decoding=\"async\" width=\"150\" height=\"150\" src=\"https:\/\/www.arquimaster.com.ar\/web\/wp-content\/uploads\/2019\/11\/complejo_industrial_minasur15-150x150.jpg\" class=\"attachment-thumbnail size-thumbnail\" alt=\"\" aria-describedby=\"gallery-1-49909\" \/><\/a>\n\t\t\t<\/div>\n\t\t\t\t<figcaption class='wp-caption-text gallery-caption' id='gallery-1-49909'>\n\t\t\t\tComplejo industrial Minasur \/ BEarq\n\t\t\t\t<\/figcaption><\/figure><figure class='gallery-item'>\n\t\t\t<div class='gallery-icon portrait'>\n\t\t\t\t<a href='https:\/\/www.arquimaster.com.ar\/web\/wp-content\/uploads\/2019\/11\/complejo_industrial_minasur16.jpg' title=\"Complejo industrial Minasur \/ BEarq\" data-rl_title=\"Complejo industrial Minasur \/ BEarq\" class=\"rl-gallery-link\" data-rl_caption=\"Complejo industrial Minasur \/ BEarq\" data-rel=\"lightbox-gallery-1\"><img loading=\"lazy\" decoding=\"async\" width=\"150\" height=\"150\" src=\"https:\/\/www.arquimaster.com.ar\/web\/wp-content\/uploads\/2019\/11\/complejo_industrial_minasur16-150x150.jpg\" class=\"attachment-thumbnail size-thumbnail\" alt=\"\" aria-describedby=\"gallery-1-49910\" \/><\/a>\n\t\t\t<\/div>\n\t\t\t\t<figcaption class='wp-caption-text gallery-caption' id='gallery-1-49910'>\n\t\t\t\tComplejo industrial Minasur \/ BEarq\n\t\t\t\t<\/figcaption><\/figure><figure class='gallery-item'>\n\t\t\t<div class='gallery-icon portrait'>\n\t\t\t\t<a href='https:\/\/www.arquimaster.com.ar\/web\/wp-content\/uploads\/2019\/11\/complejo_industrial_minasur17.jpg' title=\"Complejo industrial Minasur \/ BEarq\" data-rl_title=\"Complejo industrial Minasur \/ BEarq\" class=\"rl-gallery-link\" data-rl_caption=\"Complejo industrial Minasur \/ BEarq\" data-rel=\"lightbox-gallery-1\"><img loading=\"lazy\" decoding=\"async\" width=\"150\" height=\"150\" src=\"https:\/\/www.arquimaster.com.ar\/web\/wp-content\/uploads\/2019\/11\/complejo_industrial_minasur17-150x150.jpg\" class=\"attachment-thumbnail size-thumbnail\" alt=\"\" aria-describedby=\"gallery-1-49911\" \/><\/a>\n\t\t\t<\/div>\n\t\t\t\t<figcaption class='wp-caption-text gallery-caption' id='gallery-1-49911'>\n\t\t\t\tComplejo industrial Minasur \/ BEarq\n\t\t\t\t<\/figcaption><\/figure><figure class='gallery-item'>\n\t\t\t<div class='gallery-icon portrait'>\n\t\t\t\t<a href='https:\/\/www.arquimaster.com.ar\/web\/wp-content\/uploads\/2019\/11\/complejo_industrial_minasur18.jpg' title=\"Complejo industrial Minasur \/ BEarq\" data-rl_title=\"Complejo industrial Minasur \/ BEarq\" class=\"rl-gallery-link\" data-rl_caption=\"Complejo industrial Minasur \/ BEarq\" data-rel=\"lightbox-gallery-1\"><img loading=\"lazy\" decoding=\"async\" width=\"150\" height=\"150\" src=\"https:\/\/www.arquimaster.com.ar\/web\/wp-content\/uploads\/2019\/11\/complejo_industrial_minasur18-150x150.jpg\" class=\"attachment-thumbnail size-thumbnail\" alt=\"\" aria-describedby=\"gallery-1-49912\" \/><\/a>\n\t\t\t<\/div>\n\t\t\t\t<figcaption class='wp-caption-text gallery-caption' id='gallery-1-49912'>\n\t\t\t\tComplejo industrial Minasur \/ BEarq\n\t\t\t\t<\/figcaption><\/figure><figure class='gallery-item'>\n\t\t\t<div class='gallery-icon portrait'>\n\t\t\t\t<a href='https:\/\/www.arquimaster.com.ar\/web\/wp-content\/uploads\/2019\/11\/complejo_industrial_minasur19.jpg' title=\"Complejo industrial Minasur \/ BEarq\" data-rl_title=\"Complejo industrial Minasur \/ BEarq\" class=\"rl-gallery-link\" data-rl_caption=\"Complejo industrial Minasur \/ BEarq\" data-rel=\"lightbox-gallery-1\"><img loading=\"lazy\" decoding=\"async\" width=\"150\" height=\"150\" src=\"https:\/\/www.arquimaster.com.ar\/web\/wp-content\/uploads\/2019\/11\/complejo_industrial_minasur19-150x150.jpg\" class=\"attachment-thumbnail size-thumbnail\" alt=\"\" aria-describedby=\"gallery-1-49913\" \/><\/a>\n\t\t\t<\/div>\n\t\t\t\t<figcaption class='wp-caption-text gallery-caption' id='gallery-1-49913'>\n\t\t\t\tComplejo industrial Minasur \/ BEarq\n\t\t\t\t<\/figcaption><\/figure><figure class='gallery-item'>\n\t\t\t<div class='gallery-icon portrait'>\n\t\t\t\t<a href='https:\/\/www.arquimaster.com.ar\/web\/wp-content\/uploads\/2019\/11\/complejo_industrial_minasur20.jpg' title=\"Complejo industrial Minasur \/ BEarq\" data-rl_title=\"Complejo industrial Minasur \/ BEarq\" class=\"rl-gallery-link\" data-rl_caption=\"Complejo industrial Minasur \/ BEarq\" data-rel=\"lightbox-gallery-1\"><img loading=\"lazy\" decoding=\"async\" width=\"150\" height=\"150\" src=\"https:\/\/www.arquimaster.com.ar\/web\/wp-content\/uploads\/2019\/11\/complejo_industrial_minasur20-150x150.jpg\" class=\"attachment-thumbnail size-thumbnail\" alt=\"\" aria-describedby=\"gallery-1-49914\" \/><\/a>\n\t\t\t<\/div>\n\t\t\t\t<figcaption class='wp-caption-text gallery-caption' id='gallery-1-49914'>\n\t\t\t\tComplejo industrial Minasur \/ BEarq\n\t\t\t\t<\/figcaption><\/figure><figure class='gallery-item'>\n\t\t\t<div class='gallery-icon landscape'>\n\t\t\t\t<a href='https:\/\/www.arquimaster.com.ar\/web\/wp-content\/uploads\/2019\/11\/complejo_industrial_minasur21.jpg' title=\"Complejo industrial Minasur \/ BEarq\" data-rl_title=\"Complejo industrial Minasur \/ BEarq\" class=\"rl-gallery-link\" data-rl_caption=\"Complejo industrial Minasur \/ BEarq\" data-rel=\"lightbox-gallery-1\"><img loading=\"lazy\" decoding=\"async\" width=\"150\" height=\"150\" src=\"https:\/\/www.arquimaster.com.ar\/web\/wp-content\/uploads\/2019\/11\/complejo_industrial_minasur21-150x150.jpg\" class=\"attachment-thumbnail size-thumbnail\" alt=\"\" aria-describedby=\"gallery-1-49915\" \/><\/a>\n\t\t\t<\/div>\n\t\t\t\t<figcaption class='wp-caption-text gallery-caption' id='gallery-1-49915'>\n\t\t\t\tComplejo industrial Minasur \/ BEarq\n\t\t\t\t<\/figcaption><\/figure><figure class='gallery-item'>\n\t\t\t<div class='gallery-icon portrait'>\n\t\t\t\t<a href='https:\/\/www.arquimaster.com.ar\/web\/wp-content\/uploads\/2019\/11\/complejo_industrial_minasur22.jpg' title=\"Complejo industrial Minasur \/ BEarq\" data-rl_title=\"Complejo industrial Minasur \/ BEarq\" class=\"rl-gallery-link\" data-rl_caption=\"Complejo industrial Minasur \/ BEarq\" data-rel=\"lightbox-gallery-1\"><img loading=\"lazy\" decoding=\"async\" width=\"150\" height=\"150\" src=\"https:\/\/www.arquimaster.com.ar\/web\/wp-content\/uploads\/2019\/11\/complejo_industrial_minasur22-150x150.jpg\" class=\"attachment-thumbnail size-thumbnail\" alt=\"\" aria-describedby=\"gallery-1-49916\" \/><\/a>\n\t\t\t<\/div>\n\t\t\t\t<figcaption class='wp-caption-text gallery-caption' id='gallery-1-49916'>\n\t\t\t\tComplejo industrial Minasur \/ BEarq\n\t\t\t\t<\/figcaption><\/figure><figure class='gallery-item'>\n\t\t\t<div class='gallery-icon landscape'>\n\t\t\t\t<a href='https:\/\/www.arquimaster.com.ar\/web\/wp-content\/uploads\/2019\/11\/complejo_industrial_minasur23.jpg' title=\"Complejo industrial Minasur \/ BEarq\" data-rl_title=\"Complejo industrial Minasur \/ BEarq\" class=\"rl-gallery-link\" data-rl_caption=\"Complejo industrial Minasur \/ BEarq\" data-rel=\"lightbox-gallery-1\"><img loading=\"lazy\" decoding=\"async\" width=\"150\" height=\"150\" src=\"https:\/\/www.arquimaster.com.ar\/web\/wp-content\/uploads\/2019\/11\/complejo_industrial_minasur23-150x150.jpg\" class=\"attachment-thumbnail size-thumbnail\" alt=\"\" aria-describedby=\"gallery-1-49917\" \/><\/a>\n\t\t\t<\/div>\n\t\t\t\t<figcaption class='wp-caption-text gallery-caption' id='gallery-1-49917'>\n\t\t\t\tComplejo industrial Minasur \/ BEarq\n\t\t\t\t<\/figcaption><\/figure><figure class='gallery-item'>\n\t\t\t<div class='gallery-icon landscape'>\n\t\t\t\t<a href='https:\/\/www.arquimaster.com.ar\/web\/wp-content\/uploads\/2019\/11\/complejo_industrial_minasur24.jpg' title=\"Complejo industrial Minasur \/ BEarq\" data-rl_title=\"Complejo industrial Minasur \/ BEarq\" class=\"rl-gallery-link\" data-rl_caption=\"Complejo industrial Minasur \/ BEarq\" data-rel=\"lightbox-gallery-1\"><img loading=\"lazy\" decoding=\"async\" width=\"150\" height=\"150\" src=\"https:\/\/www.arquimaster.com.ar\/web\/wp-content\/uploads\/2019\/11\/complejo_industrial_minasur24-150x150.jpg\" class=\"attachment-thumbnail size-thumbnail\" alt=\"\" aria-describedby=\"gallery-1-49918\" \/><\/a>\n\t\t\t<\/div>\n\t\t\t\t<figcaption class='wp-caption-text gallery-caption' id='gallery-1-49918'>\n\t\t\t\tComplejo industrial Minasur \/ BEarq\n\t\t\t\t<\/figcaption><\/figure><figure class='gallery-item'>\n\t\t\t<div class='gallery-icon landscape'>\n\t\t\t\t<a href='https:\/\/www.arquimaster.com.ar\/web\/wp-content\/uploads\/2019\/11\/complejo_industrial_minasur25.jpg' title=\"Complejo industrial Minasur \/ BEarq\" data-rl_title=\"Complejo industrial Minasur \/ BEarq\" class=\"rl-gallery-link\" data-rl_caption=\"Complejo industrial Minasur \/ BEarq\" data-rel=\"lightbox-gallery-1\"><img loading=\"lazy\" decoding=\"async\" width=\"150\" height=\"150\" src=\"https:\/\/www.arquimaster.com.ar\/web\/wp-content\/uploads\/2019\/11\/complejo_industrial_minasur25-150x150.jpg\" class=\"attachment-thumbnail size-thumbnail\" alt=\"\" aria-describedby=\"gallery-1-49919\" \/><\/a>\n\t\t\t<\/div>\n\t\t\t\t<figcaption class='wp-caption-text gallery-caption' id='gallery-1-49919'>\n\t\t\t\tComplejo industrial Minasur \/ BEarq\n\t\t\t\t<\/figcaption><\/figure><figure class='gallery-item'>\n\t\t\t<div class='gallery-icon landscape'>\n\t\t\t\t<a href='https:\/\/www.arquimaster.com.ar\/web\/wp-content\/uploads\/2019\/11\/complejo_industrial_minasur26.jpg' title=\"Complejo industrial Minasur \/ BEarq\" data-rl_title=\"Complejo industrial Minasur \/ BEarq\" class=\"rl-gallery-link\" data-rl_caption=\"Complejo industrial Minasur \/ BEarq\" data-rel=\"lightbox-gallery-1\"><img loading=\"lazy\" decoding=\"async\" width=\"150\" height=\"150\" src=\"https:\/\/www.arquimaster.com.ar\/web\/wp-content\/uploads\/2019\/11\/complejo_industrial_minasur26-150x150.jpg\" class=\"attachment-thumbnail size-thumbnail\" alt=\"\" aria-describedby=\"gallery-1-49920\" \/><\/a>\n\t\t\t<\/div>\n\t\t\t\t<figcaption class='wp-caption-text gallery-caption' id='gallery-1-49920'>\n\t\t\t\tComplejo industrial Minasur \/ BEarq\n\t\t\t\t<\/figcaption><\/figure><figure class='gallery-item'>\n\t\t\t<div class='gallery-icon portrait'>\n\t\t\t\t<a href='https:\/\/www.arquimaster.com.ar\/web\/wp-content\/uploads\/2019\/11\/complejo_industrial_minasur27.jpg' title=\"Complejo industrial Minasur \/ BEarq\" data-rl_title=\"Complejo industrial Minasur \/ BEarq\" class=\"rl-gallery-link\" data-rl_caption=\"Complejo industrial Minasur \/ BEarq\" data-rel=\"lightbox-gallery-1\"><img loading=\"lazy\" decoding=\"async\" width=\"150\" height=\"150\" src=\"https:\/\/www.arquimaster.com.ar\/web\/wp-content\/uploads\/2019\/11\/complejo_industrial_minasur27-150x150.jpg\" class=\"attachment-thumbnail size-thumbnail\" alt=\"\" aria-describedby=\"gallery-1-49921\" \/><\/a>\n\t\t\t<\/div>\n\t\t\t\t<figcaption class='wp-caption-text gallery-caption' id='gallery-1-49921'>\n\t\t\t\tComplejo industrial Minasur \/ BEarq\n\t\t\t\t<\/figcaption><\/figure><figure class='gallery-item'>\n\t\t\t<div class='gallery-icon portrait'>\n\t\t\t\t<a href='https:\/\/www.arquimaster.com.ar\/web\/wp-content\/uploads\/2019\/11\/complejo_industrial_minasur28.jpg' title=\"Complejo industrial Minasur \/ BEarq\" data-rl_title=\"Complejo industrial Minasur \/ BEarq\" class=\"rl-gallery-link\" data-rl_caption=\"Complejo industrial Minasur \/ BEarq\" data-rel=\"lightbox-gallery-1\"><img loading=\"lazy\" decoding=\"async\" width=\"150\" height=\"150\" src=\"https:\/\/www.arquimaster.com.ar\/web\/wp-content\/uploads\/2019\/11\/complejo_industrial_minasur28-150x150.jpg\" class=\"attachment-thumbnail size-thumbnail\" alt=\"\" aria-describedby=\"gallery-1-49922\" \/><\/a>\n\t\t\t<\/div>\n\t\t\t\t<figcaption class='wp-caption-text gallery-caption' id='gallery-1-49922'>\n\t\t\t\tComplejo industrial Minasur \/ BEarq\n\t\t\t\t<\/figcaption><\/figure><figure class='gallery-item'>\n\t\t\t<div class='gallery-icon landscape'>\n\t\t\t\t<a href='https:\/\/www.arquimaster.com.ar\/web\/wp-content\/uploads\/2019\/11\/complejo_industrial_minasur29.jpg' title=\"Complejo industrial Minasur \/ BEarq (axonometria)\" data-rl_title=\"Complejo industrial Minasur \/ BEarq (axonometria)\" class=\"rl-gallery-link\" data-rl_caption=\"Complejo industrial Minasur \/ BEarq (axonometria)\" data-rel=\"lightbox-gallery-1\"><img loading=\"lazy\" decoding=\"async\" width=\"150\" height=\"150\" src=\"https:\/\/www.arquimaster.com.ar\/web\/wp-content\/uploads\/2019\/11\/complejo_industrial_minasur29-150x150.jpg\" class=\"attachment-thumbnail size-thumbnail\" alt=\"\" aria-describedby=\"gallery-1-49923\" \/><\/a>\n\t\t\t<\/div>\n\t\t\t\t<figcaption class='wp-caption-text gallery-caption' id='gallery-1-49923'>\n\t\t\t\tComplejo industrial Minasur \/ BEarq (axonometria)\n\t\t\t\t<\/figcaption><\/figure><figure class='gallery-item'>\n\t\t\t<div class='gallery-icon landscape'>\n\t\t\t\t<a href='https:\/\/www.arquimaster.com.ar\/web\/wp-content\/uploads\/2019\/11\/complejo_industrial_minasur30.jpg' title=\"Complejo industrial Minasur \/ BEarq (implantacion)\" data-rl_title=\"Complejo industrial Minasur \/ BEarq (implantacion)\" class=\"rl-gallery-link\" data-rl_caption=\"Complejo industrial Minasur \/ BEarq (implantacion)\" data-rel=\"lightbox-gallery-1\"><img loading=\"lazy\" decoding=\"async\" width=\"150\" height=\"150\" src=\"https:\/\/www.arquimaster.com.ar\/web\/wp-content\/uploads\/2019\/11\/complejo_industrial_minasur30-150x150.jpg\" class=\"attachment-thumbnail size-thumbnail\" alt=\"\" aria-describedby=\"gallery-1-49924\" srcset=\"https:\/\/www.arquimaster.com.ar\/web\/wp-content\/uploads\/2019\/11\/complejo_industrial_minasur30-150x150.jpg 150w, https:\/\/www.arquimaster.com.ar\/web\/wp-content\/uploads\/2019\/11\/complejo_industrial_minasur30-768x768.jpg 768w, https:\/\/www.arquimaster.com.ar\/web\/wp-content\/uploads\/2019\/11\/complejo_industrial_minasur30.jpg 800w\" sizes=\"auto, (max-width: 150px) 100vw, 150px\" \/><\/a>\n\t\t\t<\/div>\n\t\t\t\t<figcaption class='wp-caption-text gallery-caption' id='gallery-1-49924'>\n\t\t\t\tComplejo industrial Minasur \/ BEarq (implantacion)\n\t\t\t\t<\/figcaption><\/figure><figure class='gallery-item'>\n\t\t\t<div class='gallery-icon landscape'>\n\t\t\t\t<a href='https:\/\/www.arquimaster.com.ar\/web\/wp-content\/uploads\/2019\/11\/complejo_industrial_minasur31-scaled.jpg' title=\"Complejo industrial Minasur \/ BEarq (planta)\" data-rl_title=\"Complejo industrial Minasur \/ BEarq (planta)\" class=\"rl-gallery-link\" data-rl_caption=\"Complejo industrial Minasur \/ BEarq (planta)\" data-rel=\"lightbox-gallery-1\"><img loading=\"lazy\" decoding=\"async\" width=\"150\" height=\"150\" src=\"https:\/\/www.arquimaster.com.ar\/web\/wp-content\/uploads\/2019\/11\/complejo_industrial_minasur31-150x150.jpg\" class=\"attachment-thumbnail size-thumbnail\" alt=\"\" aria-describedby=\"gallery-1-49925\" \/><\/a>\n\t\t\t<\/div>\n\t\t\t\t<figcaption class='wp-caption-text gallery-caption' id='gallery-1-49925'>\n\t\t\t\tComplejo industrial Minasur \/ BEarq (planta)\n\t\t\t\t<\/figcaption><\/figure><figure class='gallery-item'>\n\t\t\t<div class='gallery-icon landscape'>\n\t\t\t\t<a href='https:\/\/www.arquimaster.com.ar\/web\/wp-content\/uploads\/2019\/11\/complejo_industrial_minasur32.jpg' title=\"Complejo industrial Minasur \/ BEarq (corte)\" data-rl_title=\"Complejo industrial Minasur \/ BEarq (corte)\" class=\"rl-gallery-link\" data-rl_caption=\"Complejo industrial Minasur \/ BEarq (corte)\" data-rel=\"lightbox-gallery-1\"><img loading=\"lazy\" decoding=\"async\" width=\"150\" height=\"150\" src=\"https:\/\/www.arquimaster.com.ar\/web\/wp-content\/uploads\/2019\/11\/complejo_industrial_minasur32-150x150.jpg\" class=\"attachment-thumbnail size-thumbnail\" alt=\"\" aria-describedby=\"gallery-1-49926\" \/><\/a>\n\t\t\t<\/div>\n\t\t\t\t<figcaption class='wp-caption-text gallery-caption' id='gallery-1-49926'>\n\t\t\t\tComplejo industrial Minasur \/ BEarq (corte)\n\t\t\t\t<\/figcaption><\/figure><figure class='gallery-item'>\n\t\t\t<div class='gallery-icon landscape'>\n\t\t\t\t<a href='https:\/\/www.arquimaster.com.ar\/web\/wp-content\/uploads\/2019\/11\/complejo_industrial_minasur33.jpg' title=\"Complejo industrial Minasur \/ BEarq (corte)\" data-rl_title=\"Complejo industrial Minasur \/ BEarq (corte)\" class=\"rl-gallery-link\" data-rl_caption=\"Complejo industrial Minasur \/ BEarq (corte)\" data-rel=\"lightbox-gallery-1\"><img loading=\"lazy\" decoding=\"async\" width=\"150\" height=\"150\" src=\"https:\/\/www.arquimaster.com.ar\/web\/wp-content\/uploads\/2019\/11\/complejo_industrial_minasur33-150x150.jpg\" class=\"attachment-thumbnail size-thumbnail\" alt=\"\" aria-describedby=\"gallery-1-49927\" \/><\/a>\n\t\t\t<\/div>\n\t\t\t\t<figcaption class='wp-caption-text gallery-caption' id='gallery-1-49927'>\n\t\t\t\tComplejo industrial Minasur \/ BEarq (corte)\n\t\t\t\t<\/figcaption><\/figure><figure class='gallery-item'>\n\t\t\t<div class='gallery-icon landscape'>\n\t\t\t\t<a href='https:\/\/www.arquimaster.com.ar\/web\/wp-content\/uploads\/2019\/11\/complejo_industrial_minasur34.jpg' title=\"Complejo industrial Minasur \/ BEarq (vista frente)\" data-rl_title=\"Complejo industrial Minasur \/ BEarq (vista frente)\" class=\"rl-gallery-link\" data-rl_caption=\"Complejo industrial Minasur \/ BEarq (vista frente)\" data-rel=\"lightbox-gallery-1\"><img loading=\"lazy\" decoding=\"async\" width=\"150\" height=\"150\" src=\"https:\/\/www.arquimaster.com.ar\/web\/wp-content\/uploads\/2019\/11\/complejo_industrial_minasur34-150x150.jpg\" class=\"attachment-thumbnail size-thumbnail\" alt=\"\" aria-describedby=\"gallery-1-49928\" \/><\/a>\n\t\t\t<\/div>\n\t\t\t\t<figcaption class='wp-caption-text gallery-caption' id='gallery-1-49928'>\n\t\t\t\tComplejo industrial Minasur \/ BEarq (vista frente)\n\t\t\t\t<\/figcaption><\/figure><figure class='gallery-item'>\n\t\t\t<div class='gallery-icon landscape'>\n\t\t\t\t<a href='https:\/\/www.arquimaster.com.ar\/web\/wp-content\/uploads\/2019\/11\/complejo_industrial_minasur35.jpg' title=\"Complejo industrial Minasur \/ BEarq (vista lateral)\" data-rl_title=\"Complejo industrial Minasur \/ BEarq (vista lateral)\" class=\"rl-gallery-link\" data-rl_caption=\"Complejo industrial Minasur \/ BEarq (vista lateral)\" data-rel=\"lightbox-gallery-1\"><img loading=\"lazy\" decoding=\"async\" width=\"150\" height=\"150\" src=\"https:\/\/www.arquimaster.com.ar\/web\/wp-content\/uploads\/2019\/11\/complejo_industrial_minasur35-150x150.jpg\" class=\"attachment-thumbnail size-thumbnail\" alt=\"\" aria-describedby=\"gallery-1-49929\" \/><\/a>\n\t\t\t<\/div>\n\t\t\t\t<figcaption class='wp-caption-text gallery-caption' id='gallery-1-49929'>\n\t\t\t\tComplejo industrial Minasur \/ BEarq (vista lateral)\n\t\t\t\t<\/figcaption><\/figure><figure class='gallery-item'>\n\t\t\t<div class='gallery-icon landscape'>\n\t\t\t\t<a href='https:\/\/www.arquimaster.com.ar\/web\/wp-content\/uploads\/2019\/11\/complejo_industrial_minasur36.jpg' title=\"Complejo industrial Minasur \/ BEarq (detalles constructivos)\" data-rl_title=\"Complejo industrial Minasur \/ BEarq (detalles constructivos)\" class=\"rl-gallery-link\" data-rl_caption=\"Complejo industrial Minasur \/ BEarq (detalles constructivos)\" data-rel=\"lightbox-gallery-1\"><img loading=\"lazy\" decoding=\"async\" width=\"150\" height=\"150\" src=\"https:\/\/www.arquimaster.com.ar\/web\/wp-content\/uploads\/2019\/11\/complejo_industrial_minasur36-150x150.jpg\" class=\"attachment-thumbnail size-thumbnail\" alt=\"\" aria-describedby=\"gallery-1-49930\" \/><\/a>\n\t\t\t<\/div>\n\t\t\t\t<figcaption class='wp-caption-text gallery-caption' id='gallery-1-49930'>\n\t\t\t\tComplejo industrial Minasur \/ BEarq (detalles constructivos)\n\t\t\t\t<\/figcaption><\/figure>\n\t\t<\/div>\n\n<p>El proyecto debe soportar el desarrollo de actividades lineales: Acopio, producci\u00f3n, almacenamiento y despacho, funciones que proponemos solventar con el m\u00ednimo de recursos. Los sistemas se solventan emp\u00edricamente y en funci\u00f3n de la experiencia previa de la empresa promotora.<\/p>\n<p>Tres vol\u00famenes paralelos resuelven el proyecto; el primero y m\u00e1s bajo se compone de tres paralelep\u00edpedos compactos contenedores del \u00e1rea administrativa, servicios e industrias nobles. Paralelo a \u00e9ste se propone un bloque regular, longitudinal para la zona de circulaci\u00f3n y carga, constituy\u00e9ndose en el eje articulador del proyecto. El tercer volumen se sirve de la circulaci\u00f3n, el m\u00e1s alto de los cuatro y de planta libre, funciona como espacio principal de almacenamiento.<\/p>\n<p>El orden del proyecto lo determina el ritmo estructural; dejamos adem\u00e1s que la construcci\u00f3n y material determinen la expresi\u00f3n formal del proyecto, quedando manifiesta la preocupaci\u00f3n por el uso de sistemas artesanales locales y la honestidad del material en cada espacio propuesto.<\/p>\n<p><strong>Ficha tecnica<\/strong><br>Nombre: Complejo industrial Minasur<br>Ubicaci\u00f3n: Motupe, Loja, Ecuador<br>Oficina de Arquitectura: BEarq<br>Arquitectos a cargo: Tatiane Corsi Garcia, Daniel Arias Polo, David Arias Polo<br>Clientes: Importadora Minasur<br>Dibujo: Javier Villamagua <br>Ingenier\u00eda estructural: Ing. Carlos Jaramillo<br>Construcci\u00f3n: BEco<br>Superficie construida: 600 m2<br>A\u00f1o finalizaci\u00f3n construcci\u00f3n: 2018<br>Fotograf\u00edas: BEarq &#8211; FB estudio<\/p>\n<p><strong>Contacto<\/strong><br><a href=\"http:\/\/www.brasilecuadorarq.com\" target=\"_blank\" rel=\"noopener noreferrer\">http:\/\/www.brasilecuadorarq.com<\/a><\/p>\n\n\n<div style=\"height:20px\" aria-hidden=\"true\" class=\"wp-block-spacer\"><\/div>\n\n\n<p><em><strong>English version<\/strong><\/em><\/p>\n<p><em>The main building is located in the upper part of the land, joined to the eucalyptus forest, where the topography is more favorable and the winds are manifest, in addition to forcing an isolation to the scattered city where it is located, using the vacuum as a resource. The proposed volume then responds to natural and social pre-existence, promoting the collection of winds and cross air circulation and generating architectural barriers with the neighborhood.<\/em><\/p>\n<p><em>The project must support the development of linear activities: Collection, production, storage and dispatch, functions that we propose to solve with the minimum resources. The systems are solvent empirically and based on the previous experience of the developer company.<\/em><\/p>\n<p><em>Three parallel volumes solve the project; the first and lowest consists of three compact parallelepiped containers of the administrative area, services and noble industries. Parallel to this, a regular, longitudinal block is proposed for the circulation and loading area, constituting the articulating axis of the project. The third volume uses circulation, the highest of the four and free plant, functions as the main storage space.<\/em><\/p>\n<p><em>The structural rhythm is determined by the order of the project; we also let the construction and material determine the formal expression of the project, expressing concern about the use of local artisanal systems and the honesty of the material in each proposed space.<\/em><\/p>\n<div style=\"font-size: 0px; height: 0px; line-height: 0px; margin: 0; padding: 0; clear: both;\"><\/div><div style=\"margin-top: 0px; margin-bottom: 0px;\" class=\"sharethis-inline-share-buttons\" ><\/div>","protected":false},"excerpt":{"rendered":"<p>El orden del proyecto lo determina el ritmo estructural y el desarrollo de actividades lineales&#8230;<\/p>\n","protected":false},"author":1,"featured_media":49894,"comment_status":"closed","ping_status":"closed","sticky":false,"template":"","format":"standard","meta":{"_uag_custom_page_level_css":"","footnotes":""},"categories":[75,6789,1],"tags":[5495,5497,2447,5499,5498,5233,5496],"class_list":["post-49893","post","type-post","status-publish","format-standard","has-post-thumbnail","hentry","category-arquitectura-comercial","category-arquitectura-industrial","category-proyecto","tag-daniel-arias-polo","tag-david-arias-polo","tag-ecuador","tag-loja","tag-motupe","tag-planta-industrial","tag-tatiane-corsi-garcia","generate-columns","tablet-grid-50","mobile-grid-100","grid-parent","grid-50"],"yoast_head":"<!-- This site is optimized with the Yoast SEO plugin v27.3 - https:\/\/yoast.com\/product\/yoast-seo-wordpress\/ -->\n<title>Complejo industrial Minasur \/ BEarq - Arquimaster<\/title>\n<meta name=\"description\" content=\"El volumen propuesto responde a las pre-existencias naturales y sociales, promoviendo el acopio de vientos y circulaci\u00f3n de aire cruzada y generando barreras arquitect\u00f3nicas con la vecindad.\" \/>\n<meta name=\"robots\" content=\"index, follow, max-snippet:-1, max-image-preview:large, max-video-preview:-1\" \/>\n<link rel=\"canonical\" href=\"https:\/\/www.arquimaster.com.ar\/web\/complejo-industrial-minasur-bearq\/\" \/>\n<meta property=\"og:locale\" content=\"es_ES\" \/>\n<meta property=\"og:type\" content=\"article\" \/>\n<meta property=\"og:title\" content=\"Complejo industrial Minasur \/ BEarq\" \/>\n<meta property=\"og:description\" content=\"El volumen propuesto responde a las pre-existencias naturales y sociales, promoviendo el acopio de vientos y circulaci\u00f3n de aire cruzada y generando barreras arquitect\u00f3nicas con la vecindad.\" \/>\n<meta property=\"og:url\" content=\"https:\/\/www.arquimaster.com.ar\/web\/complejo-industrial-minasur-bearq\/\" \/>\n<meta property=\"og:site_name\" content=\"Arquimaster\" \/>\n<meta property=\"article:publisher\" content=\"http:\/\/www.facebook.com\/ARQUIMASTER.com.ar\" \/>\n<meta property=\"article:published_time\" content=\"2019-11-27T16:19:30+00:00\" \/>\n<meta property=\"article:modified_time\" content=\"2021-01-14T22:56:02+00:00\" \/>\n<meta property=\"og:image\" content=\"https:\/\/www.arquimaster.com.ar\/web\/wp-content\/uploads\/2019\/11\/complejo_industrial_minasur_slide.jpg\" \/>\n\t<meta property=\"og:image:width\" content=\"698\" \/>\n\t<meta property=\"og:image:height\" content=\"364\" \/>\n\t<meta property=\"og:image:type\" content=\"image\/jpeg\" \/>\n<meta name=\"author\" content=\"Arquimaster\" \/>\n<meta name=\"twitter:card\" content=\"summary_large_image\" \/>\n<meta name=\"twitter:title\" content=\"Complejo industrial Minasur \/ BEarq\" \/>\n<meta name=\"twitter:description\" content=\"El volumen propuesto responde a las pre-existencias naturales y sociales, promoviendo el acopio de vientos y circulaci\u00f3n de aire cruzada y generando barreras arquitect\u00f3nicas con la vecindad.\" \/>\n<meta name=\"twitter:image\" content=\"https:\/\/www.arquimaster.com.ar\/web\/wp-content\/uploads\/2019\/11\/complejo_industrial_minasur_slide.jpg\" \/>\n<meta name=\"twitter:creator\" content=\"@arquimaster\" \/>\n<meta name=\"twitter:site\" content=\"@arquimaster\" \/>\n<meta name=\"twitter:label1\" content=\"Escrito por\" \/>\n\t<meta name=\"twitter:data1\" content=\"Arquimaster\" \/>\n\t<meta name=\"twitter:label2\" content=\"Tiempo de lectura\" \/>\n\t<meta name=\"twitter:data2\" content=\"3 minutos\" \/>\n<script type=\"application\/ld+json\" class=\"yoast-schema-graph\">{\"@context\":\"https:\\\/\\\/schema.org\",\"@graph\":[{\"@type\":\"Article\",\"@id\":\"https:\\\/\\\/www.arquimaster.com.ar\\\/web\\\/complejo-industrial-minasur-bearq\\\/#article\",\"isPartOf\":{\"@id\":\"https:\\\/\\\/www.arquimaster.com.ar\\\/web\\\/complejo-industrial-minasur-bearq\\\/\"},\"author\":{\"name\":\"Arquimaster\",\"@id\":\"https:\\\/\\\/www.arquimaster.com.ar\\\/web\\\/#\\\/schema\\\/person\\\/359e9f7c00193fcde068e0dd2ceb0028\"},\"headline\":\"Complejo industrial Minasur \\\/ BEarq\",\"datePublished\":\"2019-11-27T16:19:30+00:00\",\"dateModified\":\"2021-01-14T22:56:02+00:00\",\"mainEntityOfPage\":{\"@id\":\"https:\\\/\\\/www.arquimaster.com.ar\\\/web\\\/complejo-industrial-minasur-bearq\\\/\"},\"wordCount\":541,\"publisher\":{\"@id\":\"https:\\\/\\\/www.arquimaster.com.ar\\\/web\\\/#organization\"},\"image\":{\"@id\":\"https:\\\/\\\/www.arquimaster.com.ar\\\/web\\\/complejo-industrial-minasur-bearq\\\/#primaryimage\"},\"thumbnailUrl\":\"https:\\\/\\\/www.arquimaster.com.ar\\\/web\\\/wp-content\\\/uploads\\\/2019\\\/11\\\/complejo_industrial_minasur_slide.jpg\",\"keywords\":[\"Daniel Arias Polo\",\"David Arias Polo\",\"Ecuador\",\"Loja\",\"Motupe\",\"planta industrial\",\"Tatiane Corsi Garcia\"],\"articleSection\":[\"Arquitectura comercial\",\"Arquitectura industrial\",\"Proyecto\"],\"inLanguage\":\"es\"},{\"@type\":\"WebPage\",\"@id\":\"https:\\\/\\\/www.arquimaster.com.ar\\\/web\\\/complejo-industrial-minasur-bearq\\\/\",\"url\":\"https:\\\/\\\/www.arquimaster.com.ar\\\/web\\\/complejo-industrial-minasur-bearq\\\/\",\"name\":\"Complejo industrial Minasur \\\/ BEarq - Arquimaster\",\"isPartOf\":{\"@id\":\"https:\\\/\\\/www.arquimaster.com.ar\\\/web\\\/#website\"},\"primaryImageOfPage\":{\"@id\":\"https:\\\/\\\/www.arquimaster.com.ar\\\/web\\\/complejo-industrial-minasur-bearq\\\/#primaryimage\"},\"image\":{\"@id\":\"https:\\\/\\\/www.arquimaster.com.ar\\\/web\\\/complejo-industrial-minasur-bearq\\\/#primaryimage\"},\"thumbnailUrl\":\"https:\\\/\\\/www.arquimaster.com.ar\\\/web\\\/wp-content\\\/uploads\\\/2019\\\/11\\\/complejo_industrial_minasur_slide.jpg\",\"datePublished\":\"2019-11-27T16:19:30+00:00\",\"dateModified\":\"2021-01-14T22:56:02+00:00\",\"description\":\"El volumen propuesto responde a las pre-existencias naturales y sociales, promoviendo el acopio de vientos y circulaci\u00f3n de aire cruzada y generando barreras arquitect\u00f3nicas con la vecindad.\",\"breadcrumb\":{\"@id\":\"https:\\\/\\\/www.arquimaster.com.ar\\\/web\\\/complejo-industrial-minasur-bearq\\\/#breadcrumb\"},\"inLanguage\":\"es\",\"potentialAction\":[{\"@type\":\"ReadAction\",\"target\":[\"https:\\\/\\\/www.arquimaster.com.ar\\\/web\\\/complejo-industrial-minasur-bearq\\\/\"]}]},{\"@type\":\"ImageObject\",\"inLanguage\":\"es\",\"@id\":\"https:\\\/\\\/www.arquimaster.com.ar\\\/web\\\/complejo-industrial-minasur-bearq\\\/#primaryimage\",\"url\":\"https:\\\/\\\/www.arquimaster.com.ar\\\/web\\\/wp-content\\\/uploads\\\/2019\\\/11\\\/complejo_industrial_minasur_slide.jpg\",\"contentUrl\":\"https:\\\/\\\/www.arquimaster.com.ar\\\/web\\\/wp-content\\\/uploads\\\/2019\\\/11\\\/complejo_industrial_minasur_slide.jpg\",\"width\":698,\"height\":364},{\"@type\":\"BreadcrumbList\",\"@id\":\"https:\\\/\\\/www.arquimaster.com.ar\\\/web\\\/complejo-industrial-minasur-bearq\\\/#breadcrumb\",\"itemListElement\":[{\"@type\":\"ListItem\",\"position\":1,\"name\":\"Portada\",\"item\":\"https:\\\/\\\/www.arquimaster.com.ar\\\/web\\\/\"},{\"@type\":\"ListItem\",\"position\":2,\"name\":\"Complejo industrial Minasur \\\/ BEarq\"}]},{\"@type\":\"WebSite\",\"@id\":\"https:\\\/\\\/www.arquimaster.com.ar\\\/web\\\/#website\",\"url\":\"https:\\\/\\\/www.arquimaster.com.ar\\\/web\\\/\",\"name\":\"Arquimaster\",\"description\":\"Web de arquitectura, dise\u00f1o y construccion\",\"publisher\":{\"@id\":\"https:\\\/\\\/www.arquimaster.com.ar\\\/web\\\/#organization\"},\"potentialAction\":[{\"@type\":\"SearchAction\",\"target\":{\"@type\":\"EntryPoint\",\"urlTemplate\":\"https:\\\/\\\/www.arquimaster.com.ar\\\/web\\\/?s={search_term_string}\"},\"query-input\":{\"@type\":\"PropertyValueSpecification\",\"valueRequired\":true,\"valueName\":\"search_term_string\"}}],\"inLanguage\":\"es\"},{\"@type\":\"Organization\",\"@id\":\"https:\\\/\\\/www.arquimaster.com.ar\\\/web\\\/#organization\",\"name\":\"Arquimaster\",\"url\":\"https:\\\/\\\/www.arquimaster.com.ar\\\/web\\\/\",\"logo\":{\"@type\":\"ImageObject\",\"inLanguage\":\"es\",\"@id\":\"https:\\\/\\\/www.arquimaster.com.ar\\\/web\\\/#\\\/schema\\\/logo\\\/image\\\/\",\"url\":\"https:\\\/\\\/www.arquimaster.com.ar\\\/web\\\/wp-content\\\/uploads\\\/2022\\\/06\\\/arquimaster.png\",\"contentUrl\":\"https:\\\/\\\/www.arquimaster.com.ar\\\/web\\\/wp-content\\\/uploads\\\/2022\\\/06\\\/arquimaster.png\",\"width\":594,\"height\":78,\"caption\":\"Arquimaster\"},\"image\":{\"@id\":\"https:\\\/\\\/www.arquimaster.com.ar\\\/web\\\/#\\\/schema\\\/logo\\\/image\\\/\"},\"sameAs\":[\"http:\\\/\\\/www.facebook.com\\\/ARQUIMASTER.com.ar\",\"https:\\\/\\\/x.com\\\/arquimaster\",\"https:\\\/\\\/www.instagram.com\\\/arquimasterblog\\\/\",\"https:\\\/\\\/www.linkedin.com\\\/company\\\/arquimaster\",\"https:\\\/\\\/www.pinterest.com\\\/arquimaster\",\"https:\\\/\\\/t.me\\\/arquimaster\"]},{\"@type\":\"Person\",\"@id\":\"https:\\\/\\\/www.arquimaster.com.ar\\\/web\\\/#\\\/schema\\\/person\\\/359e9f7c00193fcde068e0dd2ceb0028\",\"name\":\"Arquimaster\"}]}<\/script>\n<!-- \/ Yoast SEO plugin. -->","yoast_head_json":{"title":"Complejo industrial Minasur \/ BEarq - Arquimaster","description":"El volumen propuesto responde a las pre-existencias naturales y sociales, promoviendo el acopio de vientos y circulaci\u00f3n de aire cruzada y generando barreras arquitect\u00f3nicas con la vecindad.","robots":{"index":"index","follow":"follow","max-snippet":"max-snippet:-1","max-image-preview":"max-image-preview:large","max-video-preview":"max-video-preview:-1"},"canonical":"https:\/\/www.arquimaster.com.ar\/web\/complejo-industrial-minasur-bearq\/","og_locale":"es_ES","og_type":"article","og_title":"Complejo industrial Minasur \/ BEarq","og_description":"El volumen propuesto responde a las pre-existencias naturales y sociales, promoviendo el acopio de vientos y circulaci\u00f3n de aire cruzada y generando barreras arquitect\u00f3nicas con la vecindad.","og_url":"https:\/\/www.arquimaster.com.ar\/web\/complejo-industrial-minasur-bearq\/","og_site_name":"Arquimaster","article_publisher":"http:\/\/www.facebook.com\/ARQUIMASTER.com.ar","article_published_time":"2019-11-27T16:19:30+00:00","article_modified_time":"2021-01-14T22:56:02+00:00","og_image":[{"width":698,"height":364,"url":"https:\/\/www.arquimaster.com.ar\/web\/wp-content\/uploads\/2019\/11\/complejo_industrial_minasur_slide.jpg","type":"image\/jpeg"}],"author":"Arquimaster","twitter_card":"summary_large_image","twitter_title":"Complejo industrial Minasur \/ BEarq","twitter_description":"El volumen propuesto responde a las pre-existencias naturales y sociales, promoviendo el acopio de vientos y circulaci\u00f3n de aire cruzada y generando barreras arquitect\u00f3nicas con la vecindad.","twitter_image":"https:\/\/www.arquimaster.com.ar\/web\/wp-content\/uploads\/2019\/11\/complejo_industrial_minasur_slide.jpg","twitter_creator":"@arquimaster","twitter_site":"@arquimaster","twitter_misc":{"Escrito por":"Arquimaster","Tiempo de lectura":"3 minutos"},"schema":{"@context":"https:\/\/schema.org","@graph":[{"@type":"Article","@id":"https:\/\/www.arquimaster.com.ar\/web\/complejo-industrial-minasur-bearq\/#article","isPartOf":{"@id":"https:\/\/www.arquimaster.com.ar\/web\/complejo-industrial-minasur-bearq\/"},"author":{"name":"Arquimaster","@id":"https:\/\/www.arquimaster.com.ar\/web\/#\/schema\/person\/359e9f7c00193fcde068e0dd2ceb0028"},"headline":"Complejo industrial Minasur \/ BEarq","datePublished":"2019-11-27T16:19:30+00:00","dateModified":"2021-01-14T22:56:02+00:00","mainEntityOfPage":{"@id":"https:\/\/www.arquimaster.com.ar\/web\/complejo-industrial-minasur-bearq\/"},"wordCount":541,"publisher":{"@id":"https:\/\/www.arquimaster.com.ar\/web\/#organization"},"image":{"@id":"https:\/\/www.arquimaster.com.ar\/web\/complejo-industrial-minasur-bearq\/#primaryimage"},"thumbnailUrl":"https:\/\/www.arquimaster.com.ar\/web\/wp-content\/uploads\/2019\/11\/complejo_industrial_minasur_slide.jpg","keywords":["Daniel Arias Polo","David Arias Polo","Ecuador","Loja","Motupe","planta industrial","Tatiane Corsi Garcia"],"articleSection":["Arquitectura comercial","Arquitectura industrial","Proyecto"],"inLanguage":"es"},{"@type":"WebPage","@id":"https:\/\/www.arquimaster.com.ar\/web\/complejo-industrial-minasur-bearq\/","url":"https:\/\/www.arquimaster.com.ar\/web\/complejo-industrial-minasur-bearq\/","name":"Complejo industrial Minasur \/ BEarq - Arquimaster","isPartOf":{"@id":"https:\/\/www.arquimaster.com.ar\/web\/#website"},"primaryImageOfPage":{"@id":"https:\/\/www.arquimaster.com.ar\/web\/complejo-industrial-minasur-bearq\/#primaryimage"},"image":{"@id":"https:\/\/www.arquimaster.com.ar\/web\/complejo-industrial-minasur-bearq\/#primaryimage"},"thumbnailUrl":"https:\/\/www.arquimaster.com.ar\/web\/wp-content\/uploads\/2019\/11\/complejo_industrial_minasur_slide.jpg","datePublished":"2019-11-27T16:19:30+00:00","dateModified":"2021-01-14T22:56:02+00:00","description":"El volumen propuesto responde a las pre-existencias naturales y sociales, promoviendo el acopio de vientos y circulaci\u00f3n de aire cruzada y generando barreras arquitect\u00f3nicas con la vecindad.","breadcrumb":{"@id":"https:\/\/www.arquimaster.com.ar\/web\/complejo-industrial-minasur-bearq\/#breadcrumb"},"inLanguage":"es","potentialAction":[{"@type":"ReadAction","target":["https:\/\/www.arquimaster.com.ar\/web\/complejo-industrial-minasur-bearq\/"]}]},{"@type":"ImageObject","inLanguage":"es","@id":"https:\/\/www.arquimaster.com.ar\/web\/complejo-industrial-minasur-bearq\/#primaryimage","url":"https:\/\/www.arquimaster.com.ar\/web\/wp-content\/uploads\/2019\/11\/complejo_industrial_minasur_slide.jpg","contentUrl":"https:\/\/www.arquimaster.com.ar\/web\/wp-content\/uploads\/2019\/11\/complejo_industrial_minasur_slide.jpg","width":698,"height":364},{"@type":"BreadcrumbList","@id":"https:\/\/www.arquimaster.com.ar\/web\/complejo-industrial-minasur-bearq\/#breadcrumb","itemListElement":[{"@type":"ListItem","position":1,"name":"Portada","item":"https:\/\/www.arquimaster.com.ar\/web\/"},{"@type":"ListItem","position":2,"name":"Complejo industrial Minasur \/ BEarq"}]},{"@type":"WebSite","@id":"https:\/\/www.arquimaster.com.ar\/web\/#website","url":"https:\/\/www.arquimaster.com.ar\/web\/","name":"Arquimaster","description":"Web de arquitectura, dise\u00f1o y construccion","publisher":{"@id":"https:\/\/www.arquimaster.com.ar\/web\/#organization"},"potentialAction":[{"@type":"SearchAction","target":{"@type":"EntryPoint","urlTemplate":"https:\/\/www.arquimaster.com.ar\/web\/?s={search_term_string}"},"query-input":{"@type":"PropertyValueSpecification","valueRequired":true,"valueName":"search_term_string"}}],"inLanguage":"es"},{"@type":"Organization","@id":"https:\/\/www.arquimaster.com.ar\/web\/#organization","name":"Arquimaster","url":"https:\/\/www.arquimaster.com.ar\/web\/","logo":{"@type":"ImageObject","inLanguage":"es","@id":"https:\/\/www.arquimaster.com.ar\/web\/#\/schema\/logo\/image\/","url":"https:\/\/www.arquimaster.com.ar\/web\/wp-content\/uploads\/2022\/06\/arquimaster.png","contentUrl":"https:\/\/www.arquimaster.com.ar\/web\/wp-content\/uploads\/2022\/06\/arquimaster.png","width":594,"height":78,"caption":"Arquimaster"},"image":{"@id":"https:\/\/www.arquimaster.com.ar\/web\/#\/schema\/logo\/image\/"},"sameAs":["http:\/\/www.facebook.com\/ARQUIMASTER.com.ar","https:\/\/x.com\/arquimaster","https:\/\/www.instagram.com\/arquimasterblog\/","https:\/\/www.linkedin.com\/company\/arquimaster","https:\/\/www.pinterest.com\/arquimaster","https:\/\/t.me\/arquimaster"]},{"@type":"Person","@id":"https:\/\/www.arquimaster.com.ar\/web\/#\/schema\/person\/359e9f7c00193fcde068e0dd2ceb0028","name":"Arquimaster"}]}},"uagb_featured_image_src":{"full":["https:\/\/www.arquimaster.com.ar\/web\/wp-content\/uploads\/2019\/11\/complejo_industrial_minasur_slide.jpg",698,364,false],"thumbnail":["https:\/\/www.arquimaster.com.ar\/web\/wp-content\/uploads\/2019\/11\/complejo_industrial_minasur_slide-150x150.jpg",150,150,true],"medium":["https:\/\/www.arquimaster.com.ar\/web\/wp-content\/uploads\/2019\/11\/complejo_industrial_minasur_slide.jpg",698,364,false],"medium_large":["https:\/\/www.arquimaster.com.ar\/web\/wp-content\/uploads\/2019\/11\/complejo_industrial_minasur_slide.jpg",698,364,false],"large":["https:\/\/www.arquimaster.com.ar\/web\/wp-content\/uploads\/2019\/11\/complejo_industrial_minasur_slide.jpg",698,364,false],"1536x1536":["https:\/\/www.arquimaster.com.ar\/web\/wp-content\/uploads\/2019\/11\/complejo_industrial_minasur_slide.jpg",698,364,false],"2048x2048":["https:\/\/www.arquimaster.com.ar\/web\/wp-content\/uploads\/2019\/11\/complejo_industrial_minasur_slide.jpg",698,364,false]},"uagb_author_info":{"display_name":"Arquimaster","author_link":"https:\/\/www.arquimaster.com.ar\/web\/author\/arquimaster\/"},"uagb_comment_info":0,"uagb_excerpt":"El orden del proyecto lo determina el ritmo estructural y el desarrollo de actividades lineales...","_links":{"self":[{"href":"https:\/\/www.arquimaster.com.ar\/web\/wp-json\/wp\/v2\/posts\/49893","targetHints":{"allow":["GET"]}}],"collection":[{"href":"https:\/\/www.arquimaster.com.ar\/web\/wp-json\/wp\/v2\/posts"}],"about":[{"href":"https:\/\/www.arquimaster.com.ar\/web\/wp-json\/wp\/v2\/types\/post"}],"author":[{"embeddable":true,"href":"https:\/\/www.arquimaster.com.ar\/web\/wp-json\/wp\/v2\/users\/1"}],"replies":[{"embeddable":true,"href":"https:\/\/www.arquimaster.com.ar\/web\/wp-json\/wp\/v2\/comments?post=49893"}],"version-history":[{"count":2,"href":"https:\/\/www.arquimaster.com.ar\/web\/wp-json\/wp\/v2\/posts\/49893\/revisions"}],"predecessor-version":[{"id":49932,"href":"https:\/\/www.arquimaster.com.ar\/web\/wp-json\/wp\/v2\/posts\/49893\/revisions\/49932"}],"wp:featuredmedia":[{"embeddable":true,"href":"https:\/\/www.arquimaster.com.ar\/web\/wp-json\/wp\/v2\/media\/49894"}],"wp:attachment":[{"href":"https:\/\/www.arquimaster.com.ar\/web\/wp-json\/wp\/v2\/media?parent=49893"}],"wp:term":[{"taxonomy":"category","embeddable":true,"href":"https:\/\/www.arquimaster.com.ar\/web\/wp-json\/wp\/v2\/categories?post=49893"},{"taxonomy":"post_tag","embeddable":true,"href":"https:\/\/www.arquimaster.com.ar\/web\/wp-json\/wp\/v2\/tags?post=49893"}],"curies":[{"name":"wp","href":"https:\/\/api.w.org\/{rel}","templated":true}]}}