{"id":50017,"date":"2019-12-03T15:32:26","date_gmt":"2019-12-03T18:32:26","guid":{"rendered":"https:\/\/www.arquimaster.com.ar\/web\/?p=50017"},"modified":"2023-02-19T02:22:01","modified_gmt":"2023-02-19T05:22:01","slug":"curso-inmersion-en-la-fotografia-de-arquitectura","status":"publish","type":"post","link":"https:\/\/www.arquimaster.com.ar\/web\/curso-inmersion-en-la-fotografia-de-arquitectura\/","title":{"rendered":"Curso Inmersi\u00f3n en la fotograf\u00eda de arquitectura"},"content":{"rendered":"<div style=\"margin-top: 0px; margin-bottom: 0px;\" class=\"sharethis-inline-share-buttons\" ><\/div><div class=\"b812932af2e751442846f039925109de\" data-index=\"1\" style=\"float: none; margin:25px 0 25px 0; text-align:center;\">\n<script async src=\"https:\/\/pagead2.googlesyndication.com\/pagead\/js\/adsbygoogle.js\"><\/script>\r\n<!-- Arquimaster (superior) -->\r\n<ins class=\"adsbygoogle\"\r\n     style=\"display:block\"\r\n     data-ad-client=\"ca-pub-6351072698456832\"\r\n     data-ad-slot=\"6455489680\"\r\n     data-ad-format=\"auto\"\r\n     data-full-width-responsive=\"true\"><\/ins>\r\n<script>\r\n     (adsbygoogle = window.adsbygoogle || []).push({});\r\n<\/script>\n<\/div>\n<h3>Con el <a href=\"https:\/\/www.arquimaster.com.ar\/web\/inmersion-en-la-fotografia-de-arquitectura\" target=\"_blank\" rel=\"noopener\"><strong>Curso Inmersi\u00f3n en la fotograf\u00eda de arquitectura<\/strong><\/a> aprender\u00e1s c\u00f3mo se realiza, de principio a fin, un reportaje de fotograf\u00eda de arquitectura.<\/h3>\n\n\n<div style=\"height:20px\" aria-hidden=\"true\" class=\"wp-block-spacer\"><\/div>\n\n\n\n<div class=\"wp-block-buttons is-layout-flex wp-block-buttons-is-layout-flex\">\n<div class=\"wp-block-button has-custom-width wp-block-button__width-100 has-custom-font-size has-medium-font-size\"><a class=\"wp-block-button__link has-very-light-gray-to-cyan-bluish-gray-gradient-background has-text-color has-background wp-element-button\" href=\"https:\/\/www.arquimaster.com.ar\/web\/inmersion-en-la-fotografia-de-arquitectura\" style=\"border-radius:20px;color:#333333\" target=\"_blank\" rel=\"noreferrer noopener\">Click para m\u00e1s informaci\u00f3n sobre el<br><strong>Curso Inmersi\u00f3n en la fotograf\u00eda de arquitectura<\/strong><\/a><\/div>\n<\/div>\n\n\n\n<div style=\"height:20px\" aria-hidden=\"true\" class=\"wp-block-spacer\"><\/div>\n\n\n<p>El <a href=\"https:\/\/www.arquimaster.com.ar\/web\/inmersion-en-la-fotografia-de-arquitectura\" target=\"_blank\" rel=\"noopener\"><strong>Curso Inmersi\u00f3n en la fotograf\u00eda de arquitectura<\/strong><\/a> es online, a distancia, y puede comenzarse en cualquier momento del a\u00f1o. El curso esta dictado por Jes\u00fas Granada, Fot\u00f3grafo de arquitectura.<\/p>\n<h3><em><strong>Aprende a realizar un reportaje fotogr\u00e1fico de un espacio.<\/strong><\/em><\/h3>\n<p>Las paredes pueden hablar. En este curso aprender\u00e1s c\u00f3mo se realiza, de principio a fin, un reportaje de fotograf\u00eda de arquitectura. De la mano de Jes\u00fas Granada y siguiendo paso a paso un encargo real en una singular casa de madera, aprender\u00e1s a analizar y planificar una estructura narrativa, conocer\u00e1s las herramientas y la metodolog\u00eda del reportaje y acabar\u00e1s sabiendo preparar todo el material para el cliente. Adem\u00e1s, Jes\u00fas te mostrar\u00e1 referentes, su trabajo de estudio y algunos trucos de postproducci\u00f3n infalibles.<\/p>\n<p><strong>\u00bfQu\u00e9 incluye este curso?<\/strong><br \/>El curso despliega todo el proceso que sigue un profesional de la fotograf\u00eda de arquitectura para hacer un encargo, incluyendo nociones b\u00e1sicas sobre los t\u00e9rminos y t\u00e9cnicas que forjan el soporte te\u00f3rico de todo el proceso. Una visi\u00f3n general que te permitir\u00e1 enfrentarte a cualquier espacio con una c\u00e1mara y te dar\u00e1 m\u00e1s seguridad para disfrutar de esta rama de la fotograf\u00eda. Siguiendo las v\u00eddeo lecciones del curso aprender\u00e1s:<\/p>\n<p>&#8211; Bibliograf\u00eda, influencias y un poco de historia.<br \/>&#8211; Fundamentos narrativos del espacio.<br \/>&#8211; El set: Herramientas y circunstancias de soleamiento.<br \/>&#8211; Trabajo de la estructura narrativa.<br \/>&#8211; Algunas Apps m\u00f3viles que pueden ayudar.<br \/>&#8211; El trabajo de estudio.<br \/>&#8211; Trucos de postproducci\u00f3n.<\/p>\n<p><strong>\u00bfCu\u00e1l es el proyecto final del curso?<\/strong><br \/>Planificar y realizar un reportaje de 20 fotograf\u00edas que describan de manera personal un espacio elegido por el alumno con una estructura narrativa planificada.<\/p>\n<p><strong>\u00bfA qui\u00e9n est\u00e1 dirigido?<\/strong><br \/>A cualquier persona que en su d\u00eda a d\u00eda tenga relaci\u00f3n con el espacio: Estudiantes de arquitectura, ingenier\u00eda o Bellas Artes. Tambi\u00e9n Arquitectos, interioristas, escen\u00f3grafos o expertos en visualizaci\u00f3n 3D y, en general, personas que necesiten ampliar habilidades narrativas con cualquier tipo de espacio y su representaci\u00f3n. Y, por supuesto, es el curso perfecto para aficionados y profesionales de la fotograf\u00eda a los que les atraiga la arquitectura. Tambi\u00e9n ser\u00e1 muy \u00fatil a viajeros incansables que quieran mejorar sus reportajes cuando exploren nuevos escenarios.<\/p>\n<p><strong>Programa<\/strong><\/p>\n<p style=\"padding-left: 40px;\"><strong>Conceptos b\u00e1sicos<\/strong><br \/>\u00bfQui\u00e9n soy, qu\u00e9 hago y qu\u00e9 te puedo ense\u00f1ar?<br \/>Mis influencias y referencias<br \/>Breve introducci\u00f3n hist\u00f3rica<br \/>Fundamentos narrativos<\/p>\n<p style=\"padding-left: 40px;\"><strong>Planificando nuestro trabajo<\/strong><br \/>Tipos de c\u00e1mara para trabajar en arquitectura<br \/>\u00bfC\u00f3mo es el espacio a fotografiar?<br \/>\u00bfC\u00f3mo son las circunstancias en las que vamos a trabajar?<br \/>Estructura narrativa de mi reportaje (Recorrido)<br \/>Estructura narrativa de mi reportaje (Planteamiento)<\/p>\n<p style=\"padding-left: 40px;\"><strong>Tipos de fotograf\u00edas<\/strong><br \/>Fotograf\u00edas de contexto<br \/>Fotograf\u00edas compuestas<br \/>Fotograf\u00edas de interior<br \/>Fotograf\u00edas con acci\u00f3n<br \/>Fotograf\u00edas de detalles<br \/>Fotograf\u00edas nocturnas<\/p>\n<p style=\"padding-left: 40px;\"><strong>Producci\u00f3n. Disparando nuestras fotograf\u00edas<\/strong><br \/>En acci\u00f3n siguiendo el cronograma<\/p>\n<p style=\"padding-left: 40px;\"><strong>Postproducci\u00f3n, revelado y etiquetado<\/strong><br \/>El viaje de vuelta<br \/>Organizaci\u00f3n en el estudio (teor\u00eda)<br \/>Organizaci\u00f3n en el estudio (pr\u00e1ctica)<br \/>Revelado y procesado de nuestras fotos 1<br \/>Revelado y procesado de nuestras fotos 2<br \/>Catalogaci\u00f3n, etiquetado y entrega 1<br \/>Catalogaci\u00f3n, etiquetado y entrega 2<\/p>\n<p style=\"padding-left: 40px;\"><strong>Proyecto final<\/strong><br \/>Inmersi\u00f3n en la fotograf\u00eda de arquitectura<\/p>\n<h2><a href=\"https:\/\/www.arquimaster.com.ar\/web\/inmersion-en-la-fotografia-de-arquitectura\" target=\"_blank\" rel=\"noopener\">Click para m\u00e1s informaci\u00f3n sobre el <strong>Curso Inmersi\u00f3n en la fotograf\u00eda de arquitectura<\/strong><\/a><\/h2>\n\n\n<div class=\"wp-block-group\"><div class=\"wp-block-group__inner-container is-layout-flow wp-block-group-is-layout-flow\">\n<div style=\"height:20px\" aria-hidden=\"true\" class=\"wp-block-spacer\"><\/div>\n<\/div><\/div>\n\n\n\n<h2 class=\"wp-block-heading\">M\u00e1s cursos que podr\u00edan interesarte&#8230;<\/h2>\n\n\n\n\t\t\t<div class=\"wp-block-uagb-post-grid uagb-post-grid  uagb-post__image-position-top uagb-post__image-enabled uagb-block-48a46709     uagb-post__items uagb-post__columns-2 is-grid uagb-post__columns-tablet-2 uagb-post__columns-mobile-1 uagb-post__equal-height\" data-total=\"6\" style=\"\">\n\n\t\t\t\t\t\t\t\t\t\t\t\t<article class=\"uagb-post__inner-wrap\">\t\t\t\t\t\t\t\t<div class='uagb-post__image'>\n\t\t\t\t\t\t\t\t\t<a href=\"https:\/\/www.arquimaster.com.ar\/web\/curso-introduccion-a-sketchup-visualizacion-arquitectonica-y-modelado-3d\/\" target=\"_self\" rel=\"bookmark noopener noreferrer\" class='uagb-image-ratio-inherit'><img loading=\"lazy\" decoding=\"async\" width=\"698\" height=\"364\" src=\"https:\/\/www.arquimaster.com.ar\/web\/wp-content\/uploads\/2020\/03\/curso_sketchup_domestika_slide.jpg\" class=\"attachment-large size-large\" alt=\"\" \/>\t\t\t\t\t<\/a>\n\t\t\t\t\t\t\t<\/div>\n\t\t\t\t\t\t<h2 class=\"uagb-post__title uagb-post__text\">\n\t\t\t\t<a href=\"https:\/\/www.arquimaster.com.ar\/web\/curso-introduccion-a-sketchup-visualizacion-arquitectonica-y-modelado-3d\/\" target=\"_self\" rel=\"bookmark noopener noreferrer\">Curso Introducci\u00f3n a SketchUp: Visualizaci\u00f3n arquitect\u00f3nica y modelado 3D<\/a>\n\t\t\t<\/h2>\n\t\t\t\t\t\t<div class='uagb-post__text uagb-post-grid-byline'>\n\t\t\t\t\t\t\t<\/div>\n\t\t\t\t\t\t\t<div class='uagb-post__text uagb-post__excerpt'>\n\t\t\t\t\tAprende desde cero a dise\u00f1ar y modelar en 3D de forma r\u00e1pida, eficiente y profesional&#8230;\t\t\t\t<\/div>\n\t\t\t\t\t\t<div class=\"uagb-post__text uagb-post__cta wp-block-button\">\n\t\t\t\t<a class=\"wp-block-button__link uagb-text-link\" style=\"\" href=\"https:\/\/www.arquimaster.com.ar\/web\/curso-introduccion-a-sketchup-visualizacion-arquitectonica-y-modelado-3d\/\" target=\"_self\" rel=\"bookmark noopener noreferrer\">IR al Curso&#8230;<\/a>\n\t\t\t<\/div>\n\t\t\t\n\t\t\t\t\t\t\t\t\t<\/article>\n\t\t\t\t\t\t\t\t\t\t\t\t\t\t\t\t<article class=\"uagb-post__inner-wrap\">\t\t\t\t\t\t\t\t<div class='uagb-post__image'>\n\t\t\t\t\t\t\t\t\t<a href=\"https:\/\/www.arquimaster.com.ar\/web\/curso-visualizacion-arquitectonica-expresiva-de-exteriores\/\" target=\"_self\" rel=\"bookmark noopener noreferrer\" class='uagb-image-ratio-inherit'><img loading=\"lazy\" decoding=\"async\" width=\"698\" height=\"364\" src=\"https:\/\/www.arquimaster.com.ar\/web\/wp-content\/uploads\/2020\/10\/curso_visualizacion_arquitectonica_expresiva_exteriores_slide.jpg\" class=\"attachment-large size-large\" alt=\"Curso Visualizaci\u00f3n arquitect\u00f3nica expresiva de exteriores\" \/>\t\t\t\t\t<\/a>\n\t\t\t\t\t\t\t<\/div>\n\t\t\t\t\t\t<h2 class=\"uagb-post__title uagb-post__text\">\n\t\t\t\t<a href=\"https:\/\/www.arquimaster.com.ar\/web\/curso-visualizacion-arquitectonica-expresiva-de-exteriores\/\" target=\"_self\" rel=\"bookmark noopener noreferrer\">Curso Visualizaci\u00f3n arquitect\u00f3nica expresiva de exteriores<\/a>\n\t\t\t<\/h2>\n\t\t\t\t\t\t<div class='uagb-post__text uagb-post-grid-byline'>\n\t\t\t\t\t\t\t<\/div>\n\t\t\t\t\t\t\t<div class='uagb-post__text uagb-post__excerpt'>\n\t\t\t\t\tDesarrolla una est\u00e9tica propia para modelar y crear im\u00e1genes impactantes&#8230;\t\t\t\t<\/div>\n\t\t\t\t\t\t<div class=\"uagb-post__text uagb-post__cta wp-block-button\">\n\t\t\t\t<a class=\"wp-block-button__link uagb-text-link\" style=\"\" href=\"https:\/\/www.arquimaster.com.ar\/web\/curso-visualizacion-arquitectonica-expresiva-de-exteriores\/\" target=\"_self\" rel=\"bookmark noopener noreferrer\">IR al Curso&#8230;<\/a>\n\t\t\t<\/div>\n\t\t\t\n\t\t\t\t\t\t\t\t\t<\/article>\n\t\t\t\t\t\t\t\t\t\t\t\t\t\t\t\t<article class=\"uagb-post__inner-wrap\">\t\t\t\t\t\t\t\t<div class='uagb-post__image'>\n\t\t\t\t\t\t\t\t\t<a href=\"https:\/\/www.arquimaster.com.ar\/web\/curso-introduccion-a-autocad\/\" target=\"_self\" rel=\"bookmark noopener noreferrer\" class='uagb-image-ratio-inherit'><img loading=\"lazy\" decoding=\"async\" width=\"698\" height=\"364\" src=\"https:\/\/www.arquimaster.com.ar\/web\/wp-content\/uploads\/2020\/10\/curso_introduccion_autocad_slide.jpg\" class=\"attachment-large size-large\" alt=\"Curso Introducci\u00f3n a AutoCAD\" \/>\t\t\t\t\t<\/a>\n\t\t\t\t\t\t\t<\/div>\n\t\t\t\t\t\t<h2 class=\"uagb-post__title uagb-post__text\">\n\t\t\t\t<a href=\"https:\/\/www.arquimaster.com.ar\/web\/curso-introduccion-a-autocad\/\" target=\"_self\" rel=\"bookmark noopener noreferrer\">Curso Introducci\u00f3n a AutoCAD<\/a>\n\t\t\t<\/h2>\n\t\t\t\t\t\t<div class='uagb-post__text uagb-post-grid-byline'>\n\t\t\t\t\t\t\t<\/div>\n\t\t\t\t\t\t\t<div class='uagb-post__text uagb-post__excerpt'>\n\t\t\t\t\tAprende desde cero a dibujar los planos de tus proyectos arquitect\u00f3nicos&#8230;\t\t\t\t<\/div>\n\t\t\t\t\t\t<div class=\"uagb-post__text uagb-post__cta wp-block-button\">\n\t\t\t\t<a class=\"wp-block-button__link uagb-text-link\" style=\"\" href=\"https:\/\/www.arquimaster.com.ar\/web\/curso-introduccion-a-autocad\/\" target=\"_self\" rel=\"bookmark noopener noreferrer\">IR al Curso&#8230;<\/a>\n\t\t\t<\/div>\n\t\t\t\n\t\t\t\t\t\t\t\t\t<\/article>\n\t\t\t\t\t\t\t\t\t\t\t\t\t\t\t\t<article class=\"uagb-post__inner-wrap\">\t\t\t\t\t\t\t\t<div class='uagb-post__image'>\n\t\t\t\t\t\t\t\t\t<a href=\"https:\/\/www.arquimaster.com.ar\/web\/curso-diseno-de-muebles-y-objetos-para-principiantes\/\" target=\"_self\" rel=\"bookmark noopener noreferrer\" class='uagb-image-ratio-inherit'><img loading=\"lazy\" decoding=\"async\" width=\"698\" height=\"364\" src=\"https:\/\/www.arquimaster.com.ar\/web\/wp-content\/uploads\/2020\/06\/curso_diseno_muebles_objetos_slide.jpg\" class=\"attachment-large size-large\" alt=\"\" \/>\t\t\t\t\t<\/a>\n\t\t\t\t\t\t\t<\/div>\n\t\t\t\t\t\t<h2 class=\"uagb-post__title uagb-post__text\">\n\t\t\t\t<a href=\"https:\/\/www.arquimaster.com.ar\/web\/curso-diseno-de-muebles-y-objetos-para-principiantes\/\" target=\"_self\" rel=\"bookmark noopener noreferrer\">Curso Dise\u00f1o de muebles y objetos para principiantes<\/a>\n\t\t\t<\/h2>\n\t\t\t\t\t\t<div class='uagb-post__text uagb-post-grid-byline'>\n\t\t\t\t\t\t\t<\/div>\n\t\t\t\t\t\t\t<div class='uagb-post__text uagb-post__excerpt'>\n\t\t\t\t\tAprende a dise\u00f1ar un set de muebles y objetos desde el concepto a la maqueta&#8230;\t\t\t\t<\/div>\n\t\t\t\t\t\t<div class=\"uagb-post__text uagb-post__cta wp-block-button\">\n\t\t\t\t<a class=\"wp-block-button__link uagb-text-link\" style=\"\" href=\"https:\/\/www.arquimaster.com.ar\/web\/curso-diseno-de-muebles-y-objetos-para-principiantes\/\" target=\"_self\" rel=\"bookmark noopener noreferrer\">IR al Curso&#8230;<\/a>\n\t\t\t<\/div>\n\t\t\t\n\t\t\t\t\t\t\t\t\t<\/article>\n\t\t\t\t\t\t\t\t\t\t\t\t\t\t\t\t<article class=\"uagb-post__inner-wrap\">\t\t\t\t\t\t\t\t<div class='uagb-post__image'>\n\t\t\t\t\t\t\t\t\t<a href=\"https:\/\/www.arquimaster.com.ar\/web\/curso-infoarquitectura-de-interiores-con-unreal-engine-4\/\" target=\"_self\" rel=\"bookmark noopener noreferrer\" class='uagb-image-ratio-inherit'><img loading=\"lazy\" decoding=\"async\" width=\"698\" height=\"364\" src=\"https:\/\/www.arquimaster.com.ar\/web\/wp-content\/uploads\/2020\/08\/curso_infografia_arquitectonica_3d_slide.jpg\" class=\"attachment-large size-large\" alt=\"\" \/>\t\t\t\t\t<\/a>\n\t\t\t\t\t\t\t<\/div>\n\t\t\t\t\t\t<h2 class=\"uagb-post__title uagb-post__text\">\n\t\t\t\t<a href=\"https:\/\/www.arquimaster.com.ar\/web\/curso-infoarquitectura-de-interiores-con-unreal-engine-4\/\" target=\"_self\" rel=\"bookmark noopener noreferrer\">Curso Infoarquitectura de interiores con Unreal Engine 4<\/a>\n\t\t\t<\/h2>\n\t\t\t\t\t\t<div class='uagb-post__text uagb-post-grid-byline'>\n\t\t\t\t\t\t\t<\/div>\n\t\t\t\t\t\t\t<div class='uagb-post__text uagb-post__excerpt'>\n\t\t\t\t\tAprende desde cero a crear visitas hiperrealistas renderizadas en tiempo real&#8230;\t\t\t\t<\/div>\n\t\t\t\t\t\t<div class=\"uagb-post__text uagb-post__cta wp-block-button\">\n\t\t\t\t<a class=\"wp-block-button__link uagb-text-link\" style=\"\" href=\"https:\/\/www.arquimaster.com.ar\/web\/curso-infoarquitectura-de-interiores-con-unreal-engine-4\/\" target=\"_self\" rel=\"bookmark noopener noreferrer\">IR al Curso&#8230;<\/a>\n\t\t\t<\/div>\n\t\t\t\n\t\t\t\t\t\t\t\t\t<\/article>\n\t\t\t\t\t\t\t\t\t\t\t\t\t\t\t\t<article class=\"uagb-post__inner-wrap\">\t\t\t\t\t\t\t\t<div class='uagb-post__image'>\n\t\t\t\t\t\t\t\t\t<a href=\"https:\/\/www.arquimaster.com.ar\/web\/curso-introduccion-al-diseno-e-impresion-en-3d\/\" target=\"_self\" rel=\"bookmark noopener noreferrer\" class='uagb-image-ratio-inherit'><img loading=\"lazy\" decoding=\"async\" width=\"698\" height=\"364\" src=\"https:\/\/www.arquimaster.com.ar\/web\/wp-content\/uploads\/2020\/04\/curso_impresion_3d_domestika_slide.jpg\" class=\"attachment-large size-large\" alt=\"\" \/>\t\t\t\t\t<\/a>\n\t\t\t\t\t\t\t<\/div>\n\t\t\t\t\t\t<h2 class=\"uagb-post__title uagb-post__text\">\n\t\t\t\t<a href=\"https:\/\/www.arquimaster.com.ar\/web\/curso-introduccion-al-diseno-e-impresion-en-3d\/\" target=\"_self\" rel=\"bookmark noopener noreferrer\">Curso Introducci\u00f3n al dise\u00f1o e impresi\u00f3n en 3D<\/a>\n\t\t\t<\/h2>\n\t\t\t\t\t\t<div class='uagb-post__text uagb-post-grid-byline'>\n\t\t\t\t\t\t\t<\/div>\n\t\t\t\t\t\t\t<div class='uagb-post__text uagb-post__excerpt'>\n\t\t\t\t\tAprende paso a paso el proceso de dise\u00f1o, modelado e impresi\u00f3n en 3D&#8230;\t\t\t\t<\/div>\n\t\t\t\t\t\t<div class=\"uagb-post__text uagb-post__cta wp-block-button\">\n\t\t\t\t<a class=\"wp-block-button__link uagb-text-link\" style=\"\" href=\"https:\/\/www.arquimaster.com.ar\/web\/curso-introduccion-al-diseno-e-impresion-en-3d\/\" target=\"_self\" rel=\"bookmark noopener noreferrer\">IR al Curso&#8230;<\/a>\n\t\t\t<\/div>\n\t\t\t\n\t\t\t\t\t\t\t\t\t<\/article>\n\t\t\t\t\t\t\t\t\t\t\t\t\t\t\t\t<article class=\"uagb-post__inner-wrap\">\t\t\t\t\t\t\t\t<div class='uagb-post__image'>\n\t\t\t\t\t\t\t\t\t<a href=\"https:\/\/www.arquimaster.com.ar\/web\/curso-tecnicas-decorativas-en-concreto\/\" target=\"_self\" rel=\"bookmark noopener noreferrer\" class='uagb-image-ratio-inherit'><img loading=\"lazy\" decoding=\"async\" width=\"698\" height=\"364\" src=\"https:\/\/www.arquimaster.com.ar\/web\/wp-content\/uploads\/2021\/03\/curso_tecnicas_decorativas_concreto_slide.jpg\" class=\"attachment-large size-large\" alt=\"Curso T\u00e9cnicas decorativas en concreto\" \/>\t\t\t\t\t<\/a>\n\t\t\t\t\t\t\t<\/div>\n\t\t\t\t\t\t<h2 class=\"uagb-post__title uagb-post__text\">\n\t\t\t\t<a href=\"https:\/\/www.arquimaster.com.ar\/web\/curso-tecnicas-decorativas-en-concreto\/\" target=\"_self\" rel=\"bookmark noopener noreferrer\">Curso T\u00e9cnicas decorativas en concreto<\/a>\n\t\t\t<\/h2>\n\t\t\t\t\t\t<div class='uagb-post__text uagb-post-grid-byline'>\n\t\t\t\t\t\t\t<\/div>\n\t\t\t\t\t\t\t<div class='uagb-post__text uagb-post__excerpt'>\n\t\t\t\t\tAprende a crear y decorar objetos con este material y logra acabados espectaculares&#8230;\t\t\t\t<\/div>\n\t\t\t\t\t\t<div class=\"uagb-post__text uagb-post__cta wp-block-button\">\n\t\t\t\t<a class=\"wp-block-button__link uagb-text-link\" style=\"\" href=\"https:\/\/www.arquimaster.com.ar\/web\/curso-tecnicas-decorativas-en-concreto\/\" target=\"_self\" rel=\"bookmark noopener noreferrer\">IR al Curso&#8230;<\/a>\n\t\t\t<\/div>\n\t\t\t\n\t\t\t\t\t\t\t\t\t<\/article>\n\t\t\t\t\t\t\t\t\t\t\t\t\t\t\t\t<article class=\"uagb-post__inner-wrap\">\t\t\t\t\t\t\t\t<div class='uagb-post__image'>\n\t\t\t\t\t\t\t\t\t<a href=\"https:\/\/www.arquimaster.com.ar\/web\/curso-diseno-y-modelado-arquitectonico-3d-con-revit\/\" target=\"_self\" rel=\"bookmark noopener noreferrer\" class='uagb-image-ratio-inherit'><img loading=\"lazy\" decoding=\"async\" width=\"698\" height=\"364\" src=\"https:\/\/www.arquimaster.com.ar\/web\/wp-content\/uploads\/2020\/08\/curso_modelado_d_revit_domestika.jpg\" class=\"attachment-large size-large\" alt=\"\" \/>\t\t\t\t\t<\/a>\n\t\t\t\t\t\t\t<\/div>\n\t\t\t\t\t\t<h2 class=\"uagb-post__title uagb-post__text\">\n\t\t\t\t<a href=\"https:\/\/www.arquimaster.com.ar\/web\/curso-diseno-y-modelado-arquitectonico-3d-con-revit\/\" target=\"_self\" rel=\"bookmark noopener noreferrer\">Curso Dise\u00f1o y modelado arquitect\u00f3nico 3D con Revit<\/a>\n\t\t\t<\/h2>\n\t\t\t\t\t\t<div class='uagb-post__text uagb-post-grid-byline'>\n\t\t\t\t\t\t\t<\/div>\n\t\t\t\t\t\t\t<div class='uagb-post__text uagb-post__excerpt'>\n\t\t\t\t\tModela paso a paso una vivienda de dise\u00f1o ortogonal usando la metodolog\u00eda BIM&#8230;\t\t\t\t<\/div>\n\t\t\t\t\t\t<div class=\"uagb-post__text uagb-post__cta wp-block-button\">\n\t\t\t\t<a class=\"wp-block-button__link uagb-text-link\" style=\"\" href=\"https:\/\/www.arquimaster.com.ar\/web\/curso-diseno-y-modelado-arquitectonico-3d-con-revit\/\" target=\"_self\" rel=\"bookmark noopener noreferrer\">IR al Curso&#8230;<\/a>\n\t\t\t<\/div>\n\t\t\t\n\t\t\t\t\t\t\t\t\t<\/article>\n\t\t\t\t\t\t\t\t\t\t\t\t\t\t\t\t<article class=\"uagb-post__inner-wrap\">\t\t\t\t\t\t\t\t<div class='uagb-post__image'>\n\t\t\t\t\t\t\t\t\t<a href=\"https:\/\/www.arquimaster.com.ar\/web\/curso-carpinteria-profesional-para-principiantes\/\" target=\"_self\" rel=\"bookmark noopener noreferrer\" class='uagb-image-ratio-inherit'><img loading=\"lazy\" decoding=\"async\" width=\"698\" height=\"364\" src=\"https:\/\/www.arquimaster.com.ar\/web\/wp-content\/uploads\/2020\/07\/curso_carpinteria_profesional_slide.jpg\" class=\"attachment-large size-large\" alt=\"\" \/>\t\t\t\t\t<\/a>\n\t\t\t\t\t\t\t<\/div>\n\t\t\t\t\t\t<h2 class=\"uagb-post__title uagb-post__text\">\n\t\t\t\t<a href=\"https:\/\/www.arquimaster.com.ar\/web\/curso-carpinteria-profesional-para-principiantes\/\" target=\"_self\" rel=\"bookmark noopener noreferrer\">Curso Carpinter\u00eda profesional para principiantes<\/a>\n\t\t\t<\/h2>\n\t\t\t\t\t\t<div class='uagb-post__text uagb-post-grid-byline'>\n\t\t\t\t\t\t\t<\/div>\n\t\t\t\t\t\t\t<div class='uagb-post__text uagb-post__excerpt'>\n\t\t\t\t\tAprende conceptos, t\u00e9cnicas y herramientas para trabajar la madera como un experto&#8230;\t\t\t\t<\/div>\n\t\t\t\t\t\t<div class=\"uagb-post__text uagb-post__cta wp-block-button\">\n\t\t\t\t<a class=\"wp-block-button__link uagb-text-link\" style=\"\" href=\"https:\/\/www.arquimaster.com.ar\/web\/curso-carpinteria-profesional-para-principiantes\/\" target=\"_self\" rel=\"bookmark noopener noreferrer\">IR al Curso&#8230;<\/a>\n\t\t\t<\/div>\n\t\t\t\n\t\t\t\t\t\t\t\t\t<\/article>\n\t\t\t\t\t\t\t\t\t\t\t\t\t\t\t\t<article class=\"uagb-post__inner-wrap\">\t\t\t\t\t\t\t\t<div class='uagb-post__image'>\n\t\t\t\t\t\t\t\t\t<a href=\"https:\/\/www.arquimaster.com.ar\/web\/curso-tecnica-de-presentacion-para-proyectos-arquitectonicos\/\" target=\"_self\" rel=\"bookmark noopener noreferrer\" class='uagb-image-ratio-inherit'><img loading=\"lazy\" decoding=\"async\" width=\"698\" height=\"364\" src=\"https:\/\/www.arquimaster.com.ar\/web\/wp-content\/uploads\/2020\/10\/tecnica_presentacion_proyectos_arquitectonicos_slide.jpg\" class=\"attachment-large size-large\" alt=\"Curso T\u00e9cnica de presentaci\u00f3n para proyectos arquitect\u00f3nicos\" \/>\t\t\t\t\t<\/a>\n\t\t\t\t\t\t\t<\/div>\n\t\t\t\t\t\t<h2 class=\"uagb-post__title uagb-post__text\">\n\t\t\t\t<a href=\"https:\/\/www.arquimaster.com.ar\/web\/curso-tecnica-de-presentacion-para-proyectos-arquitectonicos\/\" target=\"_self\" rel=\"bookmark noopener noreferrer\">Curso T\u00e9cnica de presentaci\u00f3n para proyectos arquitect\u00f3nicos<\/a>\n\t\t\t<\/h2>\n\t\t\t\t\t\t<div class='uagb-post__text uagb-post-grid-byline'>\n\t\t\t\t\t\t\t<\/div>\n\t\t\t\t\t\t\t<div class='uagb-post__text uagb-post__excerpt'>\n\t\t\t\t\tAprende a combinar t\u00e9cnicas anal\u00f3gicas y digitales para elaborar tu presentaci\u00f3n&#8230;\t\t\t\t<\/div>\n\t\t\t\t\t\t<div class=\"uagb-post__text uagb-post__cta wp-block-button\">\n\t\t\t\t<a class=\"wp-block-button__link uagb-text-link\" style=\"\" href=\"https:\/\/www.arquimaster.com.ar\/web\/curso-tecnica-de-presentacion-para-proyectos-arquitectonicos\/\" target=\"_self\" rel=\"bookmark noopener noreferrer\">IR al Curso&#8230;<\/a>\n\t\t\t<\/div>\n\t\t\t\n\t\t\t\t\t\t\t\t\t<\/article>\n\t\t\t\t\t\t\t\t\t\t\t<\/div>\n\t\t\t\n<div style=\"font-size: 0px; height: 0px; line-height: 0px; margin: 0; padding: 0; clear: both;\"><\/div><div style=\"margin-top: 0px; margin-bottom: 0px;\" class=\"sharethis-inline-share-buttons\" ><\/div>","protected":false},"excerpt":{"rendered":"<p>Para aprender a realizar un reportaje fotogr\u00e1fico de un espacio&#8230;<\/p>\n","protected":false},"author":1,"featured_media":50018,"comment_status":"closed","ping_status":"closed","sticky":false,"template":"","format":"standard","meta":{"_uag_custom_page_level_css":"","footnotes":""},"categories":[3,31],"tags":[1571,5114,5630,33,5515,5512,1125,5516,4540],"class_list":["post-50017","post","type-post","status-publish","format-standard","has-post-thumbnail","hentry","category-agenda","category-cursos-seminarios","tag-a-distancia","tag-a-distancia-2019","tag-a-distancia-2020","tag-cursos-2","tag-cursos-de-fotografia","tag-domestika","tag-fotografia","tag-fotografia-de-arquitectura","tag-online","generate-columns","tablet-grid-50","mobile-grid-100","grid-parent","grid-50"],"yoast_head":"<!-- This site is optimized with the Yoast SEO plugin v27.3 - https:\/\/yoast.com\/product\/yoast-seo-wordpress\/ -->\n<title>Curso Inmersi\u00f3n en la fotograf\u00eda de arquitectura - Arquimaster<\/title>\n<meta name=\"description\" content=\"El objetivo del curso es aprender a realizar un reportaje fotogr\u00e1fico de un espacio.\" \/>\n<meta name=\"robots\" content=\"index, follow, max-snippet:-1, max-image-preview:large, max-video-preview:-1\" \/>\n<link rel=\"canonical\" href=\"https:\/\/www.arquimaster.com.ar\/web\/curso-inmersion-en-la-fotografia-de-arquitectura\/\" \/>\n<meta property=\"og:locale\" content=\"es_ES\" \/>\n<meta property=\"og:type\" content=\"article\" \/>\n<meta property=\"og:title\" content=\"Curso Inmersi\u00f3n en la fotograf\u00eda de arquitectura\" \/>\n<meta property=\"og:description\" content=\"El objetivo del curso es aprender a realizar un reportaje fotogr\u00e1fico de un espacio.\" \/>\n<meta property=\"og:url\" content=\"https:\/\/www.arquimaster.com.ar\/web\/curso-inmersion-en-la-fotografia-de-arquitectura\/\" \/>\n<meta property=\"og:site_name\" content=\"Arquimaster\" \/>\n<meta property=\"article:publisher\" content=\"http:\/\/www.facebook.com\/ARQUIMASTER.com.ar\" \/>\n<meta property=\"article:published_time\" content=\"2019-12-03T18:32:26+00:00\" \/>\n<meta property=\"article:modified_time\" content=\"2023-02-19T05:22:01+00:00\" \/>\n<meta property=\"og:image\" content=\"https:\/\/www.arquimaster.com.ar\/web\/wp-content\/uploads\/2019\/11\/curso_fotografia_arquitectura_domestika.jpg\" \/>\n\t<meta property=\"og:image:width\" content=\"698\" \/>\n\t<meta property=\"og:image:height\" content=\"364\" \/>\n\t<meta property=\"og:image:type\" content=\"image\/jpeg\" \/>\n<meta name=\"author\" content=\"Arquimaster\" \/>\n<meta name=\"twitter:card\" content=\"summary_large_image\" \/>\n<meta name=\"twitter:title\" content=\"Curso Inmersi\u00f3n en la fotograf\u00eda de arquitectura\" \/>\n<meta name=\"twitter:description\" content=\"El objetivo del curso es aprender a realizar un reportaje fotogr\u00e1fico de un espacio.\" \/>\n<meta name=\"twitter:image\" content=\"https:\/\/www.arquimaster.com.ar\/web\/wp-content\/uploads\/2019\/11\/curso_fotografia_arquitectura_domestika.jpg\" \/>\n<meta name=\"twitter:creator\" content=\"@arquimaster\" \/>\n<meta name=\"twitter:site\" content=\"@arquimaster\" \/>\n<meta name=\"twitter:label1\" content=\"Escrito por\" \/>\n\t<meta name=\"twitter:data1\" content=\"Arquimaster\" \/>\n\t<meta name=\"twitter:label2\" content=\"Tiempo de lectura\" \/>\n\t<meta name=\"twitter:data2\" content=\"3 minutos\" \/>\n<script type=\"application\/ld+json\" class=\"yoast-schema-graph\">{\"@context\":\"https:\\\/\\\/schema.org\",\"@graph\":[{\"@type\":\"Article\",\"@id\":\"https:\\\/\\\/www.arquimaster.com.ar\\\/web\\\/curso-inmersion-en-la-fotografia-de-arquitectura\\\/#article\",\"isPartOf\":{\"@id\":\"https:\\\/\\\/www.arquimaster.com.ar\\\/web\\\/curso-inmersion-en-la-fotografia-de-arquitectura\\\/\"},\"author\":{\"name\":\"Arquimaster\",\"@id\":\"https:\\\/\\\/www.arquimaster.com.ar\\\/web\\\/#\\\/schema\\\/person\\\/359e9f7c00193fcde068e0dd2ceb0028\"},\"headline\":\"Curso Inmersi\u00f3n en la fotograf\u00eda de arquitectura\",\"datePublished\":\"2019-12-03T18:32:26+00:00\",\"dateModified\":\"2023-02-19T05:22:01+00:00\",\"mainEntityOfPage\":{\"@id\":\"https:\\\/\\\/www.arquimaster.com.ar\\\/web\\\/curso-inmersion-en-la-fotografia-de-arquitectura\\\/\"},\"wordCount\":623,\"publisher\":{\"@id\":\"https:\\\/\\\/www.arquimaster.com.ar\\\/web\\\/#organization\"},\"image\":{\"@id\":\"https:\\\/\\\/www.arquimaster.com.ar\\\/web\\\/curso-inmersion-en-la-fotografia-de-arquitectura\\\/#primaryimage\"},\"thumbnailUrl\":\"https:\\\/\\\/www.arquimaster.com.ar\\\/web\\\/wp-content\\\/uploads\\\/2019\\\/11\\\/curso_fotografia_arquitectura_domestika.jpg\",\"keywords\":[\"a distancia\",\"a distancia 2019\",\"a distancia 2020\",\"cursos\",\"cursos de fotografia\",\"Domestika\",\"fotografia\",\"fotografia de arquitectura\",\"online\"],\"articleSection\":[\"Agenda\",\"Cursos de arquitectura y dise\u00f1o\"],\"inLanguage\":\"es\"},{\"@type\":\"WebPage\",\"@id\":\"https:\\\/\\\/www.arquimaster.com.ar\\\/web\\\/curso-inmersion-en-la-fotografia-de-arquitectura\\\/\",\"url\":\"https:\\\/\\\/www.arquimaster.com.ar\\\/web\\\/curso-inmersion-en-la-fotografia-de-arquitectura\\\/\",\"name\":\"Curso Inmersi\u00f3n en la fotograf\u00eda de arquitectura - Arquimaster\",\"isPartOf\":{\"@id\":\"https:\\\/\\\/www.arquimaster.com.ar\\\/web\\\/#website\"},\"primaryImageOfPage\":{\"@id\":\"https:\\\/\\\/www.arquimaster.com.ar\\\/web\\\/curso-inmersion-en-la-fotografia-de-arquitectura\\\/#primaryimage\"},\"image\":{\"@id\":\"https:\\\/\\\/www.arquimaster.com.ar\\\/web\\\/curso-inmersion-en-la-fotografia-de-arquitectura\\\/#primaryimage\"},\"thumbnailUrl\":\"https:\\\/\\\/www.arquimaster.com.ar\\\/web\\\/wp-content\\\/uploads\\\/2019\\\/11\\\/curso_fotografia_arquitectura_domestika.jpg\",\"datePublished\":\"2019-12-03T18:32:26+00:00\",\"dateModified\":\"2023-02-19T05:22:01+00:00\",\"description\":\"El objetivo del curso es aprender a realizar un reportaje fotogr\u00e1fico de un espacio.\",\"breadcrumb\":{\"@id\":\"https:\\\/\\\/www.arquimaster.com.ar\\\/web\\\/curso-inmersion-en-la-fotografia-de-arquitectura\\\/#breadcrumb\"},\"inLanguage\":\"es\",\"potentialAction\":[{\"@type\":\"ReadAction\",\"target\":[\"https:\\\/\\\/www.arquimaster.com.ar\\\/web\\\/curso-inmersion-en-la-fotografia-de-arquitectura\\\/\"]}]},{\"@type\":\"ImageObject\",\"inLanguage\":\"es\",\"@id\":\"https:\\\/\\\/www.arquimaster.com.ar\\\/web\\\/curso-inmersion-en-la-fotografia-de-arquitectura\\\/#primaryimage\",\"url\":\"https:\\\/\\\/www.arquimaster.com.ar\\\/web\\\/wp-content\\\/uploads\\\/2019\\\/11\\\/curso_fotografia_arquitectura_domestika.jpg\",\"contentUrl\":\"https:\\\/\\\/www.arquimaster.com.ar\\\/web\\\/wp-content\\\/uploads\\\/2019\\\/11\\\/curso_fotografia_arquitectura_domestika.jpg\",\"width\":698,\"height\":364},{\"@type\":\"BreadcrumbList\",\"@id\":\"https:\\\/\\\/www.arquimaster.com.ar\\\/web\\\/curso-inmersion-en-la-fotografia-de-arquitectura\\\/#breadcrumb\",\"itemListElement\":[{\"@type\":\"ListItem\",\"position\":1,\"name\":\"Portada\",\"item\":\"https:\\\/\\\/www.arquimaster.com.ar\\\/web\\\/\"},{\"@type\":\"ListItem\",\"position\":2,\"name\":\"Curso Inmersi\u00f3n en la fotograf\u00eda de arquitectura\"}]},{\"@type\":\"WebSite\",\"@id\":\"https:\\\/\\\/www.arquimaster.com.ar\\\/web\\\/#website\",\"url\":\"https:\\\/\\\/www.arquimaster.com.ar\\\/web\\\/\",\"name\":\"Arquimaster\",\"description\":\"Web de arquitectura, dise\u00f1o y construccion\",\"publisher\":{\"@id\":\"https:\\\/\\\/www.arquimaster.com.ar\\\/web\\\/#organization\"},\"potentialAction\":[{\"@type\":\"SearchAction\",\"target\":{\"@type\":\"EntryPoint\",\"urlTemplate\":\"https:\\\/\\\/www.arquimaster.com.ar\\\/web\\\/?s={search_term_string}\"},\"query-input\":{\"@type\":\"PropertyValueSpecification\",\"valueRequired\":true,\"valueName\":\"search_term_string\"}}],\"inLanguage\":\"es\"},{\"@type\":\"Organization\",\"@id\":\"https:\\\/\\\/www.arquimaster.com.ar\\\/web\\\/#organization\",\"name\":\"Arquimaster\",\"url\":\"https:\\\/\\\/www.arquimaster.com.ar\\\/web\\\/\",\"logo\":{\"@type\":\"ImageObject\",\"inLanguage\":\"es\",\"@id\":\"https:\\\/\\\/www.arquimaster.com.ar\\\/web\\\/#\\\/schema\\\/logo\\\/image\\\/\",\"url\":\"https:\\\/\\\/www.arquimaster.com.ar\\\/web\\\/wp-content\\\/uploads\\\/2022\\\/06\\\/arquimaster.png\",\"contentUrl\":\"https:\\\/\\\/www.arquimaster.com.ar\\\/web\\\/wp-content\\\/uploads\\\/2022\\\/06\\\/arquimaster.png\",\"width\":594,\"height\":78,\"caption\":\"Arquimaster\"},\"image\":{\"@id\":\"https:\\\/\\\/www.arquimaster.com.ar\\\/web\\\/#\\\/schema\\\/logo\\\/image\\\/\"},\"sameAs\":[\"http:\\\/\\\/www.facebook.com\\\/ARQUIMASTER.com.ar\",\"https:\\\/\\\/x.com\\\/arquimaster\",\"https:\\\/\\\/www.instagram.com\\\/arquimasterblog\\\/\",\"https:\\\/\\\/www.linkedin.com\\\/company\\\/arquimaster\",\"https:\\\/\\\/www.pinterest.com\\\/arquimaster\",\"https:\\\/\\\/t.me\\\/arquimaster\"]},{\"@type\":\"Person\",\"@id\":\"https:\\\/\\\/www.arquimaster.com.ar\\\/web\\\/#\\\/schema\\\/person\\\/359e9f7c00193fcde068e0dd2ceb0028\",\"name\":\"Arquimaster\"}]}<\/script>\n<!-- \/ Yoast SEO plugin. -->","yoast_head_json":{"title":"Curso Inmersi\u00f3n en la fotograf\u00eda de arquitectura - Arquimaster","description":"El objetivo del curso es aprender a realizar un reportaje fotogr\u00e1fico de un espacio.","robots":{"index":"index","follow":"follow","max-snippet":"max-snippet:-1","max-image-preview":"max-image-preview:large","max-video-preview":"max-video-preview:-1"},"canonical":"https:\/\/www.arquimaster.com.ar\/web\/curso-inmersion-en-la-fotografia-de-arquitectura\/","og_locale":"es_ES","og_type":"article","og_title":"Curso Inmersi\u00f3n en la fotograf\u00eda de arquitectura","og_description":"El objetivo del curso es aprender a realizar un reportaje fotogr\u00e1fico de un espacio.","og_url":"https:\/\/www.arquimaster.com.ar\/web\/curso-inmersion-en-la-fotografia-de-arquitectura\/","og_site_name":"Arquimaster","article_publisher":"http:\/\/www.facebook.com\/ARQUIMASTER.com.ar","article_published_time":"2019-12-03T18:32:26+00:00","article_modified_time":"2023-02-19T05:22:01+00:00","og_image":[{"width":698,"height":364,"url":"https:\/\/www.arquimaster.com.ar\/web\/wp-content\/uploads\/2019\/11\/curso_fotografia_arquitectura_domestika.jpg","type":"image\/jpeg"}],"author":"Arquimaster","twitter_card":"summary_large_image","twitter_title":"Curso Inmersi\u00f3n en la fotograf\u00eda de arquitectura","twitter_description":"El objetivo del curso es aprender a realizar un reportaje fotogr\u00e1fico de un espacio.","twitter_image":"https:\/\/www.arquimaster.com.ar\/web\/wp-content\/uploads\/2019\/11\/curso_fotografia_arquitectura_domestika.jpg","twitter_creator":"@arquimaster","twitter_site":"@arquimaster","twitter_misc":{"Escrito por":"Arquimaster","Tiempo de lectura":"3 minutos"},"schema":{"@context":"https:\/\/schema.org","@graph":[{"@type":"Article","@id":"https:\/\/www.arquimaster.com.ar\/web\/curso-inmersion-en-la-fotografia-de-arquitectura\/#article","isPartOf":{"@id":"https:\/\/www.arquimaster.com.ar\/web\/curso-inmersion-en-la-fotografia-de-arquitectura\/"},"author":{"name":"Arquimaster","@id":"https:\/\/www.arquimaster.com.ar\/web\/#\/schema\/person\/359e9f7c00193fcde068e0dd2ceb0028"},"headline":"Curso Inmersi\u00f3n en la fotograf\u00eda de arquitectura","datePublished":"2019-12-03T18:32:26+00:00","dateModified":"2023-02-19T05:22:01+00:00","mainEntityOfPage":{"@id":"https:\/\/www.arquimaster.com.ar\/web\/curso-inmersion-en-la-fotografia-de-arquitectura\/"},"wordCount":623,"publisher":{"@id":"https:\/\/www.arquimaster.com.ar\/web\/#organization"},"image":{"@id":"https:\/\/www.arquimaster.com.ar\/web\/curso-inmersion-en-la-fotografia-de-arquitectura\/#primaryimage"},"thumbnailUrl":"https:\/\/www.arquimaster.com.ar\/web\/wp-content\/uploads\/2019\/11\/curso_fotografia_arquitectura_domestika.jpg","keywords":["a distancia","a distancia 2019","a distancia 2020","cursos","cursos de fotografia","Domestika","fotografia","fotografia de arquitectura","online"],"articleSection":["Agenda","Cursos de arquitectura y dise\u00f1o"],"inLanguage":"es"},{"@type":"WebPage","@id":"https:\/\/www.arquimaster.com.ar\/web\/curso-inmersion-en-la-fotografia-de-arquitectura\/","url":"https:\/\/www.arquimaster.com.ar\/web\/curso-inmersion-en-la-fotografia-de-arquitectura\/","name":"Curso Inmersi\u00f3n en la fotograf\u00eda de arquitectura - Arquimaster","isPartOf":{"@id":"https:\/\/www.arquimaster.com.ar\/web\/#website"},"primaryImageOfPage":{"@id":"https:\/\/www.arquimaster.com.ar\/web\/curso-inmersion-en-la-fotografia-de-arquitectura\/#primaryimage"},"image":{"@id":"https:\/\/www.arquimaster.com.ar\/web\/curso-inmersion-en-la-fotografia-de-arquitectura\/#primaryimage"},"thumbnailUrl":"https:\/\/www.arquimaster.com.ar\/web\/wp-content\/uploads\/2019\/11\/curso_fotografia_arquitectura_domestika.jpg","datePublished":"2019-12-03T18:32:26+00:00","dateModified":"2023-02-19T05:22:01+00:00","description":"El objetivo del curso es aprender a realizar un reportaje fotogr\u00e1fico de un espacio.","breadcrumb":{"@id":"https:\/\/www.arquimaster.com.ar\/web\/curso-inmersion-en-la-fotografia-de-arquitectura\/#breadcrumb"},"inLanguage":"es","potentialAction":[{"@type":"ReadAction","target":["https:\/\/www.arquimaster.com.ar\/web\/curso-inmersion-en-la-fotografia-de-arquitectura\/"]}]},{"@type":"ImageObject","inLanguage":"es","@id":"https:\/\/www.arquimaster.com.ar\/web\/curso-inmersion-en-la-fotografia-de-arquitectura\/#primaryimage","url":"https:\/\/www.arquimaster.com.ar\/web\/wp-content\/uploads\/2019\/11\/curso_fotografia_arquitectura_domestika.jpg","contentUrl":"https:\/\/www.arquimaster.com.ar\/web\/wp-content\/uploads\/2019\/11\/curso_fotografia_arquitectura_domestika.jpg","width":698,"height":364},{"@type":"BreadcrumbList","@id":"https:\/\/www.arquimaster.com.ar\/web\/curso-inmersion-en-la-fotografia-de-arquitectura\/#breadcrumb","itemListElement":[{"@type":"ListItem","position":1,"name":"Portada","item":"https:\/\/www.arquimaster.com.ar\/web\/"},{"@type":"ListItem","position":2,"name":"Curso Inmersi\u00f3n en la fotograf\u00eda de arquitectura"}]},{"@type":"WebSite","@id":"https:\/\/www.arquimaster.com.ar\/web\/#website","url":"https:\/\/www.arquimaster.com.ar\/web\/","name":"Arquimaster","description":"Web de arquitectura, dise\u00f1o y construccion","publisher":{"@id":"https:\/\/www.arquimaster.com.ar\/web\/#organization"},"potentialAction":[{"@type":"SearchAction","target":{"@type":"EntryPoint","urlTemplate":"https:\/\/www.arquimaster.com.ar\/web\/?s={search_term_string}"},"query-input":{"@type":"PropertyValueSpecification","valueRequired":true,"valueName":"search_term_string"}}],"inLanguage":"es"},{"@type":"Organization","@id":"https:\/\/www.arquimaster.com.ar\/web\/#organization","name":"Arquimaster","url":"https:\/\/www.arquimaster.com.ar\/web\/","logo":{"@type":"ImageObject","inLanguage":"es","@id":"https:\/\/www.arquimaster.com.ar\/web\/#\/schema\/logo\/image\/","url":"https:\/\/www.arquimaster.com.ar\/web\/wp-content\/uploads\/2022\/06\/arquimaster.png","contentUrl":"https:\/\/www.arquimaster.com.ar\/web\/wp-content\/uploads\/2022\/06\/arquimaster.png","width":594,"height":78,"caption":"Arquimaster"},"image":{"@id":"https:\/\/www.arquimaster.com.ar\/web\/#\/schema\/logo\/image\/"},"sameAs":["http:\/\/www.facebook.com\/ARQUIMASTER.com.ar","https:\/\/x.com\/arquimaster","https:\/\/www.instagram.com\/arquimasterblog\/","https:\/\/www.linkedin.com\/company\/arquimaster","https:\/\/www.pinterest.com\/arquimaster","https:\/\/t.me\/arquimaster"]},{"@type":"Person","@id":"https:\/\/www.arquimaster.com.ar\/web\/#\/schema\/person\/359e9f7c00193fcde068e0dd2ceb0028","name":"Arquimaster"}]}},"uagb_featured_image_src":{"full":["https:\/\/www.arquimaster.com.ar\/web\/wp-content\/uploads\/2019\/11\/curso_fotografia_arquitectura_domestika.jpg",698,364,false],"thumbnail":["https:\/\/www.arquimaster.com.ar\/web\/wp-content\/uploads\/2019\/11\/curso_fotografia_arquitectura_domestika-150x150.jpg",150,150,true],"medium":["https:\/\/www.arquimaster.com.ar\/web\/wp-content\/uploads\/2019\/11\/curso_fotografia_arquitectura_domestika.jpg",698,364,false],"medium_large":["https:\/\/www.arquimaster.com.ar\/web\/wp-content\/uploads\/2019\/11\/curso_fotografia_arquitectura_domestika.jpg",698,364,false],"large":["https:\/\/www.arquimaster.com.ar\/web\/wp-content\/uploads\/2019\/11\/curso_fotografia_arquitectura_domestika.jpg",698,364,false],"1536x1536":["https:\/\/www.arquimaster.com.ar\/web\/wp-content\/uploads\/2019\/11\/curso_fotografia_arquitectura_domestika.jpg",698,364,false],"2048x2048":["https:\/\/www.arquimaster.com.ar\/web\/wp-content\/uploads\/2019\/11\/curso_fotografia_arquitectura_domestika.jpg",698,364,false]},"uagb_author_info":{"display_name":"Arquimaster","author_link":"https:\/\/www.arquimaster.com.ar\/web\/author\/arquimaster\/"},"uagb_comment_info":0,"uagb_excerpt":"Para aprender a realizar un reportaje fotogr\u00e1fico de un espacio...","_links":{"self":[{"href":"https:\/\/www.arquimaster.com.ar\/web\/wp-json\/wp\/v2\/posts\/50017","targetHints":{"allow":["GET"]}}],"collection":[{"href":"https:\/\/www.arquimaster.com.ar\/web\/wp-json\/wp\/v2\/posts"}],"about":[{"href":"https:\/\/www.arquimaster.com.ar\/web\/wp-json\/wp\/v2\/types\/post"}],"author":[{"embeddable":true,"href":"https:\/\/www.arquimaster.com.ar\/web\/wp-json\/wp\/v2\/users\/1"}],"replies":[{"embeddable":true,"href":"https:\/\/www.arquimaster.com.ar\/web\/wp-json\/wp\/v2\/comments?post=50017"}],"version-history":[{"count":3,"href":"https:\/\/www.arquimaster.com.ar\/web\/wp-json\/wp\/v2\/posts\/50017\/revisions"}],"predecessor-version":[{"id":74987,"href":"https:\/\/www.arquimaster.com.ar\/web\/wp-json\/wp\/v2\/posts\/50017\/revisions\/74987"}],"wp:featuredmedia":[{"embeddable":true,"href":"https:\/\/www.arquimaster.com.ar\/web\/wp-json\/wp\/v2\/media\/50018"}],"wp:attachment":[{"href":"https:\/\/www.arquimaster.com.ar\/web\/wp-json\/wp\/v2\/media?parent=50017"}],"wp:term":[{"taxonomy":"category","embeddable":true,"href":"https:\/\/www.arquimaster.com.ar\/web\/wp-json\/wp\/v2\/categories?post=50017"},{"taxonomy":"post_tag","embeddable":true,"href":"https:\/\/www.arquimaster.com.ar\/web\/wp-json\/wp\/v2\/tags?post=50017"}],"curies":[{"name":"wp","href":"https:\/\/api.w.org\/{rel}","templated":true}]}}