{"id":51199,"date":"2019-12-05T16:55:03","date_gmt":"2019-12-05T19:55:03","guid":{"rendered":"https:\/\/www.arquimaster.com.ar\/web\/?p=51199"},"modified":"2019-12-05T16:55:04","modified_gmt":"2019-12-05T19:55:04","slug":"cauz-foro-libreria-bca-taller-de-diseno","status":"publish","type":"post","link":"https:\/\/www.arquimaster.com.ar\/web\/cauz-foro-libreria-bca-taller-de-diseno\/","title":{"rendered":"CAUZ Foro Librer\u00eda \/ BCA Taller de Dise\u00f1o"},"content":{"rendered":"<div style=\"margin-top: 0px; margin-bottom: 0px;\" class=\"sharethis-inline-share-buttons\" ><\/div><div class=\"b812932af2e751442846f039925109de\" data-index=\"1\" style=\"float: none; margin:25px 0 25px 0; text-align:center;\">\n<script async src=\"https:\/\/pagead2.googlesyndication.com\/pagead\/js\/adsbygoogle.js\"><\/script>\r\n<!-- Arquimaster (superior) -->\r\n<ins class=\"adsbygoogle\"\r\n     style=\"display:block\"\r\n     data-ad-client=\"ca-pub-6351072698456832\"\r\n     data-ad-slot=\"6455489680\"\r\n     data-ad-format=\"auto\"\r\n     data-full-width-responsive=\"true\"><\/ins>\r\n<script>\r\n     (adsbygoogle = window.adsbygoogle || []).push({});\r\n<\/script>\n<\/div>\n<p><strong>CAUZ Foro Librer\u00eda<\/strong> (Xalapa, Veracruz, M\u00e9xico) por <strong>BCA Taller de Dise\u00f1o<\/strong>. BCA Taller de Dise\u00f1o recibi\u00f3 la encomienda de intervenir este espacio en el coraz\u00f3n de la ciudad de Xalapa, Veracruz. Ubicado en las calles de Jos\u00e9 Mar\u00eda Morelos y Miguel Barrag\u00e1n, el proyecto ten\u00eda como objetivo principal\u00a0 traducir, desde la arquitectura -siguiendo una estrategia de intervenci\u00f3n m\u00ednima y aprovechamiento m\u00e1ximo en los recursos y elementos existentes- la potencia que marca el ritmo de la vida cultural y art\u00edstica de la zona por la presencia de la Facultad de m\u00fasica de la Universidad Veracruzana, al mismo tiempo contribuir a la reactivaci\u00f3n de este sector del centro de la ciudad en su vida nocturna con una oferta dirigida a mel\u00f3manos diversos.<\/p>\n<div id='gallery-1' class='gallery galleryid-51199 gallery-columns-3 gallery-size-thumbnail'><figure class='gallery-item'>\n\t\t\t<div class='gallery-icon landscape'>\n\t\t\t\t<a href='https:\/\/www.arquimaster.com.ar\/web\/wp-content\/uploads\/2019\/12\/cauz_foro_libreria1.jpg' title=\"CAUZ Foro Librer\u00eda \/ BCA Taller de Dise\u00f1o (\u00a9 Marcos Betanzos)\" data-rl_title=\"CAUZ Foro Librer\u00eda \/ BCA Taller de Dise\u00f1o (\u00a9 Marcos Betanzos)\" class=\"rl-gallery-link\" data-rl_caption=\"CAUZ Foro Librer\u00eda \/ BCA Taller de Dise\u00f1o (\u00a9 Marcos Betanzos)\" data-rel=\"lightbox-gallery-1\"><img loading=\"lazy\" decoding=\"async\" width=\"150\" height=\"150\" src=\"https:\/\/www.arquimaster.com.ar\/web\/wp-content\/uploads\/2019\/12\/cauz_foro_libreria1-150x150.jpg\" class=\"attachment-thumbnail size-thumbnail\" alt=\"\" aria-describedby=\"gallery-1-51201\" \/><\/a>\n\t\t\t<\/div>\n\t\t\t\t<figcaption class='wp-caption-text gallery-caption' id='gallery-1-51201'>\n\t\t\t\tCAUZ Foro Librer\u00eda \/ BCA Taller de Dise\u00f1o (\u00a9 Marcos Betanzos)\n\t\t\t\t<\/figcaption><\/figure><figure class='gallery-item'>\n\t\t\t<div class='gallery-icon landscape'>\n\t\t\t\t<a href='https:\/\/www.arquimaster.com.ar\/web\/wp-content\/uploads\/2019\/12\/cauz_foro_libreria2.jpg' title=\"CAUZ Foro Librer\u00eda \/ BCA Taller de Dise\u00f1o (\u00a9 Marcos Betanzos)\" data-rl_title=\"CAUZ Foro Librer\u00eda \/ BCA Taller de Dise\u00f1o (\u00a9 Marcos Betanzos)\" class=\"rl-gallery-link\" data-rl_caption=\"CAUZ Foro Librer\u00eda \/ BCA Taller de Dise\u00f1o (\u00a9 Marcos Betanzos)\" data-rel=\"lightbox-gallery-1\"><img loading=\"lazy\" decoding=\"async\" width=\"150\" height=\"150\" src=\"https:\/\/www.arquimaster.com.ar\/web\/wp-content\/uploads\/2019\/12\/cauz_foro_libreria2-150x150.jpg\" class=\"attachment-thumbnail size-thumbnail\" alt=\"\" aria-describedby=\"gallery-1-51202\" \/><\/a>\n\t\t\t<\/div>\n\t\t\t\t<figcaption class='wp-caption-text gallery-caption' id='gallery-1-51202'>\n\t\t\t\tCAUZ Foro Librer\u00eda \/ BCA Taller de Dise\u00f1o (\u00a9 Marcos Betanzos)\n\t\t\t\t<\/figcaption><\/figure><figure class='gallery-item'>\n\t\t\t<div class='gallery-icon portrait'>\n\t\t\t\t<a href='https:\/\/www.arquimaster.com.ar\/web\/wp-content\/uploads\/2019\/12\/cauz_foro_libreria3.jpg' title=\"CAUZ Foro Librer\u00eda \/ BCA Taller de Dise\u00f1o (\u00a9 Marcos Betanzos)\" data-rl_title=\"CAUZ Foro Librer\u00eda \/ BCA Taller de Dise\u00f1o (\u00a9 Marcos Betanzos)\" class=\"rl-gallery-link\" data-rl_caption=\"CAUZ Foro Librer\u00eda \/ BCA Taller de Dise\u00f1o (\u00a9 Marcos Betanzos)\" data-rel=\"lightbox-gallery-1\"><img loading=\"lazy\" decoding=\"async\" width=\"150\" height=\"150\" src=\"https:\/\/www.arquimaster.com.ar\/web\/wp-content\/uploads\/2019\/12\/cauz_foro_libreria3-150x150.jpg\" class=\"attachment-thumbnail size-thumbnail\" alt=\"\" aria-describedby=\"gallery-1-51203\" \/><\/a>\n\t\t\t<\/div>\n\t\t\t\t<figcaption class='wp-caption-text gallery-caption' id='gallery-1-51203'>\n\t\t\t\tCAUZ Foro Librer\u00eda \/ BCA Taller de Dise\u00f1o (\u00a9 Marcos Betanzos)\n\t\t\t\t<\/figcaption><\/figure><figure class='gallery-item'>\n\t\t\t<div class='gallery-icon portrait'>\n\t\t\t\t<a href='https:\/\/www.arquimaster.com.ar\/web\/wp-content\/uploads\/2019\/12\/cauz_foro_libreria4.jpg' title=\"CAUZ Foro Librer\u00eda \/ BCA Taller de Dise\u00f1o (\u00a9 Marcos Betanzos)\" data-rl_title=\"CAUZ Foro Librer\u00eda \/ BCA Taller de Dise\u00f1o (\u00a9 Marcos Betanzos)\" class=\"rl-gallery-link\" data-rl_caption=\"CAUZ Foro Librer\u00eda \/ BCA Taller de Dise\u00f1o (\u00a9 Marcos Betanzos)\" data-rel=\"lightbox-gallery-1\"><img loading=\"lazy\" decoding=\"async\" width=\"150\" height=\"150\" src=\"https:\/\/www.arquimaster.com.ar\/web\/wp-content\/uploads\/2019\/12\/cauz_foro_libreria4-150x150.jpg\" class=\"attachment-thumbnail size-thumbnail\" alt=\"\" aria-describedby=\"gallery-1-51204\" \/><\/a>\n\t\t\t<\/div>\n\t\t\t\t<figcaption class='wp-caption-text gallery-caption' id='gallery-1-51204'>\n\t\t\t\tCAUZ Foro Librer\u00eda \/ BCA Taller de Dise\u00f1o (\u00a9 Marcos Betanzos)\n\t\t\t\t<\/figcaption><\/figure><figure class='gallery-item'>\n\t\t\t<div class='gallery-icon portrait'>\n\t\t\t\t<a href='https:\/\/www.arquimaster.com.ar\/web\/wp-content\/uploads\/2019\/12\/cauz_foro_libreria5.jpg' title=\"CAUZ Foro Librer\u00eda \/ BCA Taller de Dise\u00f1o (\u00a9 Marcos Betanzos)\" data-rl_title=\"CAUZ Foro Librer\u00eda \/ BCA Taller de Dise\u00f1o (\u00a9 Marcos Betanzos)\" class=\"rl-gallery-link\" data-rl_caption=\"CAUZ Foro Librer\u00eda \/ BCA Taller de Dise\u00f1o (\u00a9 Marcos Betanzos)\" data-rel=\"lightbox-gallery-1\"><img loading=\"lazy\" decoding=\"async\" width=\"150\" height=\"150\" src=\"https:\/\/www.arquimaster.com.ar\/web\/wp-content\/uploads\/2019\/12\/cauz_foro_libreria5-150x150.jpg\" class=\"attachment-thumbnail size-thumbnail\" alt=\"\" aria-describedby=\"gallery-1-51205\" \/><\/a>\n\t\t\t<\/div>\n\t\t\t\t<figcaption class='wp-caption-text gallery-caption' id='gallery-1-51205'>\n\t\t\t\tCAUZ Foro Librer\u00eda \/ BCA Taller de Dise\u00f1o (\u00a9 Marcos Betanzos)\n\t\t\t\t<\/figcaption><\/figure><figure class='gallery-item'>\n\t\t\t<div class='gallery-icon portrait'>\n\t\t\t\t<a href='https:\/\/www.arquimaster.com.ar\/web\/wp-content\/uploads\/2019\/12\/cauz_foro_libreria6.jpg' title=\"CAUZ Foro Librer\u00eda \/ BCA Taller de Dise\u00f1o (\u00a9 Marcos Betanzos)\" data-rl_title=\"CAUZ Foro Librer\u00eda \/ BCA Taller de Dise\u00f1o (\u00a9 Marcos Betanzos)\" class=\"rl-gallery-link\" data-rl_caption=\"CAUZ Foro Librer\u00eda \/ BCA Taller de Dise\u00f1o (\u00a9 Marcos Betanzos)\" data-rel=\"lightbox-gallery-1\"><img loading=\"lazy\" decoding=\"async\" width=\"150\" height=\"150\" src=\"https:\/\/www.arquimaster.com.ar\/web\/wp-content\/uploads\/2019\/12\/cauz_foro_libreria6-150x150.jpg\" class=\"attachment-thumbnail size-thumbnail\" alt=\"\" aria-describedby=\"gallery-1-51206\" \/><\/a>\n\t\t\t<\/div>\n\t\t\t\t<figcaption class='wp-caption-text gallery-caption' id='gallery-1-51206'>\n\t\t\t\tCAUZ Foro Librer\u00eda \/ BCA Taller de Dise\u00f1o (\u00a9 Marcos Betanzos)\n\t\t\t\t<\/figcaption><\/figure><figure class='gallery-item'>\n\t\t\t<div class='gallery-icon portrait'>\n\t\t\t\t<a href='https:\/\/www.arquimaster.com.ar\/web\/wp-content\/uploads\/2019\/12\/cauz_foro_libreria7.jpg' title=\"CAUZ Foro Librer\u00eda \/ BCA Taller de Dise\u00f1o (\u00a9 Marcos Betanzos)\" data-rl_title=\"CAUZ Foro Librer\u00eda \/ BCA Taller de Dise\u00f1o (\u00a9 Marcos Betanzos)\" class=\"rl-gallery-link\" data-rl_caption=\"CAUZ Foro Librer\u00eda \/ BCA Taller de Dise\u00f1o (\u00a9 Marcos Betanzos)\" data-rel=\"lightbox-gallery-1\"><img loading=\"lazy\" decoding=\"async\" width=\"150\" height=\"150\" src=\"https:\/\/www.arquimaster.com.ar\/web\/wp-content\/uploads\/2019\/12\/cauz_foro_libreria7-150x150.jpg\" class=\"attachment-thumbnail size-thumbnail\" alt=\"\" aria-describedby=\"gallery-1-51207\" \/><\/a>\n\t\t\t<\/div>\n\t\t\t\t<figcaption class='wp-caption-text gallery-caption' id='gallery-1-51207'>\n\t\t\t\tCAUZ Foro Librer\u00eda \/ BCA Taller de Dise\u00f1o (\u00a9 Marcos Betanzos)\n\t\t\t\t<\/figcaption><\/figure><figure class='gallery-item'>\n\t\t\t<div class='gallery-icon portrait'>\n\t\t\t\t<a href='https:\/\/www.arquimaster.com.ar\/web\/wp-content\/uploads\/2019\/12\/cauz_foro_libreria8.jpg' title=\"CAUZ Foro Librer\u00eda \/ BCA Taller de Dise\u00f1o (\u00a9 Marcos Betanzos)\" data-rl_title=\"CAUZ Foro Librer\u00eda \/ BCA Taller de Dise\u00f1o (\u00a9 Marcos Betanzos)\" class=\"rl-gallery-link\" data-rl_caption=\"CAUZ Foro Librer\u00eda \/ BCA Taller de Dise\u00f1o (\u00a9 Marcos Betanzos)\" data-rel=\"lightbox-gallery-1\"><img loading=\"lazy\" decoding=\"async\" width=\"150\" height=\"150\" src=\"https:\/\/www.arquimaster.com.ar\/web\/wp-content\/uploads\/2019\/12\/cauz_foro_libreria8-150x150.jpg\" class=\"attachment-thumbnail size-thumbnail\" alt=\"\" aria-describedby=\"gallery-1-51208\" \/><\/a>\n\t\t\t<\/div>\n\t\t\t\t<figcaption class='wp-caption-text gallery-caption' id='gallery-1-51208'>\n\t\t\t\tCAUZ Foro Librer\u00eda \/ BCA Taller de Dise\u00f1o (\u00a9 Marcos Betanzos)\n\t\t\t\t<\/figcaption><\/figure><figure class='gallery-item'>\n\t\t\t<div class='gallery-icon landscape'>\n\t\t\t\t<a href='https:\/\/www.arquimaster.com.ar\/web\/wp-content\/uploads\/2019\/12\/cauz_foro_libreria9.jpg' title=\"CAUZ Foro Librer\u00eda \/ BCA Taller de Dise\u00f1o (\u00a9 Marcos Betanzos)\" data-rl_title=\"CAUZ Foro Librer\u00eda \/ BCA Taller de Dise\u00f1o (\u00a9 Marcos Betanzos)\" class=\"rl-gallery-link\" data-rl_caption=\"CAUZ Foro Librer\u00eda \/ BCA Taller de Dise\u00f1o (\u00a9 Marcos Betanzos)\" data-rel=\"lightbox-gallery-1\"><img loading=\"lazy\" decoding=\"async\" width=\"150\" height=\"150\" src=\"https:\/\/www.arquimaster.com.ar\/web\/wp-content\/uploads\/2019\/12\/cauz_foro_libreria9-150x150.jpg\" class=\"attachment-thumbnail size-thumbnail\" alt=\"\" aria-describedby=\"gallery-1-51209\" \/><\/a>\n\t\t\t<\/div>\n\t\t\t\t<figcaption class='wp-caption-text gallery-caption' id='gallery-1-51209'>\n\t\t\t\tCAUZ Foro Librer\u00eda \/ BCA Taller de Dise\u00f1o (\u00a9 Marcos Betanzos)\n\t\t\t\t<\/figcaption><\/figure><figure class='gallery-item'>\n\t\t\t<div class='gallery-icon landscape'>\n\t\t\t\t<a href='https:\/\/www.arquimaster.com.ar\/web\/wp-content\/uploads\/2019\/12\/cauz_foro_libreria10.jpg' title=\"CAUZ Foro Librer\u00eda \/ BCA Taller de Dise\u00f1o (\u00a9 Marcos Betanzos)\" data-rl_title=\"CAUZ Foro Librer\u00eda \/ BCA Taller de Dise\u00f1o (\u00a9 Marcos Betanzos)\" class=\"rl-gallery-link\" data-rl_caption=\"CAUZ Foro Librer\u00eda \/ BCA Taller de Dise\u00f1o (\u00a9 Marcos Betanzos)\" data-rel=\"lightbox-gallery-1\"><img loading=\"lazy\" decoding=\"async\" width=\"150\" height=\"150\" src=\"https:\/\/www.arquimaster.com.ar\/web\/wp-content\/uploads\/2019\/12\/cauz_foro_libreria10-150x150.jpg\" class=\"attachment-thumbnail size-thumbnail\" alt=\"\" aria-describedby=\"gallery-1-51210\" \/><\/a>\n\t\t\t<\/div>\n\t\t\t\t<figcaption class='wp-caption-text gallery-caption' id='gallery-1-51210'>\n\t\t\t\tCAUZ Foro Librer\u00eda \/ BCA Taller de Dise\u00f1o (\u00a9 Marcos Betanzos)\n\t\t\t\t<\/figcaption><\/figure><figure class='gallery-item'>\n\t\t\t<div class='gallery-icon landscape'>\n\t\t\t\t<a href='https:\/\/www.arquimaster.com.ar\/web\/wp-content\/uploads\/2019\/12\/cauz_foro_libreria11.jpg' title=\"CAUZ Foro Librer\u00eda \/ BCA Taller de Dise\u00f1o (\u00a9 Marcos Betanzos)\" data-rl_title=\"CAUZ Foro Librer\u00eda \/ BCA Taller de Dise\u00f1o (\u00a9 Marcos Betanzos)\" class=\"rl-gallery-link\" data-rl_caption=\"CAUZ Foro Librer\u00eda \/ BCA Taller de Dise\u00f1o (\u00a9 Marcos Betanzos)\" data-rel=\"lightbox-gallery-1\"><img loading=\"lazy\" decoding=\"async\" width=\"150\" height=\"150\" src=\"https:\/\/www.arquimaster.com.ar\/web\/wp-content\/uploads\/2019\/12\/cauz_foro_libreria11-150x150.jpg\" class=\"attachment-thumbnail size-thumbnail\" alt=\"\" aria-describedby=\"gallery-1-51211\" \/><\/a>\n\t\t\t<\/div>\n\t\t\t\t<figcaption class='wp-caption-text gallery-caption' id='gallery-1-51211'>\n\t\t\t\tCAUZ Foro Librer\u00eda \/ BCA Taller de Dise\u00f1o (\u00a9 Marcos Betanzos)\n\t\t\t\t<\/figcaption><\/figure><figure class='gallery-item'>\n\t\t\t<div class='gallery-icon landscape'>\n\t\t\t\t<a href='https:\/\/www.arquimaster.com.ar\/web\/wp-content\/uploads\/2019\/12\/cauz_foro_libreria12.jpg' title=\"CAUZ Foro Librer\u00eda \/ BCA Taller de Dise\u00f1o (planta)\" data-rl_title=\"CAUZ Foro Librer\u00eda \/ BCA Taller de Dise\u00f1o (planta)\" class=\"rl-gallery-link\" data-rl_caption=\"CAUZ Foro Librer\u00eda \/ BCA Taller de Dise\u00f1o (planta)\" data-rel=\"lightbox-gallery-1\"><img loading=\"lazy\" decoding=\"async\" width=\"150\" height=\"150\" src=\"https:\/\/www.arquimaster.com.ar\/web\/wp-content\/uploads\/2019\/12\/cauz_foro_libreria12-150x150.jpg\" class=\"attachment-thumbnail size-thumbnail\" alt=\"\" aria-describedby=\"gallery-1-51212\" \/><\/a>\n\t\t\t<\/div>\n\t\t\t\t<figcaption class='wp-caption-text gallery-caption' id='gallery-1-51212'>\n\t\t\t\tCAUZ Foro Librer\u00eda \/ BCA Taller de Dise\u00f1o (planta)\n\t\t\t\t<\/figcaption><\/figure><figure class='gallery-item'>\n\t\t\t<div class='gallery-icon landscape'>\n\t\t\t\t<a href='https:\/\/www.arquimaster.com.ar\/web\/wp-content\/uploads\/2019\/12\/cauz_foro_libreria13.jpg' title=\"CAUZ Foro Librer\u00eda \/ BCA Taller de Dise\u00f1o (corte)\" data-rl_title=\"CAUZ Foro Librer\u00eda \/ BCA Taller de Dise\u00f1o (corte)\" class=\"rl-gallery-link\" data-rl_caption=\"CAUZ Foro Librer\u00eda \/ BCA Taller de Dise\u00f1o (corte)\" data-rel=\"lightbox-gallery-1\"><img loading=\"lazy\" decoding=\"async\" width=\"150\" height=\"150\" src=\"https:\/\/www.arquimaster.com.ar\/web\/wp-content\/uploads\/2019\/12\/cauz_foro_libreria13-150x150.jpg\" class=\"attachment-thumbnail size-thumbnail\" alt=\"\" aria-describedby=\"gallery-1-51213\" \/><\/a>\n\t\t\t<\/div>\n\t\t\t\t<figcaption class='wp-caption-text gallery-caption' id='gallery-1-51213'>\n\t\t\t\tCAUZ Foro Librer\u00eda \/ BCA Taller de Dise\u00f1o (corte)\n\t\t\t\t<\/figcaption><\/figure>\n\t\t<\/div>\n\n<p>As\u00ed nace CAUZ, un espacio que se adapta a la preexistencia de una cafeter\u00eda de barrio (Flor Catorce) que, bajo un ambiente ecl\u00e9ctico e hibrido se ha consolidado como un punto de referencia para la comunidad durante el d\u00eda. Intervenido en una primera expansi\u00f3n, la oficina contribuy\u00f3 a dise\u00f1ar nuevas zonas para el restaurante en relaci\u00f3n con jardines interiores, una nueva librer\u00eda que funciona como acceso y otra al interior con la flexibilidad para funcionar como restaurante, librer\u00eda y foro de conciertos con capacidad para cincuenta personas.\u00a0<\/p>\n<p>La propuesta de dise\u00f1o recae principalmente en respetar al interior los elementos caracter\u00edsticos, la personalidad del caf\u00e9 existente y la casona que lo alberga. Hacia el exterior, mantener el rigor de conservar con integridad la fachada sin incrementar los niveles ni modificar los elementos propios del lenguaje arquitect\u00f3nico local y, sobre todo, procurar que la intervenci\u00f3n se realizara con altos est\u00e1ndares de cuidado de aislamiento sonoro que permitieran, por un lado, garantizar la calidad del sonido en la ejecuci\u00f3n musical y por otro, no generar incomodidad a los vecinos residentes.\u00a0<\/p>\n<p>El resultado alcanzado por los arquitectos Francisco Champion, Beatriz Bello, Carlos Carre\u00f1o y su equipo, posee tres caracter\u00edsticas resueltas cabalmente: desarrollar un proyecto flexible con capacidad de funcionar eficientemente con la diversidad de sus usos; lograr una m\u00e1xima eficacia constructiva con intervenci\u00f3n sumamente discreta y contribuir desde un lenguaje contempor\u00e1neo a poner en valor una arquitectura capaz de retribuir a la ciudad por muchos a\u00f1os m\u00e1s.<\/p>\n<p><strong>Ficha t\u00e9cnica<\/strong><br \/>Nombre: CAUZ Foro Librer\u00eda<br \/>Ubicaci\u00f3n: Xalapa, Veracruz, M\u00e9xico<br \/>Dise\u00f1o: BCA Taller de Dise\u00f1o<br \/>Arquitecis: Carlos Carre\u00f1o, Francisco Champion, Beatriz Bello<br \/>A\u00f1o: 2018<br \/>Superficie: 250 m2<br \/>Fotograf\u00eda: Marcos Betanzos<\/p>\n<p><strong>Contacto<\/strong><br \/><a href=\"http:\/\/www.bcataller.com\" target=\"_blank\" rel=\"noopener noreferrer\">http:\/\/www.bcataller.com<\/a><\/p>\n<p>Facebook: \/BCA.Taller<br \/>Twitter: @BCATadi<\/p>\n\n\n<div style=\"height:20px\" aria-hidden=\"true\" class=\"wp-block-spacer\"><\/div>\n\n\n<p><strong><em>English version<\/em><\/strong><\/p>\n<p><em>BCA Taller de Dise\u00f1o was commissioned to intervene this space in the heart of the city of Xalapa, Veracruz, Mexico. Located in Jos\u00e9 Mar\u00eda Morelos and Miguel Barrag\u00e1n streets, the project&#8217;s main goal was to translate from architecture -following a strategy of minimal intervention and maximum use of resources and existing elements- the power that sets the pace of the artistic and cultural life of the area because of the presence of Universidad Veracruzana&#8217;s music faculty, and at the same time contributing to the reactivation of this down town sector and its nightlife with an offer directed to diverse music lovers.<\/em><\/p>\n<p><em>This is the origin of CAUZ, a space that adapts to the pre-existence of a cafeteria (Flor Catorce) from the area that, under an eclectic and hybrid environment, has established itself as the community&#8217;s reference point during the day. Intervened in a first expansion, the office contributed to designing new areas for the restaurant connected with interior gardens, a new library that functions as access and another one inside with the flexibility to run as a restaurant, bookshop and concert forum with capacity to hold up to fifty people.<\/em><\/p>\n<p><em>The design proposal lies mainly on respecting the characteristic elements in the interior, the personality of the existing cafe and the mansion that holds it. To the outside, maintaining the rigor of preserving the integrity of the fa\u00e7ade without increasing the levels or modifying the elements of the local architectural language and, above all, ensuring that the intervention is carried out with high standards of sound isolation making sure that would allow, on one hand, guarantee the sound quality during the musical performance and on the other avoiding discomfort to the neighbors.<\/em><\/p>\n<p><em>The result reached by architects Francisco Champion, Beatriz Bello, Carlos Carre\u00f1o and their team, has three fully resolved characteristics: developing a flexible project with the capacity to operate efficiently with diverse uses; achieving a maximum constructive effectiveness with very discreet intervention and contributing from a contemporary language to set in value an architecture able to give back to the city many more years.<\/em><\/p>\n<div style=\"font-size: 0px; height: 0px; line-height: 0px; margin: 0; padding: 0; clear: both;\"><\/div><div style=\"margin-top: 0px; margin-bottom: 0px;\" class=\"sharethis-inline-share-buttons\" ><\/div>","protected":false},"excerpt":{"rendered":"<p>La propuesta de dise\u00f1o recae principalmente en respetar al interior los elementos caracter\u00edsticos&#8230;<\/p>\n","protected":false},"author":1,"featured_media":51200,"comment_status":"closed","ping_status":"closed","sticky":false,"template":"","format":"standard","meta":{"_uag_custom_page_level_css":"","footnotes":""},"categories":[75,1],"tags":[1233,4174,4177,1771,4176,4444,5526,1513,24,2356,2355],"class_list":["post-51199","post","type-post","status-publish","format-standard","has-post-thumbnail","hentry","category-arquitectura-comercial","category-proyecto","tag-arquitectura-comercial-2","tag-bca-taller-de-diseno","tag-beatriz-bello-m","tag-cafeteria","tag-carlos-g-carreno","tag-francisco-champion","tag-libreria","tag-local-comercial","tag-mexico","tag-veracruz","tag-xalapa","generate-columns","tablet-grid-50","mobile-grid-100","grid-parent","grid-50"],"yoast_head":"<!-- This site is optimized with the Yoast SEO plugin v27.3 - https:\/\/yoast.com\/product\/yoast-seo-wordpress\/ -->\n<title>CAUZ Foro Librer\u00eda \/ BCA Taller de Dise\u00f1o - Arquimaster<\/title>\n<meta name=\"description\" content=\"La propuesta de dise\u00f1o recae principalmente en respetar al interior los elementos caracter\u00edsticos, la personalidad del caf\u00e9 existente y la casona que lo alberga.\" \/>\n<meta name=\"robots\" content=\"index, follow, max-snippet:-1, max-image-preview:large, max-video-preview:-1\" \/>\n<link rel=\"canonical\" href=\"https:\/\/www.arquimaster.com.ar\/web\/cauz-foro-libreria-bca-taller-de-diseno\/\" \/>\n<meta property=\"og:locale\" content=\"es_ES\" \/>\n<meta property=\"og:type\" content=\"article\" \/>\n<meta property=\"og:title\" content=\"CAUZ Foro Librer\u00eda \/ BCA Taller de Dise\u00f1o\" \/>\n<meta property=\"og:description\" content=\"La propuesta de dise\u00f1o recae principalmente en respetar al interior los elementos caracter\u00edsticos, la personalidad del caf\u00e9 existente y la casona que lo alberga.\" \/>\n<meta property=\"og:url\" content=\"https:\/\/www.arquimaster.com.ar\/web\/cauz-foro-libreria-bca-taller-de-diseno\/\" \/>\n<meta property=\"og:site_name\" content=\"Arquimaster\" \/>\n<meta property=\"article:publisher\" content=\"http:\/\/www.facebook.com\/ARQUIMASTER.com.ar\" \/>\n<meta property=\"article:published_time\" content=\"2019-12-05T19:55:03+00:00\" \/>\n<meta property=\"article:modified_time\" content=\"2019-12-05T19:55:04+00:00\" \/>\n<meta property=\"og:image\" content=\"https:\/\/www.arquimaster.com.ar\/web\/wp-content\/uploads\/2019\/12\/cauz_foro_libreria_slide.jpg\" \/>\n\t<meta property=\"og:image:width\" content=\"698\" \/>\n\t<meta property=\"og:image:height\" content=\"364\" \/>\n\t<meta property=\"og:image:type\" content=\"image\/jpeg\" \/>\n<meta name=\"author\" content=\"Arquimaster\" \/>\n<meta name=\"twitter:card\" content=\"summary_large_image\" \/>\n<meta name=\"twitter:title\" content=\"CAUZ Foro Librer\u00eda \/ BCA Taller de Dise\u00f1o\" \/>\n<meta name=\"twitter:description\" content=\"La propuesta de dise\u00f1o recae principalmente en respetar al interior los elementos caracter\u00edsticos, la personalidad del caf\u00e9 existente y la casona que lo alberga.\" \/>\n<meta name=\"twitter:image\" content=\"https:\/\/www.arquimaster.com.ar\/web\/wp-content\/uploads\/2019\/12\/cauz_foro_libreria_slide.jpg\" \/>\n<meta name=\"twitter:creator\" content=\"@arquimaster\" \/>\n<meta name=\"twitter:site\" content=\"@arquimaster\" \/>\n<meta name=\"twitter:label1\" content=\"Escrito por\" \/>\n\t<meta name=\"twitter:data1\" content=\"Arquimaster\" \/>\n\t<meta name=\"twitter:label2\" content=\"Tiempo de lectura\" \/>\n\t<meta name=\"twitter:data2\" content=\"4 minutos\" \/>\n<script type=\"application\/ld+json\" class=\"yoast-schema-graph\">{\"@context\":\"https:\\\/\\\/schema.org\",\"@graph\":[{\"@type\":\"Article\",\"@id\":\"https:\\\/\\\/www.arquimaster.com.ar\\\/web\\\/cauz-foro-libreria-bca-taller-de-diseno\\\/#article\",\"isPartOf\":{\"@id\":\"https:\\\/\\\/www.arquimaster.com.ar\\\/web\\\/cauz-foro-libreria-bca-taller-de-diseno\\\/\"},\"author\":{\"name\":\"Arquimaster\",\"@id\":\"https:\\\/\\\/www.arquimaster.com.ar\\\/web\\\/#\\\/schema\\\/person\\\/359e9f7c00193fcde068e0dd2ceb0028\"},\"headline\":\"CAUZ Foro Librer\u00eda \\\/ BCA Taller de Dise\u00f1o\",\"datePublished\":\"2019-12-05T19:55:03+00:00\",\"dateModified\":\"2019-12-05T19:55:04+00:00\",\"mainEntityOfPage\":{\"@id\":\"https:\\\/\\\/www.arquimaster.com.ar\\\/web\\\/cauz-foro-libreria-bca-taller-de-diseno\\\/\"},\"wordCount\":809,\"publisher\":{\"@id\":\"https:\\\/\\\/www.arquimaster.com.ar\\\/web\\\/#organization\"},\"image\":{\"@id\":\"https:\\\/\\\/www.arquimaster.com.ar\\\/web\\\/cauz-foro-libreria-bca-taller-de-diseno\\\/#primaryimage\"},\"thumbnailUrl\":\"https:\\\/\\\/www.arquimaster.com.ar\\\/web\\\/wp-content\\\/uploads\\\/2019\\\/12\\\/cauz_foro_libreria_slide.jpg\",\"keywords\":[\"arquitectura comercial\",\"BCA Taller de Dise\u00f1o\",\"Beatriz Bello\",\"cafeteria\",\"Carlos G. Carre\u00f1o\",\"Francisco Champion\",\"librer\u00eda\",\"locales comerciales\",\"Mexico\",\"Veracruz\",\"Xalapa\"],\"articleSection\":[\"Arquitectura comercial\",\"Proyecto\"],\"inLanguage\":\"es\"},{\"@type\":\"WebPage\",\"@id\":\"https:\\\/\\\/www.arquimaster.com.ar\\\/web\\\/cauz-foro-libreria-bca-taller-de-diseno\\\/\",\"url\":\"https:\\\/\\\/www.arquimaster.com.ar\\\/web\\\/cauz-foro-libreria-bca-taller-de-diseno\\\/\",\"name\":\"CAUZ Foro Librer\u00eda \\\/ BCA Taller de Dise\u00f1o - Arquimaster\",\"isPartOf\":{\"@id\":\"https:\\\/\\\/www.arquimaster.com.ar\\\/web\\\/#website\"},\"primaryImageOfPage\":{\"@id\":\"https:\\\/\\\/www.arquimaster.com.ar\\\/web\\\/cauz-foro-libreria-bca-taller-de-diseno\\\/#primaryimage\"},\"image\":{\"@id\":\"https:\\\/\\\/www.arquimaster.com.ar\\\/web\\\/cauz-foro-libreria-bca-taller-de-diseno\\\/#primaryimage\"},\"thumbnailUrl\":\"https:\\\/\\\/www.arquimaster.com.ar\\\/web\\\/wp-content\\\/uploads\\\/2019\\\/12\\\/cauz_foro_libreria_slide.jpg\",\"datePublished\":\"2019-12-05T19:55:03+00:00\",\"dateModified\":\"2019-12-05T19:55:04+00:00\",\"description\":\"La propuesta de dise\u00f1o recae principalmente en respetar al interior los elementos caracter\u00edsticos, la personalidad del caf\u00e9 existente y la casona que lo alberga.\",\"breadcrumb\":{\"@id\":\"https:\\\/\\\/www.arquimaster.com.ar\\\/web\\\/cauz-foro-libreria-bca-taller-de-diseno\\\/#breadcrumb\"},\"inLanguage\":\"es\",\"potentialAction\":[{\"@type\":\"ReadAction\",\"target\":[\"https:\\\/\\\/www.arquimaster.com.ar\\\/web\\\/cauz-foro-libreria-bca-taller-de-diseno\\\/\"]}]},{\"@type\":\"ImageObject\",\"inLanguage\":\"es\",\"@id\":\"https:\\\/\\\/www.arquimaster.com.ar\\\/web\\\/cauz-foro-libreria-bca-taller-de-diseno\\\/#primaryimage\",\"url\":\"https:\\\/\\\/www.arquimaster.com.ar\\\/web\\\/wp-content\\\/uploads\\\/2019\\\/12\\\/cauz_foro_libreria_slide.jpg\",\"contentUrl\":\"https:\\\/\\\/www.arquimaster.com.ar\\\/web\\\/wp-content\\\/uploads\\\/2019\\\/12\\\/cauz_foro_libreria_slide.jpg\",\"width\":698,\"height\":364},{\"@type\":\"BreadcrumbList\",\"@id\":\"https:\\\/\\\/www.arquimaster.com.ar\\\/web\\\/cauz-foro-libreria-bca-taller-de-diseno\\\/#breadcrumb\",\"itemListElement\":[{\"@type\":\"ListItem\",\"position\":1,\"name\":\"Portada\",\"item\":\"https:\\\/\\\/www.arquimaster.com.ar\\\/web\\\/\"},{\"@type\":\"ListItem\",\"position\":2,\"name\":\"CAUZ Foro Librer\u00eda \\\/ BCA Taller de Dise\u00f1o\"}]},{\"@type\":\"WebSite\",\"@id\":\"https:\\\/\\\/www.arquimaster.com.ar\\\/web\\\/#website\",\"url\":\"https:\\\/\\\/www.arquimaster.com.ar\\\/web\\\/\",\"name\":\"Arquimaster\",\"description\":\"Web de arquitectura, dise\u00f1o y construccion\",\"publisher\":{\"@id\":\"https:\\\/\\\/www.arquimaster.com.ar\\\/web\\\/#organization\"},\"potentialAction\":[{\"@type\":\"SearchAction\",\"target\":{\"@type\":\"EntryPoint\",\"urlTemplate\":\"https:\\\/\\\/www.arquimaster.com.ar\\\/web\\\/?s={search_term_string}\"},\"query-input\":{\"@type\":\"PropertyValueSpecification\",\"valueRequired\":true,\"valueName\":\"search_term_string\"}}],\"inLanguage\":\"es\"},{\"@type\":\"Organization\",\"@id\":\"https:\\\/\\\/www.arquimaster.com.ar\\\/web\\\/#organization\",\"name\":\"Arquimaster\",\"url\":\"https:\\\/\\\/www.arquimaster.com.ar\\\/web\\\/\",\"logo\":{\"@type\":\"ImageObject\",\"inLanguage\":\"es\",\"@id\":\"https:\\\/\\\/www.arquimaster.com.ar\\\/web\\\/#\\\/schema\\\/logo\\\/image\\\/\",\"url\":\"https:\\\/\\\/www.arquimaster.com.ar\\\/web\\\/wp-content\\\/uploads\\\/2022\\\/06\\\/arquimaster.png\",\"contentUrl\":\"https:\\\/\\\/www.arquimaster.com.ar\\\/web\\\/wp-content\\\/uploads\\\/2022\\\/06\\\/arquimaster.png\",\"width\":594,\"height\":78,\"caption\":\"Arquimaster\"},\"image\":{\"@id\":\"https:\\\/\\\/www.arquimaster.com.ar\\\/web\\\/#\\\/schema\\\/logo\\\/image\\\/\"},\"sameAs\":[\"http:\\\/\\\/www.facebook.com\\\/ARQUIMASTER.com.ar\",\"https:\\\/\\\/x.com\\\/arquimaster\",\"https:\\\/\\\/www.instagram.com\\\/arquimasterblog\\\/\",\"https:\\\/\\\/www.linkedin.com\\\/company\\\/arquimaster\",\"https:\\\/\\\/www.pinterest.com\\\/arquimaster\",\"https:\\\/\\\/t.me\\\/arquimaster\"]},{\"@type\":\"Person\",\"@id\":\"https:\\\/\\\/www.arquimaster.com.ar\\\/web\\\/#\\\/schema\\\/person\\\/359e9f7c00193fcde068e0dd2ceb0028\",\"name\":\"Arquimaster\"}]}<\/script>\n<!-- \/ Yoast SEO plugin. -->","yoast_head_json":{"title":"CAUZ Foro Librer\u00eda \/ BCA Taller de Dise\u00f1o - Arquimaster","description":"La propuesta de dise\u00f1o recae principalmente en respetar al interior los elementos caracter\u00edsticos, la personalidad del caf\u00e9 existente y la casona que lo alberga.","robots":{"index":"index","follow":"follow","max-snippet":"max-snippet:-1","max-image-preview":"max-image-preview:large","max-video-preview":"max-video-preview:-1"},"canonical":"https:\/\/www.arquimaster.com.ar\/web\/cauz-foro-libreria-bca-taller-de-diseno\/","og_locale":"es_ES","og_type":"article","og_title":"CAUZ Foro Librer\u00eda \/ BCA Taller de Dise\u00f1o","og_description":"La propuesta de dise\u00f1o recae principalmente en respetar al interior los elementos caracter\u00edsticos, la personalidad del caf\u00e9 existente y la casona que lo alberga.","og_url":"https:\/\/www.arquimaster.com.ar\/web\/cauz-foro-libreria-bca-taller-de-diseno\/","og_site_name":"Arquimaster","article_publisher":"http:\/\/www.facebook.com\/ARQUIMASTER.com.ar","article_published_time":"2019-12-05T19:55:03+00:00","article_modified_time":"2019-12-05T19:55:04+00:00","og_image":[{"width":698,"height":364,"url":"https:\/\/www.arquimaster.com.ar\/web\/wp-content\/uploads\/2019\/12\/cauz_foro_libreria_slide.jpg","type":"image\/jpeg"}],"author":"Arquimaster","twitter_card":"summary_large_image","twitter_title":"CAUZ Foro Librer\u00eda \/ BCA Taller de Dise\u00f1o","twitter_description":"La propuesta de dise\u00f1o recae principalmente en respetar al interior los elementos caracter\u00edsticos, la personalidad del caf\u00e9 existente y la casona que lo alberga.","twitter_image":"https:\/\/www.arquimaster.com.ar\/web\/wp-content\/uploads\/2019\/12\/cauz_foro_libreria_slide.jpg","twitter_creator":"@arquimaster","twitter_site":"@arquimaster","twitter_misc":{"Escrito por":"Arquimaster","Tiempo de lectura":"4 minutos"},"schema":{"@context":"https:\/\/schema.org","@graph":[{"@type":"Article","@id":"https:\/\/www.arquimaster.com.ar\/web\/cauz-foro-libreria-bca-taller-de-diseno\/#article","isPartOf":{"@id":"https:\/\/www.arquimaster.com.ar\/web\/cauz-foro-libreria-bca-taller-de-diseno\/"},"author":{"name":"Arquimaster","@id":"https:\/\/www.arquimaster.com.ar\/web\/#\/schema\/person\/359e9f7c00193fcde068e0dd2ceb0028"},"headline":"CAUZ Foro Librer\u00eda \/ BCA Taller de Dise\u00f1o","datePublished":"2019-12-05T19:55:03+00:00","dateModified":"2019-12-05T19:55:04+00:00","mainEntityOfPage":{"@id":"https:\/\/www.arquimaster.com.ar\/web\/cauz-foro-libreria-bca-taller-de-diseno\/"},"wordCount":809,"publisher":{"@id":"https:\/\/www.arquimaster.com.ar\/web\/#organization"},"image":{"@id":"https:\/\/www.arquimaster.com.ar\/web\/cauz-foro-libreria-bca-taller-de-diseno\/#primaryimage"},"thumbnailUrl":"https:\/\/www.arquimaster.com.ar\/web\/wp-content\/uploads\/2019\/12\/cauz_foro_libreria_slide.jpg","keywords":["arquitectura comercial","BCA Taller de Dise\u00f1o","Beatriz Bello","cafeteria","Carlos G. Carre\u00f1o","Francisco Champion","librer\u00eda","locales comerciales","Mexico","Veracruz","Xalapa"],"articleSection":["Arquitectura comercial","Proyecto"],"inLanguage":"es"},{"@type":"WebPage","@id":"https:\/\/www.arquimaster.com.ar\/web\/cauz-foro-libreria-bca-taller-de-diseno\/","url":"https:\/\/www.arquimaster.com.ar\/web\/cauz-foro-libreria-bca-taller-de-diseno\/","name":"CAUZ Foro Librer\u00eda \/ BCA Taller de Dise\u00f1o - Arquimaster","isPartOf":{"@id":"https:\/\/www.arquimaster.com.ar\/web\/#website"},"primaryImageOfPage":{"@id":"https:\/\/www.arquimaster.com.ar\/web\/cauz-foro-libreria-bca-taller-de-diseno\/#primaryimage"},"image":{"@id":"https:\/\/www.arquimaster.com.ar\/web\/cauz-foro-libreria-bca-taller-de-diseno\/#primaryimage"},"thumbnailUrl":"https:\/\/www.arquimaster.com.ar\/web\/wp-content\/uploads\/2019\/12\/cauz_foro_libreria_slide.jpg","datePublished":"2019-12-05T19:55:03+00:00","dateModified":"2019-12-05T19:55:04+00:00","description":"La propuesta de dise\u00f1o recae principalmente en respetar al interior los elementos caracter\u00edsticos, la personalidad del caf\u00e9 existente y la casona que lo alberga.","breadcrumb":{"@id":"https:\/\/www.arquimaster.com.ar\/web\/cauz-foro-libreria-bca-taller-de-diseno\/#breadcrumb"},"inLanguage":"es","potentialAction":[{"@type":"ReadAction","target":["https:\/\/www.arquimaster.com.ar\/web\/cauz-foro-libreria-bca-taller-de-diseno\/"]}]},{"@type":"ImageObject","inLanguage":"es","@id":"https:\/\/www.arquimaster.com.ar\/web\/cauz-foro-libreria-bca-taller-de-diseno\/#primaryimage","url":"https:\/\/www.arquimaster.com.ar\/web\/wp-content\/uploads\/2019\/12\/cauz_foro_libreria_slide.jpg","contentUrl":"https:\/\/www.arquimaster.com.ar\/web\/wp-content\/uploads\/2019\/12\/cauz_foro_libreria_slide.jpg","width":698,"height":364},{"@type":"BreadcrumbList","@id":"https:\/\/www.arquimaster.com.ar\/web\/cauz-foro-libreria-bca-taller-de-diseno\/#breadcrumb","itemListElement":[{"@type":"ListItem","position":1,"name":"Portada","item":"https:\/\/www.arquimaster.com.ar\/web\/"},{"@type":"ListItem","position":2,"name":"CAUZ Foro Librer\u00eda \/ BCA Taller de Dise\u00f1o"}]},{"@type":"WebSite","@id":"https:\/\/www.arquimaster.com.ar\/web\/#website","url":"https:\/\/www.arquimaster.com.ar\/web\/","name":"Arquimaster","description":"Web de arquitectura, dise\u00f1o y construccion","publisher":{"@id":"https:\/\/www.arquimaster.com.ar\/web\/#organization"},"potentialAction":[{"@type":"SearchAction","target":{"@type":"EntryPoint","urlTemplate":"https:\/\/www.arquimaster.com.ar\/web\/?s={search_term_string}"},"query-input":{"@type":"PropertyValueSpecification","valueRequired":true,"valueName":"search_term_string"}}],"inLanguage":"es"},{"@type":"Organization","@id":"https:\/\/www.arquimaster.com.ar\/web\/#organization","name":"Arquimaster","url":"https:\/\/www.arquimaster.com.ar\/web\/","logo":{"@type":"ImageObject","inLanguage":"es","@id":"https:\/\/www.arquimaster.com.ar\/web\/#\/schema\/logo\/image\/","url":"https:\/\/www.arquimaster.com.ar\/web\/wp-content\/uploads\/2022\/06\/arquimaster.png","contentUrl":"https:\/\/www.arquimaster.com.ar\/web\/wp-content\/uploads\/2022\/06\/arquimaster.png","width":594,"height":78,"caption":"Arquimaster"},"image":{"@id":"https:\/\/www.arquimaster.com.ar\/web\/#\/schema\/logo\/image\/"},"sameAs":["http:\/\/www.facebook.com\/ARQUIMASTER.com.ar","https:\/\/x.com\/arquimaster","https:\/\/www.instagram.com\/arquimasterblog\/","https:\/\/www.linkedin.com\/company\/arquimaster","https:\/\/www.pinterest.com\/arquimaster","https:\/\/t.me\/arquimaster"]},{"@type":"Person","@id":"https:\/\/www.arquimaster.com.ar\/web\/#\/schema\/person\/359e9f7c00193fcde068e0dd2ceb0028","name":"Arquimaster"}]}},"uagb_featured_image_src":{"full":["https:\/\/www.arquimaster.com.ar\/web\/wp-content\/uploads\/2019\/12\/cauz_foro_libreria_slide.jpg",698,364,false],"thumbnail":["https:\/\/www.arquimaster.com.ar\/web\/wp-content\/uploads\/2019\/12\/cauz_foro_libreria_slide-150x150.jpg",150,150,true],"medium":["https:\/\/www.arquimaster.com.ar\/web\/wp-content\/uploads\/2019\/12\/cauz_foro_libreria_slide.jpg",698,364,false],"medium_large":["https:\/\/www.arquimaster.com.ar\/web\/wp-content\/uploads\/2019\/12\/cauz_foro_libreria_slide.jpg",698,364,false],"large":["https:\/\/www.arquimaster.com.ar\/web\/wp-content\/uploads\/2019\/12\/cauz_foro_libreria_slide.jpg",698,364,false],"1536x1536":["https:\/\/www.arquimaster.com.ar\/web\/wp-content\/uploads\/2019\/12\/cauz_foro_libreria_slide.jpg",698,364,false],"2048x2048":["https:\/\/www.arquimaster.com.ar\/web\/wp-content\/uploads\/2019\/12\/cauz_foro_libreria_slide.jpg",698,364,false]},"uagb_author_info":{"display_name":"Arquimaster","author_link":"https:\/\/www.arquimaster.com.ar\/web\/author\/arquimaster\/"},"uagb_comment_info":0,"uagb_excerpt":"La propuesta de dise\u00f1o recae principalmente en respetar al interior los elementos caracter\u00edsticos...","_links":{"self":[{"href":"https:\/\/www.arquimaster.com.ar\/web\/wp-json\/wp\/v2\/posts\/51199","targetHints":{"allow":["GET"]}}],"collection":[{"href":"https:\/\/www.arquimaster.com.ar\/web\/wp-json\/wp\/v2\/posts"}],"about":[{"href":"https:\/\/www.arquimaster.com.ar\/web\/wp-json\/wp\/v2\/types\/post"}],"author":[{"embeddable":true,"href":"https:\/\/www.arquimaster.com.ar\/web\/wp-json\/wp\/v2\/users\/1"}],"replies":[{"embeddable":true,"href":"https:\/\/www.arquimaster.com.ar\/web\/wp-json\/wp\/v2\/comments?post=51199"}],"version-history":[{"count":1,"href":"https:\/\/www.arquimaster.com.ar\/web\/wp-json\/wp\/v2\/posts\/51199\/revisions"}],"predecessor-version":[{"id":51214,"href":"https:\/\/www.arquimaster.com.ar\/web\/wp-json\/wp\/v2\/posts\/51199\/revisions\/51214"}],"wp:featuredmedia":[{"embeddable":true,"href":"https:\/\/www.arquimaster.com.ar\/web\/wp-json\/wp\/v2\/media\/51200"}],"wp:attachment":[{"href":"https:\/\/www.arquimaster.com.ar\/web\/wp-json\/wp\/v2\/media?parent=51199"}],"wp:term":[{"taxonomy":"category","embeddable":true,"href":"https:\/\/www.arquimaster.com.ar\/web\/wp-json\/wp\/v2\/categories?post=51199"},{"taxonomy":"post_tag","embeddable":true,"href":"https:\/\/www.arquimaster.com.ar\/web\/wp-json\/wp\/v2\/tags?post=51199"}],"curies":[{"name":"wp","href":"https:\/\/api.w.org\/{rel}","templated":true}]}}