{"id":51245,"date":"2019-12-05T20:06:11","date_gmt":"2019-12-05T23:06:11","guid":{"rendered":"https:\/\/www.arquimaster.com.ar\/web\/?p=51245"},"modified":"2019-12-09T15:55:42","modified_gmt":"2019-12-09T18:55:42","slug":"vivienda-unifamiliar-espronceda-sincro","status":"publish","type":"post","link":"https:\/\/www.arquimaster.com.ar\/web\/vivienda-unifamiliar-espronceda-sincro\/","title":{"rendered":"Vivienda unifamiliar Espronceda \/ Sincro"},"content":{"rendered":"<div style=\"margin-top: 0px; margin-bottom: 0px;\" class=\"sharethis-inline-share-buttons\" ><\/div><div class=\"b812932af2e751442846f039925109de\" data-index=\"1\" style=\"float: none; margin:25px 0 25px 0; text-align:center;\">\n<script async src=\"https:\/\/pagead2.googlesyndication.com\/pagead\/js\/adsbygoogle.js\"><\/script>\r\n<!-- Arquimaster (superior) -->\r\n<ins class=\"adsbygoogle\"\r\n     style=\"display:block\"\r\n     data-ad-client=\"ca-pub-6351072698456832\"\r\n     data-ad-slot=\"6455489680\"\r\n     data-ad-format=\"auto\"\r\n     data-full-width-responsive=\"true\"><\/ins>\r\n<script>\r\n     (adsbygoogle = window.adsbygoogle || []).push({});\r\n<\/script>\n<\/div>\n<p><strong>Vivienda unifamiliar Espronceda<\/strong> (Barrio El Clot, Barcelona) por <strong>Sincro<\/strong>. La reforma de este piso de aproximadamente 100 m2 de superficie interior se inici\u00f3 como un proyecto en el que el objetivo principal era integrar la cocina con la zona de d\u00eda, creando un \u00fanico espacio di\u00e1fano para poder compartir momentos e interacturar con la familia mientras se realizan tareas de cocina.<\/p>\n<div id='gallery-1' class='gallery galleryid-51245 gallery-columns-3 gallery-size-thumbnail'><figure class='gallery-item'>\n\t\t\t<div class='gallery-icon landscape'>\n\t\t\t\t<a href='https:\/\/www.arquimaster.com.ar\/web\/wp-content\/uploads\/2019\/12\/vivienda_espronceda1.jpg' title=\"Vivienda unifamiliar Espronceda \/ Sincro\" data-rl_title=\"Vivienda unifamiliar Espronceda \/ Sincro\" class=\"rl-gallery-link\" data-rl_caption=\"Vivienda unifamiliar Espronceda \/ Sincro\" data-rel=\"lightbox-gallery-1\"><img loading=\"lazy\" decoding=\"async\" width=\"150\" height=\"150\" src=\"https:\/\/www.arquimaster.com.ar\/web\/wp-content\/uploads\/2019\/12\/vivienda_espronceda1-150x150.jpg\" class=\"attachment-thumbnail size-thumbnail\" alt=\"\" aria-describedby=\"gallery-1-51247\" \/><\/a>\n\t\t\t<\/div>\n\t\t\t\t<figcaption class='wp-caption-text gallery-caption' id='gallery-1-51247'>\n\t\t\t\tVivienda unifamiliar Espronceda \/ Sincro\n\t\t\t\t<\/figcaption><\/figure><figure class='gallery-item'>\n\t\t\t<div class='gallery-icon landscape'>\n\t\t\t\t<a href='https:\/\/www.arquimaster.com.ar\/web\/wp-content\/uploads\/2019\/12\/vivienda_espronceda2.jpg' title=\"Vivienda unifamiliar Espronceda \/ Sincro\" data-rl_title=\"Vivienda unifamiliar Espronceda \/ Sincro\" class=\"rl-gallery-link\" data-rl_caption=\"Vivienda unifamiliar Espronceda \/ Sincro\" data-rel=\"lightbox-gallery-1\"><img loading=\"lazy\" decoding=\"async\" width=\"150\" height=\"150\" src=\"https:\/\/www.arquimaster.com.ar\/web\/wp-content\/uploads\/2019\/12\/vivienda_espronceda2-150x150.jpg\" class=\"attachment-thumbnail size-thumbnail\" alt=\"\" aria-describedby=\"gallery-1-51248\" \/><\/a>\n\t\t\t<\/div>\n\t\t\t\t<figcaption class='wp-caption-text gallery-caption' id='gallery-1-51248'>\n\t\t\t\tVivienda unifamiliar Espronceda \/ Sincro\n\t\t\t\t<\/figcaption><\/figure><figure class='gallery-item'>\n\t\t\t<div class='gallery-icon landscape'>\n\t\t\t\t<a href='https:\/\/www.arquimaster.com.ar\/web\/wp-content\/uploads\/2019\/12\/vivienda_espronceda3.jpg' title=\"Vivienda unifamiliar Espronceda \/ Sincro\" data-rl_title=\"Vivienda unifamiliar Espronceda \/ Sincro\" class=\"rl-gallery-link\" data-rl_caption=\"Vivienda unifamiliar Espronceda \/ Sincro\" data-rel=\"lightbox-gallery-1\"><img loading=\"lazy\" decoding=\"async\" width=\"150\" height=\"150\" src=\"https:\/\/www.arquimaster.com.ar\/web\/wp-content\/uploads\/2019\/12\/vivienda_espronceda3-150x150.jpg\" class=\"attachment-thumbnail size-thumbnail\" alt=\"\" aria-describedby=\"gallery-1-51249\" \/><\/a>\n\t\t\t<\/div>\n\t\t\t\t<figcaption class='wp-caption-text gallery-caption' id='gallery-1-51249'>\n\t\t\t\tVivienda unifamiliar Espronceda \/ Sincro\n\t\t\t\t<\/figcaption><\/figure><figure class='gallery-item'>\n\t\t\t<div class='gallery-icon landscape'>\n\t\t\t\t<a href='https:\/\/www.arquimaster.com.ar\/web\/wp-content\/uploads\/2019\/12\/vivienda_espronceda4.jpg' title=\"Vivienda unifamiliar Espronceda \/ Sincro\" data-rl_title=\"Vivienda unifamiliar Espronceda \/ Sincro\" class=\"rl-gallery-link\" data-rl_caption=\"Vivienda unifamiliar Espronceda \/ Sincro\" data-rel=\"lightbox-gallery-1\"><img loading=\"lazy\" decoding=\"async\" width=\"150\" height=\"150\" src=\"https:\/\/www.arquimaster.com.ar\/web\/wp-content\/uploads\/2019\/12\/vivienda_espronceda4-150x150.jpg\" class=\"attachment-thumbnail size-thumbnail\" alt=\"\" aria-describedby=\"gallery-1-51250\" \/><\/a>\n\t\t\t<\/div>\n\t\t\t\t<figcaption class='wp-caption-text gallery-caption' id='gallery-1-51250'>\n\t\t\t\tVivienda unifamiliar Espronceda \/ Sincro\n\t\t\t\t<\/figcaption><\/figure><figure class='gallery-item'>\n\t\t\t<div class='gallery-icon landscape'>\n\t\t\t\t<a href='https:\/\/www.arquimaster.com.ar\/web\/wp-content\/uploads\/2019\/12\/vivienda_espronceda5.jpg' title=\"Vivienda unifamiliar Espronceda \/ Sincro\" data-rl_title=\"Vivienda unifamiliar Espronceda \/ Sincro\" class=\"rl-gallery-link\" data-rl_caption=\"Vivienda unifamiliar Espronceda \/ Sincro\" data-rel=\"lightbox-gallery-1\"><img loading=\"lazy\" decoding=\"async\" width=\"150\" height=\"150\" src=\"https:\/\/www.arquimaster.com.ar\/web\/wp-content\/uploads\/2019\/12\/vivienda_espronceda5-150x150.jpg\" class=\"attachment-thumbnail size-thumbnail\" alt=\"\" aria-describedby=\"gallery-1-51251\" \/><\/a>\n\t\t\t<\/div>\n\t\t\t\t<figcaption class='wp-caption-text gallery-caption' id='gallery-1-51251'>\n\t\t\t\tVivienda unifamiliar Espronceda \/ Sincro\n\t\t\t\t<\/figcaption><\/figure><figure class='gallery-item'>\n\t\t\t<div class='gallery-icon landscape'>\n\t\t\t\t<a href='https:\/\/www.arquimaster.com.ar\/web\/wp-content\/uploads\/2019\/12\/vivienda_espronceda6.jpg' title=\"Vivienda unifamiliar Espronceda \/ Sincro\" data-rl_title=\"Vivienda unifamiliar Espronceda \/ Sincro\" class=\"rl-gallery-link\" data-rl_caption=\"Vivienda unifamiliar Espronceda \/ Sincro\" data-rel=\"lightbox-gallery-1\"><img loading=\"lazy\" decoding=\"async\" width=\"150\" height=\"150\" src=\"https:\/\/www.arquimaster.com.ar\/web\/wp-content\/uploads\/2019\/12\/vivienda_espronceda6-150x150.jpg\" class=\"attachment-thumbnail size-thumbnail\" alt=\"\" aria-describedby=\"gallery-1-51252\" \/><\/a>\n\t\t\t<\/div>\n\t\t\t\t<figcaption class='wp-caption-text gallery-caption' id='gallery-1-51252'>\n\t\t\t\tVivienda unifamiliar Espronceda \/ Sincro\n\t\t\t\t<\/figcaption><\/figure><figure class='gallery-item'>\n\t\t\t<div class='gallery-icon landscape'>\n\t\t\t\t<a href='https:\/\/www.arquimaster.com.ar\/web\/wp-content\/uploads\/2019\/12\/vivienda_espronceda7.jpg' title=\"Vivienda unifamiliar Espronceda \/ Sincro\" data-rl_title=\"Vivienda unifamiliar Espronceda \/ Sincro\" class=\"rl-gallery-link\" data-rl_caption=\"Vivienda unifamiliar Espronceda \/ Sincro\" data-rel=\"lightbox-gallery-1\"><img loading=\"lazy\" decoding=\"async\" width=\"150\" height=\"150\" src=\"https:\/\/www.arquimaster.com.ar\/web\/wp-content\/uploads\/2019\/12\/vivienda_espronceda7-150x150.jpg\" class=\"attachment-thumbnail size-thumbnail\" alt=\"\" aria-describedby=\"gallery-1-51253\" \/><\/a>\n\t\t\t<\/div>\n\t\t\t\t<figcaption class='wp-caption-text gallery-caption' id='gallery-1-51253'>\n\t\t\t\tVivienda unifamiliar Espronceda \/ Sincro\n\t\t\t\t<\/figcaption><\/figure><figure class='gallery-item'>\n\t\t\t<div class='gallery-icon landscape'>\n\t\t\t\t<a href='https:\/\/www.arquimaster.com.ar\/web\/wp-content\/uploads\/2019\/12\/vivienda_espronceda8.jpg' title=\"Vivienda unifamiliar Espronceda \/ Sincro\" data-rl_title=\"Vivienda unifamiliar Espronceda \/ Sincro\" class=\"rl-gallery-link\" data-rl_caption=\"Vivienda unifamiliar Espronceda \/ Sincro\" data-rel=\"lightbox-gallery-1\"><img loading=\"lazy\" decoding=\"async\" width=\"150\" height=\"150\" src=\"https:\/\/www.arquimaster.com.ar\/web\/wp-content\/uploads\/2019\/12\/vivienda_espronceda8-150x150.jpg\" class=\"attachment-thumbnail size-thumbnail\" alt=\"\" aria-describedby=\"gallery-1-51254\" \/><\/a>\n\t\t\t<\/div>\n\t\t\t\t<figcaption class='wp-caption-text gallery-caption' id='gallery-1-51254'>\n\t\t\t\tVivienda unifamiliar Espronceda \/ Sincro\n\t\t\t\t<\/figcaption><\/figure><figure class='gallery-item'>\n\t\t\t<div class='gallery-icon landscape'>\n\t\t\t\t<a href='https:\/\/www.arquimaster.com.ar\/web\/wp-content\/uploads\/2019\/12\/vivienda_espronceda9.jpg' title=\"Vivienda unifamiliar Espronceda \/ Sincro\" data-rl_title=\"Vivienda unifamiliar Espronceda \/ Sincro\" class=\"rl-gallery-link\" data-rl_caption=\"Vivienda unifamiliar Espronceda \/ Sincro\" data-rel=\"lightbox-gallery-1\"><img loading=\"lazy\" decoding=\"async\" width=\"150\" height=\"150\" src=\"https:\/\/www.arquimaster.com.ar\/web\/wp-content\/uploads\/2019\/12\/vivienda_espronceda9-150x150.jpg\" class=\"attachment-thumbnail size-thumbnail\" alt=\"\" aria-describedby=\"gallery-1-51255\" \/><\/a>\n\t\t\t<\/div>\n\t\t\t\t<figcaption class='wp-caption-text gallery-caption' id='gallery-1-51255'>\n\t\t\t\tVivienda unifamiliar Espronceda \/ Sincro\n\t\t\t\t<\/figcaption><\/figure><figure class='gallery-item'>\n\t\t\t<div class='gallery-icon landscape'>\n\t\t\t\t<a href='https:\/\/www.arquimaster.com.ar\/web\/wp-content\/uploads\/2019\/12\/vivienda_espronceda10.jpg' title=\"Vivienda unifamiliar Espronceda \/ Sincro\" data-rl_title=\"Vivienda unifamiliar Espronceda \/ Sincro\" class=\"rl-gallery-link\" data-rl_caption=\"Vivienda unifamiliar Espronceda \/ Sincro\" data-rel=\"lightbox-gallery-1\"><img loading=\"lazy\" decoding=\"async\" width=\"150\" height=\"150\" src=\"https:\/\/www.arquimaster.com.ar\/web\/wp-content\/uploads\/2019\/12\/vivienda_espronceda10-150x150.jpg\" class=\"attachment-thumbnail size-thumbnail\" alt=\"\" aria-describedby=\"gallery-1-51256\" \/><\/a>\n\t\t\t<\/div>\n\t\t\t\t<figcaption class='wp-caption-text gallery-caption' id='gallery-1-51256'>\n\t\t\t\tVivienda unifamiliar Espronceda \/ Sincro\n\t\t\t\t<\/figcaption><\/figure><figure class='gallery-item'>\n\t\t\t<div class='gallery-icon landscape'>\n\t\t\t\t<a href='https:\/\/www.arquimaster.com.ar\/web\/wp-content\/uploads\/2019\/12\/vivienda_espronceda11.jpg' title=\"Vivienda unifamiliar Espronceda \/ Sincro\" data-rl_title=\"Vivienda unifamiliar Espronceda \/ Sincro\" class=\"rl-gallery-link\" data-rl_caption=\"Vivienda unifamiliar Espronceda \/ Sincro\" data-rel=\"lightbox-gallery-1\"><img loading=\"lazy\" decoding=\"async\" width=\"150\" height=\"150\" src=\"https:\/\/www.arquimaster.com.ar\/web\/wp-content\/uploads\/2019\/12\/vivienda_espronceda11-150x150.jpg\" class=\"attachment-thumbnail size-thumbnail\" alt=\"\" aria-describedby=\"gallery-1-51257\" \/><\/a>\n\t\t\t<\/div>\n\t\t\t\t<figcaption class='wp-caption-text gallery-caption' id='gallery-1-51257'>\n\t\t\t\tVivienda unifamiliar Espronceda \/ Sincro\n\t\t\t\t<\/figcaption><\/figure><figure class='gallery-item'>\n\t\t\t<div class='gallery-icon landscape'>\n\t\t\t\t<a href='https:\/\/www.arquimaster.com.ar\/web\/wp-content\/uploads\/2019\/12\/vivienda_espronceda12.jpg' title=\"Vivienda unifamiliar Espronceda \/ Sincro\" data-rl_title=\"Vivienda unifamiliar Espronceda \/ Sincro\" class=\"rl-gallery-link\" data-rl_caption=\"Vivienda unifamiliar Espronceda \/ Sincro\" data-rel=\"lightbox-gallery-1\"><img loading=\"lazy\" decoding=\"async\" width=\"150\" height=\"150\" src=\"https:\/\/www.arquimaster.com.ar\/web\/wp-content\/uploads\/2019\/12\/vivienda_espronceda12-150x150.jpg\" class=\"attachment-thumbnail size-thumbnail\" alt=\"\" aria-describedby=\"gallery-1-51258\" \/><\/a>\n\t\t\t<\/div>\n\t\t\t\t<figcaption class='wp-caption-text gallery-caption' id='gallery-1-51258'>\n\t\t\t\tVivienda unifamiliar Espronceda \/ Sincro\n\t\t\t\t<\/figcaption><\/figure><figure class='gallery-item'>\n\t\t\t<div class='gallery-icon landscape'>\n\t\t\t\t<a href='https:\/\/www.arquimaster.com.ar\/web\/wp-content\/uploads\/2019\/12\/vivienda_espronceda13.jpg' title=\"Vivienda unifamiliar Espronceda \/ Sincro\" data-rl_title=\"Vivienda unifamiliar Espronceda \/ Sincro\" class=\"rl-gallery-link\" data-rl_caption=\"Vivienda unifamiliar Espronceda \/ Sincro\" data-rel=\"lightbox-gallery-1\"><img loading=\"lazy\" decoding=\"async\" width=\"150\" height=\"150\" src=\"https:\/\/www.arquimaster.com.ar\/web\/wp-content\/uploads\/2019\/12\/vivienda_espronceda13-150x150.jpg\" class=\"attachment-thumbnail size-thumbnail\" alt=\"\" aria-describedby=\"gallery-1-51259\" \/><\/a>\n\t\t\t<\/div>\n\t\t\t\t<figcaption class='wp-caption-text gallery-caption' id='gallery-1-51259'>\n\t\t\t\tVivienda unifamiliar Espronceda \/ Sincro\n\t\t\t\t<\/figcaption><\/figure><figure class='gallery-item'>\n\t\t\t<div class='gallery-icon landscape'>\n\t\t\t\t<a href='https:\/\/www.arquimaster.com.ar\/web\/wp-content\/uploads\/2019\/12\/vivienda_espronceda14.jpg' title=\"Vivienda unifamiliar Espronceda \/ Sincro\" data-rl_title=\"Vivienda unifamiliar Espronceda \/ Sincro\" class=\"rl-gallery-link\" data-rl_caption=\"Vivienda unifamiliar Espronceda \/ Sincro\" data-rel=\"lightbox-gallery-1\"><img loading=\"lazy\" decoding=\"async\" width=\"150\" height=\"150\" src=\"https:\/\/www.arquimaster.com.ar\/web\/wp-content\/uploads\/2019\/12\/vivienda_espronceda14-150x150.jpg\" class=\"attachment-thumbnail size-thumbnail\" alt=\"\" aria-describedby=\"gallery-1-51260\" \/><\/a>\n\t\t\t<\/div>\n\t\t\t\t<figcaption class='wp-caption-text gallery-caption' id='gallery-1-51260'>\n\t\t\t\tVivienda unifamiliar Espronceda \/ Sincro\n\t\t\t\t<\/figcaption><\/figure><figure class='gallery-item'>\n\t\t\t<div class='gallery-icon landscape'>\n\t\t\t\t<a href='https:\/\/www.arquimaster.com.ar\/web\/wp-content\/uploads\/2019\/12\/vivienda_espronceda15.jpg' title=\"Vivienda unifamiliar Espronceda \/ Sincro\" data-rl_title=\"Vivienda unifamiliar Espronceda \/ Sincro\" class=\"rl-gallery-link\" data-rl_caption=\"Vivienda unifamiliar Espronceda \/ Sincro\" data-rel=\"lightbox-gallery-1\"><img loading=\"lazy\" decoding=\"async\" width=\"150\" height=\"150\" src=\"https:\/\/www.arquimaster.com.ar\/web\/wp-content\/uploads\/2019\/12\/vivienda_espronceda15-150x150.jpg\" class=\"attachment-thumbnail size-thumbnail\" alt=\"\" aria-describedby=\"gallery-1-51261\" \/><\/a>\n\t\t\t<\/div>\n\t\t\t\t<figcaption class='wp-caption-text gallery-caption' id='gallery-1-51261'>\n\t\t\t\tVivienda unifamiliar Espronceda \/ Sincro\n\t\t\t\t<\/figcaption><\/figure><figure class='gallery-item'>\n\t\t\t<div class='gallery-icon landscape'>\n\t\t\t\t<a href='https:\/\/www.arquimaster.com.ar\/web\/wp-content\/uploads\/2019\/12\/vivienda_espronceda16.jpg' title=\"Vivienda unifamiliar Espronceda \/ Sincro\" data-rl_title=\"Vivienda unifamiliar Espronceda \/ Sincro\" class=\"rl-gallery-link\" data-rl_caption=\"Vivienda unifamiliar Espronceda \/ Sincro\" data-rel=\"lightbox-gallery-1\"><img loading=\"lazy\" decoding=\"async\" width=\"150\" height=\"150\" src=\"https:\/\/www.arquimaster.com.ar\/web\/wp-content\/uploads\/2019\/12\/vivienda_espronceda16-150x150.jpg\" class=\"attachment-thumbnail size-thumbnail\" alt=\"\" aria-describedby=\"gallery-1-51262\" \/><\/a>\n\t\t\t<\/div>\n\t\t\t\t<figcaption class='wp-caption-text gallery-caption' id='gallery-1-51262'>\n\t\t\t\tVivienda unifamiliar Espronceda \/ Sincro\n\t\t\t\t<\/figcaption><\/figure><figure class='gallery-item'>\n\t\t\t<div class='gallery-icon landscape'>\n\t\t\t\t<a href='https:\/\/www.arquimaster.com.ar\/web\/wp-content\/uploads\/2019\/12\/vivienda_espronceda17.jpg' title=\"Vivienda unifamiliar Espronceda \/ Sincro\" data-rl_title=\"Vivienda unifamiliar Espronceda \/ Sincro\" class=\"rl-gallery-link\" data-rl_caption=\"Vivienda unifamiliar Espronceda \/ Sincro\" data-rel=\"lightbox-gallery-1\"><img loading=\"lazy\" decoding=\"async\" width=\"150\" height=\"150\" src=\"https:\/\/www.arquimaster.com.ar\/web\/wp-content\/uploads\/2019\/12\/vivienda_espronceda17-150x150.jpg\" class=\"attachment-thumbnail size-thumbnail\" alt=\"\" aria-describedby=\"gallery-1-51263\" \/><\/a>\n\t\t\t<\/div>\n\t\t\t\t<figcaption class='wp-caption-text gallery-caption' id='gallery-1-51263'>\n\t\t\t\tVivienda unifamiliar Espronceda \/ Sincro\n\t\t\t\t<\/figcaption><\/figure><figure class='gallery-item'>\n\t\t\t<div class='gallery-icon landscape'>\n\t\t\t\t<a href='https:\/\/www.arquimaster.com.ar\/web\/wp-content\/uploads\/2019\/12\/vivienda_espronceda18.jpg' title=\"Vivienda unifamiliar Espronceda \/ Sincro\" data-rl_title=\"Vivienda unifamiliar Espronceda \/ Sincro\" class=\"rl-gallery-link\" data-rl_caption=\"Vivienda unifamiliar Espronceda \/ Sincro\" data-rel=\"lightbox-gallery-1\"><img loading=\"lazy\" decoding=\"async\" width=\"150\" height=\"150\" src=\"https:\/\/www.arquimaster.com.ar\/web\/wp-content\/uploads\/2019\/12\/vivienda_espronceda18-150x150.jpg\" class=\"attachment-thumbnail size-thumbnail\" alt=\"\" aria-describedby=\"gallery-1-51264\" \/><\/a>\n\t\t\t<\/div>\n\t\t\t\t<figcaption class='wp-caption-text gallery-caption' id='gallery-1-51264'>\n\t\t\t\tVivienda unifamiliar Espronceda \/ Sincro\n\t\t\t\t<\/figcaption><\/figure><figure class='gallery-item'>\n\t\t\t<div class='gallery-icon landscape'>\n\t\t\t\t<a href='https:\/\/www.arquimaster.com.ar\/web\/wp-content\/uploads\/2019\/12\/vivienda_espronceda19.jpg' title=\"Vivienda unifamiliar Espronceda \/ Sincro\" data-rl_title=\"Vivienda unifamiliar Espronceda \/ Sincro\" class=\"rl-gallery-link\" data-rl_caption=\"Vivienda unifamiliar Espronceda \/ Sincro\" data-rel=\"lightbox-gallery-1\"><img loading=\"lazy\" decoding=\"async\" width=\"150\" height=\"150\" src=\"https:\/\/www.arquimaster.com.ar\/web\/wp-content\/uploads\/2019\/12\/vivienda_espronceda19-150x150.jpg\" class=\"attachment-thumbnail size-thumbnail\" alt=\"\" aria-describedby=\"gallery-1-51265\" \/><\/a>\n\t\t\t<\/div>\n\t\t\t\t<figcaption class='wp-caption-text gallery-caption' id='gallery-1-51265'>\n\t\t\t\tVivienda unifamiliar Espronceda \/ Sincro\n\t\t\t\t<\/figcaption><\/figure><figure class='gallery-item'>\n\t\t\t<div class='gallery-icon landscape'>\n\t\t\t\t<a href='https:\/\/www.arquimaster.com.ar\/web\/wp-content\/uploads\/2019\/12\/vivienda_espronceda20.jpg' title=\"Vivienda unifamiliar Espronceda \/ Sincro\" data-rl_title=\"Vivienda unifamiliar Espronceda \/ Sincro\" class=\"rl-gallery-link\" data-rl_caption=\"Vivienda unifamiliar Espronceda \/ Sincro\" data-rel=\"lightbox-gallery-1\"><img loading=\"lazy\" decoding=\"async\" width=\"150\" height=\"150\" src=\"https:\/\/www.arquimaster.com.ar\/web\/wp-content\/uploads\/2019\/12\/vivienda_espronceda20-150x150.jpg\" class=\"attachment-thumbnail size-thumbnail\" alt=\"\" aria-describedby=\"gallery-1-51266\" \/><\/a>\n\t\t\t<\/div>\n\t\t\t\t<figcaption class='wp-caption-text gallery-caption' id='gallery-1-51266'>\n\t\t\t\tVivienda unifamiliar Espronceda \/ Sincro\n\t\t\t\t<\/figcaption><\/figure><figure class='gallery-item'>\n\t\t\t<div class='gallery-icon landscape'>\n\t\t\t\t<a href='https:\/\/www.arquimaster.com.ar\/web\/wp-content\/uploads\/2019\/12\/vivienda_espronceda21.jpg' title=\"Vivienda unifamiliar Espronceda \/ Sincro\" data-rl_title=\"Vivienda unifamiliar Espronceda \/ Sincro\" class=\"rl-gallery-link\" data-rl_caption=\"Vivienda unifamiliar Espronceda \/ Sincro\" data-rel=\"lightbox-gallery-1\"><img loading=\"lazy\" decoding=\"async\" width=\"150\" height=\"150\" src=\"https:\/\/www.arquimaster.com.ar\/web\/wp-content\/uploads\/2019\/12\/vivienda_espronceda21-150x150.jpg\" class=\"attachment-thumbnail size-thumbnail\" alt=\"\" aria-describedby=\"gallery-1-51267\" \/><\/a>\n\t\t\t<\/div>\n\t\t\t\t<figcaption class='wp-caption-text gallery-caption' id='gallery-1-51267'>\n\t\t\t\tVivienda unifamiliar Espronceda \/ Sincro\n\t\t\t\t<\/figcaption><\/figure><figure class='gallery-item'>\n\t\t\t<div class='gallery-icon landscape'>\n\t\t\t\t<a href='https:\/\/www.arquimaster.com.ar\/web\/wp-content\/uploads\/2019\/12\/vivienda_espronceda22.jpg' title=\"Vivienda unifamiliar Espronceda \/ Sincro\" data-rl_title=\"Vivienda unifamiliar Espronceda \/ Sincro\" class=\"rl-gallery-link\" data-rl_caption=\"Vivienda unifamiliar Espronceda \/ Sincro\" data-rel=\"lightbox-gallery-1\"><img loading=\"lazy\" decoding=\"async\" width=\"150\" height=\"150\" src=\"https:\/\/www.arquimaster.com.ar\/web\/wp-content\/uploads\/2019\/12\/vivienda_espronceda22-150x150.jpg\" class=\"attachment-thumbnail size-thumbnail\" alt=\"\" aria-describedby=\"gallery-1-51268\" \/><\/a>\n\t\t\t<\/div>\n\t\t\t\t<figcaption class='wp-caption-text gallery-caption' id='gallery-1-51268'>\n\t\t\t\tVivienda unifamiliar Espronceda \/ Sincro\n\t\t\t\t<\/figcaption><\/figure><figure class='gallery-item'>\n\t\t\t<div class='gallery-icon portrait'>\n\t\t\t\t<a href='https:\/\/www.arquimaster.com.ar\/web\/wp-content\/uploads\/2019\/12\/vivienda_espronceda23.jpg' title=\"Vivienda unifamiliar Espronceda \/ Sincro\" data-rl_title=\"Vivienda unifamiliar Espronceda \/ Sincro\" class=\"rl-gallery-link\" data-rl_caption=\"Vivienda unifamiliar Espronceda \/ Sincro\" data-rel=\"lightbox-gallery-1\"><img loading=\"lazy\" decoding=\"async\" width=\"150\" height=\"150\" src=\"https:\/\/www.arquimaster.com.ar\/web\/wp-content\/uploads\/2019\/12\/vivienda_espronceda23-150x150.jpg\" class=\"attachment-thumbnail size-thumbnail\" alt=\"\" aria-describedby=\"gallery-1-51269\" \/><\/a>\n\t\t\t<\/div>\n\t\t\t\t<figcaption class='wp-caption-text gallery-caption' id='gallery-1-51269'>\n\t\t\t\tVivienda unifamiliar Espronceda \/ Sincro\n\t\t\t\t<\/figcaption><\/figure><figure class='gallery-item'>\n\t\t\t<div class='gallery-icon landscape'>\n\t\t\t\t<a href='https:\/\/www.arquimaster.com.ar\/web\/wp-content\/uploads\/2019\/12\/vivienda_espronceda24.jpg' title=\"Vivienda unifamiliar Espronceda \/ Sincro\" data-rl_title=\"Vivienda unifamiliar Espronceda \/ Sincro\" class=\"rl-gallery-link\" data-rl_caption=\"Vivienda unifamiliar Espronceda \/ Sincro\" data-rel=\"lightbox-gallery-1\"><img loading=\"lazy\" decoding=\"async\" width=\"150\" height=\"150\" src=\"https:\/\/www.arquimaster.com.ar\/web\/wp-content\/uploads\/2019\/12\/vivienda_espronceda24-150x150.jpg\" class=\"attachment-thumbnail size-thumbnail\" alt=\"\" aria-describedby=\"gallery-1-51270\" \/><\/a>\n\t\t\t<\/div>\n\t\t\t\t<figcaption class='wp-caption-text gallery-caption' id='gallery-1-51270'>\n\t\t\t\tVivienda unifamiliar Espronceda \/ Sincro\n\t\t\t\t<\/figcaption><\/figure><figure class='gallery-item'>\n\t\t\t<div class='gallery-icon landscape'>\n\t\t\t\t<a href='https:\/\/www.arquimaster.com.ar\/web\/wp-content\/uploads\/2019\/12\/vivienda_espronceda25.jpg' title=\"Vivienda unifamiliar Espronceda \/ Sincro\" data-rl_title=\"Vivienda unifamiliar Espronceda \/ Sincro\" class=\"rl-gallery-link\" data-rl_caption=\"Vivienda unifamiliar Espronceda \/ Sincro\" data-rel=\"lightbox-gallery-1\"><img loading=\"lazy\" decoding=\"async\" width=\"150\" height=\"150\" src=\"https:\/\/www.arquimaster.com.ar\/web\/wp-content\/uploads\/2019\/12\/vivienda_espronceda25-150x150.jpg\" class=\"attachment-thumbnail size-thumbnail\" alt=\"\" aria-describedby=\"gallery-1-51271\" \/><\/a>\n\t\t\t<\/div>\n\t\t\t\t<figcaption class='wp-caption-text gallery-caption' id='gallery-1-51271'>\n\t\t\t\tVivienda unifamiliar Espronceda \/ Sincro\n\t\t\t\t<\/figcaption><\/figure><figure class='gallery-item'>\n\t\t\t<div class='gallery-icon landscape'>\n\t\t\t\t<a href='https:\/\/www.arquimaster.com.ar\/web\/wp-content\/uploads\/2019\/12\/vivienda_espronceda26.jpg' title=\"Vivienda unifamiliar Espronceda \/ Sincro (planta del proyecto)\" data-rl_title=\"Vivienda unifamiliar Espronceda \/ Sincro (planta del proyecto)\" class=\"rl-gallery-link\" data-rl_caption=\"Vivienda unifamiliar Espronceda \/ Sincro (planta del proyecto)\" data-rel=\"lightbox-gallery-1\"><img loading=\"lazy\" decoding=\"async\" width=\"150\" height=\"150\" src=\"https:\/\/www.arquimaster.com.ar\/web\/wp-content\/uploads\/2019\/12\/vivienda_espronceda26-150x150.jpg\" class=\"attachment-thumbnail size-thumbnail\" alt=\"\" aria-describedby=\"gallery-1-51272\" \/><\/a>\n\t\t\t<\/div>\n\t\t\t\t<figcaption class='wp-caption-text gallery-caption' id='gallery-1-51272'>\n\t\t\t\tVivienda unifamiliar Espronceda \/ Sincro (planta del proyecto)\n\t\t\t\t<\/figcaption><\/figure><figure class='gallery-item'>\n\t\t\t<div class='gallery-icon landscape'>\n\t\t\t\t<a href='https:\/\/www.arquimaster.com.ar\/web\/wp-content\/uploads\/2019\/12\/vivienda_espronceda27.jpg' title=\"Vivienda unifamiliar Espronceda \/ Sincro (planta anterior)\" data-rl_title=\"Vivienda unifamiliar Espronceda \/ Sincro (planta anterior)\" class=\"rl-gallery-link\" data-rl_caption=\"Vivienda unifamiliar Espronceda \/ Sincro (planta anterior)\" data-rel=\"lightbox-gallery-1\"><img loading=\"lazy\" decoding=\"async\" width=\"150\" height=\"150\" src=\"https:\/\/www.arquimaster.com.ar\/web\/wp-content\/uploads\/2019\/12\/vivienda_espronceda27-150x150.jpg\" class=\"attachment-thumbnail size-thumbnail\" alt=\"\" aria-describedby=\"gallery-1-51273\" \/><\/a>\n\t\t\t<\/div>\n\t\t\t\t<figcaption class='wp-caption-text gallery-caption' id='gallery-1-51273'>\n\t\t\t\tVivienda unifamiliar Espronceda \/ Sincro (planta anterior)\n\t\t\t\t<\/figcaption><\/figure><figure class='gallery-item'>\n\t\t\t<div class='gallery-icon landscape'>\n\t\t\t\t<a href='https:\/\/www.arquimaster.com.ar\/web\/wp-content\/uploads\/2019\/12\/vivienda_espronceda28.jpg' title=\"Vivienda unifamiliar Espronceda \/ Sincro (antes y despu\u00e9s)\" data-rl_title=\"Vivienda unifamiliar Espronceda \/ Sincro (antes y despu\u00e9s)\" class=\"rl-gallery-link\" data-rl_caption=\"Vivienda unifamiliar Espronceda \/ Sincro (antes y despu\u00e9s)\" data-rel=\"lightbox-gallery-1\"><img loading=\"lazy\" decoding=\"async\" width=\"150\" height=\"150\" src=\"https:\/\/www.arquimaster.com.ar\/web\/wp-content\/uploads\/2019\/12\/vivienda_espronceda28-150x150.jpg\" class=\"attachment-thumbnail size-thumbnail\" alt=\"\" aria-describedby=\"gallery-1-51274\" \/><\/a>\n\t\t\t<\/div>\n\t\t\t\t<figcaption class='wp-caption-text gallery-caption' id='gallery-1-51274'>\n\t\t\t\tVivienda unifamiliar Espronceda \/ Sincro (antes y despu\u00e9s)\n\t\t\t\t<\/figcaption><\/figure><figure class='gallery-item'>\n\t\t\t<div class='gallery-icon landscape'>\n\t\t\t\t<a href='https:\/\/www.arquimaster.com.ar\/web\/wp-content\/uploads\/2019\/12\/vivienda_espronceda29.jpg' title=\"Vivienda unifamiliar Espronceda \/ Sincro (antes y despu\u00e9s)\" data-rl_title=\"Vivienda unifamiliar Espronceda \/ Sincro (antes y despu\u00e9s)\" class=\"rl-gallery-link\" data-rl_caption=\"Vivienda unifamiliar Espronceda \/ Sincro (antes y despu\u00e9s)\" data-rel=\"lightbox-gallery-1\"><img loading=\"lazy\" decoding=\"async\" width=\"150\" height=\"150\" src=\"https:\/\/www.arquimaster.com.ar\/web\/wp-content\/uploads\/2019\/12\/vivienda_espronceda29-150x150.jpg\" class=\"attachment-thumbnail size-thumbnail\" alt=\"\" aria-describedby=\"gallery-1-51275\" \/><\/a>\n\t\t\t<\/div>\n\t\t\t\t<figcaption class='wp-caption-text gallery-caption' id='gallery-1-51275'>\n\t\t\t\tVivienda unifamiliar Espronceda \/ Sincro (antes y despu\u00e9s)\n\t\t\t\t<\/figcaption><\/figure><figure class='gallery-item'>\n\t\t\t<div class='gallery-icon landscape'>\n\t\t\t\t<a href='https:\/\/www.arquimaster.com.ar\/web\/wp-content\/uploads\/2019\/12\/vivienda_espronceda30.jpg' title=\"Vivienda unifamiliar Espronceda \/ Sincro (antes y despu\u00e9s)\" data-rl_title=\"Vivienda unifamiliar Espronceda \/ Sincro (antes y despu\u00e9s)\" class=\"rl-gallery-link\" data-rl_caption=\"Vivienda unifamiliar Espronceda \/ Sincro (antes y despu\u00e9s)\" data-rel=\"lightbox-gallery-1\"><img loading=\"lazy\" decoding=\"async\" width=\"150\" height=\"150\" src=\"https:\/\/www.arquimaster.com.ar\/web\/wp-content\/uploads\/2019\/12\/vivienda_espronceda30-150x150.jpg\" class=\"attachment-thumbnail size-thumbnail\" alt=\"\" aria-describedby=\"gallery-1-51276\" \/><\/a>\n\t\t\t<\/div>\n\t\t\t\t<figcaption class='wp-caption-text gallery-caption' id='gallery-1-51276'>\n\t\t\t\tVivienda unifamiliar Espronceda \/ Sincro (antes y despu\u00e9s)\n\t\t\t\t<\/figcaption><\/figure><figure class='gallery-item'>\n\t\t\t<div class='gallery-icon landscape'>\n\t\t\t\t<a href='https:\/\/www.arquimaster.com.ar\/web\/wp-content\/uploads\/2019\/12\/vivienda_espronceda31.jpg' title=\"Vivienda unifamiliar Espronceda \/ Sincro (antes y despu\u00e9s)\" data-rl_title=\"Vivienda unifamiliar Espronceda \/ Sincro (antes y despu\u00e9s)\" class=\"rl-gallery-link\" data-rl_caption=\"Vivienda unifamiliar Espronceda \/ Sincro (antes y despu\u00e9s)\" data-rel=\"lightbox-gallery-1\"><img loading=\"lazy\" decoding=\"async\" width=\"150\" height=\"150\" src=\"https:\/\/www.arquimaster.com.ar\/web\/wp-content\/uploads\/2019\/12\/vivienda_espronceda31-150x150.jpg\" class=\"attachment-thumbnail size-thumbnail\" alt=\"\" aria-describedby=\"gallery-1-51277\" \/><\/a>\n\t\t\t<\/div>\n\t\t\t\t<figcaption class='wp-caption-text gallery-caption' id='gallery-1-51277'>\n\t\t\t\tVivienda unifamiliar Espronceda \/ Sincro (antes y despu\u00e9s)\n\t\t\t\t<\/figcaption><\/figure><figure class='gallery-item'>\n\t\t\t<div class='gallery-icon landscape'>\n\t\t\t\t<a href='https:\/\/www.arquimaster.com.ar\/web\/wp-content\/uploads\/2019\/12\/vivienda_espronceda32.jpg' title=\"Vivienda unifamiliar Espronceda \/ Sincro (antes y despu\u00e9s)\" data-rl_title=\"Vivienda unifamiliar Espronceda \/ Sincro (antes y despu\u00e9s)\" class=\"rl-gallery-link\" data-rl_caption=\"Vivienda unifamiliar Espronceda \/ Sincro (antes y despu\u00e9s)\" data-rel=\"lightbox-gallery-1\"><img loading=\"lazy\" decoding=\"async\" width=\"150\" height=\"150\" src=\"https:\/\/www.arquimaster.com.ar\/web\/wp-content\/uploads\/2019\/12\/vivienda_espronceda32-150x150.jpg\" class=\"attachment-thumbnail size-thumbnail\" alt=\"\" aria-describedby=\"gallery-1-51278\" \/><\/a>\n\t\t\t<\/div>\n\t\t\t\t<figcaption class='wp-caption-text gallery-caption' id='gallery-1-51278'>\n\t\t\t\tVivienda unifamiliar Espronceda \/ Sincro (antes y despu\u00e9s)\n\t\t\t\t<\/figcaption><\/figure><figure class='gallery-item'>\n\t\t\t<div class='gallery-icon portrait'>\n\t\t\t\t<a href='https:\/\/www.arquimaster.com.ar\/web\/wp-content\/uploads\/2019\/12\/vivienda_espronceda33.jpg' title=\"Vivienda unifamiliar Espronceda \/ Sincro (antes y despu\u00e9s)\" data-rl_title=\"Vivienda unifamiliar Espronceda \/ Sincro (antes y despu\u00e9s)\" class=\"rl-gallery-link\" data-rl_caption=\"Vivienda unifamiliar Espronceda \/ Sincro (antes y despu\u00e9s)\" data-rel=\"lightbox-gallery-1\"><img loading=\"lazy\" decoding=\"async\" width=\"150\" height=\"150\" src=\"https:\/\/www.arquimaster.com.ar\/web\/wp-content\/uploads\/2019\/12\/vivienda_espronceda33-150x150.jpg\" class=\"attachment-thumbnail size-thumbnail\" alt=\"\" aria-describedby=\"gallery-1-51279\" \/><\/a>\n\t\t\t<\/div>\n\t\t\t\t<figcaption class='wp-caption-text gallery-caption' id='gallery-1-51279'>\n\t\t\t\tVivienda unifamiliar Espronceda \/ Sincro (antes y despu\u00e9s)\n\t\t\t\t<\/figcaption><\/figure><figure class='gallery-item'>\n\t\t\t<div class='gallery-icon portrait'>\n\t\t\t\t<a href='https:\/\/www.arquimaster.com.ar\/web\/wp-content\/uploads\/2019\/12\/vivienda_espronceda34.jpg' title=\"Vivienda unifamiliar Espronceda \/ Sincro (antes y despu\u00e9s)\" data-rl_title=\"Vivienda unifamiliar Espronceda \/ Sincro (antes y despu\u00e9s)\" class=\"rl-gallery-link\" data-rl_caption=\"Vivienda unifamiliar Espronceda \/ Sincro (antes y despu\u00e9s)\" data-rel=\"lightbox-gallery-1\"><img loading=\"lazy\" decoding=\"async\" width=\"150\" height=\"150\" src=\"https:\/\/www.arquimaster.com.ar\/web\/wp-content\/uploads\/2019\/12\/vivienda_espronceda34-150x150.jpg\" class=\"attachment-thumbnail size-thumbnail\" alt=\"\" aria-describedby=\"gallery-1-51280\" \/><\/a>\n\t\t\t<\/div>\n\t\t\t\t<figcaption class='wp-caption-text gallery-caption' id='gallery-1-51280'>\n\t\t\t\tVivienda unifamiliar Espronceda \/ Sincro (antes y despu\u00e9s)\n\t\t\t\t<\/figcaption><\/figure><figure class='gallery-item'>\n\t\t\t<div class='gallery-icon portrait'>\n\t\t\t\t<a href='https:\/\/www.arquimaster.com.ar\/web\/wp-content\/uploads\/2019\/12\/vivienda_espronceda35.jpg' title=\"Vivienda unifamiliar Espronceda \/ Sincro (antes y despu\u00e9s)\" data-rl_title=\"Vivienda unifamiliar Espronceda \/ Sincro (antes y despu\u00e9s)\" class=\"rl-gallery-link\" data-rl_caption=\"Vivienda unifamiliar Espronceda \/ Sincro (antes y despu\u00e9s)\" data-rel=\"lightbox-gallery-1\"><img loading=\"lazy\" decoding=\"async\" width=\"150\" height=\"150\" src=\"https:\/\/www.arquimaster.com.ar\/web\/wp-content\/uploads\/2019\/12\/vivienda_espronceda35-150x150.jpg\" class=\"attachment-thumbnail size-thumbnail\" alt=\"\" aria-describedby=\"gallery-1-51281\" \/><\/a>\n\t\t\t<\/div>\n\t\t\t\t<figcaption class='wp-caption-text gallery-caption' id='gallery-1-51281'>\n\t\t\t\tVivienda unifamiliar Espronceda \/ Sincro (antes y despu\u00e9s)\n\t\t\t\t<\/figcaption><\/figure>\n\t\t<\/div>\n\n<p>Es un proyecto donde se han combinado diferentes estilos pero con un resultado muy vistoso y lo m\u00e1s importante, absolutamente personalizado. Se han combinado tonos menos vistos, como el verde de la cer\u00e1mica Vogue aplicada en los frontales de la cocina o la cer\u00e1mica amarilla en el ba\u00f1o, combinados en ambos casos con porcel\u00e1nicos Calacatta imitaci\u00f3n a m\u00e1rmol blanco pero mucho m\u00e1s resistentes al paso del tiempo.<\/p>\n<p>El cuero en el mobiliario, la madera noble y los detalles en negro dotan de una gran personalidad y elegancia a las tres estancias principales: sal\u00f3n, cocina y ba\u00f1o.<\/p>\n<p>Un elemento a destacar del proyecto es la presencia de la gran puerta corredera que separa visualmente el sal\u00f3n del recibidor. Adem\u00e1s de cumplir su funci\u00f3n de puerta gigante que separa 2 espacios, ejerce otra misi\u00f3n, la est\u00e9tica como pared panelada de madera (con el mismo material que el suelo) e integrarse as\u00ed mejor en la zona de d\u00eda de la vivienda.<\/p>\n<p>Por la otra cara de la pared que esconde la puerta gigante destaca un revestimiento espectacular Vescom Azul petr\u00f3leo que aporta una buena dosis de energ\u00eda positiva al entrar en la vivienda.<\/p>\n<p>Otros detalles que convierten al sal\u00f3n es un espacio muy acogedor son las piezas de mobiliario escogido de <a href=\"https:\/\/kavehome.com\/es\/es\/\" target=\"_blank\" rel=\"noopener noreferrer\">Kave Home<\/a> y la presencia de la chimenea el\u00e9ctrica integrada.<\/p>\n<p><strong>Eficiencia energ\u00e9tica<\/strong><br \/>\nEn este proyecto se ha instalado un sistema de clima inteligente Airzone que permite segmentar las diferencias estancias y adaptarlas a la demanda energ\u00e9tica que pueden tener en cada caso, adem\u00e1s de poder realizar programaciones independientes y poder interactuar desde fuera de la vivienda.<\/p>\n<p>Toda la iluminaci\u00f3n instalada es de tipo led de m\u00ednimo consumo, as\u00ed como los electrodom\u00e9sticos instalados del m\u00e1ximo coeficiente energ\u00e9tico.<\/p>\n<p><strong>Ficha t\u00e9cnica<\/strong><br \/>\nNombre: Vivienda unifamiliar Espronceda<br \/>\nDise\u00f1o y ejecuci\u00f3n de la obra: Sincro<br \/>\nResponsables del proyecto: Sandra Gonz\u00e1lez, Carolina Luz\u00f3n y Manuel Luz\u00f3n<br \/>\nA\u00f1o: 2018<br \/>\nSuperficie: 100 m2<br \/>\nUbicaci\u00f3n: Barrio El Clot, Barcelona<br \/>\nQui\u00e9n vive all\u00ed: una familia con dos hijos<br \/>\nTrabajos realizados: reforma integral de la vivienda y mobiliario<br \/>\nLo m\u00e1s destacado: cambio de distribuci\u00f3n de la zona de d\u00eda para conseguir un espacio di\u00e1fano. Y los colores y materiales seleccionados para cada ambiente.<\/p>\n<p><strong>Contacto<\/strong><br \/>\n<a href=\"https:\/\/www.bysincro.com\" target=\"_blank\" rel=\"noopener noreferrer\">https:\/\/www.bysincro.com<\/a><\/p>\n\n<div style=\"font-size: 0px; height: 0px; line-height: 0px; margin: 0; padding: 0; clear: both;\"><\/div><div style=\"margin-top: 0px; margin-bottom: 0px;\" class=\"sharethis-inline-share-buttons\" ><\/div>","protected":false},"excerpt":{"rendered":"<p>Combina diferentes estilos con un resultado muy vistoso y absolutamente personalizado&#8230;<\/p>\n","protected":false},"author":1,"featured_media":51246,"comment_status":"closed","ping_status":"closed","sticky":false,"template":"","format":"standard","meta":{"_uag_custom_page_level_css":"","footnotes":""},"categories":[1,82,83],"tags":[679,5527,5326,5325,1043,2298,680,5528,5323,254],"class_list":["post-51245","post","type-post","status-publish","format-standard","has-post-thumbnail","hentry","category-proyecto","category-rehabilitaciones","category-vivienda-unifamiliar","tag-barcelona","tag-barrio-el-clot","tag-carolina-luzon","tag-luis-ruiz","tag-reforma-de-vivienda","tag-refuncionalizacion","tag-rehabilitacion","tag-sandra-gonzalez","tag-sincro","tag-vivienda-unifamiliar-2","generate-columns","tablet-grid-50","mobile-grid-100","grid-parent","grid-50"],"yoast_head":"<!-- This site is optimized with the Yoast SEO plugin v27.3 - https:\/\/yoast.com\/product\/yoast-seo-wordpress\/ -->\n<title>Vivienda unifamiliar Espronceda \/ Sincro - Arquimaster<\/title>\n<meta name=\"description\" content=\"El proyecto combina diferentes estilos pero con un resultado muy vistoso y lo m\u00e1s importante, absolutamente personalizado.\" \/>\n<meta name=\"robots\" content=\"index, follow, max-snippet:-1, max-image-preview:large, max-video-preview:-1\" \/>\n<link rel=\"canonical\" href=\"https:\/\/www.arquimaster.com.ar\/web\/vivienda-unifamiliar-espronceda-sincro\/\" \/>\n<meta property=\"og:locale\" content=\"es_ES\" \/>\n<meta property=\"og:type\" content=\"article\" \/>\n<meta property=\"og:title\" content=\"Vivienda unifamiliar Espronceda \/ Sincro\" \/>\n<meta property=\"og:description\" content=\"El proyecto combina diferentes estilos pero con un resultado muy vistoso y lo m\u00e1s importante, absolutamente personalizado.\" \/>\n<meta property=\"og:url\" content=\"https:\/\/www.arquimaster.com.ar\/web\/vivienda-unifamiliar-espronceda-sincro\/\" \/>\n<meta property=\"og:site_name\" content=\"Arquimaster\" \/>\n<meta property=\"article:publisher\" content=\"http:\/\/www.facebook.com\/ARQUIMASTER.com.ar\" \/>\n<meta property=\"article:published_time\" content=\"2019-12-05T23:06:11+00:00\" \/>\n<meta property=\"article:modified_time\" content=\"2019-12-09T18:55:42+00:00\" \/>\n<meta property=\"og:image\" content=\"https:\/\/www.arquimaster.com.ar\/web\/wp-content\/uploads\/2019\/12\/vivienda_espronceda_slide.jpg\" \/>\n\t<meta property=\"og:image:width\" content=\"698\" \/>\n\t<meta property=\"og:image:height\" content=\"364\" \/>\n\t<meta property=\"og:image:type\" content=\"image\/jpeg\" \/>\n<meta name=\"author\" content=\"Arquimaster\" \/>\n<meta name=\"twitter:card\" content=\"summary_large_image\" \/>\n<meta name=\"twitter:title\" content=\"Vivienda unifamiliar Espronceda \/ Sincro\" \/>\n<meta name=\"twitter:description\" content=\"El proyecto combina diferentes estilos pero con un resultado muy vistoso y lo m\u00e1s importante, absolutamente personalizado.\" \/>\n<meta name=\"twitter:image\" content=\"https:\/\/www.arquimaster.com.ar\/web\/wp-content\/uploads\/2019\/12\/vivienda_espronceda_slide.jpg\" \/>\n<meta name=\"twitter:creator\" content=\"@arquimaster\" \/>\n<meta name=\"twitter:site\" content=\"@arquimaster\" \/>\n<meta name=\"twitter:label1\" content=\"Escrito por\" \/>\n\t<meta name=\"twitter:data1\" content=\"Arquimaster\" \/>\n\t<meta name=\"twitter:label2\" content=\"Tiempo de lectura\" \/>\n\t<meta name=\"twitter:data2\" content=\"2 minutos\" \/>\n<script type=\"application\/ld+json\" class=\"yoast-schema-graph\">{\"@context\":\"https:\\\/\\\/schema.org\",\"@graph\":[{\"@type\":\"Article\",\"@id\":\"https:\\\/\\\/www.arquimaster.com.ar\\\/web\\\/vivienda-unifamiliar-espronceda-sincro\\\/#article\",\"isPartOf\":{\"@id\":\"https:\\\/\\\/www.arquimaster.com.ar\\\/web\\\/vivienda-unifamiliar-espronceda-sincro\\\/\"},\"author\":{\"name\":\"Arquimaster\",\"@id\":\"https:\\\/\\\/www.arquimaster.com.ar\\\/web\\\/#\\\/schema\\\/person\\\/359e9f7c00193fcde068e0dd2ceb0028\"},\"headline\":\"Vivienda unifamiliar Espronceda \\\/ Sincro\",\"datePublished\":\"2019-12-05T23:06:11+00:00\",\"dateModified\":\"2019-12-09T18:55:42+00:00\",\"mainEntityOfPage\":{\"@id\":\"https:\\\/\\\/www.arquimaster.com.ar\\\/web\\\/vivienda-unifamiliar-espronceda-sincro\\\/\"},\"wordCount\":472,\"publisher\":{\"@id\":\"https:\\\/\\\/www.arquimaster.com.ar\\\/web\\\/#organization\"},\"image\":{\"@id\":\"https:\\\/\\\/www.arquimaster.com.ar\\\/web\\\/vivienda-unifamiliar-espronceda-sincro\\\/#primaryimage\"},\"thumbnailUrl\":\"https:\\\/\\\/www.arquimaster.com.ar\\\/web\\\/wp-content\\\/uploads\\\/2019\\\/12\\\/vivienda_espronceda_slide.jpg\",\"keywords\":[\"Barcelona\",\"Barrio El Clot\",\"Carolina Luz\u00f3n\",\"Luis Ruiz\",\"reforma de vivienda\",\"refuncionalizaci\u00f3n\",\"rehabilitaci\u00f3n\",\"Sandra Gonz\u00e1lez\",\"Sincro\",\"vivienda unifamiliar\"],\"articleSection\":[\"Proyecto\",\"Rehabilitaciones y ampliaciones\",\"Vivienda unifamiliar y PH\"],\"inLanguage\":\"es\"},{\"@type\":\"WebPage\",\"@id\":\"https:\\\/\\\/www.arquimaster.com.ar\\\/web\\\/vivienda-unifamiliar-espronceda-sincro\\\/\",\"url\":\"https:\\\/\\\/www.arquimaster.com.ar\\\/web\\\/vivienda-unifamiliar-espronceda-sincro\\\/\",\"name\":\"Vivienda unifamiliar Espronceda \\\/ Sincro - Arquimaster\",\"isPartOf\":{\"@id\":\"https:\\\/\\\/www.arquimaster.com.ar\\\/web\\\/#website\"},\"primaryImageOfPage\":{\"@id\":\"https:\\\/\\\/www.arquimaster.com.ar\\\/web\\\/vivienda-unifamiliar-espronceda-sincro\\\/#primaryimage\"},\"image\":{\"@id\":\"https:\\\/\\\/www.arquimaster.com.ar\\\/web\\\/vivienda-unifamiliar-espronceda-sincro\\\/#primaryimage\"},\"thumbnailUrl\":\"https:\\\/\\\/www.arquimaster.com.ar\\\/web\\\/wp-content\\\/uploads\\\/2019\\\/12\\\/vivienda_espronceda_slide.jpg\",\"datePublished\":\"2019-12-05T23:06:11+00:00\",\"dateModified\":\"2019-12-09T18:55:42+00:00\",\"description\":\"El proyecto combina diferentes estilos pero con un resultado muy vistoso y lo m\u00e1s importante, absolutamente personalizado.\",\"breadcrumb\":{\"@id\":\"https:\\\/\\\/www.arquimaster.com.ar\\\/web\\\/vivienda-unifamiliar-espronceda-sincro\\\/#breadcrumb\"},\"inLanguage\":\"es\",\"potentialAction\":[{\"@type\":\"ReadAction\",\"target\":[\"https:\\\/\\\/www.arquimaster.com.ar\\\/web\\\/vivienda-unifamiliar-espronceda-sincro\\\/\"]}]},{\"@type\":\"ImageObject\",\"inLanguage\":\"es\",\"@id\":\"https:\\\/\\\/www.arquimaster.com.ar\\\/web\\\/vivienda-unifamiliar-espronceda-sincro\\\/#primaryimage\",\"url\":\"https:\\\/\\\/www.arquimaster.com.ar\\\/web\\\/wp-content\\\/uploads\\\/2019\\\/12\\\/vivienda_espronceda_slide.jpg\",\"contentUrl\":\"https:\\\/\\\/www.arquimaster.com.ar\\\/web\\\/wp-content\\\/uploads\\\/2019\\\/12\\\/vivienda_espronceda_slide.jpg\",\"width\":698,\"height\":364},{\"@type\":\"BreadcrumbList\",\"@id\":\"https:\\\/\\\/www.arquimaster.com.ar\\\/web\\\/vivienda-unifamiliar-espronceda-sincro\\\/#breadcrumb\",\"itemListElement\":[{\"@type\":\"ListItem\",\"position\":1,\"name\":\"Portada\",\"item\":\"https:\\\/\\\/www.arquimaster.com.ar\\\/web\\\/\"},{\"@type\":\"ListItem\",\"position\":2,\"name\":\"Vivienda unifamiliar Espronceda \\\/ Sincro\"}]},{\"@type\":\"WebSite\",\"@id\":\"https:\\\/\\\/www.arquimaster.com.ar\\\/web\\\/#website\",\"url\":\"https:\\\/\\\/www.arquimaster.com.ar\\\/web\\\/\",\"name\":\"Arquimaster\",\"description\":\"Web de arquitectura, dise\u00f1o y construccion\",\"publisher\":{\"@id\":\"https:\\\/\\\/www.arquimaster.com.ar\\\/web\\\/#organization\"},\"potentialAction\":[{\"@type\":\"SearchAction\",\"target\":{\"@type\":\"EntryPoint\",\"urlTemplate\":\"https:\\\/\\\/www.arquimaster.com.ar\\\/web\\\/?s={search_term_string}\"},\"query-input\":{\"@type\":\"PropertyValueSpecification\",\"valueRequired\":true,\"valueName\":\"search_term_string\"}}],\"inLanguage\":\"es\"},{\"@type\":\"Organization\",\"@id\":\"https:\\\/\\\/www.arquimaster.com.ar\\\/web\\\/#organization\",\"name\":\"Arquimaster\",\"url\":\"https:\\\/\\\/www.arquimaster.com.ar\\\/web\\\/\",\"logo\":{\"@type\":\"ImageObject\",\"inLanguage\":\"es\",\"@id\":\"https:\\\/\\\/www.arquimaster.com.ar\\\/web\\\/#\\\/schema\\\/logo\\\/image\\\/\",\"url\":\"https:\\\/\\\/www.arquimaster.com.ar\\\/web\\\/wp-content\\\/uploads\\\/2022\\\/06\\\/arquimaster.png\",\"contentUrl\":\"https:\\\/\\\/www.arquimaster.com.ar\\\/web\\\/wp-content\\\/uploads\\\/2022\\\/06\\\/arquimaster.png\",\"width\":594,\"height\":78,\"caption\":\"Arquimaster\"},\"image\":{\"@id\":\"https:\\\/\\\/www.arquimaster.com.ar\\\/web\\\/#\\\/schema\\\/logo\\\/image\\\/\"},\"sameAs\":[\"http:\\\/\\\/www.facebook.com\\\/ARQUIMASTER.com.ar\",\"https:\\\/\\\/x.com\\\/arquimaster\",\"https:\\\/\\\/www.instagram.com\\\/arquimasterblog\\\/\",\"https:\\\/\\\/www.linkedin.com\\\/company\\\/arquimaster\",\"https:\\\/\\\/www.pinterest.com\\\/arquimaster\",\"https:\\\/\\\/t.me\\\/arquimaster\"]},{\"@type\":\"Person\",\"@id\":\"https:\\\/\\\/www.arquimaster.com.ar\\\/web\\\/#\\\/schema\\\/person\\\/359e9f7c00193fcde068e0dd2ceb0028\",\"name\":\"Arquimaster\"}]}<\/script>\n<!-- \/ Yoast SEO plugin. -->","yoast_head_json":{"title":"Vivienda unifamiliar Espronceda \/ Sincro - Arquimaster","description":"El proyecto combina diferentes estilos pero con un resultado muy vistoso y lo m\u00e1s importante, absolutamente personalizado.","robots":{"index":"index","follow":"follow","max-snippet":"max-snippet:-1","max-image-preview":"max-image-preview:large","max-video-preview":"max-video-preview:-1"},"canonical":"https:\/\/www.arquimaster.com.ar\/web\/vivienda-unifamiliar-espronceda-sincro\/","og_locale":"es_ES","og_type":"article","og_title":"Vivienda unifamiliar Espronceda \/ Sincro","og_description":"El proyecto combina diferentes estilos pero con un resultado muy vistoso y lo m\u00e1s importante, absolutamente personalizado.","og_url":"https:\/\/www.arquimaster.com.ar\/web\/vivienda-unifamiliar-espronceda-sincro\/","og_site_name":"Arquimaster","article_publisher":"http:\/\/www.facebook.com\/ARQUIMASTER.com.ar","article_published_time":"2019-12-05T23:06:11+00:00","article_modified_time":"2019-12-09T18:55:42+00:00","og_image":[{"width":698,"height":364,"url":"https:\/\/www.arquimaster.com.ar\/web\/wp-content\/uploads\/2019\/12\/vivienda_espronceda_slide.jpg","type":"image\/jpeg"}],"author":"Arquimaster","twitter_card":"summary_large_image","twitter_title":"Vivienda unifamiliar Espronceda \/ Sincro","twitter_description":"El proyecto combina diferentes estilos pero con un resultado muy vistoso y lo m\u00e1s importante, absolutamente personalizado.","twitter_image":"https:\/\/www.arquimaster.com.ar\/web\/wp-content\/uploads\/2019\/12\/vivienda_espronceda_slide.jpg","twitter_creator":"@arquimaster","twitter_site":"@arquimaster","twitter_misc":{"Escrito por":"Arquimaster","Tiempo de lectura":"2 minutos"},"schema":{"@context":"https:\/\/schema.org","@graph":[{"@type":"Article","@id":"https:\/\/www.arquimaster.com.ar\/web\/vivienda-unifamiliar-espronceda-sincro\/#article","isPartOf":{"@id":"https:\/\/www.arquimaster.com.ar\/web\/vivienda-unifamiliar-espronceda-sincro\/"},"author":{"name":"Arquimaster","@id":"https:\/\/www.arquimaster.com.ar\/web\/#\/schema\/person\/359e9f7c00193fcde068e0dd2ceb0028"},"headline":"Vivienda unifamiliar Espronceda \/ Sincro","datePublished":"2019-12-05T23:06:11+00:00","dateModified":"2019-12-09T18:55:42+00:00","mainEntityOfPage":{"@id":"https:\/\/www.arquimaster.com.ar\/web\/vivienda-unifamiliar-espronceda-sincro\/"},"wordCount":472,"publisher":{"@id":"https:\/\/www.arquimaster.com.ar\/web\/#organization"},"image":{"@id":"https:\/\/www.arquimaster.com.ar\/web\/vivienda-unifamiliar-espronceda-sincro\/#primaryimage"},"thumbnailUrl":"https:\/\/www.arquimaster.com.ar\/web\/wp-content\/uploads\/2019\/12\/vivienda_espronceda_slide.jpg","keywords":["Barcelona","Barrio El Clot","Carolina Luz\u00f3n","Luis Ruiz","reforma de vivienda","refuncionalizaci\u00f3n","rehabilitaci\u00f3n","Sandra Gonz\u00e1lez","Sincro","vivienda unifamiliar"],"articleSection":["Proyecto","Rehabilitaciones y ampliaciones","Vivienda unifamiliar y PH"],"inLanguage":"es"},{"@type":"WebPage","@id":"https:\/\/www.arquimaster.com.ar\/web\/vivienda-unifamiliar-espronceda-sincro\/","url":"https:\/\/www.arquimaster.com.ar\/web\/vivienda-unifamiliar-espronceda-sincro\/","name":"Vivienda unifamiliar Espronceda \/ Sincro - Arquimaster","isPartOf":{"@id":"https:\/\/www.arquimaster.com.ar\/web\/#website"},"primaryImageOfPage":{"@id":"https:\/\/www.arquimaster.com.ar\/web\/vivienda-unifamiliar-espronceda-sincro\/#primaryimage"},"image":{"@id":"https:\/\/www.arquimaster.com.ar\/web\/vivienda-unifamiliar-espronceda-sincro\/#primaryimage"},"thumbnailUrl":"https:\/\/www.arquimaster.com.ar\/web\/wp-content\/uploads\/2019\/12\/vivienda_espronceda_slide.jpg","datePublished":"2019-12-05T23:06:11+00:00","dateModified":"2019-12-09T18:55:42+00:00","description":"El proyecto combina diferentes estilos pero con un resultado muy vistoso y lo m\u00e1s importante, absolutamente personalizado.","breadcrumb":{"@id":"https:\/\/www.arquimaster.com.ar\/web\/vivienda-unifamiliar-espronceda-sincro\/#breadcrumb"},"inLanguage":"es","potentialAction":[{"@type":"ReadAction","target":["https:\/\/www.arquimaster.com.ar\/web\/vivienda-unifamiliar-espronceda-sincro\/"]}]},{"@type":"ImageObject","inLanguage":"es","@id":"https:\/\/www.arquimaster.com.ar\/web\/vivienda-unifamiliar-espronceda-sincro\/#primaryimage","url":"https:\/\/www.arquimaster.com.ar\/web\/wp-content\/uploads\/2019\/12\/vivienda_espronceda_slide.jpg","contentUrl":"https:\/\/www.arquimaster.com.ar\/web\/wp-content\/uploads\/2019\/12\/vivienda_espronceda_slide.jpg","width":698,"height":364},{"@type":"BreadcrumbList","@id":"https:\/\/www.arquimaster.com.ar\/web\/vivienda-unifamiliar-espronceda-sincro\/#breadcrumb","itemListElement":[{"@type":"ListItem","position":1,"name":"Portada","item":"https:\/\/www.arquimaster.com.ar\/web\/"},{"@type":"ListItem","position":2,"name":"Vivienda unifamiliar Espronceda \/ Sincro"}]},{"@type":"WebSite","@id":"https:\/\/www.arquimaster.com.ar\/web\/#website","url":"https:\/\/www.arquimaster.com.ar\/web\/","name":"Arquimaster","description":"Web de arquitectura, dise\u00f1o y construccion","publisher":{"@id":"https:\/\/www.arquimaster.com.ar\/web\/#organization"},"potentialAction":[{"@type":"SearchAction","target":{"@type":"EntryPoint","urlTemplate":"https:\/\/www.arquimaster.com.ar\/web\/?s={search_term_string}"},"query-input":{"@type":"PropertyValueSpecification","valueRequired":true,"valueName":"search_term_string"}}],"inLanguage":"es"},{"@type":"Organization","@id":"https:\/\/www.arquimaster.com.ar\/web\/#organization","name":"Arquimaster","url":"https:\/\/www.arquimaster.com.ar\/web\/","logo":{"@type":"ImageObject","inLanguage":"es","@id":"https:\/\/www.arquimaster.com.ar\/web\/#\/schema\/logo\/image\/","url":"https:\/\/www.arquimaster.com.ar\/web\/wp-content\/uploads\/2022\/06\/arquimaster.png","contentUrl":"https:\/\/www.arquimaster.com.ar\/web\/wp-content\/uploads\/2022\/06\/arquimaster.png","width":594,"height":78,"caption":"Arquimaster"},"image":{"@id":"https:\/\/www.arquimaster.com.ar\/web\/#\/schema\/logo\/image\/"},"sameAs":["http:\/\/www.facebook.com\/ARQUIMASTER.com.ar","https:\/\/x.com\/arquimaster","https:\/\/www.instagram.com\/arquimasterblog\/","https:\/\/www.linkedin.com\/company\/arquimaster","https:\/\/www.pinterest.com\/arquimaster","https:\/\/t.me\/arquimaster"]},{"@type":"Person","@id":"https:\/\/www.arquimaster.com.ar\/web\/#\/schema\/person\/359e9f7c00193fcde068e0dd2ceb0028","name":"Arquimaster"}]}},"uagb_featured_image_src":{"full":["https:\/\/www.arquimaster.com.ar\/web\/wp-content\/uploads\/2019\/12\/vivienda_espronceda_slide.jpg",698,364,false],"thumbnail":["https:\/\/www.arquimaster.com.ar\/web\/wp-content\/uploads\/2019\/12\/vivienda_espronceda_slide-150x150.jpg",150,150,true],"medium":["https:\/\/www.arquimaster.com.ar\/web\/wp-content\/uploads\/2019\/12\/vivienda_espronceda_slide.jpg",698,364,false],"medium_large":["https:\/\/www.arquimaster.com.ar\/web\/wp-content\/uploads\/2019\/12\/vivienda_espronceda_slide.jpg",698,364,false],"large":["https:\/\/www.arquimaster.com.ar\/web\/wp-content\/uploads\/2019\/12\/vivienda_espronceda_slide.jpg",698,364,false],"1536x1536":["https:\/\/www.arquimaster.com.ar\/web\/wp-content\/uploads\/2019\/12\/vivienda_espronceda_slide.jpg",698,364,false],"2048x2048":["https:\/\/www.arquimaster.com.ar\/web\/wp-content\/uploads\/2019\/12\/vivienda_espronceda_slide.jpg",698,364,false]},"uagb_author_info":{"display_name":"Arquimaster","author_link":"https:\/\/www.arquimaster.com.ar\/web\/author\/arquimaster\/"},"uagb_comment_info":0,"uagb_excerpt":"Combina diferentes estilos con un resultado muy vistoso y absolutamente personalizado...","_links":{"self":[{"href":"https:\/\/www.arquimaster.com.ar\/web\/wp-json\/wp\/v2\/posts\/51245","targetHints":{"allow":["GET"]}}],"collection":[{"href":"https:\/\/www.arquimaster.com.ar\/web\/wp-json\/wp\/v2\/posts"}],"about":[{"href":"https:\/\/www.arquimaster.com.ar\/web\/wp-json\/wp\/v2\/types\/post"}],"author":[{"embeddable":true,"href":"https:\/\/www.arquimaster.com.ar\/web\/wp-json\/wp\/v2\/users\/1"}],"replies":[{"embeddable":true,"href":"https:\/\/www.arquimaster.com.ar\/web\/wp-json\/wp\/v2\/comments?post=51245"}],"version-history":[{"count":2,"href":"https:\/\/www.arquimaster.com.ar\/web\/wp-json\/wp\/v2\/posts\/51245\/revisions"}],"predecessor-version":[{"id":51396,"href":"https:\/\/www.arquimaster.com.ar\/web\/wp-json\/wp\/v2\/posts\/51245\/revisions\/51396"}],"wp:featuredmedia":[{"embeddable":true,"href":"https:\/\/www.arquimaster.com.ar\/web\/wp-json\/wp\/v2\/media\/51246"}],"wp:attachment":[{"href":"https:\/\/www.arquimaster.com.ar\/web\/wp-json\/wp\/v2\/media?parent=51245"}],"wp:term":[{"taxonomy":"category","embeddable":true,"href":"https:\/\/www.arquimaster.com.ar\/web\/wp-json\/wp\/v2\/categories?post=51245"},{"taxonomy":"post_tag","embeddable":true,"href":"https:\/\/www.arquimaster.com.ar\/web\/wp-json\/wp\/v2\/tags?post=51245"}],"curies":[{"name":"wp","href":"https:\/\/api.w.org\/{rel}","templated":true}]}}