{"id":51534,"date":"2019-12-13T16:16:24","date_gmt":"2019-12-13T19:16:24","guid":{"rendered":"https:\/\/www.arquimaster.com.ar\/web\/?p=51534"},"modified":"2019-12-16T17:28:29","modified_gmt":"2019-12-16T20:28:29","slug":"pablo-reinoso-inaugura-aires-de-buenos-aires-su-nueva-escultura-en-plaza-ramon-carcano","status":"publish","type":"post","link":"https:\/\/www.arquimaster.com.ar\/web\/pablo-reinoso-inaugura-aires-de-buenos-aires-su-nueva-escultura-en-plaza-ramon-carcano\/","title":{"rendered":"Pablo Reinoso inaugura Aires de Buenos Aires,  su nueva escultura en Plaza Ram\u00f3n C\u00e1rcano"},"content":{"rendered":"<div style=\"margin-top: 0px; margin-bottom: 0px;\" class=\"sharethis-inline-share-buttons\" ><\/div><div class=\"b812932af2e751442846f039925109de\" data-index=\"1\" style=\"float: none; margin:25px 0 25px 0; text-align:center;\">\n<script async src=\"https:\/\/pagead2.googlesyndication.com\/pagead\/js\/adsbygoogle.js\"><\/script>\r\n<!-- Arquimaster (superior) -->\r\n<ins class=\"adsbygoogle\"\r\n     style=\"display:block\"\r\n     data-ad-client=\"ca-pub-6351072698456832\"\r\n     data-ad-slot=\"6455489680\"\r\n     data-ad-format=\"auto\"\r\n     data-full-width-responsive=\"true\"><\/ins>\r\n<script>\r\n     (adsbygoogle = window.adsbygoogle || []).push({});\r\n<\/script>\n<\/div>\n<p>Con el apoyo del Gobierno de la Ciudad, se anuncia la inauguraci\u00f3n de la <strong>escultura Aires de Buenos Aires<\/strong> del artista escultor franco argentino <strong>Pablo Reinoso<\/strong>, que tendr\u00e1 lugar el lunes 16 de diciembre de 2019 a las 19 hs, en la Plaza Ram\u00f3n C\u00e1rcano, ubicada en el m\u00edtico barrio de Recoleta. Residir\u00e1 permanentemente all\u00ed, siendo la primera obra de arte del artista que se entrega en donaci\u00f3n a la ciudad.<\/p>\n<p>Luego, a las 20 hs tendr\u00e1 lugar un cocktail en el Museo Sivori, en el que habr\u00e1 una breve exposici\u00f3n del artista en la que se explicar\u00e1n los conceptos que lo motivaron en la realizaci\u00f3n de su obra.<\/p>\n<p>Pablo Reinoso, reconocido artista escultor franco argentino, se radica en Par\u00eds desde 1978, triunfando all\u00ed y en el mundo. Sus esculturas son mundialmente reconocidas y ubicadas en las principales ciudades del mundo tales como The Ark (2019) ubicado en Lincoln Square, en Londres, Reino Unido, Pause Lapin (2018) en el Mus\u00e9e de Cluny en Par\u00eds, Francia, Gloriette (2010) en Beirut, L\u00edbano, o Banc (2001) en Fukuroi, Jap\u00f3n.<\/p>\n<p>Aires de Buenos Aires, su nueva escultura con 6 metros de altura, mezcla de escultura y \u00e1rbol, hecha por el hombre con y para la naturaleza, interpela al p\u00fablico e invita a vivir del espacio verde en di\u00e1logo con la obra y la ciudad. De este modo, el arte urbano y el cuidado del medio ambiente aparecen como pilares fundamentales de su obra.<\/p>\n<p>Desde el Gobierno de la Ciudad, en la b\u00fasqueda de seguir transformando y potenciando a la ciudad como destino atractivo, cultural y cosmopolita, se trabaj\u00f3 para incorporar una obra de arte \u00fanica en un espacio p\u00fablico, siendo la primera obra del artista en ser entregada en donaci\u00f3n a la Ciudad de Buenos Aires.<\/p>\n<p>En este gesto art\u00edstico, se traza un di\u00e1logo con otras ciudades unidas por el arte urbano, y con la elecci\u00f3n del artista franco argentino, retoma el di\u00e1logo constante entre Buenos Aires y la ciudad de la luz, que se refleja desde la fundaci\u00f3n de la ciudad en sus espacios p\u00fablicos: el dise\u00f1o y las obras de arte que nos interpelan en cada rinc\u00f3n entre las calles, bulevares, plazas y parques.<\/p>\n<p><strong>Escultura Aires de Buenos Aires de Pablo Reinoso<\/strong><br \/>\n<strong>Inauguraci\u00f3n:<\/strong> Lunes 16 de diciembre a las 19 hs<br \/>\n<strong>Lugar:<\/strong> Plaza Ram\u00f3n J. C\u00e1rcano (Av. Alvear y Pres. Eduardo V. Haedo), Ciudad de Buenos Aires<\/p>\n\n<div style=\"font-size: 0px; height: 0px; line-height: 0px; margin: 0; padding: 0; clear: both;\"><\/div><div style=\"margin-top: 0px; margin-bottom: 0px;\" class=\"sharethis-inline-share-buttons\" ><\/div>","protected":false},"excerpt":{"rendered":"<p>Mezcla de escultura y \u00e1rbol, hecha por el hombre con y para la naturaleza, interpela al p\u00fablico&#8230;<\/p>\n","protected":false},"author":1,"featured_media":51539,"comment_status":"closed","ping_status":"closed","sticky":false,"template":"","format":"standard","meta":{"_uag_custom_page_level_css":"","footnotes":""},"categories":[70,68],"tags":[16,1109,5544],"class_list":["post-51534","post","type-post","status-publish","format-standard","has-post-thumbnail","hentry","category-noticias-arquitectura","category-novedades","tag-buenos-aires","tag-escultura","tag-pablo-reinoso","generate-columns","tablet-grid-50","mobile-grid-100","grid-parent","grid-50"],"yoast_head":"<!-- This site is optimized with the Yoast SEO plugin v27.3 - https:\/\/yoast.com\/product\/yoast-seo-wordpress\/ -->\n<title>Pablo Reinoso inaugura Aires de Buenos Aires, su nueva escultura en Plaza Ram\u00f3n C\u00e1rcano - Arquimaster<\/title>\n<meta name=\"description\" content=\"Mezcla de escultura y \u00e1rbol, hecha por el hombre con y para la naturaleza, interpela al p\u00fablico e invita a vivir del espacio verde en di\u00e1logo con la obra y la ciudad.\" \/>\n<meta name=\"robots\" content=\"index, follow, max-snippet:-1, max-image-preview:large, max-video-preview:-1\" \/>\n<link rel=\"canonical\" href=\"https:\/\/www.arquimaster.com.ar\/web\/pablo-reinoso-inaugura-aires-de-buenos-aires-su-nueva-escultura-en-plaza-ramon-carcano\/\" \/>\n<meta property=\"og:locale\" content=\"es_ES\" \/>\n<meta property=\"og:type\" content=\"article\" \/>\n<meta property=\"og:title\" content=\"Pablo Reinoso inaugura Aires de Buenos Aires, su nueva escultura en Plaza Ram\u00f3n C\u00e1rcano\" \/>\n<meta property=\"og:description\" content=\"Mezcla de escultura y \u00e1rbol, hecha por el hombre con y para la naturaleza, interpela al p\u00fablico e invita a vivir del espacio verde en di\u00e1logo con la obra y la ciudad.\" \/>\n<meta property=\"og:url\" content=\"https:\/\/www.arquimaster.com.ar\/web\/pablo-reinoso-inaugura-aires-de-buenos-aires-su-nueva-escultura-en-plaza-ramon-carcano\/\" \/>\n<meta property=\"og:site_name\" content=\"Arquimaster\" \/>\n<meta property=\"article:publisher\" content=\"http:\/\/www.facebook.com\/ARQUIMASTER.com.ar\" \/>\n<meta property=\"article:published_time\" content=\"2019-12-13T19:16:24+00:00\" \/>\n<meta property=\"article:modified_time\" content=\"2019-12-16T20:28:29+00:00\" \/>\n<meta property=\"og:image\" content=\"https:\/\/www.arquimaster.com.ar\/web\/wp-content\/uploads\/2019\/12\/aires_buenos_aires_slide.jpg\" \/>\n\t<meta property=\"og:image:width\" content=\"698\" \/>\n\t<meta property=\"og:image:height\" content=\"364\" \/>\n\t<meta property=\"og:image:type\" content=\"image\/jpeg\" \/>\n<meta name=\"author\" content=\"Arquimaster\" \/>\n<meta name=\"twitter:card\" content=\"summary_large_image\" \/>\n<meta name=\"twitter:title\" content=\"Pablo Reinoso inaugura Aires de Buenos Aires, su nueva escultura en Plaza Ram\u00f3n C\u00e1rcano\" \/>\n<meta name=\"twitter:description\" content=\"Mezcla de escultura y \u00e1rbol, hecha por el hombre con y para la naturaleza, interpela al p\u00fablico e invita a vivir del espacio verde en di\u00e1logo con la obra y la ciudad.\" \/>\n<meta name=\"twitter:image\" content=\"https:\/\/www.arquimaster.com.ar\/web\/wp-content\/uploads\/2019\/12\/aires_buenos_aires_slide.jpg\" \/>\n<meta name=\"twitter:creator\" content=\"@arquimaster\" \/>\n<meta name=\"twitter:site\" content=\"@arquimaster\" \/>\n<meta name=\"twitter:label1\" content=\"Escrito por\" \/>\n\t<meta name=\"twitter:data1\" content=\"Arquimaster\" \/>\n\t<meta name=\"twitter:label2\" content=\"Tiempo de lectura\" \/>\n\t<meta name=\"twitter:data2\" content=\"2 minutos\" \/>\n<script type=\"application\/ld+json\" class=\"yoast-schema-graph\">{\"@context\":\"https:\\\/\\\/schema.org\",\"@graph\":[{\"@type\":\"Article\",\"@id\":\"https:\\\/\\\/www.arquimaster.com.ar\\\/web\\\/pablo-reinoso-inaugura-aires-de-buenos-aires-su-nueva-escultura-en-plaza-ramon-carcano\\\/#article\",\"isPartOf\":{\"@id\":\"https:\\\/\\\/www.arquimaster.com.ar\\\/web\\\/pablo-reinoso-inaugura-aires-de-buenos-aires-su-nueva-escultura-en-plaza-ramon-carcano\\\/\"},\"author\":{\"name\":\"Arquimaster\",\"@id\":\"https:\\\/\\\/www.arquimaster.com.ar\\\/web\\\/#\\\/schema\\\/person\\\/359e9f7c00193fcde068e0dd2ceb0028\"},\"headline\":\"Pablo Reinoso inaugura Aires de Buenos Aires, su nueva escultura en Plaza Ram\u00f3n C\u00e1rcano\",\"datePublished\":\"2019-12-13T19:16:24+00:00\",\"dateModified\":\"2019-12-16T20:28:29+00:00\",\"mainEntityOfPage\":{\"@id\":\"https:\\\/\\\/www.arquimaster.com.ar\\\/web\\\/pablo-reinoso-inaugura-aires-de-buenos-aires-su-nueva-escultura-en-plaza-ramon-carcano\\\/\"},\"wordCount\":428,\"publisher\":{\"@id\":\"https:\\\/\\\/www.arquimaster.com.ar\\\/web\\\/#organization\"},\"image\":{\"@id\":\"https:\\\/\\\/www.arquimaster.com.ar\\\/web\\\/pablo-reinoso-inaugura-aires-de-buenos-aires-su-nueva-escultura-en-plaza-ramon-carcano\\\/#primaryimage\"},\"thumbnailUrl\":\"https:\\\/\\\/www.arquimaster.com.ar\\\/web\\\/wp-content\\\/uploads\\\/2019\\\/12\\\/aires_buenos_aires_slide.jpg\",\"keywords\":[\"Buenos Aires\",\"escultura\",\"Pablo Reinoso\"],\"articleSection\":[\"Noticias de arquitectura y dise\u00f1o\",\"Novedades\"],\"inLanguage\":\"es\"},{\"@type\":\"WebPage\",\"@id\":\"https:\\\/\\\/www.arquimaster.com.ar\\\/web\\\/pablo-reinoso-inaugura-aires-de-buenos-aires-su-nueva-escultura-en-plaza-ramon-carcano\\\/\",\"url\":\"https:\\\/\\\/www.arquimaster.com.ar\\\/web\\\/pablo-reinoso-inaugura-aires-de-buenos-aires-su-nueva-escultura-en-plaza-ramon-carcano\\\/\",\"name\":\"Pablo Reinoso inaugura Aires de Buenos Aires, su nueva escultura en Plaza Ram\u00f3n C\u00e1rcano - Arquimaster\",\"isPartOf\":{\"@id\":\"https:\\\/\\\/www.arquimaster.com.ar\\\/web\\\/#website\"},\"primaryImageOfPage\":{\"@id\":\"https:\\\/\\\/www.arquimaster.com.ar\\\/web\\\/pablo-reinoso-inaugura-aires-de-buenos-aires-su-nueva-escultura-en-plaza-ramon-carcano\\\/#primaryimage\"},\"image\":{\"@id\":\"https:\\\/\\\/www.arquimaster.com.ar\\\/web\\\/pablo-reinoso-inaugura-aires-de-buenos-aires-su-nueva-escultura-en-plaza-ramon-carcano\\\/#primaryimage\"},\"thumbnailUrl\":\"https:\\\/\\\/www.arquimaster.com.ar\\\/web\\\/wp-content\\\/uploads\\\/2019\\\/12\\\/aires_buenos_aires_slide.jpg\",\"datePublished\":\"2019-12-13T19:16:24+00:00\",\"dateModified\":\"2019-12-16T20:28:29+00:00\",\"description\":\"Mezcla de escultura y \u00e1rbol, hecha por el hombre con y para la naturaleza, interpela al p\u00fablico e invita a vivir del espacio verde en di\u00e1logo con la obra y la ciudad.\",\"breadcrumb\":{\"@id\":\"https:\\\/\\\/www.arquimaster.com.ar\\\/web\\\/pablo-reinoso-inaugura-aires-de-buenos-aires-su-nueva-escultura-en-plaza-ramon-carcano\\\/#breadcrumb\"},\"inLanguage\":\"es\",\"potentialAction\":[{\"@type\":\"ReadAction\",\"target\":[\"https:\\\/\\\/www.arquimaster.com.ar\\\/web\\\/pablo-reinoso-inaugura-aires-de-buenos-aires-su-nueva-escultura-en-plaza-ramon-carcano\\\/\"]}]},{\"@type\":\"ImageObject\",\"inLanguage\":\"es\",\"@id\":\"https:\\\/\\\/www.arquimaster.com.ar\\\/web\\\/pablo-reinoso-inaugura-aires-de-buenos-aires-su-nueva-escultura-en-plaza-ramon-carcano\\\/#primaryimage\",\"url\":\"https:\\\/\\\/www.arquimaster.com.ar\\\/web\\\/wp-content\\\/uploads\\\/2019\\\/12\\\/aires_buenos_aires_slide.jpg\",\"contentUrl\":\"https:\\\/\\\/www.arquimaster.com.ar\\\/web\\\/wp-content\\\/uploads\\\/2019\\\/12\\\/aires_buenos_aires_slide.jpg\",\"width\":698,\"height\":364},{\"@type\":\"BreadcrumbList\",\"@id\":\"https:\\\/\\\/www.arquimaster.com.ar\\\/web\\\/pablo-reinoso-inaugura-aires-de-buenos-aires-su-nueva-escultura-en-plaza-ramon-carcano\\\/#breadcrumb\",\"itemListElement\":[{\"@type\":\"ListItem\",\"position\":1,\"name\":\"Portada\",\"item\":\"https:\\\/\\\/www.arquimaster.com.ar\\\/web\\\/\"},{\"@type\":\"ListItem\",\"position\":2,\"name\":\"Pablo Reinoso inaugura Aires de Buenos Aires, su nueva escultura en Plaza Ram\u00f3n C\u00e1rcano\"}]},{\"@type\":\"WebSite\",\"@id\":\"https:\\\/\\\/www.arquimaster.com.ar\\\/web\\\/#website\",\"url\":\"https:\\\/\\\/www.arquimaster.com.ar\\\/web\\\/\",\"name\":\"Arquimaster\",\"description\":\"Web de arquitectura, dise\u00f1o y construccion\",\"publisher\":{\"@id\":\"https:\\\/\\\/www.arquimaster.com.ar\\\/web\\\/#organization\"},\"potentialAction\":[{\"@type\":\"SearchAction\",\"target\":{\"@type\":\"EntryPoint\",\"urlTemplate\":\"https:\\\/\\\/www.arquimaster.com.ar\\\/web\\\/?s={search_term_string}\"},\"query-input\":{\"@type\":\"PropertyValueSpecification\",\"valueRequired\":true,\"valueName\":\"search_term_string\"}}],\"inLanguage\":\"es\"},{\"@type\":\"Organization\",\"@id\":\"https:\\\/\\\/www.arquimaster.com.ar\\\/web\\\/#organization\",\"name\":\"Arquimaster\",\"url\":\"https:\\\/\\\/www.arquimaster.com.ar\\\/web\\\/\",\"logo\":{\"@type\":\"ImageObject\",\"inLanguage\":\"es\",\"@id\":\"https:\\\/\\\/www.arquimaster.com.ar\\\/web\\\/#\\\/schema\\\/logo\\\/image\\\/\",\"url\":\"https:\\\/\\\/www.arquimaster.com.ar\\\/web\\\/wp-content\\\/uploads\\\/2022\\\/06\\\/arquimaster.png\",\"contentUrl\":\"https:\\\/\\\/www.arquimaster.com.ar\\\/web\\\/wp-content\\\/uploads\\\/2022\\\/06\\\/arquimaster.png\",\"width\":594,\"height\":78,\"caption\":\"Arquimaster\"},\"image\":{\"@id\":\"https:\\\/\\\/www.arquimaster.com.ar\\\/web\\\/#\\\/schema\\\/logo\\\/image\\\/\"},\"sameAs\":[\"http:\\\/\\\/www.facebook.com\\\/ARQUIMASTER.com.ar\",\"https:\\\/\\\/x.com\\\/arquimaster\",\"https:\\\/\\\/www.instagram.com\\\/arquimasterblog\\\/\",\"https:\\\/\\\/www.linkedin.com\\\/company\\\/arquimaster\",\"https:\\\/\\\/www.pinterest.com\\\/arquimaster\",\"https:\\\/\\\/t.me\\\/arquimaster\"]},{\"@type\":\"Person\",\"@id\":\"https:\\\/\\\/www.arquimaster.com.ar\\\/web\\\/#\\\/schema\\\/person\\\/359e9f7c00193fcde068e0dd2ceb0028\",\"name\":\"Arquimaster\"}]}<\/script>\n<!-- \/ Yoast SEO plugin. -->","yoast_head_json":{"title":"Pablo Reinoso inaugura Aires de Buenos Aires, su nueva escultura en Plaza Ram\u00f3n C\u00e1rcano - Arquimaster","description":"Mezcla de escultura y \u00e1rbol, hecha por el hombre con y para la naturaleza, interpela al p\u00fablico e invita a vivir del espacio verde en di\u00e1logo con la obra y la ciudad.","robots":{"index":"index","follow":"follow","max-snippet":"max-snippet:-1","max-image-preview":"max-image-preview:large","max-video-preview":"max-video-preview:-1"},"canonical":"https:\/\/www.arquimaster.com.ar\/web\/pablo-reinoso-inaugura-aires-de-buenos-aires-su-nueva-escultura-en-plaza-ramon-carcano\/","og_locale":"es_ES","og_type":"article","og_title":"Pablo Reinoso inaugura Aires de Buenos Aires, su nueva escultura en Plaza Ram\u00f3n C\u00e1rcano","og_description":"Mezcla de escultura y \u00e1rbol, hecha por el hombre con y para la naturaleza, interpela al p\u00fablico e invita a vivir del espacio verde en di\u00e1logo con la obra y la ciudad.","og_url":"https:\/\/www.arquimaster.com.ar\/web\/pablo-reinoso-inaugura-aires-de-buenos-aires-su-nueva-escultura-en-plaza-ramon-carcano\/","og_site_name":"Arquimaster","article_publisher":"http:\/\/www.facebook.com\/ARQUIMASTER.com.ar","article_published_time":"2019-12-13T19:16:24+00:00","article_modified_time":"2019-12-16T20:28:29+00:00","og_image":[{"width":698,"height":364,"url":"https:\/\/www.arquimaster.com.ar\/web\/wp-content\/uploads\/2019\/12\/aires_buenos_aires_slide.jpg","type":"image\/jpeg"}],"author":"Arquimaster","twitter_card":"summary_large_image","twitter_title":"Pablo Reinoso inaugura Aires de Buenos Aires, su nueva escultura en Plaza Ram\u00f3n C\u00e1rcano","twitter_description":"Mezcla de escultura y \u00e1rbol, hecha por el hombre con y para la naturaleza, interpela al p\u00fablico e invita a vivir del espacio verde en di\u00e1logo con la obra y la ciudad.","twitter_image":"https:\/\/www.arquimaster.com.ar\/web\/wp-content\/uploads\/2019\/12\/aires_buenos_aires_slide.jpg","twitter_creator":"@arquimaster","twitter_site":"@arquimaster","twitter_misc":{"Escrito por":"Arquimaster","Tiempo de lectura":"2 minutos"},"schema":{"@context":"https:\/\/schema.org","@graph":[{"@type":"Article","@id":"https:\/\/www.arquimaster.com.ar\/web\/pablo-reinoso-inaugura-aires-de-buenos-aires-su-nueva-escultura-en-plaza-ramon-carcano\/#article","isPartOf":{"@id":"https:\/\/www.arquimaster.com.ar\/web\/pablo-reinoso-inaugura-aires-de-buenos-aires-su-nueva-escultura-en-plaza-ramon-carcano\/"},"author":{"name":"Arquimaster","@id":"https:\/\/www.arquimaster.com.ar\/web\/#\/schema\/person\/359e9f7c00193fcde068e0dd2ceb0028"},"headline":"Pablo Reinoso inaugura Aires de Buenos Aires, su nueva escultura en Plaza Ram\u00f3n C\u00e1rcano","datePublished":"2019-12-13T19:16:24+00:00","dateModified":"2019-12-16T20:28:29+00:00","mainEntityOfPage":{"@id":"https:\/\/www.arquimaster.com.ar\/web\/pablo-reinoso-inaugura-aires-de-buenos-aires-su-nueva-escultura-en-plaza-ramon-carcano\/"},"wordCount":428,"publisher":{"@id":"https:\/\/www.arquimaster.com.ar\/web\/#organization"},"image":{"@id":"https:\/\/www.arquimaster.com.ar\/web\/pablo-reinoso-inaugura-aires-de-buenos-aires-su-nueva-escultura-en-plaza-ramon-carcano\/#primaryimage"},"thumbnailUrl":"https:\/\/www.arquimaster.com.ar\/web\/wp-content\/uploads\/2019\/12\/aires_buenos_aires_slide.jpg","keywords":["Buenos Aires","escultura","Pablo Reinoso"],"articleSection":["Noticias de arquitectura y dise\u00f1o","Novedades"],"inLanguage":"es"},{"@type":"WebPage","@id":"https:\/\/www.arquimaster.com.ar\/web\/pablo-reinoso-inaugura-aires-de-buenos-aires-su-nueva-escultura-en-plaza-ramon-carcano\/","url":"https:\/\/www.arquimaster.com.ar\/web\/pablo-reinoso-inaugura-aires-de-buenos-aires-su-nueva-escultura-en-plaza-ramon-carcano\/","name":"Pablo Reinoso inaugura Aires de Buenos Aires, su nueva escultura en Plaza Ram\u00f3n C\u00e1rcano - Arquimaster","isPartOf":{"@id":"https:\/\/www.arquimaster.com.ar\/web\/#website"},"primaryImageOfPage":{"@id":"https:\/\/www.arquimaster.com.ar\/web\/pablo-reinoso-inaugura-aires-de-buenos-aires-su-nueva-escultura-en-plaza-ramon-carcano\/#primaryimage"},"image":{"@id":"https:\/\/www.arquimaster.com.ar\/web\/pablo-reinoso-inaugura-aires-de-buenos-aires-su-nueva-escultura-en-plaza-ramon-carcano\/#primaryimage"},"thumbnailUrl":"https:\/\/www.arquimaster.com.ar\/web\/wp-content\/uploads\/2019\/12\/aires_buenos_aires_slide.jpg","datePublished":"2019-12-13T19:16:24+00:00","dateModified":"2019-12-16T20:28:29+00:00","description":"Mezcla de escultura y \u00e1rbol, hecha por el hombre con y para la naturaleza, interpela al p\u00fablico e invita a vivir del espacio verde en di\u00e1logo con la obra y la ciudad.","breadcrumb":{"@id":"https:\/\/www.arquimaster.com.ar\/web\/pablo-reinoso-inaugura-aires-de-buenos-aires-su-nueva-escultura-en-plaza-ramon-carcano\/#breadcrumb"},"inLanguage":"es","potentialAction":[{"@type":"ReadAction","target":["https:\/\/www.arquimaster.com.ar\/web\/pablo-reinoso-inaugura-aires-de-buenos-aires-su-nueva-escultura-en-plaza-ramon-carcano\/"]}]},{"@type":"ImageObject","inLanguage":"es","@id":"https:\/\/www.arquimaster.com.ar\/web\/pablo-reinoso-inaugura-aires-de-buenos-aires-su-nueva-escultura-en-plaza-ramon-carcano\/#primaryimage","url":"https:\/\/www.arquimaster.com.ar\/web\/wp-content\/uploads\/2019\/12\/aires_buenos_aires_slide.jpg","contentUrl":"https:\/\/www.arquimaster.com.ar\/web\/wp-content\/uploads\/2019\/12\/aires_buenos_aires_slide.jpg","width":698,"height":364},{"@type":"BreadcrumbList","@id":"https:\/\/www.arquimaster.com.ar\/web\/pablo-reinoso-inaugura-aires-de-buenos-aires-su-nueva-escultura-en-plaza-ramon-carcano\/#breadcrumb","itemListElement":[{"@type":"ListItem","position":1,"name":"Portada","item":"https:\/\/www.arquimaster.com.ar\/web\/"},{"@type":"ListItem","position":2,"name":"Pablo Reinoso inaugura Aires de Buenos Aires, su nueva escultura en Plaza Ram\u00f3n C\u00e1rcano"}]},{"@type":"WebSite","@id":"https:\/\/www.arquimaster.com.ar\/web\/#website","url":"https:\/\/www.arquimaster.com.ar\/web\/","name":"Arquimaster","description":"Web de arquitectura, dise\u00f1o y construccion","publisher":{"@id":"https:\/\/www.arquimaster.com.ar\/web\/#organization"},"potentialAction":[{"@type":"SearchAction","target":{"@type":"EntryPoint","urlTemplate":"https:\/\/www.arquimaster.com.ar\/web\/?s={search_term_string}"},"query-input":{"@type":"PropertyValueSpecification","valueRequired":true,"valueName":"search_term_string"}}],"inLanguage":"es"},{"@type":"Organization","@id":"https:\/\/www.arquimaster.com.ar\/web\/#organization","name":"Arquimaster","url":"https:\/\/www.arquimaster.com.ar\/web\/","logo":{"@type":"ImageObject","inLanguage":"es","@id":"https:\/\/www.arquimaster.com.ar\/web\/#\/schema\/logo\/image\/","url":"https:\/\/www.arquimaster.com.ar\/web\/wp-content\/uploads\/2022\/06\/arquimaster.png","contentUrl":"https:\/\/www.arquimaster.com.ar\/web\/wp-content\/uploads\/2022\/06\/arquimaster.png","width":594,"height":78,"caption":"Arquimaster"},"image":{"@id":"https:\/\/www.arquimaster.com.ar\/web\/#\/schema\/logo\/image\/"},"sameAs":["http:\/\/www.facebook.com\/ARQUIMASTER.com.ar","https:\/\/x.com\/arquimaster","https:\/\/www.instagram.com\/arquimasterblog\/","https:\/\/www.linkedin.com\/company\/arquimaster","https:\/\/www.pinterest.com\/arquimaster","https:\/\/t.me\/arquimaster"]},{"@type":"Person","@id":"https:\/\/www.arquimaster.com.ar\/web\/#\/schema\/person\/359e9f7c00193fcde068e0dd2ceb0028","name":"Arquimaster"}]}},"uagb_featured_image_src":{"full":["https:\/\/www.arquimaster.com.ar\/web\/wp-content\/uploads\/2019\/12\/aires_buenos_aires_slide.jpg",698,364,false],"thumbnail":["https:\/\/www.arquimaster.com.ar\/web\/wp-content\/uploads\/2019\/12\/aires_buenos_aires_slide-150x150.jpg",150,150,true],"medium":["https:\/\/www.arquimaster.com.ar\/web\/wp-content\/uploads\/2019\/12\/aires_buenos_aires_slide.jpg",698,364,false],"medium_large":["https:\/\/www.arquimaster.com.ar\/web\/wp-content\/uploads\/2019\/12\/aires_buenos_aires_slide.jpg",698,364,false],"large":["https:\/\/www.arquimaster.com.ar\/web\/wp-content\/uploads\/2019\/12\/aires_buenos_aires_slide.jpg",698,364,false],"1536x1536":["https:\/\/www.arquimaster.com.ar\/web\/wp-content\/uploads\/2019\/12\/aires_buenos_aires_slide.jpg",698,364,false],"2048x2048":["https:\/\/www.arquimaster.com.ar\/web\/wp-content\/uploads\/2019\/12\/aires_buenos_aires_slide.jpg",698,364,false]},"uagb_author_info":{"display_name":"Arquimaster","author_link":"https:\/\/www.arquimaster.com.ar\/web\/author\/arquimaster\/"},"uagb_comment_info":0,"uagb_excerpt":"Mezcla de escultura y \u00e1rbol, hecha por el hombre con y para la naturaleza, interpela al p\u00fablico...","_links":{"self":[{"href":"https:\/\/www.arquimaster.com.ar\/web\/wp-json\/wp\/v2\/posts\/51534","targetHints":{"allow":["GET"]}}],"collection":[{"href":"https:\/\/www.arquimaster.com.ar\/web\/wp-json\/wp\/v2\/posts"}],"about":[{"href":"https:\/\/www.arquimaster.com.ar\/web\/wp-json\/wp\/v2\/types\/post"}],"author":[{"embeddable":true,"href":"https:\/\/www.arquimaster.com.ar\/web\/wp-json\/wp\/v2\/users\/1"}],"replies":[{"embeddable":true,"href":"https:\/\/www.arquimaster.com.ar\/web\/wp-json\/wp\/v2\/comments?post=51534"}],"version-history":[{"count":2,"href":"https:\/\/www.arquimaster.com.ar\/web\/wp-json\/wp\/v2\/posts\/51534\/revisions"}],"predecessor-version":[{"id":51542,"href":"https:\/\/www.arquimaster.com.ar\/web\/wp-json\/wp\/v2\/posts\/51534\/revisions\/51542"}],"wp:featuredmedia":[{"embeddable":true,"href":"https:\/\/www.arquimaster.com.ar\/web\/wp-json\/wp\/v2\/media\/51539"}],"wp:attachment":[{"href":"https:\/\/www.arquimaster.com.ar\/web\/wp-json\/wp\/v2\/media?parent=51534"}],"wp:term":[{"taxonomy":"category","embeddable":true,"href":"https:\/\/www.arquimaster.com.ar\/web\/wp-json\/wp\/v2\/categories?post=51534"},{"taxonomy":"post_tag","embeddable":true,"href":"https:\/\/www.arquimaster.com.ar\/web\/wp-json\/wp\/v2\/tags?post=51534"}],"curies":[{"name":"wp","href":"https:\/\/api.w.org\/{rel}","templated":true}]}}