{"id":51543,"date":"2019-12-13T16:46:32","date_gmt":"2019-12-13T19:46:32","guid":{"rendered":"https:\/\/www.arquimaster.com.ar\/web\/?p=51543"},"modified":"2025-08-04T14:42:32","modified_gmt":"2025-08-04T17:42:32","slug":"la-reinvencion-del-plato-de-madera","status":"publish","type":"post","link":"https:\/\/www.arquimaster.com.ar\/web\/la-reinvencion-del-plato-de-madera\/","title":{"rendered":"La reinvenci\u00f3n del plato de madera"},"content":{"rendered":"<div style=\"margin-top: 0px; margin-bottom: 0px;\" class=\"sharethis-inline-share-buttons\" ><\/div><div class=\"b812932af2e751442846f039925109de\" data-index=\"1\" style=\"float: none; margin:25px 0 25px 0; text-align:center;\">\n<script async src=\"https:\/\/pagead2.googlesyndication.com\/pagead\/js\/adsbygoogle.js\"><\/script>\r\n<!-- Arquimaster (superior) -->\r\n<ins class=\"adsbygoogle\"\r\n     style=\"display:block\"\r\n     data-ad-client=\"ca-pub-6351072698456832\"\r\n     data-ad-slot=\"6455489680\"\r\n     data-ad-format=\"auto\"\r\n     data-full-width-responsive=\"true\"><\/ins>\r\n<script>\r\n     (adsbygoogle = window.adsbygoogle || []).push({});\r\n<\/script>\n<\/div>\n<p><em><strong>Con un dise\u00f1o minimalista y elegante, la dise\u00f1adora Mar\u00eda Gim\u00e9nez propone cambiar la manera de servir y disfrutar del cl\u00e1sico asado.<\/strong><\/em><\/p>\n<p>En los \u00faltimos a\u00f1os, se ha redescubierto el valor de volver a lo simple. Poder conectarse con un producto artesanal, hecho a mano, visualizar el elemento desde su origen: eso es el lujo hoy. Con el foco en la calidad de la materia prima, un cuidado proceso de\u00a0 elaboraci\u00f3n y un dise\u00f1o simple y funcional, MG lanza su nueva colecci\u00f3n de platos de madera.<\/p>\n<div id='gallery-1' class='gallery galleryid-51543 gallery-columns-3 gallery-size-thumbnail'><figure class='gallery-item'>\n\t\t\t<div class='gallery-icon landscape'>\n\t\t\t\t<a href='https:\/\/www.arquimaster.com.ar\/web\/wp-content\/uploads\/2019\/12\/plato_madera1.jpg' title=\"La reinvenci\u00f3n del plato de madera\" data-rl_title=\"La reinvenci\u00f3n del plato de madera\" class=\"rl-gallery-link\" data-rl_caption=\"La reinvenci\u00f3n del plato de madera\" data-rel=\"lightbox-gallery-1\"><img loading=\"lazy\" decoding=\"async\" width=\"150\" height=\"150\" src=\"https:\/\/www.arquimaster.com.ar\/web\/wp-content\/uploads\/2019\/12\/plato_madera1-150x150.jpg\" class=\"attachment-thumbnail size-thumbnail\" alt=\"\" aria-describedby=\"gallery-1-51545\" \/><\/a>\n\t\t\t<\/div>\n\t\t\t\t<figcaption class='wp-caption-text gallery-caption' id='gallery-1-51545'>\n\t\t\t\tLa reinvenci\u00f3n del plato de madera\n\t\t\t\t<\/figcaption><\/figure><figure class='gallery-item'>\n\t\t\t<div class='gallery-icon portrait'>\n\t\t\t\t<a href='https:\/\/www.arquimaster.com.ar\/web\/wp-content\/uploads\/2019\/12\/plato_madera2.jpg' title=\"La reinvenci\u00f3n del plato de madera\" data-rl_title=\"La reinvenci\u00f3n del plato de madera\" class=\"rl-gallery-link\" data-rl_caption=\"La reinvenci\u00f3n del plato de madera\" data-rel=\"lightbox-gallery-1\"><img loading=\"lazy\" decoding=\"async\" width=\"150\" height=\"150\" src=\"https:\/\/www.arquimaster.com.ar\/web\/wp-content\/uploads\/2019\/12\/plato_madera2-150x150.jpg\" class=\"attachment-thumbnail size-thumbnail\" alt=\"\" aria-describedby=\"gallery-1-51546\" \/><\/a>\n\t\t\t<\/div>\n\t\t\t\t<figcaption class='wp-caption-text gallery-caption' id='gallery-1-51546'>\n\t\t\t\tLa reinvenci\u00f3n del plato de madera\n\t\t\t\t<\/figcaption><\/figure><figure class='gallery-item'>\n\t\t\t<div class='gallery-icon portrait'>\n\t\t\t\t<a href='https:\/\/www.arquimaster.com.ar\/web\/wp-content\/uploads\/2019\/12\/plato_madera3.jpg' title=\"La reinvenci\u00f3n del plato de madera\" data-rl_title=\"La reinvenci\u00f3n del plato de madera\" class=\"rl-gallery-link\" data-rl_caption=\"La reinvenci\u00f3n del plato de madera\" data-rel=\"lightbox-gallery-1\"><img loading=\"lazy\" decoding=\"async\" width=\"150\" height=\"150\" src=\"https:\/\/www.arquimaster.com.ar\/web\/wp-content\/uploads\/2019\/12\/plato_madera3-150x150.jpg\" class=\"attachment-thumbnail size-thumbnail\" alt=\"\" aria-describedby=\"gallery-1-51547\" \/><\/a>\n\t\t\t<\/div>\n\t\t\t\t<figcaption class='wp-caption-text gallery-caption' id='gallery-1-51547'>\n\t\t\t\tLa reinvenci\u00f3n del plato de madera\n\t\t\t\t<\/figcaption><\/figure><figure class='gallery-item'>\n\t\t\t<div class='gallery-icon portrait'>\n\t\t\t\t<a href='https:\/\/www.arquimaster.com.ar\/web\/wp-content\/uploads\/2019\/12\/plato_madera4.jpg' title=\"La reinvenci\u00f3n del plato de madera\" data-rl_title=\"La reinvenci\u00f3n del plato de madera\" class=\"rl-gallery-link\" data-rl_caption=\"La reinvenci\u00f3n del plato de madera\" data-rel=\"lightbox-gallery-1\"><img loading=\"lazy\" decoding=\"async\" width=\"150\" height=\"150\" src=\"https:\/\/www.arquimaster.com.ar\/web\/wp-content\/uploads\/2019\/12\/plato_madera4-150x150.jpg\" class=\"attachment-thumbnail size-thumbnail\" alt=\"\" aria-describedby=\"gallery-1-51548\" \/><\/a>\n\t\t\t<\/div>\n\t\t\t\t<figcaption class='wp-caption-text gallery-caption' id='gallery-1-51548'>\n\t\t\t\tLa reinvenci\u00f3n del plato de madera\n\t\t\t\t<\/figcaption><\/figure><figure class='gallery-item'>\n\t\t\t<div class='gallery-icon portrait'>\n\t\t\t\t<a href='https:\/\/www.arquimaster.com.ar\/web\/wp-content\/uploads\/2019\/12\/plato_madera5.jpg' title=\"La reinvenci\u00f3n del plato de madera\" data-rl_title=\"La reinvenci\u00f3n del plato de madera\" class=\"rl-gallery-link\" data-rl_caption=\"La reinvenci\u00f3n del plato de madera\" data-rel=\"lightbox-gallery-1\"><img loading=\"lazy\" decoding=\"async\" width=\"150\" height=\"150\" src=\"https:\/\/www.arquimaster.com.ar\/web\/wp-content\/uploads\/2019\/12\/plato_madera5-150x150.jpg\" class=\"attachment-thumbnail size-thumbnail\" alt=\"\" aria-describedby=\"gallery-1-51549\" \/><\/a>\n\t\t\t<\/div>\n\t\t\t\t<figcaption class='wp-caption-text gallery-caption' id='gallery-1-51549'>\n\t\t\t\tLa reinvenci\u00f3n del plato de madera\n\t\t\t\t<\/figcaption><\/figure><figure class='gallery-item'>\n\t\t\t<div class='gallery-icon portrait'>\n\t\t\t\t<a href='https:\/\/www.arquimaster.com.ar\/web\/wp-content\/uploads\/2019\/12\/plato_madera6.jpg' title=\"La reinvenci\u00f3n del plato de madera\" data-rl_title=\"La reinvenci\u00f3n del plato de madera\" class=\"rl-gallery-link\" data-rl_caption=\"La reinvenci\u00f3n del plato de madera\" data-rel=\"lightbox-gallery-1\"><img loading=\"lazy\" decoding=\"async\" width=\"150\" height=\"150\" src=\"https:\/\/www.arquimaster.com.ar\/web\/wp-content\/uploads\/2019\/12\/plato_madera6-150x150.jpg\" class=\"attachment-thumbnail size-thumbnail\" alt=\"\" aria-describedby=\"gallery-1-51550\" \/><\/a>\n\t\t\t<\/div>\n\t\t\t\t<figcaption class='wp-caption-text gallery-caption' id='gallery-1-51550'>\n\t\t\t\tLa reinvenci\u00f3n del plato de madera\n\t\t\t\t<\/figcaption><\/figure><figure class='gallery-item'>\n\t\t\t<div class='gallery-icon portrait'>\n\t\t\t\t<a href='https:\/\/www.arquimaster.com.ar\/web\/wp-content\/uploads\/2019\/12\/plato_madera7.jpg' title=\"La reinvenci\u00f3n del plato de madera\" data-rl_title=\"La reinvenci\u00f3n del plato de madera\" class=\"rl-gallery-link\" data-rl_caption=\"La reinvenci\u00f3n del plato de madera\" data-rel=\"lightbox-gallery-1\"><img loading=\"lazy\" decoding=\"async\" width=\"150\" height=\"150\" src=\"https:\/\/www.arquimaster.com.ar\/web\/wp-content\/uploads\/2019\/12\/plato_madera7-150x150.jpg\" class=\"attachment-thumbnail size-thumbnail\" alt=\"\" aria-describedby=\"gallery-1-51551\" \/><\/a>\n\t\t\t<\/div>\n\t\t\t\t<figcaption class='wp-caption-text gallery-caption' id='gallery-1-51551'>\n\t\t\t\tLa reinvenci\u00f3n del plato de madera\n\t\t\t\t<\/figcaption><\/figure><figure class='gallery-item'>\n\t\t\t<div class='gallery-icon portrait'>\n\t\t\t\t<a href='https:\/\/www.arquimaster.com.ar\/web\/wp-content\/uploads\/2019\/12\/plato_madera8.jpg' title=\"La reinvenci\u00f3n del plato de madera\" data-rl_title=\"La reinvenci\u00f3n del plato de madera\" class=\"rl-gallery-link\" data-rl_caption=\"La reinvenci\u00f3n del plato de madera\" data-rel=\"lightbox-gallery-1\"><img loading=\"lazy\" decoding=\"async\" width=\"150\" height=\"150\" src=\"https:\/\/www.arquimaster.com.ar\/web\/wp-content\/uploads\/2019\/12\/plato_madera8-150x150.jpg\" class=\"attachment-thumbnail size-thumbnail\" alt=\"\" aria-describedby=\"gallery-1-51552\" \/><\/a>\n\t\t\t<\/div>\n\t\t\t\t<figcaption class='wp-caption-text gallery-caption' id='gallery-1-51552'>\n\t\t\t\tLa reinvenci\u00f3n del plato de madera\n\t\t\t\t<\/figcaption><\/figure><figure class='gallery-item'>\n\t\t\t<div class='gallery-icon landscape'>\n\t\t\t\t<a href='https:\/\/www.arquimaster.com.ar\/web\/wp-content\/uploads\/2019\/12\/plato_madera9.jpg' title=\"La reinvenci\u00f3n del plato de madera\" data-rl_title=\"La reinvenci\u00f3n del plato de madera\" class=\"rl-gallery-link\" data-rl_caption=\"La reinvenci\u00f3n del plato de madera\" data-rel=\"lightbox-gallery-1\"><img loading=\"lazy\" decoding=\"async\" width=\"150\" height=\"150\" src=\"https:\/\/www.arquimaster.com.ar\/web\/wp-content\/uploads\/2019\/12\/plato_madera9-150x150.jpg\" class=\"attachment-thumbnail size-thumbnail\" alt=\"\" aria-describedby=\"gallery-1-51553\" \/><\/a>\n\t\t\t<\/div>\n\t\t\t\t<figcaption class='wp-caption-text gallery-caption' id='gallery-1-51553'>\n\t\t\t\tLa reinvenci\u00f3n del plato de madera\n\t\t\t\t<\/figcaption><\/figure><figure class='gallery-item'>\n\t\t\t<div class='gallery-icon landscape'>\n\t\t\t\t<a href='https:\/\/www.arquimaster.com.ar\/web\/wp-content\/uploads\/2019\/12\/plato_madera10.jpg' title=\"La reinvenci\u00f3n del plato de madera\" data-rl_title=\"La reinvenci\u00f3n del plato de madera\" class=\"rl-gallery-link\" data-rl_caption=\"La reinvenci\u00f3n del plato de madera\" data-rel=\"lightbox-gallery-1\"><img loading=\"lazy\" decoding=\"async\" width=\"150\" height=\"150\" src=\"https:\/\/www.arquimaster.com.ar\/web\/wp-content\/uploads\/2019\/12\/plato_madera10-150x150.jpg\" class=\"attachment-thumbnail size-thumbnail\" alt=\"\" aria-describedby=\"gallery-1-51554\" \/><\/a>\n\t\t\t<\/div>\n\t\t\t\t<figcaption class='wp-caption-text gallery-caption' id='gallery-1-51554'>\n\t\t\t\tLa reinvenci\u00f3n del plato de madera\n\t\t\t\t<\/figcaption><\/figure><figure class='gallery-item'>\n\t\t\t<div class='gallery-icon landscape'>\n\t\t\t\t<a href='https:\/\/www.arquimaster.com.ar\/web\/wp-content\/uploads\/2019\/12\/plato_madera11.jpg' title=\"La reinvenci\u00f3n del plato de madera\" data-rl_title=\"La reinvenci\u00f3n del plato de madera\" class=\"rl-gallery-link\" data-rl_caption=\"La reinvenci\u00f3n del plato de madera\" data-rel=\"lightbox-gallery-1\"><img loading=\"lazy\" decoding=\"async\" width=\"150\" height=\"150\" src=\"https:\/\/www.arquimaster.com.ar\/web\/wp-content\/uploads\/2019\/12\/plato_madera11-150x150.jpg\" class=\"attachment-thumbnail size-thumbnail\" alt=\"\" aria-describedby=\"gallery-1-51555\" \/><\/a>\n\t\t\t<\/div>\n\t\t\t\t<figcaption class='wp-caption-text gallery-caption' id='gallery-1-51555'>\n\t\t\t\tLa reinvenci\u00f3n del plato de madera\n\t\t\t\t<\/figcaption><\/figure>\n\t\t<\/div>\n\n<p>MG propone reinterpretar el cl\u00e1sico plato de madera de asado, para convertirlo en una verdadera pieza de decoraci\u00f3n, funcional y c\u00f3modo a la vez. Trabajando artesanalmente un material tan noble como la madera, cada pieza es \u00fanica e irrepetible, mientras todas expresan un cuidado dise\u00f1o y una calidad insuperable.<\/p>\n<p>Los nuevos platos MG se lanzan bajo las iniciales del nombre de su creadora, la fot\u00f3grafa y decoradora, Mar\u00eda Gim\u00e9nez. Con la presentaci\u00f3n de su nuevo proyecto, Mar\u00eda contin\u00faa apostando al dise\u00f1o local. Cada plato se elabora artesanalmente con madera Cedro Arana de Brasil y luego se curan uno por uno en aceite para generar una suave p\u00e1tina y proteger la superficie. Las Marinas, la empresa que fabrica los platos, se destaca por su compromiso con el medioambiente y el cuidado de recursos, aprovechando el \u00e1rbol en su totalidad para la elaboraci\u00f3n de los platos.<\/p>\n<p>Desde vestir la mesa de todos los d\u00edas, para una comida especial y hasta para decorar una habitaci\u00f3n, los platos MG se adaptan con versatilidad a muchos usos con un estilo simple y elegante. Las piezas est\u00e1n disponibles en tres tama\u00f1os: los m\u00e1s peque\u00f1os son de 29 cm de di\u00e1metro, el tama\u00f1o intermedio de 34 cm y los m\u00e1s grandes de 38 cm. Al ser m\u00e1s grandes que los t\u00edpicos platos de madera, la experiencia de comer sobre ellos es mucho m\u00e1s c\u00f3moda y resultan ideales para disfrutar en espacios amplios, como jardines, quinchos y quintas. Al mismo tiempo, su poco peso permite facilidad de maniobra y lavado.<\/p>\n<p>MG cuenta con distintos puntos de venta, online y f\u00edsicos.<\/p>\n\n<div style=\"font-size: 0px; height: 0px; line-height: 0px; margin: 0; padding: 0; clear: both;\"><\/div><div style=\"margin-top: 0px; margin-bottom: 0px;\" class=\"sharethis-inline-share-buttons\" ><\/div>","protected":false},"excerpt":{"rendered":"<p>Propuesta de la dise\u00f1adora Mar\u00eda Gim\u00e9nez, con un dise\u00f1o minimalista y elegante&#8230;<\/p>\n","protected":false},"author":1,"featured_media":51544,"comment_status":"closed","ping_status":"closed","sticky":false,"template":"","format":"standard","meta":{"_uag_custom_page_level_css":"","footnotes":""},"categories":[55,56],"tags":[4424,5549,701,5547,5548,5545,5546],"class_list":["post-51543","post","type-post","status-publish","format-standard","has-post-thumbnail","hentry","category-diseno","category-diseno-interior-decoracion","tag-bazar","tag-las-marinas","tag-madera","tag-maria-gimenez","tag-mg","tag-plato-de-madera","tag-platos","generate-columns","tablet-grid-50","mobile-grid-100","grid-parent","grid-50"],"yoast_head":"<!-- This site is optimized with the Yoast SEO plugin v27.3 - https:\/\/yoast.com\/product\/yoast-seo-wordpress\/ -->\n<title>La reinvenci\u00f3n del plato de madera - Arquimaster<\/title>\n<meta name=\"description\" content=\"Con un dise\u00f1o minimalista y elegante, la dise\u00f1adora Mar\u00eda Gim\u00e9nez propone cambiar la manera de servir y disfrutar del cl\u00e1sico asado.\" \/>\n<meta name=\"robots\" content=\"index, follow, max-snippet:-1, max-image-preview:large, max-video-preview:-1\" \/>\n<link rel=\"canonical\" href=\"https:\/\/www.arquimaster.com.ar\/web\/la-reinvencion-del-plato-de-madera\/\" \/>\n<meta property=\"og:locale\" content=\"es_ES\" \/>\n<meta property=\"og:type\" content=\"article\" \/>\n<meta property=\"og:title\" content=\"La reinvenci\u00f3n del plato de madera\" \/>\n<meta property=\"og:description\" content=\"Con un dise\u00f1o minimalista y elegante, la dise\u00f1adora Mar\u00eda Gim\u00e9nez propone cambiar la manera de servir y disfrutar del cl\u00e1sico asado.\" \/>\n<meta property=\"og:url\" content=\"https:\/\/www.arquimaster.com.ar\/web\/la-reinvencion-del-plato-de-madera\/\" \/>\n<meta property=\"og:site_name\" content=\"Arquimaster\" \/>\n<meta property=\"article:publisher\" content=\"http:\/\/www.facebook.com\/ARQUIMASTER.com.ar\" \/>\n<meta property=\"article:published_time\" content=\"2019-12-13T19:46:32+00:00\" \/>\n<meta property=\"article:modified_time\" content=\"2025-08-04T17:42:32+00:00\" \/>\n<meta property=\"og:image\" content=\"https:\/\/www.arquimaster.com.ar\/web\/wp-content\/uploads\/2019\/12\/plato_madera_slide.jpg\" \/>\n\t<meta property=\"og:image:width\" content=\"698\" \/>\n\t<meta property=\"og:image:height\" content=\"364\" \/>\n\t<meta property=\"og:image:type\" content=\"image\/jpeg\" \/>\n<meta name=\"author\" content=\"Arquimaster\" \/>\n<meta name=\"twitter:card\" content=\"summary_large_image\" \/>\n<meta name=\"twitter:title\" content=\"La reinvenci\u00f3n del plato de madera\" \/>\n<meta name=\"twitter:description\" content=\"Con un dise\u00f1o minimalista y elegante, la dise\u00f1adora Mar\u00eda Gim\u00e9nez propone cambiar la manera de servir y disfrutar del cl\u00e1sico asado.\" \/>\n<meta name=\"twitter:image\" content=\"https:\/\/www.arquimaster.com.ar\/web\/wp-content\/uploads\/2019\/12\/plato_madera_slide.jpg\" \/>\n<meta name=\"twitter:creator\" content=\"@arquimaster\" \/>\n<meta name=\"twitter:site\" content=\"@arquimaster\" \/>\n<meta name=\"twitter:label1\" content=\"Escrito por\" \/>\n\t<meta name=\"twitter:data1\" content=\"Arquimaster\" \/>\n\t<meta name=\"twitter:label2\" content=\"Tiempo de lectura\" \/>\n\t<meta name=\"twitter:data2\" content=\"2 minutos\" \/>\n<script type=\"application\/ld+json\" class=\"yoast-schema-graph\">{\"@context\":\"https:\\\/\\\/schema.org\",\"@graph\":[{\"@type\":\"Article\",\"@id\":\"https:\\\/\\\/www.arquimaster.com.ar\\\/web\\\/la-reinvencion-del-plato-de-madera\\\/#article\",\"isPartOf\":{\"@id\":\"https:\\\/\\\/www.arquimaster.com.ar\\\/web\\\/la-reinvencion-del-plato-de-madera\\\/\"},\"author\":{\"name\":\"Arquimaster\",\"@id\":\"https:\\\/\\\/www.arquimaster.com.ar\\\/web\\\/#\\\/schema\\\/person\\\/359e9f7c00193fcde068e0dd2ceb0028\"},\"headline\":\"La reinvenci\u00f3n del plato de madera\",\"datePublished\":\"2019-12-13T19:46:32+00:00\",\"dateModified\":\"2025-08-04T17:42:32+00:00\",\"mainEntityOfPage\":{\"@id\":\"https:\\\/\\\/www.arquimaster.com.ar\\\/web\\\/la-reinvencion-del-plato-de-madera\\\/\"},\"wordCount\":391,\"publisher\":{\"@id\":\"https:\\\/\\\/www.arquimaster.com.ar\\\/web\\\/#organization\"},\"image\":{\"@id\":\"https:\\\/\\\/www.arquimaster.com.ar\\\/web\\\/la-reinvencion-del-plato-de-madera\\\/#primaryimage\"},\"thumbnailUrl\":\"https:\\\/\\\/www.arquimaster.com.ar\\\/web\\\/wp-content\\\/uploads\\\/2019\\\/12\\\/plato_madera_slide.jpg\",\"keywords\":[\"bazar\",\"Las Marinas\",\"madera\",\"Mar\u00eda Gim\u00e9nez\",\"MG\",\"plato de madera\",\"platos\"],\"articleSection\":[\"Dise\u00f1o\",\"Dise\u00f1o interior y decoracion\"],\"inLanguage\":\"es\"},{\"@type\":\"WebPage\",\"@id\":\"https:\\\/\\\/www.arquimaster.com.ar\\\/web\\\/la-reinvencion-del-plato-de-madera\\\/\",\"url\":\"https:\\\/\\\/www.arquimaster.com.ar\\\/web\\\/la-reinvencion-del-plato-de-madera\\\/\",\"name\":\"La reinvenci\u00f3n del plato de madera - Arquimaster\",\"isPartOf\":{\"@id\":\"https:\\\/\\\/www.arquimaster.com.ar\\\/web\\\/#website\"},\"primaryImageOfPage\":{\"@id\":\"https:\\\/\\\/www.arquimaster.com.ar\\\/web\\\/la-reinvencion-del-plato-de-madera\\\/#primaryimage\"},\"image\":{\"@id\":\"https:\\\/\\\/www.arquimaster.com.ar\\\/web\\\/la-reinvencion-del-plato-de-madera\\\/#primaryimage\"},\"thumbnailUrl\":\"https:\\\/\\\/www.arquimaster.com.ar\\\/web\\\/wp-content\\\/uploads\\\/2019\\\/12\\\/plato_madera_slide.jpg\",\"datePublished\":\"2019-12-13T19:46:32+00:00\",\"dateModified\":\"2025-08-04T17:42:32+00:00\",\"description\":\"Con un dise\u00f1o minimalista y elegante, la dise\u00f1adora Mar\u00eda Gim\u00e9nez propone cambiar la manera de servir y disfrutar del cl\u00e1sico asado.\",\"breadcrumb\":{\"@id\":\"https:\\\/\\\/www.arquimaster.com.ar\\\/web\\\/la-reinvencion-del-plato-de-madera\\\/#breadcrumb\"},\"inLanguage\":\"es\",\"potentialAction\":[{\"@type\":\"ReadAction\",\"target\":[\"https:\\\/\\\/www.arquimaster.com.ar\\\/web\\\/la-reinvencion-del-plato-de-madera\\\/\"]}]},{\"@type\":\"ImageObject\",\"inLanguage\":\"es\",\"@id\":\"https:\\\/\\\/www.arquimaster.com.ar\\\/web\\\/la-reinvencion-del-plato-de-madera\\\/#primaryimage\",\"url\":\"https:\\\/\\\/www.arquimaster.com.ar\\\/web\\\/wp-content\\\/uploads\\\/2019\\\/12\\\/plato_madera_slide.jpg\",\"contentUrl\":\"https:\\\/\\\/www.arquimaster.com.ar\\\/web\\\/wp-content\\\/uploads\\\/2019\\\/12\\\/plato_madera_slide.jpg\",\"width\":698,\"height\":364},{\"@type\":\"BreadcrumbList\",\"@id\":\"https:\\\/\\\/www.arquimaster.com.ar\\\/web\\\/la-reinvencion-del-plato-de-madera\\\/#breadcrumb\",\"itemListElement\":[{\"@type\":\"ListItem\",\"position\":1,\"name\":\"Portada\",\"item\":\"https:\\\/\\\/www.arquimaster.com.ar\\\/web\\\/\"},{\"@type\":\"ListItem\",\"position\":2,\"name\":\"La reinvenci\u00f3n del plato de madera\"}]},{\"@type\":\"WebSite\",\"@id\":\"https:\\\/\\\/www.arquimaster.com.ar\\\/web\\\/#website\",\"url\":\"https:\\\/\\\/www.arquimaster.com.ar\\\/web\\\/\",\"name\":\"Arquimaster\",\"description\":\"Web de arquitectura, dise\u00f1o y construccion\",\"publisher\":{\"@id\":\"https:\\\/\\\/www.arquimaster.com.ar\\\/web\\\/#organization\"},\"potentialAction\":[{\"@type\":\"SearchAction\",\"target\":{\"@type\":\"EntryPoint\",\"urlTemplate\":\"https:\\\/\\\/www.arquimaster.com.ar\\\/web\\\/?s={search_term_string}\"},\"query-input\":{\"@type\":\"PropertyValueSpecification\",\"valueRequired\":true,\"valueName\":\"search_term_string\"}}],\"inLanguage\":\"es\"},{\"@type\":\"Organization\",\"@id\":\"https:\\\/\\\/www.arquimaster.com.ar\\\/web\\\/#organization\",\"name\":\"Arquimaster\",\"url\":\"https:\\\/\\\/www.arquimaster.com.ar\\\/web\\\/\",\"logo\":{\"@type\":\"ImageObject\",\"inLanguage\":\"es\",\"@id\":\"https:\\\/\\\/www.arquimaster.com.ar\\\/web\\\/#\\\/schema\\\/logo\\\/image\\\/\",\"url\":\"https:\\\/\\\/www.arquimaster.com.ar\\\/web\\\/wp-content\\\/uploads\\\/2022\\\/06\\\/arquimaster.png\",\"contentUrl\":\"https:\\\/\\\/www.arquimaster.com.ar\\\/web\\\/wp-content\\\/uploads\\\/2022\\\/06\\\/arquimaster.png\",\"width\":594,\"height\":78,\"caption\":\"Arquimaster\"},\"image\":{\"@id\":\"https:\\\/\\\/www.arquimaster.com.ar\\\/web\\\/#\\\/schema\\\/logo\\\/image\\\/\"},\"sameAs\":[\"http:\\\/\\\/www.facebook.com\\\/ARQUIMASTER.com.ar\",\"https:\\\/\\\/x.com\\\/arquimaster\",\"https:\\\/\\\/www.instagram.com\\\/arquimasterblog\\\/\",\"https:\\\/\\\/www.linkedin.com\\\/company\\\/arquimaster\",\"https:\\\/\\\/www.pinterest.com\\\/arquimaster\",\"https:\\\/\\\/t.me\\\/arquimaster\"]},{\"@type\":\"Person\",\"@id\":\"https:\\\/\\\/www.arquimaster.com.ar\\\/web\\\/#\\\/schema\\\/person\\\/359e9f7c00193fcde068e0dd2ceb0028\",\"name\":\"Arquimaster\"}]}<\/script>\n<!-- \/ Yoast SEO plugin. -->","yoast_head_json":{"title":"La reinvenci\u00f3n del plato de madera - Arquimaster","description":"Con un dise\u00f1o minimalista y elegante, la dise\u00f1adora Mar\u00eda Gim\u00e9nez propone cambiar la manera de servir y disfrutar del cl\u00e1sico asado.","robots":{"index":"index","follow":"follow","max-snippet":"max-snippet:-1","max-image-preview":"max-image-preview:large","max-video-preview":"max-video-preview:-1"},"canonical":"https:\/\/www.arquimaster.com.ar\/web\/la-reinvencion-del-plato-de-madera\/","og_locale":"es_ES","og_type":"article","og_title":"La reinvenci\u00f3n del plato de madera","og_description":"Con un dise\u00f1o minimalista y elegante, la dise\u00f1adora Mar\u00eda Gim\u00e9nez propone cambiar la manera de servir y disfrutar del cl\u00e1sico asado.","og_url":"https:\/\/www.arquimaster.com.ar\/web\/la-reinvencion-del-plato-de-madera\/","og_site_name":"Arquimaster","article_publisher":"http:\/\/www.facebook.com\/ARQUIMASTER.com.ar","article_published_time":"2019-12-13T19:46:32+00:00","article_modified_time":"2025-08-04T17:42:32+00:00","og_image":[{"width":698,"height":364,"url":"https:\/\/www.arquimaster.com.ar\/web\/wp-content\/uploads\/2019\/12\/plato_madera_slide.jpg","type":"image\/jpeg"}],"author":"Arquimaster","twitter_card":"summary_large_image","twitter_title":"La reinvenci\u00f3n del plato de madera","twitter_description":"Con un dise\u00f1o minimalista y elegante, la dise\u00f1adora Mar\u00eda Gim\u00e9nez propone cambiar la manera de servir y disfrutar del cl\u00e1sico asado.","twitter_image":"https:\/\/www.arquimaster.com.ar\/web\/wp-content\/uploads\/2019\/12\/plato_madera_slide.jpg","twitter_creator":"@arquimaster","twitter_site":"@arquimaster","twitter_misc":{"Escrito por":"Arquimaster","Tiempo de lectura":"2 minutos"},"schema":{"@context":"https:\/\/schema.org","@graph":[{"@type":"Article","@id":"https:\/\/www.arquimaster.com.ar\/web\/la-reinvencion-del-plato-de-madera\/#article","isPartOf":{"@id":"https:\/\/www.arquimaster.com.ar\/web\/la-reinvencion-del-plato-de-madera\/"},"author":{"name":"Arquimaster","@id":"https:\/\/www.arquimaster.com.ar\/web\/#\/schema\/person\/359e9f7c00193fcde068e0dd2ceb0028"},"headline":"La reinvenci\u00f3n del plato de madera","datePublished":"2019-12-13T19:46:32+00:00","dateModified":"2025-08-04T17:42:32+00:00","mainEntityOfPage":{"@id":"https:\/\/www.arquimaster.com.ar\/web\/la-reinvencion-del-plato-de-madera\/"},"wordCount":391,"publisher":{"@id":"https:\/\/www.arquimaster.com.ar\/web\/#organization"},"image":{"@id":"https:\/\/www.arquimaster.com.ar\/web\/la-reinvencion-del-plato-de-madera\/#primaryimage"},"thumbnailUrl":"https:\/\/www.arquimaster.com.ar\/web\/wp-content\/uploads\/2019\/12\/plato_madera_slide.jpg","keywords":["bazar","Las Marinas","madera","Mar\u00eda Gim\u00e9nez","MG","plato de madera","platos"],"articleSection":["Dise\u00f1o","Dise\u00f1o interior y decoracion"],"inLanguage":"es"},{"@type":"WebPage","@id":"https:\/\/www.arquimaster.com.ar\/web\/la-reinvencion-del-plato-de-madera\/","url":"https:\/\/www.arquimaster.com.ar\/web\/la-reinvencion-del-plato-de-madera\/","name":"La reinvenci\u00f3n del plato de madera - Arquimaster","isPartOf":{"@id":"https:\/\/www.arquimaster.com.ar\/web\/#website"},"primaryImageOfPage":{"@id":"https:\/\/www.arquimaster.com.ar\/web\/la-reinvencion-del-plato-de-madera\/#primaryimage"},"image":{"@id":"https:\/\/www.arquimaster.com.ar\/web\/la-reinvencion-del-plato-de-madera\/#primaryimage"},"thumbnailUrl":"https:\/\/www.arquimaster.com.ar\/web\/wp-content\/uploads\/2019\/12\/plato_madera_slide.jpg","datePublished":"2019-12-13T19:46:32+00:00","dateModified":"2025-08-04T17:42:32+00:00","description":"Con un dise\u00f1o minimalista y elegante, la dise\u00f1adora Mar\u00eda Gim\u00e9nez propone cambiar la manera de servir y disfrutar del cl\u00e1sico asado.","breadcrumb":{"@id":"https:\/\/www.arquimaster.com.ar\/web\/la-reinvencion-del-plato-de-madera\/#breadcrumb"},"inLanguage":"es","potentialAction":[{"@type":"ReadAction","target":["https:\/\/www.arquimaster.com.ar\/web\/la-reinvencion-del-plato-de-madera\/"]}]},{"@type":"ImageObject","inLanguage":"es","@id":"https:\/\/www.arquimaster.com.ar\/web\/la-reinvencion-del-plato-de-madera\/#primaryimage","url":"https:\/\/www.arquimaster.com.ar\/web\/wp-content\/uploads\/2019\/12\/plato_madera_slide.jpg","contentUrl":"https:\/\/www.arquimaster.com.ar\/web\/wp-content\/uploads\/2019\/12\/plato_madera_slide.jpg","width":698,"height":364},{"@type":"BreadcrumbList","@id":"https:\/\/www.arquimaster.com.ar\/web\/la-reinvencion-del-plato-de-madera\/#breadcrumb","itemListElement":[{"@type":"ListItem","position":1,"name":"Portada","item":"https:\/\/www.arquimaster.com.ar\/web\/"},{"@type":"ListItem","position":2,"name":"La reinvenci\u00f3n del plato de madera"}]},{"@type":"WebSite","@id":"https:\/\/www.arquimaster.com.ar\/web\/#website","url":"https:\/\/www.arquimaster.com.ar\/web\/","name":"Arquimaster","description":"Web de arquitectura, dise\u00f1o y construccion","publisher":{"@id":"https:\/\/www.arquimaster.com.ar\/web\/#organization"},"potentialAction":[{"@type":"SearchAction","target":{"@type":"EntryPoint","urlTemplate":"https:\/\/www.arquimaster.com.ar\/web\/?s={search_term_string}"},"query-input":{"@type":"PropertyValueSpecification","valueRequired":true,"valueName":"search_term_string"}}],"inLanguage":"es"},{"@type":"Organization","@id":"https:\/\/www.arquimaster.com.ar\/web\/#organization","name":"Arquimaster","url":"https:\/\/www.arquimaster.com.ar\/web\/","logo":{"@type":"ImageObject","inLanguage":"es","@id":"https:\/\/www.arquimaster.com.ar\/web\/#\/schema\/logo\/image\/","url":"https:\/\/www.arquimaster.com.ar\/web\/wp-content\/uploads\/2022\/06\/arquimaster.png","contentUrl":"https:\/\/www.arquimaster.com.ar\/web\/wp-content\/uploads\/2022\/06\/arquimaster.png","width":594,"height":78,"caption":"Arquimaster"},"image":{"@id":"https:\/\/www.arquimaster.com.ar\/web\/#\/schema\/logo\/image\/"},"sameAs":["http:\/\/www.facebook.com\/ARQUIMASTER.com.ar","https:\/\/x.com\/arquimaster","https:\/\/www.instagram.com\/arquimasterblog\/","https:\/\/www.linkedin.com\/company\/arquimaster","https:\/\/www.pinterest.com\/arquimaster","https:\/\/t.me\/arquimaster"]},{"@type":"Person","@id":"https:\/\/www.arquimaster.com.ar\/web\/#\/schema\/person\/359e9f7c00193fcde068e0dd2ceb0028","name":"Arquimaster"}]}},"uagb_featured_image_src":{"full":["https:\/\/www.arquimaster.com.ar\/web\/wp-content\/uploads\/2019\/12\/plato_madera_slide.jpg",698,364,false],"thumbnail":["https:\/\/www.arquimaster.com.ar\/web\/wp-content\/uploads\/2019\/12\/plato_madera_slide-150x150.jpg",150,150,true],"medium":["https:\/\/www.arquimaster.com.ar\/web\/wp-content\/uploads\/2019\/12\/plato_madera_slide.jpg",698,364,false],"medium_large":["https:\/\/www.arquimaster.com.ar\/web\/wp-content\/uploads\/2019\/12\/plato_madera_slide.jpg",698,364,false],"large":["https:\/\/www.arquimaster.com.ar\/web\/wp-content\/uploads\/2019\/12\/plato_madera_slide.jpg",698,364,false],"1536x1536":["https:\/\/www.arquimaster.com.ar\/web\/wp-content\/uploads\/2019\/12\/plato_madera_slide.jpg",698,364,false],"2048x2048":["https:\/\/www.arquimaster.com.ar\/web\/wp-content\/uploads\/2019\/12\/plato_madera_slide.jpg",698,364,false]},"uagb_author_info":{"display_name":"Arquimaster","author_link":"https:\/\/www.arquimaster.com.ar\/web\/author\/arquimaster\/"},"uagb_comment_info":0,"uagb_excerpt":"Propuesta de la dise\u00f1adora Mar\u00eda Gim\u00e9nez, con un dise\u00f1o minimalista y elegante...","_links":{"self":[{"href":"https:\/\/www.arquimaster.com.ar\/web\/wp-json\/wp\/v2\/posts\/51543","targetHints":{"allow":["GET"]}}],"collection":[{"href":"https:\/\/www.arquimaster.com.ar\/web\/wp-json\/wp\/v2\/posts"}],"about":[{"href":"https:\/\/www.arquimaster.com.ar\/web\/wp-json\/wp\/v2\/types\/post"}],"author":[{"embeddable":true,"href":"https:\/\/www.arquimaster.com.ar\/web\/wp-json\/wp\/v2\/users\/1"}],"replies":[{"embeddable":true,"href":"https:\/\/www.arquimaster.com.ar\/web\/wp-json\/wp\/v2\/comments?post=51543"}],"version-history":[{"count":2,"href":"https:\/\/www.arquimaster.com.ar\/web\/wp-json\/wp\/v2\/posts\/51543\/revisions"}],"predecessor-version":[{"id":85566,"href":"https:\/\/www.arquimaster.com.ar\/web\/wp-json\/wp\/v2\/posts\/51543\/revisions\/85566"}],"wp:featuredmedia":[{"embeddable":true,"href":"https:\/\/www.arquimaster.com.ar\/web\/wp-json\/wp\/v2\/media\/51544"}],"wp:attachment":[{"href":"https:\/\/www.arquimaster.com.ar\/web\/wp-json\/wp\/v2\/media?parent=51543"}],"wp:term":[{"taxonomy":"category","embeddable":true,"href":"https:\/\/www.arquimaster.com.ar\/web\/wp-json\/wp\/v2\/categories?post=51543"},{"taxonomy":"post_tag","embeddable":true,"href":"https:\/\/www.arquimaster.com.ar\/web\/wp-json\/wp\/v2\/tags?post=51543"}],"curies":[{"name":"wp","href":"https:\/\/api.w.org\/{rel}","templated":true}]}}