{"id":51739,"date":"2019-12-19T17:37:35","date_gmt":"2019-12-19T20:37:35","guid":{"rendered":"https:\/\/www.arquimaster.com.ar\/web\/?p=51739"},"modified":"2019-12-19T17:38:44","modified_gmt":"2019-12-19T20:38:44","slug":"casa-va-bac-barrio-arquitectura-ciudad","status":"publish","type":"post","link":"https:\/\/www.arquimaster.com.ar\/web\/casa-va-bac-barrio-arquitectura-ciudad\/","title":{"rendered":"Casa VA \/ BAC Barrio Arquitectura Ciudad"},"content":{"rendered":"<div style=\"margin-top: 0px; margin-bottom: 0px;\" class=\"sharethis-inline-share-buttons\" ><\/div><div class=\"b812932af2e751442846f039925109de\" data-index=\"1\" style=\"float: none; margin:25px 0 25px 0; text-align:center;\">\n<script async src=\"https:\/\/pagead2.googlesyndication.com\/pagead\/js\/adsbygoogle.js\"><\/script>\r\n<!-- Arquimaster (superior) -->\r\n<ins class=\"adsbygoogle\"\r\n     style=\"display:block\"\r\n     data-ad-client=\"ca-pub-6351072698456832\"\r\n     data-ad-slot=\"6455489680\"\r\n     data-ad-format=\"auto\"\r\n     data-full-width-responsive=\"true\"><\/ins>\r\n<script>\r\n     (adsbygoogle = window.adsbygoogle || []).push({});\r\n<\/script>\n<\/div>\n<p><strong>Casa VA<\/strong> (Zapopan, Jalisco, M\u00e9xico) por <strong>BAC Barrio Arquitectura Ciudad<\/strong>. La propuesta aprovecha y potencializa la distribuci\u00f3n de la edificaci\u00f3n existente, libera muros para generar fluidez espacial y unificar el programa de dependencias. \u00abEl Encuentro\u00bb es la caracter\u00edstica principal de este proyecto de vivienda unifamiliar para una pareja con dos hijas.<\/p>\n<div id='gallery-1' class='gallery galleryid-51739 gallery-columns-3 gallery-size-thumbnail'><figure class='gallery-item'>\n\t\t\t<div class='gallery-icon portrait'>\n\t\t\t\t<a href='https:\/\/www.arquimaster.com.ar\/web\/wp-content\/uploads\/2019\/12\/casa_va1.jpg' title=\"Casa VA \/ BAC Barrio Arquitectura Ciudad (\u00a9 Cesar B\u00e9jar Studio)\" data-rl_title=\"Casa VA \/ BAC Barrio Arquitectura Ciudad (\u00a9 Cesar B\u00e9jar Studio)\" class=\"rl-gallery-link\" data-rl_caption=\"Casa VA \/ BAC Barrio Arquitectura Ciudad (\u00a9 Cesar B\u00e9jar Studio)\" data-rel=\"lightbox-gallery-1\"><img loading=\"lazy\" decoding=\"async\" width=\"150\" height=\"150\" src=\"https:\/\/www.arquimaster.com.ar\/web\/wp-content\/uploads\/2019\/12\/casa_va1-150x150.jpg\" class=\"attachment-thumbnail size-thumbnail\" alt=\"\" aria-describedby=\"gallery-1-51741\" \/><\/a>\n\t\t\t<\/div>\n\t\t\t\t<figcaption class='wp-caption-text gallery-caption' id='gallery-1-51741'>\n\t\t\t\tCasa VA \/ BAC Barrio Arquitectura Ciudad (\u00a9 Cesar B\u00e9jar Studio)\n\t\t\t\t<\/figcaption><\/figure><figure class='gallery-item'>\n\t\t\t<div class='gallery-icon portrait'>\n\t\t\t\t<a href='https:\/\/www.arquimaster.com.ar\/web\/wp-content\/uploads\/2019\/12\/casa_va2.jpg' title=\"Casa VA \/ BAC Barrio Arquitectura Ciudad (\u00a9 Cesar B\u00e9jar Studio)\" data-rl_title=\"Casa VA \/ BAC Barrio Arquitectura Ciudad (\u00a9 Cesar B\u00e9jar Studio)\" class=\"rl-gallery-link\" data-rl_caption=\"Casa VA \/ BAC Barrio Arquitectura Ciudad (\u00a9 Cesar B\u00e9jar Studio)\" data-rel=\"lightbox-gallery-1\"><img loading=\"lazy\" decoding=\"async\" width=\"150\" height=\"150\" src=\"https:\/\/www.arquimaster.com.ar\/web\/wp-content\/uploads\/2019\/12\/casa_va2-150x150.jpg\" class=\"attachment-thumbnail size-thumbnail\" alt=\"\" aria-describedby=\"gallery-1-51742\" \/><\/a>\n\t\t\t<\/div>\n\t\t\t\t<figcaption class='wp-caption-text gallery-caption' id='gallery-1-51742'>\n\t\t\t\tCasa VA \/ BAC Barrio Arquitectura Ciudad (\u00a9 Cesar B\u00e9jar Studio)\n\t\t\t\t<\/figcaption><\/figure><figure class='gallery-item'>\n\t\t\t<div class='gallery-icon portrait'>\n\t\t\t\t<a href='https:\/\/www.arquimaster.com.ar\/web\/wp-content\/uploads\/2019\/12\/casa_va3.jpg' title=\"Casa VA \/ BAC Barrio Arquitectura Ciudad (\u00a9 Cesar B\u00e9jar Studio)\" data-rl_title=\"Casa VA \/ BAC Barrio Arquitectura Ciudad (\u00a9 Cesar B\u00e9jar Studio)\" class=\"rl-gallery-link\" data-rl_caption=\"Casa VA \/ BAC Barrio Arquitectura Ciudad (\u00a9 Cesar B\u00e9jar Studio)\" data-rel=\"lightbox-gallery-1\"><img loading=\"lazy\" decoding=\"async\" width=\"150\" height=\"150\" src=\"https:\/\/www.arquimaster.com.ar\/web\/wp-content\/uploads\/2019\/12\/casa_va3-150x150.jpg\" class=\"attachment-thumbnail size-thumbnail\" alt=\"\" aria-describedby=\"gallery-1-51743\" \/><\/a>\n\t\t\t<\/div>\n\t\t\t\t<figcaption class='wp-caption-text gallery-caption' id='gallery-1-51743'>\n\t\t\t\tCasa VA \/ BAC Barrio Arquitectura Ciudad (\u00a9 Cesar B\u00e9jar Studio)\n\t\t\t\t<\/figcaption><\/figure><figure class='gallery-item'>\n\t\t\t<div class='gallery-icon portrait'>\n\t\t\t\t<a href='https:\/\/www.arquimaster.com.ar\/web\/wp-content\/uploads\/2019\/12\/casa_va4.jpg' title=\"Casa VA \/ BAC Barrio Arquitectura Ciudad (\u00a9 Cesar B\u00e9jar Studio)\" data-rl_title=\"Casa VA \/ BAC Barrio Arquitectura Ciudad (\u00a9 Cesar B\u00e9jar Studio)\" class=\"rl-gallery-link\" data-rl_caption=\"Casa VA \/ BAC Barrio Arquitectura Ciudad (\u00a9 Cesar B\u00e9jar Studio)\" data-rel=\"lightbox-gallery-1\"><img loading=\"lazy\" decoding=\"async\" width=\"150\" height=\"150\" src=\"https:\/\/www.arquimaster.com.ar\/web\/wp-content\/uploads\/2019\/12\/casa_va4-150x150.jpg\" class=\"attachment-thumbnail size-thumbnail\" alt=\"\" aria-describedby=\"gallery-1-51744\" \/><\/a>\n\t\t\t<\/div>\n\t\t\t\t<figcaption class='wp-caption-text gallery-caption' id='gallery-1-51744'>\n\t\t\t\tCasa VA \/ BAC Barrio Arquitectura Ciudad (\u00a9 Cesar B\u00e9jar Studio)\n\t\t\t\t<\/figcaption><\/figure><figure class='gallery-item'>\n\t\t\t<div class='gallery-icon landscape'>\n\t\t\t\t<a href='https:\/\/www.arquimaster.com.ar\/web\/wp-content\/uploads\/2019\/12\/casa_va5.jpg' title=\"Casa VA \/ BAC Barrio Arquitectura Ciudad (\u00a9 Cesar B\u00e9jar Studio)\" data-rl_title=\"Casa VA \/ BAC Barrio Arquitectura Ciudad (\u00a9 Cesar B\u00e9jar Studio)\" class=\"rl-gallery-link\" data-rl_caption=\"Casa VA \/ BAC Barrio Arquitectura Ciudad (\u00a9 Cesar B\u00e9jar Studio)\" data-rel=\"lightbox-gallery-1\"><img loading=\"lazy\" decoding=\"async\" width=\"150\" height=\"150\" src=\"https:\/\/www.arquimaster.com.ar\/web\/wp-content\/uploads\/2019\/12\/casa_va5-150x150.jpg\" class=\"attachment-thumbnail size-thumbnail\" alt=\"\" aria-describedby=\"gallery-1-51745\" \/><\/a>\n\t\t\t<\/div>\n\t\t\t\t<figcaption class='wp-caption-text gallery-caption' id='gallery-1-51745'>\n\t\t\t\tCasa VA \/ BAC Barrio Arquitectura Ciudad (\u00a9 Cesar B\u00e9jar Studio)\n\t\t\t\t<\/figcaption><\/figure><figure class='gallery-item'>\n\t\t\t<div class='gallery-icon landscape'>\n\t\t\t\t<a href='https:\/\/www.arquimaster.com.ar\/web\/wp-content\/uploads\/2019\/12\/casa_va6.jpg' title=\"Casa VA \/ BAC Barrio Arquitectura Ciudad (\u00a9 Cesar B\u00e9jar Studio)\" data-rl_title=\"Casa VA \/ BAC Barrio Arquitectura Ciudad (\u00a9 Cesar B\u00e9jar Studio)\" class=\"rl-gallery-link\" data-rl_caption=\"Casa VA \/ BAC Barrio Arquitectura Ciudad (\u00a9 Cesar B\u00e9jar Studio)\" data-rel=\"lightbox-gallery-1\"><img loading=\"lazy\" decoding=\"async\" width=\"150\" height=\"150\" src=\"https:\/\/www.arquimaster.com.ar\/web\/wp-content\/uploads\/2019\/12\/casa_va6-150x150.jpg\" class=\"attachment-thumbnail size-thumbnail\" alt=\"\" aria-describedby=\"gallery-1-51746\" \/><\/a>\n\t\t\t<\/div>\n\t\t\t\t<figcaption class='wp-caption-text gallery-caption' id='gallery-1-51746'>\n\t\t\t\tCasa VA \/ BAC Barrio Arquitectura Ciudad (\u00a9 Cesar B\u00e9jar Studio)\n\t\t\t\t<\/figcaption><\/figure><figure class='gallery-item'>\n\t\t\t<div class='gallery-icon portrait'>\n\t\t\t\t<a href='https:\/\/www.arquimaster.com.ar\/web\/wp-content\/uploads\/2019\/12\/casa_va7.jpg' title=\"Casa VA \/ BAC Barrio Arquitectura Ciudad (\u00a9 Cesar B\u00e9jar Studio)\" data-rl_title=\"Casa VA \/ BAC Barrio Arquitectura Ciudad (\u00a9 Cesar B\u00e9jar Studio)\" class=\"rl-gallery-link\" data-rl_caption=\"Casa VA \/ BAC Barrio Arquitectura Ciudad (\u00a9 Cesar B\u00e9jar Studio)\" data-rel=\"lightbox-gallery-1\"><img loading=\"lazy\" decoding=\"async\" width=\"150\" height=\"150\" src=\"https:\/\/www.arquimaster.com.ar\/web\/wp-content\/uploads\/2019\/12\/casa_va7-150x150.jpg\" class=\"attachment-thumbnail size-thumbnail\" alt=\"\" aria-describedby=\"gallery-1-51747\" \/><\/a>\n\t\t\t<\/div>\n\t\t\t\t<figcaption class='wp-caption-text gallery-caption' id='gallery-1-51747'>\n\t\t\t\tCasa VA \/ BAC Barrio Arquitectura Ciudad (\u00a9 Cesar B\u00e9jar Studio)\n\t\t\t\t<\/figcaption><\/figure><figure class='gallery-item'>\n\t\t\t<div class='gallery-icon portrait'>\n\t\t\t\t<a href='https:\/\/www.arquimaster.com.ar\/web\/wp-content\/uploads\/2019\/12\/casa_va8.jpg' title=\"Casa VA \/ BAC Barrio Arquitectura Ciudad (\u00a9 Cesar B\u00e9jar Studio)\" data-rl_title=\"Casa VA \/ BAC Barrio Arquitectura Ciudad (\u00a9 Cesar B\u00e9jar Studio)\" class=\"rl-gallery-link\" data-rl_caption=\"Casa VA \/ BAC Barrio Arquitectura Ciudad (\u00a9 Cesar B\u00e9jar Studio)\" data-rel=\"lightbox-gallery-1\"><img loading=\"lazy\" decoding=\"async\" width=\"150\" height=\"150\" src=\"https:\/\/www.arquimaster.com.ar\/web\/wp-content\/uploads\/2019\/12\/casa_va8-150x150.jpg\" class=\"attachment-thumbnail size-thumbnail\" alt=\"\" aria-describedby=\"gallery-1-51748\" \/><\/a>\n\t\t\t<\/div>\n\t\t\t\t<figcaption class='wp-caption-text gallery-caption' id='gallery-1-51748'>\n\t\t\t\tCasa VA \/ BAC Barrio Arquitectura Ciudad (\u00a9 Cesar B\u00e9jar Studio)\n\t\t\t\t<\/figcaption><\/figure><figure class='gallery-item'>\n\t\t\t<div class='gallery-icon landscape'>\n\t\t\t\t<a href='https:\/\/www.arquimaster.com.ar\/web\/wp-content\/uploads\/2019\/12\/casa_va9.jpg' title=\"Casa VA \/ BAC Barrio Arquitectura Ciudad (\u00a9 Cesar B\u00e9jar Studio)\" data-rl_title=\"Casa VA \/ BAC Barrio Arquitectura Ciudad (\u00a9 Cesar B\u00e9jar Studio)\" class=\"rl-gallery-link\" data-rl_caption=\"Casa VA \/ BAC Barrio Arquitectura Ciudad (\u00a9 Cesar B\u00e9jar Studio)\" data-rel=\"lightbox-gallery-1\"><img loading=\"lazy\" decoding=\"async\" width=\"150\" height=\"150\" src=\"https:\/\/www.arquimaster.com.ar\/web\/wp-content\/uploads\/2019\/12\/casa_va9-150x150.jpg\" class=\"attachment-thumbnail size-thumbnail\" alt=\"\" aria-describedby=\"gallery-1-51749\" \/><\/a>\n\t\t\t<\/div>\n\t\t\t\t<figcaption class='wp-caption-text gallery-caption' id='gallery-1-51749'>\n\t\t\t\tCasa VA \/ BAC Barrio Arquitectura Ciudad (\u00a9 Cesar B\u00e9jar Studio)\n\t\t\t\t<\/figcaption><\/figure><figure class='gallery-item'>\n\t\t\t<div class='gallery-icon portrait'>\n\t\t\t\t<a href='https:\/\/www.arquimaster.com.ar\/web\/wp-content\/uploads\/2019\/12\/casa_va10.jpg' title=\"Casa VA \/ BAC Barrio Arquitectura Ciudad (\u00a9 Cesar B\u00e9jar Studio)\" data-rl_title=\"Casa VA \/ BAC Barrio Arquitectura Ciudad (\u00a9 Cesar B\u00e9jar Studio)\" class=\"rl-gallery-link\" data-rl_caption=\"Casa VA \/ BAC Barrio Arquitectura Ciudad (\u00a9 Cesar B\u00e9jar Studio)\" data-rel=\"lightbox-gallery-1\"><img loading=\"lazy\" decoding=\"async\" width=\"150\" height=\"150\" src=\"https:\/\/www.arquimaster.com.ar\/web\/wp-content\/uploads\/2019\/12\/casa_va10-150x150.jpg\" class=\"attachment-thumbnail size-thumbnail\" alt=\"\" aria-describedby=\"gallery-1-51750\" \/><\/a>\n\t\t\t<\/div>\n\t\t\t\t<figcaption class='wp-caption-text gallery-caption' id='gallery-1-51750'>\n\t\t\t\tCasa VA \/ BAC Barrio Arquitectura Ciudad (\u00a9 Cesar B\u00e9jar Studio)\n\t\t\t\t<\/figcaption><\/figure><figure class='gallery-item'>\n\t\t\t<div class='gallery-icon portrait'>\n\t\t\t\t<a href='https:\/\/www.arquimaster.com.ar\/web\/wp-content\/uploads\/2019\/12\/casa_va11.jpg' title=\"Casa VA \/ BAC Barrio Arquitectura Ciudad (\u00a9 Cesar B\u00e9jar Studio)\" data-rl_title=\"Casa VA \/ BAC Barrio Arquitectura Ciudad (\u00a9 Cesar B\u00e9jar Studio)\" class=\"rl-gallery-link\" data-rl_caption=\"Casa VA \/ BAC Barrio Arquitectura Ciudad (\u00a9 Cesar B\u00e9jar Studio)\" data-rel=\"lightbox-gallery-1\"><img loading=\"lazy\" decoding=\"async\" width=\"150\" height=\"150\" src=\"https:\/\/www.arquimaster.com.ar\/web\/wp-content\/uploads\/2019\/12\/casa_va11-150x150.jpg\" class=\"attachment-thumbnail size-thumbnail\" alt=\"\" aria-describedby=\"gallery-1-51751\" \/><\/a>\n\t\t\t<\/div>\n\t\t\t\t<figcaption class='wp-caption-text gallery-caption' id='gallery-1-51751'>\n\t\t\t\tCasa VA \/ BAC Barrio Arquitectura Ciudad (\u00a9 Cesar B\u00e9jar Studio)\n\t\t\t\t<\/figcaption><\/figure><figure class='gallery-item'>\n\t\t\t<div class='gallery-icon landscape'>\n\t\t\t\t<a href='https:\/\/www.arquimaster.com.ar\/web\/wp-content\/uploads\/2019\/12\/casa_va12.jpg' title=\"Casa VA \/ BAC Barrio Arquitectura Ciudad (\u00a9 Cesar B\u00e9jar Studio)\" data-rl_title=\"Casa VA \/ BAC Barrio Arquitectura Ciudad (\u00a9 Cesar B\u00e9jar Studio)\" class=\"rl-gallery-link\" data-rl_caption=\"Casa VA \/ BAC Barrio Arquitectura Ciudad (\u00a9 Cesar B\u00e9jar Studio)\" data-rel=\"lightbox-gallery-1\"><img loading=\"lazy\" decoding=\"async\" width=\"150\" height=\"150\" src=\"https:\/\/www.arquimaster.com.ar\/web\/wp-content\/uploads\/2019\/12\/casa_va12-150x150.jpg\" class=\"attachment-thumbnail size-thumbnail\" alt=\"\" aria-describedby=\"gallery-1-51752\" \/><\/a>\n\t\t\t<\/div>\n\t\t\t\t<figcaption class='wp-caption-text gallery-caption' id='gallery-1-51752'>\n\t\t\t\tCasa VA \/ BAC Barrio Arquitectura Ciudad (\u00a9 Cesar B\u00e9jar Studio)\n\t\t\t\t<\/figcaption><\/figure><figure class='gallery-item'>\n\t\t\t<div class='gallery-icon portrait'>\n\t\t\t\t<a href='https:\/\/www.arquimaster.com.ar\/web\/wp-content\/uploads\/2019\/12\/casa_va13.jpg' title=\"Casa VA \/ BAC Barrio Arquitectura Ciudad (\u00a9 Cesar B\u00e9jar Studio)\" data-rl_title=\"Casa VA \/ BAC Barrio Arquitectura Ciudad (\u00a9 Cesar B\u00e9jar Studio)\" class=\"rl-gallery-link\" data-rl_caption=\"Casa VA \/ BAC Barrio Arquitectura Ciudad (\u00a9 Cesar B\u00e9jar Studio)\" data-rel=\"lightbox-gallery-1\"><img loading=\"lazy\" decoding=\"async\" width=\"150\" height=\"150\" src=\"https:\/\/www.arquimaster.com.ar\/web\/wp-content\/uploads\/2019\/12\/casa_va13-150x150.jpg\" class=\"attachment-thumbnail size-thumbnail\" alt=\"\" aria-describedby=\"gallery-1-51753\" \/><\/a>\n\t\t\t<\/div>\n\t\t\t\t<figcaption class='wp-caption-text gallery-caption' id='gallery-1-51753'>\n\t\t\t\tCasa VA \/ BAC Barrio Arquitectura Ciudad (\u00a9 Cesar B\u00e9jar Studio)\n\t\t\t\t<\/figcaption><\/figure><figure class='gallery-item'>\n\t\t\t<div class='gallery-icon portrait'>\n\t\t\t\t<a href='https:\/\/www.arquimaster.com.ar\/web\/wp-content\/uploads\/2019\/12\/casa_va14.jpg' title=\"Casa VA \/ BAC Barrio Arquitectura Ciudad (\u00a9 Cesar B\u00e9jar Studio)\" data-rl_title=\"Casa VA \/ BAC Barrio Arquitectura Ciudad (\u00a9 Cesar B\u00e9jar Studio)\" class=\"rl-gallery-link\" data-rl_caption=\"Casa VA \/ BAC Barrio Arquitectura Ciudad (\u00a9 Cesar B\u00e9jar Studio)\" data-rel=\"lightbox-gallery-1\"><img loading=\"lazy\" decoding=\"async\" width=\"150\" height=\"150\" src=\"https:\/\/www.arquimaster.com.ar\/web\/wp-content\/uploads\/2019\/12\/casa_va14-150x150.jpg\" class=\"attachment-thumbnail size-thumbnail\" alt=\"\" aria-describedby=\"gallery-1-51754\" \/><\/a>\n\t\t\t<\/div>\n\t\t\t\t<figcaption class='wp-caption-text gallery-caption' id='gallery-1-51754'>\n\t\t\t\tCasa VA \/ BAC Barrio Arquitectura Ciudad (\u00a9 Cesar B\u00e9jar Studio)\n\t\t\t\t<\/figcaption><\/figure><figure class='gallery-item'>\n\t\t\t<div class='gallery-icon portrait'>\n\t\t\t\t<a href='https:\/\/www.arquimaster.com.ar\/web\/wp-content\/uploads\/2019\/12\/casa_va15.jpg' title=\"Casa VA \/ BAC Barrio Arquitectura Ciudad (\u00a9 Cesar B\u00e9jar Studio)\" data-rl_title=\"Casa VA \/ BAC Barrio Arquitectura Ciudad (\u00a9 Cesar B\u00e9jar Studio)\" class=\"rl-gallery-link\" data-rl_caption=\"Casa VA \/ BAC Barrio Arquitectura Ciudad (\u00a9 Cesar B\u00e9jar Studio)\" data-rel=\"lightbox-gallery-1\"><img loading=\"lazy\" decoding=\"async\" width=\"150\" height=\"150\" src=\"https:\/\/www.arquimaster.com.ar\/web\/wp-content\/uploads\/2019\/12\/casa_va15-150x150.jpg\" class=\"attachment-thumbnail size-thumbnail\" alt=\"\" aria-describedby=\"gallery-1-51755\" \/><\/a>\n\t\t\t<\/div>\n\t\t\t\t<figcaption class='wp-caption-text gallery-caption' id='gallery-1-51755'>\n\t\t\t\tCasa VA \/ BAC Barrio Arquitectura Ciudad (\u00a9 Cesar B\u00e9jar Studio)\n\t\t\t\t<\/figcaption><\/figure><figure class='gallery-item'>\n\t\t\t<div class='gallery-icon portrait'>\n\t\t\t\t<a href='https:\/\/www.arquimaster.com.ar\/web\/wp-content\/uploads\/2019\/12\/casa_va16.jpg' title=\"Casa VA \/ BAC Barrio Arquitectura Ciudad (planta baja)\" data-rl_title=\"Casa VA \/ BAC Barrio Arquitectura Ciudad (planta baja)\" class=\"rl-gallery-link\" data-rl_caption=\"Casa VA \/ BAC Barrio Arquitectura Ciudad (planta baja)\" data-rel=\"lightbox-gallery-1\"><img loading=\"lazy\" decoding=\"async\" width=\"150\" height=\"150\" src=\"https:\/\/www.arquimaster.com.ar\/web\/wp-content\/uploads\/2019\/12\/casa_va16-150x150.jpg\" class=\"attachment-thumbnail size-thumbnail\" alt=\"\" aria-describedby=\"gallery-1-51756\" \/><\/a>\n\t\t\t<\/div>\n\t\t\t\t<figcaption class='wp-caption-text gallery-caption' id='gallery-1-51756'>\n\t\t\t\tCasa VA \/ BAC Barrio Arquitectura Ciudad (planta baja)\n\t\t\t\t<\/figcaption><\/figure><figure class='gallery-item'>\n\t\t\t<div class='gallery-icon portrait'>\n\t\t\t\t<a href='https:\/\/www.arquimaster.com.ar\/web\/wp-content\/uploads\/2019\/12\/casa_va17.jpg' title=\"Casa VA \/ BAC Barrio Arquitectura Ciudad (planta alta)\" data-rl_title=\"Casa VA \/ BAC Barrio Arquitectura Ciudad (planta alta)\" class=\"rl-gallery-link\" data-rl_caption=\"Casa VA \/ BAC Barrio Arquitectura Ciudad (planta alta)\" data-rel=\"lightbox-gallery-1\"><img loading=\"lazy\" decoding=\"async\" width=\"150\" height=\"150\" src=\"https:\/\/www.arquimaster.com.ar\/web\/wp-content\/uploads\/2019\/12\/casa_va17-150x150.jpg\" class=\"attachment-thumbnail size-thumbnail\" alt=\"\" aria-describedby=\"gallery-1-51757\" \/><\/a>\n\t\t\t<\/div>\n\t\t\t\t<figcaption class='wp-caption-text gallery-caption' id='gallery-1-51757'>\n\t\t\t\tCasa VA \/ BAC Barrio Arquitectura Ciudad (planta alta)\n\t\t\t\t<\/figcaption><\/figure><figure class='gallery-item'>\n\t\t\t<div class='gallery-icon portrait'>\n\t\t\t\t<a href='https:\/\/www.arquimaster.com.ar\/web\/wp-content\/uploads\/2019\/12\/casa_va18.jpg' title=\"Casa VA \/ BAC Barrio Arquitectura Ciudad (planta estudio)\" data-rl_title=\"Casa VA \/ BAC Barrio Arquitectura Ciudad (planta estudio)\" class=\"rl-gallery-link\" data-rl_caption=\"Casa VA \/ BAC Barrio Arquitectura Ciudad (planta estudio)\" data-rel=\"lightbox-gallery-1\"><img loading=\"lazy\" decoding=\"async\" width=\"150\" height=\"150\" src=\"https:\/\/www.arquimaster.com.ar\/web\/wp-content\/uploads\/2019\/12\/casa_va18-150x150.jpg\" class=\"attachment-thumbnail size-thumbnail\" alt=\"\" aria-describedby=\"gallery-1-51758\" \/><\/a>\n\t\t\t<\/div>\n\t\t\t\t<figcaption class='wp-caption-text gallery-caption' id='gallery-1-51758'>\n\t\t\t\tCasa VA \/ BAC Barrio Arquitectura Ciudad (planta estudio)\n\t\t\t\t<\/figcaption><\/figure><figure class='gallery-item'>\n\t\t\t<div class='gallery-icon portrait'>\n\t\t\t\t<a href='https:\/\/www.arquimaster.com.ar\/web\/wp-content\/uploads\/2019\/12\/casa_va19.jpg' title=\"Casa VA \/ BAC Barrio Arquitectura Ciudad (planta azotea)\" data-rl_title=\"Casa VA \/ BAC Barrio Arquitectura Ciudad (planta azotea)\" class=\"rl-gallery-link\" data-rl_caption=\"Casa VA \/ BAC Barrio Arquitectura Ciudad (planta azotea)\" data-rel=\"lightbox-gallery-1\"><img loading=\"lazy\" decoding=\"async\" width=\"150\" height=\"150\" src=\"https:\/\/www.arquimaster.com.ar\/web\/wp-content\/uploads\/2019\/12\/casa_va19-150x150.jpg\" class=\"attachment-thumbnail size-thumbnail\" alt=\"\" aria-describedby=\"gallery-1-51759\" \/><\/a>\n\t\t\t<\/div>\n\t\t\t\t<figcaption class='wp-caption-text gallery-caption' id='gallery-1-51759'>\n\t\t\t\tCasa VA \/ BAC Barrio Arquitectura Ciudad (planta azotea)\n\t\t\t\t<\/figcaption><\/figure><figure class='gallery-item'>\n\t\t\t<div class='gallery-icon landscape'>\n\t\t\t\t<a href='https:\/\/www.arquimaster.com.ar\/web\/wp-content\/uploads\/2019\/12\/casa_va20.jpg' title=\"Casa VA \/ BAC Barrio Arquitectura Ciudad (corte)\" data-rl_title=\"Casa VA \/ BAC Barrio Arquitectura Ciudad (corte)\" class=\"rl-gallery-link\" data-rl_caption=\"Casa VA \/ BAC Barrio Arquitectura Ciudad (corte)\" data-rel=\"lightbox-gallery-1\"><img loading=\"lazy\" decoding=\"async\" width=\"150\" height=\"150\" src=\"https:\/\/www.arquimaster.com.ar\/web\/wp-content\/uploads\/2019\/12\/casa_va20-150x150.jpg\" class=\"attachment-thumbnail size-thumbnail\" alt=\"\" aria-describedby=\"gallery-1-51760\" \/><\/a>\n\t\t\t<\/div>\n\t\t\t\t<figcaption class='wp-caption-text gallery-caption' id='gallery-1-51760'>\n\t\t\t\tCasa VA \/ BAC Barrio Arquitectura Ciudad (corte)\n\t\t\t\t<\/figcaption><\/figure><figure class='gallery-item'>\n\t\t\t<div class='gallery-icon landscape'>\n\t\t\t\t<a href='https:\/\/www.arquimaster.com.ar\/web\/wp-content\/uploads\/2019\/12\/casa_va21.jpg' title=\"Casa VA \/ BAC Barrio Arquitectura Ciudad (corte)\" data-rl_title=\"Casa VA \/ BAC Barrio Arquitectura Ciudad (corte)\" class=\"rl-gallery-link\" data-rl_caption=\"Casa VA \/ BAC Barrio Arquitectura Ciudad (corte)\" data-rel=\"lightbox-gallery-1\"><img loading=\"lazy\" decoding=\"async\" width=\"150\" height=\"150\" src=\"https:\/\/www.arquimaster.com.ar\/web\/wp-content\/uploads\/2019\/12\/casa_va21-150x150.jpg\" class=\"attachment-thumbnail size-thumbnail\" alt=\"\" aria-describedby=\"gallery-1-51761\" \/><\/a>\n\t\t\t<\/div>\n\t\t\t\t<figcaption class='wp-caption-text gallery-caption' id='gallery-1-51761'>\n\t\t\t\tCasa VA \/ BAC Barrio Arquitectura Ciudad (corte)\n\t\t\t\t<\/figcaption><\/figure><figure class='gallery-item'>\n\t\t\t<div class='gallery-icon landscape'>\n\t\t\t\t<a href='https:\/\/www.arquimaster.com.ar\/web\/wp-content\/uploads\/2019\/12\/casa_va22.jpg' title=\"Casa VA \/ BAC Barrio Arquitectura Ciudad (vista frente exterior)\" data-rl_title=\"Casa VA \/ BAC Barrio Arquitectura Ciudad (vista frente exterior)\" class=\"rl-gallery-link\" data-rl_caption=\"Casa VA \/ BAC Barrio Arquitectura Ciudad (vista frente exterior)\" data-rel=\"lightbox-gallery-1\"><img loading=\"lazy\" decoding=\"async\" width=\"150\" height=\"150\" src=\"https:\/\/www.arquimaster.com.ar\/web\/wp-content\/uploads\/2019\/12\/casa_va22-150x150.jpg\" class=\"attachment-thumbnail size-thumbnail\" alt=\"\" aria-describedby=\"gallery-1-51762\" \/><\/a>\n\t\t\t<\/div>\n\t\t\t\t<figcaption class='wp-caption-text gallery-caption' id='gallery-1-51762'>\n\t\t\t\tCasa VA \/ BAC Barrio Arquitectura Ciudad (vista frente exterior)\n\t\t\t\t<\/figcaption><\/figure><figure class='gallery-item'>\n\t\t\t<div class='gallery-icon landscape'>\n\t\t\t\t<a href='https:\/\/www.arquimaster.com.ar\/web\/wp-content\/uploads\/2019\/12\/casa_va23.jpg' title=\"Casa VA \/ BAC Barrio Arquitectura Ciudad (vista frente interior)\" data-rl_title=\"Casa VA \/ BAC Barrio Arquitectura Ciudad (vista frente interior)\" class=\"rl-gallery-link\" data-rl_caption=\"Casa VA \/ BAC Barrio Arquitectura Ciudad (vista frente interior)\" data-rel=\"lightbox-gallery-1\"><img loading=\"lazy\" decoding=\"async\" width=\"150\" height=\"150\" src=\"https:\/\/www.arquimaster.com.ar\/web\/wp-content\/uploads\/2019\/12\/casa_va23-150x150.jpg\" class=\"attachment-thumbnail size-thumbnail\" alt=\"\" aria-describedby=\"gallery-1-51763\" \/><\/a>\n\t\t\t<\/div>\n\t\t\t\t<figcaption class='wp-caption-text gallery-caption' id='gallery-1-51763'>\n\t\t\t\tCasa VA \/ BAC Barrio Arquitectura Ciudad (vista frente interior)\n\t\t\t\t<\/figcaption><\/figure><figure class='gallery-item'>\n\t\t\t<div class='gallery-icon landscape'>\n\t\t\t\t<a href='https:\/\/www.arquimaster.com.ar\/web\/wp-content\/uploads\/2019\/12\/casa_va24.jpg' title=\"Casa VA \/ BAC Barrio Arquitectura Ciudad (vista contrafrente)\" data-rl_title=\"Casa VA \/ BAC Barrio Arquitectura Ciudad (vista contrafrente)\" class=\"rl-gallery-link\" data-rl_caption=\"Casa VA \/ BAC Barrio Arquitectura Ciudad (vista contrafrente)\" data-rel=\"lightbox-gallery-1\"><img loading=\"lazy\" decoding=\"async\" width=\"150\" height=\"150\" src=\"https:\/\/www.arquimaster.com.ar\/web\/wp-content\/uploads\/2019\/12\/casa_va24-150x150.jpg\" class=\"attachment-thumbnail size-thumbnail\" alt=\"\" aria-describedby=\"gallery-1-51764\" \/><\/a>\n\t\t\t<\/div>\n\t\t\t\t<figcaption class='wp-caption-text gallery-caption' id='gallery-1-51764'>\n\t\t\t\tCasa VA \/ BAC Barrio Arquitectura Ciudad (vista contrafrente)\n\t\t\t\t<\/figcaption><\/figure>\n\t\t<\/div>\n\n<p>En planta la conexi\u00f3n entre interior y exterior se logra a trav\u00e9s de una sencilla paleta de materiales, el vest\u00edbulo de ingreso entra hasta el comedor y desde el patio la piedra pizarra entra hasta formar parte del mobiliario de la sala. En secci\u00f3n la vivienda se organiza en torno a un espacio central de triple altura envuelto por el recorrido de la escalera.<\/p>\n<p>Algo fundamental en los proyectos de BAC es la utilizaci\u00f3n de las azoteas como parte esencial del dise\u00f1o. En este, adem\u00e1s de la extensi\u00f3n del volumen para ser utilizado como taller de pintura, el juego de niveles da forma a un par de terrazas que se integran mediante la utilizaci\u00f3n del hex\u00e1gono como modulo en materiales distintos.<\/p>\n<p>Al exterior una fachada sobria y discreta deja tan solo a la vista la lectura sencilla de vol\u00famenes y materiales.<\/p>\n<p><strong>Ficha t\u00e9cnica<\/strong><br \/>Nombre: Casa VA<br \/>Ubicaci\u00f3n: Zapopan, Jalisco, M\u00e9xico<br \/>Dise\u00f1o Arquitect\u00f3nico: BAC Barrio Arquitectura Ciudad<br \/>Arquitectos: Arq. Luis Manuel Ochoa, Arq. Juan Carlos Ramos<br \/>Colaboradores u otros cr\u00e9ditos: Rub\u00e9n Luna, Luis Ch\u00e1vez, Omar Murillo, Tania Ch\u00e1vez<br \/>Superficie: 365 m2<br \/>Fecha: 2017<br \/>Fotograf\u00eda: Cesar B\u00e9jar Studio<\/p>\n\n\n<div style=\"height:20px\" aria-hidden=\"true\" class=\"wp-block-spacer\"><\/div>\n\n\n\n\n<p><strong><em>English version<\/em><\/strong><\/p>\n<p><em>The proposal seize and multiplies the distribution of the existing building, frees walls to generate spatial fluidity and unify the premises programme. \u00abThe encounter\u00bb is the key characteristic of this single-family home project for a couple with two daughters.<\/em><\/p>\n<p><em>On plan the connection between interior and exterior is achieved through a simple materials palette, the entrance hall goes into the dining room and from the patio the slate stone comes in to form part of the living room furniture. In section the house is organized around a triple-height central space wrapped by the run of the staircase.<\/em><\/p>\n<p><em>Something fundamental in BAC projects is the use of the rooftops as an essential part of the design. In this one, in addition to the extension of the volume to be used as paint workshop, the levels set shape a couple of terraces that are integrated by using the hexagon as a module in different materials.<\/em><\/p>\n<p><em>To the outside a sober as well as discreet fa\u00e7ade leaves merely at sight the simple reading of volumes and materials.<\/em><\/p>\n<div style=\"font-size: 0px; height: 0px; line-height: 0px; margin: 0; padding: 0; clear: both;\"><\/div><div style=\"margin-top: 0px; margin-bottom: 0px;\" class=\"sharethis-inline-share-buttons\" ><\/div>","protected":false},"excerpt":{"rendered":"<p>\u00abEl Encuentro\u00bb es la caracter\u00edstica principal de este proyecto de vivienda&#8230;<\/p>\n","protected":false},"author":1,"featured_media":51740,"comment_status":"closed","ping_status":"closed","sticky":false,"template":"","format":"standard","meta":{"_uag_custom_page_level_css":"","footnotes":""},"categories":[1,83],"tags":[5469,1052,5471,5587,24,254,2612],"class_list":["post-51739","post","type-post","status-publish","format-standard","has-post-thumbnail","hentry","category-proyecto","category-vivienda-unifamiliar","tag-bac-barrio-arquitectura-y-ciudad","tag-jalisco","tag-juan-carlos-ramos","tag-luis-manuel-ochoa","tag-mexico","tag-vivienda-unifamiliar-2","tag-zapopan","generate-columns","tablet-grid-50","mobile-grid-100","grid-parent","grid-50"],"yoast_head":"<!-- This site is optimized with the Yoast SEO plugin v27.3 - https:\/\/yoast.com\/product\/yoast-seo-wordpress\/ -->\n<title>Casa VA \/ BAC Barrio Arquitectura Ciudad - Arquimaster<\/title>\n<meta name=\"description\" content=\"&quot;El Encuentro&quot; es la caracter\u00edstica principal de este proyecto de vivienda unifamiliar para una pareja con dos hijas.\" \/>\n<meta name=\"robots\" content=\"index, follow, max-snippet:-1, max-image-preview:large, max-video-preview:-1\" \/>\n<link rel=\"canonical\" href=\"https:\/\/www.arquimaster.com.ar\/web\/casa-va-bac-barrio-arquitectura-ciudad\/\" \/>\n<meta property=\"og:locale\" content=\"es_ES\" \/>\n<meta property=\"og:type\" content=\"article\" \/>\n<meta property=\"og:title\" content=\"Casa VA \/ BAC Barrio Arquitectura Ciudad\" \/>\n<meta property=\"og:description\" content=\"&quot;El Encuentro&quot; es la caracter\u00edstica principal de este proyecto de vivienda unifamiliar para una pareja con dos hijas.\" \/>\n<meta property=\"og:url\" content=\"https:\/\/www.arquimaster.com.ar\/web\/casa-va-bac-barrio-arquitectura-ciudad\/\" \/>\n<meta property=\"og:site_name\" content=\"Arquimaster\" \/>\n<meta property=\"article:publisher\" content=\"http:\/\/www.facebook.com\/ARQUIMASTER.com.ar\" \/>\n<meta property=\"article:published_time\" content=\"2019-12-19T20:37:35+00:00\" \/>\n<meta property=\"article:modified_time\" content=\"2019-12-19T20:38:44+00:00\" \/>\n<meta property=\"og:image\" content=\"https:\/\/www.arquimaster.com.ar\/web\/wp-content\/uploads\/2019\/12\/casa_va_slide.jpg\" \/>\n\t<meta property=\"og:image:width\" content=\"698\" \/>\n\t<meta property=\"og:image:height\" content=\"364\" \/>\n\t<meta property=\"og:image:type\" content=\"image\/jpeg\" \/>\n<meta name=\"author\" content=\"Arquimaster\" \/>\n<meta name=\"twitter:card\" content=\"summary_large_image\" \/>\n<meta name=\"twitter:title\" content=\"Casa VA \/ BAC Barrio Arquitectura Ciudad\" \/>\n<meta name=\"twitter:description\" content=\"&quot;El Encuentro&quot; es la caracter\u00edstica principal de este proyecto de vivienda unifamiliar para una pareja con dos hijas.\" \/>\n<meta name=\"twitter:image\" content=\"https:\/\/www.arquimaster.com.ar\/web\/wp-content\/uploads\/2019\/12\/casa_va_slide.jpg\" \/>\n<meta name=\"twitter:creator\" content=\"@arquimaster\" \/>\n<meta name=\"twitter:site\" content=\"@arquimaster\" \/>\n<meta name=\"twitter:label1\" content=\"Escrito por\" \/>\n\t<meta name=\"twitter:data1\" content=\"Arquimaster\" \/>\n\t<meta name=\"twitter:label2\" content=\"Tiempo de lectura\" \/>\n\t<meta name=\"twitter:data2\" content=\"2 minutos\" \/>\n<script type=\"application\/ld+json\" class=\"yoast-schema-graph\">{\"@context\":\"https:\\\/\\\/schema.org\",\"@graph\":[{\"@type\":\"Article\",\"@id\":\"https:\\\/\\\/www.arquimaster.com.ar\\\/web\\\/casa-va-bac-barrio-arquitectura-ciudad\\\/#article\",\"isPartOf\":{\"@id\":\"https:\\\/\\\/www.arquimaster.com.ar\\\/web\\\/casa-va-bac-barrio-arquitectura-ciudad\\\/\"},\"author\":{\"name\":\"Arquimaster\",\"@id\":\"https:\\\/\\\/www.arquimaster.com.ar\\\/web\\\/#\\\/schema\\\/person\\\/359e9f7c00193fcde068e0dd2ceb0028\"},\"headline\":\"Casa VA \\\/ BAC Barrio Arquitectura Ciudad\",\"datePublished\":\"2019-12-19T20:37:35+00:00\",\"dateModified\":\"2019-12-19T20:38:44+00:00\",\"mainEntityOfPage\":{\"@id\":\"https:\\\/\\\/www.arquimaster.com.ar\\\/web\\\/casa-va-bac-barrio-arquitectura-ciudad\\\/\"},\"wordCount\":443,\"publisher\":{\"@id\":\"https:\\\/\\\/www.arquimaster.com.ar\\\/web\\\/#organization\"},\"image\":{\"@id\":\"https:\\\/\\\/www.arquimaster.com.ar\\\/web\\\/casa-va-bac-barrio-arquitectura-ciudad\\\/#primaryimage\"},\"thumbnailUrl\":\"https:\\\/\\\/www.arquimaster.com.ar\\\/web\\\/wp-content\\\/uploads\\\/2019\\\/12\\\/casa_va_slide.jpg\",\"keywords\":[\"BAC Barrio Arquitectura y Ciudad\",\"Jalisco\",\"Juan Carlos Ramos\",\"Luis Manuel Ochoa\",\"Mexico\",\"vivienda unifamiliar\",\"Zapopan\"],\"articleSection\":[\"Proyecto\",\"Vivienda unifamiliar y PH\"],\"inLanguage\":\"es\"},{\"@type\":\"WebPage\",\"@id\":\"https:\\\/\\\/www.arquimaster.com.ar\\\/web\\\/casa-va-bac-barrio-arquitectura-ciudad\\\/\",\"url\":\"https:\\\/\\\/www.arquimaster.com.ar\\\/web\\\/casa-va-bac-barrio-arquitectura-ciudad\\\/\",\"name\":\"Casa VA \\\/ BAC Barrio Arquitectura Ciudad - Arquimaster\",\"isPartOf\":{\"@id\":\"https:\\\/\\\/www.arquimaster.com.ar\\\/web\\\/#website\"},\"primaryImageOfPage\":{\"@id\":\"https:\\\/\\\/www.arquimaster.com.ar\\\/web\\\/casa-va-bac-barrio-arquitectura-ciudad\\\/#primaryimage\"},\"image\":{\"@id\":\"https:\\\/\\\/www.arquimaster.com.ar\\\/web\\\/casa-va-bac-barrio-arquitectura-ciudad\\\/#primaryimage\"},\"thumbnailUrl\":\"https:\\\/\\\/www.arquimaster.com.ar\\\/web\\\/wp-content\\\/uploads\\\/2019\\\/12\\\/casa_va_slide.jpg\",\"datePublished\":\"2019-12-19T20:37:35+00:00\",\"dateModified\":\"2019-12-19T20:38:44+00:00\",\"description\":\"\\\"El Encuentro\\\" es la caracter\u00edstica principal de este proyecto de vivienda unifamiliar para una pareja con dos hijas.\",\"breadcrumb\":{\"@id\":\"https:\\\/\\\/www.arquimaster.com.ar\\\/web\\\/casa-va-bac-barrio-arquitectura-ciudad\\\/#breadcrumb\"},\"inLanguage\":\"es\",\"potentialAction\":[{\"@type\":\"ReadAction\",\"target\":[\"https:\\\/\\\/www.arquimaster.com.ar\\\/web\\\/casa-va-bac-barrio-arquitectura-ciudad\\\/\"]}]},{\"@type\":\"ImageObject\",\"inLanguage\":\"es\",\"@id\":\"https:\\\/\\\/www.arquimaster.com.ar\\\/web\\\/casa-va-bac-barrio-arquitectura-ciudad\\\/#primaryimage\",\"url\":\"https:\\\/\\\/www.arquimaster.com.ar\\\/web\\\/wp-content\\\/uploads\\\/2019\\\/12\\\/casa_va_slide.jpg\",\"contentUrl\":\"https:\\\/\\\/www.arquimaster.com.ar\\\/web\\\/wp-content\\\/uploads\\\/2019\\\/12\\\/casa_va_slide.jpg\",\"width\":698,\"height\":364},{\"@type\":\"BreadcrumbList\",\"@id\":\"https:\\\/\\\/www.arquimaster.com.ar\\\/web\\\/casa-va-bac-barrio-arquitectura-ciudad\\\/#breadcrumb\",\"itemListElement\":[{\"@type\":\"ListItem\",\"position\":1,\"name\":\"Portada\",\"item\":\"https:\\\/\\\/www.arquimaster.com.ar\\\/web\\\/\"},{\"@type\":\"ListItem\",\"position\":2,\"name\":\"Casa VA \\\/ BAC Barrio Arquitectura Ciudad\"}]},{\"@type\":\"WebSite\",\"@id\":\"https:\\\/\\\/www.arquimaster.com.ar\\\/web\\\/#website\",\"url\":\"https:\\\/\\\/www.arquimaster.com.ar\\\/web\\\/\",\"name\":\"Arquimaster\",\"description\":\"Web de arquitectura, dise\u00f1o y construccion\",\"publisher\":{\"@id\":\"https:\\\/\\\/www.arquimaster.com.ar\\\/web\\\/#organization\"},\"potentialAction\":[{\"@type\":\"SearchAction\",\"target\":{\"@type\":\"EntryPoint\",\"urlTemplate\":\"https:\\\/\\\/www.arquimaster.com.ar\\\/web\\\/?s={search_term_string}\"},\"query-input\":{\"@type\":\"PropertyValueSpecification\",\"valueRequired\":true,\"valueName\":\"search_term_string\"}}],\"inLanguage\":\"es\"},{\"@type\":\"Organization\",\"@id\":\"https:\\\/\\\/www.arquimaster.com.ar\\\/web\\\/#organization\",\"name\":\"Arquimaster\",\"url\":\"https:\\\/\\\/www.arquimaster.com.ar\\\/web\\\/\",\"logo\":{\"@type\":\"ImageObject\",\"inLanguage\":\"es\",\"@id\":\"https:\\\/\\\/www.arquimaster.com.ar\\\/web\\\/#\\\/schema\\\/logo\\\/image\\\/\",\"url\":\"https:\\\/\\\/www.arquimaster.com.ar\\\/web\\\/wp-content\\\/uploads\\\/2022\\\/06\\\/arquimaster.png\",\"contentUrl\":\"https:\\\/\\\/www.arquimaster.com.ar\\\/web\\\/wp-content\\\/uploads\\\/2022\\\/06\\\/arquimaster.png\",\"width\":594,\"height\":78,\"caption\":\"Arquimaster\"},\"image\":{\"@id\":\"https:\\\/\\\/www.arquimaster.com.ar\\\/web\\\/#\\\/schema\\\/logo\\\/image\\\/\"},\"sameAs\":[\"http:\\\/\\\/www.facebook.com\\\/ARQUIMASTER.com.ar\",\"https:\\\/\\\/x.com\\\/arquimaster\",\"https:\\\/\\\/www.instagram.com\\\/arquimasterblog\\\/\",\"https:\\\/\\\/www.linkedin.com\\\/company\\\/arquimaster\",\"https:\\\/\\\/www.pinterest.com\\\/arquimaster\",\"https:\\\/\\\/t.me\\\/arquimaster\"]},{\"@type\":\"Person\",\"@id\":\"https:\\\/\\\/www.arquimaster.com.ar\\\/web\\\/#\\\/schema\\\/person\\\/359e9f7c00193fcde068e0dd2ceb0028\",\"name\":\"Arquimaster\"}]}<\/script>\n<!-- \/ Yoast SEO plugin. -->","yoast_head_json":{"title":"Casa VA \/ BAC Barrio Arquitectura Ciudad - Arquimaster","description":"\"El Encuentro\" es la caracter\u00edstica principal de este proyecto de vivienda unifamiliar para una pareja con dos hijas.","robots":{"index":"index","follow":"follow","max-snippet":"max-snippet:-1","max-image-preview":"max-image-preview:large","max-video-preview":"max-video-preview:-1"},"canonical":"https:\/\/www.arquimaster.com.ar\/web\/casa-va-bac-barrio-arquitectura-ciudad\/","og_locale":"es_ES","og_type":"article","og_title":"Casa VA \/ BAC Barrio Arquitectura Ciudad","og_description":"\"El Encuentro\" es la caracter\u00edstica principal de este proyecto de vivienda unifamiliar para una pareja con dos hijas.","og_url":"https:\/\/www.arquimaster.com.ar\/web\/casa-va-bac-barrio-arquitectura-ciudad\/","og_site_name":"Arquimaster","article_publisher":"http:\/\/www.facebook.com\/ARQUIMASTER.com.ar","article_published_time":"2019-12-19T20:37:35+00:00","article_modified_time":"2019-12-19T20:38:44+00:00","og_image":[{"width":698,"height":364,"url":"https:\/\/www.arquimaster.com.ar\/web\/wp-content\/uploads\/2019\/12\/casa_va_slide.jpg","type":"image\/jpeg"}],"author":"Arquimaster","twitter_card":"summary_large_image","twitter_title":"Casa VA \/ BAC Barrio Arquitectura Ciudad","twitter_description":"\"El Encuentro\" es la caracter\u00edstica principal de este proyecto de vivienda unifamiliar para una pareja con dos hijas.","twitter_image":"https:\/\/www.arquimaster.com.ar\/web\/wp-content\/uploads\/2019\/12\/casa_va_slide.jpg","twitter_creator":"@arquimaster","twitter_site":"@arquimaster","twitter_misc":{"Escrito por":"Arquimaster","Tiempo de lectura":"2 minutos"},"schema":{"@context":"https:\/\/schema.org","@graph":[{"@type":"Article","@id":"https:\/\/www.arquimaster.com.ar\/web\/casa-va-bac-barrio-arquitectura-ciudad\/#article","isPartOf":{"@id":"https:\/\/www.arquimaster.com.ar\/web\/casa-va-bac-barrio-arquitectura-ciudad\/"},"author":{"name":"Arquimaster","@id":"https:\/\/www.arquimaster.com.ar\/web\/#\/schema\/person\/359e9f7c00193fcde068e0dd2ceb0028"},"headline":"Casa VA \/ BAC Barrio Arquitectura Ciudad","datePublished":"2019-12-19T20:37:35+00:00","dateModified":"2019-12-19T20:38:44+00:00","mainEntityOfPage":{"@id":"https:\/\/www.arquimaster.com.ar\/web\/casa-va-bac-barrio-arquitectura-ciudad\/"},"wordCount":443,"publisher":{"@id":"https:\/\/www.arquimaster.com.ar\/web\/#organization"},"image":{"@id":"https:\/\/www.arquimaster.com.ar\/web\/casa-va-bac-barrio-arquitectura-ciudad\/#primaryimage"},"thumbnailUrl":"https:\/\/www.arquimaster.com.ar\/web\/wp-content\/uploads\/2019\/12\/casa_va_slide.jpg","keywords":["BAC Barrio Arquitectura y Ciudad","Jalisco","Juan Carlos Ramos","Luis Manuel Ochoa","Mexico","vivienda unifamiliar","Zapopan"],"articleSection":["Proyecto","Vivienda unifamiliar y PH"],"inLanguage":"es"},{"@type":"WebPage","@id":"https:\/\/www.arquimaster.com.ar\/web\/casa-va-bac-barrio-arquitectura-ciudad\/","url":"https:\/\/www.arquimaster.com.ar\/web\/casa-va-bac-barrio-arquitectura-ciudad\/","name":"Casa VA \/ BAC Barrio Arquitectura Ciudad - Arquimaster","isPartOf":{"@id":"https:\/\/www.arquimaster.com.ar\/web\/#website"},"primaryImageOfPage":{"@id":"https:\/\/www.arquimaster.com.ar\/web\/casa-va-bac-barrio-arquitectura-ciudad\/#primaryimage"},"image":{"@id":"https:\/\/www.arquimaster.com.ar\/web\/casa-va-bac-barrio-arquitectura-ciudad\/#primaryimage"},"thumbnailUrl":"https:\/\/www.arquimaster.com.ar\/web\/wp-content\/uploads\/2019\/12\/casa_va_slide.jpg","datePublished":"2019-12-19T20:37:35+00:00","dateModified":"2019-12-19T20:38:44+00:00","description":"\"El Encuentro\" es la caracter\u00edstica principal de este proyecto de vivienda unifamiliar para una pareja con dos hijas.","breadcrumb":{"@id":"https:\/\/www.arquimaster.com.ar\/web\/casa-va-bac-barrio-arquitectura-ciudad\/#breadcrumb"},"inLanguage":"es","potentialAction":[{"@type":"ReadAction","target":["https:\/\/www.arquimaster.com.ar\/web\/casa-va-bac-barrio-arquitectura-ciudad\/"]}]},{"@type":"ImageObject","inLanguage":"es","@id":"https:\/\/www.arquimaster.com.ar\/web\/casa-va-bac-barrio-arquitectura-ciudad\/#primaryimage","url":"https:\/\/www.arquimaster.com.ar\/web\/wp-content\/uploads\/2019\/12\/casa_va_slide.jpg","contentUrl":"https:\/\/www.arquimaster.com.ar\/web\/wp-content\/uploads\/2019\/12\/casa_va_slide.jpg","width":698,"height":364},{"@type":"BreadcrumbList","@id":"https:\/\/www.arquimaster.com.ar\/web\/casa-va-bac-barrio-arquitectura-ciudad\/#breadcrumb","itemListElement":[{"@type":"ListItem","position":1,"name":"Portada","item":"https:\/\/www.arquimaster.com.ar\/web\/"},{"@type":"ListItem","position":2,"name":"Casa VA \/ BAC Barrio Arquitectura Ciudad"}]},{"@type":"WebSite","@id":"https:\/\/www.arquimaster.com.ar\/web\/#website","url":"https:\/\/www.arquimaster.com.ar\/web\/","name":"Arquimaster","description":"Web de arquitectura, dise\u00f1o y construccion","publisher":{"@id":"https:\/\/www.arquimaster.com.ar\/web\/#organization"},"potentialAction":[{"@type":"SearchAction","target":{"@type":"EntryPoint","urlTemplate":"https:\/\/www.arquimaster.com.ar\/web\/?s={search_term_string}"},"query-input":{"@type":"PropertyValueSpecification","valueRequired":true,"valueName":"search_term_string"}}],"inLanguage":"es"},{"@type":"Organization","@id":"https:\/\/www.arquimaster.com.ar\/web\/#organization","name":"Arquimaster","url":"https:\/\/www.arquimaster.com.ar\/web\/","logo":{"@type":"ImageObject","inLanguage":"es","@id":"https:\/\/www.arquimaster.com.ar\/web\/#\/schema\/logo\/image\/","url":"https:\/\/www.arquimaster.com.ar\/web\/wp-content\/uploads\/2022\/06\/arquimaster.png","contentUrl":"https:\/\/www.arquimaster.com.ar\/web\/wp-content\/uploads\/2022\/06\/arquimaster.png","width":594,"height":78,"caption":"Arquimaster"},"image":{"@id":"https:\/\/www.arquimaster.com.ar\/web\/#\/schema\/logo\/image\/"},"sameAs":["http:\/\/www.facebook.com\/ARQUIMASTER.com.ar","https:\/\/x.com\/arquimaster","https:\/\/www.instagram.com\/arquimasterblog\/","https:\/\/www.linkedin.com\/company\/arquimaster","https:\/\/www.pinterest.com\/arquimaster","https:\/\/t.me\/arquimaster"]},{"@type":"Person","@id":"https:\/\/www.arquimaster.com.ar\/web\/#\/schema\/person\/359e9f7c00193fcde068e0dd2ceb0028","name":"Arquimaster"}]}},"uagb_featured_image_src":{"full":["https:\/\/www.arquimaster.com.ar\/web\/wp-content\/uploads\/2019\/12\/casa_va_slide.jpg",698,364,false],"thumbnail":["https:\/\/www.arquimaster.com.ar\/web\/wp-content\/uploads\/2019\/12\/casa_va_slide-150x150.jpg",150,150,true],"medium":["https:\/\/www.arquimaster.com.ar\/web\/wp-content\/uploads\/2019\/12\/casa_va_slide.jpg",698,364,false],"medium_large":["https:\/\/www.arquimaster.com.ar\/web\/wp-content\/uploads\/2019\/12\/casa_va_slide.jpg",698,364,false],"large":["https:\/\/www.arquimaster.com.ar\/web\/wp-content\/uploads\/2019\/12\/casa_va_slide.jpg",698,364,false],"1536x1536":["https:\/\/www.arquimaster.com.ar\/web\/wp-content\/uploads\/2019\/12\/casa_va_slide.jpg",698,364,false],"2048x2048":["https:\/\/www.arquimaster.com.ar\/web\/wp-content\/uploads\/2019\/12\/casa_va_slide.jpg",698,364,false]},"uagb_author_info":{"display_name":"Arquimaster","author_link":"https:\/\/www.arquimaster.com.ar\/web\/author\/arquimaster\/"},"uagb_comment_info":0,"uagb_excerpt":"\"El Encuentro\" es la caracter\u00edstica principal de este proyecto de vivienda...","_links":{"self":[{"href":"https:\/\/www.arquimaster.com.ar\/web\/wp-json\/wp\/v2\/posts\/51739","targetHints":{"allow":["GET"]}}],"collection":[{"href":"https:\/\/www.arquimaster.com.ar\/web\/wp-json\/wp\/v2\/posts"}],"about":[{"href":"https:\/\/www.arquimaster.com.ar\/web\/wp-json\/wp\/v2\/types\/post"}],"author":[{"embeddable":true,"href":"https:\/\/www.arquimaster.com.ar\/web\/wp-json\/wp\/v2\/users\/1"}],"replies":[{"embeddable":true,"href":"https:\/\/www.arquimaster.com.ar\/web\/wp-json\/wp\/v2\/comments?post=51739"}],"version-history":[{"count":1,"href":"https:\/\/www.arquimaster.com.ar\/web\/wp-json\/wp\/v2\/posts\/51739\/revisions"}],"predecessor-version":[{"id":51765,"href":"https:\/\/www.arquimaster.com.ar\/web\/wp-json\/wp\/v2\/posts\/51739\/revisions\/51765"}],"wp:featuredmedia":[{"embeddable":true,"href":"https:\/\/www.arquimaster.com.ar\/web\/wp-json\/wp\/v2\/media\/51740"}],"wp:attachment":[{"href":"https:\/\/www.arquimaster.com.ar\/web\/wp-json\/wp\/v2\/media?parent=51739"}],"wp:term":[{"taxonomy":"category","embeddable":true,"href":"https:\/\/www.arquimaster.com.ar\/web\/wp-json\/wp\/v2\/categories?post=51739"},{"taxonomy":"post_tag","embeddable":true,"href":"https:\/\/www.arquimaster.com.ar\/web\/wp-json\/wp\/v2\/tags?post=51739"}],"curies":[{"name":"wp","href":"https:\/\/api.w.org\/{rel}","templated":true}]}}