{"id":51905,"date":"2020-01-08T15:10:47","date_gmt":"2020-01-08T18:10:47","guid":{"rendered":"https:\/\/www.arquimaster.com.ar\/web\/?p=51905"},"modified":"2020-01-19T15:18:21","modified_gmt":"2020-01-19T18:18:21","slug":"puerta-la-victoria-lifestyle-center-grow-arquitectos","status":"publish","type":"post","link":"https:\/\/www.arquimaster.com.ar\/web\/puerta-la-victoria-lifestyle-center-grow-arquitectos\/","title":{"rendered":"Puerta La Victoria Lifestyle Center \/ Grow Arquitectos"},"content":{"rendered":"<div style=\"margin-top: 0px; margin-bottom: 0px;\" class=\"sharethis-inline-share-buttons\" ><\/div><div class=\"b812932af2e751442846f039925109de\" data-index=\"1\" style=\"float: none; margin:25px 0 25px 0; text-align:center;\">\n<script async src=\"https:\/\/pagead2.googlesyndication.com\/pagead\/js\/adsbygoogle.js\"><\/script>\r\n<!-- Arquimaster (superior) -->\r\n<ins class=\"adsbygoogle\"\r\n     style=\"display:block\"\r\n     data-ad-client=\"ca-pub-6351072698456832\"\r\n     data-ad-slot=\"6455489680\"\r\n     data-ad-format=\"auto\"\r\n     data-full-width-responsive=\"true\"><\/ins>\r\n<script>\r\n     (adsbygoogle = window.adsbygoogle || []).push({});\r\n<\/script>\n<\/div>\n<p><strong>Puerta La Victoria Lifestyle Center<\/strong> (Quer\u00e9taro, M\u00e9xico) por <strong>Grow Arquitectos<\/strong>. Ubicado en una de las avenidas m\u00e1s importantes de la ciudad de Quer\u00e9taro, Puerta La Victoria Lifestyle Center forma parte integral del conjunto de uso mixto Latitud Victoria. El objetivo de este proyecto es ser una extensi\u00f3n urbana de la Avenida Constituyentes generando una calle peatonal que recorre el conjunto comercial que se encuentra abierto y cubierto en la mayor\u00eda de su recorrido.<\/p>\n<div id='gallery-1' class='gallery galleryid-51905 gallery-columns-3 gallery-size-thumbnail'><figure class='gallery-item'>\n\t\t\t<div class='gallery-icon landscape'>\n\t\t\t\t<a href='https:\/\/www.arquimaster.com.ar\/web\/wp-content\/uploads\/2020\/01\/puerta_la_victoria1.jpg' title=\"Puerta La Victoria Lifestyle Center \/ Grow Arquitectos\" data-rl_title=\"Puerta La Victoria Lifestyle Center \/ Grow Arquitectos\" class=\"rl-gallery-link\" data-rl_caption=\"Puerta La Victoria Lifestyle Center \/ Grow Arquitectos\" data-rel=\"lightbox-gallery-1\"><img loading=\"lazy\" decoding=\"async\" width=\"150\" height=\"150\" src=\"https:\/\/www.arquimaster.com.ar\/web\/wp-content\/uploads\/2020\/01\/puerta_la_victoria1-150x150.jpg\" class=\"attachment-thumbnail size-thumbnail\" alt=\"\" aria-describedby=\"gallery-1-51907\" \/><\/a>\n\t\t\t<\/div>\n\t\t\t\t<figcaption class='wp-caption-text gallery-caption' id='gallery-1-51907'>\n\t\t\t\tPuerta La Victoria Lifestyle Center \/ Grow Arquitectos\n\t\t\t\t<\/figcaption><\/figure><figure class='gallery-item'>\n\t\t\t<div class='gallery-icon landscape'>\n\t\t\t\t<a href='https:\/\/www.arquimaster.com.ar\/web\/wp-content\/uploads\/2020\/01\/puerta_la_victoria2.jpg' title=\"Puerta La Victoria Lifestyle Center \/ Grow Arquitectos\" data-rl_title=\"Puerta La Victoria Lifestyle Center \/ Grow Arquitectos\" class=\"rl-gallery-link\" data-rl_caption=\"Puerta La Victoria Lifestyle Center \/ Grow Arquitectos\" data-rel=\"lightbox-gallery-1\"><img loading=\"lazy\" decoding=\"async\" width=\"150\" height=\"150\" src=\"https:\/\/www.arquimaster.com.ar\/web\/wp-content\/uploads\/2020\/01\/puerta_la_victoria2-150x150.jpg\" class=\"attachment-thumbnail size-thumbnail\" alt=\"\" aria-describedby=\"gallery-1-51908\" \/><\/a>\n\t\t\t<\/div>\n\t\t\t\t<figcaption class='wp-caption-text gallery-caption' id='gallery-1-51908'>\n\t\t\t\tPuerta La Victoria Lifestyle Center \/ Grow Arquitectos\n\t\t\t\t<\/figcaption><\/figure><figure class='gallery-item'>\n\t\t\t<div class='gallery-icon landscape'>\n\t\t\t\t<a href='https:\/\/www.arquimaster.com.ar\/web\/wp-content\/uploads\/2020\/01\/puerta_la_victoria3.jpg' title=\"Puerta La Victoria Lifestyle Center \/ Grow Arquitectos\" data-rl_title=\"Puerta La Victoria Lifestyle Center \/ Grow Arquitectos\" class=\"rl-gallery-link\" data-rl_caption=\"Puerta La Victoria Lifestyle Center \/ Grow Arquitectos\" data-rel=\"lightbox-gallery-1\"><img loading=\"lazy\" decoding=\"async\" width=\"150\" height=\"150\" src=\"https:\/\/www.arquimaster.com.ar\/web\/wp-content\/uploads\/2020\/01\/puerta_la_victoria3-150x150.jpg\" class=\"attachment-thumbnail size-thumbnail\" alt=\"\" aria-describedby=\"gallery-1-51909\" \/><\/a>\n\t\t\t<\/div>\n\t\t\t\t<figcaption class='wp-caption-text gallery-caption' id='gallery-1-51909'>\n\t\t\t\tPuerta La Victoria Lifestyle Center \/ Grow Arquitectos\n\t\t\t\t<\/figcaption><\/figure><figure class='gallery-item'>\n\t\t\t<div class='gallery-icon landscape'>\n\t\t\t\t<a href='https:\/\/www.arquimaster.com.ar\/web\/wp-content\/uploads\/2020\/01\/puerta_la_victoria4.jpg' title=\"Puerta La Victoria Lifestyle Center \/ Grow Arquitectos\" data-rl_title=\"Puerta La Victoria Lifestyle Center \/ Grow Arquitectos\" class=\"rl-gallery-link\" data-rl_caption=\"Puerta La Victoria Lifestyle Center \/ Grow Arquitectos\" data-rel=\"lightbox-gallery-1\"><img loading=\"lazy\" decoding=\"async\" width=\"150\" height=\"150\" src=\"https:\/\/www.arquimaster.com.ar\/web\/wp-content\/uploads\/2020\/01\/puerta_la_victoria4-150x150.jpg\" class=\"attachment-thumbnail size-thumbnail\" alt=\"\" aria-describedby=\"gallery-1-51910\" \/><\/a>\n\t\t\t<\/div>\n\t\t\t\t<figcaption class='wp-caption-text gallery-caption' id='gallery-1-51910'>\n\t\t\t\tPuerta La Victoria Lifestyle Center \/ Grow Arquitectos\n\t\t\t\t<\/figcaption><\/figure><figure class='gallery-item'>\n\t\t\t<div class='gallery-icon landscape'>\n\t\t\t\t<a href='https:\/\/www.arquimaster.com.ar\/web\/wp-content\/uploads\/2020\/01\/puerta_la_victoria5.jpg' title=\"Puerta La Victoria Lifestyle Center \/ Grow Arquitectos\" data-rl_title=\"Puerta La Victoria Lifestyle Center \/ Grow Arquitectos\" class=\"rl-gallery-link\" data-rl_caption=\"Puerta La Victoria Lifestyle Center \/ Grow Arquitectos\" data-rel=\"lightbox-gallery-1\"><img loading=\"lazy\" decoding=\"async\" width=\"150\" height=\"150\" src=\"https:\/\/www.arquimaster.com.ar\/web\/wp-content\/uploads\/2020\/01\/puerta_la_victoria5-150x150.jpg\" class=\"attachment-thumbnail size-thumbnail\" alt=\"\" aria-describedby=\"gallery-1-51911\" \/><\/a>\n\t\t\t<\/div>\n\t\t\t\t<figcaption class='wp-caption-text gallery-caption' id='gallery-1-51911'>\n\t\t\t\tPuerta La Victoria Lifestyle Center \/ Grow Arquitectos\n\t\t\t\t<\/figcaption><\/figure><figure class='gallery-item'>\n\t\t\t<div class='gallery-icon landscape'>\n\t\t\t\t<a href='https:\/\/www.arquimaster.com.ar\/web\/wp-content\/uploads\/2020\/01\/puerta_la_victoria6.jpg' title=\"Puerta La Victoria Lifestyle Center \/ Grow Arquitectos\" data-rl_title=\"Puerta La Victoria Lifestyle Center \/ Grow Arquitectos\" class=\"rl-gallery-link\" data-rl_caption=\"Puerta La Victoria Lifestyle Center \/ Grow Arquitectos\" data-rel=\"lightbox-gallery-1\"><img loading=\"lazy\" decoding=\"async\" width=\"150\" height=\"150\" src=\"https:\/\/www.arquimaster.com.ar\/web\/wp-content\/uploads\/2020\/01\/puerta_la_victoria6-150x150.jpg\" class=\"attachment-thumbnail size-thumbnail\" alt=\"\" aria-describedby=\"gallery-1-51912\" \/><\/a>\n\t\t\t<\/div>\n\t\t\t\t<figcaption class='wp-caption-text gallery-caption' id='gallery-1-51912'>\n\t\t\t\tPuerta La Victoria Lifestyle Center \/ Grow Arquitectos\n\t\t\t\t<\/figcaption><\/figure><figure class='gallery-item'>\n\t\t\t<div class='gallery-icon landscape'>\n\t\t\t\t<a href='https:\/\/www.arquimaster.com.ar\/web\/wp-content\/uploads\/2020\/01\/puerta_la_victoria7.jpg' title=\"Puerta La Victoria Lifestyle Center \/ Grow Arquitectos\" data-rl_title=\"Puerta La Victoria Lifestyle Center \/ Grow Arquitectos\" class=\"rl-gallery-link\" data-rl_caption=\"Puerta La Victoria Lifestyle Center \/ Grow Arquitectos\" data-rel=\"lightbox-gallery-1\"><img loading=\"lazy\" decoding=\"async\" width=\"150\" height=\"150\" src=\"https:\/\/www.arquimaster.com.ar\/web\/wp-content\/uploads\/2020\/01\/puerta_la_victoria7-150x150.jpg\" class=\"attachment-thumbnail size-thumbnail\" alt=\"\" aria-describedby=\"gallery-1-51913\" \/><\/a>\n\t\t\t<\/div>\n\t\t\t\t<figcaption class='wp-caption-text gallery-caption' id='gallery-1-51913'>\n\t\t\t\tPuerta La Victoria Lifestyle Center \/ Grow Arquitectos\n\t\t\t\t<\/figcaption><\/figure><figure class='gallery-item'>\n\t\t\t<div class='gallery-icon landscape'>\n\t\t\t\t<a href='https:\/\/www.arquimaster.com.ar\/web\/wp-content\/uploads\/2020\/01\/puerta_la_victoria8.jpg' title=\"Puerta La Victoria Lifestyle Center \/ Grow Arquitectos\" data-rl_title=\"Puerta La Victoria Lifestyle Center \/ Grow Arquitectos\" class=\"rl-gallery-link\" data-rl_caption=\"Puerta La Victoria Lifestyle Center \/ Grow Arquitectos\" data-rel=\"lightbox-gallery-1\"><img loading=\"lazy\" decoding=\"async\" width=\"150\" height=\"150\" src=\"https:\/\/www.arquimaster.com.ar\/web\/wp-content\/uploads\/2020\/01\/puerta_la_victoria8-150x150.jpg\" class=\"attachment-thumbnail size-thumbnail\" alt=\"\" aria-describedby=\"gallery-1-51914\" \/><\/a>\n\t\t\t<\/div>\n\t\t\t\t<figcaption class='wp-caption-text gallery-caption' id='gallery-1-51914'>\n\t\t\t\tPuerta La Victoria Lifestyle Center \/ Grow Arquitectos\n\t\t\t\t<\/figcaption><\/figure><figure class='gallery-item'>\n\t\t\t<div class='gallery-icon landscape'>\n\t\t\t\t<a href='https:\/\/www.arquimaster.com.ar\/web\/wp-content\/uploads\/2020\/01\/puerta_la_victoria9.jpg' title=\"Puerta La Victoria Lifestyle Center \/ Grow Arquitectos\" data-rl_title=\"Puerta La Victoria Lifestyle Center \/ Grow Arquitectos\" class=\"rl-gallery-link\" data-rl_caption=\"Puerta La Victoria Lifestyle Center \/ Grow Arquitectos\" data-rel=\"lightbox-gallery-1\"><img loading=\"lazy\" decoding=\"async\" width=\"150\" height=\"150\" src=\"https:\/\/www.arquimaster.com.ar\/web\/wp-content\/uploads\/2020\/01\/puerta_la_victoria9-150x150.jpg\" class=\"attachment-thumbnail size-thumbnail\" alt=\"\" aria-describedby=\"gallery-1-51915\" \/><\/a>\n\t\t\t<\/div>\n\t\t\t\t<figcaption class='wp-caption-text gallery-caption' id='gallery-1-51915'>\n\t\t\t\tPuerta La Victoria Lifestyle Center \/ Grow Arquitectos\n\t\t\t\t<\/figcaption><\/figure><figure class='gallery-item'>\n\t\t\t<div class='gallery-icon landscape'>\n\t\t\t\t<a href='https:\/\/www.arquimaster.com.ar\/web\/wp-content\/uploads\/2020\/01\/puerta_la_victoria10.jpg' title=\"Puerta La Victoria Lifestyle Center \/ Grow Arquitectos\" data-rl_title=\"Puerta La Victoria Lifestyle Center \/ Grow Arquitectos\" class=\"rl-gallery-link\" data-rl_caption=\"Puerta La Victoria Lifestyle Center \/ Grow Arquitectos\" data-rel=\"lightbox-gallery-1\"><img loading=\"lazy\" decoding=\"async\" width=\"150\" height=\"150\" src=\"https:\/\/www.arquimaster.com.ar\/web\/wp-content\/uploads\/2020\/01\/puerta_la_victoria10-150x150.jpg\" class=\"attachment-thumbnail size-thumbnail\" alt=\"\" aria-describedby=\"gallery-1-51916\" \/><\/a>\n\t\t\t<\/div>\n\t\t\t\t<figcaption class='wp-caption-text gallery-caption' id='gallery-1-51916'>\n\t\t\t\tPuerta La Victoria Lifestyle Center \/ Grow Arquitectos\n\t\t\t\t<\/figcaption><\/figure><figure class='gallery-item'>\n\t\t\t<div class='gallery-icon portrait'>\n\t\t\t\t<a href='https:\/\/www.arquimaster.com.ar\/web\/wp-content\/uploads\/2020\/01\/puerta_la_victoria11.jpg' title=\"Puerta La Victoria Lifestyle Center \/ Grow Arquitectos\" data-rl_title=\"Puerta La Victoria Lifestyle Center \/ Grow Arquitectos\" class=\"rl-gallery-link\" data-rl_caption=\"Puerta La Victoria Lifestyle Center \/ Grow Arquitectos\" data-rel=\"lightbox-gallery-1\"><img loading=\"lazy\" decoding=\"async\" width=\"150\" height=\"150\" src=\"https:\/\/www.arquimaster.com.ar\/web\/wp-content\/uploads\/2020\/01\/puerta_la_victoria11-150x150.jpg\" class=\"attachment-thumbnail size-thumbnail\" alt=\"\" aria-describedby=\"gallery-1-51917\" \/><\/a>\n\t\t\t<\/div>\n\t\t\t\t<figcaption class='wp-caption-text gallery-caption' id='gallery-1-51917'>\n\t\t\t\tPuerta La Victoria Lifestyle Center \/ Grow Arquitectos\n\t\t\t\t<\/figcaption><\/figure><figure class='gallery-item'>\n\t\t\t<div class='gallery-icon portrait'>\n\t\t\t\t<a href='https:\/\/www.arquimaster.com.ar\/web\/wp-content\/uploads\/2020\/01\/puerta_la_victoria12.jpg' title=\"Puerta La Victoria Lifestyle Center \/ Grow Arquitectos\" data-rl_title=\"Puerta La Victoria Lifestyle Center \/ Grow Arquitectos\" class=\"rl-gallery-link\" data-rl_caption=\"Puerta La Victoria Lifestyle Center \/ Grow Arquitectos\" data-rel=\"lightbox-gallery-1\"><img loading=\"lazy\" decoding=\"async\" width=\"150\" height=\"150\" src=\"https:\/\/www.arquimaster.com.ar\/web\/wp-content\/uploads\/2020\/01\/puerta_la_victoria12-150x150.jpg\" class=\"attachment-thumbnail size-thumbnail\" alt=\"\" aria-describedby=\"gallery-1-51918\" \/><\/a>\n\t\t\t<\/div>\n\t\t\t\t<figcaption class='wp-caption-text gallery-caption' id='gallery-1-51918'>\n\t\t\t\tPuerta La Victoria Lifestyle Center \/ Grow Arquitectos\n\t\t\t\t<\/figcaption><\/figure><figure class='gallery-item'>\n\t\t\t<div class='gallery-icon landscape'>\n\t\t\t\t<a href='https:\/\/www.arquimaster.com.ar\/web\/wp-content\/uploads\/2020\/01\/puerta_la_victoria13.jpg' title=\"Puerta La Victoria Lifestyle Center \/ Grow Arquitectos\" data-rl_title=\"Puerta La Victoria Lifestyle Center \/ Grow Arquitectos\" class=\"rl-gallery-link\" data-rl_caption=\"Puerta La Victoria Lifestyle Center \/ Grow Arquitectos\" data-rel=\"lightbox-gallery-1\"><img loading=\"lazy\" decoding=\"async\" width=\"150\" height=\"150\" src=\"https:\/\/www.arquimaster.com.ar\/web\/wp-content\/uploads\/2020\/01\/puerta_la_victoria13-150x150.jpg\" class=\"attachment-thumbnail size-thumbnail\" alt=\"\" aria-describedby=\"gallery-1-51919\" \/><\/a>\n\t\t\t<\/div>\n\t\t\t\t<figcaption class='wp-caption-text gallery-caption' id='gallery-1-51919'>\n\t\t\t\tPuerta La Victoria Lifestyle Center \/ Grow Arquitectos\n\t\t\t\t<\/figcaption><\/figure><figure class='gallery-item'>\n\t\t\t<div class='gallery-icon landscape'>\n\t\t\t\t<a href='https:\/\/www.arquimaster.com.ar\/web\/wp-content\/uploads\/2020\/01\/puerta_la_victoria14.jpg' title=\"Puerta La Victoria Lifestyle Center \/ Grow Arquitectos\" data-rl_title=\"Puerta La Victoria Lifestyle Center \/ Grow Arquitectos\" class=\"rl-gallery-link\" data-rl_caption=\"Puerta La Victoria Lifestyle Center \/ Grow Arquitectos\" data-rel=\"lightbox-gallery-1\"><img loading=\"lazy\" decoding=\"async\" width=\"150\" height=\"150\" src=\"https:\/\/www.arquimaster.com.ar\/web\/wp-content\/uploads\/2020\/01\/puerta_la_victoria14-150x150.jpg\" class=\"attachment-thumbnail size-thumbnail\" alt=\"\" aria-describedby=\"gallery-1-51920\" \/><\/a>\n\t\t\t<\/div>\n\t\t\t\t<figcaption class='wp-caption-text gallery-caption' id='gallery-1-51920'>\n\t\t\t\tPuerta La Victoria Lifestyle Center \/ Grow Arquitectos\n\t\t\t\t<\/figcaption><\/figure><figure class='gallery-item'>\n\t\t\t<div class='gallery-icon landscape'>\n\t\t\t\t<a href='https:\/\/www.arquimaster.com.ar\/web\/wp-content\/uploads\/2020\/01\/puerta_la_victoria15.jpg' title=\"Puerta La Victoria Lifestyle Center \/ Grow Arquitectos\" data-rl_title=\"Puerta La Victoria Lifestyle Center \/ Grow Arquitectos\" class=\"rl-gallery-link\" data-rl_caption=\"Puerta La Victoria Lifestyle Center \/ Grow Arquitectos\" data-rel=\"lightbox-gallery-1\"><img loading=\"lazy\" decoding=\"async\" width=\"150\" height=\"150\" src=\"https:\/\/www.arquimaster.com.ar\/web\/wp-content\/uploads\/2020\/01\/puerta_la_victoria15-150x150.jpg\" class=\"attachment-thumbnail size-thumbnail\" alt=\"\" aria-describedby=\"gallery-1-51921\" \/><\/a>\n\t\t\t<\/div>\n\t\t\t\t<figcaption class='wp-caption-text gallery-caption' id='gallery-1-51921'>\n\t\t\t\tPuerta La Victoria Lifestyle Center \/ Grow Arquitectos\n\t\t\t\t<\/figcaption><\/figure><figure class='gallery-item'>\n\t\t\t<div class='gallery-icon landscape'>\n\t\t\t\t<a href='https:\/\/www.arquimaster.com.ar\/web\/wp-content\/uploads\/2020\/01\/puerta_la_victoria16.jpg' title=\"Puerta La Victoria Lifestyle Center \/ Grow Arquitectos\" data-rl_title=\"Puerta La Victoria Lifestyle Center \/ Grow Arquitectos\" class=\"rl-gallery-link\" data-rl_caption=\"Puerta La Victoria Lifestyle Center \/ Grow Arquitectos\" data-rel=\"lightbox-gallery-1\"><img loading=\"lazy\" decoding=\"async\" width=\"150\" height=\"150\" src=\"https:\/\/www.arquimaster.com.ar\/web\/wp-content\/uploads\/2020\/01\/puerta_la_victoria16-150x150.jpg\" class=\"attachment-thumbnail size-thumbnail\" alt=\"\" aria-describedby=\"gallery-1-51922\" \/><\/a>\n\t\t\t<\/div>\n\t\t\t\t<figcaption class='wp-caption-text gallery-caption' id='gallery-1-51922'>\n\t\t\t\tPuerta La Victoria Lifestyle Center \/ Grow Arquitectos\n\t\t\t\t<\/figcaption><\/figure><figure class='gallery-item'>\n\t\t\t<div class='gallery-icon portrait'>\n\t\t\t\t<a href='https:\/\/www.arquimaster.com.ar\/web\/wp-content\/uploads\/2020\/01\/puerta_la_victoria17.jpg' title=\"Puerta La Victoria Lifestyle Center \/ Grow Arquitectos\" data-rl_title=\"Puerta La Victoria Lifestyle Center \/ Grow Arquitectos\" class=\"rl-gallery-link\" data-rl_caption=\"Puerta La Victoria Lifestyle Center \/ Grow Arquitectos\" data-rel=\"lightbox-gallery-1\"><img loading=\"lazy\" decoding=\"async\" width=\"150\" height=\"150\" src=\"https:\/\/www.arquimaster.com.ar\/web\/wp-content\/uploads\/2020\/01\/puerta_la_victoria17-150x150.jpg\" class=\"attachment-thumbnail size-thumbnail\" alt=\"\" aria-describedby=\"gallery-1-51923\" \/><\/a>\n\t\t\t<\/div>\n\t\t\t\t<figcaption class='wp-caption-text gallery-caption' id='gallery-1-51923'>\n\t\t\t\tPuerta La Victoria Lifestyle Center \/ Grow Arquitectos\n\t\t\t\t<\/figcaption><\/figure><figure class='gallery-item'>\n\t\t\t<div class='gallery-icon landscape'>\n\t\t\t\t<a href='https:\/\/www.arquimaster.com.ar\/web\/wp-content\/uploads\/2020\/01\/puerta_la_victoria18.jpg' title=\"Puerta La Victoria Lifestyle Center \/ Grow Arquitectos\" data-rl_title=\"Puerta La Victoria Lifestyle Center \/ Grow Arquitectos\" class=\"rl-gallery-link\" data-rl_caption=\"Puerta La Victoria Lifestyle Center \/ Grow Arquitectos\" data-rel=\"lightbox-gallery-1\"><img loading=\"lazy\" decoding=\"async\" width=\"150\" height=\"150\" src=\"https:\/\/www.arquimaster.com.ar\/web\/wp-content\/uploads\/2020\/01\/puerta_la_victoria18-150x150.jpg\" class=\"attachment-thumbnail size-thumbnail\" alt=\"\" aria-describedby=\"gallery-1-51924\" \/><\/a>\n\t\t\t<\/div>\n\t\t\t\t<figcaption class='wp-caption-text gallery-caption' id='gallery-1-51924'>\n\t\t\t\tPuerta La Victoria Lifestyle Center \/ Grow Arquitectos\n\t\t\t\t<\/figcaption><\/figure><figure class='gallery-item'>\n\t\t\t<div class='gallery-icon landscape'>\n\t\t\t\t<a href='https:\/\/www.arquimaster.com.ar\/web\/wp-content\/uploads\/2020\/01\/puerta_la_victoria19.jpg' title=\"Puerta La Victoria Lifestyle Center \/ Grow Arquitectos\" data-rl_title=\"Puerta La Victoria Lifestyle Center \/ Grow Arquitectos\" class=\"rl-gallery-link\" data-rl_caption=\"Puerta La Victoria Lifestyle Center \/ Grow Arquitectos\" data-rel=\"lightbox-gallery-1\"><img loading=\"lazy\" decoding=\"async\" width=\"150\" height=\"150\" src=\"https:\/\/www.arquimaster.com.ar\/web\/wp-content\/uploads\/2020\/01\/puerta_la_victoria19-150x150.jpg\" class=\"attachment-thumbnail size-thumbnail\" alt=\"\" aria-describedby=\"gallery-1-51925\" \/><\/a>\n\t\t\t<\/div>\n\t\t\t\t<figcaption class='wp-caption-text gallery-caption' id='gallery-1-51925'>\n\t\t\t\tPuerta La Victoria Lifestyle Center \/ Grow Arquitectos\n\t\t\t\t<\/figcaption><\/figure><figure class='gallery-item'>\n\t\t\t<div class='gallery-icon landscape'>\n\t\t\t\t<a href='https:\/\/www.arquimaster.com.ar\/web\/wp-content\/uploads\/2020\/01\/puerta_la_victoria20.jpg' title=\"Puerta La Victoria Lifestyle Center \/ Grow Arquitectos\" data-rl_title=\"Puerta La Victoria Lifestyle Center \/ Grow Arquitectos\" class=\"rl-gallery-link\" data-rl_caption=\"Puerta La Victoria Lifestyle Center \/ Grow Arquitectos\" data-rel=\"lightbox-gallery-1\"><img loading=\"lazy\" decoding=\"async\" width=\"150\" height=\"150\" src=\"https:\/\/www.arquimaster.com.ar\/web\/wp-content\/uploads\/2020\/01\/puerta_la_victoria20-150x150.jpg\" class=\"attachment-thumbnail size-thumbnail\" alt=\"\" aria-describedby=\"gallery-1-51926\" \/><\/a>\n\t\t\t<\/div>\n\t\t\t\t<figcaption class='wp-caption-text gallery-caption' id='gallery-1-51926'>\n\t\t\t\tPuerta La Victoria Lifestyle Center \/ Grow Arquitectos\n\t\t\t\t<\/figcaption><\/figure><figure class='gallery-item'>\n\t\t\t<div class='gallery-icon landscape'>\n\t\t\t\t<a href='https:\/\/www.arquimaster.com.ar\/web\/wp-content\/uploads\/2020\/01\/puerta_la_victoria21.jpg' title=\"Puerta La Victoria Lifestyle Center \/ Grow Arquitectos (planta)\" data-rl_title=\"Puerta La Victoria Lifestyle Center \/ Grow Arquitectos (planta)\" class=\"rl-gallery-link\" data-rl_caption=\"Puerta La Victoria Lifestyle Center \/ Grow Arquitectos (planta)\" data-rel=\"lightbox-gallery-1\"><img loading=\"lazy\" decoding=\"async\" width=\"150\" height=\"150\" src=\"https:\/\/www.arquimaster.com.ar\/web\/wp-content\/uploads\/2020\/01\/puerta_la_victoria21-150x150.jpg\" class=\"attachment-thumbnail size-thumbnail\" alt=\"\" aria-describedby=\"gallery-1-51927\" \/><\/a>\n\t\t\t<\/div>\n\t\t\t\t<figcaption class='wp-caption-text gallery-caption' id='gallery-1-51927'>\n\t\t\t\tPuerta La Victoria Lifestyle Center \/ Grow Arquitectos (planta)\n\t\t\t\t<\/figcaption><\/figure><figure class='gallery-item'>\n\t\t\t<div class='gallery-icon landscape'>\n\t\t\t\t<a href='https:\/\/www.arquimaster.com.ar\/web\/wp-content\/uploads\/2020\/01\/puerta_la_victoria22.jpg' title=\"Puerta La Victoria Lifestyle Center \/ Grow Arquitectos (corte)\" data-rl_title=\"Puerta La Victoria Lifestyle Center \/ Grow Arquitectos (corte)\" class=\"rl-gallery-link\" data-rl_caption=\"Puerta La Victoria Lifestyle Center \/ Grow Arquitectos (corte)\" data-rel=\"lightbox-gallery-1\"><img loading=\"lazy\" decoding=\"async\" width=\"150\" height=\"150\" src=\"https:\/\/www.arquimaster.com.ar\/web\/wp-content\/uploads\/2020\/01\/puerta_la_victoria22-150x150.jpg\" class=\"attachment-thumbnail size-thumbnail\" alt=\"\" aria-describedby=\"gallery-1-51928\" \/><\/a>\n\t\t\t<\/div>\n\t\t\t\t<figcaption class='wp-caption-text gallery-caption' id='gallery-1-51928'>\n\t\t\t\tPuerta La Victoria Lifestyle Center \/ Grow Arquitectos (corte)\n\t\t\t\t<\/figcaption><\/figure><figure class='gallery-item'>\n\t\t\t<div class='gallery-icon landscape'>\n\t\t\t\t<a href='https:\/\/www.arquimaster.com.ar\/web\/wp-content\/uploads\/2020\/01\/puerta_la_victoria23.jpg' title=\"Puerta La Victoria Lifestyle Center \/ Grow Arquitectos (vista)\" data-rl_title=\"Puerta La Victoria Lifestyle Center \/ Grow Arquitectos (vista)\" class=\"rl-gallery-link\" data-rl_caption=\"Puerta La Victoria Lifestyle Center \/ Grow Arquitectos (vista)\" data-rel=\"lightbox-gallery-1\"><img loading=\"lazy\" decoding=\"async\" width=\"150\" height=\"150\" src=\"https:\/\/www.arquimaster.com.ar\/web\/wp-content\/uploads\/2020\/01\/puerta_la_victoria23-150x150.jpg\" class=\"attachment-thumbnail size-thumbnail\" alt=\"\" aria-describedby=\"gallery-1-51929\" \/><\/a>\n\t\t\t<\/div>\n\t\t\t\t<figcaption class='wp-caption-text gallery-caption' id='gallery-1-51929'>\n\t\t\t\tPuerta La Victoria Lifestyle Center \/ Grow Arquitectos (vista)\n\t\t\t\t<\/figcaption><\/figure>\n\t\t<\/div>\n\n<p>Los requerimientos del programa inmobiliario fueron respetados en todo el proceso de dise\u00f1o y se consideraron 3 amplios s\u00f3tanos para estacionamiento para cumplir con la capacidad necesaria. En el s\u00f3tano dos se ubica un Power Center para servicios comerciales y tiendas de conveniencia.<\/p>\n<p>En el nivel de planta baja, el peatonal, se crearon dos alas comerciales en 3 niveles con una gran variedad de espacios comerciales, liderados por una tienda ancla departamental a la que se suman, en el nivel superior, diversas opciones para el entretenimiento. Remata el proyecto con un corredor gourmet que le da una din\u00e1mica contempor\u00e1nea y se presenta como una alternativa muy completa de convivencia al entorno urbano.<\/p>\n<p>Urban\u00edsticamente estar\u00e1 generando nuevas opciones de espacio p\u00fablico en el centro de la ciudad de Quer\u00e9taro y ser\u00e1 una alternativa con una atractiva propuesta ya que al ser una calle abierta, flanqueada por terrazas, restaurantes, plazas y amplias \u00e1reas con jardines se suma al car\u00e1cter del entorno y aprovecha el agradable clima que tiene durante la mayor parte del a\u00f1o. Para la \u00e9poca de lluvias, el invierno y la noche se consideraron cubiertas ligeras para proteger a los paseantes sin dejar de disfrutar del aire libre.<\/p>\n<p><strong>Ficha t\u00e9cnica<\/strong><br \/>Nombre: Puerta la Victoria Lifestyle Center<br \/>Ubicaci\u00f3n: Quer\u00e9taro, M\u00e9xico<br \/>Proyecto arquitect\u00f3nico: Grow Arquitectos<br \/>Arq. Gonzalo Cantero, Arq. Bernardo Cantero, Arq. Fernando C\u00e1rdenas, Arq. Gerardo Velasco<br \/>Colaboradores: Arq. Edgar Vale, Arq Omar D\u00edaz, Arq. Lucero Martinez<br \/>\u00c1rea: 58,500 m2 GLA, 160,000 m2 construidos<br \/>A\u00f1o: 2015-2016<br \/>Renders: Grow Arquitectos<\/p>\n<p><strong>Contacto<\/strong><br \/><a href=\"http:\/\/www.growarquitectos.com\" target=\"_blank\" rel=\"noopener noreferrer\">http:\/\/www.growarquitectos.com<\/a><\/p>\n\n\n<div style=\"height:20px\" aria-hidden=\"true\" class=\"wp-block-spacer\"><\/div>\n\n\n<p><em><strong>English version<\/strong><\/em><\/p>\n<p><em>Puerta La Victoria Lifestyle Center is located in one of the most important avenues in the city of Quer\u00e9taro, Mexico and is an integral part of Latitud Victoria mixed-use complex. The purpose of this project is to become an urban extension of Constituyentes Avenue generating a pedestrian street that runs through the commercial area that is open and covered in most of its route.<\/em><\/p>\n<p><em>The requirements of the real estate program were observed throughout the design process and 3 large basements for parking were considered to meet the needed capacity. At the second basement there is a Power Center for commercial services and convenience stores.<\/em><\/p>\n<p><em>On the ground floor, the pedestrian level, two commercial areas in 3 levels were created to have commercial spaces, led by a departmental anchor store and a wide variety of entertainment at the upper level. The concept is round off with a gourmet corridor a contemporary dynamic that offers a full range of choices to enjoy the urban context.<\/em><\/p>\n<p><em>Puerta La Victoria will generate a new public space option in downtown Quer\u00e9taro. A very attractive alternative: an open street flanked by terraces, restaurants, piazzas, and large garden areas adding to the surrounding character and making the most of the wonderful climate through most of the year. For the rainy season, the winter, and the evening there are some light covers to protect the promenades and still enjoy being outside.<\/em><\/p>\n<div style=\"font-size: 0px; height: 0px; line-height: 0px; margin: 0; padding: 0; clear: both;\"><\/div><div style=\"margin-top: 0px; margin-bottom: 0px;\" class=\"sharethis-inline-share-buttons\" ><\/div>","protected":false},"excerpt":{"rendered":"<p>Calle peatonal abierta, flanqueada por terrazas, restaurantes, plazas y jardines&#8230;<\/p>\n","protected":false},"author":1,"featured_media":51906,"comment_status":"closed","ping_status":"closed","sticky":false,"template":"","format":"standard","meta":{"_uag_custom_page_level_css":"","footnotes":""},"categories":[75,1],"tags":[1233,4192,273,4190,4193,4191,4188,24,3620,809],"class_list":["post-51905","post","type-post","status-publish","format-standard","has-post-thumbnail","hentry","category-arquitectura-comercial","category-proyecto","tag-arquitectura-comercial-2","tag-bernardo-cantero","tag-centro-comercial","tag-fernando-cardenas","tag-gerardo-velasco","tag-gonzalo-cantero","tag-grow-arquitectos","tag-mexico","tag-queretaro","tag-shopping","generate-columns","tablet-grid-50","mobile-grid-100","grid-parent","grid-50"],"yoast_head":"<!-- This site is optimized with the Yoast SEO plugin v27.3 - https:\/\/yoast.com\/product\/yoast-seo-wordpress\/ -->\n<title>Puerta La Victoria Lifestyle Center \/ Grow Arquitectos - Arquimaster<\/title>\n<meta name=\"description\" content=\"Calle peatonal abierta, flanqueada por terrazas, restaurantes, plazas y amplias \u00e1reas con jardines que se suma al car\u00e1cter del entorno y aprovecha el agradable clima que tiene durante la mayor parte del a\u00f1o.\" \/>\n<meta name=\"robots\" content=\"index, follow, max-snippet:-1, max-image-preview:large, max-video-preview:-1\" \/>\n<link rel=\"canonical\" href=\"https:\/\/www.arquimaster.com.ar\/web\/puerta-la-victoria-lifestyle-center-grow-arquitectos\/\" \/>\n<meta property=\"og:locale\" content=\"es_ES\" \/>\n<meta property=\"og:type\" content=\"article\" \/>\n<meta property=\"og:title\" content=\"Puerta La Victoria Lifestyle Center \/ Grow Arquitectos\" \/>\n<meta property=\"og:description\" content=\"Calle peatonal abierta, flanqueada por terrazas, restaurantes, plazas y amplias \u00e1reas con jardines que se suma al car\u00e1cter del entorno y aprovecha el agradable clima que tiene durante la mayor parte del a\u00f1o.\" \/>\n<meta property=\"og:url\" content=\"https:\/\/www.arquimaster.com.ar\/web\/puerta-la-victoria-lifestyle-center-grow-arquitectos\/\" \/>\n<meta property=\"og:site_name\" content=\"Arquimaster\" \/>\n<meta property=\"article:publisher\" content=\"http:\/\/www.facebook.com\/ARQUIMASTER.com.ar\" \/>\n<meta property=\"article:published_time\" content=\"2020-01-08T18:10:47+00:00\" \/>\n<meta property=\"article:modified_time\" content=\"2020-01-19T18:18:21+00:00\" \/>\n<meta property=\"og:image\" content=\"https:\/\/www.arquimaster.com.ar\/web\/wp-content\/uploads\/2020\/01\/puerta_la_victoria_slide.jpg\" \/>\n\t<meta property=\"og:image:width\" content=\"698\" \/>\n\t<meta property=\"og:image:height\" content=\"364\" \/>\n\t<meta property=\"og:image:type\" content=\"image\/jpeg\" \/>\n<meta name=\"author\" content=\"Arquimaster\" \/>\n<meta name=\"twitter:card\" content=\"summary_large_image\" \/>\n<meta name=\"twitter:title\" content=\"Puerta La Victoria Lifestyle Center \/ Grow Arquitectos\" \/>\n<meta name=\"twitter:description\" content=\"Calle peatonal abierta, flanqueada por terrazas, restaurantes, plazas y amplias \u00e1reas con jardines que se suma al car\u00e1cter del entorno y aprovecha el agradable clima que tiene durante la mayor parte del a\u00f1o.\" \/>\n<meta name=\"twitter:image\" content=\"https:\/\/www.arquimaster.com.ar\/web\/wp-content\/uploads\/2020\/01\/puerta_la_victoria_slide.jpg\" \/>\n<meta name=\"twitter:creator\" content=\"@arquimaster\" \/>\n<meta name=\"twitter:site\" content=\"@arquimaster\" \/>\n<meta name=\"twitter:label1\" content=\"Escrito por\" \/>\n\t<meta name=\"twitter:data1\" content=\"Arquimaster\" \/>\n\t<meta name=\"twitter:label2\" content=\"Tiempo de lectura\" \/>\n\t<meta name=\"twitter:data2\" content=\"3 minutos\" \/>\n<script type=\"application\/ld+json\" class=\"yoast-schema-graph\">{\"@context\":\"https:\\\/\\\/schema.org\",\"@graph\":[{\"@type\":\"Article\",\"@id\":\"https:\\\/\\\/www.arquimaster.com.ar\\\/web\\\/puerta-la-victoria-lifestyle-center-grow-arquitectos\\\/#article\",\"isPartOf\":{\"@id\":\"https:\\\/\\\/www.arquimaster.com.ar\\\/web\\\/puerta-la-victoria-lifestyle-center-grow-arquitectos\\\/\"},\"author\":{\"name\":\"Arquimaster\",\"@id\":\"https:\\\/\\\/www.arquimaster.com.ar\\\/web\\\/#\\\/schema\\\/person\\\/359e9f7c00193fcde068e0dd2ceb0028\"},\"headline\":\"Puerta La Victoria Lifestyle Center \\\/ Grow Arquitectos\",\"datePublished\":\"2020-01-08T18:10:47+00:00\",\"dateModified\":\"2020-01-19T18:18:21+00:00\",\"mainEntityOfPage\":{\"@id\":\"https:\\\/\\\/www.arquimaster.com.ar\\\/web\\\/puerta-la-victoria-lifestyle-center-grow-arquitectos\\\/\"},\"wordCount\":587,\"publisher\":{\"@id\":\"https:\\\/\\\/www.arquimaster.com.ar\\\/web\\\/#organization\"},\"image\":{\"@id\":\"https:\\\/\\\/www.arquimaster.com.ar\\\/web\\\/puerta-la-victoria-lifestyle-center-grow-arquitectos\\\/#primaryimage\"},\"thumbnailUrl\":\"https:\\\/\\\/www.arquimaster.com.ar\\\/web\\\/wp-content\\\/uploads\\\/2020\\\/01\\\/puerta_la_victoria_slide.jpg\",\"keywords\":[\"arquitectura comercial\",\"Bernardo Cantero\",\"centro comercial\",\"Fernando C\u00e1rdenas\",\"Gerardo Velasco\",\"Gonzalo Cantero\",\"Grow Arquitectos\",\"Mexico\",\"Queretaro\",\"shopping\"],\"articleSection\":[\"Arquitectura comercial\",\"Proyecto\"],\"inLanguage\":\"es\"},{\"@type\":\"WebPage\",\"@id\":\"https:\\\/\\\/www.arquimaster.com.ar\\\/web\\\/puerta-la-victoria-lifestyle-center-grow-arquitectos\\\/\",\"url\":\"https:\\\/\\\/www.arquimaster.com.ar\\\/web\\\/puerta-la-victoria-lifestyle-center-grow-arquitectos\\\/\",\"name\":\"Puerta La Victoria Lifestyle Center \\\/ Grow Arquitectos - Arquimaster\",\"isPartOf\":{\"@id\":\"https:\\\/\\\/www.arquimaster.com.ar\\\/web\\\/#website\"},\"primaryImageOfPage\":{\"@id\":\"https:\\\/\\\/www.arquimaster.com.ar\\\/web\\\/puerta-la-victoria-lifestyle-center-grow-arquitectos\\\/#primaryimage\"},\"image\":{\"@id\":\"https:\\\/\\\/www.arquimaster.com.ar\\\/web\\\/puerta-la-victoria-lifestyle-center-grow-arquitectos\\\/#primaryimage\"},\"thumbnailUrl\":\"https:\\\/\\\/www.arquimaster.com.ar\\\/web\\\/wp-content\\\/uploads\\\/2020\\\/01\\\/puerta_la_victoria_slide.jpg\",\"datePublished\":\"2020-01-08T18:10:47+00:00\",\"dateModified\":\"2020-01-19T18:18:21+00:00\",\"description\":\"Calle peatonal abierta, flanqueada por terrazas, restaurantes, plazas y amplias \u00e1reas con jardines que se suma al car\u00e1cter del entorno y aprovecha el agradable clima que tiene durante la mayor parte del a\u00f1o.\",\"breadcrumb\":{\"@id\":\"https:\\\/\\\/www.arquimaster.com.ar\\\/web\\\/puerta-la-victoria-lifestyle-center-grow-arquitectos\\\/#breadcrumb\"},\"inLanguage\":\"es\",\"potentialAction\":[{\"@type\":\"ReadAction\",\"target\":[\"https:\\\/\\\/www.arquimaster.com.ar\\\/web\\\/puerta-la-victoria-lifestyle-center-grow-arquitectos\\\/\"]}]},{\"@type\":\"ImageObject\",\"inLanguage\":\"es\",\"@id\":\"https:\\\/\\\/www.arquimaster.com.ar\\\/web\\\/puerta-la-victoria-lifestyle-center-grow-arquitectos\\\/#primaryimage\",\"url\":\"https:\\\/\\\/www.arquimaster.com.ar\\\/web\\\/wp-content\\\/uploads\\\/2020\\\/01\\\/puerta_la_victoria_slide.jpg\",\"contentUrl\":\"https:\\\/\\\/www.arquimaster.com.ar\\\/web\\\/wp-content\\\/uploads\\\/2020\\\/01\\\/puerta_la_victoria_slide.jpg\",\"width\":698,\"height\":364},{\"@type\":\"BreadcrumbList\",\"@id\":\"https:\\\/\\\/www.arquimaster.com.ar\\\/web\\\/puerta-la-victoria-lifestyle-center-grow-arquitectos\\\/#breadcrumb\",\"itemListElement\":[{\"@type\":\"ListItem\",\"position\":1,\"name\":\"Portada\",\"item\":\"https:\\\/\\\/www.arquimaster.com.ar\\\/web\\\/\"},{\"@type\":\"ListItem\",\"position\":2,\"name\":\"Puerta La Victoria Lifestyle Center \\\/ Grow Arquitectos\"}]},{\"@type\":\"WebSite\",\"@id\":\"https:\\\/\\\/www.arquimaster.com.ar\\\/web\\\/#website\",\"url\":\"https:\\\/\\\/www.arquimaster.com.ar\\\/web\\\/\",\"name\":\"Arquimaster\",\"description\":\"Web de arquitectura, dise\u00f1o y construccion\",\"publisher\":{\"@id\":\"https:\\\/\\\/www.arquimaster.com.ar\\\/web\\\/#organization\"},\"potentialAction\":[{\"@type\":\"SearchAction\",\"target\":{\"@type\":\"EntryPoint\",\"urlTemplate\":\"https:\\\/\\\/www.arquimaster.com.ar\\\/web\\\/?s={search_term_string}\"},\"query-input\":{\"@type\":\"PropertyValueSpecification\",\"valueRequired\":true,\"valueName\":\"search_term_string\"}}],\"inLanguage\":\"es\"},{\"@type\":\"Organization\",\"@id\":\"https:\\\/\\\/www.arquimaster.com.ar\\\/web\\\/#organization\",\"name\":\"Arquimaster\",\"url\":\"https:\\\/\\\/www.arquimaster.com.ar\\\/web\\\/\",\"logo\":{\"@type\":\"ImageObject\",\"inLanguage\":\"es\",\"@id\":\"https:\\\/\\\/www.arquimaster.com.ar\\\/web\\\/#\\\/schema\\\/logo\\\/image\\\/\",\"url\":\"https:\\\/\\\/www.arquimaster.com.ar\\\/web\\\/wp-content\\\/uploads\\\/2022\\\/06\\\/arquimaster.png\",\"contentUrl\":\"https:\\\/\\\/www.arquimaster.com.ar\\\/web\\\/wp-content\\\/uploads\\\/2022\\\/06\\\/arquimaster.png\",\"width\":594,\"height\":78,\"caption\":\"Arquimaster\"},\"image\":{\"@id\":\"https:\\\/\\\/www.arquimaster.com.ar\\\/web\\\/#\\\/schema\\\/logo\\\/image\\\/\"},\"sameAs\":[\"http:\\\/\\\/www.facebook.com\\\/ARQUIMASTER.com.ar\",\"https:\\\/\\\/x.com\\\/arquimaster\",\"https:\\\/\\\/www.instagram.com\\\/arquimasterblog\\\/\",\"https:\\\/\\\/www.linkedin.com\\\/company\\\/arquimaster\",\"https:\\\/\\\/www.pinterest.com\\\/arquimaster\",\"https:\\\/\\\/t.me\\\/arquimaster\"]},{\"@type\":\"Person\",\"@id\":\"https:\\\/\\\/www.arquimaster.com.ar\\\/web\\\/#\\\/schema\\\/person\\\/359e9f7c00193fcde068e0dd2ceb0028\",\"name\":\"Arquimaster\"}]}<\/script>\n<!-- \/ Yoast SEO plugin. -->","yoast_head_json":{"title":"Puerta La Victoria Lifestyle Center \/ Grow Arquitectos - Arquimaster","description":"Calle peatonal abierta, flanqueada por terrazas, restaurantes, plazas y amplias \u00e1reas con jardines que se suma al car\u00e1cter del entorno y aprovecha el agradable clima que tiene durante la mayor parte del a\u00f1o.","robots":{"index":"index","follow":"follow","max-snippet":"max-snippet:-1","max-image-preview":"max-image-preview:large","max-video-preview":"max-video-preview:-1"},"canonical":"https:\/\/www.arquimaster.com.ar\/web\/puerta-la-victoria-lifestyle-center-grow-arquitectos\/","og_locale":"es_ES","og_type":"article","og_title":"Puerta La Victoria Lifestyle Center \/ Grow Arquitectos","og_description":"Calle peatonal abierta, flanqueada por terrazas, restaurantes, plazas y amplias \u00e1reas con jardines que se suma al car\u00e1cter del entorno y aprovecha el agradable clima que tiene durante la mayor parte del a\u00f1o.","og_url":"https:\/\/www.arquimaster.com.ar\/web\/puerta-la-victoria-lifestyle-center-grow-arquitectos\/","og_site_name":"Arquimaster","article_publisher":"http:\/\/www.facebook.com\/ARQUIMASTER.com.ar","article_published_time":"2020-01-08T18:10:47+00:00","article_modified_time":"2020-01-19T18:18:21+00:00","og_image":[{"width":698,"height":364,"url":"https:\/\/www.arquimaster.com.ar\/web\/wp-content\/uploads\/2020\/01\/puerta_la_victoria_slide.jpg","type":"image\/jpeg"}],"author":"Arquimaster","twitter_card":"summary_large_image","twitter_title":"Puerta La Victoria Lifestyle Center \/ Grow Arquitectos","twitter_description":"Calle peatonal abierta, flanqueada por terrazas, restaurantes, plazas y amplias \u00e1reas con jardines que se suma al car\u00e1cter del entorno y aprovecha el agradable clima que tiene durante la mayor parte del a\u00f1o.","twitter_image":"https:\/\/www.arquimaster.com.ar\/web\/wp-content\/uploads\/2020\/01\/puerta_la_victoria_slide.jpg","twitter_creator":"@arquimaster","twitter_site":"@arquimaster","twitter_misc":{"Escrito por":"Arquimaster","Tiempo de lectura":"3 minutos"},"schema":{"@context":"https:\/\/schema.org","@graph":[{"@type":"Article","@id":"https:\/\/www.arquimaster.com.ar\/web\/puerta-la-victoria-lifestyle-center-grow-arquitectos\/#article","isPartOf":{"@id":"https:\/\/www.arquimaster.com.ar\/web\/puerta-la-victoria-lifestyle-center-grow-arquitectos\/"},"author":{"name":"Arquimaster","@id":"https:\/\/www.arquimaster.com.ar\/web\/#\/schema\/person\/359e9f7c00193fcde068e0dd2ceb0028"},"headline":"Puerta La Victoria Lifestyle Center \/ Grow Arquitectos","datePublished":"2020-01-08T18:10:47+00:00","dateModified":"2020-01-19T18:18:21+00:00","mainEntityOfPage":{"@id":"https:\/\/www.arquimaster.com.ar\/web\/puerta-la-victoria-lifestyle-center-grow-arquitectos\/"},"wordCount":587,"publisher":{"@id":"https:\/\/www.arquimaster.com.ar\/web\/#organization"},"image":{"@id":"https:\/\/www.arquimaster.com.ar\/web\/puerta-la-victoria-lifestyle-center-grow-arquitectos\/#primaryimage"},"thumbnailUrl":"https:\/\/www.arquimaster.com.ar\/web\/wp-content\/uploads\/2020\/01\/puerta_la_victoria_slide.jpg","keywords":["arquitectura comercial","Bernardo Cantero","centro comercial","Fernando C\u00e1rdenas","Gerardo Velasco","Gonzalo Cantero","Grow Arquitectos","Mexico","Queretaro","shopping"],"articleSection":["Arquitectura comercial","Proyecto"],"inLanguage":"es"},{"@type":"WebPage","@id":"https:\/\/www.arquimaster.com.ar\/web\/puerta-la-victoria-lifestyle-center-grow-arquitectos\/","url":"https:\/\/www.arquimaster.com.ar\/web\/puerta-la-victoria-lifestyle-center-grow-arquitectos\/","name":"Puerta La Victoria Lifestyle Center \/ Grow Arquitectos - Arquimaster","isPartOf":{"@id":"https:\/\/www.arquimaster.com.ar\/web\/#website"},"primaryImageOfPage":{"@id":"https:\/\/www.arquimaster.com.ar\/web\/puerta-la-victoria-lifestyle-center-grow-arquitectos\/#primaryimage"},"image":{"@id":"https:\/\/www.arquimaster.com.ar\/web\/puerta-la-victoria-lifestyle-center-grow-arquitectos\/#primaryimage"},"thumbnailUrl":"https:\/\/www.arquimaster.com.ar\/web\/wp-content\/uploads\/2020\/01\/puerta_la_victoria_slide.jpg","datePublished":"2020-01-08T18:10:47+00:00","dateModified":"2020-01-19T18:18:21+00:00","description":"Calle peatonal abierta, flanqueada por terrazas, restaurantes, plazas y amplias \u00e1reas con jardines que se suma al car\u00e1cter del entorno y aprovecha el agradable clima que tiene durante la mayor parte del a\u00f1o.","breadcrumb":{"@id":"https:\/\/www.arquimaster.com.ar\/web\/puerta-la-victoria-lifestyle-center-grow-arquitectos\/#breadcrumb"},"inLanguage":"es","potentialAction":[{"@type":"ReadAction","target":["https:\/\/www.arquimaster.com.ar\/web\/puerta-la-victoria-lifestyle-center-grow-arquitectos\/"]}]},{"@type":"ImageObject","inLanguage":"es","@id":"https:\/\/www.arquimaster.com.ar\/web\/puerta-la-victoria-lifestyle-center-grow-arquitectos\/#primaryimage","url":"https:\/\/www.arquimaster.com.ar\/web\/wp-content\/uploads\/2020\/01\/puerta_la_victoria_slide.jpg","contentUrl":"https:\/\/www.arquimaster.com.ar\/web\/wp-content\/uploads\/2020\/01\/puerta_la_victoria_slide.jpg","width":698,"height":364},{"@type":"BreadcrumbList","@id":"https:\/\/www.arquimaster.com.ar\/web\/puerta-la-victoria-lifestyle-center-grow-arquitectos\/#breadcrumb","itemListElement":[{"@type":"ListItem","position":1,"name":"Portada","item":"https:\/\/www.arquimaster.com.ar\/web\/"},{"@type":"ListItem","position":2,"name":"Puerta La Victoria Lifestyle Center \/ Grow Arquitectos"}]},{"@type":"WebSite","@id":"https:\/\/www.arquimaster.com.ar\/web\/#website","url":"https:\/\/www.arquimaster.com.ar\/web\/","name":"Arquimaster","description":"Web de arquitectura, dise\u00f1o y construccion","publisher":{"@id":"https:\/\/www.arquimaster.com.ar\/web\/#organization"},"potentialAction":[{"@type":"SearchAction","target":{"@type":"EntryPoint","urlTemplate":"https:\/\/www.arquimaster.com.ar\/web\/?s={search_term_string}"},"query-input":{"@type":"PropertyValueSpecification","valueRequired":true,"valueName":"search_term_string"}}],"inLanguage":"es"},{"@type":"Organization","@id":"https:\/\/www.arquimaster.com.ar\/web\/#organization","name":"Arquimaster","url":"https:\/\/www.arquimaster.com.ar\/web\/","logo":{"@type":"ImageObject","inLanguage":"es","@id":"https:\/\/www.arquimaster.com.ar\/web\/#\/schema\/logo\/image\/","url":"https:\/\/www.arquimaster.com.ar\/web\/wp-content\/uploads\/2022\/06\/arquimaster.png","contentUrl":"https:\/\/www.arquimaster.com.ar\/web\/wp-content\/uploads\/2022\/06\/arquimaster.png","width":594,"height":78,"caption":"Arquimaster"},"image":{"@id":"https:\/\/www.arquimaster.com.ar\/web\/#\/schema\/logo\/image\/"},"sameAs":["http:\/\/www.facebook.com\/ARQUIMASTER.com.ar","https:\/\/x.com\/arquimaster","https:\/\/www.instagram.com\/arquimasterblog\/","https:\/\/www.linkedin.com\/company\/arquimaster","https:\/\/www.pinterest.com\/arquimaster","https:\/\/t.me\/arquimaster"]},{"@type":"Person","@id":"https:\/\/www.arquimaster.com.ar\/web\/#\/schema\/person\/359e9f7c00193fcde068e0dd2ceb0028","name":"Arquimaster"}]}},"uagb_featured_image_src":{"full":["https:\/\/www.arquimaster.com.ar\/web\/wp-content\/uploads\/2020\/01\/puerta_la_victoria_slide.jpg",698,364,false],"thumbnail":["https:\/\/www.arquimaster.com.ar\/web\/wp-content\/uploads\/2020\/01\/puerta_la_victoria_slide-150x150.jpg",150,150,true],"medium":["https:\/\/www.arquimaster.com.ar\/web\/wp-content\/uploads\/2020\/01\/puerta_la_victoria_slide.jpg",698,364,false],"medium_large":["https:\/\/www.arquimaster.com.ar\/web\/wp-content\/uploads\/2020\/01\/puerta_la_victoria_slide.jpg",698,364,false],"large":["https:\/\/www.arquimaster.com.ar\/web\/wp-content\/uploads\/2020\/01\/puerta_la_victoria_slide.jpg",698,364,false],"1536x1536":["https:\/\/www.arquimaster.com.ar\/web\/wp-content\/uploads\/2020\/01\/puerta_la_victoria_slide.jpg",698,364,false],"2048x2048":["https:\/\/www.arquimaster.com.ar\/web\/wp-content\/uploads\/2020\/01\/puerta_la_victoria_slide.jpg",698,364,false]},"uagb_author_info":{"display_name":"Arquimaster","author_link":"https:\/\/www.arquimaster.com.ar\/web\/author\/arquimaster\/"},"uagb_comment_info":0,"uagb_excerpt":"Calle peatonal abierta, flanqueada por terrazas, restaurantes, plazas y jardines...","_links":{"self":[{"href":"https:\/\/www.arquimaster.com.ar\/web\/wp-json\/wp\/v2\/posts\/51905","targetHints":{"allow":["GET"]}}],"collection":[{"href":"https:\/\/www.arquimaster.com.ar\/web\/wp-json\/wp\/v2\/posts"}],"about":[{"href":"https:\/\/www.arquimaster.com.ar\/web\/wp-json\/wp\/v2\/types\/post"}],"author":[{"embeddable":true,"href":"https:\/\/www.arquimaster.com.ar\/web\/wp-json\/wp\/v2\/users\/1"}],"replies":[{"embeddable":true,"href":"https:\/\/www.arquimaster.com.ar\/web\/wp-json\/wp\/v2\/comments?post=51905"}],"version-history":[{"count":1,"href":"https:\/\/www.arquimaster.com.ar\/web\/wp-json\/wp\/v2\/posts\/51905\/revisions"}],"predecessor-version":[{"id":51930,"href":"https:\/\/www.arquimaster.com.ar\/web\/wp-json\/wp\/v2\/posts\/51905\/revisions\/51930"}],"wp:featuredmedia":[{"embeddable":true,"href":"https:\/\/www.arquimaster.com.ar\/web\/wp-json\/wp\/v2\/media\/51906"}],"wp:attachment":[{"href":"https:\/\/www.arquimaster.com.ar\/web\/wp-json\/wp\/v2\/media?parent=51905"}],"wp:term":[{"taxonomy":"category","embeddable":true,"href":"https:\/\/www.arquimaster.com.ar\/web\/wp-json\/wp\/v2\/categories?post=51905"},{"taxonomy":"post_tag","embeddable":true,"href":"https:\/\/www.arquimaster.com.ar\/web\/wp-json\/wp\/v2\/tags?post=51905"}],"curies":[{"name":"wp","href":"https:\/\/api.w.org\/{rel}","templated":true}]}}