{"id":52072,"date":"2019-10-25T16:52:00","date_gmt":"2019-10-25T19:52:00","guid":{"rendered":"https:\/\/www.arquimaster.com.ar\/web\/?p=52072"},"modified":"2025-08-04T15:03:36","modified_gmt":"2025-08-04T18:03:36","slug":"cafac-e-iteea-disertaron-en-la-utn-sobre-eficiencia-energetica-en-ascensores","status":"publish","type":"post","link":"https:\/\/www.arquimaster.com.ar\/web\/cafac-e-iteea-disertaron-en-la-utn-sobre-eficiencia-energetica-en-ascensores\/","title":{"rendered":"CAFAC e ITEEA disertaron en la UTN sobre eficiencia energ\u00e9tica en ascensores"},"content":{"rendered":"<div style=\"margin-top: 0px; margin-bottom: 0px;\" class=\"sharethis-inline-share-buttons\" ><\/div><div class=\"b812932af2e751442846f039925109de\" data-index=\"1\" style=\"float: none; margin:25px 0 25px 0; text-align:center;\">\n<script async src=\"https:\/\/pagead2.googlesyndication.com\/pagead\/js\/adsbygoogle.js\"><\/script>\r\n<!-- Arquimaster (superior) -->\r\n<ins class=\"adsbygoogle\"\r\n     style=\"display:block\"\r\n     data-ad-client=\"ca-pub-6351072698456832\"\r\n     data-ad-slot=\"6455489680\"\r\n     data-ad-format=\"auto\"\r\n     data-full-width-responsive=\"true\"><\/ins>\r\n<script>\r\n     (adsbygoogle = window.adsbygoogle || []).push({});\r\n<\/script>\n<\/div>\n<p>El <strong>Ing. Rafael Cal<\/strong>a, Presidente de <strong>ITEEA<\/strong> (Instituto Tecnol\u00f3gico para la estudio y ense\u00f1anza del Ascensor), junto al<strong> Ing. Santiago Tentori<\/strong>, miembro de <strong>CAFAC<\/strong> estuvieron presente en la <strong>II Jornadas de Construcciones Sustentables<\/strong> que organiz\u00f3 la UTN Avellaneda.<\/p>\n<p>Los expertos explicaron las implicancias de la <strong>L\u00ednea gu\u00eda VDI 4707-1<\/strong>, la cual establece y provee una representaci\u00f3n clara de la evaluaci\u00f3n y clasificaci\u00f3n de los requerimientos de potencia y consumo de los ascensores de acuerdo a un criterio est\u00e1ndar.<\/p>\n<p>El Ing. Tentori destac\u00f3 que<em> \u00abnos es familiar la representaci\u00f3n de la eficiencia energ\u00e9tica en artefactos del hogar en la que establecer la clase de Eficiencia Energ\u00e9tica, es relativamente sencilla, pero cuando se trata de ascensores la cosa cambia\u00bb<\/em>.<\/p>\n<p>De acuerdo al Presidente de ITEEA, el Ing. Rafael Cala, <em>\u00abbasta tener en cuenta las numerosas variables que entran en consideraci\u00f3n en un sistema que consume energ\u00eda todo el tiempo, en reposo y en funcionamiento. Vale decir que, un dado ascensor sometido a diferentes condiciones de uso, recorrido etc. tendr\u00e1 diferentes clases de Eficiencia Energ\u00e9tica\u00bb<\/em>.<\/p>\n<p>Cabe destacar que determinar una representaci\u00f3n clara de la clase de la Eficiencia Energ\u00e9tica fue un esfuerzo importante para los especialistas que redactaron la L\u00ednea Gu\u00eda. B\u00e1sicamente, el concepto es que <em>\u00abdependiendo de la demanda se le asigna al ascensor Clases de demanda para reposo y viaje; estos dos valores determinan la Clase de Eficiencia Energ\u00e9tica del ascensor, en funci\u00f3n de la intensidad de uso\u00bb<\/em>, resumi\u00f3 el Ing. Tentori sobre la eficiencia energ\u00e9tica en el \u00e1mbito del transporte vertical.<\/p>\n<p>Los expertos destacaron que los <em>\u00abrequerimientos de alta Clase de Eficiencia Energ\u00e9tica en especificaciones t\u00e9cnicas es un tema que muestra s\u00edntomas de calidad y equipamientos moderno\u00bb<\/em>.<\/p>\n<p>Como conclusi\u00f3n, de acuerdo al nivel de consumo energ\u00e9tica actual, la cantidad de artefactos que consumen energ\u00eda en las viviendas ha crecido en forma significativa y, en relaci\u00f3n, los ascensores modernos cada vez consumen menos energ\u00eda. Los expertos concluyeron que <em>\u00aben edificios comunes una alta Eficiencia Energ\u00e9tica del ascensor no es relevante. En edificios modernos donde se cuida en extremo el consumo energ\u00e9tico la cuesti\u00f3n cambia y adquiere significado las Clases de Eficiencia Energ\u00e9tica alta\u00bb<\/em>.<\/p>\n<p>Foto por Fred Kleber v\u00eda Unsplash<\/p>\n\n<div style=\"font-size: 0px; height: 0px; line-height: 0px; margin: 0; padding: 0; clear: both;\"><\/div><div style=\"margin-top: 0px; margin-bottom: 0px;\" class=\"sharethis-inline-share-buttons\" ><\/div>","protected":false},"excerpt":{"rendered":"<p>Los expertos explicaron las implicancias de la L\u00ednea gu\u00eda VDI 4707-1&#8230;<\/p>\n","protected":false},"author":1,"featured_media":52074,"comment_status":"closed","ping_status":"closed","sticky":false,"template":"","format":"standard","meta":{"_uag_custom_page_level_css":"","footnotes":""},"categories":[70,68],"tags":[5617,5618,5627,129,5628,5619,369],"class_list":["post-52072","post","type-post","status-publish","format-standard","has-post-thumbnail","hentry","category-noticias-arquitectura","category-novedades","tag-ascensor","tag-ascensores","tag-cafac","tag-eficiencia-energetica","tag-iteea","tag-transporte-vertical","tag-utn","generate-columns","tablet-grid-50","mobile-grid-100","grid-parent","grid-50"],"yoast_head":"<!-- This site is optimized with the Yoast SEO plugin v27.3 - https:\/\/yoast.com\/product\/yoast-seo-wordpress\/ -->\n<title>CAFAC e ITEEA disertaron en la UTN sobre eficiencia energ\u00e9tica en ascensores - Arquimaster<\/title>\n<meta name=\"description\" content=\"Los expertos explicaron las implicancias de la L\u00ednea gu\u00eda VDI 4707-1, la cual establece y provee una representaci\u00f3n clara de la evaluaci\u00f3n y clasificaci\u00f3n de los requerimientos de potencia y consumo de los ascensores de acuerdo a un criterio est\u00e1ndar.\" \/>\n<meta name=\"robots\" content=\"index, follow, max-snippet:-1, max-image-preview:large, max-video-preview:-1\" \/>\n<link rel=\"canonical\" href=\"https:\/\/www.arquimaster.com.ar\/web\/cafac-e-iteea-disertaron-en-la-utn-sobre-eficiencia-energetica-en-ascensores\/\" \/>\n<meta property=\"og:locale\" content=\"es_ES\" \/>\n<meta property=\"og:type\" content=\"article\" \/>\n<meta property=\"og:title\" content=\"CAFAC e ITEEA disertaron en la UTN sobre eficiencia energ\u00e9tica en ascensores\" \/>\n<meta property=\"og:description\" content=\"Los expertos explicaron las implicancias de la L\u00ednea gu\u00eda VDI 4707-1, la cual establece y provee una representaci\u00f3n clara de la evaluaci\u00f3n y clasificaci\u00f3n de los requerimientos de potencia y consumo de los ascensores de acuerdo a un criterio est\u00e1ndar.\" \/>\n<meta property=\"og:url\" content=\"https:\/\/www.arquimaster.com.ar\/web\/cafac-e-iteea-disertaron-en-la-utn-sobre-eficiencia-energetica-en-ascensores\/\" \/>\n<meta property=\"og:site_name\" content=\"Arquimaster\" \/>\n<meta property=\"article:publisher\" content=\"http:\/\/www.facebook.com\/ARQUIMASTER.com.ar\" \/>\n<meta property=\"article:published_time\" content=\"2019-10-25T19:52:00+00:00\" \/>\n<meta property=\"article:modified_time\" content=\"2025-08-04T18:03:36+00:00\" \/>\n<meta property=\"og:image\" content=\"https:\/\/www.arquimaster.com.ar\/web\/wp-content\/uploads\/2019\/10\/eficiencia_energetica_ascensores_slide.jpg\" \/>\n\t<meta property=\"og:image:width\" content=\"698\" \/>\n\t<meta property=\"og:image:height\" content=\"364\" \/>\n\t<meta property=\"og:image:type\" content=\"image\/jpeg\" \/>\n<meta name=\"author\" content=\"Arquimaster\" \/>\n<meta name=\"twitter:card\" content=\"summary_large_image\" \/>\n<meta name=\"twitter:title\" content=\"CAFAC e ITEEA disertaron en la UTN sobre eficiencia energ\u00e9tica en ascensores\" \/>\n<meta name=\"twitter:description\" content=\"Los expertos explicaron las implicancias de la L\u00ednea gu\u00eda VDI 4707-1, la cual establece y provee una representaci\u00f3n clara de la evaluaci\u00f3n y clasificaci\u00f3n de los requerimientos de potencia y consumo de los ascensores de acuerdo a un criterio est\u00e1ndar.\" \/>\n<meta name=\"twitter:image\" content=\"https:\/\/www.arquimaster.com.ar\/web\/wp-content\/uploads\/2019\/10\/eficiencia_energetica_ascensores_slide.jpg\" \/>\n<meta name=\"twitter:creator\" content=\"@arquimaster\" \/>\n<meta name=\"twitter:site\" content=\"@arquimaster\" \/>\n<meta name=\"twitter:label1\" content=\"Escrito por\" \/>\n\t<meta name=\"twitter:data1\" content=\"Arquimaster\" \/>\n\t<meta name=\"twitter:label2\" content=\"Tiempo de lectura\" \/>\n\t<meta name=\"twitter:data2\" content=\"2 minutos\" \/>\n<script type=\"application\/ld+json\" class=\"yoast-schema-graph\">{\"@context\":\"https:\\\/\\\/schema.org\",\"@graph\":[{\"@type\":\"Article\",\"@id\":\"https:\\\/\\\/www.arquimaster.com.ar\\\/web\\\/cafac-e-iteea-disertaron-en-la-utn-sobre-eficiencia-energetica-en-ascensores\\\/#article\",\"isPartOf\":{\"@id\":\"https:\\\/\\\/www.arquimaster.com.ar\\\/web\\\/cafac-e-iteea-disertaron-en-la-utn-sobre-eficiencia-energetica-en-ascensores\\\/\"},\"author\":{\"name\":\"Arquimaster\",\"@id\":\"https:\\\/\\\/www.arquimaster.com.ar\\\/web\\\/#\\\/schema\\\/person\\\/359e9f7c00193fcde068e0dd2ceb0028\"},\"headline\":\"CAFAC e ITEEA disertaron en la UTN sobre eficiencia energ\u00e9tica en ascensores\",\"datePublished\":\"2019-10-25T19:52:00+00:00\",\"dateModified\":\"2025-08-04T18:03:36+00:00\",\"mainEntityOfPage\":{\"@id\":\"https:\\\/\\\/www.arquimaster.com.ar\\\/web\\\/cafac-e-iteea-disertaron-en-la-utn-sobre-eficiencia-energetica-en-ascensores\\\/\"},\"wordCount\":406,\"publisher\":{\"@id\":\"https:\\\/\\\/www.arquimaster.com.ar\\\/web\\\/#organization\"},\"image\":{\"@id\":\"https:\\\/\\\/www.arquimaster.com.ar\\\/web\\\/cafac-e-iteea-disertaron-en-la-utn-sobre-eficiencia-energetica-en-ascensores\\\/#primaryimage\"},\"thumbnailUrl\":\"https:\\\/\\\/www.arquimaster.com.ar\\\/web\\\/wp-content\\\/uploads\\\/2019\\\/10\\\/eficiencia_energetica_ascensores_slide.jpg\",\"keywords\":[\"ascensor\",\"ascensores\",\"CAFAC\",\"eficiencia energ\u00e9tica\",\"ITEEA\",\"transporte vertical\",\"UTN\"],\"articleSection\":[\"Noticias de arquitectura y dise\u00f1o\",\"Novedades\"],\"inLanguage\":\"es\"},{\"@type\":\"WebPage\",\"@id\":\"https:\\\/\\\/www.arquimaster.com.ar\\\/web\\\/cafac-e-iteea-disertaron-en-la-utn-sobre-eficiencia-energetica-en-ascensores\\\/\",\"url\":\"https:\\\/\\\/www.arquimaster.com.ar\\\/web\\\/cafac-e-iteea-disertaron-en-la-utn-sobre-eficiencia-energetica-en-ascensores\\\/\",\"name\":\"CAFAC e ITEEA disertaron en la UTN sobre eficiencia energ\u00e9tica en ascensores - Arquimaster\",\"isPartOf\":{\"@id\":\"https:\\\/\\\/www.arquimaster.com.ar\\\/web\\\/#website\"},\"primaryImageOfPage\":{\"@id\":\"https:\\\/\\\/www.arquimaster.com.ar\\\/web\\\/cafac-e-iteea-disertaron-en-la-utn-sobre-eficiencia-energetica-en-ascensores\\\/#primaryimage\"},\"image\":{\"@id\":\"https:\\\/\\\/www.arquimaster.com.ar\\\/web\\\/cafac-e-iteea-disertaron-en-la-utn-sobre-eficiencia-energetica-en-ascensores\\\/#primaryimage\"},\"thumbnailUrl\":\"https:\\\/\\\/www.arquimaster.com.ar\\\/web\\\/wp-content\\\/uploads\\\/2019\\\/10\\\/eficiencia_energetica_ascensores_slide.jpg\",\"datePublished\":\"2019-10-25T19:52:00+00:00\",\"dateModified\":\"2025-08-04T18:03:36+00:00\",\"description\":\"Los expertos explicaron las implicancias de la L\u00ednea gu\u00eda VDI 4707-1, la cual establece y provee una representaci\u00f3n clara de la evaluaci\u00f3n y clasificaci\u00f3n de los requerimientos de potencia y consumo de los ascensores de acuerdo a un criterio est\u00e1ndar.\",\"breadcrumb\":{\"@id\":\"https:\\\/\\\/www.arquimaster.com.ar\\\/web\\\/cafac-e-iteea-disertaron-en-la-utn-sobre-eficiencia-energetica-en-ascensores\\\/#breadcrumb\"},\"inLanguage\":\"es\",\"potentialAction\":[{\"@type\":\"ReadAction\",\"target\":[\"https:\\\/\\\/www.arquimaster.com.ar\\\/web\\\/cafac-e-iteea-disertaron-en-la-utn-sobre-eficiencia-energetica-en-ascensores\\\/\"]}]},{\"@type\":\"ImageObject\",\"inLanguage\":\"es\",\"@id\":\"https:\\\/\\\/www.arquimaster.com.ar\\\/web\\\/cafac-e-iteea-disertaron-en-la-utn-sobre-eficiencia-energetica-en-ascensores\\\/#primaryimage\",\"url\":\"https:\\\/\\\/www.arquimaster.com.ar\\\/web\\\/wp-content\\\/uploads\\\/2019\\\/10\\\/eficiencia_energetica_ascensores_slide.jpg\",\"contentUrl\":\"https:\\\/\\\/www.arquimaster.com.ar\\\/web\\\/wp-content\\\/uploads\\\/2019\\\/10\\\/eficiencia_energetica_ascensores_slide.jpg\",\"width\":698,\"height\":364},{\"@type\":\"BreadcrumbList\",\"@id\":\"https:\\\/\\\/www.arquimaster.com.ar\\\/web\\\/cafac-e-iteea-disertaron-en-la-utn-sobre-eficiencia-energetica-en-ascensores\\\/#breadcrumb\",\"itemListElement\":[{\"@type\":\"ListItem\",\"position\":1,\"name\":\"Portada\",\"item\":\"https:\\\/\\\/www.arquimaster.com.ar\\\/web\\\/\"},{\"@type\":\"ListItem\",\"position\":2,\"name\":\"CAFAC e ITEEA disertaron en la UTN sobre eficiencia energ\u00e9tica en ascensores\"}]},{\"@type\":\"WebSite\",\"@id\":\"https:\\\/\\\/www.arquimaster.com.ar\\\/web\\\/#website\",\"url\":\"https:\\\/\\\/www.arquimaster.com.ar\\\/web\\\/\",\"name\":\"Arquimaster\",\"description\":\"Web de arquitectura, dise\u00f1o y construccion\",\"publisher\":{\"@id\":\"https:\\\/\\\/www.arquimaster.com.ar\\\/web\\\/#organization\"},\"potentialAction\":[{\"@type\":\"SearchAction\",\"target\":{\"@type\":\"EntryPoint\",\"urlTemplate\":\"https:\\\/\\\/www.arquimaster.com.ar\\\/web\\\/?s={search_term_string}\"},\"query-input\":{\"@type\":\"PropertyValueSpecification\",\"valueRequired\":true,\"valueName\":\"search_term_string\"}}],\"inLanguage\":\"es\"},{\"@type\":\"Organization\",\"@id\":\"https:\\\/\\\/www.arquimaster.com.ar\\\/web\\\/#organization\",\"name\":\"Arquimaster\",\"url\":\"https:\\\/\\\/www.arquimaster.com.ar\\\/web\\\/\",\"logo\":{\"@type\":\"ImageObject\",\"inLanguage\":\"es\",\"@id\":\"https:\\\/\\\/www.arquimaster.com.ar\\\/web\\\/#\\\/schema\\\/logo\\\/image\\\/\",\"url\":\"https:\\\/\\\/www.arquimaster.com.ar\\\/web\\\/wp-content\\\/uploads\\\/2022\\\/06\\\/arquimaster.png\",\"contentUrl\":\"https:\\\/\\\/www.arquimaster.com.ar\\\/web\\\/wp-content\\\/uploads\\\/2022\\\/06\\\/arquimaster.png\",\"width\":594,\"height\":78,\"caption\":\"Arquimaster\"},\"image\":{\"@id\":\"https:\\\/\\\/www.arquimaster.com.ar\\\/web\\\/#\\\/schema\\\/logo\\\/image\\\/\"},\"sameAs\":[\"http:\\\/\\\/www.facebook.com\\\/ARQUIMASTER.com.ar\",\"https:\\\/\\\/x.com\\\/arquimaster\",\"https:\\\/\\\/www.instagram.com\\\/arquimasterblog\\\/\",\"https:\\\/\\\/www.linkedin.com\\\/company\\\/arquimaster\",\"https:\\\/\\\/www.pinterest.com\\\/arquimaster\",\"https:\\\/\\\/t.me\\\/arquimaster\"]},{\"@type\":\"Person\",\"@id\":\"https:\\\/\\\/www.arquimaster.com.ar\\\/web\\\/#\\\/schema\\\/person\\\/359e9f7c00193fcde068e0dd2ceb0028\",\"name\":\"Arquimaster\"}]}<\/script>\n<!-- \/ Yoast SEO plugin. -->","yoast_head_json":{"title":"CAFAC e ITEEA disertaron en la UTN sobre eficiencia energ\u00e9tica en ascensores - Arquimaster","description":"Los expertos explicaron las implicancias de la L\u00ednea gu\u00eda VDI 4707-1, la cual establece y provee una representaci\u00f3n clara de la evaluaci\u00f3n y clasificaci\u00f3n de los requerimientos de potencia y consumo de los ascensores de acuerdo a un criterio est\u00e1ndar.","robots":{"index":"index","follow":"follow","max-snippet":"max-snippet:-1","max-image-preview":"max-image-preview:large","max-video-preview":"max-video-preview:-1"},"canonical":"https:\/\/www.arquimaster.com.ar\/web\/cafac-e-iteea-disertaron-en-la-utn-sobre-eficiencia-energetica-en-ascensores\/","og_locale":"es_ES","og_type":"article","og_title":"CAFAC e ITEEA disertaron en la UTN sobre eficiencia energ\u00e9tica en ascensores","og_description":"Los expertos explicaron las implicancias de la L\u00ednea gu\u00eda VDI 4707-1, la cual establece y provee una representaci\u00f3n clara de la evaluaci\u00f3n y clasificaci\u00f3n de los requerimientos de potencia y consumo de los ascensores de acuerdo a un criterio est\u00e1ndar.","og_url":"https:\/\/www.arquimaster.com.ar\/web\/cafac-e-iteea-disertaron-en-la-utn-sobre-eficiencia-energetica-en-ascensores\/","og_site_name":"Arquimaster","article_publisher":"http:\/\/www.facebook.com\/ARQUIMASTER.com.ar","article_published_time":"2019-10-25T19:52:00+00:00","article_modified_time":"2025-08-04T18:03:36+00:00","og_image":[{"width":698,"height":364,"url":"https:\/\/www.arquimaster.com.ar\/web\/wp-content\/uploads\/2019\/10\/eficiencia_energetica_ascensores_slide.jpg","type":"image\/jpeg"}],"author":"Arquimaster","twitter_card":"summary_large_image","twitter_title":"CAFAC e ITEEA disertaron en la UTN sobre eficiencia energ\u00e9tica en ascensores","twitter_description":"Los expertos explicaron las implicancias de la L\u00ednea gu\u00eda VDI 4707-1, la cual establece y provee una representaci\u00f3n clara de la evaluaci\u00f3n y clasificaci\u00f3n de los requerimientos de potencia y consumo de los ascensores de acuerdo a un criterio est\u00e1ndar.","twitter_image":"https:\/\/www.arquimaster.com.ar\/web\/wp-content\/uploads\/2019\/10\/eficiencia_energetica_ascensores_slide.jpg","twitter_creator":"@arquimaster","twitter_site":"@arquimaster","twitter_misc":{"Escrito por":"Arquimaster","Tiempo de lectura":"2 minutos"},"schema":{"@context":"https:\/\/schema.org","@graph":[{"@type":"Article","@id":"https:\/\/www.arquimaster.com.ar\/web\/cafac-e-iteea-disertaron-en-la-utn-sobre-eficiencia-energetica-en-ascensores\/#article","isPartOf":{"@id":"https:\/\/www.arquimaster.com.ar\/web\/cafac-e-iteea-disertaron-en-la-utn-sobre-eficiencia-energetica-en-ascensores\/"},"author":{"name":"Arquimaster","@id":"https:\/\/www.arquimaster.com.ar\/web\/#\/schema\/person\/359e9f7c00193fcde068e0dd2ceb0028"},"headline":"CAFAC e ITEEA disertaron en la UTN sobre eficiencia energ\u00e9tica en ascensores","datePublished":"2019-10-25T19:52:00+00:00","dateModified":"2025-08-04T18:03:36+00:00","mainEntityOfPage":{"@id":"https:\/\/www.arquimaster.com.ar\/web\/cafac-e-iteea-disertaron-en-la-utn-sobre-eficiencia-energetica-en-ascensores\/"},"wordCount":406,"publisher":{"@id":"https:\/\/www.arquimaster.com.ar\/web\/#organization"},"image":{"@id":"https:\/\/www.arquimaster.com.ar\/web\/cafac-e-iteea-disertaron-en-la-utn-sobre-eficiencia-energetica-en-ascensores\/#primaryimage"},"thumbnailUrl":"https:\/\/www.arquimaster.com.ar\/web\/wp-content\/uploads\/2019\/10\/eficiencia_energetica_ascensores_slide.jpg","keywords":["ascensor","ascensores","CAFAC","eficiencia energ\u00e9tica","ITEEA","transporte vertical","UTN"],"articleSection":["Noticias de arquitectura y dise\u00f1o","Novedades"],"inLanguage":"es"},{"@type":"WebPage","@id":"https:\/\/www.arquimaster.com.ar\/web\/cafac-e-iteea-disertaron-en-la-utn-sobre-eficiencia-energetica-en-ascensores\/","url":"https:\/\/www.arquimaster.com.ar\/web\/cafac-e-iteea-disertaron-en-la-utn-sobre-eficiencia-energetica-en-ascensores\/","name":"CAFAC e ITEEA disertaron en la UTN sobre eficiencia energ\u00e9tica en ascensores - Arquimaster","isPartOf":{"@id":"https:\/\/www.arquimaster.com.ar\/web\/#website"},"primaryImageOfPage":{"@id":"https:\/\/www.arquimaster.com.ar\/web\/cafac-e-iteea-disertaron-en-la-utn-sobre-eficiencia-energetica-en-ascensores\/#primaryimage"},"image":{"@id":"https:\/\/www.arquimaster.com.ar\/web\/cafac-e-iteea-disertaron-en-la-utn-sobre-eficiencia-energetica-en-ascensores\/#primaryimage"},"thumbnailUrl":"https:\/\/www.arquimaster.com.ar\/web\/wp-content\/uploads\/2019\/10\/eficiencia_energetica_ascensores_slide.jpg","datePublished":"2019-10-25T19:52:00+00:00","dateModified":"2025-08-04T18:03:36+00:00","description":"Los expertos explicaron las implicancias de la L\u00ednea gu\u00eda VDI 4707-1, la cual establece y provee una representaci\u00f3n clara de la evaluaci\u00f3n y clasificaci\u00f3n de los requerimientos de potencia y consumo de los ascensores de acuerdo a un criterio est\u00e1ndar.","breadcrumb":{"@id":"https:\/\/www.arquimaster.com.ar\/web\/cafac-e-iteea-disertaron-en-la-utn-sobre-eficiencia-energetica-en-ascensores\/#breadcrumb"},"inLanguage":"es","potentialAction":[{"@type":"ReadAction","target":["https:\/\/www.arquimaster.com.ar\/web\/cafac-e-iteea-disertaron-en-la-utn-sobre-eficiencia-energetica-en-ascensores\/"]}]},{"@type":"ImageObject","inLanguage":"es","@id":"https:\/\/www.arquimaster.com.ar\/web\/cafac-e-iteea-disertaron-en-la-utn-sobre-eficiencia-energetica-en-ascensores\/#primaryimage","url":"https:\/\/www.arquimaster.com.ar\/web\/wp-content\/uploads\/2019\/10\/eficiencia_energetica_ascensores_slide.jpg","contentUrl":"https:\/\/www.arquimaster.com.ar\/web\/wp-content\/uploads\/2019\/10\/eficiencia_energetica_ascensores_slide.jpg","width":698,"height":364},{"@type":"BreadcrumbList","@id":"https:\/\/www.arquimaster.com.ar\/web\/cafac-e-iteea-disertaron-en-la-utn-sobre-eficiencia-energetica-en-ascensores\/#breadcrumb","itemListElement":[{"@type":"ListItem","position":1,"name":"Portada","item":"https:\/\/www.arquimaster.com.ar\/web\/"},{"@type":"ListItem","position":2,"name":"CAFAC e ITEEA disertaron en la UTN sobre eficiencia energ\u00e9tica en ascensores"}]},{"@type":"WebSite","@id":"https:\/\/www.arquimaster.com.ar\/web\/#website","url":"https:\/\/www.arquimaster.com.ar\/web\/","name":"Arquimaster","description":"Web de arquitectura, dise\u00f1o y construccion","publisher":{"@id":"https:\/\/www.arquimaster.com.ar\/web\/#organization"},"potentialAction":[{"@type":"SearchAction","target":{"@type":"EntryPoint","urlTemplate":"https:\/\/www.arquimaster.com.ar\/web\/?s={search_term_string}"},"query-input":{"@type":"PropertyValueSpecification","valueRequired":true,"valueName":"search_term_string"}}],"inLanguage":"es"},{"@type":"Organization","@id":"https:\/\/www.arquimaster.com.ar\/web\/#organization","name":"Arquimaster","url":"https:\/\/www.arquimaster.com.ar\/web\/","logo":{"@type":"ImageObject","inLanguage":"es","@id":"https:\/\/www.arquimaster.com.ar\/web\/#\/schema\/logo\/image\/","url":"https:\/\/www.arquimaster.com.ar\/web\/wp-content\/uploads\/2022\/06\/arquimaster.png","contentUrl":"https:\/\/www.arquimaster.com.ar\/web\/wp-content\/uploads\/2022\/06\/arquimaster.png","width":594,"height":78,"caption":"Arquimaster"},"image":{"@id":"https:\/\/www.arquimaster.com.ar\/web\/#\/schema\/logo\/image\/"},"sameAs":["http:\/\/www.facebook.com\/ARQUIMASTER.com.ar","https:\/\/x.com\/arquimaster","https:\/\/www.instagram.com\/arquimasterblog\/","https:\/\/www.linkedin.com\/company\/arquimaster","https:\/\/www.pinterest.com\/arquimaster","https:\/\/t.me\/arquimaster"]},{"@type":"Person","@id":"https:\/\/www.arquimaster.com.ar\/web\/#\/schema\/person\/359e9f7c00193fcde068e0dd2ceb0028","name":"Arquimaster"}]}},"uagb_featured_image_src":{"full":["https:\/\/www.arquimaster.com.ar\/web\/wp-content\/uploads\/2019\/10\/eficiencia_energetica_ascensores_slide.jpg",698,364,false],"thumbnail":["https:\/\/www.arquimaster.com.ar\/web\/wp-content\/uploads\/2019\/10\/eficiencia_energetica_ascensores_slide-150x150.jpg",150,150,true],"medium":["https:\/\/www.arquimaster.com.ar\/web\/wp-content\/uploads\/2019\/10\/eficiencia_energetica_ascensores_slide.jpg",698,364,false],"medium_large":["https:\/\/www.arquimaster.com.ar\/web\/wp-content\/uploads\/2019\/10\/eficiencia_energetica_ascensores_slide.jpg",698,364,false],"large":["https:\/\/www.arquimaster.com.ar\/web\/wp-content\/uploads\/2019\/10\/eficiencia_energetica_ascensores_slide.jpg",698,364,false],"1536x1536":["https:\/\/www.arquimaster.com.ar\/web\/wp-content\/uploads\/2019\/10\/eficiencia_energetica_ascensores_slide.jpg",698,364,false],"2048x2048":["https:\/\/www.arquimaster.com.ar\/web\/wp-content\/uploads\/2019\/10\/eficiencia_energetica_ascensores_slide.jpg",698,364,false]},"uagb_author_info":{"display_name":"Arquimaster","author_link":"https:\/\/www.arquimaster.com.ar\/web\/author\/arquimaster\/"},"uagb_comment_info":0,"uagb_excerpt":"Los expertos explicaron las implicancias de la L\u00ednea gu\u00eda VDI 4707-1...","_links":{"self":[{"href":"https:\/\/www.arquimaster.com.ar\/web\/wp-json\/wp\/v2\/posts\/52072","targetHints":{"allow":["GET"]}}],"collection":[{"href":"https:\/\/www.arquimaster.com.ar\/web\/wp-json\/wp\/v2\/posts"}],"about":[{"href":"https:\/\/www.arquimaster.com.ar\/web\/wp-json\/wp\/v2\/types\/post"}],"author":[{"embeddable":true,"href":"https:\/\/www.arquimaster.com.ar\/web\/wp-json\/wp\/v2\/users\/1"}],"replies":[{"embeddable":true,"href":"https:\/\/www.arquimaster.com.ar\/web\/wp-json\/wp\/v2\/comments?post=52072"}],"version-history":[{"count":3,"href":"https:\/\/www.arquimaster.com.ar\/web\/wp-json\/wp\/v2\/posts\/52072\/revisions"}],"predecessor-version":[{"id":85592,"href":"https:\/\/www.arquimaster.com.ar\/web\/wp-json\/wp\/v2\/posts\/52072\/revisions\/85592"}],"wp:featuredmedia":[{"embeddable":true,"href":"https:\/\/www.arquimaster.com.ar\/web\/wp-json\/wp\/v2\/media\/52074"}],"wp:attachment":[{"href":"https:\/\/www.arquimaster.com.ar\/web\/wp-json\/wp\/v2\/media?parent=52072"}],"wp:term":[{"taxonomy":"category","embeddable":true,"href":"https:\/\/www.arquimaster.com.ar\/web\/wp-json\/wp\/v2\/categories?post=52072"},{"taxonomy":"post_tag","embeddable":true,"href":"https:\/\/www.arquimaster.com.ar\/web\/wp-json\/wp\/v2\/tags?post=52072"}],"curies":[{"name":"wp","href":"https:\/\/api.w.org\/{rel}","templated":true}]}}