{"id":53117,"date":"2020-03-05T17:40:00","date_gmt":"2020-03-05T20:40:00","guid":{"rendered":"https:\/\/www.arquimaster.com.ar\/web\/?p=53117"},"modified":"2020-03-05T23:58:41","modified_gmt":"2020-03-06T02:58:41","slug":"nueva-guardia-hospital-dr-jose-maria-cullen-ministerio-de-salud-y-ministerio-de-obras-publicas-de-santa-fe","status":"publish","type":"post","link":"https:\/\/www.arquimaster.com.ar\/web\/nueva-guardia-hospital-dr-jose-maria-cullen-ministerio-de-salud-y-ministerio-de-obras-publicas-de-santa-fe\/","title":{"rendered":"Nueva Guardia Hospital Dr. Jos\u00e9 Mar\u00eda Cullen \/ Ministerio de Salud y Ministerio de Obras P\u00fablicas de Santa Fe"},"content":{"rendered":"<div style=\"margin-top: 0px; margin-bottom: 0px;\" class=\"sharethis-inline-share-buttons\" ><\/div><div class=\"b812932af2e751442846f039925109de\" data-index=\"1\" style=\"float: none; margin:25px 0 25px 0; text-align:center;\">\n<script async src=\"https:\/\/pagead2.googlesyndication.com\/pagead\/js\/adsbygoogle.js\"><\/script>\r\n<!-- Arquimaster (superior) -->\r\n<ins class=\"adsbygoogle\"\r\n     style=\"display:block\"\r\n     data-ad-client=\"ca-pub-6351072698456832\"\r\n     data-ad-slot=\"6455489680\"\r\n     data-ad-format=\"auto\"\r\n     data-full-width-responsive=\"true\"><\/ins>\r\n<script>\r\n     (adsbygoogle = window.adsbygoogle || []).push({});\r\n<\/script>\n<\/div>\n<p><strong>Nueva Guardia Hospital Dr. Jos\u00e9 Mar\u00eda Cullen<\/strong> (Ciudad de Santa Fe, Argentina) por <strong>Ministerio de Salud y Ministerio de Obras P\u00fablicas de Santa Fe<\/strong>. El Hospital \u00abDr. Jos\u00e9 Mar\u00eda Cullen\u00bb es uno de los m\u00e1s importantes de su tipo en la ciudad de Santa Fe y \u00e1rea metropolitana, es uno de los centros asistenciales especializados para la atenci\u00f3n de la emergencia y el trauma. Se ubica en un predio del centro de la ciudad, sobre Av. Freyre, entre calle Salta y calle Lisandro de la Torre. Esta ubicaci\u00f3n le otorga buena accesibilidad y conexi\u00f3n con el territorio.<\/p>\n<div id='gallery-1' class='gallery galleryid-53117 gallery-columns-3 gallery-size-thumbnail'><figure class='gallery-item'>\n\t\t\t<div class='gallery-icon landscape'>\n\t\t\t\t<a href='https:\/\/www.arquimaster.com.ar\/web\/wp-content\/uploads\/2020\/03\/guardia_hospital_cullen1.jpg' title=\"Nueva Guardia Hospital Dr. Jos\u00e9 Mar\u00eda Cullen \/ Ministerio de Salud y Ministerio de Obras P\u00fablicas de Santa Fe (\u00a9 Ramiro Sosa)\" data-rl_title=\"Nueva Guardia Hospital Dr. Jos\u00e9 Mar\u00eda Cullen \/ Ministerio de Salud y Ministerio de Obras P\u00fablicas de Santa Fe (\u00a9 Ramiro Sosa)\" class=\"rl-gallery-link\" data-rl_caption=\"Nueva Guardia Hospital Dr. Jos\u00e9 Mar\u00eda Cullen \/ Ministerio de Salud y Ministerio de Obras P\u00fablicas de Santa Fe (\u00a9 Ramiro Sosa)\" data-rel=\"lightbox-gallery-1\"><img loading=\"lazy\" decoding=\"async\" width=\"150\" height=\"150\" src=\"https:\/\/www.arquimaster.com.ar\/web\/wp-content\/uploads\/2020\/03\/guardia_hospital_cullen1-150x150.jpg\" class=\"attachment-thumbnail size-thumbnail\" alt=\"\" aria-describedby=\"gallery-1-53119\" \/><\/a>\n\t\t\t<\/div>\n\t\t\t\t<figcaption class='wp-caption-text gallery-caption' id='gallery-1-53119'>\n\t\t\t\tNueva Guardia Hospital Dr. Jos\u00e9 Mar\u00eda Cullen \/ Ministerio de Salud y Ministerio de Obras P\u00fablicas de Santa Fe (\u00a9 Ramiro Sosa)\n\t\t\t\t<\/figcaption><\/figure><figure class='gallery-item'>\n\t\t\t<div class='gallery-icon portrait'>\n\t\t\t\t<a href='https:\/\/www.arquimaster.com.ar\/web\/wp-content\/uploads\/2020\/03\/guardia_hospital_cullen2.jpg' title=\"Nueva Guardia Hospital Dr. Jos\u00e9 Mar\u00eda Cullen \/ Ministerio de Salud y Ministerio de Obras P\u00fablicas de Santa Fe (\u00a9 Ramiro Sosa)\" data-rl_title=\"Nueva Guardia Hospital Dr. Jos\u00e9 Mar\u00eda Cullen \/ Ministerio de Salud y Ministerio de Obras P\u00fablicas de Santa Fe (\u00a9 Ramiro Sosa)\" class=\"rl-gallery-link\" data-rl_caption=\"Nueva Guardia Hospital Dr. Jos\u00e9 Mar\u00eda Cullen \/ Ministerio de Salud y Ministerio de Obras P\u00fablicas de Santa Fe (\u00a9 Ramiro Sosa)\" data-rel=\"lightbox-gallery-1\"><img loading=\"lazy\" decoding=\"async\" width=\"150\" height=\"150\" src=\"https:\/\/www.arquimaster.com.ar\/web\/wp-content\/uploads\/2020\/03\/guardia_hospital_cullen2-150x150.jpg\" class=\"attachment-thumbnail size-thumbnail\" alt=\"\" aria-describedby=\"gallery-1-53120\" \/><\/a>\n\t\t\t<\/div>\n\t\t\t\t<figcaption class='wp-caption-text gallery-caption' id='gallery-1-53120'>\n\t\t\t\tNueva Guardia Hospital Dr. Jos\u00e9 Mar\u00eda Cullen \/ Ministerio de Salud y Ministerio de Obras P\u00fablicas de Santa Fe (\u00a9 Ramiro Sosa)\n\t\t\t\t<\/figcaption><\/figure><figure class='gallery-item'>\n\t\t\t<div class='gallery-icon landscape'>\n\t\t\t\t<a href='https:\/\/www.arquimaster.com.ar\/web\/wp-content\/uploads\/2020\/03\/guardia_hospital_cullen3.jpg' title=\"Nueva Guardia Hospital Dr. Jos\u00e9 Mar\u00eda Cullen \/ Ministerio de Salud y Ministerio de Obras P\u00fablicas de Santa Fe (\u00a9 Ramiro Sosa)\" data-rl_title=\"Nueva Guardia Hospital Dr. Jos\u00e9 Mar\u00eda Cullen \/ Ministerio de Salud y Ministerio de Obras P\u00fablicas de Santa Fe (\u00a9 Ramiro Sosa)\" class=\"rl-gallery-link\" data-rl_caption=\"Nueva Guardia Hospital Dr. Jos\u00e9 Mar\u00eda Cullen \/ Ministerio de Salud y Ministerio de Obras P\u00fablicas de Santa Fe (\u00a9 Ramiro Sosa)\" data-rel=\"lightbox-gallery-1\"><img loading=\"lazy\" decoding=\"async\" width=\"150\" height=\"150\" src=\"https:\/\/www.arquimaster.com.ar\/web\/wp-content\/uploads\/2020\/03\/guardia_hospital_cullen3-150x150.jpg\" class=\"attachment-thumbnail size-thumbnail\" alt=\"\" aria-describedby=\"gallery-1-53121\" srcset=\"https:\/\/www.arquimaster.com.ar\/web\/wp-content\/uploads\/2020\/03\/guardia_hospital_cullen3-150x150.jpg 150w, https:\/\/www.arquimaster.com.ar\/web\/wp-content\/uploads\/2020\/03\/guardia_hospital_cullen3-1024x1024.jpg 1024w, https:\/\/www.arquimaster.com.ar\/web\/wp-content\/uploads\/2020\/03\/guardia_hospital_cullen3-768x768.jpg 768w, https:\/\/www.arquimaster.com.ar\/web\/wp-content\/uploads\/2020\/03\/guardia_hospital_cullen3.jpg 1500w\" sizes=\"auto, (max-width: 150px) 100vw, 150px\" \/><\/a>\n\t\t\t<\/div>\n\t\t\t\t<figcaption class='wp-caption-text gallery-caption' id='gallery-1-53121'>\n\t\t\t\tNueva Guardia Hospital Dr. Jos\u00e9 Mar\u00eda Cullen \/ Ministerio de Salud y Ministerio de Obras P\u00fablicas de Santa Fe (\u00a9 Ramiro Sosa)\n\t\t\t\t<\/figcaption><\/figure><figure class='gallery-item'>\n\t\t\t<div class='gallery-icon landscape'>\n\t\t\t\t<a href='https:\/\/www.arquimaster.com.ar\/web\/wp-content\/uploads\/2020\/03\/guardia_hospital_cullen4.jpg' title=\"Nueva Guardia Hospital Dr. Jos\u00e9 Mar\u00eda Cullen \/ Ministerio de Salud y Ministerio de Obras P\u00fablicas de Santa Fe (\u00a9 Ramiro Sosa)\" data-rl_title=\"Nueva Guardia Hospital Dr. Jos\u00e9 Mar\u00eda Cullen \/ Ministerio de Salud y Ministerio de Obras P\u00fablicas de Santa Fe (\u00a9 Ramiro Sosa)\" class=\"rl-gallery-link\" data-rl_caption=\"Nueva Guardia Hospital Dr. Jos\u00e9 Mar\u00eda Cullen \/ Ministerio de Salud y Ministerio de Obras P\u00fablicas de Santa Fe (\u00a9 Ramiro Sosa)\" data-rel=\"lightbox-gallery-1\"><img loading=\"lazy\" decoding=\"async\" width=\"150\" height=\"150\" src=\"https:\/\/www.arquimaster.com.ar\/web\/wp-content\/uploads\/2020\/03\/guardia_hospital_cullen4-150x150.jpg\" class=\"attachment-thumbnail size-thumbnail\" alt=\"\" aria-describedby=\"gallery-1-53122\" \/><\/a>\n\t\t\t<\/div>\n\t\t\t\t<figcaption class='wp-caption-text gallery-caption' id='gallery-1-53122'>\n\t\t\t\tNueva Guardia Hospital Dr. Jos\u00e9 Mar\u00eda Cullen \/ Ministerio de Salud y Ministerio de Obras P\u00fablicas de Santa Fe (\u00a9 Ramiro Sosa)\n\t\t\t\t<\/figcaption><\/figure><figure class='gallery-item'>\n\t\t\t<div class='gallery-icon portrait'>\n\t\t\t\t<a href='https:\/\/www.arquimaster.com.ar\/web\/wp-content\/uploads\/2020\/03\/guardia_hospital_cullen5.jpg' title=\"Nueva Guardia Hospital Dr. Jos\u00e9 Mar\u00eda Cullen \/ Ministerio de Salud y Ministerio de Obras P\u00fablicas de Santa Fe (\u00a9 Ramiro Sosa)\" data-rl_title=\"Nueva Guardia Hospital Dr. Jos\u00e9 Mar\u00eda Cullen \/ Ministerio de Salud y Ministerio de Obras P\u00fablicas de Santa Fe (\u00a9 Ramiro Sosa)\" class=\"rl-gallery-link\" data-rl_caption=\"Nueva Guardia Hospital Dr. Jos\u00e9 Mar\u00eda Cullen \/ Ministerio de Salud y Ministerio de Obras P\u00fablicas de Santa Fe (\u00a9 Ramiro Sosa)\" data-rel=\"lightbox-gallery-1\"><img loading=\"lazy\" decoding=\"async\" width=\"150\" height=\"150\" src=\"https:\/\/www.arquimaster.com.ar\/web\/wp-content\/uploads\/2020\/03\/guardia_hospital_cullen5-150x150.jpg\" class=\"attachment-thumbnail size-thumbnail\" alt=\"\" aria-describedby=\"gallery-1-53123\" \/><\/a>\n\t\t\t<\/div>\n\t\t\t\t<figcaption class='wp-caption-text gallery-caption' id='gallery-1-53123'>\n\t\t\t\tNueva Guardia Hospital Dr. Jos\u00e9 Mar\u00eda Cullen \/ Ministerio de Salud y Ministerio de Obras P\u00fablicas de Santa Fe (\u00a9 Ramiro Sosa)\n\t\t\t\t<\/figcaption><\/figure><figure class='gallery-item'>\n\t\t\t<div class='gallery-icon landscape'>\n\t\t\t\t<a href='https:\/\/www.arquimaster.com.ar\/web\/wp-content\/uploads\/2020\/03\/guardia_hospital_cullen6.jpg' title=\"Nueva Guardia Hospital Dr. Jos\u00e9 Mar\u00eda Cullen \/ Ministerio de Salud y Ministerio de Obras P\u00fablicas de Santa Fe (\u00a9 Ramiro Sosa)\" data-rl_title=\"Nueva Guardia Hospital Dr. Jos\u00e9 Mar\u00eda Cullen \/ Ministerio de Salud y Ministerio de Obras P\u00fablicas de Santa Fe (\u00a9 Ramiro Sosa)\" class=\"rl-gallery-link\" data-rl_caption=\"Nueva Guardia Hospital Dr. Jos\u00e9 Mar\u00eda Cullen \/ Ministerio de Salud y Ministerio de Obras P\u00fablicas de Santa Fe (\u00a9 Ramiro Sosa)\" data-rel=\"lightbox-gallery-1\"><img loading=\"lazy\" decoding=\"async\" width=\"150\" height=\"150\" src=\"https:\/\/www.arquimaster.com.ar\/web\/wp-content\/uploads\/2020\/03\/guardia_hospital_cullen6-150x150.jpg\" class=\"attachment-thumbnail size-thumbnail\" alt=\"\" aria-describedby=\"gallery-1-53124\" \/><\/a>\n\t\t\t<\/div>\n\t\t\t\t<figcaption class='wp-caption-text gallery-caption' id='gallery-1-53124'>\n\t\t\t\tNueva Guardia Hospital Dr. Jos\u00e9 Mar\u00eda Cullen \/ Ministerio de Salud y Ministerio de Obras P\u00fablicas de Santa Fe (\u00a9 Ramiro Sosa)\n\t\t\t\t<\/figcaption><\/figure><figure class='gallery-item'>\n\t\t\t<div class='gallery-icon portrait'>\n\t\t\t\t<a href='https:\/\/www.arquimaster.com.ar\/web\/wp-content\/uploads\/2020\/03\/guardia_hospital_cullen7.jpg' title=\"Nueva Guardia Hospital Dr. Jos\u00e9 Mar\u00eda Cullen \/ Ministerio de Salud y Ministerio de Obras P\u00fablicas de Santa Fe (\u00a9 Ramiro Sosa)\" data-rl_title=\"Nueva Guardia Hospital Dr. Jos\u00e9 Mar\u00eda Cullen \/ Ministerio de Salud y Ministerio de Obras P\u00fablicas de Santa Fe (\u00a9 Ramiro Sosa)\" class=\"rl-gallery-link\" data-rl_caption=\"Nueva Guardia Hospital Dr. Jos\u00e9 Mar\u00eda Cullen \/ Ministerio de Salud y Ministerio de Obras P\u00fablicas de Santa Fe (\u00a9 Ramiro Sosa)\" data-rel=\"lightbox-gallery-1\"><img loading=\"lazy\" decoding=\"async\" width=\"150\" height=\"150\" src=\"https:\/\/www.arquimaster.com.ar\/web\/wp-content\/uploads\/2020\/03\/guardia_hospital_cullen7-150x150.jpg\" class=\"attachment-thumbnail size-thumbnail\" alt=\"\" aria-describedby=\"gallery-1-53125\" \/><\/a>\n\t\t\t<\/div>\n\t\t\t\t<figcaption class='wp-caption-text gallery-caption' id='gallery-1-53125'>\n\t\t\t\tNueva Guardia Hospital Dr. Jos\u00e9 Mar\u00eda Cullen \/ Ministerio de Salud y Ministerio de Obras P\u00fablicas de Santa Fe (\u00a9 Ramiro Sosa)\n\t\t\t\t<\/figcaption><\/figure><figure class='gallery-item'>\n\t\t\t<div class='gallery-icon landscape'>\n\t\t\t\t<a href='https:\/\/www.arquimaster.com.ar\/web\/wp-content\/uploads\/2020\/03\/guardia_hospital_cullen8.jpg' title=\"Nueva Guardia Hospital Dr. Jos\u00e9 Mar\u00eda Cullen \/ Ministerio de Salud y Ministerio de Obras P\u00fablicas de Santa Fe (\u00a9 Ramiro Sosa)\" data-rl_title=\"Nueva Guardia Hospital Dr. Jos\u00e9 Mar\u00eda Cullen \/ Ministerio de Salud y Ministerio de Obras P\u00fablicas de Santa Fe (\u00a9 Ramiro Sosa)\" class=\"rl-gallery-link\" data-rl_caption=\"Nueva Guardia Hospital Dr. Jos\u00e9 Mar\u00eda Cullen \/ Ministerio de Salud y Ministerio de Obras P\u00fablicas de Santa Fe (\u00a9 Ramiro Sosa)\" data-rel=\"lightbox-gallery-1\"><img loading=\"lazy\" decoding=\"async\" width=\"150\" height=\"150\" src=\"https:\/\/www.arquimaster.com.ar\/web\/wp-content\/uploads\/2020\/03\/guardia_hospital_cullen8-150x150.jpg\" class=\"attachment-thumbnail size-thumbnail\" alt=\"\" aria-describedby=\"gallery-1-53126\" \/><\/a>\n\t\t\t<\/div>\n\t\t\t\t<figcaption class='wp-caption-text gallery-caption' id='gallery-1-53126'>\n\t\t\t\tNueva Guardia Hospital Dr. Jos\u00e9 Mar\u00eda Cullen \/ Ministerio de Salud y Ministerio de Obras P\u00fablicas de Santa Fe (\u00a9 Ramiro Sosa)\n\t\t\t\t<\/figcaption><\/figure><figure class='gallery-item'>\n\t\t\t<div class='gallery-icon landscape'>\n\t\t\t\t<a href='https:\/\/www.arquimaster.com.ar\/web\/wp-content\/uploads\/2020\/03\/guardia_hospital_cullen9.jpg' title=\"Nueva Guardia Hospital Dr. Jos\u00e9 Mar\u00eda Cullen \/ Ministerio de Salud y Ministerio de Obras P\u00fablicas de Santa Fe (\u00a9 Ramiro Sosa)\" data-rl_title=\"Nueva Guardia Hospital Dr. Jos\u00e9 Mar\u00eda Cullen \/ Ministerio de Salud y Ministerio de Obras P\u00fablicas de Santa Fe (\u00a9 Ramiro Sosa)\" class=\"rl-gallery-link\" data-rl_caption=\"Nueva Guardia Hospital Dr. Jos\u00e9 Mar\u00eda Cullen \/ Ministerio de Salud y Ministerio de Obras P\u00fablicas de Santa Fe (\u00a9 Ramiro Sosa)\" data-rel=\"lightbox-gallery-1\"><img loading=\"lazy\" decoding=\"async\" width=\"150\" height=\"150\" src=\"https:\/\/www.arquimaster.com.ar\/web\/wp-content\/uploads\/2020\/03\/guardia_hospital_cullen9-150x150.jpg\" class=\"attachment-thumbnail size-thumbnail\" alt=\"\" aria-describedby=\"gallery-1-53127\" \/><\/a>\n\t\t\t<\/div>\n\t\t\t\t<figcaption class='wp-caption-text gallery-caption' id='gallery-1-53127'>\n\t\t\t\tNueva Guardia Hospital Dr. Jos\u00e9 Mar\u00eda Cullen \/ Ministerio de Salud y Ministerio de Obras P\u00fablicas de Santa Fe (\u00a9 Ramiro Sosa)\n\t\t\t\t<\/figcaption><\/figure><figure class='gallery-item'>\n\t\t\t<div class='gallery-icon portrait'>\n\t\t\t\t<a href='https:\/\/www.arquimaster.com.ar\/web\/wp-content\/uploads\/2020\/03\/guardia_hospital_cullen10.jpg' title=\"Nueva Guardia Hospital Dr. Jos\u00e9 Mar\u00eda Cullen \/ Ministerio de Salud y Ministerio de Obras P\u00fablicas de Santa Fe (\u00a9 Ramiro Sosa)\" data-rl_title=\"Nueva Guardia Hospital Dr. Jos\u00e9 Mar\u00eda Cullen \/ Ministerio de Salud y Ministerio de Obras P\u00fablicas de Santa Fe (\u00a9 Ramiro Sosa)\" class=\"rl-gallery-link\" data-rl_caption=\"Nueva Guardia Hospital Dr. Jos\u00e9 Mar\u00eda Cullen \/ Ministerio de Salud y Ministerio de Obras P\u00fablicas de Santa Fe (\u00a9 Ramiro Sosa)\" data-rel=\"lightbox-gallery-1\"><img loading=\"lazy\" decoding=\"async\" width=\"150\" height=\"150\" src=\"https:\/\/www.arquimaster.com.ar\/web\/wp-content\/uploads\/2020\/03\/guardia_hospital_cullen10-150x150.jpg\" class=\"attachment-thumbnail size-thumbnail\" alt=\"\" aria-describedby=\"gallery-1-53128\" \/><\/a>\n\t\t\t<\/div>\n\t\t\t\t<figcaption class='wp-caption-text gallery-caption' id='gallery-1-53128'>\n\t\t\t\tNueva Guardia Hospital Dr. Jos\u00e9 Mar\u00eda Cullen \/ Ministerio de Salud y Ministerio de Obras P\u00fablicas de Santa Fe (\u00a9 Ramiro Sosa)\n\t\t\t\t<\/figcaption><\/figure><figure class='gallery-item'>\n\t\t\t<div class='gallery-icon portrait'>\n\t\t\t\t<a href='https:\/\/www.arquimaster.com.ar\/web\/wp-content\/uploads\/2020\/03\/guardia_hospital_cullen11.jpg' title=\"Nueva Guardia Hospital Dr. Jos\u00e9 Mar\u00eda Cullen \/ Ministerio de Salud y Ministerio de Obras P\u00fablicas de Santa Fe (\u00a9 Ramiro Sosa)\" data-rl_title=\"Nueva Guardia Hospital Dr. Jos\u00e9 Mar\u00eda Cullen \/ Ministerio de Salud y Ministerio de Obras P\u00fablicas de Santa Fe (\u00a9 Ramiro Sosa)\" class=\"rl-gallery-link\" data-rl_caption=\"Nueva Guardia Hospital Dr. Jos\u00e9 Mar\u00eda Cullen \/ Ministerio de Salud y Ministerio de Obras P\u00fablicas de Santa Fe (\u00a9 Ramiro Sosa)\" data-rel=\"lightbox-gallery-1\"><img loading=\"lazy\" decoding=\"async\" width=\"150\" height=\"150\" src=\"https:\/\/www.arquimaster.com.ar\/web\/wp-content\/uploads\/2020\/03\/guardia_hospital_cullen11-150x150.jpg\" class=\"attachment-thumbnail size-thumbnail\" alt=\"\" aria-describedby=\"gallery-1-53129\" \/><\/a>\n\t\t\t<\/div>\n\t\t\t\t<figcaption class='wp-caption-text gallery-caption' id='gallery-1-53129'>\n\t\t\t\tNueva Guardia Hospital Dr. Jos\u00e9 Mar\u00eda Cullen \/ Ministerio de Salud y Ministerio de Obras P\u00fablicas de Santa Fe (\u00a9 Ramiro Sosa)\n\t\t\t\t<\/figcaption><\/figure><figure class='gallery-item'>\n\t\t\t<div class='gallery-icon portrait'>\n\t\t\t\t<a href='https:\/\/www.arquimaster.com.ar\/web\/wp-content\/uploads\/2020\/03\/guardia_hospital_cullen12.jpg' title=\"Nueva Guardia Hospital Dr. Jos\u00e9 Mar\u00eda Cullen \/ Ministerio de Salud y Ministerio de Obras P\u00fablicas de Santa Fe (\u00a9 Ramiro Sosa)\" data-rl_title=\"Nueva Guardia Hospital Dr. Jos\u00e9 Mar\u00eda Cullen \/ Ministerio de Salud y Ministerio de Obras P\u00fablicas de Santa Fe (\u00a9 Ramiro Sosa)\" class=\"rl-gallery-link\" data-rl_caption=\"Nueva Guardia Hospital Dr. Jos\u00e9 Mar\u00eda Cullen \/ Ministerio de Salud y Ministerio de Obras P\u00fablicas de Santa Fe (\u00a9 Ramiro Sosa)\" data-rel=\"lightbox-gallery-1\"><img loading=\"lazy\" decoding=\"async\" width=\"150\" height=\"150\" src=\"https:\/\/www.arquimaster.com.ar\/web\/wp-content\/uploads\/2020\/03\/guardia_hospital_cullen12-150x150.jpg\" class=\"attachment-thumbnail size-thumbnail\" alt=\"\" aria-describedby=\"gallery-1-53130\" \/><\/a>\n\t\t\t<\/div>\n\t\t\t\t<figcaption class='wp-caption-text gallery-caption' id='gallery-1-53130'>\n\t\t\t\tNueva Guardia Hospital Dr. Jos\u00e9 Mar\u00eda Cullen \/ Ministerio de Salud y Ministerio de Obras P\u00fablicas de Santa Fe (\u00a9 Ramiro Sosa)\n\t\t\t\t<\/figcaption><\/figure><figure class='gallery-item'>\n\t\t\t<div class='gallery-icon portrait'>\n\t\t\t\t<a href='https:\/\/www.arquimaster.com.ar\/web\/wp-content\/uploads\/2020\/03\/guardia_hospital_cullen13.jpg' title=\"Nueva Guardia Hospital Dr. Jos\u00e9 Mar\u00eda Cullen \/ Ministerio de Salud y Ministerio de Obras P\u00fablicas de Santa Fe (\u00a9 Ramiro Sosa)\" data-rl_title=\"Nueva Guardia Hospital Dr. Jos\u00e9 Mar\u00eda Cullen \/ Ministerio de Salud y Ministerio de Obras P\u00fablicas de Santa Fe (\u00a9 Ramiro Sosa)\" class=\"rl-gallery-link\" data-rl_caption=\"Nueva Guardia Hospital Dr. Jos\u00e9 Mar\u00eda Cullen \/ Ministerio de Salud y Ministerio de Obras P\u00fablicas de Santa Fe (\u00a9 Ramiro Sosa)\" data-rel=\"lightbox-gallery-1\"><img loading=\"lazy\" decoding=\"async\" width=\"150\" height=\"150\" src=\"https:\/\/www.arquimaster.com.ar\/web\/wp-content\/uploads\/2020\/03\/guardia_hospital_cullen13-150x150.jpg\" class=\"attachment-thumbnail size-thumbnail\" alt=\"\" aria-describedby=\"gallery-1-53131\" \/><\/a>\n\t\t\t<\/div>\n\t\t\t\t<figcaption class='wp-caption-text gallery-caption' id='gallery-1-53131'>\n\t\t\t\tNueva Guardia Hospital Dr. Jos\u00e9 Mar\u00eda Cullen \/ Ministerio de Salud y Ministerio de Obras P\u00fablicas de Santa Fe (\u00a9 Ramiro Sosa)\n\t\t\t\t<\/figcaption><\/figure><figure class='gallery-item'>\n\t\t\t<div class='gallery-icon portrait'>\n\t\t\t\t<a href='https:\/\/www.arquimaster.com.ar\/web\/wp-content\/uploads\/2020\/03\/guardia_hospital_cullen14.jpg' title=\"Nueva Guardia Hospital Dr. Jos\u00e9 Mar\u00eda Cullen \/ Ministerio de Salud y Ministerio de Obras P\u00fablicas de Santa Fe (\u00a9 Ramiro Sosa)\" data-rl_title=\"Nueva Guardia Hospital Dr. Jos\u00e9 Mar\u00eda Cullen \/ Ministerio de Salud y Ministerio de Obras P\u00fablicas de Santa Fe (\u00a9 Ramiro Sosa)\" class=\"rl-gallery-link\" data-rl_caption=\"Nueva Guardia Hospital Dr. Jos\u00e9 Mar\u00eda Cullen \/ Ministerio de Salud y Ministerio de Obras P\u00fablicas de Santa Fe (\u00a9 Ramiro Sosa)\" data-rel=\"lightbox-gallery-1\"><img loading=\"lazy\" decoding=\"async\" width=\"150\" height=\"150\" src=\"https:\/\/www.arquimaster.com.ar\/web\/wp-content\/uploads\/2020\/03\/guardia_hospital_cullen14-150x150.jpg\" class=\"attachment-thumbnail size-thumbnail\" alt=\"\" aria-describedby=\"gallery-1-53132\" \/><\/a>\n\t\t\t<\/div>\n\t\t\t\t<figcaption class='wp-caption-text gallery-caption' id='gallery-1-53132'>\n\t\t\t\tNueva Guardia Hospital Dr. Jos\u00e9 Mar\u00eda Cullen \/ Ministerio de Salud y Ministerio de Obras P\u00fablicas de Santa Fe (\u00a9 Ramiro Sosa)\n\t\t\t\t<\/figcaption><\/figure><figure class='gallery-item'>\n\t\t\t<div class='gallery-icon landscape'>\n\t\t\t\t<a href='https:\/\/www.arquimaster.com.ar\/web\/wp-content\/uploads\/2020\/03\/guardia_hospital_cullen15.jpg' title=\"Nueva Guardia Hospital Dr. Jos\u00e9 Mar\u00eda Cullen \/ Ministerio de Salud y Ministerio de Obras P\u00fablicas de Santa Fe (\u00a9 Ramiro Sosa)\" data-rl_title=\"Nueva Guardia Hospital Dr. Jos\u00e9 Mar\u00eda Cullen \/ Ministerio de Salud y Ministerio de Obras P\u00fablicas de Santa Fe (\u00a9 Ramiro Sosa)\" class=\"rl-gallery-link\" data-rl_caption=\"Nueva Guardia Hospital Dr. Jos\u00e9 Mar\u00eda Cullen \/ Ministerio de Salud y Ministerio de Obras P\u00fablicas de Santa Fe (\u00a9 Ramiro Sosa)\" data-rel=\"lightbox-gallery-1\"><img loading=\"lazy\" decoding=\"async\" width=\"150\" height=\"150\" src=\"https:\/\/www.arquimaster.com.ar\/web\/wp-content\/uploads\/2020\/03\/guardia_hospital_cullen15-150x150.jpg\" class=\"attachment-thumbnail size-thumbnail\" alt=\"\" aria-describedby=\"gallery-1-53133\" \/><\/a>\n\t\t\t<\/div>\n\t\t\t\t<figcaption class='wp-caption-text gallery-caption' id='gallery-1-53133'>\n\t\t\t\tNueva Guardia Hospital Dr. Jos\u00e9 Mar\u00eda Cullen \/ Ministerio de Salud y Ministerio de Obras P\u00fablicas de Santa Fe (\u00a9 Ramiro Sosa)\n\t\t\t\t<\/figcaption><\/figure><figure class='gallery-item'>\n\t\t\t<div class='gallery-icon portrait'>\n\t\t\t\t<a href='https:\/\/www.arquimaster.com.ar\/web\/wp-content\/uploads\/2020\/03\/guardia_hospital_cullen16.jpg' title=\"Nueva Guardia Hospital Dr. Jos\u00e9 Mar\u00eda Cullen \/ Ministerio de Salud y Ministerio de Obras P\u00fablicas de Santa Fe (\u00a9 Ramiro Sosa)\" data-rl_title=\"Nueva Guardia Hospital Dr. Jos\u00e9 Mar\u00eda Cullen \/ Ministerio de Salud y Ministerio de Obras P\u00fablicas de Santa Fe (\u00a9 Ramiro Sosa)\" class=\"rl-gallery-link\" data-rl_caption=\"Nueva Guardia Hospital Dr. Jos\u00e9 Mar\u00eda Cullen \/ Ministerio de Salud y Ministerio de Obras P\u00fablicas de Santa Fe (\u00a9 Ramiro Sosa)\" data-rel=\"lightbox-gallery-1\"><img loading=\"lazy\" decoding=\"async\" width=\"150\" height=\"150\" src=\"https:\/\/www.arquimaster.com.ar\/web\/wp-content\/uploads\/2020\/03\/guardia_hospital_cullen16-150x150.jpg\" class=\"attachment-thumbnail size-thumbnail\" alt=\"\" aria-describedby=\"gallery-1-53134\" \/><\/a>\n\t\t\t<\/div>\n\t\t\t\t<figcaption class='wp-caption-text gallery-caption' id='gallery-1-53134'>\n\t\t\t\tNueva Guardia Hospital Dr. Jos\u00e9 Mar\u00eda Cullen \/ Ministerio de Salud y Ministerio de Obras P\u00fablicas de Santa Fe (\u00a9 Ramiro Sosa)\n\t\t\t\t<\/figcaption><\/figure><figure class='gallery-item'>\n\t\t\t<div class='gallery-icon portrait'>\n\t\t\t\t<a href='https:\/\/www.arquimaster.com.ar\/web\/wp-content\/uploads\/2020\/03\/guardia_hospital_cullen17.jpg' title=\"Nueva Guardia Hospital Dr. Jos\u00e9 Mar\u00eda Cullen \/ Ministerio de Salud y Ministerio de Obras P\u00fablicas de Santa Fe (\u00a9 Ramiro Sosa)\" data-rl_title=\"Nueva Guardia Hospital Dr. Jos\u00e9 Mar\u00eda Cullen \/ Ministerio de Salud y Ministerio de Obras P\u00fablicas de Santa Fe (\u00a9 Ramiro Sosa)\" class=\"rl-gallery-link\" data-rl_caption=\"Nueva Guardia Hospital Dr. Jos\u00e9 Mar\u00eda Cullen \/ Ministerio de Salud y Ministerio de Obras P\u00fablicas de Santa Fe (\u00a9 Ramiro Sosa)\" data-rel=\"lightbox-gallery-1\"><img loading=\"lazy\" decoding=\"async\" width=\"150\" height=\"150\" src=\"https:\/\/www.arquimaster.com.ar\/web\/wp-content\/uploads\/2020\/03\/guardia_hospital_cullen17-150x150.jpg\" class=\"attachment-thumbnail size-thumbnail\" alt=\"\" aria-describedby=\"gallery-1-53135\" \/><\/a>\n\t\t\t<\/div>\n\t\t\t\t<figcaption class='wp-caption-text gallery-caption' id='gallery-1-53135'>\n\t\t\t\tNueva Guardia Hospital Dr. Jos\u00e9 Mar\u00eda Cullen \/ Ministerio de Salud y Ministerio de Obras P\u00fablicas de Santa Fe (\u00a9 Ramiro Sosa)\n\t\t\t\t<\/figcaption><\/figure><figure class='gallery-item'>\n\t\t\t<div class='gallery-icon landscape'>\n\t\t\t\t<a href='https:\/\/www.arquimaster.com.ar\/web\/wp-content\/uploads\/2020\/03\/guardia_hospital_cullen18.jpg' title=\"Nueva Guardia Hospital Dr. Jos\u00e9 Mar\u00eda Cullen \/ Ministerio de Salud y Ministerio de Obras P\u00fablicas de Santa Fe (\u00a9 Ramiro Sosa)\" data-rl_title=\"Nueva Guardia Hospital Dr. Jos\u00e9 Mar\u00eda Cullen \/ Ministerio de Salud y Ministerio de Obras P\u00fablicas de Santa Fe (\u00a9 Ramiro Sosa)\" class=\"rl-gallery-link\" data-rl_caption=\"Nueva Guardia Hospital Dr. Jos\u00e9 Mar\u00eda Cullen \/ Ministerio de Salud y Ministerio de Obras P\u00fablicas de Santa Fe (\u00a9 Ramiro Sosa)\" data-rel=\"lightbox-gallery-1\"><img loading=\"lazy\" decoding=\"async\" width=\"150\" height=\"150\" src=\"https:\/\/www.arquimaster.com.ar\/web\/wp-content\/uploads\/2020\/03\/guardia_hospital_cullen18-150x150.jpg\" class=\"attachment-thumbnail size-thumbnail\" alt=\"\" aria-describedby=\"gallery-1-53136\" \/><\/a>\n\t\t\t<\/div>\n\t\t\t\t<figcaption class='wp-caption-text gallery-caption' id='gallery-1-53136'>\n\t\t\t\tNueva Guardia Hospital Dr. Jos\u00e9 Mar\u00eda Cullen \/ Ministerio de Salud y Ministerio de Obras P\u00fablicas de Santa Fe (\u00a9 Ramiro Sosa)\n\t\t\t\t<\/figcaption><\/figure><figure class='gallery-item'>\n\t\t\t<div class='gallery-icon landscape'>\n\t\t\t\t<a href='https:\/\/www.arquimaster.com.ar\/web\/wp-content\/uploads\/2020\/03\/guardia_hospital_cullen19.jpg' title=\"Nueva Guardia Hospital Dr. Jos\u00e9 Mar\u00eda Cullen \/ Ministerio de Salud y Ministerio de Obras P\u00fablicas de Santa Fe (\u00a9 Ramiro Sosa)\" data-rl_title=\"Nueva Guardia Hospital Dr. Jos\u00e9 Mar\u00eda Cullen \/ Ministerio de Salud y Ministerio de Obras P\u00fablicas de Santa Fe (\u00a9 Ramiro Sosa)\" class=\"rl-gallery-link\" data-rl_caption=\"Nueva Guardia Hospital Dr. Jos\u00e9 Mar\u00eda Cullen \/ Ministerio de Salud y Ministerio de Obras P\u00fablicas de Santa Fe (\u00a9 Ramiro Sosa)\" data-rel=\"lightbox-gallery-1\"><img loading=\"lazy\" decoding=\"async\" width=\"150\" height=\"150\" src=\"https:\/\/www.arquimaster.com.ar\/web\/wp-content\/uploads\/2020\/03\/guardia_hospital_cullen19-150x150.jpg\" class=\"attachment-thumbnail size-thumbnail\" alt=\"\" aria-describedby=\"gallery-1-53137\" \/><\/a>\n\t\t\t<\/div>\n\t\t\t\t<figcaption class='wp-caption-text gallery-caption' id='gallery-1-53137'>\n\t\t\t\tNueva Guardia Hospital Dr. Jos\u00e9 Mar\u00eda Cullen \/ Ministerio de Salud y Ministerio de Obras P\u00fablicas de Santa Fe (\u00a9 Ramiro Sosa)\n\t\t\t\t<\/figcaption><\/figure><figure class='gallery-item'>\n\t\t\t<div class='gallery-icon portrait'>\n\t\t\t\t<a href='https:\/\/www.arquimaster.com.ar\/web\/wp-content\/uploads\/2020\/03\/guardia_hospital_cullen20.jpg' title=\"Nueva Guardia Hospital Dr. Jos\u00e9 Mar\u00eda Cullen \/ Ministerio de Salud y Ministerio de Obras P\u00fablicas de Santa Fe (\u00a9 Ramiro Sosa)\" data-rl_title=\"Nueva Guardia Hospital Dr. Jos\u00e9 Mar\u00eda Cullen \/ Ministerio de Salud y Ministerio de Obras P\u00fablicas de Santa Fe (\u00a9 Ramiro Sosa)\" class=\"rl-gallery-link\" data-rl_caption=\"Nueva Guardia Hospital Dr. Jos\u00e9 Mar\u00eda Cullen \/ Ministerio de Salud y Ministerio de Obras P\u00fablicas de Santa Fe (\u00a9 Ramiro Sosa)\" data-rel=\"lightbox-gallery-1\"><img loading=\"lazy\" decoding=\"async\" width=\"150\" height=\"150\" src=\"https:\/\/www.arquimaster.com.ar\/web\/wp-content\/uploads\/2020\/03\/guardia_hospital_cullen20-150x150.jpg\" class=\"attachment-thumbnail size-thumbnail\" alt=\"\" aria-describedby=\"gallery-1-53138\" \/><\/a>\n\t\t\t<\/div>\n\t\t\t\t<figcaption class='wp-caption-text gallery-caption' id='gallery-1-53138'>\n\t\t\t\tNueva Guardia Hospital Dr. Jos\u00e9 Mar\u00eda Cullen \/ Ministerio de Salud y Ministerio de Obras P\u00fablicas de Santa Fe (\u00a9 Ramiro Sosa)\n\t\t\t\t<\/figcaption><\/figure><figure class='gallery-item'>\n\t\t\t<div class='gallery-icon landscape'>\n\t\t\t\t<a href='https:\/\/www.arquimaster.com.ar\/web\/wp-content\/uploads\/2020\/03\/guardia_hospital_cullen21.jpg' title=\"Nueva Guardia Hospital Dr. Jos\u00e9 Mar\u00eda Cullen \/ Ministerio de Salud y Ministerio de Obras P\u00fablicas de Santa Fe (\u00a9 Ramiro Sosa)\" data-rl_title=\"Nueva Guardia Hospital Dr. Jos\u00e9 Mar\u00eda Cullen \/ Ministerio de Salud y Ministerio de Obras P\u00fablicas de Santa Fe (\u00a9 Ramiro Sosa)\" class=\"rl-gallery-link\" data-rl_caption=\"Nueva Guardia Hospital Dr. Jos\u00e9 Mar\u00eda Cullen \/ Ministerio de Salud y Ministerio de Obras P\u00fablicas de Santa Fe (\u00a9 Ramiro Sosa)\" data-rel=\"lightbox-gallery-1\"><img loading=\"lazy\" decoding=\"async\" width=\"150\" height=\"150\" src=\"https:\/\/www.arquimaster.com.ar\/web\/wp-content\/uploads\/2020\/03\/guardia_hospital_cullen21-150x150.jpg\" class=\"attachment-thumbnail size-thumbnail\" alt=\"\" aria-describedby=\"gallery-1-53139\" \/><\/a>\n\t\t\t<\/div>\n\t\t\t\t<figcaption class='wp-caption-text gallery-caption' id='gallery-1-53139'>\n\t\t\t\tNueva Guardia Hospital Dr. Jos\u00e9 Mar\u00eda Cullen \/ Ministerio de Salud y Ministerio de Obras P\u00fablicas de Santa Fe (\u00a9 Ramiro Sosa)\n\t\t\t\t<\/figcaption><\/figure><figure class='gallery-item'>\n\t\t\t<div class='gallery-icon landscape'>\n\t\t\t\t<a href='https:\/\/www.arquimaster.com.ar\/web\/wp-content\/uploads\/2020\/03\/guardia_hospital_cullen22.jpg' title=\"Nueva Guardia Hospital Dr. Jos\u00e9 Mar\u00eda Cullen \/ Ministerio de Salud y Ministerio de Obras P\u00fablicas de Santa Fe (\u00a9 Ramiro Sosa)\" data-rl_title=\"Nueva Guardia Hospital Dr. Jos\u00e9 Mar\u00eda Cullen \/ Ministerio de Salud y Ministerio de Obras P\u00fablicas de Santa Fe (\u00a9 Ramiro Sosa)\" class=\"rl-gallery-link\" data-rl_caption=\"Nueva Guardia Hospital Dr. Jos\u00e9 Mar\u00eda Cullen \/ Ministerio de Salud y Ministerio de Obras P\u00fablicas de Santa Fe (\u00a9 Ramiro Sosa)\" data-rel=\"lightbox-gallery-1\"><img loading=\"lazy\" decoding=\"async\" width=\"150\" height=\"150\" src=\"https:\/\/www.arquimaster.com.ar\/web\/wp-content\/uploads\/2020\/03\/guardia_hospital_cullen22-150x150.jpg\" class=\"attachment-thumbnail size-thumbnail\" alt=\"\" aria-describedby=\"gallery-1-53140\" \/><\/a>\n\t\t\t<\/div>\n\t\t\t\t<figcaption class='wp-caption-text gallery-caption' id='gallery-1-53140'>\n\t\t\t\tNueva Guardia Hospital Dr. Jos\u00e9 Mar\u00eda Cullen \/ Ministerio de Salud y Ministerio de Obras P\u00fablicas de Santa Fe (\u00a9 Ramiro Sosa)\n\t\t\t\t<\/figcaption><\/figure><figure class='gallery-item'>\n\t\t\t<div class='gallery-icon landscape'>\n\t\t\t\t<a href='https:\/\/www.arquimaster.com.ar\/web\/wp-content\/uploads\/2020\/03\/guardia_hospital_cullen23.jpg' title=\"Nueva Guardia Hospital Dr. Jos\u00e9 Mar\u00eda Cullen \/ Ministerio de Salud y Ministerio de Obras P\u00fablicas de Santa Fe (\u00a9 Ramiro Sosa)\" data-rl_title=\"Nueva Guardia Hospital Dr. Jos\u00e9 Mar\u00eda Cullen \/ Ministerio de Salud y Ministerio de Obras P\u00fablicas de Santa Fe (\u00a9 Ramiro Sosa)\" class=\"rl-gallery-link\" data-rl_caption=\"Nueva Guardia Hospital Dr. Jos\u00e9 Mar\u00eda Cullen \/ Ministerio de Salud y Ministerio de Obras P\u00fablicas de Santa Fe (\u00a9 Ramiro Sosa)\" data-rel=\"lightbox-gallery-1\"><img loading=\"lazy\" decoding=\"async\" width=\"150\" height=\"150\" src=\"https:\/\/www.arquimaster.com.ar\/web\/wp-content\/uploads\/2020\/03\/guardia_hospital_cullen23-150x150.jpg\" class=\"attachment-thumbnail size-thumbnail\" alt=\"\" aria-describedby=\"gallery-1-53141\" \/><\/a>\n\t\t\t<\/div>\n\t\t\t\t<figcaption class='wp-caption-text gallery-caption' id='gallery-1-53141'>\n\t\t\t\tNueva Guardia Hospital Dr. Jos\u00e9 Mar\u00eda Cullen \/ Ministerio de Salud y Ministerio de Obras P\u00fablicas de Santa Fe (\u00a9 Ramiro Sosa)\n\t\t\t\t<\/figcaption><\/figure><figure class='gallery-item'>\n\t\t\t<div class='gallery-icon landscape'>\n\t\t\t\t<a href='https:\/\/www.arquimaster.com.ar\/web\/wp-content\/uploads\/2020\/03\/guardia_hospital_cullen24.jpg' title=\"Nueva Guardia Hospital Dr. Jos\u00e9 Mar\u00eda Cullen \/ Ministerio de Salud y Ministerio de Obras P\u00fablicas de Santa Fe (\u00a9 Ramiro Sosa)\" data-rl_title=\"Nueva Guardia Hospital Dr. Jos\u00e9 Mar\u00eda Cullen \/ Ministerio de Salud y Ministerio de Obras P\u00fablicas de Santa Fe (\u00a9 Ramiro Sosa)\" class=\"rl-gallery-link\" data-rl_caption=\"Nueva Guardia Hospital Dr. Jos\u00e9 Mar\u00eda Cullen \/ Ministerio de Salud y Ministerio de Obras P\u00fablicas de Santa Fe (\u00a9 Ramiro Sosa)\" data-rel=\"lightbox-gallery-1\"><img loading=\"lazy\" decoding=\"async\" width=\"150\" height=\"150\" src=\"https:\/\/www.arquimaster.com.ar\/web\/wp-content\/uploads\/2020\/03\/guardia_hospital_cullen24-150x150.jpg\" class=\"attachment-thumbnail size-thumbnail\" alt=\"\" aria-describedby=\"gallery-1-53142\" \/><\/a>\n\t\t\t<\/div>\n\t\t\t\t<figcaption class='wp-caption-text gallery-caption' id='gallery-1-53142'>\n\t\t\t\tNueva Guardia Hospital Dr. Jos\u00e9 Mar\u00eda Cullen \/ Ministerio de Salud y Ministerio de Obras P\u00fablicas de Santa Fe (\u00a9 Ramiro Sosa)\n\t\t\t\t<\/figcaption><\/figure><figure class='gallery-item'>\n\t\t\t<div class='gallery-icon portrait'>\n\t\t\t\t<a href='https:\/\/www.arquimaster.com.ar\/web\/wp-content\/uploads\/2020\/03\/guardia_hospital_cullen25.jpg' title=\"Nueva Guardia Hospital Dr. Jos\u00e9 Mar\u00eda Cullen \/ Ministerio de Salud y Ministerio de Obras P\u00fablicas de Santa Fe (\u00a9 Ramiro Sosa)\" data-rl_title=\"Nueva Guardia Hospital Dr. Jos\u00e9 Mar\u00eda Cullen \/ Ministerio de Salud y Ministerio de Obras P\u00fablicas de Santa Fe (\u00a9 Ramiro Sosa)\" class=\"rl-gallery-link\" data-rl_caption=\"Nueva Guardia Hospital Dr. Jos\u00e9 Mar\u00eda Cullen \/ Ministerio de Salud y Ministerio de Obras P\u00fablicas de Santa Fe (\u00a9 Ramiro Sosa)\" data-rel=\"lightbox-gallery-1\"><img loading=\"lazy\" decoding=\"async\" width=\"150\" height=\"150\" src=\"https:\/\/www.arquimaster.com.ar\/web\/wp-content\/uploads\/2020\/03\/guardia_hospital_cullen25-150x150.jpg\" class=\"attachment-thumbnail size-thumbnail\" alt=\"\" aria-describedby=\"gallery-1-53143\" \/><\/a>\n\t\t\t<\/div>\n\t\t\t\t<figcaption class='wp-caption-text gallery-caption' id='gallery-1-53143'>\n\t\t\t\tNueva Guardia Hospital Dr. Jos\u00e9 Mar\u00eda Cullen \/ Ministerio de Salud y Ministerio de Obras P\u00fablicas de Santa Fe (\u00a9 Ramiro Sosa)\n\t\t\t\t<\/figcaption><\/figure><figure class='gallery-item'>\n\t\t\t<div class='gallery-icon landscape'>\n\t\t\t\t<a href='https:\/\/www.arquimaster.com.ar\/web\/wp-content\/uploads\/2020\/03\/guardia_hospital_cullen26.jpg' title=\"Nueva Guardia Hospital Dr. Jos\u00e9 Mar\u00eda Cullen \/ Ministerio de Salud y Ministerio de Obras P\u00fablicas de Santa Fe (\u00a9 Ramiro Sosa)\" data-rl_title=\"Nueva Guardia Hospital Dr. Jos\u00e9 Mar\u00eda Cullen \/ Ministerio de Salud y Ministerio de Obras P\u00fablicas de Santa Fe (\u00a9 Ramiro Sosa)\" class=\"rl-gallery-link\" data-rl_caption=\"Nueva Guardia Hospital Dr. Jos\u00e9 Mar\u00eda Cullen \/ Ministerio de Salud y Ministerio de Obras P\u00fablicas de Santa Fe (\u00a9 Ramiro Sosa)\" data-rel=\"lightbox-gallery-1\"><img loading=\"lazy\" decoding=\"async\" width=\"150\" height=\"150\" src=\"https:\/\/www.arquimaster.com.ar\/web\/wp-content\/uploads\/2020\/03\/guardia_hospital_cullen26-150x150.jpg\" class=\"attachment-thumbnail size-thumbnail\" alt=\"\" aria-describedby=\"gallery-1-53144\" \/><\/a>\n\t\t\t<\/div>\n\t\t\t\t<figcaption class='wp-caption-text gallery-caption' id='gallery-1-53144'>\n\t\t\t\tNueva Guardia Hospital Dr. Jos\u00e9 Mar\u00eda Cullen \/ Ministerio de Salud y Ministerio de Obras P\u00fablicas de Santa Fe (\u00a9 Ramiro Sosa)\n\t\t\t\t<\/figcaption><\/figure><figure class='gallery-item'>\n\t\t\t<div class='gallery-icon portrait'>\n\t\t\t\t<a href='https:\/\/www.arquimaster.com.ar\/web\/wp-content\/uploads\/2020\/03\/guardia_hospital_cullen27.jpg' title=\"Nueva Guardia Hospital Dr. Jos\u00e9 Mar\u00eda Cullen \/ Ministerio de Salud y Ministerio de Obras P\u00fablicas de Santa Fe (\u00a9 Ramiro Sosa)\" data-rl_title=\"Nueva Guardia Hospital Dr. Jos\u00e9 Mar\u00eda Cullen \/ Ministerio de Salud y Ministerio de Obras P\u00fablicas de Santa Fe (\u00a9 Ramiro Sosa)\" class=\"rl-gallery-link\" data-rl_caption=\"Nueva Guardia Hospital Dr. Jos\u00e9 Mar\u00eda Cullen \/ Ministerio de Salud y Ministerio de Obras P\u00fablicas de Santa Fe (\u00a9 Ramiro Sosa)\" data-rel=\"lightbox-gallery-1\"><img loading=\"lazy\" decoding=\"async\" width=\"150\" height=\"150\" src=\"https:\/\/www.arquimaster.com.ar\/web\/wp-content\/uploads\/2020\/03\/guardia_hospital_cullen27-150x150.jpg\" class=\"attachment-thumbnail size-thumbnail\" alt=\"\" aria-describedby=\"gallery-1-53145\" \/><\/a>\n\t\t\t<\/div>\n\t\t\t\t<figcaption class='wp-caption-text gallery-caption' id='gallery-1-53145'>\n\t\t\t\tNueva Guardia Hospital Dr. Jos\u00e9 Mar\u00eda Cullen \/ Ministerio de Salud y Ministerio de Obras P\u00fablicas de Santa Fe (\u00a9 Ramiro Sosa)\n\t\t\t\t<\/figcaption><\/figure><figure class='gallery-item'>\n\t\t\t<div class='gallery-icon landscape'>\n\t\t\t\t<a href='https:\/\/www.arquimaster.com.ar\/web\/wp-content\/uploads\/2020\/03\/guardia_hospital_cullen28.jpg' title=\"Nueva Guardia Hospital Dr. Jos\u00e9 Mar\u00eda Cullen \/ Ministerio de Salud y Ministerio de Obras P\u00fablicas de Santa Fe (\u00a9 Ramiro Sosa)\" data-rl_title=\"Nueva Guardia Hospital Dr. Jos\u00e9 Mar\u00eda Cullen \/ Ministerio de Salud y Ministerio de Obras P\u00fablicas de Santa Fe (\u00a9 Ramiro Sosa)\" class=\"rl-gallery-link\" data-rl_caption=\"Nueva Guardia Hospital Dr. Jos\u00e9 Mar\u00eda Cullen \/ Ministerio de Salud y Ministerio de Obras P\u00fablicas de Santa Fe (\u00a9 Ramiro Sosa)\" data-rel=\"lightbox-gallery-1\"><img loading=\"lazy\" decoding=\"async\" width=\"150\" height=\"150\" src=\"https:\/\/www.arquimaster.com.ar\/web\/wp-content\/uploads\/2020\/03\/guardia_hospital_cullen28-150x150.jpg\" class=\"attachment-thumbnail size-thumbnail\" alt=\"\" aria-describedby=\"gallery-1-53146\" \/><\/a>\n\t\t\t<\/div>\n\t\t\t\t<figcaption class='wp-caption-text gallery-caption' id='gallery-1-53146'>\n\t\t\t\tNueva Guardia Hospital Dr. Jos\u00e9 Mar\u00eda Cullen \/ Ministerio de Salud y Ministerio de Obras P\u00fablicas de Santa Fe (\u00a9 Ramiro Sosa)\n\t\t\t\t<\/figcaption><\/figure><figure class='gallery-item'>\n\t\t\t<div class='gallery-icon portrait'>\n\t\t\t\t<a href='https:\/\/www.arquimaster.com.ar\/web\/wp-content\/uploads\/2020\/03\/guardia_hospital_cullen29.jpg' title=\"Nueva Guardia Hospital Dr. Jos\u00e9 Mar\u00eda Cullen \/ Ministerio de Salud y Ministerio de Obras P\u00fablicas de Santa Fe (\u00a9 Ramiro Sosa)\" data-rl_title=\"Nueva Guardia Hospital Dr. Jos\u00e9 Mar\u00eda Cullen \/ Ministerio de Salud y Ministerio de Obras P\u00fablicas de Santa Fe (\u00a9 Ramiro Sosa)\" class=\"rl-gallery-link\" data-rl_caption=\"Nueva Guardia Hospital Dr. Jos\u00e9 Mar\u00eda Cullen \/ Ministerio de Salud y Ministerio de Obras P\u00fablicas de Santa Fe (\u00a9 Ramiro Sosa)\" data-rel=\"lightbox-gallery-1\"><img loading=\"lazy\" decoding=\"async\" width=\"150\" height=\"150\" src=\"https:\/\/www.arquimaster.com.ar\/web\/wp-content\/uploads\/2020\/03\/guardia_hospital_cullen29-150x150.jpg\" class=\"attachment-thumbnail size-thumbnail\" alt=\"\" aria-describedby=\"gallery-1-53147\" \/><\/a>\n\t\t\t<\/div>\n\t\t\t\t<figcaption class='wp-caption-text gallery-caption' id='gallery-1-53147'>\n\t\t\t\tNueva Guardia Hospital Dr. Jos\u00e9 Mar\u00eda Cullen \/ Ministerio de Salud y Ministerio de Obras P\u00fablicas de Santa Fe (\u00a9 Ramiro Sosa)\n\t\t\t\t<\/figcaption><\/figure><figure class='gallery-item'>\n\t\t\t<div class='gallery-icon portrait'>\n\t\t\t\t<a href='https:\/\/www.arquimaster.com.ar\/web\/wp-content\/uploads\/2020\/03\/guardia_hospital_cullen30.jpg' title=\"Nueva Guardia Hospital Dr. Jos\u00e9 Mar\u00eda Cullen \/ Ministerio de Salud y Ministerio de Obras P\u00fablicas de Santa Fe (\u00a9 Ramiro Sosa)\" data-rl_title=\"Nueva Guardia Hospital Dr. Jos\u00e9 Mar\u00eda Cullen \/ Ministerio de Salud y Ministerio de Obras P\u00fablicas de Santa Fe (\u00a9 Ramiro Sosa)\" class=\"rl-gallery-link\" data-rl_caption=\"Nueva Guardia Hospital Dr. Jos\u00e9 Mar\u00eda Cullen \/ Ministerio de Salud y Ministerio de Obras P\u00fablicas de Santa Fe (\u00a9 Ramiro Sosa)\" data-rel=\"lightbox-gallery-1\"><img loading=\"lazy\" decoding=\"async\" width=\"150\" height=\"150\" src=\"https:\/\/www.arquimaster.com.ar\/web\/wp-content\/uploads\/2020\/03\/guardia_hospital_cullen30-150x150.jpg\" class=\"attachment-thumbnail size-thumbnail\" alt=\"\" aria-describedby=\"gallery-1-53148\" \/><\/a>\n\t\t\t<\/div>\n\t\t\t\t<figcaption class='wp-caption-text gallery-caption' id='gallery-1-53148'>\n\t\t\t\tNueva Guardia Hospital Dr. Jos\u00e9 Mar\u00eda Cullen \/ Ministerio de Salud y Ministerio de Obras P\u00fablicas de Santa Fe (\u00a9 Ramiro Sosa)\n\t\t\t\t<\/figcaption><\/figure><figure class='gallery-item'>\n\t\t\t<div class='gallery-icon landscape'>\n\t\t\t\t<a href='https:\/\/www.arquimaster.com.ar\/web\/wp-content\/uploads\/2020\/03\/guardia_hospital_cullen31.jpg' title=\"Nueva Guardia Hospital Dr. Jos\u00e9 Mar\u00eda Cullen \/ Ministerio de Salud y Ministerio de Obras P\u00fablicas de Santa Fe (\u00a9 Ramiro Sosa)\" data-rl_title=\"Nueva Guardia Hospital Dr. Jos\u00e9 Mar\u00eda Cullen \/ Ministerio de Salud y Ministerio de Obras P\u00fablicas de Santa Fe (\u00a9 Ramiro Sosa)\" class=\"rl-gallery-link\" data-rl_caption=\"Nueva Guardia Hospital Dr. Jos\u00e9 Mar\u00eda Cullen \/ Ministerio de Salud y Ministerio de Obras P\u00fablicas de Santa Fe (\u00a9 Ramiro Sosa)\" data-rel=\"lightbox-gallery-1\"><img loading=\"lazy\" decoding=\"async\" width=\"150\" height=\"150\" src=\"https:\/\/www.arquimaster.com.ar\/web\/wp-content\/uploads\/2020\/03\/guardia_hospital_cullen31-150x150.jpg\" class=\"attachment-thumbnail size-thumbnail\" alt=\"\" aria-describedby=\"gallery-1-53149\" \/><\/a>\n\t\t\t<\/div>\n\t\t\t\t<figcaption class='wp-caption-text gallery-caption' id='gallery-1-53149'>\n\t\t\t\tNueva Guardia Hospital Dr. Jos\u00e9 Mar\u00eda Cullen \/ Ministerio de Salud y Ministerio de Obras P\u00fablicas de Santa Fe (\u00a9 Ramiro Sosa)\n\t\t\t\t<\/figcaption><\/figure><figure class='gallery-item'>\n\t\t\t<div class='gallery-icon portrait'>\n\t\t\t\t<a href='https:\/\/www.arquimaster.com.ar\/web\/wp-content\/uploads\/2020\/03\/guardia_hospital_cullen32.jpg' title=\"Nueva Guardia Hospital Dr. Jos\u00e9 Mar\u00eda Cullen \/ Ministerio de Salud y Ministerio de Obras P\u00fablicas de Santa Fe (\u00a9 Ramiro Sosa)\" data-rl_title=\"Nueva Guardia Hospital Dr. Jos\u00e9 Mar\u00eda Cullen \/ Ministerio de Salud y Ministerio de Obras P\u00fablicas de Santa Fe (\u00a9 Ramiro Sosa)\" class=\"rl-gallery-link\" data-rl_caption=\"Nueva Guardia Hospital Dr. Jos\u00e9 Mar\u00eda Cullen \/ Ministerio de Salud y Ministerio de Obras P\u00fablicas de Santa Fe (\u00a9 Ramiro Sosa)\" data-rel=\"lightbox-gallery-1\"><img loading=\"lazy\" decoding=\"async\" width=\"150\" height=\"150\" src=\"https:\/\/www.arquimaster.com.ar\/web\/wp-content\/uploads\/2020\/03\/guardia_hospital_cullen32-150x150.jpg\" class=\"attachment-thumbnail size-thumbnail\" alt=\"\" aria-describedby=\"gallery-1-53150\" \/><\/a>\n\t\t\t<\/div>\n\t\t\t\t<figcaption class='wp-caption-text gallery-caption' id='gallery-1-53150'>\n\t\t\t\tNueva Guardia Hospital Dr. Jos\u00e9 Mar\u00eda Cullen \/ Ministerio de Salud y Ministerio de Obras P\u00fablicas de Santa Fe (\u00a9 Ramiro Sosa)\n\t\t\t\t<\/figcaption><\/figure><figure class='gallery-item'>\n\t\t\t<div class='gallery-icon landscape'>\n\t\t\t\t<a href='https:\/\/www.arquimaster.com.ar\/web\/wp-content\/uploads\/2020\/03\/guardia_hospital_cullen33.jpg' title=\"Nueva Guardia Hospital Dr. Jos\u00e9 Mar\u00eda Cullen \/ Ministerio de Salud y Ministerio de Obras P\u00fablicas de Santa Fe (\u00a9 Ramiro Sosa)\" data-rl_title=\"Nueva Guardia Hospital Dr. Jos\u00e9 Mar\u00eda Cullen \/ Ministerio de Salud y Ministerio de Obras P\u00fablicas de Santa Fe (\u00a9 Ramiro Sosa)\" class=\"rl-gallery-link\" data-rl_caption=\"Nueva Guardia Hospital Dr. Jos\u00e9 Mar\u00eda Cullen \/ Ministerio de Salud y Ministerio de Obras P\u00fablicas de Santa Fe (\u00a9 Ramiro Sosa)\" data-rel=\"lightbox-gallery-1\"><img loading=\"lazy\" decoding=\"async\" width=\"150\" height=\"150\" src=\"https:\/\/www.arquimaster.com.ar\/web\/wp-content\/uploads\/2020\/03\/guardia_hospital_cullen33-150x150.jpg\" class=\"attachment-thumbnail size-thumbnail\" alt=\"\" aria-describedby=\"gallery-1-53151\" \/><\/a>\n\t\t\t<\/div>\n\t\t\t\t<figcaption class='wp-caption-text gallery-caption' id='gallery-1-53151'>\n\t\t\t\tNueva Guardia Hospital Dr. Jos\u00e9 Mar\u00eda Cullen \/ Ministerio de Salud y Ministerio de Obras P\u00fablicas de Santa Fe (\u00a9 Ramiro Sosa)\n\t\t\t\t<\/figcaption><\/figure><figure class='gallery-item'>\n\t\t\t<div class='gallery-icon landscape'>\n\t\t\t\t<a href='https:\/\/www.arquimaster.com.ar\/web\/wp-content\/uploads\/2020\/03\/guardia_hospital_cullen34.jpg' title=\"Nueva Guardia Hospital Dr. Jos\u00e9 Mar\u00eda Cullen \/ Ministerio de Salud y Ministerio de Obras P\u00fablicas de Santa Fe (\u00a9 Ramiro Sosa)\" data-rl_title=\"Nueva Guardia Hospital Dr. Jos\u00e9 Mar\u00eda Cullen \/ Ministerio de Salud y Ministerio de Obras P\u00fablicas de Santa Fe (\u00a9 Ramiro Sosa)\" class=\"rl-gallery-link\" data-rl_caption=\"Nueva Guardia Hospital Dr. Jos\u00e9 Mar\u00eda Cullen \/ Ministerio de Salud y Ministerio de Obras P\u00fablicas de Santa Fe (\u00a9 Ramiro Sosa)\" data-rel=\"lightbox-gallery-1\"><img loading=\"lazy\" decoding=\"async\" width=\"150\" height=\"150\" src=\"https:\/\/www.arquimaster.com.ar\/web\/wp-content\/uploads\/2020\/03\/guardia_hospital_cullen34-150x150.jpg\" class=\"attachment-thumbnail size-thumbnail\" alt=\"\" aria-describedby=\"gallery-1-53152\" \/><\/a>\n\t\t\t<\/div>\n\t\t\t\t<figcaption class='wp-caption-text gallery-caption' id='gallery-1-53152'>\n\t\t\t\tNueva Guardia Hospital Dr. Jos\u00e9 Mar\u00eda Cullen \/ Ministerio de Salud y Ministerio de Obras P\u00fablicas de Santa Fe (\u00a9 Ramiro Sosa)\n\t\t\t\t<\/figcaption><\/figure><figure class='gallery-item'>\n\t\t\t<div class='gallery-icon landscape'>\n\t\t\t\t<a href='https:\/\/www.arquimaster.com.ar\/web\/wp-content\/uploads\/2020\/03\/guardia_hospital_cullen35.jpg' title=\"Nueva Guardia Hospital Dr. Jos\u00e9 Mar\u00eda Cullen \/ Ministerio de Salud y Ministerio de Obras P\u00fablicas de Santa Fe (\u00a9 Ramiro Sosa)\" data-rl_title=\"Nueva Guardia Hospital Dr. Jos\u00e9 Mar\u00eda Cullen \/ Ministerio de Salud y Ministerio de Obras P\u00fablicas de Santa Fe (\u00a9 Ramiro Sosa)\" class=\"rl-gallery-link\" data-rl_caption=\"Nueva Guardia Hospital Dr. Jos\u00e9 Mar\u00eda Cullen \/ Ministerio de Salud y Ministerio de Obras P\u00fablicas de Santa Fe (\u00a9 Ramiro Sosa)\" data-rel=\"lightbox-gallery-1\"><img loading=\"lazy\" decoding=\"async\" width=\"150\" height=\"150\" src=\"https:\/\/www.arquimaster.com.ar\/web\/wp-content\/uploads\/2020\/03\/guardia_hospital_cullen35-150x150.jpg\" class=\"attachment-thumbnail size-thumbnail\" alt=\"\" aria-describedby=\"gallery-1-53153\" \/><\/a>\n\t\t\t<\/div>\n\t\t\t\t<figcaption class='wp-caption-text gallery-caption' id='gallery-1-53153'>\n\t\t\t\tNueva Guardia Hospital Dr. Jos\u00e9 Mar\u00eda Cullen \/ Ministerio de Salud y Ministerio de Obras P\u00fablicas de Santa Fe (\u00a9 Ramiro Sosa)\n\t\t\t\t<\/figcaption><\/figure><figure class='gallery-item'>\n\t\t\t<div class='gallery-icon landscape'>\n\t\t\t\t<a href='https:\/\/www.arquimaster.com.ar\/web\/wp-content\/uploads\/2020\/03\/guardia_hospital_cullen36.jpg' title=\"Nueva Guardia Hospital Dr. Jos\u00e9 Mar\u00eda Cullen \/ Ministerio de Salud y Ministerio de Obras P\u00fablicas de Santa Fe (\u00a9 Ramiro Sosa)\" data-rl_title=\"Nueva Guardia Hospital Dr. Jos\u00e9 Mar\u00eda Cullen \/ Ministerio de Salud y Ministerio de Obras P\u00fablicas de Santa Fe (\u00a9 Ramiro Sosa)\" class=\"rl-gallery-link\" data-rl_caption=\"Nueva Guardia Hospital Dr. Jos\u00e9 Mar\u00eda Cullen \/ Ministerio de Salud y Ministerio de Obras P\u00fablicas de Santa Fe (\u00a9 Ramiro Sosa)\" data-rel=\"lightbox-gallery-1\"><img loading=\"lazy\" decoding=\"async\" width=\"150\" height=\"150\" src=\"https:\/\/www.arquimaster.com.ar\/web\/wp-content\/uploads\/2020\/03\/guardia_hospital_cullen36-150x150.jpg\" class=\"attachment-thumbnail size-thumbnail\" alt=\"\" aria-describedby=\"gallery-1-53154\" \/><\/a>\n\t\t\t<\/div>\n\t\t\t\t<figcaption class='wp-caption-text gallery-caption' id='gallery-1-53154'>\n\t\t\t\tNueva Guardia Hospital Dr. Jos\u00e9 Mar\u00eda Cullen \/ Ministerio de Salud y Ministerio de Obras P\u00fablicas de Santa Fe (\u00a9 Ramiro Sosa)\n\t\t\t\t<\/figcaption><\/figure><figure class='gallery-item'>\n\t\t\t<div class='gallery-icon landscape'>\n\t\t\t\t<a href='https:\/\/www.arquimaster.com.ar\/web\/wp-content\/uploads\/2020\/03\/guardia_hospital_cullen37.jpg' title=\"Nueva Guardia Hospital Dr. Jos\u00e9 Mar\u00eda Cullen \/ Ministerio de Salud y Ministerio de Obras P\u00fablicas de Santa Fe (\u00a9 Ramiro Sosa)\" data-rl_title=\"Nueva Guardia Hospital Dr. Jos\u00e9 Mar\u00eda Cullen \/ Ministerio de Salud y Ministerio de Obras P\u00fablicas de Santa Fe (\u00a9 Ramiro Sosa)\" class=\"rl-gallery-link\" data-rl_caption=\"Nueva Guardia Hospital Dr. Jos\u00e9 Mar\u00eda Cullen \/ Ministerio de Salud y Ministerio de Obras P\u00fablicas de Santa Fe (\u00a9 Ramiro Sosa)\" data-rel=\"lightbox-gallery-1\"><img loading=\"lazy\" decoding=\"async\" width=\"150\" height=\"150\" src=\"https:\/\/www.arquimaster.com.ar\/web\/wp-content\/uploads\/2020\/03\/guardia_hospital_cullen37-150x150.jpg\" class=\"attachment-thumbnail size-thumbnail\" alt=\"\" aria-describedby=\"gallery-1-53155\" \/><\/a>\n\t\t\t<\/div>\n\t\t\t\t<figcaption class='wp-caption-text gallery-caption' id='gallery-1-53155'>\n\t\t\t\tNueva Guardia Hospital Dr. Jos\u00e9 Mar\u00eda Cullen \/ Ministerio de Salud y Ministerio de Obras P\u00fablicas de Santa Fe (\u00a9 Ramiro Sosa)\n\t\t\t\t<\/figcaption><\/figure><figure class='gallery-item'>\n\t\t\t<div class='gallery-icon landscape'>\n\t\t\t\t<a href='https:\/\/www.arquimaster.com.ar\/web\/wp-content\/uploads\/2020\/03\/guardia_hospital_cullen38.jpg' title=\"Nueva Guardia Hospital Dr. Jos\u00e9 Mar\u00eda Cullen \/ Ministerio de Salud y Ministerio de Obras P\u00fablicas de Santa Fe (implantaci\u00f3n)\" data-rl_title=\"Nueva Guardia Hospital Dr. Jos\u00e9 Mar\u00eda Cullen \/ Ministerio de Salud y Ministerio de Obras P\u00fablicas de Santa Fe (implantaci\u00f3n)\" class=\"rl-gallery-link\" data-rl_caption=\"Nueva Guardia Hospital Dr. Jos\u00e9 Mar\u00eda Cullen \/ Ministerio de Salud y Ministerio de Obras P\u00fablicas de Santa Fe (implantaci\u00f3n)\" data-rel=\"lightbox-gallery-1\"><img loading=\"lazy\" decoding=\"async\" width=\"150\" height=\"150\" src=\"https:\/\/www.arquimaster.com.ar\/web\/wp-content\/uploads\/2020\/03\/guardia_hospital_cullen38-150x150.jpg\" class=\"attachment-thumbnail size-thumbnail\" alt=\"\" aria-describedby=\"gallery-1-53156\" \/><\/a>\n\t\t\t<\/div>\n\t\t\t\t<figcaption class='wp-caption-text gallery-caption' id='gallery-1-53156'>\n\t\t\t\tNueva Guardia Hospital Dr. Jos\u00e9 Mar\u00eda Cullen \/ Ministerio de Salud y Ministerio de Obras P\u00fablicas de Santa Fe (implantaci\u00f3n)\n\t\t\t\t<\/figcaption><\/figure><figure class='gallery-item'>\n\t\t\t<div class='gallery-icon landscape'>\n\t\t\t\t<a href='https:\/\/www.arquimaster.com.ar\/web\/wp-content\/uploads\/2020\/03\/guardia_hospital_cullen39.jpg' title=\"Nueva Guardia Hospital Dr. Jos\u00e9 Mar\u00eda Cullen \/ Ministerio de Salud y Ministerio de Obras P\u00fablicas de Santa Fe (planta de arquitectura)\" data-rl_title=\"Nueva Guardia Hospital Dr. Jos\u00e9 Mar\u00eda Cullen \/ Ministerio de Salud y Ministerio de Obras P\u00fablicas de Santa Fe (planta de arquitectura)\" class=\"rl-gallery-link\" data-rl_caption=\"Nueva Guardia Hospital Dr. Jos\u00e9 Mar\u00eda Cullen \/ Ministerio de Salud y Ministerio de Obras P\u00fablicas de Santa Fe (planta de arquitectura)\" data-rel=\"lightbox-gallery-1\"><img loading=\"lazy\" decoding=\"async\" width=\"150\" height=\"150\" src=\"https:\/\/www.arquimaster.com.ar\/web\/wp-content\/uploads\/2020\/03\/guardia_hospital_cullen39-150x150.jpg\" class=\"attachment-thumbnail size-thumbnail\" alt=\"\" aria-describedby=\"gallery-1-53157\" \/><\/a>\n\t\t\t<\/div>\n\t\t\t\t<figcaption class='wp-caption-text gallery-caption' id='gallery-1-53157'>\n\t\t\t\tNueva Guardia Hospital Dr. Jos\u00e9 Mar\u00eda Cullen \/ Ministerio de Salud y Ministerio de Obras P\u00fablicas de Santa Fe (planta de arquitectura)\n\t\t\t\t<\/figcaption><\/figure><figure class='gallery-item'>\n\t\t\t<div class='gallery-icon landscape'>\n\t\t\t\t<a href='https:\/\/www.arquimaster.com.ar\/web\/wp-content\/uploads\/2020\/03\/guardia_hospital_cullen40.jpg' title=\"Nueva Guardia Hospital Dr. Jos\u00e9 Mar\u00eda Cullen \/ Ministerio de Salud y Ministerio de Obras P\u00fablicas de Santa Fe (planta de techos)\" data-rl_title=\"Nueva Guardia Hospital Dr. Jos\u00e9 Mar\u00eda Cullen \/ Ministerio de Salud y Ministerio de Obras P\u00fablicas de Santa Fe (planta de techos)\" class=\"rl-gallery-link\" data-rl_caption=\"Nueva Guardia Hospital Dr. Jos\u00e9 Mar\u00eda Cullen \/ Ministerio de Salud y Ministerio de Obras P\u00fablicas de Santa Fe (planta de techos)\" data-rel=\"lightbox-gallery-1\"><img loading=\"lazy\" decoding=\"async\" width=\"150\" height=\"150\" src=\"https:\/\/www.arquimaster.com.ar\/web\/wp-content\/uploads\/2020\/03\/guardia_hospital_cullen40-150x150.jpg\" class=\"attachment-thumbnail size-thumbnail\" alt=\"\" aria-describedby=\"gallery-1-53158\" \/><\/a>\n\t\t\t<\/div>\n\t\t\t\t<figcaption class='wp-caption-text gallery-caption' id='gallery-1-53158'>\n\t\t\t\tNueva Guardia Hospital Dr. Jos\u00e9 Mar\u00eda Cullen \/ Ministerio de Salud y Ministerio de Obras P\u00fablicas de Santa Fe (planta de techos)\n\t\t\t\t<\/figcaption><\/figure><figure class='gallery-item'>\n\t\t\t<div class='gallery-icon landscape'>\n\t\t\t\t<a href='https:\/\/www.arquimaster.com.ar\/web\/wp-content\/uploads\/2020\/03\/guardia_hospital_cullen41.jpg' title=\"Nueva Guardia Hospital Dr. Jos\u00e9 Mar\u00eda Cullen \/ Ministerio de Salud y Ministerio de Obras P\u00fablicas de Santa Fe (corte 1)\" data-rl_title=\"Nueva Guardia Hospital Dr. Jos\u00e9 Mar\u00eda Cullen \/ Ministerio de Salud y Ministerio de Obras P\u00fablicas de Santa Fe (corte 1)\" class=\"rl-gallery-link\" data-rl_caption=\"Nueva Guardia Hospital Dr. Jos\u00e9 Mar\u00eda Cullen \/ Ministerio de Salud y Ministerio de Obras P\u00fablicas de Santa Fe (corte 1)\" data-rel=\"lightbox-gallery-1\"><img loading=\"lazy\" decoding=\"async\" width=\"150\" height=\"150\" src=\"https:\/\/www.arquimaster.com.ar\/web\/wp-content\/uploads\/2020\/03\/guardia_hospital_cullen41-150x150.jpg\" class=\"attachment-thumbnail size-thumbnail\" alt=\"\" aria-describedby=\"gallery-1-53159\" \/><\/a>\n\t\t\t<\/div>\n\t\t\t\t<figcaption class='wp-caption-text gallery-caption' id='gallery-1-53159'>\n\t\t\t\tNueva Guardia Hospital Dr. Jos\u00e9 Mar\u00eda Cullen \/ Ministerio de Salud y Ministerio de Obras P\u00fablicas de Santa Fe (corte 1)\n\t\t\t\t<\/figcaption><\/figure><figure class='gallery-item'>\n\t\t\t<div class='gallery-icon landscape'>\n\t\t\t\t<a href='https:\/\/www.arquimaster.com.ar\/web\/wp-content\/uploads\/2020\/03\/guardia_hospital_cullen42.jpg' title=\"Nueva Guardia Hospital Dr. Jos\u00e9 Mar\u00eda Cullen \/ Ministerio de Salud y Ministerio de Obras P\u00fablicas de Santa Fe (corte 2)\" data-rl_title=\"Nueva Guardia Hospital Dr. Jos\u00e9 Mar\u00eda Cullen \/ Ministerio de Salud y Ministerio de Obras P\u00fablicas de Santa Fe (corte 2)\" class=\"rl-gallery-link\" data-rl_caption=\"Nueva Guardia Hospital Dr. Jos\u00e9 Mar\u00eda Cullen \/ Ministerio de Salud y Ministerio de Obras P\u00fablicas de Santa Fe (corte 2)\" data-rel=\"lightbox-gallery-1\"><img loading=\"lazy\" decoding=\"async\" width=\"150\" height=\"150\" src=\"https:\/\/www.arquimaster.com.ar\/web\/wp-content\/uploads\/2020\/03\/guardia_hospital_cullen42-150x150.jpg\" class=\"attachment-thumbnail size-thumbnail\" alt=\"\" aria-describedby=\"gallery-1-53160\" \/><\/a>\n\t\t\t<\/div>\n\t\t\t\t<figcaption class='wp-caption-text gallery-caption' id='gallery-1-53160'>\n\t\t\t\tNueva Guardia Hospital Dr. Jos\u00e9 Mar\u00eda Cullen \/ Ministerio de Salud y Ministerio de Obras P\u00fablicas de Santa Fe (corte 2)\n\t\t\t\t<\/figcaption><\/figure><figure class='gallery-item'>\n\t\t\t<div class='gallery-icon landscape'>\n\t\t\t\t<a href='https:\/\/www.arquimaster.com.ar\/web\/wp-content\/uploads\/2020\/03\/guardia_hospital_cullen43.jpg' title=\"Nueva Guardia Hospital Dr. Jos\u00e9 Mar\u00eda Cullen \/ Ministerio de Salud y Ministerio de Obras P\u00fablicas de Santa Fe (corte 3)\" data-rl_title=\"Nueva Guardia Hospital Dr. Jos\u00e9 Mar\u00eda Cullen \/ Ministerio de Salud y Ministerio de Obras P\u00fablicas de Santa Fe (corte 3)\" class=\"rl-gallery-link\" data-rl_caption=\"Nueva Guardia Hospital Dr. Jos\u00e9 Mar\u00eda Cullen \/ Ministerio de Salud y Ministerio de Obras P\u00fablicas de Santa Fe (corte 3)\" data-rel=\"lightbox-gallery-1\"><img loading=\"lazy\" decoding=\"async\" width=\"150\" height=\"150\" src=\"https:\/\/www.arquimaster.com.ar\/web\/wp-content\/uploads\/2020\/03\/guardia_hospital_cullen43-150x150.jpg\" class=\"attachment-thumbnail size-thumbnail\" alt=\"\" aria-describedby=\"gallery-1-53161\" \/><\/a>\n\t\t\t<\/div>\n\t\t\t\t<figcaption class='wp-caption-text gallery-caption' id='gallery-1-53161'>\n\t\t\t\tNueva Guardia Hospital Dr. Jos\u00e9 Mar\u00eda Cullen \/ Ministerio de Salud y Ministerio de Obras P\u00fablicas de Santa Fe (corte 3)\n\t\t\t\t<\/figcaption><\/figure><figure class='gallery-item'>\n\t\t\t<div class='gallery-icon landscape'>\n\t\t\t\t<a href='https:\/\/www.arquimaster.com.ar\/web\/wp-content\/uploads\/2020\/03\/guardia_hospital_cullen44.jpg' title=\"Nueva Guardia Hospital Dr. Jos\u00e9 Mar\u00eda Cullen \/ Ministerio de Salud y Ministerio de Obras P\u00fablicas de Santa Fe (corte 4)\" data-rl_title=\"Nueva Guardia Hospital Dr. Jos\u00e9 Mar\u00eda Cullen \/ Ministerio de Salud y Ministerio de Obras P\u00fablicas de Santa Fe (corte 4)\" class=\"rl-gallery-link\" data-rl_caption=\"Nueva Guardia Hospital Dr. Jos\u00e9 Mar\u00eda Cullen \/ Ministerio de Salud y Ministerio de Obras P\u00fablicas de Santa Fe (corte 4)\" data-rel=\"lightbox-gallery-1\"><img loading=\"lazy\" decoding=\"async\" width=\"150\" height=\"150\" src=\"https:\/\/www.arquimaster.com.ar\/web\/wp-content\/uploads\/2020\/03\/guardia_hospital_cullen44-150x150.jpg\" class=\"attachment-thumbnail size-thumbnail\" alt=\"\" aria-describedby=\"gallery-1-53162\" \/><\/a>\n\t\t\t<\/div>\n\t\t\t\t<figcaption class='wp-caption-text gallery-caption' id='gallery-1-53162'>\n\t\t\t\tNueva Guardia Hospital Dr. Jos\u00e9 Mar\u00eda Cullen \/ Ministerio de Salud y Ministerio de Obras P\u00fablicas de Santa Fe (corte 4)\n\t\t\t\t<\/figcaption><\/figure><figure class='gallery-item'>\n\t\t\t<div class='gallery-icon landscape'>\n\t\t\t\t<a href='https:\/\/www.arquimaster.com.ar\/web\/wp-content\/uploads\/2020\/03\/guardia_hospital_cullen45.jpg' title=\"Nueva Guardia Hospital Dr. Jos\u00e9 Mar\u00eda Cullen \/ Ministerio de Salud y Ministerio de Obras P\u00fablicas de Santa Fe (corte 5)\" data-rl_title=\"Nueva Guardia Hospital Dr. Jos\u00e9 Mar\u00eda Cullen \/ Ministerio de Salud y Ministerio de Obras P\u00fablicas de Santa Fe (corte 5)\" class=\"rl-gallery-link\" data-rl_caption=\"Nueva Guardia Hospital Dr. Jos\u00e9 Mar\u00eda Cullen \/ Ministerio de Salud y Ministerio de Obras P\u00fablicas de Santa Fe (corte 5)\" data-rel=\"lightbox-gallery-1\"><img loading=\"lazy\" decoding=\"async\" width=\"150\" height=\"150\" src=\"https:\/\/www.arquimaster.com.ar\/web\/wp-content\/uploads\/2020\/03\/guardia_hospital_cullen45-150x150.jpg\" class=\"attachment-thumbnail size-thumbnail\" alt=\"\" aria-describedby=\"gallery-1-53163\" \/><\/a>\n\t\t\t<\/div>\n\t\t\t\t<figcaption class='wp-caption-text gallery-caption' id='gallery-1-53163'>\n\t\t\t\tNueva Guardia Hospital Dr. Jos\u00e9 Mar\u00eda Cullen \/ Ministerio de Salud y Ministerio de Obras P\u00fablicas de Santa Fe (corte 5)\n\t\t\t\t<\/figcaption><\/figure><figure class='gallery-item'>\n\t\t\t<div class='gallery-icon landscape'>\n\t\t\t\t<a href='https:\/\/www.arquimaster.com.ar\/web\/wp-content\/uploads\/2020\/03\/guardia_hospital_cullen46.jpg' title=\"Nueva Guardia Hospital Dr. Jos\u00e9 Mar\u00eda Cullen \/ Ministerio de Salud y Ministerio de Obras P\u00fablicas de Santa Fe (vista frontal)\" data-rl_title=\"Nueva Guardia Hospital Dr. Jos\u00e9 Mar\u00eda Cullen \/ Ministerio de Salud y Ministerio de Obras P\u00fablicas de Santa Fe (vista frontal)\" class=\"rl-gallery-link\" data-rl_caption=\"Nueva Guardia Hospital Dr. Jos\u00e9 Mar\u00eda Cullen \/ Ministerio de Salud y Ministerio de Obras P\u00fablicas de Santa Fe (vista frontal)\" data-rel=\"lightbox-gallery-1\"><img loading=\"lazy\" decoding=\"async\" width=\"150\" height=\"150\" src=\"https:\/\/www.arquimaster.com.ar\/web\/wp-content\/uploads\/2020\/03\/guardia_hospital_cullen46-150x150.jpg\" class=\"attachment-thumbnail size-thumbnail\" alt=\"\" aria-describedby=\"gallery-1-53164\" \/><\/a>\n\t\t\t<\/div>\n\t\t\t\t<figcaption class='wp-caption-text gallery-caption' id='gallery-1-53164'>\n\t\t\t\tNueva Guardia Hospital Dr. Jos\u00e9 Mar\u00eda Cullen \/ Ministerio de Salud y Ministerio de Obras P\u00fablicas de Santa Fe (vista frontal)\n\t\t\t\t<\/figcaption><\/figure><figure class='gallery-item'>\n\t\t\t<div class='gallery-icon landscape'>\n\t\t\t\t<a href='https:\/\/www.arquimaster.com.ar\/web\/wp-content\/uploads\/2020\/03\/guardia_hospital_cullen47.jpg' title=\"Nueva Guardia Hospital Dr. Jos\u00e9 Mar\u00eda Cullen \/ Ministerio de Salud y Ministerio de Obras P\u00fablicas de Santa Fe (corte vista lateral)\" data-rl_title=\"Nueva Guardia Hospital Dr. Jos\u00e9 Mar\u00eda Cullen \/ Ministerio de Salud y Ministerio de Obras P\u00fablicas de Santa Fe (corte vista lateral)\" class=\"rl-gallery-link\" data-rl_caption=\"Nueva Guardia Hospital Dr. Jos\u00e9 Mar\u00eda Cullen \/ Ministerio de Salud y Ministerio de Obras P\u00fablicas de Santa Fe (corte vista lateral)\" data-rel=\"lightbox-gallery-1\"><img loading=\"lazy\" decoding=\"async\" width=\"150\" height=\"150\" src=\"https:\/\/www.arquimaster.com.ar\/web\/wp-content\/uploads\/2020\/03\/guardia_hospital_cullen47-150x150.jpg\" class=\"attachment-thumbnail size-thumbnail\" alt=\"\" aria-describedby=\"gallery-1-53165\" \/><\/a>\n\t\t\t<\/div>\n\t\t\t\t<figcaption class='wp-caption-text gallery-caption' id='gallery-1-53165'>\n\t\t\t\tNueva Guardia Hospital Dr. Jos\u00e9 Mar\u00eda Cullen \/ Ministerio de Salud y Ministerio de Obras P\u00fablicas de Santa Fe (corte vista lateral)\n\t\t\t\t<\/figcaption><\/figure><figure class='gallery-item'>\n\t\t\t<div class='gallery-icon landscape'>\n\t\t\t\t<a href='https:\/\/www.arquimaster.com.ar\/web\/wp-content\/uploads\/2020\/03\/guardia_hospital_cullen48.jpg' title=\"Nueva Guardia Hospital Dr. Jos\u00e9 Mar\u00eda Cullen \/ Ministerio de Salud y Ministerio de Obras P\u00fablicas de Santa Fe (render)\" data-rl_title=\"Nueva Guardia Hospital Dr. Jos\u00e9 Mar\u00eda Cullen \/ Ministerio de Salud y Ministerio de Obras P\u00fablicas de Santa Fe (render)\" class=\"rl-gallery-link\" data-rl_caption=\"Nueva Guardia Hospital Dr. Jos\u00e9 Mar\u00eda Cullen \/ Ministerio de Salud y Ministerio de Obras P\u00fablicas de Santa Fe (render)\" data-rel=\"lightbox-gallery-1\"><img loading=\"lazy\" decoding=\"async\" width=\"150\" height=\"150\" src=\"https:\/\/www.arquimaster.com.ar\/web\/wp-content\/uploads\/2020\/03\/guardia_hospital_cullen48-150x150.jpg\" class=\"attachment-thumbnail size-thumbnail\" alt=\"\" aria-describedby=\"gallery-1-53166\" \/><\/a>\n\t\t\t<\/div>\n\t\t\t\t<figcaption class='wp-caption-text gallery-caption' id='gallery-1-53166'>\n\t\t\t\tNueva Guardia Hospital Dr. Jos\u00e9 Mar\u00eda Cullen \/ Ministerio de Salud y Ministerio de Obras P\u00fablicas de Santa Fe (render)\n\t\t\t\t<\/figcaption><\/figure><figure class='gallery-item'>\n\t\t\t<div class='gallery-icon landscape'>\n\t\t\t\t<a href='https:\/\/www.arquimaster.com.ar\/web\/wp-content\/uploads\/2020\/03\/guardia_hospital_cullen49.jpg' title=\"Nueva Guardia Hospital Dr. Jos\u00e9 Mar\u00eda Cullen \/ Ministerio de Salud y Ministerio de Obras P\u00fablicas de Santa Fe (render)\" data-rl_title=\"Nueva Guardia Hospital Dr. Jos\u00e9 Mar\u00eda Cullen \/ Ministerio de Salud y Ministerio de Obras P\u00fablicas de Santa Fe (render)\" class=\"rl-gallery-link\" data-rl_caption=\"Nueva Guardia Hospital Dr. Jos\u00e9 Mar\u00eda Cullen \/ Ministerio de Salud y Ministerio de Obras P\u00fablicas de Santa Fe (render)\" data-rel=\"lightbox-gallery-1\"><img loading=\"lazy\" decoding=\"async\" width=\"150\" height=\"150\" src=\"https:\/\/www.arquimaster.com.ar\/web\/wp-content\/uploads\/2020\/03\/guardia_hospital_cullen49-150x150.jpg\" class=\"attachment-thumbnail size-thumbnail\" alt=\"\" aria-describedby=\"gallery-1-53167\" \/><\/a>\n\t\t\t<\/div>\n\t\t\t\t<figcaption class='wp-caption-text gallery-caption' id='gallery-1-53167'>\n\t\t\t\tNueva Guardia Hospital Dr. Jos\u00e9 Mar\u00eda Cullen \/ Ministerio de Salud y Ministerio de Obras P\u00fablicas de Santa Fe (render)\n\t\t\t\t<\/figcaption><\/figure><figure class='gallery-item'>\n\t\t\t<div class='gallery-icon landscape'>\n\t\t\t\t<a href='https:\/\/www.arquimaster.com.ar\/web\/wp-content\/uploads\/2020\/03\/guardia_hospital_cullen50.jpg' title=\"Nueva Guardia Hospital Dr. Jos\u00e9 Mar\u00eda Cullen \/ Ministerio de Salud y Ministerio de Obras P\u00fablicas de Santa Fe (render)\" data-rl_title=\"Nueva Guardia Hospital Dr. Jos\u00e9 Mar\u00eda Cullen \/ Ministerio de Salud y Ministerio de Obras P\u00fablicas de Santa Fe (render)\" class=\"rl-gallery-link\" data-rl_caption=\"Nueva Guardia Hospital Dr. Jos\u00e9 Mar\u00eda Cullen \/ Ministerio de Salud y Ministerio de Obras P\u00fablicas de Santa Fe (render)\" data-rel=\"lightbox-gallery-1\"><img loading=\"lazy\" decoding=\"async\" width=\"150\" height=\"150\" src=\"https:\/\/www.arquimaster.com.ar\/web\/wp-content\/uploads\/2020\/03\/guardia_hospital_cullen50-150x150.jpg\" class=\"attachment-thumbnail size-thumbnail\" alt=\"\" aria-describedby=\"gallery-1-53168\" \/><\/a>\n\t\t\t<\/div>\n\t\t\t\t<figcaption class='wp-caption-text gallery-caption' id='gallery-1-53168'>\n\t\t\t\tNueva Guardia Hospital Dr. Jos\u00e9 Mar\u00eda Cullen \/ Ministerio de Salud y Ministerio de Obras P\u00fablicas de Santa Fe (render)\n\t\t\t\t<\/figcaption><\/figure>\n\t\t<\/div>\n\n<p>La obra surge ante la necesidad de refuncionalizaci\u00f3n del sector de la guardia de emergencias existente en el hospital, teniendo como premisa el respeto de la planta existente del edificio, preservando su valor hist\u00f3rico, y a su vez redefiniendo el uso de sectores y demoliendo \u00e1reas obsoletas para permitir la construcci\u00f3n de una nueva Guardia acorde a los requerimientos actuales.<\/p>\n<p>La Nueva Guardia se levanta en el mismo sector que ocupaba la guardia existente, desarroll\u00e1ndose en una mayor superficie que avanza hacia el frente de Av. Freyre, donde se ubica el acceso peatonal a trav\u00e9s de una plaza seca, contando con un ingreso diferenciado para el acceso vehicular de ambulancias.<\/p>\n<p>El nuevo edificio, distribuido en planta baja, cuenta con una superficie cubierta aproximada de 440 m2, que incluye la admisi\u00f3n de guardia, sala de espera, \u00e1rea de diagn\u00f3stico y tratamiento con 4 consultorios, uno de los cuales funciona como \u00abtriaje\u00bb clasificando la urgencia. En el \u00e1rea restringida se localiza un office de enfermer\u00eda, sala de observaci\u00f3n, y un quir\u00f3fano sucio o sala de procedimientos, complementado con \u00e1rea de office sucio y residuos patol\u00f3gicos, y local de lavado de pacientes. Estas \u00faltimas dependencias conectadas mediante un paso de servicio con el shockroom existente. Otros locales de apoyo como un nuevo n\u00facleo de sanitarios p\u00fablicos, un sector de office de personal, \u00e1rea administrativa de informes, y una cabina de seguridad para el control de acceso y monitoreo de CCTV. El sector de protecci\u00f3n del acceso peatonal cuenta con una superficie semicubierta de 25 m2 que contempla ingreso peatonal mediante escalinata de acceso y mediante rampa de doble tramo dise\u00f1ada seg\u00fan par\u00e1metros de accesibilidad.<\/p>\n<p>En el hall central del edificio principal del Hospital, se desarroll\u00f3 una Central de Informes con 10 boxes de atenci\u00f3n, configurada por una estructura met\u00e1lica para soportar un entrepiso y el cerramiento vidriado del sector, abarcando una superficie cubierta aproximada de 90 m2.<\/p>\n<p>Para garantizar la funcionalidad de todo el conjunto hospitalario, el nuevo sector de la Guardia, se conecta al hospital existente mediante una circulaci\u00f3n cerrada que vincula la Sala de Espera de la Nueva Guardia con el Hall Central del edificio existente donde se desarrolla la Central de Informes.<\/p>\n<p>Para el ingreso vehicular, se desarroll\u00f3 un sector para maniobras y estacionamiento de las ambulancias bajo techo (superficie semicubierta de 88 m2), facilitando el ingreso de las emergencias hasta el shockroom y sala de procedimientos.<\/p>\n<p>La Urbanizaci\u00f3n exterior, est\u00e1 dada por una plaza seca de acceso con un sector parquizado y un patio interno parquizado, lo cual corresponde a una superficie de 180 m2.<\/p>\n<p>Las pautas constructivas definidas para cada sector de intervenci\u00f3n contemplan especialmente medidas para garantizar la seguridad del personal de atenci\u00f3n al p\u00fablico, entre ellas superficies vidriadas de seguridad, intercomunicadores de seguridad en boxes de admisi\u00f3n, control de acceso con cerradura electromagn\u00e9tica en \u00e1rea restringida, detectores de incendio, circuito cerrado de TV interno y externo con central de monitoreo de c\u00e1maras en Cabina de Seguridad, equipamiento antivand\u00e1lico en \u00e1reas p\u00fablicas, acondicionamiento especial y medidas de asepsia en \u00e1reas cr\u00edticas, entre otras.<\/p>\n<p>Uno de los mayores desaf\u00edos de la obra ha sido el de minimizar molestias al resto del hospital y al shockroom de la guardia, que durante la ejecuci\u00f3n de la obra, siguieron funcionando con normalidad, permiti\u00e9ndose incluso el ingreso vehicular de ambulancias. Las prioridades de intervenci\u00f3n y de funcionalidad del edificio antes expuestas pudieron respetarse fruto de un gran trabajo de coordinaci\u00f3n entre la direcci\u00f3n m\u00e9dica del hospital, la empresa constructora y el organismo t\u00e9cnico de la provincia.<\/p>\n<p><strong>Ficha t\u00e9cnica<\/strong><br \/>Nombre: Nueva Guardia Hospital Dr. Jos\u00e9 Mar\u00eda Cullen<br \/>Ubicaci\u00f3n: Avenida Freyre 2150, Ciudad de Santa Fe, Pcia. de Santa Fe, Argentina<br \/>Ejecuci\u00f3n: Direcci\u00f3n Provincial de Arquitectura e Ingenier\u00eda, Ministerio de Obras P\u00fablicas, Gobierno de la Provincia de Santa Fe<br \/>Proyecto: Ministerio de Salud (Arq. Alejandro Dest\u00e9fano) y Ministerio de Obras P\u00fablicas (Arq. Mar\u00eda Ver\u00f3nica Lanzaro)<br \/>Colaboradores: Director M\u00e9dico del Hospital (Dr. Juan Pablo Poletti), Arq. Carmela Fili, Arq. Liliana Giuliani, Ing. Sofia Tosti, Ing. Facundo Chervaz<br \/>Constructora: Grupo Auge (Aimar) <br \/>Superficie terreno: 27417 m2<br \/>Superficie cubierta 30162 m2<br \/>Superficie total de intervenci\u00f3n: 825 m2<br \/>Proyecto: 2016-2017<br \/>Construcci\u00f3n: 2018-2019<br \/>Fotograf\u00edas: <a href=\"https:\/\/www.instagram.com\/ramirososafotografia\" target=\"_blank\" rel=\"noopener noreferrer\">Ramiro Sosa<\/a><\/p>\n\n\n<div style=\"height:20px\" aria-hidden=\"true\" class=\"wp-block-spacer\"><\/div>\n\n\n<p><em><strong>English version<\/strong><\/em><\/p>\n<p><em>The Hospital \u00abDr. Jos\u00e9 Mar\u00eda Cullen\u00bb is one of the most important of its kind in the city of Santa Fe and metropolitan area, it is one of the specialized assistance centers for emergency and trauma care. It is located on a site in the city center, on Av. Freyre, between Salta street and Lisandro de la Torre street. This location gives good accessibility and connection with the territory.<\/em><\/p>\n<p><em>The construction it originates from the need to refurbish the emergency guard sector existing in the hospital, with the premise of respecting the existing floor of the building, preserving its historical value, and in turn redefining the use of sectors and demolishing obsolete areas allow the construction of a new Guard according to current requirements.<\/em><\/p>\n<p><em>The New Guard rises in the same sector that occupied the existing guard, developing in a greater surface that advances towards the front of Av. Freyre, where the pedestrian access is located through a dry place, counting on a differentiated entrance for the vehicular ambulance access.<\/em><\/p>\n<p><em>The new building, distributed on the ground floor, has an approximate covered area of \u200b\u200b440 m2, which includes the admission of a guard, waiting room, diagnostic and treatment area with 4 offices, one of which functions as a \u00abtriage\u00bb classifying the urgency. In the restricted area there is a nursing office, observation room, and a dirty operating room or procedure room, complemented by a dirty office area and pathological waste, and a patient washing room. The latter units connected through a service step with the existing shockroom. Other support facilities such as a new public toilets, a staff office sector, administrative reporting area, and a security booth for TVCC access control and monitoring. The pedestrian access protection sector has a semi-covered area of \u200b\u200b25 m2 that includes pedestrian entry through an access stairway and through a double-section ramp designed according to accessibility parameters.<\/em><\/p>\n<p><em>In the central hall of the main building of the Hospital, a Report Center was developed with 10 attention boxes, configured by a metal structure to support a mezzanine and the glazed enclosure of the sector, covering an approximate covered area of \u200b\u200b90 m2.<\/em><\/p>\n<p><em>To guarantee the functionality of the entire hospital complex, the new Guard sector, is connected to the existing hospital through a closed circulation that links the New Guard Waiting Room with the Central Hall of the existing building where the Report Center is developed .<\/em><\/p>\n<p><em>For vehicular entry, a sector for maneuvering and parking of indoor ambulances (semi-covered surface of 88m2) was developed, facilitating the entry of emergencies to the shockroom and procedure room.<\/em><\/p>\n<p><em>The exterior urbanization, is given by a dry access square with a landscaped sector and a landscaped internal courtyard, which corresponds to an area of \u200b\u200b180m2.<\/em><\/p>\n<p><em>The construction guidelines defined for each sector of intervention especially include measures to guarantee the safety of public service personnel, including glazed safety surfaces, safety intercoms in the intake boxes, access control with electromagnetic lock in a restricted area, detectors fire, closed circuit of internal and external TV with central camera monitoring in Security Cabin, vandal-proof equipment in public areas, special conditioning and aseptic measures in critical areas, among others.<\/em><\/p>\n<p><em>One of the biggest challenges of the work has been to minimize discomfort to the rest of the hospital and to the shockroom of the guard, which during the execution of the construction, continued to function normally, even allowing the entry of ambulance vehicles. The intervention and functionality priorities of the building described above could be respected as a result of a great coordination work between the hospital&#8217;s medical management, the construction company and the technical agency of the province.<\/em><\/p>\n<div style=\"font-size: 0px; height: 0px; line-height: 0px; margin: 0; padding: 0; clear: both;\"><\/div><div style=\"margin-top: 0px; margin-bottom: 0px;\" class=\"sharethis-inline-share-buttons\" ><\/div>","protected":false},"excerpt":{"rendered":"<p>Centro asistencial especializado para la atenci\u00f3n de la emergencia y el trauma&#8230;<\/p>\n","protected":false},"author":1,"featured_media":53118,"comment_status":"closed","ping_status":"closed","sticky":false,"template":"","format":"standard","meta":{"_uag_custom_page_level_css":"","footnotes":""},"categories":[905,1],"tags":[5708,1157,4303,4189,5707,939,5709,1742,29],"class_list":["post-53117","post","type-post","status-publish","format-standard","has-post-thumbnail","hentry","category-edificios-para-la-salud","category-proyecto","tag-alejandro-destefano","tag-arquitectura-hospitalaria","tag-centro-de-salud","tag-edificios-para-la-salud","tag-guardia-de-hospital","tag-hospital","tag-maria-veronica-lanzaro","tag-recursos-fisicos-en-salud","tag-santa-fe","generate-columns","tablet-grid-50","mobile-grid-100","grid-parent","grid-50"],"yoast_head":"<!-- This site is optimized with the Yoast SEO plugin v27.3 - https:\/\/yoast.com\/product\/yoast-seo-wordpress\/ -->\n<title>Nueva Guardia Hospital Dr. Jos\u00e9 Mar\u00eda Cullen \/ Ministerio de Salud y Ministerio de Obras P\u00fablicas de Santa Fe - Arquimaster<\/title>\n<meta name=\"description\" content=\"El hospital es es uno de los centros asistenciales especializados para la atenci\u00f3n de la emergencia y el trauma.\" \/>\n<meta name=\"robots\" content=\"index, follow, max-snippet:-1, max-image-preview:large, max-video-preview:-1\" \/>\n<link rel=\"canonical\" href=\"https:\/\/www.arquimaster.com.ar\/web\/nueva-guardia-hospital-dr-jose-maria-cullen-ministerio-de-salud-y-ministerio-de-obras-publicas-de-santa-fe\/\" \/>\n<meta property=\"og:locale\" content=\"es_ES\" \/>\n<meta property=\"og:type\" content=\"article\" \/>\n<meta property=\"og:title\" content=\"Nueva Guardia Hospital Dr. Jos\u00e9 Mar\u00eda Cullen \/ Ministerio de Salud y Ministerio de Obras P\u00fablicas de Santa Fe\" \/>\n<meta property=\"og:description\" content=\"El hospital es es uno de los centros asistenciales especializados para la atenci\u00f3n de la emergencia y el trauma.\" \/>\n<meta property=\"og:url\" content=\"https:\/\/www.arquimaster.com.ar\/web\/nueva-guardia-hospital-dr-jose-maria-cullen-ministerio-de-salud-y-ministerio-de-obras-publicas-de-santa-fe\/\" \/>\n<meta property=\"og:site_name\" content=\"Arquimaster\" \/>\n<meta property=\"article:publisher\" content=\"http:\/\/www.facebook.com\/ARQUIMASTER.com.ar\" \/>\n<meta property=\"article:published_time\" content=\"2020-03-05T20:40:00+00:00\" \/>\n<meta property=\"article:modified_time\" content=\"2020-03-06T02:58:41+00:00\" \/>\n<meta property=\"og:image\" content=\"https:\/\/www.arquimaster.com.ar\/web\/wp-content\/uploads\/2020\/03\/guardia_hospital_cullen_slide.jpg\" \/>\n\t<meta property=\"og:image:width\" content=\"698\" \/>\n\t<meta property=\"og:image:height\" content=\"364\" \/>\n\t<meta property=\"og:image:type\" content=\"image\/jpeg\" \/>\n<meta name=\"author\" content=\"Arquimaster\" \/>\n<meta name=\"twitter:card\" content=\"summary_large_image\" \/>\n<meta name=\"twitter:title\" content=\"Nueva Guardia Hospital Dr. Jos\u00e9 Mar\u00eda Cullen \/ Ministerio de Salud y Ministerio de Obras P\u00fablicas de Santa Fe\" \/>\n<meta name=\"twitter:description\" content=\"El hospital es es uno de los centros asistenciales especializados para la atenci\u00f3n de la emergencia y el trauma.\" \/>\n<meta name=\"twitter:image\" content=\"https:\/\/www.arquimaster.com.ar\/web\/wp-content\/uploads\/2020\/03\/guardia_hospital_cullen_slide.jpg\" \/>\n<meta name=\"twitter:creator\" content=\"@arquimaster\" \/>\n<meta name=\"twitter:site\" content=\"@arquimaster\" \/>\n<meta name=\"twitter:label1\" content=\"Escrito por\" \/>\n\t<meta name=\"twitter:data1\" content=\"Arquimaster\" \/>\n\t<meta name=\"twitter:label2\" content=\"Tiempo de lectura\" \/>\n\t<meta name=\"twitter:data2\" content=\"7 minutos\" \/>\n<script type=\"application\/ld+json\" class=\"yoast-schema-graph\">{\"@context\":\"https:\\\/\\\/schema.org\",\"@graph\":[{\"@type\":\"Article\",\"@id\":\"https:\\\/\\\/www.arquimaster.com.ar\\\/web\\\/nueva-guardia-hospital-dr-jose-maria-cullen-ministerio-de-salud-y-ministerio-de-obras-publicas-de-santa-fe\\\/#article\",\"isPartOf\":{\"@id\":\"https:\\\/\\\/www.arquimaster.com.ar\\\/web\\\/nueva-guardia-hospital-dr-jose-maria-cullen-ministerio-de-salud-y-ministerio-de-obras-publicas-de-santa-fe\\\/\"},\"author\":{\"name\":\"Arquimaster\",\"@id\":\"https:\\\/\\\/www.arquimaster.com.ar\\\/web\\\/#\\\/schema\\\/person\\\/359e9f7c00193fcde068e0dd2ceb0028\"},\"headline\":\"Nueva Guardia Hospital Dr. Jos\u00e9 Mar\u00eda Cullen \\\/ Ministerio de Salud y Ministerio de Obras P\u00fablicas de Santa Fe\",\"datePublished\":\"2020-03-05T20:40:00+00:00\",\"dateModified\":\"2020-03-06T02:58:41+00:00\",\"mainEntityOfPage\":{\"@id\":\"https:\\\/\\\/www.arquimaster.com.ar\\\/web\\\/nueva-guardia-hospital-dr-jose-maria-cullen-ministerio-de-salud-y-ministerio-de-obras-publicas-de-santa-fe\\\/\"},\"wordCount\":1458,\"publisher\":{\"@id\":\"https:\\\/\\\/www.arquimaster.com.ar\\\/web\\\/#organization\"},\"image\":{\"@id\":\"https:\\\/\\\/www.arquimaster.com.ar\\\/web\\\/nueva-guardia-hospital-dr-jose-maria-cullen-ministerio-de-salud-y-ministerio-de-obras-publicas-de-santa-fe\\\/#primaryimage\"},\"thumbnailUrl\":\"https:\\\/\\\/www.arquimaster.com.ar\\\/web\\\/wp-content\\\/uploads\\\/2020\\\/03\\\/guardia_hospital_cullen_slide.jpg\",\"keywords\":[\"Alejandro Dest\u00e9fano\",\"arquitectura hospitalaria\",\"centro de salud\",\"edificios para la salud\",\"guardia de hospital\",\"hospital\",\"Mar\u00eda Ver\u00f3nica Lanzaro\",\"recursos f\u00edsicos en salud\",\"Santa Fe\"],\"articleSection\":[\"Edificios para la salud\",\"Proyecto\"],\"inLanguage\":\"es\"},{\"@type\":\"WebPage\",\"@id\":\"https:\\\/\\\/www.arquimaster.com.ar\\\/web\\\/nueva-guardia-hospital-dr-jose-maria-cullen-ministerio-de-salud-y-ministerio-de-obras-publicas-de-santa-fe\\\/\",\"url\":\"https:\\\/\\\/www.arquimaster.com.ar\\\/web\\\/nueva-guardia-hospital-dr-jose-maria-cullen-ministerio-de-salud-y-ministerio-de-obras-publicas-de-santa-fe\\\/\",\"name\":\"Nueva Guardia Hospital Dr. Jos\u00e9 Mar\u00eda Cullen \\\/ Ministerio de Salud y Ministerio de Obras P\u00fablicas de Santa Fe - Arquimaster\",\"isPartOf\":{\"@id\":\"https:\\\/\\\/www.arquimaster.com.ar\\\/web\\\/#website\"},\"primaryImageOfPage\":{\"@id\":\"https:\\\/\\\/www.arquimaster.com.ar\\\/web\\\/nueva-guardia-hospital-dr-jose-maria-cullen-ministerio-de-salud-y-ministerio-de-obras-publicas-de-santa-fe\\\/#primaryimage\"},\"image\":{\"@id\":\"https:\\\/\\\/www.arquimaster.com.ar\\\/web\\\/nueva-guardia-hospital-dr-jose-maria-cullen-ministerio-de-salud-y-ministerio-de-obras-publicas-de-santa-fe\\\/#primaryimage\"},\"thumbnailUrl\":\"https:\\\/\\\/www.arquimaster.com.ar\\\/web\\\/wp-content\\\/uploads\\\/2020\\\/03\\\/guardia_hospital_cullen_slide.jpg\",\"datePublished\":\"2020-03-05T20:40:00+00:00\",\"dateModified\":\"2020-03-06T02:58:41+00:00\",\"description\":\"El hospital es es uno de los centros asistenciales especializados para la atenci\u00f3n de la emergencia y el trauma.\",\"breadcrumb\":{\"@id\":\"https:\\\/\\\/www.arquimaster.com.ar\\\/web\\\/nueva-guardia-hospital-dr-jose-maria-cullen-ministerio-de-salud-y-ministerio-de-obras-publicas-de-santa-fe\\\/#breadcrumb\"},\"inLanguage\":\"es\",\"potentialAction\":[{\"@type\":\"ReadAction\",\"target\":[\"https:\\\/\\\/www.arquimaster.com.ar\\\/web\\\/nueva-guardia-hospital-dr-jose-maria-cullen-ministerio-de-salud-y-ministerio-de-obras-publicas-de-santa-fe\\\/\"]}]},{\"@type\":\"ImageObject\",\"inLanguage\":\"es\",\"@id\":\"https:\\\/\\\/www.arquimaster.com.ar\\\/web\\\/nueva-guardia-hospital-dr-jose-maria-cullen-ministerio-de-salud-y-ministerio-de-obras-publicas-de-santa-fe\\\/#primaryimage\",\"url\":\"https:\\\/\\\/www.arquimaster.com.ar\\\/web\\\/wp-content\\\/uploads\\\/2020\\\/03\\\/guardia_hospital_cullen_slide.jpg\",\"contentUrl\":\"https:\\\/\\\/www.arquimaster.com.ar\\\/web\\\/wp-content\\\/uploads\\\/2020\\\/03\\\/guardia_hospital_cullen_slide.jpg\",\"width\":698,\"height\":364},{\"@type\":\"BreadcrumbList\",\"@id\":\"https:\\\/\\\/www.arquimaster.com.ar\\\/web\\\/nueva-guardia-hospital-dr-jose-maria-cullen-ministerio-de-salud-y-ministerio-de-obras-publicas-de-santa-fe\\\/#breadcrumb\",\"itemListElement\":[{\"@type\":\"ListItem\",\"position\":1,\"name\":\"Portada\",\"item\":\"https:\\\/\\\/www.arquimaster.com.ar\\\/web\\\/\"},{\"@type\":\"ListItem\",\"position\":2,\"name\":\"Nueva Guardia Hospital Dr. Jos\u00e9 Mar\u00eda Cullen \\\/ Ministerio de Salud y Ministerio de Obras P\u00fablicas de Santa Fe\"}]},{\"@type\":\"WebSite\",\"@id\":\"https:\\\/\\\/www.arquimaster.com.ar\\\/web\\\/#website\",\"url\":\"https:\\\/\\\/www.arquimaster.com.ar\\\/web\\\/\",\"name\":\"Arquimaster\",\"description\":\"Web de arquitectura, dise\u00f1o y construccion\",\"publisher\":{\"@id\":\"https:\\\/\\\/www.arquimaster.com.ar\\\/web\\\/#organization\"},\"potentialAction\":[{\"@type\":\"SearchAction\",\"target\":{\"@type\":\"EntryPoint\",\"urlTemplate\":\"https:\\\/\\\/www.arquimaster.com.ar\\\/web\\\/?s={search_term_string}\"},\"query-input\":{\"@type\":\"PropertyValueSpecification\",\"valueRequired\":true,\"valueName\":\"search_term_string\"}}],\"inLanguage\":\"es\"},{\"@type\":\"Organization\",\"@id\":\"https:\\\/\\\/www.arquimaster.com.ar\\\/web\\\/#organization\",\"name\":\"Arquimaster\",\"url\":\"https:\\\/\\\/www.arquimaster.com.ar\\\/web\\\/\",\"logo\":{\"@type\":\"ImageObject\",\"inLanguage\":\"es\",\"@id\":\"https:\\\/\\\/www.arquimaster.com.ar\\\/web\\\/#\\\/schema\\\/logo\\\/image\\\/\",\"url\":\"https:\\\/\\\/www.arquimaster.com.ar\\\/web\\\/wp-content\\\/uploads\\\/2022\\\/06\\\/arquimaster.png\",\"contentUrl\":\"https:\\\/\\\/www.arquimaster.com.ar\\\/web\\\/wp-content\\\/uploads\\\/2022\\\/06\\\/arquimaster.png\",\"width\":594,\"height\":78,\"caption\":\"Arquimaster\"},\"image\":{\"@id\":\"https:\\\/\\\/www.arquimaster.com.ar\\\/web\\\/#\\\/schema\\\/logo\\\/image\\\/\"},\"sameAs\":[\"http:\\\/\\\/www.facebook.com\\\/ARQUIMASTER.com.ar\",\"https:\\\/\\\/x.com\\\/arquimaster\",\"https:\\\/\\\/www.instagram.com\\\/arquimasterblog\\\/\",\"https:\\\/\\\/www.linkedin.com\\\/company\\\/arquimaster\",\"https:\\\/\\\/www.pinterest.com\\\/arquimaster\",\"https:\\\/\\\/t.me\\\/arquimaster\"]},{\"@type\":\"Person\",\"@id\":\"https:\\\/\\\/www.arquimaster.com.ar\\\/web\\\/#\\\/schema\\\/person\\\/359e9f7c00193fcde068e0dd2ceb0028\",\"name\":\"Arquimaster\"}]}<\/script>\n<!-- \/ Yoast SEO plugin. -->","yoast_head_json":{"title":"Nueva Guardia Hospital Dr. Jos\u00e9 Mar\u00eda Cullen \/ Ministerio de Salud y Ministerio de Obras P\u00fablicas de Santa Fe - Arquimaster","description":"El hospital es es uno de los centros asistenciales especializados para la atenci\u00f3n de la emergencia y el trauma.","robots":{"index":"index","follow":"follow","max-snippet":"max-snippet:-1","max-image-preview":"max-image-preview:large","max-video-preview":"max-video-preview:-1"},"canonical":"https:\/\/www.arquimaster.com.ar\/web\/nueva-guardia-hospital-dr-jose-maria-cullen-ministerio-de-salud-y-ministerio-de-obras-publicas-de-santa-fe\/","og_locale":"es_ES","og_type":"article","og_title":"Nueva Guardia Hospital Dr. Jos\u00e9 Mar\u00eda Cullen \/ Ministerio de Salud y Ministerio de Obras P\u00fablicas de Santa Fe","og_description":"El hospital es es uno de los centros asistenciales especializados para la atenci\u00f3n de la emergencia y el trauma.","og_url":"https:\/\/www.arquimaster.com.ar\/web\/nueva-guardia-hospital-dr-jose-maria-cullen-ministerio-de-salud-y-ministerio-de-obras-publicas-de-santa-fe\/","og_site_name":"Arquimaster","article_publisher":"http:\/\/www.facebook.com\/ARQUIMASTER.com.ar","article_published_time":"2020-03-05T20:40:00+00:00","article_modified_time":"2020-03-06T02:58:41+00:00","og_image":[{"width":698,"height":364,"url":"https:\/\/www.arquimaster.com.ar\/web\/wp-content\/uploads\/2020\/03\/guardia_hospital_cullen_slide.jpg","type":"image\/jpeg"}],"author":"Arquimaster","twitter_card":"summary_large_image","twitter_title":"Nueva Guardia Hospital Dr. Jos\u00e9 Mar\u00eda Cullen \/ Ministerio de Salud y Ministerio de Obras P\u00fablicas de Santa Fe","twitter_description":"El hospital es es uno de los centros asistenciales especializados para la atenci\u00f3n de la emergencia y el trauma.","twitter_image":"https:\/\/www.arquimaster.com.ar\/web\/wp-content\/uploads\/2020\/03\/guardia_hospital_cullen_slide.jpg","twitter_creator":"@arquimaster","twitter_site":"@arquimaster","twitter_misc":{"Escrito por":"Arquimaster","Tiempo de lectura":"7 minutos"},"schema":{"@context":"https:\/\/schema.org","@graph":[{"@type":"Article","@id":"https:\/\/www.arquimaster.com.ar\/web\/nueva-guardia-hospital-dr-jose-maria-cullen-ministerio-de-salud-y-ministerio-de-obras-publicas-de-santa-fe\/#article","isPartOf":{"@id":"https:\/\/www.arquimaster.com.ar\/web\/nueva-guardia-hospital-dr-jose-maria-cullen-ministerio-de-salud-y-ministerio-de-obras-publicas-de-santa-fe\/"},"author":{"name":"Arquimaster","@id":"https:\/\/www.arquimaster.com.ar\/web\/#\/schema\/person\/359e9f7c00193fcde068e0dd2ceb0028"},"headline":"Nueva Guardia Hospital Dr. Jos\u00e9 Mar\u00eda Cullen \/ Ministerio de Salud y Ministerio de Obras P\u00fablicas de Santa Fe","datePublished":"2020-03-05T20:40:00+00:00","dateModified":"2020-03-06T02:58:41+00:00","mainEntityOfPage":{"@id":"https:\/\/www.arquimaster.com.ar\/web\/nueva-guardia-hospital-dr-jose-maria-cullen-ministerio-de-salud-y-ministerio-de-obras-publicas-de-santa-fe\/"},"wordCount":1458,"publisher":{"@id":"https:\/\/www.arquimaster.com.ar\/web\/#organization"},"image":{"@id":"https:\/\/www.arquimaster.com.ar\/web\/nueva-guardia-hospital-dr-jose-maria-cullen-ministerio-de-salud-y-ministerio-de-obras-publicas-de-santa-fe\/#primaryimage"},"thumbnailUrl":"https:\/\/www.arquimaster.com.ar\/web\/wp-content\/uploads\/2020\/03\/guardia_hospital_cullen_slide.jpg","keywords":["Alejandro Dest\u00e9fano","arquitectura hospitalaria","centro de salud","edificios para la salud","guardia de hospital","hospital","Mar\u00eda Ver\u00f3nica Lanzaro","recursos f\u00edsicos en salud","Santa Fe"],"articleSection":["Edificios para la salud","Proyecto"],"inLanguage":"es"},{"@type":"WebPage","@id":"https:\/\/www.arquimaster.com.ar\/web\/nueva-guardia-hospital-dr-jose-maria-cullen-ministerio-de-salud-y-ministerio-de-obras-publicas-de-santa-fe\/","url":"https:\/\/www.arquimaster.com.ar\/web\/nueva-guardia-hospital-dr-jose-maria-cullen-ministerio-de-salud-y-ministerio-de-obras-publicas-de-santa-fe\/","name":"Nueva Guardia Hospital Dr. Jos\u00e9 Mar\u00eda Cullen \/ Ministerio de Salud y Ministerio de Obras P\u00fablicas de Santa Fe - Arquimaster","isPartOf":{"@id":"https:\/\/www.arquimaster.com.ar\/web\/#website"},"primaryImageOfPage":{"@id":"https:\/\/www.arquimaster.com.ar\/web\/nueva-guardia-hospital-dr-jose-maria-cullen-ministerio-de-salud-y-ministerio-de-obras-publicas-de-santa-fe\/#primaryimage"},"image":{"@id":"https:\/\/www.arquimaster.com.ar\/web\/nueva-guardia-hospital-dr-jose-maria-cullen-ministerio-de-salud-y-ministerio-de-obras-publicas-de-santa-fe\/#primaryimage"},"thumbnailUrl":"https:\/\/www.arquimaster.com.ar\/web\/wp-content\/uploads\/2020\/03\/guardia_hospital_cullen_slide.jpg","datePublished":"2020-03-05T20:40:00+00:00","dateModified":"2020-03-06T02:58:41+00:00","description":"El hospital es es uno de los centros asistenciales especializados para la atenci\u00f3n de la emergencia y el trauma.","breadcrumb":{"@id":"https:\/\/www.arquimaster.com.ar\/web\/nueva-guardia-hospital-dr-jose-maria-cullen-ministerio-de-salud-y-ministerio-de-obras-publicas-de-santa-fe\/#breadcrumb"},"inLanguage":"es","potentialAction":[{"@type":"ReadAction","target":["https:\/\/www.arquimaster.com.ar\/web\/nueva-guardia-hospital-dr-jose-maria-cullen-ministerio-de-salud-y-ministerio-de-obras-publicas-de-santa-fe\/"]}]},{"@type":"ImageObject","inLanguage":"es","@id":"https:\/\/www.arquimaster.com.ar\/web\/nueva-guardia-hospital-dr-jose-maria-cullen-ministerio-de-salud-y-ministerio-de-obras-publicas-de-santa-fe\/#primaryimage","url":"https:\/\/www.arquimaster.com.ar\/web\/wp-content\/uploads\/2020\/03\/guardia_hospital_cullen_slide.jpg","contentUrl":"https:\/\/www.arquimaster.com.ar\/web\/wp-content\/uploads\/2020\/03\/guardia_hospital_cullen_slide.jpg","width":698,"height":364},{"@type":"BreadcrumbList","@id":"https:\/\/www.arquimaster.com.ar\/web\/nueva-guardia-hospital-dr-jose-maria-cullen-ministerio-de-salud-y-ministerio-de-obras-publicas-de-santa-fe\/#breadcrumb","itemListElement":[{"@type":"ListItem","position":1,"name":"Portada","item":"https:\/\/www.arquimaster.com.ar\/web\/"},{"@type":"ListItem","position":2,"name":"Nueva Guardia Hospital Dr. Jos\u00e9 Mar\u00eda Cullen \/ Ministerio de Salud y Ministerio de Obras P\u00fablicas de Santa Fe"}]},{"@type":"WebSite","@id":"https:\/\/www.arquimaster.com.ar\/web\/#website","url":"https:\/\/www.arquimaster.com.ar\/web\/","name":"Arquimaster","description":"Web de arquitectura, dise\u00f1o y construccion","publisher":{"@id":"https:\/\/www.arquimaster.com.ar\/web\/#organization"},"potentialAction":[{"@type":"SearchAction","target":{"@type":"EntryPoint","urlTemplate":"https:\/\/www.arquimaster.com.ar\/web\/?s={search_term_string}"},"query-input":{"@type":"PropertyValueSpecification","valueRequired":true,"valueName":"search_term_string"}}],"inLanguage":"es"},{"@type":"Organization","@id":"https:\/\/www.arquimaster.com.ar\/web\/#organization","name":"Arquimaster","url":"https:\/\/www.arquimaster.com.ar\/web\/","logo":{"@type":"ImageObject","inLanguage":"es","@id":"https:\/\/www.arquimaster.com.ar\/web\/#\/schema\/logo\/image\/","url":"https:\/\/www.arquimaster.com.ar\/web\/wp-content\/uploads\/2022\/06\/arquimaster.png","contentUrl":"https:\/\/www.arquimaster.com.ar\/web\/wp-content\/uploads\/2022\/06\/arquimaster.png","width":594,"height":78,"caption":"Arquimaster"},"image":{"@id":"https:\/\/www.arquimaster.com.ar\/web\/#\/schema\/logo\/image\/"},"sameAs":["http:\/\/www.facebook.com\/ARQUIMASTER.com.ar","https:\/\/x.com\/arquimaster","https:\/\/www.instagram.com\/arquimasterblog\/","https:\/\/www.linkedin.com\/company\/arquimaster","https:\/\/www.pinterest.com\/arquimaster","https:\/\/t.me\/arquimaster"]},{"@type":"Person","@id":"https:\/\/www.arquimaster.com.ar\/web\/#\/schema\/person\/359e9f7c00193fcde068e0dd2ceb0028","name":"Arquimaster"}]}},"uagb_featured_image_src":{"full":["https:\/\/www.arquimaster.com.ar\/web\/wp-content\/uploads\/2020\/03\/guardia_hospital_cullen_slide.jpg",698,364,false],"thumbnail":["https:\/\/www.arquimaster.com.ar\/web\/wp-content\/uploads\/2020\/03\/guardia_hospital_cullen_slide-150x150.jpg",150,150,true],"medium":["https:\/\/www.arquimaster.com.ar\/web\/wp-content\/uploads\/2020\/03\/guardia_hospital_cullen_slide.jpg",698,364,false],"medium_large":["https:\/\/www.arquimaster.com.ar\/web\/wp-content\/uploads\/2020\/03\/guardia_hospital_cullen_slide.jpg",698,364,false],"large":["https:\/\/www.arquimaster.com.ar\/web\/wp-content\/uploads\/2020\/03\/guardia_hospital_cullen_slide.jpg",698,364,false],"1536x1536":["https:\/\/www.arquimaster.com.ar\/web\/wp-content\/uploads\/2020\/03\/guardia_hospital_cullen_slide.jpg",698,364,false],"2048x2048":["https:\/\/www.arquimaster.com.ar\/web\/wp-content\/uploads\/2020\/03\/guardia_hospital_cullen_slide.jpg",698,364,false]},"uagb_author_info":{"display_name":"Arquimaster","author_link":"https:\/\/www.arquimaster.com.ar\/web\/author\/arquimaster\/"},"uagb_comment_info":0,"uagb_excerpt":"Centro asistencial especializado para la atenci\u00f3n de la emergencia y el trauma...","_links":{"self":[{"href":"https:\/\/www.arquimaster.com.ar\/web\/wp-json\/wp\/v2\/posts\/53117","targetHints":{"allow":["GET"]}}],"collection":[{"href":"https:\/\/www.arquimaster.com.ar\/web\/wp-json\/wp\/v2\/posts"}],"about":[{"href":"https:\/\/www.arquimaster.com.ar\/web\/wp-json\/wp\/v2\/types\/post"}],"author":[{"embeddable":true,"href":"https:\/\/www.arquimaster.com.ar\/web\/wp-json\/wp\/v2\/users\/1"}],"replies":[{"embeddable":true,"href":"https:\/\/www.arquimaster.com.ar\/web\/wp-json\/wp\/v2\/comments?post=53117"}],"version-history":[{"count":1,"href":"https:\/\/www.arquimaster.com.ar\/web\/wp-json\/wp\/v2\/posts\/53117\/revisions"}],"predecessor-version":[{"id":53169,"href":"https:\/\/www.arquimaster.com.ar\/web\/wp-json\/wp\/v2\/posts\/53117\/revisions\/53169"}],"wp:featuredmedia":[{"embeddable":true,"href":"https:\/\/www.arquimaster.com.ar\/web\/wp-json\/wp\/v2\/media\/53118"}],"wp:attachment":[{"href":"https:\/\/www.arquimaster.com.ar\/web\/wp-json\/wp\/v2\/media?parent=53117"}],"wp:term":[{"taxonomy":"category","embeddable":true,"href":"https:\/\/www.arquimaster.com.ar\/web\/wp-json\/wp\/v2\/categories?post=53117"},{"taxonomy":"post_tag","embeddable":true,"href":"https:\/\/www.arquimaster.com.ar\/web\/wp-json\/wp\/v2\/tags?post=53117"}],"curies":[{"name":"wp","href":"https:\/\/api.w.org\/{rel}","templated":true}]}}