{"id":5320,"date":"2013-05-02T23:09:58","date_gmt":"2013-05-02T23:09:58","guid":{"rendered":"http:\/\/www.arquimaster.com.ar\/web\/?p=5320"},"modified":"2014-04-11T01:18:56","modified_gmt":"2014-04-11T01:18:56","slug":"ph-loft-arias-hm-arquitectos","status":"publish","type":"post","link":"https:\/\/www.arquimaster.com.ar\/web\/ph-loft-arias-hm-arquitectos\/","title":{"rendered":"PH Loft Arias \/ HM Arquitectos"},"content":{"rendered":"<div style=\"margin-top: 0px; margin-bottom: 0px;\" class=\"sharethis-inline-share-buttons\" ><\/div><div class=\"b812932af2e751442846f039925109de\" data-index=\"1\" style=\"float: none; margin:25px 0 25px 0; text-align:center;\">\n<script async src=\"https:\/\/pagead2.googlesyndication.com\/pagead\/js\/adsbygoogle.js\"><\/script>\r\n<!-- Arquimaster (superior) -->\r\n<ins class=\"adsbygoogle\"\r\n     style=\"display:block\"\r\n     data-ad-client=\"ca-pub-6351072698456832\"\r\n     data-ad-slot=\"6455489680\"\r\n     data-ad-format=\"auto\"\r\n     data-full-width-responsive=\"true\"><\/ins>\r\n<script>\r\n     (adsbygoogle = window.adsbygoogle || []).push({});\r\n<\/script>\n<\/div>\n<p><strong>PH Loft Arias<\/strong> (Ciudad de Buenos Aires) por <strong>HM Arquitectos<\/strong>. El proyecto se organiz\u00f3 a trav\u00e9s de un programa de necesidades muy espec\u00edfico por parte del propietario. Deb\u00eda ser un espacio de acceso independiente al del hogar, resolver las necesidades de espacio de ocio y recreaci\u00f3n, habitaci\u00f3n de hu\u00e9spedes, y tener la virtud de funcionar en conjunto con el jard\u00edn a modo de apoyo a las necesidades del mismo.<\/p>\n<div id='gallery-1' class='gallery galleryid-5320 gallery-columns-3 gallery-size-thumbnail'><figure class='gallery-item'>\n\t\t\t<div class='gallery-icon landscape'>\n\t\t\t\t<a href='https:\/\/www.arquimaster.com.ar\/web\/wp-content\/uploads\/2014\/04\/ph_arias1b.jpg' title=\"PH Loft Arias \/ HM Arquitectos\" data-rl_title=\"PH Loft Arias \/ HM Arquitectos\" class=\"rl-gallery-link\" data-rl_caption=\"PH Loft Arias \/ HM Arquitectos\" data-rel=\"lightbox-gallery-1\"><img loading=\"lazy\" decoding=\"async\" width=\"150\" height=\"150\" src=\"https:\/\/www.arquimaster.com.ar\/web\/wp-content\/uploads\/2014\/04\/ph_arias1b-150x150.jpg\" class=\"attachment-thumbnail size-thumbnail\" alt=\"\" aria-describedby=\"gallery-1-5322\" srcset=\"https:\/\/www.arquimaster.com.ar\/web\/wp-content\/uploads\/2014\/04\/ph_arias1b-150x150.jpg 150w, https:\/\/www.arquimaster.com.ar\/web\/wp-content\/uploads\/2014\/04\/ph_arias1b-50x50.jpg 50w, https:\/\/www.arquimaster.com.ar\/web\/wp-content\/uploads\/2014\/04\/ph_arias1b-125x125.jpg 125w\" sizes=\"auto, (max-width: 150px) 100vw, 150px\" \/><\/a>\n\t\t\t<\/div>\n\t\t\t\t<figcaption class='wp-caption-text gallery-caption' id='gallery-1-5322'>\n\t\t\t\tPH Loft Arias \/ HM Arquitectos\n\t\t\t\t<\/figcaption><\/figure><figure class='gallery-item'>\n\t\t\t<div class='gallery-icon landscape'>\n\t\t\t\t<a href='https:\/\/www.arquimaster.com.ar\/web\/wp-content\/uploads\/2014\/04\/ph_arias2b.jpg' title=\"PH Loft Arias \/ HM Arquitectos\" data-rl_title=\"PH Loft Arias \/ HM Arquitectos\" class=\"rl-gallery-link\" data-rl_caption=\"PH Loft Arias \/ HM Arquitectos\" data-rel=\"lightbox-gallery-1\"><img loading=\"lazy\" decoding=\"async\" width=\"150\" height=\"150\" src=\"https:\/\/www.arquimaster.com.ar\/web\/wp-content\/uploads\/2014\/04\/ph_arias2b-150x150.jpg\" class=\"attachment-thumbnail size-thumbnail\" alt=\"\" aria-describedby=\"gallery-1-5323\" srcset=\"https:\/\/www.arquimaster.com.ar\/web\/wp-content\/uploads\/2014\/04\/ph_arias2b-150x150.jpg 150w, https:\/\/www.arquimaster.com.ar\/web\/wp-content\/uploads\/2014\/04\/ph_arias2b-50x50.jpg 50w, https:\/\/www.arquimaster.com.ar\/web\/wp-content\/uploads\/2014\/04\/ph_arias2b-125x125.jpg 125w\" sizes=\"auto, (max-width: 150px) 100vw, 150px\" \/><\/a>\n\t\t\t<\/div>\n\t\t\t\t<figcaption class='wp-caption-text gallery-caption' id='gallery-1-5323'>\n\t\t\t\tPH Loft Arias \/ HM Arquitectos\n\t\t\t\t<\/figcaption><\/figure><figure class='gallery-item'>\n\t\t\t<div class='gallery-icon landscape'>\n\t\t\t\t<a href='https:\/\/www.arquimaster.com.ar\/web\/wp-content\/uploads\/2014\/04\/ph_arias3b.jpg' title=\"PH Loft Arias \/ HM Arquitectos\" data-rl_title=\"PH Loft Arias \/ HM Arquitectos\" class=\"rl-gallery-link\" data-rl_caption=\"PH Loft Arias \/ HM Arquitectos\" data-rel=\"lightbox-gallery-1\"><img loading=\"lazy\" decoding=\"async\" width=\"150\" height=\"150\" src=\"https:\/\/www.arquimaster.com.ar\/web\/wp-content\/uploads\/2014\/04\/ph_arias3b-150x150.jpg\" class=\"attachment-thumbnail size-thumbnail\" alt=\"\" aria-describedby=\"gallery-1-5324\" srcset=\"https:\/\/www.arquimaster.com.ar\/web\/wp-content\/uploads\/2014\/04\/ph_arias3b-150x150.jpg 150w, https:\/\/www.arquimaster.com.ar\/web\/wp-content\/uploads\/2014\/04\/ph_arias3b-50x50.jpg 50w, https:\/\/www.arquimaster.com.ar\/web\/wp-content\/uploads\/2014\/04\/ph_arias3b-125x125.jpg 125w\" sizes=\"auto, (max-width: 150px) 100vw, 150px\" \/><\/a>\n\t\t\t<\/div>\n\t\t\t\t<figcaption class='wp-caption-text gallery-caption' id='gallery-1-5324'>\n\t\t\t\tPH Loft Arias \/ HM Arquitectos\n\t\t\t\t<\/figcaption><\/figure><figure class='gallery-item'>\n\t\t\t<div class='gallery-icon landscape'>\n\t\t\t\t<a href='https:\/\/www.arquimaster.com.ar\/web\/wp-content\/uploads\/2014\/04\/ph_arias4b.jpg' title=\"PH Loft Arias \/ HM Arquitectos\" data-rl_title=\"PH Loft Arias \/ HM Arquitectos\" class=\"rl-gallery-link\" data-rl_caption=\"PH Loft Arias \/ HM Arquitectos\" data-rel=\"lightbox-gallery-1\"><img loading=\"lazy\" decoding=\"async\" width=\"150\" height=\"150\" src=\"https:\/\/www.arquimaster.com.ar\/web\/wp-content\/uploads\/2014\/04\/ph_arias4b-150x150.jpg\" class=\"attachment-thumbnail size-thumbnail\" alt=\"\" aria-describedby=\"gallery-1-5325\" srcset=\"https:\/\/www.arquimaster.com.ar\/web\/wp-content\/uploads\/2014\/04\/ph_arias4b-150x150.jpg 150w, https:\/\/www.arquimaster.com.ar\/web\/wp-content\/uploads\/2014\/04\/ph_arias4b-50x50.jpg 50w, https:\/\/www.arquimaster.com.ar\/web\/wp-content\/uploads\/2014\/04\/ph_arias4b-125x125.jpg 125w\" sizes=\"auto, (max-width: 150px) 100vw, 150px\" \/><\/a>\n\t\t\t<\/div>\n\t\t\t\t<figcaption class='wp-caption-text gallery-caption' id='gallery-1-5325'>\n\t\t\t\tPH Loft Arias \/ HM Arquitectos\n\t\t\t\t<\/figcaption><\/figure><figure class='gallery-item'>\n\t\t\t<div class='gallery-icon portrait'>\n\t\t\t\t<a href='https:\/\/www.arquimaster.com.ar\/web\/wp-content\/uploads\/2014\/04\/ph_arias5b.jpg' title=\"PH Loft Arias \/ HM Arquitectos\" data-rl_title=\"PH Loft Arias \/ HM Arquitectos\" class=\"rl-gallery-link\" data-rl_caption=\"PH Loft Arias \/ HM Arquitectos\" data-rel=\"lightbox-gallery-1\"><img loading=\"lazy\" decoding=\"async\" width=\"150\" height=\"150\" src=\"https:\/\/www.arquimaster.com.ar\/web\/wp-content\/uploads\/2014\/04\/ph_arias5b-150x150.jpg\" class=\"attachment-thumbnail size-thumbnail\" alt=\"\" aria-describedby=\"gallery-1-5326\" srcset=\"https:\/\/www.arquimaster.com.ar\/web\/wp-content\/uploads\/2014\/04\/ph_arias5b-150x150.jpg 150w, https:\/\/www.arquimaster.com.ar\/web\/wp-content\/uploads\/2014\/04\/ph_arias5b-50x50.jpg 50w, https:\/\/www.arquimaster.com.ar\/web\/wp-content\/uploads\/2014\/04\/ph_arias5b-125x125.jpg 125w\" sizes=\"auto, (max-width: 150px) 100vw, 150px\" \/><\/a>\n\t\t\t<\/div>\n\t\t\t\t<figcaption class='wp-caption-text gallery-caption' id='gallery-1-5326'>\n\t\t\t\tPH Loft Arias \/ HM Arquitectos\n\t\t\t\t<\/figcaption><\/figure><figure class='gallery-item'>\n\t\t\t<div class='gallery-icon portrait'>\n\t\t\t\t<a href='https:\/\/www.arquimaster.com.ar\/web\/wp-content\/uploads\/2014\/04\/ph_arias6b.jpg' title=\"PH Loft Arias \/ HM Arquitectos\" data-rl_title=\"PH Loft Arias \/ HM Arquitectos\" class=\"rl-gallery-link\" data-rl_caption=\"PH Loft Arias \/ HM Arquitectos\" data-rel=\"lightbox-gallery-1\"><img loading=\"lazy\" decoding=\"async\" width=\"150\" height=\"150\" src=\"https:\/\/www.arquimaster.com.ar\/web\/wp-content\/uploads\/2014\/04\/ph_arias6b-150x150.jpg\" class=\"attachment-thumbnail size-thumbnail\" alt=\"\" aria-describedby=\"gallery-1-5327\" srcset=\"https:\/\/www.arquimaster.com.ar\/web\/wp-content\/uploads\/2014\/04\/ph_arias6b-150x150.jpg 150w, https:\/\/www.arquimaster.com.ar\/web\/wp-content\/uploads\/2014\/04\/ph_arias6b-50x50.jpg 50w, https:\/\/www.arquimaster.com.ar\/web\/wp-content\/uploads\/2014\/04\/ph_arias6b-125x125.jpg 125w\" sizes=\"auto, (max-width: 150px) 100vw, 150px\" \/><\/a>\n\t\t\t<\/div>\n\t\t\t\t<figcaption class='wp-caption-text gallery-caption' id='gallery-1-5327'>\n\t\t\t\tPH Loft Arias \/ HM Arquitectos\n\t\t\t\t<\/figcaption><\/figure><figure class='gallery-item'>\n\t\t\t<div class='gallery-icon landscape'>\n\t\t\t\t<a href='https:\/\/www.arquimaster.com.ar\/web\/wp-content\/uploads\/2014\/04\/ph_arias7b.jpg' title=\"PH Loft Arias \/ HM Arquitectos\" data-rl_title=\"PH Loft Arias \/ HM Arquitectos\" class=\"rl-gallery-link\" data-rl_caption=\"PH Loft Arias \/ HM Arquitectos\" data-rel=\"lightbox-gallery-1\"><img loading=\"lazy\" decoding=\"async\" width=\"150\" height=\"150\" src=\"https:\/\/www.arquimaster.com.ar\/web\/wp-content\/uploads\/2014\/04\/ph_arias7b-150x150.jpg\" class=\"attachment-thumbnail size-thumbnail\" alt=\"\" aria-describedby=\"gallery-1-5328\" srcset=\"https:\/\/www.arquimaster.com.ar\/web\/wp-content\/uploads\/2014\/04\/ph_arias7b-150x150.jpg 150w, https:\/\/www.arquimaster.com.ar\/web\/wp-content\/uploads\/2014\/04\/ph_arias7b-50x50.jpg 50w, https:\/\/www.arquimaster.com.ar\/web\/wp-content\/uploads\/2014\/04\/ph_arias7b-125x125.jpg 125w\" sizes=\"auto, (max-width: 150px) 100vw, 150px\" \/><\/a>\n\t\t\t<\/div>\n\t\t\t\t<figcaption class='wp-caption-text gallery-caption' id='gallery-1-5328'>\n\t\t\t\tPH Loft Arias \/ HM Arquitectos\n\t\t\t\t<\/figcaption><\/figure><figure class='gallery-item'>\n\t\t\t<div class='gallery-icon portrait'>\n\t\t\t\t<a href='https:\/\/www.arquimaster.com.ar\/web\/wp-content\/uploads\/2014\/04\/ph_arias8b.jpg' title=\"PH Loft Arias \/ HM Arquitectos\" data-rl_title=\"PH Loft Arias \/ HM Arquitectos\" class=\"rl-gallery-link\" data-rl_caption=\"PH Loft Arias \/ HM Arquitectos\" data-rel=\"lightbox-gallery-1\"><img loading=\"lazy\" decoding=\"async\" width=\"150\" height=\"150\" src=\"https:\/\/www.arquimaster.com.ar\/web\/wp-content\/uploads\/2014\/04\/ph_arias8b-150x150.jpg\" class=\"attachment-thumbnail size-thumbnail\" alt=\"\" aria-describedby=\"gallery-1-5329\" srcset=\"https:\/\/www.arquimaster.com.ar\/web\/wp-content\/uploads\/2014\/04\/ph_arias8b-150x150.jpg 150w, https:\/\/www.arquimaster.com.ar\/web\/wp-content\/uploads\/2014\/04\/ph_arias8b-50x50.jpg 50w, https:\/\/www.arquimaster.com.ar\/web\/wp-content\/uploads\/2014\/04\/ph_arias8b-125x125.jpg 125w\" sizes=\"auto, (max-width: 150px) 100vw, 150px\" \/><\/a>\n\t\t\t<\/div>\n\t\t\t\t<figcaption class='wp-caption-text gallery-caption' id='gallery-1-5329'>\n\t\t\t\tPH Loft Arias \/ HM Arquitectos\n\t\t\t\t<\/figcaption><\/figure><figure class='gallery-item'>\n\t\t\t<div class='gallery-icon portrait'>\n\t\t\t\t<a href='https:\/\/www.arquimaster.com.ar\/web\/wp-content\/uploads\/2014\/04\/ph_arias9b.jpg' title=\"PH Loft Arias \/ HM Arquitectos\" data-rl_title=\"PH Loft Arias \/ HM Arquitectos\" class=\"rl-gallery-link\" data-rl_caption=\"PH Loft Arias \/ HM Arquitectos\" data-rel=\"lightbox-gallery-1\"><img loading=\"lazy\" decoding=\"async\" width=\"150\" height=\"150\" src=\"https:\/\/www.arquimaster.com.ar\/web\/wp-content\/uploads\/2014\/04\/ph_arias9b-150x150.jpg\" class=\"attachment-thumbnail size-thumbnail\" alt=\"\" aria-describedby=\"gallery-1-5330\" srcset=\"https:\/\/www.arquimaster.com.ar\/web\/wp-content\/uploads\/2014\/04\/ph_arias9b-150x150.jpg 150w, https:\/\/www.arquimaster.com.ar\/web\/wp-content\/uploads\/2014\/04\/ph_arias9b-50x50.jpg 50w, https:\/\/www.arquimaster.com.ar\/web\/wp-content\/uploads\/2014\/04\/ph_arias9b-125x125.jpg 125w\" sizes=\"auto, (max-width: 150px) 100vw, 150px\" \/><\/a>\n\t\t\t<\/div>\n\t\t\t\t<figcaption class='wp-caption-text gallery-caption' id='gallery-1-5330'>\n\t\t\t\tPH Loft Arias \/ HM Arquitectos\n\t\t\t\t<\/figcaption><\/figure><figure class='gallery-item'>\n\t\t\t<div class='gallery-icon portrait'>\n\t\t\t\t<a href='https:\/\/www.arquimaster.com.ar\/web\/wp-content\/uploads\/2014\/04\/ph_arias10b.jpg' title=\"PH Loft Arias \/ HM Arquitectos\" data-rl_title=\"PH Loft Arias \/ HM Arquitectos\" class=\"rl-gallery-link\" data-rl_caption=\"PH Loft Arias \/ HM Arquitectos\" data-rel=\"lightbox-gallery-1\"><img loading=\"lazy\" decoding=\"async\" width=\"150\" height=\"150\" src=\"https:\/\/www.arquimaster.com.ar\/web\/wp-content\/uploads\/2014\/04\/ph_arias10b-150x150.jpg\" class=\"attachment-thumbnail size-thumbnail\" alt=\"\" aria-describedby=\"gallery-1-5331\" srcset=\"https:\/\/www.arquimaster.com.ar\/web\/wp-content\/uploads\/2014\/04\/ph_arias10b-150x150.jpg 150w, https:\/\/www.arquimaster.com.ar\/web\/wp-content\/uploads\/2014\/04\/ph_arias10b-50x50.jpg 50w, https:\/\/www.arquimaster.com.ar\/web\/wp-content\/uploads\/2014\/04\/ph_arias10b-125x125.jpg 125w\" sizes=\"auto, (max-width: 150px) 100vw, 150px\" \/><\/a>\n\t\t\t<\/div>\n\t\t\t\t<figcaption class='wp-caption-text gallery-caption' id='gallery-1-5331'>\n\t\t\t\tPH Loft Arias \/ HM Arquitectos\n\t\t\t\t<\/figcaption><\/figure><figure class='gallery-item'>\n\t\t\t<div class='gallery-icon portrait'>\n\t\t\t\t<a href='https:\/\/www.arquimaster.com.ar\/web\/wp-content\/uploads\/2014\/04\/ph_arias11b.jpg' title=\"PH Loft Arias \/ HM Arquitectos\" data-rl_title=\"PH Loft Arias \/ HM Arquitectos\" class=\"rl-gallery-link\" data-rl_caption=\"PH Loft Arias \/ HM Arquitectos\" data-rel=\"lightbox-gallery-1\"><img loading=\"lazy\" decoding=\"async\" width=\"150\" height=\"150\" src=\"https:\/\/www.arquimaster.com.ar\/web\/wp-content\/uploads\/2014\/04\/ph_arias11b-150x150.jpg\" class=\"attachment-thumbnail size-thumbnail\" alt=\"\" aria-describedby=\"gallery-1-5332\" srcset=\"https:\/\/www.arquimaster.com.ar\/web\/wp-content\/uploads\/2014\/04\/ph_arias11b-150x150.jpg 150w, https:\/\/www.arquimaster.com.ar\/web\/wp-content\/uploads\/2014\/04\/ph_arias11b-50x50.jpg 50w, https:\/\/www.arquimaster.com.ar\/web\/wp-content\/uploads\/2014\/04\/ph_arias11b-125x125.jpg 125w\" sizes=\"auto, (max-width: 150px) 100vw, 150px\" \/><\/a>\n\t\t\t<\/div>\n\t\t\t\t<figcaption class='wp-caption-text gallery-caption' id='gallery-1-5332'>\n\t\t\t\tPH Loft Arias \/ HM Arquitectos\n\t\t\t\t<\/figcaption><\/figure><figure class='gallery-item'>\n\t\t\t<div class='gallery-icon portrait'>\n\t\t\t\t<a href='https:\/\/www.arquimaster.com.ar\/web\/wp-content\/uploads\/2014\/04\/ph_arias12b.jpg' title=\"PH Loft Arias \/ HM Arquitectos\" data-rl_title=\"PH Loft Arias \/ HM Arquitectos\" class=\"rl-gallery-link\" data-rl_caption=\"PH Loft Arias \/ HM Arquitectos\" data-rel=\"lightbox-gallery-1\"><img loading=\"lazy\" decoding=\"async\" width=\"150\" height=\"150\" src=\"https:\/\/www.arquimaster.com.ar\/web\/wp-content\/uploads\/2014\/04\/ph_arias12b-150x150.jpg\" class=\"attachment-thumbnail size-thumbnail\" alt=\"\" aria-describedby=\"gallery-1-5333\" srcset=\"https:\/\/www.arquimaster.com.ar\/web\/wp-content\/uploads\/2014\/04\/ph_arias12b-150x150.jpg 150w, https:\/\/www.arquimaster.com.ar\/web\/wp-content\/uploads\/2014\/04\/ph_arias12b-50x50.jpg 50w, https:\/\/www.arquimaster.com.ar\/web\/wp-content\/uploads\/2014\/04\/ph_arias12b-125x125.jpg 125w\" sizes=\"auto, (max-width: 150px) 100vw, 150px\" \/><\/a>\n\t\t\t<\/div>\n\t\t\t\t<figcaption class='wp-caption-text gallery-caption' id='gallery-1-5333'>\n\t\t\t\tPH Loft Arias \/ HM Arquitectos\n\t\t\t\t<\/figcaption><\/figure><figure class='gallery-item'>\n\t\t\t<div class='gallery-icon landscape'>\n\t\t\t\t<a href='https:\/\/www.arquimaster.com.ar\/web\/wp-content\/uploads\/2014\/04\/ph_arias13b.jpg' title=\"PH Loft Arias \/ HM Arquitectos\" data-rl_title=\"PH Loft Arias \/ HM Arquitectos\" class=\"rl-gallery-link\" data-rl_caption=\"PH Loft Arias \/ HM Arquitectos\" data-rel=\"lightbox-gallery-1\"><img loading=\"lazy\" decoding=\"async\" width=\"150\" height=\"150\" src=\"https:\/\/www.arquimaster.com.ar\/web\/wp-content\/uploads\/2014\/04\/ph_arias13b-150x150.jpg\" class=\"attachment-thumbnail size-thumbnail\" alt=\"\" aria-describedby=\"gallery-1-5334\" srcset=\"https:\/\/www.arquimaster.com.ar\/web\/wp-content\/uploads\/2014\/04\/ph_arias13b-150x150.jpg 150w, https:\/\/www.arquimaster.com.ar\/web\/wp-content\/uploads\/2014\/04\/ph_arias13b-50x50.jpg 50w, https:\/\/www.arquimaster.com.ar\/web\/wp-content\/uploads\/2014\/04\/ph_arias13b-125x125.jpg 125w\" sizes=\"auto, (max-width: 150px) 100vw, 150px\" \/><\/a>\n\t\t\t<\/div>\n\t\t\t\t<figcaption class='wp-caption-text gallery-caption' id='gallery-1-5334'>\n\t\t\t\tPH Loft Arias \/ HM Arquitectos\n\t\t\t\t<\/figcaption><\/figure><figure class='gallery-item'>\n\t\t\t<div class='gallery-icon landscape'>\n\t\t\t\t<a href='https:\/\/www.arquimaster.com.ar\/web\/wp-content\/uploads\/2014\/04\/ph_arias14b.jpg' title=\"PH Loft Arias \/ HM Arquitectos\" data-rl_title=\"PH Loft Arias \/ HM Arquitectos\" class=\"rl-gallery-link\" data-rl_caption=\"PH Loft Arias \/ HM Arquitectos\" data-rel=\"lightbox-gallery-1\"><img loading=\"lazy\" decoding=\"async\" width=\"150\" height=\"150\" src=\"https:\/\/www.arquimaster.com.ar\/web\/wp-content\/uploads\/2014\/04\/ph_arias14b-150x150.jpg\" class=\"attachment-thumbnail size-thumbnail\" alt=\"\" aria-describedby=\"gallery-1-5335\" srcset=\"https:\/\/www.arquimaster.com.ar\/web\/wp-content\/uploads\/2014\/04\/ph_arias14b-150x150.jpg 150w, https:\/\/www.arquimaster.com.ar\/web\/wp-content\/uploads\/2014\/04\/ph_arias14b-50x50.jpg 50w, https:\/\/www.arquimaster.com.ar\/web\/wp-content\/uploads\/2014\/04\/ph_arias14b-125x125.jpg 125w\" sizes=\"auto, (max-width: 150px) 100vw, 150px\" \/><\/a>\n\t\t\t<\/div>\n\t\t\t\t<figcaption class='wp-caption-text gallery-caption' id='gallery-1-5335'>\n\t\t\t\tPH Loft Arias \/ HM Arquitectos\n\t\t\t\t<\/figcaption><\/figure><figure class='gallery-item'>\n\t\t\t<div class='gallery-icon landscape'>\n\t\t\t\t<a href='https:\/\/www.arquimaster.com.ar\/web\/wp-content\/uploads\/2014\/04\/ph_arias15b.jpg' title=\"PH Loft Arias \/ HM Arquitectos\" data-rl_title=\"PH Loft Arias \/ HM Arquitectos\" class=\"rl-gallery-link\" data-rl_caption=\"PH Loft Arias \/ HM Arquitectos\" data-rel=\"lightbox-gallery-1\"><img loading=\"lazy\" decoding=\"async\" width=\"150\" height=\"150\" src=\"https:\/\/www.arquimaster.com.ar\/web\/wp-content\/uploads\/2014\/04\/ph_arias15b-150x150.jpg\" class=\"attachment-thumbnail size-thumbnail\" alt=\"\" aria-describedby=\"gallery-1-5336\" srcset=\"https:\/\/www.arquimaster.com.ar\/web\/wp-content\/uploads\/2014\/04\/ph_arias15b-150x150.jpg 150w, https:\/\/www.arquimaster.com.ar\/web\/wp-content\/uploads\/2014\/04\/ph_arias15b-50x50.jpg 50w, https:\/\/www.arquimaster.com.ar\/web\/wp-content\/uploads\/2014\/04\/ph_arias15b-125x125.jpg 125w\" sizes=\"auto, (max-width: 150px) 100vw, 150px\" \/><\/a>\n\t\t\t<\/div>\n\t\t\t\t<figcaption class='wp-caption-text gallery-caption' id='gallery-1-5336'>\n\t\t\t\tPH Loft Arias \/ HM Arquitectos\n\t\t\t\t<\/figcaption><\/figure><figure class='gallery-item'>\n\t\t\t<div class='gallery-icon landscape'>\n\t\t\t\t<a href='https:\/\/www.arquimaster.com.ar\/web\/wp-content\/uploads\/2014\/04\/ph_arias16b.jpg' title=\"PH Loft Arias \/ HM Arquitectos\" data-rl_title=\"PH Loft Arias \/ HM Arquitectos\" class=\"rl-gallery-link\" data-rl_caption=\"PH Loft Arias \/ HM Arquitectos\" data-rel=\"lightbox-gallery-1\"><img loading=\"lazy\" decoding=\"async\" width=\"150\" height=\"150\" src=\"https:\/\/www.arquimaster.com.ar\/web\/wp-content\/uploads\/2014\/04\/ph_arias16b-150x150.jpg\" class=\"attachment-thumbnail size-thumbnail\" alt=\"\" aria-describedby=\"gallery-1-5337\" srcset=\"https:\/\/www.arquimaster.com.ar\/web\/wp-content\/uploads\/2014\/04\/ph_arias16b-150x150.jpg 150w, https:\/\/www.arquimaster.com.ar\/web\/wp-content\/uploads\/2014\/04\/ph_arias16b-50x50.jpg 50w, https:\/\/www.arquimaster.com.ar\/web\/wp-content\/uploads\/2014\/04\/ph_arias16b-125x125.jpg 125w\" sizes=\"auto, (max-width: 150px) 100vw, 150px\" \/><\/a>\n\t\t\t<\/div>\n\t\t\t\t<figcaption class='wp-caption-text gallery-caption' id='gallery-1-5337'>\n\t\t\t\tPH Loft Arias \/ HM Arquitectos\n\t\t\t\t<\/figcaption><\/figure><figure class='gallery-item'>\n\t\t\t<div class='gallery-icon landscape'>\n\t\t\t\t<a href='https:\/\/www.arquimaster.com.ar\/web\/wp-content\/uploads\/2014\/04\/ph_arias17b.jpg' title=\"PH Loft Arias \/ HM Arquitectos\" data-rl_title=\"PH Loft Arias \/ HM Arquitectos\" class=\"rl-gallery-link\" data-rl_caption=\"PH Loft Arias \/ HM Arquitectos\" data-rel=\"lightbox-gallery-1\"><img loading=\"lazy\" decoding=\"async\" width=\"150\" height=\"150\" src=\"https:\/\/www.arquimaster.com.ar\/web\/wp-content\/uploads\/2014\/04\/ph_arias17b-150x150.jpg\" class=\"attachment-thumbnail size-thumbnail\" alt=\"\" aria-describedby=\"gallery-1-5338\" srcset=\"https:\/\/www.arquimaster.com.ar\/web\/wp-content\/uploads\/2014\/04\/ph_arias17b-150x150.jpg 150w, https:\/\/www.arquimaster.com.ar\/web\/wp-content\/uploads\/2014\/04\/ph_arias17b-50x50.jpg 50w, https:\/\/www.arquimaster.com.ar\/web\/wp-content\/uploads\/2014\/04\/ph_arias17b-125x125.jpg 125w\" sizes=\"auto, (max-width: 150px) 100vw, 150px\" \/><\/a>\n\t\t\t<\/div>\n\t\t\t\t<figcaption class='wp-caption-text gallery-caption' id='gallery-1-5338'>\n\t\t\t\tPH Loft Arias \/ HM Arquitectos\n\t\t\t\t<\/figcaption><\/figure><figure class='gallery-item'>\n\t\t\t<div class='gallery-icon landscape'>\n\t\t\t\t<a href='https:\/\/www.arquimaster.com.ar\/web\/wp-content\/uploads\/2014\/04\/ph_arias18b.jpg' title=\"PH Loft Arias \/ HM Arquitectos\" data-rl_title=\"PH Loft Arias \/ HM Arquitectos\" class=\"rl-gallery-link\" data-rl_caption=\"PH Loft Arias \/ HM Arquitectos\" data-rel=\"lightbox-gallery-1\"><img loading=\"lazy\" decoding=\"async\" width=\"150\" height=\"150\" src=\"https:\/\/www.arquimaster.com.ar\/web\/wp-content\/uploads\/2014\/04\/ph_arias18b-150x150.jpg\" class=\"attachment-thumbnail size-thumbnail\" alt=\"\" aria-describedby=\"gallery-1-5339\" srcset=\"https:\/\/www.arquimaster.com.ar\/web\/wp-content\/uploads\/2014\/04\/ph_arias18b-150x150.jpg 150w, https:\/\/www.arquimaster.com.ar\/web\/wp-content\/uploads\/2014\/04\/ph_arias18b-50x50.jpg 50w, https:\/\/www.arquimaster.com.ar\/web\/wp-content\/uploads\/2014\/04\/ph_arias18b-125x125.jpg 125w\" sizes=\"auto, (max-width: 150px) 100vw, 150px\" \/><\/a>\n\t\t\t<\/div>\n\t\t\t\t<figcaption class='wp-caption-text gallery-caption' id='gallery-1-5339'>\n\t\t\t\tPH Loft Arias \/ HM Arquitectos\n\t\t\t\t<\/figcaption><\/figure><figure class='gallery-item'>\n\t\t\t<div class='gallery-icon landscape'>\n\t\t\t\t<a href='https:\/\/www.arquimaster.com.ar\/web\/wp-content\/uploads\/2014\/04\/ph_arias19b.jpg' title=\"PH Loft Arias \/ HM Arquitectos\" data-rl_title=\"PH Loft Arias \/ HM Arquitectos\" class=\"rl-gallery-link\" data-rl_caption=\"PH Loft Arias \/ HM Arquitectos\" data-rel=\"lightbox-gallery-1\"><img loading=\"lazy\" decoding=\"async\" width=\"150\" height=\"150\" src=\"https:\/\/www.arquimaster.com.ar\/web\/wp-content\/uploads\/2014\/04\/ph_arias19b-150x150.jpg\" class=\"attachment-thumbnail size-thumbnail\" alt=\"\" aria-describedby=\"gallery-1-5340\" srcset=\"https:\/\/www.arquimaster.com.ar\/web\/wp-content\/uploads\/2014\/04\/ph_arias19b-150x150.jpg 150w, https:\/\/www.arquimaster.com.ar\/web\/wp-content\/uploads\/2014\/04\/ph_arias19b-50x50.jpg 50w, https:\/\/www.arquimaster.com.ar\/web\/wp-content\/uploads\/2014\/04\/ph_arias19b-125x125.jpg 125w\" sizes=\"auto, (max-width: 150px) 100vw, 150px\" \/><\/a>\n\t\t\t<\/div>\n\t\t\t\t<figcaption class='wp-caption-text gallery-caption' id='gallery-1-5340'>\n\t\t\t\tPH Loft Arias \/ HM Arquitectos\n\t\t\t\t<\/figcaption><\/figure><figure class='gallery-item'>\n\t\t\t<div class='gallery-icon landscape'>\n\t\t\t\t<a href='https:\/\/www.arquimaster.com.ar\/web\/wp-content\/uploads\/2014\/04\/ph_arias_pb.jpg' title=\"PH Loft Arias \/ HM Arquitectos (planta baja)\" data-rl_title=\"PH Loft Arias \/ HM Arquitectos (planta baja)\" class=\"rl-gallery-link\" data-rl_caption=\"PH Loft Arias \/ HM Arquitectos (planta baja)\" data-rel=\"lightbox-gallery-1\"><img loading=\"lazy\" decoding=\"async\" width=\"150\" height=\"150\" src=\"https:\/\/www.arquimaster.com.ar\/web\/wp-content\/uploads\/2014\/04\/ph_arias_pb-150x150.jpg\" class=\"attachment-thumbnail size-thumbnail\" alt=\"\" aria-describedby=\"gallery-1-5345\" srcset=\"https:\/\/www.arquimaster.com.ar\/web\/wp-content\/uploads\/2014\/04\/ph_arias_pb-150x150.jpg 150w, https:\/\/www.arquimaster.com.ar\/web\/wp-content\/uploads\/2014\/04\/ph_arias_pb-50x50.jpg 50w, https:\/\/www.arquimaster.com.ar\/web\/wp-content\/uploads\/2014\/04\/ph_arias_pb-125x125.jpg 125w\" sizes=\"auto, (max-width: 150px) 100vw, 150px\" \/><\/a>\n\t\t\t<\/div>\n\t\t\t\t<figcaption class='wp-caption-text gallery-caption' id='gallery-1-5345'>\n\t\t\t\tPH Loft Arias \/ HM Arquitectos (planta baja)\n\t\t\t\t<\/figcaption><\/figure><figure class='gallery-item'>\n\t\t\t<div class='gallery-icon landscape'>\n\t\t\t\t<a href='https:\/\/www.arquimaster.com.ar\/web\/wp-content\/uploads\/2014\/04\/ph_arias_pe.jpg' title=\"PH Loft Arias \/ HM Arquitectos (planta entrepiso)\" data-rl_title=\"PH Loft Arias \/ HM Arquitectos (planta entrepiso)\" class=\"rl-gallery-link\" data-rl_caption=\"PH Loft Arias \/ HM Arquitectos (planta entrepiso)\" data-rel=\"lightbox-gallery-1\"><img loading=\"lazy\" decoding=\"async\" width=\"150\" height=\"150\" src=\"https:\/\/www.arquimaster.com.ar\/web\/wp-content\/uploads\/2014\/04\/ph_arias_pe-150x150.jpg\" class=\"attachment-thumbnail size-thumbnail\" alt=\"\" aria-describedby=\"gallery-1-5346\" srcset=\"https:\/\/www.arquimaster.com.ar\/web\/wp-content\/uploads\/2014\/04\/ph_arias_pe-150x150.jpg 150w, https:\/\/www.arquimaster.com.ar\/web\/wp-content\/uploads\/2014\/04\/ph_arias_pe-50x50.jpg 50w, https:\/\/www.arquimaster.com.ar\/web\/wp-content\/uploads\/2014\/04\/ph_arias_pe-125x125.jpg 125w\" sizes=\"auto, (max-width: 150px) 100vw, 150px\" \/><\/a>\n\t\t\t<\/div>\n\t\t\t\t<figcaption class='wp-caption-text gallery-caption' id='gallery-1-5346'>\n\t\t\t\tPH Loft Arias \/ HM Arquitectos (planta entrepiso)\n\t\t\t\t<\/figcaption><\/figure><figure class='gallery-item'>\n\t\t\t<div class='gallery-icon landscape'>\n\t\t\t\t<a href='https:\/\/www.arquimaster.com.ar\/web\/wp-content\/uploads\/2014\/04\/ph_arias_ca.jpg' title=\"PH Loft Arias \/ HM Arquitectos (corte)\" data-rl_title=\"PH Loft Arias \/ HM Arquitectos (corte)\" class=\"rl-gallery-link\" data-rl_caption=\"PH Loft Arias \/ HM Arquitectos (corte)\" data-rel=\"lightbox-gallery-1\"><img loading=\"lazy\" decoding=\"async\" width=\"150\" height=\"150\" src=\"https:\/\/www.arquimaster.com.ar\/web\/wp-content\/uploads\/2014\/04\/ph_arias_ca-150x150.jpg\" class=\"attachment-thumbnail size-thumbnail\" alt=\"\" aria-describedby=\"gallery-1-5341\" srcset=\"https:\/\/www.arquimaster.com.ar\/web\/wp-content\/uploads\/2014\/04\/ph_arias_ca-150x150.jpg 150w, https:\/\/www.arquimaster.com.ar\/web\/wp-content\/uploads\/2014\/04\/ph_arias_ca-50x50.jpg 50w, https:\/\/www.arquimaster.com.ar\/web\/wp-content\/uploads\/2014\/04\/ph_arias_ca-125x125.jpg 125w\" sizes=\"auto, (max-width: 150px) 100vw, 150px\" \/><\/a>\n\t\t\t<\/div>\n\t\t\t\t<figcaption class='wp-caption-text gallery-caption' id='gallery-1-5341'>\n\t\t\t\tPH Loft Arias \/ HM Arquitectos (corte)\n\t\t\t\t<\/figcaption><\/figure><figure class='gallery-item'>\n\t\t\t<div class='gallery-icon portrait'>\n\t\t\t\t<a href='https:\/\/www.arquimaster.com.ar\/web\/wp-content\/uploads\/2014\/04\/ph_arias_vc.jpg' title=\"PH Loft Arias \/ HM Arquitectos (vista)\" data-rl_title=\"PH Loft Arias \/ HM Arquitectos (vista)\" class=\"rl-gallery-link\" data-rl_caption=\"PH Loft Arias \/ HM Arquitectos (vista)\" data-rel=\"lightbox-gallery-1\"><img loading=\"lazy\" decoding=\"async\" width=\"150\" height=\"150\" src=\"https:\/\/www.arquimaster.com.ar\/web\/wp-content\/uploads\/2014\/04\/ph_arias_vc-150x150.jpg\" class=\"attachment-thumbnail size-thumbnail\" alt=\"\" aria-describedby=\"gallery-1-5347\" srcset=\"https:\/\/www.arquimaster.com.ar\/web\/wp-content\/uploads\/2014\/04\/ph_arias_vc-150x150.jpg 150w, https:\/\/www.arquimaster.com.ar\/web\/wp-content\/uploads\/2014\/04\/ph_arias_vc-50x50.jpg 50w, https:\/\/www.arquimaster.com.ar\/web\/wp-content\/uploads\/2014\/04\/ph_arias_vc-125x125.jpg 125w\" sizes=\"auto, (max-width: 150px) 100vw, 150px\" \/><\/a>\n\t\t\t<\/div>\n\t\t\t\t<figcaption class='wp-caption-text gallery-caption' id='gallery-1-5347'>\n\t\t\t\tPH Loft Arias \/ HM Arquitectos (vista)\n\t\t\t\t<\/figcaption><\/figure><figure class='gallery-item'>\n\t\t\t<div class='gallery-icon portrait'>\n\t\t\t\t<a href='https:\/\/www.arquimaster.com.ar\/web\/wp-content\/uploads\/2014\/04\/ph_arias_vp.jpg' title=\"PH Loft Arias \/ HM Arquitectos (vista)\" data-rl_title=\"PH Loft Arias \/ HM Arquitectos (vista)\" class=\"rl-gallery-link\" data-rl_caption=\"PH Loft Arias \/ HM Arquitectos (vista)\" data-rel=\"lightbox-gallery-1\"><img loading=\"lazy\" decoding=\"async\" width=\"150\" height=\"150\" src=\"https:\/\/www.arquimaster.com.ar\/web\/wp-content\/uploads\/2014\/04\/ph_arias_vp-150x150.jpg\" class=\"attachment-thumbnail size-thumbnail\" alt=\"\" aria-describedby=\"gallery-1-5348\" srcset=\"https:\/\/www.arquimaster.com.ar\/web\/wp-content\/uploads\/2014\/04\/ph_arias_vp-150x150.jpg 150w, https:\/\/www.arquimaster.com.ar\/web\/wp-content\/uploads\/2014\/04\/ph_arias_vp-50x50.jpg 50w, https:\/\/www.arquimaster.com.ar\/web\/wp-content\/uploads\/2014\/04\/ph_arias_vp-125x125.jpg 125w\" sizes=\"auto, (max-width: 150px) 100vw, 150px\" \/><\/a>\n\t\t\t<\/div>\n\t\t\t\t<figcaption class='wp-caption-text gallery-caption' id='gallery-1-5348'>\n\t\t\t\tPH Loft Arias \/ HM Arquitectos (vista)\n\t\t\t\t<\/figcaption><\/figure><figure class='gallery-item'>\n\t\t\t<div class='gallery-icon portrait'>\n\t\t\t\t<a href='https:\/\/www.arquimaster.com.ar\/web\/wp-content\/uploads\/2014\/04\/ph_arias_esquema1.jpg' title=\"PH Loft Arias \/ HM Arquitectos (esquema)\" data-rl_title=\"PH Loft Arias \/ HM Arquitectos (esquema)\" class=\"rl-gallery-link\" data-rl_caption=\"PH Loft Arias \/ HM Arquitectos (esquema)\" data-rel=\"lightbox-gallery-1\"><img loading=\"lazy\" decoding=\"async\" width=\"150\" height=\"150\" src=\"https:\/\/www.arquimaster.com.ar\/web\/wp-content\/uploads\/2014\/04\/ph_arias_esquema1-150x150.jpg\" class=\"attachment-thumbnail size-thumbnail\" alt=\"\" aria-describedby=\"gallery-1-5343\" srcset=\"https:\/\/www.arquimaster.com.ar\/web\/wp-content\/uploads\/2014\/04\/ph_arias_esquema1-150x150.jpg 150w, https:\/\/www.arquimaster.com.ar\/web\/wp-content\/uploads\/2014\/04\/ph_arias_esquema1-50x50.jpg 50w, https:\/\/www.arquimaster.com.ar\/web\/wp-content\/uploads\/2014\/04\/ph_arias_esquema1-125x125.jpg 125w\" sizes=\"auto, (max-width: 150px) 100vw, 150px\" \/><\/a>\n\t\t\t<\/div>\n\t\t\t\t<figcaption class='wp-caption-text gallery-caption' id='gallery-1-5343'>\n\t\t\t\tPH Loft Arias \/ HM Arquitectos (esquema)\n\t\t\t\t<\/figcaption><\/figure><figure class='gallery-item'>\n\t\t\t<div class='gallery-icon portrait'>\n\t\t\t\t<a href='https:\/\/www.arquimaster.com.ar\/web\/wp-content\/uploads\/2014\/04\/ph_arias_esquema2.jpg' title=\"PH Loft Arias \/ HM Arquitectos (esquema)\" data-rl_title=\"PH Loft Arias \/ HM Arquitectos (esquema)\" class=\"rl-gallery-link\" data-rl_caption=\"PH Loft Arias \/ HM Arquitectos (esquema)\" data-rel=\"lightbox-gallery-1\"><img loading=\"lazy\" decoding=\"async\" width=\"150\" height=\"150\" src=\"https:\/\/www.arquimaster.com.ar\/web\/wp-content\/uploads\/2014\/04\/ph_arias_esquema2-150x150.jpg\" class=\"attachment-thumbnail size-thumbnail\" alt=\"\" aria-describedby=\"gallery-1-5344\" srcset=\"https:\/\/www.arquimaster.com.ar\/web\/wp-content\/uploads\/2014\/04\/ph_arias_esquema2-150x150.jpg 150w, https:\/\/www.arquimaster.com.ar\/web\/wp-content\/uploads\/2014\/04\/ph_arias_esquema2-50x50.jpg 50w, https:\/\/www.arquimaster.com.ar\/web\/wp-content\/uploads\/2014\/04\/ph_arias_esquema2-125x125.jpg 125w\" sizes=\"auto, (max-width: 150px) 100vw, 150px\" \/><\/a>\n\t\t\t<\/div>\n\t\t\t\t<figcaption class='wp-caption-text gallery-caption' id='gallery-1-5344'>\n\t\t\t\tPH Loft Arias \/ HM Arquitectos (esquema)\n\t\t\t\t<\/figcaption><\/figure><figure class='gallery-item'>\n\t\t\t<div class='gallery-icon portrait'>\n\t\t\t\t<a href='https:\/\/www.arquimaster.com.ar\/web\/wp-content\/uploads\/2014\/04\/ph_arias_detalle_.jpg' title=\"PH Loft Arias \/ HM Arquitectos (detalle)\" data-rl_title=\"PH Loft Arias \/ HM Arquitectos (detalle)\" class=\"rl-gallery-link\" data-rl_caption=\"PH Loft Arias \/ HM Arquitectos (detalle)\" data-rel=\"lightbox-gallery-1\"><img loading=\"lazy\" decoding=\"async\" width=\"150\" height=\"150\" src=\"https:\/\/www.arquimaster.com.ar\/web\/wp-content\/uploads\/2014\/04\/ph_arias_detalle_-150x150.jpg\" class=\"attachment-thumbnail size-thumbnail\" alt=\"\" aria-describedby=\"gallery-1-5349\" srcset=\"https:\/\/www.arquimaster.com.ar\/web\/wp-content\/uploads\/2014\/04\/ph_arias_detalle_-150x150.jpg 150w, https:\/\/www.arquimaster.com.ar\/web\/wp-content\/uploads\/2014\/04\/ph_arias_detalle_-50x50.jpg 50w, https:\/\/www.arquimaster.com.ar\/web\/wp-content\/uploads\/2014\/04\/ph_arias_detalle_-125x125.jpg 125w\" sizes=\"auto, (max-width: 150px) 100vw, 150px\" \/><\/a>\n\t\t\t<\/div>\n\t\t\t\t<figcaption class='wp-caption-text gallery-caption' id='gallery-1-5349'>\n\t\t\t\tPH Loft Arias \/ HM Arquitectos (detalle)\n\t\t\t\t<\/figcaption><\/figure>\n\t\t<\/div>\n\n<p>Concebimos un objeto \u00fanico y macizo, cuya caracter\u00edstica esencial deb\u00eda ser la de resolver toda la complejidad tecnologica y de usos dentro de si mismo y de su posicionamiento estrat\u00e9gico en el espacio.<\/p>\n<p>La morfolog\u00eda y emplazamiento de esta pieza es entonces el resultado de una b\u00fasqueda de tensiones aplicada al conjunto, relacionando el objeto al entorno, tanto contenedor interior como exterior.<\/p>\n<p>De esta manera los espacios resultantes generados por la ubicaci\u00f3n de esta pieza quedan, en uno de sus lados como una simple circulaci\u00f3n de servicios y hacia el otro la amplitud del espacio de uso. A su vez la pieza es recorrible en todo su per\u00edmetro.<\/p>\n<p>Por lo que este objeto se constituy\u00f3 desde el origen bajo una complejidad constructiva que se contrapone a la cascara envolvente del espacio. Mientras que el primero es macizo, pesado y de mamposter\u00eda (ladrillo refractario a la vista) el segundo es liviano, et\u00e9reo y blanco.<\/p>\n<p>Este objeto \u00fanico y organizador es sometido a una operaci\u00f3n de substracci\u00f3n de s\u00f3lidos, termina por alojar en cada una de estas c\u00e9lulas todos los programas que le brinda al espacio, y el resto es tan solo un vacio abrigado por una cascara aunado por una paleta de blancos cuyos materiales son solo tres: chapa, placas OSB, y mamposter\u00eda.<\/p>\n<p>El sistema constructivo escogido para la pieza protagonista es el ladrillo refractario aislante gris, a trav\u00e9s del cual hemos buscado una lectura de diversas densidades a partir de la elecci\u00f3n de las trabas y las juntas, enmarcando cada uno de los vac\u00edos (sustracciones) por losas de hormig\u00f3n: losa\/mesada, losa\/dintel, losa estante.<\/p>\n<p>Como contraposici\u00f3n, la soluci\u00f3n tecnol\u00f3gica de la c\u00e1scara envolvente (medianeras + cubierta) se resolvi\u00f3 buscando texturas variables del blanco, mediante una cubierta y fachada de chapa sinusoidal blanca. Revoque y placas OSB pintadas en blanco resuelven el resto.<\/p>\n<p>La fachada fue operada mediante aberturas que resuelvan la iluminaci\u00f3n interior, y la relaci\u00f3n de la obra con el parque exterior.<\/p>\n<p>Es tal el protagonismo funcional de la pieza central que no solo resuelve la totalidad de los servicios (cocina, parrilla, ba\u00f1o, lavadero, salamandra, minibar, baulera) sino que adem\u00e1s conecta verticalmente el espacio, conteniendo en una de sus c\u00e9lulas la escalera que da acceso al entrepiso, soportado estructuralmente por dicha pieza.<\/p>\n<p>La elecci\u00f3n monocrom\u00e1tica de la cascara, tanto en su cara interior como en la exterior, y la radicalizaci\u00f3n del uso de la chapa continua desde su cubierta hasta la totalidad de su fachada es una clara muestra de intenci\u00f3n de protagonismo hacia la pieza central. Es tal la modestia y ausencia de la piel envolvente, que en planta el proyecto se reduce a esta virtuosa pieza, como si solo de esta dependiera el equilibrio del conjunto, que dicho sea de paso, es la lectura bien entendida del proyecto.<\/p>\n<p><strong>Acerca del proyectista<\/strong><br \/>\nHMA es un estudio de arquitectura especializado en proyecto, direcci\u00f3n de obra. Sus socios titulares Fernando Hitzig y Leonardo G. Militello son arquitectos graduados de la Facultad de Arquitectura Dise\u00f1o y Urbanismo de la Universidad de Buenos Aires (FADU UBA). Abren su oficina en Buenos Aires en el a\u00f1o 2006 luego de cuatro a\u00f1os de experiencia en Espa\u00f1a desarrollando obras particulares y colaborando para estudio de renombre. El estudio cuenta con un equipo que desarrolla cada una de las fases requeridas seg\u00fan el encargo en particular: \u00e1rea de proyecto, documentaci\u00f3n de obra, direcci\u00f3n de obra, asesores t\u00e9cnicos, gremios y proveedores.<\/p>\n<p><strong>Ficha t\u00e9cnica<\/strong><br \/>\nNombre: PH Loft Arias<br \/>\nUbicacion: Ciudad de Buenos Aires, Argentina<br \/>\nProyecto: HM Arquitectos (Fernando Hitzig y Leonardo Militello)<br \/>\nColaboradores: Rub\u00e9n Ruiz<br \/>\nRenders: ZoomZ estudio<br \/>\nConstrucci\u00f3n: Estudio hma<br \/>\nAsesor estructural: Carlos Gandini<br \/>\nFotograf\u00eda: Masterpix<br \/>\nPrograma: Casa y quincho<br \/>\nSup. total cubierta: 150 m2<br \/>\nSup. total descubierta: 100 m2<br \/>\nA\u00f1o: 2011<\/p>\n<p><strong>Contacto: <\/strong><a href=\"http:\/\/www.estudiohma.com\" target=\"_blank\">http:\/\/www.estudiohma.com<\/a><\/p>\n<p>&nbsp;<\/p>\n<p><em><strong>English version<\/strong><\/em><\/p>\n<p><em><strong>PH Loft Arias<\/strong><\/em><\/p>\n<p><em>Construction was organized through a very specific set of needs from the owner. It had to be an area with independent access within the house, one that that not only would solve the needs for leisure and recreation, but that would also have the asset of functioning along with the garden as a backing for those needs. This would result in a barbecue shed\/playroom\/office as well as the guest rooms.<\/em><\/p>\n<p><em>The organizational strategy was conceived and outlined by focusing on a sole object that would be capable of solving the whole technological complexity by itself and from its location within the lot so as to adjust to the functionality of the whole.<\/em><\/p>\n<p><em>The morphology and placing of this piece is the result of a search for tensions applied to the whole, assuming that the practically symmetric receptacle (the lot) required enhancing this search through a strong intentionality.<\/em><\/p>\n<p><em>This way the spaces provided by this piece become just a simple circulation of services on one of its sides. Nevertheless, understanding the capacity of the object to host all programs in each one of its cells manages to solve the relation with the whole through its other bifacial face, thus providing the main void with a functional sense, as if it were a matter of vindicating the old game of the kantihan paradigm.<\/em><\/p>\n<p><em>Hence this object was constituted from the beginning under a constructive complexity that has nothing to do with the outer shell. This element that resulted from a subtraction of solids ends up hosting all the programs its provides the space with in each one of its cells, the rest being just a void covered by a shell and joined by a palette of whites made of only three materials: metal plates, OSB plaques, and masonry.<\/em><\/p>\n<p><em>The chosen constructive system is grey isolating refractive brick, though which we have sought an interpretation of different densities starting with choosing different blockings, rowing each of its voids through concrete slabs, thus providing a different visual and constructive perspective to the monochromatic receptacle of the whole.<\/em><\/p>\n<p><em>The functional ubiquitousness of this piece is such that it not only serves from the totality of the services, but it also connects the space vertically, containing a staircase in one of its cells. The mezzanine is built from a light system and covered with phenolic plaques, and it solves the issue of spaciousness without ceasing to be served by this piece, one which always expects to be the protagonist by containing the space of the desk as well as an access to the semi-covered expanse.<\/em><\/p>\n<p><em>The technological solution of the outer shell solves the cover through a curve metal plaque, which continues all the way until it completes the whole fa\u00e7ade. The latter is operated through superior openings that solve the inner illumination, and inferior openings with a technology that allows them to unify space-wise the inside with the outside.<\/em><\/p>\n<p><em>The monochromatic Choice of the outer shell (both in its inner as well as its outer side) as well as the radicalization of the use of metal plaques that are continuous from its cover until the totality of its fa\u00e7ade, are a clear evidence of the respect shown for the ubiquitousness of this piece. Its modest eagerness for absence is such that on its ground floor it clears the way for this virtuous piece, as if it the functional balance of the whole depended solely on it-which is, by the way, the correct interpretation of this project.<\/em><\/p>\n\n<div style=\"font-size: 0px; height: 0px; line-height: 0px; margin: 0; padding: 0; clear: both;\"><\/div><div style=\"margin-top: 0px; margin-bottom: 0px;\" class=\"sharethis-inline-share-buttons\" ><\/div>","protected":false},"excerpt":{"rendered":"<p>Espacio que resuelve las necesidades de ocio y recreaci\u00f3n, habitaci\u00f3n de hu\u00e9spedes, jardin&#8230;<\/p>\n","protected":false},"author":1,"featured_media":5321,"comment_status":"closed","ping_status":"closed","sticky":false,"template":"","format":"standard","meta":{"_uag_custom_page_level_css":"","footnotes":""},"categories":[79,1],"tags":[16,1490,1489,1491,968,1488],"class_list":["post-5320","post","type-post","status-publish","format-standard","has-post-thumbnail","hentry","category-departamentos","category-proyecto","tag-buenos-aires","tag-fernando-hitzig","tag-hm-arquitectos","tag-leonardo-militello","tag-loft","tag-ph","generate-columns","tablet-grid-50","mobile-grid-100","grid-parent","grid-50"],"yoast_head":"<!-- This site is optimized with the Yoast SEO plugin v27.3 - https:\/\/yoast.com\/product\/yoast-seo-wordpress\/ -->\n<title>PH Loft Arias \/ HM Arquitectos - Arquimaster<\/title>\n<meta name=\"robots\" content=\"index, follow, max-snippet:-1, max-image-preview:large, max-video-preview:-1\" \/>\n<link rel=\"canonical\" href=\"https:\/\/www.arquimaster.com.ar\/web\/ph-loft-arias-hm-arquitectos\/\" \/>\n<meta property=\"og:locale\" content=\"es_ES\" \/>\n<meta property=\"og:type\" content=\"article\" \/>\n<meta property=\"og:title\" content=\"PH Loft Arias \/ HM Arquitectos - Arquimaster\" \/>\n<meta property=\"og:description\" content=\"Espacio que resuelve las necesidades de ocio y recreaci\u00f3n, habitaci\u00f3n de hu\u00e9spedes, jardin...\" \/>\n<meta property=\"og:url\" content=\"https:\/\/www.arquimaster.com.ar\/web\/ph-loft-arias-hm-arquitectos\/\" \/>\n<meta property=\"og:site_name\" content=\"Arquimaster\" \/>\n<meta property=\"article:publisher\" content=\"http:\/\/www.facebook.com\/ARQUIMASTER.com.ar\" \/>\n<meta property=\"article:published_time\" content=\"2013-05-02T23:09:58+00:00\" \/>\n<meta property=\"article:modified_time\" content=\"2014-04-11T01:18:56+00:00\" \/>\n<meta property=\"og:image\" content=\"https:\/\/www.arquimaster.com.ar\/web\/wp-content\/uploads\/2014\/04\/ph_arias_slide.jpg\" \/>\n\t<meta property=\"og:image:width\" content=\"642\" \/>\n\t<meta property=\"og:image:height\" content=\"336\" \/>\n\t<meta property=\"og:image:type\" content=\"image\/jpeg\" \/>\n<meta name=\"author\" content=\"Arquimaster\" \/>\n<meta name=\"twitter:card\" content=\"summary_large_image\" \/>\n<meta name=\"twitter:creator\" content=\"@arquimaster\" \/>\n<meta name=\"twitter:site\" content=\"@arquimaster\" \/>\n<meta name=\"twitter:label1\" content=\"Escrito por\" \/>\n\t<meta name=\"twitter:data1\" content=\"Arquimaster\" \/>\n\t<meta name=\"twitter:label2\" content=\"Tiempo de lectura\" \/>\n\t<meta name=\"twitter:data2\" content=\"7 minutos\" \/>\n<script type=\"application\/ld+json\" class=\"yoast-schema-graph\">{\"@context\":\"https:\\\/\\\/schema.org\",\"@graph\":[{\"@type\":\"Article\",\"@id\":\"https:\\\/\\\/www.arquimaster.com.ar\\\/web\\\/ph-loft-arias-hm-arquitectos\\\/#article\",\"isPartOf\":{\"@id\":\"https:\\\/\\\/www.arquimaster.com.ar\\\/web\\\/ph-loft-arias-hm-arquitectos\\\/\"},\"author\":{\"name\":\"Arquimaster\",\"@id\":\"https:\\\/\\\/www.arquimaster.com.ar\\\/web\\\/#\\\/schema\\\/person\\\/359e9f7c00193fcde068e0dd2ceb0028\"},\"headline\":\"PH Loft Arias \\\/ HM Arquitectos\",\"datePublished\":\"2013-05-02T23:09:58+00:00\",\"dateModified\":\"2014-04-11T01:18:56+00:00\",\"mainEntityOfPage\":{\"@id\":\"https:\\\/\\\/www.arquimaster.com.ar\\\/web\\\/ph-loft-arias-hm-arquitectos\\\/\"},\"wordCount\":1338,\"publisher\":{\"@id\":\"https:\\\/\\\/www.arquimaster.com.ar\\\/web\\\/#organization\"},\"image\":{\"@id\":\"https:\\\/\\\/www.arquimaster.com.ar\\\/web\\\/ph-loft-arias-hm-arquitectos\\\/#primaryimage\"},\"thumbnailUrl\":\"https:\\\/\\\/www.arquimaster.com.ar\\\/web\\\/wp-content\\\/uploads\\\/2014\\\/04\\\/ph_arias_slide.jpg\",\"keywords\":[\"Buenos Aires\",\"Fernando Hitzig\",\"HM Arquitectos\",\"Leonardo Militello\",\"loft\",\"PH\"],\"articleSection\":[\"Departamentos y Lofts\",\"Proyecto\"],\"inLanguage\":\"es\"},{\"@type\":\"WebPage\",\"@id\":\"https:\\\/\\\/www.arquimaster.com.ar\\\/web\\\/ph-loft-arias-hm-arquitectos\\\/\",\"url\":\"https:\\\/\\\/www.arquimaster.com.ar\\\/web\\\/ph-loft-arias-hm-arquitectos\\\/\",\"name\":\"PH Loft Arias \\\/ HM Arquitectos - Arquimaster\",\"isPartOf\":{\"@id\":\"https:\\\/\\\/www.arquimaster.com.ar\\\/web\\\/#website\"},\"primaryImageOfPage\":{\"@id\":\"https:\\\/\\\/www.arquimaster.com.ar\\\/web\\\/ph-loft-arias-hm-arquitectos\\\/#primaryimage\"},\"image\":{\"@id\":\"https:\\\/\\\/www.arquimaster.com.ar\\\/web\\\/ph-loft-arias-hm-arquitectos\\\/#primaryimage\"},\"thumbnailUrl\":\"https:\\\/\\\/www.arquimaster.com.ar\\\/web\\\/wp-content\\\/uploads\\\/2014\\\/04\\\/ph_arias_slide.jpg\",\"datePublished\":\"2013-05-02T23:09:58+00:00\",\"dateModified\":\"2014-04-11T01:18:56+00:00\",\"breadcrumb\":{\"@id\":\"https:\\\/\\\/www.arquimaster.com.ar\\\/web\\\/ph-loft-arias-hm-arquitectos\\\/#breadcrumb\"},\"inLanguage\":\"es\",\"potentialAction\":[{\"@type\":\"ReadAction\",\"target\":[\"https:\\\/\\\/www.arquimaster.com.ar\\\/web\\\/ph-loft-arias-hm-arquitectos\\\/\"]}]},{\"@type\":\"ImageObject\",\"inLanguage\":\"es\",\"@id\":\"https:\\\/\\\/www.arquimaster.com.ar\\\/web\\\/ph-loft-arias-hm-arquitectos\\\/#primaryimage\",\"url\":\"https:\\\/\\\/www.arquimaster.com.ar\\\/web\\\/wp-content\\\/uploads\\\/2014\\\/04\\\/ph_arias_slide.jpg\",\"contentUrl\":\"https:\\\/\\\/www.arquimaster.com.ar\\\/web\\\/wp-content\\\/uploads\\\/2014\\\/04\\\/ph_arias_slide.jpg\",\"width\":642,\"height\":336},{\"@type\":\"BreadcrumbList\",\"@id\":\"https:\\\/\\\/www.arquimaster.com.ar\\\/web\\\/ph-loft-arias-hm-arquitectos\\\/#breadcrumb\",\"itemListElement\":[{\"@type\":\"ListItem\",\"position\":1,\"name\":\"Portada\",\"item\":\"https:\\\/\\\/www.arquimaster.com.ar\\\/web\\\/\"},{\"@type\":\"ListItem\",\"position\":2,\"name\":\"PH Loft Arias \\\/ HM Arquitectos\"}]},{\"@type\":\"WebSite\",\"@id\":\"https:\\\/\\\/www.arquimaster.com.ar\\\/web\\\/#website\",\"url\":\"https:\\\/\\\/www.arquimaster.com.ar\\\/web\\\/\",\"name\":\"Arquimaster\",\"description\":\"Web de arquitectura, dise\u00f1o y construccion\",\"publisher\":{\"@id\":\"https:\\\/\\\/www.arquimaster.com.ar\\\/web\\\/#organization\"},\"potentialAction\":[{\"@type\":\"SearchAction\",\"target\":{\"@type\":\"EntryPoint\",\"urlTemplate\":\"https:\\\/\\\/www.arquimaster.com.ar\\\/web\\\/?s={search_term_string}\"},\"query-input\":{\"@type\":\"PropertyValueSpecification\",\"valueRequired\":true,\"valueName\":\"search_term_string\"}}],\"inLanguage\":\"es\"},{\"@type\":\"Organization\",\"@id\":\"https:\\\/\\\/www.arquimaster.com.ar\\\/web\\\/#organization\",\"name\":\"Arquimaster\",\"url\":\"https:\\\/\\\/www.arquimaster.com.ar\\\/web\\\/\",\"logo\":{\"@type\":\"ImageObject\",\"inLanguage\":\"es\",\"@id\":\"https:\\\/\\\/www.arquimaster.com.ar\\\/web\\\/#\\\/schema\\\/logo\\\/image\\\/\",\"url\":\"https:\\\/\\\/www.arquimaster.com.ar\\\/web\\\/wp-content\\\/uploads\\\/2022\\\/06\\\/arquimaster.png\",\"contentUrl\":\"https:\\\/\\\/www.arquimaster.com.ar\\\/web\\\/wp-content\\\/uploads\\\/2022\\\/06\\\/arquimaster.png\",\"width\":594,\"height\":78,\"caption\":\"Arquimaster\"},\"image\":{\"@id\":\"https:\\\/\\\/www.arquimaster.com.ar\\\/web\\\/#\\\/schema\\\/logo\\\/image\\\/\"},\"sameAs\":[\"http:\\\/\\\/www.facebook.com\\\/ARQUIMASTER.com.ar\",\"https:\\\/\\\/x.com\\\/arquimaster\",\"https:\\\/\\\/www.instagram.com\\\/arquimasterblog\\\/\",\"https:\\\/\\\/www.linkedin.com\\\/company\\\/arquimaster\",\"https:\\\/\\\/www.pinterest.com\\\/arquimaster\",\"https:\\\/\\\/t.me\\\/arquimaster\"]},{\"@type\":\"Person\",\"@id\":\"https:\\\/\\\/www.arquimaster.com.ar\\\/web\\\/#\\\/schema\\\/person\\\/359e9f7c00193fcde068e0dd2ceb0028\",\"name\":\"Arquimaster\"}]}<\/script>\n<!-- \/ Yoast SEO plugin. -->","yoast_head_json":{"title":"PH Loft Arias \/ HM Arquitectos - Arquimaster","robots":{"index":"index","follow":"follow","max-snippet":"max-snippet:-1","max-image-preview":"max-image-preview:large","max-video-preview":"max-video-preview:-1"},"canonical":"https:\/\/www.arquimaster.com.ar\/web\/ph-loft-arias-hm-arquitectos\/","og_locale":"es_ES","og_type":"article","og_title":"PH Loft Arias \/ HM Arquitectos - Arquimaster","og_description":"Espacio que resuelve las necesidades de ocio y recreaci\u00f3n, habitaci\u00f3n de hu\u00e9spedes, jardin...","og_url":"https:\/\/www.arquimaster.com.ar\/web\/ph-loft-arias-hm-arquitectos\/","og_site_name":"Arquimaster","article_publisher":"http:\/\/www.facebook.com\/ARQUIMASTER.com.ar","article_published_time":"2013-05-02T23:09:58+00:00","article_modified_time":"2014-04-11T01:18:56+00:00","og_image":[{"width":642,"height":336,"url":"https:\/\/www.arquimaster.com.ar\/web\/wp-content\/uploads\/2014\/04\/ph_arias_slide.jpg","type":"image\/jpeg"}],"author":"Arquimaster","twitter_card":"summary_large_image","twitter_creator":"@arquimaster","twitter_site":"@arquimaster","twitter_misc":{"Escrito por":"Arquimaster","Tiempo de lectura":"7 minutos"},"schema":{"@context":"https:\/\/schema.org","@graph":[{"@type":"Article","@id":"https:\/\/www.arquimaster.com.ar\/web\/ph-loft-arias-hm-arquitectos\/#article","isPartOf":{"@id":"https:\/\/www.arquimaster.com.ar\/web\/ph-loft-arias-hm-arquitectos\/"},"author":{"name":"Arquimaster","@id":"https:\/\/www.arquimaster.com.ar\/web\/#\/schema\/person\/359e9f7c00193fcde068e0dd2ceb0028"},"headline":"PH Loft Arias \/ HM Arquitectos","datePublished":"2013-05-02T23:09:58+00:00","dateModified":"2014-04-11T01:18:56+00:00","mainEntityOfPage":{"@id":"https:\/\/www.arquimaster.com.ar\/web\/ph-loft-arias-hm-arquitectos\/"},"wordCount":1338,"publisher":{"@id":"https:\/\/www.arquimaster.com.ar\/web\/#organization"},"image":{"@id":"https:\/\/www.arquimaster.com.ar\/web\/ph-loft-arias-hm-arquitectos\/#primaryimage"},"thumbnailUrl":"https:\/\/www.arquimaster.com.ar\/web\/wp-content\/uploads\/2014\/04\/ph_arias_slide.jpg","keywords":["Buenos Aires","Fernando Hitzig","HM Arquitectos","Leonardo Militello","loft","PH"],"articleSection":["Departamentos y Lofts","Proyecto"],"inLanguage":"es"},{"@type":"WebPage","@id":"https:\/\/www.arquimaster.com.ar\/web\/ph-loft-arias-hm-arquitectos\/","url":"https:\/\/www.arquimaster.com.ar\/web\/ph-loft-arias-hm-arquitectos\/","name":"PH Loft Arias \/ HM Arquitectos - Arquimaster","isPartOf":{"@id":"https:\/\/www.arquimaster.com.ar\/web\/#website"},"primaryImageOfPage":{"@id":"https:\/\/www.arquimaster.com.ar\/web\/ph-loft-arias-hm-arquitectos\/#primaryimage"},"image":{"@id":"https:\/\/www.arquimaster.com.ar\/web\/ph-loft-arias-hm-arquitectos\/#primaryimage"},"thumbnailUrl":"https:\/\/www.arquimaster.com.ar\/web\/wp-content\/uploads\/2014\/04\/ph_arias_slide.jpg","datePublished":"2013-05-02T23:09:58+00:00","dateModified":"2014-04-11T01:18:56+00:00","breadcrumb":{"@id":"https:\/\/www.arquimaster.com.ar\/web\/ph-loft-arias-hm-arquitectos\/#breadcrumb"},"inLanguage":"es","potentialAction":[{"@type":"ReadAction","target":["https:\/\/www.arquimaster.com.ar\/web\/ph-loft-arias-hm-arquitectos\/"]}]},{"@type":"ImageObject","inLanguage":"es","@id":"https:\/\/www.arquimaster.com.ar\/web\/ph-loft-arias-hm-arquitectos\/#primaryimage","url":"https:\/\/www.arquimaster.com.ar\/web\/wp-content\/uploads\/2014\/04\/ph_arias_slide.jpg","contentUrl":"https:\/\/www.arquimaster.com.ar\/web\/wp-content\/uploads\/2014\/04\/ph_arias_slide.jpg","width":642,"height":336},{"@type":"BreadcrumbList","@id":"https:\/\/www.arquimaster.com.ar\/web\/ph-loft-arias-hm-arquitectos\/#breadcrumb","itemListElement":[{"@type":"ListItem","position":1,"name":"Portada","item":"https:\/\/www.arquimaster.com.ar\/web\/"},{"@type":"ListItem","position":2,"name":"PH Loft Arias \/ HM Arquitectos"}]},{"@type":"WebSite","@id":"https:\/\/www.arquimaster.com.ar\/web\/#website","url":"https:\/\/www.arquimaster.com.ar\/web\/","name":"Arquimaster","description":"Web de arquitectura, dise\u00f1o y construccion","publisher":{"@id":"https:\/\/www.arquimaster.com.ar\/web\/#organization"},"potentialAction":[{"@type":"SearchAction","target":{"@type":"EntryPoint","urlTemplate":"https:\/\/www.arquimaster.com.ar\/web\/?s={search_term_string}"},"query-input":{"@type":"PropertyValueSpecification","valueRequired":true,"valueName":"search_term_string"}}],"inLanguage":"es"},{"@type":"Organization","@id":"https:\/\/www.arquimaster.com.ar\/web\/#organization","name":"Arquimaster","url":"https:\/\/www.arquimaster.com.ar\/web\/","logo":{"@type":"ImageObject","inLanguage":"es","@id":"https:\/\/www.arquimaster.com.ar\/web\/#\/schema\/logo\/image\/","url":"https:\/\/www.arquimaster.com.ar\/web\/wp-content\/uploads\/2022\/06\/arquimaster.png","contentUrl":"https:\/\/www.arquimaster.com.ar\/web\/wp-content\/uploads\/2022\/06\/arquimaster.png","width":594,"height":78,"caption":"Arquimaster"},"image":{"@id":"https:\/\/www.arquimaster.com.ar\/web\/#\/schema\/logo\/image\/"},"sameAs":["http:\/\/www.facebook.com\/ARQUIMASTER.com.ar","https:\/\/x.com\/arquimaster","https:\/\/www.instagram.com\/arquimasterblog\/","https:\/\/www.linkedin.com\/company\/arquimaster","https:\/\/www.pinterest.com\/arquimaster","https:\/\/t.me\/arquimaster"]},{"@type":"Person","@id":"https:\/\/www.arquimaster.com.ar\/web\/#\/schema\/person\/359e9f7c00193fcde068e0dd2ceb0028","name":"Arquimaster"}]}},"uagb_featured_image_src":{"full":["https:\/\/www.arquimaster.com.ar\/web\/wp-content\/uploads\/2014\/04\/ph_arias_slide.jpg",642,336,false],"thumbnail":["https:\/\/www.arquimaster.com.ar\/web\/wp-content\/uploads\/2014\/04\/ph_arias_slide-150x150.jpg",150,150,true],"medium":["https:\/\/www.arquimaster.com.ar\/web\/wp-content\/uploads\/2014\/04\/ph_arias_slide-300x157.jpg",300,157,true],"medium_large":["https:\/\/www.arquimaster.com.ar\/web\/wp-content\/uploads\/2014\/04\/ph_arias_slide.jpg",642,336,false],"large":["https:\/\/www.arquimaster.com.ar\/web\/wp-content\/uploads\/2014\/04\/ph_arias_slide.jpg",642,336,false],"1536x1536":["https:\/\/www.arquimaster.com.ar\/web\/wp-content\/uploads\/2014\/04\/ph_arias_slide.jpg",642,336,false],"2048x2048":["https:\/\/www.arquimaster.com.ar\/web\/wp-content\/uploads\/2014\/04\/ph_arias_slide.jpg",642,336,false]},"uagb_author_info":{"display_name":"Arquimaster","author_link":"https:\/\/www.arquimaster.com.ar\/web\/author\/arquimaster\/"},"uagb_comment_info":0,"uagb_excerpt":"Espacio que resuelve las necesidades de ocio y recreaci\u00f3n, habitaci\u00f3n de hu\u00e9spedes, jardin...","_links":{"self":[{"href":"https:\/\/www.arquimaster.com.ar\/web\/wp-json\/wp\/v2\/posts\/5320","targetHints":{"allow":["GET"]}}],"collection":[{"href":"https:\/\/www.arquimaster.com.ar\/web\/wp-json\/wp\/v2\/posts"}],"about":[{"href":"https:\/\/www.arquimaster.com.ar\/web\/wp-json\/wp\/v2\/types\/post"}],"author":[{"embeddable":true,"href":"https:\/\/www.arquimaster.com.ar\/web\/wp-json\/wp\/v2\/users\/1"}],"replies":[{"embeddable":true,"href":"https:\/\/www.arquimaster.com.ar\/web\/wp-json\/wp\/v2\/comments?post=5320"}],"version-history":[{"count":0,"href":"https:\/\/www.arquimaster.com.ar\/web\/wp-json\/wp\/v2\/posts\/5320\/revisions"}],"wp:featuredmedia":[{"embeddable":true,"href":"https:\/\/www.arquimaster.com.ar\/web\/wp-json\/wp\/v2\/media\/5321"}],"wp:attachment":[{"href":"https:\/\/www.arquimaster.com.ar\/web\/wp-json\/wp\/v2\/media?parent=5320"}],"wp:term":[{"taxonomy":"category","embeddable":true,"href":"https:\/\/www.arquimaster.com.ar\/web\/wp-json\/wp\/v2\/categories?post=5320"},{"taxonomy":"post_tag","embeddable":true,"href":"https:\/\/www.arquimaster.com.ar\/web\/wp-json\/wp\/v2\/tags?post=5320"}],"curies":[{"name":"wp","href":"https:\/\/api.w.org\/{rel}","templated":true}]}}