{"id":5353,"date":"2013-05-02T23:35:05","date_gmt":"2013-05-02T23:35:05","guid":{"rendered":"http:\/\/www.arquimaster.com.ar\/web\/?p=5353"},"modified":"2014-04-10T23:57:14","modified_gmt":"2014-04-10T23:57:14","slug":"rehabilitacion-de-la-casa-izquierdo-jose-ramon-rodriguez-fernandez","status":"publish","type":"post","link":"https:\/\/www.arquimaster.com.ar\/web\/rehabilitacion-de-la-casa-izquierdo-jose-ramon-rodriguez-fernandez\/","title":{"rendered":"Rehabilitaci\u00f3n de la Casa Izquierdo \/ Jos\u00e9 Ram\u00f3n Rodr\u00edguez Fern\u00e1ndez"},"content":{"rendered":"<div style=\"margin-top: 0px; margin-bottom: 0px;\" class=\"sharethis-inline-share-buttons\" ><\/div><div class=\"b812932af2e751442846f039925109de\" data-index=\"1\" style=\"float: none; margin:25px 0 25px 0; text-align:center;\">\n<script async src=\"https:\/\/pagead2.googlesyndication.com\/pagead\/js\/adsbygoogle.js\"><\/script>\r\n<!-- Arquimaster (superior) -->\r\n<ins class=\"adsbygoogle\"\r\n     style=\"display:block\"\r\n     data-ad-client=\"ca-pub-6351072698456832\"\r\n     data-ad-slot=\"6455489680\"\r\n     data-ad-format=\"auto\"\r\n     data-full-width-responsive=\"true\"><\/ins>\r\n<script>\r\n     (adsbygoogle = window.adsbygoogle || []).push({});\r\n<\/script>\n<\/div>\n<p><strong>Rehabilitaci\u00f3n de la Casa Izquierdo<\/strong> (Tenerife, Espa\u00f1a) por <strong>Arq. Jos\u00e9 Ram\u00f3n Rodr\u00edguez Fern\u00e1ndez<\/strong>. La <strong>casa <\/strong>est\u00e1 situada muy pr\u00f3xima a la Catedral, en la calle Herradores N\u00ba 46, en el <strong>Casco Hist\u00f3rico<\/strong> de San Crist\u00f3bal de La Laguna, en la Isla de Tenerife.<\/p>\n<div id='gallery-1' class='gallery galleryid-5353 gallery-columns-3 gallery-size-thumbnail'><figure class='gallery-item'>\n\t\t\t<div class='gallery-icon portrait'>\n\t\t\t\t<a href='https:\/\/www.arquimaster.com.ar\/web\/wp-content\/uploads\/2014\/04\/rehabilitacion_herreros1b.jpg' title=\"Rehabilitaci\u00f3n de la Casa Izquierdo \/ Jos\u00e9 Ram\u00f3n Rodr\u00edguez Fern\u00e1ndez\" data-rl_title=\"Rehabilitaci\u00f3n de la Casa Izquierdo \/ Jos\u00e9 Ram\u00f3n Rodr\u00edguez Fern\u00e1ndez\" class=\"rl-gallery-link\" data-rl_caption=\"Rehabilitaci\u00f3n de la Casa Izquierdo \/ Jos\u00e9 Ram\u00f3n Rodr\u00edguez Fern\u00e1ndez\" data-rel=\"lightbox-gallery-1\"><img loading=\"lazy\" decoding=\"async\" width=\"150\" height=\"150\" src=\"https:\/\/www.arquimaster.com.ar\/web\/wp-content\/uploads\/2014\/04\/rehabilitacion_herreros1b-150x150.jpg\" class=\"attachment-thumbnail size-thumbnail\" alt=\"\" aria-describedby=\"gallery-1-5355\" srcset=\"https:\/\/www.arquimaster.com.ar\/web\/wp-content\/uploads\/2014\/04\/rehabilitacion_herreros1b-150x150.jpg 150w, https:\/\/www.arquimaster.com.ar\/web\/wp-content\/uploads\/2014\/04\/rehabilitacion_herreros1b-50x50.jpg 50w, https:\/\/www.arquimaster.com.ar\/web\/wp-content\/uploads\/2014\/04\/rehabilitacion_herreros1b-125x125.jpg 125w\" sizes=\"auto, (max-width: 150px) 100vw, 150px\" \/><\/a>\n\t\t\t<\/div>\n\t\t\t\t<figcaption class='wp-caption-text gallery-caption' id='gallery-1-5355'>\n\t\t\t\tRehabilitaci\u00f3n de la Casa Izquierdo \/ Jos\u00e9 Ram\u00f3n Rodr\u00edguez Fern\u00e1ndez\n\t\t\t\t<\/figcaption><\/figure><figure class='gallery-item'>\n\t\t\t<div class='gallery-icon portrait'>\n\t\t\t\t<a href='https:\/\/www.arquimaster.com.ar\/web\/wp-content\/uploads\/2014\/04\/rehabilitacion_herreros2b.jpg' title=\"Rehabilitaci\u00f3n de la Casa Izquierdo \/ Jos\u00e9 Ram\u00f3n Rodr\u00edguez Fern\u00e1ndez\" data-rl_title=\"Rehabilitaci\u00f3n de la Casa Izquierdo \/ Jos\u00e9 Ram\u00f3n Rodr\u00edguez Fern\u00e1ndez\" class=\"rl-gallery-link\" data-rl_caption=\"Rehabilitaci\u00f3n de la Casa Izquierdo \/ Jos\u00e9 Ram\u00f3n Rodr\u00edguez Fern\u00e1ndez\" data-rel=\"lightbox-gallery-1\"><img loading=\"lazy\" decoding=\"async\" width=\"150\" height=\"150\" src=\"https:\/\/www.arquimaster.com.ar\/web\/wp-content\/uploads\/2014\/04\/rehabilitacion_herreros2b-150x150.jpg\" class=\"attachment-thumbnail size-thumbnail\" alt=\"\" aria-describedby=\"gallery-1-5356\" srcset=\"https:\/\/www.arquimaster.com.ar\/web\/wp-content\/uploads\/2014\/04\/rehabilitacion_herreros2b-150x150.jpg 150w, https:\/\/www.arquimaster.com.ar\/web\/wp-content\/uploads\/2014\/04\/rehabilitacion_herreros2b-50x50.jpg 50w, https:\/\/www.arquimaster.com.ar\/web\/wp-content\/uploads\/2014\/04\/rehabilitacion_herreros2b-125x125.jpg 125w\" sizes=\"auto, (max-width: 150px) 100vw, 150px\" \/><\/a>\n\t\t\t<\/div>\n\t\t\t\t<figcaption class='wp-caption-text gallery-caption' id='gallery-1-5356'>\n\t\t\t\tRehabilitaci\u00f3n de la Casa Izquierdo \/ Jos\u00e9 Ram\u00f3n Rodr\u00edguez Fern\u00e1ndez\n\t\t\t\t<\/figcaption><\/figure><figure class='gallery-item'>\n\t\t\t<div class='gallery-icon landscape'>\n\t\t\t\t<a href='https:\/\/www.arquimaster.com.ar\/web\/wp-content\/uploads\/2014\/04\/rehabilitacion_herreros3b.jpg' title=\"Rehabilitaci\u00f3n de la Casa Izquierdo \/ Jos\u00e9 Ram\u00f3n Rodr\u00edguez Fern\u00e1ndez\" data-rl_title=\"Rehabilitaci\u00f3n de la Casa Izquierdo \/ Jos\u00e9 Ram\u00f3n Rodr\u00edguez Fern\u00e1ndez\" class=\"rl-gallery-link\" data-rl_caption=\"Rehabilitaci\u00f3n de la Casa Izquierdo \/ Jos\u00e9 Ram\u00f3n Rodr\u00edguez Fern\u00e1ndez\" data-rel=\"lightbox-gallery-1\"><img loading=\"lazy\" decoding=\"async\" width=\"150\" height=\"150\" src=\"https:\/\/www.arquimaster.com.ar\/web\/wp-content\/uploads\/2014\/04\/rehabilitacion_herreros3b-150x150.jpg\" class=\"attachment-thumbnail size-thumbnail\" alt=\"\" aria-describedby=\"gallery-1-5357\" srcset=\"https:\/\/www.arquimaster.com.ar\/web\/wp-content\/uploads\/2014\/04\/rehabilitacion_herreros3b-150x150.jpg 150w, https:\/\/www.arquimaster.com.ar\/web\/wp-content\/uploads\/2014\/04\/rehabilitacion_herreros3b-50x50.jpg 50w, https:\/\/www.arquimaster.com.ar\/web\/wp-content\/uploads\/2014\/04\/rehabilitacion_herreros3b-125x125.jpg 125w\" sizes=\"auto, (max-width: 150px) 100vw, 150px\" \/><\/a>\n\t\t\t<\/div>\n\t\t\t\t<figcaption class='wp-caption-text gallery-caption' id='gallery-1-5357'>\n\t\t\t\tRehabilitaci\u00f3n de la Casa Izquierdo \/ Jos\u00e9 Ram\u00f3n Rodr\u00edguez Fern\u00e1ndez\n\t\t\t\t<\/figcaption><\/figure><figure class='gallery-item'>\n\t\t\t<div class='gallery-icon landscape'>\n\t\t\t\t<a href='https:\/\/www.arquimaster.com.ar\/web\/wp-content\/uploads\/2014\/04\/rehabilitacion_herreros4b.jpg' title=\"Rehabilitaci\u00f3n de la Casa Izquierdo \/ Jos\u00e9 Ram\u00f3n Rodr\u00edguez Fern\u00e1ndez\" data-rl_title=\"Rehabilitaci\u00f3n de la Casa Izquierdo \/ Jos\u00e9 Ram\u00f3n Rodr\u00edguez Fern\u00e1ndez\" class=\"rl-gallery-link\" data-rl_caption=\"Rehabilitaci\u00f3n de la Casa Izquierdo \/ Jos\u00e9 Ram\u00f3n Rodr\u00edguez Fern\u00e1ndez\" data-rel=\"lightbox-gallery-1\"><img loading=\"lazy\" decoding=\"async\" width=\"150\" height=\"150\" src=\"https:\/\/www.arquimaster.com.ar\/web\/wp-content\/uploads\/2014\/04\/rehabilitacion_herreros4b-150x150.jpg\" class=\"attachment-thumbnail size-thumbnail\" alt=\"\" aria-describedby=\"gallery-1-5358\" srcset=\"https:\/\/www.arquimaster.com.ar\/web\/wp-content\/uploads\/2014\/04\/rehabilitacion_herreros4b-150x150.jpg 150w, https:\/\/www.arquimaster.com.ar\/web\/wp-content\/uploads\/2014\/04\/rehabilitacion_herreros4b-50x50.jpg 50w, https:\/\/www.arquimaster.com.ar\/web\/wp-content\/uploads\/2014\/04\/rehabilitacion_herreros4b-125x125.jpg 125w\" sizes=\"auto, (max-width: 150px) 100vw, 150px\" \/><\/a>\n\t\t\t<\/div>\n\t\t\t\t<figcaption class='wp-caption-text gallery-caption' id='gallery-1-5358'>\n\t\t\t\tRehabilitaci\u00f3n de la Casa Izquierdo \/ Jos\u00e9 Ram\u00f3n Rodr\u00edguez Fern\u00e1ndez\n\t\t\t\t<\/figcaption><\/figure><figure class='gallery-item'>\n\t\t\t<div class='gallery-icon landscape'>\n\t\t\t\t<a href='https:\/\/www.arquimaster.com.ar\/web\/wp-content\/uploads\/2014\/04\/rehabilitacion_herreros5b.jpg' title=\"Rehabilitaci\u00f3n de la Casa Izquierdo \/ Jos\u00e9 Ram\u00f3n Rodr\u00edguez Fern\u00e1ndez\" data-rl_title=\"Rehabilitaci\u00f3n de la Casa Izquierdo \/ Jos\u00e9 Ram\u00f3n Rodr\u00edguez Fern\u00e1ndez\" class=\"rl-gallery-link\" data-rl_caption=\"Rehabilitaci\u00f3n de la Casa Izquierdo \/ Jos\u00e9 Ram\u00f3n Rodr\u00edguez Fern\u00e1ndez\" data-rel=\"lightbox-gallery-1\"><img loading=\"lazy\" decoding=\"async\" width=\"150\" height=\"150\" src=\"https:\/\/www.arquimaster.com.ar\/web\/wp-content\/uploads\/2014\/04\/rehabilitacion_herreros5b-150x150.jpg\" class=\"attachment-thumbnail size-thumbnail\" alt=\"\" aria-describedby=\"gallery-1-5359\" srcset=\"https:\/\/www.arquimaster.com.ar\/web\/wp-content\/uploads\/2014\/04\/rehabilitacion_herreros5b-150x150.jpg 150w, https:\/\/www.arquimaster.com.ar\/web\/wp-content\/uploads\/2014\/04\/rehabilitacion_herreros5b-50x50.jpg 50w, https:\/\/www.arquimaster.com.ar\/web\/wp-content\/uploads\/2014\/04\/rehabilitacion_herreros5b-125x125.jpg 125w\" sizes=\"auto, (max-width: 150px) 100vw, 150px\" \/><\/a>\n\t\t\t<\/div>\n\t\t\t\t<figcaption class='wp-caption-text gallery-caption' id='gallery-1-5359'>\n\t\t\t\tRehabilitaci\u00f3n de la Casa Izquierdo \/ Jos\u00e9 Ram\u00f3n Rodr\u00edguez Fern\u00e1ndez\n\t\t\t\t<\/figcaption><\/figure><figure class='gallery-item'>\n\t\t\t<div class='gallery-icon portrait'>\n\t\t\t\t<a href='https:\/\/www.arquimaster.com.ar\/web\/wp-content\/uploads\/2014\/04\/rehabilitacion_herreros6b.jpg' title=\"Rehabilitaci\u00f3n de la Casa Izquierdo \/ Jos\u00e9 Ram\u00f3n Rodr\u00edguez Fern\u00e1ndez\" data-rl_title=\"Rehabilitaci\u00f3n de la Casa Izquierdo \/ Jos\u00e9 Ram\u00f3n Rodr\u00edguez Fern\u00e1ndez\" class=\"rl-gallery-link\" data-rl_caption=\"Rehabilitaci\u00f3n de la Casa Izquierdo \/ Jos\u00e9 Ram\u00f3n Rodr\u00edguez Fern\u00e1ndez\" data-rel=\"lightbox-gallery-1\"><img loading=\"lazy\" decoding=\"async\" width=\"150\" height=\"150\" src=\"https:\/\/www.arquimaster.com.ar\/web\/wp-content\/uploads\/2014\/04\/rehabilitacion_herreros6b-150x150.jpg\" class=\"attachment-thumbnail size-thumbnail\" alt=\"\" aria-describedby=\"gallery-1-5360\" srcset=\"https:\/\/www.arquimaster.com.ar\/web\/wp-content\/uploads\/2014\/04\/rehabilitacion_herreros6b-150x150.jpg 150w, https:\/\/www.arquimaster.com.ar\/web\/wp-content\/uploads\/2014\/04\/rehabilitacion_herreros6b-50x50.jpg 50w, https:\/\/www.arquimaster.com.ar\/web\/wp-content\/uploads\/2014\/04\/rehabilitacion_herreros6b-125x125.jpg 125w\" sizes=\"auto, (max-width: 150px) 100vw, 150px\" \/><\/a>\n\t\t\t<\/div>\n\t\t\t\t<figcaption class='wp-caption-text gallery-caption' id='gallery-1-5360'>\n\t\t\t\tRehabilitaci\u00f3n de la Casa Izquierdo \/ Jos\u00e9 Ram\u00f3n Rodr\u00edguez Fern\u00e1ndez\n\t\t\t\t<\/figcaption><\/figure><figure class='gallery-item'>\n\t\t\t<div class='gallery-icon landscape'>\n\t\t\t\t<a href='https:\/\/www.arquimaster.com.ar\/web\/wp-content\/uploads\/2014\/04\/rehabilitacion_herreros7b.jpg' title=\"Rehabilitaci\u00f3n de la Casa Izquierdo \/ Jos\u00e9 Ram\u00f3n Rodr\u00edguez Fern\u00e1ndez\" data-rl_title=\"Rehabilitaci\u00f3n de la Casa Izquierdo \/ Jos\u00e9 Ram\u00f3n Rodr\u00edguez Fern\u00e1ndez\" class=\"rl-gallery-link\" data-rl_caption=\"Rehabilitaci\u00f3n de la Casa Izquierdo \/ Jos\u00e9 Ram\u00f3n Rodr\u00edguez Fern\u00e1ndez\" data-rel=\"lightbox-gallery-1\"><img loading=\"lazy\" decoding=\"async\" width=\"150\" height=\"150\" src=\"https:\/\/www.arquimaster.com.ar\/web\/wp-content\/uploads\/2014\/04\/rehabilitacion_herreros7b-150x150.jpg\" class=\"attachment-thumbnail size-thumbnail\" alt=\"\" aria-describedby=\"gallery-1-5361\" srcset=\"https:\/\/www.arquimaster.com.ar\/web\/wp-content\/uploads\/2014\/04\/rehabilitacion_herreros7b-150x150.jpg 150w, https:\/\/www.arquimaster.com.ar\/web\/wp-content\/uploads\/2014\/04\/rehabilitacion_herreros7b-50x50.jpg 50w, https:\/\/www.arquimaster.com.ar\/web\/wp-content\/uploads\/2014\/04\/rehabilitacion_herreros7b-125x125.jpg 125w\" sizes=\"auto, (max-width: 150px) 100vw, 150px\" \/><\/a>\n\t\t\t<\/div>\n\t\t\t\t<figcaption class='wp-caption-text gallery-caption' id='gallery-1-5361'>\n\t\t\t\tRehabilitaci\u00f3n de la Casa Izquierdo \/ Jos\u00e9 Ram\u00f3n Rodr\u00edguez Fern\u00e1ndez\n\t\t\t\t<\/figcaption><\/figure><figure class='gallery-item'>\n\t\t\t<div class='gallery-icon landscape'>\n\t\t\t\t<a href='https:\/\/www.arquimaster.com.ar\/web\/wp-content\/uploads\/2014\/04\/rehabilitacion_herreros8b.jpg' title=\"Rehabilitaci\u00f3n de la Casa Izquierdo \/ Jos\u00e9 Ram\u00f3n Rodr\u00edguez Fern\u00e1ndez (estado original)\" data-rl_title=\"Rehabilitaci\u00f3n de la Casa Izquierdo \/ Jos\u00e9 Ram\u00f3n Rodr\u00edguez Fern\u00e1ndez (estado original)\" class=\"rl-gallery-link\" data-rl_caption=\"Rehabilitaci\u00f3n de la Casa Izquierdo \/ Jos\u00e9 Ram\u00f3n Rodr\u00edguez Fern\u00e1ndez (estado original)\" data-rel=\"lightbox-gallery-1\"><img loading=\"lazy\" decoding=\"async\" width=\"150\" height=\"150\" src=\"https:\/\/www.arquimaster.com.ar\/web\/wp-content\/uploads\/2014\/04\/rehabilitacion_herreros8b-150x150.jpg\" class=\"attachment-thumbnail size-thumbnail\" alt=\"\" aria-describedby=\"gallery-1-5362\" srcset=\"https:\/\/www.arquimaster.com.ar\/web\/wp-content\/uploads\/2014\/04\/rehabilitacion_herreros8b-150x150.jpg 150w, https:\/\/www.arquimaster.com.ar\/web\/wp-content\/uploads\/2014\/04\/rehabilitacion_herreros8b-50x50.jpg 50w, https:\/\/www.arquimaster.com.ar\/web\/wp-content\/uploads\/2014\/04\/rehabilitacion_herreros8b-125x125.jpg 125w\" sizes=\"auto, (max-width: 150px) 100vw, 150px\" \/><\/a>\n\t\t\t<\/div>\n\t\t\t\t<figcaption class='wp-caption-text gallery-caption' id='gallery-1-5362'>\n\t\t\t\tRehabilitaci\u00f3n de la Casa Izquierdo \/ Jos\u00e9 Ram\u00f3n Rodr\u00edguez Fern\u00e1ndez (estado original)\n\t\t\t\t<\/figcaption><\/figure><figure class='gallery-item'>\n\t\t\t<div class='gallery-icon portrait'>\n\t\t\t\t<a href='https:\/\/www.arquimaster.com.ar\/web\/wp-content\/uploads\/2014\/04\/rehabilitacion_herreros9b.jpg' title=\"Rehabilitaci\u00f3n de la Casa Izquierdo \/ Jos\u00e9 Ram\u00f3n Rodr\u00edguez Fern\u00e1ndez (estado original)\" data-rl_title=\"Rehabilitaci\u00f3n de la Casa Izquierdo \/ Jos\u00e9 Ram\u00f3n Rodr\u00edguez Fern\u00e1ndez (estado original)\" class=\"rl-gallery-link\" data-rl_caption=\"Rehabilitaci\u00f3n de la Casa Izquierdo \/ Jos\u00e9 Ram\u00f3n Rodr\u00edguez Fern\u00e1ndez (estado original)\" data-rel=\"lightbox-gallery-1\"><img loading=\"lazy\" decoding=\"async\" width=\"150\" height=\"150\" src=\"https:\/\/www.arquimaster.com.ar\/web\/wp-content\/uploads\/2014\/04\/rehabilitacion_herreros9b-150x150.jpg\" class=\"attachment-thumbnail size-thumbnail\" alt=\"\" aria-describedby=\"gallery-1-5363\" srcset=\"https:\/\/www.arquimaster.com.ar\/web\/wp-content\/uploads\/2014\/04\/rehabilitacion_herreros9b-150x150.jpg 150w, https:\/\/www.arquimaster.com.ar\/web\/wp-content\/uploads\/2014\/04\/rehabilitacion_herreros9b-50x50.jpg 50w, https:\/\/www.arquimaster.com.ar\/web\/wp-content\/uploads\/2014\/04\/rehabilitacion_herreros9b-125x125.jpg 125w\" sizes=\"auto, (max-width: 150px) 100vw, 150px\" \/><\/a>\n\t\t\t<\/div>\n\t\t\t\t<figcaption class='wp-caption-text gallery-caption' id='gallery-1-5363'>\n\t\t\t\tRehabilitaci\u00f3n de la Casa Izquierdo \/ Jos\u00e9 Ram\u00f3n Rodr\u00edguez Fern\u00e1ndez (estado original)\n\t\t\t\t<\/figcaption><\/figure><figure class='gallery-item'>\n\t\t\t<div class='gallery-icon landscape'>\n\t\t\t\t<a href='https:\/\/www.arquimaster.com.ar\/web\/wp-content\/uploads\/2014\/04\/rehabilitacion_herreros10b.jpg' title=\"Rehabilitaci\u00f3n de la Casa Izquierdo \/ Jos\u00e9 Ram\u00f3n Rodr\u00edguez Fern\u00e1ndez (estado original)\" data-rl_title=\"Rehabilitaci\u00f3n de la Casa Izquierdo \/ Jos\u00e9 Ram\u00f3n Rodr\u00edguez Fern\u00e1ndez (estado original)\" class=\"rl-gallery-link\" data-rl_caption=\"Rehabilitaci\u00f3n de la Casa Izquierdo \/ Jos\u00e9 Ram\u00f3n Rodr\u00edguez Fern\u00e1ndez (estado original)\" data-rel=\"lightbox-gallery-1\"><img loading=\"lazy\" decoding=\"async\" width=\"150\" height=\"150\" src=\"https:\/\/www.arquimaster.com.ar\/web\/wp-content\/uploads\/2014\/04\/rehabilitacion_herreros10b-150x150.jpg\" class=\"attachment-thumbnail size-thumbnail\" alt=\"\" aria-describedby=\"gallery-1-5364\" srcset=\"https:\/\/www.arquimaster.com.ar\/web\/wp-content\/uploads\/2014\/04\/rehabilitacion_herreros10b-150x150.jpg 150w, https:\/\/www.arquimaster.com.ar\/web\/wp-content\/uploads\/2014\/04\/rehabilitacion_herreros10b-50x50.jpg 50w, https:\/\/www.arquimaster.com.ar\/web\/wp-content\/uploads\/2014\/04\/rehabilitacion_herreros10b-125x125.jpg 125w\" sizes=\"auto, (max-width: 150px) 100vw, 150px\" \/><\/a>\n\t\t\t<\/div>\n\t\t\t\t<figcaption class='wp-caption-text gallery-caption' id='gallery-1-5364'>\n\t\t\t\tRehabilitaci\u00f3n de la Casa Izquierdo \/ Jos\u00e9 Ram\u00f3n Rodr\u00edguez Fern\u00e1ndez (estado original)\n\t\t\t\t<\/figcaption><\/figure><figure class='gallery-item'>\n\t\t\t<div class='gallery-icon landscape'>\n\t\t\t\t<a href='https:\/\/www.arquimaster.com.ar\/web\/wp-content\/uploads\/2014\/04\/rehabilitacion_herreros11b.jpg' title=\"Rehabilitaci\u00f3n de la Casa Izquierdo \/ Jos\u00e9 Ram\u00f3n Rodr\u00edguez Fern\u00e1ndez (estado original)\" data-rl_title=\"Rehabilitaci\u00f3n de la Casa Izquierdo \/ Jos\u00e9 Ram\u00f3n Rodr\u00edguez Fern\u00e1ndez (estado original)\" class=\"rl-gallery-link\" data-rl_caption=\"Rehabilitaci\u00f3n de la Casa Izquierdo \/ Jos\u00e9 Ram\u00f3n Rodr\u00edguez Fern\u00e1ndez (estado original)\" data-rel=\"lightbox-gallery-1\"><img loading=\"lazy\" decoding=\"async\" width=\"150\" height=\"150\" src=\"https:\/\/www.arquimaster.com.ar\/web\/wp-content\/uploads\/2014\/04\/rehabilitacion_herreros11b-150x150.jpg\" class=\"attachment-thumbnail size-thumbnail\" alt=\"\" aria-describedby=\"gallery-1-5365\" srcset=\"https:\/\/www.arquimaster.com.ar\/web\/wp-content\/uploads\/2014\/04\/rehabilitacion_herreros11b-150x150.jpg 150w, https:\/\/www.arquimaster.com.ar\/web\/wp-content\/uploads\/2014\/04\/rehabilitacion_herreros11b-50x50.jpg 50w, https:\/\/www.arquimaster.com.ar\/web\/wp-content\/uploads\/2014\/04\/rehabilitacion_herreros11b-125x125.jpg 125w\" sizes=\"auto, (max-width: 150px) 100vw, 150px\" \/><\/a>\n\t\t\t<\/div>\n\t\t\t\t<figcaption class='wp-caption-text gallery-caption' id='gallery-1-5365'>\n\t\t\t\tRehabilitaci\u00f3n de la Casa Izquierdo \/ Jos\u00e9 Ram\u00f3n Rodr\u00edguez Fern\u00e1ndez (estado original)\n\t\t\t\t<\/figcaption><\/figure><figure class='gallery-item'>\n\t\t\t<div class='gallery-icon landscape'>\n\t\t\t\t<a href='https:\/\/www.arquimaster.com.ar\/web\/wp-content\/uploads\/2014\/04\/rehabilitacion_herreros12b.jpg' title=\"Rehabilitaci\u00f3n de la Casa Izquierdo \/ Jos\u00e9 Ram\u00f3n Rodr\u00edguez Fern\u00e1ndez (estado original)\" data-rl_title=\"Rehabilitaci\u00f3n de la Casa Izquierdo \/ Jos\u00e9 Ram\u00f3n Rodr\u00edguez Fern\u00e1ndez (estado original)\" class=\"rl-gallery-link\" data-rl_caption=\"Rehabilitaci\u00f3n de la Casa Izquierdo \/ Jos\u00e9 Ram\u00f3n Rodr\u00edguez Fern\u00e1ndez (estado original)\" data-rel=\"lightbox-gallery-1\"><img loading=\"lazy\" decoding=\"async\" width=\"150\" height=\"150\" src=\"https:\/\/www.arquimaster.com.ar\/web\/wp-content\/uploads\/2014\/04\/rehabilitacion_herreros12b-150x150.jpg\" class=\"attachment-thumbnail size-thumbnail\" alt=\"\" aria-describedby=\"gallery-1-5366\" srcset=\"https:\/\/www.arquimaster.com.ar\/web\/wp-content\/uploads\/2014\/04\/rehabilitacion_herreros12b-150x150.jpg 150w, https:\/\/www.arquimaster.com.ar\/web\/wp-content\/uploads\/2014\/04\/rehabilitacion_herreros12b-50x50.jpg 50w, https:\/\/www.arquimaster.com.ar\/web\/wp-content\/uploads\/2014\/04\/rehabilitacion_herreros12b-125x125.jpg 125w\" sizes=\"auto, (max-width: 150px) 100vw, 150px\" \/><\/a>\n\t\t\t<\/div>\n\t\t\t\t<figcaption class='wp-caption-text gallery-caption' id='gallery-1-5366'>\n\t\t\t\tRehabilitaci\u00f3n de la Casa Izquierdo \/ Jos\u00e9 Ram\u00f3n Rodr\u00edguez Fern\u00e1ndez (estado original)\n\t\t\t\t<\/figcaption><\/figure><figure class='gallery-item'>\n\t\t\t<div class='gallery-icon landscape'>\n\t\t\t\t<a href='https:\/\/www.arquimaster.com.ar\/web\/wp-content\/uploads\/2014\/04\/rehabilitacion_herreros_cao.jpg' title=\"Rehabilitaci\u00f3n de la Casa Izquierdo \/ Jos\u00e9 Ram\u00f3n Rodr\u00edguez Fern\u00e1ndez (estado original)\" data-rl_title=\"Rehabilitaci\u00f3n de la Casa Izquierdo \/ Jos\u00e9 Ram\u00f3n Rodr\u00edguez Fern\u00e1ndez (estado original)\" class=\"rl-gallery-link\" data-rl_caption=\"Rehabilitaci\u00f3n de la Casa Izquierdo \/ Jos\u00e9 Ram\u00f3n Rodr\u00edguez Fern\u00e1ndez (estado original)\" data-rel=\"lightbox-gallery-1\"><img loading=\"lazy\" decoding=\"async\" width=\"150\" height=\"150\" src=\"https:\/\/www.arquimaster.com.ar\/web\/wp-content\/uploads\/2014\/04\/rehabilitacion_herreros_cao-150x150.jpg\" class=\"attachment-thumbnail size-thumbnail\" alt=\"\" aria-describedby=\"gallery-1-5367\" srcset=\"https:\/\/www.arquimaster.com.ar\/web\/wp-content\/uploads\/2014\/04\/rehabilitacion_herreros_cao-150x150.jpg 150w, https:\/\/www.arquimaster.com.ar\/web\/wp-content\/uploads\/2014\/04\/rehabilitacion_herreros_cao-50x50.jpg 50w, https:\/\/www.arquimaster.com.ar\/web\/wp-content\/uploads\/2014\/04\/rehabilitacion_herreros_cao-125x125.jpg 125w\" sizes=\"auto, (max-width: 150px) 100vw, 150px\" \/><\/a>\n\t\t\t<\/div>\n\t\t\t\t<figcaption class='wp-caption-text gallery-caption' id='gallery-1-5367'>\n\t\t\t\tRehabilitaci\u00f3n de la Casa Izquierdo \/ Jos\u00e9 Ram\u00f3n Rodr\u00edguez Fern\u00e1ndez (estado original)\n\t\t\t\t<\/figcaption><\/figure><figure class='gallery-item'>\n\t\t\t<div class='gallery-icon landscape'>\n\t\t\t\t<a href='https:\/\/www.arquimaster.com.ar\/web\/wp-content\/uploads\/2014\/04\/rehabilitacion_herreros_car.jpg' title=\"Rehabilitaci\u00f3n de la Casa Izquierdo \/ Jos\u00e9 Ram\u00f3n Rodr\u00edguez Fern\u00e1ndez (corte)\" data-rl_title=\"Rehabilitaci\u00f3n de la Casa Izquierdo \/ Jos\u00e9 Ram\u00f3n Rodr\u00edguez Fern\u00e1ndez (corte)\" class=\"rl-gallery-link\" data-rl_caption=\"Rehabilitaci\u00f3n de la Casa Izquierdo \/ Jos\u00e9 Ram\u00f3n Rodr\u00edguez Fern\u00e1ndez (corte)\" data-rel=\"lightbox-gallery-1\"><img loading=\"lazy\" decoding=\"async\" width=\"150\" height=\"150\" src=\"https:\/\/www.arquimaster.com.ar\/web\/wp-content\/uploads\/2014\/04\/rehabilitacion_herreros_car-150x150.jpg\" class=\"attachment-thumbnail size-thumbnail\" alt=\"\" aria-describedby=\"gallery-1-5368\" srcset=\"https:\/\/www.arquimaster.com.ar\/web\/wp-content\/uploads\/2014\/04\/rehabilitacion_herreros_car-150x150.jpg 150w, https:\/\/www.arquimaster.com.ar\/web\/wp-content\/uploads\/2014\/04\/rehabilitacion_herreros_car-50x50.jpg 50w, https:\/\/www.arquimaster.com.ar\/web\/wp-content\/uploads\/2014\/04\/rehabilitacion_herreros_car-125x125.jpg 125w\" sizes=\"auto, (max-width: 150px) 100vw, 150px\" \/><\/a>\n\t\t\t<\/div>\n\t\t\t\t<figcaption class='wp-caption-text gallery-caption' id='gallery-1-5368'>\n\t\t\t\tRehabilitaci\u00f3n de la Casa Izquierdo \/ Jos\u00e9 Ram\u00f3n Rodr\u00edguez Fern\u00e1ndez (corte)\n\t\t\t\t<\/figcaption><\/figure><figure class='gallery-item'>\n\t\t\t<div class='gallery-icon landscape'>\n\t\t\t\t<a href='https:\/\/www.arquimaster.com.ar\/web\/wp-content\/uploads\/2014\/04\/rehabilitacion_herreros_cro.jpg' title=\"Rehabilitaci\u00f3n de la Casa Izquierdo \/ Jos\u00e9 Ram\u00f3n Rodr\u00edguez Fern\u00e1ndez (estado original)\" data-rl_title=\"Rehabilitaci\u00f3n de la Casa Izquierdo \/ Jos\u00e9 Ram\u00f3n Rodr\u00edguez Fern\u00e1ndez (estado original)\" class=\"rl-gallery-link\" data-rl_caption=\"Rehabilitaci\u00f3n de la Casa Izquierdo \/ Jos\u00e9 Ram\u00f3n Rodr\u00edguez Fern\u00e1ndez (estado original)\" data-rel=\"lightbox-gallery-1\"><img loading=\"lazy\" decoding=\"async\" width=\"150\" height=\"150\" src=\"https:\/\/www.arquimaster.com.ar\/web\/wp-content\/uploads\/2014\/04\/rehabilitacion_herreros_cro-150x150.jpg\" class=\"attachment-thumbnail size-thumbnail\" alt=\"\" aria-describedby=\"gallery-1-5372\" srcset=\"https:\/\/www.arquimaster.com.ar\/web\/wp-content\/uploads\/2014\/04\/rehabilitacion_herreros_cro-150x150.jpg 150w, https:\/\/www.arquimaster.com.ar\/web\/wp-content\/uploads\/2014\/04\/rehabilitacion_herreros_cro-50x50.jpg 50w, https:\/\/www.arquimaster.com.ar\/web\/wp-content\/uploads\/2014\/04\/rehabilitacion_herreros_cro-125x125.jpg 125w\" sizes=\"auto, (max-width: 150px) 100vw, 150px\" \/><\/a>\n\t\t\t<\/div>\n\t\t\t\t<figcaption class='wp-caption-text gallery-caption' id='gallery-1-5372'>\n\t\t\t\tRehabilitaci\u00f3n de la Casa Izquierdo \/ Jos\u00e9 Ram\u00f3n Rodr\u00edguez Fern\u00e1ndez (estado original)\n\t\t\t\t<\/figcaption><\/figure><figure class='gallery-item'>\n\t\t\t<div class='gallery-icon landscape'>\n\t\t\t\t<a href='https:\/\/www.arquimaster.com.ar\/web\/wp-content\/uploads\/2014\/04\/rehabilitacion_herreros_cbr.jpg' title=\"Rehabilitaci\u00f3n de la Casa Izquierdo \/ Jos\u00e9 Ram\u00f3n Rodr\u00edguez Fern\u00e1ndez (corte)\" data-rl_title=\"Rehabilitaci\u00f3n de la Casa Izquierdo \/ Jos\u00e9 Ram\u00f3n Rodr\u00edguez Fern\u00e1ndez (corte)\" class=\"rl-gallery-link\" data-rl_caption=\"Rehabilitaci\u00f3n de la Casa Izquierdo \/ Jos\u00e9 Ram\u00f3n Rodr\u00edguez Fern\u00e1ndez (corte)\" data-rel=\"lightbox-gallery-1\"><img loading=\"lazy\" decoding=\"async\" width=\"150\" height=\"150\" src=\"https:\/\/www.arquimaster.com.ar\/web\/wp-content\/uploads\/2014\/04\/rehabilitacion_herreros_cbr-150x150.jpg\" class=\"attachment-thumbnail size-thumbnail\" alt=\"\" aria-describedby=\"gallery-1-5369\" srcset=\"https:\/\/www.arquimaster.com.ar\/web\/wp-content\/uploads\/2014\/04\/rehabilitacion_herreros_cbr-150x150.jpg 150w, https:\/\/www.arquimaster.com.ar\/web\/wp-content\/uploads\/2014\/04\/rehabilitacion_herreros_cbr-50x50.jpg 50w, https:\/\/www.arquimaster.com.ar\/web\/wp-content\/uploads\/2014\/04\/rehabilitacion_herreros_cbr-125x125.jpg 125w\" sizes=\"auto, (max-width: 150px) 100vw, 150px\" \/><\/a>\n\t\t\t<\/div>\n\t\t\t\t<figcaption class='wp-caption-text gallery-caption' id='gallery-1-5369'>\n\t\t\t\tRehabilitaci\u00f3n de la Casa Izquierdo \/ Jos\u00e9 Ram\u00f3n Rodr\u00edguez Fern\u00e1ndez (corte)\n\t\t\t\t<\/figcaption><\/figure><figure class='gallery-item'>\n\t\t\t<div class='gallery-icon landscape'>\n\t\t\t\t<a href='https:\/\/www.arquimaster.com.ar\/web\/wp-content\/uploads\/2014\/04\/rehabilitacion_herreros_cco.jpg' title=\"Rehabilitaci\u00f3n de la Casa Izquierdo \/ Jos\u00e9 Ram\u00f3n Rodr\u00edguez Fern\u00e1ndez (estado original)\" data-rl_title=\"Rehabilitaci\u00f3n de la Casa Izquierdo \/ Jos\u00e9 Ram\u00f3n Rodr\u00edguez Fern\u00e1ndez (estado original)\" class=\"rl-gallery-link\" data-rl_caption=\"Rehabilitaci\u00f3n de la Casa Izquierdo \/ Jos\u00e9 Ram\u00f3n Rodr\u00edguez Fern\u00e1ndez (estado original)\" data-rel=\"lightbox-gallery-1\"><img loading=\"lazy\" decoding=\"async\" width=\"150\" height=\"150\" src=\"https:\/\/www.arquimaster.com.ar\/web\/wp-content\/uploads\/2014\/04\/rehabilitacion_herreros_cco-150x150.jpg\" class=\"attachment-thumbnail size-thumbnail\" alt=\"\" aria-describedby=\"gallery-1-5370\" srcset=\"https:\/\/www.arquimaster.com.ar\/web\/wp-content\/uploads\/2014\/04\/rehabilitacion_herreros_cco-150x150.jpg 150w, https:\/\/www.arquimaster.com.ar\/web\/wp-content\/uploads\/2014\/04\/rehabilitacion_herreros_cco-50x50.jpg 50w, https:\/\/www.arquimaster.com.ar\/web\/wp-content\/uploads\/2014\/04\/rehabilitacion_herreros_cco-125x125.jpg 125w\" sizes=\"auto, (max-width: 150px) 100vw, 150px\" \/><\/a>\n\t\t\t<\/div>\n\t\t\t\t<figcaption class='wp-caption-text gallery-caption' id='gallery-1-5370'>\n\t\t\t\tRehabilitaci\u00f3n de la Casa Izquierdo \/ Jos\u00e9 Ram\u00f3n Rodr\u00edguez Fern\u00e1ndez (estado original)\n\t\t\t\t<\/figcaption><\/figure><figure class='gallery-item'>\n\t\t\t<div class='gallery-icon landscape'>\n\t\t\t\t<a href='https:\/\/www.arquimaster.com.ar\/web\/wp-content\/uploads\/2014\/04\/rehabilitacion_herreros_ccr.jpg' title=\"Rehabilitaci\u00f3n de la Casa Izquierdo \/ Jos\u00e9 Ram\u00f3n Rodr\u00edguez Fern\u00e1ndez (corte)\" data-rl_title=\"Rehabilitaci\u00f3n de la Casa Izquierdo \/ Jos\u00e9 Ram\u00f3n Rodr\u00edguez Fern\u00e1ndez (corte)\" class=\"rl-gallery-link\" data-rl_caption=\"Rehabilitaci\u00f3n de la Casa Izquierdo \/ Jos\u00e9 Ram\u00f3n Rodr\u00edguez Fern\u00e1ndez (corte)\" data-rel=\"lightbox-gallery-1\"><img loading=\"lazy\" decoding=\"async\" width=\"150\" height=\"150\" src=\"https:\/\/www.arquimaster.com.ar\/web\/wp-content\/uploads\/2014\/04\/rehabilitacion_herreros_ccr-150x150.jpg\" class=\"attachment-thumbnail size-thumbnail\" alt=\"\" aria-describedby=\"gallery-1-5371\" srcset=\"https:\/\/www.arquimaster.com.ar\/web\/wp-content\/uploads\/2014\/04\/rehabilitacion_herreros_ccr-150x150.jpg 150w, https:\/\/www.arquimaster.com.ar\/web\/wp-content\/uploads\/2014\/04\/rehabilitacion_herreros_ccr-50x50.jpg 50w, https:\/\/www.arquimaster.com.ar\/web\/wp-content\/uploads\/2014\/04\/rehabilitacion_herreros_ccr-125x125.jpg 125w\" sizes=\"auto, (max-width: 150px) 100vw, 150px\" \/><\/a>\n\t\t\t<\/div>\n\t\t\t\t<figcaption class='wp-caption-text gallery-caption' id='gallery-1-5371'>\n\t\t\t\tRehabilitaci\u00f3n de la Casa Izquierdo \/ Jos\u00e9 Ram\u00f3n Rodr\u00edguez Fern\u00e1ndez (corte)\n\t\t\t\t<\/figcaption><\/figure><figure class='gallery-item'>\n\t\t\t<div class='gallery-icon landscape'>\n\t\t\t\t<a href='https:\/\/www.arquimaster.com.ar\/web\/wp-content\/uploads\/2014\/04\/rehabilitacion_herreros_pbo.jpg' title=\"Rehabilitaci\u00f3n de la Casa Izquierdo \/ Jos\u00e9 Ram\u00f3n Rodr\u00edguez Fern\u00e1ndez (estado original)\" data-rl_title=\"Rehabilitaci\u00f3n de la Casa Izquierdo \/ Jos\u00e9 Ram\u00f3n Rodr\u00edguez Fern\u00e1ndez (estado original)\" class=\"rl-gallery-link\" data-rl_caption=\"Rehabilitaci\u00f3n de la Casa Izquierdo \/ Jos\u00e9 Ram\u00f3n Rodr\u00edguez Fern\u00e1ndez (estado original)\" data-rel=\"lightbox-gallery-1\"><img loading=\"lazy\" decoding=\"async\" width=\"150\" height=\"150\" src=\"https:\/\/www.arquimaster.com.ar\/web\/wp-content\/uploads\/2014\/04\/rehabilitacion_herreros_pbo-150x150.jpg\" class=\"attachment-thumbnail size-thumbnail\" alt=\"\" aria-describedby=\"gallery-1-5375\" srcset=\"https:\/\/www.arquimaster.com.ar\/web\/wp-content\/uploads\/2014\/04\/rehabilitacion_herreros_pbo-150x150.jpg 150w, https:\/\/www.arquimaster.com.ar\/web\/wp-content\/uploads\/2014\/04\/rehabilitacion_herreros_pbo-50x50.jpg 50w, https:\/\/www.arquimaster.com.ar\/web\/wp-content\/uploads\/2014\/04\/rehabilitacion_herreros_pbo-125x125.jpg 125w\" sizes=\"auto, (max-width: 150px) 100vw, 150px\" \/><\/a>\n\t\t\t<\/div>\n\t\t\t\t<figcaption class='wp-caption-text gallery-caption' id='gallery-1-5375'>\n\t\t\t\tRehabilitaci\u00f3n de la Casa Izquierdo \/ Jos\u00e9 Ram\u00f3n Rodr\u00edguez Fern\u00e1ndez (estado original)\n\t\t\t\t<\/figcaption><\/figure><figure class='gallery-item'>\n\t\t\t<div class='gallery-icon landscape'>\n\t\t\t\t<a href='https:\/\/www.arquimaster.com.ar\/web\/wp-content\/uploads\/2014\/04\/rehabilitacion_herreros_pbr.jpg' title=\"Rehabilitaci\u00f3n de la Casa Izquierdo \/ Jos\u00e9 Ram\u00f3n Rodr\u00edguez Fern\u00e1ndez (planta baja)\" data-rl_title=\"Rehabilitaci\u00f3n de la Casa Izquierdo \/ Jos\u00e9 Ram\u00f3n Rodr\u00edguez Fern\u00e1ndez (planta baja)\" class=\"rl-gallery-link\" data-rl_caption=\"Rehabilitaci\u00f3n de la Casa Izquierdo \/ Jos\u00e9 Ram\u00f3n Rodr\u00edguez Fern\u00e1ndez (planta baja)\" data-rel=\"lightbox-gallery-1\"><img loading=\"lazy\" decoding=\"async\" width=\"150\" height=\"150\" src=\"https:\/\/www.arquimaster.com.ar\/web\/wp-content\/uploads\/2014\/04\/rehabilitacion_herreros_pbr-150x150.jpg\" class=\"attachment-thumbnail size-thumbnail\" alt=\"\" aria-describedby=\"gallery-1-5376\" srcset=\"https:\/\/www.arquimaster.com.ar\/web\/wp-content\/uploads\/2014\/04\/rehabilitacion_herreros_pbr-150x150.jpg 150w, https:\/\/www.arquimaster.com.ar\/web\/wp-content\/uploads\/2014\/04\/rehabilitacion_herreros_pbr-50x50.jpg 50w, https:\/\/www.arquimaster.com.ar\/web\/wp-content\/uploads\/2014\/04\/rehabilitacion_herreros_pbr-125x125.jpg 125w\" sizes=\"auto, (max-width: 150px) 100vw, 150px\" \/><\/a>\n\t\t\t<\/div>\n\t\t\t\t<figcaption class='wp-caption-text gallery-caption' id='gallery-1-5376'>\n\t\t\t\tRehabilitaci\u00f3n de la Casa Izquierdo \/ Jos\u00e9 Ram\u00f3n Rodr\u00edguez Fern\u00e1ndez (planta baja)\n\t\t\t\t<\/figcaption><\/figure><figure class='gallery-item'>\n\t\t\t<div class='gallery-icon landscape'>\n\t\t\t\t<a href='https:\/\/www.arquimaster.com.ar\/web\/wp-content\/uploads\/2014\/04\/rehabilitacion_herreros_pao.jpg' title=\"Rehabilitaci\u00f3n de la Casa Izquierdo \/ Jos\u00e9 Ram\u00f3n Rodr\u00edguez Fern\u00e1ndez (estado original)\" data-rl_title=\"Rehabilitaci\u00f3n de la Casa Izquierdo \/ Jos\u00e9 Ram\u00f3n Rodr\u00edguez Fern\u00e1ndez (estado original)\" class=\"rl-gallery-link\" data-rl_caption=\"Rehabilitaci\u00f3n de la Casa Izquierdo \/ Jos\u00e9 Ram\u00f3n Rodr\u00edguez Fern\u00e1ndez (estado original)\" data-rel=\"lightbox-gallery-1\"><img loading=\"lazy\" decoding=\"async\" width=\"150\" height=\"150\" src=\"https:\/\/www.arquimaster.com.ar\/web\/wp-content\/uploads\/2014\/04\/rehabilitacion_herreros_pao-150x150.jpg\" class=\"attachment-thumbnail size-thumbnail\" alt=\"\" aria-describedby=\"gallery-1-5373\" srcset=\"https:\/\/www.arquimaster.com.ar\/web\/wp-content\/uploads\/2014\/04\/rehabilitacion_herreros_pao-150x150.jpg 150w, https:\/\/www.arquimaster.com.ar\/web\/wp-content\/uploads\/2014\/04\/rehabilitacion_herreros_pao-50x50.jpg 50w, https:\/\/www.arquimaster.com.ar\/web\/wp-content\/uploads\/2014\/04\/rehabilitacion_herreros_pao-125x125.jpg 125w\" sizes=\"auto, (max-width: 150px) 100vw, 150px\" \/><\/a>\n\t\t\t<\/div>\n\t\t\t\t<figcaption class='wp-caption-text gallery-caption' id='gallery-1-5373'>\n\t\t\t\tRehabilitaci\u00f3n de la Casa Izquierdo \/ Jos\u00e9 Ram\u00f3n Rodr\u00edguez Fern\u00e1ndez (estado original)\n\t\t\t\t<\/figcaption><\/figure><figure class='gallery-item'>\n\t\t\t<div class='gallery-icon landscape'>\n\t\t\t\t<a href='https:\/\/www.arquimaster.com.ar\/web\/wp-content\/uploads\/2014\/04\/rehabilitacion_herreros_par.jpg' title=\"Rehabilitaci\u00f3n de la Casa Izquierdo \/ Jos\u00e9 Ram\u00f3n Rodr\u00edguez Fern\u00e1ndez (planta alta)\" data-rl_title=\"Rehabilitaci\u00f3n de la Casa Izquierdo \/ Jos\u00e9 Ram\u00f3n Rodr\u00edguez Fern\u00e1ndez (planta alta)\" class=\"rl-gallery-link\" data-rl_caption=\"Rehabilitaci\u00f3n de la Casa Izquierdo \/ Jos\u00e9 Ram\u00f3n Rodr\u00edguez Fern\u00e1ndez (planta alta)\" data-rel=\"lightbox-gallery-1\"><img loading=\"lazy\" decoding=\"async\" width=\"150\" height=\"150\" src=\"https:\/\/www.arquimaster.com.ar\/web\/wp-content\/uploads\/2014\/04\/rehabilitacion_herreros_par-150x150.jpg\" class=\"attachment-thumbnail size-thumbnail\" alt=\"\" aria-describedby=\"gallery-1-5374\" srcset=\"https:\/\/www.arquimaster.com.ar\/web\/wp-content\/uploads\/2014\/04\/rehabilitacion_herreros_par-150x150.jpg 150w, https:\/\/www.arquimaster.com.ar\/web\/wp-content\/uploads\/2014\/04\/rehabilitacion_herreros_par-50x50.jpg 50w, https:\/\/www.arquimaster.com.ar\/web\/wp-content\/uploads\/2014\/04\/rehabilitacion_herreros_par-125x125.jpg 125w\" sizes=\"auto, (max-width: 150px) 100vw, 150px\" \/><\/a>\n\t\t\t<\/div>\n\t\t\t\t<figcaption class='wp-caption-text gallery-caption' id='gallery-1-5374'>\n\t\t\t\tRehabilitaci\u00f3n de la Casa Izquierdo \/ Jos\u00e9 Ram\u00f3n Rodr\u00edguez Fern\u00e1ndez (planta alta)\n\t\t\t\t<\/figcaption><\/figure><figure class='gallery-item'>\n\t\t\t<div class='gallery-icon landscape'>\n\t\t\t\t<a href='https:\/\/www.arquimaster.com.ar\/web\/wp-content\/uploads\/2014\/04\/rehabilitacion_herreros_pto.jpg' title=\"Rehabilitaci\u00f3n de la Casa Izquierdo \/ Jos\u00e9 Ram\u00f3n Rodr\u00edguez Fern\u00e1ndez (estado original)\" data-rl_title=\"Rehabilitaci\u00f3n de la Casa Izquierdo \/ Jos\u00e9 Ram\u00f3n Rodr\u00edguez Fern\u00e1ndez (estado original)\" class=\"rl-gallery-link\" data-rl_caption=\"Rehabilitaci\u00f3n de la Casa Izquierdo \/ Jos\u00e9 Ram\u00f3n Rodr\u00edguez Fern\u00e1ndez (estado original)\" data-rel=\"lightbox-gallery-1\"><img loading=\"lazy\" decoding=\"async\" width=\"150\" height=\"150\" src=\"https:\/\/www.arquimaster.com.ar\/web\/wp-content\/uploads\/2014\/04\/rehabilitacion_herreros_pto-150x150.jpg\" class=\"attachment-thumbnail size-thumbnail\" alt=\"\" aria-describedby=\"gallery-1-5377\" srcset=\"https:\/\/www.arquimaster.com.ar\/web\/wp-content\/uploads\/2014\/04\/rehabilitacion_herreros_pto-150x150.jpg 150w, https:\/\/www.arquimaster.com.ar\/web\/wp-content\/uploads\/2014\/04\/rehabilitacion_herreros_pto-50x50.jpg 50w, https:\/\/www.arquimaster.com.ar\/web\/wp-content\/uploads\/2014\/04\/rehabilitacion_herreros_pto-125x125.jpg 125w\" sizes=\"auto, (max-width: 150px) 100vw, 150px\" \/><\/a>\n\t\t\t<\/div>\n\t\t\t\t<figcaption class='wp-caption-text gallery-caption' id='gallery-1-5377'>\n\t\t\t\tRehabilitaci\u00f3n de la Casa Izquierdo \/ Jos\u00e9 Ram\u00f3n Rodr\u00edguez Fern\u00e1ndez (estado original)\n\t\t\t\t<\/figcaption><\/figure><figure class='gallery-item'>\n\t\t\t<div class='gallery-icon landscape'>\n\t\t\t\t<a href='https:\/\/www.arquimaster.com.ar\/web\/wp-content\/uploads\/2014\/04\/rehabilitacion_herreros_ptr.jpg' title=\"Rehabilitaci\u00f3n de la Casa Izquierdo \/ Jos\u00e9 Ram\u00f3n Rodr\u00edguez Fern\u00e1ndez (planta techos)\" data-rl_title=\"Rehabilitaci\u00f3n de la Casa Izquierdo \/ Jos\u00e9 Ram\u00f3n Rodr\u00edguez Fern\u00e1ndez (planta techos)\" class=\"rl-gallery-link\" data-rl_caption=\"Rehabilitaci\u00f3n de la Casa Izquierdo \/ Jos\u00e9 Ram\u00f3n Rodr\u00edguez Fern\u00e1ndez (planta techos)\" data-rel=\"lightbox-gallery-1\"><img loading=\"lazy\" decoding=\"async\" width=\"150\" height=\"150\" src=\"https:\/\/www.arquimaster.com.ar\/web\/wp-content\/uploads\/2014\/04\/rehabilitacion_herreros_ptr-150x150.jpg\" class=\"attachment-thumbnail size-thumbnail\" alt=\"\" aria-describedby=\"gallery-1-5378\" srcset=\"https:\/\/www.arquimaster.com.ar\/web\/wp-content\/uploads\/2014\/04\/rehabilitacion_herreros_ptr-150x150.jpg 150w, https:\/\/www.arquimaster.com.ar\/web\/wp-content\/uploads\/2014\/04\/rehabilitacion_herreros_ptr-50x50.jpg 50w, https:\/\/www.arquimaster.com.ar\/web\/wp-content\/uploads\/2014\/04\/rehabilitacion_herreros_ptr-125x125.jpg 125w\" sizes=\"auto, (max-width: 150px) 100vw, 150px\" \/><\/a>\n\t\t\t<\/div>\n\t\t\t\t<figcaption class='wp-caption-text gallery-caption' id='gallery-1-5378'>\n\t\t\t\tRehabilitaci\u00f3n de la Casa Izquierdo \/ Jos\u00e9 Ram\u00f3n Rodr\u00edguez Fern\u00e1ndez (planta techos)\n\t\t\t\t<\/figcaption><\/figure><figure class='gallery-item'>\n\t\t\t<div class='gallery-icon landscape'>\n\t\t\t\t<a href='https:\/\/www.arquimaster.com.ar\/web\/wp-content\/uploads\/2014\/04\/rehabilitacion_herreros_vo.jpg' title=\"Rehabilitaci\u00f3n de la Casa Izquierdo \/ Jos\u00e9 Ram\u00f3n Rodr\u00edguez Fern\u00e1ndez (estado original)\" data-rl_title=\"Rehabilitaci\u00f3n de la Casa Izquierdo \/ Jos\u00e9 Ram\u00f3n Rodr\u00edguez Fern\u00e1ndez (estado original)\" class=\"rl-gallery-link\" data-rl_caption=\"Rehabilitaci\u00f3n de la Casa Izquierdo \/ Jos\u00e9 Ram\u00f3n Rodr\u00edguez Fern\u00e1ndez (estado original)\" data-rel=\"lightbox-gallery-1\"><img loading=\"lazy\" decoding=\"async\" width=\"150\" height=\"150\" src=\"https:\/\/www.arquimaster.com.ar\/web\/wp-content\/uploads\/2014\/04\/rehabilitacion_herreros_vo-150x150.jpg\" class=\"attachment-thumbnail size-thumbnail\" alt=\"\" aria-describedby=\"gallery-1-5379\" srcset=\"https:\/\/www.arquimaster.com.ar\/web\/wp-content\/uploads\/2014\/04\/rehabilitacion_herreros_vo-150x150.jpg 150w, https:\/\/www.arquimaster.com.ar\/web\/wp-content\/uploads\/2014\/04\/rehabilitacion_herreros_vo-50x50.jpg 50w, https:\/\/www.arquimaster.com.ar\/web\/wp-content\/uploads\/2014\/04\/rehabilitacion_herreros_vo-125x125.jpg 125w\" sizes=\"auto, (max-width: 150px) 100vw, 150px\" \/><\/a>\n\t\t\t<\/div>\n\t\t\t\t<figcaption class='wp-caption-text gallery-caption' id='gallery-1-5379'>\n\t\t\t\tRehabilitaci\u00f3n de la Casa Izquierdo \/ Jos\u00e9 Ram\u00f3n Rodr\u00edguez Fern\u00e1ndez (estado original)\n\t\t\t\t<\/figcaption><\/figure><figure class='gallery-item'>\n\t\t\t<div class='gallery-icon landscape'>\n\t\t\t\t<a href='https:\/\/www.arquimaster.com.ar\/web\/wp-content\/uploads\/2014\/04\/rehabilitacion_herreros_vr.jpg' title=\"Rehabilitaci\u00f3n de la Casa Izquierdo \/ Jos\u00e9 Ram\u00f3n Rodr\u00edguez Fern\u00e1ndez (vista)\" data-rl_title=\"Rehabilitaci\u00f3n de la Casa Izquierdo \/ Jos\u00e9 Ram\u00f3n Rodr\u00edguez Fern\u00e1ndez (vista)\" class=\"rl-gallery-link\" data-rl_caption=\"Rehabilitaci\u00f3n de la Casa Izquierdo \/ Jos\u00e9 Ram\u00f3n Rodr\u00edguez Fern\u00e1ndez (vista)\" data-rel=\"lightbox-gallery-1\"><img loading=\"lazy\" decoding=\"async\" width=\"150\" height=\"150\" src=\"https:\/\/www.arquimaster.com.ar\/web\/wp-content\/uploads\/2014\/04\/rehabilitacion_herreros_vr-150x150.jpg\" class=\"attachment-thumbnail size-thumbnail\" alt=\"\" aria-describedby=\"gallery-1-5380\" srcset=\"https:\/\/www.arquimaster.com.ar\/web\/wp-content\/uploads\/2014\/04\/rehabilitacion_herreros_vr-150x150.jpg 150w, https:\/\/www.arquimaster.com.ar\/web\/wp-content\/uploads\/2014\/04\/rehabilitacion_herreros_vr-50x50.jpg 50w, https:\/\/www.arquimaster.com.ar\/web\/wp-content\/uploads\/2014\/04\/rehabilitacion_herreros_vr-125x125.jpg 125w\" sizes=\"auto, (max-width: 150px) 100vw, 150px\" \/><\/a>\n\t\t\t<\/div>\n\t\t\t\t<figcaption class='wp-caption-text gallery-caption' id='gallery-1-5380'>\n\t\t\t\tRehabilitaci\u00f3n de la Casa Izquierdo \/ Jos\u00e9 Ram\u00f3n Rodr\u00edguez Fern\u00e1ndez (vista)\n\t\t\t\t<\/figcaption><\/figure>\n\t\t<\/div>\n\n<p>Se trata de la <strong>rehabilitaci\u00f3n y ampliaci\u00f3n de una casona tradicional Canaria denominada Casa Izquierdo<\/strong>, que data de finales del siglo XVIII o primera mitad del XIX, con uso residencial en su momento y que actualmente tiene un <strong>uso comercial<\/strong>.<\/p>\n<p>A lo largo del tiempo se han realizado intervenciones con el fin de adaptarlo a las necesidades del uso comercial. El solar tiene una superficie de 1.044,70 m2.<\/p>\n<p>La casa se desarrolla como edificaci\u00f3n cerrada y est\u00e1 formada por varios cuerpos en una y dos alturas, alrededor de <strong>dos patios interiores <\/strong>con un frente a la calle Herradores de 30,18 metros.<\/p>\n<p>El sistema constructivo es el tradicional de la \u00e9poca, realizado con <strong>muros de carga de piedra y barro, pisos y techos de madera<\/strong>.<\/p>\n<p>La cubierta es inclinada en gran parte de la casa, terminada con teja cer\u00e1mica.<\/p>\n<p>Con el proyecto se realiza una intervenci\u00f3n integral del edificio cuyas actuaciones m\u00e1s importantes son las siguientes:<\/p>\n<p>Demolici\u00f3n de los cuerpos que invaden el patio central para dejarlo limpio.<\/p>\n<p>Construcci\u00f3n de una segunda planta en el ala Oeste para completar el patio, creando una <strong>fachada acristalada<\/strong>.<\/p>\n<p>Creaci\u00f3n de un cuerpo nuevo encima del segundo patio para cerrar completamente el gran patio central.<\/p>\n<p>Este cuerpo es di\u00e1fano y est\u00e1 comunicado visualmente mediante fachadas de vidrio con un tercer patio donde existe actualmente un drago y que pertenece al mismo propietario.<\/p>\n<p>El patio central, se cubre con una <strong>estructura met\u00e1lica acristalada<\/strong> a modo de <strong>gran lucernario<\/strong>, de este modo se protege de las inclemencias del tiempo y se puede dar uso a este espacio.<\/p>\n<p>En las zonas a rehabilitar se pretende que los <strong>espacios <\/strong>sean lo m\u00e1s <strong>di\u00e1fanos<\/strong> posibles, con el fin de favorecer el uso comercial, manteniendo las fachadas existentes y eliminando en lo posible la tabiquer\u00eda intermedia.<\/p>\n<p>Las cubiertas nuevas son planas para diferenciarlas de las inclinadas del edificio primitivo.<\/p>\n<p><strong>Ficha t\u00e9cnica<\/strong><br \/>\nNombre: Rehabilitaci\u00f3n de la Casa Izquierdo<br \/>\nArquitecto: Jos\u00e9 Ram\u00f3n Rodr\u00edguez Fern\u00e1ndez<br \/>\nArquitecto T\u00e9cnico: Juan Manuel Bord\u00f3n Sig\u00fa<br \/>\nUbicaci\u00f3n: Calle Herradores N\u00ba 46, San Crist\u00f3bal de La Laguna, Tenerife, Islas Canarias, Espa\u00f1a<br \/>\nProyecto y obra: 2004-2009<br \/>\nSuperficie construida: 1745 m2<br \/>\nFotograf\u00eda: Jos\u00e9 Ram\u00f3n Oller \/ Jos\u00e9 Ram\u00f3n Rodr\u00edguez Fern\u00e1ndez<\/p>\n<p><strong>Contacto: <\/strong><a href=\"http:\/\/www.rqr-arquitecto.com\" target=\"_blank\">http:\/\/www.rqr-arquitecto.com<\/a><\/p>\n\n<div style=\"font-size: 0px; height: 0px; line-height: 0px; margin: 0; padding: 0; clear: both;\"><\/div><div style=\"margin-top: 0px; margin-bottom: 0px;\" class=\"sharethis-inline-share-buttons\" ><\/div>","protected":false},"excerpt":{"rendered":"<p>Rehabilitaci\u00f3n y ampliaci\u00f3n de una casona tradicional canaria de finales del siglo XVIII&#8230;<\/p>\n","protected":false},"author":1,"featured_media":5354,"comment_status":"closed","ping_status":"closed","sticky":false,"template":"","format":"standard","meta":{"_uag_custom_page_level_css":"","footnotes":""},"categories":[1,82],"tags":[681,685,104,683,680,1492,684],"class_list":["post-5353","post","type-post","status-publish","format-standard","has-post-thumbnail","hentry","category-proyecto","category-rehabilitaciones","tag-ampliacion","tag-casco-historico","tag-espana","tag-jose-ramon-rodriguez-fernandez","tag-rehabilitacion","tag-san-cristobal-de-la-laguna","tag-tenerife","generate-columns","tablet-grid-50","mobile-grid-100","grid-parent","grid-50"],"yoast_head":"<!-- This site is optimized with the Yoast SEO plugin v27.3 - https:\/\/yoast.com\/product\/yoast-seo-wordpress\/ -->\n<title>Rehabilitaci\u00f3n de la Casa Izquierdo \/ Jos\u00e9 Ram\u00f3n Rodr\u00edguez Fern\u00e1ndez - Arquimaster<\/title>\n<meta name=\"robots\" content=\"index, follow, max-snippet:-1, max-image-preview:large, max-video-preview:-1\" \/>\n<link rel=\"canonical\" href=\"https:\/\/www.arquimaster.com.ar\/web\/rehabilitacion-de-la-casa-izquierdo-jose-ramon-rodriguez-fernandez\/\" \/>\n<meta property=\"og:locale\" content=\"es_ES\" \/>\n<meta property=\"og:type\" content=\"article\" \/>\n<meta property=\"og:title\" content=\"Rehabilitaci\u00f3n de la Casa Izquierdo \/ Jos\u00e9 Ram\u00f3n Rodr\u00edguez Fern\u00e1ndez - Arquimaster\" \/>\n<meta property=\"og:description\" content=\"Rehabilitaci\u00f3n y ampliaci\u00f3n de una casona tradicional canaria de finales del siglo XVIII...\" \/>\n<meta property=\"og:url\" content=\"https:\/\/www.arquimaster.com.ar\/web\/rehabilitacion-de-la-casa-izquierdo-jose-ramon-rodriguez-fernandez\/\" \/>\n<meta property=\"og:site_name\" content=\"Arquimaster\" \/>\n<meta property=\"article:publisher\" content=\"http:\/\/www.facebook.com\/ARQUIMASTER.com.ar\" \/>\n<meta property=\"article:published_time\" content=\"2013-05-02T23:35:05+00:00\" \/>\n<meta property=\"article:modified_time\" content=\"2014-04-10T23:57:14+00:00\" \/>\n<meta property=\"og:image\" content=\"https:\/\/www.arquimaster.com.ar\/web\/wp-content\/uploads\/2014\/04\/rehabilitacion_herreros_slide.jpg\" \/>\n\t<meta property=\"og:image:width\" content=\"642\" \/>\n\t<meta property=\"og:image:height\" content=\"336\" \/>\n\t<meta property=\"og:image:type\" content=\"image\/jpeg\" \/>\n<meta name=\"author\" content=\"Arquimaster\" \/>\n<meta name=\"twitter:card\" content=\"summary_large_image\" \/>\n<meta name=\"twitter:creator\" content=\"@arquimaster\" \/>\n<meta name=\"twitter:site\" content=\"@arquimaster\" \/>\n<meta name=\"twitter:label1\" content=\"Escrito por\" \/>\n\t<meta name=\"twitter:data1\" content=\"Arquimaster\" \/>\n\t<meta name=\"twitter:label2\" content=\"Tiempo de lectura\" \/>\n\t<meta name=\"twitter:data2\" content=\"2 minutos\" \/>\n<script type=\"application\/ld+json\" class=\"yoast-schema-graph\">{\"@context\":\"https:\\\/\\\/schema.org\",\"@graph\":[{\"@type\":\"Article\",\"@id\":\"https:\\\/\\\/www.arquimaster.com.ar\\\/web\\\/rehabilitacion-de-la-casa-izquierdo-jose-ramon-rodriguez-fernandez\\\/#article\",\"isPartOf\":{\"@id\":\"https:\\\/\\\/www.arquimaster.com.ar\\\/web\\\/rehabilitacion-de-la-casa-izquierdo-jose-ramon-rodriguez-fernandez\\\/\"},\"author\":{\"name\":\"Arquimaster\",\"@id\":\"https:\\\/\\\/www.arquimaster.com.ar\\\/web\\\/#\\\/schema\\\/person\\\/359e9f7c00193fcde068e0dd2ceb0028\"},\"headline\":\"Rehabilitaci\u00f3n de la Casa Izquierdo \\\/ Jos\u00e9 Ram\u00f3n Rodr\u00edguez Fern\u00e1ndez\",\"datePublished\":\"2013-05-02T23:35:05+00:00\",\"dateModified\":\"2014-04-10T23:57:14+00:00\",\"mainEntityOfPage\":{\"@id\":\"https:\\\/\\\/www.arquimaster.com.ar\\\/web\\\/rehabilitacion-de-la-casa-izquierdo-jose-ramon-rodriguez-fernandez\\\/\"},\"wordCount\":454,\"publisher\":{\"@id\":\"https:\\\/\\\/www.arquimaster.com.ar\\\/web\\\/#organization\"},\"image\":{\"@id\":\"https:\\\/\\\/www.arquimaster.com.ar\\\/web\\\/rehabilitacion-de-la-casa-izquierdo-jose-ramon-rodriguez-fernandez\\\/#primaryimage\"},\"thumbnailUrl\":\"https:\\\/\\\/www.arquimaster.com.ar\\\/web\\\/wp-content\\\/uploads\\\/2014\\\/04\\\/rehabilitacion_herreros_slide.jpg\",\"keywords\":[\"ampliaci\u00f3n\",\"casco hist\u00f3rico\",\"Espa\u00f1a\",\"Jos\u00e9 Ram\u00f3n Rodr\u00edguez Fern\u00e1ndez\",\"rehabilitaci\u00f3n\",\"San Crist\u00f3bal de La Laguna\",\"Tenerife\"],\"articleSection\":[\"Proyecto\",\"Rehabilitaciones y ampliaciones\"],\"inLanguage\":\"es\"},{\"@type\":\"WebPage\",\"@id\":\"https:\\\/\\\/www.arquimaster.com.ar\\\/web\\\/rehabilitacion-de-la-casa-izquierdo-jose-ramon-rodriguez-fernandez\\\/\",\"url\":\"https:\\\/\\\/www.arquimaster.com.ar\\\/web\\\/rehabilitacion-de-la-casa-izquierdo-jose-ramon-rodriguez-fernandez\\\/\",\"name\":\"Rehabilitaci\u00f3n de la Casa Izquierdo \\\/ Jos\u00e9 Ram\u00f3n Rodr\u00edguez Fern\u00e1ndez - Arquimaster\",\"isPartOf\":{\"@id\":\"https:\\\/\\\/www.arquimaster.com.ar\\\/web\\\/#website\"},\"primaryImageOfPage\":{\"@id\":\"https:\\\/\\\/www.arquimaster.com.ar\\\/web\\\/rehabilitacion-de-la-casa-izquierdo-jose-ramon-rodriguez-fernandez\\\/#primaryimage\"},\"image\":{\"@id\":\"https:\\\/\\\/www.arquimaster.com.ar\\\/web\\\/rehabilitacion-de-la-casa-izquierdo-jose-ramon-rodriguez-fernandez\\\/#primaryimage\"},\"thumbnailUrl\":\"https:\\\/\\\/www.arquimaster.com.ar\\\/web\\\/wp-content\\\/uploads\\\/2014\\\/04\\\/rehabilitacion_herreros_slide.jpg\",\"datePublished\":\"2013-05-02T23:35:05+00:00\",\"dateModified\":\"2014-04-10T23:57:14+00:00\",\"breadcrumb\":{\"@id\":\"https:\\\/\\\/www.arquimaster.com.ar\\\/web\\\/rehabilitacion-de-la-casa-izquierdo-jose-ramon-rodriguez-fernandez\\\/#breadcrumb\"},\"inLanguage\":\"es\",\"potentialAction\":[{\"@type\":\"ReadAction\",\"target\":[\"https:\\\/\\\/www.arquimaster.com.ar\\\/web\\\/rehabilitacion-de-la-casa-izquierdo-jose-ramon-rodriguez-fernandez\\\/\"]}]},{\"@type\":\"ImageObject\",\"inLanguage\":\"es\",\"@id\":\"https:\\\/\\\/www.arquimaster.com.ar\\\/web\\\/rehabilitacion-de-la-casa-izquierdo-jose-ramon-rodriguez-fernandez\\\/#primaryimage\",\"url\":\"https:\\\/\\\/www.arquimaster.com.ar\\\/web\\\/wp-content\\\/uploads\\\/2014\\\/04\\\/rehabilitacion_herreros_slide.jpg\",\"contentUrl\":\"https:\\\/\\\/www.arquimaster.com.ar\\\/web\\\/wp-content\\\/uploads\\\/2014\\\/04\\\/rehabilitacion_herreros_slide.jpg\",\"width\":642,\"height\":336},{\"@type\":\"BreadcrumbList\",\"@id\":\"https:\\\/\\\/www.arquimaster.com.ar\\\/web\\\/rehabilitacion-de-la-casa-izquierdo-jose-ramon-rodriguez-fernandez\\\/#breadcrumb\",\"itemListElement\":[{\"@type\":\"ListItem\",\"position\":1,\"name\":\"Portada\",\"item\":\"https:\\\/\\\/www.arquimaster.com.ar\\\/web\\\/\"},{\"@type\":\"ListItem\",\"position\":2,\"name\":\"Rehabilitaci\u00f3n de la Casa Izquierdo \\\/ Jos\u00e9 Ram\u00f3n Rodr\u00edguez Fern\u00e1ndez\"}]},{\"@type\":\"WebSite\",\"@id\":\"https:\\\/\\\/www.arquimaster.com.ar\\\/web\\\/#website\",\"url\":\"https:\\\/\\\/www.arquimaster.com.ar\\\/web\\\/\",\"name\":\"Arquimaster\",\"description\":\"Web de arquitectura, dise\u00f1o y construccion\",\"publisher\":{\"@id\":\"https:\\\/\\\/www.arquimaster.com.ar\\\/web\\\/#organization\"},\"potentialAction\":[{\"@type\":\"SearchAction\",\"target\":{\"@type\":\"EntryPoint\",\"urlTemplate\":\"https:\\\/\\\/www.arquimaster.com.ar\\\/web\\\/?s={search_term_string}\"},\"query-input\":{\"@type\":\"PropertyValueSpecification\",\"valueRequired\":true,\"valueName\":\"search_term_string\"}}],\"inLanguage\":\"es\"},{\"@type\":\"Organization\",\"@id\":\"https:\\\/\\\/www.arquimaster.com.ar\\\/web\\\/#organization\",\"name\":\"Arquimaster\",\"url\":\"https:\\\/\\\/www.arquimaster.com.ar\\\/web\\\/\",\"logo\":{\"@type\":\"ImageObject\",\"inLanguage\":\"es\",\"@id\":\"https:\\\/\\\/www.arquimaster.com.ar\\\/web\\\/#\\\/schema\\\/logo\\\/image\\\/\",\"url\":\"https:\\\/\\\/www.arquimaster.com.ar\\\/web\\\/wp-content\\\/uploads\\\/2022\\\/06\\\/arquimaster.png\",\"contentUrl\":\"https:\\\/\\\/www.arquimaster.com.ar\\\/web\\\/wp-content\\\/uploads\\\/2022\\\/06\\\/arquimaster.png\",\"width\":594,\"height\":78,\"caption\":\"Arquimaster\"},\"image\":{\"@id\":\"https:\\\/\\\/www.arquimaster.com.ar\\\/web\\\/#\\\/schema\\\/logo\\\/image\\\/\"},\"sameAs\":[\"http:\\\/\\\/www.facebook.com\\\/ARQUIMASTER.com.ar\",\"https:\\\/\\\/x.com\\\/arquimaster\",\"https:\\\/\\\/www.instagram.com\\\/arquimasterblog\\\/\",\"https:\\\/\\\/www.linkedin.com\\\/company\\\/arquimaster\",\"https:\\\/\\\/www.pinterest.com\\\/arquimaster\",\"https:\\\/\\\/t.me\\\/arquimaster\"]},{\"@type\":\"Person\",\"@id\":\"https:\\\/\\\/www.arquimaster.com.ar\\\/web\\\/#\\\/schema\\\/person\\\/359e9f7c00193fcde068e0dd2ceb0028\",\"name\":\"Arquimaster\"}]}<\/script>\n<!-- \/ Yoast SEO plugin. -->","yoast_head_json":{"title":"Rehabilitaci\u00f3n de la Casa Izquierdo \/ Jos\u00e9 Ram\u00f3n Rodr\u00edguez Fern\u00e1ndez - Arquimaster","robots":{"index":"index","follow":"follow","max-snippet":"max-snippet:-1","max-image-preview":"max-image-preview:large","max-video-preview":"max-video-preview:-1"},"canonical":"https:\/\/www.arquimaster.com.ar\/web\/rehabilitacion-de-la-casa-izquierdo-jose-ramon-rodriguez-fernandez\/","og_locale":"es_ES","og_type":"article","og_title":"Rehabilitaci\u00f3n de la Casa Izquierdo \/ Jos\u00e9 Ram\u00f3n Rodr\u00edguez Fern\u00e1ndez - Arquimaster","og_description":"Rehabilitaci\u00f3n y ampliaci\u00f3n de una casona tradicional canaria de finales del siglo XVIII...","og_url":"https:\/\/www.arquimaster.com.ar\/web\/rehabilitacion-de-la-casa-izquierdo-jose-ramon-rodriguez-fernandez\/","og_site_name":"Arquimaster","article_publisher":"http:\/\/www.facebook.com\/ARQUIMASTER.com.ar","article_published_time":"2013-05-02T23:35:05+00:00","article_modified_time":"2014-04-10T23:57:14+00:00","og_image":[{"width":642,"height":336,"url":"https:\/\/www.arquimaster.com.ar\/web\/wp-content\/uploads\/2014\/04\/rehabilitacion_herreros_slide.jpg","type":"image\/jpeg"}],"author":"Arquimaster","twitter_card":"summary_large_image","twitter_creator":"@arquimaster","twitter_site":"@arquimaster","twitter_misc":{"Escrito por":"Arquimaster","Tiempo de lectura":"2 minutos"},"schema":{"@context":"https:\/\/schema.org","@graph":[{"@type":"Article","@id":"https:\/\/www.arquimaster.com.ar\/web\/rehabilitacion-de-la-casa-izquierdo-jose-ramon-rodriguez-fernandez\/#article","isPartOf":{"@id":"https:\/\/www.arquimaster.com.ar\/web\/rehabilitacion-de-la-casa-izquierdo-jose-ramon-rodriguez-fernandez\/"},"author":{"name":"Arquimaster","@id":"https:\/\/www.arquimaster.com.ar\/web\/#\/schema\/person\/359e9f7c00193fcde068e0dd2ceb0028"},"headline":"Rehabilitaci\u00f3n de la Casa Izquierdo \/ Jos\u00e9 Ram\u00f3n Rodr\u00edguez Fern\u00e1ndez","datePublished":"2013-05-02T23:35:05+00:00","dateModified":"2014-04-10T23:57:14+00:00","mainEntityOfPage":{"@id":"https:\/\/www.arquimaster.com.ar\/web\/rehabilitacion-de-la-casa-izquierdo-jose-ramon-rodriguez-fernandez\/"},"wordCount":454,"publisher":{"@id":"https:\/\/www.arquimaster.com.ar\/web\/#organization"},"image":{"@id":"https:\/\/www.arquimaster.com.ar\/web\/rehabilitacion-de-la-casa-izquierdo-jose-ramon-rodriguez-fernandez\/#primaryimage"},"thumbnailUrl":"https:\/\/www.arquimaster.com.ar\/web\/wp-content\/uploads\/2014\/04\/rehabilitacion_herreros_slide.jpg","keywords":["ampliaci\u00f3n","casco hist\u00f3rico","Espa\u00f1a","Jos\u00e9 Ram\u00f3n Rodr\u00edguez Fern\u00e1ndez","rehabilitaci\u00f3n","San Crist\u00f3bal de La Laguna","Tenerife"],"articleSection":["Proyecto","Rehabilitaciones y ampliaciones"],"inLanguage":"es"},{"@type":"WebPage","@id":"https:\/\/www.arquimaster.com.ar\/web\/rehabilitacion-de-la-casa-izquierdo-jose-ramon-rodriguez-fernandez\/","url":"https:\/\/www.arquimaster.com.ar\/web\/rehabilitacion-de-la-casa-izquierdo-jose-ramon-rodriguez-fernandez\/","name":"Rehabilitaci\u00f3n de la Casa Izquierdo \/ Jos\u00e9 Ram\u00f3n Rodr\u00edguez Fern\u00e1ndez - Arquimaster","isPartOf":{"@id":"https:\/\/www.arquimaster.com.ar\/web\/#website"},"primaryImageOfPage":{"@id":"https:\/\/www.arquimaster.com.ar\/web\/rehabilitacion-de-la-casa-izquierdo-jose-ramon-rodriguez-fernandez\/#primaryimage"},"image":{"@id":"https:\/\/www.arquimaster.com.ar\/web\/rehabilitacion-de-la-casa-izquierdo-jose-ramon-rodriguez-fernandez\/#primaryimage"},"thumbnailUrl":"https:\/\/www.arquimaster.com.ar\/web\/wp-content\/uploads\/2014\/04\/rehabilitacion_herreros_slide.jpg","datePublished":"2013-05-02T23:35:05+00:00","dateModified":"2014-04-10T23:57:14+00:00","breadcrumb":{"@id":"https:\/\/www.arquimaster.com.ar\/web\/rehabilitacion-de-la-casa-izquierdo-jose-ramon-rodriguez-fernandez\/#breadcrumb"},"inLanguage":"es","potentialAction":[{"@type":"ReadAction","target":["https:\/\/www.arquimaster.com.ar\/web\/rehabilitacion-de-la-casa-izquierdo-jose-ramon-rodriguez-fernandez\/"]}]},{"@type":"ImageObject","inLanguage":"es","@id":"https:\/\/www.arquimaster.com.ar\/web\/rehabilitacion-de-la-casa-izquierdo-jose-ramon-rodriguez-fernandez\/#primaryimage","url":"https:\/\/www.arquimaster.com.ar\/web\/wp-content\/uploads\/2014\/04\/rehabilitacion_herreros_slide.jpg","contentUrl":"https:\/\/www.arquimaster.com.ar\/web\/wp-content\/uploads\/2014\/04\/rehabilitacion_herreros_slide.jpg","width":642,"height":336},{"@type":"BreadcrumbList","@id":"https:\/\/www.arquimaster.com.ar\/web\/rehabilitacion-de-la-casa-izquierdo-jose-ramon-rodriguez-fernandez\/#breadcrumb","itemListElement":[{"@type":"ListItem","position":1,"name":"Portada","item":"https:\/\/www.arquimaster.com.ar\/web\/"},{"@type":"ListItem","position":2,"name":"Rehabilitaci\u00f3n de la Casa Izquierdo \/ Jos\u00e9 Ram\u00f3n Rodr\u00edguez Fern\u00e1ndez"}]},{"@type":"WebSite","@id":"https:\/\/www.arquimaster.com.ar\/web\/#website","url":"https:\/\/www.arquimaster.com.ar\/web\/","name":"Arquimaster","description":"Web de arquitectura, dise\u00f1o y construccion","publisher":{"@id":"https:\/\/www.arquimaster.com.ar\/web\/#organization"},"potentialAction":[{"@type":"SearchAction","target":{"@type":"EntryPoint","urlTemplate":"https:\/\/www.arquimaster.com.ar\/web\/?s={search_term_string}"},"query-input":{"@type":"PropertyValueSpecification","valueRequired":true,"valueName":"search_term_string"}}],"inLanguage":"es"},{"@type":"Organization","@id":"https:\/\/www.arquimaster.com.ar\/web\/#organization","name":"Arquimaster","url":"https:\/\/www.arquimaster.com.ar\/web\/","logo":{"@type":"ImageObject","inLanguage":"es","@id":"https:\/\/www.arquimaster.com.ar\/web\/#\/schema\/logo\/image\/","url":"https:\/\/www.arquimaster.com.ar\/web\/wp-content\/uploads\/2022\/06\/arquimaster.png","contentUrl":"https:\/\/www.arquimaster.com.ar\/web\/wp-content\/uploads\/2022\/06\/arquimaster.png","width":594,"height":78,"caption":"Arquimaster"},"image":{"@id":"https:\/\/www.arquimaster.com.ar\/web\/#\/schema\/logo\/image\/"},"sameAs":["http:\/\/www.facebook.com\/ARQUIMASTER.com.ar","https:\/\/x.com\/arquimaster","https:\/\/www.instagram.com\/arquimasterblog\/","https:\/\/www.linkedin.com\/company\/arquimaster","https:\/\/www.pinterest.com\/arquimaster","https:\/\/t.me\/arquimaster"]},{"@type":"Person","@id":"https:\/\/www.arquimaster.com.ar\/web\/#\/schema\/person\/359e9f7c00193fcde068e0dd2ceb0028","name":"Arquimaster"}]}},"uagb_featured_image_src":{"full":["https:\/\/www.arquimaster.com.ar\/web\/wp-content\/uploads\/2014\/04\/rehabilitacion_herreros_slide.jpg",642,336,false],"thumbnail":["https:\/\/www.arquimaster.com.ar\/web\/wp-content\/uploads\/2014\/04\/rehabilitacion_herreros_slide-150x150.jpg",150,150,true],"medium":["https:\/\/www.arquimaster.com.ar\/web\/wp-content\/uploads\/2014\/04\/rehabilitacion_herreros_slide-300x157.jpg",300,157,true],"medium_large":["https:\/\/www.arquimaster.com.ar\/web\/wp-content\/uploads\/2014\/04\/rehabilitacion_herreros_slide.jpg",642,336,false],"large":["https:\/\/www.arquimaster.com.ar\/web\/wp-content\/uploads\/2014\/04\/rehabilitacion_herreros_slide.jpg",642,336,false],"1536x1536":["https:\/\/www.arquimaster.com.ar\/web\/wp-content\/uploads\/2014\/04\/rehabilitacion_herreros_slide.jpg",642,336,false],"2048x2048":["https:\/\/www.arquimaster.com.ar\/web\/wp-content\/uploads\/2014\/04\/rehabilitacion_herreros_slide.jpg",642,336,false]},"uagb_author_info":{"display_name":"Arquimaster","author_link":"https:\/\/www.arquimaster.com.ar\/web\/author\/arquimaster\/"},"uagb_comment_info":0,"uagb_excerpt":"Rehabilitaci\u00f3n y ampliaci\u00f3n de una casona tradicional canaria de finales del siglo XVIII...","_links":{"self":[{"href":"https:\/\/www.arquimaster.com.ar\/web\/wp-json\/wp\/v2\/posts\/5353","targetHints":{"allow":["GET"]}}],"collection":[{"href":"https:\/\/www.arquimaster.com.ar\/web\/wp-json\/wp\/v2\/posts"}],"about":[{"href":"https:\/\/www.arquimaster.com.ar\/web\/wp-json\/wp\/v2\/types\/post"}],"author":[{"embeddable":true,"href":"https:\/\/www.arquimaster.com.ar\/web\/wp-json\/wp\/v2\/users\/1"}],"replies":[{"embeddable":true,"href":"https:\/\/www.arquimaster.com.ar\/web\/wp-json\/wp\/v2\/comments?post=5353"}],"version-history":[{"count":0,"href":"https:\/\/www.arquimaster.com.ar\/web\/wp-json\/wp\/v2\/posts\/5353\/revisions"}],"wp:featuredmedia":[{"embeddable":true,"href":"https:\/\/www.arquimaster.com.ar\/web\/wp-json\/wp\/v2\/media\/5354"}],"wp:attachment":[{"href":"https:\/\/www.arquimaster.com.ar\/web\/wp-json\/wp\/v2\/media?parent=5353"}],"wp:term":[{"taxonomy":"category","embeddable":true,"href":"https:\/\/www.arquimaster.com.ar\/web\/wp-json\/wp\/v2\/categories?post=5353"},{"taxonomy":"post_tag","embeddable":true,"href":"https:\/\/www.arquimaster.com.ar\/web\/wp-json\/wp\/v2\/tags?post=5353"}],"curies":[{"name":"wp","href":"https:\/\/api.w.org\/{rel}","templated":true}]}}