{"id":53730,"date":"2020-03-20T14:34:05","date_gmt":"2020-03-20T17:34:05","guid":{"rendered":"https:\/\/www.arquimaster.com.ar\/web\/?p=53730"},"modified":"2025-07-28T19:16:46","modified_gmt":"2025-07-28T22:16:46","slug":"se-pone-en-valor-el-centro-civico-de-bariloche-con-motivo-de-sus-80-anos","status":"publish","type":"post","link":"https:\/\/www.arquimaster.com.ar\/web\/se-pone-en-valor-el-centro-civico-de-bariloche-con-motivo-de-sus-80-anos\/","title":{"rendered":"Se pone en valor el Centro C\u00edvico de Bariloche con motivo de sus 80 a\u00f1os"},"content":{"rendered":"<div style=\"margin-top: 0px; margin-bottom: 0px;\" class=\"sharethis-inline-share-buttons\" ><\/div><div class=\"b812932af2e751442846f039925109de\" data-index=\"1\" style=\"float: none; margin:25px 0 25px 0; text-align:center;\">\n<script async src=\"https:\/\/pagead2.googlesyndication.com\/pagead\/js\/adsbygoogle.js\"><\/script>\r\n<!-- Arquimaster (superior) -->\r\n<ins class=\"adsbygoogle\"\r\n     style=\"display:block\"\r\n     data-ad-client=\"ca-pub-6351072698456832\"\r\n     data-ad-slot=\"6455489680\"\r\n     data-ad-format=\"auto\"\r\n     data-full-width-responsive=\"true\"><\/ins>\r\n<script>\r\n     (adsbygoogle = window.adsbygoogle || []).push({});\r\n<\/script>\n<\/div>\n<h3><strong><em>Un edificio declarado monumento hist\u00f3rico en 1987, dise\u00f1ado por el Arq. Ernesto de Estrada, se renueva a partir de un gran trabajo de mantenimiento y de protecci\u00f3n.<\/em><\/strong><\/h3>\n<p>La Municipalidad de Bariloche convoca a <a href=\"https:\/\/www.arquimaster.com.ar\/web\/tag\/cetol\/\">Cetol<\/a>, marca l\u00edder en el cuidado y protecci\u00f3n de la madera del Grupo <a href=\"https:\/\/www.arquimaster.com.ar\/web\/tag\/akzonobel\/\">AkzoNobel<\/a>, para la puesta en valor de su emblem\u00e1tico \u00abCentro C\u00edvico\u00bb. A partir de un gran trabajo de mantenimiento, se le devuelve a este conjunto de edificios su estado original. Dise\u00f1ado por el arquitecto Ernesto de Estrada en 1940, tard\u00f3 tan solo 47 a\u00f1os para ser declarado monumento hist\u00f3rico por la belleza de su dise\u00f1o y de la combinaci\u00f3n exquisita de materiales nobles como la <a href=\"https:\/\/www.arquimaster.com.ar\/web\/tag\/madera\/\">madera<\/a>.<\/p>\n<div id='gallery-1' class='gallery galleryid-53730 gallery-columns-3 gallery-size-thumbnail'><figure class='gallery-item'>\n\t\t\t<div class='gallery-icon landscape'>\n\t\t\t\t<a href='https:\/\/www.arquimaster.com.ar\/web\/wp-content\/uploads\/2020\/03\/centro_civico_bariloche1.jpg' title=\"Se pone en valor el Centro C\u00edvico de Bariloche con motivo de sus 80 a\u00f1os\" data-rl_title=\"Se pone en valor el Centro C\u00edvico de Bariloche con motivo de sus 80 a\u00f1os\" class=\"rl-gallery-link\" data-rl_caption=\"Se pone en valor el Centro C\u00edvico de Bariloche con motivo de sus 80 a\u00f1os\" data-rel=\"lightbox-gallery-1\"><img loading=\"lazy\" decoding=\"async\" width=\"150\" height=\"150\" src=\"https:\/\/www.arquimaster.com.ar\/web\/wp-content\/uploads\/2020\/03\/centro_civico_bariloche1-150x150.jpg\" class=\"attachment-thumbnail size-thumbnail\" alt=\"\" aria-describedby=\"gallery-1-53731\" \/><\/a>\n\t\t\t<\/div>\n\t\t\t\t<figcaption class='wp-caption-text gallery-caption' id='gallery-1-53731'>\n\t\t\t\tSe pone en valor el Centro C\u00edvico de Bariloche con motivo de sus 80 a\u00f1os\n\t\t\t\t<\/figcaption><\/figure><figure class='gallery-item'>\n\t\t\t<div class='gallery-icon landscape'>\n\t\t\t\t<a href='https:\/\/www.arquimaster.com.ar\/web\/wp-content\/uploads\/2020\/03\/centro_civico_bariloche2.jpg' title=\"Se pone en valor el Centro C\u00edvico de Bariloche con motivo de sus 80 a\u00f1os\" data-rl_title=\"Se pone en valor el Centro C\u00edvico de Bariloche con motivo de sus 80 a\u00f1os\" class=\"rl-gallery-link\" data-rl_caption=\"Se pone en valor el Centro C\u00edvico de Bariloche con motivo de sus 80 a\u00f1os\" data-rel=\"lightbox-gallery-1\"><img loading=\"lazy\" decoding=\"async\" width=\"150\" height=\"150\" src=\"https:\/\/www.arquimaster.com.ar\/web\/wp-content\/uploads\/2020\/03\/centro_civico_bariloche2-150x150.jpg\" class=\"attachment-thumbnail size-thumbnail\" alt=\"\" aria-describedby=\"gallery-1-53732\" \/><\/a>\n\t\t\t<\/div>\n\t\t\t\t<figcaption class='wp-caption-text gallery-caption' id='gallery-1-53732'>\n\t\t\t\tSe pone en valor el Centro C\u00edvico de Bariloche con motivo de sus 80 a\u00f1os\n\t\t\t\t<\/figcaption><\/figure><figure class='gallery-item'>\n\t\t\t<div class='gallery-icon landscape'>\n\t\t\t\t<a href='https:\/\/www.arquimaster.com.ar\/web\/wp-content\/uploads\/2020\/03\/centro_civico_bariloche3.jpg' title=\"Se pone en valor el Centro C\u00edvico de Bariloche con motivo de sus 80 a\u00f1os\" data-rl_title=\"Se pone en valor el Centro C\u00edvico de Bariloche con motivo de sus 80 a\u00f1os\" class=\"rl-gallery-link\" data-rl_caption=\"Se pone en valor el Centro C\u00edvico de Bariloche con motivo de sus 80 a\u00f1os\" data-rel=\"lightbox-gallery-1\"><img loading=\"lazy\" decoding=\"async\" width=\"150\" height=\"150\" src=\"https:\/\/www.arquimaster.com.ar\/web\/wp-content\/uploads\/2020\/03\/centro_civico_bariloche3-150x150.jpg\" class=\"attachment-thumbnail size-thumbnail\" alt=\"\" aria-describedby=\"gallery-1-53733\" \/><\/a>\n\t\t\t<\/div>\n\t\t\t\t<figcaption class='wp-caption-text gallery-caption' id='gallery-1-53733'>\n\t\t\t\tSe pone en valor el Centro C\u00edvico de Bariloche con motivo de sus 80 a\u00f1os\n\t\t\t\t<\/figcaption><\/figure><figure class='gallery-item'>\n\t\t\t<div class='gallery-icon landscape'>\n\t\t\t\t<a href='https:\/\/www.arquimaster.com.ar\/web\/wp-content\/uploads\/2020\/03\/centro_civico_bariloche4.jpg' title=\"Se pone en valor el Centro C\u00edvico de Bariloche con motivo de sus 80 a\u00f1os\" data-rl_title=\"Se pone en valor el Centro C\u00edvico de Bariloche con motivo de sus 80 a\u00f1os\" class=\"rl-gallery-link\" data-rl_caption=\"Se pone en valor el Centro C\u00edvico de Bariloche con motivo de sus 80 a\u00f1os\" data-rel=\"lightbox-gallery-1\"><img loading=\"lazy\" decoding=\"async\" width=\"150\" height=\"150\" src=\"https:\/\/www.arquimaster.com.ar\/web\/wp-content\/uploads\/2020\/03\/centro_civico_bariloche4-150x150.jpg\" class=\"attachment-thumbnail size-thumbnail\" alt=\"\" aria-describedby=\"gallery-1-53734\" \/><\/a>\n\t\t\t<\/div>\n\t\t\t\t<figcaption class='wp-caption-text gallery-caption' id='gallery-1-53734'>\n\t\t\t\tSe pone en valor el Centro C\u00edvico de Bariloche con motivo de sus 80 a\u00f1os\n\t\t\t\t<\/figcaption><\/figure><figure class='gallery-item'>\n\t\t\t<div class='gallery-icon landscape'>\n\t\t\t\t<a href='https:\/\/www.arquimaster.com.ar\/web\/wp-content\/uploads\/2020\/03\/centro_civico_bariloche5.jpg' title=\"Se pone en valor el Centro C\u00edvico de Bariloche con motivo de sus 80 a\u00f1os\" data-rl_title=\"Se pone en valor el Centro C\u00edvico de Bariloche con motivo de sus 80 a\u00f1os\" class=\"rl-gallery-link\" data-rl_caption=\"Se pone en valor el Centro C\u00edvico de Bariloche con motivo de sus 80 a\u00f1os\" data-rel=\"lightbox-gallery-1\"><img loading=\"lazy\" decoding=\"async\" width=\"150\" height=\"150\" src=\"https:\/\/www.arquimaster.com.ar\/web\/wp-content\/uploads\/2020\/03\/centro_civico_bariloche5-150x150.jpg\" class=\"attachment-thumbnail size-thumbnail\" alt=\"\" aria-describedby=\"gallery-1-53735\" \/><\/a>\n\t\t\t<\/div>\n\t\t\t\t<figcaption class='wp-caption-text gallery-caption' id='gallery-1-53735'>\n\t\t\t\tSe pone en valor el Centro C\u00edvico de Bariloche con motivo de sus 80 a\u00f1os\n\t\t\t\t<\/figcaption><\/figure><figure class='gallery-item'>\n\t\t\t<div class='gallery-icon landscape'>\n\t\t\t\t<a href='https:\/\/www.arquimaster.com.ar\/web\/wp-content\/uploads\/2020\/03\/centro_civico_bariloche6.jpg' title=\"Se pone en valor el Centro C\u00edvico de Bariloche con motivo de sus 80 a\u00f1os\" data-rl_title=\"Se pone en valor el Centro C\u00edvico de Bariloche con motivo de sus 80 a\u00f1os\" class=\"rl-gallery-link\" data-rl_caption=\"Se pone en valor el Centro C\u00edvico de Bariloche con motivo de sus 80 a\u00f1os\" data-rel=\"lightbox-gallery-1\"><img loading=\"lazy\" decoding=\"async\" width=\"150\" height=\"150\" src=\"https:\/\/www.arquimaster.com.ar\/web\/wp-content\/uploads\/2020\/03\/centro_civico_bariloche6-150x150.jpg\" class=\"attachment-thumbnail size-thumbnail\" alt=\"\" aria-describedby=\"gallery-1-53736\" \/><\/a>\n\t\t\t<\/div>\n\t\t\t\t<figcaption class='wp-caption-text gallery-caption' id='gallery-1-53736'>\n\t\t\t\tSe pone en valor el Centro C\u00edvico de Bariloche con motivo de sus 80 a\u00f1os\n\t\t\t\t<\/figcaption><\/figure><figure class='gallery-item'>\n\t\t\t<div class='gallery-icon portrait'>\n\t\t\t\t<a href='https:\/\/www.arquimaster.com.ar\/web\/wp-content\/uploads\/2020\/03\/centro_civico_bariloche7.jpg' title=\"Se pone en valor el Centro C\u00edvico de Bariloche con motivo de sus 80 a\u00f1os\" data-rl_title=\"Se pone en valor el Centro C\u00edvico de Bariloche con motivo de sus 80 a\u00f1os\" class=\"rl-gallery-link\" data-rl_caption=\"Se pone en valor el Centro C\u00edvico de Bariloche con motivo de sus 80 a\u00f1os\" data-rel=\"lightbox-gallery-1\"><img loading=\"lazy\" decoding=\"async\" width=\"150\" height=\"150\" src=\"https:\/\/www.arquimaster.com.ar\/web\/wp-content\/uploads\/2020\/03\/centro_civico_bariloche7-150x150.jpg\" class=\"attachment-thumbnail size-thumbnail\" alt=\"\" aria-describedby=\"gallery-1-53737\" \/><\/a>\n\t\t\t<\/div>\n\t\t\t\t<figcaption class='wp-caption-text gallery-caption' id='gallery-1-53737'>\n\t\t\t\tSe pone en valor el Centro C\u00edvico de Bariloche con motivo de sus 80 a\u00f1os\n\t\t\t\t<\/figcaption><\/figure>\n\t\t<\/div>\n\n<p>Aparecen el cipr\u00e9s y el alerce (maderas locales) en escaleras, barandas, balcones, puertas, techos que le otorgan al mismo un toque c\u00e1lido y monta\u00f1\u00e9s. Las carpinter\u00edas cuentan con marcos de incienso amarillo y postigones de roble. Para su protecci\u00f3n se seleccion\u00f3 \u00ab<a href=\"https:\/\/www.arquimaster.com.ar\/web\/cetol-presenta-duracion-extrema\/\" target=\"_blank\" rel=\"noopener noreferrer\">Duraci\u00f3n Extrema<\/a>\u00ab, la \u00faltima innovaci\u00f3n de la empresa, que adem\u00e1s de ser un producto sustentable garantiza un cuidado prolongado de la madera.<\/p>\n<p><em>\u00abEstamos orgullosos de ser la protecci\u00f3n sustentable del patrominio cultural de Argentina. Una arquitectura como la del Centro C\u00edvico de Bariloche debe ser preservada sin lugar a dudas, y el municipio result\u00f3 en un equipo de trabajo muy estimulante para desarrollar esta misi\u00f3n en conjunto. Se eligi\u00f3 la l\u00ednea \u00abBalance\u00bb por sus propiedades \u00fanicas. Viene listo para usar, se puede aplicar una mano cada tres horas y ofrece la m\u00e1xima durabilidad del mercado, importante para el clima extremo de Bariloche\u00bb<\/em>, coment\u00f3 Cecilia Ferrario, Gerente Regional de Am\u00e9rica del Sur para Woodcare, Akzonobel.<\/p>\n<p>El centro recibe un aproximado de 800,000 turistas al a\u00f1o. El conjunto contiene la Biblioteca Popular Domingo Faustino Sarmiento; el Museo de la Patagonia Francisco P. Moreno; la misma Municipalidad a la que le corresponde el enorme reloj, en el cual a las 12 del mediod\u00eda y a las 6 de la tarde aparecen 4 figuras representativas de la zona: el indio, el misionero, el conquistador y el labrador; el Correo que actualmente funciona como Sala de Exposiciones, la Polic\u00eda y la Aduana.<\/p>\n<p>Los trabajos de restauraci\u00f3n ya comenzaron con la celebraci\u00f3n de su 80 aniversario, devolvi\u00e9ndole el aspecto original de esta joya arquitect\u00f3nica que requiere de un cuidado especial por las inclemencias del clima de la misma zona donde se encuentra emplazado.<\/p>\n<p><strong>Acerca de Cetol<\/strong><br \/>\nCetol es la marca l\u00edder en el cuidado y protecci\u00f3n de la madera del grupo AkzoNobel. Desde hace m\u00e1s de 30 a\u00f1os provee soluciones a consumidores ubicados en todo el pa\u00eds. Con un amplio portfolio de productos, es la \u00fanica marca que cuenta con una l\u00ednea amigable con el medio ambiente, una tecnolog\u00eda revolucionaria que combina los beneficios de los productos solventes con la practicidad de los productos al agua: Cetol Balance. espacioCetol, ubicado en el barrio de Belgrano, es un punto de encuentro de arte y tendencia, el escenario en donde la marca vive. All\u00ed se ofrecen cursos, talleres, exposiciones y conferencias para el p\u00fablico interesado en temas vinculados con la arquitectura, el dise\u00f1o y la decoraci\u00f3n. Tambi\u00e9n se trata de un \u00e1mbito creado para que el p\u00fablico pueda elegir e informarse sobre productos para proteger y decorar las maderas de sus casas.<\/p>\n<p><strong>Acerca de AkzoNobel<\/strong><br \/>\nAkzoNobel tiene una pasi\u00f3n por la pintura. Somos expertos y nos enorgullece el oficio de hacer pinturas y recubrimientos estableciendo el est\u00e1ndar en color y protecci\u00f3n desde 1792. Nuestro portfolio de marcas de clase mundial -incluyendo Dulux,International, Sikkens, Interpon y Cetol, Brikol y Alba en Argentina- cuenta con la confianza de clientes de todo el mundo. Con sede en Holanda, operamos en m\u00e1s de 150 pa\u00edses y empleamos a unas 35.000 personas talentosas y apasionadas por entregar productos de alto rendimiento y servicios de acuerdo a lo esperado por nuestros clientes.<\/p>\n\n<div style=\"font-size: 0px; height: 0px; line-height: 0px; margin: 0; padding: 0; clear: both;\"><\/div><div style=\"margin-top: 0px; margin-bottom: 0px;\" class=\"sharethis-inline-share-buttons\" ><\/div>","protected":false},"excerpt":{"rendered":"<p>El edificio se renueva a partir de un gran trabajo de mantenimiento y de protecci\u00f3n&#8230;<\/p>\n","protected":false},"author":1,"featured_media":53738,"comment_status":"closed","ping_status":"closed","sticky":false,"template":"","format":"standard","meta":{"_uag_custom_page_level_css":"","footnotes":""},"categories":[70,68],"tags":[1111,5755,2527,1107,2731,5181,701,3531,1793,1228,1229],"class_list":["post-53730","post","type-post","status-publish","format-standard","has-post-thumbnail","hentry","category-noticias-arquitectura","category-novedades","tag-akzonobel","tag-bariloche","tag-centro-civico","tag-cetol","tag-cetol-balance","tag-cetol-duracion-extrema","tag-madera","tag-mantenimiento-edilicio","tag-monumento-historico-nacional","tag-patrimonio-arquitectonico","tag-patrimonio-urbano","generate-columns","tablet-grid-50","mobile-grid-100","grid-parent","grid-50"],"yoast_head":"<!-- This site is optimized with the Yoast SEO plugin v27.3 - https:\/\/yoast.com\/product\/yoast-seo-wordpress\/ -->\n<title>\u25b7 Se pone en valor el Centro C\u00edvico de Bariloche con motivo de sus 80 a\u00f1os - Arquimaster<\/title>\n<meta name=\"description\" content=\"El edificio declarado monumento hist\u00f3rico se renueva a partir de un gran trabajo de mantenimiento y de protecci\u00f3n.\" \/>\n<meta name=\"robots\" content=\"index, follow, max-snippet:-1, max-image-preview:large, max-video-preview:-1\" \/>\n<link rel=\"canonical\" href=\"https:\/\/www.arquimaster.com.ar\/web\/se-pone-en-valor-el-centro-civico-de-bariloche-con-motivo-de-sus-80-anos\/\" \/>\n<meta property=\"og:locale\" content=\"es_ES\" \/>\n<meta property=\"og:type\" content=\"article\" \/>\n<meta property=\"og:title\" content=\"Se pone en valor el Centro C\u00edvico de Bariloche con motivo de sus 80 a\u00f1os\" \/>\n<meta property=\"og:description\" content=\"El edificio declarado monumento hist\u00f3rico se renueva a partir de un gran trabajo de mantenimiento y de protecci\u00f3n.\" \/>\n<meta property=\"og:url\" content=\"https:\/\/www.arquimaster.com.ar\/web\/se-pone-en-valor-el-centro-civico-de-bariloche-con-motivo-de-sus-80-anos\/\" \/>\n<meta property=\"og:site_name\" content=\"Arquimaster\" \/>\n<meta property=\"article:publisher\" content=\"http:\/\/www.facebook.com\/ARQUIMASTER.com.ar\" \/>\n<meta property=\"article:published_time\" content=\"2020-03-20T17:34:05+00:00\" \/>\n<meta property=\"article:modified_time\" content=\"2025-07-28T22:16:46+00:00\" \/>\n<meta property=\"og:image\" content=\"https:\/\/www.arquimaster.com.ar\/web\/wp-content\/uploads\/2020\/03\/centro_civico_bariloche_slide.jpg\" \/>\n\t<meta property=\"og:image:width\" content=\"698\" \/>\n\t<meta property=\"og:image:height\" content=\"364\" \/>\n\t<meta property=\"og:image:type\" content=\"image\/jpeg\" \/>\n<meta name=\"author\" content=\"Arquimaster\" \/>\n<meta name=\"twitter:card\" content=\"summary_large_image\" \/>\n<meta name=\"twitter:title\" content=\"Se pone en valor el Centro C\u00edvico de Bariloche con motivo de sus 80 a\u00f1os\" \/>\n<meta name=\"twitter:description\" content=\"El edificio declarado monumento hist\u00f3rico se renueva a partir de un gran trabajo de mantenimiento y de protecci\u00f3n.\" \/>\n<meta name=\"twitter:image\" content=\"https:\/\/www.arquimaster.com.ar\/web\/wp-content\/uploads\/2020\/03\/centro_civico_bariloche_slide.jpg\" \/>\n<meta name=\"twitter:creator\" content=\"@arquimaster\" \/>\n<meta name=\"twitter:site\" content=\"@arquimaster\" \/>\n<meta name=\"twitter:label1\" content=\"Escrito por\" \/>\n\t<meta name=\"twitter:data1\" content=\"Arquimaster\" \/>\n\t<meta name=\"twitter:label2\" content=\"Tiempo de lectura\" \/>\n\t<meta name=\"twitter:data2\" content=\"4 minutos\" \/>\n<script type=\"application\/ld+json\" class=\"yoast-schema-graph\">{\"@context\":\"https:\\\/\\\/schema.org\",\"@graph\":[{\"@type\":\"Article\",\"@id\":\"https:\\\/\\\/www.arquimaster.com.ar\\\/web\\\/se-pone-en-valor-el-centro-civico-de-bariloche-con-motivo-de-sus-80-anos\\\/#article\",\"isPartOf\":{\"@id\":\"https:\\\/\\\/www.arquimaster.com.ar\\\/web\\\/se-pone-en-valor-el-centro-civico-de-bariloche-con-motivo-de-sus-80-anos\\\/\"},\"author\":{\"name\":\"Arquimaster\",\"@id\":\"https:\\\/\\\/www.arquimaster.com.ar\\\/web\\\/#\\\/schema\\\/person\\\/359e9f7c00193fcde068e0dd2ceb0028\"},\"headline\":\"Se pone en valor el Centro C\u00edvico de Bariloche con motivo de sus 80 a\u00f1os\",\"datePublished\":\"2020-03-20T17:34:05+00:00\",\"dateModified\":\"2025-07-28T22:16:46+00:00\",\"mainEntityOfPage\":{\"@id\":\"https:\\\/\\\/www.arquimaster.com.ar\\\/web\\\/se-pone-en-valor-el-centro-civico-de-bariloche-con-motivo-de-sus-80-anos\\\/\"},\"wordCount\":690,\"publisher\":{\"@id\":\"https:\\\/\\\/www.arquimaster.com.ar\\\/web\\\/#organization\"},\"image\":{\"@id\":\"https:\\\/\\\/www.arquimaster.com.ar\\\/web\\\/se-pone-en-valor-el-centro-civico-de-bariloche-con-motivo-de-sus-80-anos\\\/#primaryimage\"},\"thumbnailUrl\":\"https:\\\/\\\/www.arquimaster.com.ar\\\/web\\\/wp-content\\\/uploads\\\/2020\\\/03\\\/centro_civico_bariloche_slide.jpg\",\"keywords\":[\"AkzoNobel\",\"Bariloche\",\"centro civico\",\"Cetol\",\"Cetol Balance\",\"Cetol Duraci\u00f3n Extrema\",\"madera\",\"mantenimiento edilicio\",\"Monumento Hist\u00f3rico Nacional\",\"patrimonio arquitectonico\",\"patrimonio urbano\"],\"articleSection\":[\"Noticias de arquitectura y dise\u00f1o\",\"Novedades\"],\"inLanguage\":\"es\"},{\"@type\":\"WebPage\",\"@id\":\"https:\\\/\\\/www.arquimaster.com.ar\\\/web\\\/se-pone-en-valor-el-centro-civico-de-bariloche-con-motivo-de-sus-80-anos\\\/\",\"url\":\"https:\\\/\\\/www.arquimaster.com.ar\\\/web\\\/se-pone-en-valor-el-centro-civico-de-bariloche-con-motivo-de-sus-80-anos\\\/\",\"name\":\"\u25b7 Se pone en valor el Centro C\u00edvico de Bariloche con motivo de sus 80 a\u00f1os - Arquimaster\",\"isPartOf\":{\"@id\":\"https:\\\/\\\/www.arquimaster.com.ar\\\/web\\\/#website\"},\"primaryImageOfPage\":{\"@id\":\"https:\\\/\\\/www.arquimaster.com.ar\\\/web\\\/se-pone-en-valor-el-centro-civico-de-bariloche-con-motivo-de-sus-80-anos\\\/#primaryimage\"},\"image\":{\"@id\":\"https:\\\/\\\/www.arquimaster.com.ar\\\/web\\\/se-pone-en-valor-el-centro-civico-de-bariloche-con-motivo-de-sus-80-anos\\\/#primaryimage\"},\"thumbnailUrl\":\"https:\\\/\\\/www.arquimaster.com.ar\\\/web\\\/wp-content\\\/uploads\\\/2020\\\/03\\\/centro_civico_bariloche_slide.jpg\",\"datePublished\":\"2020-03-20T17:34:05+00:00\",\"dateModified\":\"2025-07-28T22:16:46+00:00\",\"description\":\"El edificio declarado monumento hist\u00f3rico se renueva a partir de un gran trabajo de mantenimiento y de protecci\u00f3n.\",\"breadcrumb\":{\"@id\":\"https:\\\/\\\/www.arquimaster.com.ar\\\/web\\\/se-pone-en-valor-el-centro-civico-de-bariloche-con-motivo-de-sus-80-anos\\\/#breadcrumb\"},\"inLanguage\":\"es\",\"potentialAction\":[{\"@type\":\"ReadAction\",\"target\":[\"https:\\\/\\\/www.arquimaster.com.ar\\\/web\\\/se-pone-en-valor-el-centro-civico-de-bariloche-con-motivo-de-sus-80-anos\\\/\"]}]},{\"@type\":\"ImageObject\",\"inLanguage\":\"es\",\"@id\":\"https:\\\/\\\/www.arquimaster.com.ar\\\/web\\\/se-pone-en-valor-el-centro-civico-de-bariloche-con-motivo-de-sus-80-anos\\\/#primaryimage\",\"url\":\"https:\\\/\\\/www.arquimaster.com.ar\\\/web\\\/wp-content\\\/uploads\\\/2020\\\/03\\\/centro_civico_bariloche_slide.jpg\",\"contentUrl\":\"https:\\\/\\\/www.arquimaster.com.ar\\\/web\\\/wp-content\\\/uploads\\\/2020\\\/03\\\/centro_civico_bariloche_slide.jpg\",\"width\":698,\"height\":364},{\"@type\":\"BreadcrumbList\",\"@id\":\"https:\\\/\\\/www.arquimaster.com.ar\\\/web\\\/se-pone-en-valor-el-centro-civico-de-bariloche-con-motivo-de-sus-80-anos\\\/#breadcrumb\",\"itemListElement\":[{\"@type\":\"ListItem\",\"position\":1,\"name\":\"Portada\",\"item\":\"https:\\\/\\\/www.arquimaster.com.ar\\\/web\\\/\"},{\"@type\":\"ListItem\",\"position\":2,\"name\":\"Se pone en valor el Centro C\u00edvico de Bariloche con motivo de sus 80 a\u00f1os\"}]},{\"@type\":\"WebSite\",\"@id\":\"https:\\\/\\\/www.arquimaster.com.ar\\\/web\\\/#website\",\"url\":\"https:\\\/\\\/www.arquimaster.com.ar\\\/web\\\/\",\"name\":\"Arquimaster\",\"description\":\"Web de arquitectura, dise\u00f1o y construccion\",\"publisher\":{\"@id\":\"https:\\\/\\\/www.arquimaster.com.ar\\\/web\\\/#organization\"},\"potentialAction\":[{\"@type\":\"SearchAction\",\"target\":{\"@type\":\"EntryPoint\",\"urlTemplate\":\"https:\\\/\\\/www.arquimaster.com.ar\\\/web\\\/?s={search_term_string}\"},\"query-input\":{\"@type\":\"PropertyValueSpecification\",\"valueRequired\":true,\"valueName\":\"search_term_string\"}}],\"inLanguage\":\"es\"},{\"@type\":\"Organization\",\"@id\":\"https:\\\/\\\/www.arquimaster.com.ar\\\/web\\\/#organization\",\"name\":\"Arquimaster\",\"url\":\"https:\\\/\\\/www.arquimaster.com.ar\\\/web\\\/\",\"logo\":{\"@type\":\"ImageObject\",\"inLanguage\":\"es\",\"@id\":\"https:\\\/\\\/www.arquimaster.com.ar\\\/web\\\/#\\\/schema\\\/logo\\\/image\\\/\",\"url\":\"https:\\\/\\\/www.arquimaster.com.ar\\\/web\\\/wp-content\\\/uploads\\\/2022\\\/06\\\/arquimaster.png\",\"contentUrl\":\"https:\\\/\\\/www.arquimaster.com.ar\\\/web\\\/wp-content\\\/uploads\\\/2022\\\/06\\\/arquimaster.png\",\"width\":594,\"height\":78,\"caption\":\"Arquimaster\"},\"image\":{\"@id\":\"https:\\\/\\\/www.arquimaster.com.ar\\\/web\\\/#\\\/schema\\\/logo\\\/image\\\/\"},\"sameAs\":[\"http:\\\/\\\/www.facebook.com\\\/ARQUIMASTER.com.ar\",\"https:\\\/\\\/x.com\\\/arquimaster\",\"https:\\\/\\\/www.instagram.com\\\/arquimasterblog\\\/\",\"https:\\\/\\\/www.linkedin.com\\\/company\\\/arquimaster\",\"https:\\\/\\\/www.pinterest.com\\\/arquimaster\",\"https:\\\/\\\/t.me\\\/arquimaster\"]},{\"@type\":\"Person\",\"@id\":\"https:\\\/\\\/www.arquimaster.com.ar\\\/web\\\/#\\\/schema\\\/person\\\/359e9f7c00193fcde068e0dd2ceb0028\",\"name\":\"Arquimaster\"}]}<\/script>\n<!-- \/ Yoast SEO plugin. -->","yoast_head_json":{"title":"\u25b7 Se pone en valor el Centro C\u00edvico de Bariloche con motivo de sus 80 a\u00f1os - Arquimaster","description":"El edificio declarado monumento hist\u00f3rico se renueva a partir de un gran trabajo de mantenimiento y de protecci\u00f3n.","robots":{"index":"index","follow":"follow","max-snippet":"max-snippet:-1","max-image-preview":"max-image-preview:large","max-video-preview":"max-video-preview:-1"},"canonical":"https:\/\/www.arquimaster.com.ar\/web\/se-pone-en-valor-el-centro-civico-de-bariloche-con-motivo-de-sus-80-anos\/","og_locale":"es_ES","og_type":"article","og_title":"Se pone en valor el Centro C\u00edvico de Bariloche con motivo de sus 80 a\u00f1os","og_description":"El edificio declarado monumento hist\u00f3rico se renueva a partir de un gran trabajo de mantenimiento y de protecci\u00f3n.","og_url":"https:\/\/www.arquimaster.com.ar\/web\/se-pone-en-valor-el-centro-civico-de-bariloche-con-motivo-de-sus-80-anos\/","og_site_name":"Arquimaster","article_publisher":"http:\/\/www.facebook.com\/ARQUIMASTER.com.ar","article_published_time":"2020-03-20T17:34:05+00:00","article_modified_time":"2025-07-28T22:16:46+00:00","og_image":[{"width":698,"height":364,"url":"https:\/\/www.arquimaster.com.ar\/web\/wp-content\/uploads\/2020\/03\/centro_civico_bariloche_slide.jpg","type":"image\/jpeg"}],"author":"Arquimaster","twitter_card":"summary_large_image","twitter_title":"Se pone en valor el Centro C\u00edvico de Bariloche con motivo de sus 80 a\u00f1os","twitter_description":"El edificio declarado monumento hist\u00f3rico se renueva a partir de un gran trabajo de mantenimiento y de protecci\u00f3n.","twitter_image":"https:\/\/www.arquimaster.com.ar\/web\/wp-content\/uploads\/2020\/03\/centro_civico_bariloche_slide.jpg","twitter_creator":"@arquimaster","twitter_site":"@arquimaster","twitter_misc":{"Escrito por":"Arquimaster","Tiempo de lectura":"4 minutos"},"schema":{"@context":"https:\/\/schema.org","@graph":[{"@type":"Article","@id":"https:\/\/www.arquimaster.com.ar\/web\/se-pone-en-valor-el-centro-civico-de-bariloche-con-motivo-de-sus-80-anos\/#article","isPartOf":{"@id":"https:\/\/www.arquimaster.com.ar\/web\/se-pone-en-valor-el-centro-civico-de-bariloche-con-motivo-de-sus-80-anos\/"},"author":{"name":"Arquimaster","@id":"https:\/\/www.arquimaster.com.ar\/web\/#\/schema\/person\/359e9f7c00193fcde068e0dd2ceb0028"},"headline":"Se pone en valor el Centro C\u00edvico de Bariloche con motivo de sus 80 a\u00f1os","datePublished":"2020-03-20T17:34:05+00:00","dateModified":"2025-07-28T22:16:46+00:00","mainEntityOfPage":{"@id":"https:\/\/www.arquimaster.com.ar\/web\/se-pone-en-valor-el-centro-civico-de-bariloche-con-motivo-de-sus-80-anos\/"},"wordCount":690,"publisher":{"@id":"https:\/\/www.arquimaster.com.ar\/web\/#organization"},"image":{"@id":"https:\/\/www.arquimaster.com.ar\/web\/se-pone-en-valor-el-centro-civico-de-bariloche-con-motivo-de-sus-80-anos\/#primaryimage"},"thumbnailUrl":"https:\/\/www.arquimaster.com.ar\/web\/wp-content\/uploads\/2020\/03\/centro_civico_bariloche_slide.jpg","keywords":["AkzoNobel","Bariloche","centro civico","Cetol","Cetol Balance","Cetol Duraci\u00f3n Extrema","madera","mantenimiento edilicio","Monumento Hist\u00f3rico Nacional","patrimonio arquitectonico","patrimonio urbano"],"articleSection":["Noticias de arquitectura y dise\u00f1o","Novedades"],"inLanguage":"es"},{"@type":"WebPage","@id":"https:\/\/www.arquimaster.com.ar\/web\/se-pone-en-valor-el-centro-civico-de-bariloche-con-motivo-de-sus-80-anos\/","url":"https:\/\/www.arquimaster.com.ar\/web\/se-pone-en-valor-el-centro-civico-de-bariloche-con-motivo-de-sus-80-anos\/","name":"\u25b7 Se pone en valor el Centro C\u00edvico de Bariloche con motivo de sus 80 a\u00f1os - Arquimaster","isPartOf":{"@id":"https:\/\/www.arquimaster.com.ar\/web\/#website"},"primaryImageOfPage":{"@id":"https:\/\/www.arquimaster.com.ar\/web\/se-pone-en-valor-el-centro-civico-de-bariloche-con-motivo-de-sus-80-anos\/#primaryimage"},"image":{"@id":"https:\/\/www.arquimaster.com.ar\/web\/se-pone-en-valor-el-centro-civico-de-bariloche-con-motivo-de-sus-80-anos\/#primaryimage"},"thumbnailUrl":"https:\/\/www.arquimaster.com.ar\/web\/wp-content\/uploads\/2020\/03\/centro_civico_bariloche_slide.jpg","datePublished":"2020-03-20T17:34:05+00:00","dateModified":"2025-07-28T22:16:46+00:00","description":"El edificio declarado monumento hist\u00f3rico se renueva a partir de un gran trabajo de mantenimiento y de protecci\u00f3n.","breadcrumb":{"@id":"https:\/\/www.arquimaster.com.ar\/web\/se-pone-en-valor-el-centro-civico-de-bariloche-con-motivo-de-sus-80-anos\/#breadcrumb"},"inLanguage":"es","potentialAction":[{"@type":"ReadAction","target":["https:\/\/www.arquimaster.com.ar\/web\/se-pone-en-valor-el-centro-civico-de-bariloche-con-motivo-de-sus-80-anos\/"]}]},{"@type":"ImageObject","inLanguage":"es","@id":"https:\/\/www.arquimaster.com.ar\/web\/se-pone-en-valor-el-centro-civico-de-bariloche-con-motivo-de-sus-80-anos\/#primaryimage","url":"https:\/\/www.arquimaster.com.ar\/web\/wp-content\/uploads\/2020\/03\/centro_civico_bariloche_slide.jpg","contentUrl":"https:\/\/www.arquimaster.com.ar\/web\/wp-content\/uploads\/2020\/03\/centro_civico_bariloche_slide.jpg","width":698,"height":364},{"@type":"BreadcrumbList","@id":"https:\/\/www.arquimaster.com.ar\/web\/se-pone-en-valor-el-centro-civico-de-bariloche-con-motivo-de-sus-80-anos\/#breadcrumb","itemListElement":[{"@type":"ListItem","position":1,"name":"Portada","item":"https:\/\/www.arquimaster.com.ar\/web\/"},{"@type":"ListItem","position":2,"name":"Se pone en valor el Centro C\u00edvico de Bariloche con motivo de sus 80 a\u00f1os"}]},{"@type":"WebSite","@id":"https:\/\/www.arquimaster.com.ar\/web\/#website","url":"https:\/\/www.arquimaster.com.ar\/web\/","name":"Arquimaster","description":"Web de arquitectura, dise\u00f1o y construccion","publisher":{"@id":"https:\/\/www.arquimaster.com.ar\/web\/#organization"},"potentialAction":[{"@type":"SearchAction","target":{"@type":"EntryPoint","urlTemplate":"https:\/\/www.arquimaster.com.ar\/web\/?s={search_term_string}"},"query-input":{"@type":"PropertyValueSpecification","valueRequired":true,"valueName":"search_term_string"}}],"inLanguage":"es"},{"@type":"Organization","@id":"https:\/\/www.arquimaster.com.ar\/web\/#organization","name":"Arquimaster","url":"https:\/\/www.arquimaster.com.ar\/web\/","logo":{"@type":"ImageObject","inLanguage":"es","@id":"https:\/\/www.arquimaster.com.ar\/web\/#\/schema\/logo\/image\/","url":"https:\/\/www.arquimaster.com.ar\/web\/wp-content\/uploads\/2022\/06\/arquimaster.png","contentUrl":"https:\/\/www.arquimaster.com.ar\/web\/wp-content\/uploads\/2022\/06\/arquimaster.png","width":594,"height":78,"caption":"Arquimaster"},"image":{"@id":"https:\/\/www.arquimaster.com.ar\/web\/#\/schema\/logo\/image\/"},"sameAs":["http:\/\/www.facebook.com\/ARQUIMASTER.com.ar","https:\/\/x.com\/arquimaster","https:\/\/www.instagram.com\/arquimasterblog\/","https:\/\/www.linkedin.com\/company\/arquimaster","https:\/\/www.pinterest.com\/arquimaster","https:\/\/t.me\/arquimaster"]},{"@type":"Person","@id":"https:\/\/www.arquimaster.com.ar\/web\/#\/schema\/person\/359e9f7c00193fcde068e0dd2ceb0028","name":"Arquimaster"}]}},"uagb_featured_image_src":{"full":["https:\/\/www.arquimaster.com.ar\/web\/wp-content\/uploads\/2020\/03\/centro_civico_bariloche_slide.jpg",698,364,false],"thumbnail":["https:\/\/www.arquimaster.com.ar\/web\/wp-content\/uploads\/2020\/03\/centro_civico_bariloche_slide-150x150.jpg",150,150,true],"medium":["https:\/\/www.arquimaster.com.ar\/web\/wp-content\/uploads\/2020\/03\/centro_civico_bariloche_slide.jpg",698,364,false],"medium_large":["https:\/\/www.arquimaster.com.ar\/web\/wp-content\/uploads\/2020\/03\/centro_civico_bariloche_slide.jpg",698,364,false],"large":["https:\/\/www.arquimaster.com.ar\/web\/wp-content\/uploads\/2020\/03\/centro_civico_bariloche_slide.jpg",698,364,false],"1536x1536":["https:\/\/www.arquimaster.com.ar\/web\/wp-content\/uploads\/2020\/03\/centro_civico_bariloche_slide.jpg",698,364,false],"2048x2048":["https:\/\/www.arquimaster.com.ar\/web\/wp-content\/uploads\/2020\/03\/centro_civico_bariloche_slide.jpg",698,364,false]},"uagb_author_info":{"display_name":"Arquimaster","author_link":"https:\/\/www.arquimaster.com.ar\/web\/author\/arquimaster\/"},"uagb_comment_info":0,"uagb_excerpt":"El edificio se renueva a partir de un gran trabajo de mantenimiento y de protecci\u00f3n...","_links":{"self":[{"href":"https:\/\/www.arquimaster.com.ar\/web\/wp-json\/wp\/v2\/posts\/53730","targetHints":{"allow":["GET"]}}],"collection":[{"href":"https:\/\/www.arquimaster.com.ar\/web\/wp-json\/wp\/v2\/posts"}],"about":[{"href":"https:\/\/www.arquimaster.com.ar\/web\/wp-json\/wp\/v2\/types\/post"}],"author":[{"embeddable":true,"href":"https:\/\/www.arquimaster.com.ar\/web\/wp-json\/wp\/v2\/users\/1"}],"replies":[{"embeddable":true,"href":"https:\/\/www.arquimaster.com.ar\/web\/wp-json\/wp\/v2\/comments?post=53730"}],"version-history":[{"count":2,"href":"https:\/\/www.arquimaster.com.ar\/web\/wp-json\/wp\/v2\/posts\/53730\/revisions"}],"predecessor-version":[{"id":85525,"href":"https:\/\/www.arquimaster.com.ar\/web\/wp-json\/wp\/v2\/posts\/53730\/revisions\/85525"}],"wp:featuredmedia":[{"embeddable":true,"href":"https:\/\/www.arquimaster.com.ar\/web\/wp-json\/wp\/v2\/media\/53738"}],"wp:attachment":[{"href":"https:\/\/www.arquimaster.com.ar\/web\/wp-json\/wp\/v2\/media?parent=53730"}],"wp:term":[{"taxonomy":"category","embeddable":true,"href":"https:\/\/www.arquimaster.com.ar\/web\/wp-json\/wp\/v2\/categories?post=53730"},{"taxonomy":"post_tag","embeddable":true,"href":"https:\/\/www.arquimaster.com.ar\/web\/wp-json\/wp\/v2\/tags?post=53730"}],"curies":[{"name":"wp","href":"https:\/\/api.w.org\/{rel}","templated":true}]}}