{"id":53813,"date":"2020-03-25T19:40:35","date_gmt":"2020-03-25T22:40:35","guid":{"rendered":"https:\/\/www.arquimaster.com.ar\/web\/?p=53813"},"modified":"2020-03-25T19:40:36","modified_gmt":"2020-03-25T22:40:36","slug":"oficinas-uala-ii-hitzig-militello-arquitectos","status":"publish","type":"post","link":"https:\/\/www.arquimaster.com.ar\/web\/oficinas-uala-ii-hitzig-militello-arquitectos\/","title":{"rendered":"Oficinas Uala II \/ Hitzig Militello Arquitectos"},"content":{"rendered":"<div style=\"margin-top: 0px; margin-bottom: 0px;\" class=\"sharethis-inline-share-buttons\" ><\/div><div class=\"b812932af2e751442846f039925109de\" data-index=\"1\" style=\"float: none; margin:25px 0 25px 0; text-align:center;\">\n<script async src=\"https:\/\/pagead2.googlesyndication.com\/pagead\/js\/adsbygoogle.js\"><\/script>\r\n<!-- Arquimaster (superior) -->\r\n<ins class=\"adsbygoogle\"\r\n     style=\"display:block\"\r\n     data-ad-client=\"ca-pub-6351072698456832\"\r\n     data-ad-slot=\"6455489680\"\r\n     data-ad-format=\"auto\"\r\n     data-full-width-responsive=\"true\"><\/ins>\r\n<script>\r\n     (adsbygoogle = window.adsbygoogle || []).push({});\r\n<\/script>\n<\/div>\n<p><strong>Oficinas Uala II<\/strong> (Ciudad de Buenos Aires, Argentina) por <a href=\"https:\/\/www.arquimaster.com.ar\/web\/tag\/hitzig-militello-arquitectos\/\"><strong>Hitzig Militello Arquitectos<\/strong><\/a>. El desaf\u00edo de dise\u00f1ar espacios de trabajo conlleva siempre una especial reflexi\u00f3n acerca del modo en que concebimos la actividad y el desarrollo del quehacer laboral. No cabe duda que la arquitectura, en este sentido, tiene mucho para aportar a la calidad de vida del usuario. Con esta premisa asumimos el proyecto para las oficinas Ual\u00e1.<\/p>\n<div id='gallery-1' class='gallery galleryid-53813 gallery-columns-3 gallery-size-thumbnail'><figure class='gallery-item'>\n\t\t\t<div class='gallery-icon landscape'>\n\t\t\t\t<a href='https:\/\/www.arquimaster.com.ar\/web\/wp-content\/uploads\/2020\/03\/oficinas_uala_1.jpg' title=\"Oficinas Uala II \/ Hitzig Militello Arquitectos (\u00a9 Federico Kulekdjian)\" data-rl_title=\"Oficinas Uala II \/ Hitzig Militello Arquitectos (\u00a9 Federico Kulekdjian)\" class=\"rl-gallery-link\" data-rl_caption=\"Oficinas Uala II \/ Hitzig Militello Arquitectos (\u00a9 Federico Kulekdjian)\" data-rel=\"lightbox-gallery-1\"><img loading=\"lazy\" decoding=\"async\" width=\"150\" height=\"150\" src=\"https:\/\/www.arquimaster.com.ar\/web\/wp-content\/uploads\/2020\/03\/oficinas_uala_1-150x150.jpg\" class=\"attachment-thumbnail size-thumbnail\" alt=\"\" aria-describedby=\"gallery-1-53814\" \/><\/a>\n\t\t\t<\/div>\n\t\t\t\t<figcaption class='wp-caption-text gallery-caption' id='gallery-1-53814'>\n\t\t\t\tOficinas Uala II \/ Hitzig Militello Arquitectos (\u00a9 Federico Kulekdjian)\n\t\t\t\t<\/figcaption><\/figure><figure class='gallery-item'>\n\t\t\t<div class='gallery-icon landscape'>\n\t\t\t\t<a href='https:\/\/www.arquimaster.com.ar\/web\/wp-content\/uploads\/2020\/03\/oficinas_uala_2.jpg' title=\"Oficinas Uala II \/ Hitzig Militello Arquitectos (\u00a9 Federico Kulekdjian)\" data-rl_title=\"Oficinas Uala II \/ Hitzig Militello Arquitectos (\u00a9 Federico Kulekdjian)\" class=\"rl-gallery-link\" data-rl_caption=\"Oficinas Uala II \/ Hitzig Militello Arquitectos (\u00a9 Federico Kulekdjian)\" data-rel=\"lightbox-gallery-1\"><img loading=\"lazy\" decoding=\"async\" width=\"150\" height=\"150\" src=\"https:\/\/www.arquimaster.com.ar\/web\/wp-content\/uploads\/2020\/03\/oficinas_uala_2-150x150.jpg\" class=\"attachment-thumbnail size-thumbnail\" alt=\"\" aria-describedby=\"gallery-1-53815\" \/><\/a>\n\t\t\t<\/div>\n\t\t\t\t<figcaption class='wp-caption-text gallery-caption' id='gallery-1-53815'>\n\t\t\t\tOficinas Uala II \/ Hitzig Militello Arquitectos (\u00a9 Federico Kulekdjian)\n\t\t\t\t<\/figcaption><\/figure><figure class='gallery-item'>\n\t\t\t<div class='gallery-icon portrait'>\n\t\t\t\t<a href='https:\/\/www.arquimaster.com.ar\/web\/wp-content\/uploads\/2020\/03\/oficinas_uala_3.jpg' title=\"Oficinas Uala II \/ Hitzig Militello Arquitectos (\u00a9 Federico Kulekdjian)\" data-rl_title=\"Oficinas Uala II \/ Hitzig Militello Arquitectos (\u00a9 Federico Kulekdjian)\" class=\"rl-gallery-link\" data-rl_caption=\"Oficinas Uala II \/ Hitzig Militello Arquitectos (\u00a9 Federico Kulekdjian)\" data-rel=\"lightbox-gallery-1\"><img loading=\"lazy\" decoding=\"async\" width=\"150\" height=\"150\" src=\"https:\/\/www.arquimaster.com.ar\/web\/wp-content\/uploads\/2020\/03\/oficinas_uala_3-150x150.jpg\" class=\"attachment-thumbnail size-thumbnail\" alt=\"\" aria-describedby=\"gallery-1-53816\" \/><\/a>\n\t\t\t<\/div>\n\t\t\t\t<figcaption class='wp-caption-text gallery-caption' id='gallery-1-53816'>\n\t\t\t\tOficinas Uala II \/ Hitzig Militello Arquitectos (\u00a9 Federico Kulekdjian)\n\t\t\t\t<\/figcaption><\/figure><figure class='gallery-item'>\n\t\t\t<div class='gallery-icon landscape'>\n\t\t\t\t<a href='https:\/\/www.arquimaster.com.ar\/web\/wp-content\/uploads\/2020\/03\/oficinas_uala_4.jpg' title=\"Oficinas Uala II \/ Hitzig Militello Arquitectos (\u00a9 Federico Kulekdjian)\" data-rl_title=\"Oficinas Uala II \/ Hitzig Militello Arquitectos (\u00a9 Federico Kulekdjian)\" class=\"rl-gallery-link\" data-rl_caption=\"Oficinas Uala II \/ Hitzig Militello Arquitectos (\u00a9 Federico Kulekdjian)\" data-rel=\"lightbox-gallery-1\"><img loading=\"lazy\" decoding=\"async\" width=\"150\" height=\"150\" src=\"https:\/\/www.arquimaster.com.ar\/web\/wp-content\/uploads\/2020\/03\/oficinas_uala_4-150x150.jpg\" class=\"attachment-thumbnail size-thumbnail\" alt=\"\" aria-describedby=\"gallery-1-53817\" \/><\/a>\n\t\t\t<\/div>\n\t\t\t\t<figcaption class='wp-caption-text gallery-caption' id='gallery-1-53817'>\n\t\t\t\tOficinas Uala II \/ Hitzig Militello Arquitectos (\u00a9 Federico Kulekdjian)\n\t\t\t\t<\/figcaption><\/figure><figure class='gallery-item'>\n\t\t\t<div class='gallery-icon landscape'>\n\t\t\t\t<a href='https:\/\/www.arquimaster.com.ar\/web\/wp-content\/uploads\/2020\/03\/oficinas_uala_5.jpg' title=\"Oficinas Uala II \/ Hitzig Militello Arquitectos (\u00a9 Federico Kulekdjian)\" data-rl_title=\"Oficinas Uala II \/ Hitzig Militello Arquitectos (\u00a9 Federico Kulekdjian)\" class=\"rl-gallery-link\" data-rl_caption=\"Oficinas Uala II \/ Hitzig Militello Arquitectos (\u00a9 Federico Kulekdjian)\" data-rel=\"lightbox-gallery-1\"><img loading=\"lazy\" decoding=\"async\" width=\"150\" height=\"150\" src=\"https:\/\/www.arquimaster.com.ar\/web\/wp-content\/uploads\/2020\/03\/oficinas_uala_5-150x150.jpg\" class=\"attachment-thumbnail size-thumbnail\" alt=\"\" aria-describedby=\"gallery-1-53818\" \/><\/a>\n\t\t\t<\/div>\n\t\t\t\t<figcaption class='wp-caption-text gallery-caption' id='gallery-1-53818'>\n\t\t\t\tOficinas Uala II \/ Hitzig Militello Arquitectos (\u00a9 Federico Kulekdjian)\n\t\t\t\t<\/figcaption><\/figure><figure class='gallery-item'>\n\t\t\t<div class='gallery-icon landscape'>\n\t\t\t\t<a href='https:\/\/www.arquimaster.com.ar\/web\/wp-content\/uploads\/2020\/03\/oficinas_uala_6.jpg' title=\"Oficinas Uala II \/ Hitzig Militello Arquitectos (\u00a9 Federico Kulekdjian)\" data-rl_title=\"Oficinas Uala II \/ Hitzig Militello Arquitectos (\u00a9 Federico Kulekdjian)\" class=\"rl-gallery-link\" data-rl_caption=\"Oficinas Uala II \/ Hitzig Militello Arquitectos (\u00a9 Federico Kulekdjian)\" data-rel=\"lightbox-gallery-1\"><img loading=\"lazy\" decoding=\"async\" width=\"150\" height=\"150\" src=\"https:\/\/www.arquimaster.com.ar\/web\/wp-content\/uploads\/2020\/03\/oficinas_uala_6-150x150.jpg\" class=\"attachment-thumbnail size-thumbnail\" alt=\"\" aria-describedby=\"gallery-1-53819\" \/><\/a>\n\t\t\t<\/div>\n\t\t\t\t<figcaption class='wp-caption-text gallery-caption' id='gallery-1-53819'>\n\t\t\t\tOficinas Uala II \/ Hitzig Militello Arquitectos (\u00a9 Federico Kulekdjian)\n\t\t\t\t<\/figcaption><\/figure><figure class='gallery-item'>\n\t\t\t<div class='gallery-icon landscape'>\n\t\t\t\t<a href='https:\/\/www.arquimaster.com.ar\/web\/wp-content\/uploads\/2020\/03\/oficinas_uala_7.jpg' title=\"Oficinas Uala II \/ Hitzig Militello Arquitectos (\u00a9 Federico Kulekdjian)\" data-rl_title=\"Oficinas Uala II \/ Hitzig Militello Arquitectos (\u00a9 Federico Kulekdjian)\" class=\"rl-gallery-link\" data-rl_caption=\"Oficinas Uala II \/ Hitzig Militello Arquitectos (\u00a9 Federico Kulekdjian)\" data-rel=\"lightbox-gallery-1\"><img loading=\"lazy\" decoding=\"async\" width=\"150\" height=\"150\" src=\"https:\/\/www.arquimaster.com.ar\/web\/wp-content\/uploads\/2020\/03\/oficinas_uala_7-150x150.jpg\" class=\"attachment-thumbnail size-thumbnail\" alt=\"\" aria-describedby=\"gallery-1-53820\" \/><\/a>\n\t\t\t<\/div>\n\t\t\t\t<figcaption class='wp-caption-text gallery-caption' id='gallery-1-53820'>\n\t\t\t\tOficinas Uala II \/ Hitzig Militello Arquitectos (\u00a9 Federico Kulekdjian)\n\t\t\t\t<\/figcaption><\/figure><figure class='gallery-item'>\n\t\t\t<div class='gallery-icon landscape'>\n\t\t\t\t<a href='https:\/\/www.arquimaster.com.ar\/web\/wp-content\/uploads\/2020\/03\/oficinas_uala_8.jpg' title=\"Oficinas Uala II \/ Hitzig Militello Arquitectos (\u00a9 Federico Kulekdjian)\" data-rl_title=\"Oficinas Uala II \/ Hitzig Militello Arquitectos (\u00a9 Federico Kulekdjian)\" class=\"rl-gallery-link\" data-rl_caption=\"Oficinas Uala II \/ Hitzig Militello Arquitectos (\u00a9 Federico Kulekdjian)\" data-rel=\"lightbox-gallery-1\"><img loading=\"lazy\" decoding=\"async\" width=\"150\" height=\"150\" src=\"https:\/\/www.arquimaster.com.ar\/web\/wp-content\/uploads\/2020\/03\/oficinas_uala_8-150x150.jpg\" class=\"attachment-thumbnail size-thumbnail\" alt=\"\" aria-describedby=\"gallery-1-53821\" \/><\/a>\n\t\t\t<\/div>\n\t\t\t\t<figcaption class='wp-caption-text gallery-caption' id='gallery-1-53821'>\n\t\t\t\tOficinas Uala II \/ Hitzig Militello Arquitectos (\u00a9 Federico Kulekdjian)\n\t\t\t\t<\/figcaption><\/figure><figure class='gallery-item'>\n\t\t\t<div class='gallery-icon landscape'>\n\t\t\t\t<a href='https:\/\/www.arquimaster.com.ar\/web\/wp-content\/uploads\/2020\/03\/oficinas_uala_9.jpg' title=\"Oficinas Uala II \/ Hitzig Militello Arquitectos (\u00a9 Federico Kulekdjian)\" data-rl_title=\"Oficinas Uala II \/ Hitzig Militello Arquitectos (\u00a9 Federico Kulekdjian)\" class=\"rl-gallery-link\" data-rl_caption=\"Oficinas Uala II \/ Hitzig Militello Arquitectos (\u00a9 Federico Kulekdjian)\" data-rel=\"lightbox-gallery-1\"><img loading=\"lazy\" decoding=\"async\" width=\"150\" height=\"150\" src=\"https:\/\/www.arquimaster.com.ar\/web\/wp-content\/uploads\/2020\/03\/oficinas_uala_9-150x150.jpg\" class=\"attachment-thumbnail size-thumbnail\" alt=\"\" aria-describedby=\"gallery-1-53822\" \/><\/a>\n\t\t\t<\/div>\n\t\t\t\t<figcaption class='wp-caption-text gallery-caption' id='gallery-1-53822'>\n\t\t\t\tOficinas Uala II \/ Hitzig Militello Arquitectos (\u00a9 Federico Kulekdjian)\n\t\t\t\t<\/figcaption><\/figure><figure class='gallery-item'>\n\t\t\t<div class='gallery-icon landscape'>\n\t\t\t\t<a href='https:\/\/www.arquimaster.com.ar\/web\/wp-content\/uploads\/2020\/03\/oficinas_uala_10.jpg' title=\"Oficinas Uala II \/ Hitzig Militello Arquitectos (\u00a9 Federico Kulekdjian)\" data-rl_title=\"Oficinas Uala II \/ Hitzig Militello Arquitectos (\u00a9 Federico Kulekdjian)\" class=\"rl-gallery-link\" data-rl_caption=\"Oficinas Uala II \/ Hitzig Militello Arquitectos (\u00a9 Federico Kulekdjian)\" data-rel=\"lightbox-gallery-1\"><img loading=\"lazy\" decoding=\"async\" width=\"150\" height=\"150\" src=\"https:\/\/www.arquimaster.com.ar\/web\/wp-content\/uploads\/2020\/03\/oficinas_uala_10-150x150.jpg\" class=\"attachment-thumbnail size-thumbnail\" alt=\"\" aria-describedby=\"gallery-1-53823\" \/><\/a>\n\t\t\t<\/div>\n\t\t\t\t<figcaption class='wp-caption-text gallery-caption' id='gallery-1-53823'>\n\t\t\t\tOficinas Uala II \/ Hitzig Militello Arquitectos (\u00a9 Federico Kulekdjian)\n\t\t\t\t<\/figcaption><\/figure><figure class='gallery-item'>\n\t\t\t<div class='gallery-icon landscape'>\n\t\t\t\t<a href='https:\/\/www.arquimaster.com.ar\/web\/wp-content\/uploads\/2020\/03\/oficinas_uala_11.jpg' title=\"Oficinas Uala II \/ Hitzig Militello Arquitectos (\u00a9 Federico Kulekdjian)\" data-rl_title=\"Oficinas Uala II \/ Hitzig Militello Arquitectos (\u00a9 Federico Kulekdjian)\" class=\"rl-gallery-link\" data-rl_caption=\"Oficinas Uala II \/ Hitzig Militello Arquitectos (\u00a9 Federico Kulekdjian)\" data-rel=\"lightbox-gallery-1\"><img loading=\"lazy\" decoding=\"async\" width=\"150\" height=\"150\" src=\"https:\/\/www.arquimaster.com.ar\/web\/wp-content\/uploads\/2020\/03\/oficinas_uala_11-150x150.jpg\" class=\"attachment-thumbnail size-thumbnail\" alt=\"\" aria-describedby=\"gallery-1-53824\" \/><\/a>\n\t\t\t<\/div>\n\t\t\t\t<figcaption class='wp-caption-text gallery-caption' id='gallery-1-53824'>\n\t\t\t\tOficinas Uala II \/ Hitzig Militello Arquitectos (\u00a9 Federico Kulekdjian)\n\t\t\t\t<\/figcaption><\/figure><figure class='gallery-item'>\n\t\t\t<div class='gallery-icon landscape'>\n\t\t\t\t<a href='https:\/\/www.arquimaster.com.ar\/web\/wp-content\/uploads\/2020\/03\/oficinas_uala_12.jpg' title=\"Oficinas Uala II \/ Hitzig Militello Arquitectos (\u00a9 Federico Kulekdjian)\" data-rl_title=\"Oficinas Uala II \/ Hitzig Militello Arquitectos (\u00a9 Federico Kulekdjian)\" class=\"rl-gallery-link\" data-rl_caption=\"Oficinas Uala II \/ Hitzig Militello Arquitectos (\u00a9 Federico Kulekdjian)\" data-rel=\"lightbox-gallery-1\"><img loading=\"lazy\" decoding=\"async\" width=\"150\" height=\"150\" src=\"https:\/\/www.arquimaster.com.ar\/web\/wp-content\/uploads\/2020\/03\/oficinas_uala_12-150x150.jpg\" class=\"attachment-thumbnail size-thumbnail\" alt=\"\" aria-describedby=\"gallery-1-53825\" \/><\/a>\n\t\t\t<\/div>\n\t\t\t\t<figcaption class='wp-caption-text gallery-caption' id='gallery-1-53825'>\n\t\t\t\tOficinas Uala II \/ Hitzig Militello Arquitectos (\u00a9 Federico Kulekdjian)\n\t\t\t\t<\/figcaption><\/figure><figure class='gallery-item'>\n\t\t\t<div class='gallery-icon landscape'>\n\t\t\t\t<a href='https:\/\/www.arquimaster.com.ar\/web\/wp-content\/uploads\/2020\/03\/oficinas_uala_13.jpg' title=\"Oficinas Uala II \/ Hitzig Militello Arquitectos (\u00a9 Federico Kulekdjian)\" data-rl_title=\"Oficinas Uala II \/ Hitzig Militello Arquitectos (\u00a9 Federico Kulekdjian)\" class=\"rl-gallery-link\" data-rl_caption=\"Oficinas Uala II \/ Hitzig Militello Arquitectos (\u00a9 Federico Kulekdjian)\" data-rel=\"lightbox-gallery-1\"><img loading=\"lazy\" decoding=\"async\" width=\"150\" height=\"150\" src=\"https:\/\/www.arquimaster.com.ar\/web\/wp-content\/uploads\/2020\/03\/oficinas_uala_13-150x150.jpg\" class=\"attachment-thumbnail size-thumbnail\" alt=\"\" aria-describedby=\"gallery-1-53826\" \/><\/a>\n\t\t\t<\/div>\n\t\t\t\t<figcaption class='wp-caption-text gallery-caption' id='gallery-1-53826'>\n\t\t\t\tOficinas Uala II \/ Hitzig Militello Arquitectos (\u00a9 Federico Kulekdjian)\n\t\t\t\t<\/figcaption><\/figure><figure class='gallery-item'>\n\t\t\t<div class='gallery-icon landscape'>\n\t\t\t\t<a href='https:\/\/www.arquimaster.com.ar\/web\/wp-content\/uploads\/2020\/03\/oficinas_uala_14.jpg' title=\"Oficinas Uala II \/ Hitzig Militello Arquitectos (\u00a9 Federico Kulekdjian)\" data-rl_title=\"Oficinas Uala II \/ Hitzig Militello Arquitectos (\u00a9 Federico Kulekdjian)\" class=\"rl-gallery-link\" data-rl_caption=\"Oficinas Uala II \/ Hitzig Militello Arquitectos (\u00a9 Federico Kulekdjian)\" data-rel=\"lightbox-gallery-1\"><img loading=\"lazy\" decoding=\"async\" width=\"150\" height=\"150\" src=\"https:\/\/www.arquimaster.com.ar\/web\/wp-content\/uploads\/2020\/03\/oficinas_uala_14-150x150.jpg\" class=\"attachment-thumbnail size-thumbnail\" alt=\"\" aria-describedby=\"gallery-1-53827\" \/><\/a>\n\t\t\t<\/div>\n\t\t\t\t<figcaption class='wp-caption-text gallery-caption' id='gallery-1-53827'>\n\t\t\t\tOficinas Uala II \/ Hitzig Militello Arquitectos (\u00a9 Federico Kulekdjian)\n\t\t\t\t<\/figcaption><\/figure><figure class='gallery-item'>\n\t\t\t<div class='gallery-icon landscape'>\n\t\t\t\t<a href='https:\/\/www.arquimaster.com.ar\/web\/wp-content\/uploads\/2020\/03\/oficinas_uala_15.jpg' title=\"Oficinas Uala II \/ Hitzig Militello Arquitectos (\u00a9 Federico Kulekdjian)\" data-rl_title=\"Oficinas Uala II \/ Hitzig Militello Arquitectos (\u00a9 Federico Kulekdjian)\" class=\"rl-gallery-link\" data-rl_caption=\"Oficinas Uala II \/ Hitzig Militello Arquitectos (\u00a9 Federico Kulekdjian)\" data-rel=\"lightbox-gallery-1\"><img loading=\"lazy\" decoding=\"async\" width=\"150\" height=\"150\" src=\"https:\/\/www.arquimaster.com.ar\/web\/wp-content\/uploads\/2020\/03\/oficinas_uala_15-150x150.jpg\" class=\"attachment-thumbnail size-thumbnail\" alt=\"\" aria-describedby=\"gallery-1-53828\" \/><\/a>\n\t\t\t<\/div>\n\t\t\t\t<figcaption class='wp-caption-text gallery-caption' id='gallery-1-53828'>\n\t\t\t\tOficinas Uala II \/ Hitzig Militello Arquitectos (\u00a9 Federico Kulekdjian)\n\t\t\t\t<\/figcaption><\/figure><figure class='gallery-item'>\n\t\t\t<div class='gallery-icon landscape'>\n\t\t\t\t<a href='https:\/\/www.arquimaster.com.ar\/web\/wp-content\/uploads\/2020\/03\/oficinas_uala_16.jpg' title=\"Oficinas Uala II \/ Hitzig Militello Arquitectos (\u00a9 Federico Kulekdjian)\" data-rl_title=\"Oficinas Uala II \/ Hitzig Militello Arquitectos (\u00a9 Federico Kulekdjian)\" class=\"rl-gallery-link\" data-rl_caption=\"Oficinas Uala II \/ Hitzig Militello Arquitectos (\u00a9 Federico Kulekdjian)\" data-rel=\"lightbox-gallery-1\"><img loading=\"lazy\" decoding=\"async\" width=\"150\" height=\"150\" src=\"https:\/\/www.arquimaster.com.ar\/web\/wp-content\/uploads\/2020\/03\/oficinas_uala_16-150x150.jpg\" class=\"attachment-thumbnail size-thumbnail\" alt=\"\" aria-describedby=\"gallery-1-53829\" \/><\/a>\n\t\t\t<\/div>\n\t\t\t\t<figcaption class='wp-caption-text gallery-caption' id='gallery-1-53829'>\n\t\t\t\tOficinas Uala II \/ Hitzig Militello Arquitectos (\u00a9 Federico Kulekdjian)\n\t\t\t\t<\/figcaption><\/figure><figure class='gallery-item'>\n\t\t\t<div class='gallery-icon landscape'>\n\t\t\t\t<a href='https:\/\/www.arquimaster.com.ar\/web\/wp-content\/uploads\/2020\/03\/oficinas_uala_17.jpg' title=\"Oficinas Uala II \/ Hitzig Militello Arquitectos (\u00a9 Federico Kulekdjian)\" data-rl_title=\"Oficinas Uala II \/ Hitzig Militello Arquitectos (\u00a9 Federico Kulekdjian)\" class=\"rl-gallery-link\" data-rl_caption=\"Oficinas Uala II \/ Hitzig Militello Arquitectos (\u00a9 Federico Kulekdjian)\" data-rel=\"lightbox-gallery-1\"><img loading=\"lazy\" decoding=\"async\" width=\"150\" height=\"150\" src=\"https:\/\/www.arquimaster.com.ar\/web\/wp-content\/uploads\/2020\/03\/oficinas_uala_17-150x150.jpg\" class=\"attachment-thumbnail size-thumbnail\" alt=\"\" aria-describedby=\"gallery-1-53830\" \/><\/a>\n\t\t\t<\/div>\n\t\t\t\t<figcaption class='wp-caption-text gallery-caption' id='gallery-1-53830'>\n\t\t\t\tOficinas Uala II \/ Hitzig Militello Arquitectos (\u00a9 Federico Kulekdjian)\n\t\t\t\t<\/figcaption><\/figure><figure class='gallery-item'>\n\t\t\t<div class='gallery-icon landscape'>\n\t\t\t\t<a href='https:\/\/www.arquimaster.com.ar\/web\/wp-content\/uploads\/2020\/03\/oficinas_uala_18.jpg' title=\"Oficinas Uala II \/ Hitzig Militello Arquitectos (\u00a9 Federico Kulekdjian)\" data-rl_title=\"Oficinas Uala II \/ Hitzig Militello Arquitectos (\u00a9 Federico Kulekdjian)\" class=\"rl-gallery-link\" data-rl_caption=\"Oficinas Uala II \/ Hitzig Militello Arquitectos (\u00a9 Federico Kulekdjian)\" data-rel=\"lightbox-gallery-1\"><img loading=\"lazy\" decoding=\"async\" width=\"150\" height=\"150\" src=\"https:\/\/www.arquimaster.com.ar\/web\/wp-content\/uploads\/2020\/03\/oficinas_uala_18-150x150.jpg\" class=\"attachment-thumbnail size-thumbnail\" alt=\"\" aria-describedby=\"gallery-1-53831\" \/><\/a>\n\t\t\t<\/div>\n\t\t\t\t<figcaption class='wp-caption-text gallery-caption' id='gallery-1-53831'>\n\t\t\t\tOficinas Uala II \/ Hitzig Militello Arquitectos (\u00a9 Federico Kulekdjian)\n\t\t\t\t<\/figcaption><\/figure><figure class='gallery-item'>\n\t\t\t<div class='gallery-icon landscape'>\n\t\t\t\t<a href='https:\/\/www.arquimaster.com.ar\/web\/wp-content\/uploads\/2020\/03\/oficinas_uala_19.jpg' title=\"Oficinas Uala II \/ Hitzig Militello Arquitectos (\u00a9 Federico Kulekdjian)\" data-rl_title=\"Oficinas Uala II \/ Hitzig Militello Arquitectos (\u00a9 Federico Kulekdjian)\" class=\"rl-gallery-link\" data-rl_caption=\"Oficinas Uala II \/ Hitzig Militello Arquitectos (\u00a9 Federico Kulekdjian)\" data-rel=\"lightbox-gallery-1\"><img loading=\"lazy\" decoding=\"async\" width=\"150\" height=\"150\" src=\"https:\/\/www.arquimaster.com.ar\/web\/wp-content\/uploads\/2020\/03\/oficinas_uala_19-150x150.jpg\" class=\"attachment-thumbnail size-thumbnail\" alt=\"\" aria-describedby=\"gallery-1-53832\" \/><\/a>\n\t\t\t<\/div>\n\t\t\t\t<figcaption class='wp-caption-text gallery-caption' id='gallery-1-53832'>\n\t\t\t\tOficinas Uala II \/ Hitzig Militello Arquitectos (\u00a9 Federico Kulekdjian)\n\t\t\t\t<\/figcaption><\/figure><figure class='gallery-item'>\n\t\t\t<div class='gallery-icon landscape'>\n\t\t\t\t<a href='https:\/\/www.arquimaster.com.ar\/web\/wp-content\/uploads\/2020\/03\/oficinas_uala_20.jpg' title=\"Oficinas Uala II \/ Hitzig Militello Arquitectos (\u00a9 Federico Kulekdjian)\" data-rl_title=\"Oficinas Uala II \/ Hitzig Militello Arquitectos (\u00a9 Federico Kulekdjian)\" class=\"rl-gallery-link\" data-rl_caption=\"Oficinas Uala II \/ Hitzig Militello Arquitectos (\u00a9 Federico Kulekdjian)\" data-rel=\"lightbox-gallery-1\"><img loading=\"lazy\" decoding=\"async\" width=\"150\" height=\"150\" src=\"https:\/\/www.arquimaster.com.ar\/web\/wp-content\/uploads\/2020\/03\/oficinas_uala_20-150x150.jpg\" class=\"attachment-thumbnail size-thumbnail\" alt=\"\" aria-describedby=\"gallery-1-53833\" \/><\/a>\n\t\t\t<\/div>\n\t\t\t\t<figcaption class='wp-caption-text gallery-caption' id='gallery-1-53833'>\n\t\t\t\tOficinas Uala II \/ Hitzig Militello Arquitectos (\u00a9 Federico Kulekdjian)\n\t\t\t\t<\/figcaption><\/figure><figure class='gallery-item'>\n\t\t\t<div class='gallery-icon landscape'>\n\t\t\t\t<a href='https:\/\/www.arquimaster.com.ar\/web\/wp-content\/uploads\/2020\/03\/oficinas_uala_21.jpg' title=\"Oficinas Uala II \/ Hitzig Militello Arquitectos (\u00a9 Federico Kulekdjian)\" data-rl_title=\"Oficinas Uala II \/ Hitzig Militello Arquitectos (\u00a9 Federico Kulekdjian)\" class=\"rl-gallery-link\" data-rl_caption=\"Oficinas Uala II \/ Hitzig Militello Arquitectos (\u00a9 Federico Kulekdjian)\" data-rel=\"lightbox-gallery-1\"><img loading=\"lazy\" decoding=\"async\" width=\"150\" height=\"150\" src=\"https:\/\/www.arquimaster.com.ar\/web\/wp-content\/uploads\/2020\/03\/oficinas_uala_21-150x150.jpg\" class=\"attachment-thumbnail size-thumbnail\" alt=\"\" aria-describedby=\"gallery-1-53834\" \/><\/a>\n\t\t\t<\/div>\n\t\t\t\t<figcaption class='wp-caption-text gallery-caption' id='gallery-1-53834'>\n\t\t\t\tOficinas Uala II \/ Hitzig Militello Arquitectos (\u00a9 Federico Kulekdjian)\n\t\t\t\t<\/figcaption><\/figure><figure class='gallery-item'>\n\t\t\t<div class='gallery-icon landscape'>\n\t\t\t\t<a href='https:\/\/www.arquimaster.com.ar\/web\/wp-content\/uploads\/2020\/03\/oficinas_uala_22.jpg' title=\"Oficinas Uala II \/ Hitzig Militello Arquitectos (\u00a9 Federico Kulekdjian)\" data-rl_title=\"Oficinas Uala II \/ Hitzig Militello Arquitectos (\u00a9 Federico Kulekdjian)\" class=\"rl-gallery-link\" data-rl_caption=\"Oficinas Uala II \/ Hitzig Militello Arquitectos (\u00a9 Federico Kulekdjian)\" data-rel=\"lightbox-gallery-1\"><img loading=\"lazy\" decoding=\"async\" width=\"150\" height=\"150\" src=\"https:\/\/www.arquimaster.com.ar\/web\/wp-content\/uploads\/2020\/03\/oficinas_uala_22-150x150.jpg\" class=\"attachment-thumbnail size-thumbnail\" alt=\"\" aria-describedby=\"gallery-1-53835\" \/><\/a>\n\t\t\t<\/div>\n\t\t\t\t<figcaption class='wp-caption-text gallery-caption' id='gallery-1-53835'>\n\t\t\t\tOficinas Uala II \/ Hitzig Militello Arquitectos (\u00a9 Federico Kulekdjian)\n\t\t\t\t<\/figcaption><\/figure><figure class='gallery-item'>\n\t\t\t<div class='gallery-icon landscape'>\n\t\t\t\t<a href='https:\/\/www.arquimaster.com.ar\/web\/wp-content\/uploads\/2020\/03\/oficinas_uala_23.jpg' title=\"Oficinas Uala II \/ Hitzig Militello Arquitectos (\u00a9 Federico Kulekdjian)\" data-rl_title=\"Oficinas Uala II \/ Hitzig Militello Arquitectos (\u00a9 Federico Kulekdjian)\" class=\"rl-gallery-link\" data-rl_caption=\"Oficinas Uala II \/ Hitzig Militello Arquitectos (\u00a9 Federico Kulekdjian)\" data-rel=\"lightbox-gallery-1\"><img loading=\"lazy\" decoding=\"async\" width=\"150\" height=\"150\" src=\"https:\/\/www.arquimaster.com.ar\/web\/wp-content\/uploads\/2020\/03\/oficinas_uala_23-150x150.jpg\" class=\"attachment-thumbnail size-thumbnail\" alt=\"\" aria-describedby=\"gallery-1-53836\" \/><\/a>\n\t\t\t<\/div>\n\t\t\t\t<figcaption class='wp-caption-text gallery-caption' id='gallery-1-53836'>\n\t\t\t\tOficinas Uala II \/ Hitzig Militello Arquitectos (\u00a9 Federico Kulekdjian)\n\t\t\t\t<\/figcaption><\/figure><figure class='gallery-item'>\n\t\t\t<div class='gallery-icon landscape'>\n\t\t\t\t<a href='https:\/\/www.arquimaster.com.ar\/web\/wp-content\/uploads\/2020\/03\/oficinas_uala_24.jpg' title=\"Oficinas Uala II \/ Hitzig Militello Arquitectos (\u00a9 Federico Kulekdjian)\" data-rl_title=\"Oficinas Uala II \/ Hitzig Militello Arquitectos (\u00a9 Federico Kulekdjian)\" class=\"rl-gallery-link\" data-rl_caption=\"Oficinas Uala II \/ Hitzig Militello Arquitectos (\u00a9 Federico Kulekdjian)\" data-rel=\"lightbox-gallery-1\"><img loading=\"lazy\" decoding=\"async\" width=\"150\" height=\"150\" src=\"https:\/\/www.arquimaster.com.ar\/web\/wp-content\/uploads\/2020\/03\/oficinas_uala_24-150x150.jpg\" class=\"attachment-thumbnail size-thumbnail\" alt=\"\" aria-describedby=\"gallery-1-53837\" \/><\/a>\n\t\t\t<\/div>\n\t\t\t\t<figcaption class='wp-caption-text gallery-caption' id='gallery-1-53837'>\n\t\t\t\tOficinas Uala II \/ Hitzig Militello Arquitectos (\u00a9 Federico Kulekdjian)\n\t\t\t\t<\/figcaption><\/figure><figure class='gallery-item'>\n\t\t\t<div class='gallery-icon landscape'>\n\t\t\t\t<a href='https:\/\/www.arquimaster.com.ar\/web\/wp-content\/uploads\/2020\/03\/oficinas_uala_25.jpg' title=\"Oficinas Uala II \/ Hitzig Militello Arquitectos (\u00a9 Federico Kulekdjian)\" data-rl_title=\"Oficinas Uala II \/ Hitzig Militello Arquitectos (\u00a9 Federico Kulekdjian)\" class=\"rl-gallery-link\" data-rl_caption=\"Oficinas Uala II \/ Hitzig Militello Arquitectos (\u00a9 Federico Kulekdjian)\" data-rel=\"lightbox-gallery-1\"><img loading=\"lazy\" decoding=\"async\" width=\"150\" height=\"150\" src=\"https:\/\/www.arquimaster.com.ar\/web\/wp-content\/uploads\/2020\/03\/oficinas_uala_25-150x150.jpg\" class=\"attachment-thumbnail size-thumbnail\" alt=\"\" aria-describedby=\"gallery-1-53838\" \/><\/a>\n\t\t\t<\/div>\n\t\t\t\t<figcaption class='wp-caption-text gallery-caption' id='gallery-1-53838'>\n\t\t\t\tOficinas Uala II \/ Hitzig Militello Arquitectos (\u00a9 Federico Kulekdjian)\n\t\t\t\t<\/figcaption><\/figure><figure class='gallery-item'>\n\t\t\t<div class='gallery-icon portrait'>\n\t\t\t\t<a href='https:\/\/www.arquimaster.com.ar\/web\/wp-content\/uploads\/2020\/03\/oficinas_uala_26.jpg' title=\"Oficinas Uala II \/ Hitzig Militello Arquitectos (\u00a9 Federico Kulekdjian)\" data-rl_title=\"Oficinas Uala II \/ Hitzig Militello Arquitectos (\u00a9 Federico Kulekdjian)\" class=\"rl-gallery-link\" data-rl_caption=\"Oficinas Uala II \/ Hitzig Militello Arquitectos (\u00a9 Federico Kulekdjian)\" data-rel=\"lightbox-gallery-1\"><img loading=\"lazy\" decoding=\"async\" width=\"150\" height=\"150\" src=\"https:\/\/www.arquimaster.com.ar\/web\/wp-content\/uploads\/2020\/03\/oficinas_uala_26-150x150.jpg\" class=\"attachment-thumbnail size-thumbnail\" alt=\"\" aria-describedby=\"gallery-1-53839\" \/><\/a>\n\t\t\t<\/div>\n\t\t\t\t<figcaption class='wp-caption-text gallery-caption' id='gallery-1-53839'>\n\t\t\t\tOficinas Uala II \/ Hitzig Militello Arquitectos (\u00a9 Federico Kulekdjian)\n\t\t\t\t<\/figcaption><\/figure><figure class='gallery-item'>\n\t\t\t<div class='gallery-icon portrait'>\n\t\t\t\t<a href='https:\/\/www.arquimaster.com.ar\/web\/wp-content\/uploads\/2020\/03\/oficinas_uala_27.jpg' title=\"Oficinas Uala II \/ Hitzig Militello Arquitectos (\u00a9 Federico Kulekdjian)\" data-rl_title=\"Oficinas Uala II \/ Hitzig Militello Arquitectos (\u00a9 Federico Kulekdjian)\" class=\"rl-gallery-link\" data-rl_caption=\"Oficinas Uala II \/ Hitzig Militello Arquitectos (\u00a9 Federico Kulekdjian)\" data-rel=\"lightbox-gallery-1\"><img loading=\"lazy\" decoding=\"async\" width=\"150\" height=\"150\" src=\"https:\/\/www.arquimaster.com.ar\/web\/wp-content\/uploads\/2020\/03\/oficinas_uala_27-150x150.jpg\" class=\"attachment-thumbnail size-thumbnail\" alt=\"\" aria-describedby=\"gallery-1-53840\" \/><\/a>\n\t\t\t<\/div>\n\t\t\t\t<figcaption class='wp-caption-text gallery-caption' id='gallery-1-53840'>\n\t\t\t\tOficinas Uala II \/ Hitzig Militello Arquitectos (\u00a9 Federico Kulekdjian)\n\t\t\t\t<\/figcaption><\/figure><figure class='gallery-item'>\n\t\t\t<div class='gallery-icon landscape'>\n\t\t\t\t<a href='https:\/\/www.arquimaster.com.ar\/web\/wp-content\/uploads\/2020\/03\/oficinas_uala_28.jpg' title=\"Oficinas Uala II \/ Hitzig Militello Arquitectos (\u00a9 Federico Kulekdjian)\" data-rl_title=\"Oficinas Uala II \/ Hitzig Militello Arquitectos (\u00a9 Federico Kulekdjian)\" class=\"rl-gallery-link\" data-rl_caption=\"Oficinas Uala II \/ Hitzig Militello Arquitectos (\u00a9 Federico Kulekdjian)\" data-rel=\"lightbox-gallery-1\"><img loading=\"lazy\" decoding=\"async\" width=\"150\" height=\"150\" src=\"https:\/\/www.arquimaster.com.ar\/web\/wp-content\/uploads\/2020\/03\/oficinas_uala_28-150x150.jpg\" class=\"attachment-thumbnail size-thumbnail\" alt=\"\" aria-describedby=\"gallery-1-53841\" \/><\/a>\n\t\t\t<\/div>\n\t\t\t\t<figcaption class='wp-caption-text gallery-caption' id='gallery-1-53841'>\n\t\t\t\tOficinas Uala II \/ Hitzig Militello Arquitectos (\u00a9 Federico Kulekdjian)\n\t\t\t\t<\/figcaption><\/figure><figure class='gallery-item'>\n\t\t\t<div class='gallery-icon landscape'>\n\t\t\t\t<a href='https:\/\/www.arquimaster.com.ar\/web\/wp-content\/uploads\/2020\/03\/oficinas_uala_29.jpg' title=\"Oficinas Uala II \/ Hitzig Militello Arquitectos (\u00a9 Federico Kulekdjian)\" data-rl_title=\"Oficinas Uala II \/ Hitzig Militello Arquitectos (\u00a9 Federico Kulekdjian)\" class=\"rl-gallery-link\" data-rl_caption=\"Oficinas Uala II \/ Hitzig Militello Arquitectos (\u00a9 Federico Kulekdjian)\" data-rel=\"lightbox-gallery-1\"><img loading=\"lazy\" decoding=\"async\" width=\"150\" height=\"150\" src=\"https:\/\/www.arquimaster.com.ar\/web\/wp-content\/uploads\/2020\/03\/oficinas_uala_29-150x150.jpg\" class=\"attachment-thumbnail size-thumbnail\" alt=\"\" aria-describedby=\"gallery-1-53842\" \/><\/a>\n\t\t\t<\/div>\n\t\t\t\t<figcaption class='wp-caption-text gallery-caption' id='gallery-1-53842'>\n\t\t\t\tOficinas Uala II \/ Hitzig Militello Arquitectos (\u00a9 Federico Kulekdjian)\n\t\t\t\t<\/figcaption><\/figure><figure class='gallery-item'>\n\t\t\t<div class='gallery-icon landscape'>\n\t\t\t\t<a href='https:\/\/www.arquimaster.com.ar\/web\/wp-content\/uploads\/2020\/03\/oficinas_uala_30.jpg' title=\"Oficinas Uala II \/ Hitzig Militello Arquitectos (planta baja)\" data-rl_title=\"Oficinas Uala II \/ Hitzig Militello Arquitectos (planta baja)\" class=\"rl-gallery-link\" data-rl_caption=\"Oficinas Uala II \/ Hitzig Militello Arquitectos (planta baja)\" data-rel=\"lightbox-gallery-1\"><img loading=\"lazy\" decoding=\"async\" width=\"150\" height=\"150\" src=\"https:\/\/www.arquimaster.com.ar\/web\/wp-content\/uploads\/2020\/03\/oficinas_uala_30-150x150.jpg\" class=\"attachment-thumbnail size-thumbnail\" alt=\"\" aria-describedby=\"gallery-1-53843\" \/><\/a>\n\t\t\t<\/div>\n\t\t\t\t<figcaption class='wp-caption-text gallery-caption' id='gallery-1-53843'>\n\t\t\t\tOficinas Uala II \/ Hitzig Militello Arquitectos (planta baja)\n\t\t\t\t<\/figcaption><\/figure><figure class='gallery-item'>\n\t\t\t<div class='gallery-icon landscape'>\n\t\t\t\t<a href='https:\/\/www.arquimaster.com.ar\/web\/wp-content\/uploads\/2020\/03\/oficinas_uala_31.jpg' title=\"Oficinas Uala II \/ Hitzig Militello Arquitectos (planta alta)\" data-rl_title=\"Oficinas Uala II \/ Hitzig Militello Arquitectos (planta alta)\" class=\"rl-gallery-link\" data-rl_caption=\"Oficinas Uala II \/ Hitzig Militello Arquitectos (planta alta)\" data-rel=\"lightbox-gallery-1\"><img loading=\"lazy\" decoding=\"async\" width=\"150\" height=\"150\" src=\"https:\/\/www.arquimaster.com.ar\/web\/wp-content\/uploads\/2020\/03\/oficinas_uala_31-150x150.jpg\" class=\"attachment-thumbnail size-thumbnail\" alt=\"\" aria-describedby=\"gallery-1-53844\" \/><\/a>\n\t\t\t<\/div>\n\t\t\t\t<figcaption class='wp-caption-text gallery-caption' id='gallery-1-53844'>\n\t\t\t\tOficinas Uala II \/ Hitzig Militello Arquitectos (planta alta)\n\t\t\t\t<\/figcaption><\/figure><figure class='gallery-item'>\n\t\t\t<div class='gallery-icon landscape'>\n\t\t\t\t<a href='https:\/\/www.arquimaster.com.ar\/web\/wp-content\/uploads\/2020\/03\/oficinas_uala_32.jpg' title=\"Oficinas Uala II \/ Hitzig Militello Arquitectos (corte longitudinal)\" data-rl_title=\"Oficinas Uala II \/ Hitzig Militello Arquitectos (corte longitudinal)\" class=\"rl-gallery-link\" data-rl_caption=\"Oficinas Uala II \/ Hitzig Militello Arquitectos (corte longitudinal)\" data-rel=\"lightbox-gallery-1\"><img loading=\"lazy\" decoding=\"async\" width=\"150\" height=\"150\" src=\"https:\/\/www.arquimaster.com.ar\/web\/wp-content\/uploads\/2020\/03\/oficinas_uala_32-150x150.jpg\" class=\"attachment-thumbnail size-thumbnail\" alt=\"\" aria-describedby=\"gallery-1-53845\" \/><\/a>\n\t\t\t<\/div>\n\t\t\t\t<figcaption class='wp-caption-text gallery-caption' id='gallery-1-53845'>\n\t\t\t\tOficinas Uala II \/ Hitzig Militello Arquitectos (corte longitudinal)\n\t\t\t\t<\/figcaption><\/figure><figure class='gallery-item'>\n\t\t\t<div class='gallery-icon portrait'>\n\t\t\t\t<a href='https:\/\/www.arquimaster.com.ar\/web\/wp-content\/uploads\/2020\/03\/oficinas_uala_33.jpg' title=\"Oficinas Uala II \/ Hitzig Militello Arquitectos (corte transversal)\" data-rl_title=\"Oficinas Uala II \/ Hitzig Militello Arquitectos (corte transversal)\" class=\"rl-gallery-link\" data-rl_caption=\"Oficinas Uala II \/ Hitzig Militello Arquitectos (corte transversal)\" data-rel=\"lightbox-gallery-1\"><img loading=\"lazy\" decoding=\"async\" width=\"150\" height=\"150\" src=\"https:\/\/www.arquimaster.com.ar\/web\/wp-content\/uploads\/2020\/03\/oficinas_uala_33-150x150.jpg\" class=\"attachment-thumbnail size-thumbnail\" alt=\"\" aria-describedby=\"gallery-1-53846\" \/><\/a>\n\t\t\t<\/div>\n\t\t\t\t<figcaption class='wp-caption-text gallery-caption' id='gallery-1-53846'>\n\t\t\t\tOficinas Uala II \/ Hitzig Militello Arquitectos (corte transversal)\n\t\t\t\t<\/figcaption><\/figure>\n\t\t<\/div>\n\n<p>El proyecto se estructura en dos grandes espacios unidos entre si por un pasillo conector y un patio a modo de pulm\u00f3n. Partiendo de la base de las exigencias program\u00e1ticas del cliente y de las condiciones inherentes al espacio a intervenir -un tinglado en pleno Palermo- la decisi\u00f3n fue segmentar la superficie total seg\u00fan necesidades de uso. Se gener\u00f3 as\u00ed un \u00e1rea de recepci\u00f3n que hace de antesala a un gran espacio en doble altura, que propone un \u00fanico lugar organizado por islas de trabajo.<\/p>\n<p>La utilizaci\u00f3n de la estructura vista forma parte de un equilibrio entre el antiguo edificio y la nueva intervenci\u00f3n. La chapa negra acanalada juega un rol de contraste, por su naturaleza de material contempor\u00e1neo, en relaci\u00f3n al hormig\u00f3n rustico. De la misma forma la estructura del techo pintada de blanco guarda una relaci\u00f3n muy sutil, en cuanto a despegarse de la estructura existentes a trav\u00e9s de los tonos oscuros. Este cambio crom\u00e1tico permite entender un espacio entre lo existente y la nueva intervenci\u00f3n.<\/p>\n<p>Esta sala cumple el rol protag\u00f3nico del proyecto, dando posibilidad a 60 puestos de trabajo, todos con visuales a un patio exterior cuya atracci\u00f3n es el jard\u00edn vertical y con plena luz natural. Una gran piel de madera entablonada\/te\u00f1ida reviste muros y cubierta generando un gran espacio limpio de accesorios e instalaciones. Quedan ocultas vigas, mochetas, instalaciones el\u00e9ctricas, termomec\u00e1nicas, etc.<\/p>\n<p>Al igual que la primera oficina, este edificio cuenta con un espacio para reuniones informales y espacio de descanso. Dise\u00f1ado como un muro panal de abejas, donde los intersticios con espacios de uso, todos marcados por tres diferentes materiales, madera, vidrio y hierro.<\/p>\n<p>La decisi\u00f3n de uso de materiales, tanto de revestimientos como de equipamiento mobiliario pretende otorgar al espacio sencillez y calma visual mediante el uso de materiales nobles.<\/p>\n<p>Tanto el uso de los materiales constructivos, como los del equipamiento mobiliario, sumado al estudio de iluminaci\u00f3n (luz directa\/indirecta\/natural) y las condiciones termomec\u00e1nicas generan un todo que logran el confort ideal a la hora de concebir un espacio de trabajo.<\/p>\n<p><strong>Ficha t\u00e9cnica<\/strong><br \/>Nombre: Oficinas Uala II<br \/>Ubicaci\u00f3n: Nicaragua 4680, Ciudad de Buenos Aires, Argentina<br \/>Concept design, Proyecto, Documentaci\u00f3n, Direcci\u00f3n de obra e Interiorismo: Hitzig Militello Arquitectos<br \/>Documentaci\u00f3n de obra: Arq. Florencia Baserga, Arq. Ailen Aljadeff<br \/>Direcci\u00f3n de obra: Arq. Fernando Hitzig<br \/>Programa: Oficina<br \/>Superficie: Planta baja 375 m2, Planta alta 382 m2<br \/>A\u00f1o: 2019-2020<br \/>Fotografia: Federico Kulekdjian<\/p>\n<p><strong>Contacto<\/strong><br \/><a href=\"http:\/\/www.estudiohma.com\" target=\"_blank\" rel=\"noopener noreferrer\">http:\/\/www.estudiohma.com<\/a><\/p>\n\n\n<div style=\"height:20px\" aria-hidden=\"true\" class=\"wp-block-spacer\"><\/div>\n\n\n<p><strong><em>English version<\/em><\/strong><br \/><strong><em>Uala II Office<\/em><\/strong><\/p>\n<p><em>The challenge of designing work spaces always entails a special reflection on the way in which we conceive activity and the development of work. There is no doubt that architecture, in this sense, has much to contribute to the quality of life of the user. With this premise we assumed the project for the second Ual\u00e1 offices. The project is organized in two large spaces joined together by a connecting corridor and a courtyard as a lung.<\/em><\/p>\n<p><em>Based on the programmatic requirements of the client and the inherent conditions of the space to intervene -a shed in the middle of Palermo neigbourhood- the decision was to segment the total surface according to needs of use in two levels. This generated a reception area facing the main entrance, that serves as an antechamber to a large double-height space that proposes a single place organized by work islands. This room plays the leading role in the project, giving the possibility of 60 workplaces, all with visuals to an outdoor courtyard vegetated and a vertical garden. full of natural light.<\/em><\/p>\n<p><em>The use of the exposed structure is part of a balance between the old building and the new intervention. The black corrugated sheet metal has a contrasting role, due to its character of contemporary material, in relation to the rustic concrete. In the same way the structure of the ceiling painted in white has a very gentle relationship, in terms of detaching itself from the existing structure through the dark tones. This chromatic change allows to understand a gap between the existing and the new intervention.<\/em><\/p>\n<p><em>A large skin of planked dyed wood covers the walls and roof, generating a large clean space for accessories and installations. There are hidden beams, notched, electrical installations, thermomechanics, etc.<\/em><\/p>\n<p><em>Like the first offices, this building has a space for informal meetings and relaxation. Designed as a honeycomb wall, where the interstices with spaces of use, all marked by three different materials, wood, glass and iron.<\/em><\/p>\n<p><em>The decision to use materials, both cladding and furnishings, aims to give the space simplicity and visual calm through the use of noble materials. Both the use of building materials and furnishings, together with the study of lighting (direct\/indirect\/natural light) and thermomechanical conditions generate a whole that achieves ideal comfort when it comes to conceiving a work space.<\/em><\/p>\n<div style=\"font-size: 0px; height: 0px; line-height: 0px; margin: 0; padding: 0; clear: both;\"><\/div><div style=\"margin-top: 0px; margin-bottom: 0px;\" class=\"sharethis-inline-share-buttons\" ><\/div>","protected":false},"excerpt":{"rendered":"<p>Dos grandes espacios unidos entre si por un pasillo conector y un patio a modo de pulm\u00f3n&#8230;<\/p>\n","protected":false},"author":1,"featured_media":53847,"comment_status":"closed","ping_status":"closed","sticky":false,"template":"","format":"standard","meta":{"_uag_custom_page_level_css":"","footnotes":""},"categories":[76,1],"tags":[1362,16,1490,4495,1491,255,5766],"class_list":["post-53813","post","type-post","status-publish","format-standard","has-post-thumbnail","hentry","category-arquitectura-corporativa","category-proyecto","tag-arquitectura-corporativa-2","tag-buenos-aires","tag-fernando-hitzig","tag-hitzig-militello-arquitectos","tag-leonardo-militello","tag-oficinas","tag-uala","generate-columns","tablet-grid-50","mobile-grid-100","grid-parent","grid-50"],"yoast_head":"<!-- This site is optimized with the Yoast SEO plugin v27.3 - https:\/\/yoast.com\/product\/yoast-seo-wordpress\/ -->\n<title>\u25b7 Oficinas Uala II \/ Hitzig Militello Arquitectos - Arquimaster<\/title>\n<meta name=\"description\" content=\"El proyecto de oficinas de Ual\u00e1 se estructura en dos grandes espacios unidos entre si por un pasillo conector y un patio a modo de pulm\u00f3n.\" \/>\n<meta name=\"robots\" content=\"index, follow, max-snippet:-1, max-image-preview:large, max-video-preview:-1\" \/>\n<link rel=\"canonical\" href=\"https:\/\/www.arquimaster.com.ar\/web\/oficinas-uala-ii-hitzig-militello-arquitectos\/\" \/>\n<meta property=\"og:locale\" content=\"es_ES\" \/>\n<meta property=\"og:type\" content=\"article\" \/>\n<meta property=\"og:title\" content=\"Oficinas Uala II \/ Hitzig Militello Arquitectos\" \/>\n<meta property=\"og:description\" content=\"El proyecto de oficinas de Ual\u00e1 se estructura en dos grandes espacios unidos entre si por un pasillo conector y un patio a modo de pulm\u00f3n.\" \/>\n<meta property=\"og:url\" content=\"https:\/\/www.arquimaster.com.ar\/web\/oficinas-uala-ii-hitzig-militello-arquitectos\/\" \/>\n<meta property=\"og:site_name\" content=\"Arquimaster\" \/>\n<meta property=\"article:publisher\" content=\"http:\/\/www.facebook.com\/ARQUIMASTER.com.ar\" \/>\n<meta property=\"article:published_time\" content=\"2020-03-25T22:40:35+00:00\" \/>\n<meta property=\"article:modified_time\" content=\"2020-03-25T22:40:36+00:00\" \/>\n<meta property=\"og:image\" content=\"https:\/\/www.arquimaster.com.ar\/web\/wp-content\/uploads\/2020\/03\/oficinas_uala_slide.jpg\" \/>\n\t<meta property=\"og:image:width\" content=\"698\" \/>\n\t<meta property=\"og:image:height\" content=\"364\" \/>\n\t<meta property=\"og:image:type\" content=\"image\/jpeg\" \/>\n<meta name=\"author\" content=\"Arquimaster\" \/>\n<meta name=\"twitter:card\" content=\"summary_large_image\" \/>\n<meta name=\"twitter:title\" content=\"Oficinas Uala II \/ Hitzig Militello Arquitectos\" \/>\n<meta name=\"twitter:description\" content=\"El proyecto de oficinas de Ual\u00e1 se estructura en dos grandes espacios unidos entre si por un pasillo conector y un patio a modo de pulm\u00f3n.\" \/>\n<meta name=\"twitter:image\" content=\"https:\/\/www.arquimaster.com.ar\/web\/wp-content\/uploads\/2020\/03\/oficinas_uala_slide.jpg\" \/>\n<meta name=\"twitter:creator\" content=\"@arquimaster\" \/>\n<meta name=\"twitter:site\" content=\"@arquimaster\" \/>\n<meta name=\"twitter:label1\" content=\"Escrito por\" \/>\n\t<meta name=\"twitter:data1\" content=\"Arquimaster\" \/>\n\t<meta name=\"twitter:label2\" content=\"Tiempo de lectura\" \/>\n\t<meta name=\"twitter:data2\" content=\"4 minutos\" \/>\n<script type=\"application\/ld+json\" class=\"yoast-schema-graph\">{\"@context\":\"https:\\\/\\\/schema.org\",\"@graph\":[{\"@type\":\"Article\",\"@id\":\"https:\\\/\\\/www.arquimaster.com.ar\\\/web\\\/oficinas-uala-ii-hitzig-militello-arquitectos\\\/#article\",\"isPartOf\":{\"@id\":\"https:\\\/\\\/www.arquimaster.com.ar\\\/web\\\/oficinas-uala-ii-hitzig-militello-arquitectos\\\/\"},\"author\":{\"name\":\"Arquimaster\",\"@id\":\"https:\\\/\\\/www.arquimaster.com.ar\\\/web\\\/#\\\/schema\\\/person\\\/359e9f7c00193fcde068e0dd2ceb0028\"},\"headline\":\"Oficinas Uala II \\\/ Hitzig Militello Arquitectos\",\"datePublished\":\"2020-03-25T22:40:35+00:00\",\"dateModified\":\"2020-03-25T22:40:36+00:00\",\"mainEntityOfPage\":{\"@id\":\"https:\\\/\\\/www.arquimaster.com.ar\\\/web\\\/oficinas-uala-ii-hitzig-militello-arquitectos\\\/\"},\"wordCount\":898,\"publisher\":{\"@id\":\"https:\\\/\\\/www.arquimaster.com.ar\\\/web\\\/#organization\"},\"image\":{\"@id\":\"https:\\\/\\\/www.arquimaster.com.ar\\\/web\\\/oficinas-uala-ii-hitzig-militello-arquitectos\\\/#primaryimage\"},\"thumbnailUrl\":\"https:\\\/\\\/www.arquimaster.com.ar\\\/web\\\/wp-content\\\/uploads\\\/2020\\\/03\\\/oficinas_uala_slide.jpg\",\"keywords\":[\"arquitectura corporativa\",\"Buenos Aires\",\"Fernando Hitzig\",\"Hitzig Militello Arquitectos\",\"Leonardo Militello\",\"oficinas\",\"Ual\u00e1\"],\"articleSection\":[\"Arquitectura corporativa\",\"Proyecto\"],\"inLanguage\":\"es\"},{\"@type\":\"WebPage\",\"@id\":\"https:\\\/\\\/www.arquimaster.com.ar\\\/web\\\/oficinas-uala-ii-hitzig-militello-arquitectos\\\/\",\"url\":\"https:\\\/\\\/www.arquimaster.com.ar\\\/web\\\/oficinas-uala-ii-hitzig-militello-arquitectos\\\/\",\"name\":\"\u25b7 Oficinas Uala II \\\/ Hitzig Militello Arquitectos - Arquimaster\",\"isPartOf\":{\"@id\":\"https:\\\/\\\/www.arquimaster.com.ar\\\/web\\\/#website\"},\"primaryImageOfPage\":{\"@id\":\"https:\\\/\\\/www.arquimaster.com.ar\\\/web\\\/oficinas-uala-ii-hitzig-militello-arquitectos\\\/#primaryimage\"},\"image\":{\"@id\":\"https:\\\/\\\/www.arquimaster.com.ar\\\/web\\\/oficinas-uala-ii-hitzig-militello-arquitectos\\\/#primaryimage\"},\"thumbnailUrl\":\"https:\\\/\\\/www.arquimaster.com.ar\\\/web\\\/wp-content\\\/uploads\\\/2020\\\/03\\\/oficinas_uala_slide.jpg\",\"datePublished\":\"2020-03-25T22:40:35+00:00\",\"dateModified\":\"2020-03-25T22:40:36+00:00\",\"description\":\"El proyecto de oficinas de Ual\u00e1 se estructura en dos grandes espacios unidos entre si por un pasillo conector y un patio a modo de pulm\u00f3n.\",\"breadcrumb\":{\"@id\":\"https:\\\/\\\/www.arquimaster.com.ar\\\/web\\\/oficinas-uala-ii-hitzig-militello-arquitectos\\\/#breadcrumb\"},\"inLanguage\":\"es\",\"potentialAction\":[{\"@type\":\"ReadAction\",\"target\":[\"https:\\\/\\\/www.arquimaster.com.ar\\\/web\\\/oficinas-uala-ii-hitzig-militello-arquitectos\\\/\"]}]},{\"@type\":\"ImageObject\",\"inLanguage\":\"es\",\"@id\":\"https:\\\/\\\/www.arquimaster.com.ar\\\/web\\\/oficinas-uala-ii-hitzig-militello-arquitectos\\\/#primaryimage\",\"url\":\"https:\\\/\\\/www.arquimaster.com.ar\\\/web\\\/wp-content\\\/uploads\\\/2020\\\/03\\\/oficinas_uala_slide.jpg\",\"contentUrl\":\"https:\\\/\\\/www.arquimaster.com.ar\\\/web\\\/wp-content\\\/uploads\\\/2020\\\/03\\\/oficinas_uala_slide.jpg\",\"width\":698,\"height\":364},{\"@type\":\"BreadcrumbList\",\"@id\":\"https:\\\/\\\/www.arquimaster.com.ar\\\/web\\\/oficinas-uala-ii-hitzig-militello-arquitectos\\\/#breadcrumb\",\"itemListElement\":[{\"@type\":\"ListItem\",\"position\":1,\"name\":\"Portada\",\"item\":\"https:\\\/\\\/www.arquimaster.com.ar\\\/web\\\/\"},{\"@type\":\"ListItem\",\"position\":2,\"name\":\"Oficinas Uala II \\\/ Hitzig Militello Arquitectos\"}]},{\"@type\":\"WebSite\",\"@id\":\"https:\\\/\\\/www.arquimaster.com.ar\\\/web\\\/#website\",\"url\":\"https:\\\/\\\/www.arquimaster.com.ar\\\/web\\\/\",\"name\":\"Arquimaster\",\"description\":\"Web de arquitectura, dise\u00f1o y construccion\",\"publisher\":{\"@id\":\"https:\\\/\\\/www.arquimaster.com.ar\\\/web\\\/#organization\"},\"potentialAction\":[{\"@type\":\"SearchAction\",\"target\":{\"@type\":\"EntryPoint\",\"urlTemplate\":\"https:\\\/\\\/www.arquimaster.com.ar\\\/web\\\/?s={search_term_string}\"},\"query-input\":{\"@type\":\"PropertyValueSpecification\",\"valueRequired\":true,\"valueName\":\"search_term_string\"}}],\"inLanguage\":\"es\"},{\"@type\":\"Organization\",\"@id\":\"https:\\\/\\\/www.arquimaster.com.ar\\\/web\\\/#organization\",\"name\":\"Arquimaster\",\"url\":\"https:\\\/\\\/www.arquimaster.com.ar\\\/web\\\/\",\"logo\":{\"@type\":\"ImageObject\",\"inLanguage\":\"es\",\"@id\":\"https:\\\/\\\/www.arquimaster.com.ar\\\/web\\\/#\\\/schema\\\/logo\\\/image\\\/\",\"url\":\"https:\\\/\\\/www.arquimaster.com.ar\\\/web\\\/wp-content\\\/uploads\\\/2022\\\/06\\\/arquimaster.png\",\"contentUrl\":\"https:\\\/\\\/www.arquimaster.com.ar\\\/web\\\/wp-content\\\/uploads\\\/2022\\\/06\\\/arquimaster.png\",\"width\":594,\"height\":78,\"caption\":\"Arquimaster\"},\"image\":{\"@id\":\"https:\\\/\\\/www.arquimaster.com.ar\\\/web\\\/#\\\/schema\\\/logo\\\/image\\\/\"},\"sameAs\":[\"http:\\\/\\\/www.facebook.com\\\/ARQUIMASTER.com.ar\",\"https:\\\/\\\/x.com\\\/arquimaster\",\"https:\\\/\\\/www.instagram.com\\\/arquimasterblog\\\/\",\"https:\\\/\\\/www.linkedin.com\\\/company\\\/arquimaster\",\"https:\\\/\\\/www.pinterest.com\\\/arquimaster\",\"https:\\\/\\\/t.me\\\/arquimaster\"]},{\"@type\":\"Person\",\"@id\":\"https:\\\/\\\/www.arquimaster.com.ar\\\/web\\\/#\\\/schema\\\/person\\\/359e9f7c00193fcde068e0dd2ceb0028\",\"name\":\"Arquimaster\"}]}<\/script>\n<!-- \/ Yoast SEO plugin. -->","yoast_head_json":{"title":"\u25b7 Oficinas Uala II \/ Hitzig Militello Arquitectos - Arquimaster","description":"El proyecto de oficinas de Ual\u00e1 se estructura en dos grandes espacios unidos entre si por un pasillo conector y un patio a modo de pulm\u00f3n.","robots":{"index":"index","follow":"follow","max-snippet":"max-snippet:-1","max-image-preview":"max-image-preview:large","max-video-preview":"max-video-preview:-1"},"canonical":"https:\/\/www.arquimaster.com.ar\/web\/oficinas-uala-ii-hitzig-militello-arquitectos\/","og_locale":"es_ES","og_type":"article","og_title":"Oficinas Uala II \/ Hitzig Militello Arquitectos","og_description":"El proyecto de oficinas de Ual\u00e1 se estructura en dos grandes espacios unidos entre si por un pasillo conector y un patio a modo de pulm\u00f3n.","og_url":"https:\/\/www.arquimaster.com.ar\/web\/oficinas-uala-ii-hitzig-militello-arquitectos\/","og_site_name":"Arquimaster","article_publisher":"http:\/\/www.facebook.com\/ARQUIMASTER.com.ar","article_published_time":"2020-03-25T22:40:35+00:00","article_modified_time":"2020-03-25T22:40:36+00:00","og_image":[{"width":698,"height":364,"url":"https:\/\/www.arquimaster.com.ar\/web\/wp-content\/uploads\/2020\/03\/oficinas_uala_slide.jpg","type":"image\/jpeg"}],"author":"Arquimaster","twitter_card":"summary_large_image","twitter_title":"Oficinas Uala II \/ Hitzig Militello Arquitectos","twitter_description":"El proyecto de oficinas de Ual\u00e1 se estructura en dos grandes espacios unidos entre si por un pasillo conector y un patio a modo de pulm\u00f3n.","twitter_image":"https:\/\/www.arquimaster.com.ar\/web\/wp-content\/uploads\/2020\/03\/oficinas_uala_slide.jpg","twitter_creator":"@arquimaster","twitter_site":"@arquimaster","twitter_misc":{"Escrito por":"Arquimaster","Tiempo de lectura":"4 minutos"},"schema":{"@context":"https:\/\/schema.org","@graph":[{"@type":"Article","@id":"https:\/\/www.arquimaster.com.ar\/web\/oficinas-uala-ii-hitzig-militello-arquitectos\/#article","isPartOf":{"@id":"https:\/\/www.arquimaster.com.ar\/web\/oficinas-uala-ii-hitzig-militello-arquitectos\/"},"author":{"name":"Arquimaster","@id":"https:\/\/www.arquimaster.com.ar\/web\/#\/schema\/person\/359e9f7c00193fcde068e0dd2ceb0028"},"headline":"Oficinas Uala II \/ Hitzig Militello Arquitectos","datePublished":"2020-03-25T22:40:35+00:00","dateModified":"2020-03-25T22:40:36+00:00","mainEntityOfPage":{"@id":"https:\/\/www.arquimaster.com.ar\/web\/oficinas-uala-ii-hitzig-militello-arquitectos\/"},"wordCount":898,"publisher":{"@id":"https:\/\/www.arquimaster.com.ar\/web\/#organization"},"image":{"@id":"https:\/\/www.arquimaster.com.ar\/web\/oficinas-uala-ii-hitzig-militello-arquitectos\/#primaryimage"},"thumbnailUrl":"https:\/\/www.arquimaster.com.ar\/web\/wp-content\/uploads\/2020\/03\/oficinas_uala_slide.jpg","keywords":["arquitectura corporativa","Buenos Aires","Fernando Hitzig","Hitzig Militello Arquitectos","Leonardo Militello","oficinas","Ual\u00e1"],"articleSection":["Arquitectura corporativa","Proyecto"],"inLanguage":"es"},{"@type":"WebPage","@id":"https:\/\/www.arquimaster.com.ar\/web\/oficinas-uala-ii-hitzig-militello-arquitectos\/","url":"https:\/\/www.arquimaster.com.ar\/web\/oficinas-uala-ii-hitzig-militello-arquitectos\/","name":"\u25b7 Oficinas Uala II \/ Hitzig Militello Arquitectos - Arquimaster","isPartOf":{"@id":"https:\/\/www.arquimaster.com.ar\/web\/#website"},"primaryImageOfPage":{"@id":"https:\/\/www.arquimaster.com.ar\/web\/oficinas-uala-ii-hitzig-militello-arquitectos\/#primaryimage"},"image":{"@id":"https:\/\/www.arquimaster.com.ar\/web\/oficinas-uala-ii-hitzig-militello-arquitectos\/#primaryimage"},"thumbnailUrl":"https:\/\/www.arquimaster.com.ar\/web\/wp-content\/uploads\/2020\/03\/oficinas_uala_slide.jpg","datePublished":"2020-03-25T22:40:35+00:00","dateModified":"2020-03-25T22:40:36+00:00","description":"El proyecto de oficinas de Ual\u00e1 se estructura en dos grandes espacios unidos entre si por un pasillo conector y un patio a modo de pulm\u00f3n.","breadcrumb":{"@id":"https:\/\/www.arquimaster.com.ar\/web\/oficinas-uala-ii-hitzig-militello-arquitectos\/#breadcrumb"},"inLanguage":"es","potentialAction":[{"@type":"ReadAction","target":["https:\/\/www.arquimaster.com.ar\/web\/oficinas-uala-ii-hitzig-militello-arquitectos\/"]}]},{"@type":"ImageObject","inLanguage":"es","@id":"https:\/\/www.arquimaster.com.ar\/web\/oficinas-uala-ii-hitzig-militello-arquitectos\/#primaryimage","url":"https:\/\/www.arquimaster.com.ar\/web\/wp-content\/uploads\/2020\/03\/oficinas_uala_slide.jpg","contentUrl":"https:\/\/www.arquimaster.com.ar\/web\/wp-content\/uploads\/2020\/03\/oficinas_uala_slide.jpg","width":698,"height":364},{"@type":"BreadcrumbList","@id":"https:\/\/www.arquimaster.com.ar\/web\/oficinas-uala-ii-hitzig-militello-arquitectos\/#breadcrumb","itemListElement":[{"@type":"ListItem","position":1,"name":"Portada","item":"https:\/\/www.arquimaster.com.ar\/web\/"},{"@type":"ListItem","position":2,"name":"Oficinas Uala II \/ Hitzig Militello Arquitectos"}]},{"@type":"WebSite","@id":"https:\/\/www.arquimaster.com.ar\/web\/#website","url":"https:\/\/www.arquimaster.com.ar\/web\/","name":"Arquimaster","description":"Web de arquitectura, dise\u00f1o y construccion","publisher":{"@id":"https:\/\/www.arquimaster.com.ar\/web\/#organization"},"potentialAction":[{"@type":"SearchAction","target":{"@type":"EntryPoint","urlTemplate":"https:\/\/www.arquimaster.com.ar\/web\/?s={search_term_string}"},"query-input":{"@type":"PropertyValueSpecification","valueRequired":true,"valueName":"search_term_string"}}],"inLanguage":"es"},{"@type":"Organization","@id":"https:\/\/www.arquimaster.com.ar\/web\/#organization","name":"Arquimaster","url":"https:\/\/www.arquimaster.com.ar\/web\/","logo":{"@type":"ImageObject","inLanguage":"es","@id":"https:\/\/www.arquimaster.com.ar\/web\/#\/schema\/logo\/image\/","url":"https:\/\/www.arquimaster.com.ar\/web\/wp-content\/uploads\/2022\/06\/arquimaster.png","contentUrl":"https:\/\/www.arquimaster.com.ar\/web\/wp-content\/uploads\/2022\/06\/arquimaster.png","width":594,"height":78,"caption":"Arquimaster"},"image":{"@id":"https:\/\/www.arquimaster.com.ar\/web\/#\/schema\/logo\/image\/"},"sameAs":["http:\/\/www.facebook.com\/ARQUIMASTER.com.ar","https:\/\/x.com\/arquimaster","https:\/\/www.instagram.com\/arquimasterblog\/","https:\/\/www.linkedin.com\/company\/arquimaster","https:\/\/www.pinterest.com\/arquimaster","https:\/\/t.me\/arquimaster"]},{"@type":"Person","@id":"https:\/\/www.arquimaster.com.ar\/web\/#\/schema\/person\/359e9f7c00193fcde068e0dd2ceb0028","name":"Arquimaster"}]}},"uagb_featured_image_src":{"full":["https:\/\/www.arquimaster.com.ar\/web\/wp-content\/uploads\/2020\/03\/oficinas_uala_slide.jpg",698,364,false],"thumbnail":["https:\/\/www.arquimaster.com.ar\/web\/wp-content\/uploads\/2020\/03\/oficinas_uala_slide-150x150.jpg",150,150,true],"medium":["https:\/\/www.arquimaster.com.ar\/web\/wp-content\/uploads\/2020\/03\/oficinas_uala_slide.jpg",698,364,false],"medium_large":["https:\/\/www.arquimaster.com.ar\/web\/wp-content\/uploads\/2020\/03\/oficinas_uala_slide.jpg",698,364,false],"large":["https:\/\/www.arquimaster.com.ar\/web\/wp-content\/uploads\/2020\/03\/oficinas_uala_slide.jpg",698,364,false],"1536x1536":["https:\/\/www.arquimaster.com.ar\/web\/wp-content\/uploads\/2020\/03\/oficinas_uala_slide.jpg",698,364,false],"2048x2048":["https:\/\/www.arquimaster.com.ar\/web\/wp-content\/uploads\/2020\/03\/oficinas_uala_slide.jpg",698,364,false]},"uagb_author_info":{"display_name":"Arquimaster","author_link":"https:\/\/www.arquimaster.com.ar\/web\/author\/arquimaster\/"},"uagb_comment_info":0,"uagb_excerpt":"Dos grandes espacios unidos entre si por un pasillo conector y un patio a modo de pulm\u00f3n...","_links":{"self":[{"href":"https:\/\/www.arquimaster.com.ar\/web\/wp-json\/wp\/v2\/posts\/53813","targetHints":{"allow":["GET"]}}],"collection":[{"href":"https:\/\/www.arquimaster.com.ar\/web\/wp-json\/wp\/v2\/posts"}],"about":[{"href":"https:\/\/www.arquimaster.com.ar\/web\/wp-json\/wp\/v2\/types\/post"}],"author":[{"embeddable":true,"href":"https:\/\/www.arquimaster.com.ar\/web\/wp-json\/wp\/v2\/users\/1"}],"replies":[{"embeddable":true,"href":"https:\/\/www.arquimaster.com.ar\/web\/wp-json\/wp\/v2\/comments?post=53813"}],"version-history":[{"count":1,"href":"https:\/\/www.arquimaster.com.ar\/web\/wp-json\/wp\/v2\/posts\/53813\/revisions"}],"predecessor-version":[{"id":53848,"href":"https:\/\/www.arquimaster.com.ar\/web\/wp-json\/wp\/v2\/posts\/53813\/revisions\/53848"}],"wp:featuredmedia":[{"embeddable":true,"href":"https:\/\/www.arquimaster.com.ar\/web\/wp-json\/wp\/v2\/media\/53847"}],"wp:attachment":[{"href":"https:\/\/www.arquimaster.com.ar\/web\/wp-json\/wp\/v2\/media?parent=53813"}],"wp:term":[{"taxonomy":"category","embeddable":true,"href":"https:\/\/www.arquimaster.com.ar\/web\/wp-json\/wp\/v2\/categories?post=53813"},{"taxonomy":"post_tag","embeddable":true,"href":"https:\/\/www.arquimaster.com.ar\/web\/wp-json\/wp\/v2\/tags?post=53813"}],"curies":[{"name":"wp","href":"https:\/\/api.w.org\/{rel}","templated":true}]}}