{"id":5382,"date":"2013-04-25T23:57:43","date_gmt":"2013-04-25T23:57:43","guid":{"rendered":"http:\/\/www.arquimaster.com.ar\/web\/?p=5382"},"modified":"2014-04-11T00:54:36","modified_gmt":"2014-04-11T00:54:36","slug":"loft-en-la-calle-atocha-beriot-bernardini-arquitectos","status":"publish","type":"post","link":"https:\/\/www.arquimaster.com.ar\/web\/loft-en-la-calle-atocha-beriot-bernardini-arquitectos\/","title":{"rendered":"Loft en la Calle Atocha \/ Beriot Bernardini Arquitectos"},"content":{"rendered":"<div style=\"margin-top: 0px; margin-bottom: 0px;\" class=\"sharethis-inline-share-buttons\" ><\/div><div class=\"b812932af2e751442846f039925109de\" data-index=\"1\" style=\"float: none; margin:25px 0 25px 0; text-align:center;\">\n<script async src=\"https:\/\/pagead2.googlesyndication.com\/pagead\/js\/adsbygoogle.js\"><\/script>\r\n<!-- Arquimaster (superior) -->\r\n<ins class=\"adsbygoogle\"\r\n     style=\"display:block\"\r\n     data-ad-client=\"ca-pub-6351072698456832\"\r\n     data-ad-slot=\"6455489680\"\r\n     data-ad-format=\"auto\"\r\n     data-full-width-responsive=\"true\"><\/ins>\r\n<script>\r\n     (adsbygoogle = window.adsbygoogle || []).push({});\r\n<\/script>\n<\/div>\n<p><strong>Loft en la Calle Atocha<\/strong> (Madrid, Espa\u00f1a) por <strong>Beriot Bernardini Arquitectos<\/strong>. Se propone la adaptaci\u00f3n para su <strong>conversi\u00f3n en vivienda loft<\/strong> de 125 m2 de uno de los escasos <strong>talleres de artista de principios del siglo XX <\/strong>existentes en Madrid.<\/p>\n<div id='gallery-1' class='gallery galleryid-5382 gallery-columns-3 gallery-size-thumbnail'><figure class='gallery-item'>\n\t\t\t<div class='gallery-icon portrait'>\n\t\t\t\t<a href='https:\/\/www.arquimaster.com.ar\/web\/wp-content\/uploads\/2013\/04\/loft_atocha4b.jpg' title=\"Loft en la Calle Atocha \/ Beriot Bernardini Arquitectos (\u00a9 Yen Chen)\" data-rl_title=\"Loft en la Calle Atocha \/ Beriot Bernardini Arquitectos (\u00a9 Yen Chen)\" class=\"rl-gallery-link\" data-rl_caption=\"Loft en la Calle Atocha \/ Beriot Bernardini Arquitectos (\u00a9 Yen Chen)\" data-rel=\"lightbox-gallery-1\"><img loading=\"lazy\" decoding=\"async\" width=\"150\" height=\"150\" src=\"https:\/\/www.arquimaster.com.ar\/web\/wp-content\/uploads\/2013\/04\/loft_atocha4b-150x150.jpg\" class=\"attachment-thumbnail size-thumbnail\" alt=\"\" aria-describedby=\"gallery-1-5387\" srcset=\"https:\/\/www.arquimaster.com.ar\/web\/wp-content\/uploads\/2013\/04\/loft_atocha4b-150x150.jpg 150w, https:\/\/www.arquimaster.com.ar\/web\/wp-content\/uploads\/2013\/04\/loft_atocha4b-50x50.jpg 50w, https:\/\/www.arquimaster.com.ar\/web\/wp-content\/uploads\/2013\/04\/loft_atocha4b-125x125.jpg 125w\" sizes=\"auto, (max-width: 150px) 100vw, 150px\" \/><\/a>\n\t\t\t<\/div>\n\t\t\t\t<figcaption class='wp-caption-text gallery-caption' id='gallery-1-5387'>\n\t\t\t\tLoft en la Calle Atocha \/ Beriot Bernardini Arquitectos (\u00a9 Yen Chen)\n\t\t\t\t<\/figcaption><\/figure><figure class='gallery-item'>\n\t\t\t<div class='gallery-icon portrait'>\n\t\t\t\t<a href='https:\/\/www.arquimaster.com.ar\/web\/wp-content\/uploads\/2013\/04\/loft_atocha8b.jpg' title=\"Loft en la Calle Atocha \/ Beriot Bernardini Arquitectos (\u00a9 Yen Chen)\" data-rl_title=\"Loft en la Calle Atocha \/ Beriot Bernardini Arquitectos (\u00a9 Yen Chen)\" class=\"rl-gallery-link\" data-rl_caption=\"Loft en la Calle Atocha \/ Beriot Bernardini Arquitectos (\u00a9 Yen Chen)\" data-rel=\"lightbox-gallery-1\"><img loading=\"lazy\" decoding=\"async\" width=\"150\" height=\"150\" src=\"https:\/\/www.arquimaster.com.ar\/web\/wp-content\/uploads\/2013\/04\/loft_atocha8b-150x150.jpg\" class=\"attachment-thumbnail size-thumbnail\" alt=\"\" aria-describedby=\"gallery-1-5391\" srcset=\"https:\/\/www.arquimaster.com.ar\/web\/wp-content\/uploads\/2013\/04\/loft_atocha8b-150x150.jpg 150w, https:\/\/www.arquimaster.com.ar\/web\/wp-content\/uploads\/2013\/04\/loft_atocha8b-50x50.jpg 50w, https:\/\/www.arquimaster.com.ar\/web\/wp-content\/uploads\/2013\/04\/loft_atocha8b-125x125.jpg 125w\" sizes=\"auto, (max-width: 150px) 100vw, 150px\" \/><\/a>\n\t\t\t<\/div>\n\t\t\t\t<figcaption class='wp-caption-text gallery-caption' id='gallery-1-5391'>\n\t\t\t\tLoft en la Calle Atocha \/ Beriot Bernardini Arquitectos (\u00a9 Yen Chen)\n\t\t\t\t<\/figcaption><\/figure><figure class='gallery-item'>\n\t\t\t<div class='gallery-icon landscape'>\n\t\t\t\t<a href='https:\/\/www.arquimaster.com.ar\/web\/wp-content\/uploads\/2013\/04\/loft_atocha6b.jpg' title=\"Loft en la Calle Atocha \/ Beriot Bernardini Arquitectos (\u00a9 Yen Chen)\" data-rl_title=\"Loft en la Calle Atocha \/ Beriot Bernardini Arquitectos (\u00a9 Yen Chen)\" class=\"rl-gallery-link\" data-rl_caption=\"Loft en la Calle Atocha \/ Beriot Bernardini Arquitectos (\u00a9 Yen Chen)\" data-rel=\"lightbox-gallery-1\"><img loading=\"lazy\" decoding=\"async\" width=\"150\" height=\"150\" src=\"https:\/\/www.arquimaster.com.ar\/web\/wp-content\/uploads\/2013\/04\/loft_atocha6b-150x150.jpg\" class=\"attachment-thumbnail size-thumbnail\" alt=\"\" aria-describedby=\"gallery-1-5389\" srcset=\"https:\/\/www.arquimaster.com.ar\/web\/wp-content\/uploads\/2013\/04\/loft_atocha6b-150x150.jpg 150w, https:\/\/www.arquimaster.com.ar\/web\/wp-content\/uploads\/2013\/04\/loft_atocha6b-50x50.jpg 50w, https:\/\/www.arquimaster.com.ar\/web\/wp-content\/uploads\/2013\/04\/loft_atocha6b-125x125.jpg 125w\" sizes=\"auto, (max-width: 150px) 100vw, 150px\" \/><\/a>\n\t\t\t<\/div>\n\t\t\t\t<figcaption class='wp-caption-text gallery-caption' id='gallery-1-5389'>\n\t\t\t\tLoft en la Calle Atocha \/ Beriot Bernardini Arquitectos (\u00a9 Yen Chen)\n\t\t\t\t<\/figcaption><\/figure><figure class='gallery-item'>\n\t\t\t<div class='gallery-icon portrait'>\n\t\t\t\t<a href='https:\/\/www.arquimaster.com.ar\/web\/wp-content\/uploads\/2013\/04\/loft_atocha1b.jpg' title=\"Loft en la Calle Atocha \/ Beriot Bernardini Arquitectos (\u00a9 Yen Chen)\" data-rl_title=\"Loft en la Calle Atocha \/ Beriot Bernardini Arquitectos (\u00a9 Yen Chen)\" class=\"rl-gallery-link\" data-rl_caption=\"Loft en la Calle Atocha \/ Beriot Bernardini Arquitectos (\u00a9 Yen Chen)\" data-rel=\"lightbox-gallery-1\"><img loading=\"lazy\" decoding=\"async\" width=\"150\" height=\"150\" src=\"https:\/\/www.arquimaster.com.ar\/web\/wp-content\/uploads\/2013\/04\/loft_atocha1b-150x150.jpg\" class=\"attachment-thumbnail size-thumbnail\" alt=\"\" aria-describedby=\"gallery-1-5384\" srcset=\"https:\/\/www.arquimaster.com.ar\/web\/wp-content\/uploads\/2013\/04\/loft_atocha1b-150x150.jpg 150w, https:\/\/www.arquimaster.com.ar\/web\/wp-content\/uploads\/2013\/04\/loft_atocha1b-50x50.jpg 50w, https:\/\/www.arquimaster.com.ar\/web\/wp-content\/uploads\/2013\/04\/loft_atocha1b-125x125.jpg 125w\" sizes=\"auto, (max-width: 150px) 100vw, 150px\" \/><\/a>\n\t\t\t<\/div>\n\t\t\t\t<figcaption class='wp-caption-text gallery-caption' id='gallery-1-5384'>\n\t\t\t\tLoft en la Calle Atocha \/ Beriot Bernardini Arquitectos (\u00a9 Yen Chen)\n\t\t\t\t<\/figcaption><\/figure><figure class='gallery-item'>\n\t\t\t<div class='gallery-icon portrait'>\n\t\t\t\t<a href='https:\/\/www.arquimaster.com.ar\/web\/wp-content\/uploads\/2013\/04\/loft_atocha2b.jpg' title=\"Loft en la Calle Atocha \/ Beriot Bernardini Arquitectos (\u00a9 Yen Chen)\" data-rl_title=\"Loft en la Calle Atocha \/ Beriot Bernardini Arquitectos (\u00a9 Yen Chen)\" class=\"rl-gallery-link\" data-rl_caption=\"Loft en la Calle Atocha \/ Beriot Bernardini Arquitectos (\u00a9 Yen Chen)\" data-rel=\"lightbox-gallery-1\"><img loading=\"lazy\" decoding=\"async\" width=\"150\" height=\"150\" src=\"https:\/\/www.arquimaster.com.ar\/web\/wp-content\/uploads\/2013\/04\/loft_atocha2b-150x150.jpg\" class=\"attachment-thumbnail size-thumbnail\" alt=\"\" aria-describedby=\"gallery-1-5385\" srcset=\"https:\/\/www.arquimaster.com.ar\/web\/wp-content\/uploads\/2013\/04\/loft_atocha2b-150x150.jpg 150w, https:\/\/www.arquimaster.com.ar\/web\/wp-content\/uploads\/2013\/04\/loft_atocha2b-50x50.jpg 50w, https:\/\/www.arquimaster.com.ar\/web\/wp-content\/uploads\/2013\/04\/loft_atocha2b-125x125.jpg 125w\" sizes=\"auto, (max-width: 150px) 100vw, 150px\" \/><\/a>\n\t\t\t<\/div>\n\t\t\t\t<figcaption class='wp-caption-text gallery-caption' id='gallery-1-5385'>\n\t\t\t\tLoft en la Calle Atocha \/ Beriot Bernardini Arquitectos (\u00a9 Yen Chen)\n\t\t\t\t<\/figcaption><\/figure><figure class='gallery-item'>\n\t\t\t<div class='gallery-icon landscape'>\n\t\t\t\t<a href='https:\/\/www.arquimaster.com.ar\/web\/wp-content\/uploads\/2013\/04\/loft_atocha3b.jpg' title=\"Loft en la Calle Atocha \/ Beriot Bernardini Arquitectos (\u00a9 Yen Chen)\" data-rl_title=\"Loft en la Calle Atocha \/ Beriot Bernardini Arquitectos (\u00a9 Yen Chen)\" class=\"rl-gallery-link\" data-rl_caption=\"Loft en la Calle Atocha \/ Beriot Bernardini Arquitectos (\u00a9 Yen Chen)\" data-rel=\"lightbox-gallery-1\"><img loading=\"lazy\" decoding=\"async\" width=\"150\" height=\"150\" src=\"https:\/\/www.arquimaster.com.ar\/web\/wp-content\/uploads\/2013\/04\/loft_atocha3b-150x150.jpg\" class=\"attachment-thumbnail size-thumbnail\" alt=\"\" aria-describedby=\"gallery-1-5386\" srcset=\"https:\/\/www.arquimaster.com.ar\/web\/wp-content\/uploads\/2013\/04\/loft_atocha3b-150x150.jpg 150w, https:\/\/www.arquimaster.com.ar\/web\/wp-content\/uploads\/2013\/04\/loft_atocha3b-50x50.jpg 50w, https:\/\/www.arquimaster.com.ar\/web\/wp-content\/uploads\/2013\/04\/loft_atocha3b-125x125.jpg 125w\" sizes=\"auto, (max-width: 150px) 100vw, 150px\" \/><\/a>\n\t\t\t<\/div>\n\t\t\t\t<figcaption class='wp-caption-text gallery-caption' id='gallery-1-5386'>\n\t\t\t\tLoft en la Calle Atocha \/ Beriot Bernardini Arquitectos (\u00a9 Yen Chen)\n\t\t\t\t<\/figcaption><\/figure><figure class='gallery-item'>\n\t\t\t<div class='gallery-icon portrait'>\n\t\t\t\t<a href='https:\/\/www.arquimaster.com.ar\/web\/wp-content\/uploads\/2013\/04\/loft_atocha5b.jpg' title=\"Loft en la Calle Atocha \/ Beriot Bernardini Arquitectos (\u00a9 Yen Chen)\" data-rl_title=\"Loft en la Calle Atocha \/ Beriot Bernardini Arquitectos (\u00a9 Yen Chen)\" class=\"rl-gallery-link\" data-rl_caption=\"Loft en la Calle Atocha \/ Beriot Bernardini Arquitectos (\u00a9 Yen Chen)\" data-rel=\"lightbox-gallery-1\"><img loading=\"lazy\" decoding=\"async\" width=\"150\" height=\"150\" src=\"https:\/\/www.arquimaster.com.ar\/web\/wp-content\/uploads\/2013\/04\/loft_atocha5b-150x150.jpg\" class=\"attachment-thumbnail size-thumbnail\" alt=\"\" aria-describedby=\"gallery-1-5388\" srcset=\"https:\/\/www.arquimaster.com.ar\/web\/wp-content\/uploads\/2013\/04\/loft_atocha5b-150x150.jpg 150w, https:\/\/www.arquimaster.com.ar\/web\/wp-content\/uploads\/2013\/04\/loft_atocha5b-50x50.jpg 50w, https:\/\/www.arquimaster.com.ar\/web\/wp-content\/uploads\/2013\/04\/loft_atocha5b-125x125.jpg 125w\" sizes=\"auto, (max-width: 150px) 100vw, 150px\" \/><\/a>\n\t\t\t<\/div>\n\t\t\t\t<figcaption class='wp-caption-text gallery-caption' id='gallery-1-5388'>\n\t\t\t\tLoft en la Calle Atocha \/ Beriot Bernardini Arquitectos (\u00a9 Yen Chen)\n\t\t\t\t<\/figcaption><\/figure><figure class='gallery-item'>\n\t\t\t<div class='gallery-icon landscape'>\n\t\t\t\t<a href='https:\/\/www.arquimaster.com.ar\/web\/wp-content\/uploads\/2013\/04\/loft_atocha7b.jpg' title=\"Loft en la Calle Atocha \/ Beriot Bernardini Arquitectos (\u00a9 Yen Chen)\" data-rl_title=\"Loft en la Calle Atocha \/ Beriot Bernardini Arquitectos (\u00a9 Yen Chen)\" class=\"rl-gallery-link\" data-rl_caption=\"Loft en la Calle Atocha \/ Beriot Bernardini Arquitectos (\u00a9 Yen Chen)\" data-rel=\"lightbox-gallery-1\"><img loading=\"lazy\" decoding=\"async\" width=\"150\" height=\"150\" src=\"https:\/\/www.arquimaster.com.ar\/web\/wp-content\/uploads\/2013\/04\/loft_atocha7b-150x150.jpg\" class=\"attachment-thumbnail size-thumbnail\" alt=\"\" aria-describedby=\"gallery-1-5390\" srcset=\"https:\/\/www.arquimaster.com.ar\/web\/wp-content\/uploads\/2013\/04\/loft_atocha7b-150x150.jpg 150w, https:\/\/www.arquimaster.com.ar\/web\/wp-content\/uploads\/2013\/04\/loft_atocha7b-50x50.jpg 50w, https:\/\/www.arquimaster.com.ar\/web\/wp-content\/uploads\/2013\/04\/loft_atocha7b-125x125.jpg 125w\" sizes=\"auto, (max-width: 150px) 100vw, 150px\" \/><\/a>\n\t\t\t<\/div>\n\t\t\t\t<figcaption class='wp-caption-text gallery-caption' id='gallery-1-5390'>\n\t\t\t\tLoft en la Calle Atocha \/ Beriot Bernardini Arquitectos (\u00a9 Yen Chen)\n\t\t\t\t<\/figcaption><\/figure><figure class='gallery-item'>\n\t\t\t<div class='gallery-icon landscape'>\n\t\t\t\t<a href='https:\/\/www.arquimaster.com.ar\/web\/wp-content\/uploads\/2013\/04\/loft_atocha9b.jpg' title=\"Loft en la Calle Atocha \/ Beriot Bernardini Arquitectos (\u00a9 Yen Chen)\" data-rl_title=\"Loft en la Calle Atocha \/ Beriot Bernardini Arquitectos (\u00a9 Yen Chen)\" class=\"rl-gallery-link\" data-rl_caption=\"Loft en la Calle Atocha \/ Beriot Bernardini Arquitectos (\u00a9 Yen Chen)\" data-rel=\"lightbox-gallery-1\"><img loading=\"lazy\" decoding=\"async\" width=\"150\" height=\"150\" src=\"https:\/\/www.arquimaster.com.ar\/web\/wp-content\/uploads\/2013\/04\/loft_atocha9b-150x150.jpg\" class=\"attachment-thumbnail size-thumbnail\" alt=\"\" aria-describedby=\"gallery-1-5392\" srcset=\"https:\/\/www.arquimaster.com.ar\/web\/wp-content\/uploads\/2013\/04\/loft_atocha9b-150x150.jpg 150w, https:\/\/www.arquimaster.com.ar\/web\/wp-content\/uploads\/2013\/04\/loft_atocha9b-50x50.jpg 50w, https:\/\/www.arquimaster.com.ar\/web\/wp-content\/uploads\/2013\/04\/loft_atocha9b-125x125.jpg 125w\" sizes=\"auto, (max-width: 150px) 100vw, 150px\" \/><\/a>\n\t\t\t<\/div>\n\t\t\t\t<figcaption class='wp-caption-text gallery-caption' id='gallery-1-5392'>\n\t\t\t\tLoft en la Calle Atocha \/ Beriot Bernardini Arquitectos (\u00a9 Yen Chen)\n\t\t\t\t<\/figcaption><\/figure><figure class='gallery-item'>\n\t\t\t<div class='gallery-icon portrait'>\n\t\t\t\t<a href='https:\/\/www.arquimaster.com.ar\/web\/wp-content\/uploads\/2013\/04\/loft_atocha10b.jpg' title=\"Loft en la Calle Atocha \/ Beriot Bernardini Arquitectos (\u00a9 Yen Chen)\" data-rl_title=\"Loft en la Calle Atocha \/ Beriot Bernardini Arquitectos (\u00a9 Yen Chen)\" class=\"rl-gallery-link\" data-rl_caption=\"Loft en la Calle Atocha \/ Beriot Bernardini Arquitectos (\u00a9 Yen Chen)\" data-rel=\"lightbox-gallery-1\"><img loading=\"lazy\" decoding=\"async\" width=\"150\" height=\"150\" src=\"https:\/\/www.arquimaster.com.ar\/web\/wp-content\/uploads\/2013\/04\/loft_atocha10b-150x150.jpg\" class=\"attachment-thumbnail size-thumbnail\" alt=\"\" aria-describedby=\"gallery-1-5393\" srcset=\"https:\/\/www.arquimaster.com.ar\/web\/wp-content\/uploads\/2013\/04\/loft_atocha10b-150x150.jpg 150w, https:\/\/www.arquimaster.com.ar\/web\/wp-content\/uploads\/2013\/04\/loft_atocha10b-50x50.jpg 50w, https:\/\/www.arquimaster.com.ar\/web\/wp-content\/uploads\/2013\/04\/loft_atocha10b-125x125.jpg 125w\" sizes=\"auto, (max-width: 150px) 100vw, 150px\" \/><\/a>\n\t\t\t<\/div>\n\t\t\t\t<figcaption class='wp-caption-text gallery-caption' id='gallery-1-5393'>\n\t\t\t\tLoft en la Calle Atocha \/ Beriot Bernardini Arquitectos (\u00a9 Yen Chen)\n\t\t\t\t<\/figcaption><\/figure><figure class='gallery-item'>\n\t\t\t<div class='gallery-icon portrait'>\n\t\t\t\t<a href='https:\/\/www.arquimaster.com.ar\/web\/wp-content\/uploads\/2013\/04\/loft_atocha11b.jpg' title=\"Loft en la Calle Atocha \/ Beriot Bernardini Arquitectos (\u00a9 Yen Chen)\" data-rl_title=\"Loft en la Calle Atocha \/ Beriot Bernardini Arquitectos (\u00a9 Yen Chen)\" class=\"rl-gallery-link\" data-rl_caption=\"Loft en la Calle Atocha \/ Beriot Bernardini Arquitectos (\u00a9 Yen Chen)\" data-rel=\"lightbox-gallery-1\"><img loading=\"lazy\" decoding=\"async\" width=\"150\" height=\"150\" src=\"https:\/\/www.arquimaster.com.ar\/web\/wp-content\/uploads\/2013\/04\/loft_atocha11b-150x150.jpg\" class=\"attachment-thumbnail size-thumbnail\" alt=\"\" aria-describedby=\"gallery-1-5394\" srcset=\"https:\/\/www.arquimaster.com.ar\/web\/wp-content\/uploads\/2013\/04\/loft_atocha11b-150x150.jpg 150w, https:\/\/www.arquimaster.com.ar\/web\/wp-content\/uploads\/2013\/04\/loft_atocha11b-50x50.jpg 50w, https:\/\/www.arquimaster.com.ar\/web\/wp-content\/uploads\/2013\/04\/loft_atocha11b-125x125.jpg 125w\" sizes=\"auto, (max-width: 150px) 100vw, 150px\" \/><\/a>\n\t\t\t<\/div>\n\t\t\t\t<figcaption class='wp-caption-text gallery-caption' id='gallery-1-5394'>\n\t\t\t\tLoft en la Calle Atocha \/ Beriot Bernardini Arquitectos (\u00a9 Yen Chen)\n\t\t\t\t<\/figcaption><\/figure><figure class='gallery-item'>\n\t\t\t<div class='gallery-icon portrait'>\n\t\t\t\t<a href='https:\/\/www.arquimaster.com.ar\/web\/wp-content\/uploads\/2013\/04\/loft_atocha12b.jpg' title=\"Loft en la Calle Atocha \/ Beriot Bernardini Arquitectos (\u00a9 Yen Chen)\" data-rl_title=\"Loft en la Calle Atocha \/ Beriot Bernardini Arquitectos (\u00a9 Yen Chen)\" class=\"rl-gallery-link\" data-rl_caption=\"Loft en la Calle Atocha \/ Beriot Bernardini Arquitectos (\u00a9 Yen Chen)\" data-rel=\"lightbox-gallery-1\"><img loading=\"lazy\" decoding=\"async\" width=\"150\" height=\"150\" src=\"https:\/\/www.arquimaster.com.ar\/web\/wp-content\/uploads\/2013\/04\/loft_atocha12b-150x150.jpg\" class=\"attachment-thumbnail size-thumbnail\" alt=\"\" aria-describedby=\"gallery-1-5395\" srcset=\"https:\/\/www.arquimaster.com.ar\/web\/wp-content\/uploads\/2013\/04\/loft_atocha12b-150x150.jpg 150w, https:\/\/www.arquimaster.com.ar\/web\/wp-content\/uploads\/2013\/04\/loft_atocha12b-50x50.jpg 50w, https:\/\/www.arquimaster.com.ar\/web\/wp-content\/uploads\/2013\/04\/loft_atocha12b-125x125.jpg 125w\" sizes=\"auto, (max-width: 150px) 100vw, 150px\" \/><\/a>\n\t\t\t<\/div>\n\t\t\t\t<figcaption class='wp-caption-text gallery-caption' id='gallery-1-5395'>\n\t\t\t\tLoft en la Calle Atocha \/ Beriot Bernardini Arquitectos (\u00a9 Yen Chen)\n\t\t\t\t<\/figcaption><\/figure><figure class='gallery-item'>\n\t\t\t<div class='gallery-icon portrait'>\n\t\t\t\t<a href='https:\/\/www.arquimaster.com.ar\/web\/wp-content\/uploads\/2013\/04\/loft_atocha13b.jpg' title=\"Loft en la Calle Atocha \/ Beriot Bernardini Arquitectos (\u00a9 Yen Chen)\" data-rl_title=\"Loft en la Calle Atocha \/ Beriot Bernardini Arquitectos (\u00a9 Yen Chen)\" class=\"rl-gallery-link\" data-rl_caption=\"Loft en la Calle Atocha \/ Beriot Bernardini Arquitectos (\u00a9 Yen Chen)\" data-rel=\"lightbox-gallery-1\"><img loading=\"lazy\" decoding=\"async\" width=\"150\" height=\"150\" src=\"https:\/\/www.arquimaster.com.ar\/web\/wp-content\/uploads\/2013\/04\/loft_atocha13b-150x150.jpg\" class=\"attachment-thumbnail size-thumbnail\" alt=\"\" aria-describedby=\"gallery-1-5396\" srcset=\"https:\/\/www.arquimaster.com.ar\/web\/wp-content\/uploads\/2013\/04\/loft_atocha13b-150x150.jpg 150w, https:\/\/www.arquimaster.com.ar\/web\/wp-content\/uploads\/2013\/04\/loft_atocha13b-50x50.jpg 50w, https:\/\/www.arquimaster.com.ar\/web\/wp-content\/uploads\/2013\/04\/loft_atocha13b-125x125.jpg 125w\" sizes=\"auto, (max-width: 150px) 100vw, 150px\" \/><\/a>\n\t\t\t<\/div>\n\t\t\t\t<figcaption class='wp-caption-text gallery-caption' id='gallery-1-5396'>\n\t\t\t\tLoft en la Calle Atocha \/ Beriot Bernardini Arquitectos (\u00a9 Yen Chen)\n\t\t\t\t<\/figcaption><\/figure><figure class='gallery-item'>\n\t\t\t<div class='gallery-icon portrait'>\n\t\t\t\t<a href='https:\/\/www.arquimaster.com.ar\/web\/wp-content\/uploads\/2013\/04\/loft_atocha14b.jpg' title=\"Loft en la Calle Atocha \/ Beriot Bernardini Arquitectos (\u00a9 Yen Chen)\" data-rl_title=\"Loft en la Calle Atocha \/ Beriot Bernardini Arquitectos (\u00a9 Yen Chen)\" class=\"rl-gallery-link\" data-rl_caption=\"Loft en la Calle Atocha \/ Beriot Bernardini Arquitectos (\u00a9 Yen Chen)\" data-rel=\"lightbox-gallery-1\"><img loading=\"lazy\" decoding=\"async\" width=\"150\" height=\"150\" src=\"https:\/\/www.arquimaster.com.ar\/web\/wp-content\/uploads\/2013\/04\/loft_atocha14b-150x150.jpg\" class=\"attachment-thumbnail size-thumbnail\" alt=\"\" aria-describedby=\"gallery-1-5397\" srcset=\"https:\/\/www.arquimaster.com.ar\/web\/wp-content\/uploads\/2013\/04\/loft_atocha14b-150x150.jpg 150w, https:\/\/www.arquimaster.com.ar\/web\/wp-content\/uploads\/2013\/04\/loft_atocha14b-50x50.jpg 50w, https:\/\/www.arquimaster.com.ar\/web\/wp-content\/uploads\/2013\/04\/loft_atocha14b-125x125.jpg 125w\" sizes=\"auto, (max-width: 150px) 100vw, 150px\" \/><\/a>\n\t\t\t<\/div>\n\t\t\t\t<figcaption class='wp-caption-text gallery-caption' id='gallery-1-5397'>\n\t\t\t\tLoft en la Calle Atocha \/ Beriot Bernardini Arquitectos (\u00a9 Yen Chen)\n\t\t\t\t<\/figcaption><\/figure><figure class='gallery-item'>\n\t\t\t<div class='gallery-icon portrait'>\n\t\t\t\t<a href='https:\/\/www.arquimaster.com.ar\/web\/wp-content\/uploads\/2013\/04\/loft_atocha15b.jpg' title=\"Loft en la Calle Atocha \/ Beriot Bernardini Arquitectos (\u00a9 Yen Chen)\" data-rl_title=\"Loft en la Calle Atocha \/ Beriot Bernardini Arquitectos (\u00a9 Yen Chen)\" class=\"rl-gallery-link\" data-rl_caption=\"Loft en la Calle Atocha \/ Beriot Bernardini Arquitectos (\u00a9 Yen Chen)\" data-rel=\"lightbox-gallery-1\"><img loading=\"lazy\" decoding=\"async\" width=\"150\" height=\"150\" src=\"https:\/\/www.arquimaster.com.ar\/web\/wp-content\/uploads\/2013\/04\/loft_atocha15b-150x150.jpg\" class=\"attachment-thumbnail size-thumbnail\" alt=\"\" aria-describedby=\"gallery-1-5398\" srcset=\"https:\/\/www.arquimaster.com.ar\/web\/wp-content\/uploads\/2013\/04\/loft_atocha15b-150x150.jpg 150w, https:\/\/www.arquimaster.com.ar\/web\/wp-content\/uploads\/2013\/04\/loft_atocha15b-50x50.jpg 50w, https:\/\/www.arquimaster.com.ar\/web\/wp-content\/uploads\/2013\/04\/loft_atocha15b-125x125.jpg 125w\" sizes=\"auto, (max-width: 150px) 100vw, 150px\" \/><\/a>\n\t\t\t<\/div>\n\t\t\t\t<figcaption class='wp-caption-text gallery-caption' id='gallery-1-5398'>\n\t\t\t\tLoft en la Calle Atocha \/ Beriot Bernardini Arquitectos (\u00a9 Yen Chen)\n\t\t\t\t<\/figcaption><\/figure><figure class='gallery-item'>\n\t\t\t<div class='gallery-icon portrait'>\n\t\t\t\t<a href='https:\/\/www.arquimaster.com.ar\/web\/wp-content\/uploads\/2013\/04\/loft_atocha16b.jpg' title=\"Loft en la Calle Atocha \/ Beriot Bernardini Arquitectos (\u00a9 Yen Chen)\" data-rl_title=\"Loft en la Calle Atocha \/ Beriot Bernardini Arquitectos (\u00a9 Yen Chen)\" class=\"rl-gallery-link\" data-rl_caption=\"Loft en la Calle Atocha \/ Beriot Bernardini Arquitectos (\u00a9 Yen Chen)\" data-rel=\"lightbox-gallery-1\"><img loading=\"lazy\" decoding=\"async\" width=\"150\" height=\"150\" src=\"https:\/\/www.arquimaster.com.ar\/web\/wp-content\/uploads\/2013\/04\/loft_atocha16b-150x150.jpg\" class=\"attachment-thumbnail size-thumbnail\" alt=\"\" aria-describedby=\"gallery-1-5399\" srcset=\"https:\/\/www.arquimaster.com.ar\/web\/wp-content\/uploads\/2013\/04\/loft_atocha16b-150x150.jpg 150w, https:\/\/www.arquimaster.com.ar\/web\/wp-content\/uploads\/2013\/04\/loft_atocha16b-50x50.jpg 50w, https:\/\/www.arquimaster.com.ar\/web\/wp-content\/uploads\/2013\/04\/loft_atocha16b-125x125.jpg 125w\" sizes=\"auto, (max-width: 150px) 100vw, 150px\" \/><\/a>\n\t\t\t<\/div>\n\t\t\t\t<figcaption class='wp-caption-text gallery-caption' id='gallery-1-5399'>\n\t\t\t\tLoft en la Calle Atocha \/ Beriot Bernardini Arquitectos (\u00a9 Yen Chen)\n\t\t\t\t<\/figcaption><\/figure><figure class='gallery-item'>\n\t\t\t<div class='gallery-icon portrait'>\n\t\t\t\t<a href='https:\/\/www.arquimaster.com.ar\/web\/wp-content\/uploads\/2013\/04\/loft_atocha17b.jpg' title=\"Loft en la Calle Atocha \/ Beriot Bernardini Arquitectos (\u00a9 Yen Chen)\" data-rl_title=\"Loft en la Calle Atocha \/ Beriot Bernardini Arquitectos (\u00a9 Yen Chen)\" class=\"rl-gallery-link\" data-rl_caption=\"Loft en la Calle Atocha \/ Beriot Bernardini Arquitectos (\u00a9 Yen Chen)\" data-rel=\"lightbox-gallery-1\"><img loading=\"lazy\" decoding=\"async\" width=\"150\" height=\"150\" src=\"https:\/\/www.arquimaster.com.ar\/web\/wp-content\/uploads\/2013\/04\/loft_atocha17b-150x150.jpg\" class=\"attachment-thumbnail size-thumbnail\" alt=\"\" aria-describedby=\"gallery-1-5400\" srcset=\"https:\/\/www.arquimaster.com.ar\/web\/wp-content\/uploads\/2013\/04\/loft_atocha17b-150x150.jpg 150w, https:\/\/www.arquimaster.com.ar\/web\/wp-content\/uploads\/2013\/04\/loft_atocha17b-50x50.jpg 50w, https:\/\/www.arquimaster.com.ar\/web\/wp-content\/uploads\/2013\/04\/loft_atocha17b-125x125.jpg 125w\" sizes=\"auto, (max-width: 150px) 100vw, 150px\" \/><\/a>\n\t\t\t<\/div>\n\t\t\t\t<figcaption class='wp-caption-text gallery-caption' id='gallery-1-5400'>\n\t\t\t\tLoft en la Calle Atocha \/ Beriot Bernardini Arquitectos (\u00a9 Yen Chen)\n\t\t\t\t<\/figcaption><\/figure><figure class='gallery-item'>\n\t\t\t<div class='gallery-icon landscape'>\n\t\t\t\t<a href='https:\/\/www.arquimaster.com.ar\/web\/wp-content\/uploads\/2013\/04\/loft_atocha18b.jpg' title=\"Loft en la Calle Atocha \/ Beriot Bernardini Arquitectos (\u00a9 Yen Chen)\" data-rl_title=\"Loft en la Calle Atocha \/ Beriot Bernardini Arquitectos (\u00a9 Yen Chen)\" class=\"rl-gallery-link\" data-rl_caption=\"Loft en la Calle Atocha \/ Beriot Bernardini Arquitectos (\u00a9 Yen Chen)\" data-rel=\"lightbox-gallery-1\"><img loading=\"lazy\" decoding=\"async\" width=\"150\" height=\"150\" src=\"https:\/\/www.arquimaster.com.ar\/web\/wp-content\/uploads\/2013\/04\/loft_atocha18b-150x150.jpg\" class=\"attachment-thumbnail size-thumbnail\" alt=\"\" aria-describedby=\"gallery-1-5401\" srcset=\"https:\/\/www.arquimaster.com.ar\/web\/wp-content\/uploads\/2013\/04\/loft_atocha18b-150x150.jpg 150w, https:\/\/www.arquimaster.com.ar\/web\/wp-content\/uploads\/2013\/04\/loft_atocha18b-50x50.jpg 50w, https:\/\/www.arquimaster.com.ar\/web\/wp-content\/uploads\/2013\/04\/loft_atocha18b-125x125.jpg 125w\" sizes=\"auto, (max-width: 150px) 100vw, 150px\" \/><\/a>\n\t\t\t<\/div>\n\t\t\t\t<figcaption class='wp-caption-text gallery-caption' id='gallery-1-5401'>\n\t\t\t\tLoft en la Calle Atocha \/ Beriot Bernardini Arquitectos (\u00a9 Yen Chen)\n\t\t\t\t<\/figcaption><\/figure><figure class='gallery-item'>\n\t\t\t<div class='gallery-icon landscape'>\n\t\t\t\t<a href='https:\/\/www.arquimaster.com.ar\/web\/wp-content\/uploads\/2013\/04\/loft_atocha19b.jpg' title=\"Loft en la Calle Atocha \/ Beriot Bernardini Arquitectos (\u00a9 Yen Chen)\" data-rl_title=\"Loft en la Calle Atocha \/ Beriot Bernardini Arquitectos (\u00a9 Yen Chen)\" class=\"rl-gallery-link\" data-rl_caption=\"Loft en la Calle Atocha \/ Beriot Bernardini Arquitectos (\u00a9 Yen Chen)\" data-rel=\"lightbox-gallery-1\"><img loading=\"lazy\" decoding=\"async\" width=\"150\" height=\"150\" src=\"https:\/\/www.arquimaster.com.ar\/web\/wp-content\/uploads\/2013\/04\/loft_atocha19b-150x150.jpg\" class=\"attachment-thumbnail size-thumbnail\" alt=\"\" aria-describedby=\"gallery-1-5402\" srcset=\"https:\/\/www.arquimaster.com.ar\/web\/wp-content\/uploads\/2013\/04\/loft_atocha19b-150x150.jpg 150w, https:\/\/www.arquimaster.com.ar\/web\/wp-content\/uploads\/2013\/04\/loft_atocha19b-50x50.jpg 50w, https:\/\/www.arquimaster.com.ar\/web\/wp-content\/uploads\/2013\/04\/loft_atocha19b-125x125.jpg 125w\" sizes=\"auto, (max-width: 150px) 100vw, 150px\" \/><\/a>\n\t\t\t<\/div>\n\t\t\t\t<figcaption class='wp-caption-text gallery-caption' id='gallery-1-5402'>\n\t\t\t\tLoft en la Calle Atocha \/ Beriot Bernardini Arquitectos (\u00a9 Yen Chen)\n\t\t\t\t<\/figcaption><\/figure><figure class='gallery-item'>\n\t\t\t<div class='gallery-icon portrait'>\n\t\t\t\t<a href='https:\/\/www.arquimaster.com.ar\/web\/wp-content\/uploads\/2013\/04\/loft_atocha20b.jpg' title=\"Loft en la Calle Atocha \/ Beriot Bernardini Arquitectos (\u00a9 Yen Chen)\" data-rl_title=\"Loft en la Calle Atocha \/ Beriot Bernardini Arquitectos (\u00a9 Yen Chen)\" class=\"rl-gallery-link\" data-rl_caption=\"Loft en la Calle Atocha \/ Beriot Bernardini Arquitectos (\u00a9 Yen Chen)\" data-rel=\"lightbox-gallery-1\"><img loading=\"lazy\" decoding=\"async\" width=\"150\" height=\"150\" src=\"https:\/\/www.arquimaster.com.ar\/web\/wp-content\/uploads\/2013\/04\/loft_atocha20b-150x150.jpg\" class=\"attachment-thumbnail size-thumbnail\" alt=\"\" aria-describedby=\"gallery-1-5403\" srcset=\"https:\/\/www.arquimaster.com.ar\/web\/wp-content\/uploads\/2013\/04\/loft_atocha20b-150x150.jpg 150w, https:\/\/www.arquimaster.com.ar\/web\/wp-content\/uploads\/2013\/04\/loft_atocha20b-50x50.jpg 50w, https:\/\/www.arquimaster.com.ar\/web\/wp-content\/uploads\/2013\/04\/loft_atocha20b-125x125.jpg 125w\" sizes=\"auto, (max-width: 150px) 100vw, 150px\" \/><\/a>\n\t\t\t<\/div>\n\t\t\t\t<figcaption class='wp-caption-text gallery-caption' id='gallery-1-5403'>\n\t\t\t\tLoft en la Calle Atocha \/ Beriot Bernardini Arquitectos (\u00a9 Yen Chen)\n\t\t\t\t<\/figcaption><\/figure><figure class='gallery-item'>\n\t\t\t<div class='gallery-icon landscape'>\n\t\t\t\t<a href='https:\/\/www.arquimaster.com.ar\/web\/wp-content\/uploads\/2013\/04\/loft_atocha21b.jpg' title=\"Loft en la Calle Atocha \/ Beriot Bernardini Arquitectos (\u00a9 Yen Chen)\" data-rl_title=\"Loft en la Calle Atocha \/ Beriot Bernardini Arquitectos (\u00a9 Yen Chen)\" class=\"rl-gallery-link\" data-rl_caption=\"Loft en la Calle Atocha \/ Beriot Bernardini Arquitectos (\u00a9 Yen Chen)\" data-rel=\"lightbox-gallery-1\"><img loading=\"lazy\" decoding=\"async\" width=\"150\" height=\"150\" src=\"https:\/\/www.arquimaster.com.ar\/web\/wp-content\/uploads\/2013\/04\/loft_atocha21b-150x150.jpg\" class=\"attachment-thumbnail size-thumbnail\" alt=\"\" aria-describedby=\"gallery-1-5404\" srcset=\"https:\/\/www.arquimaster.com.ar\/web\/wp-content\/uploads\/2013\/04\/loft_atocha21b-150x150.jpg 150w, https:\/\/www.arquimaster.com.ar\/web\/wp-content\/uploads\/2013\/04\/loft_atocha21b-50x50.jpg 50w, https:\/\/www.arquimaster.com.ar\/web\/wp-content\/uploads\/2013\/04\/loft_atocha21b-125x125.jpg 125w\" sizes=\"auto, (max-width: 150px) 100vw, 150px\" \/><\/a>\n\t\t\t<\/div>\n\t\t\t\t<figcaption class='wp-caption-text gallery-caption' id='gallery-1-5404'>\n\t\t\t\tLoft en la Calle Atocha \/ Beriot Bernardini Arquitectos (\u00a9 Yen Chen)\n\t\t\t\t<\/figcaption><\/figure><figure class='gallery-item'>\n\t\t\t<div class='gallery-icon landscape'>\n\t\t\t\t<a href='https:\/\/www.arquimaster.com.ar\/web\/wp-content\/uploads\/2013\/04\/loft_atocha22b.jpg' title=\"Loft en la Calle Atocha \/ Beriot Bernardini Arquitectos (\u00a9 Yen Chen)\" data-rl_title=\"Loft en la Calle Atocha \/ Beriot Bernardini Arquitectos (\u00a9 Yen Chen)\" class=\"rl-gallery-link\" data-rl_caption=\"Loft en la Calle Atocha \/ Beriot Bernardini Arquitectos (\u00a9 Yen Chen)\" data-rel=\"lightbox-gallery-1\"><img loading=\"lazy\" decoding=\"async\" width=\"150\" height=\"150\" src=\"https:\/\/www.arquimaster.com.ar\/web\/wp-content\/uploads\/2013\/04\/loft_atocha22b-150x150.jpg\" class=\"attachment-thumbnail size-thumbnail\" alt=\"\" aria-describedby=\"gallery-1-5405\" srcset=\"https:\/\/www.arquimaster.com.ar\/web\/wp-content\/uploads\/2013\/04\/loft_atocha22b-150x150.jpg 150w, https:\/\/www.arquimaster.com.ar\/web\/wp-content\/uploads\/2013\/04\/loft_atocha22b-50x50.jpg 50w, https:\/\/www.arquimaster.com.ar\/web\/wp-content\/uploads\/2013\/04\/loft_atocha22b-125x125.jpg 125w\" sizes=\"auto, (max-width: 150px) 100vw, 150px\" \/><\/a>\n\t\t\t<\/div>\n\t\t\t\t<figcaption class='wp-caption-text gallery-caption' id='gallery-1-5405'>\n\t\t\t\tLoft en la Calle Atocha \/ Beriot Bernardini Arquitectos (\u00a9 Yen Chen)\n\t\t\t\t<\/figcaption><\/figure><figure class='gallery-item'>\n\t\t\t<div class='gallery-icon landscape'>\n\t\t\t\t<a href='https:\/\/www.arquimaster.com.ar\/web\/wp-content\/uploads\/2013\/04\/loft_atocha23b.jpg' title=\"Loft en la Calle Atocha \/ Beriot Bernardini Arquitectos (\u00a9 Yen Chen)\" data-rl_title=\"Loft en la Calle Atocha \/ Beriot Bernardini Arquitectos (\u00a9 Yen Chen)\" class=\"rl-gallery-link\" data-rl_caption=\"Loft en la Calle Atocha \/ Beriot Bernardini Arquitectos (\u00a9 Yen Chen)\" data-rel=\"lightbox-gallery-1\"><img loading=\"lazy\" decoding=\"async\" width=\"150\" height=\"150\" src=\"https:\/\/www.arquimaster.com.ar\/web\/wp-content\/uploads\/2013\/04\/loft_atocha23b-150x150.jpg\" class=\"attachment-thumbnail size-thumbnail\" alt=\"\" aria-describedby=\"gallery-1-5406\" srcset=\"https:\/\/www.arquimaster.com.ar\/web\/wp-content\/uploads\/2013\/04\/loft_atocha23b-150x150.jpg 150w, https:\/\/www.arquimaster.com.ar\/web\/wp-content\/uploads\/2013\/04\/loft_atocha23b-50x50.jpg 50w, https:\/\/www.arquimaster.com.ar\/web\/wp-content\/uploads\/2013\/04\/loft_atocha23b-125x125.jpg 125w\" sizes=\"auto, (max-width: 150px) 100vw, 150px\" \/><\/a>\n\t\t\t<\/div>\n\t\t\t\t<figcaption class='wp-caption-text gallery-caption' id='gallery-1-5406'>\n\t\t\t\tLoft en la Calle Atocha \/ Beriot Bernardini Arquitectos (\u00a9 Yen Chen)\n\t\t\t\t<\/figcaption><\/figure><figure class='gallery-item'>\n\t\t\t<div class='gallery-icon portrait'>\n\t\t\t\t<a href='https:\/\/www.arquimaster.com.ar\/web\/wp-content\/uploads\/2013\/04\/loft_atocha24b.jpg' title=\"Loft en la Calle Atocha \/ Beriot Bernardini Arquitectos (\u00a9 Yen Chen)\" data-rl_title=\"Loft en la Calle Atocha \/ Beriot Bernardini Arquitectos (\u00a9 Yen Chen)\" class=\"rl-gallery-link\" data-rl_caption=\"Loft en la Calle Atocha \/ Beriot Bernardini Arquitectos (\u00a9 Yen Chen)\" data-rel=\"lightbox-gallery-1\"><img loading=\"lazy\" decoding=\"async\" width=\"150\" height=\"150\" src=\"https:\/\/www.arquimaster.com.ar\/web\/wp-content\/uploads\/2013\/04\/loft_atocha24b-150x150.jpg\" class=\"attachment-thumbnail size-thumbnail\" alt=\"\" aria-describedby=\"gallery-1-5407\" srcset=\"https:\/\/www.arquimaster.com.ar\/web\/wp-content\/uploads\/2013\/04\/loft_atocha24b-150x150.jpg 150w, https:\/\/www.arquimaster.com.ar\/web\/wp-content\/uploads\/2013\/04\/loft_atocha24b-50x50.jpg 50w, https:\/\/www.arquimaster.com.ar\/web\/wp-content\/uploads\/2013\/04\/loft_atocha24b-125x125.jpg 125w\" sizes=\"auto, (max-width: 150px) 100vw, 150px\" \/><\/a>\n\t\t\t<\/div>\n\t\t\t\t<figcaption class='wp-caption-text gallery-caption' id='gallery-1-5407'>\n\t\t\t\tLoft en la Calle Atocha \/ Beriot Bernardini Arquitectos (\u00a9 Yen Chen)\n\t\t\t\t<\/figcaption><\/figure><figure class='gallery-item'>\n\t\t\t<div class='gallery-icon portrait'>\n\t\t\t\t<a href='https:\/\/www.arquimaster.com.ar\/web\/wp-content\/uploads\/2013\/04\/loft_atocha25b.jpg' title=\"Loft en la Calle Atocha \/ Beriot Bernardini Arquitectos (\u00a9 Yen Chen)\" data-rl_title=\"Loft en la Calle Atocha \/ Beriot Bernardini Arquitectos (\u00a9 Yen Chen)\" class=\"rl-gallery-link\" data-rl_caption=\"Loft en la Calle Atocha \/ Beriot Bernardini Arquitectos (\u00a9 Yen Chen)\" data-rel=\"lightbox-gallery-1\"><img loading=\"lazy\" decoding=\"async\" width=\"150\" height=\"150\" src=\"https:\/\/www.arquimaster.com.ar\/web\/wp-content\/uploads\/2013\/04\/loft_atocha25b-150x150.jpg\" class=\"attachment-thumbnail size-thumbnail\" alt=\"\" aria-describedby=\"gallery-1-5408\" srcset=\"https:\/\/www.arquimaster.com.ar\/web\/wp-content\/uploads\/2013\/04\/loft_atocha25b-150x150.jpg 150w, https:\/\/www.arquimaster.com.ar\/web\/wp-content\/uploads\/2013\/04\/loft_atocha25b-50x50.jpg 50w, https:\/\/www.arquimaster.com.ar\/web\/wp-content\/uploads\/2013\/04\/loft_atocha25b-125x125.jpg 125w\" sizes=\"auto, (max-width: 150px) 100vw, 150px\" \/><\/a>\n\t\t\t<\/div>\n\t\t\t\t<figcaption class='wp-caption-text gallery-caption' id='gallery-1-5408'>\n\t\t\t\tLoft en la Calle Atocha \/ Beriot Bernardini Arquitectos (\u00a9 Yen Chen)\n\t\t\t\t<\/figcaption><\/figure><figure class='gallery-item'>\n\t\t\t<div class='gallery-icon landscape'>\n\t\t\t\t<a href='https:\/\/www.arquimaster.com.ar\/web\/wp-content\/uploads\/2013\/04\/loft_atocha26b.jpg' title=\"Loft en la Calle Atocha \/ Beriot Bernardini Arquitectos (\u00a9 Yen Chen)\" data-rl_title=\"Loft en la Calle Atocha \/ Beriot Bernardini Arquitectos (\u00a9 Yen Chen)\" class=\"rl-gallery-link\" data-rl_caption=\"Loft en la Calle Atocha \/ Beriot Bernardini Arquitectos (\u00a9 Yen Chen)\" data-rel=\"lightbox-gallery-1\"><img loading=\"lazy\" decoding=\"async\" width=\"150\" height=\"150\" src=\"https:\/\/www.arquimaster.com.ar\/web\/wp-content\/uploads\/2013\/04\/loft_atocha26b-150x150.jpg\" class=\"attachment-thumbnail size-thumbnail\" alt=\"\" aria-describedby=\"gallery-1-5409\" srcset=\"https:\/\/www.arquimaster.com.ar\/web\/wp-content\/uploads\/2013\/04\/loft_atocha26b-150x150.jpg 150w, https:\/\/www.arquimaster.com.ar\/web\/wp-content\/uploads\/2013\/04\/loft_atocha26b-50x50.jpg 50w, https:\/\/www.arquimaster.com.ar\/web\/wp-content\/uploads\/2013\/04\/loft_atocha26b-125x125.jpg 125w\" sizes=\"auto, (max-width: 150px) 100vw, 150px\" \/><\/a>\n\t\t\t<\/div>\n\t\t\t\t<figcaption class='wp-caption-text gallery-caption' id='gallery-1-5409'>\n\t\t\t\tLoft en la Calle Atocha \/ Beriot Bernardini Arquitectos (\u00a9 Yen Chen)\n\t\t\t\t<\/figcaption><\/figure><figure class='gallery-item'>\n\t\t\t<div class='gallery-icon landscape'>\n\t\t\t\t<a href='https:\/\/www.arquimaster.com.ar\/web\/wp-content\/uploads\/2013\/04\/loft_atocha27b.jpg' title=\"Loft en la Calle Atocha \/ Beriot Bernardini Arquitectos (\u00a9 Yen Chen)\" data-rl_title=\"Loft en la Calle Atocha \/ Beriot Bernardini Arquitectos (\u00a9 Yen Chen)\" class=\"rl-gallery-link\" data-rl_caption=\"Loft en la Calle Atocha \/ Beriot Bernardini Arquitectos (\u00a9 Yen Chen)\" data-rel=\"lightbox-gallery-1\"><img loading=\"lazy\" decoding=\"async\" width=\"150\" height=\"150\" src=\"https:\/\/www.arquimaster.com.ar\/web\/wp-content\/uploads\/2013\/04\/loft_atocha27b-150x150.jpg\" class=\"attachment-thumbnail size-thumbnail\" alt=\"\" aria-describedby=\"gallery-1-5410\" srcset=\"https:\/\/www.arquimaster.com.ar\/web\/wp-content\/uploads\/2013\/04\/loft_atocha27b-150x150.jpg 150w, https:\/\/www.arquimaster.com.ar\/web\/wp-content\/uploads\/2013\/04\/loft_atocha27b-50x50.jpg 50w, https:\/\/www.arquimaster.com.ar\/web\/wp-content\/uploads\/2013\/04\/loft_atocha27b-125x125.jpg 125w\" sizes=\"auto, (max-width: 150px) 100vw, 150px\" \/><\/a>\n\t\t\t<\/div>\n\t\t\t\t<figcaption class='wp-caption-text gallery-caption' id='gallery-1-5410'>\n\t\t\t\tLoft en la Calle Atocha \/ Beriot Bernardini Arquitectos (\u00a9 Yen Chen)\n\t\t\t\t<\/figcaption><\/figure><figure class='gallery-item'>\n\t\t\t<div class='gallery-icon landscape'>\n\t\t\t\t<a href='https:\/\/www.arquimaster.com.ar\/web\/wp-content\/uploads\/2013\/04\/loft_atocha28b.jpg' title=\"Loft en la Calle Atocha \/ Beriot Bernardini Arquitectos (\u00a9 Yen Chen)\" data-rl_title=\"Loft en la Calle Atocha \/ Beriot Bernardini Arquitectos (\u00a9 Yen Chen)\" class=\"rl-gallery-link\" data-rl_caption=\"Loft en la Calle Atocha \/ Beriot Bernardini Arquitectos (\u00a9 Yen Chen)\" data-rel=\"lightbox-gallery-1\"><img loading=\"lazy\" decoding=\"async\" width=\"150\" height=\"150\" src=\"https:\/\/www.arquimaster.com.ar\/web\/wp-content\/uploads\/2013\/04\/loft_atocha28b-150x150.jpg\" class=\"attachment-thumbnail size-thumbnail\" alt=\"\" aria-describedby=\"gallery-1-5411\" srcset=\"https:\/\/www.arquimaster.com.ar\/web\/wp-content\/uploads\/2013\/04\/loft_atocha28b-150x150.jpg 150w, https:\/\/www.arquimaster.com.ar\/web\/wp-content\/uploads\/2013\/04\/loft_atocha28b-50x50.jpg 50w, https:\/\/www.arquimaster.com.ar\/web\/wp-content\/uploads\/2013\/04\/loft_atocha28b-125x125.jpg 125w\" sizes=\"auto, (max-width: 150px) 100vw, 150px\" \/><\/a>\n\t\t\t<\/div>\n\t\t\t\t<figcaption class='wp-caption-text gallery-caption' id='gallery-1-5411'>\n\t\t\t\tLoft en la Calle Atocha \/ Beriot Bernardini Arquitectos (\u00a9 Yen Chen)\n\t\t\t\t<\/figcaption><\/figure><figure class='gallery-item'>\n\t\t\t<div class='gallery-icon portrait'>\n\t\t\t\t<a href='https:\/\/www.arquimaster.com.ar\/web\/wp-content\/uploads\/2013\/04\/loft_atocha29b.jpg' title=\"Loft en la Calle Atocha \/ Beriot Bernardini Arquitectos (\u00a9 Yen Chen)\" data-rl_title=\"Loft en la Calle Atocha \/ Beriot Bernardini Arquitectos (\u00a9 Yen Chen)\" class=\"rl-gallery-link\" data-rl_caption=\"Loft en la Calle Atocha \/ Beriot Bernardini Arquitectos (\u00a9 Yen Chen)\" data-rel=\"lightbox-gallery-1\"><img loading=\"lazy\" decoding=\"async\" width=\"150\" height=\"150\" src=\"https:\/\/www.arquimaster.com.ar\/web\/wp-content\/uploads\/2013\/04\/loft_atocha29b-150x150.jpg\" class=\"attachment-thumbnail size-thumbnail\" alt=\"\" aria-describedby=\"gallery-1-5412\" srcset=\"https:\/\/www.arquimaster.com.ar\/web\/wp-content\/uploads\/2013\/04\/loft_atocha29b-150x150.jpg 150w, https:\/\/www.arquimaster.com.ar\/web\/wp-content\/uploads\/2013\/04\/loft_atocha29b-50x50.jpg 50w, https:\/\/www.arquimaster.com.ar\/web\/wp-content\/uploads\/2013\/04\/loft_atocha29b-125x125.jpg 125w\" sizes=\"auto, (max-width: 150px) 100vw, 150px\" \/><\/a>\n\t\t\t<\/div>\n\t\t\t\t<figcaption class='wp-caption-text gallery-caption' id='gallery-1-5412'>\n\t\t\t\tLoft en la Calle Atocha \/ Beriot Bernardini Arquitectos (\u00a9 Yen Chen)\n\t\t\t\t<\/figcaption><\/figure><figure class='gallery-item'>\n\t\t\t<div class='gallery-icon landscape'>\n\t\t\t\t<a href='https:\/\/www.arquimaster.com.ar\/web\/wp-content\/uploads\/2013\/04\/loft_atocha30b.jpg' title=\"Loft en la Calle Atocha \/ Beriot Bernardini Arquitectos (\u00a9 Yen Chen)\" data-rl_title=\"Loft en la Calle Atocha \/ Beriot Bernardini Arquitectos (\u00a9 Yen Chen)\" class=\"rl-gallery-link\" data-rl_caption=\"Loft en la Calle Atocha \/ Beriot Bernardini Arquitectos (\u00a9 Yen Chen)\" data-rel=\"lightbox-gallery-1\"><img loading=\"lazy\" decoding=\"async\" width=\"150\" height=\"150\" src=\"https:\/\/www.arquimaster.com.ar\/web\/wp-content\/uploads\/2013\/04\/loft_atocha30b-150x150.jpg\" class=\"attachment-thumbnail size-thumbnail\" alt=\"\" aria-describedby=\"gallery-1-5413\" srcset=\"https:\/\/www.arquimaster.com.ar\/web\/wp-content\/uploads\/2013\/04\/loft_atocha30b-150x150.jpg 150w, https:\/\/www.arquimaster.com.ar\/web\/wp-content\/uploads\/2013\/04\/loft_atocha30b-50x50.jpg 50w, https:\/\/www.arquimaster.com.ar\/web\/wp-content\/uploads\/2013\/04\/loft_atocha30b-125x125.jpg 125w\" sizes=\"auto, (max-width: 150px) 100vw, 150px\" \/><\/a>\n\t\t\t<\/div>\n\t\t\t\t<figcaption class='wp-caption-text gallery-caption' id='gallery-1-5413'>\n\t\t\t\tLoft en la Calle Atocha \/ Beriot Bernardini Arquitectos (\u00a9 Yen Chen)\n\t\t\t\t<\/figcaption><\/figure><figure class='gallery-item'>\n\t\t\t<div class='gallery-icon landscape'>\n\t\t\t\t<a href='https:\/\/www.arquimaster.com.ar\/web\/wp-content\/uploads\/2013\/04\/loft_atocha31b.jpg' title=\"Loft en la Calle Atocha \/ Beriot Bernardini Arquitectos (\u00a9 Yen Chen)\" data-rl_title=\"Loft en la Calle Atocha \/ Beriot Bernardini Arquitectos (\u00a9 Yen Chen)\" class=\"rl-gallery-link\" data-rl_caption=\"Loft en la Calle Atocha \/ Beriot Bernardini Arquitectos (\u00a9 Yen Chen)\" data-rel=\"lightbox-gallery-1\"><img loading=\"lazy\" decoding=\"async\" width=\"150\" height=\"150\" src=\"https:\/\/www.arquimaster.com.ar\/web\/wp-content\/uploads\/2013\/04\/loft_atocha31b-150x150.jpg\" class=\"attachment-thumbnail size-thumbnail\" alt=\"\" aria-describedby=\"gallery-1-5414\" srcset=\"https:\/\/www.arquimaster.com.ar\/web\/wp-content\/uploads\/2013\/04\/loft_atocha31b-150x150.jpg 150w, https:\/\/www.arquimaster.com.ar\/web\/wp-content\/uploads\/2013\/04\/loft_atocha31b-50x50.jpg 50w, https:\/\/www.arquimaster.com.ar\/web\/wp-content\/uploads\/2013\/04\/loft_atocha31b-125x125.jpg 125w\" sizes=\"auto, (max-width: 150px) 100vw, 150px\" \/><\/a>\n\t\t\t<\/div>\n\t\t\t\t<figcaption class='wp-caption-text gallery-caption' id='gallery-1-5414'>\n\t\t\t\tLoft en la Calle Atocha \/ Beriot Bernardini Arquitectos (\u00a9 Yen Chen)\n\t\t\t\t<\/figcaption><\/figure><figure class='gallery-item'>\n\t\t\t<div class='gallery-icon portrait'>\n\t\t\t\t<a href='https:\/\/www.arquimaster.com.ar\/web\/wp-content\/uploads\/2013\/04\/loft_atocha32b.jpg' title=\"Loft en la Calle Atocha \/ Beriot Bernardini Arquitectos (\u00a9 Yen Chen)\" data-rl_title=\"Loft en la Calle Atocha \/ Beriot Bernardini Arquitectos (\u00a9 Yen Chen)\" class=\"rl-gallery-link\" data-rl_caption=\"Loft en la Calle Atocha \/ Beriot Bernardini Arquitectos (\u00a9 Yen Chen)\" data-rel=\"lightbox-gallery-1\"><img loading=\"lazy\" decoding=\"async\" width=\"150\" height=\"150\" src=\"https:\/\/www.arquimaster.com.ar\/web\/wp-content\/uploads\/2013\/04\/loft_atocha32b-150x150.jpg\" class=\"attachment-thumbnail size-thumbnail\" alt=\"\" aria-describedby=\"gallery-1-5415\" srcset=\"https:\/\/www.arquimaster.com.ar\/web\/wp-content\/uploads\/2013\/04\/loft_atocha32b-150x150.jpg 150w, https:\/\/www.arquimaster.com.ar\/web\/wp-content\/uploads\/2013\/04\/loft_atocha32b-50x50.jpg 50w, https:\/\/www.arquimaster.com.ar\/web\/wp-content\/uploads\/2013\/04\/loft_atocha32b-125x125.jpg 125w\" sizes=\"auto, (max-width: 150px) 100vw, 150px\" \/><\/a>\n\t\t\t<\/div>\n\t\t\t\t<figcaption class='wp-caption-text gallery-caption' id='gallery-1-5415'>\n\t\t\t\tLoft en la Calle Atocha \/ Beriot Bernardini Arquitectos (\u00a9 Yen Chen)\n\t\t\t\t<\/figcaption><\/figure><figure class='gallery-item'>\n\t\t\t<div class='gallery-icon portrait'>\n\t\t\t\t<a href='https:\/\/www.arquimaster.com.ar\/web\/wp-content\/uploads\/2013\/04\/loft_atocha33b.jpg' title=\"Loft en la Calle Atocha \/ Beriot Bernardini Arquitectos (\u00a9 Yen Chen)\" data-rl_title=\"Loft en la Calle Atocha \/ Beriot Bernardini Arquitectos (\u00a9 Yen Chen)\" class=\"rl-gallery-link\" data-rl_caption=\"Loft en la Calle Atocha \/ Beriot Bernardini Arquitectos (\u00a9 Yen Chen)\" data-rel=\"lightbox-gallery-1\"><img loading=\"lazy\" decoding=\"async\" width=\"150\" height=\"150\" src=\"https:\/\/www.arquimaster.com.ar\/web\/wp-content\/uploads\/2013\/04\/loft_atocha33b-150x150.jpg\" class=\"attachment-thumbnail size-thumbnail\" alt=\"\" aria-describedby=\"gallery-1-5416\" srcset=\"https:\/\/www.arquimaster.com.ar\/web\/wp-content\/uploads\/2013\/04\/loft_atocha33b-150x150.jpg 150w, https:\/\/www.arquimaster.com.ar\/web\/wp-content\/uploads\/2013\/04\/loft_atocha33b-50x50.jpg 50w, https:\/\/www.arquimaster.com.ar\/web\/wp-content\/uploads\/2013\/04\/loft_atocha33b-125x125.jpg 125w\" sizes=\"auto, (max-width: 150px) 100vw, 150px\" \/><\/a>\n\t\t\t<\/div>\n\t\t\t\t<figcaption class='wp-caption-text gallery-caption' id='gallery-1-5416'>\n\t\t\t\tLoft en la Calle Atocha \/ Beriot Bernardini Arquitectos (\u00a9 Yen Chen)\n\t\t\t\t<\/figcaption><\/figure><figure class='gallery-item'>\n\t\t\t<div class='gallery-icon portrait'>\n\t\t\t\t<a href='https:\/\/www.arquimaster.com.ar\/web\/wp-content\/uploads\/2013\/04\/loft_atocha34b.jpg' title=\"Loft en la Calle Atocha \/ Beriot Bernardini Arquitectos (\u00a9 Yen Chen)\" data-rl_title=\"Loft en la Calle Atocha \/ Beriot Bernardini Arquitectos (\u00a9 Yen Chen)\" class=\"rl-gallery-link\" data-rl_caption=\"Loft en la Calle Atocha \/ Beriot Bernardini Arquitectos (\u00a9 Yen Chen)\" data-rel=\"lightbox-gallery-1\"><img loading=\"lazy\" decoding=\"async\" width=\"150\" height=\"150\" src=\"https:\/\/www.arquimaster.com.ar\/web\/wp-content\/uploads\/2013\/04\/loft_atocha34b-150x150.jpg\" class=\"attachment-thumbnail size-thumbnail\" alt=\"\" aria-describedby=\"gallery-1-5417\" srcset=\"https:\/\/www.arquimaster.com.ar\/web\/wp-content\/uploads\/2013\/04\/loft_atocha34b-150x150.jpg 150w, https:\/\/www.arquimaster.com.ar\/web\/wp-content\/uploads\/2013\/04\/loft_atocha34b-50x50.jpg 50w, https:\/\/www.arquimaster.com.ar\/web\/wp-content\/uploads\/2013\/04\/loft_atocha34b-125x125.jpg 125w\" sizes=\"auto, (max-width: 150px) 100vw, 150px\" \/><\/a>\n\t\t\t<\/div>\n\t\t\t\t<figcaption class='wp-caption-text gallery-caption' id='gallery-1-5417'>\n\t\t\t\tLoft en la Calle Atocha \/ Beriot Bernardini Arquitectos (\u00a9 Yen Chen)\n\t\t\t\t<\/figcaption><\/figure><figure class='gallery-item'>\n\t\t\t<div class='gallery-icon portrait'>\n\t\t\t\t<a href='https:\/\/www.arquimaster.com.ar\/web\/wp-content\/uploads\/2013\/04\/loft_atocha35b.jpg' title=\"Loft en la Calle Atocha \/ Beriot Bernardini Arquitectos (\u00a9 Yen Chen)\" data-rl_title=\"Loft en la Calle Atocha \/ Beriot Bernardini Arquitectos (\u00a9 Yen Chen)\" class=\"rl-gallery-link\" data-rl_caption=\"Loft en la Calle Atocha \/ Beriot Bernardini Arquitectos (\u00a9 Yen Chen)\" data-rel=\"lightbox-gallery-1\"><img loading=\"lazy\" decoding=\"async\" width=\"150\" height=\"150\" src=\"https:\/\/www.arquimaster.com.ar\/web\/wp-content\/uploads\/2013\/04\/loft_atocha35b-150x150.jpg\" class=\"attachment-thumbnail size-thumbnail\" alt=\"\" aria-describedby=\"gallery-1-5418\" srcset=\"https:\/\/www.arquimaster.com.ar\/web\/wp-content\/uploads\/2013\/04\/loft_atocha35b-150x150.jpg 150w, https:\/\/www.arquimaster.com.ar\/web\/wp-content\/uploads\/2013\/04\/loft_atocha35b-50x50.jpg 50w, https:\/\/www.arquimaster.com.ar\/web\/wp-content\/uploads\/2013\/04\/loft_atocha35b-125x125.jpg 125w\" sizes=\"auto, (max-width: 150px) 100vw, 150px\" \/><\/a>\n\t\t\t<\/div>\n\t\t\t\t<figcaption class='wp-caption-text gallery-caption' id='gallery-1-5418'>\n\t\t\t\tLoft en la Calle Atocha \/ Beriot Bernardini Arquitectos (\u00a9 Yen Chen)\n\t\t\t\t<\/figcaption><\/figure><figure class='gallery-item'>\n\t\t\t<div class='gallery-icon portrait'>\n\t\t\t\t<a href='https:\/\/www.arquimaster.com.ar\/web\/wp-content\/uploads\/2013\/04\/loft_atocha36b.jpg' title=\"Loft en la Calle Atocha \/ Beriot Bernardini Arquitectos (estado anterior)\" data-rl_title=\"Loft en la Calle Atocha \/ Beriot Bernardini Arquitectos (estado anterior)\" class=\"rl-gallery-link\" data-rl_caption=\"Loft en la Calle Atocha \/ Beriot Bernardini Arquitectos (estado anterior)\" data-rel=\"lightbox-gallery-1\"><img loading=\"lazy\" decoding=\"async\" width=\"150\" height=\"150\" src=\"https:\/\/www.arquimaster.com.ar\/web\/wp-content\/uploads\/2013\/04\/loft_atocha36b-150x150.jpg\" class=\"attachment-thumbnail size-thumbnail\" alt=\"\" aria-describedby=\"gallery-1-5419\" srcset=\"https:\/\/www.arquimaster.com.ar\/web\/wp-content\/uploads\/2013\/04\/loft_atocha36b-150x150.jpg 150w, https:\/\/www.arquimaster.com.ar\/web\/wp-content\/uploads\/2013\/04\/loft_atocha36b-50x50.jpg 50w, https:\/\/www.arquimaster.com.ar\/web\/wp-content\/uploads\/2013\/04\/loft_atocha36b-125x125.jpg 125w\" sizes=\"auto, (max-width: 150px) 100vw, 150px\" \/><\/a>\n\t\t\t<\/div>\n\t\t\t\t<figcaption class='wp-caption-text gallery-caption' id='gallery-1-5419'>\n\t\t\t\tLoft en la Calle Atocha \/ Beriot Bernardini Arquitectos (estado anterior)\n\t\t\t\t<\/figcaption><\/figure><figure class='gallery-item'>\n\t\t\t<div class='gallery-icon portrait'>\n\t\t\t\t<a href='https:\/\/www.arquimaster.com.ar\/web\/wp-content\/uploads\/2013\/04\/loft_atocha37b.jpg' title=\"Loft en la Calle Atocha \/ Beriot Bernardini Arquitectos (estado anterior)\" data-rl_title=\"Loft en la Calle Atocha \/ Beriot Bernardini Arquitectos (estado anterior)\" class=\"rl-gallery-link\" data-rl_caption=\"Loft en la Calle Atocha \/ Beriot Bernardini Arquitectos (estado anterior)\" data-rel=\"lightbox-gallery-1\"><img loading=\"lazy\" decoding=\"async\" width=\"150\" height=\"150\" src=\"https:\/\/www.arquimaster.com.ar\/web\/wp-content\/uploads\/2013\/04\/loft_atocha37b-150x150.jpg\" class=\"attachment-thumbnail size-thumbnail\" alt=\"\" aria-describedby=\"gallery-1-5420\" srcset=\"https:\/\/www.arquimaster.com.ar\/web\/wp-content\/uploads\/2013\/04\/loft_atocha37b-150x150.jpg 150w, https:\/\/www.arquimaster.com.ar\/web\/wp-content\/uploads\/2013\/04\/loft_atocha37b-50x50.jpg 50w, https:\/\/www.arquimaster.com.ar\/web\/wp-content\/uploads\/2013\/04\/loft_atocha37b-125x125.jpg 125w\" sizes=\"auto, (max-width: 150px) 100vw, 150px\" \/><\/a>\n\t\t\t<\/div>\n\t\t\t\t<figcaption class='wp-caption-text gallery-caption' id='gallery-1-5420'>\n\t\t\t\tLoft en la Calle Atocha \/ Beriot Bernardini Arquitectos (estado anterior)\n\t\t\t\t<\/figcaption><\/figure><figure class='gallery-item'>\n\t\t\t<div class='gallery-icon landscape'>\n\t\t\t\t<a href='https:\/\/www.arquimaster.com.ar\/web\/wp-content\/uploads\/2013\/04\/loft_atocha38b.jpg' title=\"Loft en la Calle Atocha \/ Beriot Bernardini Arquitectos (estado anterior)\" data-rl_title=\"Loft en la Calle Atocha \/ Beriot Bernardini Arquitectos (estado anterior)\" class=\"rl-gallery-link\" data-rl_caption=\"Loft en la Calle Atocha \/ Beriot Bernardini Arquitectos (estado anterior)\" data-rel=\"lightbox-gallery-1\"><img loading=\"lazy\" decoding=\"async\" width=\"150\" height=\"150\" src=\"https:\/\/www.arquimaster.com.ar\/web\/wp-content\/uploads\/2013\/04\/loft_atocha38b-150x150.jpg\" class=\"attachment-thumbnail size-thumbnail\" alt=\"\" aria-describedby=\"gallery-1-5421\" srcset=\"https:\/\/www.arquimaster.com.ar\/web\/wp-content\/uploads\/2013\/04\/loft_atocha38b-150x150.jpg 150w, https:\/\/www.arquimaster.com.ar\/web\/wp-content\/uploads\/2013\/04\/loft_atocha38b-50x50.jpg 50w, https:\/\/www.arquimaster.com.ar\/web\/wp-content\/uploads\/2013\/04\/loft_atocha38b-125x125.jpg 125w\" sizes=\"auto, (max-width: 150px) 100vw, 150px\" \/><\/a>\n\t\t\t<\/div>\n\t\t\t\t<figcaption class='wp-caption-text gallery-caption' id='gallery-1-5421'>\n\t\t\t\tLoft en la Calle Atocha \/ Beriot Bernardini Arquitectos (estado anterior)\n\t\t\t\t<\/figcaption><\/figure><figure class='gallery-item'>\n\t\t\t<div class='gallery-icon landscape'>\n\t\t\t\t<a href='https:\/\/www.arquimaster.com.ar\/web\/wp-content\/uploads\/2013\/04\/loft_atocha39b.jpg' title=\"Loft en la Calle Atocha \/ Beriot Bernardini Arquitectos (estado anterior)\" data-rl_title=\"Loft en la Calle Atocha \/ Beriot Bernardini Arquitectos (estado anterior)\" class=\"rl-gallery-link\" data-rl_caption=\"Loft en la Calle Atocha \/ Beriot Bernardini Arquitectos (estado anterior)\" data-rel=\"lightbox-gallery-1\"><img loading=\"lazy\" decoding=\"async\" width=\"150\" height=\"150\" src=\"https:\/\/www.arquimaster.com.ar\/web\/wp-content\/uploads\/2013\/04\/loft_atocha39b-150x150.jpg\" class=\"attachment-thumbnail size-thumbnail\" alt=\"\" aria-describedby=\"gallery-1-5422\" srcset=\"https:\/\/www.arquimaster.com.ar\/web\/wp-content\/uploads\/2013\/04\/loft_atocha39b-150x150.jpg 150w, https:\/\/www.arquimaster.com.ar\/web\/wp-content\/uploads\/2013\/04\/loft_atocha39b-50x50.jpg 50w, https:\/\/www.arquimaster.com.ar\/web\/wp-content\/uploads\/2013\/04\/loft_atocha39b-125x125.jpg 125w\" sizes=\"auto, (max-width: 150px) 100vw, 150px\" \/><\/a>\n\t\t\t<\/div>\n\t\t\t\t<figcaption class='wp-caption-text gallery-caption' id='gallery-1-5422'>\n\t\t\t\tLoft en la Calle Atocha \/ Beriot Bernardini Arquitectos (estado anterior)\n\t\t\t\t<\/figcaption><\/figure><figure class='gallery-item'>\n\t\t\t<div class='gallery-icon portrait'>\n\t\t\t\t<a href='https:\/\/www.arquimaster.com.ar\/web\/wp-content\/uploads\/2013\/04\/loft_atocha40b.jpg' title=\"Loft en la Calle Atocha \/ Beriot Bernardini Arquitectos (estado anterior)\" data-rl_title=\"Loft en la Calle Atocha \/ Beriot Bernardini Arquitectos (estado anterior)\" class=\"rl-gallery-link\" data-rl_caption=\"Loft en la Calle Atocha \/ Beriot Bernardini Arquitectos (estado anterior)\" data-rel=\"lightbox-gallery-1\"><img loading=\"lazy\" decoding=\"async\" width=\"150\" height=\"150\" src=\"https:\/\/www.arquimaster.com.ar\/web\/wp-content\/uploads\/2013\/04\/loft_atocha40b-150x150.jpg\" class=\"attachment-thumbnail size-thumbnail\" alt=\"\" aria-describedby=\"gallery-1-5423\" srcset=\"https:\/\/www.arquimaster.com.ar\/web\/wp-content\/uploads\/2013\/04\/loft_atocha40b-150x150.jpg 150w, https:\/\/www.arquimaster.com.ar\/web\/wp-content\/uploads\/2013\/04\/loft_atocha40b-50x50.jpg 50w, https:\/\/www.arquimaster.com.ar\/web\/wp-content\/uploads\/2013\/04\/loft_atocha40b-125x125.jpg 125w\" sizes=\"auto, (max-width: 150px) 100vw, 150px\" \/><\/a>\n\t\t\t<\/div>\n\t\t\t\t<figcaption class='wp-caption-text gallery-caption' id='gallery-1-5423'>\n\t\t\t\tLoft en la Calle Atocha \/ Beriot Bernardini Arquitectos (estado anterior)\n\t\t\t\t<\/figcaption><\/figure><figure class='gallery-item'>\n\t\t\t<div class='gallery-icon landscape'>\n\t\t\t\t<a href='https:\/\/www.arquimaster.com.ar\/web\/wp-content\/uploads\/2013\/04\/loft_atocha_pb.jpg' title=\"Loft en la Calle Atocha \/ Beriot Bernardini Arquitectos (planta baja)\" data-rl_title=\"Loft en la Calle Atocha \/ Beriot Bernardini Arquitectos (planta baja)\" class=\"rl-gallery-link\" data-rl_caption=\"Loft en la Calle Atocha \/ Beriot Bernardini Arquitectos (planta baja)\" data-rel=\"lightbox-gallery-1\"><img loading=\"lazy\" decoding=\"async\" width=\"150\" height=\"150\" src=\"https:\/\/www.arquimaster.com.ar\/web\/wp-content\/uploads\/2013\/04\/loft_atocha_pb-150x150.jpg\" class=\"attachment-thumbnail size-thumbnail\" alt=\"\" aria-describedby=\"gallery-1-5427\" srcset=\"https:\/\/www.arquimaster.com.ar\/web\/wp-content\/uploads\/2013\/04\/loft_atocha_pb-150x150.jpg 150w, https:\/\/www.arquimaster.com.ar\/web\/wp-content\/uploads\/2013\/04\/loft_atocha_pb-50x50.jpg 50w, https:\/\/www.arquimaster.com.ar\/web\/wp-content\/uploads\/2013\/04\/loft_atocha_pb-125x125.jpg 125w\" sizes=\"auto, (max-width: 150px) 100vw, 150px\" \/><\/a>\n\t\t\t<\/div>\n\t\t\t\t<figcaption class='wp-caption-text gallery-caption' id='gallery-1-5427'>\n\t\t\t\tLoft en la Calle Atocha \/ Beriot Bernardini Arquitectos (planta baja)\n\t\t\t\t<\/figcaption><\/figure><figure class='gallery-item'>\n\t\t\t<div class='gallery-icon landscape'>\n\t\t\t\t<a href='https:\/\/www.arquimaster.com.ar\/web\/wp-content\/uploads\/2013\/04\/loft_atocha_pa.jpg' title=\"Loft en la Calle Atocha \/ Beriot Bernardini Arquitectos (planta alta)\" data-rl_title=\"Loft en la Calle Atocha \/ Beriot Bernardini Arquitectos (planta alta)\" class=\"rl-gallery-link\" data-rl_caption=\"Loft en la Calle Atocha \/ Beriot Bernardini Arquitectos (planta alta)\" data-rel=\"lightbox-gallery-1\"><img loading=\"lazy\" decoding=\"async\" width=\"150\" height=\"150\" src=\"https:\/\/www.arquimaster.com.ar\/web\/wp-content\/uploads\/2013\/04\/loft_atocha_pa-150x150.jpg\" class=\"attachment-thumbnail size-thumbnail\" alt=\"\" aria-describedby=\"gallery-1-5426\" srcset=\"https:\/\/www.arquimaster.com.ar\/web\/wp-content\/uploads\/2013\/04\/loft_atocha_pa-150x150.jpg 150w, https:\/\/www.arquimaster.com.ar\/web\/wp-content\/uploads\/2013\/04\/loft_atocha_pa-50x50.jpg 50w, https:\/\/www.arquimaster.com.ar\/web\/wp-content\/uploads\/2013\/04\/loft_atocha_pa-125x125.jpg 125w\" sizes=\"auto, (max-width: 150px) 100vw, 150px\" \/><\/a>\n\t\t\t<\/div>\n\t\t\t\t<figcaption class='wp-caption-text gallery-caption' id='gallery-1-5426'>\n\t\t\t\tLoft en la Calle Atocha \/ Beriot Bernardini Arquitectos (planta alta)\n\t\t\t\t<\/figcaption><\/figure><figure class='gallery-item'>\n\t\t\t<div class='gallery-icon landscape'>\n\t\t\t\t<a href='https:\/\/www.arquimaster.com.ar\/web\/wp-content\/uploads\/2013\/04\/loft_atocha_c1.jpg' title=\"Loft en la Calle Atocha \/ Beriot Bernardini Arquitectos (corte)\" data-rl_title=\"Loft en la Calle Atocha \/ Beriot Bernardini Arquitectos (corte)\" class=\"rl-gallery-link\" data-rl_caption=\"Loft en la Calle Atocha \/ Beriot Bernardini Arquitectos (corte)\" data-rel=\"lightbox-gallery-1\"><img loading=\"lazy\" decoding=\"async\" width=\"150\" height=\"150\" src=\"https:\/\/www.arquimaster.com.ar\/web\/wp-content\/uploads\/2013\/04\/loft_atocha_c1-150x150.jpg\" class=\"attachment-thumbnail size-thumbnail\" alt=\"\" aria-describedby=\"gallery-1-5424\" srcset=\"https:\/\/www.arquimaster.com.ar\/web\/wp-content\/uploads\/2013\/04\/loft_atocha_c1-150x150.jpg 150w, https:\/\/www.arquimaster.com.ar\/web\/wp-content\/uploads\/2013\/04\/loft_atocha_c1-50x50.jpg 50w, https:\/\/www.arquimaster.com.ar\/web\/wp-content\/uploads\/2013\/04\/loft_atocha_c1-125x125.jpg 125w\" sizes=\"auto, (max-width: 150px) 100vw, 150px\" \/><\/a>\n\t\t\t<\/div>\n\t\t\t\t<figcaption class='wp-caption-text gallery-caption' id='gallery-1-5424'>\n\t\t\t\tLoft en la Calle Atocha \/ Beriot Bernardini Arquitectos (corte)\n\t\t\t\t<\/figcaption><\/figure><figure class='gallery-item'>\n\t\t\t<div class='gallery-icon landscape'>\n\t\t\t\t<a href='https:\/\/www.arquimaster.com.ar\/web\/wp-content\/uploads\/2013\/04\/loft_atocha_c2.jpg' title=\"Loft en la Calle Atocha \/ Beriot Bernardini Arquitectos (corte)\" data-rl_title=\"Loft en la Calle Atocha \/ Beriot Bernardini Arquitectos (corte)\" class=\"rl-gallery-link\" data-rl_caption=\"Loft en la Calle Atocha \/ Beriot Bernardini Arquitectos (corte)\" data-rel=\"lightbox-gallery-1\"><img loading=\"lazy\" decoding=\"async\" width=\"150\" height=\"150\" src=\"https:\/\/www.arquimaster.com.ar\/web\/wp-content\/uploads\/2013\/04\/loft_atocha_c2-150x150.jpg\" class=\"attachment-thumbnail size-thumbnail\" alt=\"\" aria-describedby=\"gallery-1-5425\" srcset=\"https:\/\/www.arquimaster.com.ar\/web\/wp-content\/uploads\/2013\/04\/loft_atocha_c2-150x150.jpg 150w, https:\/\/www.arquimaster.com.ar\/web\/wp-content\/uploads\/2013\/04\/loft_atocha_c2-50x50.jpg 50w, https:\/\/www.arquimaster.com.ar\/web\/wp-content\/uploads\/2013\/04\/loft_atocha_c2-125x125.jpg 125w\" sizes=\"auto, (max-width: 150px) 100vw, 150px\" \/><\/a>\n\t\t\t<\/div>\n\t\t\t\t<figcaption class='wp-caption-text gallery-caption' id='gallery-1-5425'>\n\t\t\t\tLoft en la Calle Atocha \/ Beriot Bernardini Arquitectos (corte)\n\t\t\t\t<\/figcaption><\/figure>\n\t\t<\/div>\n\n<p>Se define como planteamiento b\u00e1sico de la intervenci\u00f3n <strong>conservar las cualidades del espacio original<\/strong>, acondicion\u00e1ndolo para ofrecer una comodidad adecuada a su nuevo uso.<\/p>\n<p>Se <strong>recuperan las antiguas cerchas met\u00e1licas y ripias de madera existentes<\/strong>, disponiendo sobre ellas aislamiento t\u00e9rmico y una cubierta de zinc a junta alzada.<\/p>\n<p>El amplio muro medianero se pica para <strong>descubrir la textura del ladrillo<\/strong>, de un intenso tono anaranjado.<\/p>\n<p>En el lado sur, la supresi\u00f3n de la cubierta a dos aguas de la coronaci\u00f3n del cuerpo de edificaci\u00f3n colindante permite crear una <strong>terraza que proporciona un paisaje exterior<\/strong> controlado hacia el que se expande la vivienda a trav\u00e9s de una puerta corredera de generosas proporciones.<\/p>\n<p>En los <strong>grandes ventanales<\/strong> abiertos a norte y sur se disponen nuevas carpinter\u00edas con vidrios de aislamiento t\u00e9rmico reforzado, practicables de madera hasta la cota de alcance del cuerpo y fijas de acero en las partes altas, estas \u00faltimas ocultas tras la estructura vertical.<\/p>\n<p>Se formaliza as\u00ed un <strong>\u00abnido\u00bb de madera<\/strong> por encima de cuyo borde se desarrolla todo el espacio de la nave y se cuela el cielo.<\/p>\n<p>La colocaci\u00f3n de un alero y estores enrollables exteriores en la fachada sur ofrecen protecci\u00f3n en verano y un generoso soleamiento, atravesando toda la casa, en invierno.<\/p>\n<p>En el contenedor as\u00ed preparado se insertan tres <strong>elementos exentos <\/strong>que resuelven las necesidades de almacenamiento.<\/p>\n<p>Estos, de alturas distintas y revestidos en lin\u00f3leo de distintos tonos, introducen en el espacio existente un skyline de escala incierta y generan una <strong>multiplicidad de espacios, perspectivas, l\u00edneas de visi\u00f3n cambiantes y recorridos <\/strong>entre ellas, aportando riqueza espacial al rotundo volumen inicial y matizando las relaciones entre los diferentes usos de la vivienda.<\/p>\n<p>Entre estos elementos portantes se apoya un forjado ligero que genera una planta privada de dormitorio y vestidor, asomados al espacio principal.<\/p>\n<p><strong>Ficha t\u00e9cnica<\/strong><br \/>\nNombre: Loft en la Calle Atocha<br \/>\nUbicacion: Calle Atocha, Madrid, Espa\u00f1a<br \/>\nArquitectos: Beriot Bernardini Arquitectos<br \/>\nSuperficie total: 125 m2<br \/>\nA\u00f1o de construccion: 2005<br \/>\nFot\u00f3grafias: Yen Chen<\/p>\n<p><strong>Contacto: <\/strong><a href=\"http:\/\/www.beriotbernardini.net\" target=\"_blank\">http:\/\/www.beriotbernardini.net<\/a><\/p>\n\n<div style=\"font-size: 0px; height: 0px; line-height: 0px; margin: 0; padding: 0; clear: both;\"><\/div><div style=\"margin-top: 0px; margin-bottom: 0px;\" class=\"sharethis-inline-share-buttons\" ><\/div>","protected":false},"excerpt":{"rendered":"<p>Conversi\u00f3n en vivienda loft de un taller de artista de principios del siglo XX existente en Madrid&#8230;<\/p>\n","protected":false},"author":1,"featured_media":5428,"comment_status":"closed","ping_status":"closed","sticky":false,"template":"","format":"standard","meta":{"_uag_custom_page_level_css":"","footnotes":""},"categories":[79,1],"tags":[869,104,968,441,254],"class_list":["post-5382","post","type-post","status-publish","format-standard","has-post-thumbnail","hentry","category-departamentos","category-proyecto","tag-beriot-bernardini-arquitectos","tag-espana","tag-loft","tag-madrid","tag-vivienda-unifamiliar-2","generate-columns","tablet-grid-50","mobile-grid-100","grid-parent","grid-50"],"yoast_head":"<!-- This site is optimized with the Yoast SEO plugin v27.3 - https:\/\/yoast.com\/product\/yoast-seo-wordpress\/ -->\n<title>Loft en la Calle Atocha \/ Beriot Bernardini Arquitectos - Arquimaster<\/title>\n<meta name=\"robots\" content=\"index, follow, max-snippet:-1, max-image-preview:large, max-video-preview:-1\" \/>\n<link rel=\"canonical\" href=\"https:\/\/www.arquimaster.com.ar\/web\/loft-en-la-calle-atocha-beriot-bernardini-arquitectos\/\" \/>\n<meta property=\"og:locale\" content=\"es_ES\" \/>\n<meta property=\"og:type\" content=\"article\" \/>\n<meta property=\"og:title\" content=\"Loft en la Calle Atocha \/ Beriot Bernardini Arquitectos - Arquimaster\" \/>\n<meta property=\"og:description\" content=\"Conversi\u00f3n en vivienda loft de un taller de artista de principios del siglo XX existente en Madrid...\" \/>\n<meta property=\"og:url\" content=\"https:\/\/www.arquimaster.com.ar\/web\/loft-en-la-calle-atocha-beriot-bernardini-arquitectos\/\" \/>\n<meta property=\"og:site_name\" content=\"Arquimaster\" \/>\n<meta property=\"article:publisher\" content=\"http:\/\/www.facebook.com\/ARQUIMASTER.com.ar\" \/>\n<meta property=\"article:published_time\" content=\"2013-04-25T23:57:43+00:00\" \/>\n<meta property=\"article:modified_time\" content=\"2014-04-11T00:54:36+00:00\" \/>\n<meta property=\"og:image\" content=\"https:\/\/www.arquimaster.com.ar\/web\/wp-content\/uploads\/2013\/04\/loft_atocha_slide.jpg\" \/>\n\t<meta property=\"og:image:width\" content=\"642\" \/>\n\t<meta property=\"og:image:height\" content=\"336\" \/>\n\t<meta property=\"og:image:type\" content=\"image\/jpeg\" \/>\n<meta name=\"author\" content=\"Arquimaster\" \/>\n<meta name=\"twitter:card\" content=\"summary_large_image\" \/>\n<meta name=\"twitter:creator\" content=\"@arquimaster\" \/>\n<meta name=\"twitter:site\" content=\"@arquimaster\" \/>\n<meta name=\"twitter:label1\" content=\"Escrito por\" \/>\n\t<meta name=\"twitter:data1\" content=\"Arquimaster\" \/>\n\t<meta name=\"twitter:label2\" content=\"Tiempo de lectura\" \/>\n\t<meta name=\"twitter:data2\" content=\"2 minutos\" \/>\n<script type=\"application\/ld+json\" class=\"yoast-schema-graph\">{\"@context\":\"https:\\\/\\\/schema.org\",\"@graph\":[{\"@type\":\"Article\",\"@id\":\"https:\\\/\\\/www.arquimaster.com.ar\\\/web\\\/loft-en-la-calle-atocha-beriot-bernardini-arquitectos\\\/#article\",\"isPartOf\":{\"@id\":\"https:\\\/\\\/www.arquimaster.com.ar\\\/web\\\/loft-en-la-calle-atocha-beriot-bernardini-arquitectos\\\/\"},\"author\":{\"name\":\"Arquimaster\",\"@id\":\"https:\\\/\\\/www.arquimaster.com.ar\\\/web\\\/#\\\/schema\\\/person\\\/359e9f7c00193fcde068e0dd2ceb0028\"},\"headline\":\"Loft en la Calle Atocha \\\/ Beriot Bernardini Arquitectos\",\"datePublished\":\"2013-04-25T23:57:43+00:00\",\"dateModified\":\"2014-04-11T00:54:36+00:00\",\"mainEntityOfPage\":{\"@id\":\"https:\\\/\\\/www.arquimaster.com.ar\\\/web\\\/loft-en-la-calle-atocha-beriot-bernardini-arquitectos\\\/\"},\"wordCount\":404,\"publisher\":{\"@id\":\"https:\\\/\\\/www.arquimaster.com.ar\\\/web\\\/#organization\"},\"image\":{\"@id\":\"https:\\\/\\\/www.arquimaster.com.ar\\\/web\\\/loft-en-la-calle-atocha-beriot-bernardini-arquitectos\\\/#primaryimage\"},\"thumbnailUrl\":\"https:\\\/\\\/www.arquimaster.com.ar\\\/web\\\/wp-content\\\/uploads\\\/2013\\\/04\\\/loft_atocha_slide.jpg\",\"keywords\":[\"Beriot Bernardini Arquitectos\",\"Espa\u00f1a\",\"loft\",\"Madrid\",\"vivienda unifamiliar\"],\"articleSection\":[\"Departamentos y Lofts\",\"Proyecto\"],\"inLanguage\":\"es\"},{\"@type\":\"WebPage\",\"@id\":\"https:\\\/\\\/www.arquimaster.com.ar\\\/web\\\/loft-en-la-calle-atocha-beriot-bernardini-arquitectos\\\/\",\"url\":\"https:\\\/\\\/www.arquimaster.com.ar\\\/web\\\/loft-en-la-calle-atocha-beriot-bernardini-arquitectos\\\/\",\"name\":\"Loft en la Calle Atocha \\\/ Beriot Bernardini Arquitectos - Arquimaster\",\"isPartOf\":{\"@id\":\"https:\\\/\\\/www.arquimaster.com.ar\\\/web\\\/#website\"},\"primaryImageOfPage\":{\"@id\":\"https:\\\/\\\/www.arquimaster.com.ar\\\/web\\\/loft-en-la-calle-atocha-beriot-bernardini-arquitectos\\\/#primaryimage\"},\"image\":{\"@id\":\"https:\\\/\\\/www.arquimaster.com.ar\\\/web\\\/loft-en-la-calle-atocha-beriot-bernardini-arquitectos\\\/#primaryimage\"},\"thumbnailUrl\":\"https:\\\/\\\/www.arquimaster.com.ar\\\/web\\\/wp-content\\\/uploads\\\/2013\\\/04\\\/loft_atocha_slide.jpg\",\"datePublished\":\"2013-04-25T23:57:43+00:00\",\"dateModified\":\"2014-04-11T00:54:36+00:00\",\"breadcrumb\":{\"@id\":\"https:\\\/\\\/www.arquimaster.com.ar\\\/web\\\/loft-en-la-calle-atocha-beriot-bernardini-arquitectos\\\/#breadcrumb\"},\"inLanguage\":\"es\",\"potentialAction\":[{\"@type\":\"ReadAction\",\"target\":[\"https:\\\/\\\/www.arquimaster.com.ar\\\/web\\\/loft-en-la-calle-atocha-beriot-bernardini-arquitectos\\\/\"]}]},{\"@type\":\"ImageObject\",\"inLanguage\":\"es\",\"@id\":\"https:\\\/\\\/www.arquimaster.com.ar\\\/web\\\/loft-en-la-calle-atocha-beriot-bernardini-arquitectos\\\/#primaryimage\",\"url\":\"https:\\\/\\\/www.arquimaster.com.ar\\\/web\\\/wp-content\\\/uploads\\\/2013\\\/04\\\/loft_atocha_slide.jpg\",\"contentUrl\":\"https:\\\/\\\/www.arquimaster.com.ar\\\/web\\\/wp-content\\\/uploads\\\/2013\\\/04\\\/loft_atocha_slide.jpg\",\"width\":642,\"height\":336},{\"@type\":\"BreadcrumbList\",\"@id\":\"https:\\\/\\\/www.arquimaster.com.ar\\\/web\\\/loft-en-la-calle-atocha-beriot-bernardini-arquitectos\\\/#breadcrumb\",\"itemListElement\":[{\"@type\":\"ListItem\",\"position\":1,\"name\":\"Portada\",\"item\":\"https:\\\/\\\/www.arquimaster.com.ar\\\/web\\\/\"},{\"@type\":\"ListItem\",\"position\":2,\"name\":\"Loft en la Calle Atocha \\\/ Beriot Bernardini Arquitectos\"}]},{\"@type\":\"WebSite\",\"@id\":\"https:\\\/\\\/www.arquimaster.com.ar\\\/web\\\/#website\",\"url\":\"https:\\\/\\\/www.arquimaster.com.ar\\\/web\\\/\",\"name\":\"Arquimaster\",\"description\":\"Web de arquitectura, dise\u00f1o y construccion\",\"publisher\":{\"@id\":\"https:\\\/\\\/www.arquimaster.com.ar\\\/web\\\/#organization\"},\"potentialAction\":[{\"@type\":\"SearchAction\",\"target\":{\"@type\":\"EntryPoint\",\"urlTemplate\":\"https:\\\/\\\/www.arquimaster.com.ar\\\/web\\\/?s={search_term_string}\"},\"query-input\":{\"@type\":\"PropertyValueSpecification\",\"valueRequired\":true,\"valueName\":\"search_term_string\"}}],\"inLanguage\":\"es\"},{\"@type\":\"Organization\",\"@id\":\"https:\\\/\\\/www.arquimaster.com.ar\\\/web\\\/#organization\",\"name\":\"Arquimaster\",\"url\":\"https:\\\/\\\/www.arquimaster.com.ar\\\/web\\\/\",\"logo\":{\"@type\":\"ImageObject\",\"inLanguage\":\"es\",\"@id\":\"https:\\\/\\\/www.arquimaster.com.ar\\\/web\\\/#\\\/schema\\\/logo\\\/image\\\/\",\"url\":\"https:\\\/\\\/www.arquimaster.com.ar\\\/web\\\/wp-content\\\/uploads\\\/2022\\\/06\\\/arquimaster.png\",\"contentUrl\":\"https:\\\/\\\/www.arquimaster.com.ar\\\/web\\\/wp-content\\\/uploads\\\/2022\\\/06\\\/arquimaster.png\",\"width\":594,\"height\":78,\"caption\":\"Arquimaster\"},\"image\":{\"@id\":\"https:\\\/\\\/www.arquimaster.com.ar\\\/web\\\/#\\\/schema\\\/logo\\\/image\\\/\"},\"sameAs\":[\"http:\\\/\\\/www.facebook.com\\\/ARQUIMASTER.com.ar\",\"https:\\\/\\\/x.com\\\/arquimaster\",\"https:\\\/\\\/www.instagram.com\\\/arquimasterblog\\\/\",\"https:\\\/\\\/www.linkedin.com\\\/company\\\/arquimaster\",\"https:\\\/\\\/www.pinterest.com\\\/arquimaster\",\"https:\\\/\\\/t.me\\\/arquimaster\"]},{\"@type\":\"Person\",\"@id\":\"https:\\\/\\\/www.arquimaster.com.ar\\\/web\\\/#\\\/schema\\\/person\\\/359e9f7c00193fcde068e0dd2ceb0028\",\"name\":\"Arquimaster\"}]}<\/script>\n<!-- \/ Yoast SEO plugin. -->","yoast_head_json":{"title":"Loft en la Calle Atocha \/ Beriot Bernardini Arquitectos - Arquimaster","robots":{"index":"index","follow":"follow","max-snippet":"max-snippet:-1","max-image-preview":"max-image-preview:large","max-video-preview":"max-video-preview:-1"},"canonical":"https:\/\/www.arquimaster.com.ar\/web\/loft-en-la-calle-atocha-beriot-bernardini-arquitectos\/","og_locale":"es_ES","og_type":"article","og_title":"Loft en la Calle Atocha \/ Beriot Bernardini Arquitectos - Arquimaster","og_description":"Conversi\u00f3n en vivienda loft de un taller de artista de principios del siglo XX existente en Madrid...","og_url":"https:\/\/www.arquimaster.com.ar\/web\/loft-en-la-calle-atocha-beriot-bernardini-arquitectos\/","og_site_name":"Arquimaster","article_publisher":"http:\/\/www.facebook.com\/ARQUIMASTER.com.ar","article_published_time":"2013-04-25T23:57:43+00:00","article_modified_time":"2014-04-11T00:54:36+00:00","og_image":[{"width":642,"height":336,"url":"https:\/\/www.arquimaster.com.ar\/web\/wp-content\/uploads\/2013\/04\/loft_atocha_slide.jpg","type":"image\/jpeg"}],"author":"Arquimaster","twitter_card":"summary_large_image","twitter_creator":"@arquimaster","twitter_site":"@arquimaster","twitter_misc":{"Escrito por":"Arquimaster","Tiempo de lectura":"2 minutos"},"schema":{"@context":"https:\/\/schema.org","@graph":[{"@type":"Article","@id":"https:\/\/www.arquimaster.com.ar\/web\/loft-en-la-calle-atocha-beriot-bernardini-arquitectos\/#article","isPartOf":{"@id":"https:\/\/www.arquimaster.com.ar\/web\/loft-en-la-calle-atocha-beriot-bernardini-arquitectos\/"},"author":{"name":"Arquimaster","@id":"https:\/\/www.arquimaster.com.ar\/web\/#\/schema\/person\/359e9f7c00193fcde068e0dd2ceb0028"},"headline":"Loft en la Calle Atocha \/ Beriot Bernardini Arquitectos","datePublished":"2013-04-25T23:57:43+00:00","dateModified":"2014-04-11T00:54:36+00:00","mainEntityOfPage":{"@id":"https:\/\/www.arquimaster.com.ar\/web\/loft-en-la-calle-atocha-beriot-bernardini-arquitectos\/"},"wordCount":404,"publisher":{"@id":"https:\/\/www.arquimaster.com.ar\/web\/#organization"},"image":{"@id":"https:\/\/www.arquimaster.com.ar\/web\/loft-en-la-calle-atocha-beriot-bernardini-arquitectos\/#primaryimage"},"thumbnailUrl":"https:\/\/www.arquimaster.com.ar\/web\/wp-content\/uploads\/2013\/04\/loft_atocha_slide.jpg","keywords":["Beriot Bernardini Arquitectos","Espa\u00f1a","loft","Madrid","vivienda unifamiliar"],"articleSection":["Departamentos y Lofts","Proyecto"],"inLanguage":"es"},{"@type":"WebPage","@id":"https:\/\/www.arquimaster.com.ar\/web\/loft-en-la-calle-atocha-beriot-bernardini-arquitectos\/","url":"https:\/\/www.arquimaster.com.ar\/web\/loft-en-la-calle-atocha-beriot-bernardini-arquitectos\/","name":"Loft en la Calle Atocha \/ Beriot Bernardini Arquitectos - Arquimaster","isPartOf":{"@id":"https:\/\/www.arquimaster.com.ar\/web\/#website"},"primaryImageOfPage":{"@id":"https:\/\/www.arquimaster.com.ar\/web\/loft-en-la-calle-atocha-beriot-bernardini-arquitectos\/#primaryimage"},"image":{"@id":"https:\/\/www.arquimaster.com.ar\/web\/loft-en-la-calle-atocha-beriot-bernardini-arquitectos\/#primaryimage"},"thumbnailUrl":"https:\/\/www.arquimaster.com.ar\/web\/wp-content\/uploads\/2013\/04\/loft_atocha_slide.jpg","datePublished":"2013-04-25T23:57:43+00:00","dateModified":"2014-04-11T00:54:36+00:00","breadcrumb":{"@id":"https:\/\/www.arquimaster.com.ar\/web\/loft-en-la-calle-atocha-beriot-bernardini-arquitectos\/#breadcrumb"},"inLanguage":"es","potentialAction":[{"@type":"ReadAction","target":["https:\/\/www.arquimaster.com.ar\/web\/loft-en-la-calle-atocha-beriot-bernardini-arquitectos\/"]}]},{"@type":"ImageObject","inLanguage":"es","@id":"https:\/\/www.arquimaster.com.ar\/web\/loft-en-la-calle-atocha-beriot-bernardini-arquitectos\/#primaryimage","url":"https:\/\/www.arquimaster.com.ar\/web\/wp-content\/uploads\/2013\/04\/loft_atocha_slide.jpg","contentUrl":"https:\/\/www.arquimaster.com.ar\/web\/wp-content\/uploads\/2013\/04\/loft_atocha_slide.jpg","width":642,"height":336},{"@type":"BreadcrumbList","@id":"https:\/\/www.arquimaster.com.ar\/web\/loft-en-la-calle-atocha-beriot-bernardini-arquitectos\/#breadcrumb","itemListElement":[{"@type":"ListItem","position":1,"name":"Portada","item":"https:\/\/www.arquimaster.com.ar\/web\/"},{"@type":"ListItem","position":2,"name":"Loft en la Calle Atocha \/ Beriot Bernardini Arquitectos"}]},{"@type":"WebSite","@id":"https:\/\/www.arquimaster.com.ar\/web\/#website","url":"https:\/\/www.arquimaster.com.ar\/web\/","name":"Arquimaster","description":"Web de arquitectura, dise\u00f1o y construccion","publisher":{"@id":"https:\/\/www.arquimaster.com.ar\/web\/#organization"},"potentialAction":[{"@type":"SearchAction","target":{"@type":"EntryPoint","urlTemplate":"https:\/\/www.arquimaster.com.ar\/web\/?s={search_term_string}"},"query-input":{"@type":"PropertyValueSpecification","valueRequired":true,"valueName":"search_term_string"}}],"inLanguage":"es"},{"@type":"Organization","@id":"https:\/\/www.arquimaster.com.ar\/web\/#organization","name":"Arquimaster","url":"https:\/\/www.arquimaster.com.ar\/web\/","logo":{"@type":"ImageObject","inLanguage":"es","@id":"https:\/\/www.arquimaster.com.ar\/web\/#\/schema\/logo\/image\/","url":"https:\/\/www.arquimaster.com.ar\/web\/wp-content\/uploads\/2022\/06\/arquimaster.png","contentUrl":"https:\/\/www.arquimaster.com.ar\/web\/wp-content\/uploads\/2022\/06\/arquimaster.png","width":594,"height":78,"caption":"Arquimaster"},"image":{"@id":"https:\/\/www.arquimaster.com.ar\/web\/#\/schema\/logo\/image\/"},"sameAs":["http:\/\/www.facebook.com\/ARQUIMASTER.com.ar","https:\/\/x.com\/arquimaster","https:\/\/www.instagram.com\/arquimasterblog\/","https:\/\/www.linkedin.com\/company\/arquimaster","https:\/\/www.pinterest.com\/arquimaster","https:\/\/t.me\/arquimaster"]},{"@type":"Person","@id":"https:\/\/www.arquimaster.com.ar\/web\/#\/schema\/person\/359e9f7c00193fcde068e0dd2ceb0028","name":"Arquimaster"}]}},"uagb_featured_image_src":{"full":["https:\/\/www.arquimaster.com.ar\/web\/wp-content\/uploads\/2013\/04\/loft_atocha_slide.jpg",642,336,false],"thumbnail":["https:\/\/www.arquimaster.com.ar\/web\/wp-content\/uploads\/2013\/04\/loft_atocha_slide-150x150.jpg",150,150,true],"medium":["https:\/\/www.arquimaster.com.ar\/web\/wp-content\/uploads\/2013\/04\/loft_atocha_slide-300x157.jpg",300,157,true],"medium_large":["https:\/\/www.arquimaster.com.ar\/web\/wp-content\/uploads\/2013\/04\/loft_atocha_slide.jpg",642,336,false],"large":["https:\/\/www.arquimaster.com.ar\/web\/wp-content\/uploads\/2013\/04\/loft_atocha_slide.jpg",642,336,false],"1536x1536":["https:\/\/www.arquimaster.com.ar\/web\/wp-content\/uploads\/2013\/04\/loft_atocha_slide.jpg",642,336,false],"2048x2048":["https:\/\/www.arquimaster.com.ar\/web\/wp-content\/uploads\/2013\/04\/loft_atocha_slide.jpg",642,336,false]},"uagb_author_info":{"display_name":"Arquimaster","author_link":"https:\/\/www.arquimaster.com.ar\/web\/author\/arquimaster\/"},"uagb_comment_info":0,"uagb_excerpt":"Conversi\u00f3n en vivienda loft de un taller de artista de principios del siglo XX existente en Madrid...","_links":{"self":[{"href":"https:\/\/www.arquimaster.com.ar\/web\/wp-json\/wp\/v2\/posts\/5382","targetHints":{"allow":["GET"]}}],"collection":[{"href":"https:\/\/www.arquimaster.com.ar\/web\/wp-json\/wp\/v2\/posts"}],"about":[{"href":"https:\/\/www.arquimaster.com.ar\/web\/wp-json\/wp\/v2\/types\/post"}],"author":[{"embeddable":true,"href":"https:\/\/www.arquimaster.com.ar\/web\/wp-json\/wp\/v2\/users\/1"}],"replies":[{"embeddable":true,"href":"https:\/\/www.arquimaster.com.ar\/web\/wp-json\/wp\/v2\/comments?post=5382"}],"version-history":[{"count":0,"href":"https:\/\/www.arquimaster.com.ar\/web\/wp-json\/wp\/v2\/posts\/5382\/revisions"}],"wp:featuredmedia":[{"embeddable":true,"href":"https:\/\/www.arquimaster.com.ar\/web\/wp-json\/wp\/v2\/media\/5428"}],"wp:attachment":[{"href":"https:\/\/www.arquimaster.com.ar\/web\/wp-json\/wp\/v2\/media?parent=5382"}],"wp:term":[{"taxonomy":"category","embeddable":true,"href":"https:\/\/www.arquimaster.com.ar\/web\/wp-json\/wp\/v2\/categories?post=5382"},{"taxonomy":"post_tag","embeddable":true,"href":"https:\/\/www.arquimaster.com.ar\/web\/wp-json\/wp\/v2\/tags?post=5382"}],"curies":[{"name":"wp","href":"https:\/\/api.w.org\/{rel}","templated":true}]}}