{"id":54088,"date":"2020-03-29T19:55:37","date_gmt":"2020-03-29T22:55:37","guid":{"rendered":"https:\/\/www.arquimaster.com.ar\/web\/?p=54088"},"modified":"2023-02-19T01:41:28","modified_gmt":"2023-02-19T04:41:28","slug":"curso-iniciacion-al-diseno-de-interiores","status":"publish","type":"post","link":"https:\/\/www.arquimaster.com.ar\/web\/curso-iniciacion-al-diseno-de-interiores\/","title":{"rendered":"Curso Iniciaci\u00f3n al dise\u00f1o de interiores"},"content":{"rendered":"<div style=\"margin-top: 0px; margin-bottom: 0px;\" class=\"sharethis-inline-share-buttons\" ><\/div><div class=\"b812932af2e751442846f039925109de\" data-index=\"1\" style=\"float: none; margin:25px 0 25px 0; text-align:center;\">\n<script async src=\"https:\/\/pagead2.googlesyndication.com\/pagead\/js\/adsbygoogle.js\"><\/script>\r\n<!-- Arquimaster (superior) -->\r\n<ins class=\"adsbygoogle\"\r\n     style=\"display:block\"\r\n     data-ad-client=\"ca-pub-6351072698456832\"\r\n     data-ad-slot=\"6455489680\"\r\n     data-ad-format=\"auto\"\r\n     data-full-width-responsive=\"true\"><\/ins>\r\n<script>\r\n     (adsbygoogle = window.adsbygoogle || []).push({});\r\n<\/script>\n<\/div>\n<h3>En el <strong><a href=\"https:\/\/www.arquimaster.com.ar\/web\/curso-diseno-interiores\" target=\"_blank\" rel=\"noopener\">Curso Iniciaci\u00f3n al dise\u00f1o de interiores<\/a><\/strong> aprender\u00e1s a dar vida a los espacios arquitect\u00f3nicos con sencillas t\u00e9cnicas.<\/h3>\n\n\n<div style=\"height:20px\" aria-hidden=\"true\" class=\"wp-block-spacer\"><\/div>\n\n\n\n<div class=\"wp-block-buttons is-layout-flex wp-block-buttons-is-layout-flex\">\n<div class=\"wp-block-button has-custom-width wp-block-button__width-100 has-custom-font-size has-medium-font-size\"><a class=\"wp-block-button__link has-very-light-gray-to-cyan-bluish-gray-gradient-background has-text-color has-background wp-element-button\" href=\"https:\/\/www.arquimaster.com.ar\/web\/curso-diseno-interiores\" style=\"border-radius:20px;color:#333333\" target=\"_blank\" rel=\"noreferrer noopener\">Click para m\u00e1s informaci\u00f3n sobre el<br><strong>Curso Iniciaci\u00f3n al dise\u00f1o de interiores<\/strong><\/a><\/div>\n<\/div>\n\n\n\n<div style=\"height:20px\" aria-hidden=\"true\" class=\"wp-block-spacer\"><\/div>\n\n\n<p>El <a href=\"https:\/\/www.arquimaster.com.ar\/web\/curso-diseno-interiores\" target=\"_blank\" rel=\"noopener\"><strong>Curso Iniciaci\u00f3n al dise\u00f1o de interiores<\/strong><\/a> es online, a distancia, y puede comenzarse en cualquier momento del a\u00f1o. El curso esta dictado por Masquespacio, consultor\u00eda creativa de dise\u00f1o de interiores.<\/p>\n<h3><em><strong>Aprende a dar vida a los espacios arquitect\u00f3nicos con sencillas t\u00e9cnicas DIY.<\/strong><\/em><\/h3>\n<p>En Masquespacio, un estudio de dise\u00f1o de interiores y de producto capitaneado por Ana Hern\u00e1ndez y Christophe Penasse, se trabaja pensando en la experiencia del usuario y en la comunicaci\u00f3n. Cada rinc\u00f3n que dise\u00f1an debe contar una historia y conectar con las personas.<\/p>\n<p>En este curso Ana Hern\u00e1ndez, directora creativa de Masquespacio, te ense\u00f1ar\u00e1 a realizar un proyecto de interiorismo desde la b\u00fasqueda de inspiraci\u00f3n hasta la decoraci\u00f3n final del espacio. Aprender\u00e1s conseguir resultados explosivos con recursos limitados dando un nuevo uso a objetos cotidianos siguiendo la filosof\u00eda del \u00abhazlo t\u00fa mismo\u00bb.<\/p>\n<p><strong>\u00bfQu\u00e9 incluye este curso?<\/strong><br \/>Ana te mostrar\u00e1 c\u00f3mo llevaron a cabo el proceso de ejecuci\u00f3n de uno de sus proyectos m\u00e1s queridos: el Valencia Lounge Hostel. Comenzar\u00e1s descubriendo la relaci\u00f3n del dise\u00f1ador de interiores con el cliente y la manera de transformar un briefing en un taller.<\/p>\n<p>Con los planos sobre la mesa conocer\u00e1s la manera en que Ana y Christophe trabajan sobre el espacio seg\u00fan las necesidades de cada proyecto para llenar de vida cada uno de los ambientes.<\/p>\n<p>A continuaci\u00f3n, aprender\u00e1s a diferenciar los estilos de vida y la mejor manera de aplicarlos a cada espacio en funci\u00f3n del proyecto que tengas entre manos.<\/p>\n<p>Buena parte de los proyectos de Masquespacio est\u00e1n \u00edntimamente relacionados con la filosof\u00eda DIY (\u00abdo it yourself\u00bb, \u00abhazlo t\u00fa mismo\u00bb), Ana te dar\u00e1 buenas ideas conseguir materiales inesperados para tus proyectos de interiorismo.<\/p>\n<p>Una de las premisas de Masquespacio a la hora de abordar un proyecto, m\u00e1s all\u00e1 de la vertiente est\u00e9tica y funcional, es la de que cada rinc\u00f3n debe conectar con el usuario y contar su propia historia. Es por eso que, una vez que hayas aprendido a definir el concepto de tu proyecto y hayas seleccionado los materiales, te sumergir\u00e1s de lleno en el storytelling del espacio que quieres dise\u00f1ar.<\/p>\n<p><strong>\u00bfA qui\u00e9n est\u00e1 dirigido?<\/strong><br \/>Dise\u00f1adores, interioristas, arquitectos y personas con intereses en el dise\u00f1o de interiores en general, que est\u00e9n buscando una manera de expresar su creatividad por medio del interiorismo.<\/p>\n<p><strong>Contenidos<\/strong><\/p>\n<p style=\"padding-left: 40px;\"><strong>Presentaci\u00f3n<\/strong><br \/>Sobre nosotros<br \/>Influencias<br \/>El proyecto \u00abValencia Lounge Hostel\u00bb<\/p>\n<p style=\"padding-left: 40px;\"><strong>El briefing<\/strong><br \/>Conozcamos al cliente\/empresa<br \/>Conozcamos el espacio<\/p>\n<p style=\"padding-left: 40px;\"><strong>La inspiraci\u00f3n y el mood board<\/strong><br \/>El estilo de vida, como clasificarlo y ordenarlo<br \/>Los materiales. Busqueda y organizaci\u00f3n.<br \/>Los colores, c\u00f3mo gestionarlos<\/p>\n<p style=\"padding-left: 40px;\"><strong>El desarrollo del proyecto<\/strong><br \/>La historia del proyecto que hemos pensado<br \/>El concepto y justificaci\u00f3n de materiales, colores y texturas<br \/>Desarrollo creativo de las ideas<br \/>Ejecuci\u00f3n de nuestras ideas<\/p>\n<p style=\"padding-left: 40px;\"><strong>Proyecto final<\/strong><br \/>Iniciaci\u00f3n al dise\u00f1o de interiores<\/p>\n<h2><a href=\"https:\/\/www.arquimaster.com.ar\/web\/curso-diseno-interiores\" target=\"_blank\" rel=\"noopener\">Click para m\u00e1s informaci\u00f3n sobre el <strong>Curso Iniciaci\u00f3n al dise\u00f1o de interiores<\/strong><\/a><\/h2>\n\n\n<div class=\"wp-block-group\"><div class=\"wp-block-group__inner-container is-layout-flow wp-block-group-is-layout-flow\">\n<div style=\"height:20px\" aria-hidden=\"true\" class=\"wp-block-spacer\"><\/div>\n<\/div><\/div>\n\n\n\n<h2 class=\"wp-block-heading\">M\u00e1s cursos que podr\u00edan interesarte&#8230;<\/h2>\n\n\n\n\t\t\t<div class=\"wp-block-uagb-post-grid uagb-post-grid  uagb-post__image-position-top uagb-post__image-enabled uagb-block-48a46709     uagb-post__items uagb-post__columns-2 is-grid uagb-post__columns-tablet-2 uagb-post__columns-mobile-1 uagb-post__equal-height\" data-total=\"6\" style=\"\">\n\n\t\t\t\t\t\t\t\t\t\t\t\t<article class=\"uagb-post__inner-wrap\">\t\t\t\t\t\t\t\t<div class='uagb-post__image'>\n\t\t\t\t\t\t\t\t\t<a href=\"https:\/\/www.arquimaster.com.ar\/web\/curso-diseno-y-construccion-de-muebles-de-madera\/\" target=\"_self\" rel=\"bookmark noopener noreferrer\" class='uagb-image-ratio-inherit'><img loading=\"lazy\" decoding=\"async\" width=\"698\" height=\"364\" src=\"https:\/\/www.arquimaster.com.ar\/web\/wp-content\/uploads\/2021\/07\/curso_diseno_muebles_madera_slide.jpg\" class=\"attachment-large size-large\" alt=\"Curso Dise\u00f1o y construcci\u00f3n de muebles de madera\" \/>\t\t\t\t\t<\/a>\n\t\t\t\t\t\t\t<\/div>\n\t\t\t\t\t\t<h2 class=\"uagb-post__title uagb-post__text\">\n\t\t\t\t<a href=\"https:\/\/www.arquimaster.com.ar\/web\/curso-diseno-y-construccion-de-muebles-de-madera\/\" target=\"_self\" rel=\"bookmark noopener noreferrer\">Curso Dise\u00f1o y construcci\u00f3n de muebles de madera<\/a>\n\t\t\t<\/h2>\n\t\t\t\t\t\t<div class='uagb-post__text uagb-post-grid-byline'>\n\t\t\t\t\t\t\t<\/div>\n\t\t\t\t\t\t\t<div class='uagb-post__text uagb-post__excerpt'>\n\t\t\t\t\tDescubre las t\u00e9cnicas tradicionales de carpinter\u00eda y crea una silla original&#8230;\t\t\t\t<\/div>\n\t\t\t\t\t\t<div class=\"uagb-post__text uagb-post__cta wp-block-button\">\n\t\t\t\t<a class=\"wp-block-button__link uagb-text-link\" style=\"\" href=\"https:\/\/www.arquimaster.com.ar\/web\/curso-diseno-y-construccion-de-muebles-de-madera\/\" target=\"_self\" rel=\"bookmark noopener noreferrer\">IR al Curso&#8230;<\/a>\n\t\t\t<\/div>\n\t\t\t\n\t\t\t\t\t\t\t\t\t<\/article>\n\t\t\t\t\t\t\t\t\t\t\t\t\t\t\t\t<article class=\"uagb-post__inner-wrap\">\t\t\t\t\t\t\t\t<div class='uagb-post__image'>\n\t\t\t\t\t\t\t\t\t<a href=\"https:\/\/www.arquimaster.com.ar\/web\/curso-tecnicas-de-postproduccion-para-fotografia-arquitectonica\/\" target=\"_self\" rel=\"bookmark noopener noreferrer\" class='uagb-image-ratio-inherit'><img loading=\"lazy\" decoding=\"async\" width=\"698\" height=\"364\" src=\"https:\/\/www.arquimaster.com.ar\/web\/wp-content\/uploads\/2020\/05\/curso_postproduccion_fotografia_arquitectura_slide.jpg\" class=\"attachment-large size-large\" alt=\"\" \/>\t\t\t\t\t<\/a>\n\t\t\t\t\t\t\t<\/div>\n\t\t\t\t\t\t<h2 class=\"uagb-post__title uagb-post__text\">\n\t\t\t\t<a href=\"https:\/\/www.arquimaster.com.ar\/web\/curso-tecnicas-de-postproduccion-para-fotografia-arquitectonica\/\" target=\"_self\" rel=\"bookmark noopener noreferrer\">Curso T\u00e9cnicas de postproducci\u00f3n para fotograf\u00eda arquitect\u00f3nica<\/a>\n\t\t\t<\/h2>\n\t\t\t\t\t\t<div class='uagb-post__text uagb-post-grid-byline'>\n\t\t\t\t\t\t\t<\/div>\n\t\t\t\t\t\t\t<div class='uagb-post__text uagb-post__excerpt'>\n\t\t\t\t\tAprende a preparar, realizar y postproducir fotos con est\u00e9tica fine art&#8230;\t\t\t\t<\/div>\n\t\t\t\t\t\t<div class=\"uagb-post__text uagb-post__cta wp-block-button\">\n\t\t\t\t<a class=\"wp-block-button__link uagb-text-link\" style=\"\" href=\"https:\/\/www.arquimaster.com.ar\/web\/curso-tecnicas-de-postproduccion-para-fotografia-arquitectonica\/\" target=\"_self\" rel=\"bookmark noopener noreferrer\">IR al Curso&#8230;<\/a>\n\t\t\t<\/div>\n\t\t\t\n\t\t\t\t\t\t\t\t\t<\/article>\n\t\t\t\t\t\t\t\t\t\t\t\t\t\t\t\t<article class=\"uagb-post__inner-wrap\">\t\t\t\t\t\t\t\t<div class='uagb-post__image'>\n\t\t\t\t\t\t\t\t\t<a href=\"https:\/\/www.arquimaster.com.ar\/web\/curso-restauracion-y-transformacion-de-muebles-para-principiantes\/\" target=\"_self\" rel=\"bookmark noopener noreferrer\" class='uagb-image-ratio-inherit'><img loading=\"lazy\" decoding=\"async\" width=\"698\" height=\"364\" src=\"https:\/\/www.arquimaster.com.ar\/web\/wp-content\/uploads\/2021\/07\/curso_restauracion_muebles_slide.jpg\" class=\"attachment-large size-large\" alt=\"Curso Restauraci\u00f3n y transformaci\u00f3n de muebles para principiantes\" \/>\t\t\t\t\t<\/a>\n\t\t\t\t\t\t\t<\/div>\n\t\t\t\t\t\t<h2 class=\"uagb-post__title uagb-post__text\">\n\t\t\t\t<a href=\"https:\/\/www.arquimaster.com.ar\/web\/curso-restauracion-y-transformacion-de-muebles-para-principiantes\/\" target=\"_self\" rel=\"bookmark noopener noreferrer\">Curso Restauraci\u00f3n y transformaci\u00f3n de muebles para principiantes<\/a>\n\t\t\t<\/h2>\n\t\t\t\t\t\t<div class='uagb-post__text uagb-post-grid-byline'>\n\t\t\t\t\t\t\t<\/div>\n\t\t\t\t\t\t\t<div class='uagb-post__text uagb-post__excerpt'>\n\t\t\t\t\tCrea piezas de decoraci\u00f3n \u00fanicas a partir de tus muebles antiguos con estilo y personalidad&#8230;\t\t\t\t<\/div>\n\t\t\t\t\t\t<div class=\"uagb-post__text uagb-post__cta wp-block-button\">\n\t\t\t\t<a class=\"wp-block-button__link uagb-text-link\" style=\"\" href=\"https:\/\/www.arquimaster.com.ar\/web\/curso-restauracion-y-transformacion-de-muebles-para-principiantes\/\" target=\"_self\" rel=\"bookmark noopener noreferrer\">IR al Curso&#8230;<\/a>\n\t\t\t<\/div>\n\t\t\t\n\t\t\t\t\t\t\t\t\t<\/article>\n\t\t\t\t\t\t\t\t\t\t\t\t\t\t\t\t<article class=\"uagb-post__inner-wrap\">\t\t\t\t\t\t\t\t<div class='uagb-post__image'>\n\t\t\t\t\t\t\t\t\t<a href=\"https:\/\/www.arquimaster.com.ar\/web\/curso-visualizacion-arquitectonica-expresiva-de-exteriores\/\" target=\"_self\" rel=\"bookmark noopener noreferrer\" class='uagb-image-ratio-inherit'><img loading=\"lazy\" decoding=\"async\" width=\"698\" height=\"364\" src=\"https:\/\/www.arquimaster.com.ar\/web\/wp-content\/uploads\/2020\/10\/curso_visualizacion_arquitectonica_expresiva_exteriores_slide.jpg\" class=\"attachment-large size-large\" alt=\"Curso Visualizaci\u00f3n arquitect\u00f3nica expresiva de exteriores\" \/>\t\t\t\t\t<\/a>\n\t\t\t\t\t\t\t<\/div>\n\t\t\t\t\t\t<h2 class=\"uagb-post__title uagb-post__text\">\n\t\t\t\t<a href=\"https:\/\/www.arquimaster.com.ar\/web\/curso-visualizacion-arquitectonica-expresiva-de-exteriores\/\" target=\"_self\" rel=\"bookmark noopener noreferrer\">Curso Visualizaci\u00f3n arquitect\u00f3nica expresiva de exteriores<\/a>\n\t\t\t<\/h2>\n\t\t\t\t\t\t<div class='uagb-post__text uagb-post-grid-byline'>\n\t\t\t\t\t\t\t<\/div>\n\t\t\t\t\t\t\t<div class='uagb-post__text uagb-post__excerpt'>\n\t\t\t\t\tDesarrolla una est\u00e9tica propia para modelar y crear im\u00e1genes impactantes&#8230;\t\t\t\t<\/div>\n\t\t\t\t\t\t<div class=\"uagb-post__text uagb-post__cta wp-block-button\">\n\t\t\t\t<a class=\"wp-block-button__link uagb-text-link\" style=\"\" href=\"https:\/\/www.arquimaster.com.ar\/web\/curso-visualizacion-arquitectonica-expresiva-de-exteriores\/\" target=\"_self\" rel=\"bookmark noopener noreferrer\">IR al Curso&#8230;<\/a>\n\t\t\t<\/div>\n\t\t\t\n\t\t\t\t\t\t\t\t\t<\/article>\n\t\t\t\t\t\t\t\t\t\t\t\t\t\t\t\t<article class=\"uagb-post__inner-wrap\">\t\t\t\t\t\t\t\t<div class='uagb-post__image'>\n\t\t\t\t\t\t\t\t\t<a href=\"https:\/\/www.arquimaster.com.ar\/web\/curso-creacion-de-proyectos-de-interiorismo-con-sketchup\/\" target=\"_self\" rel=\"bookmark noopener noreferrer\" class='uagb-image-ratio-inherit'><img loading=\"lazy\" decoding=\"async\" width=\"698\" height=\"364\" src=\"https:\/\/www.arquimaster.com.ar\/web\/wp-content\/uploads\/2020\/10\/curso_proyectos_interiorismo_sketchup_slide.jpg\" class=\"attachment-large size-large\" alt=\"Curso Creaci\u00f3n de proyectos de interiorismo con SketchUp\" \/>\t\t\t\t\t<\/a>\n\t\t\t\t\t\t\t<\/div>\n\t\t\t\t\t\t<h2 class=\"uagb-post__title uagb-post__text\">\n\t\t\t\t<a href=\"https:\/\/www.arquimaster.com.ar\/web\/curso-creacion-de-proyectos-de-interiorismo-con-sketchup\/\" target=\"_self\" rel=\"bookmark noopener noreferrer\">Curso Creaci\u00f3n de proyectos de interiorismo con SketchUp<\/a>\n\t\t\t<\/h2>\n\t\t\t\t\t\t<div class='uagb-post__text uagb-post-grid-byline'>\n\t\t\t\t\t\t\t<\/div>\n\t\t\t\t\t\t\t<div class='uagb-post__text uagb-post__excerpt'>\n\t\t\t\t\tAprende a modelar dise\u00f1os de interiores en 3D con resultados profesionales&#8230;\t\t\t\t<\/div>\n\t\t\t\t\t\t<div class=\"uagb-post__text uagb-post__cta wp-block-button\">\n\t\t\t\t<a class=\"wp-block-button__link uagb-text-link\" style=\"\" href=\"https:\/\/www.arquimaster.com.ar\/web\/curso-creacion-de-proyectos-de-interiorismo-con-sketchup\/\" target=\"_self\" rel=\"bookmark noopener noreferrer\">IR al Curso&#8230;<\/a>\n\t\t\t<\/div>\n\t\t\t\n\t\t\t\t\t\t\t\t\t<\/article>\n\t\t\t\t\t\t\t\t\t\t\t\t\t\t\t\t<article class=\"uagb-post__inner-wrap\">\t\t\t\t\t\t\t\t<div class='uagb-post__image'>\n\t\t\t\t\t\t\t\t\t<a href=\"https:\/\/www.arquimaster.com.ar\/web\/curso-diseno-arquitectonico-de-exteriores-con-v-ray\/\" target=\"_self\" rel=\"bookmark noopener noreferrer\" class='uagb-image-ratio-inherit'><img loading=\"lazy\" decoding=\"async\" width=\"698\" height=\"364\" src=\"https:\/\/www.arquimaster.com.ar\/web\/wp-content\/uploads\/2020\/09\/curso_render_exterior_vray_slide.jpg\" class=\"attachment-large size-large\" alt=\"\" \/>\t\t\t\t\t<\/a>\n\t\t\t\t\t\t\t<\/div>\n\t\t\t\t\t\t<h2 class=\"uagb-post__title uagb-post__text\">\n\t\t\t\t<a href=\"https:\/\/www.arquimaster.com.ar\/web\/curso-diseno-arquitectonico-de-exteriores-con-v-ray\/\" target=\"_self\" rel=\"bookmark noopener noreferrer\">Curso Dise\u00f1o arquitect\u00f3nico de exteriores con V-Ray<\/a>\n\t\t\t<\/h2>\n\t\t\t\t\t\t<div class='uagb-post__text uagb-post-grid-byline'>\n\t\t\t\t\t\t\t<\/div>\n\t\t\t\t\t\t\t<div class='uagb-post__text uagb-post__excerpt'>\n\t\t\t\t\tDesarrolla un proyecto de vivienda en un espacio natural y crea im\u00e1genes hiperrealistas \u00fanicas&#8230;\t\t\t\t<\/div>\n\t\t\t\t\t\t<div class=\"uagb-post__text uagb-post__cta wp-block-button\">\n\t\t\t\t<a class=\"wp-block-button__link uagb-text-link\" style=\"\" href=\"https:\/\/www.arquimaster.com.ar\/web\/curso-diseno-arquitectonico-de-exteriores-con-v-ray\/\" target=\"_self\" rel=\"bookmark noopener noreferrer\">IR al Curso&#8230;<\/a>\n\t\t\t<\/div>\n\t\t\t\n\t\t\t\t\t\t\t\t\t<\/article>\n\t\t\t\t\t\t\t\t\t\t\t\t\t\t\t\t<article class=\"uagb-post__inner-wrap\">\t\t\t\t\t\t\t\t<div class='uagb-post__image'>\n\t\t\t\t\t\t\t\t\t<a href=\"https:\/\/www.arquimaster.com.ar\/web\/curso-diseno-de-interiores-para-espacios-multifuncionales\/\" target=\"_self\" rel=\"bookmark noopener noreferrer\" class='uagb-image-ratio-inherit'><img loading=\"lazy\" decoding=\"async\" width=\"698\" height=\"364\" src=\"https:\/\/www.arquimaster.com.ar\/web\/wp-content\/uploads\/2020\/04\/curso_diseno_interior_espacios_multifuncionales_domestika_slide.jpg\" class=\"attachment-large size-large\" alt=\"\" \/>\t\t\t\t\t<\/a>\n\t\t\t\t\t\t\t<\/div>\n\t\t\t\t\t\t<h2 class=\"uagb-post__title uagb-post__text\">\n\t\t\t\t<a href=\"https:\/\/www.arquimaster.com.ar\/web\/curso-diseno-de-interiores-para-espacios-multifuncionales\/\" target=\"_self\" rel=\"bookmark noopener noreferrer\">Curso Dise\u00f1o de interiores para espacios multifuncionales<\/a>\n\t\t\t<\/h2>\n\t\t\t\t\t\t<div class='uagb-post__text uagb-post-grid-byline'>\n\t\t\t\t\t\t\t<\/div>\n\t\t\t\t\t\t\t<div class='uagb-post__text uagb-post__excerpt'>\n\t\t\t\t\tCrear\u00e1s la presentaci\u00f3n final de tu proyecto con la intenci\u00f3n de venderlo a un cliente&#8230;\t\t\t\t<\/div>\n\t\t\t\t\t\t<div class=\"uagb-post__text uagb-post__cta wp-block-button\">\n\t\t\t\t<a class=\"wp-block-button__link uagb-text-link\" style=\"\" href=\"https:\/\/www.arquimaster.com.ar\/web\/curso-diseno-de-interiores-para-espacios-multifuncionales\/\" target=\"_self\" rel=\"bookmark noopener noreferrer\">IR al Curso&#8230;<\/a>\n\t\t\t<\/div>\n\t\t\t\n\t\t\t\t\t\t\t\t\t<\/article>\n\t\t\t\t\t\t\t\t\t\t\t\t\t\t\t\t<article class=\"uagb-post__inner-wrap\">\t\t\t\t\t\t\t\t<div class='uagb-post__image'>\n\t\t\t\t\t\t\t\t\t<a href=\"https:\/\/www.arquimaster.com.ar\/web\/curso-dibujo-arquitectonico-con-acuarela-y-tinta\/\" target=\"_self\" rel=\"bookmark noopener noreferrer\" class='uagb-image-ratio-inherit'><img loading=\"lazy\" decoding=\"async\" width=\"698\" height=\"364\" src=\"https:\/\/www.arquimaster.com.ar\/web\/wp-content\/uploads\/2020\/03\/curso_acuarela_dibujo_arquitectonico_domestika_slide.jpg\" class=\"attachment-large size-large\" alt=\"\" \/>\t\t\t\t\t<\/a>\n\t\t\t\t\t\t\t<\/div>\n\t\t\t\t\t\t<h2 class=\"uagb-post__title uagb-post__text\">\n\t\t\t\t<a href=\"https:\/\/www.arquimaster.com.ar\/web\/curso-dibujo-arquitectonico-con-acuarela-y-tinta\/\" target=\"_self\" rel=\"bookmark noopener noreferrer\">Curso Dibujo arquitect\u00f3nico con acuarela y tinta<\/a>\n\t\t\t<\/h2>\n\t\t\t\t\t\t<div class='uagb-post__text uagb-post-grid-byline'>\n\t\t\t\t\t\t\t<\/div>\n\t\t\t\t\t\t\t<div class='uagb-post__text uagb-post__excerpt'>\n\t\t\t\t\tCombina bocetos en tinta con acuarela para crear edificios que salten de la p\u00e1gina&#8230;\t\t\t\t<\/div>\n\t\t\t\t\t\t<div class=\"uagb-post__text uagb-post__cta wp-block-button\">\n\t\t\t\t<a class=\"wp-block-button__link uagb-text-link\" style=\"\" href=\"https:\/\/www.arquimaster.com.ar\/web\/curso-dibujo-arquitectonico-con-acuarela-y-tinta\/\" target=\"_self\" rel=\"bookmark noopener noreferrer\">IR al Curso&#8230;<\/a>\n\t\t\t<\/div>\n\t\t\t\n\t\t\t\t\t\t\t\t\t<\/article>\n\t\t\t\t\t\t\t\t\t\t\t\t\t\t\t\t<article class=\"uagb-post__inner-wrap\">\t\t\t\t\t\t\t\t<div class='uagb-post__image'>\n\t\t\t\t\t\t\t\t\t<a href=\"https:\/\/www.arquimaster.com.ar\/web\/curso-diseno-y-modelado-arquitectonico-3d-con-revit\/\" target=\"_self\" rel=\"bookmark noopener noreferrer\" class='uagb-image-ratio-inherit'><img loading=\"lazy\" decoding=\"async\" width=\"698\" height=\"364\" src=\"https:\/\/www.arquimaster.com.ar\/web\/wp-content\/uploads\/2020\/08\/curso_modelado_d_revit_domestika.jpg\" class=\"attachment-large size-large\" alt=\"\" \/>\t\t\t\t\t<\/a>\n\t\t\t\t\t\t\t<\/div>\n\t\t\t\t\t\t<h2 class=\"uagb-post__title uagb-post__text\">\n\t\t\t\t<a href=\"https:\/\/www.arquimaster.com.ar\/web\/curso-diseno-y-modelado-arquitectonico-3d-con-revit\/\" target=\"_self\" rel=\"bookmark noopener noreferrer\">Curso Dise\u00f1o y modelado arquitect\u00f3nico 3D con Revit<\/a>\n\t\t\t<\/h2>\n\t\t\t\t\t\t<div class='uagb-post__text uagb-post-grid-byline'>\n\t\t\t\t\t\t\t<\/div>\n\t\t\t\t\t\t\t<div class='uagb-post__text uagb-post__excerpt'>\n\t\t\t\t\tModela paso a paso una vivienda de dise\u00f1o ortogonal usando la metodolog\u00eda BIM&#8230;\t\t\t\t<\/div>\n\t\t\t\t\t\t<div class=\"uagb-post__text uagb-post__cta wp-block-button\">\n\t\t\t\t<a class=\"wp-block-button__link uagb-text-link\" style=\"\" href=\"https:\/\/www.arquimaster.com.ar\/web\/curso-diseno-y-modelado-arquitectonico-3d-con-revit\/\" target=\"_self\" rel=\"bookmark noopener noreferrer\">IR al Curso&#8230;<\/a>\n\t\t\t<\/div>\n\t\t\t\n\t\t\t\t\t\t\t\t\t<\/article>\n\t\t\t\t\t\t\t\t\t\t\t\t\t\t\t\t<article class=\"uagb-post__inner-wrap\">\t\t\t\t\t\t\t\t<div class='uagb-post__image'>\n\t\t\t\t\t\t\t\t\t<a href=\"https:\/\/www.arquimaster.com.ar\/web\/curso-introduccion-a-autocad\/\" target=\"_self\" rel=\"bookmark noopener noreferrer\" class='uagb-image-ratio-inherit'><img loading=\"lazy\" decoding=\"async\" width=\"698\" height=\"364\" src=\"https:\/\/www.arquimaster.com.ar\/web\/wp-content\/uploads\/2020\/10\/curso_introduccion_autocad_slide.jpg\" class=\"attachment-large size-large\" alt=\"Curso Introducci\u00f3n a AutoCAD\" \/>\t\t\t\t\t<\/a>\n\t\t\t\t\t\t\t<\/div>\n\t\t\t\t\t\t<h2 class=\"uagb-post__title uagb-post__text\">\n\t\t\t\t<a href=\"https:\/\/www.arquimaster.com.ar\/web\/curso-introduccion-a-autocad\/\" target=\"_self\" rel=\"bookmark noopener noreferrer\">Curso Introducci\u00f3n a AutoCAD<\/a>\n\t\t\t<\/h2>\n\t\t\t\t\t\t<div class='uagb-post__text uagb-post-grid-byline'>\n\t\t\t\t\t\t\t<\/div>\n\t\t\t\t\t\t\t<div class='uagb-post__text uagb-post__excerpt'>\n\t\t\t\t\tAprende desde cero a dibujar los planos de tus proyectos arquitect\u00f3nicos&#8230;\t\t\t\t<\/div>\n\t\t\t\t\t\t<div class=\"uagb-post__text uagb-post__cta wp-block-button\">\n\t\t\t\t<a class=\"wp-block-button__link uagb-text-link\" style=\"\" href=\"https:\/\/www.arquimaster.com.ar\/web\/curso-introduccion-a-autocad\/\" target=\"_self\" rel=\"bookmark noopener noreferrer\">IR al Curso&#8230;<\/a>\n\t\t\t<\/div>\n\t\t\t\n\t\t\t\t\t\t\t\t\t<\/article>\n\t\t\t\t\t\t\t\t\t\t\t<\/div>\n\t\t\t\n<div style=\"font-size: 0px; height: 0px; line-height: 0px; margin: 0; padding: 0; clear: both;\"><\/div><div style=\"margin-top: 0px; margin-bottom: 0px;\" class=\"sharethis-inline-share-buttons\" ><\/div>","protected":false},"excerpt":{"rendered":"<p>Aprende a dar vida a los espacios arquitect\u00f3nicos con sencillas t\u00e9cnicas DIY&#8230;<\/p>\n","protected":false},"author":1,"featured_media":54089,"comment_status":"closed","ping_status":"closed","sticky":false,"template":"","format":"standard","meta":{"_uag_custom_page_level_css":"","footnotes":""},"categories":[3,31],"tags":[1571,5114,5630,33,5999,5099,5512,5795],"class_list":["post-54088","post","type-post","status-publish","format-standard","has-post-thumbnail","hentry","category-agenda","category-cursos-seminarios","tag-a-distancia","tag-a-distancia-2019","tag-a-distancia-2020","tag-cursos-2","tag-cursos-a-distancia-de-diseno-interior-y-decoracion","tag-cursos-de-diseno-interior-y-decoracion","tag-domestika","tag-masquespacio","generate-columns","tablet-grid-50","mobile-grid-100","grid-parent","grid-50"],"yoast_head":"<!-- This site is optimized with the Yoast SEO plugin v28.3 - https:\/\/yoast.com\/product\/yoast-seo-wordpress\/ -->\n<title>Curso Iniciaci\u00f3n al dise\u00f1o de interiores - Arquimaster<\/title>\n<meta name=\"description\" content=\"Aprende a dar vida a los espacios arquitect\u00f3nicos con sencillas t\u00e9cnicas DIY.\" \/>\n<meta name=\"robots\" content=\"index, follow, max-snippet:-1, max-image-preview:large, max-video-preview:-1\" \/>\n<link rel=\"canonical\" href=\"https:\/\/www.arquimaster.com.ar\/web\/curso-iniciacion-al-diseno-de-interiores\/\" \/>\n<meta property=\"og:locale\" content=\"es_ES\" \/>\n<meta property=\"og:type\" content=\"article\" \/>\n<meta property=\"og:title\" content=\"Curso Iniciaci\u00f3n al dise\u00f1o de interiores\" \/>\n<meta property=\"og:description\" content=\"Aprende a dar vida a los espacios arquitect\u00f3nicos con sencillas t\u00e9cnicas DIY.\" \/>\n<meta property=\"og:url\" content=\"https:\/\/www.arquimaster.com.ar\/web\/curso-iniciacion-al-diseno-de-interiores\/\" \/>\n<meta property=\"og:site_name\" content=\"Arquimaster\" \/>\n<meta property=\"article:publisher\" content=\"http:\/\/www.facebook.com\/ARQUIMASTER.com.ar\" \/>\n<meta property=\"article:published_time\" content=\"2020-03-29T22:55:37+00:00\" \/>\n<meta property=\"article:modified_time\" content=\"2023-02-19T04:41:28+00:00\" \/>\n<meta property=\"og:image\" content=\"https:\/\/www.arquimaster.com.ar\/web\/wp-content\/uploads\/2020\/03\/curso_iniciacion_diseno_interior_domestika_slide.jpg\" \/>\n\t<meta property=\"og:image:width\" content=\"698\" \/>\n\t<meta property=\"og:image:height\" content=\"364\" \/>\n\t<meta property=\"og:image:type\" content=\"image\/jpeg\" \/>\n<meta name=\"author\" content=\"Arquimaster\" \/>\n<meta name=\"twitter:card\" content=\"summary_large_image\" \/>\n<meta name=\"twitter:title\" content=\"Curso Iniciaci\u00f3n al dise\u00f1o de interiores\" \/>\n<meta name=\"twitter:description\" content=\"Aprende a dar vida a los espacios arquitect\u00f3nicos con sencillas t\u00e9cnicas DIY.\" \/>\n<meta name=\"twitter:image\" content=\"https:\/\/www.arquimaster.com.ar\/web\/wp-content\/uploads\/2020\/03\/curso_iniciacion_diseno_interior_domestika_slide.jpg\" \/>\n<meta name=\"twitter:creator\" content=\"@arquimaster\" \/>\n<meta name=\"twitter:site\" content=\"@arquimaster\" \/>\n<meta name=\"twitter:label1\" content=\"Escrito por\" \/>\n\t<meta name=\"twitter:data1\" content=\"Arquimaster\" \/>\n\t<meta name=\"twitter:label2\" content=\"Tiempo de lectura\" \/>\n\t<meta name=\"twitter:data2\" content=\"3 minutos\" \/>\n<script type=\"application\/ld+json\" class=\"yoast-schema-graph\">{\"@context\":\"https:\\\/\\\/schema.org\",\"@graph\":[{\"@type\":\"Article\",\"@id\":\"https:\\\/\\\/www.arquimaster.com.ar\\\/web\\\/curso-iniciacion-al-diseno-de-interiores\\\/#article\",\"isPartOf\":{\"@id\":\"https:\\\/\\\/www.arquimaster.com.ar\\\/web\\\/curso-iniciacion-al-diseno-de-interiores\\\/\"},\"author\":{\"name\":\"Arquimaster\",\"@id\":\"https:\\\/\\\/www.arquimaster.com.ar\\\/web\\\/#\\\/schema\\\/person\\\/359e9f7c00193fcde068e0dd2ceb0028\"},\"headline\":\"Curso Iniciaci\u00f3n al dise\u00f1o de interiores\",\"datePublished\":\"2020-03-29T22:55:37+00:00\",\"dateModified\":\"2023-02-19T04:41:28+00:00\",\"mainEntityOfPage\":{\"@id\":\"https:\\\/\\\/www.arquimaster.com.ar\\\/web\\\/curso-iniciacion-al-diseno-de-interiores\\\/\"},\"wordCount\":559,\"publisher\":{\"@id\":\"https:\\\/\\\/www.arquimaster.com.ar\\\/web\\\/#organization\"},\"image\":{\"@id\":\"https:\\\/\\\/www.arquimaster.com.ar\\\/web\\\/curso-iniciacion-al-diseno-de-interiores\\\/#primaryimage\"},\"thumbnailUrl\":\"https:\\\/\\\/www.arquimaster.com.ar\\\/web\\\/wp-content\\\/uploads\\\/2020\\\/03\\\/curso_iniciacion_diseno_interior_domestika_slide.jpg\",\"keywords\":[\"a distancia\",\"a distancia 2019\",\"a distancia 2020\",\"cursos\",\"cursos a distancia de dise\u00f1o interior y decoracion\",\"cursos de dise\u00f1o interior y decoracion\",\"Domestika\",\"Masquespacio\"],\"articleSection\":[\"Agenda\",\"Cursos de arquitectura y dise\u00f1o\"],\"inLanguage\":\"es\"},{\"@type\":\"WebPage\",\"@id\":\"https:\\\/\\\/www.arquimaster.com.ar\\\/web\\\/curso-iniciacion-al-diseno-de-interiores\\\/\",\"url\":\"https:\\\/\\\/www.arquimaster.com.ar\\\/web\\\/curso-iniciacion-al-diseno-de-interiores\\\/\",\"name\":\"Curso Iniciaci\u00f3n al dise\u00f1o de interiores - Arquimaster\",\"isPartOf\":{\"@id\":\"https:\\\/\\\/www.arquimaster.com.ar\\\/web\\\/#website\"},\"primaryImageOfPage\":{\"@id\":\"https:\\\/\\\/www.arquimaster.com.ar\\\/web\\\/curso-iniciacion-al-diseno-de-interiores\\\/#primaryimage\"},\"image\":{\"@id\":\"https:\\\/\\\/www.arquimaster.com.ar\\\/web\\\/curso-iniciacion-al-diseno-de-interiores\\\/#primaryimage\"},\"thumbnailUrl\":\"https:\\\/\\\/www.arquimaster.com.ar\\\/web\\\/wp-content\\\/uploads\\\/2020\\\/03\\\/curso_iniciacion_diseno_interior_domestika_slide.jpg\",\"datePublished\":\"2020-03-29T22:55:37+00:00\",\"dateModified\":\"2023-02-19T04:41:28+00:00\",\"description\":\"Aprende a dar vida a los espacios arquitect\u00f3nicos con sencillas t\u00e9cnicas DIY.\",\"breadcrumb\":{\"@id\":\"https:\\\/\\\/www.arquimaster.com.ar\\\/web\\\/curso-iniciacion-al-diseno-de-interiores\\\/#breadcrumb\"},\"inLanguage\":\"es\",\"potentialAction\":[{\"@type\":\"ReadAction\",\"target\":[\"https:\\\/\\\/www.arquimaster.com.ar\\\/web\\\/curso-iniciacion-al-diseno-de-interiores\\\/\"]}]},{\"@type\":\"ImageObject\",\"inLanguage\":\"es\",\"@id\":\"https:\\\/\\\/www.arquimaster.com.ar\\\/web\\\/curso-iniciacion-al-diseno-de-interiores\\\/#primaryimage\",\"url\":\"https:\\\/\\\/www.arquimaster.com.ar\\\/web\\\/wp-content\\\/uploads\\\/2020\\\/03\\\/curso_iniciacion_diseno_interior_domestika_slide.jpg\",\"contentUrl\":\"https:\\\/\\\/www.arquimaster.com.ar\\\/web\\\/wp-content\\\/uploads\\\/2020\\\/03\\\/curso_iniciacion_diseno_interior_domestika_slide.jpg\",\"width\":698,\"height\":364},{\"@type\":\"BreadcrumbList\",\"@id\":\"https:\\\/\\\/www.arquimaster.com.ar\\\/web\\\/curso-iniciacion-al-diseno-de-interiores\\\/#breadcrumb\",\"itemListElement\":[{\"@type\":\"ListItem\",\"position\":1,\"name\":\"Portada\",\"item\":\"https:\\\/\\\/www.arquimaster.com.ar\\\/web\\\/\"},{\"@type\":\"ListItem\",\"position\":2,\"name\":\"Curso Iniciaci\u00f3n al dise\u00f1o de interiores\"}]},{\"@type\":\"WebSite\",\"@id\":\"https:\\\/\\\/www.arquimaster.com.ar\\\/web\\\/#website\",\"url\":\"https:\\\/\\\/www.arquimaster.com.ar\\\/web\\\/\",\"name\":\"Arquimaster\",\"description\":\"Web de arquitectura, dise\u00f1o y construccion\",\"publisher\":{\"@id\":\"https:\\\/\\\/www.arquimaster.com.ar\\\/web\\\/#organization\"},\"potentialAction\":[{\"@type\":\"SearchAction\",\"target\":{\"@type\":\"EntryPoint\",\"urlTemplate\":\"https:\\\/\\\/www.arquimaster.com.ar\\\/web\\\/?s={search_term_string}\"},\"query-input\":{\"@type\":\"PropertyValueSpecification\",\"valueRequired\":true,\"valueName\":\"search_term_string\"}}],\"inLanguage\":\"es\"},{\"@type\":\"Organization\",\"@id\":\"https:\\\/\\\/www.arquimaster.com.ar\\\/web\\\/#organization\",\"name\":\"Arquimaster\",\"url\":\"https:\\\/\\\/www.arquimaster.com.ar\\\/web\\\/\",\"logo\":{\"@type\":\"ImageObject\",\"inLanguage\":\"es\",\"@id\":\"https:\\\/\\\/www.arquimaster.com.ar\\\/web\\\/#\\\/schema\\\/logo\\\/image\\\/\",\"url\":\"https:\\\/\\\/www.arquimaster.com.ar\\\/web\\\/wp-content\\\/uploads\\\/2022\\\/06\\\/arquimaster.png\",\"contentUrl\":\"https:\\\/\\\/www.arquimaster.com.ar\\\/web\\\/wp-content\\\/uploads\\\/2022\\\/06\\\/arquimaster.png\",\"width\":594,\"height\":78,\"caption\":\"Arquimaster\"},\"image\":{\"@id\":\"https:\\\/\\\/www.arquimaster.com.ar\\\/web\\\/#\\\/schema\\\/logo\\\/image\\\/\"},\"sameAs\":[\"http:\\\/\\\/www.facebook.com\\\/ARQUIMASTER.com.ar\",\"https:\\\/\\\/x.com\\\/arquimaster\",\"https:\\\/\\\/www.instagram.com\\\/arquimasterblog\\\/\",\"https:\\\/\\\/www.linkedin.com\\\/company\\\/arquimaster\",\"https:\\\/\\\/www.pinterest.com\\\/arquimaster\",\"https:\\\/\\\/t.me\\\/arquimaster\"]},{\"@type\":\"Person\",\"@id\":\"https:\\\/\\\/www.arquimaster.com.ar\\\/web\\\/#\\\/schema\\\/person\\\/359e9f7c00193fcde068e0dd2ceb0028\",\"name\":\"Arquimaster\"}]}<\/script>\n<!-- \/ Yoast SEO plugin. -->","yoast_head_json":{"title":"Curso Iniciaci\u00f3n al dise\u00f1o de interiores - Arquimaster","description":"Aprende a dar vida a los espacios arquitect\u00f3nicos con sencillas t\u00e9cnicas DIY.","robots":{"index":"index","follow":"follow","max-snippet":"max-snippet:-1","max-image-preview":"max-image-preview:large","max-video-preview":"max-video-preview:-1"},"canonical":"https:\/\/www.arquimaster.com.ar\/web\/curso-iniciacion-al-diseno-de-interiores\/","og_locale":"es_ES","og_type":"article","og_title":"Curso Iniciaci\u00f3n al dise\u00f1o de interiores","og_description":"Aprende a dar vida a los espacios arquitect\u00f3nicos con sencillas t\u00e9cnicas DIY.","og_url":"https:\/\/www.arquimaster.com.ar\/web\/curso-iniciacion-al-diseno-de-interiores\/","og_site_name":"Arquimaster","article_publisher":"http:\/\/www.facebook.com\/ARQUIMASTER.com.ar","article_published_time":"2020-03-29T22:55:37+00:00","article_modified_time":"2023-02-19T04:41:28+00:00","og_image":[{"width":698,"height":364,"url":"https:\/\/www.arquimaster.com.ar\/web\/wp-content\/uploads\/2020\/03\/curso_iniciacion_diseno_interior_domestika_slide.jpg","type":"image\/jpeg"}],"author":"Arquimaster","twitter_card":"summary_large_image","twitter_title":"Curso Iniciaci\u00f3n al dise\u00f1o de interiores","twitter_description":"Aprende a dar vida a los espacios arquitect\u00f3nicos con sencillas t\u00e9cnicas DIY.","twitter_image":"https:\/\/www.arquimaster.com.ar\/web\/wp-content\/uploads\/2020\/03\/curso_iniciacion_diseno_interior_domestika_slide.jpg","twitter_creator":"@arquimaster","twitter_site":"@arquimaster","twitter_misc":{"Escrito por":"Arquimaster","Tiempo de lectura":"3 minutos"},"schema":{"@context":"https:\/\/schema.org","@graph":[{"@type":"Article","@id":"https:\/\/www.arquimaster.com.ar\/web\/curso-iniciacion-al-diseno-de-interiores\/#article","isPartOf":{"@id":"https:\/\/www.arquimaster.com.ar\/web\/curso-iniciacion-al-diseno-de-interiores\/"},"author":{"name":"Arquimaster","@id":"https:\/\/www.arquimaster.com.ar\/web\/#\/schema\/person\/359e9f7c00193fcde068e0dd2ceb0028"},"headline":"Curso Iniciaci\u00f3n al dise\u00f1o de interiores","datePublished":"2020-03-29T22:55:37+00:00","dateModified":"2023-02-19T04:41:28+00:00","mainEntityOfPage":{"@id":"https:\/\/www.arquimaster.com.ar\/web\/curso-iniciacion-al-diseno-de-interiores\/"},"wordCount":559,"publisher":{"@id":"https:\/\/www.arquimaster.com.ar\/web\/#organization"},"image":{"@id":"https:\/\/www.arquimaster.com.ar\/web\/curso-iniciacion-al-diseno-de-interiores\/#primaryimage"},"thumbnailUrl":"https:\/\/www.arquimaster.com.ar\/web\/wp-content\/uploads\/2020\/03\/curso_iniciacion_diseno_interior_domestika_slide.jpg","keywords":["a distancia","a distancia 2019","a distancia 2020","cursos","cursos a distancia de dise\u00f1o interior y decoracion","cursos de dise\u00f1o interior y decoracion","Domestika","Masquespacio"],"articleSection":["Agenda","Cursos de arquitectura y dise\u00f1o"],"inLanguage":"es"},{"@type":"WebPage","@id":"https:\/\/www.arquimaster.com.ar\/web\/curso-iniciacion-al-diseno-de-interiores\/","url":"https:\/\/www.arquimaster.com.ar\/web\/curso-iniciacion-al-diseno-de-interiores\/","name":"Curso Iniciaci\u00f3n al dise\u00f1o de interiores - Arquimaster","isPartOf":{"@id":"https:\/\/www.arquimaster.com.ar\/web\/#website"},"primaryImageOfPage":{"@id":"https:\/\/www.arquimaster.com.ar\/web\/curso-iniciacion-al-diseno-de-interiores\/#primaryimage"},"image":{"@id":"https:\/\/www.arquimaster.com.ar\/web\/curso-iniciacion-al-diseno-de-interiores\/#primaryimage"},"thumbnailUrl":"https:\/\/www.arquimaster.com.ar\/web\/wp-content\/uploads\/2020\/03\/curso_iniciacion_diseno_interior_domestika_slide.jpg","datePublished":"2020-03-29T22:55:37+00:00","dateModified":"2023-02-19T04:41:28+00:00","description":"Aprende a dar vida a los espacios arquitect\u00f3nicos con sencillas t\u00e9cnicas DIY.","breadcrumb":{"@id":"https:\/\/www.arquimaster.com.ar\/web\/curso-iniciacion-al-diseno-de-interiores\/#breadcrumb"},"inLanguage":"es","potentialAction":[{"@type":"ReadAction","target":["https:\/\/www.arquimaster.com.ar\/web\/curso-iniciacion-al-diseno-de-interiores\/"]}]},{"@type":"ImageObject","inLanguage":"es","@id":"https:\/\/www.arquimaster.com.ar\/web\/curso-iniciacion-al-diseno-de-interiores\/#primaryimage","url":"https:\/\/www.arquimaster.com.ar\/web\/wp-content\/uploads\/2020\/03\/curso_iniciacion_diseno_interior_domestika_slide.jpg","contentUrl":"https:\/\/www.arquimaster.com.ar\/web\/wp-content\/uploads\/2020\/03\/curso_iniciacion_diseno_interior_domestika_slide.jpg","width":698,"height":364},{"@type":"BreadcrumbList","@id":"https:\/\/www.arquimaster.com.ar\/web\/curso-iniciacion-al-diseno-de-interiores\/#breadcrumb","itemListElement":[{"@type":"ListItem","position":1,"name":"Portada","item":"https:\/\/www.arquimaster.com.ar\/web\/"},{"@type":"ListItem","position":2,"name":"Curso Iniciaci\u00f3n al dise\u00f1o de interiores"}]},{"@type":"WebSite","@id":"https:\/\/www.arquimaster.com.ar\/web\/#website","url":"https:\/\/www.arquimaster.com.ar\/web\/","name":"Arquimaster","description":"Web de arquitectura, dise\u00f1o y construccion","publisher":{"@id":"https:\/\/www.arquimaster.com.ar\/web\/#organization"},"potentialAction":[{"@type":"SearchAction","target":{"@type":"EntryPoint","urlTemplate":"https:\/\/www.arquimaster.com.ar\/web\/?s={search_term_string}"},"query-input":{"@type":"PropertyValueSpecification","valueRequired":true,"valueName":"search_term_string"}}],"inLanguage":"es"},{"@type":"Organization","@id":"https:\/\/www.arquimaster.com.ar\/web\/#organization","name":"Arquimaster","url":"https:\/\/www.arquimaster.com.ar\/web\/","logo":{"@type":"ImageObject","inLanguage":"es","@id":"https:\/\/www.arquimaster.com.ar\/web\/#\/schema\/logo\/image\/","url":"https:\/\/www.arquimaster.com.ar\/web\/wp-content\/uploads\/2022\/06\/arquimaster.png","contentUrl":"https:\/\/www.arquimaster.com.ar\/web\/wp-content\/uploads\/2022\/06\/arquimaster.png","width":594,"height":78,"caption":"Arquimaster"},"image":{"@id":"https:\/\/www.arquimaster.com.ar\/web\/#\/schema\/logo\/image\/"},"sameAs":["http:\/\/www.facebook.com\/ARQUIMASTER.com.ar","https:\/\/x.com\/arquimaster","https:\/\/www.instagram.com\/arquimasterblog\/","https:\/\/www.linkedin.com\/company\/arquimaster","https:\/\/www.pinterest.com\/arquimaster","https:\/\/t.me\/arquimaster"]},{"@type":"Person","@id":"https:\/\/www.arquimaster.com.ar\/web\/#\/schema\/person\/359e9f7c00193fcde068e0dd2ceb0028","name":"Arquimaster"}]}},"uagb_featured_image_src":{"full":["https:\/\/www.arquimaster.com.ar\/web\/wp-content\/uploads\/2020\/03\/curso_iniciacion_diseno_interior_domestika_slide.jpg",698,364,false],"thumbnail":["https:\/\/www.arquimaster.com.ar\/web\/wp-content\/uploads\/2020\/03\/curso_iniciacion_diseno_interior_domestika_slide-150x150.jpg",150,150,true],"medium":["https:\/\/www.arquimaster.com.ar\/web\/wp-content\/uploads\/2020\/03\/curso_iniciacion_diseno_interior_domestika_slide.jpg",698,364,false],"medium_large":["https:\/\/www.arquimaster.com.ar\/web\/wp-content\/uploads\/2020\/03\/curso_iniciacion_diseno_interior_domestika_slide.jpg",698,364,false],"large":["https:\/\/www.arquimaster.com.ar\/web\/wp-content\/uploads\/2020\/03\/curso_iniciacion_diseno_interior_domestika_slide.jpg",698,364,false],"1536x1536":["https:\/\/www.arquimaster.com.ar\/web\/wp-content\/uploads\/2020\/03\/curso_iniciacion_diseno_interior_domestika_slide.jpg",698,364,false],"2048x2048":["https:\/\/www.arquimaster.com.ar\/web\/wp-content\/uploads\/2020\/03\/curso_iniciacion_diseno_interior_domestika_slide.jpg",698,364,false]},"uagb_author_info":{"display_name":"Arquimaster","author_link":"https:\/\/www.arquimaster.com.ar\/web\/author\/arquimaster\/"},"uagb_comment_info":0,"uagb_excerpt":"Aprende a dar vida a los espacios arquitect\u00f3nicos con sencillas t\u00e9cnicas DIY...","_links":{"self":[{"href":"https:\/\/www.arquimaster.com.ar\/web\/wp-json\/wp\/v2\/posts\/54088","targetHints":{"allow":["GET"]}}],"collection":[{"href":"https:\/\/www.arquimaster.com.ar\/web\/wp-json\/wp\/v2\/posts"}],"about":[{"href":"https:\/\/www.arquimaster.com.ar\/web\/wp-json\/wp\/v2\/types\/post"}],"author":[{"embeddable":true,"href":"https:\/\/www.arquimaster.com.ar\/web\/wp-json\/wp\/v2\/users\/1"}],"replies":[{"embeddable":true,"href":"https:\/\/www.arquimaster.com.ar\/web\/wp-json\/wp\/v2\/comments?post=54088"}],"version-history":[{"count":3,"href":"https:\/\/www.arquimaster.com.ar\/web\/wp-json\/wp\/v2\/posts\/54088\/revisions"}],"predecessor-version":[{"id":74962,"href":"https:\/\/www.arquimaster.com.ar\/web\/wp-json\/wp\/v2\/posts\/54088\/revisions\/74962"}],"wp:featuredmedia":[{"embeddable":true,"href":"https:\/\/www.arquimaster.com.ar\/web\/wp-json\/wp\/v2\/media\/54089"}],"wp:attachment":[{"href":"https:\/\/www.arquimaster.com.ar\/web\/wp-json\/wp\/v2\/media?parent=54088"}],"wp:term":[{"taxonomy":"category","embeddable":true,"href":"https:\/\/www.arquimaster.com.ar\/web\/wp-json\/wp\/v2\/categories?post=54088"},{"taxonomy":"post_tag","embeddable":true,"href":"https:\/\/www.arquimaster.com.ar\/web\/wp-json\/wp\/v2\/tags?post=54088"}],"curies":[{"name":"wp","href":"https:\/\/api.w.org\/{rel}","templated":true}]}}