{"id":54102,"date":"2020-03-30T20:20:12","date_gmt":"2020-03-30T23:20:12","guid":{"rendered":"https:\/\/www.arquimaster.com.ar\/web\/?p=54102"},"modified":"2020-03-31T20:31:14","modified_gmt":"2020-03-31T23:31:14","slug":"oficinas-russell-reynolds-eskema-arquitectos","status":"publish","type":"post","link":"https:\/\/www.arquimaster.com.ar\/web\/oficinas-russell-reynolds-eskema-arquitectos\/","title":{"rendered":"Oficinas Russell Reynolds \/ Eskema Arquitectos"},"content":{"rendered":"<div style=\"margin-top: 0px; margin-bottom: 0px;\" class=\"sharethis-inline-share-buttons\" ><\/div><div class=\"b812932af2e751442846f039925109de\" data-index=\"1\" style=\"float: none; margin:25px 0 25px 0; text-align:center;\">\n<script async src=\"https:\/\/pagead2.googlesyndication.com\/pagead\/js\/adsbygoogle.js\"><\/script>\r\n<!-- Arquimaster (superior) -->\r\n<ins class=\"adsbygoogle\"\r\n     style=\"display:block\"\r\n     data-ad-client=\"ca-pub-6351072698456832\"\r\n     data-ad-slot=\"6455489680\"\r\n     data-ad-format=\"auto\"\r\n     data-full-width-responsive=\"true\"><\/ins>\r\n<script>\r\n     (adsbygoogle = window.adsbygoogle || []).push({});\r\n<\/script>\n<\/div>\n<p><strong>Oficinas Russell Reynolds<\/strong> (Ciudad de M\u00e9xico) por <strong>Eskema Arquitectos<\/strong>. El equipo de Eskema Arquitectos proyect\u00f3 un espacio en el que se vive la filosof\u00eda de la empresa: un lugar en donde el trabajo es una actividad muy agradable, y en el que los integrantes del equipo est\u00e1n orgullosos de pertenecer y lo reflejan en el servicio al cliente, logrando una productividad exitosa y eficiente.<\/p>\n<div id='gallery-1' class='gallery galleryid-54102 gallery-columns-3 gallery-size-thumbnail'><figure class='gallery-item'>\n\t\t\t<div class='gallery-icon landscape'>\n\t\t\t\t<a href='https:\/\/www.arquimaster.com.ar\/web\/wp-content\/uploads\/2020\/03\/oficinas_russell_reynolds1.jpg' title=\"Oficinas Russell Reynolds \/ Eskema Arquitectos (\u00a9 Juan Carlos Jimenez)\" data-rl_title=\"Oficinas Russell Reynolds \/ Eskema Arquitectos (\u00a9 Juan Carlos Jimenez)\" class=\"rl-gallery-link\" data-rl_caption=\"Oficinas Russell Reynolds \/ Eskema Arquitectos (\u00a9 Juan Carlos Jimenez)\" data-rel=\"lightbox-gallery-1\"><img loading=\"lazy\" decoding=\"async\" width=\"150\" height=\"150\" src=\"https:\/\/www.arquimaster.com.ar\/web\/wp-content\/uploads\/2020\/03\/oficinas_russell_reynolds1-150x150.jpg\" class=\"attachment-thumbnail size-thumbnail\" alt=\"\" aria-describedby=\"gallery-1-54105\" \/><\/a>\n\t\t\t<\/div>\n\t\t\t\t<figcaption class='wp-caption-text gallery-caption' id='gallery-1-54105'>\n\t\t\t\tOficinas Russell Reynolds \/ Eskema Arquitectos (\u00a9 Juan Carlos Jimenez)\n\t\t\t\t<\/figcaption><\/figure><figure class='gallery-item'>\n\t\t\t<div class='gallery-icon landscape'>\n\t\t\t\t<a href='https:\/\/www.arquimaster.com.ar\/web\/wp-content\/uploads\/2020\/03\/oficinas_russell_reynolds2.jpg' title=\"Oficinas Russell Reynolds \/ Eskema Arquitectos (\u00a9 Juan Carlos Jimenez)\" data-rl_title=\"Oficinas Russell Reynolds \/ Eskema Arquitectos (\u00a9 Juan Carlos Jimenez)\" class=\"rl-gallery-link\" data-rl_caption=\"Oficinas Russell Reynolds \/ Eskema Arquitectos (\u00a9 Juan Carlos Jimenez)\" data-rel=\"lightbox-gallery-1\"><img loading=\"lazy\" decoding=\"async\" width=\"150\" height=\"150\" src=\"https:\/\/www.arquimaster.com.ar\/web\/wp-content\/uploads\/2020\/03\/oficinas_russell_reynolds2-150x150.jpg\" class=\"attachment-thumbnail size-thumbnail\" alt=\"\" aria-describedby=\"gallery-1-54106\" \/><\/a>\n\t\t\t<\/div>\n\t\t\t\t<figcaption class='wp-caption-text gallery-caption' id='gallery-1-54106'>\n\t\t\t\tOficinas Russell Reynolds \/ Eskema Arquitectos (\u00a9 Juan Carlos Jimenez)\n\t\t\t\t<\/figcaption><\/figure><figure class='gallery-item'>\n\t\t\t<div class='gallery-icon landscape'>\n\t\t\t\t<a href='https:\/\/www.arquimaster.com.ar\/web\/wp-content\/uploads\/2020\/03\/oficinas_russell_reynolds3.jpg' title=\"Oficinas Russell Reynolds \/ Eskema Arquitectos (\u00a9 Juan Carlos Jimenez)\" data-rl_title=\"Oficinas Russell Reynolds \/ Eskema Arquitectos (\u00a9 Juan Carlos Jimenez)\" class=\"rl-gallery-link\" data-rl_caption=\"Oficinas Russell Reynolds \/ Eskema Arquitectos (\u00a9 Juan Carlos Jimenez)\" data-rel=\"lightbox-gallery-1\"><img loading=\"lazy\" decoding=\"async\" width=\"150\" height=\"150\" src=\"https:\/\/www.arquimaster.com.ar\/web\/wp-content\/uploads\/2020\/03\/oficinas_russell_reynolds3-150x150.jpg\" class=\"attachment-thumbnail size-thumbnail\" alt=\"\" aria-describedby=\"gallery-1-54107\" \/><\/a>\n\t\t\t<\/div>\n\t\t\t\t<figcaption class='wp-caption-text gallery-caption' id='gallery-1-54107'>\n\t\t\t\tOficinas Russell Reynolds \/ Eskema Arquitectos (\u00a9 Juan Carlos Jimenez)\n\t\t\t\t<\/figcaption><\/figure><figure class='gallery-item'>\n\t\t\t<div class='gallery-icon landscape'>\n\t\t\t\t<a href='https:\/\/www.arquimaster.com.ar\/web\/wp-content\/uploads\/2020\/03\/oficinas_russell_reynolds4.jpg' title=\"Oficinas Russell Reynolds \/ Eskema Arquitectos (\u00a9 Juan Carlos Jimenez)\" data-rl_title=\"Oficinas Russell Reynolds \/ Eskema Arquitectos (\u00a9 Juan Carlos Jimenez)\" class=\"rl-gallery-link\" data-rl_caption=\"Oficinas Russell Reynolds \/ Eskema Arquitectos (\u00a9 Juan Carlos Jimenez)\" data-rel=\"lightbox-gallery-1\"><img loading=\"lazy\" decoding=\"async\" width=\"150\" height=\"150\" src=\"https:\/\/www.arquimaster.com.ar\/web\/wp-content\/uploads\/2020\/03\/oficinas_russell_reynolds4-150x150.jpg\" class=\"attachment-thumbnail size-thumbnail\" alt=\"\" aria-describedby=\"gallery-1-54108\" \/><\/a>\n\t\t\t<\/div>\n\t\t\t\t<figcaption class='wp-caption-text gallery-caption' id='gallery-1-54108'>\n\t\t\t\tOficinas Russell Reynolds \/ Eskema Arquitectos (\u00a9 Juan Carlos Jimenez)\n\t\t\t\t<\/figcaption><\/figure><figure class='gallery-item'>\n\t\t\t<div class='gallery-icon landscape'>\n\t\t\t\t<a href='https:\/\/www.arquimaster.com.ar\/web\/wp-content\/uploads\/2020\/03\/oficinas_russell_reynolds5.jpg' title=\"Oficinas Russell Reynolds \/ Eskema Arquitectos (\u00a9 Juan Carlos Jimenez)\" data-rl_title=\"Oficinas Russell Reynolds \/ Eskema Arquitectos (\u00a9 Juan Carlos Jimenez)\" class=\"rl-gallery-link\" data-rl_caption=\"Oficinas Russell Reynolds \/ Eskema Arquitectos (\u00a9 Juan Carlos Jimenez)\" data-rel=\"lightbox-gallery-1\"><img loading=\"lazy\" decoding=\"async\" width=\"150\" height=\"150\" src=\"https:\/\/www.arquimaster.com.ar\/web\/wp-content\/uploads\/2020\/03\/oficinas_russell_reynolds5-150x150.jpg\" class=\"attachment-thumbnail size-thumbnail\" alt=\"\" aria-describedby=\"gallery-1-54109\" \/><\/a>\n\t\t\t<\/div>\n\t\t\t\t<figcaption class='wp-caption-text gallery-caption' id='gallery-1-54109'>\n\t\t\t\tOficinas Russell Reynolds \/ Eskema Arquitectos (\u00a9 Juan Carlos Jimenez)\n\t\t\t\t<\/figcaption><\/figure><figure class='gallery-item'>\n\t\t\t<div class='gallery-icon landscape'>\n\t\t\t\t<a href='https:\/\/www.arquimaster.com.ar\/web\/wp-content\/uploads\/2020\/03\/oficinas_russell_reynolds6.jpg' title=\"Oficinas Russell Reynolds \/ Eskema Arquitectos (\u00a9 Juan Carlos Jimenez)\" data-rl_title=\"Oficinas Russell Reynolds \/ Eskema Arquitectos (\u00a9 Juan Carlos Jimenez)\" class=\"rl-gallery-link\" data-rl_caption=\"Oficinas Russell Reynolds \/ Eskema Arquitectos (\u00a9 Juan Carlos Jimenez)\" data-rel=\"lightbox-gallery-1\"><img loading=\"lazy\" decoding=\"async\" width=\"150\" height=\"150\" src=\"https:\/\/www.arquimaster.com.ar\/web\/wp-content\/uploads\/2020\/03\/oficinas_russell_reynolds6-150x150.jpg\" class=\"attachment-thumbnail size-thumbnail\" alt=\"\" aria-describedby=\"gallery-1-54110\" \/><\/a>\n\t\t\t<\/div>\n\t\t\t\t<figcaption class='wp-caption-text gallery-caption' id='gallery-1-54110'>\n\t\t\t\tOficinas Russell Reynolds \/ Eskema Arquitectos (\u00a9 Juan Carlos Jimenez)\n\t\t\t\t<\/figcaption><\/figure><figure class='gallery-item'>\n\t\t\t<div class='gallery-icon landscape'>\n\t\t\t\t<a href='https:\/\/www.arquimaster.com.ar\/web\/wp-content\/uploads\/2020\/03\/oficinas_russell_reynolds7.jpg' title=\"Oficinas Russell Reynolds \/ Eskema Arquitectos (\u00a9 Juan Carlos Jimenez)\" data-rl_title=\"Oficinas Russell Reynolds \/ Eskema Arquitectos (\u00a9 Juan Carlos Jimenez)\" class=\"rl-gallery-link\" data-rl_caption=\"Oficinas Russell Reynolds \/ Eskema Arquitectos (\u00a9 Juan Carlos Jimenez)\" data-rel=\"lightbox-gallery-1\"><img loading=\"lazy\" decoding=\"async\" width=\"150\" height=\"150\" src=\"https:\/\/www.arquimaster.com.ar\/web\/wp-content\/uploads\/2020\/03\/oficinas_russell_reynolds7-150x150.jpg\" class=\"attachment-thumbnail size-thumbnail\" alt=\"\" aria-describedby=\"gallery-1-54111\" \/><\/a>\n\t\t\t<\/div>\n\t\t\t\t<figcaption class='wp-caption-text gallery-caption' id='gallery-1-54111'>\n\t\t\t\tOficinas Russell Reynolds \/ Eskema Arquitectos (\u00a9 Juan Carlos Jimenez)\n\t\t\t\t<\/figcaption><\/figure><figure class='gallery-item'>\n\t\t\t<div class='gallery-icon portrait'>\n\t\t\t\t<a href='https:\/\/www.arquimaster.com.ar\/web\/wp-content\/uploads\/2020\/03\/oficinas_russell_reynolds8.jpg' title=\"Oficinas Russell Reynolds \/ Eskema Arquitectos (\u00a9 Juan Carlos Jimenez)\" data-rl_title=\"Oficinas Russell Reynolds \/ Eskema Arquitectos (\u00a9 Juan Carlos Jimenez)\" class=\"rl-gallery-link\" data-rl_caption=\"Oficinas Russell Reynolds \/ Eskema Arquitectos (\u00a9 Juan Carlos Jimenez)\" data-rel=\"lightbox-gallery-1\"><img loading=\"lazy\" decoding=\"async\" width=\"150\" height=\"150\" src=\"https:\/\/www.arquimaster.com.ar\/web\/wp-content\/uploads\/2020\/03\/oficinas_russell_reynolds8-150x150.jpg\" class=\"attachment-thumbnail size-thumbnail\" alt=\"\" aria-describedby=\"gallery-1-54112\" \/><\/a>\n\t\t\t<\/div>\n\t\t\t\t<figcaption class='wp-caption-text gallery-caption' id='gallery-1-54112'>\n\t\t\t\tOficinas Russell Reynolds \/ Eskema Arquitectos (\u00a9 Juan Carlos Jimenez)\n\t\t\t\t<\/figcaption><\/figure><figure class='gallery-item'>\n\t\t\t<div class='gallery-icon portrait'>\n\t\t\t\t<a href='https:\/\/www.arquimaster.com.ar\/web\/wp-content\/uploads\/2020\/03\/oficinas_russell_reynolds9.jpg' title=\"Oficinas Russell Reynolds \/ Eskema Arquitectos (\u00a9 Juan Carlos Jimenez)\" data-rl_title=\"Oficinas Russell Reynolds \/ Eskema Arquitectos (\u00a9 Juan Carlos Jimenez)\" class=\"rl-gallery-link\" data-rl_caption=\"Oficinas Russell Reynolds \/ Eskema Arquitectos (\u00a9 Juan Carlos Jimenez)\" data-rel=\"lightbox-gallery-1\"><img loading=\"lazy\" decoding=\"async\" width=\"150\" height=\"150\" src=\"https:\/\/www.arquimaster.com.ar\/web\/wp-content\/uploads\/2020\/03\/oficinas_russell_reynolds9-150x150.jpg\" class=\"attachment-thumbnail size-thumbnail\" alt=\"\" aria-describedby=\"gallery-1-54113\" \/><\/a>\n\t\t\t<\/div>\n\t\t\t\t<figcaption class='wp-caption-text gallery-caption' id='gallery-1-54113'>\n\t\t\t\tOficinas Russell Reynolds \/ Eskema Arquitectos (\u00a9 Juan Carlos Jimenez)\n\t\t\t\t<\/figcaption><\/figure><figure class='gallery-item'>\n\t\t\t<div class='gallery-icon landscape'>\n\t\t\t\t<a href='https:\/\/www.arquimaster.com.ar\/web\/wp-content\/uploads\/2020\/03\/oficinas_russell_reynolds10.jpg' title=\"Oficinas Russell Reynolds \/ Eskema Arquitectos (\u00a9 Juan Carlos Jimenez)\" data-rl_title=\"Oficinas Russell Reynolds \/ Eskema Arquitectos (\u00a9 Juan Carlos Jimenez)\" class=\"rl-gallery-link\" data-rl_caption=\"Oficinas Russell Reynolds \/ Eskema Arquitectos (\u00a9 Juan Carlos Jimenez)\" data-rel=\"lightbox-gallery-1\"><img loading=\"lazy\" decoding=\"async\" width=\"150\" height=\"150\" src=\"https:\/\/www.arquimaster.com.ar\/web\/wp-content\/uploads\/2020\/03\/oficinas_russell_reynolds10-150x150.jpg\" class=\"attachment-thumbnail size-thumbnail\" alt=\"\" aria-describedby=\"gallery-1-54114\" \/><\/a>\n\t\t\t<\/div>\n\t\t\t\t<figcaption class='wp-caption-text gallery-caption' id='gallery-1-54114'>\n\t\t\t\tOficinas Russell Reynolds \/ Eskema Arquitectos (\u00a9 Juan Carlos Jimenez)\n\t\t\t\t<\/figcaption><\/figure><figure class='gallery-item'>\n\t\t\t<div class='gallery-icon landscape'>\n\t\t\t\t<a href='https:\/\/www.arquimaster.com.ar\/web\/wp-content\/uploads\/2020\/03\/oficinas_russell_reynolds11.jpg' title=\"Oficinas Russell Reynolds \/ Eskema Arquitectos (\u00a9 Juan Carlos Jimenez)\" data-rl_title=\"Oficinas Russell Reynolds \/ Eskema Arquitectos (\u00a9 Juan Carlos Jimenez)\" class=\"rl-gallery-link\" data-rl_caption=\"Oficinas Russell Reynolds \/ Eskema Arquitectos (\u00a9 Juan Carlos Jimenez)\" data-rel=\"lightbox-gallery-1\"><img loading=\"lazy\" decoding=\"async\" width=\"150\" height=\"150\" src=\"https:\/\/www.arquimaster.com.ar\/web\/wp-content\/uploads\/2020\/03\/oficinas_russell_reynolds11-150x150.jpg\" class=\"attachment-thumbnail size-thumbnail\" alt=\"\" aria-describedby=\"gallery-1-54115\" \/><\/a>\n\t\t\t<\/div>\n\t\t\t\t<figcaption class='wp-caption-text gallery-caption' id='gallery-1-54115'>\n\t\t\t\tOficinas Russell Reynolds \/ Eskema Arquitectos (\u00a9 Juan Carlos Jimenez)\n\t\t\t\t<\/figcaption><\/figure><figure class='gallery-item'>\n\t\t\t<div class='gallery-icon landscape'>\n\t\t\t\t<a href='https:\/\/www.arquimaster.com.ar\/web\/wp-content\/uploads\/2020\/03\/oficinas_russell_reynolds12.jpg' title=\"Oficinas Russell Reynolds \/ Eskema Arquitectos (planta)\" data-rl_title=\"Oficinas Russell Reynolds \/ Eskema Arquitectos (planta)\" class=\"rl-gallery-link\" data-rl_caption=\"Oficinas Russell Reynolds \/ Eskema Arquitectos (planta)\" data-rel=\"lightbox-gallery-1\"><img loading=\"lazy\" decoding=\"async\" width=\"150\" height=\"150\" src=\"https:\/\/www.arquimaster.com.ar\/web\/wp-content\/uploads\/2020\/03\/oficinas_russell_reynolds12-150x150.jpg\" class=\"attachment-thumbnail size-thumbnail\" alt=\"\" aria-describedby=\"gallery-1-54116\" \/><\/a>\n\t\t\t<\/div>\n\t\t\t\t<figcaption class='wp-caption-text gallery-caption' id='gallery-1-54116'>\n\t\t\t\tOficinas Russell Reynolds \/ Eskema Arquitectos (planta)\n\t\t\t\t<\/figcaption><\/figure><figure class='gallery-item'>\n\t\t\t<div class='gallery-icon landscape'>\n\t\t\t\t<a href='https:\/\/www.arquimaster.com.ar\/web\/wp-content\/uploads\/2020\/03\/oficinas_russell_reynolds13.jpg' title=\"Oficinas Russell Reynolds \/ Eskema Arquitectos (planta)\" data-rl_title=\"Oficinas Russell Reynolds \/ Eskema Arquitectos (planta)\" class=\"rl-gallery-link\" data-rl_caption=\"Oficinas Russell Reynolds \/ Eskema Arquitectos (planta)\" data-rel=\"lightbox-gallery-1\"><img loading=\"lazy\" decoding=\"async\" width=\"150\" height=\"150\" src=\"https:\/\/www.arquimaster.com.ar\/web\/wp-content\/uploads\/2020\/03\/oficinas_russell_reynolds13-150x150.jpg\" class=\"attachment-thumbnail size-thumbnail\" alt=\"\" aria-describedby=\"gallery-1-54117\" \/><\/a>\n\t\t\t<\/div>\n\t\t\t\t<figcaption class='wp-caption-text gallery-caption' id='gallery-1-54117'>\n\t\t\t\tOficinas Russell Reynolds \/ Eskema Arquitectos (planta)\n\t\t\t\t<\/figcaption><\/figure><figure class='gallery-item'>\n\t\t\t<div class='gallery-icon landscape'>\n\t\t\t\t<a href='https:\/\/www.arquimaster.com.ar\/web\/wp-content\/uploads\/2020\/03\/oficinas_russell_reynolds14.jpg' title=\"Oficinas Russell Reynolds \/ Eskema Arquitectos (planta)\" data-rl_title=\"Oficinas Russell Reynolds \/ Eskema Arquitectos (planta)\" class=\"rl-gallery-link\" data-rl_caption=\"Oficinas Russell Reynolds \/ Eskema Arquitectos (planta)\" data-rel=\"lightbox-gallery-1\"><img loading=\"lazy\" decoding=\"async\" width=\"150\" height=\"150\" src=\"https:\/\/www.arquimaster.com.ar\/web\/wp-content\/uploads\/2020\/03\/oficinas_russell_reynolds14-150x150.jpg\" class=\"attachment-thumbnail size-thumbnail\" alt=\"\" aria-describedby=\"gallery-1-54103\" \/><\/a>\n\t\t\t<\/div>\n\t\t\t\t<figcaption class='wp-caption-text gallery-caption' id='gallery-1-54103'>\n\t\t\t\tOficinas Russell Reynolds \/ Eskema Arquitectos (planta)\n\t\t\t\t<\/figcaption><\/figure>\n\t\t<\/div>\n\n<p>El cliente fue muy claro a la hora de exponer sus requerimientos: ten\u00eda que ser un lugar con dise\u00f1o c\u00e1lido, atemporal, no ostentoso y que proyectara el car\u00e1cter premium que tiene Russell Reynolds. Un espacio que definiera claramente el \u00e1rea p\u00fablica, en la cual trabajara el staff y un \u00e1rea privada, en la que los clientes se sintieran en un ambiente de confianza al realizar sus entrevistas, ya que se maneja informaci\u00f3n confidencial.<\/p>\n<p>La madera es el material aplicado en pisos y muros que le da distinci\u00f3n al espacio y armoniza con los colores sobrios, complementando el dise\u00f1o elegante de la alfombra. Incluso la banca de recepci\u00f3n -pensada m\u00e1s como un lugar de transici\u00f3n y nunca dejar a alguien \u00abesperando\u00bb ah\u00ed- es un elemento escult\u00f3rico que se integra a la arquitectura.<\/p>\n<p>El comedor presenta un piso cer\u00e1mico, con dise\u00f1o geom\u00e9trico que sube hasta medio muro, dando as\u00ed movimiento y rompiendo con la monoton\u00eda m\u00e1s acorde al car\u00e1cter relajado del espacio, en donde tambi\u00e9n se encuentra una barra de Corian en gris tenue para dar servicio a los usuarios.<\/p>\n<p>Integrar catorce espacios de oficina en un \u00e1rea reducida represent\u00f3 todo un reto para los arquitectos Juan Carlos Jim\u00e9nez, Luis Manuel G\u00f3mez Portugal y el equipo de Eskema Arquitectos, pero se complet\u00f3 un proyecto que integr\u00f3 la m\u00edstica de la empresa, el \u00edmpetu laboral de los colaboradores y la atm\u00f3sfera de cordialidad que precisan los clientes que van a las entrevistas.<\/p>\n<p>Un interior en el que todos disfrutan de un espacio de trabajo funcional y contempor\u00e1neo.<\/p>\n<p><strong>Ficha t\u00e9cnica<\/strong><br \/>\nNombre: Oficinas Russell Reynolds<br \/>\nUbicaci\u00f3n: Torre Reforma 115, Ciudad de M\u00e9xico<br \/>\nDise\u00f1o del proyecto: Eskema Arquitectos<br \/>\nArq. Juan Carlos Jim\u00e9nez, Arq. Luis Manuel G\u00f3mez Portugal<br \/>\nContratista: ATXK<br \/>\nIluminaci\u00f3n: H+T Iluminaci\u00f3n<br \/>\nMobiliario: Steelcase, Herman Miller, Vitra<br \/>\nSuperficie: 500 m2<br \/>\nA\u00f1o: 2017<br \/>\nFot\u00f3grafo: Juan Carlos Jimenez<\/p>\n<p><strong>Contacto<\/strong><br \/>\n<a href=\"http:\/\/www.eskema.com.mx\" target=\"_blank\" rel=\"noopener noreferrer\">http:\/\/www.eskema.com.mx<\/a><\/p>\n<p>Facebook: \/ESKEMA-Arquitectos<br \/>\nTwitter: @eskemarq<\/p>\n\n<div style=\"font-size: 0px; height: 0px; line-height: 0px; margin: 0; padding: 0; clear: both;\"><\/div><div style=\"margin-top: 0px; margin-bottom: 0px;\" class=\"sharethis-inline-share-buttons\" ><\/div>","protected":false},"excerpt":{"rendered":"<p>La madera es el material aplicado en pisos y muros que le da distinci\u00f3n al espacio&#8230;<\/p>\n","protected":false},"author":1,"featured_media":54104,"comment_status":"closed","ping_status":"closed","sticky":false,"template":"","format":"standard","meta":{"_uag_custom_page_level_css":"","footnotes":""},"categories":[76,1],"tags":[1362,250,1294,4286,4287,4288,255],"class_list":["post-54102","post","type-post","status-publish","format-standard","has-post-thumbnail","hentry","category-arquitectura-corporativa","category-proyecto","tag-arquitectura-corporativa-2","tag-ciudad-de-mexico","tag-diseno-de-oficinas","tag-eskema-arquitectos","tag-juan-carlos-jimenez","tag-luis-manuel-gomez-portugal","tag-oficinas","generate-columns","tablet-grid-50","mobile-grid-100","grid-parent","grid-50"],"yoast_head":"<!-- This site is optimized with the Yoast SEO plugin v27.3 - https:\/\/yoast.com\/product\/yoast-seo-wordpress\/ -->\n<title>Oficinas Russell Reynolds \/ Eskema Arquitectos - Arquimaster<\/title>\n<meta name=\"description\" content=\"La madera es el material aplicado en pisos y muros que le da distinci\u00f3n al espacio y armoniza con los colores sobrios, complementando el dise\u00f1o elegante de la alfombra.\" \/>\n<meta name=\"robots\" content=\"index, follow, max-snippet:-1, max-image-preview:large, max-video-preview:-1\" \/>\n<link rel=\"canonical\" href=\"https:\/\/www.arquimaster.com.ar\/web\/oficinas-russell-reynolds-eskema-arquitectos\/\" \/>\n<meta property=\"og:locale\" content=\"es_ES\" \/>\n<meta property=\"og:type\" content=\"article\" \/>\n<meta property=\"og:title\" content=\"Oficinas Russell Reynolds \/ Eskema Arquitectos\" \/>\n<meta property=\"og:description\" content=\"La madera es el material aplicado en pisos y muros que le da distinci\u00f3n al espacio y armoniza con los colores sobrios, complementando el dise\u00f1o elegante de la alfombra.\" \/>\n<meta property=\"og:url\" content=\"https:\/\/www.arquimaster.com.ar\/web\/oficinas-russell-reynolds-eskema-arquitectos\/\" \/>\n<meta property=\"og:site_name\" content=\"Arquimaster\" \/>\n<meta property=\"article:publisher\" content=\"http:\/\/www.facebook.com\/ARQUIMASTER.com.ar\" \/>\n<meta property=\"article:published_time\" content=\"2020-03-30T23:20:12+00:00\" \/>\n<meta property=\"article:modified_time\" content=\"2020-03-31T23:31:14+00:00\" \/>\n<meta property=\"og:image\" content=\"https:\/\/www.arquimaster.com.ar\/web\/wp-content\/uploads\/2020\/03\/oficinas_russell_reynolds_slide.jpg\" \/>\n\t<meta property=\"og:image:width\" content=\"698\" \/>\n\t<meta property=\"og:image:height\" content=\"364\" \/>\n\t<meta property=\"og:image:type\" content=\"image\/jpeg\" \/>\n<meta name=\"author\" content=\"Arquimaster\" \/>\n<meta name=\"twitter:card\" content=\"summary_large_image\" \/>\n<meta name=\"twitter:title\" content=\"Oficinas Russell Reynolds \/ Eskema Arquitectos\" \/>\n<meta name=\"twitter:description\" content=\"La madera es el material aplicado en pisos y muros que le da distinci\u00f3n al espacio y armoniza con los colores sobrios, complementando el dise\u00f1o elegante de la alfombra.\" \/>\n<meta name=\"twitter:image\" content=\"https:\/\/www.arquimaster.com.ar\/web\/wp-content\/uploads\/2020\/03\/oficinas_russell_reynolds_slide.jpg\" \/>\n<meta name=\"twitter:creator\" content=\"@arquimaster\" \/>\n<meta name=\"twitter:site\" content=\"@arquimaster\" \/>\n<meta name=\"twitter:label1\" content=\"Escrito por\" \/>\n\t<meta name=\"twitter:data1\" content=\"Arquimaster\" \/>\n\t<meta name=\"twitter:label2\" content=\"Tiempo de lectura\" \/>\n\t<meta name=\"twitter:data2\" content=\"2 minutos\" \/>\n<script type=\"application\/ld+json\" class=\"yoast-schema-graph\">{\"@context\":\"https:\\\/\\\/schema.org\",\"@graph\":[{\"@type\":\"Article\",\"@id\":\"https:\\\/\\\/www.arquimaster.com.ar\\\/web\\\/oficinas-russell-reynolds-eskema-arquitectos\\\/#article\",\"isPartOf\":{\"@id\":\"https:\\\/\\\/www.arquimaster.com.ar\\\/web\\\/oficinas-russell-reynolds-eskema-arquitectos\\\/\"},\"author\":{\"name\":\"Arquimaster\",\"@id\":\"https:\\\/\\\/www.arquimaster.com.ar\\\/web\\\/#\\\/schema\\\/person\\\/359e9f7c00193fcde068e0dd2ceb0028\"},\"headline\":\"Oficinas Russell Reynolds \\\/ Eskema Arquitectos\",\"datePublished\":\"2020-03-30T23:20:12+00:00\",\"dateModified\":\"2020-03-31T23:31:14+00:00\",\"mainEntityOfPage\":{\"@id\":\"https:\\\/\\\/www.arquimaster.com.ar\\\/web\\\/oficinas-russell-reynolds-eskema-arquitectos\\\/\"},\"wordCount\":419,\"publisher\":{\"@id\":\"https:\\\/\\\/www.arquimaster.com.ar\\\/web\\\/#organization\"},\"image\":{\"@id\":\"https:\\\/\\\/www.arquimaster.com.ar\\\/web\\\/oficinas-russell-reynolds-eskema-arquitectos\\\/#primaryimage\"},\"thumbnailUrl\":\"https:\\\/\\\/www.arquimaster.com.ar\\\/web\\\/wp-content\\\/uploads\\\/2020\\\/03\\\/oficinas_russell_reynolds_slide.jpg\",\"keywords\":[\"arquitectura corporativa\",\"Ciudad de Mexico\",\"dise\u00f1o de oficinas\",\"Eskema Arquitectos\",\"Juan Carlos Jim\u00e9nez\",\"Luis Manuel G\u00f3mez Portugal\",\"oficinas\"],\"articleSection\":[\"Arquitectura corporativa\",\"Proyecto\"],\"inLanguage\":\"es\"},{\"@type\":\"WebPage\",\"@id\":\"https:\\\/\\\/www.arquimaster.com.ar\\\/web\\\/oficinas-russell-reynolds-eskema-arquitectos\\\/\",\"url\":\"https:\\\/\\\/www.arquimaster.com.ar\\\/web\\\/oficinas-russell-reynolds-eskema-arquitectos\\\/\",\"name\":\"Oficinas Russell Reynolds \\\/ Eskema Arquitectos - Arquimaster\",\"isPartOf\":{\"@id\":\"https:\\\/\\\/www.arquimaster.com.ar\\\/web\\\/#website\"},\"primaryImageOfPage\":{\"@id\":\"https:\\\/\\\/www.arquimaster.com.ar\\\/web\\\/oficinas-russell-reynolds-eskema-arquitectos\\\/#primaryimage\"},\"image\":{\"@id\":\"https:\\\/\\\/www.arquimaster.com.ar\\\/web\\\/oficinas-russell-reynolds-eskema-arquitectos\\\/#primaryimage\"},\"thumbnailUrl\":\"https:\\\/\\\/www.arquimaster.com.ar\\\/web\\\/wp-content\\\/uploads\\\/2020\\\/03\\\/oficinas_russell_reynolds_slide.jpg\",\"datePublished\":\"2020-03-30T23:20:12+00:00\",\"dateModified\":\"2020-03-31T23:31:14+00:00\",\"description\":\"La madera es el material aplicado en pisos y muros que le da distinci\u00f3n al espacio y armoniza con los colores sobrios, complementando el dise\u00f1o elegante de la alfombra.\",\"breadcrumb\":{\"@id\":\"https:\\\/\\\/www.arquimaster.com.ar\\\/web\\\/oficinas-russell-reynolds-eskema-arquitectos\\\/#breadcrumb\"},\"inLanguage\":\"es\",\"potentialAction\":[{\"@type\":\"ReadAction\",\"target\":[\"https:\\\/\\\/www.arquimaster.com.ar\\\/web\\\/oficinas-russell-reynolds-eskema-arquitectos\\\/\"]}]},{\"@type\":\"ImageObject\",\"inLanguage\":\"es\",\"@id\":\"https:\\\/\\\/www.arquimaster.com.ar\\\/web\\\/oficinas-russell-reynolds-eskema-arquitectos\\\/#primaryimage\",\"url\":\"https:\\\/\\\/www.arquimaster.com.ar\\\/web\\\/wp-content\\\/uploads\\\/2020\\\/03\\\/oficinas_russell_reynolds_slide.jpg\",\"contentUrl\":\"https:\\\/\\\/www.arquimaster.com.ar\\\/web\\\/wp-content\\\/uploads\\\/2020\\\/03\\\/oficinas_russell_reynolds_slide.jpg\",\"width\":698,\"height\":364},{\"@type\":\"BreadcrumbList\",\"@id\":\"https:\\\/\\\/www.arquimaster.com.ar\\\/web\\\/oficinas-russell-reynolds-eskema-arquitectos\\\/#breadcrumb\",\"itemListElement\":[{\"@type\":\"ListItem\",\"position\":1,\"name\":\"Portada\",\"item\":\"https:\\\/\\\/www.arquimaster.com.ar\\\/web\\\/\"},{\"@type\":\"ListItem\",\"position\":2,\"name\":\"Oficinas Russell Reynolds \\\/ Eskema Arquitectos\"}]},{\"@type\":\"WebSite\",\"@id\":\"https:\\\/\\\/www.arquimaster.com.ar\\\/web\\\/#website\",\"url\":\"https:\\\/\\\/www.arquimaster.com.ar\\\/web\\\/\",\"name\":\"Arquimaster\",\"description\":\"Web de arquitectura, dise\u00f1o y construccion\",\"publisher\":{\"@id\":\"https:\\\/\\\/www.arquimaster.com.ar\\\/web\\\/#organization\"},\"potentialAction\":[{\"@type\":\"SearchAction\",\"target\":{\"@type\":\"EntryPoint\",\"urlTemplate\":\"https:\\\/\\\/www.arquimaster.com.ar\\\/web\\\/?s={search_term_string}\"},\"query-input\":{\"@type\":\"PropertyValueSpecification\",\"valueRequired\":true,\"valueName\":\"search_term_string\"}}],\"inLanguage\":\"es\"},{\"@type\":\"Organization\",\"@id\":\"https:\\\/\\\/www.arquimaster.com.ar\\\/web\\\/#organization\",\"name\":\"Arquimaster\",\"url\":\"https:\\\/\\\/www.arquimaster.com.ar\\\/web\\\/\",\"logo\":{\"@type\":\"ImageObject\",\"inLanguage\":\"es\",\"@id\":\"https:\\\/\\\/www.arquimaster.com.ar\\\/web\\\/#\\\/schema\\\/logo\\\/image\\\/\",\"url\":\"https:\\\/\\\/www.arquimaster.com.ar\\\/web\\\/wp-content\\\/uploads\\\/2022\\\/06\\\/arquimaster.png\",\"contentUrl\":\"https:\\\/\\\/www.arquimaster.com.ar\\\/web\\\/wp-content\\\/uploads\\\/2022\\\/06\\\/arquimaster.png\",\"width\":594,\"height\":78,\"caption\":\"Arquimaster\"},\"image\":{\"@id\":\"https:\\\/\\\/www.arquimaster.com.ar\\\/web\\\/#\\\/schema\\\/logo\\\/image\\\/\"},\"sameAs\":[\"http:\\\/\\\/www.facebook.com\\\/ARQUIMASTER.com.ar\",\"https:\\\/\\\/x.com\\\/arquimaster\",\"https:\\\/\\\/www.instagram.com\\\/arquimasterblog\\\/\",\"https:\\\/\\\/www.linkedin.com\\\/company\\\/arquimaster\",\"https:\\\/\\\/www.pinterest.com\\\/arquimaster\",\"https:\\\/\\\/t.me\\\/arquimaster\"]},{\"@type\":\"Person\",\"@id\":\"https:\\\/\\\/www.arquimaster.com.ar\\\/web\\\/#\\\/schema\\\/person\\\/359e9f7c00193fcde068e0dd2ceb0028\",\"name\":\"Arquimaster\"}]}<\/script>\n<!-- \/ Yoast SEO plugin. -->","yoast_head_json":{"title":"Oficinas Russell Reynolds \/ Eskema Arquitectos - Arquimaster","description":"La madera es el material aplicado en pisos y muros que le da distinci\u00f3n al espacio y armoniza con los colores sobrios, complementando el dise\u00f1o elegante de la alfombra.","robots":{"index":"index","follow":"follow","max-snippet":"max-snippet:-1","max-image-preview":"max-image-preview:large","max-video-preview":"max-video-preview:-1"},"canonical":"https:\/\/www.arquimaster.com.ar\/web\/oficinas-russell-reynolds-eskema-arquitectos\/","og_locale":"es_ES","og_type":"article","og_title":"Oficinas Russell Reynolds \/ Eskema Arquitectos","og_description":"La madera es el material aplicado en pisos y muros que le da distinci\u00f3n al espacio y armoniza con los colores sobrios, complementando el dise\u00f1o elegante de la alfombra.","og_url":"https:\/\/www.arquimaster.com.ar\/web\/oficinas-russell-reynolds-eskema-arquitectos\/","og_site_name":"Arquimaster","article_publisher":"http:\/\/www.facebook.com\/ARQUIMASTER.com.ar","article_published_time":"2020-03-30T23:20:12+00:00","article_modified_time":"2020-03-31T23:31:14+00:00","og_image":[{"width":698,"height":364,"url":"https:\/\/www.arquimaster.com.ar\/web\/wp-content\/uploads\/2020\/03\/oficinas_russell_reynolds_slide.jpg","type":"image\/jpeg"}],"author":"Arquimaster","twitter_card":"summary_large_image","twitter_title":"Oficinas Russell Reynolds \/ Eskema Arquitectos","twitter_description":"La madera es el material aplicado en pisos y muros que le da distinci\u00f3n al espacio y armoniza con los colores sobrios, complementando el dise\u00f1o elegante de la alfombra.","twitter_image":"https:\/\/www.arquimaster.com.ar\/web\/wp-content\/uploads\/2020\/03\/oficinas_russell_reynolds_slide.jpg","twitter_creator":"@arquimaster","twitter_site":"@arquimaster","twitter_misc":{"Escrito por":"Arquimaster","Tiempo de lectura":"2 minutos"},"schema":{"@context":"https:\/\/schema.org","@graph":[{"@type":"Article","@id":"https:\/\/www.arquimaster.com.ar\/web\/oficinas-russell-reynolds-eskema-arquitectos\/#article","isPartOf":{"@id":"https:\/\/www.arquimaster.com.ar\/web\/oficinas-russell-reynolds-eskema-arquitectos\/"},"author":{"name":"Arquimaster","@id":"https:\/\/www.arquimaster.com.ar\/web\/#\/schema\/person\/359e9f7c00193fcde068e0dd2ceb0028"},"headline":"Oficinas Russell Reynolds \/ Eskema Arquitectos","datePublished":"2020-03-30T23:20:12+00:00","dateModified":"2020-03-31T23:31:14+00:00","mainEntityOfPage":{"@id":"https:\/\/www.arquimaster.com.ar\/web\/oficinas-russell-reynolds-eskema-arquitectos\/"},"wordCount":419,"publisher":{"@id":"https:\/\/www.arquimaster.com.ar\/web\/#organization"},"image":{"@id":"https:\/\/www.arquimaster.com.ar\/web\/oficinas-russell-reynolds-eskema-arquitectos\/#primaryimage"},"thumbnailUrl":"https:\/\/www.arquimaster.com.ar\/web\/wp-content\/uploads\/2020\/03\/oficinas_russell_reynolds_slide.jpg","keywords":["arquitectura corporativa","Ciudad de Mexico","dise\u00f1o de oficinas","Eskema Arquitectos","Juan Carlos Jim\u00e9nez","Luis Manuel G\u00f3mez Portugal","oficinas"],"articleSection":["Arquitectura corporativa","Proyecto"],"inLanguage":"es"},{"@type":"WebPage","@id":"https:\/\/www.arquimaster.com.ar\/web\/oficinas-russell-reynolds-eskema-arquitectos\/","url":"https:\/\/www.arquimaster.com.ar\/web\/oficinas-russell-reynolds-eskema-arquitectos\/","name":"Oficinas Russell Reynolds \/ Eskema Arquitectos - Arquimaster","isPartOf":{"@id":"https:\/\/www.arquimaster.com.ar\/web\/#website"},"primaryImageOfPage":{"@id":"https:\/\/www.arquimaster.com.ar\/web\/oficinas-russell-reynolds-eskema-arquitectos\/#primaryimage"},"image":{"@id":"https:\/\/www.arquimaster.com.ar\/web\/oficinas-russell-reynolds-eskema-arquitectos\/#primaryimage"},"thumbnailUrl":"https:\/\/www.arquimaster.com.ar\/web\/wp-content\/uploads\/2020\/03\/oficinas_russell_reynolds_slide.jpg","datePublished":"2020-03-30T23:20:12+00:00","dateModified":"2020-03-31T23:31:14+00:00","description":"La madera es el material aplicado en pisos y muros que le da distinci\u00f3n al espacio y armoniza con los colores sobrios, complementando el dise\u00f1o elegante de la alfombra.","breadcrumb":{"@id":"https:\/\/www.arquimaster.com.ar\/web\/oficinas-russell-reynolds-eskema-arquitectos\/#breadcrumb"},"inLanguage":"es","potentialAction":[{"@type":"ReadAction","target":["https:\/\/www.arquimaster.com.ar\/web\/oficinas-russell-reynolds-eskema-arquitectos\/"]}]},{"@type":"ImageObject","inLanguage":"es","@id":"https:\/\/www.arquimaster.com.ar\/web\/oficinas-russell-reynolds-eskema-arquitectos\/#primaryimage","url":"https:\/\/www.arquimaster.com.ar\/web\/wp-content\/uploads\/2020\/03\/oficinas_russell_reynolds_slide.jpg","contentUrl":"https:\/\/www.arquimaster.com.ar\/web\/wp-content\/uploads\/2020\/03\/oficinas_russell_reynolds_slide.jpg","width":698,"height":364},{"@type":"BreadcrumbList","@id":"https:\/\/www.arquimaster.com.ar\/web\/oficinas-russell-reynolds-eskema-arquitectos\/#breadcrumb","itemListElement":[{"@type":"ListItem","position":1,"name":"Portada","item":"https:\/\/www.arquimaster.com.ar\/web\/"},{"@type":"ListItem","position":2,"name":"Oficinas Russell Reynolds \/ Eskema Arquitectos"}]},{"@type":"WebSite","@id":"https:\/\/www.arquimaster.com.ar\/web\/#website","url":"https:\/\/www.arquimaster.com.ar\/web\/","name":"Arquimaster","description":"Web de arquitectura, dise\u00f1o y construccion","publisher":{"@id":"https:\/\/www.arquimaster.com.ar\/web\/#organization"},"potentialAction":[{"@type":"SearchAction","target":{"@type":"EntryPoint","urlTemplate":"https:\/\/www.arquimaster.com.ar\/web\/?s={search_term_string}"},"query-input":{"@type":"PropertyValueSpecification","valueRequired":true,"valueName":"search_term_string"}}],"inLanguage":"es"},{"@type":"Organization","@id":"https:\/\/www.arquimaster.com.ar\/web\/#organization","name":"Arquimaster","url":"https:\/\/www.arquimaster.com.ar\/web\/","logo":{"@type":"ImageObject","inLanguage":"es","@id":"https:\/\/www.arquimaster.com.ar\/web\/#\/schema\/logo\/image\/","url":"https:\/\/www.arquimaster.com.ar\/web\/wp-content\/uploads\/2022\/06\/arquimaster.png","contentUrl":"https:\/\/www.arquimaster.com.ar\/web\/wp-content\/uploads\/2022\/06\/arquimaster.png","width":594,"height":78,"caption":"Arquimaster"},"image":{"@id":"https:\/\/www.arquimaster.com.ar\/web\/#\/schema\/logo\/image\/"},"sameAs":["http:\/\/www.facebook.com\/ARQUIMASTER.com.ar","https:\/\/x.com\/arquimaster","https:\/\/www.instagram.com\/arquimasterblog\/","https:\/\/www.linkedin.com\/company\/arquimaster","https:\/\/www.pinterest.com\/arquimaster","https:\/\/t.me\/arquimaster"]},{"@type":"Person","@id":"https:\/\/www.arquimaster.com.ar\/web\/#\/schema\/person\/359e9f7c00193fcde068e0dd2ceb0028","name":"Arquimaster"}]}},"uagb_featured_image_src":{"full":["https:\/\/www.arquimaster.com.ar\/web\/wp-content\/uploads\/2020\/03\/oficinas_russell_reynolds_slide.jpg",698,364,false],"thumbnail":["https:\/\/www.arquimaster.com.ar\/web\/wp-content\/uploads\/2020\/03\/oficinas_russell_reynolds_slide-150x150.jpg",150,150,true],"medium":["https:\/\/www.arquimaster.com.ar\/web\/wp-content\/uploads\/2020\/03\/oficinas_russell_reynolds_slide.jpg",698,364,false],"medium_large":["https:\/\/www.arquimaster.com.ar\/web\/wp-content\/uploads\/2020\/03\/oficinas_russell_reynolds_slide.jpg",698,364,false],"large":["https:\/\/www.arquimaster.com.ar\/web\/wp-content\/uploads\/2020\/03\/oficinas_russell_reynolds_slide.jpg",698,364,false],"1536x1536":["https:\/\/www.arquimaster.com.ar\/web\/wp-content\/uploads\/2020\/03\/oficinas_russell_reynolds_slide.jpg",698,364,false],"2048x2048":["https:\/\/www.arquimaster.com.ar\/web\/wp-content\/uploads\/2020\/03\/oficinas_russell_reynolds_slide.jpg",698,364,false]},"uagb_author_info":{"display_name":"Arquimaster","author_link":"https:\/\/www.arquimaster.com.ar\/web\/author\/arquimaster\/"},"uagb_comment_info":0,"uagb_excerpt":"La madera es el material aplicado en pisos y muros que le da distinci\u00f3n al espacio...","_links":{"self":[{"href":"https:\/\/www.arquimaster.com.ar\/web\/wp-json\/wp\/v2\/posts\/54102","targetHints":{"allow":["GET"]}}],"collection":[{"href":"https:\/\/www.arquimaster.com.ar\/web\/wp-json\/wp\/v2\/posts"}],"about":[{"href":"https:\/\/www.arquimaster.com.ar\/web\/wp-json\/wp\/v2\/types\/post"}],"author":[{"embeddable":true,"href":"https:\/\/www.arquimaster.com.ar\/web\/wp-json\/wp\/v2\/users\/1"}],"replies":[{"embeddable":true,"href":"https:\/\/www.arquimaster.com.ar\/web\/wp-json\/wp\/v2\/comments?post=54102"}],"version-history":[{"count":1,"href":"https:\/\/www.arquimaster.com.ar\/web\/wp-json\/wp\/v2\/posts\/54102\/revisions"}],"predecessor-version":[{"id":54118,"href":"https:\/\/www.arquimaster.com.ar\/web\/wp-json\/wp\/v2\/posts\/54102\/revisions\/54118"}],"wp:featuredmedia":[{"embeddable":true,"href":"https:\/\/www.arquimaster.com.ar\/web\/wp-json\/wp\/v2\/media\/54104"}],"wp:attachment":[{"href":"https:\/\/www.arquimaster.com.ar\/web\/wp-json\/wp\/v2\/media?parent=54102"}],"wp:term":[{"taxonomy":"category","embeddable":true,"href":"https:\/\/www.arquimaster.com.ar\/web\/wp-json\/wp\/v2\/categories?post=54102"},{"taxonomy":"post_tag","embeddable":true,"href":"https:\/\/www.arquimaster.com.ar\/web\/wp-json\/wp\/v2\/tags?post=54102"}],"curies":[{"name":"wp","href":"https:\/\/api.w.org\/{rel}","templated":true}]}}