{"id":54527,"date":"2020-04-15T21:25:00","date_gmt":"2020-04-16T00:25:00","guid":{"rendered":"https:\/\/www.arquimaster.com.ar\/web\/?p=54527"},"modified":"2020-04-15T23:31:13","modified_gmt":"2020-04-16T02:31:13","slug":"oficina-abanico-arq-agustina-mussari","status":"publish","type":"post","link":"https:\/\/www.arquimaster.com.ar\/web\/oficina-abanico-arq-agustina-mussari\/","title":{"rendered":"Oficina Abanico \/ Arq. Agustina Mussari"},"content":{"rendered":"<div style=\"margin-top: 0px; margin-bottom: 0px;\" class=\"sharethis-inline-share-buttons\" ><\/div><div class=\"b812932af2e751442846f039925109de\" data-index=\"1\" style=\"float: none; margin:25px 0 25px 0; text-align:center;\">\n<script async src=\"https:\/\/pagead2.googlesyndication.com\/pagead\/js\/adsbygoogle.js\"><\/script>\r\n<!-- Arquimaster (superior) -->\r\n<ins class=\"adsbygoogle\"\r\n     style=\"display:block\"\r\n     data-ad-client=\"ca-pub-6351072698456832\"\r\n     data-ad-slot=\"6455489680\"\r\n     data-ad-format=\"auto\"\r\n     data-full-width-responsive=\"true\"><\/ins>\r\n<script>\r\n     (adsbygoogle = window.adsbygoogle || []).push({});\r\n<\/script>\n<\/div>\n<p><strong>Oficina Abanico<\/strong> (San Miguel de Tucuman, Pcia. de Tucum\u00e1n, Argentina) por <strong>Arq. Agustina Mussari<\/strong>. Para el dise\u00f1o de esta oficina, la misma fue planteada por el cliente como un lugar din\u00e1mico, con mucha personalidad, car\u00e1cter y agradable a los usuarios que serian gente joven que trabajar\u00eda en aplicaciones para celulares, se resolvi\u00f3 con muebles hechos a medida. Se dise\u00f1aron los escritorios en melamina tipo concreto con una bandeja debajo para colocar papeles, lapiceras, etc. para que el escritorio, que ser\u00eda para 12 personas este libre de objetos. Al mismo se le agreg\u00f3, en la parte central, un volumen de melamina grafito donde se colocaron tomas para las notebooks.<\/p>\n<div id='gallery-1' class='gallery galleryid-54527 gallery-columns-3 gallery-size-thumbnail'><figure class='gallery-item'>\n\t\t\t<div class='gallery-icon landscape'>\n\t\t\t\t<a href='https:\/\/www.arquimaster.com.ar\/web\/wp-content\/uploads\/2020\/04\/oficina_abanico1.jpg' title=\"Oficina Abanico \/ Arq. Agustina Mussari\" data-rl_title=\"Oficina Abanico \/ Arq. Agustina Mussari\" class=\"rl-gallery-link\" data-rl_caption=\"Oficina Abanico \/ Arq. Agustina Mussari\" data-rel=\"lightbox-gallery-1\"><img loading=\"lazy\" decoding=\"async\" width=\"150\" height=\"150\" src=\"https:\/\/www.arquimaster.com.ar\/web\/wp-content\/uploads\/2020\/04\/oficina_abanico1-150x150.jpg\" class=\"attachment-thumbnail size-thumbnail\" alt=\"\" aria-describedby=\"gallery-1-54529\" \/><\/a>\n\t\t\t<\/div>\n\t\t\t\t<figcaption class='wp-caption-text gallery-caption' id='gallery-1-54529'>\n\t\t\t\tOficina Abanico \/ Arq. Agustina Mussari\n\t\t\t\t<\/figcaption><\/figure><figure class='gallery-item'>\n\t\t\t<div class='gallery-icon landscape'>\n\t\t\t\t<a href='https:\/\/www.arquimaster.com.ar\/web\/wp-content\/uploads\/2020\/04\/oficina_abanico2.jpg' title=\"Oficina Abanico \/ Arq. Agustina Mussari\" data-rl_title=\"Oficina Abanico \/ Arq. Agustina Mussari\" class=\"rl-gallery-link\" data-rl_caption=\"Oficina Abanico \/ Arq. Agustina Mussari\" data-rel=\"lightbox-gallery-1\"><img loading=\"lazy\" decoding=\"async\" width=\"150\" height=\"150\" src=\"https:\/\/www.arquimaster.com.ar\/web\/wp-content\/uploads\/2020\/04\/oficina_abanico2-150x150.jpg\" class=\"attachment-thumbnail size-thumbnail\" alt=\"\" aria-describedby=\"gallery-1-54530\" srcset=\"https:\/\/www.arquimaster.com.ar\/web\/wp-content\/uploads\/2020\/04\/oficina_abanico2-150x150.jpg 150w, https:\/\/www.arquimaster.com.ar\/web\/wp-content\/uploads\/2020\/04\/oficina_abanico2-1024x1024.jpg 1024w, https:\/\/www.arquimaster.com.ar\/web\/wp-content\/uploads\/2020\/04\/oficina_abanico2-768x768.jpg 768w, https:\/\/www.arquimaster.com.ar\/web\/wp-content\/uploads\/2020\/04\/oficina_abanico2.jpg 1500w\" sizes=\"auto, (max-width: 150px) 100vw, 150px\" \/><\/a>\n\t\t\t<\/div>\n\t\t\t\t<figcaption class='wp-caption-text gallery-caption' id='gallery-1-54530'>\n\t\t\t\tOficina Abanico \/ Arq. Agustina Mussari\n\t\t\t\t<\/figcaption><\/figure><figure class='gallery-item'>\n\t\t\t<div class='gallery-icon landscape'>\n\t\t\t\t<a href='https:\/\/www.arquimaster.com.ar\/web\/wp-content\/uploads\/2020\/04\/oficina_abanico3.jpg' title=\"Oficina Abanico \/ Arq. Agustina Mussari\" data-rl_title=\"Oficina Abanico \/ Arq. Agustina Mussari\" class=\"rl-gallery-link\" data-rl_caption=\"Oficina Abanico \/ Arq. Agustina Mussari\" data-rel=\"lightbox-gallery-1\"><img loading=\"lazy\" decoding=\"async\" width=\"150\" height=\"150\" src=\"https:\/\/www.arquimaster.com.ar\/web\/wp-content\/uploads\/2020\/04\/oficina_abanico3-150x150.jpg\" class=\"attachment-thumbnail size-thumbnail\" alt=\"\" aria-describedby=\"gallery-1-54531\" srcset=\"https:\/\/www.arquimaster.com.ar\/web\/wp-content\/uploads\/2020\/04\/oficina_abanico3-150x150.jpg 150w, https:\/\/www.arquimaster.com.ar\/web\/wp-content\/uploads\/2020\/04\/oficina_abanico3-1024x1024.jpg 1024w, https:\/\/www.arquimaster.com.ar\/web\/wp-content\/uploads\/2020\/04\/oficina_abanico3-768x768.jpg 768w, https:\/\/www.arquimaster.com.ar\/web\/wp-content\/uploads\/2020\/04\/oficina_abanico3.jpg 1500w\" sizes=\"auto, (max-width: 150px) 100vw, 150px\" \/><\/a>\n\t\t\t<\/div>\n\t\t\t\t<figcaption class='wp-caption-text gallery-caption' id='gallery-1-54531'>\n\t\t\t\tOficina Abanico \/ Arq. Agustina Mussari\n\t\t\t\t<\/figcaption><\/figure><figure class='gallery-item'>\n\t\t\t<div class='gallery-icon portrait'>\n\t\t\t\t<a href='https:\/\/www.arquimaster.com.ar\/web\/wp-content\/uploads\/2020\/04\/oficina_abanico4.jpg' title=\"Oficina Abanico \/ Arq. Agustina Mussari\" data-rl_title=\"Oficina Abanico \/ Arq. Agustina Mussari\" class=\"rl-gallery-link\" data-rl_caption=\"Oficina Abanico \/ Arq. Agustina Mussari\" data-rel=\"lightbox-gallery-1\"><img loading=\"lazy\" decoding=\"async\" width=\"150\" height=\"150\" src=\"https:\/\/www.arquimaster.com.ar\/web\/wp-content\/uploads\/2020\/04\/oficina_abanico4-150x150.jpg\" class=\"attachment-thumbnail size-thumbnail\" alt=\"\" aria-describedby=\"gallery-1-54532\" \/><\/a>\n\t\t\t<\/div>\n\t\t\t\t<figcaption class='wp-caption-text gallery-caption' id='gallery-1-54532'>\n\t\t\t\tOficina Abanico \/ Arq. Agustina Mussari\n\t\t\t\t<\/figcaption><\/figure><figure class='gallery-item'>\n\t\t\t<div class='gallery-icon portrait'>\n\t\t\t\t<a href='https:\/\/www.arquimaster.com.ar\/web\/wp-content\/uploads\/2020\/04\/oficina_abanico5.jpg' title=\"Oficina Abanico \/ Arq. Agustina Mussari\" data-rl_title=\"Oficina Abanico \/ Arq. Agustina Mussari\" class=\"rl-gallery-link\" data-rl_caption=\"Oficina Abanico \/ Arq. Agustina Mussari\" data-rel=\"lightbox-gallery-1\"><img loading=\"lazy\" decoding=\"async\" width=\"150\" height=\"150\" src=\"https:\/\/www.arquimaster.com.ar\/web\/wp-content\/uploads\/2020\/04\/oficina_abanico5-150x150.jpg\" class=\"attachment-thumbnail size-thumbnail\" alt=\"\" aria-describedby=\"gallery-1-54533\" \/><\/a>\n\t\t\t<\/div>\n\t\t\t\t<figcaption class='wp-caption-text gallery-caption' id='gallery-1-54533'>\n\t\t\t\tOficina Abanico \/ Arq. Agustina Mussari\n\t\t\t\t<\/figcaption><\/figure><figure class='gallery-item'>\n\t\t\t<div class='gallery-icon portrait'>\n\t\t\t\t<a href='https:\/\/www.arquimaster.com.ar\/web\/wp-content\/uploads\/2020\/04\/oficina_abanico6.jpg' title=\"Oficina Abanico \/ Arq. Agustina Mussari\" data-rl_title=\"Oficina Abanico \/ Arq. Agustina Mussari\" class=\"rl-gallery-link\" data-rl_caption=\"Oficina Abanico \/ Arq. Agustina Mussari\" data-rel=\"lightbox-gallery-1\"><img loading=\"lazy\" decoding=\"async\" width=\"150\" height=\"150\" src=\"https:\/\/www.arquimaster.com.ar\/web\/wp-content\/uploads\/2020\/04\/oficina_abanico6-150x150.jpg\" class=\"attachment-thumbnail size-thumbnail\" alt=\"\" aria-describedby=\"gallery-1-54534\" \/><\/a>\n\t\t\t<\/div>\n\t\t\t\t<figcaption class='wp-caption-text gallery-caption' id='gallery-1-54534'>\n\t\t\t\tOficina Abanico \/ Arq. Agustina Mussari\n\t\t\t\t<\/figcaption><\/figure><figure class='gallery-item'>\n\t\t\t<div class='gallery-icon portrait'>\n\t\t\t\t<a href='https:\/\/www.arquimaster.com.ar\/web\/wp-content\/uploads\/2020\/04\/oficina_abanico7.jpg' title=\"Oficina Abanico \/ Arq. Agustina Mussari\" data-rl_title=\"Oficina Abanico \/ Arq. Agustina Mussari\" class=\"rl-gallery-link\" data-rl_caption=\"Oficina Abanico \/ Arq. Agustina Mussari\" data-rel=\"lightbox-gallery-1\"><img loading=\"lazy\" decoding=\"async\" width=\"150\" height=\"150\" src=\"https:\/\/www.arquimaster.com.ar\/web\/wp-content\/uploads\/2020\/04\/oficina_abanico7-150x150.jpg\" class=\"attachment-thumbnail size-thumbnail\" alt=\"\" aria-describedby=\"gallery-1-54535\" \/><\/a>\n\t\t\t<\/div>\n\t\t\t\t<figcaption class='wp-caption-text gallery-caption' id='gallery-1-54535'>\n\t\t\t\tOficina Abanico \/ Arq. Agustina Mussari\n\t\t\t\t<\/figcaption><\/figure><figure class='gallery-item'>\n\t\t\t<div class='gallery-icon landscape'>\n\t\t\t\t<a href='https:\/\/www.arquimaster.com.ar\/web\/wp-content\/uploads\/2020\/04\/oficina_abanico8.jpg' title=\"Oficina Abanico \/ Arq. Agustina Mussari\" data-rl_title=\"Oficina Abanico \/ Arq. Agustina Mussari\" class=\"rl-gallery-link\" data-rl_caption=\"Oficina Abanico \/ Arq. Agustina Mussari\" data-rel=\"lightbox-gallery-1\"><img loading=\"lazy\" decoding=\"async\" width=\"150\" height=\"150\" src=\"https:\/\/www.arquimaster.com.ar\/web\/wp-content\/uploads\/2020\/04\/oficina_abanico8-150x150.jpg\" class=\"attachment-thumbnail size-thumbnail\" alt=\"\" aria-describedby=\"gallery-1-54536\" srcset=\"https:\/\/www.arquimaster.com.ar\/web\/wp-content\/uploads\/2020\/04\/oficina_abanico8-150x150.jpg 150w, https:\/\/www.arquimaster.com.ar\/web\/wp-content\/uploads\/2020\/04\/oficina_abanico8-1024x1024.jpg 1024w, https:\/\/www.arquimaster.com.ar\/web\/wp-content\/uploads\/2020\/04\/oficina_abanico8-768x768.jpg 768w, https:\/\/www.arquimaster.com.ar\/web\/wp-content\/uploads\/2020\/04\/oficina_abanico8.jpg 1500w\" sizes=\"auto, (max-width: 150px) 100vw, 150px\" \/><\/a>\n\t\t\t<\/div>\n\t\t\t\t<figcaption class='wp-caption-text gallery-caption' id='gallery-1-54536'>\n\t\t\t\tOficina Abanico \/ Arq. Agustina Mussari\n\t\t\t\t<\/figcaption><\/figure><figure class='gallery-item'>\n\t\t\t<div class='gallery-icon portrait'>\n\t\t\t\t<a href='https:\/\/www.arquimaster.com.ar\/web\/wp-content\/uploads\/2020\/04\/oficina_abanico9.jpg' title=\"Oficina Abanico \/ Arq. Agustina Mussari\" data-rl_title=\"Oficina Abanico \/ Arq. Agustina Mussari\" class=\"rl-gallery-link\" data-rl_caption=\"Oficina Abanico \/ Arq. Agustina Mussari\" data-rel=\"lightbox-gallery-1\"><img loading=\"lazy\" decoding=\"async\" width=\"150\" height=\"150\" src=\"https:\/\/www.arquimaster.com.ar\/web\/wp-content\/uploads\/2020\/04\/oficina_abanico9-150x150.jpg\" class=\"attachment-thumbnail size-thumbnail\" alt=\"\" aria-describedby=\"gallery-1-54537\" \/><\/a>\n\t\t\t<\/div>\n\t\t\t\t<figcaption class='wp-caption-text gallery-caption' id='gallery-1-54537'>\n\t\t\t\tOficina Abanico \/ Arq. Agustina Mussari\n\t\t\t\t<\/figcaption><\/figure><figure class='gallery-item'>\n\t\t\t<div class='gallery-icon portrait'>\n\t\t\t\t<a href='https:\/\/www.arquimaster.com.ar\/web\/wp-content\/uploads\/2020\/04\/oficina_abanico10.jpg' title=\"Oficina Abanico \/ Arq. Agustina Mussari\" data-rl_title=\"Oficina Abanico \/ Arq. Agustina Mussari\" class=\"rl-gallery-link\" data-rl_caption=\"Oficina Abanico \/ Arq. Agustina Mussari\" data-rel=\"lightbox-gallery-1\"><img loading=\"lazy\" decoding=\"async\" width=\"150\" height=\"150\" src=\"https:\/\/www.arquimaster.com.ar\/web\/wp-content\/uploads\/2020\/04\/oficina_abanico10-150x150.jpg\" class=\"attachment-thumbnail size-thumbnail\" alt=\"\" aria-describedby=\"gallery-1-54538\" \/><\/a>\n\t\t\t<\/div>\n\t\t\t\t<figcaption class='wp-caption-text gallery-caption' id='gallery-1-54538'>\n\t\t\t\tOficina Abanico \/ Arq. Agustina Mussari\n\t\t\t\t<\/figcaption><\/figure><figure class='gallery-item'>\n\t\t\t<div class='gallery-icon landscape'>\n\t\t\t\t<a href='https:\/\/www.arquimaster.com.ar\/web\/wp-content\/uploads\/2020\/04\/oficina_abanico11.jpg' title=\"Oficina Abanico \/ Arq. Agustina Mussari\" data-rl_title=\"Oficina Abanico \/ Arq. Agustina Mussari\" class=\"rl-gallery-link\" data-rl_caption=\"Oficina Abanico \/ Arq. Agustina Mussari\" data-rel=\"lightbox-gallery-1\"><img loading=\"lazy\" decoding=\"async\" width=\"150\" height=\"150\" src=\"https:\/\/www.arquimaster.com.ar\/web\/wp-content\/uploads\/2020\/04\/oficina_abanico11-150x150.jpg\" class=\"attachment-thumbnail size-thumbnail\" alt=\"\" aria-describedby=\"gallery-1-54539\" srcset=\"https:\/\/www.arquimaster.com.ar\/web\/wp-content\/uploads\/2020\/04\/oficina_abanico11-150x150.jpg 150w, https:\/\/www.arquimaster.com.ar\/web\/wp-content\/uploads\/2020\/04\/oficina_abanico11-1024x1024.jpg 1024w, https:\/\/www.arquimaster.com.ar\/web\/wp-content\/uploads\/2020\/04\/oficina_abanico11-768x768.jpg 768w, https:\/\/www.arquimaster.com.ar\/web\/wp-content\/uploads\/2020\/04\/oficina_abanico11.jpg 1500w\" sizes=\"auto, (max-width: 150px) 100vw, 150px\" \/><\/a>\n\t\t\t<\/div>\n\t\t\t\t<figcaption class='wp-caption-text gallery-caption' id='gallery-1-54539'>\n\t\t\t\tOficina Abanico \/ Arq. Agustina Mussari\n\t\t\t\t<\/figcaption><\/figure><figure class='gallery-item'>\n\t\t\t<div class='gallery-icon landscape'>\n\t\t\t\t<a href='https:\/\/www.arquimaster.com.ar\/web\/wp-content\/uploads\/2020\/04\/oficina_abanico12.jpg' title=\"Oficina Abanico \/ Arq. Agustina Mussari\" data-rl_title=\"Oficina Abanico \/ Arq. Agustina Mussari\" class=\"rl-gallery-link\" data-rl_caption=\"Oficina Abanico \/ Arq. Agustina Mussari\" data-rel=\"lightbox-gallery-1\"><img loading=\"lazy\" decoding=\"async\" width=\"150\" height=\"150\" src=\"https:\/\/www.arquimaster.com.ar\/web\/wp-content\/uploads\/2020\/04\/oficina_abanico12-150x150.jpg\" class=\"attachment-thumbnail size-thumbnail\" alt=\"\" aria-describedby=\"gallery-1-54540\" srcset=\"https:\/\/www.arquimaster.com.ar\/web\/wp-content\/uploads\/2020\/04\/oficina_abanico12-150x150.jpg 150w, https:\/\/www.arquimaster.com.ar\/web\/wp-content\/uploads\/2020\/04\/oficina_abanico12-1024x1024.jpg 1024w, https:\/\/www.arquimaster.com.ar\/web\/wp-content\/uploads\/2020\/04\/oficina_abanico12-768x768.jpg 768w, https:\/\/www.arquimaster.com.ar\/web\/wp-content\/uploads\/2020\/04\/oficina_abanico12.jpg 1500w\" sizes=\"auto, (max-width: 150px) 100vw, 150px\" \/><\/a>\n\t\t\t<\/div>\n\t\t\t\t<figcaption class='wp-caption-text gallery-caption' id='gallery-1-54540'>\n\t\t\t\tOficina Abanico \/ Arq. Agustina Mussari\n\t\t\t\t<\/figcaption><\/figure><figure class='gallery-item'>\n\t\t\t<div class='gallery-icon portrait'>\n\t\t\t\t<a href='https:\/\/www.arquimaster.com.ar\/web\/wp-content\/uploads\/2020\/04\/oficina_abanico13.jpg' title=\"Oficina Abanico \/ Arq. Agustina Mussari\" data-rl_title=\"Oficina Abanico \/ Arq. Agustina Mussari\" class=\"rl-gallery-link\" data-rl_caption=\"Oficina Abanico \/ Arq. Agustina Mussari\" data-rel=\"lightbox-gallery-1\"><img loading=\"lazy\" decoding=\"async\" width=\"150\" height=\"150\" src=\"https:\/\/www.arquimaster.com.ar\/web\/wp-content\/uploads\/2020\/04\/oficina_abanico13-150x150.jpg\" class=\"attachment-thumbnail size-thumbnail\" alt=\"\" aria-describedby=\"gallery-1-54541\" \/><\/a>\n\t\t\t<\/div>\n\t\t\t\t<figcaption class='wp-caption-text gallery-caption' id='gallery-1-54541'>\n\t\t\t\tOficina Abanico \/ Arq. Agustina Mussari\n\t\t\t\t<\/figcaption><\/figure><figure class='gallery-item'>\n\t\t\t<div class='gallery-icon landscape'>\n\t\t\t\t<a href='https:\/\/www.arquimaster.com.ar\/web\/wp-content\/uploads\/2020\/04\/oficina_abanico14.jpg' title=\"Oficina Abanico \/ Arq. Agustina Mussari\" data-rl_title=\"Oficina Abanico \/ Arq. Agustina Mussari\" class=\"rl-gallery-link\" data-rl_caption=\"Oficina Abanico \/ Arq. Agustina Mussari\" data-rel=\"lightbox-gallery-1\"><img loading=\"lazy\" decoding=\"async\" width=\"150\" height=\"150\" src=\"https:\/\/www.arquimaster.com.ar\/web\/wp-content\/uploads\/2020\/04\/oficina_abanico14-150x150.jpg\" class=\"attachment-thumbnail size-thumbnail\" alt=\"\" aria-describedby=\"gallery-1-54542\" srcset=\"https:\/\/www.arquimaster.com.ar\/web\/wp-content\/uploads\/2020\/04\/oficina_abanico14-150x150.jpg 150w, https:\/\/www.arquimaster.com.ar\/web\/wp-content\/uploads\/2020\/04\/oficina_abanico14-1024x1024.jpg 1024w, https:\/\/www.arquimaster.com.ar\/web\/wp-content\/uploads\/2020\/04\/oficina_abanico14-768x768.jpg 768w, https:\/\/www.arquimaster.com.ar\/web\/wp-content\/uploads\/2020\/04\/oficina_abanico14.jpg 1500w\" sizes=\"auto, (max-width: 150px) 100vw, 150px\" \/><\/a>\n\t\t\t<\/div>\n\t\t\t\t<figcaption class='wp-caption-text gallery-caption' id='gallery-1-54542'>\n\t\t\t\tOficina Abanico \/ Arq. Agustina Mussari\n\t\t\t\t<\/figcaption><\/figure><figure class='gallery-item'>\n\t\t\t<div class='gallery-icon landscape'>\n\t\t\t\t<a href='https:\/\/www.arquimaster.com.ar\/web\/wp-content\/uploads\/2020\/04\/oficina_abanico15.jpg' title=\"Oficina Abanico \/ Arq. Agustina Mussari\" data-rl_title=\"Oficina Abanico \/ Arq. Agustina Mussari\" class=\"rl-gallery-link\" data-rl_caption=\"Oficina Abanico \/ Arq. Agustina Mussari\" data-rel=\"lightbox-gallery-1\"><img loading=\"lazy\" decoding=\"async\" width=\"150\" height=\"150\" src=\"https:\/\/www.arquimaster.com.ar\/web\/wp-content\/uploads\/2020\/04\/oficina_abanico15-150x150.jpg\" class=\"attachment-thumbnail size-thumbnail\" alt=\"\" aria-describedby=\"gallery-1-54543\" \/><\/a>\n\t\t\t<\/div>\n\t\t\t\t<figcaption class='wp-caption-text gallery-caption' id='gallery-1-54543'>\n\t\t\t\tOficina Abanico \/ Arq. Agustina Mussari\n\t\t\t\t<\/figcaption><\/figure><figure class='gallery-item'>\n\t\t\t<div class='gallery-icon portrait'>\n\t\t\t\t<a href='https:\/\/www.arquimaster.com.ar\/web\/wp-content\/uploads\/2020\/04\/oficina_abanico16.jpg' title=\"Oficina Abanico \/ Arq. Agustina Mussari\" data-rl_title=\"Oficina Abanico \/ Arq. Agustina Mussari\" class=\"rl-gallery-link\" data-rl_caption=\"Oficina Abanico \/ Arq. Agustina Mussari\" data-rel=\"lightbox-gallery-1\"><img loading=\"lazy\" decoding=\"async\" width=\"150\" height=\"150\" src=\"https:\/\/www.arquimaster.com.ar\/web\/wp-content\/uploads\/2020\/04\/oficina_abanico16-150x150.jpg\" class=\"attachment-thumbnail size-thumbnail\" alt=\"\" aria-describedby=\"gallery-1-54544\" \/><\/a>\n\t\t\t<\/div>\n\t\t\t\t<figcaption class='wp-caption-text gallery-caption' id='gallery-1-54544'>\n\t\t\t\tOficina Abanico \/ Arq. Agustina Mussari\n\t\t\t\t<\/figcaption><\/figure><figure class='gallery-item'>\n\t\t\t<div class='gallery-icon landscape'>\n\t\t\t\t<a href='https:\/\/www.arquimaster.com.ar\/web\/wp-content\/uploads\/2020\/04\/oficina_abanico17.jpg' title=\"Oficina Abanico \/ Arq. Agustina Mussari\" data-rl_title=\"Oficina Abanico \/ Arq. Agustina Mussari\" class=\"rl-gallery-link\" data-rl_caption=\"Oficina Abanico \/ Arq. Agustina Mussari\" data-rel=\"lightbox-gallery-1\"><img loading=\"lazy\" decoding=\"async\" width=\"150\" height=\"150\" src=\"https:\/\/www.arquimaster.com.ar\/web\/wp-content\/uploads\/2020\/04\/oficina_abanico17-150x150.jpg\" class=\"attachment-thumbnail size-thumbnail\" alt=\"\" aria-describedby=\"gallery-1-54545\" srcset=\"https:\/\/www.arquimaster.com.ar\/web\/wp-content\/uploads\/2020\/04\/oficina_abanico17-150x150.jpg 150w, https:\/\/www.arquimaster.com.ar\/web\/wp-content\/uploads\/2020\/04\/oficina_abanico17-1024x1024.jpg 1024w, https:\/\/www.arquimaster.com.ar\/web\/wp-content\/uploads\/2020\/04\/oficina_abanico17-768x768.jpg 768w, https:\/\/www.arquimaster.com.ar\/web\/wp-content\/uploads\/2020\/04\/oficina_abanico17.jpg 1500w\" sizes=\"auto, (max-width: 150px) 100vw, 150px\" \/><\/a>\n\t\t\t<\/div>\n\t\t\t\t<figcaption class='wp-caption-text gallery-caption' id='gallery-1-54545'>\n\t\t\t\tOficina Abanico \/ Arq. Agustina Mussari\n\t\t\t\t<\/figcaption><\/figure><figure class='gallery-item'>\n\t\t\t<div class='gallery-icon portrait'>\n\t\t\t\t<a href='https:\/\/www.arquimaster.com.ar\/web\/wp-content\/uploads\/2020\/04\/oficina_abanico18.jpg' title=\"Oficina Abanico \/ Arq. Agustina Mussari\" data-rl_title=\"Oficina Abanico \/ Arq. Agustina Mussari\" class=\"rl-gallery-link\" data-rl_caption=\"Oficina Abanico \/ Arq. Agustina Mussari\" data-rel=\"lightbox-gallery-1\"><img loading=\"lazy\" decoding=\"async\" width=\"150\" height=\"150\" src=\"https:\/\/www.arquimaster.com.ar\/web\/wp-content\/uploads\/2020\/04\/oficina_abanico18-150x150.jpg\" class=\"attachment-thumbnail size-thumbnail\" alt=\"\" aria-describedby=\"gallery-1-54546\" \/><\/a>\n\t\t\t<\/div>\n\t\t\t\t<figcaption class='wp-caption-text gallery-caption' id='gallery-1-54546'>\n\t\t\t\tOficina Abanico \/ Arq. Agustina Mussari\n\t\t\t\t<\/figcaption><\/figure><figure class='gallery-item'>\n\t\t\t<div class='gallery-icon landscape'>\n\t\t\t\t<a href='https:\/\/www.arquimaster.com.ar\/web\/wp-content\/uploads\/2020\/04\/oficina_abanico19.jpg' title=\"Oficina Abanico \/ Arq. Agustina Mussari\" data-rl_title=\"Oficina Abanico \/ Arq. Agustina Mussari\" class=\"rl-gallery-link\" data-rl_caption=\"Oficina Abanico \/ Arq. Agustina Mussari\" data-rel=\"lightbox-gallery-1\"><img loading=\"lazy\" decoding=\"async\" width=\"150\" height=\"150\" src=\"https:\/\/www.arquimaster.com.ar\/web\/wp-content\/uploads\/2020\/04\/oficina_abanico19-150x150.jpg\" class=\"attachment-thumbnail size-thumbnail\" alt=\"\" aria-describedby=\"gallery-1-54547\" srcset=\"https:\/\/www.arquimaster.com.ar\/web\/wp-content\/uploads\/2020\/04\/oficina_abanico19-150x150.jpg 150w, https:\/\/www.arquimaster.com.ar\/web\/wp-content\/uploads\/2020\/04\/oficina_abanico19-1024x1024.jpg 1024w, https:\/\/www.arquimaster.com.ar\/web\/wp-content\/uploads\/2020\/04\/oficina_abanico19-768x768.jpg 768w, https:\/\/www.arquimaster.com.ar\/web\/wp-content\/uploads\/2020\/04\/oficina_abanico19.jpg 1500w\" sizes=\"auto, (max-width: 150px) 100vw, 150px\" \/><\/a>\n\t\t\t<\/div>\n\t\t\t\t<figcaption class='wp-caption-text gallery-caption' id='gallery-1-54547'>\n\t\t\t\tOficina Abanico \/ Arq. Agustina Mussari\n\t\t\t\t<\/figcaption><\/figure>\n\t\t<\/div>\n\n<p>Se trabaj\u00f3, gracias a la doble altura del lugar, con una gran estanter\u00eda de hierro y cubos de pdf pintados en amarillo para darle car\u00e1cter, y canastos para el guardado de los materiales de cada programador. Esa doble altura permiti\u00f3 colocar grandes pantallas estilo industrial arriba de los lugares de trabajo con una muy buena iluminaci\u00f3n.<\/p>\n<p>Se tuvo en cuenta la convivencia de los chicos en un lugar \u00fanico, por lo que se agregaron lockers para el guardado de mochilas, bolsos, etc. Se dise\u00f1\u00f3 un lugar donde poder tomar un caf\u00e9 integrado a la sala de trabajo que se resolvi\u00f3 con un office que contiene bacha, microondas, una peque\u00f1a heladera y un lugar que se destac\u00f3 con una estructura en forma de \u00abcasita\u00bb para colocar dos mesas altas con cuatro banquetas para el desayuno o almuerzo y un empapelado similar ladrillo visto.<\/p>\n<p>Otro espacio que se intervino y remodel\u00f3 totalmente fue el ba\u00f1o, donde se cambiaron los cer\u00e1micos y se utiliz\u00f3 en el piso un revestimiento hexagonal cementicio gris con toques de color en amarillo y blanco. Se cambiaron los sanitarios, mueble, bacha y se incorpor\u00f3 a este ambiente una ducha con mampara de vidrio templado.<\/p>\n<p>La imagen general del lugar se resolvi\u00f3 con dibujos en las paredes, un gran logo corp\u00f3reo colocado en una pared que se tapizo en c\u00e9sped sint\u00e9tico, frases y palabras en vinilo amarillo y pizarrones en forma de globo de pensamiento, y un aro de basquet sobre un papelero d\u00e1ndole una imagen descontracturada y actual.<\/p>\n<p>Se utilizo el recurso en las paredes de pintar con dise\u00f1os geom\u00e9tricos de distintos tonos de grises para darle movimiento.<\/p>\n<p><strong>Ficha t\u00e9cnica<\/strong><br \/>\nNombre: Oficina Abanico<br \/>\nUbicaci\u00f3n: San Miguel de Tucuman, Pcia. de Tucum\u00e1n, Argentina<br \/>\nProyecto: Arq. Agustina Mussari<br \/>\nArea: 60 m2<br \/>\nA\u00f1o: 2018<\/p>\n<p><strong>Contacto<\/strong><br \/>\n<a href=\"https:\/\/www.instagram.com\/arq.agusmussari\/\" target=\"_blank\" rel=\"noopener noreferrer\">https:\/\/www.instagram.com\/arq.agusmussari\/<\/a><br \/>\nagusmussari@hotmail.com<br \/>\nCel +5493816417724<\/p>\n\n<div style=\"font-size: 0px; height: 0px; line-height: 0px; margin: 0; padding: 0; clear: both;\"><\/div><div style=\"margin-top: 0px; margin-bottom: 0px;\" class=\"sharethis-inline-share-buttons\" ><\/div>","protected":false},"excerpt":{"rendered":"<p>El dise\u00f1o de esta oficina fue planteada como un lugar din\u00e1mico, con mucha personalidad&#8230;<\/p>\n","protected":false},"author":1,"featured_media":54528,"comment_status":"closed","ping_status":"closed","sticky":false,"template":"","format":"standard","meta":{"_uag_custom_page_level_css":"","footnotes":""},"categories":[76,1],"tags":[5816,1362,255,5817,404],"class_list":["post-54527","post","type-post","status-publish","format-standard","has-post-thumbnail","hentry","category-arquitectura-corporativa","category-proyecto","tag-agustina-mussari","tag-arquitectura-corporativa-2","tag-oficinas","tag-san-miguel-de-tucuman","tag-tucuman","generate-columns","tablet-grid-50","mobile-grid-100","grid-parent","grid-50"],"yoast_head":"<!-- This site is optimized with the Yoast SEO plugin v27.3 - https:\/\/yoast.com\/product\/yoast-seo-wordpress\/ -->\n<title>Oficina Abanico \/ Arq. Agustina Mussari - Arquimaster<\/title>\n<meta name=\"description\" content=\"El dise\u00f1o de esta oficina fue planteada como un lugar din\u00e1mico, con mucha personalidad, car\u00e1cter y agradable a los usuarios.\" \/>\n<meta name=\"robots\" content=\"index, follow, max-snippet:-1, max-image-preview:large, max-video-preview:-1\" \/>\n<link rel=\"canonical\" href=\"https:\/\/www.arquimaster.com.ar\/web\/oficina-abanico-arq-agustina-mussari\/\" \/>\n<meta property=\"og:locale\" content=\"es_ES\" \/>\n<meta property=\"og:type\" content=\"article\" \/>\n<meta property=\"og:title\" content=\"Oficina Abanico \/ Arq. Agustina Mussari\" \/>\n<meta property=\"og:description\" content=\"El dise\u00f1o de esta oficina fue planteada como un lugar din\u00e1mico, con mucha personalidad, car\u00e1cter y agradable a los usuarios.\" \/>\n<meta property=\"og:url\" content=\"https:\/\/www.arquimaster.com.ar\/web\/oficina-abanico-arq-agustina-mussari\/\" \/>\n<meta property=\"og:site_name\" content=\"Arquimaster\" \/>\n<meta property=\"article:publisher\" content=\"http:\/\/www.facebook.com\/ARQUIMASTER.com.ar\" \/>\n<meta property=\"article:published_time\" content=\"2020-04-16T00:25:00+00:00\" \/>\n<meta property=\"article:modified_time\" content=\"2020-04-16T02:31:13+00:00\" \/>\n<meta property=\"og:image\" content=\"https:\/\/www.arquimaster.com.ar\/web\/wp-content\/uploads\/2020\/04\/oficina_abanico_slide.jpg\" \/>\n\t<meta property=\"og:image:width\" content=\"698\" \/>\n\t<meta property=\"og:image:height\" content=\"364\" \/>\n\t<meta property=\"og:image:type\" content=\"image\/jpeg\" \/>\n<meta name=\"author\" content=\"Arquimaster\" \/>\n<meta name=\"twitter:card\" content=\"summary_large_image\" \/>\n<meta name=\"twitter:title\" content=\"Oficina Abanico \/ Arq. Agustina Mussari\" \/>\n<meta name=\"twitter:description\" content=\"El dise\u00f1o de esta oficina fue planteada como un lugar din\u00e1mico, con mucha personalidad, car\u00e1cter y agradable a los usuarios.\" \/>\n<meta name=\"twitter:image\" content=\"https:\/\/www.arquimaster.com.ar\/web\/wp-content\/uploads\/2020\/04\/oficina_abanico_slide.jpg\" \/>\n<meta name=\"twitter:creator\" content=\"@arquimaster\" \/>\n<meta name=\"twitter:site\" content=\"@arquimaster\" \/>\n<meta name=\"twitter:label1\" content=\"Escrito por\" \/>\n\t<meta name=\"twitter:data1\" content=\"Arquimaster\" \/>\n\t<meta name=\"twitter:label2\" content=\"Tiempo de lectura\" \/>\n\t<meta name=\"twitter:data2\" content=\"2 minutos\" \/>\n<script type=\"application\/ld+json\" class=\"yoast-schema-graph\">{\"@context\":\"https:\\\/\\\/schema.org\",\"@graph\":[{\"@type\":\"Article\",\"@id\":\"https:\\\/\\\/www.arquimaster.com.ar\\\/web\\\/oficina-abanico-arq-agustina-mussari\\\/#article\",\"isPartOf\":{\"@id\":\"https:\\\/\\\/www.arquimaster.com.ar\\\/web\\\/oficina-abanico-arq-agustina-mussari\\\/\"},\"author\":{\"name\":\"Arquimaster\",\"@id\":\"https:\\\/\\\/www.arquimaster.com.ar\\\/web\\\/#\\\/schema\\\/person\\\/359e9f7c00193fcde068e0dd2ceb0028\"},\"headline\":\"Oficina Abanico \\\/ Arq. Agustina Mussari\",\"datePublished\":\"2020-04-16T00:25:00+00:00\",\"dateModified\":\"2020-04-16T02:31:13+00:00\",\"mainEntityOfPage\":{\"@id\":\"https:\\\/\\\/www.arquimaster.com.ar\\\/web\\\/oficina-abanico-arq-agustina-mussari\\\/\"},\"wordCount\":441,\"publisher\":{\"@id\":\"https:\\\/\\\/www.arquimaster.com.ar\\\/web\\\/#organization\"},\"image\":{\"@id\":\"https:\\\/\\\/www.arquimaster.com.ar\\\/web\\\/oficina-abanico-arq-agustina-mussari\\\/#primaryimage\"},\"thumbnailUrl\":\"https:\\\/\\\/www.arquimaster.com.ar\\\/web\\\/wp-content\\\/uploads\\\/2020\\\/04\\\/oficina_abanico_slide.jpg\",\"keywords\":[\"Agustina Mussari\",\"arquitectura corporativa\",\"oficinas\",\"San Miguel de Tucuman\",\"Tucuman\"],\"articleSection\":[\"Arquitectura corporativa\",\"Proyecto\"],\"inLanguage\":\"es\"},{\"@type\":\"WebPage\",\"@id\":\"https:\\\/\\\/www.arquimaster.com.ar\\\/web\\\/oficina-abanico-arq-agustina-mussari\\\/\",\"url\":\"https:\\\/\\\/www.arquimaster.com.ar\\\/web\\\/oficina-abanico-arq-agustina-mussari\\\/\",\"name\":\"Oficina Abanico \\\/ Arq. Agustina Mussari - Arquimaster\",\"isPartOf\":{\"@id\":\"https:\\\/\\\/www.arquimaster.com.ar\\\/web\\\/#website\"},\"primaryImageOfPage\":{\"@id\":\"https:\\\/\\\/www.arquimaster.com.ar\\\/web\\\/oficina-abanico-arq-agustina-mussari\\\/#primaryimage\"},\"image\":{\"@id\":\"https:\\\/\\\/www.arquimaster.com.ar\\\/web\\\/oficina-abanico-arq-agustina-mussari\\\/#primaryimage\"},\"thumbnailUrl\":\"https:\\\/\\\/www.arquimaster.com.ar\\\/web\\\/wp-content\\\/uploads\\\/2020\\\/04\\\/oficina_abanico_slide.jpg\",\"datePublished\":\"2020-04-16T00:25:00+00:00\",\"dateModified\":\"2020-04-16T02:31:13+00:00\",\"description\":\"El dise\u00f1o de esta oficina fue planteada como un lugar din\u00e1mico, con mucha personalidad, car\u00e1cter y agradable a los usuarios.\",\"breadcrumb\":{\"@id\":\"https:\\\/\\\/www.arquimaster.com.ar\\\/web\\\/oficina-abanico-arq-agustina-mussari\\\/#breadcrumb\"},\"inLanguage\":\"es\",\"potentialAction\":[{\"@type\":\"ReadAction\",\"target\":[\"https:\\\/\\\/www.arquimaster.com.ar\\\/web\\\/oficina-abanico-arq-agustina-mussari\\\/\"]}]},{\"@type\":\"ImageObject\",\"inLanguage\":\"es\",\"@id\":\"https:\\\/\\\/www.arquimaster.com.ar\\\/web\\\/oficina-abanico-arq-agustina-mussari\\\/#primaryimage\",\"url\":\"https:\\\/\\\/www.arquimaster.com.ar\\\/web\\\/wp-content\\\/uploads\\\/2020\\\/04\\\/oficina_abanico_slide.jpg\",\"contentUrl\":\"https:\\\/\\\/www.arquimaster.com.ar\\\/web\\\/wp-content\\\/uploads\\\/2020\\\/04\\\/oficina_abanico_slide.jpg\",\"width\":698,\"height\":364},{\"@type\":\"BreadcrumbList\",\"@id\":\"https:\\\/\\\/www.arquimaster.com.ar\\\/web\\\/oficina-abanico-arq-agustina-mussari\\\/#breadcrumb\",\"itemListElement\":[{\"@type\":\"ListItem\",\"position\":1,\"name\":\"Portada\",\"item\":\"https:\\\/\\\/www.arquimaster.com.ar\\\/web\\\/\"},{\"@type\":\"ListItem\",\"position\":2,\"name\":\"Oficina Abanico \\\/ Arq. Agustina Mussari\"}]},{\"@type\":\"WebSite\",\"@id\":\"https:\\\/\\\/www.arquimaster.com.ar\\\/web\\\/#website\",\"url\":\"https:\\\/\\\/www.arquimaster.com.ar\\\/web\\\/\",\"name\":\"Arquimaster\",\"description\":\"Web de arquitectura, dise\u00f1o y construccion\",\"publisher\":{\"@id\":\"https:\\\/\\\/www.arquimaster.com.ar\\\/web\\\/#organization\"},\"potentialAction\":[{\"@type\":\"SearchAction\",\"target\":{\"@type\":\"EntryPoint\",\"urlTemplate\":\"https:\\\/\\\/www.arquimaster.com.ar\\\/web\\\/?s={search_term_string}\"},\"query-input\":{\"@type\":\"PropertyValueSpecification\",\"valueRequired\":true,\"valueName\":\"search_term_string\"}}],\"inLanguage\":\"es\"},{\"@type\":\"Organization\",\"@id\":\"https:\\\/\\\/www.arquimaster.com.ar\\\/web\\\/#organization\",\"name\":\"Arquimaster\",\"url\":\"https:\\\/\\\/www.arquimaster.com.ar\\\/web\\\/\",\"logo\":{\"@type\":\"ImageObject\",\"inLanguage\":\"es\",\"@id\":\"https:\\\/\\\/www.arquimaster.com.ar\\\/web\\\/#\\\/schema\\\/logo\\\/image\\\/\",\"url\":\"https:\\\/\\\/www.arquimaster.com.ar\\\/web\\\/wp-content\\\/uploads\\\/2022\\\/06\\\/arquimaster.png\",\"contentUrl\":\"https:\\\/\\\/www.arquimaster.com.ar\\\/web\\\/wp-content\\\/uploads\\\/2022\\\/06\\\/arquimaster.png\",\"width\":594,\"height\":78,\"caption\":\"Arquimaster\"},\"image\":{\"@id\":\"https:\\\/\\\/www.arquimaster.com.ar\\\/web\\\/#\\\/schema\\\/logo\\\/image\\\/\"},\"sameAs\":[\"http:\\\/\\\/www.facebook.com\\\/ARQUIMASTER.com.ar\",\"https:\\\/\\\/x.com\\\/arquimaster\",\"https:\\\/\\\/www.instagram.com\\\/arquimasterblog\\\/\",\"https:\\\/\\\/www.linkedin.com\\\/company\\\/arquimaster\",\"https:\\\/\\\/www.pinterest.com\\\/arquimaster\",\"https:\\\/\\\/t.me\\\/arquimaster\"]},{\"@type\":\"Person\",\"@id\":\"https:\\\/\\\/www.arquimaster.com.ar\\\/web\\\/#\\\/schema\\\/person\\\/359e9f7c00193fcde068e0dd2ceb0028\",\"name\":\"Arquimaster\"}]}<\/script>\n<!-- \/ Yoast SEO plugin. -->","yoast_head_json":{"title":"Oficina Abanico \/ Arq. Agustina Mussari - Arquimaster","description":"El dise\u00f1o de esta oficina fue planteada como un lugar din\u00e1mico, con mucha personalidad, car\u00e1cter y agradable a los usuarios.","robots":{"index":"index","follow":"follow","max-snippet":"max-snippet:-1","max-image-preview":"max-image-preview:large","max-video-preview":"max-video-preview:-1"},"canonical":"https:\/\/www.arquimaster.com.ar\/web\/oficina-abanico-arq-agustina-mussari\/","og_locale":"es_ES","og_type":"article","og_title":"Oficina Abanico \/ Arq. Agustina Mussari","og_description":"El dise\u00f1o de esta oficina fue planteada como un lugar din\u00e1mico, con mucha personalidad, car\u00e1cter y agradable a los usuarios.","og_url":"https:\/\/www.arquimaster.com.ar\/web\/oficina-abanico-arq-agustina-mussari\/","og_site_name":"Arquimaster","article_publisher":"http:\/\/www.facebook.com\/ARQUIMASTER.com.ar","article_published_time":"2020-04-16T00:25:00+00:00","article_modified_time":"2020-04-16T02:31:13+00:00","og_image":[{"width":698,"height":364,"url":"https:\/\/www.arquimaster.com.ar\/web\/wp-content\/uploads\/2020\/04\/oficina_abanico_slide.jpg","type":"image\/jpeg"}],"author":"Arquimaster","twitter_card":"summary_large_image","twitter_title":"Oficina Abanico \/ Arq. Agustina Mussari","twitter_description":"El dise\u00f1o de esta oficina fue planteada como un lugar din\u00e1mico, con mucha personalidad, car\u00e1cter y agradable a los usuarios.","twitter_image":"https:\/\/www.arquimaster.com.ar\/web\/wp-content\/uploads\/2020\/04\/oficina_abanico_slide.jpg","twitter_creator":"@arquimaster","twitter_site":"@arquimaster","twitter_misc":{"Escrito por":"Arquimaster","Tiempo de lectura":"2 minutos"},"schema":{"@context":"https:\/\/schema.org","@graph":[{"@type":"Article","@id":"https:\/\/www.arquimaster.com.ar\/web\/oficina-abanico-arq-agustina-mussari\/#article","isPartOf":{"@id":"https:\/\/www.arquimaster.com.ar\/web\/oficina-abanico-arq-agustina-mussari\/"},"author":{"name":"Arquimaster","@id":"https:\/\/www.arquimaster.com.ar\/web\/#\/schema\/person\/359e9f7c00193fcde068e0dd2ceb0028"},"headline":"Oficina Abanico \/ Arq. Agustina Mussari","datePublished":"2020-04-16T00:25:00+00:00","dateModified":"2020-04-16T02:31:13+00:00","mainEntityOfPage":{"@id":"https:\/\/www.arquimaster.com.ar\/web\/oficina-abanico-arq-agustina-mussari\/"},"wordCount":441,"publisher":{"@id":"https:\/\/www.arquimaster.com.ar\/web\/#organization"},"image":{"@id":"https:\/\/www.arquimaster.com.ar\/web\/oficina-abanico-arq-agustina-mussari\/#primaryimage"},"thumbnailUrl":"https:\/\/www.arquimaster.com.ar\/web\/wp-content\/uploads\/2020\/04\/oficina_abanico_slide.jpg","keywords":["Agustina Mussari","arquitectura corporativa","oficinas","San Miguel de Tucuman","Tucuman"],"articleSection":["Arquitectura corporativa","Proyecto"],"inLanguage":"es"},{"@type":"WebPage","@id":"https:\/\/www.arquimaster.com.ar\/web\/oficina-abanico-arq-agustina-mussari\/","url":"https:\/\/www.arquimaster.com.ar\/web\/oficina-abanico-arq-agustina-mussari\/","name":"Oficina Abanico \/ Arq. Agustina Mussari - Arquimaster","isPartOf":{"@id":"https:\/\/www.arquimaster.com.ar\/web\/#website"},"primaryImageOfPage":{"@id":"https:\/\/www.arquimaster.com.ar\/web\/oficina-abanico-arq-agustina-mussari\/#primaryimage"},"image":{"@id":"https:\/\/www.arquimaster.com.ar\/web\/oficina-abanico-arq-agustina-mussari\/#primaryimage"},"thumbnailUrl":"https:\/\/www.arquimaster.com.ar\/web\/wp-content\/uploads\/2020\/04\/oficina_abanico_slide.jpg","datePublished":"2020-04-16T00:25:00+00:00","dateModified":"2020-04-16T02:31:13+00:00","description":"El dise\u00f1o de esta oficina fue planteada como un lugar din\u00e1mico, con mucha personalidad, car\u00e1cter y agradable a los usuarios.","breadcrumb":{"@id":"https:\/\/www.arquimaster.com.ar\/web\/oficina-abanico-arq-agustina-mussari\/#breadcrumb"},"inLanguage":"es","potentialAction":[{"@type":"ReadAction","target":["https:\/\/www.arquimaster.com.ar\/web\/oficina-abanico-arq-agustina-mussari\/"]}]},{"@type":"ImageObject","inLanguage":"es","@id":"https:\/\/www.arquimaster.com.ar\/web\/oficina-abanico-arq-agustina-mussari\/#primaryimage","url":"https:\/\/www.arquimaster.com.ar\/web\/wp-content\/uploads\/2020\/04\/oficina_abanico_slide.jpg","contentUrl":"https:\/\/www.arquimaster.com.ar\/web\/wp-content\/uploads\/2020\/04\/oficina_abanico_slide.jpg","width":698,"height":364},{"@type":"BreadcrumbList","@id":"https:\/\/www.arquimaster.com.ar\/web\/oficina-abanico-arq-agustina-mussari\/#breadcrumb","itemListElement":[{"@type":"ListItem","position":1,"name":"Portada","item":"https:\/\/www.arquimaster.com.ar\/web\/"},{"@type":"ListItem","position":2,"name":"Oficina Abanico \/ Arq. Agustina Mussari"}]},{"@type":"WebSite","@id":"https:\/\/www.arquimaster.com.ar\/web\/#website","url":"https:\/\/www.arquimaster.com.ar\/web\/","name":"Arquimaster","description":"Web de arquitectura, dise\u00f1o y construccion","publisher":{"@id":"https:\/\/www.arquimaster.com.ar\/web\/#organization"},"potentialAction":[{"@type":"SearchAction","target":{"@type":"EntryPoint","urlTemplate":"https:\/\/www.arquimaster.com.ar\/web\/?s={search_term_string}"},"query-input":{"@type":"PropertyValueSpecification","valueRequired":true,"valueName":"search_term_string"}}],"inLanguage":"es"},{"@type":"Organization","@id":"https:\/\/www.arquimaster.com.ar\/web\/#organization","name":"Arquimaster","url":"https:\/\/www.arquimaster.com.ar\/web\/","logo":{"@type":"ImageObject","inLanguage":"es","@id":"https:\/\/www.arquimaster.com.ar\/web\/#\/schema\/logo\/image\/","url":"https:\/\/www.arquimaster.com.ar\/web\/wp-content\/uploads\/2022\/06\/arquimaster.png","contentUrl":"https:\/\/www.arquimaster.com.ar\/web\/wp-content\/uploads\/2022\/06\/arquimaster.png","width":594,"height":78,"caption":"Arquimaster"},"image":{"@id":"https:\/\/www.arquimaster.com.ar\/web\/#\/schema\/logo\/image\/"},"sameAs":["http:\/\/www.facebook.com\/ARQUIMASTER.com.ar","https:\/\/x.com\/arquimaster","https:\/\/www.instagram.com\/arquimasterblog\/","https:\/\/www.linkedin.com\/company\/arquimaster","https:\/\/www.pinterest.com\/arquimaster","https:\/\/t.me\/arquimaster"]},{"@type":"Person","@id":"https:\/\/www.arquimaster.com.ar\/web\/#\/schema\/person\/359e9f7c00193fcde068e0dd2ceb0028","name":"Arquimaster"}]}},"uagb_featured_image_src":{"full":["https:\/\/www.arquimaster.com.ar\/web\/wp-content\/uploads\/2020\/04\/oficina_abanico_slide.jpg",698,364,false],"thumbnail":["https:\/\/www.arquimaster.com.ar\/web\/wp-content\/uploads\/2020\/04\/oficina_abanico_slide-150x150.jpg",150,150,true],"medium":["https:\/\/www.arquimaster.com.ar\/web\/wp-content\/uploads\/2020\/04\/oficina_abanico_slide.jpg",698,364,false],"medium_large":["https:\/\/www.arquimaster.com.ar\/web\/wp-content\/uploads\/2020\/04\/oficina_abanico_slide.jpg",698,364,false],"large":["https:\/\/www.arquimaster.com.ar\/web\/wp-content\/uploads\/2020\/04\/oficina_abanico_slide.jpg",698,364,false],"1536x1536":["https:\/\/www.arquimaster.com.ar\/web\/wp-content\/uploads\/2020\/04\/oficina_abanico_slide.jpg",698,364,false],"2048x2048":["https:\/\/www.arquimaster.com.ar\/web\/wp-content\/uploads\/2020\/04\/oficina_abanico_slide.jpg",698,364,false]},"uagb_author_info":{"display_name":"Arquimaster","author_link":"https:\/\/www.arquimaster.com.ar\/web\/author\/arquimaster\/"},"uagb_comment_info":0,"uagb_excerpt":"El dise\u00f1o de esta oficina fue planteada como un lugar din\u00e1mico, con mucha personalidad...","_links":{"self":[{"href":"https:\/\/www.arquimaster.com.ar\/web\/wp-json\/wp\/v2\/posts\/54527","targetHints":{"allow":["GET"]}}],"collection":[{"href":"https:\/\/www.arquimaster.com.ar\/web\/wp-json\/wp\/v2\/posts"}],"about":[{"href":"https:\/\/www.arquimaster.com.ar\/web\/wp-json\/wp\/v2\/types\/post"}],"author":[{"embeddable":true,"href":"https:\/\/www.arquimaster.com.ar\/web\/wp-json\/wp\/v2\/users\/1"}],"replies":[{"embeddable":true,"href":"https:\/\/www.arquimaster.com.ar\/web\/wp-json\/wp\/v2\/comments?post=54527"}],"version-history":[{"count":1,"href":"https:\/\/www.arquimaster.com.ar\/web\/wp-json\/wp\/v2\/posts\/54527\/revisions"}],"predecessor-version":[{"id":54548,"href":"https:\/\/www.arquimaster.com.ar\/web\/wp-json\/wp\/v2\/posts\/54527\/revisions\/54548"}],"wp:featuredmedia":[{"embeddable":true,"href":"https:\/\/www.arquimaster.com.ar\/web\/wp-json\/wp\/v2\/media\/54528"}],"wp:attachment":[{"href":"https:\/\/www.arquimaster.com.ar\/web\/wp-json\/wp\/v2\/media?parent=54527"}],"wp:term":[{"taxonomy":"category","embeddable":true,"href":"https:\/\/www.arquimaster.com.ar\/web\/wp-json\/wp\/v2\/categories?post=54527"},{"taxonomy":"post_tag","embeddable":true,"href":"https:\/\/www.arquimaster.com.ar\/web\/wp-json\/wp\/v2\/tags?post=54527"}],"curies":[{"name":"wp","href":"https:\/\/api.w.org\/{rel}","templated":true}]}}