{"id":5462,"date":"2013-04-18T01:19:27","date_gmt":"2013-04-18T01:19:27","guid":{"rendered":"http:\/\/www.arquimaster.com.ar\/web\/?p=5462"},"modified":"2014-04-11T02:23:33","modified_gmt":"2014-04-11T02:23:33","slug":"galeria-de-arte-objeto-a-hm-arquitectos","status":"publish","type":"post","link":"https:\/\/www.arquimaster.com.ar\/web\/galeria-de-arte-objeto-a-hm-arquitectos\/","title":{"rendered":"Galer\u00eda de arte Objeto A \/ HM Arquitectos"},"content":{"rendered":"<div style=\"margin-top: 0px; margin-bottom: 0px;\" class=\"sharethis-inline-share-buttons\" ><\/div><div class=\"b812932af2e751442846f039925109de\" data-index=\"1\" style=\"float: none; margin:25px 0 25px 0; text-align:center;\">\n<script async src=\"https:\/\/pagead2.googlesyndication.com\/pagead\/js\/adsbygoogle.js\"><\/script>\r\n<!-- Arquimaster (superior) -->\r\n<ins class=\"adsbygoogle\"\r\n     style=\"display:block\"\r\n     data-ad-client=\"ca-pub-6351072698456832\"\r\n     data-ad-slot=\"6455489680\"\r\n     data-ad-format=\"auto\"\r\n     data-full-width-responsive=\"true\"><\/ins>\r\n<script>\r\n     (adsbygoogle = window.adsbygoogle || []).push({});\r\n<\/script>\n<\/div>\n<p><strong>Galer\u00eda de arte Objeto A<\/strong> (Buenos Aires) por <strong>HM Arquitectos<\/strong>. Siendo este un proyecto de reciclaje\/ampliaci\u00f3n de una propiedad existente y partiendo de la decisi\u00f3n de conservar las caracter\u00edsticas m\u00e1s genuinas y valiosas de la casa, el proyecto propone una <strong>intervenci\u00f3n de integraci\u00f3n con lo existente, relacion\u00e1ndose desde lo contempor\u00e1neo y rindiendo homenaje a la construcci\u00f3n original<\/strong>.<\/p>\n<div id='gallery-1' class='gallery galleryid-5462 gallery-columns-3 gallery-size-thumbnail'><figure class='gallery-item'>\n\t\t\t<div class='gallery-icon portrait'>\n\t\t\t\t<a href='https:\/\/www.arquimaster.com.ar\/web\/wp-content\/uploads\/2013\/04\/galeria_arte1b.jpg' title=\"Galer\u00eda de arte Objeto A \/ HM Arquitectos (\u00a9 Federico Kulekdjian)\" data-rl_title=\"Galer\u00eda de arte Objeto A \/ HM Arquitectos (\u00a9 Federico Kulekdjian)\" class=\"rl-gallery-link\" data-rl_caption=\"Galer\u00eda de arte Objeto A \/ HM Arquitectos (\u00a9 Federico Kulekdjian)\" data-rel=\"lightbox-gallery-1\"><img loading=\"lazy\" decoding=\"async\" width=\"150\" height=\"150\" src=\"https:\/\/www.arquimaster.com.ar\/web\/wp-content\/uploads\/2013\/04\/galeria_arte1b-150x150.jpg\" class=\"attachment-thumbnail size-thumbnail\" alt=\"\" aria-describedby=\"gallery-1-5465\" srcset=\"https:\/\/www.arquimaster.com.ar\/web\/wp-content\/uploads\/2013\/04\/galeria_arte1b-150x150.jpg 150w, https:\/\/www.arquimaster.com.ar\/web\/wp-content\/uploads\/2013\/04\/galeria_arte1b-50x50.jpg 50w, https:\/\/www.arquimaster.com.ar\/web\/wp-content\/uploads\/2013\/04\/galeria_arte1b-125x125.jpg 125w\" sizes=\"auto, (max-width: 150px) 100vw, 150px\" \/><\/a>\n\t\t\t<\/div>\n\t\t\t\t<figcaption class='wp-caption-text gallery-caption' id='gallery-1-5465'>\n\t\t\t\tGaler\u00eda de arte Objeto A \/ HM Arquitectos (\u00a9 Federico Kulekdjian)\n\t\t\t\t<\/figcaption><\/figure><figure class='gallery-item'>\n\t\t\t<div class='gallery-icon portrait'>\n\t\t\t\t<a href='https:\/\/www.arquimaster.com.ar\/web\/wp-content\/uploads\/2013\/04\/galeria_arte2b.jpg' title=\"Galer\u00eda de arte Objeto A \/ HM Arquitectos (\u00a9 Federico Kulekdjian)\" data-rl_title=\"Galer\u00eda de arte Objeto A \/ HM Arquitectos (\u00a9 Federico Kulekdjian)\" class=\"rl-gallery-link\" data-rl_caption=\"Galer\u00eda de arte Objeto A \/ HM Arquitectos (\u00a9 Federico Kulekdjian)\" data-rel=\"lightbox-gallery-1\"><img loading=\"lazy\" decoding=\"async\" width=\"150\" height=\"150\" src=\"https:\/\/www.arquimaster.com.ar\/web\/wp-content\/uploads\/2013\/04\/galeria_arte2b-150x150.jpg\" class=\"attachment-thumbnail size-thumbnail\" alt=\"\" aria-describedby=\"gallery-1-5466\" srcset=\"https:\/\/www.arquimaster.com.ar\/web\/wp-content\/uploads\/2013\/04\/galeria_arte2b-150x150.jpg 150w, https:\/\/www.arquimaster.com.ar\/web\/wp-content\/uploads\/2013\/04\/galeria_arte2b-50x50.jpg 50w, https:\/\/www.arquimaster.com.ar\/web\/wp-content\/uploads\/2013\/04\/galeria_arte2b-125x125.jpg 125w\" sizes=\"auto, (max-width: 150px) 100vw, 150px\" \/><\/a>\n\t\t\t<\/div>\n\t\t\t\t<figcaption class='wp-caption-text gallery-caption' id='gallery-1-5466'>\n\t\t\t\tGaler\u00eda de arte Objeto A \/ HM Arquitectos (\u00a9 Federico Kulekdjian)\n\t\t\t\t<\/figcaption><\/figure><figure class='gallery-item'>\n\t\t\t<div class='gallery-icon portrait'>\n\t\t\t\t<a href='https:\/\/www.arquimaster.com.ar\/web\/wp-content\/uploads\/2013\/04\/galeria_arte3b.jpg' title=\"Galer\u00eda de arte Objeto A \/ HM Arquitectos (\u00a9 Federico Kulekdjian)\" data-rl_title=\"Galer\u00eda de arte Objeto A \/ HM Arquitectos (\u00a9 Federico Kulekdjian)\" class=\"rl-gallery-link\" data-rl_caption=\"Galer\u00eda de arte Objeto A \/ HM Arquitectos (\u00a9 Federico Kulekdjian)\" data-rel=\"lightbox-gallery-1\"><img loading=\"lazy\" decoding=\"async\" width=\"150\" height=\"150\" src=\"https:\/\/www.arquimaster.com.ar\/web\/wp-content\/uploads\/2013\/04\/galeria_arte3b-150x150.jpg\" class=\"attachment-thumbnail size-thumbnail\" alt=\"\" aria-describedby=\"gallery-1-5467\" srcset=\"https:\/\/www.arquimaster.com.ar\/web\/wp-content\/uploads\/2013\/04\/galeria_arte3b-150x150.jpg 150w, https:\/\/www.arquimaster.com.ar\/web\/wp-content\/uploads\/2013\/04\/galeria_arte3b-50x50.jpg 50w, https:\/\/www.arquimaster.com.ar\/web\/wp-content\/uploads\/2013\/04\/galeria_arte3b-125x125.jpg 125w\" sizes=\"auto, (max-width: 150px) 100vw, 150px\" \/><\/a>\n\t\t\t<\/div>\n\t\t\t\t<figcaption class='wp-caption-text gallery-caption' id='gallery-1-5467'>\n\t\t\t\tGaler\u00eda de arte Objeto A \/ HM Arquitectos (\u00a9 Federico Kulekdjian)\n\t\t\t\t<\/figcaption><\/figure><figure class='gallery-item'>\n\t\t\t<div class='gallery-icon portrait'>\n\t\t\t\t<a href='https:\/\/www.arquimaster.com.ar\/web\/wp-content\/uploads\/2013\/04\/galeria_arte4b.jpg' title=\"Galer\u00eda de arte Objeto A \/ HM Arquitectos (\u00a9 Federico Kulekdjian)\" data-rl_title=\"Galer\u00eda de arte Objeto A \/ HM Arquitectos (\u00a9 Federico Kulekdjian)\" class=\"rl-gallery-link\" data-rl_caption=\"Galer\u00eda de arte Objeto A \/ HM Arquitectos (\u00a9 Federico Kulekdjian)\" data-rel=\"lightbox-gallery-1\"><img loading=\"lazy\" decoding=\"async\" width=\"150\" height=\"150\" src=\"https:\/\/www.arquimaster.com.ar\/web\/wp-content\/uploads\/2013\/04\/galeria_arte4b-150x150.jpg\" class=\"attachment-thumbnail size-thumbnail\" alt=\"\" aria-describedby=\"gallery-1-5468\" srcset=\"https:\/\/www.arquimaster.com.ar\/web\/wp-content\/uploads\/2013\/04\/galeria_arte4b-150x150.jpg 150w, https:\/\/www.arquimaster.com.ar\/web\/wp-content\/uploads\/2013\/04\/galeria_arte4b-50x50.jpg 50w, https:\/\/www.arquimaster.com.ar\/web\/wp-content\/uploads\/2013\/04\/galeria_arte4b-125x125.jpg 125w\" sizes=\"auto, (max-width: 150px) 100vw, 150px\" \/><\/a>\n\t\t\t<\/div>\n\t\t\t\t<figcaption class='wp-caption-text gallery-caption' id='gallery-1-5468'>\n\t\t\t\tGaler\u00eda de arte Objeto A \/ HM Arquitectos (\u00a9 Federico Kulekdjian)\n\t\t\t\t<\/figcaption><\/figure><figure class='gallery-item'>\n\t\t\t<div class='gallery-icon landscape'>\n\t\t\t\t<a href='https:\/\/www.arquimaster.com.ar\/web\/wp-content\/uploads\/2013\/04\/galeria_arte5b.jpg' title=\"Galer\u00eda de arte Objeto A \/ HM Arquitectos (\u00a9 Federico Kulekdjian)\" data-rl_title=\"Galer\u00eda de arte Objeto A \/ HM Arquitectos (\u00a9 Federico Kulekdjian)\" class=\"rl-gallery-link\" data-rl_caption=\"Galer\u00eda de arte Objeto A \/ HM Arquitectos (\u00a9 Federico Kulekdjian)\" data-rel=\"lightbox-gallery-1\"><img loading=\"lazy\" decoding=\"async\" width=\"150\" height=\"150\" src=\"https:\/\/www.arquimaster.com.ar\/web\/wp-content\/uploads\/2013\/04\/galeria_arte5b-150x150.jpg\" class=\"attachment-thumbnail size-thumbnail\" alt=\"\" aria-describedby=\"gallery-1-5469\" srcset=\"https:\/\/www.arquimaster.com.ar\/web\/wp-content\/uploads\/2013\/04\/galeria_arte5b-150x150.jpg 150w, https:\/\/www.arquimaster.com.ar\/web\/wp-content\/uploads\/2013\/04\/galeria_arte5b-50x50.jpg 50w, https:\/\/www.arquimaster.com.ar\/web\/wp-content\/uploads\/2013\/04\/galeria_arte5b-125x125.jpg 125w\" sizes=\"auto, (max-width: 150px) 100vw, 150px\" \/><\/a>\n\t\t\t<\/div>\n\t\t\t\t<figcaption class='wp-caption-text gallery-caption' id='gallery-1-5469'>\n\t\t\t\tGaler\u00eda de arte Objeto A \/ HM Arquitectos (\u00a9 Federico Kulekdjian)\n\t\t\t\t<\/figcaption><\/figure><figure class='gallery-item'>\n\t\t\t<div class='gallery-icon landscape'>\n\t\t\t\t<a href='https:\/\/www.arquimaster.com.ar\/web\/wp-content\/uploads\/2013\/04\/galeria_arte6b.jpg' title=\"Galer\u00eda de arte Objeto A \/ HM Arquitectos (\u00a9 Federico Kulekdjian)\" data-rl_title=\"Galer\u00eda de arte Objeto A \/ HM Arquitectos (\u00a9 Federico Kulekdjian)\" class=\"rl-gallery-link\" data-rl_caption=\"Galer\u00eda de arte Objeto A \/ HM Arquitectos (\u00a9 Federico Kulekdjian)\" data-rel=\"lightbox-gallery-1\"><img loading=\"lazy\" decoding=\"async\" width=\"150\" height=\"150\" src=\"https:\/\/www.arquimaster.com.ar\/web\/wp-content\/uploads\/2013\/04\/galeria_arte6b-150x150.jpg\" class=\"attachment-thumbnail size-thumbnail\" alt=\"\" aria-describedby=\"gallery-1-5470\" srcset=\"https:\/\/www.arquimaster.com.ar\/web\/wp-content\/uploads\/2013\/04\/galeria_arte6b-150x150.jpg 150w, https:\/\/www.arquimaster.com.ar\/web\/wp-content\/uploads\/2013\/04\/galeria_arte6b-50x50.jpg 50w, https:\/\/www.arquimaster.com.ar\/web\/wp-content\/uploads\/2013\/04\/galeria_arte6b-125x125.jpg 125w\" sizes=\"auto, (max-width: 150px) 100vw, 150px\" \/><\/a>\n\t\t\t<\/div>\n\t\t\t\t<figcaption class='wp-caption-text gallery-caption' id='gallery-1-5470'>\n\t\t\t\tGaler\u00eda de arte Objeto A \/ HM Arquitectos (\u00a9 Federico Kulekdjian)\n\t\t\t\t<\/figcaption><\/figure><figure class='gallery-item'>\n\t\t\t<div class='gallery-icon landscape'>\n\t\t\t\t<a href='https:\/\/www.arquimaster.com.ar\/web\/wp-content\/uploads\/2013\/04\/galeria_arte7b.jpg' title=\"Galer\u00eda de arte Objeto A \/ HM Arquitectos (\u00a9 Federico Kulekdjian)\" data-rl_title=\"Galer\u00eda de arte Objeto A \/ HM Arquitectos (\u00a9 Federico Kulekdjian)\" class=\"rl-gallery-link\" data-rl_caption=\"Galer\u00eda de arte Objeto A \/ HM Arquitectos (\u00a9 Federico Kulekdjian)\" data-rel=\"lightbox-gallery-1\"><img loading=\"lazy\" decoding=\"async\" width=\"150\" height=\"150\" src=\"https:\/\/www.arquimaster.com.ar\/web\/wp-content\/uploads\/2013\/04\/galeria_arte7b-150x150.jpg\" class=\"attachment-thumbnail size-thumbnail\" alt=\"\" aria-describedby=\"gallery-1-5471\" srcset=\"https:\/\/www.arquimaster.com.ar\/web\/wp-content\/uploads\/2013\/04\/galeria_arte7b-150x150.jpg 150w, https:\/\/www.arquimaster.com.ar\/web\/wp-content\/uploads\/2013\/04\/galeria_arte7b-50x50.jpg 50w, https:\/\/www.arquimaster.com.ar\/web\/wp-content\/uploads\/2013\/04\/galeria_arte7b-125x125.jpg 125w\" sizes=\"auto, (max-width: 150px) 100vw, 150px\" \/><\/a>\n\t\t\t<\/div>\n\t\t\t\t<figcaption class='wp-caption-text gallery-caption' id='gallery-1-5471'>\n\t\t\t\tGaler\u00eda de arte Objeto A \/ HM Arquitectos (\u00a9 Federico Kulekdjian)\n\t\t\t\t<\/figcaption><\/figure><figure class='gallery-item'>\n\t\t\t<div class='gallery-icon landscape'>\n\t\t\t\t<a href='https:\/\/www.arquimaster.com.ar\/web\/wp-content\/uploads\/2013\/04\/galeria_arte8b.jpg' title=\"Galer\u00eda de arte Objeto A \/ HM Arquitectos (\u00a9 Federico Kulekdjian)\" data-rl_title=\"Galer\u00eda de arte Objeto A \/ HM Arquitectos (\u00a9 Federico Kulekdjian)\" class=\"rl-gallery-link\" data-rl_caption=\"Galer\u00eda de arte Objeto A \/ HM Arquitectos (\u00a9 Federico Kulekdjian)\" data-rel=\"lightbox-gallery-1\"><img loading=\"lazy\" decoding=\"async\" width=\"150\" height=\"150\" src=\"https:\/\/www.arquimaster.com.ar\/web\/wp-content\/uploads\/2013\/04\/galeria_arte8b-150x150.jpg\" class=\"attachment-thumbnail size-thumbnail\" alt=\"\" aria-describedby=\"gallery-1-5472\" srcset=\"https:\/\/www.arquimaster.com.ar\/web\/wp-content\/uploads\/2013\/04\/galeria_arte8b-150x150.jpg 150w, https:\/\/www.arquimaster.com.ar\/web\/wp-content\/uploads\/2013\/04\/galeria_arte8b-50x50.jpg 50w, https:\/\/www.arquimaster.com.ar\/web\/wp-content\/uploads\/2013\/04\/galeria_arte8b-125x125.jpg 125w\" sizes=\"auto, (max-width: 150px) 100vw, 150px\" \/><\/a>\n\t\t\t<\/div>\n\t\t\t\t<figcaption class='wp-caption-text gallery-caption' id='gallery-1-5472'>\n\t\t\t\tGaler\u00eda de arte Objeto A \/ HM Arquitectos (\u00a9 Federico Kulekdjian)\n\t\t\t\t<\/figcaption><\/figure><figure class='gallery-item'>\n\t\t\t<div class='gallery-icon landscape'>\n\t\t\t\t<a href='https:\/\/www.arquimaster.com.ar\/web\/wp-content\/uploads\/2013\/04\/galeria_arte9b.jpg' title=\"Galer\u00eda de arte Objeto A \/ HM Arquitectos (\u00a9 Federico Kulekdjian)\" data-rl_title=\"Galer\u00eda de arte Objeto A \/ HM Arquitectos (\u00a9 Federico Kulekdjian)\" class=\"rl-gallery-link\" data-rl_caption=\"Galer\u00eda de arte Objeto A \/ HM Arquitectos (\u00a9 Federico Kulekdjian)\" data-rel=\"lightbox-gallery-1\"><img loading=\"lazy\" decoding=\"async\" width=\"150\" height=\"150\" src=\"https:\/\/www.arquimaster.com.ar\/web\/wp-content\/uploads\/2013\/04\/galeria_arte9b-150x150.jpg\" class=\"attachment-thumbnail size-thumbnail\" alt=\"\" aria-describedby=\"gallery-1-5473\" srcset=\"https:\/\/www.arquimaster.com.ar\/web\/wp-content\/uploads\/2013\/04\/galeria_arte9b-150x150.jpg 150w, https:\/\/www.arquimaster.com.ar\/web\/wp-content\/uploads\/2013\/04\/galeria_arte9b-50x50.jpg 50w, https:\/\/www.arquimaster.com.ar\/web\/wp-content\/uploads\/2013\/04\/galeria_arte9b-125x125.jpg 125w\" sizes=\"auto, (max-width: 150px) 100vw, 150px\" \/><\/a>\n\t\t\t<\/div>\n\t\t\t\t<figcaption class='wp-caption-text gallery-caption' id='gallery-1-5473'>\n\t\t\t\tGaler\u00eda de arte Objeto A \/ HM Arquitectos (\u00a9 Federico Kulekdjian)\n\t\t\t\t<\/figcaption><\/figure><figure class='gallery-item'>\n\t\t\t<div class='gallery-icon portrait'>\n\t\t\t\t<a href='https:\/\/www.arquimaster.com.ar\/web\/wp-content\/uploads\/2013\/04\/galeria_arte10b.jpg' title=\"Galer\u00eda de arte Objeto A \/ HM Arquitectos (\u00a9 Federico Kulekdjian)\" data-rl_title=\"Galer\u00eda de arte Objeto A \/ HM Arquitectos (\u00a9 Federico Kulekdjian)\" class=\"rl-gallery-link\" data-rl_caption=\"Galer\u00eda de arte Objeto A \/ HM Arquitectos (\u00a9 Federico Kulekdjian)\" data-rel=\"lightbox-gallery-1\"><img loading=\"lazy\" decoding=\"async\" width=\"150\" height=\"150\" src=\"https:\/\/www.arquimaster.com.ar\/web\/wp-content\/uploads\/2013\/04\/galeria_arte10b-150x150.jpg\" class=\"attachment-thumbnail size-thumbnail\" alt=\"\" aria-describedby=\"gallery-1-5474\" srcset=\"https:\/\/www.arquimaster.com.ar\/web\/wp-content\/uploads\/2013\/04\/galeria_arte10b-150x150.jpg 150w, https:\/\/www.arquimaster.com.ar\/web\/wp-content\/uploads\/2013\/04\/galeria_arte10b-50x50.jpg 50w, https:\/\/www.arquimaster.com.ar\/web\/wp-content\/uploads\/2013\/04\/galeria_arte10b-125x125.jpg 125w\" sizes=\"auto, (max-width: 150px) 100vw, 150px\" \/><\/a>\n\t\t\t<\/div>\n\t\t\t\t<figcaption class='wp-caption-text gallery-caption' id='gallery-1-5474'>\n\t\t\t\tGaler\u00eda de arte Objeto A \/ HM Arquitectos (\u00a9 Federico Kulekdjian)\n\t\t\t\t<\/figcaption><\/figure><figure class='gallery-item'>\n\t\t\t<div class='gallery-icon portrait'>\n\t\t\t\t<a href='https:\/\/www.arquimaster.com.ar\/web\/wp-content\/uploads\/2013\/04\/galeria_arte11b.jpg' title=\"Galer\u00eda de arte Objeto A \/ HM Arquitectos (\u00a9 Federico Kulekdjian)\" data-rl_title=\"Galer\u00eda de arte Objeto A \/ HM Arquitectos (\u00a9 Federico Kulekdjian)\" class=\"rl-gallery-link\" data-rl_caption=\"Galer\u00eda de arte Objeto A \/ HM Arquitectos (\u00a9 Federico Kulekdjian)\" data-rel=\"lightbox-gallery-1\"><img loading=\"lazy\" decoding=\"async\" width=\"150\" height=\"150\" src=\"https:\/\/www.arquimaster.com.ar\/web\/wp-content\/uploads\/2013\/04\/galeria_arte11b-150x150.jpg\" class=\"attachment-thumbnail size-thumbnail\" alt=\"\" aria-describedby=\"gallery-1-5475\" srcset=\"https:\/\/www.arquimaster.com.ar\/web\/wp-content\/uploads\/2013\/04\/galeria_arte11b-150x150.jpg 150w, https:\/\/www.arquimaster.com.ar\/web\/wp-content\/uploads\/2013\/04\/galeria_arte11b-50x50.jpg 50w, https:\/\/www.arquimaster.com.ar\/web\/wp-content\/uploads\/2013\/04\/galeria_arte11b-125x125.jpg 125w\" sizes=\"auto, (max-width: 150px) 100vw, 150px\" \/><\/a>\n\t\t\t<\/div>\n\t\t\t\t<figcaption class='wp-caption-text gallery-caption' id='gallery-1-5475'>\n\t\t\t\tGaler\u00eda de arte Objeto A \/ HM Arquitectos (\u00a9 Federico Kulekdjian)\n\t\t\t\t<\/figcaption><\/figure><figure class='gallery-item'>\n\t\t\t<div class='gallery-icon portrait'>\n\t\t\t\t<a href='https:\/\/www.arquimaster.com.ar\/web\/wp-content\/uploads\/2013\/04\/galeria_arte12b.jpg' title=\"Galer\u00eda de arte Objeto A \/ HM Arquitectos (\u00a9 Federico Kulekdjian)\" data-rl_title=\"Galer\u00eda de arte Objeto A \/ HM Arquitectos (\u00a9 Federico Kulekdjian)\" class=\"rl-gallery-link\" data-rl_caption=\"Galer\u00eda de arte Objeto A \/ HM Arquitectos (\u00a9 Federico Kulekdjian)\" data-rel=\"lightbox-gallery-1\"><img loading=\"lazy\" decoding=\"async\" width=\"150\" height=\"150\" src=\"https:\/\/www.arquimaster.com.ar\/web\/wp-content\/uploads\/2013\/04\/galeria_arte12b-150x150.jpg\" class=\"attachment-thumbnail size-thumbnail\" alt=\"\" aria-describedby=\"gallery-1-5476\" srcset=\"https:\/\/www.arquimaster.com.ar\/web\/wp-content\/uploads\/2013\/04\/galeria_arte12b-150x150.jpg 150w, https:\/\/www.arquimaster.com.ar\/web\/wp-content\/uploads\/2013\/04\/galeria_arte12b-50x50.jpg 50w, https:\/\/www.arquimaster.com.ar\/web\/wp-content\/uploads\/2013\/04\/galeria_arte12b-125x125.jpg 125w\" sizes=\"auto, (max-width: 150px) 100vw, 150px\" \/><\/a>\n\t\t\t<\/div>\n\t\t\t\t<figcaption class='wp-caption-text gallery-caption' id='gallery-1-5476'>\n\t\t\t\tGaler\u00eda de arte Objeto A \/ HM Arquitectos (\u00a9 Federico Kulekdjian)\n\t\t\t\t<\/figcaption><\/figure><figure class='gallery-item'>\n\t\t\t<div class='gallery-icon portrait'>\n\t\t\t\t<a href='https:\/\/www.arquimaster.com.ar\/web\/wp-content\/uploads\/2013\/04\/galeria_arte13b.jpg' title=\"Galer\u00eda de arte Objeto A \/ HM Arquitectos (\u00a9 Federico Kulekdjian)\" data-rl_title=\"Galer\u00eda de arte Objeto A \/ HM Arquitectos (\u00a9 Federico Kulekdjian)\" class=\"rl-gallery-link\" data-rl_caption=\"Galer\u00eda de arte Objeto A \/ HM Arquitectos (\u00a9 Federico Kulekdjian)\" data-rel=\"lightbox-gallery-1\"><img loading=\"lazy\" decoding=\"async\" width=\"150\" height=\"150\" src=\"https:\/\/www.arquimaster.com.ar\/web\/wp-content\/uploads\/2013\/04\/galeria_arte13b-150x150.jpg\" class=\"attachment-thumbnail size-thumbnail\" alt=\"\" aria-describedby=\"gallery-1-5477\" srcset=\"https:\/\/www.arquimaster.com.ar\/web\/wp-content\/uploads\/2013\/04\/galeria_arte13b-150x150.jpg 150w, https:\/\/www.arquimaster.com.ar\/web\/wp-content\/uploads\/2013\/04\/galeria_arte13b-50x50.jpg 50w, https:\/\/www.arquimaster.com.ar\/web\/wp-content\/uploads\/2013\/04\/galeria_arte13b-125x125.jpg 125w\" sizes=\"auto, (max-width: 150px) 100vw, 150px\" \/><\/a>\n\t\t\t<\/div>\n\t\t\t\t<figcaption class='wp-caption-text gallery-caption' id='gallery-1-5477'>\n\t\t\t\tGaler\u00eda de arte Objeto A \/ HM Arquitectos (\u00a9 Federico Kulekdjian)\n\t\t\t\t<\/figcaption><\/figure><figure class='gallery-item'>\n\t\t\t<div class='gallery-icon landscape'>\n\t\t\t\t<a href='https:\/\/www.arquimaster.com.ar\/web\/wp-content\/uploads\/2013\/04\/galeria_arte14b.jpg' title=\"Galer\u00eda de arte Objeto A \/ HM Arquitectos (\u00a9 Federico Kulekdjian)\" data-rl_title=\"Galer\u00eda de arte Objeto A \/ HM Arquitectos (\u00a9 Federico Kulekdjian)\" class=\"rl-gallery-link\" data-rl_caption=\"Galer\u00eda de arte Objeto A \/ HM Arquitectos (\u00a9 Federico Kulekdjian)\" data-rel=\"lightbox-gallery-1\"><img loading=\"lazy\" decoding=\"async\" width=\"150\" height=\"150\" src=\"https:\/\/www.arquimaster.com.ar\/web\/wp-content\/uploads\/2013\/04\/galeria_arte14b-150x150.jpg\" class=\"attachment-thumbnail size-thumbnail\" alt=\"\" aria-describedby=\"gallery-1-5478\" srcset=\"https:\/\/www.arquimaster.com.ar\/web\/wp-content\/uploads\/2013\/04\/galeria_arte14b-150x150.jpg 150w, https:\/\/www.arquimaster.com.ar\/web\/wp-content\/uploads\/2013\/04\/galeria_arte14b-50x50.jpg 50w, https:\/\/www.arquimaster.com.ar\/web\/wp-content\/uploads\/2013\/04\/galeria_arte14b-125x125.jpg 125w\" sizes=\"auto, (max-width: 150px) 100vw, 150px\" \/><\/a>\n\t\t\t<\/div>\n\t\t\t\t<figcaption class='wp-caption-text gallery-caption' id='gallery-1-5478'>\n\t\t\t\tGaler\u00eda de arte Objeto A \/ HM Arquitectos (\u00a9 Federico Kulekdjian)\n\t\t\t\t<\/figcaption><\/figure><figure class='gallery-item'>\n\t\t\t<div class='gallery-icon landscape'>\n\t\t\t\t<a href='https:\/\/www.arquimaster.com.ar\/web\/wp-content\/uploads\/2013\/04\/galeria_arte15b.jpg' title=\"Galer\u00eda de arte Objeto A \/ HM Arquitectos (\u00a9 Federico Kulekdjian)\" data-rl_title=\"Galer\u00eda de arte Objeto A \/ HM Arquitectos (\u00a9 Federico Kulekdjian)\" class=\"rl-gallery-link\" data-rl_caption=\"Galer\u00eda de arte Objeto A \/ HM Arquitectos (\u00a9 Federico Kulekdjian)\" data-rel=\"lightbox-gallery-1\"><img loading=\"lazy\" decoding=\"async\" width=\"150\" height=\"150\" src=\"https:\/\/www.arquimaster.com.ar\/web\/wp-content\/uploads\/2013\/04\/galeria_arte15b-150x150.jpg\" class=\"attachment-thumbnail size-thumbnail\" alt=\"\" aria-describedby=\"gallery-1-5479\" srcset=\"https:\/\/www.arquimaster.com.ar\/web\/wp-content\/uploads\/2013\/04\/galeria_arte15b-150x150.jpg 150w, https:\/\/www.arquimaster.com.ar\/web\/wp-content\/uploads\/2013\/04\/galeria_arte15b-50x50.jpg 50w, https:\/\/www.arquimaster.com.ar\/web\/wp-content\/uploads\/2013\/04\/galeria_arte15b-125x125.jpg 125w\" sizes=\"auto, (max-width: 150px) 100vw, 150px\" \/><\/a>\n\t\t\t<\/div>\n\t\t\t\t<figcaption class='wp-caption-text gallery-caption' id='gallery-1-5479'>\n\t\t\t\tGaler\u00eda de arte Objeto A \/ HM Arquitectos (\u00a9 Federico Kulekdjian)\n\t\t\t\t<\/figcaption><\/figure><figure class='gallery-item'>\n\t\t\t<div class='gallery-icon landscape'>\n\t\t\t\t<a href='https:\/\/www.arquimaster.com.ar\/web\/wp-content\/uploads\/2013\/04\/galeria_arte16b.jpg' title=\"Galer\u00eda de arte Objeto A \/ HM Arquitectos (\u00a9 Federico Kulekdjian)\" data-rl_title=\"Galer\u00eda de arte Objeto A \/ HM Arquitectos (\u00a9 Federico Kulekdjian)\" class=\"rl-gallery-link\" data-rl_caption=\"Galer\u00eda de arte Objeto A \/ HM Arquitectos (\u00a9 Federico Kulekdjian)\" data-rel=\"lightbox-gallery-1\"><img loading=\"lazy\" decoding=\"async\" width=\"150\" height=\"150\" src=\"https:\/\/www.arquimaster.com.ar\/web\/wp-content\/uploads\/2013\/04\/galeria_arte16b-150x150.jpg\" class=\"attachment-thumbnail size-thumbnail\" alt=\"\" aria-describedby=\"gallery-1-5480\" srcset=\"https:\/\/www.arquimaster.com.ar\/web\/wp-content\/uploads\/2013\/04\/galeria_arte16b-150x150.jpg 150w, https:\/\/www.arquimaster.com.ar\/web\/wp-content\/uploads\/2013\/04\/galeria_arte16b-50x50.jpg 50w, https:\/\/www.arquimaster.com.ar\/web\/wp-content\/uploads\/2013\/04\/galeria_arte16b-125x125.jpg 125w\" sizes=\"auto, (max-width: 150px) 100vw, 150px\" \/><\/a>\n\t\t\t<\/div>\n\t\t\t\t<figcaption class='wp-caption-text gallery-caption' id='gallery-1-5480'>\n\t\t\t\tGaler\u00eda de arte Objeto A \/ HM Arquitectos (\u00a9 Federico Kulekdjian)\n\t\t\t\t<\/figcaption><\/figure><figure class='gallery-item'>\n\t\t\t<div class='gallery-icon landscape'>\n\t\t\t\t<a href='https:\/\/www.arquimaster.com.ar\/web\/wp-content\/uploads\/2013\/04\/galeria_arte17b.jpg' title=\"Galer\u00eda de arte Objeto A \/ HM Arquitectos (\u00a9 Federico Kulekdjian)\" data-rl_title=\"Galer\u00eda de arte Objeto A \/ HM Arquitectos (\u00a9 Federico Kulekdjian)\" class=\"rl-gallery-link\" data-rl_caption=\"Galer\u00eda de arte Objeto A \/ HM Arquitectos (\u00a9 Federico Kulekdjian)\" data-rel=\"lightbox-gallery-1\"><img loading=\"lazy\" decoding=\"async\" width=\"150\" height=\"150\" src=\"https:\/\/www.arquimaster.com.ar\/web\/wp-content\/uploads\/2013\/04\/galeria_arte17b-150x150.jpg\" class=\"attachment-thumbnail size-thumbnail\" alt=\"\" aria-describedby=\"gallery-1-5481\" srcset=\"https:\/\/www.arquimaster.com.ar\/web\/wp-content\/uploads\/2013\/04\/galeria_arte17b-150x150.jpg 150w, https:\/\/www.arquimaster.com.ar\/web\/wp-content\/uploads\/2013\/04\/galeria_arte17b-50x50.jpg 50w, https:\/\/www.arquimaster.com.ar\/web\/wp-content\/uploads\/2013\/04\/galeria_arte17b-125x125.jpg 125w\" sizes=\"auto, (max-width: 150px) 100vw, 150px\" \/><\/a>\n\t\t\t<\/div>\n\t\t\t\t<figcaption class='wp-caption-text gallery-caption' id='gallery-1-5481'>\n\t\t\t\tGaler\u00eda de arte Objeto A \/ HM Arquitectos (\u00a9 Federico Kulekdjian)\n\t\t\t\t<\/figcaption><\/figure><figure class='gallery-item'>\n\t\t\t<div class='gallery-icon landscape'>\n\t\t\t\t<a href='https:\/\/www.arquimaster.com.ar\/web\/wp-content\/uploads\/2013\/04\/galeria_arte18b.jpg' title=\"Galer\u00eda de arte Objeto A \/ HM Arquitectos (\u00a9 Federico Kulekdjian)\" data-rl_title=\"Galer\u00eda de arte Objeto A \/ HM Arquitectos (\u00a9 Federico Kulekdjian)\" class=\"rl-gallery-link\" data-rl_caption=\"Galer\u00eda de arte Objeto A \/ HM Arquitectos (\u00a9 Federico Kulekdjian)\" data-rel=\"lightbox-gallery-1\"><img loading=\"lazy\" decoding=\"async\" width=\"150\" height=\"150\" src=\"https:\/\/www.arquimaster.com.ar\/web\/wp-content\/uploads\/2013\/04\/galeria_arte18b-150x150.jpg\" class=\"attachment-thumbnail size-thumbnail\" alt=\"\" aria-describedby=\"gallery-1-5482\" srcset=\"https:\/\/www.arquimaster.com.ar\/web\/wp-content\/uploads\/2013\/04\/galeria_arte18b-150x150.jpg 150w, https:\/\/www.arquimaster.com.ar\/web\/wp-content\/uploads\/2013\/04\/galeria_arte18b-50x50.jpg 50w, https:\/\/www.arquimaster.com.ar\/web\/wp-content\/uploads\/2013\/04\/galeria_arte18b-125x125.jpg 125w\" sizes=\"auto, (max-width: 150px) 100vw, 150px\" \/><\/a>\n\t\t\t<\/div>\n\t\t\t\t<figcaption class='wp-caption-text gallery-caption' id='gallery-1-5482'>\n\t\t\t\tGaler\u00eda de arte Objeto A \/ HM Arquitectos (\u00a9 Federico Kulekdjian)\n\t\t\t\t<\/figcaption><\/figure><figure class='gallery-item'>\n\t\t\t<div class='gallery-icon portrait'>\n\t\t\t\t<a href='https:\/\/www.arquimaster.com.ar\/web\/wp-content\/uploads\/2013\/04\/galeria_arte19b.jpg' title=\"Galer\u00eda de arte Objeto A \/ HM Arquitectos (\u00a9 Federico Kulekdjian)\" data-rl_title=\"Galer\u00eda de arte Objeto A \/ HM Arquitectos (\u00a9 Federico Kulekdjian)\" class=\"rl-gallery-link\" data-rl_caption=\"Galer\u00eda de arte Objeto A \/ HM Arquitectos (\u00a9 Federico Kulekdjian)\" data-rel=\"lightbox-gallery-1\"><img loading=\"lazy\" decoding=\"async\" width=\"150\" height=\"150\" src=\"https:\/\/www.arquimaster.com.ar\/web\/wp-content\/uploads\/2013\/04\/galeria_arte19b-150x150.jpg\" class=\"attachment-thumbnail size-thumbnail\" alt=\"\" aria-describedby=\"gallery-1-5483\" srcset=\"https:\/\/www.arquimaster.com.ar\/web\/wp-content\/uploads\/2013\/04\/galeria_arte19b-150x150.jpg 150w, https:\/\/www.arquimaster.com.ar\/web\/wp-content\/uploads\/2013\/04\/galeria_arte19b-50x50.jpg 50w, https:\/\/www.arquimaster.com.ar\/web\/wp-content\/uploads\/2013\/04\/galeria_arte19b-125x125.jpg 125w\" sizes=\"auto, (max-width: 150px) 100vw, 150px\" \/><\/a>\n\t\t\t<\/div>\n\t\t\t\t<figcaption class='wp-caption-text gallery-caption' id='gallery-1-5483'>\n\t\t\t\tGaler\u00eda de arte Objeto A \/ HM Arquitectos (\u00a9 Federico Kulekdjian)\n\t\t\t\t<\/figcaption><\/figure><figure class='gallery-item'>\n\t\t\t<div class='gallery-icon portrait'>\n\t\t\t\t<a href='https:\/\/www.arquimaster.com.ar\/web\/wp-content\/uploads\/2013\/04\/galeria_arte20b.jpg' title=\"Galer\u00eda de arte Objeto A \/ HM Arquitectos (\u00a9 Federico Kulekdjian)\" data-rl_title=\"Galer\u00eda de arte Objeto A \/ HM Arquitectos (\u00a9 Federico Kulekdjian)\" class=\"rl-gallery-link\" data-rl_caption=\"Galer\u00eda de arte Objeto A \/ HM Arquitectos (\u00a9 Federico Kulekdjian)\" data-rel=\"lightbox-gallery-1\"><img loading=\"lazy\" decoding=\"async\" width=\"150\" height=\"150\" src=\"https:\/\/www.arquimaster.com.ar\/web\/wp-content\/uploads\/2013\/04\/galeria_arte20b-150x150.jpg\" class=\"attachment-thumbnail size-thumbnail\" alt=\"\" aria-describedby=\"gallery-1-5484\" srcset=\"https:\/\/www.arquimaster.com.ar\/web\/wp-content\/uploads\/2013\/04\/galeria_arte20b-150x150.jpg 150w, https:\/\/www.arquimaster.com.ar\/web\/wp-content\/uploads\/2013\/04\/galeria_arte20b-50x50.jpg 50w, https:\/\/www.arquimaster.com.ar\/web\/wp-content\/uploads\/2013\/04\/galeria_arte20b-125x125.jpg 125w\" sizes=\"auto, (max-width: 150px) 100vw, 150px\" \/><\/a>\n\t\t\t<\/div>\n\t\t\t\t<figcaption class='wp-caption-text gallery-caption' id='gallery-1-5484'>\n\t\t\t\tGaler\u00eda de arte Objeto A \/ HM Arquitectos (\u00a9 Federico Kulekdjian)\n\t\t\t\t<\/figcaption><\/figure><figure class='gallery-item'>\n\t\t\t<div class='gallery-icon portrait'>\n\t\t\t\t<a href='https:\/\/www.arquimaster.com.ar\/web\/wp-content\/uploads\/2013\/04\/galeria_arte21b.jpg' title=\"Galer\u00eda de arte Objeto A \/ HM Arquitectos (\u00a9 Federico Kulekdjian)\" data-rl_title=\"Galer\u00eda de arte Objeto A \/ HM Arquitectos (\u00a9 Federico Kulekdjian)\" class=\"rl-gallery-link\" data-rl_caption=\"Galer\u00eda de arte Objeto A \/ HM Arquitectos (\u00a9 Federico Kulekdjian)\" data-rel=\"lightbox-gallery-1\"><img loading=\"lazy\" decoding=\"async\" width=\"150\" height=\"150\" src=\"https:\/\/www.arquimaster.com.ar\/web\/wp-content\/uploads\/2013\/04\/galeria_arte21b-150x150.jpg\" class=\"attachment-thumbnail size-thumbnail\" alt=\"\" aria-describedby=\"gallery-1-5485\" srcset=\"https:\/\/www.arquimaster.com.ar\/web\/wp-content\/uploads\/2013\/04\/galeria_arte21b-150x150.jpg 150w, https:\/\/www.arquimaster.com.ar\/web\/wp-content\/uploads\/2013\/04\/galeria_arte21b-50x50.jpg 50w, https:\/\/www.arquimaster.com.ar\/web\/wp-content\/uploads\/2013\/04\/galeria_arte21b-125x125.jpg 125w\" sizes=\"auto, (max-width: 150px) 100vw, 150px\" \/><\/a>\n\t\t\t<\/div>\n\t\t\t\t<figcaption class='wp-caption-text gallery-caption' id='gallery-1-5485'>\n\t\t\t\tGaler\u00eda de arte Objeto A \/ HM Arquitectos (\u00a9 Federico Kulekdjian)\n\t\t\t\t<\/figcaption><\/figure><figure class='gallery-item'>\n\t\t\t<div class='gallery-icon portrait'>\n\t\t\t\t<a href='https:\/\/www.arquimaster.com.ar\/web\/wp-content\/uploads\/2013\/04\/galeria_arte22b.jpg' title=\"Galer\u00eda de arte Objeto A \/ HM Arquitectos (\u00a9 Federico Kulekdjian)\" data-rl_title=\"Galer\u00eda de arte Objeto A \/ HM Arquitectos (\u00a9 Federico Kulekdjian)\" class=\"rl-gallery-link\" data-rl_caption=\"Galer\u00eda de arte Objeto A \/ HM Arquitectos (\u00a9 Federico Kulekdjian)\" data-rel=\"lightbox-gallery-1\"><img loading=\"lazy\" decoding=\"async\" width=\"150\" height=\"150\" src=\"https:\/\/www.arquimaster.com.ar\/web\/wp-content\/uploads\/2013\/04\/galeria_arte22b-150x150.jpg\" class=\"attachment-thumbnail size-thumbnail\" alt=\"\" aria-describedby=\"gallery-1-5486\" srcset=\"https:\/\/www.arquimaster.com.ar\/web\/wp-content\/uploads\/2013\/04\/galeria_arte22b-150x150.jpg 150w, https:\/\/www.arquimaster.com.ar\/web\/wp-content\/uploads\/2013\/04\/galeria_arte22b-50x50.jpg 50w, https:\/\/www.arquimaster.com.ar\/web\/wp-content\/uploads\/2013\/04\/galeria_arte22b-125x125.jpg 125w\" sizes=\"auto, (max-width: 150px) 100vw, 150px\" \/><\/a>\n\t\t\t<\/div>\n\t\t\t\t<figcaption class='wp-caption-text gallery-caption' id='gallery-1-5486'>\n\t\t\t\tGaler\u00eda de arte Objeto A \/ HM Arquitectos (\u00a9 Federico Kulekdjian)\n\t\t\t\t<\/figcaption><\/figure><figure class='gallery-item'>\n\t\t\t<div class='gallery-icon portrait'>\n\t\t\t\t<a href='https:\/\/www.arquimaster.com.ar\/web\/wp-content\/uploads\/2013\/04\/galeria_arte23b.jpg' title=\"Galer\u00eda de arte Objeto A \/ HM Arquitectos (\u00a9 Federico Kulekdjian)\" data-rl_title=\"Galer\u00eda de arte Objeto A \/ HM Arquitectos (\u00a9 Federico Kulekdjian)\" class=\"rl-gallery-link\" data-rl_caption=\"Galer\u00eda de arte Objeto A \/ HM Arquitectos (\u00a9 Federico Kulekdjian)\" data-rel=\"lightbox-gallery-1\"><img loading=\"lazy\" decoding=\"async\" width=\"150\" height=\"150\" src=\"https:\/\/www.arquimaster.com.ar\/web\/wp-content\/uploads\/2013\/04\/galeria_arte23b-150x150.jpg\" class=\"attachment-thumbnail size-thumbnail\" alt=\"\" aria-describedby=\"gallery-1-5487\" srcset=\"https:\/\/www.arquimaster.com.ar\/web\/wp-content\/uploads\/2013\/04\/galeria_arte23b-150x150.jpg 150w, https:\/\/www.arquimaster.com.ar\/web\/wp-content\/uploads\/2013\/04\/galeria_arte23b-50x50.jpg 50w, https:\/\/www.arquimaster.com.ar\/web\/wp-content\/uploads\/2013\/04\/galeria_arte23b-125x125.jpg 125w\" sizes=\"auto, (max-width: 150px) 100vw, 150px\" \/><\/a>\n\t\t\t<\/div>\n\t\t\t\t<figcaption class='wp-caption-text gallery-caption' id='gallery-1-5487'>\n\t\t\t\tGaler\u00eda de arte Objeto A \/ HM Arquitectos (\u00a9 Federico Kulekdjian)\n\t\t\t\t<\/figcaption><\/figure><figure class='gallery-item'>\n\t\t\t<div class='gallery-icon portrait'>\n\t\t\t\t<a href='https:\/\/www.arquimaster.com.ar\/web\/wp-content\/uploads\/2013\/04\/galeria_arte24b.jpg' title=\"Galer\u00eda de arte Objeto A \/ HM Arquitectos (\u00a9 Federico Kulekdjian)\" data-rl_title=\"Galer\u00eda de arte Objeto A \/ HM Arquitectos (\u00a9 Federico Kulekdjian)\" class=\"rl-gallery-link\" data-rl_caption=\"Galer\u00eda de arte Objeto A \/ HM Arquitectos (\u00a9 Federico Kulekdjian)\" data-rel=\"lightbox-gallery-1\"><img loading=\"lazy\" decoding=\"async\" width=\"150\" height=\"150\" src=\"https:\/\/www.arquimaster.com.ar\/web\/wp-content\/uploads\/2013\/04\/galeria_arte24b-150x150.jpg\" class=\"attachment-thumbnail size-thumbnail\" alt=\"\" aria-describedby=\"gallery-1-5488\" srcset=\"https:\/\/www.arquimaster.com.ar\/web\/wp-content\/uploads\/2013\/04\/galeria_arte24b-150x150.jpg 150w, https:\/\/www.arquimaster.com.ar\/web\/wp-content\/uploads\/2013\/04\/galeria_arte24b-50x50.jpg 50w, https:\/\/www.arquimaster.com.ar\/web\/wp-content\/uploads\/2013\/04\/galeria_arte24b-125x125.jpg 125w\" sizes=\"auto, (max-width: 150px) 100vw, 150px\" \/><\/a>\n\t\t\t<\/div>\n\t\t\t\t<figcaption class='wp-caption-text gallery-caption' id='gallery-1-5488'>\n\t\t\t\tGaler\u00eda de arte Objeto A \/ HM Arquitectos (\u00a9 Federico Kulekdjian)\n\t\t\t\t<\/figcaption><\/figure><figure class='gallery-item'>\n\t\t\t<div class='gallery-icon portrait'>\n\t\t\t\t<a href='https:\/\/www.arquimaster.com.ar\/web\/wp-content\/uploads\/2013\/04\/galeria_arte25b.jpg' title=\"Galer\u00eda de arte Objeto A \/ HM Arquitectos (\u00a9 Federico Kulekdjian)\" data-rl_title=\"Galer\u00eda de arte Objeto A \/ HM Arquitectos (\u00a9 Federico Kulekdjian)\" class=\"rl-gallery-link\" data-rl_caption=\"Galer\u00eda de arte Objeto A \/ HM Arquitectos (\u00a9 Federico Kulekdjian)\" data-rel=\"lightbox-gallery-1\"><img loading=\"lazy\" decoding=\"async\" width=\"150\" height=\"150\" src=\"https:\/\/www.arquimaster.com.ar\/web\/wp-content\/uploads\/2013\/04\/galeria_arte25b-150x150.jpg\" class=\"attachment-thumbnail size-thumbnail\" alt=\"\" aria-describedby=\"gallery-1-5489\" srcset=\"https:\/\/www.arquimaster.com.ar\/web\/wp-content\/uploads\/2013\/04\/galeria_arte25b-150x150.jpg 150w, https:\/\/www.arquimaster.com.ar\/web\/wp-content\/uploads\/2013\/04\/galeria_arte25b-50x50.jpg 50w, https:\/\/www.arquimaster.com.ar\/web\/wp-content\/uploads\/2013\/04\/galeria_arte25b-125x125.jpg 125w\" sizes=\"auto, (max-width: 150px) 100vw, 150px\" \/><\/a>\n\t\t\t<\/div>\n\t\t\t\t<figcaption class='wp-caption-text gallery-caption' id='gallery-1-5489'>\n\t\t\t\tGaler\u00eda de arte Objeto A \/ HM Arquitectos (\u00a9 Federico Kulekdjian)\n\t\t\t\t<\/figcaption><\/figure><figure class='gallery-item'>\n\t\t\t<div class='gallery-icon portrait'>\n\t\t\t\t<a href='https:\/\/www.arquimaster.com.ar\/web\/wp-content\/uploads\/2013\/04\/galeria_arte26b.jpg' title=\"Galer\u00eda de arte Objeto A \/ HM Arquitectos (\u00a9 Federico Kulekdjian)\" data-rl_title=\"Galer\u00eda de arte Objeto A \/ HM Arquitectos (\u00a9 Federico Kulekdjian)\" class=\"rl-gallery-link\" data-rl_caption=\"Galer\u00eda de arte Objeto A \/ HM Arquitectos (\u00a9 Federico Kulekdjian)\" data-rel=\"lightbox-gallery-1\"><img loading=\"lazy\" decoding=\"async\" width=\"150\" height=\"150\" src=\"https:\/\/www.arquimaster.com.ar\/web\/wp-content\/uploads\/2013\/04\/galeria_arte26b-150x150.jpg\" class=\"attachment-thumbnail size-thumbnail\" alt=\"\" aria-describedby=\"gallery-1-5490\" srcset=\"https:\/\/www.arquimaster.com.ar\/web\/wp-content\/uploads\/2013\/04\/galeria_arte26b-150x150.jpg 150w, https:\/\/www.arquimaster.com.ar\/web\/wp-content\/uploads\/2013\/04\/galeria_arte26b-50x50.jpg 50w, https:\/\/www.arquimaster.com.ar\/web\/wp-content\/uploads\/2013\/04\/galeria_arte26b-125x125.jpg 125w\" sizes=\"auto, (max-width: 150px) 100vw, 150px\" \/><\/a>\n\t\t\t<\/div>\n\t\t\t\t<figcaption class='wp-caption-text gallery-caption' id='gallery-1-5490'>\n\t\t\t\tGaler\u00eda de arte Objeto A \/ HM Arquitectos (\u00a9 Federico Kulekdjian)\n\t\t\t\t<\/figcaption><\/figure><figure class='gallery-item'>\n\t\t\t<div class='gallery-icon portrait'>\n\t\t\t\t<a href='https:\/\/www.arquimaster.com.ar\/web\/wp-content\/uploads\/2013\/04\/galeria_arte27b.jpg' title=\"Galer\u00eda de arte Objeto A \/ HM Arquitectos (\u00a9 Federico Kulekdjian)\" data-rl_title=\"Galer\u00eda de arte Objeto A \/ HM Arquitectos (\u00a9 Federico Kulekdjian)\" class=\"rl-gallery-link\" data-rl_caption=\"Galer\u00eda de arte Objeto A \/ HM Arquitectos (\u00a9 Federico Kulekdjian)\" data-rel=\"lightbox-gallery-1\"><img loading=\"lazy\" decoding=\"async\" width=\"150\" height=\"150\" src=\"https:\/\/www.arquimaster.com.ar\/web\/wp-content\/uploads\/2013\/04\/galeria_arte27b-150x150.jpg\" class=\"attachment-thumbnail size-thumbnail\" alt=\"\" aria-describedby=\"gallery-1-5491\" srcset=\"https:\/\/www.arquimaster.com.ar\/web\/wp-content\/uploads\/2013\/04\/galeria_arte27b-150x150.jpg 150w, https:\/\/www.arquimaster.com.ar\/web\/wp-content\/uploads\/2013\/04\/galeria_arte27b-50x50.jpg 50w, https:\/\/www.arquimaster.com.ar\/web\/wp-content\/uploads\/2013\/04\/galeria_arte27b-125x125.jpg 125w\" sizes=\"auto, (max-width: 150px) 100vw, 150px\" \/><\/a>\n\t\t\t<\/div>\n\t\t\t\t<figcaption class='wp-caption-text gallery-caption' id='gallery-1-5491'>\n\t\t\t\tGaler\u00eda de arte Objeto A \/ HM Arquitectos (\u00a9 Federico Kulekdjian)\n\t\t\t\t<\/figcaption><\/figure><figure class='gallery-item'>\n\t\t\t<div class='gallery-icon portrait'>\n\t\t\t\t<a href='https:\/\/www.arquimaster.com.ar\/web\/wp-content\/uploads\/2013\/04\/galeria_arte_pb.jpg' title=\"Galer\u00eda de arte Objeto A \/ HM Arquitectos (planta baja)\" data-rl_title=\"Galer\u00eda de arte Objeto A \/ HM Arquitectos (planta baja)\" class=\"rl-gallery-link\" data-rl_caption=\"Galer\u00eda de arte Objeto A \/ HM Arquitectos (planta baja)\" data-rel=\"lightbox-gallery-1\"><img loading=\"lazy\" decoding=\"async\" width=\"150\" height=\"150\" src=\"https:\/\/www.arquimaster.com.ar\/web\/wp-content\/uploads\/2013\/04\/galeria_arte_pb-150x150.jpg\" class=\"attachment-thumbnail size-thumbnail\" alt=\"\" aria-describedby=\"gallery-1-5497\" srcset=\"https:\/\/www.arquimaster.com.ar\/web\/wp-content\/uploads\/2013\/04\/galeria_arte_pb-150x150.jpg 150w, https:\/\/www.arquimaster.com.ar\/web\/wp-content\/uploads\/2013\/04\/galeria_arte_pb-50x50.jpg 50w, https:\/\/www.arquimaster.com.ar\/web\/wp-content\/uploads\/2013\/04\/galeria_arte_pb-125x125.jpg 125w\" sizes=\"auto, (max-width: 150px) 100vw, 150px\" \/><\/a>\n\t\t\t<\/div>\n\t\t\t\t<figcaption class='wp-caption-text gallery-caption' id='gallery-1-5497'>\n\t\t\t\tGaler\u00eda de arte Objeto A \/ HM Arquitectos (planta baja)\n\t\t\t\t<\/figcaption><\/figure><figure class='gallery-item'>\n\t\t\t<div class='gallery-icon portrait'>\n\t\t\t\t<a href='https:\/\/www.arquimaster.com.ar\/web\/wp-content\/uploads\/2013\/04\/galeria_arte_p1.jpg' title=\"Galer\u00eda de arte Objeto A \/ HM Arquitectos (planta 1\u00ba piso)\" data-rl_title=\"Galer\u00eda de arte Objeto A \/ HM Arquitectos (planta 1\u00ba piso)\" class=\"rl-gallery-link\" data-rl_caption=\"Galer\u00eda de arte Objeto A \/ HM Arquitectos (planta 1\u00ba piso)\" data-rel=\"lightbox-gallery-1\"><img loading=\"lazy\" decoding=\"async\" width=\"150\" height=\"150\" src=\"https:\/\/www.arquimaster.com.ar\/web\/wp-content\/uploads\/2013\/04\/galeria_arte_p1-150x150.jpg\" class=\"attachment-thumbnail size-thumbnail\" alt=\"\" aria-describedby=\"gallery-1-5496\" srcset=\"https:\/\/www.arquimaster.com.ar\/web\/wp-content\/uploads\/2013\/04\/galeria_arte_p1-150x150.jpg 150w, https:\/\/www.arquimaster.com.ar\/web\/wp-content\/uploads\/2013\/04\/galeria_arte_p1-50x50.jpg 50w, https:\/\/www.arquimaster.com.ar\/web\/wp-content\/uploads\/2013\/04\/galeria_arte_p1-125x125.jpg 125w\" sizes=\"auto, (max-width: 150px) 100vw, 150px\" \/><\/a>\n\t\t\t<\/div>\n\t\t\t\t<figcaption class='wp-caption-text gallery-caption' id='gallery-1-5496'>\n\t\t\t\tGaler\u00eda de arte Objeto A \/ HM Arquitectos (planta 1\u00ba piso)\n\t\t\t\t<\/figcaption><\/figure><figure class='gallery-item'>\n\t\t\t<div class='gallery-icon portrait'>\n\t\t\t\t<a href='https:\/\/www.arquimaster.com.ar\/web\/wp-content\/uploads\/2013\/04\/galeria_arte_pe.jpg' title=\"Galer\u00eda de arte Objeto A \/ HM Arquitectos (planta entrepiso)\" data-rl_title=\"Galer\u00eda de arte Objeto A \/ HM Arquitectos (planta entrepiso)\" class=\"rl-gallery-link\" data-rl_caption=\"Galer\u00eda de arte Objeto A \/ HM Arquitectos (planta entrepiso)\" data-rel=\"lightbox-gallery-1\"><img loading=\"lazy\" decoding=\"async\" width=\"150\" height=\"150\" src=\"https:\/\/www.arquimaster.com.ar\/web\/wp-content\/uploads\/2013\/04\/galeria_arte_pe-150x150.jpg\" class=\"attachment-thumbnail size-thumbnail\" alt=\"\" aria-describedby=\"gallery-1-5498\" srcset=\"https:\/\/www.arquimaster.com.ar\/web\/wp-content\/uploads\/2013\/04\/galeria_arte_pe-150x150.jpg 150w, https:\/\/www.arquimaster.com.ar\/web\/wp-content\/uploads\/2013\/04\/galeria_arte_pe-50x50.jpg 50w, https:\/\/www.arquimaster.com.ar\/web\/wp-content\/uploads\/2013\/04\/galeria_arte_pe-125x125.jpg 125w\" sizes=\"auto, (max-width: 150px) 100vw, 150px\" \/><\/a>\n\t\t\t<\/div>\n\t\t\t\t<figcaption class='wp-caption-text gallery-caption' id='gallery-1-5498'>\n\t\t\t\tGaler\u00eda de arte Objeto A \/ HM Arquitectos (planta entrepiso)\n\t\t\t\t<\/figcaption><\/figure><figure class='gallery-item'>\n\t\t\t<div class='gallery-icon portrait'>\n\t\t\t\t<a href='https:\/\/www.arquimaster.com.ar\/web\/wp-content\/uploads\/2013\/04\/galeria_arte_pt.jpg' title=\"Galer\u00eda de arte Objeto A \/ HM Arquitectos (planta techos)\" data-rl_title=\"Galer\u00eda de arte Objeto A \/ HM Arquitectos (planta techos)\" class=\"rl-gallery-link\" data-rl_caption=\"Galer\u00eda de arte Objeto A \/ HM Arquitectos (planta techos)\" data-rel=\"lightbox-gallery-1\"><img loading=\"lazy\" decoding=\"async\" width=\"150\" height=\"150\" src=\"https:\/\/www.arquimaster.com.ar\/web\/wp-content\/uploads\/2013\/04\/galeria_arte_pt-150x150.jpg\" class=\"attachment-thumbnail size-thumbnail\" alt=\"\" aria-describedby=\"gallery-1-5499\" srcset=\"https:\/\/www.arquimaster.com.ar\/web\/wp-content\/uploads\/2013\/04\/galeria_arte_pt-150x150.jpg 150w, https:\/\/www.arquimaster.com.ar\/web\/wp-content\/uploads\/2013\/04\/galeria_arte_pt-50x50.jpg 50w, https:\/\/www.arquimaster.com.ar\/web\/wp-content\/uploads\/2013\/04\/galeria_arte_pt-125x125.jpg 125w\" sizes=\"auto, (max-width: 150px) 100vw, 150px\" \/><\/a>\n\t\t\t<\/div>\n\t\t\t\t<figcaption class='wp-caption-text gallery-caption' id='gallery-1-5499'>\n\t\t\t\tGaler\u00eda de arte Objeto A \/ HM Arquitectos (planta techos)\n\t\t\t\t<\/figcaption><\/figure><figure class='gallery-item'>\n\t\t\t<div class='gallery-icon landscape'>\n\t\t\t\t<a href='https:\/\/www.arquimaster.com.ar\/web\/wp-content\/uploads\/2013\/04\/galeria_arte_ca.jpg' title=\"Galer\u00eda de arte Objeto A \/ HM Arquitectos (corte)\" data-rl_title=\"Galer\u00eda de arte Objeto A \/ HM Arquitectos (corte)\" class=\"rl-gallery-link\" data-rl_caption=\"Galer\u00eda de arte Objeto A \/ HM Arquitectos (corte)\" data-rel=\"lightbox-gallery-1\"><img loading=\"lazy\" decoding=\"async\" width=\"150\" height=\"150\" src=\"https:\/\/www.arquimaster.com.ar\/web\/wp-content\/uploads\/2013\/04\/galeria_arte_ca-150x150.jpg\" class=\"attachment-thumbnail size-thumbnail\" alt=\"\" aria-describedby=\"gallery-1-5492\" srcset=\"https:\/\/www.arquimaster.com.ar\/web\/wp-content\/uploads\/2013\/04\/galeria_arte_ca-150x150.jpg 150w, https:\/\/www.arquimaster.com.ar\/web\/wp-content\/uploads\/2013\/04\/galeria_arte_ca-50x50.jpg 50w, https:\/\/www.arquimaster.com.ar\/web\/wp-content\/uploads\/2013\/04\/galeria_arte_ca-125x125.jpg 125w\" sizes=\"auto, (max-width: 150px) 100vw, 150px\" \/><\/a>\n\t\t\t<\/div>\n\t\t\t\t<figcaption class='wp-caption-text gallery-caption' id='gallery-1-5492'>\n\t\t\t\tGaler\u00eda de arte Objeto A \/ HM Arquitectos (corte)\n\t\t\t\t<\/figcaption><\/figure><figure class='gallery-item'>\n\t\t\t<div class='gallery-icon portrait'>\n\t\t\t\t<a href='https:\/\/www.arquimaster.com.ar\/web\/wp-content\/uploads\/2013\/04\/galeria_arte_cb.jpg' title=\"Galer\u00eda de arte Objeto A \/ HM Arquitectos (corte)\" data-rl_title=\"Galer\u00eda de arte Objeto A \/ HM Arquitectos (corte)\" class=\"rl-gallery-link\" data-rl_caption=\"Galer\u00eda de arte Objeto A \/ HM Arquitectos (corte)\" data-rel=\"lightbox-gallery-1\"><img loading=\"lazy\" decoding=\"async\" width=\"150\" height=\"150\" src=\"https:\/\/www.arquimaster.com.ar\/web\/wp-content\/uploads\/2013\/04\/galeria_arte_cb-150x150.jpg\" class=\"attachment-thumbnail size-thumbnail\" alt=\"\" aria-describedby=\"gallery-1-5493\" srcset=\"https:\/\/www.arquimaster.com.ar\/web\/wp-content\/uploads\/2013\/04\/galeria_arte_cb-150x150.jpg 150w, https:\/\/www.arquimaster.com.ar\/web\/wp-content\/uploads\/2013\/04\/galeria_arte_cb-50x50.jpg 50w, https:\/\/www.arquimaster.com.ar\/web\/wp-content\/uploads\/2013\/04\/galeria_arte_cb-125x125.jpg 125w\" sizes=\"auto, (max-width: 150px) 100vw, 150px\" \/><\/a>\n\t\t\t<\/div>\n\t\t\t\t<figcaption class='wp-caption-text gallery-caption' id='gallery-1-5493'>\n\t\t\t\tGaler\u00eda de arte Objeto A \/ HM Arquitectos (corte)\n\t\t\t\t<\/figcaption><\/figure><figure class='gallery-item'>\n\t\t\t<div class='gallery-icon portrait'>\n\t\t\t\t<a href='https:\/\/www.arquimaster.com.ar\/web\/wp-content\/uploads\/2013\/04\/galeria_arte_vf.jpg' title=\"Galer\u00eda de arte Objeto A \/ HM Arquitectos (vista)\" data-rl_title=\"Galer\u00eda de arte Objeto A \/ HM Arquitectos (vista)\" class=\"rl-gallery-link\" data-rl_caption=\"Galer\u00eda de arte Objeto A \/ HM Arquitectos (vista)\" data-rel=\"lightbox-gallery-1\"><img loading=\"lazy\" decoding=\"async\" width=\"150\" height=\"150\" src=\"https:\/\/www.arquimaster.com.ar\/web\/wp-content\/uploads\/2013\/04\/galeria_arte_vf-150x150.jpg\" class=\"attachment-thumbnail size-thumbnail\" alt=\"\" aria-describedby=\"gallery-1-5500\" srcset=\"https:\/\/www.arquimaster.com.ar\/web\/wp-content\/uploads\/2013\/04\/galeria_arte_vf-150x150.jpg 150w, https:\/\/www.arquimaster.com.ar\/web\/wp-content\/uploads\/2013\/04\/galeria_arte_vf-50x50.jpg 50w, https:\/\/www.arquimaster.com.ar\/web\/wp-content\/uploads\/2013\/04\/galeria_arte_vf-125x125.jpg 125w\" sizes=\"auto, (max-width: 150px) 100vw, 150px\" \/><\/a>\n\t\t\t<\/div>\n\t\t\t\t<figcaption class='wp-caption-text gallery-caption' id='gallery-1-5500'>\n\t\t\t\tGaler\u00eda de arte Objeto A \/ HM Arquitectos (vista)\n\t\t\t\t<\/figcaption><\/figure><figure class='gallery-item'>\n\t\t\t<div class='gallery-icon portrait'>\n\t\t\t\t<a href='https:\/\/www.arquimaster.com.ar\/web\/wp-content\/uploads\/2013\/04\/galeria_arte_d2.jpg' title=\"Galer\u00eda de arte Objeto A \/ HM Arquitectos (detalle)\" data-rl_title=\"Galer\u00eda de arte Objeto A \/ HM Arquitectos (detalle)\" class=\"rl-gallery-link\" data-rl_caption=\"Galer\u00eda de arte Objeto A \/ HM Arquitectos (detalle)\" data-rel=\"lightbox-gallery-1\"><img loading=\"lazy\" decoding=\"async\" width=\"150\" height=\"150\" src=\"https:\/\/www.arquimaster.com.ar\/web\/wp-content\/uploads\/2013\/04\/galeria_arte_d2-150x150.jpg\" class=\"attachment-thumbnail size-thumbnail\" alt=\"\" aria-describedby=\"gallery-1-5495\" srcset=\"https:\/\/www.arquimaster.com.ar\/web\/wp-content\/uploads\/2013\/04\/galeria_arte_d2-150x150.jpg 150w, https:\/\/www.arquimaster.com.ar\/web\/wp-content\/uploads\/2013\/04\/galeria_arte_d2-50x50.jpg 50w, https:\/\/www.arquimaster.com.ar\/web\/wp-content\/uploads\/2013\/04\/galeria_arte_d2-125x125.jpg 125w\" sizes=\"auto, (max-width: 150px) 100vw, 150px\" \/><\/a>\n\t\t\t<\/div>\n\t\t\t\t<figcaption class='wp-caption-text gallery-caption' id='gallery-1-5495'>\n\t\t\t\tGaler\u00eda de arte Objeto A \/ HM Arquitectos (detalle)\n\t\t\t\t<\/figcaption><\/figure><figure class='gallery-item'>\n\t\t\t<div class='gallery-icon portrait'>\n\t\t\t\t<a href='https:\/\/www.arquimaster.com.ar\/web\/wp-content\/uploads\/2013\/04\/galeria_arte_d1_.jpg' title=\"Galer\u00eda de arte Objeto A \/ HM Arquitectos (detalle)\" data-rl_title=\"Galer\u00eda de arte Objeto A \/ HM Arquitectos (detalle)\" class=\"rl-gallery-link\" data-rl_caption=\"Galer\u00eda de arte Objeto A \/ HM Arquitectos (detalle)\" data-rel=\"lightbox-gallery-1\"><img loading=\"lazy\" decoding=\"async\" width=\"150\" height=\"150\" src=\"https:\/\/www.arquimaster.com.ar\/web\/wp-content\/uploads\/2013\/04\/galeria_arte_d1_-150x150.jpg\" class=\"attachment-thumbnail size-thumbnail\" alt=\"\" aria-describedby=\"gallery-1-5501\" srcset=\"https:\/\/www.arquimaster.com.ar\/web\/wp-content\/uploads\/2013\/04\/galeria_arte_d1_-150x150.jpg 150w, https:\/\/www.arquimaster.com.ar\/web\/wp-content\/uploads\/2013\/04\/galeria_arte_d1_-50x50.jpg 50w, https:\/\/www.arquimaster.com.ar\/web\/wp-content\/uploads\/2013\/04\/galeria_arte_d1_-125x125.jpg 125w\" sizes=\"auto, (max-width: 150px) 100vw, 150px\" \/><\/a>\n\t\t\t<\/div>\n\t\t\t\t<figcaption class='wp-caption-text gallery-caption' id='gallery-1-5501'>\n\t\t\t\tGaler\u00eda de arte Objeto A \/ HM Arquitectos (detalle)\n\t\t\t\t<\/figcaption><\/figure>\n\t\t<\/div>\n\n<p>La intervenci\u00f3n implic\u00f3 una intervenci\u00f3n tanto temporal: antiguo\/contempor\u00e1neo, como program\u00e1tica: vivienda\/galer\u00eda de arte.<\/p>\n<p>Interes\u00f3 desde un principio <strong>reinterpretar la relaci\u00f3n de la fachada con el exterior<\/strong>, como una operaci\u00f3n de carteleria tipo \u00abback-light\u00bb produciendo un movimiento, un dinamismo, como respuesta a la realidad exterior de calle veloz y muy transitada. Dicha operaci\u00f3n de fachada \u00e1gil, liviana y moderna descansa sobre la robustez y solidez de la fachada original, componiendo un todo \u00edntimamente relacionado y tect\u00f3nico.<\/p>\n<p>Surge entonces una secuencia de 12 esbeltos postigos pivotantes materializados en policarbonato esmerilado, de 4.20 m de altura por 60 cm de ancho, alojados en bastidores met\u00e1licos, que permiten la versatilidad de apertura en fachada, barriendo el espectro de un estadio A (fachada completamente cerrada y herm\u00e9tica) a un estadio B (fachada completamente abierta y permeable). Cada postigo esconde un <strong>sistema de LED RGB <\/strong>que permite te\u00f1ir la fachada seg\u00fan el color y la secuencia crom\u00e1tica deseada.<\/p>\n<p>El edificio se desarrolla principalmente en corte, enriquecido a trav\u00e9s de la<strong> sucesi\u00f3n de patios escalonados y entrepisos flotantes<\/strong>. Todos espacios concebidos para la contemplaci\u00f3n y percepci\u00f3n, no solo de las obras exhibidas sino de las cualidades espaciales del edificio. Surgen espacios interiores relacionados entre si, envolviendo una masa de aire seccionada por desniveles pero unificada mediante visuales continuas e intencionalmente direccionadas a los exteriores, a los centros de luz, a la b\u00fasqueda del cielo y el verde. La sola idea de focalizar y estructurar el edificio a su mundo interior llev\u00f3 consigo el resultado de capturar un oasis lleno de vegetaci\u00f3n y hacerlo parte integral del conjunto, para de alg\u00fan modo preservar la esencia y el car\u00e1cter de la vivienda original.<\/p>\n<p>Existe a lo largo de toda la obra la premisa (casi obsesiva) de trabajar sobre los puntos de contacto entre la \u00abcasa vieja\u00bb y la \u00abgaler\u00eda nueva\u00bb. Estos son siempre <strong>puntos de tensi\u00f3n (formal\/material)<\/strong>, que indudablemente cargan de contenido proyectual a la obra. Tanto en las decisiones generales del proyecto, como en la resoluci\u00f3n de los detalles constructivos, los encuentros entre el \u00abmundo viejo\u00bb y el \u00abmundo nuevo\u00bb proponen un cuidado particular, desde el dise\u00f1o y la materialidad.<\/p>\n<p>Desde el punto de vista tecnol\u00f3gico, el proyecto funciona como una casa de principios de siglo que asimila la m\u00e1s <strong>alta tecnolog\u00eda<\/strong>. Desde circuitos programables para escenarios de iluminaci\u00f3n, hasta sistemas de acondicionamiento de aire con concepciones ecol\u00f3gicas de ahorro energ\u00e9tico, pasando por zonificaciones de audio y video de alta definici\u00f3n en todas las salas.<\/p>\n<p>Como proyectistas interes\u00f3 desde los primeros trazos dar respuesta a este encargo bajo la consigna de la <strong>riqueza espacial<\/strong>, la <strong>utilizaci\u00f3n de materiales nobles<\/strong>, la <strong>sinceridad constructiva<\/strong>, la <strong>serenidad crom\u00e1tica<\/strong>, y la <strong>preservaci\u00f3n del verde<\/strong>, logrando un contenedor cuyo fin fuera ceder total protagonismo a las piezas de arte que deber\u00e1 alojar.<\/p>\n<p><strong>Acerca del proyectista<\/strong><br \/>\nHMA es un estudio de arquitectura especializado en proyecto, direcci\u00f3n de obra. Sus socios titulares Fernando Hitzig y Leonardo G. Militello son arquitectos graduados de la Facultad de Arquitectura Dise\u00f1o y Urbanismo de la Universidad de Buenos Aires (FADU UBA). Abren su oficina en Buenos Aires en el a\u00f1o 2006 luego de cuatro a\u00f1os de experiencia en Espa\u00f1a desarrollando obras particulares y colaborando para estudio de renombre. El estudio cuenta con un equipo que desarrolla cada una de las fases requeridas seg\u00fan el encargo en particular: \u00e1rea de proyecto, documentaci\u00f3n de obra, direcci\u00f3n de obra, asesores t\u00e9cnicos, gremios y proveedores.<\/p>\n<p><strong>Ficha t\u00e9cnica<\/strong><br \/>\nNombre: Galer\u00eda de arte Objeto A<br \/>\nUbicaci\u00f3n: Niceto Vega 5181, Ciudad de Buenos Aires, Argentina<br \/>\nProyecto, Documentaci\u00f3n, Direcci\u00f3n de obra y Construcci\u00f3n: HM Arquitectos (Fernando Hitzig y Leonardo Militello)<br \/>\nPromotor: Objeto A Galer\u00eda de arte<br \/>\nColaboradores: Juliana Zorza, Lucia Stafforini, Ruben Ruiz<br \/>\nAsesor estructural: Carlos Gandini<br \/>\nAsesoria en Iluminaci\u00f3n: Estudio Ve\u00f1ares<br \/>\nPrograma: Galer\u00eda de Arte + Talleres<br \/>\nSup. total cubierta: 253,3 m2<br \/>\nSup. total descubierta: 52,1 m2<br \/>\nA\u00f1o: 2008<br \/>\nFotograf\u00eda: Federico Kulekdjian<\/p>\n<p><strong>Contacto: <\/strong><a href=\"http:\/\/www.estudiohma.com\" target=\"_blank\">http:\/\/www.estudiohma.com<\/a><\/p>\n<p>&nbsp;<\/p>\n<p><em><strong>English version<\/strong><\/em><\/p>\n<p><em><strong>Art Gallery Objeto A<\/strong><\/em><\/p>\n<p><em>The building is located on Niceto Vega Street, an artery in constant development in the Palermo neighborhood. Being always aware of the location, we always understood the importance of the building&#8217;s presence both from the perspective of both the architectonic and programmatic mark it leaves.<\/em><\/p>\n<p><em>The speed and lights that characterize this street along with other decisive premises were analyzed when studying the proposal as a departing point to reflect upon the duality between the building proposal from its fa\u00e7ade to the outside and that from to the inside. We therefore worked to develop the idea of the fa\u00e7ade as an inflection point between the inner spatial search related to the static-perceptive, and the outer search that expresses the language of the dynamic, one that is totally linked to vehicular dynamism.<\/em><\/p>\n<p><em>Starting from the decision to preserve the house&#8217;s most genuine characteristics (typically \u00abPalermesque\u00bb) the project proposes an integration with the already existent but linking itself through the modern and contemporary while also paying homage to the original construction.<\/em><\/p>\n<p><em>We were interested from the very beginning in reinterpreting the relation between the fa\u00e7ade and the outside almost like a \u00abback-light\u00bb sign operation so as to create a tension, movement, ludic dynamic, an intention of colors as an answer to the outer reality. Such operation of an agile, light and modern fa\u00e7ade rests on the robustness and solidity of the original fa\u00e7ade, composing a whole that is intimately related and tectonic.<\/em><\/p>\n<p><em>As a result we have the sequence of twelve 13.77 ft. tall x 23.6 in. slender pivoting shutters made of frosted polycarbonate placed in metal frames, which allow the versatility in the fa\u00e7ade opening, sweeping the specter from an A phase (a 100% hermetically sealed fa\u00e7ade) to a B phase (a totally open fa\u00e7ade). Each shutter hides a system of Leds RGB that allows to dye the fa\u00e7ade according to the desired color and chromatic sequence.<\/em><\/p>\n<p><em>This whole dispositive of such a contemporary style provides the final touch to the classic fa\u00e7ade while simultaneously distinguishing itself from it through a visible strip of reinforced concrete that covers the front side to side.<\/em><\/p>\n<p><em>Inner motionlessness as a contrast<\/em><\/p>\n<p><em>The building functions in cuts, which was achieved through a succession of stepped patios and floating mezzanines and of quiet spaces for perception and contemplation. Inner spaces interrelated through continuous visuals that are deliberately aimed at the outside and the main sources of light, the search for the sky and the green, all of it achieved via the total opening of space through windows totally devoid of studs and woodwork. Metal frames were designed to embrace the big glass slabs while avoiding the reinforced concrete structure, forming the whole inner fa\u00e7ade of the building.<\/em><\/p>\n<p><em>The sole idea of focusing and structuring the building towards its inner world resulted in the capturing of an oasis full of vegetation and making it an integral part of the whole so as to somehow preserve the essence and character of the original construction.<\/em><\/p>\n<p><em>Throughout the whole work there is the near-obsessive premise of working on the common links between the \u00abold house\u00bb and the \u00abnew work\u00bb. These links are always points of tension from the architectonic perspective, which undoubtedly required our utmost attention, reflection and project solving skills. These encounters between the \u00abold\u00bb and \u00abnew\u00bb worlds demand a particular care (design and material-wise) for both the general and primary decisions on the project as well as for the solving of the tiniest construction details.<\/em><\/p>\n<p><em>From the technological perspective the project follows the same premise. The construction functions as an early 20th century house that assimilates the highest technology: from earth-friendly air conditioning systems to areas with HD audio and video.<\/em><\/p>\n<p><em>As project designers, from the first sketches we became interested in achieving this task by following the idea of richness of space, the use of noble materials, constructive honesty, chromatic serenity and the preservation of green so as to achieve a receptacle meant to relegate all of its prominence to the pieces of art it will contain.<\/em><\/p>\n\n<div style=\"font-size: 0px; height: 0px; line-height: 0px; margin: 0; padding: 0; clear: both;\"><\/div><div style=\"margin-top: 0px; margin-bottom: 0px;\" class=\"sharethis-inline-share-buttons\" ><\/div>","protected":false},"excerpt":{"rendered":"<p>Intervenci\u00f3n de integraci\u00f3n con lo existente, relacion\u00e1ndose desde lo contempor\u00e1neo&#8230;<\/p>\n","protected":false},"author":1,"featured_media":5464,"comment_status":"closed","ping_status":"closed","sticky":false,"template":"","format":"standard","meta":{"_uag_custom_page_level_css":"","footnotes":""},"categories":[784,1],"tags":[187,16,1490,1494,1489,1491],"class_list":["post-5462","post","type-post","status-publish","format-standard","has-post-thumbnail","hentry","category-edificios-para-la-cultura","category-proyecto","tag-arte","tag-buenos-aires","tag-fernando-hitzig","tag-galeria-de-arte","tag-hm-arquitectos","tag-leonardo-militello","generate-columns","tablet-grid-50","mobile-grid-100","grid-parent","grid-50"],"yoast_head":"<!-- This site is optimized with the Yoast SEO plugin v27.3 - https:\/\/yoast.com\/product\/yoast-seo-wordpress\/ -->\n<title>Galer\u00eda de arte Objeto A \/ HM Arquitectos - Arquimaster<\/title>\n<meta name=\"robots\" content=\"index, follow, max-snippet:-1, max-image-preview:large, max-video-preview:-1\" \/>\n<link rel=\"canonical\" href=\"https:\/\/www.arquimaster.com.ar\/web\/galeria-de-arte-objeto-a-hm-arquitectos\/\" \/>\n<meta property=\"og:locale\" content=\"es_ES\" \/>\n<meta property=\"og:type\" content=\"article\" \/>\n<meta property=\"og:title\" content=\"Galer\u00eda de arte Objeto A \/ HM Arquitectos - Arquimaster\" \/>\n<meta property=\"og:description\" content=\"Intervenci\u00f3n de integraci\u00f3n con lo existente, relacion\u00e1ndose desde lo contempor\u00e1neo...\" \/>\n<meta property=\"og:url\" content=\"https:\/\/www.arquimaster.com.ar\/web\/galeria-de-arte-objeto-a-hm-arquitectos\/\" \/>\n<meta property=\"og:site_name\" content=\"Arquimaster\" \/>\n<meta property=\"article:publisher\" content=\"http:\/\/www.facebook.com\/ARQUIMASTER.com.ar\" \/>\n<meta property=\"article:published_time\" content=\"2013-04-18T01:19:27+00:00\" \/>\n<meta property=\"article:modified_time\" content=\"2014-04-11T02:23:33+00:00\" \/>\n<meta property=\"og:image\" content=\"https:\/\/www.arquimaster.com.ar\/web\/wp-content\/uploads\/2013\/04\/galeria_arte_slide.jpg\" \/>\n\t<meta property=\"og:image:width\" content=\"642\" \/>\n\t<meta property=\"og:image:height\" content=\"336\" \/>\n\t<meta property=\"og:image:type\" content=\"image\/jpeg\" \/>\n<meta name=\"author\" content=\"Arquimaster\" \/>\n<meta name=\"twitter:card\" content=\"summary_large_image\" \/>\n<meta name=\"twitter:creator\" content=\"@arquimaster\" \/>\n<meta name=\"twitter:site\" content=\"@arquimaster\" \/>\n<meta name=\"twitter:label1\" content=\"Escrito por\" \/>\n\t<meta name=\"twitter:data1\" content=\"Arquimaster\" \/>\n\t<meta name=\"twitter:label2\" content=\"Tiempo de lectura\" \/>\n\t<meta name=\"twitter:data2\" content=\"7 minutos\" \/>\n<script type=\"application\/ld+json\" class=\"yoast-schema-graph\">{\"@context\":\"https:\\\/\\\/schema.org\",\"@graph\":[{\"@type\":\"Article\",\"@id\":\"https:\\\/\\\/www.arquimaster.com.ar\\\/web\\\/galeria-de-arte-objeto-a-hm-arquitectos\\\/#article\",\"isPartOf\":{\"@id\":\"https:\\\/\\\/www.arquimaster.com.ar\\\/web\\\/galeria-de-arte-objeto-a-hm-arquitectos\\\/\"},\"author\":{\"name\":\"Arquimaster\",\"@id\":\"https:\\\/\\\/www.arquimaster.com.ar\\\/web\\\/#\\\/schema\\\/person\\\/359e9f7c00193fcde068e0dd2ceb0028\"},\"headline\":\"Galer\u00eda de arte Objeto A \\\/ HM Arquitectos\",\"datePublished\":\"2013-04-18T01:19:27+00:00\",\"dateModified\":\"2014-04-11T02:23:33+00:00\",\"mainEntityOfPage\":{\"@id\":\"https:\\\/\\\/www.arquimaster.com.ar\\\/web\\\/galeria-de-arte-objeto-a-hm-arquitectos\\\/\"},\"wordCount\":1459,\"publisher\":{\"@id\":\"https:\\\/\\\/www.arquimaster.com.ar\\\/web\\\/#organization\"},\"image\":{\"@id\":\"https:\\\/\\\/www.arquimaster.com.ar\\\/web\\\/galeria-de-arte-objeto-a-hm-arquitectos\\\/#primaryimage\"},\"thumbnailUrl\":\"https:\\\/\\\/www.arquimaster.com.ar\\\/web\\\/wp-content\\\/uploads\\\/2013\\\/04\\\/galeria_arte_slide.jpg\",\"keywords\":[\"arte\",\"Buenos Aires\",\"Fernando Hitzig\",\"galeria de arte\",\"HM Arquitectos\",\"Leonardo Militello\"],\"articleSection\":[\"Edificios para la cultura\",\"Proyecto\"],\"inLanguage\":\"es\"},{\"@type\":\"WebPage\",\"@id\":\"https:\\\/\\\/www.arquimaster.com.ar\\\/web\\\/galeria-de-arte-objeto-a-hm-arquitectos\\\/\",\"url\":\"https:\\\/\\\/www.arquimaster.com.ar\\\/web\\\/galeria-de-arte-objeto-a-hm-arquitectos\\\/\",\"name\":\"Galer\u00eda de arte Objeto A \\\/ HM Arquitectos - Arquimaster\",\"isPartOf\":{\"@id\":\"https:\\\/\\\/www.arquimaster.com.ar\\\/web\\\/#website\"},\"primaryImageOfPage\":{\"@id\":\"https:\\\/\\\/www.arquimaster.com.ar\\\/web\\\/galeria-de-arte-objeto-a-hm-arquitectos\\\/#primaryimage\"},\"image\":{\"@id\":\"https:\\\/\\\/www.arquimaster.com.ar\\\/web\\\/galeria-de-arte-objeto-a-hm-arquitectos\\\/#primaryimage\"},\"thumbnailUrl\":\"https:\\\/\\\/www.arquimaster.com.ar\\\/web\\\/wp-content\\\/uploads\\\/2013\\\/04\\\/galeria_arte_slide.jpg\",\"datePublished\":\"2013-04-18T01:19:27+00:00\",\"dateModified\":\"2014-04-11T02:23:33+00:00\",\"breadcrumb\":{\"@id\":\"https:\\\/\\\/www.arquimaster.com.ar\\\/web\\\/galeria-de-arte-objeto-a-hm-arquitectos\\\/#breadcrumb\"},\"inLanguage\":\"es\",\"potentialAction\":[{\"@type\":\"ReadAction\",\"target\":[\"https:\\\/\\\/www.arquimaster.com.ar\\\/web\\\/galeria-de-arte-objeto-a-hm-arquitectos\\\/\"]}]},{\"@type\":\"ImageObject\",\"inLanguage\":\"es\",\"@id\":\"https:\\\/\\\/www.arquimaster.com.ar\\\/web\\\/galeria-de-arte-objeto-a-hm-arquitectos\\\/#primaryimage\",\"url\":\"https:\\\/\\\/www.arquimaster.com.ar\\\/web\\\/wp-content\\\/uploads\\\/2013\\\/04\\\/galeria_arte_slide.jpg\",\"contentUrl\":\"https:\\\/\\\/www.arquimaster.com.ar\\\/web\\\/wp-content\\\/uploads\\\/2013\\\/04\\\/galeria_arte_slide.jpg\",\"width\":642,\"height\":336},{\"@type\":\"BreadcrumbList\",\"@id\":\"https:\\\/\\\/www.arquimaster.com.ar\\\/web\\\/galeria-de-arte-objeto-a-hm-arquitectos\\\/#breadcrumb\",\"itemListElement\":[{\"@type\":\"ListItem\",\"position\":1,\"name\":\"Portada\",\"item\":\"https:\\\/\\\/www.arquimaster.com.ar\\\/web\\\/\"},{\"@type\":\"ListItem\",\"position\":2,\"name\":\"Galer\u00eda de arte Objeto A \\\/ HM Arquitectos\"}]},{\"@type\":\"WebSite\",\"@id\":\"https:\\\/\\\/www.arquimaster.com.ar\\\/web\\\/#website\",\"url\":\"https:\\\/\\\/www.arquimaster.com.ar\\\/web\\\/\",\"name\":\"Arquimaster\",\"description\":\"Web de arquitectura, dise\u00f1o y construccion\",\"publisher\":{\"@id\":\"https:\\\/\\\/www.arquimaster.com.ar\\\/web\\\/#organization\"},\"potentialAction\":[{\"@type\":\"SearchAction\",\"target\":{\"@type\":\"EntryPoint\",\"urlTemplate\":\"https:\\\/\\\/www.arquimaster.com.ar\\\/web\\\/?s={search_term_string}\"},\"query-input\":{\"@type\":\"PropertyValueSpecification\",\"valueRequired\":true,\"valueName\":\"search_term_string\"}}],\"inLanguage\":\"es\"},{\"@type\":\"Organization\",\"@id\":\"https:\\\/\\\/www.arquimaster.com.ar\\\/web\\\/#organization\",\"name\":\"Arquimaster\",\"url\":\"https:\\\/\\\/www.arquimaster.com.ar\\\/web\\\/\",\"logo\":{\"@type\":\"ImageObject\",\"inLanguage\":\"es\",\"@id\":\"https:\\\/\\\/www.arquimaster.com.ar\\\/web\\\/#\\\/schema\\\/logo\\\/image\\\/\",\"url\":\"https:\\\/\\\/www.arquimaster.com.ar\\\/web\\\/wp-content\\\/uploads\\\/2022\\\/06\\\/arquimaster.png\",\"contentUrl\":\"https:\\\/\\\/www.arquimaster.com.ar\\\/web\\\/wp-content\\\/uploads\\\/2022\\\/06\\\/arquimaster.png\",\"width\":594,\"height\":78,\"caption\":\"Arquimaster\"},\"image\":{\"@id\":\"https:\\\/\\\/www.arquimaster.com.ar\\\/web\\\/#\\\/schema\\\/logo\\\/image\\\/\"},\"sameAs\":[\"http:\\\/\\\/www.facebook.com\\\/ARQUIMASTER.com.ar\",\"https:\\\/\\\/x.com\\\/arquimaster\",\"https:\\\/\\\/www.instagram.com\\\/arquimasterblog\\\/\",\"https:\\\/\\\/www.linkedin.com\\\/company\\\/arquimaster\",\"https:\\\/\\\/www.pinterest.com\\\/arquimaster\",\"https:\\\/\\\/t.me\\\/arquimaster\"]},{\"@type\":\"Person\",\"@id\":\"https:\\\/\\\/www.arquimaster.com.ar\\\/web\\\/#\\\/schema\\\/person\\\/359e9f7c00193fcde068e0dd2ceb0028\",\"name\":\"Arquimaster\"}]}<\/script>\n<!-- \/ Yoast SEO plugin. -->","yoast_head_json":{"title":"Galer\u00eda de arte Objeto A \/ HM Arquitectos - Arquimaster","robots":{"index":"index","follow":"follow","max-snippet":"max-snippet:-1","max-image-preview":"max-image-preview:large","max-video-preview":"max-video-preview:-1"},"canonical":"https:\/\/www.arquimaster.com.ar\/web\/galeria-de-arte-objeto-a-hm-arquitectos\/","og_locale":"es_ES","og_type":"article","og_title":"Galer\u00eda de arte Objeto A \/ HM Arquitectos - Arquimaster","og_description":"Intervenci\u00f3n de integraci\u00f3n con lo existente, relacion\u00e1ndose desde lo contempor\u00e1neo...","og_url":"https:\/\/www.arquimaster.com.ar\/web\/galeria-de-arte-objeto-a-hm-arquitectos\/","og_site_name":"Arquimaster","article_publisher":"http:\/\/www.facebook.com\/ARQUIMASTER.com.ar","article_published_time":"2013-04-18T01:19:27+00:00","article_modified_time":"2014-04-11T02:23:33+00:00","og_image":[{"width":642,"height":336,"url":"https:\/\/www.arquimaster.com.ar\/web\/wp-content\/uploads\/2013\/04\/galeria_arte_slide.jpg","type":"image\/jpeg"}],"author":"Arquimaster","twitter_card":"summary_large_image","twitter_creator":"@arquimaster","twitter_site":"@arquimaster","twitter_misc":{"Escrito por":"Arquimaster","Tiempo de lectura":"7 minutos"},"schema":{"@context":"https:\/\/schema.org","@graph":[{"@type":"Article","@id":"https:\/\/www.arquimaster.com.ar\/web\/galeria-de-arte-objeto-a-hm-arquitectos\/#article","isPartOf":{"@id":"https:\/\/www.arquimaster.com.ar\/web\/galeria-de-arte-objeto-a-hm-arquitectos\/"},"author":{"name":"Arquimaster","@id":"https:\/\/www.arquimaster.com.ar\/web\/#\/schema\/person\/359e9f7c00193fcde068e0dd2ceb0028"},"headline":"Galer\u00eda de arte Objeto A \/ HM Arquitectos","datePublished":"2013-04-18T01:19:27+00:00","dateModified":"2014-04-11T02:23:33+00:00","mainEntityOfPage":{"@id":"https:\/\/www.arquimaster.com.ar\/web\/galeria-de-arte-objeto-a-hm-arquitectos\/"},"wordCount":1459,"publisher":{"@id":"https:\/\/www.arquimaster.com.ar\/web\/#organization"},"image":{"@id":"https:\/\/www.arquimaster.com.ar\/web\/galeria-de-arte-objeto-a-hm-arquitectos\/#primaryimage"},"thumbnailUrl":"https:\/\/www.arquimaster.com.ar\/web\/wp-content\/uploads\/2013\/04\/galeria_arte_slide.jpg","keywords":["arte","Buenos Aires","Fernando Hitzig","galeria de arte","HM Arquitectos","Leonardo Militello"],"articleSection":["Edificios para la cultura","Proyecto"],"inLanguage":"es"},{"@type":"WebPage","@id":"https:\/\/www.arquimaster.com.ar\/web\/galeria-de-arte-objeto-a-hm-arquitectos\/","url":"https:\/\/www.arquimaster.com.ar\/web\/galeria-de-arte-objeto-a-hm-arquitectos\/","name":"Galer\u00eda de arte Objeto A \/ HM Arquitectos - Arquimaster","isPartOf":{"@id":"https:\/\/www.arquimaster.com.ar\/web\/#website"},"primaryImageOfPage":{"@id":"https:\/\/www.arquimaster.com.ar\/web\/galeria-de-arte-objeto-a-hm-arquitectos\/#primaryimage"},"image":{"@id":"https:\/\/www.arquimaster.com.ar\/web\/galeria-de-arte-objeto-a-hm-arquitectos\/#primaryimage"},"thumbnailUrl":"https:\/\/www.arquimaster.com.ar\/web\/wp-content\/uploads\/2013\/04\/galeria_arte_slide.jpg","datePublished":"2013-04-18T01:19:27+00:00","dateModified":"2014-04-11T02:23:33+00:00","breadcrumb":{"@id":"https:\/\/www.arquimaster.com.ar\/web\/galeria-de-arte-objeto-a-hm-arquitectos\/#breadcrumb"},"inLanguage":"es","potentialAction":[{"@type":"ReadAction","target":["https:\/\/www.arquimaster.com.ar\/web\/galeria-de-arte-objeto-a-hm-arquitectos\/"]}]},{"@type":"ImageObject","inLanguage":"es","@id":"https:\/\/www.arquimaster.com.ar\/web\/galeria-de-arte-objeto-a-hm-arquitectos\/#primaryimage","url":"https:\/\/www.arquimaster.com.ar\/web\/wp-content\/uploads\/2013\/04\/galeria_arte_slide.jpg","contentUrl":"https:\/\/www.arquimaster.com.ar\/web\/wp-content\/uploads\/2013\/04\/galeria_arte_slide.jpg","width":642,"height":336},{"@type":"BreadcrumbList","@id":"https:\/\/www.arquimaster.com.ar\/web\/galeria-de-arte-objeto-a-hm-arquitectos\/#breadcrumb","itemListElement":[{"@type":"ListItem","position":1,"name":"Portada","item":"https:\/\/www.arquimaster.com.ar\/web\/"},{"@type":"ListItem","position":2,"name":"Galer\u00eda de arte Objeto A \/ HM Arquitectos"}]},{"@type":"WebSite","@id":"https:\/\/www.arquimaster.com.ar\/web\/#website","url":"https:\/\/www.arquimaster.com.ar\/web\/","name":"Arquimaster","description":"Web de arquitectura, dise\u00f1o y construccion","publisher":{"@id":"https:\/\/www.arquimaster.com.ar\/web\/#organization"},"potentialAction":[{"@type":"SearchAction","target":{"@type":"EntryPoint","urlTemplate":"https:\/\/www.arquimaster.com.ar\/web\/?s={search_term_string}"},"query-input":{"@type":"PropertyValueSpecification","valueRequired":true,"valueName":"search_term_string"}}],"inLanguage":"es"},{"@type":"Organization","@id":"https:\/\/www.arquimaster.com.ar\/web\/#organization","name":"Arquimaster","url":"https:\/\/www.arquimaster.com.ar\/web\/","logo":{"@type":"ImageObject","inLanguage":"es","@id":"https:\/\/www.arquimaster.com.ar\/web\/#\/schema\/logo\/image\/","url":"https:\/\/www.arquimaster.com.ar\/web\/wp-content\/uploads\/2022\/06\/arquimaster.png","contentUrl":"https:\/\/www.arquimaster.com.ar\/web\/wp-content\/uploads\/2022\/06\/arquimaster.png","width":594,"height":78,"caption":"Arquimaster"},"image":{"@id":"https:\/\/www.arquimaster.com.ar\/web\/#\/schema\/logo\/image\/"},"sameAs":["http:\/\/www.facebook.com\/ARQUIMASTER.com.ar","https:\/\/x.com\/arquimaster","https:\/\/www.instagram.com\/arquimasterblog\/","https:\/\/www.linkedin.com\/company\/arquimaster","https:\/\/www.pinterest.com\/arquimaster","https:\/\/t.me\/arquimaster"]},{"@type":"Person","@id":"https:\/\/www.arquimaster.com.ar\/web\/#\/schema\/person\/359e9f7c00193fcde068e0dd2ceb0028","name":"Arquimaster"}]}},"uagb_featured_image_src":{"full":["https:\/\/www.arquimaster.com.ar\/web\/wp-content\/uploads\/2013\/04\/galeria_arte_slide.jpg",642,336,false],"thumbnail":["https:\/\/www.arquimaster.com.ar\/web\/wp-content\/uploads\/2013\/04\/galeria_arte_slide-150x150.jpg",150,150,true],"medium":["https:\/\/www.arquimaster.com.ar\/web\/wp-content\/uploads\/2013\/04\/galeria_arte_slide-300x157.jpg",300,157,true],"medium_large":["https:\/\/www.arquimaster.com.ar\/web\/wp-content\/uploads\/2013\/04\/galeria_arte_slide.jpg",642,336,false],"large":["https:\/\/www.arquimaster.com.ar\/web\/wp-content\/uploads\/2013\/04\/galeria_arte_slide.jpg",642,336,false],"1536x1536":["https:\/\/www.arquimaster.com.ar\/web\/wp-content\/uploads\/2013\/04\/galeria_arte_slide.jpg",642,336,false],"2048x2048":["https:\/\/www.arquimaster.com.ar\/web\/wp-content\/uploads\/2013\/04\/galeria_arte_slide.jpg",642,336,false]},"uagb_author_info":{"display_name":"Arquimaster","author_link":"https:\/\/www.arquimaster.com.ar\/web\/author\/arquimaster\/"},"uagb_comment_info":0,"uagb_excerpt":"Intervenci\u00f3n de integraci\u00f3n con lo existente, relacion\u00e1ndose desde lo contempor\u00e1neo...","_links":{"self":[{"href":"https:\/\/www.arquimaster.com.ar\/web\/wp-json\/wp\/v2\/posts\/5462","targetHints":{"allow":["GET"]}}],"collection":[{"href":"https:\/\/www.arquimaster.com.ar\/web\/wp-json\/wp\/v2\/posts"}],"about":[{"href":"https:\/\/www.arquimaster.com.ar\/web\/wp-json\/wp\/v2\/types\/post"}],"author":[{"embeddable":true,"href":"https:\/\/www.arquimaster.com.ar\/web\/wp-json\/wp\/v2\/users\/1"}],"replies":[{"embeddable":true,"href":"https:\/\/www.arquimaster.com.ar\/web\/wp-json\/wp\/v2\/comments?post=5462"}],"version-history":[{"count":0,"href":"https:\/\/www.arquimaster.com.ar\/web\/wp-json\/wp\/v2\/posts\/5462\/revisions"}],"wp:featuredmedia":[{"embeddable":true,"href":"https:\/\/www.arquimaster.com.ar\/web\/wp-json\/wp\/v2\/media\/5464"}],"wp:attachment":[{"href":"https:\/\/www.arquimaster.com.ar\/web\/wp-json\/wp\/v2\/media?parent=5462"}],"wp:term":[{"taxonomy":"category","embeddable":true,"href":"https:\/\/www.arquimaster.com.ar\/web\/wp-json\/wp\/v2\/categories?post=5462"},{"taxonomy":"post_tag","embeddable":true,"href":"https:\/\/www.arquimaster.com.ar\/web\/wp-json\/wp\/v2\/tags?post=5462"}],"curies":[{"name":"wp","href":"https:\/\/api.w.org\/{rel}","templated":true}]}}