{"id":54624,"date":"2020-04-16T19:25:55","date_gmt":"2020-04-16T22:25:55","guid":{"rendered":"https:\/\/www.arquimaster.com.ar\/web\/?p=54624"},"modified":"2020-04-16T19:25:56","modified_gmt":"2020-04-16T22:25:56","slug":"pabellon-municipal-valle-san-lorenzo-makin-molowny-portela","status":"publish","type":"post","link":"https:\/\/www.arquimaster.com.ar\/web\/pabellon-municipal-valle-san-lorenzo-makin-molowny-portela\/","title":{"rendered":"Pabell\u00f3n Municipal Valle San Lorenzo  \/ Makin Molowny Portela"},"content":{"rendered":"<div style=\"margin-top: 0px; margin-bottom: 0px;\" class=\"sharethis-inline-share-buttons\" ><\/div><div class=\"b812932af2e751442846f039925109de\" data-index=\"1\" style=\"float: none; margin:25px 0 25px 0; text-align:center;\">\n<script async src=\"https:\/\/pagead2.googlesyndication.com\/pagead\/js\/adsbygoogle.js\"><\/script>\r\n<!-- Arquimaster (superior) -->\r\n<ins class=\"adsbygoogle\"\r\n     style=\"display:block\"\r\n     data-ad-client=\"ca-pub-6351072698456832\"\r\n     data-ad-slot=\"6455489680\"\r\n     data-ad-format=\"auto\"\r\n     data-full-width-responsive=\"true\"><\/ins>\r\n<script>\r\n     (adsbygoogle = window.adsbygoogle || []).push({});\r\n<\/script>\n<\/div>\n<p><strong>Pabell\u00f3n Municipal Valle San Lorenzo<\/strong> (Tenerife, Islas Canarias, Espa\u00f1a) por <strong>Makin Molowny Portela<\/strong>. El Pabell\u00f3n Municipal Valle San Lorenzo se localiza al sur de Tenerife, una de las islas occidentales del archipi\u00e9lago canario, en el t\u00e9rmino municipal de Arona. El encargo consist\u00eda en la creaci\u00f3n de un espacio deportivo cubierto en el que se puedan desarrollar diferentes disciplinas deportivas y alojar puntualmente alg\u00fan acto multitudinario de ocio, presentaciones y conciertos.<\/p>\n<div id='gallery-1' class='gallery galleryid-54624 gallery-columns-3 gallery-size-thumbnail'><figure class='gallery-item'>\n\t\t\t<div class='gallery-icon landscape'>\n\t\t\t\t<a href='https:\/\/www.arquimaster.com.ar\/web\/wp-content\/uploads\/2020\/04\/pabellon_municipal_vsl1.jpg' title=\"Pabell\u00f3n Municipal Valle San Lorenzo \/ Makin Molowny Portela (\u00a9 Maxim Deknock )\" data-rl_title=\"Pabell\u00f3n Municipal Valle San Lorenzo \/ Makin Molowny Portela (\u00a9 Maxim Deknock )\" class=\"rl-gallery-link\" data-rl_caption=\"Pabell\u00f3n Municipal Valle San Lorenzo \/ Makin Molowny Portela (\u00a9 Maxim Deknock )\" data-rel=\"lightbox-gallery-1\"><img loading=\"lazy\" decoding=\"async\" width=\"150\" height=\"150\" src=\"https:\/\/www.arquimaster.com.ar\/web\/wp-content\/uploads\/2020\/04\/pabellon_municipal_vsl1-150x150.jpg\" class=\"attachment-thumbnail size-thumbnail\" alt=\"\" aria-describedby=\"gallery-1-54626\" \/><\/a>\n\t\t\t<\/div>\n\t\t\t\t<figcaption class='wp-caption-text gallery-caption' id='gallery-1-54626'>\n\t\t\t\tPabell\u00f3n Municipal Valle San Lorenzo  \/ Makin Molowny Portela (\u00a9 Maxim Deknock )\n\t\t\t\t<\/figcaption><\/figure><figure class='gallery-item'>\n\t\t\t<div class='gallery-icon landscape'>\n\t\t\t\t<a href='https:\/\/www.arquimaster.com.ar\/web\/wp-content\/uploads\/2020\/04\/pabellon_municipal_vsl2.jpg' title=\"Pabell\u00f3n Municipal Valle San Lorenzo \/ Makin Molowny Portela (\u00a9 Maxim Deknock )\" data-rl_title=\"Pabell\u00f3n Municipal Valle San Lorenzo \/ Makin Molowny Portela (\u00a9 Maxim Deknock )\" class=\"rl-gallery-link\" data-rl_caption=\"Pabell\u00f3n Municipal Valle San Lorenzo \/ Makin Molowny Portela (\u00a9 Maxim Deknock )\" data-rel=\"lightbox-gallery-1\"><img loading=\"lazy\" decoding=\"async\" width=\"150\" height=\"150\" src=\"https:\/\/www.arquimaster.com.ar\/web\/wp-content\/uploads\/2020\/04\/pabellon_municipal_vsl2-150x150.jpg\" class=\"attachment-thumbnail size-thumbnail\" alt=\"\" aria-describedby=\"gallery-1-54627\" \/><\/a>\n\t\t\t<\/div>\n\t\t\t\t<figcaption class='wp-caption-text gallery-caption' id='gallery-1-54627'>\n\t\t\t\tPabell\u00f3n Municipal Valle San Lorenzo  \/ Makin Molowny Portela (\u00a9 Maxim Deknock )\n\t\t\t\t<\/figcaption><\/figure><figure class='gallery-item'>\n\t\t\t<div class='gallery-icon landscape'>\n\t\t\t\t<a href='https:\/\/www.arquimaster.com.ar\/web\/wp-content\/uploads\/2020\/04\/pabellon_municipal_vsl3.jpg' title=\"Pabell\u00f3n Municipal Valle San Lorenzo \/ Makin Molowny Portela (\u00a9 Maxim Deknock )\" data-rl_title=\"Pabell\u00f3n Municipal Valle San Lorenzo \/ Makin Molowny Portela (\u00a9 Maxim Deknock )\" class=\"rl-gallery-link\" data-rl_caption=\"Pabell\u00f3n Municipal Valle San Lorenzo \/ Makin Molowny Portela (\u00a9 Maxim Deknock )\" data-rel=\"lightbox-gallery-1\"><img loading=\"lazy\" decoding=\"async\" width=\"150\" height=\"150\" src=\"https:\/\/www.arquimaster.com.ar\/web\/wp-content\/uploads\/2020\/04\/pabellon_municipal_vsl3-150x150.jpg\" class=\"attachment-thumbnail size-thumbnail\" alt=\"\" aria-describedby=\"gallery-1-54628\" \/><\/a>\n\t\t\t<\/div>\n\t\t\t\t<figcaption class='wp-caption-text gallery-caption' id='gallery-1-54628'>\n\t\t\t\tPabell\u00f3n Municipal Valle San Lorenzo  \/ Makin Molowny Portela (\u00a9 Maxim Deknock )\n\t\t\t\t<\/figcaption><\/figure><figure class='gallery-item'>\n\t\t\t<div class='gallery-icon landscape'>\n\t\t\t\t<a href='https:\/\/www.arquimaster.com.ar\/web\/wp-content\/uploads\/2020\/04\/pabellon_municipal_vsl4.jpg' title=\"Pabell\u00f3n Municipal Valle San Lorenzo \/ Makin Molowny Portela (\u00a9 Maxim Deknock )\" data-rl_title=\"Pabell\u00f3n Municipal Valle San Lorenzo \/ Makin Molowny Portela (\u00a9 Maxim Deknock )\" class=\"rl-gallery-link\" data-rl_caption=\"Pabell\u00f3n Municipal Valle San Lorenzo \/ Makin Molowny Portela (\u00a9 Maxim Deknock )\" data-rel=\"lightbox-gallery-1\"><img loading=\"lazy\" decoding=\"async\" width=\"150\" height=\"150\" src=\"https:\/\/www.arquimaster.com.ar\/web\/wp-content\/uploads\/2020\/04\/pabellon_municipal_vsl4-150x150.jpg\" class=\"attachment-thumbnail size-thumbnail\" alt=\"\" aria-describedby=\"gallery-1-54629\" \/><\/a>\n\t\t\t<\/div>\n\t\t\t\t<figcaption class='wp-caption-text gallery-caption' id='gallery-1-54629'>\n\t\t\t\tPabell\u00f3n Municipal Valle San Lorenzo  \/ Makin Molowny Portela (\u00a9 Maxim Deknock )\n\t\t\t\t<\/figcaption><\/figure><figure class='gallery-item'>\n\t\t\t<div class='gallery-icon landscape'>\n\t\t\t\t<a href='https:\/\/www.arquimaster.com.ar\/web\/wp-content\/uploads\/2020\/04\/pabellon_municipal_vsl5.jpg' title=\"Pabell\u00f3n Municipal Valle San Lorenzo \/ Makin Molowny Portela (\u00a9 Maxim Deknock )\" data-rl_title=\"Pabell\u00f3n Municipal Valle San Lorenzo \/ Makin Molowny Portela (\u00a9 Maxim Deknock )\" class=\"rl-gallery-link\" data-rl_caption=\"Pabell\u00f3n Municipal Valle San Lorenzo \/ Makin Molowny Portela (\u00a9 Maxim Deknock )\" data-rel=\"lightbox-gallery-1\"><img loading=\"lazy\" decoding=\"async\" width=\"150\" height=\"150\" src=\"https:\/\/www.arquimaster.com.ar\/web\/wp-content\/uploads\/2020\/04\/pabellon_municipal_vsl5-150x150.jpg\" class=\"attachment-thumbnail size-thumbnail\" alt=\"\" aria-describedby=\"gallery-1-54630\" \/><\/a>\n\t\t\t<\/div>\n\t\t\t\t<figcaption class='wp-caption-text gallery-caption' id='gallery-1-54630'>\n\t\t\t\tPabell\u00f3n Municipal Valle San Lorenzo  \/ Makin Molowny Portela (\u00a9 Maxim Deknock )\n\t\t\t\t<\/figcaption><\/figure><figure class='gallery-item'>\n\t\t\t<div class='gallery-icon landscape'>\n\t\t\t\t<a href='https:\/\/www.arquimaster.com.ar\/web\/wp-content\/uploads\/2020\/04\/pabellon_municipal_vsl6.jpg' title=\"Pabell\u00f3n Municipal Valle San Lorenzo \/ Makin Molowny Portela (\u00a9 Maxim Deknock )\" data-rl_title=\"Pabell\u00f3n Municipal Valle San Lorenzo \/ Makin Molowny Portela (\u00a9 Maxim Deknock )\" class=\"rl-gallery-link\" data-rl_caption=\"Pabell\u00f3n Municipal Valle San Lorenzo \/ Makin Molowny Portela (\u00a9 Maxim Deknock )\" data-rel=\"lightbox-gallery-1\"><img loading=\"lazy\" decoding=\"async\" width=\"150\" height=\"150\" src=\"https:\/\/www.arquimaster.com.ar\/web\/wp-content\/uploads\/2020\/04\/pabellon_municipal_vsl6-150x150.jpg\" class=\"attachment-thumbnail size-thumbnail\" alt=\"\" aria-describedby=\"gallery-1-54631\" \/><\/a>\n\t\t\t<\/div>\n\t\t\t\t<figcaption class='wp-caption-text gallery-caption' id='gallery-1-54631'>\n\t\t\t\tPabell\u00f3n Municipal Valle San Lorenzo  \/ Makin Molowny Portela (\u00a9 Maxim Deknock )\n\t\t\t\t<\/figcaption><\/figure><figure class='gallery-item'>\n\t\t\t<div class='gallery-icon landscape'>\n\t\t\t\t<a href='https:\/\/www.arquimaster.com.ar\/web\/wp-content\/uploads\/2020\/04\/pabellon_municipal_vsl7.jpg' title=\"Pabell\u00f3n Municipal Valle San Lorenzo \/ Makin Molowny Portela (\u00a9 Maxim Deknock )\" data-rl_title=\"Pabell\u00f3n Municipal Valle San Lorenzo \/ Makin Molowny Portela (\u00a9 Maxim Deknock )\" class=\"rl-gallery-link\" data-rl_caption=\"Pabell\u00f3n Municipal Valle San Lorenzo \/ Makin Molowny Portela (\u00a9 Maxim Deknock )\" data-rel=\"lightbox-gallery-1\"><img loading=\"lazy\" decoding=\"async\" width=\"150\" height=\"150\" src=\"https:\/\/www.arquimaster.com.ar\/web\/wp-content\/uploads\/2020\/04\/pabellon_municipal_vsl7-150x150.jpg\" class=\"attachment-thumbnail size-thumbnail\" alt=\"\" aria-describedby=\"gallery-1-54632\" \/><\/a>\n\t\t\t<\/div>\n\t\t\t\t<figcaption class='wp-caption-text gallery-caption' id='gallery-1-54632'>\n\t\t\t\tPabell\u00f3n Municipal Valle San Lorenzo  \/ Makin Molowny Portela (\u00a9 Maxim Deknock )\n\t\t\t\t<\/figcaption><\/figure><figure class='gallery-item'>\n\t\t\t<div class='gallery-icon landscape'>\n\t\t\t\t<a href='https:\/\/www.arquimaster.com.ar\/web\/wp-content\/uploads\/2020\/04\/pabellon_municipal_vsl8.jpg' title=\"Pabell\u00f3n Municipal Valle San Lorenzo \/ Makin Molowny Portela (\u00a9 Maxim Deknock )\" data-rl_title=\"Pabell\u00f3n Municipal Valle San Lorenzo \/ Makin Molowny Portela (\u00a9 Maxim Deknock )\" class=\"rl-gallery-link\" data-rl_caption=\"Pabell\u00f3n Municipal Valle San Lorenzo \/ Makin Molowny Portela (\u00a9 Maxim Deknock )\" data-rel=\"lightbox-gallery-1\"><img loading=\"lazy\" decoding=\"async\" width=\"150\" height=\"150\" src=\"https:\/\/www.arquimaster.com.ar\/web\/wp-content\/uploads\/2020\/04\/pabellon_municipal_vsl8-150x150.jpg\" class=\"attachment-thumbnail size-thumbnail\" alt=\"\" aria-describedby=\"gallery-1-54633\" \/><\/a>\n\t\t\t<\/div>\n\t\t\t\t<figcaption class='wp-caption-text gallery-caption' id='gallery-1-54633'>\n\t\t\t\tPabell\u00f3n Municipal Valle San Lorenzo  \/ Makin Molowny Portela (\u00a9 Maxim Deknock )\n\t\t\t\t<\/figcaption><\/figure><figure class='gallery-item'>\n\t\t\t<div class='gallery-icon landscape'>\n\t\t\t\t<a href='https:\/\/www.arquimaster.com.ar\/web\/wp-content\/uploads\/2020\/04\/pabellon_municipal_vsl9.jpg' title=\"Pabell\u00f3n Municipal Valle San Lorenzo \/ Makin Molowny Portela (\u00a9 Maxim Deknock )\" data-rl_title=\"Pabell\u00f3n Municipal Valle San Lorenzo \/ Makin Molowny Portela (\u00a9 Maxim Deknock )\" class=\"rl-gallery-link\" data-rl_caption=\"Pabell\u00f3n Municipal Valle San Lorenzo \/ Makin Molowny Portela (\u00a9 Maxim Deknock )\" data-rel=\"lightbox-gallery-1\"><img loading=\"lazy\" decoding=\"async\" width=\"150\" height=\"150\" src=\"https:\/\/www.arquimaster.com.ar\/web\/wp-content\/uploads\/2020\/04\/pabellon_municipal_vsl9-150x150.jpg\" class=\"attachment-thumbnail size-thumbnail\" alt=\"\" aria-describedby=\"gallery-1-54634\" \/><\/a>\n\t\t\t<\/div>\n\t\t\t\t<figcaption class='wp-caption-text gallery-caption' id='gallery-1-54634'>\n\t\t\t\tPabell\u00f3n Municipal Valle San Lorenzo  \/ Makin Molowny Portela (\u00a9 Maxim Deknock )\n\t\t\t\t<\/figcaption><\/figure><figure class='gallery-item'>\n\t\t\t<div class='gallery-icon portrait'>\n\t\t\t\t<a href='https:\/\/www.arquimaster.com.ar\/web\/wp-content\/uploads\/2020\/04\/pabellon_municipal_vsl10.jpg' title=\"Pabell\u00f3n Municipal Valle San Lorenzo \/ Makin Molowny Portela (\u00a9 Maxim Deknock )\" data-rl_title=\"Pabell\u00f3n Municipal Valle San Lorenzo \/ Makin Molowny Portela (\u00a9 Maxim Deknock )\" class=\"rl-gallery-link\" data-rl_caption=\"Pabell\u00f3n Municipal Valle San Lorenzo \/ Makin Molowny Portela (\u00a9 Maxim Deknock )\" data-rel=\"lightbox-gallery-1\"><img loading=\"lazy\" decoding=\"async\" width=\"150\" height=\"150\" src=\"https:\/\/www.arquimaster.com.ar\/web\/wp-content\/uploads\/2020\/04\/pabellon_municipal_vsl10-150x150.jpg\" class=\"attachment-thumbnail size-thumbnail\" alt=\"\" aria-describedby=\"gallery-1-54635\" \/><\/a>\n\t\t\t<\/div>\n\t\t\t\t<figcaption class='wp-caption-text gallery-caption' id='gallery-1-54635'>\n\t\t\t\tPabell\u00f3n Municipal Valle San Lorenzo  \/ Makin Molowny Portela (\u00a9 Maxim Deknock )\n\t\t\t\t<\/figcaption><\/figure><figure class='gallery-item'>\n\t\t\t<div class='gallery-icon portrait'>\n\t\t\t\t<a href='https:\/\/www.arquimaster.com.ar\/web\/wp-content\/uploads\/2020\/04\/pabellon_municipal_vsl11.jpg' title=\"Pabell\u00f3n Municipal Valle San Lorenzo \/ Makin Molowny Portela (\u00a9 Maxim Deknock )\" data-rl_title=\"Pabell\u00f3n Municipal Valle San Lorenzo \/ Makin Molowny Portela (\u00a9 Maxim Deknock )\" class=\"rl-gallery-link\" data-rl_caption=\"Pabell\u00f3n Municipal Valle San Lorenzo \/ Makin Molowny Portela (\u00a9 Maxim Deknock )\" data-rel=\"lightbox-gallery-1\"><img loading=\"lazy\" decoding=\"async\" width=\"150\" height=\"150\" src=\"https:\/\/www.arquimaster.com.ar\/web\/wp-content\/uploads\/2020\/04\/pabellon_municipal_vsl11-150x150.jpg\" class=\"attachment-thumbnail size-thumbnail\" alt=\"\" aria-describedby=\"gallery-1-54636\" \/><\/a>\n\t\t\t<\/div>\n\t\t\t\t<figcaption class='wp-caption-text gallery-caption' id='gallery-1-54636'>\n\t\t\t\tPabell\u00f3n Municipal Valle San Lorenzo  \/ Makin Molowny Portela (\u00a9 Maxim Deknock )\n\t\t\t\t<\/figcaption><\/figure><figure class='gallery-item'>\n\t\t\t<div class='gallery-icon landscape'>\n\t\t\t\t<a href='https:\/\/www.arquimaster.com.ar\/web\/wp-content\/uploads\/2020\/04\/pabellon_municipal_vsl12.jpg' title=\"Pabell\u00f3n Municipal Valle San Lorenzo \/ Makin Molowny Portela (\u00a9 Maxim Deknock )\" data-rl_title=\"Pabell\u00f3n Municipal Valle San Lorenzo \/ Makin Molowny Portela (\u00a9 Maxim Deknock )\" class=\"rl-gallery-link\" data-rl_caption=\"Pabell\u00f3n Municipal Valle San Lorenzo \/ Makin Molowny Portela (\u00a9 Maxim Deknock )\" data-rel=\"lightbox-gallery-1\"><img loading=\"lazy\" decoding=\"async\" width=\"150\" height=\"150\" src=\"https:\/\/www.arquimaster.com.ar\/web\/wp-content\/uploads\/2020\/04\/pabellon_municipal_vsl12-150x150.jpg\" class=\"attachment-thumbnail size-thumbnail\" alt=\"\" aria-describedby=\"gallery-1-54637\" \/><\/a>\n\t\t\t<\/div>\n\t\t\t\t<figcaption class='wp-caption-text gallery-caption' id='gallery-1-54637'>\n\t\t\t\tPabell\u00f3n Municipal Valle San Lorenzo  \/ Makin Molowny Portela (\u00a9 Maxim Deknock )\n\t\t\t\t<\/figcaption><\/figure><figure class='gallery-item'>\n\t\t\t<div class='gallery-icon landscape'>\n\t\t\t\t<a href='https:\/\/www.arquimaster.com.ar\/web\/wp-content\/uploads\/2020\/04\/pabellon_municipal_vsl13.jpg' title=\"Pabell\u00f3n Municipal Valle San Lorenzo \/ Makin Molowny Portela (\u00a9 Maxim Deknock )\" data-rl_title=\"Pabell\u00f3n Municipal Valle San Lorenzo \/ Makin Molowny Portela (\u00a9 Maxim Deknock )\" class=\"rl-gallery-link\" data-rl_caption=\"Pabell\u00f3n Municipal Valle San Lorenzo \/ Makin Molowny Portela (\u00a9 Maxim Deknock )\" data-rel=\"lightbox-gallery-1\"><img loading=\"lazy\" decoding=\"async\" width=\"150\" height=\"150\" src=\"https:\/\/www.arquimaster.com.ar\/web\/wp-content\/uploads\/2020\/04\/pabellon_municipal_vsl13-150x150.jpg\" class=\"attachment-thumbnail size-thumbnail\" alt=\"\" aria-describedby=\"gallery-1-54638\" \/><\/a>\n\t\t\t<\/div>\n\t\t\t\t<figcaption class='wp-caption-text gallery-caption' id='gallery-1-54638'>\n\t\t\t\tPabell\u00f3n Municipal Valle San Lorenzo  \/ Makin Molowny Portela (\u00a9 Maxim Deknock )\n\t\t\t\t<\/figcaption><\/figure><figure class='gallery-item'>\n\t\t\t<div class='gallery-icon landscape'>\n\t\t\t\t<a href='https:\/\/www.arquimaster.com.ar\/web\/wp-content\/uploads\/2020\/04\/pabellon_municipal_vsl14.jpg' title=\"Pabell\u00f3n Municipal Valle San Lorenzo \/ Makin Molowny Portela (\u00a9 Maxim Deknock )\" data-rl_title=\"Pabell\u00f3n Municipal Valle San Lorenzo \/ Makin Molowny Portela (\u00a9 Maxim Deknock )\" class=\"rl-gallery-link\" data-rl_caption=\"Pabell\u00f3n Municipal Valle San Lorenzo \/ Makin Molowny Portela (\u00a9 Maxim Deknock )\" data-rel=\"lightbox-gallery-1\"><img loading=\"lazy\" decoding=\"async\" width=\"150\" height=\"150\" src=\"https:\/\/www.arquimaster.com.ar\/web\/wp-content\/uploads\/2020\/04\/pabellon_municipal_vsl14-150x150.jpg\" class=\"attachment-thumbnail size-thumbnail\" alt=\"\" aria-describedby=\"gallery-1-54639\" \/><\/a>\n\t\t\t<\/div>\n\t\t\t\t<figcaption class='wp-caption-text gallery-caption' id='gallery-1-54639'>\n\t\t\t\tPabell\u00f3n Municipal Valle San Lorenzo  \/ Makin Molowny Portela (\u00a9 Maxim Deknock )\n\t\t\t\t<\/figcaption><\/figure><figure class='gallery-item'>\n\t\t\t<div class='gallery-icon landscape'>\n\t\t\t\t<a href='https:\/\/www.arquimaster.com.ar\/web\/wp-content\/uploads\/2020\/04\/pabellon_municipal_vsl15.jpg' title=\"Pabell\u00f3n Municipal Valle San Lorenzo \/ Makin Molowny Portela (planta)\" data-rl_title=\"Pabell\u00f3n Municipal Valle San Lorenzo \/ Makin Molowny Portela (planta)\" class=\"rl-gallery-link\" data-rl_caption=\"Pabell\u00f3n Municipal Valle San Lorenzo \/ Makin Molowny Portela (planta)\" data-rel=\"lightbox-gallery-1\"><img loading=\"lazy\" decoding=\"async\" width=\"150\" height=\"150\" src=\"https:\/\/www.arquimaster.com.ar\/web\/wp-content\/uploads\/2020\/04\/pabellon_municipal_vsl15-150x150.jpg\" class=\"attachment-thumbnail size-thumbnail\" alt=\"\" aria-describedby=\"gallery-1-54640\" \/><\/a>\n\t\t\t<\/div>\n\t\t\t\t<figcaption class='wp-caption-text gallery-caption' id='gallery-1-54640'>\n\t\t\t\tPabell\u00f3n Municipal Valle San Lorenzo  \/ Makin Molowny Portela (planta)\n\t\t\t\t<\/figcaption><\/figure><figure class='gallery-item'>\n\t\t\t<div class='gallery-icon landscape'>\n\t\t\t\t<a href='https:\/\/www.arquimaster.com.ar\/web\/wp-content\/uploads\/2020\/04\/pabellon_municipal_vsl16.jpg' title=\"Pabell\u00f3n Municipal Valle San Lorenzo \/ Makin Molowny Portela (planta)\" data-rl_title=\"Pabell\u00f3n Municipal Valle San Lorenzo \/ Makin Molowny Portela (planta)\" class=\"rl-gallery-link\" data-rl_caption=\"Pabell\u00f3n Municipal Valle San Lorenzo \/ Makin Molowny Portela (planta)\" data-rel=\"lightbox-gallery-1\"><img loading=\"lazy\" decoding=\"async\" width=\"150\" height=\"150\" src=\"https:\/\/www.arquimaster.com.ar\/web\/wp-content\/uploads\/2020\/04\/pabellon_municipal_vsl16-150x150.jpg\" class=\"attachment-thumbnail size-thumbnail\" alt=\"\" aria-describedby=\"gallery-1-54641\" \/><\/a>\n\t\t\t<\/div>\n\t\t\t\t<figcaption class='wp-caption-text gallery-caption' id='gallery-1-54641'>\n\t\t\t\tPabell\u00f3n Municipal Valle San Lorenzo  \/ Makin Molowny Portela (planta)\n\t\t\t\t<\/figcaption><\/figure><figure class='gallery-item'>\n\t\t\t<div class='gallery-icon landscape'>\n\t\t\t\t<a href='https:\/\/www.arquimaster.com.ar\/web\/wp-content\/uploads\/2020\/04\/pabellon_municipal_vsl17.jpg' title=\"Pabell\u00f3n Municipal Valle San Lorenzo \/ Makin Molowny Portela (planta)\" data-rl_title=\"Pabell\u00f3n Municipal Valle San Lorenzo \/ Makin Molowny Portela (planta)\" class=\"rl-gallery-link\" data-rl_caption=\"Pabell\u00f3n Municipal Valle San Lorenzo \/ Makin Molowny Portela (planta)\" data-rel=\"lightbox-gallery-1\"><img loading=\"lazy\" decoding=\"async\" width=\"150\" height=\"150\" src=\"https:\/\/www.arquimaster.com.ar\/web\/wp-content\/uploads\/2020\/04\/pabellon_municipal_vsl17-150x150.jpg\" class=\"attachment-thumbnail size-thumbnail\" alt=\"\" aria-describedby=\"gallery-1-54642\" \/><\/a>\n\t\t\t<\/div>\n\t\t\t\t<figcaption class='wp-caption-text gallery-caption' id='gallery-1-54642'>\n\t\t\t\tPabell\u00f3n Municipal Valle San Lorenzo  \/ Makin Molowny Portela (planta)\n\t\t\t\t<\/figcaption><\/figure><figure class='gallery-item'>\n\t\t\t<div class='gallery-icon landscape'>\n\t\t\t\t<a href='https:\/\/www.arquimaster.com.ar\/web\/wp-content\/uploads\/2020\/04\/pabellon_municipal_vsl18.jpg' title=\"Pabell\u00f3n Municipal Valle San Lorenzo \/ Makin Molowny Portela (corte)\" data-rl_title=\"Pabell\u00f3n Municipal Valle San Lorenzo \/ Makin Molowny Portela (corte)\" class=\"rl-gallery-link\" data-rl_caption=\"Pabell\u00f3n Municipal Valle San Lorenzo \/ Makin Molowny Portela (corte)\" data-rel=\"lightbox-gallery-1\"><img loading=\"lazy\" decoding=\"async\" width=\"150\" height=\"150\" src=\"https:\/\/www.arquimaster.com.ar\/web\/wp-content\/uploads\/2020\/04\/pabellon_municipal_vsl18-150x150.jpg\" class=\"attachment-thumbnail size-thumbnail\" alt=\"\" aria-describedby=\"gallery-1-54643\" \/><\/a>\n\t\t\t<\/div>\n\t\t\t\t<figcaption class='wp-caption-text gallery-caption' id='gallery-1-54643'>\n\t\t\t\tPabell\u00f3n Municipal Valle San Lorenzo  \/ Makin Molowny Portela (corte)\n\t\t\t\t<\/figcaption><\/figure><figure class='gallery-item'>\n\t\t\t<div class='gallery-icon landscape'>\n\t\t\t\t<a href='https:\/\/www.arquimaster.com.ar\/web\/wp-content\/uploads\/2020\/04\/pabellon_municipal_vsl19.jpg' title=\"Pabell\u00f3n Municipal Valle San Lorenzo \/ Makin Molowny Portela (corte)\" data-rl_title=\"Pabell\u00f3n Municipal Valle San Lorenzo \/ Makin Molowny Portela (corte)\" class=\"rl-gallery-link\" data-rl_caption=\"Pabell\u00f3n Municipal Valle San Lorenzo \/ Makin Molowny Portela (corte)\" data-rel=\"lightbox-gallery-1\"><img loading=\"lazy\" decoding=\"async\" width=\"150\" height=\"150\" src=\"https:\/\/www.arquimaster.com.ar\/web\/wp-content\/uploads\/2020\/04\/pabellon_municipal_vsl19-150x150.jpg\" class=\"attachment-thumbnail size-thumbnail\" alt=\"\" aria-describedby=\"gallery-1-54644\" \/><\/a>\n\t\t\t<\/div>\n\t\t\t\t<figcaption class='wp-caption-text gallery-caption' id='gallery-1-54644'>\n\t\t\t\tPabell\u00f3n Municipal Valle San Lorenzo  \/ Makin Molowny Portela (corte)\n\t\t\t\t<\/figcaption><\/figure><figure class='gallery-item'>\n\t\t\t<div class='gallery-icon landscape'>\n\t\t\t\t<a href='https:\/\/www.arquimaster.com.ar\/web\/wp-content\/uploads\/2020\/04\/pabellon_municipal_vsl20.jpg' title=\"Pabell\u00f3n Municipal Valle San Lorenzo \/ Makin Molowny Portela (corte)\" data-rl_title=\"Pabell\u00f3n Municipal Valle San Lorenzo \/ Makin Molowny Portela (corte)\" class=\"rl-gallery-link\" data-rl_caption=\"Pabell\u00f3n Municipal Valle San Lorenzo \/ Makin Molowny Portela (corte)\" data-rel=\"lightbox-gallery-1\"><img loading=\"lazy\" decoding=\"async\" width=\"150\" height=\"150\" src=\"https:\/\/www.arquimaster.com.ar\/web\/wp-content\/uploads\/2020\/04\/pabellon_municipal_vsl20-150x150.jpg\" class=\"attachment-thumbnail size-thumbnail\" alt=\"\" aria-describedby=\"gallery-1-54645\" \/><\/a>\n\t\t\t<\/div>\n\t\t\t\t<figcaption class='wp-caption-text gallery-caption' id='gallery-1-54645'>\n\t\t\t\tPabell\u00f3n Municipal Valle San Lorenzo  \/ Makin Molowny Portela (corte)\n\t\t\t\t<\/figcaption><\/figure><figure class='gallery-item'>\n\t\t\t<div class='gallery-icon landscape'>\n\t\t\t\t<a href='https:\/\/www.arquimaster.com.ar\/web\/wp-content\/uploads\/2020\/04\/pabellon_municipal_vsl21.jpg' title=\"Pabell\u00f3n Municipal Valle San Lorenzo \/ Makin Molowny Portela (corte)\" data-rl_title=\"Pabell\u00f3n Municipal Valle San Lorenzo \/ Makin Molowny Portela (corte)\" class=\"rl-gallery-link\" data-rl_caption=\"Pabell\u00f3n Municipal Valle San Lorenzo \/ Makin Molowny Portela (corte)\" data-rel=\"lightbox-gallery-1\"><img loading=\"lazy\" decoding=\"async\" width=\"150\" height=\"150\" src=\"https:\/\/www.arquimaster.com.ar\/web\/wp-content\/uploads\/2020\/04\/pabellon_municipal_vsl21-150x150.jpg\" class=\"attachment-thumbnail size-thumbnail\" alt=\"\" aria-describedby=\"gallery-1-54646\" \/><\/a>\n\t\t\t<\/div>\n\t\t\t\t<figcaption class='wp-caption-text gallery-caption' id='gallery-1-54646'>\n\t\t\t\tPabell\u00f3n Municipal Valle San Lorenzo  \/ Makin Molowny Portela (corte)\n\t\t\t\t<\/figcaption><\/figure><figure class='gallery-item'>\n\t\t\t<div class='gallery-icon landscape'>\n\t\t\t\t<a href='https:\/\/www.arquimaster.com.ar\/web\/wp-content\/uploads\/2020\/04\/pabellon_municipal_vsl22.jpg' title=\"Pabell\u00f3n Municipal Valle San Lorenzo \/ Makin Molowny Portela (vista)\" data-rl_title=\"Pabell\u00f3n Municipal Valle San Lorenzo \/ Makin Molowny Portela (vista)\" class=\"rl-gallery-link\" data-rl_caption=\"Pabell\u00f3n Municipal Valle San Lorenzo \/ Makin Molowny Portela (vista)\" data-rel=\"lightbox-gallery-1\"><img loading=\"lazy\" decoding=\"async\" width=\"150\" height=\"150\" src=\"https:\/\/www.arquimaster.com.ar\/web\/wp-content\/uploads\/2020\/04\/pabellon_municipal_vsl22-150x150.jpg\" class=\"attachment-thumbnail size-thumbnail\" alt=\"\" aria-describedby=\"gallery-1-54647\" \/><\/a>\n\t\t\t<\/div>\n\t\t\t\t<figcaption class='wp-caption-text gallery-caption' id='gallery-1-54647'>\n\t\t\t\tPabell\u00f3n Municipal Valle San Lorenzo  \/ Makin Molowny Portela (vista)\n\t\t\t\t<\/figcaption><\/figure><figure class='gallery-item'>\n\t\t\t<div class='gallery-icon landscape'>\n\t\t\t\t<a href='https:\/\/www.arquimaster.com.ar\/web\/wp-content\/uploads\/2020\/04\/pabellon_municipal_vsl23.jpg' title=\"Pabell\u00f3n Municipal Valle San Lorenzo \/ Makin Molowny Portela (vista)\" data-rl_title=\"Pabell\u00f3n Municipal Valle San Lorenzo \/ Makin Molowny Portela (vista)\" class=\"rl-gallery-link\" data-rl_caption=\"Pabell\u00f3n Municipal Valle San Lorenzo \/ Makin Molowny Portela (vista)\" data-rel=\"lightbox-gallery-1\"><img loading=\"lazy\" decoding=\"async\" width=\"150\" height=\"150\" src=\"https:\/\/www.arquimaster.com.ar\/web\/wp-content\/uploads\/2020\/04\/pabellon_municipal_vsl23-150x150.jpg\" class=\"attachment-thumbnail size-thumbnail\" alt=\"\" aria-describedby=\"gallery-1-54648\" \/><\/a>\n\t\t\t<\/div>\n\t\t\t\t<figcaption class='wp-caption-text gallery-caption' id='gallery-1-54648'>\n\t\t\t\tPabell\u00f3n Municipal Valle San Lorenzo  \/ Makin Molowny Portela (vista)\n\t\t\t\t<\/figcaption><\/figure>\n\t\t<\/div>\n\n<p>La propuesta, de orientaci\u00f3n norte-sur, se desarrolla a media ladera sobre una suerte de topograf\u00eda horizontal que nos brinda el terreno, desde donde se visualiza el Oc\u00e9ano Atl\u00e1ntico y la vecina isla de La Gomera al fondo.<\/p>\n<p>La escala, y m\u00e1s concretamente la ausencia de ella, es un tema que nos inquietaba desde un primer momento a la hora de afrontar el proyecto. De ah\u00ed, la ausencia de huecos que nos den pistas sobre las medidas habituales a las que estamos acostumbrados en espacios deportivos, o el juego de ellos, cuando es necesaria la entrada de luz y del aire, que desconcierta el espectador desde el exterior y evita una imagen continua desde el interior del espacio deportivo.<\/p>\n<p>La propuesta plantea un gran espacio cubierto franqueado en su lado este por un m\u00f3dulo de vestuarios, desarrollado en una planta, y en su lado norte por un m\u00f3dulo de dos plantas, en d\u00f3nde se ubican las zonas de servicio y espacios polivalentes. Es en esta zona, en planta alta y con vistas hacia el interior del espacio deportivo, en d\u00f3nde se podr\u00e1n desarrollar clases de yoga o pilates.<\/p>\n<p>La rotunda soluci\u00f3n de cerramiento de f\u00e1brica de bloque con revestimiento continuo gris antracita, en d\u00f3nde destacan los pilares de hormig\u00f3n visto de 9 metros de altura, queda resulta en su parte superior gracias a una estructura de vigas de madera laminada de 38,5 metros de largo y un cerramiento tipo s\u00e1ndwich con acabado met\u00e1lico en el mismo color que la fachada.<\/p>\n<p>Los acabados del espacio deportivo en hormig\u00f3n visto, liso y abujardado, pavimento interior de tarima de madera, as\u00ed como la cubierta met\u00e1lica curva que vuela en un intento de encontrarse con la l\u00ednea infinita del horizonte lejano, se integran en el entorno como si de una roca bas\u00e1ltica m\u00e1s se tratara en esta tierra de volcanes.<\/p>\n<p><strong>Ficha t\u00e9cnica<\/strong><br \/>\nNombre: Pabell\u00f3n Municipal Valle San Lorenzo<br \/>\nUbicaci\u00f3n: Tenerife, Islas Canarias, Espa\u00f1a<br \/>\nArquitectura: Makin Molowny Portela<br \/>\nArquitectura T\u00e9cnica: Taherpe, SLP<br \/>\nCliente: Ayuntamiento de Arona<br \/>\nEmpresa Constructora: Dragados\/Acciona<br \/>\nProveedores: Roca, Egoin, Arcelor Mittal, Knauf, Philips, Legrand, Weber, Trespa, Cortizo, Junkers<br \/>\n\u00c1rea: 2600 m2<br \/>\nA\u00f1o: 2020<br \/>\nFotograf\u00edas: Maxim Deknock<\/p>\n<p><strong>Contacto<\/strong><br \/>\n<a href=\"http:\/\/www.makinmolownyportela.com\" target=\"_blank\" rel=\"noopener noreferrer\">http:\/\/www.makinmolownyportela.com<\/a><\/p>\n\n<div style=\"font-size: 0px; height: 0px; line-height: 0px; margin: 0; padding: 0; clear: both;\"><\/div><div style=\"margin-top: 0px; margin-bottom: 0px;\" class=\"sharethis-inline-share-buttons\" ><\/div>","protected":false},"excerpt":{"rendered":"<p>La propuesta plantea un gran espacio cubierto franqueado por m\u00f3dulos de servicios&#8230;<\/p>\n","protected":false},"author":1,"featured_media":54625,"comment_status":"closed","ping_status":"closed","sticky":false,"template":"","format":"standard","meta":{"_uag_custom_page_level_css":"","footnotes":""},"categories":[1479,1],"tags":[5832,2556,104,1533,5830,1798,5831,3197,684],"class_list":["post-54624","post","type-post","status-publish","format-standard","has-post-thumbnail","hentry","category-edificios-para-el-deporte","category-proyecto","tag-arona","tag-arquitectura-deportiva","tag-espana","tag-islas-canarias","tag-makin-molowny-portela","tag-pabellon","tag-pabellon-municipal","tag-polideportivo","tag-tenerife","generate-columns","tablet-grid-50","mobile-grid-100","grid-parent","grid-50"],"yoast_head":"<!-- This site is optimized with the Yoast SEO plugin v27.3 - https:\/\/yoast.com\/product\/yoast-seo-wordpress\/ -->\n<title>Pabell\u00f3n Municipal Valle San Lorenzo \/ Makin Molowny Portela - Arquimaster<\/title>\n<meta name=\"description\" content=\"La propuesta plantea un gran espacio cubierto franqueado en su lado este por un m\u00f3dulo de vestuarios y en su lado norte por un m\u00f3dulo con las zonas de servicio y espacios polivalentes.\" \/>\n<meta name=\"robots\" content=\"index, follow, max-snippet:-1, max-image-preview:large, max-video-preview:-1\" \/>\n<link rel=\"canonical\" href=\"https:\/\/www.arquimaster.com.ar\/web\/pabellon-municipal-valle-san-lorenzo-makin-molowny-portela\/\" \/>\n<meta property=\"og:locale\" content=\"es_ES\" \/>\n<meta property=\"og:type\" content=\"article\" \/>\n<meta property=\"og:title\" content=\"Pabell\u00f3n Municipal Valle San Lorenzo \/ Makin Molowny Portela\" \/>\n<meta property=\"og:description\" content=\"La propuesta plantea un gran espacio cubierto franqueado en su lado este por un m\u00f3dulo de vestuarios y en su lado norte por un m\u00f3dulo con las zonas de servicio y espacios polivalentes.\" \/>\n<meta property=\"og:url\" content=\"https:\/\/www.arquimaster.com.ar\/web\/pabellon-municipal-valle-san-lorenzo-makin-molowny-portela\/\" \/>\n<meta property=\"og:site_name\" content=\"Arquimaster\" \/>\n<meta property=\"article:publisher\" content=\"http:\/\/www.facebook.com\/ARQUIMASTER.com.ar\" \/>\n<meta property=\"article:published_time\" content=\"2020-04-16T22:25:55+00:00\" \/>\n<meta property=\"article:modified_time\" content=\"2020-04-16T22:25:56+00:00\" \/>\n<meta property=\"og:image\" content=\"https:\/\/www.arquimaster.com.ar\/web\/wp-content\/uploads\/2020\/04\/pabellon_municipal_vsl_slide.jpg\" \/>\n\t<meta property=\"og:image:width\" content=\"698\" \/>\n\t<meta property=\"og:image:height\" content=\"364\" \/>\n\t<meta property=\"og:image:type\" content=\"image\/jpeg\" \/>\n<meta name=\"author\" content=\"Arquimaster\" \/>\n<meta name=\"twitter:card\" content=\"summary_large_image\" \/>\n<meta name=\"twitter:title\" content=\"Pabell\u00f3n Municipal Valle San Lorenzo \/ Makin Molowny Portela\" \/>\n<meta name=\"twitter:description\" content=\"La propuesta plantea un gran espacio cubierto franqueado en su lado este por un m\u00f3dulo de vestuarios y en su lado norte por un m\u00f3dulo con las zonas de servicio y espacios polivalentes.\" \/>\n<meta name=\"twitter:image\" content=\"https:\/\/www.arquimaster.com.ar\/web\/wp-content\/uploads\/2020\/04\/pabellon_municipal_vsl_slide.jpg\" \/>\n<meta name=\"twitter:creator\" content=\"@arquimaster\" \/>\n<meta name=\"twitter:site\" content=\"@arquimaster\" \/>\n<meta name=\"twitter:label1\" content=\"Escrito por\" \/>\n\t<meta name=\"twitter:data1\" content=\"Arquimaster\" \/>\n\t<meta name=\"twitter:label2\" content=\"Tiempo de lectura\" \/>\n\t<meta name=\"twitter:data2\" content=\"2 minutos\" \/>\n<script type=\"application\/ld+json\" class=\"yoast-schema-graph\">{\"@context\":\"https:\\\/\\\/schema.org\",\"@graph\":[{\"@type\":\"Article\",\"@id\":\"https:\\\/\\\/www.arquimaster.com.ar\\\/web\\\/pabellon-municipal-valle-san-lorenzo-makin-molowny-portela\\\/#article\",\"isPartOf\":{\"@id\":\"https:\\\/\\\/www.arquimaster.com.ar\\\/web\\\/pabellon-municipal-valle-san-lorenzo-makin-molowny-portela\\\/\"},\"author\":{\"name\":\"Arquimaster\",\"@id\":\"https:\\\/\\\/www.arquimaster.com.ar\\\/web\\\/#\\\/schema\\\/person\\\/359e9f7c00193fcde068e0dd2ceb0028\"},\"headline\":\"Pabell\u00f3n Municipal Valle San Lorenzo \\\/ Makin Molowny Portela\",\"datePublished\":\"2020-04-16T22:25:55+00:00\",\"dateModified\":\"2020-04-16T22:25:56+00:00\",\"mainEntityOfPage\":{\"@id\":\"https:\\\/\\\/www.arquimaster.com.ar\\\/web\\\/pabellon-municipal-valle-san-lorenzo-makin-molowny-portela\\\/\"},\"wordCount\":474,\"publisher\":{\"@id\":\"https:\\\/\\\/www.arquimaster.com.ar\\\/web\\\/#organization\"},\"image\":{\"@id\":\"https:\\\/\\\/www.arquimaster.com.ar\\\/web\\\/pabellon-municipal-valle-san-lorenzo-makin-molowny-portela\\\/#primaryimage\"},\"thumbnailUrl\":\"https:\\\/\\\/www.arquimaster.com.ar\\\/web\\\/wp-content\\\/uploads\\\/2020\\\/04\\\/pabellon_municipal_vsl_slide.jpg\",\"keywords\":[\"Arona\",\"arquitectura deportiva\",\"Espa\u00f1a\",\"Islas Canarias\",\"Makin Molowny Portela\",\"pabellon\",\"pabellon municipal\",\"polideportivo\",\"Tenerife\"],\"articleSection\":[\"Edificios para el deporte\",\"Proyecto\"],\"inLanguage\":\"es\"},{\"@type\":\"WebPage\",\"@id\":\"https:\\\/\\\/www.arquimaster.com.ar\\\/web\\\/pabellon-municipal-valle-san-lorenzo-makin-molowny-portela\\\/\",\"url\":\"https:\\\/\\\/www.arquimaster.com.ar\\\/web\\\/pabellon-municipal-valle-san-lorenzo-makin-molowny-portela\\\/\",\"name\":\"Pabell\u00f3n Municipal Valle San Lorenzo \\\/ Makin Molowny Portela - Arquimaster\",\"isPartOf\":{\"@id\":\"https:\\\/\\\/www.arquimaster.com.ar\\\/web\\\/#website\"},\"primaryImageOfPage\":{\"@id\":\"https:\\\/\\\/www.arquimaster.com.ar\\\/web\\\/pabellon-municipal-valle-san-lorenzo-makin-molowny-portela\\\/#primaryimage\"},\"image\":{\"@id\":\"https:\\\/\\\/www.arquimaster.com.ar\\\/web\\\/pabellon-municipal-valle-san-lorenzo-makin-molowny-portela\\\/#primaryimage\"},\"thumbnailUrl\":\"https:\\\/\\\/www.arquimaster.com.ar\\\/web\\\/wp-content\\\/uploads\\\/2020\\\/04\\\/pabellon_municipal_vsl_slide.jpg\",\"datePublished\":\"2020-04-16T22:25:55+00:00\",\"dateModified\":\"2020-04-16T22:25:56+00:00\",\"description\":\"La propuesta plantea un gran espacio cubierto franqueado en su lado este por un m\u00f3dulo de vestuarios y en su lado norte por un m\u00f3dulo con las zonas de servicio y espacios polivalentes.\",\"breadcrumb\":{\"@id\":\"https:\\\/\\\/www.arquimaster.com.ar\\\/web\\\/pabellon-municipal-valle-san-lorenzo-makin-molowny-portela\\\/#breadcrumb\"},\"inLanguage\":\"es\",\"potentialAction\":[{\"@type\":\"ReadAction\",\"target\":[\"https:\\\/\\\/www.arquimaster.com.ar\\\/web\\\/pabellon-municipal-valle-san-lorenzo-makin-molowny-portela\\\/\"]}]},{\"@type\":\"ImageObject\",\"inLanguage\":\"es\",\"@id\":\"https:\\\/\\\/www.arquimaster.com.ar\\\/web\\\/pabellon-municipal-valle-san-lorenzo-makin-molowny-portela\\\/#primaryimage\",\"url\":\"https:\\\/\\\/www.arquimaster.com.ar\\\/web\\\/wp-content\\\/uploads\\\/2020\\\/04\\\/pabellon_municipal_vsl_slide.jpg\",\"contentUrl\":\"https:\\\/\\\/www.arquimaster.com.ar\\\/web\\\/wp-content\\\/uploads\\\/2020\\\/04\\\/pabellon_municipal_vsl_slide.jpg\",\"width\":698,\"height\":364},{\"@type\":\"BreadcrumbList\",\"@id\":\"https:\\\/\\\/www.arquimaster.com.ar\\\/web\\\/pabellon-municipal-valle-san-lorenzo-makin-molowny-portela\\\/#breadcrumb\",\"itemListElement\":[{\"@type\":\"ListItem\",\"position\":1,\"name\":\"Portada\",\"item\":\"https:\\\/\\\/www.arquimaster.com.ar\\\/web\\\/\"},{\"@type\":\"ListItem\",\"position\":2,\"name\":\"Pabell\u00f3n Municipal Valle San Lorenzo \\\/ Makin Molowny Portela\"}]},{\"@type\":\"WebSite\",\"@id\":\"https:\\\/\\\/www.arquimaster.com.ar\\\/web\\\/#website\",\"url\":\"https:\\\/\\\/www.arquimaster.com.ar\\\/web\\\/\",\"name\":\"Arquimaster\",\"description\":\"Web de arquitectura, dise\u00f1o y construccion\",\"publisher\":{\"@id\":\"https:\\\/\\\/www.arquimaster.com.ar\\\/web\\\/#organization\"},\"potentialAction\":[{\"@type\":\"SearchAction\",\"target\":{\"@type\":\"EntryPoint\",\"urlTemplate\":\"https:\\\/\\\/www.arquimaster.com.ar\\\/web\\\/?s={search_term_string}\"},\"query-input\":{\"@type\":\"PropertyValueSpecification\",\"valueRequired\":true,\"valueName\":\"search_term_string\"}}],\"inLanguage\":\"es\"},{\"@type\":\"Organization\",\"@id\":\"https:\\\/\\\/www.arquimaster.com.ar\\\/web\\\/#organization\",\"name\":\"Arquimaster\",\"url\":\"https:\\\/\\\/www.arquimaster.com.ar\\\/web\\\/\",\"logo\":{\"@type\":\"ImageObject\",\"inLanguage\":\"es\",\"@id\":\"https:\\\/\\\/www.arquimaster.com.ar\\\/web\\\/#\\\/schema\\\/logo\\\/image\\\/\",\"url\":\"https:\\\/\\\/www.arquimaster.com.ar\\\/web\\\/wp-content\\\/uploads\\\/2022\\\/06\\\/arquimaster.png\",\"contentUrl\":\"https:\\\/\\\/www.arquimaster.com.ar\\\/web\\\/wp-content\\\/uploads\\\/2022\\\/06\\\/arquimaster.png\",\"width\":594,\"height\":78,\"caption\":\"Arquimaster\"},\"image\":{\"@id\":\"https:\\\/\\\/www.arquimaster.com.ar\\\/web\\\/#\\\/schema\\\/logo\\\/image\\\/\"},\"sameAs\":[\"http:\\\/\\\/www.facebook.com\\\/ARQUIMASTER.com.ar\",\"https:\\\/\\\/x.com\\\/arquimaster\",\"https:\\\/\\\/www.instagram.com\\\/arquimasterblog\\\/\",\"https:\\\/\\\/www.linkedin.com\\\/company\\\/arquimaster\",\"https:\\\/\\\/www.pinterest.com\\\/arquimaster\",\"https:\\\/\\\/t.me\\\/arquimaster\"]},{\"@type\":\"Person\",\"@id\":\"https:\\\/\\\/www.arquimaster.com.ar\\\/web\\\/#\\\/schema\\\/person\\\/359e9f7c00193fcde068e0dd2ceb0028\",\"name\":\"Arquimaster\"}]}<\/script>\n<!-- \/ Yoast SEO plugin. -->","yoast_head_json":{"title":"Pabell\u00f3n Municipal Valle San Lorenzo \/ Makin Molowny Portela - Arquimaster","description":"La propuesta plantea un gran espacio cubierto franqueado en su lado este por un m\u00f3dulo de vestuarios y en su lado norte por un m\u00f3dulo con las zonas de servicio y espacios polivalentes.","robots":{"index":"index","follow":"follow","max-snippet":"max-snippet:-1","max-image-preview":"max-image-preview:large","max-video-preview":"max-video-preview:-1"},"canonical":"https:\/\/www.arquimaster.com.ar\/web\/pabellon-municipal-valle-san-lorenzo-makin-molowny-portela\/","og_locale":"es_ES","og_type":"article","og_title":"Pabell\u00f3n Municipal Valle San Lorenzo \/ Makin Molowny Portela","og_description":"La propuesta plantea un gran espacio cubierto franqueado en su lado este por un m\u00f3dulo de vestuarios y en su lado norte por un m\u00f3dulo con las zonas de servicio y espacios polivalentes.","og_url":"https:\/\/www.arquimaster.com.ar\/web\/pabellon-municipal-valle-san-lorenzo-makin-molowny-portela\/","og_site_name":"Arquimaster","article_publisher":"http:\/\/www.facebook.com\/ARQUIMASTER.com.ar","article_published_time":"2020-04-16T22:25:55+00:00","article_modified_time":"2020-04-16T22:25:56+00:00","og_image":[{"width":698,"height":364,"url":"https:\/\/www.arquimaster.com.ar\/web\/wp-content\/uploads\/2020\/04\/pabellon_municipal_vsl_slide.jpg","type":"image\/jpeg"}],"author":"Arquimaster","twitter_card":"summary_large_image","twitter_title":"Pabell\u00f3n Municipal Valle San Lorenzo \/ Makin Molowny Portela","twitter_description":"La propuesta plantea un gran espacio cubierto franqueado en su lado este por un m\u00f3dulo de vestuarios y en su lado norte por un m\u00f3dulo con las zonas de servicio y espacios polivalentes.","twitter_image":"https:\/\/www.arquimaster.com.ar\/web\/wp-content\/uploads\/2020\/04\/pabellon_municipal_vsl_slide.jpg","twitter_creator":"@arquimaster","twitter_site":"@arquimaster","twitter_misc":{"Escrito por":"Arquimaster","Tiempo de lectura":"2 minutos"},"schema":{"@context":"https:\/\/schema.org","@graph":[{"@type":"Article","@id":"https:\/\/www.arquimaster.com.ar\/web\/pabellon-municipal-valle-san-lorenzo-makin-molowny-portela\/#article","isPartOf":{"@id":"https:\/\/www.arquimaster.com.ar\/web\/pabellon-municipal-valle-san-lorenzo-makin-molowny-portela\/"},"author":{"name":"Arquimaster","@id":"https:\/\/www.arquimaster.com.ar\/web\/#\/schema\/person\/359e9f7c00193fcde068e0dd2ceb0028"},"headline":"Pabell\u00f3n Municipal Valle San Lorenzo \/ Makin Molowny Portela","datePublished":"2020-04-16T22:25:55+00:00","dateModified":"2020-04-16T22:25:56+00:00","mainEntityOfPage":{"@id":"https:\/\/www.arquimaster.com.ar\/web\/pabellon-municipal-valle-san-lorenzo-makin-molowny-portela\/"},"wordCount":474,"publisher":{"@id":"https:\/\/www.arquimaster.com.ar\/web\/#organization"},"image":{"@id":"https:\/\/www.arquimaster.com.ar\/web\/pabellon-municipal-valle-san-lorenzo-makin-molowny-portela\/#primaryimage"},"thumbnailUrl":"https:\/\/www.arquimaster.com.ar\/web\/wp-content\/uploads\/2020\/04\/pabellon_municipal_vsl_slide.jpg","keywords":["Arona","arquitectura deportiva","Espa\u00f1a","Islas Canarias","Makin Molowny Portela","pabellon","pabellon municipal","polideportivo","Tenerife"],"articleSection":["Edificios para el deporte","Proyecto"],"inLanguage":"es"},{"@type":"WebPage","@id":"https:\/\/www.arquimaster.com.ar\/web\/pabellon-municipal-valle-san-lorenzo-makin-molowny-portela\/","url":"https:\/\/www.arquimaster.com.ar\/web\/pabellon-municipal-valle-san-lorenzo-makin-molowny-portela\/","name":"Pabell\u00f3n Municipal Valle San Lorenzo \/ Makin Molowny Portela - Arquimaster","isPartOf":{"@id":"https:\/\/www.arquimaster.com.ar\/web\/#website"},"primaryImageOfPage":{"@id":"https:\/\/www.arquimaster.com.ar\/web\/pabellon-municipal-valle-san-lorenzo-makin-molowny-portela\/#primaryimage"},"image":{"@id":"https:\/\/www.arquimaster.com.ar\/web\/pabellon-municipal-valle-san-lorenzo-makin-molowny-portela\/#primaryimage"},"thumbnailUrl":"https:\/\/www.arquimaster.com.ar\/web\/wp-content\/uploads\/2020\/04\/pabellon_municipal_vsl_slide.jpg","datePublished":"2020-04-16T22:25:55+00:00","dateModified":"2020-04-16T22:25:56+00:00","description":"La propuesta plantea un gran espacio cubierto franqueado en su lado este por un m\u00f3dulo de vestuarios y en su lado norte por un m\u00f3dulo con las zonas de servicio y espacios polivalentes.","breadcrumb":{"@id":"https:\/\/www.arquimaster.com.ar\/web\/pabellon-municipal-valle-san-lorenzo-makin-molowny-portela\/#breadcrumb"},"inLanguage":"es","potentialAction":[{"@type":"ReadAction","target":["https:\/\/www.arquimaster.com.ar\/web\/pabellon-municipal-valle-san-lorenzo-makin-molowny-portela\/"]}]},{"@type":"ImageObject","inLanguage":"es","@id":"https:\/\/www.arquimaster.com.ar\/web\/pabellon-municipal-valle-san-lorenzo-makin-molowny-portela\/#primaryimage","url":"https:\/\/www.arquimaster.com.ar\/web\/wp-content\/uploads\/2020\/04\/pabellon_municipal_vsl_slide.jpg","contentUrl":"https:\/\/www.arquimaster.com.ar\/web\/wp-content\/uploads\/2020\/04\/pabellon_municipal_vsl_slide.jpg","width":698,"height":364},{"@type":"BreadcrumbList","@id":"https:\/\/www.arquimaster.com.ar\/web\/pabellon-municipal-valle-san-lorenzo-makin-molowny-portela\/#breadcrumb","itemListElement":[{"@type":"ListItem","position":1,"name":"Portada","item":"https:\/\/www.arquimaster.com.ar\/web\/"},{"@type":"ListItem","position":2,"name":"Pabell\u00f3n Municipal Valle San Lorenzo \/ Makin Molowny Portela"}]},{"@type":"WebSite","@id":"https:\/\/www.arquimaster.com.ar\/web\/#website","url":"https:\/\/www.arquimaster.com.ar\/web\/","name":"Arquimaster","description":"Web de arquitectura, dise\u00f1o y construccion","publisher":{"@id":"https:\/\/www.arquimaster.com.ar\/web\/#organization"},"potentialAction":[{"@type":"SearchAction","target":{"@type":"EntryPoint","urlTemplate":"https:\/\/www.arquimaster.com.ar\/web\/?s={search_term_string}"},"query-input":{"@type":"PropertyValueSpecification","valueRequired":true,"valueName":"search_term_string"}}],"inLanguage":"es"},{"@type":"Organization","@id":"https:\/\/www.arquimaster.com.ar\/web\/#organization","name":"Arquimaster","url":"https:\/\/www.arquimaster.com.ar\/web\/","logo":{"@type":"ImageObject","inLanguage":"es","@id":"https:\/\/www.arquimaster.com.ar\/web\/#\/schema\/logo\/image\/","url":"https:\/\/www.arquimaster.com.ar\/web\/wp-content\/uploads\/2022\/06\/arquimaster.png","contentUrl":"https:\/\/www.arquimaster.com.ar\/web\/wp-content\/uploads\/2022\/06\/arquimaster.png","width":594,"height":78,"caption":"Arquimaster"},"image":{"@id":"https:\/\/www.arquimaster.com.ar\/web\/#\/schema\/logo\/image\/"},"sameAs":["http:\/\/www.facebook.com\/ARQUIMASTER.com.ar","https:\/\/x.com\/arquimaster","https:\/\/www.instagram.com\/arquimasterblog\/","https:\/\/www.linkedin.com\/company\/arquimaster","https:\/\/www.pinterest.com\/arquimaster","https:\/\/t.me\/arquimaster"]},{"@type":"Person","@id":"https:\/\/www.arquimaster.com.ar\/web\/#\/schema\/person\/359e9f7c00193fcde068e0dd2ceb0028","name":"Arquimaster"}]}},"uagb_featured_image_src":{"full":["https:\/\/www.arquimaster.com.ar\/web\/wp-content\/uploads\/2020\/04\/pabellon_municipal_vsl_slide.jpg",698,364,false],"thumbnail":["https:\/\/www.arquimaster.com.ar\/web\/wp-content\/uploads\/2020\/04\/pabellon_municipal_vsl_slide-150x150.jpg",150,150,true],"medium":["https:\/\/www.arquimaster.com.ar\/web\/wp-content\/uploads\/2020\/04\/pabellon_municipal_vsl_slide.jpg",698,364,false],"medium_large":["https:\/\/www.arquimaster.com.ar\/web\/wp-content\/uploads\/2020\/04\/pabellon_municipal_vsl_slide.jpg",698,364,false],"large":["https:\/\/www.arquimaster.com.ar\/web\/wp-content\/uploads\/2020\/04\/pabellon_municipal_vsl_slide.jpg",698,364,false],"1536x1536":["https:\/\/www.arquimaster.com.ar\/web\/wp-content\/uploads\/2020\/04\/pabellon_municipal_vsl_slide.jpg",698,364,false],"2048x2048":["https:\/\/www.arquimaster.com.ar\/web\/wp-content\/uploads\/2020\/04\/pabellon_municipal_vsl_slide.jpg",698,364,false]},"uagb_author_info":{"display_name":"Arquimaster","author_link":"https:\/\/www.arquimaster.com.ar\/web\/author\/arquimaster\/"},"uagb_comment_info":0,"uagb_excerpt":"La propuesta plantea un gran espacio cubierto franqueado por m\u00f3dulos de servicios...","_links":{"self":[{"href":"https:\/\/www.arquimaster.com.ar\/web\/wp-json\/wp\/v2\/posts\/54624","targetHints":{"allow":["GET"]}}],"collection":[{"href":"https:\/\/www.arquimaster.com.ar\/web\/wp-json\/wp\/v2\/posts"}],"about":[{"href":"https:\/\/www.arquimaster.com.ar\/web\/wp-json\/wp\/v2\/types\/post"}],"author":[{"embeddable":true,"href":"https:\/\/www.arquimaster.com.ar\/web\/wp-json\/wp\/v2\/users\/1"}],"replies":[{"embeddable":true,"href":"https:\/\/www.arquimaster.com.ar\/web\/wp-json\/wp\/v2\/comments?post=54624"}],"version-history":[{"count":1,"href":"https:\/\/www.arquimaster.com.ar\/web\/wp-json\/wp\/v2\/posts\/54624\/revisions"}],"predecessor-version":[{"id":54650,"href":"https:\/\/www.arquimaster.com.ar\/web\/wp-json\/wp\/v2\/posts\/54624\/revisions\/54650"}],"wp:featuredmedia":[{"embeddable":true,"href":"https:\/\/www.arquimaster.com.ar\/web\/wp-json\/wp\/v2\/media\/54625"}],"wp:attachment":[{"href":"https:\/\/www.arquimaster.com.ar\/web\/wp-json\/wp\/v2\/media?parent=54624"}],"wp:term":[{"taxonomy":"category","embeddable":true,"href":"https:\/\/www.arquimaster.com.ar\/web\/wp-json\/wp\/v2\/categories?post=54624"},{"taxonomy":"post_tag","embeddable":true,"href":"https:\/\/www.arquimaster.com.ar\/web\/wp-json\/wp\/v2\/tags?post=54624"}],"curies":[{"name":"wp","href":"https:\/\/api.w.org\/{rel}","templated":true}]}}