{"id":54652,"date":"2020-04-16T20:37:04","date_gmt":"2020-04-16T23:37:04","guid":{"rendered":"https:\/\/www.arquimaster.com.ar\/web\/?p=54652"},"modified":"2020-04-16T20:37:05","modified_gmt":"2020-04-16T23:37:05","slug":"clinica-dental-comisura-pablo-munoz-paya-arquitectos","status":"publish","type":"post","link":"https:\/\/www.arquimaster.com.ar\/web\/clinica-dental-comisura-pablo-munoz-paya-arquitectos\/","title":{"rendered":"Cl\u00ednica Dental Comisura \/ Pablo Mu\u00f1oz Pay\u00e1 Arquitectos"},"content":{"rendered":"<div style=\"margin-top: 0px; margin-bottom: 0px;\" class=\"sharethis-inline-share-buttons\" ><\/div><div class=\"b812932af2e751442846f039925109de\" data-index=\"1\" style=\"float: none; margin:25px 0 25px 0; text-align:center;\">\n<script async src=\"https:\/\/pagead2.googlesyndication.com\/pagead\/js\/adsbygoogle.js\"><\/script>\r\n<!-- Arquimaster (superior) -->\r\n<ins class=\"adsbygoogle\"\r\n     style=\"display:block\"\r\n     data-ad-client=\"ca-pub-6351072698456832\"\r\n     data-ad-slot=\"6455489680\"\r\n     data-ad-format=\"auto\"\r\n     data-full-width-responsive=\"true\"><\/ins>\r\n<script>\r\n     (adsbygoogle = window.adsbygoogle || []).push({});\r\n<\/script>\n<\/div>\n<p><strong>Cl\u00ednica Dental Comisura<\/strong> (Elda, Alicante, Espa\u00f1a) por <a href=\"https:\/\/www.arquimaster.com.ar\/web\/tag\/pablo-munoz-paya-arquitectos\/\"><strong>Pablo Mu\u00f1oz Pay\u00e1 Arquitectos<\/strong><\/a>. La Cl\u00ednica Dental Comisura surge de la reforma de un local comercial en la ciudad de Elda (Alicante, Espa\u00f1a). El proyecto se idea entorno a un objetivo muy definido: que la arquitectura, aliada del equipo profesional, sea capaz de generar experiencias positivas. Buscamos un cambio sensorial de los pacientes al visitar una cl\u00ednica dental, generando un ambiente apacible, cercano y optimista.<\/p>\n<div id='gallery-1' class='gallery galleryid-54652 gallery-columns-3 gallery-size-thumbnail'><figure class='gallery-item'>\n\t\t\t<div class='gallery-icon landscape'>\n\t\t\t\t<a href='https:\/\/www.arquimaster.com.ar\/web\/wp-content\/uploads\/2020\/04\/clinica_dental_comisura1.jpg' title=\"Cl\u00ednica Dental Comisura \/ Pablo Mu\u00f1oz Pay\u00e1 Arquitectos (\u00a9 Miguel \u00c1ngel Cabrera Luengo)\" data-rl_title=\"Cl\u00ednica Dental Comisura \/ Pablo Mu\u00f1oz Pay\u00e1 Arquitectos (\u00a9 Miguel \u00c1ngel Cabrera Luengo)\" class=\"rl-gallery-link\" data-rl_caption=\"Cl\u00ednica Dental Comisura \/ Pablo Mu\u00f1oz Pay\u00e1 Arquitectos (\u00a9 Miguel \u00c1ngel Cabrera Luengo)\" data-rel=\"lightbox-gallery-1\"><img loading=\"lazy\" decoding=\"async\" width=\"150\" height=\"150\" src=\"https:\/\/www.arquimaster.com.ar\/web\/wp-content\/uploads\/2020\/04\/clinica_dental_comisura1-150x150.jpg\" class=\"attachment-thumbnail size-thumbnail\" alt=\"\" aria-describedby=\"gallery-1-54654\" \/><\/a>\n\t\t\t<\/div>\n\t\t\t\t<figcaption class='wp-caption-text gallery-caption' id='gallery-1-54654'>\n\t\t\t\tCl\u00ednica Dental Comisura \/ Pablo Mu\u00f1oz Pay\u00e1 Arquitectos (\u00a9 Miguel \u00c1ngel Cabrera Luengo)\n\t\t\t\t<\/figcaption><\/figure><figure class='gallery-item'>\n\t\t\t<div class='gallery-icon landscape'>\n\t\t\t\t<a href='https:\/\/www.arquimaster.com.ar\/web\/wp-content\/uploads\/2020\/04\/clinica_dental_comisura2.jpg' title=\"Cl\u00ednica Dental Comisura \/ Pablo Mu\u00f1oz Pay\u00e1 Arquitectos (\u00a9 Miguel \u00c1ngel Cabrera Luengo)\" data-rl_title=\"Cl\u00ednica Dental Comisura \/ Pablo Mu\u00f1oz Pay\u00e1 Arquitectos (\u00a9 Miguel \u00c1ngel Cabrera Luengo)\" class=\"rl-gallery-link\" data-rl_caption=\"Cl\u00ednica Dental Comisura \/ Pablo Mu\u00f1oz Pay\u00e1 Arquitectos (\u00a9 Miguel \u00c1ngel Cabrera Luengo)\" data-rel=\"lightbox-gallery-1\"><img loading=\"lazy\" decoding=\"async\" width=\"150\" height=\"150\" src=\"https:\/\/www.arquimaster.com.ar\/web\/wp-content\/uploads\/2020\/04\/clinica_dental_comisura2-150x150.jpg\" class=\"attachment-thumbnail size-thumbnail\" alt=\"\" aria-describedby=\"gallery-1-54655\" \/><\/a>\n\t\t\t<\/div>\n\t\t\t\t<figcaption class='wp-caption-text gallery-caption' id='gallery-1-54655'>\n\t\t\t\tCl\u00ednica Dental Comisura \/ Pablo Mu\u00f1oz Pay\u00e1 Arquitectos (\u00a9 Miguel \u00c1ngel Cabrera Luengo)\n\t\t\t\t<\/figcaption><\/figure><figure class='gallery-item'>\n\t\t\t<div class='gallery-icon landscape'>\n\t\t\t\t<a href='https:\/\/www.arquimaster.com.ar\/web\/wp-content\/uploads\/2020\/04\/clinica_dental_comisura3.jpg' title=\"Cl\u00ednica Dental Comisura \/ Pablo Mu\u00f1oz Pay\u00e1 Arquitectos (\u00a9 Miguel \u00c1ngel Cabrera Luengo)\" data-rl_title=\"Cl\u00ednica Dental Comisura \/ Pablo Mu\u00f1oz Pay\u00e1 Arquitectos (\u00a9 Miguel \u00c1ngel Cabrera Luengo)\" class=\"rl-gallery-link\" data-rl_caption=\"Cl\u00ednica Dental Comisura \/ Pablo Mu\u00f1oz Pay\u00e1 Arquitectos (\u00a9 Miguel \u00c1ngel Cabrera Luengo)\" data-rel=\"lightbox-gallery-1\"><img loading=\"lazy\" decoding=\"async\" width=\"150\" height=\"150\" src=\"https:\/\/www.arquimaster.com.ar\/web\/wp-content\/uploads\/2020\/04\/clinica_dental_comisura3-150x150.jpg\" class=\"attachment-thumbnail size-thumbnail\" alt=\"\" aria-describedby=\"gallery-1-54656\" \/><\/a>\n\t\t\t<\/div>\n\t\t\t\t<figcaption class='wp-caption-text gallery-caption' id='gallery-1-54656'>\n\t\t\t\tCl\u00ednica Dental Comisura \/ Pablo Mu\u00f1oz Pay\u00e1 Arquitectos (\u00a9 Miguel \u00c1ngel Cabrera Luengo)\n\t\t\t\t<\/figcaption><\/figure><figure class='gallery-item'>\n\t\t\t<div class='gallery-icon portrait'>\n\t\t\t\t<a href='https:\/\/www.arquimaster.com.ar\/web\/wp-content\/uploads\/2020\/04\/clinica_dental_comisura4.jpg' title=\"Cl\u00ednica Dental Comisura \/ Pablo Mu\u00f1oz Pay\u00e1 Arquitectos (\u00a9 Miguel \u00c1ngel Cabrera Luengo)\" data-rl_title=\"Cl\u00ednica Dental Comisura \/ Pablo Mu\u00f1oz Pay\u00e1 Arquitectos (\u00a9 Miguel \u00c1ngel Cabrera Luengo)\" class=\"rl-gallery-link\" data-rl_caption=\"Cl\u00ednica Dental Comisura \/ Pablo Mu\u00f1oz Pay\u00e1 Arquitectos (\u00a9 Miguel \u00c1ngel Cabrera Luengo)\" data-rel=\"lightbox-gallery-1\"><img loading=\"lazy\" decoding=\"async\" width=\"150\" height=\"150\" src=\"https:\/\/www.arquimaster.com.ar\/web\/wp-content\/uploads\/2020\/04\/clinica_dental_comisura4-150x150.jpg\" class=\"attachment-thumbnail size-thumbnail\" alt=\"\" aria-describedby=\"gallery-1-54657\" \/><\/a>\n\t\t\t<\/div>\n\t\t\t\t<figcaption class='wp-caption-text gallery-caption' id='gallery-1-54657'>\n\t\t\t\tCl\u00ednica Dental Comisura \/ Pablo Mu\u00f1oz Pay\u00e1 Arquitectos (\u00a9 Miguel \u00c1ngel Cabrera Luengo)\n\t\t\t\t<\/figcaption><\/figure><figure class='gallery-item'>\n\t\t\t<div class='gallery-icon portrait'>\n\t\t\t\t<a href='https:\/\/www.arquimaster.com.ar\/web\/wp-content\/uploads\/2020\/04\/clinica_dental_comisura5.jpg' title=\"Cl\u00ednica Dental Comisura \/ Pablo Mu\u00f1oz Pay\u00e1 Arquitectos (\u00a9 Miguel \u00c1ngel Cabrera Luengo)\" data-rl_title=\"Cl\u00ednica Dental Comisura \/ Pablo Mu\u00f1oz Pay\u00e1 Arquitectos (\u00a9 Miguel \u00c1ngel Cabrera Luengo)\" class=\"rl-gallery-link\" data-rl_caption=\"Cl\u00ednica Dental Comisura \/ Pablo Mu\u00f1oz Pay\u00e1 Arquitectos (\u00a9 Miguel \u00c1ngel Cabrera Luengo)\" data-rel=\"lightbox-gallery-1\"><img loading=\"lazy\" decoding=\"async\" width=\"150\" height=\"150\" src=\"https:\/\/www.arquimaster.com.ar\/web\/wp-content\/uploads\/2020\/04\/clinica_dental_comisura5-150x150.jpg\" class=\"attachment-thumbnail size-thumbnail\" alt=\"\" aria-describedby=\"gallery-1-54658\" \/><\/a>\n\t\t\t<\/div>\n\t\t\t\t<figcaption class='wp-caption-text gallery-caption' id='gallery-1-54658'>\n\t\t\t\tCl\u00ednica Dental Comisura \/ Pablo Mu\u00f1oz Pay\u00e1 Arquitectos (\u00a9 Miguel \u00c1ngel Cabrera Luengo)\n\t\t\t\t<\/figcaption><\/figure><figure class='gallery-item'>\n\t\t\t<div class='gallery-icon landscape'>\n\t\t\t\t<a href='https:\/\/www.arquimaster.com.ar\/web\/wp-content\/uploads\/2020\/04\/clinica_dental_comisura6.jpg' title=\"Cl\u00ednica Dental Comisura \/ Pablo Mu\u00f1oz Pay\u00e1 Arquitectos (\u00a9 Miguel \u00c1ngel Cabrera Luengo)\" data-rl_title=\"Cl\u00ednica Dental Comisura \/ Pablo Mu\u00f1oz Pay\u00e1 Arquitectos (\u00a9 Miguel \u00c1ngel Cabrera Luengo)\" class=\"rl-gallery-link\" data-rl_caption=\"Cl\u00ednica Dental Comisura \/ Pablo Mu\u00f1oz Pay\u00e1 Arquitectos (\u00a9 Miguel \u00c1ngel Cabrera Luengo)\" data-rel=\"lightbox-gallery-1\"><img loading=\"lazy\" decoding=\"async\" width=\"150\" height=\"150\" src=\"https:\/\/www.arquimaster.com.ar\/web\/wp-content\/uploads\/2020\/04\/clinica_dental_comisura6-150x150.jpg\" class=\"attachment-thumbnail size-thumbnail\" alt=\"\" aria-describedby=\"gallery-1-54659\" \/><\/a>\n\t\t\t<\/div>\n\t\t\t\t<figcaption class='wp-caption-text gallery-caption' id='gallery-1-54659'>\n\t\t\t\tCl\u00ednica Dental Comisura \/ Pablo Mu\u00f1oz Pay\u00e1 Arquitectos (\u00a9 Miguel \u00c1ngel Cabrera Luengo)\n\t\t\t\t<\/figcaption><\/figure><figure class='gallery-item'>\n\t\t\t<div class='gallery-icon portrait'>\n\t\t\t\t<a href='https:\/\/www.arquimaster.com.ar\/web\/wp-content\/uploads\/2020\/04\/clinica_dental_comisura7.jpg' title=\"Cl\u00ednica Dental Comisura \/ Pablo Mu\u00f1oz Pay\u00e1 Arquitectos (\u00a9 Miguel \u00c1ngel Cabrera Luengo)\" data-rl_title=\"Cl\u00ednica Dental Comisura \/ Pablo Mu\u00f1oz Pay\u00e1 Arquitectos (\u00a9 Miguel \u00c1ngel Cabrera Luengo)\" class=\"rl-gallery-link\" data-rl_caption=\"Cl\u00ednica Dental Comisura \/ Pablo Mu\u00f1oz Pay\u00e1 Arquitectos (\u00a9 Miguel \u00c1ngel Cabrera Luengo)\" data-rel=\"lightbox-gallery-1\"><img loading=\"lazy\" decoding=\"async\" width=\"150\" height=\"150\" src=\"https:\/\/www.arquimaster.com.ar\/web\/wp-content\/uploads\/2020\/04\/clinica_dental_comisura7-150x150.jpg\" class=\"attachment-thumbnail size-thumbnail\" alt=\"\" aria-describedby=\"gallery-1-54660\" \/><\/a>\n\t\t\t<\/div>\n\t\t\t\t<figcaption class='wp-caption-text gallery-caption' id='gallery-1-54660'>\n\t\t\t\tCl\u00ednica Dental Comisura \/ Pablo Mu\u00f1oz Pay\u00e1 Arquitectos (\u00a9 Miguel \u00c1ngel Cabrera Luengo)\n\t\t\t\t<\/figcaption><\/figure><figure class='gallery-item'>\n\t\t\t<div class='gallery-icon landscape'>\n\t\t\t\t<a href='https:\/\/www.arquimaster.com.ar\/web\/wp-content\/uploads\/2020\/04\/clinica_dental_comisura8.jpg' title=\"Cl\u00ednica Dental Comisura \/ Pablo Mu\u00f1oz Pay\u00e1 Arquitectos (\u00a9 Miguel \u00c1ngel Cabrera Luengo)\" data-rl_title=\"Cl\u00ednica Dental Comisura \/ Pablo Mu\u00f1oz Pay\u00e1 Arquitectos (\u00a9 Miguel \u00c1ngel Cabrera Luengo)\" class=\"rl-gallery-link\" data-rl_caption=\"Cl\u00ednica Dental Comisura \/ Pablo Mu\u00f1oz Pay\u00e1 Arquitectos (\u00a9 Miguel \u00c1ngel Cabrera Luengo)\" data-rel=\"lightbox-gallery-1\"><img loading=\"lazy\" decoding=\"async\" width=\"150\" height=\"150\" src=\"https:\/\/www.arquimaster.com.ar\/web\/wp-content\/uploads\/2020\/04\/clinica_dental_comisura8-150x150.jpg\" class=\"attachment-thumbnail size-thumbnail\" alt=\"\" aria-describedby=\"gallery-1-54661\" \/><\/a>\n\t\t\t<\/div>\n\t\t\t\t<figcaption class='wp-caption-text gallery-caption' id='gallery-1-54661'>\n\t\t\t\tCl\u00ednica Dental Comisura \/ Pablo Mu\u00f1oz Pay\u00e1 Arquitectos (\u00a9 Miguel \u00c1ngel Cabrera Luengo)\n\t\t\t\t<\/figcaption><\/figure><figure class='gallery-item'>\n\t\t\t<div class='gallery-icon portrait'>\n\t\t\t\t<a href='https:\/\/www.arquimaster.com.ar\/web\/wp-content\/uploads\/2020\/04\/clinica_dental_comisura9.jpg' title=\"Cl\u00ednica Dental Comisura \/ Pablo Mu\u00f1oz Pay\u00e1 Arquitectos (\u00a9 Miguel \u00c1ngel Cabrera Luengo)\" data-rl_title=\"Cl\u00ednica Dental Comisura \/ Pablo Mu\u00f1oz Pay\u00e1 Arquitectos (\u00a9 Miguel \u00c1ngel Cabrera Luengo)\" class=\"rl-gallery-link\" data-rl_caption=\"Cl\u00ednica Dental Comisura \/ Pablo Mu\u00f1oz Pay\u00e1 Arquitectos (\u00a9 Miguel \u00c1ngel Cabrera Luengo)\" data-rel=\"lightbox-gallery-1\"><img loading=\"lazy\" decoding=\"async\" width=\"150\" height=\"150\" src=\"https:\/\/www.arquimaster.com.ar\/web\/wp-content\/uploads\/2020\/04\/clinica_dental_comisura9-150x150.jpg\" class=\"attachment-thumbnail size-thumbnail\" alt=\"\" aria-describedby=\"gallery-1-54662\" \/><\/a>\n\t\t\t<\/div>\n\t\t\t\t<figcaption class='wp-caption-text gallery-caption' id='gallery-1-54662'>\n\t\t\t\tCl\u00ednica Dental Comisura \/ Pablo Mu\u00f1oz Pay\u00e1 Arquitectos (\u00a9 Miguel \u00c1ngel Cabrera Luengo)\n\t\t\t\t<\/figcaption><\/figure><figure class='gallery-item'>\n\t\t\t<div class='gallery-icon landscape'>\n\t\t\t\t<a href='https:\/\/www.arquimaster.com.ar\/web\/wp-content\/uploads\/2020\/04\/clinica_dental_comisura10.jpg' title=\"Cl\u00ednica Dental Comisura \/ Pablo Mu\u00f1oz Pay\u00e1 Arquitectos (\u00a9 Miguel \u00c1ngel Cabrera Luengo)\" data-rl_title=\"Cl\u00ednica Dental Comisura \/ Pablo Mu\u00f1oz Pay\u00e1 Arquitectos (\u00a9 Miguel \u00c1ngel Cabrera Luengo)\" class=\"rl-gallery-link\" data-rl_caption=\"Cl\u00ednica Dental Comisura \/ Pablo Mu\u00f1oz Pay\u00e1 Arquitectos (\u00a9 Miguel \u00c1ngel Cabrera Luengo)\" data-rel=\"lightbox-gallery-1\"><img loading=\"lazy\" decoding=\"async\" width=\"150\" height=\"150\" src=\"https:\/\/www.arquimaster.com.ar\/web\/wp-content\/uploads\/2020\/04\/clinica_dental_comisura10-150x150.jpg\" class=\"attachment-thumbnail size-thumbnail\" alt=\"\" aria-describedby=\"gallery-1-54663\" \/><\/a>\n\t\t\t<\/div>\n\t\t\t\t<figcaption class='wp-caption-text gallery-caption' id='gallery-1-54663'>\n\t\t\t\tCl\u00ednica Dental Comisura \/ Pablo Mu\u00f1oz Pay\u00e1 Arquitectos (\u00a9 Miguel \u00c1ngel Cabrera Luengo)\n\t\t\t\t<\/figcaption><\/figure><figure class='gallery-item'>\n\t\t\t<div class='gallery-icon portrait'>\n\t\t\t\t<a href='https:\/\/www.arquimaster.com.ar\/web\/wp-content\/uploads\/2020\/04\/clinica_dental_comisura11.jpg' title=\"Cl\u00ednica Dental Comisura \/ Pablo Mu\u00f1oz Pay\u00e1 Arquitectos (\u00a9 Miguel \u00c1ngel Cabrera Luengo)\" data-rl_title=\"Cl\u00ednica Dental Comisura \/ Pablo Mu\u00f1oz Pay\u00e1 Arquitectos (\u00a9 Miguel \u00c1ngel Cabrera Luengo)\" class=\"rl-gallery-link\" data-rl_caption=\"Cl\u00ednica Dental Comisura \/ Pablo Mu\u00f1oz Pay\u00e1 Arquitectos (\u00a9 Miguel \u00c1ngel Cabrera Luengo)\" data-rel=\"lightbox-gallery-1\"><img loading=\"lazy\" decoding=\"async\" width=\"150\" height=\"150\" src=\"https:\/\/www.arquimaster.com.ar\/web\/wp-content\/uploads\/2020\/04\/clinica_dental_comisura11-150x150.jpg\" class=\"attachment-thumbnail size-thumbnail\" alt=\"\" aria-describedby=\"gallery-1-54664\" \/><\/a>\n\t\t\t<\/div>\n\t\t\t\t<figcaption class='wp-caption-text gallery-caption' id='gallery-1-54664'>\n\t\t\t\tCl\u00ednica Dental Comisura \/ Pablo Mu\u00f1oz Pay\u00e1 Arquitectos (\u00a9 Miguel \u00c1ngel Cabrera Luengo)\n\t\t\t\t<\/figcaption><\/figure><figure class='gallery-item'>\n\t\t\t<div class='gallery-icon portrait'>\n\t\t\t\t<a href='https:\/\/www.arquimaster.com.ar\/web\/wp-content\/uploads\/2020\/04\/clinica_dental_comisura12.jpg' title=\"Cl\u00ednica Dental Comisura \/ Pablo Mu\u00f1oz Pay\u00e1 Arquitectos (\u00a9 Miguel \u00c1ngel Cabrera Luengo)\" data-rl_title=\"Cl\u00ednica Dental Comisura \/ Pablo Mu\u00f1oz Pay\u00e1 Arquitectos (\u00a9 Miguel \u00c1ngel Cabrera Luengo)\" class=\"rl-gallery-link\" data-rl_caption=\"Cl\u00ednica Dental Comisura \/ Pablo Mu\u00f1oz Pay\u00e1 Arquitectos (\u00a9 Miguel \u00c1ngel Cabrera Luengo)\" data-rel=\"lightbox-gallery-1\"><img loading=\"lazy\" decoding=\"async\" width=\"150\" height=\"150\" src=\"https:\/\/www.arquimaster.com.ar\/web\/wp-content\/uploads\/2020\/04\/clinica_dental_comisura12-150x150.jpg\" class=\"attachment-thumbnail size-thumbnail\" alt=\"\" aria-describedby=\"gallery-1-54665\" \/><\/a>\n\t\t\t<\/div>\n\t\t\t\t<figcaption class='wp-caption-text gallery-caption' id='gallery-1-54665'>\n\t\t\t\tCl\u00ednica Dental Comisura \/ Pablo Mu\u00f1oz Pay\u00e1 Arquitectos (\u00a9 Miguel \u00c1ngel Cabrera Luengo)\n\t\t\t\t<\/figcaption><\/figure><figure class='gallery-item'>\n\t\t\t<div class='gallery-icon portrait'>\n\t\t\t\t<a href='https:\/\/www.arquimaster.com.ar\/web\/wp-content\/uploads\/2020\/04\/clinica_dental_comisura13.jpg' title=\"Cl\u00ednica Dental Comisura \/ Pablo Mu\u00f1oz Pay\u00e1 Arquitectos (\u00a9 Miguel \u00c1ngel Cabrera Luengo)\" data-rl_title=\"Cl\u00ednica Dental Comisura \/ Pablo Mu\u00f1oz Pay\u00e1 Arquitectos (\u00a9 Miguel \u00c1ngel Cabrera Luengo)\" class=\"rl-gallery-link\" data-rl_caption=\"Cl\u00ednica Dental Comisura \/ Pablo Mu\u00f1oz Pay\u00e1 Arquitectos (\u00a9 Miguel \u00c1ngel Cabrera Luengo)\" data-rel=\"lightbox-gallery-1\"><img loading=\"lazy\" decoding=\"async\" width=\"150\" height=\"150\" src=\"https:\/\/www.arquimaster.com.ar\/web\/wp-content\/uploads\/2020\/04\/clinica_dental_comisura13-150x150.jpg\" class=\"attachment-thumbnail size-thumbnail\" alt=\"\" aria-describedby=\"gallery-1-54666\" \/><\/a>\n\t\t\t<\/div>\n\t\t\t\t<figcaption class='wp-caption-text gallery-caption' id='gallery-1-54666'>\n\t\t\t\tCl\u00ednica Dental Comisura \/ Pablo Mu\u00f1oz Pay\u00e1 Arquitectos (\u00a9 Miguel \u00c1ngel Cabrera Luengo)\n\t\t\t\t<\/figcaption><\/figure><figure class='gallery-item'>\n\t\t\t<div class='gallery-icon portrait'>\n\t\t\t\t<a href='https:\/\/www.arquimaster.com.ar\/web\/wp-content\/uploads\/2020\/04\/clinica_dental_comisura14.jpg' title=\"Cl\u00ednica Dental Comisura \/ Pablo Mu\u00f1oz Pay\u00e1 Arquitectos (\u00a9 Miguel \u00c1ngel Cabrera Luengo)\" data-rl_title=\"Cl\u00ednica Dental Comisura \/ Pablo Mu\u00f1oz Pay\u00e1 Arquitectos (\u00a9 Miguel \u00c1ngel Cabrera Luengo)\" class=\"rl-gallery-link\" data-rl_caption=\"Cl\u00ednica Dental Comisura \/ Pablo Mu\u00f1oz Pay\u00e1 Arquitectos (\u00a9 Miguel \u00c1ngel Cabrera Luengo)\" data-rel=\"lightbox-gallery-1\"><img loading=\"lazy\" decoding=\"async\" width=\"150\" height=\"150\" src=\"https:\/\/www.arquimaster.com.ar\/web\/wp-content\/uploads\/2020\/04\/clinica_dental_comisura14-150x150.jpg\" class=\"attachment-thumbnail size-thumbnail\" alt=\"\" aria-describedby=\"gallery-1-54667\" \/><\/a>\n\t\t\t<\/div>\n\t\t\t\t<figcaption class='wp-caption-text gallery-caption' id='gallery-1-54667'>\n\t\t\t\tCl\u00ednica Dental Comisura \/ Pablo Mu\u00f1oz Pay\u00e1 Arquitectos (\u00a9 Miguel \u00c1ngel Cabrera Luengo)\n\t\t\t\t<\/figcaption><\/figure><figure class='gallery-item'>\n\t\t\t<div class='gallery-icon landscape'>\n\t\t\t\t<a href='https:\/\/www.arquimaster.com.ar\/web\/wp-content\/uploads\/2020\/04\/clinica_dental_comisura15.jpg' title=\"Cl\u00ednica Dental Comisura \/ Pablo Mu\u00f1oz Pay\u00e1 Arquitectos (\u00a9 Miguel \u00c1ngel Cabrera Luengo)\" data-rl_title=\"Cl\u00ednica Dental Comisura \/ Pablo Mu\u00f1oz Pay\u00e1 Arquitectos (\u00a9 Miguel \u00c1ngel Cabrera Luengo)\" class=\"rl-gallery-link\" data-rl_caption=\"Cl\u00ednica Dental Comisura \/ Pablo Mu\u00f1oz Pay\u00e1 Arquitectos (\u00a9 Miguel \u00c1ngel Cabrera Luengo)\" data-rel=\"lightbox-gallery-1\"><img loading=\"lazy\" decoding=\"async\" width=\"150\" height=\"150\" src=\"https:\/\/www.arquimaster.com.ar\/web\/wp-content\/uploads\/2020\/04\/clinica_dental_comisura15-150x150.jpg\" class=\"attachment-thumbnail size-thumbnail\" alt=\"\" aria-describedby=\"gallery-1-54668\" \/><\/a>\n\t\t\t<\/div>\n\t\t\t\t<figcaption class='wp-caption-text gallery-caption' id='gallery-1-54668'>\n\t\t\t\tCl\u00ednica Dental Comisura \/ Pablo Mu\u00f1oz Pay\u00e1 Arquitectos (\u00a9 Miguel \u00c1ngel Cabrera Luengo)\n\t\t\t\t<\/figcaption><\/figure><figure class='gallery-item'>\n\t\t\t<div class='gallery-icon landscape'>\n\t\t\t\t<a href='https:\/\/www.arquimaster.com.ar\/web\/wp-content\/uploads\/2020\/04\/clinica_dental_comisura16.jpg' title=\"Cl\u00ednica Dental Comisura \/ Pablo Mu\u00f1oz Pay\u00e1 Arquitectos (\u00a9 Miguel \u00c1ngel Cabrera Luengo)\" data-rl_title=\"Cl\u00ednica Dental Comisura \/ Pablo Mu\u00f1oz Pay\u00e1 Arquitectos (\u00a9 Miguel \u00c1ngel Cabrera Luengo)\" class=\"rl-gallery-link\" data-rl_caption=\"Cl\u00ednica Dental Comisura \/ Pablo Mu\u00f1oz Pay\u00e1 Arquitectos (\u00a9 Miguel \u00c1ngel Cabrera Luengo)\" data-rel=\"lightbox-gallery-1\"><img loading=\"lazy\" decoding=\"async\" width=\"150\" height=\"150\" src=\"https:\/\/www.arquimaster.com.ar\/web\/wp-content\/uploads\/2020\/04\/clinica_dental_comisura16-150x150.jpg\" class=\"attachment-thumbnail size-thumbnail\" alt=\"\" aria-describedby=\"gallery-1-54669\" srcset=\"https:\/\/www.arquimaster.com.ar\/web\/wp-content\/uploads\/2020\/04\/clinica_dental_comisura16-150x150.jpg 150w, https:\/\/www.arquimaster.com.ar\/web\/wp-content\/uploads\/2020\/04\/clinica_dental_comisura16-1024x1024.jpg 1024w, https:\/\/www.arquimaster.com.ar\/web\/wp-content\/uploads\/2020\/04\/clinica_dental_comisura16-768x768.jpg 768w, https:\/\/www.arquimaster.com.ar\/web\/wp-content\/uploads\/2020\/04\/clinica_dental_comisura16.jpg 1500w\" sizes=\"auto, (max-width: 150px) 100vw, 150px\" \/><\/a>\n\t\t\t<\/div>\n\t\t\t\t<figcaption class='wp-caption-text gallery-caption' id='gallery-1-54669'>\n\t\t\t\tCl\u00ednica Dental Comisura \/ Pablo Mu\u00f1oz Pay\u00e1 Arquitectos (\u00a9 Miguel \u00c1ngel Cabrera Luengo)\n\t\t\t\t<\/figcaption><\/figure><figure class='gallery-item'>\n\t\t\t<div class='gallery-icon landscape'>\n\t\t\t\t<a href='https:\/\/www.arquimaster.com.ar\/web\/wp-content\/uploads\/2020\/04\/clinica_dental_comisura17.jpg' title=\"Cl\u00ednica Dental Comisura \/ Pablo Mu\u00f1oz Pay\u00e1 Arquitectos (\u00a9 Miguel \u00c1ngel Cabrera Luengo)\" data-rl_title=\"Cl\u00ednica Dental Comisura \/ Pablo Mu\u00f1oz Pay\u00e1 Arquitectos (\u00a9 Miguel \u00c1ngel Cabrera Luengo)\" class=\"rl-gallery-link\" data-rl_caption=\"Cl\u00ednica Dental Comisura \/ Pablo Mu\u00f1oz Pay\u00e1 Arquitectos (\u00a9 Miguel \u00c1ngel Cabrera Luengo)\" data-rel=\"lightbox-gallery-1\"><img loading=\"lazy\" decoding=\"async\" width=\"150\" height=\"150\" src=\"https:\/\/www.arquimaster.com.ar\/web\/wp-content\/uploads\/2020\/04\/clinica_dental_comisura17-150x150.jpg\" class=\"attachment-thumbnail size-thumbnail\" alt=\"\" aria-describedby=\"gallery-1-54670\" \/><\/a>\n\t\t\t<\/div>\n\t\t\t\t<figcaption class='wp-caption-text gallery-caption' id='gallery-1-54670'>\n\t\t\t\tCl\u00ednica Dental Comisura \/ Pablo Mu\u00f1oz Pay\u00e1 Arquitectos (\u00a9 Miguel \u00c1ngel Cabrera Luengo)\n\t\t\t\t<\/figcaption><\/figure><figure class='gallery-item'>\n\t\t\t<div class='gallery-icon landscape'>\n\t\t\t\t<a href='https:\/\/www.arquimaster.com.ar\/web\/wp-content\/uploads\/2020\/04\/clinica_dental_comisura18.jpg' title=\"Cl\u00ednica Dental Comisura \/ Pablo Mu\u00f1oz Pay\u00e1 Arquitectos (\u00a9 Miguel \u00c1ngel Cabrera Luengo)\" data-rl_title=\"Cl\u00ednica Dental Comisura \/ Pablo Mu\u00f1oz Pay\u00e1 Arquitectos (\u00a9 Miguel \u00c1ngel Cabrera Luengo)\" class=\"rl-gallery-link\" data-rl_caption=\"Cl\u00ednica Dental Comisura \/ Pablo Mu\u00f1oz Pay\u00e1 Arquitectos (\u00a9 Miguel \u00c1ngel Cabrera Luengo)\" data-rel=\"lightbox-gallery-1\"><img loading=\"lazy\" decoding=\"async\" width=\"150\" height=\"150\" src=\"https:\/\/www.arquimaster.com.ar\/web\/wp-content\/uploads\/2020\/04\/clinica_dental_comisura18-150x150.jpg\" class=\"attachment-thumbnail size-thumbnail\" alt=\"\" aria-describedby=\"gallery-1-54671\" \/><\/a>\n\t\t\t<\/div>\n\t\t\t\t<figcaption class='wp-caption-text gallery-caption' id='gallery-1-54671'>\n\t\t\t\tCl\u00ednica Dental Comisura \/ Pablo Mu\u00f1oz Pay\u00e1 Arquitectos (\u00a9 Miguel \u00c1ngel Cabrera Luengo)\n\t\t\t\t<\/figcaption><\/figure><figure class='gallery-item'>\n\t\t\t<div class='gallery-icon landscape'>\n\t\t\t\t<a href='https:\/\/www.arquimaster.com.ar\/web\/wp-content\/uploads\/2020\/04\/clinica_dental_comisura19.jpg' title=\"Cl\u00ednica Dental Comisura \/ Pablo Mu\u00f1oz Pay\u00e1 Arquitectos (\u00a9 Miguel \u00c1ngel Cabrera Luengo)\" data-rl_title=\"Cl\u00ednica Dental Comisura \/ Pablo Mu\u00f1oz Pay\u00e1 Arquitectos (\u00a9 Miguel \u00c1ngel Cabrera Luengo)\" class=\"rl-gallery-link\" data-rl_caption=\"Cl\u00ednica Dental Comisura \/ Pablo Mu\u00f1oz Pay\u00e1 Arquitectos (\u00a9 Miguel \u00c1ngel Cabrera Luengo)\" data-rel=\"lightbox-gallery-1\"><img loading=\"lazy\" decoding=\"async\" width=\"150\" height=\"150\" src=\"https:\/\/www.arquimaster.com.ar\/web\/wp-content\/uploads\/2020\/04\/clinica_dental_comisura19-150x150.jpg\" class=\"attachment-thumbnail size-thumbnail\" alt=\"\" aria-describedby=\"gallery-1-54672\" \/><\/a>\n\t\t\t<\/div>\n\t\t\t\t<figcaption class='wp-caption-text gallery-caption' id='gallery-1-54672'>\n\t\t\t\tCl\u00ednica Dental Comisura \/ Pablo Mu\u00f1oz Pay\u00e1 Arquitectos (\u00a9 Miguel \u00c1ngel Cabrera Luengo)\n\t\t\t\t<\/figcaption><\/figure><figure class='gallery-item'>\n\t\t\t<div class='gallery-icon landscape'>\n\t\t\t\t<a href='https:\/\/www.arquimaster.com.ar\/web\/wp-content\/uploads\/2020\/04\/clinica_dental_comisura20.jpg' title=\"Cl\u00ednica Dental Comisura \/ Pablo Mu\u00f1oz Pay\u00e1 Arquitectos (\u00a9 Miguel \u00c1ngel Cabrera Luengo)\" data-rl_title=\"Cl\u00ednica Dental Comisura \/ Pablo Mu\u00f1oz Pay\u00e1 Arquitectos (\u00a9 Miguel \u00c1ngel Cabrera Luengo)\" class=\"rl-gallery-link\" data-rl_caption=\"Cl\u00ednica Dental Comisura \/ Pablo Mu\u00f1oz Pay\u00e1 Arquitectos (\u00a9 Miguel \u00c1ngel Cabrera Luengo)\" data-rel=\"lightbox-gallery-1\"><img loading=\"lazy\" decoding=\"async\" width=\"150\" height=\"150\" src=\"https:\/\/www.arquimaster.com.ar\/web\/wp-content\/uploads\/2020\/04\/clinica_dental_comisura20-150x150.jpg\" class=\"attachment-thumbnail size-thumbnail\" alt=\"\" aria-describedby=\"gallery-1-54673\" \/><\/a>\n\t\t\t<\/div>\n\t\t\t\t<figcaption class='wp-caption-text gallery-caption' id='gallery-1-54673'>\n\t\t\t\tCl\u00ednica Dental Comisura \/ Pablo Mu\u00f1oz Pay\u00e1 Arquitectos (\u00a9 Miguel \u00c1ngel Cabrera Luengo)\n\t\t\t\t<\/figcaption><\/figure><figure class='gallery-item'>\n\t\t\t<div class='gallery-icon landscape'>\n\t\t\t\t<a href='https:\/\/www.arquimaster.com.ar\/web\/wp-content\/uploads\/2020\/04\/clinica_dental_comisura21.jpg' title=\"Cl\u00ednica Dental Comisura \/ Pablo Mu\u00f1oz Pay\u00e1 Arquitectos (\u00a9 Miguel \u00c1ngel Cabrera Luengo)\" data-rl_title=\"Cl\u00ednica Dental Comisura \/ Pablo Mu\u00f1oz Pay\u00e1 Arquitectos (\u00a9 Miguel \u00c1ngel Cabrera Luengo)\" class=\"rl-gallery-link\" data-rl_caption=\"Cl\u00ednica Dental Comisura \/ Pablo Mu\u00f1oz Pay\u00e1 Arquitectos (\u00a9 Miguel \u00c1ngel Cabrera Luengo)\" data-rel=\"lightbox-gallery-1\"><img loading=\"lazy\" decoding=\"async\" width=\"150\" height=\"150\" src=\"https:\/\/www.arquimaster.com.ar\/web\/wp-content\/uploads\/2020\/04\/clinica_dental_comisura21-150x150.jpg\" class=\"attachment-thumbnail size-thumbnail\" alt=\"\" aria-describedby=\"gallery-1-54674\" \/><\/a>\n\t\t\t<\/div>\n\t\t\t\t<figcaption class='wp-caption-text gallery-caption' id='gallery-1-54674'>\n\t\t\t\tCl\u00ednica Dental Comisura \/ Pablo Mu\u00f1oz Pay\u00e1 Arquitectos (\u00a9 Miguel \u00c1ngel Cabrera Luengo)\n\t\t\t\t<\/figcaption><\/figure><figure class='gallery-item'>\n\t\t\t<div class='gallery-icon landscape'>\n\t\t\t\t<a href='https:\/\/www.arquimaster.com.ar\/web\/wp-content\/uploads\/2020\/04\/clinica_dental_comisura22.jpg' title=\"Cl\u00ednica Dental Comisura \/ Pablo Mu\u00f1oz Pay\u00e1 Arquitectos (axonometria)\" data-rl_title=\"Cl\u00ednica Dental Comisura \/ Pablo Mu\u00f1oz Pay\u00e1 Arquitectos (axonometria)\" class=\"rl-gallery-link\" data-rl_caption=\"Cl\u00ednica Dental Comisura \/ Pablo Mu\u00f1oz Pay\u00e1 Arquitectos (axonometria)\" data-rel=\"lightbox-gallery-1\"><img loading=\"lazy\" decoding=\"async\" width=\"150\" height=\"150\" src=\"https:\/\/www.arquimaster.com.ar\/web\/wp-content\/uploads\/2020\/04\/clinica_dental_comisura22-150x150.jpg\" class=\"attachment-thumbnail size-thumbnail\" alt=\"\" aria-describedby=\"gallery-1-54675\" \/><\/a>\n\t\t\t<\/div>\n\t\t\t\t<figcaption class='wp-caption-text gallery-caption' id='gallery-1-54675'>\n\t\t\t\tCl\u00ednica Dental Comisura \/ Pablo Mu\u00f1oz Pay\u00e1 Arquitectos (axonometria)\n\t\t\t\t<\/figcaption><\/figure><figure class='gallery-item'>\n\t\t\t<div class='gallery-icon landscape'>\n\t\t\t\t<a href='https:\/\/www.arquimaster.com.ar\/web\/wp-content\/uploads\/2020\/04\/clinica_dental_comisura23.jpg' title=\"Cl\u00ednica Dental Comisura \/ Pablo Mu\u00f1oz Pay\u00e1 Arquitectos (planta baja)\" data-rl_title=\"Cl\u00ednica Dental Comisura \/ Pablo Mu\u00f1oz Pay\u00e1 Arquitectos (planta baja)\" class=\"rl-gallery-link\" data-rl_caption=\"Cl\u00ednica Dental Comisura \/ Pablo Mu\u00f1oz Pay\u00e1 Arquitectos (planta baja)\" data-rel=\"lightbox-gallery-1\"><img loading=\"lazy\" decoding=\"async\" width=\"150\" height=\"150\" src=\"https:\/\/www.arquimaster.com.ar\/web\/wp-content\/uploads\/2020\/04\/clinica_dental_comisura23-150x150.jpg\" class=\"attachment-thumbnail size-thumbnail\" alt=\"\" aria-describedby=\"gallery-1-54676\" \/><\/a>\n\t\t\t<\/div>\n\t\t\t\t<figcaption class='wp-caption-text gallery-caption' id='gallery-1-54676'>\n\t\t\t\tCl\u00ednica Dental Comisura \/ Pablo Mu\u00f1oz Pay\u00e1 Arquitectos (planta baja)\n\t\t\t\t<\/figcaption><\/figure><figure class='gallery-item'>\n\t\t\t<div class='gallery-icon landscape'>\n\t\t\t\t<a href='https:\/\/www.arquimaster.com.ar\/web\/wp-content\/uploads\/2020\/04\/clinica_dental_comisura24.jpg' title=\"Cl\u00ednica Dental Comisura \/ Pablo Mu\u00f1oz Pay\u00e1 Arquitectos (planta entrepiso)\" data-rl_title=\"Cl\u00ednica Dental Comisura \/ Pablo Mu\u00f1oz Pay\u00e1 Arquitectos (planta entrepiso)\" class=\"rl-gallery-link\" data-rl_caption=\"Cl\u00ednica Dental Comisura \/ Pablo Mu\u00f1oz Pay\u00e1 Arquitectos (planta entrepiso)\" data-rel=\"lightbox-gallery-1\"><img loading=\"lazy\" decoding=\"async\" width=\"150\" height=\"150\" src=\"https:\/\/www.arquimaster.com.ar\/web\/wp-content\/uploads\/2020\/04\/clinica_dental_comisura24-150x150.jpg\" class=\"attachment-thumbnail size-thumbnail\" alt=\"\" aria-describedby=\"gallery-1-54677\" \/><\/a>\n\t\t\t<\/div>\n\t\t\t\t<figcaption class='wp-caption-text gallery-caption' id='gallery-1-54677'>\n\t\t\t\tCl\u00ednica Dental Comisura \/ Pablo Mu\u00f1oz Pay\u00e1 Arquitectos (planta entrepiso)\n\t\t\t\t<\/figcaption><\/figure>\n\t\t<\/div>\n\n<p>El dise\u00f1o se extiende por 185 metros cuadrados que se reparten en dos plantas. La principal, donde se desarrollan las actividades odontol\u00f3gicas de la cl\u00ednica, est\u00e1 ocupada por la recepci\u00f3n, sala de espera, despacho, servicios, cuatro gabinetes dentales, sala de TAC, sala de esterilizaci\u00f3n y laboratorio. La primera planta, de car\u00e1cter m\u00e1s privado, se distribuye en sala de personal, vestuario, ba\u00f1o privado, sala de m\u00e1quinas y una gran sala de reuniones y formaci\u00f3n.<\/p>\n<p>Al entrar a la cl\u00ednica se accede a un primer espacio de gran altura, que con sus m\u00e1s de 6 metros de alzada y sus grandes ventanales, sobrecoge al visitante. Un paramento con vegetaci\u00f3n crea una sutil separaci\u00f3n entre la zona de recepci\u00f3n y la sala de espera, generando la intimidad necesaria entre estos dos espacios. La abundante vegetaci\u00f3n dota de personalidad al interior y genera un ambiente m\u00e1s saludable y amigable, al mismo tiempo sirve de filtro entre la sala de espera y el exterior.<\/p>\n<p>La utilizaci\u00f3n de dos tipos de pavimento en la entrada posibilita un lenguaje que enriquece mediante los materiales este primer espacio. Se consigue esto con un material porcel\u00e1nico \u00abmultiusos\u00bb que utilizamos tanto para generar mobiliario como para revestir paramentos verticales y pavimentos. Nos decantamos por Techlam Kalos Bianco en contraste con Techlam Hydra Plomo, ambos de Levantina.<\/p>\n<p>Con el modelo Kalos Bianco se crea un tapiz tridimensional que, en vertical desde el mostrador, recorre la zona de recepci\u00f3n hasta el paramento de separaci\u00f3n, que tras generarlo al trepar verticalmente y luego descender, continua posteriormente por el pavimento de la sala de espera hasta escalar de nuevo en vertical para crear uno de los bancos. En el resto de espacios de la cl\u00ednica, el material Techlam Hydra Plomo se utiliza en pavimento, consiguiendo que su homogeneidad y su color otorguen neutralidad en los ambientes, que contrastar\u00e1 en las paredes con el uso de maderas, de Techlam Kalos Bianco y de los colores corporativos.<\/p>\n<p>Teniendo en cuenta a los m\u00e1s peque\u00f1os se plantea un espacio acogedor en forma de casa a dos aguas. \u00c9ste se conecta a la sala de espera mediante un paramento de vidrio, que permite que los adultos puedan ver el interior de la zona de ni\u00f1os sin renunciar a un ambiente tranquilo y sosegado en dicha sala de espera. La sala infantil se realiza completamente en color rosa, color que, junto a un azul oscuro, constituyen los colores corporativos de la cl\u00ednica.<\/p>\n<p>A pesar de la funcionalidad necesaria en los gabinetes dentales, estos se han convertido en espacios donde los colores, los elementos en madera y las nuevas tecnolog\u00edas cobran un inusual protagonismo. Se estudia el dise\u00f1o del interior de los gabinetes para generar calma y confianza. As\u00ed, el paciente, que en gran parte de su tratamiento se encontrar\u00e1 tumbado mirando hacia el techo se encontrar\u00e1 aqu\u00ed un paramento c\u00e1lido a base de tablas de madera de roble, complementando la instalaci\u00f3n con televisores en techo que combinados con auriculares ofrecen una experiencia envolvente.<\/p>\n<p>Los diferentes fragmentos que componen el proyecto arquitect\u00f3nico trabajan al un\u00edsono, complement\u00e1ndose, con el prop\u00f3sito de reforzar una nueva experiencia sensorial a trav\u00e9s de la arquitectura que mime al paciente hasta hacerle sentir como en casa.<\/p>\n<p><strong>Ficha t\u00e9cnica<\/strong><br \/>\nNombre: Cl\u00ednica Dental Comisura<br \/>\nUbicaci\u00f3n: Elda, Alicante, Espa\u00f1a<br \/>\nArquitectura y construcci\u00f3n: Pablo Mu\u00f1oz Pay\u00e1 Arquitectos<br \/>\nDise\u00f1o interior: Pablo Mu\u00f1oz Pay\u00e1 Arquitectos<br \/>\nEquipo de proyecto: Sonia Garc\u00eda P\u00e9rez, Pablo Marcos Vila<br \/>\nImagen corporativa: Reformarketing<br \/>\nDise\u00f1o Carpinter\u00eda interior: Pablo Mu\u00f1oz Pay\u00e1 Arquitectos<br \/>\nDise\u00f1o Mampara de separaci\u00f3n gabinetes: Pablo Mu\u00f1oz Pay\u00e1 Arquitectos<br \/>\nDise\u00f1o Mobiliario de gabinetes: Pablo Mu\u00f1oz Pay\u00e1 Arquitectos<br \/>\nJard\u00edn vertical: Ramal<br \/>\nFecha de inicio: febrero 2019<br \/>\nFecha de finalizaci\u00f3n: junio 2019<br \/>\nSuperficie planta baja: 115 m2<br \/>\nSuperficie entreplanta: 70 m2<br \/>\nFotograf\u00eda: Miguel \u00c1ngel Cabrera Luengo<\/p>\n<p><strong>Contacto<\/strong><br \/>\n<a href=\"https:\/\/www.munozpaya.com\/proyectos\/reforma-integral-clinica-dental-comisura-elda.php\" target=\"_blank\" rel=\"noopener noreferrer\">https:\/\/www.munozpaya.com<\/a><\/p>\n\n<div style=\"font-size: 0px; height: 0px; line-height: 0px; margin: 0; padding: 0; clear: both;\"><\/div><div style=\"margin-top: 0px; margin-bottom: 0px;\" class=\"sharethis-inline-share-buttons\" ><\/div>","protected":false},"excerpt":{"rendered":"<p>La arquitectura, aliada del equipo profesional, es capaz de generar experiencias positivas&#8230;<\/p>\n","protected":false},"author":1,"featured_media":54653,"comment_status":"closed","ping_status":"closed","sticky":false,"template":"","format":"standard","meta":{"_uag_custom_page_level_css":"","footnotes":""},"categories":[905,1],"tags":[3356,5833,2401,2402,4189,5661,104,5374,5373],"class_list":["post-54652","post","type-post","status-publish","format-standard","has-post-thumbnail","hentry","category-edificios-para-la-salud","category-proyecto","tag-alicante","tag-clinica-dental","tag-consultorio-dental","tag-consultorio-odontologico","tag-edificios-para-la-salud","tag-elda","tag-espana","tag-pablo-munoz-paya","tag-pablo-munoz-paya-arquitectos","generate-columns","tablet-grid-50","mobile-grid-100","grid-parent","grid-50"],"yoast_head":"<!-- This site is optimized with the Yoast SEO plugin v27.3 - https:\/\/yoast.com\/product\/yoast-seo-wordpress\/ -->\n<title>Cl\u00ednica Dental Comisura \/ Pablo Mu\u00f1oz Pay\u00e1 Arquitectos - Arquimaster<\/title>\n<meta name=\"description\" content=\"La arquitectura, aliada del equipo profesional, es capaz de generar experiencias positivas buscando un cambio sensorial de los pacientes y generando un ambiente apacible, cercano y optimista.\" \/>\n<meta name=\"robots\" content=\"index, follow, max-snippet:-1, max-image-preview:large, max-video-preview:-1\" \/>\n<link rel=\"canonical\" href=\"https:\/\/www.arquimaster.com.ar\/web\/clinica-dental-comisura-pablo-munoz-paya-arquitectos\/\" \/>\n<meta property=\"og:locale\" content=\"es_ES\" \/>\n<meta property=\"og:type\" content=\"article\" \/>\n<meta property=\"og:title\" content=\"Cl\u00ednica Dental Comisura \/ Pablo Mu\u00f1oz Pay\u00e1 Arquitectos\" \/>\n<meta property=\"og:description\" content=\"La arquitectura, aliada del equipo profesional, es capaz de generar experiencias positivas buscando un cambio sensorial de los pacientes y generando un ambiente apacible, cercano y optimista.\" \/>\n<meta property=\"og:url\" content=\"https:\/\/www.arquimaster.com.ar\/web\/clinica-dental-comisura-pablo-munoz-paya-arquitectos\/\" \/>\n<meta property=\"og:site_name\" content=\"Arquimaster\" \/>\n<meta property=\"article:publisher\" content=\"http:\/\/www.facebook.com\/ARQUIMASTER.com.ar\" \/>\n<meta property=\"article:published_time\" content=\"2020-04-16T23:37:04+00:00\" \/>\n<meta property=\"article:modified_time\" content=\"2020-04-16T23:37:05+00:00\" \/>\n<meta property=\"og:image\" content=\"https:\/\/www.arquimaster.com.ar\/web\/wp-content\/uploads\/2020\/04\/clinica_dental_comisura_slide.jpg\" \/>\n\t<meta property=\"og:image:width\" content=\"698\" \/>\n\t<meta property=\"og:image:height\" content=\"364\" \/>\n\t<meta property=\"og:image:type\" content=\"image\/jpeg\" \/>\n<meta name=\"author\" content=\"Arquimaster\" \/>\n<meta name=\"twitter:card\" content=\"summary_large_image\" \/>\n<meta name=\"twitter:title\" content=\"Cl\u00ednica Dental Comisura \/ Pablo Mu\u00f1oz Pay\u00e1 Arquitectos\" \/>\n<meta name=\"twitter:description\" content=\"La arquitectura, aliada del equipo profesional, es capaz de generar experiencias positivas buscando un cambio sensorial de los pacientes y generando un ambiente apacible, cercano y optimista.\" \/>\n<meta name=\"twitter:image\" content=\"https:\/\/www.arquimaster.com.ar\/web\/wp-content\/uploads\/2020\/04\/clinica_dental_comisura_slide.jpg\" \/>\n<meta name=\"twitter:creator\" content=\"@arquimaster\" \/>\n<meta name=\"twitter:site\" content=\"@arquimaster\" \/>\n<meta name=\"twitter:label1\" content=\"Escrito por\" \/>\n\t<meta name=\"twitter:data1\" content=\"Arquimaster\" \/>\n\t<meta name=\"twitter:label2\" content=\"Tiempo de lectura\" \/>\n\t<meta name=\"twitter:data2\" content=\"4 minutos\" \/>\n<script type=\"application\/ld+json\" class=\"yoast-schema-graph\">{\"@context\":\"https:\\\/\\\/schema.org\",\"@graph\":[{\"@type\":\"Article\",\"@id\":\"https:\\\/\\\/www.arquimaster.com.ar\\\/web\\\/clinica-dental-comisura-pablo-munoz-paya-arquitectos\\\/#article\",\"isPartOf\":{\"@id\":\"https:\\\/\\\/www.arquimaster.com.ar\\\/web\\\/clinica-dental-comisura-pablo-munoz-paya-arquitectos\\\/\"},\"author\":{\"name\":\"Arquimaster\",\"@id\":\"https:\\\/\\\/www.arquimaster.com.ar\\\/web\\\/#\\\/schema\\\/person\\\/359e9f7c00193fcde068e0dd2ceb0028\"},\"headline\":\"Cl\u00ednica Dental Comisura \\\/ Pablo Mu\u00f1oz Pay\u00e1 Arquitectos\",\"datePublished\":\"2020-04-16T23:37:04+00:00\",\"dateModified\":\"2020-04-16T23:37:05+00:00\",\"mainEntityOfPage\":{\"@id\":\"https:\\\/\\\/www.arquimaster.com.ar\\\/web\\\/clinica-dental-comisura-pablo-munoz-paya-arquitectos\\\/\"},\"wordCount\":762,\"publisher\":{\"@id\":\"https:\\\/\\\/www.arquimaster.com.ar\\\/web\\\/#organization\"},\"image\":{\"@id\":\"https:\\\/\\\/www.arquimaster.com.ar\\\/web\\\/clinica-dental-comisura-pablo-munoz-paya-arquitectos\\\/#primaryimage\"},\"thumbnailUrl\":\"https:\\\/\\\/www.arquimaster.com.ar\\\/web\\\/wp-content\\\/uploads\\\/2020\\\/04\\\/clinica_dental_comisura_slide.jpg\",\"keywords\":[\"Alicante\",\"clinica dental\",\"consultorio dental\",\"consultorio odontologico\",\"edificios para la salud\",\"Elda\",\"Espa\u00f1a\",\"Pablo Mu\u00f1oz Pay\u00e1\",\"Pablo Mu\u00f1oz Pay\u00e1 Arquitectos\"],\"articleSection\":[\"Edificios para la salud\",\"Proyecto\"],\"inLanguage\":\"es\"},{\"@type\":\"WebPage\",\"@id\":\"https:\\\/\\\/www.arquimaster.com.ar\\\/web\\\/clinica-dental-comisura-pablo-munoz-paya-arquitectos\\\/\",\"url\":\"https:\\\/\\\/www.arquimaster.com.ar\\\/web\\\/clinica-dental-comisura-pablo-munoz-paya-arquitectos\\\/\",\"name\":\"Cl\u00ednica Dental Comisura \\\/ Pablo Mu\u00f1oz Pay\u00e1 Arquitectos - Arquimaster\",\"isPartOf\":{\"@id\":\"https:\\\/\\\/www.arquimaster.com.ar\\\/web\\\/#website\"},\"primaryImageOfPage\":{\"@id\":\"https:\\\/\\\/www.arquimaster.com.ar\\\/web\\\/clinica-dental-comisura-pablo-munoz-paya-arquitectos\\\/#primaryimage\"},\"image\":{\"@id\":\"https:\\\/\\\/www.arquimaster.com.ar\\\/web\\\/clinica-dental-comisura-pablo-munoz-paya-arquitectos\\\/#primaryimage\"},\"thumbnailUrl\":\"https:\\\/\\\/www.arquimaster.com.ar\\\/web\\\/wp-content\\\/uploads\\\/2020\\\/04\\\/clinica_dental_comisura_slide.jpg\",\"datePublished\":\"2020-04-16T23:37:04+00:00\",\"dateModified\":\"2020-04-16T23:37:05+00:00\",\"description\":\"La arquitectura, aliada del equipo profesional, es capaz de generar experiencias positivas buscando un cambio sensorial de los pacientes y generando un ambiente apacible, cercano y optimista.\",\"breadcrumb\":{\"@id\":\"https:\\\/\\\/www.arquimaster.com.ar\\\/web\\\/clinica-dental-comisura-pablo-munoz-paya-arquitectos\\\/#breadcrumb\"},\"inLanguage\":\"es\",\"potentialAction\":[{\"@type\":\"ReadAction\",\"target\":[\"https:\\\/\\\/www.arquimaster.com.ar\\\/web\\\/clinica-dental-comisura-pablo-munoz-paya-arquitectos\\\/\"]}]},{\"@type\":\"ImageObject\",\"inLanguage\":\"es\",\"@id\":\"https:\\\/\\\/www.arquimaster.com.ar\\\/web\\\/clinica-dental-comisura-pablo-munoz-paya-arquitectos\\\/#primaryimage\",\"url\":\"https:\\\/\\\/www.arquimaster.com.ar\\\/web\\\/wp-content\\\/uploads\\\/2020\\\/04\\\/clinica_dental_comisura_slide.jpg\",\"contentUrl\":\"https:\\\/\\\/www.arquimaster.com.ar\\\/web\\\/wp-content\\\/uploads\\\/2020\\\/04\\\/clinica_dental_comisura_slide.jpg\",\"width\":698,\"height\":364},{\"@type\":\"BreadcrumbList\",\"@id\":\"https:\\\/\\\/www.arquimaster.com.ar\\\/web\\\/clinica-dental-comisura-pablo-munoz-paya-arquitectos\\\/#breadcrumb\",\"itemListElement\":[{\"@type\":\"ListItem\",\"position\":1,\"name\":\"Portada\",\"item\":\"https:\\\/\\\/www.arquimaster.com.ar\\\/web\\\/\"},{\"@type\":\"ListItem\",\"position\":2,\"name\":\"Cl\u00ednica Dental Comisura \\\/ Pablo Mu\u00f1oz Pay\u00e1 Arquitectos\"}]},{\"@type\":\"WebSite\",\"@id\":\"https:\\\/\\\/www.arquimaster.com.ar\\\/web\\\/#website\",\"url\":\"https:\\\/\\\/www.arquimaster.com.ar\\\/web\\\/\",\"name\":\"Arquimaster\",\"description\":\"Web de arquitectura, dise\u00f1o y construccion\",\"publisher\":{\"@id\":\"https:\\\/\\\/www.arquimaster.com.ar\\\/web\\\/#organization\"},\"potentialAction\":[{\"@type\":\"SearchAction\",\"target\":{\"@type\":\"EntryPoint\",\"urlTemplate\":\"https:\\\/\\\/www.arquimaster.com.ar\\\/web\\\/?s={search_term_string}\"},\"query-input\":{\"@type\":\"PropertyValueSpecification\",\"valueRequired\":true,\"valueName\":\"search_term_string\"}}],\"inLanguage\":\"es\"},{\"@type\":\"Organization\",\"@id\":\"https:\\\/\\\/www.arquimaster.com.ar\\\/web\\\/#organization\",\"name\":\"Arquimaster\",\"url\":\"https:\\\/\\\/www.arquimaster.com.ar\\\/web\\\/\",\"logo\":{\"@type\":\"ImageObject\",\"inLanguage\":\"es\",\"@id\":\"https:\\\/\\\/www.arquimaster.com.ar\\\/web\\\/#\\\/schema\\\/logo\\\/image\\\/\",\"url\":\"https:\\\/\\\/www.arquimaster.com.ar\\\/web\\\/wp-content\\\/uploads\\\/2022\\\/06\\\/arquimaster.png\",\"contentUrl\":\"https:\\\/\\\/www.arquimaster.com.ar\\\/web\\\/wp-content\\\/uploads\\\/2022\\\/06\\\/arquimaster.png\",\"width\":594,\"height\":78,\"caption\":\"Arquimaster\"},\"image\":{\"@id\":\"https:\\\/\\\/www.arquimaster.com.ar\\\/web\\\/#\\\/schema\\\/logo\\\/image\\\/\"},\"sameAs\":[\"http:\\\/\\\/www.facebook.com\\\/ARQUIMASTER.com.ar\",\"https:\\\/\\\/x.com\\\/arquimaster\",\"https:\\\/\\\/www.instagram.com\\\/arquimasterblog\\\/\",\"https:\\\/\\\/www.linkedin.com\\\/company\\\/arquimaster\",\"https:\\\/\\\/www.pinterest.com\\\/arquimaster\",\"https:\\\/\\\/t.me\\\/arquimaster\"]},{\"@type\":\"Person\",\"@id\":\"https:\\\/\\\/www.arquimaster.com.ar\\\/web\\\/#\\\/schema\\\/person\\\/359e9f7c00193fcde068e0dd2ceb0028\",\"name\":\"Arquimaster\"}]}<\/script>\n<!-- \/ Yoast SEO plugin. -->","yoast_head_json":{"title":"Cl\u00ednica Dental Comisura \/ Pablo Mu\u00f1oz Pay\u00e1 Arquitectos - Arquimaster","description":"La arquitectura, aliada del equipo profesional, es capaz de generar experiencias positivas buscando un cambio sensorial de los pacientes y generando un ambiente apacible, cercano y optimista.","robots":{"index":"index","follow":"follow","max-snippet":"max-snippet:-1","max-image-preview":"max-image-preview:large","max-video-preview":"max-video-preview:-1"},"canonical":"https:\/\/www.arquimaster.com.ar\/web\/clinica-dental-comisura-pablo-munoz-paya-arquitectos\/","og_locale":"es_ES","og_type":"article","og_title":"Cl\u00ednica Dental Comisura \/ Pablo Mu\u00f1oz Pay\u00e1 Arquitectos","og_description":"La arquitectura, aliada del equipo profesional, es capaz de generar experiencias positivas buscando un cambio sensorial de los pacientes y generando un ambiente apacible, cercano y optimista.","og_url":"https:\/\/www.arquimaster.com.ar\/web\/clinica-dental-comisura-pablo-munoz-paya-arquitectos\/","og_site_name":"Arquimaster","article_publisher":"http:\/\/www.facebook.com\/ARQUIMASTER.com.ar","article_published_time":"2020-04-16T23:37:04+00:00","article_modified_time":"2020-04-16T23:37:05+00:00","og_image":[{"width":698,"height":364,"url":"https:\/\/www.arquimaster.com.ar\/web\/wp-content\/uploads\/2020\/04\/clinica_dental_comisura_slide.jpg","type":"image\/jpeg"}],"author":"Arquimaster","twitter_card":"summary_large_image","twitter_title":"Cl\u00ednica Dental Comisura \/ Pablo Mu\u00f1oz Pay\u00e1 Arquitectos","twitter_description":"La arquitectura, aliada del equipo profesional, es capaz de generar experiencias positivas buscando un cambio sensorial de los pacientes y generando un ambiente apacible, cercano y optimista.","twitter_image":"https:\/\/www.arquimaster.com.ar\/web\/wp-content\/uploads\/2020\/04\/clinica_dental_comisura_slide.jpg","twitter_creator":"@arquimaster","twitter_site":"@arquimaster","twitter_misc":{"Escrito por":"Arquimaster","Tiempo de lectura":"4 minutos"},"schema":{"@context":"https:\/\/schema.org","@graph":[{"@type":"Article","@id":"https:\/\/www.arquimaster.com.ar\/web\/clinica-dental-comisura-pablo-munoz-paya-arquitectos\/#article","isPartOf":{"@id":"https:\/\/www.arquimaster.com.ar\/web\/clinica-dental-comisura-pablo-munoz-paya-arquitectos\/"},"author":{"name":"Arquimaster","@id":"https:\/\/www.arquimaster.com.ar\/web\/#\/schema\/person\/359e9f7c00193fcde068e0dd2ceb0028"},"headline":"Cl\u00ednica Dental Comisura \/ Pablo Mu\u00f1oz Pay\u00e1 Arquitectos","datePublished":"2020-04-16T23:37:04+00:00","dateModified":"2020-04-16T23:37:05+00:00","mainEntityOfPage":{"@id":"https:\/\/www.arquimaster.com.ar\/web\/clinica-dental-comisura-pablo-munoz-paya-arquitectos\/"},"wordCount":762,"publisher":{"@id":"https:\/\/www.arquimaster.com.ar\/web\/#organization"},"image":{"@id":"https:\/\/www.arquimaster.com.ar\/web\/clinica-dental-comisura-pablo-munoz-paya-arquitectos\/#primaryimage"},"thumbnailUrl":"https:\/\/www.arquimaster.com.ar\/web\/wp-content\/uploads\/2020\/04\/clinica_dental_comisura_slide.jpg","keywords":["Alicante","clinica dental","consultorio dental","consultorio odontologico","edificios para la salud","Elda","Espa\u00f1a","Pablo Mu\u00f1oz Pay\u00e1","Pablo Mu\u00f1oz Pay\u00e1 Arquitectos"],"articleSection":["Edificios para la salud","Proyecto"],"inLanguage":"es"},{"@type":"WebPage","@id":"https:\/\/www.arquimaster.com.ar\/web\/clinica-dental-comisura-pablo-munoz-paya-arquitectos\/","url":"https:\/\/www.arquimaster.com.ar\/web\/clinica-dental-comisura-pablo-munoz-paya-arquitectos\/","name":"Cl\u00ednica Dental Comisura \/ Pablo Mu\u00f1oz Pay\u00e1 Arquitectos - Arquimaster","isPartOf":{"@id":"https:\/\/www.arquimaster.com.ar\/web\/#website"},"primaryImageOfPage":{"@id":"https:\/\/www.arquimaster.com.ar\/web\/clinica-dental-comisura-pablo-munoz-paya-arquitectos\/#primaryimage"},"image":{"@id":"https:\/\/www.arquimaster.com.ar\/web\/clinica-dental-comisura-pablo-munoz-paya-arquitectos\/#primaryimage"},"thumbnailUrl":"https:\/\/www.arquimaster.com.ar\/web\/wp-content\/uploads\/2020\/04\/clinica_dental_comisura_slide.jpg","datePublished":"2020-04-16T23:37:04+00:00","dateModified":"2020-04-16T23:37:05+00:00","description":"La arquitectura, aliada del equipo profesional, es capaz de generar experiencias positivas buscando un cambio sensorial de los pacientes y generando un ambiente apacible, cercano y optimista.","breadcrumb":{"@id":"https:\/\/www.arquimaster.com.ar\/web\/clinica-dental-comisura-pablo-munoz-paya-arquitectos\/#breadcrumb"},"inLanguage":"es","potentialAction":[{"@type":"ReadAction","target":["https:\/\/www.arquimaster.com.ar\/web\/clinica-dental-comisura-pablo-munoz-paya-arquitectos\/"]}]},{"@type":"ImageObject","inLanguage":"es","@id":"https:\/\/www.arquimaster.com.ar\/web\/clinica-dental-comisura-pablo-munoz-paya-arquitectos\/#primaryimage","url":"https:\/\/www.arquimaster.com.ar\/web\/wp-content\/uploads\/2020\/04\/clinica_dental_comisura_slide.jpg","contentUrl":"https:\/\/www.arquimaster.com.ar\/web\/wp-content\/uploads\/2020\/04\/clinica_dental_comisura_slide.jpg","width":698,"height":364},{"@type":"BreadcrumbList","@id":"https:\/\/www.arquimaster.com.ar\/web\/clinica-dental-comisura-pablo-munoz-paya-arquitectos\/#breadcrumb","itemListElement":[{"@type":"ListItem","position":1,"name":"Portada","item":"https:\/\/www.arquimaster.com.ar\/web\/"},{"@type":"ListItem","position":2,"name":"Cl\u00ednica Dental Comisura \/ Pablo Mu\u00f1oz Pay\u00e1 Arquitectos"}]},{"@type":"WebSite","@id":"https:\/\/www.arquimaster.com.ar\/web\/#website","url":"https:\/\/www.arquimaster.com.ar\/web\/","name":"Arquimaster","description":"Web de arquitectura, dise\u00f1o y construccion","publisher":{"@id":"https:\/\/www.arquimaster.com.ar\/web\/#organization"},"potentialAction":[{"@type":"SearchAction","target":{"@type":"EntryPoint","urlTemplate":"https:\/\/www.arquimaster.com.ar\/web\/?s={search_term_string}"},"query-input":{"@type":"PropertyValueSpecification","valueRequired":true,"valueName":"search_term_string"}}],"inLanguage":"es"},{"@type":"Organization","@id":"https:\/\/www.arquimaster.com.ar\/web\/#organization","name":"Arquimaster","url":"https:\/\/www.arquimaster.com.ar\/web\/","logo":{"@type":"ImageObject","inLanguage":"es","@id":"https:\/\/www.arquimaster.com.ar\/web\/#\/schema\/logo\/image\/","url":"https:\/\/www.arquimaster.com.ar\/web\/wp-content\/uploads\/2022\/06\/arquimaster.png","contentUrl":"https:\/\/www.arquimaster.com.ar\/web\/wp-content\/uploads\/2022\/06\/arquimaster.png","width":594,"height":78,"caption":"Arquimaster"},"image":{"@id":"https:\/\/www.arquimaster.com.ar\/web\/#\/schema\/logo\/image\/"},"sameAs":["http:\/\/www.facebook.com\/ARQUIMASTER.com.ar","https:\/\/x.com\/arquimaster","https:\/\/www.instagram.com\/arquimasterblog\/","https:\/\/www.linkedin.com\/company\/arquimaster","https:\/\/www.pinterest.com\/arquimaster","https:\/\/t.me\/arquimaster"]},{"@type":"Person","@id":"https:\/\/www.arquimaster.com.ar\/web\/#\/schema\/person\/359e9f7c00193fcde068e0dd2ceb0028","name":"Arquimaster"}]}},"uagb_featured_image_src":{"full":["https:\/\/www.arquimaster.com.ar\/web\/wp-content\/uploads\/2020\/04\/clinica_dental_comisura_slide.jpg",698,364,false],"thumbnail":["https:\/\/www.arquimaster.com.ar\/web\/wp-content\/uploads\/2020\/04\/clinica_dental_comisura_slide-150x150.jpg",150,150,true],"medium":["https:\/\/www.arquimaster.com.ar\/web\/wp-content\/uploads\/2020\/04\/clinica_dental_comisura_slide.jpg",698,364,false],"medium_large":["https:\/\/www.arquimaster.com.ar\/web\/wp-content\/uploads\/2020\/04\/clinica_dental_comisura_slide.jpg",698,364,false],"large":["https:\/\/www.arquimaster.com.ar\/web\/wp-content\/uploads\/2020\/04\/clinica_dental_comisura_slide.jpg",698,364,false],"1536x1536":["https:\/\/www.arquimaster.com.ar\/web\/wp-content\/uploads\/2020\/04\/clinica_dental_comisura_slide.jpg",698,364,false],"2048x2048":["https:\/\/www.arquimaster.com.ar\/web\/wp-content\/uploads\/2020\/04\/clinica_dental_comisura_slide.jpg",698,364,false]},"uagb_author_info":{"display_name":"Arquimaster","author_link":"https:\/\/www.arquimaster.com.ar\/web\/author\/arquimaster\/"},"uagb_comment_info":0,"uagb_excerpt":"La arquitectura, aliada del equipo profesional, es capaz de generar experiencias positivas...","_links":{"self":[{"href":"https:\/\/www.arquimaster.com.ar\/web\/wp-json\/wp\/v2\/posts\/54652","targetHints":{"allow":["GET"]}}],"collection":[{"href":"https:\/\/www.arquimaster.com.ar\/web\/wp-json\/wp\/v2\/posts"}],"about":[{"href":"https:\/\/www.arquimaster.com.ar\/web\/wp-json\/wp\/v2\/types\/post"}],"author":[{"embeddable":true,"href":"https:\/\/www.arquimaster.com.ar\/web\/wp-json\/wp\/v2\/users\/1"}],"replies":[{"embeddable":true,"href":"https:\/\/www.arquimaster.com.ar\/web\/wp-json\/wp\/v2\/comments?post=54652"}],"version-history":[{"count":2,"href":"https:\/\/www.arquimaster.com.ar\/web\/wp-json\/wp\/v2\/posts\/54652\/revisions"}],"predecessor-version":[{"id":54679,"href":"https:\/\/www.arquimaster.com.ar\/web\/wp-json\/wp\/v2\/posts\/54652\/revisions\/54679"}],"wp:featuredmedia":[{"embeddable":true,"href":"https:\/\/www.arquimaster.com.ar\/web\/wp-json\/wp\/v2\/media\/54653"}],"wp:attachment":[{"href":"https:\/\/www.arquimaster.com.ar\/web\/wp-json\/wp\/v2\/media?parent=54652"}],"wp:term":[{"taxonomy":"category","embeddable":true,"href":"https:\/\/www.arquimaster.com.ar\/web\/wp-json\/wp\/v2\/categories?post=54652"},{"taxonomy":"post_tag","embeddable":true,"href":"https:\/\/www.arquimaster.com.ar\/web\/wp-json\/wp\/v2\/tags?post=54652"}],"curies":[{"name":"wp","href":"https:\/\/api.w.org\/{rel}","templated":true}]}}