{"id":54680,"date":"2020-04-16T22:41:56","date_gmt":"2020-04-17T01:41:56","guid":{"rendered":"https:\/\/www.arquimaster.com.ar\/web\/?p=54680"},"modified":"2020-04-16T22:41:58","modified_gmt":"2020-04-17T01:41:58","slug":"jardin-no-1207-dra-sara-faisal-estudio-vic","status":"publish","type":"post","link":"https:\/\/www.arquimaster.com.ar\/web\/jardin-no-1207-dra-sara-faisal-estudio-vic\/","title":{"rendered":"Jard\u00edn N\u00ba 1207 Dra. Sara Faisal \/ Estudio VIC"},"content":{"rendered":"<div style=\"margin-top: 0px; margin-bottom: 0px;\" class=\"sharethis-inline-share-buttons\" ><\/div><div class=\"b812932af2e751442846f039925109de\" data-index=\"1\" style=\"float: none; margin:25px 0 25px 0; text-align:center;\">\n<script async src=\"https:\/\/pagead2.googlesyndication.com\/pagead\/js\/adsbygoogle.js\"><\/script>\r\n<!-- Arquimaster (superior) -->\r\n<ins class=\"adsbygoogle\"\r\n     style=\"display:block\"\r\n     data-ad-client=\"ca-pub-6351072698456832\"\r\n     data-ad-slot=\"6455489680\"\r\n     data-ad-format=\"auto\"\r\n     data-full-width-responsive=\"true\"><\/ins>\r\n<script>\r\n     (adsbygoogle = window.adsbygoogle || []).push({});\r\n<\/script>\n<\/div>\n<p><strong>Jard\u00edn N\u00ba 1207 Dra. Sara Faisal<\/strong> (Ciudad de Santa Fe, Argentina) por <strong>Estudio VIC<\/strong>. La Instituci\u00f3n Educativa \u00abDoctora Sara Faisal\u00bb tiene una larga y prol\u00edfica trayectoria en la ciudad de Santa Fe. Este recorrido de d\u00e9cadas se hace se hace expl\u00edcito en la continua renovaci\u00f3n edilicia que emprende en cada una de sus cinco unidades acad\u00e9micas. En esta ocasi\u00f3n, y en coincidencia con la celebraci\u00f3n de los cincuenta a\u00f1os del Jard\u00edn, se desarroll\u00f3 la reforma del edificio que recibe beb\u00e9s -desde el a\u00f1o- y a ni\u00f1os en su fase inicial formativa y pedag\u00f3gica del proyecto educativo de la Instituci\u00f3n. El edificio original del jard\u00edn se constituye a partir de una serie de sectores que en principio conformaban el primer inmueble que tuvo habilitado la instituci\u00f3n para la formaci\u00f3n de maestras de ense\u00f1anza inicial, siendo pioneras en la ciudad tanto en ese sentido como en la introducci\u00f3n de un sistema pedag\u00f3gico que atienda la integraci\u00f3n y diversidad.<\/p>\n<div id='gallery-1' class='gallery galleryid-54680 gallery-columns-3 gallery-size-thumbnail'><figure class='gallery-item'>\n\t\t\t<div class='gallery-icon portrait'>\n\t\t\t\t<a href='https:\/\/www.arquimaster.com.ar\/web\/wp-content\/uploads\/2020\/04\/jardin_sara_faisal1.jpg' title=\"Jard\u00edn N\u00ba 1207 Dra. Sara Faisal \/ Estudio VIC (\u00a9 Ramiro Sosa)\" data-rl_title=\"Jard\u00edn N\u00ba 1207 Dra. Sara Faisal \/ Estudio VIC (\u00a9 Ramiro Sosa)\" class=\"rl-gallery-link\" data-rl_caption=\"Jard\u00edn N\u00ba 1207 Dra. Sara Faisal \/ Estudio VIC (\u00a9 Ramiro Sosa)\" data-rel=\"lightbox-gallery-1\"><img loading=\"lazy\" decoding=\"async\" width=\"150\" height=\"150\" src=\"https:\/\/www.arquimaster.com.ar\/web\/wp-content\/uploads\/2020\/04\/jardin_sara_faisal1-150x150.jpg\" class=\"attachment-thumbnail size-thumbnail\" alt=\"\" aria-describedby=\"gallery-1-54682\" \/><\/a>\n\t\t\t<\/div>\n\t\t\t\t<figcaption class='wp-caption-text gallery-caption' id='gallery-1-54682'>\n\t\t\t\tJard\u00edn N\u00ba 1207 Dra. Sara Faisal \/ Estudio VIC (\u00a9 Ramiro Sosa)\n\t\t\t\t<\/figcaption><\/figure><figure class='gallery-item'>\n\t\t\t<div class='gallery-icon portrait'>\n\t\t\t\t<a href='https:\/\/www.arquimaster.com.ar\/web\/wp-content\/uploads\/2020\/04\/jardin_sara_faisal2.jpg' title=\"Jard\u00edn N\u00ba 1207 Dra. Sara Faisal \/ Estudio VIC (\u00a9 Ramiro Sosa)\" data-rl_title=\"Jard\u00edn N\u00ba 1207 Dra. Sara Faisal \/ Estudio VIC (\u00a9 Ramiro Sosa)\" class=\"rl-gallery-link\" data-rl_caption=\"Jard\u00edn N\u00ba 1207 Dra. Sara Faisal \/ Estudio VIC (\u00a9 Ramiro Sosa)\" data-rel=\"lightbox-gallery-1\"><img loading=\"lazy\" decoding=\"async\" width=\"150\" height=\"150\" src=\"https:\/\/www.arquimaster.com.ar\/web\/wp-content\/uploads\/2020\/04\/jardin_sara_faisal2-150x150.jpg\" class=\"attachment-thumbnail size-thumbnail\" alt=\"\" aria-describedby=\"gallery-1-54683\" \/><\/a>\n\t\t\t<\/div>\n\t\t\t\t<figcaption class='wp-caption-text gallery-caption' id='gallery-1-54683'>\n\t\t\t\tJard\u00edn N\u00ba 1207 Dra. Sara Faisal \/ Estudio VIC (\u00a9 Ramiro Sosa)\n\t\t\t\t<\/figcaption><\/figure><figure class='gallery-item'>\n\t\t\t<div class='gallery-icon landscape'>\n\t\t\t\t<a href='https:\/\/www.arquimaster.com.ar\/web\/wp-content\/uploads\/2020\/04\/jardin_sara_faisal3.jpg' title=\"Jard\u00edn N\u00ba 1207 Dra. Sara Faisal \/ Estudio VIC (\u00a9 Ramiro Sosa)\" data-rl_title=\"Jard\u00edn N\u00ba 1207 Dra. Sara Faisal \/ Estudio VIC (\u00a9 Ramiro Sosa)\" class=\"rl-gallery-link\" data-rl_caption=\"Jard\u00edn N\u00ba 1207 Dra. Sara Faisal \/ Estudio VIC (\u00a9 Ramiro Sosa)\" data-rel=\"lightbox-gallery-1\"><img loading=\"lazy\" decoding=\"async\" width=\"150\" height=\"150\" src=\"https:\/\/www.arquimaster.com.ar\/web\/wp-content\/uploads\/2020\/04\/jardin_sara_faisal3-150x150.jpg\" class=\"attachment-thumbnail size-thumbnail\" alt=\"\" aria-describedby=\"gallery-1-54684\" \/><\/a>\n\t\t\t<\/div>\n\t\t\t\t<figcaption class='wp-caption-text gallery-caption' id='gallery-1-54684'>\n\t\t\t\tJard\u00edn N\u00ba 1207 Dra. Sara Faisal \/ Estudio VIC (\u00a9 Ramiro Sosa)\n\t\t\t\t<\/figcaption><\/figure><figure class='gallery-item'>\n\t\t\t<div class='gallery-icon landscape'>\n\t\t\t\t<a href='https:\/\/www.arquimaster.com.ar\/web\/wp-content\/uploads\/2020\/04\/jardin_sara_faisal4.jpg' title=\"Jard\u00edn N\u00ba 1207 Dra. Sara Faisal \/ Estudio VIC (\u00a9 Ramiro Sosa)\" data-rl_title=\"Jard\u00edn N\u00ba 1207 Dra. Sara Faisal \/ Estudio VIC (\u00a9 Ramiro Sosa)\" class=\"rl-gallery-link\" data-rl_caption=\"Jard\u00edn N\u00ba 1207 Dra. Sara Faisal \/ Estudio VIC (\u00a9 Ramiro Sosa)\" data-rel=\"lightbox-gallery-1\"><img loading=\"lazy\" decoding=\"async\" width=\"150\" height=\"150\" src=\"https:\/\/www.arquimaster.com.ar\/web\/wp-content\/uploads\/2020\/04\/jardin_sara_faisal4-150x150.jpg\" class=\"attachment-thumbnail size-thumbnail\" alt=\"\" aria-describedby=\"gallery-1-54685\" \/><\/a>\n\t\t\t<\/div>\n\t\t\t\t<figcaption class='wp-caption-text gallery-caption' id='gallery-1-54685'>\n\t\t\t\tJard\u00edn N\u00ba 1207 Dra. Sara Faisal \/ Estudio VIC (\u00a9 Ramiro Sosa)\n\t\t\t\t<\/figcaption><\/figure><figure class='gallery-item'>\n\t\t\t<div class='gallery-icon portrait'>\n\t\t\t\t<a href='https:\/\/www.arquimaster.com.ar\/web\/wp-content\/uploads\/2020\/04\/jardin_sara_faisal5.jpg' title=\"Jard\u00edn N\u00ba 1207 Dra. Sara Faisal \/ Estudio VIC (\u00a9 Ramiro Sosa)\" data-rl_title=\"Jard\u00edn N\u00ba 1207 Dra. Sara Faisal \/ Estudio VIC (\u00a9 Ramiro Sosa)\" class=\"rl-gallery-link\" data-rl_caption=\"Jard\u00edn N\u00ba 1207 Dra. Sara Faisal \/ Estudio VIC (\u00a9 Ramiro Sosa)\" data-rel=\"lightbox-gallery-1\"><img loading=\"lazy\" decoding=\"async\" width=\"150\" height=\"150\" src=\"https:\/\/www.arquimaster.com.ar\/web\/wp-content\/uploads\/2020\/04\/jardin_sara_faisal5-150x150.jpg\" class=\"attachment-thumbnail size-thumbnail\" alt=\"\" aria-describedby=\"gallery-1-54686\" \/><\/a>\n\t\t\t<\/div>\n\t\t\t\t<figcaption class='wp-caption-text gallery-caption' id='gallery-1-54686'>\n\t\t\t\tJard\u00edn N\u00ba 1207 Dra. Sara Faisal \/ Estudio VIC (\u00a9 Ramiro Sosa)\n\t\t\t\t<\/figcaption><\/figure><figure class='gallery-item'>\n\t\t\t<div class='gallery-icon landscape'>\n\t\t\t\t<a href='https:\/\/www.arquimaster.com.ar\/web\/wp-content\/uploads\/2020\/04\/jardin_sara_faisal6.jpg' title=\"Jard\u00edn N\u00ba 1207 Dra. Sara Faisal \/ Estudio VIC (\u00a9 Ramiro Sosa)\" data-rl_title=\"Jard\u00edn N\u00ba 1207 Dra. Sara Faisal \/ Estudio VIC (\u00a9 Ramiro Sosa)\" class=\"rl-gallery-link\" data-rl_caption=\"Jard\u00edn N\u00ba 1207 Dra. Sara Faisal \/ Estudio VIC (\u00a9 Ramiro Sosa)\" data-rel=\"lightbox-gallery-1\"><img loading=\"lazy\" decoding=\"async\" width=\"150\" height=\"150\" src=\"https:\/\/www.arquimaster.com.ar\/web\/wp-content\/uploads\/2020\/04\/jardin_sara_faisal6-150x150.jpg\" class=\"attachment-thumbnail size-thumbnail\" alt=\"\" aria-describedby=\"gallery-1-54687\" \/><\/a>\n\t\t\t<\/div>\n\t\t\t\t<figcaption class='wp-caption-text gallery-caption' id='gallery-1-54687'>\n\t\t\t\tJard\u00edn N\u00ba 1207 Dra. Sara Faisal \/ Estudio VIC (\u00a9 Ramiro Sosa)\n\t\t\t\t<\/figcaption><\/figure><figure class='gallery-item'>\n\t\t\t<div class='gallery-icon portrait'>\n\t\t\t\t<a href='https:\/\/www.arquimaster.com.ar\/web\/wp-content\/uploads\/2020\/04\/jardin_sara_faisal7.jpg' title=\"Jard\u00edn N\u00ba 1207 Dra. Sara Faisal \/ Estudio VIC (\u00a9 Ramiro Sosa)\" data-rl_title=\"Jard\u00edn N\u00ba 1207 Dra. Sara Faisal \/ Estudio VIC (\u00a9 Ramiro Sosa)\" class=\"rl-gallery-link\" data-rl_caption=\"Jard\u00edn N\u00ba 1207 Dra. Sara Faisal \/ Estudio VIC (\u00a9 Ramiro Sosa)\" data-rel=\"lightbox-gallery-1\"><img loading=\"lazy\" decoding=\"async\" width=\"150\" height=\"150\" src=\"https:\/\/www.arquimaster.com.ar\/web\/wp-content\/uploads\/2020\/04\/jardin_sara_faisal7-150x150.jpg\" class=\"attachment-thumbnail size-thumbnail\" alt=\"\" aria-describedby=\"gallery-1-54688\" \/><\/a>\n\t\t\t<\/div>\n\t\t\t\t<figcaption class='wp-caption-text gallery-caption' id='gallery-1-54688'>\n\t\t\t\tJard\u00edn N\u00ba 1207 Dra. Sara Faisal \/ Estudio VIC (\u00a9 Ramiro Sosa)\n\t\t\t\t<\/figcaption><\/figure><figure class='gallery-item'>\n\t\t\t<div class='gallery-icon portrait'>\n\t\t\t\t<a href='https:\/\/www.arquimaster.com.ar\/web\/wp-content\/uploads\/2020\/04\/jardin_sara_faisal8.jpg' title=\"Jard\u00edn N\u00ba 1207 Dra. Sara Faisal \/ Estudio VIC (\u00a9 Ramiro Sosa)\" data-rl_title=\"Jard\u00edn N\u00ba 1207 Dra. Sara Faisal \/ Estudio VIC (\u00a9 Ramiro Sosa)\" class=\"rl-gallery-link\" data-rl_caption=\"Jard\u00edn N\u00ba 1207 Dra. Sara Faisal \/ Estudio VIC (\u00a9 Ramiro Sosa)\" data-rel=\"lightbox-gallery-1\"><img loading=\"lazy\" decoding=\"async\" width=\"150\" height=\"150\" src=\"https:\/\/www.arquimaster.com.ar\/web\/wp-content\/uploads\/2020\/04\/jardin_sara_faisal8-150x150.jpg\" class=\"attachment-thumbnail size-thumbnail\" alt=\"\" aria-describedby=\"gallery-1-54689\" \/><\/a>\n\t\t\t<\/div>\n\t\t\t\t<figcaption class='wp-caption-text gallery-caption' id='gallery-1-54689'>\n\t\t\t\tJard\u00edn N\u00ba 1207 Dra. Sara Faisal \/ Estudio VIC (\u00a9 Ramiro Sosa)\n\t\t\t\t<\/figcaption><\/figure><figure class='gallery-item'>\n\t\t\t<div class='gallery-icon portrait'>\n\t\t\t\t<a href='https:\/\/www.arquimaster.com.ar\/web\/wp-content\/uploads\/2020\/04\/jardin_sara_faisal9.jpg' title=\"Jard\u00edn N\u00ba 1207 Dra. Sara Faisal \/ Estudio VIC (\u00a9 Ramiro Sosa)\" data-rl_title=\"Jard\u00edn N\u00ba 1207 Dra. Sara Faisal \/ Estudio VIC (\u00a9 Ramiro Sosa)\" class=\"rl-gallery-link\" data-rl_caption=\"Jard\u00edn N\u00ba 1207 Dra. Sara Faisal \/ Estudio VIC (\u00a9 Ramiro Sosa)\" data-rel=\"lightbox-gallery-1\"><img loading=\"lazy\" decoding=\"async\" width=\"150\" height=\"150\" src=\"https:\/\/www.arquimaster.com.ar\/web\/wp-content\/uploads\/2020\/04\/jardin_sara_faisal9-150x150.jpg\" class=\"attachment-thumbnail size-thumbnail\" alt=\"\" aria-describedby=\"gallery-1-54690\" \/><\/a>\n\t\t\t<\/div>\n\t\t\t\t<figcaption class='wp-caption-text gallery-caption' id='gallery-1-54690'>\n\t\t\t\tJard\u00edn N\u00ba 1207 Dra. Sara Faisal \/ Estudio VIC (\u00a9 Ramiro Sosa)\n\t\t\t\t<\/figcaption><\/figure><figure class='gallery-item'>\n\t\t\t<div class='gallery-icon portrait'>\n\t\t\t\t<a href='https:\/\/www.arquimaster.com.ar\/web\/wp-content\/uploads\/2020\/04\/jardin_sara_faisal10.jpg' title=\"Jard\u00edn N\u00ba 1207 Dra. Sara Faisal \/ Estudio VIC (\u00a9 Ramiro Sosa)\" data-rl_title=\"Jard\u00edn N\u00ba 1207 Dra. Sara Faisal \/ Estudio VIC (\u00a9 Ramiro Sosa)\" class=\"rl-gallery-link\" data-rl_caption=\"Jard\u00edn N\u00ba 1207 Dra. Sara Faisal \/ Estudio VIC (\u00a9 Ramiro Sosa)\" data-rel=\"lightbox-gallery-1\"><img loading=\"lazy\" decoding=\"async\" width=\"150\" height=\"150\" src=\"https:\/\/www.arquimaster.com.ar\/web\/wp-content\/uploads\/2020\/04\/jardin_sara_faisal10-150x150.jpg\" class=\"attachment-thumbnail size-thumbnail\" alt=\"\" aria-describedby=\"gallery-1-54691\" \/><\/a>\n\t\t\t<\/div>\n\t\t\t\t<figcaption class='wp-caption-text gallery-caption' id='gallery-1-54691'>\n\t\t\t\tJard\u00edn N\u00ba 1207 Dra. Sara Faisal \/ Estudio VIC (\u00a9 Ramiro Sosa)\n\t\t\t\t<\/figcaption><\/figure><figure class='gallery-item'>\n\t\t\t<div class='gallery-icon portrait'>\n\t\t\t\t<a href='https:\/\/www.arquimaster.com.ar\/web\/wp-content\/uploads\/2020\/04\/jardin_sara_faisal11.jpg' title=\"Jard\u00edn N\u00ba 1207 Dra. Sara Faisal \/ Estudio VIC (\u00a9 Ramiro Sosa)\" data-rl_title=\"Jard\u00edn N\u00ba 1207 Dra. Sara Faisal \/ Estudio VIC (\u00a9 Ramiro Sosa)\" class=\"rl-gallery-link\" data-rl_caption=\"Jard\u00edn N\u00ba 1207 Dra. Sara Faisal \/ Estudio VIC (\u00a9 Ramiro Sosa)\" data-rel=\"lightbox-gallery-1\"><img loading=\"lazy\" decoding=\"async\" width=\"150\" height=\"150\" src=\"https:\/\/www.arquimaster.com.ar\/web\/wp-content\/uploads\/2020\/04\/jardin_sara_faisal11-150x150.jpg\" class=\"attachment-thumbnail size-thumbnail\" alt=\"\" aria-describedby=\"gallery-1-54692\" \/><\/a>\n\t\t\t<\/div>\n\t\t\t\t<figcaption class='wp-caption-text gallery-caption' id='gallery-1-54692'>\n\t\t\t\tJard\u00edn N\u00ba 1207 Dra. Sara Faisal \/ Estudio VIC (\u00a9 Ramiro Sosa)\n\t\t\t\t<\/figcaption><\/figure><figure class='gallery-item'>\n\t\t\t<div class='gallery-icon portrait'>\n\t\t\t\t<a href='https:\/\/www.arquimaster.com.ar\/web\/wp-content\/uploads\/2020\/04\/jardin_sara_faisal12.jpg' title=\"Jard\u00edn N\u00ba 1207 Dra. Sara Faisal \/ Estudio VIC (\u00a9 Ramiro Sosa)\" data-rl_title=\"Jard\u00edn N\u00ba 1207 Dra. Sara Faisal \/ Estudio VIC (\u00a9 Ramiro Sosa)\" class=\"rl-gallery-link\" data-rl_caption=\"Jard\u00edn N\u00ba 1207 Dra. Sara Faisal \/ Estudio VIC (\u00a9 Ramiro Sosa)\" data-rel=\"lightbox-gallery-1\"><img loading=\"lazy\" decoding=\"async\" width=\"150\" height=\"150\" src=\"https:\/\/www.arquimaster.com.ar\/web\/wp-content\/uploads\/2020\/04\/jardin_sara_faisal12-150x150.jpg\" class=\"attachment-thumbnail size-thumbnail\" alt=\"\" aria-describedby=\"gallery-1-54693\" \/><\/a>\n\t\t\t<\/div>\n\t\t\t\t<figcaption class='wp-caption-text gallery-caption' id='gallery-1-54693'>\n\t\t\t\tJard\u00edn N\u00ba 1207 Dra. Sara Faisal \/ Estudio VIC (\u00a9 Ramiro Sosa)\n\t\t\t\t<\/figcaption><\/figure><figure class='gallery-item'>\n\t\t\t<div class='gallery-icon portrait'>\n\t\t\t\t<a href='https:\/\/www.arquimaster.com.ar\/web\/wp-content\/uploads\/2020\/04\/jardin_sara_faisal13.jpg' title=\"Jard\u00edn N\u00ba 1207 Dra. Sara Faisal \/ Estudio VIC (\u00a9 Ramiro Sosa)\" data-rl_title=\"Jard\u00edn N\u00ba 1207 Dra. Sara Faisal \/ Estudio VIC (\u00a9 Ramiro Sosa)\" class=\"rl-gallery-link\" data-rl_caption=\"Jard\u00edn N\u00ba 1207 Dra. Sara Faisal \/ Estudio VIC (\u00a9 Ramiro Sosa)\" data-rel=\"lightbox-gallery-1\"><img loading=\"lazy\" decoding=\"async\" width=\"150\" height=\"150\" src=\"https:\/\/www.arquimaster.com.ar\/web\/wp-content\/uploads\/2020\/04\/jardin_sara_faisal13-150x150.jpg\" class=\"attachment-thumbnail size-thumbnail\" alt=\"\" aria-describedby=\"gallery-1-54694\" \/><\/a>\n\t\t\t<\/div>\n\t\t\t\t<figcaption class='wp-caption-text gallery-caption' id='gallery-1-54694'>\n\t\t\t\tJard\u00edn N\u00ba 1207 Dra. Sara Faisal \/ Estudio VIC (\u00a9 Ramiro Sosa)\n\t\t\t\t<\/figcaption><\/figure><figure class='gallery-item'>\n\t\t\t<div class='gallery-icon landscape'>\n\t\t\t\t<a href='https:\/\/www.arquimaster.com.ar\/web\/wp-content\/uploads\/2020\/04\/jardin_sara_faisal14.jpg' title=\"Jard\u00edn N\u00ba 1207 Dra. Sara Faisal \/ Estudio VIC (\u00a9 Ramiro Sosa)\" data-rl_title=\"Jard\u00edn N\u00ba 1207 Dra. Sara Faisal \/ Estudio VIC (\u00a9 Ramiro Sosa)\" class=\"rl-gallery-link\" data-rl_caption=\"Jard\u00edn N\u00ba 1207 Dra. Sara Faisal \/ Estudio VIC (\u00a9 Ramiro Sosa)\" data-rel=\"lightbox-gallery-1\"><img loading=\"lazy\" decoding=\"async\" width=\"150\" height=\"150\" src=\"https:\/\/www.arquimaster.com.ar\/web\/wp-content\/uploads\/2020\/04\/jardin_sara_faisal14-150x150.jpg\" class=\"attachment-thumbnail size-thumbnail\" alt=\"\" aria-describedby=\"gallery-1-54695\" \/><\/a>\n\t\t\t<\/div>\n\t\t\t\t<figcaption class='wp-caption-text gallery-caption' id='gallery-1-54695'>\n\t\t\t\tJard\u00edn N\u00ba 1207 Dra. Sara Faisal \/ Estudio VIC (\u00a9 Ramiro Sosa)\n\t\t\t\t<\/figcaption><\/figure><figure class='gallery-item'>\n\t\t\t<div class='gallery-icon portrait'>\n\t\t\t\t<a href='https:\/\/www.arquimaster.com.ar\/web\/wp-content\/uploads\/2020\/04\/jardin_sara_faisal15.jpg' title=\"Jard\u00edn N\u00ba 1207 Dra. Sara Faisal \/ Estudio VIC (\u00a9 Ramiro Sosa)\" data-rl_title=\"Jard\u00edn N\u00ba 1207 Dra. Sara Faisal \/ Estudio VIC (\u00a9 Ramiro Sosa)\" class=\"rl-gallery-link\" data-rl_caption=\"Jard\u00edn N\u00ba 1207 Dra. Sara Faisal \/ Estudio VIC (\u00a9 Ramiro Sosa)\" data-rel=\"lightbox-gallery-1\"><img loading=\"lazy\" decoding=\"async\" width=\"150\" height=\"150\" src=\"https:\/\/www.arquimaster.com.ar\/web\/wp-content\/uploads\/2020\/04\/jardin_sara_faisal15-150x150.jpg\" class=\"attachment-thumbnail size-thumbnail\" alt=\"\" aria-describedby=\"gallery-1-54696\" \/><\/a>\n\t\t\t<\/div>\n\t\t\t\t<figcaption class='wp-caption-text gallery-caption' id='gallery-1-54696'>\n\t\t\t\tJard\u00edn N\u00ba 1207 Dra. Sara Faisal \/ Estudio VIC (\u00a9 Ramiro Sosa)\n\t\t\t\t<\/figcaption><\/figure><figure class='gallery-item'>\n\t\t\t<div class='gallery-icon landscape'>\n\t\t\t\t<a href='https:\/\/www.arquimaster.com.ar\/web\/wp-content\/uploads\/2020\/04\/jardin_sara_faisal16.jpg' title=\"Jard\u00edn N\u00ba 1207 Dra. Sara Faisal \/ Estudio VIC (\u00a9 Ramiro Sosa)\" data-rl_title=\"Jard\u00edn N\u00ba 1207 Dra. Sara Faisal \/ Estudio VIC (\u00a9 Ramiro Sosa)\" class=\"rl-gallery-link\" data-rl_caption=\"Jard\u00edn N\u00ba 1207 Dra. Sara Faisal \/ Estudio VIC (\u00a9 Ramiro Sosa)\" data-rel=\"lightbox-gallery-1\"><img loading=\"lazy\" decoding=\"async\" width=\"150\" height=\"150\" src=\"https:\/\/www.arquimaster.com.ar\/web\/wp-content\/uploads\/2020\/04\/jardin_sara_faisal16-150x150.jpg\" class=\"attachment-thumbnail size-thumbnail\" alt=\"\" aria-describedby=\"gallery-1-54697\" \/><\/a>\n\t\t\t<\/div>\n\t\t\t\t<figcaption class='wp-caption-text gallery-caption' id='gallery-1-54697'>\n\t\t\t\tJard\u00edn N\u00ba 1207 Dra. Sara Faisal \/ Estudio VIC (\u00a9 Ramiro Sosa)\n\t\t\t\t<\/figcaption><\/figure><figure class='gallery-item'>\n\t\t\t<div class='gallery-icon landscape'>\n\t\t\t\t<a href='https:\/\/www.arquimaster.com.ar\/web\/wp-content\/uploads\/2020\/04\/jardin_sara_faisal17.jpg' title=\"Jard\u00edn N\u00ba 1207 Dra. Sara Faisal \/ Estudio VIC (\u00a9 Ramiro Sosa)\" data-rl_title=\"Jard\u00edn N\u00ba 1207 Dra. Sara Faisal \/ Estudio VIC (\u00a9 Ramiro Sosa)\" class=\"rl-gallery-link\" data-rl_caption=\"Jard\u00edn N\u00ba 1207 Dra. Sara Faisal \/ Estudio VIC (\u00a9 Ramiro Sosa)\" data-rel=\"lightbox-gallery-1\"><img loading=\"lazy\" decoding=\"async\" width=\"150\" height=\"150\" src=\"https:\/\/www.arquimaster.com.ar\/web\/wp-content\/uploads\/2020\/04\/jardin_sara_faisal17-150x150.jpg\" class=\"attachment-thumbnail size-thumbnail\" alt=\"\" aria-describedby=\"gallery-1-54698\" \/><\/a>\n\t\t\t<\/div>\n\t\t\t\t<figcaption class='wp-caption-text gallery-caption' id='gallery-1-54698'>\n\t\t\t\tJard\u00edn N\u00ba 1207 Dra. Sara Faisal \/ Estudio VIC (\u00a9 Ramiro Sosa)\n\t\t\t\t<\/figcaption><\/figure><figure class='gallery-item'>\n\t\t\t<div class='gallery-icon landscape'>\n\t\t\t\t<a href='https:\/\/www.arquimaster.com.ar\/web\/wp-content\/uploads\/2020\/04\/jardin_sara_faisal18.jpg' title=\"Jard\u00edn N\u00ba 1207 Dra. Sara Faisal \/ Estudio VIC (\u00a9 Ramiro Sosa)\" data-rl_title=\"Jard\u00edn N\u00ba 1207 Dra. Sara Faisal \/ Estudio VIC (\u00a9 Ramiro Sosa)\" class=\"rl-gallery-link\" data-rl_caption=\"Jard\u00edn N\u00ba 1207 Dra. Sara Faisal \/ Estudio VIC (\u00a9 Ramiro Sosa)\" data-rel=\"lightbox-gallery-1\"><img loading=\"lazy\" decoding=\"async\" width=\"150\" height=\"150\" src=\"https:\/\/www.arquimaster.com.ar\/web\/wp-content\/uploads\/2020\/04\/jardin_sara_faisal18-150x150.jpg\" class=\"attachment-thumbnail size-thumbnail\" alt=\"\" aria-describedby=\"gallery-1-54699\" \/><\/a>\n\t\t\t<\/div>\n\t\t\t\t<figcaption class='wp-caption-text gallery-caption' id='gallery-1-54699'>\n\t\t\t\tJard\u00edn N\u00ba 1207 Dra. Sara Faisal \/ Estudio VIC (\u00a9 Ramiro Sosa)\n\t\t\t\t<\/figcaption><\/figure><figure class='gallery-item'>\n\t\t\t<div class='gallery-icon landscape'>\n\t\t\t\t<a href='https:\/\/www.arquimaster.com.ar\/web\/wp-content\/uploads\/2020\/04\/jardin_sara_faisal19.jpg' title=\"Jard\u00edn N\u00ba 1207 Dra. Sara Faisal \/ Estudio VIC (\u00a9 Ramiro Sosa)\" data-rl_title=\"Jard\u00edn N\u00ba 1207 Dra. Sara Faisal \/ Estudio VIC (\u00a9 Ramiro Sosa)\" class=\"rl-gallery-link\" data-rl_caption=\"Jard\u00edn N\u00ba 1207 Dra. Sara Faisal \/ Estudio VIC (\u00a9 Ramiro Sosa)\" data-rel=\"lightbox-gallery-1\"><img loading=\"lazy\" decoding=\"async\" width=\"150\" height=\"150\" src=\"https:\/\/www.arquimaster.com.ar\/web\/wp-content\/uploads\/2020\/04\/jardin_sara_faisal19-150x150.jpg\" class=\"attachment-thumbnail size-thumbnail\" alt=\"\" aria-describedby=\"gallery-1-54700\" \/><\/a>\n\t\t\t<\/div>\n\t\t\t\t<figcaption class='wp-caption-text gallery-caption' id='gallery-1-54700'>\n\t\t\t\tJard\u00edn N\u00ba 1207 Dra. Sara Faisal \/ Estudio VIC (\u00a9 Ramiro Sosa)\n\t\t\t\t<\/figcaption><\/figure><figure class='gallery-item'>\n\t\t\t<div class='gallery-icon landscape'>\n\t\t\t\t<a href='https:\/\/www.arquimaster.com.ar\/web\/wp-content\/uploads\/2020\/04\/jardin_sara_faisal20.jpg' title=\"Jard\u00edn N\u00ba 1207 Dra. Sara Faisal \/ Estudio VIC (\u00a9 Ramiro Sosa)\" data-rl_title=\"Jard\u00edn N\u00ba 1207 Dra. Sara Faisal \/ Estudio VIC (\u00a9 Ramiro Sosa)\" class=\"rl-gallery-link\" data-rl_caption=\"Jard\u00edn N\u00ba 1207 Dra. Sara Faisal \/ Estudio VIC (\u00a9 Ramiro Sosa)\" data-rel=\"lightbox-gallery-1\"><img loading=\"lazy\" decoding=\"async\" width=\"150\" height=\"150\" src=\"https:\/\/www.arquimaster.com.ar\/web\/wp-content\/uploads\/2020\/04\/jardin_sara_faisal20-150x150.jpg\" class=\"attachment-thumbnail size-thumbnail\" alt=\"\" aria-describedby=\"gallery-1-54701\" \/><\/a>\n\t\t\t<\/div>\n\t\t\t\t<figcaption class='wp-caption-text gallery-caption' id='gallery-1-54701'>\n\t\t\t\tJard\u00edn N\u00ba 1207 Dra. Sara Faisal \/ Estudio VIC (\u00a9 Ramiro Sosa)\n\t\t\t\t<\/figcaption><\/figure><figure class='gallery-item'>\n\t\t\t<div class='gallery-icon landscape'>\n\t\t\t\t<a href='https:\/\/www.arquimaster.com.ar\/web\/wp-content\/uploads\/2020\/04\/jardin_sara_faisal21.jpg' title=\"Jard\u00edn N\u00ba 1207 Dra. Sara Faisal \/ Estudio VIC (\u00a9 Ramiro Sosa)\" data-rl_title=\"Jard\u00edn N\u00ba 1207 Dra. Sara Faisal \/ Estudio VIC (\u00a9 Ramiro Sosa)\" class=\"rl-gallery-link\" data-rl_caption=\"Jard\u00edn N\u00ba 1207 Dra. Sara Faisal \/ Estudio VIC (\u00a9 Ramiro Sosa)\" data-rel=\"lightbox-gallery-1\"><img loading=\"lazy\" decoding=\"async\" width=\"150\" height=\"150\" src=\"https:\/\/www.arquimaster.com.ar\/web\/wp-content\/uploads\/2020\/04\/jardin_sara_faisal21-150x150.jpg\" class=\"attachment-thumbnail size-thumbnail\" alt=\"\" aria-describedby=\"gallery-1-54702\" \/><\/a>\n\t\t\t<\/div>\n\t\t\t\t<figcaption class='wp-caption-text gallery-caption' id='gallery-1-54702'>\n\t\t\t\tJard\u00edn N\u00ba 1207 Dra. Sara Faisal \/ Estudio VIC (\u00a9 Ramiro Sosa)\n\t\t\t\t<\/figcaption><\/figure><figure class='gallery-item'>\n\t\t\t<div class='gallery-icon landscape'>\n\t\t\t\t<a href='https:\/\/www.arquimaster.com.ar\/web\/wp-content\/uploads\/2020\/04\/jardin_sara_faisal22.jpg' title=\"Jard\u00edn N\u00ba 1207 Dra. Sara Faisal \/ Estudio VIC (\u00a9 Ramiro Sosa)\" data-rl_title=\"Jard\u00edn N\u00ba 1207 Dra. Sara Faisal \/ Estudio VIC (\u00a9 Ramiro Sosa)\" class=\"rl-gallery-link\" data-rl_caption=\"Jard\u00edn N\u00ba 1207 Dra. Sara Faisal \/ Estudio VIC (\u00a9 Ramiro Sosa)\" data-rel=\"lightbox-gallery-1\"><img loading=\"lazy\" decoding=\"async\" width=\"150\" height=\"150\" src=\"https:\/\/www.arquimaster.com.ar\/web\/wp-content\/uploads\/2020\/04\/jardin_sara_faisal22-150x150.jpg\" class=\"attachment-thumbnail size-thumbnail\" alt=\"\" aria-describedby=\"gallery-1-54703\" \/><\/a>\n\t\t\t<\/div>\n\t\t\t\t<figcaption class='wp-caption-text gallery-caption' id='gallery-1-54703'>\n\t\t\t\tJard\u00edn N\u00ba 1207 Dra. Sara Faisal \/ Estudio VIC (\u00a9 Ramiro Sosa)\n\t\t\t\t<\/figcaption><\/figure><figure class='gallery-item'>\n\t\t\t<div class='gallery-icon landscape'>\n\t\t\t\t<a href='https:\/\/www.arquimaster.com.ar\/web\/wp-content\/uploads\/2020\/04\/jardin_sara_faisal23.jpg' title=\"Jard\u00edn N\u00ba 1207 Dra. Sara Faisal \/ Estudio VIC (\u00a9 Ramiro Sosa)\" data-rl_title=\"Jard\u00edn N\u00ba 1207 Dra. Sara Faisal \/ Estudio VIC (\u00a9 Ramiro Sosa)\" class=\"rl-gallery-link\" data-rl_caption=\"Jard\u00edn N\u00ba 1207 Dra. Sara Faisal \/ Estudio VIC (\u00a9 Ramiro Sosa)\" data-rel=\"lightbox-gallery-1\"><img loading=\"lazy\" decoding=\"async\" width=\"150\" height=\"150\" src=\"https:\/\/www.arquimaster.com.ar\/web\/wp-content\/uploads\/2020\/04\/jardin_sara_faisal23-150x150.jpg\" class=\"attachment-thumbnail size-thumbnail\" alt=\"\" aria-describedby=\"gallery-1-54704\" \/><\/a>\n\t\t\t<\/div>\n\t\t\t\t<figcaption class='wp-caption-text gallery-caption' id='gallery-1-54704'>\n\t\t\t\tJard\u00edn N\u00ba 1207 Dra. Sara Faisal \/ Estudio VIC (\u00a9 Ramiro Sosa)\n\t\t\t\t<\/figcaption><\/figure><figure class='gallery-item'>\n\t\t\t<div class='gallery-icon portrait'>\n\t\t\t\t<a href='https:\/\/www.arquimaster.com.ar\/web\/wp-content\/uploads\/2020\/04\/jardin_sara_faisal24.jpg' title=\"Jard\u00edn N\u00ba 1207 Dra. Sara Faisal \/ Estudio VIC (\u00a9 Ramiro Sosa)\" data-rl_title=\"Jard\u00edn N\u00ba 1207 Dra. Sara Faisal \/ Estudio VIC (\u00a9 Ramiro Sosa)\" class=\"rl-gallery-link\" data-rl_caption=\"Jard\u00edn N\u00ba 1207 Dra. Sara Faisal \/ Estudio VIC (\u00a9 Ramiro Sosa)\" data-rel=\"lightbox-gallery-1\"><img loading=\"lazy\" decoding=\"async\" width=\"150\" height=\"150\" src=\"https:\/\/www.arquimaster.com.ar\/web\/wp-content\/uploads\/2020\/04\/jardin_sara_faisal24-150x150.jpg\" class=\"attachment-thumbnail size-thumbnail\" alt=\"\" aria-describedby=\"gallery-1-54705\" \/><\/a>\n\t\t\t<\/div>\n\t\t\t\t<figcaption class='wp-caption-text gallery-caption' id='gallery-1-54705'>\n\t\t\t\tJard\u00edn N\u00ba 1207 Dra. Sara Faisal \/ Estudio VIC (\u00a9 Ramiro Sosa)\n\t\t\t\t<\/figcaption><\/figure><figure class='gallery-item'>\n\t\t\t<div class='gallery-icon portrait'>\n\t\t\t\t<a href='https:\/\/www.arquimaster.com.ar\/web\/wp-content\/uploads\/2020\/04\/jardin_sara_faisal25.jpg' title=\"Jard\u00edn N\u00ba 1207 Dra. Sara Faisal \/ Estudio VIC (\u00a9 Ramiro Sosa)\" data-rl_title=\"Jard\u00edn N\u00ba 1207 Dra. Sara Faisal \/ Estudio VIC (\u00a9 Ramiro Sosa)\" class=\"rl-gallery-link\" data-rl_caption=\"Jard\u00edn N\u00ba 1207 Dra. Sara Faisal \/ Estudio VIC (\u00a9 Ramiro Sosa)\" data-rel=\"lightbox-gallery-1\"><img loading=\"lazy\" decoding=\"async\" width=\"150\" height=\"150\" src=\"https:\/\/www.arquimaster.com.ar\/web\/wp-content\/uploads\/2020\/04\/jardin_sara_faisal25-150x150.jpg\" class=\"attachment-thumbnail size-thumbnail\" alt=\"\" aria-describedby=\"gallery-1-54706\" \/><\/a>\n\t\t\t<\/div>\n\t\t\t\t<figcaption class='wp-caption-text gallery-caption' id='gallery-1-54706'>\n\t\t\t\tJard\u00edn N\u00ba 1207 Dra. Sara Faisal \/ Estudio VIC (\u00a9 Ramiro Sosa)\n\t\t\t\t<\/figcaption><\/figure><figure class='gallery-item'>\n\t\t\t<div class='gallery-icon portrait'>\n\t\t\t\t<a href='https:\/\/www.arquimaster.com.ar\/web\/wp-content\/uploads\/2020\/04\/jardin_sara_faisal26.jpg' title=\"Jard\u00edn N\u00ba 1207 Dra. Sara Faisal \/ Estudio VIC (\u00a9 Ramiro Sosa)\" data-rl_title=\"Jard\u00edn N\u00ba 1207 Dra. Sara Faisal \/ Estudio VIC (\u00a9 Ramiro Sosa)\" class=\"rl-gallery-link\" data-rl_caption=\"Jard\u00edn N\u00ba 1207 Dra. Sara Faisal \/ Estudio VIC (\u00a9 Ramiro Sosa)\" data-rel=\"lightbox-gallery-1\"><img loading=\"lazy\" decoding=\"async\" width=\"150\" height=\"150\" src=\"https:\/\/www.arquimaster.com.ar\/web\/wp-content\/uploads\/2020\/04\/jardin_sara_faisal26-150x150.jpg\" class=\"attachment-thumbnail size-thumbnail\" alt=\"\" aria-describedby=\"gallery-1-54707\" \/><\/a>\n\t\t\t<\/div>\n\t\t\t\t<figcaption class='wp-caption-text gallery-caption' id='gallery-1-54707'>\n\t\t\t\tJard\u00edn N\u00ba 1207 Dra. Sara Faisal \/ Estudio VIC (\u00a9 Ramiro Sosa)\n\t\t\t\t<\/figcaption><\/figure><figure class='gallery-item'>\n\t\t\t<div class='gallery-icon portrait'>\n\t\t\t\t<a href='https:\/\/www.arquimaster.com.ar\/web\/wp-content\/uploads\/2020\/04\/jardin_sara_faisal27.jpg' title=\"Jard\u00edn N\u00ba 1207 Dra. Sara Faisal \/ Estudio VIC (\u00a9 Ramiro Sosa)\" data-rl_title=\"Jard\u00edn N\u00ba 1207 Dra. Sara Faisal \/ Estudio VIC (\u00a9 Ramiro Sosa)\" class=\"rl-gallery-link\" data-rl_caption=\"Jard\u00edn N\u00ba 1207 Dra. Sara Faisal \/ Estudio VIC (\u00a9 Ramiro Sosa)\" data-rel=\"lightbox-gallery-1\"><img loading=\"lazy\" decoding=\"async\" width=\"150\" height=\"150\" src=\"https:\/\/www.arquimaster.com.ar\/web\/wp-content\/uploads\/2020\/04\/jardin_sara_faisal27-150x150.jpg\" class=\"attachment-thumbnail size-thumbnail\" alt=\"\" aria-describedby=\"gallery-1-54708\" \/><\/a>\n\t\t\t<\/div>\n\t\t\t\t<figcaption class='wp-caption-text gallery-caption' id='gallery-1-54708'>\n\t\t\t\tJard\u00edn N\u00ba 1207 Dra. Sara Faisal \/ Estudio VIC (\u00a9 Ramiro Sosa)\n\t\t\t\t<\/figcaption><\/figure><figure class='gallery-item'>\n\t\t\t<div class='gallery-icon landscape'>\n\t\t\t\t<a href='https:\/\/www.arquimaster.com.ar\/web\/wp-content\/uploads\/2020\/04\/jardin_sara_faisal28.jpg' title=\"Jard\u00edn N\u00ba 1207 Dra. Sara Faisal \/ Estudio VIC (\u00a9 Ramiro Sosa)\" data-rl_title=\"Jard\u00edn N\u00ba 1207 Dra. Sara Faisal \/ Estudio VIC (\u00a9 Ramiro Sosa)\" class=\"rl-gallery-link\" data-rl_caption=\"Jard\u00edn N\u00ba 1207 Dra. Sara Faisal \/ Estudio VIC (\u00a9 Ramiro Sosa)\" data-rel=\"lightbox-gallery-1\"><img loading=\"lazy\" decoding=\"async\" width=\"150\" height=\"150\" src=\"https:\/\/www.arquimaster.com.ar\/web\/wp-content\/uploads\/2020\/04\/jardin_sara_faisal28-150x150.jpg\" class=\"attachment-thumbnail size-thumbnail\" alt=\"\" aria-describedby=\"gallery-1-54709\" \/><\/a>\n\t\t\t<\/div>\n\t\t\t\t<figcaption class='wp-caption-text gallery-caption' id='gallery-1-54709'>\n\t\t\t\tJard\u00edn N\u00ba 1207 Dra. Sara Faisal \/ Estudio VIC (\u00a9 Ramiro Sosa)\n\t\t\t\t<\/figcaption><\/figure><figure class='gallery-item'>\n\t\t\t<div class='gallery-icon landscape'>\n\t\t\t\t<a href='https:\/\/www.arquimaster.com.ar\/web\/wp-content\/uploads\/2020\/04\/jardin_sara_faisal29.jpg' title=\"Jard\u00edn N\u00ba 1207 Dra. Sara Faisal \/ Estudio VIC (\u00a9 Ramiro Sosa)\" data-rl_title=\"Jard\u00edn N\u00ba 1207 Dra. Sara Faisal \/ Estudio VIC (\u00a9 Ramiro Sosa)\" class=\"rl-gallery-link\" data-rl_caption=\"Jard\u00edn N\u00ba 1207 Dra. Sara Faisal \/ Estudio VIC (\u00a9 Ramiro Sosa)\" data-rel=\"lightbox-gallery-1\"><img loading=\"lazy\" decoding=\"async\" width=\"150\" height=\"150\" src=\"https:\/\/www.arquimaster.com.ar\/web\/wp-content\/uploads\/2020\/04\/jardin_sara_faisal29-150x150.jpg\" class=\"attachment-thumbnail size-thumbnail\" alt=\"\" aria-describedby=\"gallery-1-54710\" \/><\/a>\n\t\t\t<\/div>\n\t\t\t\t<figcaption class='wp-caption-text gallery-caption' id='gallery-1-54710'>\n\t\t\t\tJard\u00edn N\u00ba 1207 Dra. Sara Faisal \/ Estudio VIC (\u00a9 Ramiro Sosa)\n\t\t\t\t<\/figcaption><\/figure><figure class='gallery-item'>\n\t\t\t<div class='gallery-icon portrait'>\n\t\t\t\t<a href='https:\/\/www.arquimaster.com.ar\/web\/wp-content\/uploads\/2020\/04\/jardin_sara_faisal30.jpg' title=\"Jard\u00edn N\u00ba 1207 Dra. Sara Faisal \/ Estudio VIC (\u00a9 Ramiro Sosa)\" data-rl_title=\"Jard\u00edn N\u00ba 1207 Dra. Sara Faisal \/ Estudio VIC (\u00a9 Ramiro Sosa)\" class=\"rl-gallery-link\" data-rl_caption=\"Jard\u00edn N\u00ba 1207 Dra. Sara Faisal \/ Estudio VIC (\u00a9 Ramiro Sosa)\" data-rel=\"lightbox-gallery-1\"><img loading=\"lazy\" decoding=\"async\" width=\"150\" height=\"150\" src=\"https:\/\/www.arquimaster.com.ar\/web\/wp-content\/uploads\/2020\/04\/jardin_sara_faisal30-150x150.jpg\" class=\"attachment-thumbnail size-thumbnail\" alt=\"\" aria-describedby=\"gallery-1-54711\" \/><\/a>\n\t\t\t<\/div>\n\t\t\t\t<figcaption class='wp-caption-text gallery-caption' id='gallery-1-54711'>\n\t\t\t\tJard\u00edn N\u00ba 1207 Dra. Sara Faisal \/ Estudio VIC (\u00a9 Ramiro Sosa)\n\t\t\t\t<\/figcaption><\/figure><figure class='gallery-item'>\n\t\t\t<div class='gallery-icon portrait'>\n\t\t\t\t<a href='https:\/\/www.arquimaster.com.ar\/web\/wp-content\/uploads\/2020\/04\/jardin_sara_faisal31.jpg' title=\"Jard\u00edn N\u00ba 1207 Dra. Sara Faisal \/ Estudio VIC (\u00a9 Ramiro Sosa)\" data-rl_title=\"Jard\u00edn N\u00ba 1207 Dra. Sara Faisal \/ Estudio VIC (\u00a9 Ramiro Sosa)\" class=\"rl-gallery-link\" data-rl_caption=\"Jard\u00edn N\u00ba 1207 Dra. Sara Faisal \/ Estudio VIC (\u00a9 Ramiro Sosa)\" data-rel=\"lightbox-gallery-1\"><img loading=\"lazy\" decoding=\"async\" width=\"150\" height=\"150\" src=\"https:\/\/www.arquimaster.com.ar\/web\/wp-content\/uploads\/2020\/04\/jardin_sara_faisal31-150x150.jpg\" class=\"attachment-thumbnail size-thumbnail\" alt=\"\" aria-describedby=\"gallery-1-54712\" \/><\/a>\n\t\t\t<\/div>\n\t\t\t\t<figcaption class='wp-caption-text gallery-caption' id='gallery-1-54712'>\n\t\t\t\tJard\u00edn N\u00ba 1207 Dra. Sara Faisal \/ Estudio VIC (\u00a9 Ramiro Sosa)\n\t\t\t\t<\/figcaption><\/figure><figure class='gallery-item'>\n\t\t\t<div class='gallery-icon portrait'>\n\t\t\t\t<a href='https:\/\/www.arquimaster.com.ar\/web\/wp-content\/uploads\/2020\/04\/jardin_sara_faisal32.jpg' title=\"Jard\u00edn N\u00ba 1207 Dra. Sara Faisal \/ Estudio VIC (\u00a9 Ramiro Sosa)\" data-rl_title=\"Jard\u00edn N\u00ba 1207 Dra. Sara Faisal \/ Estudio VIC (\u00a9 Ramiro Sosa)\" class=\"rl-gallery-link\" data-rl_caption=\"Jard\u00edn N\u00ba 1207 Dra. Sara Faisal \/ Estudio VIC (\u00a9 Ramiro Sosa)\" data-rel=\"lightbox-gallery-1\"><img loading=\"lazy\" decoding=\"async\" width=\"150\" height=\"150\" src=\"https:\/\/www.arquimaster.com.ar\/web\/wp-content\/uploads\/2020\/04\/jardin_sara_faisal32-150x150.jpg\" class=\"attachment-thumbnail size-thumbnail\" alt=\"\" aria-describedby=\"gallery-1-54713\" \/><\/a>\n\t\t\t<\/div>\n\t\t\t\t<figcaption class='wp-caption-text gallery-caption' id='gallery-1-54713'>\n\t\t\t\tJard\u00edn N\u00ba 1207 Dra. Sara Faisal \/ Estudio VIC (\u00a9 Ramiro Sosa)\n\t\t\t\t<\/figcaption><\/figure><figure class='gallery-item'>\n\t\t\t<div class='gallery-icon portrait'>\n\t\t\t\t<a href='https:\/\/www.arquimaster.com.ar\/web\/wp-content\/uploads\/2020\/04\/jardin_sara_faisal33.jpg' title=\"Jard\u00edn N\u00ba 1207 Dra. Sara Faisal \/ Estudio VIC (\u00a9 Ramiro Sosa)\" data-rl_title=\"Jard\u00edn N\u00ba 1207 Dra. Sara Faisal \/ Estudio VIC (\u00a9 Ramiro Sosa)\" class=\"rl-gallery-link\" data-rl_caption=\"Jard\u00edn N\u00ba 1207 Dra. Sara Faisal \/ Estudio VIC (\u00a9 Ramiro Sosa)\" data-rel=\"lightbox-gallery-1\"><img loading=\"lazy\" decoding=\"async\" width=\"150\" height=\"150\" src=\"https:\/\/www.arquimaster.com.ar\/web\/wp-content\/uploads\/2020\/04\/jardin_sara_faisal33-150x150.jpg\" class=\"attachment-thumbnail size-thumbnail\" alt=\"\" aria-describedby=\"gallery-1-54714\" \/><\/a>\n\t\t\t<\/div>\n\t\t\t\t<figcaption class='wp-caption-text gallery-caption' id='gallery-1-54714'>\n\t\t\t\tJard\u00edn N\u00ba 1207 Dra. Sara Faisal \/ Estudio VIC (\u00a9 Ramiro Sosa)\n\t\t\t\t<\/figcaption><\/figure><figure class='gallery-item'>\n\t\t\t<div class='gallery-icon landscape'>\n\t\t\t\t<a href='https:\/\/www.arquimaster.com.ar\/web\/wp-content\/uploads\/2020\/04\/jardin_sara_faisal34.jpg' title=\"Jard\u00edn N\u00ba 1207 Dra. Sara Faisal \/ Estudio VIC (\u00a9 Ramiro Sosa)\" data-rl_title=\"Jard\u00edn N\u00ba 1207 Dra. Sara Faisal \/ Estudio VIC (\u00a9 Ramiro Sosa)\" class=\"rl-gallery-link\" data-rl_caption=\"Jard\u00edn N\u00ba 1207 Dra. Sara Faisal \/ Estudio VIC (\u00a9 Ramiro Sosa)\" data-rel=\"lightbox-gallery-1\"><img loading=\"lazy\" decoding=\"async\" width=\"150\" height=\"150\" src=\"https:\/\/www.arquimaster.com.ar\/web\/wp-content\/uploads\/2020\/04\/jardin_sara_faisal34-150x150.jpg\" class=\"attachment-thumbnail size-thumbnail\" alt=\"\" aria-describedby=\"gallery-1-54715\" \/><\/a>\n\t\t\t<\/div>\n\t\t\t\t<figcaption class='wp-caption-text gallery-caption' id='gallery-1-54715'>\n\t\t\t\tJard\u00edn N\u00ba 1207 Dra. Sara Faisal \/ Estudio VIC (\u00a9 Ramiro Sosa)\n\t\t\t\t<\/figcaption><\/figure><figure class='gallery-item'>\n\t\t\t<div class='gallery-icon landscape'>\n\t\t\t\t<a href='https:\/\/www.arquimaster.com.ar\/web\/wp-content\/uploads\/2020\/04\/jardin_sara_faisal35.jpg' title=\"Jard\u00edn N\u00ba 1207 Dra. Sara Faisal \/ Estudio VIC (\u00a9 Ramiro Sosa)\" data-rl_title=\"Jard\u00edn N\u00ba 1207 Dra. Sara Faisal \/ Estudio VIC (\u00a9 Ramiro Sosa)\" class=\"rl-gallery-link\" data-rl_caption=\"Jard\u00edn N\u00ba 1207 Dra. Sara Faisal \/ Estudio VIC (\u00a9 Ramiro Sosa)\" data-rel=\"lightbox-gallery-1\"><img loading=\"lazy\" decoding=\"async\" width=\"150\" height=\"150\" src=\"https:\/\/www.arquimaster.com.ar\/web\/wp-content\/uploads\/2020\/04\/jardin_sara_faisal35-150x150.jpg\" class=\"attachment-thumbnail size-thumbnail\" alt=\"\" aria-describedby=\"gallery-1-54716\" \/><\/a>\n\t\t\t<\/div>\n\t\t\t\t<figcaption class='wp-caption-text gallery-caption' id='gallery-1-54716'>\n\t\t\t\tJard\u00edn N\u00ba 1207 Dra. Sara Faisal \/ Estudio VIC (\u00a9 Ramiro Sosa)\n\t\t\t\t<\/figcaption><\/figure><figure class='gallery-item'>\n\t\t\t<div class='gallery-icon landscape'>\n\t\t\t\t<a href='https:\/\/www.arquimaster.com.ar\/web\/wp-content\/uploads\/2020\/04\/jardin_sara_faisal36.jpg' title=\"Jard\u00edn N\u00ba 1207 Dra. Sara Faisal \/ Estudio VIC (\u00a9 Ramiro Sosa)\" data-rl_title=\"Jard\u00edn N\u00ba 1207 Dra. Sara Faisal \/ Estudio VIC (\u00a9 Ramiro Sosa)\" class=\"rl-gallery-link\" data-rl_caption=\"Jard\u00edn N\u00ba 1207 Dra. Sara Faisal \/ Estudio VIC (\u00a9 Ramiro Sosa)\" data-rel=\"lightbox-gallery-1\"><img loading=\"lazy\" decoding=\"async\" width=\"150\" height=\"150\" src=\"https:\/\/www.arquimaster.com.ar\/web\/wp-content\/uploads\/2020\/04\/jardin_sara_faisal36-150x150.jpg\" class=\"attachment-thumbnail size-thumbnail\" alt=\"\" aria-describedby=\"gallery-1-54717\" \/><\/a>\n\t\t\t<\/div>\n\t\t\t\t<figcaption class='wp-caption-text gallery-caption' id='gallery-1-54717'>\n\t\t\t\tJard\u00edn N\u00ba 1207 Dra. Sara Faisal \/ Estudio VIC (\u00a9 Ramiro Sosa)\n\t\t\t\t<\/figcaption><\/figure><figure class='gallery-item'>\n\t\t\t<div class='gallery-icon landscape'>\n\t\t\t\t<a href='https:\/\/www.arquimaster.com.ar\/web\/wp-content\/uploads\/2020\/04\/jardin_sara_faisal37.jpg' title=\"Jard\u00edn N\u00ba 1207 Dra. Sara Faisal \/ Estudio VIC (\u00a9 Ramiro Sosa)\" data-rl_title=\"Jard\u00edn N\u00ba 1207 Dra. Sara Faisal \/ Estudio VIC (\u00a9 Ramiro Sosa)\" class=\"rl-gallery-link\" data-rl_caption=\"Jard\u00edn N\u00ba 1207 Dra. Sara Faisal \/ Estudio VIC (\u00a9 Ramiro Sosa)\" data-rel=\"lightbox-gallery-1\"><img loading=\"lazy\" decoding=\"async\" width=\"150\" height=\"150\" src=\"https:\/\/www.arquimaster.com.ar\/web\/wp-content\/uploads\/2020\/04\/jardin_sara_faisal37-150x150.jpg\" class=\"attachment-thumbnail size-thumbnail\" alt=\"\" aria-describedby=\"gallery-1-54718\" \/><\/a>\n\t\t\t<\/div>\n\t\t\t\t<figcaption class='wp-caption-text gallery-caption' id='gallery-1-54718'>\n\t\t\t\tJard\u00edn N\u00ba 1207 Dra. Sara Faisal \/ Estudio VIC (\u00a9 Ramiro Sosa)\n\t\t\t\t<\/figcaption><\/figure><figure class='gallery-item'>\n\t\t\t<div class='gallery-icon landscape'>\n\t\t\t\t<a href='https:\/\/www.arquimaster.com.ar\/web\/wp-content\/uploads\/2020\/04\/jardin_sara_faisal38.jpg' title=\"Jard\u00edn N\u00ba 1207 Dra. Sara Faisal \/ Estudio VIC (\u00a9 Ramiro Sosa)\" data-rl_title=\"Jard\u00edn N\u00ba 1207 Dra. Sara Faisal \/ Estudio VIC (\u00a9 Ramiro Sosa)\" class=\"rl-gallery-link\" data-rl_caption=\"Jard\u00edn N\u00ba 1207 Dra. Sara Faisal \/ Estudio VIC (\u00a9 Ramiro Sosa)\" data-rel=\"lightbox-gallery-1\"><img loading=\"lazy\" decoding=\"async\" width=\"150\" height=\"150\" src=\"https:\/\/www.arquimaster.com.ar\/web\/wp-content\/uploads\/2020\/04\/jardin_sara_faisal38-150x150.jpg\" class=\"attachment-thumbnail size-thumbnail\" alt=\"\" aria-describedby=\"gallery-1-54719\" \/><\/a>\n\t\t\t<\/div>\n\t\t\t\t<figcaption class='wp-caption-text gallery-caption' id='gallery-1-54719'>\n\t\t\t\tJard\u00edn N\u00ba 1207 Dra. Sara Faisal \/ Estudio VIC (\u00a9 Ramiro Sosa)\n\t\t\t\t<\/figcaption><\/figure><figure class='gallery-item'>\n\t\t\t<div class='gallery-icon portrait'>\n\t\t\t\t<a href='https:\/\/www.arquimaster.com.ar\/web\/wp-content\/uploads\/2020\/04\/jardin_sara_faisal39.jpg' title=\"Jard\u00edn N\u00ba 1207 Dra. Sara Faisal \/ Estudio VIC (\u00a9 Ramiro Sosa)\" data-rl_title=\"Jard\u00edn N\u00ba 1207 Dra. Sara Faisal \/ Estudio VIC (\u00a9 Ramiro Sosa)\" class=\"rl-gallery-link\" data-rl_caption=\"Jard\u00edn N\u00ba 1207 Dra. Sara Faisal \/ Estudio VIC (\u00a9 Ramiro Sosa)\" data-rel=\"lightbox-gallery-1\"><img loading=\"lazy\" decoding=\"async\" width=\"150\" height=\"150\" src=\"https:\/\/www.arquimaster.com.ar\/web\/wp-content\/uploads\/2020\/04\/jardin_sara_faisal39-150x150.jpg\" class=\"attachment-thumbnail size-thumbnail\" alt=\"\" aria-describedby=\"gallery-1-54720\" \/><\/a>\n\t\t\t<\/div>\n\t\t\t\t<figcaption class='wp-caption-text gallery-caption' id='gallery-1-54720'>\n\t\t\t\tJard\u00edn N\u00ba 1207 Dra. Sara Faisal \/ Estudio VIC (\u00a9 Ramiro Sosa)\n\t\t\t\t<\/figcaption><\/figure><figure class='gallery-item'>\n\t\t\t<div class='gallery-icon portrait'>\n\t\t\t\t<a href='https:\/\/www.arquimaster.com.ar\/web\/wp-content\/uploads\/2020\/04\/jardin_sara_faisal40.jpg' title=\"Jard\u00edn N\u00ba 1207 Dra. Sara Faisal \/ Estudio VIC (\u00a9 Ramiro Sosa)\" data-rl_title=\"Jard\u00edn N\u00ba 1207 Dra. Sara Faisal \/ Estudio VIC (\u00a9 Ramiro Sosa)\" class=\"rl-gallery-link\" data-rl_caption=\"Jard\u00edn N\u00ba 1207 Dra. Sara Faisal \/ Estudio VIC (\u00a9 Ramiro Sosa)\" data-rel=\"lightbox-gallery-1\"><img loading=\"lazy\" decoding=\"async\" width=\"150\" height=\"150\" src=\"https:\/\/www.arquimaster.com.ar\/web\/wp-content\/uploads\/2020\/04\/jardin_sara_faisal40-150x150.jpg\" class=\"attachment-thumbnail size-thumbnail\" alt=\"\" aria-describedby=\"gallery-1-54721\" \/><\/a>\n\t\t\t<\/div>\n\t\t\t\t<figcaption class='wp-caption-text gallery-caption' id='gallery-1-54721'>\n\t\t\t\tJard\u00edn N\u00ba 1207 Dra. Sara Faisal \/ Estudio VIC (\u00a9 Ramiro Sosa)\n\t\t\t\t<\/figcaption><\/figure><figure class='gallery-item'>\n\t\t\t<div class='gallery-icon landscape'>\n\t\t\t\t<a href='https:\/\/www.arquimaster.com.ar\/web\/wp-content\/uploads\/2020\/04\/jardin_sara_faisal41.jpg' title=\"Jard\u00edn N\u00ba 1207 Dra. Sara Faisal \/ Estudio VIC (\u00a9 Ramiro Sosa)\" data-rl_title=\"Jard\u00edn N\u00ba 1207 Dra. Sara Faisal \/ Estudio VIC (\u00a9 Ramiro Sosa)\" class=\"rl-gallery-link\" data-rl_caption=\"Jard\u00edn N\u00ba 1207 Dra. Sara Faisal \/ Estudio VIC (\u00a9 Ramiro Sosa)\" data-rel=\"lightbox-gallery-1\"><img loading=\"lazy\" decoding=\"async\" width=\"150\" height=\"150\" src=\"https:\/\/www.arquimaster.com.ar\/web\/wp-content\/uploads\/2020\/04\/jardin_sara_faisal41-150x150.jpg\" class=\"attachment-thumbnail size-thumbnail\" alt=\"\" aria-describedby=\"gallery-1-54722\" \/><\/a>\n\t\t\t<\/div>\n\t\t\t\t<figcaption class='wp-caption-text gallery-caption' id='gallery-1-54722'>\n\t\t\t\tJard\u00edn N\u00ba 1207 Dra. Sara Faisal \/ Estudio VIC (\u00a9 Ramiro Sosa)\n\t\t\t\t<\/figcaption><\/figure><figure class='gallery-item'>\n\t\t\t<div class='gallery-icon landscape'>\n\t\t\t\t<a href='https:\/\/www.arquimaster.com.ar\/web\/wp-content\/uploads\/2020\/04\/jardin_sara_faisal42.jpg' title=\"Jard\u00edn N\u00ba 1207 Dra. Sara Faisal \/ Estudio VIC (\u00a9 Ramiro Sosa)\" data-rl_title=\"Jard\u00edn N\u00ba 1207 Dra. Sara Faisal \/ Estudio VIC (\u00a9 Ramiro Sosa)\" class=\"rl-gallery-link\" data-rl_caption=\"Jard\u00edn N\u00ba 1207 Dra. Sara Faisal \/ Estudio VIC (\u00a9 Ramiro Sosa)\" data-rel=\"lightbox-gallery-1\"><img loading=\"lazy\" decoding=\"async\" width=\"150\" height=\"150\" src=\"https:\/\/www.arquimaster.com.ar\/web\/wp-content\/uploads\/2020\/04\/jardin_sara_faisal42-150x150.jpg\" class=\"attachment-thumbnail size-thumbnail\" alt=\"\" aria-describedby=\"gallery-1-54723\" \/><\/a>\n\t\t\t<\/div>\n\t\t\t\t<figcaption class='wp-caption-text gallery-caption' id='gallery-1-54723'>\n\t\t\t\tJard\u00edn N\u00ba 1207 Dra. Sara Faisal \/ Estudio VIC (\u00a9 Ramiro Sosa)\n\t\t\t\t<\/figcaption><\/figure><figure class='gallery-item'>\n\t\t\t<div class='gallery-icon landscape'>\n\t\t\t\t<a href='https:\/\/www.arquimaster.com.ar\/web\/wp-content\/uploads\/2020\/04\/jardin_sara_faisal43.jpg' title=\"Jard\u00edn N\u00ba 1207 Dra. Sara Faisal \/ Estudio VIC (\u00a9 Ramiro Sosa)\" data-rl_title=\"Jard\u00edn N\u00ba 1207 Dra. Sara Faisal \/ Estudio VIC (\u00a9 Ramiro Sosa)\" class=\"rl-gallery-link\" data-rl_caption=\"Jard\u00edn N\u00ba 1207 Dra. Sara Faisal \/ Estudio VIC (\u00a9 Ramiro Sosa)\" data-rel=\"lightbox-gallery-1\"><img loading=\"lazy\" decoding=\"async\" width=\"150\" height=\"150\" src=\"https:\/\/www.arquimaster.com.ar\/web\/wp-content\/uploads\/2020\/04\/jardin_sara_faisal43-150x150.jpg\" class=\"attachment-thumbnail size-thumbnail\" alt=\"\" aria-describedby=\"gallery-1-54724\" \/><\/a>\n\t\t\t<\/div>\n\t\t\t\t<figcaption class='wp-caption-text gallery-caption' id='gallery-1-54724'>\n\t\t\t\tJard\u00edn N\u00ba 1207 Dra. Sara Faisal \/ Estudio VIC (\u00a9 Ramiro Sosa)\n\t\t\t\t<\/figcaption><\/figure><figure class='gallery-item'>\n\t\t\t<div class='gallery-icon landscape'>\n\t\t\t\t<a href='https:\/\/www.arquimaster.com.ar\/web\/wp-content\/uploads\/2020\/04\/jardin_sara_faisal44.jpg' title=\"Jard\u00edn N\u00ba 1207 Dra. Sara Faisal \/ Estudio VIC (\u00a9 Ramiro Sosa)\" data-rl_title=\"Jard\u00edn N\u00ba 1207 Dra. Sara Faisal \/ Estudio VIC (\u00a9 Ramiro Sosa)\" class=\"rl-gallery-link\" data-rl_caption=\"Jard\u00edn N\u00ba 1207 Dra. Sara Faisal \/ Estudio VIC (\u00a9 Ramiro Sosa)\" data-rel=\"lightbox-gallery-1\"><img loading=\"lazy\" decoding=\"async\" width=\"150\" height=\"150\" src=\"https:\/\/www.arquimaster.com.ar\/web\/wp-content\/uploads\/2020\/04\/jardin_sara_faisal44-150x150.jpg\" class=\"attachment-thumbnail size-thumbnail\" alt=\"\" aria-describedby=\"gallery-1-54725\" \/><\/a>\n\t\t\t<\/div>\n\t\t\t\t<figcaption class='wp-caption-text gallery-caption' id='gallery-1-54725'>\n\t\t\t\tJard\u00edn N\u00ba 1207 Dra. Sara Faisal \/ Estudio VIC (\u00a9 Ramiro Sosa)\n\t\t\t\t<\/figcaption><\/figure><figure class='gallery-item'>\n\t\t\t<div class='gallery-icon landscape'>\n\t\t\t\t<a href='https:\/\/www.arquimaster.com.ar\/web\/wp-content\/uploads\/2020\/04\/jardin_sara_faisal45.jpg' title=\"Jard\u00edn N\u00ba 1207 Dra. Sara Faisal \/ Estudio VIC (\u00a9 Ramiro Sosa)\" data-rl_title=\"Jard\u00edn N\u00ba 1207 Dra. Sara Faisal \/ Estudio VIC (\u00a9 Ramiro Sosa)\" class=\"rl-gallery-link\" data-rl_caption=\"Jard\u00edn N\u00ba 1207 Dra. Sara Faisal \/ Estudio VIC (\u00a9 Ramiro Sosa)\" data-rel=\"lightbox-gallery-1\"><img loading=\"lazy\" decoding=\"async\" width=\"150\" height=\"150\" src=\"https:\/\/www.arquimaster.com.ar\/web\/wp-content\/uploads\/2020\/04\/jardin_sara_faisal45-150x150.jpg\" class=\"attachment-thumbnail size-thumbnail\" alt=\"\" aria-describedby=\"gallery-1-54726\" \/><\/a>\n\t\t\t<\/div>\n\t\t\t\t<figcaption class='wp-caption-text gallery-caption' id='gallery-1-54726'>\n\t\t\t\tJard\u00edn N\u00ba 1207 Dra. Sara Faisal \/ Estudio VIC (\u00a9 Ramiro Sosa)\n\t\t\t\t<\/figcaption><\/figure><figure class='gallery-item'>\n\t\t\t<div class='gallery-icon portrait'>\n\t\t\t\t<a href='https:\/\/www.arquimaster.com.ar\/web\/wp-content\/uploads\/2020\/04\/jardin_sara_faisal46.jpg' title=\"Jard\u00edn N\u00ba 1207 Dra. Sara Faisal \/ Estudio VIC (\u00a9 Ramiro Sosa)\" data-rl_title=\"Jard\u00edn N\u00ba 1207 Dra. Sara Faisal \/ Estudio VIC (\u00a9 Ramiro Sosa)\" class=\"rl-gallery-link\" data-rl_caption=\"Jard\u00edn N\u00ba 1207 Dra. Sara Faisal \/ Estudio VIC (\u00a9 Ramiro Sosa)\" data-rel=\"lightbox-gallery-1\"><img loading=\"lazy\" decoding=\"async\" width=\"150\" height=\"150\" src=\"https:\/\/www.arquimaster.com.ar\/web\/wp-content\/uploads\/2020\/04\/jardin_sara_faisal46-150x150.jpg\" class=\"attachment-thumbnail size-thumbnail\" alt=\"\" aria-describedby=\"gallery-1-54727\" \/><\/a>\n\t\t\t<\/div>\n\t\t\t\t<figcaption class='wp-caption-text gallery-caption' id='gallery-1-54727'>\n\t\t\t\tJard\u00edn N\u00ba 1207 Dra. Sara Faisal \/ Estudio VIC (\u00a9 Ramiro Sosa)\n\t\t\t\t<\/figcaption><\/figure><figure class='gallery-item'>\n\t\t\t<div class='gallery-icon landscape'>\n\t\t\t\t<a href='https:\/\/www.arquimaster.com.ar\/web\/wp-content\/uploads\/2020\/04\/jardin_sara_faisal47.jpg' title=\"Jard\u00edn N\u00ba 1207 Dra. Sara Faisal \/ Estudio VIC (\u00a9 Ramiro Sosa)\" data-rl_title=\"Jard\u00edn N\u00ba 1207 Dra. Sara Faisal \/ Estudio VIC (\u00a9 Ramiro Sosa)\" class=\"rl-gallery-link\" data-rl_caption=\"Jard\u00edn N\u00ba 1207 Dra. Sara Faisal \/ Estudio VIC (\u00a9 Ramiro Sosa)\" data-rel=\"lightbox-gallery-1\"><img loading=\"lazy\" decoding=\"async\" width=\"150\" height=\"150\" src=\"https:\/\/www.arquimaster.com.ar\/web\/wp-content\/uploads\/2020\/04\/jardin_sara_faisal47-150x150.jpg\" class=\"attachment-thumbnail size-thumbnail\" alt=\"\" aria-describedby=\"gallery-1-54728\" \/><\/a>\n\t\t\t<\/div>\n\t\t\t\t<figcaption class='wp-caption-text gallery-caption' id='gallery-1-54728'>\n\t\t\t\tJard\u00edn N\u00ba 1207 Dra. Sara Faisal \/ Estudio VIC (\u00a9 Ramiro Sosa)\n\t\t\t\t<\/figcaption><\/figure><figure class='gallery-item'>\n\t\t\t<div class='gallery-icon portrait'>\n\t\t\t\t<a href='https:\/\/www.arquimaster.com.ar\/web\/wp-content\/uploads\/2020\/04\/jardin_sara_faisal48.jpg' title=\"Jard\u00edn N\u00ba 1207 Dra. Sara Faisal \/ Estudio VIC (\u00a9 Ramiro Sosa)\" data-rl_title=\"Jard\u00edn N\u00ba 1207 Dra. Sara Faisal \/ Estudio VIC (\u00a9 Ramiro Sosa)\" class=\"rl-gallery-link\" data-rl_caption=\"Jard\u00edn N\u00ba 1207 Dra. Sara Faisal \/ Estudio VIC (\u00a9 Ramiro Sosa)\" data-rel=\"lightbox-gallery-1\"><img loading=\"lazy\" decoding=\"async\" width=\"150\" height=\"150\" src=\"https:\/\/www.arquimaster.com.ar\/web\/wp-content\/uploads\/2020\/04\/jardin_sara_faisal48-150x150.jpg\" class=\"attachment-thumbnail size-thumbnail\" alt=\"\" aria-describedby=\"gallery-1-54729\" \/><\/a>\n\t\t\t<\/div>\n\t\t\t\t<figcaption class='wp-caption-text gallery-caption' id='gallery-1-54729'>\n\t\t\t\tJard\u00edn N\u00ba 1207 Dra. Sara Faisal \/ Estudio VIC (\u00a9 Ramiro Sosa)\n\t\t\t\t<\/figcaption><\/figure><figure class='gallery-item'>\n\t\t\t<div class='gallery-icon portrait'>\n\t\t\t\t<a href='https:\/\/www.arquimaster.com.ar\/web\/wp-content\/uploads\/2020\/04\/jardin_sara_faisal49.jpg' title=\"Jard\u00edn N\u00ba 1207 Dra. Sara Faisal \/ Estudio VIC (\u00a9 Ramiro Sosa)\" data-rl_title=\"Jard\u00edn N\u00ba 1207 Dra. Sara Faisal \/ Estudio VIC (\u00a9 Ramiro Sosa)\" class=\"rl-gallery-link\" data-rl_caption=\"Jard\u00edn N\u00ba 1207 Dra. Sara Faisal \/ Estudio VIC (\u00a9 Ramiro Sosa)\" data-rel=\"lightbox-gallery-1\"><img loading=\"lazy\" decoding=\"async\" width=\"150\" height=\"150\" src=\"https:\/\/www.arquimaster.com.ar\/web\/wp-content\/uploads\/2020\/04\/jardin_sara_faisal49-150x150.jpg\" class=\"attachment-thumbnail size-thumbnail\" alt=\"\" aria-describedby=\"gallery-1-54730\" \/><\/a>\n\t\t\t<\/div>\n\t\t\t\t<figcaption class='wp-caption-text gallery-caption' id='gallery-1-54730'>\n\t\t\t\tJard\u00edn N\u00ba 1207 Dra. Sara Faisal \/ Estudio VIC (\u00a9 Ramiro Sosa)\n\t\t\t\t<\/figcaption><\/figure><figure class='gallery-item'>\n\t\t\t<div class='gallery-icon landscape'>\n\t\t\t\t<a href='https:\/\/www.arquimaster.com.ar\/web\/wp-content\/uploads\/2020\/04\/jardin_sara_faisal50.jpg' title=\"Jard\u00edn N\u00ba 1207 Dra. Sara Faisal \/ Estudio VIC (\u00a9 Ramiro Sosa)\" data-rl_title=\"Jard\u00edn N\u00ba 1207 Dra. Sara Faisal \/ Estudio VIC (\u00a9 Ramiro Sosa)\" class=\"rl-gallery-link\" data-rl_caption=\"Jard\u00edn N\u00ba 1207 Dra. Sara Faisal \/ Estudio VIC (\u00a9 Ramiro Sosa)\" data-rel=\"lightbox-gallery-1\"><img loading=\"lazy\" decoding=\"async\" width=\"150\" height=\"150\" src=\"https:\/\/www.arquimaster.com.ar\/web\/wp-content\/uploads\/2020\/04\/jardin_sara_faisal50-150x150.jpg\" class=\"attachment-thumbnail size-thumbnail\" alt=\"\" aria-describedby=\"gallery-1-54731\" \/><\/a>\n\t\t\t<\/div>\n\t\t\t\t<figcaption class='wp-caption-text gallery-caption' id='gallery-1-54731'>\n\t\t\t\tJard\u00edn N\u00ba 1207 Dra. Sara Faisal \/ Estudio VIC (\u00a9 Ramiro Sosa)\n\t\t\t\t<\/figcaption><\/figure><figure class='gallery-item'>\n\t\t\t<div class='gallery-icon portrait'>\n\t\t\t\t<a href='https:\/\/www.arquimaster.com.ar\/web\/wp-content\/uploads\/2020\/04\/jardin_sara_faisal51.jpg' title=\"Jard\u00edn N\u00ba 1207 Dra. Sara Faisal \/ Estudio VIC (antes y despu\u00e9s) (\u00a9 Ramiro Sosa)\" data-rl_title=\"Jard\u00edn N\u00ba 1207 Dra. Sara Faisal \/ Estudio VIC (antes y despu\u00e9s) (\u00a9 Ramiro Sosa)\" class=\"rl-gallery-link\" data-rl_caption=\"Jard\u00edn N\u00ba 1207 Dra. Sara Faisal \/ Estudio VIC (antes y despu\u00e9s) (\u00a9 Ramiro Sosa)\" data-rel=\"lightbox-gallery-1\"><img loading=\"lazy\" decoding=\"async\" width=\"150\" height=\"150\" src=\"https:\/\/www.arquimaster.com.ar\/web\/wp-content\/uploads\/2020\/04\/jardin_sara_faisal51-150x150.jpg\" class=\"attachment-thumbnail size-thumbnail\" alt=\"\" aria-describedby=\"gallery-1-54732\" \/><\/a>\n\t\t\t<\/div>\n\t\t\t\t<figcaption class='wp-caption-text gallery-caption' id='gallery-1-54732'>\n\t\t\t\tJard\u00edn N\u00ba 1207 Dra. Sara Faisal \/ Estudio VIC (antes y despu\u00e9s) (\u00a9 Ramiro Sosa)\n\t\t\t\t<\/figcaption><\/figure><figure class='gallery-item'>\n\t\t\t<div class='gallery-icon landscape'>\n\t\t\t\t<a href='https:\/\/www.arquimaster.com.ar\/web\/wp-content\/uploads\/2020\/04\/jardin_sara_faisal52.jpg' title=\"Jard\u00edn N\u00ba 1207 Dra. Sara Faisal \/ Estudio VIC (antes y despu\u00e9s) (\u00a9 Ramiro Sosa)\" data-rl_title=\"Jard\u00edn N\u00ba 1207 Dra. Sara Faisal \/ Estudio VIC (antes y despu\u00e9s) (\u00a9 Ramiro Sosa)\" class=\"rl-gallery-link\" data-rl_caption=\"Jard\u00edn N\u00ba 1207 Dra. Sara Faisal \/ Estudio VIC (antes y despu\u00e9s) (\u00a9 Ramiro Sosa)\" data-rel=\"lightbox-gallery-1\"><img loading=\"lazy\" decoding=\"async\" width=\"150\" height=\"150\" src=\"https:\/\/www.arquimaster.com.ar\/web\/wp-content\/uploads\/2020\/04\/jardin_sara_faisal52-150x150.jpg\" class=\"attachment-thumbnail size-thumbnail\" alt=\"\" aria-describedby=\"gallery-1-54733\" \/><\/a>\n\t\t\t<\/div>\n\t\t\t\t<figcaption class='wp-caption-text gallery-caption' id='gallery-1-54733'>\n\t\t\t\tJard\u00edn N\u00ba 1207 Dra. Sara Faisal \/ Estudio VIC (antes y despu\u00e9s) (\u00a9 Ramiro Sosa)\n\t\t\t\t<\/figcaption><\/figure><figure class='gallery-item'>\n\t\t\t<div class='gallery-icon landscape'>\n\t\t\t\t<a href='https:\/\/www.arquimaster.com.ar\/web\/wp-content\/uploads\/2020\/04\/jardin_sara_faisal53.jpg' title=\"Jard\u00edn N\u00ba 1207 Dra. Sara Faisal \/ Estudio VIC (antes y despu\u00e9s) (\u00a9 Ramiro Sosa)\" data-rl_title=\"Jard\u00edn N\u00ba 1207 Dra. Sara Faisal \/ Estudio VIC (antes y despu\u00e9s) (\u00a9 Ramiro Sosa)\" class=\"rl-gallery-link\" data-rl_caption=\"Jard\u00edn N\u00ba 1207 Dra. Sara Faisal \/ Estudio VIC (antes y despu\u00e9s) (\u00a9 Ramiro Sosa)\" data-rel=\"lightbox-gallery-1\"><img loading=\"lazy\" decoding=\"async\" width=\"150\" height=\"150\" src=\"https:\/\/www.arquimaster.com.ar\/web\/wp-content\/uploads\/2020\/04\/jardin_sara_faisal53-150x150.jpg\" class=\"attachment-thumbnail size-thumbnail\" alt=\"\" aria-describedby=\"gallery-1-54734\" \/><\/a>\n\t\t\t<\/div>\n\t\t\t\t<figcaption class='wp-caption-text gallery-caption' id='gallery-1-54734'>\n\t\t\t\tJard\u00edn N\u00ba 1207 Dra. Sara Faisal \/ Estudio VIC (antes y despu\u00e9s) (\u00a9 Ramiro Sosa)\n\t\t\t\t<\/figcaption><\/figure><figure class='gallery-item'>\n\t\t\t<div class='gallery-icon landscape'>\n\t\t\t\t<a href='https:\/\/www.arquimaster.com.ar\/web\/wp-content\/uploads\/2020\/04\/jardin_sara_faisal54.jpg' title=\"Jard\u00edn N\u00ba 1207 Dra. Sara Faisal \/ Estudio VIC (antes y despu\u00e9s) (\u00a9 Ramiro Sosa)\" data-rl_title=\"Jard\u00edn N\u00ba 1207 Dra. Sara Faisal \/ Estudio VIC (antes y despu\u00e9s) (\u00a9 Ramiro Sosa)\" class=\"rl-gallery-link\" data-rl_caption=\"Jard\u00edn N\u00ba 1207 Dra. Sara Faisal \/ Estudio VIC (antes y despu\u00e9s) (\u00a9 Ramiro Sosa)\" data-rel=\"lightbox-gallery-1\"><img loading=\"lazy\" decoding=\"async\" width=\"150\" height=\"150\" src=\"https:\/\/www.arquimaster.com.ar\/web\/wp-content\/uploads\/2020\/04\/jardin_sara_faisal54-150x150.jpg\" class=\"attachment-thumbnail size-thumbnail\" alt=\"\" aria-describedby=\"gallery-1-54735\" \/><\/a>\n\t\t\t<\/div>\n\t\t\t\t<figcaption class='wp-caption-text gallery-caption' id='gallery-1-54735'>\n\t\t\t\tJard\u00edn N\u00ba 1207 Dra. Sara Faisal \/ Estudio VIC (antes y despu\u00e9s) (\u00a9 Ramiro Sosa)\n\t\t\t\t<\/figcaption><\/figure><figure class='gallery-item'>\n\t\t\t<div class='gallery-icon portrait'>\n\t\t\t\t<a href='https:\/\/www.arquimaster.com.ar\/web\/wp-content\/uploads\/2020\/04\/jardin_sara_faisal55.jpg' title=\"Jard\u00edn N\u00ba 1207 Dra. Sara Faisal \/ Estudio VIC (antes y despu\u00e9s) (\u00a9 Ramiro Sosa)\" data-rl_title=\"Jard\u00edn N\u00ba 1207 Dra. Sara Faisal \/ Estudio VIC (antes y despu\u00e9s) (\u00a9 Ramiro Sosa)\" class=\"rl-gallery-link\" data-rl_caption=\"Jard\u00edn N\u00ba 1207 Dra. Sara Faisal \/ Estudio VIC (antes y despu\u00e9s) (\u00a9 Ramiro Sosa)\" data-rel=\"lightbox-gallery-1\"><img loading=\"lazy\" decoding=\"async\" width=\"150\" height=\"150\" src=\"https:\/\/www.arquimaster.com.ar\/web\/wp-content\/uploads\/2020\/04\/jardin_sara_faisal55-150x150.jpg\" class=\"attachment-thumbnail size-thumbnail\" alt=\"\" aria-describedby=\"gallery-1-54736\" \/><\/a>\n\t\t\t<\/div>\n\t\t\t\t<figcaption class='wp-caption-text gallery-caption' id='gallery-1-54736'>\n\t\t\t\tJard\u00edn N\u00ba 1207 Dra. Sara Faisal \/ Estudio VIC (antes y despu\u00e9s) (\u00a9 Ramiro Sosa)\n\t\t\t\t<\/figcaption><\/figure><figure class='gallery-item'>\n\t\t\t<div class='gallery-icon landscape'>\n\t\t\t\t<a href='https:\/\/www.arquimaster.com.ar\/web\/wp-content\/uploads\/2020\/04\/jardin_sara_faisal56.jpg' title=\"Jard\u00edn N\u00ba 1207 Dra. Sara Faisal \/ Estudio VIC (antes y despu\u00e9s) (\u00a9 Ramiro Sosa)\" data-rl_title=\"Jard\u00edn N\u00ba 1207 Dra. Sara Faisal \/ Estudio VIC (antes y despu\u00e9s) (\u00a9 Ramiro Sosa)\" class=\"rl-gallery-link\" data-rl_caption=\"Jard\u00edn N\u00ba 1207 Dra. Sara Faisal \/ Estudio VIC (antes y despu\u00e9s) (\u00a9 Ramiro Sosa)\" data-rel=\"lightbox-gallery-1\"><img loading=\"lazy\" decoding=\"async\" width=\"150\" height=\"150\" src=\"https:\/\/www.arquimaster.com.ar\/web\/wp-content\/uploads\/2020\/04\/jardin_sara_faisal56-150x150.jpg\" class=\"attachment-thumbnail size-thumbnail\" alt=\"\" aria-describedby=\"gallery-1-54737\" \/><\/a>\n\t\t\t<\/div>\n\t\t\t\t<figcaption class='wp-caption-text gallery-caption' id='gallery-1-54737'>\n\t\t\t\tJard\u00edn N\u00ba 1207 Dra. Sara Faisal \/ Estudio VIC (antes y despu\u00e9s) (\u00a9 Ramiro Sosa)\n\t\t\t\t<\/figcaption><\/figure><figure class='gallery-item'>\n\t\t\t<div class='gallery-icon landscape'>\n\t\t\t\t<a href='https:\/\/www.arquimaster.com.ar\/web\/wp-content\/uploads\/2020\/04\/jardin_sara_faisal57.jpg' title=\"Jard\u00edn N\u00ba 1207 Dra. Sara Faisal \/ Estudio VIC (antes y despu\u00e9s) (\u00a9 Ramiro Sosa)\" data-rl_title=\"Jard\u00edn N\u00ba 1207 Dra. Sara Faisal \/ Estudio VIC (antes y despu\u00e9s) (\u00a9 Ramiro Sosa)\" class=\"rl-gallery-link\" data-rl_caption=\"Jard\u00edn N\u00ba 1207 Dra. Sara Faisal \/ Estudio VIC (antes y despu\u00e9s) (\u00a9 Ramiro Sosa)\" data-rel=\"lightbox-gallery-1\"><img loading=\"lazy\" decoding=\"async\" width=\"150\" height=\"150\" src=\"https:\/\/www.arquimaster.com.ar\/web\/wp-content\/uploads\/2020\/04\/jardin_sara_faisal57-150x150.jpg\" class=\"attachment-thumbnail size-thumbnail\" alt=\"\" aria-describedby=\"gallery-1-54738\" \/><\/a>\n\t\t\t<\/div>\n\t\t\t\t<figcaption class='wp-caption-text gallery-caption' id='gallery-1-54738'>\n\t\t\t\tJard\u00edn N\u00ba 1207 Dra. Sara Faisal \/ Estudio VIC (antes y despu\u00e9s) (\u00a9 Ramiro Sosa)\n\t\t\t\t<\/figcaption><\/figure><figure class='gallery-item'>\n\t\t\t<div class='gallery-icon landscape'>\n\t\t\t\t<a href='https:\/\/www.arquimaster.com.ar\/web\/wp-content\/uploads\/2020\/04\/jardin_sara_faisal58.jpg' title=\"Jard\u00edn N\u00ba 1207 Dra. Sara Faisal \/ Estudio VIC (antes y despu\u00e9s) (\u00a9 Ramiro Sosa)\" data-rl_title=\"Jard\u00edn N\u00ba 1207 Dra. Sara Faisal \/ Estudio VIC (antes y despu\u00e9s) (\u00a9 Ramiro Sosa)\" class=\"rl-gallery-link\" data-rl_caption=\"Jard\u00edn N\u00ba 1207 Dra. Sara Faisal \/ Estudio VIC (antes y despu\u00e9s) (\u00a9 Ramiro Sosa)\" data-rel=\"lightbox-gallery-1\"><img loading=\"lazy\" decoding=\"async\" width=\"150\" height=\"150\" src=\"https:\/\/www.arquimaster.com.ar\/web\/wp-content\/uploads\/2020\/04\/jardin_sara_faisal58-150x150.jpg\" class=\"attachment-thumbnail size-thumbnail\" alt=\"\" aria-describedby=\"gallery-1-54739\" \/><\/a>\n\t\t\t<\/div>\n\t\t\t\t<figcaption class='wp-caption-text gallery-caption' id='gallery-1-54739'>\n\t\t\t\tJard\u00edn N\u00ba 1207 Dra. Sara Faisal \/ Estudio VIC (antes y despu\u00e9s) (\u00a9 Ramiro Sosa)\n\t\t\t\t<\/figcaption><\/figure><figure class='gallery-item'>\n\t\t\t<div class='gallery-icon landscape'>\n\t\t\t\t<a href='https:\/\/www.arquimaster.com.ar\/web\/wp-content\/uploads\/2020\/04\/jardin_sara_faisal59.jpg' title=\"Jard\u00edn N\u00ba 1207 Dra. Sara Faisal \/ Estudio VIC (antes y despu\u00e9s) (\u00a9 Ramiro Sosa)\" data-rl_title=\"Jard\u00edn N\u00ba 1207 Dra. Sara Faisal \/ Estudio VIC (antes y despu\u00e9s) (\u00a9 Ramiro Sosa)\" class=\"rl-gallery-link\" data-rl_caption=\"Jard\u00edn N\u00ba 1207 Dra. Sara Faisal \/ Estudio VIC (antes y despu\u00e9s) (\u00a9 Ramiro Sosa)\" data-rel=\"lightbox-gallery-1\"><img loading=\"lazy\" decoding=\"async\" width=\"150\" height=\"150\" src=\"https:\/\/www.arquimaster.com.ar\/web\/wp-content\/uploads\/2020\/04\/jardin_sara_faisal59-150x150.jpg\" class=\"attachment-thumbnail size-thumbnail\" alt=\"\" aria-describedby=\"gallery-1-54740\" \/><\/a>\n\t\t\t<\/div>\n\t\t\t\t<figcaption class='wp-caption-text gallery-caption' id='gallery-1-54740'>\n\t\t\t\tJard\u00edn N\u00ba 1207 Dra. Sara Faisal \/ Estudio VIC (antes y despu\u00e9s) (\u00a9 Ramiro Sosa)\n\t\t\t\t<\/figcaption><\/figure><figure class='gallery-item'>\n\t\t\t<div class='gallery-icon portrait'>\n\t\t\t\t<a href='https:\/\/www.arquimaster.com.ar\/web\/wp-content\/uploads\/2020\/04\/jardin_sara_faisal60.jpg' title=\"Jard\u00edn N\u00ba 1207 Dra. Sara Faisal \/ Estudio VIC (antes y despu\u00e9s) (\u00a9 Ramiro Sosa)\" data-rl_title=\"Jard\u00edn N\u00ba 1207 Dra. Sara Faisal \/ Estudio VIC (antes y despu\u00e9s) (\u00a9 Ramiro Sosa)\" class=\"rl-gallery-link\" data-rl_caption=\"Jard\u00edn N\u00ba 1207 Dra. Sara Faisal \/ Estudio VIC (antes y despu\u00e9s) (\u00a9 Ramiro Sosa)\" data-rel=\"lightbox-gallery-1\"><img loading=\"lazy\" decoding=\"async\" width=\"150\" height=\"150\" src=\"https:\/\/www.arquimaster.com.ar\/web\/wp-content\/uploads\/2020\/04\/jardin_sara_faisal60-150x150.jpg\" class=\"attachment-thumbnail size-thumbnail\" alt=\"\" aria-describedby=\"gallery-1-54741\" \/><\/a>\n\t\t\t<\/div>\n\t\t\t\t<figcaption class='wp-caption-text gallery-caption' id='gallery-1-54741'>\n\t\t\t\tJard\u00edn N\u00ba 1207 Dra. Sara Faisal \/ Estudio VIC (antes y despu\u00e9s) (\u00a9 Ramiro Sosa)\n\t\t\t\t<\/figcaption><\/figure><figure class='gallery-item'>\n\t\t\t<div class='gallery-icon landscape'>\n\t\t\t\t<a href='https:\/\/www.arquimaster.com.ar\/web\/wp-content\/uploads\/2020\/04\/jardin_sara_faisal61.jpg' title=\"Jard\u00edn N\u00ba 1207 Dra. Sara Faisal \/ Estudio VIC (antes y despu\u00e9s) (\u00a9 Ramiro Sosa)\" data-rl_title=\"Jard\u00edn N\u00ba 1207 Dra. Sara Faisal \/ Estudio VIC (antes y despu\u00e9s) (\u00a9 Ramiro Sosa)\" class=\"rl-gallery-link\" data-rl_caption=\"Jard\u00edn N\u00ba 1207 Dra. Sara Faisal \/ Estudio VIC (antes y despu\u00e9s) (\u00a9 Ramiro Sosa)\" data-rel=\"lightbox-gallery-1\"><img loading=\"lazy\" decoding=\"async\" width=\"150\" height=\"150\" src=\"https:\/\/www.arquimaster.com.ar\/web\/wp-content\/uploads\/2020\/04\/jardin_sara_faisal61-150x150.jpg\" class=\"attachment-thumbnail size-thumbnail\" alt=\"\" aria-describedby=\"gallery-1-54742\" \/><\/a>\n\t\t\t<\/div>\n\t\t\t\t<figcaption class='wp-caption-text gallery-caption' id='gallery-1-54742'>\n\t\t\t\tJard\u00edn N\u00ba 1207 Dra. Sara Faisal \/ Estudio VIC (antes y despu\u00e9s) (\u00a9 Ramiro Sosa)\n\t\t\t\t<\/figcaption><\/figure><figure class='gallery-item'>\n\t\t\t<div class='gallery-icon landscape'>\n\t\t\t\t<a href='https:\/\/www.arquimaster.com.ar\/web\/wp-content\/uploads\/2020\/04\/jardin_sara_faisal62.jpg' title=\"Jard\u00edn N\u00ba 1207 Dra. Sara Faisal \/ Estudio VIC (antes y despu\u00e9s) (\u00a9 Ramiro Sosa)\" data-rl_title=\"Jard\u00edn N\u00ba 1207 Dra. Sara Faisal \/ Estudio VIC (antes y despu\u00e9s) (\u00a9 Ramiro Sosa)\" class=\"rl-gallery-link\" data-rl_caption=\"Jard\u00edn N\u00ba 1207 Dra. Sara Faisal \/ Estudio VIC (antes y despu\u00e9s) (\u00a9 Ramiro Sosa)\" data-rel=\"lightbox-gallery-1\"><img loading=\"lazy\" decoding=\"async\" width=\"150\" height=\"150\" src=\"https:\/\/www.arquimaster.com.ar\/web\/wp-content\/uploads\/2020\/04\/jardin_sara_faisal62-150x150.jpg\" class=\"attachment-thumbnail size-thumbnail\" alt=\"\" aria-describedby=\"gallery-1-54743\" \/><\/a>\n\t\t\t<\/div>\n\t\t\t\t<figcaption class='wp-caption-text gallery-caption' id='gallery-1-54743'>\n\t\t\t\tJard\u00edn N\u00ba 1207 Dra. Sara Faisal \/ Estudio VIC (antes y despu\u00e9s) (\u00a9 Ramiro Sosa)\n\t\t\t\t<\/figcaption><\/figure><figure class='gallery-item'>\n\t\t\t<div class='gallery-icon portrait'>\n\t\t\t\t<a href='https:\/\/www.arquimaster.com.ar\/web\/wp-content\/uploads\/2020\/04\/jardin_sara_faisal63.jpg' title=\"Jard\u00edn N\u00ba 1207 Dra. Sara Faisal \/ Estudio VIC (antes y despu\u00e9s) (\u00a9 Ramiro Sosa)\" data-rl_title=\"Jard\u00edn N\u00ba 1207 Dra. Sara Faisal \/ Estudio VIC (antes y despu\u00e9s) (\u00a9 Ramiro Sosa)\" class=\"rl-gallery-link\" data-rl_caption=\"Jard\u00edn N\u00ba 1207 Dra. Sara Faisal \/ Estudio VIC (antes y despu\u00e9s) (\u00a9 Ramiro Sosa)\" data-rel=\"lightbox-gallery-1\"><img loading=\"lazy\" decoding=\"async\" width=\"150\" height=\"150\" src=\"https:\/\/www.arquimaster.com.ar\/web\/wp-content\/uploads\/2020\/04\/jardin_sara_faisal63-150x150.jpg\" class=\"attachment-thumbnail size-thumbnail\" alt=\"\" aria-describedby=\"gallery-1-54744\" \/><\/a>\n\t\t\t<\/div>\n\t\t\t\t<figcaption class='wp-caption-text gallery-caption' id='gallery-1-54744'>\n\t\t\t\tJard\u00edn N\u00ba 1207 Dra. Sara Faisal \/ Estudio VIC (antes y despu\u00e9s) (\u00a9 Ramiro Sosa)\n\t\t\t\t<\/figcaption><\/figure><figure class='gallery-item'>\n\t\t\t<div class='gallery-icon landscape'>\n\t\t\t\t<a href='https:\/\/www.arquimaster.com.ar\/web\/wp-content\/uploads\/2020\/04\/jardin_sara_faisal64.jpg' title=\"Jard\u00edn N\u00ba 1207 Dra. Sara Faisal \/ Estudio VIC (antes y despu\u00e9s) (\u00a9 Ramiro Sosa)\" data-rl_title=\"Jard\u00edn N\u00ba 1207 Dra. Sara Faisal \/ Estudio VIC (antes y despu\u00e9s) (\u00a9 Ramiro Sosa)\" class=\"rl-gallery-link\" data-rl_caption=\"Jard\u00edn N\u00ba 1207 Dra. Sara Faisal \/ Estudio VIC (antes y despu\u00e9s) (\u00a9 Ramiro Sosa)\" data-rel=\"lightbox-gallery-1\"><img loading=\"lazy\" decoding=\"async\" width=\"150\" height=\"150\" src=\"https:\/\/www.arquimaster.com.ar\/web\/wp-content\/uploads\/2020\/04\/jardin_sara_faisal64-150x150.jpg\" class=\"attachment-thumbnail size-thumbnail\" alt=\"\" aria-describedby=\"gallery-1-54745\" \/><\/a>\n\t\t\t<\/div>\n\t\t\t\t<figcaption class='wp-caption-text gallery-caption' id='gallery-1-54745'>\n\t\t\t\tJard\u00edn N\u00ba 1207 Dra. Sara Faisal \/ Estudio VIC (antes y despu\u00e9s) (\u00a9 Ramiro Sosa)\n\t\t\t\t<\/figcaption><\/figure><figure class='gallery-item'>\n\t\t\t<div class='gallery-icon portrait'>\n\t\t\t\t<a href='https:\/\/www.arquimaster.com.ar\/web\/wp-content\/uploads\/2020\/04\/jardin_sara_faisal65.jpg' title=\"Jard\u00edn N\u00ba 1207 Dra. Sara Faisal \/ Estudio VIC (planta baja)\" data-rl_title=\"Jard\u00edn N\u00ba 1207 Dra. Sara Faisal \/ Estudio VIC (planta baja)\" class=\"rl-gallery-link\" data-rl_caption=\"Jard\u00edn N\u00ba 1207 Dra. Sara Faisal \/ Estudio VIC (planta baja)\" data-rel=\"lightbox-gallery-1\"><img loading=\"lazy\" decoding=\"async\" width=\"150\" height=\"150\" src=\"https:\/\/www.arquimaster.com.ar\/web\/wp-content\/uploads\/2020\/04\/jardin_sara_faisal65-150x150.jpg\" class=\"attachment-thumbnail size-thumbnail\" alt=\"\" aria-describedby=\"gallery-1-54746\" \/><\/a>\n\t\t\t<\/div>\n\t\t\t\t<figcaption class='wp-caption-text gallery-caption' id='gallery-1-54746'>\n\t\t\t\tJard\u00edn N\u00ba 1207 Dra. Sara Faisal \/ Estudio VIC (planta baja)\n\t\t\t\t<\/figcaption><\/figure><figure class='gallery-item'>\n\t\t\t<div class='gallery-icon portrait'>\n\t\t\t\t<a href='https:\/\/www.arquimaster.com.ar\/web\/wp-content\/uploads\/2020\/04\/jardin_sara_faisal66.jpg' title=\"Jard\u00edn N\u00ba 1207 Dra. Sara Faisal \/ Estudio VIC (planta nivel 1)\" data-rl_title=\"Jard\u00edn N\u00ba 1207 Dra. Sara Faisal \/ Estudio VIC (planta nivel 1)\" class=\"rl-gallery-link\" data-rl_caption=\"Jard\u00edn N\u00ba 1207 Dra. Sara Faisal \/ Estudio VIC (planta nivel 1)\" data-rel=\"lightbox-gallery-1\"><img loading=\"lazy\" decoding=\"async\" width=\"150\" height=\"150\" src=\"https:\/\/www.arquimaster.com.ar\/web\/wp-content\/uploads\/2020\/04\/jardin_sara_faisal66-150x150.jpg\" class=\"attachment-thumbnail size-thumbnail\" alt=\"\" aria-describedby=\"gallery-1-54747\" \/><\/a>\n\t\t\t<\/div>\n\t\t\t\t<figcaption class='wp-caption-text gallery-caption' id='gallery-1-54747'>\n\t\t\t\tJard\u00edn N\u00ba 1207 Dra. Sara Faisal \/ Estudio VIC (planta nivel 1)\n\t\t\t\t<\/figcaption><\/figure><figure class='gallery-item'>\n\t\t\t<div class='gallery-icon portrait'>\n\t\t\t\t<a href='https:\/\/www.arquimaster.com.ar\/web\/wp-content\/uploads\/2020\/04\/jardin_sara_faisal67.jpg' title=\"Jard\u00edn N\u00ba 1207 Dra. Sara Faisal \/ Estudio VIC (planta nivel 2)\" data-rl_title=\"Jard\u00edn N\u00ba 1207 Dra. Sara Faisal \/ Estudio VIC (planta nivel 2)\" class=\"rl-gallery-link\" data-rl_caption=\"Jard\u00edn N\u00ba 1207 Dra. Sara Faisal \/ Estudio VIC (planta nivel 2)\" data-rel=\"lightbox-gallery-1\"><img loading=\"lazy\" decoding=\"async\" width=\"150\" height=\"150\" src=\"https:\/\/www.arquimaster.com.ar\/web\/wp-content\/uploads\/2020\/04\/jardin_sara_faisal67-150x150.jpg\" class=\"attachment-thumbnail size-thumbnail\" alt=\"\" aria-describedby=\"gallery-1-54748\" \/><\/a>\n\t\t\t<\/div>\n\t\t\t\t<figcaption class='wp-caption-text gallery-caption' id='gallery-1-54748'>\n\t\t\t\tJard\u00edn N\u00ba 1207 Dra. Sara Faisal \/ Estudio VIC (planta nivel 2)\n\t\t\t\t<\/figcaption><\/figure><figure class='gallery-item'>\n\t\t\t<div class='gallery-icon portrait'>\n\t\t\t\t<a href='https:\/\/www.arquimaster.com.ar\/web\/wp-content\/uploads\/2020\/04\/jardin_sara_faisal68.jpg' title=\"Jard\u00edn N\u00ba 1207 Dra. Sara Faisal \/ Estudio VIC (planta nivel 3)\" data-rl_title=\"Jard\u00edn N\u00ba 1207 Dra. Sara Faisal \/ Estudio VIC (planta nivel 3)\" class=\"rl-gallery-link\" data-rl_caption=\"Jard\u00edn N\u00ba 1207 Dra. Sara Faisal \/ Estudio VIC (planta nivel 3)\" data-rel=\"lightbox-gallery-1\"><img loading=\"lazy\" decoding=\"async\" width=\"150\" height=\"150\" src=\"https:\/\/www.arquimaster.com.ar\/web\/wp-content\/uploads\/2020\/04\/jardin_sara_faisal68-150x150.jpg\" class=\"attachment-thumbnail size-thumbnail\" alt=\"\" aria-describedby=\"gallery-1-54749\" \/><\/a>\n\t\t\t<\/div>\n\t\t\t\t<figcaption class='wp-caption-text gallery-caption' id='gallery-1-54749'>\n\t\t\t\tJard\u00edn N\u00ba 1207 Dra. Sara Faisal \/ Estudio VIC (planta nivel 3)\n\t\t\t\t<\/figcaption><\/figure><figure class='gallery-item'>\n\t\t\t<div class='gallery-icon landscape'>\n\t\t\t\t<a href='https:\/\/www.arquimaster.com.ar\/web\/wp-content\/uploads\/2020\/04\/jardin_sara_faisal69-scaled.jpg' title=\"Jard\u00edn N\u00ba 1207 Dra. Sara Faisal \/ Estudio VIC (corte)\" data-rl_title=\"Jard\u00edn N\u00ba 1207 Dra. Sara Faisal \/ Estudio VIC (corte)\" class=\"rl-gallery-link\" data-rl_caption=\"Jard\u00edn N\u00ba 1207 Dra. Sara Faisal \/ Estudio VIC (corte)\" data-rel=\"lightbox-gallery-1\"><img loading=\"lazy\" decoding=\"async\" width=\"150\" height=\"150\" src=\"https:\/\/www.arquimaster.com.ar\/web\/wp-content\/uploads\/2020\/04\/jardin_sara_faisal69-150x150.jpg\" class=\"attachment-thumbnail size-thumbnail\" alt=\"\" aria-describedby=\"gallery-1-54750\" \/><\/a>\n\t\t\t<\/div>\n\t\t\t\t<figcaption class='wp-caption-text gallery-caption' id='gallery-1-54750'>\n\t\t\t\tJard\u00edn N\u00ba 1207 Dra. Sara Faisal \/ Estudio VIC (corte)\n\t\t\t\t<\/figcaption><\/figure><figure class='gallery-item'>\n\t\t\t<div class='gallery-icon landscape'>\n\t\t\t\t<a href='https:\/\/www.arquimaster.com.ar\/web\/wp-content\/uploads\/2020\/04\/jardin_sara_faisal70.jpg' title=\"Jard\u00edn N\u00ba 1207 Dra. Sara Faisal \/ Estudio VIC (corte)\" data-rl_title=\"Jard\u00edn N\u00ba 1207 Dra. Sara Faisal \/ Estudio VIC (corte)\" class=\"rl-gallery-link\" data-rl_caption=\"Jard\u00edn N\u00ba 1207 Dra. Sara Faisal \/ Estudio VIC (corte)\" data-rel=\"lightbox-gallery-1\"><img loading=\"lazy\" decoding=\"async\" width=\"150\" height=\"150\" src=\"https:\/\/www.arquimaster.com.ar\/web\/wp-content\/uploads\/2020\/04\/jardin_sara_faisal70-150x150.jpg\" class=\"attachment-thumbnail size-thumbnail\" alt=\"\" aria-describedby=\"gallery-1-54751\" \/><\/a>\n\t\t\t<\/div>\n\t\t\t\t<figcaption class='wp-caption-text gallery-caption' id='gallery-1-54751'>\n\t\t\t\tJard\u00edn N\u00ba 1207 Dra. Sara Faisal \/ Estudio VIC (corte)\n\t\t\t\t<\/figcaption><\/figure><figure class='gallery-item'>\n\t\t\t<div class='gallery-icon landscape'>\n\t\t\t\t<a href='https:\/\/www.arquimaster.com.ar\/web\/wp-content\/uploads\/2020\/04\/jardin_sara_faisal71-scaled.jpg' title=\"Jard\u00edn N\u00ba 1207 Dra. Sara Faisal \/ Estudio VIC (corte)\" data-rl_title=\"Jard\u00edn N\u00ba 1207 Dra. Sara Faisal \/ Estudio VIC (corte)\" class=\"rl-gallery-link\" data-rl_caption=\"Jard\u00edn N\u00ba 1207 Dra. Sara Faisal \/ Estudio VIC (corte)\" data-rel=\"lightbox-gallery-1\"><img loading=\"lazy\" decoding=\"async\" width=\"150\" height=\"150\" src=\"https:\/\/www.arquimaster.com.ar\/web\/wp-content\/uploads\/2020\/04\/jardin_sara_faisal71-150x150.jpg\" class=\"attachment-thumbnail size-thumbnail\" alt=\"\" aria-describedby=\"gallery-1-54752\" \/><\/a>\n\t\t\t<\/div>\n\t\t\t\t<figcaption class='wp-caption-text gallery-caption' id='gallery-1-54752'>\n\t\t\t\tJard\u00edn N\u00ba 1207 Dra. Sara Faisal \/ Estudio VIC (corte)\n\t\t\t\t<\/figcaption><\/figure><figure class='gallery-item'>\n\t\t\t<div class='gallery-icon landscape'>\n\t\t\t\t<a href='https:\/\/www.arquimaster.com.ar\/web\/wp-content\/uploads\/2020\/04\/jardin_sara_faisal72.jpg' title=\"Jard\u00edn N\u00ba 1207 Dra. Sara Faisal \/ Estudio VIC (vista)\" data-rl_title=\"Jard\u00edn N\u00ba 1207 Dra. Sara Faisal \/ Estudio VIC (vista)\" class=\"rl-gallery-link\" data-rl_caption=\"Jard\u00edn N\u00ba 1207 Dra. Sara Faisal \/ Estudio VIC (vista)\" data-rel=\"lightbox-gallery-1\"><img loading=\"lazy\" decoding=\"async\" width=\"150\" height=\"150\" src=\"https:\/\/www.arquimaster.com.ar\/web\/wp-content\/uploads\/2020\/04\/jardin_sara_faisal72-150x150.jpg\" class=\"attachment-thumbnail size-thumbnail\" alt=\"\" aria-describedby=\"gallery-1-54753\" \/><\/a>\n\t\t\t<\/div>\n\t\t\t\t<figcaption class='wp-caption-text gallery-caption' id='gallery-1-54753'>\n\t\t\t\tJard\u00edn N\u00ba 1207 Dra. Sara Faisal \/ Estudio VIC (vista)\n\t\t\t\t<\/figcaption><\/figure><figure class='gallery-item'>\n\t\t\t<div class='gallery-icon portrait'>\n\t\t\t\t<a href='https:\/\/www.arquimaster.com.ar\/web\/wp-content\/uploads\/2020\/04\/jardin_sara_faisal73.jpg' title=\"Jard\u00edn N\u00ba 1207 Dra. Sara Faisal \/ Estudio VIC (esquemas)\" data-rl_title=\"Jard\u00edn N\u00ba 1207 Dra. Sara Faisal \/ Estudio VIC (esquemas)\" class=\"rl-gallery-link\" data-rl_caption=\"Jard\u00edn N\u00ba 1207 Dra. Sara Faisal \/ Estudio VIC (esquemas)\" data-rel=\"lightbox-gallery-1\"><img loading=\"lazy\" decoding=\"async\" width=\"150\" height=\"150\" src=\"https:\/\/www.arquimaster.com.ar\/web\/wp-content\/uploads\/2020\/04\/jardin_sara_faisal73-150x150.jpg\" class=\"attachment-thumbnail size-thumbnail\" alt=\"\" aria-describedby=\"gallery-1-54754\" \/><\/a>\n\t\t\t<\/div>\n\t\t\t\t<figcaption class='wp-caption-text gallery-caption' id='gallery-1-54754'>\n\t\t\t\tJard\u00edn N\u00ba 1207 Dra. Sara Faisal \/ Estudio VIC (esquemas)\n\t\t\t\t<\/figcaption><\/figure>\n\t\t<\/div>\n\n<p>Hacia mediados de los a\u00f1os &#8217;80s, a partir de la disposici\u00f3n de un lote lindero, se construye un sector edilicio que, mediante una tipolog\u00eda de bloque en altura, contempl\u00f3 la generaci\u00f3n de salas y un sector destinado a usos m\u00faltiples. El paso del tiempo como tambi\u00e9n la necesidad de actualizaci\u00f3n de los \u00e1mbitos educativos y requerimientos que esta instituci\u00f3n ofrece a su comunidad, alent\u00f3 la reforma del jard\u00edn no s\u00f3lo como acto conmemorativo sino para ofrecer espacios adecuados para la ense\u00f1anza inicial que al mismo tiempo se constituye como la \u00abpuerta de ingreso\u00bb para la construcci\u00f3n de una trayectoria educativa en la instituci\u00f3n.<\/p>\n<p>En tal sentido, el problema proyectual estuvo centrado en la re funcionalizaci\u00f3n de los \u00e1mbitos construidos, la apertura e integraci\u00f3n entre los espacios \u00e1ulicos y los exteriores y en la cualificaci\u00f3n espacial asociada tambi\u00e9n a una transformaci\u00f3n de usos. Tanto las condicionantes de proyecto como las preexistencias -ambas en convergencia y en tensi\u00f3n- dieron lugar a la reforma y re funcionalizaci\u00f3n del jard\u00edn, entendiendo esta situaci\u00f3n como una oportunidad.<\/p>\n<p>Proyectar y construir sobre preexistencias suele ser en gran medida la labor que como arquitectos asumimos frecuentemente en nuestro ejercicio profesional. En este caso las preexistencias no eran s\u00f3lo las edilicias sino que contemplaban asimismo los modos de usos y desarrollo de actividades. Estos \u00faltimos fueron reinventados a partir de la conformaci\u00f3n de espacios con otras cualidades y condiciones, lo que redund\u00f3 quiz\u00e1s en la mayor oportunidad de la intervenci\u00f3n.<\/p>\n<p>As\u00ed, las principales premisas del proyecto fueron lograr continuidades espaciales, v\u00ednculos visuales y f\u00edsicos -procurando mejorar las condiciones ambientales de todos los sectores- y la integraci\u00f3n de locales que se presentaban inconexos.<\/p>\n<p>Otra decisi\u00f3n proyectual que tom\u00f3 relevancia estuvo centrada en la transformaci\u00f3n y readecuaci\u00f3n del \u00e1rea de acceso al edificio, no s\u00f3lo para propiciar un ingreso que contemple movilidad reducida sino para otorgar una secuencialidad, escala y car\u00e1cter a este \u00e1mbito. Esta motivaci\u00f3n result\u00f3 adem\u00e1s acompa\u00f1ada de la decisi\u00f3n de generar una recepci\u00f3n mediante el patio del jard\u00edn, espacio de expansi\u00f3n y reuni\u00f3n por excelencia.<\/p>\n<p>En el patio de acceso la experiencia de ingreso y bienvenida se inicia con el uso de texturas y colores como materialidad de proyecto. Adem\u00e1s se unifican niveles y se despejan las superficies eliminando canteros y toda superficie en desnivel. El plano de frente al acceso se jerarquiza mediante un dise\u00f1o de tramas y colores que constituye el tel\u00f3n de fondo al m\u00e1stil de la bandera, acompa\u00f1ando as\u00ed la actividad diaria de izado y saludo al s\u00edmbolo nacional.<\/p>\n<p>Como operaciones proyectuales generales tanto en planta baja como en el primer nivel se demuelen muros y se realizan aperturas desde y hacia halles como tambi\u00e9n desde y hacia espacios exteriores. En la planta baja se concentran las actividades administrativas y de direcci\u00f3n -lindantes al ingreso del jard\u00edn- y \u00e1mbitos comunes como la sala de m\u00fasica y el SUM en plena relaci\u00f3n con el patio trasero. Este \u00faltimo posibilita asimismo la expansi\u00f3n de superficie y actividades al aire libre.<\/p>\n<p>Cabe destacarse que previamente a la intervenci\u00f3n, la sala de usos m\u00faltiples se ubicaba en un segundo nivel desprovisto de servicios sanitarios y de accesibilidad universal. La nueva localizaci\u00f3n y cualificaci\u00f3n del SUM permite su uso como espacio l\u00fadico y como \u00e1mbito reuni\u00f3n de la comunidad educativa tanto para actos como para actividades escolares.<\/p>\n<p>El primer nivel se refuncionaliza a partir de la conexi\u00f3n entre los dos sectores edilicios incomunicados previamente. Esto se logra con la generaci\u00f3n de un hall y apertura a una pasarela que articula espacios de circulaci\u00f3n semi cubiertos mediante los que se vinculan salas, sanitarios y el nuevo ascensor.<\/p>\n<p>Como estrategia integral de proyecto todos los niveles se liberan de muros y obst\u00e1culos y se configuran los halles que, adem\u00e1s de permitir una circulaci\u00f3n franca, se conforman en \u00e1mbitos de expansi\u00f3n y trabajo en v\u00ednculo con las salas de cada uno de estos pisos. Al mismo tiempo, se unifican los servicios que complementan las actividades mencionadas, disponiendo sanitarios adaptado a los requerimientos de los peque\u00f1os usuarios.<\/p>\n<p>En el uso del color y texturas se recuperan las b\u00fasquedas iniciadas en la Escuela Especial vinculadas a conformar atm\u00f3sferas que representan la calidez de estos espacios, el compromiso humano y docente del personal y que acompa\u00f1an su car\u00e1cter l\u00fadico y pedag\u00f3gico.<\/p>\n<p><strong>Ficha t\u00e9cnica<\/strong><br \/>Nombre: Jard\u00edn N\u00ba 1207 Dra. Sara Faisal<br \/>Ubicaci\u00f3n: Ciudad de Santa Fe, Pcia. de Santa F\u00e9, Argentina<br \/>Proyectistas: Estudio VIC (Arq. Mar\u00eda Victoria Silvestre, TCN Alana Ojalvo)<br \/>Colaboradores: TCN Lucas Brav\u00edn<br \/>Empresa Constructora: CAM SA<br \/>Representante T\u00e9cnico: TCN Marcelo Bonazzola<br \/>Director de Obra: Arq. Mar\u00eda Victoria Silvestre, TCN Alana Ojalvo<br \/>C\u00e1lculo de Estructuras: Ing. Amelia Torrieri<br \/>Comitente: Asociaci\u00f3n Femenina de Profesionales Dra. Sara Faisal<br \/>\u00c1rea: 1090,50 m2<br \/>A\u00f1o: 2019<br \/>Fotograf\u00edas: <a href=\"https:\/\/www.instagram.com\/ramirososafotografia\/\" target=\"_blank\" rel=\"noopener noreferrer\">Ramiro Sosa<\/a><\/p>\n<p><strong>Contacto<\/strong><br \/><a href=\"https:\/\/www.instagram.com\/victoriasilvestrearquitecta\/\" target=\"_blank\" rel=\"noopener noreferrer\">https:\/\/www.instagram.com\/victoriasilvestrearquitecta\/<\/a><\/p>\n\n\n<div style=\"height:20px\" aria-hidden=\"true\" class=\"wp-block-spacer\"><\/div>\n\n\n<p><strong><em>English version<\/em><\/strong><\/p>\n<p><em>The education institution \u00abDr. Sara Faisal\u00bb has strong ties and background inn educational services in the city of Santa Fe, Argentina. This long lasting history requires the constant building renovations that this Institution regularly implements in each and everyone of its five academic\u2019s units.<\/em><\/p>\n<p><em>In this opportunity, in coincidence with the celebration of the fiftieth anniversary of the establishment of the kindergarden unit, the institution requested the reform of the building where it was located. This building provides services to babies (one year old and older) and children in their initial stages of sistematic education.<\/em><\/p>\n<p><em>This institution was a pioneer in the city of Santa Fe in the introduction of a pedagogical system that integrates early childhood education and diversity. The original building for kindergarden services was made by a conglomared of different sub-units. For example, one of those buildings was used in teacher preparation and the profesional develoment of kindergarden teachers.<\/em><\/p>\n<p><em>By the midd nineteen eighties with the availability of a land area for building another sector, the institution decided the use of the tipology of a high level building. This building included different classrooms and of a multiple service area (fishbowl). As time went by and in addition to the need of new spatial organizations and requirements for educational services, the institution supported the rebuilt of the K and pre-K classrooms. This happened at the same time of the fiftieth year anniversary and to provide new spaces up dated and relevant for early childhood education. This reformed areas where thought to operate as an \u2018entrance\u2019to the educational areas, and its educational offerings that include from earlt childhood to higher education.<\/em><\/p>\n<p><em>In terms of architectural projects the main goal was to refunctionalize different units and sub-units, and to open and integrate the flow between different classrooms and the outside. The Project was influence by pre-existing building conditions in a dynamics of convergences and tensions.<\/em><\/p>\n<p><em>As leaders in the design of this project we became aware of the relevance and weight of the pre-existing conditions, not only in the building structures, but also in the ways in wich this comunity used them, they function, and how they were used for different activities. As a result of these processes there was a reinvention or a reformulation of spaces, that at the end, acquired other conditions and qualities.<\/em><\/p>\n<p><em>The main challenges in this project were to develop \u00abspatial continuities\u00bb, visual and phisical linkages, and the integration of different spaces that had not been interconnected. Another designers decisions were focused on changing and re-designing the area for the Access to the building. This changes consisted on adapting the entrance area of the building for the support of students with disabilities, implementing the premises of \u00abuniversal access\u00bb requirementes and also for the sequence and a organization of mobility flows within the whole area. In adition, it was decided the creation of an entry area with a garden to support the flow and the gathering of different members of this educational community within this building.<\/em><\/p>\n<p><em>This entry garden, wich also operates as a welcoming space, was remodeled using different textures and colors. Additionally, the changes in. this space allowed to conect different building layers and a more effective use by setting one floor level.<\/em><\/p>\n<p><em>Everyday, in this area different practicies to transition in to activities of the day are held.<\/em><\/p>\n<p><em>Different operations were implemented to modify the first and second building levels, for example, walls were demolished or windows and doors were oppened. This allow the flow between halls and the classroom areas. The administrated areas and principals offices are situated in the bottom floor. The music classroom and the fishbowl are located on the opposite site of the building with conections to the backyard. These allowed the expantion of the areas for outside activities.<\/em><\/p>\n<p><em>The first floor was refuntionctionalized ed as a result of the development of a conection between two areas that were not conected before.<\/em><\/p>\n<p><em>This happens as a result of the building of a hall and aisle that articulates the circulation among classrooms, restrooms, and the new elevator.<\/em><\/p>\n<p><em>One integral strategy of this project was the creation of areas without walls and without obstacules with the addition of halls that support the flow of people and activities.<\/em><\/p>\n<p><em>The model followed the use of colours and textures, similar to the strategy once developed in the Special Education School (Santa Fe city, 2016). This intended to express warmth and social commintment to the children who attend this school.<\/em><\/p>\n<div style=\"font-size: 0px; height: 0px; line-height: 0px; margin: 0; padding: 0; clear: both;\"><\/div><div style=\"margin-top: 0px; margin-bottom: 0px;\" class=\"sharethis-inline-share-buttons\" ><\/div>","protected":false},"excerpt":{"rendered":"<p>La intervenci\u00f3n se centr\u00f3 en la apertura e integraci\u00f3n entre los espacios \u00e1ulicos y exteriores&#8230;<\/p>\n","protected":false},"author":1,"featured_media":54681,"comment_status":"closed","ping_status":"closed","sticky":false,"template":"","format":"standard","meta":{"_uag_custom_page_level_css":"","footnotes":""},"categories":[1465,1],"tags":[5837,3309,1472,5836,5835,1560,5834,4339,29],"class_list":["post-54680","post","type-post","status-publish","format-standard","has-post-thumbnail","hentry","category-edificios-para-la-educacion","category-proyecto","tag-alana-ojalvo","tag-arquitectura-para-la-educacion","tag-edificio-educativo","tag-ensenanza-inicial","tag-estudio-vic","tag-guarderia","tag-jardin-de-infantes","tag-maria-victoria-silvestre","tag-santa-fe","generate-columns","tablet-grid-50","mobile-grid-100","grid-parent","grid-50"],"yoast_head":"<!-- This site is optimized with the Yoast SEO plugin v27.3 - https:\/\/yoast.com\/product\/yoast-seo-wordpress\/ -->\n<title>Jard\u00edn N\u00ba 1207 Dra. Sara Faisal \/ Estudio VIC - Arquimaster<\/title>\n<meta name=\"description\" content=\"El problema proyectual se centra en la refuncionalizaci\u00f3n de los \u00e1mbitos construidos, la apertura e integraci\u00f3n entre los espacios \u00e1ulicos y los exteriores y en la cualificaci\u00f3n espacial asociada tambi\u00e9n a una transformaci\u00f3n de usos.\" \/>\n<meta name=\"robots\" content=\"index, follow, max-snippet:-1, max-image-preview:large, max-video-preview:-1\" \/>\n<link rel=\"canonical\" href=\"https:\/\/www.arquimaster.com.ar\/web\/jardin-no-1207-dra-sara-faisal-estudio-vic\/\" \/>\n<meta property=\"og:locale\" content=\"es_ES\" \/>\n<meta property=\"og:type\" content=\"article\" \/>\n<meta property=\"og:title\" content=\"Jard\u00edn N\u00ba 1207 Dra. Sara Faisal \/ Estudio VIC\" \/>\n<meta property=\"og:description\" content=\"El problema proyectual se centra en la refuncionalizaci\u00f3n de los \u00e1mbitos construidos, la apertura e integraci\u00f3n entre los espacios \u00e1ulicos y los exteriores y en la cualificaci\u00f3n espacial asociada tambi\u00e9n a una transformaci\u00f3n de usos.\" \/>\n<meta property=\"og:url\" content=\"https:\/\/www.arquimaster.com.ar\/web\/jardin-no-1207-dra-sara-faisal-estudio-vic\/\" \/>\n<meta property=\"og:site_name\" content=\"Arquimaster\" \/>\n<meta property=\"article:publisher\" content=\"http:\/\/www.facebook.com\/ARQUIMASTER.com.ar\" \/>\n<meta property=\"article:published_time\" content=\"2020-04-17T01:41:56+00:00\" \/>\n<meta property=\"article:modified_time\" content=\"2020-04-17T01:41:58+00:00\" \/>\n<meta property=\"og:image\" content=\"https:\/\/www.arquimaster.com.ar\/web\/wp-content\/uploads\/2020\/04\/jardin_sara_faisal_slide.jpg\" \/>\n\t<meta property=\"og:image:width\" content=\"698\" \/>\n\t<meta property=\"og:image:height\" content=\"364\" \/>\n\t<meta property=\"og:image:type\" content=\"image\/jpeg\" \/>\n<meta name=\"author\" content=\"Arquimaster\" \/>\n<meta name=\"twitter:card\" content=\"summary_large_image\" \/>\n<meta name=\"twitter:title\" content=\"Jard\u00edn N\u00ba 1207 Dra. Sara Faisal \/ Estudio VIC\" \/>\n<meta name=\"twitter:description\" content=\"El problema proyectual se centra en la refuncionalizaci\u00f3n de los \u00e1mbitos construidos, la apertura e integraci\u00f3n entre los espacios \u00e1ulicos y los exteriores y en la cualificaci\u00f3n espacial asociada tambi\u00e9n a una transformaci\u00f3n de usos.\" \/>\n<meta name=\"twitter:image\" content=\"https:\/\/www.arquimaster.com.ar\/web\/wp-content\/uploads\/2020\/04\/jardin_sara_faisal_slide.jpg\" \/>\n<meta name=\"twitter:creator\" content=\"@arquimaster\" \/>\n<meta name=\"twitter:site\" content=\"@arquimaster\" \/>\n<meta name=\"twitter:label1\" content=\"Escrito por\" \/>\n\t<meta name=\"twitter:data1\" content=\"Arquimaster\" \/>\n\t<meta name=\"twitter:label2\" content=\"Tiempo de lectura\" \/>\n\t<meta name=\"twitter:data2\" content=\"9 minutos\" \/>\n<script type=\"application\/ld+json\" class=\"yoast-schema-graph\">{\"@context\":\"https:\\\/\\\/schema.org\",\"@graph\":[{\"@type\":\"Article\",\"@id\":\"https:\\\/\\\/www.arquimaster.com.ar\\\/web\\\/jardin-no-1207-dra-sara-faisal-estudio-vic\\\/#article\",\"isPartOf\":{\"@id\":\"https:\\\/\\\/www.arquimaster.com.ar\\\/web\\\/jardin-no-1207-dra-sara-faisal-estudio-vic\\\/\"},\"author\":{\"name\":\"Arquimaster\",\"@id\":\"https:\\\/\\\/www.arquimaster.com.ar\\\/web\\\/#\\\/schema\\\/person\\\/359e9f7c00193fcde068e0dd2ceb0028\"},\"headline\":\"Jard\u00edn N\u00ba 1207 Dra. Sara Faisal \\\/ Estudio VIC\",\"datePublished\":\"2020-04-17T01:41:56+00:00\",\"dateModified\":\"2020-04-17T01:41:58+00:00\",\"mainEntityOfPage\":{\"@id\":\"https:\\\/\\\/www.arquimaster.com.ar\\\/web\\\/jardin-no-1207-dra-sara-faisal-estudio-vic\\\/\"},\"wordCount\":1801,\"publisher\":{\"@id\":\"https:\\\/\\\/www.arquimaster.com.ar\\\/web\\\/#organization\"},\"image\":{\"@id\":\"https:\\\/\\\/www.arquimaster.com.ar\\\/web\\\/jardin-no-1207-dra-sara-faisal-estudio-vic\\\/#primaryimage\"},\"thumbnailUrl\":\"https:\\\/\\\/www.arquimaster.com.ar\\\/web\\\/wp-content\\\/uploads\\\/2020\\\/04\\\/jardin_sara_faisal_slide.jpg\",\"keywords\":[\"Alana Ojalvo\",\"arquitectura para la educacion\",\"edificio educativo\",\"ense\u00f1anza inicial\",\"Estudio VIC\",\"guarderia\",\"jardin de infantes\",\"Mar\u00eda Victoria Silvestre\",\"Santa Fe\"],\"articleSection\":[\"Edificios para la educacion\",\"Proyecto\"],\"inLanguage\":\"es\"},{\"@type\":\"WebPage\",\"@id\":\"https:\\\/\\\/www.arquimaster.com.ar\\\/web\\\/jardin-no-1207-dra-sara-faisal-estudio-vic\\\/\",\"url\":\"https:\\\/\\\/www.arquimaster.com.ar\\\/web\\\/jardin-no-1207-dra-sara-faisal-estudio-vic\\\/\",\"name\":\"Jard\u00edn N\u00ba 1207 Dra. Sara Faisal \\\/ Estudio VIC - Arquimaster\",\"isPartOf\":{\"@id\":\"https:\\\/\\\/www.arquimaster.com.ar\\\/web\\\/#website\"},\"primaryImageOfPage\":{\"@id\":\"https:\\\/\\\/www.arquimaster.com.ar\\\/web\\\/jardin-no-1207-dra-sara-faisal-estudio-vic\\\/#primaryimage\"},\"image\":{\"@id\":\"https:\\\/\\\/www.arquimaster.com.ar\\\/web\\\/jardin-no-1207-dra-sara-faisal-estudio-vic\\\/#primaryimage\"},\"thumbnailUrl\":\"https:\\\/\\\/www.arquimaster.com.ar\\\/web\\\/wp-content\\\/uploads\\\/2020\\\/04\\\/jardin_sara_faisal_slide.jpg\",\"datePublished\":\"2020-04-17T01:41:56+00:00\",\"dateModified\":\"2020-04-17T01:41:58+00:00\",\"description\":\"El problema proyectual se centra en la refuncionalizaci\u00f3n de los \u00e1mbitos construidos, la apertura e integraci\u00f3n entre los espacios \u00e1ulicos y los exteriores y en la cualificaci\u00f3n espacial asociada tambi\u00e9n a una transformaci\u00f3n de usos.\",\"breadcrumb\":{\"@id\":\"https:\\\/\\\/www.arquimaster.com.ar\\\/web\\\/jardin-no-1207-dra-sara-faisal-estudio-vic\\\/#breadcrumb\"},\"inLanguage\":\"es\",\"potentialAction\":[{\"@type\":\"ReadAction\",\"target\":[\"https:\\\/\\\/www.arquimaster.com.ar\\\/web\\\/jardin-no-1207-dra-sara-faisal-estudio-vic\\\/\"]}]},{\"@type\":\"ImageObject\",\"inLanguage\":\"es\",\"@id\":\"https:\\\/\\\/www.arquimaster.com.ar\\\/web\\\/jardin-no-1207-dra-sara-faisal-estudio-vic\\\/#primaryimage\",\"url\":\"https:\\\/\\\/www.arquimaster.com.ar\\\/web\\\/wp-content\\\/uploads\\\/2020\\\/04\\\/jardin_sara_faisal_slide.jpg\",\"contentUrl\":\"https:\\\/\\\/www.arquimaster.com.ar\\\/web\\\/wp-content\\\/uploads\\\/2020\\\/04\\\/jardin_sara_faisal_slide.jpg\",\"width\":698,\"height\":364},{\"@type\":\"BreadcrumbList\",\"@id\":\"https:\\\/\\\/www.arquimaster.com.ar\\\/web\\\/jardin-no-1207-dra-sara-faisal-estudio-vic\\\/#breadcrumb\",\"itemListElement\":[{\"@type\":\"ListItem\",\"position\":1,\"name\":\"Portada\",\"item\":\"https:\\\/\\\/www.arquimaster.com.ar\\\/web\\\/\"},{\"@type\":\"ListItem\",\"position\":2,\"name\":\"Jard\u00edn N\u00ba 1207 Dra. Sara Faisal \\\/ Estudio VIC\"}]},{\"@type\":\"WebSite\",\"@id\":\"https:\\\/\\\/www.arquimaster.com.ar\\\/web\\\/#website\",\"url\":\"https:\\\/\\\/www.arquimaster.com.ar\\\/web\\\/\",\"name\":\"Arquimaster\",\"description\":\"Web de arquitectura, dise\u00f1o y construccion\",\"publisher\":{\"@id\":\"https:\\\/\\\/www.arquimaster.com.ar\\\/web\\\/#organization\"},\"potentialAction\":[{\"@type\":\"SearchAction\",\"target\":{\"@type\":\"EntryPoint\",\"urlTemplate\":\"https:\\\/\\\/www.arquimaster.com.ar\\\/web\\\/?s={search_term_string}\"},\"query-input\":{\"@type\":\"PropertyValueSpecification\",\"valueRequired\":true,\"valueName\":\"search_term_string\"}}],\"inLanguage\":\"es\"},{\"@type\":\"Organization\",\"@id\":\"https:\\\/\\\/www.arquimaster.com.ar\\\/web\\\/#organization\",\"name\":\"Arquimaster\",\"url\":\"https:\\\/\\\/www.arquimaster.com.ar\\\/web\\\/\",\"logo\":{\"@type\":\"ImageObject\",\"inLanguage\":\"es\",\"@id\":\"https:\\\/\\\/www.arquimaster.com.ar\\\/web\\\/#\\\/schema\\\/logo\\\/image\\\/\",\"url\":\"https:\\\/\\\/www.arquimaster.com.ar\\\/web\\\/wp-content\\\/uploads\\\/2022\\\/06\\\/arquimaster.png\",\"contentUrl\":\"https:\\\/\\\/www.arquimaster.com.ar\\\/web\\\/wp-content\\\/uploads\\\/2022\\\/06\\\/arquimaster.png\",\"width\":594,\"height\":78,\"caption\":\"Arquimaster\"},\"image\":{\"@id\":\"https:\\\/\\\/www.arquimaster.com.ar\\\/web\\\/#\\\/schema\\\/logo\\\/image\\\/\"},\"sameAs\":[\"http:\\\/\\\/www.facebook.com\\\/ARQUIMASTER.com.ar\",\"https:\\\/\\\/x.com\\\/arquimaster\",\"https:\\\/\\\/www.instagram.com\\\/arquimasterblog\\\/\",\"https:\\\/\\\/www.linkedin.com\\\/company\\\/arquimaster\",\"https:\\\/\\\/www.pinterest.com\\\/arquimaster\",\"https:\\\/\\\/t.me\\\/arquimaster\"]},{\"@type\":\"Person\",\"@id\":\"https:\\\/\\\/www.arquimaster.com.ar\\\/web\\\/#\\\/schema\\\/person\\\/359e9f7c00193fcde068e0dd2ceb0028\",\"name\":\"Arquimaster\"}]}<\/script>\n<!-- \/ Yoast SEO plugin. -->","yoast_head_json":{"title":"Jard\u00edn N\u00ba 1207 Dra. Sara Faisal \/ Estudio VIC - Arquimaster","description":"El problema proyectual se centra en la refuncionalizaci\u00f3n de los \u00e1mbitos construidos, la apertura e integraci\u00f3n entre los espacios \u00e1ulicos y los exteriores y en la cualificaci\u00f3n espacial asociada tambi\u00e9n a una transformaci\u00f3n de usos.","robots":{"index":"index","follow":"follow","max-snippet":"max-snippet:-1","max-image-preview":"max-image-preview:large","max-video-preview":"max-video-preview:-1"},"canonical":"https:\/\/www.arquimaster.com.ar\/web\/jardin-no-1207-dra-sara-faisal-estudio-vic\/","og_locale":"es_ES","og_type":"article","og_title":"Jard\u00edn N\u00ba 1207 Dra. Sara Faisal \/ Estudio VIC","og_description":"El problema proyectual se centra en la refuncionalizaci\u00f3n de los \u00e1mbitos construidos, la apertura e integraci\u00f3n entre los espacios \u00e1ulicos y los exteriores y en la cualificaci\u00f3n espacial asociada tambi\u00e9n a una transformaci\u00f3n de usos.","og_url":"https:\/\/www.arquimaster.com.ar\/web\/jardin-no-1207-dra-sara-faisal-estudio-vic\/","og_site_name":"Arquimaster","article_publisher":"http:\/\/www.facebook.com\/ARQUIMASTER.com.ar","article_published_time":"2020-04-17T01:41:56+00:00","article_modified_time":"2020-04-17T01:41:58+00:00","og_image":[{"width":698,"height":364,"url":"https:\/\/www.arquimaster.com.ar\/web\/wp-content\/uploads\/2020\/04\/jardin_sara_faisal_slide.jpg","type":"image\/jpeg"}],"author":"Arquimaster","twitter_card":"summary_large_image","twitter_title":"Jard\u00edn N\u00ba 1207 Dra. Sara Faisal \/ Estudio VIC","twitter_description":"El problema proyectual se centra en la refuncionalizaci\u00f3n de los \u00e1mbitos construidos, la apertura e integraci\u00f3n entre los espacios \u00e1ulicos y los exteriores y en la cualificaci\u00f3n espacial asociada tambi\u00e9n a una transformaci\u00f3n de usos.","twitter_image":"https:\/\/www.arquimaster.com.ar\/web\/wp-content\/uploads\/2020\/04\/jardin_sara_faisal_slide.jpg","twitter_creator":"@arquimaster","twitter_site":"@arquimaster","twitter_misc":{"Escrito por":"Arquimaster","Tiempo de lectura":"9 minutos"},"schema":{"@context":"https:\/\/schema.org","@graph":[{"@type":"Article","@id":"https:\/\/www.arquimaster.com.ar\/web\/jardin-no-1207-dra-sara-faisal-estudio-vic\/#article","isPartOf":{"@id":"https:\/\/www.arquimaster.com.ar\/web\/jardin-no-1207-dra-sara-faisal-estudio-vic\/"},"author":{"name":"Arquimaster","@id":"https:\/\/www.arquimaster.com.ar\/web\/#\/schema\/person\/359e9f7c00193fcde068e0dd2ceb0028"},"headline":"Jard\u00edn N\u00ba 1207 Dra. Sara Faisal \/ Estudio VIC","datePublished":"2020-04-17T01:41:56+00:00","dateModified":"2020-04-17T01:41:58+00:00","mainEntityOfPage":{"@id":"https:\/\/www.arquimaster.com.ar\/web\/jardin-no-1207-dra-sara-faisal-estudio-vic\/"},"wordCount":1801,"publisher":{"@id":"https:\/\/www.arquimaster.com.ar\/web\/#organization"},"image":{"@id":"https:\/\/www.arquimaster.com.ar\/web\/jardin-no-1207-dra-sara-faisal-estudio-vic\/#primaryimage"},"thumbnailUrl":"https:\/\/www.arquimaster.com.ar\/web\/wp-content\/uploads\/2020\/04\/jardin_sara_faisal_slide.jpg","keywords":["Alana Ojalvo","arquitectura para la educacion","edificio educativo","ense\u00f1anza inicial","Estudio VIC","guarderia","jardin de infantes","Mar\u00eda Victoria Silvestre","Santa Fe"],"articleSection":["Edificios para la educacion","Proyecto"],"inLanguage":"es"},{"@type":"WebPage","@id":"https:\/\/www.arquimaster.com.ar\/web\/jardin-no-1207-dra-sara-faisal-estudio-vic\/","url":"https:\/\/www.arquimaster.com.ar\/web\/jardin-no-1207-dra-sara-faisal-estudio-vic\/","name":"Jard\u00edn N\u00ba 1207 Dra. Sara Faisal \/ Estudio VIC - Arquimaster","isPartOf":{"@id":"https:\/\/www.arquimaster.com.ar\/web\/#website"},"primaryImageOfPage":{"@id":"https:\/\/www.arquimaster.com.ar\/web\/jardin-no-1207-dra-sara-faisal-estudio-vic\/#primaryimage"},"image":{"@id":"https:\/\/www.arquimaster.com.ar\/web\/jardin-no-1207-dra-sara-faisal-estudio-vic\/#primaryimage"},"thumbnailUrl":"https:\/\/www.arquimaster.com.ar\/web\/wp-content\/uploads\/2020\/04\/jardin_sara_faisal_slide.jpg","datePublished":"2020-04-17T01:41:56+00:00","dateModified":"2020-04-17T01:41:58+00:00","description":"El problema proyectual se centra en la refuncionalizaci\u00f3n de los \u00e1mbitos construidos, la apertura e integraci\u00f3n entre los espacios \u00e1ulicos y los exteriores y en la cualificaci\u00f3n espacial asociada tambi\u00e9n a una transformaci\u00f3n de usos.","breadcrumb":{"@id":"https:\/\/www.arquimaster.com.ar\/web\/jardin-no-1207-dra-sara-faisal-estudio-vic\/#breadcrumb"},"inLanguage":"es","potentialAction":[{"@type":"ReadAction","target":["https:\/\/www.arquimaster.com.ar\/web\/jardin-no-1207-dra-sara-faisal-estudio-vic\/"]}]},{"@type":"ImageObject","inLanguage":"es","@id":"https:\/\/www.arquimaster.com.ar\/web\/jardin-no-1207-dra-sara-faisal-estudio-vic\/#primaryimage","url":"https:\/\/www.arquimaster.com.ar\/web\/wp-content\/uploads\/2020\/04\/jardin_sara_faisal_slide.jpg","contentUrl":"https:\/\/www.arquimaster.com.ar\/web\/wp-content\/uploads\/2020\/04\/jardin_sara_faisal_slide.jpg","width":698,"height":364},{"@type":"BreadcrumbList","@id":"https:\/\/www.arquimaster.com.ar\/web\/jardin-no-1207-dra-sara-faisal-estudio-vic\/#breadcrumb","itemListElement":[{"@type":"ListItem","position":1,"name":"Portada","item":"https:\/\/www.arquimaster.com.ar\/web\/"},{"@type":"ListItem","position":2,"name":"Jard\u00edn N\u00ba 1207 Dra. Sara Faisal \/ Estudio VIC"}]},{"@type":"WebSite","@id":"https:\/\/www.arquimaster.com.ar\/web\/#website","url":"https:\/\/www.arquimaster.com.ar\/web\/","name":"Arquimaster","description":"Web de arquitectura, dise\u00f1o y construccion","publisher":{"@id":"https:\/\/www.arquimaster.com.ar\/web\/#organization"},"potentialAction":[{"@type":"SearchAction","target":{"@type":"EntryPoint","urlTemplate":"https:\/\/www.arquimaster.com.ar\/web\/?s={search_term_string}"},"query-input":{"@type":"PropertyValueSpecification","valueRequired":true,"valueName":"search_term_string"}}],"inLanguage":"es"},{"@type":"Organization","@id":"https:\/\/www.arquimaster.com.ar\/web\/#organization","name":"Arquimaster","url":"https:\/\/www.arquimaster.com.ar\/web\/","logo":{"@type":"ImageObject","inLanguage":"es","@id":"https:\/\/www.arquimaster.com.ar\/web\/#\/schema\/logo\/image\/","url":"https:\/\/www.arquimaster.com.ar\/web\/wp-content\/uploads\/2022\/06\/arquimaster.png","contentUrl":"https:\/\/www.arquimaster.com.ar\/web\/wp-content\/uploads\/2022\/06\/arquimaster.png","width":594,"height":78,"caption":"Arquimaster"},"image":{"@id":"https:\/\/www.arquimaster.com.ar\/web\/#\/schema\/logo\/image\/"},"sameAs":["http:\/\/www.facebook.com\/ARQUIMASTER.com.ar","https:\/\/x.com\/arquimaster","https:\/\/www.instagram.com\/arquimasterblog\/","https:\/\/www.linkedin.com\/company\/arquimaster","https:\/\/www.pinterest.com\/arquimaster","https:\/\/t.me\/arquimaster"]},{"@type":"Person","@id":"https:\/\/www.arquimaster.com.ar\/web\/#\/schema\/person\/359e9f7c00193fcde068e0dd2ceb0028","name":"Arquimaster"}]}},"uagb_featured_image_src":{"full":["https:\/\/www.arquimaster.com.ar\/web\/wp-content\/uploads\/2020\/04\/jardin_sara_faisal_slide.jpg",698,364,false],"thumbnail":["https:\/\/www.arquimaster.com.ar\/web\/wp-content\/uploads\/2020\/04\/jardin_sara_faisal_slide-150x150.jpg",150,150,true],"medium":["https:\/\/www.arquimaster.com.ar\/web\/wp-content\/uploads\/2020\/04\/jardin_sara_faisal_slide.jpg",698,364,false],"medium_large":["https:\/\/www.arquimaster.com.ar\/web\/wp-content\/uploads\/2020\/04\/jardin_sara_faisal_slide.jpg",698,364,false],"large":["https:\/\/www.arquimaster.com.ar\/web\/wp-content\/uploads\/2020\/04\/jardin_sara_faisal_slide.jpg",698,364,false],"1536x1536":["https:\/\/www.arquimaster.com.ar\/web\/wp-content\/uploads\/2020\/04\/jardin_sara_faisal_slide.jpg",698,364,false],"2048x2048":["https:\/\/www.arquimaster.com.ar\/web\/wp-content\/uploads\/2020\/04\/jardin_sara_faisal_slide.jpg",698,364,false]},"uagb_author_info":{"display_name":"Arquimaster","author_link":"https:\/\/www.arquimaster.com.ar\/web\/author\/arquimaster\/"},"uagb_comment_info":0,"uagb_excerpt":"La intervenci\u00f3n se centr\u00f3 en la apertura e integraci\u00f3n entre los espacios \u00e1ulicos y exteriores...","_links":{"self":[{"href":"https:\/\/www.arquimaster.com.ar\/web\/wp-json\/wp\/v2\/posts\/54680","targetHints":{"allow":["GET"]}}],"collection":[{"href":"https:\/\/www.arquimaster.com.ar\/web\/wp-json\/wp\/v2\/posts"}],"about":[{"href":"https:\/\/www.arquimaster.com.ar\/web\/wp-json\/wp\/v2\/types\/post"}],"author":[{"embeddable":true,"href":"https:\/\/www.arquimaster.com.ar\/web\/wp-json\/wp\/v2\/users\/1"}],"replies":[{"embeddable":true,"href":"https:\/\/www.arquimaster.com.ar\/web\/wp-json\/wp\/v2\/comments?post=54680"}],"version-history":[{"count":1,"href":"https:\/\/www.arquimaster.com.ar\/web\/wp-json\/wp\/v2\/posts\/54680\/revisions"}],"predecessor-version":[{"id":54755,"href":"https:\/\/www.arquimaster.com.ar\/web\/wp-json\/wp\/v2\/posts\/54680\/revisions\/54755"}],"wp:featuredmedia":[{"embeddable":true,"href":"https:\/\/www.arquimaster.com.ar\/web\/wp-json\/wp\/v2\/media\/54681"}],"wp:attachment":[{"href":"https:\/\/www.arquimaster.com.ar\/web\/wp-json\/wp\/v2\/media?parent=54680"}],"wp:term":[{"taxonomy":"category","embeddable":true,"href":"https:\/\/www.arquimaster.com.ar\/web\/wp-json\/wp\/v2\/categories?post=54680"},{"taxonomy":"post_tag","embeddable":true,"href":"https:\/\/www.arquimaster.com.ar\/web\/wp-json\/wp\/v2\/tags?post=54680"}],"curies":[{"name":"wp","href":"https:\/\/api.w.org\/{rel}","templated":true}]}}