{"id":54779,"date":"2020-04-13T17:41:39","date_gmt":"2020-04-13T20:41:39","guid":{"rendered":"https:\/\/www.arquimaster.com.ar\/web\/?p=54779"},"modified":"2025-07-28T19:11:24","modified_gmt":"2025-07-28T22:11:24","slug":"empresarios-pyme-construyen-y-donan-modulos-de-emergencia-hospitalaria","status":"publish","type":"post","link":"https:\/\/www.arquimaster.com.ar\/web\/empresarios-pyme-construyen-y-donan-modulos-de-emergencia-hospitalaria\/","title":{"rendered":"Empresarios PyME construyen y donan m\u00f3dulos de emergencia hospitalaria"},"content":{"rendered":"<div style=\"margin-top: 0px; margin-bottom: 0px;\" class=\"sharethis-inline-share-buttons\" ><\/div><div class=\"b812932af2e751442846f039925109de\" data-index=\"1\" style=\"float: none; margin:25px 0 25px 0; text-align:center;\">\n<script async src=\"https:\/\/pagead2.googlesyndication.com\/pagead\/js\/adsbygoogle.js\"><\/script>\r\n<!-- Arquimaster (superior) -->\r\n<ins class=\"adsbygoogle\"\r\n     style=\"display:block\"\r\n     data-ad-client=\"ca-pub-6351072698456832\"\r\n     data-ad-slot=\"6455489680\"\r\n     data-ad-format=\"auto\"\r\n     data-full-width-responsive=\"true\"><\/ins>\r\n<script>\r\n     (adsbygoogle = window.adsbygoogle || []).push({});\r\n<\/script>\n<\/div>\n<h3><em><strong>Campa\u00f1a \u00abSumemos Espacio, sumemos Salud\u00bb en el marco de la pandemia Covid-19. La recaudaci\u00f3n y verificaci\u00f3n de los fondos se realiza a trav\u00e9s de COAS (Argentina).<\/strong><\/em><\/h3>\n<p>En tiempos de pandemia se deben priorizar los fines solidarios. As\u00ed, un grupo de empresarios pyme vinculados al rubro de la construcci\u00f3n, con el apoyo de COAS (Cooperadora de Accion Social) en la recaudaci\u00f3n y verificaci\u00f3n de los fondos, tom\u00f3 la iniciativa de construir m\u00f3dulos de emergencia hospitalaria que ser\u00e1n donados a centros m\u00e9dicos.<\/p>\n<div id='gallery-1' class='gallery galleryid-54779 gallery-columns-3 gallery-size-thumbnail'><figure class='gallery-item'>\n\t\t\t<div class='gallery-icon landscape'>\n\t\t\t\t<a href='https:\/\/www.arquimaster.com.ar\/web\/wp-content\/uploads\/2020\/04\/modulo_emergencia_hospitalaria1.jpg' title=\"Empresarios PyME construyen y donan m\u00f3dulos de emergencia hospitalaria\" data-rl_title=\"Empresarios PyME construyen y donan m\u00f3dulos de emergencia hospitalaria\" class=\"rl-gallery-link\" data-rl_caption=\"Empresarios PyME construyen y donan m\u00f3dulos de emergencia hospitalaria\" data-rel=\"lightbox-gallery-1\"><img loading=\"lazy\" decoding=\"async\" width=\"150\" height=\"150\" src=\"https:\/\/www.arquimaster.com.ar\/web\/wp-content\/uploads\/2020\/04\/modulo_emergencia_hospitalaria1-150x150.jpg\" class=\"attachment-thumbnail size-thumbnail\" alt=\"\" aria-describedby=\"gallery-1-54782\" \/><\/a>\n\t\t\t<\/div>\n\t\t\t\t<figcaption class='wp-caption-text gallery-caption' id='gallery-1-54782'>\n\t\t\t\tEmpresarios PyME construyen y donan m\u00f3dulos de emergencia hospitalaria\n\t\t\t\t<\/figcaption><\/figure><figure class='gallery-item'>\n\t\t\t<div class='gallery-icon landscape'>\n\t\t\t\t<a href='https:\/\/www.arquimaster.com.ar\/web\/wp-content\/uploads\/2020\/04\/modulo_emergencia_hospitalaria2.jpg' title=\"Empresarios PyME construyen y donan m\u00f3dulos de emergencia hospitalaria\" data-rl_title=\"Empresarios PyME construyen y donan m\u00f3dulos de emergencia hospitalaria\" class=\"rl-gallery-link\" data-rl_caption=\"Empresarios PyME construyen y donan m\u00f3dulos de emergencia hospitalaria\" data-rel=\"lightbox-gallery-1\"><img loading=\"lazy\" decoding=\"async\" width=\"150\" height=\"150\" src=\"https:\/\/www.arquimaster.com.ar\/web\/wp-content\/uploads\/2020\/04\/modulo_emergencia_hospitalaria2-150x150.jpg\" class=\"attachment-thumbnail size-thumbnail\" alt=\"\" aria-describedby=\"gallery-1-54783\" \/><\/a>\n\t\t\t<\/div>\n\t\t\t\t<figcaption class='wp-caption-text gallery-caption' id='gallery-1-54783'>\n\t\t\t\tEmpresarios PyME construyen y donan m\u00f3dulos de emergencia hospitalaria\n\t\t\t\t<\/figcaption><\/figure><figure class='gallery-item'>\n\t\t\t<div class='gallery-icon portrait'>\n\t\t\t\t<a href='https:\/\/www.arquimaster.com.ar\/web\/wp-content\/uploads\/2020\/04\/modulo_emergencia_hospitalaria3.jpg' title=\"Empresarios PyME construyen y donan m\u00f3dulos de emergencia hospitalaria\" data-rl_title=\"Empresarios PyME construyen y donan m\u00f3dulos de emergencia hospitalaria\" class=\"rl-gallery-link\" data-rl_caption=\"Empresarios PyME construyen y donan m\u00f3dulos de emergencia hospitalaria\" data-rel=\"lightbox-gallery-1\"><img loading=\"lazy\" decoding=\"async\" width=\"150\" height=\"150\" src=\"https:\/\/www.arquimaster.com.ar\/web\/wp-content\/uploads\/2020\/04\/modulo_emergencia_hospitalaria3-150x150.jpg\" class=\"attachment-thumbnail size-thumbnail\" alt=\"\" aria-describedby=\"gallery-1-54780\" \/><\/a>\n\t\t\t<\/div>\n\t\t\t\t<figcaption class='wp-caption-text gallery-caption' id='gallery-1-54780'>\n\t\t\t\tEmpresarios PyME construyen y donan m\u00f3dulos de emergencia hospitalaria\n\t\t\t\t<\/figcaption><\/figure>\n\t\t<\/div>\n\n<p>Se trata de m\u00f3dulos intrahospitalarios de 88 m2 de superficie, adosables, transportables y que cumplen con todos los standars de calidad requeridos. Con un costo aproximado de $ 4.000.000, funcionan con consumos m\u00ednimos de energ\u00eda, cuentan con 2 equipos de aire acondicionado y paneles de alta prestaci\u00f3n para controlar la temperatura interior.<\/p>\n<p>Ser\u00e1n trasladados y ubicados en la puerta de hospitales y centros sanitarios y permitir\u00e1n liberar espacios cr\u00edticos. Servir\u00e1n de primera l\u00ednea de contenci\u00f3n para recibir enfermos o podr\u00e1n ser utilizados como consultorios externos para realizar diagn\u00f3sticos tempranos.<\/p>\n<p>Bajo el lema \u00abSumemos Espacio, sumemos Salud\u00bb, el objetivo es ampliar la base operativa de los centros sanitarios para que los m\u00e9dicos cuenten con espacios seguros y c\u00f3modos para desarrollar su trabajo sin que las Guardias se vean sobrepasadas ni el sistema de salud colapsado.<\/p>\n<p>Se realiz\u00f3 una previa selecci\u00f3n de centros de salud a los que se donar\u00e1n los m\u00f3dulos y se priorizaron aquellos que a posteriori de la pandemia podr\u00e1n darles un destino provechoso para la comunidad.<\/p>\n<p>Ya se entrego el primer m\u00f3dulo en el Hospital Central de San Isidro y actualmente hay m\u00f3dulos comprometidos para los Hospitales de Vicente L\u00f3pez, Mor\u00f3n, Moreno, Pinamar y para el centro sanitario que arm\u00f3 un p\u00e1rroco en Puerta de Hierro, La Matanza, atendido por m\u00e9dicos del Ejercito.<\/p>\n<p>En Whatsapp y redes ya circulan mensajes solidarios de conocidos referentes como Julian Weich, M\u00f3nica Gutierrez, Alejandro Lerner, Karina Mazzoco y Maru Botana, entre otros, que invitan a difundir y a colaborar econ\u00f3micamente con la iniciativa.<\/p>\n<p>Las donaciones pueden realizarse por Mercado Pago desde el sitio web de la iniciativa o a trav\u00e9s de dep\u00f3sito\/transferencia bancaria en la cuenta del Banco Ciudad de COAS.<\/p>\n\n<div style=\"font-size: 0px; height: 0px; line-height: 0px; margin: 0; padding: 0; clear: both;\"><\/div><div style=\"margin-top: 0px; margin-bottom: 0px;\" class=\"sharethis-inline-share-buttons\" ><\/div>","protected":false},"excerpt":{"rendered":"<p>Campa\u00f1a \u00abSumemos Espacio, sumemos Salud\u00bb en el marco de la pandemia Covid-19&#8230;<\/p>\n","protected":false},"author":1,"featured_media":54781,"comment_status":"closed","ping_status":"closed","sticky":false,"template":"","format":"standard","meta":{"_uag_custom_page_level_css":"","footnotes":""},"categories":[40,64,70],"tags":[1157,5757,5756,1657,269,939,5839,5843,5841,5840],"class_list":["post-54779","post","type-post","status-publish","format-standard","has-post-thumbnail","hentry","category-construccion","category-empresas-construccion","category-noticias-arquitectura","tag-arquitectura-hospitalaria","tag-coronavirus","tag-covid-19","tag-empresa-constructora","tag-empresas-constructoras","tag-hospital","tag-modulo-de-emergencia-hospitalaria","tag-modulo-hospitalario","tag-modulo-intrahospitalario","tag-pyme","generate-columns","tablet-grid-50","mobile-grid-100","grid-parent","grid-50"],"yoast_head":"<!-- This site is optimized with the Yoast SEO plugin v27.3 - https:\/\/yoast.com\/product\/yoast-seo-wordpress\/ -->\n<title>Empresarios PyME construyen y donan m\u00f3dulos de emergencia hospitalaria - Arquimaster<\/title>\n<meta name=\"description\" content=\"Campa\u00f1a &quot;Sumemos Espacio, sumemos Salud&quot; en el marco de la pandemia Covid-19.\" \/>\n<meta name=\"robots\" content=\"index, follow, max-snippet:-1, max-image-preview:large, max-video-preview:-1\" \/>\n<link rel=\"canonical\" href=\"https:\/\/www.arquimaster.com.ar\/web\/empresarios-pyme-construyen-y-donan-modulos-de-emergencia-hospitalaria\/\" \/>\n<meta property=\"og:locale\" content=\"es_ES\" \/>\n<meta property=\"og:type\" content=\"article\" \/>\n<meta property=\"og:title\" content=\"Empresarios PyME construyen y donan m\u00f3dulos de emergencia hospitalaria\" \/>\n<meta property=\"og:description\" content=\"Campa\u00f1a &quot;Sumemos Espacio, sumemos Salud&quot; en el marco de la pandemia Covid-19.\" \/>\n<meta property=\"og:url\" content=\"https:\/\/www.arquimaster.com.ar\/web\/empresarios-pyme-construyen-y-donan-modulos-de-emergencia-hospitalaria\/\" \/>\n<meta property=\"og:site_name\" content=\"Arquimaster\" \/>\n<meta property=\"article:publisher\" content=\"http:\/\/www.facebook.com\/ARQUIMASTER.com.ar\" \/>\n<meta property=\"article:published_time\" content=\"2020-04-13T20:41:39+00:00\" \/>\n<meta property=\"article:modified_time\" content=\"2025-07-28T22:11:24+00:00\" \/>\n<meta property=\"og:image\" content=\"https:\/\/www.arquimaster.com.ar\/web\/wp-content\/uploads\/2020\/04\/modulo_emergencia_hospitalaria_slide.jpg\" \/>\n\t<meta property=\"og:image:width\" content=\"698\" \/>\n\t<meta property=\"og:image:height\" content=\"364\" \/>\n\t<meta property=\"og:image:type\" content=\"image\/jpeg\" \/>\n<meta name=\"author\" content=\"Arquimaster\" \/>\n<meta name=\"twitter:card\" content=\"summary_large_image\" \/>\n<meta name=\"twitter:title\" content=\"Empresarios PyME construyen y donan m\u00f3dulos de emergencia hospitalaria\" \/>\n<meta name=\"twitter:description\" content=\"Campa\u00f1a &quot;Sumemos Espacio, sumemos Salud&quot; en el marco de la pandemia Covid-19.\" \/>\n<meta name=\"twitter:image\" content=\"https:\/\/www.arquimaster.com.ar\/web\/wp-content\/uploads\/2020\/04\/modulo_emergencia_hospitalaria_slide.jpg\" \/>\n<meta name=\"twitter:creator\" content=\"@arquimaster\" \/>\n<meta name=\"twitter:site\" content=\"@arquimaster\" \/>\n<meta name=\"twitter:label1\" content=\"Escrito por\" \/>\n\t<meta name=\"twitter:data1\" content=\"Arquimaster\" \/>\n\t<meta name=\"twitter:label2\" content=\"Tiempo de lectura\" \/>\n\t<meta name=\"twitter:data2\" content=\"2 minutos\" \/>\n<script type=\"application\/ld+json\" class=\"yoast-schema-graph\">{\"@context\":\"https:\\\/\\\/schema.org\",\"@graph\":[{\"@type\":\"Article\",\"@id\":\"https:\\\/\\\/www.arquimaster.com.ar\\\/web\\\/empresarios-pyme-construyen-y-donan-modulos-de-emergencia-hospitalaria\\\/#article\",\"isPartOf\":{\"@id\":\"https:\\\/\\\/www.arquimaster.com.ar\\\/web\\\/empresarios-pyme-construyen-y-donan-modulos-de-emergencia-hospitalaria\\\/\"},\"author\":{\"name\":\"Arquimaster\",\"@id\":\"https:\\\/\\\/www.arquimaster.com.ar\\\/web\\\/#\\\/schema\\\/person\\\/359e9f7c00193fcde068e0dd2ceb0028\"},\"headline\":\"Empresarios PyME construyen y donan m\u00f3dulos de emergencia hospitalaria\",\"datePublished\":\"2020-04-13T20:41:39+00:00\",\"dateModified\":\"2025-07-28T22:11:24+00:00\",\"mainEntityOfPage\":{\"@id\":\"https:\\\/\\\/www.arquimaster.com.ar\\\/web\\\/empresarios-pyme-construyen-y-donan-modulos-de-emergencia-hospitalaria\\\/\"},\"wordCount\":408,\"publisher\":{\"@id\":\"https:\\\/\\\/www.arquimaster.com.ar\\\/web\\\/#organization\"},\"image\":{\"@id\":\"https:\\\/\\\/www.arquimaster.com.ar\\\/web\\\/empresarios-pyme-construyen-y-donan-modulos-de-emergencia-hospitalaria\\\/#primaryimage\"},\"thumbnailUrl\":\"https:\\\/\\\/www.arquimaster.com.ar\\\/web\\\/wp-content\\\/uploads\\\/2020\\\/04\\\/modulo_emergencia_hospitalaria_slide.jpg\",\"keywords\":[\"arquitectura hospitalaria\",\"coronavirus\",\"Covid-19\",\"empresa constructora\",\"empresas constructoras\",\"hospital\",\"modulo de emergencia hospitalaria\",\"modulo hospitalario\",\"modulo intrahospitalario\",\"PyME\"],\"articleSection\":[\"Construccion\",\"Empresas de la construccion\",\"Noticias de arquitectura y dise\u00f1o\"],\"inLanguage\":\"es\"},{\"@type\":\"WebPage\",\"@id\":\"https:\\\/\\\/www.arquimaster.com.ar\\\/web\\\/empresarios-pyme-construyen-y-donan-modulos-de-emergencia-hospitalaria\\\/\",\"url\":\"https:\\\/\\\/www.arquimaster.com.ar\\\/web\\\/empresarios-pyme-construyen-y-donan-modulos-de-emergencia-hospitalaria\\\/\",\"name\":\"Empresarios PyME construyen y donan m\u00f3dulos de emergencia hospitalaria - Arquimaster\",\"isPartOf\":{\"@id\":\"https:\\\/\\\/www.arquimaster.com.ar\\\/web\\\/#website\"},\"primaryImageOfPage\":{\"@id\":\"https:\\\/\\\/www.arquimaster.com.ar\\\/web\\\/empresarios-pyme-construyen-y-donan-modulos-de-emergencia-hospitalaria\\\/#primaryimage\"},\"image\":{\"@id\":\"https:\\\/\\\/www.arquimaster.com.ar\\\/web\\\/empresarios-pyme-construyen-y-donan-modulos-de-emergencia-hospitalaria\\\/#primaryimage\"},\"thumbnailUrl\":\"https:\\\/\\\/www.arquimaster.com.ar\\\/web\\\/wp-content\\\/uploads\\\/2020\\\/04\\\/modulo_emergencia_hospitalaria_slide.jpg\",\"datePublished\":\"2020-04-13T20:41:39+00:00\",\"dateModified\":\"2025-07-28T22:11:24+00:00\",\"description\":\"Campa\u00f1a \\\"Sumemos Espacio, sumemos Salud\\\" en el marco de la pandemia Covid-19.\",\"breadcrumb\":{\"@id\":\"https:\\\/\\\/www.arquimaster.com.ar\\\/web\\\/empresarios-pyme-construyen-y-donan-modulos-de-emergencia-hospitalaria\\\/#breadcrumb\"},\"inLanguage\":\"es\",\"potentialAction\":[{\"@type\":\"ReadAction\",\"target\":[\"https:\\\/\\\/www.arquimaster.com.ar\\\/web\\\/empresarios-pyme-construyen-y-donan-modulos-de-emergencia-hospitalaria\\\/\"]}]},{\"@type\":\"ImageObject\",\"inLanguage\":\"es\",\"@id\":\"https:\\\/\\\/www.arquimaster.com.ar\\\/web\\\/empresarios-pyme-construyen-y-donan-modulos-de-emergencia-hospitalaria\\\/#primaryimage\",\"url\":\"https:\\\/\\\/www.arquimaster.com.ar\\\/web\\\/wp-content\\\/uploads\\\/2020\\\/04\\\/modulo_emergencia_hospitalaria_slide.jpg\",\"contentUrl\":\"https:\\\/\\\/www.arquimaster.com.ar\\\/web\\\/wp-content\\\/uploads\\\/2020\\\/04\\\/modulo_emergencia_hospitalaria_slide.jpg\",\"width\":698,\"height\":364},{\"@type\":\"BreadcrumbList\",\"@id\":\"https:\\\/\\\/www.arquimaster.com.ar\\\/web\\\/empresarios-pyme-construyen-y-donan-modulos-de-emergencia-hospitalaria\\\/#breadcrumb\",\"itemListElement\":[{\"@type\":\"ListItem\",\"position\":1,\"name\":\"Portada\",\"item\":\"https:\\\/\\\/www.arquimaster.com.ar\\\/web\\\/\"},{\"@type\":\"ListItem\",\"position\":2,\"name\":\"Empresarios PyME construyen y donan m\u00f3dulos de emergencia hospitalaria\"}]},{\"@type\":\"WebSite\",\"@id\":\"https:\\\/\\\/www.arquimaster.com.ar\\\/web\\\/#website\",\"url\":\"https:\\\/\\\/www.arquimaster.com.ar\\\/web\\\/\",\"name\":\"Arquimaster\",\"description\":\"Web de arquitectura, dise\u00f1o y construccion\",\"publisher\":{\"@id\":\"https:\\\/\\\/www.arquimaster.com.ar\\\/web\\\/#organization\"},\"potentialAction\":[{\"@type\":\"SearchAction\",\"target\":{\"@type\":\"EntryPoint\",\"urlTemplate\":\"https:\\\/\\\/www.arquimaster.com.ar\\\/web\\\/?s={search_term_string}\"},\"query-input\":{\"@type\":\"PropertyValueSpecification\",\"valueRequired\":true,\"valueName\":\"search_term_string\"}}],\"inLanguage\":\"es\"},{\"@type\":\"Organization\",\"@id\":\"https:\\\/\\\/www.arquimaster.com.ar\\\/web\\\/#organization\",\"name\":\"Arquimaster\",\"url\":\"https:\\\/\\\/www.arquimaster.com.ar\\\/web\\\/\",\"logo\":{\"@type\":\"ImageObject\",\"inLanguage\":\"es\",\"@id\":\"https:\\\/\\\/www.arquimaster.com.ar\\\/web\\\/#\\\/schema\\\/logo\\\/image\\\/\",\"url\":\"https:\\\/\\\/www.arquimaster.com.ar\\\/web\\\/wp-content\\\/uploads\\\/2022\\\/06\\\/arquimaster.png\",\"contentUrl\":\"https:\\\/\\\/www.arquimaster.com.ar\\\/web\\\/wp-content\\\/uploads\\\/2022\\\/06\\\/arquimaster.png\",\"width\":594,\"height\":78,\"caption\":\"Arquimaster\"},\"image\":{\"@id\":\"https:\\\/\\\/www.arquimaster.com.ar\\\/web\\\/#\\\/schema\\\/logo\\\/image\\\/\"},\"sameAs\":[\"http:\\\/\\\/www.facebook.com\\\/ARQUIMASTER.com.ar\",\"https:\\\/\\\/x.com\\\/arquimaster\",\"https:\\\/\\\/www.instagram.com\\\/arquimasterblog\\\/\",\"https:\\\/\\\/www.linkedin.com\\\/company\\\/arquimaster\",\"https:\\\/\\\/www.pinterest.com\\\/arquimaster\",\"https:\\\/\\\/t.me\\\/arquimaster\"]},{\"@type\":\"Person\",\"@id\":\"https:\\\/\\\/www.arquimaster.com.ar\\\/web\\\/#\\\/schema\\\/person\\\/359e9f7c00193fcde068e0dd2ceb0028\",\"name\":\"Arquimaster\"}]}<\/script>\n<!-- \/ Yoast SEO plugin. -->","yoast_head_json":{"title":"Empresarios PyME construyen y donan m\u00f3dulos de emergencia hospitalaria - Arquimaster","description":"Campa\u00f1a \"Sumemos Espacio, sumemos Salud\" en el marco de la pandemia Covid-19.","robots":{"index":"index","follow":"follow","max-snippet":"max-snippet:-1","max-image-preview":"max-image-preview:large","max-video-preview":"max-video-preview:-1"},"canonical":"https:\/\/www.arquimaster.com.ar\/web\/empresarios-pyme-construyen-y-donan-modulos-de-emergencia-hospitalaria\/","og_locale":"es_ES","og_type":"article","og_title":"Empresarios PyME construyen y donan m\u00f3dulos de emergencia hospitalaria","og_description":"Campa\u00f1a \"Sumemos Espacio, sumemos Salud\" en el marco de la pandemia Covid-19.","og_url":"https:\/\/www.arquimaster.com.ar\/web\/empresarios-pyme-construyen-y-donan-modulos-de-emergencia-hospitalaria\/","og_site_name":"Arquimaster","article_publisher":"http:\/\/www.facebook.com\/ARQUIMASTER.com.ar","article_published_time":"2020-04-13T20:41:39+00:00","article_modified_time":"2025-07-28T22:11:24+00:00","og_image":[{"width":698,"height":364,"url":"https:\/\/www.arquimaster.com.ar\/web\/wp-content\/uploads\/2020\/04\/modulo_emergencia_hospitalaria_slide.jpg","type":"image\/jpeg"}],"author":"Arquimaster","twitter_card":"summary_large_image","twitter_title":"Empresarios PyME construyen y donan m\u00f3dulos de emergencia hospitalaria","twitter_description":"Campa\u00f1a \"Sumemos Espacio, sumemos Salud\" en el marco de la pandemia Covid-19.","twitter_image":"https:\/\/www.arquimaster.com.ar\/web\/wp-content\/uploads\/2020\/04\/modulo_emergencia_hospitalaria_slide.jpg","twitter_creator":"@arquimaster","twitter_site":"@arquimaster","twitter_misc":{"Escrito por":"Arquimaster","Tiempo de lectura":"2 minutos"},"schema":{"@context":"https:\/\/schema.org","@graph":[{"@type":"Article","@id":"https:\/\/www.arquimaster.com.ar\/web\/empresarios-pyme-construyen-y-donan-modulos-de-emergencia-hospitalaria\/#article","isPartOf":{"@id":"https:\/\/www.arquimaster.com.ar\/web\/empresarios-pyme-construyen-y-donan-modulos-de-emergencia-hospitalaria\/"},"author":{"name":"Arquimaster","@id":"https:\/\/www.arquimaster.com.ar\/web\/#\/schema\/person\/359e9f7c00193fcde068e0dd2ceb0028"},"headline":"Empresarios PyME construyen y donan m\u00f3dulos de emergencia hospitalaria","datePublished":"2020-04-13T20:41:39+00:00","dateModified":"2025-07-28T22:11:24+00:00","mainEntityOfPage":{"@id":"https:\/\/www.arquimaster.com.ar\/web\/empresarios-pyme-construyen-y-donan-modulos-de-emergencia-hospitalaria\/"},"wordCount":408,"publisher":{"@id":"https:\/\/www.arquimaster.com.ar\/web\/#organization"},"image":{"@id":"https:\/\/www.arquimaster.com.ar\/web\/empresarios-pyme-construyen-y-donan-modulos-de-emergencia-hospitalaria\/#primaryimage"},"thumbnailUrl":"https:\/\/www.arquimaster.com.ar\/web\/wp-content\/uploads\/2020\/04\/modulo_emergencia_hospitalaria_slide.jpg","keywords":["arquitectura hospitalaria","coronavirus","Covid-19","empresa constructora","empresas constructoras","hospital","modulo de emergencia hospitalaria","modulo hospitalario","modulo intrahospitalario","PyME"],"articleSection":["Construccion","Empresas de la construccion","Noticias de arquitectura y dise\u00f1o"],"inLanguage":"es"},{"@type":"WebPage","@id":"https:\/\/www.arquimaster.com.ar\/web\/empresarios-pyme-construyen-y-donan-modulos-de-emergencia-hospitalaria\/","url":"https:\/\/www.arquimaster.com.ar\/web\/empresarios-pyme-construyen-y-donan-modulos-de-emergencia-hospitalaria\/","name":"Empresarios PyME construyen y donan m\u00f3dulos de emergencia hospitalaria - Arquimaster","isPartOf":{"@id":"https:\/\/www.arquimaster.com.ar\/web\/#website"},"primaryImageOfPage":{"@id":"https:\/\/www.arquimaster.com.ar\/web\/empresarios-pyme-construyen-y-donan-modulos-de-emergencia-hospitalaria\/#primaryimage"},"image":{"@id":"https:\/\/www.arquimaster.com.ar\/web\/empresarios-pyme-construyen-y-donan-modulos-de-emergencia-hospitalaria\/#primaryimage"},"thumbnailUrl":"https:\/\/www.arquimaster.com.ar\/web\/wp-content\/uploads\/2020\/04\/modulo_emergencia_hospitalaria_slide.jpg","datePublished":"2020-04-13T20:41:39+00:00","dateModified":"2025-07-28T22:11:24+00:00","description":"Campa\u00f1a \"Sumemos Espacio, sumemos Salud\" en el marco de la pandemia Covid-19.","breadcrumb":{"@id":"https:\/\/www.arquimaster.com.ar\/web\/empresarios-pyme-construyen-y-donan-modulos-de-emergencia-hospitalaria\/#breadcrumb"},"inLanguage":"es","potentialAction":[{"@type":"ReadAction","target":["https:\/\/www.arquimaster.com.ar\/web\/empresarios-pyme-construyen-y-donan-modulos-de-emergencia-hospitalaria\/"]}]},{"@type":"ImageObject","inLanguage":"es","@id":"https:\/\/www.arquimaster.com.ar\/web\/empresarios-pyme-construyen-y-donan-modulos-de-emergencia-hospitalaria\/#primaryimage","url":"https:\/\/www.arquimaster.com.ar\/web\/wp-content\/uploads\/2020\/04\/modulo_emergencia_hospitalaria_slide.jpg","contentUrl":"https:\/\/www.arquimaster.com.ar\/web\/wp-content\/uploads\/2020\/04\/modulo_emergencia_hospitalaria_slide.jpg","width":698,"height":364},{"@type":"BreadcrumbList","@id":"https:\/\/www.arquimaster.com.ar\/web\/empresarios-pyme-construyen-y-donan-modulos-de-emergencia-hospitalaria\/#breadcrumb","itemListElement":[{"@type":"ListItem","position":1,"name":"Portada","item":"https:\/\/www.arquimaster.com.ar\/web\/"},{"@type":"ListItem","position":2,"name":"Empresarios PyME construyen y donan m\u00f3dulos de emergencia hospitalaria"}]},{"@type":"WebSite","@id":"https:\/\/www.arquimaster.com.ar\/web\/#website","url":"https:\/\/www.arquimaster.com.ar\/web\/","name":"Arquimaster","description":"Web de arquitectura, dise\u00f1o y construccion","publisher":{"@id":"https:\/\/www.arquimaster.com.ar\/web\/#organization"},"potentialAction":[{"@type":"SearchAction","target":{"@type":"EntryPoint","urlTemplate":"https:\/\/www.arquimaster.com.ar\/web\/?s={search_term_string}"},"query-input":{"@type":"PropertyValueSpecification","valueRequired":true,"valueName":"search_term_string"}}],"inLanguage":"es"},{"@type":"Organization","@id":"https:\/\/www.arquimaster.com.ar\/web\/#organization","name":"Arquimaster","url":"https:\/\/www.arquimaster.com.ar\/web\/","logo":{"@type":"ImageObject","inLanguage":"es","@id":"https:\/\/www.arquimaster.com.ar\/web\/#\/schema\/logo\/image\/","url":"https:\/\/www.arquimaster.com.ar\/web\/wp-content\/uploads\/2022\/06\/arquimaster.png","contentUrl":"https:\/\/www.arquimaster.com.ar\/web\/wp-content\/uploads\/2022\/06\/arquimaster.png","width":594,"height":78,"caption":"Arquimaster"},"image":{"@id":"https:\/\/www.arquimaster.com.ar\/web\/#\/schema\/logo\/image\/"},"sameAs":["http:\/\/www.facebook.com\/ARQUIMASTER.com.ar","https:\/\/x.com\/arquimaster","https:\/\/www.instagram.com\/arquimasterblog\/","https:\/\/www.linkedin.com\/company\/arquimaster","https:\/\/www.pinterest.com\/arquimaster","https:\/\/t.me\/arquimaster"]},{"@type":"Person","@id":"https:\/\/www.arquimaster.com.ar\/web\/#\/schema\/person\/359e9f7c00193fcde068e0dd2ceb0028","name":"Arquimaster"}]}},"uagb_featured_image_src":{"full":["https:\/\/www.arquimaster.com.ar\/web\/wp-content\/uploads\/2020\/04\/modulo_emergencia_hospitalaria_slide.jpg",698,364,false],"thumbnail":["https:\/\/www.arquimaster.com.ar\/web\/wp-content\/uploads\/2020\/04\/modulo_emergencia_hospitalaria_slide-150x150.jpg",150,150,true],"medium":["https:\/\/www.arquimaster.com.ar\/web\/wp-content\/uploads\/2020\/04\/modulo_emergencia_hospitalaria_slide.jpg",698,364,false],"medium_large":["https:\/\/www.arquimaster.com.ar\/web\/wp-content\/uploads\/2020\/04\/modulo_emergencia_hospitalaria_slide.jpg",698,364,false],"large":["https:\/\/www.arquimaster.com.ar\/web\/wp-content\/uploads\/2020\/04\/modulo_emergencia_hospitalaria_slide.jpg",698,364,false],"1536x1536":["https:\/\/www.arquimaster.com.ar\/web\/wp-content\/uploads\/2020\/04\/modulo_emergencia_hospitalaria_slide.jpg",698,364,false],"2048x2048":["https:\/\/www.arquimaster.com.ar\/web\/wp-content\/uploads\/2020\/04\/modulo_emergencia_hospitalaria_slide.jpg",698,364,false]},"uagb_author_info":{"display_name":"Arquimaster","author_link":"https:\/\/www.arquimaster.com.ar\/web\/author\/arquimaster\/"},"uagb_comment_info":0,"uagb_excerpt":"Campa\u00f1a \"Sumemos Espacio, sumemos Salud\" en el marco de la pandemia Covid-19...","_links":{"self":[{"href":"https:\/\/www.arquimaster.com.ar\/web\/wp-json\/wp\/v2\/posts\/54779","targetHints":{"allow":["GET"]}}],"collection":[{"href":"https:\/\/www.arquimaster.com.ar\/web\/wp-json\/wp\/v2\/posts"}],"about":[{"href":"https:\/\/www.arquimaster.com.ar\/web\/wp-json\/wp\/v2\/types\/post"}],"author":[{"embeddable":true,"href":"https:\/\/www.arquimaster.com.ar\/web\/wp-json\/wp\/v2\/users\/1"}],"replies":[{"embeddable":true,"href":"https:\/\/www.arquimaster.com.ar\/web\/wp-json\/wp\/v2\/comments?post=54779"}],"version-history":[{"count":3,"href":"https:\/\/www.arquimaster.com.ar\/web\/wp-json\/wp\/v2\/posts\/54779\/revisions"}],"predecessor-version":[{"id":85518,"href":"https:\/\/www.arquimaster.com.ar\/web\/wp-json\/wp\/v2\/posts\/54779\/revisions\/85518"}],"wp:featuredmedia":[{"embeddable":true,"href":"https:\/\/www.arquimaster.com.ar\/web\/wp-json\/wp\/v2\/media\/54781"}],"wp:attachment":[{"href":"https:\/\/www.arquimaster.com.ar\/web\/wp-json\/wp\/v2\/media?parent=54779"}],"wp:term":[{"taxonomy":"category","embeddable":true,"href":"https:\/\/www.arquimaster.com.ar\/web\/wp-json\/wp\/v2\/categories?post=54779"},{"taxonomy":"post_tag","embeddable":true,"href":"https:\/\/www.arquimaster.com.ar\/web\/wp-json\/wp\/v2\/tags?post=54779"}],"curies":[{"name":"wp","href":"https:\/\/api.w.org\/{rel}","templated":true}]}}