{"id":54882,"date":"2020-04-22T18:58:26","date_gmt":"2020-04-22T21:58:26","guid":{"rendered":"https:\/\/www.arquimaster.com.ar\/web\/?p=54882"},"modified":"2020-04-22T18:58:27","modified_gmt":"2020-04-22T21:58:27","slug":"ys2house-otroestudio","status":"publish","type":"post","link":"https:\/\/www.arquimaster.com.ar\/web\/ys2house-otroestudio\/","title":{"rendered":"YS+2House \/ OTROestudio"},"content":{"rendered":"<div style=\"margin-top: 0px; margin-bottom: 0px;\" class=\"sharethis-inline-share-buttons\" ><\/div><div class=\"b812932af2e751442846f039925109de\" data-index=\"1\" style=\"float: none; margin:25px 0 25px 0; text-align:center;\">\n<script async src=\"https:\/\/pagead2.googlesyndication.com\/pagead\/js\/adsbygoogle.js\"><\/script>\r\n<!-- Arquimaster (superior) -->\r\n<ins class=\"adsbygoogle\"\r\n     style=\"display:block\"\r\n     data-ad-client=\"ca-pub-6351072698456832\"\r\n     data-ad-slot=\"6455489680\"\r\n     data-ad-format=\"auto\"\r\n     data-full-width-responsive=\"true\"><\/ins>\r\n<script>\r\n     (adsbygoogle = window.adsbygoogle || []).push({});\r\n<\/script>\n<\/div>\n<p><strong>YS+2House<\/strong> (Santa Cruz de Tenerife, Islas Canarias, Espa\u00f1a) por <strong>OTROestudio<\/strong>. YS+2House, es una vivienda unifamiliar inserta en una parcela de 1000 m2, ubicada en Playa Para\u00edso, en el municipio de Adeje, Tenerife, Islas Canarias, en una trama urbana muy tranquila, que tiene como principal caracter\u00edstica unas vistas espectaculares hacia la isla La Gomera. La vivienda consta de 450 m2 construidos distribuidos en tres plantas, una piscina y espacios verdes.<\/p>\n<div id='gallery-1' class='gallery galleryid-54882 gallery-columns-3 gallery-size-thumbnail'><figure class='gallery-item'>\n\t\t\t<div class='gallery-icon landscape'>\n\t\t\t\t<a href='https:\/\/www.arquimaster.com.ar\/web\/wp-content\/uploads\/2020\/04\/ys_2house1.jpg' title=\"YS+2House \/ OTROestudio (\u00a9 Joaqu\u00edn Ponce de Le\u00f3n)\" data-rl_title=\"YS+2House \/ OTROestudio (\u00a9 Joaqu\u00edn Ponce de Le\u00f3n)\" class=\"rl-gallery-link\" data-rl_caption=\"YS+2House \/ OTROestudio (\u00a9 Joaqu\u00edn Ponce de Le\u00f3n)\" data-rel=\"lightbox-gallery-1\"><img loading=\"lazy\" decoding=\"async\" width=\"150\" height=\"150\" src=\"https:\/\/www.arquimaster.com.ar\/web\/wp-content\/uploads\/2020\/04\/ys_2house1-150x150.jpg\" class=\"attachment-thumbnail size-thumbnail\" alt=\"\" aria-describedby=\"gallery-1-54884\" \/><\/a>\n\t\t\t<\/div>\n\t\t\t\t<figcaption class='wp-caption-text gallery-caption' id='gallery-1-54884'>\n\t\t\t\tYS+2House \/ OTROestudio (\u00a9 Joaqu\u00edn Ponce de Le\u00f3n)\n\t\t\t\t<\/figcaption><\/figure><figure class='gallery-item'>\n\t\t\t<div class='gallery-icon portrait'>\n\t\t\t\t<a href='https:\/\/www.arquimaster.com.ar\/web\/wp-content\/uploads\/2020\/04\/ys_2house2.jpg' title=\"YS+2House \/ OTROestudio (\u00a9 Joaqu\u00edn Ponce de Le\u00f3n)\" data-rl_title=\"YS+2House \/ OTROestudio (\u00a9 Joaqu\u00edn Ponce de Le\u00f3n)\" class=\"rl-gallery-link\" data-rl_caption=\"YS+2House \/ OTROestudio (\u00a9 Joaqu\u00edn Ponce de Le\u00f3n)\" data-rel=\"lightbox-gallery-1\"><img loading=\"lazy\" decoding=\"async\" width=\"150\" height=\"150\" src=\"https:\/\/www.arquimaster.com.ar\/web\/wp-content\/uploads\/2020\/04\/ys_2house2-150x150.jpg\" class=\"attachment-thumbnail size-thumbnail\" alt=\"\" aria-describedby=\"gallery-1-54885\" \/><\/a>\n\t\t\t<\/div>\n\t\t\t\t<figcaption class='wp-caption-text gallery-caption' id='gallery-1-54885'>\n\t\t\t\tYS+2House \/ OTROestudio (\u00a9 Joaqu\u00edn Ponce de Le\u00f3n)\n\t\t\t\t<\/figcaption><\/figure><figure class='gallery-item'>\n\t\t\t<div class='gallery-icon landscape'>\n\t\t\t\t<a href='https:\/\/www.arquimaster.com.ar\/web\/wp-content\/uploads\/2020\/04\/ys_2house3.jpg' title=\"YS+2House \/ OTROestudio (\u00a9 Joaqu\u00edn Ponce de Le\u00f3n)\" data-rl_title=\"YS+2House \/ OTROestudio (\u00a9 Joaqu\u00edn Ponce de Le\u00f3n)\" class=\"rl-gallery-link\" data-rl_caption=\"YS+2House \/ OTROestudio (\u00a9 Joaqu\u00edn Ponce de Le\u00f3n)\" data-rel=\"lightbox-gallery-1\"><img loading=\"lazy\" decoding=\"async\" width=\"150\" height=\"150\" src=\"https:\/\/www.arquimaster.com.ar\/web\/wp-content\/uploads\/2020\/04\/ys_2house3-150x150.jpg\" class=\"attachment-thumbnail size-thumbnail\" alt=\"\" aria-describedby=\"gallery-1-54886\" \/><\/a>\n\t\t\t<\/div>\n\t\t\t\t<figcaption class='wp-caption-text gallery-caption' id='gallery-1-54886'>\n\t\t\t\tYS+2House \/ OTROestudio (\u00a9 Joaqu\u00edn Ponce de Le\u00f3n)\n\t\t\t\t<\/figcaption><\/figure><figure class='gallery-item'>\n\t\t\t<div class='gallery-icon landscape'>\n\t\t\t\t<a href='https:\/\/www.arquimaster.com.ar\/web\/wp-content\/uploads\/2020\/04\/ys_2house4.jpg' title=\"YS+2House \/ OTROestudio (\u00a9 Joaqu\u00edn Ponce de Le\u00f3n)\" data-rl_title=\"YS+2House \/ OTROestudio (\u00a9 Joaqu\u00edn Ponce de Le\u00f3n)\" class=\"rl-gallery-link\" data-rl_caption=\"YS+2House \/ OTROestudio (\u00a9 Joaqu\u00edn Ponce de Le\u00f3n)\" data-rel=\"lightbox-gallery-1\"><img loading=\"lazy\" decoding=\"async\" width=\"150\" height=\"150\" src=\"https:\/\/www.arquimaster.com.ar\/web\/wp-content\/uploads\/2020\/04\/ys_2house4-150x150.jpg\" class=\"attachment-thumbnail size-thumbnail\" alt=\"\" aria-describedby=\"gallery-1-54887\" \/><\/a>\n\t\t\t<\/div>\n\t\t\t\t<figcaption class='wp-caption-text gallery-caption' id='gallery-1-54887'>\n\t\t\t\tYS+2House \/ OTROestudio (\u00a9 Joaqu\u00edn Ponce de Le\u00f3n)\n\t\t\t\t<\/figcaption><\/figure><figure class='gallery-item'>\n\t\t\t<div class='gallery-icon landscape'>\n\t\t\t\t<a href='https:\/\/www.arquimaster.com.ar\/web\/wp-content\/uploads\/2020\/04\/ys_2house5.jpg' title=\"YS+2House \/ OTROestudio (\u00a9 Joaqu\u00edn Ponce de Le\u00f3n)\" data-rl_title=\"YS+2House \/ OTROestudio (\u00a9 Joaqu\u00edn Ponce de Le\u00f3n)\" class=\"rl-gallery-link\" data-rl_caption=\"YS+2House \/ OTROestudio (\u00a9 Joaqu\u00edn Ponce de Le\u00f3n)\" data-rel=\"lightbox-gallery-1\"><img loading=\"lazy\" decoding=\"async\" width=\"150\" height=\"150\" src=\"https:\/\/www.arquimaster.com.ar\/web\/wp-content\/uploads\/2020\/04\/ys_2house5-150x150.jpg\" class=\"attachment-thumbnail size-thumbnail\" alt=\"\" aria-describedby=\"gallery-1-54888\" \/><\/a>\n\t\t\t<\/div>\n\t\t\t\t<figcaption class='wp-caption-text gallery-caption' id='gallery-1-54888'>\n\t\t\t\tYS+2House \/ OTROestudio (\u00a9 Joaqu\u00edn Ponce de Le\u00f3n)\n\t\t\t\t<\/figcaption><\/figure><figure class='gallery-item'>\n\t\t\t<div class='gallery-icon landscape'>\n\t\t\t\t<a href='https:\/\/www.arquimaster.com.ar\/web\/wp-content\/uploads\/2020\/04\/ys_2house6.jpg' title=\"YS+2House \/ OTROestudio (\u00a9 Joaqu\u00edn Ponce de Le\u00f3n)\" data-rl_title=\"YS+2House \/ OTROestudio (\u00a9 Joaqu\u00edn Ponce de Le\u00f3n)\" class=\"rl-gallery-link\" data-rl_caption=\"YS+2House \/ OTROestudio (\u00a9 Joaqu\u00edn Ponce de Le\u00f3n)\" data-rel=\"lightbox-gallery-1\"><img loading=\"lazy\" decoding=\"async\" width=\"150\" height=\"150\" src=\"https:\/\/www.arquimaster.com.ar\/web\/wp-content\/uploads\/2020\/04\/ys_2house6-150x150.jpg\" class=\"attachment-thumbnail size-thumbnail\" alt=\"\" aria-describedby=\"gallery-1-54889\" \/><\/a>\n\t\t\t<\/div>\n\t\t\t\t<figcaption class='wp-caption-text gallery-caption' id='gallery-1-54889'>\n\t\t\t\tYS+2House \/ OTROestudio (\u00a9 Joaqu\u00edn Ponce de Le\u00f3n)\n\t\t\t\t<\/figcaption><\/figure><figure class='gallery-item'>\n\t\t\t<div class='gallery-icon landscape'>\n\t\t\t\t<a href='https:\/\/www.arquimaster.com.ar\/web\/wp-content\/uploads\/2020\/04\/ys_2house7.jpg' title=\"YS+2House \/ OTROestudio (\u00a9 Joaqu\u00edn Ponce de Le\u00f3n)\" data-rl_title=\"YS+2House \/ OTROestudio (\u00a9 Joaqu\u00edn Ponce de Le\u00f3n)\" class=\"rl-gallery-link\" data-rl_caption=\"YS+2House \/ OTROestudio (\u00a9 Joaqu\u00edn Ponce de Le\u00f3n)\" data-rel=\"lightbox-gallery-1\"><img loading=\"lazy\" decoding=\"async\" width=\"150\" height=\"150\" src=\"https:\/\/www.arquimaster.com.ar\/web\/wp-content\/uploads\/2020\/04\/ys_2house7-150x150.jpg\" class=\"attachment-thumbnail size-thumbnail\" alt=\"\" aria-describedby=\"gallery-1-54890\" \/><\/a>\n\t\t\t<\/div>\n\t\t\t\t<figcaption class='wp-caption-text gallery-caption' id='gallery-1-54890'>\n\t\t\t\tYS+2House \/ OTROestudio (\u00a9 Joaqu\u00edn Ponce de Le\u00f3n)\n\t\t\t\t<\/figcaption><\/figure><figure class='gallery-item'>\n\t\t\t<div class='gallery-icon landscape'>\n\t\t\t\t<a href='https:\/\/www.arquimaster.com.ar\/web\/wp-content\/uploads\/2020\/04\/ys_2house8.jpg' title=\"YS+2House \/ OTROestudio (\u00a9 Joaqu\u00edn Ponce de Le\u00f3n)\" data-rl_title=\"YS+2House \/ OTROestudio (\u00a9 Joaqu\u00edn Ponce de Le\u00f3n)\" class=\"rl-gallery-link\" data-rl_caption=\"YS+2House \/ OTROestudio (\u00a9 Joaqu\u00edn Ponce de Le\u00f3n)\" data-rel=\"lightbox-gallery-1\"><img loading=\"lazy\" decoding=\"async\" width=\"150\" height=\"150\" src=\"https:\/\/www.arquimaster.com.ar\/web\/wp-content\/uploads\/2020\/04\/ys_2house8-150x150.jpg\" class=\"attachment-thumbnail size-thumbnail\" alt=\"\" aria-describedby=\"gallery-1-54891\" \/><\/a>\n\t\t\t<\/div>\n\t\t\t\t<figcaption class='wp-caption-text gallery-caption' id='gallery-1-54891'>\n\t\t\t\tYS+2House \/ OTROestudio (\u00a9 Joaqu\u00edn Ponce de Le\u00f3n)\n\t\t\t\t<\/figcaption><\/figure><figure class='gallery-item'>\n\t\t\t<div class='gallery-icon landscape'>\n\t\t\t\t<a href='https:\/\/www.arquimaster.com.ar\/web\/wp-content\/uploads\/2020\/04\/ys_2house9.jpg' title=\"YS+2House \/ OTROestudio (\u00a9 Joaqu\u00edn Ponce de Le\u00f3n)\" data-rl_title=\"YS+2House \/ OTROestudio (\u00a9 Joaqu\u00edn Ponce de Le\u00f3n)\" class=\"rl-gallery-link\" data-rl_caption=\"YS+2House \/ OTROestudio (\u00a9 Joaqu\u00edn Ponce de Le\u00f3n)\" data-rel=\"lightbox-gallery-1\"><img loading=\"lazy\" decoding=\"async\" width=\"150\" height=\"150\" src=\"https:\/\/www.arquimaster.com.ar\/web\/wp-content\/uploads\/2020\/04\/ys_2house9-150x150.jpg\" class=\"attachment-thumbnail size-thumbnail\" alt=\"\" aria-describedby=\"gallery-1-54892\" \/><\/a>\n\t\t\t<\/div>\n\t\t\t\t<figcaption class='wp-caption-text gallery-caption' id='gallery-1-54892'>\n\t\t\t\tYS+2House \/ OTROestudio (\u00a9 Joaqu\u00edn Ponce de Le\u00f3n)\n\t\t\t\t<\/figcaption><\/figure><figure class='gallery-item'>\n\t\t\t<div class='gallery-icon landscape'>\n\t\t\t\t<a href='https:\/\/www.arquimaster.com.ar\/web\/wp-content\/uploads\/2020\/04\/ys_2house10.jpg' title=\"YS+2House \/ OTROestudio (\u00a9 Joaqu\u00edn Ponce de Le\u00f3n)\" data-rl_title=\"YS+2House \/ OTROestudio (\u00a9 Joaqu\u00edn Ponce de Le\u00f3n)\" class=\"rl-gallery-link\" data-rl_caption=\"YS+2House \/ OTROestudio (\u00a9 Joaqu\u00edn Ponce de Le\u00f3n)\" data-rel=\"lightbox-gallery-1\"><img loading=\"lazy\" decoding=\"async\" width=\"150\" height=\"150\" src=\"https:\/\/www.arquimaster.com.ar\/web\/wp-content\/uploads\/2020\/04\/ys_2house10-150x150.jpg\" class=\"attachment-thumbnail size-thumbnail\" alt=\"\" aria-describedby=\"gallery-1-54893\" \/><\/a>\n\t\t\t<\/div>\n\t\t\t\t<figcaption class='wp-caption-text gallery-caption' id='gallery-1-54893'>\n\t\t\t\tYS+2House \/ OTROestudio (\u00a9 Joaqu\u00edn Ponce de Le\u00f3n)\n\t\t\t\t<\/figcaption><\/figure><figure class='gallery-item'>\n\t\t\t<div class='gallery-icon landscape'>\n\t\t\t\t<a href='https:\/\/www.arquimaster.com.ar\/web\/wp-content\/uploads\/2020\/04\/ys_2house11.jpg' title=\"YS+2House \/ OTROestudio (\u00a9 Joaqu\u00edn Ponce de Le\u00f3n)\" data-rl_title=\"YS+2House \/ OTROestudio (\u00a9 Joaqu\u00edn Ponce de Le\u00f3n)\" class=\"rl-gallery-link\" data-rl_caption=\"YS+2House \/ OTROestudio (\u00a9 Joaqu\u00edn Ponce de Le\u00f3n)\" data-rel=\"lightbox-gallery-1\"><img loading=\"lazy\" decoding=\"async\" width=\"150\" height=\"150\" src=\"https:\/\/www.arquimaster.com.ar\/web\/wp-content\/uploads\/2020\/04\/ys_2house11-150x150.jpg\" class=\"attachment-thumbnail size-thumbnail\" alt=\"\" aria-describedby=\"gallery-1-54894\" \/><\/a>\n\t\t\t<\/div>\n\t\t\t\t<figcaption class='wp-caption-text gallery-caption' id='gallery-1-54894'>\n\t\t\t\tYS+2House \/ OTROestudio (\u00a9 Joaqu\u00edn Ponce de Le\u00f3n)\n\t\t\t\t<\/figcaption><\/figure><figure class='gallery-item'>\n\t\t\t<div class='gallery-icon landscape'>\n\t\t\t\t<a href='https:\/\/www.arquimaster.com.ar\/web\/wp-content\/uploads\/2020\/04\/ys_2house12.jpg' title=\"YS+2House \/ OTROestudio (\u00a9 Joaqu\u00edn Ponce de Le\u00f3n)\" data-rl_title=\"YS+2House \/ OTROestudio (\u00a9 Joaqu\u00edn Ponce de Le\u00f3n)\" class=\"rl-gallery-link\" data-rl_caption=\"YS+2House \/ OTROestudio (\u00a9 Joaqu\u00edn Ponce de Le\u00f3n)\" data-rel=\"lightbox-gallery-1\"><img loading=\"lazy\" decoding=\"async\" width=\"150\" height=\"150\" src=\"https:\/\/www.arquimaster.com.ar\/web\/wp-content\/uploads\/2020\/04\/ys_2house12-150x150.jpg\" class=\"attachment-thumbnail size-thumbnail\" alt=\"\" aria-describedby=\"gallery-1-54895\" srcset=\"https:\/\/www.arquimaster.com.ar\/web\/wp-content\/uploads\/2020\/04\/ys_2house12-150x150.jpg 150w, https:\/\/www.arquimaster.com.ar\/web\/wp-content\/uploads\/2020\/04\/ys_2house12-1024x1015.jpg 1024w, https:\/\/www.arquimaster.com.ar\/web\/wp-content\/uploads\/2020\/04\/ys_2house12-768x761.jpg 768w, https:\/\/www.arquimaster.com.ar\/web\/wp-content\/uploads\/2020\/04\/ys_2house12.jpg 1513w\" sizes=\"auto, (max-width: 150px) 100vw, 150px\" \/><\/a>\n\t\t\t<\/div>\n\t\t\t\t<figcaption class='wp-caption-text gallery-caption' id='gallery-1-54895'>\n\t\t\t\tYS+2House \/ OTROestudio (\u00a9 Joaqu\u00edn Ponce de Le\u00f3n)\n\t\t\t\t<\/figcaption><\/figure><figure class='gallery-item'>\n\t\t\t<div class='gallery-icon portrait'>\n\t\t\t\t<a href='https:\/\/www.arquimaster.com.ar\/web\/wp-content\/uploads\/2020\/04\/ys_2house13.jpg' title=\"YS+2House \/ OTROestudio (\u00a9 Joaqu\u00edn Ponce de Le\u00f3n)\" data-rl_title=\"YS+2House \/ OTROestudio (\u00a9 Joaqu\u00edn Ponce de Le\u00f3n)\" class=\"rl-gallery-link\" data-rl_caption=\"YS+2House \/ OTROestudio (\u00a9 Joaqu\u00edn Ponce de Le\u00f3n)\" data-rel=\"lightbox-gallery-1\"><img loading=\"lazy\" decoding=\"async\" width=\"150\" height=\"150\" src=\"https:\/\/www.arquimaster.com.ar\/web\/wp-content\/uploads\/2020\/04\/ys_2house13-150x150.jpg\" class=\"attachment-thumbnail size-thumbnail\" alt=\"\" aria-describedby=\"gallery-1-54896\" \/><\/a>\n\t\t\t<\/div>\n\t\t\t\t<figcaption class='wp-caption-text gallery-caption' id='gallery-1-54896'>\n\t\t\t\tYS+2House \/ OTROestudio (\u00a9 Joaqu\u00edn Ponce de Le\u00f3n)\n\t\t\t\t<\/figcaption><\/figure><figure class='gallery-item'>\n\t\t\t<div class='gallery-icon portrait'>\n\t\t\t\t<a href='https:\/\/www.arquimaster.com.ar\/web\/wp-content\/uploads\/2020\/04\/ys_2house14.jpg' title=\"YS+2House \/ OTROestudio (\u00a9 Joaqu\u00edn Ponce de Le\u00f3n)\" data-rl_title=\"YS+2House \/ OTROestudio (\u00a9 Joaqu\u00edn Ponce de Le\u00f3n)\" class=\"rl-gallery-link\" data-rl_caption=\"YS+2House \/ OTROestudio (\u00a9 Joaqu\u00edn Ponce de Le\u00f3n)\" data-rel=\"lightbox-gallery-1\"><img loading=\"lazy\" decoding=\"async\" width=\"150\" height=\"150\" src=\"https:\/\/www.arquimaster.com.ar\/web\/wp-content\/uploads\/2020\/04\/ys_2house14-150x150.jpg\" class=\"attachment-thumbnail size-thumbnail\" alt=\"\" aria-describedby=\"gallery-1-54897\" \/><\/a>\n\t\t\t<\/div>\n\t\t\t\t<figcaption class='wp-caption-text gallery-caption' id='gallery-1-54897'>\n\t\t\t\tYS+2House \/ OTROestudio (\u00a9 Joaqu\u00edn Ponce de Le\u00f3n)\n\t\t\t\t<\/figcaption><\/figure><figure class='gallery-item'>\n\t\t\t<div class='gallery-icon portrait'>\n\t\t\t\t<a href='https:\/\/www.arquimaster.com.ar\/web\/wp-content\/uploads\/2020\/04\/ys_2house15.jpg' title=\"YS+2House \/ OTROestudio (\u00a9 Joaqu\u00edn Ponce de Le\u00f3n)\" data-rl_title=\"YS+2House \/ OTROestudio (\u00a9 Joaqu\u00edn Ponce de Le\u00f3n)\" class=\"rl-gallery-link\" data-rl_caption=\"YS+2House \/ OTROestudio (\u00a9 Joaqu\u00edn Ponce de Le\u00f3n)\" data-rel=\"lightbox-gallery-1\"><img loading=\"lazy\" decoding=\"async\" width=\"150\" height=\"150\" src=\"https:\/\/www.arquimaster.com.ar\/web\/wp-content\/uploads\/2020\/04\/ys_2house15-150x150.jpg\" class=\"attachment-thumbnail size-thumbnail\" alt=\"\" aria-describedby=\"gallery-1-54898\" \/><\/a>\n\t\t\t<\/div>\n\t\t\t\t<figcaption class='wp-caption-text gallery-caption' id='gallery-1-54898'>\n\t\t\t\tYS+2House \/ OTROestudio (\u00a9 Joaqu\u00edn Ponce de Le\u00f3n)\n\t\t\t\t<\/figcaption><\/figure><figure class='gallery-item'>\n\t\t\t<div class='gallery-icon portrait'>\n\t\t\t\t<a href='https:\/\/www.arquimaster.com.ar\/web\/wp-content\/uploads\/2020\/04\/ys_2house16.jpg' title=\"YS+2House \/ OTROestudio (\u00a9 Joaqu\u00edn Ponce de Le\u00f3n)\" data-rl_title=\"YS+2House \/ OTROestudio (\u00a9 Joaqu\u00edn Ponce de Le\u00f3n)\" class=\"rl-gallery-link\" data-rl_caption=\"YS+2House \/ OTROestudio (\u00a9 Joaqu\u00edn Ponce de Le\u00f3n)\" data-rel=\"lightbox-gallery-1\"><img loading=\"lazy\" decoding=\"async\" width=\"150\" height=\"150\" src=\"https:\/\/www.arquimaster.com.ar\/web\/wp-content\/uploads\/2020\/04\/ys_2house16-150x150.jpg\" class=\"attachment-thumbnail size-thumbnail\" alt=\"\" aria-describedby=\"gallery-1-54899\" \/><\/a>\n\t\t\t<\/div>\n\t\t\t\t<figcaption class='wp-caption-text gallery-caption' id='gallery-1-54899'>\n\t\t\t\tYS+2House \/ OTROestudio (\u00a9 Joaqu\u00edn Ponce de Le\u00f3n)\n\t\t\t\t<\/figcaption><\/figure><figure class='gallery-item'>\n\t\t\t<div class='gallery-icon portrait'>\n\t\t\t\t<a href='https:\/\/www.arquimaster.com.ar\/web\/wp-content\/uploads\/2020\/04\/ys_2house17.jpg' title=\"YS+2House \/ OTROestudio (\u00a9 Joaqu\u00edn Ponce de Le\u00f3n)\" data-rl_title=\"YS+2House \/ OTROestudio (\u00a9 Joaqu\u00edn Ponce de Le\u00f3n)\" class=\"rl-gallery-link\" data-rl_caption=\"YS+2House \/ OTROestudio (\u00a9 Joaqu\u00edn Ponce de Le\u00f3n)\" data-rel=\"lightbox-gallery-1\"><img loading=\"lazy\" decoding=\"async\" width=\"150\" height=\"150\" src=\"https:\/\/www.arquimaster.com.ar\/web\/wp-content\/uploads\/2020\/04\/ys_2house17-150x150.jpg\" class=\"attachment-thumbnail size-thumbnail\" alt=\"\" aria-describedby=\"gallery-1-54900\" \/><\/a>\n\t\t\t<\/div>\n\t\t\t\t<figcaption class='wp-caption-text gallery-caption' id='gallery-1-54900'>\n\t\t\t\tYS+2House \/ OTROestudio (\u00a9 Joaqu\u00edn Ponce de Le\u00f3n)\n\t\t\t\t<\/figcaption><\/figure><figure class='gallery-item'>\n\t\t\t<div class='gallery-icon landscape'>\n\t\t\t\t<a href='https:\/\/www.arquimaster.com.ar\/web\/wp-content\/uploads\/2020\/04\/ys_2house18.jpg' title=\"YS+2House \/ OTROestudio (\u00a9 Joaqu\u00edn Ponce de Le\u00f3n)\" data-rl_title=\"YS+2House \/ OTROestudio (\u00a9 Joaqu\u00edn Ponce de Le\u00f3n)\" class=\"rl-gallery-link\" data-rl_caption=\"YS+2House \/ OTROestudio (\u00a9 Joaqu\u00edn Ponce de Le\u00f3n)\" data-rel=\"lightbox-gallery-1\"><img loading=\"lazy\" decoding=\"async\" width=\"150\" height=\"150\" src=\"https:\/\/www.arquimaster.com.ar\/web\/wp-content\/uploads\/2020\/04\/ys_2house18-150x150.jpg\" class=\"attachment-thumbnail size-thumbnail\" alt=\"\" aria-describedby=\"gallery-1-54901\" \/><\/a>\n\t\t\t<\/div>\n\t\t\t\t<figcaption class='wp-caption-text gallery-caption' id='gallery-1-54901'>\n\t\t\t\tYS+2House \/ OTROestudio (\u00a9 Joaqu\u00edn Ponce de Le\u00f3n)\n\t\t\t\t<\/figcaption><\/figure><figure class='gallery-item'>\n\t\t\t<div class='gallery-icon landscape'>\n\t\t\t\t<a href='https:\/\/www.arquimaster.com.ar\/web\/wp-content\/uploads\/2020\/04\/ys_2house19.jpg' title=\"YS+2House \/ OTROestudio (\u00a9 Joaqu\u00edn Ponce de Le\u00f3n)\" data-rl_title=\"YS+2House \/ OTROestudio (\u00a9 Joaqu\u00edn Ponce de Le\u00f3n)\" class=\"rl-gallery-link\" data-rl_caption=\"YS+2House \/ OTROestudio (\u00a9 Joaqu\u00edn Ponce de Le\u00f3n)\" data-rel=\"lightbox-gallery-1\"><img loading=\"lazy\" decoding=\"async\" width=\"150\" height=\"150\" src=\"https:\/\/www.arquimaster.com.ar\/web\/wp-content\/uploads\/2020\/04\/ys_2house19-150x150.jpg\" class=\"attachment-thumbnail size-thumbnail\" alt=\"\" aria-describedby=\"gallery-1-54902\" \/><\/a>\n\t\t\t<\/div>\n\t\t\t\t<figcaption class='wp-caption-text gallery-caption' id='gallery-1-54902'>\n\t\t\t\tYS+2House \/ OTROestudio (\u00a9 Joaqu\u00edn Ponce de Le\u00f3n)\n\t\t\t\t<\/figcaption><\/figure><figure class='gallery-item'>\n\t\t\t<div class='gallery-icon landscape'>\n\t\t\t\t<a href='https:\/\/www.arquimaster.com.ar\/web\/wp-content\/uploads\/2020\/04\/ys_2house20.jpg' title=\"YS+2House \/ OTROestudio (\u00a9 Joaqu\u00edn Ponce de Le\u00f3n)\" data-rl_title=\"YS+2House \/ OTROestudio (\u00a9 Joaqu\u00edn Ponce de Le\u00f3n)\" class=\"rl-gallery-link\" data-rl_caption=\"YS+2House \/ OTROestudio (\u00a9 Joaqu\u00edn Ponce de Le\u00f3n)\" data-rel=\"lightbox-gallery-1\"><img loading=\"lazy\" decoding=\"async\" width=\"150\" height=\"150\" src=\"https:\/\/www.arquimaster.com.ar\/web\/wp-content\/uploads\/2020\/04\/ys_2house20-150x150.jpg\" class=\"attachment-thumbnail size-thumbnail\" alt=\"\" aria-describedby=\"gallery-1-54903\" \/><\/a>\n\t\t\t<\/div>\n\t\t\t\t<figcaption class='wp-caption-text gallery-caption' id='gallery-1-54903'>\n\t\t\t\tYS+2House \/ OTROestudio (\u00a9 Joaqu\u00edn Ponce de Le\u00f3n)\n\t\t\t\t<\/figcaption><\/figure><figure class='gallery-item'>\n\t\t\t<div class='gallery-icon landscape'>\n\t\t\t\t<a href='https:\/\/www.arquimaster.com.ar\/web\/wp-content\/uploads\/2020\/04\/ys_2house21.jpg' title=\"YS+2House \/ OTROestudio (\u00a9 Joaqu\u00edn Ponce de Le\u00f3n)\" data-rl_title=\"YS+2House \/ OTROestudio (\u00a9 Joaqu\u00edn Ponce de Le\u00f3n)\" class=\"rl-gallery-link\" data-rl_caption=\"YS+2House \/ OTROestudio (\u00a9 Joaqu\u00edn Ponce de Le\u00f3n)\" data-rel=\"lightbox-gallery-1\"><img loading=\"lazy\" decoding=\"async\" width=\"150\" height=\"150\" src=\"https:\/\/www.arquimaster.com.ar\/web\/wp-content\/uploads\/2020\/04\/ys_2house21-150x150.jpg\" class=\"attachment-thumbnail size-thumbnail\" alt=\"\" aria-describedby=\"gallery-1-54904\" \/><\/a>\n\t\t\t<\/div>\n\t\t\t\t<figcaption class='wp-caption-text gallery-caption' id='gallery-1-54904'>\n\t\t\t\tYS+2House \/ OTROestudio (\u00a9 Joaqu\u00edn Ponce de Le\u00f3n)\n\t\t\t\t<\/figcaption><\/figure><figure class='gallery-item'>\n\t\t\t<div class='gallery-icon portrait'>\n\t\t\t\t<a href='https:\/\/www.arquimaster.com.ar\/web\/wp-content\/uploads\/2020\/04\/ys_2house22.jpg' title=\"YS+2House \/ OTROestudio (\u00a9 Joaqu\u00edn Ponce de Le\u00f3n)\" data-rl_title=\"YS+2House \/ OTROestudio (\u00a9 Joaqu\u00edn Ponce de Le\u00f3n)\" class=\"rl-gallery-link\" data-rl_caption=\"YS+2House \/ OTROestudio (\u00a9 Joaqu\u00edn Ponce de Le\u00f3n)\" data-rel=\"lightbox-gallery-1\"><img loading=\"lazy\" decoding=\"async\" width=\"150\" height=\"150\" src=\"https:\/\/www.arquimaster.com.ar\/web\/wp-content\/uploads\/2020\/04\/ys_2house22-150x150.jpg\" class=\"attachment-thumbnail size-thumbnail\" alt=\"\" aria-describedby=\"gallery-1-54905\" \/><\/a>\n\t\t\t<\/div>\n\t\t\t\t<figcaption class='wp-caption-text gallery-caption' id='gallery-1-54905'>\n\t\t\t\tYS+2House \/ OTROestudio (\u00a9 Joaqu\u00edn Ponce de Le\u00f3n)\n\t\t\t\t<\/figcaption><\/figure><figure class='gallery-item'>\n\t\t\t<div class='gallery-icon landscape'>\n\t\t\t\t<a href='https:\/\/www.arquimaster.com.ar\/web\/wp-content\/uploads\/2020\/04\/ys_2house23.jpg' title=\"YS+2House \/ OTROestudio (\u00a9 Joaqu\u00edn Ponce de Le\u00f3n)\" data-rl_title=\"YS+2House \/ OTROestudio (\u00a9 Joaqu\u00edn Ponce de Le\u00f3n)\" class=\"rl-gallery-link\" data-rl_caption=\"YS+2House \/ OTROestudio (\u00a9 Joaqu\u00edn Ponce de Le\u00f3n)\" data-rel=\"lightbox-gallery-1\"><img loading=\"lazy\" decoding=\"async\" width=\"150\" height=\"150\" src=\"https:\/\/www.arquimaster.com.ar\/web\/wp-content\/uploads\/2020\/04\/ys_2house23-150x150.jpg\" class=\"attachment-thumbnail size-thumbnail\" alt=\"\" aria-describedby=\"gallery-1-54906\" \/><\/a>\n\t\t\t<\/div>\n\t\t\t\t<figcaption class='wp-caption-text gallery-caption' id='gallery-1-54906'>\n\t\t\t\tYS+2House \/ OTROestudio (\u00a9 Joaqu\u00edn Ponce de Le\u00f3n)\n\t\t\t\t<\/figcaption><\/figure><figure class='gallery-item'>\n\t\t\t<div class='gallery-icon portrait'>\n\t\t\t\t<a href='https:\/\/www.arquimaster.com.ar\/web\/wp-content\/uploads\/2020\/04\/ys_2house24.jpg' title=\"YS+2House \/ OTROestudio (\u00a9 Joaqu\u00edn Ponce de Le\u00f3n)\" data-rl_title=\"YS+2House \/ OTROestudio (\u00a9 Joaqu\u00edn Ponce de Le\u00f3n)\" class=\"rl-gallery-link\" data-rl_caption=\"YS+2House \/ OTROestudio (\u00a9 Joaqu\u00edn Ponce de Le\u00f3n)\" data-rel=\"lightbox-gallery-1\"><img loading=\"lazy\" decoding=\"async\" width=\"150\" height=\"150\" src=\"https:\/\/www.arquimaster.com.ar\/web\/wp-content\/uploads\/2020\/04\/ys_2house24-150x150.jpg\" class=\"attachment-thumbnail size-thumbnail\" alt=\"\" aria-describedby=\"gallery-1-54907\" \/><\/a>\n\t\t\t<\/div>\n\t\t\t\t<figcaption class='wp-caption-text gallery-caption' id='gallery-1-54907'>\n\t\t\t\tYS+2House \/ OTROestudio (\u00a9 Joaqu\u00edn Ponce de Le\u00f3n)\n\t\t\t\t<\/figcaption><\/figure><figure class='gallery-item'>\n\t\t\t<div class='gallery-icon landscape'>\n\t\t\t\t<a href='https:\/\/www.arquimaster.com.ar\/web\/wp-content\/uploads\/2020\/04\/ys_2house25.jpg' title=\"YS+2House \/ OTROestudio (\u00a9 Joaqu\u00edn Ponce de Le\u00f3n)\" data-rl_title=\"YS+2House \/ OTROestudio (\u00a9 Joaqu\u00edn Ponce de Le\u00f3n)\" class=\"rl-gallery-link\" data-rl_caption=\"YS+2House \/ OTROestudio (\u00a9 Joaqu\u00edn Ponce de Le\u00f3n)\" data-rel=\"lightbox-gallery-1\"><img loading=\"lazy\" decoding=\"async\" width=\"150\" height=\"150\" src=\"https:\/\/www.arquimaster.com.ar\/web\/wp-content\/uploads\/2020\/04\/ys_2house25-150x150.jpg\" class=\"attachment-thumbnail size-thumbnail\" alt=\"\" aria-describedby=\"gallery-1-54908\" \/><\/a>\n\t\t\t<\/div>\n\t\t\t\t<figcaption class='wp-caption-text gallery-caption' id='gallery-1-54908'>\n\t\t\t\tYS+2House \/ OTROestudio (\u00a9 Joaqu\u00edn Ponce de Le\u00f3n)\n\t\t\t\t<\/figcaption><\/figure><figure class='gallery-item'>\n\t\t\t<div class='gallery-icon landscape'>\n\t\t\t\t<a href='https:\/\/www.arquimaster.com.ar\/web\/wp-content\/uploads\/2020\/04\/ys_2house26.jpg' title=\"YS+2House \/ OTROestudio (planta s\u00f3tano)\" data-rl_title=\"YS+2House \/ OTROestudio (planta s\u00f3tano)\" class=\"rl-gallery-link\" data-rl_caption=\"YS+2House \/ OTROestudio (planta s\u00f3tano)\" data-rel=\"lightbox-gallery-1\"><img loading=\"lazy\" decoding=\"async\" width=\"150\" height=\"150\" src=\"https:\/\/www.arquimaster.com.ar\/web\/wp-content\/uploads\/2020\/04\/ys_2house26-150x150.jpg\" class=\"attachment-thumbnail size-thumbnail\" alt=\"\" aria-describedby=\"gallery-1-54909\" \/><\/a>\n\t\t\t<\/div>\n\t\t\t\t<figcaption class='wp-caption-text gallery-caption' id='gallery-1-54909'>\n\t\t\t\tYS+2House \/ OTROestudio (planta s\u00f3tano)\n\t\t\t\t<\/figcaption><\/figure><figure class='gallery-item'>\n\t\t\t<div class='gallery-icon landscape'>\n\t\t\t\t<a href='https:\/\/www.arquimaster.com.ar\/web\/wp-content\/uploads\/2020\/04\/ys_2house27.jpg' title=\"YS+2House \/ OTROestudio (planta baja)\" data-rl_title=\"YS+2House \/ OTROestudio (planta baja)\" class=\"rl-gallery-link\" data-rl_caption=\"YS+2House \/ OTROestudio (planta baja)\" data-rel=\"lightbox-gallery-1\"><img loading=\"lazy\" decoding=\"async\" width=\"150\" height=\"150\" src=\"https:\/\/www.arquimaster.com.ar\/web\/wp-content\/uploads\/2020\/04\/ys_2house27-150x150.jpg\" class=\"attachment-thumbnail size-thumbnail\" alt=\"\" aria-describedby=\"gallery-1-54910\" \/><\/a>\n\t\t\t<\/div>\n\t\t\t\t<figcaption class='wp-caption-text gallery-caption' id='gallery-1-54910'>\n\t\t\t\tYS+2House \/ OTROestudio (planta baja)\n\t\t\t\t<\/figcaption><\/figure><figure class='gallery-item'>\n\t\t\t<div class='gallery-icon landscape'>\n\t\t\t\t<a href='https:\/\/www.arquimaster.com.ar\/web\/wp-content\/uploads\/2020\/04\/ys_2house28.jpg' title=\"YS+2House \/ OTROestudio (planta alta)\" data-rl_title=\"YS+2House \/ OTROestudio (planta alta)\" class=\"rl-gallery-link\" data-rl_caption=\"YS+2House \/ OTROestudio (planta alta)\" data-rel=\"lightbox-gallery-1\"><img loading=\"lazy\" decoding=\"async\" width=\"150\" height=\"150\" src=\"https:\/\/www.arquimaster.com.ar\/web\/wp-content\/uploads\/2020\/04\/ys_2house28-150x150.jpg\" class=\"attachment-thumbnail size-thumbnail\" alt=\"\" aria-describedby=\"gallery-1-54911\" \/><\/a>\n\t\t\t<\/div>\n\t\t\t\t<figcaption class='wp-caption-text gallery-caption' id='gallery-1-54911'>\n\t\t\t\tYS+2House \/ OTROestudio (planta alta)\n\t\t\t\t<\/figcaption><\/figure><figure class='gallery-item'>\n\t\t\t<div class='gallery-icon landscape'>\n\t\t\t\t<a href='https:\/\/www.arquimaster.com.ar\/web\/wp-content\/uploads\/2020\/04\/ys_2house29.jpg' title=\"YS+2House \/ OTROestudio (planta cubiertas)\" data-rl_title=\"YS+2House \/ OTROestudio (planta cubiertas)\" class=\"rl-gallery-link\" data-rl_caption=\"YS+2House \/ OTROestudio (planta cubiertas)\" data-rel=\"lightbox-gallery-1\"><img loading=\"lazy\" decoding=\"async\" width=\"150\" height=\"150\" src=\"https:\/\/www.arquimaster.com.ar\/web\/wp-content\/uploads\/2020\/04\/ys_2house29-150x150.jpg\" class=\"attachment-thumbnail size-thumbnail\" alt=\"\" aria-describedby=\"gallery-1-54912\" \/><\/a>\n\t\t\t<\/div>\n\t\t\t\t<figcaption class='wp-caption-text gallery-caption' id='gallery-1-54912'>\n\t\t\t\tYS+2House \/ OTROestudio (planta cubiertas)\n\t\t\t\t<\/figcaption><\/figure><figure class='gallery-item'>\n\t\t\t<div class='gallery-icon landscape'>\n\t\t\t\t<a href='https:\/\/www.arquimaster.com.ar\/web\/wp-content\/uploads\/2020\/04\/ys_2house30.jpg' title=\"YS+2House \/ OTROestudio (cortes)\" data-rl_title=\"YS+2House \/ OTROestudio (cortes)\" class=\"rl-gallery-link\" data-rl_caption=\"YS+2House \/ OTROestudio (cortes)\" data-rel=\"lightbox-gallery-1\"><img loading=\"lazy\" decoding=\"async\" width=\"150\" height=\"150\" src=\"https:\/\/www.arquimaster.com.ar\/web\/wp-content\/uploads\/2020\/04\/ys_2house30-150x150.jpg\" class=\"attachment-thumbnail size-thumbnail\" alt=\"\" aria-describedby=\"gallery-1-54913\" \/><\/a>\n\t\t\t<\/div>\n\t\t\t\t<figcaption class='wp-caption-text gallery-caption' id='gallery-1-54913'>\n\t\t\t\tYS+2House \/ OTROestudio (cortes)\n\t\t\t\t<\/figcaption><\/figure><figure class='gallery-item'>\n\t\t\t<div class='gallery-icon landscape'>\n\t\t\t\t<a href='https:\/\/www.arquimaster.com.ar\/web\/wp-content\/uploads\/2020\/04\/ys_2house31.jpg' title=\"YS+2House \/ OTROestudio (vistas)\" data-rl_title=\"YS+2House \/ OTROestudio (vistas)\" class=\"rl-gallery-link\" data-rl_caption=\"YS+2House \/ OTROestudio (vistas)\" data-rel=\"lightbox-gallery-1\"><img loading=\"lazy\" decoding=\"async\" width=\"150\" height=\"150\" src=\"https:\/\/www.arquimaster.com.ar\/web\/wp-content\/uploads\/2020\/04\/ys_2house31-150x150.jpg\" class=\"attachment-thumbnail size-thumbnail\" alt=\"\" aria-describedby=\"gallery-1-54914\" \/><\/a>\n\t\t\t<\/div>\n\t\t\t\t<figcaption class='wp-caption-text gallery-caption' id='gallery-1-54914'>\n\t\t\t\tYS+2House \/ OTROestudio (vistas)\n\t\t\t\t<\/figcaption><\/figure>\n\t\t<\/div>\n\n<p>OTROestudio plante\u00f3 como concepto dos planos ciegos que protegen y privatizan un espacio interior, un espacio interior sin l\u00edmites que devora el paisaje y lo hace propio.<\/p>\n<p>Bajo este concepto, el exterior del edificio se conform\u00f3 mediante una gran estructura de hormig\u00f3n armado visto de formas geom\u00e9tricas y l\u00edneas inclinadas que se interrumpen y mueven flotando en el aire, como una piel dura que cobija un espacio interior que se rompe y diluye sus l\u00edmites. Dos vol\u00famenes irregulares que cobijan un patio \u00edntimo e infinito.<\/p>\n<p>De esta manera, la fachada del edificio es una suerte de escultura formada por dos elementos: un p\u00f3rtico de entrada que da acceso a la parcela y m\u00e1s atr\u00e1s los vol\u00famenes ciegos de la vivienda, que hacia la calle y lindero norte se conforman de hormig\u00f3n armado tableado dispuestos en diferentes posiciones, al contrario de las fachadas interior y hacia el sur compuestas en su gran mayor\u00eda por cerramiento de cristal.<\/p>\n<p>La organizaci\u00f3n interior es simple y se divide en tres niveles. La Planta s\u00f3tano reservada para el acceso vehicular, garaje, trastero, cuarto t\u00e9cnico, un jard\u00edn central que invade de luz natural a un espacio l\u00fadico polivalente con ba\u00f1o y Spa que desborda a otro gran patio interior.<\/p>\n<p>La planta baja conformada por dos vol\u00famenes de limites inciertos que se articulan por medio del acceso principal y la escalera, que alberga por un lado un aseo envuelto en un volumen de formas alabeadas, el sal\u00f3n principal y el comedor, el otro volumen contiene la cocina y una sala de TV. Todos estos espacios desbordan al gran patio \u00edntimo y al jard\u00edn en donde se encuentra la piscina y zonas de espacios verdes.<\/p>\n<p>La Planta alta tambi\u00e9n conformada por dos vol\u00famenes articulados por la escalera, uno de ellos alberga el dormitorio principal, vestidor, ba\u00f1o y una terraza mirador, el otro volumen lo conforman dos dormitorios cada uno con su propio ba\u00f1o y una gran terraza mirador que tienen en com\u00fan.<\/p>\n<p>En definitiva, el edificio, adem\u00e1s de dar respuesta a las necesidades y requerimientos funcionales del cliente, siempre tuvo la necesidad de expresar argumentos est\u00e9ticos y formales que forman parte de la b\u00fasqueda irrenunciable de OTROestudio, los planos inclinados, los espacios fugados, los vol\u00famenes puros, los espacios ambiguos, los l\u00edmites indefinidos. Una arquitectura ic\u00f3nica que persigue despertar sensaciones.<\/p>\n<p><strong>Ficha t\u00e9cnica<\/strong><br \/>\nNombre: YS+2House<br \/>\nUbicaci\u00f3n: Santa Cruz de Tenerife, Islas Canarias, Espa\u00f1a<br \/>\nEstudio: OTROestudio (Fernando Ojeda, Gabriela Troncoso)<br \/>\nTipolog\u00eda: Vivienda unifamiliar aislada<br \/>\nMateriales: H\u00baA\u00ba visto, acero, cristal, mamposter\u00eda<br \/>\nSuperficie construida: 450 m2<br \/>\nA\u00f1o construcci\u00f3n: 2019<br \/>\nFot\u00f3grafo: Joaqu\u00edn Ponce de Le\u00f3n<\/p>\n<p><strong>Contacto<\/strong><br \/>\n<a href=\"http:\/\/www.otroestudio.es\" target=\"_blank\" rel=\"noopener noreferrer\">http:\/\/www.otroestudio.es<\/a><\/p>\n\n<div style=\"font-size: 0px; height: 0px; line-height: 0px; margin: 0; padding: 0; clear: both;\"><\/div><div style=\"margin-top: 0px; margin-bottom: 0px;\" class=\"sharethis-inline-share-buttons\" ><\/div>","protected":false},"excerpt":{"rendered":"<p>Dos planos ciegos protegen y privatizan un espacio interior sin l\u00edmites..<\/p>\n","protected":false},"author":1,"featured_media":54883,"comment_status":"closed","ping_status":"closed","sticky":false,"template":"","format":"standard","meta":{"_uag_custom_page_level_css":"","footnotes":""},"categories":[1,83],"tags":[5799,104,5854,5855,1175,1533,5853,684,254],"class_list":["post-54882","post","type-post","status-publish","format-standard","has-post-thumbnail","hentry","category-proyecto","category-vivienda-unifamiliar","tag-adeje","tag-espana","tag-fernando-ojeda","tag-gabriela-troncoso","tag-hormigon-visto","tag-islas-canarias","tag-otroestudio","tag-tenerife","tag-vivienda-unifamiliar-2","generate-columns","tablet-grid-50","mobile-grid-100","grid-parent","grid-50"],"yoast_head":"<!-- This site is optimized with the Yoast SEO plugin v27.3 - https:\/\/yoast.com\/product\/yoast-seo-wordpress\/ -->\n<title>YS+2House \/ OTROestudio - Arquimaster<\/title>\n<meta name=\"description\" content=\"Dos planos ciegos protegen y privatizan un espacio interior, un espacio interior sin l\u00edmites que devora el paisaje y lo hace propio.\" \/>\n<meta name=\"robots\" content=\"index, follow, max-snippet:-1, max-image-preview:large, max-video-preview:-1\" \/>\n<link rel=\"canonical\" href=\"https:\/\/www.arquimaster.com.ar\/web\/ys2house-otroestudio\/\" \/>\n<meta property=\"og:locale\" content=\"es_ES\" \/>\n<meta property=\"og:type\" content=\"article\" \/>\n<meta property=\"og:title\" content=\"YS+2House \/ OTROestudio\" \/>\n<meta property=\"og:description\" content=\"Dos planos ciegos protegen y privatizan un espacio interior, un espacio interior sin l\u00edmites que devora el paisaje y lo hace propio.\" \/>\n<meta property=\"og:url\" content=\"https:\/\/www.arquimaster.com.ar\/web\/ys2house-otroestudio\/\" \/>\n<meta property=\"og:site_name\" content=\"Arquimaster\" \/>\n<meta property=\"article:publisher\" content=\"http:\/\/www.facebook.com\/ARQUIMASTER.com.ar\" \/>\n<meta property=\"article:published_time\" content=\"2020-04-22T21:58:26+00:00\" \/>\n<meta property=\"article:modified_time\" content=\"2020-04-22T21:58:27+00:00\" \/>\n<meta property=\"og:image\" content=\"https:\/\/www.arquimaster.com.ar\/web\/wp-content\/uploads\/2020\/04\/ys_2house_slide.jpg\" \/>\n\t<meta property=\"og:image:width\" content=\"698\" \/>\n\t<meta property=\"og:image:height\" content=\"364\" \/>\n\t<meta property=\"og:image:type\" content=\"image\/jpeg\" \/>\n<meta name=\"author\" content=\"Arquimaster\" \/>\n<meta name=\"twitter:card\" content=\"summary_large_image\" \/>\n<meta name=\"twitter:title\" content=\"YS+2House \/ OTROestudio\" \/>\n<meta name=\"twitter:description\" content=\"Dos planos ciegos protegen y privatizan un espacio interior, un espacio interior sin l\u00edmites que devora el paisaje y lo hace propio.\" \/>\n<meta name=\"twitter:image\" content=\"https:\/\/www.arquimaster.com.ar\/web\/wp-content\/uploads\/2020\/04\/ys_2house_slide.jpg\" \/>\n<meta name=\"twitter:creator\" content=\"@arquimaster\" \/>\n<meta name=\"twitter:site\" content=\"@arquimaster\" \/>\n<meta name=\"twitter:label1\" content=\"Escrito por\" \/>\n\t<meta name=\"twitter:data1\" content=\"Arquimaster\" \/>\n\t<meta name=\"twitter:label2\" content=\"Tiempo de lectura\" \/>\n\t<meta name=\"twitter:data2\" content=\"3 minutos\" \/>\n<script type=\"application\/ld+json\" class=\"yoast-schema-graph\">{\"@context\":\"https:\\\/\\\/schema.org\",\"@graph\":[{\"@type\":\"Article\",\"@id\":\"https:\\\/\\\/www.arquimaster.com.ar\\\/web\\\/ys2house-otroestudio\\\/#article\",\"isPartOf\":{\"@id\":\"https:\\\/\\\/www.arquimaster.com.ar\\\/web\\\/ys2house-otroestudio\\\/\"},\"author\":{\"name\":\"Arquimaster\",\"@id\":\"https:\\\/\\\/www.arquimaster.com.ar\\\/web\\\/#\\\/schema\\\/person\\\/359e9f7c00193fcde068e0dd2ceb0028\"},\"headline\":\"YS+2House \\\/ OTROestudio\",\"datePublished\":\"2020-04-22T21:58:26+00:00\",\"dateModified\":\"2020-04-22T21:58:27+00:00\",\"mainEntityOfPage\":{\"@id\":\"https:\\\/\\\/www.arquimaster.com.ar\\\/web\\\/ys2house-otroestudio\\\/\"},\"wordCount\":547,\"publisher\":{\"@id\":\"https:\\\/\\\/www.arquimaster.com.ar\\\/web\\\/#organization\"},\"image\":{\"@id\":\"https:\\\/\\\/www.arquimaster.com.ar\\\/web\\\/ys2house-otroestudio\\\/#primaryimage\"},\"thumbnailUrl\":\"https:\\\/\\\/www.arquimaster.com.ar\\\/web\\\/wp-content\\\/uploads\\\/2020\\\/04\\\/ys_2house_slide.jpg\",\"keywords\":[\"Adeje\",\"Espa\u00f1a\",\"Fernando Ojeda\",\"Gabriela Troncoso\",\"hormig\u00f3n visto\",\"Islas Canarias\",\"OTROestudio\",\"Tenerife\",\"vivienda unifamiliar\"],\"articleSection\":[\"Proyecto\",\"Vivienda unifamiliar y PH\"],\"inLanguage\":\"es\"},{\"@type\":\"WebPage\",\"@id\":\"https:\\\/\\\/www.arquimaster.com.ar\\\/web\\\/ys2house-otroestudio\\\/\",\"url\":\"https:\\\/\\\/www.arquimaster.com.ar\\\/web\\\/ys2house-otroestudio\\\/\",\"name\":\"YS+2House \\\/ OTROestudio - Arquimaster\",\"isPartOf\":{\"@id\":\"https:\\\/\\\/www.arquimaster.com.ar\\\/web\\\/#website\"},\"primaryImageOfPage\":{\"@id\":\"https:\\\/\\\/www.arquimaster.com.ar\\\/web\\\/ys2house-otroestudio\\\/#primaryimage\"},\"image\":{\"@id\":\"https:\\\/\\\/www.arquimaster.com.ar\\\/web\\\/ys2house-otroestudio\\\/#primaryimage\"},\"thumbnailUrl\":\"https:\\\/\\\/www.arquimaster.com.ar\\\/web\\\/wp-content\\\/uploads\\\/2020\\\/04\\\/ys_2house_slide.jpg\",\"datePublished\":\"2020-04-22T21:58:26+00:00\",\"dateModified\":\"2020-04-22T21:58:27+00:00\",\"description\":\"Dos planos ciegos protegen y privatizan un espacio interior, un espacio interior sin l\u00edmites que devora el paisaje y lo hace propio.\",\"breadcrumb\":{\"@id\":\"https:\\\/\\\/www.arquimaster.com.ar\\\/web\\\/ys2house-otroestudio\\\/#breadcrumb\"},\"inLanguage\":\"es\",\"potentialAction\":[{\"@type\":\"ReadAction\",\"target\":[\"https:\\\/\\\/www.arquimaster.com.ar\\\/web\\\/ys2house-otroestudio\\\/\"]}]},{\"@type\":\"ImageObject\",\"inLanguage\":\"es\",\"@id\":\"https:\\\/\\\/www.arquimaster.com.ar\\\/web\\\/ys2house-otroestudio\\\/#primaryimage\",\"url\":\"https:\\\/\\\/www.arquimaster.com.ar\\\/web\\\/wp-content\\\/uploads\\\/2020\\\/04\\\/ys_2house_slide.jpg\",\"contentUrl\":\"https:\\\/\\\/www.arquimaster.com.ar\\\/web\\\/wp-content\\\/uploads\\\/2020\\\/04\\\/ys_2house_slide.jpg\",\"width\":698,\"height\":364},{\"@type\":\"BreadcrumbList\",\"@id\":\"https:\\\/\\\/www.arquimaster.com.ar\\\/web\\\/ys2house-otroestudio\\\/#breadcrumb\",\"itemListElement\":[{\"@type\":\"ListItem\",\"position\":1,\"name\":\"Portada\",\"item\":\"https:\\\/\\\/www.arquimaster.com.ar\\\/web\\\/\"},{\"@type\":\"ListItem\",\"position\":2,\"name\":\"YS+2House \\\/ OTROestudio\"}]},{\"@type\":\"WebSite\",\"@id\":\"https:\\\/\\\/www.arquimaster.com.ar\\\/web\\\/#website\",\"url\":\"https:\\\/\\\/www.arquimaster.com.ar\\\/web\\\/\",\"name\":\"Arquimaster\",\"description\":\"Web de arquitectura, dise\u00f1o y construccion\",\"publisher\":{\"@id\":\"https:\\\/\\\/www.arquimaster.com.ar\\\/web\\\/#organization\"},\"potentialAction\":[{\"@type\":\"SearchAction\",\"target\":{\"@type\":\"EntryPoint\",\"urlTemplate\":\"https:\\\/\\\/www.arquimaster.com.ar\\\/web\\\/?s={search_term_string}\"},\"query-input\":{\"@type\":\"PropertyValueSpecification\",\"valueRequired\":true,\"valueName\":\"search_term_string\"}}],\"inLanguage\":\"es\"},{\"@type\":\"Organization\",\"@id\":\"https:\\\/\\\/www.arquimaster.com.ar\\\/web\\\/#organization\",\"name\":\"Arquimaster\",\"url\":\"https:\\\/\\\/www.arquimaster.com.ar\\\/web\\\/\",\"logo\":{\"@type\":\"ImageObject\",\"inLanguage\":\"es\",\"@id\":\"https:\\\/\\\/www.arquimaster.com.ar\\\/web\\\/#\\\/schema\\\/logo\\\/image\\\/\",\"url\":\"https:\\\/\\\/www.arquimaster.com.ar\\\/web\\\/wp-content\\\/uploads\\\/2022\\\/06\\\/arquimaster.png\",\"contentUrl\":\"https:\\\/\\\/www.arquimaster.com.ar\\\/web\\\/wp-content\\\/uploads\\\/2022\\\/06\\\/arquimaster.png\",\"width\":594,\"height\":78,\"caption\":\"Arquimaster\"},\"image\":{\"@id\":\"https:\\\/\\\/www.arquimaster.com.ar\\\/web\\\/#\\\/schema\\\/logo\\\/image\\\/\"},\"sameAs\":[\"http:\\\/\\\/www.facebook.com\\\/ARQUIMASTER.com.ar\",\"https:\\\/\\\/x.com\\\/arquimaster\",\"https:\\\/\\\/www.instagram.com\\\/arquimasterblog\\\/\",\"https:\\\/\\\/www.linkedin.com\\\/company\\\/arquimaster\",\"https:\\\/\\\/www.pinterest.com\\\/arquimaster\",\"https:\\\/\\\/t.me\\\/arquimaster\"]},{\"@type\":\"Person\",\"@id\":\"https:\\\/\\\/www.arquimaster.com.ar\\\/web\\\/#\\\/schema\\\/person\\\/359e9f7c00193fcde068e0dd2ceb0028\",\"name\":\"Arquimaster\"}]}<\/script>\n<!-- \/ Yoast SEO plugin. -->","yoast_head_json":{"title":"YS+2House \/ OTROestudio - Arquimaster","description":"Dos planos ciegos protegen y privatizan un espacio interior, un espacio interior sin l\u00edmites que devora el paisaje y lo hace propio.","robots":{"index":"index","follow":"follow","max-snippet":"max-snippet:-1","max-image-preview":"max-image-preview:large","max-video-preview":"max-video-preview:-1"},"canonical":"https:\/\/www.arquimaster.com.ar\/web\/ys2house-otroestudio\/","og_locale":"es_ES","og_type":"article","og_title":"YS+2House \/ OTROestudio","og_description":"Dos planos ciegos protegen y privatizan un espacio interior, un espacio interior sin l\u00edmites que devora el paisaje y lo hace propio.","og_url":"https:\/\/www.arquimaster.com.ar\/web\/ys2house-otroestudio\/","og_site_name":"Arquimaster","article_publisher":"http:\/\/www.facebook.com\/ARQUIMASTER.com.ar","article_published_time":"2020-04-22T21:58:26+00:00","article_modified_time":"2020-04-22T21:58:27+00:00","og_image":[{"width":698,"height":364,"url":"https:\/\/www.arquimaster.com.ar\/web\/wp-content\/uploads\/2020\/04\/ys_2house_slide.jpg","type":"image\/jpeg"}],"author":"Arquimaster","twitter_card":"summary_large_image","twitter_title":"YS+2House \/ OTROestudio","twitter_description":"Dos planos ciegos protegen y privatizan un espacio interior, un espacio interior sin l\u00edmites que devora el paisaje y lo hace propio.","twitter_image":"https:\/\/www.arquimaster.com.ar\/web\/wp-content\/uploads\/2020\/04\/ys_2house_slide.jpg","twitter_creator":"@arquimaster","twitter_site":"@arquimaster","twitter_misc":{"Escrito por":"Arquimaster","Tiempo de lectura":"3 minutos"},"schema":{"@context":"https:\/\/schema.org","@graph":[{"@type":"Article","@id":"https:\/\/www.arquimaster.com.ar\/web\/ys2house-otroestudio\/#article","isPartOf":{"@id":"https:\/\/www.arquimaster.com.ar\/web\/ys2house-otroestudio\/"},"author":{"name":"Arquimaster","@id":"https:\/\/www.arquimaster.com.ar\/web\/#\/schema\/person\/359e9f7c00193fcde068e0dd2ceb0028"},"headline":"YS+2House \/ OTROestudio","datePublished":"2020-04-22T21:58:26+00:00","dateModified":"2020-04-22T21:58:27+00:00","mainEntityOfPage":{"@id":"https:\/\/www.arquimaster.com.ar\/web\/ys2house-otroestudio\/"},"wordCount":547,"publisher":{"@id":"https:\/\/www.arquimaster.com.ar\/web\/#organization"},"image":{"@id":"https:\/\/www.arquimaster.com.ar\/web\/ys2house-otroestudio\/#primaryimage"},"thumbnailUrl":"https:\/\/www.arquimaster.com.ar\/web\/wp-content\/uploads\/2020\/04\/ys_2house_slide.jpg","keywords":["Adeje","Espa\u00f1a","Fernando Ojeda","Gabriela Troncoso","hormig\u00f3n visto","Islas Canarias","OTROestudio","Tenerife","vivienda unifamiliar"],"articleSection":["Proyecto","Vivienda unifamiliar y PH"],"inLanguage":"es"},{"@type":"WebPage","@id":"https:\/\/www.arquimaster.com.ar\/web\/ys2house-otroestudio\/","url":"https:\/\/www.arquimaster.com.ar\/web\/ys2house-otroestudio\/","name":"YS+2House \/ OTROestudio - Arquimaster","isPartOf":{"@id":"https:\/\/www.arquimaster.com.ar\/web\/#website"},"primaryImageOfPage":{"@id":"https:\/\/www.arquimaster.com.ar\/web\/ys2house-otroestudio\/#primaryimage"},"image":{"@id":"https:\/\/www.arquimaster.com.ar\/web\/ys2house-otroestudio\/#primaryimage"},"thumbnailUrl":"https:\/\/www.arquimaster.com.ar\/web\/wp-content\/uploads\/2020\/04\/ys_2house_slide.jpg","datePublished":"2020-04-22T21:58:26+00:00","dateModified":"2020-04-22T21:58:27+00:00","description":"Dos planos ciegos protegen y privatizan un espacio interior, un espacio interior sin l\u00edmites que devora el paisaje y lo hace propio.","breadcrumb":{"@id":"https:\/\/www.arquimaster.com.ar\/web\/ys2house-otroestudio\/#breadcrumb"},"inLanguage":"es","potentialAction":[{"@type":"ReadAction","target":["https:\/\/www.arquimaster.com.ar\/web\/ys2house-otroestudio\/"]}]},{"@type":"ImageObject","inLanguage":"es","@id":"https:\/\/www.arquimaster.com.ar\/web\/ys2house-otroestudio\/#primaryimage","url":"https:\/\/www.arquimaster.com.ar\/web\/wp-content\/uploads\/2020\/04\/ys_2house_slide.jpg","contentUrl":"https:\/\/www.arquimaster.com.ar\/web\/wp-content\/uploads\/2020\/04\/ys_2house_slide.jpg","width":698,"height":364},{"@type":"BreadcrumbList","@id":"https:\/\/www.arquimaster.com.ar\/web\/ys2house-otroestudio\/#breadcrumb","itemListElement":[{"@type":"ListItem","position":1,"name":"Portada","item":"https:\/\/www.arquimaster.com.ar\/web\/"},{"@type":"ListItem","position":2,"name":"YS+2House \/ OTROestudio"}]},{"@type":"WebSite","@id":"https:\/\/www.arquimaster.com.ar\/web\/#website","url":"https:\/\/www.arquimaster.com.ar\/web\/","name":"Arquimaster","description":"Web de arquitectura, dise\u00f1o y construccion","publisher":{"@id":"https:\/\/www.arquimaster.com.ar\/web\/#organization"},"potentialAction":[{"@type":"SearchAction","target":{"@type":"EntryPoint","urlTemplate":"https:\/\/www.arquimaster.com.ar\/web\/?s={search_term_string}"},"query-input":{"@type":"PropertyValueSpecification","valueRequired":true,"valueName":"search_term_string"}}],"inLanguage":"es"},{"@type":"Organization","@id":"https:\/\/www.arquimaster.com.ar\/web\/#organization","name":"Arquimaster","url":"https:\/\/www.arquimaster.com.ar\/web\/","logo":{"@type":"ImageObject","inLanguage":"es","@id":"https:\/\/www.arquimaster.com.ar\/web\/#\/schema\/logo\/image\/","url":"https:\/\/www.arquimaster.com.ar\/web\/wp-content\/uploads\/2022\/06\/arquimaster.png","contentUrl":"https:\/\/www.arquimaster.com.ar\/web\/wp-content\/uploads\/2022\/06\/arquimaster.png","width":594,"height":78,"caption":"Arquimaster"},"image":{"@id":"https:\/\/www.arquimaster.com.ar\/web\/#\/schema\/logo\/image\/"},"sameAs":["http:\/\/www.facebook.com\/ARQUIMASTER.com.ar","https:\/\/x.com\/arquimaster","https:\/\/www.instagram.com\/arquimasterblog\/","https:\/\/www.linkedin.com\/company\/arquimaster","https:\/\/www.pinterest.com\/arquimaster","https:\/\/t.me\/arquimaster"]},{"@type":"Person","@id":"https:\/\/www.arquimaster.com.ar\/web\/#\/schema\/person\/359e9f7c00193fcde068e0dd2ceb0028","name":"Arquimaster"}]}},"uagb_featured_image_src":{"full":["https:\/\/www.arquimaster.com.ar\/web\/wp-content\/uploads\/2020\/04\/ys_2house_slide.jpg",698,364,false],"thumbnail":["https:\/\/www.arquimaster.com.ar\/web\/wp-content\/uploads\/2020\/04\/ys_2house_slide-150x150.jpg",150,150,true],"medium":["https:\/\/www.arquimaster.com.ar\/web\/wp-content\/uploads\/2020\/04\/ys_2house_slide.jpg",698,364,false],"medium_large":["https:\/\/www.arquimaster.com.ar\/web\/wp-content\/uploads\/2020\/04\/ys_2house_slide.jpg",698,364,false],"large":["https:\/\/www.arquimaster.com.ar\/web\/wp-content\/uploads\/2020\/04\/ys_2house_slide.jpg",698,364,false],"1536x1536":["https:\/\/www.arquimaster.com.ar\/web\/wp-content\/uploads\/2020\/04\/ys_2house_slide.jpg",698,364,false],"2048x2048":["https:\/\/www.arquimaster.com.ar\/web\/wp-content\/uploads\/2020\/04\/ys_2house_slide.jpg",698,364,false]},"uagb_author_info":{"display_name":"Arquimaster","author_link":"https:\/\/www.arquimaster.com.ar\/web\/author\/arquimaster\/"},"uagb_comment_info":0,"uagb_excerpt":"Dos planos ciegos protegen y privatizan un espacio interior sin l\u00edmites..","_links":{"self":[{"href":"https:\/\/www.arquimaster.com.ar\/web\/wp-json\/wp\/v2\/posts\/54882","targetHints":{"allow":["GET"]}}],"collection":[{"href":"https:\/\/www.arquimaster.com.ar\/web\/wp-json\/wp\/v2\/posts"}],"about":[{"href":"https:\/\/www.arquimaster.com.ar\/web\/wp-json\/wp\/v2\/types\/post"}],"author":[{"embeddable":true,"href":"https:\/\/www.arquimaster.com.ar\/web\/wp-json\/wp\/v2\/users\/1"}],"replies":[{"embeddable":true,"href":"https:\/\/www.arquimaster.com.ar\/web\/wp-json\/wp\/v2\/comments?post=54882"}],"version-history":[{"count":1,"href":"https:\/\/www.arquimaster.com.ar\/web\/wp-json\/wp\/v2\/posts\/54882\/revisions"}],"predecessor-version":[{"id":54915,"href":"https:\/\/www.arquimaster.com.ar\/web\/wp-json\/wp\/v2\/posts\/54882\/revisions\/54915"}],"wp:featuredmedia":[{"embeddable":true,"href":"https:\/\/www.arquimaster.com.ar\/web\/wp-json\/wp\/v2\/media\/54883"}],"wp:attachment":[{"href":"https:\/\/www.arquimaster.com.ar\/web\/wp-json\/wp\/v2\/media?parent=54882"}],"wp:term":[{"taxonomy":"category","embeddable":true,"href":"https:\/\/www.arquimaster.com.ar\/web\/wp-json\/wp\/v2\/categories?post=54882"},{"taxonomy":"post_tag","embeddable":true,"href":"https:\/\/www.arquimaster.com.ar\/web\/wp-json\/wp\/v2\/tags?post=54882"}],"curies":[{"name":"wp","href":"https:\/\/api.w.org\/{rel}","templated":true}]}}