{"id":54916,"date":"2020-04-22T16:45:00","date_gmt":"2020-04-22T19:45:00","guid":{"rendered":"https:\/\/www.arquimaster.com.ar\/web\/?p=54916"},"modified":"2020-04-22T22:05:21","modified_gmt":"2020-04-23T01:05:21","slug":"biblioteca-publica-maria-lejarraga-rubens-cortes-arquitectos","status":"publish","type":"post","link":"https:\/\/www.arquimaster.com.ar\/web\/biblioteca-publica-maria-lejarraga-rubens-cortes-arquitectos\/","title":{"rendered":"Biblioteca P\u00fablica Mar\u00eda Lej\u00e1rraga \/ Rubens Cort\u00e9s Arquitectos"},"content":{"rendered":"<div style=\"margin-top: 0px; margin-bottom: 0px;\" class=\"sharethis-inline-share-buttons\" ><\/div><div class=\"b812932af2e751442846f039925109de\" data-index=\"1\" style=\"float: none; margin:25px 0 25px 0; text-align:center;\">\n<script async src=\"https:\/\/pagead2.googlesyndication.com\/pagead\/js\/adsbygoogle.js\"><\/script>\r\n<!-- Arquimaster (superior) -->\r\n<ins class=\"adsbygoogle\"\r\n     style=\"display:block\"\r\n     data-ad-client=\"ca-pub-6351072698456832\"\r\n     data-ad-slot=\"6455489680\"\r\n     data-ad-format=\"auto\"\r\n     data-full-width-responsive=\"true\"><\/ins>\r\n<script>\r\n     (adsbygoogle = window.adsbygoogle || []).push({});\r\n<\/script>\n<\/div>\n<p><strong>Biblioteca P\u00fablica Mar\u00eda Lej\u00e1rraga<\/strong> (Granada, Espa\u00f1a) por <strong>Rubens Cort\u00e9s Arquitectos<\/strong>. Secaderos de tabaco en la Vega de Granada. Los secaderos de tabaco son construcciones agr\u00edcolas de la Vega Granadina. El desarrollo de esta tipolog\u00eda est\u00e1 claramente asociado al cultivo de tabaco introducido en la agricultura de Granada a finales del S. XIX. El cultivo de tabaco adquiri\u00f3 m\u00e1s importancia durante los a\u00f1os 40. Despu\u00e9s hubo una recesi\u00f3n progresiva, qu\u00e9 termin\u00f3 con las crisis de la \u00faltima d\u00e9cada de los 90, cuando dej\u00f3 de ser un cultivo subvencionado.<\/p>\n<div id='gallery-1' class='gallery galleryid-54916 gallery-columns-3 gallery-size-thumbnail'><figure class='gallery-item'>\n\t\t\t<div class='gallery-icon landscape'>\n\t\t\t\t<a href='https:\/\/www.arquimaster.com.ar\/web\/wp-content\/uploads\/2020\/04\/biblioteca_maria_lejarraga1.jpg' title=\"Biblioteca P\u00fablica Mar\u00eda Lej\u00e1rraga \/ Rubens Cort\u00e9s Arquitectos (\u00a9 Javier Callejas)\" data-rl_title=\"Biblioteca P\u00fablica Mar\u00eda Lej\u00e1rraga \/ Rubens Cort\u00e9s Arquitectos (\u00a9 Javier Callejas)\" class=\"rl-gallery-link\" data-rl_caption=\"Biblioteca P\u00fablica Mar\u00eda Lej\u00e1rraga \/ Rubens Cort\u00e9s Arquitectos (\u00a9 Javier Callejas)\" data-rel=\"lightbox-gallery-1\"><img loading=\"lazy\" decoding=\"async\" width=\"150\" height=\"150\" src=\"https:\/\/www.arquimaster.com.ar\/web\/wp-content\/uploads\/2020\/04\/biblioteca_maria_lejarraga1-150x150.jpg\" class=\"attachment-thumbnail size-thumbnail\" alt=\"\" aria-describedby=\"gallery-1-54918\" \/><\/a>\n\t\t\t<\/div>\n\t\t\t\t<figcaption class='wp-caption-text gallery-caption' id='gallery-1-54918'>\n\t\t\t\tBiblioteca P\u00fablica Mar\u00eda Lej\u00e1rraga \/ Rubens Cort\u00e9s Arquitectos (\u00a9 Javier Callejas)\n\t\t\t\t<\/figcaption><\/figure><figure class='gallery-item'>\n\t\t\t<div class='gallery-icon landscape'>\n\t\t\t\t<a href='https:\/\/www.arquimaster.com.ar\/web\/wp-content\/uploads\/2020\/04\/biblioteca_maria_lejarraga2.jpg' title=\"Biblioteca P\u00fablica Mar\u00eda Lej\u00e1rraga \/ Rubens Cort\u00e9s Arquitectos (\u00a9 Javier Callejas)\" data-rl_title=\"Biblioteca P\u00fablica Mar\u00eda Lej\u00e1rraga \/ Rubens Cort\u00e9s Arquitectos (\u00a9 Javier Callejas)\" class=\"rl-gallery-link\" data-rl_caption=\"Biblioteca P\u00fablica Mar\u00eda Lej\u00e1rraga \/ Rubens Cort\u00e9s Arquitectos (\u00a9 Javier Callejas)\" data-rel=\"lightbox-gallery-1\"><img loading=\"lazy\" decoding=\"async\" width=\"150\" height=\"150\" src=\"https:\/\/www.arquimaster.com.ar\/web\/wp-content\/uploads\/2020\/04\/biblioteca_maria_lejarraga2-150x150.jpg\" class=\"attachment-thumbnail size-thumbnail\" alt=\"\" aria-describedby=\"gallery-1-54919\" \/><\/a>\n\t\t\t<\/div>\n\t\t\t\t<figcaption class='wp-caption-text gallery-caption' id='gallery-1-54919'>\n\t\t\t\tBiblioteca P\u00fablica Mar\u00eda Lej\u00e1rraga \/ Rubens Cort\u00e9s Arquitectos (\u00a9 Javier Callejas)\n\t\t\t\t<\/figcaption><\/figure><figure class='gallery-item'>\n\t\t\t<div class='gallery-icon landscape'>\n\t\t\t\t<a href='https:\/\/www.arquimaster.com.ar\/web\/wp-content\/uploads\/2020\/04\/biblioteca_maria_lejarraga3.jpg' title=\"Biblioteca P\u00fablica Mar\u00eda Lej\u00e1rraga \/ Rubens Cort\u00e9s Arquitectos (\u00a9 Javier Callejas)\" data-rl_title=\"Biblioteca P\u00fablica Mar\u00eda Lej\u00e1rraga \/ Rubens Cort\u00e9s Arquitectos (\u00a9 Javier Callejas)\" class=\"rl-gallery-link\" data-rl_caption=\"Biblioteca P\u00fablica Mar\u00eda Lej\u00e1rraga \/ Rubens Cort\u00e9s Arquitectos (\u00a9 Javier Callejas)\" data-rel=\"lightbox-gallery-1\"><img loading=\"lazy\" decoding=\"async\" width=\"150\" height=\"150\" src=\"https:\/\/www.arquimaster.com.ar\/web\/wp-content\/uploads\/2020\/04\/biblioteca_maria_lejarraga3-150x150.jpg\" class=\"attachment-thumbnail size-thumbnail\" alt=\"\" aria-describedby=\"gallery-1-54920\" \/><\/a>\n\t\t\t<\/div>\n\t\t\t\t<figcaption class='wp-caption-text gallery-caption' id='gallery-1-54920'>\n\t\t\t\tBiblioteca P\u00fablica Mar\u00eda Lej\u00e1rraga \/ Rubens Cort\u00e9s Arquitectos (\u00a9 Javier Callejas)\n\t\t\t\t<\/figcaption><\/figure><figure class='gallery-item'>\n\t\t\t<div class='gallery-icon landscape'>\n\t\t\t\t<a href='https:\/\/www.arquimaster.com.ar\/web\/wp-content\/uploads\/2020\/04\/biblioteca_maria_lejarraga4.jpg' title=\"Biblioteca P\u00fablica Mar\u00eda Lej\u00e1rraga \/ Rubens Cort\u00e9s Arquitectos (\u00a9 Javier Callejas)\" data-rl_title=\"Biblioteca P\u00fablica Mar\u00eda Lej\u00e1rraga \/ Rubens Cort\u00e9s Arquitectos (\u00a9 Javier Callejas)\" class=\"rl-gallery-link\" data-rl_caption=\"Biblioteca P\u00fablica Mar\u00eda Lej\u00e1rraga \/ Rubens Cort\u00e9s Arquitectos (\u00a9 Javier Callejas)\" data-rel=\"lightbox-gallery-1\"><img loading=\"lazy\" decoding=\"async\" width=\"150\" height=\"150\" src=\"https:\/\/www.arquimaster.com.ar\/web\/wp-content\/uploads\/2020\/04\/biblioteca_maria_lejarraga4-150x150.jpg\" class=\"attachment-thumbnail size-thumbnail\" alt=\"\" aria-describedby=\"gallery-1-54921\" srcset=\"https:\/\/www.arquimaster.com.ar\/web\/wp-content\/uploads\/2020\/04\/biblioteca_maria_lejarraga4-150x150.jpg 150w, https:\/\/www.arquimaster.com.ar\/web\/wp-content\/uploads\/2020\/04\/biblioteca_maria_lejarraga4-1024x1024.jpg 1024w, https:\/\/www.arquimaster.com.ar\/web\/wp-content\/uploads\/2020\/04\/biblioteca_maria_lejarraga4-768x768.jpg 768w, https:\/\/www.arquimaster.com.ar\/web\/wp-content\/uploads\/2020\/04\/biblioteca_maria_lejarraga4.jpg 1500w\" sizes=\"auto, (max-width: 150px) 100vw, 150px\" \/><\/a>\n\t\t\t<\/div>\n\t\t\t\t<figcaption class='wp-caption-text gallery-caption' id='gallery-1-54921'>\n\t\t\t\tBiblioteca P\u00fablica Mar\u00eda Lej\u00e1rraga \/ Rubens Cort\u00e9s Arquitectos (\u00a9 Javier Callejas)\n\t\t\t\t<\/figcaption><\/figure><figure class='gallery-item'>\n\t\t\t<div class='gallery-icon landscape'>\n\t\t\t\t<a href='https:\/\/www.arquimaster.com.ar\/web\/wp-content\/uploads\/2020\/04\/biblioteca_maria_lejarraga5.jpg' title=\"Biblioteca P\u00fablica Mar\u00eda Lej\u00e1rraga \/ Rubens Cort\u00e9s Arquitectos (\u00a9 Javier Callejas)\" data-rl_title=\"Biblioteca P\u00fablica Mar\u00eda Lej\u00e1rraga \/ Rubens Cort\u00e9s Arquitectos (\u00a9 Javier Callejas)\" class=\"rl-gallery-link\" data-rl_caption=\"Biblioteca P\u00fablica Mar\u00eda Lej\u00e1rraga \/ Rubens Cort\u00e9s Arquitectos (\u00a9 Javier Callejas)\" data-rel=\"lightbox-gallery-1\"><img loading=\"lazy\" decoding=\"async\" width=\"150\" height=\"150\" src=\"https:\/\/www.arquimaster.com.ar\/web\/wp-content\/uploads\/2020\/04\/biblioteca_maria_lejarraga5-150x150.jpg\" class=\"attachment-thumbnail size-thumbnail\" alt=\"\" aria-describedby=\"gallery-1-54922\" \/><\/a>\n\t\t\t<\/div>\n\t\t\t\t<figcaption class='wp-caption-text gallery-caption' id='gallery-1-54922'>\n\t\t\t\tBiblioteca P\u00fablica Mar\u00eda Lej\u00e1rraga \/ Rubens Cort\u00e9s Arquitectos (\u00a9 Javier Callejas)\n\t\t\t\t<\/figcaption><\/figure><figure class='gallery-item'>\n\t\t\t<div class='gallery-icon landscape'>\n\t\t\t\t<a href='https:\/\/www.arquimaster.com.ar\/web\/wp-content\/uploads\/2020\/04\/biblioteca_maria_lejarraga6.jpg' title=\"Biblioteca P\u00fablica Mar\u00eda Lej\u00e1rraga \/ Rubens Cort\u00e9s Arquitectos (\u00a9 Javier Callejas)\" data-rl_title=\"Biblioteca P\u00fablica Mar\u00eda Lej\u00e1rraga \/ Rubens Cort\u00e9s Arquitectos (\u00a9 Javier Callejas)\" class=\"rl-gallery-link\" data-rl_caption=\"Biblioteca P\u00fablica Mar\u00eda Lej\u00e1rraga \/ Rubens Cort\u00e9s Arquitectos (\u00a9 Javier Callejas)\" data-rel=\"lightbox-gallery-1\"><img loading=\"lazy\" decoding=\"async\" width=\"150\" height=\"150\" src=\"https:\/\/www.arquimaster.com.ar\/web\/wp-content\/uploads\/2020\/04\/biblioteca_maria_lejarraga6-150x150.jpg\" class=\"attachment-thumbnail size-thumbnail\" alt=\"\" aria-describedby=\"gallery-1-54923\" \/><\/a>\n\t\t\t<\/div>\n\t\t\t\t<figcaption class='wp-caption-text gallery-caption' id='gallery-1-54923'>\n\t\t\t\tBiblioteca P\u00fablica Mar\u00eda Lej\u00e1rraga \/ Rubens Cort\u00e9s Arquitectos (\u00a9 Javier Callejas)\n\t\t\t\t<\/figcaption><\/figure><figure class='gallery-item'>\n\t\t\t<div class='gallery-icon landscape'>\n\t\t\t\t<a href='https:\/\/www.arquimaster.com.ar\/web\/wp-content\/uploads\/2020\/04\/biblioteca_maria_lejarraga7.jpg' title=\"Biblioteca P\u00fablica Mar\u00eda Lej\u00e1rraga \/ Rubens Cort\u00e9s Arquitectos (\u00a9 Javier Callejas)\" data-rl_title=\"Biblioteca P\u00fablica Mar\u00eda Lej\u00e1rraga \/ Rubens Cort\u00e9s Arquitectos (\u00a9 Javier Callejas)\" class=\"rl-gallery-link\" data-rl_caption=\"Biblioteca P\u00fablica Mar\u00eda Lej\u00e1rraga \/ Rubens Cort\u00e9s Arquitectos (\u00a9 Javier Callejas)\" data-rel=\"lightbox-gallery-1\"><img loading=\"lazy\" decoding=\"async\" width=\"150\" height=\"150\" src=\"https:\/\/www.arquimaster.com.ar\/web\/wp-content\/uploads\/2020\/04\/biblioteca_maria_lejarraga7-150x150.jpg\" class=\"attachment-thumbnail size-thumbnail\" alt=\"\" aria-describedby=\"gallery-1-54924\" \/><\/a>\n\t\t\t<\/div>\n\t\t\t\t<figcaption class='wp-caption-text gallery-caption' id='gallery-1-54924'>\n\t\t\t\tBiblioteca P\u00fablica Mar\u00eda Lej\u00e1rraga \/ Rubens Cort\u00e9s Arquitectos (\u00a9 Javier Callejas)\n\t\t\t\t<\/figcaption><\/figure><figure class='gallery-item'>\n\t\t\t<div class='gallery-icon landscape'>\n\t\t\t\t<a href='https:\/\/www.arquimaster.com.ar\/web\/wp-content\/uploads\/2020\/04\/biblioteca_maria_lejarraga8.jpg' title=\"Biblioteca P\u00fablica Mar\u00eda Lej\u00e1rraga \/ Rubens Cort\u00e9s Arquitectos (\u00a9 Javier Callejas)\" data-rl_title=\"Biblioteca P\u00fablica Mar\u00eda Lej\u00e1rraga \/ Rubens Cort\u00e9s Arquitectos (\u00a9 Javier Callejas)\" class=\"rl-gallery-link\" data-rl_caption=\"Biblioteca P\u00fablica Mar\u00eda Lej\u00e1rraga \/ Rubens Cort\u00e9s Arquitectos (\u00a9 Javier Callejas)\" data-rel=\"lightbox-gallery-1\"><img loading=\"lazy\" decoding=\"async\" width=\"150\" height=\"150\" src=\"https:\/\/www.arquimaster.com.ar\/web\/wp-content\/uploads\/2020\/04\/biblioteca_maria_lejarraga8-150x150.jpg\" class=\"attachment-thumbnail size-thumbnail\" alt=\"\" aria-describedby=\"gallery-1-54925\" srcset=\"https:\/\/www.arquimaster.com.ar\/web\/wp-content\/uploads\/2020\/04\/biblioteca_maria_lejarraga8-150x150.jpg 150w, https:\/\/www.arquimaster.com.ar\/web\/wp-content\/uploads\/2020\/04\/biblioteca_maria_lejarraga8-1024x1024.jpg 1024w, https:\/\/www.arquimaster.com.ar\/web\/wp-content\/uploads\/2020\/04\/biblioteca_maria_lejarraga8-768x768.jpg 768w, https:\/\/www.arquimaster.com.ar\/web\/wp-content\/uploads\/2020\/04\/biblioteca_maria_lejarraga8.jpg 1500w\" sizes=\"auto, (max-width: 150px) 100vw, 150px\" \/><\/a>\n\t\t\t<\/div>\n\t\t\t\t<figcaption class='wp-caption-text gallery-caption' id='gallery-1-54925'>\n\t\t\t\tBiblioteca P\u00fablica Mar\u00eda Lej\u00e1rraga \/ Rubens Cort\u00e9s Arquitectos (\u00a9 Javier Callejas)\n\t\t\t\t<\/figcaption><\/figure><figure class='gallery-item'>\n\t\t\t<div class='gallery-icon landscape'>\n\t\t\t\t<a href='https:\/\/www.arquimaster.com.ar\/web\/wp-content\/uploads\/2020\/04\/biblioteca_maria_lejarraga9.jpg' title=\"Biblioteca P\u00fablica Mar\u00eda Lej\u00e1rraga \/ Rubens Cort\u00e9s Arquitectos (\u00a9 Javier Callejas)\" data-rl_title=\"Biblioteca P\u00fablica Mar\u00eda Lej\u00e1rraga \/ Rubens Cort\u00e9s Arquitectos (\u00a9 Javier Callejas)\" class=\"rl-gallery-link\" data-rl_caption=\"Biblioteca P\u00fablica Mar\u00eda Lej\u00e1rraga \/ Rubens Cort\u00e9s Arquitectos (\u00a9 Javier Callejas)\" data-rel=\"lightbox-gallery-1\"><img loading=\"lazy\" decoding=\"async\" width=\"150\" height=\"150\" src=\"https:\/\/www.arquimaster.com.ar\/web\/wp-content\/uploads\/2020\/04\/biblioteca_maria_lejarraga9-150x150.jpg\" class=\"attachment-thumbnail size-thumbnail\" alt=\"\" aria-describedby=\"gallery-1-54926\" \/><\/a>\n\t\t\t<\/div>\n\t\t\t\t<figcaption class='wp-caption-text gallery-caption' id='gallery-1-54926'>\n\t\t\t\tBiblioteca P\u00fablica Mar\u00eda Lej\u00e1rraga \/ Rubens Cort\u00e9s Arquitectos (\u00a9 Javier Callejas)\n\t\t\t\t<\/figcaption><\/figure><figure class='gallery-item'>\n\t\t\t<div class='gallery-icon landscape'>\n\t\t\t\t<a href='https:\/\/www.arquimaster.com.ar\/web\/wp-content\/uploads\/2020\/04\/biblioteca_maria_lejarraga10.jpg' title=\"Biblioteca P\u00fablica Mar\u00eda Lej\u00e1rraga \/ Rubens Cort\u00e9s Arquitectos (\u00a9 Javier Callejas)\" data-rl_title=\"Biblioteca P\u00fablica Mar\u00eda Lej\u00e1rraga \/ Rubens Cort\u00e9s Arquitectos (\u00a9 Javier Callejas)\" class=\"rl-gallery-link\" data-rl_caption=\"Biblioteca P\u00fablica Mar\u00eda Lej\u00e1rraga \/ Rubens Cort\u00e9s Arquitectos (\u00a9 Javier Callejas)\" data-rel=\"lightbox-gallery-1\"><img loading=\"lazy\" decoding=\"async\" width=\"150\" height=\"150\" src=\"https:\/\/www.arquimaster.com.ar\/web\/wp-content\/uploads\/2020\/04\/biblioteca_maria_lejarraga10-150x150.jpg\" class=\"attachment-thumbnail size-thumbnail\" alt=\"\" aria-describedby=\"gallery-1-54927\" \/><\/a>\n\t\t\t<\/div>\n\t\t\t\t<figcaption class='wp-caption-text gallery-caption' id='gallery-1-54927'>\n\t\t\t\tBiblioteca P\u00fablica Mar\u00eda Lej\u00e1rraga \/ Rubens Cort\u00e9s Arquitectos (\u00a9 Javier Callejas)\n\t\t\t\t<\/figcaption><\/figure><figure class='gallery-item'>\n\t\t\t<div class='gallery-icon landscape'>\n\t\t\t\t<a href='https:\/\/www.arquimaster.com.ar\/web\/wp-content\/uploads\/2020\/04\/biblioteca_maria_lejarraga11.jpg' title=\"Biblioteca P\u00fablica Mar\u00eda Lej\u00e1rraga \/ Rubens Cort\u00e9s Arquitectos (\u00a9 Javier Callejas)\" data-rl_title=\"Biblioteca P\u00fablica Mar\u00eda Lej\u00e1rraga \/ Rubens Cort\u00e9s Arquitectos (\u00a9 Javier Callejas)\" class=\"rl-gallery-link\" data-rl_caption=\"Biblioteca P\u00fablica Mar\u00eda Lej\u00e1rraga \/ Rubens Cort\u00e9s Arquitectos (\u00a9 Javier Callejas)\" data-rel=\"lightbox-gallery-1\"><img loading=\"lazy\" decoding=\"async\" width=\"150\" height=\"150\" src=\"https:\/\/www.arquimaster.com.ar\/web\/wp-content\/uploads\/2020\/04\/biblioteca_maria_lejarraga11-150x150.jpg\" class=\"attachment-thumbnail size-thumbnail\" alt=\"\" aria-describedby=\"gallery-1-54928\" \/><\/a>\n\t\t\t<\/div>\n\t\t\t\t<figcaption class='wp-caption-text gallery-caption' id='gallery-1-54928'>\n\t\t\t\tBiblioteca P\u00fablica Mar\u00eda Lej\u00e1rraga \/ Rubens Cort\u00e9s Arquitectos (\u00a9 Javier Callejas)\n\t\t\t\t<\/figcaption><\/figure><figure class='gallery-item'>\n\t\t\t<div class='gallery-icon portrait'>\n\t\t\t\t<a href='https:\/\/www.arquimaster.com.ar\/web\/wp-content\/uploads\/2020\/04\/biblioteca_maria_lejarraga12.jpg' title=\"Biblioteca P\u00fablica Mar\u00eda Lej\u00e1rraga \/ Rubens Cort\u00e9s Arquitectos (\u00a9 Javier Callejas)\" data-rl_title=\"Biblioteca P\u00fablica Mar\u00eda Lej\u00e1rraga \/ Rubens Cort\u00e9s Arquitectos (\u00a9 Javier Callejas)\" class=\"rl-gallery-link\" data-rl_caption=\"Biblioteca P\u00fablica Mar\u00eda Lej\u00e1rraga \/ Rubens Cort\u00e9s Arquitectos (\u00a9 Javier Callejas)\" data-rel=\"lightbox-gallery-1\"><img loading=\"lazy\" decoding=\"async\" width=\"150\" height=\"150\" src=\"https:\/\/www.arquimaster.com.ar\/web\/wp-content\/uploads\/2020\/04\/biblioteca_maria_lejarraga12-150x150.jpg\" class=\"attachment-thumbnail size-thumbnail\" alt=\"\" aria-describedby=\"gallery-1-54929\" \/><\/a>\n\t\t\t<\/div>\n\t\t\t\t<figcaption class='wp-caption-text gallery-caption' id='gallery-1-54929'>\n\t\t\t\tBiblioteca P\u00fablica Mar\u00eda Lej\u00e1rraga \/ Rubens Cort\u00e9s Arquitectos (\u00a9 Javier Callejas)\n\t\t\t\t<\/figcaption><\/figure><figure class='gallery-item'>\n\t\t\t<div class='gallery-icon portrait'>\n\t\t\t\t<a href='https:\/\/www.arquimaster.com.ar\/web\/wp-content\/uploads\/2020\/04\/biblioteca_maria_lejarraga13.jpg' title=\"Biblioteca P\u00fablica Mar\u00eda Lej\u00e1rraga \/ Rubens Cort\u00e9s Arquitectos (\u00a9 Javier Callejas)\" data-rl_title=\"Biblioteca P\u00fablica Mar\u00eda Lej\u00e1rraga \/ Rubens Cort\u00e9s Arquitectos (\u00a9 Javier Callejas)\" class=\"rl-gallery-link\" data-rl_caption=\"Biblioteca P\u00fablica Mar\u00eda Lej\u00e1rraga \/ Rubens Cort\u00e9s Arquitectos (\u00a9 Javier Callejas)\" data-rel=\"lightbox-gallery-1\"><img loading=\"lazy\" decoding=\"async\" width=\"150\" height=\"150\" src=\"https:\/\/www.arquimaster.com.ar\/web\/wp-content\/uploads\/2020\/04\/biblioteca_maria_lejarraga13-150x150.jpg\" class=\"attachment-thumbnail size-thumbnail\" alt=\"\" aria-describedby=\"gallery-1-54930\" \/><\/a>\n\t\t\t<\/div>\n\t\t\t\t<figcaption class='wp-caption-text gallery-caption' id='gallery-1-54930'>\n\t\t\t\tBiblioteca P\u00fablica Mar\u00eda Lej\u00e1rraga \/ Rubens Cort\u00e9s Arquitectos (\u00a9 Javier Callejas)\n\t\t\t\t<\/figcaption><\/figure><figure class='gallery-item'>\n\t\t\t<div class='gallery-icon landscape'>\n\t\t\t\t<a href='https:\/\/www.arquimaster.com.ar\/web\/wp-content\/uploads\/2020\/04\/biblioteca_maria_lejarraga14.jpg' title=\"Biblioteca P\u00fablica Mar\u00eda Lej\u00e1rraga \/ Rubens Cort\u00e9s Arquitectos (\u00a9 Javier Callejas)\" data-rl_title=\"Biblioteca P\u00fablica Mar\u00eda Lej\u00e1rraga \/ Rubens Cort\u00e9s Arquitectos (\u00a9 Javier Callejas)\" class=\"rl-gallery-link\" data-rl_caption=\"Biblioteca P\u00fablica Mar\u00eda Lej\u00e1rraga \/ Rubens Cort\u00e9s Arquitectos (\u00a9 Javier Callejas)\" data-rel=\"lightbox-gallery-1\"><img loading=\"lazy\" decoding=\"async\" width=\"150\" height=\"150\" src=\"https:\/\/www.arquimaster.com.ar\/web\/wp-content\/uploads\/2020\/04\/biblioteca_maria_lejarraga14-150x150.jpg\" class=\"attachment-thumbnail size-thumbnail\" alt=\"\" aria-describedby=\"gallery-1-54931\" srcset=\"https:\/\/www.arquimaster.com.ar\/web\/wp-content\/uploads\/2020\/04\/biblioteca_maria_lejarraga14-150x150.jpg 150w, https:\/\/www.arquimaster.com.ar\/web\/wp-content\/uploads\/2020\/04\/biblioteca_maria_lejarraga14-1024x1024.jpg 1024w, https:\/\/www.arquimaster.com.ar\/web\/wp-content\/uploads\/2020\/04\/biblioteca_maria_lejarraga14-768x768.jpg 768w, https:\/\/www.arquimaster.com.ar\/web\/wp-content\/uploads\/2020\/04\/biblioteca_maria_lejarraga14.jpg 1500w\" sizes=\"auto, (max-width: 150px) 100vw, 150px\" \/><\/a>\n\t\t\t<\/div>\n\t\t\t\t<figcaption class='wp-caption-text gallery-caption' id='gallery-1-54931'>\n\t\t\t\tBiblioteca P\u00fablica Mar\u00eda Lej\u00e1rraga \/ Rubens Cort\u00e9s Arquitectos (\u00a9 Javier Callejas)\n\t\t\t\t<\/figcaption><\/figure><figure class='gallery-item'>\n\t\t\t<div class='gallery-icon landscape'>\n\t\t\t\t<a href='https:\/\/www.arquimaster.com.ar\/web\/wp-content\/uploads\/2020\/04\/biblioteca_maria_lejarraga15.jpg' title=\"Biblioteca P\u00fablica Mar\u00eda Lej\u00e1rraga \/ Rubens Cort\u00e9s Arquitectos (\u00a9 Javier Callejas)\" data-rl_title=\"Biblioteca P\u00fablica Mar\u00eda Lej\u00e1rraga \/ Rubens Cort\u00e9s Arquitectos (\u00a9 Javier Callejas)\" class=\"rl-gallery-link\" data-rl_caption=\"Biblioteca P\u00fablica Mar\u00eda Lej\u00e1rraga \/ Rubens Cort\u00e9s Arquitectos (\u00a9 Javier Callejas)\" data-rel=\"lightbox-gallery-1\"><img loading=\"lazy\" decoding=\"async\" width=\"150\" height=\"150\" src=\"https:\/\/www.arquimaster.com.ar\/web\/wp-content\/uploads\/2020\/04\/biblioteca_maria_lejarraga15-150x150.jpg\" class=\"attachment-thumbnail size-thumbnail\" alt=\"\" aria-describedby=\"gallery-1-54932\" \/><\/a>\n\t\t\t<\/div>\n\t\t\t\t<figcaption class='wp-caption-text gallery-caption' id='gallery-1-54932'>\n\t\t\t\tBiblioteca P\u00fablica Mar\u00eda Lej\u00e1rraga \/ Rubens Cort\u00e9s Arquitectos (\u00a9 Javier Callejas)\n\t\t\t\t<\/figcaption><\/figure><figure class='gallery-item'>\n\t\t\t<div class='gallery-icon landscape'>\n\t\t\t\t<a href='https:\/\/www.arquimaster.com.ar\/web\/wp-content\/uploads\/2020\/04\/biblioteca_maria_lejarraga16.jpg' title=\"Biblioteca P\u00fablica Mar\u00eda Lej\u00e1rraga \/ Rubens Cort\u00e9s Arquitectos (\u00a9 Javier Callejas)\" data-rl_title=\"Biblioteca P\u00fablica Mar\u00eda Lej\u00e1rraga \/ Rubens Cort\u00e9s Arquitectos (\u00a9 Javier Callejas)\" class=\"rl-gallery-link\" data-rl_caption=\"Biblioteca P\u00fablica Mar\u00eda Lej\u00e1rraga \/ Rubens Cort\u00e9s Arquitectos (\u00a9 Javier Callejas)\" data-rel=\"lightbox-gallery-1\"><img loading=\"lazy\" decoding=\"async\" width=\"150\" height=\"150\" src=\"https:\/\/www.arquimaster.com.ar\/web\/wp-content\/uploads\/2020\/04\/biblioteca_maria_lejarraga16-150x150.jpg\" class=\"attachment-thumbnail size-thumbnail\" alt=\"\" aria-describedby=\"gallery-1-54933\" \/><\/a>\n\t\t\t<\/div>\n\t\t\t\t<figcaption class='wp-caption-text gallery-caption' id='gallery-1-54933'>\n\t\t\t\tBiblioteca P\u00fablica Mar\u00eda Lej\u00e1rraga \/ Rubens Cort\u00e9s Arquitectos (\u00a9 Javier Callejas)\n\t\t\t\t<\/figcaption><\/figure><figure class='gallery-item'>\n\t\t\t<div class='gallery-icon portrait'>\n\t\t\t\t<a href='https:\/\/www.arquimaster.com.ar\/web\/wp-content\/uploads\/2020\/04\/biblioteca_maria_lejarraga17.jpg' title=\"Biblioteca P\u00fablica Mar\u00eda Lej\u00e1rraga \/ Rubens Cort\u00e9s Arquitectos (\u00a9 Javier Callejas)\" data-rl_title=\"Biblioteca P\u00fablica Mar\u00eda Lej\u00e1rraga \/ Rubens Cort\u00e9s Arquitectos (\u00a9 Javier Callejas)\" class=\"rl-gallery-link\" data-rl_caption=\"Biblioteca P\u00fablica Mar\u00eda Lej\u00e1rraga \/ Rubens Cort\u00e9s Arquitectos (\u00a9 Javier Callejas)\" data-rel=\"lightbox-gallery-1\"><img loading=\"lazy\" decoding=\"async\" width=\"150\" height=\"150\" src=\"https:\/\/www.arquimaster.com.ar\/web\/wp-content\/uploads\/2020\/04\/biblioteca_maria_lejarraga17-150x150.jpg\" class=\"attachment-thumbnail size-thumbnail\" alt=\"\" aria-describedby=\"gallery-1-54934\" \/><\/a>\n\t\t\t<\/div>\n\t\t\t\t<figcaption class='wp-caption-text gallery-caption' id='gallery-1-54934'>\n\t\t\t\tBiblioteca P\u00fablica Mar\u00eda Lej\u00e1rraga \/ Rubens Cort\u00e9s Arquitectos (\u00a9 Javier Callejas)\n\t\t\t\t<\/figcaption><\/figure><figure class='gallery-item'>\n\t\t\t<div class='gallery-icon landscape'>\n\t\t\t\t<a href='https:\/\/www.arquimaster.com.ar\/web\/wp-content\/uploads\/2020\/04\/biblioteca_maria_lejarraga18.jpg' title=\"Biblioteca P\u00fablica Mar\u00eda Lej\u00e1rraga \/ Rubens Cort\u00e9s Arquitectos (\u00a9 Javier Callejas)\" data-rl_title=\"Biblioteca P\u00fablica Mar\u00eda Lej\u00e1rraga \/ Rubens Cort\u00e9s Arquitectos (\u00a9 Javier Callejas)\" class=\"rl-gallery-link\" data-rl_caption=\"Biblioteca P\u00fablica Mar\u00eda Lej\u00e1rraga \/ Rubens Cort\u00e9s Arquitectos (\u00a9 Javier Callejas)\" data-rel=\"lightbox-gallery-1\"><img loading=\"lazy\" decoding=\"async\" width=\"150\" height=\"150\" src=\"https:\/\/www.arquimaster.com.ar\/web\/wp-content\/uploads\/2020\/04\/biblioteca_maria_lejarraga18-150x150.jpg\" class=\"attachment-thumbnail size-thumbnail\" alt=\"\" aria-describedby=\"gallery-1-54935\" \/><\/a>\n\t\t\t<\/div>\n\t\t\t\t<figcaption class='wp-caption-text gallery-caption' id='gallery-1-54935'>\n\t\t\t\tBiblioteca P\u00fablica Mar\u00eda Lej\u00e1rraga \/ Rubens Cort\u00e9s Arquitectos (\u00a9 Javier Callejas)\n\t\t\t\t<\/figcaption><\/figure><figure class='gallery-item'>\n\t\t\t<div class='gallery-icon landscape'>\n\t\t\t\t<a href='https:\/\/www.arquimaster.com.ar\/web\/wp-content\/uploads\/2020\/04\/biblioteca_maria_lejarraga19.jpg' title=\"Biblioteca P\u00fablica Mar\u00eda Lej\u00e1rraga \/ Rubens Cort\u00e9s Arquitectos (\u00a9 Javier Callejas)\" data-rl_title=\"Biblioteca P\u00fablica Mar\u00eda Lej\u00e1rraga \/ Rubens Cort\u00e9s Arquitectos (\u00a9 Javier Callejas)\" class=\"rl-gallery-link\" data-rl_caption=\"Biblioteca P\u00fablica Mar\u00eda Lej\u00e1rraga \/ Rubens Cort\u00e9s Arquitectos (\u00a9 Javier Callejas)\" data-rel=\"lightbox-gallery-1\"><img loading=\"lazy\" decoding=\"async\" width=\"150\" height=\"150\" src=\"https:\/\/www.arquimaster.com.ar\/web\/wp-content\/uploads\/2020\/04\/biblioteca_maria_lejarraga19-150x150.jpg\" class=\"attachment-thumbnail size-thumbnail\" alt=\"\" aria-describedby=\"gallery-1-54936\" \/><\/a>\n\t\t\t<\/div>\n\t\t\t\t<figcaption class='wp-caption-text gallery-caption' id='gallery-1-54936'>\n\t\t\t\tBiblioteca P\u00fablica Mar\u00eda Lej\u00e1rraga \/ Rubens Cort\u00e9s Arquitectos (\u00a9 Javier Callejas)\n\t\t\t\t<\/figcaption><\/figure><figure class='gallery-item'>\n\t\t\t<div class='gallery-icon landscape'>\n\t\t\t\t<a href='https:\/\/www.arquimaster.com.ar\/web\/wp-content\/uploads\/2020\/04\/biblioteca_maria_lejarraga20.jpg' title=\"Biblioteca P\u00fablica Mar\u00eda Lej\u00e1rraga \/ Rubens Cort\u00e9s Arquitectos (\u00a9 Javier Callejas)\" data-rl_title=\"Biblioteca P\u00fablica Mar\u00eda Lej\u00e1rraga \/ Rubens Cort\u00e9s Arquitectos (\u00a9 Javier Callejas)\" class=\"rl-gallery-link\" data-rl_caption=\"Biblioteca P\u00fablica Mar\u00eda Lej\u00e1rraga \/ Rubens Cort\u00e9s Arquitectos (\u00a9 Javier Callejas)\" data-rel=\"lightbox-gallery-1\"><img loading=\"lazy\" decoding=\"async\" width=\"150\" height=\"150\" src=\"https:\/\/www.arquimaster.com.ar\/web\/wp-content\/uploads\/2020\/04\/biblioteca_maria_lejarraga20-150x150.jpg\" class=\"attachment-thumbnail size-thumbnail\" alt=\"\" aria-describedby=\"gallery-1-54937\" srcset=\"https:\/\/www.arquimaster.com.ar\/web\/wp-content\/uploads\/2020\/04\/biblioteca_maria_lejarraga20-150x150.jpg 150w, https:\/\/www.arquimaster.com.ar\/web\/wp-content\/uploads\/2020\/04\/biblioteca_maria_lejarraga20-1024x1024.jpg 1024w, https:\/\/www.arquimaster.com.ar\/web\/wp-content\/uploads\/2020\/04\/biblioteca_maria_lejarraga20-768x768.jpg 768w, https:\/\/www.arquimaster.com.ar\/web\/wp-content\/uploads\/2020\/04\/biblioteca_maria_lejarraga20.jpg 1500w\" sizes=\"auto, (max-width: 150px) 100vw, 150px\" \/><\/a>\n\t\t\t<\/div>\n\t\t\t\t<figcaption class='wp-caption-text gallery-caption' id='gallery-1-54937'>\n\t\t\t\tBiblioteca P\u00fablica Mar\u00eda Lej\u00e1rraga \/ Rubens Cort\u00e9s Arquitectos (\u00a9 Javier Callejas)\n\t\t\t\t<\/figcaption><\/figure><figure class='gallery-item'>\n\t\t\t<div class='gallery-icon portrait'>\n\t\t\t\t<a href='https:\/\/www.arquimaster.com.ar\/web\/wp-content\/uploads\/2020\/04\/biblioteca_maria_lejarraga21.jpg' title=\"Biblioteca P\u00fablica Mar\u00eda Lej\u00e1rraga \/ Rubens Cort\u00e9s Arquitectos (\u00a9 Javier Callejas)\" data-rl_title=\"Biblioteca P\u00fablica Mar\u00eda Lej\u00e1rraga \/ Rubens Cort\u00e9s Arquitectos (\u00a9 Javier Callejas)\" class=\"rl-gallery-link\" data-rl_caption=\"Biblioteca P\u00fablica Mar\u00eda Lej\u00e1rraga \/ Rubens Cort\u00e9s Arquitectos (\u00a9 Javier Callejas)\" data-rel=\"lightbox-gallery-1\"><img loading=\"lazy\" decoding=\"async\" width=\"150\" height=\"150\" src=\"https:\/\/www.arquimaster.com.ar\/web\/wp-content\/uploads\/2020\/04\/biblioteca_maria_lejarraga21-150x150.jpg\" class=\"attachment-thumbnail size-thumbnail\" alt=\"\" aria-describedby=\"gallery-1-54938\" \/><\/a>\n\t\t\t<\/div>\n\t\t\t\t<figcaption class='wp-caption-text gallery-caption' id='gallery-1-54938'>\n\t\t\t\tBiblioteca P\u00fablica Mar\u00eda Lej\u00e1rraga \/ Rubens Cort\u00e9s Arquitectos (\u00a9 Javier Callejas)\n\t\t\t\t<\/figcaption><\/figure><figure class='gallery-item'>\n\t\t\t<div class='gallery-icon portrait'>\n\t\t\t\t<a href='https:\/\/www.arquimaster.com.ar\/web\/wp-content\/uploads\/2020\/04\/biblioteca_maria_lejarraga22.jpg' title=\"Biblioteca P\u00fablica Mar\u00eda Lej\u00e1rraga \/ Rubens Cort\u00e9s Arquitectos (\u00a9 Javier Callejas)\" data-rl_title=\"Biblioteca P\u00fablica Mar\u00eda Lej\u00e1rraga \/ Rubens Cort\u00e9s Arquitectos (\u00a9 Javier Callejas)\" class=\"rl-gallery-link\" data-rl_caption=\"Biblioteca P\u00fablica Mar\u00eda Lej\u00e1rraga \/ Rubens Cort\u00e9s Arquitectos (\u00a9 Javier Callejas)\" data-rel=\"lightbox-gallery-1\"><img loading=\"lazy\" decoding=\"async\" width=\"150\" height=\"150\" src=\"https:\/\/www.arquimaster.com.ar\/web\/wp-content\/uploads\/2020\/04\/biblioteca_maria_lejarraga22-150x150.jpg\" class=\"attachment-thumbnail size-thumbnail\" alt=\"\" aria-describedby=\"gallery-1-54939\" \/><\/a>\n\t\t\t<\/div>\n\t\t\t\t<figcaption class='wp-caption-text gallery-caption' id='gallery-1-54939'>\n\t\t\t\tBiblioteca P\u00fablica Mar\u00eda Lej\u00e1rraga \/ Rubens Cort\u00e9s Arquitectos (\u00a9 Javier Callejas)\n\t\t\t\t<\/figcaption><\/figure><figure class='gallery-item'>\n\t\t\t<div class='gallery-icon landscape'>\n\t\t\t\t<a href='https:\/\/www.arquimaster.com.ar\/web\/wp-content\/uploads\/2020\/04\/biblioteca_maria_lejarraga23.jpg' title=\"Biblioteca P\u00fablica Mar\u00eda Lej\u00e1rraga \/ Rubens Cort\u00e9s Arquitectos (\u00a9 Javier Callejas)\" data-rl_title=\"Biblioteca P\u00fablica Mar\u00eda Lej\u00e1rraga \/ Rubens Cort\u00e9s Arquitectos (\u00a9 Javier Callejas)\" class=\"rl-gallery-link\" data-rl_caption=\"Biblioteca P\u00fablica Mar\u00eda Lej\u00e1rraga \/ Rubens Cort\u00e9s Arquitectos (\u00a9 Javier Callejas)\" data-rel=\"lightbox-gallery-1\"><img loading=\"lazy\" decoding=\"async\" width=\"150\" height=\"150\" src=\"https:\/\/www.arquimaster.com.ar\/web\/wp-content\/uploads\/2020\/04\/biblioteca_maria_lejarraga23-150x150.jpg\" class=\"attachment-thumbnail size-thumbnail\" alt=\"\" aria-describedby=\"gallery-1-54940\" \/><\/a>\n\t\t\t<\/div>\n\t\t\t\t<figcaption class='wp-caption-text gallery-caption' id='gallery-1-54940'>\n\t\t\t\tBiblioteca P\u00fablica Mar\u00eda Lej\u00e1rraga \/ Rubens Cort\u00e9s Arquitectos (\u00a9 Javier Callejas)\n\t\t\t\t<\/figcaption><\/figure><figure class='gallery-item'>\n\t\t\t<div class='gallery-icon portrait'>\n\t\t\t\t<a href='https:\/\/www.arquimaster.com.ar\/web\/wp-content\/uploads\/2020\/04\/biblioteca_maria_lejarraga24.jpg' title=\"Biblioteca P\u00fablica Mar\u00eda Lej\u00e1rraga \/ Rubens Cort\u00e9s Arquitectos (\u00a9 Javier Callejas)\" data-rl_title=\"Biblioteca P\u00fablica Mar\u00eda Lej\u00e1rraga \/ Rubens Cort\u00e9s Arquitectos (\u00a9 Javier Callejas)\" class=\"rl-gallery-link\" data-rl_caption=\"Biblioteca P\u00fablica Mar\u00eda Lej\u00e1rraga \/ Rubens Cort\u00e9s Arquitectos (\u00a9 Javier Callejas)\" data-rel=\"lightbox-gallery-1\"><img loading=\"lazy\" decoding=\"async\" width=\"150\" height=\"150\" src=\"https:\/\/www.arquimaster.com.ar\/web\/wp-content\/uploads\/2020\/04\/biblioteca_maria_lejarraga24-150x150.jpg\" class=\"attachment-thumbnail size-thumbnail\" alt=\"\" aria-describedby=\"gallery-1-54941\" \/><\/a>\n\t\t\t<\/div>\n\t\t\t\t<figcaption class='wp-caption-text gallery-caption' id='gallery-1-54941'>\n\t\t\t\tBiblioteca P\u00fablica Mar\u00eda Lej\u00e1rraga \/ Rubens Cort\u00e9s Arquitectos (\u00a9 Javier Callejas)\n\t\t\t\t<\/figcaption><\/figure><figure class='gallery-item'>\n\t\t\t<div class='gallery-icon portrait'>\n\t\t\t\t<a href='https:\/\/www.arquimaster.com.ar\/web\/wp-content\/uploads\/2020\/04\/biblioteca_maria_lejarraga25.jpg' title=\"Biblioteca P\u00fablica Mar\u00eda Lej\u00e1rraga \/ Rubens Cort\u00e9s Arquitectos (\u00a9 Javier Callejas)\" data-rl_title=\"Biblioteca P\u00fablica Mar\u00eda Lej\u00e1rraga \/ Rubens Cort\u00e9s Arquitectos (\u00a9 Javier Callejas)\" class=\"rl-gallery-link\" data-rl_caption=\"Biblioteca P\u00fablica Mar\u00eda Lej\u00e1rraga \/ Rubens Cort\u00e9s Arquitectos (\u00a9 Javier Callejas)\" data-rel=\"lightbox-gallery-1\"><img loading=\"lazy\" decoding=\"async\" width=\"150\" height=\"150\" src=\"https:\/\/www.arquimaster.com.ar\/web\/wp-content\/uploads\/2020\/04\/biblioteca_maria_lejarraga25-150x150.jpg\" class=\"attachment-thumbnail size-thumbnail\" alt=\"\" aria-describedby=\"gallery-1-54942\" \/><\/a>\n\t\t\t<\/div>\n\t\t\t\t<figcaption class='wp-caption-text gallery-caption' id='gallery-1-54942'>\n\t\t\t\tBiblioteca P\u00fablica Mar\u00eda Lej\u00e1rraga \/ Rubens Cort\u00e9s Arquitectos (\u00a9 Javier Callejas)\n\t\t\t\t<\/figcaption><\/figure><figure class='gallery-item'>\n\t\t\t<div class='gallery-icon landscape'>\n\t\t\t\t<a href='https:\/\/www.arquimaster.com.ar\/web\/wp-content\/uploads\/2020\/04\/biblioteca_maria_lejarraga26.jpg' title=\"Biblioteca P\u00fablica Mar\u00eda Lej\u00e1rraga \/ Rubens Cort\u00e9s Arquitectos (\u00a9 Javier Callejas)\" data-rl_title=\"Biblioteca P\u00fablica Mar\u00eda Lej\u00e1rraga \/ Rubens Cort\u00e9s Arquitectos (\u00a9 Javier Callejas)\" class=\"rl-gallery-link\" data-rl_caption=\"Biblioteca P\u00fablica Mar\u00eda Lej\u00e1rraga \/ Rubens Cort\u00e9s Arquitectos (\u00a9 Javier Callejas)\" data-rel=\"lightbox-gallery-1\"><img loading=\"lazy\" decoding=\"async\" width=\"150\" height=\"150\" src=\"https:\/\/www.arquimaster.com.ar\/web\/wp-content\/uploads\/2020\/04\/biblioteca_maria_lejarraga26-150x150.jpg\" class=\"attachment-thumbnail size-thumbnail\" alt=\"\" aria-describedby=\"gallery-1-54943\" srcset=\"https:\/\/www.arquimaster.com.ar\/web\/wp-content\/uploads\/2020\/04\/biblioteca_maria_lejarraga26-150x150.jpg 150w, https:\/\/www.arquimaster.com.ar\/web\/wp-content\/uploads\/2020\/04\/biblioteca_maria_lejarraga26-1024x1024.jpg 1024w, https:\/\/www.arquimaster.com.ar\/web\/wp-content\/uploads\/2020\/04\/biblioteca_maria_lejarraga26-768x768.jpg 768w, https:\/\/www.arquimaster.com.ar\/web\/wp-content\/uploads\/2020\/04\/biblioteca_maria_lejarraga26.jpg 1500w\" sizes=\"auto, (max-width: 150px) 100vw, 150px\" \/><\/a>\n\t\t\t<\/div>\n\t\t\t\t<figcaption class='wp-caption-text gallery-caption' id='gallery-1-54943'>\n\t\t\t\tBiblioteca P\u00fablica Mar\u00eda Lej\u00e1rraga \/ Rubens Cort\u00e9s Arquitectos (\u00a9 Javier Callejas)\n\t\t\t\t<\/figcaption><\/figure><figure class='gallery-item'>\n\t\t\t<div class='gallery-icon landscape'>\n\t\t\t\t<a href='https:\/\/www.arquimaster.com.ar\/web\/wp-content\/uploads\/2020\/04\/biblioteca_maria_lejarraga27.jpg' title=\"Biblioteca P\u00fablica Mar\u00eda Lej\u00e1rraga \/ Rubens Cort\u00e9s Arquitectos (\u00a9 Javier Callejas)\" data-rl_title=\"Biblioteca P\u00fablica Mar\u00eda Lej\u00e1rraga \/ Rubens Cort\u00e9s Arquitectos (\u00a9 Javier Callejas)\" class=\"rl-gallery-link\" data-rl_caption=\"Biblioteca P\u00fablica Mar\u00eda Lej\u00e1rraga \/ Rubens Cort\u00e9s Arquitectos (\u00a9 Javier Callejas)\" data-rel=\"lightbox-gallery-1\"><img loading=\"lazy\" decoding=\"async\" width=\"150\" height=\"150\" src=\"https:\/\/www.arquimaster.com.ar\/web\/wp-content\/uploads\/2020\/04\/biblioteca_maria_lejarraga27-150x150.jpg\" class=\"attachment-thumbnail size-thumbnail\" alt=\"\" aria-describedby=\"gallery-1-54944\" srcset=\"https:\/\/www.arquimaster.com.ar\/web\/wp-content\/uploads\/2020\/04\/biblioteca_maria_lejarraga27-150x150.jpg 150w, https:\/\/www.arquimaster.com.ar\/web\/wp-content\/uploads\/2020\/04\/biblioteca_maria_lejarraga27-1024x1024.jpg 1024w, https:\/\/www.arquimaster.com.ar\/web\/wp-content\/uploads\/2020\/04\/biblioteca_maria_lejarraga27-768x768.jpg 768w, https:\/\/www.arquimaster.com.ar\/web\/wp-content\/uploads\/2020\/04\/biblioteca_maria_lejarraga27.jpg 1500w\" sizes=\"auto, (max-width: 150px) 100vw, 150px\" \/><\/a>\n\t\t\t<\/div>\n\t\t\t\t<figcaption class='wp-caption-text gallery-caption' id='gallery-1-54944'>\n\t\t\t\tBiblioteca P\u00fablica Mar\u00eda Lej\u00e1rraga \/ Rubens Cort\u00e9s Arquitectos (\u00a9 Javier Callejas)\n\t\t\t\t<\/figcaption><\/figure><figure class='gallery-item'>\n\t\t\t<div class='gallery-icon portrait'>\n\t\t\t\t<a href='https:\/\/www.arquimaster.com.ar\/web\/wp-content\/uploads\/2020\/04\/biblioteca_maria_lejarraga28.jpg' title=\"Biblioteca P\u00fablica Mar\u00eda Lej\u00e1rraga \/ Rubens Cort\u00e9s Arquitectos (\u00a9 Javier Callejas)\" data-rl_title=\"Biblioteca P\u00fablica Mar\u00eda Lej\u00e1rraga \/ Rubens Cort\u00e9s Arquitectos (\u00a9 Javier Callejas)\" class=\"rl-gallery-link\" data-rl_caption=\"Biblioteca P\u00fablica Mar\u00eda Lej\u00e1rraga \/ Rubens Cort\u00e9s Arquitectos (\u00a9 Javier Callejas)\" data-rel=\"lightbox-gallery-1\"><img loading=\"lazy\" decoding=\"async\" width=\"150\" height=\"150\" src=\"https:\/\/www.arquimaster.com.ar\/web\/wp-content\/uploads\/2020\/04\/biblioteca_maria_lejarraga28-150x150.jpg\" class=\"attachment-thumbnail size-thumbnail\" alt=\"\" aria-describedby=\"gallery-1-54945\" \/><\/a>\n\t\t\t<\/div>\n\t\t\t\t<figcaption class='wp-caption-text gallery-caption' id='gallery-1-54945'>\n\t\t\t\tBiblioteca P\u00fablica Mar\u00eda Lej\u00e1rraga \/ Rubens Cort\u00e9s Arquitectos (\u00a9 Javier Callejas)\n\t\t\t\t<\/figcaption><\/figure><figure class='gallery-item'>\n\t\t\t<div class='gallery-icon landscape'>\n\t\t\t\t<a href='https:\/\/www.arquimaster.com.ar\/web\/wp-content\/uploads\/2020\/04\/biblioteca_maria_lejarraga29.jpg' title=\"Biblioteca P\u00fablica Mar\u00eda Lej\u00e1rraga \/ Rubens Cort\u00e9s Arquitectos\" data-rl_title=\"Biblioteca P\u00fablica Mar\u00eda Lej\u00e1rraga \/ Rubens Cort\u00e9s Arquitectos\" class=\"rl-gallery-link\" data-rl_caption=\"Biblioteca P\u00fablica Mar\u00eda Lej\u00e1rraga \/ Rubens Cort\u00e9s Arquitectos\" data-rel=\"lightbox-gallery-1\"><img loading=\"lazy\" decoding=\"async\" width=\"150\" height=\"150\" src=\"https:\/\/www.arquimaster.com.ar\/web\/wp-content\/uploads\/2020\/04\/biblioteca_maria_lejarraga29-150x150.jpg\" class=\"attachment-thumbnail size-thumbnail\" alt=\"\" aria-describedby=\"gallery-1-54946\" \/><\/a>\n\t\t\t<\/div>\n\t\t\t\t<figcaption class='wp-caption-text gallery-caption' id='gallery-1-54946'>\n\t\t\t\tBiblioteca P\u00fablica Mar\u00eda Lej\u00e1rraga \/ Rubens Cort\u00e9s Arquitectos\n\t\t\t\t<\/figcaption><\/figure><figure class='gallery-item'>\n\t\t\t<div class='gallery-icon landscape'>\n\t\t\t\t<a href='https:\/\/www.arquimaster.com.ar\/web\/wp-content\/uploads\/2020\/04\/biblioteca_maria_lejarraga30.jpg' title=\"Biblioteca P\u00fablica Mar\u00eda Lej\u00e1rraga \/ Rubens Cort\u00e9s Arquitectos\" data-rl_title=\"Biblioteca P\u00fablica Mar\u00eda Lej\u00e1rraga \/ Rubens Cort\u00e9s Arquitectos\" class=\"rl-gallery-link\" data-rl_caption=\"Biblioteca P\u00fablica Mar\u00eda Lej\u00e1rraga \/ Rubens Cort\u00e9s Arquitectos\" data-rel=\"lightbox-gallery-1\"><img loading=\"lazy\" decoding=\"async\" width=\"150\" height=\"150\" src=\"https:\/\/www.arquimaster.com.ar\/web\/wp-content\/uploads\/2020\/04\/biblioteca_maria_lejarraga30-150x150.jpg\" class=\"attachment-thumbnail size-thumbnail\" alt=\"\" aria-describedby=\"gallery-1-54947\" \/><\/a>\n\t\t\t<\/div>\n\t\t\t\t<figcaption class='wp-caption-text gallery-caption' id='gallery-1-54947'>\n\t\t\t\tBiblioteca P\u00fablica Mar\u00eda Lej\u00e1rraga \/ Rubens Cort\u00e9s Arquitectos\n\t\t\t\t<\/figcaption><\/figure><figure class='gallery-item'>\n\t\t\t<div class='gallery-icon landscape'>\n\t\t\t\t<a href='https:\/\/www.arquimaster.com.ar\/web\/wp-content\/uploads\/2020\/04\/biblioteca_maria_lejarraga31.jpg' title=\"Biblioteca P\u00fablica Mar\u00eda Lej\u00e1rraga \/ Rubens Cort\u00e9s Arquitectos\" data-rl_title=\"Biblioteca P\u00fablica Mar\u00eda Lej\u00e1rraga \/ Rubens Cort\u00e9s Arquitectos\" class=\"rl-gallery-link\" data-rl_caption=\"Biblioteca P\u00fablica Mar\u00eda Lej\u00e1rraga \/ Rubens Cort\u00e9s Arquitectos\" data-rel=\"lightbox-gallery-1\"><img loading=\"lazy\" decoding=\"async\" width=\"150\" height=\"150\" src=\"https:\/\/www.arquimaster.com.ar\/web\/wp-content\/uploads\/2020\/04\/biblioteca_maria_lejarraga31-150x150.jpg\" class=\"attachment-thumbnail size-thumbnail\" alt=\"\" aria-describedby=\"gallery-1-54948\" \/><\/a>\n\t\t\t<\/div>\n\t\t\t\t<figcaption class='wp-caption-text gallery-caption' id='gallery-1-54948'>\n\t\t\t\tBiblioteca P\u00fablica Mar\u00eda Lej\u00e1rraga \/ Rubens Cort\u00e9s Arquitectos\n\t\t\t\t<\/figcaption><\/figure><figure class='gallery-item'>\n\t\t\t<div class='gallery-icon portrait'>\n\t\t\t\t<a href='https:\/\/www.arquimaster.com.ar\/web\/wp-content\/uploads\/2020\/04\/biblioteca_maria_lejarraga32.jpg' title=\"Biblioteca P\u00fablica Mar\u00eda Lej\u00e1rraga \/ Rubens Cort\u00e9s Arquitectos\" data-rl_title=\"Biblioteca P\u00fablica Mar\u00eda Lej\u00e1rraga \/ Rubens Cort\u00e9s Arquitectos\" class=\"rl-gallery-link\" data-rl_caption=\"Biblioteca P\u00fablica Mar\u00eda Lej\u00e1rraga \/ Rubens Cort\u00e9s Arquitectos\" data-rel=\"lightbox-gallery-1\"><img loading=\"lazy\" decoding=\"async\" width=\"150\" height=\"150\" src=\"https:\/\/www.arquimaster.com.ar\/web\/wp-content\/uploads\/2020\/04\/biblioteca_maria_lejarraga32-150x150.jpg\" class=\"attachment-thumbnail size-thumbnail\" alt=\"\" aria-describedby=\"gallery-1-54949\" \/><\/a>\n\t\t\t<\/div>\n\t\t\t\t<figcaption class='wp-caption-text gallery-caption' id='gallery-1-54949'>\n\t\t\t\tBiblioteca P\u00fablica Mar\u00eda Lej\u00e1rraga \/ Rubens Cort\u00e9s Arquitectos\n\t\t\t\t<\/figcaption><\/figure><figure class='gallery-item'>\n\t\t\t<div class='gallery-icon landscape'>\n\t\t\t\t<a href='https:\/\/www.arquimaster.com.ar\/web\/wp-content\/uploads\/2020\/04\/biblioteca_maria_lejarraga33.jpg' title=\"Biblioteca P\u00fablica Mar\u00eda Lej\u00e1rraga \/ Rubens Cort\u00e9s Arquitectos\" data-rl_title=\"Biblioteca P\u00fablica Mar\u00eda Lej\u00e1rraga \/ Rubens Cort\u00e9s Arquitectos\" class=\"rl-gallery-link\" data-rl_caption=\"Biblioteca P\u00fablica Mar\u00eda Lej\u00e1rraga \/ Rubens Cort\u00e9s Arquitectos\" data-rel=\"lightbox-gallery-1\"><img loading=\"lazy\" decoding=\"async\" width=\"150\" height=\"150\" src=\"https:\/\/www.arquimaster.com.ar\/web\/wp-content\/uploads\/2020\/04\/biblioteca_maria_lejarraga33-150x150.jpg\" class=\"attachment-thumbnail size-thumbnail\" alt=\"\" aria-describedby=\"gallery-1-54950\" \/><\/a>\n\t\t\t<\/div>\n\t\t\t\t<figcaption class='wp-caption-text gallery-caption' id='gallery-1-54950'>\n\t\t\t\tBiblioteca P\u00fablica Mar\u00eda Lej\u00e1rraga \/ Rubens Cort\u00e9s Arquitectos\n\t\t\t\t<\/figcaption><\/figure><figure class='gallery-item'>\n\t\t\t<div class='gallery-icon portrait'>\n\t\t\t\t<a href='https:\/\/www.arquimaster.com.ar\/web\/wp-content\/uploads\/2020\/04\/biblioteca_maria_lejarraga34.jpg' title=\"Biblioteca P\u00fablica Mar\u00eda Lej\u00e1rraga \/ Rubens Cort\u00e9s Arquitectos (implantaci\u00f3n)\" data-rl_title=\"Biblioteca P\u00fablica Mar\u00eda Lej\u00e1rraga \/ Rubens Cort\u00e9s Arquitectos (implantaci\u00f3n)\" class=\"rl-gallery-link\" data-rl_caption=\"Biblioteca P\u00fablica Mar\u00eda Lej\u00e1rraga \/ Rubens Cort\u00e9s Arquitectos (implantaci\u00f3n)\" data-rel=\"lightbox-gallery-1\"><img loading=\"lazy\" decoding=\"async\" width=\"150\" height=\"150\" src=\"https:\/\/www.arquimaster.com.ar\/web\/wp-content\/uploads\/2020\/04\/biblioteca_maria_lejarraga34-150x150.jpg\" class=\"attachment-thumbnail size-thumbnail\" alt=\"\" aria-describedby=\"gallery-1-54951\" \/><\/a>\n\t\t\t<\/div>\n\t\t\t\t<figcaption class='wp-caption-text gallery-caption' id='gallery-1-54951'>\n\t\t\t\tBiblioteca P\u00fablica Mar\u00eda Lej\u00e1rraga \/ Rubens Cort\u00e9s Arquitectos (implantaci\u00f3n)\n\t\t\t\t<\/figcaption><\/figure><figure class='gallery-item'>\n\t\t\t<div class='gallery-icon landscape'>\n\t\t\t\t<a href='https:\/\/www.arquimaster.com.ar\/web\/wp-content\/uploads\/2020\/04\/biblioteca_maria_lejarraga35.jpg' title=\"Biblioteca P\u00fablica Mar\u00eda Lej\u00e1rraga \/ Rubens Cort\u00e9s Arquitectos (axonometr\u00eda)\" data-rl_title=\"Biblioteca P\u00fablica Mar\u00eda Lej\u00e1rraga \/ Rubens Cort\u00e9s Arquitectos (axonometr\u00eda)\" class=\"rl-gallery-link\" data-rl_caption=\"Biblioteca P\u00fablica Mar\u00eda Lej\u00e1rraga \/ Rubens Cort\u00e9s Arquitectos (axonometr\u00eda)\" data-rel=\"lightbox-gallery-1\"><img loading=\"lazy\" decoding=\"async\" width=\"150\" height=\"150\" src=\"https:\/\/www.arquimaster.com.ar\/web\/wp-content\/uploads\/2020\/04\/biblioteca_maria_lejarraga35-150x150.jpg\" class=\"attachment-thumbnail size-thumbnail\" alt=\"\" aria-describedby=\"gallery-1-54952\" srcset=\"https:\/\/www.arquimaster.com.ar\/web\/wp-content\/uploads\/2020\/04\/biblioteca_maria_lejarraga35-150x150.jpg 150w, https:\/\/www.arquimaster.com.ar\/web\/wp-content\/uploads\/2020\/04\/biblioteca_maria_lejarraga35-1024x1024.jpg 1024w, https:\/\/www.arquimaster.com.ar\/web\/wp-content\/uploads\/2020\/04\/biblioteca_maria_lejarraga35-768x768.jpg 768w, https:\/\/www.arquimaster.com.ar\/web\/wp-content\/uploads\/2020\/04\/biblioteca_maria_lejarraga35.jpg 1500w\" sizes=\"auto, (max-width: 150px) 100vw, 150px\" \/><\/a>\n\t\t\t<\/div>\n\t\t\t\t<figcaption class='wp-caption-text gallery-caption' id='gallery-1-54952'>\n\t\t\t\tBiblioteca P\u00fablica Mar\u00eda Lej\u00e1rraga \/ Rubens Cort\u00e9s Arquitectos (axonometr\u00eda)\n\t\t\t\t<\/figcaption><\/figure><figure class='gallery-item'>\n\t\t\t<div class='gallery-icon portrait'>\n\t\t\t\t<a href='https:\/\/www.arquimaster.com.ar\/web\/wp-content\/uploads\/2020\/04\/biblioteca_maria_lejarraga38.jpg' title=\"Biblioteca P\u00fablica Mar\u00eda Lej\u00e1rraga \/ Rubens Cort\u00e9s Arquitectos (planta s\u00f3tano)\" data-rl_title=\"Biblioteca P\u00fablica Mar\u00eda Lej\u00e1rraga \/ Rubens Cort\u00e9s Arquitectos (planta s\u00f3tano)\" class=\"rl-gallery-link\" data-rl_caption=\"Biblioteca P\u00fablica Mar\u00eda Lej\u00e1rraga \/ Rubens Cort\u00e9s Arquitectos (planta s\u00f3tano)\" data-rel=\"lightbox-gallery-1\"><img loading=\"lazy\" decoding=\"async\" width=\"150\" height=\"150\" src=\"https:\/\/www.arquimaster.com.ar\/web\/wp-content\/uploads\/2020\/04\/biblioteca_maria_lejarraga38-150x150.jpg\" class=\"attachment-thumbnail size-thumbnail\" alt=\"\" aria-describedby=\"gallery-1-54955\" \/><\/a>\n\t\t\t<\/div>\n\t\t\t\t<figcaption class='wp-caption-text gallery-caption' id='gallery-1-54955'>\n\t\t\t\tBiblioteca P\u00fablica Mar\u00eda Lej\u00e1rraga \/ Rubens Cort\u00e9s Arquitectos (planta s\u00f3tano)\n\t\t\t\t<\/figcaption><\/figure><figure class='gallery-item'>\n\t\t\t<div class='gallery-icon portrait'>\n\t\t\t\t<a href='https:\/\/www.arquimaster.com.ar\/web\/wp-content\/uploads\/2020\/04\/biblioteca_maria_lejarraga37.jpg' title=\"Biblioteca P\u00fablica Mar\u00eda Lej\u00e1rraga \/ Rubens Cort\u00e9s Arquitectos (planta baja)\" data-rl_title=\"Biblioteca P\u00fablica Mar\u00eda Lej\u00e1rraga \/ Rubens Cort\u00e9s Arquitectos (planta baja)\" class=\"rl-gallery-link\" data-rl_caption=\"Biblioteca P\u00fablica Mar\u00eda Lej\u00e1rraga \/ Rubens Cort\u00e9s Arquitectos (planta baja)\" data-rel=\"lightbox-gallery-1\"><img loading=\"lazy\" decoding=\"async\" width=\"150\" height=\"150\" src=\"https:\/\/www.arquimaster.com.ar\/web\/wp-content\/uploads\/2020\/04\/biblioteca_maria_lejarraga37-150x150.jpg\" class=\"attachment-thumbnail size-thumbnail\" alt=\"\" aria-describedby=\"gallery-1-54954\" \/><\/a>\n\t\t\t<\/div>\n\t\t\t\t<figcaption class='wp-caption-text gallery-caption' id='gallery-1-54954'>\n\t\t\t\tBiblioteca P\u00fablica Mar\u00eda Lej\u00e1rraga \/ Rubens Cort\u00e9s Arquitectos (planta baja)\n\t\t\t\t<\/figcaption><\/figure><figure class='gallery-item'>\n\t\t\t<div class='gallery-icon portrait'>\n\t\t\t\t<a href='https:\/\/www.arquimaster.com.ar\/web\/wp-content\/uploads\/2020\/04\/biblioteca_maria_lejarraga36.jpg' title=\"Biblioteca P\u00fablica Mar\u00eda Lej\u00e1rraga \/ Rubens Cort\u00e9s Arquitectos (planta alta)\" data-rl_title=\"Biblioteca P\u00fablica Mar\u00eda Lej\u00e1rraga \/ Rubens Cort\u00e9s Arquitectos (planta alta)\" class=\"rl-gallery-link\" data-rl_caption=\"Biblioteca P\u00fablica Mar\u00eda Lej\u00e1rraga \/ Rubens Cort\u00e9s Arquitectos (planta alta)\" data-rel=\"lightbox-gallery-1\"><img loading=\"lazy\" decoding=\"async\" width=\"150\" height=\"150\" src=\"https:\/\/www.arquimaster.com.ar\/web\/wp-content\/uploads\/2020\/04\/biblioteca_maria_lejarraga36-150x150.jpg\" class=\"attachment-thumbnail size-thumbnail\" alt=\"\" aria-describedby=\"gallery-1-54953\" \/><\/a>\n\t\t\t<\/div>\n\t\t\t\t<figcaption class='wp-caption-text gallery-caption' id='gallery-1-54953'>\n\t\t\t\tBiblioteca P\u00fablica Mar\u00eda Lej\u00e1rraga \/ Rubens Cort\u00e9s Arquitectos (planta alta)\n\t\t\t\t<\/figcaption><\/figure><figure class='gallery-item'>\n\t\t\t<div class='gallery-icon landscape'>\n\t\t\t\t<a href='https:\/\/www.arquimaster.com.ar\/web\/wp-content\/uploads\/2020\/04\/biblioteca_maria_lejarraga39.jpg' title=\"Biblioteca P\u00fablica Mar\u00eda Lej\u00e1rraga \/ Rubens Cort\u00e9s Arquitectos (corte)\" data-rl_title=\"Biblioteca P\u00fablica Mar\u00eda Lej\u00e1rraga \/ Rubens Cort\u00e9s Arquitectos (corte)\" class=\"rl-gallery-link\" data-rl_caption=\"Biblioteca P\u00fablica Mar\u00eda Lej\u00e1rraga \/ Rubens Cort\u00e9s Arquitectos (corte)\" data-rel=\"lightbox-gallery-1\"><img loading=\"lazy\" decoding=\"async\" width=\"150\" height=\"150\" src=\"https:\/\/www.arquimaster.com.ar\/web\/wp-content\/uploads\/2020\/04\/biblioteca_maria_lejarraga39-150x150.jpg\" class=\"attachment-thumbnail size-thumbnail\" alt=\"\" aria-describedby=\"gallery-1-54956\" \/><\/a>\n\t\t\t<\/div>\n\t\t\t\t<figcaption class='wp-caption-text gallery-caption' id='gallery-1-54956'>\n\t\t\t\tBiblioteca P\u00fablica Mar\u00eda Lej\u00e1rraga \/ Rubens Cort\u00e9s Arquitectos (corte)\n\t\t\t\t<\/figcaption><\/figure><figure class='gallery-item'>\n\t\t\t<div class='gallery-icon landscape'>\n\t\t\t\t<a href='https:\/\/www.arquimaster.com.ar\/web\/wp-content\/uploads\/2020\/04\/biblioteca_maria_lejarraga40.jpg' title=\"Biblioteca P\u00fablica Mar\u00eda Lej\u00e1rraga \/ Rubens Cort\u00e9s Arquitectos (corte)\" data-rl_title=\"Biblioteca P\u00fablica Mar\u00eda Lej\u00e1rraga \/ Rubens Cort\u00e9s Arquitectos (corte)\" class=\"rl-gallery-link\" data-rl_caption=\"Biblioteca P\u00fablica Mar\u00eda Lej\u00e1rraga \/ Rubens Cort\u00e9s Arquitectos (corte)\" data-rel=\"lightbox-gallery-1\"><img loading=\"lazy\" decoding=\"async\" width=\"150\" height=\"150\" src=\"https:\/\/www.arquimaster.com.ar\/web\/wp-content\/uploads\/2020\/04\/biblioteca_maria_lejarraga40-150x150.jpg\" class=\"attachment-thumbnail size-thumbnail\" alt=\"\" aria-describedby=\"gallery-1-54957\" \/><\/a>\n\t\t\t<\/div>\n\t\t\t\t<figcaption class='wp-caption-text gallery-caption' id='gallery-1-54957'>\n\t\t\t\tBiblioteca P\u00fablica Mar\u00eda Lej\u00e1rraga \/ Rubens Cort\u00e9s Arquitectos (corte)\n\t\t\t\t<\/figcaption><\/figure><figure class='gallery-item'>\n\t\t\t<div class='gallery-icon landscape'>\n\t\t\t\t<a href='https:\/\/www.arquimaster.com.ar\/web\/wp-content\/uploads\/2020\/04\/biblioteca_maria_lejarraga41.jpg' title=\"Biblioteca P\u00fablica Mar\u00eda Lej\u00e1rraga \/ Rubens Cort\u00e9s Arquitectos (nueva estructura de madera)\" data-rl_title=\"Biblioteca P\u00fablica Mar\u00eda Lej\u00e1rraga \/ Rubens Cort\u00e9s Arquitectos (nueva estructura de madera)\" class=\"rl-gallery-link\" data-rl_caption=\"Biblioteca P\u00fablica Mar\u00eda Lej\u00e1rraga \/ Rubens Cort\u00e9s Arquitectos (nueva estructura de madera)\" data-rel=\"lightbox-gallery-1\"><img loading=\"lazy\" decoding=\"async\" width=\"150\" height=\"150\" src=\"https:\/\/www.arquimaster.com.ar\/web\/wp-content\/uploads\/2020\/04\/biblioteca_maria_lejarraga41-150x150.jpg\" class=\"attachment-thumbnail size-thumbnail\" alt=\"\" aria-describedby=\"gallery-1-54958\" \/><\/a>\n\t\t\t<\/div>\n\t\t\t\t<figcaption class='wp-caption-text gallery-caption' id='gallery-1-54958'>\n\t\t\t\tBiblioteca P\u00fablica Mar\u00eda Lej\u00e1rraga \/ Rubens Cort\u00e9s Arquitectos (nueva estructura de madera)\n\t\t\t\t<\/figcaption><\/figure><figure class='gallery-item'>\n\t\t\t<div class='gallery-icon portrait'>\n\t\t\t\t<a href='https:\/\/www.arquimaster.com.ar\/web\/wp-content\/uploads\/2020\/04\/biblioteca_maria_lejarraga42.jpg' title=\"Biblioteca P\u00fablica Mar\u00eda Lej\u00e1rraga \/ Rubens Cort\u00e9s Arquitectos (detalle)\" data-rl_title=\"Biblioteca P\u00fablica Mar\u00eda Lej\u00e1rraga \/ Rubens Cort\u00e9s Arquitectos (detalle)\" class=\"rl-gallery-link\" data-rl_caption=\"Biblioteca P\u00fablica Mar\u00eda Lej\u00e1rraga \/ Rubens Cort\u00e9s Arquitectos (detalle)\" data-rel=\"lightbox-gallery-1\"><img loading=\"lazy\" decoding=\"async\" width=\"150\" height=\"150\" src=\"https:\/\/www.arquimaster.com.ar\/web\/wp-content\/uploads\/2020\/04\/biblioteca_maria_lejarraga42-150x150.jpg\" class=\"attachment-thumbnail size-thumbnail\" alt=\"\" aria-describedby=\"gallery-1-54959\" \/><\/a>\n\t\t\t<\/div>\n\t\t\t\t<figcaption class='wp-caption-text gallery-caption' id='gallery-1-54959'>\n\t\t\t\tBiblioteca P\u00fablica Mar\u00eda Lej\u00e1rraga \/ Rubens Cort\u00e9s Arquitectos (detalle)\n\t\t\t\t<\/figcaption><\/figure>\n\t\t<\/div>\n\n<p>Hoy en d\u00eda s\u00f3lo algunas zonas siguen dedic\u00e1ndose a esta actividad. Sin embargo, los secaderos de tabaco siguen formando parte del paisaje de Granada y son la huella m\u00e1s reconocible de la historia rural de la ciudad. La decadencia de la producci\u00f3n agr\u00edcola ha causado una progresiva ocupaci\u00f3n y transformaci\u00f3n del paisaje rural en urbano. Durante este largo proceso la mayor\u00eda de los secaderos has desaparecido, otros han sido absorbidos por el crecimiento del tejido urbano de modo similar al que ocupa este proyecto de rehabilitaci\u00f3n.<\/p>\n<p><strong>Sala de madera<\/strong><br \/>La sala de lectura est\u00e1 resuelta mediante una secci\u00f3n estructural de madera. Suelo, pared y techo forman un anillo entramado que apoya sobre muros de hormig\u00f3n.<\/p>\n<p>La estructura portante vertical consta de pies derechos de 90 x 90 mm de madera maciza de elondo separados cada 95 cm. Cuajando los espacios intermedios aparecen una serie de montantes de 45 mm de grueso y 150 mm de cara, con largos de 4500 mm (altura del edificio).<\/p>\n<p>Los huecos de 90 mm entre las caras de ambos tipos de elementos est\u00e1n rellenos de forma alterna con madera y vidrio. Es precisamente este juego de macizo y hueco el que el arquitecto utiliza como elemento compositivo para conseguir una fachada realmente interesante de celos\u00eda vertical. Para simplificar \u00e9sta se utilizan solamente 9 alturas de vidrio diferentes de 100 mm de ancho y 20 mm de grueso.<\/p>\n<p>Los montantes se prolongan con la misma escuadra de 45 x 150 mm formando el suelo, el cual se maciza de nuevo con piezas de madera de elondo, que no llegan a los muros dejando una franja parcialmente libre. De esta forma pasa La Luz natural a la sala inferior en determinados momentos del d\u00eda.<\/p>\n<p>De esta manera el entramado forma en realidad una serie de p\u00f3rticos consecutivos de altura decreciente, con los dos montantes, la viga inferior y la formaci\u00f3n de pendiente (dos partes truncados y una pieza horizontal).<\/p>\n<p><strong>Ficha t\u00e9cnica<\/strong><br \/>Nombre: Biblioteca P\u00fablica Mar\u00eda Lej\u00e1rraga<br \/>Ubicaci\u00f3n: C\/ M\u00e1rtires S\/N (junto al Parque de San Sebasti\u00e1n, Recinto Ferial), Og\u00edjares, Granada, Espa\u00f1a<br \/>Oficina de Arquitectura: Rubens Cort\u00e9s Arquitectos<br \/>Arquitectos a Cargo: Rubens Cort\u00e9s Cano <br \/>Clientes: Ayuntamiento de Og\u00edjares<br \/>Ingenier\u00eda: Juan Fern\u00e1ndez<br \/>Arquitecto colaborador: Ra\u00fal Melguizo<br \/>Equipo: \u00c1lvaro Castellano, David Garz\u00f3n y Sergio P\u00e1ez<br \/>Superficie construida: 612,72 m2<br \/>A\u00f1o finalizaci\u00f3n construcci\u00f3n: 2011<br \/>Fotograf\u00eda: <a href=\"http:\/\/www.javiercallejas.com\" target=\"_blank\" rel=\"noopener noreferrer\">Javier Callejas<\/a><\/p>\n<p><strong>Contacto<\/strong><br \/><a href=\"http:\/\/www.rubenscortes.es\" target=\"_blank\" rel=\"noopener noreferrer\">http:\/\/www.rubenscortes.es<\/a><\/p>\n\n\n<div style=\"height:20px\" aria-hidden=\"true\" class=\"wp-block-spacer\"><\/div>\n\n\n<p><strong><em>English version<\/em><\/strong><\/p>\n<p><strong><em>Tobacco drying in la Vega de Granada<\/em><\/strong><br \/><em>Tobacco dryers are agricultural constructions of Vega Granadina. The development of this typology is clearly associated with the cultivation of tobacco introduced in Granada agriculture in the late 19th century. Tobacco cultivation became more important during the 1940s. Then there was a progressive recession, which ended with the crises of the last decade of the 1990s, when it ceased to be a subsidized crop.<\/em><\/p>\n<p><em>Today only a few areas continue to be dedicated to this activity. However, tobacco dryers are still part of the landscape of Granada and are the most recognizable footprint in the city&#8217;s rural history. The decline of agricultural production has caused a progressive occupation and transformation of the rural landscape into urban. During this long process most of the dryers have disappeared; others have been absorbed by the growth of the urban fabric in a similar way to that occupied by this rehabilitation project.<\/em><\/p>\n<p><strong><em>Wood room<\/em><\/strong><br \/><em>The reading room is solved by a wooden structural section. Floor, wall and ceiling form a lattice ring that rests on concrete walls.<\/em><\/p>\n<p><em>The vertical bearing structure consists of 90 x 90 mm right feet of solid elondo wood separated every 95 cm. Curing the intermediate spaces appear a series of uprights of 45 mm thick and 150 mm of face, with lengths of 4500 mm (height of the building).<\/em><\/p>\n<p><em>The 90 mm gaps between the faces of both types of elements are alternately filled with wood and glass. It is precisely this game of solid and hollow that the architect uses as a compositional element to get a really interesting facade of vertical lattice. To simplify this only 9 different glass heights 100 mm wide and 20 mm thick are used.<\/em><\/p>\n<p><em>The mullions are extended with the same square of 45 x 150 mm forming the ground, which is solid again with pieces of elondo wood, which do not reach the walls leaving a stripe partially free. In this way, he passes Natural Light to the lower room at certain times of the day. In this way the framework actually forms a series of consecutive porches of decreasing height, with the two studs, the lower beam and the slope formation (two truncated parts and a horizontal piece).<\/em><\/p>\n<div style=\"font-size: 0px; height: 0px; line-height: 0px; margin: 0; padding: 0; clear: both;\"><\/div><div style=\"margin-top: 0px; margin-bottom: 0px;\" class=\"sharethis-inline-share-buttons\" ><\/div>","protected":false},"excerpt":{"rendered":"<p>Proyecto de rehabilitaci\u00f3n de un secadero de tabaco en la Vega de Granada&#8230;<\/p>\n","protected":false},"author":1,"featured_media":54960,"comment_status":"closed","ping_status":"closed","sticky":false,"template":"","format":"standard","meta":{"_uag_custom_page_level_css":"","footnotes":""},"categories":[784,1],"tags":[2229,5856,104,5790,701,5858,680,5857,5860,5859],"class_list":["post-54916","post","type-post","status-publish","format-standard","has-post-thumbnail","hentry","category-edificios-para-la-cultura","category-proyecto","tag-biblioteca","tag-biblioteca-publica","tag-espana","tag-granada","tag-madera","tag-ogijares","tag-rehabilitacion","tag-rubens-cortes-arquitectos","tag-rubens-cortes-cano","tag-secadero-de-tabaco","generate-columns","tablet-grid-50","mobile-grid-100","grid-parent","grid-50"],"yoast_head":"<!-- This site is optimized with the Yoast SEO plugin v27.3 - https:\/\/yoast.com\/product\/yoast-seo-wordpress\/ -->\n<title>Biblioteca P\u00fablica Mar\u00eda Lej\u00e1rraga \/ Rubens Cort\u00e9s Arquitectos - Arquimaster<\/title>\n<meta name=\"description\" content=\"Proyecto de rehabilitaci\u00f3n de un secadero de tabaco en la Vega de Granada, en el cual la sala de lectura est\u00e1 resuelta mediante una secci\u00f3n estructural de madera.\" \/>\n<meta name=\"robots\" content=\"index, follow, max-snippet:-1, max-image-preview:large, max-video-preview:-1\" \/>\n<link rel=\"canonical\" href=\"https:\/\/www.arquimaster.com.ar\/web\/biblioteca-publica-maria-lejarraga-rubens-cortes-arquitectos\/\" \/>\n<meta property=\"og:locale\" content=\"es_ES\" \/>\n<meta property=\"og:type\" content=\"article\" \/>\n<meta property=\"og:title\" content=\"Biblioteca P\u00fablica Mar\u00eda Lej\u00e1rraga \/ Rubens Cort\u00e9s Arquitectos\" \/>\n<meta property=\"og:description\" content=\"Proyecto de rehabilitaci\u00f3n de un secadero de tabaco en la Vega de Granada, en el cual la sala de lectura est\u00e1 resuelta mediante una secci\u00f3n estructural de madera.\" \/>\n<meta property=\"og:url\" content=\"https:\/\/www.arquimaster.com.ar\/web\/biblioteca-publica-maria-lejarraga-rubens-cortes-arquitectos\/\" \/>\n<meta property=\"og:site_name\" content=\"Arquimaster\" \/>\n<meta property=\"article:publisher\" content=\"http:\/\/www.facebook.com\/ARQUIMASTER.com.ar\" \/>\n<meta property=\"article:published_time\" content=\"2020-04-22T19:45:00+00:00\" \/>\n<meta property=\"article:modified_time\" content=\"2020-04-23T01:05:21+00:00\" \/>\n<meta property=\"og:image\" content=\"https:\/\/www.arquimaster.com.ar\/web\/wp-content\/uploads\/2020\/04\/biblioteca_maria_lejarraga_slide.jpg\" \/>\n\t<meta property=\"og:image:width\" content=\"698\" \/>\n\t<meta property=\"og:image:height\" content=\"364\" \/>\n\t<meta property=\"og:image:type\" content=\"image\/jpeg\" \/>\n<meta name=\"author\" content=\"Arquimaster\" \/>\n<meta name=\"twitter:card\" content=\"summary_large_image\" \/>\n<meta name=\"twitter:title\" content=\"Biblioteca P\u00fablica Mar\u00eda Lej\u00e1rraga \/ Rubens Cort\u00e9s Arquitectos\" \/>\n<meta name=\"twitter:description\" content=\"Proyecto de rehabilitaci\u00f3n de un secadero de tabaco en la Vega de Granada, en el cual la sala de lectura est\u00e1 resuelta mediante una secci\u00f3n estructural de madera.\" \/>\n<meta name=\"twitter:image\" content=\"https:\/\/www.arquimaster.com.ar\/web\/wp-content\/uploads\/2020\/04\/biblioteca_maria_lejarraga_slide.jpg\" \/>\n<meta name=\"twitter:creator\" content=\"@arquimaster\" \/>\n<meta name=\"twitter:site\" content=\"@arquimaster\" \/>\n<meta name=\"twitter:label1\" content=\"Escrito por\" \/>\n\t<meta name=\"twitter:data1\" content=\"Arquimaster\" \/>\n\t<meta name=\"twitter:label2\" content=\"Tiempo de lectura\" \/>\n\t<meta name=\"twitter:data2\" content=\"4 minutos\" \/>\n<script type=\"application\/ld+json\" class=\"yoast-schema-graph\">{\"@context\":\"https:\\\/\\\/schema.org\",\"@graph\":[{\"@type\":\"Article\",\"@id\":\"https:\\\/\\\/www.arquimaster.com.ar\\\/web\\\/biblioteca-publica-maria-lejarraga-rubens-cortes-arquitectos\\\/#article\",\"isPartOf\":{\"@id\":\"https:\\\/\\\/www.arquimaster.com.ar\\\/web\\\/biblioteca-publica-maria-lejarraga-rubens-cortes-arquitectos\\\/\"},\"author\":{\"name\":\"Arquimaster\",\"@id\":\"https:\\\/\\\/www.arquimaster.com.ar\\\/web\\\/#\\\/schema\\\/person\\\/359e9f7c00193fcde068e0dd2ceb0028\"},\"headline\":\"Biblioteca P\u00fablica Mar\u00eda Lej\u00e1rraga \\\/ Rubens Cort\u00e9s Arquitectos\",\"datePublished\":\"2020-04-22T19:45:00+00:00\",\"dateModified\":\"2020-04-23T01:05:21+00:00\",\"mainEntityOfPage\":{\"@id\":\"https:\\\/\\\/www.arquimaster.com.ar\\\/web\\\/biblioteca-publica-maria-lejarraga-rubens-cortes-arquitectos\\\/\"},\"wordCount\":887,\"publisher\":{\"@id\":\"https:\\\/\\\/www.arquimaster.com.ar\\\/web\\\/#organization\"},\"image\":{\"@id\":\"https:\\\/\\\/www.arquimaster.com.ar\\\/web\\\/biblioteca-publica-maria-lejarraga-rubens-cortes-arquitectos\\\/#primaryimage\"},\"thumbnailUrl\":\"https:\\\/\\\/www.arquimaster.com.ar\\\/web\\\/wp-content\\\/uploads\\\/2020\\\/04\\\/biblioteca_maria_lejarraga_slide.jpg\",\"keywords\":[\"biblioteca\",\"biblioteca p\u00fablica\",\"Espa\u00f1a\",\"Granada\",\"madera\",\"Og\u00edjares\",\"rehabilitaci\u00f3n\",\"Rubens Cort\u00e9s Arquitectos\",\"Rubens Cort\u00e9s Cano\",\"secadero de tabaco\"],\"articleSection\":[\"Edificios para la cultura\",\"Proyecto\"],\"inLanguage\":\"es\"},{\"@type\":\"WebPage\",\"@id\":\"https:\\\/\\\/www.arquimaster.com.ar\\\/web\\\/biblioteca-publica-maria-lejarraga-rubens-cortes-arquitectos\\\/\",\"url\":\"https:\\\/\\\/www.arquimaster.com.ar\\\/web\\\/biblioteca-publica-maria-lejarraga-rubens-cortes-arquitectos\\\/\",\"name\":\"Biblioteca P\u00fablica Mar\u00eda Lej\u00e1rraga \\\/ Rubens Cort\u00e9s Arquitectos - Arquimaster\",\"isPartOf\":{\"@id\":\"https:\\\/\\\/www.arquimaster.com.ar\\\/web\\\/#website\"},\"primaryImageOfPage\":{\"@id\":\"https:\\\/\\\/www.arquimaster.com.ar\\\/web\\\/biblioteca-publica-maria-lejarraga-rubens-cortes-arquitectos\\\/#primaryimage\"},\"image\":{\"@id\":\"https:\\\/\\\/www.arquimaster.com.ar\\\/web\\\/biblioteca-publica-maria-lejarraga-rubens-cortes-arquitectos\\\/#primaryimage\"},\"thumbnailUrl\":\"https:\\\/\\\/www.arquimaster.com.ar\\\/web\\\/wp-content\\\/uploads\\\/2020\\\/04\\\/biblioteca_maria_lejarraga_slide.jpg\",\"datePublished\":\"2020-04-22T19:45:00+00:00\",\"dateModified\":\"2020-04-23T01:05:21+00:00\",\"description\":\"Proyecto de rehabilitaci\u00f3n de un secadero de tabaco en la Vega de Granada, en el cual la sala de lectura est\u00e1 resuelta mediante una secci\u00f3n estructural de madera.\",\"breadcrumb\":{\"@id\":\"https:\\\/\\\/www.arquimaster.com.ar\\\/web\\\/biblioteca-publica-maria-lejarraga-rubens-cortes-arquitectos\\\/#breadcrumb\"},\"inLanguage\":\"es\",\"potentialAction\":[{\"@type\":\"ReadAction\",\"target\":[\"https:\\\/\\\/www.arquimaster.com.ar\\\/web\\\/biblioteca-publica-maria-lejarraga-rubens-cortes-arquitectos\\\/\"]}]},{\"@type\":\"ImageObject\",\"inLanguage\":\"es\",\"@id\":\"https:\\\/\\\/www.arquimaster.com.ar\\\/web\\\/biblioteca-publica-maria-lejarraga-rubens-cortes-arquitectos\\\/#primaryimage\",\"url\":\"https:\\\/\\\/www.arquimaster.com.ar\\\/web\\\/wp-content\\\/uploads\\\/2020\\\/04\\\/biblioteca_maria_lejarraga_slide.jpg\",\"contentUrl\":\"https:\\\/\\\/www.arquimaster.com.ar\\\/web\\\/wp-content\\\/uploads\\\/2020\\\/04\\\/biblioteca_maria_lejarraga_slide.jpg\",\"width\":698,\"height\":364},{\"@type\":\"BreadcrumbList\",\"@id\":\"https:\\\/\\\/www.arquimaster.com.ar\\\/web\\\/biblioteca-publica-maria-lejarraga-rubens-cortes-arquitectos\\\/#breadcrumb\",\"itemListElement\":[{\"@type\":\"ListItem\",\"position\":1,\"name\":\"Portada\",\"item\":\"https:\\\/\\\/www.arquimaster.com.ar\\\/web\\\/\"},{\"@type\":\"ListItem\",\"position\":2,\"name\":\"Biblioteca P\u00fablica Mar\u00eda Lej\u00e1rraga \\\/ Rubens Cort\u00e9s Arquitectos\"}]},{\"@type\":\"WebSite\",\"@id\":\"https:\\\/\\\/www.arquimaster.com.ar\\\/web\\\/#website\",\"url\":\"https:\\\/\\\/www.arquimaster.com.ar\\\/web\\\/\",\"name\":\"Arquimaster\",\"description\":\"Web de arquitectura, dise\u00f1o y construccion\",\"publisher\":{\"@id\":\"https:\\\/\\\/www.arquimaster.com.ar\\\/web\\\/#organization\"},\"potentialAction\":[{\"@type\":\"SearchAction\",\"target\":{\"@type\":\"EntryPoint\",\"urlTemplate\":\"https:\\\/\\\/www.arquimaster.com.ar\\\/web\\\/?s={search_term_string}\"},\"query-input\":{\"@type\":\"PropertyValueSpecification\",\"valueRequired\":true,\"valueName\":\"search_term_string\"}}],\"inLanguage\":\"es\"},{\"@type\":\"Organization\",\"@id\":\"https:\\\/\\\/www.arquimaster.com.ar\\\/web\\\/#organization\",\"name\":\"Arquimaster\",\"url\":\"https:\\\/\\\/www.arquimaster.com.ar\\\/web\\\/\",\"logo\":{\"@type\":\"ImageObject\",\"inLanguage\":\"es\",\"@id\":\"https:\\\/\\\/www.arquimaster.com.ar\\\/web\\\/#\\\/schema\\\/logo\\\/image\\\/\",\"url\":\"https:\\\/\\\/www.arquimaster.com.ar\\\/web\\\/wp-content\\\/uploads\\\/2022\\\/06\\\/arquimaster.png\",\"contentUrl\":\"https:\\\/\\\/www.arquimaster.com.ar\\\/web\\\/wp-content\\\/uploads\\\/2022\\\/06\\\/arquimaster.png\",\"width\":594,\"height\":78,\"caption\":\"Arquimaster\"},\"image\":{\"@id\":\"https:\\\/\\\/www.arquimaster.com.ar\\\/web\\\/#\\\/schema\\\/logo\\\/image\\\/\"},\"sameAs\":[\"http:\\\/\\\/www.facebook.com\\\/ARQUIMASTER.com.ar\",\"https:\\\/\\\/x.com\\\/arquimaster\",\"https:\\\/\\\/www.instagram.com\\\/arquimasterblog\\\/\",\"https:\\\/\\\/www.linkedin.com\\\/company\\\/arquimaster\",\"https:\\\/\\\/www.pinterest.com\\\/arquimaster\",\"https:\\\/\\\/t.me\\\/arquimaster\"]},{\"@type\":\"Person\",\"@id\":\"https:\\\/\\\/www.arquimaster.com.ar\\\/web\\\/#\\\/schema\\\/person\\\/359e9f7c00193fcde068e0dd2ceb0028\",\"name\":\"Arquimaster\"}]}<\/script>\n<!-- \/ Yoast SEO plugin. -->","yoast_head_json":{"title":"Biblioteca P\u00fablica Mar\u00eda Lej\u00e1rraga \/ Rubens Cort\u00e9s Arquitectos - Arquimaster","description":"Proyecto de rehabilitaci\u00f3n de un secadero de tabaco en la Vega de Granada, en el cual la sala de lectura est\u00e1 resuelta mediante una secci\u00f3n estructural de madera.","robots":{"index":"index","follow":"follow","max-snippet":"max-snippet:-1","max-image-preview":"max-image-preview:large","max-video-preview":"max-video-preview:-1"},"canonical":"https:\/\/www.arquimaster.com.ar\/web\/biblioteca-publica-maria-lejarraga-rubens-cortes-arquitectos\/","og_locale":"es_ES","og_type":"article","og_title":"Biblioteca P\u00fablica Mar\u00eda Lej\u00e1rraga \/ Rubens Cort\u00e9s Arquitectos","og_description":"Proyecto de rehabilitaci\u00f3n de un secadero de tabaco en la Vega de Granada, en el cual la sala de lectura est\u00e1 resuelta mediante una secci\u00f3n estructural de madera.","og_url":"https:\/\/www.arquimaster.com.ar\/web\/biblioteca-publica-maria-lejarraga-rubens-cortes-arquitectos\/","og_site_name":"Arquimaster","article_publisher":"http:\/\/www.facebook.com\/ARQUIMASTER.com.ar","article_published_time":"2020-04-22T19:45:00+00:00","article_modified_time":"2020-04-23T01:05:21+00:00","og_image":[{"width":698,"height":364,"url":"https:\/\/www.arquimaster.com.ar\/web\/wp-content\/uploads\/2020\/04\/biblioteca_maria_lejarraga_slide.jpg","type":"image\/jpeg"}],"author":"Arquimaster","twitter_card":"summary_large_image","twitter_title":"Biblioteca P\u00fablica Mar\u00eda Lej\u00e1rraga \/ Rubens Cort\u00e9s Arquitectos","twitter_description":"Proyecto de rehabilitaci\u00f3n de un secadero de tabaco en la Vega de Granada, en el cual la sala de lectura est\u00e1 resuelta mediante una secci\u00f3n estructural de madera.","twitter_image":"https:\/\/www.arquimaster.com.ar\/web\/wp-content\/uploads\/2020\/04\/biblioteca_maria_lejarraga_slide.jpg","twitter_creator":"@arquimaster","twitter_site":"@arquimaster","twitter_misc":{"Escrito por":"Arquimaster","Tiempo de lectura":"4 minutos"},"schema":{"@context":"https:\/\/schema.org","@graph":[{"@type":"Article","@id":"https:\/\/www.arquimaster.com.ar\/web\/biblioteca-publica-maria-lejarraga-rubens-cortes-arquitectos\/#article","isPartOf":{"@id":"https:\/\/www.arquimaster.com.ar\/web\/biblioteca-publica-maria-lejarraga-rubens-cortes-arquitectos\/"},"author":{"name":"Arquimaster","@id":"https:\/\/www.arquimaster.com.ar\/web\/#\/schema\/person\/359e9f7c00193fcde068e0dd2ceb0028"},"headline":"Biblioteca P\u00fablica Mar\u00eda Lej\u00e1rraga \/ Rubens Cort\u00e9s Arquitectos","datePublished":"2020-04-22T19:45:00+00:00","dateModified":"2020-04-23T01:05:21+00:00","mainEntityOfPage":{"@id":"https:\/\/www.arquimaster.com.ar\/web\/biblioteca-publica-maria-lejarraga-rubens-cortes-arquitectos\/"},"wordCount":887,"publisher":{"@id":"https:\/\/www.arquimaster.com.ar\/web\/#organization"},"image":{"@id":"https:\/\/www.arquimaster.com.ar\/web\/biblioteca-publica-maria-lejarraga-rubens-cortes-arquitectos\/#primaryimage"},"thumbnailUrl":"https:\/\/www.arquimaster.com.ar\/web\/wp-content\/uploads\/2020\/04\/biblioteca_maria_lejarraga_slide.jpg","keywords":["biblioteca","biblioteca p\u00fablica","Espa\u00f1a","Granada","madera","Og\u00edjares","rehabilitaci\u00f3n","Rubens Cort\u00e9s Arquitectos","Rubens Cort\u00e9s Cano","secadero de tabaco"],"articleSection":["Edificios para la cultura","Proyecto"],"inLanguage":"es"},{"@type":"WebPage","@id":"https:\/\/www.arquimaster.com.ar\/web\/biblioteca-publica-maria-lejarraga-rubens-cortes-arquitectos\/","url":"https:\/\/www.arquimaster.com.ar\/web\/biblioteca-publica-maria-lejarraga-rubens-cortes-arquitectos\/","name":"Biblioteca P\u00fablica Mar\u00eda Lej\u00e1rraga \/ Rubens Cort\u00e9s Arquitectos - Arquimaster","isPartOf":{"@id":"https:\/\/www.arquimaster.com.ar\/web\/#website"},"primaryImageOfPage":{"@id":"https:\/\/www.arquimaster.com.ar\/web\/biblioteca-publica-maria-lejarraga-rubens-cortes-arquitectos\/#primaryimage"},"image":{"@id":"https:\/\/www.arquimaster.com.ar\/web\/biblioteca-publica-maria-lejarraga-rubens-cortes-arquitectos\/#primaryimage"},"thumbnailUrl":"https:\/\/www.arquimaster.com.ar\/web\/wp-content\/uploads\/2020\/04\/biblioteca_maria_lejarraga_slide.jpg","datePublished":"2020-04-22T19:45:00+00:00","dateModified":"2020-04-23T01:05:21+00:00","description":"Proyecto de rehabilitaci\u00f3n de un secadero de tabaco en la Vega de Granada, en el cual la sala de lectura est\u00e1 resuelta mediante una secci\u00f3n estructural de madera.","breadcrumb":{"@id":"https:\/\/www.arquimaster.com.ar\/web\/biblioteca-publica-maria-lejarraga-rubens-cortes-arquitectos\/#breadcrumb"},"inLanguage":"es","potentialAction":[{"@type":"ReadAction","target":["https:\/\/www.arquimaster.com.ar\/web\/biblioteca-publica-maria-lejarraga-rubens-cortes-arquitectos\/"]}]},{"@type":"ImageObject","inLanguage":"es","@id":"https:\/\/www.arquimaster.com.ar\/web\/biblioteca-publica-maria-lejarraga-rubens-cortes-arquitectos\/#primaryimage","url":"https:\/\/www.arquimaster.com.ar\/web\/wp-content\/uploads\/2020\/04\/biblioteca_maria_lejarraga_slide.jpg","contentUrl":"https:\/\/www.arquimaster.com.ar\/web\/wp-content\/uploads\/2020\/04\/biblioteca_maria_lejarraga_slide.jpg","width":698,"height":364},{"@type":"BreadcrumbList","@id":"https:\/\/www.arquimaster.com.ar\/web\/biblioteca-publica-maria-lejarraga-rubens-cortes-arquitectos\/#breadcrumb","itemListElement":[{"@type":"ListItem","position":1,"name":"Portada","item":"https:\/\/www.arquimaster.com.ar\/web\/"},{"@type":"ListItem","position":2,"name":"Biblioteca P\u00fablica Mar\u00eda Lej\u00e1rraga \/ Rubens Cort\u00e9s Arquitectos"}]},{"@type":"WebSite","@id":"https:\/\/www.arquimaster.com.ar\/web\/#website","url":"https:\/\/www.arquimaster.com.ar\/web\/","name":"Arquimaster","description":"Web de arquitectura, dise\u00f1o y construccion","publisher":{"@id":"https:\/\/www.arquimaster.com.ar\/web\/#organization"},"potentialAction":[{"@type":"SearchAction","target":{"@type":"EntryPoint","urlTemplate":"https:\/\/www.arquimaster.com.ar\/web\/?s={search_term_string}"},"query-input":{"@type":"PropertyValueSpecification","valueRequired":true,"valueName":"search_term_string"}}],"inLanguage":"es"},{"@type":"Organization","@id":"https:\/\/www.arquimaster.com.ar\/web\/#organization","name":"Arquimaster","url":"https:\/\/www.arquimaster.com.ar\/web\/","logo":{"@type":"ImageObject","inLanguage":"es","@id":"https:\/\/www.arquimaster.com.ar\/web\/#\/schema\/logo\/image\/","url":"https:\/\/www.arquimaster.com.ar\/web\/wp-content\/uploads\/2022\/06\/arquimaster.png","contentUrl":"https:\/\/www.arquimaster.com.ar\/web\/wp-content\/uploads\/2022\/06\/arquimaster.png","width":594,"height":78,"caption":"Arquimaster"},"image":{"@id":"https:\/\/www.arquimaster.com.ar\/web\/#\/schema\/logo\/image\/"},"sameAs":["http:\/\/www.facebook.com\/ARQUIMASTER.com.ar","https:\/\/x.com\/arquimaster","https:\/\/www.instagram.com\/arquimasterblog\/","https:\/\/www.linkedin.com\/company\/arquimaster","https:\/\/www.pinterest.com\/arquimaster","https:\/\/t.me\/arquimaster"]},{"@type":"Person","@id":"https:\/\/www.arquimaster.com.ar\/web\/#\/schema\/person\/359e9f7c00193fcde068e0dd2ceb0028","name":"Arquimaster"}]}},"uagb_featured_image_src":{"full":["https:\/\/www.arquimaster.com.ar\/web\/wp-content\/uploads\/2020\/04\/biblioteca_maria_lejarraga_slide.jpg",698,364,false],"thumbnail":["https:\/\/www.arquimaster.com.ar\/web\/wp-content\/uploads\/2020\/04\/biblioteca_maria_lejarraga_slide-150x150.jpg",150,150,true],"medium":["https:\/\/www.arquimaster.com.ar\/web\/wp-content\/uploads\/2020\/04\/biblioteca_maria_lejarraga_slide.jpg",698,364,false],"medium_large":["https:\/\/www.arquimaster.com.ar\/web\/wp-content\/uploads\/2020\/04\/biblioteca_maria_lejarraga_slide.jpg",698,364,false],"large":["https:\/\/www.arquimaster.com.ar\/web\/wp-content\/uploads\/2020\/04\/biblioteca_maria_lejarraga_slide.jpg",698,364,false],"1536x1536":["https:\/\/www.arquimaster.com.ar\/web\/wp-content\/uploads\/2020\/04\/biblioteca_maria_lejarraga_slide.jpg",698,364,false],"2048x2048":["https:\/\/www.arquimaster.com.ar\/web\/wp-content\/uploads\/2020\/04\/biblioteca_maria_lejarraga_slide.jpg",698,364,false]},"uagb_author_info":{"display_name":"Arquimaster","author_link":"https:\/\/www.arquimaster.com.ar\/web\/author\/arquimaster\/"},"uagb_comment_info":0,"uagb_excerpt":"Proyecto de rehabilitaci\u00f3n de un secadero de tabaco en la Vega de Granada...","_links":{"self":[{"href":"https:\/\/www.arquimaster.com.ar\/web\/wp-json\/wp\/v2\/posts\/54916","targetHints":{"allow":["GET"]}}],"collection":[{"href":"https:\/\/www.arquimaster.com.ar\/web\/wp-json\/wp\/v2\/posts"}],"about":[{"href":"https:\/\/www.arquimaster.com.ar\/web\/wp-json\/wp\/v2\/types\/post"}],"author":[{"embeddable":true,"href":"https:\/\/www.arquimaster.com.ar\/web\/wp-json\/wp\/v2\/users\/1"}],"replies":[{"embeddable":true,"href":"https:\/\/www.arquimaster.com.ar\/web\/wp-json\/wp\/v2\/comments?post=54916"}],"version-history":[{"count":1,"href":"https:\/\/www.arquimaster.com.ar\/web\/wp-json\/wp\/v2\/posts\/54916\/revisions"}],"predecessor-version":[{"id":54961,"href":"https:\/\/www.arquimaster.com.ar\/web\/wp-json\/wp\/v2\/posts\/54916\/revisions\/54961"}],"wp:featuredmedia":[{"embeddable":true,"href":"https:\/\/www.arquimaster.com.ar\/web\/wp-json\/wp\/v2\/media\/54960"}],"wp:attachment":[{"href":"https:\/\/www.arquimaster.com.ar\/web\/wp-json\/wp\/v2\/media?parent=54916"}],"wp:term":[{"taxonomy":"category","embeddable":true,"href":"https:\/\/www.arquimaster.com.ar\/web\/wp-json\/wp\/v2\/categories?post=54916"},{"taxonomy":"post_tag","embeddable":true,"href":"https:\/\/www.arquimaster.com.ar\/web\/wp-json\/wp\/v2\/tags?post=54916"}],"curies":[{"name":"wp","href":"https:\/\/api.w.org\/{rel}","templated":true}]}}