{"id":55142,"date":"2020-04-30T00:11:12","date_gmt":"2020-04-30T03:11:12","guid":{"rendered":"https:\/\/www.arquimaster.com.ar\/web\/?p=55142"},"modified":"2020-04-30T16:34:42","modified_gmt":"2020-04-30T19:34:42","slug":"vivienda-en-san-vicente-de-paul-balzar-arquitectos","status":"publish","type":"post","link":"https:\/\/www.arquimaster.com.ar\/web\/vivienda-en-san-vicente-de-paul-balzar-arquitectos\/","title":{"rendered":"Vivienda en San Vicente de Paul \/ Balzar Arquitectos"},"content":{"rendered":"<div style=\"margin-top: 0px; margin-bottom: 0px;\" class=\"sharethis-inline-share-buttons\" ><\/div><div class=\"b812932af2e751442846f039925109de\" data-index=\"1\" style=\"float: none; margin:25px 0 25px 0; text-align:center;\">\n<script async src=\"https:\/\/pagead2.googlesyndication.com\/pagead\/js\/adsbygoogle.js\"><\/script>\r\n<!-- Arquimaster (superior) -->\r\n<ins class=\"adsbygoogle\"\r\n     style=\"display:block\"\r\n     data-ad-client=\"ca-pub-6351072698456832\"\r\n     data-ad-slot=\"6455489680\"\r\n     data-ad-format=\"auto\"\r\n     data-full-width-responsive=\"true\"><\/ins>\r\n<script>\r\n     (adsbygoogle = window.adsbygoogle || []).push({});\r\n<\/script>\n<\/div>\n<p><strong>Vivienda en San Vicente de Paul<\/strong> (Valencia, Espa\u00f1a) por <strong>Balzar Arquitectos<\/strong>. El proyecto realizado consiste en la reforma de una vivienda unifamiliar situada en un barrio perif\u00e9rico de la ciudad de Valencia.<\/p>\n<div id='gallery-1' class='gallery galleryid-55142 gallery-columns-3 gallery-size-thumbnail'><figure class='gallery-item'>\n\t\t\t<div class='gallery-icon landscape'>\n\t\t\t\t<a href='https:\/\/www.arquimaster.com.ar\/web\/wp-content\/uploads\/2020\/04\/casa_san_vicente_de_paul1.jpg' title=\"Vivienda en San Vicente de Paul \/ Balzar Arquitectos (\u00a9 David Zarzoso)\" data-rl_title=\"Vivienda en San Vicente de Paul \/ Balzar Arquitectos (\u00a9 David Zarzoso)\" class=\"rl-gallery-link\" data-rl_caption=\"Vivienda en San Vicente de Paul \/ Balzar Arquitectos (\u00a9 David Zarzoso)\" data-rel=\"lightbox-gallery-1\"><img loading=\"lazy\" decoding=\"async\" width=\"150\" height=\"150\" src=\"https:\/\/www.arquimaster.com.ar\/web\/wp-content\/uploads\/2020\/04\/casa_san_vicente_de_paul1-150x150.jpg\" class=\"attachment-thumbnail size-thumbnail\" alt=\"\" aria-describedby=\"gallery-1-55144\" \/><\/a>\n\t\t\t<\/div>\n\t\t\t\t<figcaption class='wp-caption-text gallery-caption' id='gallery-1-55144'>\n\t\t\t\tVivienda en San Vicente de Paul \/ Balzar Arquitectos (\u00a9 David Zarzoso)\n\t\t\t\t<\/figcaption><\/figure><figure class='gallery-item'>\n\t\t\t<div class='gallery-icon portrait'>\n\t\t\t\t<a href='https:\/\/www.arquimaster.com.ar\/web\/wp-content\/uploads\/2020\/04\/casa_san_vicente_de_paul2.jpg' title=\"Vivienda en San Vicente de Paul \/ Balzar Arquitectos (\u00a9 David Zarzoso)\" data-rl_title=\"Vivienda en San Vicente de Paul \/ Balzar Arquitectos (\u00a9 David Zarzoso)\" class=\"rl-gallery-link\" data-rl_caption=\"Vivienda en San Vicente de Paul \/ Balzar Arquitectos (\u00a9 David Zarzoso)\" data-rel=\"lightbox-gallery-1\"><img loading=\"lazy\" decoding=\"async\" width=\"150\" height=\"150\" src=\"https:\/\/www.arquimaster.com.ar\/web\/wp-content\/uploads\/2020\/04\/casa_san_vicente_de_paul2-150x150.jpg\" class=\"attachment-thumbnail size-thumbnail\" alt=\"\" aria-describedby=\"gallery-1-55145\" \/><\/a>\n\t\t\t<\/div>\n\t\t\t\t<figcaption class='wp-caption-text gallery-caption' id='gallery-1-55145'>\n\t\t\t\tVivienda en San Vicente de Paul \/ Balzar Arquitectos (\u00a9 David Zarzoso)\n\t\t\t\t<\/figcaption><\/figure><figure class='gallery-item'>\n\t\t\t<div class='gallery-icon landscape'>\n\t\t\t\t<a href='https:\/\/www.arquimaster.com.ar\/web\/wp-content\/uploads\/2020\/04\/casa_san_vicente_de_paul3.jpg' title=\"Vivienda en San Vicente de Paul \/ Balzar Arquitectos (\u00a9 David Zarzoso)\" data-rl_title=\"Vivienda en San Vicente de Paul \/ Balzar Arquitectos (\u00a9 David Zarzoso)\" class=\"rl-gallery-link\" data-rl_caption=\"Vivienda en San Vicente de Paul \/ Balzar Arquitectos (\u00a9 David Zarzoso)\" data-rel=\"lightbox-gallery-1\"><img loading=\"lazy\" decoding=\"async\" width=\"150\" height=\"150\" src=\"https:\/\/www.arquimaster.com.ar\/web\/wp-content\/uploads\/2020\/04\/casa_san_vicente_de_paul3-150x150.jpg\" class=\"attachment-thumbnail size-thumbnail\" alt=\"\" aria-describedby=\"gallery-1-55146\" \/><\/a>\n\t\t\t<\/div>\n\t\t\t\t<figcaption class='wp-caption-text gallery-caption' id='gallery-1-55146'>\n\t\t\t\tVivienda en San Vicente de Paul \/ Balzar Arquitectos (\u00a9 David Zarzoso)\n\t\t\t\t<\/figcaption><\/figure><figure class='gallery-item'>\n\t\t\t<div class='gallery-icon landscape'>\n\t\t\t\t<a href='https:\/\/www.arquimaster.com.ar\/web\/wp-content\/uploads\/2020\/04\/casa_san_vicente_de_paul4.jpg' title=\"Vivienda en San Vicente de Paul \/ Balzar Arquitectos (\u00a9 David Zarzoso)\" data-rl_title=\"Vivienda en San Vicente de Paul \/ Balzar Arquitectos (\u00a9 David Zarzoso)\" class=\"rl-gallery-link\" data-rl_caption=\"Vivienda en San Vicente de Paul \/ Balzar Arquitectos (\u00a9 David Zarzoso)\" data-rel=\"lightbox-gallery-1\"><img loading=\"lazy\" decoding=\"async\" width=\"150\" height=\"150\" src=\"https:\/\/www.arquimaster.com.ar\/web\/wp-content\/uploads\/2020\/04\/casa_san_vicente_de_paul4-150x150.jpg\" class=\"attachment-thumbnail size-thumbnail\" alt=\"\" aria-describedby=\"gallery-1-55147\" \/><\/a>\n\t\t\t<\/div>\n\t\t\t\t<figcaption class='wp-caption-text gallery-caption' id='gallery-1-55147'>\n\t\t\t\tVivienda en San Vicente de Paul \/ Balzar Arquitectos (\u00a9 David Zarzoso)\n\t\t\t\t<\/figcaption><\/figure><figure class='gallery-item'>\n\t\t\t<div class='gallery-icon portrait'>\n\t\t\t\t<a href='https:\/\/www.arquimaster.com.ar\/web\/wp-content\/uploads\/2020\/04\/casa_san_vicente_de_paul5.jpg' title=\"Vivienda en San Vicente de Paul \/ Balzar Arquitectos (\u00a9 David Zarzoso)\" data-rl_title=\"Vivienda en San Vicente de Paul \/ Balzar Arquitectos (\u00a9 David Zarzoso)\" class=\"rl-gallery-link\" data-rl_caption=\"Vivienda en San Vicente de Paul \/ Balzar Arquitectos (\u00a9 David Zarzoso)\" data-rel=\"lightbox-gallery-1\"><img loading=\"lazy\" decoding=\"async\" width=\"150\" height=\"150\" src=\"https:\/\/www.arquimaster.com.ar\/web\/wp-content\/uploads\/2020\/04\/casa_san_vicente_de_paul5-150x150.jpg\" class=\"attachment-thumbnail size-thumbnail\" alt=\"\" aria-describedby=\"gallery-1-55148\" \/><\/a>\n\t\t\t<\/div>\n\t\t\t\t<figcaption class='wp-caption-text gallery-caption' id='gallery-1-55148'>\n\t\t\t\tVivienda en San Vicente de Paul \/ Balzar Arquitectos (\u00a9 David Zarzoso)\n\t\t\t\t<\/figcaption><\/figure><figure class='gallery-item'>\n\t\t\t<div class='gallery-icon portrait'>\n\t\t\t\t<a href='https:\/\/www.arquimaster.com.ar\/web\/wp-content\/uploads\/2020\/04\/casa_san_vicente_de_paul6.jpg' title=\"Vivienda en San Vicente de Paul \/ Balzar Arquitectos (\u00a9 David Zarzoso)\" data-rl_title=\"Vivienda en San Vicente de Paul \/ Balzar Arquitectos (\u00a9 David Zarzoso)\" class=\"rl-gallery-link\" data-rl_caption=\"Vivienda en San Vicente de Paul \/ Balzar Arquitectos (\u00a9 David Zarzoso)\" data-rel=\"lightbox-gallery-1\"><img loading=\"lazy\" decoding=\"async\" width=\"150\" height=\"150\" src=\"https:\/\/www.arquimaster.com.ar\/web\/wp-content\/uploads\/2020\/04\/casa_san_vicente_de_paul6-150x150.jpg\" class=\"attachment-thumbnail size-thumbnail\" alt=\"\" aria-describedby=\"gallery-1-55149\" \/><\/a>\n\t\t\t<\/div>\n\t\t\t\t<figcaption class='wp-caption-text gallery-caption' id='gallery-1-55149'>\n\t\t\t\tVivienda en San Vicente de Paul \/ Balzar Arquitectos (\u00a9 David Zarzoso)\n\t\t\t\t<\/figcaption><\/figure><figure class='gallery-item'>\n\t\t\t<div class='gallery-icon landscape'>\n\t\t\t\t<a href='https:\/\/www.arquimaster.com.ar\/web\/wp-content\/uploads\/2020\/04\/casa_san_vicente_de_paul7.jpg' title=\"Vivienda en San Vicente de Paul \/ Balzar Arquitectos (\u00a9 David Zarzoso)\" data-rl_title=\"Vivienda en San Vicente de Paul \/ Balzar Arquitectos (\u00a9 David Zarzoso)\" class=\"rl-gallery-link\" data-rl_caption=\"Vivienda en San Vicente de Paul \/ Balzar Arquitectos (\u00a9 David Zarzoso)\" data-rel=\"lightbox-gallery-1\"><img loading=\"lazy\" decoding=\"async\" width=\"150\" height=\"150\" src=\"https:\/\/www.arquimaster.com.ar\/web\/wp-content\/uploads\/2020\/04\/casa_san_vicente_de_paul7-150x150.jpg\" class=\"attachment-thumbnail size-thumbnail\" alt=\"\" aria-describedby=\"gallery-1-55150\" \/><\/a>\n\t\t\t<\/div>\n\t\t\t\t<figcaption class='wp-caption-text gallery-caption' id='gallery-1-55150'>\n\t\t\t\tVivienda en San Vicente de Paul \/ Balzar Arquitectos (\u00a9 David Zarzoso)\n\t\t\t\t<\/figcaption><\/figure><figure class='gallery-item'>\n\t\t\t<div class='gallery-icon landscape'>\n\t\t\t\t<a href='https:\/\/www.arquimaster.com.ar\/web\/wp-content\/uploads\/2020\/04\/casa_san_vicente_de_paul8.jpg' title=\"Vivienda en San Vicente de Paul \/ Balzar Arquitectos (\u00a9 David Zarzoso)\" data-rl_title=\"Vivienda en San Vicente de Paul \/ Balzar Arquitectos (\u00a9 David Zarzoso)\" class=\"rl-gallery-link\" data-rl_caption=\"Vivienda en San Vicente de Paul \/ Balzar Arquitectos (\u00a9 David Zarzoso)\" data-rel=\"lightbox-gallery-1\"><img loading=\"lazy\" decoding=\"async\" width=\"150\" height=\"150\" src=\"https:\/\/www.arquimaster.com.ar\/web\/wp-content\/uploads\/2020\/04\/casa_san_vicente_de_paul8-150x150.jpg\" class=\"attachment-thumbnail size-thumbnail\" alt=\"\" aria-describedby=\"gallery-1-55151\" \/><\/a>\n\t\t\t<\/div>\n\t\t\t\t<figcaption class='wp-caption-text gallery-caption' id='gallery-1-55151'>\n\t\t\t\tVivienda en San Vicente de Paul \/ Balzar Arquitectos (\u00a9 David Zarzoso)\n\t\t\t\t<\/figcaption><\/figure><figure class='gallery-item'>\n\t\t\t<div class='gallery-icon landscape'>\n\t\t\t\t<a href='https:\/\/www.arquimaster.com.ar\/web\/wp-content\/uploads\/2020\/04\/casa_san_vicente_de_paul9.jpg' title=\"Vivienda en San Vicente de Paul \/ Balzar Arquitectos (\u00a9 David Zarzoso)\" data-rl_title=\"Vivienda en San Vicente de Paul \/ Balzar Arquitectos (\u00a9 David Zarzoso)\" class=\"rl-gallery-link\" data-rl_caption=\"Vivienda en San Vicente de Paul \/ Balzar Arquitectos (\u00a9 David Zarzoso)\" data-rel=\"lightbox-gallery-1\"><img loading=\"lazy\" decoding=\"async\" width=\"150\" height=\"150\" src=\"https:\/\/www.arquimaster.com.ar\/web\/wp-content\/uploads\/2020\/04\/casa_san_vicente_de_paul9-150x150.jpg\" class=\"attachment-thumbnail size-thumbnail\" alt=\"\" aria-describedby=\"gallery-1-55152\" \/><\/a>\n\t\t\t<\/div>\n\t\t\t\t<figcaption class='wp-caption-text gallery-caption' id='gallery-1-55152'>\n\t\t\t\tVivienda en San Vicente de Paul \/ Balzar Arquitectos (\u00a9 David Zarzoso)\n\t\t\t\t<\/figcaption><\/figure><figure class='gallery-item'>\n\t\t\t<div class='gallery-icon landscape'>\n\t\t\t\t<a href='https:\/\/www.arquimaster.com.ar\/web\/wp-content\/uploads\/2020\/04\/casa_san_vicente_de_paul10.jpg' title=\"Vivienda en San Vicente de Paul \/ Balzar Arquitectos (\u00a9 David Zarzoso)\" data-rl_title=\"Vivienda en San Vicente de Paul \/ Balzar Arquitectos (\u00a9 David Zarzoso)\" class=\"rl-gallery-link\" data-rl_caption=\"Vivienda en San Vicente de Paul \/ Balzar Arquitectos (\u00a9 David Zarzoso)\" data-rel=\"lightbox-gallery-1\"><img loading=\"lazy\" decoding=\"async\" width=\"150\" height=\"150\" src=\"https:\/\/www.arquimaster.com.ar\/web\/wp-content\/uploads\/2020\/04\/casa_san_vicente_de_paul10-150x150.jpg\" class=\"attachment-thumbnail size-thumbnail\" alt=\"\" aria-describedby=\"gallery-1-55153\" \/><\/a>\n\t\t\t<\/div>\n\t\t\t\t<figcaption class='wp-caption-text gallery-caption' id='gallery-1-55153'>\n\t\t\t\tVivienda en San Vicente de Paul \/ Balzar Arquitectos (\u00a9 David Zarzoso)\n\t\t\t\t<\/figcaption><\/figure><figure class='gallery-item'>\n\t\t\t<div class='gallery-icon landscape'>\n\t\t\t\t<a href='https:\/\/www.arquimaster.com.ar\/web\/wp-content\/uploads\/2020\/04\/casa_san_vicente_de_paul11.jpg' title=\"Vivienda en San Vicente de Paul \/ Balzar Arquitectos (\u00a9 David Zarzoso)\" data-rl_title=\"Vivienda en San Vicente de Paul \/ Balzar Arquitectos (\u00a9 David Zarzoso)\" class=\"rl-gallery-link\" data-rl_caption=\"Vivienda en San Vicente de Paul \/ Balzar Arquitectos (\u00a9 David Zarzoso)\" data-rel=\"lightbox-gallery-1\"><img loading=\"lazy\" decoding=\"async\" width=\"150\" height=\"150\" src=\"https:\/\/www.arquimaster.com.ar\/web\/wp-content\/uploads\/2020\/04\/casa_san_vicente_de_paul11-150x150.jpg\" class=\"attachment-thumbnail size-thumbnail\" alt=\"\" aria-describedby=\"gallery-1-55154\" \/><\/a>\n\t\t\t<\/div>\n\t\t\t\t<figcaption class='wp-caption-text gallery-caption' id='gallery-1-55154'>\n\t\t\t\tVivienda en San Vicente de Paul \/ Balzar Arquitectos (\u00a9 David Zarzoso)\n\t\t\t\t<\/figcaption><\/figure><figure class='gallery-item'>\n\t\t\t<div class='gallery-icon landscape'>\n\t\t\t\t<a href='https:\/\/www.arquimaster.com.ar\/web\/wp-content\/uploads\/2020\/04\/casa_san_vicente_de_paul12.jpg' title=\"Vivienda en San Vicente de Paul \/ Balzar Arquitectos (\u00a9 David Zarzoso)\" data-rl_title=\"Vivienda en San Vicente de Paul \/ Balzar Arquitectos (\u00a9 David Zarzoso)\" class=\"rl-gallery-link\" data-rl_caption=\"Vivienda en San Vicente de Paul \/ Balzar Arquitectos (\u00a9 David Zarzoso)\" data-rel=\"lightbox-gallery-1\"><img loading=\"lazy\" decoding=\"async\" width=\"150\" height=\"150\" src=\"https:\/\/www.arquimaster.com.ar\/web\/wp-content\/uploads\/2020\/04\/casa_san_vicente_de_paul12-150x150.jpg\" class=\"attachment-thumbnail size-thumbnail\" alt=\"\" aria-describedby=\"gallery-1-55155\" \/><\/a>\n\t\t\t<\/div>\n\t\t\t\t<figcaption class='wp-caption-text gallery-caption' id='gallery-1-55155'>\n\t\t\t\tVivienda en San Vicente de Paul \/ Balzar Arquitectos (\u00a9 David Zarzoso)\n\t\t\t\t<\/figcaption><\/figure><figure class='gallery-item'>\n\t\t\t<div class='gallery-icon landscape'>\n\t\t\t\t<a href='https:\/\/www.arquimaster.com.ar\/web\/wp-content\/uploads\/2020\/04\/casa_san_vicente_de_paul13.jpg' title=\"Vivienda en San Vicente de Paul \/ Balzar Arquitectos (\u00a9 David Zarzoso)\" data-rl_title=\"Vivienda en San Vicente de Paul \/ Balzar Arquitectos (\u00a9 David Zarzoso)\" class=\"rl-gallery-link\" data-rl_caption=\"Vivienda en San Vicente de Paul \/ Balzar Arquitectos (\u00a9 David Zarzoso)\" data-rel=\"lightbox-gallery-1\"><img loading=\"lazy\" decoding=\"async\" width=\"150\" height=\"150\" src=\"https:\/\/www.arquimaster.com.ar\/web\/wp-content\/uploads\/2020\/04\/casa_san_vicente_de_paul13-150x150.jpg\" class=\"attachment-thumbnail size-thumbnail\" alt=\"\" aria-describedby=\"gallery-1-55156\" \/><\/a>\n\t\t\t<\/div>\n\t\t\t\t<figcaption class='wp-caption-text gallery-caption' id='gallery-1-55156'>\n\t\t\t\tVivienda en San Vicente de Paul \/ Balzar Arquitectos (\u00a9 David Zarzoso)\n\t\t\t\t<\/figcaption><\/figure><figure class='gallery-item'>\n\t\t\t<div class='gallery-icon landscape'>\n\t\t\t\t<a href='https:\/\/www.arquimaster.com.ar\/web\/wp-content\/uploads\/2020\/04\/casa_san_vicente_de_paul14.jpg' title=\"Vivienda en San Vicente de Paul \/ Balzar Arquitectos (\u00a9 David Zarzoso)\" data-rl_title=\"Vivienda en San Vicente de Paul \/ Balzar Arquitectos (\u00a9 David Zarzoso)\" class=\"rl-gallery-link\" data-rl_caption=\"Vivienda en San Vicente de Paul \/ Balzar Arquitectos (\u00a9 David Zarzoso)\" data-rel=\"lightbox-gallery-1\"><img loading=\"lazy\" decoding=\"async\" width=\"150\" height=\"150\" src=\"https:\/\/www.arquimaster.com.ar\/web\/wp-content\/uploads\/2020\/04\/casa_san_vicente_de_paul14-150x150.jpg\" class=\"attachment-thumbnail size-thumbnail\" alt=\"\" aria-describedby=\"gallery-1-55157\" \/><\/a>\n\t\t\t<\/div>\n\t\t\t\t<figcaption class='wp-caption-text gallery-caption' id='gallery-1-55157'>\n\t\t\t\tVivienda en San Vicente de Paul \/ Balzar Arquitectos (\u00a9 David Zarzoso)\n\t\t\t\t<\/figcaption><\/figure><figure class='gallery-item'>\n\t\t\t<div class='gallery-icon landscape'>\n\t\t\t\t<a href='https:\/\/www.arquimaster.com.ar\/web\/wp-content\/uploads\/2020\/04\/casa_san_vicente_de_paul15.jpg' title=\"Vivienda en San Vicente de Paul \/ Balzar Arquitectos (\u00a9 David Zarzoso)\" data-rl_title=\"Vivienda en San Vicente de Paul \/ Balzar Arquitectos (\u00a9 David Zarzoso)\" class=\"rl-gallery-link\" data-rl_caption=\"Vivienda en San Vicente de Paul \/ Balzar Arquitectos (\u00a9 David Zarzoso)\" data-rel=\"lightbox-gallery-1\"><img loading=\"lazy\" decoding=\"async\" width=\"150\" height=\"150\" src=\"https:\/\/www.arquimaster.com.ar\/web\/wp-content\/uploads\/2020\/04\/casa_san_vicente_de_paul15-150x150.jpg\" class=\"attachment-thumbnail size-thumbnail\" alt=\"\" aria-describedby=\"gallery-1-55158\" \/><\/a>\n\t\t\t<\/div>\n\t\t\t\t<figcaption class='wp-caption-text gallery-caption' id='gallery-1-55158'>\n\t\t\t\tVivienda en San Vicente de Paul \/ Balzar Arquitectos (\u00a9 David Zarzoso)\n\t\t\t\t<\/figcaption><\/figure><figure class='gallery-item'>\n\t\t\t<div class='gallery-icon landscape'>\n\t\t\t\t<a href='https:\/\/www.arquimaster.com.ar\/web\/wp-content\/uploads\/2020\/04\/casa_san_vicente_de_paul16.jpg' title=\"Vivienda en San Vicente de Paul \/ Balzar Arquitectos (\u00a9 David Zarzoso)\" data-rl_title=\"Vivienda en San Vicente de Paul \/ Balzar Arquitectos (\u00a9 David Zarzoso)\" class=\"rl-gallery-link\" data-rl_caption=\"Vivienda en San Vicente de Paul \/ Balzar Arquitectos (\u00a9 David Zarzoso)\" data-rel=\"lightbox-gallery-1\"><img loading=\"lazy\" decoding=\"async\" width=\"150\" height=\"150\" src=\"https:\/\/www.arquimaster.com.ar\/web\/wp-content\/uploads\/2020\/04\/casa_san_vicente_de_paul16-150x150.jpg\" class=\"attachment-thumbnail size-thumbnail\" alt=\"\" aria-describedby=\"gallery-1-55159\" \/><\/a>\n\t\t\t<\/div>\n\t\t\t\t<figcaption class='wp-caption-text gallery-caption' id='gallery-1-55159'>\n\t\t\t\tVivienda en San Vicente de Paul \/ Balzar Arquitectos (\u00a9 David Zarzoso)\n\t\t\t\t<\/figcaption><\/figure><figure class='gallery-item'>\n\t\t\t<div class='gallery-icon landscape'>\n\t\t\t\t<a href='https:\/\/www.arquimaster.com.ar\/web\/wp-content\/uploads\/2020\/04\/casa_san_vicente_de_paul17.jpg' title=\"Vivienda en San Vicente de Paul \/ Balzar Arquitectos (\u00a9 David Zarzoso)\" data-rl_title=\"Vivienda en San Vicente de Paul \/ Balzar Arquitectos (\u00a9 David Zarzoso)\" class=\"rl-gallery-link\" data-rl_caption=\"Vivienda en San Vicente de Paul \/ Balzar Arquitectos (\u00a9 David Zarzoso)\" data-rel=\"lightbox-gallery-1\"><img loading=\"lazy\" decoding=\"async\" width=\"150\" height=\"150\" src=\"https:\/\/www.arquimaster.com.ar\/web\/wp-content\/uploads\/2020\/04\/casa_san_vicente_de_paul17-150x150.jpg\" class=\"attachment-thumbnail size-thumbnail\" alt=\"\" aria-describedby=\"gallery-1-55160\" \/><\/a>\n\t\t\t<\/div>\n\t\t\t\t<figcaption class='wp-caption-text gallery-caption' id='gallery-1-55160'>\n\t\t\t\tVivienda en San Vicente de Paul \/ Balzar Arquitectos (\u00a9 David Zarzoso)\n\t\t\t\t<\/figcaption><\/figure><figure class='gallery-item'>\n\t\t\t<div class='gallery-icon portrait'>\n\t\t\t\t<a href='https:\/\/www.arquimaster.com.ar\/web\/wp-content\/uploads\/2020\/04\/casa_san_vicente_de_paul18.jpg' title=\"Vivienda en San Vicente de Paul \/ Balzar Arquitectos (\u00a9 David Zarzoso)\" data-rl_title=\"Vivienda en San Vicente de Paul \/ Balzar Arquitectos (\u00a9 David Zarzoso)\" class=\"rl-gallery-link\" data-rl_caption=\"Vivienda en San Vicente de Paul \/ Balzar Arquitectos (\u00a9 David Zarzoso)\" data-rel=\"lightbox-gallery-1\"><img loading=\"lazy\" decoding=\"async\" width=\"150\" height=\"150\" src=\"https:\/\/www.arquimaster.com.ar\/web\/wp-content\/uploads\/2020\/04\/casa_san_vicente_de_paul18-150x150.jpg\" class=\"attachment-thumbnail size-thumbnail\" alt=\"\" aria-describedby=\"gallery-1-55161\" \/><\/a>\n\t\t\t<\/div>\n\t\t\t\t<figcaption class='wp-caption-text gallery-caption' id='gallery-1-55161'>\n\t\t\t\tVivienda en San Vicente de Paul \/ Balzar Arquitectos (\u00a9 David Zarzoso)\n\t\t\t\t<\/figcaption><\/figure><figure class='gallery-item'>\n\t\t\t<div class='gallery-icon landscape'>\n\t\t\t\t<a href='https:\/\/www.arquimaster.com.ar\/web\/wp-content\/uploads\/2020\/04\/casa_san_vicente_de_paul19.jpg' title=\"Vivienda en San Vicente de Paul \/ Balzar Arquitectos (\u00a9 David Zarzoso)\" data-rl_title=\"Vivienda en San Vicente de Paul \/ Balzar Arquitectos (\u00a9 David Zarzoso)\" class=\"rl-gallery-link\" data-rl_caption=\"Vivienda en San Vicente de Paul \/ Balzar Arquitectos (\u00a9 David Zarzoso)\" data-rel=\"lightbox-gallery-1\"><img loading=\"lazy\" decoding=\"async\" width=\"150\" height=\"150\" src=\"https:\/\/www.arquimaster.com.ar\/web\/wp-content\/uploads\/2020\/04\/casa_san_vicente_de_paul19-150x150.jpg\" class=\"attachment-thumbnail size-thumbnail\" alt=\"\" aria-describedby=\"gallery-1-55162\" \/><\/a>\n\t\t\t<\/div>\n\t\t\t\t<figcaption class='wp-caption-text gallery-caption' id='gallery-1-55162'>\n\t\t\t\tVivienda en San Vicente de Paul \/ Balzar Arquitectos (\u00a9 David Zarzoso)\n\t\t\t\t<\/figcaption><\/figure><figure class='gallery-item'>\n\t\t\t<div class='gallery-icon landscape'>\n\t\t\t\t<a href='https:\/\/www.arquimaster.com.ar\/web\/wp-content\/uploads\/2020\/04\/casa_san_vicente_de_paul20.jpg' title=\"Vivienda en San Vicente de Paul \/ Balzar Arquitectos (\u00a9 David Zarzoso)\" data-rl_title=\"Vivienda en San Vicente de Paul \/ Balzar Arquitectos (\u00a9 David Zarzoso)\" class=\"rl-gallery-link\" data-rl_caption=\"Vivienda en San Vicente de Paul \/ Balzar Arquitectos (\u00a9 David Zarzoso)\" data-rel=\"lightbox-gallery-1\"><img loading=\"lazy\" decoding=\"async\" width=\"150\" height=\"150\" src=\"https:\/\/www.arquimaster.com.ar\/web\/wp-content\/uploads\/2020\/04\/casa_san_vicente_de_paul20-150x150.jpg\" class=\"attachment-thumbnail size-thumbnail\" alt=\"\" aria-describedby=\"gallery-1-55163\" \/><\/a>\n\t\t\t<\/div>\n\t\t\t\t<figcaption class='wp-caption-text gallery-caption' id='gallery-1-55163'>\n\t\t\t\tVivienda en San Vicente de Paul \/ Balzar Arquitectos (\u00a9 David Zarzoso)\n\t\t\t\t<\/figcaption><\/figure><figure class='gallery-item'>\n\t\t\t<div class='gallery-icon portrait'>\n\t\t\t\t<a href='https:\/\/www.arquimaster.com.ar\/web\/wp-content\/uploads\/2020\/04\/casa_san_vicente_de_paul21.jpg' title=\"Vivienda en San Vicente de Paul \/ Balzar Arquitectos (\u00a9 David Zarzoso)\" data-rl_title=\"Vivienda en San Vicente de Paul \/ Balzar Arquitectos (\u00a9 David Zarzoso)\" class=\"rl-gallery-link\" data-rl_caption=\"Vivienda en San Vicente de Paul \/ Balzar Arquitectos (\u00a9 David Zarzoso)\" data-rel=\"lightbox-gallery-1\"><img loading=\"lazy\" decoding=\"async\" width=\"150\" height=\"150\" src=\"https:\/\/www.arquimaster.com.ar\/web\/wp-content\/uploads\/2020\/04\/casa_san_vicente_de_paul21-150x150.jpg\" class=\"attachment-thumbnail size-thumbnail\" alt=\"\" aria-describedby=\"gallery-1-55164\" \/><\/a>\n\t\t\t<\/div>\n\t\t\t\t<figcaption class='wp-caption-text gallery-caption' id='gallery-1-55164'>\n\t\t\t\tVivienda en San Vicente de Paul \/ Balzar Arquitectos (\u00a9 David Zarzoso)\n\t\t\t\t<\/figcaption><\/figure><figure class='gallery-item'>\n\t\t\t<div class='gallery-icon landscape'>\n\t\t\t\t<a href='https:\/\/www.arquimaster.com.ar\/web\/wp-content\/uploads\/2020\/04\/casa_san_vicente_de_paul22.jpg' title=\"Vivienda en San Vicente de Paul \/ Balzar Arquitectos (planta)\" data-rl_title=\"Vivienda en San Vicente de Paul \/ Balzar Arquitectos (planta)\" class=\"rl-gallery-link\" data-rl_caption=\"Vivienda en San Vicente de Paul \/ Balzar Arquitectos (planta)\" data-rel=\"lightbox-gallery-1\"><img loading=\"lazy\" decoding=\"async\" width=\"150\" height=\"150\" src=\"https:\/\/www.arquimaster.com.ar\/web\/wp-content\/uploads\/2020\/04\/casa_san_vicente_de_paul22-150x150.jpg\" class=\"attachment-thumbnail size-thumbnail\" alt=\"\" aria-describedby=\"gallery-1-55165\" \/><\/a>\n\t\t\t<\/div>\n\t\t\t\t<figcaption class='wp-caption-text gallery-caption' id='gallery-1-55165'>\n\t\t\t\tVivienda en San Vicente de Paul \/ Balzar Arquitectos (planta)\n\t\t\t\t<\/figcaption><\/figure>\n\t\t<\/div>\n\n<p>La vivienda se ubica en una de las esquinas de una agrupaci\u00f3n de casas en hilera, que conforman parte de un complejo residencial creado a principios de este siglo.<\/p>\n<p>La nueva distribuci\u00f3n de la planta baja dibuja un espacio continuo en el que la cocina y el sal\u00f3n est\u00e1n separados \u00fanicamente por elementos de mobiliario, que se disponen en el centro del espacio, junto con una chimenea a dos caras.<\/p>\n<p>La materialidad seleccionada para el proyecto busca crear una atm\u00f3sfera serena y pulcra sobre la que destacan distintos elementos singulares, que se presentan como piezas de arte.<\/p>\n<p><strong>Ficha t\u00e9cnica<\/strong><br>Nombre: Vivienda en San Vicente de Paul<br>Ubicaci\u00f3n: Valencia, Espa\u00f1a<br>Arquitectos: Balzar Arquitectos<br>Project Manager: Israel P\u00e9rez | Tesela Gesti\u00f3n<br>Carpinter\u00eda: Miguel Garrido<br>Mobiliario: Andreu World<br>Superficie construida: 270 m2<br>A\u00f1o proyecto: 2019<br>A\u00f1o construcci\u00f3n: 2019-2020<br>Fotograf\u00eda: David Zarzoso<\/p>\n<p><strong>Contacto<\/strong><br><a href=\"http:\/\/www.balzararquitectos.com\" target=\"_blank\" rel=\"noopener noreferrer\">http:\/\/www.balzararquitectos.com<\/a><\/p>\n\n\n<div style=\"height:20px\" aria-hidden=\"true\" class=\"wp-block-spacer\"><\/div>\n\n\n<p><em><strong>English version<\/strong><\/em><br><em><strong>House in San Vicente de Paul<\/strong><\/em><\/p>\n<p><em>The completed project consisted of renovating a single-family dwelling located in a neighbourhood on the outskirts of the city of Valencia.<\/em><\/p>\n<p><em>The home sits on the end of a row of terraced houses, which form part of a residential complex created at the beginning of this century.<\/em><\/p>\n<p><em>The new layout of the ground floor defines a continuous space in which the kitchen and living room are separated only by items of furniture positioned in the centre of the space, together with a double-sided fireplace.<\/em><\/p>\n<p><em>The materials selected for this project aim to create a clean, serene atmosphere that allows individual elements to stand out, presented as works of art.<\/em><\/p>\n<div style=\"font-size: 0px; height: 0px; line-height: 0px; margin: 0; padding: 0; clear: both;\"><\/div><div style=\"margin-top: 0px; margin-bottom: 0px;\" class=\"sharethis-inline-share-buttons\" ><\/div>","protected":false},"excerpt":{"rendered":"<p>Reforma de una vivienda unifamiliar situada en un barrio perif\u00e9rico de la ciudad&#8230;<\/p>\n","protected":false},"author":1,"featured_media":55143,"comment_status":"closed","ping_status":"closed","sticky":false,"template":"","format":"standard","meta":{"_uag_custom_page_level_css":"","footnotes":""},"categories":[1,83],"tags":[5209,104,1043,260,254],"class_list":["post-55142","post","type-post","status-publish","format-standard","has-post-thumbnail","hentry","category-proyecto","category-vivienda-unifamiliar","tag-balzar-arquitectos","tag-espana","tag-reforma-de-vivienda","tag-valencia","tag-vivienda-unifamiliar-2","generate-columns","tablet-grid-50","mobile-grid-100","grid-parent","grid-50"],"yoast_head":"<!-- This site is optimized with the Yoast SEO plugin v27.3 - https:\/\/yoast.com\/product\/yoast-seo-wordpress\/ -->\n<title>Vivienda en San Vicente de Paul \/ Balzar Arquitectos - Arquimaster<\/title>\n<meta name=\"description\" content=\"El proyecto consiste en la reforma de una vivienda unifamiliar situada en un barrio perif\u00e9rico de la ciudad de Valencia.\" \/>\n<meta name=\"robots\" content=\"index, follow, max-snippet:-1, max-image-preview:large, max-video-preview:-1\" \/>\n<link rel=\"canonical\" href=\"https:\/\/www.arquimaster.com.ar\/web\/vivienda-en-san-vicente-de-paul-balzar-arquitectos\/\" \/>\n<meta property=\"og:locale\" content=\"es_ES\" \/>\n<meta property=\"og:type\" content=\"article\" \/>\n<meta property=\"og:title\" content=\"Vivienda en San Vicente de Paul \/ Balzar Arquitectos\" \/>\n<meta property=\"og:description\" content=\"El proyecto consiste en la reforma de una vivienda unifamiliar situada en un barrio perif\u00e9rico de la ciudad de Valencia.\" \/>\n<meta property=\"og:url\" content=\"https:\/\/www.arquimaster.com.ar\/web\/vivienda-en-san-vicente-de-paul-balzar-arquitectos\/\" \/>\n<meta property=\"og:site_name\" content=\"Arquimaster\" \/>\n<meta property=\"article:publisher\" content=\"http:\/\/www.facebook.com\/ARQUIMASTER.com.ar\" \/>\n<meta property=\"article:published_time\" content=\"2020-04-30T03:11:12+00:00\" \/>\n<meta property=\"article:modified_time\" content=\"2020-04-30T19:34:42+00:00\" \/>\n<meta property=\"og:image\" content=\"https:\/\/www.arquimaster.com.ar\/web\/wp-content\/uploads\/2020\/04\/casa_san_vicente_de_paul_slide.jpg\" \/>\n\t<meta property=\"og:image:width\" content=\"698\" \/>\n\t<meta property=\"og:image:height\" content=\"364\" \/>\n\t<meta property=\"og:image:type\" content=\"image\/jpeg\" \/>\n<meta name=\"author\" content=\"Arquimaster\" \/>\n<meta name=\"twitter:card\" content=\"summary_large_image\" \/>\n<meta name=\"twitter:title\" content=\"Vivienda en San Vicente de Paul \/ Balzar Arquitectos\" \/>\n<meta name=\"twitter:description\" content=\"El proyecto consiste en la reforma de una vivienda unifamiliar situada en un barrio perif\u00e9rico de la ciudad de Valencia.\" \/>\n<meta name=\"twitter:image\" content=\"https:\/\/www.arquimaster.com.ar\/web\/wp-content\/uploads\/2020\/04\/casa_san_vicente_de_paul_slide.jpg\" \/>\n<meta name=\"twitter:creator\" content=\"@arquimaster\" \/>\n<meta name=\"twitter:site\" content=\"@arquimaster\" \/>\n<meta name=\"twitter:label1\" content=\"Escrito por\" \/>\n\t<meta name=\"twitter:data1\" content=\"Arquimaster\" \/>\n\t<meta name=\"twitter:label2\" content=\"Tiempo de lectura\" \/>\n\t<meta name=\"twitter:data2\" content=\"2 minutos\" \/>\n<script type=\"application\/ld+json\" class=\"yoast-schema-graph\">{\"@context\":\"https:\\\/\\\/schema.org\",\"@graph\":[{\"@type\":\"Article\",\"@id\":\"https:\\\/\\\/www.arquimaster.com.ar\\\/web\\\/vivienda-en-san-vicente-de-paul-balzar-arquitectos\\\/#article\",\"isPartOf\":{\"@id\":\"https:\\\/\\\/www.arquimaster.com.ar\\\/web\\\/vivienda-en-san-vicente-de-paul-balzar-arquitectos\\\/\"},\"author\":{\"name\":\"Arquimaster\",\"@id\":\"https:\\\/\\\/www.arquimaster.com.ar\\\/web\\\/#\\\/schema\\\/person\\\/359e9f7c00193fcde068e0dd2ceb0028\"},\"headline\":\"Vivienda en San Vicente de Paul \\\/ Balzar Arquitectos\",\"datePublished\":\"2020-04-30T03:11:12+00:00\",\"dateModified\":\"2020-04-30T19:34:42+00:00\",\"mainEntityOfPage\":{\"@id\":\"https:\\\/\\\/www.arquimaster.com.ar\\\/web\\\/vivienda-en-san-vicente-de-paul-balzar-arquitectos\\\/\"},\"wordCount\":312,\"publisher\":{\"@id\":\"https:\\\/\\\/www.arquimaster.com.ar\\\/web\\\/#organization\"},\"image\":{\"@id\":\"https:\\\/\\\/www.arquimaster.com.ar\\\/web\\\/vivienda-en-san-vicente-de-paul-balzar-arquitectos\\\/#primaryimage\"},\"thumbnailUrl\":\"https:\\\/\\\/www.arquimaster.com.ar\\\/web\\\/wp-content\\\/uploads\\\/2020\\\/04\\\/casa_san_vicente_de_paul_slide.jpg\",\"keywords\":[\"Balzar Arquitectos\",\"Espa\u00f1a\",\"reforma de vivienda\",\"Valencia\",\"vivienda unifamiliar\"],\"articleSection\":[\"Proyecto\",\"Vivienda unifamiliar y PH\"],\"inLanguage\":\"es\"},{\"@type\":\"WebPage\",\"@id\":\"https:\\\/\\\/www.arquimaster.com.ar\\\/web\\\/vivienda-en-san-vicente-de-paul-balzar-arquitectos\\\/\",\"url\":\"https:\\\/\\\/www.arquimaster.com.ar\\\/web\\\/vivienda-en-san-vicente-de-paul-balzar-arquitectos\\\/\",\"name\":\"Vivienda en San Vicente de Paul \\\/ Balzar Arquitectos - Arquimaster\",\"isPartOf\":{\"@id\":\"https:\\\/\\\/www.arquimaster.com.ar\\\/web\\\/#website\"},\"primaryImageOfPage\":{\"@id\":\"https:\\\/\\\/www.arquimaster.com.ar\\\/web\\\/vivienda-en-san-vicente-de-paul-balzar-arquitectos\\\/#primaryimage\"},\"image\":{\"@id\":\"https:\\\/\\\/www.arquimaster.com.ar\\\/web\\\/vivienda-en-san-vicente-de-paul-balzar-arquitectos\\\/#primaryimage\"},\"thumbnailUrl\":\"https:\\\/\\\/www.arquimaster.com.ar\\\/web\\\/wp-content\\\/uploads\\\/2020\\\/04\\\/casa_san_vicente_de_paul_slide.jpg\",\"datePublished\":\"2020-04-30T03:11:12+00:00\",\"dateModified\":\"2020-04-30T19:34:42+00:00\",\"description\":\"El proyecto consiste en la reforma de una vivienda unifamiliar situada en un barrio perif\u00e9rico de la ciudad de Valencia.\",\"breadcrumb\":{\"@id\":\"https:\\\/\\\/www.arquimaster.com.ar\\\/web\\\/vivienda-en-san-vicente-de-paul-balzar-arquitectos\\\/#breadcrumb\"},\"inLanguage\":\"es\",\"potentialAction\":[{\"@type\":\"ReadAction\",\"target\":[\"https:\\\/\\\/www.arquimaster.com.ar\\\/web\\\/vivienda-en-san-vicente-de-paul-balzar-arquitectos\\\/\"]}]},{\"@type\":\"ImageObject\",\"inLanguage\":\"es\",\"@id\":\"https:\\\/\\\/www.arquimaster.com.ar\\\/web\\\/vivienda-en-san-vicente-de-paul-balzar-arquitectos\\\/#primaryimage\",\"url\":\"https:\\\/\\\/www.arquimaster.com.ar\\\/web\\\/wp-content\\\/uploads\\\/2020\\\/04\\\/casa_san_vicente_de_paul_slide.jpg\",\"contentUrl\":\"https:\\\/\\\/www.arquimaster.com.ar\\\/web\\\/wp-content\\\/uploads\\\/2020\\\/04\\\/casa_san_vicente_de_paul_slide.jpg\",\"width\":698,\"height\":364},{\"@type\":\"BreadcrumbList\",\"@id\":\"https:\\\/\\\/www.arquimaster.com.ar\\\/web\\\/vivienda-en-san-vicente-de-paul-balzar-arquitectos\\\/#breadcrumb\",\"itemListElement\":[{\"@type\":\"ListItem\",\"position\":1,\"name\":\"Portada\",\"item\":\"https:\\\/\\\/www.arquimaster.com.ar\\\/web\\\/\"},{\"@type\":\"ListItem\",\"position\":2,\"name\":\"Vivienda en San Vicente de Paul \\\/ Balzar Arquitectos\"}]},{\"@type\":\"WebSite\",\"@id\":\"https:\\\/\\\/www.arquimaster.com.ar\\\/web\\\/#website\",\"url\":\"https:\\\/\\\/www.arquimaster.com.ar\\\/web\\\/\",\"name\":\"Arquimaster\",\"description\":\"Web de arquitectura, dise\u00f1o y construccion\",\"publisher\":{\"@id\":\"https:\\\/\\\/www.arquimaster.com.ar\\\/web\\\/#organization\"},\"potentialAction\":[{\"@type\":\"SearchAction\",\"target\":{\"@type\":\"EntryPoint\",\"urlTemplate\":\"https:\\\/\\\/www.arquimaster.com.ar\\\/web\\\/?s={search_term_string}\"},\"query-input\":{\"@type\":\"PropertyValueSpecification\",\"valueRequired\":true,\"valueName\":\"search_term_string\"}}],\"inLanguage\":\"es\"},{\"@type\":\"Organization\",\"@id\":\"https:\\\/\\\/www.arquimaster.com.ar\\\/web\\\/#organization\",\"name\":\"Arquimaster\",\"url\":\"https:\\\/\\\/www.arquimaster.com.ar\\\/web\\\/\",\"logo\":{\"@type\":\"ImageObject\",\"inLanguage\":\"es\",\"@id\":\"https:\\\/\\\/www.arquimaster.com.ar\\\/web\\\/#\\\/schema\\\/logo\\\/image\\\/\",\"url\":\"https:\\\/\\\/www.arquimaster.com.ar\\\/web\\\/wp-content\\\/uploads\\\/2022\\\/06\\\/arquimaster.png\",\"contentUrl\":\"https:\\\/\\\/www.arquimaster.com.ar\\\/web\\\/wp-content\\\/uploads\\\/2022\\\/06\\\/arquimaster.png\",\"width\":594,\"height\":78,\"caption\":\"Arquimaster\"},\"image\":{\"@id\":\"https:\\\/\\\/www.arquimaster.com.ar\\\/web\\\/#\\\/schema\\\/logo\\\/image\\\/\"},\"sameAs\":[\"http:\\\/\\\/www.facebook.com\\\/ARQUIMASTER.com.ar\",\"https:\\\/\\\/x.com\\\/arquimaster\",\"https:\\\/\\\/www.instagram.com\\\/arquimasterblog\\\/\",\"https:\\\/\\\/www.linkedin.com\\\/company\\\/arquimaster\",\"https:\\\/\\\/www.pinterest.com\\\/arquimaster\",\"https:\\\/\\\/t.me\\\/arquimaster\"]},{\"@type\":\"Person\",\"@id\":\"https:\\\/\\\/www.arquimaster.com.ar\\\/web\\\/#\\\/schema\\\/person\\\/359e9f7c00193fcde068e0dd2ceb0028\",\"name\":\"Arquimaster\"}]}<\/script>\n<!-- \/ Yoast SEO plugin. -->","yoast_head_json":{"title":"Vivienda en San Vicente de Paul \/ Balzar Arquitectos - Arquimaster","description":"El proyecto consiste en la reforma de una vivienda unifamiliar situada en un barrio perif\u00e9rico de la ciudad de Valencia.","robots":{"index":"index","follow":"follow","max-snippet":"max-snippet:-1","max-image-preview":"max-image-preview:large","max-video-preview":"max-video-preview:-1"},"canonical":"https:\/\/www.arquimaster.com.ar\/web\/vivienda-en-san-vicente-de-paul-balzar-arquitectos\/","og_locale":"es_ES","og_type":"article","og_title":"Vivienda en San Vicente de Paul \/ Balzar Arquitectos","og_description":"El proyecto consiste en la reforma de una vivienda unifamiliar situada en un barrio perif\u00e9rico de la ciudad de Valencia.","og_url":"https:\/\/www.arquimaster.com.ar\/web\/vivienda-en-san-vicente-de-paul-balzar-arquitectos\/","og_site_name":"Arquimaster","article_publisher":"http:\/\/www.facebook.com\/ARQUIMASTER.com.ar","article_published_time":"2020-04-30T03:11:12+00:00","article_modified_time":"2020-04-30T19:34:42+00:00","og_image":[{"width":698,"height":364,"url":"https:\/\/www.arquimaster.com.ar\/web\/wp-content\/uploads\/2020\/04\/casa_san_vicente_de_paul_slide.jpg","type":"image\/jpeg"}],"author":"Arquimaster","twitter_card":"summary_large_image","twitter_title":"Vivienda en San Vicente de Paul \/ Balzar Arquitectos","twitter_description":"El proyecto consiste en la reforma de una vivienda unifamiliar situada en un barrio perif\u00e9rico de la ciudad de Valencia.","twitter_image":"https:\/\/www.arquimaster.com.ar\/web\/wp-content\/uploads\/2020\/04\/casa_san_vicente_de_paul_slide.jpg","twitter_creator":"@arquimaster","twitter_site":"@arquimaster","twitter_misc":{"Escrito por":"Arquimaster","Tiempo de lectura":"2 minutos"},"schema":{"@context":"https:\/\/schema.org","@graph":[{"@type":"Article","@id":"https:\/\/www.arquimaster.com.ar\/web\/vivienda-en-san-vicente-de-paul-balzar-arquitectos\/#article","isPartOf":{"@id":"https:\/\/www.arquimaster.com.ar\/web\/vivienda-en-san-vicente-de-paul-balzar-arquitectos\/"},"author":{"name":"Arquimaster","@id":"https:\/\/www.arquimaster.com.ar\/web\/#\/schema\/person\/359e9f7c00193fcde068e0dd2ceb0028"},"headline":"Vivienda en San Vicente de Paul \/ Balzar Arquitectos","datePublished":"2020-04-30T03:11:12+00:00","dateModified":"2020-04-30T19:34:42+00:00","mainEntityOfPage":{"@id":"https:\/\/www.arquimaster.com.ar\/web\/vivienda-en-san-vicente-de-paul-balzar-arquitectos\/"},"wordCount":312,"publisher":{"@id":"https:\/\/www.arquimaster.com.ar\/web\/#organization"},"image":{"@id":"https:\/\/www.arquimaster.com.ar\/web\/vivienda-en-san-vicente-de-paul-balzar-arquitectos\/#primaryimage"},"thumbnailUrl":"https:\/\/www.arquimaster.com.ar\/web\/wp-content\/uploads\/2020\/04\/casa_san_vicente_de_paul_slide.jpg","keywords":["Balzar Arquitectos","Espa\u00f1a","reforma de vivienda","Valencia","vivienda unifamiliar"],"articleSection":["Proyecto","Vivienda unifamiliar y PH"],"inLanguage":"es"},{"@type":"WebPage","@id":"https:\/\/www.arquimaster.com.ar\/web\/vivienda-en-san-vicente-de-paul-balzar-arquitectos\/","url":"https:\/\/www.arquimaster.com.ar\/web\/vivienda-en-san-vicente-de-paul-balzar-arquitectos\/","name":"Vivienda en San Vicente de Paul \/ Balzar Arquitectos - Arquimaster","isPartOf":{"@id":"https:\/\/www.arquimaster.com.ar\/web\/#website"},"primaryImageOfPage":{"@id":"https:\/\/www.arquimaster.com.ar\/web\/vivienda-en-san-vicente-de-paul-balzar-arquitectos\/#primaryimage"},"image":{"@id":"https:\/\/www.arquimaster.com.ar\/web\/vivienda-en-san-vicente-de-paul-balzar-arquitectos\/#primaryimage"},"thumbnailUrl":"https:\/\/www.arquimaster.com.ar\/web\/wp-content\/uploads\/2020\/04\/casa_san_vicente_de_paul_slide.jpg","datePublished":"2020-04-30T03:11:12+00:00","dateModified":"2020-04-30T19:34:42+00:00","description":"El proyecto consiste en la reforma de una vivienda unifamiliar situada en un barrio perif\u00e9rico de la ciudad de Valencia.","breadcrumb":{"@id":"https:\/\/www.arquimaster.com.ar\/web\/vivienda-en-san-vicente-de-paul-balzar-arquitectos\/#breadcrumb"},"inLanguage":"es","potentialAction":[{"@type":"ReadAction","target":["https:\/\/www.arquimaster.com.ar\/web\/vivienda-en-san-vicente-de-paul-balzar-arquitectos\/"]}]},{"@type":"ImageObject","inLanguage":"es","@id":"https:\/\/www.arquimaster.com.ar\/web\/vivienda-en-san-vicente-de-paul-balzar-arquitectos\/#primaryimage","url":"https:\/\/www.arquimaster.com.ar\/web\/wp-content\/uploads\/2020\/04\/casa_san_vicente_de_paul_slide.jpg","contentUrl":"https:\/\/www.arquimaster.com.ar\/web\/wp-content\/uploads\/2020\/04\/casa_san_vicente_de_paul_slide.jpg","width":698,"height":364},{"@type":"BreadcrumbList","@id":"https:\/\/www.arquimaster.com.ar\/web\/vivienda-en-san-vicente-de-paul-balzar-arquitectos\/#breadcrumb","itemListElement":[{"@type":"ListItem","position":1,"name":"Portada","item":"https:\/\/www.arquimaster.com.ar\/web\/"},{"@type":"ListItem","position":2,"name":"Vivienda en San Vicente de Paul \/ Balzar Arquitectos"}]},{"@type":"WebSite","@id":"https:\/\/www.arquimaster.com.ar\/web\/#website","url":"https:\/\/www.arquimaster.com.ar\/web\/","name":"Arquimaster","description":"Web de arquitectura, dise\u00f1o y construccion","publisher":{"@id":"https:\/\/www.arquimaster.com.ar\/web\/#organization"},"potentialAction":[{"@type":"SearchAction","target":{"@type":"EntryPoint","urlTemplate":"https:\/\/www.arquimaster.com.ar\/web\/?s={search_term_string}"},"query-input":{"@type":"PropertyValueSpecification","valueRequired":true,"valueName":"search_term_string"}}],"inLanguage":"es"},{"@type":"Organization","@id":"https:\/\/www.arquimaster.com.ar\/web\/#organization","name":"Arquimaster","url":"https:\/\/www.arquimaster.com.ar\/web\/","logo":{"@type":"ImageObject","inLanguage":"es","@id":"https:\/\/www.arquimaster.com.ar\/web\/#\/schema\/logo\/image\/","url":"https:\/\/www.arquimaster.com.ar\/web\/wp-content\/uploads\/2022\/06\/arquimaster.png","contentUrl":"https:\/\/www.arquimaster.com.ar\/web\/wp-content\/uploads\/2022\/06\/arquimaster.png","width":594,"height":78,"caption":"Arquimaster"},"image":{"@id":"https:\/\/www.arquimaster.com.ar\/web\/#\/schema\/logo\/image\/"},"sameAs":["http:\/\/www.facebook.com\/ARQUIMASTER.com.ar","https:\/\/x.com\/arquimaster","https:\/\/www.instagram.com\/arquimasterblog\/","https:\/\/www.linkedin.com\/company\/arquimaster","https:\/\/www.pinterest.com\/arquimaster","https:\/\/t.me\/arquimaster"]},{"@type":"Person","@id":"https:\/\/www.arquimaster.com.ar\/web\/#\/schema\/person\/359e9f7c00193fcde068e0dd2ceb0028","name":"Arquimaster"}]}},"uagb_featured_image_src":{"full":["https:\/\/www.arquimaster.com.ar\/web\/wp-content\/uploads\/2020\/04\/casa_san_vicente_de_paul_slide.jpg",698,364,false],"thumbnail":["https:\/\/www.arquimaster.com.ar\/web\/wp-content\/uploads\/2020\/04\/casa_san_vicente_de_paul_slide-150x150.jpg",150,150,true],"medium":["https:\/\/www.arquimaster.com.ar\/web\/wp-content\/uploads\/2020\/04\/casa_san_vicente_de_paul_slide.jpg",698,364,false],"medium_large":["https:\/\/www.arquimaster.com.ar\/web\/wp-content\/uploads\/2020\/04\/casa_san_vicente_de_paul_slide.jpg",698,364,false],"large":["https:\/\/www.arquimaster.com.ar\/web\/wp-content\/uploads\/2020\/04\/casa_san_vicente_de_paul_slide.jpg",698,364,false],"1536x1536":["https:\/\/www.arquimaster.com.ar\/web\/wp-content\/uploads\/2020\/04\/casa_san_vicente_de_paul_slide.jpg",698,364,false],"2048x2048":["https:\/\/www.arquimaster.com.ar\/web\/wp-content\/uploads\/2020\/04\/casa_san_vicente_de_paul_slide.jpg",698,364,false]},"uagb_author_info":{"display_name":"Arquimaster","author_link":"https:\/\/www.arquimaster.com.ar\/web\/author\/arquimaster\/"},"uagb_comment_info":0,"uagb_excerpt":"Reforma de una vivienda unifamiliar situada en un barrio perif\u00e9rico de la ciudad...","_links":{"self":[{"href":"https:\/\/www.arquimaster.com.ar\/web\/wp-json\/wp\/v2\/posts\/55142","targetHints":{"allow":["GET"]}}],"collection":[{"href":"https:\/\/www.arquimaster.com.ar\/web\/wp-json\/wp\/v2\/posts"}],"about":[{"href":"https:\/\/www.arquimaster.com.ar\/web\/wp-json\/wp\/v2\/types\/post"}],"author":[{"embeddable":true,"href":"https:\/\/www.arquimaster.com.ar\/web\/wp-json\/wp\/v2\/users\/1"}],"replies":[{"embeddable":true,"href":"https:\/\/www.arquimaster.com.ar\/web\/wp-json\/wp\/v2\/comments?post=55142"}],"version-history":[{"count":2,"href":"https:\/\/www.arquimaster.com.ar\/web\/wp-json\/wp\/v2\/posts\/55142\/revisions"}],"predecessor-version":[{"id":55353,"href":"https:\/\/www.arquimaster.com.ar\/web\/wp-json\/wp\/v2\/posts\/55142\/revisions\/55353"}],"wp:featuredmedia":[{"embeddable":true,"href":"https:\/\/www.arquimaster.com.ar\/web\/wp-json\/wp\/v2\/media\/55143"}],"wp:attachment":[{"href":"https:\/\/www.arquimaster.com.ar\/web\/wp-json\/wp\/v2\/media?parent=55142"}],"wp:term":[{"taxonomy":"category","embeddable":true,"href":"https:\/\/www.arquimaster.com.ar\/web\/wp-json\/wp\/v2\/categories?post=55142"},{"taxonomy":"post_tag","embeddable":true,"href":"https:\/\/www.arquimaster.com.ar\/web\/wp-json\/wp\/v2\/tags?post=55142"}],"curies":[{"name":"wp","href":"https:\/\/api.w.org\/{rel}","templated":true}]}}