{"id":55167,"date":"2020-04-30T01:10:49","date_gmt":"2020-04-30T04:10:49","guid":{"rendered":"https:\/\/www.arquimaster.com.ar\/web\/?p=55167"},"modified":"2020-04-30T17:58:40","modified_gmt":"2020-04-30T20:58:40","slug":"casa-de-la-baldrufa-tiago-do-vale-arquitectos","status":"publish","type":"post","link":"https:\/\/www.arquimaster.com.ar\/web\/casa-de-la-baldrufa-tiago-do-vale-arquitectos\/","title":{"rendered":"Casa de La Baldrufa \/ Tiago do Vale Arquitectos"},"content":{"rendered":"<div style=\"margin-top: 0px; margin-bottom: 0px;\" class=\"sharethis-inline-share-buttons\" ><\/div><div class=\"b812932af2e751442846f039925109de\" data-index=\"1\" style=\"float: none; margin:25px 0 25px 0; text-align:center;\">\n<script async src=\"https:\/\/pagead2.googlesyndication.com\/pagead\/js\/adsbygoogle.js\"><\/script>\r\n<!-- Arquimaster (superior) -->\r\n<ins class=\"adsbygoogle\"\r\n     style=\"display:block\"\r\n     data-ad-client=\"ca-pub-6351072698456832\"\r\n     data-ad-slot=\"6455489680\"\r\n     data-ad-format=\"auto\"\r\n     data-full-width-responsive=\"true\"><\/ins>\r\n<script>\r\n     (adsbygoogle = window.adsbygoogle || []).push({});\r\n<\/script>\n<\/div>\n<p><strong>Casa de La Baldrufa<\/strong> (Un Hogar Minimalista y Sereno) (Ponte de Lima, Portugal) por <strong>Tiago do Vale Arquitectos<\/strong>. El objetivo de esta remodelaci\u00f3n interior de una casa adosada reci\u00e9n construida fue obtener el m\u00e1ximo potencial de la construcci\u00f3n, aumentando tanto su capacidad funcional como su calidad de uso. Con un dise\u00f1o original de dos habitaciones y una suite, la casa dispone de dos fachadas (orientadas al este y al oeste), con una planta estrecha y profunda, transformando ambas frentes en un valor a\u00f1adido central.<\/p>\n<div id='gallery-1' class='gallery galleryid-55167 gallery-columns-3 gallery-size-thumbnail'><figure class='gallery-item'>\n\t\t\t<div class='gallery-icon landscape'>\n\t\t\t\t<a href='https:\/\/www.arquimaster.com.ar\/web\/wp-content\/uploads\/2020\/04\/casa_de_la_baldrufa1.jpg' title=\"Casa de La Baldrufa \/ Tiago do Vale Arquitectos (\u00a9 Jo\u00e3o Morgado)\" data-rl_title=\"Casa de La Baldrufa \/ Tiago do Vale Arquitectos (\u00a9 Jo\u00e3o Morgado)\" class=\"rl-gallery-link\" data-rl_caption=\"Casa de La Baldrufa \/ Tiago do Vale Arquitectos (\u00a9 Jo\u00e3o Morgado)\" data-rel=\"lightbox-gallery-1\"><img loading=\"lazy\" decoding=\"async\" width=\"150\" height=\"150\" src=\"https:\/\/www.arquimaster.com.ar\/web\/wp-content\/uploads\/2020\/04\/casa_de_la_baldrufa1-150x150.jpg\" class=\"attachment-thumbnail size-thumbnail\" alt=\"\" aria-describedby=\"gallery-1-55169\" srcset=\"https:\/\/www.arquimaster.com.ar\/web\/wp-content\/uploads\/2020\/04\/casa_de_la_baldrufa1-150x150.jpg 150w, https:\/\/www.arquimaster.com.ar\/web\/wp-content\/uploads\/2020\/04\/casa_de_la_baldrufa1-1024x1024.jpg 1024w, https:\/\/www.arquimaster.com.ar\/web\/wp-content\/uploads\/2020\/04\/casa_de_la_baldrufa1-768x768.jpg 768w, https:\/\/www.arquimaster.com.ar\/web\/wp-content\/uploads\/2020\/04\/casa_de_la_baldrufa1.jpg 1500w\" sizes=\"auto, (max-width: 150px) 100vw, 150px\" \/><\/a>\n\t\t\t<\/div>\n\t\t\t\t<figcaption class='wp-caption-text gallery-caption' id='gallery-1-55169'>\n\t\t\t\tCasa de La Baldrufa \/ Tiago do Vale Arquitectos (\u00a9 Jo\u00e3o Morgado)\n\t\t\t\t<\/figcaption><\/figure><figure class='gallery-item'>\n\t\t\t<div class='gallery-icon portrait'>\n\t\t\t\t<a href='https:\/\/www.arquimaster.com.ar\/web\/wp-content\/uploads\/2020\/04\/casa_de_la_baldrufa2.jpg' title=\"Casa de La Baldrufa \/ Tiago do Vale Arquitectos (\u00a9 Jo\u00e3o Morgado)\" data-rl_title=\"Casa de La Baldrufa \/ Tiago do Vale Arquitectos (\u00a9 Jo\u00e3o Morgado)\" class=\"rl-gallery-link\" data-rl_caption=\"Casa de La Baldrufa \/ Tiago do Vale Arquitectos (\u00a9 Jo\u00e3o Morgado)\" data-rel=\"lightbox-gallery-1\"><img loading=\"lazy\" decoding=\"async\" width=\"150\" height=\"150\" src=\"https:\/\/www.arquimaster.com.ar\/web\/wp-content\/uploads\/2020\/04\/casa_de_la_baldrufa2-150x150.jpg\" class=\"attachment-thumbnail size-thumbnail\" alt=\"\" aria-describedby=\"gallery-1-55170\" \/><\/a>\n\t\t\t<\/div>\n\t\t\t\t<figcaption class='wp-caption-text gallery-caption' id='gallery-1-55170'>\n\t\t\t\tCasa de La Baldrufa \/ Tiago do Vale Arquitectos (\u00a9 Jo\u00e3o Morgado)\n\t\t\t\t<\/figcaption><\/figure><figure class='gallery-item'>\n\t\t\t<div class='gallery-icon portrait'>\n\t\t\t\t<a href='https:\/\/www.arquimaster.com.ar\/web\/wp-content\/uploads\/2020\/04\/casa_de_la_baldrufa3.jpg' title=\"Casa de La Baldrufa \/ Tiago do Vale Arquitectos (\u00a9 Jo\u00e3o Morgado)\" data-rl_title=\"Casa de La Baldrufa \/ Tiago do Vale Arquitectos (\u00a9 Jo\u00e3o Morgado)\" class=\"rl-gallery-link\" data-rl_caption=\"Casa de La Baldrufa \/ Tiago do Vale Arquitectos (\u00a9 Jo\u00e3o Morgado)\" data-rel=\"lightbox-gallery-1\"><img loading=\"lazy\" decoding=\"async\" width=\"150\" height=\"150\" src=\"https:\/\/www.arquimaster.com.ar\/web\/wp-content\/uploads\/2020\/04\/casa_de_la_baldrufa3-150x150.jpg\" class=\"attachment-thumbnail size-thumbnail\" alt=\"\" aria-describedby=\"gallery-1-55171\" \/><\/a>\n\t\t\t<\/div>\n\t\t\t\t<figcaption class='wp-caption-text gallery-caption' id='gallery-1-55171'>\n\t\t\t\tCasa de La Baldrufa \/ Tiago do Vale Arquitectos (\u00a9 Jo\u00e3o Morgado)\n\t\t\t\t<\/figcaption><\/figure><figure class='gallery-item'>\n\t\t\t<div class='gallery-icon landscape'>\n\t\t\t\t<a href='https:\/\/www.arquimaster.com.ar\/web\/wp-content\/uploads\/2020\/04\/casa_de_la_baldrufa4.jpg' title=\"Casa de La Baldrufa \/ Tiago do Vale Arquitectos (\u00a9 Jo\u00e3o Morgado)\" data-rl_title=\"Casa de La Baldrufa \/ Tiago do Vale Arquitectos (\u00a9 Jo\u00e3o Morgado)\" class=\"rl-gallery-link\" data-rl_caption=\"Casa de La Baldrufa \/ Tiago do Vale Arquitectos (\u00a9 Jo\u00e3o Morgado)\" data-rel=\"lightbox-gallery-1\"><img loading=\"lazy\" decoding=\"async\" width=\"150\" height=\"150\" src=\"https:\/\/www.arquimaster.com.ar\/web\/wp-content\/uploads\/2020\/04\/casa_de_la_baldrufa4-150x150.jpg\" class=\"attachment-thumbnail size-thumbnail\" alt=\"\" aria-describedby=\"gallery-1-55172\" srcset=\"https:\/\/www.arquimaster.com.ar\/web\/wp-content\/uploads\/2020\/04\/casa_de_la_baldrufa4-150x150.jpg 150w, https:\/\/www.arquimaster.com.ar\/web\/wp-content\/uploads\/2020\/04\/casa_de_la_baldrufa4-1024x1024.jpg 1024w, https:\/\/www.arquimaster.com.ar\/web\/wp-content\/uploads\/2020\/04\/casa_de_la_baldrufa4-768x768.jpg 768w, https:\/\/www.arquimaster.com.ar\/web\/wp-content\/uploads\/2020\/04\/casa_de_la_baldrufa4.jpg 1500w\" sizes=\"auto, (max-width: 150px) 100vw, 150px\" \/><\/a>\n\t\t\t<\/div>\n\t\t\t\t<figcaption class='wp-caption-text gallery-caption' id='gallery-1-55172'>\n\t\t\t\tCasa de La Baldrufa \/ Tiago do Vale Arquitectos (\u00a9 Jo\u00e3o Morgado)\n\t\t\t\t<\/figcaption><\/figure><figure class='gallery-item'>\n\t\t\t<div class='gallery-icon landscape'>\n\t\t\t\t<a href='https:\/\/www.arquimaster.com.ar\/web\/wp-content\/uploads\/2020\/04\/casa_de_la_baldrufa5.jpg' title=\"Casa de La Baldrufa \/ Tiago do Vale Arquitectos (\u00a9 Jo\u00e3o Morgado)\" data-rl_title=\"Casa de La Baldrufa \/ Tiago do Vale Arquitectos (\u00a9 Jo\u00e3o Morgado)\" class=\"rl-gallery-link\" data-rl_caption=\"Casa de La Baldrufa \/ Tiago do Vale Arquitectos (\u00a9 Jo\u00e3o Morgado)\" data-rel=\"lightbox-gallery-1\"><img loading=\"lazy\" decoding=\"async\" width=\"150\" height=\"150\" src=\"https:\/\/www.arquimaster.com.ar\/web\/wp-content\/uploads\/2020\/04\/casa_de_la_baldrufa5-150x150.jpg\" class=\"attachment-thumbnail size-thumbnail\" alt=\"\" aria-describedby=\"gallery-1-55173\" srcset=\"https:\/\/www.arquimaster.com.ar\/web\/wp-content\/uploads\/2020\/04\/casa_de_la_baldrufa5-150x150.jpg 150w, https:\/\/www.arquimaster.com.ar\/web\/wp-content\/uploads\/2020\/04\/casa_de_la_baldrufa5-1024x1024.jpg 1024w, https:\/\/www.arquimaster.com.ar\/web\/wp-content\/uploads\/2020\/04\/casa_de_la_baldrufa5-768x768.jpg 768w, https:\/\/www.arquimaster.com.ar\/web\/wp-content\/uploads\/2020\/04\/casa_de_la_baldrufa5.jpg 1500w\" sizes=\"auto, (max-width: 150px) 100vw, 150px\" \/><\/a>\n\t\t\t<\/div>\n\t\t\t\t<figcaption class='wp-caption-text gallery-caption' id='gallery-1-55173'>\n\t\t\t\tCasa de La Baldrufa \/ Tiago do Vale Arquitectos (\u00a9 Jo\u00e3o Morgado)\n\t\t\t\t<\/figcaption><\/figure><figure class='gallery-item'>\n\t\t\t<div class='gallery-icon landscape'>\n\t\t\t\t<a href='https:\/\/www.arquimaster.com.ar\/web\/wp-content\/uploads\/2020\/04\/casa_de_la_baldrufa6.jpg' title=\"Casa de La Baldrufa \/ Tiago do Vale Arquitectos (\u00a9 Jo\u00e3o Morgado)\" data-rl_title=\"Casa de La Baldrufa \/ Tiago do Vale Arquitectos (\u00a9 Jo\u00e3o Morgado)\" class=\"rl-gallery-link\" data-rl_caption=\"Casa de La Baldrufa \/ Tiago do Vale Arquitectos (\u00a9 Jo\u00e3o Morgado)\" data-rel=\"lightbox-gallery-1\"><img loading=\"lazy\" decoding=\"async\" width=\"150\" height=\"150\" src=\"https:\/\/www.arquimaster.com.ar\/web\/wp-content\/uploads\/2020\/04\/casa_de_la_baldrufa6-150x150.jpg\" class=\"attachment-thumbnail size-thumbnail\" alt=\"\" aria-describedby=\"gallery-1-55174\" srcset=\"https:\/\/www.arquimaster.com.ar\/web\/wp-content\/uploads\/2020\/04\/casa_de_la_baldrufa6-150x150.jpg 150w, https:\/\/www.arquimaster.com.ar\/web\/wp-content\/uploads\/2020\/04\/casa_de_la_baldrufa6-1024x1024.jpg 1024w, https:\/\/www.arquimaster.com.ar\/web\/wp-content\/uploads\/2020\/04\/casa_de_la_baldrufa6-768x768.jpg 768w, https:\/\/www.arquimaster.com.ar\/web\/wp-content\/uploads\/2020\/04\/casa_de_la_baldrufa6.jpg 1500w\" sizes=\"auto, (max-width: 150px) 100vw, 150px\" \/><\/a>\n\t\t\t<\/div>\n\t\t\t\t<figcaption class='wp-caption-text gallery-caption' id='gallery-1-55174'>\n\t\t\t\tCasa de La Baldrufa \/ Tiago do Vale Arquitectos (\u00a9 Jo\u00e3o Morgado)\n\t\t\t\t<\/figcaption><\/figure><figure class='gallery-item'>\n\t\t\t<div class='gallery-icon portrait'>\n\t\t\t\t<a href='https:\/\/www.arquimaster.com.ar\/web\/wp-content\/uploads\/2020\/04\/casa_de_la_baldrufa7.jpg' title=\"Casa de La Baldrufa \/ Tiago do Vale Arquitectos (\u00a9 Jo\u00e3o Morgado)\" data-rl_title=\"Casa de La Baldrufa \/ Tiago do Vale Arquitectos (\u00a9 Jo\u00e3o Morgado)\" class=\"rl-gallery-link\" data-rl_caption=\"Casa de La Baldrufa \/ Tiago do Vale Arquitectos (\u00a9 Jo\u00e3o Morgado)\" data-rel=\"lightbox-gallery-1\"><img loading=\"lazy\" decoding=\"async\" width=\"150\" height=\"150\" src=\"https:\/\/www.arquimaster.com.ar\/web\/wp-content\/uploads\/2020\/04\/casa_de_la_baldrufa7-150x150.jpg\" class=\"attachment-thumbnail size-thumbnail\" alt=\"\" aria-describedby=\"gallery-1-55175\" \/><\/a>\n\t\t\t<\/div>\n\t\t\t\t<figcaption class='wp-caption-text gallery-caption' id='gallery-1-55175'>\n\t\t\t\tCasa de La Baldrufa \/ Tiago do Vale Arquitectos (\u00a9 Jo\u00e3o Morgado)\n\t\t\t\t<\/figcaption><\/figure><figure class='gallery-item'>\n\t\t\t<div class='gallery-icon portrait'>\n\t\t\t\t<a href='https:\/\/www.arquimaster.com.ar\/web\/wp-content\/uploads\/2020\/04\/casa_de_la_baldrufa8.jpg' title=\"Casa de La Baldrufa \/ Tiago do Vale Arquitectos (\u00a9 Jo\u00e3o Morgado)\" data-rl_title=\"Casa de La Baldrufa \/ Tiago do Vale Arquitectos (\u00a9 Jo\u00e3o Morgado)\" class=\"rl-gallery-link\" data-rl_caption=\"Casa de La Baldrufa \/ Tiago do Vale Arquitectos (\u00a9 Jo\u00e3o Morgado)\" data-rel=\"lightbox-gallery-1\"><img loading=\"lazy\" decoding=\"async\" width=\"150\" height=\"150\" src=\"https:\/\/www.arquimaster.com.ar\/web\/wp-content\/uploads\/2020\/04\/casa_de_la_baldrufa8-150x150.jpg\" class=\"attachment-thumbnail size-thumbnail\" alt=\"\" aria-describedby=\"gallery-1-55176\" \/><\/a>\n\t\t\t<\/div>\n\t\t\t\t<figcaption class='wp-caption-text gallery-caption' id='gallery-1-55176'>\n\t\t\t\tCasa de La Baldrufa \/ Tiago do Vale Arquitectos (\u00a9 Jo\u00e3o Morgado)\n\t\t\t\t<\/figcaption><\/figure><figure class='gallery-item'>\n\t\t\t<div class='gallery-icon landscape'>\n\t\t\t\t<a href='https:\/\/www.arquimaster.com.ar\/web\/wp-content\/uploads\/2020\/04\/casa_de_la_baldrufa9.jpg' title=\"Casa de La Baldrufa \/ Tiago do Vale Arquitectos (\u00a9 Jo\u00e3o Morgado)\" data-rl_title=\"Casa de La Baldrufa \/ Tiago do Vale Arquitectos (\u00a9 Jo\u00e3o Morgado)\" class=\"rl-gallery-link\" data-rl_caption=\"Casa de La Baldrufa \/ Tiago do Vale Arquitectos (\u00a9 Jo\u00e3o Morgado)\" data-rel=\"lightbox-gallery-1\"><img loading=\"lazy\" decoding=\"async\" width=\"150\" height=\"150\" src=\"https:\/\/www.arquimaster.com.ar\/web\/wp-content\/uploads\/2020\/04\/casa_de_la_baldrufa9-150x150.jpg\" class=\"attachment-thumbnail size-thumbnail\" alt=\"\" aria-describedby=\"gallery-1-55177\" \/><\/a>\n\t\t\t<\/div>\n\t\t\t\t<figcaption class='wp-caption-text gallery-caption' id='gallery-1-55177'>\n\t\t\t\tCasa de La Baldrufa \/ Tiago do Vale Arquitectos (\u00a9 Jo\u00e3o Morgado)\n\t\t\t\t<\/figcaption><\/figure><figure class='gallery-item'>\n\t\t\t<div class='gallery-icon landscape'>\n\t\t\t\t<a href='https:\/\/www.arquimaster.com.ar\/web\/wp-content\/uploads\/2020\/04\/casa_de_la_baldrufa10.jpg' title=\"Casa de La Baldrufa \/ Tiago do Vale Arquitectos (\u00a9 Jo\u00e3o Morgado)\" data-rl_title=\"Casa de La Baldrufa \/ Tiago do Vale Arquitectos (\u00a9 Jo\u00e3o Morgado)\" class=\"rl-gallery-link\" data-rl_caption=\"Casa de La Baldrufa \/ Tiago do Vale Arquitectos (\u00a9 Jo\u00e3o Morgado)\" data-rel=\"lightbox-gallery-1\"><img loading=\"lazy\" decoding=\"async\" width=\"150\" height=\"150\" src=\"https:\/\/www.arquimaster.com.ar\/web\/wp-content\/uploads\/2020\/04\/casa_de_la_baldrufa10-150x150.jpg\" class=\"attachment-thumbnail size-thumbnail\" alt=\"\" aria-describedby=\"gallery-1-55178\" \/><\/a>\n\t\t\t<\/div>\n\t\t\t\t<figcaption class='wp-caption-text gallery-caption' id='gallery-1-55178'>\n\t\t\t\tCasa de La Baldrufa \/ Tiago do Vale Arquitectos (\u00a9 Jo\u00e3o Morgado)\n\t\t\t\t<\/figcaption><\/figure><figure class='gallery-item'>\n\t\t\t<div class='gallery-icon landscape'>\n\t\t\t\t<a href='https:\/\/www.arquimaster.com.ar\/web\/wp-content\/uploads\/2020\/04\/casa_de_la_baldrufa11.jpg' title=\"Casa de La Baldrufa \/ Tiago do Vale Arquitectos (\u00a9 Jo\u00e3o Morgado)\" data-rl_title=\"Casa de La Baldrufa \/ Tiago do Vale Arquitectos (\u00a9 Jo\u00e3o Morgado)\" class=\"rl-gallery-link\" data-rl_caption=\"Casa de La Baldrufa \/ Tiago do Vale Arquitectos (\u00a9 Jo\u00e3o Morgado)\" data-rel=\"lightbox-gallery-1\"><img loading=\"lazy\" decoding=\"async\" width=\"150\" height=\"150\" src=\"https:\/\/www.arquimaster.com.ar\/web\/wp-content\/uploads\/2020\/04\/casa_de_la_baldrufa11-150x150.jpg\" class=\"attachment-thumbnail size-thumbnail\" alt=\"\" aria-describedby=\"gallery-1-55179\" \/><\/a>\n\t\t\t<\/div>\n\t\t\t\t<figcaption class='wp-caption-text gallery-caption' id='gallery-1-55179'>\n\t\t\t\tCasa de La Baldrufa \/ Tiago do Vale Arquitectos (\u00a9 Jo\u00e3o Morgado)\n\t\t\t\t<\/figcaption><\/figure><figure class='gallery-item'>\n\t\t\t<div class='gallery-icon landscape'>\n\t\t\t\t<a href='https:\/\/www.arquimaster.com.ar\/web\/wp-content\/uploads\/2020\/04\/casa_de_la_baldrufa12.jpg' title=\"Casa de La Baldrufa \/ Tiago do Vale Arquitectos (\u00a9 Jo\u00e3o Morgado)\" data-rl_title=\"Casa de La Baldrufa \/ Tiago do Vale Arquitectos (\u00a9 Jo\u00e3o Morgado)\" class=\"rl-gallery-link\" data-rl_caption=\"Casa de La Baldrufa \/ Tiago do Vale Arquitectos (\u00a9 Jo\u00e3o Morgado)\" data-rel=\"lightbox-gallery-1\"><img loading=\"lazy\" decoding=\"async\" width=\"150\" height=\"150\" src=\"https:\/\/www.arquimaster.com.ar\/web\/wp-content\/uploads\/2020\/04\/casa_de_la_baldrufa12-150x150.jpg\" class=\"attachment-thumbnail size-thumbnail\" alt=\"\" aria-describedby=\"gallery-1-55180\" \/><\/a>\n\t\t\t<\/div>\n\t\t\t\t<figcaption class='wp-caption-text gallery-caption' id='gallery-1-55180'>\n\t\t\t\tCasa de La Baldrufa \/ Tiago do Vale Arquitectos (\u00a9 Jo\u00e3o Morgado)\n\t\t\t\t<\/figcaption><\/figure><figure class='gallery-item'>\n\t\t\t<div class='gallery-icon landscape'>\n\t\t\t\t<a href='https:\/\/www.arquimaster.com.ar\/web\/wp-content\/uploads\/2020\/04\/casa_de_la_baldrufa13.jpg' title=\"Casa de La Baldrufa \/ Tiago do Vale Arquitectos (\u00a9 Jo\u00e3o Morgado)\" data-rl_title=\"Casa de La Baldrufa \/ Tiago do Vale Arquitectos (\u00a9 Jo\u00e3o Morgado)\" class=\"rl-gallery-link\" data-rl_caption=\"Casa de La Baldrufa \/ Tiago do Vale Arquitectos (\u00a9 Jo\u00e3o Morgado)\" data-rel=\"lightbox-gallery-1\"><img loading=\"lazy\" decoding=\"async\" width=\"150\" height=\"150\" src=\"https:\/\/www.arquimaster.com.ar\/web\/wp-content\/uploads\/2020\/04\/casa_de_la_baldrufa13-150x150.jpg\" class=\"attachment-thumbnail size-thumbnail\" alt=\"\" aria-describedby=\"gallery-1-55181\" srcset=\"https:\/\/www.arquimaster.com.ar\/web\/wp-content\/uploads\/2020\/04\/casa_de_la_baldrufa13-150x150.jpg 150w, https:\/\/www.arquimaster.com.ar\/web\/wp-content\/uploads\/2020\/04\/casa_de_la_baldrufa13-1024x1024.jpg 1024w, https:\/\/www.arquimaster.com.ar\/web\/wp-content\/uploads\/2020\/04\/casa_de_la_baldrufa13-768x768.jpg 768w, https:\/\/www.arquimaster.com.ar\/web\/wp-content\/uploads\/2020\/04\/casa_de_la_baldrufa13.jpg 1500w\" sizes=\"auto, (max-width: 150px) 100vw, 150px\" \/><\/a>\n\t\t\t<\/div>\n\t\t\t\t<figcaption class='wp-caption-text gallery-caption' id='gallery-1-55181'>\n\t\t\t\tCasa de La Baldrufa \/ Tiago do Vale Arquitectos (\u00a9 Jo\u00e3o Morgado)\n\t\t\t\t<\/figcaption><\/figure><figure class='gallery-item'>\n\t\t\t<div class='gallery-icon landscape'>\n\t\t\t\t<a href='https:\/\/www.arquimaster.com.ar\/web\/wp-content\/uploads\/2020\/04\/casa_de_la_baldrufa14.jpg' title=\"Casa de La Baldrufa \/ Tiago do Vale Arquitectos (\u00a9 Jo\u00e3o Morgado)\" data-rl_title=\"Casa de La Baldrufa \/ Tiago do Vale Arquitectos (\u00a9 Jo\u00e3o Morgado)\" class=\"rl-gallery-link\" data-rl_caption=\"Casa de La Baldrufa \/ Tiago do Vale Arquitectos (\u00a9 Jo\u00e3o Morgado)\" data-rel=\"lightbox-gallery-1\"><img loading=\"lazy\" decoding=\"async\" width=\"150\" height=\"150\" src=\"https:\/\/www.arquimaster.com.ar\/web\/wp-content\/uploads\/2020\/04\/casa_de_la_baldrufa14-150x150.jpg\" class=\"attachment-thumbnail size-thumbnail\" alt=\"\" aria-describedby=\"gallery-1-55182\" \/><\/a>\n\t\t\t<\/div>\n\t\t\t\t<figcaption class='wp-caption-text gallery-caption' id='gallery-1-55182'>\n\t\t\t\tCasa de La Baldrufa \/ Tiago do Vale Arquitectos (\u00a9 Jo\u00e3o Morgado)\n\t\t\t\t<\/figcaption><\/figure><figure class='gallery-item'>\n\t\t\t<div class='gallery-icon landscape'>\n\t\t\t\t<a href='https:\/\/www.arquimaster.com.ar\/web\/wp-content\/uploads\/2020\/04\/casa_de_la_baldrufa15.jpg' title=\"Casa de La Baldrufa \/ Tiago do Vale Arquitectos (\u00a9 Jo\u00e3o Morgado)\" data-rl_title=\"Casa de La Baldrufa \/ Tiago do Vale Arquitectos (\u00a9 Jo\u00e3o Morgado)\" class=\"rl-gallery-link\" data-rl_caption=\"Casa de La Baldrufa \/ Tiago do Vale Arquitectos (\u00a9 Jo\u00e3o Morgado)\" data-rel=\"lightbox-gallery-1\"><img loading=\"lazy\" decoding=\"async\" width=\"150\" height=\"150\" src=\"https:\/\/www.arquimaster.com.ar\/web\/wp-content\/uploads\/2020\/04\/casa_de_la_baldrufa15-150x150.jpg\" class=\"attachment-thumbnail size-thumbnail\" alt=\"\" aria-describedby=\"gallery-1-55183\" \/><\/a>\n\t\t\t<\/div>\n\t\t\t\t<figcaption class='wp-caption-text gallery-caption' id='gallery-1-55183'>\n\t\t\t\tCasa de La Baldrufa \/ Tiago do Vale Arquitectos (\u00a9 Jo\u00e3o Morgado)\n\t\t\t\t<\/figcaption><\/figure><figure class='gallery-item'>\n\t\t\t<div class='gallery-icon landscape'>\n\t\t\t\t<a href='https:\/\/www.arquimaster.com.ar\/web\/wp-content\/uploads\/2020\/04\/casa_de_la_baldrufa16.jpg' title=\"Casa de La Baldrufa \/ Tiago do Vale Arquitectos (\u00a9 Jo\u00e3o Morgado)\" data-rl_title=\"Casa de La Baldrufa \/ Tiago do Vale Arquitectos (\u00a9 Jo\u00e3o Morgado)\" class=\"rl-gallery-link\" data-rl_caption=\"Casa de La Baldrufa \/ Tiago do Vale Arquitectos (\u00a9 Jo\u00e3o Morgado)\" data-rel=\"lightbox-gallery-1\"><img loading=\"lazy\" decoding=\"async\" width=\"150\" height=\"150\" src=\"https:\/\/www.arquimaster.com.ar\/web\/wp-content\/uploads\/2020\/04\/casa_de_la_baldrufa16-150x150.jpg\" class=\"attachment-thumbnail size-thumbnail\" alt=\"\" aria-describedby=\"gallery-1-55184\" \/><\/a>\n\t\t\t<\/div>\n\t\t\t\t<figcaption class='wp-caption-text gallery-caption' id='gallery-1-55184'>\n\t\t\t\tCasa de La Baldrufa \/ Tiago do Vale Arquitectos (\u00a9 Jo\u00e3o Morgado)\n\t\t\t\t<\/figcaption><\/figure><figure class='gallery-item'>\n\t\t\t<div class='gallery-icon landscape'>\n\t\t\t\t<a href='https:\/\/www.arquimaster.com.ar\/web\/wp-content\/uploads\/2020\/04\/casa_de_la_baldrufa17.jpg' title=\"Casa de La Baldrufa \/ Tiago do Vale Arquitectos (\u00a9 Jo\u00e3o Morgado)\" data-rl_title=\"Casa de La Baldrufa \/ Tiago do Vale Arquitectos (\u00a9 Jo\u00e3o Morgado)\" class=\"rl-gallery-link\" data-rl_caption=\"Casa de La Baldrufa \/ Tiago do Vale Arquitectos (\u00a9 Jo\u00e3o Morgado)\" data-rel=\"lightbox-gallery-1\"><img loading=\"lazy\" decoding=\"async\" width=\"150\" height=\"150\" src=\"https:\/\/www.arquimaster.com.ar\/web\/wp-content\/uploads\/2020\/04\/casa_de_la_baldrufa17-150x150.jpg\" class=\"attachment-thumbnail size-thumbnail\" alt=\"\" aria-describedby=\"gallery-1-55185\" \/><\/a>\n\t\t\t<\/div>\n\t\t\t\t<figcaption class='wp-caption-text gallery-caption' id='gallery-1-55185'>\n\t\t\t\tCasa de La Baldrufa \/ Tiago do Vale Arquitectos (\u00a9 Jo\u00e3o Morgado)\n\t\t\t\t<\/figcaption><\/figure><figure class='gallery-item'>\n\t\t\t<div class='gallery-icon landscape'>\n\t\t\t\t<a href='https:\/\/www.arquimaster.com.ar\/web\/wp-content\/uploads\/2020\/04\/casa_de_la_baldrufa18.jpg' title=\"Casa de La Baldrufa \/ Tiago do Vale Arquitectos (\u00a9 Jo\u00e3o Morgado)\" data-rl_title=\"Casa de La Baldrufa \/ Tiago do Vale Arquitectos (\u00a9 Jo\u00e3o Morgado)\" class=\"rl-gallery-link\" data-rl_caption=\"Casa de La Baldrufa \/ Tiago do Vale Arquitectos (\u00a9 Jo\u00e3o Morgado)\" data-rel=\"lightbox-gallery-1\"><img loading=\"lazy\" decoding=\"async\" width=\"150\" height=\"150\" src=\"https:\/\/www.arquimaster.com.ar\/web\/wp-content\/uploads\/2020\/04\/casa_de_la_baldrufa18-150x150.jpg\" class=\"attachment-thumbnail size-thumbnail\" alt=\"\" aria-describedby=\"gallery-1-55186\" srcset=\"https:\/\/www.arquimaster.com.ar\/web\/wp-content\/uploads\/2020\/04\/casa_de_la_baldrufa18-150x150.jpg 150w, https:\/\/www.arquimaster.com.ar\/web\/wp-content\/uploads\/2020\/04\/casa_de_la_baldrufa18-1024x1024.jpg 1024w, https:\/\/www.arquimaster.com.ar\/web\/wp-content\/uploads\/2020\/04\/casa_de_la_baldrufa18-768x768.jpg 768w, https:\/\/www.arquimaster.com.ar\/web\/wp-content\/uploads\/2020\/04\/casa_de_la_baldrufa18.jpg 1500w\" sizes=\"auto, (max-width: 150px) 100vw, 150px\" \/><\/a>\n\t\t\t<\/div>\n\t\t\t\t<figcaption class='wp-caption-text gallery-caption' id='gallery-1-55186'>\n\t\t\t\tCasa de La Baldrufa \/ Tiago do Vale Arquitectos (\u00a9 Jo\u00e3o Morgado)\n\t\t\t\t<\/figcaption><\/figure><figure class='gallery-item'>\n\t\t\t<div class='gallery-icon landscape'>\n\t\t\t\t<a href='https:\/\/www.arquimaster.com.ar\/web\/wp-content\/uploads\/2020\/04\/casa_de_la_baldrufa19.jpg' title=\"Casa de La Baldrufa \/ Tiago do Vale Arquitectos (\u00a9 Jo\u00e3o Morgado)\" data-rl_title=\"Casa de La Baldrufa \/ Tiago do Vale Arquitectos (\u00a9 Jo\u00e3o Morgado)\" class=\"rl-gallery-link\" data-rl_caption=\"Casa de La Baldrufa \/ Tiago do Vale Arquitectos (\u00a9 Jo\u00e3o Morgado)\" data-rel=\"lightbox-gallery-1\"><img loading=\"lazy\" decoding=\"async\" width=\"150\" height=\"150\" src=\"https:\/\/www.arquimaster.com.ar\/web\/wp-content\/uploads\/2020\/04\/casa_de_la_baldrufa19-150x150.jpg\" class=\"attachment-thumbnail size-thumbnail\" alt=\"\" aria-describedby=\"gallery-1-55187\" \/><\/a>\n\t\t\t<\/div>\n\t\t\t\t<figcaption class='wp-caption-text gallery-caption' id='gallery-1-55187'>\n\t\t\t\tCasa de La Baldrufa \/ Tiago do Vale Arquitectos (\u00a9 Jo\u00e3o Morgado)\n\t\t\t\t<\/figcaption><\/figure><figure class='gallery-item'>\n\t\t\t<div class='gallery-icon portrait'>\n\t\t\t\t<a href='https:\/\/www.arquimaster.com.ar\/web\/wp-content\/uploads\/2020\/04\/casa_de_la_baldrufa20.jpg' title=\"Casa de La Baldrufa \/ Tiago do Vale Arquitectos (\u00a9 Jo\u00e3o Morgado)\" data-rl_title=\"Casa de La Baldrufa \/ Tiago do Vale Arquitectos (\u00a9 Jo\u00e3o Morgado)\" class=\"rl-gallery-link\" data-rl_caption=\"Casa de La Baldrufa \/ Tiago do Vale Arquitectos (\u00a9 Jo\u00e3o Morgado)\" data-rel=\"lightbox-gallery-1\"><img loading=\"lazy\" decoding=\"async\" width=\"150\" height=\"150\" src=\"https:\/\/www.arquimaster.com.ar\/web\/wp-content\/uploads\/2020\/04\/casa_de_la_baldrufa20-150x150.jpg\" class=\"attachment-thumbnail size-thumbnail\" alt=\"\" aria-describedby=\"gallery-1-55188\" \/><\/a>\n\t\t\t<\/div>\n\t\t\t\t<figcaption class='wp-caption-text gallery-caption' id='gallery-1-55188'>\n\t\t\t\tCasa de La Baldrufa \/ Tiago do Vale Arquitectos (\u00a9 Jo\u00e3o Morgado)\n\t\t\t\t<\/figcaption><\/figure><figure class='gallery-item'>\n\t\t\t<div class='gallery-icon portrait'>\n\t\t\t\t<a href='https:\/\/www.arquimaster.com.ar\/web\/wp-content\/uploads\/2020\/04\/casa_de_la_baldrufa21.jpg' title=\"Casa de La Baldrufa \/ Tiago do Vale Arquitectos (\u00a9 Jo\u00e3o Morgado)\" data-rl_title=\"Casa de La Baldrufa \/ Tiago do Vale Arquitectos (\u00a9 Jo\u00e3o Morgado)\" class=\"rl-gallery-link\" data-rl_caption=\"Casa de La Baldrufa \/ Tiago do Vale Arquitectos (\u00a9 Jo\u00e3o Morgado)\" data-rel=\"lightbox-gallery-1\"><img loading=\"lazy\" decoding=\"async\" width=\"150\" height=\"150\" src=\"https:\/\/www.arquimaster.com.ar\/web\/wp-content\/uploads\/2020\/04\/casa_de_la_baldrufa21-150x150.jpg\" class=\"attachment-thumbnail size-thumbnail\" alt=\"\" aria-describedby=\"gallery-1-55189\" \/><\/a>\n\t\t\t<\/div>\n\t\t\t\t<figcaption class='wp-caption-text gallery-caption' id='gallery-1-55189'>\n\t\t\t\tCasa de La Baldrufa \/ Tiago do Vale Arquitectos (\u00a9 Jo\u00e3o Morgado)\n\t\t\t\t<\/figcaption><\/figure><figure class='gallery-item'>\n\t\t\t<div class='gallery-icon portrait'>\n\t\t\t\t<a href='https:\/\/www.arquimaster.com.ar\/web\/wp-content\/uploads\/2020\/04\/casa_de_la_baldrufa22.jpg' title=\"Casa de La Baldrufa \/ Tiago do Vale Arquitectos (\u00a9 Jo\u00e3o Morgado)\" data-rl_title=\"Casa de La Baldrufa \/ Tiago do Vale Arquitectos (\u00a9 Jo\u00e3o Morgado)\" class=\"rl-gallery-link\" data-rl_caption=\"Casa de La Baldrufa \/ Tiago do Vale Arquitectos (\u00a9 Jo\u00e3o Morgado)\" data-rel=\"lightbox-gallery-1\"><img loading=\"lazy\" decoding=\"async\" width=\"150\" height=\"150\" src=\"https:\/\/www.arquimaster.com.ar\/web\/wp-content\/uploads\/2020\/04\/casa_de_la_baldrufa22-150x150.jpg\" class=\"attachment-thumbnail size-thumbnail\" alt=\"\" aria-describedby=\"gallery-1-55190\" \/><\/a>\n\t\t\t<\/div>\n\t\t\t\t<figcaption class='wp-caption-text gallery-caption' id='gallery-1-55190'>\n\t\t\t\tCasa de La Baldrufa \/ Tiago do Vale Arquitectos (\u00a9 Jo\u00e3o Morgado)\n\t\t\t\t<\/figcaption><\/figure><figure class='gallery-item'>\n\t\t\t<div class='gallery-icon portrait'>\n\t\t\t\t<a href='https:\/\/www.arquimaster.com.ar\/web\/wp-content\/uploads\/2020\/04\/casa_de_la_baldrufa23.jpg' title=\"Casa de La Baldrufa \/ Tiago do Vale Arquitectos (\u00a9 Jo\u00e3o Morgado)\" data-rl_title=\"Casa de La Baldrufa \/ Tiago do Vale Arquitectos (\u00a9 Jo\u00e3o Morgado)\" class=\"rl-gallery-link\" data-rl_caption=\"Casa de La Baldrufa \/ Tiago do Vale Arquitectos (\u00a9 Jo\u00e3o Morgado)\" data-rel=\"lightbox-gallery-1\"><img loading=\"lazy\" decoding=\"async\" width=\"150\" height=\"150\" src=\"https:\/\/www.arquimaster.com.ar\/web\/wp-content\/uploads\/2020\/04\/casa_de_la_baldrufa23-150x150.jpg\" class=\"attachment-thumbnail size-thumbnail\" alt=\"\" aria-describedby=\"gallery-1-55191\" \/><\/a>\n\t\t\t<\/div>\n\t\t\t\t<figcaption class='wp-caption-text gallery-caption' id='gallery-1-55191'>\n\t\t\t\tCasa de La Baldrufa \/ Tiago do Vale Arquitectos (\u00a9 Jo\u00e3o Morgado)\n\t\t\t\t<\/figcaption><\/figure><figure class='gallery-item'>\n\t\t\t<div class='gallery-icon portrait'>\n\t\t\t\t<a href='https:\/\/www.arquimaster.com.ar\/web\/wp-content\/uploads\/2020\/04\/casa_de_la_baldrufa24.jpg' title=\"Casa de La Baldrufa \/ Tiago do Vale Arquitectos (\u00a9 Jo\u00e3o Morgado)\" data-rl_title=\"Casa de La Baldrufa \/ Tiago do Vale Arquitectos (\u00a9 Jo\u00e3o Morgado)\" class=\"rl-gallery-link\" data-rl_caption=\"Casa de La Baldrufa \/ Tiago do Vale Arquitectos (\u00a9 Jo\u00e3o Morgado)\" data-rel=\"lightbox-gallery-1\"><img loading=\"lazy\" decoding=\"async\" width=\"150\" height=\"150\" src=\"https:\/\/www.arquimaster.com.ar\/web\/wp-content\/uploads\/2020\/04\/casa_de_la_baldrufa24-150x150.jpg\" class=\"attachment-thumbnail size-thumbnail\" alt=\"\" aria-describedby=\"gallery-1-55192\" \/><\/a>\n\t\t\t<\/div>\n\t\t\t\t<figcaption class='wp-caption-text gallery-caption' id='gallery-1-55192'>\n\t\t\t\tCasa de La Baldrufa \/ Tiago do Vale Arquitectos (\u00a9 Jo\u00e3o Morgado)\n\t\t\t\t<\/figcaption><\/figure><figure class='gallery-item'>\n\t\t\t<div class='gallery-icon portrait'>\n\t\t\t\t<a href='https:\/\/www.arquimaster.com.ar\/web\/wp-content\/uploads\/2020\/04\/casa_de_la_baldrufa25.jpg' title=\"Casa de La Baldrufa \/ Tiago do Vale Arquitectos (\u00a9 Jo\u00e3o Morgado)\" data-rl_title=\"Casa de La Baldrufa \/ Tiago do Vale Arquitectos (\u00a9 Jo\u00e3o Morgado)\" class=\"rl-gallery-link\" data-rl_caption=\"Casa de La Baldrufa \/ Tiago do Vale Arquitectos (\u00a9 Jo\u00e3o Morgado)\" data-rel=\"lightbox-gallery-1\"><img loading=\"lazy\" decoding=\"async\" width=\"150\" height=\"150\" src=\"https:\/\/www.arquimaster.com.ar\/web\/wp-content\/uploads\/2020\/04\/casa_de_la_baldrufa25-150x150.jpg\" class=\"attachment-thumbnail size-thumbnail\" alt=\"\" aria-describedby=\"gallery-1-55193\" \/><\/a>\n\t\t\t<\/div>\n\t\t\t\t<figcaption class='wp-caption-text gallery-caption' id='gallery-1-55193'>\n\t\t\t\tCasa de La Baldrufa \/ Tiago do Vale Arquitectos (\u00a9 Jo\u00e3o Morgado)\n\t\t\t\t<\/figcaption><\/figure><figure class='gallery-item'>\n\t\t\t<div class='gallery-icon portrait'>\n\t\t\t\t<a href='https:\/\/www.arquimaster.com.ar\/web\/wp-content\/uploads\/2020\/04\/casa_de_la_baldrufa26.jpg' title=\"Casa de La Baldrufa \/ Tiago do Vale Arquitectos (\u00a9 Jo\u00e3o Morgado)\" data-rl_title=\"Casa de La Baldrufa \/ Tiago do Vale Arquitectos (\u00a9 Jo\u00e3o Morgado)\" class=\"rl-gallery-link\" data-rl_caption=\"Casa de La Baldrufa \/ Tiago do Vale Arquitectos (\u00a9 Jo\u00e3o Morgado)\" data-rel=\"lightbox-gallery-1\"><img loading=\"lazy\" decoding=\"async\" width=\"150\" height=\"150\" src=\"https:\/\/www.arquimaster.com.ar\/web\/wp-content\/uploads\/2020\/04\/casa_de_la_baldrufa26-150x150.jpg\" class=\"attachment-thumbnail size-thumbnail\" alt=\"\" aria-describedby=\"gallery-1-55194\" \/><\/a>\n\t\t\t<\/div>\n\t\t\t\t<figcaption class='wp-caption-text gallery-caption' id='gallery-1-55194'>\n\t\t\t\tCasa de La Baldrufa \/ Tiago do Vale Arquitectos (\u00a9 Jo\u00e3o Morgado)\n\t\t\t\t<\/figcaption><\/figure><figure class='gallery-item'>\n\t\t\t<div class='gallery-icon portrait'>\n\t\t\t\t<a href='https:\/\/www.arquimaster.com.ar\/web\/wp-content\/uploads\/2020\/04\/casa_de_la_baldrufa27.jpg' title=\"Casa de La Baldrufa \/ Tiago do Vale Arquitectos (\u00a9 Jo\u00e3o Morgado)\" data-rl_title=\"Casa de La Baldrufa \/ Tiago do Vale Arquitectos (\u00a9 Jo\u00e3o Morgado)\" class=\"rl-gallery-link\" data-rl_caption=\"Casa de La Baldrufa \/ Tiago do Vale Arquitectos (\u00a9 Jo\u00e3o Morgado)\" data-rel=\"lightbox-gallery-1\"><img loading=\"lazy\" decoding=\"async\" width=\"150\" height=\"150\" src=\"https:\/\/www.arquimaster.com.ar\/web\/wp-content\/uploads\/2020\/04\/casa_de_la_baldrufa27-150x150.jpg\" class=\"attachment-thumbnail size-thumbnail\" alt=\"\" aria-describedby=\"gallery-1-55195\" \/><\/a>\n\t\t\t<\/div>\n\t\t\t\t<figcaption class='wp-caption-text gallery-caption' id='gallery-1-55195'>\n\t\t\t\tCasa de La Baldrufa \/ Tiago do Vale Arquitectos (\u00a9 Jo\u00e3o Morgado)\n\t\t\t\t<\/figcaption><\/figure><figure class='gallery-item'>\n\t\t\t<div class='gallery-icon portrait'>\n\t\t\t\t<a href='https:\/\/www.arquimaster.com.ar\/web\/wp-content\/uploads\/2020\/04\/casa_de_la_baldrufa28.jpg' title=\"Casa de La Baldrufa \/ Tiago do Vale Arquitectos (\u00a9 Jo\u00e3o Morgado)\" data-rl_title=\"Casa de La Baldrufa \/ Tiago do Vale Arquitectos (\u00a9 Jo\u00e3o Morgado)\" class=\"rl-gallery-link\" data-rl_caption=\"Casa de La Baldrufa \/ Tiago do Vale Arquitectos (\u00a9 Jo\u00e3o Morgado)\" data-rel=\"lightbox-gallery-1\"><img loading=\"lazy\" decoding=\"async\" width=\"150\" height=\"150\" src=\"https:\/\/www.arquimaster.com.ar\/web\/wp-content\/uploads\/2020\/04\/casa_de_la_baldrufa28-150x150.jpg\" class=\"attachment-thumbnail size-thumbnail\" alt=\"\" aria-describedby=\"gallery-1-55196\" \/><\/a>\n\t\t\t<\/div>\n\t\t\t\t<figcaption class='wp-caption-text gallery-caption' id='gallery-1-55196'>\n\t\t\t\tCasa de La Baldrufa \/ Tiago do Vale Arquitectos (\u00a9 Jo\u00e3o Morgado)\n\t\t\t\t<\/figcaption><\/figure><figure class='gallery-item'>\n\t\t\t<div class='gallery-icon portrait'>\n\t\t\t\t<a href='https:\/\/www.arquimaster.com.ar\/web\/wp-content\/uploads\/2020\/04\/casa_de_la_baldrufa29.jpg' title=\"Casa de La Baldrufa \/ Tiago do Vale Arquitectos (\u00a9 Jo\u00e3o Morgado)\" data-rl_title=\"Casa de La Baldrufa \/ Tiago do Vale Arquitectos (\u00a9 Jo\u00e3o Morgado)\" class=\"rl-gallery-link\" data-rl_caption=\"Casa de La Baldrufa \/ Tiago do Vale Arquitectos (\u00a9 Jo\u00e3o Morgado)\" data-rel=\"lightbox-gallery-1\"><img loading=\"lazy\" decoding=\"async\" width=\"150\" height=\"150\" src=\"https:\/\/www.arquimaster.com.ar\/web\/wp-content\/uploads\/2020\/04\/casa_de_la_baldrufa29-150x150.jpg\" class=\"attachment-thumbnail size-thumbnail\" alt=\"\" aria-describedby=\"gallery-1-55197\" \/><\/a>\n\t\t\t<\/div>\n\t\t\t\t<figcaption class='wp-caption-text gallery-caption' id='gallery-1-55197'>\n\t\t\t\tCasa de La Baldrufa \/ Tiago do Vale Arquitectos (\u00a9 Jo\u00e3o Morgado)\n\t\t\t\t<\/figcaption><\/figure><figure class='gallery-item'>\n\t\t\t<div class='gallery-icon landscape'>\n\t\t\t\t<a href='https:\/\/www.arquimaster.com.ar\/web\/wp-content\/uploads\/2020\/04\/casa_de_la_baldrufa30.jpg' title=\"Casa de La Baldrufa \/ Tiago do Vale Arquitectos (planta baja)\" data-rl_title=\"Casa de La Baldrufa \/ Tiago do Vale Arquitectos (planta baja)\" class=\"rl-gallery-link\" data-rl_caption=\"Casa de La Baldrufa \/ Tiago do Vale Arquitectos (planta baja)\" data-rel=\"lightbox-gallery-1\"><img loading=\"lazy\" decoding=\"async\" width=\"150\" height=\"150\" src=\"https:\/\/www.arquimaster.com.ar\/web\/wp-content\/uploads\/2020\/04\/casa_de_la_baldrufa30-150x150.jpg\" class=\"attachment-thumbnail size-thumbnail\" alt=\"\" aria-describedby=\"gallery-1-55198\" \/><\/a>\n\t\t\t<\/div>\n\t\t\t\t<figcaption class='wp-caption-text gallery-caption' id='gallery-1-55198'>\n\t\t\t\tCasa de La Baldrufa \/ Tiago do Vale Arquitectos (planta baja)\n\t\t\t\t<\/figcaption><\/figure><figure class='gallery-item'>\n\t\t\t<div class='gallery-icon landscape'>\n\t\t\t\t<a href='https:\/\/www.arquimaster.com.ar\/web\/wp-content\/uploads\/2020\/04\/casa_de_la_baldrufa31.jpg' title=\"Casa de La Baldrufa \/ Tiago do Vale Arquitectos (planta alta)\" data-rl_title=\"Casa de La Baldrufa \/ Tiago do Vale Arquitectos (planta alta)\" class=\"rl-gallery-link\" data-rl_caption=\"Casa de La Baldrufa \/ Tiago do Vale Arquitectos (planta alta)\" data-rel=\"lightbox-gallery-1\"><img loading=\"lazy\" decoding=\"async\" width=\"150\" height=\"150\" src=\"https:\/\/www.arquimaster.com.ar\/web\/wp-content\/uploads\/2020\/04\/casa_de_la_baldrufa31-150x150.jpg\" class=\"attachment-thumbnail size-thumbnail\" alt=\"\" aria-describedby=\"gallery-1-55199\" \/><\/a>\n\t\t\t<\/div>\n\t\t\t\t<figcaption class='wp-caption-text gallery-caption' id='gallery-1-55199'>\n\t\t\t\tCasa de La Baldrufa \/ Tiago do Vale Arquitectos (planta alta)\n\t\t\t\t<\/figcaption><\/figure><figure class='gallery-item'>\n\t\t\t<div class='gallery-icon landscape'>\n\t\t\t\t<a href='https:\/\/www.arquimaster.com.ar\/web\/wp-content\/uploads\/2020\/04\/casa_de_la_baldrufa32.jpg' title=\"Casa de La Baldrufa \/ Tiago do Vale Arquitectos (corte)\" data-rl_title=\"Casa de La Baldrufa \/ Tiago do Vale Arquitectos (corte)\" class=\"rl-gallery-link\" data-rl_caption=\"Casa de La Baldrufa \/ Tiago do Vale Arquitectos (corte)\" data-rel=\"lightbox-gallery-1\"><img loading=\"lazy\" decoding=\"async\" width=\"150\" height=\"150\" src=\"https:\/\/www.arquimaster.com.ar\/web\/wp-content\/uploads\/2020\/04\/casa_de_la_baldrufa32-150x150.jpg\" class=\"attachment-thumbnail size-thumbnail\" alt=\"\" aria-describedby=\"gallery-1-55200\" \/><\/a>\n\t\t\t<\/div>\n\t\t\t\t<figcaption class='wp-caption-text gallery-caption' id='gallery-1-55200'>\n\t\t\t\tCasa de La Baldrufa \/ Tiago do Vale Arquitectos (corte)\n\t\t\t\t<\/figcaption><\/figure>\n\t\t<\/div>\n\n<p>Las ideas principales de esta reforma interior fueron dos. Por un lado reorganizar su distribuci\u00f3n program\u00e1tica con mayor eficiencia para crear un nuevo espacio capaz de ser utilizado como oficina informal o habitaci\u00f3n de recurso. Y, por otro lado, reservar las fachadas para espacios primarios (cocina, salas de estar y comedor, habitaciones), reubicando los servicios en el \u00e1rea central de la planta.<\/p>\n<p>Estos objetivos se han logrado optimizando cada metro cuadrado de superficie y minimizando las \u00e1reas perdidas en pasillos, zonas de paso o irregularidades, y ajustando cada espacio al sobre m\u00ednimo seg\u00fan el espacio requerido. De este modo, se ha podido reducir la implantaci\u00f3n de algunos espacios, favoreciendo as\u00ed otros con superficies inicialmente insuficientes.<\/p>\n<p>En consecuencia, para responder al uso intenso de las \u00e1reas de construcci\u00f3n, se ha optado por un enfoque minimalista, insistiendo en superficies limpias y blancas capaces de maximizar tanto la sensaci\u00f3n de espacio como la forma como la luz recorre todo el conjunto.<\/p>\n<p>La organizaci\u00f3n de esta vivienda es pragm\u00e1tica, con un enfoque sistem\u00e1tico sobre c\u00f3mo utilizar y vivir cada espacio -y su intensidad- as\u00ed como la forma de relacionarse cada espacio con los dem\u00e1s dentro de los flujos, rutinas y circuitos del d\u00eda a d\u00eda.<\/p>\n<p>Es, sin embargo, un dise\u00f1o inscrito intr\u00ednsecamente en la cultura arquitect\u00f3nica portuguesa, tanto en lo que respecta a su distribuci\u00f3n como a sus materiales, con suelos de roble en todos los pisos y m\u00e1rmol de Estremoz en las zonas h\u00famedas.<\/p>\n<p>A pesar de estar basado en la idea de extraer el m\u00e1ximo rendimiento de su sobre fijo, este proyecto ha puesto especial atenci\u00f3n en cada detalle (con un gran cuidado por el dise\u00f1o de la carpinter\u00eda), introduciendo peque\u00f1os momentos de sorpresa y contemplaci\u00f3n en su arquitectura, enriqueciendo y animando la experiencia dom\u00e9stica.<\/p>\n<p>El resultado es una experiencia arquitect\u00f3nica serena, capaz de sacar el m\u00e1ximo partido al potencial de la construcci\u00f3n.<\/p>\n<p><strong>Ficha t\u00e9cnica<\/strong><br>Nombre: Casa de La Baldrufa<br>Ubicaci\u00f3n: Ponte de Lima, Portugal<br>Arquitectura: Tiago do Vale Arquitectos<br>Equipo de Proyecto: Tiago do Vale, Florisa Novo Rodrigues, Camille Martin, Adele Pinna, Teresa Vilar, Clementina Silva, Hugo Quintela, Adriana Gomes<br>Cliente: Filipa Abreu, Bruno Vale<br>Construcci\u00f3n: Vaz &amp; Barbosa L.da<br>A\u00f1o de construcci\u00f3n: 2019-2020<br>\u00c1rea de implantaci\u00f3n: 101 m2<br>\u00c1rea de construcci\u00f3n: 240 m2<br>A\u00f1o de proyecto: 2018<br>Fotograf\u00eda: Jo\u00e3o Morgado<\/p>\n<p><strong>Contacto<\/strong><br><a href=\"http:\/\/www.tiagodovale.com\/portfolio\/baldrufa\/\" target=\"_blank\" rel=\"noopener noreferrer\">http:\/\/www.tiagodovale.com<\/a><\/p>\n\n\n<div style=\"height:20px\" aria-hidden=\"true\" class=\"wp-block-spacer\"><\/div>\n\n\n<p><strong><em>English version<\/em><\/strong><\/p>\n<p><strong><em>Baldrufa Townhouse<\/em><\/strong><br><em>(A Peaceful, Minimal Home)<\/em><\/p>\n<p><em>The purpose of this interior redesign for a recently built townhouse was to extract the maximum potential from the building characteristics, increasing both its functional capacity and the quality of its use.<\/em><\/p>\n<p><em>Originally featuring two bedrooms and a suite, this townhouse has two fronts (facing towards the east and the west) with a narrow and deep plan, turning both fa\u00e7ades into valuable real-estate.<\/em><\/p>\n<p><em>There were two main intentions for this interior renovation: on one hand to reorganize the layout in a more efficient way making possible a fourth space that could be used as an informal office or as a makeshift bedroom; on the other, to reserve the fronts for the primary spaces (kitchen, living and dining room, bedrooms), repositioning the services in the central area of the plan.<\/em><\/p>\n<p><em>This was achieved by optimizing every square meter of surface, minimizing areas lost to circulation or irregular layouts, and adjusting each space to the minimal envelope its use required (allowing to decrease the original footprint of some spaces while increasing those with insufficient proposed areas).<\/em><\/p>\n<p><em>Therefore, in order to balance the intensive use of the construction areas, a very minimal approach was devised, insisting in clean white surfaces to maximize both the sense of space and how light travels throughout the house.<\/em><\/p>\n<p><em>This townhouse&#8217;s plan organization is a pragmatic one, with a systematic approach to how -and with how much intensity- each space is used and lived, and how it interacts with other spaces in the context of the house fluxes, routines and circuits in the day-to-day life.<\/em><\/p>\n<p><em>It is, though, a design very much inscribed in the Portuguese architectural culture both in its organization and materials, with oak flooring throughout and Estremoz marble on the wet areas.<\/em><\/p>\n<p><em>Even if conformed by the desire to extract the utmost performance from its fixed envelope, obsessive care was put into every detail (with an intense focus on carpentry design), inscribing small moments of surprise and wonder in the architecture, joyfully enriching the experience of the home.<\/em><\/p>\n<p><em>The end result constitutes a soothingly serene architectural experience that maximizes the building&#8217;s potential.<\/em><\/p>\n\n\n<p><\/p>\n\n<div style=\"font-size: 0px; height: 0px; line-height: 0px; margin: 0; padding: 0; clear: both;\"><\/div><div style=\"margin-top: 0px; margin-bottom: 0px;\" class=\"sharethis-inline-share-buttons\" ><\/div>","protected":false},"excerpt":{"rendered":"<p>Una experiencia arquitect\u00f3nica serena, capaz de sacar el m\u00e1ximo partido al potencial&#8230;<\/p>\n","protected":false},"author":1,"featured_media":55168,"comment_status":"closed","ping_status":"closed","sticky":false,"template":"","format":"standard","meta":{"_uag_custom_page_level_css":"","footnotes":""},"categories":[1,83],"tags":[2153,5128,671,5127,91],"class_list":["post-55167","post","type-post","status-publish","format-standard","has-post-thumbnail","hentry","category-proyecto","category-vivienda-unifamiliar","tag-minimalismo","tag-ponte-de-lima","tag-portugal","tag-tiago-do-vale-arquitectos","tag-vivienda-multifamiliar","generate-columns","tablet-grid-50","mobile-grid-100","grid-parent","grid-50"],"yoast_head":"<!-- This site is optimized with the Yoast SEO plugin v27.3 - https:\/\/yoast.com\/product\/yoast-seo-wordpress\/ -->\n<title>Casa de La Baldrufa \/ Tiago do Vale Arquitectos - Arquimaster<\/title>\n<meta name=\"description\" content=\"Una experiencia arquitect\u00f3nica serena, capaz de sacar el m\u00e1ximo partido al potencial de la construcci\u00f3n.\" \/>\n<meta name=\"robots\" content=\"index, follow, max-snippet:-1, max-image-preview:large, max-video-preview:-1\" \/>\n<link rel=\"canonical\" href=\"https:\/\/www.arquimaster.com.ar\/web\/casa-de-la-baldrufa-tiago-do-vale-arquitectos\/\" \/>\n<meta property=\"og:locale\" content=\"es_ES\" \/>\n<meta property=\"og:type\" content=\"article\" \/>\n<meta property=\"og:title\" content=\"Casa de La Baldrufa \/ Tiago do Vale Arquitectos\" \/>\n<meta property=\"og:description\" content=\"Una experiencia arquitect\u00f3nica serena, capaz de sacar el m\u00e1ximo partido al potencial de la construcci\u00f3n.\" \/>\n<meta property=\"og:url\" content=\"https:\/\/www.arquimaster.com.ar\/web\/casa-de-la-baldrufa-tiago-do-vale-arquitectos\/\" \/>\n<meta property=\"og:site_name\" content=\"Arquimaster\" \/>\n<meta property=\"article:publisher\" content=\"http:\/\/www.facebook.com\/ARQUIMASTER.com.ar\" \/>\n<meta property=\"article:published_time\" content=\"2020-04-30T04:10:49+00:00\" \/>\n<meta property=\"article:modified_time\" content=\"2020-04-30T20:58:40+00:00\" \/>\n<meta property=\"og:image\" content=\"https:\/\/www.arquimaster.com.ar\/web\/wp-content\/uploads\/2020\/04\/casa_de_la_baldrufa_slide.jpg\" \/>\n\t<meta property=\"og:image:width\" content=\"698\" \/>\n\t<meta property=\"og:image:height\" content=\"364\" \/>\n\t<meta property=\"og:image:type\" content=\"image\/jpeg\" \/>\n<meta name=\"author\" content=\"Arquimaster\" \/>\n<meta name=\"twitter:card\" content=\"summary_large_image\" \/>\n<meta name=\"twitter:title\" content=\"Casa de La Baldrufa \/ Tiago do Vale Arquitectos\" \/>\n<meta name=\"twitter:description\" content=\"Una experiencia arquitect\u00f3nica serena, capaz de sacar el m\u00e1ximo partido al potencial de la construcci\u00f3n.\" \/>\n<meta name=\"twitter:image\" content=\"https:\/\/www.arquimaster.com.ar\/web\/wp-content\/uploads\/2020\/04\/casa_de_la_baldrufa_slide.jpg\" \/>\n<meta name=\"twitter:creator\" content=\"@arquimaster\" \/>\n<meta name=\"twitter:site\" content=\"@arquimaster\" \/>\n<meta name=\"twitter:label1\" content=\"Escrito por\" \/>\n\t<meta name=\"twitter:data1\" content=\"Arquimaster\" \/>\n\t<meta name=\"twitter:label2\" content=\"Tiempo de lectura\" \/>\n\t<meta name=\"twitter:data2\" content=\"4 minutos\" \/>\n<script type=\"application\/ld+json\" class=\"yoast-schema-graph\">{\"@context\":\"https:\\\/\\\/schema.org\",\"@graph\":[{\"@type\":\"Article\",\"@id\":\"https:\\\/\\\/www.arquimaster.com.ar\\\/web\\\/casa-de-la-baldrufa-tiago-do-vale-arquitectos\\\/#article\",\"isPartOf\":{\"@id\":\"https:\\\/\\\/www.arquimaster.com.ar\\\/web\\\/casa-de-la-baldrufa-tiago-do-vale-arquitectos\\\/\"},\"author\":{\"name\":\"Arquimaster\",\"@id\":\"https:\\\/\\\/www.arquimaster.com.ar\\\/web\\\/#\\\/schema\\\/person\\\/359e9f7c00193fcde068e0dd2ceb0028\"},\"headline\":\"Casa de La Baldrufa \\\/ Tiago do Vale Arquitectos\",\"datePublished\":\"2020-04-30T04:10:49+00:00\",\"dateModified\":\"2020-04-30T20:58:40+00:00\",\"mainEntityOfPage\":{\"@id\":\"https:\\\/\\\/www.arquimaster.com.ar\\\/web\\\/casa-de-la-baldrufa-tiago-do-vale-arquitectos\\\/\"},\"wordCount\":878,\"publisher\":{\"@id\":\"https:\\\/\\\/www.arquimaster.com.ar\\\/web\\\/#organization\"},\"image\":{\"@id\":\"https:\\\/\\\/www.arquimaster.com.ar\\\/web\\\/casa-de-la-baldrufa-tiago-do-vale-arquitectos\\\/#primaryimage\"},\"thumbnailUrl\":\"https:\\\/\\\/www.arquimaster.com.ar\\\/web\\\/wp-content\\\/uploads\\\/2020\\\/04\\\/casa_de_la_baldrufa_slide.jpg\",\"keywords\":[\"minimalismo\",\"Ponte de Lima\",\"Portugal\",\"Tiago Do Vale Arquitectos\",\"vivienda multifamiliar\"],\"articleSection\":[\"Proyecto\",\"Vivienda unifamiliar y PH\"],\"inLanguage\":\"es\"},{\"@type\":\"WebPage\",\"@id\":\"https:\\\/\\\/www.arquimaster.com.ar\\\/web\\\/casa-de-la-baldrufa-tiago-do-vale-arquitectos\\\/\",\"url\":\"https:\\\/\\\/www.arquimaster.com.ar\\\/web\\\/casa-de-la-baldrufa-tiago-do-vale-arquitectos\\\/\",\"name\":\"Casa de La Baldrufa \\\/ Tiago do Vale Arquitectos - Arquimaster\",\"isPartOf\":{\"@id\":\"https:\\\/\\\/www.arquimaster.com.ar\\\/web\\\/#website\"},\"primaryImageOfPage\":{\"@id\":\"https:\\\/\\\/www.arquimaster.com.ar\\\/web\\\/casa-de-la-baldrufa-tiago-do-vale-arquitectos\\\/#primaryimage\"},\"image\":{\"@id\":\"https:\\\/\\\/www.arquimaster.com.ar\\\/web\\\/casa-de-la-baldrufa-tiago-do-vale-arquitectos\\\/#primaryimage\"},\"thumbnailUrl\":\"https:\\\/\\\/www.arquimaster.com.ar\\\/web\\\/wp-content\\\/uploads\\\/2020\\\/04\\\/casa_de_la_baldrufa_slide.jpg\",\"datePublished\":\"2020-04-30T04:10:49+00:00\",\"dateModified\":\"2020-04-30T20:58:40+00:00\",\"description\":\"Una experiencia arquitect\u00f3nica serena, capaz de sacar el m\u00e1ximo partido al potencial de la construcci\u00f3n.\",\"breadcrumb\":{\"@id\":\"https:\\\/\\\/www.arquimaster.com.ar\\\/web\\\/casa-de-la-baldrufa-tiago-do-vale-arquitectos\\\/#breadcrumb\"},\"inLanguage\":\"es\",\"potentialAction\":[{\"@type\":\"ReadAction\",\"target\":[\"https:\\\/\\\/www.arquimaster.com.ar\\\/web\\\/casa-de-la-baldrufa-tiago-do-vale-arquitectos\\\/\"]}]},{\"@type\":\"ImageObject\",\"inLanguage\":\"es\",\"@id\":\"https:\\\/\\\/www.arquimaster.com.ar\\\/web\\\/casa-de-la-baldrufa-tiago-do-vale-arquitectos\\\/#primaryimage\",\"url\":\"https:\\\/\\\/www.arquimaster.com.ar\\\/web\\\/wp-content\\\/uploads\\\/2020\\\/04\\\/casa_de_la_baldrufa_slide.jpg\",\"contentUrl\":\"https:\\\/\\\/www.arquimaster.com.ar\\\/web\\\/wp-content\\\/uploads\\\/2020\\\/04\\\/casa_de_la_baldrufa_slide.jpg\",\"width\":698,\"height\":364},{\"@type\":\"BreadcrumbList\",\"@id\":\"https:\\\/\\\/www.arquimaster.com.ar\\\/web\\\/casa-de-la-baldrufa-tiago-do-vale-arquitectos\\\/#breadcrumb\",\"itemListElement\":[{\"@type\":\"ListItem\",\"position\":1,\"name\":\"Portada\",\"item\":\"https:\\\/\\\/www.arquimaster.com.ar\\\/web\\\/\"},{\"@type\":\"ListItem\",\"position\":2,\"name\":\"Casa de La Baldrufa \\\/ Tiago do Vale Arquitectos\"}]},{\"@type\":\"WebSite\",\"@id\":\"https:\\\/\\\/www.arquimaster.com.ar\\\/web\\\/#website\",\"url\":\"https:\\\/\\\/www.arquimaster.com.ar\\\/web\\\/\",\"name\":\"Arquimaster\",\"description\":\"Web de arquitectura, dise\u00f1o y construccion\",\"publisher\":{\"@id\":\"https:\\\/\\\/www.arquimaster.com.ar\\\/web\\\/#organization\"},\"potentialAction\":[{\"@type\":\"SearchAction\",\"target\":{\"@type\":\"EntryPoint\",\"urlTemplate\":\"https:\\\/\\\/www.arquimaster.com.ar\\\/web\\\/?s={search_term_string}\"},\"query-input\":{\"@type\":\"PropertyValueSpecification\",\"valueRequired\":true,\"valueName\":\"search_term_string\"}}],\"inLanguage\":\"es\"},{\"@type\":\"Organization\",\"@id\":\"https:\\\/\\\/www.arquimaster.com.ar\\\/web\\\/#organization\",\"name\":\"Arquimaster\",\"url\":\"https:\\\/\\\/www.arquimaster.com.ar\\\/web\\\/\",\"logo\":{\"@type\":\"ImageObject\",\"inLanguage\":\"es\",\"@id\":\"https:\\\/\\\/www.arquimaster.com.ar\\\/web\\\/#\\\/schema\\\/logo\\\/image\\\/\",\"url\":\"https:\\\/\\\/www.arquimaster.com.ar\\\/web\\\/wp-content\\\/uploads\\\/2022\\\/06\\\/arquimaster.png\",\"contentUrl\":\"https:\\\/\\\/www.arquimaster.com.ar\\\/web\\\/wp-content\\\/uploads\\\/2022\\\/06\\\/arquimaster.png\",\"width\":594,\"height\":78,\"caption\":\"Arquimaster\"},\"image\":{\"@id\":\"https:\\\/\\\/www.arquimaster.com.ar\\\/web\\\/#\\\/schema\\\/logo\\\/image\\\/\"},\"sameAs\":[\"http:\\\/\\\/www.facebook.com\\\/ARQUIMASTER.com.ar\",\"https:\\\/\\\/x.com\\\/arquimaster\",\"https:\\\/\\\/www.instagram.com\\\/arquimasterblog\\\/\",\"https:\\\/\\\/www.linkedin.com\\\/company\\\/arquimaster\",\"https:\\\/\\\/www.pinterest.com\\\/arquimaster\",\"https:\\\/\\\/t.me\\\/arquimaster\"]},{\"@type\":\"Person\",\"@id\":\"https:\\\/\\\/www.arquimaster.com.ar\\\/web\\\/#\\\/schema\\\/person\\\/359e9f7c00193fcde068e0dd2ceb0028\",\"name\":\"Arquimaster\"}]}<\/script>\n<!-- \/ Yoast SEO plugin. -->","yoast_head_json":{"title":"Casa de La Baldrufa \/ Tiago do Vale Arquitectos - Arquimaster","description":"Una experiencia arquitect\u00f3nica serena, capaz de sacar el m\u00e1ximo partido al potencial de la construcci\u00f3n.","robots":{"index":"index","follow":"follow","max-snippet":"max-snippet:-1","max-image-preview":"max-image-preview:large","max-video-preview":"max-video-preview:-1"},"canonical":"https:\/\/www.arquimaster.com.ar\/web\/casa-de-la-baldrufa-tiago-do-vale-arquitectos\/","og_locale":"es_ES","og_type":"article","og_title":"Casa de La Baldrufa \/ Tiago do Vale Arquitectos","og_description":"Una experiencia arquitect\u00f3nica serena, capaz de sacar el m\u00e1ximo partido al potencial de la construcci\u00f3n.","og_url":"https:\/\/www.arquimaster.com.ar\/web\/casa-de-la-baldrufa-tiago-do-vale-arquitectos\/","og_site_name":"Arquimaster","article_publisher":"http:\/\/www.facebook.com\/ARQUIMASTER.com.ar","article_published_time":"2020-04-30T04:10:49+00:00","article_modified_time":"2020-04-30T20:58:40+00:00","og_image":[{"width":698,"height":364,"url":"https:\/\/www.arquimaster.com.ar\/web\/wp-content\/uploads\/2020\/04\/casa_de_la_baldrufa_slide.jpg","type":"image\/jpeg"}],"author":"Arquimaster","twitter_card":"summary_large_image","twitter_title":"Casa de La Baldrufa \/ Tiago do Vale Arquitectos","twitter_description":"Una experiencia arquitect\u00f3nica serena, capaz de sacar el m\u00e1ximo partido al potencial de la construcci\u00f3n.","twitter_image":"https:\/\/www.arquimaster.com.ar\/web\/wp-content\/uploads\/2020\/04\/casa_de_la_baldrufa_slide.jpg","twitter_creator":"@arquimaster","twitter_site":"@arquimaster","twitter_misc":{"Escrito por":"Arquimaster","Tiempo de lectura":"4 minutos"},"schema":{"@context":"https:\/\/schema.org","@graph":[{"@type":"Article","@id":"https:\/\/www.arquimaster.com.ar\/web\/casa-de-la-baldrufa-tiago-do-vale-arquitectos\/#article","isPartOf":{"@id":"https:\/\/www.arquimaster.com.ar\/web\/casa-de-la-baldrufa-tiago-do-vale-arquitectos\/"},"author":{"name":"Arquimaster","@id":"https:\/\/www.arquimaster.com.ar\/web\/#\/schema\/person\/359e9f7c00193fcde068e0dd2ceb0028"},"headline":"Casa de La Baldrufa \/ Tiago do Vale Arquitectos","datePublished":"2020-04-30T04:10:49+00:00","dateModified":"2020-04-30T20:58:40+00:00","mainEntityOfPage":{"@id":"https:\/\/www.arquimaster.com.ar\/web\/casa-de-la-baldrufa-tiago-do-vale-arquitectos\/"},"wordCount":878,"publisher":{"@id":"https:\/\/www.arquimaster.com.ar\/web\/#organization"},"image":{"@id":"https:\/\/www.arquimaster.com.ar\/web\/casa-de-la-baldrufa-tiago-do-vale-arquitectos\/#primaryimage"},"thumbnailUrl":"https:\/\/www.arquimaster.com.ar\/web\/wp-content\/uploads\/2020\/04\/casa_de_la_baldrufa_slide.jpg","keywords":["minimalismo","Ponte de Lima","Portugal","Tiago Do Vale Arquitectos","vivienda multifamiliar"],"articleSection":["Proyecto","Vivienda unifamiliar y PH"],"inLanguage":"es"},{"@type":"WebPage","@id":"https:\/\/www.arquimaster.com.ar\/web\/casa-de-la-baldrufa-tiago-do-vale-arquitectos\/","url":"https:\/\/www.arquimaster.com.ar\/web\/casa-de-la-baldrufa-tiago-do-vale-arquitectos\/","name":"Casa de La Baldrufa \/ Tiago do Vale Arquitectos - Arquimaster","isPartOf":{"@id":"https:\/\/www.arquimaster.com.ar\/web\/#website"},"primaryImageOfPage":{"@id":"https:\/\/www.arquimaster.com.ar\/web\/casa-de-la-baldrufa-tiago-do-vale-arquitectos\/#primaryimage"},"image":{"@id":"https:\/\/www.arquimaster.com.ar\/web\/casa-de-la-baldrufa-tiago-do-vale-arquitectos\/#primaryimage"},"thumbnailUrl":"https:\/\/www.arquimaster.com.ar\/web\/wp-content\/uploads\/2020\/04\/casa_de_la_baldrufa_slide.jpg","datePublished":"2020-04-30T04:10:49+00:00","dateModified":"2020-04-30T20:58:40+00:00","description":"Una experiencia arquitect\u00f3nica serena, capaz de sacar el m\u00e1ximo partido al potencial de la construcci\u00f3n.","breadcrumb":{"@id":"https:\/\/www.arquimaster.com.ar\/web\/casa-de-la-baldrufa-tiago-do-vale-arquitectos\/#breadcrumb"},"inLanguage":"es","potentialAction":[{"@type":"ReadAction","target":["https:\/\/www.arquimaster.com.ar\/web\/casa-de-la-baldrufa-tiago-do-vale-arquitectos\/"]}]},{"@type":"ImageObject","inLanguage":"es","@id":"https:\/\/www.arquimaster.com.ar\/web\/casa-de-la-baldrufa-tiago-do-vale-arquitectos\/#primaryimage","url":"https:\/\/www.arquimaster.com.ar\/web\/wp-content\/uploads\/2020\/04\/casa_de_la_baldrufa_slide.jpg","contentUrl":"https:\/\/www.arquimaster.com.ar\/web\/wp-content\/uploads\/2020\/04\/casa_de_la_baldrufa_slide.jpg","width":698,"height":364},{"@type":"BreadcrumbList","@id":"https:\/\/www.arquimaster.com.ar\/web\/casa-de-la-baldrufa-tiago-do-vale-arquitectos\/#breadcrumb","itemListElement":[{"@type":"ListItem","position":1,"name":"Portada","item":"https:\/\/www.arquimaster.com.ar\/web\/"},{"@type":"ListItem","position":2,"name":"Casa de La Baldrufa \/ Tiago do Vale Arquitectos"}]},{"@type":"WebSite","@id":"https:\/\/www.arquimaster.com.ar\/web\/#website","url":"https:\/\/www.arquimaster.com.ar\/web\/","name":"Arquimaster","description":"Web de arquitectura, dise\u00f1o y construccion","publisher":{"@id":"https:\/\/www.arquimaster.com.ar\/web\/#organization"},"potentialAction":[{"@type":"SearchAction","target":{"@type":"EntryPoint","urlTemplate":"https:\/\/www.arquimaster.com.ar\/web\/?s={search_term_string}"},"query-input":{"@type":"PropertyValueSpecification","valueRequired":true,"valueName":"search_term_string"}}],"inLanguage":"es"},{"@type":"Organization","@id":"https:\/\/www.arquimaster.com.ar\/web\/#organization","name":"Arquimaster","url":"https:\/\/www.arquimaster.com.ar\/web\/","logo":{"@type":"ImageObject","inLanguage":"es","@id":"https:\/\/www.arquimaster.com.ar\/web\/#\/schema\/logo\/image\/","url":"https:\/\/www.arquimaster.com.ar\/web\/wp-content\/uploads\/2022\/06\/arquimaster.png","contentUrl":"https:\/\/www.arquimaster.com.ar\/web\/wp-content\/uploads\/2022\/06\/arquimaster.png","width":594,"height":78,"caption":"Arquimaster"},"image":{"@id":"https:\/\/www.arquimaster.com.ar\/web\/#\/schema\/logo\/image\/"},"sameAs":["http:\/\/www.facebook.com\/ARQUIMASTER.com.ar","https:\/\/x.com\/arquimaster","https:\/\/www.instagram.com\/arquimasterblog\/","https:\/\/www.linkedin.com\/company\/arquimaster","https:\/\/www.pinterest.com\/arquimaster","https:\/\/t.me\/arquimaster"]},{"@type":"Person","@id":"https:\/\/www.arquimaster.com.ar\/web\/#\/schema\/person\/359e9f7c00193fcde068e0dd2ceb0028","name":"Arquimaster"}]}},"uagb_featured_image_src":{"full":["https:\/\/www.arquimaster.com.ar\/web\/wp-content\/uploads\/2020\/04\/casa_de_la_baldrufa_slide.jpg",698,364,false],"thumbnail":["https:\/\/www.arquimaster.com.ar\/web\/wp-content\/uploads\/2020\/04\/casa_de_la_baldrufa_slide-150x150.jpg",150,150,true],"medium":["https:\/\/www.arquimaster.com.ar\/web\/wp-content\/uploads\/2020\/04\/casa_de_la_baldrufa_slide.jpg",698,364,false],"medium_large":["https:\/\/www.arquimaster.com.ar\/web\/wp-content\/uploads\/2020\/04\/casa_de_la_baldrufa_slide.jpg",698,364,false],"large":["https:\/\/www.arquimaster.com.ar\/web\/wp-content\/uploads\/2020\/04\/casa_de_la_baldrufa_slide.jpg",698,364,false],"1536x1536":["https:\/\/www.arquimaster.com.ar\/web\/wp-content\/uploads\/2020\/04\/casa_de_la_baldrufa_slide.jpg",698,364,false],"2048x2048":["https:\/\/www.arquimaster.com.ar\/web\/wp-content\/uploads\/2020\/04\/casa_de_la_baldrufa_slide.jpg",698,364,false]},"uagb_author_info":{"display_name":"Arquimaster","author_link":"https:\/\/www.arquimaster.com.ar\/web\/author\/arquimaster\/"},"uagb_comment_info":0,"uagb_excerpt":"Una experiencia arquitect\u00f3nica serena, capaz de sacar el m\u00e1ximo partido al potencial...","_links":{"self":[{"href":"https:\/\/www.arquimaster.com.ar\/web\/wp-json\/wp\/v2\/posts\/55167","targetHints":{"allow":["GET"]}}],"collection":[{"href":"https:\/\/www.arquimaster.com.ar\/web\/wp-json\/wp\/v2\/posts"}],"about":[{"href":"https:\/\/www.arquimaster.com.ar\/web\/wp-json\/wp\/v2\/types\/post"}],"author":[{"embeddable":true,"href":"https:\/\/www.arquimaster.com.ar\/web\/wp-json\/wp\/v2\/users\/1"}],"replies":[{"embeddable":true,"href":"https:\/\/www.arquimaster.com.ar\/web\/wp-json\/wp\/v2\/comments?post=55167"}],"version-history":[{"count":2,"href":"https:\/\/www.arquimaster.com.ar\/web\/wp-json\/wp\/v2\/posts\/55167\/revisions"}],"predecessor-version":[{"id":55355,"href":"https:\/\/www.arquimaster.com.ar\/web\/wp-json\/wp\/v2\/posts\/55167\/revisions\/55355"}],"wp:featuredmedia":[{"embeddable":true,"href":"https:\/\/www.arquimaster.com.ar\/web\/wp-json\/wp\/v2\/media\/55168"}],"wp:attachment":[{"href":"https:\/\/www.arquimaster.com.ar\/web\/wp-json\/wp\/v2\/media?parent=55167"}],"wp:term":[{"taxonomy":"category","embeddable":true,"href":"https:\/\/www.arquimaster.com.ar\/web\/wp-json\/wp\/v2\/categories?post=55167"},{"taxonomy":"post_tag","embeddable":true,"href":"https:\/\/www.arquimaster.com.ar\/web\/wp-json\/wp\/v2\/tags?post=55167"}],"curies":[{"name":"wp","href":"https:\/\/api.w.org\/{rel}","templated":true}]}}