{"id":55324,"date":"2020-04-30T01:36:00","date_gmt":"2020-04-30T04:36:00","guid":{"rendered":"https:\/\/www.arquimaster.com.ar\/web\/?p=55324"},"modified":"2020-04-30T16:59:24","modified_gmt":"2020-04-30T19:59:24","slug":"colegio-de-profesionales-de-la-agrimensura-de-la-provincia-de-santa-fe-irigoyen-navarro-arquitectos","status":"publish","type":"post","link":"https:\/\/www.arquimaster.com.ar\/web\/colegio-de-profesionales-de-la-agrimensura-de-la-provincia-de-santa-fe-irigoyen-navarro-arquitectos\/","title":{"rendered":"Colegio de Profesionales de la Agrimensura de la Provincia de Santa Fe \/ Irigoyen Navarro Arquitectos"},"content":{"rendered":"<div style=\"margin-top: 0px; margin-bottom: 0px;\" class=\"sharethis-inline-share-buttons\" ><\/div><div class=\"b812932af2e751442846f039925109de\" data-index=\"1\" style=\"float: none; margin:25px 0 25px 0; text-align:center;\">\n<script async src=\"https:\/\/pagead2.googlesyndication.com\/pagead\/js\/adsbygoogle.js\"><\/script>\r\n<!-- Arquimaster (superior) -->\r\n<ins class=\"adsbygoogle\"\r\n     style=\"display:block\"\r\n     data-ad-client=\"ca-pub-6351072698456832\"\r\n     data-ad-slot=\"6455489680\"\r\n     data-ad-format=\"auto\"\r\n     data-full-width-responsive=\"true\"><\/ins>\r\n<script>\r\n     (adsbygoogle = window.adsbygoogle || []).push({});\r\n<\/script>\n<\/div>\n<p><strong>Colegio de Profesionales de la Agrimensura de la Provincia de Santa Fe<\/strong> (Ciudad de Santa Fe, Argentina) por <strong>Irigoyen Navarro Arquitectos<\/strong>. El Proyecto consta de dos etapas de intervenci\u00f3n coincidentes con las dos propiedades que componen el conjunto edilicio del Colegio de Profesionales de la Agrimensura de la Provincia de Santa Fe.<\/p>\n<div id='gallery-1' class='gallery galleryid-55324 gallery-columns-3 gallery-size-thumbnail'><figure class='gallery-item'>\n\t\t\t<div class='gallery-icon landscape'>\n\t\t\t\t<a href='https:\/\/www.arquimaster.com.ar\/web\/wp-content\/uploads\/2020\/04\/sum_cpapsf1.jpg' title=\"Colegio de Profesionales de la Agrimensura de la Provincia de Santa Fe \/ Irigoyen Navarro Arquitectos (\u00a9 Ramiro Sosa)\" data-rl_title=\"Colegio de Profesionales de la Agrimensura de la Provincia de Santa Fe \/ Irigoyen Navarro Arquitectos (\u00a9 Ramiro Sosa)\" class=\"rl-gallery-link\" data-rl_caption=\"Colegio de Profesionales de la Agrimensura de la Provincia de Santa Fe \/ Irigoyen Navarro Arquitectos (\u00a9 Ramiro Sosa)\" data-rel=\"lightbox-gallery-1\"><img loading=\"lazy\" decoding=\"async\" width=\"150\" height=\"150\" src=\"https:\/\/www.arquimaster.com.ar\/web\/wp-content\/uploads\/2020\/04\/sum_cpapsf1-150x150.jpg\" class=\"attachment-thumbnail size-thumbnail\" alt=\"\" aria-describedby=\"gallery-1-55326\" \/><\/a>\n\t\t\t<\/div>\n\t\t\t\t<figcaption class='wp-caption-text gallery-caption' id='gallery-1-55326'>\n\t\t\t\tColegio de Profesionales de la Agrimensura de la Provincia de Santa Fe \/ Irigoyen Navarro Arquitectos (\u00a9 Ramiro Sosa)\n\t\t\t\t<\/figcaption><\/figure><figure class='gallery-item'>\n\t\t\t<div class='gallery-icon portrait'>\n\t\t\t\t<a href='https:\/\/www.arquimaster.com.ar\/web\/wp-content\/uploads\/2020\/04\/sum_cpapsf2.jpg' title=\"Colegio de Profesionales de la Agrimensura de la Provincia de Santa Fe \/ Irigoyen Navarro Arquitectos (\u00a9 Ramiro Sosa)\" data-rl_title=\"Colegio de Profesionales de la Agrimensura de la Provincia de Santa Fe \/ Irigoyen Navarro Arquitectos (\u00a9 Ramiro Sosa)\" class=\"rl-gallery-link\" data-rl_caption=\"Colegio de Profesionales de la Agrimensura de la Provincia de Santa Fe \/ Irigoyen Navarro Arquitectos (\u00a9 Ramiro Sosa)\" data-rel=\"lightbox-gallery-1\"><img loading=\"lazy\" decoding=\"async\" width=\"150\" height=\"150\" src=\"https:\/\/www.arquimaster.com.ar\/web\/wp-content\/uploads\/2020\/04\/sum_cpapsf2-150x150.jpg\" class=\"attachment-thumbnail size-thumbnail\" alt=\"\" aria-describedby=\"gallery-1-55327\" \/><\/a>\n\t\t\t<\/div>\n\t\t\t\t<figcaption class='wp-caption-text gallery-caption' id='gallery-1-55327'>\n\t\t\t\tColegio de Profesionales de la Agrimensura de la Provincia de Santa Fe \/ Irigoyen Navarro Arquitectos (\u00a9 Ramiro Sosa)\n\t\t\t\t<\/figcaption><\/figure><figure class='gallery-item'>\n\t\t\t<div class='gallery-icon landscape'>\n\t\t\t\t<a href='https:\/\/www.arquimaster.com.ar\/web\/wp-content\/uploads\/2020\/04\/sum_cpapsf3.jpg' title=\"Colegio de Profesionales de la Agrimensura de la Provincia de Santa Fe \/ Irigoyen Navarro Arquitectos (\u00a9 Ramiro Sosa)\" data-rl_title=\"Colegio de Profesionales de la Agrimensura de la Provincia de Santa Fe \/ Irigoyen Navarro Arquitectos (\u00a9 Ramiro Sosa)\" class=\"rl-gallery-link\" data-rl_caption=\"Colegio de Profesionales de la Agrimensura de la Provincia de Santa Fe \/ Irigoyen Navarro Arquitectos (\u00a9 Ramiro Sosa)\" data-rel=\"lightbox-gallery-1\"><img loading=\"lazy\" decoding=\"async\" width=\"150\" height=\"150\" src=\"https:\/\/www.arquimaster.com.ar\/web\/wp-content\/uploads\/2020\/04\/sum_cpapsf3-150x150.jpg\" class=\"attachment-thumbnail size-thumbnail\" alt=\"\" aria-describedby=\"gallery-1-55328\" \/><\/a>\n\t\t\t<\/div>\n\t\t\t\t<figcaption class='wp-caption-text gallery-caption' id='gallery-1-55328'>\n\t\t\t\tColegio de Profesionales de la Agrimensura de la Provincia de Santa Fe \/ Irigoyen Navarro Arquitectos (\u00a9 Ramiro Sosa)\n\t\t\t\t<\/figcaption><\/figure><figure class='gallery-item'>\n\t\t\t<div class='gallery-icon landscape'>\n\t\t\t\t<a href='https:\/\/www.arquimaster.com.ar\/web\/wp-content\/uploads\/2020\/04\/sum_cpapsf4.jpg' title=\"Colegio de Profesionales de la Agrimensura de la Provincia de Santa Fe \/ Irigoyen Navarro Arquitectos (\u00a9 Ramiro Sosa)\" data-rl_title=\"Colegio de Profesionales de la Agrimensura de la Provincia de Santa Fe \/ Irigoyen Navarro Arquitectos (\u00a9 Ramiro Sosa)\" class=\"rl-gallery-link\" data-rl_caption=\"Colegio de Profesionales de la Agrimensura de la Provincia de Santa Fe \/ Irigoyen Navarro Arquitectos (\u00a9 Ramiro Sosa)\" data-rel=\"lightbox-gallery-1\"><img loading=\"lazy\" decoding=\"async\" width=\"150\" height=\"150\" src=\"https:\/\/www.arquimaster.com.ar\/web\/wp-content\/uploads\/2020\/04\/sum_cpapsf4-150x150.jpg\" class=\"attachment-thumbnail size-thumbnail\" alt=\"\" aria-describedby=\"gallery-1-55329\" \/><\/a>\n\t\t\t<\/div>\n\t\t\t\t<figcaption class='wp-caption-text gallery-caption' id='gallery-1-55329'>\n\t\t\t\tColegio de Profesionales de la Agrimensura de la Provincia de Santa Fe \/ Irigoyen Navarro Arquitectos (\u00a9 Ramiro Sosa)\n\t\t\t\t<\/figcaption><\/figure><figure class='gallery-item'>\n\t\t\t<div class='gallery-icon landscape'>\n\t\t\t\t<a href='https:\/\/www.arquimaster.com.ar\/web\/wp-content\/uploads\/2020\/04\/sum_cpapsf5.jpg' title=\"Colegio de Profesionales de la Agrimensura de la Provincia de Santa Fe \/ Irigoyen Navarro Arquitectos (\u00a9 Ramiro Sosa)\" data-rl_title=\"Colegio de Profesionales de la Agrimensura de la Provincia de Santa Fe \/ Irigoyen Navarro Arquitectos (\u00a9 Ramiro Sosa)\" class=\"rl-gallery-link\" data-rl_caption=\"Colegio de Profesionales de la Agrimensura de la Provincia de Santa Fe \/ Irigoyen Navarro Arquitectos (\u00a9 Ramiro Sosa)\" data-rel=\"lightbox-gallery-1\"><img loading=\"lazy\" decoding=\"async\" width=\"150\" height=\"150\" src=\"https:\/\/www.arquimaster.com.ar\/web\/wp-content\/uploads\/2020\/04\/sum_cpapsf5-150x150.jpg\" class=\"attachment-thumbnail size-thumbnail\" alt=\"\" aria-describedby=\"gallery-1-55330\" \/><\/a>\n\t\t\t<\/div>\n\t\t\t\t<figcaption class='wp-caption-text gallery-caption' id='gallery-1-55330'>\n\t\t\t\tColegio de Profesionales de la Agrimensura de la Provincia de Santa Fe \/ Irigoyen Navarro Arquitectos (\u00a9 Ramiro Sosa)\n\t\t\t\t<\/figcaption><\/figure><figure class='gallery-item'>\n\t\t\t<div class='gallery-icon portrait'>\n\t\t\t\t<a href='https:\/\/www.arquimaster.com.ar\/web\/wp-content\/uploads\/2020\/04\/sum_cpapsf6.jpg' title=\"Colegio de Profesionales de la Agrimensura de la Provincia de Santa Fe \/ Irigoyen Navarro Arquitectos (\u00a9 Ramiro Sosa)\" data-rl_title=\"Colegio de Profesionales de la Agrimensura de la Provincia de Santa Fe \/ Irigoyen Navarro Arquitectos (\u00a9 Ramiro Sosa)\" class=\"rl-gallery-link\" data-rl_caption=\"Colegio de Profesionales de la Agrimensura de la Provincia de Santa Fe \/ Irigoyen Navarro Arquitectos (\u00a9 Ramiro Sosa)\" data-rel=\"lightbox-gallery-1\"><img loading=\"lazy\" decoding=\"async\" width=\"150\" height=\"150\" src=\"https:\/\/www.arquimaster.com.ar\/web\/wp-content\/uploads\/2020\/04\/sum_cpapsf6-150x150.jpg\" class=\"attachment-thumbnail size-thumbnail\" alt=\"\" aria-describedby=\"gallery-1-55331\" \/><\/a>\n\t\t\t<\/div>\n\t\t\t\t<figcaption class='wp-caption-text gallery-caption' id='gallery-1-55331'>\n\t\t\t\tColegio de Profesionales de la Agrimensura de la Provincia de Santa Fe \/ Irigoyen Navarro Arquitectos (\u00a9 Ramiro Sosa)\n\t\t\t\t<\/figcaption><\/figure><figure class='gallery-item'>\n\t\t\t<div class='gallery-icon portrait'>\n\t\t\t\t<a href='https:\/\/www.arquimaster.com.ar\/web\/wp-content\/uploads\/2020\/04\/sum_cpapsf7.jpg' title=\"Colegio de Profesionales de la Agrimensura de la Provincia de Santa Fe \/ Irigoyen Navarro Arquitectos (\u00a9 Ramiro Sosa)\" data-rl_title=\"Colegio de Profesionales de la Agrimensura de la Provincia de Santa Fe \/ Irigoyen Navarro Arquitectos (\u00a9 Ramiro Sosa)\" class=\"rl-gallery-link\" data-rl_caption=\"Colegio de Profesionales de la Agrimensura de la Provincia de Santa Fe \/ Irigoyen Navarro Arquitectos (\u00a9 Ramiro Sosa)\" data-rel=\"lightbox-gallery-1\"><img loading=\"lazy\" decoding=\"async\" width=\"150\" height=\"150\" src=\"https:\/\/www.arquimaster.com.ar\/web\/wp-content\/uploads\/2020\/04\/sum_cpapsf7-150x150.jpg\" class=\"attachment-thumbnail size-thumbnail\" alt=\"\" aria-describedby=\"gallery-1-55332\" \/><\/a>\n\t\t\t<\/div>\n\t\t\t\t<figcaption class='wp-caption-text gallery-caption' id='gallery-1-55332'>\n\t\t\t\tColegio de Profesionales de la Agrimensura de la Provincia de Santa Fe \/ Irigoyen Navarro Arquitectos (\u00a9 Ramiro Sosa)\n\t\t\t\t<\/figcaption><\/figure><figure class='gallery-item'>\n\t\t\t<div class='gallery-icon landscape'>\n\t\t\t\t<a href='https:\/\/www.arquimaster.com.ar\/web\/wp-content\/uploads\/2020\/04\/sum_cpapsf8.jpg' title=\"Colegio de Profesionales de la Agrimensura de la Provincia de Santa Fe \/ Irigoyen Navarro Arquitectos (\u00a9 Ramiro Sosa)\" data-rl_title=\"Colegio de Profesionales de la Agrimensura de la Provincia de Santa Fe \/ Irigoyen Navarro Arquitectos (\u00a9 Ramiro Sosa)\" class=\"rl-gallery-link\" data-rl_caption=\"Colegio de Profesionales de la Agrimensura de la Provincia de Santa Fe \/ Irigoyen Navarro Arquitectos (\u00a9 Ramiro Sosa)\" data-rel=\"lightbox-gallery-1\"><img loading=\"lazy\" decoding=\"async\" width=\"150\" height=\"150\" src=\"https:\/\/www.arquimaster.com.ar\/web\/wp-content\/uploads\/2020\/04\/sum_cpapsf8-150x150.jpg\" class=\"attachment-thumbnail size-thumbnail\" alt=\"\" aria-describedby=\"gallery-1-55333\" \/><\/a>\n\t\t\t<\/div>\n\t\t\t\t<figcaption class='wp-caption-text gallery-caption' id='gallery-1-55333'>\n\t\t\t\tColegio de Profesionales de la Agrimensura de la Provincia de Santa Fe \/ Irigoyen Navarro Arquitectos (\u00a9 Ramiro Sosa)\n\t\t\t\t<\/figcaption><\/figure><figure class='gallery-item'>\n\t\t\t<div class='gallery-icon landscape'>\n\t\t\t\t<a href='https:\/\/www.arquimaster.com.ar\/web\/wp-content\/uploads\/2020\/04\/sum_cpapsf9.jpg' title=\"Colegio de Profesionales de la Agrimensura de la Provincia de Santa Fe \/ Irigoyen Navarro Arquitectos (\u00a9 Ramiro Sosa)\" data-rl_title=\"Colegio de Profesionales de la Agrimensura de la Provincia de Santa Fe \/ Irigoyen Navarro Arquitectos (\u00a9 Ramiro Sosa)\" class=\"rl-gallery-link\" data-rl_caption=\"Colegio de Profesionales de la Agrimensura de la Provincia de Santa Fe \/ Irigoyen Navarro Arquitectos (\u00a9 Ramiro Sosa)\" data-rel=\"lightbox-gallery-1\"><img loading=\"lazy\" decoding=\"async\" width=\"150\" height=\"150\" src=\"https:\/\/www.arquimaster.com.ar\/web\/wp-content\/uploads\/2020\/04\/sum_cpapsf9-150x150.jpg\" class=\"attachment-thumbnail size-thumbnail\" alt=\"\" aria-describedby=\"gallery-1-55334\" \/><\/a>\n\t\t\t<\/div>\n\t\t\t\t<figcaption class='wp-caption-text gallery-caption' id='gallery-1-55334'>\n\t\t\t\tColegio de Profesionales de la Agrimensura de la Provincia de Santa Fe \/ Irigoyen Navarro Arquitectos (\u00a9 Ramiro Sosa)\n\t\t\t\t<\/figcaption><\/figure><figure class='gallery-item'>\n\t\t\t<div class='gallery-icon portrait'>\n\t\t\t\t<a href='https:\/\/www.arquimaster.com.ar\/web\/wp-content\/uploads\/2020\/04\/sum_cpapsf10.jpg' title=\"Colegio de Profesionales de la Agrimensura de la Provincia de Santa Fe \/ Irigoyen Navarro Arquitectos (\u00a9 Ramiro Sosa)\" data-rl_title=\"Colegio de Profesionales de la Agrimensura de la Provincia de Santa Fe \/ Irigoyen Navarro Arquitectos (\u00a9 Ramiro Sosa)\" class=\"rl-gallery-link\" data-rl_caption=\"Colegio de Profesionales de la Agrimensura de la Provincia de Santa Fe \/ Irigoyen Navarro Arquitectos (\u00a9 Ramiro Sosa)\" data-rel=\"lightbox-gallery-1\"><img loading=\"lazy\" decoding=\"async\" width=\"150\" height=\"150\" src=\"https:\/\/www.arquimaster.com.ar\/web\/wp-content\/uploads\/2020\/04\/sum_cpapsf10-150x150.jpg\" class=\"attachment-thumbnail size-thumbnail\" alt=\"\" aria-describedby=\"gallery-1-55335\" \/><\/a>\n\t\t\t<\/div>\n\t\t\t\t<figcaption class='wp-caption-text gallery-caption' id='gallery-1-55335'>\n\t\t\t\tColegio de Profesionales de la Agrimensura de la Provincia de Santa Fe \/ Irigoyen Navarro Arquitectos (\u00a9 Ramiro Sosa)\n\t\t\t\t<\/figcaption><\/figure><figure class='gallery-item'>\n\t\t\t<div class='gallery-icon landscape'>\n\t\t\t\t<a href='https:\/\/www.arquimaster.com.ar\/web\/wp-content\/uploads\/2020\/04\/sum_cpapsf11.jpg' title=\"Colegio de Profesionales de la Agrimensura de la Provincia de Santa Fe \/ Irigoyen Navarro Arquitectos (\u00a9 Ramiro Sosa)\" data-rl_title=\"Colegio de Profesionales de la Agrimensura de la Provincia de Santa Fe \/ Irigoyen Navarro Arquitectos (\u00a9 Ramiro Sosa)\" class=\"rl-gallery-link\" data-rl_caption=\"Colegio de Profesionales de la Agrimensura de la Provincia de Santa Fe \/ Irigoyen Navarro Arquitectos (\u00a9 Ramiro Sosa)\" data-rel=\"lightbox-gallery-1\"><img loading=\"lazy\" decoding=\"async\" width=\"150\" height=\"150\" src=\"https:\/\/www.arquimaster.com.ar\/web\/wp-content\/uploads\/2020\/04\/sum_cpapsf11-150x150.jpg\" class=\"attachment-thumbnail size-thumbnail\" alt=\"\" aria-describedby=\"gallery-1-55336\" \/><\/a>\n\t\t\t<\/div>\n\t\t\t\t<figcaption class='wp-caption-text gallery-caption' id='gallery-1-55336'>\n\t\t\t\tColegio de Profesionales de la Agrimensura de la Provincia de Santa Fe \/ Irigoyen Navarro Arquitectos (\u00a9 Ramiro Sosa)\n\t\t\t\t<\/figcaption><\/figure><figure class='gallery-item'>\n\t\t\t<div class='gallery-icon portrait'>\n\t\t\t\t<a href='https:\/\/www.arquimaster.com.ar\/web\/wp-content\/uploads\/2020\/04\/sum_cpapsf12.jpg' title=\"Colegio de Profesionales de la Agrimensura de la Provincia de Santa Fe \/ Irigoyen Navarro Arquitectos (\u00a9 Ramiro Sosa)\" data-rl_title=\"Colegio de Profesionales de la Agrimensura de la Provincia de Santa Fe \/ Irigoyen Navarro Arquitectos (\u00a9 Ramiro Sosa)\" class=\"rl-gallery-link\" data-rl_caption=\"Colegio de Profesionales de la Agrimensura de la Provincia de Santa Fe \/ Irigoyen Navarro Arquitectos (\u00a9 Ramiro Sosa)\" data-rel=\"lightbox-gallery-1\"><img loading=\"lazy\" decoding=\"async\" width=\"150\" height=\"150\" src=\"https:\/\/www.arquimaster.com.ar\/web\/wp-content\/uploads\/2020\/04\/sum_cpapsf12-150x150.jpg\" class=\"attachment-thumbnail size-thumbnail\" alt=\"\" aria-describedby=\"gallery-1-55337\" \/><\/a>\n\t\t\t<\/div>\n\t\t\t\t<figcaption class='wp-caption-text gallery-caption' id='gallery-1-55337'>\n\t\t\t\tColegio de Profesionales de la Agrimensura de la Provincia de Santa Fe \/ Irigoyen Navarro Arquitectos (\u00a9 Ramiro Sosa)\n\t\t\t\t<\/figcaption><\/figure><figure class='gallery-item'>\n\t\t\t<div class='gallery-icon landscape'>\n\t\t\t\t<a href='https:\/\/www.arquimaster.com.ar\/web\/wp-content\/uploads\/2020\/04\/sum_cpapsf13.jpg' title=\"Colegio de Profesionales de la Agrimensura de la Provincia de Santa Fe \/ Irigoyen Navarro Arquitectos (\u00a9 Ramiro Sosa)\" data-rl_title=\"Colegio de Profesionales de la Agrimensura de la Provincia de Santa Fe \/ Irigoyen Navarro Arquitectos (\u00a9 Ramiro Sosa)\" class=\"rl-gallery-link\" data-rl_caption=\"Colegio de Profesionales de la Agrimensura de la Provincia de Santa Fe \/ Irigoyen Navarro Arquitectos (\u00a9 Ramiro Sosa)\" data-rel=\"lightbox-gallery-1\"><img loading=\"lazy\" decoding=\"async\" width=\"150\" height=\"150\" src=\"https:\/\/www.arquimaster.com.ar\/web\/wp-content\/uploads\/2020\/04\/sum_cpapsf13-150x150.jpg\" class=\"attachment-thumbnail size-thumbnail\" alt=\"\" aria-describedby=\"gallery-1-55338\" \/><\/a>\n\t\t\t<\/div>\n\t\t\t\t<figcaption class='wp-caption-text gallery-caption' id='gallery-1-55338'>\n\t\t\t\tColegio de Profesionales de la Agrimensura de la Provincia de Santa Fe \/ Irigoyen Navarro Arquitectos (\u00a9 Ramiro Sosa)\n\t\t\t\t<\/figcaption><\/figure><figure class='gallery-item'>\n\t\t\t<div class='gallery-icon portrait'>\n\t\t\t\t<a href='https:\/\/www.arquimaster.com.ar\/web\/wp-content\/uploads\/2020\/04\/sum_cpapsf14.jpg' title=\"Colegio de Profesionales de la Agrimensura de la Provincia de Santa Fe \/ Irigoyen Navarro Arquitectos (\u00a9 Ramiro Sosa)\" data-rl_title=\"Colegio de Profesionales de la Agrimensura de la Provincia de Santa Fe \/ Irigoyen Navarro Arquitectos (\u00a9 Ramiro Sosa)\" class=\"rl-gallery-link\" data-rl_caption=\"Colegio de Profesionales de la Agrimensura de la Provincia de Santa Fe \/ Irigoyen Navarro Arquitectos (\u00a9 Ramiro Sosa)\" data-rel=\"lightbox-gallery-1\"><img loading=\"lazy\" decoding=\"async\" width=\"150\" height=\"150\" src=\"https:\/\/www.arquimaster.com.ar\/web\/wp-content\/uploads\/2020\/04\/sum_cpapsf14-150x150.jpg\" class=\"attachment-thumbnail size-thumbnail\" alt=\"\" aria-describedby=\"gallery-1-55339\" \/><\/a>\n\t\t\t<\/div>\n\t\t\t\t<figcaption class='wp-caption-text gallery-caption' id='gallery-1-55339'>\n\t\t\t\tColegio de Profesionales de la Agrimensura de la Provincia de Santa Fe \/ Irigoyen Navarro Arquitectos (\u00a9 Ramiro Sosa)\n\t\t\t\t<\/figcaption><\/figure><figure class='gallery-item'>\n\t\t\t<div class='gallery-icon landscape'>\n\t\t\t\t<a href='https:\/\/www.arquimaster.com.ar\/web\/wp-content\/uploads\/2020\/04\/sum_cpapsf15.jpg' title=\"Colegio de Profesionales de la Agrimensura de la Provincia de Santa Fe \/ Irigoyen Navarro Arquitectos (\u00a9 Ramiro Sosa)\" data-rl_title=\"Colegio de Profesionales de la Agrimensura de la Provincia de Santa Fe \/ Irigoyen Navarro Arquitectos (\u00a9 Ramiro Sosa)\" class=\"rl-gallery-link\" data-rl_caption=\"Colegio de Profesionales de la Agrimensura de la Provincia de Santa Fe \/ Irigoyen Navarro Arquitectos (\u00a9 Ramiro Sosa)\" data-rel=\"lightbox-gallery-1\"><img loading=\"lazy\" decoding=\"async\" width=\"150\" height=\"150\" src=\"https:\/\/www.arquimaster.com.ar\/web\/wp-content\/uploads\/2020\/04\/sum_cpapsf15-150x150.jpg\" class=\"attachment-thumbnail size-thumbnail\" alt=\"\" aria-describedby=\"gallery-1-55340\" \/><\/a>\n\t\t\t<\/div>\n\t\t\t\t<figcaption class='wp-caption-text gallery-caption' id='gallery-1-55340'>\n\t\t\t\tColegio de Profesionales de la Agrimensura de la Provincia de Santa Fe \/ Irigoyen Navarro Arquitectos (\u00a9 Ramiro Sosa)\n\t\t\t\t<\/figcaption><\/figure><figure class='gallery-item'>\n\t\t\t<div class='gallery-icon landscape'>\n\t\t\t\t<a href='https:\/\/www.arquimaster.com.ar\/web\/wp-content\/uploads\/2020\/04\/sum_cpapsf16.jpg' title=\"Colegio de Profesionales de la Agrimensura de la Provincia de Santa Fe \/ Irigoyen Navarro Arquitectos (\u00a9 Ramiro Sosa)\" data-rl_title=\"Colegio de Profesionales de la Agrimensura de la Provincia de Santa Fe \/ Irigoyen Navarro Arquitectos (\u00a9 Ramiro Sosa)\" class=\"rl-gallery-link\" data-rl_caption=\"Colegio de Profesionales de la Agrimensura de la Provincia de Santa Fe \/ Irigoyen Navarro Arquitectos (\u00a9 Ramiro Sosa)\" data-rel=\"lightbox-gallery-1\"><img loading=\"lazy\" decoding=\"async\" width=\"150\" height=\"150\" src=\"https:\/\/www.arquimaster.com.ar\/web\/wp-content\/uploads\/2020\/04\/sum_cpapsf16-150x150.jpg\" class=\"attachment-thumbnail size-thumbnail\" alt=\"\" aria-describedby=\"gallery-1-55341\" \/><\/a>\n\t\t\t<\/div>\n\t\t\t\t<figcaption class='wp-caption-text gallery-caption' id='gallery-1-55341'>\n\t\t\t\tColegio de Profesionales de la Agrimensura de la Provincia de Santa Fe \/ Irigoyen Navarro Arquitectos (\u00a9 Ramiro Sosa)\n\t\t\t\t<\/figcaption><\/figure><figure class='gallery-item'>\n\t\t\t<div class='gallery-icon landscape'>\n\t\t\t\t<a href='https:\/\/www.arquimaster.com.ar\/web\/wp-content\/uploads\/2020\/04\/sum_cpapsf17.jpg' title=\"Colegio de Profesionales de la Agrimensura de la Provincia de Santa Fe \/ Irigoyen Navarro Arquitectos (\u00a9 Ramiro Sosa)\" data-rl_title=\"Colegio de Profesionales de la Agrimensura de la Provincia de Santa Fe \/ Irigoyen Navarro Arquitectos (\u00a9 Ramiro Sosa)\" class=\"rl-gallery-link\" data-rl_caption=\"Colegio de Profesionales de la Agrimensura de la Provincia de Santa Fe \/ Irigoyen Navarro Arquitectos (\u00a9 Ramiro Sosa)\" data-rel=\"lightbox-gallery-1\"><img loading=\"lazy\" decoding=\"async\" width=\"150\" height=\"150\" src=\"https:\/\/www.arquimaster.com.ar\/web\/wp-content\/uploads\/2020\/04\/sum_cpapsf17-150x150.jpg\" class=\"attachment-thumbnail size-thumbnail\" alt=\"\" aria-describedby=\"gallery-1-55342\" \/><\/a>\n\t\t\t<\/div>\n\t\t\t\t<figcaption class='wp-caption-text gallery-caption' id='gallery-1-55342'>\n\t\t\t\tColegio de Profesionales de la Agrimensura de la Provincia de Santa Fe \/ Irigoyen Navarro Arquitectos (\u00a9 Ramiro Sosa)\n\t\t\t\t<\/figcaption><\/figure><figure class='gallery-item'>\n\t\t\t<div class='gallery-icon portrait'>\n\t\t\t\t<a href='https:\/\/www.arquimaster.com.ar\/web\/wp-content\/uploads\/2020\/04\/sum_cpapsf18.jpg' title=\"Colegio de Profesionales de la Agrimensura de la Provincia de Santa Fe \/ Irigoyen Navarro Arquitectos (\u00a9 Ramiro Sosa)\" data-rl_title=\"Colegio de Profesionales de la Agrimensura de la Provincia de Santa Fe \/ Irigoyen Navarro Arquitectos (\u00a9 Ramiro Sosa)\" class=\"rl-gallery-link\" data-rl_caption=\"Colegio de Profesionales de la Agrimensura de la Provincia de Santa Fe \/ Irigoyen Navarro Arquitectos (\u00a9 Ramiro Sosa)\" data-rel=\"lightbox-gallery-1\"><img loading=\"lazy\" decoding=\"async\" width=\"150\" height=\"150\" src=\"https:\/\/www.arquimaster.com.ar\/web\/wp-content\/uploads\/2020\/04\/sum_cpapsf18-150x150.jpg\" class=\"attachment-thumbnail size-thumbnail\" alt=\"\" aria-describedby=\"gallery-1-55343\" \/><\/a>\n\t\t\t<\/div>\n\t\t\t\t<figcaption class='wp-caption-text gallery-caption' id='gallery-1-55343'>\n\t\t\t\tColegio de Profesionales de la Agrimensura de la Provincia de Santa Fe \/ Irigoyen Navarro Arquitectos (\u00a9 Ramiro Sosa)\n\t\t\t\t<\/figcaption><\/figure><figure class='gallery-item'>\n\t\t\t<div class='gallery-icon landscape'>\n\t\t\t\t<a href='https:\/\/www.arquimaster.com.ar\/web\/wp-content\/uploads\/2020\/04\/sum_cpapsf19.jpg' title=\"Colegio de Profesionales de la Agrimensura de la Provincia de Santa Fe \/ Irigoyen Navarro Arquitectos (\u00a9 Ramiro Sosa)\" data-rl_title=\"Colegio de Profesionales de la Agrimensura de la Provincia de Santa Fe \/ Irigoyen Navarro Arquitectos (\u00a9 Ramiro Sosa)\" class=\"rl-gallery-link\" data-rl_caption=\"Colegio de Profesionales de la Agrimensura de la Provincia de Santa Fe \/ Irigoyen Navarro Arquitectos (\u00a9 Ramiro Sosa)\" data-rel=\"lightbox-gallery-1\"><img loading=\"lazy\" decoding=\"async\" width=\"150\" height=\"150\" src=\"https:\/\/www.arquimaster.com.ar\/web\/wp-content\/uploads\/2020\/04\/sum_cpapsf19-150x150.jpg\" class=\"attachment-thumbnail size-thumbnail\" alt=\"\" aria-describedby=\"gallery-1-55344\" \/><\/a>\n\t\t\t<\/div>\n\t\t\t\t<figcaption class='wp-caption-text gallery-caption' id='gallery-1-55344'>\n\t\t\t\tColegio de Profesionales de la Agrimensura de la Provincia de Santa Fe \/ Irigoyen Navarro Arquitectos (\u00a9 Ramiro Sosa)\n\t\t\t\t<\/figcaption><\/figure><figure class='gallery-item'>\n\t\t\t<div class='gallery-icon portrait'>\n\t\t\t\t<a href='https:\/\/www.arquimaster.com.ar\/web\/wp-content\/uploads\/2020\/04\/sum_cpapsf20.jpg' title=\"Colegio de Profesionales de la Agrimensura de la Provincia de Santa Fe \/ Irigoyen Navarro Arquitectos (\u00a9 Ramiro Sosa)\" data-rl_title=\"Colegio de Profesionales de la Agrimensura de la Provincia de Santa Fe \/ Irigoyen Navarro Arquitectos (\u00a9 Ramiro Sosa)\" class=\"rl-gallery-link\" data-rl_caption=\"Colegio de Profesionales de la Agrimensura de la Provincia de Santa Fe \/ Irigoyen Navarro Arquitectos (\u00a9 Ramiro Sosa)\" data-rel=\"lightbox-gallery-1\"><img loading=\"lazy\" decoding=\"async\" width=\"150\" height=\"150\" src=\"https:\/\/www.arquimaster.com.ar\/web\/wp-content\/uploads\/2020\/04\/sum_cpapsf20-150x150.jpg\" class=\"attachment-thumbnail size-thumbnail\" alt=\"\" aria-describedby=\"gallery-1-55345\" \/><\/a>\n\t\t\t<\/div>\n\t\t\t\t<figcaption class='wp-caption-text gallery-caption' id='gallery-1-55345'>\n\t\t\t\tColegio de Profesionales de la Agrimensura de la Provincia de Santa Fe \/ Irigoyen Navarro Arquitectos (\u00a9 Ramiro Sosa)\n\t\t\t\t<\/figcaption><\/figure><figure class='gallery-item'>\n\t\t\t<div class='gallery-icon landscape'>\n\t\t\t\t<a href='https:\/\/www.arquimaster.com.ar\/web\/wp-content\/uploads\/2020\/04\/sum_cpapsf21.jpg' title=\"Colegio de Profesionales de la Agrimensura de la Provincia de Santa Fe \/ Irigoyen Navarro Arquitectos (plantas intervencion)\" data-rl_title=\"Colegio de Profesionales de la Agrimensura de la Provincia de Santa Fe \/ Irigoyen Navarro Arquitectos (plantas intervencion)\" class=\"rl-gallery-link\" data-rl_caption=\"Colegio de Profesionales de la Agrimensura de la Provincia de Santa Fe \/ Irigoyen Navarro Arquitectos (plantas intervencion)\" data-rel=\"lightbox-gallery-1\"><img loading=\"lazy\" decoding=\"async\" width=\"150\" height=\"150\" src=\"https:\/\/www.arquimaster.com.ar\/web\/wp-content\/uploads\/2020\/04\/sum_cpapsf21-150x150.jpg\" class=\"attachment-thumbnail size-thumbnail\" alt=\"\" aria-describedby=\"gallery-1-55346\" \/><\/a>\n\t\t\t<\/div>\n\t\t\t\t<figcaption class='wp-caption-text gallery-caption' id='gallery-1-55346'>\n\t\t\t\tColegio de Profesionales de la Agrimensura de la Provincia de Santa Fe \/ Irigoyen Navarro Arquitectos (plantas intervencion)\n\t\t\t\t<\/figcaption><\/figure><figure class='gallery-item'>\n\t\t\t<div class='gallery-icon landscape'>\n\t\t\t\t<a href='https:\/\/www.arquimaster.com.ar\/web\/wp-content\/uploads\/2020\/04\/sum_cpapsf22.jpg' title=\"Colegio de Profesionales de la Agrimensura de la Provincia de Santa Fe \/ Irigoyen Navarro Arquitectos (plantas originales)\" data-rl_title=\"Colegio de Profesionales de la Agrimensura de la Provincia de Santa Fe \/ Irigoyen Navarro Arquitectos (plantas originales)\" class=\"rl-gallery-link\" data-rl_caption=\"Colegio de Profesionales de la Agrimensura de la Provincia de Santa Fe \/ Irigoyen Navarro Arquitectos (plantas originales)\" data-rel=\"lightbox-gallery-1\"><img loading=\"lazy\" decoding=\"async\" width=\"150\" height=\"150\" src=\"https:\/\/www.arquimaster.com.ar\/web\/wp-content\/uploads\/2020\/04\/sum_cpapsf22-150x150.jpg\" class=\"attachment-thumbnail size-thumbnail\" alt=\"\" aria-describedby=\"gallery-1-55347\" \/><\/a>\n\t\t\t<\/div>\n\t\t\t\t<figcaption class='wp-caption-text gallery-caption' id='gallery-1-55347'>\n\t\t\t\tColegio de Profesionales de la Agrimensura de la Provincia de Santa Fe \/ Irigoyen Navarro Arquitectos (plantas originales)\n\t\t\t\t<\/figcaption><\/figure><figure class='gallery-item'>\n\t\t\t<div class='gallery-icon landscape'>\n\t\t\t\t<a href='https:\/\/www.arquimaster.com.ar\/web\/wp-content\/uploads\/2020\/04\/sum_cpapsf23.jpg' title=\"Colegio de Profesionales de la Agrimensura de la Provincia de Santa Fe \/ Irigoyen Navarro Arquitectos (corte)\" data-rl_title=\"Colegio de Profesionales de la Agrimensura de la Provincia de Santa Fe \/ Irigoyen Navarro Arquitectos (corte)\" class=\"rl-gallery-link\" data-rl_caption=\"Colegio de Profesionales de la Agrimensura de la Provincia de Santa Fe \/ Irigoyen Navarro Arquitectos (corte)\" data-rel=\"lightbox-gallery-1\"><img loading=\"lazy\" decoding=\"async\" width=\"150\" height=\"150\" src=\"https:\/\/www.arquimaster.com.ar\/web\/wp-content\/uploads\/2020\/04\/sum_cpapsf23-150x150.jpg\" class=\"attachment-thumbnail size-thumbnail\" alt=\"\" aria-describedby=\"gallery-1-55348\" \/><\/a>\n\t\t\t<\/div>\n\t\t\t\t<figcaption class='wp-caption-text gallery-caption' id='gallery-1-55348'>\n\t\t\t\tColegio de Profesionales de la Agrimensura de la Provincia de Santa Fe \/ Irigoyen Navarro Arquitectos (corte)\n\t\t\t\t<\/figcaption><\/figure><figure class='gallery-item'>\n\t\t\t<div class='gallery-icon landscape'>\n\t\t\t\t<a href='https:\/\/www.arquimaster.com.ar\/web\/wp-content\/uploads\/2020\/04\/sum_cpapsf24.jpg' title=\"Colegio de Profesionales de la Agrimensura de la Provincia de Santa Fe \/ Irigoyen Navarro Arquitectos (despiece)\" data-rl_title=\"Colegio de Profesionales de la Agrimensura de la Provincia de Santa Fe \/ Irigoyen Navarro Arquitectos (despiece)\" class=\"rl-gallery-link\" data-rl_caption=\"Colegio de Profesionales de la Agrimensura de la Provincia de Santa Fe \/ Irigoyen Navarro Arquitectos (despiece)\" data-rel=\"lightbox-gallery-1\"><img loading=\"lazy\" decoding=\"async\" width=\"150\" height=\"150\" src=\"https:\/\/www.arquimaster.com.ar\/web\/wp-content\/uploads\/2020\/04\/sum_cpapsf24-150x150.jpg\" class=\"attachment-thumbnail size-thumbnail\" alt=\"\" aria-describedby=\"gallery-1-55349\" \/><\/a>\n\t\t\t<\/div>\n\t\t\t\t<figcaption class='wp-caption-text gallery-caption' id='gallery-1-55349'>\n\t\t\t\tColegio de Profesionales de la Agrimensura de la Provincia de Santa Fe \/ Irigoyen Navarro Arquitectos (despiece)\n\t\t\t\t<\/figcaption><\/figure><figure class='gallery-item'>\n\t\t\t<div class='gallery-icon portrait'>\n\t\t\t\t<a href='https:\/\/www.arquimaster.com.ar\/web\/wp-content\/uploads\/2020\/04\/sum_cpapsf25.jpg' title=\"Colegio de Profesionales de la Agrimensura de la Provincia de Santa Fe \/ Irigoyen Navarro Arquitectos (detalle)\" data-rl_title=\"Colegio de Profesionales de la Agrimensura de la Provincia de Santa Fe \/ Irigoyen Navarro Arquitectos (detalle)\" class=\"rl-gallery-link\" data-rl_caption=\"Colegio de Profesionales de la Agrimensura de la Provincia de Santa Fe \/ Irigoyen Navarro Arquitectos (detalle)\" data-rel=\"lightbox-gallery-1\"><img loading=\"lazy\" decoding=\"async\" width=\"150\" height=\"150\" src=\"https:\/\/www.arquimaster.com.ar\/web\/wp-content\/uploads\/2020\/04\/sum_cpapsf25-150x150.jpg\" class=\"attachment-thumbnail size-thumbnail\" alt=\"\" aria-describedby=\"gallery-1-55350\" \/><\/a>\n\t\t\t<\/div>\n\t\t\t\t<figcaption class='wp-caption-text gallery-caption' id='gallery-1-55350'>\n\t\t\t\tColegio de Profesionales de la Agrimensura de la Provincia de Santa Fe \/ Irigoyen Navarro Arquitectos (detalle)\n\t\t\t\t<\/figcaption><\/figure><figure class='gallery-item'>\n\t\t\t<div class='gallery-icon landscape'>\n\t\t\t\t<a href='https:\/\/www.arquimaster.com.ar\/web\/wp-content\/uploads\/2020\/04\/sum_cpapsf26.jpg' title=\"Colegio de Profesionales de la Agrimensura de la Provincia de Santa Fe \/ Irigoyen Navarro Arquitectos (esquemas)\" data-rl_title=\"Colegio de Profesionales de la Agrimensura de la Provincia de Santa Fe \/ Irigoyen Navarro Arquitectos (esquemas)\" class=\"rl-gallery-link\" data-rl_caption=\"Colegio de Profesionales de la Agrimensura de la Provincia de Santa Fe \/ Irigoyen Navarro Arquitectos (esquemas)\" data-rel=\"lightbox-gallery-1\"><img loading=\"lazy\" decoding=\"async\" width=\"150\" height=\"150\" src=\"https:\/\/www.arquimaster.com.ar\/web\/wp-content\/uploads\/2020\/04\/sum_cpapsf26-150x150.jpg\" class=\"attachment-thumbnail size-thumbnail\" alt=\"\" aria-describedby=\"gallery-1-55351\" \/><\/a>\n\t\t\t<\/div>\n\t\t\t\t<figcaption class='wp-caption-text gallery-caption' id='gallery-1-55351'>\n\t\t\t\tColegio de Profesionales de la Agrimensura de la Provincia de Santa Fe \/ Irigoyen Navarro Arquitectos (esquemas)\n\t\t\t\t<\/figcaption><\/figure>\n\t\t<\/div>\n\n<p>El edificio principal es una vivienda en dos plantas de principios de siglo con frente a Avenida Freyre. En este edificio se llevan a cargo las principales actividades de gesti\u00f3n y gobierno de la instituci\u00f3n. La segunda propiedad es una vivienda de mediados de siglo, que se encuentra en un lote interno con acceso independiente desde la calle, donde se alojaba el archivo principal y las oficinas t\u00e9cnicas del Colegio.<\/p>\n<p>El proyecto procur\u00f3 reorganizar todo el conjunto resolviendo la totalidad de las necesidades administrativas y de gobierno de la Instituci\u00f3n en una primera etapa en el edificio principal, para lo cual se propuso un reordenamiento y acondicionamiento de la superficie existente, m\u00e1s una ampliaci\u00f3n en las terrazas existente en el fondo de la propiedad, para trasladar todas las funciones administrativas y de gobierno a un \u00fanico edificio.<\/p>\n<p>La segunda etapa de intervenci\u00f3n consisti\u00f3 en la demolici\u00f3n total de la segunda propiedad en el lote interno para la construcci\u00f3n de un Sal\u00f3n de Usos M\u00faltiples con ingreso independiente. Ambos conjuntos edilicios se vinculan entre s\u00ed mediante un patio y expansi\u00f3n que se configura con la sumatoria de las superficies de ambos patios originales: el fondo de la propiedad ubicada sobre el frente y el fondo del lote interno. De tal modo se obtiene un espacio del doble de superficie, unificado, que admite usos como expansi\u00f3n de todo el conjunto edilicio.<\/p>\n<p>El sal\u00f3n de usos m\u00faltiples es un espacio de 100 m2, equipado para diversas actividades y construido mediante una estructura independiente met\u00e1lica fabricada en taller y montada en obra.<\/p>\n<p>Debido a la escasa profundidad del patio de 10 m, se busc\u00f3 evitar una fuerte presencia del sal\u00f3n mediante una fachada \u00edntegramente vidriada que profundice las visuales desde el patio y provea continuidad espacial al conjunto.<\/p>\n<p>Para lograr una planta libre se utiliz\u00f3 una cubierta abovedada que, adem\u00e1s de ser la soluci\u00f3n t\u00e9cnica, procura convertirse en un \u00fanico gesto arquitect\u00f3nico que de integridad al programa y que se constituya como la identidad visual del proyecto.<\/p>\n<p><strong>Ficha t\u00e9cnica<\/strong><br>Obra: Colegio de Profesionales de la Agrimensura de la Provincia de Santa Fe<br>Ubicaci\u00f3n: Ciudad de Santa Fe, Argentina<br>Arquitectos: Irigoyen Navarro Arquitectos<br>Arquitectos a cargo: Ailen Labuckas, Ignacio Irigoyen, Miguel Irigoyen<br>Ingenieria: Ezequiel Rigiardi, Javier Perez<br>Superficie nueva: 190 m2<br>Superficie reforma: 275 m2<br>A\u00f1o: 2018\/19<br>Fotograf\u00edas: <a href=\"https:\/\/www.instagram.com\/ramirososafotografia\/\" target=\"_blank\" rel=\"noopener noreferrer\">Ramiro Sosa<\/a><\/p>\n<p><strong>Contacto<\/strong><br><a href=\"https:\/\/www.instagram.com\/in.arqs\/\" target=\"_blank\" rel=\"noopener noreferrer\">https:\/\/www.instagram.com\/in.arqs\/<\/a><\/p>\n\n\n<div style=\"height:20px\" aria-hidden=\"true\" class=\"wp-block-spacer\"><\/div>\n\n\n<p><strong><em>English version<\/em><\/strong><\/p>\n<p><em>The Project consists of two stages of intervention coinciding with the two properties that make up the building complex of the College of Professionals of the Surveyor of the Province of Santa Fe.<\/em><\/p>\n<p><em>The main building is a two-storey house from the beginning of the century facing Freyre Avenue. The main management and governance activities of the institution are carried out in this building. The second property is a mid-century dwelling, located on an internal lot with independent access from the street, where the main archive and the technical offices of the College were housed.<\/em><\/p>\n<p><em>The project sought to reorganize the entire complex, solving all the administrative and government needs of the Institution in a first stage in the main building, for which a reordering and conditioning of the existing surface was proposed, plus an expansion of the existing terraces. at the bottom of the property, to transfer all administrative and government functions to a single building.<\/em><\/p>\n<p><em>The second stage of intervention consisted of the total demolition of the second property in the internal lot for the construction of a Multipurpose Hall with independent entrance. Both sets of buildings are linked to each other through a patio and expansion that is configured with the sum of the surfaces of both original courtyards: the bottom of the property located on the front and the bottom of the internal lot. In this way, a space of twice the surface is obtained, unified, which allows uses as expansion of the entire building complex.<\/em><\/p>\n<p><em>The multipurpose room is a 100 m2 space, equipped for various activities and built using an independent metal structure manufactured in the workshop and assembled on site.<\/em><\/p>\n<p><em>Due to the shallow depth of the patio of 10 m, an attempt was made to avoid a strong presence of the hall by means of a fully glazed fa\u00e7ade that deepens the visuals from the patio and provides spatial continuity to the complex.<\/em><\/p>\n<p><em>To achieve a free plan, a vaulted roof was used which, in addition to being the technical solution, seeks to become a unique architectural gesture that gives integrity to the program and constitutes the visual identity of the project.<\/em><\/p>\n<div style=\"font-size: 0px; height: 0px; line-height: 0px; margin: 0; padding: 0; clear: both;\"><\/div><div style=\"margin-top: 0px; margin-bottom: 0px;\" class=\"sharethis-inline-share-buttons\" ><\/div>","protected":false},"excerpt":{"rendered":"<p>Una cubierta abovedada procura convertirse en un \u00fanico gesto arquitect\u00f3nico..<\/p>\n","protected":false},"author":1,"featured_media":55325,"comment_status":"closed","ping_status":"closed","sticky":false,"template":"","format":"standard","meta":{"_uag_custom_page_level_css":"","footnotes":""},"categories":[3767,1],"tags":[5886,5888,5885,5891,5889,5887,5890,29],"class_list":["post-55324","post","type-post","status-publish","format-standard","has-post-thumbnail","hentry","category-arquitectura-institucional","category-proyecto","tag-agrimensura","tag-ailen-labuckas","tag-arquitectura-institucional","tag-cubierta-abovedada","tag-ignacio-irigoyen","tag-irigoyen-navarro-arquitectos","tag-miguel-irigoyen","tag-santa-fe","generate-columns","tablet-grid-50","mobile-grid-100","grid-parent","grid-50"],"yoast_head":"<!-- This site is optimized with the Yoast SEO plugin v27.3 - https:\/\/yoast.com\/product\/yoast-seo-wordpress\/ -->\n<title>Colegio de Profesionales de la Agrimensura de la Provincia de Santa Fe \/ Irigoyen Navarro Arquitectos - Arquimaster<\/title>\n<meta name=\"description\" content=\"Una cubierta abovedada que, adem\u00e1s de ser la soluci\u00f3n t\u00e9cnica, procura convertirse en un \u00fanico gesto arquitect\u00f3nico que de integridad al programa y que se constituya como la identidad visual del proyecto.\" \/>\n<meta name=\"robots\" content=\"index, follow, max-snippet:-1, max-image-preview:large, max-video-preview:-1\" \/>\n<link rel=\"canonical\" href=\"https:\/\/www.arquimaster.com.ar\/web\/colegio-de-profesionales-de-la-agrimensura-de-la-provincia-de-santa-fe-irigoyen-navarro-arquitectos\/\" \/>\n<meta property=\"og:locale\" content=\"es_ES\" \/>\n<meta property=\"og:type\" content=\"article\" \/>\n<meta property=\"og:title\" content=\"Colegio de Profesionales de la Agrimensura de la Provincia de Santa Fe \/ Irigoyen Navarro Arquitectos\" \/>\n<meta property=\"og:description\" content=\"Una cubierta abovedada que, adem\u00e1s de ser la soluci\u00f3n t\u00e9cnica, procura convertirse en un \u00fanico gesto arquitect\u00f3nico que de integridad al programa y que se constituya como la identidad visual del proyecto.\" \/>\n<meta property=\"og:url\" content=\"https:\/\/www.arquimaster.com.ar\/web\/colegio-de-profesionales-de-la-agrimensura-de-la-provincia-de-santa-fe-irigoyen-navarro-arquitectos\/\" \/>\n<meta property=\"og:site_name\" content=\"Arquimaster\" \/>\n<meta property=\"article:publisher\" content=\"http:\/\/www.facebook.com\/ARQUIMASTER.com.ar\" \/>\n<meta property=\"article:published_time\" content=\"2020-04-30T04:36:00+00:00\" \/>\n<meta property=\"article:modified_time\" content=\"2020-04-30T19:59:24+00:00\" \/>\n<meta property=\"og:image\" content=\"https:\/\/www.arquimaster.com.ar\/web\/wp-content\/uploads\/2020\/04\/sum_cpapsf_slide.jpg\" \/>\n\t<meta property=\"og:image:width\" content=\"698\" \/>\n\t<meta property=\"og:image:height\" content=\"364\" \/>\n\t<meta property=\"og:image:type\" content=\"image\/jpeg\" \/>\n<meta name=\"author\" content=\"Arquimaster\" \/>\n<meta name=\"twitter:card\" content=\"summary_large_image\" \/>\n<meta name=\"twitter:title\" content=\"Colegio de Profesionales de la Agrimensura de la Provincia de Santa Fe \/ Irigoyen Navarro Arquitectos\" \/>\n<meta name=\"twitter:description\" content=\"Una cubierta abovedada que, adem\u00e1s de ser la soluci\u00f3n t\u00e9cnica, procura convertirse en un \u00fanico gesto arquitect\u00f3nico que de integridad al programa y que se constituya como la identidad visual del proyecto.\" \/>\n<meta name=\"twitter:image\" content=\"https:\/\/www.arquimaster.com.ar\/web\/wp-content\/uploads\/2020\/04\/sum_cpapsf_slide.jpg\" \/>\n<meta name=\"twitter:creator\" content=\"@arquimaster\" \/>\n<meta name=\"twitter:site\" content=\"@arquimaster\" \/>\n<meta name=\"twitter:label1\" content=\"Escrito por\" \/>\n\t<meta name=\"twitter:data1\" content=\"Arquimaster\" \/>\n\t<meta name=\"twitter:label2\" content=\"Tiempo de lectura\" \/>\n\t<meta name=\"twitter:data2\" content=\"4 minutos\" \/>\n<script type=\"application\/ld+json\" class=\"yoast-schema-graph\">{\"@context\":\"https:\\\/\\\/schema.org\",\"@graph\":[{\"@type\":\"Article\",\"@id\":\"https:\\\/\\\/www.arquimaster.com.ar\\\/web\\\/colegio-de-profesionales-de-la-agrimensura-de-la-provincia-de-santa-fe-irigoyen-navarro-arquitectos\\\/#article\",\"isPartOf\":{\"@id\":\"https:\\\/\\\/www.arquimaster.com.ar\\\/web\\\/colegio-de-profesionales-de-la-agrimensura-de-la-provincia-de-santa-fe-irigoyen-navarro-arquitectos\\\/\"},\"author\":{\"name\":\"Arquimaster\",\"@id\":\"https:\\\/\\\/www.arquimaster.com.ar\\\/web\\\/#\\\/schema\\\/person\\\/359e9f7c00193fcde068e0dd2ceb0028\"},\"headline\":\"Colegio de Profesionales de la Agrimensura de la Provincia de Santa Fe \\\/ Irigoyen Navarro Arquitectos\",\"datePublished\":\"2020-04-30T04:36:00+00:00\",\"dateModified\":\"2020-04-30T19:59:24+00:00\",\"mainEntityOfPage\":{\"@id\":\"https:\\\/\\\/www.arquimaster.com.ar\\\/web\\\/colegio-de-profesionales-de-la-agrimensura-de-la-provincia-de-santa-fe-irigoyen-navarro-arquitectos\\\/\"},\"wordCount\":840,\"publisher\":{\"@id\":\"https:\\\/\\\/www.arquimaster.com.ar\\\/web\\\/#organization\"},\"image\":{\"@id\":\"https:\\\/\\\/www.arquimaster.com.ar\\\/web\\\/colegio-de-profesionales-de-la-agrimensura-de-la-provincia-de-santa-fe-irigoyen-navarro-arquitectos\\\/#primaryimage\"},\"thumbnailUrl\":\"https:\\\/\\\/www.arquimaster.com.ar\\\/web\\\/wp-content\\\/uploads\\\/2020\\\/04\\\/sum_cpapsf_slide.jpg\",\"keywords\":[\"agrimensura\",\"Ailen Labuckas\",\"arquitectura institucional\",\"cubierta abovedada\",\"Ignacio Irigoyen\",\"Irigoyen Navarro Arquitectos\",\"Miguel Irigoyen\",\"Santa Fe\"],\"articleSection\":[\"Arquitectura institucional\",\"Proyecto\"],\"inLanguage\":\"es\"},{\"@type\":\"WebPage\",\"@id\":\"https:\\\/\\\/www.arquimaster.com.ar\\\/web\\\/colegio-de-profesionales-de-la-agrimensura-de-la-provincia-de-santa-fe-irigoyen-navarro-arquitectos\\\/\",\"url\":\"https:\\\/\\\/www.arquimaster.com.ar\\\/web\\\/colegio-de-profesionales-de-la-agrimensura-de-la-provincia-de-santa-fe-irigoyen-navarro-arquitectos\\\/\",\"name\":\"Colegio de Profesionales de la Agrimensura de la Provincia de Santa Fe \\\/ Irigoyen Navarro Arquitectos - Arquimaster\",\"isPartOf\":{\"@id\":\"https:\\\/\\\/www.arquimaster.com.ar\\\/web\\\/#website\"},\"primaryImageOfPage\":{\"@id\":\"https:\\\/\\\/www.arquimaster.com.ar\\\/web\\\/colegio-de-profesionales-de-la-agrimensura-de-la-provincia-de-santa-fe-irigoyen-navarro-arquitectos\\\/#primaryimage\"},\"image\":{\"@id\":\"https:\\\/\\\/www.arquimaster.com.ar\\\/web\\\/colegio-de-profesionales-de-la-agrimensura-de-la-provincia-de-santa-fe-irigoyen-navarro-arquitectos\\\/#primaryimage\"},\"thumbnailUrl\":\"https:\\\/\\\/www.arquimaster.com.ar\\\/web\\\/wp-content\\\/uploads\\\/2020\\\/04\\\/sum_cpapsf_slide.jpg\",\"datePublished\":\"2020-04-30T04:36:00+00:00\",\"dateModified\":\"2020-04-30T19:59:24+00:00\",\"description\":\"Una cubierta abovedada que, adem\u00e1s de ser la soluci\u00f3n t\u00e9cnica, procura convertirse en un \u00fanico gesto arquitect\u00f3nico que de integridad al programa y que se constituya como la identidad visual del proyecto.\",\"breadcrumb\":{\"@id\":\"https:\\\/\\\/www.arquimaster.com.ar\\\/web\\\/colegio-de-profesionales-de-la-agrimensura-de-la-provincia-de-santa-fe-irigoyen-navarro-arquitectos\\\/#breadcrumb\"},\"inLanguage\":\"es\",\"potentialAction\":[{\"@type\":\"ReadAction\",\"target\":[\"https:\\\/\\\/www.arquimaster.com.ar\\\/web\\\/colegio-de-profesionales-de-la-agrimensura-de-la-provincia-de-santa-fe-irigoyen-navarro-arquitectos\\\/\"]}]},{\"@type\":\"ImageObject\",\"inLanguage\":\"es\",\"@id\":\"https:\\\/\\\/www.arquimaster.com.ar\\\/web\\\/colegio-de-profesionales-de-la-agrimensura-de-la-provincia-de-santa-fe-irigoyen-navarro-arquitectos\\\/#primaryimage\",\"url\":\"https:\\\/\\\/www.arquimaster.com.ar\\\/web\\\/wp-content\\\/uploads\\\/2020\\\/04\\\/sum_cpapsf_slide.jpg\",\"contentUrl\":\"https:\\\/\\\/www.arquimaster.com.ar\\\/web\\\/wp-content\\\/uploads\\\/2020\\\/04\\\/sum_cpapsf_slide.jpg\",\"width\":698,\"height\":364},{\"@type\":\"BreadcrumbList\",\"@id\":\"https:\\\/\\\/www.arquimaster.com.ar\\\/web\\\/colegio-de-profesionales-de-la-agrimensura-de-la-provincia-de-santa-fe-irigoyen-navarro-arquitectos\\\/#breadcrumb\",\"itemListElement\":[{\"@type\":\"ListItem\",\"position\":1,\"name\":\"Portada\",\"item\":\"https:\\\/\\\/www.arquimaster.com.ar\\\/web\\\/\"},{\"@type\":\"ListItem\",\"position\":2,\"name\":\"Colegio de Profesionales de la Agrimensura de la Provincia de Santa Fe \\\/ Irigoyen Navarro Arquitectos\"}]},{\"@type\":\"WebSite\",\"@id\":\"https:\\\/\\\/www.arquimaster.com.ar\\\/web\\\/#website\",\"url\":\"https:\\\/\\\/www.arquimaster.com.ar\\\/web\\\/\",\"name\":\"Arquimaster\",\"description\":\"Web de arquitectura, dise\u00f1o y construccion\",\"publisher\":{\"@id\":\"https:\\\/\\\/www.arquimaster.com.ar\\\/web\\\/#organization\"},\"potentialAction\":[{\"@type\":\"SearchAction\",\"target\":{\"@type\":\"EntryPoint\",\"urlTemplate\":\"https:\\\/\\\/www.arquimaster.com.ar\\\/web\\\/?s={search_term_string}\"},\"query-input\":{\"@type\":\"PropertyValueSpecification\",\"valueRequired\":true,\"valueName\":\"search_term_string\"}}],\"inLanguage\":\"es\"},{\"@type\":\"Organization\",\"@id\":\"https:\\\/\\\/www.arquimaster.com.ar\\\/web\\\/#organization\",\"name\":\"Arquimaster\",\"url\":\"https:\\\/\\\/www.arquimaster.com.ar\\\/web\\\/\",\"logo\":{\"@type\":\"ImageObject\",\"inLanguage\":\"es\",\"@id\":\"https:\\\/\\\/www.arquimaster.com.ar\\\/web\\\/#\\\/schema\\\/logo\\\/image\\\/\",\"url\":\"https:\\\/\\\/www.arquimaster.com.ar\\\/web\\\/wp-content\\\/uploads\\\/2022\\\/06\\\/arquimaster.png\",\"contentUrl\":\"https:\\\/\\\/www.arquimaster.com.ar\\\/web\\\/wp-content\\\/uploads\\\/2022\\\/06\\\/arquimaster.png\",\"width\":594,\"height\":78,\"caption\":\"Arquimaster\"},\"image\":{\"@id\":\"https:\\\/\\\/www.arquimaster.com.ar\\\/web\\\/#\\\/schema\\\/logo\\\/image\\\/\"},\"sameAs\":[\"http:\\\/\\\/www.facebook.com\\\/ARQUIMASTER.com.ar\",\"https:\\\/\\\/x.com\\\/arquimaster\",\"https:\\\/\\\/www.instagram.com\\\/arquimasterblog\\\/\",\"https:\\\/\\\/www.linkedin.com\\\/company\\\/arquimaster\",\"https:\\\/\\\/www.pinterest.com\\\/arquimaster\",\"https:\\\/\\\/t.me\\\/arquimaster\"]},{\"@type\":\"Person\",\"@id\":\"https:\\\/\\\/www.arquimaster.com.ar\\\/web\\\/#\\\/schema\\\/person\\\/359e9f7c00193fcde068e0dd2ceb0028\",\"name\":\"Arquimaster\"}]}<\/script>\n<!-- \/ Yoast SEO plugin. -->","yoast_head_json":{"title":"Colegio de Profesionales de la Agrimensura de la Provincia de Santa Fe \/ Irigoyen Navarro Arquitectos - Arquimaster","description":"Una cubierta abovedada que, adem\u00e1s de ser la soluci\u00f3n t\u00e9cnica, procura convertirse en un \u00fanico gesto arquitect\u00f3nico que de integridad al programa y que se constituya como la identidad visual del proyecto.","robots":{"index":"index","follow":"follow","max-snippet":"max-snippet:-1","max-image-preview":"max-image-preview:large","max-video-preview":"max-video-preview:-1"},"canonical":"https:\/\/www.arquimaster.com.ar\/web\/colegio-de-profesionales-de-la-agrimensura-de-la-provincia-de-santa-fe-irigoyen-navarro-arquitectos\/","og_locale":"es_ES","og_type":"article","og_title":"Colegio de Profesionales de la Agrimensura de la Provincia de Santa Fe \/ Irigoyen Navarro Arquitectos","og_description":"Una cubierta abovedada que, adem\u00e1s de ser la soluci\u00f3n t\u00e9cnica, procura convertirse en un \u00fanico gesto arquitect\u00f3nico que de integridad al programa y que se constituya como la identidad visual del proyecto.","og_url":"https:\/\/www.arquimaster.com.ar\/web\/colegio-de-profesionales-de-la-agrimensura-de-la-provincia-de-santa-fe-irigoyen-navarro-arquitectos\/","og_site_name":"Arquimaster","article_publisher":"http:\/\/www.facebook.com\/ARQUIMASTER.com.ar","article_published_time":"2020-04-30T04:36:00+00:00","article_modified_time":"2020-04-30T19:59:24+00:00","og_image":[{"width":698,"height":364,"url":"https:\/\/www.arquimaster.com.ar\/web\/wp-content\/uploads\/2020\/04\/sum_cpapsf_slide.jpg","type":"image\/jpeg"}],"author":"Arquimaster","twitter_card":"summary_large_image","twitter_title":"Colegio de Profesionales de la Agrimensura de la Provincia de Santa Fe \/ Irigoyen Navarro Arquitectos","twitter_description":"Una cubierta abovedada que, adem\u00e1s de ser la soluci\u00f3n t\u00e9cnica, procura convertirse en un \u00fanico gesto arquitect\u00f3nico que de integridad al programa y que se constituya como la identidad visual del proyecto.","twitter_image":"https:\/\/www.arquimaster.com.ar\/web\/wp-content\/uploads\/2020\/04\/sum_cpapsf_slide.jpg","twitter_creator":"@arquimaster","twitter_site":"@arquimaster","twitter_misc":{"Escrito por":"Arquimaster","Tiempo de lectura":"4 minutos"},"schema":{"@context":"https:\/\/schema.org","@graph":[{"@type":"Article","@id":"https:\/\/www.arquimaster.com.ar\/web\/colegio-de-profesionales-de-la-agrimensura-de-la-provincia-de-santa-fe-irigoyen-navarro-arquitectos\/#article","isPartOf":{"@id":"https:\/\/www.arquimaster.com.ar\/web\/colegio-de-profesionales-de-la-agrimensura-de-la-provincia-de-santa-fe-irigoyen-navarro-arquitectos\/"},"author":{"name":"Arquimaster","@id":"https:\/\/www.arquimaster.com.ar\/web\/#\/schema\/person\/359e9f7c00193fcde068e0dd2ceb0028"},"headline":"Colegio de Profesionales de la Agrimensura de la Provincia de Santa Fe \/ Irigoyen Navarro Arquitectos","datePublished":"2020-04-30T04:36:00+00:00","dateModified":"2020-04-30T19:59:24+00:00","mainEntityOfPage":{"@id":"https:\/\/www.arquimaster.com.ar\/web\/colegio-de-profesionales-de-la-agrimensura-de-la-provincia-de-santa-fe-irigoyen-navarro-arquitectos\/"},"wordCount":840,"publisher":{"@id":"https:\/\/www.arquimaster.com.ar\/web\/#organization"},"image":{"@id":"https:\/\/www.arquimaster.com.ar\/web\/colegio-de-profesionales-de-la-agrimensura-de-la-provincia-de-santa-fe-irigoyen-navarro-arquitectos\/#primaryimage"},"thumbnailUrl":"https:\/\/www.arquimaster.com.ar\/web\/wp-content\/uploads\/2020\/04\/sum_cpapsf_slide.jpg","keywords":["agrimensura","Ailen Labuckas","arquitectura institucional","cubierta abovedada","Ignacio Irigoyen","Irigoyen Navarro Arquitectos","Miguel Irigoyen","Santa Fe"],"articleSection":["Arquitectura institucional","Proyecto"],"inLanguage":"es"},{"@type":"WebPage","@id":"https:\/\/www.arquimaster.com.ar\/web\/colegio-de-profesionales-de-la-agrimensura-de-la-provincia-de-santa-fe-irigoyen-navarro-arquitectos\/","url":"https:\/\/www.arquimaster.com.ar\/web\/colegio-de-profesionales-de-la-agrimensura-de-la-provincia-de-santa-fe-irigoyen-navarro-arquitectos\/","name":"Colegio de Profesionales de la Agrimensura de la Provincia de Santa Fe \/ Irigoyen Navarro Arquitectos - Arquimaster","isPartOf":{"@id":"https:\/\/www.arquimaster.com.ar\/web\/#website"},"primaryImageOfPage":{"@id":"https:\/\/www.arquimaster.com.ar\/web\/colegio-de-profesionales-de-la-agrimensura-de-la-provincia-de-santa-fe-irigoyen-navarro-arquitectos\/#primaryimage"},"image":{"@id":"https:\/\/www.arquimaster.com.ar\/web\/colegio-de-profesionales-de-la-agrimensura-de-la-provincia-de-santa-fe-irigoyen-navarro-arquitectos\/#primaryimage"},"thumbnailUrl":"https:\/\/www.arquimaster.com.ar\/web\/wp-content\/uploads\/2020\/04\/sum_cpapsf_slide.jpg","datePublished":"2020-04-30T04:36:00+00:00","dateModified":"2020-04-30T19:59:24+00:00","description":"Una cubierta abovedada que, adem\u00e1s de ser la soluci\u00f3n t\u00e9cnica, procura convertirse en un \u00fanico gesto arquitect\u00f3nico que de integridad al programa y que se constituya como la identidad visual del proyecto.","breadcrumb":{"@id":"https:\/\/www.arquimaster.com.ar\/web\/colegio-de-profesionales-de-la-agrimensura-de-la-provincia-de-santa-fe-irigoyen-navarro-arquitectos\/#breadcrumb"},"inLanguage":"es","potentialAction":[{"@type":"ReadAction","target":["https:\/\/www.arquimaster.com.ar\/web\/colegio-de-profesionales-de-la-agrimensura-de-la-provincia-de-santa-fe-irigoyen-navarro-arquitectos\/"]}]},{"@type":"ImageObject","inLanguage":"es","@id":"https:\/\/www.arquimaster.com.ar\/web\/colegio-de-profesionales-de-la-agrimensura-de-la-provincia-de-santa-fe-irigoyen-navarro-arquitectos\/#primaryimage","url":"https:\/\/www.arquimaster.com.ar\/web\/wp-content\/uploads\/2020\/04\/sum_cpapsf_slide.jpg","contentUrl":"https:\/\/www.arquimaster.com.ar\/web\/wp-content\/uploads\/2020\/04\/sum_cpapsf_slide.jpg","width":698,"height":364},{"@type":"BreadcrumbList","@id":"https:\/\/www.arquimaster.com.ar\/web\/colegio-de-profesionales-de-la-agrimensura-de-la-provincia-de-santa-fe-irigoyen-navarro-arquitectos\/#breadcrumb","itemListElement":[{"@type":"ListItem","position":1,"name":"Portada","item":"https:\/\/www.arquimaster.com.ar\/web\/"},{"@type":"ListItem","position":2,"name":"Colegio de Profesionales de la Agrimensura de la Provincia de Santa Fe \/ Irigoyen Navarro Arquitectos"}]},{"@type":"WebSite","@id":"https:\/\/www.arquimaster.com.ar\/web\/#website","url":"https:\/\/www.arquimaster.com.ar\/web\/","name":"Arquimaster","description":"Web de arquitectura, dise\u00f1o y construccion","publisher":{"@id":"https:\/\/www.arquimaster.com.ar\/web\/#organization"},"potentialAction":[{"@type":"SearchAction","target":{"@type":"EntryPoint","urlTemplate":"https:\/\/www.arquimaster.com.ar\/web\/?s={search_term_string}"},"query-input":{"@type":"PropertyValueSpecification","valueRequired":true,"valueName":"search_term_string"}}],"inLanguage":"es"},{"@type":"Organization","@id":"https:\/\/www.arquimaster.com.ar\/web\/#organization","name":"Arquimaster","url":"https:\/\/www.arquimaster.com.ar\/web\/","logo":{"@type":"ImageObject","inLanguage":"es","@id":"https:\/\/www.arquimaster.com.ar\/web\/#\/schema\/logo\/image\/","url":"https:\/\/www.arquimaster.com.ar\/web\/wp-content\/uploads\/2022\/06\/arquimaster.png","contentUrl":"https:\/\/www.arquimaster.com.ar\/web\/wp-content\/uploads\/2022\/06\/arquimaster.png","width":594,"height":78,"caption":"Arquimaster"},"image":{"@id":"https:\/\/www.arquimaster.com.ar\/web\/#\/schema\/logo\/image\/"},"sameAs":["http:\/\/www.facebook.com\/ARQUIMASTER.com.ar","https:\/\/x.com\/arquimaster","https:\/\/www.instagram.com\/arquimasterblog\/","https:\/\/www.linkedin.com\/company\/arquimaster","https:\/\/www.pinterest.com\/arquimaster","https:\/\/t.me\/arquimaster"]},{"@type":"Person","@id":"https:\/\/www.arquimaster.com.ar\/web\/#\/schema\/person\/359e9f7c00193fcde068e0dd2ceb0028","name":"Arquimaster"}]}},"uagb_featured_image_src":{"full":["https:\/\/www.arquimaster.com.ar\/web\/wp-content\/uploads\/2020\/04\/sum_cpapsf_slide.jpg",698,364,false],"thumbnail":["https:\/\/www.arquimaster.com.ar\/web\/wp-content\/uploads\/2020\/04\/sum_cpapsf_slide-150x150.jpg",150,150,true],"medium":["https:\/\/www.arquimaster.com.ar\/web\/wp-content\/uploads\/2020\/04\/sum_cpapsf_slide.jpg",698,364,false],"medium_large":["https:\/\/www.arquimaster.com.ar\/web\/wp-content\/uploads\/2020\/04\/sum_cpapsf_slide.jpg",698,364,false],"large":["https:\/\/www.arquimaster.com.ar\/web\/wp-content\/uploads\/2020\/04\/sum_cpapsf_slide.jpg",698,364,false],"1536x1536":["https:\/\/www.arquimaster.com.ar\/web\/wp-content\/uploads\/2020\/04\/sum_cpapsf_slide.jpg",698,364,false],"2048x2048":["https:\/\/www.arquimaster.com.ar\/web\/wp-content\/uploads\/2020\/04\/sum_cpapsf_slide.jpg",698,364,false]},"uagb_author_info":{"display_name":"Arquimaster","author_link":"https:\/\/www.arquimaster.com.ar\/web\/author\/arquimaster\/"},"uagb_comment_info":0,"uagb_excerpt":"Una cubierta abovedada procura convertirse en un \u00fanico gesto arquitect\u00f3nico..","_links":{"self":[{"href":"https:\/\/www.arquimaster.com.ar\/web\/wp-json\/wp\/v2\/posts\/55324","targetHints":{"allow":["GET"]}}],"collection":[{"href":"https:\/\/www.arquimaster.com.ar\/web\/wp-json\/wp\/v2\/posts"}],"about":[{"href":"https:\/\/www.arquimaster.com.ar\/web\/wp-json\/wp\/v2\/types\/post"}],"author":[{"embeddable":true,"href":"https:\/\/www.arquimaster.com.ar\/web\/wp-json\/wp\/v2\/users\/1"}],"replies":[{"embeddable":true,"href":"https:\/\/www.arquimaster.com.ar\/web\/wp-json\/wp\/v2\/comments?post=55324"}],"version-history":[{"count":2,"href":"https:\/\/www.arquimaster.com.ar\/web\/wp-json\/wp\/v2\/posts\/55324\/revisions"}],"predecessor-version":[{"id":55354,"href":"https:\/\/www.arquimaster.com.ar\/web\/wp-json\/wp\/v2\/posts\/55324\/revisions\/55354"}],"wp:featuredmedia":[{"embeddable":true,"href":"https:\/\/www.arquimaster.com.ar\/web\/wp-json\/wp\/v2\/media\/55325"}],"wp:attachment":[{"href":"https:\/\/www.arquimaster.com.ar\/web\/wp-json\/wp\/v2\/media?parent=55324"}],"wp:term":[{"taxonomy":"category","embeddable":true,"href":"https:\/\/www.arquimaster.com.ar\/web\/wp-json\/wp\/v2\/categories?post=55324"},{"taxonomy":"post_tag","embeddable":true,"href":"https:\/\/www.arquimaster.com.ar\/web\/wp-json\/wp\/v2\/tags?post=55324"}],"curies":[{"name":"wp","href":"https:\/\/api.w.org\/{rel}","templated":true}]}}