{"id":55486,"date":"2020-05-07T20:32:23","date_gmt":"2020-05-07T23:32:23","guid":{"rendered":"https:\/\/www.arquimaster.com.ar\/web\/?p=55486"},"modified":"2020-05-08T15:26:11","modified_gmt":"2020-05-08T18:26:11","slug":"clinica-dental-acevedo-ylab-arquitectos","status":"publish","type":"post","link":"https:\/\/www.arquimaster.com.ar\/web\/clinica-dental-acevedo-ylab-arquitectos\/","title":{"rendered":"Cl\u00ednica dental Acevedo \/ YLAB Arquitectos"},"content":{"rendered":"<div style=\"margin-top: 0px; margin-bottom: 0px;\" class=\"sharethis-inline-share-buttons\" ><\/div><div class=\"b812932af2e751442846f039925109de\" data-index=\"1\" style=\"float: none; margin:25px 0 25px 0; text-align:center;\">\n<script async src=\"https:\/\/pagead2.googlesyndication.com\/pagead\/js\/adsbygoogle.js\"><\/script>\r\n<!-- Arquimaster (superior) -->\r\n<ins class=\"adsbygoogle\"\r\n     style=\"display:block\"\r\n     data-ad-client=\"ca-pub-6351072698456832\"\r\n     data-ad-slot=\"6455489680\"\r\n     data-ad-format=\"auto\"\r\n     data-full-width-responsive=\"true\"><\/ins>\r\n<script>\r\n     (adsbygoogle = window.adsbygoogle || []).push({});\r\n<\/script>\n<\/div>\n<p><strong>Cl\u00ednica dental Acevedo<\/strong> (Sant Boi de Llobregat, Barcelona) por <strong>YLAB Arquitectos<\/strong>. Situada en una transitada calle de Sant Boi de Llobregat, una ciudad vecina de Barcelona, esta cl\u00ednica dental ha sido dise\u00f1ada para captar la atenci\u00f3n de los peatones y del abundante tr\u00e1fico rodado. El local, un establecimiento di\u00e1fano en planta calle, era m\u00e1s bien justo para el programa requerido, pero en cambio ofrec\u00eda una fachada amplia y con mucha visibilidad que hab\u00eda que aprovechar.<\/p>\n<div id='gallery-1' class='gallery galleryid-55486 gallery-columns-3 gallery-size-thumbnail'><figure class='gallery-item'>\n\t\t\t<div class='gallery-icon portrait'>\n\t\t\t\t<a href='https:\/\/www.arquimaster.com.ar\/web\/wp-content\/uploads\/2020\/05\/clinica_dental_acevedo1.jpg' title=\"Cl\u00ednica dental Acevedo \/ YLAB Arquitectos\" data-rl_title=\"Cl\u00ednica dental Acevedo \/ YLAB Arquitectos\" class=\"rl-gallery-link\" data-rl_caption=\"Cl\u00ednica dental Acevedo \/ YLAB Arquitectos\" data-rel=\"lightbox-gallery-1\"><img loading=\"lazy\" decoding=\"async\" width=\"150\" height=\"150\" src=\"https:\/\/www.arquimaster.com.ar\/web\/wp-content\/uploads\/2020\/05\/clinica_dental_acevedo1-150x150.jpg\" class=\"attachment-thumbnail size-thumbnail\" alt=\"\" aria-describedby=\"gallery-1-55488\" \/><\/a>\n\t\t\t<\/div>\n\t\t\t\t<figcaption class='wp-caption-text gallery-caption' id='gallery-1-55488'>\n\t\t\t\tCl\u00ednica dental Acevedo \/ YLAB Arquitectos\n\t\t\t\t<\/figcaption><\/figure><figure class='gallery-item'>\n\t\t\t<div class='gallery-icon portrait'>\n\t\t\t\t<a href='https:\/\/www.arquimaster.com.ar\/web\/wp-content\/uploads\/2020\/05\/clinica_dental_acevedo2.jpg' title=\"Cl\u00ednica dental Acevedo \/ YLAB Arquitectos\" data-rl_title=\"Cl\u00ednica dental Acevedo \/ YLAB Arquitectos\" class=\"rl-gallery-link\" data-rl_caption=\"Cl\u00ednica dental Acevedo \/ YLAB Arquitectos\" data-rel=\"lightbox-gallery-1\"><img loading=\"lazy\" decoding=\"async\" width=\"150\" height=\"150\" src=\"https:\/\/www.arquimaster.com.ar\/web\/wp-content\/uploads\/2020\/05\/clinica_dental_acevedo2-150x150.jpg\" class=\"attachment-thumbnail size-thumbnail\" alt=\"\" aria-describedby=\"gallery-1-55489\" \/><\/a>\n\t\t\t<\/div>\n\t\t\t\t<figcaption class='wp-caption-text gallery-caption' id='gallery-1-55489'>\n\t\t\t\tCl\u00ednica dental Acevedo \/ YLAB Arquitectos\n\t\t\t\t<\/figcaption><\/figure><figure class='gallery-item'>\n\t\t\t<div class='gallery-icon portrait'>\n\t\t\t\t<a href='https:\/\/www.arquimaster.com.ar\/web\/wp-content\/uploads\/2020\/05\/clinica_dental_acevedo3.jpg' title=\"Cl\u00ednica dental Acevedo \/ YLAB Arquitectos\" data-rl_title=\"Cl\u00ednica dental Acevedo \/ YLAB Arquitectos\" class=\"rl-gallery-link\" data-rl_caption=\"Cl\u00ednica dental Acevedo \/ YLAB Arquitectos\" data-rel=\"lightbox-gallery-1\"><img loading=\"lazy\" decoding=\"async\" width=\"150\" height=\"150\" src=\"https:\/\/www.arquimaster.com.ar\/web\/wp-content\/uploads\/2020\/05\/clinica_dental_acevedo3-150x150.jpg\" class=\"attachment-thumbnail size-thumbnail\" alt=\"\" aria-describedby=\"gallery-1-55490\" \/><\/a>\n\t\t\t<\/div>\n\t\t\t\t<figcaption class='wp-caption-text gallery-caption' id='gallery-1-55490'>\n\t\t\t\tCl\u00ednica dental Acevedo \/ YLAB Arquitectos\n\t\t\t\t<\/figcaption><\/figure><figure class='gallery-item'>\n\t\t\t<div class='gallery-icon portrait'>\n\t\t\t\t<a href='https:\/\/www.arquimaster.com.ar\/web\/wp-content\/uploads\/2020\/05\/clinica_dental_acevedo4.jpg' title=\"Cl\u00ednica dental Acevedo \/ YLAB Arquitectos\" data-rl_title=\"Cl\u00ednica dental Acevedo \/ YLAB Arquitectos\" class=\"rl-gallery-link\" data-rl_caption=\"Cl\u00ednica dental Acevedo \/ YLAB Arquitectos\" data-rel=\"lightbox-gallery-1\"><img loading=\"lazy\" decoding=\"async\" width=\"150\" height=\"150\" src=\"https:\/\/www.arquimaster.com.ar\/web\/wp-content\/uploads\/2020\/05\/clinica_dental_acevedo4-150x150.jpg\" class=\"attachment-thumbnail size-thumbnail\" alt=\"\" aria-describedby=\"gallery-1-55491\" \/><\/a>\n\t\t\t<\/div>\n\t\t\t\t<figcaption class='wp-caption-text gallery-caption' id='gallery-1-55491'>\n\t\t\t\tCl\u00ednica dental Acevedo \/ YLAB Arquitectos\n\t\t\t\t<\/figcaption><\/figure><figure class='gallery-item'>\n\t\t\t<div class='gallery-icon portrait'>\n\t\t\t\t<a href='https:\/\/www.arquimaster.com.ar\/web\/wp-content\/uploads\/2020\/05\/clinica_dental_acevedo5.jpg' title=\"Cl\u00ednica dental Acevedo \/ YLAB Arquitectos\" data-rl_title=\"Cl\u00ednica dental Acevedo \/ YLAB Arquitectos\" class=\"rl-gallery-link\" data-rl_caption=\"Cl\u00ednica dental Acevedo \/ YLAB Arquitectos\" data-rel=\"lightbox-gallery-1\"><img loading=\"lazy\" decoding=\"async\" width=\"150\" height=\"150\" src=\"https:\/\/www.arquimaster.com.ar\/web\/wp-content\/uploads\/2020\/05\/clinica_dental_acevedo5-150x150.jpg\" class=\"attachment-thumbnail size-thumbnail\" alt=\"\" aria-describedby=\"gallery-1-55492\" \/><\/a>\n\t\t\t<\/div>\n\t\t\t\t<figcaption class='wp-caption-text gallery-caption' id='gallery-1-55492'>\n\t\t\t\tCl\u00ednica dental Acevedo \/ YLAB Arquitectos\n\t\t\t\t<\/figcaption><\/figure><figure class='gallery-item'>\n\t\t\t<div class='gallery-icon portrait'>\n\t\t\t\t<a href='https:\/\/www.arquimaster.com.ar\/web\/wp-content\/uploads\/2020\/05\/clinica_dental_acevedo6.jpg' title=\"Cl\u00ednica dental Acevedo \/ YLAB Arquitectos\" data-rl_title=\"Cl\u00ednica dental Acevedo \/ YLAB Arquitectos\" class=\"rl-gallery-link\" data-rl_caption=\"Cl\u00ednica dental Acevedo \/ YLAB Arquitectos\" data-rel=\"lightbox-gallery-1\"><img loading=\"lazy\" decoding=\"async\" width=\"150\" height=\"150\" src=\"https:\/\/www.arquimaster.com.ar\/web\/wp-content\/uploads\/2020\/05\/clinica_dental_acevedo6-150x150.jpg\" class=\"attachment-thumbnail size-thumbnail\" alt=\"\" aria-describedby=\"gallery-1-55493\" \/><\/a>\n\t\t\t<\/div>\n\t\t\t\t<figcaption class='wp-caption-text gallery-caption' id='gallery-1-55493'>\n\t\t\t\tCl\u00ednica dental Acevedo \/ YLAB Arquitectos\n\t\t\t\t<\/figcaption><\/figure><figure class='gallery-item'>\n\t\t\t<div class='gallery-icon portrait'>\n\t\t\t\t<a href='https:\/\/www.arquimaster.com.ar\/web\/wp-content\/uploads\/2020\/05\/clinica_dental_acevedo7.jpg' title=\"Cl\u00ednica dental Acevedo \/ YLAB Arquitectos\" data-rl_title=\"Cl\u00ednica dental Acevedo \/ YLAB Arquitectos\" class=\"rl-gallery-link\" data-rl_caption=\"Cl\u00ednica dental Acevedo \/ YLAB Arquitectos\" data-rel=\"lightbox-gallery-1\"><img loading=\"lazy\" decoding=\"async\" width=\"150\" height=\"150\" src=\"https:\/\/www.arquimaster.com.ar\/web\/wp-content\/uploads\/2020\/05\/clinica_dental_acevedo7-150x150.jpg\" class=\"attachment-thumbnail size-thumbnail\" alt=\"\" aria-describedby=\"gallery-1-55494\" \/><\/a>\n\t\t\t<\/div>\n\t\t\t\t<figcaption class='wp-caption-text gallery-caption' id='gallery-1-55494'>\n\t\t\t\tCl\u00ednica dental Acevedo \/ YLAB Arquitectos\n\t\t\t\t<\/figcaption><\/figure><figure class='gallery-item'>\n\t\t\t<div class='gallery-icon portrait'>\n\t\t\t\t<a href='https:\/\/www.arquimaster.com.ar\/web\/wp-content\/uploads\/2020\/05\/clinica_dental_acevedo8.jpg' title=\"Cl\u00ednica dental Acevedo \/ YLAB Arquitectos\" data-rl_title=\"Cl\u00ednica dental Acevedo \/ YLAB Arquitectos\" class=\"rl-gallery-link\" data-rl_caption=\"Cl\u00ednica dental Acevedo \/ YLAB Arquitectos\" data-rel=\"lightbox-gallery-1\"><img loading=\"lazy\" decoding=\"async\" width=\"150\" height=\"150\" src=\"https:\/\/www.arquimaster.com.ar\/web\/wp-content\/uploads\/2020\/05\/clinica_dental_acevedo8-150x150.jpg\" class=\"attachment-thumbnail size-thumbnail\" alt=\"\" aria-describedby=\"gallery-1-55495\" \/><\/a>\n\t\t\t<\/div>\n\t\t\t\t<figcaption class='wp-caption-text gallery-caption' id='gallery-1-55495'>\n\t\t\t\tCl\u00ednica dental Acevedo \/ YLAB Arquitectos\n\t\t\t\t<\/figcaption><\/figure><figure class='gallery-item'>\n\t\t\t<div class='gallery-icon portrait'>\n\t\t\t\t<a href='https:\/\/www.arquimaster.com.ar\/web\/wp-content\/uploads\/2020\/05\/clinica_dental_acevedo9.jpg' title=\"Cl\u00ednica dental Acevedo \/ YLAB Arquitectos\" data-rl_title=\"Cl\u00ednica dental Acevedo \/ YLAB Arquitectos\" class=\"rl-gallery-link\" data-rl_caption=\"Cl\u00ednica dental Acevedo \/ YLAB Arquitectos\" data-rel=\"lightbox-gallery-1\"><img loading=\"lazy\" decoding=\"async\" width=\"150\" height=\"150\" src=\"https:\/\/www.arquimaster.com.ar\/web\/wp-content\/uploads\/2020\/05\/clinica_dental_acevedo9-150x150.jpg\" class=\"attachment-thumbnail size-thumbnail\" alt=\"\" aria-describedby=\"gallery-1-55496\" \/><\/a>\n\t\t\t<\/div>\n\t\t\t\t<figcaption class='wp-caption-text gallery-caption' id='gallery-1-55496'>\n\t\t\t\tCl\u00ednica dental Acevedo \/ YLAB Arquitectos\n\t\t\t\t<\/figcaption><\/figure><figure class='gallery-item'>\n\t\t\t<div class='gallery-icon portrait'>\n\t\t\t\t<a href='https:\/\/www.arquimaster.com.ar\/web\/wp-content\/uploads\/2020\/05\/clinica_dental_acevedo10.jpg' title=\"Cl\u00ednica dental Acevedo \/ YLAB Arquitectos\" data-rl_title=\"Cl\u00ednica dental Acevedo \/ YLAB Arquitectos\" class=\"rl-gallery-link\" data-rl_caption=\"Cl\u00ednica dental Acevedo \/ YLAB Arquitectos\" data-rel=\"lightbox-gallery-1\"><img loading=\"lazy\" decoding=\"async\" width=\"150\" height=\"150\" src=\"https:\/\/www.arquimaster.com.ar\/web\/wp-content\/uploads\/2020\/05\/clinica_dental_acevedo10-150x150.jpg\" class=\"attachment-thumbnail size-thumbnail\" alt=\"\" aria-describedby=\"gallery-1-55497\" \/><\/a>\n\t\t\t<\/div>\n\t\t\t\t<figcaption class='wp-caption-text gallery-caption' id='gallery-1-55497'>\n\t\t\t\tCl\u00ednica dental Acevedo \/ YLAB Arquitectos\n\t\t\t\t<\/figcaption><\/figure><figure class='gallery-item'>\n\t\t\t<div class='gallery-icon portrait'>\n\t\t\t\t<a href='https:\/\/www.arquimaster.com.ar\/web\/wp-content\/uploads\/2020\/05\/clinica_dental_acevedo11.jpg' title=\"Cl\u00ednica dental Acevedo \/ YLAB Arquitectos\" data-rl_title=\"Cl\u00ednica dental Acevedo \/ YLAB Arquitectos\" class=\"rl-gallery-link\" data-rl_caption=\"Cl\u00ednica dental Acevedo \/ YLAB Arquitectos\" data-rel=\"lightbox-gallery-1\"><img loading=\"lazy\" decoding=\"async\" width=\"150\" height=\"150\" src=\"https:\/\/www.arquimaster.com.ar\/web\/wp-content\/uploads\/2020\/05\/clinica_dental_acevedo11-150x150.jpg\" class=\"attachment-thumbnail size-thumbnail\" alt=\"\" aria-describedby=\"gallery-1-55498\" \/><\/a>\n\t\t\t<\/div>\n\t\t\t\t<figcaption class='wp-caption-text gallery-caption' id='gallery-1-55498'>\n\t\t\t\tCl\u00ednica dental Acevedo \/ YLAB Arquitectos\n\t\t\t\t<\/figcaption><\/figure><figure class='gallery-item'>\n\t\t\t<div class='gallery-icon portrait'>\n\t\t\t\t<a href='https:\/\/www.arquimaster.com.ar\/web\/wp-content\/uploads\/2020\/05\/clinica_dental_acevedo12.jpg' title=\"Cl\u00ednica dental Acevedo \/ YLAB Arquitectos\" data-rl_title=\"Cl\u00ednica dental Acevedo \/ YLAB Arquitectos\" class=\"rl-gallery-link\" data-rl_caption=\"Cl\u00ednica dental Acevedo \/ YLAB Arquitectos\" data-rel=\"lightbox-gallery-1\"><img loading=\"lazy\" decoding=\"async\" width=\"150\" height=\"150\" src=\"https:\/\/www.arquimaster.com.ar\/web\/wp-content\/uploads\/2020\/05\/clinica_dental_acevedo12-150x150.jpg\" class=\"attachment-thumbnail size-thumbnail\" alt=\"\" aria-describedby=\"gallery-1-55499\" \/><\/a>\n\t\t\t<\/div>\n\t\t\t\t<figcaption class='wp-caption-text gallery-caption' id='gallery-1-55499'>\n\t\t\t\tCl\u00ednica dental Acevedo \/ YLAB Arquitectos\n\t\t\t\t<\/figcaption><\/figure><figure class='gallery-item'>\n\t\t\t<div class='gallery-icon landscape'>\n\t\t\t\t<a href='https:\/\/www.arquimaster.com.ar\/web\/wp-content\/uploads\/2020\/05\/clinica_dental_acevedo13.jpg' title=\"Cl\u00ednica dental Acevedo \/ YLAB Arquitectos\" data-rl_title=\"Cl\u00ednica dental Acevedo \/ YLAB Arquitectos\" class=\"rl-gallery-link\" data-rl_caption=\"Cl\u00ednica dental Acevedo \/ YLAB Arquitectos\" data-rel=\"lightbox-gallery-1\"><img loading=\"lazy\" decoding=\"async\" width=\"150\" height=\"150\" src=\"https:\/\/www.arquimaster.com.ar\/web\/wp-content\/uploads\/2020\/05\/clinica_dental_acevedo13-150x150.jpg\" class=\"attachment-thumbnail size-thumbnail\" alt=\"\" aria-describedby=\"gallery-1-55500\" srcset=\"https:\/\/www.arquimaster.com.ar\/web\/wp-content\/uploads\/2020\/05\/clinica_dental_acevedo13-150x150.jpg 150w, https:\/\/www.arquimaster.com.ar\/web\/wp-content\/uploads\/2020\/05\/clinica_dental_acevedo13-1024x1023.jpg 1024w, https:\/\/www.arquimaster.com.ar\/web\/wp-content\/uploads\/2020\/05\/clinica_dental_acevedo13-768x767.jpg 768w, https:\/\/www.arquimaster.com.ar\/web\/wp-content\/uploads\/2020\/05\/clinica_dental_acevedo13.jpg 1500w\" sizes=\"auto, (max-width: 150px) 100vw, 150px\" \/><\/a>\n\t\t\t<\/div>\n\t\t\t\t<figcaption class='wp-caption-text gallery-caption' id='gallery-1-55500'>\n\t\t\t\tCl\u00ednica dental Acevedo \/ YLAB Arquitectos\n\t\t\t\t<\/figcaption><\/figure><figure class='gallery-item'>\n\t\t\t<div class='gallery-icon landscape'>\n\t\t\t\t<a href='https:\/\/www.arquimaster.com.ar\/web\/wp-content\/uploads\/2020\/05\/clinica_dental_acevedo14.jpg' title=\"Cl\u00ednica dental Acevedo \/ YLAB Arquitectos\" data-rl_title=\"Cl\u00ednica dental Acevedo \/ YLAB Arquitectos\" class=\"rl-gallery-link\" data-rl_caption=\"Cl\u00ednica dental Acevedo \/ YLAB Arquitectos\" data-rel=\"lightbox-gallery-1\"><img loading=\"lazy\" decoding=\"async\" width=\"150\" height=\"150\" src=\"https:\/\/www.arquimaster.com.ar\/web\/wp-content\/uploads\/2020\/05\/clinica_dental_acevedo14-150x150.jpg\" class=\"attachment-thumbnail size-thumbnail\" alt=\"\" aria-describedby=\"gallery-1-55501\" \/><\/a>\n\t\t\t<\/div>\n\t\t\t\t<figcaption class='wp-caption-text gallery-caption' id='gallery-1-55501'>\n\t\t\t\tCl\u00ednica dental Acevedo \/ YLAB Arquitectos\n\t\t\t\t<\/figcaption><\/figure><figure class='gallery-item'>\n\t\t\t<div class='gallery-icon portrait'>\n\t\t\t\t<a href='https:\/\/www.arquimaster.com.ar\/web\/wp-content\/uploads\/2020\/05\/clinica_dental_acevedo15.jpg' title=\"Cl\u00ednica dental Acevedo \/ YLAB Arquitectos\" data-rl_title=\"Cl\u00ednica dental Acevedo \/ YLAB Arquitectos\" class=\"rl-gallery-link\" data-rl_caption=\"Cl\u00ednica dental Acevedo \/ YLAB Arquitectos\" data-rel=\"lightbox-gallery-1\"><img loading=\"lazy\" decoding=\"async\" width=\"150\" height=\"150\" src=\"https:\/\/www.arquimaster.com.ar\/web\/wp-content\/uploads\/2020\/05\/clinica_dental_acevedo15-150x150.jpg\" class=\"attachment-thumbnail size-thumbnail\" alt=\"\" aria-describedby=\"gallery-1-55502\" \/><\/a>\n\t\t\t<\/div>\n\t\t\t\t<figcaption class='wp-caption-text gallery-caption' id='gallery-1-55502'>\n\t\t\t\tCl\u00ednica dental Acevedo \/ YLAB Arquitectos\n\t\t\t\t<\/figcaption><\/figure><figure class='gallery-item'>\n\t\t\t<div class='gallery-icon landscape'>\n\t\t\t\t<a href='https:\/\/www.arquimaster.com.ar\/web\/wp-content\/uploads\/2020\/05\/clinica_dental_acevedo16.jpg' title=\"Cl\u00ednica dental Acevedo \/ YLAB Arquitectos\" data-rl_title=\"Cl\u00ednica dental Acevedo \/ YLAB Arquitectos\" class=\"rl-gallery-link\" data-rl_caption=\"Cl\u00ednica dental Acevedo \/ YLAB Arquitectos\" data-rel=\"lightbox-gallery-1\"><img loading=\"lazy\" decoding=\"async\" width=\"150\" height=\"150\" src=\"https:\/\/www.arquimaster.com.ar\/web\/wp-content\/uploads\/2020\/05\/clinica_dental_acevedo16-150x150.jpg\" class=\"attachment-thumbnail size-thumbnail\" alt=\"\" aria-describedby=\"gallery-1-55503\" \/><\/a>\n\t\t\t<\/div>\n\t\t\t\t<figcaption class='wp-caption-text gallery-caption' id='gallery-1-55503'>\n\t\t\t\tCl\u00ednica dental Acevedo \/ YLAB Arquitectos\n\t\t\t\t<\/figcaption><\/figure><figure class='gallery-item'>\n\t\t\t<div class='gallery-icon landscape'>\n\t\t\t\t<a href='https:\/\/www.arquimaster.com.ar\/web\/wp-content\/uploads\/2020\/05\/clinica_dental_acevedo17.jpg' title=\"Cl\u00ednica dental Acevedo \/ YLAB Arquitectos\" data-rl_title=\"Cl\u00ednica dental Acevedo \/ YLAB Arquitectos\" class=\"rl-gallery-link\" data-rl_caption=\"Cl\u00ednica dental Acevedo \/ YLAB Arquitectos\" data-rel=\"lightbox-gallery-1\"><img loading=\"lazy\" decoding=\"async\" width=\"150\" height=\"150\" src=\"https:\/\/www.arquimaster.com.ar\/web\/wp-content\/uploads\/2020\/05\/clinica_dental_acevedo17-150x150.jpg\" class=\"attachment-thumbnail size-thumbnail\" alt=\"\" aria-describedby=\"gallery-1-55504\" \/><\/a>\n\t\t\t<\/div>\n\t\t\t\t<figcaption class='wp-caption-text gallery-caption' id='gallery-1-55504'>\n\t\t\t\tCl\u00ednica dental Acevedo \/ YLAB Arquitectos\n\t\t\t\t<\/figcaption><\/figure><figure class='gallery-item'>\n\t\t\t<div class='gallery-icon landscape'>\n\t\t\t\t<a href='https:\/\/www.arquimaster.com.ar\/web\/wp-content\/uploads\/2020\/05\/clinica_dental_acevedo18.jpg' title=\"Cl\u00ednica dental Acevedo \/ YLAB Arquitectos (planta)\" data-rl_title=\"Cl\u00ednica dental Acevedo \/ YLAB Arquitectos (planta)\" class=\"rl-gallery-link\" data-rl_caption=\"Cl\u00ednica dental Acevedo \/ YLAB Arquitectos (planta)\" data-rel=\"lightbox-gallery-1\"><img loading=\"lazy\" decoding=\"async\" width=\"150\" height=\"150\" src=\"https:\/\/www.arquimaster.com.ar\/web\/wp-content\/uploads\/2020\/05\/clinica_dental_acevedo18-150x150.jpg\" class=\"attachment-thumbnail size-thumbnail\" alt=\"\" aria-describedby=\"gallery-1-55505\" \/><\/a>\n\t\t\t<\/div>\n\t\t\t\t<figcaption class='wp-caption-text gallery-caption' id='gallery-1-55505'>\n\t\t\t\tCl\u00ednica dental Acevedo \/ YLAB Arquitectos (planta)\n\t\t\t\t<\/figcaption><\/figure>\n\t\t<\/div>\n\n<p>El cliente hab\u00eda desarrollado su negocio en una cl\u00ednica cercana que se hab\u00eda quedado demasiado peque\u00f1a y antigua para sus necesidades. Ahora quer\u00eda una cl\u00ednica moderna que mantuviera su car\u00e1cter cercano y accesible, a la vez que pudiera atraer nuevos pacientes. Crear una imagen corporativa fuerte, que representara los valores del negocio y que la diferenciara de las cl\u00ednicas franquiciadas, era otro de los objetivos principales.<\/p>\n<p>El dise\u00f1o propuesto busca el contraste entre una cl\u00ednica contempor\u00e1nea y tecnol\u00f3gica, pero con una atm\u00f3sfera c\u00e1lida y calmada que contribuya a crear una experiencia de paciente agradable. El car\u00e1cter contempor\u00e1neo se consigue con un ambiente predominantemente blanco, con iluminaci\u00f3n indirecta y tabiques curvados que optimizan la distribuci\u00f3n y crean un espacio fluido. Los acentos de color grafito en las fachadas y la se\u00f1al\u00e9tica contribuyen a crear una imagen fuerte y contrastada. La calidez se consigue mediante el uso de materiales y colores c\u00e1lidos como la madera de roble clara y el tejido gris de las tapicer\u00edas.<\/p>\n<p>Funcionalmente hay dos \u00e1reas distintas que necesitan un car\u00e1cter diferenciado: la zona de recepci\u00f3n y la zona dental.<\/p>\n<p>La zona de recepci\u00f3n est\u00e1 formada por el vest\u00edbulo de entrada con la recepci\u00f3n, la zona de espera y la sala de reuniones. La privacidad de esta zona, situada a lo largo de la fachada principal, se preserva mediante un paramento de lamas de roble regulables que permiten ajustar la iluminaci\u00f3n y la visibilidad desde la calle, a la vez que proporcionan calidez y recogimiento.<\/p>\n<p>El pavimento claro de piedra caliza refleja y multiplica la luz natural, y la iluminaci\u00f3n LED indirecta RGB, integrada en las fosas del techo, aporta una luz c\u00e1lida adicional. La mesa de recepci\u00f3n realizada a medida acabada en laca blanca est\u00e1 concebida como un punto central, permitiendo el control sobre las diferentes zonas de la cl\u00ednica. Esta mesa tiene una zona adyacente con asientos para peque\u00f1as conversaciones de car\u00e1cter privado. La zona de espera al final de este \u00e1rea, cuenta con mobiliario espec\u00edfico situado sobre una alfombra de lana, que la hace ac\u00fasticamente m\u00e1s confortable.<\/p>\n<p>La zona dental est\u00e1 separada por una pared curvada iluminada por una luz perimetral superior. Se trata de una pared ciega, que oculta los diferentes espacios m\u00e9dicos, y que abre mediante aperturas acristaladas los espacios m\u00e1s representativos como la sala de reuniones y el despacho de direcci\u00f3n. El \u00e1rea dental incluye tres consultas, una sala de radiolog\u00eda, un laboratorio con esterilizaci\u00f3n y almac\u00e9n, una oficina privada y una peque\u00f1a sala de descanso para el personal.<\/p>\n<p>Las fachadas exteriores destacan por sus ventanales de suelo a techo en color grafito, en el mismo color que el revestimiento exterior. El revestimiento de fachada integra tambi\u00e9n los r\u00f3tulos luminosos en el mismo color. Para crear una imagen corporativa m\u00e1s marcada, todos los elementos corporativos como el logotipo, los r\u00f3tulos exteriores e interiores o la se\u00f1al\u00e9tica han sido desarrollados junto con dise\u00f1o interior bajo la direcci\u00f3n de YLAB Arquitectos.<\/p>\n<p><strong>Ficha tecnica<\/strong><br \/>\nNombre: Remodelacion de clinica dental en Sant Boi de Llobregat<br \/>\nUbicacion: Sant Boi de Llobregat, Barcelona<br \/>\nArquitectura e interiorismo: YLAB Arquitectos Barcelona<br \/>\nAutores: Tobias Laarmann &amp; Yolanda Yuste L\u00f3pez<br \/>\nConstructor: Sasgar SL<br \/>\nCarpintero Carpinter\u00eda Construmad<br \/>\nColaboradores: Acor, Bticino, Sesaelec, Domestico Shop<br \/>\nSuperficie: 112 m2<br \/>\nFot\u00f3grafo: YLAB Arquitectos Barcelona<\/p>\n<p><strong>Contacto<\/strong><br \/>\n<a href=\"http:\/\/www.ylab.es\" target=\"_blank\" rel=\"noopener noreferrer\">http:\/\/www.ylab.es<\/a><\/p>\n<p><strong>Acerca de los proyectistas<\/strong><br \/>\nYLAB Arquitectos Barcelona es un despacho de arquitectura e interiorismo fundado por Tobias Laarmann y Yolanda Yuste. Desde su sede en Barcelona, YLAB trabaja en la arquitectura, interiorismo y gesti\u00f3n de proyectos residenciales, comerciales, de salud y corporativos.<\/p>\n\n<div style=\"font-size: 0px; height: 0px; line-height: 0px; margin: 0; padding: 0; clear: both;\"><\/div><div style=\"margin-top: 0px; margin-bottom: 0px;\" class=\"sharethis-inline-share-buttons\" ><\/div>","protected":false},"excerpt":{"rendered":"<p>El dise\u00f1o busca el contraste entre una cl\u00ednica contempor\u00e1nea y tecnol\u00f3gica, pero con una atm\u00f3sfera c\u00e1lida&#8230;<\/p>\n","protected":false},"author":1,"featured_media":55487,"comment_status":"closed","ping_status":"closed","sticky":false,"template":"","format":"standard","meta":{"_uag_custom_page_level_css":"","footnotes":""},"categories":[905,1],"tags":[679,5833,2401,2402,104,5900,860,859,861],"class_list":["post-55486","post","type-post","status-publish","format-standard","has-post-thumbnail","hentry","category-edificios-para-la-salud","category-proyecto","tag-barcelona","tag-clinica-dental","tag-consultorio-dental","tag-consultorio-odontologico","tag-espana","tag-sant-boi-de-llobregat","tag-tobias-laarmann","tag-ylab-arquitectos","tag-yolanda-yuste","generate-columns","tablet-grid-50","mobile-grid-100","grid-parent","grid-50"],"yoast_head":"<!-- This site is optimized with the Yoast SEO plugin v27.3 - https:\/\/yoast.com\/product\/yoast-seo-wordpress\/ -->\n<title>Cl\u00ednica dental Acevedo \/ YLAB Arquitectos - Arquimaster<\/title>\n<meta name=\"description\" content=\"El dise\u00f1o propuesto busca el contraste entre una cl\u00ednica contempor\u00e1nea y tecnol\u00f3gica, pero con una atm\u00f3sfera c\u00e1lida y calmada que contribuya a crear una experiencia de paciente agradable.\" \/>\n<meta name=\"robots\" content=\"index, follow, max-snippet:-1, max-image-preview:large, max-video-preview:-1\" \/>\n<link rel=\"canonical\" href=\"https:\/\/www.arquimaster.com.ar\/web\/clinica-dental-acevedo-ylab-arquitectos\/\" \/>\n<meta property=\"og:locale\" content=\"es_ES\" \/>\n<meta property=\"og:type\" content=\"article\" \/>\n<meta property=\"og:title\" content=\"Cl\u00ednica dental Acevedo \/ YLAB Arquitectos\" \/>\n<meta property=\"og:description\" content=\"El dise\u00f1o propuesto busca el contraste entre una cl\u00ednica contempor\u00e1nea y tecnol\u00f3gica, pero con una atm\u00f3sfera c\u00e1lida y calmada que contribuya a crear una experiencia de paciente agradable.\" \/>\n<meta property=\"og:url\" content=\"https:\/\/www.arquimaster.com.ar\/web\/clinica-dental-acevedo-ylab-arquitectos\/\" \/>\n<meta property=\"og:site_name\" content=\"Arquimaster\" \/>\n<meta property=\"article:publisher\" content=\"http:\/\/www.facebook.com\/ARQUIMASTER.com.ar\" \/>\n<meta property=\"article:published_time\" content=\"2020-05-07T23:32:23+00:00\" \/>\n<meta property=\"article:modified_time\" content=\"2020-05-08T18:26:11+00:00\" \/>\n<meta property=\"og:image\" content=\"https:\/\/www.arquimaster.com.ar\/web\/wp-content\/uploads\/2020\/05\/clinica_dental_acevedo_slide.jpg\" \/>\n\t<meta property=\"og:image:width\" content=\"698\" \/>\n\t<meta property=\"og:image:height\" content=\"364\" \/>\n\t<meta property=\"og:image:type\" content=\"image\/jpeg\" \/>\n<meta name=\"author\" content=\"Arquimaster\" \/>\n<meta name=\"twitter:card\" content=\"summary_large_image\" \/>\n<meta name=\"twitter:title\" content=\"Cl\u00ednica dental Acevedo \/ YLAB Arquitectos\" \/>\n<meta name=\"twitter:description\" content=\"El dise\u00f1o propuesto busca el contraste entre una cl\u00ednica contempor\u00e1nea y tecnol\u00f3gica, pero con una atm\u00f3sfera c\u00e1lida y calmada que contribuya a crear una experiencia de paciente agradable.\" \/>\n<meta name=\"twitter:image\" content=\"https:\/\/www.arquimaster.com.ar\/web\/wp-content\/uploads\/2020\/05\/clinica_dental_acevedo_slide.jpg\" \/>\n<meta name=\"twitter:creator\" content=\"@arquimaster\" \/>\n<meta name=\"twitter:site\" content=\"@arquimaster\" \/>\n<meta name=\"twitter:label1\" content=\"Escrito por\" \/>\n\t<meta name=\"twitter:data1\" content=\"Arquimaster\" \/>\n\t<meta name=\"twitter:label2\" content=\"Tiempo de lectura\" \/>\n\t<meta name=\"twitter:data2\" content=\"4 minutos\" \/>\n<script type=\"application\/ld+json\" class=\"yoast-schema-graph\">{\"@context\":\"https:\\\/\\\/schema.org\",\"@graph\":[{\"@type\":\"Article\",\"@id\":\"https:\\\/\\\/www.arquimaster.com.ar\\\/web\\\/clinica-dental-acevedo-ylab-arquitectos\\\/#article\",\"isPartOf\":{\"@id\":\"https:\\\/\\\/www.arquimaster.com.ar\\\/web\\\/clinica-dental-acevedo-ylab-arquitectos\\\/\"},\"author\":{\"name\":\"Arquimaster\",\"@id\":\"https:\\\/\\\/www.arquimaster.com.ar\\\/web\\\/#\\\/schema\\\/person\\\/359e9f7c00193fcde068e0dd2ceb0028\"},\"headline\":\"Cl\u00ednica dental Acevedo \\\/ YLAB Arquitectos\",\"datePublished\":\"2020-05-07T23:32:23+00:00\",\"dateModified\":\"2020-05-08T18:26:11+00:00\",\"mainEntityOfPage\":{\"@id\":\"https:\\\/\\\/www.arquimaster.com.ar\\\/web\\\/clinica-dental-acevedo-ylab-arquitectos\\\/\"},\"wordCount\":732,\"publisher\":{\"@id\":\"https:\\\/\\\/www.arquimaster.com.ar\\\/web\\\/#organization\"},\"image\":{\"@id\":\"https:\\\/\\\/www.arquimaster.com.ar\\\/web\\\/clinica-dental-acevedo-ylab-arquitectos\\\/#primaryimage\"},\"thumbnailUrl\":\"https:\\\/\\\/www.arquimaster.com.ar\\\/web\\\/wp-content\\\/uploads\\\/2020\\\/05\\\/clinica_dental_acevedo_slide.jpg\",\"keywords\":[\"Barcelona\",\"clinica dental\",\"consultorio dental\",\"consultorio odontologico\",\"Espa\u00f1a\",\"Sant Boi de Llobregat\",\"Tobias Laarmann\",\"YLAB Arquitectos\",\"Yolanda Yuste\"],\"articleSection\":[\"Edificios para la salud\",\"Proyecto\"],\"inLanguage\":\"es\"},{\"@type\":\"WebPage\",\"@id\":\"https:\\\/\\\/www.arquimaster.com.ar\\\/web\\\/clinica-dental-acevedo-ylab-arquitectos\\\/\",\"url\":\"https:\\\/\\\/www.arquimaster.com.ar\\\/web\\\/clinica-dental-acevedo-ylab-arquitectos\\\/\",\"name\":\"Cl\u00ednica dental Acevedo \\\/ YLAB Arquitectos - Arquimaster\",\"isPartOf\":{\"@id\":\"https:\\\/\\\/www.arquimaster.com.ar\\\/web\\\/#website\"},\"primaryImageOfPage\":{\"@id\":\"https:\\\/\\\/www.arquimaster.com.ar\\\/web\\\/clinica-dental-acevedo-ylab-arquitectos\\\/#primaryimage\"},\"image\":{\"@id\":\"https:\\\/\\\/www.arquimaster.com.ar\\\/web\\\/clinica-dental-acevedo-ylab-arquitectos\\\/#primaryimage\"},\"thumbnailUrl\":\"https:\\\/\\\/www.arquimaster.com.ar\\\/web\\\/wp-content\\\/uploads\\\/2020\\\/05\\\/clinica_dental_acevedo_slide.jpg\",\"datePublished\":\"2020-05-07T23:32:23+00:00\",\"dateModified\":\"2020-05-08T18:26:11+00:00\",\"description\":\"El dise\u00f1o propuesto busca el contraste entre una cl\u00ednica contempor\u00e1nea y tecnol\u00f3gica, pero con una atm\u00f3sfera c\u00e1lida y calmada que contribuya a crear una experiencia de paciente agradable.\",\"breadcrumb\":{\"@id\":\"https:\\\/\\\/www.arquimaster.com.ar\\\/web\\\/clinica-dental-acevedo-ylab-arquitectos\\\/#breadcrumb\"},\"inLanguage\":\"es\",\"potentialAction\":[{\"@type\":\"ReadAction\",\"target\":[\"https:\\\/\\\/www.arquimaster.com.ar\\\/web\\\/clinica-dental-acevedo-ylab-arquitectos\\\/\"]}]},{\"@type\":\"ImageObject\",\"inLanguage\":\"es\",\"@id\":\"https:\\\/\\\/www.arquimaster.com.ar\\\/web\\\/clinica-dental-acevedo-ylab-arquitectos\\\/#primaryimage\",\"url\":\"https:\\\/\\\/www.arquimaster.com.ar\\\/web\\\/wp-content\\\/uploads\\\/2020\\\/05\\\/clinica_dental_acevedo_slide.jpg\",\"contentUrl\":\"https:\\\/\\\/www.arquimaster.com.ar\\\/web\\\/wp-content\\\/uploads\\\/2020\\\/05\\\/clinica_dental_acevedo_slide.jpg\",\"width\":698,\"height\":364},{\"@type\":\"BreadcrumbList\",\"@id\":\"https:\\\/\\\/www.arquimaster.com.ar\\\/web\\\/clinica-dental-acevedo-ylab-arquitectos\\\/#breadcrumb\",\"itemListElement\":[{\"@type\":\"ListItem\",\"position\":1,\"name\":\"Portada\",\"item\":\"https:\\\/\\\/www.arquimaster.com.ar\\\/web\\\/\"},{\"@type\":\"ListItem\",\"position\":2,\"name\":\"Cl\u00ednica dental Acevedo \\\/ YLAB Arquitectos\"}]},{\"@type\":\"WebSite\",\"@id\":\"https:\\\/\\\/www.arquimaster.com.ar\\\/web\\\/#website\",\"url\":\"https:\\\/\\\/www.arquimaster.com.ar\\\/web\\\/\",\"name\":\"Arquimaster\",\"description\":\"Web de arquitectura, dise\u00f1o y construccion\",\"publisher\":{\"@id\":\"https:\\\/\\\/www.arquimaster.com.ar\\\/web\\\/#organization\"},\"potentialAction\":[{\"@type\":\"SearchAction\",\"target\":{\"@type\":\"EntryPoint\",\"urlTemplate\":\"https:\\\/\\\/www.arquimaster.com.ar\\\/web\\\/?s={search_term_string}\"},\"query-input\":{\"@type\":\"PropertyValueSpecification\",\"valueRequired\":true,\"valueName\":\"search_term_string\"}}],\"inLanguage\":\"es\"},{\"@type\":\"Organization\",\"@id\":\"https:\\\/\\\/www.arquimaster.com.ar\\\/web\\\/#organization\",\"name\":\"Arquimaster\",\"url\":\"https:\\\/\\\/www.arquimaster.com.ar\\\/web\\\/\",\"logo\":{\"@type\":\"ImageObject\",\"inLanguage\":\"es\",\"@id\":\"https:\\\/\\\/www.arquimaster.com.ar\\\/web\\\/#\\\/schema\\\/logo\\\/image\\\/\",\"url\":\"https:\\\/\\\/www.arquimaster.com.ar\\\/web\\\/wp-content\\\/uploads\\\/2022\\\/06\\\/arquimaster.png\",\"contentUrl\":\"https:\\\/\\\/www.arquimaster.com.ar\\\/web\\\/wp-content\\\/uploads\\\/2022\\\/06\\\/arquimaster.png\",\"width\":594,\"height\":78,\"caption\":\"Arquimaster\"},\"image\":{\"@id\":\"https:\\\/\\\/www.arquimaster.com.ar\\\/web\\\/#\\\/schema\\\/logo\\\/image\\\/\"},\"sameAs\":[\"http:\\\/\\\/www.facebook.com\\\/ARQUIMASTER.com.ar\",\"https:\\\/\\\/x.com\\\/arquimaster\",\"https:\\\/\\\/www.instagram.com\\\/arquimasterblog\\\/\",\"https:\\\/\\\/www.linkedin.com\\\/company\\\/arquimaster\",\"https:\\\/\\\/www.pinterest.com\\\/arquimaster\",\"https:\\\/\\\/t.me\\\/arquimaster\"]},{\"@type\":\"Person\",\"@id\":\"https:\\\/\\\/www.arquimaster.com.ar\\\/web\\\/#\\\/schema\\\/person\\\/359e9f7c00193fcde068e0dd2ceb0028\",\"name\":\"Arquimaster\"}]}<\/script>\n<!-- \/ Yoast SEO plugin. -->","yoast_head_json":{"title":"Cl\u00ednica dental Acevedo \/ YLAB Arquitectos - Arquimaster","description":"El dise\u00f1o propuesto busca el contraste entre una cl\u00ednica contempor\u00e1nea y tecnol\u00f3gica, pero con una atm\u00f3sfera c\u00e1lida y calmada que contribuya a crear una experiencia de paciente agradable.","robots":{"index":"index","follow":"follow","max-snippet":"max-snippet:-1","max-image-preview":"max-image-preview:large","max-video-preview":"max-video-preview:-1"},"canonical":"https:\/\/www.arquimaster.com.ar\/web\/clinica-dental-acevedo-ylab-arquitectos\/","og_locale":"es_ES","og_type":"article","og_title":"Cl\u00ednica dental Acevedo \/ YLAB Arquitectos","og_description":"El dise\u00f1o propuesto busca el contraste entre una cl\u00ednica contempor\u00e1nea y tecnol\u00f3gica, pero con una atm\u00f3sfera c\u00e1lida y calmada que contribuya a crear una experiencia de paciente agradable.","og_url":"https:\/\/www.arquimaster.com.ar\/web\/clinica-dental-acevedo-ylab-arquitectos\/","og_site_name":"Arquimaster","article_publisher":"http:\/\/www.facebook.com\/ARQUIMASTER.com.ar","article_published_time":"2020-05-07T23:32:23+00:00","article_modified_time":"2020-05-08T18:26:11+00:00","og_image":[{"width":698,"height":364,"url":"https:\/\/www.arquimaster.com.ar\/web\/wp-content\/uploads\/2020\/05\/clinica_dental_acevedo_slide.jpg","type":"image\/jpeg"}],"author":"Arquimaster","twitter_card":"summary_large_image","twitter_title":"Cl\u00ednica dental Acevedo \/ YLAB Arquitectos","twitter_description":"El dise\u00f1o propuesto busca el contraste entre una cl\u00ednica contempor\u00e1nea y tecnol\u00f3gica, pero con una atm\u00f3sfera c\u00e1lida y calmada que contribuya a crear una experiencia de paciente agradable.","twitter_image":"https:\/\/www.arquimaster.com.ar\/web\/wp-content\/uploads\/2020\/05\/clinica_dental_acevedo_slide.jpg","twitter_creator":"@arquimaster","twitter_site":"@arquimaster","twitter_misc":{"Escrito por":"Arquimaster","Tiempo de lectura":"4 minutos"},"schema":{"@context":"https:\/\/schema.org","@graph":[{"@type":"Article","@id":"https:\/\/www.arquimaster.com.ar\/web\/clinica-dental-acevedo-ylab-arquitectos\/#article","isPartOf":{"@id":"https:\/\/www.arquimaster.com.ar\/web\/clinica-dental-acevedo-ylab-arquitectos\/"},"author":{"name":"Arquimaster","@id":"https:\/\/www.arquimaster.com.ar\/web\/#\/schema\/person\/359e9f7c00193fcde068e0dd2ceb0028"},"headline":"Cl\u00ednica dental Acevedo \/ YLAB Arquitectos","datePublished":"2020-05-07T23:32:23+00:00","dateModified":"2020-05-08T18:26:11+00:00","mainEntityOfPage":{"@id":"https:\/\/www.arquimaster.com.ar\/web\/clinica-dental-acevedo-ylab-arquitectos\/"},"wordCount":732,"publisher":{"@id":"https:\/\/www.arquimaster.com.ar\/web\/#organization"},"image":{"@id":"https:\/\/www.arquimaster.com.ar\/web\/clinica-dental-acevedo-ylab-arquitectos\/#primaryimage"},"thumbnailUrl":"https:\/\/www.arquimaster.com.ar\/web\/wp-content\/uploads\/2020\/05\/clinica_dental_acevedo_slide.jpg","keywords":["Barcelona","clinica dental","consultorio dental","consultorio odontologico","Espa\u00f1a","Sant Boi de Llobregat","Tobias Laarmann","YLAB Arquitectos","Yolanda Yuste"],"articleSection":["Edificios para la salud","Proyecto"],"inLanguage":"es"},{"@type":"WebPage","@id":"https:\/\/www.arquimaster.com.ar\/web\/clinica-dental-acevedo-ylab-arquitectos\/","url":"https:\/\/www.arquimaster.com.ar\/web\/clinica-dental-acevedo-ylab-arquitectos\/","name":"Cl\u00ednica dental Acevedo \/ YLAB Arquitectos - Arquimaster","isPartOf":{"@id":"https:\/\/www.arquimaster.com.ar\/web\/#website"},"primaryImageOfPage":{"@id":"https:\/\/www.arquimaster.com.ar\/web\/clinica-dental-acevedo-ylab-arquitectos\/#primaryimage"},"image":{"@id":"https:\/\/www.arquimaster.com.ar\/web\/clinica-dental-acevedo-ylab-arquitectos\/#primaryimage"},"thumbnailUrl":"https:\/\/www.arquimaster.com.ar\/web\/wp-content\/uploads\/2020\/05\/clinica_dental_acevedo_slide.jpg","datePublished":"2020-05-07T23:32:23+00:00","dateModified":"2020-05-08T18:26:11+00:00","description":"El dise\u00f1o propuesto busca el contraste entre una cl\u00ednica contempor\u00e1nea y tecnol\u00f3gica, pero con una atm\u00f3sfera c\u00e1lida y calmada que contribuya a crear una experiencia de paciente agradable.","breadcrumb":{"@id":"https:\/\/www.arquimaster.com.ar\/web\/clinica-dental-acevedo-ylab-arquitectos\/#breadcrumb"},"inLanguage":"es","potentialAction":[{"@type":"ReadAction","target":["https:\/\/www.arquimaster.com.ar\/web\/clinica-dental-acevedo-ylab-arquitectos\/"]}]},{"@type":"ImageObject","inLanguage":"es","@id":"https:\/\/www.arquimaster.com.ar\/web\/clinica-dental-acevedo-ylab-arquitectos\/#primaryimage","url":"https:\/\/www.arquimaster.com.ar\/web\/wp-content\/uploads\/2020\/05\/clinica_dental_acevedo_slide.jpg","contentUrl":"https:\/\/www.arquimaster.com.ar\/web\/wp-content\/uploads\/2020\/05\/clinica_dental_acevedo_slide.jpg","width":698,"height":364},{"@type":"BreadcrumbList","@id":"https:\/\/www.arquimaster.com.ar\/web\/clinica-dental-acevedo-ylab-arquitectos\/#breadcrumb","itemListElement":[{"@type":"ListItem","position":1,"name":"Portada","item":"https:\/\/www.arquimaster.com.ar\/web\/"},{"@type":"ListItem","position":2,"name":"Cl\u00ednica dental Acevedo \/ YLAB Arquitectos"}]},{"@type":"WebSite","@id":"https:\/\/www.arquimaster.com.ar\/web\/#website","url":"https:\/\/www.arquimaster.com.ar\/web\/","name":"Arquimaster","description":"Web de arquitectura, dise\u00f1o y construccion","publisher":{"@id":"https:\/\/www.arquimaster.com.ar\/web\/#organization"},"potentialAction":[{"@type":"SearchAction","target":{"@type":"EntryPoint","urlTemplate":"https:\/\/www.arquimaster.com.ar\/web\/?s={search_term_string}"},"query-input":{"@type":"PropertyValueSpecification","valueRequired":true,"valueName":"search_term_string"}}],"inLanguage":"es"},{"@type":"Organization","@id":"https:\/\/www.arquimaster.com.ar\/web\/#organization","name":"Arquimaster","url":"https:\/\/www.arquimaster.com.ar\/web\/","logo":{"@type":"ImageObject","inLanguage":"es","@id":"https:\/\/www.arquimaster.com.ar\/web\/#\/schema\/logo\/image\/","url":"https:\/\/www.arquimaster.com.ar\/web\/wp-content\/uploads\/2022\/06\/arquimaster.png","contentUrl":"https:\/\/www.arquimaster.com.ar\/web\/wp-content\/uploads\/2022\/06\/arquimaster.png","width":594,"height":78,"caption":"Arquimaster"},"image":{"@id":"https:\/\/www.arquimaster.com.ar\/web\/#\/schema\/logo\/image\/"},"sameAs":["http:\/\/www.facebook.com\/ARQUIMASTER.com.ar","https:\/\/x.com\/arquimaster","https:\/\/www.instagram.com\/arquimasterblog\/","https:\/\/www.linkedin.com\/company\/arquimaster","https:\/\/www.pinterest.com\/arquimaster","https:\/\/t.me\/arquimaster"]},{"@type":"Person","@id":"https:\/\/www.arquimaster.com.ar\/web\/#\/schema\/person\/359e9f7c00193fcde068e0dd2ceb0028","name":"Arquimaster"}]}},"uagb_featured_image_src":{"full":["https:\/\/www.arquimaster.com.ar\/web\/wp-content\/uploads\/2020\/05\/clinica_dental_acevedo_slide.jpg",698,364,false],"thumbnail":["https:\/\/www.arquimaster.com.ar\/web\/wp-content\/uploads\/2020\/05\/clinica_dental_acevedo_slide-150x150.jpg",150,150,true],"medium":["https:\/\/www.arquimaster.com.ar\/web\/wp-content\/uploads\/2020\/05\/clinica_dental_acevedo_slide.jpg",698,364,false],"medium_large":["https:\/\/www.arquimaster.com.ar\/web\/wp-content\/uploads\/2020\/05\/clinica_dental_acevedo_slide.jpg",698,364,false],"large":["https:\/\/www.arquimaster.com.ar\/web\/wp-content\/uploads\/2020\/05\/clinica_dental_acevedo_slide.jpg",698,364,false],"1536x1536":["https:\/\/www.arquimaster.com.ar\/web\/wp-content\/uploads\/2020\/05\/clinica_dental_acevedo_slide.jpg",698,364,false],"2048x2048":["https:\/\/www.arquimaster.com.ar\/web\/wp-content\/uploads\/2020\/05\/clinica_dental_acevedo_slide.jpg",698,364,false]},"uagb_author_info":{"display_name":"Arquimaster","author_link":"https:\/\/www.arquimaster.com.ar\/web\/author\/arquimaster\/"},"uagb_comment_info":0,"uagb_excerpt":"El dise\u00f1o busca el contraste entre una cl\u00ednica contempor\u00e1nea y tecnol\u00f3gica, pero con una atm\u00f3sfera c\u00e1lida...","_links":{"self":[{"href":"https:\/\/www.arquimaster.com.ar\/web\/wp-json\/wp\/v2\/posts\/55486","targetHints":{"allow":["GET"]}}],"collection":[{"href":"https:\/\/www.arquimaster.com.ar\/web\/wp-json\/wp\/v2\/posts"}],"about":[{"href":"https:\/\/www.arquimaster.com.ar\/web\/wp-json\/wp\/v2\/types\/post"}],"author":[{"embeddable":true,"href":"https:\/\/www.arquimaster.com.ar\/web\/wp-json\/wp\/v2\/users\/1"}],"replies":[{"embeddable":true,"href":"https:\/\/www.arquimaster.com.ar\/web\/wp-json\/wp\/v2\/comments?post=55486"}],"version-history":[{"count":1,"href":"https:\/\/www.arquimaster.com.ar\/web\/wp-json\/wp\/v2\/posts\/55486\/revisions"}],"predecessor-version":[{"id":55506,"href":"https:\/\/www.arquimaster.com.ar\/web\/wp-json\/wp\/v2\/posts\/55486\/revisions\/55506"}],"wp:featuredmedia":[{"embeddable":true,"href":"https:\/\/www.arquimaster.com.ar\/web\/wp-json\/wp\/v2\/media\/55487"}],"wp:attachment":[{"href":"https:\/\/www.arquimaster.com.ar\/web\/wp-json\/wp\/v2\/media?parent=55486"}],"wp:term":[{"taxonomy":"category","embeddable":true,"href":"https:\/\/www.arquimaster.com.ar\/web\/wp-json\/wp\/v2\/categories?post=55486"},{"taxonomy":"post_tag","embeddable":true,"href":"https:\/\/www.arquimaster.com.ar\/web\/wp-json\/wp\/v2\/tags?post=55486"}],"curies":[{"name":"wp","href":"https:\/\/api.w.org\/{rel}","templated":true}]}}