{"id":55609,"date":"2020-05-13T22:53:49","date_gmt":"2020-05-14T01:53:49","guid":{"rendered":"https:\/\/www.arquimaster.com.ar\/web\/?p=55609"},"modified":"2020-05-14T14:34:44","modified_gmt":"2020-05-14T17:34:44","slug":"vivienda-rural-salazar-manuel-cervantes-estudio","status":"publish","type":"post","link":"https:\/\/www.arquimaster.com.ar\/web\/vivienda-rural-salazar-manuel-cervantes-estudio\/","title":{"rendered":"Vivienda Rural Salazar \/ Manuel Cervantes Estudio"},"content":{"rendered":"<div style=\"margin-top: 0px; margin-bottom: 0px;\" class=\"sharethis-inline-share-buttons\" ><\/div><div class=\"b812932af2e751442846f039925109de\" data-index=\"1\" style=\"float: none; margin:25px 0 25px 0; text-align:center;\">\n<script async src=\"https:\/\/pagead2.googlesyndication.com\/pagead\/js\/adsbygoogle.js\"><\/script>\r\n<!-- Arquimaster (superior) -->\r\n<ins class=\"adsbygoogle\"\r\n     style=\"display:block\"\r\n     data-ad-client=\"ca-pub-6351072698456832\"\r\n     data-ad-slot=\"6455489680\"\r\n     data-ad-format=\"auto\"\r\n     data-full-width-responsive=\"true\"><\/ins>\r\n<script>\r\n     (adsbygoogle = window.adsbygoogle || []).push({});\r\n<\/script>\n<\/div>\n<p><strong>Vivienda Rural Salazar<\/strong> (Salazar, Estado de M\u00e9xico, M\u00e9xico) por <strong>Manuel Cervantes Estudio<\/strong>. Esta vivienda es un ejercicio de investigaci\u00f3n para el mejoramiento de la autoproducci\u00f3n asistida de vivienda en M\u00e9xico en zonas rurales, que se realiz\u00f3 en colaboraci\u00f3n con Infonavit (Instituto del Fondo Nacional de la Vivienda para los Trabajadores) para la comunidad de Salazar en el Estado de M\u00e9xico.<\/p>\n<div id='gallery-1' class='gallery galleryid-55609 gallery-columns-3 gallery-size-thumbnail'><figure class='gallery-item'>\n\t\t\t<div class='gallery-icon portrait'>\n\t\t\t\t<a href='https:\/\/www.arquimaster.com.ar\/web\/wp-content\/uploads\/2020\/05\/vivienda_rural_salazar1.jpg' title=\"Vivienda Rural Salazar \/ Manuel Cervantes Estudio (\u00a9 C\u00e9sar Bejar)\" data-rl_title=\"Vivienda Rural Salazar \/ Manuel Cervantes Estudio (\u00a9 C\u00e9sar Bejar)\" class=\"rl-gallery-link\" data-rl_caption=\"Vivienda Rural Salazar \/ Manuel Cervantes Estudio (\u00a9 C\u00e9sar Bejar)\" data-rel=\"lightbox-gallery-1\"><img loading=\"lazy\" decoding=\"async\" width=\"150\" height=\"150\" src=\"https:\/\/www.arquimaster.com.ar\/web\/wp-content\/uploads\/2020\/05\/vivienda_rural_salazar1-150x150.jpg\" class=\"attachment-thumbnail size-thumbnail\" alt=\"\" aria-describedby=\"gallery-1-55611\" \/><\/a>\n\t\t\t<\/div>\n\t\t\t\t<figcaption class='wp-caption-text gallery-caption' id='gallery-1-55611'>\n\t\t\t\tVivienda Rural Salazar \/ Manuel Cervantes Estudio (\u00a9 C\u00e9sar Bejar)\n\t\t\t\t<\/figcaption><\/figure><figure class='gallery-item'>\n\t\t\t<div class='gallery-icon portrait'>\n\t\t\t\t<a href='https:\/\/www.arquimaster.com.ar\/web\/wp-content\/uploads\/2020\/05\/vivienda_rural_salazar2.jpg' title=\"Vivienda Rural Salazar \/ Manuel Cervantes Estudio (\u00a9 C\u00e9sar Bejar)\" data-rl_title=\"Vivienda Rural Salazar \/ Manuel Cervantes Estudio (\u00a9 C\u00e9sar Bejar)\" class=\"rl-gallery-link\" data-rl_caption=\"Vivienda Rural Salazar \/ Manuel Cervantes Estudio (\u00a9 C\u00e9sar Bejar)\" data-rel=\"lightbox-gallery-1\"><img loading=\"lazy\" decoding=\"async\" width=\"150\" height=\"150\" src=\"https:\/\/www.arquimaster.com.ar\/web\/wp-content\/uploads\/2020\/05\/vivienda_rural_salazar2-150x150.jpg\" class=\"attachment-thumbnail size-thumbnail\" alt=\"\" aria-describedby=\"gallery-1-55612\" \/><\/a>\n\t\t\t<\/div>\n\t\t\t\t<figcaption class='wp-caption-text gallery-caption' id='gallery-1-55612'>\n\t\t\t\tVivienda Rural Salazar \/ Manuel Cervantes Estudio (\u00a9 C\u00e9sar Bejar)\n\t\t\t\t<\/figcaption><\/figure><figure class='gallery-item'>\n\t\t\t<div class='gallery-icon portrait'>\n\t\t\t\t<a href='https:\/\/www.arquimaster.com.ar\/web\/wp-content\/uploads\/2020\/05\/vivienda_rural_salazar3.jpg' title=\"Vivienda Rural Salazar \/ Manuel Cervantes Estudio (\u00a9 C\u00e9sar Bejar)\" data-rl_title=\"Vivienda Rural Salazar \/ Manuel Cervantes Estudio (\u00a9 C\u00e9sar Bejar)\" class=\"rl-gallery-link\" data-rl_caption=\"Vivienda Rural Salazar \/ Manuel Cervantes Estudio (\u00a9 C\u00e9sar Bejar)\" data-rel=\"lightbox-gallery-1\"><img loading=\"lazy\" decoding=\"async\" width=\"150\" height=\"150\" src=\"https:\/\/www.arquimaster.com.ar\/web\/wp-content\/uploads\/2020\/05\/vivienda_rural_salazar3-150x150.jpg\" class=\"attachment-thumbnail size-thumbnail\" alt=\"\" aria-describedby=\"gallery-1-55613\" \/><\/a>\n\t\t\t<\/div>\n\t\t\t\t<figcaption class='wp-caption-text gallery-caption' id='gallery-1-55613'>\n\t\t\t\tVivienda Rural Salazar \/ Manuel Cervantes Estudio (\u00a9 C\u00e9sar Bejar)\n\t\t\t\t<\/figcaption><\/figure><figure class='gallery-item'>\n\t\t\t<div class='gallery-icon portrait'>\n\t\t\t\t<a href='https:\/\/www.arquimaster.com.ar\/web\/wp-content\/uploads\/2020\/05\/vivienda_rural_salazar4.jpg' title=\"Vivienda Rural Salazar \/ Manuel Cervantes Estudio (\u00a9 C\u00e9sar Bejar)\" data-rl_title=\"Vivienda Rural Salazar \/ Manuel Cervantes Estudio (\u00a9 C\u00e9sar Bejar)\" class=\"rl-gallery-link\" data-rl_caption=\"Vivienda Rural Salazar \/ Manuel Cervantes Estudio (\u00a9 C\u00e9sar Bejar)\" data-rel=\"lightbox-gallery-1\"><img loading=\"lazy\" decoding=\"async\" width=\"150\" height=\"150\" src=\"https:\/\/www.arquimaster.com.ar\/web\/wp-content\/uploads\/2020\/05\/vivienda_rural_salazar4-150x150.jpg\" class=\"attachment-thumbnail size-thumbnail\" alt=\"\" aria-describedby=\"gallery-1-55614\" \/><\/a>\n\t\t\t<\/div>\n\t\t\t\t<figcaption class='wp-caption-text gallery-caption' id='gallery-1-55614'>\n\t\t\t\tVivienda Rural Salazar \/ Manuel Cervantes Estudio (\u00a9 C\u00e9sar Bejar)\n\t\t\t\t<\/figcaption><\/figure><figure class='gallery-item'>\n\t\t\t<div class='gallery-icon portrait'>\n\t\t\t\t<a href='https:\/\/www.arquimaster.com.ar\/web\/wp-content\/uploads\/2020\/05\/vivienda_rural_salazar5.jpg' title=\"Vivienda Rural Salazar \/ Manuel Cervantes Estudio (\u00a9 C\u00e9sar Bejar)\" data-rl_title=\"Vivienda Rural Salazar \/ Manuel Cervantes Estudio (\u00a9 C\u00e9sar Bejar)\" class=\"rl-gallery-link\" data-rl_caption=\"Vivienda Rural Salazar \/ Manuel Cervantes Estudio (\u00a9 C\u00e9sar Bejar)\" data-rel=\"lightbox-gallery-1\"><img loading=\"lazy\" decoding=\"async\" width=\"150\" height=\"150\" src=\"https:\/\/www.arquimaster.com.ar\/web\/wp-content\/uploads\/2020\/05\/vivienda_rural_salazar5-150x150.jpg\" class=\"attachment-thumbnail size-thumbnail\" alt=\"\" aria-describedby=\"gallery-1-55615\" \/><\/a>\n\t\t\t<\/div>\n\t\t\t\t<figcaption class='wp-caption-text gallery-caption' id='gallery-1-55615'>\n\t\t\t\tVivienda Rural Salazar \/ Manuel Cervantes Estudio (\u00a9 C\u00e9sar Bejar)\n\t\t\t\t<\/figcaption><\/figure><figure class='gallery-item'>\n\t\t\t<div class='gallery-icon portrait'>\n\t\t\t\t<a href='https:\/\/www.arquimaster.com.ar\/web\/wp-content\/uploads\/2020\/05\/vivienda_rural_salazar6.jpg' title=\"Vivienda Rural Salazar \/ Manuel Cervantes Estudio (\u00a9 C\u00e9sar Bejar)\" data-rl_title=\"Vivienda Rural Salazar \/ Manuel Cervantes Estudio (\u00a9 C\u00e9sar Bejar)\" class=\"rl-gallery-link\" data-rl_caption=\"Vivienda Rural Salazar \/ Manuel Cervantes Estudio (\u00a9 C\u00e9sar Bejar)\" data-rel=\"lightbox-gallery-1\"><img loading=\"lazy\" decoding=\"async\" width=\"150\" height=\"150\" src=\"https:\/\/www.arquimaster.com.ar\/web\/wp-content\/uploads\/2020\/05\/vivienda_rural_salazar6-150x150.jpg\" class=\"attachment-thumbnail size-thumbnail\" alt=\"\" aria-describedby=\"gallery-1-55616\" \/><\/a>\n\t\t\t<\/div>\n\t\t\t\t<figcaption class='wp-caption-text gallery-caption' id='gallery-1-55616'>\n\t\t\t\tVivienda Rural Salazar \/ Manuel Cervantes Estudio (\u00a9 C\u00e9sar Bejar)\n\t\t\t\t<\/figcaption><\/figure><figure class='gallery-item'>\n\t\t\t<div class='gallery-icon portrait'>\n\t\t\t\t<a href='https:\/\/www.arquimaster.com.ar\/web\/wp-content\/uploads\/2020\/05\/vivienda_rural_salazar7.jpg' title=\"Vivienda Rural Salazar \/ Manuel Cervantes Estudio (\u00a9 Rafael Gamo)\" data-rl_title=\"Vivienda Rural Salazar \/ Manuel Cervantes Estudio (\u00a9 Rafael Gamo)\" class=\"rl-gallery-link\" data-rl_caption=\"Vivienda Rural Salazar \/ Manuel Cervantes Estudio (\u00a9 Rafael Gamo)\" data-rel=\"lightbox-gallery-1\"><img loading=\"lazy\" decoding=\"async\" width=\"150\" height=\"150\" src=\"https:\/\/www.arquimaster.com.ar\/web\/wp-content\/uploads\/2020\/05\/vivienda_rural_salazar7-150x150.jpg\" class=\"attachment-thumbnail size-thumbnail\" alt=\"\" aria-describedby=\"gallery-1-55617\" \/><\/a>\n\t\t\t<\/div>\n\t\t\t\t<figcaption class='wp-caption-text gallery-caption' id='gallery-1-55617'>\n\t\t\t\tVivienda Rural Salazar \/ Manuel Cervantes Estudio (\u00a9 Rafael Gamo)\n\t\t\t\t<\/figcaption><\/figure><figure class='gallery-item'>\n\t\t\t<div class='gallery-icon landscape'>\n\t\t\t\t<a href='https:\/\/www.arquimaster.com.ar\/web\/wp-content\/uploads\/2020\/05\/vivienda_rural_salazar8.jpg' title=\"Vivienda Rural Salazar \/ Manuel Cervantes Estudio (\u00a9 Rafael Gamo)\" data-rl_title=\"Vivienda Rural Salazar \/ Manuel Cervantes Estudio (\u00a9 Rafael Gamo)\" class=\"rl-gallery-link\" data-rl_caption=\"Vivienda Rural Salazar \/ Manuel Cervantes Estudio (\u00a9 Rafael Gamo)\" data-rel=\"lightbox-gallery-1\"><img loading=\"lazy\" decoding=\"async\" width=\"150\" height=\"150\" src=\"https:\/\/www.arquimaster.com.ar\/web\/wp-content\/uploads\/2020\/05\/vivienda_rural_salazar8-150x150.jpg\" class=\"attachment-thumbnail size-thumbnail\" alt=\"\" aria-describedby=\"gallery-1-55618\" srcset=\"https:\/\/www.arquimaster.com.ar\/web\/wp-content\/uploads\/2020\/05\/vivienda_rural_salazar8-150x150.jpg 150w, https:\/\/www.arquimaster.com.ar\/web\/wp-content\/uploads\/2020\/05\/vivienda_rural_salazar8-1024x1024.jpg 1024w, https:\/\/www.arquimaster.com.ar\/web\/wp-content\/uploads\/2020\/05\/vivienda_rural_salazar8-768x768.jpg 768w, https:\/\/www.arquimaster.com.ar\/web\/wp-content\/uploads\/2020\/05\/vivienda_rural_salazar8.jpg 1500w\" sizes=\"auto, (max-width: 150px) 100vw, 150px\" \/><\/a>\n\t\t\t<\/div>\n\t\t\t\t<figcaption class='wp-caption-text gallery-caption' id='gallery-1-55618'>\n\t\t\t\tVivienda Rural Salazar \/ Manuel Cervantes Estudio (\u00a9 Rafael Gamo)\n\t\t\t\t<\/figcaption><\/figure><figure class='gallery-item'>\n\t\t\t<div class='gallery-icon landscape'>\n\t\t\t\t<a href='https:\/\/www.arquimaster.com.ar\/web\/wp-content\/uploads\/2020\/05\/vivienda_rural_salazar9.jpg' title=\"Vivienda Rural Salazar \/ Manuel Cervantes Estudio (\u00a9 Rafael Gamo)\" data-rl_title=\"Vivienda Rural Salazar \/ Manuel Cervantes Estudio (\u00a9 Rafael Gamo)\" class=\"rl-gallery-link\" data-rl_caption=\"Vivienda Rural Salazar \/ Manuel Cervantes Estudio (\u00a9 Rafael Gamo)\" data-rel=\"lightbox-gallery-1\"><img loading=\"lazy\" decoding=\"async\" width=\"150\" height=\"150\" src=\"https:\/\/www.arquimaster.com.ar\/web\/wp-content\/uploads\/2020\/05\/vivienda_rural_salazar9-150x150.jpg\" class=\"attachment-thumbnail size-thumbnail\" alt=\"\" aria-describedby=\"gallery-1-55619\" \/><\/a>\n\t\t\t<\/div>\n\t\t\t\t<figcaption class='wp-caption-text gallery-caption' id='gallery-1-55619'>\n\t\t\t\tVivienda Rural Salazar \/ Manuel Cervantes Estudio (\u00a9 Rafael Gamo)\n\t\t\t\t<\/figcaption><\/figure><figure class='gallery-item'>\n\t\t\t<div class='gallery-icon landscape'>\n\t\t\t\t<a href='https:\/\/www.arquimaster.com.ar\/web\/wp-content\/uploads\/2020\/05\/vivienda_rural_salazar10.jpg' title=\"Vivienda Rural Salazar \/ Manuel Cervantes Estudio (\u00a9 Rafael Gamo)\" data-rl_title=\"Vivienda Rural Salazar \/ Manuel Cervantes Estudio (\u00a9 Rafael Gamo)\" class=\"rl-gallery-link\" data-rl_caption=\"Vivienda Rural Salazar \/ Manuel Cervantes Estudio (\u00a9 Rafael Gamo)\" data-rel=\"lightbox-gallery-1\"><img loading=\"lazy\" decoding=\"async\" width=\"150\" height=\"150\" src=\"https:\/\/www.arquimaster.com.ar\/web\/wp-content\/uploads\/2020\/05\/vivienda_rural_salazar10-150x150.jpg\" class=\"attachment-thumbnail size-thumbnail\" alt=\"\" aria-describedby=\"gallery-1-55620\" \/><\/a>\n\t\t\t<\/div>\n\t\t\t\t<figcaption class='wp-caption-text gallery-caption' id='gallery-1-55620'>\n\t\t\t\tVivienda Rural Salazar \/ Manuel Cervantes Estudio (\u00a9 Rafael Gamo)\n\t\t\t\t<\/figcaption><\/figure><figure class='gallery-item'>\n\t\t\t<div class='gallery-icon portrait'>\n\t\t\t\t<a href='https:\/\/www.arquimaster.com.ar\/web\/wp-content\/uploads\/2020\/05\/vivienda_rural_salazar11.jpg' title=\"Vivienda Rural Salazar \/ Manuel Cervantes Estudio (planta)\" data-rl_title=\"Vivienda Rural Salazar \/ Manuel Cervantes Estudio (planta)\" class=\"rl-gallery-link\" data-rl_caption=\"Vivienda Rural Salazar \/ Manuel Cervantes Estudio (planta)\" data-rel=\"lightbox-gallery-1\"><img loading=\"lazy\" decoding=\"async\" width=\"150\" height=\"150\" src=\"https:\/\/www.arquimaster.com.ar\/web\/wp-content\/uploads\/2020\/05\/vivienda_rural_salazar11-150x150.jpg\" class=\"attachment-thumbnail size-thumbnail\" alt=\"\" aria-describedby=\"gallery-1-55621\" \/><\/a>\n\t\t\t<\/div>\n\t\t\t\t<figcaption class='wp-caption-text gallery-caption' id='gallery-1-55621'>\n\t\t\t\tVivienda Rural Salazar \/ Manuel Cervantes Estudio (planta)\n\t\t\t\t<\/figcaption><\/figure><figure class='gallery-item'>\n\t\t\t<div class='gallery-icon portrait'>\n\t\t\t\t<a href='https:\/\/www.arquimaster.com.ar\/web\/wp-content\/uploads\/2020\/05\/vivienda_rural_salazar12.jpg' title=\"Vivienda Rural Salazar \/ Manuel Cervantes Estudio (cortes)\" data-rl_title=\"Vivienda Rural Salazar \/ Manuel Cervantes Estudio (cortes)\" class=\"rl-gallery-link\" data-rl_caption=\"Vivienda Rural Salazar \/ Manuel Cervantes Estudio (cortes)\" data-rel=\"lightbox-gallery-1\"><img loading=\"lazy\" decoding=\"async\" width=\"150\" height=\"150\" src=\"https:\/\/www.arquimaster.com.ar\/web\/wp-content\/uploads\/2020\/05\/vivienda_rural_salazar12-150x150.jpg\" class=\"attachment-thumbnail size-thumbnail\" alt=\"\" aria-describedby=\"gallery-1-55622\" \/><\/a>\n\t\t\t<\/div>\n\t\t\t\t<figcaption class='wp-caption-text gallery-caption' id='gallery-1-55622'>\n\t\t\t\tVivienda Rural Salazar \/ Manuel Cervantes Estudio (cortes)\n\t\t\t\t<\/figcaption><\/figure><figure class='gallery-item'>\n\t\t\t<div class='gallery-icon portrait'>\n\t\t\t\t<a href='https:\/\/www.arquimaster.com.ar\/web\/wp-content\/uploads\/2020\/05\/vivienda_rural_salazar13.jpg' title=\"Vivienda Rural Salazar \/ Manuel Cervantes Estudio (vistas)\" data-rl_title=\"Vivienda Rural Salazar \/ Manuel Cervantes Estudio (vistas)\" class=\"rl-gallery-link\" data-rl_caption=\"Vivienda Rural Salazar \/ Manuel Cervantes Estudio (vistas)\" data-rel=\"lightbox-gallery-1\"><img loading=\"lazy\" decoding=\"async\" width=\"150\" height=\"150\" src=\"https:\/\/www.arquimaster.com.ar\/web\/wp-content\/uploads\/2020\/05\/vivienda_rural_salazar13-150x150.jpg\" class=\"attachment-thumbnail size-thumbnail\" alt=\"\" aria-describedby=\"gallery-1-55623\" \/><\/a>\n\t\t\t<\/div>\n\t\t\t\t<figcaption class='wp-caption-text gallery-caption' id='gallery-1-55623'>\n\t\t\t\tVivienda Rural Salazar \/ Manuel Cervantes Estudio (vistas)\n\t\t\t\t<\/figcaption><\/figure><figure class='gallery-item'>\n\t\t\t<div class='gallery-icon portrait'>\n\t\t\t\t<a href='https:\/\/www.arquimaster.com.ar\/web\/wp-content\/uploads\/2020\/05\/vivienda_rural_salazar14-scaled.jpg' title=\"Vivienda Rural Salazar \/ Manuel Cervantes Estudio (croquis)\" data-rl_title=\"Vivienda Rural Salazar \/ Manuel Cervantes Estudio (croquis)\" class=\"rl-gallery-link\" data-rl_caption=\"Vivienda Rural Salazar \/ Manuel Cervantes Estudio (croquis)\" data-rel=\"lightbox-gallery-1\"><img loading=\"lazy\" decoding=\"async\" width=\"150\" height=\"150\" src=\"https:\/\/www.arquimaster.com.ar\/web\/wp-content\/uploads\/2020\/05\/vivienda_rural_salazar14-150x150.jpg\" class=\"attachment-thumbnail size-thumbnail\" alt=\"\" aria-describedby=\"gallery-1-55624\" \/><\/a>\n\t\t\t<\/div>\n\t\t\t\t<figcaption class='wp-caption-text gallery-caption' id='gallery-1-55624'>\n\t\t\t\tVivienda Rural Salazar \/ Manuel Cervantes Estudio (croquis)\n\t\t\t\t<\/figcaption><\/figure>\n\t\t<\/div>\n\n<p>Uno de los puntos m\u00e1s importantes para el adecuado funcionamiento bioclim\u00e1tico de la vivienda es optimizar el impacto de la radiaci\u00f3n solar y protecci\u00f3n herm\u00e9tica de la casa en las \u00e9pocas fr\u00edas. Partiendo de esta condici\u00f3n, la orientaci\u00f3n de la vivienda siempre es con la inclinaci\u00f3n de la cubierta al sur.<\/p>\n<p>El programa se conforma en 3 bloques. La vivienda dispone de un \u00e1rea social, 2 rec\u00e1maras, ba\u00f1o y cocina. A pesar del clima, a trav\u00e9s del esquema de la vivienda se pretende eliminar los l\u00edmites del interior con el exterior, generando espacios que se pueden extender seg\u00fan las condiciones clim\u00e1ticas del momento.<\/p>\n<p>Esta flexibilidad permite aprovechar la totalidad del predio al incorporarlo a la experiencia de la casa. De igual manera la vegetaci\u00f3n juega un papel primordial cuando las condiciones del predio no son las ideales. Esta estrategia permite utilizar la vegetaci\u00f3n con un bloqueo natural de la incidencia solar.<\/p>\n<p><strong>Ficha tecnica<\/strong><br \/>\nNombre: Vivienda Rural Salazar<br \/>\nUbicacion: Salazar, Estado de M\u00e9xico, M\u00e9xico<br \/>\nProyectista: Manuel Cervantes Estudio<br \/>\nFotografias: C\u00e9sar Bejar y Rafael Gamo<\/p>\n<p><strong>Contacto<\/strong><br \/>\n<a href=\"http:\/\/www.manuelcervantes.com.mx\" target=\"_blank\" rel=\"noopener noreferrer\">http:\/\/www.manuelcervantes.com.mx<\/a><\/p>\n\n<div style=\"font-size: 0px; height: 0px; line-height: 0px; margin: 0; padding: 0; clear: both;\"><\/div><div style=\"margin-top: 0px; margin-bottom: 0px;\" class=\"sharethis-inline-share-buttons\" ><\/div>","protected":false},"excerpt":{"rendered":"<p>El esquema pretende eliminar los l\u00edmites del interior con el exterior, generando espacios&#8230;<\/p>\n","protected":false},"author":1,"featured_media":55610,"comment_status":"closed","ping_status":"closed","sticky":false,"template":"","format":"standard","meta":{"_uag_custom_page_level_css":"","footnotes":""},"categories":[1,83],"tags":[3622,5911,5910,24,5909,1041,105,254],"class_list":["post-55609","post","type-post","status-publish","format-standard","has-post-thumbnail","hentry","category-proyecto","category-vivienda-unifamiliar","tag-estado-de-mexico","tag-infonavit","tag-manuel-cervantes-estudio","tag-mexico","tag-salazar","tag-vivienda-rural","tag-vivienda-social","tag-vivienda-unifamiliar-2","generate-columns","tablet-grid-50","mobile-grid-100","grid-parent","grid-50"],"yoast_head":"<!-- This site is optimized with the Yoast SEO plugin v27.3 - https:\/\/yoast.com\/product\/yoast-seo-wordpress\/ -->\n<title>Vivienda Rural Salazar \/ Manuel Cervantes Estudio - Arquimaster<\/title>\n<meta name=\"description\" content=\"El esquema de la vivienda pretende eliminar los l\u00edmites del interior con el exterior, generando espacios que se pueden extender seg\u00fan las condiciones clim\u00e1ticas del momento.\" \/>\n<meta name=\"robots\" content=\"index, follow, max-snippet:-1, max-image-preview:large, max-video-preview:-1\" \/>\n<link rel=\"canonical\" href=\"https:\/\/www.arquimaster.com.ar\/web\/vivienda-rural-salazar-manuel-cervantes-estudio\/\" \/>\n<meta property=\"og:locale\" content=\"es_ES\" \/>\n<meta property=\"og:type\" content=\"article\" \/>\n<meta property=\"og:title\" content=\"Vivienda Rural Salazar \/ Manuel Cervantes Estudio\" \/>\n<meta property=\"og:description\" content=\"El esquema de la vivienda pretende eliminar los l\u00edmites del interior con el exterior, generando espacios que se pueden extender seg\u00fan las condiciones clim\u00e1ticas del momento.\" \/>\n<meta property=\"og:url\" content=\"https:\/\/www.arquimaster.com.ar\/web\/vivienda-rural-salazar-manuel-cervantes-estudio\/\" \/>\n<meta property=\"og:site_name\" content=\"Arquimaster\" \/>\n<meta property=\"article:publisher\" content=\"http:\/\/www.facebook.com\/ARQUIMASTER.com.ar\" \/>\n<meta property=\"article:published_time\" content=\"2020-05-14T01:53:49+00:00\" \/>\n<meta property=\"article:modified_time\" content=\"2020-05-14T17:34:44+00:00\" \/>\n<meta property=\"og:image\" content=\"https:\/\/www.arquimaster.com.ar\/web\/wp-content\/uploads\/2020\/05\/vivienda_rural_salazar_slide.jpg\" \/>\n\t<meta property=\"og:image:width\" content=\"698\" \/>\n\t<meta property=\"og:image:height\" content=\"364\" \/>\n\t<meta property=\"og:image:type\" content=\"image\/jpeg\" \/>\n<meta name=\"author\" content=\"Arquimaster\" \/>\n<meta name=\"twitter:card\" content=\"summary_large_image\" \/>\n<meta name=\"twitter:title\" content=\"Vivienda Rural Salazar \/ Manuel Cervantes Estudio\" \/>\n<meta name=\"twitter:description\" content=\"El esquema de la vivienda pretende eliminar los l\u00edmites del interior con el exterior, generando espacios que se pueden extender seg\u00fan las condiciones clim\u00e1ticas del momento.\" \/>\n<meta name=\"twitter:image\" content=\"https:\/\/www.arquimaster.com.ar\/web\/wp-content\/uploads\/2020\/05\/vivienda_rural_salazar_slide.jpg\" \/>\n<meta name=\"twitter:creator\" content=\"@arquimaster\" \/>\n<meta name=\"twitter:site\" content=\"@arquimaster\" \/>\n<meta name=\"twitter:label1\" content=\"Escrito por\" \/>\n\t<meta name=\"twitter:data1\" content=\"Arquimaster\" \/>\n\t<meta name=\"twitter:label2\" content=\"Tiempo de lectura\" \/>\n\t<meta name=\"twitter:data2\" content=\"1 minuto\" \/>\n<script type=\"application\/ld+json\" class=\"yoast-schema-graph\">{\"@context\":\"https:\\\/\\\/schema.org\",\"@graph\":[{\"@type\":\"Article\",\"@id\":\"https:\\\/\\\/www.arquimaster.com.ar\\\/web\\\/vivienda-rural-salazar-manuel-cervantes-estudio\\\/#article\",\"isPartOf\":{\"@id\":\"https:\\\/\\\/www.arquimaster.com.ar\\\/web\\\/vivienda-rural-salazar-manuel-cervantes-estudio\\\/\"},\"author\":{\"name\":\"Arquimaster\",\"@id\":\"https:\\\/\\\/www.arquimaster.com.ar\\\/web\\\/#\\\/schema\\\/person\\\/359e9f7c00193fcde068e0dd2ceb0028\"},\"headline\":\"Vivienda Rural Salazar \\\/ Manuel Cervantes Estudio\",\"datePublished\":\"2020-05-14T01:53:49+00:00\",\"dateModified\":\"2020-05-14T17:34:44+00:00\",\"mainEntityOfPage\":{\"@id\":\"https:\\\/\\\/www.arquimaster.com.ar\\\/web\\\/vivienda-rural-salazar-manuel-cervantes-estudio\\\/\"},\"wordCount\":274,\"publisher\":{\"@id\":\"https:\\\/\\\/www.arquimaster.com.ar\\\/web\\\/#organization\"},\"image\":{\"@id\":\"https:\\\/\\\/www.arquimaster.com.ar\\\/web\\\/vivienda-rural-salazar-manuel-cervantes-estudio\\\/#primaryimage\"},\"thumbnailUrl\":\"https:\\\/\\\/www.arquimaster.com.ar\\\/web\\\/wp-content\\\/uploads\\\/2020\\\/05\\\/vivienda_rural_salazar_slide.jpg\",\"keywords\":[\"Estado de Mexico\",\"Infonavit\",\"Manuel Cervantes Estudio\",\"Mexico\",\"Salazar\",\"vivienda rural\",\"vivienda social\",\"vivienda unifamiliar\"],\"articleSection\":[\"Proyecto\",\"Vivienda unifamiliar y PH\"],\"inLanguage\":\"es\"},{\"@type\":\"WebPage\",\"@id\":\"https:\\\/\\\/www.arquimaster.com.ar\\\/web\\\/vivienda-rural-salazar-manuel-cervantes-estudio\\\/\",\"url\":\"https:\\\/\\\/www.arquimaster.com.ar\\\/web\\\/vivienda-rural-salazar-manuel-cervantes-estudio\\\/\",\"name\":\"Vivienda Rural Salazar \\\/ Manuel Cervantes Estudio - Arquimaster\",\"isPartOf\":{\"@id\":\"https:\\\/\\\/www.arquimaster.com.ar\\\/web\\\/#website\"},\"primaryImageOfPage\":{\"@id\":\"https:\\\/\\\/www.arquimaster.com.ar\\\/web\\\/vivienda-rural-salazar-manuel-cervantes-estudio\\\/#primaryimage\"},\"image\":{\"@id\":\"https:\\\/\\\/www.arquimaster.com.ar\\\/web\\\/vivienda-rural-salazar-manuel-cervantes-estudio\\\/#primaryimage\"},\"thumbnailUrl\":\"https:\\\/\\\/www.arquimaster.com.ar\\\/web\\\/wp-content\\\/uploads\\\/2020\\\/05\\\/vivienda_rural_salazar_slide.jpg\",\"datePublished\":\"2020-05-14T01:53:49+00:00\",\"dateModified\":\"2020-05-14T17:34:44+00:00\",\"description\":\"El esquema de la vivienda pretende eliminar los l\u00edmites del interior con el exterior, generando espacios que se pueden extender seg\u00fan las condiciones clim\u00e1ticas del momento.\",\"breadcrumb\":{\"@id\":\"https:\\\/\\\/www.arquimaster.com.ar\\\/web\\\/vivienda-rural-salazar-manuel-cervantes-estudio\\\/#breadcrumb\"},\"inLanguage\":\"es\",\"potentialAction\":[{\"@type\":\"ReadAction\",\"target\":[\"https:\\\/\\\/www.arquimaster.com.ar\\\/web\\\/vivienda-rural-salazar-manuel-cervantes-estudio\\\/\"]}]},{\"@type\":\"ImageObject\",\"inLanguage\":\"es\",\"@id\":\"https:\\\/\\\/www.arquimaster.com.ar\\\/web\\\/vivienda-rural-salazar-manuel-cervantes-estudio\\\/#primaryimage\",\"url\":\"https:\\\/\\\/www.arquimaster.com.ar\\\/web\\\/wp-content\\\/uploads\\\/2020\\\/05\\\/vivienda_rural_salazar_slide.jpg\",\"contentUrl\":\"https:\\\/\\\/www.arquimaster.com.ar\\\/web\\\/wp-content\\\/uploads\\\/2020\\\/05\\\/vivienda_rural_salazar_slide.jpg\",\"width\":698,\"height\":364},{\"@type\":\"BreadcrumbList\",\"@id\":\"https:\\\/\\\/www.arquimaster.com.ar\\\/web\\\/vivienda-rural-salazar-manuel-cervantes-estudio\\\/#breadcrumb\",\"itemListElement\":[{\"@type\":\"ListItem\",\"position\":1,\"name\":\"Portada\",\"item\":\"https:\\\/\\\/www.arquimaster.com.ar\\\/web\\\/\"},{\"@type\":\"ListItem\",\"position\":2,\"name\":\"Vivienda Rural Salazar \\\/ Manuel Cervantes Estudio\"}]},{\"@type\":\"WebSite\",\"@id\":\"https:\\\/\\\/www.arquimaster.com.ar\\\/web\\\/#website\",\"url\":\"https:\\\/\\\/www.arquimaster.com.ar\\\/web\\\/\",\"name\":\"Arquimaster\",\"description\":\"Web de arquitectura, dise\u00f1o y construccion\",\"publisher\":{\"@id\":\"https:\\\/\\\/www.arquimaster.com.ar\\\/web\\\/#organization\"},\"potentialAction\":[{\"@type\":\"SearchAction\",\"target\":{\"@type\":\"EntryPoint\",\"urlTemplate\":\"https:\\\/\\\/www.arquimaster.com.ar\\\/web\\\/?s={search_term_string}\"},\"query-input\":{\"@type\":\"PropertyValueSpecification\",\"valueRequired\":true,\"valueName\":\"search_term_string\"}}],\"inLanguage\":\"es\"},{\"@type\":\"Organization\",\"@id\":\"https:\\\/\\\/www.arquimaster.com.ar\\\/web\\\/#organization\",\"name\":\"Arquimaster\",\"url\":\"https:\\\/\\\/www.arquimaster.com.ar\\\/web\\\/\",\"logo\":{\"@type\":\"ImageObject\",\"inLanguage\":\"es\",\"@id\":\"https:\\\/\\\/www.arquimaster.com.ar\\\/web\\\/#\\\/schema\\\/logo\\\/image\\\/\",\"url\":\"https:\\\/\\\/www.arquimaster.com.ar\\\/web\\\/wp-content\\\/uploads\\\/2022\\\/06\\\/arquimaster.png\",\"contentUrl\":\"https:\\\/\\\/www.arquimaster.com.ar\\\/web\\\/wp-content\\\/uploads\\\/2022\\\/06\\\/arquimaster.png\",\"width\":594,\"height\":78,\"caption\":\"Arquimaster\"},\"image\":{\"@id\":\"https:\\\/\\\/www.arquimaster.com.ar\\\/web\\\/#\\\/schema\\\/logo\\\/image\\\/\"},\"sameAs\":[\"http:\\\/\\\/www.facebook.com\\\/ARQUIMASTER.com.ar\",\"https:\\\/\\\/x.com\\\/arquimaster\",\"https:\\\/\\\/www.instagram.com\\\/arquimasterblog\\\/\",\"https:\\\/\\\/www.linkedin.com\\\/company\\\/arquimaster\",\"https:\\\/\\\/www.pinterest.com\\\/arquimaster\",\"https:\\\/\\\/t.me\\\/arquimaster\"]},{\"@type\":\"Person\",\"@id\":\"https:\\\/\\\/www.arquimaster.com.ar\\\/web\\\/#\\\/schema\\\/person\\\/359e9f7c00193fcde068e0dd2ceb0028\",\"name\":\"Arquimaster\"}]}<\/script>\n<!-- \/ Yoast SEO plugin. -->","yoast_head_json":{"title":"Vivienda Rural Salazar \/ Manuel Cervantes Estudio - Arquimaster","description":"El esquema de la vivienda pretende eliminar los l\u00edmites del interior con el exterior, generando espacios que se pueden extender seg\u00fan las condiciones clim\u00e1ticas del momento.","robots":{"index":"index","follow":"follow","max-snippet":"max-snippet:-1","max-image-preview":"max-image-preview:large","max-video-preview":"max-video-preview:-1"},"canonical":"https:\/\/www.arquimaster.com.ar\/web\/vivienda-rural-salazar-manuel-cervantes-estudio\/","og_locale":"es_ES","og_type":"article","og_title":"Vivienda Rural Salazar \/ Manuel Cervantes Estudio","og_description":"El esquema de la vivienda pretende eliminar los l\u00edmites del interior con el exterior, generando espacios que se pueden extender seg\u00fan las condiciones clim\u00e1ticas del momento.","og_url":"https:\/\/www.arquimaster.com.ar\/web\/vivienda-rural-salazar-manuel-cervantes-estudio\/","og_site_name":"Arquimaster","article_publisher":"http:\/\/www.facebook.com\/ARQUIMASTER.com.ar","article_published_time":"2020-05-14T01:53:49+00:00","article_modified_time":"2020-05-14T17:34:44+00:00","og_image":[{"width":698,"height":364,"url":"https:\/\/www.arquimaster.com.ar\/web\/wp-content\/uploads\/2020\/05\/vivienda_rural_salazar_slide.jpg","type":"image\/jpeg"}],"author":"Arquimaster","twitter_card":"summary_large_image","twitter_title":"Vivienda Rural Salazar \/ Manuel Cervantes Estudio","twitter_description":"El esquema de la vivienda pretende eliminar los l\u00edmites del interior con el exterior, generando espacios que se pueden extender seg\u00fan las condiciones clim\u00e1ticas del momento.","twitter_image":"https:\/\/www.arquimaster.com.ar\/web\/wp-content\/uploads\/2020\/05\/vivienda_rural_salazar_slide.jpg","twitter_creator":"@arquimaster","twitter_site":"@arquimaster","twitter_misc":{"Escrito por":"Arquimaster","Tiempo de lectura":"1 minuto"},"schema":{"@context":"https:\/\/schema.org","@graph":[{"@type":"Article","@id":"https:\/\/www.arquimaster.com.ar\/web\/vivienda-rural-salazar-manuel-cervantes-estudio\/#article","isPartOf":{"@id":"https:\/\/www.arquimaster.com.ar\/web\/vivienda-rural-salazar-manuel-cervantes-estudio\/"},"author":{"name":"Arquimaster","@id":"https:\/\/www.arquimaster.com.ar\/web\/#\/schema\/person\/359e9f7c00193fcde068e0dd2ceb0028"},"headline":"Vivienda Rural Salazar \/ Manuel Cervantes Estudio","datePublished":"2020-05-14T01:53:49+00:00","dateModified":"2020-05-14T17:34:44+00:00","mainEntityOfPage":{"@id":"https:\/\/www.arquimaster.com.ar\/web\/vivienda-rural-salazar-manuel-cervantes-estudio\/"},"wordCount":274,"publisher":{"@id":"https:\/\/www.arquimaster.com.ar\/web\/#organization"},"image":{"@id":"https:\/\/www.arquimaster.com.ar\/web\/vivienda-rural-salazar-manuel-cervantes-estudio\/#primaryimage"},"thumbnailUrl":"https:\/\/www.arquimaster.com.ar\/web\/wp-content\/uploads\/2020\/05\/vivienda_rural_salazar_slide.jpg","keywords":["Estado de Mexico","Infonavit","Manuel Cervantes Estudio","Mexico","Salazar","vivienda rural","vivienda social","vivienda unifamiliar"],"articleSection":["Proyecto","Vivienda unifamiliar y PH"],"inLanguage":"es"},{"@type":"WebPage","@id":"https:\/\/www.arquimaster.com.ar\/web\/vivienda-rural-salazar-manuel-cervantes-estudio\/","url":"https:\/\/www.arquimaster.com.ar\/web\/vivienda-rural-salazar-manuel-cervantes-estudio\/","name":"Vivienda Rural Salazar \/ Manuel Cervantes Estudio - Arquimaster","isPartOf":{"@id":"https:\/\/www.arquimaster.com.ar\/web\/#website"},"primaryImageOfPage":{"@id":"https:\/\/www.arquimaster.com.ar\/web\/vivienda-rural-salazar-manuel-cervantes-estudio\/#primaryimage"},"image":{"@id":"https:\/\/www.arquimaster.com.ar\/web\/vivienda-rural-salazar-manuel-cervantes-estudio\/#primaryimage"},"thumbnailUrl":"https:\/\/www.arquimaster.com.ar\/web\/wp-content\/uploads\/2020\/05\/vivienda_rural_salazar_slide.jpg","datePublished":"2020-05-14T01:53:49+00:00","dateModified":"2020-05-14T17:34:44+00:00","description":"El esquema de la vivienda pretende eliminar los l\u00edmites del interior con el exterior, generando espacios que se pueden extender seg\u00fan las condiciones clim\u00e1ticas del momento.","breadcrumb":{"@id":"https:\/\/www.arquimaster.com.ar\/web\/vivienda-rural-salazar-manuel-cervantes-estudio\/#breadcrumb"},"inLanguage":"es","potentialAction":[{"@type":"ReadAction","target":["https:\/\/www.arquimaster.com.ar\/web\/vivienda-rural-salazar-manuel-cervantes-estudio\/"]}]},{"@type":"ImageObject","inLanguage":"es","@id":"https:\/\/www.arquimaster.com.ar\/web\/vivienda-rural-salazar-manuel-cervantes-estudio\/#primaryimage","url":"https:\/\/www.arquimaster.com.ar\/web\/wp-content\/uploads\/2020\/05\/vivienda_rural_salazar_slide.jpg","contentUrl":"https:\/\/www.arquimaster.com.ar\/web\/wp-content\/uploads\/2020\/05\/vivienda_rural_salazar_slide.jpg","width":698,"height":364},{"@type":"BreadcrumbList","@id":"https:\/\/www.arquimaster.com.ar\/web\/vivienda-rural-salazar-manuel-cervantes-estudio\/#breadcrumb","itemListElement":[{"@type":"ListItem","position":1,"name":"Portada","item":"https:\/\/www.arquimaster.com.ar\/web\/"},{"@type":"ListItem","position":2,"name":"Vivienda Rural Salazar \/ Manuel Cervantes Estudio"}]},{"@type":"WebSite","@id":"https:\/\/www.arquimaster.com.ar\/web\/#website","url":"https:\/\/www.arquimaster.com.ar\/web\/","name":"Arquimaster","description":"Web de arquitectura, dise\u00f1o y construccion","publisher":{"@id":"https:\/\/www.arquimaster.com.ar\/web\/#organization"},"potentialAction":[{"@type":"SearchAction","target":{"@type":"EntryPoint","urlTemplate":"https:\/\/www.arquimaster.com.ar\/web\/?s={search_term_string}"},"query-input":{"@type":"PropertyValueSpecification","valueRequired":true,"valueName":"search_term_string"}}],"inLanguage":"es"},{"@type":"Organization","@id":"https:\/\/www.arquimaster.com.ar\/web\/#organization","name":"Arquimaster","url":"https:\/\/www.arquimaster.com.ar\/web\/","logo":{"@type":"ImageObject","inLanguage":"es","@id":"https:\/\/www.arquimaster.com.ar\/web\/#\/schema\/logo\/image\/","url":"https:\/\/www.arquimaster.com.ar\/web\/wp-content\/uploads\/2022\/06\/arquimaster.png","contentUrl":"https:\/\/www.arquimaster.com.ar\/web\/wp-content\/uploads\/2022\/06\/arquimaster.png","width":594,"height":78,"caption":"Arquimaster"},"image":{"@id":"https:\/\/www.arquimaster.com.ar\/web\/#\/schema\/logo\/image\/"},"sameAs":["http:\/\/www.facebook.com\/ARQUIMASTER.com.ar","https:\/\/x.com\/arquimaster","https:\/\/www.instagram.com\/arquimasterblog\/","https:\/\/www.linkedin.com\/company\/arquimaster","https:\/\/www.pinterest.com\/arquimaster","https:\/\/t.me\/arquimaster"]},{"@type":"Person","@id":"https:\/\/www.arquimaster.com.ar\/web\/#\/schema\/person\/359e9f7c00193fcde068e0dd2ceb0028","name":"Arquimaster"}]}},"uagb_featured_image_src":{"full":["https:\/\/www.arquimaster.com.ar\/web\/wp-content\/uploads\/2020\/05\/vivienda_rural_salazar_slide.jpg",698,364,false],"thumbnail":["https:\/\/www.arquimaster.com.ar\/web\/wp-content\/uploads\/2020\/05\/vivienda_rural_salazar_slide-150x150.jpg",150,150,true],"medium":["https:\/\/www.arquimaster.com.ar\/web\/wp-content\/uploads\/2020\/05\/vivienda_rural_salazar_slide.jpg",698,364,false],"medium_large":["https:\/\/www.arquimaster.com.ar\/web\/wp-content\/uploads\/2020\/05\/vivienda_rural_salazar_slide.jpg",698,364,false],"large":["https:\/\/www.arquimaster.com.ar\/web\/wp-content\/uploads\/2020\/05\/vivienda_rural_salazar_slide.jpg",698,364,false],"1536x1536":["https:\/\/www.arquimaster.com.ar\/web\/wp-content\/uploads\/2020\/05\/vivienda_rural_salazar_slide.jpg",698,364,false],"2048x2048":["https:\/\/www.arquimaster.com.ar\/web\/wp-content\/uploads\/2020\/05\/vivienda_rural_salazar_slide.jpg",698,364,false]},"uagb_author_info":{"display_name":"Arquimaster","author_link":"https:\/\/www.arquimaster.com.ar\/web\/author\/arquimaster\/"},"uagb_comment_info":0,"uagb_excerpt":"El esquema pretende eliminar los l\u00edmites del interior con el exterior, generando espacios...","_links":{"self":[{"href":"https:\/\/www.arquimaster.com.ar\/web\/wp-json\/wp\/v2\/posts\/55609","targetHints":{"allow":["GET"]}}],"collection":[{"href":"https:\/\/www.arquimaster.com.ar\/web\/wp-json\/wp\/v2\/posts"}],"about":[{"href":"https:\/\/www.arquimaster.com.ar\/web\/wp-json\/wp\/v2\/types\/post"}],"author":[{"embeddable":true,"href":"https:\/\/www.arquimaster.com.ar\/web\/wp-json\/wp\/v2\/users\/1"}],"replies":[{"embeddable":true,"href":"https:\/\/www.arquimaster.com.ar\/web\/wp-json\/wp\/v2\/comments?post=55609"}],"version-history":[{"count":1,"href":"https:\/\/www.arquimaster.com.ar\/web\/wp-json\/wp\/v2\/posts\/55609\/revisions"}],"predecessor-version":[{"id":55625,"href":"https:\/\/www.arquimaster.com.ar\/web\/wp-json\/wp\/v2\/posts\/55609\/revisions\/55625"}],"wp:featuredmedia":[{"embeddable":true,"href":"https:\/\/www.arquimaster.com.ar\/web\/wp-json\/wp\/v2\/media\/55610"}],"wp:attachment":[{"href":"https:\/\/www.arquimaster.com.ar\/web\/wp-json\/wp\/v2\/media?parent=55609"}],"wp:term":[{"taxonomy":"category","embeddable":true,"href":"https:\/\/www.arquimaster.com.ar\/web\/wp-json\/wp\/v2\/categories?post=55609"},{"taxonomy":"post_tag","embeddable":true,"href":"https:\/\/www.arquimaster.com.ar\/web\/wp-json\/wp\/v2\/tags?post=55609"}],"curies":[{"name":"wp","href":"https:\/\/api.w.org\/{rel}","templated":true}]}}